{"administration":"prefidf","administration_name":"Pr\u00e9fecture de la r\u00e9gion \u00cele-de-France","content":"PREFECTURE\nREGION ILE DE\nFRANCE\nRECUEIL DES ACTES\nADMINISTRATIFS SP\u00c9CIAL\nN\u00b0IDF-060-2025-06\nPUBLI\u00c9 LE 30 JUIN 2025\nSommaire\nAgence R\u00e9gionale de Sant\u00e9 / Direction de la D\u00e9mocratie en Sant\u00e9 et\nde la Communication-D\u00e9mocratie Sanitaire\nIDF-2025-06-27-00005 - Arr\u00eat\u00e9 n\u00b0DESCOM-2025/19 portant r\u00e9vision\ndu sch\u00e9ma r\u00e9gional de sant\u00e9 du projet r\u00e9gional de sant\u00e9\nd'\u00cele-de-France 2023-2028 (2 pages) Page 3\n2\nAgence R\u00e9gionale de Sant\u00e9\nIDF-2025-06-27-00005\nArr\u00eat\u00e9 n\u00b0DESCOM-2025/19 portant r\u00e9vision du\nsch\u00e9ma r\u00e9gional de sant\u00e9 du projet r\u00e9gional de\nsant\u00e9 d'\u00cele-de-France 2023-2028\nAgence R\u00e9gionale de Sant\u00e9 - IDF-2025-06-27-00005 - Arr\u00eat\u00e9 n\u00b0DESCOM-2025/19 portant r\u00e9vision du sch\u00e9ma r\u00e9gional de sant\u00e9 du\nprojet r\u00e9gional de sant\u00e9 d'\u00cele-de-France 2023-2028 3\nREPUBLIQUEFRANCAISELibert\u00e9Egalit\u00e9Fraternit\u00e9\ne \u00bb Agence R\u00e9gionale de Sant\u00e9Ile-de-France\n \n \n \n \n \n \n \nAGENCE R\u00c9GIONALE DE SANT\u00c9 \u00ceLE-DE-FRANCE \nARR\u00caT\u00c9 N\u00b0DESCOM-2025/19 \nPORTANT R\u00c9VISION DU SCH\u00c9MA REGIONAL DE SANT\u00c9 DU PROJET R\u00c9GIONAL DE SANT\u00c9 \nD'\u00ceLE-DE-FRANCE 2023-2028 \n \n \nLE DIRECTEUR G\u00c9N\u00c9RAL DE L'AGENCE R\u00c9GIONALE DE SANT\u00c9 D'\u00ceLE-DE-FRANCE \n \n \n \nVU le code de la sant\u00e9 publique, et notamment ses articles L.1434 -1 \u00e0 L.1434 -6 ; R.1434-1 \u00e0 \nR.1434-9 et R.1434-11 ;  \n \nVU le d\u00e9cret du 10 avril 2024 portant nomination de Monsieur Denis ROBIN, Directeur g\u00e9n\u00e9ral de \nl'Agence r\u00e9gionale de sant\u00e9 \u00cele-de-France \u00e0 compter du 29 avril 2024 ; \n \nVU \n \n \nVU  \n \n \n \nVU \n \n \n \nVU \n \n \nVU \n \n \nVU  \n \nl'arr\u00eat\u00e9 n\u00b0DIRNOV-2023/09 publi\u00e9 le 31 octobre 2023 portant adoption du sch\u00e9ma r\u00e9gional de \nsant\u00e9 2023-2028 du projet r\u00e9gional de sant\u00e9 d'\u00cele-de-France ; \n \nl'arr\u00eat\u00e9 n\u00b0DIRNOV-2024/02 publi\u00e9 le 12 janvier 2024 portant modification de l'arr\u00eat\u00e9 \nn\u00b0DIRNOV-2023/09 portant adoption du sch\u00e9ma r\u00e9gional de sant\u00e9 2023 -2028 du projet \nr\u00e9gional de sant\u00e9 d'\u00cele-de-France ;  \n \nl'avis de consultation sur la r\u00e9vision du sch\u00e9ma r\u00e9gional de sant\u00e9 du projet r\u00e9gional de sant\u00e9 \nd'\u00cele-de-France 2023-2028 publi\u00e9 au Recueil des actes administratifs n\u00b0IDF -054-2025-04 le \n24 avril 2025 ; \n \nl'avis de la conf\u00e9rence r\u00e9gionale de la sant\u00e9 et de l'autonomie sur la r\u00e9vision du sch\u00e9ma \nr\u00e9gional de sant\u00e9 du projet r\u00e9gional de sant\u00e9 d'\u00cele-de-France en date du 17 juin 2025 ;  \n \nles avis des conseils d\u00e9partementaux de la citoyennet\u00e9 et de l'autonomie de  Paris, de la \nSeine-et-Marne, des Yvelines, du Val-d'Oise ; \n \nl'avis du Conseil d'administration de l'Agence r\u00e9gionale de sant\u00e9 \u00cele-de-France sur la r\u00e9vision \ndu sch\u00e9ma r\u00e9gional de sant\u00e9 du p rojet r\u00e9gional de sant\u00e9 d'\u00cele -de-France 2023-2028 en date \ndu 26 juin 2025  \n \n \n \n \nARR\u00caTE  \n \n \n \n \n \n \n \n \nAgence R\u00e9gionale de Sant\u00e9 - IDF-2025-06-27-00005 - Arr\u00eat\u00e9 n\u00b0DESCOM-2025/19 portant r\u00e9vision du sch\u00e9ma r\u00e9gional de sant\u00e9 du\nprojet r\u00e9gional de sant\u00e9 d'\u00cele-de-France 2023-2028 4\n2 \n \n \nARTICLE 1er : Le sch\u00e9ma r\u00e9gional de sant\u00e9 r\u00e9vis\u00e9 du projet r\u00e9gional de sant\u00e9 d'\u00cele-de-France 2023-2028 est \narr\u00eat\u00e9 \u00e0 compter de la date de publication du pr\u00e9sent arr\u00eat\u00e9 et est consultable en ligne sur le site de l'Agence \n\u00e0 l'adresse suivante :  \nhttps://www.iledefrance.ars.sante.fr/publication-du-prs-2023-2028 \n \nARTICLE 2  : L'arr\u00eat\u00e9 n\u00b0DIRNOV-2024/02 portant modification de l'arr\u00eat\u00e9 n\u00b0DIRNOV -2023/09 portant \nadoption du sch\u00e9ma r\u00e9gional de sant\u00e9 du projet r\u00e9gional de sant\u00e9 d'\u00cele-de-France 2023-2028 est abrog\u00e9.  \n \nARTICLE 3 : Le sch\u00e9ma r\u00e9gional de sant\u00e9 du projet r\u00e9gional de sant\u00e9 d'\u00cele-de-France 2023 -2028 est \n\u00e9galement consultable au si\u00e8ge de l'Agence r\u00e9gionale de sant\u00e9 \u00cele-de-France, Immeuble le Curve, 13 rue \ndu Landy \u00e0 Saint-Denis, ainsi que dans les d\u00e9l\u00e9gations d\u00e9partementales ;  \n- D\u00e9l\u00e9gation d\u00e9partementale de Paris, Immeuble Le Curve, 13 Rue du Landy \u00e0 Saint -Denis ; \n- D\u00e9l\u00e9gation d\u00e9partementale de Seine-et-Marne,13 avenue Pierre Point \u00e0 Lieusaint ; \n- D\u00e9l\u00e9gation d\u00e9partementale des Yvelines, 143 boulevard de la Reine \u00e0 Versailles ;  \n- D\u00e9l\u00e9gation d\u00e9partementale de l'Essonne, 9-13 avenue du Lac \u00e0 Evry-Courcouronnes ; \n- D\u00e9l\u00e9gation d\u00e9partementale des Hauts-de-Seine, 28 All\u00e9e d'Aquitaine \u00e0 Nanterre ; \n- D\u00e9l\u00e9gation d\u00e9partementale de Seine-Saint-Denis, Immeuble Le Curve, 13 Rue du Landy \u00e0 Saint-Denis ; \n- D\u00e9l\u00e9gation d\u00e9partementale du Val-de-Marne, 25 chemin des Bassins \u00e0 Cr\u00e9teil ; \n- D\u00e9l\u00e9gation d\u00e9partementale du Val-d'Oise, 16 avenue des B\u00e9guines \u00e0 Cergy. \n \nARTICLE 4 : Le pr\u00e9sent arr\u00eat\u00e9 sera publi\u00e9 au recueil des actes administratifs de la pr\u00e9fecture de la r\u00e9gion \n\u00cele-de-France.  \n \nARTICLE 5  : Le pr\u00e9sent arr\u00eat\u00e9 peut faire l'objet d'un recours contentieux aupr\u00e8s du tribunal administratif \nterritorialement comp\u00e9tent dans un d\u00e9lai de deux mois \u00e0 compter de sa publication.  \n \n \n \n \n \n \n \n \n \nFait \u00e0 Saint-Denis, le 27/06/2025 \n \nLe Directeur g\u00e9n\u00e9ral  \nde l'Agence r\u00e9gionale de sant\u00e9 \nd'\u00cele-de-France \n \n \n \nDenis ROBIN  \n \n \n \n \n \nAgence R\u00e9gionale de Sant\u00e9 - IDF-2025-06-27-00005 - Arr\u00eat\u00e9 n\u00b0DESCOM-2025/19 portant r\u00e9vision du sch\u00e9ma r\u00e9gional de sant\u00e9 du\nprojet r\u00e9gional de sant\u00e9 d'\u00cele-de-France 2023-2028 5","date":"2025-06-30","first_seen_on":"2025-06-30T10:33:59+00:00","id":"a0f4d63ff727b783dba1cfb74b65813f6778cb1cf5d1e924f7d30415b01368ec","name":"recueil-idf-060-2025-06-recueil-des-actes-administratifs-special du 30.06.2025","pdf_creation_date":"2025-06-30T10:04:14+00:00","pdf_modification_date":null,"timezone":"Europe/Paris","url":"https://www.prefectures-regions.gouv.fr/ile-de-france/irecontenu/telechargement/128934/950063/file/recueil-idf-060-2025-06-recueil-des-actes-administratifs-special%20du%2030.06.2025.pdf"}
