{"administration":"ppparis","administration_name":"Pr\u00e9fecture de police de Paris","content":"PREFECTUREDE POLICELibert\u00e9Egalit\u00e9Fraternit\u00e9\nfen\nCABINET DU PREFET\nArr\u00eat\u00e9 n\u00b02026-00075\nautorisant la captation, l'enregistrement et la transmission d'images au moyen de cam\u00e9ras \ninstall\u00e9es sur des a\u00e9ronefs \u00e0 Paris \u00e0 l'occasion de manifestations le samedi 17 janvier 2026\nLe pr\u00e9fet de police,\nVu le code de la s\u00e9curit\u00e9 int\u00e9rieure, notamment ses articles L. 242-1 \u00e0 L. \u00a0242-8 et R.\u00a0242-8 \u00e0 \nR. 242-14\u00a0;\nVu le d\u00e9cret n\u00b0 2004-374 modifi\u00e9 du 29 avril 2004 relatif aux pouvoirs des pr\u00e9fets, \u00e0  \nl'organisation et \u00e0 l'action des services de l'Etat dans les r\u00e9gions et d\u00e9partements\u00a0;\nVu l'arr\u00eat\u00e9 du 19 avril 2023 relatif au nombre maximal de cam\u00e9ras install\u00e9es sur des a\u00e9ro -\nnefs  pouvant  \u00eatre  simultan\u00e9ment  utilis\u00e9es  dans  chaque  d\u00e9partement  et  collectivit\u00e9 \nd'outre-mer\u00a0;\nVu l'instruction minist\u00e9rielle NOR IOMD2311883J du 30 avril 2023 relative \u00e0 la proc\u00e9dure  \nd'autorisation des cam\u00e9ras install\u00e9es sur des a\u00e9ronefs pour des missions de police admi -\nnistrative\u00a0;\nVu le d\u00e9cret du 22 octobre 2025 par lequel M. Patrice FAURE, administrateur de l'Etat du  \ntroisi\u00e8me grade, directeur de cabinet du Pr\u00e9sident de la R\u00e9publique, est nomm\u00e9 pr\u00e9fet de  \npolice (groupe I), \u00e0 compter du 23 octobre 2025\u00a0;\nVu la demande en date du 16 janvier 2026 form\u00e9e par la direction de l'ordre public et de  \nla circulation visant \u00e0 obtenir l'autorisation de capter, d'enregistrer et de transmettre des  \nimages au moyen de deux cam\u00e9ras install\u00e9es sur des a\u00e9ronefs t\u00e9l\u00e9-pilot\u00e9s afin d'assurer la  \npr\u00e9vention des atteintes \u00e0 la s\u00e9curit\u00e9 des personnes et des biens, la s\u00e9curit\u00e9 des rassem -\nblements, la pr\u00e9vention d'actes de terrorisme et la r\u00e9gulation des flux de transport \u00e0 Paris \nle samedi 17 janvier 2026 \u00e0 l'occasion de manifestations sur la voie publique\u00a0;\nConsid\u00e9rant que les dispositions du I de l'article L. 242-5 du code de la s\u00e9curit\u00e9 int\u00e9rieure  \npermettent  aux  forces  de  s\u00e9curit\u00e9  int\u00e9rieure,  dans  l'exercice  de  leurs  missions  de \npr\u00e9vention des atteintes \u00e0 l'ordre public et de protection de la s\u00e9curit\u00e9 des personnes et  \ndes biens, de proc\u00e9der \u00e0 la captation, \u00e0 l'enregistrement et \u00e0 la transmission d'images au  \nmoyen  de  cam\u00e9ras  install\u00e9es  sur  des  a\u00e9ronefs  aux  fins  d'assurer  la  pr\u00e9vention  des \natteintes \u00e0 la s\u00e9curit\u00e9 des personnes et des biens, la s\u00e9curit\u00e9 des rassemblements de  \npersonnes sur la voie publique ainsi que l'appui des personnels au sol, en vue de leur  \npermettre de maintenir ou de r\u00e9tablir l'ordre public lorsque ces rassemblements sont  \nsusceptibles d'entra\u00eener des troubles graves \u00e0 l'ordre public, la pr\u00e9vention d'actes de  \nterrorisme et la r\u00e9gulation des flux de transport ;\nConsid\u00e9rant qu'une manifestation revendicative est d\u00e9clar\u00e9e par l'Union Solidaires Paris  \npour  le  samedi  17  janvier  2026  se  tiendra  sur  la  place  Jussieu,  afin  de  \u00ab contester  la \nmanifestation identitaire qui se tiendra le m\u00eame jour et affirmer que Paris n'est pas \u00e0  \neux \u00bb ; qu'en effet, le m\u00eame jour un rassemblement sous la forme d'une marche annuelle  \naux flambeaux d\u00e9clar\u00e9e par l'association Sainte Patronne de Paris se d\u00e9roulera du pont de\n2026-00075 1\n la Tournelle jusqu'au parvis de l'\u00e9glise Saint-Etienne-du-Mont, afin de \u00ab  rendre hommage \u00e0 \nSainte-Genevi\u00e8ve, sainte-patronne de Paris, qui s'\u00e9tait oppos\u00e9e \u00e0 l'invasion des Huns en  \n451 \u00bb ;  que  ces  rassemblements  sont  susceptibles  de  r\u00e9unir  un  nombre  important  de \npersonnes et empruntent des itin\u00e9raires g\u00e9ographiquement proches \u00a0; qu'il existe un risque  \ns\u00e9rieux  que  des  affrontements  aient  lieu  \u00e0  cette  occasion  entre  militants  aux  opinions \nantagonistes et que des troubles \u00e0 l'ordre public soient commis  ; qu'au regard des \u00e9l\u00e9ments  \npr\u00e9cit\u00e9s, il convient d'assurer la s\u00e9curit\u00e9 des personnes, des biens et des rassemblements  \net de pr\u00e9venir les troubles \u00e0 l'ordre public qui pourraient advenir ainsi que de r\u00e9guler les  \nflux de transport aux alentours des rassemblements\u00a0;\nConsid\u00e9rant \u00e9galement que plusieurs attentats ou tentatives d'attentats r\u00e9cents traduisent le \nniveau \u00e9lev\u00e9 de la menace terroriste actuelle en France, dans le cadre du plan VIGIPIRATE  \n\u00ab\u00a0urgence attentat \u00bb en vigueur sur l'ensemble du territoire national\u00a0;\nConsid\u00e9rant que le recours \u00e0 des cam\u00e9ras a\u00e9roport\u00e9es permet de disposer d'une vision en  \ngrand angle tout en limitant l'engagement des forces au sol, et le cas \u00e9ch\u00e9ant, d'organiser de \nmani\u00e8re  r\u00e9active  et  efficace  leur  d\u00e9ploiement  op\u00e9rationnel,  notamment  en  cas  de \nmouvement de foule ou d'actions violentes de groupes d'individus \u00a0; qu'il n'existe pas de  \ndispositif moins intrusif permettant de parvenir aux m\u00eames fins\u00a0;\nConsid\u00e9rant que la demande de la direction de l'ordre public et de la circulation porte sur  \nl'engagement de deux cam\u00e9ras a\u00e9roport\u00e9es qui pourront \u00eatre en vol simultan\u00e9ment en vue \nde  capter,  d'enregistrer  et  de  transmettre  des  images\u00a0;  que  les  aires  survol\u00e9es  sont \nstrictement  limit\u00e9es  aux  zones  o\u00f9  des  troubles  \u00e0  l'ordre  public  sont  susceptibles  de  se \nproduire\u00a0; que  la  dur\u00e9e  de  l'autorisation  demand\u00e9e  n'appara\u00eet  pas  disproportionn\u00e9e  au \nregard des finalit\u00e9s poursuivies\u00a0;\nSur proposition de la direction de l'ordre public et de la circulation,\nARRETE  \u00a0  :      \nArticle 1er \u2013 La captation, l'enregistrement et la transmission d'images par la direction de  \nl'ordre public et de la circulation sont autoris\u00e9s \u00e0 l'occasion des rassemblements susvis\u00e9s le \nsamedi 17 janvier 2026 aux titres de\u00a0:\n- la pr\u00e9vention des atteintes \u00e0 la s\u00e9curit\u00e9 des personnes et des biens\u00a0;\n- la s\u00e9curit\u00e9 des rassemblements\u00a0;\n- la pr\u00e9vention d'actes de terrorisme\u00a0;\n- la r\u00e9gulation des flux de transport.\nArticle  2 \u2013 Le  nombre  maximal  de  cam\u00e9ras  pouvant  proc\u00e9der  simultan\u00e9ment  \u00e0  des \nenregistrements est fix\u00e9 \u00e0 2 cam\u00e9ras embarqu\u00e9es sur des a\u00e9ronefs t\u00e9l\u00e9-pilot\u00e9s.\nArticle 3 \u2013 La pr\u00e9sente autorisation s'applique au p\u00e9rim\u00e8tre g\u00e9ographique figurant sur le plan \nen annexe au pr\u00e9sent arr\u00eat\u00e9.\nArticle 4 \u2013 La pr\u00e9sente autorisation est d\u00e9livr\u00e9e pour le samedi 17 janvier 2026 de 16h00 \u00e0  \n23h00 pour l'ensemble des finalit\u00e9s pr\u00e9cit\u00e9es.\n2026-00075 2\nArticle 5 \u2013 L'information du public est assur\u00e9e par la publication de l'arr\u00eat\u00e9 au recueil des  \nactes administratifs du d\u00e9partement de Paris, sa mise en ligne sur le site internet de la  \npr\u00e9fecture de police ainsi que par une information sur les r\u00e9seaux sociaux.\nArticle 6 \u2013 Le registre mentionn\u00e9 \u00e0 l'article L. 242-4 du code de la s\u00e9curit\u00e9 int\u00e9rieure est  \ntransmis au pr\u00e9fet de police, \u00e0 l'issue de la p\u00e9riode d'autorisation.\nArticle 7 \u2013 Le pr\u00e9fet, directeur du cabinet du pr\u00e9fet de police, et le directeur de l'ordre public \net de la circulation sont charg\u00e9s, chacun en ce qui le concerne, de l'ex\u00e9cution du pr\u00e9sent ar-\nr\u00eat\u00e9 qui entrera en vigueur d\u00e8s son affichage aux portes de la pr\u00e9fecture de police, sera pu-\nbli\u00e9 au recueil des actes administratifs du d\u00e9partement de Paris et consultable sur le site inter-\nnet de la pr\u00e9fecture de police (https://www.prefecturedepolice.interieur.gouv.fr).\nFait \u00e0 Paris, le 16 janvier 2026\n               sign\u00e9 \npour le pr\u00e9fet de police           \n                                                                          Le Pr\u00e9fet, directeur du cabinet\n                                     Baptiste ROLLAND\n2026-00075 3\nAnnexe de l'arr\u00eat\u00e9 n\u00b02026-00075 du 16 janvier 2026\nVOIES ET DELAIS DE RECOURS\n_______________________\nSi vous estimez devoir contester la pr\u00e9sente autorisation, il vous est possible, dans un  \nd\u00e9lai de deux mois \u00e0 compter de la date de son affichage ou de sa publication\u00a0:\n- soit de saisir d'un RECOURS GRACIEUX\nle Pr\u00e9fet de Police\n7/9, boulevard du Palais - 75195 PARIS RP\n- ou de former un RECOURS HIERARCHIQUE\n  aupr\u00e8s du Ministre de l'int\u00e9rieur et des outre-mer\n  Direction des libert\u00e9s publiques et des affaires juridiques\n  place Beauvau - 75008 PARIS\n- soit de saisir d'un RECOURS CONTENTIEUX\nle Tribunal administratif comp\u00e9tent\nAucune de ces voies et recours ne suspend l'application de la pr\u00e9sente d\u00e9cision.\nLes recours GRACIEUX et HIERARCHIQUE doivent \u00eatre \u00e9crits, exposer les arguments ou  \nfaits nouveaux et comprendre la copie de la d\u00e9cision contest\u00e9e.\nLe recours contentieux, qui vise \u00e0 contester la LEGALITE de la pr\u00e9sente d\u00e9cision, doit  \n\u00e9galement \u00eatre \u00e9crit et exposer votre argumentation juridique.\nSi vous n'aviez pas de r\u00e9ponse \u00e0 votre recours GRACIEUX ou HIERARCHIQUE dans un  \nd\u00e9lai de deux mois \u00e0 compter de la r\u00e9ception de votre recours par l'administration, votre  \ndemande devra \u00eatre consid\u00e9r\u00e9e comme rejet\u00e9e (d\u00e9cision implicite de rejet).\nEn cas de rejet des RECOURS GRACIEUX ou HIERARCHIQUE, le Tribunal administratif peut \n\u00eatre saisi d'un recours contentieux dans le d\u00e9lai de deux mois \u00e0 compter de la date de la  \nd\u00e9cision de reje\n2026-00075 4\n\nus DIRECTION DE= ET DE LA CIRCULATION\nKMS\nOF aay NOTRE DAME\nse\u00c0\n2026-00075 5","date":"2026-01-17","first_seen_on":"2026-01-17T13:07:18+00:00","id":"a1e0269b98c4f408040b453449a05ff2bfe36265acf1a99aedf5f18abfcaffd5","name":"Arr\u00eat\u00e9 n\u00b02026-00075 autorisant la captation, l\u2019enregistrement et la transmission d\u2019images au moyen de cam\u00e9ras install\u00e9es sur des a\u00e9ronefs \u00e0 Paris \u00e0 l\u2019occasion de manifestations le samedi 17 janvier 2026","pdf_creation_date":"2026-01-17T11:44:12+00:00","pdf_modification_date":null,"timezone":"Europe/Paris","url":"https://www.prefecturedepolice.interieur.gouv.fr/sites/default/files/Documents/arrete_ndeg2026-00075.pdf"}
