{"administration":"pref30","administration_name":"Pr\u00e9fecture du Gard","content":"PR\u00c9FET\nDU GARD\nRECUEIL DES ACTES\nADMINISTRATIFS SP\u00c9CIAL\n(NOMINATIFS)\nN\u00b030-2025-009\nPUBLI\u00c9 LE 16 JANVIER 2025\nSommaire\nDirection d\u00e9partementale de l'\u00e9conomie, de l'emploi, du travail et des\nsolidarit\u00e9s  /\n30-2024-12-20-00007 - Lettre d\u00e9claration SAP aide au quotidien \u00e0 la\npersonne.93256407 (2 pages) Page 4\n30-2025-01-06-00002 - R\u00e9c\u00e9piss\u00e9 de d\u00e9claration de service \u00e0 la\npersonne DAHMANI Karim937812907 (2 pages) Page 7\n30-2025-12-30-00001 - R\u00e9c\u00e9piss\u00e9 de d\u00e9claration de services \u00e0 la\npersonne TESSIER Florent.928600758 le4 d\u00e9cembre 2024 \u00e0SERNHAC (2\npages) Page 10\n30-2025-12-30-00002 - R\u00e9c\u00e9piss\u00e9 de d\u00e9claration de services \u00e0 la\npersonne VALLE James 934649617 le 18 novembre 2024 \u00e0 GAJAN (2\npages) Page 13\n30-2025-01-02-00006 - R\u00e9c\u00e9piss\u00e9 de d\u00e9claration service \u00e0 la\npersonne MARQUES DA COSTA Oc\u00e9anne (2 pages) Page 16\n30-2025-01-02-00007 - R\u00e9c\u00e9piss\u00e9 de d\u00e9claration services \u00e0 la\npersonne KEMEDJI Jennifer le 12 d\u00e9cembre 2024 \u00e0 St Laurent d'Aigouze\n(2 pages) Page 19\n30-2025-01-02-00008 - R\u00e9c\u00e9piss\u00e9 de d\u00e9claration services \u00e0 la\npersonne KEMEDJI Jennifer le 12 d\u00e9cembre 2024 \u00e0 St Laurent d'Aigouze\n(2 pages) Page 22\n30-2024-12-20-00008 - R\u00e9c\u00e9piss\u00e9 de d\u00e9claration services \u00e0 la\npersonne NOURRY Val\u00e9rie.pdf (2 pages) Page 25\n30-2025-01-02-00005 - R\u00e9c\u00e9piss\u00e9 d\u00e9claration de service \u00e0 la\npersonne MARTIN Anthony (2 pages) Page 28\n30----00002 - R\u00e9c\u00e9piss\u00e9 d\u00e9claration Service \u00e0 la personne  LARDET\nSylvie 937827277  le 30 novembre  2024 \u00e0 Salindres odt.odt (2 pages) Page 31\n30-2024-12-30-00001 - r\u00e9c\u00e9piss\u00e9 d\u00e9claration service \u00e0 la personne\nGOURGEON Marie .938125200 (2 pages) Page 34\nPrefecture du Gard /\n30-2025-01-15-00027 - AP HABILITATION d'une m\u00e9diatrice de\nl'association pour l'accueil des r\u00e9fugi\u00e9s FORUM REFUGIES au CRA de\nNIMES (1 page) Page 37\n30-2025-01-15-00029 - AP habilitation d'une m\u00e9diatrice de l'association\npour l'accueil des r\u00e9fugi\u00e9s FORUM REFUGIES au CRA de n\u00eemes (1\npage) Page 39\n30-2025-01-15-00028 - APhabilitation d'une m\u00e9diatrice de l'association\npour l'accueil des r\u00e9fugi\u00e9s FORUM REFUGIES au CRA de N\u00eemes (1\npage) Page 41\n2\n30-2025-01-15-00023 - Arr\u00eat\u00e9 portant habilitation d'un m\u00e9diateur de\nl'association pour l'accueil des r\u00e9fugi\u00e9s FORUM REFUGIES au centre de\nr\u00e9tention administrative de N\u00eemes (GARD) (1 page) Page 43\n30-2025-01-14-00003 - ARRETE PORTANT HABILITATION d'UNE\nMEDIATRICE DE L' OFII AU CRA DE NIMES (1 page) Page 45\n30-2025-01-15-00024 - Arr\u00eat\u00e9 portant habilitation d'une m\u00e9diatrice de\nl'association pour l'accueil des r\u00e9fugi\u00e9s FORUM REFUGIES au CRA de\nN\u00eemes (1 page) Page 47\nPrefecture du Gard / DCL\n30-2025-01-15-00021 - AP modificatif portant modification de la\ncomposition du CODERST du Gard (5 pages) Page 49\n3\nDirection d\u00e9partementale de l'\u00e9conomie, de\nl'emploi, du travail et des solidarit\u00e9s \n30-2024-12-20-00007\nLettre d\u00e9claration SAP aide au quotidien \u00e0 la\npersonne.93256407\nDirection d\u00e9partementale de l'\u00e9conomie, de l'emploi, du travail et des solidarit\u00e9s  - 30-2024-12-20-00007 - Lettre d\u00e9claration SAP aide\nau quotidien \u00e0 la personne.93256407 4\n| = |\nPREFET  Direction  D\u00e9partementale\nDU GARD  de l'Emploi,  du Travail  et des  Solidarit\u00e9s\nLibert\u00e9\nEgalit\u00e9\nFraternit\u00e9\nR\u00e9c\u00e9piss\u00e9  de d\u00e9claration  n\u00b0 30-2024-12-20-\nd'un  organisme  de services  \u00e0 la personne\nenregistr\u00e9  sous  le n\u00b0 SAP  932564073\nLe pr\u00e9fet  du Gard\nChevalier  de la L\u00e9gion  d'Honneur\nChevalier  de l'Ordre  National  du M\u00e9rite\nVu le code  du travail  et notamment  les articles  L.7231-1  \u00e0 L.7233-2,  R.7232-18  \u00e0 R.7232-24,  D.7231-\n1 et D.7233-1  \u00e0 D.7233-5  ;\nVu l'arr\u00eat\u00e9  du ministre  de l'int\u00e9rieur  et des  outre-mer  du 30 janvier  2024  nommant  Mme  Sophie\nBOUDOT,  attach\u00e9e  d'administration  hors  classe  de l'\u00e9tat,  directrice  d\u00e9partementale,  de l'emploi,  du\ntravail  et des  solidarit\u00e9s  du Gard  ;\nVu l'arr\u00eat\u00e9  du 19 f\u00e9vrier  2024  donnant  d\u00e9l\u00e9gation  de signature  \u00e0 Madame  Sophie  BOUDOT,  directrice\nd\u00e9partementale  de l'emploi,  du travail  et des  solidarit\u00e9s  du Gard  ;\nVu l'arr\u00eat\u00e9  du 21 f\u00e9vrier  2024  portant  subd\u00e9l\u00e9gation  aux  agents  de la direction  d\u00e9partementale  de\nl'emploi,  du travail  et des  solidarit\u00e9s  ;\nVu la circulaire  DGE  du 11 avril  2019  relative  aux  activit\u00e9s  de services  \u00e0 la personne  : d\u00e9claration  et\nagr\u00e9ment  des  organismes  de services  \u00e0 la personne  ;\nConstate  :\nQu'une  d\u00e9claration  d'activit\u00e9s  de services  \u00e0 la personne  a \u00e9t\u00e9 d\u00e9pos\u00e9e  aupr\u00e8s  de la direction\nd\u00e9partementale  de l'emploi,  du travail  et des  solidarit\u00e9s,  le 28 novembre  2024,  par DUFOUR  Val\u00e9rie\nen qualit\u00e9  de responsable,  pour  l'organisme  aide  au quotidien  \u00e0 la personne  Siret  N\u00b0932564073\n00017  dont  l'\u00e9tablissement  principal  est situ\u00e9  au 124  Impasse  de la mouliniere  30260  QUISSAC  et\nenregistr\u00e9e  sous  le n\u00b0 SAP  932564073  pour  les activit\u00e9s  suivantes  :\nActivit\u00e9s  relevant  uniquement  de la d\u00e9claration  en mode  prestataire  :\n\u00a2 Garde  d'enfants  de plus  de 3 ans  \u00e0 domicile\n* Accompagnement  des  enfants  de plus  de 3 ans  dans  leurs  d\u00e9placements\n* Entretien  de la maison  et travaux  m\u00e9nagers\n\u00a2 Pr\u00e9paration  de repas  \u00e0 domicile\n\u00a2 __ Collecte  et livraison  \u00e0 domicile  de linge  repass\u00e9\n* Livraison  de courses  \u00e0 domicile\n+ Maintenance,  entretien  et vigilance  temporaires  \u00e0 domicile\n+ Assistance  administrative  \u00e0 domicile\n\u00ab Assistance  aux  personnes  ayant  besoin  d'une  aide  temporaire  \u00e0 leur  domicile\nToute  modification  concernant  les activit\u00e9s  exerc\u00e9es  devra  faire  l'objet  d'une  d\u00e9claration  modificative\npr\u00e9alable.\nSous  r\u00e9serve  d'\u00eatre  exerc\u00e9es  \u00e0 titre  exclusif  (ou sous  r\u00e9serve  d'une  comptabilit\u00e9  s\u00e9par\u00e9e  pour  les\nMas  de l'Agriculture  \u2014 1120  route  de Saint  Gilles  - BP 39081  - 30972  NIMES  CEDEX  9\nT\u00e9l : 04 30 08 61 20 Fax : 04 30 08 61 21 www.gard.gouv.fr\nDirection d\u00e9partementale de l'\u00e9conomie, de l'emploi, du travail et des solidarit\u00e9s  - 30-2024-12-20-00007 - Lettre d\u00e9claration SAP aide\nau quotidien \u00e0 la personne.93256407 5\npersonnes  morales  dispens\u00e9es  de cette  condition),  ces activit\u00e9s  ouvrent  droit  au b\u00e9n\u00e9fice  des\ndispositions  des articles  L. 7233-2  du code  du travail  et L. 241-10  du code  de la s\u00e9curit\u00e9  sociale  dans\nles conditions  pr\u00e9vues  par ces articles.\nLes effets  de la d\u00e9claration  courent  \u00e0 compter  du jour  du d\u00e9p\u00f4t  de la d\u00e9claration  sous  r\u00e9serve  des\ndispositions  de l'article  R.7232-18  du code  du travail.\nLe pr\u00e9sent  r\u00e9c\u00e9piss\u00e9  est \u00e0 port\u00e9e  nationale  et n'est  pas limit\u00e9  dans  le temps,  \u00e0 l'exception  des\nactivit\u00e9s  relevant  de l'agr\u00e9ment  dont  les effets  sont  limit\u00e9s  \u00e0 5 ans.\nL'enregistrement  de la d\u00e9claration  peut  \u00eatre  retir\u00e9  dans  les conditions  fix\u00e9es  aux articles  R.7232-20  \u00e0\nR.7232-22  du code  du travail.\nLe pr\u00e9sent  r\u00e9c\u00e9piss\u00e9  sera  publi\u00e9  au recueil  des  actes  administratifs  de la pr\u00e9fecture  du Gard.\nFait  \u00e0 N\u00eemes,  le 20 d\u00e9cembre  2024\n| Pour  la directrice  d\u00e9partementale  de l'emploi,\ndu travail  et des  solidarit\u00e9s  du Gafd  et par d\u00e9l\u00e9gationer cteur d\u00e9partemental  adjoint\n\\ \"| \\Renaud MORIN\nLV\nVoies  de recours  :\nLa pr\u00e9sente  d\u00e9cision  peut,  \u00e0 compter  de sa publication,  faire  l'objet  d'un  recours  gracieux  aupr\u00e8s  de la\nDirection  D\u00e9partementale  de l'Emploi,  du Travail  et des  Solidarit\u00e9s-  Mas  de l'Agriculture  \u2014 1120  route\nde Saint  Gilles  \u2014 BP 39081  \u2014 30972  NIMES  CEDEX  9 ou d'un recours  hi\u00e9rarchique  adress\u00e9  au\nministre  charg\u00e9  de l'\u00e9conomie  - Direction  g\u00e9n\u00e9rale  des entreprises  - sous-direction  des services\nmarchands,  6, rue Louise  Weiss,  75703  Paris  cedex13.\nElle peut  \u00e9galement  faire  l'objet  d'un  recours  contentieux  dans  un d\u00e9lai  de deux  mois  \u00e0 compter  de sa\npublication  aupr\u00e8s  du Tribunal  administratif  de N\u00eemes  - 16 avenue  Feuch\u00e8res  - 30000  N\u00eemes.\nLe tribunal  administratif  peut  \u00eatre  saisi  par l'application  informatique  \u00abT\u00e9l\u00e9recours  citoyen\u00bb  accessible\nsur le site  internet  www.telerecours.  fr.\nEn cas de rejet  du recours  gracieux  ou hi\u00e9rarchique  ou en l'absence  de r\u00e9ponse  a ce recours  (rejet\nimplicite),  un recours  contentieux  devant  le tribunal  administratif  peut  \u00e9galement  \u00eatre  form\u00e9  contre  la\nd\u00e9cision  initiale  dans  un d\u00e9lai  de deux  mois  \u00e0 compter  de ce rejet.\nDirection d\u00e9partementale de l'\u00e9conomie, de l'emploi, du travail et des solidarit\u00e9s  - 30-2024-12-20-00007 - Lettre d\u00e9claration SAP aide\nau quotidien \u00e0 la personne.93256407 6\nDirection d\u00e9partementale de l'\u00e9conomie, de\nl'emploi, du travail et des solidarit\u00e9s \n30-2025-01-06-00002\nR\u00e9c\u00e9piss\u00e9 de d\u00e9claration de service \u00e0 la\npersonne DAHMANI Karim937812907\nDirection d\u00e9partementale de l'\u00e9conomie, de l'emploi, du travail et des solidarit\u00e9s  - 30-2025-01-06-00002 - R\u00e9c\u00e9piss\u00e9 de d\u00e9claration de\nservice \u00e0 la personne DAHMANI Karim937812907 7\nPREFET  Direction  D\u00e9partementale\nDU GARD  de l'Emploi,  du Travail  et des  Solidarit\u00e9s\nLibert\u00e9\nEgalit\u00e9\nFraternit\u00e9\nR\u00e9c\u00e9piss\u00e9  de d\u00e9claration  n\u00b0 30-2025-01-06-\nd'un  organisme  de services  \u00e0 la personne\nenregistr\u00e9  sous  le n\u00b0 SAP  937812907\nLe pr\u00e9fet  du Gard\nChevalier  de la L\u00e9gion  d'Honneur\nChevalier  de l'Ordre  National  du M\u00e9rite\nVu le code  du travail  et notamment  les articles  L.7231-1  \u00e0 L.7233-2,  R.7232-18  \u00e0 R.7232-24,  D.7231-\n1 et D.7233-1  \u00e0 D.7233-5  ;\nVu l'arr\u00eat\u00e9  du ministre  de l'Int\u00e9rieur  et des  outre-mer  du 30 janvier  2024  nommant  Mme  Sophie\nBOUDOT,  attach\u00e9e  d'administration  hors  classe  de l'\u00e9tat,  directrice  d\u00e9partementale,  de l'emploi,  du\ntravail  et des  solidarit\u00e9s  du Gard  ;\nVu l'arr\u00eat\u00e9  du 19 f\u00e9vrier  2024  donnant  d\u00e9l\u00e9gation  de signature  \u00e0 Madame  Sophie  BOUDOT,  directrice\nd\u00e9partementale  de l'emploi,  du travail  et des  solidarit\u00e9s  du Gard  ;\nVu l'arr\u00eat\u00e9  du 21 f\u00e9vrier  2024  portant  subd\u00e9l\u00e9gation  aux  agents  de la direction  d\u00e9partementale  de\nl'emploi,  du travail  et des  solidarit\u00e9s  ;\nVu la circulaire  DGE  du 11 avril  2019  relative  aux  activit\u00e9s  de services  \u00e0 la personne  : d\u00e9claration  et\nagr\u00e9ment  des organismes  de services  \u00e0 la personne  ;\nConstate  :\nQu'une  d\u00e9claration  d'activit\u00e9s  de services  \u00e0 la personne  a \u00e9t\u00e9 d\u00e9pos\u00e9e  aupr\u00e8s  de la direction\nd\u00e9partementale  de l'emploi,  du travail  et des  solidarit\u00e9s,  le 06 d\u00e9cembre  2024,  par DAHMANI  Karim\nen qualit\u00e9  de responsable,  pour  l'organisme  DAHMANI  Karim  Siret  N\u00b0937812907  00015  dont\nl'\u00e9tablissement  principal  est situ\u00e9  au 43 rue des  Costi\u00e8res  30900  N\u00eemes  et enregistr\u00e9e  sous  le n\u00b0 SAP\n937812907  pour  les activit\u00e9s  suivantes  :\nActivit\u00e9s  relevant  uniquement  de la d\u00e9claration  en mode  prestataire  :\n+ __ Entretien  de la maison  et travaux  m\u00e9nagers\n+ Petits  travaux  de jardinage\nToute  modification  concernant  les activit\u00e9s  exerc\u00e9es  devra  faire  l'objet  d'une  d\u00e9claration  modificative\npr\u00e9alable.\nSous  r\u00e9serve  d'\u00eatre  exerc\u00e9es  \u00e0 titre  exclusif  (ou sous  r\u00e9serve  d'une  comptabilit\u00e9  s\u00e9par\u00e9e  pour  les\npersonnes  morales  dispens\u00e9es  de cette  condition),  ces  activit\u00e9s  ouvrent  droit  au b\u00e9n\u00e9fice  des\ndispositions  des  articles  L. 7233-2  du code  du travail  et L. 241-10  du code  de la s\u00e9curit\u00e9  sociale  dans\nles conditions  pr\u00e9vues  par ces  articles.\nLes  effets  de la d\u00e9claration  courent  \u00e0 compter  du jour  du d\u00e9p\u00f4t  de la d\u00e9claration  sous  r\u00e9serve  des\ndispositions  de l'article  R.7232-18  du code  du travail.\nMas  de l'Agriculture  - 1120  route  de Saint  Gilles  - BP 39081  - 30972  NIMES  CEDEX  9\nT\u00e9l : 04 30 08 61 20 Fax : 04 30 08 61 21 www.gard.gouv.fr\nDirection d\u00e9partementale de l'\u00e9conomie, de l'emploi, du travail et des solidarit\u00e9s  - 30-2025-01-06-00002 - R\u00e9c\u00e9piss\u00e9 de d\u00e9claration de\nservice \u00e0 la personne DAHMANI Karim937812907 8\nLe pr\u00e9sent  r\u00e9c\u00e9piss\u00e9  est \u00e0 port\u00e9e  nationale  et n'est  pas limit\u00e9  dans  le temps,  \u00e0 l'exception  des\nactivit\u00e9s  relevant  de l'agr\u00e9ment  dont  les effets  sont  limit\u00e9s  \u00e0 5 ans.\nL'enregistrement  de la d\u00e9claration  peut  \u00eatre  retir\u00e9  dans  les conditions  fix\u00e9es  aux  articles  R.7232-20  \u00e0\nR.7232-22  du code  du travail.\nLe pr\u00e9sent  r\u00e9c\u00e9piss\u00e9  sera  publi\u00e9  au recueil  des  actes  administratifs  de la pr\u00e9fecture  du Gard.\nFait  \u00e0 N\u00eemes,  le 06 janvier  2025\nPour  la dire\n_ du travail  et des soltrice d\u00e9partementale  de l'emploi,\nrit\u00e9s  du Gard  et par d\u00e9l\u00e9gation\n> directeur  d\u00e9partemental  adjoint\nRenaud  MORIN\nVoies  de recours  :\nLa pr\u00e9sente  d\u00e9cision  peut,  \u00e0 compter  de sa publication,  faire  l'objet  d'un  recours  gracieux  aupr\u00e8s  de la\nDirection  D\u00e9partementale  de l'Emploi,  du Travail  et des  Solidarit\u00e9s-  Mas  de l'Agriculture  \u2014 1120  route\nde Saint  Gilles  \u2014 BP 39081  \u2014 30972  NIMES  CEDEX  9 ou d'un  recours  hi\u00e9rarchique  adress\u00e9  au\nministre  charg\u00e9  de l'\u00e9conomie  - Direction  g\u00e9n\u00e9rale  des  entreprises  - sous-direction  des  services\nmarchands,  6, rue Louise  Weiss,  75703  Paris  cedex13.\nElle peut  \u00e9galement  faire  l'objet  d'un recours  contentieux  dans  un d\u00e9lai  de deux  mois  \u00e0 compter  de sa\npublication  aupr\u00e8s  du Tribunal  administratif  de N\u00eemes  - 16 avenue  Feuch\u00e8res  - 30000  N\u00eemes.\nLe tribunal  administratif  peut \u00eatre saisi par |' application  informatique  \u00abT\u00e9l\u00e9recours  citoyen\u00bb  accessible\nsur le site  internet  www.telerecours.  fr.\nEn cas de rejet  du recours  gracieux  ou hi\u00e9rarchique  ou en l'absence  de r\u00e9ponse  \u00e0 ce recours  (rejet\nimplicite),  un recours  contentieux  devant  le tribunal  administratif  peut  \u00e9galement  \u00eatre  form\u00e9  contre  la\nd\u00e9cision  initiale  dans  un d\u00e9lai  de deux  mois  \u00e0 compter  de ce rejet.\nDirection d\u00e9partementale de l'\u00e9conomie, de l'emploi, du travail et des solidarit\u00e9s  - 30-2025-01-06-00002 - R\u00e9c\u00e9piss\u00e9 de d\u00e9claration de\nservice \u00e0 la personne DAHMANI Karim937812907 9\nDirection d\u00e9partementale de l'\u00e9conomie, de\nl'emploi, du travail et des solidarit\u00e9s \n30-2025-12-30-00001\nR\u00e9c\u00e9piss\u00e9 de d\u00e9claration de services \u00e0 la\npersonne TESSIER Florent.928600758 le4\nd\u00e9cembre 2024 \u00e0SERNHAC\nDirection d\u00e9partementale de l'\u00e9conomie, de l'emploi, du travail et des solidarit\u00e9s  - 30-2025-12-30-00001 - R\u00e9c\u00e9piss\u00e9 de d\u00e9claration de\nservices \u00e0 la personne TESSIER Florent.928600758 le4 d\u00e9cembre 2024 \u00e0SERNHAC 10\nEn\nPREFET  Direction  D\u00e9partementale\nDU GARD  | de l'Emploi,  du Travail  et des  Solidarit\u00e9s\nLibert\u00e9\n\"Egalit\u00e9\nFraternit\u00e9\nR\u00e9c\u00e9piss\u00e9  de d\u00e9claration  n\u00b0 30-2024-12-30-\nd'un  organisme  de services  \u00e0 la personne\nenregistr\u00e9  sous  le n\u00b0 SAP  928600758\nLe pr\u00e9fet  du Gard\nChevalier  de la L\u00e9gion  d'Honneur\nChevalier  de l'Ordre  National  du M\u00e9rite\nVu le code  du travail  et notamment  les articles  L.7231-1  \u00e0 L.7233-2,  R.7232-18  \u00e0 R.7232-24,  D.7231-\n1 et D.7233-1  \u00e0 D.7233-5  ;\nVu l'arr\u00eat\u00e9  du ministre  de l'Int\u00e9rieur  et des  outre-mer  du 30 janvier  2024  nommant  Mme  Sophie\nBOUDOT,  attach\u00e9e  d'administration  hors  classe  de l'\u00e9tat,  directrice  d\u00e9partementale,  de l'emploi,  du\ntravail  et des  solidarit\u00e9s  du Gard  ;\nVu l'arr\u00eat\u00e9  du 19 f\u00e9vrier  2024  donnant  d\u00e9l\u00e9gation  de signature  \u00e0 Madame  Sophie  BOUDOT,  directrice\nd\u00e9partementale  de l'emploi,  du travail  et des  solidarit\u00e9s  du Gard  ;\nVu l'arr\u00eat\u00e9  du 21 f\u00e9vrier  2024  portant  subd\u00e9l\u00e9gation  aux  agents  de la direction  d\u00e9partementale  de\nl'emploi,  du travail  et des  solidarit\u00e9s  ;\nVu la circulaire  DGE  du 11 avril  2019  relative  aux  activit\u00e9s  de services  \u00e0 la personne  : d\u00e9claration  et\nagr\u00e9ment  des  organismes  de services  \u00e0 la personne  ;\nConstate  :\nQu'une  d\u00e9claration  d'activit\u00e9s  de services  \u00e0 la personne  a \u00e9t\u00e9 d\u00e9pos\u00e9e  aupr\u00e8s  de la direction\nd\u00e9partementale  de l'emploi,  du travail  et des  solidarit\u00e9s,  le 04 d\u00e9cembre  2024,  par Tessier  Florent  en\nqualit\u00e9  de responsable,  pour  l'organisme  Tessier  Florent  siret  N\u00b0928600758  00017  dont\nl'\u00e9tablissement  principal  est situ\u00e9  au 3 Rue  de Ledenon  30210  SERNHAC  et enregistr\u00e9e  sous  le n\u00b0\nSAP  928600758  pour  les activit\u00e9s  suivantes  : |\nActivit\u00e9s  relevant  uniquement  de la d\u00e9claration  en mode  prestataire  :\n\u00a2 Petits  travaux  de jardinage\nToute  modification  concernant  les activit\u00e9s  exerc\u00e9es  devra  faire  l'objet  d'une  d\u00e9claration  modificative\npr\u00e9alable.\nSous  r\u00e9serve  d'\u00eatre  exerc\u00e9es  \u00e0 titre  exclusif  (ou sous  r\u00e9serve  d'une  comptabilit\u00e9  s\u00e9par\u00e9e  pour  les\npersonnes  morales  dispens\u00e9es  de cette  condition),  ces  activit\u00e9s  ouvrent  droit  au b\u00e9n\u00e9fice  des\ndispositions  des  articles  L. 7233-2  du code  du travail  et L. 241-10  du code  de la s\u00e9curit\u00e9  sociale  dans\nles conditions  pr\u00e9vues  par  ces  articles.\nLes  effets  de la d\u00e9claration  courent  \u00e0 compter  du jour  du d\u00e9p\u00f4t  de la d\u00e9claration  sous  r\u00e9serve  des\ndispositions  de l'article  R.7232-18  du code  du travail.\nLe pr\u00e9sent  r\u00e9c\u00e9piss\u00e9  est \u00e0 port\u00e9e  nationale  et n'est  pas  limit\u00e9  dans  le temps,  \u00e0 l'exception  des\nactivit\u00e9s  relevant  de l'agr\u00e9ment  dont  les effets  sont  limit\u00e9s  \u00e0 5 ans.\nMas de l'Agriculture  - 1120 route  de Saint Gilles  - BP 39081  \u2014 30972  NIMES  CEDEX  9\nT\u00e9l : 04 30 08 61 20 Fax : 04 30 08 61 21 www.gard.gouv.fr\nDirection d\u00e9partementale de l'\u00e9conomie, de l'emploi, du travail et des solidarit\u00e9s  - 30-2025-12-30-00001 - R\u00e9c\u00e9piss\u00e9 de d\u00e9claration de\nservices \u00e0 la personne TESSIER Florent.928600758 le4 d\u00e9cembre 2024 \u00e0SERNHAC 11\n_L'enregistrement  de la d\u00e9claration  peut  \u00eatre  retir\u00e9  dans  les conditions  fix\u00e9es  aux  articles  R.7232-20  a\nR.7232-22  du code  du travail.\nLe pr\u00e9sent  r\u00e9c\u00e9piss\u00e9  sera  publi\u00e9  au recueil  des  actes  administratifs  de la pr\u00e9fecture  du Gard.\nFait  a Nimes,  le 30 d\u00e9cembre  2024\n$partementale  de l'emploi,\ndu Gard  et par  d\u00e9l\u00e9gation\neur d\u00e9partemental  adjoint\nK\nRenaud  ORIN- Pour  la directrice  d\ndu travail  et des  solidarit\u00e9\nle dir\nVoies  de recours  :\nLa pr\u00e9sente  d\u00e9cision  peut,  \u00e0 compter  de sa publication,  faire  l'objet  d'un  recours  gracieux  aupr\u00e8s  de la\nDirection  D\u00e9partementale  de l'Emploi,  du Travail  et des  Solidarit\u00e9s-  Mas  de l'Agriculture  \u2014 1120  route\nde Saint  Gilles  \u2014 BP 39081  \u2014 30972  NIMES  CEDEX  9 ou d'un  recours  hi\u00e9rarchique  adress\u00e9  au\nministre  charg\u00e9  de l'\u00e9conomie  - Direction  g\u00e9n\u00e9rale  des  entreprises  - sous-direction  des  services\nmarchands,  6, rue Louise  Weiss,  75703  Paris  cedex13.\nElle  peut  \u00e9galement  faire  l'objet  d'un  recours  contentieux  dans  un d\u00e9lai  de deux  mois  \u00e0 compter  de sa\npublication  aupr\u00e8s  du Tribunal  administratif  de N\u00eemes  - 16 avenue  Feuch\u00e8res  - 30000  N\u00eemes.\nLe tribunal  administratif  peut  \u00eatre'  saisi  par l'application  informatique  \u00abT\u00e9l\u00e9recours  citoyen\u00bb  accessible\nsur le site  internet  www.telerecours.  fr.\nEn cas  de rejet  du recours  gracieux  ou hi\u00e9rarchique  ou en l'absence  de r\u00e9ponse  \u00e0 ce recours  (rejet\nimplicite),  un recours  contentieux  devant  le tribunal  administratif  peut  \u00e9galement  \u00eatre  form\u00e9  contre  la\nd\u00e9cision  initiale  dans  un d\u00e9lai  de deux  mois  \u00e0 compter  de ce rejet.\nDirection d\u00e9partementale de l'\u00e9conomie, de l'emploi, du travail et des solidarit\u00e9s  - 30-2025-12-30-00001 - R\u00e9c\u00e9piss\u00e9 de d\u00e9claration de\nservices \u00e0 la personne TESSIER Florent.928600758 le4 d\u00e9cembre 2024 \u00e0SERNHAC 12\nDirection d\u00e9partementale de l'\u00e9conomie, de\nl'emploi, du travail et des solidarit\u00e9s \n30-2025-12-30-00002\nR\u00e9c\u00e9piss\u00e9 de d\u00e9claration de services \u00e0 la\npersonne VALLE James 934649617 le 18\nnovembre 2024 \u00e0 GAJAN\nDirection d\u00e9partementale de l'\u00e9conomie, de l'emploi, du travail et des solidarit\u00e9s  - 30-2025-12-30-00002 - R\u00e9c\u00e9piss\u00e9 de d\u00e9claration de\nservices \u00e0 la personne VALLE James 934649617 le 18 novembre 2024 \u00e0 GAJAN 13\nPREFET  Direction  D\u00e9partementale\nDU GARD  de l'Emploi,  du Travail  et des  Solidarit\u00e9s\nLibert\u00e9\nEgalit\u00e9\nFraternit\u00e9\nR\u00e9c\u00e9piss\u00e9  de d\u00e9claration  n\u00b0 30-2024-12-30-\nd'un  organisme  de services  a la personne\nenregistr\u00e9  sous  le n\u00b0 SAP  934649617\nLe pr\u00e9fet  du Gard\nChevalier  de la L\u00e9gion  d'Honneur\nChevalier  de l'Ordre  National  du M\u00e9rite\nVu le code  du travail  et notamment  les articles  L.7231-1  \u00e0 L.7233-2,  R.7232-18  \u00e0 R.7232-24,  D.7231-\n1 et D.7233-1  \u00e0 D.7233-5  ;\nVu l'arr\u00eat\u00e9  du ministre  de l'Int\u00e9rieur  et des  outre-mer  du 30 janvier  2024  nommant  Mme  Sophie\nBOUDOT,  attach\u00e9e  d'administration  hors  classe  de l'\u00e9tat,  directrice  d\u00e9partementale,  de l'emploi,  du\ntravail  et des  solidarit\u00e9s  du Gard  ;\nVu l'arr\u00eat\u00e9  du 19 f\u00e9vrier  2024  donnant  d\u00e9l\u00e9gation  de signature  \u00e0 Madame  Sophie  BOUDOT,  directrice\nd\u00e9partementale  de l'emploi,  du travail  et des  solidarit\u00e9s  du Gard  ;\nVu l'arr\u00eat\u00e9  du 21 f\u00e9vrier  2024  portant  subd\u00e9l\u00e9gation  aux  agents  de la direction  d\u00e9partementale  de\nl'emploi,  du travail  et des  solidarit\u00e9s  ;\nVu la circulaire  DGE  du 11 avril  2019  relative  aux  activit\u00e9s  de services  \u00e0 la personne  : d\u00e9claration  et\nagr\u00e9ment  des  organismes  de services  \u00e0 la personne  ;\nConstate  :\nQu'une  d\u00e9claration  d'activit\u00e9s  de services  \u00e0 la personne  a \u00e9t\u00e9 d\u00e9pos\u00e9e  aupr\u00e8s  de la direction\nd\u00e9partementale  de l'emploi,  du travail  et des solidarit\u00e9s,  le 18 novembre  2024,  par James  Vall\u00e9  en\nqualit\u00e9  de responsable,  pour  l'organisme  James  vall\u00e9  siret  N\u00b0934649617  00016  dont  l'\u00e9tablissement\nprincipal  est situ\u00e9  au18  Place  De la mairie  30730  Gajan  et enregistr\u00e9e  sous  le n\u00b0 SAP  934649617\npour  les activit\u00e9s  suivantes  :\nActivit\u00e9s  relevant  uniquement  de la d\u00e9claration  en mode  prestataire  :\n* Petits  travaux  de jardinage\n\u00a2 Travaux  de petit  bricolage\nToute  modification  concernant  les activites  exerc\u00e9es  devra  faire  l'objet  d'une  d\u00e9claration  modificative\npr\u00e9alable.\nSous  r\u00e9serve  d'\u00eatre  exerc\u00e9es  \u00e0 titre  exclusif  (ou sous  r\u00e9serve  d'une  comptabilit\u00e9  s\u00e9par\u00e9e  pour  les\npersonnes  morales  dispens\u00e9es  de cette  condition),  ces  activit\u00e9s  ouvrent  droit  au b\u00e9n\u00e9fice  des\ndispositions  des  articles  L. 7233-2  du code  du travail  et L. 241-10  du code  de la s\u00e9curit\u00e9  sociale  dans\nles conditions  pr\u00e9vues  par ces articles.\nLes  effets  de la d\u00e9claration  courent  \u00e0 compter  du jour  du d\u00e9p\u00f4t  de la d\u00e9claration  sous  r\u00e9serve  des\ndispositions  de l'article  R.7232-18  du code  du travail.\nLe pr\u00e9sent  r\u00e9c\u00e9piss\u00e9  est \u00e0 port\u00e9e  nationale  et n'est pas limit\u00e9 dans le temps,  \u00e0 | l'exception  des\nMas  de l'Agriculture  - 1120  route  de Saint  Gilles  - BP 39081  - 30972  NIMES  CEDEX  9\nT\u00e9l : 04 30 08 61 20 Fax : 04 30 08 61 21 www.gard.gouv.fr\nDirection d\u00e9partementale de l'\u00e9conomie, de l'emploi, du travail et des solidarit\u00e9s  - 30-2025-12-30-00002 - R\u00e9c\u00e9piss\u00e9 de d\u00e9claration de\nservices \u00e0 la personne VALLE James 934649617 le 18 novembre 2024 \u00e0 GAJAN 14\nactivit\u00e9s  relevant  de l'agr\u00e9ment  dont  les effets  sont  limit\u00e9s  a 5 ans.\nL'enregistrement  de la d\u00e9claration  peut  \u00eatre  retir\u00e9  dans  les conditions  fix\u00e9es  aux  articles  R.7232-20  \u00e0\nR.7232-22  du code  du travail.\nLe pr\u00e9sent  r\u00e9c\u00e9piss\u00e9  sera  publi\u00e9  au recueil  des  actes  administratifs  de la pr\u00e9fecture  du Gard.\nFait  \u00e0 N\u00eemes,  le 30 d\u00e9cembre  2024\nPour la directrice  d\u00e9p: ementale  de l'emploi,\ndu travail  et des  solidarit\u00e9s  du\\Gard  et par d\u00e9l\u00e9gation\nle directeur  d\u00e9partemental  adjoint\nIN\nRenaud  \u00e0\n|\nVoies  de recours  :\nLa pr\u00e9sente  d\u00e9cision  peut,  \u00e0 compter  de sa publication,  faire  l'objet  d'un  recours  gracieux  aupr\u00e8s  de la\nDirection  D\u00e9partementale  de l'Emploi,  du Travail  et des  Solidarit\u00e9s-  Mas  de l'Agriculture  \u2014 1120  route\nde Saint  Gilles  \u2014 BP 39081  \u2014 30972  NIMES  CEDEX  9 ou d'un  recours  hi\u00e9rarchique  adress\u00e9  au\nministre  charg\u00e9  de l'\u00e9conomie  - Direction  g\u00e9n\u00e9rale  des  entreprises  - sous-direction  des  services\nmarchands,  6, : rue Louise  Weiss,  75703  Paris  cedex13.\nElle peut  \u00e9galement  faire  l'objet  d'un  recours  contentieux  dans  un d\u00e9lai  de deux  mois  \u00e0 compter  de sa\n_ publication  aupr\u00e8s  du Tribunal  administratif  de Nimes  - 16 avenue  Feuch\u00e9res  - 30000  Nimes.\nLe tribunal  administratif  peut  \u00eatre  saisi  par l'application  informatique  \u00abT\u00e9l\u00e9recours  citoyen\u00bb  accessible\nsur le site  internet  www.telerecours.fr.\nEn cas  de rejet  du recours  gracieux  ou hi\u00e9rarchique  ou en l'absence  de r\u00e9ponse  \u00e0 ce recours  (rejet\nimplicite),  un recours  contentieux  devant  le tribunal  administratif  peut  \u00e9galement  \u00eatre  form\u00e9  contre  la\nd\u00e9cision  initiale  dans  un d\u00e9lai  de deux  mois  \u00e0 compter  de ce rejet.\nDirection d\u00e9partementale de l'\u00e9conomie, de l'emploi, du travail et des solidarit\u00e9s  - 30-2025-12-30-00002 - R\u00e9c\u00e9piss\u00e9 de d\u00e9claration de\nservices \u00e0 la personne VALLE James 934649617 le 18 novembre 2024 \u00e0 GAJAN 15\nDirection d\u00e9partementale de l'\u00e9conomie, de\nl'emploi, du travail et des solidarit\u00e9s \n30-2025-01-02-00006\nR\u00e9c\u00e9piss\u00e9 de d\u00e9claration service \u00e0 la personne\nMARQUES DA COSTA Oc\u00e9anne\nDirection d\u00e9partementale de l'\u00e9conomie, de l'emploi, du travail et des solidarit\u00e9s  - 30-2025-01-02-00006 - R\u00e9c\u00e9piss\u00e9 de d\u00e9claration\nservice \u00e0 la personne MARQUES DA COSTA Oc\u00e9anne 16\nPREFET  \u00a9 Direction  D\u00e9partementale\nDU GARD  de l'Emploi,  du Travail  et des  Solidarit\u00e9s\nLibert\u00e9\nEgalit\u00e9\nFraternit\u00e9\nR\u00e9c\u00e9piss\u00e9  de d\u00e9claration  n\u00b0 30-2025-01-02-\nd'un  organisme  de services  \u00e0 la personne\nenregistr\u00e9  sous  le n\u00b0 SAP  927839316\nLe pr\u00e9fet  du Gard\nChevalier  de la L\u00e9gion  d'Honneur\nChevalier  de l'Ordre  National  du M\u00e9rite\nVu le code  du travail  et notamment  les articles  L.7231-1  \u00e0 L.7233-2,  R.7232-18  \u00e0 R.7232-24,  D.7231-\n1 et D.7233-1  \u00e0 D.7233-5  ;\nVu l'arr\u00eat\u00e9  du ministre  de l'Int\u00e9rieur  et des  outre-mer  du 30 janvier  2024  nommant  Mme  Sophie\nBOUDOT,  attach\u00e9e  d'administration  hors  classe  de l'\u00e9tat,  directrice  d\u00e9partementale,  de l'emploi,  du\ntravail  et des  solidarit\u00e9s  du Gard  ;\nVu l'arr\u00eat\u00e9  du 19 f\u00e9vrier  2024  donnant  d\u00e9l\u00e9gation  de signature  \u00e0 Madame  Sophie  BOUDOT,  directrice\nd\u00e9partementale  de l'emploi,  du travail  et des  solidarit\u00e9s  du Gard  ;\nVu l'arr\u00eat\u00e9  du 21 f\u00e9vrier  2024  portant  subd\u00e9l\u00e9gation  aux agents  de la direction  d\u00e9partementale  de\nl'emploi,  du travail  et des solidarit\u00e9s  ;\nVu la circulaire  DGE  du 11 avril  2019  relative  aux  activit\u00e9s  de services  \u00e0 la personne  : d\u00e9claration  et\nagr\u00e9ment  des  organismes  de services  \u00e0 la personne  ;\nConstate  :\nQu'une  d\u00e9claration  d'activit\u00e9s  de services  \u00e0 la personne  a \u00e9t\u00e9 d\u00e9pos\u00e9e  aupr\u00e8s  de la direction\nd\u00e9partementale  de l'emploi,  du travail  et des  solidarit\u00e9s,  le 02 d\u00e9cembre  2024,  par Marques  Da Costa\nOc\u00e9anne  en qualit\u00e9  de responsable,  pour  l'organisme  Marques  Da Costa  Oc\u00e9anne  Siret\nN\u00b0927839316  00019  dont  l'\u00e9tablissement  principal  est situ\u00e9  au 1 rue schoeurer  Kestner  30740  LE\nCAILAR  et enregistr\u00e9e  sous  le n\u00b0 SAP  927839316  pour  les activit\u00e9s  suivantes  :\nActivit\u00e9s  relevant  uniquement  de la d\u00e9claration  en mode  prestataire  :\n\u00b0__ Entretien  de la maison  et travaux  m\u00e9nagers\n\u00a2 Petits  travaux  de jardinage\nToute  modification  concernant  les activit\u00e9s  exerc\u00e9es  devra  faire  l'objet  d'une  d\u00e9claration  modificative\npr\u00e9alable.  ; .\nSous  r\u00e9serve  d'\u00eatre  exerc\u00e9es  \u00e0 titre  exclusif  (ou sous  r\u00e9serve  d'une  comptabilit\u00e9  s\u00e9par\u00e9e  pour  les\npersonnes  morales  dispens\u00e9es  de cette  condition),  ces  activit\u00e9s  ouvrent  droit  au b\u00e9n\u00e9fice  des\ndispositions  des  articles  L. 7233-2  du code  du travail  et L. 241-10  du code  de la s\u00e9curit\u00e9  sociale  dans\nles conditions  pr\u00e9vues  par ces  articles.\nLes  effets  de la d\u00e9claration  courent  \u00e0 compter  du jour  du d\u00e9p\u00f4t  de la d\u00e9claration  sous  r\u00e9serve  des\ndispositions  de l'article  R.7232-18  du code  du travail.\nLe pr\u00e9sent  r\u00e9c\u00e9piss\u00e9  est \u00e0 port\u00e9e  nationale  et n'est  pas  limit\u00e9  dans  le temps,  \u00e0 l'exception  des\nMas  de l'Agriculture  - 1120  route  de Saint  Gilles  \u2014 BP 39081  \u2014- 30972  NIMES  CEDEX  9\nT\u00e9l : 04 30 08 61 20 Fax : 04 30 08 61 21 www.gard.gouv.fr\nDirection d\u00e9partementale de l'\u00e9conomie, de l'emploi, du travail et des solidarit\u00e9s  - 30-2025-01-02-00006 - R\u00e9c\u00e9piss\u00e9 de d\u00e9claration\nservice \u00e0 la personne MARQUES DA COSTA Oc\u00e9anne 17\nactivit\u00e9s  relevant  de I' agr\u00e9ment  dont les effets sont limit\u00e9s  \u00e0 5 ans.\nL'enregistrement  de la d\u00e9claration  peut \u00eatre retir\u00e9 dans les conditions  fix\u00e9es  aux articles  R. 7232- 20 \u00e0\nR.7232-22  du code  du travail.\nLe pr\u00e9sent  r\u00e9c\u00e9piss\u00e9  sera  publi\u00e9  au recueil  des actes  administratifs  de la pr\u00e9fecture  du Gard.\n_ Fait  \u00e0 Nimes,  le 02 janvier  2025\nPour  la directrice  d\u00e9partementale  de l'emploi,\ndu travail  et des solidarit\u00e9s  du Gard  et par d\u00e9l\u00e9gation\nle directeui  d\u00e9\n| Le,\n/ Renaud  MORIN\nor\nVoies  de recours  :\nLa pr\u00e9sente  d\u00e9cision  peut,  \u00e0 compter  de sa publication,  faire  l'objet  d'un  recours  gracieux  aupr\u00e8s  de la\nDirection  D\u00e9partementale  de l'Emploi,  du Travail  et des  Solidarit\u00e9s-  Mas  de l'Agriculture  \u2014 1120  route\nde Saint  Gilles  \u2014 BP 39081  \u2014 30972  NIMES  CEDEX  9 ou d'un recours  hi\u00e9rarchique  adress\u00e9  au\nministre  charg\u00e9  de l'\u00e9conomie  - Direction  g\u00e9n\u00e9rale  des  entreprises  - sous-direction  des  services\nmarchands,  6, rue Louise  Weiss,  75703  Paris  cedex13.\nElle peut  \u00e9galement  faire  l'objet  d'un  recours  contentieux  dans  un d\u00e9lai  de deux  mois  \u00e0 compter  de sa\npublication  aupr\u00e8s  du Tribunal  administratif  de N\u00eemes  - 16 avenue  Feuch\u00e8res  - 30000  N\u00eemes.\nLe tribunal  administratif  peut  \u00eatre  saisi  par l'application  informatique  \u00abT\u00e9l\u00e9recours  citoyen\u00bb  accessible\nsur le site  internet  www.telerecours.  fr.\nEn cas de rejet  du recours  gracieux  ou hi\u00e9rarchique  ou en l'absence  de r\u00e9ponse  \u00e0 ce recours  (rejet\nimplicite),  un recours  contentieux  devant  le tribunal  administratif  peut  \u00e9galement  \u00eatre  form\u00e9  contre  la\nd\u00e9cision  initiale  dans  un d\u00e9lai  de deux  mois  \u00e0 compter  de ce rejet.\nDirection d\u00e9partementale de l'\u00e9conomie, de l'emploi, du travail et des solidarit\u00e9s  - 30-2025-01-02-00006 - R\u00e9c\u00e9piss\u00e9 de d\u00e9claration\nservice \u00e0 la personne MARQUES DA COSTA Oc\u00e9anne 18\nDirection d\u00e9partementale de l'\u00e9conomie, de\nl'emploi, du travail et des solidarit\u00e9s \n30-2025-01-02-00007\nR\u00e9c\u00e9piss\u00e9 de d\u00e9claration services \u00e0 la personne\nKEMEDJI Jennifer le 12 d\u00e9cembre 2024 \u00e0 St\nLaurent d'Aigouze\nDirection d\u00e9partementale de l'\u00e9conomie, de l'emploi, du travail et des solidarit\u00e9s  - 30-2025-01-02-00007 - R\u00e9c\u00e9piss\u00e9 de d\u00e9claration\nservices \u00e0 la personne KEMEDJI Jennifer le 12 d\u00e9cembre 2024 \u00e0 St Laurent d'Aigouze 19\nPREFET  Direction  D\u00e9partementale\nDU GARD  de l'Emploi,  du Travail  et des  Solidarit\u00e9s\nLibert\u00e9\nEgalit\u00e9\nFraternit\u00e9\nR\u00e9c\u00e9piss\u00e9  de d\u00e9claration  n\u00b0 30-2025-01-02-  00002\nd'un  organisme  de services  a la personne\nenregistr\u00e9  sous  le n\u00b0 SAP  938063625\nLe pr\u00e9fet  du Gard\nChevalier  de la L\u00e9gion  d'Honneur\nChevalier  de l'Ordre  National  du M\u00e9rite\nVu le code  du travail  et notamment  les articles  L.7231-1  \u00e0 L.7233-2,  R.7232-18  \u00e0 R.7232-24,  D.7231-\n1 et D.7233-1  \u00e0 D.7233-5;  \u2014\nVu l'arr\u00eat\u00e9  du ministre  de l'Int\u00e9rieur  et des  outre-mer  du 30 janvier  2024  nommant  Mme  Sophie\nBOUDOT,  attach\u00e9e  d'administration  hors  classe  de l'\u00e9tat,  directrice  d\u00e9partementale,  de l'emploi,  du\ntravail  et des  solidarit\u00e9s  du Gard  ;\nVu l'arr\u00eat\u00e9  du 19 f\u00e9vrier  2024  donnant  d\u00e9l\u00e9gation  de signature  \u00e0 Madame  Sophie  BOUDOT,  directrice\nd\u00e9partementale  de l'emploi,  du travail  et des  solidarit\u00e9s  du Gard  ;\nVu l'arr\u00eat\u00e9  du 21 f\u00e9vrier  2024  portant  subd\u00e9l\u00e9gation  aux  agents  de la direction  d\u00e9partementale  de\nl'emploi,  du travail  et des  solidarit\u00e9s  ; :\nVu la circulaire  DGE  du 11 avril 2019  relative  aux activit\u00e9s  de services  \u00e0 la personne  : d\u00e9claration  et\nagr\u00e9ment  des  organismes  de services  \u00e0 la personne  ;\nConstate  :\nQu'une  d\u00e9claration  d'activit\u00e9s  de services  \u00e0 la personne  a \u00e9t\u00e9 d\u00e9pos\u00e9e  aupr\u00e8s  de la direction\nd\u00e9partementale  de l'emploi,  du travail  et des  solidarit\u00e9s,  le 12 d\u00e9cembre  2024,  par JENNIFER\nKEMEDJI  en qualit\u00e9  de responsable,  pour  l'organisme  JENNIFER  KEMEDJI  Siret  N\u00b0927839316\n00019  dont  l'\u00e9tablissement  principal  est situ\u00e9  au 4 Mas  saint  fiacre  route  des  SAINTE  MARIE  DE LA\nMER  30220  Saint-Laurent-d'Aigouze  et enregistr\u00e9e  sous  le n\u00b0 SAP  938063625  pour  les activit\u00e9s\nsuivantes  :\nActivit\u00e9s  relevant  uniquement  de la d\u00e9claration  en mode  prestataire  :\n\u00b0 Entretien  de la maison  et travaux  m\u00e9nagers\n\u00b0__ Collecte  et livraison  \u00e0 domicile  de linge  repass\u00e9\nToute  modification  concernant  les activit\u00e9s  exerc\u00e9es  devra  faire  l'objet  d'une  d\u00e9claration  modificative\npr\u00e9alable.\nSous  r\u00e9serve  d'\u00eatre  exerc\u00e9es  \u00e0 titre  exclusif  (ou sous  r\u00e9serve  d'une  comptabilit\u00e9  s\u00e9par\u00e9e  pour  les\npersonnes  morales  dispens\u00e9es  de cette  condition),  ces  activit\u00e9s  ouvrent  droit  au b\u00e9n\u00e9fice  des\ndispositions  des  articles  L. 7233-2  du code  du travail  et L. 241-10  du code  de la s\u00e9curit\u00e9  sociale  dans\nles conditions  pr\u00e9vues  par ces  articles.\nLes  effets  de la d\u00e9claration  courent  \u00e0 compter  du jour  du d\u00e9p\u00f4t  de la d\u00e9claration  sous  r\u00e9serve  des\ndispositions  de l'article  R.7232-18  du code  du travail.\nMas de l'Agriculture  - 1120 route de Saint Gilles  - BP 39081  - 30972  NIMES  CEDEX  9\nT\u00e9l : 04 30 08 61 20 Fax : 04 30 08 61 21 www.gard.gouv.fr\nDirection d\u00e9partementale de l'\u00e9conomie, de l'emploi, du travail et des solidarit\u00e9s  - 30-2025-01-02-00007 - R\u00e9c\u00e9piss\u00e9 de d\u00e9claration\nservices \u00e0 la personne KEMEDJI Jennifer le 12 d\u00e9cembre 2024 \u00e0 St Laurent d'Aigouze 20\nLe pr\u00e9sent  r\u00e9c\u00e9piss\u00e9  est a port\u00e9e  nationale  et n'est  pas  limit\u00e9  dans  le temps,  a l'exception  des\nactivit\u00e9s  relevant  de l'agr\u00e9ment  dont  les effets  sont  limit\u00e9s  \u00e0 5 ans.\nL'enregistrement  de la d\u00e9claration  peut  \u00e9tre retir\u00e9  dans  les conditions  fix\u00e9es  aux articles  R.7232-20  a\nR.7232-22  du code  du travail.\nLe pr\u00e9sent  r\u00e9c\u00e9piss\u00e9  sera  publi\u00e9  au recueil  des  actes  administratifs  de la pr\u00e9fecture  du Gard.\nFait  \u00e0 N\u00eemes,  le 02 janvier  2025\nPour  la directri\ndu travail  et des  solidari\nle did\u00e9partementale  de l'emploi,\n2s du Gard  et par d\u00e9l\u00e9gation\nteur  d\u00e9partemental  adjoint\nanon\n/\n|\nVoies  de recours  :\nLa pr\u00e9sente  d\u00e9cision  peut,  \u00e0 compter  de sa publication,  faire  l'objet  d'un  recours  gracieux  aupr\u00e8s  de la\nDirection  D\u00e9partementale  de l'Emploi,  du Travail  et des  Solidarit\u00e9s-  Mas  de l'Agriculture  \u2014 1120  route\nde Saint  Gilles  \u2014 BP 39081  \u2014 30972  NIMES  CEDEX  9 ou d'un  recours  hi\u00e9rarchique  adress\u00e9  au\nministre  charg\u00e9  de l'\u00e9conomie  - Direction  g\u00e9n\u00e9rale  des  entreprises  - sous-direction  des  services\nmarchands,  6, rue Louise  Weiss,  75703  Paris  cedex13.\nElle  peut  \u00e9galement  faire  l'objet  d'un  recours  contentieux  dans  un d\u00e9lai  de deux  mois  \u00e0 compter  de sa\npublication  aupr\u00e8s  du Tribunal  administratif  de Nimes  - 16 avenue  Feuch\u00e8res  - 30000  Nimes.\nLe tribunal  administratif  peut  \u00eatre  saisi  par l'application  informatique  \u00abT\u00e9l\u00e9recours  citoyen\u00bb  accessible\nsur le site  internet  www.telerecours.fr.\nEn cas de rejet  du recours  gracieux  ou hi\u00e9rarchique  ou en l'absence  de r\u00e9ponse  \u00e0 ce recours  (rejet\nimplicite),  un recours  contentieux  devant  le tribunal  administratif  peut  \u00e9galement  \u00eatre  form\u00e9  contre  la\nd\u00e9cision  initiale  dans  un d\u00e9lai  de deux  mois  \u00e0 compter  de ce rejet.\nDirection d\u00e9partementale de l'\u00e9conomie, de l'emploi, du travail et des solidarit\u00e9s  - 30-2025-01-02-00007 - R\u00e9c\u00e9piss\u00e9 de d\u00e9claration\nservices \u00e0 la personne KEMEDJI Jennifer le 12 d\u00e9cembre 2024 \u00e0 St Laurent d'Aigouze 21\nDirection d\u00e9partementale de l'\u00e9conomie, de\nl'emploi, du travail et des solidarit\u00e9s \n30-2025-01-02-00008\nR\u00e9c\u00e9piss\u00e9 de d\u00e9claration services \u00e0 la personne\nKEMEDJI Jennifer le 12 d\u00e9cembre 2024 \u00e0 St\nLaurent d'Aigouze\nDirection d\u00e9partementale de l'\u00e9conomie, de l'emploi, du travail et des solidarit\u00e9s  - 30-2025-01-02-00008 - R\u00e9c\u00e9piss\u00e9 de d\u00e9claration\nservices \u00e0 la personne KEMEDJI Jennifer le 12 d\u00e9cembre 2024 \u00e0 St Laurent d'Aigouze 22\nPREFET  | Direction  D\u00e9partementale\nDU GARD  de l'Emploi,  du Travail  et des  Solidarit\u00e9s\nLibert\u00e9\n\u00c9galit\u00e9\nFraternit\u00e9\nR\u00e9c\u00e9piss\u00e9  de d\u00e9claration  n\u00b0 30-2025-01-02-\nd'un  organisme  de services  \u00e0 la personne\nenregistr\u00e9  sous  le n\u00b0 SAP  938063625\nLe pr\u00e9fet  du Gard\nChevalier  de la L\u00e9gion  d'Honneur\nChevalier  de l'Ordre  National  du M\u00e9rite\nVu le code  du travail  et notamment  les articles  L.7231-1  \u00e0 L.7233-2,  R.7232-18  \u00e0 R.7232-24,  D.7231-\n1 et D.7233-1  \u00e0 D.7233-5  ;\nVu l'arr\u00e9t\u00e9  du ministre  de l'Int\u00e9rieur  et des outre-mer  du 30 janvier  2024  nommant  Mme  Sophie\nBOUDOT,  attach\u00e9e  d'administration  hors  classe  de l'\u00e9tat,  directrice  d\u00e9partementale,  de l'emploi,  du\ntravail  et des  solidarit\u00e9s  du Gard  ;\nVu l'arr\u00eat\u00e9  du 19 f\u00e9vrier  2024  donnant  d\u00e9l\u00e9gation  de signature  \u00e0 Madame  Sophie  BOUDOT,  directrice\nd\u00e9partementale  de l'emploi,  du travail  et des  solidarit\u00e9s  du Gard  ;\nVu l'arr\u00eat\u00e9  du 21 f\u00e9vrier  2024  portant  subd\u00e9l\u00e9gation  aux  agents  de la direction  d\u00e9partementale  de\nl'emploi,  du travail  et des  solidarit\u00e9s  ;\nVu la circulaire  DGE  du 11 avril  2019  relative  aux  activit\u00e9s  de services  \u00e0 la personne  : d\u00e9claration  et\nagr\u00e9ment  des  organismes  de services  \u00e0 la personne  ;\nConstate  :\nQu'une  d\u00e9claration  d'activit\u00e9s  de services  \u00e0 la personne  a \u00e9t\u00e9 d\u00e9pos\u00e9e  aupr\u00e8s  de la direction\nd\u00e9partementale  de l'emploi,  du travail  et des  solidarit\u00e9s,  le 12 d\u00e9cembre  2024,  par JENNIFER\nKEMEDJI  en qualit\u00e9  de responsable,  pour  l'organisme  JENNIFER  KEMEDJI  Siret  N\u00b0938063625\n00017  dont  l'\u00e9tablissement  principal  est situ\u00e9  au 4 Mas  saint  fiacre  route  des  SAINTE  MARIE  DE LA\nMER  30220  Saint-Laurent-d'Aigouze  et enregistr\u00e9e  sous  le n\u00b0 SAP  938063625  pour  les activit\u00e9s\nsuivantes  :\nActivit\u00e9s  relevant  uniquement  de la d\u00e9claration  en mode  prestataire  :\n\u00a2 Entretien  de la maison  et travaux  m\u00e9nagers\n\u00a2 Collecte  et livraison  a domicile  de linge  repass\u00e9\nToute  modification  concernant  les activit\u00e9s  exerc\u00e9es  devra  faire  l'objet  d'une  d\u00e9claration  modificative\npr\u00e9alable.\nSous  r\u00e9serve  d'\u00eatre  exerc\u00e9es  \u00e0 titre  exclusif  (ou sous  r\u00e9serve  d'une  comptabilit\u00e9  s\u00e9par\u00e9e  pour  les\npersonnes  morales  dispens\u00e9es  de cette  condition),  ces  activit\u00e9s  ouvrent  droit  au b\u00e9n\u00e9fice  des\ndispositions  des  articles  L. 7233-2  du code  du travail  et L. 241-10  du code  de la s\u00e9curit\u00e9  sociale  dans\nles conditions  pr\u00e9vues  par ces  articles.\nLes effets  de la d\u00e9claration  courent  \u00e0 compter  du jour du d\u00e9p\u00f4t  de la d\u00e9claration  sous  r\u00e9serve  des\ndispositions  de l'article  R.7232-18  du code  du travail.\nMas  de l'Agriculture  - 1120  route  de Saint  Gilles  \u2014 BP 39081  - 30972  NIMES  CEDEX  9\nT\u00e9l : 04 30 08 61 20 Fax  : 04 30 08 61 21 www.gard.gouv.fr\nDirection d\u00e9partementale de l'\u00e9conomie, de l'emploi, du travail et des solidarit\u00e9s  - 30-2025-01-02-00008 - R\u00e9c\u00e9piss\u00e9 de d\u00e9claration\nservices \u00e0 la personne KEMEDJI Jennifer le 12 d\u00e9cembre 2024 \u00e0 St Laurent d'Aigouze 23\nLe pr\u00e9sent  r\u00e9c\u00e9piss\u00e9  est \u00e0 port\u00e9e  nationale  et n'est  pas  limit\u00e9  dans  le temps,  \u00e0 l'exception  des\nactivit\u00e9s  relevant  de l'agr\u00e9ment  dont  les effets  sont  limit\u00e9s  a 5 ans.\nL'enregistrement  de la d\u00e9claration  peut  \u00eatre  retir\u00e9  dans  les conditions  fix\u00e9es  aux  articles  R.7232-20  \u00e0\nR.7232-22  du code  du travail.\nLe pr\u00e9sent  r\u00e9c\u00e9piss\u00e9  sera  publi\u00e9  au recueil  des  actes  administratifs  de la pr\u00e9fecture  du Gard.\nFait  \u00e0 N\u00eemes,  le 02 janvier  2025\nPour  la directrice  d\u00e9partementale  de l'emploi,\ndu travail  et des  solidarit\u00e9\nle directeur  d\u00e9partemental  adjoint\nenaud  MORIN\nVoies  de recours  :\nLa pr\u00e9sente  d\u00e9cision  peut,  \u00e0 compter  de sa publication,  faire  l'objet  d'un  recours  gracieux  aupr\u00e8s  de la\nDirection  D\u00e9partementale  de l'Emploi,  du Travail  et des  Solidarit\u00e9s-  Mas  de l'Agriculture  \u2014 1120  route\nde Saint  Gilles  \u2014 BP 39081  \u2014. 30972  NIMES  CEDEX  9 ou d'un  recours  hi\u00e9rarchique  adress\u00e9  au\nministre  charg\u00e9  de l'\u00e9conomie  - Direction  g\u00e9n\u00e9rale  des  entreprises  - sous-direction  des  services\nmarchands,  6, rue Louise  Weiss,  75703  Paris  cedex13.\nElle  peut  \u00e9galement  faire  l'objet  d'un  recours  contentieux  dans  un d\u00e9lai  de deux  mois  \u00e0 compter  de sa\npublication  aupr\u00e8s  du Tribunal  administratif  de Nimes  - 16 avenue  Feuch\u00e8res  - 30000  Nimes.\nLe tribunal  administratif  peut  \u00eatre  saisi  par l'application  informatique  \u00abT\u00e9l\u00e9recours  citoyen\u00bb  accessible\nsur le site  internet  www.telerecours.  fr.\nEn cas de rejet  du recours  gracieux  ou hi\u00e9rarchique  ou en l'absence  de r\u00e9ponse  \u00e0 ce recours  (rejet\nimplicite),  un recours  contentieux  devant  le tribunal  administratif  peut  \u00e9galement  \u00eatre  form\u00e9  contre  la\nd\u00e9cision  initiale  dans  un d\u00e9lai  de deux  mois  \u00e0 compter  de ce rejet.\nDirection d\u00e9partementale de l'\u00e9conomie, de l'emploi, du travail et des solidarit\u00e9s  - 30-2025-01-02-00008 - R\u00e9c\u00e9piss\u00e9 de d\u00e9claration\nservices \u00e0 la personne KEMEDJI Jennifer le 12 d\u00e9cembre 2024 \u00e0 St Laurent d'Aigouze 24\nDirection d\u00e9partementale de l'\u00e9conomie, de\nl'emploi, du travail et des solidarit\u00e9s \n30-2024-12-20-00008\nR\u00e9c\u00e9piss\u00e9 de d\u00e9claration services \u00e0 la personne\nNOURRY Val\u00e9rie.pdf\nDirection d\u00e9partementale de l'\u00e9conomie, de l'emploi, du travail et des solidarit\u00e9s  - 30-2024-12-20-00008 - R\u00e9c\u00e9piss\u00e9 de d\u00e9claration\nservices \u00e0 la personne NOURRY Val\u00e9rie.pdf 25\nEx\nPREFET  Direction  D\u00e9partementale\nDU GARD  de l'Emploi,  du Travail  et des  Solidarit\u00e9s\nLibert\u00e9\nEgalit\u00e9\nFraternit\u00e9\nR\u00e9c\u00e9piss\u00e9  de d\u00e9claration  n\u00b0 30-2024-12-20-\nd'un  organisme  de services  a la personne\nenregistr\u00e9  sous  le n\u00b0 SAP  934922741\n| Le pr\u00e9fet  du Gard\nChevalier  de la L\u00e9gion  d'Honneur\nChevalier  de l'Ordre  National  du M\u00e9rite\nVu le code  du travail  et notamment  les articles  L.7231-1  \u00e0 L.7233-2,  R.7232-18  \u00e0 R.7232-24,  D.7231-\n1 et D.7233-1  \u00e0 D.7233-5  ; |\nVu l'arr\u00eat\u00e9  du ministre  de l'int\u00e9rieur  et des  outre-mer  du 30 janvier  2024  nommant  Mme  Sophie\nBOUDOT,  attach\u00e9e  d'administration  hors  classe  de l'\u00e9tat,  directrice  d\u00e9partementale,  de l'emploi,  du\ntravail  et des  solidarit\u00e9s  du Gard  ;\nVu l'arr\u00eat\u00e9  du 19 f\u00e9vrier  2024  donnant  d\u00e9l\u00e9gation  de signature  \u00e0 Madame  Sophie  BOUDOT,  directrice\nd\u00e9partementale  de l'emploi,  du travail  et des  solidarit\u00e9s  du Gard  ;\nVu l'arr\u00eat\u00e9  du 21 f\u00e9vrier  2024 portant  subd\u00e9l\u00e9gation  aux agents  de la direction  d\u00e9partementale  de\nl'emploi,  du travail  et des  solidarit\u00e9s  ; .\nVu la circulaire  DGE  du 11 avril  2019  relative  aux  activit\u00e9s  de services  \u00e0 la personne  : d\u00e9claration  et\nagr\u00e9ment  des  organismes  de services  \u00e0 la personne  ;\nConstate  :\nQu'une  d\u00e9claration  d'activit\u00e9s  de services  \u00e0 la personne  a \u00e9t\u00e9 d\u00e9pos\u00e9e  aupr\u00e8s  de la direction\nd\u00e9partementale  de l'emploi,  du travail  et des  solidarit\u00e9s,  le 05 d\u00e9cembre  2024,  par NOURRY  Val\u00e9rie\nen qualit\u00e9  de responsable,  pour  l'organisme  CML  propret\u00e9  Siret  N\u00b0934922741  00012  ont\nl'\u00e9tablissement  principal  est situ\u00e9  au 11 Rue  Des  micocouliers  30600  Vauvert  et enregistr\u00e9e  sous  le n\u00b0\nSAP  932564073  pour  les activit\u00e9s  suivantes  :\nActivit\u00e9s  relevant  uniquement  de la d\u00e9claration  en mode  prestataire  :\n* Livraison  de repas  \u00e0 domicile\n\u00a2 Entretien  de la maison  et travaux  m\u00e9nagers\n\u00b0 Pr\u00e9paration  de repas  \u00e0 domicile\n\u00a2 Collecte  et livraison  \u00e0 domicile  de linge  repass\u00e9\n* Livraison  de courses  \u00e0 domicile\n* Assistance  aux  personnes  ayant  besoin  d'une  aide  temporaire  a leur  domicile\n* Accompagnement  des  personnes  pr\u00e9sentant  une  invalidit\u00e9  temporaire\nToute  modification  concernant  les activit\u00e9s  exerc\u00e9es  devra  faire  l'objet  d'une  d\u00e9claration  modificative\npr\u00e9alable.\nSous  r\u00e9serve  d'\u00eatre  exerc\u00e9es  \u00e0 titre  exclusif  (ou sous  r\u00e9serve  d'une  comptabilit\u00e9  s\u00e9par\u00e9e  pour  les\npersonnes  morales  dispens\u00e9es  de cette  condition),  ces  activit\u00e9s  ouvrent  droit  au b\u00e9n\u00e9fice  des\ndispositions  des  articles  L. 7233-2  du code  du travail  et L. 241-10  du code  de la s\u00e9curit\u00e9  sociale  dans\nMas  de l'Agriculture  - 1120  route  de Saint  Gilles  - BP 39081  - 30972  NIMES  CEDEX  9\nT\u00e9l : 04 30 08 61 20 Fax : 04 30 08 61 21 www.gard.gouv.fr\nDirection d\u00e9partementale de l'\u00e9conomie, de l'emploi, du travail et des solidarit\u00e9s  - 30-2024-12-20-00008 - R\u00e9c\u00e9piss\u00e9 de d\u00e9claration\nservices \u00e0 la personne NOURRY Val\u00e9rie.pdf 26\nles conditions  pr\u00e9vues  par ces  articles.\nLes  effets  de la d\u00e9claration  courent  \u00e0 compter  du jour  du d\u00e9p\u00f4t  de la d\u00e9claration  sous  r\u00e9serve  des\ndispositions  de l'article  R.7232-18  du code  du travail.\nLe pr\u00e9sent  r\u00e9c\u00e9piss\u00e9  est \u00e0 port\u00e9e  nationale  et n'est  pas  limit\u00e9  dans  le temps,  \u00e0 l'exception  des\nactivit\u00e9s  relevant  de l'agr\u00e9ment  dont  les effets  sont  limit\u00e9s  \u00e0 5 ans.\nL'enregistrement  de la d\u00e9claration  peut  \u00eatre  retir\u00e9  dans  les conditions  fix\u00e9es  aux  articles  R.7232-20  \u00e0\nR.7232-22  du code  du travail.\nLe pr\u00e9sent  r\u00e9c\u00e9piss\u00e9  sera  publi\u00e9  au recueil  des  actes  administratifs  de la pr\u00e9fecture  du Gard.\nFait  \u00e0 N\u00eemes,  le 20 d\u00e9cembre  2024\nPour  la directrice  d\u00e9partementale  de l'emploi,\ndu travail  et des  solidarit\u00e9s  du Gard et par d\u00e9l\u00e9gation\nle directeur  \u00e9partement  | adjoint\na  eet\naidRenaud  MORIN\n|\n(4\n/y\\\u2014\nVoies  de recours  :\nLa pr\u00e9sente  d\u00e9cision  peut,  \u00e0 compter  de sa publication,  faire  l'objet  d'un  recours  gracieux  aupr\u00e8s  de la\nDirection  D\u00e9partementale  de l'Emploi,  du Travail  et des  Solidarit\u00e9s-  Mas  de l'Agriculture  \u2014 1120  route\nde Saint  Gilles  \u2014 BP 39081  \u2014 30972  NIMES  CEDEX  9 ou d'un  recours  hi\u00e9rarchique  adress\u00e9  au\nministre  charg\u00e9  de l'\u00e9conomie  - Direction  g\u00e9n\u00e9rale  des  entreprises  - sous-direction  des  services\nmarchands,  6, rue Louise  Weiss,  75703  Paris  cedex13.\nElle  peut  \u00e9galement  faire  l'objet  d'un  recours  contentieux  dans  un d\u00e9lai  de deux  mois  \u00e0 compter  de sa\npublication  aupr\u00e8s  du Tribunal  administratif  de N\u00eemes  - 16 avenue  Feuch\u00e8res  - 30000  N\u00eemes.\nLe tribunal  administratif  peut  \u00eatre  saisi  par  l'application  informatique  \u00abT\u00e9l\u00e9recours  citoyen\u00bb  accessible\nsur  le site  internet  www.telerecours.fr.\nEn cas  de rejet  du recours  gracieux  ou hi\u00e9rarchique  ou en l'absence  de r\u00e9ponse  \u00e0 ce recours  (rejet\nimplicite),  un recours  contentieux  devant  le tribunal  administratif  peut  \u00e9galement  \u00eatre  form\u00e9  contre  la\nd\u00e9cision  initiale  dans  un d\u00e9lai  de deux  mois  \u00e0 compter  de ce rejet.\nDirection d\u00e9partementale de l'\u00e9conomie, de l'emploi, du travail et des solidarit\u00e9s  - 30-2024-12-20-00008 - R\u00e9c\u00e9piss\u00e9 de d\u00e9claration\nservices \u00e0 la personne NOURRY Val\u00e9rie.pdf 27\nDirection d\u00e9partementale de l'\u00e9conomie, de\nl'emploi, du travail et des solidarit\u00e9s \n30-2025-01-02-00005\nR\u00e9c\u00e9piss\u00e9 d\u00e9claration de service \u00e0 la personne\nMARTIN Anthony\nDirection d\u00e9partementale de l'\u00e9conomie, de l'emploi, du travail et des solidarit\u00e9s  - 30-2025-01-02-00005 - R\u00e9c\u00e9piss\u00e9 d\u00e9claration de\nservice \u00e0 la personne MARTIN Anthony 28\nPREFET  Direction  D\u00e9partementale\nDU GARD  de l'Emploi,  du Travail  et des  Solidarit\u00e9s\nLibert\u00e9\nEgalit\u00e9\nFraternit\u00e9\nR\u00e9c\u00e9piss\u00e9  de d\u00e9claration  n\u00b0 30-2025-01-02-\nd'un  organisme  de services  \u00e0 la personne\nenregistr\u00e9  sous  le n\u00b0 SAP  898312186\nLe pr\u00e9fet  du Gard\nChevalier  de la L\u00e9gion  d'Honneur\nChevalier  de l'Ordre  National  du M\u00e9rite\nVu le code  du travail  et notamment  les articles  L.7231-1  \u00e0 L.7233-2,  R.7232-18  \u00e0 R.7232-24,  D.7231-\n1 et D.7233-1  \u00e0 D.7233-5  :\nVu l'arr\u00eat\u00e9  du ministre  de l'Int\u00e9rieur  et des  outre-mer  du 30 janvier  2024  nommant  Mme  Sophie  :\nBOUDOT,  attach\u00e9e  d'administration  hors  classe  de l'\u00e9tat,  directrice  d\u00e9partementale,  de l'emploi,  du\ntravail  et des  solidarit\u00e9s  du Gard  ;\nVu l'arr\u00eat\u00e9  du 19 f\u00e9vrier  2024  donnant  d\u00e9l\u00e9gation  de signature  \u00e0 Madame  Sophie  BOUDOT,  directrice\nd\u00e9partementale  de l'emploi,  du travail  et des  solidarit\u00e9s  du Gard  ;\nVu l'arr\u00eat\u00e9  du 21 f\u00e9vrier  2024  portant  subd\u00e9l\u00e9gation  aux  agents  de la direction  d\u00e9partementale  de\nl'emploi,  du travail  et des  solidarit\u00e9s  :\nVu la circulaire  DGE  du 11 avril  2019  relative  aux  activit\u00e9s  de services  \u00e0 la personne  : d\u00e9claration  et\nagr\u00e9ment  des  organismes  de services  \u00e0 la personne  ;\nConstate  :\nQu'une  d\u00e9claration  d'activit\u00e9s  de services  \u00e0 la personne  a \u00e9t\u00e9 d\u00e9pos\u00e9e  aupr\u00e8s  de la direction\nd\u00e9partementale  de l'emploi,  du travail  et des  solidarit\u00e9s,  le 09 d\u00e9cembre  2024,  par ANTHONY\nMARTIN  en qualit\u00e9  de responsable,  pour  l'organisme  ANTHONY  MARTIN  Siret  N\u00b0898312186  00015\ndont  l'\u00e9tablissement  principal  est situ\u00e9  au 7 Rue  ALBERT  1ER  30100  ALES  et enregistr\u00e9e  sous  le n\u00b0\nSAP  898312186  pour  les activit\u00e9s  suivantes  :\nActivit\u00e9s  relevant  uniquement  de la d\u00e9claration  en mode  prestataire  :\n\u00a2 Soutien  scolaire  ou cours  \u00e0 domicile\nToute  modification  concernant  les activit\u00e9s  exerc\u00e9es  devra  faire  l'objet  d'une  d\u00e9claration  modificative\npr\u00e9alable.\nSous  r\u00e9serve  d'\u00eatre  exerc\u00e9es  \u00e0 titre  exclusif  (ou sous  r\u00e9serve  d'une  comptabilit\u00e9  s\u00e9par\u00e9e  pour  les\npersonnes  morales  dispens\u00e9es  de cette  condition),  ces  activit\u00e9s  ouvrent  droit  au b\u00e9n\u00e9fice  des\ndispositions  des  articles  L. 7233-2  du code  du travail  et L. 241-10  du code  de la s\u00e9curit\u00e9  sociale  dans\nles conditions  pr\u00e9vues  par ces  articles.\nLes  effets  de la d\u00e9claration  courent  \u00e0 compter  du jour  du d\u00e9p\u00f4t  de la d\u00e9claration  sous  r\u00e9serve  des\ndispositions  de l'article  R.7232-18  du code  du travail.\nLe pr\u00e9sent  r\u00e9c\u00e9piss\u00e9  est \u00e0 port\u00e9e  nationale  et n'est  pas limit\u00e9  dans  le temps,  \u00e0 l'exception  des\nactivit\u00e9s  relevant  de l'agr\u00e9ment  dont  les effets  sont  limit\u00e9s  \u00e0 5 ans.\nMas  de l'Agriculture  - 1120  route  de Saint  Gilles  - BP 39081  - 30972  NIMES  CEDEX  9\nT\u00e9l  : 04 30 08 61 20 Fax  : 04 30 08 61 21 www.gard.gouv.fr\nDirection d\u00e9partementale de l'\u00e9conomie, de l'emploi, du travail et des solidarit\u00e9s  - 30-2025-01-02-00005 - R\u00e9c\u00e9piss\u00e9 d\u00e9claration de\nservice \u00e0 la personne MARTIN Anthony 29\nL'enregistrement  de la d\u00e9claration  peut  \u00eatre  retir\u00e9  dans  les conditions  fix\u00e9es  aux  articles  R.7232-20  a\nR.7232-22  du code  du travail.\nLe pr\u00e9sent  r\u00e9c\u00e9piss\u00e9  sera  publi\u00e9  au recueil  des  actes  administratifs  de la pr\u00e9fecture  du Gard.\nFait  \u00e0 N\u00eemes,  le 02 janvier  2025\nPour la directric\u00e9  d\u00e9partementale  de l'emploi,\ndu travail  et des solidarit\u00e9s  du Gard  et par d\u00e9l\u00e9gation\nle directeur  d\u00e9partemental  adjoint\nA = MORIN\nVoies  de recours  :\nLa pr\u00e9sente  d\u00e9cision  peut,  \u00e0 compter  de sa publication,  faire  l'objet  d'un  recours  gracieux  aupr\u00e8s  de la\nDirection  D\u00e9partementale  de l'Emploi,  du Travail  et des  Solidarit\u00e9s-  Mas  de l'Agriculture  \u2014 1120  route\nde Saint  Gilles  \u2014 BP 39081  \u2014 30972  NIMES  CEDEX  9 ou d'un  recours  hi\u00e9rarchique  adress\u00e9  au\nministre  charg\u00e9  de l'\u00e9conomie  - Direction  g\u00e9n\u00e9rale  des  entreprises  - sous-direction  des  services\nmarchands,  6, rue - Louise  Weiss,  75703  . Paris  cedex13.\nElle peut  \u00e9galement  faire  l'objet  d'un  recours  contentieux  dans  un d\u00e9lai  de deux  mois  \u00e0 compter  de sa\npublication  aupr\u00e8s  du Tribunal  administratif  de N\u00eemes  - 16 avenue  Feuch\u00e8res  - 30000  N\u00eemes.\nLe tribunal  administratif  peut  \u00eatre  saisi  par l'application  informatique  \u00abT\u00e9l\u00e9recours  citoyen\u00bb  accessible\nsur le site  internet  www.telerecours.fr.\nEn cas  de rejet  du recours  gracieux  ou hi\u00e9rarchique  ou en l'absence  de r\u00e9ponse  \u00e0 ce recours  (rejet\nimplicite),  un recours  contentieux  devant  le tribunal  administratif  peut  \u00e9galement  \u00eatre  form\u00e9  contre  la\nd\u00e9cision  initiale  dans  un d\u00e9lai  de deux  mois  \u00e0 compter  de ce rejet.\nDirection d\u00e9partementale de l'\u00e9conomie, de l'emploi, du travail et des solidarit\u00e9s  - 30-2025-01-02-00005 - R\u00e9c\u00e9piss\u00e9 d\u00e9claration de\nservice \u00e0 la personne MARTIN Anthony 30\nDirection d\u00e9partementale de l'\u00e9conomie, de\nl'emploi, du travail et des solidarit\u00e9s \n30----00002\nR\u00e9c\u00e9piss\u00e9 d\u00e9claration Service \u00e0 la personne \nLARDET Sylvie 937827277  le 30 novembre  2024\n\u00e0 Salindres odt.odt\nDirection d\u00e9partementale de l'\u00e9conomie, de l'emploi, du travail et des solidarit\u00e9s  - 30----00002 - R\u00e9c\u00e9piss\u00e9 d\u00e9claration Service \u00e0 la\npersonne  LARDET Sylvie 937827277  le 30 novembre  2024 \u00e0 Salindres odt.odt 31\n|\nPREFET  Direction  D\u00e9partementale\nDU GARD  de l'Emploi,  du Travail  et des  Solidarit\u00e9s\nLibert\u00e9\nEgalit\u00e9\nFraternit\u00e9\nR\u00e9c\u00e9piss\u00e9  de d\u00e9claration  n\u00b0 30-2024-12-30-\nd'un  organisme  de services  \u00e0 la personne\nenregistr\u00e9  sous  le n\u00b0 SAP  937827277\nLe pr\u00e9fet  du Gard\nChevalier  de la L\u00e9gion  d'Honneur\nChevalier  de Ordre  National  du M\u00e9rite\nVu le code  du travail  et notamment  les articles  L.7231-1  \u00e0 L.7233-2,  R.7232-18  a R.7232-24,  D.7231-\n1 et D.7233-1  a D.7233-5  ;\nVu l'arr\u00eat\u00e9  du ministre  de l'Int\u00e9rieur  et des  outre-mer  du 30 janvier  2024  nommant  Mme  Sophie\nBOUDOT,  attach\u00e9e  d'administration  hors  classe  de l'\u00e9tat,  directrice  d\u00e9partementale,  de l'emploi,  du\ntravail  et des  solidarit\u00e9s  du Gard  ;\nVu l'arr\u00eat\u00e9  du 19 f\u00e9vrier  2024  donnant  d\u00e9l\u00e9gation  de signature  \u00e0 Madame  Sophie  S\u00c9SEIEN,  directrice\nd\u00e9partementale  de l'emploi,  du travail  et des  solidarit\u00e9s  du Gard  ;\nVu l'arr\u00eat\u00e9  du 21 f\u00e9vrier  2024  portant  subd\u00e9l\u00e9gation  aux  agents  de la direction  d\u00e9partementale  de\nl'emploi,  du travail  et des  solidarit\u00e9s  ;\nVu la circulaire  DGE  du 11 avril  2019  relative  aux  activit\u00e9s  de services  \u00e0 la personne  : d\u00e9claration  et\nagr\u00e9ment  des  organismes  de services  a la personne  ;\nConstate  :\nQu'une  d\u00e9claration  d'activit\u00e9s  de services  a la personne  a \u00e9t\u00e9 d\u00e9pos\u00e9e  aupr\u00e8s  de la direction\nd\u00e9partementale  de l'emploi,  du travail  et des  solidarit\u00e9s,  le 29 novembre  2024,  par LARDET  VIRGINIE\nen qualit\u00e9  de responsable,  pour  l'organisme  LARDET  VIRGINIE  Siret  N\u00b0937827277  00016  dont\nl'\u00e9tablissement  principal  est situ\u00e9  au 200  rue de severac  30340  Salindres  et enregistr\u00e9e  sous  le n\u00b0\nSAP  937827277  pour  les activit\u00e9s  suivantes  :\nActivit\u00e9s  relevant  uniquement  de la d\u00e9claration  en mode  prestataire  :\n\u00a2 __ Entretien  de la maison  et travaux  m\u00e9nagers\nToute  modification  concernant  les activit\u00e9s  exerc\u00e9es  devra  faire  l'objet  d'une  d\u00e9claration  modificative\npr\u00e9alable.\nSous  r\u00e9serve  d'\u00eatre  exerc\u00e9es  \u00e0 titre  exclusif  (ou sous  r\u00e9serve  d'une  comptabilit\u00e9  s\u00e9par\u00e9e  pour  les\npersonnes  morales  dispens\u00e9es  de cette  condition),  ces activit\u00e9s  ouvrent  droit  au b\u00e9n\u00e9fice.  des\ndispositions  des  articles  L. 7233-2  du code  du travail  et L. 241-10  du code  de la s\u00e9curit\u00e9  sociale  dans\nles conditions  pr\u00e9vues  par ces  articles.\nLes  effets  de la d\u00e9claration  courent  \u00e0 compter  du jour  du d\u00e9p\u00f4t  de la d\u00e9claration  sous  r\u00e9serve  des\ndispositions  de l'article  R.7232-18  du code  du travail.\nLe pr\u00e9sent  r\u00e9c\u00e9piss\u00e9  est \u00e0 port\u00e9e  nationale  et n'est  pas  limit\u00e9  dans  le temps,  \u00e0 l'exception  des\nactivit\u00e9s  relevant  de l'agr\u00e9ment  dont  les effets  sont  limit\u00e9s  \u00e0 5 ans.\nMas  de l'Agriculture  \u2014 1120  route  de Saint  Gilles  \u2014- BP 39081  - 30972  NIMES  CEDEX  9\nT\u00e9l : 04 30 08 61 20 Fax : 04 30 08 61 21 www.gard.gouv.fr\nDirection d\u00e9partementale de l'\u00e9conomie, de l'emploi, du travail et des solidarit\u00e9s  - 30----00002 - R\u00e9c\u00e9piss\u00e9 d\u00e9claration Service \u00e0 la\npersonne  LARDET Sylvie 937827277  le 30 novembre  2024 \u00e0 Salindres odt.odt 32\nL'enregistrement  de la d\u00e9claration  peut  \u00eatre  retir\u00e9  dans  les conditions  fix\u00e9es  aux  articles  R.7232-20  a\nR.7232-22  du code  du travail.\nLe pr\u00e9sent  r\u00e9c\u00e9piss\u00e9  sera publi\u00e9  au recueil  des actes  administratifs  de la pr\u00e9fecture  du Gard.\nFait \u00e0 N\u00eemes,  le 30 d\u00e9cembre  2024\n|\nle direct\nVoies  de recours  :\nLa pr\u00e9sente  d\u00e9cision  peut,  \u00e0 compter  de sa publication,  faire  l'objet  d'un  recours  gracieux  aupr\u00e8s  de la\nDirection  D\u00e9partementale  de l'Emploi,  du Travail  et des  Solidarit\u00e9s-  Mas  de l'Agriculture  \u2014 1120  route\nde Saint  Gilles  \u2014 BP 39081  \u2014 30972  NIMES  CEDEX  9 ou d'un  recours  hi\u00e9rarchique  adress\u00e9  au\nministre  charg\u00e9  de l'\u00e9conomie  - Direction  g\u00e9n\u00e9rale  des  entreprises  - sous-direction  des  services\nmarchands,  6, rue Louise  Weiss,  75703  Paris  cedex13.\nElle peut \u00e9galement  faire l'objet  d'un recours  contentieux  dans un d\u00e9lai de deux mois \u00e0 compter  de sa\npublication  aupr\u00e8s  du Tribunal  administratif  de N\u00eemes  - 16 avenue  Feuch\u00e8res  - 30000  N\u00eemes.\nLe tribunal  administratif  peut  \u00eatre  saisi  par l'application  informatique  \u00abT\u00e9l\u00e9recours  citoyen\u00bb  accessible\nsur le site  internet  www.telerecours.fr.\nEn cas  de rejet  du recours  gracieux  ou hi\u00e9rarchique  ou en l'absence  de r\u00e9ponse  \u00e0 ce recours  (rejet\nimplicite),  un recours  contentieux  devant  le tribunal  administratif  peut  \u00e9galement  \u00eatre  form\u00e9  contre  la\nd\u00e9cision  initiale  dans  un d\u00e9lai  de deux  mois  \u00e0 compter  de ce rejet.\nDirection d\u00e9partementale de l'\u00e9conomie, de l'emploi, du travail et des solidarit\u00e9s  - 30----00002 - R\u00e9c\u00e9piss\u00e9 d\u00e9claration Service \u00e0 la\npersonne  LARDET Sylvie 937827277  le 30 novembre  2024 \u00e0 Salindres odt.odt 33\nDirection d\u00e9partementale de l'\u00e9conomie, de\nl'emploi, du travail et des solidarit\u00e9s \n30-2024-12-30-00001\nr\u00e9c\u00e9piss\u00e9 d\u00e9claration service \u00e0 la personne\nGOURGEON Marie .938125200\nDirection d\u00e9partementale de l'\u00e9conomie, de l'emploi, du travail et des solidarit\u00e9s  - 30-2024-12-30-00001 - r\u00e9c\u00e9piss\u00e9 d\u00e9claration\nservice \u00e0 la personne GOURGEON Marie .938125200 34\nPREFET  Direction  D\u00e9partementale\nDU GARD  | de l'Emploi,  du Travail  et des  Solidarit\u00e9s\nLibert\u00e9\nEgalit\u00e9\nFraternit\u00e9\nR\u00e9c\u00e9piss\u00e9  de d\u00e9claration  n\u00b0 30-2024-12-30-\nd'un  organisme  de services  \u00e0 la personne\nenregistr\u00e9  sous  le n\u00b0 SAP  938125200\nLe pr\u00e9fet  du Gard\nChevalier  de la L\u00e9gion  d'Honneur\nChevalier  de l'Ordre  National  du M\u00e9rite\nVu le code du travail  et notamment  les articles  L.7231-1  \u00e0 L.7233-2,  R.7232-18  \u00e0 R.7232-24,  D.7231-\n1 et D.7233-1  \u00e0 D.7233-5  ;\nVu l'arr\u00eat\u00e9  du ministre  de l'Int\u00e9rieur  et des  outre-mer  du 30 janvier  2024  nommant  Mme  Sophie\nBOUDOT,  attach\u00e9e  d'administration  hors  classe  de l'\u00e9tat,  directrice  d\u00e9partementale,  de l'emploi,  du\ntravail  et des  solidarit\u00e9s  du Gard  ;\nVu l'arr\u00eat\u00e9  du 19 f\u00e9vrier  2024  donnant  d\u00e9l\u00e9gation  de signature  \u00e0 Madame  Sophie  BOUDOT,  directrice\nd\u00e9partementale  de l'emploi,  du travail  et des  solidarit\u00e9s  du Gard  ;\nVu l'arr\u00eat\u00e9  du 21 f\u00e9vrier  2024  portant  subd\u00e9l\u00e9gation  aux  agents  de la direction  d\u00e9partementale  de\nl'emploi,  du travail  et des  solidarit\u00e9s  ;\nVu la circulaire  DGE  du 11 avril  2019  relative  aux  activit\u00e9s  de services  \u00e0 la personne  : d\u00e9claration  et\nagr\u00e9ment  des  organismes  de services  \u00e0 la personne  ;\nConstate  :\nQu'une  d\u00e9claration  d'activit\u00e9s  de services  \u00e0 la personne  a \u00e9t\u00e9 d\u00e9pos\u00e9e  aupr\u00e8s  de la direction\nd\u00e9partementale  de l'emploi,  du travail  et des  solidarit\u00e9s,  le 05 d\u00e9cembre  2024,  par GOURGEON\nMarie  en qualit\u00e9  de responsable,  pour  l'organisme  Clean  marie  Siret  N\u00b0938125200  00015  ont\nl'\u00e9tablissement  principal  est situ\u00e9  au 1630  Chemin  Du serre  blanc  30140  Boisset  et gaujac  et\nenregistr\u00e9e  sous  le n\u00b0 SAP  938125200  pour  les activit\u00e9s  suivantes  :\nActivit\u00e9s  relevant  uniquement  de la d\u00e9claration  en mode  prestataire  :\n\u00a2 Entretien  de la maison  et travaux  m\u00e9nagers\nToute  modification  concernant  les activit\u00e9s  exerc\u00e9es  devra  faire  l'objet  d'une  d\u00e9claration  modificative\npr\u00e9alable.\nSous  r\u00e9serve  d'\u00eatre  exerc\u00e9es  \u00e0 titre  exclusif  (ou sous  r\u00e9serve  d'une  comptabilit\u00e9  s\u00e9par\u00e9e  pour  les\npersonnes  morales  dispens\u00e9es  de cette  condition),  ces  activit\u00e9s  ouvrent  droit  au b\u00e9n\u00e9fice  des\ndispositions  des  articles  L. 7233-2  du code  du travail  et L. 241-10  du code  de la s\u00e9curit\u00e9  sociale  dans\nles conditions  pr\u00e9vues  par  ces  articles.\nLes  effets  de la d\u00e9claration  courent  \u00e0 compter  du jour  du d\u00e9p\u00f4t  de la d\u00e9claration  sous  r\u00e9serve  des\ndispositions  de l'article  R.7232-18  du code  du travail.\nLe pr\u00e9sent  r\u00e9c\u00e9piss\u00e9  est \u00e0 port\u00e9e  nationale  et n'est  pas  limit\u00e9  dans  le temps,  \u00e0 l'exception  des\nactivit\u00e9s  relevant  de l'agr\u00e9ment  dont  les effets  sont  limit\u00e9s  \u00e0 5 ans.\nMas  de l'Agriculture  - 1120  route  de Saint  Gilles  \u2014 BP 39081  - 30972  NIMES  CEDEX  9\nT\u00e9l : 04 30 08 61 20 Fax : 04 30 08 61 21 www.gard.gouv.fr\nDirection d\u00e9partementale de l'\u00e9conomie, de l'emploi, du travail et des solidarit\u00e9s  - 30-2024-12-30-00001 - r\u00e9c\u00e9piss\u00e9 d\u00e9claration\nservice \u00e0 la personne GOURGEON Marie .938125200 35\nL'enregistrement  de la d\u00e9claration  peut \u00eatre retir\u00e9  dans  les conditions  fix\u00e9es  aux articles  R.7232-20  \u00e0\nR.7232-22  du code  du travail.  |\nLe pr\u00e9sent  r\u00e9c\u00e9piss\u00e9  sera  publi\u00e9  au recueil  des  actes  administratifs  de la pr\u00e9fecture  du Gard.\nFait  \u00e0 N\u00eemes,  le 30 d\u00e9cembre  2024\nPour  la directrice  d\u00e9partementale  de l'emploi,\ndu travail  et des  solidarit\u00e9s  du Gard  et par d\u00e9l\u00e9gation\nle directe  r Di  Les  adjoint\n|| }\n\u00b0 Renaud  MORIN\nVoies  de recours  :\nLa pr\u00e9sente  d\u00e9cision  peut,  \u00e0 compter  de sa publication,  faire  l'objet  d'un  recours  gracieux  aupr\u00e8s  de la\nDirection  D\u00e9partementale  de l'Emploi,  du Travail  et des Solidarit\u00e9s-  Mas  de l'Agriculture  \u2014 1120  route\nde Saint  Gilles  \u2014 BP 39081  \u2014 30972  NIMES  CEDEX  9 ou d'un recours  hi\u00e9rarchique  adress\u00e9  au\nministre  charg\u00e9  de l'\u00e9conomie  - Direction  g\u00e9n\u00e9rale  des entreprises  - sous-direction  des services\nmarchands,  6, rue Louise  Weiss,  75703  Paris  cedex13.\nElle peut  \u00e9galement  faire  l'objet  d'un  recours  contentieux  dans  un d\u00e9lai  de deux  mois  \u00e0 compter  de sa\npublication  aupr\u00e8s  du Tribunal  administratif  de N\u00eemes  - 16 avenue  Feuch\u00e8res  - 30000  N\u00eemes.\nLe tribunal  administratif  peut  \u00eatre  saisi  par l'application  informatique  \u00abT\u00e9l\u00e9recours  citoyen\u00bb  accessible  \u2014\nsur le site internet  www.telerecours.  fr.\nEn cas de rejet  du recours  gracieux  ou hi\u00e9rarchique  ou en l'absence  de r\u00e9ponse  a ce recours  (rejet\nimplicite),  un recours  contentieux  devant  le tribunal  administratif  peut  \u00e9galement  \u00eatre  form\u00e9  contre  la\nd\u00e9cision  initiale  dans  un d\u00e9lai  de deux  mois  \u00e0 compter  de ce rejet.\nDirection d\u00e9partementale de l'\u00e9conomie, de l'emploi, du travail et des solidarit\u00e9s  - 30-2024-12-30-00001 - r\u00e9c\u00e9piss\u00e9 d\u00e9claration\nservice \u00e0 la personne GOURGEON Marie .938125200 36\nPrefecture du Gard\n30-2025-01-15-00027\nAP HABILITATION d'une m\u00e9diatrice de\nl'association pour l'accueil des r\u00e9fugi\u00e9s FORUM\nREFUGIES au CRA de NIMES\nPrefecture du Gard - 30-2025-01-15-00027 - AP HABILITATION d'une m\u00e9diatrice de l'association pour l'accueil des r\u00e9fugi\u00e9s FORUM\nREFUGIES au CRA de NIMES 37\nEn  : \u2014  NUPR\u00c9FET  Service  des  Migrations  et de I'Int\u00e9gration\nDU GARD  Bureau  de |'Eloignement  et de I'Asile\nLibert\u00e9  |\n\u00c9galit\u00e9\nFraternit\u00e9\nArr\u00eat\u00e9  n\u00b0 30-2025-\nportant  habilitation  d'une  m\u00e9diatrice\nde l'association  pour  l'accueil  des  r\u00e9fugi\u00e9s  FORUM  R\u00c9FUGI\u00c9S\nau centre  de r\u00e9tention  administrative  de N\u00eemes  (GARD)\nLe Pr\u00e9fet  du Gard\nChevalier  de la L\u00e9gion  d'Honneur,\nChevalier  de l'Ordre  National  du M\u00e9rite,\nVU le code  de l'entr\u00e9e  et du s\u00e9jour  des  \u00e9trangers  et du droit  d'asile,  et notamment  l'article\nR 744-20  et R 744-21;\nVU le r\u00e8glement  int\u00e9rieur  du centre  de r\u00e9tention  administrative  de Nimes  ;\nVU la demande  d'habilitation  formul\u00e9e  le 30 d\u00e9cembre  2024  par  le Directeur  Adjoint  de\nl'association  pour  l'accueil  des  r\u00e9fugi\u00e9s  FORUM  REFUGIES  ; .\nSUR  proposition  du Secr\u00e9taire  G\u00e9n\u00e9ral  de la Pr\u00e9fecture  du Gard;\nARRETE\nARTICLE  1: est habilit\u00e9e  a intervenir  au Centre  de R\u00e9tention  Administrative  de Nimes  en\nqualit\u00e9  de m\u00e9diatrice  de l'association  pour  l'accueil  des  r\u00e9fugi\u00e9s  FORUM  REFUGIES  :\nMadame  Tamila  SOUIDI,  n\u00e9e  le 27/09/1993  \u00e0 TOULOUSE\nARTICLE  2: la personne  est tenue  de se conformer  au r\u00e9glement  int\u00e9rieur  du Centre  de\nR\u00e9tention  Administrative  de Nimes.\nARTICLE  3: la pr\u00e9sente  habilitation  est valable  du 1\u00b0 janvier  2025  au 31 d\u00e9cembre  2025.  Les\nservices  de la pr\u00e9fecture  seront  avertis  dans  les meilleurs  d\u00e9lais  en cas  de radiation  d'un\nm\u00e9diateur  habilit\u00e9  des  effectifs  de l'association.  Tout  renouvellement  sera  sollicit\u00e9  un mois\navant  l'\u00e9ch\u00e9ance  de l'habilitation  en cours.\nARTICLE  4 : le Secr\u00e9taire  G\u00e9n\u00e9ral  de la Pr\u00e9fecture  du Gard,  le Directeur  Interd\u00e9partemental\nAdjoint,  Chef  des  services  de Police  aux  Fronti\u00e8res  du Gard,  le directeur  de l'association\nFORUM  R\u00c9FUGI\u00c9S,  sont  charg\u00e9s,  chacun  en ce qui le concerne,  de l'ex\u00e9cution  du pr\u00e9sent  _\narr\u00eat\u00e9.\nA N\u00eemes,  le 15/01/2025\nLe Pr\u00e9fet\nour le pr\u00e9fet,\nle sec  tairg  g\u00e9n\u00e9ral\nH\u00f4tel  de la Pr\u00e9fecture\n10 avenue  Feuch\u00e9res  \u2014 30045  NIMES  CEDEX  9\nT\u00e9l : 0 4 66 36 43 90\nFax  : 04 66 36 00 87 - www.gard.gouv.frYann G\u00c9RARD\nPrefecture du Gard - 30-2025-01-15-00027 - AP HABILITATION d'une m\u00e9diatrice de l'association pour l'accueil des r\u00e9fugi\u00e9s FORUM\nREFUGIES au CRA de NIMES 38\nPrefecture du Gard\n30-2025-01-15-00029\nAP habilitation d'une m\u00e9diatrice de l'association\npour l'accueil des r\u00e9fugi\u00e9s FORUM REFUGIES au\nCRA de n\u00eemes\nPrefecture du Gard - 30-2025-01-15-00029 - AP habilitation d'une m\u00e9diatrice de l'association pour l'accueil des r\u00e9fugi\u00e9s FORUM\nREFUGIES au CRA de n\u00eemes 39\nService  des  Migrations  et de l'Int\u00e9grationPREFET  heat |\nDU GARD  | Bureau  de l'\u00c9loignement  et de l'Asile\nLibert\u00e9\nHgalit\u00e9  Arr\u00eat\u00e9  n\u00b0 30-2025Fraternit\u00e9\nportant  habilitation  d'une  m\u00e9diatrice\nde l'association  pour  l'accueil  des  r\u00e9fugi\u00e9s  FORUM  REFUGIES\nau centre  de r\u00e9tention  administrative  de N\u00eemes  (GARD)\nLe Pr\u00e9fet  du Gard\nChevalier  de la L\u00e9gion  d'Honneur,\nChevalier  de l'Ordre  National  du M\u00e9rite,\nVU le code  de l'entr\u00e9e  et du s\u00e9jour  des  \u00e9trangers  et du droit  d'asile,  et notamment  l'article\nR 744-20  et R 744-21;  | |\nVU le r\u00e8glement  int\u00e9rieur  du centre  de r\u00e9tention  administrative  de N\u00eemes;\nVU la demande  d'habilitation  formul\u00e9e  le 30 d\u00e9cembre  2024  par  le directeur  adjoint  de\n'association  pour  l'accueil  des  r\u00e9fugi\u00e9s  FORUM  REFUGIES  ;\nSUR proposition  du Secr\u00e9taire  G\u00e9n\u00e9ral  dela Pr\u00e9fecture  du Gard ;\nARRETE\nARTICLE  1: est habilit\u00e9e  \u00e0 intervenir  au centre  de r\u00e9tention  administrative  de N\u00eemes  en\nqualit\u00e9  de m\u00e9diatrice  de l'association  pour  l'accueil  des  r\u00e9fugi\u00e9s  FORUM  REFUGIES  :\nMadame  Edwina  BELLAHOUEL,  n\u00e9e  le 26/11/1983  \u00e0 ROUEN\nARTICLE  2: la personne  est tenue  de se conformer  au r\u00e8glement  int\u00e9rieur  du centre  de\nr\u00e9tention  administrative  de N\u00eemes.\nARTICLE  3 : la pr\u00e9sente  habilitation  est valable  du 1\u00b0 janvier  2025  au 31 d\u00e9cembre  2025.  Les\nservices  de la pr\u00e9fecture  seront  avertis  dans  les meilleurs  d\u00e9lais  en cas  de radiation  d'un\nm\u00e9diateur  habilit\u00e9  des  effectifs  de l'association.  Tout  renouvellement  sera  sollicit\u00e9  un mois\navant  l'\u00e9ch\u00e9ance  de l'habilitation  en cours.\nARTICLE  4: le Secr\u00e9taire  G\u00e9n\u00e9ral  de la pr\u00e9fecture  du Gard,  le Directeur  Interd\u00e9partemental\nAdjoint,  Chef  des  services  de Police  aux  Fronti\u00e8res  du Gard,  le directeur  de l'association\nFORUM  REFUGIES,  sont  charg\u00e9s,  chacun  en ce qui  le concerne,  de l'ex\u00e9cution  du pr\u00e9sent\narr\u00eat\u00e9.\nA N\u00eemes,  le 15/01/2025\nLe Pr\u00e9fet\nls br\u00e9fet,\nle secr\u00e9taWe  g\u00e9n\u00e9ral\nH\u00f4tel  de la Pr\u00e9fecture\n10 avenue  Feuch\u00e8res  - 30045  NIMES  CEDEX  9\nT\u00e9l:  0 4 66 36 43 90\nFax  : 04 66 36 00 87 - www.gard.gouv.frYann  GERARD\nPrefecture du Gard - 30-2025-01-15-00029 - AP habilitation d'une m\u00e9diatrice de l'association pour l'accueil des r\u00e9fugi\u00e9s FORUM\nREFUGIES au CRA de n\u00eemes 40\nPrefecture du Gard\n30-2025-01-15-00028\nAPhabilitation d'une m\u00e9diatrice de l'association\npour l'accueil des r\u00e9fugi\u00e9s FORUM REFUGIES au\nCRA de N\u00eemes\nPrefecture du Gard - 30-2025-01-15-00028 - APhabilitation d'une m\u00e9diatrice de l'association pour l'accueil des r\u00e9fugi\u00e9s FORUM\nREFUGIES au CRA de N\u00eemes 41\nE 3 \u2014\u2014  mb mont\u00e9\nPR\u00c9FET  Service  des  Migrations  et de l'int\u00e9gration\nDU GARD  Bureau  de l'\u00c9loignement  et de I'Asile\nLibert\u00e9\nEgalit\u00e9\nFraternit\u00e9  Re oe\nArr\u00eat\u00e9  n\u00b0 30-2025-\nportant  habilitation  d'une  m\u00e9diatrice\nde l'association  pour  l'accueil  des r\u00e9fugi\u00e9s  FORUM  R\u00c9FUGI\u00c9S\nau centre  de r\u00e9tention  administrative  de N\u00eemes  (GARD)\nLe Pr\u00e9get  du Gard\nChevalier  de la L\u00e9gion  d'Honneur,\nChevalier  de l'Ordre  National  du M\u00e9rite,\nVU le code  de l'entr\u00e9e  et du s\u00e9jour  des  \u00e9trangers  et du droit  d asile,  et notamment  l'article\nR 744-20  et R 744-21;\nVU le reglement  int\u00e9rieur  du centre  de r\u00e9tention  administrative  de Nimes;\nVU la demande  d'habilitation  formul\u00e9e  le 30 d\u00e9cembre  2024  par le directeur  adjoint  de\nl'association  pour  l'accueil  des  r\u00e9fugi\u00e9s  FORUM  REFUGIES.;\nSUR  proposition  du Secr\u00e9taire  G\u00e9n\u00e9ral  de la Pr\u00e9fecture  du Gard;\nARRETE\nARTICLE  1: est habilit\u00e9e  \u00e0 intervenir  au centre  de r\u00e9tention  administrative  de Nimes  en\nqualit\u00e9  de m\u00e9diatrice  de l'association  pour  l'accueil  des  r\u00e9fugi\u00e9s  FORUM  REFUGIES  :\nMadame  Nour  Laura  ISSA,  n\u00e9e  le 18/10/1991  au MANS\nARTICLE  2 : la personne  est tenue  de se conformer  au r\u00e8glement  int\u00e9rieur  du centre  de |\nr\u00e9tention  administrative  de N\u00eemes.\nARTICLE  3 : la pr\u00e9sente  habilitation  est valable  du 1\u00b0 janvier  2025  au 31 d\u00e9cembre  2025,  les\nservices  de la pr\u00e9fecture  seront  avertis  dans  les meilleurs  d\u00e9lais  en cas  de radiation  d'un\nm\u00e9diateur  habilit\u00e9  des  effectifs  de l'association.  Tout  renouvellement  sera  sollicit\u00e9  un mois\navant  l'\u00e9ch\u00e9ance  de l'habilitation  en cours.\nARTICLE  4: le Secr\u00e9taire  G\u00e9n\u00e9ral  de la Pr\u00e9fecture  du Gard,  le Directeur  Interd\u00e9partemental\nAdjoint,  Chef  des  services  de Police  aux  Fronti\u00e8res  du Gard,  le directeur  de l'association\nFORUM  REFUGIES,  sont  charg\u00e9s,  chacun  en ce qui le concerne,  de l'ex\u00e9cution  du pr\u00e9sent\narr\u00eat\u00e9.  |\nA Nimes,  le 15/01/2025\nLe Pr\u00e9fet\npr\u00e9  ch\nle secr\u00e9taire. H\u00f4tel  de la Pr\u00e9fecture\n10 avenue  Feuch\u00e8res  \u2014 30045  NIMES  CEDEX  9\nT\u00e9l : 0 4 66 36 43 90 8\nFax  : 04 66 36 00 87 - www.gard.gouv.fr  Yann  G\u00c9RARD\nPrefecture du Gard - 30-2025-01-15-00028 - APhabilitation d'une m\u00e9diatrice de l'association pour l'accueil des r\u00e9fugi\u00e9s FORUM\nREFUGIES au CRA de N\u00eemes 42\nPrefecture du Gard\n30-2025-01-15-00023\nArr\u00eat\u00e9 portant habilitation d'un m\u00e9diateur de\nl'association pour l'accueil des r\u00e9fugi\u00e9s FORUM\nREFUGIES au centre de r\u00e9tention administrative\nde N\u00eemes (GARD)\nPrefecture du Gard - 30-2025-01-15-00023 - Arr\u00eat\u00e9 portant habilitation d'un m\u00e9diateur de l'association pour l'accueil des r\u00e9fugi\u00e9s\nFORUM REFUGIES au centre de r\u00e9tention administrative de N\u00eemes (GARD) 43\n| e e e 4 e\nPR\u00c9FET  Service  des  Migrations  et de I'Int\u00e9gration\nDU GARD  Bureau  de l'\u00c9loignement  et de l'Asile\nLibert\u00e9\nEgalit\u00e9\nFraternit\u00e9\nArr\u00eat\u00e9  n\u00b0 30-2025-\nportant  habilitation  d'un  m\u00e9diateur  |\nde l'association  pour  l'accueil  des  r\u00e9fugi\u00e9s  FORUM  REFUGIES\nau centre  de r\u00e9tention  administrative  de N\u00eemes  (GARD)\nLe Pr\u00e9fet  du Gard,\nChevalier  de la L\u00e9gion  d'Honneur,\nChevalier  de l'ordre  National  du M\u00e9rite,\nVU le code de l'entr\u00e9e  et du s\u00e9jour  des \u00e9trangers  et du droit d'asile,  et notamment  |' article\nR 744-20  et R 744-21;\nVU le r\u00e8glement  int\u00e9rieur  du centre  de r\u00e9tention  administrative  de Nimes;\nVU la demande  d'habilitation  formul\u00e9e  le 30 d\u00e9cembre  2024  par  le directeur  adjoint  de\nl'association  pour  l'accueil  des  r\u00e9fugi\u00e9s  FORUM  REFUGIES  ;\nSUR  proposition  du Secr\u00e9taire  G\u00e9n\u00e9ral  de la Pr\u00e9fecture  du Gard;\nARRETE\nARTICLE  1 : est habilit\u00e9  \u00e0 intervenir  au centre  de r\u00e9tention  administrative  de N\u00eemes  en qualit\u00e9\nde m\u00e9diateur  de l'association  pour  l'accueil  des  r\u00e9fugi\u00e9s  FORUM  REFUGIES  :\nMonsieur  Joris  DIOCHON,  n\u00e9 le 02/02/1989  \u00e0 VILLEURBANNE\nARTICLE  2: la personne  est tenue  de se conformer  au r\u00e8glement  int\u00e9rieur  du centre  de\nr\u00e9tention  administrative  de N\u00eemes.\nARTICLE  3: la pr\u00e9sente  habilitation  est valable  du 1\u00b0 janvier  2025  au 31 d\u00e9cembre  2025.  Les\nservices  de la pr\u00e9fecture  seront  avertis  dans  les meilleurs  d\u00e9lais  en cas  de radiation  d'un\nm\u00e9diateur  habilit\u00e9  des  effectifs  de l'association.  Tout  renouvellement  sera  sollicit\u00e9  un mois\navant  l'\u00e9ch\u00e9ance  de l'habilitation  en cours.\nARTICLE  4 : le Secr\u00e9taire  G\u00e9n\u00e9ral  de la pr\u00e9fecture  du Gard,  le Directeur  Interd\u00e9partemental\nAdjoint,  Chef  des  services  de Police  aux  Fronti\u00e8res  du Gard,  le directeur  de l'association\nFORUM  R\u00c9FUGI\u00c9S,  sont  charg\u00e9s,  chacun  en ce qui  le concerne,  de l'ex\u00e9cution  du pr\u00e9sent\narr\u00eat\u00e9.\nA N\u00eemes,  le 15/01/2025\nLe Pr\u00e9fet\nle secr\u00e9taire  generar\nH\u00f4tel  de la Pr\u00e9fecture\n10 avenue  Feuch\u00e8res  \u2014 30045  NIMES  CEDEX  9\nT\u00e9l : 0 4 66 36 43 90 Vann  GERARD\nFax  : 04 66 36 00 87 - www.gard.gouv.fr\nPrefecture du Gard - 30-2025-01-15-00023 - Arr\u00eat\u00e9 portant habilitation d'un m\u00e9diateur de l'association pour l'accueil des r\u00e9fugi\u00e9s\nFORUM REFUGIES au centre de r\u00e9tention administrative de N\u00eemes (GARD) 44\nPrefecture du Gard\n30-2025-01-14-00003\nARRETE PORTANT HABILITATION d'UNE\nMEDIATRICE DE L' OFII AU CRA DE NIMES\nPrefecture du Gard - 30-2025-01-14-00003 - ARRETE PORTANT HABILITATION d'UNE MEDIATRICE DE L' OFII AU CRA DE NIMES 45\nE JE | + e e J \"4 aPR\u00c9FET  Service  des Migrations  et de l'int\u00e9gration\nDU GARD  Bureau  de I'Eloignement  et de l'Asile\nLibert\u00e9  |\n\u00c9galit\u00e9\nFraternit\u00e9\n_ Arr\u00eat\u00e9  n\u00b0 30-2025-\nportant  habilitation  d'une  m\u00e9diatrice\nde l'OFII  au centre  de r\u00e9tention  administrative  de Nimes  (GARD)\nLe Pr\u00e9fet  du Gard\nChevalier  de la L\u00e9gion  d'Honneur,\nChevalier  de l'Ordre  National  du M\u00e9rite,\nVU le code  de l'entr\u00e9e  et du s\u00e9jour  des  \u00e9trangers  et du droit  d'asile,  et notamment  l'article\nR 744-20  et R 744-21;\nVU le r\u00e9glement  int\u00e9rieur  du centre  de r\u00e9tention  administrative  de N\u00eemes;\nVU is demande  d'habilitation  en date du 09/12/2024  du Directeur  Territorial  Adjoint  de\nI' OFII  ;\nSUR  proposition  du secr\u00e9taire  g\u00e9n\u00e9ral  de la pr\u00e9fecture  du Gard;\nARRETE\n_ ARTICLE  1: est habilit\u00e9e  \u00e0 intervenir  au centre  de r\u00e9tention  administrative  de N\u00eemes  en\nqualit\u00e9  de m\u00e9diatrice  de l'OFII  :\nMadame  DEZ Anais,  n\u00e9e le 31/03/1993  \u00e0 Amiens  (80).\nARTICLE  2: la personne  est tenue  de se conformer  au r\u00e8glement  int\u00e9rieur  du centre  de\nr\u00e9tention  administrative  de N\u00eemes.\nARTICLE  3 : la pr\u00e9sente  habilitation  est valable  du 01 f\u00e9vrier  2025  au 31 d\u00e9cembre  2025.  Les\nservices  de la pr\u00e9fecture  seront  avertis  dans  les meilleurs  d\u00e9lais  en cas  de radiation  d'un\nm\u00e9diateur  habilit\u00e9  des  effectifs  de l'OFII.  Tout  renouvellement  sera  sollicit\u00e9  un mois  avant\nl'\u00e9ch\u00e9ance  de l'habilitation  en cours.\nARTICLE  4: le secr\u00e9taire  g\u00e9n\u00e9ral  de la pr\u00e9fecture  du Gard,  le Directeur  Interd\u00e9partemental\nAdjoint,  Chef  des  services  de Police  aux  Fronti\u00e8res  du Gard,  le directeur  territorial  Adjoint  de\nl'OFII,  sont  charg\u00e9s,  chacun  en ce qui le concerne,  de l'ex\u00e9cution  du pr\u00e9sent  arr\u00eat\u00e9.\nA Nimes,  le 14/01/2025\nH\u00f4tel  de la Pr\u00e9fecture\n10 avenue  Feuch\u00e8res  - 30045  NIMES  CEDEX  9 sarl\nT\u00e9l:  0 4 66 36 43 90 Yann  G\u00c9RARD\nFax  : 04 66 36 00 87 - www.gard.gouv.fr\nPrefecture du Gard - 30-2025-01-14-00003 - ARRETE PORTANT HABILITATION d'UNE MEDIATRICE DE L' OFII AU CRA DE NIMES 46\nPrefecture du Gard\n30-2025-01-15-00024\nArr\u00eat\u00e9 portant habilitation d'une m\u00e9diatrice de\nl'association pour l'accueil des r\u00e9fugi\u00e9s FORUM\nREFUGIES au CRA de N\u00eemes\nPrefecture du Gard - 30-2025-01-15-00024 - Arr\u00eat\u00e9 portant habilitation d'une m\u00e9diatrice de l'association pour l'accueil des r\u00e9fugi\u00e9s\nFORUM REFUGIES au CRA de N\u00eemes 47\nE = \u2014  Wat\nPREFET  Service  des Migrations  et de l'Int\u00e9gration\nDU GARD  Bureau  de I'Eloignement  et de I'Asile\nLibert\u00e9\n\u00c9galit\u00e9\nFraternit\u00e9\nArr\u00eat\u00e9  n\u00b0 30-2025-\nportant  habilitation  d'une  m\u00e9diatrice\nde l'association  pour  l'accueil  des r\u00e9fugi\u00e9s  FORUM  R\u00c9FUGI\u00c9S\nau centre  de r\u00e9tention  administrative  de N\u00eemes  (GARD)\nLe Pr\u00e9fet  du Gard\nChevalier  de la L\u00e9gion  d'Honneur,\nChevalier  de l'Ordre  National  du M\u00e9rite,\nVU le code  de l'entr\u00e9e  et du s\u00e9jour  des  \u00e9trangers  et du droit  d'asile,  et notamment  l'article\nR 744-20  et R 744-21;\nVU le r\u00e8glement  int\u00e9rieur  du centre  de r\u00e9tention  administrative  de Nimes  ;\nVU la demande  d'habilitation  formul\u00e9e  le 30 d\u00e9cembre  2024  par  le Directeur  Adjoint  de\nl'association  pour  l'accueil  des  r\u00e9fugi\u00e9s  FORUM  REFUGIES  ;\nSUR  proposition  du Secr\u00e9taire  G\u00e9n\u00e9ral  de la Pr\u00e9fecture  du Gard  ;\nARRETE\nARTICLE  1: est habilit\u00e9e  a intervenir  au Centre  de R\u00e9tention  Administrative  de Nimes  en\nqualit\u00e9  de m\u00e9diatrice  de l'association  pour  l'accueil  des  r\u00e9fugi\u00e9s  FORUM  REFUGIES  :\nMadame  FERRER  Zo\u00e9,  n\u00e9e  le 19/04/1998  a Echirolles\nARTICLE  2: la personne  est tenue  de se conformer  au r\u00e8glement  int\u00e9rieur  du Centre  de\nR\u00e9tention  Administrative  de Nimes.\nARTICLE  3: la pr\u00e9sente  habilitation  est valable  du 1\u00b0 janvier  2025  au 31 d\u00e9cembre  2025.  Les\nservices  de la pr\u00e9fecture  seront  avertis  dans  les meilleurs  d\u00e9lais  en cas  de radiation  d'un\nm\u00e9diateur  habilit\u00e9  des  effectifs  de l'association.  Tout  renouvellement  sera  sollicit\u00e9  un mois\navant  l'\u00e9ch\u00e9ance  de I'habilitation  en cours.\nARTICLE  4: le Secr\u00e9taire  G\u00e9n\u00e9ral  de la Pr\u00e9fecture  du Gard,  le Directeur  Interd\u00e9partemental\nAdjoint,  Chef  des  services  de Police  aux  Fronti\u00e8res  du Gard,  le directeur  de l'association\nFORUM  REFUGIES,  sont  charg\u00e9s,  chacun  en ce qui le concerne,  de l'ex\u00e9cution  du pr\u00e9sent\narr\u00eat\u00e9.\nA N\u00eemes,  le 15/01/2025\nLe Pr\u00e9fet\nPour  le pr\u00e9fet,\nr\u00e9tgire  g\u00e9n\u00e9ral\nH\u00f4tel  de la Pr\u00e9fecture  :\n10 avenue  Feuch\u00e8res  \u2014 30045  NIMES  CEDEX  9\nT\u00e9l  : 0 4 66 36 43 90\nFax  : 04 66 36 00 87 - www.gard.gouv.fr\nPrefecture du Gard - 30-2025-01-15-00024 - Arr\u00eat\u00e9 portant habilitation d'une m\u00e9diatrice de l'association pour l'accueil des r\u00e9fugi\u00e9s\nFORUM REFUGIES au CRA de N\u00eemes 48\nPrefecture du Gard\n30-2025-01-15-00021\nAP modificatif portant modification de la\ncomposition du CODERST du Gard\nPrefecture du Gard - 30-2025-01-15-00021 - AP modificatif portant modification de la composition du CODERST du Gard 49\nPREFET\nDU GARD\nLibert\u00e9\nEgalit\u00e9\nFraternit\u00e9\nDirection de la citoyennet\u00e9, de la l\u00e9galit\u00e9 et de la coordination\nService des \u00e9lections, de la r\u00e9glementation g\u00e9n\u00e9rale\n et de l'environnement\nBureau de la r\u00e9glementation g\u00e9n\u00e9rale et de l'environnement\nArr\u00eat\u00e9 n\u00b0\nportant modification de l'arr\u00eat\u00e9 n\u00b030-2024-09-23-00002 du 23 septembre 2024\n relatif \u00e0 la composition du conseil d\u00e9partemental de l'environnement et des risques  \nsanitaires et technologiques (CODERST)\nLe pr\u00e9fet du Gard,\nchevalier de la L\u00e9gion d'honneur,\nchevalier de l'ordre national du M\u00e9rite,\nVu le code de la sant\u00e9 publique, et notamment ses articles L. 1416-1 et R. 1416-1 \u00e0 R. 1416- 6  ; \nVu le code g\u00e9n\u00e9ral des collectivit\u00e9s territoriales  ;\nVu le code de l'environnement  ;\nVu l'ordonnance n\u00b0 2004-637 du 1er juillet 2004 relative \u00e0 la simplification de la composition  \net du fonctionnement des commissions administratives et \u00e0 la r\u00e9duction de leur nombre,  \nmodifi\u00e9e ;\nVu l'ordonnance n\u00b0 2005-727 du 30 juin 2005 portant diverses dispositions relatives \u00e0 la  \nsimplification des commissions administratives, modifi\u00e9e  ;\nVu le d\u00e9cret n\u00b0 2006-665 du 7 juin 2006 relatif \u00e0 la r\u00e9duction du nombre et \u00e0 la simplification  \nde la composition de diverses commissions administratives, modifi\u00e9  ;\nVu le  d\u00e9cret  n\u00b0  2009-235  du  27  f\u00e9vrier  2009  relatif  \u00e0  l'organisation  et  aux  missions  des  \ndirections r\u00e9gionales de l'environnement, de l'am\u00e9nagement et du logement  ;\nVu le  d\u00e9cret  n\u00b0  2009-1484  du  3  d\u00e9cembre  2009,  relatif  aux  directions  d\u00e9partementales  \ninterminist\u00e9rielles  ;\nVu le d\u00e9cret n\u00b0 2010-336 du 31 mars 2010 portant cr\u00e9ation des agences r\u00e9gionales de sant\u00e9  ;\nVu  le d\u00e9cret du 13 juillet 2023 du Pr\u00e9sident de la R\u00e9publique nommant Monsieur J\u00e9r\u00f4me  \nBONET pr\u00e9fet du Gard  ;\nVu l'arr\u00eat\u00e9  pr\u00e9fectoral  n\u00b0  2006-235-7  du  23  ao\u00fbt  2006  portant  cr\u00e9ation  du  conseil  \nd\u00e9partemental de l'environnement et des risques sanitaires et technologiques du Gard  ;\nVu l'arr\u00eat\u00e9 pr\u00e9fectoral n\u00b030-2024-09-23-00002 du 23 septembre 2024 portant renouvellement  \nde la composition du conseil d\u00e9partemental de l'environnement et des risques sanitaires et  \ntechnologiques du Gard  ;\nH\u00f4tel de la Pr\u00e9fecture \u2013 10 avenue Feuch\u00e8res \u2013 30  045 N\u00ceMES CEDEX 9T\u00e9l :04 66 36 43 90 \u2013 Fax : 04.66.36.00.87 \u2013 www.gard.gouv.fr\nPrefecture du Gard - 30-2025-01-15-00021 - AP modificatif portant modification de la composition du CODERST du Gard 50\nConsid\u00e9rant la demande \u00e9crite du 07 janvier 2025 relative \u00e0 la repr\u00e9sentation de la CARSAT-\nLR  au  sein  du  CODERST,  coll\u00e8ge  des  associations,  professions  et  experts  (ing\u00e9nieurs  en  \nhygi\u00e8ne et s\u00e9curit\u00e9) suite \u00e0 une r\u00e9organisation de service  ;\nSur proposition du secr\u00e9taire g\u00e9n\u00e9ral de la pr\u00e9fecture du Gard  ;\nARR\u00caTE\nArticle 1  er     :  \nL'arr\u00eat\u00e9 pr\u00e9fectoral n\u00b030-2024-09-23-00002 du 23 septembre 2024 portant renouvellement de  \nla composition du CODERST du Gard est modifi\u00e9 comme suit  :\nPr\u00e9sident     :   \n - Le pr\u00e9fet du Gard ou son repr\u00e9sentant  ;\nI - Services de l'Etat     :  \n-Le directeur r\u00e9gional de l'environnement, de l'am\u00e9nagement et du logement \n(DREAL) ;\n-Le  directeur  d\u00e9partemental  de  la  protection  des  populations  DDPP)  et  un  \nrepr\u00e9sentant suppl\u00e9mentaire  ;\n- Le directeur d\u00e9partemental des territoires et de la mer (DDTM) et un repr\u00e9sentant  \nsuppl\u00e9mentaire ;\n- Le chef du service interminist\u00e9riel de d\u00e9fense et protection civile (SIDPC)  ;\nou leurs repr\u00e9sentants\nI bis - Le directeur de la d\u00e9l\u00e9gation d\u00e9partementale de l'agence r\u00e9gionale de sant\u00e9  \n(DD ARS) ou son repr\u00e9sentant  ;\nII - Collectivit\u00e9s territoriales     :  \nRepr\u00e9sentants du conseil d\u00e9partemental  :\nTitulaires Suppl\u00e9ants\nM. Alexandre PISSAS, conseiller d\u00e9partemental  \ndu canton de Bagnols sur C\u00e8ze,Mme Sylvie NICOLLE, conseill\u00e8re d\u00e9partementale du \ncanton de Bagnols sur C\u00e8ze,\nMme B\u00e9reng\u00e8re NOGUIER, conseill\u00e8re \nd\u00e9partementale du canton d'Uz\u00e8s,M G\u00e9rard BLANC, conseiller d\u00e9partemental du \ncanton de Redessan,\nRepr\u00e9sentants des maires :\nTitulaires Suppl\u00e9ants\nM. Gilles DELALIEU, maire de Cornillon M Nicolas CARTAILLER, maire de Remoulins\nM. Bernard DUCROS, maire d'Orsan M.Didier SALLES, maire de Deaux\nM. S\u00e9bastien BAYART, maire de Codolet M. Joffrey LEON, maire d' Uchaud\n2Prefecture du Gard - 30-2025-01-15-00021 - AP modificatif portant modification de la composition du CODERST du Gard 51\nIII - Associations, professions et experts:\nAssociations agr\u00e9\u00e9es de consommateurs     :   \n- titulaire : M. Bernard DESANDRE (UFC Que Choisir)\n- suppl\u00e9ante : M Andr\u00e9 MOULIN (UFC Que Choisir)\nF\u00e9deration du Gard pour la p\u00eache et la protection du milieu aquatique:\n- titulaire : M. Vincent RAVEL\n- suppl\u00e9ant : M. Xavier BODY \nAssociations agr\u00e9\u00e9es de protection de la nature et de d\u00e9fense de l'environnement     :  \n- titulaire : M. Jean Francis GOSSELIN\n- suppl\u00e9ant : M. Christian CAMELIS\nProfession agricole     :  \n- titulaire : M. Philippe CAVALIER\n- suppl\u00e9ant : Mme Sabine LAGARDE\nProfession du b\u00e2timent     :  \n- titulaire : M. Henry BRIN\n- suppl\u00e9ant : M. Jeremy PECH\nIndustriels exploitants d'installations class\u00e9es     :  \n- titulaire :  M. Jean-Paul BOURNONVILLE\n- suppl\u00e9ant : M. Marc BERMOND\nIng\u00e9nieur chimiste:\n- titulaire :  M.Jean-Louis FANLO\n- suppl\u00e9ant : Mme Agn\u00e8s BARTHE\nIng\u00e9nieurs en hygi\u00e8ne et s\u00e9curit\u00e9     :  \n- titulaire : Mme Fran\u00e7oise CALLET\n- suppl\u00e9ante : Mme Sadrina BERTRAND\nHydrog\u00e9ologues     :  \n- titulaire : M. Vincent VALLES\nIV - Personnalit\u00e9s qualifi\u00e9es:\n-  Docteur  Eric  LEGOUFFE,  m\u00e9decin  (titulaire)  et  docteur  Sophie  GAUTARD,  \nm\u00e9decin, suppl\u00e9ante),\n- Docteur Odile VIDONNE-SARTRE  m\u00e9decin,\n- M.Pierre-Alain PELLEGRINI, directeur du laboratoire d\u00e9partemental d'analyses du  \nGard),\n- Commandant des sapeurs pompiers Pascal DUPUIS (titulaire) et Lcl Eric GUIBOUD-\nRIBAUD (suppl\u00e9ant).\n3Prefecture du Gard - 30-2025-01-15-00021 - AP modificatif portant modification de la composition du CODERST du Gard 52\nArticle 2 : \nLorsqu'il  est  consult\u00e9  sur  les  d\u00e9clarations  d'i nsalubrit\u00e9,  le  conseil  d\u00e9partemental  de  \nl'environnement  et  des  risques  sanitaires  et  technologiques  peut  se  r\u00e9unir  en  formation  \nsp\u00e9cialis\u00e9e. Pr\u00e9sid\u00e9e par le pr\u00e9fet ou son repr\u00e9sentant, cette formation comprend :\nI - Services de l'Etat :\n- Le directeur d\u00e9partemental des territoires et de la mer ou son repr\u00e9sentant ;\n-  Le  directeur  d\u00e9partemental  de  l'emploi,  du  travail  et  des  solidarit\u00e9s,  ou  son  \nrepr\u00e9sentant ;\nI bis - Le directeur de la d\u00e9l\u00e9gation d\u00e9partementale de l'agence r\u00e9gionale de sant\u00e9;  \nII - Collectivit\u00e9s territoriales:\nRepr\u00e9sentant du conseil d\u00e9partemental  :\n- titulaire : M Robert CRAUSTE, conseiller d\u00e9partemental du canton d'Aigues- Mortes  \n- suppl\u00e9ant : M Richard TIBERINO, conseiller d\u00e9partemental du canton de N\u00eemes VI  ;\nRepr\u00e9sentant des maires :\n- titulaire : M Claude CERPEDES, maire de Saint-Martin-de-Valgalgues\n- suppl\u00e9ant : M. Sylvain ANDRE, maire de Cendras.\nIII - Associations, professions et experts:\nAssociations agr\u00e9\u00e9es de consommateurs     :  \n- titulaire : Mme Josette PASINETTI\n- suppl\u00e9ant : M. Bernard DESANDRE\nProfession du b\u00e2timent     :  \n- titulaire : M. Henry BRIN \n- suppl\u00e9ant : M. Jeremy PECH\nArchitectes     :  \nTitulaire : M. Antoine BRUGUEROLLE\nSuppl\u00e9ant : M. Cl\u00e9ment LEBERT\nIV- personnalit\u00e9s qualifi\u00e9es:\n- Docteur Eric LEGOUFFE, m\u00e9decin (titulaire) et docteur Sophie GAUTARD, m\u00e9decin  \n(suppl\u00e9ante).\n-  Mme  Prune  METAUD,  juriste  ADIL  30  (titulaire)  et  M.  Fran\u00e7ois  STEINMETZ,  \nconseiller juriste ADIL 30 (suppl\u00e9ant).\n4Prefecture du Gard - 30-2025-01-15-00021 - AP modificatif portant modification de la composition du CODERST du Gard 53\nArticle 3 :\nLe mandat des membres du conseil d\u00e9sign\u00e9s aux articles 1er et 2 du pr\u00e9sent arr\u00eat\u00e9 prendra fin  \nle 27 septembre 2027 conform\u00e9ment aux dispositions de l'arr\u00eat\u00e9 pr\u00e9fectoral n\u00b030-2024-09-23-\n00002 du 23 septembre 2024 portant renouvellement de la composition du CODERST du  \nGard.\nArticle 4     :  \nLe pr\u00e9sent arr\u00eat\u00e9 peut faire l'objet, dans un d\u00e9lai de deux mois \u00e0 compter de sa publication  \nau recueil des actes administratifs de la pr\u00e9fecture ou de sa notification, soit d'un recours  \ngracieux aupr\u00e8s du pr\u00e9fet du Gard, soit d'un recours hi\u00e9rarchique aupr\u00e8s du ministre de  \nl'int\u00e9rieur.\nIl peut \u00e9galement faire l'objet d'un recours contentieux aupr\u00e8s du tribunal administratif de  \nN\u00eemes, soit :\n- directement, en l'absence de recours pr\u00e9alable, dans un d\u00e9lai de deux mois \u00e0 compter de sa  \npublication ;\n- \u00e0 l'issue d'un recours pr\u00e9alable, dans le d\u00e9lai de deux mois \u00e0 compter de la date de sa  \nnotification de la r\u00e9ponse obtenue de l'administration, ou au terme d'un silence gard\u00e9 par  \ncelle-ci pendant deux mois \u00e0 compter de la r\u00e9ception de la demande.\nLe  tribunal  administratif  peut  aussi  \u00eatre  saisi  par  l'application  informatique  \u00ab  T\u00e9l\u00e9recours \ncitoyens \u00bb accessible par le site internet www.telerecours.fr\nArticle 5     :   \nLe secr\u00e9taire g\u00e9n\u00e9ral de la pr\u00e9fecture du Gard est charg\u00e9 de l'ex\u00e9cution du pr\u00e9sent arr\u00eat\u00e9, qui  \nsera  notifi\u00e9  aux  membres  du  conseil  d\u00e9partemental  de  l'environnement  et  des  risques  \nsanitaires et technologiques du Gard.\n\u00e0 N\u00eemes,\nLe pr\u00e9fet, \npour le pr\u00e9fet et par d\u00e9l\u00e9gation,\n le secr\u00e9taire g\u00e9n\u00e9ral \n5Prefecture du Gard - 30-2025-01-15-00021 - AP modificatif portant modification de la composition du CODERST du Gard 54","date":"2025-01-16","first_seen_on":"2025-01-16T15:10:35+00:00","id":"a1e1ffd6fe33801dde62a853e44361bc7760da805285bd979d943358973aa220","name":"recueil-30-2025-009-nominatifs du 16 01 2025","pdf_creation_date":"2025-01-16T14:51:06+00:00","pdf_modification_date":null,"timezone":"CET","url":"https://www.gard.gouv.fr/contenu/telechargement/61656/457435/file/recueil-30-2025-009-nominatifs%20du%2016%2001%202025.pdf"}
