{"administration":"pref69","administration_name":"Pr\u00e9fecture du Rh\u00f4ne","content":"PR\u00c9F\u00c8TE\nDU RH\u00d4NE\nRECUEIL DES ACTES\nADMINISTRATIFS SP\u00c9CIAL\nN\u00b069-2026-048\nPUBLI\u00c9 LE 13 F\u00c9VRIER 2026\nSommaire\n69_DDT_Direction d\u00e9partementale des territoires du Rh\u00f4ne /\n69-2026-02-13-00001 - Arr\u00eat\u00e9 pr\u00e9fectoral\nn\u00b0\u00a069-2026-02-13-00001\nportant r\u00e9glementation temporaire de la\ncirculation sur l'autoroute A46\nrelatif \u00e0 l'autorisation d'une\nbattue administrative de lieutenants de louveterie\nconcernant la\ndestruction de sangliers occasionnant des d\u00e9g\u00e2ts sur la commune de\nMarennes (4 pages) Page 3\n69-2026-02-13-00003 - Arr\u00eat\u00e9 pr\u00e9fectoral n\u00b0\u00a0DDT\u00a0-\u00a0SEA_2026\n02 13 003 du 13 f\u00e9vrier 2026 Encadrant le d\u00e9lai de d\u00e9p\u00f4t des\ndemandes au titre de l'indemnisation fond\u00e9e sur la solidarit\u00e9\nnationale suite aux orages de gr\u00eale, vents et pluies de mai \u00e0 juillet 2025 (2\npages) Page 8\n69_Pr\u00e9f_Pr\u00e9fecture du Rh\u00f4ne / Pr\u00e9fet d\u00e9l\u00e9gu\u00e9 pour la\nd\u00e9fense et la s\u00e9curit\u00e9\n69-2026-02-12-00003 - ARR\u00caT\u00c9 PR\u00c9FECTORAL portant interdiction de\nrassemblement automobile non d\u00e9clar\u00e9 sur la voie publique dans le\nd\u00e9partement du Rh\u00f4ne du vendredi 13 f\u00e9vrier 2026 18h00 au lundi 16\nf\u00e9vrier 2026 08h00 (4 pages) Page 11\n2\n69_DDT_Direction d\u00e9partementale des\nterritoires du Rh\u00f4ne\n69-2026-02-13-00001\nArr\u00eat\u00e9 pr\u00e9fectoral n\u00b0\u00a069-2026-02-13-00001\nportant r\u00e9glementation temporaire de la\ncirculation sur l'autoroute A46\nrelatif \u00e0 l'autorisation d'une battue\nadministrative de lieutenants de louveterie\nconcernant la destruction de sangliers\noccasionnant des d\u00e9g\u00e2ts sur la commune de\nMarennes\n69_DDT_Direction d\u00e9partementale des territoires du Rh\u00f4ne - 69-2026-02-13-00001 - Arr\u00eat\u00e9 pr\u00e9fectoral n\u00b0\u00a069-2026-02-13-00001\nportant r\u00e9glementation temporaire de la circulation sur l'autoroute A46\nrelatif \u00e0 l'autorisation d'une battue administrative de lieutenants de louveterie\nconcernant la destruction de sangliers occasionnant des d\u00e9g\u00e2ts sur la commune de Marennes\n3\nesPREFETEDU RHONELibert\u00e9Egalit\u00e9Fraternit\u00e9\nDirection d\u00e9partementale\ndes territoires\nArr\u00eat\u00e9 pr\u00e9fectoral n\u00b0 69-2026-02-13-00001\nportant r\u00e9glementation temporaire de la circulation sur l'autoroute A46\nrelatif \u00e0 l'autorisation d'une battue administrative de lieutenants de louveterie\nconcernant la destruction de sangliers occasionnant des d\u00e9g\u00e2ts sur la commune de Marennes\nLa Pr\u00e9f\u00e8te de la R\u00e9gion Auvergne-Rh\u00f4ne-Alpes,\nPr\u00e9f\u00e8te de la Zone de d\u00e9fense et de s\u00e9curit\u00e9 Sud-Est,\nPr\u00e9f\u00e8te du Rh\u00f4ne,\nCommandeur de la L\u00e9gion d'honneur,\nCommandeur de l'ordre national du M\u00e9rite\nVU\u00a0le code de la route ;\nVU\u00a0le code de la voirie routi\u00e8re ;\nVU\u00a0la loi n\u00b0 55-435 du 18 avril 1955 modifi\u00e9e portant statut des autoroutes ;\nVU\u00a0le d\u00e9cret  en conseil  des  ministres du 11 janvier  2023  portant  nomination  de Mme Fabienne\nBUCCIO, en qualit\u00e9 de pr\u00e9f\u00e8te de la r\u00e9gion Auvergne-Rh\u00f4ne-Alpes, pr\u00e9f\u00e8te de la zone de d\u00e9fense et\nde s\u00e9curit\u00e9 Sud-Est, pr\u00e9f\u00e8te du Rh\u00f4ne ;\nVU\u00a0le d\u00e9cret en conseil des ministres du 6 novembre 2024 portant nomination de M. Antoine GUERIN,\nen qualit\u00e9 de pr\u00e9fet d\u00e9l\u00e9gu\u00e9 pour la d\u00e9fense et la s\u00e9curit\u00e9 aupr\u00e8s de la pr\u00e9f\u00e8te de la r\u00e9gion Auvergne-\nRh\u00f4ne-Alpes, pr\u00e9f\u00e8te de la zone de d\u00e9fense et de s\u00e9curit\u00e9 Sud-Est, pr\u00e9f\u00e8te du Rh\u00f4ne ;\nVU\u00a0le d\u00e9cret n\u00b0 96-982 du 8 novembre 1996 relatif \u00e0 la police de circulation sur les autoroutes ;\nVU\u00a0le d\u00e9cret n\u00b0 2004-374 du 29 avril 2004 modifi\u00e9 relatif aux pouvoirs des pr\u00e9fets, \u00e0 l'organisation et \u00e0\nl'action des services d l'\u00c9tat dans les r\u00e9gions et d\u00e9partements ;\nVU\u00a0l'arr\u00eat\u00e9 interminist\u00e9riel du 24 novembre 1967 modifi\u00e9 relatif \u00e0 la signalisation des routes et des\nautoroutes ;\nVU\u00a0l'arr\u00eat\u00e9  pr\u00e9fectoral  n\u00b0  DDT-2026-A10  du  12  f\u00e9vrier  2026  relatif  \u00e0  l'autorisation  d'une  battue\nadministrative de lieutenants de louveterie concernant la destruction de sangliers occasionnant des\nd\u00e9g\u00e2ts sur la commune de Marennes ; \nVU\u00a0l'arr\u00eat\u00e9 pr\u00e9fectoral n\u00b0 69-2025-09-08-00008 du 08 septembre 2025 portant d\u00e9l\u00e9gation de signature\n\u00e0 M. Xavier CEREZA, directeur d\u00e9partemental des territoires du Rh\u00f4ne ;\nVU\u00a0l'instruction  interminist\u00e9rielle  sur  la  signalisation  routi\u00e8re  (Livre  I,  8 \u00e8me partie  :  signalisation\ntemporaire) approuv\u00e9e par l'arr\u00eat\u00e9 interminist\u00e9riel du 6 novembre 1992 et modifi\u00e9e par les textes\nsubs\u00e9quents ;\nVU\u00a0la d\u00e9cision n\u00b0  DDT-69-2025-09-11-00001 du 11 septembre 2025 de M.  Xavier CEREZA, directeur\nd\u00e9partemental des territoires du Rh\u00f4ne portant subd\u00e9l\u00e9gation de signature en mati\u00e8re d'attributions\ng\u00e9n\u00e9rales \u00e0 M. Nicolas CROSSONNEAU, chef du service s\u00e9curit\u00e9 et transports ;\n69_DDT_Direction d\u00e9partementale des territoires du Rh\u00f4ne - 69-2026-02-13-00001 - Arr\u00eat\u00e9 pr\u00e9fectoral n\u00b0\u00a069-2026-02-13-00001\nportant r\u00e9glementation temporaire de la circulation sur l'autoroute A46\nrelatif \u00e0 l'autorisation d'une battue administrative de lieutenants de louveterie\nconcernant la destruction de sangliers occasionnant des d\u00e9g\u00e2ts sur la commune de Marennes\n4\nVU\u00a0l'avis  favorable  de  la  compagnie  r\u00e9publicaine  de  s\u00e9curit\u00e9  autorouti\u00e8re  Rh\u00f4ne-Alpes-Auvergne\n(CRSARAA) du 12 f\u00e9vrier 2026 ;\nVU\u00a0l'avis favorable du d\u00e9partement du Rh\u00f4ne (Service Voirie Sud) du 11 f\u00e9vrier 2026 ;\nVU\u00a0les demandes d'avis rest\u00e9es sans r\u00e9ponse de la Direction Interd\u00e9partementale des Routes Centre-Est\n(DIRCE), service r\u00e9gional d'exploitation de Lyon (PC-Genas) ;\nVU\u00a0l'avis favorable de la M\u00e9tropole de Lyon du 12 f\u00e9vrier 2026 ;\nVU\u00a0l'information communiqu\u00e9e au service d\u00e9partemental et m\u00e9tropolitain d'incendie et de secours en\ndate du 10 f\u00e9vrier 2026 ;\nCONSID\u00c9RANT la demande pr\u00e9sent\u00e9e par le groupe des Autoroutes du Sud de la France (ASF/VINCI) le\n10 f\u00e9vrier 2026, qui sollicite la fermeture temporaire des bretelles entr\u00e9e/sortie n\u00b0 15 (Saint-Symphorien\nd'Ozon) de l'autoroute A46-Sud (direction Marseille), pendant une battue administrative le dimanche 15\nf\u00e9vrier 2026 de 07 heures 00 \u00e0 16 heures 00 ;\nCONSID\u00c9RANT que pendant la battue administrative, au niveau de l'\u00e9changeur n\u00b0 15 (Saint-Symphorien\nd'Ozon) de l'autoroute A46-Sud (direction Marseille), il y a lieu de r\u00e9glementer la circulation afin de\npr\u00e9venir tout risque d'accident et d'assurer un \u00e9coulement satisfaisant du trafic ;\nCONSID\u00c9RANT qu'il y a lieu d'assurer la s\u00e9curit\u00e9 des participants et permettre le bon d\u00e9roulement de\ncette battue ;\nCONSID\u00c9RANT\u00a0que la section concern\u00e9e est situ\u00e9e hors agglom\u00e9ration ;\nSur proposition\u00a0du directeur d\u00e9partemental des territoires du Rh\u00f4ne,\nA R R \u00ca T E\nARTICLE\u00a01\nLa battue administrative n\u00e9cessite pour des raisons de s\u00e9curit\u00e9 les fermetures suivantes de l'autoroute\nA46, dans le sens 1 (Paris/Marseille) :\n-  Fermeture\u00a0de\u00a0la\u00a0bretelle\u00a0d'entr\u00e9e\u00a0n\u00b0\u00a015\u00a0(Saint-Symphorien\u00a0d'Ozon)\n-\u00a0\u00a0Fermeture\u00a0de\u00a0la\u00a0bretelle\u00a0de\u00a0sortie\u00a0n\u00b0\u00a015\u00a0(Saint-Symphorien\u00a0d'Ozon),\n\u25aa le dimanche 15 f\u00e9vrier 2026, de 07 heures 00 \u00e0 16 heures 00.\nARTICLE\u00a02\nDurant la fermeture  de la bretelle d'entr\u00e9e, les automobilistes devront  emprunter  l'\u00e9changeur  de\nCorbas sur la route d\u00e9partementale n\u00b0301 (RD301) pour rejoindre l'autoroute A46 en direction de\nMarseille.\nPendant la fermeture de la bretelle de sortie, les automobilistes devront emprunter la sortie n\u00b014 puis\nla sortie Corbas sur RD301.\nARTICLE\u00a03\nLes dispositions du pr\u00e9sent arr\u00eat\u00e9 s'appliquent \u00e0 la date et au cr\u00e9neau horaire fix\u00e9s \u00e0 l'article premier.\n2/4\n69_DDT_Direction d\u00e9partementale des territoires du Rh\u00f4ne - 69-2026-02-13-00001 - Arr\u00eat\u00e9 pr\u00e9fectoral n\u00b0\u00a069-2026-02-13-00001\nportant r\u00e9glementation temporaire de la circulation sur l'autoroute A46\nrelatif \u00e0 l'autorisation d'une battue administrative de lieutenants de louveterie\nconcernant la destruction de sangliers occasionnant des d\u00e9g\u00e2ts sur la commune de Marennes\n5\nARTICLE\u00a04\nEn cas d'incident ou d'accident, les services d'Autoroutes du Sud de la France pourront prendre toutes\nles  mesures  qui  s'imposent  afin  d'assurer  la  s\u00e9curit\u00e9  des  usagers,  et  seront  autoris\u00e9s  \u00e0  \u00e9vacuer\nimm\u00e9diatement de la zone de chantier ou des zones de balisage, par poussage ou traction, tout\nv\u00e9hicule immobilis\u00e9.\nARTICLE\u00a05\nLa signalisation temporaire r\u00e9glementaire sera conforme \u00e0 l'instruction interminist\u00e9rielles (livre I-8 \u00e8me\npartie) approuv\u00e9e par arr\u00eat\u00e9 interminist\u00e9riel du 6 novembre 1992 et aux manuels du chef de chantier.\nLes diff\u00e9rentes dispositions relatives \u00e0 l'exploitation sous chantier, \u00e0 la signalisation et \u00e0 la s\u00e9curit\u00e9 sont\ncontenues dans les manuels de signalisation temporaire \u00e9labor\u00e9s par la soci\u00e9t\u00e9 des Autoroutes du Sud\nde la France.\nLa  mise en  place,  le contr\u00f4le,  la  maintenance  et  l'enl\u00e8vement  de  la  signalisation  temporaire  (ou\nsp\u00e9cifique) adapt\u00e9e sont plac\u00e9s sous la responsabilit\u00e9 des services des Autoroutes du Sud de la France.\nL'entreprise charg\u00e9e des travaux prendra toutes les mesures de protection utiles sous le contr\u00f4le des\nservices des Autoroutes du Sud de la France et des forces de l'ordre.\nDans  les  zones  des  tunnels,  la  signalisation  dynamique  sera  utilis\u00e9e  au  titre  de  la  signalisation\ntemporaire.\nARTICLE\u00a06\nLes  forces  de  l'ordre  seront  pr\u00e9sentes,  si  elles  sont  requises,  pour  accompagner  les  \u00e9quipes\nd'intervention des gestionnaires des routes, afin de faire respecter les mesures de police n\u00e9cessaires \u00e0\nla r\u00e9alisation de cette op\u00e9ration et \u00e0 la mise en place de la signalisation, dans les cas de fermeture.\nToutefois, dans le cas o\u00f9 les forces de l'ordre, une fois requises, seraient dans l'impossibilit\u00e9 d'\u00eatre\npr\u00e9sentes  ainsi  que  dans  le  cas  o\u00f9  les  forces  de  l'ordre  ne  seraient  pas  requises,  les  \u00e9quipes\nd'intervention  des  gestionnaires  des  routes  seront  autoris\u00e9es  \u00e0  r\u00e9aliser  seules  ces  op\u00e9rations  de\nbalisage au moyen de dispositifs de signalisation,  sous r\u00e9serve de la politique interne de chaque\nexploitant.\nARTICLE\u00a07\nToute infraction au pr\u00e9sent arr\u00eat\u00e9 sera constat\u00e9e par proc\u00e8s-verbal dress\u00e9 par les forces de l'ordre.\nARTICLE\u00a08\nLa direction interd\u00e9partementale des routes de la zone de d\u00e9fense Sud-Est (DIR Zone) doit \u00eatre tenue\ninform\u00e9e des diff\u00e9rentes phases de chantier ainsi que des conditions de circulation, afin d'informer les\nusagers au mieux \u00e0 l'aide de ses propres moyens de communication.\nEn cons\u00e9quence, les services de la soci\u00e9t\u00e9 des Autoroutes du Sud de la France informent la DIR de\nzone, par courriel ou par t\u00e9l\u00e9copie, des diff\u00e9rents balisages relatifs \u00e0 chaque phase, des perturbations\nsur le trafic ainsi que leurs \u00e9volutions.\nARTICLE\u00a09\nLe pr\u00e9sent arr\u00eat\u00e9 sera affich\u00e9 aux abords imm\u00e9diats de la zone ferm\u00e9e.\n3/4\n69_DDT_Direction d\u00e9partementale des territoires du Rh\u00f4ne - 69-2026-02-13-00001 - Arr\u00eat\u00e9 pr\u00e9fectoral n\u00b0\u00a069-2026-02-13-00001\nportant r\u00e9glementation temporaire de la circulation sur l'autoroute A46\nrelatif \u00e0 l'autorisation d'une battue administrative de lieutenants de louveterie\nconcernant la destruction de sangliers occasionnant des d\u00e9g\u00e2ts sur la commune de Marennes\n6\nARTICLE \u00a010\n- Le pr\u00e9fet, secr\u00e9taire g\u00e9n\u00e9ral de la pr\u00e9fecture du Rh\u00f4ne,\n- le pr\u00e9sident de la m\u00e9tropole de Lyon,\n- le directeur r\u00e9gional de la soci\u00e9t\u00e9 des Autoroutes du Sud de la France (Vinci-autoroutes),\n- le commandant de la compagnie r\u00e9publicaine de s\u00e9curit\u00e9 autorouti\u00e8re Rh\u00f4ne-Alpes-Auvergne\n(CRSARAA),\n- le directeur de l'entreprise adjudicataire des travaux sous couvert du directeur r\u00e9gional\nd'ASF de la r\u00e9gion Rh\u00f4ne-Alpes Auvergne,\nsont  charg\u00e9s,  chacun  en  ce  qui  le  concerne,  de  l'ex\u00e9cution  du  pr\u00e9sent  arr\u00eat\u00e9,  dont  copie  est\nadress\u00e9e :\n- \u00e0 la directrice interd\u00e9partementale des routes Centre-Est (PC-Genas),\n- au commandant du groupement de gendarmerie du Rh\u00f4ne,\n- au directeur de la sous-direction de la gestion du r\u00e9seau autoroutier conc\u00e9d\u00e9,\n- au maire de la ville de Corbas,\n- au directeur du service d\u00e9partemental et m\u00e9tropolitain d'incendie et de secours,\n- \u00e0 l'officier du minist\u00e8re public pr\u00e8s du tribunal de police de Lyon,\n- au directeur d\u00e9partemental des territoires du Rh\u00f4ne.\nLyon, le \nLa pr\u00e9f\u00e8te,\npour la pr\u00e9f\u00e8te et par d\u00e9l\u00e9gation,\nle directeur d\u00e9partemental des territoires du Rh\u00f4ne,\npour le directeur et par subd\u00e9l\u00e9gation,\nle chef du service s\u00e9curit\u00e9 et transports,\nD\u00e9lais\u00a0et\u00a0voies\u00a0de\u00a0recours\u00a0:\nConform\u00e9ment \u00e0 l'article R.421-1 du code de justice administrative, la pr\u00e9sente d\u00e9cision peut faire l'objet d'un recours\ncontentieux, dans le d\u00e9lai de deux mois \u00e0 compter de sa notification, devant le tribunal administratif de Lyon (184, rue\nDuguesclin \u2013 69 433 Lyon Cedex 03, ou sur l'application www.telerecours.fr). Elle peut \u00e9galement faire l'objet d'un\nrecours gracieux aupr\u00e8s de Madame la Pr\u00e9f\u00e8te du Rh\u00f4ne. Cette d\u00e9marche interrompt le d\u00e9lai de recours contentieux,\nce dernier devant \u00eatre introduit dans le d\u00e9lai de deux mois suivant une d\u00e9cision implicite ou explicite de l'autorit\u00e9\ncomp\u00e9tente (le silence de l'administration pendant un d\u00e9lai de deux mois valant d\u00e9cision implicite de rejet).\n4/4\n69_DDT_Direction d\u00e9partementale des territoires du Rh\u00f4ne - 69-2026-02-13-00001 - Arr\u00eat\u00e9 pr\u00e9fectoral n\u00b0\u00a069-2026-02-13-00001\nportant r\u00e9glementation temporaire de la circulation sur l'autoroute A46\nrelatif \u00e0 l'autorisation d'une battue administrative de lieutenants de louveterie\nconcernant la destruction de sangliers occasionnant des d\u00e9g\u00e2ts sur la commune de Marennes\n7\n69_DDT_Direction d\u00e9partementale des\nterritoires du Rh\u00f4ne\n69-2026-02-13-00003\nArr\u00eat\u00e9 pr\u00e9fectoral n\u00b0\u00a0DDT\u00a0-\u00a0SEA_2026 02 13\n003 du 13 f\u00e9vrier 2026 Encadrant le d\u00e9lai de\nd\u00e9p\u00f4t des demandes au titre de l'indemnisation\nfond\u00e9e sur la solidarit\u00e9 nationale suite aux orages\nde gr\u00eale, vents et pluies de mai \u00e0 juillet 2025\n69_DDT_Direction d\u00e9partementale des territoires du Rh\u00f4ne - 69-2026-02-13-00003 - Arr\u00eat\u00e9 pr\u00e9fectoral n\u00b0\u00a0DDT\u00a0-\u00a0SEA_2026 02 13\n003 du 13 f\u00e9vrier 2026 Encadrant le d\u00e9lai de d\u00e9p\u00f4t des demandes au titre de l'indemnisation fond\u00e9e sur la solidarit\u00e9 nationale suite\naux orages de gr\u00eale, vents et pluies de mai \u00e0 juillet 2025\n8\nesPREFETEDU RHONELibert\u00e9Egalit\u00e9Fraternit\u00e9\nDirection d\u00e9partementale\ndes territoires\nArr\u00eat\u00e9 pr\u00e9fectoral n\u00b0 DDT - SEA_2026 02 13 003 du 13 f\u00e9vrier 2026\nEncadrant le d\u00e9lai de d\u00e9p\u00f4t des demandes au titre de l'indemnisation fond\u00e9e sur la solidarit\u00e9 \nnationale suite aux orages de gr\u00eale, vents et pluies de mai \u00e0 juillet 2025\nLa Pr\u00e9f\u00e8te de la R\u00e9gion Auvergne-Rh\u00f4ne-Alpes,\nPr\u00e9f\u00e8te de la Zone de d\u00e9fense et de s\u00e9curit\u00e9 sud-est,\nPr\u00e9f\u00e8te du Rh\u00f4ne,\nCommandeur de la L\u00e9gion d'honneur,\nCommandeur de l'ordre national du M\u00e9rite,\nVU le Code rural et de la p\u00eache maritime, et notamment ses articles D. 361-44-5 et suivants, \nVU l'arr\u00eat\u00e9 minist\u00e9riel du 8 janvier 2026 r econnaissant l'\u00e9ligibilit\u00e9 des pertes de r\u00e9colte caus\u00e9es par les  \norages de gr\u00eale, vents et pluies de mai \u00e0 juillet 2025 dans le d\u00e9partement du Rh\u00f4ne au titre de  \nl'indemnisation fond\u00e9e sur la solidarit\u00e9 nationale, \nVU l'instruction technique n\u00b0 DGPE/SDC/2024-7 relative \u00e0 la gestion de l'indemnisation fond\u00e9e sur la  \nsolidarit\u00e9 nationale pour les cultures non assur\u00e9es hors prairies par les services d\u00e9concentr\u00e9s de l'\u00c9tat  \nen date du 1er janvier 2024,\nVU l'arr\u00eat\u00e9 pr\u00e9fectoral n\u00b069-2025-09-08-00008 du 8 septembre 2025 portant d\u00e9l\u00e9gation de signature \u00e0  \nM. Xavier CEREZA, directeur d\u00e9partemental des territoires du Rh\u00f4ne, \nVU la d\u00e9cision n\u00b069-2025-09-11-000011 du 11 septembre 2025 portant subd\u00e9l\u00e9gation de signature en  \nmati\u00e8re d'attributions g\u00e9n\u00e9rales,\nSur proposition du directeur d\u00e9partemental des territoires du Rh\u00f4ne\nARR\u00caTE\nArticle     1  \u00a0:\u00a0\nLes  demandes  d'indemnisation  formul\u00e9es  par  les  exploitants  agricoles  au  titre  de  l'indemnisation \nfond\u00e9e sur la solidarit\u00e9 nationale pour les pertes de r\u00e9colte en abricot, p\u00eache, nectarine, prune, poire,  \npomme et vigne (raisin de cuve) cons\u00e9cutives aux orages de gr\u00eale, vents violents et pluies de mai \u00e0  \n1/2\n69_DDT_Direction d\u00e9partementale des territoires du Rh\u00f4ne - 69-2026-02-13-00003 - Arr\u00eat\u00e9 pr\u00e9fectoral n\u00b0\u00a0DDT\u00a0-\u00a0SEA_2026 02 13\n003 du 13 f\u00e9vrier 2026 Encadrant le d\u00e9lai de d\u00e9p\u00f4t des demandes au titre de l'indemnisation fond\u00e9e sur la solidarit\u00e9 nationale suite\naux orages de gr\u00eale, vents et pluies de mai \u00e0 juillet 2025\n9\njuillet 2025 doivent \u00eatre pr\u00e9sent\u00e9es aupr\u00e8s de la DDT du Rh\u00f4ne \u00e0 partir du 17 f\u00e9vrier 2026 et au plus  \ntard le 25 mars 2026  : \n- par voie \u00e9lectronique depuis l'application ALEANAT\n- par voie postale \u00e0 l'adresse suivante :\nDirection D\u00e9partementale des Territoires du Rh\u00f4ne\nService \u00e9conomie agricole \n165 rue Garibaldi 69401 LYON Cedex 03\nArticle     2  \u00a0:\u00a0\nLe pr\u00e9sent arr\u00eat\u00e9 sera publi\u00e9 au recueil des actes administratifs du d\u00e9partement du Rh\u00f4ne.\nLyon, le 13 f\u00e9vrier 2026\nPour la Pr\u00e9f\u00e8te et par d\u00e9l\u00e9gation,\nla charg\u00e9e de mission animation transversale \ndes politiques agricoles\nSign\u00e9\nSabrina LARGO\nD\u00e9lais et voies de recours :\nConform\u00e9ment \u00e0 l'article R.421-1 du code de justice administrative, la pr\u00e9sente d\u00e9cision peut faire l'objet  \nd'un recours contentieux, dans le d\u00e9lai de deux mois \u00e0 compter de sa notification, devant le tribunal  \nadministratif  de  Lyon  (184,  rue  Duguesclin  \u2013  69  433  Lyon  Cedex  03,  ou  sur  l'application  \nwww.telerecours.fr). Elle peut \u00e9galement faire l'objet d'un recours gracieux aupr\u00e8s de Madame la Pr\u00e9f\u00e8te  \ndu Rh\u00f4ne. Cette d\u00e9marche interrompt le d\u00e9lai de recours contentieux, ce dernier devant \u00eatre introduit  \ndans le d\u00e9lai de deux mois suivant une d\u00e9cision implicite ou explicite de l'autorit\u00e9 comp\u00e9tente (le silence  \nde l'administration pendant un d\u00e9lai de deux mois valant d\u00e9cision implicite de rejet).\n2/2\n69_DDT_Direction d\u00e9partementale des territoires du Rh\u00f4ne - 69-2026-02-13-00003 - Arr\u00eat\u00e9 pr\u00e9fectoral n\u00b0\u00a0DDT\u00a0-\u00a0SEA_2026 02 13\n003 du 13 f\u00e9vrier 2026 Encadrant le d\u00e9lai de d\u00e9p\u00f4t des demandes au titre de l'indemnisation fond\u00e9e sur la solidarit\u00e9 nationale suite\naux orages de gr\u00eale, vents et pluies de mai \u00e0 juillet 2025\n10\n69_Pr\u00e9f_Pr\u00e9fecture du Rh\u00f4ne\n69-2026-02-12-00003\nARR\u00caT\u00c9 PR\u00c9FECTORAL portant interdiction de\nrassemblement automobile non d\u00e9clar\u00e9 sur la\nvoie publique dans le d\u00e9partement du Rh\u00f4ne du\nvendredi 13 f\u00e9vrier 2026 18h00 au lundi 16 f\u00e9vrier\n2026 08h00\n69_Pr\u00e9f_Pr\u00e9fecture du Rh\u00f4ne - 69-2026-02-12-00003 - ARR\u00caT\u00c9 PR\u00c9FECTORAL portant interdiction de rassemblement automobile non\nd\u00e9clar\u00e9 sur la voie publique dans le d\u00e9partement du Rh\u00f4ne du vendredi 13 f\u00e9vrier 2026 18h00 au lundi 16 f\u00e9vrier 2026 08h00 11\nPREFETEDU RHONELibert\u00e9Egalit\u00e9Fraternit\u00e9\nCabinet du Pr\u00e9fet d\u00e9l\u00e9gu\u00e9\npour la d\u00e9fense et la s\u00e9curit\u00e9\nBureau de l'Ordre Public\nARR\u00caT\u00c9 PR\u00c9FECTORAL\nportant interdiction de rassemblement automobile non d\u00e9clar\u00e9 sur la voie publique dans le \nd\u00e9partement du Rh\u00f4ne du vendredi 13 f\u00e9vrier 2026 18h00 au lundi 16 f\u00e9vrier 2026 08h00\nLa Pr\u00e9f\u00e8te du Rh\u00f4ne,\nCommandeur de la L\u00e9gion d'honneur\nCommandeur de l'ordre national du M\u00e9rite\nVU la Constitution, et notamment son Pr\u00e9ambule ;\nVU la Convention europ\u00e9enne de sauvegarde des droits de l'homme et des libert\u00e9s fondamentales  \ndu 4 novembre 1950 ;\nVU le Code p\u00e9nal, notamment ses articles 223-1, 322-3 et 431-3 et suivants ; \nVU le Code de la route, notamment ses articles L236-1 et L236-2 ; \nVU le Code g\u00e9n\u00e9ral des collectivit\u00e9s territoriales, notamment ses articles L2214-4 et L2215-1 ; \nVU le Code de la s\u00e9curit\u00e9 int\u00e9rieure, notamment ses articles L211-1 et suivants ;\nVU la loi du 30 juin 1881 sur la libert\u00e9 de r\u00e9union ;\nVU le d\u00e9cret n\u00b02004-374 du 29 avril 2004 modifi\u00e9 relatif aux pouvoirs des pr\u00e9fets, \u00e0 l'organisation et  \n\u00e0 l'action des services de l'\u00c9tat dans les r\u00e9gions et d\u00e9partements ;\nVU le d\u00e9cret en Conseil des Ministres du 11 janvier 2023 portant nomination de Madame Fabienne  \nBUCCIO, pr\u00e9f\u00e8te de la r\u00e9gion Auvergne-Rh\u00f4ne-Alpes, pr\u00e9f\u00e8te de la zone de d\u00e9fense et de s\u00e9curit\u00e9  \nSud-Est, pr\u00e9f\u00e8te du Rh\u00f4ne (hors classe) ;\nVU le d\u00e9cret du 5 septembre 2025 portant nomination du directeur de cabinet de la pr\u00e9f\u00e8te de la r\u00e9gion  \nAuvergne-Rh\u00f4ne-Alpes, pr\u00e9f\u00e8te de la zone de d\u00e9fense et de s\u00e9curit\u00e9 Sud-Est, pr\u00e9f\u00e8te du Rh\u00f4ne \u2013 M. Lucas \nTURGIS ;\nVU l'arr\u00eat\u00e9 pr\u00e9fectoral n\u00b069-2025-09-26-0001 du 26 septembre 2025 portant d\u00e9l\u00e9gation de signature \u00e0 M.  \nLucas  TURGIS  en  qualit\u00e9  de  directeur  de  cabinet  de  la  pr\u00e9f\u00e8te  de  la  r\u00e9gion  Auvergne-Rh\u00f4ne-Alpes, \npr\u00e9f\u00e8te de la zone de d\u00e9fense et de s\u00e9curit\u00e9 Sud-Est, pr\u00e9f\u00e8te du Rh\u00f4ne ;\nVU les informations relay\u00e9es sur les r\u00e9seaux sociaux faisant \u00e9tat de la tenue d'un rassemblement  \nautomobile non d\u00e9clar\u00e9 intitul\u00e9 \u00ab  ASPHALTE 13 \u00bb pr\u00e9vu le week-end du 13 f\u00e9vrier 2026, dont le lieu  \net la date exacte sont volontairement tenus secrets  ; que cet \u00e9v\u00e9nement est largement diffus\u00e9 par  \ndes organisateurs notoires de rassemblements de type \u00ab tuning \u00bb tel que le collectif La Piraterie  ; que \nles  modalit\u00e9s  ult\u00e9rieures  demeurent  confidentielles  et  sont  susceptibles  d'entra\u00eener  une  \nconvergence de plusieurs convois sur le territoire du d\u00e9partement du Rh\u00f4ne ;\n  Pr\u00e9fecture du Rh\u00f4ne \u2013 \n  69419 Lyon cedex 03 \n  04 72 61 60 60\n  www.rhone.gouv.fr 1\n69_Pr\u00e9f_Pr\u00e9fecture du Rh\u00f4ne - 69-2026-02-12-00003 - ARR\u00caT\u00c9 PR\u00c9FECTORAL portant interdiction de rassemblement automobile non\nd\u00e9clar\u00e9 sur la voie publique dans le d\u00e9partement du Rh\u00f4ne du vendredi 13 f\u00e9vrier 2026 18h00 au lundi 16 f\u00e9vrier 2026 08h00 12\nCONSID\u00c9RANT que,  m\u00eame  en  l'absence  de  circonstances  locales  particuli\u00e8res,  il  appartient  \u00e0  \nl'autorit\u00e9  investie  du  pouvoir  de  police  de  prendre  les  mesures  n\u00e9cessaires,  adapt\u00e9es  et  \nproportionn\u00e9es pour pr\u00e9venir une atteinte \u00e0 l'ordre public, dont le respect de la dignit\u00e9 de la  \npersonne humaine constitue l'une des composantes  ; qu'il appartient en outre \u00e0 la m\u00eame autorit\u00e9  \nde prendre les mesures n\u00e9cessaires, adapt\u00e9es et proportionn\u00e9es pour pr\u00e9venir la commission des  \ninfractions p\u00e9nales susceptibles de constituer un trouble \u00e0 l'ordre public sans porter d'atteinte  \nexcessive \u00e0 l'exercice par les citoyens de leurs libert\u00e9s fondamentales  ; qu'\u00e0 ce titre, la pr\u00e9f\u00e8te du  \nd\u00e9partement  peut  prendre  toute  mesure  n\u00e9cessaire  dont  le  champ  d'application  exc\u00e8de  le  \nterritoire d'une commune ;\nCONSID\u00c9RANT qu'au regard de l'article L.211-1 du Code de la s\u00e9curit\u00e9 int\u00e9rieure, sont soumis \u00e0  \nl'obligation d'une d\u00e9claration pr\u00e9alable tous cort\u00e8ges, d\u00e9fil\u00e9s et rassemblements de personnes, et,  \nd'une fa\u00e7on g\u00e9n\u00e9rale, toutes manifestations sur la voie publique  ; que ces \u00e9v\u00e9nements, compte  \ntenu  des  modalit\u00e9s  d'acc\u00e8s  au  public,  de  leurs  attraits  m\u00e9diatiques,  de  leur  objet  et  de  leur  \npublicit\u00e9, constituent des r\u00e9unions publiques et des rassemblements au sens de la loi ;\nCONSID\u00c9RANT que les rassemblements automobiles du week-end du 14 f\u00e9vrier 2026 annonc\u00e9s sur  \nles r\u00e9seaux sociaux n'ont fait l'objet d'aucune d\u00e9claration pr\u00e9alable aupr\u00e8s des services comp\u00e9tents \nni d'aucune mesure de s\u00e9curisation de la part des organisateurs ; \nCONSID\u00c9RANT que ce type de rassemblements automobiles qui r\u00e9unit habituellement un nombre  \ncons\u00e9quent de v\u00e9hicules et de personnes, donne lieu \u00e0 des troubles importants \u00e0 l'ordre public et \u00e0 \nla s\u00e9curit\u00e9 publique : \u00ab drifts \u00bb (d\u00e9rapages) et \u00ab burnout \u00bb (acc\u00e9l\u00e9ration sur place pour faire chauffer \nles pneus) dangereux pour les spectateurs, ou courses de vitesse sur les axes routiers avec de grands \nexc\u00e8s de vitesse constat\u00e9s par des proc\u00e8s-verbaux entre autres ;\nCONSID\u00c9RANT que, depuis ao\u00fbt 2024, plusieurs rassemblements automobiles ont eu lieu dans le  \nd\u00e9partement  du  Rh\u00f4ne,  et  dans  les  d\u00e9partements  limitrophes  ;  que  le  30  ao\u00fbt  2024  sur  la  \ncommune de Saint-Priest, cinq cents voitures \u00e9taient pr\u00e9sentes et que des drifts ont \u00e9t\u00e9 constat\u00e9s ; \nque le 31 octobre 2024 sur les communes de Pusignan et Brignais un rassemblement important  \nd'automobiles a cr\u00e9e des troubles \u00e0 l'ordre public et a mis en danger les usagers de la route ;\nCONSID\u00c9RANT  qu'un  rassemblement  automobile  de  \u00ab tuning \u00bb  d'une  dizaine  de  voitures  s'est \nd\u00e9roul\u00e9 le 2 novembre 2024 en Savoie dans la commune de Chamb\u00e9ry ; que les forces de l'ordre  \nont d\u00fb intervenir et qu'ils ont \u00e9t\u00e9 cibl\u00e9s par des jets de projectiles et de fumig\u00e8nes ; \nCONSID\u00c9RANT qu'un  rassemblement  automobile  intitul\u00e9  \u00ab  RASSO  XMAS \u00bb  s'est  d\u00e9roul\u00e9  le  8  \nd\u00e9cembre 2024 en Haute-Savoie dans la commune d'Annecy rassemblant cinq cents participants  ; \nque de nombreuses infractions routi\u00e8res mettant en danger les usagers de la route ont \u00e9t\u00e9 commis ; \nque 363 infractions au Code de la route ont \u00e9t\u00e9 relev\u00e9es ; \nCONSID\u00c9RANT  qu'un  rassemblement  automobile  intitul\u00e9  \u00ab RASSO  XMAS \u00bb  s'est  d\u00e9roul\u00e9  le  14 \nd\u00e9cembre 2024, dans le d\u00e9partement de l'Is\u00e8re, occasionnant de graves troubles \u00e0 l'ordre public  : \nrixes, accidents de la circulation, engorgement des axes de circulation cr\u00e9ant des ralentissements et \ndes situations de mise en danger des usagers  ; que, par ailleurs, des consignes avaient \u00e9t\u00e9 donn\u00e9es  \nsur les r\u00e9seaux sociaux aux participants en vue de ralentir voire de bloquer l'arriv\u00e9e des forces de  \nl'ordre ;\nCONSID\u00c9RANT qu'un rassemblement automobile non autoris\u00e9 rassemblant s'est tenu dans la nuit  \ndu 21 au 22 d\u00e9cembre 2024 en Savoie dans la commune de Chamb\u00e9ry rassemblant deux cents  \nv\u00e9hicules et cinq cents spectateurs  ; qu'il a \u00e9t\u00e9 fait \u00e9tat de situations dangereuses telles que des  \nd\u00e9monstrations de \u00ab drifts \u00bb et de \u00ab burnout \u00bb par certains participants ; que l'arriv\u00e9e des forces de \nl'ordre  a \u00e9t\u00e9 bloqu\u00e9e par les participants ; que de nombreuses contraventions ont \u00e9t\u00e9 dress\u00e9es aux \nv\u00e9hicules qui \u00e9taient en infraction ;\nCONSID\u00c9RANT qu'un rassemblement automobile intitul\u00e9 \u00ab RASSO XMAS \u00bb et \u00ab 69 LA TRICK \u00bb a \u00e9t\u00e9 \ninterdit le 28 d\u00e9cembre 2024 dans le d\u00e9partement du Rh\u00f4ne par la pr\u00e9f\u00e8te du Rh\u00f4ne  ; que, malgr\u00e9 \ncette  interdiction,  le  rassemblement  s'est  bri\u00e8vement  tenu  \u00e0  Bron  puis  s'est  d\u00e9plac\u00e9  dans  le  \nd\u00e9partement de l'Ain  ; qu'il a \u00e9t\u00e9 constat\u00e9 des courses, des d\u00e9rapages dangereux, un public de  \n69_Pr\u00e9f_Pr\u00e9fecture du Rh\u00f4ne - 69-2026-02-12-00003 - ARR\u00caT\u00c9 PR\u00c9FECTORAL portant interdiction de rassemblement automobile non\nd\u00e9clar\u00e9 sur la voie publique dans le d\u00e9partement du Rh\u00f4ne du vendredi 13 f\u00e9vrier 2026 18h00 au lundi 16 f\u00e9vrier 2026 08h00 13\nmasse aux abords des routes ainsi que des feux d'artifices  ; que les forces de l'ordre ont r\u00e9ussi \u00e0  \ndisperser ce rassemblement ill\u00e9gal apr\u00e8s plusieurs tentatives  ; \nCONSID\u00c9RANT que dans la nuit du samedi 8 f\u00e9vrier 2025 au dimanche 9 f\u00e9vrier 2025, plus d'une  \ncentaine de v\u00e9hicules et pr\u00e8s de trois cents personnes se sont rassembl\u00e9s dans la commune de  \nSainte-H\u00e9l\u00e8ne-du-Lac, avant de se rendre en convoi \u00e0 Chamb\u00e9ry en Savoie  ; que les forces de  \nl'ordre ont constat\u00e9 de nombreux tirs de p\u00e9tards ; que dans la nuit, des courses de voitures ont \u00e9t\u00e9  \nsignal\u00e9es \u00e0 La-Motte-Servolex en Savoie ; \nCONSID\u00c9RANT  qu'un rassemblement automobile intitul\u00e9 \u00ab  RASSO XBIMMER \u00bb a \u00e9t\u00e9 interdit le 7  \nmars 2025 dans le d\u00e9partement du Rh\u00f4ne par la pr\u00e9f\u00e8te du Rh\u00f4ne  ; que malgr\u00e9 cette interdiction, \nle rassemblement s'est bri\u00e8vement tenu \u00e0 Saint-Priest le 8 mars 2025  ; que ce rassemblement s'est  \nd\u00e9plac\u00e9 dans le d\u00e9partement de l'Is\u00e8re  \u00e0 Tignieu-Jameyzieu ; qu'il a \u00e9t\u00e9 constat\u00e9 mille v\u00e9hicules et  \ndeux mille personnes venant de toute la r\u00e9gion mais \u00e9galement de Suisse  ; qu'il a \u00e9t\u00e9 constat\u00e9 des  \ncourses, des drifts, des d\u00e9rapages contr\u00f4l\u00e9s et des comportements dangereux au volant de voitures \n\u00ab tuning \u00bb ; que les gendarmes ont relev\u00e9 sur la r\u00e9gion Auvergne-Rh\u00f4ne-Alpes deux-cents soixante-\nquinze infractions dont certaines pour \u00ab manifestation de v\u00e9hicules non autoris\u00e9e \u00bb ; \nCONSID\u00c9RANT qu'un rassemblement de \u00ab  tuning \u00bb s'est tenu dans la nuit du 14 au 15 mars 2025  \ndans le d\u00e9partement de la Seine-et-Marne  ; qu'il a \u00e9t\u00e9 constat\u00e9 une centaine de v\u00e9hicules  ; que les \nforces  de  l'ordre  ont  relev\u00e9  soixante-sept  infractions  routi\u00e8res  dont  la  participation  au  \nrassemblement tuning ; que durant l'ann\u00e9e 2024, ce type de rassemblement dans ce d\u00e9partement  \navait  caus\u00e9  la  blessure  d'un  fonctionnaire  de  police  lors  de  violents  affrontements  lors  d'un  \nrassemblement non d\u00e9clar\u00e9 ; \nCONSID\u00c9RANT qu'un  rassemblement  automobile  de  type  \u00ab  tuning \u00bb  s'est  tenu  le  samedi  20  \nseptembre 2025 sur le parking du centre commercial Val Thoiry (01)  ; que ce rassemblement ill\u00e9gal \navait pour but un rod\u00e9o urbain  ; que les gendarmes ont relev\u00e9 quarante infractions et r\u00e9alis\u00e9 une  \nmise en fourri\u00e8re ; \nCONSID\u00c9RANT qu'un  rassemblement  automobile  de  type  \u00ab  tuning \u00bb  d'environs  soixante-dix  \nv\u00e9hicules s'est tenu dans la nuit du 31 octobre 2025, lors de la c\u00e9l\u00e9bration de la f\u00eate d'Halloween  \u00e0 \nChamb\u00e9ry (73) ; qu'initialement, ce rassemblement automobile de type \u00ab  tuning \u00bb \u00e9t\u00e9 pr\u00e9vu en  \nHaute-Savoie ; que ce rassemblement ill\u00e9gal a finalement eu lieu en Savoie montrant ainsi l'\u00e9tendue \nde la mobilit\u00e9 g\u00e9ographique des participants qui n'h\u00e9sitent pas \u00e0 parcourir de grandes distances  \nafin de tromper la vigilance polici\u00e8re ; \nCONSID\u00c9RANT que le rassemblement automobile de type \u00ab  tuning \u00bb intitul\u00e9 \u00ab  LA PIRATERIE V2 \u00bb \norganis\u00e9 par le groupe \u00ab  LA PIRATERIE  \u00bb a eu lieu sur la commune de Thoiry (01) le samedi 20  \nseptembre 2025 ; que ce rassemblement automobile a attir\u00e9 pr\u00e8s de deux cent cinquante v\u00e9hicules \net trois cents personnes sur place  ; que les forces de l'ordre ainsi que leurs v\u00e9hicules ont \u00e9t\u00e9 pris \u00e0  \npartie par des jets de pierre ;\nCONSID\u00c9RANT que le rassemblement automobile du samedi 15 novembre 2025 sur la commune de \nBourg en Bresse a vir\u00e9 \u00e0 l'affrontement arm\u00e9 ; qu'un participant n'a pas h\u00e9sit\u00e9 \u00e0 aller au contact de  \nla police arm\u00e9 d'un jerrican d'essence pour en d\u00e9coudre, que des incendies ont eu lieu  ; que 800  \nv\u00e9hicules et 3000 personnes ont particip\u00e9 \u00e0 ce rassemblement ;\nCONSID\u00c9RANT que le collectif La Piraterie est \u00e0 l'origine de plusieurs rassemblement ill\u00e9gaux dans  \nle sud-est et l'est de la France au cours desquels des troubles \u00e0 l'ordre public, notamment des  \naffrontements  avec  les  forces  de  l'ordre  ont  \u00e9t\u00e9  constat\u00e9s  ;  que  le  dernier  rassemblement  \nd'ampleur de ce collectif s'est d\u00e9roul\u00e9 le 25 janvier dernier \u00e0 Chalon-sur-Sa\u00f4ne et a r\u00e9uni 500  \nv\u00e9hicules et environ 1 000 personnes  ; que des mortiers et feux d'artifices ont \u00e9t\u00e9 d\u00e9couverts dans  \nles coffres de plusieurs v\u00e9hicules et des man\u0153uvres de \u00ab drift \u00bb ont \u00e9t\u00e9 r\u00e9alis\u00e9es ;\nCONSID\u00c9RANT que cet appel a rassemblement, annonc\u00e9 comme un \u00ab  take over \u00bb, rassemblement \nsouvent d'ampleur et parfois violent, a \u00e9t\u00e9 largement partag\u00e9 et relay\u00e9 sur les r\u00e9seaux sociaux par  \ndes comptes fran\u00e7ais et allemands influents et populaire dans la communaut\u00e9 ; qu'en cons\u00e9quence, \ncet \u00e9v\u00e9n\u00e9ment est susceptible d'attirer de nombreux participants du territoire national et des pays \nfrontaliers comme l'Allemagne, la Suisse, l'Italie ou la Belgique ;\n69_Pr\u00e9f_Pr\u00e9fecture du Rh\u00f4ne - 69-2026-02-12-00003 - ARR\u00caT\u00c9 PR\u00c9FECTORAL portant interdiction de rassemblement automobile non\nd\u00e9clar\u00e9 sur la voie publique dans le d\u00e9partement du Rh\u00f4ne du vendredi 13 f\u00e9vrier 2026 18h00 au lundi 16 f\u00e9vrier 2026 08h00 14\nCONSID\u00c9RANT que les lieux de rassemblement restent volontairement secrets  ; que les modalit\u00e9s \nult\u00e9rieures demeurent confidentielles et sont susceptibles d'entra\u00eener une convergence de plusieurs \nconvois sur le territoire du d\u00e9partement du Rh\u00f4ne ;\nCONSID\u00c9RANT que  selon  les  informations  recueillies,  la  participation  \u00e0  ces  rassemblements  \nautomobiles ill\u00e9gaux pourrait \u00eatre estim\u00e9e \u00e0 400 v\u00e9hicules et 1 500 personnes vu le nombre de  \nfollowers que comptent ces comptes Instagram ; que d'importants troubles \u00e0 l'ordre public ainsi  \nque des affrontement avec les forces de l'ordre sont \u00e0 pr\u00e9voir  ; que des consignes auraient \u00e9t\u00e9  \ntransmises aux participants afin de bloquer physiquement l'intervention des forces de l'ordre ;\nCONSID\u00c9RANT qu'il r\u00e9sulte des \u00e9l\u00e9ments et circonstances locales particuli\u00e8res d\u00e9crites ci-dessus  \nun risque \u00e9lev\u00e9 de troubles graves \u00e0 l'ordre public et que l'interdiction de tout rassemblement non  \nd\u00e9clar\u00e9 appara\u00eet le moyen le plus adapt\u00e9, n\u00e9cessaire et proportionn\u00e9 afin de garantir la s\u00fbret\u00e9 et la  \ntranquillit\u00e9 publiques ;\nA R R \u00ca T E\nArticle 1er \u2013 La tenue de tout rassemblement automobile de personnes et de v\u00e9hicules autres que  \nceux l\u00e9galement d\u00e9clar\u00e9s ou autoris\u00e9s, est interdit sur l'ensemble du territoire du d\u00e9partement du  \nRh\u00f4ne, \u00e0 compter du vendredi 13 f\u00e9vrier 2026 \u00e0 18h00 au lundi 16 f\u00e9vrier 2026 \u00e0 08h00.\nArticle 2 \u2013 Tout contrevenant \u00e0 cette interdiction est passible des sanctions p\u00e9nales pr\u00e9vues aux  \narticles 431-9 et R.  610-5 du Code p\u00e9nal ainsi qu'aux sanctions pr\u00e9vues par les diff\u00e9rents articles  \nvis\u00e9s par le pr\u00e9sent arr\u00eat\u00e9. \nArticle 3 \u2013 Tout rassemblement automobile sur la voie publique entrant dans le champ du pr\u00e9sent  \narr\u00eat\u00e9 pourra \u00eatre dissip\u00e9 le cas \u00e9ch\u00e9ant selon les dispositions de l'article L.211-9 du Code de la  \ns\u00e9curit\u00e9 int\u00e9rieure. \nArticle 4 \u2013 Le pr\u00e9sent arr\u00eat\u00e9 peut faire l'objet d'un recours gracieux aupr\u00e8s de la pr\u00e9f\u00e8te du Rh\u00f4ne  \net d'un recours hi\u00e9rarchique aupr\u00e8s du ministre de l'Int\u00e9rieur. Conform\u00e9ment aux dispositions des  \narticles R. 421-1 \u00e0 R. 421-5 du Code de justice administrative, le pr\u00e9sent arr\u00eat\u00e9 peut faire l'objet d'un \nrecours contentieux devant le tribunal administratif de Lyon, dans le d\u00e9lai de deux mois \u00e0 compter  \nde sa notification ou de sa publication. \nArticle 5  \u2013 Le Pr\u00e9fet d\u00e9l\u00e9gu\u00e9 pour la d\u00e9fense et la s\u00e9curit\u00e9, le commandant du groupement de  \ngendarmerie  d\u00e9partementale,  et  le  directeur  interd\u00e9partemental  de  la  police  nationale  sont  \ncharg\u00e9s, chacun en ce qui concerne, de l'ex\u00e9cution de pr\u00e9sent arr\u00eat\u00e9, qui sera publi\u00e9 recueil des  \nactes administratifs de la Pr\u00e9fecture du Rh\u00f4ne.\nFait \u00e0 Lyon, le 12 f\u00e9vrier 2026\nPour la pr\u00e9f\u00e8te,\nLe directeur de cabinet,\nOriginal sign\u00e9\nLucas TURGIS\n69_Pr\u00e9f_Pr\u00e9fecture du Rh\u00f4ne - 69-2026-02-12-00003 - ARR\u00caT\u00c9 PR\u00c9FECTORAL portant interdiction de rassemblement automobile non\nd\u00e9clar\u00e9 sur la voie publique dans le d\u00e9partement du Rh\u00f4ne du vendredi 13 f\u00e9vrier 2026 18h00 au lundi 16 f\u00e9vrier 2026 08h00 15","date":"2026-02-13","first_seen_on":"2026-02-13T16:09:19+00:00","id":"a1effe861c3075442dd83ae392b3f36bcf289c1a02407588573e39a1b5835d4c","name":"RAA_69-2026-048-130226","pdf_creation_date":"2026-02-13T15:09:17+00:00","pdf_modification_date":"2026-02-13T15:09:53+00:00","timezone":"Europe/Paris","url":"https://www.rhone.gouv.fr/contenu/telechargement/67363/453639/file/RAA_69-2026-048-130226.pdf"}
