{"administration":"pref72","administration_name":"Pr\u00e9fecture de la Sarthe","content":"SARTHE\nRECUEIL DES ACTES\nADMINISTRATIFS SP\u00c9CIAL\nN\u00b0001 DU 12 01 2024\nPUBLI\u00c9 LE 12 JANVIER 2024\nSommaire\nPr\u00e9fecture de la Sarthe /\n72-2024-01-11-00006 - RAA Arr\u00eat\u00e9 modification d\u00e9signation des membres\nCSA - janv 2024 (2 pages) Page 3\n2\nPr\u00e9fecture de la Sarthe\n72-2024-01-11-00006\nRAA Arr\u00eat\u00e9 modification d\u00e9signation des\nmembres CSA - janv 2024\nPr\u00e9fecture de la Sarthe - 72-2024-01-11-00006 - RAA Arr\u00eat\u00e9 modification d\u00e9signation des membres CSA - janv 2024 3\nExPREFETDE LA SARTHELibert\u00e9Egalit\u00e9Fraternit\u00e9\nSecr\u00e9tariat g\u00e9n\u00e9ral\ncommun d\u00e9partemental\nArr\u00eat\u00e9 pr\u00e9fectoral du 11 janvier 2024\nportant modification de la d\u00e9signation des membres du comit\u00e9 social d'administration de la Direction\nd\u00e9partementale de l'Emploi, du Travail et des Solidarit\u00e9s\nde la Sarthe\nLe directeur d\u00e9partemental de la DDETS de la Sarthe, \nVu le code g\u00e9n\u00e9ral de la fonction publique ;\nVu le d\u00e9cret n\u00b0 2009-1484 du 3 d\u00e9cembre 2009 relatif aux directions d\u00e9partementales interminist\u00e9 -\nrielles ;\nVu le d\u00e9cret n\u00b0 2020-1427 du 20 novembre 2020 relatif aux comit\u00e9s sociaux d'administration dans les\nadministrations et les \u00e9tablissements publics de l'\u00c9tat ;\nVu l'arr\u00eat\u00e9 du 3 juin 2022 instituant des comit\u00e9s sociaux d'administration au sein du minist\u00e8re de l'Int\u00e9-\nrieur et des outre-mer ;\nVu l'arr\u00eat\u00e9 du 21 d\u00e9cembre 2022 fixant la composition du CSA de la DDETS ; \nVu l'arr\u00eat\u00e9 pr\u00e9fectoral du 16 mars 2023 modifi\u00e9 portant d\u00e9signation des membres du CSA de la DDETS\nde la Sarthe ;\nVu les mails en date du 5 et 10 janvier communiqu\u00e9s par le Secr\u00e9taire CGT DDETS 72 informant que\nM. David MOREL est d\u00e9missionnaire \u00e0 cette date et est d\u00e9sign\u00e9 en remplacement de M. MOREL, le\nmembre titulaire M. Antoine CAMBY pour la composition de la formation pl\u00e9ni\u00e8re.\nSUR proposition du directeur du Secr\u00e9tariat g\u00e9n\u00e9ral commun d\u00e9partemental,\nARR\u00caTE\nArticle 1     :   \nL'article 2 de l'arr\u00eat\u00e9 du 16 mars 2023 portant composition du CSA de la DDETS 72 est modifi\u00e9 comme\nsuit :\nSont d\u00e9sign\u00e9s en qualit\u00e9 de repr\u00e9sentants du personnel au sein de la formation pl\u00e9ni\u00e8re du comit\u00e9\nsocial d'administration \u00a0: \nT\u00e9l : 02 43 39 72 72\nMel : pref-mail@sarthe.gouv.fr\nPlace Aristide Briand - 72041 Le Mans Cedex 9 1/2\nPr\u00e9fecture de la Sarthe - 72-2024-01-11-00006 - RAA Arr\u00eat\u00e9 modification d\u00e9signation des membres CSA - janv 2024 4\nMembres titulaires Membres suppl\u00e9ants\nAu titre de UFSE-CGT\nAntoine CAMBY Sarah BENFRADJ\nLaure ZIETEK Jean-Louis HENNO\nAu titre de CFDT\nSt\u00e9phanie BABEL Alain RENAIS\nAu titre de UNSA fonction publique\nDavid ALLAIN\nArticle 2     :   \nLe Directeur d\u00e9partemental de l'emploi, du travail et des solidarit\u00e9s, le directeur du Secr\u00e9tariat g\u00e9n\u00e9ral\ncommun d\u00e9partemental sont charg\u00e9s, chacun en ce qui les concerne, de l'ex\u00e9cution du pr\u00e9sent arr\u00eat\u00e9\nqui sera publi\u00e9 au recueil des actes administratifs de la pr\u00e9fecture de la Sarthe.\nLe Directeur d\u00e9partemental de\nl'emploi, du travail et des solidarit\u00e9s\nSign\u00e9 :  Jean-Michel LOUYER\n2/2\nPr\u00e9fecture de la Sarthe - 72-2024-01-11-00006 - RAA Arr\u00eat\u00e9 modification d\u00e9signation des membres CSA - janv 2024 5","date":"2024-01-12","first_seen_on":"2025-08-30T22:07:54+00:00","id":"a25ca2163549bc4619beb2ac6865faad7fbb75aff4ace81dc9a8600b855b2d77","name":"RAA n\u00b07 du 12 janvier 2024","pdf_creation_date":"2024-01-12T07:39:07+00:00","pdf_modification_date":null,"timezone":"Europe/Paris","url":"https://www.sarthe.gouv.fr/contenu/telechargement/18804/120644/file/recueil-001-du-12-01-2024-recueil-des-actes-administratifs-special.pdf"}
