{"administration":"pref69","administration_name":"Pr\u00e9fecture du Rh\u00f4ne","content":"PR\u00c9F\u00c8TE\nDU RH\u00d4NE\nRECUEIL DES ACTES\nADMINISTRATIFS SP\u00c9CIAL\nN\u00b069-2025-282\nPUBLI\u00c9 LE 31 OCTOBRE 2025\nSommaire\n01-69_DTPJJ_Direction territoriale de la protection judiciaire de la jeunesse\nde l'Ain et du Rh\u00f4ne /\n69-2025-10-24-00006 - Arr\u00eat\u00e9 conjoint portant fixation du prix de\njourn\u00e9e au titre de l'exercice 2025, et reconduction provisoire au titre de\nl'exercice 2026, pour le Foyer Les trois planches (AJD Maurice GOUNON) -\nN\u00b0DTPJJ SAH 2025 10 31 01 (3 pages) Page 3\n69_Pr\u00e9f_Pr\u00e9fecture du Rh\u00f4ne / Direction de l'Immobilier, de la\nLogistique et de l'Accueil - Relations avec le Public\n69-2025-10-31-00001 - Arr\u00eat\u00e9 portant d\u00e9classement du domaine public\net d\u00e9claration d'inutilit\u00e9 pour trois parcelles situ\u00e9es \u00e0 Dardilly (1\npage) Page 7\n69_Pr\u00e9f_Pr\u00e9fecture du Rh\u00f4ne / Direction des affaires juridiques et de\nl'administration locale\n69-2025-10-30-00002 - 69-2025-10-30\nRecomposition conseil CAVCA 2026\n(3 pages) Page 9\n69-2025-10-31-00003 - Arr\u00eat\u00e9 pr\u00e9fectoral\nportant habilitation dans le\ndomaine fun\u00e9raire (2 pages) Page 13\n69-2025-10-31-00002 - modifiant l'arr\u00eat\u00e9 prefectoral\nn\u00b069-2025-10-28-00007 du 28 octobre 2025 portant agr\u00e9ment pour\nl'exercice de l'activit\u00e9 de domiciliation d'entreprises       (2\npages) Page 16\n69_Pr\u00e9f_Pr\u00e9fecture du Rh\u00f4ne / Pr\u00e9fet d\u00e9l\u00e9gu\u00e9 pour la\nd\u00e9fense et la s\u00e9curit\u00e9\n69-2025-10-30-00001 - ARR\u00caT\u00c9 n\u00b02025 - 10 - 30 -\n0001\nautorisant la captation, l'enregistrement et la\ntransmission\nd'images au moyen de cam\u00e9ras install\u00e9es sur un\na\u00e9ronef le 31 octobre 2025 \u00e0 Saint Fons, Lyon et Oullins-Pierre-B\u00e9nite\n(3 pages) Page 19\n69-2025-10-29-00042 - Arr\u00eat\u00e9 pr\u00e9fectoral 2025-10-29-005 concernant\nla modification des repr\u00e9sentants de la police aux fronti\u00e8res au sein de\nla commission de s\u00fbret\u00e9 des a\u00e9rodromes du Rh\u00f4ne (2 pages) Page 23\n69-2025-10-31-00004 - Arr\u00eat\u00e9 pr\u00e9fectoral n\u00b02025-31-10-0001 portant\ninterdiction de rassemblement automobile sur la voie publique dans le\nd\u00e9partement du Rh\u00f4ne du vendredi 31 octobre 2025 \u00e0 18h00 au\ndimanche 2 novembre 2025 \u00e0 12h00 (5 pages) Page 26\n2\n01-69_DTPJJ_Direction territoriale de la\nprotection judiciaire de la jeunesse de l'Ain et du\nRh\u00f4ne\n69-2025-10-24-00006\nArr\u00eat\u00e9 conjoint portant fixation du prix de\njourn\u00e9e au titre de l'exercice 2025, et\nreconduction provisoire au titre de l'exercice\n2026, pour le Foyer Les trois planches (AJD\nMaurice GOUNON) - N\u00b0DTPJJ SAH 2025 10 31 01\n01-69_DTPJJ_Direction territoriale de la protection judiciaire de la jeunesse de l'Ain et du Rh\u00f4ne - 69-2025-10-24-00006 - Arr\u00eat\u00e9\nconjoint portant fixation du prix de journ\u00e9e au titre de l'exercice 2025, et reconduction provisoire au titre de l'exercice 2026, pour le\nFoyer Les trois planches (AJD Maurice GOUNON) - N\u00b0DTPJJ SAH 2025 10 31 01\n3\nPREFETE aeDU RHONE | RH \u00e6 NELibert\u00e9\u00c9galit\u00e9 LE D\u00c9PARTEMENTFraternit\u00e9Direction interregionale de la P\u00f4le Solidarit\u00e9sProtection Direction Sant\u00e9 Enfance FamilleJudiciaire de la Jeunesse Centre-Est Service ASEDirection territoriale Rh\u00f4ne-Ain H\u00f4tel du D\u00e9partement33 rue Moncey 29-31 cours de ia Libert\u00e969003 LYON 69483 LYON CEDEX 03\n' ARR\u00caT\u00c9 CONJOINTARR\u00caT\u00c9 PR\u00c9FECTORAL N\u00b0 OrPTI_SAH. 1075-10-31. DIARR\u00caT\u00c9 DU PR\u00c9SIDENT N\u00b0 ARCD-DSEF-2025-0080\nPortant fixation du prix de journ\u00e9e au titre de l'exercice 2025, et reconductionprovisoire au titre de l'exercice 2026, pour le Foyer Les Trois Planches, sis 97 cheminde la Boissette 69550 Saint-Jean-la-Bussi\u00e8re.\nLe Pr\u00e9sident du Conseil d\u00e9partemental du Rh\u00f4ne et la Pr\u00e9f\u00e8te de la r\u00e9gionAuvergne-Rh\u00f4ne-Alpes, Pr\u00e9f\u00e8te de la zone de d\u00e9fense et de s\u00e9curit\u00e9 Sud-Est, Pr\u00e9f\u00e8te duRh\u00f4ne, Commandeur de la L\u00e9gion d'honneur, Commandeur de l'Ordre national duM\u00e9rite,Vu le code g\u00e9n\u00e9ral des collectivit\u00e9s territoriales ;Vu le code de l'action sociale et des familles et notamment :- les articles L.314-1 et suivants relatifs aux dispositions financi\u00e8res applicables aux\u00e9tablissements et services sociaux et m\u00e9dico-sociaux ;- les articles R.314-1 et suivants relatifs \u00e0 la gestion budg\u00e9taire, comptable et financi\u00e8re, et auxmodalit\u00e9s de financement et de tarification des \u00e9tablissements et services sociaux et m\u00e9dico-sociaux \u00e9num\u00e9r\u00e9s au I de l'article L.312-1 du m\u00eame code ;Vu les articles 375 \u00e0 375-8 du code civil relatifs \u00e0 l'assistance \u00e9ducative ;Vu l'ordonnance n\u00b045-1845 du 18 ao\u00fbt 1945 relative au remboursement aux institutionspriv\u00e9es des frais d'entretien et d'\u00e9ducation des mineurs d\u00e9linquants ;Vu le d\u00e9cret n\u00b02010-214 du 2 mars 2010 relatif au ressort territorial, \u00e0 l'organisation etaux attributions des services d\u00e9concentr\u00e9s de la Protection Judiciaire de la Jeunesse ;Vu l'arr\u00eat\u00e9 du Ministre de la justice du 19 d\u00e9cembre 2003 relatif aux modes de tarificationapplicables aux prestations d'action \u00e9ducative d\u00e9livr\u00e9es par les \u00e9tablissements et servicesconcourant \u00e0 la protection judiciaire de la jeunesse et sous comp\u00e9tence tarifaire conjointe durepr\u00e9sentant de l'\u00c9tat dans le d\u00e9partement et du pr\u00e9sident du Conseil d\u00e9partemental ;\n01-69_DTPJJ_Direction territoriale de la protection judiciaire de la jeunesse de l'Ain et du Rh\u00f4ne - 69-2025-10-24-00006 - Arr\u00eat\u00e9\nconjoint portant fixation du prix de journ\u00e9e au titre de l'exercice 2025, et reconduction provisoire au titre de l'exercice 2026, pour le\nFoyer Les trois planches (AJD Maurice GOUNON) - N\u00b0DTPJJ SAH 2025 10 31 01\n4\nPage 2/3Vu l'arr\u00eat\u00e9 conjoint de la Pr\u00e9f\u00e8te et du Pr\u00e9sident du Conseil D\u00e9partemental du Rh\u00f4ne, endate du 08/10/2024, portant fixation du prix de journ\u00e9e pour l'exercice 2024 et reconductionprovisoire au titre de l'exercice 2025, pour le \u00ab Foyer Les Trois Planches \u00bb ;Vu la d\u00e9lib\u00e9ration n\u00b0005-01 du Conseil D\u00e9partemental du 17 d\u00e9cembre 2024 fixantl'\u00e9volution de l'enveloppe de tarification 2025 des structures de l'enfance ;Vu la circulaire du 16 juillet 2025 relative \u00e0 la campagne budg\u00e9taire 2025 des\u00e9tablissements et services concourant \u00e0 la mission de protection judiciaire de la jeunesse ;Vu les propositions budg\u00e9taires et leurs annexes pr\u00e9sent\u00e9es, au titre de l'exercice 2025,par l'association gestionnaire \u00ab Fondation AJD Maurice GOUNON \u00bb pour l'\u00e9tablissementmentionn\u00e9 \u00e0 l'article I du pr\u00e9sent arr\u00eat\u00e9 ;Vu les propositions de modifications budg\u00e9taires transmises par courrier conjoint de laPr\u00e9f\u00e8te et du Pr\u00e9sident du Conseil d\u00e9partemental du Rh\u00f4ne ;Vu les rapports du Directeur territorial de la protection judiciaire de la jeunesse pour led\u00e9partement du Rh\u00f4ne agissant par d\u00e9l\u00e9gation de la Directrice interr\u00e9gionale de la protectionjudiciaire de la jeunesse Centre-Est et de la Directrice g\u00e9n\u00e9rale adjointe des servicesd\u00e9partementaux charg\u00e9e du p\u00f4le Solidarit\u00e9s ;Sur proposition de Madame la Pr\u00e9f\u00e8te, Secr\u00e9taire g\u00e9n\u00e9rale de la pr\u00e9fecture du Rh\u00f4ne, et deMonsieur le Directeur g\u00e9n\u00e9ral des services d\u00e9partementaux,\nARR\u00caTENT :\nArticle 1 : Pour l'exercice budg\u00e9taire de l'ann\u00e9e 2025, les charges et les produitspr\u00e9visionnels de l'\u00e9tablissement \u00ab Foyer Les Trois Planches \u00bb sont autoris\u00e9s comme suit :Charges ProduitsGroupe I : Groupe I:charges Produits deli\u00e9es \u00e0 120 037,33 \u20ac tarification 936 369,52 \u20acl'exploitationcouranteGroupe II: Groupescharges de IT : autres670 535,48\u20ac . 5 565,60 \u20acpersonnel produitsd'exploitationGroupe GroupeIII : III :EI EEE 156 928,90 \u20ac Prults 5 566,59 \u20acstructure _financiers et| nonencaissables i,TOTAL 947 501,71 \u20ac TOTAL 947 501,71 \u20ac \u00e9\n01-69_DTPJJ_Direction territoriale de la protection judiciaire de la jeunesse de l'Ain et du Rh\u00f4ne - 69-2025-10-24-00006 - Arr\u00eat\u00e9\nconjoint portant fixation du prix de journ\u00e9e au titre de l'exercice 2025, et reconduction provisoire au titre de l'exercice 2026, pour le\nFoyer Les trois planches (AJD Maurice GOUNON) - N\u00b0DTPJJ SAH 2025 10 31 01\n5\nPage 3/3D\u00e9penses nettes autoris\u00e9es 936 369,52 \u20ac(+/-) Reprise de r\u00e9sultat 0,00 \u20acD\u00e9penses r\u00e9fus\u00e9es N-2 0,00 \u20acBase de calcul des tarifs 936 369,52 \u20acNombre de journ\u00e9es 3 723,00Prix de journ\u00e9e 2025 251,51 \u20ac\nArticle 2 : Le prix de journ\u00e9e diff\u00e9rentiel applicable, \u00e0 compter du 01/11/2025 etjusqu'au 31/12/2025, au \u00ab Foyer Les Trois Planches \u00bb, est fix\u00e9 \u00e0 97,12 \u20ac.Article 3 : Du 01/01/2025 au 31/10/2025, les recettes relatives \u00e0 la facturationdes prix de journ\u00e9e sont liquid\u00e9es et per\u00e7ues dans les conditions arr\u00eat\u00e9es par l'arr\u00eat\u00e9 detarification 2024.Article 4 : \u00c0 compter du 01/01/2026, le prix de journ\u00e9e de reconductionprovisoire est fix\u00e9 \u00e0 251,51 \u20ac. Il est \u00e9tabli sur la base de l'activit\u00e9 et des chargesautoris\u00e9es en 2025, hors reprise du r\u00e9sultat de l'exercice ant\u00e9rieur, et est applicablejusqu'\u00e0 la fixation du prix de journ\u00e9e d\u00e9finitif au titre de l'exercice 2026.Article 5 : Les recours contentieux contre le pr\u00e9sent arr\u00eat\u00e9 doivent parvenir ausecr\u00e9tariat du tribunal administratif de Lyon sis 184, rue Duguesclin 69433 Lyon Cedex03, dans le d\u00e9lai franc d'un mois \u00e0 compter de sa notification pour les personnesauxquelles il a \u00e9t\u00e9 notifi\u00e9 ou de sa publication pour les autres personnes.Article 6 : Une ampliation du pr\u00e9sent arr\u00eat\u00e9 sera notifi\u00e9e par lettrerecommand\u00e9e avec accus\u00e9 de r\u00e9ception \u00e0 l'\u00e9tablissement ou service concern\u00e9.Article 7 : La Pr\u00e9f\u00e8te, Secr\u00e9taire g\u00e9n\u00e9ralede la Pr\u00e9fecture du Rh\u00f4ne, le Directeurg\u00e9n\u00e9ral des services d\u00e9partementaux, la Directrice interr\u00e9gionale de la protectionjudiciaire de la jeunesse Centre-est et le Directeur g\u00e9n\u00e9ral adjoint charg\u00e9 du p\u00f4leSolidarit\u00e9s et services aux usagers du D\u00e9partement sont charg\u00e9s, chacun en ce qui leconcerne, de l'ex\u00e9cution du pr\u00e9sent arr\u00eat\u00e9 qui sera publi\u00e9 au recueil des actesadministratifs consultables sur le site \u00ab rhone.gouv.fr \u00bb de la Pr\u00e9fecture du Rh\u00f4ne et dusite \u00ab rhone.fr \u00bb du D\u00e9partement du Rh\u00f4ne.Fait\u00e0 Lyon, le- 2.4 QCT. 2028La Pr\u00e9f\u00e8tePour la Pr\u00e9f\u00e8te.Le Pr\u00e9fet. Secr\u00e9taire g\u00e9n\u00e9Pr\u00e9fet d\u00e9l\u00e9gu\u00e9 payr l'\u00e9 5-d\u00c9S chancese=\u2014\u2014 \u2014 Vice-pr\u00e9sidente -Enfance, famille et \u00e9galit\u00e9Fabrice ROSAY femme-homme-pe\n01-69_DTPJJ_Direction territoriale de la protection judiciaire de la jeunesse de l'Ain et du Rh\u00f4ne - 69-2025-10-24-00006 - Arr\u00eat\u00e9\nconjoint portant fixation du prix de journ\u00e9e au titre de l'exercice 2025, et reconduction provisoire au titre de l'exercice 2026, pour le\nFoyer Les trois planches (AJD Maurice GOUNON) - N\u00b0DTPJJ SAH 2025 10 31 01\n6\n69_Pr\u00e9f_Pr\u00e9fecture du Rh\u00f4ne\n69-2025-10-31-00001\nArr\u00eat\u00e9 portant d\u00e9classement du domaine public\net d\u00e9claration d'inutilit\u00e9 pour trois parcelles\nsitu\u00e9es \u00e0 Dardilly\n69_Pr\u00e9f_Pr\u00e9fecture du Rh\u00f4ne - 69-2025-10-31-00001 - Arr\u00eat\u00e9 portant d\u00e9classement du domaine public et d\u00e9claration d'inutilit\u00e9 pour\ntrois parcelles situ\u00e9es \u00e0 Dardilly 7\nREPUBLIQUE FRANCAISEPREFECTURE DU RHONE\nArr\u00e9t\u00e9portant d\u00e9classement du domaine public et d\u00e9claration d'inutilit\u00e9pour trois parcelles situ\u00e9es \u00e0 Dardilly (69570)\nLa Pr\u00e9f\u00e8te de la r\u00e9gion Auvergne-Rh\u00f4ne-Alpes, Pr\u00e9f\u00e8te du Rh\u00f4ne ;\nVu le code g\u00e9n\u00e9ral de la propri\u00e9t\u00e9 des personnes publiques et notamment ses articles L.2111-1, L.2111-2 et L.2141-1 ;Vu le code g\u00e9n\u00e9ral de la propri\u00e9t\u00e9 des personnes publiques et notamment le titre Ier du livre IIrelatif aux biens du domaine priv\u00e9 ;Vu le d\u00e9cret n\u00b0 2004.374 du 29 avril 2004 modifi\u00e9, relatif aux pouvoirs des Pr\u00e9fets, \u00e0l'organisation et \u00e0 l'action des services de l'\u00c9tat dans les r\u00e9gions et d\u00e9partements etnotamment son article 19 ;Vu le d\u00e9cret n\u00b02008-1248 du 1% d\u00e9cembre 2008 relatif \u00e0 l'utilisation des immeublesdomaniaux par l'\u00c9tat et ses \u00e9tablissements publics ;Vu les circulaires en date du 16 janvier 2009 et 27 f\u00e9vrier 2017 affirmant le r\u00f4le depropri\u00e9taire unique de l'Etat ;Vu le d\u00e9cret du 11 janvier 2023 portant nomination de la pr\u00e9f\u00e8te de la r\u00e9gion Auvergne-Rh\u00f4ne-Alpes, pr\u00e9f\u00e8te de la zone de d\u00e9fense et de s\u00e9curit\u00e9 Sud-Est, pr\u00e9f\u00e8te du Rh\u00f4ne ;ARRETE :Art. 1\u00b0 - Est prononc\u00e9 le d\u00e9classement du domaine public des parcelles cadastr\u00e9es sectionBW num\u00e9ro 252, BW num\u00e9ro 532 et BW num\u00e9ro 534 situ\u00e9es 13 chemin de la Brocheti\u00e8re,69570 DARDILLY.Art. 2 \u2014 Est autoris\u00e9e la cession des biens identifi\u00e9s \u00e0 l'article 1\u00b0 par les services du P\u00f4ler\u00e9gional de l'immobilier de l'Etat d'Auvergne-Rh\u00f4ne-Alpes.Art. 3 \u2014 Le pr\u00e9sent arr\u00eat\u00e9 sera publi\u00e9 au recueil des actes administratifs de la pr\u00e9fecture.\nFait\u00e0 Lyon, le 3 1 OCT, 2025L\u00e9 pr\u00e9fet secr\u00e9taire g\u00e9n\u00e9ral,Pr\u00e9fetd\u00e9l\u00e9gu\u00e9 pour| it\u00e9des chancesFabrice ROSAY\n69_Pr\u00e9f_Pr\u00e9fecture du Rh\u00f4ne - 69-2025-10-31-00001 - Arr\u00eat\u00e9 portant d\u00e9classement du domaine public et d\u00e9claration d'inutilit\u00e9 pour\ntrois parcelles situ\u00e9es \u00e0 Dardilly 8\n69_Pr\u00e9f_Pr\u00e9fecture du Rh\u00f4ne\n69-2025-10-30-00002\n69-2025-10-30\nRecomposition conseil CAVCA 2026\n69_Pr\u00e9f_Pr\u00e9fecture du Rh\u00f4ne - 69-2025-10-30-00002 - 69-2025-10-30\nRecomposition conseil CAVCA 2026 9\nesPREFETEDE L'IS\u00c8RELibert\u00e9Egalit\u00e9Fraternit\u00e9\nPREFETEDU RHONELibert\u00e9Egalit\u00e9Fraternit\u00e9\nSous-pr\u00e9fecture de Vienne                                                                                                        Pr\u00e9fecture du Rh\u00f4ne\nBureau des relations avec les collectivit\u00e9s locales                                                                 Direction des Affaires Juridiques\net les entreprises                                                                                                                          et de l'Administration Locale\n                                                                                                                                                         Bureau du Contr\u00f4le de L\u00e9galit\u00e9\n                                                                                                                                                          et de l'Intercommunalit\u00e9\nArr\u00eat\u00e9 inter pr\u00e9fectoral \nN\u00b0 38-2025-10-\nN\u00b0 69-2025-10-\nPortant composition du conseil communautaire de la communaut\u00e9 \nd'agglom\u00e9ration Vienne Condrieu Agglom\u00e9ration \u00e0 compter du \nrenouvellement g\u00e9n\u00e9ral des conseils municipaux de 2026\n            La pr\u00e9f\u00e8te de l'Is\u00e8re                                                      La pr\u00e9f\u00e8te de la R\u00e9gion Auvergne Rh\u00f4ne Alpes\nChevalier de la L\u00e9gion d'Honneur                                    Pr\u00e9f\u00e8te de la Zone de d\u00e9fense et de s\u00e9curit\u00e9 sud-est\nOfficier de l'Ordre National du M\u00e9rite                                                          Pr\u00e9f\u00e8te du Rh\u00f4ne\n                    Commandeur de la L\u00e9gion d'honneur\nCommandeur de l'ordre national du M\u00e9rite\nVU  le code g\u00e9n\u00e9ral des collectivit\u00e9s territoriales (CGCT), sa cinqui\u00e8me partie relative \u00e0 la coop\u00e9ration \nlocale, et notamment l'article L. 5211-6-1 ;\nVU l 'arr\u00eat\u00e9  pr\u00e9fectoral  n\u00b0  38-2017-11-17-007  du  17  novembre  2017  portant  fusion  de  la  communaut\u00e9 \nd'agglom\u00e9ration du pays Viennois (ViennAgglo) et de la communaut\u00e9 de communes de la r\u00e9gion de  \nCondrieu et int\u00e9gration de la commune de Meyssiez ;\nVU l'arr\u00eat\u00e9 pr\u00e9fectoral n\u00b0 38-2025-09-15-00010 du 15 septembre 2025  donnant d\u00e9l\u00e9gation de signature \u00e0  \nMonsieur R\u00e9my DARROUX, sous-pr\u00e9fet de Vienne ;\nCONSIDERANT que la recomposition des organes d\u00e9lib\u00e9rants des \u00e9tablissements publics de coop\u00e9ration \nintercommunale \u00e0 fiscalit\u00e9 propre doit \u00eatre act\u00e9e par arr\u00eat\u00e9 inter pr\u00e9fectoral, avant le 31 octobre 2025 en \nvue des prochaines \u00e9lections municipales et communautaires de mars 2026 ;\nCONSIDERANT qu'aucun accord local n'a \u00e9t\u00e9 exprim\u00e9 au 31 ao\u00fbt 2025 \u00e0 la majorit\u00e9 qualifi\u00e9e des deux  \ntiers des conseils municipaux repr\u00e9sentant la moiti\u00e9 de la population ou des deux tiers des conseils  \nmunicipaux repr\u00e9sentant la moiti\u00e9 de la population ;\nCONSIDERANT qu'il y a lieu de faire application des r\u00e8gles de r\u00e9partition pr\u00e9vues \u00e0 l'article L. 5211-6-1 II  \ndu CGCT ;\nSUR proposition de Monsieur le sous-pr\u00e9fet de Vienne et Madame La sous-pr\u00e9f\u00e8te en charge du Rh\u00f4ne-  \nSud ;\nARR\u00caTENT\nArticle 1  er     : nombre de si\u00e8ges\nLe  nombre  total  de  conseillers  communautaires  composant  l'organe  d\u00e9lib\u00e9rant  de  la  communaut\u00e9 \nd'agglom\u00e9ration Vienne Condrieu Agglom\u00e9ration s'\u00e9tablit \u00e0 51 membres.\n1\nTel\u00a0:\u00a004-74-53-82-08\nMail\u00a0:\u00a0sp-vienne-brce@isere.gouv.fr\nAdresse\u00a0:\u00a016\u00a0Bd\u00a0Eug\u00e8ne\u00a0Arnaud,\u00a0B.P.\u00a0116\u00a0-\u00a038209\u00a0VIENNE\u00a0cedex\n69_Pr\u00e9f_Pr\u00e9fecture du Rh\u00f4ne - 69-2025-10-30-00002 - 69-2025-10-30\nRecomposition conseil CAVCA 2026 10\nArticle 2 :  r\u00e9partition des si\u00e8ges par communes\nLa r\u00e9partition du nombre de conseillers communautaires entre les communes membres est la suivante :\nCommunes Nombre de si\u00e8ges\nChasse-sur-Rh\u00f4ne 3\nChonas-l'Amballan 1\nChuzelles 1\nEstrablin 1\nEyzin-Pinet 1\nJardin 1\nLes C\u00f4tes-d'Arey 1\nLuzinay 1\nMeyssiez 1\nMoidieu-D\u00e9tourbe 1\nPont-Ev\u00eaque 3\nReventin-Vaugris 1\nSaint-Sorlin-de-Vienne 1\nSept\u00e8me 1\nSerpaize 1\nSeyssuel 1\nVienne 17\nVillette-de-Vienne 1\nAmpuis 1\nCondrieu 2\nEchalas 1\nLes Haies 1\nLoire-sur-Rh\u00f4ne 1\nLonges 1\nSaint-Cyr-sur-le-Rh\u00f4ne 1\nSaint-Romain-en-Gal 1\nSaint-Romain-en-Gier 1\nSainte-Colombe 1\nTr\u00e8ves 1\nTupins-et-Semons 1\nTotal 51\n2\nTel\u00a0:\u00a004-74-53-82-08\nMail\u00a0:\u00a0sp-vienne-brce@isere.gouv.fr\nAdresse\u00a0:\u00a016\u00a0Bd\u00a0Eug\u00e8ne\u00a0Arnaud,\u00a0B.P.\u00a0116\u00a0-\u00a038209\u00a0VIENNE\u00a0cedex\n69_Pr\u00e9f_Pr\u00e9fecture du Rh\u00f4ne - 69-2025-10-30-00002 - 69-2025-10-30\nRecomposition conseil CAVCA 2026 11\nArticle 3 : ex\u00e9cution\nSont charg\u00e9s, chacun en ce qui le concerne, de l'ex\u00e9cution du pr\u00e9sent arr\u00eat\u00e9  : le pr\u00e9fet, Secr\u00e9taire  \nG\u00e9n\u00e9ral  de  la  pr\u00e9fecture  du  Rh\u00f4ne,  le  sous-pr\u00e9fet  de  Vienne,  le  pr\u00e9sident  de  la  communaut\u00e9 \nd'agglom\u00e9ration  Vienne  Condrieu  Agglom\u00e9ration  et  les  maires  des  communes  membres  de  la \ncommunaut\u00e9 d'agglom\u00e9ration Vienne Condrieu Agglom\u00e9ration.\nIl sera publi\u00e9 aux recueils des actes administratifs des pr\u00e9fectures de l'Is\u00e8re et du Rh\u00f4ne. Un exemplaire  \nsera adress\u00e9 au directeur r\u00e9gional des finances publiques de la r\u00e9gion Auvergne Rh\u00f4ne Alpes ainsi qu'aux  \ndirecteurs d\u00e9partementaux des finances publiques de l'Is\u00e8re et du Rh\u00f4ne, et sous leur couvert, aux  \ncomptables publics des collectivit\u00e9s territoriales int\u00e9ress\u00e9es.\nFait \u00e0 Vienne, le  30 octobre 2025                                Fait \u00e0 Lyon, le 30 octobre 2025\nPour la pr\u00e9f\u00e8te et par d\u00e9l\u00e9gation, Pour la pr\u00e9f\u00e8te de la R\u00e9gion Auvergne-Rh\u00f4ne Alpes,\n      le sous-pr\u00e9fet de Vienne           pr\u00e9f\u00e8te du Rh\u00f4ne-Sud\n                                                                                                            le pr\u00e9fet, secr\u00e9taire g\u00e9n\u00e9ral,\n                                                                                                 pr\u00e9fet d\u00e9l\u00e9gu\u00e9 pour l'\u00e9galit\u00e9 des chances\n \n        R\u00e9my DARROUX                                                                                         Fabrice ROSAY \nDans les deux mois, \u00e0 compter de la date de notification ou de publication de la pr\u00e9sente d\u00e9cision, les recours suivants peuvent \u00eatre \nintroduits : \n\uf0b7 un recours gracieux, adress\u00e9 \u00e0 Madame la Pr\u00e9f\u00e8te ou \u00e0 Monsieur le sous-pr\u00e9fet de Vienne,\n\uf0b7 un recours hi\u00e9rarchique, adress\u00e9  :\n     Au Ministre de l'Int\u00e9rieur \u2013 Cabinet \u2013 Bureau des \u00e9lections  \u2013\n Place Beauvau \u2013 75800 Paris cedex 08.\n\uf0b7 un recours contentieux, adress\u00e9 : \n   Au tribunal administratif de Grenoble \u2013 2 place de Verdun \u2013 38000 GRENOBLE\n  Au tribunal administratif de Lyon \u2013 184 rue Duguesclin \u2013 69 433 LYON cedex 03\n ou via l'application t\u00e9l\u00e9recours accessible sur le site internet www.telerecours.fr.\n     Ce recours juridictionnel doit \u00eatre d\u00e9pos\u00e9 au plus tard avant l'expiration du 2e mois suivant la date de notification de \n     la d\u00e9cision contest\u00e9e (ou bien du 2e mois suivant la date du rejet du recours gracieux ou hi\u00e9rarchique).\n3\nTel\u00a0:\u00a004-74-53-82-08\nMail\u00a0:\u00a0sp-vienne-brce@isere.gouv.fr\nAdresse\u00a0:\u00a016\u00a0Bd\u00a0Eug\u00e8ne\u00a0Arnaud,\u00a0B.P.\u00a0116\u00a0-\u00a038209\u00a0VIENNE\u00a0cedex\n69_Pr\u00e9f_Pr\u00e9fecture du Rh\u00f4ne - 69-2025-10-30-00002 - 69-2025-10-30\nRecomposition conseil CAVCA 2026 12\n69_Pr\u00e9f_Pr\u00e9fecture du Rh\u00f4ne\n69-2025-10-31-00003\nArr\u00eat\u00e9 pr\u00e9fectoral\nportant habilitation dans le domaine fun\u00e9raire\n69_Pr\u00e9f_Pr\u00e9fecture du Rh\u00f4ne - 69-2025-10-31-00003 - Arr\u00eat\u00e9 pr\u00e9fectoral\nportant habilitation dans le domaine fun\u00e9raire 13\nPREFETEDU RHONELibert\u00e9Egalit\u00e9Fraternit\u00e9\nDirection des Affaires Juridiques\net de l'Administration Locale\nBureau des r\u00e9glementations,\ndes \u00e9lections et des associations\nAffaire suivie par : Mme Delphine LOPEZ-PERSAT\nT\u00e9l. : 04 72 61 61 29\nCourriel : pref-funeraire@rhone.gouv.fr\nArr\u00eat\u00e9 pr\u00e9fectoral n\u00b0 69-2025-                                          x\nportant habilitation dans le domaine fun\u00e9raire\nLa Pr\u00e9f\u00e8te de la R\u00e9gion Auvergne-Rh\u00f4ne-Alpes,\nPr\u00e9f\u00e8te de la Zone de d\u00e9fense et de s\u00e9curit\u00e9 sud-est,\nPr\u00e9f\u00e8te du Rh\u00f4ne,\nCommandeur de la L\u00e9gion d'honneur,\nCommandeur de l'ordre national du M\u00e9rite,\nVU  le Code g\u00e9n\u00e9ral des collectivit\u00e9s territoriales, notamment ses articles L.2223-23 et R.2223-23-5 et  \nsuivants ;\nVU la loi n\u00b0 93-23 du 8 janvier 1993 modifiant le titre VI du livre III du code des communes et relative \u00e0 la  \nl\u00e9gislation dans le domaine fun\u00e9raire ;\nVU le dossier de demande de renouvellement d'habilitation r\u00e9ceptionn\u00e9 en pr\u00e9fecture le 25 septembre  \n2025 et compl\u00e9t\u00e9 le 20 octobre 2025, transmis par Monsieur Sylvain LIMAT, pr\u00e9sident de la SAS Pompes  \nfun\u00e8bres Limat pour l'\u00e9tablissement secondaire situ\u00e9 362 route de Villefranche 69480 Anse;\nSur proposition de Madame la Directrice des Affaires Juridiques et de l'Administration Locale ;\nARR\u00caTE\nArticle     1     :   L'\u00e9tablissement secondaire de l a SAS Pompes fun\u00e8bres Limat situ\u00e9 362 route de Villefranche  \n69480 Anse, dont le pr\u00e9sident  est Monsieur Sylvain LIMAT ,  est habilit\u00e9 pour exercer sur l'ensemble du  \nterritoire national l'activit\u00e9 fun\u00e9raire ci-apr\u00e8s :\n\u2022 Organisation des obs\u00e8ques\n\u2022 Soins de conservation en sous traitance\n\u2022 Fourniture des housses, des cercueils et de leurs accessoires int\u00e9rieurs et ext\u00e9rieurs, ainsi que des urnes  \ncin\u00e9raires\n\u2022 Gestion et utilisation d'une chambre fun\u00e9raire\n\u2022 Fourniture des corbillards et des voitures de deuil \n\u2022 Fourniture  de  personnel  et  des  objets  et  prestations  n\u00e9cessaires  aux  obs\u00e8ques,  inhumations, \nexhumations et \u00e0 la cr\u00e9mation\nPr\u00e9fecture du Rh\u00f4ne\n18 Rue de Bonnel\n69 419 LYON CEDEX 03\nT\u00e9l : 04 72 61 61 61\nwww.rhone.gouv.fr\n1/2\n69_Pr\u00e9f_Pr\u00e9fecture du Rh\u00f4ne - 69-2025-10-31-00003 - Arr\u00eat\u00e9 pr\u00e9fectoral\nportant habilitation dans le domaine fun\u00e9raire 14\nArticle     2     :   La dur\u00e9e de la pr\u00e9sente habilitation d\u00e9livr\u00e9e sous le n\u00b025-69-0641 est fix\u00e9e \u00e0 cinq ans.\nArticle     3     :   Le pr\u00e9sent arr\u00eat\u00e9 peut faire l'objet, dans un d\u00e9lai de 2 mois \u00e0 compter de sa publication, d'un  \nrecours contentieux aupr\u00e8s du Tribunal Administratif de Lyon, 184 rue Duguesclin 69433 Lyon Cedex 03  \nou sur le site www.telerecours.fr.\nArticle     4     :   Le pr\u00e9sent arr\u00eat\u00e9 sera publi\u00e9 au recueil des actes administratifs de la pr\u00e9fecture du Rh\u00f4ne. \nFait \u00e0 Lyon, le 31/10/2025\nPour la Pr\u00e9f\u00e8te,\nLa directrice des affaires juridiques \net de l'administration locale\nCathetrine MERIC\n2/2\n69_Pr\u00e9f_Pr\u00e9fecture du Rh\u00f4ne - 69-2025-10-31-00003 - Arr\u00eat\u00e9 pr\u00e9fectoral\nportant habilitation dans le domaine fun\u00e9raire 15\n69_Pr\u00e9f_Pr\u00e9fecture du Rh\u00f4ne\n69-2025-10-31-00002\nmodifiant l'arr\u00eat\u00e9 prefectoral\nn\u00b069-2025-10-28-00007 du 28 octobre 2025\nportant agr\u00e9ment pour l'exercice de l'activit\u00e9 de\ndomiciliation d'entreprises      \n69_Pr\u00e9f_Pr\u00e9fecture du Rh\u00f4ne - 69-2025-10-31-00002 - modifiant l'arr\u00eat\u00e9 prefectoral n\u00b069-2025-10-28-00007 du 28 octobre 2025\nportant agr\u00e9ment pour l'exercice de l'activit\u00e9 de domiciliation d'entreprises      16\nPREFETEDU RHONELibert\u00e9Egalit\u00e9Fraternit\u00e9\nDirection des Affaires Juridiques\net de l'Administration Locale\nBureau des r\u00e9glementations,\ndes \u00e9lections et des associations\nAffaire suivie par : DLP\nT\u00e9l. : 04 72 61 61 29\nCourriel : pref-reglementation-generale@rhone.gouv.fr\nArr\u00eat\u00e9 pr\u00e9fectoral n\u00b0 69-2025                                                \nmodifiant l'arr\u00eat\u00e9 prefectoral n\u00b069-2025-10-28-00007 du 28 octobre 2025 portant agr\u00e9ment pour \nl'exercice de l'activit\u00e9 de domiciliation d'entreprises      \nLa Pr\u00e9f\u00e8te de la R\u00e9gion Auvergne-Rh\u00f4ne-Alpes,\nPr\u00e9f\u00e8te de la Zone de d\u00e9fense et de s\u00e9curit\u00e9 sud-est,\nPr\u00e9f\u00e8te du Rh\u00f4ne,\nCommandeur de la L\u00e9gion d'honneur,\nCommandeur de l'ordre national du M\u00e9rite,\nVU la directive 2005/60  /CE du Parlement et du Conseil du 26 octobre 2005 relative \u00e0 la pr\u00e9vention de  \nl'utilisation du syst\u00e8me financier aux fins de blanchiment de capitaux et de financement de terrorisme ;\nVU le code de commerce, notamment ses articles L 123-10 \u00e0 L123-11-8 et R123-166 \u00e0 R123-171 ;\nVU le code mon\u00e9taire et financier, notamment ses articles L.561-2 ;\nVU  l'ordonnance  n\u00b02009-104  du  30  janvier  2009  relative  \u00e0  la  pr\u00e9vention  de  l'utilisation  du  syst\u00e8me \nfinancier aux fins de blanchiment de capitaux et de financement du terrorisme, notamment ses articles 9  \net 20 ;\nVU le d\u00e9cret n\u00b02009-1535 du 10 d\u00e9cembre 2009 d\u00e9finissant les modalit\u00e9s de contr\u00f4le du respect des  \nobligations relatives \u00e0 la lutte contre le blanchiment de capitaux et le financement du terrorisme par les  \npersonnes mentionn\u00e9es aux 8\u00b0, 9\u00b0 et 15\u00b0 de l'article L561-2 du code mon\u00e9taire et financier et relatif \u00e0 la  \nCommission nationale des sanctions (articles R. 561-43 \u00e0 R.561-50 du code mon\u00e9taire et financier) ;\nVU le d\u00e9cret n\u00b02009-1695 du 30 d\u00e9cembre 2009 relatif \u00e0 l'agr\u00e9ment des domiciliataires d'entreprises  \nsoumises \u00e0 l'immatriculation au registre du commerce et des soci\u00e9t\u00e9s ou au r\u00e9pertoire des m\u00e9tiers  \n(articles R123-166-1 \u00e0 R.123-166-5 du code de commerce) ;\nVU l'arr\u00eat\u00e9 pr\u00e9fectoral n\u00b0 69-2025-10-28-00007 du 28 octobre 2025 portant agr\u00e9ment de la Soci\u00e9t\u00e9  \nCHIFFRES ET CONSEILS, pour l'exercice de l'activit\u00e9 de domiciliation d'entreprises ;\nCONSID\u00c9RANT l'erreur mat\u00e9rielle relative au nom et l'adresse de la soci\u00e9t\u00e9 ;\nSur proposition de la Directrice des Affaires Juridiques et de l'Administration Locale ;\nPr\u00e9fecture du Rh\u00f4ne\n18 Rue de Bonnel\n69 419 LYON CEDEX 03\nT\u00e9l : 04 72 61 61 61\nwww.rhone.gouv.fr\n1/2\n69_Pr\u00e9f_Pr\u00e9fecture du Rh\u00f4ne - 69-2025-10-31-00002 - modifiant l'arr\u00eat\u00e9 prefectoral n\u00b069-2025-10-28-00007 du 28 octobre 2025\nportant agr\u00e9ment pour l'exercice de l'activit\u00e9 de domiciliation d'entreprises      17\nARR\u00caTE\nArticle     1     :   Les dispositions de l'article 1 de l'arr\u00eat\u00e9 pr\u00e9fectoral n\u00b0 69-2025-10-28-00007 du 28 octobre 2025 \nsont remplac\u00e9es par les dispositions suivantes :\n\u00ab La soci\u00e9t\u00e9 CHIFFRES ET CONSEILS est agr\u00e9\u00e9e pour exercer au sein de son \u00e9tablissement principal situ\u00e9  \n9 rue des Tuiliers 69003 Lyon, l'activit\u00e9 de domiciliation d'entreprises. \u00bb\nArticle     2     :   Le reste est sans changement.\nArticle     3     :   Le pr\u00e9sent arr\u00eat\u00e9 peut faire l'objet, dans un d\u00e9lai de 2 mois \u00e0 compter de sa publication, d'un  \nrecours contentieux aupr\u00e8s du Tribunal Administratif de Lyon, 184 rue Duguesclin 69433 Lyon Cedex 03  \nou sur le site www.telerecours.fr.\nArticle     9     :   Le  Pr\u00e9fet,  Secr\u00e9taire  g\u00e9n\u00e9ral,  Pr\u00e9fet  d\u00e9l\u00e9gu\u00e9  pour  l'\u00e9galit\u00e9  des  chances  est  charg\u00e9  de \nl'ex\u00e9cution du pr\u00e9sent arr\u00eat\u00e9 qui sera notifi\u00e9 \u00e0 l'int\u00e9ress\u00e9 et publi\u00e9 au recueil des actes administratifs de  \nla  pr\u00e9fecture  du  Rh\u00f4ne.  Une  copie  de  l'arr\u00eat\u00e9  sera  transmise  au  greffe  du  Tribunal  de  activit\u00e9s \n\u00e9conomiques de Lyon.\nFait \u00e0 Lyon, le 31/10/2025    \n                           x\nPour la La Pr\u00e9f\u00e8te, \nDirectrice des affaires juridiques et \nde l'administratation locale\nCatherine MERIC\n2/2\n69_Pr\u00e9f_Pr\u00e9fecture du Rh\u00f4ne - 69-2025-10-31-00002 - modifiant l'arr\u00eat\u00e9 prefectoral n\u00b069-2025-10-28-00007 du 28 octobre 2025\nportant agr\u00e9ment pour l'exercice de l'activit\u00e9 de domiciliation d'entreprises      18\n69_Pr\u00e9f_Pr\u00e9fecture du Rh\u00f4ne\n69-2025-10-30-00001\nARR\u00caT\u00c9 n\u00b02025 - 10 - 30 - 0001\nautorisant la captation, l'enregistrement et la\ntransmission\nd'images au moyen de cam\u00e9ras install\u00e9es sur un\na\u00e9ronef le 31 octobre 2025 \u00e0 Saint Fons, Lyon et\nOullins-Pierre-B\u00e9nite\n69_Pr\u00e9f_Pr\u00e9fecture du Rh\u00f4ne - 69-2025-10-30-00001 - ARR\u00caT\u00c9 n\u00b02025 - 10 - 30 - 0001\nautorisant la captation, l'enregistrement et la transmission\nd'images au moyen de cam\u00e9ras install\u00e9es sur un a\u00e9ronef le 31 octobre 2025 \u00e0 Saint Fons, Lyon et Oullins-Pierre-B\u00e9nite\n19\nPREFETEDU RHONELibert\u00e9Egalit\u00e9Fraternit\u00e9\nPr\u00e9fecture\nCabinet du Pr\u00e9fet d\u00e9l\u00e9gu\u00e9 pour \nla d\u00e9fense et la s\u00e9curit\u00e9\nBureau de l'ordre public\nARR\u00caT\u00c9 n\u00b02025 \u2013 10 \u2013 30 \u2013 0001\nautorisant la captation, l'enregistrement et la transmission\nd'images au moyen de cam\u00e9ras install\u00e9es sur un a\u00e9ronef le 31 octobre 2025 \u00e0 Saint Fons, Lyon et Oullins-Pierre-\nB\u00e9nite\nLa Pr\u00e9f\u00e8te du Rh\u00f4ne,\nCommandeur de la L\u00e9gion d'honneur\nCommandeur de l'ordre national du M\u00e9rite\nVU le Code de la s\u00e9curit\u00e9 int\u00e9rieure et notamment ses articles L. 242-1 \u00e0 L. 242-8 et R. 242-8 \u00e0 R. 242-\n14\u00a0;\nVU la loi n\u00b078-17 du 6 janvier 1978 relative \u00e0 l'informatique, aux fichiers et aux libert\u00e9s \nVU le d\u00e9cret n\u00b0 2004-374 du 29 avril 2004 relatif aux pouvoirs des pr\u00e9fets, \u00e0 l'organisation et \u00e0  \nl'action des services de l'\u00c9tat dans les r\u00e9gions et d\u00e9partements\u00a0;\nVU le d\u00e9cret en Conseil des Ministres du 11 janvier 2023 portant nomination de Madame Fabienne  \nBUCCIO, pr\u00e9f\u00e8te de la r\u00e9gion Auvergne-Rh\u00f4ne-Alpes, pr\u00e9f\u00e8te de la zone de d\u00e9fense et de s\u00e9curit\u00e9  \nSud-Est, pr\u00e9f\u00e8te du Rh\u00f4ne (hors classe) ;\nVU  le d\u00e9cret du 6 novembre 2024 portant nomination du pr\u00e9fet d\u00e9l\u00e9gu\u00e9 pour la d\u00e9fense et la  \ns\u00e9curit\u00e9 aupr\u00e8s de la pr\u00e9f\u00e8te de la r\u00e9gion Auvergne-Rh\u00f4ne-Alpes, pr\u00e9f\u00e8te de la zone de d\u00e9fense et  \nde s\u00e9curit\u00e9 Sud-Est, pr\u00e9f\u00e8te du Rh\u00f4ne \u2013 M. Antoine GUERIN\u00a0; \nVU l'arr\u00eat\u00e9 pr\u00e9fectoral n\u00b069-2025-07-04-00005 du 4 juillet 2025 portant d\u00e9l\u00e9gation de signature \u00e0 M. \nAntoine GUERIN en qualit\u00e9 de pr\u00e9fet d\u00e9l\u00e9gu\u00e9 pour la d\u00e9fense et la s\u00e9curit\u00e9 aupr\u00e8s de la pr\u00e9f\u00e8te de  \nla r\u00e9gion Auvergne-Rh\u00f4ne-Alpes, pr\u00e9f\u00e8te de la zone de d\u00e9fense et de s\u00e9curit\u00e9 Sud-Est, pr\u00e9f\u00e8te du  \nRh\u00f4ne\u00a0;\nVU l'arr\u00eat\u00e9 du Ministre de l'Int\u00e9rieur et des outre-mer, en date du 19 avril 2023 relatif au nombre  \nmaximal de cam\u00e9ras install\u00e9es sur des a\u00e9ronefs pouvant \u00eatre simultan\u00e9ment utilis\u00e9es dans chaque  \nd\u00e9partement\u00a0et collectivit\u00e9 d'outre-mer ;\nVU l'analyse  d'impact  relative  \u00e0  la  protection  des  donn\u00e9es  (AIPD)  r\u00e9alis\u00e9e  par  le  Minist\u00e8re  de \nl'Int\u00e9rieur en date du 25 janvier 2023\u00a0; \nVU l'appel sur les r\u00e9seaux du collectif Extinction R\u00e9bellion \u00e0 participer \u00e0 une action  baptis\u00e9e  \n\u00ab\u00a0POTION TOXIQUE STOP DEATH\u00a0\u00bb\u00a0; \nPr\u00e9fecture du Rh\u00f4ne  \u2013 69419 Lyon cedex 03 1\nwww.rhone.gouv.fr ou t\u00e9l. : 04 72 61 61 61 (co\u00fbt d'un appel local)\n69_Pr\u00e9f_Pr\u00e9fecture du Rh\u00f4ne - 69-2025-10-30-00001 - ARR\u00caT\u00c9 n\u00b02025 - 10 - 30 - 0001\nautorisant la captation, l'enregistrement et la transmission\nd'images au moyen de cam\u00e9ras install\u00e9es sur un a\u00e9ronef le 31 octobre 2025 \u00e0 Saint Fons, Lyon et Oullins-Pierre-B\u00e9nite\n20\nVU la demande du 30 octobre 2025, form\u00e9e par la Direction Interd\u00e9partementale de la Police Na -\ntionale du Rh\u00f4ne, visant \u00e0 obtenir l'autorisation de capter, d'enregistrer et de transmettre des  \nimages au moyen d'une cam\u00e9ra install\u00e9e sur un a\u00e9ronef t\u00e9l\u00e9-pilot\u00e9s aux fins de  pr\u00e9vention des at -\nteintes \u00e0 la s\u00e9curit\u00e9 des personnes et des biens, de s\u00e9curisation des rassemblements et de pr\u00e9ven -\ntion des actes terroristes\u00a0;\nVU le plan vigipirate \u00e0 son niveau sommital \u00ab\u00a0urgence attentats\u00a0\u00bb\u00a0;\nVU le classement SEVESO seuil haut du site KEM ONE, concern\u00e9 par la demande de survol\u00a0;\nVU l'autorisation du gestionnaire du site KEM ONE\u00a0;\nCONSID\u00c9RANT que les dispositions susvis\u00e9es permettent aux forces de s\u00e9curit\u00e9 int\u00e9rieure, dans  \nl'exercice de leurs missions de pr\u00e9vention des atteintes \u00e0 l'ordre public et de protection de la  \ns\u00e9curit\u00e9  des  personnes  et  des  biens,  de  proc\u00e9der  \u00e0  la  captation,  \u00e0  l'enregistrement  et  \u00e0  la \ntransmission d'images au moyen de cam\u00e9ras install\u00e9es sur des a\u00e9ronefs aux fins d'assurer la s\u00e9curit\u00e9 \ndes personnes et des biens, de pr\u00e9venir les troubles \u00e0 l'ordre public dans le cadre des op\u00e9rations de \nr\u00e9tablissement de l'ordre public et de pr\u00e9venir les actes terroristes \u00a0; que notamment, le 1\u00b0, 2\u00b0 et 3\u00b0  \nde l'article L. 242-5 du Code de la s\u00e9curit\u00e9 int\u00e9rieure susvis\u00e9 pr\u00e9voit que ces dispositifs peuvent \u00eatre \nmis en \u0153uvre au titre de la s\u00e9curit\u00e9 des rassemblements de personnes sur la voie publique ou dans  \nles lieux ouverts au public ainsi que de l'appui des personnels au sol, en vue de leur permettre de  \nmaintenir ou de r\u00e9tablir l'ordre public, lorsque ces rassemblements sont susceptibles d'entra\u00eener  \ndes troubles graves \u00e0 l'ordre public, et, dans le cadre de la pr\u00e9vention des actes terroristes, aux  \nseules fins du maintien de l'ordre, de la s\u00e9curit\u00e9 publique et de l'int\u00e9grit\u00e9 du site SEVESO\u00a0;\nCONSID\u00c9RANT que cette action vise les sites polluants \u00a0; que ARKEMA et KEM ON se sont illustr\u00e9es  \ndans la presse locale par leurs \u00e9missions de produits polluants \u00a0; que KEM ONE a fait l'objet de deux  \nintrusions (une dans la nuit du 01 au 02 septembre et une le 03 septembre)\u00a0; que ces faits pourraient \nconstituer des phases de rep\u00e9rage pour une action de plus grande ampleur comme cela avait \u00e9t\u00e9 le  \ncas par le pass\u00e9 pour ARKEMA\u00a0; \nCONSID\u00c9RANT que  les  dispositifs  de  vid\u00e9oprotection  existants  ne  permettent  pas  de  couvrir \nl'ensemble  du  secteur  concern\u00e9\u00a0;  que  la  cam\u00e9ra  a\u00e9roport\u00e9e  vient  en  compl\u00e9mentarit\u00e9  de  ces \nderniers  permettant  une  continuit\u00e9  d'observation  sans  d\u00e9placement  d'effectifs  massif  et  \u00e0 \nl'aveugle\u00a0;  que  l'usage  de  cette  cam\u00e9ra  permettra  la  d\u00e9tection  en  amont  de  toute  tentative \nd'approche et d'intrusion dans le site class\u00e9 SEVESO\u00a0;\nCONSID\u00c9RANT qu'une surveillance au sol, sans l'appui de cam\u00e9ras a\u00e9roport\u00e9es, des voies pouvant  \n\u00eatre emprunt\u00e9es par les groupes \u00e0 risques ne permet pas d'assurer la s\u00e9curit\u00e9 \u00a0 de l'int\u00e9gralit\u00e9 du  \np\u00e9rim\u00e8tre du site ;\nCONSID\u00c9RANT qu'une intrusion sur ce type de site par des manifestants radicaux porterait atteinte \n\u00e0 la s\u00fbret\u00e9 industrielle\u00a0;\nCONSID\u00c9RANT que la demande porte sur l'engagement d'une cam\u00e9ra a\u00e9roport\u00e9e \u00a0; que les lieux  \nsurveill\u00e9s  sont  strictement  limit\u00e9s  aux  lieux  o\u00f9  sont  susceptibles  de  survenir  les  atteintes,  que \nl'usage de la cam\u00e9ra a\u00e9roport\u00e9e vise \u00e0 pr\u00e9venir \u00a0; que la dur\u00e9e de l'autorisation est \u00e9galement  \nstrictement limit\u00e9e \u00e0 la dur\u00e9e des risques de troubles \u00e0 l'ordre public\u00a0et de s\u00e9curit\u00e9 des c\u00e9r\u00e9monies \nmilitaires  ;  qu'au  regard  des  circonstances  susmentionn\u00e9es,  la  demande  n'appara\u00eet  pas \ndisproportionn\u00e9e\u00a0; \nCONSID\u00c9RANT que  par  exception  au  principe  g\u00e9n\u00e9ral  de  l'information  par  plusieurs  moyens \nadapt\u00e9s du recours \u00e0 la captation, l'enregistrement et la transmission d'images des art. L. 242-3 et R. \n242-13 du CSI, cette information entre en contradiction avec les objectifs poursuivis parmi les  \n2\n69_Pr\u00e9f_Pr\u00e9fecture du Rh\u00f4ne - 69-2025-10-30-00001 - ARR\u00caT\u00c9 n\u00b02025 - 10 - 30 - 0001\nautorisant la captation, l'enregistrement et la transmission\nd'images au moyen de cam\u00e9ras install\u00e9es sur un a\u00e9ronef le 31 octobre 2025 \u00e0 Saint Fons, Lyon et Oullins-Pierre-B\u00e9nite\n21\nfinalit\u00e9s de l'op\u00e9ration du 13 juin 2023 mentionn\u00e9es aux 1\u00b0, 2\u00b0 et 3\u00b0 du I de l'article R. 242-8 du CSI \u00a0; \nque l'efficacit\u00e9 de cette op\u00e9ration sensible est conditionn\u00e9e \u00e0 un imp\u00e9ratif de discr\u00e9tion \u00a0; que  \nl'information  sp\u00e9cifique  du  public  peut  alors  entrer  en  contradiction  avec  les  finalit\u00e9s  de \nl'op\u00e9ration, et mettre en p\u00e9ril son efficacit\u00e9 \u00a0; que l'information du public n'aura pas lieu \u00e0 ce titre \u00a0; \nque le pr\u00e9sent arr\u00eat\u00e9 sera publi\u00e9 au recueil des actes administratifs ; \nARR\u00caTE\nArticle  1er\n \u2013  La captation,  l'enregistrement  et  la  transmission  d'images  par  la  Direction \nInterd\u00e9partementale de la Police Nationale du Rh\u00f4ne , est autoris\u00e9e aux fins de  pr\u00e9vention des  \natteintes  \u00e0  la  s\u00e9curit\u00e9  des  personnes  et  des  biens,  de  s\u00e9curisation  des  rassemblements  et  la \npr\u00e9vention d'actes terroristes dans le cadre des vell\u00e9it\u00e9s d'intrusion sur le site SEVESO KEM ONE , le \nvendredi 31 octobre 2025 de 13h00  \u00e0 17h00  sur les communes de St Fons, Lyon et Oullins-Pierre-\nB\u00e9nite dans la zone d\u00e9finie par le p\u00e9rim\u00e8tre compris dans le cercle form\u00e9 par le rayon de un kilom\u00e8tre \nautour du point GPS X : 4.85039 et Y\u00a0: 45.703670.\nArticle  2  \u2013  Le  nombre  maximal  de  cam\u00e9ras  pouvant  proc\u00e9der  simultan\u00e9ment  aux  traitements \nmentionn\u00e9s \u00e0 l'article 1er\n est fix\u00e9 au dispositif suivant\u00a0: \n\u2022 DJI Mavic 3T\nArticle 3\u2013  Le registre mentionn\u00e9 \u00e0 l'article L. 242-4 du Code de la s\u00e9curit\u00e9 int\u00e9rieure est transmis \u00e0  \nla pr\u00e9f\u00e8te du Rh\u00f4ne \u00e0 l'issue de la manifestation.\nArticle 4 \u00a0\u2013 Le pr\u00e9sent arr\u00eat\u00e9 est publi\u00e9 au recueil des actes administratifs de la pr\u00e9fecture et peut  \nfaire l'objet d'un recours devant le tribunal administratif de Lyon dans un d\u00e9lai de deux mois \u00e0  \ncompter de sa publication.\nArticle 5 \u2013 Le pr\u00e9fet d\u00e9l\u00e9gu\u00e9 pour la d\u00e9fense et la s\u00e9curit\u00e9, le d\u00e9l\u00e9gu\u00e9 militaire d\u00e9partemental du  \nRh\u00f4ne sont charg\u00e9s chacun en ce qui le concerne de l'ex\u00e9cution du pr\u00e9sent arr\u00eat\u00e9.\nFait \u00e0 Lyon, le 30 octobre 2025\nLe pr\u00e9fet d\u00e9l\u00e9gu\u00e9 pour la d\u00e9fense et la s\u00e9curit\u00e9,\n3\nORIGINAL SIGNE\nAntoine GU\u00c9RIN\n69_Pr\u00e9f_Pr\u00e9fecture du Rh\u00f4ne - 69-2025-10-30-00001 - ARR\u00caT\u00c9 n\u00b02025 - 10 - 30 - 0001\nautorisant la captation, l'enregistrement et la transmission\nd'images au moyen de cam\u00e9ras install\u00e9es sur un a\u00e9ronef le 31 octobre 2025 \u00e0 Saint Fons, Lyon et Oullins-Pierre-B\u00e9nite\n22\n69_Pr\u00e9f_Pr\u00e9fecture du Rh\u00f4ne\n69-2025-10-29-00042\nArr\u00eat\u00e9 pr\u00e9fectoral 2025-10-29-005 concernant la\nmodification des repr\u00e9sentants de la police aux\nfronti\u00e8res au sein de la commission de s\u00fbret\u00e9 des\na\u00e9rodromes du Rh\u00f4ne\n69_Pr\u00e9f_Pr\u00e9fecture du Rh\u00f4ne - 69-2025-10-29-00042 - Arr\u00eat\u00e9 pr\u00e9fectoral 2025-10-29-005 concernant la modification des repr\u00e9sentants\nde la police aux fronti\u00e8res au sein de la commission de s\u00fbret\u00e9 des a\u00e9rodromes du Rh\u00f4ne 23\n1\n69_Pr\u00e9f_Pr\u00e9fecture du Rh\u00f4ne - 69-2025-10-29-00042 - Arr\u00eat\u00e9 pr\u00e9fectoral 2025-10-29-005 concernant la modification des repr\u00e9sentants\nde la police aux fronti\u00e8res au sein de la commission de s\u00fbret\u00e9 des a\u00e9rodromes du Rh\u00f4ne 24\nB- Repr\u00e9sentants des professions a\u00e9ronautiques1) Au titre des exploitants d'a\u00e9rodrome dans le Rh\u00f4ne :Pas de modification2) Au titre des compagnies a\u00e9riennes desservant les a\u00e9rodromes du Rh\u00f4ne et desautres personnes autoris\u00e9es \u00e0 occuper ou \u00e0 utiliser le c\u00f4t\u00e9 piste des a\u00e9rodromes duRh\u00f4ne:Pas de modification3) Au titre des personnels navigants des compagnies a\u00e9riennes desservant lesa\u00e9rodromes du Rh\u00f4ne :Pas de modification4) Au titre des autres cat\u00e9gories de personnels employ\u00e9s sur les a\u00e9rodromes du Rh\u00f4ne :Pas de modification\nArticle 2 : Le mandat des membres de la commission de s\u00fbret\u00e9 des a\u00e9rodromes du Rh\u00f4neexpire le 26 juin 2027.Article 3: La directrice de la s\u00e9curit\u00e9 de l'aviation civile centre-est est charg\u00e9e del'application du pr\u00e9sent arr\u00eat\u00e9 qui sera publi\u00e9 au recueil des actes administratifs de lapr\u00e9fecture du Rh\u00f4ne.\nFait \u00e0 Lyon, le 29 octobre 2025\nPour la pr\u00e9f\u00e8te du Rh\u00f4ne et par d\u00e9l\u00e9gation,le pr\u00e9fet d\u00e9l\u00e9gu\u00e9 pour la d\u00e9fense et la s\u00e9curit\u00e9,\nAntoine GUERIN\n2\n69_Pr\u00e9f_Pr\u00e9fecture du Rh\u00f4ne - 69-2025-10-29-00042 - Arr\u00eat\u00e9 pr\u00e9fectoral 2025-10-29-005 concernant la modification des repr\u00e9sentants\nde la police aux fronti\u00e8res au sein de la commission de s\u00fbret\u00e9 des a\u00e9rodromes du Rh\u00f4ne 25\n69_Pr\u00e9f_Pr\u00e9fecture du Rh\u00f4ne\n69-2025-10-31-00004\nArr\u00eat\u00e9 pr\u00e9fectoral n\u00b02025-31-10-0001 portant\ninterdiction de rassemblement automobile sur la\nvoie publique dans le d\u00e9partement du Rh\u00f4ne du\nvendredi 31 octobre 2025 \u00e0 18h00 au dimanche\n2 novembre 2025 \u00e0 12h00\n69_Pr\u00e9f_Pr\u00e9fecture du Rh\u00f4ne - 69-2025-10-31-00004 - Arr\u00eat\u00e9 pr\u00e9fectoral n\u00b02025-31-10-0001 portant interdiction de rassemblement\nautomobile sur la voie publique dans le d\u00e9partement du Rh\u00f4ne du vendredi 31 octobre 2025 \u00e0 18h00 au dimanche 2 novembre 2025\n\u00e0 12h00\n26\nPREFETEDU RHONELibert\u00e9Egalit\u00e9Fraternit\u00e9\nCabinet du Pr\u00e9fet d\u00e9l\u00e9gu\u00e9\npour la d\u00e9fense et la s\u00e9curit\u00e9\nBureau de l'Ordre Public\nARR\u00caT\u00c9 PR\u00c9FECTORAL N\u00b0 2025 \u2013 31 \u2013 10 \u2013 0001\nportant interdiction de rassemblement automobile sur la voie publique dans le d\u00e9partement du \nRh\u00f4ne du vendredi 31 octobre 2025 \u00e0 18h00 au dimanche 2 novembre 2025 \u00e0 12h00\nLa Pr\u00e9f\u00e8te du Rh\u00f4ne,\nCommandeur de la L\u00e9gion d'honneur\nCommandeur de l'ordre national du M\u00e9rite\nVU la Constitution, et notamment son Pr\u00e9ambule\u00a0;\nVU la Convention europ\u00e9enne de sauvegarde des droits de l'homme et des libert\u00e9s fondamentales  \ndu 4 novembre 1950\u00a0;\nVU le Code p\u00e9nal, notamment ses articles 223-1, 322-3 et 431-3 et suivants\u00a0; \nVU le Code de la route, notamment ses articles L236-1 et L236-2\u00a0; \nVU le Code g\u00e9n\u00e9ral des collectivit\u00e9s territoriales, notamment ses articles L2214-4 et L2215-1\u00a0; \nVU le Code de la s\u00e9curit\u00e9 int\u00e9rieure, notamment ses articles L211-1 et suivants\u00a0;\nVU la loi du 30 juin 1881 sur la libert\u00e9 de r\u00e9union\u00a0;\nVU le d\u00e9cret n\u00b02004-374 du 29 avril 2004 modifi\u00e9 relatif aux pouvoirs des pr\u00e9fets, \u00e0 l'organisation et  \n\u00e0 l'action des services de l'\u00c9tat dans les r\u00e9gions et d\u00e9partements ;\nVU le d\u00e9cret en Conseil des Ministres du 11 janvier 2023 portant nomination de Madame Fabienne  \nBUCCIO, pr\u00e9f\u00e8te de la r\u00e9gion Auvergne-Rh\u00f4ne-Alpes, pr\u00e9f\u00e8te de la zone de d\u00e9fense et de s\u00e9curit\u00e9  \nSud-Est, pr\u00e9f\u00e8te du Rh\u00f4ne (hors classe) ;\nVU  le d\u00e9cret du 6 novembre 2024 portant nomination du pr\u00e9fet d\u00e9l\u00e9gu\u00e9 pour la d\u00e9fense et la  \ns\u00e9curit\u00e9 aupr\u00e8s de la pr\u00e9f\u00e8te de la r\u00e9gion Auvergne-Rh\u00f4ne-Alpes, pr\u00e9f\u00e8te de la zone de d\u00e9fense et  \nde s\u00e9curit\u00e9 Sud-Est, pr\u00e9f\u00e8te du Rh\u00f4ne \u2013 M. Antoine GUERIN\u00a0; \nVU  l'arr\u00eat\u00e9  pr\u00e9fectoral  n\u00b069-2025-09-26-00005  du  26  septembre  2025  portant  d\u00e9l\u00e9gation  de \nsignature \u00e0 M. Antoine GUERIN en qualit\u00e9 de pr\u00e9fet d\u00e9l\u00e9gu\u00e9 pour la d\u00e9fense et la s\u00e9curit\u00e9 aupr\u00e8s de  \nla pr\u00e9f\u00e8te de la r\u00e9gion Auvergne-Rh\u00f4ne-Alpes, pr\u00e9f\u00e8te de la zone de d\u00e9fense et de s\u00e9curit\u00e9 Sud-Est,  \npr\u00e9f\u00e8te du Rh\u00f4ne\u00a0; \n  Pr\u00e9fecture du Rh\u00f4ne \u2013 \n  69419 Lyon cedex 03 \n  04 72 61 60 60\n  www.rhone.gouv.fr 1\n69_Pr\u00e9f_Pr\u00e9fecture du Rh\u00f4ne - 69-2025-10-31-00004 - Arr\u00eat\u00e9 pr\u00e9fectoral n\u00b02025-31-10-0001 portant interdiction de rassemblement\nautomobile sur la voie publique dans le d\u00e9partement du Rh\u00f4ne du vendredi 31 octobre 2025 \u00e0 18h00 au dimanche 2 novembre 2025\n\u00e0 12h00\n27\nVU la  vid\u00e9o  diffus\u00e9e  sur  les  r\u00e9seaux  sociaux  indiquant  la  tenue  d'un  grand  rassemblement \nautomobile  intitul\u00e9  \u00ab\u00a0RASSO-X-BIMMER-HALLOWEEN\u00a0\u00bb  le  vendredi  31  octobre  2025  par  un \norganisateur non identifi\u00e9 \u00a0; que le d\u00e9partement du Rh\u00f4ne pourrait \u00eatre une \u00e9tape de ce grand  \nrassemblement\u00a0; \nVU les risques de violences urbaines survenant fr\u00e9quemment \u00e0 l'occasion de la f\u00eate d'Halloween  \nchaque ann\u00e9e\u00a0dans le d\u00e9partement du Rh\u00f4ne\u00a0; \nCONSID\u00c9RANT que,  m\u00eame  en  l'absence  de  circonstances  locales  particuli\u00e8res,  il  appartient  \u00e0 \nl'autorit\u00e9  investie  du  pouvoir  de  police  de  prendre  les  mesures  n\u00e9cessaires,  adapt\u00e9es  et \nproportionn\u00e9es pour pr\u00e9venir une atteinte \u00e0 l'ordre public, dont le respect de la dignit\u00e9 de la  \npersonne humaine constitue l'une des composantes \u00a0; qu'il appartient en outre \u00e0 la m\u00eame autorit\u00e9  \nde prendre les mesures n\u00e9cessaires, adapt\u00e9es et proportionn\u00e9es pour pr\u00e9venir la commission des  \ninfractions p\u00e9nales susceptibles de constituer un trouble \u00e0 l'ordre public sans porter d'atteinte  \nexcessive \u00e0 l'exercice par les citoyens de leurs libert\u00e9s fondamentales \u00a0; qu'\u00e0 ce titre, la pr\u00e9f\u00e8te du  \nd\u00e9partement  peut  prendre  toute  mesure  n\u00e9cessaire  dont  le  champ  d'application  exc\u00e8de  le \nterritoire d'une commune\u00a0;\nCONSID\u00c9RANT qu'au regard de l'article L.211-1 du Code de la s\u00e9curit\u00e9 int\u00e9rieure, sont soumis \u00e0  \nl'obligation d'une d\u00e9claration pr\u00e9alable tous cort\u00e8ges, d\u00e9fil\u00e9s et rassemblements de personnes, et,  \nd'une fa\u00e7on g\u00e9n\u00e9rale, toutes manifestations sur la voie publique\u00a0; que cet \u00e9v\u00e9nement, compte tenu \ndes  modalit\u00e9s  d'acc\u00e8s  au  public,  de  son  attrait  m\u00e9diatique,  de  son  objet  et  de  sa  publicit\u00e9, \nconstitue une r\u00e9union publique et un rassemblement au sens de la loi\u00a0;\nCONSID\u00c9RANT que le rassemblement automobile intitul\u00e9 \u00ab \u00a0RASSO-X-BIMMER-HALLOWEEN\u00a0\u00bb du  \nvendredi 31 octobre 2025 annonc\u00e9 sur les r\u00e9seaux sociaux n'a fait l'objet d'aucune d\u00e9claration  \npr\u00e9alable  aupr\u00e8s  des  services  comp\u00e9tents  ni  d'aucune  mesure  de  s\u00e9curisation  de  la  part  des \norganisateurs\u00a0; \nCONSID\u00c9RANT que ce type de rassemblements automobiles qui r\u00e9unit habituellement un nombre  \ncons\u00e9quent de v\u00e9hicules et de personnes, donne lieu \u00e0 des troubles importants \u00e0 l'ordre public et \u00e0 \nla s\u00e9curit\u00e9 publique\u00a0: \u00ab\u00a0drifts\u00a0\u00bb (d\u00e9rapages) et \u00ab\u00a0burnout\u00a0\u00bb (acc\u00e9l\u00e9ration sur place pour faire chauffer \nles pneus) dangereux pour les spectateurs, ou courses de vitesse sur les axes routiers avec de grands \nexc\u00e8s de vitesse constat\u00e9s par des proc\u00e8s-verbaux entre autres\u00a0;\nCONSID\u00c9RANT que, depuis ao\u00fbt 2024, plusieurs rassemblements automobiles ont eu lieu dans le  \nd\u00e9partement  du  Rh\u00f4ne,  et  dans  les  d\u00e9partements  limitrophes\u00a0;  que  le  30  ao\u00fbt  2024  sur  la \ncommune de Saint-Priest, cinq cents voitures \u00e9taient pr\u00e9sentes et que des drifts ont \u00e9t\u00e9 constat\u00e9s\u00a0; \nque le 31 octobre 2024 sur les communes de Pusignan et Brignais un rassemblement important  \nd'automobiles a cr\u00e9e des troubles \u00e0 l'ordre public et a mis en danger les usagers de la route\u00a0;\nCONSID\u00c9RANT  qu'un  rassemblement  automobile  de  \u00ab\u00a0tuning\u00a0\u00bb  d'une  dizaine  de  voitures  s'est \nd\u00e9roul\u00e9 le 2 novembre 2024 en Savoie dans la commune de Chamb\u00e9ry ; que les forces de l'ordre  \nont d\u00fb intervenir et qu'ils ont \u00e9t\u00e9 cibl\u00e9s par des jets de projectiles et de fumig\u00e8nes\u00a0; \nCONSID\u00c9RANT qu'un  rassemblement  automobile  intitul\u00e9  \u00ab\u00a0RASSO  XMAS\u00a0\u00bb  s'est  d\u00e9roul\u00e9  le  8 \nd\u00e9cembre 2024 en Haute-Savoie dans la commune d'Annecy rassemblant cinq cents participants \u00a0; \nque de nombreuses infractions routi\u00e8res mettant en danger les usagers de la route ont \u00e9t\u00e9 commis\u00a0; \nque 363 infractions au Code de la route ont \u00e9t\u00e9 relev\u00e9es\u00a0; \nCONSID\u00c9RANT  qu'un  rassemblement  automobile  intitul\u00e9  \u00ab\u00a0RASSO  XMAS\u00a0\u00bb  s'est  d\u00e9roul\u00e9  le  14 \nd\u00e9cembre 2024, dans le d\u00e9partement de l'Is\u00e8re, occasionnant de graves troubles \u00e0 l'ordre public \u00a0: \nrixes, accidents de la circulation, engorgement des axes de circulation cr\u00e9ant des ralentissements et \n69_Pr\u00e9f_Pr\u00e9fecture du Rh\u00f4ne - 69-2025-10-31-00004 - Arr\u00eat\u00e9 pr\u00e9fectoral n\u00b02025-31-10-0001 portant interdiction de rassemblement\nautomobile sur la voie publique dans le d\u00e9partement du Rh\u00f4ne du vendredi 31 octobre 2025 \u00e0 18h00 au dimanche 2 novembre 2025\n\u00e0 12h00\n28\ndes situations de mise en danger des usagers \u00a0; que, par ailleurs, des consignes avaient \u00e9t\u00e9 donn\u00e9es  \nsur les r\u00e9seaux sociaux aux participants en vue de ralentir voire de bloquer l'arriv\u00e9e des forces de  \nl'ordre\u00a0;\nCONSID\u00c9RANT qu'un rassemblement automobile non autoris\u00e9 rassemblant s'est tenu dans la nuit  \ndu 21 au 22 d\u00e9cembre 2024 en Savoie dans la commune de Chamb\u00e9ry rassemblant deux cents  \nv\u00e9hicules et cinq cents spectateurs \u00a0; qu'il a \u00e9t\u00e9 fait \u00e9tat de situations dangereuses telles que des  \nd\u00e9monstrations de \u00ab\u00a0drifts\u00a0\u00bb et de \u00ab\u00a0burnout\u00a0\u00bb par certains participants\u00a0; que l'arriv\u00e9e des forces de \nl'ordre  a \u00e9t\u00e9 bloqu\u00e9e par les participants\u00a0; que de nombreuses contraventions ont \u00e9t\u00e9 dress\u00e9es aux \nv\u00e9hicules qui \u00e9taient en infraction\u00a0;\nCONSID\u00c9RANT qu'un rassemblement automobile intitul\u00e9 \u00ab\u00a0RASSO XMAS\u00a0\u00bb et \u00ab\u00a069 LA TRICK\u00a0\u00bb a \u00e9t\u00e9 \ninterdit le 28 d\u00e9cembre 2024 dans le d\u00e9partement du Rh\u00f4ne par la pr\u00e9f\u00e8te du Rh\u00f4ne \u00a0; que, malgr\u00e9 \ncette  interdiction,  le  rassemblement  s'est  bri\u00e8vement  tenu  \u00e0  Bron  puis  s'est  d\u00e9plac\u00e9  dans  le \nd\u00e9partement de l'Ain \u00a0; qu'il a \u00e9t\u00e9 constat\u00e9 des courses, des d\u00e9rapages dangereux, un public de  \nmasse aux abords des routes  ainsi que  des feux d'artifices \u00a0; que les forces de l'ordre ont r\u00e9ussi \u00e0  \ndisperser ce rassemblement ill\u00e9gal apr\u00e8s plusieurs tentatives\u00a0\u00a0; \nCONSID\u00c9RANT que dans la nuit du samedi 8 f\u00e9vrier 2025 au dimanche 9 f\u00e9vrier 2025, plus d'une  \ncentaine de v\u00e9hicules et pr\u00e8s de trois cents personnes se sont rassembl\u00e9s dans la commune de  \nSainte-H\u00e9l\u00e8ne-du-Lac, avant de se rendre en convoi \u00e0 Chamb\u00e9ry en Savoie \u00a0; que les forces de  \nl'ordre ont constat\u00e9 de nombreux tirs de p\u00e9tards\u00a0; que dans la nuit, des courses de voitures ont \u00e9t\u00e9  \nsignal\u00e9es \u00e0 La-Motte-Servolex en Savoie\u00a0; \nCONSID\u00c9RANT  qu'un rassemblement automobile intitul\u00e9 \u00ab \u00a0RASSO XBIMMER \u00a0\u00bb a \u00e9t\u00e9 interdit le 7  \nmars 2025 dans le d\u00e9partement du Rh\u00f4ne par la pr\u00e9f\u00e8te du Rh\u00f4ne \u00a0; que malgr\u00e9 cette interdiction, \nle rassemblement s'est bri\u00e8vement tenu \u00e0 Saint-Priest le 8 mars 2025 \u00a0; que ce rassemblement s'est  \nd\u00e9plac\u00e9 dans le d\u00e9partement de l'Is\u00e8re \u00a0\u00e0 Tignieu-Jameyzieu\u00a0; qu'il a \u00e9t\u00e9 constat\u00e9 mille v\u00e9hicules et  \ndeux mille personnes venant de toute la r\u00e9gion mais \u00e9galement de Suisse \u00a0; qu'il a \u00e9t\u00e9 constat\u00e9 des  \ncourses, des drifts, des d\u00e9rapages contr\u00f4l\u00e9s et des comportements dangereux au volant de voitures \n\u00ab\u00a0tuning\u00a0\u00bb\u00a0; que les gendarmes ont relev\u00e9 sur la r\u00e9gion Auvergne-Rh\u00f4ne-Alpes deux-cents soixante-\nquinze infractions dont certaines pour \u00ab\u00a0manifestation de v\u00e9hicules non autoris\u00e9e\u00a0\u00bb\u00a0; \nCONSID\u00c9RANT qu'un rassemblement de \u00ab \u00a0tuning\u00a0\u00bb s'est tenu dans la nuit du 14 au 15 mars 2025  \ndans le d\u00e9partement de la Seine-et-Marne \u00a0; qu'il a \u00e9t\u00e9 constat\u00e9 une centaine de v\u00e9hicules \u00a0; que les \nforces  de  l'ordre  ont  relev\u00e9  soixante-sept  infractions  routi\u00e8res  dont  la  participation  au \nrassemblement tuning\u00a0; que durant l'ann\u00e9e 2024, ce type de rassemblement dans ce d\u00e9partement  \navait  caus\u00e9  la  blessure  d'un  fonctionnaire  de  police  lors  de  violents  affrontements  lors  d'un \nrassemblement non d\u00e9clar\u00e9\u00a0; \nCONSID\u00c9RANT qu'un  rassemblement  automobile  de  type  \u00ab\u00a0tuning\u00a0\u00bb  s'est  tenu  le  samedi  20 \nseptembre 2025 sur le parking du centre commercial Val Thoiry (01) \u00a0; que ce rassemblement ill\u00e9gal  \navait pour but un rod\u00e9o urbain \u00a0; que les gendarmes ont relev\u00e9 quarante infractions et r\u00e9alis\u00e9 une  \nmise en fourri\u00e8re\u00a0; \nCONSID\u00c9RANT que le rassemblement automobile pr\u00e9vu \u00e0 Doussard (74) le vendredi 31 octobre  \n2025 pourrait \u00eatre une pr\u00e9-soir\u00e9e au grand rassemblement automobile ill\u00e9gal intitul\u00e9 \u00ab \u00a0RASSO-X-\nBIMMER-HALLOWEEN\u00a0\u00bb\u00a0; \nCONSID\u00c9RANT que sur les r\u00e9seaux sociaux, une image indique en arri\u00e8re-plan qu'un convoi partirait \nde Lyon en direction de la commune de \u00ab\u00a0DOUSSARD\u00a0\u00bb\u00a0; que le groupe de tuning \u00ab\u00a0FORZA.LYON_\u00a0\u00bb \na relay\u00e9 l'appel au grand rassemblement automobile intitul\u00e9 \u00ab \u00a0RASSO-X-BIMMER-HALLOWEEN\u00a0\u00bb \n69_Pr\u00e9f_Pr\u00e9fecture du Rh\u00f4ne - 69-2025-10-31-00004 - Arr\u00eat\u00e9 pr\u00e9fectoral n\u00b02025-31-10-0001 portant interdiction de rassemblement\nautomobile sur la voie publique dans le d\u00e9partement du Rh\u00f4ne du vendredi 31 octobre 2025 \u00e0 18h00 au dimanche 2 novembre 2025\n\u00e0 12h00\n29\nannonc\u00e9  le  vendredi  31  octobre\u00a0;  que  ce  m\u00eame  groupe  a  \u00e9galement  annonc\u00e9  se  rendre  au \nrassemblement organis\u00e9 par \u00ab\u00a0RASSO.21000\u00a0\u00bb \u00e0 compter de 20h00 le m\u00eame jour \u00e0 Quetigny (21)\u00a0;\nCONSID\u00c9RANT  que  l'appel  au  grand  rassemblement  automobile  du  31  octobre  2025  intitul\u00e9 \n\u00ab\u00a0RASSO-X-BIMMER-HALLOWEEN\u00a0\u00bb  peut  r\u00e9unir  un  nombre  cons\u00e9quent  de  v\u00e9hicules\u00a0;  que  des \ntroubles importants \u00e0 l'ordre public sont \u00e0 pr\u00e9voir tel que des comportements routiers dangereux,  \nl'utilisation de moyens pyrotechniques et une \u00e9ventuelle prise \u00e0 partie des forces de l'ordre \u00e0  \nl'instar du rassemblement automobile intitul\u00e9 \u00ab \u00a0RASSO XBIMMER\u00a0\u00bb du 8 mars 2025 qui s'est tenu \u00e0  \nSaint-Priest\u00a0; \nCONSID\u00c9RANT que ce rassemblement automobile pourrait \u00eatre d'une ampleur importante, au vu  \nde son large relais sur les r\u00e9seaux sociaux et donc susceptible d'entra\u00eener des troubles \u00e0 l'ordre  \npublic sur son passage ainsi que sur son lieu de destination\u00a0;\nCONSID\u00c9RANT par ailleurs, qu'en cette p\u00e9riode de vacances de la Toussaint, la circulation est tr\u00e8s  \nimportante sur les axes du Rh\u00f4ne, tout particuli\u00e8rement le week-end retour de vacances scolaires  \ndu vendredi 31 octobre 2025 au dimanche 2 novembre 2025 \u00a0; que les axes secondaires seront  \n\u00e9galement tr\u00e8s utilis\u00e9s\u00a0; \nCONSID\u00c9RANT en outre que les forces de l'ordre peuvent \u00eatre mobilis\u00e9es pour faire face \u00e0 l'afflux  \ntouristique,  et  faciliter  la  circulation  routi\u00e8re  sur  l'ensemble  du  d\u00e9partement  et  que  dans  ce \ncontexte, les effectifs de s\u00e9curit\u00e9 disponibles ne permettent pas de garantir le maintien de l'ordre  \net la s\u00e9curit\u00e9 d'\u00e9ventuels rassemblements automobiles non d\u00e9clar\u00e9s\u00a0; \nCONSID\u00c9RANT qu'il r\u00e9sulte des \u00e9l\u00e9ments et circonstances locales particuli\u00e8res d\u00e9crites ci-dessus  \nun risque \u00e9lev\u00e9 de troubles graves \u00e0 l'ordre public et que l'interdiction de tout rassemblement non  \nd\u00e9clar\u00e9 appara\u00eet le moyen le plus adapt\u00e9, n\u00e9cessaire et proportionn\u00e9 afin de garantir la s\u00fbret\u00e9 et la  \ntranquillit\u00e9 publiques\u00a0;\nA R R \u00ca T E\nArticle 1 er\n \u2013 La tenue de tout rassemblement automobile de personnes et de v\u00e9hicules autres que  \nceux l\u00e9galement d\u00e9clar\u00e9s ou autoris\u00e9s, est interdit sur l'ensemble du territoire du d\u00e9partement du  \nRh\u00f4ne, \u00e0 compter du vendredi 31 octobre \u00e0 18h00 jusqu'au dimanche 2 novembre \u00e0 12h00.\nArticle 2 \u2013 Tout contrevenant \u00e0 cette interdiction est passible des sanctions p\u00e9nales pr\u00e9vues aux  \narticles 431-9 et R. \u00a0610-5 du Code p\u00e9nal ainsi qu'aux sanctions pr\u00e9vues par les diff\u00e9rents articles  \nvis\u00e9s par le pr\u00e9sent arr\u00eat\u00e9. \nArticle 3 \u2013 Tout rassemblement automobile sur la voie publique entrant dans le champ du pr\u00e9sent  \narr\u00eat\u00e9 pourra \u00eatre dissip\u00e9 le cas \u00e9ch\u00e9ant selon les dispositions de l'article L.211-9 du Code de la  \ns\u00e9curit\u00e9 int\u00e9rieure. \nArticle 4 \u2013 Le pr\u00e9sent arr\u00eat\u00e9 peut faire l'objet d'un recours gracieux aupr\u00e8s de la pr\u00e9f\u00e8te du Rh\u00f4ne  \net d'un recours hi\u00e9rarchique aupr\u00e8s du ministre de l'Int\u00e9rieur. Conform\u00e9ment aux dispositions des  \narticles R. 421-1 \u00e0 R. 421-5 du Code de justice administrative, le pr\u00e9sent arr\u00eat\u00e9 peut faire l'objet d'un \nrecours contentieux devant le tribunal administratif de Lyon, dans le d\u00e9lai de deux mois \u00e0 compter  \nde sa notification ou de sa publication. \n69_Pr\u00e9f_Pr\u00e9fecture du Rh\u00f4ne - 69-2025-10-31-00004 - Arr\u00eat\u00e9 pr\u00e9fectoral n\u00b02025-31-10-0001 portant interdiction de rassemblement\nautomobile sur la voie publique dans le d\u00e9partement du Rh\u00f4ne du vendredi 31 octobre 2025 \u00e0 18h00 au dimanche 2 novembre 2025\n\u00e0 12h00\n30\nArticle 5  \u2013 Le pr\u00e9fet d\u00e9l\u00e9gu\u00e9 pour la d\u00e9fense et la s\u00e9curit\u00e9, le commandant du groupement de  \ngendarmerie  d\u00e9partementale,  et  le  directeur  interd\u00e9partemental  de  la  police  nationale  sont \ncharg\u00e9s, chacun en ce qui concerne, de l'ex\u00e9cution de pr\u00e9sent arr\u00eat\u00e9, qui sera publi\u00e9 recueil des  \nactes administratifs de la Pr\u00e9fecture du Rh\u00f4ne.\nFait \u00e0 Lyon, le 31 octobre 2025\nLe pr\u00e9fet,\nd\u00e9l\u00e9gu\u00e9 pour la d\u00e9fense et la s\u00e9curit\u00e9\nORIGINAL SIGNE\nAntoine GUERIN\n69_Pr\u00e9f_Pr\u00e9fecture du Rh\u00f4ne - 69-2025-10-31-00004 - Arr\u00eat\u00e9 pr\u00e9fectoral n\u00b02025-31-10-0001 portant interdiction de rassemblement\nautomobile sur la voie publique dans le d\u00e9partement du Rh\u00f4ne du vendredi 31 octobre 2025 \u00e0 18h00 au dimanche 2 novembre 2025\n\u00e0 12h00\n31","date":"2025-10-31","first_seen_on":"2025-10-31T15:57:48+00:00","id":"a4665c879240b652e4d459a6e268849b17655bc8521fdc999380f2ef55507af3","name":"RAA_69-2025-282-311025","pdf_creation_date":"2025-10-31T15:02:16+00:00","pdf_modification_date":null,"timezone":"Europe/Paris","url":"https://www.rhone.gouv.fr/contenu/telechargement/66054/444902/file/RAA_69-2025-282-311025.pdf"}
