{"administration":"pref01","administration_name":"Pr\u00e9fecture de l\u2019Ain","content":"AIN\nRECUEIL DES ACTES\nADMINISTRATIFS SP\u00c9CIAL\nN\u00b001-2026-038\nPUBLI\u00c9 LE 10 F\u00c9VRIER 2026\nSommaire\n01_DDT_Direction d\u00e9partementale des territoires de l'Ain /\n01-2026-02-10-00003 - ARRETE RELATIF AUX MODALIT\u00c9S DE MISE EN\nOEUVRE DU FONDS D'URGENCE VISANT \u00c0 SOUTENIR LES\nEXPLOITATIONS LES PLUS FRAGILIS\u00c9ES PAR LA DIFFUSION DE LA\nDERMATOSE NODULAIRE CONTAGIEUSE (7 pages) Page 3\n01-2026-02-10-00002 - Habilitation \u00e0 r\u00e9aliser les analyses d'impact\nexig\u00e9es dans la composition des dossiers de demande d'autorisation\nd'exploitation commerciale - BEI_01_2026 (2 pages) Page 11\n01-2026-02-10-00001 - Habilitation \u00e0 r\u00e9aliser les certificats de\nconformit\u00e9 attestant du respect d'une autorisation\nd'exploitation\ncommerciale - BCC_01_2026 (2 pages) Page 14\n01_Pref_Pr\u00e9fecture de l'Ain /\n01-2026-02-10-00004 -  Arr\u00eat\u00e9 pr\u00e9fectoral\nd'autorisation\npluriannuelle de travaux modifiant l'\u00e9tat et/ou l'aspect\nde la\nR\u00e9serve naturelle nationale de la Haute Cha\u00eene du Jura\nli\u00e9s \u00e0 la\ngestion sanitaire de la crise du scolyte de l'\u00e9pic\u00e9a et du sapin\npectin\u00e9\n\n\n (7 pages) Page 17\n2\n01_DDT_Direction d\u00e9partementale des\nterritoires de l'Ain\n01-2026-02-10-00003\nARRETE RELATIF AUX MODALIT\u00c9S DE MISE EN\nOEUVRE DU FONDS D'URGENCE VISANT \u00c0\nSOUTENIR LES EXPLOITATIONS LES PLUS\nFRAGILIS\u00c9ES PAR LA DIFFUSION DE LA\nDERMATOSE NODULAIRE CONTAGIEUSE\n01_DDT_Direction d\u00e9partementale des territoires de l'Ain - 01-2026-02-10-00003 - ARRETE RELATIF AUX MODALIT\u00c9S DE MISE EN\nOEUVRE DU FONDS D'URGENCE VISANT \u00c0 SOUTENIR LES EXPLOITATIONS LES PLUS FRAGILIS\u00c9ES PAR LA DIFFUSION DE LA\nDERMATOSE NODULAIRE CONTAGIEUSE\n3\nExPREFETDE L'AINLibert\u00e9Egalit\u00e9Fraternit\u00e9\nA R R \u00ca T \u00c9\nRELATIF AUX\nMODALIT\u00c9S DE MISE EN \u0152UVRE DU FONDS D'URGENCE VISANT \u00c0 SOUTENIR LES\nEXPLOITATIONS LES PLUS FRAGILIS\u00c9ES PAR LA DIFFUSION DE LA DERMATOSE\nNODULAIRE CONTAGIEUSE\nLe pr\u00e9fet de l'Ain,\nVu  le  r\u00e8glement  (UE)  n\u00b01408/2013  de  la  Commission  du  18  d\u00e9cembre  2013  relatif  \u00e0\nl'application des articles 107 et 108 du trait\u00e9 sur le fonctionnement de l'Union europ\u00e9enne\naux aides de minimis dans le secteur de l'agriculture, modifi\u00e9 par le r\u00e8glement (UE) 2024/3118\nde la Commission du 10 d\u00e9cembre 2024, dit \u00ab r\u00e8glement de minimis agricole \u00bb ;\nVu la loi organique n\u00b02001-692 du 1er ao\u00fbt 2001 relative aux lois de finances  ;\nVu le d\u00e9cret n\u00b0 2004-374 du 29 avril 2004 modifi\u00e9, relatif aux pouvoirs  des pr\u00e9fets et \u00e0\nl'action des services et organismes publics de l'\u00c9tat dans les r\u00e9gions et d\u00e9partements  ;\nVu le d\u00e9cret n\u00b0 2012-1246 du 7 novembre 2012 modifi\u00e9, relatif \u00e0 la gestion budg\u00e9taire et\ncomptable publique ;\nVu le  d\u00e9cret  du  2  d\u00e9cembre  2025  nommant  Louis-Xavier  THIRODE,  pr\u00e9fet  de  l'Ain,  \u00e0\ncompter du 2 d\u00e9cembre 2025 ;\nVu l'instruction  technique  DGPE/SDC/2020-616  du  7  octobre  2020  relative  \u00e0  la  mise  en\n\u0153uvre des aides de minimis appliqu\u00e9es au secteur agricole et forestier  ;\nVu le courrier  de la Ministre  de l'Agriculture,  de l'Agroalimentaire  et de la Souverainet\u00e9\nalimentaire  aux  Pr\u00e9fets  de  R\u00e9gion  en date  du  19 d\u00e9cembre  2025 mettant  en \u0153uvre  un\n\u00ab fonds d'urgence \u00bb visant \u00e0 soutenir les exploitations les plus fragilis\u00e9es par la diffusion de la\ndermatose nodulaire contagieuse ;\nVu l'arr\u00eat\u00e9  pr\u00e9fectoral  de  la  pr\u00e9f\u00e8te  de  l'Ain  n\u00b0DDPP01-25-373  D\u00e9terminant  une  zone\nr\u00e9glement\u00e9e suite aux foyers de dermatose nodulaire contagieuse bovine (DNCB) survenus\ndans l'Ain, la Savoie et la Haute-Savoie ;\nService Agriculture et For\u00eat\nDirection d\u00e9partementale\ndes territoires\n01_DDT_Direction d\u00e9partementale des territoires de l'Ain - 01-2026-02-10-00003 - ARRETE RELATIF AUX MODALIT\u00c9S DE MISE EN\nOEUVRE DU FONDS D'URGENCE VISANT \u00c0 SOUTENIR LES EXPLOITATIONS LES PLUS FRAGILIS\u00c9ES PAR LA DIFFUSION DE LA\nDERMATOSE NODULAIRE CONTAGIEUSE\n4\nVu l'arr\u00eat\u00e9 pr\u00e9fectoral de la pr\u00e9f\u00e8te de l'Is\u00e8re n\u00b038-2025-08-25-00013 d\u00e9terminant une\nzone  r\u00e9glement\u00e9e  suite  \u00e0  un  foyer  de  dermatose  nodulaire  contagieuse  bovine\n(DNCB) ;\nVu l'arr\u00eat\u00e9  pr\u00e9fectoral  du  pr\u00e9fet  du  Jura  n\u00b0392025128  d\u00e9terminant  une  zone\nr\u00e9glement\u00e9e suite \u00e0 un foyer de dermatose nodulaire contagieuse bovine (DNCB)  ;\nVu l'arr\u00eat\u00e9  pr\u00e9fectoral  de  la  pr\u00e9f\u00e8te  de  Savoie  n\u00b0  DDETSPP-PV-PSA-20251004-\n01d\u00e9terminant  une  zone  r\u00e9glement\u00e9e  suite  \u00e0  un  foyer  de  dermatose  nodulaire\ncontagieuse bovine (DNCB) ;\nVu l'arr\u00eat\u00e9 pr\u00e9fectoral de la pr\u00e9f\u00e8te de la Haute Savoie n\u00b02025-03246 d\u00e9terminant une\nzone  r\u00e9glement\u00e9e  suite  \u00e0  un  foyer  de  dermatose  nodulaire  contagieuse  bovine\n(DNCB) ;\nVu l'arr\u00eat\u00e9 pr\u00e9fectoral de la pr\u00e9f\u00e8te de de l'Ain n\u00b0DDPP01-25-343 d\u00e9terminant une\nzone r\u00e9glement\u00e9e suite \u00e0 un foyer de dermatose nodulaire contagieuse bovine (DNCB)\nsurvenu dans le Rh\u00f4ne ;\nVu l'arr\u00eat\u00e9 pr\u00e9fectoral de la pr\u00e9f\u00e8te de l'Is\u00e8re n\u00b0DDPP-SPA-20250919-01 d\u00e9terminant\nune zone r\u00e9glement\u00e9e suite \u00e0 un foyer de dermatose nodulaire contagieuse bovine\n(DNCB) ;\nVu l'arr\u00eat\u00e9 pr\u00e9fectoral de la pr\u00e9f\u00e8te de la Loire n\u00b0299-DDPP-25 d\u00e9terminant une zone\nr\u00e9glement\u00e9e suite \u00e0 un foyer de dermatose nodulaire contagieuse bovine (DNCB)  ;\nVu l'arr\u00eat\u00e9 pr\u00e9fectoral de la pr\u00e9f\u00e8te du Rh\u00f4ne n\u00b0SPA 2025-179 d\u00e9terminant une zone\nr\u00e9glement\u00e9e suite \u00e0 un foyer de dermatose nodulaire contagieuse bovine (DNCB)  ;\nVu l'arr\u00eat\u00e9 pr\u00e9fectoral de la pr\u00e9f\u00e8te de de l'Ain n\u00b0DDPP01-25-402 d\u00e9terminant une\nzon;e r\u00e9glement\u00e9e suite \u00e0 un foyer de dermatose nodulaire contagieuse bovine (DNCB)\nsurvenu dans l'Ain ;\nVu l'arr\u00eat\u00e9 pr\u00e9fectoral de la pr\u00e9f\u00e8te de l'Is\u00e8re n\u00b0DDPP-SPA-20251016-01 d\u00e9terminant\nune zone r\u00e9glement\u00e9e suite \u00e0 un foyer de dermatose nodulaire contagieuse bovine\n(DNCB) ;\nVu l'arr\u00eat\u00e9 pr\u00e9fectoral de la pr\u00e9f\u00e8te du Rh\u00f4ne n\u00b0SPA-DNC-2025-155 d\u00e9terminant une\nzone r\u00e9glement\u00e9e suite \u00e0 un foyer de dermatose nodulaire contagieuse bovine (DNCB)\ndans le Rh\u00f4ne ;\nVu l'arr\u00eat\u00e9 pr\u00e9fectoral de la pr\u00e9f\u00e8te du Rh\u00f4ne n\u00b0SPA-DNC-2025-156 d\u00e9terminant une\nzone r\u00e9glement\u00e9e suite \u00e0 un foyer de dermatose nodulaire contagieuse bovine (DNCB)\ndans le Rh\u00f4ne\nVu l'arr\u00eat\u00e9 pr\u00e9fectoral du 8 janvier 2026 relatif aux modalit\u00e9s de mise en \u0153uvre du\nfonds d'urgence visant soutenir les exploitations les plus fragilis\u00e9es par la diffusion de la\ndermatose nodulaire contagieuse ;\n2/7\n01_DDT_Direction d\u00e9partementale des territoires de l'Ain - 01-2026-02-10-00003 - ARRETE RELATIF AUX MODALIT\u00c9S DE MISE EN\nOEUVRE DU FONDS D'URGENCE VISANT \u00c0 SOUTENIR LES EXPLOITATIONS LES PLUS FRAGILIS\u00c9ES PAR LA DIFFUSION DE LA\nDERMATOSE NODULAIRE CONTAGIEUSE\n5\nSur la proposition du directeur d\u00e9partemental des territoires  ;\nARR\u00caTE\nArticle 1er \u2013 Objet\nLe premier foyer de dermatose nodulaire contagieuse (DNC) a \u00e9t\u00e9 d\u00e9clar\u00e9 en France le\n29 juin 2025 dans le d\u00e9partement de la Savoie. \u00c0 la date du 14 d\u00e9cembre 2025, 113\nfoyers  de  DNC  ont  \u00e9t\u00e9  recens\u00e9s  en  France  dans  onze  d\u00e9partements  (Savoie  (32),\nHaute-Savoie  (44),  Ain  (03),  Rh\u00f4ne  (1),  Jura  (7),  Pyr\u00e9n\u00e9es-Orientales  (21),  Doubs  (1),\nAri\u00e8ge (1), Hautes-Pyr\u00e9n\u00e9es (1), Haute-Garonne (1) et Aude (1).\nConform\u00e9ment \u00e0 la r\u00e9glementation europ\u00e9enne, des mesures sanitaires ont \u00e9t\u00e9 prises\nafin  d'\u00e9radiquer  cette  maladie  class\u00e9e  en  cat\u00e9gorie  ADE,  c'est-\u00e0-dire  soumise  \u00e0\n\u00e9radication  obligatoire,  \u00e0  restriction  de  mouvement  entre  \u00c9tats  membres  et  \u00e0\nsurveillance. En particulier, les \u00e9levages foyers sont d\u00e9peupl\u00e9s en totalit\u00e9 et une zone\nr\u00e9glement\u00e9e (ZR) d'un  rayon de 50 km est mise en place autour  de chaque foyer,\ninstaurant des mesures de pr\u00e9vention par renforcement de la surveillance v\u00e9t\u00e9rinaire,\nainsi  que  des  restrictions  notamment  sur  les  d\u00e9placements  des  bovins.  Six  zones\nr\u00e9glement\u00e9es ont \u00e9t\u00e9 ainsi d\u00e9finies.\nEn application des arr\u00eat\u00e9s du 30 mars 2001 modifi\u00e9 et du 16 juillet 2025, l'\u00c9tat prend en\ncharge pour les \u00e9levages foyers le co\u00fbt de remplacement des animaux euthanasi\u00e9s sur\nordre de l'administration sur  la base de leur  valeur  marchande objective, les co\u00fbts\nconnexes li\u00e9s au repeuplement ainsi que le d\u00e9ficit momentan\u00e9 de production r\u00e9sultant\nde l'abattage des animaux. \nPar ailleurs, l'\u00c9tat a mis en place une vaccination obligatoire des bovins dans les zones\nr\u00e9glement\u00e9es ainsi que dans la r\u00e9gion Corse (suite \u00e0 la demande des professionnels) et\nprend en charge l'int\u00e9gralit\u00e9 des co\u00fbts de cette campagne vaccinale obligatoire.\nLes exploitations d'\u00e9levage situ\u00e9es dans ces zones r\u00e9glement\u00e9es et vaccinales ont \u00e9t\u00e9\nparticuli\u00e8rement touch\u00e9es pendant plusieurs semaines par des mesures de restriction\nde mouvement, notamment par des co\u00fbts de conservation sur les exploitations des\njeunes animaux qui auraient d\u00fb \u00eatre export\u00e9s ou des difficult\u00e9s de commercialisation.\nAfin de soutenir la tr\u00e9sorerie des exploitations les plus fragilis\u00e9es \u00e9conomiquement, un\nfonds d'urgence dot\u00e9 de 7.64 millions d'euros est mis en place.\nLe pr\u00e9sent arr\u00eat\u00e9 a pour objet de fixer les modalit\u00e9s de mises en \u0153uvre de ce fonds\nd'urgence.\nArticle 2 : Crit\u00e8res d'\u00e9ligibilit\u00e9\nCette aide s'adresse aux exploitations professionnelles d'\u00e9levage de bovins non foyers\nremplissant les conditions suivantes :\n\u2022 avoir  son  si\u00e8ge  social  d'exploitation  situ\u00e9  en  zone  r\u00e9glement\u00e9e  ou  en  zone\nvaccinale (ZV) de la r\u00e9gion Auvergne-Rh\u00f4ne-Alpes ;\n\u2022 \u00eatre immatricul\u00e9 au r\u00e9pertoire SIRENE de l'INSEE par un num\u00e9ro SIRET actif au\nmoment du d\u00e9p\u00f4t de la demande d'aide ;\n3/7\n01_DDT_Direction d\u00e9partementale des territoires de l'Ain - 01-2026-02-10-00003 - ARRETE RELATIF AUX MODALIT\u00c9S DE MISE EN\nOEUVRE DU FONDS D'URGENCE VISANT \u00c0 SOUTENIR LES EXPLOITATIONS LES PLUS FRAGILIS\u00c9ES PAR LA DIFFUSION DE LA\nDERMATOSE NODULAIRE CONTAGIEUSE\n6\n\u2022 avoir des bovins enregistr\u00e9s dans la base de donn\u00e9es nationale d'identification\n(BDNI) ;\n\u2022 d\u00e9tenir au moins 20 unit\u00e9s gros b\u00e9tail (UGB).\n\u2022 Les  \u00e9levages  n'ayant  pas  vaccin\u00e9  leurs  animaux,  malgr\u00e9  son  caract\u00e8re\nobligatoire,  ou  ayant  fait  l'objet  d'une  vaccination  d'office  pour  refus  de\nvaccination, ne peuvent pas b\u00e9n\u00e9ficier de l'aide\nPar d\u00e9rogation, les \u00e9levages ayant leur si\u00e8ge en zone indemne de la r\u00e9gion AuRA mais\nayant  eu  des  animaux  immobilis\u00e9s  dans  l'une des  zones  r\u00e9glement\u00e9es  de  la r\u00e9gion\nAuRA pourront d\u00e9poser un dossier sur une d\u00e9marche ad hoc.\nArticle 3 : Enveloppe financi\u00e8re et d\u00e9termination du montant de l'aide\nL'enveloppe r\u00e9gionale disponible pour ce dispositif est de 7 640 000 \u20ac.\nL'indemnisation  sera  vers\u00e9e  aux  exploitations  \u00e9ligibles  ayant  d\u00e9pos\u00e9  une  demande\nd'aide.\nElle prendra la forme d'un forfait par UGB (unit\u00e9 gros b\u00e9tail). Ce forfait sera modul\u00e9 par\ndes coefficients de pond\u00e9ration prenant en compte :\n\uf0b7 la dur\u00e9e d'immobilisation des animaux (fonction de la dur\u00e9e de chaque ZR)  ;\n\uf0b7 le type racial de l'animal (lait/viande).\nL'aide par exploitation :\n\uf0b7 ne pourra d\u00e9passer le montant de 9 000 \u20ac ;\n\uf0b7 ne sera vers\u00e9e que si le montant \u00e9ligible pour une exploitation d\u00e9passe 500  \u20ac. En\ndessous, la demande d'aide sera consid\u00e9r\u00e9e comme in\u00e9ligible.\nEn fonction du nombre de dossiers global d\u00e9pos\u00e9s, un stabilisateur budg\u00e9taire pourra\n\u00eatre appliqu\u00e9 pour respecter l'enveloppe attribu\u00e9e \u00e0 la r\u00e9gion.\nL'aide concernant les exploitations ayant leur si\u00e8ge non domicili\u00e9 dans l'une des zones\nr\u00e9glement\u00e9es  ou  vaccinales  fera  l'objet  d'une  \u00e9valuation  et  d'une  instruction\napprofondie  et  pourra,  en  fonction  du  nombre  de  dossiers  d\u00e9pos\u00e9s,  faire  l'objet\nd'ajustements \u00e0 la baisse de sorte \u00e0 ne pas p\u00e9naliser les exploitations dont le si\u00e8ge est\ndomicili\u00e9 dans les zones r\u00e9glement\u00e9es.\nL'aide  sera  vers\u00e9e  dans  le  cadre  du  r\u00e8glement  \u00ab de  minimis  agricole \u00bb,  pr\u00e9voyant\nnotamment  que  le cumul  des  aides  accord\u00e9es  ne doit  pas  exc\u00e9der  un  plafond  de\n50 000 \u20ac sur une p\u00e9riode de trois ans.\nArticle 4 \u2013 Gestion administrative de la mesure\nLa  demande  d'aide  doit  \u00eatre  d\u00e9pos\u00e9e  via  la  plateforme  \u00ab D\u00e9marche  num\u00e9rique \u00bb\nouverte  par  la  Direction  d\u00e9partementale  des  territoires  du  si\u00e8ge  de  l'exploitation,\naccompagn\u00e9e des pi\u00e8ces justificatives n\u00e9cessaires, \u00e0 l'adresse suivante  :\nhttps://demarche.numerique.gouv.fr/commencer/fonds-d-urgence-pour-soutenir-les-\nexploitations-fr\nDans  le  cas  o\u00f9  le  si\u00e8ge  de  l'exploitation  n'est  pas  domicili\u00e9  dans  l'une  des  zones\nr\u00e9glement\u00e9es,  la  demande  accompagn\u00e9e  des  pi\u00e8ces  justificatives  n\u00e9cessaires,  \u00e0\nl'adresse suivante :\n4/7\n01_DDT_Direction d\u00e9partementale des territoires de l'Ain - 01-2026-02-10-00003 - ARRETE RELATIF AUX MODALIT\u00c9S DE MISE EN\nOEUVRE DU FONDS D'URGENCE VISANT \u00c0 SOUTENIR LES EXPLOITATIONS LES PLUS FRAGILIS\u00c9ES PAR LA DIFFUSION DE LA\nDERMATOSE NODULAIRE CONTAGIEUSE\n7\nhttps://demarche.numerique.gouv.fr/commencer/fonds-d-urgence-dnc-cas-particuliers\nUn seul dossier par num\u00e9ro SIRET doit \u00eatre d\u00e9pos\u00e9.\nLa demande d'aide doit \u00eatre d\u00e9pos\u00e9e au plus tard l e 20 f\u00e9vrier 2026 \u00e0 23h59. Dans le\ncas  o\u00f9  le dossier  transmis  s'av\u00e8re incomplet,  les  \u00e9l\u00e9ments  manquants  doivent  \u00eatre\ncommuniqu\u00e9s avant cette m\u00eame date, sous peine de rejet.\nLa DDT de l'Ain r\u00e9alise l'instruction des dossiers des exploitations dont le si\u00e8ge est situ\u00e9\ndans  le  d\u00e9partement  de  l'Ain.  Elle  pourra  demander  toute  pi\u00e8ce  compl\u00e9mentaire\nqu'elle juge utile au contr\u00f4le et \u00e0 la compr\u00e9hension du dossier, en fixant un d\u00e9lai de\nr\u00e9ponse au-del\u00e0 duquel le dossier pourra \u00eatre rejet\u00e9.\nApr\u00e8s instruction, la DDT transmet \u00e0 la DRAAF Auvergne-Rh\u00f4ne-Alpes qui d\u00e9termine\nles enveloppes d\u00e9partementales.\nLa  DDT  proc\u00e8de  \u00e0  l'engagement  et  au  paiement  des  dossiers  retenus  dans  son\nd\u00e9partement, et adresse \u00e0 chaque b\u00e9n\u00e9ficiaire un courrier ou courriel de notification\ndu paiement. Elle est responsable de la l\u00e9galit\u00e9 et de la r\u00e9gularit\u00e9 de la mise en \u0153uvre\ndes d\u00e9penses.\nArticle 5 \u2013 Cadre juridique\nPourront  b\u00e9n\u00e9ficier  de  la  mesure,  les  exploitants  agricoles  \u00e0  titre  principal,  les\ngroupements  agricoles  d'exploitation  en  commun  (GAEC)  avec  application  de  la\ntransparence GAEC s'agissant du plafond par exploitation contenu dans le r\u00e8glement\ndit de minimis, les exploitations  agricoles  \u00e0 responsabilit\u00e9 limit\u00e9e (EARL),  les autres\npersonnes morales ayant pour objet l'exploitation agricole et dont au moins 50  % du\ncapital  est  d\u00e9tenu  par  des  exploitations  \u00e0  titre  principal  (directement  ou\nindirectement).  Le  montant  maximum  de  l'aide  est  multipli\u00e9  par  le  nombre\nd'exploitations regroup\u00e9es dans la limite de trois associ\u00e9s, soit un plafond de 27  000\u20ac\nd'aides  au titre du  pr\u00e9sent r\u00e9gime d'indemnisation et de 150  000\u20ac pour  le plafond\nd'aides de minimis. Les entreprises faisant l'objet d'une proc\u00e9dure de sauvegarde ou de\nredressement judiciaire doivent disposer d'un plan arr\u00eat\u00e9 par le tribunal de Commerce\nau  moment  du  paiement  pour  b\u00e9n\u00e9ficier  de  la  mesure  d'aide.  Les  entreprises\nconcern\u00e9es  par  une  proc\u00e9dure  de  liquidation  judiciaire  sont  exclues  de  la  mesure\nd'aide, que la proc\u00e9dure de liquidation soit connue au moment du d\u00e9p\u00f4t du dossier ou\nqu'elle  intervienne  apr\u00e8s  celui-ci  (lors  des  phases  d'instruction  et  de  contr\u00f4les\nadministratifs). \nL'aide  est  vers\u00e9e  dans  le  cadre  du  r\u00e8glement  (UE)  n\u00b01408/2013  modifi\u00e9  de  la\nCommission du 18 d\u00e9cembre 2013 relatif \u00e0 l'application des articles 107 et 108 du trait\u00e9\nsur le fonctionnement de l'Union europ\u00e9enne aux aides de minimis dans le secteur de\nl'agriculture. Ce r\u00e8glement pr\u00e9voit que les aides accord\u00e9es \u00e0 une entreprise unique, au\ntitre du r\u00e9gime de minimis agricole, ne doivent pas exc\u00e9der un plafond de 50  000 \u20ac par\nentreprise unique, sur une p\u00e9riode de trois ans, soit au cours des 36 derniers mois,\nquels que soient la forme et l'objectif des aides de minimis. Cette p\u00e9riode de r\u00e9f\u00e9rence\nest  appr\u00e9ci\u00e9e  sur  une  base  glissante  de  sorte  que  pour  chaque  nouvelle  aide  de\nminimis octroy\u00e9e, il y a lieu de d\u00e9terminer le montant des aides de minimis accord\u00e9 au\ncours  des  trois  ann\u00e9es  pr\u00e9c\u00e9dentes.  Par  exemple,  si  l'aide  de  minimis  agricole  est\naccord\u00e9e le 1er octobre 2025, afin de v\u00e9rifier le respect du plafond de 50  000 \u20ac sur une\n5/7\n01_DDT_Direction d\u00e9partementale des territoires de l'Ain - 01-2026-02-10-00003 - ARRETE RELATIF AUX MODALIT\u00c9S DE MISE EN\nOEUVRE DU FONDS D'URGENCE VISANT \u00c0 SOUTENIR LES EXPLOITATIONS LES PLUS FRAGILIS\u00c9ES PAR LA DIFFUSION DE LA\nDERMATOSE NODULAIRE CONTAGIEUSE\n8\np\u00e9riode de trois ans, la p\u00e9riode \u00e0 prendre en compte est celle allant du 1er octobre\n2022 au 1er octobre 2025. Le b\u00e9n\u00e9ficiaire doit en \u00eatre inform\u00e9 lors de son attribution. \nLe respect du plafond de minimis pr\u00e9cit\u00e9, dans l'hypoth\u00e8se du versement de l'aide\ndemand\u00e9e, doit \u00eatre v\u00e9rifi\u00e9 dans les conditions d\u00e9crites  par l'instruction technique\nDGPE/SDC/2020-616  du  7 octobre  2020.  Dans  ce cadre,  l'utilisation  du  mod\u00e8le  de\nformulaire joint en annexe est recommand\u00e9e.\nArticle 6 \u2013 Contr\u00f4les\nDes  contr\u00f4les  administratifs  et  physiques  pourront  \u00eatre  diligent\u00e9s  par  les  services\ncomp\u00e9tents, et un contr\u00f4le approfondi des informations communiqu\u00e9es pourra \u00eatre\nr\u00e9alis\u00e9 par les administrations comp\u00e9tentes apr\u00e8s paiement.\n\u00c0 cette fin, le b\u00e9n\u00e9ficiaire doit tenir \u00e0 la disposition des administrations comp\u00e9tentes\nl'ensemble des documents permettant de justifier le versement de l'aide jusqu'\u00e0 la fin\nde la dixi\u00e8me ann\u00e9e civile suivant celle du versement de l'aide demand\u00e9e au titre du\npr\u00e9sent dispositif.\nCes  contr\u00f4les  peuvent  aboutir  \u00e0 remettre en cause l'\u00e9ligibilit\u00e9 \u00e0 l'aide et entra\u00eener\nl'application de r\u00e9duction du montant de l'aide et/ou de sanctions.\nArticle 7 \u2013 Remboursement de l'aide ind\u00fbment per\u00e7ue et sanctions\nEn  cas  d'irr\u00e9gularit\u00e9  d\u00e9tect\u00e9e  apr\u00e8s  paiement,  il  est  demand\u00e9  au  b\u00e9n\u00e9ficiaire  le\nreversement de tout ou partie de l'aide attribu\u00e9e.\nSi l'irr\u00e9gularit\u00e9 est relev\u00e9e avant paiement, l'aide sollicit\u00e9e pourrait ne pas \u00eatre vers\u00e9e.\nEn cas de fourniture intentionnelle de donn\u00e9es fausses ou de documents falsifi\u00e9s avant\nou apr\u00e8s paiement, une sanction administrative est appliqu\u00e9e.\nElle correspond \u00e0 20 % du montant de l'aide ind\u00fbment pay\u00e9e ou qui aurait \u00e9t\u00e9 pay\u00e9e si\nl'irr\u00e9gularit\u00e9 intentionnelle n'avait pas \u00e9t\u00e9 d\u00e9tect\u00e9e.\nArticle 8 \u2013 Recours\nLe  pr\u00e9sent  arr\u00eat\u00e9  peut  faire  l'objet  d'un  recours  contentieux  devant  le  tribunal\nadministratif  de  Lyon, dans  le d\u00e9lai de deux  mois  \u00e0 compter  de sa publication.  La\njuridiction administrative peut aussi \u00eatre saisie par l'application T\u00e9l\u00e9recours citoyens,\naccessible \u00e0 partir du site www.telerecours.fr.\nArticle 9 \u2013 Entr\u00e9e en vigueur\nLe pr\u00e9sent arr\u00eat\u00e9 entrera en vigueur le lendemain de sa publication au recueil des actes\nadministratifs de la pr\u00e9fecture.\nArticle 10 \u2013 Ex\u00e9cution du pr\u00e9sent arr\u00eat\u00e9\n6/7\n01_DDT_Direction d\u00e9partementale des territoires de l'Ain - 01-2026-02-10-00003 - ARRETE RELATIF AUX MODALIT\u00c9S DE MISE EN\nOEUVRE DU FONDS D'URGENCE VISANT \u00c0 SOUTENIR LES EXPLOITATIONS LES PLUS FRAGILIS\u00c9ES PAR LA DIFFUSION DE LA\nDERMATOSE NODULAIRE CONTAGIEUSE\n9\nLe directeur d\u00e9partemental des territoires et la secr\u00e9taire g\u00e9n\u00e9rale de la pr\u00e9fecture\nsont charg\u00e9s, chacun en ce qui le concerne, de l'ex\u00e9cution du pr\u00e9sent arr\u00eat\u00e9 qui sera\npubli\u00e9 au recueil des actes administratifs de la pr\u00e9fecture de l'Ain.\nArticle 11 \u2013 Abrogation\nL'arr\u00eat\u00e9 pr\u00e9fectoral du 8 janvier 2026 relatif aux modalit\u00e9s de mise en \u0153uvre du fonds\nd'urgence visant \u00e0 soutenir les exploitations les plus fragilis\u00e9es par la diffusion de la\ndermatose nodulaire est abrog\u00e9 \u00e0 compter da la publication du pr\u00e9sent arr\u00eat\u00e9.\nFait \u00e0 Bourg en Bresse, le 10 f\u00e9vrier 2026\nPar d\u00e9l\u00e9gation du pr\u00e9fet,\nLe directeur,\nVincent PATRIARCA\n7/7\n01_DDT_Direction d\u00e9partementale des territoires de l'Ain - 01-2026-02-10-00003 - ARRETE RELATIF AUX MODALIT\u00c9S DE MISE EN\nOEUVRE DU FONDS D'URGENCE VISANT \u00c0 SOUTENIR LES EXPLOITATIONS LES PLUS FRAGILIS\u00c9ES PAR LA DIFFUSION DE LA\nDERMATOSE NODULAIRE CONTAGIEUSE\n10\n01_DDT_Direction d\u00e9partementale des\nterritoires de l'Ain\n01-2026-02-10-00002\nHabilitation \u00e0 r\u00e9aliser les analyses d'impact\nexig\u00e9es dans la composition des dossiers de\ndemande d'autorisation d'exploitation\ncommerciale - BEI_01_2026\n01_DDT_Direction d\u00e9partementale des territoires de l'Ain - 01-2026-02-10-00002 - Habilitation \u00e0 r\u00e9aliser les analyses d'impact exig\u00e9es\ndans la composition des dossiers de demande d'autorisation d'exploitation commerciale - BEI_01_2026 11\nPREFET oeDE VAIN Direction d\u00e9partementaleLibert\u00e9 des territoiresEgalit\u00e9Fraternit\u00e9\nService Urbanisme et Risques\nARR\u00caT\u00c9 PR\u00c9FECTORALportant habilitation \u00e0 r\u00e9aliser les analyses d'impact exig\u00e9es dans la composition des dossiersde demande d'autorisation d'exploitation commercialeLe Pr\u00e9fet de l'Ain,VU la loi n\u00b0 2018-1021 du 23 novembre 2018 portant \u00e9volution du logement, del'am\u00e9nagement et du num\u00e9rique ;VU le d\u00e9cret n\u00b0 2019-331 du 17 avril 2019 relatif \u00e0 la composition et au fonctionnement descommissions d\u00e9partementales d'am\u00e9nagement commercial et aux demandes d'autorisationd'exploitation commerciale ; |VU l'article L.752-6 du code de commerce ;VU les articles R.752-6-1, R.752-6-2 et R.752-6-3 du code de commerce ;VU la demande d\u00e9pos\u00e9e le 2 f\u00e9vrier 2026, par Mme Charlotte MOKRARA, repr\u00e9sentant lasoci\u00e9t\u00e9 SARL CEDACOM Sud ; |ARRETE:Article 1: La soci\u00e9t\u00e9 SARL CEDACOM Sud, situ\u00e9e 141 All\u00e9e des M\u00fcriers \u2014 26500 BOURG-LES-VALENCE, est habilit\u00e9e \u00e0 r\u00e9aliser l'analyse d'impact pr\u00e9vue par l'article L. 752-6 du code decommerce pour les dossiers d\u00e9pos\u00e9s dans l'Ain. |Article 2 : Cette habilitation est d\u00e9livr\u00e9e pour une dur\u00e9e de 5 ans sans renouvellement tacitepossible. Elle porte le n\u00b0 BEI_01_2026.Article 3 : La secr\u00e9taire g\u00e9n\u00e9rale de la Pr\u00e9fecture est charg\u00e9e de l'ex\u00e9cutjon.qui sera publi\u00e9 au Recueil des actes administratifs de la pr\u00e9fecture de |\"le \u00c0 0 FEV. 2026\npr\u00e9sent arr\u00eat\u00e9\nFait \u00e0 Bourg-en-BresPour le pr\u00e9fet,Le directeur d\u00e9partemental des territoires,\nVincent PATRIARCA\n01_DDT_Direction d\u00e9partementale des territoires de l'Ain - 01-2026-02-10-00002 - Habilitation \u00e0 r\u00e9aliser les analyses d'impact exig\u00e9es\ndans la composition des dossiers de demande d'autorisation d'exploitation commerciale - BEI_01_2026 12\nD\u00e9lais et voies de recours :Tout recours \u00e0 l'encontre de la pr\u00e9sente d\u00e9cision pourra \u00eatre port\u00e9 devant le tribunaladministratif de Lyon dans un d\u00e9lai de deux mois suivant sa r\u00e9ception. Dans ce m\u00eamed\u00e9lai, un recours gracieux peut \u00eatre pr\u00e9sent\u00e9 \u00e0 l'auteur de la d\u00e9cision. Dans ce cas, lerecours contentieux pourra \u00eatre introduit dans les deux mois suivant la r\u00e9ponse (lesilence gard\u00e9 pendant les deux mois suivant la r\u00e9ception du recours gracieux emporterejet de la demande). Le recours contentieux peut \u00eatre d\u00e9pos\u00e9 aupr\u00e8s des juridictionsadministratives sur l'application internet \"T\u00e9l\u00e9recours citoyens\", en suivant lesinstructions disponibles sur le site : https://citoyens.telerecours.fr\n01_DDT_Direction d\u00e9partementale des territoires de l'Ain - 01-2026-02-10-00002 - Habilitation \u00e0 r\u00e9aliser les analyses d'impact exig\u00e9es\ndans la composition des dossiers de demande d'autorisation d'exploitation commerciale - BEI_01_2026 13\n01_DDT_Direction d\u00e9partementale des\nterritoires de l'Ain\n01-2026-02-10-00001\nHabilitation \u00e0 r\u00e9aliser les certificats de\nconformit\u00e9 attestant du respect d'une\nautorisation d'exploitation\ncommerciale - BCC_01_2026\n01_DDT_Direction d\u00e9partementale des territoires de l'Ain - 01-2026-02-10-00001 - Habilitation \u00e0 r\u00e9aliser les certificats de conformit\u00e9\nattestant du respect d'une autorisation d'exploitation\ncommerciale - BCC_01_2026\n14\nPREFETDE LAIN | _ Direction d\u00e9partementaleEgalit\u00e9 des territoiresFraternit\u00e9\nService Urbanisme et Risques\nARR\u00caT\u00c9 PR\u00c9FECTORALportant habilitation \u00e0 r\u00e9aliser les certificats de conformit\u00e9 attestant durespect d'une autorisation d'exploitation commercialeLe Pr\u00e9fet de l'Ain,VU la loi n\u00b0 2018-1021 du 23 novembre 2018 portant \u00e9volution du logement, del'am\u00e9nagement et du num\u00e9rique ;VU le d\u00e9cret n\u00b0 2019-563 du 7 juin 2019 relatif \u00e0 la proc\u00e9dure devant la commission nationaled'am\u00e9nagement commercial et au contr\u00f4le du respect des autorisations d'exploitationcommerciale ;VU l'article L.752-23 du code de commerce ;VU les articles R.752-44-2 \u00e0 R.752-44-6 du code de commerce;VU la demande d\u00e9pos\u00e9e le 15 janvier 2026 par M. Jean BIDAULT, repr\u00e9sentant la soci\u00e9t\u00e9 SASJB MARKET CONSEIL; ARR\u00caTE :Article 1: La soci\u00e9t\u00e9 SAS JB MARKET CONSEIL, situ\u00e9e 18 Avenue Victor Tassini \u2014 07130SAINT- PERAY, est habilit\u00e9e a r\u00e9aliser le certificat de conformit\u00e9 pr\u00e9vu par l'article L. 752-23du code de commerce pour les dossiers d\u00e9pos\u00e9s dans l'Ain.Article 2 : Cette habilitation est d\u00e9livr\u00e9e pour une dur\u00e9e de 5 ans sans renouvellement tacitepossible. Elle porte le n\u00b0BCC _01_2026.Article 3 : La secr\u00e9taire g\u00e9n\u00e9rale de la Pr\u00e9fecture est charg\u00e9e de l'ex\u00e9cution du pr\u00e9sent arr\u00eat\u00e9qui sera publi\u00e9 au Recueil des actes administratifs de la pr\u00e9fecture de l'Ain.\n01_DDT_Direction d\u00e9partementale des territoires de l'Ain - 01-2026-02-10-00001 - Habilitation \u00e0 r\u00e9aliser les certificats de conformit\u00e9\nattestant du respect d'une autorisation d'exploitation\ncommerciale - BCC_01_2026\n15\nD\u00e9lais et voies de recours :Tout recours \u00e0 l'encontre de la pr\u00e9sente d\u00e9cision pourra \u00eatre port\u00e9 devant le tribunaladministratif de Lyon dans un d\u00e9lai de deux mois suivant sa r\u00e9ception. Dans ce m\u00eamed\u00e9lai, un recours gracieux peut \u00eatre pr\u00e9sent\u00e9 \u00e0 l'auteur de la d\u00e9cision. Dans ce cas, lerecours contentieux pourra \u00eatre introduit dans les deux mois suivant la r\u00e9ponse (lesilence gard\u00e9 pendant les deux mois suivant la r\u00e9ception du recours gracieux emporterejet de la demande). Le recours contentieux peut \u00eatre d\u00e9pos\u00e9 aupr\u00e8s des juridictionsadministratives sur l'application internet \"T\u00e9l\u00e9recours citoyens\", en suivant lesinstructions disponibles sur le site : https://citoyens.telerecours.fr\n01_DDT_Direction d\u00e9partementale des territoires de l'Ain - 01-2026-02-10-00001 - Habilitation \u00e0 r\u00e9aliser les certificats de conformit\u00e9\nattestant du respect d'une autorisation d'exploitation\ncommerciale - BCC_01_2026\n16\n01_Pref_Pr\u00e9fecture de l'Ain\n01-2026-02-10-00004\n Arr\u00eat\u00e9 pr\u00e9fectoral\nd'autorisation pluriannuelle de travaux modifiant\nl'\u00e9tat et/ou l'aspect\nde la R\u00e9serve naturelle nationale de la Haute\nCha\u00eene du Jura\nli\u00e9s \u00e0 la gestion sanitaire de la crise du scolyte de\nl'\u00e9pic\u00e9a et du sapin pectin\u00e9\n01_Pref_Pr\u00e9fecture de l'Ain - 01-2026-02-10-00004 -  Arr\u00eat\u00e9 pr\u00e9fectoral\nd'autorisation pluriannuelle de travaux modifiant l'\u00e9tat et/ou l'aspect\nde la R\u00e9serve naturelle nationale de la Haute Cha\u00eene du Jura\nli\u00e9s \u00e0 la gestion sanitaire de la crise du scolyte de l'\u00e9pic\u00e9a et du sapin pectin\u00e9\n17\nPREFETDE LAINLibert\u00e9Egalit\u00e9Fraternit\u00e9\nDirection r\u00e9gionale de l'environnement,\nde l'am\u00e9nagement et du logement\nAuvergne-Rh\u00f4ne-Alpes\nArr\u00eat\u00e9 pr\u00e9fectoral \nd'autorisation pluriannuelle de travaux modifiant l'\u00e9tat et/ou l'aspect\nde la R\u00e9serve naturelle nationale de la Haute Cha\u00eene du Jura\nli\u00e9s \u00e0 la gestion sanitaire de la crise du scolyte de l'\u00e9pic\u00e9a et du sapin pectin\u00e9\nB\u00e9n\u00e9ficiaires\u00a0:\u00a0propri\u00e9taires\u00a0forestiers\u00a0publics\u00a0et\u00a0priv\u00e9s\u00a0ainsi\u00a0que\u00a0leurs\u00a0\u00e9ventuels\u00a0mandataires\nLe pr\u00e9fet du d\u00e9partement de l'Ain\nVU\u00a0le\u00a0Code\u00a0de\u00a0l'environnement\u00a0et\u00a0notamment\u00a0ses\u00a0articles\u00a0L.332-1\u00a0\u00e0\u00a0L.332-10,\u00a0L.365-1\u00a0et\u00a0ses\u00a0articles\u00a0R.\u00a0332-1\u00a0\u00e0\nR.\u00a0332-29\u00a0;\nVU\u00a0le\u00a0Code\u00a0forestier\u00a0(nouveau)\u00a0et\u00a0notamment\u00a0ses\u00a0articles\u00a0L.122-7\u00a0et\u00a0L.122-8\u00a0;\nVU\u00a0le\u00a0d\u00e9cret\u00a0n\u00b093-261\u00a0du\u00a026\u00a0f\u00e9vrier\u00a01993\u00a0portant\u00a0cr\u00e9ation\u00a0de\u00a0la\u00a0R\u00e9serve\u00a0naturelle\u00a0nationale\u00a0de\u00a0la\u00a0Haute\u00a0Cha\u00eene\u00a0du\nJura\u00a0et\u00a0notamment\u00a0ses\u00a0articles\u00a06.1\u00b0,\u00a07,\u00a09,\u00a012\u00a0et\u00a017\u00a0;\nVU\u00a0l'arr\u00eat\u00e9\u00a0du\u00a023\u00a0janvier\u00a02017\u00a0fixant\u00a0les\u00a0zones\u00a0de\u00a0qui\u00e9tude\u00a0de\u00a0la\u00a0faune\u00a0sauvage\u00a0de\u00a0la\u00a0R\u00e9serve\u00a0naturelle\u00a0nationale\nde\u00a0la\u00a0Haute\u00a0Cha\u00eene\u00a0du\u00a0Jura\u00a0;\nVU\u00a0l'arr\u00eat\u00e9\u00a0pr\u00e9fectoral\u00a0du\u00a028\u00a0octobre\u00a02021\u00a0portant\u00a0composition\u00a0du\u00a0comit\u00e9\u00a0consultatif\u00a0de\u00a0la\u00a0R\u00e9serve\u00a0naturelle\nnationale\u00a0de\u00a0la\u00a0Haute\u00a0Cha\u00eene\u00a0du\u00a0Jura\u00a0;\nVU\u00a0l'arr\u00eat\u00e9\u00a0pr\u00e9fectoral\u00a0du\u00a006\u00a0f\u00e9vrier\u00a02026\u00a0portant\u00a0d\u00e9l\u00e9gation\u00a0de\u00a0signature\u00a0\u00e0\u00a0Monsieur\u00a0Jo\u00ebl\u00a0BOURGEOT,\nSous-pr\u00e9fet\u00a0de\u00a0Gex\u00a0;\nVU\u00a0l'arr\u00eat\u00e9\u00a0de\u00a0la\u00a0pr\u00e9f\u00e8te\u00a0de\u00a0la\u00a0r\u00e9gion\u00a0Auvergne-Rh\u00f4ne-Alpes\u00a0n\u00b02025-84\u00a0du\u00a017\u00a0avril\u00a02025\u00a0relatif\u00a0\u00e0\u00a0la\u00a0lutte\u00a0contre\u00a0les\nscolytes\u00a0de\u00a0l'\u00e9pic\u00e9a\u00a0commun\u00a0dans\u00a0les\u00a0peuplements\u00a0atteints\u00a0;\nVU\u00a0l'avis\u00a0en\u00a0opportunit\u00e9\u00a0n\u00b0AURA\u00a02024-E-055\u00a0du\u00a017\u00a0septembre\u00a02024\u00a0du\u00a0conseil\u00a0scientifique\u00a0r\u00e9gional\u00a0du\u00a0patrimoine\nnaturel\u00a0(CSRPN)\u00a0Auvergne-Rh\u00f4ne-Alpes\u00a0sur\u00a0la\u00a0strat\u00e9gie\u00a0de\u00a0lutte\u00a0contre\u00a0le\u00a0Scolyte\u00a0en\u00a0R\u00e9serve\u00a0naturelle\u00a0nationale\nde\u00a0la\u00a0Haute-Cha\u00eene\u00a0du\u00a0Jura\u00a0;\nVU\u00a0l'arr\u00eat\u00e9\u00a0d'autorisation\u00a0pluriannuelle\u00a0de\u00a0travaux\u00a0dits\u00a0\u00ab\u00a0l\u00e9gers\u00a0\u00bb\u00a0li\u00e9s\u00a0\u00e0\u00a0la\u00a0gestion\u00a0sanitaire\u00a0de\u00a0la\u00a0crise\u00a0du\u00a0scolyte\u00a0de\nla\u00a0R\u00e9serve\u00a0naturelle\u00a0nationale\u00a0de\u00a0la\u00a0Haute\u00a0Cha\u00eene\u00a0du\u00a0Jura\u00a0du\u00a015\u00a0juillet\u00a02025\u00a0;\nVU\u00a0l'avis\u00a0 favorable\u00a0du\u00a0comit\u00e9\u00a0consultatif\u00a0de\u00a0la\u00a0R\u00e9serve\u00a0naturelle\u00a0du\u00a023\u00a0septembre\u00a02025\u00a0au\u00a0projet\u00a0de\nr\u00e9glementation\u00a0des\u00a0travaux\u00a0modifiant\u00a0l'\u00e9tat\u00a0ou\u00a0l'aspect\u00a0de\u00a0la\u00a0R\u00e9serve\u00a0naturelle\u00a0nationale\u00a0de\u00a0la\u00a0Haute\u00a0Cha\u00eene\u00a0du\nJura\u00a0li\u00e9s\u00a0\u00e0\u00a0la\u00a0gestion\u00a0sanitaire\u00a0de\u00a0la\u00a0crise\u00a0du\u00a0scolyte\u00a0;\nVU\u00a0l'avis\u00a0favorable\u00a0n\u00b0AURA-2025-E-055\u00a0du\u00a03\u00a0juin\u00a02025\u00a0du\u00a0CSRPN\u00a0Auvergne-Rh\u00f4ne-Alpes\u00a0sur\u00a0le\u00a0projet\u00a0de\u00a0pr\u00e9sent\narr\u00eat\u00e9\u00a0;\nVU\u00a0l'avis\u00a0favorable\u00a0du\u00a023\u00a0juin\u00a02025\u00a0de\u00a0la\u00a0Commission\u00a0d\u00e9partementale\u00a0de\u00a0la\u00a0nature\u00a0des\u00a0paysages\u00a0et\u00a0des\u00a0sites\u00a0de\nl'Ain\u00a0sur\u00a0le\u00a0projet\u00a0de\u00a0pr\u00e9sent\u00a0arr\u00eat\u00e9\u00a0;\n01_Pref_Pr\u00e9fecture de l'Ain - 01-2026-02-10-00004 -  Arr\u00eat\u00e9 pr\u00e9fectoral\nd'autorisation pluriannuelle de travaux modifiant l'\u00e9tat et/ou l'aspect\nde la R\u00e9serve naturelle nationale de la Haute Cha\u00eene du Jura\nli\u00e9s \u00e0 la gestion sanitaire de la crise du scolyte de l'\u00e9pic\u00e9a et du sapin pectin\u00e9\n18\nVU\u00a0l'avis\u00a0favorable\u00a0des\u00a0communes\u00a0de\u00a0Mijoux\u00a0et\u00a0de\u00a0Gex,\u00a0rendus\u00a0respectivement\u00a0les\u00a015\u00a0juillet\u00a0et\u00a01er\u00a0septembre\n2025\u00a0;\nVU\u00a0l'absence\u00a0d'opposition\u00a0des\u00a0autres\u00a0communes\u00a0concern\u00e9es\u00a0;\nVU\u00a0l'absence\u00a0d'avis\u00a0transmis\u00a0\u00e0\u00a0l'issue\u00a0de\u00a0la\u00a0consultation\u00a0du\u00a0public\u00a0r\u00e9alis\u00e9e\u00a0sur\u00a0le\u00a0site\u00a0internet\u00a0de\u00a0la\u00a0DREAL\u00a0du\u00a014\noctobre\u00a0au\u00a04\u00a0novembre\u00a02025\u00a0;\nCONSID\u00c9RANT\u00a0que\u00a0les\u00a0peuplements\u00a0forestiers\u00a0d'\u00c9pic\u00e9a\u00a0commun\u00a0et\u00a0de\u00a0Sapin\u00a0pectin\u00e9\u00a0connaissent,\u00a0dans\u00a0le\nd\u00e9partement\u00a0de\u00a0l'Ain,\u00a0depuis\u00a0plus\u00a0de\u00a0cinq\u00a0ans,\u00a0des\u00a0d\u00e9p\u00e9rissements\u00a0importants\u00a0en\u00a0raison\u00a0du\u00a0r\u00e9chauffement\nclimatique\u00a0ayant\u00a0pour\u00a0cons\u00e9quence\u00a0l'explosion\u00a0des\u00a0populations\u00a0de\u00a0scolytes\u00a0;\u00a0que\u00a0cette\u00a0situation\u00a0bouscule\nl'exploitation\u00a0courante\u00a0des\u00a0for\u00eats\u00a0publiques\u00a0et\u00a0priv\u00e9es,\u00a0notamment\u00a0les\u00a0programmes\u00a0de\u00a0coupes\u00a0et\u00a0travaux\nsylvicoles\u00a0ainsi\u00a0que\u00a0les\u00a0essences\u00a0g\u00e9r\u00e9es\u00a0\u00e0\u00a0des\u00a0fins\u00a0de\u00a0production,\u00a0conduisant\u00a0\u00e0\u00a0l'impossibilit\u00e9\u00a0de\u00a0mettre\u00a0en\u00a0\u0153uvre\nles\u00a0documents\u00a0de\u00a0gestion\u00a0durable\u00a0\u00e9labor\u00e9s\u00a0par\u00a0l'ONF\u00a0et\u00a0les\u00a0propri\u00e9taires\u00a0ou\u00a0gestionnaires\u00a0priv\u00e9s\u00a0;\nCONSID\u00c9RANT\u00a0qu'en\u00a0R\u00e9serve\u00a0naturelle,\u00a0les\u00a0articles\u00a0L.122-7\u00a0et\u00a0L.122-8\u00a0du\u00a0Code\u00a0forestier\u00a0pr\u00e9voient\u00a0que\u00a0l'autorit\u00e9\nadministrative\u00a0comp\u00e9tente\u00a0en\u00a0mati\u00e8re\u00a0environnementale\u00a0ou\u00a0patrimoniale\u00a0(en\u00a0l'occurrence,\u00a0la\u00a0DREAL)\u00a0valide\u00a0ces\ndocuments\u00a0de\u00a0gestion\u00a0durable\u00a0(DGD)\u00a0en\u00a0amont\u00a0de\u00a0leur\u00a0entr\u00e9e\u00a0en\u00a0vigueur\u00a0;\u00a0que\u00a0cette\u00a0validation\u00a0permet\u00a0de\nconsid\u00e9rer\u00a0l'ensemble\u00a0des\u00a0interventions\u00a0pr\u00e9vues\u00a0au\u00a0DGD\u00a0comme\u00a0pouvant\u00a0\u00eatre\u00a0r\u00e9alis\u00e9s\u00a0sans\u00a0autorisation\nparticuli\u00e8re\u00a0au\u00a0titre\u00a0de\u00a0la\u00a0r\u00e9glementation\u00a0en\u00a0r\u00e9serve\u00a0naturelle\u00a0;\nCONSID\u00c9RANT\u00a0que\u00a0les\u00a0situations\u00a0de\u00a0crise\u00a0sanitaire\u00a0sont\u00a0int\u00e9gr\u00e9es\u00a0dans\u00a0une\u00a0certaine\u00a0mesure\u00a0aux\u00a0proc\u00e9dures\nhabituelles\u00a0de\u00a0gestion\u00a0foresti\u00e8re\u00a0;\u00a0que\u00a0les\u00a0exploitants\u00a0disposent\u00a0ainsi\u00a0de\u00a0marges\u00a0de\u00a0man\u0153uvre,\u00a0en\u00a0fonction\u00a0du\nstatut\u00a0public\u00a0ou\u00a0priv\u00e9\u00a0de\u00a0la\u00a0for\u00eat\u00a0concern\u00e9e,\u00a0pour\u00a0r\u00e9aliser\u00a0des\u00a0coupes\u00a0sanitaires\u00a0de\u00a0produits\u00a0dits\u00a0\u00ab\u00a0accidentels\u00a0\u00bb\u00a0;\nqu'en\u00a0mati\u00e8re\u00a0de\u00a0gestion\u00a0publique,\u00a0pass\u00e9\u00a0un\u00a0certain\u00a0pourcentage\u00a0de\u00a0coupes\u00a0sanitaires,\u00a0les\u00a0DGD\u00a0doivent\ncependant\u00a0\u00eatre\u00a0r\u00e9vis\u00e9s\u00a0;\u00a0que\u00a0concernant\u00a0la\u00a0for\u00eat\u00a0priv\u00e9e,\u00a0des\u00a0coupes\u00a0d'urgence\u00a0d\u00e9rogeant\u00a0au\u00a0Plan\u00a0simple\u00a0de\ngestion\u00a0peuvent\u00a0\u00eatre\u00a0pratiqu\u00e9es,\u00a0mais\u00a0que\u00a0dans\u00a0ce\u00a0cas\u00a0l'accord\u00a0donn\u00e9\u00a0par\u00a0la\u00a0DREAL\u00a0sur\u00a0le\u00a0DGD\u00a0ne\u00a0s'applique\u00a0plus\u00a0;\nque\u00a0si\u00a0les\u00a0coupes\u00a0d'urgence\u00a0conduisent\u00a0\u00e0\u00a0changer\u00a0le\u00a0type\u00a0d'itin\u00e9raire\u00a0sylvicole\u00a0pr\u00e9vu\u00a0par\u00a0le\u00a0DGD,\u00a0un\u00a0avenant\u00a0doit\n\u00eatre\u00a0d\u00e9pos\u00e9\u00a0pour\u00a0agr\u00e9ment\u00a0;\nCONSID\u00c9RANT\u00a0que\u00a0la\u00a0crise\u00a0massive\u00a0du\u00a0scolyte\u00a0dans\u00a0le\u00a0d\u00e9partement\u00a0de\u00a0l'Ain\u00a0impose\u00a0\u00e0\u00a0l'ONF\u00a0de\u00a0demander\u00a0aux\nservices\u00a0de\u00a0l'\u00c9tat\u00a0de\u00a0proc\u00e9der\u00a0\u00e0\u00a0une\u00a0r\u00e9vision\u00a0g\u00e9n\u00e9rale\u00a0et\u00a0exceptionnelle\u00a0de\u00a0l'application\u00a0de\u00a0ces\u00a0documents\u00a0pour\ncontinuer\u00a0\u00e0\u00a0lui\u00a0permettre\u00a0d'intervenir\u00a0pour\u00a0le\u00a0compte\u00a0des\u00a0propri\u00e9taires\u00a0publics\u00a0en\u00a0maintenant\u00a0la\u00a0garantie\u00a0de\ngestion\u00a0durable\u00a0des\u00a0for\u00eats\u00a0concern\u00e9es\u00a0;\u00a0que\u00a0dans\u00a0ce\u00a0cadre\u00a0la\u00a0DREAL\u00a0doit\u00a0\u00e0\u00a0nouveau\u00a0\u00eatre\u00a0sollicit\u00e9e\u00a0pour\u00a0accord\u00a0;\nCONSID\u00c9RANT\u00a0en\u00a0outre\u00a0que\u00a0les\u00a0obligations\u00a0faites\u00a0aux\u00a0propri\u00e9taires\u00a0forestiers\u00a0par\u00a0le\u00a0biais\u00a0notamment\u00a0de\u00a0l'arr\u00eat\u00e9\ndu\u00a017\u00a0avril\u00a02025\u00a0de\u00a0la\u00a0pr\u00e9f\u00e8te\u00a0de\u00a0r\u00e9gion\u00a0relatif\u00a0\u00e0\u00a0la\u00a0lutte\u00a0contre\u00a0les\u00a0scolytes\u00a0de\u00a0l'\u00e9pic\u00e9a\u00a0commun\u00a0dans\u00a0les\npeuplements\u00a0atteints,\u00a0visent\u00a0une\u00a0limitation\u00a0de\u00a0la\u00a0prolif\u00e9ration\u00a0du\u00a0scolyte\u00a0par\u00a0des\u00a0coupes\u00a0et\u00a0une\u00a0\u00e9vacuation\u00a0des\nbois\u00a0syst\u00e9matiques\u00a0et\u00a0potentiellement\u00a0massives\u00a0;\u00a0que\u00a0la\u00a0R\u00e9serve\u00a0naturelle\u00a0nationale\u00a0la\u00a0Haute-Cha\u00eene\u00a0du\u00a0Jura\naccueille\u00a0toutefois\u00a0des\u00a0milieux\u00a0naturels\u00a0et\u00a0des\u00a0esp\u00e8ces\u00a0sauvages\u00a0particuli\u00e8rement\u00a0sensibles\u00a0\u00e0\u00a0ce\u00a0type\nd'interventions\u00a0qui,\u00a0si\u00a0elles\u00a0ne\u00a0sont\u00a0pas\u00a0cadr\u00e9es,\u00a0pourraient\u00a0occasionner\u00a0des\u00a0pertes\u00a0majeures\u00a0et\u00a0irr\u00e9versibles\u00a0de\nbiodiversit\u00e9\u00a0dans\u00a0cet\u00a0espace\u00a0\u00e0\u00a0protection\u00a0forte\u00a0;\u00a0que\u00a0l'article\u00a05\u00a0de\u00a0l'arr\u00eat\u00e9\u00a0r\u00e9gional\u00a0susvis\u00e9\u00a0pr\u00e9voit\u00a0toutefois\u00a0qu'un\ncadre\u00a0particulier\u00a0soit\u00a0appliqu\u00e9\u00a0dans\u00a0les\u00a0aires\u00a0de\u00a0protection\u00a0forte\u00a0que\u00a0sont\u00a0les\u00a0r\u00e9serves\u00a0naturelles\u00a0nationales\u00a0;\nCONSID\u00c9RANT\u00a0que\u00a0le\u00a0plan\u00a0de\u00a0gestion\u00a02020-2029\u00a0de\u00a0la\u00a0R\u00e9serve\u00a0naturelle\u00a0nationale\u00a0de\u00a0la\u00a0Haute-Cha\u00eene\u00a0du\u00a0Jura\napprouv\u00e9\u00a0le\u00a016\u00a0d\u00e9cembre\u00a02021\u00a0dispose\u00a0d'un\u00a0objectif\u00a0de\u00a0long\u00a0terme\u00a0visant\u00a0\u00e0\u00a0am\u00e9liorer\u00a0la\u00a0biodiversit\u00e9,\u00a0la\nfonctionnalit\u00e9\u00a0et\u00a0les\u00a0connectivit\u00e9s\u00a0des\u00a0\u00e9cosyst\u00e8mes\u00a0forestiers\u00a0traduit\u00a0notamment\u00a0par\u00a0un\u00a0objectif\u00a0op\u00e9rationnel\nvisant\u00a0\u00e0\u00a0d\u00e9velopper\u00a0et\u00a0valoriser\u00a0une\u00a0gestion\u00a0sylvicole\u00a0des\u00a0for\u00eats\u00a0publiques\u00a0et\u00a0priv\u00e9es\u00a0r\u00e9pondant\u00a0au\u00a0patrimoine\nnaturel\u00a0et\u00a0aux\u00a0enjeux\u00a0de\u00a0la\u00a0R\u00e9serve\u00a0;\u00a0qu'une\u00a0des\u00a0actions\u00a0permettant\u00a0la\u00a0mise\u00a0en\u00a0\u0153uvre\u00a0de\u00a0cet\u00a0objectif\u00a0consiste\u00a0en\nle\u00a0d\u00e9veloppement\u00a0d'une\u00a0gestion\u00a0sylvicole\u00a0fine\u00a0et\u00a0adapt\u00e9e\u00a0dans\u00a0les\u00a0secteurs\u00a0favorables\u00a0au\u00a0Pic\u00a0tridactyle\u00a0et\u00a0aux\npetites\u00a0chouettes\u00a0de\u00a0montagne\u00a0;\n01_Pref_Pr\u00e9fecture de l'Ain - 01-2026-02-10-00004 -  Arr\u00eat\u00e9 pr\u00e9fectoral\nd'autorisation pluriannuelle de travaux modifiant l'\u00e9tat et/ou l'aspect\nde la R\u00e9serve naturelle nationale de la Haute Cha\u00eene du Jura\nli\u00e9s \u00e0 la gestion sanitaire de la crise du scolyte de l'\u00e9pic\u00e9a et du sapin pectin\u00e9\n19\nCONSID\u00c9RANT\u00a0qu'il\u00a0y\u00a0a\u00a0donc\u00a0lieu,\u00a0dans\u00a0ce\u00a0contexte,\u00a0de\u00a0d\u00e9finir\u00a0un\u00a0dispositif\u00a0juridique\u00a0permettant\u00a0d'autoriser\u00a0les\ncoupes\u00a0sanitaires\u00a0en\u00a0r\u00e9serve\u00a0naturelle,\u00a0tenant\u00a0compte\u00a0des\u00a0enjeux\u00a0de\u00a0conservation\u00a0de\u00a0cette\u00a0derni\u00e8re\u00a0et\ngarantissant\u00a0un\u00a0traitement\u00a0\u00e9quitable\u00a0des\u00a0propri\u00e9taires\u00a0forestiers\u00a0publics\u00a0et\u00a0priv\u00e9s\u00a0;\nCONSID\u00c9RANT\u00a0qu'\u00e0\u00a0cette\u00a0fin,\u00a0des\u00a0discussions\u00a0suivies\u00a0ont\u00a0\u00e9t\u00e9\u00a0engag\u00e9es\u00a0depuis\u00a0f\u00e9vrier\u00a02024\u00a0entre\u00a0l'ONF,\u00a0la\u00a0DRAAF,\nla\u00a0DREAL\u00a0et\u00a0la\u00a0R\u00e9serve\u00a0;\u00a0que\u00a0le\u00a0CNPF\u00a0Auvergne-Rh\u00f4ne-Alpes\u00a0puis\u00a0le\u00a0syndicat\u00a0de\u00a0propri\u00e9taires\u00a0priv\u00e9s\u00a0Fransylva\u00a0ont\n\u00e9t\u00e9\u00a0associ\u00e9s\u00a0\u00e0\u00a0ces\u00a0r\u00e9flexions\u00a0respectivement\u00a0\u00e0\u00a0compter\u00a0de\u00a0novembre\u00a02024\u00a0et\u00a0d'avril\u00a02025\u00a0;\u00a0que\u00a0le\u00a0CSRPN\nAuvergne-Rh\u00f4ne-Alpes,\u00a0sollicit\u00e9\u00a0sur\u00a0un\u00a0projet\u00a0de\u00a0strat\u00e9gie\u00a0de\u00a0gestion\u00a0du\u00a0scolyte\u00a0en\u00a0R\u00e9serve\u00a0a\u00a0rendu\u00a0un\u00a0avis\n\u00e9clairant\u00a0sur\u00a0le\u00a0sujet\u00a0le\u00a017\u00a0septembre\u00a02024\u00a0;\u00a0qu'une\u00a0r\u00e9union\u00a0en\u00a0Sous-pr\u00e9fecture\u00a0de\u00a0Gex\u00a0le\u00a030\u00a0avril\u00a02025\u00a0a\u00a0permis\nde\u00a0recueillir\u00a0les\u00a0avis\u00a0et\u00a0propositions\u00a0des\u00a0forestiers\u00a0et\u00a0propri\u00e9taires\u00a0publics\u00a0et\u00a0priv\u00e9s\u00a0int\u00e9ress\u00e9s\u00a0;\nCONSID\u00c9RANT\u00a0que\u00a0les\u00a0coupes\u00a0non-habituelles\u00a0de\u00a0plus\u00a0d'un\u00a0hectare\u00a0sont\u00a0susceptibles\u00a0de\u00a0modifier\u00a0l'\u00e9tat\u00a0ou\u00a0l'aspect\nde\u00a0la\u00a0R\u00e9serve\u00a0naturelle\u00a0et\u00a0doivent\u00a0faire\u00a0l'objet\u00a0d'une\u00a0proc\u00e9dure\u00a0d'autorisation\u00a0de\u00a0travaux\u00a0en\u00a0application\u00a0de\nl'article\u00a0L.332-9\u00a0du\u00a0Code\u00a0de\u00a0l'environnement\u00a0;\nCONSID\u00c9RANT\u00a0donc\u00a0qu'au\u00a0regard\u00a0des\u00a0enjeux\u00a0\u00e9conomiques\u00a0et\u00a0r\u00e9glementaires\u00a0soulev\u00e9s\u00a0et\u00a0de\u00a0la\u00a0n\u00e9cessit\u00e9\u00a0pour\u00a0les\nforestiers\u00a0de\u00a0pouvoir\u00a0intervenir\u00a0rapidement\u00a0suite\u00a0\u00e0\u00a0la\u00a0d\u00e9couverte\u00a0de\u00a0nouveaux\u00a0foyers\u00a0de\u00a0contamination,\u00a0il\u00a0y\u00a0a\u00a0lieu\nde\u00a0d\u00e9livrer,\u00a0en\u00a0compl\u00e9ment\u00a0de\u00a0l'arr\u00eat\u00e9\u00a0d'autorisation\u00a0de\u00a0travaux\u00a0dits\u00a0\u00ab\u00a0l\u00e9gers\u00a0\u00bb\u00a0du\u00a015\u00a0juillet\u00a02025\u00a0susvis\u00e9,\u00a0une\nautorisation\u00a0pluriannuelle\u00a0de\u00a0travaux\u00a0modifiant\u00a0l'\u00e9tat\u00a0ou\u00a0l'aspect\u00a0de\u00a0la\u00a0R\u00e9serve\u00a0en\u00a0application\u00a0de\u00a0l'article\u00a012\u00a0du\nd\u00e9cret\u00a0de\u00a0cr\u00e9ation\u00a0de\u00a0la\u00a0R\u00e9serve\u00a0susvis\u00e9,\u00a0justifi\u00e9e\u00a0par\u00a0la\u00a0n\u00e9cessit\u00e9\u00a0d'assurer\u00a0la\u00a0gestion\u00a0sanitaire\u00a0de\u00a0la\u00a0crise\u00a0du\nscolyte\u00a0en\u00a0R\u00e9serve\u00a0naturelle\u00a0nationale\u00a0de\u00a0la\u00a0Haute-Cha\u00eene\u00a0du\u00a0Jura\u00a0;\nCONSID\u00c9RANT\u00a0qu'au-del\u00e0\u00a0des\u00a0aspects\u00a0\u00e9conomiques\u00a0et\u00a0\u00e9cosyst\u00e9miques\u00a0li\u00e9s\u00a0\u00e0\u00a0cette\u00a0probl\u00e9matique\u00a0de\u00a0gestion\u00a0de\u00a0la\ncrise\u00a0sanitaire,\u00a0les\u00a0imp\u00e9ratifs\u00a0de\u00a0s\u00e9curit\u00e9\u00a0des\u00a0personnes\u00a0li\u00e9s\u00a0au\u00a0maintien\u00a0d'arbres\u00a0malades\u00a0ou\u00a0secs\u00a0en\u00a0R\u00e9serve\u00a0sont\npris\u00a0en\u00a0compte\u00a0dans\u00a0le\u00a0respect\u00a0des\u00a0dispositions\u00a0fix\u00e9es\u00a0\u00e0\u00a0l'article\u00a0L.365-1\u00a0du\u00a0Code\u00a0de\u00a0l'environnement\u00a0et\u00a0de\nmani\u00e8re\u00a0\u00e0\u00a0ne\u00a0pas\u00a0porter\u00a0une\u00a0atteinte\u00a0disproportionn\u00e9e\u00a0aux\u00a0milieux\u00a0naturels\u00a0forestiers\u00a0de\u00a0la\u00a0R\u00e9serve\u00a0;\nSur\u00a0proposition\u00a0de\u00a0Monsieur\u00a0le\u00a0directeur\u00a0r\u00e9gional\u00a0de\u00a0l'environnement,\u00a0de\u00a0l'am\u00e9nagement\u00a0et\u00a0du\u00a0logement\u00a0;\nARR\u00caTE\nARTICLE 1  er     : D\u00e9finition des zones \u00e0 enjeu au sens du pr\u00e9sent arr\u00eat\u00e9  \n1.1\u00a0Sont\u00a0d\u00e9finies,\u00a0pour\u00a0les\u00a0besoins\u00a0du\u00a0pr\u00e9sent\u00a0arr\u00eat\u00e9,\u00a0comme\u00a0zones\u00a0\u00e0\u00a0enjeux\u00a0Habitats\u00a0faune\u00a0flore\u00a0\u00ab\u00a0forts\u00a0\u00bb\u00a0les\nzones\u00a0suivantes,\u00a0au\u00a0sein\u00a0de\u00a0la\u00a0R\u00e9serve\u00a0naturelle\u00a0nationale\u00a0de\u00a0la\u00a0Haute-Cha\u00eene\u00a0du\u00a0Jura\u00a0:\n\u2022 les\u00a0zones\u00a0c\u0153ur\u00a0de\u00a0Grand\u00a0T\u00e9tras,\u00a0correspondant\u00a0aux\u00a0places\u00a0de\u00a0chant\u00a0historiques\u00a0;\n\u2022 les\u00a0habitats\u00a0naturels\u00a0de\u00a0Pessi\u00e8re\u00a0\u00e0\u00a0sphaigne,\u00a0Pessi\u00e8re\u00a0\u00e0\u00a0doradille,\u00a0Pin\u00e8des\u00a0\u00e0\u00a0crochet\u00a0;\n1.2\u00a0Sont\u00a0d\u00e9finies,\u00a0pour\u00a0les\u00a0besoins\u00a0du\u00a0pr\u00e9sent\u00a0arr\u00eat\u00e9,\u00a0comme\u00a0zones\u00a0\u00e0\u00a0enjeux\u00a0Habitats-faune-flore\u00a0\u00ab\u00a0mod\u00e9r\u00e9s\u00a0\u00bb\u00a0les\nzones\u00a0suivantes,\u00a0au\u00a0sein\u00a0de\u00a0la\u00a0R\u00e9serve\u00a0naturelle\u00a0nationale\u00a0de\u00a0la\u00a0Haute-Cha\u00eene\u00a0du\u00a0Jura\u00a0:\n\u2022 les\u00a0zones\u00a0o\u00f9\u00a0s'appliquent\u00a0les\u00a0clauses\u00a0T\u00e9tras\u00a0(zone\u00a0de\u00a0pr\u00e9sence\u00a0de\u00a0type\u00a01)\u00a0\u00e0\u00a0l'exception\u00a0des\u00a0zones\u00a0c\u0153ur\nd\u00e9finies\u00a0au\u00a01.1\u00a0;\n\u2022 les\u00a0habitats\u00a0\u00e0\u00a0enjeux\u00a0mod\u00e9r\u00e9s\u00a0de\u00a0Frutic\u00e9e\u00a0subalpine\u00a0et\u00a0de\u00a0H\u00eatraie\u00a0\u00e0\u00a0Ad\u00e9nostyle\u00a0;\n\u2022 les\u00a0habitats\u00a0\u00e0\u00a0enjeux\u00a0fort\u00a0n'\u00e9tant\u00a0pas\u00a0compos\u00e9s\u00a0majoritairement\u00a0de\u00a0r\u00e9sineux\u00a0que\u00a0constituent\u00a0les\n\u00c9rabli\u00e8res\u00a0\u00e0\u00a0Scolopendre,\u00a0\u00e0\u00a0Sorbier,\u00a0thermophile\u00a0\u00e0\u00a0Tilleul\u00a0et\u00a0\u00e0\u00a0Barbe\u00a0de\u00a0Bouc\u00a0;\n1.3\u00a0Pour\u00a0des\u00a0raisons\u00a0de\u00a0sensibilit\u00e9\u00a0des\u00a0donn\u00e9es,\u00a0les\u00a0zonages\u00a0et\u00a0sites\u00a0\u00e9voqu\u00e9s\u00a0au\u00a01.1\u00a0et\u00a0au\u00a01.2\u00a0ci-dessus\u00a0ne\u00a0sont\u00a0pas\nd\u00e9taill\u00e9s\u00a0en\u00a0annexe\u00a0du\u00a0pr\u00e9sent\u00a0arr\u00eat\u00e9.\u00a0Ils\u00a0peuvent\u00a0toutefois\u00a0\u00eatre\u00a0tenus\u00a0\u00e0\u00a0la\u00a0disposition\u00a0des\u00a0propri\u00e9taires\u00a0forestiers\nconcern\u00e9s\u00a0ou\u00a0leurs\u00a0mandataires\u00a0dans\u00a0le\u00a0cadre\u00a0de\u00a0l'instruction\u00a0de\u00a0leurs\u00a0demandes.\n1.4\u00a0Concernant\u00a0les\u00a0stations\u00a0de\u00a0flore\u00a0\u00e0\u00a0enjeu\u00a0et\u00a0les\u00a0zones\u00a0de\u00a0reproduction\u00a0ou\u00a0d'hivernage\u00a0d'esp\u00e8ces\u00a0de\u00a0faune\u00a0\u00e0\nenjeu\u00a0(hors\u00a0Grand\u00a0T\u00e9tras),\u00a0la\u00a0R\u00e9serve\u00a0naturelle\u00a0adapte\u00a0au\u00a0cas\u00a0par\u00a0cas\u00a0les\u00a0itin\u00e9raires\u00a0pr\u00e9vus\u00a0\u00e0\u00a0l'article\u00a03\u00a0du\u00a0pr\u00e9sent\narr\u00eat\u00e9\u00a0pour\u00a0tenir\u00a0compte\u00a0de\u00a0chaque\u00a0enjeu.\u00a0Ces\u00a0adaptations\u00a0sont\u00a0couch\u00e9es\u00a0dans\u00a0le\u00a0compte-rendu\u00a0pr\u00e9vu\u00a0\u00e0\u00a0l'article\n3.1\u00a0ci-dessous.\n01_Pref_Pr\u00e9fecture de l'Ain - 01-2026-02-10-00004 -  Arr\u00eat\u00e9 pr\u00e9fectoral\nd'autorisation pluriannuelle de travaux modifiant l'\u00e9tat et/ou l'aspect\nde la R\u00e9serve naturelle nationale de la Haute Cha\u00eene du Jura\nli\u00e9s \u00e0 la gestion sanitaire de la crise du scolyte de l'\u00e9pic\u00e9a et du sapin pectin\u00e9\n20\nARTICLE 2 : Autorisation et exceptions\n2.1\u00a0Les\u00a0propri\u00e9taires\u00a0forestiers\u00a0publics\u00a0et\u00a0priv\u00e9s,\u00a0ainsi\u00a0que\u00a0leurs\u00a0\u00e9ventuels\u00a0mandataires,\u00a0sont\u00a0autoris\u00e9s\u00a0\u00e0\u00a0r\u00e9aliser,\ndans\u00a0l'enceinte\u00a0de\u00a0la\u00a0R\u00e9serve\u00a0naturelle\u00a0nationale\u00a0:\n\u2022 des\u00a0coupes\u00a0sanitaires\u00a0visant\u00a0\u00e0\u00a0l'\u00e9limination\u00a0de\u00a0pieds\u00a0malades\u00a0ou\u00a0scolyt\u00e9s\u00a0d'\u00c9pic\u00e9a\u00a0commun\u00a0et\u00a0de\u00a0Sapin\npectin\u00e9\u00a0dont\u00a0la\u00a0superficie\u00a0continue\u00a0est\u00a0sup\u00e9rieure\u00a0ou\u00a0\u00e9gale\u00a0\u00e0\u00a01\u00a0ha\u00a0;\n\u2022 des\u00a0travaux\u00a0forestiers\u00a0d'aide\u00a0\u00e0\u00a0la\u00a0r\u00e9g\u00e9n\u00e9ration\u00a0naturelle\u00a0et/ou\u00a0de\u00a0plantation\u00a0sur\u00a0les\u00a0parcelles\u00a0ayant\u00a0fait\nl'objet\u00a0de\u00a0coupes\u00a0sanitaires\u00a0li\u00e9es\u00a0\u00e0\u00a0la\u00a0crise\u00a0du\u00a0scolyte\u00a0de\u00a0l'\u00c9pic\u00e9a\u00a0commun\u00a0et\u00a0du\u00a0Sapin\u00a0pectin\u00e9\u00a0en\napplication\u00a0du\u00a0pr\u00e9sent\u00a0arr\u00eat\u00e9.\n2.2\u00a0Par\u00a0exception,\u00a0ces\u00a0coupes\u00a0sanitaires\u00a0et\u00a0travaux\u00a0forestiers\u00a0aff\u00e9rents\u00a0ne\u00a0sont\u00a0pas\u00a0autoris\u00e9s\u00a0par\u00a0le\u00a0pr\u00e9sent\u00a0arr\u00eat\u00e9\ndans\u00a0les\u00a0zones\u00a0\u00e0\u00a0enjeux\u00a0habitats-faune-flore\u00a0jug\u00e9s\u00a0\u00ab\u00a0forts\u00a0\u00bb\u00a0d\u00e9finies\u00a0\u00e0\u00a0l'article\u00a01er\u00a0du\u00a0pr\u00e9sent\u00a0arr\u00eat\u00e9.\nEn\u00a0revanche,\u00a0des\u00a0coupes\u00a0sanitaires\u00a0\u2013\u00a0et\u00a0les\u00a0travaux\u00a0forestiers\u00a0aff\u00e9rents\u00a0-\u00a0peuvent\u00a0\u00eatre\u00a0autoris\u00e9es\u00a0par\u00a0la\u00a0R\u00e9serve\nnaturelle\u00a0dans\u00a0ces\u00a0zones\u00a0\u00e0\u00a0enjeux\u00a0\u00ab\u00a0forts\u00a0\u00bb\u00a0d\u00e8s\u00a0lors\u00a0qu'elles\u00a0se\u00a0substituent\u00a0\u00e0\u00a0des\u00a0coupes\u00a0pr\u00e9vues\u00a0dans\u00a0des\u00a0DGD\nd\u00fbment\u00a0valid\u00e9s,\u00a0avec\u00a0un\u00a0volume\u00a0de\u00a0bois\u00a0pr\u00e9lev\u00e9\u00a0qui\u00a0ne\u00a0peut\u00a0exc\u00e9der\u00a0le\u00a0volume\u00a0de\u00a0bois\u00a0pr\u00e9vu\u00a0au\u00a0DGD.\u00a0La\u00a0R\u00e9serve\nnaturelle\u00a0fixe\u00a0alors\u00a0les\u00a0conditions\u00a0d'exploitation\u00a0additionnelles\u00a0qu'elle\u00a0estime\u00a0n\u00e9cessaire\u00a0\u00e0\u00a0la\u00a0conservation\u00a0des\nenjeux.\u00a0Cette\u00a0possibilit\u00e9\u00a0n'est\u00a0pas\u00a0applicable\u00a0aux\u00a0coupes\u00a0de\u00a0Sapin\u00a0pectin\u00e9\u00a0sain\u00a0r\u00e9guli\u00e8rement\u00a0pr\u00e9vues\u00a0par\u00a0le\u00a0DGD\nd\u00e8s\u00a0lors\u00a0que\u00a0le\u00a0propri\u00e9taire\u00a0b\u00e9n\u00e9ficie\u00a0d'un\u00a0contrat\u00a0Natura\u00a02000\u00a0sign\u00e9\u00a0en\u00a0application\u00a0de\u00a0l'article\u00a03.11\u00a0du\u00a0pr\u00e9sent\narr\u00eat\u00e9.\n2.3\u00a0Cette\u00a0autorisation\u00a0est\u00a0accord\u00e9e\u00a0pour\u00a0une\u00a0dur\u00e9e\u00a0de\u00a05\u00a0ans\u00a0dans\u00a0les\u00a0conditions\u00a0fix\u00e9es\u00a0\u00e0\u00a0l'article\u00a03\u00a0du\u00a0pr\u00e9sent\narr\u00eat\u00e9\u00a0et\u00a0sans\u00a0pr\u00e9judice\u00a0des\u00a0dispositions\u00a0pr\u00e9vues\u00a0en\u00a0mati\u00e8re\u00a0d'exportation\u00a0des\u00a0bois\u00a0scolyt\u00e9s,\u00a0\u00e0\u00a0l'arr\u00eat\u00e9\u00a0r\u00e9gional\u00a0de\nlutte\u00a0contre\u00a0le\u00a0scolyte\u00a0de\u00a0l'\u00c9pic\u00e9a\u00a0commun\u00a0applicable.\u00a0\nARTICLE 3     : Itin\u00e9raires sylvicoles \u00e0 respecter et prescriptions compl\u00e9mentaires  \nLes\u00a0dispositions\u00a0suivantes\u00a0sont\u00a0mises\u00a0en\u00a0\u0153uvre\u00a0pour\u00a0toutes\u00a0les\u00a0op\u00e9rations\u00a0pr\u00e9vues\u00a0\u00e0\u00a0l'article\u00a02.1\u00a0du\u00a0pr\u00e9sent\narr\u00eat\u00e9.\n3.1 Visite pr\u00e9alable avec la R\u00e9serve naturelle\nLa\u00a0R\u00e9serve\u00a0naturelle\u00a0est\u00a0inform\u00e9e\u00a0d'un\u00a0projet\u00a0de\u00a0coupe\u00a0sanitaire\u00a0au\u00a0moins\u00a010\u00a0jours\u00a0avant\u00a0martelage.\nDans\u00a0ce\u00a0d\u00e9lai,\u00a0elle\u00a0organise\u00a0\u00e0\u00a0son\u00a0initiative,\u00a0ou\u00a0\u00e0\u00a0la\u00a0demande\u00a0du\u00a0propri\u00e9taire,\u00a0gestionnaire\u00a0ou\u00a0exploitant\u00a0forestier\nconcern\u00e9,\u00a0une\u00a0visite\u00a0de\u00a0terrain\u00a0pour\u00a0v\u00e9rifier\u00a0la\u00a0proc\u00e9dure\u00a0\u00e0\u00a0mettre\u00a0en\u00a0\u0153uvre\u00a0et\u00a0adapter\u00a0les\u00a0mesures\u00a0pr\u00e9vues\u00a0au\npr\u00e9sent\u00a0arr\u00eat\u00e9.\u00a0\u00c0\u00a0l'issue\u00a0de\u00a0cette\u00a0visite,\u00a0l'agent\u00a0de\u00a0la\u00a0R\u00e9serve\u00a0naturelle\u00a0dresse\u00a0un\u00a0compte-rendu\u00a0contresign\u00e9\u00a0par\u00a0le\ngestionnaire\u00a0ou\u00a0exploitant\u00a0forestier.\nDans\u00a0le\u00a0cas\u00a0o\u00f9\u00a0une\u00a0telle\u00a0visite\u00a0ne\u00a0serait\u00a0pas\u00a0organis\u00e9e,\u00a0la\u00a0R\u00e9serve\u00a0naturelle\u00a0transmet\u00a0au\u00a0propri\u00e9taire,\u00a0gestionnaire\nou\u00a0exploitant\u00a0forestier\u00a0concern\u00e9\u00a0un\u00a0mod\u00e8le\u00a0de\u00a0compte-rendu\u00a0vierge\u00a0ainsi\u00a0que\u00a0toute\u00a0information\u00a0n\u00e9cessaire\u00a0sur\u00a0la\npr\u00e9sence\u00a0d'enjeux\u00a0localis\u00e9s.\u00a0Ce\u00a0compte-rendu\u00a0lui\u00a0est\u00a0renvoy\u00e9\u00a0compl\u00e9t\u00e9\u00a0avec\u00a0les\u00a0informations\u00a0requises\u00a0au\u00a0titre\u00a0du\npr\u00e9sent\u00a0arr\u00eat\u00e9\u00a0a\u00a0minima\u00a048h\u00a0avant\u00a0la\u00a0coupe.\nLa\u00a0R\u00e9serve\u00a0naturelle\u00a0est\u00a0inform\u00e9e\u00a0au\u00a0moins\u00a048\u00a0h\u00a0avant\u00a0la\u00a0coupe.\n3.2 Maintien des arbres sains\nSauf\u00a0pour\u00a0la\u00a0r\u00e9alisation\u00a0des\u00a0voies\u00a0de\u00a0vidange\u00a0et\u00a0de\u00a0cloisonnement\u00a0pr\u00e9vues\u00a0en\u00a0application\u00a0de\u00a0l'article\u00a03.5,\nl'ensemble\u00a0des\u00a0essences\u00a0non\u00a0d\u00e9p\u00e9rissantes\u00a0sont\u00a0conserv\u00e9es\u00a0lors\u00a0des\u00a0coupes\u00a0sanitaires,\u00a0sauf\u00a0dans\u00a0le\u00a0cas\u00a0o\u00f9\u00a0cette\ncoupe\u00a0sanitaire\u00a0serait\u00a0r\u00e9alis\u00e9e\u00a0conjointement\u00a0\u00e0\u00a0un\u00a0pr\u00e9l\u00e8vement\u00a0pr\u00e9vu\u00a0dans\u00a0le\u00a0cadre\u00a0du\u00a0document\u00a0de\u00a0gestion\ndurable\u00a0en\u00a0vigueur.\n3.3 Modalit\u00e9s de cr\u00e9ation de pistes foresti\u00e8res\nLa\u00a0cr\u00e9ation\u00a0de\u00a0pistes\u00a0foresti\u00e8res\u00a0destin\u00e9es\u00a0\u00e0\u00a0l'exploitation\u00a0des\u00a0bois\u00a0scolyt\u00e9s,\u00a0hors\u00a0voies\u00a0de\u00a0vidange\u00a0et\u00a0de\ncloisonnement\u00a0au\u00a0sein\u00a0des\u00a0peuplements\u00a0concern\u00e9s\u00a0par\u00a0les\u00a0coupes\u00a0sanitaires,\u00a0est\u00a0interdite\u00a0dans\u00a0le\u00a0cadre\u00a0du\npr\u00e9sent\u00a0arr\u00eat\u00e9.\nEn\u00a0cas\u00a0de\u00a0n\u00e9cessit\u00e9,\u00a0la\u00a0cr\u00e9ation\u00a0de\u00a0pistes\u00a0foresti\u00e8res\u00a0doit\u00a0faire\u00a0l'objet\u00a0d'une\u00a0autorisation\u00a0sp\u00e9cifique\u00a0en\u00a0application\ndes\u00a0dispositions\u00a0pr\u00e9vues\u00a0aux\u00a0articles\u00a0L.332-9\u00a0et\u00a0R.332-23\u00a0\u00e0\u00a0R.332-27\u00a0du\u00a0Code\u00a0de\u00a0l'environnement.\n01_Pref_Pr\u00e9fecture de l'Ain - 01-2026-02-10-00004 -  Arr\u00eat\u00e9 pr\u00e9fectoral\nd'autorisation pluriannuelle de travaux modifiant l'\u00e9tat et/ou l'aspect\nde la R\u00e9serve naturelle nationale de la Haute Cha\u00eene du Jura\nli\u00e9s \u00e0 la gestion sanitaire de la crise du scolyte de l'\u00e9pic\u00e9a et du sapin pectin\u00e9\n21\n3.4 Respect du cycle biologique des esp\u00e8ces sensibles\nLes\u00a0coupes\u00a0et\u00a0travaux\u00a0pr\u00e9vus\u00a0\u00e0\u00a0l'article\u00a02.1\u00a0du\u00a0pr\u00e9sent\u00a0arr\u00eat\u00e9\u00a0sont\u00a0interdits\u00a0:\n\u2022 du\u00a015\u00a0d\u00e9cembre\u00a0au\u00a030\u00a0juin\u00a0dans\u00a0les\u00a0zones\u00a0de\u00a0qui\u00e9tude\u00a0de\u00a0la\u00a0faune\u00a0sauvage\u00a0d\u00e9finies\u00a0dans\u00a0l'arr\u00eat\u00e9\u00a0du\u00a023\njanvier\u00a02017\u00a0susvis\u00e9\u00a0;\n\u2022 aux\u00a0p\u00e9riodes\u00a0fix\u00e9es\u00a0par\u00a0l'agent\u00a0de\u00a0la\u00a0R\u00e9serve\u00a0naturelle\u00a0lors\u00a0de\u00a0la\u00a0visite\u00a0pr\u00e9alable\u00a0pr\u00e9vue\u00a0\u00e0\u00a0l'article\u00a03.1,\u00a0en\ncas\u00a0de\u00a0pr\u00e9sence\u00a0sur\u00a0la\u00a0parcelle\u00a0foresti\u00e8re\u00a0\u00e0\u00a0passer\u00a0en\u00a0coupe\u00a0d'une\u00a0esp\u00e8ce\u00a0\u00e0\u00a0enjeu\u00a0identifi\u00e9e\u00a0au\u00a0plan\u00a0de\ngestion\u00a0de\u00a0la\u00a0R\u00e9serve\u00a0naturelle.\n3.5 Limitation de la circulation des engins pendant les coupes\nLa\u00a0cr\u00e9ation\u00a0de\u00a0voies\u00a0de\u00a0vidange\u00a0et\u00a0de\u00a0cloisonnement\u00a0est\u00a0autoris\u00e9e\u00a0afin\u00a0de\u00a0pr\u00e9server\u00a0autant\u00a0que\u00a0possible\u00a0les\u00a0sols.\nElles\u00a0sont\u00a0toutefois\u00a0r\u00e9duites\u00a0au\u00a0strict\u00a0n\u00e9cessaire\u00a0et\u00a0sont\u00a0cr\u00e9\u00e9es\u00a0de\u00a0mani\u00e8re\u00a0\u00e0\u00a0\u00e9viter\u00a0autant\u00a0que\u00a0possible\u00a0les\npeuplements\u00a0sains,\u00a0les\u00a0arbres\u00a0\u00e0\u00a0plus\u00a0fort\u00a0enjeu\u00a0\u00e9cologique\u00a0et\u00a0les\u00a0stations\u00a0de\u00a0flore\u00a0patrimoniale.\nLeur\u00a0sch\u00e9ma\u00a0de\u00a0principe\u00a0est\u00a0valid\u00e9\u00a0par\u00a0l'agent\u00a0de\u00a0la\u00a0R\u00e9serve\u00a0naturelle\u00a0lors\u00a0de\u00a0la\u00a0visite\u00a0pr\u00e9vue\u00a0\u00e0\u00a0l'article\u00a03.1\u00a0et\ncouch\u00e9\u00a0dans\u00a0son\u00a0compte-rendu.\n3.6 Restrictions impos\u00e9es aux travaux forestiers\nAucune\u00a0plantation\u00a0n'est\u00a0autoris\u00e9e\u00a0dans\u00a0les\u00a0\u00eelots\u00a0continus\u00a0ayant\u00a0fait\u00a0l'objet\u00a0d'une\u00a0coupe\u00a0et\u00a0d'une\u00a0superficie\ninf\u00e9rieure\u00a0\u00e0\u00a00,5\u00a0ha.\u00a0Seule\u00a0l'aide\u00a0\u00e0\u00a0la\u00a0r\u00e9g\u00e9n\u00e9ration\u00a0naturelle\u00a0y\u00a0est\u00a0autoris\u00e9e.\nDans\u00a0les\u00a0\u00eelots\u00a0continus\u00a0ayant\u00a0fait\u00a0l'objet\u00a0d'une\u00a0coupe\u00a0et\u00a0d'une\u00a0superficie\u00a0sup\u00e9rieure\u00a0ou\u00a0\u00e9gale\u00a0\u00e0\u00a00,5\u00a0ha,\u00a0l'aide\u00a0\u00e0\u00a0la\nr\u00e9g\u00e9n\u00e9ration\u00a0naturelle\u00a0est\u00a0favoris\u00e9e.\u00a0Par\u00a0exception,\u00a0en\u00a0cas\u00a0d'\u00e9chec\u00a0de\u00a0la\u00a0r\u00e9g\u00e9n\u00e9ration\u00a0naturelle,\u00a0des\u00a0plantations\npeuvent\u00a0intervenir\u00a0dans\u00a0la\u00a0cinqui\u00e8me\u00a0ann\u00e9e\u00a0suivant\u00a0la\u00a0coupe,\u00a0ou\u00a0de\u00a0mani\u00e8re\u00a0anticip\u00e9e\u00a0en\u00a0cas\u00a0de\u00a0v\u00e9g\u00e9tation\nconcurrente\u00a0forte.\nAfin\u00a0de\u00a0favoriser\u00a0la\u00a0diversit\u00e9\u00a0des\u00a0peuplements,\u00a0ces\u00a0plantations\u00a0sont\u00a0r\u00e9alis\u00e9es\u00a0\u00e0\u00a0partir\u00a0d'au\u00a0moins\u00a0deux\u00a0essences\u00a0en\npeuplement\u00a0irr\u00e9gulier\u00a0et\u00a0d'au\u00a0moins\u00a0trois\u00a0essences\u00a0en\u00a0peuplement\u00a0r\u00e9gulier,\u00a0parmi\u00a0la\u00a0liste\u00a0des\u00a0essences\u00a0autoris\u00e9es\nen\u00a0R\u00e9serve\u00a0naturelle\u00a0rappel\u00e9e\u00a0\u00e0\u00a0l'annexe\u00a0I\u00a0du\u00a0pr\u00e9sent\u00a0arr\u00eat\u00e9.\nEn\u00a0cas\u00a0de\u00a0n\u00e9cessit\u00e9,\u00a0les\u00a0plants\u00a0sont\u00a0prot\u00e9g\u00e9s\u00a0individuellement.\u00a0Aucun\u00a0r\u00e9pulsif\u00a0chimique\u00a0n'est\u00a0autoris\u00e9.\n3.7 Prise en compte des enjeux de s\u00e9curit\u00e9 des personnes\nLes\u00a0coupes\u00a0syst\u00e9matiques\u00a0d'\u00c9pic\u00e9as\u00a0communs\u00a0ou\u00a0de\u00a0Sapins\u00a0pectin\u00e9s\u00a0scolyt\u00e9s\u00a0ou\u00a0secs\u00a0en\u00a0bordure\u00a0de\u00a0voies\nouvertes\u00a0au\u00a0public\u00a0ne\u00a0sont\u00a0autoris\u00e9es\u00a0que\u00a0le\u00a0long\u00a0des\u00a0routes\u00a0d\u00e9partementales\u00a0ou\u00a0communales,\u00a0pour\u00a0des\nquestions\u00a0de\u00a0s\u00e9curit\u00e9\u00a0des\u00a0usagers,\u00a0et\u00a0sur\u00a0une\u00a0profondeur\u00a0maximale\u00a0\u00e9gale\u00a0\u00e0\u00a0la\u00a0hauteur\u00a0moyenne\u00a0des\u00a0arbres,\u00a0en\nconcertation\u00a0avec\u00a0les\u00a0gestionnaires\u00a0routiers\u00a0comp\u00e9tents.\u00a0\nSans\u00a0pr\u00e9judice\u00a0des\u00a0dispositions\u00a0fix\u00e9es\u00a0au\u00a02.2,\u00a0le\u00a0long\u00a0des\u00a0pistes\u00a0ouvertes\u00a0\u00e0\u00a0la\u00a0circulation\u00a0des\u00a0v\u00e9hicules\u00a0ou\u00a0des\nchemins,\u00a0pistes\u00a0et\u00a0sentiers\u00a0ouverts\u00a0\u00e0\u00a0la\u00a0pratique\u00a0de\u00a0la\u00a0randonn\u00e9e,\u00a0du\u00a0ski\u00a0nordique,\u00a0du\u00a0cyclisme,\u00a0de\u00a0l'\u00e9quitation\u00a0ou\nde\u00a0toute\u00a0autre\u00a0activit\u00e9\u00a0de\u00a0loisirs\u00a0autoris\u00e9e,\u00a0les\u00a0coupes\u00a0sont\u00a0r\u00e9alis\u00e9es\u00a0de\u00a0telle\u00a0sorte\u00a0qu'elles\u00a0visent\u00a0un\u00a0objectif\u00a0de\nmaintien\u00a0d'un\u00a0arbre\u00a0(toutes\u00a0essences\u00a0confondues)\u00a0tous\u00a0les\u00a0dix\u00a0m\u00e8tres\u00a0sur\u00a0une\u00a0profondeur\u00a0maximale\u00a0\u00e9gale\u00a0\u00e0\u00a0la\nhauteur\u00a0moyenne\u00a0des\u00a0arbres.\u00a0Cet\u00a0objectif\u00a0peut\u00a0\u00eatre\u00a0adapt\u00e9,\u00a0sur\u00a0validation\u00a0de\u00a0la\u00a0R\u00e9serve\u00a0naturelle,\u00a0lors\u00a0de\u00a0la\u00a0visite\npr\u00e9alable\u00a0pr\u00e9vue\u00a0\u00e0\u00a0l'article\u00a03.1,\u00a0apr\u00e8s\u00a0une\u00a0analyse\u00a0circonstanci\u00e9e\u00a0des\u00a0diff\u00e9rents\u00a0\u00e9l\u00e9ments\u00a0d'appr\u00e9ciation\u00a0(contexte\nsylvicole,\u00a0fr\u00e9quentation\u00a0r\u00e9elle,\u00a0possibilit\u00e9s\u00a0de\u00a0d\u00e9viation,\u00a0enjeux\u00a0localis\u00e9s,\u2026).\nConform\u00e9ment\u00a0aux\u00a0dispositions\u00a0de\u00a0l'article\u00a0L.365-1\u00a0du\u00a0Code\u00a0de\u00a0l'environnement\u00a0susvis\u00e9,\u00a0d\u00e8s\u00a0lors\u00a0que\u00a0des\u00a0arbres\nmalades\u00a0ou\u00a0secs\u00a0sont\u00a0ainsi\u00a0maintenus\u00a0le\u00a0long\u00a0des\u00a0routes,\u00a0pistes,\u00a0chemins\u00a0et\u00a0sentiers,\u00a0une\u00a0information\u00a0du\u00a0public\u00a0sur\nle\u00a0risque\u00a0encouru\u00a0est\u00a0r\u00e9alis\u00e9e\u00a0a\u00a0minima\u00a0aux\u00a0entr\u00e9es\u00a0de\u00a0ces\u00a0axes,\u00a0en\u00a0des\u00a0lieux\u00a0et\u00a0dans\u00a0des\u00a0conditions\u00a0approuv\u00e9es\npar\u00a0la\u00a0R\u00e9serve\u00a0naturelle.\nLe\u00a0cas\u00a0\u00e9ch\u00e9ant,\u00a0de\u00a0fa\u00e7on\u00a0alternative\u00a0ou\u00a0compl\u00e9mentaire,\u00a0l'autorit\u00e9\u00a0comp\u00e9tente\u00a0peut\u00a0fermer\u00a0ou\u00a0d\u00e9vier\u00a0les\nitin\u00e9raires\u00a0concern\u00e9s\u00a0par\u00a0un\u00a0risque\u00a0\u00e9lev\u00e9\u00a0de\u00a0chute\u00a0d'arbres.\n3.8 Conservation d'arbres secs sur pied\nUne\u00a0fourchette\u00a0de\u00a010\u00a0\u00e0\u00a020\u00a0tiges\u00a0par\u00a0hectare\u00a0d'arbres\u00a0pr\u00e9f\u00e9rentiellement\u00a0secs\u00a0dans\u00a0les\u00a0peuplements\u00a0r\u00e9guliers\u00a0ou\nune\u00a0surface\u00a0terri\u00e8re\u00a0minimale\u00a0de\u00a010\u00a0m\u00b2\u00a0par\u00a0hectare\u00a0d'arbres\u00a0pr\u00e9f\u00e9rentiellement\u00a0secs\u00a0dans\u00a0les\u00a0peuplements\nirr\u00e9guliers\u00a0est\u00a0conserv\u00e9e\u00a0lors\u00a0des\u00a0coupes\u00a0sanitaires\u00a0autoris\u00e9es\u00a0\u00e0\u00a0l'article\u00a02.1\u00a0du\u00a0pr\u00e9sent\u00a0arr\u00eat\u00e9.\nLes\u00a0arbres\u00a0secs\u00a0sur\u00a0pied\u00a0sont\u00a0conserv\u00e9s\u00a0autant\u00a0que\u00a0possible\u00a0par\u00a0bouquets\u00a0de\u00a03\u00a0\u00e0\u00a04\u00a0tiges,\u00a0sauf\u00a0en\u00a0application\u00a0de\nl'article\u00a03.7.\nLe\u00a0nombre\u00a0exact\u00a0ou\u00a0la\u00a0surface\u00a0terri\u00e8re\u00a0exacte\u00a0d'arbres\u00a0secs\u00a0\u00e0\u00a0conserver\u00a0sont\u00a0d\u00e9termin\u00e9s\u00a0en\u00a0accord\u00a0avec\u00a0l'agent\u00a0de\nla\u00a0R\u00e9serve\u00a0naturelle\u00a0lors\u00a0de\u00a0la\u00a0visite\u00a0pr\u00e9alable\u00a0pr\u00e9vue\u00a0\u00e0\u00a0l'article\u00a03.1\u00a0du\u00a0pr\u00e9sent\u00a0arr\u00eat\u00e9,\u00a0en\u00a0tenant\u00a0compte\u00a0du\u00a0niveau\n01_Pref_Pr\u00e9fecture de l'Ain - 01-2026-02-10-00004 -  Arr\u00eat\u00e9 pr\u00e9fectoral\nd'autorisation pluriannuelle de travaux modifiant l'\u00e9tat et/ou l'aspect\nde la R\u00e9serve naturelle nationale de la Haute Cha\u00eene du Jura\nli\u00e9s \u00e0 la gestion sanitaire de la crise du scolyte de l'\u00e9pic\u00e9a et du sapin pectin\u00e9\n22\nd'enjeu\u00a0des\u00a0milieux\u00a0en\u00a0pr\u00e9sence\u00a0(cf.\u00a0article\u00a01.2),\u00a0du\u00a0nombre\u00a0r\u00e9el\u00a0d'arbres\u00a0secs\u00a0pr\u00e9sents\u00a0et\u00a0des\u00a0dispositions\u00a0pr\u00e9vues\n\u00e0\u00a0l'article\u00a03.7\u00a0du\u00a0pr\u00e9sent\u00a0arr\u00eat\u00e9.\u00a0Ce\u00a0nombre\u00a0ou\u00a0cette\u00a0surface\u00a0sont\u00a0pr\u00e9cis\u00e9s\u00a0et\u00a0\u00e9ventuellement\u00a0cartographi\u00e9s\u00a0dans\nle\u00a0compte-rendu\u00a0pr\u00e9vu\u00a0\u00e0\u00a0l'article\u00a03.1.\n3.9 Limitation du nombre d'interventions pour limiter la perturbation de la faune et la d\u00e9gradation des sols\nLe\u00a0nombre\u00a0d'interventions\u00a0visant\u00a0des\u00a0coupes\u00a0sanitaires\u00a0est\u00a0limit\u00e9\u00a0\u00e0\u00a0trois\u00a0par\u00a0parcelle\u00a0foresti\u00e8re\u00a0en\u00a05\u00a0ans\u00a0et\u00a0\u00e0\u00a0deux\npar\u00a0parcelle\u00a0foresti\u00e8re\u00a0dans\u00a0les\u00a0zones\u00a0\u00e0\u00a0enjeu\u00a0mod\u00e9r\u00e9\u00a0identifi\u00e9es\u00a0\u00e0\u00a0l'article\u00a01.2\u00a0du\u00a0pr\u00e9sent\u00a0arr\u00eat\u00e9.\nLe\u00a0nombre\u00a0total\u00a0de\u00a0coupes\u00a0(sanitaires\u00a0ou\u00a0courantes)\u00a0est\u00a0limit\u00e9\u00a0\u00e0\u00a0une\u00a0par\u00a0an\u00a0sur\u00a0cette\u00a0p\u00e9riode\u00a0de\u00a05\u00a0ans.\n3.10 Maintien de r\u00e9manents au sol pour la petite faune\nL'agent\u00a0de\u00a0la\u00a0R\u00e9serve\u00a0naturelle\u00a0et\u00a0le\u00a0gestionnaire\u00a0ou\u00a0exploitant\u00a0forestier\u00a0fixent,\u00a0lors\u00a0de\u00a0la\u00a0visite\u00a0pr\u00e9alable\u00a0pr\u00e9vue\u00a0\u00e0\nl'article\u00a03.1\u00a0et\u00a0couchent\u00a0dans\u00a0son\u00a0compte-rendu,\u00a0les\u00a0lieux\u00a0et\u00a0conditions\u00a0dans\u00a0lesquelles\u00a0sont\u00a0conserv\u00e9s\u00a0au\u00a0sol,\ndurant\u00a0toute\u00a0la\u00a0dur\u00e9e\u00a0de\u00a0la\u00a0pr\u00e9sente\u00a0autorisation,\u00a0des\u00a0r\u00e9manents\u00a0de\u00a0coupes\u00a0non\u00a0susceptibles\u00a0de\u00a0constituer\u00a0des\nr\u00e9servoirs\u00a0\u00e0\u00a0scolyte,\u00a0sous\u00a0r\u00e9serve\u00a0de\u00a0respecter\u00a0les\u00a0obligations\u00a0l\u00e9gales\u00a0de\u00a0d\u00e9broussaillement\u00a0en\u00a0vigueur.\n3.11 Pr\u00e9servation des ressources alimentaires cruciales du Grand t\u00e9tras en p\u00e9riode hivernale\nDans\u00a0les\u00a0zones\u00a0c\u0153ur\u00a0de\u00a0Grand\u00a0t\u00e9tras\u00a0correspondant\u00a0aux\u00a0places\u00a0de\u00a0chant\u00a0historiques\u00a0vis\u00e9es\u00a0au\u00a01.1\u00a0du\u00a0pr\u00e9sent\narr\u00eat\u00e9,\u00a0le\u00a0Sapin\u00a0pectin\u00e9\u00a0sain\u00a0n'est\u00a0pas\u00a0exploit\u00e9\u00a0pendant\u00a0toute\u00a0la\u00a0dur\u00e9e\u00a0de\u00a0la\u00a0pr\u00e9sente\u00a0autorisation.\nCette\u00a0disposition\u00a0n'est\u00a0pas\u00a0applicable\u00a0aux\u00a0propri\u00e9taires\u00a0qui\u00a0justifieraient\u00a0d'un\u00a0refus\u00a0pr\u00e9alable\u00a0de\u00a0se\u00a0voir\u00a0financer\u00a0la\nmise\u00a0en\u00a0\u0153uvre\u00a0de\u00a0cette\u00a0disposition\u00a0par\u00a0un\u00a0contrat\u00a0Natura\u00a02000.\u00a0Le\u00a0cas\u00a0\u00e9ch\u00e9ant,\u00a0la\u00a0preuve\u00a0de\u00a0ce\u00a0refus\u00a0doit\u00a0\u00eatre\ntransmise\u00a0\u00e0\u00a0la\u00a0R\u00e9serve\u00a0naturelle\u00a0avant\u00a0la\u00a0r\u00e9alisation\u00a0de\u00a0toute\u00a0coupe\u00a0de\u00a0Sapin\u00a0pectin\u00e9\u00a0dans\u00a0ces\u00a0zones.\n3.12 Bilan annuel des coupes et travaux forestiers\nLes\u00a0propri\u00e9taires\u00a0forestiers\u00a0r\u00e9alisent\u00a0et\u00a0transmettent\u00a0\u00e0\u00a0la\u00a0R\u00e9serve\u00a0naturelle,\u00a0chacun\u00a0en\u00a0ce\u00a0qui\u00a0les\u00a0concerne,\u00a0un\nbilan\u00a0des\u00a0coupes\u00a0sanitaires\u00a0et\u00a0des\u00a0travaux\u00a0annuels\u00a0effectu\u00e9s\u00a0en\u00a0application\u00a0du\u00a0pr\u00e9sent\u00a0arr\u00eat\u00e9\u00a0avant\u00a0le\u00a031\u00a0mars\u00a0de\nl'ann\u00e9e\u00a0suivante.\nCe\u00a0bilan\u00a0int\u00e8gre\u00a0a minima \u00a0le\u00a0num\u00e9ro\u00a0et\u00a0la\u00a0localisation\u00a0des\u00a0parcelles\u00a0pass\u00e9es\u00a0en\u00a0coupe\u00a0sanitaire\u00a0ou\u00a0ayant\u00a0fait\nl'objet\u00a0de\u00a0plantations\u00a0suites\u00a0\u00e0\u00a0des\u00a0coupes\u00a0sanitaires,\u00a0le\u00a0volume\u00a0de\u00a0bois\u00a0ou\u00a0le\u00a0nombre\u00a0d'arbres\u00a0coup\u00e9s,\u00a0le\u00a0nombre\nd'arbres\u00a0secs\u00a0ou\u00a0scolyt\u00e9s\u00a0maintenus\u00a0sur\u00a0pied,\u00a0les\u00a0modalit\u00e9s\u00a0de\u00a0plantation\u00a0\u00e9ventuelles\u00a0et\u00a0les\u00a0essences\u00a0recherch\u00e9es\ndans\u00a0la\u00a0gestion\u00a0future.\nLes\u00a0bilans\u00a0sont\u00a0synth\u00e9tis\u00e9s\u00a0et\u00a0pr\u00e9sent\u00e9s\u00a0par\u00a0le\u00a0gestionnaire\u00a0de\u00a0la\u00a0R\u00e9serve\u00a0naturelle\u00a0pour\u00a0information\u00a0au\u00a0comit\u00e9\nconsultatif\u00a0suivant.\n3.13 Suivi de l'impact de la gestion sanitaire sur les \u00e9cosyst\u00e8mes forestiers de la R\u00e9serve\nL'\u00c9tat\u00a0s'engage\u00a0\u00e0\u00a0financer\u00a0un\u00a0programme\u00a0de\u00a0suivi\u00a0de\u00a0l'impact\u00a0de\u00a0la\u00a0gestion\u00a0sanitaire\u00a0en\u00a0R\u00e9serve\u00a0naturelle,\u00a0impos\u00e9e\npar\u00a0la\u00a0crise\u00a0du\u00a0scolyte\u00a0sur\u00a0l'Epic\u00e9a\u00a0commun\u00a0et\u00a0le\u00a0Sapin\u00a0pectin\u00e9.\u00a0Celui-ci\u00a0est\u00a0mis\u00a0en\u00a0\u0153uvre\u00a0sous\u00a0la\u00a0responsabilit\u00e9\u00a0du\ngestionnaire\u00a0de\u00a0la\u00a0R\u00e9serve\u00a0naturelle,\u00a0avec\u00a0l'appui\u00a0de\u00a0son\u00a0Conseil\u00a0scientifique.\u00a0Les\u00a0propri\u00e9taires\u00a0forestiers\u00a0sont\ninvit\u00e9s\u00a0\u00e0\u00a0mettre\u00a0\u00e0\u00a0disposition\u00a0les\u00a0parcelles\u00a0qui\u00a0seraient\u00a0concern\u00e9es\u00a0par\u00a0ces\u00a0suivis\u00a0pour\u00a0le\u00a0bon\u00a0d\u00e9roulement\u00a0de\nl'\u00e9tude.\nLes\u00a0grands\u00a0axes\u00a0de\u00a0ce\u00a0programme\u00a0et\u00a0ses\u00a0r\u00e9sultats\u00a0sont\u00a0pr\u00e9sent\u00e9s\u00a0au\u00a0fil\u00a0de\u00a0l'eau\u00a0au\u00a0comit\u00e9\u00a0consultatif\u00a0de\u00a0la\u00a0R\u00e9serve\nnaturelle\u00a0et\u00a0transmis,\u00a0sous\u00a0forme\u00a0de\u00a0bilan\u00a0quinquennal\u00a0au\u00a0CSRPN\u00a0Auvergne-Rh\u00f4ne-Alpes\u00a0dans\u00a0l'ann\u00e9e\u00a0suivant\u00a0la\nfin\u00a0de\u00a0la\u00a0pr\u00e9sente\u00a0autorisation.\nARTICLE 4     : Droit des tiers  \nLa\u00a0pr\u00e9sente\u00a0autorisation\u00a0est\u00a0accord\u00e9e\u00a0sans\u00a0pr\u00e9judice\u00a0du\u00a0droit\u00a0des\u00a0tiers,\u00a0en\u00a0particulier\u00a0celui\u00a0de\u00a0la\u00a0propri\u00e9t\u00e9\u00a0priv\u00e9e\net\u00a0sous\u00a0r\u00e9serve\u00a0du\u00a0respect\u00a0des\u00a0autres\u00a0l\u00e9gislations\u00a0et\u00a0r\u00e9glementations\u00a0en\u00a0vigueur.\nARTICLE 5     : Sanctions  \nLe\u00a0non-respect\u00a0de\u00a0la\u00a0pr\u00e9sente\u00a0autorisation,\u00a0et\u00a0notamment\u00a0des\u00a0prescriptions\u00a0fix\u00e9es\u00a0\u00e0\u00a0l'article\u00a02\u00a0ci-dessus,\u00a0est\npassible\u00a0des\u00a0sanctions\u00a0pr\u00e9vues\u00a0pour\u00a0les\u00a0infractions\u00a0p\u00e9nales\u00a0d\u00e9finies\u00a0et\u00a0r\u00e9prim\u00e9es\u00a0par\u00a0les\u00a0articles\u00a0R.332-69\u00a0\u00e0\u00a0R.332-\n81\u00a0du\u00a0Code\u00a0de\u00a0l'environnement.\n01_Pref_Pr\u00e9fecture de l'Ain - 01-2026-02-10-00004 -  Arr\u00eat\u00e9 pr\u00e9fectoral\nd'autorisation pluriannuelle de travaux modifiant l'\u00e9tat et/ou l'aspect\nde la R\u00e9serve naturelle nationale de la Haute Cha\u00eene du Jura\nli\u00e9s \u00e0 la gestion sanitaire de la crise du scolyte de l'\u00e9pic\u00e9a et du sapin pectin\u00e9\n23\nARTICLE 6     : Recours  \nLe\u00a0pr\u00e9sent\u00a0arr\u00eat\u00e9\u00a0peut\u00a0faire\u00a0l'objet\u00a0d'un\u00a0recours\u00a0gracieux\u00a0aupr\u00e8s\u00a0de\u00a0son\u00a0auteur\u00a0dans\u00a0un\u00a0d\u00e9lai\u00a0de\u00a0deux\u00a0mois\u00a0\u00e0\ncompter\u00a0de\u00a0sa\u00a0date\u00a0de\u00a0publication,\u00a0ou\u00a0d'un\u00a0recours\u00a0contentieux\u00a0devant\u00a0le\u00a0tribunal\u00a0administratif\u00a0de\u00a0LYON\u00a0\u00e0\nl'adresse\u00a0suivante\u00a0:\u00a0Palais\u00a0des\u00a0juridictions\u00a0administratives\u00a0\u2013\u00a0184\u00a0rue\u00a0Duguesclin\u00a0\u2013\u00a069\u00a0433\u00a0LYON\u00a0Cedex\u00a003,\u00a0dans\u00a0les\nm\u00eames\u00a0conditions\u00a0de\u00a0d\u00e9lai.\u00a0Il\u00a0peut\u00a0\u00eatre\u00a0\u00e9galement\u00a0formul\u00e9\u00a0sur\u00a0le\u00a0site\u00a0www.telerecours.fr\nARTICLE 7     : Ex\u00e9cution  \nLa\u00a0secr\u00e9taire\u00a0g\u00e9n\u00e9rale\u00a0de\u00a0la\u00a0pr\u00e9fecture\u00a0de\u00a0l'Ain,\u00a0le\u00a0directeur\u00a0r\u00e9gional\u00a0de\u00a0l'environnement,\u00a0de\u00a0l'am\u00e9nagement\u00a0et\u00a0du\nlogement\u00a0Rh\u00f4ne-Alpes,\u00a0le\u00a0chef\u00a0du\u00a0service\u00a0d\u00e9partemental\u00a0de\u00a0l'Office\u00a0fran\u00e7ais\u00a0pour\u00a0la\u00a0Biodiversit\u00e9,\u00a0le\u00a0chef\u00a0de\nl'agence\u00a0interd\u00e9partementale\u00a0Ain-Loire-Rh\u00f4ne\u00a0de\u00a0l'Office\u00a0national\u00a0des\u00a0for\u00eats,\u00a0le\u00a0colonel\u00a0du\u00a0groupement\u00a0de\ngendarmerie\u00a0de\u00a0l'Ain,\u00a0et\u00a0les\u00a0agents\u00a0commissionn\u00e9s\u00a0et\u00a0asserment\u00e9s\u00a0de\u00a0la\u00a0R\u00e9serve\u00a0naturelle\u00a0nationale\u00a0de\u00a0la\u00a0Haute\nCha\u00eene\u00a0du\u00a0Jura\u00a0sont\u00a0charg\u00e9s\u00a0chacun\u00a0en\u00a0ce\u00a0qui\u00a0le\u00a0concerne\u00a0de\u00a0l'ex\u00e9cution\u00a0du\u00a0pr\u00e9sent\u00a0arr\u00eat\u00e9.\nGex,\u00a0le\u00a010/02/26\u00a0\u00a0\u00a0\u00a0\u00a0\u00a0\u00a0\u00a0\u00a0\u00a0\u00a0\u00a0\u00a0\u00a0\u00a0\u00a0\u00a0\u00a0\u00a0\u00a0\u00a0\u00a0\u00a0\u00a0\u00a0\u00a0\u00a0\u00a0\n\u00a0\u00a0\u00a0\u00a0\u00a0\u00a0\u00a0\u00a0\u00a0\u00a0\u00a0\u00a0\u00a0\u00a0\u00a0\u00a0\u00a0\u00a0\u00a0\u00a0\u00a0\u00a0\u00a0\u00a0\u00a0\u00a0\u00a0\u00a0\u00a0\u00a0\u00a0\u00a0\u00a0\u00a0\u00a0\u00a0\u00a0\u00a0\u00a0\u00a0\u00a0\u00a0\u00a0\u00a0\u00a0\u00a0\u00a0\u00a0\u00a0\u00a0\u00a0\u00a0\u00a0\u00a0\u00a0\u00a0\u00a0\u00a0\u00a0\u00a0\u00a0\u00a0\u00a0\u00a0\u00a0\u00a0\u00a0\u00a0\u00a0\u00a0\u00a0\u00a0\u00a0\u00a0\u00a0\u00a0\u00a0\u00a0\u00a0\u00a0\u00a0\u00a0\u00a0\u00a0\u00a0\u00a0\u00a0\u00a0\u00a0\u00a0\u00a0\u00a0\u00a0\u00a0\u00a0\u00a0\u00a0\u00a0\u00a0\u00a0\u00a0\u00a0\u00a0\u00a0\u00a0\u00a0\u00a0\u00a0\u00a0\u00a0\u00a0\u00a0\u00a0\u00a0\u00a0\u00a0\u00a0\u00a0\u00a0\u00a0\u00a0\u00a0\u00a0\u00a0\u00a0Pour\u00a0le\u00a0pr\u00e9fet\u00a0et\u00a0par\u00a0d\u00e9l\u00e9gation,\n\u00a0\u00a0\u00a0\u00a0\u00a0\u00a0\u00a0\u00a0\u00a0\u00a0\u00a0\u00a0\u00a0\u00a0\u00a0\u00a0\u00a0\u00a0\u00a0\u00a0\u00a0\u00a0\u00a0\u00a0\u00a0\u00a0\u00a0\u00a0\u00a0\u00a0\u00a0\u00a0\u00a0\u00a0\u00a0\u00a0\u00a0\u00a0\u00a0\u00a0\u00a0\u00a0\u00a0\u00a0\u00a0\u00a0\u00a0\u00a0\u00a0\u00a0\u00a0\u00a0\u00a0\u00a0\u00a0\u00a0\u00a0\u00a0\u00a0\u00a0\u00a0\u00a0\u00a0\u00a0\u00a0\u00a0\u00a0\u00a0\u00a0\u00a0\u00a0\u00a0\u00a0\u00a0\u00a0\u00a0\u00a0\u00a0\u00a0\u00a0\u00a0\u00a0\u00a0\u00a0\u00a0\u00a0\u00a0\u00a0\u00a0\u00a0\u00a0\u00a0\u00a0\u00a0\u00a0\u00a0\u00a0\u00a0\u00a0\u00a0\u00a0\u00a0\u00a0\u00a0\u00a0\u00a0\u00a0\u00a0\u00a0\u00a0\u00a0\u00a0\u00a0\u00a0\u00a0\u00a0\u00a0\u00a0\u00a0\u00a0\u00a0\u00a0\u00a0\u00a0\u00a0Le\u00a0sous-pr\u00e9fet\u00a0de\u00a0Gex\nSign\u00e9\n\u00a0\u00a0\u00a0\u00a0\u00a0\u00a0\u00a0Jo\u00ebl\u00a0BOURGEOT\n01_Pref_Pr\u00e9fecture de l'Ain - 01-2026-02-10-00004 -  Arr\u00eat\u00e9 pr\u00e9fectoral\nd'autorisation pluriannuelle de travaux modifiant l'\u00e9tat et/ou l'aspect\nde la R\u00e9serve naturelle nationale de la Haute Cha\u00eene du Jura\nli\u00e9s \u00e0 la gestion sanitaire de la crise du scolyte de l'\u00e9pic\u00e9a et du sapin pectin\u00e9\n24","date":"2026-02-10","first_seen_on":"2026-02-10T17:09:30+00:00","id":"a491e164cf195a7c9c719ea3df0c83057c569c6a5d70a90e39aeb9c4dcd91d6f","name":"recueil-01-2026-038-recueil-des-actes-administratifs-special 10-02-2026  . pdf","pdf_creation_date":"2026-02-10T16:05:54+00:00","pdf_modification_date":null,"timezone":"Europe/Paris","url":"https://www.ain.gouv.fr/contenu/telechargement/34656/242122/file/recueil-01-2026-038-recueil-des-actes-administratifs-special%2010-02-2026%20%20.%20pdf.pdf"}
