{"administration":"pref21","administration_name":"Pr\u00e9fecture de C\u00f4te-d\u2019Or","content":"PR\u00c9FET\nDE LA C\u00d4TE-D'OR\nRECUEIL DES ACTES\nADMINISTRATIFS SP\u00c9CIAL\nN\u00b021-2024-172\nPUBLI\u00c9 LE 12 D\u00c9CEMBRE 2024\nSommaire\nARS Bourgogne-Franche-Comt\u00e9 / Direction de l'organisation des soins\n21-2024-12-11-00002 - D\u00e9cision n\u00b0 ARS-BFC-DOSA-2024-2631\nportant\nautorisation de la pharmacie \u00e0 usage int\u00e9rieur de l'\u00e9tablissement\nde sant\u00e9 exploit\u00e9 par l'association \u00ab Santelys\nBourgogne-Franche-Comt\u00e9 \u00bb, sis 4 rue de la Brot \u00e0 SAINT-APOLLINAIRE\n(21 850) (3 pages) Page 4\n21-2024-12-10-00003 - D\u00e9cision n\u00b0 ARS-BFC-DOSA-2024-2633\nportant\nautorisation de la pharmacie \u00e0 usage int\u00e9rieur du Centre hospitalier\nd'Auxonne, sis 5 rue du ch\u00e2teau \u00e0 AUXONNE (21 130) (3 pages) Page 8\nDirection d\u00e9partementale des territoires de la C\u00f4te-d'Or / Cellule\n\u00c9ducation routi\u00e8re\n21-2024-12-09-00005 - Arr\u00eat\u00e9 N\u00b0 1865\nautorisant le renouvellement\nquinquennal de l'agr\u00e9ment permettant \u00e0 Monsieur CRETIN \nSt\u00e9phane d'exploiter un \u00e9tablissement d'enseignement, \u00e0 titre\non\u00e9reux, de  la conduite des v\u00e9hicules \u00e0 moteur et de la s\u00e9curit\u00e9\nrouti\u00e8re, \nsous le n\u00b0 E  14 021 0002 0\nd\u00e9nomm\u00e9\n\u00ab\u00a0AUTO-\u00c9COLE NOTRE-DAME II\u00bb\nsitu\u00e9 3, boulevard Eiffel -\n21600 LONGVIC (3 pages) Page 12\n21-2024-12-09-00004 - Arr\u00eat\u00e9 N\u00b0 1866\nPortant cr\u00e9ation d'un\n\u00e9tablissement d'enseignement de la conduite automobile\nd\u00e9nomm\u00e9 \u00ab\u00a0Auto-\u00e9cole GREN\u00a0\u00bb situ\u00e9 4, Rond-Point Francis\nCarco - 21400 CH\u00c2TILLON-sur-SEINE\u00a0 (3 pages) Page 16\nDirection d\u00e9partementale des territoires de la C\u00f4te-d'Or / Service de l'eau\net des risques\n21-2024-12-10-00004 - Arr\u00eat\u00e9 pr\u00e9fectoral compl\u00e9mentaire n\u00b0 1854\ndu 10 d\u00e9cembre 2024 portant modification de l'arr\u00eat\u00e9 du 06\nnovembre 2017 portant renouvellement de l'autorisation d'exploiter le\nsyst\u00e8me d'assainissement de PLUVET. (5 pages) Page 20\nDRFiP Bourgogne Franche-Comt\u00e9 /\n21-2024-12-11-00001 - Arr\u00eat\u00e9 relatif \u00e0 la fermeture exceptionnelle du\nservice de publicit\u00e9 fonci\u00e8re et de l'enregistrement de Dijon (1 page) Page 26\nPr\u00e9fecture de la C\u00f4te-d'Or / Direction des Collectivit\u00e9s locales et des\nElections\n21-2024-12-12-00001 - Arr\u00eat\u00e9 pr\u00e9fectoral 1871 fixant les tarifs de\nremboursement des documents \u00e9lectoraux pour les \u00e9lections des\nmembres \u00e0 la chambre d'agriculture (3 pages) Page 28\n21-2024-12-09-00006 - Arr\u00eat\u00e9 pr\u00e9fectoral portant modification de la\ncomposition de la commission d\u00e9partementale de la coop\u00e9ration\nintercommunale (CDCI) de la C\u00f4te-d'Or  (5 pages) Page 32\n2\nPr\u00e9fecture de la C\u00f4te-d'Or / Direction des s\u00e9curit\u00e9s\n21-2024-12-11-00003 - AP 1869 portant encadrement de supporters (3\npages) Page 38\n3\nARS Bourgogne-Franche-Comt\u00e9\nDirection de l'organisation des soins\n21-2024-12-11-00002\nD\u00e9cision n\u00b0 ARS-BFC-DOSA-2024-2631\nportant autorisation de la pharmacie \u00e0 usage\nint\u00e9rieur de l'\u00e9tablissement de sant\u00e9 exploit\u00e9 par\nl'association \u00ab Santelys\nBourgogne-Franche-Comt\u00e9 \u00bb, sis 4 rue de la Brot\n\u00e0 SAINT-APOLLINAIRE (21 850)\nARS Bourgogne-Franche-Comt\u00e9 - 21-2024-12-11-00002 - D\u00e9cision n\u00b0 ARS-BFC-DOSA-2024-2631\nportant autorisation de la pharmacie \u00e0 usage int\u00e9rieur de l'\u00e9tablissement de sant\u00e9 exploit\u00e9 par l'association \u00ab Santelys\nBourgogne-Franche-Comt\u00e9 \u00bb, sis 4 rue de la Brot \u00e0 SAINT-APOLLINAIRE (21 850)\n4\nREPUBLIQUEFRAN\u00c7AISEL'iberte'Egalit\u00e9Fraternit\u00e9\nAl@ D Agence R\u00e9gionale de Sant\u00e9Bourgogne-Franche-Comt\u00e9\n  \n \nARS Bourgogne-Franche-Comt\u00e9 \nLe Diapason, 2 Place des Savoirs, CS 73535, 21035 Dijon cedex \nT\u00e9l. : 0808 807 107 - Site : www.ars.bourgogne-franche-comte.sante.fr \n \n \n \n \n \nD\u00e9cision n\u00b0 ARS-BFC-DOSA-2024-2631 \nportant autorisation de la pharmacie \u00e0 usage int\u00e9rieur de l'\u00e9tablissement de sant\u00e9 exploit\u00e9 par \nl'association \u00ab Santelys Bourgogne-Franche-Comt\u00e9 \u00bb, sis 4 rue de la Brot \u00e0 SAINT-APOLLINAIRE (21 850) \n \nLe directeur g\u00e9n\u00e9ral de l'agence  \nr\u00e9gionale de sant\u00e9 de Bourgogne-Franche-Comt\u00e9 \n \nVU le code de la sant\u00e9 publique, notamment le chapitre VI du titre II du livre 1er de sa cinqui\u00e8me partie ; \n \nVU le d\u00e9cret n\u00b0 2019 -489 du 21 mai 2019 relatif aux pharmacies \u00e0 usage int\u00e9rieur et notamment le II de son \narticle 4 modifi\u00e9 par le d\u00e9cret n\u00b0 2022-18 du 7 janvier 2022 ; \n \nVU l'arr\u00eat\u00e9 minist\u00e9riel du 22 juin 2001 relatif aux bonnes pratiques de pharmacie hospitali\u00e8re  ; \n \nVU la note d'information DGOS/PF2/2019/205 du 19 septembre 2019 relative \u00e0 la mise en \u0153uvre des dispositions \ntransitoires pr\u00e9vues \u00e0 l'article 4 du d\u00e9cret n\u00b02019-489 du 21 mai 2019 relatif aux pharmacies \u00e0 usage int\u00e9rieur ; \n \nVU la d\u00e9cision ARS BFC/SG/2024-067 portant d\u00e9l\u00e9gation de signature du directeur g\u00e9n\u00e9ral de l'agence r\u00e9gionale \nde sant\u00e9 de Bourgogne-Franche-Comt\u00e9 en date du 12 novembre 2024 ; \n \nVU la demande d\u00e9pos\u00e9e le 24 octobre 2024 via la plate -forme demarches-simplifiee.fr, par Monsieur Fran\u00e7ois \nJAGER, directeur d\u00e9l\u00e9gu\u00e9 de  l'association \u00ab Santelys Bourgogne -Franche-Comt\u00e9 \u00bb, service d'hospitalisation \u00e0 \ndomicile (HAD) sp\u00e9cialis\u00e9 dans le traitement de l'insuffisance r\u00e9nale chronique par \u00e9puration extrar\u00e9nale,  sis 4 \nrue de la Brot \u00e0 SAINT -APOLLINAIRE (21 850) , visant \u00e0 obtenir du directeur g\u00e9n\u00e9ral de l'agence r\u00e9gionale de \nsant\u00e9 de Bourgogne -Franche-Comt\u00e9 le renouvellement de l'autorisation de la pharmacie \u00e0 usage int\u00e9rieur de \nl'\u00e9tablissement. Cette demande  s'inscrit dans le cadre du I de l'article L.5126-4 du code de la sant\u00e9 publique  et \ndes dispositions du II de l'article 4 du d\u00e9cret n\u00b0 2019-489 du 21 mai 2019 modifi\u00e9 susvis\u00e9 ; \n \nVU le dossier accompagnant la demande pr\u00e9cit\u00e9e, d\u00e9clar\u00e9 complet le 24 octobre 2024 ; \n \nConsid\u00e9rant que le dossier transmis \u00e0 l'appui de la pr\u00e9sente demande est identique \u00e0 celui sur la base duquel \nl'autorisation en cours du  04 juillet 2016 a \u00e9t\u00e9 d\u00e9livr\u00e9e  et qu'aucune modification substantielle, au sens du I de \nl'article R.5126-32 du code de la sant\u00e9 publique, n'est intervenue ; \n \nConsid\u00e9rant ainsi que la proc\u00e9dure de d\u00e9claration pr\u00e9alable pr\u00e9vue au I de l'article R5126 -32 s'applique, sans \nrecueil de l'avis du conseil central de la section H de l'ordre national des pharmaciens  ; \n \nConsid\u00e9rant que conform\u00e9ment aux dispositions de l'article R. 5126-8 du code de la sant\u00e9 publique, la pharmacie \n\u00e0 usage int\u00e9rieur d e l'\u00e9tablissement de sant\u00e9 exploit\u00e9 par l'association \u00ab  Santelys Bourgogne-Franche-Comt\u00e9 \u00bb \ndispose de locaux, de moyens en personnel, de moyens en \u00e9quipement et d'un syst\u00e8me d'information lui \npermettant d'assurer les missions vis\u00e9es au I de l'article L. 5126-1 du m\u00eame code. \n \n            \u2026/\u2026 \n \nARS Bourgogne-Franche-Comt\u00e9 - 21-2024-12-11-00002 - D\u00e9cision n\u00b0 ARS-BFC-DOSA-2024-2631\nportant autorisation de la pharmacie \u00e0 usage int\u00e9rieur de l'\u00e9tablissement de sant\u00e9 exploit\u00e9 par l'association \u00ab Santelys\nBourgogne-Franche-Comt\u00e9 \u00bb, sis 4 rue de la Brot \u00e0 SAINT-APOLLINAIRE (21 850)\n5\n \nARS Bourgogne-Franche-Comt\u00e9 \nLe Diapason, 2 Place des Savoirs, CS 73535, 21035 Dijon cedex \nT\u00e9l. : 0808 807 107 - Site : www.ars.bourgogne-franche-comte.sante.fr \n \nDECIDE  \n \nArticle 1er : La pharmacie \u00e0 usage int\u00e9rieur  de l'\u00e9tablissement de sant\u00e9 exploit\u00e9 par l'association \u00ab  Santelys \nBourgogne-Franche-Comt\u00e9, sis 4 rue de la Brot \u00e0 SAINT -APOLLINAIRE (21  850), est autoris\u00e9e \u00e0 assurer les \nmissions suivantes en application du I de l'article L. 5126-1 du code de la sant\u00e9 publique : \n \n- Assurer l a gestion, l'approvisionnement, la v\u00e9rification des dispositifs de s\u00e9curit\u00e9, la pr\u00e9paration, le \ncontr\u00f4le, la d\u00e9tention, l'\u00e9valuation et la dispensation des m\u00e9dicaments, produits ou objets mentionn\u00e9s \u00e0 \nl'article L. 4211-1, des dispositifs mentionn\u00e9s \u00e0 l'article premier du r\u00e8glement (UE) 2017/745 du Parlement \neurop\u00e9en et du Conseil du 5 avril 2017 st\u00e9riles et des m\u00e9dicaments exp\u00e9rimentaux ou auxiliaires d\u00e9finis \n\u00e0 l'article L. 5121-1-1, et d'en assurer la qualit\u00e9 ; \n \n- Mener toute action de pharmacie clinique, \u00e0 savoir de contribuer \u00e0 la s\u00e9curisation, \u00e0 la pertinence et \u00e0 \nl'efficience du recours aux produits de sant\u00e9 mentionn\u00e9s au 1\u00b0 et de concourir \u00e0 la qualit\u00e9 des soins, en \ncollaboration avec les autres membres de l'\u00e9q uipe de soins mentionn\u00e9e \u00e0 l'article L. 1110 -12, et en y \nassociant le patient ; \n \n- Entreprendre toute action d'information aux patients et aux professionnels de sant\u00e9 sur les produits de \nsant\u00e9 mentionn\u00e9s au 1\u00b0, ainsi que toute action de promotion et d'\u00e9valuation de leur bon usage, et de \nconcourir \u00e0 la pharmacovigilance, \u00e0 la mat\u00e9riovigilance, et \u00e0 la politique du m\u00e9dicament et des dispositifs \nmentionn\u00e9s \u00e0 l'article premier du r\u00e8glement (UE) 2017/745 du Parlement europ\u00e9en et du Conseil du 5 \navril 2017 st\u00e9riles mentionn\u00e9e \u00e0 l'article L. 6111-2. \n \nArticle 2 : La pharmacie \u00e0 usage int\u00e9rieur de l'\u00e9tablissement de sant\u00e9 exploit\u00e9 par l'association \u00ab Santelys \nBourgogne-Franche-Comt\u00e9 est autoris\u00e9e \u00e0 assurer les actions de pharmacie clinique pr\u00e9vues par l'article R. 5126-\n10 du code de la sant\u00e9 publique. \n \nArticle 3 : La soci\u00e9t\u00e9 anonyme (SA) \u00ab  Air Liquide \u00bb, sise 75 quai d'Orsay \u00e0 PARIS (75  007), d\u00e9livre des gaz \u00e0 \nusage m\u00e9dicaux destin\u00e9s \u00e0 des patients hospitalis\u00e9s \u00e0 domicile, dans les conditions pr\u00e9vues par l'article R. 5126-\n20 du code de la sant\u00e9 publique , pour le compte de la pharmacie \u00e0 usage int\u00e9rieur de l'\u00e9tablissement de sant\u00e9 \nexploit\u00e9 par l'association \u00ab Santelys Bourgogne-Franche-Comt\u00e9 \u00bb. \n \nArticle 4 : La pharmacie \u00e0 usage int\u00e9rieur de l'\u00e9tablissement de sant\u00e9 exploit\u00e9 par l'association \u00ab Santelys \nBourgogne-Franche-Comt\u00e9 \u00bb e st situ\u00e9e au sous -sol du b\u00e2timent o\u00f9 est install\u00e9 le si\u00e8ge administratif de \nl'association gestionnaire, sis 4 rue de la Brot \u00e0 SAINT-APOLLINAIRE (21 850), elle dessert l'ensemble des unit\u00e9s \nde dialyse autoris\u00e9es, ainsi que les patients en dialyse \u00e0 domicile de Bourgogne -Franche-Comt\u00e9 et du nord de \nl'Ain.  \n \nArticle 5 : L'autorisation de la pharmacie \u00e0 usage int\u00e9rieur de l'\u00e9tablissement de sant\u00e9 exploit\u00e9 par l'association \n\u00ab Santelys Bourgogne-Franche-Comt\u00e9 \u00bb, sis 4 rue de la Brot \u00e0 SAINT -APOLLINAIRE (21 850), d\u00e9livr\u00e9e le 04 \njuillet 2016 par le directeur g\u00e9n\u00e9ral de l'agence r\u00e9gionale de sant\u00e9 de Bourgogne-Franche-Comt\u00e9, est abrog\u00e9e. \n \nArticle 6 : Le temps de pr\u00e9sence du pharmacien charg\u00e9 de la g\u00e9rance de la pharmacie \u00e0 usage int\u00e9rieur de \nl'\u00e9tablissement de sant\u00e9 exploit\u00e9 par l'association \u00ab Santelys Bourgogne -Franche-Comt\u00e9 \u00bb est de  huit demi-\njourn\u00e9es par semaine. \n \nArticle 7 : A l'exception des modifications substantielles mentionn\u00e9es au II de l'article R. 5126 -32 du code de la \nsant\u00e9 publique, qui font l'objet d'une nouvelle autorisation, la modification des \u00e9l\u00e9ments figurant dans l'autorisation \nfait l'objet d'une d\u00e9claration pr\u00e9alable dans les conditions pr\u00e9vues au I de l'article R. 5126-32 du m\u00eame code. \n \nArticle 8 : La pr\u00e9sente d\u00e9cision peut faire l'objet d'un recours gracieux aupr\u00e8s du directeur g\u00e9n\u00e9ral de l'agence \nr\u00e9gionale de sant\u00e9 de Bourgogne -Franche-Comt\u00e9, d'un recours hi\u00e9rarchique aupr\u00e8s du ministre  en charge de la \nSant\u00e9 ou d'un recours contentieux aupr\u00e8s du tribunal administratif comp\u00e9tent d ans un d\u00e9lai de deux mois \u00e0 \ncompter de sa notification au demandeur.  \nA l'\u00e9gard des tiers, ce d\u00e9lai court \u00e0 compter de la publication aux recueils des actes administratifs de la pr\u00e9fecture \nde la r\u00e9gion Bourgogne -Franche-Comt\u00e9 et de la pr\u00e9fecture du d\u00e9partement d e l a C\u00f4te d'Or . Le tribunal \nadministratif peut \u00eatre saisi par l'application T\u00e9l\u00e9recours citoyens accessible par le site www.telerecours.fr.  \n         \nARS Bourgogne-Franche-Comt\u00e9 - 21-2024-12-11-00002 - D\u00e9cision n\u00b0 ARS-BFC-DOSA-2024-2631\nportant autorisation de la pharmacie \u00e0 usage int\u00e9rieur de l'\u00e9tablissement de sant\u00e9 exploit\u00e9 par l'association \u00ab Santelys\nBourgogne-Franche-Comt\u00e9 \u00bb, sis 4 rue de la Brot \u00e0 SAINT-APOLLINAIRE (21 850)\n6\ns\\g\"\u00e9\n \nARS Bourgogne-Franche-Comt\u00e9 \nLe Diapason, 2 Place des Savoirs, CS 73535, 21035 Dijon cedex \nT\u00e9l. : 0808 807 107 - Site : www.ars.bourgogne-franche-comte.sante.fr \n \nArticle 9 : La directrice de l'organisation des soins et de l'autonomie de l'ARS de Bourgogne-Franche-Comt\u00e9 est \ncharg\u00e9e de l'ex\u00e9cution de la pr\u00e9sente d\u00e9cision qui sera publi\u00e9e au recueil des actes administratifs de la pr\u00e9fecture \nde la r\u00e9gion Bourgogne-Franche-Comt\u00e9 et au recueil des actes administratifs de la pr\u00e9fecture du d\u00e9partement de \nla C\u00f4te d'Or . Elle sera notifi\u00e9e  \u00e0 Monsieur Fran\u00e7ois JAGER, directeur d\u00e9l\u00e9gu\u00e9 de l'association \u00ab Santelys \nBourgogne-Franche-Comt\u00e9 \u00bb, et une copie sera adress\u00e9e : \n \n- au pr\u00e9sident du conseil central de la Section H de l'Ordre des pharmaciens ;  \n- \u00e0 la directrice g\u00e9n\u00e9rale de l'agence r\u00e9gionale de sant\u00e9 d'Auvergne-Rh\u00f4ne-Alpes ; \n- aux caisses d'assurance-maladie du r\u00e9gime g\u00e9n\u00e9ral et de la mutualit\u00e9 sociale agricole. \n \n   Fait \u00e0 DIJON, le 10 d\u00e9cembre 2024  \n \nPour le directeur g\u00e9n\u00e9ral, \nLa directrice de l'organisation des soins et de l'autonomie, \n \n \n \n \n \n \n \nAnne-Laure MOSER-MOULAA \nARS Bourgogne-Franche-Comt\u00e9 - 21-2024-12-11-00002 - D\u00e9cision n\u00b0 ARS-BFC-DOSA-2024-2631\nportant autorisation de la pharmacie \u00e0 usage int\u00e9rieur de l'\u00e9tablissement de sant\u00e9 exploit\u00e9 par l'association \u00ab Santelys\nBourgogne-Franche-Comt\u00e9 \u00bb, sis 4 rue de la Brot \u00e0 SAINT-APOLLINAIRE (21 850)\n7\nARS Bourgogne-Franche-Comt\u00e9\nDirection de l'organisation des soins\n21-2024-12-10-00003\nD\u00e9cision n\u00b0 ARS-BFC-DOSA-2024-2633\nportant autorisation de la pharmacie \u00e0 usage\nint\u00e9rieur du Centre hospitalier d'Auxonne, sis 5\nrue du ch\u00e2teau \u00e0 AUXONNE (21 130)\nARS Bourgogne-Franche-Comt\u00e9 - 21-2024-12-10-00003 - D\u00e9cision n\u00b0 ARS-BFC-DOSA-2024-2633\nportant autorisation de la pharmacie \u00e0 usage int\u00e9rieur du Centre hospitalier d'Auxonne, sis 5 rue du ch\u00e2teau \u00e0 AUXONNE (21 130) 8\nREPUBLIQUEFRANCAISEL'ibert\u00e9Egalit\u00e9Fraternit\u00e9\nAl@ ) Agence R\u00e9gionale de Sant\u00e9Bourgogne-Franche-Comt\u00e9\n  \n \nARS Bourgogne-Franche-Comt\u00e9 \nLe Diapason, 2 Place des Savoirs, CS 73535, 21035 Dijon cedex \nT\u00e9l. : 0808 807 107 - Site : www.ars.bourgogne-franche-comte.sante.fr \n \n \n \n \nD\u00e9cision n\u00b0 ARS-BFC-DOSA-2024-2633 \nportant autorisation de la pharmacie \u00e0 usage int\u00e9rieur d u Centre hospitalier d'Auxonne, sis 5 rue du \nch\u00e2teau \u00e0 AUXONNE (21 130) \n \nLe directeur g\u00e9n\u00e9ral de l'agence  \nr\u00e9gionale de sant\u00e9 de Bourgogne-Franche-Comt\u00e9 \n \nVU le code de la sant\u00e9 publique, notamment le chapitre VI du titre II du livre 1er de sa cinqui\u00e8me partie ; \n \nVU le d\u00e9cret n\u00b0 2019 -489 du 21 mai 2019 relatif aux pharmacies \u00e0 usage int\u00e9rieur et notamment le II de son \narticle 4 modifi\u00e9 par le d\u00e9cret n\u00b0 2022-18 du 7 janvier 2022 ; \n \nVU l'arr\u00eat\u00e9 minist\u00e9riel du 22 juin 2001 relatif aux bonnes pratiques de pharmacie hospitali\u00e8re  \n \nVU la d\u00e9cision de la directrice g\u00e9n\u00e9rale de l'agence nationale de s\u00e9curit\u00e9 du m\u00e9dicament et des produits de sant\u00e9 \ndu 21 juillet 2023 relative aux bonnes pratiques de pr\u00e9paration ;   \n \nVU la note d'information DGOS/PF2/2019/205 du 19 septembre 2019 relative \u00e0 la mise en \u0153uvre des dispositions \ntransitoires pr\u00e9vues \u00e0 l'article 4 du d\u00e9cret n\u00b02019-489 du 21 mai 2019 relatif aux pharmacies \u00e0 usage int\u00e9rieur ; \n \nVU la d\u00e9cision ARS BFC/SG/2024-067 portant d\u00e9l\u00e9gation de signature du directeur g\u00e9n\u00e9ral de l'agence r\u00e9gionale \nde sant\u00e9 de Bourgogne-Franche-Comt\u00e9 en date du 12 novembre 2024 ; \n \nVU la demande d\u00e9pos\u00e9e le 24 octobre 2024 via la plate -forme demarches-simplifiee.fr, par Monsieur Didier \nRICHARD, directeur du Centre hospitalier d'Auxonne, sis 5 rue du ch\u00e2teau \u00e0 AUXONNE (21 130), visant \u00e0 obtenir \ndu directeur g\u00e9n\u00e9ral de l'agence r\u00e9gionale de sant\u00e9 de Bourgogne -Franche-Comt\u00e9 le renouvellement de \nl'autorisation de la pharmacie \u00e0 usage int\u00e9rieur de l'\u00e9tablissement. Cette demande s'inscrit dans le cadre du I de \nl'article L.5126-4 du code de la sant\u00e9 publique et des dispositions du II de l'article 4 du d\u00e9cret n\u00b0 2019-489 du 21 \nmai 2019 modifi\u00e9 susvis\u00e9 ; \n \nVU le dossier accompagnant la demande pr\u00e9cit\u00e9e, d\u00e9clar\u00e9 complet le 24 octobre 2024 ; \n \nConsid\u00e9rant que le dossier transmis \u00e0 l'appui de la pr\u00e9sente demande est identique \u00e0 celui sur la base duquel \nl'autorisation en cours du 24 ao\u00fbt 2012 a \u00e9t\u00e9 d\u00e9livr\u00e9e  et qu'aucune modification substantielle, au sens du I de \nl'article R.5126-32 du code de la sant\u00e9 publique, n'est intervenue ; \n \nConsid\u00e9rant ainsi que la proc\u00e9dure de d\u00e9claration pr\u00e9alable pr\u00e9vue au I de l'article R5126 -32 s'applique, sans \nrecueil de l'avis du conseil central de la section H de l'ordre national des pharmaciens  \n \nConsid\u00e9rant le courrier \u00e9lectronique du pharmacien inspecteur de sant\u00e9 publique, en date du 20 novembre 2024, \nadress\u00e9 \u00e0 la pharmacienne g\u00e9rante de la PUI du centre hospitalier d'Auxonne, et la r\u00e9ponse en retour, du 04 \nd\u00e9cembre 2024, levant les r\u00e9serves formul\u00e9es ; \n \nConsid\u00e9rant que conform\u00e9ment aux dispositions de l'article R. 5126-8 du code de la sant\u00e9 publique, la pharmacie \n\u00e0 usage int\u00e9rieur d u Centre hospitalier d'Auxonne dispose de locaux, de moyens en personnel, de moyens en \n\u00e9quipement et d'un syst\u00e8me d'information lui permettant d'assurer les missions vis\u00e9es au I de l'article L. 5126 -1 \ndu m\u00eame code, ainsi qu'au 1\u00b0 de l'article L. 5126 -6 (vente de m\u00e9dicaments au public) , et d'assurer l'activit\u00e9 de \npr\u00e9paration des doses \u00e0 administrer de m\u00e9dicaments pr\u00e9vue au 1\u00b0 du I de l'article R. 5126-9. \nARS Bourgogne-Franche-Comt\u00e9 - 21-2024-12-10-00003 - D\u00e9cision n\u00b0 ARS-BFC-DOSA-2024-2633\nportant autorisation de la pharmacie \u00e0 usage int\u00e9rieur du Centre hospitalier d'Auxonne, sis 5 rue du ch\u00e2teau \u00e0 AUXONNE (21 130) 9\n \nARS Bourgogne-Franche-Comt\u00e9 \nLe Diapason, 2 Place des Savoirs, CS 73535, 21035 Dijon cedex \nT\u00e9l. : 0808 807 107 - Site : www.ars.bourgogne-franche-comte.sante.fr \n \nDECIDE  \n \nArticle 1er : La pharmacie \u00e0 usage int\u00e9rieur du Centre hospitalier d'Auxonne, sis 5 rue du ch\u00e2teau \u00e0 AUXONNE \n(21 130), est autoris\u00e9e \u00e0 assurer les missions suivantes en application du I de l'article L. 5126 -1 du code de la \nsant\u00e9 publique : \n \n- Assurer l a gestion, l'approvisionnement, la v\u00e9rification des dispositifs de s\u00e9curit\u00e9, la pr\u00e9paration, le \ncontr\u00f4le, la d\u00e9tention, l'\u00e9valuation et la dispensation des m\u00e9dicaments, produits ou objets mentionn\u00e9s \u00e0 \nl'article L. 4211-1, des dispositifs mentionn\u00e9s \u00e0 l'article premier du r\u00e8glement (UE) 2017/745 du Parlement \neurop\u00e9en et du Conseil du 5 avril 2017 st\u00e9riles et des m\u00e9dicaments exp\u00e9rimentaux ou auxiliaires d\u00e9finis \n\u00e0 l'article L. 5121-1-1, et d'en assurer la qualit\u00e9 ; \n \n- Mener toute action de pharmacie clinique, \u00e0 savoir de contribuer \u00e0 la s\u00e9curisation, \u00e0 la pertinence et \u00e0 \nl'efficience du recours aux produits de sant\u00e9 mentionn\u00e9s au 1\u00b0 et de concourir \u00e0 la qualit\u00e9 des soins, en \ncollaboration avec les autres membres de l'\u00e9q uipe de soins mentionn\u00e9e \u00e0 l'article L. 1110 -12, et en y \nassociant le patient ; \n \n- Entreprendre toute action d'information aux patients et aux professionnels de sant\u00e9 sur les produits de \nsant\u00e9 mentionn\u00e9s au 1\u00b0, ainsi que toute action de promotion et d'\u00e9valuation de leur bon usage, et de \nconcourir \u00e0 la pharmacovigilance, \u00e0 la mat\u00e9riovigilance, et \u00e0 la politique du m\u00e9dicament et des dispositifs \nmentionn\u00e9s \u00e0 l'article premier du r\u00e8glement (UE) 2017/745 du Parlement europ\u00e9en et du Conseil du 5 \navril 2017 st\u00e9riles mentionn\u00e9e \u00e0 l'article L. 6111-2. \n \nArticle 2 : La pharmacie \u00e0 usage int\u00e9rieur du Centre hospitalier d'Auxonne est autoris\u00e9e \u00e0 assurer l'activit\u00e9 pr\u00e9vue \nau 1\u00b0 de l'article R. 5126 -9 du code de la sant\u00e9 publique \u00e0 savoir, l a pr\u00e9paration de doses \u00e0 administrer de \nm\u00e9dicaments mentionn\u00e9s \u00e0 l'article L. 4211-1 du code de la sant\u00e9 publique. \n \nArticle 3 : La pharmacie \u00e0 usage int\u00e9rieur du Centre hospitalier d'Auxonne est autoris\u00e9e \u00e0 assurer l'activit\u00e9 pr\u00e9vue \nau 1\u00b0 de l'article L.5126-6 du code de la sant\u00e9 publique, \u00e0 savoir, par d\u00e9rogation aux dispositions du I de l'article \nL. 5126-1, la d\u00e9livrance de m\u00e9dicaments au public. \n \nArticle 4 : La pharmacie \u00e0 usage int\u00e9rieur du Centre hospitalier d'Auxonne est autoris\u00e9e \u00e0 assurer les actions de \npharmacie clinique pr\u00e9vues par l'article R. 5126-10 du code de la sant\u00e9 publique. \n \nArticle 5 : La pharmacie \u00e0 usage int\u00e9rieur du Centre hospitalier d'Auxonne est situ\u00e9e au  rez-de-chauss\u00e9e du \nb\u00e2timent principal, elle dessert l'ensemble des lits et places de l'\u00e9tablissement.  \n \nArticle 6 : La d\u00e9cision de la directrice g\u00e9n\u00e9rale de l'agence r\u00e9gionale de sant\u00e9 de Bourgogne n\u00b0 DSP 082/2012, \nen date du 24 ao\u00fbt 2012, portant modification de l'autorisation de la pharmacie \u00e0 usage int\u00e9rieur du centre \nhospitalier d'Auxonne sis 5 rue du Ch\u00e2teau \u00e0 AUXONNE (21 130), est abrog\u00e9e. \n \nArticle 7 : Le temps de pr\u00e9sence du pharmacien charg\u00e9 de la g\u00e9rance de la pharmacie \u00e0 usage int\u00e9rieur du \nCentre hospitalier d'Auxonne est de dix demi-journ\u00e9es par semaine. \n \nArticle 8 : A l'exception des modifications substantielles mentionn\u00e9es au II de l'article R. 5126 -32 du code de la \nsant\u00e9 publique, qui font l'objet d'une nouvelle autorisation, la modification des \u00e9l\u00e9ments figurant dans l'autorisation \nfait l'objet d'une d\u00e9claration pr\u00e9alable dans les conditions pr\u00e9vues au I de l'article R. 5126-32 du m\u00eame code. \n \nArticle 9 : La pr\u00e9sente d\u00e9cision peut faire l'objet d'un recours gracieux aupr\u00e8s du directeur g\u00e9n\u00e9ral de l'agence \nr\u00e9gionale de sant\u00e9 de Bourgogne -Franche-Comt\u00e9, d'un recours hi\u00e9rarchique aupr\u00e8s du ministre  en charge de la \nSant\u00e9 ou d'un recours contentieux aupr\u00e8s du tribunal administratif comp\u00e9tent d ans un d\u00e9lai de deux mois \u00e0 \ncompter de sa notification au demandeur.  \nA l'\u00e9gard des tiers, ce d\u00e9lai court \u00e0 compter de la publication aux recueils des actes administratifs de la pr\u00e9fecture \nde la r\u00e9gion Bourgogne -Franche-Comt\u00e9 et de la pr\u00e9fecture du d\u00e9partement d e l a C\u00f4te d'Or . Le tribunal \nadministratif peut \u00eatre saisi par l'application T\u00e9l\u00e9recours citoyens accessible par le site www.telerecours.fr.  \n         \nARS Bourgogne-Franche-Comt\u00e9 - 21-2024-12-10-00003 - D\u00e9cision n\u00b0 ARS-BFC-DOSA-2024-2633\nportant autorisation de la pharmacie \u00e0 usage int\u00e9rieur du Centre hospitalier d'Auxonne, sis 5 rue du ch\u00e2teau \u00e0 AUXONNE (21 130) 10\ns\\g\"\u00e8\n \nARS Bourgogne-Franche-Comt\u00e9 \nLe Diapason, 2 Place des Savoirs, CS 73535, 21035 Dijon cedex \nT\u00e9l. : 0808 807 107 - Site : www.ars.bourgogne-franche-comte.sante.fr \n \nArticle 10 : La directrice de l'organisation des soins et de l'autonomie de l'ARS de Bourgogne-Franche-Comt\u00e9 est \ncharg\u00e9e de l'ex\u00e9cution de la pr\u00e9sente d\u00e9cision qui sera publi\u00e9e au recueil des actes administratifs de la pr\u00e9fecture \nde la r\u00e9gion Bourgogne-Franche-Comt\u00e9 et au recueil des actes administratifs de la pr\u00e9fecture du d\u00e9partement de \nla C\u00f4te d'Or. Elle sera notifi\u00e9e  \u00e0 Monsieur Didier RICHARD, directeur du Centre hospitalier d'Auxonne, e t une \ncopie sera adress\u00e9e : \n \n- au pr\u00e9sident du conseil central de la Section H de l'Ordre des pharmaciens ;  \n- aux caisses d'assurance-maladie du r\u00e9gime g\u00e9n\u00e9ral et de la mutualit\u00e9 sociale agricole. \n \n   Fait \u00e0 DIJON, le 10 d\u00e9cembre 2024  \n \nPour le directeur g\u00e9n\u00e9ral, \nLa directrice de l'organisation des soins et de l'autonomie, \n \n \n \n \n \n \n \nAnne-Laure MOSER-MOULAA \nARS Bourgogne-Franche-Comt\u00e9 - 21-2024-12-10-00003 - D\u00e9cision n\u00b0 ARS-BFC-DOSA-2024-2633\nportant autorisation de la pharmacie \u00e0 usage int\u00e9rieur du Centre hospitalier d'Auxonne, sis 5 rue du ch\u00e2teau \u00e0 AUXONNE (21 130) 11\nDirection d\u00e9partementale des territoires de la\nC\u00f4te-d'Or\nCellule \u00c9ducation routi\u00e8re\n21-2024-12-09-00005\nArr\u00eat\u00e9 N\u00b0 1865\nautorisant le renouvellement quinquennal de\nl'agr\u00e9ment permettant \u00e0 Monsieur CRETIN \nSt\u00e9phane d'exploiter un \u00e9tablissement\nd'enseignement, \u00e0 titre on\u00e9reux, de  la conduite\ndes v\u00e9hicules \u00e0 moteur et de la s\u00e9curit\u00e9 routi\u00e8re, \nsous le n\u00b0 E  14 021 0002 0\nd\u00e9nomm\u00e9 \u00ab\u00a0AUTO-\u00c9COLE NOTRE-DAME II\u00bb\nsitu\u00e9 3, boulevard Eiffel - 21600 LONGVIC\nDirection d\u00e9partementale des territoires de la C\u00f4te-d'Or - 21-2024-12-09-00005 - Arr\u00eat\u00e9 N\u00b0 1865\nautorisant le renouvellement quinquennal de l'agr\u00e9ment permettant \u00e0 Monsieur CRETIN  St\u00e9phane d'exploiter un \u00e9tablissement\nd'enseignement, \u00e0 titre on\u00e9reux, de  la conduite des v\u00e9hicules \u00e0 moteur et de la s\u00e9curit\u00e9 routi\u00e8re, \nsous le n\u00b0 E  14 021 0002 0\nd\u00e9nomm\u00e9 \u00ab\u00a0AUTO-\u00c9COLE NOTRE-DAME II\u00bb\nsitu\u00e9 3, boulevard Eiffel - 21600 LONGVIC\n12\nExPREFETDE LACOTE-D'ORL,z'berte'Egalit\u00e9Fraternit\u00e9\nDirection d\u00e9partementale des territoires\nde la C\u00f4te-d'Or\nService de la S\u00e9curit\u00e9 et de l'\u00c9ducation Routi\u00e8re\nBureau de l'\u00c9ducation Routi\u00e8re\nT\u00e9l. : 03 80 29 42 84\nM\u00e9l : ddt-ber@cote-dor.gouv.fr     \nDijon, le 9 d\u00e9cembre 2024\nArr\u00eat\u00e9 N\u00b0 1865\nautorisant le renouvellement quinquennal de l'agr\u00e9ment permettant \u00e0 Monsieur CRETIN\nSt\u00e9phane d'exploiter un \u00e9tablissement d'enseignement, \u00e0 titre on\u00e9reux, de  la conduite\ndes v\u00e9hicules \u00e0 moteur et de la s\u00e9curit\u00e9 routi\u00e8re, \nsous le n\u00b0 E  14 021 0002 0\nd\u00e9nomm\u00e9 \u00ab AUTO-\u00c9COLE NOTRE-DAME II\u00bb\nsitu\u00e9 3, boulevard Eiffel \u2013 21600 LONGVIC\nLe pr\u00e9fet de la C\u00f4te-d'Or\nVU le code de la route, notamment ses articles L.213-1 \u00e0 R.213-9 ;\nVU l'ordonnance n\u00b0 2014-1090 du 26 septembre 2014 relative \u00e0 la mise en accessibilit\u00e9 des\n\u00e9tablissements recevant du public, des transports publics, des b\u00e2timents d'habitation et\nde la voirie pour des personnes handicap\u00e9es ;\nVU la loi n\u00b0 2015-990 du 06 ao\u00fbt 2015 pour la croissance, l'activit\u00e9 et l'\u00e9galit\u00e9 des chances\n\u00e9conomiques, et notamment son article 23 modifiant l'article L.213-1 du code de la route ;\nVU l'arr\u00eat\u00e9 du 08 janvier 2001 relatif \u00e0 l'exploitation des \u00e9tablissements d'enseignement, \u00e0\ntitre on\u00e9reux, de la conduite des v\u00e9hicules \u00e0 moteur et de la s\u00e9curit\u00e9 routi\u00e8re ;\nVU l'arr\u00eat\u00e9 du 08 janvier 2001 cr\u00e9ant un registre national de l'enseignement de la conduite\ndes v\u00e9hicules \u00e0 moteur et de la s\u00e9curit\u00e9 routi\u00e8re ;\nVU l'arr\u00eat\u00e9 pr\u00e9fectoral n\u00b0 1659/SG du 29 octobre 2024 donnant d\u00e9l\u00e9gation de signature \u00e0\nMadame Florence LAUBIER, directrice d\u00e9partementale des territoires de C\u00f4te-d'Or ;\nDirection d\u00e9partementale des territoires de la C\u00f4te-d'Or\n57 rue de Mulhouse- BP 53317 - 21033 DIJON cedex\nt\u00e9l : 03 80 29 44 44 \u2013 Courriel : ddt@cote-dor.gouv.fr\nDirection d\u00e9partementale des territoires de la C\u00f4te-d'Or - 21-2024-12-09-00005 - Arr\u00eat\u00e9 N\u00b0 1865\nautorisant le renouvellement quinquennal de l'agr\u00e9ment permettant \u00e0 Monsieur CRETIN  St\u00e9phane d'exploiter un \u00e9tablissement\nd'enseignement, \u00e0 titre on\u00e9reux, de  la conduite des v\u00e9hicules \u00e0 moteur et de la s\u00e9curit\u00e9 routi\u00e8re, \nsous le n\u00b0 E  14 021 0002 0\nd\u00e9nomm\u00e9 \u00ab\u00a0AUTO-\u00c9COLE NOTRE-DAME II\u00bb\nsitu\u00e9 3, boulevard Eiffel - 21600 LONGVIC\n13\n2\nVU l'arr\u00eat\u00e9 pr\u00e9fectoral n\u00b0 1660 du 30 octobre 2024 portant subd\u00e9l\u00e9gation de signature aux\nagents de la direction d\u00e9partementale des territoires de la C\u00f4te-d'Or ;\nVU  l'arr\u00eat\u00e9  pr\u00e9fectoral  n\u00b0  878  du  8  novembre  2019  autorisant  le  renouvellement\nquinquennal de l'agr\u00e9ment permettant \u00e0 M. St\u00e9phane CRETIN en qualit\u00e9 de repr\u00e9sentant\nl\u00e9gal, d'exploiter un \u00e9tablissement d'enseignement \u00e0 titre, de la conduite des v\u00e9hicules \u00e0\nmoteur  et de la s\u00e9curit\u00e9 routi\u00e8re,  sous le  n\u00b0 E 14 021 000 2 0  d\u00e9nomm\u00e9 \"Auto-\u00e9cole\nNOTRE-DAME\" \u2013 situ\u00e9 3 boulevard Eiffel \u2013 21600 LONGVIC ;\nConsid\u00e9rant la  demande  pr\u00e9sent\u00e9e  par  Monsieur  St\u00e9phane  CRETIN  en  date  du\n14 novembre 2024 en vue du renouvellement quinquennal de son agr\u00e9ment ;\nConsid\u00e9rant que la demande remplit les conditions r\u00e9glementaires ;\nSUR proposition de la Directrice D\u00e9partementale des Territoires de la C\u00f4te-d'Or ;\nARR\u00caTE\nArticle 1er : Monsieur St\u00e9phane CRETIN est autoris\u00e9 \u00e0 exploiter, sous le n\u00b0 E 14 021 0002 0\nun \u00e9tablissement d'enseignement, \u00e0 titre on\u00e9reux, de la conduite des v\u00e9hicules \u00e0 moteur\net de la s\u00e9curit\u00e9 routi\u00e8re, d\u00e9nomm\u00e9 \u00ab  AUTO-\u00c9COLE NOTRE-DAME II \u00bb situ\u00e9  3, boulevard\nEiffel \u2013 21600 LONGVIC.\nArticle 2 : Cet agr\u00e9ment est prorog\u00e9 pour une dur\u00e9e de cinq ans \u00e0 compter de la date du\npr\u00e9sent  arr\u00eat\u00e9.  Sur  demande  de  l'exploitant  pr\u00e9sent\u00e9e  deux  mois  avant  la  date\nd'expiration  de  la  validit\u00e9  de  son  agr\u00e9ment,  celui-ci  sera  renouvel\u00e9  si  l'\u00e9tablissement\nremplit toutes les conditions requises.\nArticle  3 :  L'\u00e9tablissement  est  habilit\u00e9,  au  vu  des  autorisations  d'enseigner  fournies,  \u00e0\ndispenser les formations pour les cat\u00e9gories de permis suivantes : \n\u27a2 AM cyclo\n\u27a2 A1,  A2,  A\n\u27a2 B, B1, AM \u2013 Quadri l\u00e9ger\n\u27a2 B96\n\u27a2 C, CE\n\u27a2 D\n\u27a2 BE\nArticle 4 : Le pr\u00e9sent agr\u00e9ment n'est valable que pour l'exploitation d'un \u00e9tablissement, \u00e0\ntitre personnel par son titulaire, sous r\u00e9serve de l 'application des prescriptions de l'arr\u00eat\u00e9\ndu 8 janvier 2001 susvis\u00e9.\nArticle 5 : En cas de changement d'adresse ou de reprise du local par un autre exploitant,\nune  nouvelle  demande  d'agr\u00e9ment  devra  \u00eatre  pr\u00e9sent\u00e9e  deux  mois  avant  la  date  du\nchangement ou de la reprise.\nDirection d\u00e9partementale des territoires de la C\u00f4te-d'Or\n57 rue de Mulhouse- BP 53317 - 21033 DIJON cedex\nt\u00e9l : 03 80 29 44 44 \u2013 Courriel : ddt@cote-dor.gouv.fr\nDirection d\u00e9partementale des territoires de la C\u00f4te-d'Or - 21-2024-12-09-00005 - Arr\u00eat\u00e9 N\u00b0 1865\nautorisant le renouvellement quinquennal de l'agr\u00e9ment permettant \u00e0 Monsieur CRETIN  St\u00e9phane d'exploiter un \u00e9tablissement\nd'enseignement, \u00e0 titre on\u00e9reux, de  la conduite des v\u00e9hicules \u00e0 moteur et de la s\u00e9curit\u00e9 routi\u00e8re, \nsous le n\u00b0 E  14 021 0002 0\nd\u00e9nomm\u00e9 \u00ab\u00a0AUTO-\u00c9COLE NOTRE-DAME II\u00bb\nsitu\u00e9 3, boulevard Eiffel - 21600 LONGVIC\n14\n3\nArticle 6 : Pour toute transformation du local d'activit\u00e9, tout abandon ou toute extension\nd'une  formation,  l'exploitant  est  tenu  d'adresser  une  demande  de  modification  du\npr\u00e9sent arr\u00eat\u00e9.\nArticle 7  : L'agr\u00e9ment peut \u00eatre \u00e0 tout moment suspendu ou retir\u00e9 selon les conditions\nfix\u00e9es par les articles 12 \u00e0 14 de l'arr\u00eat\u00e9 susvis\u00e9.\nArticle 8  : Le pr\u00e9sent agr\u00e9ment et toute d\u00e9cision affectant sa validit\u00e9 seront enregistr\u00e9s\ndans le registre national de l'enseignement de la conduite des v\u00e9hicules \u00e0 moteur et de la\ns\u00e9curit\u00e9 routi\u00e8re cr\u00e9\u00e9 par l'arr\u00eat\u00e9 du 8 janvier 2001 pr\u00e9cit\u00e9. Conform\u00e9ment \u00e0 la loi n\u00b0 78-17\ndu 6 janvier 1978 relative \u00e0 l'informatique, aux fichiers et aux libert\u00e9s, toute personne peut\nobtenir communication et, le cas \u00e9ch\u00e9ant, rectification ou suppression des informations\nla concernant, en s'adressant \u00e0 la direction d\u00e9partementale des territoires.\nArticle 9 : Si vous estimez devoir contester la pr\u00e9sente d\u00e9cision, vous pouvez former :\n\u2022 un recours gracieux aupr\u00e8s de mes services\n\u2022 un recours hi\u00e9rarchique aupr\u00e8s du ministre charg\u00e9 de la s\u00e9curit\u00e9 routi\u00e8re\n\u2022 un recours contentieux devant le tribunal administratif du lieu de votre r\u00e9sidence,\nque  vous  pouvez  saisir  au  moyen  de  l'application  informatique  t\u00e9l\u00e9recours  citoyen\naccessible par le biais du site www.telerecours.fr dans un d\u00e9lai de deux mois \u00e0 compter de\nsa notification ou de sa publication.\nLes recours administratifs doivent \u00eatre pr\u00e9sent\u00e9s dans ce m\u00eame d\u00e9lai de deux mois si vous\nsouhaitez conserver la possibilit\u00e9 de saisir ult\u00e9rieurement le juge administratif. Ces voies\nde recours n'ont pas d'effet suspensif.\nArticle 10  : La directrice d\u00e9partementale des territoires est charg\u00e9e de l'ex\u00e9cution du\npr\u00e9sent arr\u00eat\u00e9, qui sera publi\u00e9 au recueil des actes administratifs de la pr\u00e9fecture de C\u00f4te-\nd'Or, et dont copie sera adress\u00e9e \u00e0 Monsieur St\u00e9phane CRETIN.\nFait \u00e0 Dijon, le 9 d\u00e9cembre 2024\nLa directrice d\u00e9partementale des territoires,\nPour la directrice et par d\u00e9l\u00e9gation,\nLe chef de service par int\u00e9rim,\nSIGN\u00c9\nPhIlippe MUNIER\n \nDirection d\u00e9partementale des territoires de la C\u00f4te-d'Or\n57 rue de Mulhouse- BP 53317 - 21033 DIJON cedex\nt\u00e9l : 03 80 29 44 44 \u2013 Courriel : ddt@cote-dor.gouv.fr\nDirection d\u00e9partementale des territoires de la C\u00f4te-d'Or - 21-2024-12-09-00005 - Arr\u00eat\u00e9 N\u00b0 1865\nautorisant le renouvellement quinquennal de l'agr\u00e9ment permettant \u00e0 Monsieur CRETIN  St\u00e9phane d'exploiter un \u00e9tablissement\nd'enseignement, \u00e0 titre on\u00e9reux, de  la conduite des v\u00e9hicules \u00e0 moteur et de la s\u00e9curit\u00e9 routi\u00e8re, \nsous le n\u00b0 E  14 021 0002 0\nd\u00e9nomm\u00e9 \u00ab\u00a0AUTO-\u00c9COLE NOTRE-DAME II\u00bb\nsitu\u00e9 3, boulevard Eiffel - 21600 LONGVIC\n15\nDirection d\u00e9partementale des territoires de la\nC\u00f4te-d'Or\nCellule \u00c9ducation routi\u00e8re\n21-2024-12-09-00004\nArr\u00eat\u00e9 N\u00b0 1866\nPortant cr\u00e9ation d'un \u00e9tablissement\nd'enseignement de la conduite automobile\nd\u00e9nomm\u00e9 \u00ab\u00a0Auto-\u00e9cole GREN\u00a0\u00bb situ\u00e9 4,\nRond-Point Francis Carco - 21400\nCH\u00c2TILLON-sur-SEINE\u00a0\nDirection d\u00e9partementale des territoires de la C\u00f4te-d'Or - 21-2024-12-09-00004 - Arr\u00eat\u00e9 N\u00b0 1866\nPortant cr\u00e9ation d'un \u00e9tablissement d'enseignement de la conduite automobile d\u00e9nomm\u00e9 \u00ab\u00a0Auto-\u00e9cole GREN\u00a0\u00bb situ\u00e9 4, Rond-Point\nFrancis Carco - 21400 CH\u00c2TILLON-sur-SEINE\u00a0\n16\nExPREFETDE LACOTE-D'ORL,z'berte'Egalit\u00e9Fraternit\u00e9\nDirection d\u00e9partementale des territoires\nde la C\u00f4te-d'Or\nService de la S\u00e9curit\u00e9 et de l'\u00c9ducation\nBureau de l'\u00c9ducation Routi\u00e8re\nT\u00e9l : 03 80 29 42 84\nm\u00e9l : ddt-ber@cote-dor.gouv.fr     \nDijon, le 9 d\u00e9cembre 2024\nArr\u00eat\u00e9 N\u00b0 1866\nPortant cr\u00e9ation d'un \u00e9tablissement d'enseignement de la conduite automobile d\u00e9nomm\u00e9\n\u00ab Auto-\u00e9cole GREN \u00bb situ\u00e9 4, Rond-Point Francis Carco - 21400 CH\u00c2TILLON-sur-SEINE \nLe pr\u00e9fet de la C\u00f4te-d'Or\nVU le code de la route, notamment ses articles R.213-1 \u00e0 R.213-9;\nVU l'ordonnance n\u00b0 2014-1090 du 26 septembre 2014 relative \u00e0 la mise en accessibilit\u00e9 des\n\u00e9tablissements recevant du public, des transports publics, des b\u00e2timents d'habitation et\nde la voirie pour des personnes handicap\u00e9es ;\nVU la loi n\u00b0 2015-990 du 06 ao\u00fbt 2015 pour la croissance, l'activit\u00e9 et l'\u00e9galit\u00e9 des chances\n\u00e9conomiques, et notamment son article 23 modifiant l'article L213-1 du code de la route ;\nVU l'arr\u00eat\u00e9 du 8 janvier 2001 relatif \u00e0 l'exploitation des \u00e9tablissements d'enseignement, \u00e0\ntitre on\u00e9reux, de la conduite des v\u00e9hicules \u00e0 moteur et de la s\u00e9curit\u00e9 routi\u00e8re ;\nVU l'arr\u00eat\u00e9 du 08 janvier 2001 cr\u00e9ant un registre national de l'enseignement de la conduite\ndes v\u00e9hicules \u00e0 moteur et de la s\u00e9curit\u00e9 routi\u00e8re\nVU l'arr\u00eat\u00e9 pr\u00e9fectoral n\u00b0 1659/SG du 29 octobre 2024 donnant d\u00e9l\u00e9gation de signature \u00e0\nMadame Florence LAUBIER, directrice d\u00e9partementale des territoires de C\u00f4te-d'Or ;\nDirection d\u00e9partementale des territoires de la C\u00f4te-d'Or\n57 rue de Mulhouse- BP 53317 - 21033 DIJON cedex\nt\u00e9l : 03 80 29 44 44 \u2013 Courriel : ddt@cote-dor.gouv.fr\nDirection d\u00e9partementale des territoires de la C\u00f4te-d'Or - 21-2024-12-09-00004 - Arr\u00eat\u00e9 N\u00b0 1866\nPortant cr\u00e9ation d'un \u00e9tablissement d'enseignement de la conduite automobile d\u00e9nomm\u00e9 \u00ab\u00a0Auto-\u00e9cole GREN\u00a0\u00bb situ\u00e9 4, Rond-Point\nFrancis Carco - 21400 CH\u00c2TILLON-sur-SEINE\u00a0\n17\n2\nVU l'arr\u00eat\u00e9 pr\u00e9fectoral n\u00b0 1660 du 30 octobre 2024 portant subd\u00e9l\u00e9gation de signature aux\nagents de la direction d\u00e9partementale des territoires de la C\u00f4te-d'Or ;\nConsid\u00e9rant la demande pr\u00e9sent\u00e9e le 10 octobre 2024 , par M onsieur BAILLY Jocelyn ,  en\nqualit\u00e9 de repr\u00e9sentant de l'\u00e9tablissement d'enseignement de la conduite automobile et\nde  la  s\u00e9curit\u00e9  routi\u00e8re \u00abAuto-\u00e9cole  GREN\u00bb ,  en  vue d' \u00eatre  autoris\u00e9  \u00e0  exploiter  un\n\u00e9tablissement d'enseignement, \u00e0 titre on\u00e9reux, de la conduite des v\u00e9hicules \u00e0 moteur et\nde la s\u00e9curit\u00e9 routi\u00e8re ;\nConsid\u00e9rant que la demande remplit les conditions r\u00e9glementaires ;\nSUR proposition de la directrice d\u00e9partementale des territoires de la C\u00f4te-d'Or ;\nARR\u00caTE\nArticle 1er : Monsieur BAILLY Jocelyn est autoris\u00e9 \u00e0 exploiter sous le N\u00b0 I 19 021 0001 0 un \n\u00e9tablissement d'enseignement, \u00e0 titre on\u00e9reux, de la conduite des v\u00e9hicules \u00e0 moteur et \nde la s\u00e9curit\u00e9 routi\u00e8re, d\u00e9nomm\u00e9 \u00abAuto-\u00e9cole GREN\u00bb situ\u00e9 4, Rond-Point Fran\u00e7is Carco     \n\u2013 21400 CH\u00c2TILLON SUR SEINE ;\nArticle 2 : Cet agr\u00e9ment est d\u00e9livr\u00e9 pour une dur\u00e9e de cinq ans \u00e0 compter de la date du \npr\u00e9sent arr\u00eat\u00e9.\nSur demande de l'exploitant pr\u00e9sent\u00e9e deux mois avant la date d'expiration de la validit\u00e9 \nde son agr\u00e9ment, celui-ci sera renouvel\u00e9 si les conditions requises sont remplies.\nArticle 3  :  L'\u00e9tablissement  est habilit\u00e9,  au  vu des  autorisations  d'enseigner  fournies,  \u00e0\ndispenser les formations aux cat\u00e9gories de permis suivantes :\n\u27a2 B / B1 / AM-QUADRI l\u00e9ger\nArticle 4 : Le pr\u00e9sent agr\u00e9ment n'est valable que pour l'exploitation d'un \u00e9tablissement, \u00e0\ntitre personnel par son titulaire, sous r\u00e9serve de l'application des prescriptions de l'arr\u00eat\u00e9\nminist\u00e9riel du 8 janvier 2001 susvis\u00e9.\nArticle 5 :  En cas de  changement d'adresse ou toute reprise de ce local par un autre\nexploitant, une nouvelle demande d'agr\u00e9men t  devra \u00eatre pr\u00e9sent\u00e9e deux mois avant la\ndate du changement ou de la reprise.\nDirection d\u00e9partementale des territoires de la C\u00f4te-d'Or\n57 rue de Mulhouse- BP 53317 - 21033 DIJON cedex\nt\u00e9l : 03 80 29 44 44 \u2013 Courriel : ddt@cote-dor.gouv.fr\nDirection d\u00e9partementale des territoires de la C\u00f4te-d'Or - 21-2024-12-09-00004 - Arr\u00eat\u00e9 N\u00b0 1866\nPortant cr\u00e9ation d'un \u00e9tablissement d'enseignement de la conduite automobile d\u00e9nomm\u00e9 \u00ab\u00a0Auto-\u00e9cole GREN\u00a0\u00bb situ\u00e9 4, Rond-Point\nFrancis Carco - 21400 CH\u00c2TILLON-sur-SEINE\u00a0\n18\n3\nArticle 6 : Pour toute transformation du local d'activit\u00e9, tout abandon ou toute extension\nd'une  formation,  l'exploitant  est  tenu  d'adresser  une  demande  de  modification  du\npr\u00e9sent arr\u00eat\u00e9.\nArticle  7:  Le  nombre  de  personnes  susceptibles  d'\u00eatre  admises  simultan\u00e9ment  dans\nl'\u00e9tablissement, y compris l'enseignant, est fix\u00e9 \u00e0 20 personnes.\nArticle 8  : L'agr\u00e9ment peut \u00eatre \u00e0 tout moment suspendu ou retir\u00e9 selon les conditions\nfix\u00e9es par les articles 12 \u00e0 14 de l'arr\u00eat\u00e9 susvis\u00e9.\nArticle 9  : Le pr\u00e9sent agr\u00e9ment et toute d\u00e9cision affectant sa validit\u00e9 seront enregistr\u00e9es\ndans le registre national de l'enseignement de la conduite des v\u00e9hicules \u00e0 moteur et de la\ns\u00e9curit\u00e9 routi\u00e8re cr\u00e9\u00e9 par l'arr\u00eat\u00e9 du 08 janvier 2001. Conform\u00e9ment \u00e0 la loi n\u00b0 78-17 du 06\njanvier 1978 relative \u00e0 l'informatique, aux fichiers et aux libert\u00e9s, toute personne peut\nobtenir communication et, le cas \u00e9ch\u00e9ant, rectification ou suppression des informations\nla concernant, en s'adressant au Bureau de l'\u00c9ducation Routi\u00e8re \u2013 DDT 21.\nArticle 10 : Le pr\u00e9sent arr\u00eat\u00e9 peut faire l'objet d'un recours contentieux devant le tribunal\nadministratif de Dijon dans un d\u00e9lai de deux mois \u00e0 compter de sa publication. Un recours\npeut  \u00eatre  d\u00e9pos\u00e9  via  l'application  T\u00e9l\u00e9recours  citoyens  accessible  par  le  site  internet\nwww.telerecours.fr  .  \nArticle  11 :  La directrice  d\u00e9partementale des  territoires  est  charg\u00e9e de l'ex\u00e9cution  du\npr\u00e9sent arr\u00eat\u00e9, qui sera publi\u00e9 au recueil des actes administratifs de la pr\u00e9fecture de C\u00f4te-\nd'Or, et dont copie sera adress\u00e9e \u00e0 Monsieur BAILLY Jocelyn.\nFait \u00e0 Dijon, le 9 d\u00e9cembre 2024\nLa directrice d\u00e9partementale des territoires,\nPour la directrice et par d\u00e9l\u00e9gation,\nLe chef de service par int\u00e9rim,\nSIGN\u00c9\nPhilippe MUNIER\nDirection d\u00e9partementale des territoires de la C\u00f4te-d'Or\n57 rue de Mulhouse- BP 53317 - 21033 DIJON cedex\nt\u00e9l : 03 80 29 44 44 \u2013 Courriel : ddt@cote-dor.gouv.fr\nDirection d\u00e9partementale des territoires de la C\u00f4te-d'Or - 21-2024-12-09-00004 - Arr\u00eat\u00e9 N\u00b0 1866\nPortant cr\u00e9ation d'un \u00e9tablissement d'enseignement de la conduite automobile d\u00e9nomm\u00e9 \u00ab\u00a0Auto-\u00e9cole GREN\u00a0\u00bb situ\u00e9 4, Rond-Point\nFrancis Carco - 21400 CH\u00c2TILLON-sur-SEINE\u00a0\n19\nDirection d\u00e9partementale des territoires de la\nC\u00f4te-d'Or\nService de l'eau et des risques\n21-2024-12-10-00004\nArr\u00eat\u00e9 pr\u00e9fectoral compl\u00e9mentaire n\u00b0 1854 du\n10 d\u00e9cembre 2024 portant modification de\nl'arr\u00eat\u00e9 du 06 novembre 2017 portant\nrenouvellement de l'autorisation d'exploiter le\nsyst\u00e8me d'assainissement de PLUVET.\nDirection d\u00e9partementale des territoires de la C\u00f4te-d'Or - 21-2024-12-10-00004 - Arr\u00eat\u00e9 pr\u00e9fectoral compl\u00e9mentaire n\u00b0 1854 du 10\nd\u00e9cembre 2024 portant modification de l'arr\u00eat\u00e9 du 06 novembre 2017 portant renouvellement de l'autorisation d'exploiter le\nsyst\u00e8me d'assainissement de PLUVET.\n20\nExPREFETDE LACOTE-D'ORL,z'bert\u00e9Egalit\u00e9Fraternit\u00e9\nDirection d\u00e9partementale des territoires\nService de l'Eau et des Risques\nPr\u00e9servation de la qualit\u00e9 de l'eau et des milieux aquatiques\nAffaire suivie par Carole DIAZ\nT\u00e9l : 03.80.29.42.39\nm\u00e9l : ddt-ser-ope@cote-dor.gouv.fr\nArr\u00eat\u00e9 pr\u00e9fectoral compl\u00e9mentaire n\u00b0 1854 du 10 d\u00e9cembre 2024 portant\nmodification de l'arr\u00eat\u00e9 du 06 novembre 2017 portant renouvellement de\nl'autorisation d'exploiter le syst\u00e8me d'assainissement de PLUVET\nLe pr\u00e9fet de la C\u00f4te-d'Or\nVU la directive Europ\u00e9enne 91/271/CEE du 21 mai 1991 relative au traitement des eaux r\u00e9siduaires\nurbaines (ERU) ;\nVU la directive 2000/60/CE du Parlement Europ\u00e9en et du Conseil du 23 octobre 2000 \u00e9tablissant un\ncadre pour une politique communautaire dans le domaine de l'eau (DCE) ;\nVU la  directive  2006/11/CE  du  15  f\u00e9vrier  2006  concernant  la  pollution  caus\u00e9e  par  certaines\nsubstances dangereuses d\u00e9vers\u00e9es dans le milieu aquatique de la Communaut\u00e9 ;\nVU  la  directive  2008/105/CE  du  16  d\u00e9cembre  2008  \u00e9tablissant  les  normes  de  qualit\u00e9\nenvironnementale dans le domaine de l'eau ;\nVU le code de l'environnement, et notamment les articles L.211-1 et L211-3, ainsi que les articles\nL.214-1 \u00e0 11, L.181-1 et suivants et R.181-1 et suivants ;\nVU le  code  g\u00e9n\u00e9ral  des  collectivit\u00e9s  territoriales,  et  notamment  les  articles  L.2224-6,  L.2224-8,\nL.2224-10 \u00e0 13 et L.2224-17 , R.2224-6 \u00e0 17 ;\nVU le code de la sant\u00e9 publique, et notamment les articles L.1331-1 \u00e0 7 et L.1331-10 ;\nVU l'arr\u00eat\u00e9 du 20 avril 2005 modifi\u00e9 pris en application du d\u00e9cret du 20 avril 2005 et l'arr\u00eat\u00e9 du 30\njuin 2005, relatifs au programme national d'action contre la pollution des milieux aquatiques par\ncertaines substances dangereuses ;\nVU l'arr\u00eat\u00e9 du 9 ao\u00fbt 2006 relatif aux niveaux \u00e0 prendre en compte lors d'une analyse de rejets dans\nles eaux de surface ;\n1/5\nDirection d\u00e9partementale des territoires de la C\u00f4te-d'Or\n57 , rue de Mulhouse - BP 53317 - 21033 Dijon CEDEX\nT\u00e9l. : 03 80 29 44 44\nC/ourriel : ddt@cote-dor.gouv.fr - Site internet : \nhttp://www.cote-dor.gouv.fr\nDirection d\u00e9partementale des territoires de la C\u00f4te-d'Or - 21-2024-12-10-00004 - Arr\u00eat\u00e9 pr\u00e9fectoral compl\u00e9mentaire n\u00b0 1854 du 10\nd\u00e9cembre 2024 portant modification de l'arr\u00eat\u00e9 du 06 novembre 2017 portant renouvellement de l'autorisation d'exploiter le\nsyst\u00e8me d'assainissement de PLUVET.\n21\nVU l'arr\u00eat\u00e9  du  25  janvier  2010  modifi\u00e9  relatif  aux  m\u00e9thodes  et  crit\u00e8res  d'\u00e9valuation  de  l'\u00e9tat\n\u00e9cologique, de l'\u00e9tat chimique et du potentiel \u00e9cologique des eaux de surface pris en application\ndes articles R. 212-10, R. 212-11 et R. 212-18 du code de l'environnement ;\nVU l'a rr\u00eat\u00e9 du  21  juillet  2015  modifi\u00e9  relatif  aux  syst\u00e8mes  d'assainissement  collectif  et  aux\ninstallations  d'assainissement  non  collectif,  \u00e0  l'exception  des  installations  d'assainissement  non\ncollectif recevant une charge brute de pollution organique inf\u00e9rieure ou \u00e9gale \u00e0 1,2 kg/j de DBO5\nmodifi\u00e9 par les arr\u00eat\u00e9s du 24 ao\u00fbt 2017 et du 31 juillet 2020 ;\nVU le Sch\u00e9ma Directeur d'Am\u00e9nagement et de Gestion des Eaux (SDAGE RMC) du bassin Rh\u00f4ne-\nM\u00e9diterran\u00e9e approuv\u00e9 par le pr\u00e9fet coordonnateur de bassin le 21 mars 2022 ;\nVU le Sch\u00e9ma d'Am\u00e9nagement et de Gestion des Eaux (SAGE) du bassin de la TILLE approuv\u00e9 par le\npr\u00e9fet le 03 juillet 2020 ;\nVU l'arr\u00eat\u00e9 pr\u00e9fectoral du 06 novembre 2017 portant renouvellement de l'autorisation d'exploiter le\nsyst\u00e8me d'assainissement de PLUVET ;\nVU l'arr\u00eat\u00e9  pr\u00e9fectoral  du  28  novembre  2017  portant  cr\u00e9ation  du  syndicat  intercommunal\nd\u00e9nomm\u00e9 SINOTIV'EAU ; \nVU l'arr\u00eat\u00e9 pr\u00e9fectoral n\u00b0 1659/SG du 28 octobre 2024 donnant d\u00e9l\u00e9gation de signature \u00e0 Madame\nFlorence LAUBIER, directrice d\u00e9partementale des territoires de la C\u00f4te-d'Or ;\nVU l'arr\u00eat\u00e9  n\u00b0  1660  du  30  octobre  2024 portant  subd\u00e9l\u00e9gation  de  signature  aux  agents  de  la\ndirection d\u00e9partementale de territoires de la c\u00f4te d'Or ;\nCONSID\u00c9RANT les exigences de l'arr\u00eat\u00e9 minist\u00e9riel du 21 juillet 2015 modifi\u00e9 relatif aux syst\u00e8mes\nd'assainissement  collectif  et  aux  installations  d'assainissement  non  collectif,  \u00e0  l'exception  des\ninstallations  d'assainissement  non  collectif  recevant  une  charge  brute  de  pollution  organique\ninf\u00e9rieure ou \u00e9gale \u00e0 1,2 kg/j de DBO5 ;\nCONSIDERANT que l'article 14 de l'arr\u00eat\u00e9 minist\u00e9riel du 21 juillet 2015 permet au pr\u00e9fet de prescrire\ndes valeurs plus s\u00e9v\u00e8res que celles figurant dans le tableau 6 de l'annexe III pour les param\u00e8tres\nDBO5, DCO et MES, au regard des objectifs environnementaux ;\nCONSIDERANT que la valeur r\u00e9dhibitoire du param\u00e8tre DCO ne d\u00e9passe pas le double de la valeur\nseuil en DCO d\u00e9finie dans ce m\u00eame tableau, qu'il convient d\u00e8s lors d'abaisser la valeur r\u00e9dhibitoire\nen  DCO  au  double  de  sa  valeur  seuil  de  90  mg/l,  soit  \u00e0  180  mg/l  au  lieu  des  250  mg/l\nactuellement prescrits \u00e0 l'article 5 de l'arr\u00eat\u00e9 pr\u00e9fectoral du 06 novembre 2017 ;\nCONSIDERANT que la valeur r\u00e9dhibitoire du param\u00e8tre MES ne d\u00e9passe pas 150 % de la valeur seuil\nen MES d\u00e9finie dans ce m\u00eame tableau, qu'il convient d\u00e8s lors d'abaisser la valeur r\u00e9dhibitoire en\nMES \u00e0 150 % de sa valeur seuil de 30 mg/l, soit \u00e0 75 mg/l au lieu des 85 mg/l actuellement  prescrits \u00e0\nl'article 5 de l'arr\u00eat\u00e9 pr\u00e9fectoral du 06 novembre 2017  ;\nCONSIDERANT que l'article 5 de l'arr\u00eat\u00e9 pr\u00e9fectoral  du 06 novembre 2017  prescrit  \u00e0 tort des\nperformances  minimales  \u00e0  respecter  sur  le  param\u00e8tre  NTK au  lieu  du  param\u00e8tre NGL et  qu'il\nconvient de rectifier cette erreur d'\u00e9criture ;\nCONSIDERANT que,  sous r\u00e9serve du respect  des prescriptions d\u00e9finies aux  articles ci-apr\u00e8s,  le\nsyst\u00e8me d'assainissement de PLUVET  respecte les prescriptions relatives \u00e0 la gestion \u00e9quilibr\u00e9e et\ndurable de la ressource en eau telles que d\u00e9finies \u00e0 l'article L.211-1 du code de l'environnement ;\nCONSIDERANT que le pr\u00e9sent arr\u00eat\u00e9 permet de r\u00e9pondre aux exigences de l'arr\u00eat\u00e9 du 21 juillet 2015\nrelatif aux syst\u00e8mes d'assainissement collectif et aux installations d'assainissement non collectif, \u00e0\nl'exception des installations d'assainissement non collectif recevant une charge brute de pollution\norganique inf\u00e9rieure ou \u00e9gale \u00e0 1,2 kg/j de DBO5, modifi\u00e9 par l'arr\u00eat\u00e9 du 31 juillet 2020 ;\n2/5\nDirection d\u00e9partementale des territoires de la C\u00f4te-d'Or - 21-2024-12-10-00004 - Arr\u00eat\u00e9 pr\u00e9fectoral compl\u00e9mentaire n\u00b0 1854 du 10\nd\u00e9cembre 2024 portant modification de l'arr\u00eat\u00e9 du 06 novembre 2017 portant renouvellement de l'autorisation d'exploiter le\nsyst\u00e8me d'assainissement de PLUVET.\n22\nCONSIDERANT que le pr\u00e9sent arr\u00eat\u00e9 est compatible avec le Sch\u00e9ma Directeur d'Am\u00e9nagement et\nde Gestion des Eaux (SDAGE RMC) du bassin Rh\u00f4ne M\u00e9diterran\u00e9e, et notamment ses orientations\nfondamentales 5A et 5B, ainsi qu'avec le Sch\u00e9ma d'Am\u00e9nagement et de Gestion des Eaux (SAGE)\ndu bassin de la TILLE  ;\nCONSIDERANT que  les  dispositions  du  pr\u00e9sent  arr\u00eat\u00e9  ne  repr\u00e9sentent  pas  une  modification\nsubstantielle de l'autorisation d'exploiter le syst\u00e8me d'assainissement de PLUVET ;\nCONSIDERANT que le projet d'arr\u00eat\u00e9 pr\u00e9fectoral a \u00e9t\u00e9 port\u00e9 \u00e0 la connaissance  du SINOTIV'EAU,\nconform\u00e9ment  aux  dispositions  de  l'article  R.181-45 du  code  de  l'environnement  en  date  du\n03 d\u00e9cembre 2024 ;\nCONSIDERANT les observations du SINOTIV'EAU en date du 09 d\u00e9cembre 2024 ;\nSUR proposition de la directrice d\u00e9partementale des territoires ;\nARRETE :\nArticle 1\nL'arr\u00eat\u00e9 pr\u00e9fectoral du 06 novembre 2017 est modifi\u00e9 par les dispositions suivantes.\nLe  tableau  relatif  \u00e0  la  nomenclature  des  installations,  ouvrages,  travaux  et  activit\u00e9s  (IOTA)  de\nl'article 1 de l'arr\u00eat\u00e9 pr\u00e9fectoral du 06 novembre 2017 est mis \u00e0 jour comme suit :\nRubrique Intitul\u00e9 R\u00e9gime\n2.1.1.0\nSyst\u00e8mes  d'assainissement  collectif  des  eaux  us\u00e9es  et\ninstallations  d'assainissement  non  collectif  destin\u00e9s  \u00e0\ncollecter et traiter une charge brute de pollution organique\nau  sens  de  l'article  R.  2224-6  du  code  g\u00e9n\u00e9ral  des\ncollectivit\u00e9s territoriales: \n1\u00b0 Sup\u00e9rieure \u00e0 600 kg de DBO5 (A)\n2\u00b0 Sup\u00e9rieure \u00e0 12 kg de DBO5, mais inf\u00e9rieure ou \u00e9gale \u00e0 \n600 kg de DBO5 (D).\nD\u00e9claration\nUn syst\u00e8me d'assainissement collectif est constitu\u00e9 d'un syst\u00e8me de collecte, d'une\nstation de traitement des eaux us\u00e9es et des ouvrages assurant l'\u00e9vacuation des eaux\nus\u00e9es trait\u00e9es vers le milieu r\u00e9cepteur, relevant en tout ou partie d'un ou plusieurs\nservices publics d'assainissement mentionn\u00e9s au II de l'article L. 2224-7 du code\ng\u00e9n\u00e9ral des collectivit\u00e9s territoriales. Dans le cas o\u00f9 des stations de traitement des\neaux us\u00e9es sont  interconnect\u00e9es,  elles constituent  avec les syst\u00e8mes de collecte\nassoci\u00e9s  un  unique  syst\u00e8me  d'assainissement.  Il  en  est  de  m\u00eame  lorsque\nl'interconnexion se fait au niveau de plusieurs syst\u00e8mes de collecte. \nUne  installation  d'assainissement  non  collectif  est  une  installation  assurant  la\ncollecte, le transport, le traitement et l'\u00e9vacuation des eaux us\u00e9es domestiques ou\nassimil\u00e9es des immeubles ou parties d'immeubles non raccord\u00e9s \u00e0 un r\u00e9seau public\nde collecte des eaux us\u00e9es. \n3/5\nDirection d\u00e9partementale des territoires de la C\u00f4te-d'Or - 21-2024-12-10-00004 - Arr\u00eat\u00e9 pr\u00e9fectoral compl\u00e9mentaire n\u00b0 1854 du 10\nd\u00e9cembre 2024 portant modification de l'arr\u00eat\u00e9 du 06 novembre 2017 portant renouvellement de l'autorisation d'exploiter le\nsyst\u00e8me d'assainissement de PLUVET.\n23\nL'article 5 de l'arr\u00eat\u00e9 pr\u00e9fectoral du 06 novembre 2017 est remplac\u00e9 par :\nLes performances minimales \u00e0 respecter  \u00e0 compter du 1 er janvier 2025  en concentration ou en\nrendement sont les suivantes :\nParam\u00e8tre pH\n(en sortie)\nT\u00b0C\n(en sortie) MES DBO5 DCO \nNGL \n(moyenne\nannuelle)\nPT \n(moyenne\nannuelle )\nValeur maximale de \nrejet\nCompris entre\n6 et 8,5 < 25\u00b0C * 30 mg/L 25 mg/L 90 mg/L 15 mg/L 2 mg/L\nRendement minimal / / 90% 80% 75% 70% 80%\nValeur r\u00e9dhibitoire / / 75 mg/L 50 mg/L 180 mg/L / /\n* : sauf en cas de conditions climatiques exceptionnelles\nPour le traitement de l'azote, les \u00e9chantillons utilis\u00e9s pour le calcul de la moyenne annuelle sont\npr\u00e9lev\u00e9s lorsque la temp\u00e9rature dans le r\u00e9acteur biologique est sup\u00e9rieure \u00e0 12\u00b0C. \nLa conformit\u00e9 vis-\u00e0-vis des volumes d\u00e9vers\u00e9s est d\u00e9termin\u00e9e \u00e0 travers le d\u00e9bit de r\u00e9f\u00e9rence qui\ncorrespond au percentile 95 des d\u00e9bits arrivant \u00e0 la station de traitement des eaux us\u00e9es.\nLes normes de rejet ont \u00e9t\u00e9 fix\u00e9es afin de ne pas d\u00e9grader la masse d'eau r\u00e9ceptrice. Dans le cas\ncontraire, des prescriptions compl\u00e9mentaires pourront \u00eatre d\u00e9finies.\nLes dispositions  de l'arr\u00eat\u00e9 pr\u00e9fectoral du 06 novembre 2017  non modifi\u00e9es par le pr\u00e9sent arr\u00eat\u00e9\ndemeurent applicables.\nArticle   2   \u2013 Voies et d\u00e9lais de recours\nDans les conditions de l'article R514-3-1 du code de l'environnement, le pr\u00e9sent arr\u00eat\u00e9 est\nsusceptible de recours contentieux devant le tribunal administratif de Dijon (22 rue d'Assas \u2013\nBP 61916- 21016 Dijon Cedex) par le p\u00e9titionnaire dans un d\u00e9lai de deux mois \u00e0 compter de la\ndate \u00e0 laquelle la d\u00e9cision lui a \u00e9t\u00e9 notifi\u00e9e et par les tiers dans un d\u00e9lai de quatre mois \u00e0\ncompter de la publication ou de l'affichage de la pr\u00e9sente d\u00e9cision.\nLe tribunal administratif peut \u00eatre saisi par un recours d\u00e9pos\u00e9 via l'application T\u00e9l\u00e9recours\ncitoyens accessible par le site internet www.telerecours.fr  .  \nDans le m\u00eame d\u00e9lai de deux mois, le d\u00e9clarant peut pr\u00e9senter un recours gracieux. Le silence\ngard\u00e9 par l'administration pendant plus de deux mois sur la demande de recours gracieux\nemporte d\u00e9cision implicite de rejet de cette demande conform\u00e9ment aux articles R421-1 \u00e0\nR421-5 du code de justice administrative.\nCelui-ci prolonge le d\u00e9lai de recours contentieux qui doit \u00eatre introduit dans les deux mois suivant la\nr\u00e9ponse.\nArticle 3 \u2013 Publication et information des tiers\nUne copie du pr\u00e9sent arr\u00eat\u00e9 est d\u00e9pos\u00e9e \u00e0 la mairie de PLUVET et peut y \u00eatre consult\u00e9e.\nUn extrait du pr\u00e9sent arr\u00eat\u00e9 sera affich\u00e9 pendant une dur\u00e9e minimale d'un mois \u00e0 la mairie de\nPLUVET. Cette formalit\u00e9 fera l'objet d'un proc\u00e8s verbal par les soins du maire.\n4/5\nDirection d\u00e9partementale des territoires de la C\u00f4te-d'Or - 21-2024-12-10-00004 - Arr\u00eat\u00e9 pr\u00e9fectoral compl\u00e9mentaire n\u00b0 1854 du 10\nd\u00e9cembre 2024 portant modification de l'arr\u00eat\u00e9 du 06 novembre 2017 portant renouvellement de l'autorisation d'exploiter le\nsyst\u00e8me d'assainissement de PLUVET.\n24\nUne copie du pr\u00e9sent arr\u00eat\u00e9 est transmise pour information aux mairies des communes de  BEIRE-LE-\nFORT,  CHAMPDOTRE,  COLLONGE-LES-PREMI\u00c8RES,  PREMI\u00c8RES,  LONGEAULT,  LES  MAILLYS,\nPLUVAULT, PONT, SOIRANS, TART-L'ABBAYE, TILLENAY, TRECLUN.\nLa pr\u00e9sente autorisation sera \u00e0 disposition du public sur le site Internet de la pr\u00e9fecture de la C\u00f4te-\nd'Or pendant une dur\u00e9e minimale de quatre mois et publi\u00e9e au recueil des actes administratifs de la\npr\u00e9fecture de la C\u00f4te-d'Or.\nArticle 4 \u2013 Ex\u00e9cution.\nLa directrice d\u00e9partementale des territoires de la C\u00f4te-d'Or et le pr\u00e9sident du SINOTIV'EAU sont\ncharg\u00e9s chacun en ce qui concerne de l'ex\u00e9cution du pr\u00e9sent arr\u00eat\u00e9 dont copie sera adress\u00e9e \u00e0\nl'Office Fran\u00e7ais de la Biodiversit\u00e9, l'Agence R\u00e9gionale de Sant\u00e9 et le pr\u00e9sident de la CLE de la Tille et\nqui sera publi\u00e9 au registre des actes administratifs de la pr\u00e9fecture de C\u00f4te-d'Or.\nDIJON, le 10 d\u00e9cembre 2024\nPour le pr\u00e9fet et par d\u00e9l\u00e9gation,\nPour la directrice d\u00e9partementale et par d\u00e9l\u00e9gation,\nLa responsable du bureau Pr\u00e9servation de la qualit\u00e9\nde l'eau et des milieux aquatiques,\nSIGN\u00c9\nPauline SOUCHE-SUCHOVSKY\n5/5\nDirection d\u00e9partementale des territoires de la C\u00f4te-d'Or - 21-2024-12-10-00004 - Arr\u00eat\u00e9 pr\u00e9fectoral compl\u00e9mentaire n\u00b0 1854 du 10\nd\u00e9cembre 2024 portant modification de l'arr\u00eat\u00e9 du 06 novembre 2017 portant renouvellement de l'autorisation d'exploiter le\nsyst\u00e8me d'assainissement de PLUVET.\n25\nDRFiP Bourgogne Franche-Comt\u00e9\n21-2024-12-11-00001\nArr\u00eat\u00e9 relatif \u00e0 la fermeture exceptionnelle du\nservice de publicit\u00e9 fonci\u00e8re et de\nl'enregistrement de Dijon\nDRFiP Bourgogne Franche-Comt\u00e9 - 21-2024-12-11-00001 - Arr\u00eat\u00e9 relatif \u00e0 la fermeture exceptionnelle du service de publicit\u00e9 fonci\u00e8re et\nde l'enregistrement de Dijon 26\nREPUBLIQUEFRANCAISEL_iberte'Egalit\u00e9Fraternit\u00e9\nTFINANCES PUBLIQUES\nArr\u00eat\u00e9 relatif \u00e0 la fermeture exceptionnelle du service de la publicit\u00e9 fonci\u00e8re et de l'enregistrement\nde DIJON\nLa directrice r\u00e9gionale des finances publiques de Bourgogne-Franche-Comt\u00e9 et du d\u00e9partement de\nla C\u00f4te-d'Or\nVu le d\u00e9cret n\u00b071-69 du 26 janvier 1971 relatif au r\u00e9gime d'ouverture au public des services ext\u00e9rieurs de\nl'Etat ;\nVu le d\u00e9cret n\u00b02004-374 du 29 avril 2004 modifi\u00e9 relatif aux pouvoirs des pr\u00e9fets, \u00e0 l'organisation et \u00e0\nl'action des services de l'Etat, dans les r\u00e9gions et les d\u00e9partements ;\nVu le d\u00e9cret n\u00b02008-310 du 3 avril 2008 relatif \u00e0 la direction g\u00e9n\u00e9rale des finances publiques ;\nVu le d\u00e9cret n\u00b02009-208 du 20 f\u00e9vrier 2009 relatif au statut particulier des administrateurs des finances\npubliques ;\nVu le d\u00e9cret n\u00b02009-707 du 16 juin 2009 modifi\u00e9 relatif aux services d\u00e9concentr\u00e9s de la direction g\u00e9n\u00e9rale\ndes finances publiques ;\nVu  l'arr\u00eat\u00e9  pr\u00e9fectoral  n\u00b0  1675/SG  du  28  octobre  2024  portant  d\u00e9l\u00e9gation  de  signature  en  mati\u00e8re\nd'ouverture et de fermeture des services d\u00e9concentr\u00e9s de la direction r\u00e9gionale des finances publiques de\nBourgogne-Franche-Comt\u00e9 et du d\u00e9partement de la C\u00f4te-d'Or ;\nARR\u00caTE :\nArticle 1er : \nLe service de la publicit\u00e9 fonci\u00e8re et de l'enregistrement de DIJON sera ferm\u00e9 \u00e0 titre exceptionnel les 2 et\n3 janvier 2025.\nArticle 2 :\nLe pr\u00e9sent arr\u00eat\u00e9 sera publi\u00e9 au recueil des actes administratifs de la Pr\u00e9fecture et affich\u00e9 dans les locaux\ndes services vis\u00e9s \u00e0 l'article 1er.\nFait \u00e0 Dijon, le 11 d\u00e9cembre 2024,\nPar d\u00e9l\u00e9gation du Pr\u00e9fet,\nLa directrice r\u00e9gionale des Finances publiques de Bourgogne-Franche-Comt\u00e9\net du d\u00e9partement de la C\u00f4te-d'Or \nH\u00e9l\u00e8ne CROCQUEVIEILLE\nDRFiP Bourgogne Franche-Comt\u00e9 - 21-2024-12-11-00001 - Arr\u00eat\u00e9 relatif \u00e0 la fermeture exceptionnelle du service de publicit\u00e9 fonci\u00e8re et\nde l'enregistrement de Dijon 27\nPr\u00e9fecture de la C\u00f4te-d'Or\nDirection des Collectivit\u00e9s locales et des\nElections \n21-2024-12-12-00001\nArr\u00eat\u00e9 pr\u00e9fectoral 1871 fixant les tarifs de\nremboursement des documents \u00e9lectoraux pour\nles \u00e9lections des membres \u00e0 la chambre\nd'agriculture\nPr\u00e9fecture de la C\u00f4te-d'Or - 21-2024-12-12-00001 - Arr\u00eat\u00e9 pr\u00e9fectoral 1871 fixant les tarifs de remboursement des documents\n\u00e9lectoraux pour les \u00e9lections des membres \u00e0 la chambre d'agriculture 28\nExPREFETDE LACOTE-D'ORLibert\u00e9Egalit\u00e9Fraternit\u00e9\nDirection des Collectivit\u00e9s Locales et des \u00c9lections\nBureau des \u00e9lections et de la r\u00e9glementation\nAffaire suivie par Mmes BROUSSE et HORNY\nT\u00e9l. : 03.80.44.65.40 /65.41\ncourriel : pref-elections@cote-dor.gouv.fr\nDijon, le 10 d\u00e9cembre 2024\nArr\u00eat\u00e9 N\u00b0 1871 du 12 d\u00e9cembre 2024\nfixant les tarifs de remboursement des documents \u00e9lectoraux \ndans le cadre des \u00e9lections des membres de la Chambre D\u00e9partementale\nd'Agriculture du 31 janvier 2025\nVU les articles R. 511-36, R. 511-37, R. 511-41 et R. 511-42 du code rural et de la p\u00eache maritime ;\nVU les articles R.29, R.30 et R. 39 modifi\u00e9s du code \u00e9lectoral ;\nVU l'article 278-0 bis du code g\u00e9n\u00e9ral des imp\u00f4ts ;\nVU l'arr\u00eat\u00e9 pr\u00e9fectoral n\u00b0 1  765 du 12 novembre 2024 instituant une commission d\u00e9partementale\nd'organisation des op\u00e9rations \u00e9lectorales dans le cadre de l'\u00e9lection des membres de la Chambre\nD\u00e9partementale d'Agriculture qui aura lieu le 31 janvier 2025 ;\nVU l'arr\u00eat\u00e9 du 24 janvier 2020 fixant les tarifs maxima de remboursement des frais d'impression et\nd'affichage  des  documents  \u00e9lectoraux  pour  les  \u00e9lections  municipales,  communautaires  et\nm\u00e9tropolitaines \u00e0 Lyon des 15 et 22 mars 2020, \nVU l'avis \u00e9mis par la commission d\u00e9partementale d'organisation des op\u00e9rations \u00e9lectorales lors de\nson installation le 3 d\u00e9cembre 2024 ;\nSUR proposition de M. le Secr\u00e9taire G\u00e9n\u00e9ral de la Pr\u00e9fecture de la C\u00f4te d'Or ;\nARR\u00caTE\nArticle 1  er     : Les tarifs maxima de remboursement des frais expos\u00e9s par les listes de candidats ayant\nobtenu au moins 5 % des suffrages exprim\u00e9s, pour l'impression des documents \u00e9lectoraux, sont\nfix\u00e9s ainsi qu'il suit :\nA \u2013 \u00c9LECTEURS INDIVIDUELS\na) Circulaires : Format 210 \u00d7 297 mm (imp\u00e9ratif et non format maximal)\n- Impression recto\nle premier mille : 195,02 \u20ac HT\nle mille suivant : 18,91 \u20ac HT\n- Impression recto-verso\nle premier mille : 253,77 \u20ac HT\nle mille suivant : 24,88 \u20ac HT\n1/3\nPr\u00e9fecture de la C\u00f4te-d'Or - 21-2024-12-12-00001 - Arr\u00eat\u00e9 pr\u00e9fectoral 1871 fixant les tarifs de remboursement des documents\n\u00e9lectoraux pour les \u00e9lections des membres \u00e0 la chambre d'agriculture 29\nb) Bulletins de vote : Format imp\u00e9ratif de 148 \u00d7 210 mm (orientation portrait)\n- Impression recto\nle premier mille : 119,40 \u20ac HT\nle mille suivant : 14,93 \u20ac HT\n- Impression recto-verso\nle premier mille : 134,37 \u20ac HT\nle mille suivant : 16,92 \u20ac HT\nB \u2013 GROUPEMENTS PROFESSIONNELS\na) Circulaires : Format 210 \u00d7 297 (imp\u00e9ratif et non format maximal)\n- Impression recto\nle premier cent : 105,47  \u20ac HT\nle cent suivant : 9,95  \u20ac HT\n- Impression recto-verso \nle premier cent : 137,31  \u20ac HT\nle cent suivant : 12,94  \u20ac HT\nb) Bulletins de vote : Format imp\u00e9ratif 148 \u00d7 210 mm (orientation portrait)\n- Impression recto\nle premier cent : 47,76 \u20ac HT\nle cent suivant : 7,96  \u20ac HT\nArticle 2 : Les bulletins de vote ne doivent pas comporter d'autres mentions, que le d\u00e9partement et\nla date de cl\u00f4ture du scrutin, soit le 31 janvier 2025, le coll\u00e8ge, le nom et le pr\u00e9nom de chaque\ncandidat,  le  titre  de  la  liste  et  \u00e9ventuellement  l'organisation  syndicale  ou  professionnelle  qui\nrepr\u00e9sente la liste.\nLes bulletins de vote ne doivent comporter ni adjonction, ni suppression de nom, ni modification de\nl'ordre de pr\u00e9sentation de la liste pour \u00eatre jug\u00e9s valable.\nPour  le  coll\u00e8ge  n\u00b01  \u00ab Chefs  d'exploitations  et  assimil\u00e9s \u00bb,  le  nom  des  candidats  \u00e0  la  chambre\nd\u00e9partementale  et  \u00e9galement  \u00e0  la  chambre  r\u00e9gionale  sera  suivi  de  la  mention  \u00ab chambre\nr\u00e9gionale \u00bb. Il ne pourra pas \u00eatre soulign\u00e9, ni mis en gras.\nArticle 3     :   Les tarifs indiqu\u00e9s s'entendent :\n     1) hors T.V.A. (taux r\u00e9duit)\n    2) fa\u00e7onnage compris, paquetage et frais de livraison des circulaires et bulletins de vote au si\u00e8ge\nde la commission d\u00e9partementale - \u00e0 la Chambre D\u00e9partementale d'Agriculture \u2013 1 rue des Coulots\n\u201321110 BRETENIERE.\n     3) prix du papier inclus.\n    4) Le remboursement des frais d'impression ou de reproduction n'est effectu\u00e9, sur pr\u00e9sentation\nde pi\u00e8ces justificatives, que pour les circulaires et les bulletins de vote produits \u00e0 partir de papier\nblanc de qualit\u00e9 \u00e9cologique r\u00e9pondant au moins \u00e0 l'un des deux crit\u00e8res suivants :\n\u2022 papier contenant au moins 50  % de fibres recycl\u00e9es ;\n\u2022 papier b\u00e9n\u00e9ficiant d'une certification internationale de gestion durable des for\u00eats.\nCes tarifs ne peuvent s'appliquer qu'\u00e0 des documents excluant tous travaux de photogravure. En\noutre,  ils ne  s'appliquent  qu'\u00e0 des  circulaires  et  des  bulletins  de  vote  imprim\u00e9s ou  reproduits\nexclusivement sur papier blanc dont le grammage est compris entre 60 et 80 grammes au m\u00e8tre\ncarr\u00e9.\nDans  l'hypoth\u00e8se  o\u00f9  un  candidat  ferait  imprimer  des  documents  \u00e9lectoraux  dans  un  autre\nd\u00e9partement, le remboursement s'effectuera, pour chaque nature de document, dans la limite du\n2/3\nPr\u00e9fecture de la C\u00f4te-d'Or - 21-2024-12-12-00001 - Arr\u00eat\u00e9 pr\u00e9fectoral 1871 fixant les tarifs de remboursement des documents\n\u00e9lectoraux pour les \u00e9lections des membres \u00e0 la chambre d'agriculture 30\ntarif le moins \u00e9lev\u00e9 entre celui fix\u00e9 par le d\u00e9partement du lieu d'impression et celui fix\u00e9 par le\nd\u00e9partement qui assure le remboursement.\nArticle 4     : S'agissant des travaux d'impression des circulaires et des bulletins de vote, les imprimeurs\ndevront appliquer le taux r\u00e9duit de T.V.A. de 5,5 %, taux applicable \u00e0 la date du paiement de la\nfacture, soit apr\u00e8s le 1er janvier 2025.\nArticle 5  : Le mandataire de chaque liste devra faire conna\u00eetre au pr\u00e9sident de la commission\nd'organisation des op\u00e9rations \u00e9lectorales le nom de l'imprimeur choisi par lui. \nArticle 6     : Les dates et heures limites de d\u00e9p\u00f4t des documents \u00e0 la commission d\u00e9partementale\nd'organisation des op\u00e9rations \u00e9lectorales sont fix\u00e9es au  lundi 6 janvier 2025 \u00e0 12  h \u00e0 la Chambre\nd'Agriculture \u20131 rue des Coulots \u00e0 21110 BRETENIERE.\nLa  commission  n'assure  pas  l'envoi  des  documents  remis  post\u00e9rieurement  \u00e0  la  date  et  heure\nindiqu\u00e9es ci-dessus ou non conformes aux dispositions de l'article R.511-42 du code rural et de la\np\u00eache maritime et des articles R.29, R.30 et R.39 du code \u00e9lectoral.\nArticle  7 : Les listes  de candidats ayant  obtenu au moins 5% des suffrages exprim\u00e9s pourront\nobtenir le remboursement des frais d'impression, dans la limite des quantit\u00e9s annex\u00e9es au pr\u00e9sent\narr\u00eat\u00e9, sur pr\u00e9sentation des factures acquitt\u00e9es en double exemplaires accompagn\u00e9es :\n\u2022 d'un exemplaire de chaque imprim\u00e9 (circulaire et bulletin de vote) ;\n\u2022 d'une attestation de l'imprimeur relative \u00e0 la qualit\u00e9 du papier \u00e9cologique employ\u00e9 pour\nl'impression des  circulaires et  bulletins de vote,  conform\u00e9ment  \u00e0 l'article R.39  du code\n\u00e9lectoral ;\n\u2022 d'un relev\u00e9 d'identit\u00e9 bancaire du mandataire de la liste ou d'un relev\u00e9 d'identit\u00e9 bancaire\nde l'imprimeur en cas de subrogation.\nLes  factures  transmises  par  les  candidats,  \u00e0  la  Pr\u00e9fecture  de  la  C\u00f4te  d'Or  \u2013  Direction  des\ncollectivit\u00e9s  locales  et  des  \u00e9lections  bureau  des  \u00e9lections  et  de  la  r\u00e9glementation  \u2013\n21041 DIJON CEDEX, devront avoir \u00e9t\u00e9 acquitt\u00e9es pr\u00e9alablement  ; elles seront rembours\u00e9es par la\nChambre  d'Agriculture  apr\u00e8s  approbation  par  la  commission  d'organisation  des  op\u00e9rations\n\u00e9lectorales.\nLes  factures  transmises  par  les  imprimeurs,  \u00e0  la  Pr\u00e9fecture  de  la  C\u00f4te  d'Or  \u2013  Direction  des\ncollectivit\u00e9s  locales  et  des  \u00e9lections  bureau  des  \u00e9lections  et  de  la  r\u00e9glementation  \u2013\n21041  DIJON  CEDEX,  devront  \u00eatre  accompagn\u00e9es  du  mandat  de  subrogation,  sign\u00e9  par  le\nmandataire de la liste, elles seront rembours\u00e9es par la Chambre d'Agriculture apr\u00e8s approbation\npar la commission d'organisation des op\u00e9rations \u00e9lectorales.\nArticle 8 : M. le Secr\u00e9taire G\u00e9n\u00e9ral de la Pr\u00e9fecture de la C\u00f4te d'Or est charg\u00e9 de l'ex\u00e9cution du\npr\u00e9sent arr\u00eat\u00e9 qui sera publi\u00e9 au Recueil des Actes Administratifs de la Pr\u00e9fecture de la C\u00f4te d'or,\net notifi\u00e9 aux imprimeurs, aux mandataires des listes de candidats, \u00e0 la Directrice R\u00e9gionale des\nFinances  Publiques  de  Bourgogne-Franche-Comt\u00e9  et  du  d\u00e9partement  de  la  C\u00f4te  d'Or  et  au\nPr\u00e9sident de la Chambre D\u00e9partementale d'Agriculture.\n Fait \u00e0 Dijon, le 10 d\u00e9cembre 2024\nLe Pr\u00e9fet,\nPour le pr\u00e9fet et par d\u00e9l\u00e9gation\nSign\u00e9\nDenis BRUEL\n3/3\nPr\u00e9fecture de la C\u00f4te-d'Or - 21-2024-12-12-00001 - Arr\u00eat\u00e9 pr\u00e9fectoral 1871 fixant les tarifs de remboursement des documents\n\u00e9lectoraux pour les \u00e9lections des membres \u00e0 la chambre d'agriculture 31\nPr\u00e9fecture de la C\u00f4te-d'Or\nDirection des Collectivit\u00e9s locales et des\nElections \n21-2024-12-09-00006\nArr\u00eat\u00e9 pr\u00e9fectoral portant modification de la\ncomposition de la commission d\u00e9partementale\nde la coop\u00e9ration intercommunale (CDCI) de la\nC\u00f4te-d'Or \nPr\u00e9fecture de la C\u00f4te-d'Or - 21-2024-12-09-00006 - Arr\u00eat\u00e9 pr\u00e9fectoral portant modification de la composition de la commission\nd\u00e9partementale de la coop\u00e9ration intercommunale (CDCI) de la C\u00f4te-d'Or 32\nExPREFETDE LACOTE-D'ORLibert\u00e9Egalit\u00e9Fraternit\u00e9\nDIRECTION DES COLLECTIVIT\u00c9S LOCALES ET DES \u00c9LECTIONS\nBUREAU DES COLLECTIVIT\u00c9S LOCALES\nAffaire suivie par : Isabelle AMSALLEM\nT\u00e9l : 03.80.44.66.16\nm\u00e9l : isabelle.amsallem@cote-dor.gouv.fr\nArr\u00eat\u00e9 pr\u00e9fectoral \nportant modification de la composition de la commission d\u00e9partementale\nde la coop\u00e9ration intercommunale (CDCI) de la C\u00f4te-d'Or\nLe pr\u00e9fet de la r\u00e9gion Bourgogne-Franche-Comt\u00e9\nLe pr\u00e9fet de la C\u00f4te-d'Or\nVU la  loi  d'orientation  n\u00b0  92.125  du  6  f\u00e9vrier  1992  relative  \u00e0  l'Administration  Territoriale  de  la\nR\u00e9publique ;\nVU la loi n\u00b02010-1536 du 16 d\u00e9cembre 2010 relative \u00e0 la r\u00e9forme des collectivit\u00e9s territoriales ;\nVU la loi n\u00b0 2018-699 du 3 ao\u00fbt 2018 visant \u00e0 garantir la pr\u00e9sence des parlementaires dans certains\norganismes ext\u00e9rieurs au Parlement ;\nVU la loi n\u00b0 2019-1461 du 27 d\u00e9cembre 2019 relative \u00e0 l'engagement dans la vie locale et \u00e0 la proximit\u00e9\nde l'action publique ;\nVU le  code  g\u00e9n\u00e9ral  des  collectivit\u00e9s  territoriales  (CGCT)  et  notamment  les  articles  L.  5211-42  et\nsuivants, R. 5211-19 et suivants ;\nVU le  d\u00e9cret  n\u00b02011-122  du  28  janvier  2011  relatif  \u00e0  la  composition  et  au  fonctionnement  de  la\ncommission d\u00e9partementale de la coop\u00e9ration intercommunale ;\nVU le d\u00e9cret du 10 octobre 2024 portant nomination du pr\u00e9fet de la r\u00e9gion Bourgogne-Franche-Comt\u00e9,\npr\u00e9fet de la C\u00f4te-d'Or \u2013 M. Paul MOURIER ;\nVU la d\u00e9mission de monsieur Beno\u00eet BERNY de ses fonctions de maire de la commune d'Orville le 31\nao\u00fbt  2024  l'article  L273-11  alin\u00e9a  2  du  code  \u00e9lectoral tendant  \u00e0  la  r\u00e9\u00e9lection  des  conseillers\ncommunautaires  ensuite  de  l'\u00e9lection  d'un  nouveau  maire  pour  les  communes  de  moins  de  1000\nhabitants ; \nVU l'\u00e9lection de Mme Nathalie KOENDERS le 25 novembre 2024 aux fonctions de maire de la Ville de\nDijon ;\nVU la d\u00e9mission de M. Pierre PRIBETICH le 15 juillet 2024 de ses fonctions d'adjoint au maire de Dijon et\nla poursuite de son mandat municipal ;\nPr\u00e9fecture de la C\u00f4te-d'Or \u2013 Cit\u00e9 Dampierre - Dijon\nT\u00e9l. 03.80.44.64.00\nCourriel : pref-bali@cote-dor.gouv.fr\n1/5\nPr\u00e9fecture de la C\u00f4te-d'Or - 21-2024-12-09-00006 - Arr\u00eat\u00e9 pr\u00e9fectoral portant modification de la composition de la commission\nd\u00e9partementale de la coop\u00e9ration intercommunale (CDCI) de la C\u00f4te-d'Or 33\nVU l'arr\u00eat\u00e9 pr\u00e9fectoral du 2 juin 1992 instituant une commission d\u00e9partementale de la coop\u00e9ration\nIntercommunale dans le d\u00e9partement de la C\u00f4te-d'Or ;\nVU l'arr\u00eat\u00e9 pr\u00e9fectoral du 5 novembre 2020 portant composition de la commission d\u00e9partementale de\nla coop\u00e9ration intercommunale (CDCI) de la C\u00f4te-d'Or ;\nVU les arr\u00eat\u00e9s pr\u00e9fectoraux du 20 novembre 2020, du 15 d\u00e9cembre 2021, du 22 janvier 2022, du 21\nd\u00e9cembre 2022 et du 07 mai 2024 portant modification de la composition de la CDCI ;\nConsid\u00e9rant la  vacance  du poste  de  M.  Beno\u00eet  BERNY  au  coll\u00e8ge  des  \u00e9tablissements  public  de\ncoop\u00e9ration intercommunale \u00e0 fiscalit\u00e9 propre  de la CDCI de la C\u00f4te-d'Or caus\u00e9e par la d\u00e9mission de\nce dernier mentionn\u00e9e ci-dessus ;\nConsid\u00e9rant que  le  d\u00e9partement  de  la  C\u00f4te-d'Or  compte  cinq  d\u00e9put\u00e9s  et  qu'ainsi,  il  convient\nd'associer aux travaux de la commission, sans voix d\u00e9lib\u00e9rative, d\u00e8s lors qu'ils ne sont pas membres de\nla commission d\u00e9partementale de la coop\u00e9ration intercommunale au titre d'un mandat local, deux\nd\u00e9put\u00e9s \u00e9lus dans le d\u00e9partement ;\nSur proposition du secr\u00e9taire g\u00e9n\u00e9ral de la pr\u00e9fecture de la C\u00f4te-d'Or ;\nARR\u00caTE\nArticle 1er : L'article 1er de l'arr\u00eat\u00e9 pr\u00e9fectoral du 22 janvier 2022 susvis\u00e9 est modifi\u00e9 comme suit \n\u00ab Article 1er : La commission d\u00e9partementale de la coop\u00e9ration intercommunale, constitu\u00e9e de \n46 membres titulaires, est compos\u00e9e comme suit :\nColl\u00e8ge des communes (23 repr\u00e9sentants)     :  \n\u2022 coll\u00e8ge   \u00e9lectoral n\u00b01     :  9 repr\u00e9sentants des communes dont la population est inf\u00e9rieure \u00e0 la \nmoyenne communale du d\u00e9partement (moins de 763 habitants) :\n1. Mme V\u00e9ronique ILLIG, maire d'Aisy-sous-Thil\n2. M. Marc JAUDAUX, maire d'Auvillars-sur-Sa\u00f4ne\n3. M. Ludovic ROCHETTE, maire de Brognon\n4. M. Luc BAUDRY, maire de Courtivron\n5. M. Jean DUBUET, maire de Flavignerot\n6. M. Laurent SCHEMBRI, maire de Recey-sur-Ource\n7. M. Pascal GRAPPIN, maire de Villebichot\n8. Mme Isabelle CHAPUILLOT-CATTIER, maire de Villers-la-Faye\n9. M. Armand HERY, maire de Villiers-en-Morvan\n\u2022 coll\u00e8ge \u00e9lectoral n\u00b02   : 9 repr\u00e9sentants des 5 communes les plus peupl\u00e9es du d\u00e9partement \n(Beaune, Chen\u00f4ve, Chevigny-Saint-Sauveur, Dijon et Talant) :\n1. M. Alain SUGUENOT, maire de Beaune\n2. M. Pierre BOLZE, adjoint au maire de Beaune\n3. M. Thierry FALCONNET, maire de Chen\u00f4ve\n4. M. Guilllaume RUET, maire de Chevigny-Saint -Sauveur\n5. Mme Nathalie KOENDERS, maire de la Ville de Dijon\n6. M. Jean-Patrick MASSON, conseiller municipal de Dijon\n7. M. Antoine HOAREAU, adjoint au maire de Dijon\n8. M. Pierre PRIBETICH, conseiller municipal de Dijon\n9. M. Fabian RUINET, maire de Talant\nPr\u00e9fecture de la C\u00f4te-d'Or \u2013 Cit\u00e9 Dampierre - Dijon\nT\u00e9l. 03.80.44.64.00\nCourriel : pref-bali@cote-dor.gouv.fr\n2/5\nPr\u00e9fecture de la C\u00f4te-d'Or - 21-2024-12-09-00006 - Arr\u00eat\u00e9 pr\u00e9fectoral portant modification de la composition de la commission\nd\u00e9partementale de la coop\u00e9ration intercommunale (CDCI) de la C\u00f4te-d'Or 34\nExPREFETDE LACOTE-D'ORLibert\u00e9Egalit\u00e9Fraternit\u00e9\nDIRECTION DES COLLECTIVIT\u00c9S LOCALES ET DES \u00c9LECTIONS\nBUREAU DES COLLECTIVIT\u00c9S LOCALES\n\u2022 coll\u00e8ge   \u00e9lectoral n\u00b03     :  5 repr\u00e9sentants des communes dont la population est sup\u00e9rieure \u00e0 la \nmoyenne communale du d\u00e9partement (plus de 763 habitants) :\n1. M. Bruno BETHENOD, maire d'Arceau\n2. M. Christophe MONOT, maire de Marsannay-le-Bois\n3. M. G\u00e9rard LEGUAY, maire de Selongey\n4. Mme Catherine SADON, maire de Semur-en-Auxois\n5. M. Alain BECQUET, maire de Seurre\nColl\u00e8ge des \u00e9tablissements public de coop\u00e9ration intercommunale \u00e0 fiscalit\u00e9 propre     \n(14 repr\u00e9sentants)     :  \n1. Mme Marie-Claire BONNET-VALLET, pr\u00e9sidente de la communaut\u00e9 de communes \nAuxonne Pontailler Val de Sa\u00f4ne\n2. M. J\u00e9r\u00e9mie BRIGAND, pr\u00e9sident de la communaut\u00e9 de communes du Pays Ch\u00e2tillonnais\n3. M. Patrick MOLINOZ, pr\u00e9sident de la communaut\u00e9 de communes du Pays d'Al\u00e9sia et de la \nSeine\n4. M. Thierry DARPHIN, vice-pr\u00e9sident de la communaut\u00e9 de communes des vall\u00e9es de la \nTille et de l'Ignon\n5. M. R\u00e9mi DETANG, vice-pr\u00e9sident de Dijon M\u00e9tropole\n6. M. Nicolas BOURNY, vice-pr\u00e9sident de Dijon M\u00e9tropole\n7. Mme Catherine LOUIS, pr\u00e9sidente de la communaut\u00e9 de communes For\u00eats, Seine et \nSuzon\n8. M. Nicolas URBANO, vice-pr\u00e9sident de la communaut\u00e9 de communes Mirebellois et \nFontenois\n9. M. Alain BECARD, pr\u00e9sident de la communaut\u00e9 de communes du Montbardois\n10. M. Didier LENOIR, pr\u00e9sident de la communaut\u00e9 de communes Mirebellois et Fontenois\n11. M. Patrice ESPINOSA, pr\u00e9sident de la communaut\u00e9 de communes de la Plaine dijonnaise\n12. M. Yves COURTOT, pr\u00e9sident de la communaut\u00e9 de communes de Pouilly-en-Auxois / \nBligny-sur-Ouche\n13. M. Jean-Michel PETREAU, pr\u00e9sident de la communaut\u00e9 de communes des Terres d'Auxois\n14. Mme Martine MAZILLY, conseill\u00e8re communautaire de la communaut\u00e9 de communes de \nSaulieu\nColl\u00e8ge des syndicats intercommunaux et syndicats mixtes (2 repr\u00e9sentants)\n1. M.  Pierre  POILLOT,  pr\u00e9sident  du  syndicat  intercommunal  d'assainissement  et  d'eau\npotable de la r\u00e9gion Liernais\n2. Mme Patricia GOURMAND, pr\u00e9sidente du syndicat des eaux et de l'assainissement de la\nVall\u00e9e du Suzon\nPr\u00e9fecture de la C\u00f4te-d'Or \u2013 Cit\u00e9 Dampierre - Dijon\nT\u00e9l. 03.80.44.64.00\nCourriel : pref-bali@cote-dor.gouv.fr\n3/5\nPr\u00e9fecture de la C\u00f4te-d'Or - 21-2024-12-09-00006 - Arr\u00eat\u00e9 pr\u00e9fectoral portant modification de la composition de la commission\nd\u00e9partementale de la coop\u00e9ration intercommunale (CDCI) de la C\u00f4te-d'Or 35\nColl\u00e8ge du Conseil   d  \u00e9partemental   de la C\u00f4te-d'Or   (5 repr\u00e9sentants)     :  \n1. M. Fran\u00e7ois SAUVADET, pr\u00e9sident du Conseil d\u00e9partemental de la C\u00f4te-d'Or\n2. M. Denis THOMAS, vice-pr\u00e9sident du Conseil d\u00e9partemental de la C\u00f4te-d'Or\n3. Mme Emmanuelle COINT, vice-pr\u00e9sidente du Conseil d\u00e9partemental de la C\u00f4te-d'Or\n4. M. Christophe LUCAND, conseiller d\u00e9partemental de la C\u00f4te-d'Or\n5. Mme Catherine HERVIEU, conseill\u00e8re d\u00e9partementale de la C\u00f4te-d'Or\nColl\u00e8ge du Conseil r\u00e9gional de Bourgogne-Franche-Comt\u00e9 (2 repr\u00e9sentants)     :  \n1. M. Michel NEUGNOT, vice-pr\u00e9sident du Conseil r\u00e9gional de Bourgogne-Franche-Comt\u00e9\n2. M. Denis HAMEAU, vice-pr\u00e9sident du Conseil r\u00e9gional de Bourgogne-Franche-Comt\u00e9\nP  arlementaires pr\u00e9sents sans voix d\u00e9lib\u00e9ratives (2 d\u00e9put\u00e9s et 2 s\u00e9nateurs)     :  \n1. En attente de d\u00e9signation par la pr\u00e9sidence de l'Assembl\u00e9e Nationale\n2. En attente de d\u00e9signation par la pr\u00e9sidence de l'Assembl\u00e9e Nationale\n3. Mme Anne-Catherine LOISIER, s\u00e9natrice de la C\u00f4te-d'Or\n4. M. Alain HOUPERT, s\u00e9nateur de la C\u00f4te-d'Or\nArticle 2: l'article 2 du m\u00eame arr\u00eat\u00e9 pr\u00e9fectoral est reconduit dans ses termes :\n \u00ab Article 2 : la liste des \u00e9lus susceptibles d'\u00eatre appel\u00e9s \u00e0 faire partie de la commission en cas de \nvacance d'un si\u00e8ge est fix\u00e9e comme suit :\nColl\u00e8ge des communes      :  \n\u2022 coll\u00e8ge   \u00e9lectoral n\u00b01     :  5 repr\u00e9sentants des communes dont la population est inf\u00e9rieure \u00e0 la \nmoyenne communale du d\u00e9partement (moins de 763 habitants) :\n1. M. Jean-Paul ROY, maire de Meursange\n2. M. G\u00e9rard HERRMANN, maire de Corcelles-les-Monts\n3. M. Patrice DEMAISON, maire de Flacey\n4. Mme  Amandine MONARD, maire d'Alise-Sainte-Reine\n5. M. Jean-Marie-MUGNIER, maire de Busserotte-et-Montenaille\n\u2022 coll\u00e8ge   \u00e9lectoral n\u00b02   : 5 repr\u00e9sentants des 5 communes les plus peupl\u00e9es du d\u00e9partement \n(Beaune, Chen\u00f4ve, Chevigny-Saint-Sauveur, Dijon et Talant)\n1. Mme Sladana ZIVKOVIC, adjointe au maire de Dijon\n2. M. Jean-Luc BECQUET, adjoint au maire de Beaune\n3. Mme Brigitte POPARD, adjointe au maire de Chen\u00f4ve\n4. Mme Sylvie CASTELLA, adjointe au maire de Talant\n5. Mme Kildine BATAILLE, adjointe au maire de Dijon\n\u2022 coll\u00e8ge   \u00e9lectoral n\u00b03   : 3 repr\u00e9sentants des communes dont la population est sup\u00e9rieure \u00e0 la \nmoyenne communale du d\u00e9partement (plus de 763 habitants)\n1. M. Eric PIESVAUX, maire de Pouilly-en-Auxois\n2. M. Dominique GRIMPRET, maire d'Ahuy\n3. M. Marc BOEGLIN, maire de Belleneuve\nPr\u00e9fecture de la C\u00f4te-d'Or \u2013 Cit\u00e9 Dampierre - Dijon\nT\u00e9l. 03.80.44.64.00\nCourriel : pref-bali@cote-dor.gouv.fr\n4/5\nPr\u00e9fecture de la C\u00f4te-d'Or - 21-2024-12-09-00006 - Arr\u00eat\u00e9 pr\u00e9fectoral portant modification de la composition de la commission\nd\u00e9partementale de la coop\u00e9ration intercommunale (CDCI) de la C\u00f4te-d'Or 36\nExPREFETDE LACOTE-D'ORLibert\u00e9Egalit\u00e9Fraternit\u00e9\nDIRECTION DES COLLECTIVIT\u00c9S LOCALES ET DES \u00c9LECTIONS\nBUREAU DES COLLECTIVIT\u00c9S LOCALES\nColl\u00e8ge des \u00e9tablissements public de coop\u00e9ration intercommunal \u00e0 fiscalit\u00e9 \npropre (6 repr\u00e9sentants)\n1. M. Jean-Fran\u00e7ois DODET, vice-pr\u00e9sident de Dijon M\u00e9tropole\n2. M. B\u00e9nigne COLSON, vice-pr\u00e9sident de la communaut\u00e9 de communes For\u00eats, Seine et \nSuzon\n3. Mme C\u00e9line TONOT, conseill\u00e8re m\u00e9tropolitaine de Dijon M\u00e9tropole\n4. Mme Sylvie VENTARD, vice-pr\u00e9sidente de la communaut\u00e9 de communes de Gevrey-\nChambertin et de Nuits-saint-Georges\n5. M. Jean-Claude GIRARD, vice-pr\u00e9sident de Dijon M\u00e9tropole\n6. M. Patrick SEGUIN, pr\u00e9sident de la communaut\u00e9 de communes Ouche et Montagne\nColl\u00e8ge des syndicats intercommunaux et syndicats mixtes (1 repr\u00e9sentant)\n1. Mme Sylvie BOUTHENET, vice-pr\u00e9sidente du syndicat intercommunal d'assainissement et \nd'eau potable de la r\u00e9gion Liernais\nColl\u00e8ge du Conseil d\u00e9partemental de la C\u00f4te-d'Or (3 repr\u00e9sentants)     :  \n1. Mme Laurence PORTE, vice-pr\u00e9sidente du Conseil d\u00e9partemental de la C\u00f4te-d'Or\n2. M. Fran\u00e7ois-Xavier DUGOURD, vice-pr\u00e9sident du Conseil d\u00e9partemental de la C\u00f4te-d'Or\n3. Mme Ga\u00eblle THOMAS, conseill\u00e8re d\u00e9partementale de la C\u00f4te-d'Or\nColl\u00e8ge du Conseil r\u00e9gional de Bourgogne-Franche-Comt\u00e9(1 repr\u00e9sentant)     :  \n1. M. Jean-Marc RETY, conseiller r\u00e9gional de Bourgogne-Franche-Comt\u00e9\nArticle 3 : Le reste est sans changement.\nArticle 4 : Le secr\u00e9taire g\u00e9n\u00e9ral de la pr\u00e9fecture de la C\u00f4te -d'Or est charg\u00e9 de l'ex\u00e9cution du pr\u00e9sent\narr\u00eat\u00e9 qui sera notifi\u00e9 \u00e0 Mesdames et Messieurs les membres de la commission d\u00e9partementale de la\ncoop\u00e9ration intercommunale et publi\u00e9 au recueil des actes administratifs de la pr\u00e9fecture. Une copie\nsera \u00e9galement adress\u00e9e, pour information, \u00e0 :\n\uf02d Monsieur le sous-pr\u00e9fet de l'arrondissement de Beaune ;\n\uf02d Monsieur le sous-pr\u00e9fet de l'arrondissement de Montbard ;\n\uf02d Monsieur le pr\u00e9sident de l'association des maires de C\u00f4te d'Or ;\n\uf02d Monsieur le pr\u00e9sident du Conseil d\u00e9partemental de la C\u00f4te-d'Or ;\n\uf02d Madame la pr\u00e9sidente du Conseil r\u00e9gional de Bourgogne-Franche-Comt\u00e9 ;\n\uf02d Madame la directrice g\u00e9n\u00e9rale des collectivit\u00e9s locales.\nFait \u00e0 Dijon, le 09 d\u00e9cembre 2024\nLe pr\u00e9fet\nsign\u00e9\nPaul MOURIER\nPr\u00e9fecture de la C\u00f4te-d'Or \u2013 Cit\u00e9 Dampierre - Dijon\nT\u00e9l. 03.80.44.64.00\nCourriel : pref-bali@cote-dor.gouv.fr\n5/5\nPr\u00e9fecture de la C\u00f4te-d'Or - 21-2024-12-09-00006 - Arr\u00eat\u00e9 pr\u00e9fectoral portant modification de la composition de la commission\nd\u00e9partementale de la coop\u00e9ration intercommunale (CDCI) de la C\u00f4te-d'Or 37\nPr\u00e9fecture de la C\u00f4te-d'Or\nDirection des s\u00e9curit\u00e9s\n21-2024-12-11-00003\nAP 1869 portant encadrement de supporters\nPr\u00e9fecture de la C\u00f4te-d'Or - 21-2024-12-11-00003 - AP 1869 portant encadrement de supporters 38\nPr\u00e9fecture de la C\u00f4te-d'Or - 21-2024-12-11-00003 - AP 1869 portant encadrement de supporters 39\nCONSIDERANT le classement du match par la Division Nationale de Lutte contre le Hooliganisme enniveau 2 ;CONSID\u00c9RANT que la mobilisation des forces de l'ordre ne pourra, \u00e0 d\u00e9faut de l'adoption de mesuresd'encadrement et de restriction, assurer la s\u00e9curit\u00e9 des personnes et notamment celles dessupporters;SUR proposition de monsieur le directeur de cabinet du pr\u00e9fet de la r\u00e9gion Bourgogne-Franche-Comt\u00e9,pr\u00e9fet de la C\u00f4te-d'Or,ARR\u00caTEArticle 1\u00b0: Le vendredi 13 d\u00e9cembre 2024, les supporters du Football Club Sochaux-Montb\u00e9liard(FCSM) pourront assister \u00e0 la rencontre contre le Dijon Football C\u00f4te- d'Or (DFCO) au stade GastonG\u00e9rard, dans la limite de 605 supporters maximum, dans le parcage pr\u00e9vu \u00e0 cet effet et selon lesmodalit\u00e9s suivantes :- les supporters devront \u00eatre d\u00e9tenteurs d'un billet achet\u00e9 pr\u00e9alablement aupr\u00e8s du FCSM,- un point de rendez-vous obligatoire est fix\u00e9 le vendredi 13 d\u00e9cembre 2024 \u00e0 18h00 \u00e0 la sortie del'autoroute A39 - P\u00e9age de Neuilly-Crimolois,- les supporters seront escort\u00e9s par les forces de s\u00e9curit\u00e9 int\u00e9rieure du point de rendez-vous auparking visiteurs du stade Gaston G\u00e9rard selon un itin\u00e9raire impos\u00e9 par les forces de l'ordre,- \u00e0 compter de leur arriv\u00e9e au stade, et jusqu'au moment de leur d\u00e9part, les supporters du FCSMne pourront sortir du parcage visiteurs,- \u00e0 la fin de la rencontre, les supporters rejoindront sans d\u00e9lais le parking visiteurs. Ils seront \u00e0nouveau escort\u00e9s pour rejoindre l'autoroute.Article 2: Le vendredi 13 d\u00e9cembre 2024 de 12h00 \u00e0 24h00 sont interdits \u00e0 l'int\u00e9rieur du p\u00e9rim\u00e8tred\u00e9fini en annexe, la possession, le transport et l'utilisation de tout article pyrotechnique et tout objetpouvant \u00eatre utilis\u00e9 comme projectile.Article 3 : Le pr\u00e9sent arr\u00e9t\u00e9 peut faire l'objet, dans un d\u00e9lai de deux mois \u00e0 compter de sa publicationen Pr\u00e9fecture et en mairie, d'un recours contentieux devant le tribunal administratif de Dijon qui peut\u00eatre assorti d'un recours en r\u00e9f\u00e9r\u00e9 pr\u00e9vu par l'article L. 521-2 du code de justice administrative.Article 4 : Le secr\u00e9taire g\u00e9n\u00e9ral de la pr\u00e9fecture de la C\u00f4te-d'Or, le directeur de cabinet du pr\u00e9fet de lar\u00e9gion Bourgogne-Franche-Comt\u00e9, pr\u00e9fet de la C\u00f4te-d'Or, et le directeur interd\u00e9partemental de lapolice nationale de la C\u00f4te-d'Or sont charg\u00e9s, chacun en ce qui le concerne, de l'ex\u00e9cution du pr\u00e9sentarr\u00eat\u00e9 qui sera publi\u00e9 au recueil des actes administratifs de la pr\u00e9fecture, transmis \u00e0 la mairie de Dijonet adress\u00e9 pour copie \u00e0 monsieur le procureur de la R\u00e9publique pr\u00e8s le tribunal judiciaire de Dijon.\nFait \u00e0 Dijon, le 11 d\u00e9cembre 2024Le pr\u00e9fet,Pour le pr\u00e9fet et par d\u00e9l\u00e9gation,Le sous-pr\u00e9fet, directeur de cabinet,original sign\u00e9Olivier GERSTL\u00c9\nPr\u00e9fecture de la C\u00f4te-d'Or - 21-2024-12-11-00003 - AP 1869 portant encadrement de supporters 40\nANNEXE\n-\u00c0< o >8 jace \u00c0 e % GoVi\u00e8\u00a3E  TP ;Jo Rue Marc Seguinflue Camitie Flammat \u00ee\u00e7. ;co n & p d% e. \u00ae v\" # ;? Groupe scolaire \u00ae Ecole 1;' J& \". Camilie r' 2 A Elammarion %| % (q.- | N | Les Gr\u00e9silles % O\u00c8 | !}' Rue d'Alembert Rue Thimonnier \"% '\"._GA | \u00ab o; \u00bb ps\u00e2 ' Rue d'Arsonval Rue Berthelot Rue Camille Clauge!Bk z4 Trimolet +S LR R et wm\"\n| P m_ Rue Allx de Vergy '\u00eb\"-=22pmrfl\\\"\"... o\n*r Maison\nvd &4Rue du Moulin \u00e0 Vent -' T .i?g ; ;* \u00eb&Pmrm + e ESTP -G \u00ab =- =5 TRr\"\u00c9\\ \u00eb \u00e8 L e -\u00e0 e a =\u00a3 = s.\u00a3 3 \u00e0 ~P RE C4 mml S 8\ns',\\le\" sr xp P \u0178College G hampolh'on\\\u2014  NEcole \u00e9leml'apphicationChampollion \\\u00a5 Prom. de !s Redoute\nCh. de CromoisX\\\\ \\\nR\nPr\u00e9fecture de la C\u00f4te-d'Or - 21-2024-12-11-00003 - AP 1869 portant encadrement de supporters 41","date":"2024-12-12","first_seen_on":"2025-09-14T19:19:58+00:00","id":"a4a83005b6e5eaf4f011a9da885a57665dec136fb0efb2bb122e65766e1e1f93","name":"RAA n\u00b0 172 du 12 d\u00e9cembre 2024","pdf_creation_date":"2024-12-12T15:12:02+00:00","pdf_modification_date":null,"timezone":"Europe/Paris","url":"https://www.cote-dor.gouv.fr/contenu/telechargement/22450/171669/file/recueil-21-2024-172-recueil-des-actes-administratifs-special.pdf"}
