{"administration":"pref21","administration_name":"Pr\u00e9fecture de C\u00f4te-d\u2019Or","content":"PR\u00c9FET\nDE LA C\u00d4TE-D'OR\nRECUEIL DES ACTES\nADMINISTRATIFS SP\u00c9CIAL\nN\u00b021-2026-009\nPUBLI\u00c9 LE  8 JANVIER 2026\nSommaire\nDirection d\u00e9partementale des territoires de la C\u00f4te-d'Or / Service\nS\u00e9curit\u00e9 et Education Routi\u00e8re\n21-2026-01-08-00002 - Arr\u00eat\u00e9 n\u00b0 39 portant dispositions particuli\u00e8res\nde circulation sur le r\u00e9seau autoroutier en C\u00f4te-d'Or\n\u00e0\nl'occasion des manifestations des agriculteurs (3 pages) Page 3\n2\nDirection d\u00e9partementale des territoires de la\nC\u00f4te-d'Or\nService S\u00e9curit\u00e9 et Education Routi\u00e8re\n21-2026-01-08-00002\nArr\u00eat\u00e9 n\u00b0 39 portant dispositions particuli\u00e8res de\ncirculation sur le r\u00e9seau autoroutier en C\u00f4te-d'Or\n\u00e0 l'occasion des manifestations des agriculteurs\nDirection d\u00e9partementale des territoires de la C\u00f4te-d'Or - 21-2026-01-08-00002 - Arr\u00eat\u00e9 n\u00b0 39 portant dispositions particuli\u00e8res de\ncirculation sur le r\u00e9seau autoroutier en C\u00f4te-d'Or\n\u00e0 l'occasion des manifestations des agriculteurs\n3\nPREFETDELACOTE-D'ORLibert\u00e9Egalit\u00e9Fraternit\u00e9\nDirection d\u00e9partementale des territoires\nde la C\u00f4te-d'Or\nDijon, le 08 janvier 2026\nArr\u00eat\u00e9 n\u00b0 39\nportant dispositions particuli\u00e8res de circulation sur le r\u00e9seau autoroutier en C\u00f4te-d'Or\n\u00e0 l'occasion des manifestations des agriculteurs\nLe pr\u00e9fet de la r\u00e9gion Bourgogne-Franche-Comt\u00e9\nPr\u00e9fet de la C\u00f4te-d'Or\nVU le code de la route, et notamment les articles R. 411-18, R.421-1 \u00e0 R421-10 ,\nVU le d\u00e9cret n\u00b02005-1499 du 5 d\u00e9cembre 2005 relatif \u00e0 la consistance du r\u00e9seau national,\nVU le d\u00e9cret n\u00b02004-374 du 29 avril 2004 relatif aux pouvoirs des pr\u00e9fets, \u00e0 l'organisation et \u00e0  \nl'action des services de l'\u00c9tat dans les r\u00e9gions et les d\u00e9partements,\nVU le d\u00e9cret du 10 octobre 2024 portant nomination de Monsieur Paul MOURIER, pr\u00e9fet de la  \nr\u00e9gion Bourgogne-Franche-Comt\u00e9, pr\u00e9fet de la C\u00f4te-d'Or ;\nVU l'arr\u00eat\u00e9 interminist\u00e9riel du 24 novembre 1967 modifi\u00e9, relatif \u00e0 la signalisation des routes  \net autoroutes,\nVU l'arr\u00eat\u00e9 pr\u00e9fectoral n\u00b0 813/SG du 13 juin 2025 donnant d\u00e9l\u00e9gation de signature \u00e0 Monsieur  \nDenis BRUEL, secr\u00e9taire g\u00e9n\u00e9ral de la pr\u00e9fecture de C\u00f4te-d'Or,\nConsid\u00e9rant le mouvement social des agriculteurs du 08 janvier 2026 sur le d\u00e9partement de  \nla C\u00f4te-d'Or,\nConsid\u00e9rant les difficult\u00e9s de circulation en entr\u00e9e et en sortie des p\u00e9ages de l'autoroute A31  \n\u00e0 NUITS-ST-GEORGES et ARC SUR TILLE,\nConsid\u00e9rant qu'il  y  a  lieu  de  r\u00e9glementer  la  circulation  afin  de  garantir  la  s\u00e9curit\u00e9  des \nusagers et des manifestants,\nConsid\u00e9rant qu'il y a lieu d'activer les mesures de gestion de trafic sur l'autoroute A31,\n'\nDirection d\u00e9partementale des territoires de la C\u00f4te-d'Or\n57, rue de Mulhouse - BP 53317 - 21033 Dijon CEDEX\nT\u00e9l. : 03 80 29 44 44\nCourriel : ddt@cote-dor.gouv.fr\nDirection d\u00e9partementale des territoires de la C\u00f4te-d'Or - 21-2026-01-08-00002 - Arr\u00eat\u00e9 n\u00b0 39 portant dispositions particuli\u00e8res de\ncirculation sur le r\u00e9seau autoroutier en C\u00f4te-d'Or\n\u00e0 l'occasion des manifestations des agriculteurs\n4\nARR\u00caTE\nArticle 1er :\nDes d\u00e9viations sont mises en place dans les deux sens de circulation conform\u00e9ment au Plan  \nde Gestion de Trafic des autoroutes A31 \u00e0 compter du jeudi 8 janvier 2026 \u00e0 11 heures pour le  \np\u00e9age de NUITS ST GEORGES et \u00e0 13 heures pour le p\u00e9age d'ARC SUR TILLE comme suit :\n- P\u00e9age de NUITS ST GEORGES / Acc\u00e8s \u00e0 l'autoroute A31     :  \n-  usagers  en  direction  de  NANCY :  RD28,  RD974,  M122A,  M274,  A39  jusqu'\u00e0 \nDIJON/CRIMOLOIS\n- usagers en direction de BEAUNE/LYON/PARIS: RD28, RD974 jusqu'\u00e0 BEAUNE, puis  \nRD974 jusqu'\u00e0 CHALON SUR SA\u00d4NE ou RD970, RD17 , RD906 en direction de PARIS\n- P\u00e9age de NUITS ST GEORGES / Sortie de l'autoroute A31     :  \n- usagers en provenance de NANCY  : sortie \u00e0 DIJON/CRIMOLOIS, A39, M274, M122A,  \nRD974 jusqu'\u00e0 NUITS ST GEORGES\n- usagers en provenance de BEAUNE  : sortie \u00e0 CHALON SUR SA\u00d4NE, RD906, RD974, RD1074,  \nRD974 jusqu'\u00e0 NUITS ST GEORGES\n- P\u00e9age d'ARC SUR TILLE / Acc\u00e8s \u00e0 l'autoroute A31     :  \n-  usagers  en  direction  de  NANCY :  M274  depuis  l'\u00e9changeur  M274/M700,  M974, \nRD974, RD428 jusqu'au p\u00e9age de LANGRES SUD (A31) \n- usagers en direction de BEAUNE  : M274 depuis l'\u00e9changeur M274/M700, A39 jusqu'au  \np\u00e9age de DIJON CRIMOLOIS\n- P\u00e9age d'ARC-SUR-TILLE / Sortie de l'autoroute A31     :  \n- usagers en provenance de NANCY  : sortie \u00e0 LANGRES SUD, puis RD428, RD974,  \nM974, M274, M700 jusqu'\u00e0 ARC-SUR-TILLE\n- usagers en provenance de BEAUNE  : sortie \u00e0 DIJON CRIMOLOIS, A39, M274, M700 jusuq'\u00e0  \nARC-SUR-TILLE\nArticle 2 : \nLes services de gendarmerie pourront, en fonction des circonstances, all\u00e9ger ou renforcer les  \nmesures pr\u00e9vues et prendre toutes initiatives utiles afin de pourvoir \u00e0 la s\u00e9curit\u00e9 des usagers  \nde l'autoroute et faciliter l'\u00e9coulement de la circulation.\nArticle 3 : \nDirection d\u00e9partementale des territoires de la C\u00f4te-d'Or\n57, rue de Mulhouse - BP 53317 - 21033 Dijon CEDEX\nT\u00e9l. : 03 80 29 44 44\nCourriel : ddt@cote-dor.gouv.fr\nDirection d\u00e9partementale des territoires de la C\u00f4te-d'Or - 21-2026-01-08-00002 - Arr\u00eat\u00e9 n\u00b0 39 portant dispositions particuli\u00e8res de\ncirculation sur le r\u00e9seau autoroutier en C\u00f4te-d'Or\n\u00e0 l'occasion des manifestations des agriculteurs\n5\nDes  mesures  d'information  des  usagers  seront  prises  par  le  canal  de  messages  sur  les \nPanneaux \u00e0 Messages Variables (PMV) situ\u00e9s sur l'A31.\nArticle 4 : \nLe pr\u00e9sent arr\u00eat\u00e9 est d'application imm\u00e9diate.\nArticle 5 :\nLe pr\u00e9sent arr\u00eat\u00e9 peut faire l'objet d'un recours gracieux aupr\u00e8s du pr\u00e9fet et/ou d'un recours  \ncontentieux  devant  le  tribunal  administratif  dans  un  d\u00e9lai  de  2  mois  \u00e0  compter  de  sa \nnotification. Le tribunal administratif peut \u00eatre saisi par un recours d\u00e9pos\u00e9 via l'application  \nT\u00e9l\u00e9recours citoyens accessible par le site internet www.telerecours.fr \u00bb.\nArticle 6 : \n- la Directrice de Cabinet du pr\u00e9fet de la C\u00f4te-d'Or,\n- le Pr\u00e9sident du Conseil D\u00e9partemental de C\u00f4te-d'Or,\n- le Pr\u00e9sident de Dijon M\u00e9tropole,\n- le Commandant  de  la  R\u00e9gion  de  Gendarmerie  de  Bourgogne-Franche-Comt\u00e9  et  du \nGroupement de C\u00f4te-d'Or,\n- le directeur d'APRR,\nsont charg\u00e9s, chacun en ce qui le concerne, de l'ex\u00e9cution du pr\u00e9sent arr\u00eat\u00e9.\nLe pr\u00e9sent arr\u00eat\u00e9 sera publi\u00e9 au recueil des actes administratifs de la Pr\u00e9fecture de C\u00f4te-  \nd'Or.\nUne copie du pr\u00e9sent arr\u00eat\u00e9 sera adress\u00e9e pour information:\n- au Directeur D\u00e9partemental des Services d'Incendie et de Secours de la C\u00f4te-d'Or,\n- au SAMU de Dijon,\n- \u00e0 la pr\u00e9fecture de la zone de d\u00e9fense Est.\nFait \u00e0 Dijon, le 08 janvier 2026\nLe pr\u00e9fet,\npour le pr\u00e9fet et par d\u00e9l\u00e9gation,\nle secr\u00e9taire g\u00e9n\u00e9ral,\nORIGINAL SIGNE\nDenis BRUEL\nDirection d\u00e9partementale des territoires de la C\u00f4te-d'Or\n57, rue de Mulhouse - BP 53317 - 21033 Dijon CEDEX\nT\u00e9l. : 03 80 29 44 44\nCourriel : ddt@cote-dor.gouv.fr\nDirection d\u00e9partementale des territoires de la C\u00f4te-d'Or - 21-2026-01-08-00002 - Arr\u00eat\u00e9 n\u00b0 39 portant dispositions particuli\u00e8res de\ncirculation sur le r\u00e9seau autoroutier en C\u00f4te-d'Or\n\u00e0 l'occasion des manifestations des agriculteurs\n6","date":"2026-01-08","first_seen_on":"2026-01-08T11:12:38+00:00","id":"a518d6f144ae2be64c041aa9f503762235f2676b10e480c52ff77ffdfc1461c5","name":"RAA n\u00b0 009 du 08 janvier 2026","pdf_creation_date":"2026-01-08T10:50:27+00:00","pdf_modification_date":null,"timezone":"Europe/Paris","url":"https://www.cote-dor.gouv.fr/contenu/telechargement/25392/194261/file/recueil-21-2026-009-recueil-des-actes-administratifs-special.pdf"}
