{"administration":"pref03","administration_name":"Pr\u00e9fecture de l\u2019Allier","content":"ALLIER\nRECUEIL DES ACTES\nADMINISTRATIFS SP\u00c9CIAL\nN\u00b003-2026-083\nPUBLI\u00c9 LE 22 AVRIL 2026\nSommaire\n03_DDFIP_Direction D\u00e9partementale des Finances Publiques de l'Allier /\nStrat\u00e9gie / Contr\u00f4le de Gestion / Qualit\u00e9 de Service\n03-2026-04-22-00005 - Arr\u00eat\u00e9 n\u00b0 919/2026 portant d\u00e9l\u00e9gation de\nsignature (1 page) Page 3\n03-2026-04-22-00006 - Arr\u00eat\u00e9 n\u00b0 920/2026 portant d\u00e9l\u00e9gation de\nsignature en mati\u00e8re de contentieux et de gracieux fiscal (1 page) Page 5\n03-2026-04-22-00007 - Arr\u00eat\u00e9 n\u00b0 921/2026 portant d\u00e9l\u00e9gation de\nsignature (1 page) Page 7\n03-2026-04-22-00008 - Arr\u00eat\u00e9 n\u00b0 922/2026 portant d\u00e9l\u00e9gation de\nsignature (1 page) Page 9\n03-2026-04-22-00009 - Arr\u00eat\u00e9 n\u00b0 923/2026 portant d\u00e9l\u00e9gation de\nsignature (1 page) Page 11\n03-2026-04-22-00003 - D\u00e9cision n\u00b0 917/2026 de d\u00e9l\u00e9gations\nsp\u00e9ciales de signature\npour le P\u00f4le Expertise (2 pages) Page 13\n03-2026-04-22-00004 - D\u00e9cision n\u00b0 918/2026 de subd\u00e9l\u00e9gation de\nsignature\nen mati\u00e8re de transmission aux collectivit\u00e9s locales des\n\u00e9l\u00e9ments de fiscalit\u00e9 directe locale (1 page) Page 16\n03-2026-04-22-00001 - D\u00e9cision n\u00b0915/2026 de d\u00e9l\u00e9gation\ng\u00e9n\u00e9rale de signature\nau responsable du P\u00f4le Ressources,\n\u00e0 la\nresponsable du P\u00f4le Gestion Fiscale (1 page) Page 18\n03-2026-04-22-00002 - D\u00e9cision n\u00b0916/2026 de d\u00e9l\u00e9gation\ng\u00e9n\u00e9rale de signature\n\u00e0 la responsable du P\u00f4le Gestion Locale (1\npage) Page 20\n03-2026-04-21-00012 - Lettre de mission du conciliateur fiscal\nd\u00e9partemental (1 page) Page 22\n03_Pr\u00e9f_Pr\u00e9fecture de l'Allier / Direction de la Coordination des\nPolitiques Publique\n03-2026-04-20-00008 - AVIS 884 bis du 20 avril 2026 de la CDAC 03 relatif\nau projet CENTRAKOR \u00e0 Commentry pr\u00e9sent\u00e9 par EOL PROPERTY 3 \n(6 pages) Page 24\n2\n03_DDFIP_Direction D\u00e9partementale des\nFinances Publiques de l'Allier\n03-2026-04-22-00005\nArr\u00eat\u00e9 n\u00b0 919/2026 portant d\u00e9l\u00e9gation de\nsignature\n03_DDFIP_Direction D\u00e9partementale des Finances Publiques de l'Allier - 03-2026-04-22-00005 - Arr\u00eat\u00e9 n\u00b0 919/2026 portant d\u00e9l\u00e9gation\nde signature 3\nREPUBLIQUEFRANCAISELibert\u00e9Egalit\u00e9Fraternit\u00e9\nDirection g\u00e9n\u00e9rale\ndes Finances publiques\nArr\u00eat\u00e9 n\u00b0 919/2026 portant d\u00e9l\u00e9gation de signature\nL'Administrateur de l'\u00c9tat du grade transitoire,\nDirecteur d\u00e9partemental des Finances publiques de l'Allier,\nVu le livre des proc\u00e9dures fiscales, et notamment son article R* 260 A-1 ;\nVu la d\u00e9cision du Directeur g\u00e9n\u00e9ral des Finances publiques du 7 novembre 2011 ;\nArr\u00eate :\nArticle 1 \u2013 D\u00e9l\u00e9gation de signature est accord\u00e9e \u00e0 :\n- Mme Aube MARINO, administratrice des Finances publiques adjointe,\n- Mme Fabienne PANTOUSTIER, administratrice des Finances publiques adjointe,\nen vue d'autoriser la vente des biens meubles saisis.\nArticle 2  \u2013  Le pr\u00e9sent arr\u00eat\u00e9 annule l'arr\u00eat\u00e9 n\u00b01710/2025 du 8 ao\u00fbt 2025 et prend effet \u00e0 compter\ndu 4 mai 2026. Il sera publi\u00e9 au recueil des actes administratifs de la pr\u00e9fecture de l'Allier.\nFait \u00e0 Moulins, le 22 avril 2026\nL'Administrateur de l'\u00c9tat du grade transitoire,\nDirecteur d\u00e9partemental des Finances publiques,\nSign\u00e9\nJacques OZIOL\nDIRECTION D\u00c9PARTEMENTALE\nDES FINANCES PUBLIQUES DE L'ALLIER\n9 AVENUE VICTOR HUGO \u2013 BP 81609\n03016 MOULINS CEDEX\n03_DDFIP_Direction D\u00e9partementale des Finances Publiques de l'Allier - 03-2026-04-22-00005 - Arr\u00eat\u00e9 n\u00b0 919/2026 portant d\u00e9l\u00e9gation\nde signature 4\n03_DDFIP_Direction D\u00e9partementale des\nFinances Publiques de l'Allier\n03-2026-04-22-00006\nArr\u00eat\u00e9 n\u00b0 920/2026 portant d\u00e9l\u00e9gation de\nsignature en mati\u00e8re de contentieux et de\ngracieux fiscal\n03_DDFIP_Direction D\u00e9partementale des Finances Publiques de l'Allier - 03-2026-04-22-00006 - Arr\u00eat\u00e9 n\u00b0 920/2026 portant d\u00e9l\u00e9gation\nde signature en mati\u00e8re de contentieux et de gracieux fiscal 5\nREPUBLIQUEFRANCAISELibert\u00e9Egalit\u00e9Fraternit\u00e9\nDirection g\u00e9n\u00e9rale\ndes Finances publiques\nArr\u00eat\u00e9 n\u00b0 920/2026 portant d\u00e9l\u00e9gation de signature en mati\u00e8re de contentieux et de gracieux fiscal\nL'Administrateur de l'\u00c9tat du grade transitoire,\nDirecteur d\u00e9partemental des Finances publiques de l'Allier,\nVu le code g\u00e9n\u00e9ral des imp\u00f4ts, et notamment l'article 408 de son annexe II et les articles 212 \u00e0 217 de\nson annexe IV ;\nVu le livre des proc\u00e9dures fiscales, et notamment les articles L. 247 et R* 247-4 et suivants ;\nVu le d\u00e9cret n\u00b0 2008-309 du 3 avril 2008 portant diverses dispositions relatives \u00e0 la direction g\u00e9n\u00e9rale\ndes finances publiques ; \nVu le d\u00e9cret n\u00b0 2009-707 du 16 juin 2009 relatif aux services d\u00e9concentr\u00e9s de la direction g\u00e9n\u00e9rale des\nfinances publiques ; \nArr\u00eate :\nArticle 1  - D\u00e9l\u00e9gation de signature est donn\u00e9e \u00e0 Monsieur Julien BIZEBARRE, inspecteur principal des\nfinances publiques, \u00e0 l'effet de signer :\n1\u00b0 en mati\u00e8re de contentieux fiscal d'assiette, les d\u00e9cisions d'admission totale, d'admission partielle ou\nde rejet, de d\u00e9gr\u00e8vement ou restitution d'office, dans la limite de 60 000 \u20ac ;\n2\u00b0 les d\u00e9cisions prises sur les demandes de d\u00e9gr\u00e8vement de taxe fonci\u00e8re pour pertes de r\u00e9coltes, les\ndemandes de plafonnement en fonction de la valeur ajout\u00e9e des cotisations de taxe professionnelle et\nde contribution \u00e9conomique territoriale dans la limite de 60 000 \u20ac ; \n3\u00b0 les d\u00e9cisions prises sur les demandes contentieuses de d\u00e9charge de responsabilit\u00e9 solidaire fond\u00e9es\nsur les dispositions du II de l'article 1691 bis du code g\u00e9n\u00e9ral des imp\u00f4ts, dans la limite de 60 000 \u20ac ;\n4\u00b0 en mati\u00e8re de gracieux fiscal, les d\u00e9cisions portant remise, mod\u00e9ration, transaction ou rejet, dans la\nlimite de 60 000 \u20ac ; \n5\u00b0 les d\u00e9cisions prises sur les demandes gracieuses de d\u00e9charge de l'obligation de paiement solidaire\nfond\u00e9es  sur  les  dispositions  de  l'article  L.  247  du  livre  des  proc\u00e9dures  fiscales,  dans  la  limite  de\n60 000 \u20ac ;\n6\u00b0 les d\u00e9cisions prises sur les contestations relatives au recouvrement pr\u00e9vues aux articles L.  281 et\nL. 283 du livre des proc\u00e9dures fiscales ;\n7\u00b0 les documents n\u00e9cessaires \u00e0 l'ex\u00e9cution comptable des d\u00e9cisions contentieuses et gracieuses, sans\nlimitation de montant ;\n8\u00b0 les requ\u00eates, m\u00e9moires, conclusions ou observations adress\u00e9s aux juridictions administratives ou\njudiciaires.\nArticle 2 \u2013  Le pr\u00e9sent arr\u00eat\u00e9 prend effet le 4 mai 2026. Il sera publi\u00e9 au recueil des actes administratifs\ndu d\u00e9partement de l'Allier.\nFait \u00e0 Moulins, le 22 avril 2026\nL'Administrateur de l'\u00c9tat du grade transitoire, \nDirecteur D\u00e9partemental des Finances Publiques,\nSign\u00e9\nJacques OZIOL\nDIRECTION D\u00c9PARTEMENTALE\nDES FINANCES PUBLIQUES DE L'ALLIER\n9 AVENUE VICTOR HUGO \u2013 BP 81609\n03016 MOULINS CEDEX\n03_DDFIP_Direction D\u00e9partementale des Finances Publiques de l'Allier - 03-2026-04-22-00006 - Arr\u00eat\u00e9 n\u00b0 920/2026 portant d\u00e9l\u00e9gation\nde signature en mati\u00e8re de contentieux et de gracieux fiscal 6\n03_DDFIP_Direction D\u00e9partementale des\nFinances Publiques de l'Allier\n03-2026-04-22-00007\nArr\u00eat\u00e9 n\u00b0 921/2026 portant d\u00e9l\u00e9gation de\nsignature\n03_DDFIP_Direction D\u00e9partementale des Finances Publiques de l'Allier - 03-2026-04-22-00007 - Arr\u00eat\u00e9 n\u00b0 921/2026 portant d\u00e9l\u00e9gation\nde signature 7\nREPUBLIQUEFRANCAISELibert\u00e9Egalit\u00e9Fraternit\u00e9\nDirection g\u00e9n\u00e9rale\ndes Finances publiques\nArr\u00eat\u00e9 n\u00b0 921/2026 portant d\u00e9l\u00e9gation de signature\nL'Administrateur de l'\u00c9tat du grade transitoire,\nDirecteur d\u00e9partemental des Finances publiques de l'Allier,\nVu le d\u00e9cret n\u00b0 2008-309 du 3 avril 2008 portant diverses dispositions relatives \u00e0 la direction g\u00e9n\u00e9rale\ndes finances publiques ; \nVu le d\u00e9cret n\u00b02009-208 du 20 f\u00e9vrier 2009 relatif au statut particulier des administrateurs des finances\npubliques ;\nVu le d\u00e9cret n\u00b0 2009-707 du 16 juin 2009 relatif aux services d\u00e9concentr\u00e9s de la direction g\u00e9n\u00e9rale des\nfinances publiques ; \nVu le d\u00e9cret n\u00b0 2012-1246 du 7 novembre 2012 relatif \u00e0 la gestion budg\u00e9taire et comptable publique ;\nArr\u00eate :\nArticle 1er - D\u00e9l\u00e9gation de signature est donn\u00e9e \u00e0 Monsieur Julien BIZEBARRE, inspecteur principal des\nfinances publiques, \u00e0 l'effet de statuer sur :\n- les demandes de d\u00e9lais en mati\u00e8re de recettes non fiscales, sans limitation de dur\u00e9e ou de montant,\n- les remises gracieuses en droits et p\u00e9nalit\u00e9s en mati\u00e8re de recettes non fiscales dans la limite de\n30 000 \u20ac,\nArticle 2  \u2013  Le pr\u00e9sent arr\u00eat\u00e9 annule l'arr\u00eat\u00e9 n\u00b01763/2025 du 18 ao\u00fbt 2025 et prend effet \u00e0 compter\ndu 4 mai 2026. Il sera publi\u00e9 au recueil des actes administratifs du d\u00e9partement de l'Allier. \nFait \u00e0 Moulins, le 22 avril 2026\nL'Administrateur de l'\u00c9tat du grade transitoire,\nDirecteur d\u00e9partemental des Finances publiques,\nSign\u00e9\nJacques OZIOL\nDIRECTION D\u00c9PARTEMENTALE\nDES FINANCES PUBLIQUES DE L'ALLIER\n9 AVENUE VICTOR HUGO \u2013 BP 81609\n03016 MOULINS CEDEX\n03_DDFIP_Direction D\u00e9partementale des Finances Publiques de l'Allier - 03-2026-04-22-00007 - Arr\u00eat\u00e9 n\u00b0 921/2026 portant d\u00e9l\u00e9gation\nde signature 8\n03_DDFIP_Direction D\u00e9partementale des\nFinances Publiques de l'Allier\n03-2026-04-22-00008\nArr\u00eat\u00e9 n\u00b0 922/2026 portant d\u00e9l\u00e9gation de\nsignature\n03_DDFIP_Direction D\u00e9partementale des Finances Publiques de l'Allier - 03-2026-04-22-00008 - Arr\u00eat\u00e9 n\u00b0 922/2026 portant d\u00e9l\u00e9gation\nde signature 9\nREPUBLIQUEFRANCAISELibert\u00e9Egalit\u00e9Fraternit\u00e9\nDirection g\u00e9n\u00e9rale\ndes Finances publiques\nArr\u00eat\u00e9 n\u00b0 922/2026 portant d\u00e9l\u00e9gation de signature\nL'Administrateur de l'\u00c9tat du grade transitoire,\nDirecteur d\u00e9partemental des Finances publiques de l'Allier,\nVu le code g\u00e9n\u00e9ral des imp\u00f4ts, et notamment l'article 408 de son annexe II et les articles 212 \u00e0 217 de\nson annexe IV ;\nVu le livre des proc\u00e9dures fiscales, et notamment les articles L. 247 et R* 247-4 et suivants ;\nVu le d\u00e9cret n\u00b0 2008-309 du 3 avril 2008 portant diverses dispositions relatives \u00e0 la direction g\u00e9n\u00e9rale\ndes finances publiques ; \nVu le d\u00e9cret n\u00b0 2009-707 du 16 juin 2009 relatif aux services d\u00e9concentr\u00e9s de la direction g\u00e9n\u00e9rale des\nfinances publiques ; \nVu  la  d\u00e9cision  du  21  avril  2026  d\u00e9signant  Mme  Fabienne  PANTOUSTIER  conciliateur  fiscal\nd\u00e9partemental ;\nArr\u00eate :\nArticle 1  -  D\u00e9l\u00e9gation de signature est donn\u00e9e \u00e0  Mme Fabienne PANTOUSTIER, administratrice des\nFinances publiques adjointe, \u00e0 l'effet de se prononcer  sur les demandes des usagers tendant  \u00e0 la\nr\u00e9vision d'une d\u00e9cision prise par un service du d\u00e9partement dans les limites et conditions suivantes :\n1\u00b0 sans limitation de montant, pour les demandes contentieuses portant sur l'assiette des imp\u00f4ts  ;\n2\u00b0  sans  limitation  de  montant,  pour  les  demandes  contentieuses  de  d\u00e9charge  de  responsabilit\u00e9\nsolidaire fond\u00e9es sur les dispositions du II de l'article 1691 bis du code g\u00e9n\u00e9ral des imp\u00f4ts ;\n4\u00b0 dans la limite de 300 000 \u20ac, en mati\u00e8re de gracieux fiscal d'assiette et de recouvrement ; \n5\u00b0 dans la limite de 305 000 \u20ac, pour les demandes gracieuses de d\u00e9charge de l'obligation de paiement\nsolidaire fond\u00e9es sur les dispositions de l'article L. 247 du livre des proc\u00e9dures fiscales ;\n6\u00b0 sans limitation de montant, pour les contestations relatives au recouvrement pr\u00e9vues aux articles L.\n281 et L. 283 du livre des proc\u00e9dures fiscales ;\n7\u00b0 sans limitation de montant, pour les d\u00e9cisions relatives aux demandes de plans de r\u00e8glement.\nArticle 2  \u2013  Le pr\u00e9sent arr\u00eat\u00e9 abroge l'arr\u00eat\u00e9 n\u00b02124/2025 du 30 septembre 2025 et prend effet le\n4 mai 2026. Il sera publi\u00e9 au recueil des actes administratifs du d\u00e9partement de l'Allier.\nFait \u00e0 Moulins, le 22 avril 2026\nL'Administrateur de l'\u00c9tat du grade transitoire,\nDirecteur d\u00e9partemental des Finances publiques,\nSign\u00e9\nJacques OZIOL\nDIRECTION D\u00c9PARTEMENTALE\nDES FINANCES PUBLIQUES DE L'ALLIER\n9 AVENUE VICTOR HUGO \u2013 BP 81609\n03016 MOULINS CEDEX\n03_DDFIP_Direction D\u00e9partementale des Finances Publiques de l'Allier - 03-2026-04-22-00008 - Arr\u00eat\u00e9 n\u00b0 922/2026 portant d\u00e9l\u00e9gation\nde signature 10\n03_DDFIP_Direction D\u00e9partementale des\nFinances Publiques de l'Allier\n03-2026-04-22-00009\nArr\u00eat\u00e9 n\u00b0 923/2026 portant d\u00e9l\u00e9gation de\nsignature\n03_DDFIP_Direction D\u00e9partementale des Finances Publiques de l'Allier - 03-2026-04-22-00009 - Arr\u00eat\u00e9 n\u00b0 923/2026 portant d\u00e9l\u00e9gation\nde signature 11\nREPUBLIQUEFRANCAISELibert\u00e9Egalit\u00e9Fraternit\u00e9\nDirection g\u00e9n\u00e9rale\ndes Finances publiques\nArr\u00eat\u00e9 n\u00b0 923/2026 portant d\u00e9l\u00e9gation de signature\nL'Administrateur de l'\u00c9tat du grade transitoire,\nDirecteur d\u00e9partemental des Finances publiques de l'Allier,\nVu le code g\u00e9n\u00e9ral des imp\u00f4ts, et notamment l'article 408 de son annexe II et les articles 212 \u00e0 217 de\nson annexe IV ;\nVu le livre des proc\u00e9dures fiscales, et notamment les articles L. 247 et R* 247-4 et suivants ;\nVu le d\u00e9cret n\u00b0 2008-309 du 3 avril 2008 portant diverses dispositions relatives \u00e0 la direction g\u00e9n\u00e9rale\ndes finances publiques ; \nVu le d\u00e9cret n\u00b0 2009-707 du 16 juin 2009 relatif aux services d\u00e9concentr\u00e9s de la direction g\u00e9n\u00e9rale des\nfinances publiques ; \nVu  la  d\u00e9cision  du 8  ao\u00fbt  2025  d\u00e9signant  Mme Genevi\u00e8ve  GARNIER  conciliateur  fiscal  adjoint  du\nd\u00e9partement de l'Allier ;\nVu la d\u00e9cision du 8 ao\u00fbt 2025 d\u00e9signant M. Alain HINOT conciliateur fiscal adjoint  du d\u00e9partement de\nl'Allier ;\nArr\u00eate :\nArticle 1 - D\u00e9l\u00e9gation de signature est donn\u00e9e \u00e0 :\n- M. Alain HINOT, administrateur des Finances publiques adjoint,\n- Mme Genevi\u00e8ve GARNIER, inspectrice principale des Finances publiques,\n\u00e0 l'effet de se prononcer sur les demandes des usagers tendant \u00e0 la r\u00e9vision d'une d\u00e9cision prise par un\nservice du d\u00e9partement dans les limites et conditions suivantes :\n1\u00b0 sans limitation de montant, pour les demandes contentieuses portant sur l'assiette des imp\u00f4ts  ;\n2\u00b0  sans  limitation  de  montant,  pour  les  demandes  contentieuses  de  d\u00e9charge  de  responsabilit\u00e9\nsolidaire fond\u00e9es sur les dispositions du II de l'article 1691 bis du code g\u00e9n\u00e9ral des imp\u00f4ts ;\n4\u00b0 dans la limite de 300 000 \u20ac, en mati\u00e8re de gracieux fiscal d'assiette et de recouvrement ; \n5\u00b0 dans la limite de 305 000 \u20ac, pour les demandes gracieuses de d\u00e9charge de l'obligation de paiement\nsolidaire fond\u00e9es sur les dispositions de l'article L. 247 du livre des proc\u00e9dures fiscales ;\n6\u00b0 sans limitation de montant, pour les contestations relatives au recouvrement pr\u00e9vues aux articles L.\n281 et L. 283 du livre des proc\u00e9dures fiscales ;\n7\u00b0 sans limitation de montant, pour les d\u00e9cisions relatives aux demandes de plans de r\u00e8glement.\nArticle  2 \u2013   Le  pr\u00e9sent  arr\u00eat\u00e9  annule  l'arr\u00eat\u00e9  n\u00b02125/2025  du  30  septembre  2025  et  prend  effet\nle 4 mai 2026. Il sera publi\u00e9 au recueil des actes administratifs du d\u00e9partement de l'Allier.\nFait \u00e0 Moulins, le 22 avril 2026\nL'Administrateur de l'\u00c9tat du grade transitoire,\nDirecteur d\u00e9partemental des Finances publiques,\nSign\u00e9\nJacques OZIOL\nDIRECTION D\u00c9PARTEMENTALE\nDES FINANCES PUBLIQUES DE L'ALLIER\n9 AVENUE VICTOR HUGO \u2013 BP 81609\n03016 MOULINS CEDEX\n03_DDFIP_Direction D\u00e9partementale des Finances Publiques de l'Allier - 03-2026-04-22-00009 - Arr\u00eat\u00e9 n\u00b0 923/2026 portant d\u00e9l\u00e9gation\nde signature 12\n03_DDFIP_Direction D\u00e9partementale des\nFinances Publiques de l'Allier\n03-2026-04-22-00003\nD\u00e9cision n\u00b0 917/2026 de d\u00e9l\u00e9gations sp\u00e9ciales de\nsignature\npour le P\u00f4le Expertise\n03_DDFIP_Direction D\u00e9partementale des Finances Publiques de l'Allier - 03-2026-04-22-00003 - D\u00e9cision n\u00b0 917/2026 de d\u00e9l\u00e9gations\nsp\u00e9ciales de signature\npour le P\u00f4le Expertise\n13\nREPUBLIQUEFRANCAISELibert\u00e9Egalit\u00e9Fraternit\u00e9\nDirection g\u00e9n\u00e9rale\ndes Finances publiques\nD\u00e9cision n\u00b0 917/2026 de d\u00e9l\u00e9gations sp\u00e9ciales de signature \npour le P\u00f4le Expertise\nL'Administrateur de l'\u00c9tat du grade transitoire,\nDirecteur d\u00e9partemental des Finances publiques de l'Allier,\nVu  le d\u00e9cret  n\u00b0 2008-309  du  3  avril  2008  portant  dispositions  transitoires  relatives  \u00e0 la direction\ng\u00e9n\u00e9rale des finances publiques ;\nVu le d\u00e9cret n\u00b02008-310 du 3 avril 2008 relatif \u00e0 la direction g\u00e9n\u00e9rale des finances publiques ;\nVu le d\u00e9cret n\u00b02009-208 du 20 f\u00e9vrier 2009 relatif au statut particulier des administrateurs des finances\npubliques ;\nVu le d\u00e9cret n\u00b02009-707 du 16 juin 2009 relatif aux services d\u00e9concentr\u00e9s de la direction g\u00e9n\u00e9rale des\nfinances publiques ;\nVu le d\u00e9cret n\u00b0 2012-1246 du 7 novembre 2012 relatif \u00e0 la gestion budg\u00e9taire et comptable publique ;\nVu l'arr\u00eat\u00e9 du 11 avril 2011 portant cr\u00e9ation de la direction d\u00e9partementale des Finances publiques de\nl'Allier ;\nVu le d\u00e9cret du 16 juillet 2025 portant nomination de M. Jacques OZIOL, administrateur de l'\u00c9tat du grade\ntransitoire,  dans  l'emploi  de  directeur  d\u00e9partemental  des  finances  publiques  de  l'Allier  \u00e0  compter\ndu 8 ao\u00fbt 2025 ;\nD\u00e9cide :\nArticle  1er -  D\u00e9l\u00e9gation  sp\u00e9ciale  de  signature  pour  signer  les  pi\u00e8ces  ou  documents  relatifs  aux\nattributions de leur division ou de leur service, avec facult\u00e9 pour chacun d'eux d'agir s\u00e9par\u00e9ment et sur\nsa seule signature, l'\u00e9nonciation des pouvoirs ainsi conf\u00e9r\u00e9s \u00e9tant limitative, est donn\u00e9e \u00e0 :\n1. Pour la Division Recouvrement\nM. Julien BIZEBARRE, inspecteur principal des Finances Publiques, responsable de la division\nM. David LAMUGNIERE, inspecteur des Finances Publiques\nMme Garance TOUTOUNGHIAN, inspectrice des Finances Publiques \nMme Morgane COSTAIRE, inspectrice des Finances Publiques \nEn leur absence, d\u00e9l\u00e9gation est donn\u00e9e \u00e0 :\nMme Fran\u00e7oise BARICHARD, contr\u00f4leuse des Finances Publiques\nHuissiers\nM. Patrick MATHIEU, inspecteur des Finances Publiques\nM. Christophe MEIGNANT, inspecteur des Finances Publiques\n2. Pour la Division des affaires juridiques et du contr\u00f4le fiscal\nMme Genevi\u00e8ve GARNIER, inspectrice principale des Finances Publiques, responsable de la division\nMme C\u00e9line AICHAOUI, inspectrice des Finances Publiques\nDIRECTION D\u00c9PARTEMENTALE\nDES FINANCES PUBLIQUES DE L'ALLIER\n9 AVENUE VICTOR HUGO \u2013 BP 81609\n03016 MOULINS CEDEX\n03_DDFIP_Direction D\u00e9partementale des Finances Publiques de l'Allier - 03-2026-04-22-00003 - D\u00e9cision n\u00b0 917/2026 de d\u00e9l\u00e9gations\nsp\u00e9ciales de signature\npour le P\u00f4le Expertise\n14\nMme Val\u00e9rie CUBEIRA, inspectrice des Finances Publiques\nMme Karine IZANS-MASSON, inspectrice des Finances Publiques\nMme Evelyne LOPEZ, inspectrice des Finances Publiques\n3. Pour le Service Comptabilit\u00e9 - DFT\nMme Christelle DEYRIES, inspectrice principale des Finances Publiques\nMme Cerise BOUDAL, inspectrice des Finances Publiques\nEn leur absence, d\u00e9l\u00e9gation est donn\u00e9e \u00e0  Mme Isabelle DUJON , contr\u00f4leuse principale des Finances\nPubliques, et \u00e0 M. Maxime FRAN\u00c7OIS, contr\u00f4leur des Finances publiques, pour les op\u00e9rations li\u00e9es \u00e0 la\ncomptabilit\u00e9 et \u00e0 Mesdames Sylvaine CHASSAGNETTE et M\u00e9ma CAMARA , contr\u00f4leuses des Finances\nPubliques, pour les op\u00e9rations li\u00e9es au d\u00e9p\u00f4t de fonds. \nArticle 2  :  La pr\u00e9sente d\u00e9cision annule la d\u00e9cision n\u00b0146/2026 du 30 janvier 2026 et prend effet \u00e0\ncompter du 4 mai 2026. Elle sera publi\u00e9e au recueil des actes administratifs du d\u00e9partement.\nFait \u00e0 Moulins, le 22 avril 2026\nL'Administrateur de l'\u00c9tat du grade transitoire,\nDirecteur d\u00e9partemental des Finances publiques,\nSign\u00e9\nJacques OZIOL\n03_DDFIP_Direction D\u00e9partementale des Finances Publiques de l'Allier - 03-2026-04-22-00003 - D\u00e9cision n\u00b0 917/2026 de d\u00e9l\u00e9gations\nsp\u00e9ciales de signature\npour le P\u00f4le Expertise\n15\n03_DDFIP_Direction D\u00e9partementale des\nFinances Publiques de l'Allier\n03-2026-04-22-00004\nD\u00e9cision n\u00b0 918/2026 de subd\u00e9l\u00e9gation de\nsignature\nen mati\u00e8re de transmission aux collectivit\u00e9s\nlocales des \u00e9l\u00e9ments de fiscalit\u00e9 directe locale\n03_DDFIP_Direction D\u00e9partementale des Finances Publiques de l'Allier - 03-2026-04-22-00004 - D\u00e9cision n\u00b0 918/2026 de subd\u00e9l\u00e9gation\nde signature\nen mati\u00e8re de transmission aux collectivit\u00e9s locales des \u00e9l\u00e9ments de fiscalit\u00e9 directe locale\n16\nREPUBLIQUEFRANCAISELibert\u00e9Egalit\u00e9Fraternit\u00e9\nDirection g\u00e9n\u00e9rale\ndes Finances publiques\nD\u00e9cision n\u00b0 918/2026 de subd\u00e9l\u00e9gation de signature\nen mati\u00e8re de transmission aux collectivit\u00e9s locales des \u00e9l\u00e9ments de fiscalit\u00e9 directe locale\nL'Administrateur de l'\u00c9tat du grade transitoire,\nDirecteur d\u00e9partemental des Finances publiques de l'Allier,\nVu l'arr\u00eat\u00e9 pr\u00e9fectoral n\u00b0 1592/2025 du 28 juillet 2025, donnant d\u00e9l\u00e9gation de signature au Directeur\nd\u00e9partemental  des  Finances  publiques  de  l'Allier,  \u00e0  l'effet  de  communiquer  chaque  ann\u00e9e  aux\ncollectivit\u00e9s territoriales et \u00e9tablissements publics de coop\u00e9ration intercommunale \u00e0 fiscalit\u00e9 propre\ndu d\u00e9partement les diff\u00e9rents \u00e9tats indiquant, notamment, conform\u00e9ment aux articles D 1612-1 \u00e0 D\n1612-5  du  code  g\u00e9n\u00e9ral  des  collectivit\u00e9s  territoriales,  le  montant  pr\u00e9visionnel  des  bases  nettes\nimposables,  les  taux  nets  d'imposition  adopt\u00e9s  l'ann\u00e9e  pr\u00e9c\u00e9dente  et  les  autres  informations\nn\u00e9cessaires au vote du produit fiscal.\nD\u00e9cide :\nArticle 1er \u2013 Subd\u00e9l\u00e9gation de signature en mati\u00e8re de fiscalit\u00e9 locale est donn\u00e9e \u00e0 :\nMme  Aube  MARINO,  administratrice  des  Finances  publiques  adjointe,  directrice  du  P\u00f4le  Gestion\nLocale ;\nM. Ludovic TURGON, ing\u00e9nieur principal accueilli en d\u00e9tachement dans le grade d'inspecteur principal\ndes Finances Publiques , charg\u00e9 de la division des collectivit\u00e9s locales, Partenariats et Animation des\nCDL ;\nM. Elie MARTINET, inspecteur des Finances publiques ;\nMme Delphine ROUILLARD, inspectrice des Finances publiques.\nArticle 2  \u2013 La pr\u00e9sente d\u00e9cision annule la d\u00e9cision n\u00b0151/2026 du 30 janvier 2026 et prend effet \u00e0\ncompter du 4 mai 2026. Elle sera publi\u00e9e au recueil des actes administratifs du d\u00e9partement.\nFait \u00e0 Moulins, le 22 avril 2026\nL'Administrateur de l'\u00c9tat du grade transitoire,\nDirecteur d\u00e9partemental des Finances publiques,\nSign\u00e9\nJacques OZIOL\nDIRECTION D\u00c9PARTEMENTALE\nDES FINANCES PUBLIQUES DE L'ALLIER\n9 AVENUE VICTOR HUGO \u2013 BP 81609\n03016 MOULINS CEDEX\n03_DDFIP_Direction D\u00e9partementale des Finances Publiques de l'Allier - 03-2026-04-22-00004 - D\u00e9cision n\u00b0 918/2026 de subd\u00e9l\u00e9gation\nde signature\nen mati\u00e8re de transmission aux collectivit\u00e9s locales des \u00e9l\u00e9ments de fiscalit\u00e9 directe locale\n17\n03_DDFIP_Direction D\u00e9partementale des\nFinances Publiques de l'Allier\n03-2026-04-22-00001\nD\u00e9cision n\u00b0915/2026 de d\u00e9l\u00e9gation g\u00e9n\u00e9rale de\nsignature\nau responsable du P\u00f4le Ressources,\n\u00e0 la responsable du P\u00f4le Gestion Fiscale\n03_DDFIP_Direction D\u00e9partementale des Finances Publiques de l'Allier - 03-2026-04-22-00001 - D\u00e9cision n\u00b0915/2026 de d\u00e9l\u00e9gation\ng\u00e9n\u00e9rale de signature\nau responsable du P\u00f4le Ressources,\n\u00e0 la responsable du P\u00f4le Gestion Fiscale\n18\nREPUBLIQUEFRANCAISELibert\u00e9Egalit\u00e9Fraternit\u00e9\nDirection g\u00e9n\u00e9rale\ndes Finances publiques\nD\u00e9cision n\u00b0915/2026 de d\u00e9l\u00e9gation g\u00e9n\u00e9rale de signature\nau responsable du P\u00f4le Ressources,\n\u00e0 la responsable du P\u00f4le Gestion Fiscale\nL'Administrateur de l'\u00c9tat du grade transitoire,\nDirecteur d\u00e9partemental des Finances publiques de l'Allier,\nVu  le d\u00e9cret  n\u00b0 2008-309  du  3  avril  2008  portant  dispositions  transitoires  relatives  \u00e0 la direction\ng\u00e9n\u00e9rale des finances publiques ;\nVu le d\u00e9cret n\u00b02008-310 du 3 avril 2008 relatif \u00e0 la direction g\u00e9n\u00e9rale des finances publiques ;\nVu le d\u00e9cret n\u00b02009-208 du 20 f\u00e9vrier 2009 relatif au statut particulier des administrateurs des finances\npubliques ;\nVu le d\u00e9cret n\u00b02009-707 du 16 juin 2009 relatif aux services d\u00e9concentr\u00e9s de la direction g\u00e9n\u00e9rale des\nfinances publiques ;\nVu le d\u00e9cret n\u00b0 2012-1246 du 7 novembre 2012 relatif \u00e0 la gestion budg\u00e9taire et comptable publique ;\nVu l'arr\u00eat\u00e9 du 11 avril 2011 portant cr\u00e9ation de la direction d\u00e9partementale des Finances publiques de\nl'Allier ;\nVu le d\u00e9cret du 16 juillet 2025 portant nomination de M. Jacques OZIOL, administrateur de l'\u00c9tat du grade\ntransitoire,  dans  l'emploi  de  directeur  d\u00e9partemental  des  finances  publiques  de  l'Allier  \u00e0  compter\ndu 8 ao\u00fbt 2025 ;\nD\u00e9cide :\nArticle 1er - D\u00e9l\u00e9gation de signature est donn\u00e9e \u00e0 :\nM. Alain HINOT, Administrateur des Finances publiques adjoint, responsable du P\u00f4le Ressources, \nMme Fabienne PANTOUSTIER , Administratrice des Finances publiques adjointe, responsable du P\u00f4le\nGestion Fiscale,\n\u00e0 l'effet de me suppl\u00e9er dans l'exercice de mes fonctions et de signer, seuls, ou concurremment avec\nmoi,  sous  r\u00e9serve  des  dispositions  de  l'article  2  et  des  restrictions  express\u00e9ment  pr\u00e9vues  par  la\nr\u00e9glementation, tous les actes relatifs \u00e0 ma gestion et aux affaires qui s'y rattachent.\nIls sont autoris\u00e9s \u00e0 agir en justice et effectuer des d\u00e9clarations de cr\u00e9ances.\nArticle 2  \u2013  Sont exclus du champ de la pr\u00e9sente d\u00e9l\u00e9gation tous les actes aff\u00e9rents \u00e0 l'exercice des\nmissions exclusivement d\u00e9volues aux comptables publics par l'article 18 du d\u00e9cret n\u00b0 2012-1246 du 7\nnovembre 2012.\nArticle 3 \u2013  La pr\u00e9sente d\u00e9cision annule la d\u00e9cision n\u00b0144/2026 du 30 janvier 2026  et prend effet\n\u00e0 compter du 4 mai 2026. Elle sera publi\u00e9e au recueil des actes administratifs du d\u00e9partement.\nFait \u00e0 Moulins, le 22 avril 2026\nL'Administrateur de l'\u00c9tat du grade transitoire,\nDirecteur d\u00e9partemental des Finances publiques,\nSign\u00e9\nJacques OZIOL\nDIRECTION D\u00c9PARTEMENTALE\nDES FINANCES PUBLIQUES DE L'ALLIER\n9 AVENUE VICTOR HUGO \u2013 BP 81609\n03016 MOULINS CEDEX\n03_DDFIP_Direction D\u00e9partementale des Finances Publiques de l'Allier - 03-2026-04-22-00001 - D\u00e9cision n\u00b0915/2026 de d\u00e9l\u00e9gation\ng\u00e9n\u00e9rale de signature\nau responsable du P\u00f4le Ressources,\n\u00e0 la responsable du P\u00f4le Gestion Fiscale\n19\n03_DDFIP_Direction D\u00e9partementale des\nFinances Publiques de l'Allier\n03-2026-04-22-00002\nD\u00e9cision n\u00b0916/2026 de d\u00e9l\u00e9gation g\u00e9n\u00e9rale de\nsignature\n\u00e0 la responsable du P\u00f4le Gestion Locale\n03_DDFIP_Direction D\u00e9partementale des Finances Publiques de l'Allier - 03-2026-04-22-00002 - D\u00e9cision n\u00b0916/2026 de d\u00e9l\u00e9gation\ng\u00e9n\u00e9rale de signature\n\u00e0 la responsable du P\u00f4le Gestion Locale\n20\nREPUBLIQUEFRANCAISELibert\u00e9Egalit\u00e9Fraternit\u00e9\nDirection g\u00e9n\u00e9rale\ndes Finances publiques\nD\u00e9cision n\u00b0916/2026 de d\u00e9l\u00e9gation g\u00e9n\u00e9rale de signature\n\u00e0 la responsable du P\u00f4le Gestion Locale\nL'Administrateur de l'\u00c9tat du grade transitoire,\nDirecteur d\u00e9partemental des Finances publiques de l'Allier,\nVu  le  d\u00e9cret  n\u00b0  2008-309  du  3  avril  2008  portant  dispositions  transitoires relatives  \u00e0  la  direction\ng\u00e9n\u00e9rale des finances publiques ;\nVu le d\u00e9cret n\u00b02008-310 du 3 avril 2008 relatif \u00e0 la direction g\u00e9n\u00e9rale des finances publiques ;\nVu le d\u00e9cret n\u00b02009-208 du 20 f\u00e9vrier 2009 relatif au statut particulier des administrateurs des finances\npubliques ;\nVu le d\u00e9cret n\u00b02009-707 du 16 juin 2009 relatif aux services d\u00e9concentr\u00e9s de la direction g\u00e9n\u00e9rale des\nfinances publiques ;\nVu le d\u00e9cret n\u00b0 2012-1246 du 7 novembre 2012 relatif \u00e0 la gestion budg\u00e9taire et comptable publique ;\nVu l'arr\u00eat\u00e9 du 11 avril 2011 portant cr\u00e9ation de la direction d\u00e9partementale de l'Allier ;\nVu le d\u00e9cret du 16 juillet 2025 portant nomination de M. Jacques OZIOL, administrateur de l'\u00c9tat du grade\ntransitoire,  dans  l'emploi  de  directeur  d\u00e9partemental  des  finances  publiques  de  l'Allier  \u00e0  compter\ndu 8 ao\u00fbt 2025 ;\nD\u00e9cide :\nArticle 1er - D\u00e9l\u00e9gation de signature est donn\u00e9e \u00e0 :\nMme Aube MARINO,  Administratrice des Finances publiques adjointe, responsable du P\u00f4le Gestion\nLocale, Correspondante D\u00e9partementale de la Politique Immobili\u00e8re de l'\u00c9tat (CDPIE),\n\u00e0 l'effet de me suppl\u00e9er dans l'exercice de mes fonctions et de signer, seule, ou concurremment avec\nmoi, tous les actes relatifs \u00e0 ma gestion et aux affaires qui s'y rattachent, sous r\u00e9serve des restrictions\nexpress\u00e9ment pr\u00e9vues par la r\u00e9glementation.\nElle est autoris\u00e9e \u00e0 agir en justice et effectuer des d\u00e9clarations de cr\u00e9ances.\nArticle 2  \u2013  La pr\u00e9sente d\u00e9cision annule la d\u00e9cision n\u00b0 145/2026 du 30 janvier 2026  et prend effet \u00e0\ncompter du 4 mai 2026. Elle sera publi\u00e9e au recueil des actes administratifs du d\u00e9partement.\nFait \u00e0 Moulins, le 22 avril 2026\nL'Administrateur de l'\u00c9tat du grade transitoire,\nDirecteur d\u00e9partemental des Finances publiques,\nSign\u00e9\nJacques OZIOL\nDIRECTION D\u00c9PARTEMENTALE\nDES FINANCES PUBLIQUES DE L'ALLIER\n9 AVENUE VICTOR HUGO \u2013 BP 81609\n03016 MOULINS CEDEX\n03_DDFIP_Direction D\u00e9partementale des Finances Publiques de l'Allier - 03-2026-04-22-00002 - D\u00e9cision n\u00b0916/2026 de d\u00e9l\u00e9gation\ng\u00e9n\u00e9rale de signature\n\u00e0 la responsable du P\u00f4le Gestion Locale\n21\n03_DDFIP_Direction D\u00e9partementale des\nFinances Publiques de l'Allier\n03-2026-04-21-00012\nLettre de mission du conciliateur fiscal\nd\u00e9partemental\n03_DDFIP_Direction D\u00e9partementale des Finances Publiques de l'Allier - 03-2026-04-21-00012 - Lettre de mission du conciliateur fiscal\nd\u00e9partemental 22\nREPUBLIQUEFRAN\u00c7AISELibert\u00e9Egalit\u00e9Fraternit\u00e9\nTFINANCES PUBLIQUES\nObjet : lettre de mission du conciliateur fiscal d\u00e9partemental\nJe soussign\u00e9, M. Jacques OZIOL, Directeur d\u00e9partemental des Finances publiques de l'Allier,\nd\u00e9signe Mme Fabienne PANTOUSTIER, administratrice des Finances publiques adjointe,  en\nr\u00e9sidence \u00e0 la Direction d\u00e9partementale des Finances publiques de l'Allier, dans la fonction\nde conciliateur fiscal d\u00e9partemental.\nCette d\u00e9cision prend effet \u00e0 compter du 4 mai 2026.\nL'Administrateur de l'\u00c9tat du grade transitoire,\nDirecteur d\u00e9partemental des Finances publiques,\nSign\u00e9\nJacques OZIOL\nDirection d\u00e9partementale\ndes Finances publiques de l'Allier\nService Dialogue social \u2013 Contr\u00f4le de gestion\n9, avenue Victor Hugo\n03016 MOULINS CEDEX\nMoulins, le 21 avril 2026\nLe directeur d\u00e9partemental \ndes Finances publiques\n\u00e0\nMadame Fabienne PANTOUSTIER\nAdministratrice des Finances publiques adjointe\n03_DDFIP_Direction D\u00e9partementale des Finances Publiques de l'Allier - 03-2026-04-21-00012 - Lettre de mission du conciliateur fiscal\nd\u00e9partemental 23\n03_Pr\u00e9f_Pr\u00e9fecture de l'Allier\n03-2026-04-20-00008\nAVIS 884 bis du 20 avril 2026 de la CDAC 03\nrelatif au projet CENTRAKOR \u00e0 Commentry\npr\u00e9sent\u00e9 par EOL PROPERTY 3 \n03_Pr\u00e9f_Pr\u00e9fecture de l'Allier - 03-2026-04-20-00008 - AVIS 884 bis du 20 avril 2026 de la CDAC 03 relatif au projet CENTRAKOR \u00e0\nCommentry pr\u00e9sent\u00e9 par EOL PROPERTY 3 24\nPREFETDE L'ALLIERLibert\u00e9Egalit\u00e9Fraternit\u00e9\nN\u00b0 884 bis /2026 du 20 avril 2026\nAVIS\nde la commission d\u00e9partementale d'am\u00e9nagement commercial de l'Allier\nrelatif au projet n\u00b01/2026\npr\u00e9sent\u00e9 par la soci\u00e9t\u00e9 EOL PROPERTY 3,\nsise 5 route de Puy l'Ev\u00eaque \u2013 Prayssac (46220)\nen vue d'obtenir l'autorisation :\nde proc\u00e9der \u00e0 une extension de 480 m\u00b2 de la surface de vente du magasin CENTRAKOR\nsitu\u00e9 ZA de la Brande \u2013 rue de la P\u00eacherie \u00e0 COMMENTRY (03600),\nce qui porterait la surface de vente totale du magasin \u00e0 1 475 m\u00b2\nAux termes de ses d\u00e9lib\u00e9rations en date du lundi 20 avril 2026, sous la pr\u00e9sidence de Monsieur\nOlivier MAUREL, Secr\u00e9taire g\u00e9n\u00e9ral de la pr\u00e9fecture de l'Allier,\nVu le Code du commerce et notamment ses articles L 751-2 et suivants et R 751-1 et suivants ;\nVu le Code g\u00e9n\u00e9ral des collectivit\u00e9s territoriales ;\nVu le d\u00e9cret du 15 juin 2023 portant nomination du secr\u00e9taire g\u00e9n\u00e9ral de la pr\u00e9fecture de l'Allier, sous-\npr\u00e9fet de Moulins \u2013 Monsieur Olivier MAUREL ;\nVu l'arr\u00eat\u00e9 pr\u00e9fectoral n\u00b0 520/2025 du 19 mars 2025 portant organisation des services de la pr\u00e9fecture\net des sous-pr\u00e9fectures ;\nVu l'arr\u00eat\u00e9 pr\u00e9fectoral n\u00b0877/2025 du 6 mai 2025 portant d\u00e9l\u00e9gation de signature \u00e0 Monsieur Olivier\nMAUREL, secr\u00e9taire g\u00e9n\u00e9ral de la pr\u00e9fecture de l'Allier ;\nVu l'arr\u00eat\u00e9 pr\u00e9fectoral modifi\u00e9 n\u00b0 63/2024 du 11 janvier 2024 fixant la composition \u00ab  cadre \u00bb de la\ncommission d\u00e9partementale d'am\u00e9nagement commercial de l'Allier ;\nVu l'arr\u00eat\u00e9 pr\u00e9fectoral n\u00b0801/2026 du 7 avril 2026 modifiant l'arr\u00eat\u00e9 pr\u00e9fectoral n\u00b063/2024 du 11 janvier\n2024 qui fixe la composition \u00ab  cadre \u00bb de la commission d\u00e9partementale d'am\u00e9nagement commercial\nde l'Allier ;\nVu l'arr\u00eat\u00e9 pr\u00e9fectoral n\u00b0802/2026 du 7 avril 2026 fixant \u00e0 13 membres votant, la composition de la\ncommission d\u00e9partementale d'am\u00e9nagement commercial de l'Allier  pour l'examen de la demande\nd'autorisation concernant ce projet ;\nVu  le projet de  la soci\u00e9t\u00e9 EOL PROPERTY 3  sise 5 route de Puy l'Ev\u00eaque \u00e0  Prayssac  (46 220)\nportant sur  l'extension  de 480  m\u00b2 de la surface de vente  d'un  magasin \u00e0 l'enseigne CENTRAKOR\nsitu\u00e9 ZA de la Brande \u2013 rue de la P\u00eacherie \u00e0 COMMENTRY (03 600) ce qui porterait sa surface de\nvente totale \u00e0 1 475 m\u00b2 ;\nVu le dossier de demande de permis de construire n\u00b0 PC 003 082 25 00019 d\u00e9pos\u00e9 le 31 d\u00e9cembre\n2025 en mairie de Commentry ;\nVu la demande d'avis concernant le projet pr\u00e9cit\u00e9 transmise au secr\u00e9tariat de la CDAC de l'Allier par\nla mairie de Commentry le 16 f\u00e9vrier 2026 ;\nVu  l'enregistrement comme complet du dossier relatif \u00e0 cette demande d'autorisation \u00e0 la date du\n4 mars 2026 ;\nVu le rapport d'instruction de la direction d\u00e9partementale des territoires de l'Allier ;\nPr\u00e9fecture de l'Allier\n2 rue Michel de l'Hospital\nCS 31649 - 03016 MOULINS Cedex\nT\u00e9l. 04 70 48 30 00 - prefecture@allier.gouv.fr\nwww.allier.gouv.fr\nDirection de la coordination des politiques publiques\nBureau de la coordination des politiques publiques\n03_Pr\u00e9f_Pr\u00e9fecture de l'Allier - 03-2026-04-20-00008 - AVIS 884 bis du 20 avril 2026 de la CDAC 03 relatif au projet CENTRAKOR \u00e0\nCommentry pr\u00e9sent\u00e9 par EOL PROPERTY 3 25\n2\nVu l'audition de   Monsieur Emmanuel LELIEVRE g\u00e9rant de  EOL PROPERTY 3 (demandeur) et de\nEOL RETAIL HOME 2 (exploitant) ;\nVu le r\u00e9sultat des votes apr\u00e8s qu'en aient d\u00e9lib\u00e9r\u00e9 les membres de la commission, assist\u00e9s de\nMonsieur Pierre METENIER repr\u00e9sentant  la directrice d\u00e9partementale des territoires de l'Allier  par\nint\u00e9rim ;\nConsid\u00e9rant qu'au regard des 8 membres pr\u00e9sents, le quorum de la commission a \u00e9t\u00e9 atteint ;\nConsid\u00e9rant que le projet n'est pas compatible avec le sch\u00e9ma de coh\u00e9rence territoriale (SCoT) du\nP\u00f4le d'\u00c9quilibre Territorial et Rural \u00ab  Pays de la Vall\u00e9e de Montlu\u00e7on et du Cher  \u00bb car l'extension\ndemand\u00e9e de 480 m\u00b2 d\u00e9passe de 180 m\u00b2 le plafond fix\u00e9 \u00e0 300 m\u00b2 ;\nConsid\u00e9rant que le projet reste cependant dans la logique des pr\u00e9conisations du SCoT ;\nConsid\u00e9rant la  conformit\u00e9  du  projet  aux  prescriptions  du  PLUi  qui  couvre  la  commune  de\nCommentry ;\nConsid\u00e9rant que l'aire de stationnement est enti\u00e8rement imperm\u00e9abilis\u00e9e ;\nConsid\u00e9rant l'absence d'impact sur l'\u00e9quilibre commercial du secteur et du centre de Commentry ;\nConsid\u00e9rant l'effort du porteur de projet au titre des \u00e9nergies renouvelables, avec la mise en place de\npanneaux photovolta\u00efques de 670  m\u00b2 en toiture sur la partie existante et sur l'extension pour son\nautoconsommation \u00e0 hauteur de 32 % ;\nConsid\u00e9rant l'installation pr\u00e9vue de 4 bornes de rechargement pour v\u00e9hicule \u00e9lectrique ;\nConsid\u00e9rant l'installation d'une cuve de 10 m\u00b3 pour la r\u00e9cup\u00e9ration et valorisation de l'eau pluviale\npour l'arrosage des v\u00e9g\u00e9taux ;\nConsid\u00e9rant la qualit\u00e9 des r\u00e9am\u00e9nagements en espaces verts pr\u00e9vus ;\nConsid\u00e9rant la plantation pr\u00e9vue de 5 \u00e0 6 arbres de moyennes tiges, de 8 \u00e0 10 arbustes et d'une\nhaie de 38 m de long ;\nConsid\u00e9rant que l'espace sera v\u00e9g\u00e9talis\u00e9 par une prairie mellif\u00e8re sur 1  084 m\u00b2 et engazonn\u00e9 sur\n182 m\u00b2 ;\nLe 20 avril 2026 \u00e0 13H30, la commission d\u00e9partementale d'am\u00e9nagement commercial de l'Allier a\n\u00e9mis  un avis favorable \u00e0 l'unanimit\u00e9 \u00e0 la demande susvis\u00e9e, par 8 voix favorables sur les\n8 exprim\u00e9es.\nOnt si\u00e9g\u00e9 et vot\u00e9 pour l'autorisation du projet :\n\u2013 Monsieur Sylvain BOURDIER, maire de Commentry, commune d'implantation du projet ;\n\u2013 Monsieur Didier LINDRON, conseiller r\u00e9gional Auvergne-Rh\u00f4ne-Alpes ;\n\u2013 Monsieur  Thierry  LAPLACE,  maire  de  Creuzier-le-Neuf,  repr\u00e9sentant  les  maires  au  niveau\nd\u00e9partemental ;\n\u2014 Monsieur  Alain  VERNISSE  repr\u00e9sentant  les  pr\u00e9sidents  des  intercommunalit\u00e9s  au  niveau\nd\u00e9partemental ;\n\u2013 Monsieur Jacques BUISSON, personnalit\u00e9 qualifi\u00e9e en mati\u00e8re de consommation et de protection\ndes consommateurs, repr\u00e9sentant de l'association UFC-Que Choisir de Montlu\u00e7on et sa r\u00e9gion ;\n\u2013 Madame B\u00e9atrice VIGNAUD, personnalit\u00e9 qualifi\u00e9e en  mati\u00e8re de consommation et de protection\ndes consommateurs, pr\u00e9sidente de l'Union d\u00e9partementale des associations familiales de l'Allier ;\n\u2013 Madame  Christiane LOUVETON,  personnalit\u00e9  qualifi\u00e9e  en  mati\u00e8re  de  d\u00e9veloppement durable et\nd'am\u00e9nagement du territoire, repr\u00e9sentante du Conservatoire d'Espaces Naturels de l'Allier ;\n\u2013 Monsieur  Anthony  LEROY,  personnalit\u00e9  qualifi\u00e9e  en  mati\u00e8re  de  d\u00e9veloppement  durable  et\nd'am\u00e9nagement du territoire de la zone de chalandise du projet se situant dans le Puy-de-D\u00f4me  ,\nvice-pr\u00e9sident de l'association Plate-forme 21.\n03_Pr\u00e9f_Pr\u00e9fecture de l'Allier - 03-2026-04-20-00008 - AVIS 884 bis du 20 avril 2026 de la CDAC 03 relatif au projet CENTRAKOR \u00e0\nCommentry pr\u00e9sent\u00e9 par EOL PROPERTY 3 26\n3\n\u00c9taient absents     :  \n\u2013 le repr\u00e9sentant de Commentry Montmarault N\u00e9ris Communaut\u00e9, communaut\u00e9 de communes dont\nest membre la commune d'implantation ;\n\u2013 le repr\u00e9sentant d u Pays de la Vall\u00e9e de Montlu\u00e7on et du Cher, P\u00f4le d'\u00c9quilibre Territorial et Rural\n(PETR) dans le p\u00e9rim\u00e8tre duquel est situ\u00e9e la commune d'implantation ou son repr\u00e9sentant ;\n\u2013 le repr\u00e9sentant du Conseil d\u00e9partemental de l'Allier ;\n\u2013 le repr\u00e9sentant des \u00e9lus de la zone de chalandise du projet se situant dans le d\u00e9partement du Puy-\nde-D\u00f4me ;\n\u2013 la  personnalit\u00e9 qualifi\u00e9e en mati\u00e8re de  d\u00e9veloppement durable et d'am\u00e9nagement du territoire en\nqualit\u00e9 de repr\u00e9sentante de l'association France Nature Environnement Allier.\nEn cons\u00e9quence, la demande pr\u00e9sent\u00e9e par la soci\u00e9t\u00e9 EOL PROPERTY 3  sise 5  route de Puy\nl'Ev\u00eaque \u2013 PRAYSSAC (46220), concernant :\n\u2013 une extension de 480 m\u00b2 de la surface de vente du magasin \u00e0 l'enseigne CENTRAKOR, situ\u00e9 ZA\nde la Brande \u2013 rue de la P\u00eacherie \u00e0 COMMENTRY (03 600), ce qui porterait sa surface de vente\ntotale \u00e0 1 475 m\u00b2,\na obtenu un avis favorable de la commission d\u00e9partementale d'am\u00e9nagement commercial.\nMoulins, le 20 avril 2026\nPour le Pr\u00e9fet et par d\u00e9l\u00e9gation,\nLe Secr\u00e9taire g\u00e9n\u00e9ral,\nSign\u00e9\nOlivier MAUREL\n03_Pr\u00e9f_Pr\u00e9fecture de l'Allier - 03-2026-04-20-00008 - AVIS 884 bis du 20 avril 2026 de la CDAC 03 relatif au projet CENTRAKOR \u00e0\nCommentry pr\u00e9sent\u00e9 par EOL PROPERTY 3 27\n4\nD\u00e9lai et voie de recours contre la d\u00e9cision de la commission d\u00e9partementale d'am\u00e9nagement\ncommercial (CDAC)\nDispositions de l'article L 752-17 du code du commerce     :  \n\u00ab I.- Conform\u00e9ment \u00e0 l'article L. 425-4 du code de l'urbanisme, le demandeur, le repr\u00e9sentant de l'Etat\ndans le d\u00e9partement, tout membre de la commission d\u00e9partementale d'am\u00e9nagement commercial, tout\nprofessionnel dont l'activit\u00e9, exerc\u00e9e dans les limites de la zone de chalandise d\u00e9finie pour chaque\nprojet, est susceptible d'\u00eatre affect\u00e9e par le projet ou toute association les repr\u00e9sentant peuvent,  dans\nle d\u00e9lai d'un mois , introduire un recours devant la Commission nationale d'am\u00e9nagement commercial\ncontre l'avis de la commission d\u00e9partementale d'am\u00e9nagement commercial. \nLa Commission nationale d'am\u00e9nagement commercial \u00e9met un avis sur la conformit\u00e9 du projet aux\ncrit\u00e8res \u00e9nonc\u00e9s \u00e0 l'article  L. 752-6  du pr\u00e9sent code, qui se substitue \u00e0 celui de la commission\nd\u00e9partementale. En l'absence d'avis expr\u00e8s de la commission nationale dans le d\u00e9lai de quatre mois \u00e0\ncompter de sa saisine, l'avis de la commission d\u00e9partementale d'am\u00e9nagement commercial est r\u00e9put\u00e9\nconfirm\u00e9.\nA peine d'irrecevabilit\u00e9, la saisine de la commission nationale par les personnes mentionn\u00e9es au\npremier alin\u00e9a du pr\u00e9sent I est un pr\u00e9alable obligatoire au recours contentieux dirig\u00e9 contre la d\u00e9cision\nde l'autorit\u00e9 administrative comp\u00e9tente pour d\u00e9livrer le permis de construire. Le maire de la commune\nd'implantation du projet et le repr\u00e9sentant de l'Etat dans le d\u00e9partement ne sont pas tenus d'exercer ce\nrecours pr\u00e9alable. \nII.-  Lorsque  la  r\u00e9alisation  du  projet  ne  n\u00e9cessite  pas  de  permis  de  construire ,  les  personnes\nmentionn\u00e9es au premier alin\u00e9a du I peuvent, dans un d\u00e9lai d'un mois, introduire un recours contre la\nd\u00e9cision de la commission d\u00e9partementale d'am\u00e9nagement commercial. \nLa Commission nationale d'am\u00e9nagement commercial rend une d\u00e9cision qui se substitue \u00e0 celle de la\ncommission d\u00e9partementale. En l'absence de d\u00e9cision expresse de la commission nationale dans le\nd\u00e9lai  de  quatre  mois  \u00e0  compter  de  sa  saisine,  la  d\u00e9cision  de  la  commission  d\u00e9partementale\nd'am\u00e9nagement commercial est r\u00e9put\u00e9e confirm\u00e9e. \nA peine d'irrecevabilit\u00e9, la saisine de la commission nationale est un pr\u00e9alable obligatoire au recours\ncontentieux. \u00bb\nDispositions de l'article R 752-30 du code du commerce     :  \n\u00ab Le d\u00e9lai de recours contre une d\u00e9cision ou un avis de la commission d\u00e9partementale est d'un mois.\nIl court :\n1\u00b0 Pour le demandeur, \u00e0 compter de la notification de la d\u00e9cision ou de l'avis ;\n2\u00b0 Pour le pr\u00e9fet et les membres de la commission d\u00e9partementale, \u00e0 compter de la r\u00e9union de la\ncommission ou, en cas de d\u00e9cision ou d'avis tacite, \u00e0 compter de la date \u00e0 laquelle l'autorisation est\nr\u00e9put\u00e9e accord\u00e9e ;\n3\u00b0 Pour toute autre personne mentionn\u00e9e \u00e0 l'article  L. 752-17 , \u00e0 compter de la plus tardive des\nmesures de publicit\u00e9 pr\u00e9vues aux troisi\u00e8me et cinqui\u00e8me alin\u00e9as de l'article R. 752-19.\nLe respect du d\u00e9lai de recours est appr\u00e9ci\u00e9 \u00e0 la date d'envoi du recours.\n Commission Nationale d'Am\u00e9nagement Commercial (CNAC)\n Minist\u00e8re de l'\u00c9conomie, des Finances et de la Souverainet\u00e9 Industrielle et Num\u00e9rique \nDirection G\u00e9n\u00e9rale des Entreprises\nSous-Direction du Commerce, de l'Artisanat et de la Restauration  \n B\u00e2timent Condorcet\n6 rue Louise Weiss \u2013 75703 Paris Cedex 13 (t\u00e9l\u00e9doc 315)\n03_Pr\u00e9f_Pr\u00e9fecture de l'Allier - 03-2026-04-20-00008 - AVIS 884 bis du 20 avril 2026 de la CDAC 03 relatif au projet CENTRAKOR \u00e0\nCommentry pr\u00e9sent\u00e9 par EOL PROPERTY 3 28\nSuperficie totale du lieu d'implantation (en m\u00b2) 4534\nAC n\u00b0291\nAvant projet\nNombre de A \nNombre de S\nNombre de A/S 2\nApr\u00e8s projet\nNombre de A \nNombre de S\nNombre de A/S 2\n1356,48\nMise en place d'une citerne de r\u00e9cup\u00e9ration des eaux de pluie de 10 000 litres\nInstallation de 4 bornes de rechargement pour v\u00e9hicule \u00e9lectrique\n1. Rayer la mention inutile\n2 Rayer la mention inutile et compl\u00e9ter avec le num\u00e9ro et la date de l'avis ou de la d\u00e9cision.\nTABLEAU R\u00c9CAPITULATIF DES CARACT\u00c9RISTIQUES DU PROJET\nJOINT A L'AVIS DE LA CDAC\nN\u00b0 884 bis /2026  DU  20 / 04/ 2026\n(articles R.752-16 / R.752-38 et R.752-44 du code de commerce)\nPOUR TOUT \u00c9QUIPEMENT COMMERCIAL\n(a \u00e0 e du 3\u00b0 de l'article R.752-44-3 du code de commerce)\nEt r\u00e9f\u00e9rences cadastrales du terrain d'assiette \n(cf. b du 2\u00b0 du I de l'article art. R 752-6)\nPoints d'acc\u00e8s (A) et de sortie\n(S) du site (cf. b,c et d du 2\u00b0 du I de \nl'article R.752-6)\nEspaces verts et surfaces perm\u00e9ables (cf. \nb du 2\u00b0\nEt du 4\u00b0 du I de l'article R.752-6)\nSuperficie du terrain consacr\u00e9e\nAux espaces verts (en m\u00b2)\nAutres surfaces v\u00e9g\u00e9talis\u00e9es\n(toitures, fa\u00e7ades, autre(s), en m\u00b2)\nAutres surfaces non \nImperm\u00e9abilis\u00e9s : m\u00b2 et mat\u00e9riaux\nProc\u00e9d\u00e9s utilis\u00e9s\nEnergies renouvelables (cf. b du 4\u00b0 de \nl'article R.752-6)\nPanneaux photovolta\u00efques :\nM\u00b2 et localisation\ninstallation de 670 m\u00b2 de panneaux \nphotovolta\u00efques en toiture du b\u00e2timent \nexistant et futur\nEoliennes (nombre et \nLocalisation)\nAutres proc\u00e9d\u00e9s (m\u00b2/nombre et\nLocalisation) et \nObservations \u00e9ventuelles :\nAutres \u00e9l\u00e9ments intrins\u00e8ques ou \nConnexes au projet mentionn\u00e9s \nexpress\u00e9ment\nPar la commission dans son avis ou sa\nD\u00e9cision\nLe projet pr\u00e9voit la requalification d'une partie des espaces libres : 1356,48 m\u00b2 \nen espaces engazonn\u00e9s (soit 29,92 m\u00b2 du t\u00e8nement foncier) dont 1083,87 m\u00b2 \nen prairie mellif\u00e8re avec implantation de 4 ruches.\nLes espaces libres paysagers seront plant\u00e9s de 5 \u00e0 6 arbres de moyenne tige, \nde 8 \u00e0 10 arbustes d'une haie de 38 m\u00e8tres lin\u00e9aires, de massifs plant\u00e9s, de \ngramin\u00e9es\n03_Pr\u00e9f_Pr\u00e9fecture de l'Allier - 03-2026-04-20-00008 - AVIS 884 bis du 20 avril 2026 de la CDAC 03 relatif au projet CENTRAKOR \u00e0\nCommentry pr\u00e9sent\u00e9 par EOL PROPERTY 3 29\nSurface de vente (SV) totale 995 m\u00b2\nNombre 1\nSV/magasin 3 995 m\u00b2\nSecteur (1 ou 2) 2\nSurface de vente (SV) totale 1475 m\u00b2\nNombre 1\nSV/magasin 1475 m\u00b2\nSecteur (1 ou 2) 2\nTotal 22\n0\nCo-Voiturage\nAuto-partage\nPerm\u00e9ables\nTotal 22\ndont 4\nCo-Voiturage\nAuto-partage\nPerm\u00e9ables\nnc\nnc\nnc\nnc\n- rappel\u00e9s la commission (CDAC n\u00b0 d\u00e9partement/CNAC), le n\u00b0 et la date de l'avis ou de la d\u00e9cision ;\n- list\u00e9s, chacun avec sa SV, tous les magasins d'une surface de vente > 300 m\u00b2 sous la mention \"d\u00e9tail des XX\n4. Cf (\u00b2)\nPOUR LES MAGASINS ET ENSEMBLES COMMERCIAUX\n(a et c du 1\u00b0 de l'article R.752-44 du code de commerce)\nSurface de vente\n(cf. a,b,d ou e du\n1\u00b0du 1 de l'article\nR752-6) et\nSecteurs d'activit\u00e9\n(cf. a, b, d et e du\n1\u00b0du 1 de l'article\nR.752-6)\nAvant\nProjet magasins de\nSV > 300 m\u00b2\nApr\u00e8s\nProjet Magasins\n SV > 300 m\u00b2\nCapacit\u00e9 de \nStationnement\n(cf. g du 1\u00b0 du I de\nl'article R.752-6)\nAvant\nProjet\nNombre de\nPlaces\nElectriques/\nHybrides\nApr\u00e8s\nProjet\nNombre de \nPlaces\nElectriques/ \nHybrides\nPOUR LES POINTS PERMANENTS DE RETRAIT (\u00ab DRIVE \u00bb)\n(2\u00b0 de l'article R.752-44 du code de commerce)\nNombre de pistes\nDe ravitaillement\nAvant\nProjet\nApr\u00e8s\nProjet\nEmprise au sol\nAffect\u00e9e au retrait des\nMarchandises (en m\u00b2)\nAvant\nProjet\nApr\u00e8s\nProjet\n3. Si plus de 5 magasins d'une surface de vente (SV) > 300 m\u00b2, ne pas renseigner cette ligne mais renvoyer \u00e0 une\nfeuille libre annex\u00e9e au tableau sur laquelle sont :\nmagasins d'une SV > 300 m\u00b2 \u00bb.\n03_Pr\u00e9f_Pr\u00e9fecture de l'Allier - 03-2026-04-20-00008 - AVIS 884 bis du 20 avril 2026 de la CDAC 03 relatif au projet CENTRAKOR \u00e0\nCommentry pr\u00e9sent\u00e9 par EOL PROPERTY 3 30","date":"2026-04-22","first_seen_on":"2026-04-22T16:04:02+00:00","id":"a58d459d53b38d9e2bdd1df77d2d37e5638af0f9dfa3b198d771c9b6744b0fe5","name":"recueil nr sp\u00e9cial - \u00e9dit\u00e9 le 22 avril 2026","pdf_creation_date":"2026-04-22T14:04:38+00:00","pdf_modification_date":null,"timezone":"Europe/Paris","url":"https://www.allier.gouv.fr/contenu/telechargement/19926/135797/file/recueil-03-2026-083-recueil-des-actes-administratifs-special.pdf"}
