{"administration":"pref83","administration_name":"Pr\u00e9fecture du Var","content":"VAR\nRECUEIL DES ACTES\nADMINISTRATIFS\nN\u00b083-2025-372\nPUBLI\u00c9 LE  4 NOVEMBRE 2025\nSommaire\nDirection d\u00e9partementale de l'emploi, du travail et des solidarit\u00e9s du Var\n/ Direction de la DDETS\n83-2025-10-29-00004 - 879-2025-recepisse declaration EMILIE PLAISANT du\n291025 (1 page) Page 3\n83-2025-10-29-00005 - 881-2025-recepisse declaration PALOMO\nVERONIQUE du 291025 (1 page) Page 5\n83-2025-10-30-00009 - 884-2025-recepisse declaration DEBBAH SALAH du\n301025 (1 page) Page 7\n83-2025-10-30-00010 - 886-2025-recepisse declaration modificative TUDELA\nFABIEN du 301025 (1 page) Page 9\n83-2025-10-30-00011 - 888-2025-recepisse declaration MAURIN\nCASSANDRE du 30102025 (1 page) Page 11\n83-2025-11-27-00002 - Arrete agr\u00e9ment En Chemin - sign\u00e9 (3 pages) Page 13\nDirection d\u00e9partementale des territoires et de la mer du Var / Service\nplanifications et prospective de la DDTM\n83-2025-11-04-00002 - arr\u00eat\u00e9 pr\u00e9fectoral de classement de la zone\nagricole prot\u00e9g\u00e9e commune de La Seyne-sur-Mer du 04/11/2025 (3\npages) Page 17\n83-2025-11-04-00001 - arr\u00eat\u00e9 pr\u00e9fectoral de classement zone agricole\nprot\u00e9g\u00e9e commune de La Farl\u00e8de du 04/11/2025 (3 pages) Page 21\n83-2025-10-28-00005 - Arr\u00eat\u00e9 pr\u00e9fectoral relatif au droit \u00e0\nl'information des citoyens sur les risques naturels et technologiques\nmajeurs dans le Var (2 pages) Page 25\nPr\u00e9fecture du VAR / Direction des s\u00e9curit\u00e9s\n83-2025-11-02-00001 - PV - BNSSA - 02-11-2025 FNMNS (2 pages) Page 28\n83-2025-11-02-00002 - PV - FC BNSSA - 02-11-2025 FNMNS (2 pages) Page 31\n2\nDirection d\u00e9partementale de l'emploi, du travail\net des solidarit\u00e9s du Var\n83-2025-10-29-00004\n879-2025-recepisse declaration EMILIE PLAISANT\ndu 291025\nDirection d\u00e9partementale de l'emploi, du travail et des solidarit\u00e9s du Var - 83-2025-10-29-00004 - 879-2025-recepisse declaration\nEMILIE PLAISANT du 291025 3\nPF4Libert\u00e9 + \u00c9galit\u00e9 + Fraternit\u00e9R\u00c9PUBLIQUE FRAN\u00c7AISE\nR\u00e9c\u00e9piss\u00e9 de d\u00e9claration\nd'un organisme de services \u00e0 la personne\nenregistr\u00e9 sous le N\u00b0 SAP991750696\nVu le code du travail et notamment les articles L.7231-1 \u00e0 L.7233-2, R.7232-16 \u00e0 R.7232-22, D.7231-1 et \nD.7233-1 \u00e0 D.7233-5 ; \nVu la demande de d\u00e9claration d\u00e9pos\u00e9e par l'organisme Emilie propret\u00e9 & services, 160b Impasse Des \nmyrthes 83136 ROCBARON, le 08/10/25 ;\nLe pr\u00e9fet du Var\nConstate : \nQu'une d\u00e9claration d'activit\u00e9s de services \u00e0 la personne a \u00e9t\u00e9 d\u00e9pos\u00e9e aupr\u00e8s du service instructeur  \ndu Var, le 08/10/25 par Mme. PLAISANT Emilie en qualit\u00e9 de dirigeant(e), pour l'organisme Emilie  \npropret\u00e9  &  services  dont  l'\u00e9tablissement  principal  est  situ\u00e9  160b  Impasse  Des  Myrthes  83136 \nROCBARON et enregistr\u00e9 sous le N\u00b0 SAP991750696 pour les activit\u00e9s suivantes :\n  \u2022   Entretien de la maison et travaux m\u00e9nagers (mode d'intervention Prestataire)\nToute  modification  concernant  les  activit\u00e9s  exerc\u00e9es  devra  faire  l'objet  d'une  d\u00e9claration \nmodificative pr\u00e9alable.\nSous r\u00e9serve d'\u00eatre exerc\u00e9es \u00e0 titre exclusif (ou sous r\u00e9serve d'une comptabilit\u00e9 s\u00e9par\u00e9e pour les  \npersonnes  morales  dispens\u00e9es  de  cette  condition),  ces  activit\u00e9s  ouvrent  droit  au  b\u00e9n\u00e9fice  des \ndispositions des articles L. 7233-2 du code du travail et L.241-10 du code de la s\u00e9curit\u00e9 sociale dans  \nles conditions pr\u00e9vues par ces articles.\nLes effets de la d\u00e9claration courent \u00e0 compter du jour du d\u00e9p\u00f4t de la d\u00e9claration sous r\u00e9serve des  \ndispositions de l'article R.7232-18 du code du travail. Le pr\u00e9sent r\u00e9c\u00e9piss\u00e9 n'est pas limit\u00e9 dans le  \ntemps. La d\u00e9claration a une port\u00e9e nationale.\nL'enregistrement de la d\u00e9claration peut \u00eatre retir\u00e9 dans les conditions fix\u00e9es aux articles R.7232-\n20  \u00e0  R.7232-22  du  code  du  travail.  Le  pr\u00e9sent  r\u00e9c\u00e9piss\u00e9  sera  publi\u00e9  au  recueil  des  actes \nadministratifs de la pr\u00e9fecture.\nLe pr\u00e9sent r\u00e9c\u00e9piss\u00e9 peut, \u00e0 compter de sa notification, faire l'objet d'un recours gracieux aupr\u00e8s  \nservice instructeur du Var ou d'un recours hi\u00e9rarchique adress\u00e9 au ministre charg\u00e9 de l'\u00e9conomie -  \nDirection g\u00e9n\u00e9rale des entreprises \u2013 sous-direction des services marchands, 61 Boulevard Vincent  \nAuriol, 75703 PARIS CEDEX 13.\nIl peut \u00e9galement faire l'objet d'un recours contentieux dans un d\u00e9lai de deux mois \u00e0 compter de sa  \nnotification aupr\u00e8s du tribunal administratif de Toulon.\nLe tribunal administratif peut aussi \u00eatre saisi par l'application informatique \u00ab T\u00e9l\u00e9recours citoyen \u00bb  \naccessible sur le site internet  http://www.telerecours.fr/\nEn cas de rejet du recours gracieux ou hi\u00e9rarchique ou en l'absence de r\u00e9ponse \u00e0 ce recours (rejet  \nimplicite), un recours contentieux devant le tribunal administratif de Toulon peut \u00e9galement \u00eatre  \nform\u00e9 contre la d\u00e9cision initiale dans un d\u00e9lai de deux mois \u00e0 compter de ce rejet. \nPour le Pr\u00e9fet et par d\u00e9l\u00e9gation\nPour le Directeur d\u00e9partemental \nde l'emploi, du travail et des solidarit\u00e9s du Var \nLa cheffe du service accompagnement \ndes entreprises et d\u00e9veloppement des territoires\nSign\u00e9 : S\u00e9verine LARDERET\nFait \u00e0 CS 31209 - 83070 TOULON Cedex, le 29/10/25\nDDETS du Var\nDirection d\u00e9partementale de l'emploi, du travail et des solidarit\u00e9s du Var - 83-2025-10-29-00004 - 879-2025-recepisse declaration\nEMILIE PLAISANT du 291025 4\nDirection d\u00e9partementale de l'emploi, du travail\net des solidarit\u00e9s du Var\n83-2025-10-29-00005\n881-2025-recepisse declaration PALOMO\nVERONIQUE du 291025\nDirection d\u00e9partementale de l'emploi, du travail et des solidarit\u00e9s du Var - 83-2025-10-29-00005 - 881-2025-recepisse declaration\nPALOMO VERONIQUE du 291025 5\nPF4Libert\u00e9 + \u00c9galit\u00e9 + Fraternit\u00e9R\u00c9PUBLIQUE FRAN\u00c7AISE\nR\u00e9c\u00e9piss\u00e9 de d\u00e9claration\nd'un organisme de services \u00e0 la personne\nenregistr\u00e9 sous le N\u00b0 SAP850932013\nVu le code du travail et notamment les articles L.7231-1 \u00e0 L.7233-2, R.7232-16 \u00e0 R.7232-22, D.7231-1 et \nD.7233-1 \u00e0 D.7233-5 ; \nVu la demande de d\u00e9claration d\u00e9pos\u00e9e par l'organisme Garde d'enfants \u00e0 domicile & Services, 54 \nRue Jacques Pr\u00e9vert 83130 LA GARDE, le 28/10/25 ;\nLe pr\u00e9fet du Var\nConstate : \nQu'une d\u00e9claration d'activit\u00e9s de services \u00e0 la personne a \u00e9t\u00e9 d\u00e9pos\u00e9e aupr\u00e8s du service instructeur  \ndu Var, le 28/10/25 par Mme. PALOMO V\u00e9ronique en qualit\u00e9 de dirigeant(e), pour l'organisme Garde  \nd'enfants \u00e0 domicile & Services dont l'\u00e9tablissement principal est situ\u00e9 54 Rue Jacques Pr\u00e9vert 83130  \nLA GARDE et enregistr\u00e9 sous le N\u00b0 SAP850932013 pour les activit\u00e9s suivantes :\n  \u2022   Garde d'enfants de plus de 3 ans \u00e0 domicile (mode d'intervention Prestataire)\n  \u2022   Entretien de la maison et travaux m\u00e9nagers (mode d'intervention Prestataire)\nToute  modification  concernant  les  activit\u00e9s  exerc\u00e9es  devra  faire  l'objet  d'une  d\u00e9claration \nmodificative pr\u00e9alable.\nSous r\u00e9serve d'\u00eatre exerc\u00e9es \u00e0 titre exclusif (ou sous r\u00e9serve d'une comptabilit\u00e9 s\u00e9par\u00e9e pour les  \npersonnes  morales  dispens\u00e9es  de  cette  condition),  ces  activit\u00e9s  ouvrent  droit  au  b\u00e9n\u00e9fice  des \ndispositions des articles L. 7233-2 du code du travail et L.241-10 du code de la s\u00e9curit\u00e9 sociale dans  \nles conditions pr\u00e9vues par ces articles.\nLes effets de la d\u00e9claration courent \u00e0 compter du jour du d\u00e9p\u00f4t de la d\u00e9claration sous r\u00e9serve des  \ndispositions de l'article R.7232-18 du code du travail. Le pr\u00e9sent r\u00e9c\u00e9piss\u00e9 n'est pas limit\u00e9 dans le  \ntemps. La d\u00e9claration a une port\u00e9e nationale.\nL'enregistrement de la d\u00e9claration peut \u00eatre retir\u00e9 dans les conditions fix\u00e9es aux articles R.7232-\n20  \u00e0  R.7232-22  du  code  du  travail.  Le  pr\u00e9sent  r\u00e9c\u00e9piss\u00e9  sera  publi\u00e9  au  recueil  des  actes \nadministratifs de la pr\u00e9fecture.\nLe pr\u00e9sent r\u00e9c\u00e9piss\u00e9 peut, \u00e0 compter de sa notification, faire l'objet d'un recours gracieux aupr\u00e8s  \nservice instructeur du Var ou d'un recours hi\u00e9rarchique adress\u00e9 au ministre charg\u00e9 de l'\u00e9conomie -  \nDirection g\u00e9n\u00e9rale des entreprises \u2013 sous-direction des services marchands, 61 Boulevard Vincent  \nAuriol, 75703 PARIS CEDEX 13.\nIl peut \u00e9galement faire l'objet d'un recours contentieux dans un d\u00e9lai de deux mois \u00e0 compter de sa  \nnotification aupr\u00e8s du tribunal administratif de Toulon.\nLe tribunal administratif peut aussi \u00eatre saisi par l'application informatique \u00ab T\u00e9l\u00e9recours citoyen \u00bb  \naccessible sur le site internet  http://www.telerecours.fr/\nEn cas de rejet du recours gracieux ou hi\u00e9rarchique ou en l'absence de r\u00e9ponse \u00e0 ce recours (rejet  \nimplicite), un recours contentieux devant le tribunal administratif de Toulon peut \u00e9galement \u00eatre  \nform\u00e9 contre la d\u00e9cision initiale dans un d\u00e9lai de deux mois \u00e0 compter de ce rejet. \n Pour le Pr\u00e9fet et par d\u00e9l\u00e9gation\nPour le Directeur d\u00e9partemental \nde l'emploi, du travail et des solidarit\u00e9s du Var \nLa cheffe du service accompagnement \ndes entreprises et d\u00e9veloppement des territoires\nSign\u00e9 : S\u00e9verine LARDERET\nFait \u00e0 CS 31209 - 83070 TOULON Cedex, le 29/10/25\nDDETS du Var\nDirection d\u00e9partementale de l'emploi, du travail et des solidarit\u00e9s du Var - 83-2025-10-29-00005 - 881-2025-recepisse declaration\nPALOMO VERONIQUE du 291025 6\nDirection d\u00e9partementale de l'emploi, du travail\net des solidarit\u00e9s du Var\n83-2025-10-30-00009\n884-2025-recepisse declaration DEBBAH SALAH\ndu 301025\nDirection d\u00e9partementale de l'emploi, du travail et des solidarit\u00e9s du Var - 83-2025-10-30-00009 - 884-2025-recepisse declaration\nDEBBAH SALAH du 301025 7\nPF4Libert\u00e9 + \u00c9galit\u00e9 + Fraternit\u00e9R\u00c9PUBLIQUE FRAN\u00c7AISE\nR\u00e9c\u00e9piss\u00e9 de d\u00e9claration\nd'un organisme de services \u00e0 la personne\nenregistr\u00e9 sous le N\u00b0 SAP337501274\nVu le code du travail et notamment les articles L.7231-1 \u00e0 L.7233-2, R.7232-16 \u00e0 R.7232-22, D.7231-1 et \nD.7233-1 \u00e0 D.7233-5 ; \nVu la demande de d\u00e9claration d\u00e9pos\u00e9e par l'organisme , 3 rue Ambroise Croizat 83500 la seyne sur \nMer, le 29/10/25 ;\nLe pr\u00e9fet du Var\nConstate : \nQu'une d\u00e9claration d'activit\u00e9s de services \u00e0 la personne a \u00e9t\u00e9 d\u00e9pos\u00e9e aupr\u00e8s du service instructeur  \ndu  Var,  le  29/10/25  par  M.  DEBBAH  Salah  en  qualit\u00e9  de  dirigeant(e),  pour  l'organisme   dont \nl'\u00e9tablissement principal est situ\u00e9 3 rue Ambroise Croizat 83500 La Seyne sur Mer et enregistr\u00e9 sous  \nle N\u00b0 SAP337501274 pour les activit\u00e9s suivantes :\n  \u2022   Entretien de la maison et travaux m\u00e9nagers (mode d'intervention Prestataire)\nToute  modification  concernant  les  activit\u00e9s  exerc\u00e9es  devra  faire  l'objet  d'une  d\u00e9claration \nmodificative pr\u00e9alable.\nSous r\u00e9serve d'\u00eatre exerc\u00e9es \u00e0 titre exclusif (ou sous r\u00e9serve d'une comptabilit\u00e9 s\u00e9par\u00e9e pour les  \npersonnes  morales  dispens\u00e9es  de  cette  condition),  ces  activit\u00e9s  ouvrent  droit  au  b\u00e9n\u00e9fice  des \ndispositions des articles L. 7233-2 du code du travail et L.241-10 du code de la s\u00e9curit\u00e9 sociale dans  \nles conditions pr\u00e9vues par ces articles.\nLes effets de la d\u00e9claration courent \u00e0 compter du jour du d\u00e9p\u00f4t de la d\u00e9claration sous r\u00e9serve des  \ndispositions de l'article R.7232-18 du code du travail. Le pr\u00e9sent r\u00e9c\u00e9piss\u00e9 n'est pas limit\u00e9 dans le  \ntemps. La d\u00e9claration a une port\u00e9e nationale.\nL'enregistrement de la d\u00e9claration peut \u00eatre retir\u00e9 dans les conditions fix\u00e9es aux articles R.7232-\n20  \u00e0  R.7232-22  du  code  du  travail.  Le  pr\u00e9sent  r\u00e9c\u00e9piss\u00e9  sera  publi\u00e9  au  recueil  des  actes \nadministratifs de la pr\u00e9fecture.\nLe pr\u00e9sent r\u00e9c\u00e9piss\u00e9 peut, \u00e0 compter de sa notification, faire l'objet d'un recours gracieux aupr\u00e8s  \nservice instructeur du Var ou d'un recours hi\u00e9rarchique adress\u00e9 au ministre charg\u00e9 de l'\u00e9conomie -  \nDirection g\u00e9n\u00e9rale des entreprises \u2013 sous-direction des services marchands, 61 Boulevard Vincent  \nAuriol, 75703 PARIS CEDEX 13.\nIl peut \u00e9galement faire l'objet d'un recours contentieux dans un d\u00e9lai de deux mois \u00e0 compter de sa  \nnotification aupr\u00e8s du tribunal administratif de Toulon.\nLe tribunal administratif peut aussi \u00eatre saisi par l'application informatique \u00ab T\u00e9l\u00e9recours citoyen \u00bb  \naccessible sur le site internet  http://www.telerecours.fr/\nEn cas de rejet du recours gracieux ou hi\u00e9rarchique ou en l'absence de r\u00e9ponse \u00e0 ce recours (rejet  \nimplicite), un recours contentieux devant le tribunal administratif de Toulon peut \u00e9galement \u00eatre  \nform\u00e9 contre la d\u00e9cision initiale dans un d\u00e9lai de deux mois \u00e0 compter de ce rejet. \n Pour le Pr\u00e9fet et par d\u00e9l\u00e9gation\nPour le Directeur d\u00e9partemental \nde l'emploi, du travail et des solidarit\u00e9s du Var \nLa cheffe du service accompagnement \ndes entreprises et d\u00e9veloppement des territoires\nSign\u00e9 : S\u00e9verine LARDERET\nFait \u00e0 CS 31209 - 83070 TOULON Cedex, le 30/10/25\nDDETS du Var\nDirection d\u00e9partementale de l'emploi, du travail et des solidarit\u00e9s du Var - 83-2025-10-30-00009 - 884-2025-recepisse declaration\nDEBBAH SALAH du 301025 8\nDirection d\u00e9partementale de l'emploi, du travail\net des solidarit\u00e9s du Var\n83-2025-10-30-00010\n886-2025-recepisse declaration modificative\nTUDELA FABIEN du 301025\nDirection d\u00e9partementale de l'emploi, du travail et des solidarit\u00e9s du Var - 83-2025-10-30-00010 - 886-2025-recepisse declaration\nmodificative TUDELA FABIEN du 301025 9\nPF4Libert\u00e9 + \u00c9galit\u00e9 + Fraternit\u00e9R\u00c9PUBLIQUE FRAN\u00c7AISE\nR\u00e9c\u00e9piss\u00e9 de d\u00e9claration modificative\nd'un organisme de services \u00e0 la personne\nenregistr\u00e9 sous le N\u00b0 SAP505324681\nVu le code du travail et notamment les articles L.7231-1 \u00e0 L.7233-2, R.7232-16 \u00e0 R.7232-22, D.7231-1 et \nD.7233-1 \u00e0 D.7233-5 ; \nVu la demande de d\u00e9claration d\u00e9pos\u00e9e par l'organisme FT MULTITRAVAUX, 12 Lotissement SUPER \nBAUMELLES 83270 SAINT-CYR-SUR-MER, le 29/10/25 ;\nLe pr\u00e9fet du Var\nConstate : \nQu'une d\u00e9claration modificative d'activit\u00e9s de services \u00e0 la personne a \u00e9t\u00e9 d\u00e9pos\u00e9e aupr\u00e8s du service \ninstructeur du Var, le 29/10/25 par M. TUDELA FABIEN en qualit\u00e9 de dirigeant(e), pour l'organisme FT  \nMULTITRAVAUX dont l'\u00e9tablissement principal est situ\u00e9 12 Lotissement SUPER BAUMELLES 83270  \nSAINT-CYR-SUR-MER et enregistr\u00e9 sous le N\u00b0 SAP505324681 pour les activit\u00e9s suivantes :\n  \u2022   Garde d'enfants de plus de 3 ans \u00e0 domicile (mode d'intervention Prestataire)\n  \u2022   Entretien de la maison et travaux m\u00e9nagers (mode d'intervention Prestataire)\n  \u2022   Petits travaux de jardinage (mode d'intervention Prestataire)\n  \u2022   Travaux de petit bricolage (mode d'intervention Prestataire)\n  \u2022   Maintenance, entretien et vigilance temporaires \u00e0 domicile (mode d'intervention Prestataire)\n  \u2022   Assistance informatique \u00e0 domicile (mode d'intervention Prestataire)\nToute  modification  concernant  les  activit\u00e9s  exerc\u00e9es  devra  faire  l'objet  d'une  d\u00e9claration \nmodificative pr\u00e9alable.\nSous r\u00e9serve d'\u00eatre exerc\u00e9es \u00e0 titre exclusif (ou sous r\u00e9serve d'une comptabilit\u00e9 s\u00e9par\u00e9e pour les  \npersonnes  morales  dispens\u00e9es  de  cette  condition),  ces  activit\u00e9s  ouvrent  droit  au  b\u00e9n\u00e9fice  des \ndispositions des articles L. 7233-2 du code du travail et L.241-10 du code de la s\u00e9curit\u00e9 sociale dans  \nles conditions pr\u00e9vues par ces articles.\nLes effets de la d\u00e9claration courent \u00e0 compter du jour du d\u00e9p\u00f4t de la d\u00e9claration sous r\u00e9serve des  \ndispositions de l'article R.7232-18 du code du travail. Le pr\u00e9sent r\u00e9c\u00e9piss\u00e9 n'est pas limit\u00e9 dans le  \ntemps. La d\u00e9claration a une port\u00e9e nationale.\nL'enregistrement de la d\u00e9claration peut \u00eatre retir\u00e9 dans les conditions fix\u00e9es aux articles R.7232-\n20  \u00e0  R.7232-22  du  code  du  travail.  Le  pr\u00e9sent  r\u00e9c\u00e9piss\u00e9  sera  publi\u00e9  au  recueil  des  actes \nadministratifs de la pr\u00e9fecture.  Le pr\u00e9sent r\u00e9c\u00e9piss\u00e9 peut, \u00e0 compter de sa notification, faire  \nl'objet d'un recours gracieux aupr\u00e8s service instructeur  du Var  ou d'un recours hi\u00e9rarchique  \nadress\u00e9 au ministre charg\u00e9 de l'\u00e9conomie - Direction g\u00e9n\u00e9rale des entreprises \u2013 sous-direction  \ndes services marchands, 61 Boulevard Vincent Auriol, 75703 PARIS CEDEX 13.\nIl peut \u00e9galement faire l'objet d'un recours contentieux dans un d\u00e9lai de deux mois \u00e0 compter de sa  \nnotification aupr\u00e8s du tribunal administratif de Toulon. Le tribunal administratif peut aussi \u00eatre saisi  \npar  l'application  informatique  \u00ab  T\u00e9l\u00e9recours  citoyen  \u00bb  accessible  sur  le  site  internet   \nhttp://www.telerecours.fr/     En cas de rejet du recours gracieux ou hi\u00e9rarchique ou en l'absence de  \nr\u00e9ponse \u00e0 ce recours (rejet implicite), un recours contentieux devant le tribunal administratif de  \nToulon peut \u00e9galement \u00eatre form\u00e9 contre la d\u00e9cision initiale dans un d\u00e9lai de deux mois \u00e0 compter  \nde ce rejet. \n Pour le Pr\u00e9fet et par d\u00e9l\u00e9gation\nPour le Directeur d\u00e9partemental \nde l'emploi, du travail et des solidarit\u00e9s du Var \nLa cheffe du service accompagnement \ndes entreprises et d\u00e9veloppement des territoires\nSign\u00e9 : S\u00e9verine LARDERET\nFait \u00e0 CS 31209 - 83070 TOULON Cedex, le 30/10/25\nDDETS du Var\nDirection d\u00e9partementale de l'emploi, du travail et des solidarit\u00e9s du Var - 83-2025-10-30-00010 - 886-2025-recepisse declaration\nmodificative TUDELA FABIEN du 301025 10\nDirection d\u00e9partementale de l'emploi, du travail\net des solidarit\u00e9s du Var\n83-2025-10-30-00011\n888-2025-recepisse declaration MAURIN\nCASSANDRE du 30102025\nDirection d\u00e9partementale de l'emploi, du travail et des solidarit\u00e9s du Var - 83-2025-10-30-00011 - 888-2025-recepisse declaration\nMAURIN CASSANDRE du 30102025 11\nPF4Libert\u00e9 + \u00c9galit\u00e9 + Fraternit\u00e9R\u00c9PUBLIQUE FRAN\u00c7AISE\nR\u00e9c\u00e9piss\u00e9 de d\u00e9claration\nd'un organisme de services \u00e0 la personne\nenregistr\u00e9 sous le N\u00b0 SAP993288935\nVu le code du travail et notamment les articles L.7231-1 \u00e0 L.7233-2, R.7232-16 \u00e0 R.7232-22, D.7231-1 et \nD.7233-1 \u00e0 D.7233-5 ; \nVu la demande de d\u00e9claration d\u00e9pos\u00e9e par l'organisme , 46 AVENUE SAINT-MICHEL 83390 \nPIERREFEU-DU-VAR, le 30/10/25 ;\nLe pr\u00e9fet du Var\nConstate : \nQu'une d\u00e9claration d'activit\u00e9s de services \u00e0 la personne a \u00e9t\u00e9 d\u00e9pos\u00e9e aupr\u00e8s du service instructeur  \ndu Var, le 30/10/25 par Mme. MAURIN CASSANDRE en qualit\u00e9 de dirigeant(e), pour l'organisme  dont  \nl'\u00e9tablissement principal est situ\u00e9 46 AVENUE SAINT-MICHEL 83390 PIERREFEU-DU-VAR et enregistr\u00e9  \nsous le N\u00b0 SAP993288935 pour les activit\u00e9s suivantes :\n  \u2022   Entretien de la maison et travaux m\u00e9nagers (mode d'intervention Prestataire)\nToute  modification  concernant  les  activit\u00e9s  exerc\u00e9es  devra  faire  l'objet  d'une  d\u00e9claration \nmodificative pr\u00e9alable.\nSous r\u00e9serve d'\u00eatre exerc\u00e9es \u00e0 titre exclusif (ou sous r\u00e9serve d'une comptabilit\u00e9 s\u00e9par\u00e9e pour les  \npersonnes  morales  dispens\u00e9es  de  cette  condition),  ces  activit\u00e9s  ouvrent  droit  au  b\u00e9n\u00e9fice  des \ndispositions des articles L. 7233-2 du code du travail et L.241-10 du code de la s\u00e9curit\u00e9 sociale dans  \nles conditions pr\u00e9vues par ces articles.\nLes effets de la d\u00e9claration courent \u00e0 compter du jour du d\u00e9p\u00f4t de la d\u00e9claration sous r\u00e9serve des  \ndispositions de l'article R.7232-18 du code du travail. Le pr\u00e9sent r\u00e9c\u00e9piss\u00e9 n'est pas limit\u00e9 dans le  \ntemps. La d\u00e9claration a une port\u00e9e nationale.\nL'enregistrement de la d\u00e9claration peut \u00eatre retir\u00e9 dans les conditions fix\u00e9es aux articles R.7232-\n20 \u00e0 R.7232-22 du code du travail.\nLe pr\u00e9sent r\u00e9c\u00e9piss\u00e9 sera publi\u00e9 au recueil des actes administratifs de la pr\u00e9fecture.\nLe pr\u00e9sent r\u00e9c\u00e9piss\u00e9 peut, \u00e0 compter de sa notification, faire l'objet d'un recours gracieux aupr\u00e8s  \nservice instructeur du Var ou d'un recours hi\u00e9rarchique adress\u00e9 au ministre charg\u00e9 de l'\u00e9conomie -  \nDirection g\u00e9n\u00e9rale des entreprises \u2013 sous-direction des services marchands, 61 Boulevard Vincent  \nAuriol, 75703 PARIS CEDEX 13.\nIl peut \u00e9galement faire l'objet d'un recours contentieux dans un d\u00e9lai de deux mois \u00e0 compter de sa  \nnotification aupr\u00e8s du tribunal administratif de Toulon.\nLe tribunal administratif peut aussi \u00eatre saisi par l'application informatique \u00ab T\u00e9l\u00e9recours citoyen \u00bb  \naccessible sur le site internet  http://www.telerecours.fr/\nEn cas de rejet du recours gracieux ou hi\u00e9rarchique ou en l'absence de r\u00e9ponse \u00e0 ce recours (rejet  \nimplicite), un recours contentieux devant le tribunal administratif de Toulon peut \u00e9galement \u00eatre  \nform\u00e9 contre la d\u00e9cision initiale dans un d\u00e9lai de deux mois \u00e0 compter de ce rejet. \n Pour le Pr\u00e9fet et par d\u00e9l\u00e9gation\nPour le Directeur d\u00e9partemental \nde l'emploi, du travail et des solidarit\u00e9s du Var \nLa cheffe du service accompagnement \ndes entreprises et d\u00e9veloppement des territoires\nSign\u00e9 : S\u00e9verine LARDERET\nFait \u00e0 CS 31209 - 83070 TOULON Cedex, le 30/10/25\nDDETS du Var\nDirection d\u00e9partementale de l'emploi, du travail et des solidarit\u00e9s du Var - 83-2025-10-30-00011 - 888-2025-recepisse declaration\nMAURIN CASSANDRE du 30102025 12\nDirection d\u00e9partementale de l'emploi, du travail\net des solidarit\u00e9s du Var\n83-2025-11-27-00002\nArrete agr\u00e9ment En Chemin - sign\u00e9\nDirection d\u00e9partementale de l'emploi, du travail et des solidarit\u00e9s du Var - 83-2025-11-27-00002 - Arrete agr\u00e9ment En Chemin - sign\u00e9 13\nPREFET | Direction d\u00e9partementaleDU VAR de l'emploi, du travail et des solidarit\u00e9sLibert\u00e9 Service acc\u00e8s au logementEgalit\u00e9 D\u00e9partement accompagnement vers le logementFraternit\u00e9\nArr\u00eat\u00e9 pr\u00e9fectoral n\u00b0 ddets-sal-83-2025-10-27-0000127 octobre 2025 portant agr\u00e9ment de l'association En Cheminau titre des articles L.365-3 et L.365-4 du code de la construction et de l'habitat\nLe Pr\u00e9fet du Var,Vu la loi n\u00b0 2009-323 de mobilisation pour le logement et de lutte contre l'exclusion en datedu 25 mars 2009;Vu le Code de la Construction et de l'Habitation, et notamment les articles L.365-4 et R.365-1-alin\u00e9a 3, dans sa r\u00e9daction issue du d\u00e9cret n\u00b0 2010-398 du 28 avril 2010 article 1;Vu le Code de la Construction et de l'Habitation, et notamment les articles L.365-3 et R.365-1-alin\u00e9a 2 et suivants ;Vu le d\u00e9cret n\u00b0 2009-1684 du 30 d\u00e9cembre 2009 relatif aux agr\u00e9ments des organismesexer\u00e7ant des activit\u00e9s en faveur du logement et de l'h\u00e9bergement des personnesd\u00e9favoris\u00e9es ;Vu la circulaire du 6 septembre 2010 relative aux agr\u00e9ments des organismes agissant enfaveur du logement et de l'h\u00e9bergement des personnes d\u00e9favoris\u00e9es ;Vu le dossier transmis, le 17 juillet 2025, par le repr\u00e9sentant l\u00e9gal de l'association En Cheminsise 10 boulevard Fr\u00e9d\u00e9ric Mistral 83400 Hy\u00e8res-France ;Vu l'arr\u00eat\u00e9 pr\u00e9fectoral n\u00b02025/23/MCI du 2 juin 2025 portant d\u00e9l\u00e9gation de signature \u00e0 MmeSandrine Polychronopoulos, directrice d\u00e9partementale de l'emploi, du travail et dessolidarit\u00e9s du Var ;\nCONSIDERANT que le dossier transmis est d\u00e9sormais complet ;\nDirection d\u00e9partementale de l'emploi, du travail et des solidarit\u00e9s du Var - 83-2025-11-27-00002 - Arrete agr\u00e9ment En Chemin - sign\u00e9 14\nArr\u00e9te:\nArticle 1:L'organisme \u00e0 gestion d\u00e9sint\u00e9ress\u00e9e, l'association \u00ab En Chemin \u00bb, association de loi 1901, estagr\u00e9\u00e9 pour les 7 activit\u00e9s r\u00e9f\u00e9renc\u00e9es au sein des cat\u00e9gories suivantes :Ing\u00e9nierie sociale, financi\u00e9re et technique :L'accompagnement social des personnes pour favoriser leur acc\u00e8s ou leur maintien dansle logement,L'assistance des requ\u00e9rants dans les proc\u00e9dures du droit au logement opposable devant,les commissions de m\u00e9diation ou les tribunaux administratifs,La recherche de logements adapt\u00e9s,La participation aux r\u00e9unions des commissions d'attribution HLMInterm\u00e9diation locative et gestion locative sociale :La location de logements aupr\u00e8s d'organismes HLM ou d'un organisme agr\u00e9\u00e9 MO en vuede leur sous-location \u00e0 des personnes d\u00e9favoris\u00e9es, il s'agit notamment des bailleurspriv\u00e9s, personnes physiques ou, morales, soci\u00e9t\u00e9s d'\u00e9conomie mixte et descollectivit\u00e9s locales,La location de logements en vue de l'h\u00e9bergement de personnes d\u00e9favoris\u00e9es dans lesconditions de l'article L 851-1 du code de la SS aupr\u00e8s d'un organisme conventionn\u00e9 a'ALT,La gestion de r\u00e9sidences sociales mentionn\u00e9e \u00e0 l'article R. 353-165-1 du CCH,Article 2:L'agr\u00e9ment est d\u00e9livr\u00e9 pour une dur\u00e9e de cing ans renouvelable.\n\uf0b7\n\uf0b7\n\uf0b7\n\uf0b7\n\uf0b7\n\uf0b7\n\uf0b7\nDirection d\u00e9partementale de l'emploi, du travail et des solidarit\u00e9s du Var - 83-2025-11-27-00002 - Arrete agr\u00e9ment En Chemin - sign\u00e9 15\nIl peut \u00eatre retir\u00e9 \u00e0 tout moment par l'autorit\u00e9 administrative comp\u00e9tente si l'organisme nesatisfait plus aux conditions de d\u00e9livrance de l'agr\u00e9ment ou s'il est constat\u00e9 un manquementgrave ou r\u00e9p\u00e9t\u00e9 a ses obligations.Article 3:Un compte-rendu de l'activit\u00e9 concern\u00e9e et les comptes financiers de l'organisme serontadress\u00e9s annuellement \u00e0 l'autorit\u00e9 administrative comp\u00e9tente qui a d\u00e9livr\u00e9 l'agr\u00e9ment.Cette derni\u00e8re peut, \u00e0 tout moment, contr\u00f4ler les conditions d'exercice.Article 4 :Le pr\u00e9sent arr\u00eat\u00e9 peut faire l'objet d'un recours devant le tribunal administratif de Toulondans un d\u00e9lai de deux mois \u00e0 compter de sa publication au recueil des actes administratifs dela pr\u00e9fecture du Var.Le m\u00eame recours peut \u00eatre exerc\u00e9 par l'association gestionnaire dans le d\u00e9lai de deux mois acompter de la notification du pr\u00e9sent arr\u00eat\u00e9.Article 5:La Directrice d\u00e9partementale de l'emploi, du travail et des solidarit\u00e9s du Var est charg\u00e9e del'ex\u00e9cution du pr\u00e9sent arr\u00eat\u00e9 qui sera publi\u00e9 au recueil des actes administratifs de lapr\u00e9fecture du Var.\nFait \u00e0 Toulon, le 27 octobre 2025\nPour le pr\u00e9fet et par d\u00e9l\u00e9gation, ladirectrice d\u00e9partementale\nSign\u00e9Sandrine Polychronopoulos\nDirection d\u00e9partementale de l'emploi, du travail et des solidarit\u00e9s du Var - 83-2025-11-27-00002 - Arrete agr\u00e9ment En Chemin - sign\u00e9 16\nDirection d\u00e9partementale des territoires et de la\nmer du Var\n83-2025-11-04-00002\narr\u00eat\u00e9 pr\u00e9fectoral de classement de la zone\nagricole prot\u00e9g\u00e9e commune de La Seyne-sur-Mer\ndu 04/11/2025\nDirection d\u00e9partementale des territoires et de la mer du Var - 83-2025-11-04-00002 - arr\u00eat\u00e9 pr\u00e9fectoral de classement de la zone\nagricole prot\u00e9g\u00e9e commune de La Seyne-sur-Mer du 04/11/2025 17\nEEPREFETDU VARLibert\u00e9Egalit\u00e9Fraternit\u00e9\nDirection d\u00e9partementale\ndes territoires et de la mer du Var\nARR\u00caT\u00c9 PR\u00c9FECTORAL n\u00b0 DDTM/SPP/PAU 2025- 47 du 4 novembre 2025\nportant classement d'une zone agricole prot\u00e9g\u00e9e (ZAP)\nsur la commune de LA SEYNE-SUR-MER\nLe pr\u00e9fet du Var,\nVu le code rural et de la p\u00eache maritime et notamment ses articles L. 112-2 et R. 112-1-4 \u00e0  \nR. 112-1-10 ;\nVu le code de l'environnement, et notamment les articles L. 123-1 \u00e0 L. 123-18 ;\nVu le code de l'urbanisme et notamment ses articles L. 151-43, L. 152-7 , L. 153-60 et R. 151-51 ;\nVu l'arr\u00eat\u00e9 pr\u00e9fectoral n\u00b0DDTM-SPP-PAU-2025-12 du 27 f\u00e9vrier 2025 prescrivant l'ouverture et  \nl'organisation d'une enqu\u00eate publique relative \u00e0 une demande de cr\u00e9ation d'une zone agricole \nprot\u00e9g\u00e9e (ZAP) sur la commune de La Seyne-sur-Mer ;\nVu la d\u00e9lib\u00e9ration du conseil municipal de la commune de La Seyne-sur-Mer du 30 septembre \n2025 approuvant le projet de d\u00e9limitation et de classement de la zone agricole prot\u00e9g\u00e9e  \nd\u00e9fini dans le rapport de pr\u00e9sentation ;\nVu le rapport et les conclusions du commissaire-enqu\u00eateur en date du 05 juin 2025 ;\nConsid\u00e9rant que  l'enqu\u00eate  publique  s'est  d\u00e9roul\u00e9e  du  03  avril  au  05  mai  2025  inclus, \nconform\u00e9ment aux dispositions r\u00e9glementaires ;\nConsid\u00e9rant que la cr\u00e9ation de cette zone agricole prot\u00e9g\u00e9e pr\u00e9sente un int\u00e9r\u00eat g\u00e9n\u00e9ral en  \nraison  du  caract\u00e8re  de  sa  zone  et  sa  position  g\u00e9ographique  et  r\u00e9pond  \u00e0  l'objectif  de \nsauvegarder et d\u00e9velopper l'activit\u00e9 agricole de la commune ;\nSur proposition du secr\u00e9taire g\u00e9n\u00e9ral de la pr\u00e9fecture du Var,\nARR\u00caTE \nArticle 1 er : La zone agricole, situ\u00e9e sur la commune de La Seyne-sur-Mer et d\u00e9limit\u00e9e dans le  \nplan annex\u00e9 au pr\u00e9sent arr\u00eat\u00e9, fait l'objet d'un classement en zone agricole prot\u00e9g\u00e9e.\nArticle 2  : La d\u00e9limitation de cette zone agricole prot\u00e9g\u00e9e devra, conform\u00e9ment aux articles  \nL 151-43 et R 151-51 du code de l'urbanisme relatifs aux servitudes d'utilit\u00e9 publique, \u00eatre  \nannex\u00e9e au plan local d'urbanisme de la commune de La Seyne-sur-Mer.\nDirection d\u00e9partementale des territoires et de la mer du Var - 83-2025-11-04-00002 - arr\u00eat\u00e9 pr\u00e9fectoral de classement de la zone\nagricole prot\u00e9g\u00e9e commune de La Seyne-sur-Mer du 04/11/2025 18\nArticle 3 : En application de l'article R 112-1-9 du code rural, le pr\u00e9sent arr\u00eat\u00e9 ainsi que le plan  \nde  d\u00e9limitation  sont  tenus  \u00e0  disposition  du  public  \u00e0  la  direction  d\u00e9partementale  des \nterritoires et de la mer du Var (service planifications et prospective \u2013 p\u00f4le animation et  \nurbanisme) et en mairie de La Seyne-sur-Mer.\nArticle 4  : Le pr\u00e9sent arr\u00eat\u00e9 sera affich\u00e9 pendant une dur\u00e9e d'un mois dans les locaux de la  \nmairie de La Seyne-sur-Mer et publi\u00e9 sur le site internet de la pr\u00e9fecture. \nMention en est ins\u00e9r\u00e9e en caract\u00e8res apparents, aux frais de la commune de La Seyne-sur-Mer  \ndans deux journaux diffus\u00e9s dans le d\u00e9partement du Var.\nArticle 5  :  Cette d\u00e9cision peut faire l'objet d'un recours gracieux aupr\u00e8s du pr\u00e9fet dans un  \nd\u00e9lai de deux mois \u00e0 compter de l'ex\u00e9cution de l'ensemble des formalit\u00e9s de publication  \nmentionn\u00e9es \u00e0 l'article 3 susvis\u00e9 et d'un recours contentieux aupr\u00e8s du tribunal administratif  \nde Toulon dans le m\u00eame d\u00e9lai.\nArticle 6 : Ex\u00e9cution du pr\u00e9sent arr\u00eat\u00e9\nLe secr\u00e9taire g\u00e9n\u00e9ral de la pr\u00e9fecture du Var,\nLe directeur d\u00e9partemental des territoires et de la mer,\nLe maire de La Seyne-sur-Mer,\nsont charg\u00e9s, chacun en ce qui le concerne, de l'ex\u00e9cution du pr\u00e9sent arr\u00eat\u00e9 qui sera publi\u00e9  \nau recueil des actes administratifs de la pr\u00e9fecture du Var.\nFait \u00e0 Toulon, le 4 novembre 2025\nLe Pr\u00e9fet,\nSign\u00e9\nSimon BABRE\nDirection d\u00e9partementale des territoires et de la mer du Var - 83-2025-11-04-00002 - arr\u00eat\u00e9 pr\u00e9fectoral de classement de la zone\nagricole prot\u00e9g\u00e9e commune de La Seyne-sur-Mer du 04/11/2025 19\nPlan de d\u00e9limitation - Zone Agricole Prot\u00e9g\u00e9e : LA SEYNE SUR MER\nV8= Gelay)EM LT rer comme/ a \u2014\n\u00c0 \"faaBe ,\nEMI P\u00e9rim\u00e8tre ZAP La Seyne-sur-Mer apr\u00e8s EP\n0 1km\nR\u00e9alisation : DDTM du Var /SPP/PSIGALE/BSIGDate : 15/10/2025Fond de carte : \u00a9 IGN- N_SCAN25_EXP_L93_083N_ORTHO_COUL_0M20_PVA2023_083Sources : DDTM du Var / Chambre d'Agriculture du Var\nAnnexe : P\u00e9rim\u00e8tre de la zone agricole prot\u00e9g\u00e9e de la commune de La Seyne-sur-Mer\nDirection d\u00e9partementale des territoires et de la mer du Var - 83-2025-11-04-00002 - arr\u00eat\u00e9 pr\u00e9fectoral de classement de la zone\nagricole prot\u00e9g\u00e9e commune de La Seyne-sur-Mer du 04/11/2025 20\nDirection d\u00e9partementale des territoires et de la\nmer du Var\n83-2025-11-04-00001\narr\u00eat\u00e9 pr\u00e9fectoral de classement zone agricole\nprot\u00e9g\u00e9e commune de La Farl\u00e8de du 04/11/2025\nDirection d\u00e9partementale des territoires et de la mer du Var - 83-2025-11-04-00001 - arr\u00eat\u00e9 pr\u00e9fectoral de classement zone agricole\nprot\u00e9g\u00e9e commune de La Farl\u00e8de du 04/11/2025 21\nEEPREFETDU VARLibert\u00e9Egalit\u00e9Fraternit\u00e9\nDirection d\u00e9partementale\ndes territoires et de la mer du Var\nARR\u00caT\u00c9 PR\u00c9FECTORAL n\u00b0 DDTM/SPP/PAU 2025- 46 du 4 novembre 2025\nportant classement d'une zone agricole prot\u00e9g\u00e9e (ZAP)\nsur la commune de LA FARLEDE\nLe pr\u00e9fet du Var,\nVu le code rural et de la p\u00eache maritime et notamment ses articles L. 112-2 et R. 112-1-4 \u00e0  \nR. 112-1-10 ;\nVu le code de l'environnement, et notamment les articles L. 123-1 \u00e0 L. 123-18 ;\nVu le code de l'urbanisme et notamment ses articles L. 151-43, L. 152-7 , L. 153-60 et R. 151-51 ;\nVu l'arr\u00eat\u00e9 pr\u00e9fectoral n\u00b0DDTM-SPP-PAU-2024-30 du 15 octobre 2024 prescrivant l'ouverture et \nl'organisation d'une enqu\u00eate publique relative \u00e0 une demande de cr\u00e9ation d'une zone agricole \nprot\u00e9g\u00e9e (ZAP) sur la commune de La Farl\u00e8de ;\nVu la  d\u00e9lib\u00e9ration  du  conseil  municipal  de  la  commune  de  La  Farl\u00e8de du  23  juin  2025 \napprouvant le projet de d\u00e9limitation et de classement de la zone agricole prot\u00e9g\u00e9e d\u00e9fini  \ndans le rapport de pr\u00e9sentation ;\nVu le rapport et les conclusions du commissaire-enqu\u00eateur en date du 20 janvier 2025 ;\nConsid\u00e9rant que l'enqu\u00eate publique s'est d\u00e9roul\u00e9e du 18 novembre au 18 d\u00e9cembre 2024  \ninclus, conform\u00e9ment aux dispositions r\u00e9glementaires ;\nConsid\u00e9rant que la cr\u00e9ation de cette zone agricole prot\u00e9g\u00e9e pr\u00e9sente un int\u00e9r\u00eat g\u00e9n\u00e9ral en  \nraison  du  caract\u00e8re  de  sa  zone  et  sa  position  g\u00e9ographique  et  r\u00e9pond  \u00e0  l'objectif  de \nsauvegarder et d\u00e9velopper l'activit\u00e9 agricole de la commune ;\nSur proposition du secr\u00e9taire g\u00e9n\u00e9ral de la pr\u00e9fecture du Var,\nARR\u00caTE \nArticle 1 er :  La zone agricole, situ\u00e9e sur la commune de La Farl\u00e8de et d\u00e9limit\u00e9e dans le plan  \nannex\u00e9 au pr\u00e9sent arr\u00eat\u00e9, fait l'objet d'un classement en zone agricole prot\u00e9g\u00e9e.\nArticle 2  : La d\u00e9limitation de cette zone agricole prot\u00e9g\u00e9e devra, conform\u00e9ment aux articles  \nL 151-43 et R 151-51 du code de l'urbanisme relatifs aux servitudes d'utilit\u00e9 publique, \u00eatre  \nannex\u00e9e au plan local d'urbanisme de la commune de La Farl\u00e8de.\nDirection d\u00e9partementale des territoires et de la mer du Var - 83-2025-11-04-00001 - arr\u00eat\u00e9 pr\u00e9fectoral de classement zone agricole\nprot\u00e9g\u00e9e commune de La Farl\u00e8de du 04/11/2025 22\nArticle 3 : En application de l'article R 112-1-9 du code rural, le pr\u00e9sent arr\u00eat\u00e9 ainsi que le plan  \nde  d\u00e9limitation  sont  tenus  \u00e0  disposition  du  public  \u00e0  la  direction  d\u00e9partementale  des \nterritoires et de la mer du Var (service planifications et prospective \u2013 p\u00f4le animation et  \nurbanisme) et en mairie de La Farl\u00e8de.\nArticle 4  : Le pr\u00e9sent arr\u00eat\u00e9 sera affich\u00e9 pendant une dur\u00e9e d'un mois dans les locaux de la  \nmairie de La Farl\u00e8de et publi\u00e9 sur le site internet de la pr\u00e9fecture. \nMention en est ins\u00e9r\u00e9e en caract\u00e8res apparents, aux frais de la commune de La Farl\u00e8de dans  \ndeux journaux diffus\u00e9s dans le d\u00e9partement du Var.\nArticle 5  :  Cette d\u00e9cision peut faire l'objet d'un recours gracieux aupr\u00e8s du pr\u00e9fet dans un  \nd\u00e9lai de deux mois \u00e0 compter de l'ex\u00e9cution de l'ensemble des formalit\u00e9s de publication  \nmentionn\u00e9es \u00e0 l'article 3 susvis\u00e9 et d'un recours contentieux aupr\u00e8s du tribunal administratif  \nde Toulon dans le m\u00eame d\u00e9lai.\nArticle 6 : Ex\u00e9cution du pr\u00e9sent arr\u00eat\u00e9\nLe secr\u00e9taire g\u00e9n\u00e9ral de la pr\u00e9fecture du Var,\nLe directeur d\u00e9partemental des territoires et de la mer,\nLe maire de La Farl\u00e8de,\nsont charg\u00e9s, chacun en ce qui le concerne, de l'ex\u00e9cution du pr\u00e9sent arr\u00eat\u00e9 qui sera publi\u00e9  \nau recueil des actes administratifs de la pr\u00e9fecture du Var.\nFait \u00e0 Toulon, le 4 novembre 2025\nLe Pr\u00e9fet,\nSign\u00e9\nSimon BABRE\nDirection d\u00e9partementale des territoires et de la mer du Var - 83-2025-11-04-00001 - arr\u00eat\u00e9 pr\u00e9fectoral de classement zone agricole\nprot\u00e9g\u00e9e commune de La Farl\u00e8de du 04/11/2025 23\nWU ru 7 77 = 77 ND 7 SNA CRETE wa LS RE Eee we SEE TR Un TX TE FUN BSS \u00e9. \\ \\Plan de d\u00e9limitation - Zone Agricole Prot\u00e9g\u00e9e : LA FARLEDE 7 [SN p\u00e9rim\u00e8tre ZAP La Farl\u00e8de q Re_ RON ee Sp SN,7 Solites-Ville \\\\ Ex NS leonquiere \u00c0 Jes: ea A+\\\nde RedonneyL NE =\n| Y\\\\Uetit Coudon)\nqui] jsles BellesMurs\u2014FF R\u00e9alisatio DD \"Fond de carte: \u00a9EN\u00bb Sources : DDTMaale \u00bb//\nAnnexe : P\u00e9rim\u00e8tre de la zone agricole prot\u00e9g\u00e9e de la commune de La Farl\u00e8de\nDirection d\u00e9partementale des territoires et de la mer du Var - 83-2025-11-04-00001 - arr\u00eat\u00e9 pr\u00e9fectoral de classement zone agricole\nprot\u00e9g\u00e9e commune de La Farl\u00e8de du 04/11/2025 24\nDirection d\u00e9partementale des territoires et de la\nmer du Var\n83-2025-10-28-00005\nArr\u00eat\u00e9 pr\u00e9fectoral relatif au droit \u00e0 l'information\ndes citoyens sur les risques naturels et\ntechnologiques majeurs dans le Var\nDirection d\u00e9partementale des territoires et de la mer du Var - 83-2025-10-28-00005 - Arr\u00eat\u00e9 pr\u00e9fectoral relatif au droit \u00e0 l'information\ndes citoyens sur les risques naturels et technologiques majeurs dans le Var 25\n=mPREFETDU VARLibert\u00e9Egalit\u00e9Fraternit\u00e9\nDirection d\u00e9partementale\ndes territoires et de la mer du Var\nARR\u00caT\u00c9 PR\u00c9FECTORAL n\u00b0 DDTM-SPP-PR-2025-15 du 28/10/25\n \nrelatif au droit \u00e0 l'information des citoyens sur les risques naturels et technologiques \nmajeurs dans le Var.\nLe pr\u00e9fet du Var,\nVu le Code des collectivit\u00e9s territoriales ;\nVu le code de l'environnement, notamment les articles L.125-2, et R.125-9 \u00e0 R.125-14 ;\nVu le code de la construction et de l'habitation, notamment son article R.162-1 ;\nVu le code de l'urbanisme ;\nVu le d\u00e9cret n\u00b02004-374 du 29 avril 2004 relatif aux pouvoirs de pr\u00e9fets, \u00e0 l'organisation et \u00e0  \nl'action des services de l'\u00c9tat dans les r\u00e9gions et d\u00e9partements ;\nVu le  d\u00e9cret  n\u00b02009-1484  du  03  d\u00e9cembre  2009  relatif  aux  Directions  D\u00e9partementales \nInterminist\u00e9rielles ;\nVu le d\u00e9cret du Pr\u00e9sident de la R\u00e9publique du 15 mai 2025 portant nomination de Monsieur  \nSimon BABRE en qualit\u00e9 de pr\u00e9fet du Var ;\nVu l'arr\u00eat\u00e9 pr\u00e9fectoral du 24 mai 2018 du pr\u00e9fet du Var relatif au droit \u00e0 l'information du  \npublic sur les risques majeurs ;\nConsid\u00e9rant la n\u00e9cessit\u00e9 de r\u00e9viser le dossier d\u00e9partemental sur les risques majeurs dans le  \nVar ;\nSur proposition du directeur d\u00e9partemental des territoires et de la mer.\nARR\u00caTE \nArticle 1er : Objet de l'arr\u00eat\u00e9\nLe pr\u00e9sent arr\u00eat\u00e9 abroge et remplace l'arr\u00eat\u00e9 pr\u00e9fectoral du 24 mai 2018 relatif au droit \u00e0  \nl'information du public sur les risques majeurs.\nDirection d\u00e9partementale des territoires et de la mer du Var - 83-2025-10-28-00005 - Arr\u00eat\u00e9 pr\u00e9fectoral relatif au droit \u00e0 l'information\ndes citoyens sur les risques naturels et technologiques majeurs dans le Var 26\nArticle 2 : Le dossier d\u00e9partemental sur les risques majeurs\nL'information des citoyens sur les risques majeurs auxquels ils sont susceptibles d'\u00eatre expos\u00e9s \nest consign\u00e9e dans le dossier d\u00e9partemental sur les risques majeurs (DDRM) dans le Var. Ce  \ndocument comprend notamment un tableau recensant les risques naturels et technologiques \naffectant chaque commune du d\u00e9partement.\nArticle 3 : Mesures d'information\nLe dossier d\u00e9partemental sur les risques majeurs est consultable \u00e0 la pr\u00e9fecture du Var, dans  \nles sous-pr\u00e9fectures, \u00e0 la direction d\u00e9partementale des territoires et de la mer ainsi que dans  \nchaque mairie du d\u00e9partement via le site internet des services de l'\u00c9tat dans le Var.\nArticle 4 : Mesures de publicit\u00e9\nLe pr\u00e9sent arr\u00eat\u00e9 sera publi\u00e9 au recueil des actes administratifs de l'\u00c9tat dans le d\u00e9partement.\nArticle 5 : D\u00e9lai de recours\nUn recours \u00e0 l'encontre du pr\u00e9sent arr\u00eat\u00e9 peut \u00eatre port\u00e9 devant le tribunal administratif de  \nToulon, dans un d\u00e9lai de deux mois \u00e0 compter de l'ex\u00e9cution de l'ensemble des formalit\u00e9s de  \npublicit\u00e9.\nDans ce m\u00eame d\u00e9lai, un recours gracieux ou un recours hi\u00e9rarchique peut \u00eatre pr\u00e9sent\u00e9  \nrespectivement devant l'auteur de la pr\u00e9sente d\u00e9cision ou aupr\u00e8s du ministre en charge de la  \npr\u00e9vention des risques naturels et technologiques. Dans ce cas, le recours contentieux peut  \nalors \u00eatre introduit dans les deux mois suivant la r\u00e9ponse (le silence gard\u00e9 pendant les deux  \nmois suivant le recours gracieux emporte rejet de la demande).\nIl est possible de d\u00e9poser le recours contentieux devant le tribunal administratif par voie  \n\u00e9lectronique  via  l'application  internet  \u00ab  t\u00e9l\u00e9recours  citoyens \u00bb  sur  le  lien  suivant  : \nhttps://www.telerecours.fr\nArticle 6 : Ex\u00e9cution du pr\u00e9sent arr\u00eat\u00e9\nLe  secr\u00e9taire  g\u00e9n\u00e9ral  de  la  pr\u00e9fecture,  le  directeur  de  cabinet,  le  sous-pr\u00e9fet  de \nl'arrondissement de Brignoles, le sous-pr\u00e9fet de l'arrondissement de Draguignan, les chefs des \nservices  r\u00e9gionaux  et  d\u00e9partementaux  de  l'\u00c9tat,  les  maires  des  communes  du  Var,  sont \ncharg\u00e9s, chacun en ce qui le concerne, de l'ex\u00e9cution du pr\u00e9sent arr\u00eat\u00e9.\nFait le, 28/10/25\n                         le Pr\u00e9fet\nSign\u00e9\nSimon BABRE\nDirection d\u00e9partementale des territoires et de la mer du Var - 83-2025-10-28-00005 - Arr\u00eat\u00e9 pr\u00e9fectoral relatif au droit \u00e0 l'information\ndes citoyens sur les risques naturels et technologiques majeurs dans le Var 27\nPr\u00e9fecture du VAR\n83-2025-11-02-00001\nPV - BNSSA - 02-11-2025 FNMNS\nPr\u00e9fecture du VAR - 83-2025-11-02-00001 - PV - BNSSA - 02-11-2025 FNMNS 28\nFNMNS PR\u00c9FETDU VARLibert\u00e9Egalit\u00e9Fraternit\u00e9\n \n \n \n \n \n \nBREVET NATIONAL DE S\u00c9CURIT\u00c9 \nET DE SAUVETAGE AQUATIQUE \n (B.N.S.S.A) \n \n \nPROC\u00c8S VERBAL D'EXAMEN \n \n \nL'an deux mille vingt-cinq (2025), le 02 novembre \u00e0 10h00 \n \nLe jury, constitu\u00e9 en application des dispositions du d\u00e9cret n\u00b091-834 du 30 ao\u00fbt 1991 modifi\u00e9 et de \nl'arr\u00eat\u00e9 du 23 janvier 1979 modifi\u00e9, fixant les modalit\u00e9s de d\u00e9livrance du Brevet National de S\u00e9curit\u00e9 \net Sauvetage Aquatique, sous la pr\u00e9sidence de Damien SPIESS , s'est r\u00e9uni au Centre Aquatique \nAquavabre de la commune de Brignoles pour proc\u00e9der aux d\u00e9lib\u00e9rations. \n \nParticipait aux travaux du jury : \nNom-Pr\u00e9nom Qualification Organisme d'appartenance \n \nNIRLO Michael  \n \nFormateur SSA MN \u2013 BNSSA \nFormateur de Formateurs \nPremier Secours \nCDF FNMNS 83  \nAqua' Sauvetage Varois \nSPIESS Damien \nFormateur SSA MN \u2013 BNSSA \nFormateur de Formateurs \nPremier Secours \nCDF FNMNS 83 \nAqua' Sauvetage Varois \n \nVINCENDEAU Bertrand \n \nBEESAN CDF FNMNS 83  \nAqua' Sauvetage Varois \n \n\u00c0 l'issue de cet examen, sont d\u00e9clar\u00e9s admis les personnes figurant sur le tableau joint en annexe 1 \nayant satisfait aux 4 \u00e9preuves et dont le nom est suivi de la mention \u00ab admis \u00bb. \n \nEn application de l'article 10 bis de l'arr\u00eat\u00e9 du 23 janvier 1979 modifi\u00e9, la liste des candidats re\u00e7us \u00e0 \nl'examen du Brevet National de S\u00e9curit\u00e9 et de Sauvetage Aquatique est publi\u00e9e au recueil des actes \nadministratifs de la pr\u00e9fecture de d\u00e9partement. \n \nLe pr\u00e9sident, \nSPIESS Damien \n \n \nLes membres du jury,  \nNIRLO Michael     VINCENDEAU Bertrand \n \n \nOriginal sign\u00e9 le 02 novembre 2025 \nPr\u00e9fecture du VAR - 83-2025-11-02-00001 - PV - BNSSA - 02-11-2025 FNMNS 29\n \n \nAnnexe 1 - Liste des candidats admis au   \nBREVET NATIONAL DE S\u00c9CURIT\u00c9 ET DE SAUVETAGE AQUATIQUE \nSession du 02 novembre 2025 \u00e0 Brignoles \n \nNOM PR\u00c9NOM R\u00c9SULTAT \n(ADMIS, NON ADMIS, ABSENT) \nBERNIER St\u00e9phane Admis \nBOULAY Anna Admise \nCICLET J\u00e9r\u00e9my Admis \nFONTENEAU Ethann Admis \nLEFEUVRE Sandrine Non Admise \nNOBILI Sarah Admise \nSEJALON L\u00e9o Admis \nSTORCK Math\u00e9o Admis \nTIERCELIN Th\u00e9o Admis \nWERY NEDELLEC Th\u00e9odore Admis \n   \n   \n   \n   \n   \n   \n   \n   \n   \n   \n   \n   \n   \n   \n \nLe pr\u00e9sident, \nSPIESS Damien \n \n \nLes membres du jury,  \nNIRLO Michael     VINCENDEAU Bertrand \n \n \nOriginal sign\u00e9 le 02 novembre 2025 \nPr\u00e9fecture du VAR - 83-2025-11-02-00001 - PV - BNSSA - 02-11-2025 FNMNS 30\nPr\u00e9fecture du VAR\n83-2025-11-02-00002\nPV - FC BNSSA - 02-11-2025 FNMNS\nPr\u00e9fecture du VAR - 83-2025-11-02-00002 - PV - FC BNSSA - 02-11-2025 FNMNS 31\nFNMNS PR\u00c9FETDU VARLibert\u00e9Egalit\u00e9Fraternit\u00e9\n \n \n \n \n \n \n \nEXAMEN DE CONTR\u00d4LE DU BREVET NATIONAL  \nDE S\u00c9CURIT\u00c9 ET DE SAUVETAGE AQUATIQUE \n (B.N.S.S.A) \n \n \nPROC\u00c8S VERBAL D'EXAMEN \n \n \nL'an deux mille vingt-cinq (2025), le 02 novembre \u00e0 10h00 \n \nLe jury, constitu\u00e9 en application des dispositions du d\u00e9cret n\u00b091-834 du 30 ao\u00fbt 1991 modifi\u00e9 et de \nl'arr\u00eat\u00e9 du 23 janvier 1979 modifi\u00e9, fixant les modalit\u00e9s de d\u00e9livrance du Brevet National de S\u00e9curit\u00e9 \net Sauvetage Aquatique, sous la pr\u00e9sidence de SPIESS Damien , s'est r\u00e9uni au Centre Aquatique \nAquavabre de la commune de Brignoles pour proc\u00e9der aux d\u00e9lib\u00e9rations. \n \nParticipait aux travaux du jury : \nNom-Pr\u00e9nom Qualification Organisme d'appartenance \n \nNIRLO Michael \n \nFormateur SSA MN \u2013 BNSSA \nFormateur de Formateurs \nPremier Secours \nCDF FNMNS 83  \nAqua' Sauvetage Varois \n \nSPIESS Damien \n \nFormateur SSA MN \u2013 BNSSA \nFormateur de Formateurs \nPremier Secours \nCDF FNMNS 83 \nAqua' Sauvetage Varois \n \nVINCENDEAU Bertrand \n \nBEESAN CDF FNMNS 83  \nAqua' Sauvetage Varois \n \n\u00c0 l'issue de cet examen, sont d\u00e9clar\u00e9s admis les personnes figurant sur le tableau joint en annexe 1 \nayant satisfait aux 2 \u00e9preuves et dont le nom est suivi de la mention \u00ab admis \u00bb. \n \nEn application de l'article 10 bis de l'arr\u00eat\u00e9 du 23 janvier 1979 modifi\u00e9, la liste des candidats re\u00e7us \u00e0 \nl'examen du Brevet National de S\u00e9curit\u00e9 et de Sauvetage Aquatique est publi\u00e9e au recueil des actes \nadministratifs de la pr\u00e9fecture de d\u00e9partement. \n \nLe pr\u00e9sident, \nSPIESS Damien \n \n \nLes membres du jury,  \nNIRLO Michael     VINCENDEAU Bertrand \n \nOriginal sign\u00e9 le 02 novembre 2025 \nPr\u00e9fecture du VAR - 83-2025-11-02-00002 - PV - FC BNSSA - 02-11-2025 FNMNS 32\n \n \nAnnexe 1 - Liste des candidats admis \u00e0 l'EXAMEN DE CONTR\u00d4LE DU BREVET NATIONAL  \nDE S\u00c9CURIT\u00c9 ET DE SAUVETAGE AQUATIQUE \nSession du 02 novembre 2025 \u00e0 Brignoles \n \nNOM PR\u00c9NOM R\u00c9SULTAT \n(ADMIS, NON ADMIS, ABSENT) \nANGLES Louis Admis \nCHARRIER Emmanuelle Admise \nPARRINELLO Morgane Admise \n   \n   \n   \n   \n   \n   \n   \n   \n   \n   \n   \n   \n   \n   \n   \n   \n   \n   \n   \n   \n   \n \nLe pr\u00e9sident, \nSPIESS Damien \n \n \nLes membres du jury,  \nNIRLO Michael     VINCENDEAU Bertrand \n \nOriginal sign\u00e9 le 02 novembre 2025 \nPr\u00e9fecture du VAR - 83-2025-11-02-00002 - PV - FC BNSSA - 02-11-2025 FNMNS 33","date":"2025-11-04","first_seen_on":"2025-11-04T15:58:24+00:00","id":"a63c81db297ba77816f0eba962718c401d89bd824e489e534ca596f1ca1691da","name":"RAA N\u00b0372 du 4 novembre 2025","pdf_creation_date":"2025-11-04T15:22:24+00:00","pdf_modification_date":null,"timezone":"Europe/Paris","url":"https://www.var.gouv.fr/contenu/telechargement/43381/283629/file/RAA%20N%C2%B0372%20du%204%20novembre%202025%20(actes%20non%20nominatifs).pdf"}
