{"administration":"pref21","administration_name":"Pr\u00e9fecture de C\u00f4te-d\u2019Or","content":"PR\u00c9FET\nDE LA C\u00d4TE-D'OR\nRECUEIL DES ACTES\nADMINISTRATIFS SP\u00c9CIAL\nN\u00b021-2025-175\nPUBLI\u00c9 LE  9 D\u00c9CEMBRE 2025\nSommaire\nDirection d\u00e9partementale des territoires de la C\u00f4te-d'Or / Service\nPr\u00e9servation et Am\u00e9nagement de l'Espace (SPAE)\n21-2025-12-08-00001 - Arr\u00eat\u00e9 pr\u00e9fectoral portant abrogation de la\ncarte communale de PRECY-SOUS-THIL (3 pages) Page 3\nDRFiP Bourgogne Franche-Comt\u00e9 /\n21-2025-12-01-00005 - DRFIP 21 - Grille tarifaire pour les impositions des\nvaleurs locatives des locaux professionnels 2026 (1 page) Page 7\n21-2025-12-01-00006 - DRFIP21 - MISE \u00c0 JOUR DES PARAM\u00c8TRES\nD\u00c9PARTEMENTAUX D'\u00c9VALUATION DES LOCAUX PROFESSIONNELS\nPOUR LES  IMPOSITIONS 2026 (2 pages) Page 9\nPr\u00e9fecture de la C\u00f4te-d'Or / Direction de la coordination, des politiques\npubliques et de l'appui territorial\n21-2025-12-03-00005 - Arr\u00eat\u00e9 pr\u00e9fectoral n\u00b0 1743 du 03 d\u00e9cembre\n2025 portant renouvellement de la composition de la commission\nd\u00e9partementale charg\u00e9e d'\u00e9tablir la liste d'aptitude aux\nfonctions de commissaire enqu\u00eateur dans le d\u00e9partement de\nla\nC\u00f4te-d'Or (3 pages) Page 12\nPr\u00e9fecture de la C\u00f4te-d'Or / Direction des s\u00e9curit\u00e9s\n21-2025-12-08-00002 - Arr\u00eat\u00e9 pr\u00e9fectoral N\u00b01773\nautorisant la\ncaptation, l'enregistrement et la transmission d'images\nau moyen\nde cam\u00e9ras install\u00e9es sur des a\u00e9ronefs (2 pages) Page 16\n2\nDirection d\u00e9partementale des territoires de la\nC\u00f4te-d'Or\nService Pr\u00e9servation et Am\u00e9nagement de\nl'Espace (SPAE)\n21-2025-12-08-00001\nArr\u00eat\u00e9 pr\u00e9fectoral portant abrogation de la carte\ncommunale de PRECY-SOUS-THIL\nDirection d\u00e9partementale des territoires de la C\u00f4te-d'Or - 21-2025-12-08-00001 - Arr\u00eat\u00e9 pr\u00e9fectoral portant abrogation de la carte\ncommunale de PRECY-SOUS-THIL 3\nzsPREFETDELACOTE-D'ORLibert\u00e9Egalit\u00e9Fraternit\u00e9\nDirection d\u00e9partementale des territoires\nde la C\u00f4te-d'Or\nAffaire suivie par : Jean-Michel MARS\nService pr\u00e9servation et am\u00e9nagement\nde l'espace\nBureau planification et pr\u00e9vention des \nrisques technologiques\nT\u00e9l. : 03 80 92 55 14\nM\u00e9l : jean-michel.mars@cote-dor.gouv.fr\nDijon, le 08/12/2025\nArr\u00eat\u00e9 N\u00b01753\nportant abrogation de la carte communale de  PRECY-SOUS-THIL\nLe pr\u00e9fet de la C\u00f4te-d'Or\nVu le code g\u00e9n\u00e9ral des collectivit\u00e9s territoriales ;\nVu le code de l'urbanisme ;\nVu le code de l'environnement ;\nVu la d\u00e9lib\u00e9ration du conseil municipal de PRECY-SOUS-THIL en date du 22 f\u00e9vrier 2021  \napprouvant la carte communale ;\nVu l'arr\u00eat\u00e9 pr\u00e9fectoral du 13 avril 2021 approuvant la carte communale de  PRECY-SOUS-\nTHIL;  \nVu la d\u00e9lib\u00e9ration  du conseil municipal de PRECY-SOUS-THIL en date du 11 avril 2022  \nprescrivant l'\u00e9laboration du plan local d'urbanisme ;\nVu l'arr\u00eat\u00e9 municipal de PRECY-SOUS-THIL N\u00b004-2025 en date du 6 mars 2025 prescrivant  \nl'enqu\u00eate publique sur l'\u00e9laboration du  plan local d'urbanisme et l'abrogation de la carte  \ncommunale de PRECY-SOUS-THIL ; \nVu l'enqu\u00eate publique qui s'est d\u00e9roul\u00e9e du 05 avril 2025 au 05 mai 2025 inclus, l'ensemble \ndes conclusions, le rapport et l'avis du commissaire enqu\u00eateur exprimant un avis favorable \npour l'abrogation de la carte communale de PRECY-SOUS-THIL;\nVu la d\u00e9lib\u00e9ration du conseil municipal de PRECY-SOUS-THIL en date du 1er octobre 2025  \nabrogeant la carte communale de PRECY-SOUS-THIL ; \nDirection d\u00e9partementale des territoires de la C\u00f4te-d'Or\n57 rue de Mulhouse- BP 53317 - 21033 DIJON cedex\nt\u00e9l : 03 80 29 44 44 \u2013 Courriel : ddt@cote-dor.gouv.fr\nDirection d\u00e9partementale des territoires de la C\u00f4te-d'Or - 21-2025-12-08-00001 - Arr\u00eat\u00e9 pr\u00e9fectoral portant abrogation de la carte\ncommunale de PRECY-SOUS-THIL 4\n2\nConsid\u00e9rant que le plan local d'urbanisme de la commune  de PRECY-SOUS-THIL a \u00e9t\u00e9  \napprouv\u00e9  par  d\u00e9lib\u00e9ration  du  conseil  municipal  de  PRECY-SOUS-THIL  en  date  du  1er \noctobre 2025 ;\nConsid\u00e9rant que  la  carte  communale  et  le  PLU  sont  des  documents  exclusifs,  qui  ne \npeuvent pas coexister sur un m\u00eame territoire ; \nConsid\u00e9rant qu'il convient en cons\u00e9quence d'abroger ladite carte communale de PRECY-\nSOUS-THIL ;\nSUR proposition du secr\u00e9taire g\u00e9n\u00e9ral de la pr\u00e9fecture de la C\u00f4te-d'Or ; \nARR\u00caTE\nArticle 1er :\nLa carte communale de la commune de PRECY-SOUS-THIL est abrog\u00e9e \u00e0 compter du jour  \no\u00f9  la  d\u00e9lib\u00e9ration  du  1er octobre  2025  adoptant  le  Plan  Local  d'Urbanisme  deviendra \nex\u00e9cutoire.\nArticle 2 :\nLe pr\u00e9sent arr\u00eat\u00e9 sera notifi\u00e9:\n\u2022 \u00e0 la commune de PRECY-SOUS-THIL,\n\u2022 \u00e0 la direction d\u00e9partementale des territoires,\n\u2022 au service du contr\u00f4le de l\u00e9galit\u00e9,\net publi\u00e9 au recueil des actes administratifs de la pr\u00e9fecture.\nArticle 3 :\nLa d\u00e9lib\u00e9ration du conseil municipal abrogeant la carte communale ainsi que le pr\u00e9sent  \narr\u00eat\u00e9 pr\u00e9fectoral seront affich\u00e9s pendant un mois en mairie.\nMention de cet affichage, pr\u00e9cisant les lieux o\u00f9 le dossier peut \u00eatre consult\u00e9, sera ins\u00e9r\u00e9e  \npar le maire en caract\u00e8res apparents dans un journal diffus\u00e9 dans le d\u00e9partement.\nLe pr\u00e9sent arr\u00eat\u00e9 sera publi\u00e9 au recueil des actes administratifs de la pr\u00e9fecture de la  \nC\u00f4te-d'Or.\nLa  commune  proc\u00e9dera  \u00e0  la  mise  \u00e0  disposition  du  public  de  l'abrogation  de  la  carte \ncommunale ainsi que de la publication du plan local d'urbanisme approuv\u00e9 par mise en  \nligne sur le g\u00e9oportail de l'urbanisme.\nArticle 4 :\nL'abrogation  de  la  carte  communale  produira  ses  effets  juridiques  d\u00e8s  l'ex\u00e9cution  de \nl'ensemble des formalit\u00e9s de publicit\u00e9 pr\u00e9vues \u00e0 l'article 3.\nDirection d\u00e9partementale des territoires de la C\u00f4te-d'Or\n57 rue de Mulhouse- BP 53317 - 21033 DIJON cedex\nt\u00e9l : 03 80 29 44 44 \u2013 Courriel : ddt@cote-dor.gouv.fr\nDirection d\u00e9partementale des territoires de la C\u00f4te-d'Or - 21-2025-12-08-00001 - Arr\u00eat\u00e9 pr\u00e9fectoral portant abrogation de la carte\ncommunale de PRECY-SOUS-THIL 5\n3\nArticle 5 :\nLe secr\u00e9taire g\u00e9n\u00e9ral de la pr\u00e9fecture de la C\u00f4te-d'Or, la directrice d\u00e9partementale des  \nterritoires et le maire de PRECY-SOUS-THIL sont charg\u00e9s de l'ex\u00e9cution du pr\u00e9sent arr\u00eat\u00e9.\nFait \u00e0 Dijon, le\nLe pr\u00e9fet,\nSIGN\u00c9\nPaul MOURIER\nDirection d\u00e9partementale des territoires de la C\u00f4te-d'Or\n57 rue de Mulhouse- BP 53317 - 21033 DIJON cedex\nt\u00e9l : 03 80 29 44 44 \u2013 Courriel : ddt@cote-dor.gouv.fr\nDirection d\u00e9partementale des territoires de la C\u00f4te-d'Or - 21-2025-12-08-00001 - Arr\u00eat\u00e9 pr\u00e9fectoral portant abrogation de la carte\ncommunale de PRECY-SOUS-THIL 6\nDRFiP Bourgogne Franche-Comt\u00e9\n21-2025-12-01-00005\nDRFIP 21 - Grille tarifaire pour les impositions des\nvaleurs locatives des locaux professionnels 2026\nDRFiP Bourgogne Franche-Comt\u00e9 - 21-2025-12-01-00005 - DRFIP 21 - Grille tarifaire pour les impositions des valeurs locatives des locaux\nprofessionnels 2026 7\nDRFiP Bourgogne Franche-Comt\u00e9 - 21-2025-12-01-00005 - DRFIP 21 - Grille tarifaire pour les impositions des valeurs locatives des locaux\nprofessionnels 2026 8\nDRFiP Bourgogne Franche-Comt\u00e9\n21-2025-12-01-00006\nDRFIP21 - MISE \u00c0 JOUR DES PARAM\u00c8TRES\nD\u00c9PARTEMENTAUX D'\u00c9VALUATION DES\nLOCAUX PROFESSIONNELS POUR LES \nIMPOSITIONS 2026\nDRFiP Bourgogne Franche-Comt\u00e9 - 21-2025-12-01-00006 - DRFIP21 - MISE \u00c0 JOUR DES PARAM\u00c8TRES D\u00c9PARTEMENTAUX\nD'\u00c9VALUATION DES LOCAUX PROFESSIONNELS POUR LES  IMPOSITIONS 2026 9\nDIRECTION R\u00c9GIONALE DES FINANCES PUBLIQUES DE\nBOURGOGNE-FRANCHE-COMT\u00c9 ET DU D\u00c9PARTEMENT DE\nLA C\u00d4TE-D'OR \nMISE \u00c0 JOUR \nDES PARAM\u00c8TRES D\u00c9PARTEMENTAUX D'\u00c9VALUATION \nDES LOCAUX PROFESSIONNELS POUR LES IMPOSITIONS 2026\nInformations g\u00e9n\u00e9rales\nLe  dispositif  de  mise  \u00e0  jour  des  param\u00e8tres  d\u00e9partementaux  d'\u00e9valuation  des\nlocaux professionnels d\u00e9crit \u00e0 l'article   1518 ter   du code g\u00e9n\u00e9ral des imp\u00f4ts (CGI) pr\u00e9voit que :\n- les tarifs sont mis \u00e0 jour annuellement par l'administration fiscale ;\n- les coefficients de localisation  peuvent \u00eatre mis \u00e0 jour les troisi\u00e8me et cinqui\u00e8me ann\u00e9es\nsuivant  le  renouvellement  g\u00e9n\u00e9ral  des  conseils municipaux.  Aussi,  en  2026,  la  commission\nd\u00e9partementale des valeurs locatives (CDVL) a pu modifier l'application des  coefficients de\nlocalisation apr\u00e8s avis des commissions  communales et intercommunales des imp\u00f4ts  directs\npr\u00e9vues aux articles 1650 et 1650 A du CGI.\nSituation du d\u00e9partement de   La C\u00f4te-d'Or  \nConform\u00e9ment aux dispositions de l' article 334     A   de l'annexe II du CGI, les derniers tarifs\npubli\u00e9s au recueil des actes administratifs par n\u00b0 21-2024-167 en date du 29/11/2025 ont \u00e9t\u00e9 mis\n\u00e0 jour des \u00e9volutions de loyer constat\u00e9es.\nLors de sa r\u00e9union du 03/11/2025 , la CDVL a :\n- reconduit les coefficients de localisation appliqu\u00e9s aux parcelles n'ayant pas fait l'objet de\nmodification.\nPublication des param\u00e8tres d\u00e9partementaux d'\u00e9valuation\nConform\u00e9ment aux dispositions de l'article 371 ter S de l'annexe II au CGI, sont publi\u00e9s :\n- les  tarifs  tels  qu'\u00e9tablis  par  l'administration  fiscale  pour  chaque  cat\u00e9gorie  de  locaux\nprofessionnels dans chaque secteur au niveau du d\u00e9partement  (annexe 1) ;\nVoie et d\u00e9lai de recours\nLes d\u00e9cisions figurant dans le document pourront faire l'objet d'un recours pour exc\u00e8s de\npouvoir devant  le tribunal  administratif  de  Dijon  dans  le d\u00e9lai de deux  mois  suivant  leur\npublication.\n*       *\n*\nDRFiP Bourgogne Franche-Comt\u00e9 - 21-2025-12-01-00006 - DRFIP21 - MISE \u00c0 JOUR DES PARAM\u00c8TRES D\u00c9PARTEMENTAUX\nD'\u00c9VALUATION DES LOCAUX PROFESSIONNELS POUR LES  IMPOSITIONS 2026 10\nsign'\nLa  directrice  r\u00e9gionale  des  finances  publiques  de  BOURGOGNE-FRANCHE-COMT\u00c9  et  du\nd\u00e9partement de la C\u00d4TE-D'OR ;\nVu le code g\u00e9n\u00e9ral des imp\u00f4ts, et notamment l' article 1518 ter  et les  articles    371   ter S de\nl'annexe II et 3  3  4   A   de l'annexe II au m\u00eame code ;\nVu la d\u00e9cision de la commission d\u00e9partementale des valeurs locatives arr\u00eatant la liste des\nparcelles affect\u00e9es d'une modification des coefficients de localisation en date du 03/11/2025\nD\u00e9cide\nArticle 1er\n- l'application  des  tarifs  \u00e0  retenir  pour  la  d\u00e9termination  des  valeurs  locatives  des  locaux\nprofessionnels servant de base aux impositions \u00e9tablies en 2026.\nArticle 2\n- l'application  des  coefficients  de  localisation  \u00e0  retenir  pour  la  d\u00e9termination  des  valeurs\nlocatives  des  locaux  professionnels  servant  de  base  aux  impositions  \u00e9tablies  en  2026  tels\nqu'arr\u00eat\u00e9s  par  la  commission  d\u00e9partementale  des  valeurs  locatives  dans  sa  r\u00e9union  du\n03/11/2025.\nArticle 3\n- la publication de la pr\u00e9sente d\u00e9cision au recueil des actes administratifs du d\u00e9partement.\nA Dijon, le 1er d\u00e9cembre 2025\nLa directrice r\u00e9gionale des finances publiques de BOURGOGNE-FRANCHE-COMT\u00c9 et du\nd\u00e9partement de la C\u00d4TE-D'OR \nH\u00e9l\u00e8ne Crocquevieille\nDRFiP Bourgogne Franche-Comt\u00e9 - 21-2025-12-01-00006 - DRFIP21 - MISE \u00c0 JOUR DES PARAM\u00c8TRES D\u00c9PARTEMENTAUX\nD'\u00c9VALUATION DES LOCAUX PROFESSIONNELS POUR LES  IMPOSITIONS 2026 11\nPr\u00e9fecture de la C\u00f4te-d'Or\nDirection de la coordination, des politiques\npubliques et de l'appui territorial\n21-2025-12-03-00005\nArr\u00eat\u00e9 pr\u00e9fectoral n\u00b0 1743 du 03 d\u00e9cembre 2025\nportant renouvellement de la composition de la\ncommission d\u00e9partementale charg\u00e9e d'\u00e9tablir la\nliste d'aptitude aux fonctions de commissaire\nenqu\u00eateur dans le d\u00e9partement de\nla C\u00f4te-d'Or\nPr\u00e9fecture de la C\u00f4te-d'Or - 21-2025-12-03-00005 - Arr\u00eat\u00e9 pr\u00e9fectoral n\u00b0 1743 du 03 d\u00e9cembre 2025 portant renouvellement de la\ncomposition de la commission d\u00e9partementale charg\u00e9e d'\u00e9tablir la liste d'aptitude aux fonctions de commissaire enqu\u00eateur dans le\nd\u00e9partement de\nla C\u00f4te-d'Or\n12\nEnPREFETDE LACOTE-D'ORLibert\u00e9Egalit\u00e9Fraternit\u00e9\nSECR\u00c9TARIAT G\u00c9N\u00c9RAL\nDirection de la coordination des politiques publiques  \net de l'appui territorial\nP\u00f4le environnement et urbanisme\nArr\u00eat\u00e9 pr\u00e9fectoral n\u00b0 1743 du 03 d\u00e9cembre 2025\nportant renouvellement de la composition de la commission d\u00e9partementale charg\u00e9e \nd'\u00e9tablir la liste d'aptitude aux fonctions de commissaire enqu\u00eateur dans le d\u00e9partement de \nla C\u00f4te-d'Or\nLe pr\u00e9fet de la C\u00f4te-d'Or,\nVu le code de l'environnement et notamment ses articles L. 123-4 et R. 123-43 ;\nVu le code des relations entre le public et l'administration, notamment ses articles R. 133-3  \n\u00e0 R. 133-13 ; \nVu le  d\u00e9cret  n\u00b0  2004-374  du  29  avril  2004  modifi\u00e9  relatif  aux  pouvoirs  des  pr\u00e9fets,  \u00e0 \nl'organisation et \u00e0 l'action des services de l'Etat dans les r\u00e9gions et d\u00e9partements ;\nVu le d\u00e9cret n\u00b02020-412 du 8 avril 2020 modifi\u00e9 relatif au droit de d\u00e9rogation reconnu au  \npr\u00e9fet ;\nVu le d\u00e9cret du 10 octobre 2024 portant nomination du pr\u00e9fet de la r\u00e9gion Bourgogne-\nFranche-Comt\u00e9, pr\u00e9fet de la C\u00f4te-d'Or - M. MOURIER (Paul) ;\nVu le  d\u00e9cret  du  14  novembre  2024  portant  nomination  de  Monsieur  Denis  BRUEL, \nadministrateur  de  l'\u00c9tat  du  deuxi\u00e8me  grade,  en  qualit\u00e9  de  secr\u00e9taire  g\u00e9n\u00e9ral  de  la \npr\u00e9fecture de la C\u00f4te-d'Or, sous-pr\u00e9fet de Dijon (groupe II) ;\nVu  l'arr\u00eat\u00e9  pr\u00e9fectoral  n\u00b0 1183  du  26  novembre  2020  portant  renouvellement  de  la \ncomposition de la commission d\u00e9partementale charg\u00e9e d'\u00e9tablir la liste d'aptitude aux  \nfonctions de commissaire enqu\u00eateur dans le d\u00e9partement de la C\u00f4te-d'Or ;\nVu l'arr\u00eat\u00e9 pr\u00e9fectoral n\u00b0 813 / SG du 13 juin 2025 donnant d\u00e9l\u00e9gation de signature \u00e0  \nMonsieur Denis BRUEL, Secr\u00e9taire g\u00e9n\u00e9ral de la pr\u00e9fecture de la C\u00f4te-d'Or ;\nVu  l'arr\u00eat\u00e9  pr\u00e9fectoral  n\u00b0  1454  du  30  septembre  2025  relatif  au  renouvellement  du \nrepr\u00e9sentant titulaire et du repr\u00e9sentant suppl\u00e9ant des maires au sein de la commission  \nd\u00e9partementale  charg\u00e9e  d'\u00e9tablir  la  liste  d'aptitude  aux  fonctions  de  commissaire  \nenqu\u00eateur dans le d\u00e9partement de la C\u00f4te-d'Or\nVu  l'arr\u00eat\u00e9 pr\u00e9fectoral n\u00b01631 du 6 novembre 2025 portant publication des candidatures  \naux si\u00e8ges de repr\u00e9sentant titulaire et de repr\u00e9sentant suppl\u00e9ant des maires au sein de la  \ncommission  d\u00e9partementale  charg\u00e9e  d'\u00e9tablir  la  liste  d'aptitude  aux  fonctions  de  \ncommissaire enqu\u00eateur dans le d\u00e9partement de la C\u00f4te-d'Or ;\nVu le courrier du pr\u00e9sident du conseil d\u00e9partemental de C\u00f4te d'Or du 12 septembre 2025 ;\nVu l'accord  donn\u00e9  le  08  octobre  2025  par  M.  Andr\u00e9  PARIS  et  celui  donn\u00e9  le  \n25 novembre 2025 par M. G\u00e9rard STASSINET pour leur d\u00e9signation respective en tant que  \npersonnalit\u00e9 qualifi\u00e9e au sein de la commission d\u00e9partementale charg\u00e9e d'\u00e9tablir la liste  \nd'aptitude aux fonctions de commissaire enqu\u00eateur de la C\u00f4te-d'Or ;\n1/3\nPr\u00e9fecture de la C\u00f4te-d'Or - 21-2025-12-03-00005 - Arr\u00eat\u00e9 pr\u00e9fectoral n\u00b0 1743 du 03 d\u00e9cembre 2025 portant renouvellement de la\ncomposition de la commission d\u00e9partementale charg\u00e9e d'\u00e9tablir la liste d'aptitude aux fonctions de commissaire enqu\u00eateur dans le\nd\u00e9partement de\nla C\u00f4te-d'Or\n13\nVu  l'accord  donn\u00e9  le  04  juillet  2025  par  M.  Ren\u00e9  PICCINI  pour  assister,  avec  voix \nconsultative, aux d\u00e9lib\u00e9rations de la commission d\u00e9partementale charg\u00e9e d'\u00e9tablir la liste  \nd'aptitude aux fonctions de commissaire enqu\u00eateur de la C\u00f4te-d'Or ;\nVu l'avis du directeur r\u00e9gional de l'environnement, de l'am\u00e9nagement et du logement ;\nConsid\u00e9rant qu'il convient de proc\u00e9der au renouvellement des membres de la commission  \nd\u00e9partementale  charg\u00e9e  d'\u00e9tablir  la  liste  d'aptitude  aux  fonctions  de  commissaire  \nenqu\u00eateur dans le d\u00e9partement de la C\u00f4te-d'Or institu\u00e9e \u00e0 l'article L. 123-4 du Code de  \nl'environnement, dont les mandats sont arriv\u00e9s \u00e0 terme, notamment ceux du repr\u00e9sentant  \ntitulaire et du repr\u00e9sentant suppl\u00e9ant des maires du d\u00e9partement,\nSur proposition du secr\u00e9taire g\u00e9n\u00e9ral de la pr\u00e9fecture de la C\u00f4te-d'Or,\nARRETE\nArticle 1 : L'arr\u00eat\u00e9 pr\u00e9fectoral n\u00b0 1183 du 26 novembre 2020 susvis\u00e9 est abrog\u00e9.\nArticle 2  : La commission d\u00e9partementale charg\u00e9e d'\u00e9tablir la liste d'aptitude aux fonctions  \nde commissaire enqu\u00eateur de la C\u00f4te-d'Or est compos\u00e9e comme suit : \nPr\u00e9sident\u00a0:\nMme la pr\u00e9sidente du tribunal administratif de Dijon ou le magistrat qu'elle d\u00e9l\u00e8gue ;\nMembres\u00a0avec\u00a0voix\u00a0d\u00e9lib\u00e9rative\u00a0:\nQuatre\u00a0repr\u00e9sentants\u00a0de\u00a0l'Etat\u00a0d\u00e9sign\u00e9s\u00a0par\u00a0le\u00a0pr\u00e9fet\u00a0de\u00a0la\u00a0C\u00f4te-d'Or\u00a0:\n- Le pr\u00e9fet de la C\u00f4te-d'Or, ou son repr\u00e9sentant ;\n-  Le  directeur  r\u00e9gional  de  l'environnement,  de  l'am\u00e9nagement  et  du  logement,  ou  son \nrepr\u00e9sentant ;\n- La directrice d\u00e9partementale des territoires, ou son repr\u00e9sentant ;\n- Le directeur d\u00e9partemental de la protection des populations, ou son repr\u00e9sentant.\nUn\u00a0maire\u00a0d'une\u00a0commune\u00a0du\u00a0d\u00e9partement,\u00a0\u00e9lu\u00a0par\u00a0le\u00a0coll\u00e8ge\u00a0des\u00a0maires\u00a0du\u00a0d\u00e9partement\u00a0\nconvoqu\u00e9\u00a0\u00e0\u00a0cet\u00a0effet\u00a0par\u00a0le\u00a0pr\u00e9fet\u00a0:\n- Titulaire : M. Jean-Claude GIRARD, maire d'OUGES (21600) ;\n- Suppl\u00e9ant : M. Hugues ANTOINE, maire de BINGES (21270).\nUn\u00a0conseiller\u00a0d\u00e9partemental\u00a0d\u00e9sign\u00e9\u00a0par\u00a0le\u00a0conseil\u00a0d\u00e9partemental\u00a0de\u00a0la\u00a0C\u00f4te-d'Or\u00a0:\n- Titulaire : M. Denis THOMAS, conseiller d\u00e9partemental du canton de Ladoix-Serrigny ;\n- Suppl\u00e9ant : M. Marc FROT, conseiller d\u00e9partemental du canton de  Montbard.\nDeux\u00a0personnalit\u00e9s\u00a0qualifi\u00e9es\u00a0en\u00a0mati\u00e8re\u00a0de\u00a0protection\u00a0de\u00a0l'environnement,\u00a0d\u00e9sign\u00e9es\u00a0par\u00a0le\u00a0\npr\u00e9fet\u00a0du\u00a0d\u00e9partement\u00a0apr\u00e8s\u00a0avis\u00a0du\u00a0directeur\u00a0r\u00e9gional\u00a0charg\u00e9\u00a0de\u00a0l'environnement\u00a0:\n- M. G\u00e9rard STASSINET, pr\u00e9sident de la Soci\u00e9t\u00e9 des sciences historiques et naturelles de  \nSemur-en-Auxois ;\n- M. Andr\u00e9 PARIS, association France Nature Environnement de C\u00f4te-d'Or (FNE 21)\n2/3\nPr\u00e9fecture de la C\u00f4te-d'Or - 21-2025-12-03-00005 - Arr\u00eat\u00e9 pr\u00e9fectoral n\u00b0 1743 du 03 d\u00e9cembre 2025 portant renouvellement de la\ncomposition de la commission d\u00e9partementale charg\u00e9e d'\u00e9tablir la liste d'aptitude aux fonctions de commissaire enqu\u00eateur dans le\nd\u00e9partement de\nla C\u00f4te-d'Or\n14\nMembre\u00a0avec\u00a0voix\u00a0consultative\u00a0:\nUne\u00a0personne\u00a0inscrite\u00a0sur\u00a0une\u00a0liste\u00a0d'aptitude\u00a0aux\u00a0fonctions\u00a0de\u00a0commissaire\u00a0enqu\u00eateur,\u00a0d\u00e9sign\u00e9e\u00a0\npar\u00a0le\u00a0pr\u00e9fet\u00a0du\u00a0d\u00e9partement\u00a0apr\u00e8s\u00a0avis\u00a0du\u00a0directeur\u00a0r\u00e9gional\u00a0charg\u00e9\u00a0de\u00a0l'environnement\u00a0:\n- M. Ren\u00e9 PICCINI, inscrit sur la liste d'aptitude de Sa\u00f4ne-et-Loire.\nArticle 2 : Les membres de la commission autres que les repr\u00e9sentants de l'Etat sont d\u00e9sign\u00e9s  \npour quatre ans. \nLeur mandat est renouvelable.\nArticle 3 : Les membres d\u00e9sign\u00e9s de la commission, autres que les repr\u00e9sentants de l'\u00c9tat, qui, \nau cours de leur mandat respectif, d\u00e9c\u00e8dent, d\u00e9missionnent ou perdent la qualit\u00e9 au titre de  \nlaquelle ils ont \u00e9t\u00e9 d\u00e9sign\u00e9s, sont remplac\u00e9s pour la dur\u00e9e du mandat restant \u00e0 courir par une  \npersonne d\u00e9sign\u00e9e dans les m\u00eames conditions.\nArticle 4  : Le membre \u00e9lu titulaire de la commission qui, au cours de son mandat, d\u00e9c\u00e8de,  \nd\u00e9missionne ou perd la qualit\u00e9 au titre de laquelle il a \u00e9t\u00e9 \u00e9lu, est remplac\u00e9 par son suppl\u00e9ant  \nqui devient titulaire pour la dur\u00e9e du mandat restant \u00e0 courir. Le membre \u00e9lu suppl\u00e9ant de la  \ncommission qui, au cours de son mandat, d\u00e9c\u00e8de, d\u00e9missionne ou perd la qualit\u00e9 au titre de  \nlaquelle il a \u00e9t\u00e9 \u00e9lu est remplac\u00e9 pour la dur\u00e9e du mandat restant \u00e0 courir par une personne  \n\u00e9lue dans les m\u00eames conditions.\nArticle  5 : Le  secr\u00e9tariat  de  la  commission  est  assur\u00e9  par  la  pr\u00e9fecture  de  la  C\u00f4te-d'Or \n(secr\u00e9tariat  g\u00e9n\u00e9ral,  direction  de  la  coordination  des  politiques  publiques  et  de  l'appui \nterritorial, p\u00f4le environnement et urbanisme).\nArticle 6  :  Le pr\u00e9sent arr\u00eat\u00e9 peut faire l'objet d'un recours contentieux devant le Tribunal  \nAdministratif de DIJON, dans un d\u00e9lai de deux mois suivant sa publication.\nCe recours peut \u00eatre d\u00e9pos\u00e9 via l'application \u00ab  T\u00e9l\u00e9recours citoyens \u00bb accessible par le site  \ninternet www.telerecours.fr. \nArticle 7  : M. le secr\u00e9taire g\u00e9n\u00e9ral de la Pr\u00e9fecture de la C\u00f4te-d'Or est charg\u00e9 de l'ex\u00e9cution  \ndu pr\u00e9sent arr\u00eat\u00e9, qui sera publi\u00e9 au recueil des actes administratifs de la pr\u00e9fecture de la  \nC\u00f4te-d'Or et dont copie sera adress\u00e9e \u00e0 chacun des membres de la commission.\nFait \u00e0 Dijon, le 03 d\u00e9cembre 2025\n  \nLE PREFET,\nPour le pr\u00e9fet et par d\u00e9l\u00e9gation,\nLe secr\u00e9taire g\u00e9n\u00e9ral,\nDenis BRUEL\n3/3\nPr\u00e9fecture de la C\u00f4te-d'Or - 21-2025-12-03-00005 - Arr\u00eat\u00e9 pr\u00e9fectoral n\u00b0 1743 du 03 d\u00e9cembre 2025 portant renouvellement de la\ncomposition de la commission d\u00e9partementale charg\u00e9e d'\u00e9tablir la liste d'aptitude aux fonctions de commissaire enqu\u00eateur dans le\nd\u00e9partement de\nla C\u00f4te-d'Or\n15\nPr\u00e9fecture de la C\u00f4te-d'Or\nDirection des s\u00e9curit\u00e9s\n21-2025-12-08-00002\nArr\u00eat\u00e9 pr\u00e9fectoral N\u00b01773\nautorisant la captation, l'enregistrement et la\ntransmission d'images\nau moyen de cam\u00e9ras install\u00e9es sur des a\u00e9ronefs\nPr\u00e9fecture de la C\u00f4te-d'Or - 21-2025-12-08-00002 - Arr\u00eat\u00e9 pr\u00e9fectoral N\u00b01773\nautorisant la captation, l'enregistrement et la transmission d'images\nau moyen de cam\u00e9ras install\u00e9es sur des a\u00e9ronefs\n16\nExPREFETDE LACOTE-D'ORLibert\u00e9Egalit\u00e9Fraternit\u00e9\nDirection des s\u00e9curit\u00e9s\nDijon, le 08 d\u00e9cembre 2025\nArr\u00eat\u00e9 pr\u00e9fectoral N\u00b01773\nautorisant la captation, l'enregistrement et la transmission d'images\nau moyen de cam\u00e9ras install\u00e9es sur des a\u00e9ronefs\nLe pr\u00e9fet de la C\u00f4te-d'Or\nVU le code de la s\u00e9curit\u00e9 int\u00e9rieure et notamment ses articles L. 242-1 \u00e0 L. 242-8 et R. 242-8 \u00e0 R. 242-14 ;\nVU le d\u00e9cret n\u00b02004-374 du 29 avril 2004 relatif aux pouvoirs des pr\u00e9fets, \u00e0 l'organisation et \u00e0 l'action des \nservices de l'\u00c9tat dans les r\u00e9gions et d\u00e9partements ;\nVU le d\u00e9cret du Pr\u00e9sident de la R\u00e9publique du 10 octobre 2024 nommant monsieur Paul MOURIER, pr\u00e9fet \nde la r\u00e9gion Bourgogne-Franche-Comt\u00e9, pr\u00e9fet de la C\u00f4te-d'Or ;\nVU l'arr\u00eat\u00e9 du ministre de l'Int\u00e9rieur et des outre-mer, en date du 19 avril 2023 relatif au nombre maximal \nde cam\u00e9ras install\u00e9es sur des a\u00e9ronefs pouvant \u00eatre simultan\u00e9ment utilis\u00e9es dans chaque d\u00e9partement et \ncollectivit\u00e9 d'outre-mer ;\nVU l'arr\u00eat\u00e9  pr\u00e9fectoral  n\u00b01010/SG  du  02  juillet  2025  donnant  d\u00e9l\u00e9gation  de  signature  \u00e0  madame  \nAur\u00e9lie CONTRECIVILE, sous-pr\u00e9f\u00e8te, directrice de cabinet du pr\u00e9fet de la r\u00e9gion Bourgogne Franche-\nComt\u00e9, pr\u00e9fet de C\u00f4te-d'Or ;\nVU la demande re\u00e7ue le 12 novembre 2025, formul\u00e9e par le groupement de gendarmerie d\u00e9partementale \nde la C\u00f4te-d'Or, visant \u00e0 obtenir l'autorisation de capter, d'enregistrer et de transmettre des images au  \nmoyen de cam\u00e9ras install\u00e9es sur des a\u00e9ronefs dans le cadre d'op\u00e9rations de secours aux personnes ;\nCONSID\u00c9RANT que les dispositions susvis\u00e9es et notamment  le 6\u00b0 de l'article L. 242-5 du code de la  \ns\u00e9curit\u00e9 int\u00e9rieure  permettent aux forces de s\u00e9curit\u00e9 int\u00e9rieure, dans le cadre d'op\u00e9rations de secours  \naux personnes, de proc\u00e9der \u00e0 la captation, \u00e0 l'enregistrement et \u00e0 la transmission d'images au moyen de  \ncam\u00e9ras install\u00e9es sur des a\u00e9ronefs ;\nCONSID\u00c9RANT que les services de gendarmerie sont r\u00e9guli\u00e8rement mobilis\u00e9s pour des recherches de  \npersonnes  (disparitions  inqui\u00e9tantes,  personnes  suicidaires,  personnes  bless\u00e9es  \u00e0  secourir,  fugues  de \npersonnes vuln\u00e9rables, personnes d\u00e9sorient\u00e9es\u2026) sur l'ensemble du territoire de la C\u00f4te-d'Or ;\nCONSID\u00c9RANT que le secours \u00e0 personne implique par nature l'engagement de moyens cons\u00e9quents,  \nsans pr\u00e9avis, et \u00e0 toute heure du jour et de la nuit, tout particuli\u00e8rement lorsqu'un soutien m\u00e9dical  \nd'urgence est n\u00e9cessaire ;\nCONSID\u00c9RANT l'int\u00e9r\u00eat de disposer d'une vision en grand angle pour permettre la coordination des  \nmoyens, l'articulation des man\u0153uvres et le suivi de l'\u00e9v\u00e9nement, notamment au regard de la localisation  \ng\u00e9ographique et du relief escarp\u00e9 de certains secteurs du d\u00e9partement ;\nCONSID\u00c9RANT que dans ces circonstances, la captation, l'enregistrement et de transmission des images  \nau moyen d'une cam\u00e9ra install\u00e9e sur un a\u00e9ronef sera strictement limit\u00e9 \u00e0 la zone des recherches ;\nPr\u00e9fecture de la C\u00f4te-d'Or - 21-2025-12-08-00002 - Arr\u00eat\u00e9 pr\u00e9fectoral N\u00b01773\nautorisant la captation, l'enregistrement et la transmission d'images\nau moyen de cam\u00e9ras install\u00e9es sur des a\u00e9ronefs\n17\nCONSID\u00c9RANT  que le recours \u00e0 la captation, l'enregistrement et la transmission d'images fera l'objet  \nd'une information par plusieurs moyens adapt\u00e9s ; qu'outre la publication du pr\u00e9sent arr\u00eat\u00e9 au recueil des \nactes administratifs de la pr\u00e9fecture, ce dispositif fera l'objet d'une information du public gr\u00e2ce au logo  \nappos\u00e9 sur le v\u00e9hicule de la gendarmerie situ\u00e9 \u00e0 proximit\u00e9 imm\u00e9diate du t\u00e9l\u00e9pilote lors de son utilisation ;\nCONSID\u00c9RANT que la demande porte sur l'engagement de deux cam\u00e9ras a\u00e9roport\u00e9es pour le secours  \naux personnes sur le p\u00e9rim\u00e8tre du d\u00e9partement de la C\u00f4te-d'Or  ; qu'au regard des circonstances sus-  \nmentionn\u00e9es, la demande n'appara\u00eet pas disproportionn\u00e9e ;\nSUR proposition de madame la directrice de cabinet du pr\u00e9fet de la r\u00e9gion Bourgogne-Franche-Comt\u00e9,  \npr\u00e9fet de la C\u00f4te-d'Or,\nARR\u00caTE\nArticle 1er : La captation, l'enregistrement et la transmission d'images par le groupement de gendarmerie \nd\u00e9partementale de la C\u00f4te-d'Or, est autoris\u00e9e pour le seul secours aux personnes (notamment en cas de  \ndisparitions  inqui\u00e9tantes,  de  personnes  suicidaires,  de  personnes  bless\u00e9es  \u00e0  secourir,  de  fugues  de \npersonnes vuln\u00e9rables, de personnes d\u00e9sorient\u00e9es).\nArticle 2 : Le nombre maximal de cam\u00e9ras pouvant proc\u00e9der simultan\u00e9ment aux traitements mentionn\u00e9s \n\u00e0 l'article 1er est fix\u00e9 \u00e0 deux, install\u00e9es sur des a\u00e9ronefs dont les r\u00e9f\u00e9rences et immatriculations sont list\u00e9es \nci-dessous :\n- drone MAVIC 3T n\u00b01581F5FJ723CD00AZ0KG\n- h\u00e9licopt\u00e8re EC 135 n\u00b0797 immatricul\u00e9 FMJDI\nArticle 3  : La pr\u00e9sente autorisation est limit\u00e9e au p\u00e9rim\u00e8tre g\u00e9ographique du d\u00e9partement de la C\u00f4te-\nd'Or.\nArticle 4 : La pr\u00e9sente autorisation est d\u00e9livr\u00e9e pour une dur\u00e9e de trois mois, \u00e0 compter de la publication  \ndu pr\u00e9sent arr\u00eat\u00e9.\nArticle 5  : Le registre mentionn\u00e9 \u00e0 l'article L. 242-4 du code de la s\u00e9curit\u00e9 int\u00e9rieure est transmis au  \nrepr\u00e9sentant de l'\u00c9tat dans le d\u00e9partement \u00e0 l'issue de la p\u00e9riode d'utilisation.\nArticle 6  : Le pr\u00e9sent arr\u00eat\u00e9 est publi\u00e9 au recueil des actes administratifs de la pr\u00e9fecture et peut faire  \nl'objet d'un recours contentieux devant le tribunal administratif de Dijon dans un d\u00e9lai de deux mois \u00e0  \ncompter de sa publication.\nArticle 7  : La directrice de cabinet du pr\u00e9fet de la r\u00e9gion Bourgogne-Franche-Comt\u00e9, pr\u00e9fet de la C\u00f4te-\nd'Or,  le  secr\u00e9taire  g\u00e9n\u00e9ral  de  la  pr\u00e9fecture  de  la  C\u00f4te-d'Or  et  le  g\u00e9n\u00e9ral  commandant  la  r\u00e9gion  de \ngendarmerie  de  Bourgogne-Franche-Comt\u00e9,  commandant  le  groupement  de  gendarmerie  \nd\u00e9partementale de la C\u00f4te-d'Or sont charg\u00e9s, chacun en ce qui le concerne, de l'ex\u00e9cution du pr\u00e9sent  \narr\u00eat\u00e9 qui sera adress\u00e9 pour copie \u00e0 monsieur le procureur de la R\u00e9publique pr\u00e8s le tribunal judiciaire de  \nDijon.\nFait \u00e0 Dijon, le 08 d\u00e9cembre 2025\nLe pr\u00e9fet,\nPour le pr\u00e9fet et par d\u00e9l\u00e9gation,\nLa sous-pr\u00e9f\u00e8te, directrice de cabinet,\noriginal sign\u00e9\nAur\u00e9lie CONTRECIVILE\nPr\u00e9fecture de la C\u00f4te-d'Or - 21-2025-12-08-00002 - Arr\u00eat\u00e9 pr\u00e9fectoral N\u00b01773\nautorisant la captation, l'enregistrement et la transmission d'images\nau moyen de cam\u00e9ras install\u00e9es sur des a\u00e9ronefs\n18","date":"2025-12-09","first_seen_on":"2025-12-09T17:16:26+00:00","id":"a64f59a803230cd92a1c35ef87906014e9c51a7a62f610e0fb823aa935ef8efe","name":"RAA n\u00b0 175 du 09 d\u00e9cembre 2025","pdf_creation_date":"2025-12-09T15:12:19+00:00","pdf_modification_date":"2025-12-09T15:18:35+00:00","timezone":"Europe/Paris","url":"https://www.cote-dor.gouv.fr/contenu/telechargement/25148/192568/file/recueil-21-2025-175-recueil-des-actes-administratifs-special.pdf"}
