{"administration":"pref13","administration_name":"Pr\u00e9fecture des Bouches-du-Rh\u00f4ne","content":"=mPREFETDES BOUCHES-DU-RHONELibert\u00e9Egalit\u00e9Fraternit\u00e9\n  \nRECUEIL DES ACTES\nADMINISTRATIF SP\u00c9CIAL \nN\u00b013-2025-312 TER\n \nPUBLI\u00c9 21 OCTOBRE 2025\n\nSommaire\nArr\u00eat\u00e9 donnant d\u00e9l\u00e9gation de signature portant sur l'ensemble Du \nd\u00e9partement aux membres du corps pr\u00e9fectoral et administrateurs \nde l'\u00c9tat lors de leurs permanences et en fixant la p\u00e9riode \u2013 page 3\nPREFETDES BOUCHES-DU-RHONELibert\u00e9Egalit\u00e9Fraternit\u00e9\nSecr\u00e9tariat g\u00e9n\u00e9ral commun\n                                                     \nArr\u00eat\u00e9 donnant d\u00e9l\u00e9gation de signature portant sur l'ensemble Du d\u00e9partement aux \nmembres du corps pr\u00e9fectoral et administrateurs de l'\u00c9tat\nlors de leurs permanences et en fixant la p\u00e9riode\nLe pr\u00e9fet\nde la r\u00e9gion Provence-Alpes-C\u00f4te d'Azur,\npr\u00e9fet de la zone de d\u00e9fense et de s\u00e9curit\u00e9 sud,\npr\u00e9fet des Bouches-du-Rh\u00f4ne,\npr\u00e9fet de police des Bouches-du-Rh\u00f4ne,\nVu la loi n\u00b0 82-213 du 2 mars 1982 modifi\u00e9e relative aux droits et libert\u00e9s des communes,  \ndes d\u00e9partements et des r\u00e9gions\u00a0; \nVu le d\u00e9cret n\u00b0 95-486 du 27 avril 1995 relatif aux pouvoirs des sous-pr\u00e9fets\u00a0;\nVu le d\u00e9cret n\u00b0 2004-374 du 29 avril 2004 modifi\u00e9, relatif aux pouvoirs des pr\u00e9fets, \u00e0  \nl'organisation et \u00e0 l'action des services de l'Etat dans les r\u00e9gions et les d\u00e9partements ;\nVu  le  d\u00e9cret  n\u00b0  2012-1151  du  15  octobre  2012  relatif  \u00e0  l'organisation  et  \u00e0  l'action  des \nservices de l'\u00c9tat dans le d\u00e9partement des Bouches-du-Rh\u00f4ne\u00a0;\nVu l'arr\u00eat\u00e9 du premier ministre et du ministre de l'int\u00e9rieur du 28 f\u00e9vrier 2022 portant  \nnomination de monsieur Didier MAMIS, inspecteur g\u00e9n\u00e9ral de sant\u00e9 publique v\u00e9t\u00e9rinaire  \nde classe normale, en qualit\u00e9 de secr\u00e9taire g\u00e9n\u00e9ral pour les affaires r\u00e9gionales aupr\u00e8s du  \npr\u00e9fet de la r\u00e9gion Provence-Alpes-C\u00f4te d'Azur, pr\u00e9fet de la zone de d\u00e9fense et de s\u00e9curit\u00e9 \nsud, pr\u00e9fet des Bouches-du-Rh\u00f4ne\u00a0; \nVu le d\u00e9cret du pr\u00e9sident de la R\u00e9publique du 07 octobre 2022 portant nomination de  \nmadame Virginie AVEROUS, inspectrice de l'action sanitaire et sociale d\u00e9tach\u00e9e en qualit\u00e9  \nde sous-pr\u00e9f\u00e8te charg\u00e9e de mission aupr\u00e8s du pr\u00e9fet de la r\u00e9gion Provence-Alpes-C\u00f4te  \nd'Azur, pr\u00e9fet de la zone de d\u00e9fense et s\u00e9curit\u00e9 sud, pr\u00e9fet des Bouches-du-Rh\u00f4ne\u00a0;\nVu le d\u00e9cret du pr\u00e9sident de la R\u00e9publique du 25 octobre 2022 portant nomination de  \nmadame C\u00e9cile LENGLET en qualit\u00e9 de sous-pr\u00e9f\u00e8te d'Arles\u00a0;\nVu  le  d\u00e9cret  du  pr\u00e9sident  de  la  R\u00e9publique  du  21  juin  2023  portant  nomination  de  \nmonsieur Nicolas HAUPTMANN, sous-pr\u00e9fet, en qualit\u00e9 de directeur de cabinet du pr\u00e9fet  \n\nde la r\u00e9gion Provence-Alpes-C\u00f4te d'Azur, pr\u00e9fet de la zone de d\u00e9fense et de s\u00e9curit\u00e9 sud,  \npr\u00e9fet des Bouches-du-Rh\u00f4ne ;\nVu le d\u00e9cret du pr\u00e9sident de la R\u00e9publique du 13 septembre 2023 portant nomination de  \nmadame  Marie-Pervenche PLAZA , s ous-pr\u00e9f\u00e8te, en qualit\u00e9 de charg\u00e9e de mission aupr\u00e8s  \ndu pr\u00e9fet de la r\u00e9gion Provence-Alpes-C\u00f4te d'Azur, pr\u00e9fet de la zone de d\u00e9fense et de  \ns\u00e9curit\u00e9 sud, pr\u00e9fet des Bouches-du-Rh\u00f4ne ; \nVu  le  d\u00e9cret  du  pr\u00e9sident  de  la  R\u00e9publique  du  31  ao\u00fbt  2024  portant  nomination  de \nmonsieur Christophe BORGUS en qualit\u00e9 de sous-pr\u00e9fet d'Istres ;\nVu le d\u00e9cret du pr\u00e9sident de la R\u00e9publique du 23 octobre 2024 portant nomination de  \nmadame  Isabelle EPAILLARD  en qualit\u00e9 de pr\u00e9f\u00e8te d\u00e9l\u00e9gu\u00e9e pour l'\u00e9galit\u00e9 des chances  \naupr\u00e8s du pr\u00e9fet de la r\u00e9gion Provence-Alpes-C\u00f4te d'Azur, pr\u00e9fet de la zone de d\u00e9fense et  \nde s\u00e9curit\u00e9 Sud, pr\u00e9fet des Bouches-du-Rh\u00f4ne\u00a0;\nVu l'arr\u00eat\u00e9 pr\u00e9fectoral du 20 d\u00e9cembre 2024 portant organisation des directions, services  \net bureaux de la pr\u00e9fecture des Bouches-du-Rh\u00f4ne ;\nVu le d\u00e9cret du pr\u00e9sident de la R\u00e9publique du 3 janvier 2025 portant nomination de  \nmonsieur Georges-Fran\u00e7ois LECLERC en qualit\u00e9 de pr\u00e9fet de la r\u00e9gion Provence-Alpes-C\u00f4te \nd'Azur, pr\u00e9fet de la zone de d\u00e9fense et de s\u00e9curit\u00e9 Sud, pr\u00e9fet des Bouches-du-Rh\u00f4ne\u00a0;\nVu le d\u00e9cret du pr\u00e9sident de la R\u00e9publique du 31 janvier 2025 portant nomination de  \nmonsieur Fr\u00e9d\u00e9ric  POISOT  en  qualit\u00e9  de  sous-pr\u00e9fet  de  l'arrondissement  de  Marseille, \nsecr\u00e9taire g\u00e9n\u00e9ral de la pr\u00e9fecture des Bouches-du-Rh\u00f4ne\u00a0;\nVu le d\u00e9cret du pr\u00e9sident de la R\u00e9publique du 12 mars 2025 portant nomination de \nmonsieur Georges-Fran\u00e7ois LECLERC en qualit\u00e9 de pr\u00e9fet de police des Bouches-du-Rh\u00f4ne\u00a0;\nVu le d\u00e9cret du pr\u00e9sident de la R\u00e9publique du 17 juillet 2025 portant nomination de \nmadame Corinne SIMON en qualit\u00e9 de pr\u00e9f\u00e8te de police d\u00e9l\u00e9gu\u00e9e aupr\u00e8s du pr\u00e9fet des \nBouches-du-Rh\u00f4ne\u00a0; \nVu le d\u00e9cret du pr\u00e9sident de la R\u00e9publique en date du 31 juillet 2025 portant nomination  \nde madame Lola MENAHEM sous pr\u00e9f\u00e8te, en qualit\u00e9 de directrice de cabinet de la pr\u00e9f\u00e8te \nde police d\u00e9l\u00e9gu\u00e9e du pr\u00e9fet de police des Bouches-du-Rh\u00f4ne\u00a0;\nVu le d\u00e9cret du pr\u00e9sident de la R\u00e9publique du 26 ao\u00fbt 2025 portant nomination de  \nmonsieur Mathieu GATINEAU en qualit\u00e9 de sous-pr\u00e9fet d'Aix-en-Provence ; \nVu le d\u00e9cret du pr\u00e9sident de la R\u00e9publique du 23 septembre 2025 portant nomination de  \nmonsieur Pierre GILARDEAU, sous-pr\u00e9fet, en qualit\u00e9 de directeur de cabinet adjoint de la  \npr\u00e9f\u00e8te de police d\u00e9l\u00e9gu\u00e9e aupr\u00e8s du pr\u00e9fet de police des Bouches-du-Rh\u00f4ne\u00a0;\nSur proposition du secr\u00e9taire g\u00e9n\u00e9ral de la pr\u00e9fecture des Bouches-du-Rh\u00f4ne,\nA  R  R  E  T  E\nArticle 1\nIl est institu\u00e9, dans le d\u00e9partement des Bouches-du-Rh\u00f4ne, une permanence pr\u00e9fectorale  \ndont  le  tour,  arr\u00eat\u00e9,  par  d\u00e9l\u00e9gation,  par  monsieur Nicolas  HAUPTMANN,  directeur  de \ncabinet, d\u00e9bute \u00e0 compter de dix-huit  heures les vendredis et les veilles de jours f\u00e9ri\u00e9s et  \nprend fin le lundi ou le lendemain du jour f\u00e9ri\u00e9 \u00e0 huit heures.\nArticle 2\nLorsqu'ils assurent la permanence des services de la pr\u00e9fecture d\u00e9termin\u00e9e \u00e0 l'article 1,  \nd\u00e9l\u00e9gation de signature est donn\u00e9e \u00e0\u00a0:\n-  Monsieur Fr\u00e9d\u00e9ric POISOT , secr\u00e9taire g\u00e9n\u00e9ral de la pr\u00e9fecture des Bouches-du-Rh\u00f4ne,  \nsous-pr\u00e9fet de l'arrondissement de Marseille\u00a0;\n- Monsieur Mathieu GATINEAU, sous-pr\u00e9fet de l'arrondissement d'Aix-en-Provence\u00a0;\n- Monsieur Christophe BORGUS, sous-pr\u00e9fet de l'arrondissement d'Istres\u00a0;\n- Madame C\u00e9cile LENGLET, sous-pr\u00e9f\u00e8te de l'arrondissement d'Arles\u00a0;\n-  Monsieur Nicolas  HAUPTMANN , directeur de cabinet  du pr\u00e9fet de la r\u00e9gion Provence-\nAlpes-C\u00f4te d'Azur, pr\u00e9fet de la zone de d\u00e9fense et de s\u00e9curit\u00e9 sud, pr\u00e9fet des Bouches-du-\nRh\u00f4ne\u00a0;\n- Monsieur Didier MAMIS, secr\u00e9taire g\u00e9n\u00e9ral pour les affaires r\u00e9gionales aupr\u00e8s du pr\u00e9fet de \nla r\u00e9gion Provence-Alpes-C\u00f4te d'Azur, pr\u00e9fet de la zone de d\u00e9fense et de s\u00e9curit\u00e9 sud,  \npr\u00e9fet des Bouches-du-Rh\u00f4ne\u00a0;\n- Madame Marie-Pervenche PLAZA, sous-pr\u00e9f\u00e8te charg\u00e9e de mission aupr\u00e8s du pr\u00e9fet de la \nr\u00e9gion Provence-Alpes-C\u00f4te d'Azur, pr\u00e9fet de la zone de d\u00e9fense et de s\u00e9curit\u00e9 sud, pr\u00e9fet \ndes  Bouches-du-Rh\u00f4ne,  secr\u00e9taire  g\u00e9n\u00e9rale  adjointe  de  la  pr\u00e9fecture  des  Bouches-du-\nRh\u00f4ne\u00a0;\n- Madame Virginie AVEROUS, sous-pr\u00e9f\u00e8te charg\u00e9e de mission aupr\u00e8s du pr\u00e9fet de la r\u00e9gion \nProvence-Alpes-C\u00f4te d'Azur, pr\u00e9fet de la zone de d\u00e9fense et de s\u00e9curit\u00e9 sud, pr\u00e9fet des  \nBouches-du-Rh\u00f4ne\u00a0;\n- Madame  Lola MENAHEM , sous pr\u00e9f\u00e8te, directrice de cabinet  de la pr\u00e9f\u00e8te de police  \nd\u00e9l\u00e9gu\u00e9e aupr\u00e8s du pr\u00e9fet de police des Bouches-du-Rh\u00f4ne\u00a0;\n- Monsieur  Pierre GILARDEAU, sous pr\u00e9fet,  directeur de cabinet adjoint de la pr\u00e9f\u00e8te de  \npolice d\u00e9l\u00e9gu\u00e9e aupr\u00e8s du pr\u00e9fet de police des Bouches-du-Rh\u00f4ne\u00a0;\n\u00e0 l'effet de signer les d\u00e9cisions pr\u00e9fectorales suivantes pour l'ensemble du d\u00e9partement et \ntoutes mesures impos\u00e9es par l'urgence, \u00e0 savoir :\n- les arr\u00eat\u00e9s portant obligation de quitter le territoire fran\u00e7ais des \u00e9trangers en situation  \nirr\u00e9guli\u00e8re et d\u00e9cisions fixant le pays de renvoi\u00a0;\n- les arr\u00eat\u00e9s portant obligation de quitter et interdiction de retour sur le territoire fran\u00e7ais  \ndes \u00e9trangers en situation irr\u00e9guli\u00e8re et d\u00e9cisions fixant le pays de renvoi\u00a0;\n- les arr\u00eat\u00e9s de reconduite \u00e0 la fronti\u00e8re des \u00e9trangers en situation irr\u00e9guli\u00e8re et d\u00e9cisions  \nfixant le pays de renvoi\u00a0;\n- les d\u00e9cisions de r\u00e9tention administrative pour maintenir ces \u00e9trangers dans les locaux ne  \nrelevant pas de l'administration p\u00e9nitentiaire pendant le temps strictement n\u00e9cessaire \u00e0  \nleur d\u00e9part\u00a0;\n- les arr\u00eat\u00e9s d\u00e9cidant le maintien en r\u00e9tention administrative d'un \u00e9tranger en situation  \nirr\u00e9guli\u00e8re suite \u00e0 une demande d'asile ou une demande de titre pour motifs m\u00e9dicaux\u00a0;\n- les d\u00e9cisions de transfert entre centres de r\u00e9tention administrative d'un \u00e9tranger en  \nsituation irr\u00e9guli\u00e8re plac\u00e9 en r\u00e9tention\u00a0;\n- les arr\u00eat\u00e9s portant assignation \u00e0 r\u00e9sidence d'un \u00e9tranger en situation irr\u00e9guli\u00e8re dans  \nl'attente de son d\u00e9part\u00a0;\n- les  arr\u00eat\u00e9s  portant  interdiction  de  retour  sur  le  territoire  fran\u00e7ais  (d'un  \u00e9tranger  en  \nsituation irr\u00e9guli\u00e8re)\u00a0;\n- les saisines du juge des libert\u00e9s et de la d\u00e9tention aux fins de prolongation de la r\u00e9tention \nadministrative d'un \u00e9tranger\u00a0;\n- les m\u00e9moires adress\u00e9s aux juridictions administratives et judiciaires en vue d'assurer la  \nd\u00e9fense des d\u00e9cisions prises en mati\u00e8re d'\u00e9loignement et de r\u00e9tention administrative d'un  \n\u00e9tranger\u00a0;\n-  les  arr\u00eat\u00e9s,  d\u00e9cisions,  actes,  correspondances  et  documents  en  mati\u00e8re  de  soins  \npsychiatriques sur d\u00e9cision du repr\u00e9sentant de l'\u00c9tat, notamment la saisine du juge du  \ntribunal judiciaire aux fins de contr\u00f4les des mesures de soins sans consentement et la  \nsignature des m\u00e9moires produits dans le cadre des audiences du juge judiciaire en mati\u00e8re  \nde soins sans consentement\u00a0;\n- la  signature  des  oppositions  \u00e0  sortie  du  territoire  et  des  interdictions  de  sortie  du  \nterritoire\u00a0;\n-  tout  acte  et  arr\u00eat\u00e9  ayant  trait  \u00e0  la  s\u00e9curit\u00e9  et  l'ordre  public  \u00e0  port\u00e9e  locale  ou  \nd\u00e9partementale ;\nD\u00e9l\u00e9gation de signature est \u00e9galement accord\u00e9e pour la mise en demeure de quitter les  \nlieux en cas d'introduction et de maintien dans le domicile d'autrui et mise en demeure  \nd'\u00e9vacuation forc\u00e9e conform\u00e9ment \u00e0 l'article 38 de la loi du 5 mars 2007 instituant le  \nlogement opposable.\nCes arr\u00eat\u00e9s seront \u00e9galement sign\u00e9s par le sous-pr\u00e9fet de permanence de dix-huit heures  \n(18h00) \u00e0 huit heures (08h00) durant la semaine pr\u00e9c\u00e9dant sa permanence.\nArticle 3\nToutes les dispositions ant\u00e9rieures et contraires au pr\u00e9sent arr\u00eat\u00e9 sont abrog\u00e9es.\nArticle 4 \nLe secr\u00e9taire g\u00e9n\u00e9ral de la pr\u00e9fecture des Bouches-du-Rh\u00f4ne, le directeur de cabinet de la  \npr\u00e9fecture des Bouches-du-Rh\u00f4ne, les sous-pr\u00e9fets des arrondissements d'Aix-en-Provence \net d'Istres et d'Arles, la secr\u00e9taire g\u00e9n\u00e9rale adjointe de la pr\u00e9fecture des Bouches-du-\nRh\u00f4ne, la sous-pr\u00e9f\u00e8te charg\u00e9e de mission, le secr\u00e9taire g\u00e9n\u00e9ral pour les affaires r\u00e9gionales, \nla directrice de cabinet de la pr\u00e9f\u00e8te de police d\u00e9l\u00e9gu\u00e9e aupr\u00e8s du pr\u00e9fet de police des  \nBouches-du-Rh\u00f4ne et le directeur de cabinet adjoint de la pr\u00e9f\u00e8te de la police d\u00e9l\u00e9gu\u00e9e  \naupr\u00e8s  du  pr\u00e9fet  de  police  des  Bouches-du-Rh\u00f4ne  sont  charg\u00e9s,  chacun  en  ce  qui  le \nconcerne,  de  l'ex\u00e9cution  du  pr\u00e9sent  arr\u00eat\u00e9  qui  sera  publi\u00e9  au  recueil  des  actes  \nadministratifs de la pr\u00e9fecture des Bouches-du-Rh\u00f4ne.\nFait \u00e0 Marseille, le 21 octobre 2025\nPour le pr\u00e9fet et par d\u00e9l\u00e9gation,\nla pr\u00e9f\u00e8te d\u00e9l\u00e9gu\u00e9e \u00e0 l'\u00e9galit\u00e9 des chances\n      SIGN\u00c9\n    \n Isabelle EPAILLARD","date":"2025-10-21","first_seen_on":"2025-10-21T20:09:41+00:00","id":"a67ab84234edfd917ec656a665198e3be207c5eb8891a9db62bc4d12e7eb7f80","name":"recueil-13-2025-312-TER-recueil-des-actes-administratifs-special-du-21-octobre-2025","pdf_creation_date":"2025-10-21T18:12:27+00:00","pdf_modification_date":null,"timezone":"Europe/Paris","url":"https://www.bouches-du-rhone.gouv.fr/contenu/telechargement/61795/435515/file/recueil-13-2025-312-TER-recueil-des-actes-administratifs-special-du-21-octobre-2025.pdf"}
