{"administration":"prefidf","administration_name":"Pr\u00e9fecture de la r\u00e9gion \u00cele-de-France","content":"PREFECTURE\nREGION ILE DE\nFRANCE\nRECUEIL DES ACTES\nADMINISTRATIFS SP\u00c9CIAL\nN\u00b0IDF-041-2025-04\nPUBLI\u00c9 LE 16 AVRIL 2025\nSommaire\nDirection r\u00e9gionale et interd\u00e9partementale de l'\u00e9conomie, de l'emploi,\ndu travail et des solidarit\u00e9s d'\u00cele-de-France / secr\u00e9tariat de direction\nIDF-2025-04-16-00003 - D\u00e9cision n\u00b0 2025-079 du 16 avril 2025 portant \nsubd\u00e9l\u00e9gation de signature de Monsieur Marc Rohfritsch, directeur\nr\u00e9gional et interd\u00e9partemental de l'\u00e9conomie, de l'emploi, du\ntravail et des solidarit\u00e9s d'\u00cele-de-France par int\u00e9rim, aux agents de\nl'unit\u00e9 r\u00e9gionale (8 pages) Page 3\nIDF-2025-04-16-00004 - D\u00e9cision n\u00b0 2025-080 du 16 avril 2025 portant\nsubd\u00e9l\u00e9gation de signature de Monsieur Marc Rohfritsch, Directeur\nr\u00e9gional et interd\u00e9partemental de l'\u00c9conomie, de l'Emploi, du\nTravail et des Solidarit\u00e9s d'\u00cele-de-France par int\u00e9rim (4 pages) Page 12\n2\nDirection r\u00e9gionale et interd\u00e9partementale de\nl'\u00e9conomie, de l'emploi, du travail et des\nsolidarit\u00e9s d'\u00cele-de-France\nIDF-2025-04-16-00003\nD\u00e9cision n\u00b0 2025-079 du 16 avril 2025 portant \nsubd\u00e9l\u00e9gation de signature de Monsieur Marc\nRohfritsch, directeur r\u00e9gional et\ninterd\u00e9partemental de l'\u00e9conomie, de l'emploi,\ndu travail et des solidarit\u00e9s d'\u00cele-de-France par\nint\u00e9rim, aux agents de l'unit\u00e9 r\u00e9gionale\nDirection r\u00e9gionale et interd\u00e9partementale de l'\u00e9conomie, de l'emploi, du travail et des solidarit\u00e9s d'\u00cele-de-France -\nIDF-2025-04-16-00003 - D\u00e9cision n\u00b0 2025-079 du 16 avril 2025 portant  subd\u00e9l\u00e9gation de signature de Monsieur Marc Rohfritsch,\ndirecteur r\u00e9gional et interd\u00e9partemental de l'\u00e9conomie, de l'emploi, du travail et des solidarit\u00e9s d'\u00cele-de-France par int\u00e9rim, aux\nagents de l'unit\u00e9 r\u00e9gionale\n3\n=mPREFETDE PARISLibert\u00e9Egalit\u00e9Fraternit\u00e9\nPR\u00c9FETDES HAUTS-DE-SEINELibert\u00e9\u00c9galit\u00e9Fraternit\u00e9\nExPREFETDE SEINE-ET-MARNELibert\u00e9Egalit\u00e9Fraternit\u00e9\nPR\u00c9FETDE LA SEINE-SAINT-DENISLibert\u00e9Egalit\u00e9Fraternit\u00e9\nPR\u00c9FETDES YVELINESLibert\u00e9\u00c9galit\u00e9{raternit\u00e9\niPREFETDU VAL-DE-MARNELibert\u00e9Egalit\u00e9Fraternit\u00e9\nPREFETDE L'ESSONNELibert\u00e9Egalit\u00e9Fraternit\u00e9\n| HPR\u00c9FETDU VAL-D'OISELibert\u00e9Egalit\u00e9Fraternit\u00e9\n \nDRIEETS Ile de France  \n21 rue Madeleine Vionnet  \n93 300 AUBERVILLIERS \n \n \n \n \n \n \n \n \n \n \n \n \nDirection r\u00e9gionale et interd\u00e9partementale \nde l'\u00e9conomie, de l'emploi, \ndu travail et des solidarit\u00e9s  \n \n \n             \nD\u00c9CISION n\u00b0 2025-079 du 16 avril 2025 \n \nPortant subd\u00e9l\u00e9gation de signature de Monsieur Marc Rohfritsch, directeur r\u00e9gional et \ninterd\u00e9partemental de l'\u00e9conomie, de l'emploi, du travail et des solidarit\u00e9s d'\u00cele -de-France \npar int\u00e9rim, aux agents de l'unit\u00e9 r\u00e9gionale \n \n \nVu le code du commerce ;  \n \nVu le code de la consommation ; \n \nVu le code de la sant\u00e9 publique ; \n \nVu le code du tourisme ; \n \nVu le code du travail ; \n \nVu la loi n\u00b0 82 -213 du 2 mars 1982 relative aux droits et libert\u00e9s des communes, des \nd\u00e9partements et des r\u00e9gions, modifi\u00e9e ; \n \nVu la loi d'orientation n\u00b0 92 -125 du 6 f\u00e9vrier 1992 modifi\u00e9e relative \u00e0 l'administration \nterritoriale de la R\u00e9publique, notamment ses articles 4 et 6 ;  \n \nVu le d\u00e9cret n\u00b0 97 -34 du 15 janvier 1997 relatif \u00e0 la d\u00e9concentration des d\u00e9cisions \nadministratives individuelles ;  \n \nVu le d\u00e9cret n\u00b02001-387 du 3 mai 2001 relatif au contr\u00f4le des instruments de mesure ;  \n \nDirection r\u00e9gionale et interd\u00e9partementale de l'\u00e9conomie, de l'emploi, du travail et des solidarit\u00e9s d'\u00cele-de-France -\nIDF-2025-04-16-00003 - D\u00e9cision n\u00b0 2025-079 du 16 avril 2025 portant  subd\u00e9l\u00e9gation de signature de Monsieur Marc Rohfritsch,\ndirecteur r\u00e9gional et interd\u00e9partemental de l'\u00e9conomie, de l'emploi, du travail et des solidarit\u00e9s d'\u00cele-de-France par int\u00e9rim, aux\nagents de l'unit\u00e9 r\u00e9gionale\n4\n2 / 8 \nVu le d\u00e9cret n\u00b0 2004 -374 du 29 avril 2004 modifi\u00e9 relatif aux pouvoirs des pr\u00e9fets, \u00e0 \nl'organisation et \u00e0 l'action des services de l'\u00c9tat dans les r\u00e9gions et d\u00e9partements ; \n \nVu le d\u00e9cret n\u00b0 2009-360 du 31 mars 2009 relatif aux emplois de direction de l'administration \nterritoriale de l'\u00c9tat ; \n \nVu le d\u00e9cret n\u00b02010-146 du 16 f\u00e9vrier 2010 modifiant le d\u00e9cret n\u00b0 2004 -374 du 29 avril 2004 \nrelatif aux pouvoirs des pr\u00e9fets, \u00e0 l'organisation et \u00e0 l'action des services de l' \u00c9tat dans les \nr\u00e9gions et d\u00e9partements ; \n \nVu le d\u00e9cret n\u00b0 2010-687 du 24 juin 2010 relatif \u00e0 l'organisation et \u00e0 l'action des services de \nl'\u00e9tat dans la r\u00e9gion et les d\u00e9partements d'Ile de France ; \n \nVu le d\u00e9cret n\u00b02015 -1689 du 17 d\u00e9cembre 2015 portant diverses mesures d'organisation et \nde fonctionnement dans les r\u00e9gions de l'administration territoriale de l' \u00c9tat et de \ncommissions administratives ; \n \nVu le d\u00e9cret n\u00b0 2020 -1545 du 9 d\u00e9cembre 2020 relatif \u00e0 l'organisation et aux missions des \ndirections r\u00e9gionales de l'\u00e9conomie, de l'emploi, du travail et des solidarit\u00e9s, des directions \nd\u00e9partementales de l'emploi, du travail et des solidarit\u00e9s et des directions d\u00e9partementales \nde l'emploi, du travail, des solidarit\u00e9s et de la protection des populations ;  \n \nVu le d\u00e9cret du 22 juillet 2020 portant nomination de Monsieur Marc GUILLAUME en qualit\u00e9 \nde pr\u00e9fet de la r\u00e9gion d'Ile-de-France, pr\u00e9fet de Paris ; \n \nVu le d\u00e9cret du 6 septembre 2023 portant nomination de Monsieur Pierre ORY en qualit\u00e9 \nde pr\u00e9fet de Seine-et-Marne ; \n \nVu le d\u00e9cret du 7 f\u00e9vrier 2024 portant nomination de Monsieur Fr\u00e9d\u00e9ric ROSE en qualit\u00e9 de \npr\u00e9fet des Yvelines ; \n \nVu le d\u00e9cret du 7 f\u00e9vrier 2024 portant nomination de Madame Fr\u00e9d\u00e9rique CAMILLERI en \nqualit\u00e9 de pr\u00e9f\u00e8te de l'Essonne ; \n \nVu le d\u00e9cret du 31 octobre 2024  portant nomination de Monsieur Alexandre BRUG\u00c8RE en \nqualit\u00e9 de pr\u00e9fet des Hauts-de-Seine ; \n \nVu le d\u00e9cret du 6 novembre 2024 portant nomination de  Monsieur Julien CHARLES en \nqualit\u00e9 de pr\u00e9fet de la Seine-Saint-Denis ; \n \nVu le d\u00e9cret du 6 novembre 2024 portant nomination de Monsieur \u00c9tienne STOSKOPF en \nqualit\u00e9 de pr\u00e9fet du Val-de-Marne ; \n \nVu le d\u00e9cret du 9 mars 2022 portant nomination de Monsieur Philippe COURT en qualit\u00e9 de \npr\u00e9fet du Val-d'Oise ; \n \nVu l'arr\u00eat\u00e9 interminist\u00e9riel du 29 mars 2021 nommant Madame Murielle LIZZI directeur \nr\u00e9gional et interd\u00e9partemental adjoint  de l'\u00e9conomie, de l'emploi, du  travail et des \nsolidarit\u00e9s d'\u00cele -de-France, charg\u00e9  des fonctions de responsable du p\u00f4le concurrence \nconsommation r\u00e9pression des fraudes et m\u00e9trologie ;  \n \nVu l'arr\u00eat\u00e9 interminist\u00e9riel du 24 mai 2023 nommant Monsieur Alexandre MARTINET \ndirecteur r\u00e9gional et interd\u00e9partemental adjoint de l'\u00e9conomie, de l'emploi, du travail et \ndes solidarit\u00e9s d'\u00cele-de-France, charg\u00e9 des fonctions de directeur r\u00e9gional d\u00e9l\u00e9gu\u00e9 ; \n \nVu l'arr\u00eat\u00e9 interminist\u00e9riel du 29 ao\u00fbt 2023  nommant Monsieur Erwan SAMYN  directeur \nr\u00e9gional et interd\u00e9partemental adjoint de l'\u00e9conomie, de l'emploi, du travail et des \nsolidarit\u00e9s d'\u00cele -de-France, charg\u00e9 des fonctions d'adjoint au responsable du p\u00f4le \nentreprises, emploi et solidarit\u00e9s ; \n \nDirection r\u00e9gionale et interd\u00e9partementale de l'\u00e9conomie, de l'emploi, du travail et des solidarit\u00e9s d'\u00cele-de-France -\nIDF-2025-04-16-00003 - D\u00e9cision n\u00b0 2025-079 du 16 avril 2025 portant  subd\u00e9l\u00e9gation de signature de Monsieur Marc Rohfritsch,\ndirecteur r\u00e9gional et interd\u00e9partemental de l'\u00e9conomie, de l'emploi, du travail et des solidarit\u00e9s d'\u00cele-de-France par int\u00e9rim, aux\nagents de l'unit\u00e9 r\u00e9gionale\n5\n3 / 8 \nVu l'arr\u00eat\u00e9 interminist\u00e9riel du 14 f\u00e9vrier 2025 nommant  Monsieur Jean-Fran\u00e7ois DALVAI \ndirecteur r\u00e9gional et interd\u00e9partemental adjoint de l'\u00e9conomie, de l'emploi, du travail et \ndes solidarit\u00e9s d'\u00cele -de-France, charg\u00e9 des fonctions de responsable du p\u00f4le politique du \ntravail ; \n \nVu l'arr\u00eat\u00e9 interminist\u00e9riel du 20 mars 2025 nommant Marc ROHFRITSCH directeur r\u00e9gional \net interd\u00e9partemental de l'\u00e9conomie, de l'emploi, du travail et des solidarit\u00e9s d'\u00cele-de-France \npar int\u00e9rim \u00e0 compter du 1er avril 2025, \n \nVu l'arr\u00eat\u00e9 pr\u00e9fectoral n\u00b0 75-2025-04-04-00005 du 4 avril 2025 par lequel le pr\u00e9fet de Paris \nd\u00e9l\u00e8gue sa signature Marc ROHFRITSCH, directeur r\u00e9gional et interd\u00e9partemental de \nl'\u00e9conomie, de l'emploi, du travail et des solidarit\u00e9s d'\u00cele-de-France par int\u00e9rim ; \n \nVu l'arr\u00eat\u00e9 pr\u00e9fectoral n\u00b0 n\u00b025/DCSE/1 du 2 avril 2025 par lequel le pr\u00e9fet de Seine-et-Marne \nd\u00e9l\u00e8gue sa signature \u00e0 Marc ROHFRITSCH, directeur r\u00e9gional et interd\u00e9partemental de \nl'\u00e9conomie, de l'emploi, du travail et des solidarit\u00e9s d'\u00cele-de-France par int\u00e9rim ; \n \nVu l'arr\u00eat\u00e9 pr\u00e9fectoral n\u00b0 78 -2025-04-10-00002 du 10 avril 2025 par lequel le Pr\u00e9fet des \nYvelines d\u00e9l\u00e8gue sa signature \u00e0 Monsieur Marc ROHFRITSCH, directeur r\u00e9gional et \ninterd\u00e9partemental de l'\u00e9conomie, de l'emploi, du travail et des solidarit\u00e9s d'\u00cele -de-France \npar int\u00e9rim ; \n \nVu l'arr\u00eat\u00e9 pr\u00e9fectoral n\u00b0 n\u00b02025-PREF-DCPPAT-BCA-050 du 3 avril  par lequel la pr\u00e9f\u00e8te de \nl'Essonne d\u00e9l\u00e8gue sa signature \u00e0 Marc ROHFRITSCH, directeur r\u00e9gional et \ninterd\u00e9partemental de l'\u00e9conomie, de l'emploi, du travail et des solidarit\u00e9s d'\u00cele -de-France \npar int\u00e9rim ; \n \nVu l'arr\u00eat\u00e9 pr\u00e9fectoral n\u00b0 2025-10 du 31 mars 2025 par lequel le pr\u00e9fet des Hauts-de-Seine \nd\u00e9l\u00e8gue sa signature \u00e0 Marc ROHFRITSCH, directeur r\u00e9gional et interd\u00e9partemental de \nl'\u00e9conomie, de l'emploi, du travail et des solidarit\u00e9s d'\u00cele-de-France par int\u00e9rim ; \n \nVu l'arr\u00eat\u00e9 pr\u00e9fectoral n\u00b0 2025-1367 du 02 avril 2025 par lequel le pr\u00e9fet de la Seine-Saint-\nDenis, d\u00e9l\u00e8gue sa signature \u00e0 Marc ROHFRITSCH, directeur r\u00e9gional et interd\u00e9partemental \nde l'\u00e9conomie, de l'emploi, du travail et des solidarit\u00e9s d'\u00cele-de-France par int\u00e9rim ; \n \nVu l'arr\u00eat\u00e9 pr\u00e9fectoral n\u00b0 2025/01311 du 02 avril 2025 par lequel le pr\u00e9fet du Val -de-Marne \nd\u00e9l\u00e8gue sa signature \u00e0 Marc ROHFRITSCH, directeur r\u00e9gional et interd\u00e9partemental de \nl'\u00e9conomie, de l'emploi, du travail et des solidarit\u00e9s d'\u00cele-de-France par int\u00e9rim ; \n \nVu l'arr\u00eat\u00e9 pr\u00e9fectoral n\u00b0 25-037 du 08 avril 2025 par lequel le Pr\u00e9fet du Val d'Oise d\u00e9l\u00e8gue \nsa signature \u00e0 Monsieur Marc ROHFRITSCH , directeur r\u00e9gional et interd\u00e9partemental de \nl'\u00e9conomie, de l'emploi, du travail et des solidarit\u00e9s d'\u00cele-de-France par int\u00e9rim ; \n \n \nD\u00e9cide \n \n \nArticle 1er \n \nSubd\u00e9l\u00e9gation de signature est donn\u00e9e \u00e0 Jean-Fran\u00e7ois DALVAI, responsable du P\u00f4le Politique du \ntravail, \u00e0 effet de signer, les d\u00e9cisions, actes administratifs et correspondances relatives aux \nd\u00e9rogations au repos dominical  dont l'attribution a \u00e9t\u00e9 confi\u00e9e \u00e0 Marc ROHFRITSCH, directeur \nr\u00e9gional et interd\u00e9partemental de l'\u00e9conomie, de l'emploi, du travail et des solidarit\u00e9s d'\u00cele -de-\nFrance par le pr\u00e9fet de Seine -et-Marne, le pr\u00e9fet des Yvelines,  l a pr\u00e9f\u00e8te de l'Essonne, le pr\u00e9fet \nde la Seine-Saint-Denis, la pr\u00e9f\u00e8te du Val-de-Marne, le pr\u00e9fet du Val d'Oise : \n \nDirection r\u00e9gionale et interd\u00e9partementale de l'\u00e9conomie, de l'emploi, du travail et des solidarit\u00e9s d'\u00cele-de-France -\nIDF-2025-04-16-00003 - D\u00e9cision n\u00b0 2025-079 du 16 avril 2025 portant  subd\u00e9l\u00e9gation de signature de Monsieur Marc Rohfritsch,\ndirecteur r\u00e9gional et interd\u00e9partemental de l'\u00e9conomie, de l'emploi, du travail et des solidarit\u00e9s d'\u00cele-de-France par int\u00e9rim, aux\nagents de l'unit\u00e9 r\u00e9gionale\n6\n4 / 8 \nRepos \ndominical \nD\u00e9rogation au repos dominical Articles \nL.3132-20 et L. \n3132-21 du \ncode du travail  \n \n \nSubd\u00e9l\u00e9gation est \u00e9galement donn\u00e9e \u00e0 Jean-Fran\u00e7ois DALVAI \u00e0 effet de signer les m\u00e9moires en \nd\u00e9fense produits devant les juridictions administratives dans le cadre de proc\u00e9dures \ncontentieuses \u00e0 l'encontre des d\u00e9cisions mentionn\u00e9es ci-dessus. \n \nCette subd\u00e9l\u00e9gation se limite aux chantiers situ\u00e9s dans les d\u00e9partements cit\u00e9s ci -dessus relevant \nde la comp\u00e9tence de l'unit\u00e9 r\u00e9gionale d'appui et de contr\u00f4le des grands chantiers. \n \nEn cas d'absence ou d'emp\u00eachement de Jean-Fran\u00e7ois DALVAI, subd\u00e9l\u00e9gation de signature est \ndonn\u00e9e Dominique-Anne MICHEL, \u00e0 Val\u00e9rie VICENS et \u00e0 Thierry DAB\u00c9E afin de signer les d\u00e9cisions \net les m\u00e9moires en d\u00e9fense mentionn\u00e9s ci-dessus. \n \nArticle 2 \n \nSubd\u00e9l\u00e9gation de signature est donn\u00e9e \u00e0 Erwan SAMYN, en qualit\u00e9 de responsable adjoint du p\u00f4le \nEES de la DRIEETS d'Ile -de-France, \u00e0 effet de signer les d\u00e9cisions, actes administratifs et \ncorrespondances relatifs aux demandes d'activit\u00e9 partielle dont l'attribution a \u00e9t\u00e9 confi\u00e9e \u00e0 Marc \nROHFRITSCH, par le pr\u00e9fet de la r\u00e9gion d'\u00cele -de-France, pr\u00e9fet de Paris,  le pr\u00e9fet de Seine -et-\nMarne, le pr\u00e9fet des Yvelines,  l a pr\u00e9f\u00e8te de l'Essonne,  le pr\u00e9fet des Hauts -de-Seine, le pr\u00e9fet de \nla Seine-Saint-Denis, le pr\u00e9fet du Val-de-Marne, le pr\u00e9fet du Val d'Oise : \n \nActivit\u00e9 partielle  de \ndroit commun \nD\u00e9cisions relatives au placement en activit\u00e9 \npartielle et \u00e0 son indemnisation. M\u00e9moires en \nd\u00e9fense relatifs \u00e0 l'activit\u00e9 partielle de droit \ncommun. \nArt. L.5122 -1 et 2, \nR.5122-1 \u00e0 29  \n \nSubd\u00e9l\u00e9gation de signature est  \u00e9galement donn\u00e9e \u00e0 Erwan SAMYN, en qualit\u00e9 de responsable \nadjoint du p\u00f4le EES de la DRIEETS d'Ile -de-France, \u00e0 effet de signer les d\u00e9cisions, actes \nadministratifs et correspondances relatifs aux demandes d'activit\u00e9 partielle  dont l'attribution a \n\u00e9t\u00e9 confi\u00e9e \u00e0 Marc ROHFRITSCH  par le pr\u00e9fet de la r\u00e9gion d'\u00cele -de-France, pr\u00e9fet de Paris,  le \npr\u00e9fet des Hauts-de-Seine, le pr\u00e9fet de la Seine-Saint-Denis, le pr\u00e9fet du Val-de-Marne : \n \nActivit\u00e9 partielle de \nlongue dur\u00e9e \nD\u00e9cision de validation ou de refus de validation \ndes accords collectifs d'activit\u00e9 partielle de \nlongue dur\u00e9e, d\u00e9cision d'homologation ou de \nrefus d'homologation des documents unilat\u00e9raux \nd'activit\u00e9 partielle de longue dur\u00e9e [\u00e0 l'exclusion \ndes \u00e9tablissement s dont le si\u00e8ge est en Seine -\nSaint-Denis et dont l'effectif concern\u00e9 par \nl'accord est \u00e9gal ou sup\u00e9rieur \u00e0 250 (deux -cent-\ncinquante) salari\u00e9s] ; \n \nD\u00e9cision d'autorisation de renouvellement ou de \nrefus de renouvellement de la d\u00e9cision de \nvalidation de l'accord ou d'homologation du \ndocument d'activit\u00e9 partielle de longue dur\u00e9e. \n  \nD\u00e9cision de retrait d'autorisation de placement \nen activit\u00e9 partielle de longue dur\u00e9e ; \nArticle 53 de la loi \nn\u00b02020-734 du 17 \njuin 2020 relative \u00e0 \ndiverses dispositions \nli\u00e9es \u00e0 la crise \nsanitaire, \u00e0 d'autres \nmesures urgentes \nainsi qu'au retrait du \nRoyaume-Uni de \nl'Union europ\u00e9enne ; \n  \nArticles 2 et 5 du \nd\u00e9cret n\u00b02020 -926 \ndu 28 juillet 2020 \nrelatif au dispositif \nsp\u00e9cifique d'activit\u00e9 \npartielle en cas de \nDirection r\u00e9gionale et interd\u00e9partementale de l'\u00e9conomie, de l'emploi, du travail et des solidarit\u00e9s d'\u00cele-de-France -\nIDF-2025-04-16-00003 - D\u00e9cision n\u00b0 2025-079 du 16 avril 2025 portant  subd\u00e9l\u00e9gation de signature de Monsieur Marc Rohfritsch,\ndirecteur r\u00e9gional et interd\u00e9partemental de l'\u00e9conomie, de l'emploi, du travail et des solidarit\u00e9s d'\u00cele-de-France par int\u00e9rim, aux\nagents de l'unit\u00e9 r\u00e9gionale\n7\n5 / 8 \n \nM\u00e9moires en d\u00e9fense relatifs \u00e0 l'activit\u00e9 partielle \nde longue dur\u00e9e. \nr\u00e9duction d'activit\u00e9 \ndurable ; \n \nArticle R. 5122 -4 du \ncode du travail ; \n \nEn cas d'absence ou d'emp\u00eachement de Marc ROHFRITSCH et de Erwan SAMYN , subd\u00e9l\u00e9gation \nde signature est donn\u00e9e \u00e0 Manon NGUYEN VAN MAI , Cl\u00e9ment MAYOT, Marie-Pierre ITURRIOZ, \nMohammed EL KAHODI, Florenta POTHORA et Abdel-Malik BENLAZAR ; \n \nSubd\u00e9l\u00e9gation est \u00e9galement donn\u00e9e Erwan SAMYN \u00e0 effet de signer les m\u00e9moires en d\u00e9fense \nproduits devant les juridictions administratives dans le cadre de proc\u00e9dures contentieuses \u00e0 \nl'encontre des d\u00e9cisions mentionn\u00e9es ci-dessus. \n \n \nArticle 3 \n \nSubd\u00e9l\u00e9gation de signature est donn\u00e9e \u00e0 Murielle LIZZI, directrice r\u00e9gionale adjointe, responsable \ndu P\u00f4le concurrence, consommation, r\u00e9pression des fraudes et m\u00e9trologie ( P\u00f4le C), \u00e0 l'effet de \nsigner, les d\u00e9cisions, actes administratifs et correspondances concernant les attributions de la \ndirection r\u00e9gionale et interd\u00e9partementale de l'\u00e9conomie, de l'emploi, du travail et des solidarit\u00e9s \nd'\u00cele-de-France (DRIEETS) dont l'attribution a \u00e9t\u00e9 confi\u00e9e \u00e0 Marc ROHFRITSCH par le pr\u00e9fet de la \nr\u00e9gion d'\u00cele -de-France, pr\u00e9fet de Paris,  le pr\u00e9fet de Seine et Marne, le pr\u00e9fet des Yvelines,  l a \npr\u00e9f\u00e8te de l'Essonne,  le pr\u00e9fet des Hauts-de-Seine, le pr\u00e9fet de la Seine-Saint-Denis, la pr\u00e9f\u00e8te du \nVal de Marne, le pr\u00e9fet du Val d'Oise. \n \nM\u00e9trologie L\u00e9gale Attribution, refus d'attribution  ou retrait de \nmarque d'identification aux fabricants, \nr\u00e9parateurs et installateurs d'instruments de \nmesure et aux organismes agr\u00e9\u00e9s ou d\u00e9sign\u00e9s \nArr\u00eat\u00e9 du 31/12/01 \narticle 45 \nM\u00e9trologie L\u00e9gale Approbation, suspension ou retrait \nd'approbation des syst\u00e8mes d'assurance de la \nqualit\u00e9 des fabricants, r\u00e9parateurs et installateurs \ndes instruments de mesure (en cas d'absence \nd'organisme d\u00e9sign\u00e9) \nArticles 18 et 23 \nd\u00e9cret 2001 -387 du \n03/05/01 \nM\u00e9trologie L\u00e9gale Injonction aux installateurs d'instruments de \nmesure \nArticle 26 d\u00e9cret \n2001-387 du \n03/05/01 \nM\u00e9trologie L\u00e9gale D\u00e9rogation aux dispositions r\u00e9glementaires \nnormalement applicables aux instruments de \nmesure \nD\u00e9cret n\u00b02001-387 \ndu 3 mai 2001 \nmodifi\u00e9 (article 41) \nM\u00e9trologie L\u00e9gale Am\u00e9nagement aux dispositions de v\u00e9rification de \nmoyens d'essais \nArticle 5 d\u00e9cret du \n03/05/01 et article 3 \narr\u00eat\u00e9 du 31/12/01 \nM\u00e9trologie L\u00e9gale Invitation d'un op\u00e9rateur \u00e9conomique \u00e0 mettre \nun terme \u00e0 une non-conformit\u00e9 constat\u00e9e ; ordre \nde remise en conformit\u00e9, de rappel ou de retrait \ndu march\u00e9 d'un instrument de mesure non \nconforme ; interdiction ou restriction de mise sur \nle march\u00e9, de mise en service ou d'utilisation d'un \ninstrument de mesure non conforme \nArticle 5 -20 du \nd\u00e9cret du 3 mai 2001 \nDirection r\u00e9gionale et interd\u00e9partementale de l'\u00e9conomie, de l'emploi, du travail et des solidarit\u00e9s d'\u00cele-de-France -\nIDF-2025-04-16-00003 - D\u00e9cision n\u00b0 2025-079 du 16 avril 2025 portant  subd\u00e9l\u00e9gation de signature de Monsieur Marc Rohfritsch,\ndirecteur r\u00e9gional et interd\u00e9partemental de l'\u00e9conomie, de l'emploi, du travail et des solidarit\u00e9s d'\u00cele-de-France par int\u00e9rim, aux\nagents de l'unit\u00e9 r\u00e9gionale\n8\n6 / 8 \nM\u00e9trologie L\u00e9gale D\u00e9livrance de certificat d'examen de type en \nl'absence d'organisme d\u00e9sign\u00e9. \nArticles 7 et 8 du \nd\u00e9cret du 3 mai 2001 \nM\u00e9trologie L\u00e9gale Autorisation de mise en service d'un nombre \nlimit\u00e9 d'instruments d'un type pour lequel une \ndemande d'examen de type a \u00e9t\u00e9 pr\u00e9sent\u00e9e. \nArticle 12 du d\u00e9cret \ndu 3 mai 2001 \nM\u00e9trologie L\u00e9gale Injonction au titulaire d'un certificat d'examen de \ntype de porter rem\u00e8de aux d\u00e9fauts constat\u00e9s et \nde demander un nouvel examen de type ; \nsuspension du b\u00e9n\u00e9fice de la marque d'examen \nde type et suspension de la mise sur le march\u00e9 \ndes instruments du type pr \u00e9sentant des d\u00e9fauts. \nMise en demeure d'un b\u00e9n\u00e9ficiaire de certificat \nd'examen de type de rem\u00e9dier aux d\u00e9fauts \nconstat\u00e9s sur les instruments en service ; \ninterdiction d'utilisation des instruments restant \nd\u00e9fectueux. \nArticle 13 du d\u00e9cret \ndu 3 mai 2001 \nM\u00e9trologie L\u00e9gale Suspension de la v\u00e9rification primitive et de la \nmise sur le march\u00e9 des instruments d'un mod\u00e8le \ndonn\u00e9. \nArticle 21 du d\u00e9cret \ndu 3 mai 2001 \nM\u00e9trologie L\u00e9gale Suspension de la mise sur le march\u00e9 et de la mise \nen service d'instruments pr\u00e9sentant \u00e0 l'usage un \nd\u00e9faut qui les rend impropres \u00e0 leur destination \n(instruments ayant fait l'objet d'une approbation \nCEE de mod\u00e8le) \nIV de l'article 10 du \nd\u00e9cret du 4 ao\u00fbt \n1973 \nM\u00e9trologie L\u00e9gale D\u00e9signation d'organismes et retrait de \nd\u00e9signation d'organismes d\u00e9sign\u00e9s. \nArticle 36  \ndu d\u00e9cret du 3 mai \n2001 \nM\u00e9trologie L\u00e9gale D\u00e9signation d'organismes pour l'approbation \nCEE de mod\u00e8le et pour la v\u00e9rification primitive \nCEE \nArticle 1 de l'arr\u00eat\u00e9 \ndu 8 novembre 1973 \nM\u00e9trologie L\u00e9gale D\u00e9cision d'agr\u00e9ment, suspension ou retrait \nd'agr\u00e9ment, mise en demeure des organismes \nagr\u00e9\u00e9s. \nArticles 37 et 39  \ndu d\u00e9cret du 3 mai \n2001 \nArticles 40 et 43  \nde l'arr\u00eat\u00e9 du 31 \nd\u00e9cembre 2001  \nArr\u00eat\u00e9s du \n01/10/1981, du \n14/09/1981 et du \n07/07/2004 \nM\u00e9trologie L\u00e9gale Am\u00e9nagement ou retrait des dispenses de \nv\u00e9rification p\u00e9riodique et de v\u00e9rification apr\u00e8s \nr\u00e9paration ou modification accord\u00e9es aux \nd\u00e9tenteurs d'instruments de mesure. \nArticle 62.3 de \nl'arr\u00eat\u00e9 \ndu 31 d\u00e9cembre \n2001 \nM\u00e9trologie L\u00e9gale D\u00e9cision autorisant le contr\u00f4le des instruments \npar leur d\u00e9tenteur \nArticle 18 de l'arr\u00eat\u00e9 \ndu 6 mars 2007 ; \narticle 25 de l'arr\u00eat\u00e9 \ndu 1er ao\u00fbt 2013 ; \narticle 25 de l'arr\u00eat\u00e9 \ndu 21 octobre 2010 \nDirection r\u00e9gionale et interd\u00e9partementale de l'\u00e9conomie, de l'emploi, du travail et des solidarit\u00e9s d'\u00cele-de-France -\nIDF-2025-04-16-00003 - D\u00e9cision n\u00b0 2025-079 du 16 avril 2025 portant  subd\u00e9l\u00e9gation de signature de Monsieur Marc Rohfritsch,\ndirecteur r\u00e9gional et interd\u00e9partemental de l'\u00e9conomie, de l'emploi, du travail et des solidarit\u00e9s d'\u00cele-de-France par int\u00e9rim, aux\nagents de l'unit\u00e9 r\u00e9gionale\n9\n7 / 8 \nM\u00e9trologie L\u00e9gale D\u00e9cision validant les conditions de pr\u00e9l\u00e8vement \ndes compteurs d'eau \nArticle 8 arr\u00eat\u00e9 du \n06/03/2007 \n \n \nEn cas d'absence ou d'emp\u00eachement de Murielle LIZZI, subd\u00e9l\u00e9gation de signature est donn\u00e9e \u00e0 \nNathalie CAUVIN, cheffe du service m\u00e9trologie.  \n \n \nArticle 4 \n \n \nSubd\u00e9l\u00e9gation de signature est donn\u00e9e \u00e0 Alexandre MARTINET, directeur r\u00e9gional d\u00e9l\u00e9gu\u00e9  charg\u00e9 \ndes affaires g\u00e9n\u00e9rales, \u00e0 Anne SCANDELLA, secr\u00e9taire g\u00e9n\u00e9rale,  \u00e0 El\u00e9a WERMELINGER, secr\u00e9taire \ng\u00e9n\u00e9rale adjointe,  \u00e0 Jacky HAZIZA, responsable du service interd\u00e9partemental des conseils \nm\u00e9dicaux du P\u00f4le d'Appui aux M\u00e9tiers,  et \u00e0 Zahira MONJOIN, adjointe au responsable du service \ninterd\u00e9partemental conseils m\u00e9dicaux , \u00e0 effet de signer les d\u00e9cisions, actes administratifs et \ncorrespondances relatives aux conseils m\u00e9dicaux, d\u00e9rogations dont l'attribution a \u00e9t\u00e9 confi\u00e9e \u00e0 \nMarc ROHFRITSCH par le pr\u00e9fet de la r\u00e9gion d'\u00cele -de-France, pr\u00e9fet de Paris, le pr\u00e9fet des Hauts -\nde-Seine, le pr\u00e9fet de Seine-Saint-Denis et la pr\u00e9f\u00e8te du Val-de-Marne. \n \nConseils m\u00e9dicaux Organisation et fonctionnement des \nconseils m\u00e9dicaux  aux conditions \nd'aptitude physique pour l'admission aux \nemplois publics et au r\u00e9gime de cong\u00e9s de \nmaladie des fonctionnaires. \nArticles 6 et 12 du \nd\u00e9cret n\u00b086-442 du 14 \nmars 1986 modifi\u00e9 \nrelatif \u00e0 la d\u00e9signation \ndes m\u00e9decins agr\u00e9\u00e9s, \n\u00e0 l'organisation des \nconseils m\u00e9dicaux , \naux conditions \nd'aptitude physique  \npour l'admission aux \nemplois publics et au \nr\u00e9gime de cong\u00e9s de \nmaladie des \nfonctionnaires  \n \nEn cas d'absence ou d'emp \u00eachement d 'Alexandre MARTINE T, de  Jacky HAZIZA et de Zahira \nMONJOIN, subd\u00e9l\u00e9gation de signature est donn\u00e9e \u00e0 : \n \n\u2212 Isabelle POIRIER \u2013 Coordinatrice CM92 \n\u2212 Myriane-Andr\u00e9e TH\u00c9R\u00c8SE \u2013 Coordinatrice CM94 \n \nArticle 5 \n \nUne copie de cette d\u00e9cision de subd\u00e9l\u00e9gation sera adress\u00e9e aux pr\u00e9fets de Paris, de la Seine -et-\nMarne, des Yvelines, de l'Essonne, des Hauts-de-Seine, de la Seine-Saint-Denis, du Val-de-Marne et \ndu Val d'Oise.  \n \nArticle 6 \n \nLa pr\u00e9sente d\u00e9cision abroge l' arr\u00eat\u00e9 n\u00b0 2025-067 du 15 avril 2025  portant subd\u00e9l\u00e9gation de \nsignature de Monsieur Ga\u00ebtan Rudant, Directeur r\u00e9gional et interd\u00e9partemental de l'\u00e9conomie, de \nl'emploi, du travail et des solidarit\u00e9s d'\u00cele-de-France aux agents de l'unit\u00e9 r\u00e9gionale. \n \nDirection r\u00e9gionale et interd\u00e9partementale de l'\u00e9conomie, de l'emploi, du travail et des solidarit\u00e9s d'\u00cele-de-France -\nIDF-2025-04-16-00003 - D\u00e9cision n\u00b0 2025-079 du 16 avril 2025 portant  subd\u00e9l\u00e9gation de signature de Monsieur Marc Rohfritsch,\ndirecteur r\u00e9gional et interd\u00e9partemental de l'\u00e9conomie, de l'emploi, du travail et des solidarit\u00e9s d'\u00cele-de-France par int\u00e9rim, aux\nagents de l'unit\u00e9 r\u00e9gionale\n10\n8 / 8 \nArticle 7 \n \nLe Directeur r\u00e9gional et interd\u00e9partemental de l'\u00e9conomie, de l'emploi, du travail et des solidarit\u00e9s \nd'\u00cele-de-France, et les subd\u00e9l\u00e9gataires mentionn\u00e9s  ci-dessus, sont charg\u00e9s, chacun  en ce qui l e \nconcerne, de l'ex\u00e9cution de la pr\u00e9sente d\u00e9cision  qui sera publi\u00e9 e aux recueils des actes \nadministratifs de la pr\u00e9fecture de la r\u00e9gion  d'\u00cele-de-France, ainsi qu'aux recueils administratifs des \npr\u00e9fectures des d\u00e9partements de la r\u00e9gion d'\u00cele-de-France. \n \n \n \nFait \u00e0 Aubervilliers, le 16 avril 2025 \n \nPour les pr\u00e9fets et par d\u00e9l\u00e9gation, \nLe Directeur r\u00e9gional et interd\u00e9partemental de \nl'\u00e9conomie, de l'emploi, du travail et des \nsolidarit\u00e9s d'\u00cele-de-France par int\u00e9rim, \n \n SIGN\u00c9 \n \nMarc ROHFRITSCH \n \n \nDirection r\u00e9gionale et interd\u00e9partementale de l'\u00e9conomie, de l'emploi, du travail et des solidarit\u00e9s d'\u00cele-de-France -\nIDF-2025-04-16-00003 - D\u00e9cision n\u00b0 2025-079 du 16 avril 2025 portant  subd\u00e9l\u00e9gation de signature de Monsieur Marc Rohfritsch,\ndirecteur r\u00e9gional et interd\u00e9partemental de l'\u00e9conomie, de l'emploi, du travail et des solidarit\u00e9s d'\u00cele-de-France par int\u00e9rim, aux\nagents de l'unit\u00e9 r\u00e9gionale\n11\nDirection r\u00e9gionale et interd\u00e9partementale de\nl'\u00e9conomie, de l'emploi, du travail et des\nsolidarit\u00e9s d'\u00cele-de-France\nIDF-2025-04-16-00004\nD\u00e9cision n\u00b0 2025-080 du 16 avril 2025 portant\nsubd\u00e9l\u00e9gation de signature de Monsieur Marc\nRohfritsch, Directeur r\u00e9gional et\ninterd\u00e9partemental de l'\u00c9conomie, de l'Emploi,\ndu Travail et des Solidarit\u00e9s d'\u00cele-de-France par\nint\u00e9rim\nDirection r\u00e9gionale et interd\u00e9partementale de l'\u00e9conomie, de l'emploi, du travail et des solidarit\u00e9s d'\u00cele-de-France -\nIDF-2025-04-16-00004 - D\u00e9cision n\u00b0 2025-080 du 16 avril 2025 portant subd\u00e9l\u00e9gation de signature de Monsieur Marc Rohfritsch,\nDirecteur r\u00e9gional et interd\u00e9partemental de l'\u00c9conomie, de l'Emploi, du Travail et des Solidarit\u00e9s d'\u00cele-de-France par int\u00e9rim\n12\nPREFETDE PARISLibert\u00e9Egalit\u00e9Fraternit\u00e9\nPR\u00c9FETDES HAUTS-DE-SEINELibert\u00e9\u00c9galit\u00e9Fraternit\u00e9\nEnPREFETDE SEINE-ET-MARNELibert\u00e9Egalit\u00e9Fraternit\u00e9\nPR\u00c9FETDE LA SEINE-SAINT-DENISLibert\u00e9\u00c9galit\u00e9Fraternit\u00e9\nPR\u00c9FETDES YVELINESLibert\u00e9Egalit\u00e9{raternit\u00e9\nPR\u00c9FETDU VAL-DE-MARNELibert\u00e9\u00c9galit\u00e9Fraternit\u00e9\nPR\u00c9FETDE L'ESSONNELibert\u00e9Egalit\u00e9Fraternit\u00e9\nPR\u00c9FETDU VAL-D'OISELibert\u00e9Egalit\u00e9Fraternit\u00e9\n \nDRIEETS Ile de France  \n21 rue Madeleine Vionnet  \n93300 AUBERVILLIERS \n \n \n \n \n \n \n \n \n \n \n \nDirection r\u00e9gionale et interd\u00e9partementale \nde l'\u00e9conomie, de l'emploi, \ndu travail et des solidarit\u00e9s  \n \n \n \n            \nD\u00c9CISION n\u00b0 2025-080 du 16 avril 2025 \n \nPortant subd\u00e9l\u00e9gation de signature de Monsieur Marc Rohfritsch, Directeur r\u00e9gional et  \ninterd\u00e9partemental de l'\u00c9conomie, de l'Emploi, du Travail et des Solidarit\u00e9s d'\u00cele -de-France par int\u00e9rim \n \n \nVu le code du commerce ;  \n \nVu le code de la consommation ; \n \nVu le code de la sant\u00e9 publique ; \n \nVu le code du tourisme ; \n \nVu le code du travail ; \n \nVu la loi n\u00b0 82 -213 du 2 mars 1982 relative aux droits et libert\u00e9s des communes, des \nd\u00e9partements et des r\u00e9gions, modifi\u00e9e ; \n \nVu la loi d'orientation n\u00b0 92 -125 du 6 f\u00e9vrier 1992 modifi\u00e9e relative \u00e0 l'administration \nterritoriale de la R\u00e9publique, notamment ses articles 4 et 6 ;  \n \nVu le d\u00e9cret n\u00b0 97 -34 du 15 janvier 1997 relatif \u00e0 la d\u00e9concentration des d\u00e9cisions \nadministratives individuelles ;  \n \nVu le d\u00e9cret n\u00b02001-387 du 3 mai 2001 relatif au contr\u00f4le des instruments de mesure ;  \n \nDirection r\u00e9gionale et interd\u00e9partementale de l'\u00e9conomie, de l'emploi, du travail et des solidarit\u00e9s d'\u00cele-de-France -\nIDF-2025-04-16-00004 - D\u00e9cision n\u00b0 2025-080 du 16 avril 2025 portant subd\u00e9l\u00e9gation de signature de Monsieur Marc Rohfritsch,\nDirecteur r\u00e9gional et interd\u00e9partemental de l'\u00c9conomie, de l'Emploi, du Travail et des Solidarit\u00e9s d'\u00cele-de-France par int\u00e9rim\n13\n2 / 4 \nVu le d\u00e9cret n\u00b0 2004 -374 du 29 avril 2004 modifi\u00e9 relatif aux pouvoirs des pr\u00e9fets, \u00e0 \nl'organisation et \u00e0 l'action des services de l'\u00c9tat dans les r\u00e9gions et d\u00e9partements ; \n \nVu le d\u00e9cret n\u00b0 2009-360 du 31 mars 2009 relatif aux emplois de direction de l'administration \nterritoriale de l'\u00c9tat ; \n \nVu le d\u00e9cret n\u00b02010-146 du 16 f\u00e9vrier 2010 modifiant le d\u00e9cret n\u00b0 2004 -374 du 29 avril 2004 \nrelatif aux pouvoirs des pr\u00e9fets, \u00e0 l'organisation et \u00e0 l'action des services de l' \u00c9tat dans les \nr\u00e9gions et d\u00e9partements ; \n \nVu le d\u00e9cret n\u00b0 2010-687 du 24 juin 2010 relatif \u00e0 l'organisation et \u00e0 l'action des services de \nl'\u00e9tat dans la r\u00e9gion et les d\u00e9partements d'Ile de France ; \n \nVu le d\u00e9cret n\u00b02015 -1689 du 17 d\u00e9cembre 2015 portant diverses mesures d'organisation et \nde fonctionnement dans les r\u00e9gions de l'administration territoriale de l' \u00c9tat et de \ncommissions administratives ; \n \nVu le d\u00e9cret n\u00b0 2020 -1545 du 9 d\u00e9cembre 2020 relatif \u00e0 l'organisation et aux missions des \ndirections r\u00e9gionales de l'\u00e9conomie, de l'emploi, du travail et des solidarit\u00e9s, des directions \nd\u00e9partementales de l'emploi, du travail et des solidarit\u00e9s et des directions d\u00e9partementales \nde l'emploi, du travail, des solidarit\u00e9s et de la protection des populations ;  \n \nVu le d\u00e9cret du 22 juillet 2020 portant nomination de Monsieur Marc GUILLAUME en qualit\u00e9 \nde pr\u00e9fet de la r\u00e9gion d'Ile-de-France, pr\u00e9fet de Paris ; \n \nVu le d\u00e9cret du 6 septembre 2023 portant nomination de M. Pierre ORY, pr\u00e9fet de Seine-et-\nMarne ; \n \nVu le d\u00e9cret du 7 f\u00e9vrier 2024 portant nomination de Monsieur Fr\u00e9d\u00e9ric ROSE en qualit\u00e9 de \nPr\u00e9fet des Yvelines ; \n \nVu le d\u00e9cret du 7 f\u00e9vrier 2024  portant nomination de Madame Fr\u00e9d\u00e9rique CAMILLERI  en \nqualit\u00e9 de Pr\u00e9f\u00e8te de l'Essonne ; \n \nVu le d\u00e9cret du 31 octobre 2024  portant nomination de Monsieur Alexandre BRUGERE en \nqualit\u00e9 de Pr\u00e9fet des Hauts-de-Seine ; \n \nVu le d\u00e9cret du 6 novembre 2024  portant nomination de Monsieur Julien CHARLES  en \nqualit\u00e9 de Pr\u00e9fet de la Seine-Saint-Denis ; \n \nVu le d\u00e9cret du 6 novembre 2024 portant nomination de Monsieur \u00c9tienne STOSKOPF  en \nqualit\u00e9 de Pr\u00e9fet du Val-de-Marne ; \n \nVu le d\u00e9cret du 9 mars 2022 portant nomination de M. Philippe COURT en qualit\u00e9 de pr\u00e9fet \ndu Val-d'Oise ; \n \nVu l'arr\u00eat\u00e9 interminist\u00e9riel du 23 d\u00e9cembre 2022 nommant Madame Martine BAUDOIN directrice \nadjointe de l'unit\u00e9 d\u00e9partementale de Paris ; \n \nVu l'arr\u00eat\u00e9 interminist\u00e9riel du 20 mars 2025 nommant Marc ROHFRITSCH directeur r\u00e9gional et \ninterd\u00e9partemental de l'\u00e9conomie, de l'emploi, du travail et des solidarit\u00e9s d'\u00cele -de-France par \nint\u00e9rim \u00e0 compter du 1er avril 2025 : \n \nVu l'arr\u00eat\u00e9 pr\u00e9fectoral n\u00b0 75-2025-04-04-00005 du 4 avril 2025 par lequel le Pr\u00e9fet de Paris \nd\u00e9l\u00e8gue sa signature \u00e0 Monsieur Marc ROHFRITSCH , directeur r\u00e9gional et \ninterd\u00e9partemental de l'\u00e9conomie, de l'emploi, du travail et des solidarit\u00e9s d'\u00cele -de-France \npar int\u00e9rim ; \n \nDirection r\u00e9gionale et interd\u00e9partementale de l'\u00e9conomie, de l'emploi, du travail et des solidarit\u00e9s d'\u00cele-de-France -\nIDF-2025-04-16-00004 - D\u00e9cision n\u00b0 2025-080 du 16 avril 2025 portant subd\u00e9l\u00e9gation de signature de Monsieur Marc Rohfritsch,\nDirecteur r\u00e9gional et interd\u00e9partemental de l'\u00c9conomie, de l'Emploi, du Travail et des Solidarit\u00e9s d'\u00cele-de-France par int\u00e9rim\n14\n3 / 4 \nVu l'arr\u00eat\u00e9 pr\u00e9fectoral n\u00b02 5/DCSE/1 du 2 avril 2025 par lequel le pr\u00e9fet de Seine -et-Marne \nd\u00e9l\u00e8gue sa signature \u00e0 Monsieur Marc ROHFRITSCH , directeur r\u00e9gional et \ninterd\u00e9partemental de l'\u00e9conomie, de l'emploi, du travail et des solidarit\u00e9s d'\u00cele -de-France \npar int\u00e9rim ; \n \nVu l'arr\u00eat\u00e9 pr\u00e9fectoral n\u00b0  78-2025-04-10-00002 du 10 avril 2025  par lequel le Pr\u00e9fet des \nYvelines d\u00e9l\u00e8gue sa signature \u00e0 Monsieur Marc ROHFRITSCH , directeur r\u00e9gional et \ninterd\u00e9partemental de l'\u00e9conomie, de l'emploi, du travail et des solidarit\u00e9s d'\u00cele -de-France \npar int\u00e9rim ; \n \nVu l'arr\u00eat\u00e9 pr\u00e9fectoral n\u00b0 2025-PREF-DCPPAT-BCA-050 du 3 avril par lequel l a Pr\u00e9f\u00e8te de \nl'Essonne d\u00e9l\u00e8gue sa signature \u00e0 Monsieur Marc ROHFRITSCH , directeur r\u00e9gional et \ninterd\u00e9partemental de l'\u00e9conomie, de l'emploi, du travail et des solidarit\u00e9s d'\u00cele-de-France \npar int\u00e9rim ; \n \nVu l'arr\u00eat\u00e9 pr\u00e9fectoral n\u00b0  2025-10 du 31 mars 2025 par lequel le Pr\u00e9f et des Hauts-de-Seine \nd\u00e9l\u00e8gue sa signature \u00e0 Monsieur Marc ROHFRITSCH , directeur r\u00e9gional et \ninterd\u00e9partemental de l'\u00e9conomie, de l'emploi, du travail et des solidarit\u00e9s d'\u00cele -de-France \npar int\u00e9rim ; \n \nVu l'arr\u00eat\u00e9 pr\u00e9fectoral n\u00b0 2025-1367 du 02 avril 2025 par lequel le pr\u00e9fet de la Seine-Saint-\nDenis, d\u00e9l\u00e8gue sa signature \u00e0 Marc ROHFRITSCH, directeur r\u00e9gional et interd\u00e9partemental \nde l'\u00e9conomie, de l'emploi, du travail et des solidarit\u00e9s d'\u00cele-de-France par int\u00e9rim ; \n \nVu l'arr\u00eat\u00e9 pr\u00e9fectoral n\u00b0  2025/01311 du 02 avril 2025 par lequel le Pr\u00e9fet du Val-de-Marne \nd\u00e9l\u00e8gue sa signature \u00e0 Monsieur Marc ROHFRITSCH , directeur r\u00e9gional et \ninterd\u00e9partemental de l'\u00e9conomie, de l'emploi, du travail et des solidarit\u00e9s d'\u00cele -de-France \npar int\u00e9rim ;s \n \nVu l'arr\u00eat\u00e9 pr\u00e9fectoral n\u00b0 25-037 du 08 avril 2025 par lequel le Pr\u00e9fet du Val d'Oise d\u00e9l\u00e8gue \nsa signature \u00e0 Monsieur Marc ROHFRITSCH , directeur r\u00e9gional et interd\u00e9partemental de \nl'\u00e9conomie, de l'emploi, du travail et des solidarit\u00e9s d'\u00cele-de-France par int\u00e9rim ; \n \n \nD\u00c9CIDE \n \nArticle 1er \n \nSubd\u00e9l\u00e9gation de signature est donn\u00e9e \u00e0 Martine BAUDOIN , directrice adjointe  de l'unit\u00e9 \nd\u00e9partementale de Paris , directrice de l'unit\u00e9 d\u00e9partementale de Paris par int\u00e9rim , \u00e0 effet de \nsigner les d\u00e9cisions, actes administratifs et correspondances relatives aux enfants du \nspectacle dont l'attribution a \u00e9t\u00e9 confi\u00e9e \u00e0 Marc ROHFRITSCH , directeur r\u00e9gional et \ninterd\u00e9partemental de l'\u00e9conomie, de l'emploi, du travail et des solidarit\u00e9s d'\u00cele -de-France par \nint\u00e9rim, par le pr\u00e9fet de la r\u00e9gion d'\u00cele -de-France, pr\u00e9fet de Paris,  le pr\u00e9fet de Seine et Marne, le \npr\u00e9fet des Yvelines,  l a pr\u00e9f\u00e8te de l'Essonne,  le pr\u00e9fet des Hauts -de-Seine, le pr\u00e9fet de la Seine -\nSaint-Denis, le pr\u00e9fet du Val-de-Marne, le pr\u00e9fet du Val d'Oise : \n \nD\u00e9livrance, retrait des autorisations individuelles d'emploi des enfants dans les spectacles, les \nprofessions ambulantes et comme mannequins dans la publicit\u00e9 et la mode - article L.7124-1 \u00e0 \nL.7124-19 du code du travail. \n \nD\u00e9livrance, renouvellement, retrait, suspension de l'agr\u00e9ment de l'agence de mannequins \npermettant d'engager des enfants - Articles L.7124-5 et R.7124-1 du code du travail. \n \nDirection r\u00e9gionale et interd\u00e9partementale de l'\u00e9conomie, de l'emploi, du travail et des solidarit\u00e9s d'\u00cele-de-France -\nIDF-2025-04-16-00004 - D\u00e9cision n\u00b0 2025-080 du 16 avril 2025 portant subd\u00e9l\u00e9gation de signature de Monsieur Marc Rohfritsch,\nDirecteur r\u00e9gional et interd\u00e9partemental de l'\u00c9conomie, de l'Emploi, du Travail et des Solidarit\u00e9s d'\u00cele-de-France par int\u00e9rim\n15\n4 / 4 \nLa s ubd\u00e9l\u00e9gation est donn\u00e9e \u00e0 Martine BAUDOIN \u00e0 effet de signer les m\u00e9moires en d\u00e9fense \nproduits devant les juridictions administratives dans le cadre de proc\u00e9dures contentieuses \u00e0 \nl'encontre des d\u00e9cisions mentionn\u00e9es ci-dessus.  \n \nEn cas d'absence ou d'emp\u00eachement de Martine BAUDOIN , subd\u00e9l\u00e9gation de signature est \ndonn\u00e9e \u00e0 : \n- Marie MARCENA, directrice du p\u00f4le entreprises, emplois et solidarit\u00e9s ; \n- Patricia RENUCCI, directrice du d\u00e9partement protection et insertion des jeunes ; \n- Franck LEPERTEL, chef de la mission protection de l'enfance \nafin de signer les d\u00e9cisions et les m\u00e9moires en d\u00e9fense mentionn\u00e9s ci-dessus. \n \nArticle 2 \n \nUne copie de cette d\u00e9cision de subd\u00e9l\u00e9gation sera adress\u00e9e aux pr\u00e9fets de Paris, de la Seine -et-\nMarne, des Yvelines, de l'Essonne, d es Hauts-de-Seine, de la Seine-Saint-Denis, du Val-de-Marne et \ndu Val d'Oise.  \n \nArticle 3 \n \nLa d\u00e9cision n\u00b0 2025-074 du 15 avril 2025 est abrog\u00e9e. \n \nArticle 4 \n \nLe Directeur r\u00e9gional et interd\u00e9partemental de l'\u00e9conomie, de l'emploi, du travail et des solidarit\u00e9s \nd'\u00cele-de-France, et les subd\u00e9l\u00e9gataires mentionn\u00e9 s ci -dessus, sont charg\u00e9s, chacun  en ce qui l e \nconcerne, de l'ex\u00e9cution de la pr\u00e9sente d\u00e9cision  qui sera publi\u00e9 e aux recueils des actes \nadministratifs de la pr\u00e9fecture de la r\u00e9gion  d'\u00cele-de-France, ainsi qu'aux recueils administratifs des \npr\u00e9fectures des d\u00e9partements de la r\u00e9gion d'\u00cele-de-France. \n \n \n \n \nFait \u00e0 Aubervilliers le 16 avril 2025 \n \nLe Directeur r\u00e9gional et interd\u00e9partemental \nde l'\u00e9conomie, de l'emploi, du travail et des \nsolidarit\u00e9s par int\u00e9rim \n \nSIGN\u00c9 \n \nMarc ROHFRITSCH \n \nDirection r\u00e9gionale et interd\u00e9partementale de l'\u00e9conomie, de l'emploi, du travail et des solidarit\u00e9s d'\u00cele-de-France -\nIDF-2025-04-16-00004 - D\u00e9cision n\u00b0 2025-080 du 16 avril 2025 portant subd\u00e9l\u00e9gation de signature de Monsieur Marc Rohfritsch,\nDirecteur r\u00e9gional et interd\u00e9partemental de l'\u00c9conomie, de l'Emploi, du Travail et des Solidarit\u00e9s d'\u00cele-de-France par int\u00e9rim\n16","date":"2025-04-16","first_seen_on":"2025-04-16T17:30:49+00:00","id":"a67fed59f40884cf47be04a6c2698cea173acbedb7b77d2933fc951d74f5d835","name":"recueilDS-idf-041-2025-04-recueil-des-actes-administratifs-special du 16.04.2025","pdf_creation_date":"2025-04-16T14:59:01+00:00","pdf_modification_date":null,"timezone":"Europe/Paris","url":"https://www.prefectures-regions.gouv.fr/ile-de-france/irecontenu/telechargement/127069/938031/file/recueilDS-idf-041-2025-04-recueil-des-actes-administratifs-special%20du%2016.04.2025.pdf"}
