{"administration":"pref69","administration_name":"Pr\u00e9fecture du Rh\u00f4ne","content":"PR\u00c9F\u00c8TE\nDU RH\u00d4NE\nRECUEIL DES ACTES\nADMINISTRATIFS SP\u00c9CIAL\nN\u00b069-2026-067\nPUBLI\u00c9 LE  5 MARS 2026\nSommaire\n69_DDETS_Direction d\u00e9partementale de l'emploi du travail et des\nsolidarit\u00e9s /\n69-2026-03-05-00001 - DECISION DREETS/T/2026/23 portant affectation\ndes agents de contr\u00f4le dans les unit\u00e9s de contr\u00f4le de l'inspection\ndu travail de la direction d\u00e9partementale de l'emploi, du travail et des\nsolidarit\u00e9s du d\u00e9partement du Rh\u00f4ne, et gestion des int\u00e9rims, (17\npages) Page 4\n69_DDPP_Direction d\u00e9partementale de la protection des populations /\nDDPP 69\n69-2026-03-04-00004 - ARRETE PREFECTORAL N\u00b0\nDDPP-DIR-2026-03-04-001 (2 pages) Page 22\n69_DDT_Direction d\u00e9partementale des territoires du Rh\u00f4ne /\n69-2026-03-05-00003 - 11 A89 ParisNice (4 pages) Page 25\n69-2026-03-05-00002 - AIP42-69 A47 course cycliste Paris-Nice 5\u00e8me\n\u00e9tape le 12 mars 2026 (4 pages) Page 30\n69_Pr\u00e9f_Pr\u00e9fecture du Rh\u00f4ne / Direction de la s\u00e9curit\u00e9 et de la\nprotection civile\n69-2026-03-02-00012 - AP du 2 mars 2026 portant autorisation exploitation\nsyst\u00e8me vid\u00e9oprotection - Communaut\u00e9 de Communes des Monts du\nLyonnais pour la D\u00e9ch\u00e8terie Les Auberges - Montrottier   (2 pages) Page 35\n69-2026-03-02-00011 - AP du 2 mars 2026 portant autorisation exploitation\nsyst\u00e8me vid\u00e9oprotection - Communaut\u00e9 de Communes des Vallons\ndu Lyonnais (pour la Salle de spectacles \u00ab\u00a0L'intervalle\u00bb  (2 pages) Page 38\n69-2026-03-02-00010 - AP du 2 mars 2026 portant autorisation exploitation\nsyst\u00e8me vid\u00e9oprotection - Commune de Amberieux-d'Azergues  (2\npages) Page 41\n69-2026-03-02-00008 - AP du 2 mars 2026 portant autorisation exploitation\nsyst\u00e8me vid\u00e9oprotection - Commune de Communay  (2 pages) Page 44\n69-2026-03-02-00007 - AP du 2 mars 2026 portant autorisation exploitation\nsyst\u00e8me vid\u00e9oprotection - Commune de Fleurieux-sur-l'Arbresle  (2\npages) Page 47\n69-2026-03-02-00006 - AP du 2 mars 2026 portant autorisation exploitation\nsyst\u00e8me vid\u00e9oprotection - Commune de Millery  (2 pages) Page 50\n69-2026-03-02-00005 - AP du 2 mars 2026 portant autorisation exploitation\nsyst\u00e8me vid\u00e9oprotection - Commune de Rillieux-la-Pape  (2 pages) Page 53\n69-2026-03-02-00004 - AP du 2 mars 2026 portant autorisation exploitation\nsyst\u00e8me vid\u00e9oprotection - Commune de Sainte-Foy-Les-Lyon  (2 pages) Page 56\n2\n69-2026-03-02-00009 - AP du 2 mars 2026 portant autorisation exploitation\nsyst\u00e8me vid\u00e9oprotection - Commune de Simandres  (2 pages) Page 59\n69-2026-03-02-00003 - AP du 2 mars 2026 portant autorisation exploitation\nsyst\u00e8me vid\u00e9oprotection - Commune de SOLAIZE  (2 pages) Page 62\n84_ARS_Agence R\u00e9gionale de Sant\u00e9 Auvergne-Rh\u00f4ne-Alpes /\n69-2026-03-04-00003 - Arr\u00eat\u00e9 conjoint n\u00b0 2026-10-0021 CODAMUPS TS \n(8 pages) Page 65\n69-2026-03-03-00006 - ARR\u00caT\u00c9 pr\u00e9fectoral n\u00b0 2026-10-0027\nmodifiant le b\u00e9n\u00e9ficiaire de l'arr\u00eat\u00e9 pr\u00e9fectoral\nARS_2019_10_239 du 08 octobre 2019 autorisant la soci\u00e9t\u00e9 SARL TM\nRestauration \u00e0 utiliser l'eau issue d'un forage priv\u00e9 situ\u00e9 sur la\ncommune de Solaize pour l'alimentation en eau de son restaurant \" Chez\nPaul'O \"\n (2 pages) Page 74\n3\n69_DDETS_Direction d\u00e9partementale de\nl'emploi du travail et des solidarit\u00e9s\n69-2026-03-05-00001\nDECISION DREETS/T/2026/23 portant\naffectation des agents de contr\u00f4le dans les\nunit\u00e9s de contr\u00f4le de l'inspection du travail de la\ndirection d\u00e9partementale de l'emploi, du travail\net des solidarit\u00e9s du d\u00e9partement du Rh\u00f4ne, et\ngestion des int\u00e9rims,\n69_DDETS_Direction d\u00e9partementale de l'emploi du travail et des solidarit\u00e9s - 69-2026-03-05-00001 - DECISION DREETS/T/2026/23\nportant affectation des agents de contr\u00f4le dans les unit\u00e9s de contr\u00f4le de l'inspection du travail de la direction d\u00e9partementale de\nl'emploi, du travail et des solidarit\u00e9s du d\u00e9partement du Rh\u00f4ne, et gestion des int\u00e9rims,\n4\nESMINISTEREDU TRAVAIL, ;ET DES SOLIDARITESLibert\u00e9Egalit\u00e9Fraternit\u00e9\nDirection r\u00e9gionale \nde l'\u00e9conomie, de l'emploi,  \ndu travail, et des solidarit\u00e9s  \nAuvergne Rh\u00f4ne-Alpes \n \nDirection d\u00e9partementale de l'emploi, \ndu travail et des solidarit\u00e9s du Rh\u00f4ne \n8, 10 rue du NORD \n69100 VILLEURBANNE CEDEX \n/\n17 \nLyon, le 05/03/2026 \n \n \nDECISION DREETS/T/2026/23 portant affectation des agents de contr\u00f4le dans les unit\u00e9s de contr\u00f4le de \nl'inspection du travail de la direction d\u00e9partementale de l'emploi, du travail et des solidarit\u00e9s du d\u00e9partement \ndu Rh\u00f4ne, et gestion des int\u00e9rims, \n \nLa Directrice r\u00e9gionale de l'\u00e9conomie, de l'emploi, du travail et des solidarit\u00e9s de la r\u00e9gion Auvergne -Rh\u00f4ne-Alpes,  \n \nVu le code du travail, notamment ses articles R. 8122-3 et suivants, \n \nVu le d\u00e9cret n\u00b0 2020-1545 du 9 d\u00e9cembre 2020 relatif \u00e0 l'organisation et aux missions des directions r\u00e9gionales de \nl'\u00e9conomie, de l'emploi, du travail et des solidarit\u00e9s et des directions d\u00e9partementales de l'emploi, du travail, des \nsolidarit\u00e9s et de la protection des populations, \n \nVu l'arr\u00eat\u00e9 interminist\u00e9riel du 23 juillet 2025 portant nomination de Madame Fabienne FOURNIER -BERAUD en \nqualit\u00e9 de directrice r\u00e9gionale de l'\u00e9conomie, de l'emploi, du travail et des solidarit\u00e9s de la r\u00e9gion Auvergne -Rh\u00f4ne-\nAlpes \u00e0 compter du 1er septembre 2025,  \n \nVu la d\u00e9cision DREETS AUVERGNE -RH\u00d4NE-ALPES n\u00b02026-10 du 12 f\u00e9vrier 2026 publi\u00e9e au recueil des actes \nadministratifs sp\u00e9cial de la r\u00e9gion Auvergne -Rh\u00f4ne-Alpes n\u00b0 84-2026-036 du 12 f\u00e9vrier 2026 portant d\u00e9l\u00e9gation de \nsignature en mati\u00e8re de pouvoirs propres de la directrice r\u00e9gionale de l'\u00e9conomie, de l'emploi, du travail et des \nsolidarit\u00e9s \u00e0 Johanne FRAVALO-LOPPIN, cheffe du p\u00f4le Politique du travail par int\u00e9rim ; \n \nVu la d\u00e9cision de la DECISION DREETS/T/2024/14 relative \u00e0 la localisation et d\u00e9limitation des unit\u00e9s de contr\u00f4le \net des sections d'inspection de la direction d\u00e9partementale de l'emploi, du travail et des solidarit\u00e9s du Rh\u00f4ne \npubli\u00e9e le 28 mars 2024, \n \nVu la d\u00e9cision DREETS/T/2026/05  portant affectation des agents de contr\u00f4le dans les unit\u00e9s de contr\u00f4le de \nl'inspection du travail de la direction d\u00e9partementale de l'emploi, du travail et des solidarit\u00e9s du d\u00e9partement du \nRh\u00f4ne, et gestion des int\u00e9rims, \n \nSur proposition du directeur d\u00e9partemental de l'emploi, du travail et des solidarit\u00e9s du Rh\u00f4ne,  \n \n \nARR\u00caTE \n \nArticle 1 :  \n \nSont nomm\u00e9s comme responsables des unit\u00e9s de contr\u00f4le de la direction d\u00e9partementale de l'emploi, du \ntravail et des solidarit\u00e9s du Rh\u00f4ne : \n- Unit\u00e9 de contr\u00f4le n\u00b01 Lyon-Centre : Monsieur Thierry AFFRE \n- Unit\u00e9 de contr\u00f4le n\u00b02 Rh\u00f4ne-Sud-Ouest : Monsieur Alain DUNEZ  \n- Unit\u00e9 de contr\u00f4le n\u00b03 Lyon-Villeurbanne : Madame Sophie RUAT \n- Unit\u00e9 de contr\u00f4le n\u00b04 Rh\u00f4ne-Centre-Est : Madame Fr\u00e9d\u00e9rique LIBAUD  \n- Unit\u00e9 de contr\u00f4le n\u00b0 5 Rh\u00f4ne-Nord-et-Agriculture : Madame Florence DUFOUR \n- Unit\u00e9 de contr\u00f4le n\u00b0 6 Rh\u00f4ne-Transports : Madame Charlotte BAUDOUIN \n- Unit\u00e9 de contr\u00f4le n\u00b07 Lyon-Vall\u00e9e Du Rh\u00f4ne : Madame Agathe KHERBACHE  \n69_DDETS_Direction d\u00e9partementale de l'emploi du travail et des solidarit\u00e9s - 69-2026-03-05-00001 - DECISION DREETS/T/2026/23\nportant affectation des agents de contr\u00f4le dans les unit\u00e9s de contr\u00f4le de l'inspection du travail de la direction d\u00e9partementale de\nl'emploi, du travail et des solidarit\u00e9s du d\u00e9partement du Rh\u00f4ne, et gestion des int\u00e9rims,\n5\n2/17 \n \n Article 2 :  \n \nSans pr\u00e9judice des dispositions de l'article R. 8122 -10-I du code du travail et conform\u00e9ment aux \ndispositions de l'article R. 8122 -11 du code du travail, sont affect\u00e9s dans les sections d'inspection de la \ndirection d\u00e9partementale de l'emploi, du travail et des solidarit\u00e9s du Rh\u00f4ne les agents suivants : \n \nUnit\u00e9 de contr\u00f4le 1, Lyon-Centre,  \n \nSection U01S01 GIRERD Chantal Inspectrice du travail \nSection U01S02 EL GALAI Anissa Inspectrice du travail \nSection U01S03 RULLIAT Axelle Inspectrice du travail \nSection U01S04 BENCHERGUI \nMohammed Inspecteur du travail \nSection U01S05 AUGE Sabrina Inspectrice du travail \nSection U01S06 FEYEUX Philippe Directeur adjoint du travail inspectant \nSection U01S07 GUILLAUMONT Ambre Inspectrice du travail \nSection U01S08 \n VACANTE  \nSection U01S09 \n PICARD Esther Inspectrice du travail \nSection U01S10 DUNOYER Charlotte Inspectrice du travail \nSection U01S11 VACANTE  \n \nUnit\u00e9 de contr\u00f4le 2, Rh\u00f4ne-Sud-Ouest,  \n \nSection U02S01 ELLUL Catherine Inspectrice du travail \nSection U02S02 SEGHIR Samir Inspecteur du travail \nSection U02S03 VITTI Myriam Inspectrice du travail \nSection U02S04 BLANC Caroline Inspectrice du travail \nSection U02S05 PEYSSONNEAUX Anne Inspectrice du travail \nSection U02S06 ALVAREZ Marilou Inspectrice du travail \nSection U02S07 CIMA Ana\u00efs Inspectrice du travail \nSection U02S08 GILLES-LAPALUS Anne Inspectrice du travail \nSection U02S09 CHAMBERT Romain Inspecteur du travail \nSection U02S10 CROUZET Martin Inspecteur du travail \n \nUnit\u00e9 de contr\u00f4le 3, Lyon-Villeurbanne,  \n \nSection U03S01 GROUX Fatma Inspectrice du travail \nSection U03S02 MARTIN Guillemette Inspectrice du travail \n \nSection U03S03 \n \n \nLITAUDON B\u00e9atrice Inspectrice du travail \n \nSection U03S04 \n \nGUIVARC'H Ad\u00e8le Inspectrice du travail \nSection U03S05 \nAinsi que l'\u00e9tablissement Centre de Mise \u00e0 l'Abri \net d'Evaluation FORUM REFUGIES, sis 20 rue \nNeyret 69001 LYON et rattach\u00e9 au SIRET \n32692287900084 \nLACHAIZE Pascal Inspecteur du travail \nSection U03S06, \nAinsi que  BAYER SAS, sis 14 -20 rue Pierre \nBaizet 69009 LYON (SIRET : 56203889300714) \nTOMIELLO Aur\u00e9lie Inspectrice du travail \nSection U03S07, \nA l'exception de  CCI FORMATION PRO, sis 36 TEODORI Fabienne Inspectrice du travail \n69_DDETS_Direction d\u00e9partementale de l'emploi du travail et des solidarit\u00e9s - 69-2026-03-05-00001 - DECISION DREETS/T/2026/23\nportant affectation des agents de contr\u00f4le dans les unit\u00e9s de contr\u00f4le de l'inspection du travail de la direction d\u00e9partementale de\nl'emploi, du travail et des solidarit\u00e9s du d\u00e9partement du Rh\u00f4ne, et gestion des int\u00e9rims,\n6\n3/17 \n \nrue Sergent Berthet 69009 LYON (SIRET  : \n90007495600013) \nSection U03S08, \nAinsi que  CCI FORMATION PRO, sis 36 rue \nSergent Berthet 69009 LYON (SIRET  : \n90007495600013) \nEt \u00e0 l'exception de  BAYER SAS, sis 14 -20 rue \nPierre Baizet  69009 LYON (SIRET  : \n56203889300714) \n \n \n \nMETAXAS Alexandre \n \n \n \nInspecteur du travail \nSection U03S09 SCHWAIGER Guillaume Inspecteur du travail \nSection U03S10 \nA l'exception de  l'\u00e9tablissement Centre de Mise \n\u00e0 l'Abri et d'Evaluation FORUM REFUGIES, sis \n20 rue Neyret 69001 LYON et rattach\u00e9 au SIRET \n32692287900084 \nBOUZERD Malika \n \n \nInspectrice du travail \n \n \nUnit\u00e9 de contr\u00f4le 4, Rh\u00f4ne-Centre-Est, \n  \nSection U04S01 LECLERC Anne-Lise Inspectrice du travail \nSection U04S02 VACANTE  \nSection U04S03  \nVACANTE jusqu'au 31 mars \n2026 puis \u00e0 compter du 1er \navril 2026  \n  \n EL JERRARI Asma\u00e2 Inspectrice du travail \nSection U04S04  \u00e0 l'exception de : \nHEG DISTRIBUTION 28 Rue Francine Fromont \n69120 Vaulx-En-Velin (90317003300034) \nPROFIRE BATIMENT 28 Rue Francine Fromont \n69120 Vaulx-En-Velin (82443217300030) \nGABINVESTS  28 Rue Francine Fromont 69120 \nVaulx-En-Velin (79180683900035) \nPROFIRE GENIE CLIMATIQUE 28 Rue Francine \nFromont 69120 Vaulx-En-Velin  \n(85183742700034) \n \nLa section U04S04 inclut \u00e9galement \nl'\u00e9tablissement FRESH MARKET  \u2013 13 route de \nGenas \u2013 69120 Vaulx -en-Velin (siret \n83002482400013) \nZOUAOUI Naoa Inspectrice du travail \nSection U04S05 \u00e0 l'exception de l'\u00e9tablissement \nFRESH MARKET \u2013 13 route de Genas \u2013 69120 \nVaulx-en-Velin (siret 83002482400013) \n \nLa section U04S05 inclut \u00e9galement : \nHEG DISTRIBUTION 28 Rue Francine Fromont \n69120 Vaulx-En-Velin (90317003300034) \nPROFIRE BATIMENT 28 Rue Francine Fromont \n69120 Vaulx-En-Velin (82443217300030) \nGABINVESTS  28 Rue Francine Fromont 69120 \nVaulx-En-Velin (79180683900035) \nPROFIRE GENIE CLIMATIQUE 28 Rue Francine \nFromont 69120 Vaulx-En-Velin  \n(85183742700034) \nMERZOUGUI Sabah Inspectrice du travail \nSection U04S06 SAZ Annabelle Inspectrice du travail \nSection U04S07 VACANTE  \nSection U04S08 CHOUAT Im\u00e8ne Inspectrice du travail \nSection U04S09 CHARBOUILLOT Bastien Inspecteur du travail \nSection U04S10 SIROT Evelle Inspectrice du travail \n \n \n \n69_DDETS_Direction d\u00e9partementale de l'emploi du travail et des solidarit\u00e9s - 69-2026-03-05-00001 - DECISION DREETS/T/2026/23\nportant affectation des agents de contr\u00f4le dans les unit\u00e9s de contr\u00f4le de l'inspection du travail de la direction d\u00e9partementale de\nl'emploi, du travail et des solidarit\u00e9s du d\u00e9partement du Rh\u00f4ne, et gestion des int\u00e9rims,\n7\n4/17 \n \nUnit\u00e9 de contr\u00f4le 5, Rh\u00f4ne-Nord-et-Agriculture,  \n \nSection U05S01 ainsi que \nTEINTURERIES DE TARARE, Route de Violay \n69170 Joux \nGLEIZE DISTRIBUTION Intermarch\u00e9 100 \nAVENUE DU BEAUJOLAIS 69400 GLEIZE \n \nA l'exception de : \nAUCHAN SUPERMARCHE 420 RUE PHILIPPE \nHERON 69400 VILLEFRANCHE-SUR-SAONE \nMathilde MILCENT Inspectrice du travail \nSection U05S02 et : \n- SOL'ACT, 56 Impasse Edison \n69400 Villefranche-sur-Sa\u00f4ne \n- Esat Anne -Marie Bedin - AGIVR, Chemin des \nSablons 69220 Belleville en Beaujolais \n- AGIVR, 496 Rue Loyson de Chastelus \n69400 Villefranche-sur-Sa\u00f4ne \n \nKILLIAN Julia \n \nInspectrice du travail \nSection U05S03 ainsi que \nAUCHAN SUPERMARCHE  420 RUE PHILIPPE \nHERON 69400 VILLEFRANCHE-SUR-SAONE \n \nA l'exception de : \nTEINTURERIES DE TARARE, Route de Violay \n69170 Joux \nGLEIZE DISTRIBUTION Intermarch\u00e9 100 \nAVENUE DU BEAUJOLAIS 69400 GLEIZE \nWEBER Marie Inspectrice du travail \nSection U05S04 \n\u00e0 l'exception de : \n- SOL'ACT, 56 Impasse Edison \n69400 Villefranche-sur-Sa\u00f4ne \n- Esat Anne -Marie Bedin (AGIVR), Chemin des \nSablons 69220 Belleville en Beaujolais \n- AGIVR, 496 Rue Loyson de Chastelus \n69400 Villefranche-sur-Sa\u00f4ne \nGINECCI Julie Inspectrice du travail \nSection U05S05 DE CARVALHO \nRODRIGUES Paola \nInspectrice du travail \nSection U05S06 VACANTE  \nSection U05S07 LERBS Philippine Inspectrice du travail \nSection U05S08 DUVIGNAUD Juliette Inspectrice du travail \nSection U05S09 GIROUD St\u00e9phanie Inspectrice du travail \nSection U05S10 CHAACHOUA Kenzi Inspecteur du travail \n \nUnit\u00e9 de contr\u00f4le 6, Rh\u00f4ne-Transports,  \n \nSection U06S01 BOUCHON Christelle Inspectrice du travail \nSection U06S02 VIRIEUX Sandrine Inspectrice du travail \nSection U06S03 GOURC Gilles Inspecteur du travail \nSection U06S04 JUSTO Hugo Inspecteur du travail \nSection U06S05 PAPASTRATIDIS \nAnne-Laure Inspectrice du travail \nSection U06S06 DUFOUR-GRUENAIS Ian Inspecteur du travail \nSection U06S07 BOITEL-BRAS Yann Inspecteur du travail \nSection U06S08 CREPUT Ronan Inspecteur du travail \nSection U06S09 GAILLARD Vincent Inspecteur du travail \nSection U06S10 GOUFFI Sch\u00e9razade. Inspectrice du travail \n \n \n \n \n \n69_DDETS_Direction d\u00e9partementale de l'emploi du travail et des solidarit\u00e9s - 69-2026-03-05-00001 - DECISION DREETS/T/2026/23\nportant affectation des agents de contr\u00f4le dans les unit\u00e9s de contr\u00f4le de l'inspection du travail de la direction d\u00e9partementale de\nl'emploi, du travail et des solidarit\u00e9s du d\u00e9partement du Rh\u00f4ne, et gestion des int\u00e9rims,\n8\n5/17 \n \nUnit\u00e9 de contr\u00f4le 7, Lyon-Vall\u00e9e Du Rh\u00f4ne, \n \nSection U07S01 MICHEL Dominique Inspectrice du travail \nSection U07S02 \nAinsi que les \u00e9tablissements CENTRAL AUTOS, \nsis 49  \u00e0 53 boulevard Lucien SAMPAIX 69190 \nSAINT-FONS (78009637600139, \n78009637600089 et 78009637600071) LERGUET Najib \nInspecteur du travail \nSection U07S03 \nA l'exception des \u00e9tablissements CENTRAL \nAUTOS, sis 49  \u00e0 53 boulevard Lucien SAMPAIX \n69190 SAINT-FONS (78009637600139, \n78009637600089 et 78009637600071) \nFOURNIER Thomas Inspecteur du travail \nSection U07S04 VACANTE  \nSection U07S05 \nA l'exception des \u00e9tablissements situ\u00e9s au 213 \nrue  de Gerland 69007 LYON LOUIS Jo\u00ebl \nDirecteur adjoint du travail inspectant \nSection U07S06 MARTIN Amandine Inspectrice du travail \nSection U07S07 SOLTANE A\u00efcha Inspectrice du travail \nSection U07S08 FAILLE Th\u00e9o Inspecteur du travail \n \nArticle 3 :  \n \nLes agents de contr\u00f4le suivants sont d\u00e9sign\u00e9s pour assurer les int\u00e9rims des sections mentionn\u00e9es ci -dessous : \n \nUnit\u00e9 de contr\u00f4le 1, Lyon-Centre  \n \nSection Agent de contr\u00f4le \nassurant l'int\u00e9rim \nPouvoir de d\u00e9cision \nadministrative en lien \navec les salari\u00e9s \nprot\u00e9g\u00e9s \nAutre pouvoir de \nd\u00e9cisions \nadministratives \nSection U01S08 \nL'agent de contr\u00f4le \nde la section U01S04 \nL'agent de contr\u00f4le de \nla section U01S04 \u00e0 \nl'exception de la \nsoci\u00e9t\u00e9 OVH, sise 90 \navenue Felix Faure \n69003 LYON ( Siret : \n42476141900284) dont \nl'int\u00e9rim est assur\u00e9 par \nle directeur adjoint \ninspectant de la section \nU01S06 \nL'agent de contr\u00f4le de la \nsection U01S04 \nSection U01S11 \nLe responsable de \nl'unit\u00e9 de contr\u00f4le \nUC1 Lyon centre \nL'agent de contr\u00f4le de \nla section U01S07 \nLe responsable de l'unit\u00e9 \nde contr\u00f4le UC1 Lyon \ncentre \n \n  \n69_DDETS_Direction d\u00e9partementale de l'emploi du travail et des solidarit\u00e9s - 69-2026-03-05-00001 - DECISION DREETS/T/2026/23\nportant affectation des agents de contr\u00f4le dans les unit\u00e9s de contr\u00f4le de l'inspection du travail de la direction d\u00e9partementale de\nl'emploi, du travail et des solidarit\u00e9s du d\u00e9partement du Rh\u00f4ne, et gestion des int\u00e9rims,\n9\n6/17 \n \nUnit\u00e9 de contr\u00f4le 2, Rh\u00f4ne Sud-Ouest  \n \nSection Agent de contr\u00f4le assurant \nl'int\u00e9rim Pouvoir de d\u00e9cision administrative \nSection U02S01  : Gr\u00e9zieu  la \nVarenne, Francheville, Polionnay, \nSauf les soci\u00e9t\u00e9s : \nADnucleis - 30 chemin des \nmouilles, 69290 Grezieu-La-\nVarenne- siret : 49780216500017 \nIODOLAB - 3 route des pierres \nblanches, 69290 Grezieu-La-\nVarenne -Siret : 45064781300036 \nCentre social Michel PACHE  \u00e0 \nFrancheville - Siret : \n31208343900033 \n \nL'agent de contr\u00f4le de la section \nU02S05 \nL'agent de contr\u00f4le de la section \nU02S05 \nSection U02S01  pour le Centre \nsocial Michel PACHE  \u00e0 \nFrancheville \n Siret : 31208343900033  \nL'agent de contr\u00f4le de la section \nU02S05 \nL'agent de contr\u00f4le de la section \nU01S07 \nBindas, Messimy, Thurins \nL'agent de contr\u00f4le de la section \nU02S03 \nL'agent de contr\u00f4le de la section \nU02S03 \nSection U02S01  : Yzeron , \nCourzieu, Vaugneray \nL'agent de contr\u00f4le de la section \nU02S9 \nL'agent de contr\u00f4le de la section \nU02S9 \nSection U02S01 pour les \nsoci\u00e9t\u00e9s : \nADnucleis - 30 chemin des \nmouilles, 69290 Grezieu-La-\nVarenne- siret : 49780216500017 \nIODOLAB - 3 route des pierres \nblanches, 69290 Grezieu-La-\nVarenne -Siret : 45064781300036 \nL'agent de contr\u00f4le de la section \nU02S07 \nL'agent de contr\u00f4le de la section \nU02S07 \n \n \nUnit\u00e9 de contr\u00f4le 3, Lyon-Villeurbanne  \n \n \nSection Agent de contr\u00f4le assurant \nl'int\u00e9rim \nPouvoir de d\u00e9cision \nadministrative \n \n \nUnit\u00e9 de contr\u00f4le 4, Rh\u00f4ne Centre Est \n \n \nSection Agent de contr\u00f4le assurant \nl'int\u00e9rim \nPouvoir de d\u00e9cision \nadministrative \nSection U04S02 \nL'agent de contr\u00f4le de la section  \nU04S05 \nLa Responsable de l'unit\u00e9 de contr\u00f4le \nUC 4 Rh\u00f4ne-Centre Est \nSection U04S03 jusqu'au 31 mars \n2026 \nL'agent de contr\u00f4le de la section \nU02S06 \nL'agent de contr\u00f4le de la section \nU02S06 \nSection U04S04, en l'absence de \nl'Inspectrice du travail comp\u00e9tente \net jusqu'au 31 mars 2026 \nL'agent de contr\u00f4le de la section \nU06S08 \nL'agent de contr\u00f4le de la section \nU06S08 \nSection U04S07 L'agent de contr\u00f4le de la section \nU04S08 \nLa Responsable de l'unit\u00e9 de contr\u00f4le \nUC 4 Rh\u00f4ne-Centre Est \n \n  \n69_DDETS_Direction d\u00e9partementale de l'emploi du travail et des solidarit\u00e9s - 69-2026-03-05-00001 - DECISION DREETS/T/2026/23\nportant affectation des agents de contr\u00f4le dans les unit\u00e9s de contr\u00f4le de l'inspection du travail de la direction d\u00e9partementale de\nl'emploi, du travail et des solidarit\u00e9s du d\u00e9partement du Rh\u00f4ne, et gestion des int\u00e9rims,\n10\n7/17 \n \n \nUnit\u00e9 de contr\u00f4le 5, Rh\u00f4ne-Nord-et-Agriculture  \n \n Section Agent de contr\u00f4le assurant \nl'int\u00e9rim \nPouvoir de d\u00e9cision \nadministrative \nSection U05S06 pour les communes \nde Limas, Pommiers, Anse, \nAmberieux d'Azergues, Quincieux, \nLucenay, Lachassagne, Marcy, Alix, \nFrontenas et theiz\u00e9. \nL'agent de contr\u00f4le de la section \nU05S02 \nL'agent de contr\u00f4le de la section \nU05S02 \nSection U05S06 pour les communes \nde Moranc\u00e9, Chazay  d'Azergues, \nMarcilly d'Azergues, Civrieux \nd'Azergues, Lozanne, Saint jean \ndes vignes, Belmont, Charnay, \nChessy, Chatillon d'Azergues. \n \nL'agent de contr\u00f4le de la section \nU05S07 \nL'agent de contr\u00f4le de la section \nU05S07 \nSection U05S09 \nEntreprises et chantiers relevant du \nr\u00e9gime agriculture et jusqu'au retour \nde l'agent comp\u00e9tent \nL'agent de contr\u00f4le de la section \nU05S08 \nL'agent de contr\u00f4le de la section \nU05S08 \n \nSection U05S09 \nEntreprises et chantiers relavant du \nr\u00e9gime g\u00e9n\u00e9ral et jusqu'au retour de \nl'agent comp\u00e9tent \nL'inspecteur du travail de la section \nU05S10 \nL'agent de contr\u00f4le de la section \nU05S10 \n \n \nUnit\u00e9 de contr\u00f4le 6, Rh\u00f4ne-Transports \n \n \nSection Agent de contr\u00f4le assurant \nl'int\u00e9rim \nPouvoir de d\u00e9cision \nadministrative \nSection U06S03, en l'absence de \nl'Inspecteur du travail comp\u00e9tent \nL'agent de contr\u00f4le de la section \nU06S01 \nL'agent de contr\u00f4le de la section \nU06S01 \nA compter du 20 f\u00e9vrier 2026, sur la \nsection U06S09, en l'absence de \nl'Inspecteur du travail comp\u00e9tent \nL'agent de contr\u00f4le de la section \nU06S05 \nL'agent de contr\u00f4le de la section \nU06S05 \n \n \nUnit\u00e9 de contr\u00f4le 7, Lyon-Vall\u00e9e Du Rh\u00f4ne, \n \n \nSection Contr\u00f4le \n\u00e9tablissements \nPouvoir de \nd\u00e9cision \nadministrative \nAgent de contr\u00f4le \nassurant l'int\u00e9rim \nLes \u00e9tablissements situ\u00e9s au 213 rue \nde Gerland 69007 LYON \nLa responsable de \nl'unit\u00e9 de contr\u00f4le \nUC7 Lyon Vall\u00e9e du \nRh\u00f4ne \nLa responsable de \nl'unit\u00e9 de contr\u00f4le \nUC7 Lyon Vall\u00e9e du \nRh\u00f4ne \nDirecteur adjoint du \ntravail inspectant de la \nsection U07S05 \n \n \n \n \n \n \n \n \n69_DDETS_Direction d\u00e9partementale de l'emploi du travail et des solidarit\u00e9s - 69-2026-03-05-00001 - DECISION DREETS/T/2026/23\nportant affectation des agents de contr\u00f4le dans les unit\u00e9s de contr\u00f4le de l'inspection du travail de la direction d\u00e9partementale de\nl'emploi, du travail et des solidarit\u00e9s du d\u00e9partement du Rh\u00f4ne, et gestion des int\u00e9rims,\n11\n8/17 \n \nSection Agent de contr\u00f4le assurant \nl'int\u00e9rim \nPouvoir de d\u00e9cision \nadministrative \nSection U07S04 L'agent de contr\u00f4le de la section \nU07S06 \nL'agent de contr\u00f4le de la section \nU07S06 \nSection U07S05 \nIRIS 693870403 Route de Vienne \njusqu'au retour de l'agent \ncomp\u00e9tent \n \nL'agent de contr\u00f4le de la section \nU07S08 \nL'agent de contr\u00f4le de la section \nU07S08 \nSection U07S05 \nIRIS 693870701 Artillerie- La gare \nSauf les \u00e9tablissements situ\u00e9s au \n213 rue de Gerland 69007 LYON \njusqu'au retour de l'agent \ncomp\u00e9tent \nL'agent de contr\u00f4le de la section \nU07S07 \nL'agent de contr\u00f4le de la section \nU07S07 \nSection U07S05 \nIRIS 693870802 jusqu'au retour de \nl'agent comp\u00e9tent \nL'agent de contr\u00f4le de la section \nU07S03 \nL'agent de contr\u00f4le de la section \nU07S03 \nSection U07S05 \nIRIS 693870901 jusqu'au retour de \nl'agent comp\u00e9tent \nL'agent de contr\u00f4le de la section \nU07S02 \nL'agent de contr\u00f4le de la section \nU07S02 \nSection U07S05 \nLes \u00e9tablissements de transports \nurbains et suburbains du Rh\u00f4ne \njusqu'au retour de l'agent \ncomp\u00e9tent \n \nL'agent de contr\u00f4le de la section \nU06S04 \n \nL'agent de contr\u00f4le de la section \nU06S04 \n \n \n \n \n \n \n \nArticle 3 bis :  \n \nEn cas d'absence ou d'emp\u00eachement d'un ou plusieurs agents de contr\u00f4les d\u00e9sign\u00e9s \u00e0 l'article 2, et sauf d\u00e9cision \nexpresse d\u00e9finissant pour une dur\u00e9e d\u00e9termin\u00e9e une organisation de l'int\u00e9rim particuli\u00e8re, l'int\u00e9rim est organis\u00e9 par \nl'agent de contr\u00f4le d\u00e9sign\u00e9 dans les tableaux ci -apr\u00e8s en int\u00e9rim 1, ou en cas d'absence et d'emp\u00eachement de ce \ndernier par l'agent de contr\u00f4le d\u00e9sign\u00e9 dans les tableaux ci -apr\u00e8s en int\u00e9rim 2, ou en cas d'absence et \nd'emp\u00eachement de ce dernier par l'agent de contr\u00f4le d\u00e9sign\u00e9 dans les tableaux ci -apr\u00e8s en int\u00e9rim 3, ou en cas \nd'absence et d'emp\u00eachement de ce dernier par l'agent de contr\u00f4le d\u00e9sign\u00e9 dans les tableaux ci -apr\u00e8s en int\u00e9rim 4, ou \nen cas d'absence et d'emp\u00eachement de ce dernier par l'agent de contr\u00f4le d\u00e9sign\u00e9 dans les tableaux ci -apr\u00e8s en \nint\u00e9rim 5 ou en cas d'absence et d'emp\u00eachement de ce dernier par l'agent de contr\u00f4le d\u00e9sign\u00e9 dans les tableaux ci -\napr\u00e8s en int\u00e9rim 6, ou en cas d'absence et d'emp\u00eachement de ce dernier par l'agent de contr\u00f4le d\u00e9sign\u00e9 dans les \ntableaux ci-apr\u00e8s en int\u00e9rim 7 ou en cas d'absence et d'emp\u00eachement de ce dernier par l'agent de contr\u00f4le d\u00e9sign\u00e9 \ndans les tableaux ci -apr\u00e8s en int\u00e9rim 8,  ou en cas d'absence et d'emp\u00eachement de ce dernier par l'agent de contr\u00f4le \nd\u00e9sign\u00e9 dans les tableaux ci -apr\u00e8s en int\u00e9rim 9, ou en cas d'absence et d'emp\u00eachement de ce dernier par l'agent de \ncontr\u00f4le d\u00e9sign\u00e9 dans les tableaux ci-apr\u00e8s en int\u00e9rim 10 \n  \n69_DDETS_Direction d\u00e9partementale de l'emploi du travail et des solidarit\u00e9s - 69-2026-03-05-00001 - DECISION DREETS/T/2026/23\nportant affectation des agents de contr\u00f4le dans les unit\u00e9s de contr\u00f4le de l'inspection du travail de la direction d\u00e9partementale de\nl'emploi, du travail et des solidarit\u00e9s du d\u00e9partement du Rh\u00f4ne, et gestion des int\u00e9rims,\n12\n9/17 \n \n \n \n1. Unit\u00e9 de contr\u00f4le 1, Lyon-Centre :  \nInt\u00e9rim des agents de contr\u00f4le : \nAgent de \ncontr\u00f4le \nInt\u00e9rim 1 Int\u00e9rim 2 Int\u00e9rim 3 Int\u00e9rim 4 Int\u00e9rim 5 Int\u00e9rim 6 Int\u00e9rim 7 Int\u00e9rim 8 Int\u00e9rim 9 \nL'agent de \ncontr\u00f4le de la \nsection \nU01S01, \nChantal \nGIRERD \nL'agent de \ncontr\u00f4le de la \nsection \nU01S05, \nSabrina AUGE \nL'agent de \ncontr\u00f4le de la \nsection \nU01S03, \nAxelle \nRULLIAT \nL'agent de \ncontr\u00f4le de la \nsection \nU01S02, \nAnissa EL \nGALA\u00cf \nL'agent de \ncontr\u00f4le de la \nsection \nU01S09, \nEsther \nPICARD \nL'agent de \ncontr\u00f4le de la \nsection \nU01S06, \nPhilippe \nFEYEUX \nL'agent de \ncontr\u00f4le de la \nsection \nU01S08, \nL'agent de \ncontr\u00f4le de la \nsection \nU01S10, \nCharlotte \nDUNOYER, \nL'agent de \ncontr\u00f4le de la \nsection U01S04 \nMohammed \nBENCHERGUI \nL'agent de \ncontr\u00f4le de la \nsection U01S07, \nAmbre \nGUILLAUMONT \nL'agent de \ncontr\u00f4le de la \nsection \nU01S02, \nAnissa EL \nGALAI \nL'agent de \ncontr\u00f4le de la \nsection \nU01S06, \nPhilippe \nFEYEUX \nL'agent de \ncontr\u00f4le de la \nsection \nU01S09, \nEsther \nPICARD \nL'agent de \ncontr\u00f4le de la \nsection \nU01S08, \nL'agent de \ncontr\u00f4le de la \nsection \nU01S05, \nSabrina AUGE \nL'agent de \ncontr\u00f4le de la \nsection \nU01S01, \nChantal \nGIRERD \nL'agent de \ncontr\u00f4le de la \nsection \nU01S10, \nCharlotte \nDUNOYER, \nL'agent de \ncontr\u00f4le de la \nsection \nU01S03, \nAxelle \nRULLIAT \nL'agent de \ncontr\u00f4le de la \nsection U01S04 \nMohammed \nBENCHERGUI \nL'agent de \ncontr\u00f4le de la \nsection U01S07, \nAmbre \nGUILLAUMONT \nL'agent de \ncontr\u00f4le de la \nsection \nU01S03, \nAxelle \nRULLIAT \nL'agent de \ncontr\u00f4le de la \nsection \nU01S10, \nCharlotte \nDUNOYER, \nL'agent de \ncontr\u00f4le de la \nsection \nU01S09, \nEsther \nPICARD \nL'agent de \ncontr\u00f4le de la \nsection \nU01S01, \nChantal \nGIRERD \nL'agent de \ncontr\u00f4le de la \nsection \nU01S08, \nL'agent de \ncontr\u00f4le de la \nsection \nU01S06, \nPhilippe \nFEYEUX \nL'agent de \ncontr\u00f4le de la \nsection \nU01S05 \nSabrina AUG\u00c9 \nL'agent de \ncontr\u00f4le de la \nsection \nU01S02, \nAnissa EL \nGALAI \nL'agent de \ncontr\u00f4le de la \nsection U01S04 \nMohammed \nBENCHERGUI \nL'agent de \ncontr\u00f4le de la \nsection U01S07, \nAmbre \nGUILLAUMONT \nL'agent de \ncontr\u00f4le de la \nsection \nU01S04 \nMohammed \nBENCHERGUI \nL'agent de \ncontr\u00f4le de la \nsection \nU01S05, \nSabrina AUG\u00c9 \nL'agent de \ncontr\u00f4le de la \nsection \nU01S01, \nChantal \nGIRERD \nL'agent de \ncontr\u00f4le de la \nsection \nU01S08, \nL'agent de \ncontr\u00f4le de la \nsection \nU01S03, \nAxelle \nRULLIAT \nL'agent de \ncontr\u00f4le de la \nsection \nU01S02, \nAnissa EL \nGALAI \nL'agent de \ncontr\u00f4le l de la \nsection \nU01S10, \nCharlotte \nDUNOYER, \nL'agent de \ncontr\u00f4le de la \nsection \nU01S09, \nEsther \nPICARD \nL'agent de \ncontr\u00f4le de la \nsection U01S06, \nPhilippe FEYEUX \nL'agent de \ncontr\u00f4le de la \nsection U01S07, \nAmbre \nGUILLAUMONT \nL'agent de \ncontr\u00f4le de la \nsection \nU01S05, \nSabrina AUG\u00c9 \nL'agent de \ncontr\u00f4le de la \nsection \nU01S01, \nChantal \nGIRERD \nL'agent de \ncontr\u00f4le de la \nsection \nU01S08, \nL'agent de \ncontr\u00f4le de la \nsection \nU01S03, \nAxelle \nRULLIAT \nL'agent de \ncontr\u00f4le de la \nsection \nU01S02, \nAnissa EL \nGALAI \nL'agent de \ncontr\u00f4le de la \nsection \nU01S10, \nCharlotte \nDUNOYER, \nL'agent de \ncontr\u00f4le de la \nsection \nU01S09, \nEsther \nPICARD \nL'agent de \ncontr\u00f4le de la \nsection \nU01S06, \nPhilippe \nFEYEUX \nL'agent de \ncontr\u00f4le de la \nsection U01S04 \nMohammed \nBENCHERGUI \nL'agent de \ncontr\u00f4le de la \nsection U01S07, \nAmbre \nGUILLAUMONT \nL'agent de \ncontr\u00f4le de la \nsection \nU01S06, \nPhilippe \nFEYEUX \nL'agent de \ncontr\u00f4le de la \nsection \nU01S03, \nAxelle \nRULLIAT \n \nL'agent de \ncontr\u00f4le de la \nsection \nU01S09, \nEsther \nPICARD \nL'agent de \ncontr\u00f4le de la \nsection \nU01S05, \nSabrina AUG\u00c9 \nL'agent de \ncontr\u00f4le de la \nsection \nU01S08, \nL'agent de \ncontr\u00f4le de la \nsection \nU01S10, \nCharlotte \nDUNOYER, \nL'agent de \ncontr\u00f4le de la \nsection \nU01S02, \nAnissa EL \nGALAI \nL'agent de \ncontr\u00f4le de la \nsection \nU01S01, \nChantal \nGIRERD \nL'agent de \ncontr\u00f4le de la \nsection U01S04 \nMohammed \nBENCHERGUI \nL'agent de \ncontr\u00f4le de la \nsection U01S07, \nAmbre \nGUILLAUMONT \nL'agent de \ncontr\u00f4le de la \nsection U01S07, \nAmbre \nGUILLAUMONT \nL'agent de \ncontr\u00f4le de la \nsection \nU01S02, \nAnissa EL \nGALAI \nL'agent de \ncontr\u00f4le de la \nsection \nU01S10, \nCharlotte \nDUNOYER, \nL'agent de \ncontr\u00f4le de la \nsection \nU01S05, \nSabrina AUG\u00c9 \nL'agent de \ncontr\u00f4le de la \nsection \nU01S03, \nAxelle \nRULLIAT \nL'agent de \ncontr\u00f4le de la \nsection \nU01S01, \nChantal \nGIRERD \nL'agent de \ncontr\u00f4le de la \nsection \nU01S09, \nEsther \nPICARD \nL'agent de \ncontr\u00f4le de la \nsection \nU01S06, \nPhilippe \nFEYEUX \nL'agent de \ncontr\u00f4le de la \nsection U01S08 \nL'agent de \ncontr\u00f4le de la \nsection U01S04 \nMohammed \nBENCHERGUI \nL'agent de \ncontr\u00f4le de la \nsection \nU01S08, \nL'agent de \ncontr\u00f4le de la \nsection \nU01S04 \nMohammed \nBENCHERGUI \nL'agent de \ncontr\u00f4le de la \nsection \nU01S01, \nChantal \nGIRERD \nL'agent de \ncontr\u00f4le de la \nsection \nU01S05, \nSabrina AUG\u00c9 \nL'agent de \ncontr\u00f4le de la \nsection \nU01S03, Axelle \nRULLIAT \nL'agent de \ncontr\u00f4le de la \nsection \nU01S06, \nPhilippe \nFEYEUX \nL'agent de \ncontr\u00f4le de la \nsection \nU01S10, \nCharlotte \nDUNOYER, \nL'agent de \ncontr\u00f4le de la \nsection \nU01S09, \nEsther \nPICARD \nL'agent de \ncontr\u00f4le de la \nsection \nU01S02 \nAnissa \nEL GALAI \nL'agent de \ncontr\u00f4le de la \nsection U01S07, \nAmbre \nGUILLAUMONT \nL'agent de \ncontr\u00f4le de la \nsection \nU01S09, \nEsther \nPICARD \nL'agent de \ncontr\u00f4le de la \nsection \nU01S06, \nPhilippe \nFEYEUX \nL'agent de \ncontr\u00f4le de la \nsection \nU01S05, \nSabrina AUG\u00c9 \nL'agent de \ncontr\u00f4le de la \nsection \nU01S03, \nAxelle \nRULLIAT \nL'agent de \ncontr\u00f4le de la \nsection \nU01S08, B \nL'agent de \ncontr\u00f4le de la \nsection \nU01S01, \nChantal \nGIRERD \nL'agent de \ncontr\u00f4le de la \nsection \nU01S10, \nCharlotte \nDUNOYER, \nL'agent de \ncontr\u00f4le de la \nsection \nU01S02, \nAnissa EL \nGALAI \nL'agent de \ncontr\u00f4le de la \nsection U01S04 \nMohammed \nBENCHERGUI \nL'agent de \ncontr\u00f4le de la \nsection U01S07, \nAmbre \nGUILLAUMONT \nL'agent de \ncontr\u00f4le de la \nsection \nU01S10, \nCharlotte \nDUNOYER, \nL'agent de \ncontr\u00f4le de la \nsection \nU01S08 \nL'agent de \ncontr\u00f4le de la \nsection \nU01S01, \nChantal \nGIRERD \nL'agent de \ncontr\u00f4le de la \nsection \nU01S09, \nEsther \nPICARD \nL'agent de \ncontr\u00f4le de la \nsection \nU01S03, \nAxelle \nRULLIAT \n \nL'agent de \ncontr\u00f4le de la \nsection \nU01S06, \nPhilippe \nFEYEUX \nL'agent de \ncontr\u00f4le de la \nsection \nU01S05, \nSabrina AUG\u00c9 \nL'agent de \ncontr\u00f4le de la \nsection \nU01S02, \nAnissa EL \nGALAI \nL'agent de \ncontr\u00f4le de la \nsection U01S04 \nMohammed \nBENCHERGUI \nL'agent de \ncontr\u00f4le de la \nsection U01S07, \nAmbre \nGUILLAUMONT \nL'agent de \ncontr\u00f4le de la \nsection \nU01S11 \nL'agent de \ncontr\u00f4le de la \nsection \nU01S02, \nAnissa EL \nGALAI \nL'agent de \ncontr\u00f4le de la \nsection \nU01S09, Esther \nPICARD \nL'agent de \ncontr\u00f4le de la \nsection \nU01S03, \nAxelle \nRULLIAT \n \nL'agent de \ncontr\u00f4le de la \nsection \nU01S06, \nPhilippe \nFEYEUX \nL'agent de \ncontr\u00f4le de la \nsection \nU01S05, \nSabrina AUG\u00c9 \nL'agent de \ncontr\u00f4le de la \nsection U01S04 \nMohammed \nBENCHERGUI \nL'agent de \ncontr\u00f4le de la \nsection \nU01S10, \nCharlotte \nDUNOYER, \nL'agent de \ncontr\u00f4le de la \nsection \nU01S01, \nChantal \nGIRERD \nL'agent de \ncontr\u00f4le de la \nsection U01S07, \nAmbre \nGUILLAUMONT \n \n \n \nEn cas d'absence ou d'emp\u00eachement simultan\u00e9 des agents de contr\u00f4le affect\u00e9s au sein de l'unit\u00e9 de contr\u00f4le faisant \nobstacle \u00e0 ce que l'int\u00e9rim soit assur\u00e9 selon les modalit\u00e9s fix\u00e9es ci -dessus, l'int\u00e9rim est assur\u00e9 par un agent de \ncontr\u00f4le des unit\u00e9s de contr\u00f4le Rh\u00f4ne -Sud-Ouest, Lyon-Villeurbanne, Rh\u00f4ne-Centre-Est, Rh\u00f4ne-Nord-et-Agriculture, \nRh\u00f4ne-Transports, Lyon-Vall\u00e9e Du Rh\u00f4ne ou par un responsable d'unit\u00e9 de contr\u00f4le.  \n69_DDETS_Direction d\u00e9partementale de l'emploi du travail et des solidarit\u00e9s - 69-2026-03-05-00001 - DECISION DREETS/T/2026/23\nportant affectation des agents de contr\u00f4le dans les unit\u00e9s de contr\u00f4le de l'inspection du travail de la direction d\u00e9partementale de\nl'emploi, du travail et des solidarit\u00e9s du d\u00e9partement du Rh\u00f4ne, et gestion des int\u00e9rims,\n13\n10/17 \n \nUnit\u00e9 de contr\u00f4le 2, Rh\u00f4ne-Sud-Ouest \n \n Int\u00e9rim des agents de contr\u00f4le : \n \nAgent de \ncontr\u00f4le Int\u00e9rim 1 Int\u00e9rim 2 Int\u00e9rim 3 Int\u00e9rim 4 Int\u00e9rim 5 Int\u00e9rim 6 Int\u00e9rim 7 Int\u00e9rim 8 Int\u00e9rim 9 \nL'agent de \ncontr\u00f4le de la \nsection \nU02S01, \nCatherine \nELLUL \nL'agent de \ncontr\u00f4le du \ntravail de la \nsection \nU02S07 Ana\u00efs \nCIMA \nL'agent de \ncontr\u00f4le du \ntravail de la \nsection \nU02S04, \nCaroline \nBLANC \nL'agent de \ncontr\u00f4le du \ntravail de la \nsection \nU02S03, \nMyriam VITTI \nL'agent de \ncontr\u00f4le du \ntravail de la \nsection \nU02S02, \nSamir SEGHIR \nL'agent de \ncontr\u00f4le du \ntravail de la \nsection \nU02S06, \nMarilou \nALVAREZ \nL'agent de \ncontr\u00f4le du \ntravail de la \nsection \nU02S08, Anne \nGILLES-\nLAPALUS \nL'agent de \ncontr\u00f4le du \ntravail de la \nsection \nU02S05, Anne \nPEYSSONNE\nAUX \nL'agent de \ncontr\u00f4le de la \nsection \nU02S09, \nRomain \nCHAMBERT \nL'agent de \ncontr\u00f4le du \ntravail de la \nsection \nU02S10, \nMartin \nCROUZET \nL'agent de \ncontr\u00f4le du \ntravail de la \nsection \nU02S02, \nSamir SEGHIR \nL'agent de \ncontr\u00f4le du \ntravail de la \nsection \nU02S03, \nMyriam VITTI \nL'agent de \ncontr\u00f4le de la \nsection \nU02S09, \nRomain \nCHAMBERT \nL'agent de \ncontr\u00f4le de la \nsection \nU02S01, \nCatherine \nELLUL \nL'agent de \ncontr\u00f4le du \ntravail de la \nsection \nU02S10, \nMartin \nCROUZET \nL'agent de \ncontr\u00f4le du \ntravail de la \nsection \nU02S04, \nCaroline \nBLANC \nL'agent de \ncontr\u00f4le du \ntravail de la \nsection \nU02S06, \nMarilou \nALVAREZ \nL'agent de \ncontr\u00f4le du \ntravail de la \nsection \nU02S05, Anne \nPEYSSONNE\nAUX \nL'agent de \ncontr\u00f4le du \ntravail de la \nsection \nU02S08, Anne \nGILLES-\nLAPALUS \nL'agent de \ncontr\u00f4le du \ntravail de la \nsection \nU02S07 Ana\u00efs \nCIMA \nL'agent de \ncontr\u00f4le du \ntravail de la \nsection U02S03, \nMyriam VITTI \nL'agent de \ncontr\u00f4le de la \nsection \nU02S09, \nRomain \nCHAMBERT \nL'agent de \ncontr\u00f4le du \ntravail de la \nsection \nU02S02, Samir \nSEGHIR \nL'agent de \ncontr\u00f4le du \ntravail de la \nsection \nU02S04, \nCaroline \nBLANC \nL'agent de \ncontr\u00f4le de la \nsection \nU02S01, \nCatherine \nELLUL \nL'agent de \ncontr\u00f4le du \ntravail de la \nsection \nU02S07 Ana\u00efs \nCIMA \nL'agent de \ncontr\u00f4le du \ntravail de la \nsection \nU02S06, \nMarilou \nALVAREZ \nL'agent de \ncontr\u00f4le du \ntravail de la \nsection \nU02S08, Anne \nGILLES-\nLAPALUS \nL'agent de \ncontr\u00f4le du \ntravail de la \nsection \nU02S10, \nMartin \nCROUZET \nL'agent de \ncontr\u00f4le du \ntravail de la \nsection \nU02S05, Anne \nPEYSSONNE\nAUX \nL'agent de \ncontr\u00f4le du \ntravail de la \nsection \nU02S04, \nCaroline \nBLANC \nL'agent de \ncontr\u00f4le du \ntravail de la \nsection \nU02S05, Anne \nPEYSSONNE\nAUX \nL'agent de \ncontr\u00f4le de la \nsection \nU02S01, \nCatherine \nELLUL \nL'agent de \ncontr\u00f4le du \ntravail de la \nsection \nU02S06, \nMarilou \nALVAREZ \nL'agent de \ncontr\u00f4le du \ntravail de la \nsection \nU02S08, Anne \nGILLES-\nLAPALUS \nL'agent de \ncontr\u00f4le du \ntravail de la \nsection U02S02, \nSamir SEGHIR \nL'agent de \ncontr\u00f4le du \ntravail de la \nsection U02S10, \nMartin \nCROUZET \nL'agent de \ncontr\u00f4le du \ntravail de la \nsection U02S03, \nMyriam VITTI \nL'agent de \ncontr\u00f4le de la \nsection U02S09, \nRomain \nCHAMBERT \nL'agent de \ncontr\u00f4le du \ntravail de la \nsection U02S07 \nAna\u00efs CIMA \nL'agent de \ncontr\u00f4le du \ntravail de la \nsection \nU02S05, Anne \nPEYSSONNE\nAUX \nL'agent de \ncontr\u00f4le du \ntravail de la \nsection \nU02S10, \nMartin \nCROUZET \nL'agent de \ncontr\u00f4le du \ntravail de la \nsection \nU02S06, \nMarilou \nALVAREZ \nL'agent de \ncontr\u00f4le du \ntravail de la \nsection \nU02S08, Anne \nGILLES-\nLAPALUS \nL'agent de \ncontr\u00f4le de la \nsection \nU02S09, \nRomain \nCHAMBERT \nL'agent de \ncontr\u00f4le de la \nsection U02S01, \nCatherine \nELLUL \nL'agent de \ncontr\u00f4le du \ntravail de la \nsection U02S03, \nMyriam VITTI \nL'agent de \ncontr\u00f4le du \ntravail de la \nsection U02S02, \nSamir SEGHIR \nL'agent de \ncontr\u00f4le du \ntravail de la \nsection U02S04, \nCaroline BLANC \nL'agent de \ncontr\u00f4le du \ntravail de la \nsection U02S07 \nAna\u00efs CIMA \nL'agent de \ncontr\u00f4le du \ntravail de la \nsection \nU02S06, \nMarilou \nALVAREZ \nL'agent de \ncontr\u00f4le du \ntravail de la \nsection \nU02S08, Anne \nGILLES-\nLAPALUS \nL'agent de \ncontr\u00f4le du \ntravail de la \nsection \nU02S05, Anne \nPEYSSONNE\nAUX \nL'agent de \ncontr\u00f4le du \ntravail de la \nsection \nU02S10, \nMartin \nCROUZET \nL'agent de \ncontr\u00f4le du \ntravail de la \nsection U02S04, \nCaroline BLANC \nL'agent de \ncontr\u00f4le du \ntravail de la \nsection \nU02S03, \nMyriam VITTI \nL'agent de \ncontr\u00f4le du \ntravail de la \nsection \nU02S07 Ana\u00efs \nCIMA \nL'agent de \ncontr\u00f4le du \ntravail de la \nsection \nU02S02, \nSamir SEGHIR \nL'agent de \ncontr\u00f4le de la \nsection \nU02S09, \nRomain \nCHAMBERT \nL'agent de \ncontr\u00f4le de la \nsection \nU02S01, \nCatherine \nELLUL \nL'agent de \ncontr\u00f4le \nU02S07 Ana\u00efs \nCIMA \nL'agent de \ncontr\u00f4le de la \nsection \nU02S01, \nCatherine \nELLUL \nL'agent de \ncontr\u00f4le du \ntravail de la \nsection U02S04, \nCaroline BLANC \nL'agent de \ncontr\u00f4le du \ntravail de la \nsection \nU02S02, \nSamir \nSEGHIR \nL'agent de \ncontr\u00f4le du \ntravail de la \nsection \nU02S03, \nMyriam VITTI \nL'agent de \ncontr\u00f4le du \ntravail de la \nsection \nU02S06, \nMarilou \nALVAREZ \nL'agent de \ncontr\u00f4le du \ntravail de la \nsection \nU02S08, Anne \nGILLES-\nLAPALUS \nL'agent de \ncontr\u00f4le du \ntravail de la \nsection \nU02S10, \nMartin \nCROUZET \nL'agent de \ncontr\u00f4le du \ntravail de la \nsection \nU02S05, Anne \nPEYSSONNE\nAUX \nL'agent de \ncontr\u00f4le de la \nsection \nU02S09, \nRomain \nCHAMBERT \nL'agent de \ncontr\u00f4le du \ntravail de la \nsection \nU02S08, Anne \nGILLES-\nLAPALUS \nL'agent de \ncontr\u00f4le du \ntravail de la \nsection \nU02S06, \nMarilou \nALVAREZ \nL'agent de \ncontr\u00f4le du \ntravail de la \nsection \nU02S04, \nCaroline \nBLANC \nL'agent de \ncontr\u00f4le du \ntravail de la \nsection \nU02S05, Anne \nPEYSSONNE\nAUX \nL'agent de \ncontr\u00f4le de la \nsection \nU02S01, \nCatherine \nELLUL \nL'agent de \ncontr\u00f4le de la \nsection \nU02S09, \nRomain \nCHAMBERT \nL'agent de \ncontr\u00f4le du \ntravail de la \nsection \nU02S07 Ana\u00efs \nCIMA \nL'agent de \ncontr\u00f4le du \ntravail de la \nsection \nU02S02, \nSamir SEGHIR \nL'agent de \ncontr\u00f4le du \ntravail de la \nsection \nU02S10, \nMartin \nCROUZET \nL'agent de \ncontr\u00f4le du \ntravail de la \nsection \nU02S03, \nMyriam VITTI \nL'agent de \ncontr\u00f4le de la \nsection \nU02S09, \nRomain \nCHAMBERT \nL'agent de \ncontr\u00f4le du \ntravail de la \nsection \nU02S02, \nSamir \nSEGHIR \nL'agent de \ncontr\u00f4le du \ntravail de la \nsection \nU02S03, \nMyriam VITTI \nL'agent de \ncontr\u00f4le de la \nsection \nU02S01, \nCatherine \nELLUL \nL'agent de \ncontr\u00f4le du \ntravail de la \nsection \nU02S07 Ana\u00efs \nCIMA \nL'agent de \ncontr\u00f4le du \ntravail de la \nsection \nU02S08, Anne \nGILLES-\nLAPALUS \nL'agent de \ncontr\u00f4le du \ntravail de la \nsection \nU02S05, Anne \nPEYSSONNE\nAUX \nL'agent de \ncontr\u00f4le du \ntravail de la \nsection \nU02S04, \nCaroline \nBLANC \nL'agent de \ncontr\u00f4le du \ntravail de la \nsection \nU02S10, \nMartin \nCROUZET \nL'agent de \ncontr\u00f4le du \ntravail de la \nsection \nU02S06, \nMarilou \nALVAREZ \nL'agent de \ncontr\u00f4le du \ntravail de la \nsection \nU02S10, \nMartin \nCROUZET \nL'agent de \ncontr\u00f4le du \ntravail de la \nsection \nU02S05, Anne \nPEYSSONNE\nAUX \nL'agent de \ncontr\u00f4le de la \nsection \nU02S09, \nRomain \nCHAMBERT \nL'agent de \ncontr\u00f4le du \ntravail de la \nsection \nU02S07 Ana\u00efs \nCIMA \nL'agent de \ncontr\u00f4le du \ntravail de la \nsection \nU02S08, Anne \nGILLES-\nLAPALUS \nL'agent de \ncontr\u00f4le du \ntravail de la \nsection \nU02S04, \nCaroline \nBLANC \nL'agent de \ncontr\u00f4le du \ntravail de la \nsection \nU02S03, \nMyriam VITTI \nL'agent de \ncontr\u00f4le de la \nsection \nU02S01, \nCatherine \nELLUL \nL'agent de \ncontr\u00f4le du \ntravail de la \nsection \nU02S06, \nMarilou \nALVAREZ \nL'agent de \ncontr\u00f4le du \ntravail de la \nsection \nU02S02, \nSamir \nSEGHIR \n \nEn cas d'absence ou d'emp\u00eachement simultan\u00e9 des agents de contr\u00f4le affect\u00e9s au sein de l'unit\u00e9 de contr\u00f4le faisant \nobstacle \u00e0 ce que l'int\u00e9rim soit assur\u00e9 selon les modalit\u00e9s fix\u00e9es ci -dessus, l'int\u00e9rim est assur\u00e9 par un agent de \ncontr\u00f4le des unit\u00e9s de contr\u00f4le Lyon -Centre, Lyon -Villeurbanne, Rh\u00f4ne -Centre-Est, Rh\u00f4ne -Nord-et-Agriculture, \nRh\u00f4ne-Transports, Lyon-Vall\u00e9e Du Rh\u00f4ne ou par un responsable d'unit\u00e9 de contr\u00f4le. \n \n  \n69_DDETS_Direction d\u00e9partementale de l'emploi du travail et des solidarit\u00e9s - 69-2026-03-05-00001 - DECISION DREETS/T/2026/23\nportant affectation des agents de contr\u00f4le dans les unit\u00e9s de contr\u00f4le de l'inspection du travail de la direction d\u00e9partementale de\nl'emploi, du travail et des solidarit\u00e9s du d\u00e9partement du Rh\u00f4ne, et gestion des int\u00e9rims,\n14\n11/17 \n \n2. Unit\u00e9 de contr\u00f4le 3, Lyon-Villeurbanne  \n \nInt\u00e9rim des agents de contr\u00f4le : \n \n \nEn cas d'absence ou d'emp\u00eachement de l'un des agents de contr\u00f4le de l'unit\u00e9 de contr\u00f4le Lyon -Villeurbanne, son \nremplacement est assur\u00e9 par un agent de contr\u00f4le de l'unit\u00e9 de contr\u00f4le Lyon-Villeurbanne, \u00e0 d\u00e9faut par un agent de \ncontr\u00f4le des unit\u00e9s de contr\u00f4le Lyon -Centre, Rh\u00f4ne -Sud-Ouest, Rh\u00f4ne -Centre-Est, Rh\u00f4ne -Nord-et-Agriculture, \nRh\u00f4ne-Transports, Lyon-Vall\u00e9e Du Rh\u00f4ne ou par un responsable d'unit\u00e9 de contr\u00f4le. \n  \n Agent de \ncontr\u00f4le Int\u00e9rim 1 Int\u00e9rim 2 Int\u00e9rim 3 Int\u00e9rim 4 Int\u00e9rim 5 Int\u00e9rim 6 Int\u00e9rim 7 Int\u00e9rim 8 Int\u00e9rim 9 \nL'agent de \ncontr\u00f4le de la \nsection \nU03S01, \nFatma GROUX \nL'agent de \ncontr\u00f4le de la \nsection \nU03S02, \nGuillemette \nMARTIN \nL'agent de \ncontr\u00f4le de la \nsection \nU03S03, \nB\u00e9atrice \nLITAUDON \nL'agent de \ncontr\u00f4le de la \nsection \nU03S04, \nAd\u00e8le \nGUIVARC'H \nL'agent de \ncontr\u00f4le de la \nsection \nU03S05, \nPascal \nLACHAIZE \nL'agent de \ncontr\u00f4le de la \nsection \nU03S06, \nAur\u00e9lie \nTOMIELLO \nL'agent de \ncontr\u00f4le de la \nsection \nU03S07, \nFabienne \nTEODORI \nL'agent de \ncontr\u00f4le de la \nsection \nU03S08, \nAlexandre \nMETAXAS \nL'agent de \ncontr\u00f4le de la \nsection \nU03S09, \nGuillaume \nSCHWAIGER \nL'agent de \ncontr\u00f4le de la \nsection \nU03S10, \nMalika \nBOUZERD \nL'agent de \ncontr\u00f4le de la \nsection \nU03S02, \nGuillemette \nMARTIN \nL'agent de \ncontr\u00f4le de la \nsection \nU03S03, \nB\u00e9atrice \nLITAUDON \nL'agent de \ncontr\u00f4le de la \nsection \nU03S04, \nAd\u00e8le \nGUIVARC'H \nL'agent de \ncontr\u00f4le de la \nsection \nU03S05, \nPascal \nLACHAIZE \nL'agent de \ncontr\u00f4le de la \nsection \nU03S06, \nAur\u00e9lie \nTOMIELLO \nL'agent de \ncontr\u00f4le de la \nsection \nU03S07, \nFabienne \nTEODORI \nL'agent de \ncontr\u00f4le de la \nsection \nU03S08, \nAlexandre \nMETAXAS \nL'agent de \ncontr\u00f4le de la \nsection \nU03S09, \nGuillaume \nSCHWAIGER \nL'agent de \ncontr\u00f4le de la \nsection \nU03S10, \nMalika \nBOUZERD \nL'agent de \ncontr\u00f4le de la \nsection \nU03S01,Fatma \nGROUX \nL'agent de \ncontr\u00f4le de la \nsection \nU03S03, \nB\u00e9atrice \nLITAUDON \nL'agent de \ncontr\u00f4le de la \nsection \nU03S04, Ad\u00e8le \nGUIVARC'H \nL'agent de \ncontr\u00f4le de la \nsection \nU03S05, \nPascal \nLACHAIZE \nL'agent de \ncontr\u00f4le de la \nsection \nU03S06, \nAur\u00e9lie \nTOMIELLO \nL'agent de \ncontr\u00f4le de la \nsection \nU03S07, \nFabienne \nTEODORI \nL'agent de \ncontr\u00f4le de la \nsection \nU03S08, \nAlexandre \nMETAXAS \nL'agent de \ncontr\u00f4le de la \nsection \nU03S09, \nGuillaume \nSCHWAIGER \nL'agent de \ncontr\u00f4le de la \nsection \nU03S10, \nMalika \nBOUZERD \nL'agent de \ncontr\u00f4le de la \nsection \nU03S01,Fatma \nGROUX \nL'agent de \ncontr\u00f4le de la \nsection \nU03S02, \nGuillemette \nMARTIN \nL'agent de \ncontr\u00f4le de la \nsection \nU03S04, Ad\u00e8le \nGUIVARC'H \nL'agent de \ncontr\u00f4le de la \nsection \nU03S05, \nPascal \nLACHAIZE \nL'agent de \ncontr\u00f4le de la \nsection \nU03S06, \nAur\u00e9lie \nTOMIELLO \nL'agent de \ncontr\u00f4le de la \nsection \nU03S07, \nFabienne \nTEODORI \nL'agent de \ncontr\u00f4le de la \nsection \nU03S08, \nAlexandre \nMETAXAS \nL'agent de \ncontr\u00f4le de la \nsection \nU03S09, \nGuillaume \nSCHWAIGER \nL'agent de \ncontr\u00f4le de la \nsection \nU03S10, \nMalika \nBOUZERD \nL'agent de \ncontr\u00f4le de la \nsection \nU03S01,Fatma \nGROUX \nL'agent de \ncontr\u00f4le de la \nsection \nU03S02, \nGuillemette \nMARTIN \nL'agent de \ncontr\u00f4le de la \nsection \nU03S03, \nB\u00e9atrice \nLITAUDON \nL'agent de \ncontr\u00f4le de la \nsection \nU03S05, \nPascal \nLACHAIZE \nL'agent de \ncontr\u00f4le de la \nsection U03S06, \nAur\u00e9lie \nTOMIELLO \nL'agent de \ncontr\u00f4le de la \nsection \nU03S07, \nFabienne \nTEODORI \nL'agent de \ncontr\u00f4le de la \nsection \nU03S08, \nAlexandre \nMETAXAS \nL'agent de \ncontr\u00f4le de la \nsection \nU03S09, \nGuillaume \nSCHWAIGER \nL'agent de \ncontr\u00f4le de la \nsection \nU03S10, \nMalika \nBOUZERD \nL'agent de \ncontr\u00f4le de la \nsection \nU03S01,Fatma \nGROUX \nL'agent de \ncontr\u00f4le de la \nsection \nU03S02, \nGuillemette \nMARTIN \nL'agent de \ncontr\u00f4le de la \nsection \nU03S03, \nB\u00e9atrice \nLITAUDON \nL'agent de \ncontr\u00f4le de la \nsection \nU03S04,Ad\u00e8le \nGUIVARC'H \nL'agent de \ncontr\u00f4le de la \nsection U03S06, \nAur\u00e9lie \nTOMIELLO \nL'agent de \ncontr\u00f4le de la \nsection \nU03S07, \nFabienne \nTEODORI \nL'agent de \ncontr\u00f4le de la \nsection \nU03S08, \nAlexandre \nMETAXAS \nL'agent de \ncontr\u00f4le de la \nsection \nU03S09, \nGuillaume \nSCHWAIGER \nL'agent de \ncontr\u00f4le de la \nsection \nU03S10, \nMalika \nBOUZERD \nL'agent de \ncontr\u00f4le de la \nsection \nU03S01,Fatma \nGROUX \nL'agent de \ncontr\u00f4le de la \nsection \nU03S02, \nGuillemette \nMARTIN \nL'agent de \ncontr\u00f4le de la \nsection \nU03S03, \nB\u00e9atrice \nLITAUDON \nL'agent de \ncontr\u00f4le de la \nsection \nU03S04,Ad\u00e8le \nGUIVARC'H \nL'agent de \ncontr\u00f4le de la \nsection \nU03S05, \nPascal \nLACHAIZE \nL'agent de \ncontr\u00f4le de la \nsection \nU03S07, \nFabienne \nTEODORI \nL'agent de \ncontr\u00f4le de la \nsection \nU03S08, \nAlexandre \nMETAXAS \nL'agent de \ncontr\u00f4le de la \nsection \nU03S09, \nGuillaume \nSCHWAIGER \nL'agent de \ncontr\u00f4le de la \nsection \nU03S10, \nMalika \nBOUZERD \nL'agent de \ncontr\u00f4le de la \nsection \nU03S01,Fatma \nGROUX \nL'agent de \ncontr\u00f4le de la \nsection \nU03S02, \nGuillemette \nMARTIN \nL'agent de \ncontr\u00f4le de la \nsection \nU03S03, \nB\u00e9atrice \nLITAUDON \nL'agent de \ncontr\u00f4le de la \nsection \nU03S04,Ad\u00e8le \nGUIVARC'H \nL'agent de \ncontr\u00f4le de la \nsection \nU03S05, \nPascal \nLACHAIZE \nL'agent de \ncontr\u00f4le de la \nsection \nU03S06, \nAur\u00e9lie \nTOMIELLO \nL'agent de \ncontr\u00f4le de la \nsection \nU03S08, \nAlexandre \nMETAXAS \nL'agent de \ncontr\u00f4le de la \nsection \nU03S09, \nGuillaume \nSCHWAIGER \nL'agent de \ncontr\u00f4le de la \nsection \nU03S10, \nMalika \nBOUZERD \nL'agent de \ncontr\u00f4le de la \nsection \nU03S01,Fatma \nGROUX \nL'agent de \ncontr\u00f4le de la \nsection \nU03S02, \nGuillemette \nMARTIN \nL'agent de \ncontr\u00f4le de la \nsection \nU03S03, \nB\u00e9atrice \nLITAUDON \nL'agent de \ncontr\u00f4le de la \nsection \nU03S04,Ad\u00e8le \nGUIVARC'H \nL'agent de \ncontr\u00f4le de la \nsection \nU03S05, \nPascal \nLACHAIZE \nL'agent de \ncontr\u00f4le de la \nsection \nU03S06, \nAur\u00e9lie \nTOMIELLO \nL'agent de \ncontr\u00f4le de la \nsection \nU03S07, \nFabienne \nTEODORI \nL'agent de \ncontr\u00f4le de la \nsection \nU03S09, \nGuillaume \nSCHWAIGER \nL'agent de \ncontr\u00f4le de la \nsection \nU03S10, Malika \nBOUZERD \nL'agent de \ncontr\u00f4le de la \nsection \nU03S01,Fatma \nGROUX \nL'agent de \ncontr\u00f4le de la \nsection \nU03S02, \nGuillemette \nMARTIN \nL'agent de \ncontr\u00f4le de la \nsection \nU03S03, \nB\u00e9atrice \nLITAUDON \nL'agent de \ncontr\u00f4le de la \nsection \nU03S04,Ad\u00e8le \nGUIVARC'H \nL'agent de \ncontr\u00f4le de la \nsection \nU03S05, \nPascal \nLACHAIZE \nL'agent de \ncontr\u00f4le de la \nsection \nU03S06, \nAur\u00e9lie \nTOMIELLO \nL'agent de \ncontr\u00f4le de la \nsection \nU03S07, \nFabienne \nTEODORI \nL'agent de \ncontr\u00f4le de la \nsection \nU03S08, \nAlexandre \nMETAXAS \nL'agent de \ncontr\u00f4le de la \nsection \nU03S10, \nMalika \nBOUZERD \nL'agent de \ncontr\u00f4le de la \nsection \nU03S01,Fatma \nGROUX \nL'agent de \ncontr\u00f4le de la \nsection \nU03S02, \nGuillemette \nMARTIN \nL'agent de \ncontr\u00f4le de la \nsection \nU03S03, \nB\u00e9atrice \nLITAUDON \nL'agent de \ncontr\u00f4le de la \nsection \nU03S04,Ad\u00e8le \nGUIVARC'H \nL'agent de \ncontr\u00f4le de la \nsection \nU03S05, \nPascal \nLACHAIZE \nL'agent de \ncontr\u00f4le de la \nsection \nU03S06, \nAur\u00e9lie \nTOMIELLO \nL'agent de \ncontr\u00f4le de la \nsection \nU03S07, \nFabienne \nTEODORI \nL'agent de \ncontr\u00f4le de la \nsection \nU03S08, \nAlexandre \nMETAXAS \nL'agent de \ncontr\u00f4le de la \nsection \nU03S09, \nGuillaume \nSCHWAIGER \n69_DDETS_Direction d\u00e9partementale de l'emploi du travail et des solidarit\u00e9s - 69-2026-03-05-00001 - DECISION DREETS/T/2026/23\nportant affectation des agents de contr\u00f4le dans les unit\u00e9s de contr\u00f4le de l'inspection du travail de la direction d\u00e9partementale de\nl'emploi, du travail et des solidarit\u00e9s du d\u00e9partement du Rh\u00f4ne, et gestion des int\u00e9rims,\n15\n12/17 \n \n3. Unit\u00e9 de contr\u00f4le 4, RHONE-CENTRE-EST :  \n Int\u00e9rim des agents de contr\u00f4les : \n \n \n \nL'agent de contr\u00f4le Int\u00e9rim 1 Int\u00e9rim 2 Int\u00e9rim 3 Int\u00e9rim 4 Int\u00e9rim 5 Int\u00e9rim 6 \nL'agent de contr\u00f4le de \nla section U04S01 \nAnne Lise LECLERC \nL'agent de contr\u00f4le \nde la section \nU04S06 Annabelle \nSAZ \nL'agent de contr\u00f4le \nde la section \nU04S10 Evelle \nSIROT \nL'agent de contr\u00f4le de \nla section U04S09 \nBastien \nCHARBOUILLOT \nL'agent de contr\u00f4le \nde la section \nU04S08 Im\u00e8ne \nCHOUAT \nL'agent de contr\u00f4le \nde la section \nU04S05 Sabah \nMERZOUGUI \nL'agent de contr\u00f4le de \nla section U04S04  \nNaoa ZOUAOUI \nL'agent de contr\u00f4le de \nla section U04S02 \nL'agent de contr\u00f4le \nde la section \nU04S05 Sabah \nMERZOUGUI \nL'agent de contr\u00f4le \nde la section \nU04S08 \nIm\u00e8ne CHOUAT \nL'agent de contr\u00f4le \nde la section U04S01 \nAnne Lise LECLERC \nL'agent de contr\u00f4le \nde la section \nU04S09 Bastien \nCHARBOUILLOT \nL'agent de contr\u00f4le \nde la section \nU04S06 Annabelle \nSAZ \nL'agent de contr\u00f4le de \nla section U04S04  \nNaoa ZOUAOUI \nL'agent de contr\u00f4le de \nla section U04S03 \nAsma\u00e2 EL JERRARI \u00e0 \ncompter du 1 avril \n2026 \nL'agent de contr\u00f4le \nde la section \nU04S10 Evelle \nSIROT \nL'agent de contr\u00f4le de \nla section U04S09 \nBastien \nCHARBOUILLOT \nL'agent de contr\u00f4le \nde la section \nU04S05 Sabah \nMERZOUGUI \nL'agent de contr\u00f4le de \nla section U04S01 \nAnne Lise LECLERC \nL'agent de contr\u00f4le \nde la section \nU04S08 \nIm\u00e8ne CHOUAT \nL'agent de contr\u00f4le de \nla section U04S04  \nNaoa ZOUAOUI \nL'agent de contr\u00f4le de \nla section U04S04  \nNaoa ZOUAOUI \nL'agent de contr\u00f4le de \nla section U04S09 \nBastien \nCHARBOUILLOT \nL'agent de contr\u00f4le \nde la section \nU04S10 Evelle \nSIROT \nL'agent de contr\u00f4le \nde la section \nU04S05 Sabah \nMERZOUGUI \nL'agent de contr\u00f4le \nde la section \nU04S08 \nIm\u00e8ne CHOUAT \nL'agent de contr\u00f4le \nde la section \nU04S06 \nAnnabelle SAZ \nL'agent de contr\u00f4le de \nla section U04S01 \nAnne Lise LECLERC \nL'agent de contr\u00f4le de \nla section U04S05 \nSabah MERZOUGUI \nL'agent de contr\u00f4le \nde la section \nU04S08 \nIm\u00e8ne CHOUAT \nL'agent de contr\u00f4le \nde la section \nU04S01 \nAnne Lise \nLECLERC \nL'agent de contr\u00f4le \nde la section \nU04S06 \nAnnabelle SAZ \nL'agent de contr\u00f4le de \nla section U04S09 \nBastien \nCHARBOUILLOT \nL'agent de contr\u00f4le \nde la section \nU04S01 \nAnne Lise \nLECLERC \nL'agent de contr\u00f4le de \nla section U04S04  \nNaoa ZOUAOUI \nL'agent de contr\u00f4le de \nla section U04S06 \nAnnabelle SAZ \nL'agent de contr\u00f4le \nde la section \nU04S01 \nAnne Lise \nLECLERC \nL'agent de contr\u00f4le de \nla section U04S09 \nBastien \nCHARBOUILLOT \nL'agent de contr\u00f4le de \nla section U04S09 \nBastien \nCHARBOUILLOT \nL'agent de contr\u00f4le \nde la section \nU04S08 \nIm\u00e8ne CHOUAT \nL'agent de contr\u00f4le \nde la section \nU04S05 Sabah \nMERZOUGUI \nL'agent de contr\u00f4le de \nla section U04S04  \nNaoa ZOUAOUI \nL'agent de contr\u00f4le de \nla section U04S07 \nL'agent de contr\u00f4le \nde la section \nU04S08 Im\u00e8ne \nCHOUAT \nL'agent de contr\u00f4le \nde la section \nU04S05 Sabah \nMERZOUGUI \nL'agent de contr\u00f4le \nde la section \nU04S10 Evelle \nSIROT \nL'agent de contr\u00f4le \nde la section \nU04S06 Annabelle \nSAZ \nL'agent de contr\u00f4le \nde la section \nU04S01 \nAnne Lise \nLECLERC \nL'agent de contr\u00f4le de \nla section U04S04  \nNaoa ZOUAOUI \nL'agent de contr\u00f4le de \nla section U04S08 \nIm\u00e8ne CHOUAT \nL'agent de contr\u00f4le \nde la section \nU04S05 Sabah \nMERZOUGUI \nL'agent de contr\u00f4le \nde la section \nU04S01 \nAnne Lise \nLECLERC \nL'agent de contr\u00f4le \nde la section \nU04S10 Evelle \nSIROT \nL'agent de contr\u00f4le \nde la section \nU04S01 \nAnne Lise \nLECLERC \nL'agent de contr\u00f4le \nde la section \nU04S06 \nAnnabelle SAZ \nL'agent de contr\u00f4le de \nla section U04S04  \nNaoa ZOUAOUI \nL'agent de contr\u00f4le de \nla section U04S09 \nBastien \nCHARBOUILLOT \nL'agent de contr\u00f4le \nde la section \nU04S06 \nAnnabelle SAZ \nL'agent de contr\u00f4le \nde la section \nU04S08 Im\u00e8ne \nCHOUAT \nL'agent de contr\u00f4le de \nla section U04S08 \nIm\u00e8ne CHOUAT \nL'agent de contr\u00f4le \nde la section \nU04S10 Evelle \nSIROT \nL'agent de contr\u00f4le \nde la section \nU04S01 \nAnne Lise \nLECLERC \nL'agent de contr\u00f4le de \nla section U04S04  \nNaoa ZOUAOUI \nL'agent de contr\u00f4le de \nla section U04S10 \nEvelle SIROT \nL'agent de contr\u00f4le de \nla section U04S09 \nBastien \nCHARBOUILLOT \nL'agent de contr\u00f4le \nde la section \nU04S06 \nAnnabelle SAZ \nL'agent de contr\u00f4le de \nla section U04S08 \nIm\u00e8ne CHOUAT \nL'agent de contr\u00f4le \nde la section \nU04S01 \nAnne Lise \nLECLERC \nL'agent de contr\u00f4le \nde la section \nU04S05 Sabah \nMERZOUGUI \nL'agent de contr\u00f4le de \nla section U04S04  \nNaoa ZOUAOUI \n \nEn cas d'absence ou d'emp\u00eachement de l'un des agents de contr\u00f4le de l'unit\u00e9 de contr\u00f4le RH\u00d4NE -CENTRE-EST \nfaisant obstacle \u00e0 ce que l'int\u00e9rim soit assur\u00e9 selon les modalit\u00e9s fix\u00e9es ci-dessus, l'int\u00e9rim est assur\u00e9 par un agent de \ncontr\u00f4le des unit\u00e9s de contr\u00f4le Lyon -Centre, Rh\u00f4ne -Sud-Ouest, Lyon -Villeurbanne, Rh\u00f4ne -Nord-et-Agriculture, \nRh\u00f4ne-Transports Lyon-Vall\u00e9e du Rh\u00f4ne ou par un responsable d'unit\u00e9 de contr\u00f4le. \n  \n69_DDETS_Direction d\u00e9partementale de l'emploi du travail et des solidarit\u00e9s - 69-2026-03-05-00001 - DECISION DREETS/T/2026/23\nportant affectation des agents de contr\u00f4le dans les unit\u00e9s de contr\u00f4le de l'inspection du travail de la direction d\u00e9partementale de\nl'emploi, du travail et des solidarit\u00e9s du d\u00e9partement du Rh\u00f4ne, et gestion des int\u00e9rims,\n16\n13/17 \n \n4. Unit\u00e9 de contr\u00f4le 5, RHONE NORD ET AGRICULTURE :  \n \nInt\u00e9rim des agents de contr\u00f4le  \n \n \n \n \nEn cas d'absence ou d'emp\u00eachement simultan\u00e9 des agents de contr\u00f4le affect\u00e9s au sein de l'unit\u00e9 de contr\u00f4le \nRHONE-NORD-et-AGRICULTURE faisant obstacle \u00e0 ce que l'int\u00e9rim soit assur\u00e9 selon les modalit\u00e9s fix\u00e9es ci -dessus, \nl'int\u00e9rim est assur\u00e9 par un agent de contr\u00f4le des unit\u00e9s de contr\u00f4le Lyon -Centre, Rh\u00f4ne -Sud-Ouest, Lyon -\nVilleurbanne, Rh\u00f4ne-Centre-Est, Rh\u00f4ne-Transport, Lyon-Vall\u00e9e Du Rhone ou par un responsable d'unit\u00e9 de contr\u00f4le. \n \nAgent de \ncontr\u00f4le \nInt\u00e9rim 1 Int\u00e9rim 2 Int\u00e9rim 3 Int\u00e9rim 4 Int\u00e9rim 5 Int\u00e9rim 6 Int\u00e9rim 7 Int\u00e9rim 8 Int\u00e9rim 9 \nL'agent de \ncontr\u00f4le de la \nsection \nU05S01 \nMathilde \nMILCENT \nL'agent de \ncontr\u00f4le de la \nsection \nU05S02, Julia \nKILLIAN \nL'agent de \ncontr\u00f4le de la \nsection \nU05S03, \nMarie \nWEBER \nL'agent de \ncontr\u00f4le de la \nsection \nU05S04, Julie \nGINECCI \nL'agent de \ncontr\u00f4le de la \nsection \nU05S05, \nPaola DE \nCARVALHO \nRODRIGUES \nL'agent de \ncontr\u00f4le de la \nsection \nU05S06 \nL'agent de \ncontr\u00f4le de la \nsection \nU05S07, \nPhilippine \nLERBS \nL'agent de \ncontr\u00f4le de la \nsection \n05S08, \nJuliette \nDUVIGNAUD \nL'agent de \ncontr\u00f4le de la \nsection \nU05S09, \nSt\u00e9phanie \nGIROUD \nL'agent de \ncontr\u00f4le de la \nsection \nU05S10, \nKenzi \nCHAACHOUA \nL'agent de \ncontr\u00f4le de la \nsection \nU05S02, Julia \nKILLIAN \nL'agent de \ncontr\u00f4le de la \nsection \nU05S03, \nMarie \nWEBER \nL'agent de \ncontr\u00f4le de la \nsection \nU05S04, Julie \nGINECCI \nL'agent de \ncontr\u00f4le de la \nsection \nU05S05, \nPaola DE \nCARVALHO \nRODRIGUES \nL'agent de \ncontr\u00f4le de la \nsection \nU05S06 \nL'agent de \ncontr\u00f4le de la \nsection \nU05S07, \nPhilippine \nLERBS \nL'agent de \ncontr\u00f4le de la \nsection \nU05S08, \nJuliette \nDUVIGNAUD \nL'agent de \ncontr\u00f4le de la \nsection \nU05S09, \nSt\u00e9phanie \nGIROUD \nL'agent de \ncontr\u00f4le de la \nsection \nU05S10 Kenzi \nCHAACHOUA \nL'agent de \ncontr\u00f4le de la \nsection \nU05S01 \nMathilde \nMILCENT \nL'agent de \ncontr\u00f4le de la \nsection \nU05S03, \nMarie WEBER \nL'agent de \ncontr\u00f4le de la \nsection \nU05S04, Julie \nGINECCI \nL'agent de \ncontr\u00f4le de la \nsection \nU05S05, \nPaola DE \nCARVALHO \nRODRIGUES \nL'agent de \ncontr\u00f4le de la \nsection \nU05S06 \nL'agent de \ncontr\u00f4le de la \nsection \nU05S07, \nPhilippine \nLERBS \nL'agent de \ncontr\u00f4le de la \nsection \nU05S08, \nJuliette \nDUVIGNAUD \nL'agent de \ncontr\u00f4le de la \nsection \nU05S09, \nSt\u00e9phanie \nGIROUD \nL'agent de \ncontr\u00f4le de la \nsection \nU05S10 Kenzi \nCHAACHOUA \nL'agent de \ncontr\u00f4le de la \nsection \nU05S01 \nMathilde \nMILCENT \nL'agent de \ncontr\u00f4le de la \nsection \nU05S02, Julia \nKILLIAN \nL'agent de \ncontr\u00f4le de la \nsection \nU05S04, Julie \nGINECCI \n \nL'agent de \ncontr\u00f4le de la \nsection \nU05S05, \nPaola DE \nCARVALHO \nRODRIGUES \nL'agent de \ncontr\u00f4le de la \nsection \nU05S06 \nL'agent de \ncontr\u00f4le de la \nsection \nU05S07, \nPhilippine \nLERBS \nL'agent de \ncontr\u00f4le de la \nsection \nU05S08, \nJuliette \nDUVIGNAUD \nL'agent de \ncontr\u00f4le de la \nsection \nU05S09, \nSt\u00e9phanie \nGIROUD \nL'agent de \ncontr\u00f4le de la \nsection \nU05S10 Kenzi \nCHAACHOUA \nL'agent de \ncontr\u00f4le de la \nsection \nU05S01 \nMathilde \nMILCENT \nL'agent de \ncontr\u00f4le de la \nsection \nU05S02, Julia \nKILLIAN \nL'agent de \ncontr\u00f4le de la \nsection \nU05S03, \nMarie WEBER \nL'agent de \ncontr\u00f4le de la \nsection \nU05S05, \nPaola DE \nCARVALHO \nRODRIGUES \nL'agent de \ncontr\u00f4le de la \nsection \nU05S06 \nL'agent de \ncontr\u00f4le de la \nsection \nU05S07, \nPhilippine \nLERBS \nL'agent de \ncontr\u00f4le de la \nsection U05S08, \nJuliette \nDUVIGNAUD \nL'agent de \ncontr\u00f4le de la \nsection \nU05S09, \nSt\u00e9phanie \nGIROUD \nL'agent de \ncontr\u00f4le de la \nsection \nU05S10 Kenzi \nCHAACHOUA \nL'agent de \ncontr\u00f4le de la \nsection \nU05S01 \nMathilde \nMILCENT \nL'agent de \ncontr\u00f4le de la \nsection \nU05S02, Julia \nKILLIAN \nL'agent de \ncontr\u00f4le de la \nsection \nU05S03, \nMarie WEBER \nL'agent de \ncontr\u00f4le de la \nsection \nU05S04, Julie \nGINECCI \n \nL'agent de \ncontr\u00f4le de la \nsection \nU05S06 \nL'agent de \ncontr\u00f4le de la \nsection \nU05S07, \nPhilippine \nLERBS \nL'agent de \ncontr\u00f4le de la \nsection \nU05S01 \nMathilde \nMILCENT \nL'agent de \ncontr\u00f4le de la \nsection \nU05S02, Julia \nKILLIAN \nL'agent de \ncontr\u00f4le de la \nsection \nU05S03, \nMarie \nWEBER \nL'agent de \ncontr\u00f4le de la \nsection \nU05S04, Julie \nGINECCI \n \nL'agent de \ncontr\u00f4le de la \nsection \nU05S05, \nPaola DE \nCARVALHO \nRODRIGUES \nL'agent de \ncontr\u00f4le de la \nsection \nU05S08, \nJuliette \nDUVIGNAUD \nL'agent de \ncontr\u00f4le de la \nsection \nU05S09, \nSt\u00e9phanie \nGIROUD \nL'agent de \ncontr\u00f4le de la \nsection \nU05S10 Kenzi \nCHAACHOUA \nL'agent de \ncontr\u00f4le de la \nsection \nU05S07, \nPhilippine \nLERBS \nL'agent de \ncontr\u00f4le de la \nsection \nU05S01 \nMathilde \nMILCENT \nL'agent de \ncontr\u00f4le de la \nsection \nU05S02, Julia \nKILLIAN \nL'agent de \ncontr\u00f4le de la \nsection U05S10 \nKenzi \nCHAACHOUA \nL'agent de \ncontr\u00f4le de la \nsection \nU05S05, \nPaola DE \nCARVALHO \nRODRIGUES \nL'agent de \ncontr\u00f4le de la \nsection \nU05S04, Julie \nGINECCI \nL'agent de \ncontr\u00f4le de la \nsection \nU05S03, \nMarie \nWEBER \nL'agent de \ncontr\u00f4le de la \nsection \nU05S09, \nSt\u00e9phanie \nGIROUD \nL'agent de \ncontr\u00f4le de la \nsection \nU05S08, \nJuliette \nDUVIGNAUD \nL'agent de \ncontr\u00f4le de la \nsection \nU05S06 \nL'agent de \ncontr\u00f4le de la \nsection \nU05S08, \nJuliette \nDUVIGNAUD \nL'agent de \ncontr\u00f4le de la \nsection \nU05S10 Kenzi \nCHAACHOUA \nL'agent de \ncontr\u00f4le de la \nsection \nU05S09, \nSt\u00e9phanie \nGIROUD \nL'agent de \ncontr\u00f4le de la \nsection \nU05S06 \nL'agent de \ncontr\u00f4le de la \nsection \nU05S07, \nPhilippine \nLERBS \nL'agent de \ncontr\u00f4le de la \nsection \nU05S02, Julia \nKILLIAN \nL'agent de \ncontr\u00f4le de la \nsection \nU05S01 \nMathilde \nMILCENT \nL'agent de \ncontr\u00f4le de la \nsection \nU05S03, \nMarie WEBER \nL'agent de \ncontr\u00f4le de la \nsection \nU05S04, Julie \nGINECCI \n \nL'agent de \ncontr\u00f4le de la \nsection \nU05S05, \nPaola DE \nCARVALHO \nRODRIGUES \nL'agent de \ncontr\u00f4le de la \nsection \nU05S09, \nSt\u00e9phanie \nGIROUD \nL'agent de \ncontr\u00f4le de la \nsection \nU05S08, \nJuliette \nDUVIGNAUD \nL'agent de \ncontr\u00f4le de la \nsection \nU05S10 Kenzi \nCHAACHOUA \nL'agent de \ncontr\u00f4le de la \nsection \nU05S03, \nMarie WEBER \nL'agent de \ncontr\u00f4le de la \nsection \nU05S01 \nMathilde \nMILCENT \nL'agent de \ncontr\u00f4le de la \nsection \nU05S07, \nPhilippine \nLERBS \nL'agent de \ncontr\u00f4le de la \nsection \nU05S06 \nL'agent de \ncontr\u00f4le de la \nsection \nU05S05, \nPaola DE \nCARVALHO \nRODRIGUES \nL'agent de \ncontr\u00f4le de la \nsection \nU05S04, Julie \nGINECCI \nL'agent de \ncontr\u00f4le de la \nsection \nU05S02, Julia \nKILLIAN \nL'agent de \ncontr\u00f4le de la \nsection \nU05S10 Kenzi \nCHAACHOUA \nL'agent de \ncontr\u00f4le de la \nsection \nU05S09, \nSt\u00e9phanie \nGIROUD \nL'agent de \ncontr\u00f4le de la \nsection \nU05S08, \nJuliette \nDUVIGNAUD \nL'agent de \ncontr\u00f4le de la \nsection \nU05S01 \nMathilde \nMILCENT \nL'agent de \ncontr\u00f4le de la \nsection \nU05S04, Julie \nGINECCI \nL'agent de \ncontr\u00f4le de la \nsection \nU05S05, \nPaola DE \nCARVALHO \nRODRIGUES \nL'agent de \ncontr\u00f4le de la \nsection \nU05S06 \nL'agent de \ncontr\u00f4le de la \nsection \nU05S07, \nPhilippine \nLERBS \nL'agent de \ncontr\u00f4le de la \nsection \nU05S02, Julia \nKILLIAN \nL'agent de \ncontr\u00f4le de la \nsection \nU05S03, \nMarie \nWEBER \n69_DDETS_Direction d\u00e9partementale de l'emploi du travail et des solidarit\u00e9s - 69-2026-03-05-00001 - DECISION DREETS/T/2026/23\nportant affectation des agents de contr\u00f4le dans les unit\u00e9s de contr\u00f4le de l'inspection du travail de la direction d\u00e9partementale de\nl'emploi, du travail et des solidarit\u00e9s du d\u00e9partement du Rh\u00f4ne, et gestion des int\u00e9rims,\n17\n14/17 \n \n \n5. Unit\u00e9 de contr\u00f4le 6, RHONE-TRANSPORTS :  \n \nInt\u00e9rim des agents de contr\u00f4le : \n \nAgent de \ncontr\u00f4le Int\u00e9rim 1 Int\u00e9rim 2 Int\u00e9rim 3 Int\u00e9rim 4 Int\u00e9rim 5 Int\u00e9rim 6 Int\u00e9rim 7 Int\u00e9rim 8 \nL'agent de \ncontr\u00f4le de la \nsection U06S01 \nChristelle \nBOUCHON \nL'agent de \ncontr\u00f4le de la \nsection U06S02 \nSandrine \nVIRIEUX \nL'agent de \ncontr\u00f4le de la \nSection U06S05 \nAnne-Laure \nPAPASTRATIDIS \nL'agent de \ncontr\u00f4le de la \nsection U06S06 \nIan DUFOUR-\nGRUENAIS \nL'agent de \ncontr\u00f4le de la \nsection U06S09 \nVincent \nGAILLARD \nL'agent de \ncontr\u00f4le de la \nsection U06S10 \nSch\u00e9razade \nGOUFFI \nL'agent de \ncontr\u00f4le de la \nsection U06S04 \nHugo JUSTO \nL'agent de \ncontr\u00f4le de la \nsection U06S08 \nRonan CREPUT \nL'agent de \ncontr\u00f4le de la \nsection U06S07 \nYann BOITEL-\nBRAS \nL'agent de \ncontr\u00f4le de la \nsection U06S02 \nSandrine \nVIRIEUX \nL'agent de \ncontr\u00f4le de la \nsection U06S01 \nChristelle \nBOUCHON \nL'agent de \ncontr\u00f4le de la \nSection U06S04 \nHugo JUSTO \nL'agent de \ncontr\u00f4le de la \nSection U06S05 \nAnne-Laure \nPAPASTRATIDIS \nL'agent de \ncontr\u00f4le de la \nsection U06S06 \nIan DUFOUR-\nGRUENAIS \nL'agent de \ncontr\u00f4le de la \nsection U06S09 \nVincent \nGAILLARD \nL'agent de \ncontr\u00f4le de la \nsection U06S08 \nRonan CREPUT \nL'agent de \ncontr\u00f4le de la \nsection U06S07 \nYann BOITEL-\nBRAS \nL'agent de \ncontr\u00f4le de la \nsection U06S10 \nSch\u00e9razade \nGOUFFI \nL'agent de \ncontr\u00f4le de la \nsection U06S03 \n \nL'agent de \ncontr\u00f4le de la \nSection U06S05 \nAnne-Laure \nPAPASTRATIDIS \nL'agent de \ncontr\u00f4le de la \nsection U06S02 \nSandrine \nVIRIEUX \nL'agent de \ncontr\u00f4le de la \nsection U06S06 \nIan DUFOUR-\nGRUENAIS \nL'agent de \ncontr\u00f4le de la \nsection U06S09 \nVincent \nGAILLARD \nL'agent de \ncontr\u00f4le de la \nsection U06S08 \nRonan CREPUT \nL'agent de \ncontr\u00f4le de la \nsection U06S07 \nYann BOITEL-\nBRAS \nL'agent de \ncontr\u00f4le de la \nsection U06S01 \nChristelle \nBOUCHON \nL'agent de \ncontr\u00f4le de la \nsection U06S10 \nSch\u00e9razade \nGOUFFI \nL'agent de \ncontr\u00f4le de la \nSection U06S04 \nHugo JUSTO \nL'agent de \ncontr\u00f4le de la \nsection U06S10 \nSch\u00e9razade \nGOUFFI \nL'agent de \ncontr\u00f4le de la \nsection U06S06 \nIan DUFOUR-\nGRUENAIS \nL'agent de \ncontr\u00f4le de la \nsection U06S09 \nVincent \nGAILLARD \nL'agent de \ncontr\u00f4le de la \nsection U06S08 \nRonan CREPUT \nL'agent de \ncontr\u00f4le de la \nsection U06S07 \nYann BOITEL-\nBRAS \nL'agent de \ncontr\u00f4le de la \nsection U06S01 \nChristelle \nBOUCHON \nL'agent de \ncontr\u00f4le de la \nSection U06S05 \nAnne-Laure \nPAPASTRATIDIS \nL'agent de \ncontr\u00f4le de la \nsection U06S02 \nSandrine \nVIRIEUX \nL'agent de \ncontr\u00f4le de la \nSection U06S05 \nAnne-Laure \nPAPASTRATIDIS \n \nL'agent de \ncontr\u00f4le de la \nsection U06S06 \nIan DUFOUR-\nGRUENAIS \nL'agent de \ncontr\u00f4le de la \nsection U06S09 \nVincent \nGAILLARD \nL'agent de \ncontr\u00f4le de la \nsection U06S08 \nRonan CREPUT \nL'agent de \ncontr\u00f4le de la \nsection U06S07 \nYann BOITEL-\nBRAS \nL'agent de \ncontr\u00f4le de la \nsection U06S02 \nSandrine \nVIRIEUX \nL'agent de \ncontr\u00f4le de la \nsection U06S10 \nSch\u00e9razade \nGOUFFI \nL'agent de \ncontr\u00f4le de la \nSection U06S04 \nHugo JUSTO \nL'agent de \ncontr\u00f4le de la \nsection U06S01 \nChristelle \nBOUCHON \nL'agent de \ncontr\u00f4le de la \nsection U06S06 \nIan DUFOUR-\nGRUENAIS \nL'agent de \ncontr\u00f4le de la \nsection U06S08 \nRonan CREPUT \n \nL'agent de \ncontr\u00f4le de la \nsection U06S10 \nSch\u00e9razade \nGOUFFI \nL'agent de \ncontr\u00f4le de la \nsection U06S07 \nYann BOITEL-\nBRAS \nL'agent de \ncontr\u00f4le de la \nsection U06S02 \nSandrine \nVIRIEUX \nL'agent de \ncontr\u00f4le de la \nsection U06S09 \nVincent \nGAILLARD \nL'agent de \ncontr\u00f4le de la \nSection U06S04 \nHugo JUSTO \nL'agent de \ncontr\u00f4le de la \nSection U06S05 \nAnne-Laure \nPAPASTRATIDIS \nL'agent de \ncontr\u00f4le de la \nsection U06S01 \nChristelle \nBOUCHON \nL'agent de \ncontr\u00f4le de la \nsection U06S07 \nYann BOITEL-\nBRAS \nL'agent de \ncontr\u00f4le de la \nsection U06S09 \nVincent \nGAILLARD \nL'agent de \ncontr\u00f4le de la \nsection U06S08 \nRonan CREPUT \nL'agent de \ncontr\u00f4le de la \nsection U06S02 \nSandrine \nVIRIEUX \nL'agent de \ncontr\u00f4le de la \nsection U06S01 \nChristelle \nBOUCHON \nL'agent de \ncontr\u00f4le de la \nSection U06S04 \nHugo JUSTO \nL'agent de \ncontr\u00f4le de la \nSection U06S05 \nAnne-Laure \nPAPASTRATIDIS \nL'agent de \ncontr\u00f4le de la \nsection U06S10 \nSch\u00e9razade \nGOUFFI \nL'agent de \ncontr\u00f4le de la \nsection U06S06 \nIan DUFOUR-\nGRUENAIS \nL'agent de \ncontr\u00f4le de la \nsection U06S08 \nRonan CREPUT \nL'agent de \ncontr\u00f4le de la \nsection U06S10 \nSch\u00e9razade \nGOUFFI \nL'agent de \ncontr\u00f4le de la \nsection U06S07 \nYann BOITEL-\nBRAS \nL'agent de \ncontr\u00f4le de la \nSection U06S05 \nAnne-Laure \nPAPASTRATIDIS \nL'agent de \ncontr\u00f4le de la \nSection U06S04 \nHugo JUSTO \nL'agent de \ncontr\u00f4le de la \nsection U06S02 \nSandrine \nVIRIEUX \nL'agent de \ncontr\u00f4le de la \nsection U06S06 \nIan DUFOUR-\nGRUENAIS \nL'agent de \ncontr\u00f4le de la \nsection U06S09 \nVincent \nGAILLARD \nL'agent de \ncontr\u00f4le de la \nsection U06S01 \nChristelle \nBOUCHON \nL'agent de \ncontr\u00f4le de la \nsection U06S09 \nVincent \nGAILLARD \nL'agent de \ncontr\u00f4le de la \nsection U06S07 \nYann BOITEL-\nBRAS \nL'agent de \ncontr\u00f4le de la \nsection U06S08 \nRonan CREPUT \nL'agent de \ncontr\u00f4le de la \nsection U06S02 \nSandrine \nVIRIEUX \nL'agent de \ncontr\u00f4le de la \nsection U06S10 \nSch\u00e9razade \nGOUFFI \nL'agent de \ncontr\u00f4le de la \nSection U06S04 \nHugo JUSTO \nL'agent de \ncontr\u00f4le de la \nSection U06S05 \nAnne-Laure \nPAPASTRATIDIS \nL'agent de \ncontr\u00f4le de la \nsection U06S06 \nIan DUFOUR-\nGRUENAIS \nL'agent de \ncontr\u00f4le de la \nsection U06S01 \nChristelle \nBOUCHON \nL'agent de \ncontr\u00f4le de la \nsection U06S10 \nSch\u00e9razade \nGOUFFI \nL'agent de \ncontr\u00f4le de la \nSection U06S04 \nHugo JUSTO \nL'agent de \ncontr\u00f4le de la \nsection U06S02 \nSandrine \nVIRIEUX \nL'agent de \ncontr\u00f4le de la \nSection U06S05 \nAnne-Laure \nPAPASTRATIDIS \nL'agent de \ncontr\u00f4le de la \nsection U06S06 \nIan DUFOUR-\nGRUENAIS \nL'agent de \ncontr\u00f4le de la \nsection U06S07 \nYann BOITEL-\nBRAS \nL'agent de \ncontr\u00f4le de la \nsection U06S09 \nVincent \nGAILLARD \nL'agent de \ncontr\u00f4le de la \nsection U06S04 \nHugo JUSTO \nL'agent de \ncontr\u00f4le de la \nsection U06S08 \nRonan CREPUT \n \n \n \nEn cas d'absence ou d'emp\u00eachement simultan\u00e9 des agents de contr\u00f4le affect\u00e9s au sein de l'unit\u00e9 de contr\u00f4le Rh\u00f4ne -\nTransports faisant obstacle \u00e0 ce que l'int\u00e9rim soit assur\u00e9 selon les modalit\u00e9s fix\u00e9es ci-dessus, l'int\u00e9rim est assur\u00e9 par \nun agent de contr\u00f4le des unit\u00e9s de contr\u00f4le Lyon -Centre, Rh\u00f4ne -Sud-Ouest, Lyon -Villeurbanne, Rh\u00f4ne -Centre-Est, \nRh\u00f4ne-Nord-et-Agriculture, Lyon-Vall\u00e9e Du Rh\u00f4ne ou par un Responsable d'unit\u00e9 de contr\u00f4le. \n  \n69_DDETS_Direction d\u00e9partementale de l'emploi du travail et des solidarit\u00e9s - 69-2026-03-05-00001 - DECISION DREETS/T/2026/23\nportant affectation des agents de contr\u00f4le dans les unit\u00e9s de contr\u00f4le de l'inspection du travail de la direction d\u00e9partementale de\nl'emploi, du travail et des solidarit\u00e9s du d\u00e9partement du Rh\u00f4ne, et gestion des int\u00e9rims,\n18\n15/17 \n \n6. Unit\u00e9 de contr\u00f4le 7, Lyon-Vall\u00e9e Du Rh\u00f4ne \n \nInt\u00e9rim des agents de contr\u00f4le : \n \nAgent de \ncontr\u00f4le Int\u00e9rim 1 Int\u00e9rim 2 Int\u00e9rim 3 Int\u00e9rim 4 Int\u00e9rim 5 Int\u00e9rim 6 \nL'agent de contr\u00f4le \nde la section U07S01 \nDominique MICHEL \n \nL'agent de contr\u00f4le \nde la section U07S02 \nNajib LERGUET \n \nL'agent de contr\u00f4le \nde la section \nU07S06 Amandine \nMARTIN \nL'agent de contr\u00f4le \nde la section U07S07 \nA\u00efcha SOLTANE \nL'agent de contr\u00f4le \nde la section \nU07S03 Thomas \nFOURNIER \nL'agent de contr\u00f4le \nde la section \nU07S05 \nJo\u00ebl LOUIS \nL'agent de contr\u00f4le \nde la section \nU07S08 Th\u00e9o \nFAILLE \n \nL'agent de contr\u00f4le \nde la section U07S02 \nNajib LERGUET \n \nL'agent de contr\u00f4le \nde la section U07S01 \nDominique MICHEL \n \nL'agent de contr\u00f4le \nde la section \nU07S03 Thomas \nFOURNIER \nL'agent de contr\u00f4le \nde la section U07S06 \nAmandine MARTIN \nL'agent de contr\u00f4le \nde la section \nU07S07 \nA\u00efcha SOLTANE \nL'agent de contr\u00f4le \nde la section \nU07S05 Jo\u00ebl LOUIS \nL'agent de contr\u00f4le \nde la Section \nU07S08 Th\u00e9o \nFAILLE \nL'agent de contr\u00f4le \nde la section U07S03 \nThomas FOURNIER \nL'agent de contr\u00f4le \nde la section U07S06 \nAmandine MARTIN \nL'agent de contr\u00f4le \nde la section \nU07S02 Najib \nLERGUET \n \nL'agent de contr\u00f4le \nde la section U07S01 \nDominique MICHEL \n \nL'agent de contr\u00f4le \nde la Section \nU07S08 Th\u00e9o \nFAILLE \n \nL'agent de contr\u00f4le \nde la section \nU07S07 \nA\u00efcha SOLTANE \nL'agent de contr\u00f4le \nde la section \nU07S05 \nJo\u00ebl LOUIS \nL'agent de contr\u00f4le \nde la section U07S05 \nJo\u00ebl LOUIS \nL'agent de contr\u00f4le \nde la section U07S07 \nA\u00efcha SOLTANE \nL'agent de contr\u00f4le \nde la section \nU07S03 \nThomas FOURNIER \nL'agent de contr\u00f4le \nde la section U07S02 \nNajib LERGUET \n \nL'agent de contr\u00f4le \nde la section \nU07S06 Amandine \nMARTIN \nL'agent de contr\u00f4le \nde la section \nU07S01 \nDominique MICHEL \n \nL'agent de contr\u00f4le \nde la Section \nU07S08 Th\u00e9o \nFAILLE \n \nL'agent de contr\u00f4le \nde la section U07S06 \nAmandine MARTIN \nL'agent de contr\u00f4le \nde la section U07S03 \nThomas FOURNIER \nL'agent de contr\u00f4le \nde la section \nU07S02 Najib \nLERGUET \n \nL'agent de contr\u00f4le \nde la section U07S01 \nDominique MICHEL \n \nL'agent de contr\u00f4le \nde la section \nU07S07 \nA\u00efcha SOLTANE \nL'agent de contr\u00f4le \nde la Section \nU07S08 Th\u00e9o \nFAILLE \n \nL'agent de contr\u00f4le \nde la section \nU07S05 \nJo\u00ebl LOUIS \nL'agent de contr\u00f4le \nde la section U07S07 \nA\u00efcha SOLTANE \nL'agent de contr\u00f4le \nde la Section \nU07S08 Th\u00e9o \nFAILLE \n \nL'agent de contr\u00f4le \nde la section \nU07S06 Amandine \nMARTIN \nL'agent de contr\u00f4le \nde la section U07S01 \nDominique MICHEL \n \nL'agent de contr\u00f4le \nde la section \nU07S02 Najib \nLERGUET \n \nL'agent de contr\u00f4le \nde la section \nU07S03 \nThomas FOURNIER \nL'agent de contr\u00f4le \nde la section \nU07S05 \nJo\u00ebl LOUIS \nL'agent de contr\u00f4le \nde la Section \nU07S08 Th\u00e9o \nFAILLE \n \nL'agent de contr\u00f4le \nde la section U07S07 \nA\u00efcha SOLTANE \n \nL'agent de contr\u00f4le \nde la section \nU07S03 \nThomas FOURNIER \nL'agent de contr\u00f4le \nde la section U07S06 \nAmandine MARTIN \nL'agent de contr\u00f4le \nde la section \nU07S01 \nDominique MICHEL \n \nL'agent de contr\u00f4le \nde la section \nU07S02 Najib \nLERGUET \n \nL'agent de contr\u00f4le \nde la section \nU07S05 \nJo\u00ebl LOUIS \n \nEn cas d'absence ou d'emp\u00eachement simultan\u00e9 des agents de contr\u00f4le affect\u00e9s au sein de l'unit\u00e9 de contr\u00f4le Rh\u00f4ne -\nTransports faisant obstacle \u00e0 ce que l'int\u00e9rim soit assur\u00e9 selon les modalit\u00e9s fix\u00e9es ci -dessus, l'int\u00e9rim est assur\u00e9 par \nun agent de contr\u00f4le des unit\u00e9s de contr\u00f4le Lyon -Centre, Rh\u00f4ne -Sud-Ouest, Lyon -Villeurbanne, Rh\u00f4ne -Centre-Est, \nRh\u00f4ne-Nord-et-Agriculture, Rh\u00f4ne Transports ou par un responsable d'unit\u00e9 de contr\u00f4le \n \n  \n69_DDETS_Direction d\u00e9partementale de l'emploi du travail et des solidarit\u00e9s - 69-2026-03-05-00001 - DECISION DREETS/T/2026/23\nportant affectation des agents de contr\u00f4le dans les unit\u00e9s de contr\u00f4le de l'inspection du travail de la direction d\u00e9partementale de\nl'emploi, du travail et des solidarit\u00e9s du d\u00e9partement du Rh\u00f4ne, et gestion des int\u00e9rims,\n19\n16/17 \n \nArticle 3 ter : Int\u00e9rim des responsables d'unit\u00e9 de contr\u00f4le  \n \nL'int\u00e9rim de l'Unit\u00e9 de contr\u00f4le 5 Rh\u00f4ne Nord et agriculture est assur\u00e9 par  Madame Charlotte BAUDOUIN responsable \nde l'unit\u00e9 de contr\u00f4le Rh\u00f4ne-Transports. \n \nEn cas d'absence ou d'emp\u00eachement d'un responsable d'unit\u00e9 de contr\u00f4le d\u00e9sign\u00e9s \u00e0 l'article 1er, et sauf d\u00e9cision \nexpresse d\u00e9finissant pour une dur\u00e9e d\u00e9termin\u00e9e une organisation de l'int\u00e9rim particuli\u00e8re, l'int\u00e9rim est organis\u00e9 par le \nresponsable de l'unit\u00e9 de contr\u00f4le d\u00e9sign\u00e9 dans le tableau figurant dans le tableau ci -apr\u00e8s en int\u00e9rim 1, ou en cas \nd'absence et d'emp\u00eachement de ce dernier par le responsable de l'unit\u00e9 de contr\u00f4le d\u00e9sign\u00e9 dans le tableau ci -apr\u00e8s \nen int\u00e9rim 2, ou en cas d'absence et d'emp\u00eachement de ce dernier par le responsable de l'unit\u00e9 de contr\u00f4le d\u00e9sign\u00e9 \ndans le tableau ci -apr\u00e8s en int\u00e9rim 3, ou en cas d'absence et d'emp\u00eachement de ce dernier par le responsable de \nl'unit\u00e9 de contr\u00f4le d\u00e9sign\u00e9 dans les tableaux ci -apr\u00e8s en int\u00e9rim 4, ou en cas d'absence et d'emp\u00eachement de ce \ndernier par le responsable de l'unit\u00e9 de contr\u00f4le d\u00e9sign\u00e9 dans le tableau ci -apr\u00e8s en int\u00e9rim 5, ou en cas d'absence et \nd'emp\u00eachement de ce dernier par le responsable de l'unit\u00e9 de contr\u00f4le d\u00e9sign\u00e9 dans le tableau ci -apr\u00e8s en int\u00e9rim 6. \n \nResponsable \nd'unit\u00e9 de \ncontr\u00f4le \nInt\u00e9rim 1 Int\u00e9rim 2 Int\u00e9rim 3 Int\u00e9rim 4 Int\u00e9rim 5 Int\u00e9rim 6 \nThierry AFFRE  \nresponsable de \nl'unit\u00e9 de contr\u00f4le \nLyon Centre \nAlain DUNEZ, \nresponsable de \nl'unit\u00e9 de contr\u00f4le \nRh\u00f4ne-Sud-\nOuest \nSophie RUAT \nresponsable de \nl'unit\u00e9 de contr\u00f4le \nLyon-\nVilleurbanne \nFr\u00e9d\u00e9rique \nLIBAUD \nresponsable de \nl'unit\u00e9 de contr\u00f4le \nRh\u00f4ne Centre-\nEst \nAgathe \nKHERBACHE \nresponsable de \nl'unit\u00e9 de contr\u00f4le \nLyon-Vall\u00e9e Du \nRh\u00f4ne \nCharlotte \nBAUDOUIN \nresponsable de \nl'unit\u00e9 de contr\u00f4le \nRh\u00f4ne-\nTransports \nFlorence \nDUFOUR \nresponsable de \nl'unit\u00e9 de contr\u00f4le  \nRh\u00f4ne Nord et \nagriculture \nAlain DUNEZ \nresponsable de \nl'unit\u00e9 de contr\u00f4le \nRh\u00f4ne-Sud-\nOuest \nSophie RUAT \nresponsable de \nl'unit\u00e9 de contr\u00f4le \nLyon-\nVilleurbanne \nFr\u00e9d\u00e9rique \nLIBAUD \nresponsable de \nl'unit\u00e9 de contr\u00f4le \nRh\u00f4ne Centre-\nEst \nAgathe \nKHERBACHE \nresponsable de \nl'unit\u00e9 de contr\u00f4le \nLyon-Vall\u00e9e Du \nRh\u00f4ne \nThierry AFFRE \nresponsable de \nl'unit\u00e9 de contr\u00f4le \nLyon Centre \nCharlotte \nBAUDOUIN  \nresponsable de \nl'unit\u00e9 de contr\u00f4le  \nRh\u00f4ne-\nTransports \nFlorence \nDUFOUR \nresponsable de \nl'unit\u00e9 de contr\u00f4le  \nRh\u00f4ne Nord et \nagriculture \nSophie RUAT \nresponsable de \nl'unit\u00e9 de contr\u00f4le \nLyon-\nVilleurbanne \nFr\u00e9d\u00e9rique \nLIBAUD \nresponsable de \nl'unit\u00e9 de contr\u00f4le \nRh\u00f4ne Centre-\nEst \nAgathe \nKHERBACHE \nresponsable de \nl'unit\u00e9 de contr\u00f4le \nLyon-Vall\u00e9e Du \nRh\u00f4ne \nThierry AFFRE, \nresponsable de \nl'unit\u00e9 de contr\u00f4le \nLyon Centre \nAlain DUNEZ \nresponsable de \nl'unit\u00e9 de contr\u00f4le \nRh\u00f4ne-Sud-\nOuest \nCharlotte \nBAUDOUIN, \nresponsable de \nl'unit\u00e9 de contr\u00f4le  \nRh\u00f4ne-\nTransports \nFlorence \nDUFOUR \nresponsable de \nl'unit\u00e9 de contr\u00f4le  \nRh\u00f4ne Nord et \nagriculture \nFr\u00e9d\u00e9rique \nLIBAUD \nresponsable de \nl'unit\u00e9 de contr\u00f4le \nRh\u00f4ne Centre-\nEst \nAgathe \nKHERBACHE \nresponsable de \nl'unit\u00e9 de contr\u00f4le \nLyon-Vall\u00e9e Du \nRh\u00f4ne \nThierry AFFRE \nresponsable de \nl'unit\u00e9 de contr\u00f4le \nLyon Centre \nAlain DUNEZ \nresponsable de \nl'unit\u00e9 de contr\u00f4le \nRh\u00f4ne-Sud-\nOuest \nSophie RUAT \nresponsable de \nl'unit\u00e9 de contr\u00f4le \nLyon-\nVilleurbanne \nCharlotte \nBAUDOUIN \nresponsable de \nl'unit\u00e9 de contr\u00f4le  \nRh\u00f4ne-\nTransports \nFlorence \nDUFOUR \nresponsable de \nl'unit\u00e9 de contr\u00f4le  \nRh\u00f4ne Nord et \nagriculture \nFlorence \nDUFOUR \nresponsable de \nl'unit\u00e9 de contr\u00f4le  \nRh\u00f4ne Nord et \nagriculture \nCharlotte \nBAUDOUIN  \nresponsable de \nl'unit\u00e9 de contr\u00f4le  \nRh\u00f4ne- \nTransports \nThierry AFFRE  \nresponsable de \nl'unit\u00e9 de contr\u00f4le \nLyon Centre \nAlain DUNEZ \nresponsable de \nl'unit\u00e9 de contr\u00f4le \nRh\u00f4ne-Sud-\nOuest \nSophie RUAT \nresponsable de \nl'unit\u00e9 de contr\u00f4le \nLyon-\nVilleurbanne \nFr\u00e9d\u00e9rique \nLIBAUD \nresponsable de \nl'unit\u00e9 de contr\u00f4le \nRh\u00f4ne Centre-\nEst \nAgathe \nKHERBACHE \nresponsable de \nl'unit\u00e9 de contr\u00f4le \nLyon-Vall\u00e9e Du \nRh\u00f4ne \nCharlotte \nBAUDOUIN  \nresponsable de \nl'unit\u00e9 de contr\u00f4le  \nRh\u00f4ne- \nTransports \nSophie RUAT \nresponsable de \nl'unit\u00e9 de contr\u00f4le \nLyon-\nVilleurbanne \nFr\u00e9d\u00e9rique \nLIBAUD \nresponsable de \nl'unit\u00e9 de contr\u00f4le \nRh\u00f4ne Centre-\nEst \nThierry AFFRE  \nresponsable de \nl'unit\u00e9 de contr\u00f4le \nLyon Centre \nAlain DUNEZ \nresponsable de \nl'unit\u00e9 de contr\u00f4le \nRh\u00f4ne-Sud-\nOuest \nAgathe \nKHERBACHE \nresponsable de \nl'unit\u00e9 de contr\u00f4le \nLyon-Vall\u00e9e Du \nRh\u00f4ne \nFlorence \nDUFOUR \nresponsable de \nl'unit\u00e9 de contr\u00f4le  \nRh\u00f4ne Nord et \nagriculture \nAgathe \nKHERBACHE \nresponsable de \nl'unit\u00e9 de contr\u00f4le \nLyon-Vall\u00e9e Du \nRh\u00f4ne \nThierry AFFRE \nresponsable de \nl'unit\u00e9 de contr\u00f4le \nLyon Centre \nAlain DUNEZ, \nresponsable de \nl'unit\u00e9 de contr\u00f4le \nRh\u00f4ne-Sud-\nOuest \nSophie RUAT \nresponsable de \nl'unit\u00e9 de contr\u00f4le \nLyon-\nVilleurbanne \nFr\u00e9d\u00e9rique \nLIBAUD \nresponsable de \nl'unit\u00e9 de contr\u00f4le \nRh\u00f4ne Centre-\nEst \nCharlotte \nBAUDOUIN \nresponsable de \nl'unit\u00e9 de contr\u00f4le  \nRh\u00f4ne-\nTransports \nFlorence \nDUFOUR \nresponsable de \nl'unit\u00e9 de contr\u00f4le  \nRh\u00f4ne Nord et \nagriculture \n \n  \n69_DDETS_Direction d\u00e9partementale de l'emploi du travail et des solidarit\u00e9s - 69-2026-03-05-00001 - DECISION DREETS/T/2026/23\nportant affectation des agents de contr\u00f4le dans les unit\u00e9s de contr\u00f4le de l'inspection du travail de la direction d\u00e9partementale de\nl'emploi, du travail et des solidarit\u00e9s du d\u00e9partement du Rh\u00f4ne, et gestion des int\u00e9rims,\n20\n17/17 \n \nArticle 4 :  \n \nConform\u00e9ment aux dispositions de l'article R. 8122 -10 du code du travail, les agents mentionn\u00e9s \u00e0 l'article \n2 participent lorsque l'action le rend n\u00e9cessaire aux actions d'inspection de la l\u00e9gislation du travail sur le territoire de \nl'unit\u00e9 d\u00e9partementale \u00e0 laquelle est rattach\u00e9e l'unit\u00e9 de contr\u00f4le o\u00f9 ils sont affect\u00e9s.  \n \n \n \nArticle 5   \n \nLa pr\u00e9sente d\u00e9cision se substitue \u00e0 compter de sa publication \u00e0 la d\u00e9cision DREETS/T/2026/05 du 28 janvier 2026, \nportant affectation des agents de contr\u00f4le dans les unit\u00e9s de contr\u00f4le de l'inspection du travail de la direction \nd\u00e9partementale de l'emploi, du travail et des solidarit\u00e9s du d\u00e9partement du Rh\u00f4ne, et gestion des int\u00e9rims, qui est \nabrog\u00e9e.  \n \nArticle 6 :  \n \nLe directeur d\u00e9partemental de l'emploi, du travail et des solidarit\u00e9s du Rh\u00f4ne et la directrice r\u00e9gionale de l'\u00e9conomie, \nde l'emploi, du travail et des solidarit\u00e9s de la r\u00e9gion Auvergne -Rh\u00f4ne-Alpes sont charg\u00e9 s de l'ex\u00e9cution du pr\u00e9sent \narr\u00eat\u00e9 qui sera publi\u00e9 au recueil des actes administratifs de la pr\u00e9fecture du Rh\u00f4ne.  \n \n \nPour la directrice r\u00e9gionale de l'\u00e9conomie, \nde l'emploi, du travail et des solidarit\u00e9s, \nLa responsable du p\u00f4le politique du travail par \nint\u00e9rim, \n \n \n \n \n \nJohanne FRAVALO \n \n69_DDETS_Direction d\u00e9partementale de l'emploi du travail et des solidarit\u00e9s - 69-2026-03-05-00001 - DECISION DREETS/T/2026/23\nportant affectation des agents de contr\u00f4le dans les unit\u00e9s de contr\u00f4le de l'inspection du travail de la direction d\u00e9partementale de\nl'emploi, du travail et des solidarit\u00e9s du d\u00e9partement du Rh\u00f4ne, et gestion des int\u00e9rims,\n21\n69_DDPP_Direction d\u00e9partementale de la\nprotection des populations\n69-2026-03-04-00004\nARRETE PREFECTORAL N\u00b0\nDDPP-DIR-2026-03-04-001\n69_DDPP_Direction d\u00e9partementale de la protection des populations - 69-2026-03-04-00004 - ARRETE PREFECTORAL N\u00b0\nDDPP-DIR-2026-03-04-001 22\nPREFETE Direction D\u00e9partementaleDU RHON E de la Protection des PopulationsLibert\u00e9\u00c9galit\u00e9Fraternit\u00e9\nARR\u00caT\u00c9 PR\u00c9FECTORAL N\u00b0 DDPP-DIR -2026-03-04-001PORTANT SUBDELEGATION DE SIGNATURE A CERTAINS PERSONNELS DE LADIRECTION DEPARTEMENTALE DE LA PROTECTION DES POPULATIONS DU RHONELe directeur d\u00e9partemental de la protection des populationsVu le code rural et de la p\u00e9che maritime ;Vu le code de la sant\u00e9 publique ;Vu le code de l'environnement ;Vu le code du commerce ;Vu le code de la consommation ;Vu le code des march\u00e9s publics ;Vu le code du tourisme ; .Vu la loi organique n\u00b02001-692 du 1* ao\u00fbt 2001 relative \u00e0 la loi de finances ;Vu la loi n\u00b0 82-213 du 2 mars 1982 modifi\u00e9e relative aux droits et libert\u00e9s des communes, des d\u00e9partements et desr\u00e9gions ;Vu le d\u00e9cret n\u00b0 2004-374 du 29 avril 2004 modifi\u00e9 relatif aux pouvoirs des pr\u00e9fets, \u00e0 l'organisation et \u00e0 l'actiondes services de l'Etat dans les r\u00e9gions et d\u00e9partements ;Vu le d\u00e9cret n\u00b0 2009-360 du 31 mars 2009 modifi\u00e9 relatif aux emplois de l'administration territoriale de l'\u00c9tat ;Vu le d\u00e9cret n\u00b0 2009-1484 du 3 d\u00e9cembre 2009 relatif aux directions d\u00e9partementales interminist\u00e9rielles ;Vu le d\u00e9cret du 11 janvier 2023 portant nomination de Mme. Fabienne BUCCIO en qualit\u00e9 de pr\u00e9f\u00e8te de la r\u00e9gionAuvergne-Rh\u00f4ne-Alpes, pr\u00e9f\u00e8te de la zone de d\u00e9fense et de s\u00e9curit\u00e9 Sud-Est, pr\u00e9f\u00e8te du Rh\u00f4ne (hors classe) ;Vu l'arr\u00eat\u00e9 du Premier Ministre du 31 mars 2011 modifi\u00e9 portant d\u00e9concentration des d\u00e9cisions relatives \u00e0 lasituation individuelle des fonctionnaires et agents non titulaires exer\u00e7ant leurs fonctions dans les directionsd\u00e9partementales interminist\u00e9rielles ;Vu l'arr\u00eat\u00e9 minist\u00e9riel du 17 mars 2025 portant nomination de M. Bertrand TOULOUSE, inspecteur g\u00e9n\u00e9ral de lasant\u00e9 publique v\u00e9t\u00e9rinaire de classe normale, en qualit\u00e9 de directeur d\u00e9partemental de la protection despopulations du Rh\u00f4ne, \u00e0 compter du 1* avril 2025 ;Vu l'arr\u00eat\u00e9 minist\u00e9riel du 4 mars 2022 portant nomination de M. Mathias TINCHANT, directeur d\u00e9partemental de2\u00b0 classe de la concurrence, de la consommation et de la r\u00e9pression des fraudes, en qualit\u00e9 de directeurd\u00e9partemental adjoint de la protection des populations du Rh\u00f4ne ;Vu l'arr\u00eat\u00e9 pr\u00e9fectoral n\u00b0 2011-4212 du 4 juillet 2011 portant d\u00e9l\u00e9gation des d\u00e9cisions relatives \u00e0 la situationindividuelle des fonctionnaires et des agents non titulaires exer\u00e7ant leurs fonctions dans les directionsd\u00e9partementales interminist\u00e9rielles du d\u00e9partement du Rh\u00f4ne ;Vu l'arr\u00eat\u00e9 pr\u00e9fectoral n\u00b0 69-2025-03-31-00001 du 31 mars 2025 portant d\u00e9l\u00e9gation de signature \u00e0 M. BertrandTOULOUSE directeur d\u00e9partemental de la protection des populations du Rh\u00f4ne ;Vu l'arr\u00eat\u00e9 pr\u00e9fectoral n\u00b0 69-2025-03-31-00002 du 31 mars 2025 portant d\u00e9l\u00e9gation de signature \u00e0 M. BertrandTOULOUSE, directeur d\u00e9partemental de la protection des populations du Rh\u00f4ne en mati\u00e8re d'ordonnancementsecondaire et de march\u00e9s publics ;Vu l'arr\u00eat\u00e9 pr\u00e9fectoral n\u00b0 DDPP-DIR- 2025-04-03-001 du 3 avril 2025 portant subd\u00e9l\u00e9gation de signature \u00e0certains personnels de la direction d\u00e9partementale de la protection des populations du Rh\u00f4ne.\n245 rue Garibaldi 69422 LYON Cedex 03T\u00e9l : 04 72 61 37 00 M\u00e9l : ddpp@rhone.gouv.fr http : / /www.rhone.gouv.fr\n69_DDPP_Direction d\u00e9partementale de la protection des populations - 69-2026-03-04-00004 - ARRETE PREFECTORAL N\u00b0\nDDPP-DIR-2026-03-04-001 23\nARRETE:ARTICLE 1 : En cas d'absence ou d'emp\u00e9chement de M Bertrand TOULOUSE, la d\u00e9l\u00e9gation de signature quilui est conf\u00e9r\u00e9e par l'arr\u00eat\u00e9 pr\u00e9fectoral n\u00b0 69-2025-03-31-00002 du 31 mars 2025, pour proc\u00e9der al'ordonnancement secondaire est donn\u00e9e a:\u00b0 M. Mathias TINCHANT, directeur d\u00e9partemental adjoint de la protection des populations du Rh\u00f4ne ;\u00b0 M. Eric COULIBALY, chef de service protection et sant\u00e9 animales, pour ce qui rel\u00e8ve des BOP 206 et382.ARTICLE 2 : En cas d'absence ou d'emp\u00e9chement de M. Bertrand TOULOUSE, d\u00e9l\u00e9gation de signature estdonn\u00e9e \u00e0 M. Mathias TINCHANT, directeur d\u00e9partemental adjoint de la protection des populations du Rh\u00f4ne,pour les actes d\u00e9finis dans l'arr\u00eat\u00e9 pr\u00e9fectoral n\u00b0 69-2025-03-31-00001 et aux agents de la directiond\u00e9partementale de la protection des populations du Rh\u00f4ne, d\u00e9sign\u00e9s ci apr\u00e8s, pour les actes d\u00e9finis dans l'article1%.1-1-1, 1%.1-1-2, 1.1-1-5, 1%.1-1-6, 1%.1-1-7, 1\u00b0.1-3-3, 1%.1-3-6 et \u00e0 l'article 2 de l'arr\u00eat\u00e9 pr\u00e9fectoral n\u00b0 69-2025-03-31-00001, dans les limites de leurs attributions fonctionnelles :\u00b0 M. Eric COULIBALY, chef du service \u00ab protection et sant\u00e9 animales \u00bb,+ Mme Laurence DANJOU-GALIERE, cheffe du service \u00ab protection de l'environnement \u00bb,\u00b0 M. Vincent PEROUSE, chef du service \u00ab protection \u00e9conomique des consommateurs \u00bb,* M. Philippe SAUZE, chef du service \u00ab loyaut\u00e9 des aliments \u00bb,+ Mme S\u00e9verine DUBUS, cheffe du service \u00ab s\u00e9curit\u00e9 des produits industriels - commande publique \u00bb,eM. Jean-Marc DEBERNARDI, chef du service \u00ab s\u00e9curit\u00e9 sanitaire des aliments \u00bb\u00b0 Mmes Camille HAUTCOEUR et H\u00e9l\u00e8ne BROCHETON, responsables contentieux.ARTICLE 3 : En cas d'absence ou d'emp\u00eachement de M. Bertrand TOULOUSE, et d'un agent d\u00e9sign\u00e9 \u00e0 l'article2, d\u00e9l\u00e9gation de signature est donn\u00e9e aux agents de la direction d\u00e9partementale de la protection des populations duRh\u00f4ne, d\u00e9sign\u00e9s ci apr\u00e8s, pour les actes d\u00e9finis dans l'article 1*.1-1-1, 1%.1-1-2, 1%.1-1-5, 1%.1-1-6, 1%.1-1-7, 1%.1-3-3, 1*.1-3-6 et \u00e0 l'article 2 de l'arr\u00eat\u00e9 pr\u00e9fectoral n\u00b069-2025-03-31-00001 du 31 mars 2025, dans les limites deleurs attributions fonctionnelles :+ Mme Anabelle BIZI\u00c8RE, adjointe de la cheffe du service \u00ab protection de l'environnement \u00bb,\u00b0 Mme Catherine MANGIN, adjointe de la cheffe du service \u00ab protection de l'environnement \u00bb,\u00b0 Mme Val\u00e9rie CHEVRIE, adjointe du chef du service \u00ab protection et sant\u00e9 animales \u00bb,\u00b0 M. Lauric BONAZZI, adjoint du chef du service \u00ab protection \u00e9conomique des consommateurs \u00bb,\u00b0M. Bertrand VOGRIG, adjoint de la cheffe du service \u00ab s\u00e9curit\u00e9 des produits industriels \u2014 commandepublique \u00bb,\u00b0 Mme Laura LANDRIEUX, adjointe du chef du service \u00ab loyaut\u00e9 des aliments \u00bb,ARTICLE 4: L'arr\u00eat\u00e9 pr\u00e9fectoral n\u00b0 DDPP-DIR- 2025-04-03-001 du 3 avril 2025 portant subd\u00e9l\u00e9gation designature \u00e0 certains personnels de la direction d\u00e9partementale de la protection des populations du Rh\u00f4ne estabrog\u00e9.ARTICLE 5 : Le pr\u00e9sent arr\u00eat\u00e9 peut faire l'objet d'un recours contentieux devant le tribunal administratif deLyon dans un d\u00e9lai de deux mois \u00e0 compter de sa publication. Le tribunal administratif peut \u00eatre saisi d'unerequ\u00eate d\u00e9pos\u00e9e sur le site www.telerecours.fr.ARTICLE 6: Le directeur d\u00e9partemental de la protection des populations du Rh\u00f4ne est charg\u00e9 de l'ex\u00e9cution dupr\u00e9sent arr\u00eat\u00e9 qui sera publi\u00e9 au recueil des actes administratifs de la pr\u00e9fecture du Rh\u00f4ne.Lyon, le 04 mars 2026\n2/2\n69_DDPP_Direction d\u00e9partementale de la protection des populations - 69-2026-03-04-00004 - ARRETE PREFECTORAL N\u00b0\nDDPP-DIR-2026-03-04-001 24\n69_DDT_Direction d\u00e9partementale des\nterritoires du Rh\u00f4ne\n69-2026-03-05-00003\n11 A89 ParisNice\n69_DDT_Direction d\u00e9partementale des territoires du Rh\u00f4ne - 69-2026-03-05-00003 - 11 A89 ParisNice 25\nPREFETE _ Direction d\u00e9partementaleDU RHONE | des territoiresLibert\u00e9\u00c9galit\u00e9Fraternit\u00e9\nArr\u00eat\u00e9 pr\u00e9fectoral n\u00b069-2026-03-05-00003portant r\u00e9glementation temporaire de la police de circulation sur l'autoroute A89pendant la course cycliste Paris-Nice 2026- Fermeture temporaire de la bretelle de sortie de l'\u00e9changeur n\u00b037 A89 dans les deux sens -\nLa Pr\u00e9f\u00e8te de la R\u00e9gion Auvergne-Rh\u00f4ne-Alpes,Pr\u00e9f\u00e8te de la Zone de d\u00e9fense et de s\u00e9curit\u00e9 sud-est,Pr\u00e9f\u00e8te du Rh\u00f4ne,Commandeur de la L\u00e9gion d'honneur,Commandeur de l'ordre national du M\u00e9rite,\nVU le code de la route;VU le code de la voirie routi\u00e8re ;VU le code de la s\u00e9curit\u00e9 int\u00e9rieure ;VU le d\u00e9cret n\u00b0 2004-374 du 29 avril 2004 modifi\u00e9 relatif aux pouvoirs des pr\u00e9fets, \u00e0 l'organisation et \u00e0l'action des services de l'\u00c9tat dans les r\u00e9gions et d\u00e9partements ;VU le d\u00e9cret en conseil des ministres du 11 janvier 2023 portant nomination de Mme FabienneBUCCIO, en qualit\u00e9 de pr\u00e9f\u00e8te de la r\u00e9gion Auvergne-Rh\u00f4ne-Alpes, pr\u00e9f\u00e8te de la zone de d\u00e9fense etde s\u00e9curit\u00e9 Sud-Est, pr\u00e9f\u00e9te du Rh\u00f4ne ;VU le d\u00e9cret en conseil des ministres du 6 novembre 2024 portant nomination de M. AntoineGUERIN, en qualit\u00e9 de pr\u00e9fet d\u00e9l\u00e9gu\u00e9 pour la d\u00e9fense et la s\u00e9curit\u00e9 aupr\u00e8s de la pr\u00e9f\u00e8te de la r\u00e9gionAuvergne-Rh\u00f4ne-Alpes, pr\u00e9f\u00e8te de la zone de d\u00e9fense et de s\u00e9curit\u00e9 Sud-Est, pr\u00e9f\u00e8te du Rh\u00f4ne ;VU l'arr\u00eat\u00e9 interminist\u00e9riel du 24 novembre 1967 modifi\u00e9 relatif \u00e0 la signalisation des routes et desautoroutes;VU l'arr\u00eat\u00e9 pr\u00e9fectoral n\u00b0 69-2025-09-08-00008 du 08 septembre 2025 portant d\u00e9l\u00e9gation designature \u00e0 M. Xavier CEREZA, directeur d\u00e9partemental des territoires du Rh\u00f4ne ;VU l'instruction interminist\u00e9rielle sur la signalisation routi\u00e8re (Livre |, 8*\"% partie: signalisationtemporaire) approuv\u00e9e par l'arr\u00eat\u00e9 interminist\u00e9riel du 6 novembre 1992 et modifi\u00e9e par les textessubs\u00e9quents ;VU l'arr\u00eat\u00e9 d\u00e9partemental du Rh\u00f4ne n\u00b0 2026-DIM-SMPR-N\u00b0 8 du 05 mars 2026 portantr\u00e9glementation temporaire de la circulation sur diverses routes d\u00e9partementales pour la 5\u00b0\" \u00e9tapedu 84\u00b0\" Paris-Nice le jeudi 12 mars 2026 ;\n69_DDT_Direction d\u00e9partementale des territoires du Rh\u00f4ne - 69-2026-03-05-00003 - 11 A89 ParisNice 26\nVU la d\u00e9cision n\u00b0 DDT-69-2025-09-11-00001 du 11 septembre 2025 de M. Xavier CEREZA, directeurd\u00e9partemental des territoires du Rh\u00f4ne portant subd\u00e9l\u00e9gation de signature en mati\u00e8re d'attributionsg\u00e9n\u00e9rales a M. Nicolas CROSSONNEAU, chef du service s\u00e9curit\u00e9 et transports ;VU l'avis favorable du groupement de gendarmerie d\u00e9partementale du Rh\u00f4ne (EDCF 69) du 17f\u00e9vrier 2026 ;VU l'avis favorable de la soci\u00e9t\u00e9 des Autoroutes du Sud de la France (ASF/Vinci-autoroutes), r\u00e9gionAuvergne-Rh\u00f4ne-Alpes du 17 f\u00e9vrier 2026 ;VU l'avis favorable de la direction interd\u00e9partementale des routes Centre-Est, service r\u00e9gionald'exploitation de Lyon, PCG Coraly (PC Genas) du 17 f\u00e9vrier 2026 ;VU l'avis favorable du conseil d\u00e9partemental du Rh\u00f4ne du 17 f\u00e9vrier 2026 ;.VU l'avis r\u00e9put\u00e9 favorable de la commune de Lentilly;VU l'information communiqu\u00e9e au service d\u00e9partemental et m\u00e9tropolitain d'incendie et de secours endate du 17 f\u00e9vrier 2026 ;CONSID\u00c9RANT le trac\u00e9 de la cinqui\u00e8me \u00e9tape de l'\u00e9preuve sportive cycliste \u00ab Paris-Nice \u00bb et sond\u00e9roulement le jeudi 12 mars 2026 reliant \u00ab Cormoranche-sur-Sa\u00f4ne \u00e0 Colombier-le-Vieux \u00bb ;CONSID\u00c9RANT la n\u00e9cessit\u00e9 de fermer, pour des raisons de s\u00e9curit\u00e9 publique, la bretelle de sortie del'\u00e9changeur n\u00b037 de l'autoroute A89 dans les deux sens ;CONSID\u00c9RANT la n\u00e9cessit\u00e9 de garantir la s\u00e9curit\u00e9 des coureurs et organisateurs, des usagers del'autoroute A89 , des personnels de la soci\u00e9t\u00e9 des Autoroutes du Sud de la France (ASF) et des forcesde s\u00e9curit\u00e9 publique,Sur proposition du directeur d\u00e9partemental des territoires du Rh\u00f4ne,ARR\u00caTE\nARTICLE 1La bretelle de sortie de l'\u00e9changeur n\u00b037 \u00ab Chazay d'Azergues / Vall\u00e9e d'Azergues \u00bb sur l'autorouteA89, dans les deux sens de circulation, sera ferm\u00e9e temporairement \u00e0 toute circulation pendant lepassage de la bulle course, privatisant l'usage de la chauss\u00e9e, le jeudi 12 mars 2026, \u00e0 l'int\u00e9rieur ducr\u00e9neau horaire de 12 heures 30 a 14 heures 00.Le d\u00e9clenchement de l'interdiction de circulation sera effectu\u00e9 avant le passage du v\u00e9hicule ouvreur,\u00e0 l'initiative des forces de l'ordre.La circulation sera r\u00e9tablie, apr\u00e8s le passage du v\u00e9hicule de fin de course, \u00e0 l'initiative des forces del'ordre.\nARTICLE 2Les usagers de l'autoroute A89 d\u00e9sirant se rendre \u00e0 Chazay d'Azergues /Vall\u00e9\u00e9 ou Saint-Martin-la-Plainedevront emprunter la bretelle de sortie n\u00b0 38 \u00ab Lentilly \u00bb de l'autoroute A89 dans le sens Lyon versClermont Ferrand , et \u00ab Dommartin / Lentilly \u00bb dans le sens Clermont Ferrand vers LyonARTICLE 3La signalisation temporaire sera strictement conforme aux dispositions de l'instructioninterminist\u00e9rielle sur la signalisation routi\u00e8re.Cette communication s'effectuera par Panneaux \u00e0 Messages Variables (PMV).2/3\n69_DDT_Direction d\u00e9partementale des territoires du Rh\u00f4ne - 69-2026-03-05-00003 - 11 A89 ParisNice 27\nARTICLE 4Toute infraction au pr\u00e9sent arr\u00eat\u00e9 sera constat\u00e9e par proc\u00e8s-verbal dress\u00e9 par les forces de l'ordre.ARTICLE 5Lors de la r\u00e9ouverture de la bretelle et avant le r\u00e9tablissement normal de la circulation, la chauss\u00e9edoit \u00eatre propre et satisfaire aux normes de s\u00e9curit\u00e9 en vigueur.ARTICLE 6Le gestionnaire de la voirie affichera le pr\u00e9sent arr\u00eat\u00e9 aux abords imm\u00e9diats de la zone ferm\u00e9e.ARTICLE 7- Le pr\u00e9fet, secr\u00e9taire g\u00e9n\u00e9rale de la pr\u00e9fecture du Rh\u00f4ne,- le directeur r\u00e9gional des Autoroutes du Sud de la France (ASF/Vinci-autoroutes), r\u00e9gion Auvergne-Rh\u00f4ne-Alpes,- le commandant du groupement de gendarmerie d\u00e9partementale du Rh\u00f4ne,sont charg\u00e9s, chacun en ce qui le concerne, de l'ex\u00e9cution du pr\u00e9sent arr\u00eat\u00e9, dont copie est adres-s\u00e9e :- au pr\u00e9sident du conseil d\u00e9partemental du Rh\u00f4ne,- le commandant de la compagnie r\u00e9publicaine de s\u00e9curit\u00e9 autorouti\u00e8re Rh\u00f4ne-Alpes-Auvergne,- au directeur d\u00e9partemental des territoires du Rh\u00f4ne,- au directeur du service d\u00e9partemental et m\u00e9tropolitain d'incendie et de secours,- \u00e0 l'officier du minist\u00e8re public pr\u00e8s du tribunal de police de Lyon,- au maire de la commune de LentillyLyon, le 05 mars 2026Pour la pr\u00e9f\u00e8te,pour la pr\u00e9f\u00e8te et par d\u00e9l\u00e9gation,_ pour le directeur d\u00e9partementaldes territoires et par subd\u00e9l\u00e9gation,\nSignaturenum\u00e9rique deLe Chef du Service NICOLASS\u00e9curit\u00e9 at Ti :Yer CROSSONNEAUNi\u00e9olss \u00c9ROSSONNEAU 1459669Date : 2026.03.0513:39:47 +01'00'\nD\u00e9lais et voies de recours :Conform\u00e9ment \u00e0 l'article R.421 du code de justice administrative, la pr\u00e9sente d\u00e9cision peut faire l'objetd'un recours contentieux, dans le d\u00e9lai de deux mois \u00e0 compter de sa notification, devant le tribunaladministratif de Lyon (184, rue Duguesclin - 69 433 Lyon Cedex 03, ou sur l'application www.telerecours.fr).Elle peut \u00e9galement faire l'objet d'un recours gracieux aupr\u00e8s de Madame la Pr\u00e9f\u00e8te du Rh\u00f4ne. Cetted\u00e9marche interrompt le d\u00e9lai de recours contentieux, ce dernier devant \u00eatre introduit dans le d\u00e9lai dedeux mois suivant une d\u00e9cision implicite ou explicite de l'autorit\u00e9 comp\u00e9tente (le silence del'administration pendant un d\u00e9lai de deux mois valant d\u00e9cision implicite de rejet).3/3\n69_DDT_Direction d\u00e9partementale des territoires du Rh\u00f4ne - 69-2026-03-05-00003 - 11 A89 ParisNice 28\n69_DDT_Direction d\u00e9partementale des territoires du Rh\u00f4ne - 69-2026-03-05-00003 - 11 A89 ParisNice 29\n69_DDT_Direction d\u00e9partementale des\nterritoires du Rh\u00f4ne\n69-2026-03-05-00002\nAIP42-69 A47 course cycliste Paris-Nice 5\u00e8me\n\u00e9tape le 12 mars 2026\n69_DDT_Direction d\u00e9partementale des territoires du Rh\u00f4ne - 69-2026-03-05-00002 - AIP42-69 A47 course cycliste Paris-Nice 5\u00e8me\n\u00e9tape le 12 mars 2026 30\nE .PREFETEDE LA LOIRELibert\u00e9Egalit\u00e9Fraternit\u00e9\nVU le code de la route ;\nEE .PREFETEDU RHONELibert\u00e9Egalit\u00e9Fraternit\u00e9\nDirections d\u00e9partementalesdes territoires\nARRETE INTER-PREFECTORALn\u00b0 69-2026-03-05-00002portant r\u00e9glementation de la police de circulationsur l'Autoroute A47Course cycliste Paris-Nice 2026Fermeture temporaire de la bretelle de sortie n\u00b0 11\u00ab Rive-de-Gier / Saint-Martin-la-Plaine \u00bbsens Lyon vers Saint-EtienneCommunes de Chateauneuf et Tartaras\nLa Pr\u00e9f\u00e8te de la R\u00e9gion Auvergne-Rh\u00f4ne-Alpes,Pr\u00e9f\u00e8te de la Zone de d\u00e9fense et de s\u00e9curit\u00e9 sud-est,Pr\u00e9f\u00e8te du Rh\u00f4ne,Commandeur de la L\u00e9gion d'honneur,Commandeur de l'ordre national du M\u00e9rite\nLa Pr\u00e9f\u00e8te de la LoireChevalier de la L\u00e9gion d'honneur,Chevalier de l'ordre national du M\u00e9rite\nVU le code de la voirie routi\u00e8re ;VU le d\u00e9cret n\u00b02004-374 du 29 avril 2004 modifi\u00e9 relatif aux pouvoirs des pr\u00e9fets, \u00e0 l'organisation et \u00e0l'action des services de l'\u00c9tat dans les r\u00e9gions et d\u00e9partements ;VU le d\u00e9cret en conseil des ministres du 11 janvier 2023 portant nomination de Mme FabienneBUCCIO, en qualit\u00e9 de pr\u00e9f\u00e8te de la r\u00e9gion Auvergne-Rh\u00f4ne-Alpes, pr\u00e9f\u00e8te de la zone de d\u00e9fense etde s\u00e9curit\u00e9 Sud-Est, pr\u00e9f\u00e8te du Rh\u00f4ne ;VU le d\u00e9cret en conseil des ministres du 6 novembre 2024 portant nomination de M. AntoineGUERIN, en qualit\u00e9 de pr\u00e9fet d\u00e9l\u00e9gu\u00e9 pour la d\u00e9fense et la s\u00e9curit\u00e9 aupr\u00e8s de la pr\u00e9f\u00e8te de la r\u00e9gionAuvergne-Rh\u00f4ne-Alpes, pr\u00e9f\u00e8te de la zone de d\u00e9fense et de s\u00e9curit\u00e9 Sud-Est, pr\u00e9f\u00e8te du Rh\u00f4ne ;\n69_DDT_Direction d\u00e9partementale des territoires du Rh\u00f4ne - 69-2026-03-05-00002 - AIP42-69 A47 course cycliste Paris-Nice 5\u00e8me\n\u00e9tape le 12 mars 2026 31\nVU le d\u00e9cret en conseil des ministres du 30juillet 2025 nommant Madame Muriel NGUYEN, pr\u00e9f\u00e8tede la Loire;VU l'arr\u00eat\u00e9 pr\u00e9fectoral n\u00b0 69-2025-09-08-00008 du 8 septembre 2025 portant d\u00e9l\u00e9gation de signaturea M. Xavier CEREZA, directeur d\u00e9partemental des territoires du Rh\u00f4ne ;VU la d\u00e9cision n\u00b0 DDT-69-2025-09-11-00001 du 11 septembre 2025 de M. Xavier CEREZA, directeurd\u00e9partemental des territoires du Rh\u00f4ne portant subd\u00e9l\u00e9gation de signature en mati\u00e8re d'attributionsg\u00e9n\u00e9rales \u00e0 M. Nicolas CROSSONNEAU, chef du service s\u00e9curit\u00e9 et transports ;VU l'arr\u00eat\u00e9 pr\u00e9fectoral n\u00b02025-203 SAT du 2 septembre 2025 pour d\u00e9l\u00e9gation de signature \u00e0monsieur le directeur de la direction d\u00e9partementale des territoires de la Loire et l'arr\u00eat\u00e9 desubd\u00e9l\u00e9gation n\u00b0 DT-2026-0052 du 29 janvier 2026;VU l'arr\u00eat\u00e9 d\u00e9partemental du Rh\u00f4ne n\u00b0 2026-DIM-SMPR-N\u00b08 du 05 mars 2026 portantr\u00e9glementation temporaire de la circulation sur diverses routes d\u00e9partementales pour la 5\u00b0\"\u00b0 \u00e9tapedu 84\u00b0\" Paris-Nice le jeudi 12 mars 2026 ;VU l'instruction interminist\u00e9rielle sur la signalisation routi\u00e8re (livre 1, 8\u00b0\" partie: signalisationtemporaire) approuv\u00e9e par l'arr\u00eat\u00e9 interminist\u00e9riel du 6 novembre 1992, et modifi\u00e9e par les textessubs\u00e9quents ;VU l'avis r\u00e9put\u00e9 favorable de la Compagnie R\u00e9publicaine de S\u00e9curit\u00e9 Autorouti\u00e8re Rh\u00f4ne-Alpes-Auvergne (CRSARAA) ; |VU l'avis favorable de la Direction Interd\u00e9partementale des Routes Centre-Est (DIRCE) du 18 f\u00e9vrier2026 ;VU l'avis favorable du conseil d\u00e9partemental du Rh\u00f4ne du 24 f\u00e9vrier 2026 ;CONSID\u00c9RANT le trac\u00e9 de la cinqui\u00e8me \u00e9tape de l'\u00e9preuve sportive cycliste \u00ab Paris-Nice \u00bb et sond\u00e9roulement le jeudi 12 mars 2026 reliant \u00ab Cormoranche-sur-Sa\u00f4ne \u00e0 Colombier-le-Vieux \u00bb ;CONSID\u00c9RANT la n\u00e9cessit\u00e9 de fermer, pour des raisons de s\u00e9curit\u00e9 publique, la bretelle de Sortien\u00b0 11 \u00ab Rive-de-Gier / Saint-Martin-la-Plaine \u00bb sur l'autoroute A47, sens Lyon vers Saint-Etienne ;CONSID\u00c9RANT la n\u00e9cessit\u00e9 de garantir la s\u00e9curit\u00e9 des coureurs et organisateurs, des usagers del'autoroute A47, des personnels de la DIR-Centre-Est et des forces de s\u00e9curit\u00e9 publique,Sur proposition du directeur d\u00e9partemental des territoires du Rh\u00f4ne,Sur proposition du directeur d\u00e9partemental des territoires de la Loire,ARR\u00caTENTARTICLE1La bretelle de sortie n\u00b011 \u00ab Rive-de-Gier / Saint-Martin-la-Plaine \u00bb sur l'autoroute A47 au PR 12+663,dans le sens Lyon vers Saint-\u00c9tienne, sera ferm\u00e9e temporairement \u00e0 toute circulation pendant lepassage de la bulle course, privatisant l'usage de la chauss\u00e9e, le jeudi 12 mars 2026, \u00e0 l'int\u00e9rieur ducr\u00e9neau horaire de 13 heures 30 \u00e0 15 heures 15.Le d\u00e9clenchement de l'interdiction de circulation sera effectu\u00e9 avant le passage du v\u00e9hiculeouvreur, \u00e0 l'initiative des forces de l'ordre. | |La circulation sera r\u00e9tablie, apr\u00e8s le passage du v\u00e9hicule de fin de course, \u00e0 l'initiative des forces del'ordre.ARTICLE 2Les usagers de l'autoroute A47 d\u00e9sirant se rendre \u00e0 Rive-de-Gier ou Saint-Martin-la-Plaine devrontemprunter la bretelle de sortie n\u00b0 12 \u00ab Lorette \u00bb de l'autoroute A47 dans le sens Lyon vers Saint-\u00c9tienne.\n69_DDT_Direction d\u00e9partementale des territoires du Rh\u00f4ne - 69-2026-03-05-00002 - AIP42-69 A47 course cycliste Paris-Nice 5\u00e8me\n\u00e9tape le 12 mars 2026 32\nARTICLE 3L'acc\u00e8s a la route d\u00e9partementale n\u00b0 502 sur la commune de Chabani\u00e8re \u00e9tant r\u00e9glement\u00e9 lors dupassage de la bulle course, il ne sera pas possible d'acc\u00e9der \u00e0 l'autoroute A47 en direction de Lyon-Valence (PR 12+900), dans les conditions pr\u00e9vues \u00e0 l'article 1.\" ARTICLE 4La signalisation temporaire sera strictement conforme aux dispositions de l'instructioninterminist\u00e9rielle sur la signalisation routi\u00e8re.Cette communication s'effectuera par Panneaux\u00e0 Messages Variables (PMV).ARTICLE 5Toute infraction au pr\u00e9sent arr\u00eat\u00e9 sera constat\u00e9e par proc\u00e8s-verbal dress\u00e9 par les forces de l'ordre.ARTICLE 6Lors de la r\u00e9ouverture de la bretelle et avant le r\u00e9tablissement normal de la circulation, la chauss\u00e9edoit \u00eatre propre et satisfaire aux normes de s\u00e9curit\u00e9 en vigueur.ARTICLE 7Le gestionnaire de la voirie affichera le pr\u00e9sent arr\u00eat\u00e9 aux abords imm\u00e9diats de la zone ferm\u00e9e.ARTICLE 8- Le pr\u00e9fet, secr\u00e9taire g\u00e9n\u00e9ral de la pr\u00e9fecture du Rh\u00f4ne,- Le secr\u00e9taire g\u00e9n\u00e9ral de la pr\u00e9fecture de la Loire,- La directrice interd\u00e9partementale des routes Centre-Est,-le commandant de la compagnie r\u00e9publicaine de s\u00e9curit\u00e9 autorouti\u00e8re Rh\u00f4ne-Alpes-Auvergne,sont charg\u00e9s, chacun \u00aben ce qui le concerne, de l'ex\u00e9cution du pr\u00e9sent arr\u00eat\u00e9, dont copie estadress\u00e9e:- au pr\u00e9sident du conseil d\u00e9partemental du Rh\u00f4ne,- au directeur d\u00e9partemental des territoires du Rh\u00f4ne,- au directeur d\u00e9partemental des territoires de la Loire,- au directeur du service d\u00e9partemental et m\u00e9tropolitain d'incendie et de secours,- au directeur du service d\u00e9partemental d'incendie et de secours de la Loire,- \u00e0 l'officier du minist\u00e8re public pr\u00e8s du tribunal de police de Lyon,- aux maires des communes de Tartaras et Ch\u00e2teauneuf.Saint-\u00c9tienne, le 15 FEV. 2026 Lyon, le O5 mars 2026SignatureLe chef du P\u00f4le Mobilit\u00e9s S\u00e9curit\u00e9 num\u00e9rique deLechotausemee NICOLASSET nn CROSSONNEAUEST, 1459669Date:2026.03.0513:43:06 +01'00\"\nD\u00e9lais et voies de recours :Conform\u00e9ment \u00e0 l'article R.421-1 du code de justice administrative, la pr\u00e9sente d\u00e9cision peut fairel'objet d'un recours contentieux, dans le d\u00e9lai de deux mois \u00e0 compter de sa notification, devant letribunal administratif de Lyon (184, rue Duguesclin - 69 433 Lyon Cedex 03, ou sur l'applicationwww.telerecours.fr). Elle peut \u00e9galement faire l'objet d'un recours gracieux aupr\u00e8s de Madame laPr\u00e9f\u00e8te du Rh\u00f4ne. Cette d\u00e9marche interrompt le d\u00e9lai de recours contentieux, ce dernier devant \u00eatreintroduit dans le d\u00e9lai de deux mois suivant une d\u00e9cision implicite ou explicite de l'autorit\u00e9comp\u00e9tente (le silence de l'administration pendant un d\u00e9lai de deux mois valant d\u00e9cision implicite derejet).\n69_DDT_Direction d\u00e9partementale des territoires du Rh\u00f4ne - 69-2026-03-05-00002 - AIP42-69 A47 course cycliste Paris-Nice 5\u00e8me\n\u00e9tape le 12 mars 2026 33\n69_DDT_Direction d\u00e9partementale des territoires du Rh\u00f4ne - 69-2026-03-05-00002 - AIP42-69 A47 course cycliste Paris-Nice 5\u00e8me\n\u00e9tape le 12 mars 2026 34\n69_Pr\u00e9f_Pr\u00e9fecture du Rh\u00f4ne\n69-2026-03-02-00012\nAP du 2 mars 2026 portant autorisation\nexploitation syst\u00e8me vid\u00e9oprotection -\nCommunaut\u00e9 de Communes des Monts du\nLyonnais pour la D\u00e9ch\u00e8terie Les Auberges -\nMontrottier  \n69_Pr\u00e9f_Pr\u00e9fecture du Rh\u00f4ne - 69-2026-03-02-00012 - AP du 2 mars 2026 portant autorisation exploitation syst\u00e8me vid\u00e9oprotection -\nCommunaut\u00e9 de Communes des Monts du Lyonnais pour la D\u00e9ch\u00e8terie Les Auberges - Montrottier  35\nEPR\u00c9F\u00c8TEDU RH\u00d4NELibert\u00e9Egalit\u00e9Fraternit\u00e9\nPr\u00e9fecture\nDirection de la s\u00e9curit\u00e9 et de la protection civile\nBureau des polices administratives\nDossier 20251494\nArr\u00eat\u00e9 portant autorisation d'exploitation d'un syst\u00e8me de vid\u00e9oprotection\nLa Pr\u00e9f\u00e8te du Rh\u00f4ne\nCommandeur de la L\u00e9gion d'Honneur\nCommandeur de l'ordre national du M\u00e9rite\nVU le code de s\u00e9curit\u00e9 int\u00e9rieure et notamment ses articles L.223-1 \u00e0 L.223-9, L.251-1 \u00e0 L.255-1, ainsi que ses articles  \nR.251-7 et suivants; \nVU l'arr\u00eat\u00e9 minist\u00e9riel du 3 ao\u00fbt 2007 portant d\u00e9finition des normes techniques des syst\u00e8mes de vid\u00e9osurveillance;\nVU le d\u00e9cret en Conseil des Ministres du 11 janvier 2023 portant nomination de Madame Fabienne BUCCIO, pr\u00e9f\u00e8te de  \nla r\u00e9gion Auvergne-Rh\u00f4ne-Alpes, pr\u00e9f\u00e8te de la zone de d\u00e9fense et de s\u00e9curit\u00e9 Sud-Est, pr\u00e9f\u00e8te du Rh\u00f4ne (hors classe)  ;\nVU le d\u00e9cret du 6 novembre 2024 portant nomination de Monsieur Antoine GUERIN, pr\u00e9fet d\u00e9l\u00e9gu\u00e9 pour la d\u00e9fense et la  \ns\u00e9curit\u00e9 aupr\u00e8s de la pr\u00e9f\u00e8te de la r\u00e9gion Auvergne-Rh\u00f4ne-Alpes, pr\u00e9f\u00e8te de la zone de d\u00e9fense et de s\u00e9curit\u00e9 Sud-Est,  \npr\u00e9f\u00e8te du Rh\u00f4ne ;\nVU l'arr\u00eat\u00e9 pr\u00e9fectoral n\u00b0 69-2026-01-08-00005 du 8 janvier 2026 portant d\u00e9l\u00e9gation de signature \u00e0 M Antoine GUERIN,  \npr\u00e9fet d\u00e9l\u00e9gu\u00e9 pour la d\u00e9fense et la s\u00e9curit\u00e9 aupr\u00e8s de pr\u00e9f\u00e8te de la r\u00e9gion Auvergne-Rh\u00f4ne-Alpes, pr\u00e9f\u00e8te de la zone de  \nd\u00e9fense et de s\u00e9curit\u00e9 Sud-Est, pr\u00e9f\u00e8te du Rh\u00f4ne ;\nVU la demande pr\u00e9sent\u00e9e par le Pr\u00e9sident de la Communaut\u00e9 de Communes des Monts du Lyonnais pour la D\u00e9ch\u00e8terie  \nLes Auberges situ\u00e9e les Auberges \u00e0 Montrottier (69770) en vue d'obtenir l'autorisation de fonctionnement d'un syst\u00e8me  \nde vid\u00e9oprotection;\nConsid\u00e9rant l'avis favorable \u00e9mis par la Commission d\u00e9partementale de vid\u00e9oprotection le 27/02/2026;\nConsid\u00e9rant que le syst\u00e8me de vid\u00e9oprotection est conforme \u00e0 la r\u00e9glementation ;\nSur proposition de Monsieur le Directeur de la S\u00e9curit\u00e9 et de la Protection Civile.\nARR\u00caTE\nArticle 1er : Le fonctionnement du syst\u00e8me de vid\u00e9oprotection, qui fait l'objet de la demande pr\u00e9sent\u00e9e par le Pr\u00e9sident  \nde  la  Communaut\u00e9  de  Communes  des  Monts  du  Lyonnais  pour  la  D\u00e9ch\u00e8terie  Les  Auberges  situ\u00e9e  les  Auberges  \u00e0 \nMontrottier (69770) est autoris\u00e9 pour 4 cam\u00e9ras int\u00e9rieures, 2 cam\u00e9ras ext\u00e9rieures sous r\u00e9serve des obligations suivantes : \n- le d\u00e9lai de conservation des images est limit\u00e9 \u00e0 30 jours ;\n- le traitement des images \u00e0 l'\u00e9tranger est formellement interdit ;\n- le titulaire de l'autorisation doit tenir un registre mentionnant les enregistrements r\u00e9alis\u00e9s, la date de destruction des  \nimages et le cas \u00e9ch\u00e9ant la date de leur transmission au parquet ;\n- les personnes charg\u00e9es du traitement du syst\u00e8me de vid\u00e9oprotection sont habilit\u00e9es \u00e0 le faire par le p\u00e9titionnaire ;\n- les personnes habilit\u00e9es \u00e0 acc\u00e9der aux images doivent correspondre \u00e0 celles mentionn\u00e9es dans la d\u00e9claration, elles sont  \nd\u00e9sign\u00e9es par leur identit\u00e9 et/ou leur fonction, toute modification de ces personnes doit \u00eatre faite aupr\u00e8s des services  \npr\u00e9fectoraux ;\n   Pr\u00e9fecture du Rh\u00f4ne \u2013 \n   69419 Lyon cedex 03 \n  04 72 61 61 61\n  www.rhone.gouv.fr 1/2\nLyon, le 2 mars 2026\n69_Pr\u00e9f_Pr\u00e9fecture du Rh\u00f4ne - 69-2026-03-02-00012 - AP du 2 mars 2026 portant autorisation exploitation syst\u00e8me vid\u00e9oprotection -\nCommunaut\u00e9 de Communes des Monts du Lyonnais pour la D\u00e9ch\u00e8terie Les Auberges - Montrottier  36\n- les forces de s\u00e9curit\u00e9 de l'\u00c9tat sont habilit\u00e9es \u00e0 acc\u00e9der aux images en temps r\u00e9el et \u00e0 visionner les enregistrements sur le  \nlieu de traitement des images et une r\u00e9quisition \u00e9crite est n\u00e9cessaire pour toute extraction d'images ;\n- le responsable de la mise en \u0153uvre du syst\u00e8me doit s'assurer que des consignes tr\u00e8s pr\u00e9cises soient donn\u00e9es sur la  \nconfidentialit\u00e9 des images capt\u00e9es et/ou enregistr\u00e9es \u00e0 toutes les personnes concern\u00e9es ;\n- l'acc\u00e8s \u00e0 la salle de visionnage, d'enregistrement et de traitement des images, doit \u00eatre  strictement interdit  \u00e0 toute  \npersonne  qui  n'aura  pas  \u00e9t\u00e9  pr\u00e9alablement  habilit\u00e9e  et  autoris\u00e9e  par  l'autorit\u00e9  responsable  du  syst\u00e8me  ou  de  son  \nexploitation ;\n- les cam\u00e9ras ne doivent en aucun cas visionner les zones privatives aux alentours, toutes mesures de protection comme un  \nsyst\u00e8me de masquage ou de \u00ab  floutage \u00bb (notamment pour les lieux privatifs film\u00e9s \u00e0 titre accessoire) doivent \u00eatre prises  \nafin de ne porter, en aucune mani\u00e8re, atteinte \u00e0 l'intimit\u00e9 de la vie priv\u00e9e des riverains qui peuvent se trouver dans leur  \nchamp de vision.\n- l'information du public de l'existence du syst\u00e8me de vid\u00e9oprotection dans la commune, la qualit\u00e9 et les coordonn\u00e9es du  \nresponsable de ce syst\u00e8me doivent appara\u00eetre de mani\u00e8re claire et permanente, l'affichage doit-\u00eatre suffisant et conforme  \nau mod\u00e8le joint \u00e0 la demande ;\n- le syst\u00e8me de vid\u00e9oprotection ne peut pas servir \u00e0 alimenter un fichier nominatif .\nArticle 2 : Les finalit\u00e9s du syst\u00e8me de vid\u00e9oprotection pour lequel la pr\u00e9sente autorisation est d\u00e9livr\u00e9e sont la protection des  \nb\u00e2timents  et  installations  publics  et  de  leurs  abords, la  pr\u00e9vention  et  constatation  des  infractions  relatives  \u00e0  l'abandon  \nd'ordures, de d\u00e9chets, de mat\u00e9riaux ou d'autres objets, la pr\u00e9vention des atteintes \u00e0 la s\u00e9curit\u00e9 des personnes et des biens dans  \ndes lieux, ainsi que dans des \u00e9tablissements ouverts au public, particuli\u00e8rement expos\u00e9s \u00e0 des risques d'agression et de vol.\nArticle 3 : Un d\u00e9port d'images et d'acc\u00e8s aux enregistrements est mis en place vers Service D\u00e9chets au 90 place du March\u00e9 \u00e0  \nSaint-Symphorien-sur-Coise (69590).\nArticle   4     : Le titulaire de l'autorisation est tenu d'informer pr\u00e9alablement la pr\u00e9f\u00e8te du Rh\u00f4ne de la date de mise en service du  \nsyst\u00e8me de vid\u00e9oprotection et, le cas \u00e9ch\u00e9ant, du d\u00e9placement des cam\u00e9ras.\nArticle   5   :  Les agents des forces de s\u00e9curit\u00e9 de l'\u00c9tat et du Service D\u00e9partemental M\u00e9tropolitain d'Incendie et de Secours du  \nRh\u00f4ne individuellement d\u00e9sign\u00e9s et d\u00fbment habilit\u00e9s sont destinataires des enregistrements et des images, dans les conditions  \nd\u00e9finies par les conventions de partenariat relatives \u00e0 la vid\u00e9oprotection urbaine conclues le cas \u00e9ch\u00e9ant entre la commune et  \nl'\u00c9tat ou entre la commune et le SDMIS.\nArticle   6   : Toute modification des donn\u00e9es figurant dans le dossier administratif et technique n\u00b0 20251494 de cette autorisation \ndoit faire l'objet d'une demande de modification d'autorisation aupr\u00e8s des services pr\u00e9fectoraux. La non-ex\u00e9cution de ces  \ndispositions entra\u00eene le retrait de cette autorisation, sans pr\u00e9judice des sanctions p\u00e9nales pr\u00e9vues.\nArticle    7   :  La  pr\u00e9sente  autorisation  est  valable  pour  une  dur\u00e9e  de  cinq  ans  et  devra  faire  l'objet  d'une  demande  de  \nrenouvellement quatre mois avant la fin de son \u00e9ch\u00e9ance.\nLe droit d'acc\u00e8s aux informations enregistr\u00e9es est r\u00e9gi par les dispositions de l'article L. 253-5 et des articles R.253-3 et  \nR.253-4 du code de la s\u00e9curit\u00e9 int\u00e9rieure.\nArticle   8   : Le fait de proc\u00e9der \u00e0 des enregistrements de vid\u00e9oprotection sans autorisation, de ne pas les d\u00e9truire dans le d\u00e9lai  \npr\u00e9vu, de les falsifier, d'entraver l'action de la commission d\u00e9partementale de vid\u00e9oprotection ou de la Commission Nationale  \nInformatique et Libert\u00e9s, de faire acc\u00e9der des personnes non habilit\u00e9es aux images ou d'utiliser ces images \u00e0 d'autres fins que  \ncelles pour lesquelles elles sont autoris\u00e9es est puni de trois ans d'emprisonnement et de 45000 euros d'amende sans pr\u00e9judice  \ndes dispositions des articles 226-1 du code p\u00e9nal.\nArticle   9   : le Directeur de la s\u00e9curit\u00e9 et de la protection civile et le Pr\u00e9sident de la Communaut\u00e9 de Communes des Monts du  \nLyonnais, chacun en ce qui le concerne, est charg\u00e9 de l'ex\u00e9cution du pr\u00e9sent arr\u00eat\u00e9 dont copie sera adress\u00e9e au Pr\u00e9sident, et  \nqui sera publi\u00e9 au recueil des actes administratifs de la pr\u00e9fecture du Rh\u00f4ne.\nPour la Pr\u00e9f\u00e8te, et par d\u00e9l\u00e9gation,\nle directeur de la s\u00e9curit\u00e9 et de la protection civile\nErnest MOUTOUSSAMY\nSi vous entendez contester le pr\u00e9sent arr\u00eat\u00e9, vous pouvez utiliser les voies de recours suivantes :\n- un recours gracieux motiv\u00e9 peut \u00eatre adress\u00e9 aupr\u00e8s de mes services dans un d\u00e9lai de deux mois \u00e0 compter de la notification du pr\u00e9sent arr\u00eat\u00e9,\n- un recours hi\u00e9rarchique peut \u00eatre introduit aupr\u00e8s de M. le Ministre de l'Int\u00e9rieur, Direction des libert\u00e9s publiques et Affaires juridiques, Bureau des polices Administratives,\nEn l'absence de r\u00e9ponse dans un d\u00e9lai de deux mois \u00e0 compter de la r\u00e9ception de votre recours, celui-ci doit \u00eatre consid\u00e9r\u00e9 comme implicitement rejet\u00e9.\n- un recours contentieux : aupr\u00e8s du Tribunal Administratif de Lyon dans un d\u00e9lai de deux mois \u00e0 compter de la notification du pr\u00e9sent arr\u00eat\u00e9 ou \u00e0 partir de la d\u00e9cision\nImplicite ou explicite de rejet du recours gracieux ou hi\u00e9rarchique. Le tribunal administratif peut \u00eatre saisi d'une requ\u00eate d\u00e9pos\u00e9e sur le site www.telerecours.fr            2/2\n69_Pr\u00e9f_Pr\u00e9fecture du Rh\u00f4ne - 69-2026-03-02-00012 - AP du 2 mars 2026 portant autorisation exploitation syst\u00e8me vid\u00e9oprotection -\nCommunaut\u00e9 de Communes des Monts du Lyonnais pour la D\u00e9ch\u00e8terie Les Auberges - Montrottier  37\n69_Pr\u00e9f_Pr\u00e9fecture du Rh\u00f4ne\n69-2026-03-02-00011\nAP du 2 mars 2026 portant autorisation\nexploitation syst\u00e8me vid\u00e9oprotection -\nCommunaut\u00e9 de Communes des Vallons du\nLyonnais (pour la Salle de spectacles\n\u00ab\u00a0L'intervalle\u00bb \n69_Pr\u00e9f_Pr\u00e9fecture du Rh\u00f4ne - 69-2026-03-02-00011 - AP du 2 mars 2026 portant autorisation exploitation syst\u00e8me vid\u00e9oprotection -\nCommunaut\u00e9 de Communes des Vallons du Lyonnais (pour la Salle de spectacles \u00ab\u00a0L'intervalle\u00bb 38\nEPR\u00c9F\u00c8TEDU RH\u00d4NELibert\u00e9Egalit\u00e9Fraternit\u00e9\nPr\u00e9fecture\nDirection de la s\u00e9curit\u00e9 et de la protection civile\nBureau des polices administratives\nDossier 20201348\nArr\u00eat\u00e9 portant autorisation d'exploitation d'un syst\u00e8me de vid\u00e9oprotection\nLa Pr\u00e9f\u00e8te du Rh\u00f4ne\nCommandeur de la L\u00e9gion d'Honneur\nCommandeur de l'ordre national du M\u00e9rite\nVU le code de s\u00e9curit\u00e9 int\u00e9rieure et notamment ses articles L.223-1 \u00e0 L.223-9, L.251-1 \u00e0 L.255-1, ainsi que ses articles  \nR.251-7 et suivants; \nVU l'arr\u00eat\u00e9 minist\u00e9riel du 3 ao\u00fbt 2007 portant d\u00e9finition des normes techniques des syst\u00e8mes de vid\u00e9osurveillance;\nVU le d\u00e9cret en Conseil des Ministres du 11 janvier 2023 portant nomination de Madame Fabienne BUCCIO, pr\u00e9f\u00e8te de  \nla r\u00e9gion Auvergne-Rh\u00f4ne-Alpes, pr\u00e9f\u00e8te de la zone de d\u00e9fense et de s\u00e9curit\u00e9 Sud-Est, pr\u00e9f\u00e8te du Rh\u00f4ne (hors classe)  ;\nVU le d\u00e9cret du 6 novembre 2024 portant nomination de Monsieur Antoine GUERIN, pr\u00e9fet d\u00e9l\u00e9gu\u00e9 pour la d\u00e9fense et la  \ns\u00e9curit\u00e9 aupr\u00e8s de la pr\u00e9f\u00e8te de la r\u00e9gion Auvergne-Rh\u00f4ne-Alpes, pr\u00e9f\u00e8te de la zone de d\u00e9fense et de s\u00e9curit\u00e9 Sud-Est,  \npr\u00e9f\u00e8te du Rh\u00f4ne ;\nVU l'arr\u00eat\u00e9 pr\u00e9fectoral n\u00b0 69-2026-01-08-00005 du 8 janvier 2026 portant d\u00e9l\u00e9gation de signature \u00e0 M Antoine GUERIN,  \npr\u00e9fet d\u00e9l\u00e9gu\u00e9 pour la d\u00e9fense et la s\u00e9curit\u00e9 aupr\u00e8s de pr\u00e9f\u00e8te de la r\u00e9gion Auvergne-Rh\u00f4ne-Alpes, pr\u00e9f\u00e8te de la zone de  \nd\u00e9fense et de s\u00e9curit\u00e9 Sud-Est, pr\u00e9f\u00e8te du Rh\u00f4ne ;\nVU la demande pr\u00e9sent\u00e9e par le Pr\u00e9sident de la Communaut\u00e9 de Communes des Vallons du Lyonnais pour la Salle de  \nspectacles  \u00ab L'intervalle \u00bb  situ\u00e9e  18  bis  chemin  du  Stade  \u00e0  Vaugneray  (69670)  en  vue  d'obtenir  l'autorisation  de \nfonctionnement d'un syst\u00e8me de vid\u00e9oprotection;\nConsid\u00e9rant l'avis favorable \u00e9mis par la Commission d\u00e9partementale de vid\u00e9oprotection le 27/02/2026;\nConsid\u00e9rant que le syst\u00e8me de vid\u00e9oprotection est conforme \u00e0 la r\u00e9glementation ;\nSur proposition de Monsieur le Directeur de la S\u00e9curit\u00e9 et de la Protection Civile.\nARR\u00caTE\nArticle 1er : Le fonctionnement du syst\u00e8me de vid\u00e9oprotection, qui fait l'objet de la demande pr\u00e9sent\u00e9e par le Pr\u00e9sident  \nde la Communaut\u00e9 de Communes des Vallons du Lyonnais pour la Salle de spectacles \u00ab L'intervalle \u00bb situ\u00e9e 18 bis chemin \ndu Stade \u00e0 Vaugneray (69670) est autoris\u00e9 pour 3  cam\u00e9ras int\u00e9rieures, 2 cam\u00e9ras ext\u00e9rieures sous r\u00e9serve des obligations  \nsuivantes : \n- le d\u00e9lai de conservation des images est limit\u00e9 \u00e0 30 jours ;\n- le traitement des images \u00e0 l'\u00e9tranger est formellement interdit ;\n- le titulaire de l'autorisation doit tenir un registre mentionnant les enregistrements r\u00e9alis\u00e9s, la date de destruction des  \nimages et le cas \u00e9ch\u00e9ant la date de leur transmission au parquet ;\n- les personnes charg\u00e9es du traitement du syst\u00e8me de vid\u00e9oprotection sont habilit\u00e9es \u00e0 le faire par le p\u00e9titionnaire ;\n- les personnes habilit\u00e9es \u00e0 acc\u00e9der aux images doivent correspondre \u00e0 celles mentionn\u00e9es dans la d\u00e9claration, elles sont  \nd\u00e9sign\u00e9es par leur identit\u00e9 et/ou leur fonction, toute modification de ces personnes doit \u00eatre faite aupr\u00e8s des services  \npr\u00e9fectoraux ;\n   Pr\u00e9fecture du Rh\u00f4ne \u2013 \n   69419 Lyon cedex 03 \n  04 72 61 61 61\n  www.rhone.gouv.fr 1/2\nLyon, le 2 mars 2026\n69_Pr\u00e9f_Pr\u00e9fecture du Rh\u00f4ne - 69-2026-03-02-00011 - AP du 2 mars 2026 portant autorisation exploitation syst\u00e8me vid\u00e9oprotection -\nCommunaut\u00e9 de Communes des Vallons du Lyonnais (pour la Salle de spectacles \u00ab\u00a0L'intervalle\u00bb 39\n- les forces de s\u00e9curit\u00e9 de l'\u00c9tat sont habilit\u00e9es \u00e0 acc\u00e9der aux images en temps r\u00e9el et \u00e0 visionner les enregistrements sur le  \nlieu de traitement des images et une r\u00e9quisition \u00e9crite est n\u00e9cessaire pour toute extraction d'images ;\n- le responsable de la mise en \u0153uvre du syst\u00e8me doit s'assurer que des consignes tr\u00e8s pr\u00e9cises soient donn\u00e9es sur la  \nconfidentialit\u00e9 des images capt\u00e9es et/ou enregistr\u00e9es \u00e0 toutes les personnes concern\u00e9es ;\n- l'acc\u00e8s \u00e0 la salle de visionnage, d'enregistrement et de traitement des images, doit \u00eatre  strictement interdit  \u00e0 toute  \npersonne  qui  n'aura  pas  \u00e9t\u00e9  pr\u00e9alablement  habilit\u00e9e  et  autoris\u00e9e  par  l'autorit\u00e9  responsable  du  syst\u00e8me  ou  de  son  \nexploitation ;\n- les cam\u00e9ras ne doivent en aucun cas visionner les zones privatives aux alentours, toutes mesures de protection comme un  \nsyst\u00e8me de masquage ou de \u00ab  floutage \u00bb (notamment pour les lieux privatifs film\u00e9s \u00e0 titre accessoire) doivent \u00eatre prises  \nafin de ne porter, en aucune mani\u00e8re, atteinte \u00e0 l'intimit\u00e9 de la vie priv\u00e9e des riverains qui peuvent se trouver dans leur  \nchamp de vision.\n- l'information du public de l'existence du syst\u00e8me de vid\u00e9oprotection dans la commune, la qualit\u00e9 et les coordonn\u00e9es du  \nresponsable de ce syst\u00e8me doivent appara\u00eetre de mani\u00e8re claire et permanente, l'affichage doit-\u00eatre suffisant et conforme  \nau mod\u00e8le joint \u00e0 la demande ;\n- le syst\u00e8me de vid\u00e9oprotection ne peut pas servir \u00e0 alimenter un fichier nominatif .\nArticle 2 : Les finalit\u00e9s du syst\u00e8me de vid\u00e9oprotection pour lequel la pr\u00e9sente autorisation est d\u00e9livr\u00e9e sont la protection des  \nb\u00e2timents et installations publics et de leurs abords, la pr\u00e9vention des atteintes \u00e0 la s\u00e9curit\u00e9 des personnes et des biens dans des \nlieux, ainsi que dans des \u00e9tablissements ouverts au public, particuli\u00e8rement expos\u00e9s \u00e0 des risques d'agression et de vol, la  \npr\u00e9vention d'actes de terroristes.\nArticle   3     : Le titulaire de l'autorisation est tenu d'informer pr\u00e9alablement la pr\u00e9f\u00e8te du Rh\u00f4ne de la date de mise en service du  \nsyst\u00e8me de vid\u00e9oprotection et, le cas \u00e9ch\u00e9ant, du d\u00e9placement des cam\u00e9ras.\nArticle   4   :  Les agents des forces de s\u00e9curit\u00e9 de l'\u00c9tat et du Service D\u00e9partemental M\u00e9tropolitain d'Incendie et de Secours du  \nRh\u00f4ne individuellement d\u00e9sign\u00e9s et d\u00fbment habilit\u00e9s sont destinataires des enregistrements et des images, dans les conditions  \nd\u00e9finies par les conventions de partenariat relatives \u00e0 la vid\u00e9oprotection urbaine conclues le cas \u00e9ch\u00e9ant entre la commune et  \nl'\u00c9tat ou entre la commune et le SDMIS.\nArticle   5   : Toute modification des donn\u00e9es figurant dans le dossier administratif et technique n\u00b0 20201348 de cette autorisation \ndoit faire l'objet d'une demande de modification d'autorisation aupr\u00e8s des services pr\u00e9fectoraux. La non-ex\u00e9cution de ces  \ndispositions entra\u00eene le retrait de cette autorisation, sans pr\u00e9judice des sanctions p\u00e9nales pr\u00e9vues.\nArticle    6   :  La  pr\u00e9sente  autorisation  est  valable  pour  une  dur\u00e9e  de  cinq  ans  et  devra  faire  l'objet  d'une  demande  de  \nrenouvellement quatre mois avant la fin de son \u00e9ch\u00e9ance.\nLe droit d'acc\u00e8s aux informations enregistr\u00e9es est r\u00e9gi par les dispositions de l'article L. 253-5 et des articles R.253-3 et  \nR.253-4 du code de la s\u00e9curit\u00e9 int\u00e9rieure.\nArticle   7   : Le fait de proc\u00e9der \u00e0 des enregistrements de vid\u00e9oprotection sans autorisation, de ne pas les d\u00e9truire dans le d\u00e9lai  \npr\u00e9vu, de les falsifier, d'entraver l'action de la commission d\u00e9partementale de vid\u00e9oprotection ou de la Commission Nationale  \nInformatique et Libert\u00e9s, de faire acc\u00e9der des personnes non habilit\u00e9es aux images ou d'utiliser ces images \u00e0 d'autres fins que  \ncelles pour lesquelles elles sont autoris\u00e9es est puni de trois ans d'emprisonnement et de 45000 euros d'amende sans pr\u00e9judice  \ndes dispositions des articles 226-1 du code p\u00e9nal.\nArticle   8   : le Directeur de la s\u00e9curit\u00e9 et de la protection civile et le Pr\u00e9sident de la Communaut\u00e9 de Communes des Vallons du  \nLyonnais, chacun en ce qui le concerne, est charg\u00e9 de l'ex\u00e9cution du pr\u00e9sent arr\u00eat\u00e9 dont copie sera adress\u00e9e au Pr\u00e9sident, et  \nqui sera publi\u00e9 au recueil des actes administratifs de la pr\u00e9fecture du Rh\u00f4ne.\nPour la Pr\u00e9f\u00e8te, et par d\u00e9l\u00e9gation,\nle directeur de la s\u00e9curit\u00e9 et de la protection civile\nErnest MOUTOUSSAMY\nSi vous entendez contester le pr\u00e9sent arr\u00eat\u00e9, vous pouvez utiliser les voies de recours suivantes :\n- un recours gracieux motiv\u00e9 peut \u00eatre adress\u00e9 aupr\u00e8s de mes services dans un d\u00e9lai de deux mois \u00e0 compter de la notification du pr\u00e9sent arr\u00eat\u00e9,\n- un recours hi\u00e9rarchique peut \u00eatre introduit aupr\u00e8s de M. le Ministre de l'Int\u00e9rieur, Direction des libert\u00e9s publiques et Affaires juridiques, Bureau des polices Administratives,\nEn l'absence de r\u00e9ponse dans un d\u00e9lai de deux mois \u00e0 compter de la r\u00e9ception de votre recours, celui-ci doit \u00eatre consid\u00e9r\u00e9 comme implicitement rejet\u00e9.\n- un recours contentieux : aupr\u00e8s du Tribunal Administratif de Lyon dans un d\u00e9lai de deux mois \u00e0 compter de la notification du pr\u00e9sent arr\u00eat\u00e9 ou \u00e0 partir de la d\u00e9cision\nImplicite ou explicite de rejet du recours gracieux ou hi\u00e9rarchique. Le tribunal administratif peut \u00eatre saisi d'une requ\u00eate d\u00e9pos\u00e9e sur le site www.telerecours.fr            2/2\n69_Pr\u00e9f_Pr\u00e9fecture du Rh\u00f4ne - 69-2026-03-02-00011 - AP du 2 mars 2026 portant autorisation exploitation syst\u00e8me vid\u00e9oprotection -\nCommunaut\u00e9 de Communes des Vallons du Lyonnais (pour la Salle de spectacles \u00ab\u00a0L'intervalle\u00bb 40\n69_Pr\u00e9f_Pr\u00e9fecture du Rh\u00f4ne\n69-2026-03-02-00010\nAP du 2 mars 2026 portant autorisation\nexploitation syst\u00e8me vid\u00e9oprotection -\nCommune de Amberieux-d'Azergues \n69_Pr\u00e9f_Pr\u00e9fecture du Rh\u00f4ne - 69-2026-03-02-00010 - AP du 2 mars 2026 portant autorisation exploitation syst\u00e8me vid\u00e9oprotection -\nCommune de Amberieux-d'Azergues 41\nEPR\u00c9F\u00c8TEDU RH\u00d4NELibert\u00e9Egalit\u00e9Fraternit\u00e9\nPr\u00e9fecture\nDirection de la s\u00e9curit\u00e9 et de la protection civile\nBureau des polices administratives\nDossier 20190324\nArr\u00eat\u00e9 portant autorisation d'exploitation d'un syst\u00e8me de vid\u00e9oprotection\nLa Pr\u00e9f\u00e8te du Rh\u00f4ne\nCommandeur de la L\u00e9gion d'Honneur\nCommandeur de l'ordre national du M\u00e9rite\nVU le code de s\u00e9curit\u00e9 int\u00e9rieure et notamment ses articles L.223-1 \u00e0 L.223-9, L.251-1 \u00e0 L.255-1, ainsi que ses articles  \nR.251-7 et suivants; \nVU l'arr\u00eat\u00e9 minist\u00e9riel du 3 ao\u00fbt 2007 portant d\u00e9finition des normes techniques des syst\u00e8mes de vid\u00e9osurveillance;\nVU le d\u00e9cret en Conseil des Ministres du 11 janvier 2023 portant nomination de Madame Fabienne BUCCIO, pr\u00e9f\u00e8te de  \nla r\u00e9gion Auvergne-Rh\u00f4ne-Alpes, pr\u00e9f\u00e8te de la zone de d\u00e9fense et de s\u00e9curit\u00e9 Sud-Est, pr\u00e9f\u00e8te du Rh\u00f4ne (hors classe)  ;\nVU le d\u00e9cret du 6 novembre 2024 portant nomination de Monsieur Antoine GUERIN, pr\u00e9fet d\u00e9l\u00e9gu\u00e9 pour la d\u00e9fense et la  \ns\u00e9curit\u00e9 aupr\u00e8s de la pr\u00e9f\u00e8te de la r\u00e9gion Auvergne-Rh\u00f4ne-Alpes, pr\u00e9f\u00e8te de la zone de d\u00e9fense et de s\u00e9curit\u00e9 Sud-Est,  \npr\u00e9f\u00e8te du Rh\u00f4ne ;\nVU l'arr\u00eat\u00e9 pr\u00e9fectoral n\u00b0 69-2026-01-08-00005 du 8 janvier 2026 portant d\u00e9l\u00e9gation de signature \u00e0 M Antoine GUERIN,  \npr\u00e9fet d\u00e9l\u00e9gu\u00e9 pour la d\u00e9fense et la s\u00e9curit\u00e9 aupr\u00e8s de pr\u00e9f\u00e8te de la r\u00e9gion Auvergne-Rh\u00f4ne-Alpes, pr\u00e9f\u00e8te de la zone de  \nd\u00e9fense et de s\u00e9curit\u00e9 Sud-Est, pr\u00e9f\u00e8te du Rh\u00f4ne ;\nVU la demande pr\u00e9sent\u00e9e par le Maire de la commune d'AMBERIEUX-D'AZERGUES dont la mairie est situ\u00e9e 42 rue  \nde la Mairie 69480 en vue d'obtenir l'autorisation de fonctionnement d'un syst\u00e8me de vid\u00e9oprotection;\nConsid\u00e9rant l'avis favorable \u00e9mis par la Commission d\u00e9partementale de vid\u00e9oprotection le 27/02/2026;\nConsid\u00e9rant que le syst\u00e8me de vid\u00e9oprotection est conforme \u00e0 la r\u00e9glementation ;\nSur proposition de Monsieur le Directeur de la S\u00e9curit\u00e9 et de la Protection Civile.\nARR\u00caTE\nArticle 1er : Le fonctionnement du syst\u00e8me de vid\u00e9oprotection, qui fait l'objet de la demande pr\u00e9sent\u00e9e par le Maire de la  \ncommune d'AMBERIEUX-D'AZERGUES dont la mairie est situ\u00e9e 42 rue de la Mairie 69480 est autoris\u00e9 pour 1 cam\u00e9ras  \next\u00e9rieures et 8 cam\u00e9ras visionnant la voie publique sous r\u00e9serve des obligations suivantes : \n- le d\u00e9lai de conservation des images est limit\u00e9 \u00e0 21 jours ;\n- le traitement des images \u00e0 l'\u00e9tranger est formellement interdit ;\n- le titulaire de l'autorisation doit tenir un registre mentionnant les enregistrements r\u00e9alis\u00e9s, la date de destruction des  \nimages et le cas \u00e9ch\u00e9ant la date de leur transmission au parquet ;\n- les personnes charg\u00e9es du traitement du syst\u00e8me de vid\u00e9oprotection sont habilit\u00e9es \u00e0 le faire par le p\u00e9titionnaire ;\n- les personnes habilit\u00e9es \u00e0 acc\u00e9der aux images doivent correspondre \u00e0 celles mentionn\u00e9es dans la d\u00e9claration, elles sont  \nd\u00e9sign\u00e9es par leur identit\u00e9 et/ou leur fonction, toute modification de ces personnes doit \u00eatre faite aupr\u00e8s des services  \npr\u00e9fectoraux ;\n- les forces de s\u00e9curit\u00e9 de l'\u00c9tat sont habilit\u00e9es \u00e0 acc\u00e9der aux images en temps r\u00e9el et \u00e0 visionner les enregistrements sur le  \nlieu de traitement des images et une r\u00e9quisition \u00e9crite est n\u00e9cessaire pour toute extraction d'images ;\n   Pr\u00e9fecture du Rh\u00f4ne \u2013 \n   69419 Lyon cedex 03 \n  04 72 61 61 61\n  www.rhone.gouv.fr 1/2\nLyon, le 2 mars 2026\n69_Pr\u00e9f_Pr\u00e9fecture du Rh\u00f4ne - 69-2026-03-02-00010 - AP du 2 mars 2026 portant autorisation exploitation syst\u00e8me vid\u00e9oprotection -\nCommune de Amberieux-d'Azergues 42\n- le responsable de la mise en \u0153uvre du syst\u00e8me doit s'assurer que des consignes tr\u00e8s pr\u00e9cises soient donn\u00e9es sur la  \nconfidentialit\u00e9 des images capt\u00e9es et/ou enregistr\u00e9es \u00e0 toutes les personnes concern\u00e9es ;\n- l'acc\u00e8s \u00e0 la salle de visionnage, d'enregistrement et de traitement des images, doit \u00eatre  strictement interdit  \u00e0 toute  \npersonne  qui  n'aura  pas  \u00e9t\u00e9  pr\u00e9alablement  habilit\u00e9e  et  autoris\u00e9e  par  l'autorit\u00e9  responsable  du  syst\u00e8me  ou  de  son  \nexploitation ;\n- les cam\u00e9ras ne doivent en aucun cas visionner les zones privatives aux alentours, toutes mesures de protection comme un  \nsyst\u00e8me de masquage ou de \u00ab  floutage \u00bb (notamment pour les lieux privatifs film\u00e9s \u00e0 titre accessoire) doivent \u00eatre prises  \nafin de ne porter, en aucune mani\u00e8re, atteinte \u00e0 l'intimit\u00e9 de la vie priv\u00e9e des riverains qui peuvent se trouver dans leur  \nchamp de vision.\n- l'information du public de l'existence du syst\u00e8me de vid\u00e9oprotection dans la commune, la qualit\u00e9 et les coordonn\u00e9es du  \nresponsable de ce syst\u00e8me doivent appara\u00eetre de mani\u00e8re claire et permanente, l'affichage doit-\u00eatre suffisant et conforme  \nau mod\u00e8le joint \u00e0 la demande ;\n- le syst\u00e8me de vid\u00e9oprotection ne peut pas servir \u00e0 alimenter un fichier nominatif .\nArticle 2 : Les finalit\u00e9s du syst\u00e8me de vid\u00e9oprotection pour lequel la pr\u00e9sente autorisation est d\u00e9livr\u00e9e sont la protection des  \nb\u00e2timents et installations publics et de leurs abords, la pr\u00e9vention des atteintes \u00e0 la s\u00e9curit\u00e9 des personnes et des biens dans des \nlieux, ainsi que dans des \u00e9tablissements ouverts au public, particuli\u00e8rement expos\u00e9s \u00e0 des risques d'agression et de vol ou de  \ntrafic de stup\u00e9fiant,  la pr\u00e9vention des atteintes \u00e0 la s\u00e9curit\u00e9 des personnes et des biens dans des lieux, ainsi que dans des  \n\u00e9tablissements ouverts au public, particuli\u00e8rement expos\u00e9s \u00e0 des risques d'agression et de vol.\nArticle   3     : Un d\u00e9port d'images et d'acc\u00e8s aux enregistrements est mis en place vers la Brigade de Gendarmerie de Anse au 947 \navenue de l'Europe \u00e0 Anse (69480).\nArticle   4     : Le titulaire de l'autorisation est tenu d'informer pr\u00e9alablement la pr\u00e9f\u00e8te du Rh\u00f4ne de la date de mise en service du  \nsyst\u00e8me de vid\u00e9oprotection et, le cas \u00e9ch\u00e9ant, du d\u00e9placement des cam\u00e9ras.\nArticle   5   :  Les agents des forces de s\u00e9curit\u00e9 de l'\u00c9tat et du Service D\u00e9partemental M\u00e9tropolitain d'Incendie et de Secours du  \nRh\u00f4ne individuellement d\u00e9sign\u00e9s et d\u00fbment habilit\u00e9s sont destinataires des enregistrements et des images, dans les conditions  \nd\u00e9finies par les conventions de partenariat relatives \u00e0 la vid\u00e9oprotection urbaine conclues le cas \u00e9ch\u00e9ant entre la commune et  \nl'\u00c9tat ou entre la commune et le SDMIS.\nArticle   6   : Toute modification des donn\u00e9es figurant dans le dossier administratif et technique n\u00b0 20190324 de cette autorisation \ndoit faire l'objet d'une demande de modification d'autorisation aupr\u00e8s des services pr\u00e9fectoraux. La non-ex\u00e9cution de ces  \ndispositions entra\u00eene le retrait de cette autorisation, sans pr\u00e9judice des sanctions p\u00e9nales pr\u00e9vues.\nArticle    7   :  La  pr\u00e9sente  autorisation  est  valable  pour  une  dur\u00e9e  de  cinq  ans  et  devra  faire  l'objet  d'une  demande  de  \nrenouvellement  quatre  mois  avant  la  fin  de  son  \u00e9ch\u00e9ance.  L'arr\u00eat\u00e9  n\u00b0  dspc-bpa-v-080322-09  du  8  mars  2022  portant  \nautorisation d'exploitation d'un syst\u00e8me de vid\u00e9oprotection au b\u00e9n\u00e9fice de la commune de Amberieux-d'Azergues est abrog\u00e9.\nLe droit d'acc\u00e8s aux informations enregistr\u00e9es est r\u00e9gi par les dispositions de l'article L. 253-5 et des articles R.253-3 et  \nR.253-4 du code de la s\u00e9curit\u00e9 int\u00e9rieure.\nArticle   8   : Le fait de proc\u00e9der \u00e0 des enregistrements de vid\u00e9oprotection sans autorisation, de ne pas les d\u00e9truire dans le d\u00e9lai  \npr\u00e9vu, de les falsifier, d'entraver l'action de la commission d\u00e9partementale de vid\u00e9oprotection ou de la Commission Nationale  \nInformatique et Libert\u00e9s, de faire acc\u00e9der des personnes non habilit\u00e9es aux images ou d'utiliser ces images \u00e0 d'autres fins que  \ncelles pour lesquelles elles sont autoris\u00e9es est puni de trois ans d'emprisonnement et de 45000 euros d'amende sans pr\u00e9judice  \ndes dispositions des articles 226-1 du code p\u00e9nal.\nArticle   9   : le Directeur de la s\u00e9curit\u00e9 et de la protection civile et le Maire de la commune d'AMBERIEUX-D'AZERGUES,  \nchacun en ce qui le concerne, est charg\u00e9 de l'ex\u00e9cution du pr\u00e9sent arr\u00eat\u00e9 dont copie sera adress\u00e9e au maire, et qui sera publi\u00e9  \nau recueil des actes administratifs de la pr\u00e9fecture du Rh\u00f4ne.\nPour la Pr\u00e9f\u00e8te, et par d\u00e9l\u00e9gation,\nle directeur de la s\u00e9curit\u00e9 et de la protection civile\nErnest MOUTOUSSAMY\nSi vous entendez contester le pr\u00e9sent arr\u00eat\u00e9, vous pouvez utiliser les voies de recours suivantes :\n- un recours gracieux motiv\u00e9 peut \u00eatre adress\u00e9 aupr\u00e8s de mes services dans un d\u00e9lai de deux mois \u00e0 compter de la notification du pr\u00e9sent arr\u00eat\u00e9,\n- un recours hi\u00e9rarchique peut \u00eatre introduit aupr\u00e8s de M. le Ministre de l'Int\u00e9rieur, Direction des libert\u00e9s publiques et Affaires juridiques, Bureau des polices Administratives,\nEn l'absence de r\u00e9ponse dans un d\u00e9lai de deux mois \u00e0 compter de la r\u00e9ception de votre recours, celui-ci doit \u00eatre consid\u00e9r\u00e9 comme implicitement rejet\u00e9.\n- un recours contentieux : aupr\u00e8s du Tribunal Administratif de Lyon dans un d\u00e9lai de deux mois \u00e0 compter de la notification du pr\u00e9sent arr\u00eat\u00e9 ou \u00e0 partir de la d\u00e9cision\nImplicite ou explicite de rejet du recours gracieux ou hi\u00e9rarchique. Le tribunal administratif peut \u00eatre saisi d'une requ\u00eate d\u00e9pos\u00e9e sur le site www.telerecours.fr            2/2\n69_Pr\u00e9f_Pr\u00e9fecture du Rh\u00f4ne - 69-2026-03-02-00010 - AP du 2 mars 2026 portant autorisation exploitation syst\u00e8me vid\u00e9oprotection -\nCommune de Amberieux-d'Azergues 43\n69_Pr\u00e9f_Pr\u00e9fecture du Rh\u00f4ne\n69-2026-03-02-00008\nAP du 2 mars 2026 portant autorisation\nexploitation syst\u00e8me vid\u00e9oprotection -\nCommune de Communay \n69_Pr\u00e9f_Pr\u00e9fecture du Rh\u00f4ne - 69-2026-03-02-00008 - AP du 2 mars 2026 portant autorisation exploitation syst\u00e8me vid\u00e9oprotection -\nCommune de Communay 44\nEPR\u00c9F\u00c8TEDU RH\u00d4NELibert\u00e9Egalit\u00e9Fraternit\u00e9\nPr\u00e9fecture\nDirection de la s\u00e9curit\u00e9 et de la protection civile\nBureau des polices administratives\nDossier 20161366\nArr\u00eat\u00e9 portant autorisation d'exploitation d'un syst\u00e8me de vid\u00e9oprotection\nLa Pr\u00e9f\u00e8te du Rh\u00f4ne\nCommandeur de la L\u00e9gion d'Honneur\nCommandeur de l'ordre national du M\u00e9rite\nVU le code de s\u00e9curit\u00e9 int\u00e9rieure et notamment ses articles L.223-1 \u00e0 L.223-9, L.251-1 \u00e0 L.255-1, ainsi que ses articles  \nR.251-7 et suivants; \nVU l'arr\u00eat\u00e9 minist\u00e9riel du 3 ao\u00fbt 2007 portant d\u00e9finition des normes techniques des syst\u00e8mes de vid\u00e9osurveillance;\nVU le d\u00e9cret en Conseil des Ministres du 11 janvier 2023 portant nomination de Madame Fabienne BUCCIO, pr\u00e9f\u00e8te de  \nla r\u00e9gion Auvergne-Rh\u00f4ne-Alpes, pr\u00e9f\u00e8te de la zone de d\u00e9fense et de s\u00e9curit\u00e9 Sud-Est, pr\u00e9f\u00e8te du Rh\u00f4ne (hors classe)  ;\nVU le d\u00e9cret du 6 novembre 2024 portant nomination de Monsieur Antoine GUERIN, pr\u00e9fet d\u00e9l\u00e9gu\u00e9 pour la d\u00e9fense et la  \ns\u00e9curit\u00e9 aupr\u00e8s de la pr\u00e9f\u00e8te de la r\u00e9gion Auvergne-Rh\u00f4ne-Alpes, pr\u00e9f\u00e8te de la zone de d\u00e9fense et de s\u00e9curit\u00e9 Sud-Est,  \npr\u00e9f\u00e8te du Rh\u00f4ne ;\nVU l'arr\u00eat\u00e9 pr\u00e9fectoral n\u00b0 69-2026-01-08-00005 du 8 janvier 2026 portant d\u00e9l\u00e9gation de signature \u00e0 M Antoine GUERIN,  \npr\u00e9fet d\u00e9l\u00e9gu\u00e9 pour la d\u00e9fense et la s\u00e9curit\u00e9 aupr\u00e8s de pr\u00e9f\u00e8te de la r\u00e9gion Auvergne-Rh\u00f4ne-Alpes, pr\u00e9f\u00e8te de la zone de  \nd\u00e9fense et de s\u00e9curit\u00e9 Sud-Est, pr\u00e9f\u00e8te du Rh\u00f4ne ;\nVU la demande pr\u00e9sent\u00e9e par le Maire de la commune de COMMUNAY dont la mairie est situ\u00e9e rue du Sillon \u00e0  \nCommunay 69360 en vue d'obtenir l'autorisation de fonctionnement d'un syst\u00e8me de vid\u00e9oprotection;\nConsid\u00e9rant l'avis favorable \u00e9mis par la Commission d\u00e9partementale de vid\u00e9oprotection le 27/02/2026;\nConsid\u00e9rant que le syst\u00e8me de vid\u00e9oprotection est conforme \u00e0 la r\u00e9glementation ;\nSur proposition de Monsieur le Directeur de la S\u00e9curit\u00e9 et de la Protection Civile.\nARR\u00caTE\nArticle 1er : Le fonctionnement du syst\u00e8me de vid\u00e9oprotection, qui fait l'objet de la demande pr\u00e9sent\u00e9e par le Maire de la  \ncommune de COMMUNAY dont la mairie est situ\u00e9e rue du Sillon \u00e0 Communay 69360 est autoris\u00e9 pour 4  cam\u00e9ras \nint\u00e9rieures, 39 cam\u00e9ras visionnant la voie publique sous r\u00e9serve des obligations suivantes : \n- le d\u00e9lai de conservation des images est limit\u00e9 \u00e0 15 jours ;\n- le traitement des images \u00e0 l'\u00e9tranger est formellement interdit ;\n- le titulaire de l'autorisation doit tenir un registre mentionnant les enregistrements r\u00e9alis\u00e9s, la date de destruction des  \nimages et le cas \u00e9ch\u00e9ant la date de leur transmission au parquet ;\n- les personnes charg\u00e9es du traitement du syst\u00e8me de vid\u00e9oprotection sont habilit\u00e9es \u00e0 le faire par le p\u00e9titionnaire ;\n- les personnes habilit\u00e9es \u00e0 acc\u00e9der aux images doivent correspondre \u00e0 celles mentionn\u00e9es dans la d\u00e9claration, elles sont  \nd\u00e9sign\u00e9es par leur identit\u00e9 et/ou leur fonction, toute modification de ces personnes doit \u00eatre faite aupr\u00e8s des services  \npr\u00e9fectoraux ;\n- les forces de s\u00e9curit\u00e9 de l'\u00c9tat sont habilit\u00e9es \u00e0 acc\u00e9der aux images en temps r\u00e9el et \u00e0 visionner les enregistrements sur le  \nlieu de traitement des images et une r\u00e9quisition \u00e9crite est n\u00e9cessaire pour toute extraction d'images ;\n   Pr\u00e9fecture du Rh\u00f4ne \u2013 \n   69419 Lyon cedex 03 \n  04 72 61 61 61\n  www.rhone.gouv.fr 1/2\nLyon, le 2 mars 2026\n69_Pr\u00e9f_Pr\u00e9fecture du Rh\u00f4ne - 69-2026-03-02-00008 - AP du 2 mars 2026 portant autorisation exploitation syst\u00e8me vid\u00e9oprotection -\nCommune de Communay 45\n- le responsable de la mise en \u0153uvre du syst\u00e8me doit s'assurer que des consignes tr\u00e8s pr\u00e9cises soient donn\u00e9es sur la  \nconfidentialit\u00e9 des images capt\u00e9es et/ou enregistr\u00e9es \u00e0 toutes les personnes concern\u00e9es ;\n- l'acc\u00e8s \u00e0 la salle de visionnage, d'enregistrement et de traitement des images, doit \u00eatre  strictement interdit  \u00e0 toute  \npersonne  qui  n'aura  pas  \u00e9t\u00e9  pr\u00e9alablement  habilit\u00e9e  et  autoris\u00e9e  par  l'autorit\u00e9  responsable  du  syst\u00e8me  ou  de  son  \nexploitation ;\n- les cam\u00e9ras ne doivent en aucun cas visionner les zones privatives aux alentours, toutes mesures de protection comme un  \nsyst\u00e8me de masquage ou de \u00ab  floutage \u00bb (notamment pour les lieux privatifs film\u00e9s \u00e0 titre accessoire) doivent \u00eatre prises  \nafin de ne porter, en aucune mani\u00e8re, atteinte \u00e0 l'intimit\u00e9 de la vie priv\u00e9e des riverains qui peuvent se trouver dans leur  \nchamp de vision.\n- l'information du public de l'existence du syst\u00e8me de vid\u00e9oprotection dans la commune, la qualit\u00e9 et les coordonn\u00e9es du  \nresponsable de ce syst\u00e8me doivent appara\u00eetre de mani\u00e8re claire et permanente, l'affichage doit-\u00eatre suffisant et conforme  \nau mod\u00e8le joint \u00e0 la demande ;\n- le syst\u00e8me de vid\u00e9oprotection ne peut pas servir \u00e0 alimenter un fichier nominatif .\nArticle 2 : Les finalit\u00e9s du syst\u00e8me de vid\u00e9oprotection pour lequel la pr\u00e9sente autorisation est d\u00e9livr\u00e9e sont la protection des  \nb\u00e2timents et installations publics et de leurs abords, la constatation des infractions aux r\u00e8gles de la circulation, la pr\u00e9vention  \ndes atteintes \u00e0 la s\u00e9curit\u00e9 des personnes et des biens dans des lieux, ainsi que dans des \u00e9tablissements ouverts au public,  \nparticuli\u00e8rement expos\u00e9s \u00e0 des risques d'agression et de vol ou de trafic de stup\u00e9fiant, l'obligation d'\u00eatre couvert par une  \nassurance pour faire circuler un v\u00e9hicule terrestre \u00e0 moteur (responsabilit\u00e9 civile), la pr\u00e9vention et constatation des infractions  \nrelatives \u00e0 l'abandon d'ordures, de d\u00e9chets, de mat\u00e9riaux ou d'autres objets,  la pr\u00e9vention des atteintes \u00e0 la s\u00e9curit\u00e9 des  \npersonnes et des biens dans des lieux, ainsi que dans des \u00e9tablissements ouverts au public, particuli\u00e8rement expos\u00e9s \u00e0 des  \nrisques d'agression et de vol, la protection des abords imm\u00e9diats des b\u00e2timents et des installations des commer\u00e7ants dans des  \nlieux expos\u00e9s \u00e0 des risques d'agression et de vol, la pr\u00e9vention d'actes de terroristes.\nArticle   3     : Un d\u00e9port d'images et d'acc\u00e8s aux enregistrements est mis en place vers la Police pluri-communale de Communay-\nTernay situ\u00e9e rue du Sillon \u00e0 Communay (69360).\nArticle   4     : Le titulaire de l'autorisation est tenu d'informer pr\u00e9alablement la pr\u00e9f\u00e8te du Rh\u00f4ne de la date de mise en service du  \nsyst\u00e8me de vid\u00e9oprotection et, le cas \u00e9ch\u00e9ant, du d\u00e9placement des cam\u00e9ras.\nArticle   5   :  Les agents des forces de s\u00e9curit\u00e9 de l'\u00c9tat et du Service D\u00e9partemental M\u00e9tropolitain d'Incendie et de Secours du  \nRh\u00f4ne individuellement d\u00e9sign\u00e9s et d\u00fbment habilit\u00e9s sont destinataires des enregistrements et des images, dans les conditions  \nd\u00e9finies par les conventions de partenariat relatives \u00e0 la vid\u00e9oprotection urbaine conclues le cas \u00e9ch\u00e9ant entre la commune et  \nl'\u00c9tat ou entre la commune et le SDMIS.\nArticle   6   : Toute modification des donn\u00e9es figurant dans le dossier administratif et technique n\u00b0 20161366 de cette autorisation \ndoit faire l'objet d'une demande de modification d'autorisation aupr\u00e8s des services pr\u00e9fectoraux. La non-ex\u00e9cution de ces  \ndispositions entra\u00eene le retrait de cette autorisation, sans pr\u00e9judice des sanctions p\u00e9nales pr\u00e9vues.\nArticle    7   :  La  pr\u00e9sente  autorisation  est  valable  pour  une  dur\u00e9e  de  cinq  ans  et  devra  faire  l'objet  d'une  demande  de  \nrenouvellement quatre mois avant la fin de son \u00e9ch\u00e9ance.\nLe droit d'acc\u00e8s aux informations enregistr\u00e9es est r\u00e9gi par les dispositions de l'article L. 253-5 et des articles R.253-3 et  \nR.253-4 du code de la s\u00e9curit\u00e9 int\u00e9rieure.\nArticle   8   : Le fait de proc\u00e9der \u00e0 des enregistrements de vid\u00e9oprotection sans autorisation, de ne pas les d\u00e9truire dans le d\u00e9lai  \npr\u00e9vu, de les falsifier, d'entraver l'action de la commission d\u00e9partementale de vid\u00e9oprotection ou de la Commission Nationale  \nInformatique et Libert\u00e9s, de faire acc\u00e9der des personnes non habilit\u00e9es aux images ou d'utiliser ces images \u00e0 d'autres fins que  \ncelles pour lesquelles elles sont autoris\u00e9es est puni de trois ans d'emprisonnement et de 45000 euros d'amende sans pr\u00e9judice  \ndes dispositions des articles 226-1 du code p\u00e9nal.\nArticle   9   : le Directeur de la s\u00e9curit\u00e9 et de la protection civile et le Maire de la commune de COMMUNAY , chacun en ce qui  \nle concerne, est charg\u00e9 de l'ex\u00e9cution du pr\u00e9sent arr\u00eat\u00e9 dont copie sera adress\u00e9e au maire, et qui sera publi\u00e9 au recueil des  \nactes administratifs de la pr\u00e9fecture du Rh\u00f4ne.\nPour la Pr\u00e9f\u00e8te, et par d\u00e9l\u00e9gation,\nle directeur de la s\u00e9curit\u00e9 et de la protection civile\nErnest MOUTOUSSAMY\nSi vous entendez contester le pr\u00e9sent arr\u00eat\u00e9, vous pouvez utiliser les voies de recours suivantes :\n- un recours gracieux motiv\u00e9 peut \u00eatre adress\u00e9 aupr\u00e8s de mes services dans un d\u00e9lai de deux mois \u00e0 compter de la notification du pr\u00e9sent arr\u00eat\u00e9,\n- un recours hi\u00e9rarchique peut \u00eatre introduit aupr\u00e8s de M. le Ministre de l'Int\u00e9rieur, Direction des libert\u00e9s publiques et Affaires juridiques, Bureau des polices Administratives,\nEn l'absence de r\u00e9ponse dans un d\u00e9lai de deux mois \u00e0 compter de la r\u00e9ception de votre recours, celui-ci doit \u00eatre consid\u00e9r\u00e9 comme implicitement rejet\u00e9.\n- un recours contentieux : aupr\u00e8s du Tribunal Administratif de Lyon dans un d\u00e9lai de deux mois \u00e0 compter de la notification du pr\u00e9sent arr\u00eat\u00e9 ou \u00e0 partir de la d\u00e9cision\nImplicite ou explicite de rejet du recours gracieux ou hi\u00e9rarchique. Le tribunal administratif peut \u00eatre saisi d'une requ\u00eate d\u00e9pos\u00e9e sur le site www.telerecours.fr            2/2\n69_Pr\u00e9f_Pr\u00e9fecture du Rh\u00f4ne - 69-2026-03-02-00008 - AP du 2 mars 2026 portant autorisation exploitation syst\u00e8me vid\u00e9oprotection -\nCommune de Communay 46\n69_Pr\u00e9f_Pr\u00e9fecture du Rh\u00f4ne\n69-2026-03-02-00007\nAP du 2 mars 2026 portant autorisation\nexploitation syst\u00e8me vid\u00e9oprotection -\nCommune de Fleurieux-sur-l'Arbresle \n69_Pr\u00e9f_Pr\u00e9fecture du Rh\u00f4ne - 69-2026-03-02-00007 - AP du 2 mars 2026 portant autorisation exploitation syst\u00e8me vid\u00e9oprotection -\nCommune de Fleurieux-sur-l'Arbresle 47\nEPR\u00c9F\u00c8TEDU RH\u00d4NELibert\u00e9Egalit\u00e9Fraternit\u00e9\nPr\u00e9fecture\nDirection de la s\u00e9curit\u00e9 et de la protection civile\nBureau des polices administratives\nDossier 20240030\nArr\u00eat\u00e9 portant autorisation d'exploitation d'un syst\u00e8me de vid\u00e9oprotection\nLa Pr\u00e9f\u00e8te du Rh\u00f4ne\nCommandeur de la L\u00e9gion d'Honneur\nCommandeur de l'ordre national du M\u00e9rite\nVU le code de s\u00e9curit\u00e9 int\u00e9rieure et notamment ses articles L.223-1 \u00e0 L.223-9, L.251-1 \u00e0 L.255-1, ainsi que ses articles  \nR.251-7 et suivants; \nVU l'arr\u00eat\u00e9 minist\u00e9riel du 3 ao\u00fbt 2007 portant d\u00e9finition des normes techniques des syst\u00e8mes de vid\u00e9osurveillance;\nVU le d\u00e9cret en Conseil des Ministres du 11 janvier 2023 portant nomination de Madame Fabienne BUCCIO, pr\u00e9f\u00e8te de  \nla r\u00e9gion Auvergne-Rh\u00f4ne-Alpes, pr\u00e9f\u00e8te de la zone de d\u00e9fense et de s\u00e9curit\u00e9 Sud-Est, pr\u00e9f\u00e8te du Rh\u00f4ne (hors classe)  ;\nVU le d\u00e9cret du 6 novembre 2024 portant nomination de Monsieur Antoine GUERIN, pr\u00e9fet d\u00e9l\u00e9gu\u00e9 pour la d\u00e9fense et la  \ns\u00e9curit\u00e9 aupr\u00e8s de la pr\u00e9f\u00e8te de la r\u00e9gion Auvergne-Rh\u00f4ne-Alpes, pr\u00e9f\u00e8te de la zone de d\u00e9fense et de s\u00e9curit\u00e9 Sud-Est,  \npr\u00e9f\u00e8te du Rh\u00f4ne ;\nVU l'arr\u00eat\u00e9 pr\u00e9fectoral n\u00b0 69-2026-01-08-00005 du 8 janvier 2026 portant d\u00e9l\u00e9gation de signature \u00e0 M Antoine GUERIN,  \npr\u00e9fet d\u00e9l\u00e9gu\u00e9 pour la d\u00e9fense et la s\u00e9curit\u00e9 aupr\u00e8s de pr\u00e9f\u00e8te de la r\u00e9gion Auvergne-Rh\u00f4ne-Alpes, pr\u00e9f\u00e8te de la zone de  \nd\u00e9fense et de s\u00e9curit\u00e9 Sud-Est, pr\u00e9f\u00e8te du Rh\u00f4ne ;\nVU la demande pr\u00e9sent\u00e9e par le Maire de la commune de FLEURIEUX-SUR-L'ARBRESLE dont la mairie est situ\u00e9e 21  \nplace B\u00e9noit Dubost 69210 en vue d'obtenir l'autorisation de fonctionnement d'un syst\u00e8me de vid\u00e9oprotection;\nConsid\u00e9rant l'avis favorable \u00e9mis par la Commission d\u00e9partementale de vid\u00e9oprotection le 27/02/2026;\nConsid\u00e9rant que le syst\u00e8me de vid\u00e9oprotection est conforme \u00e0 la r\u00e9glementation ;\nSur proposition de Monsieur le Directeur de la S\u00e9curit\u00e9 et de la Protection Civile.\nARR\u00caTE\nArticle 1er : Le fonctionnement du syst\u00e8me de vid\u00e9oprotection, qui fait l'objet de la demande pr\u00e9sent\u00e9e par le Maire de la  \ncommune de FLEURIEUX-SUR-L'ARBRESLE dont la mairie est situ\u00e9e 21 place B\u00e9noit Dubost 69210 est autoris\u00e9 pour  \n35 cam\u00e9ras visionnant la voie publique sous r\u00e9serve des obligations suivantes : \n- le d\u00e9lai de conservation des images est limit\u00e9 \u00e0 15 jours ;\n- le traitement des images \u00e0 l'\u00e9tranger est formellement interdit ;\n- le titulaire de l'autorisation doit tenir un registre mentionnant les enregistrements r\u00e9alis\u00e9s, la date de destruction des  \nimages et le cas \u00e9ch\u00e9ant la date de leur transmission au parquet ;\n- les personnes charg\u00e9es du traitement du syst\u00e8me de vid\u00e9oprotection sont habilit\u00e9es \u00e0 le faire par le p\u00e9titionnaire ;\n- les personnes habilit\u00e9es \u00e0 acc\u00e9der aux images doivent correspondre \u00e0 celles mentionn\u00e9es dans la d\u00e9claration, elles sont  \nd\u00e9sign\u00e9es par leur identit\u00e9 et/ou leur fonction, toute modification de ces personnes doit \u00eatre faite aupr\u00e8s des services  \npr\u00e9fectoraux ;\n- les forces de s\u00e9curit\u00e9 de l'\u00c9tat sont habilit\u00e9es \u00e0 acc\u00e9der aux images en temps r\u00e9el et \u00e0 visionner les enregistrements sur le  \nlieu de traitement des images et une r\u00e9quisition \u00e9crite est n\u00e9cessaire pour toute extraction d'images ;\n   Pr\u00e9fecture du Rh\u00f4ne \u2013 \n   69419 Lyon cedex 03 \n  04 72 61 61 61\n  www.rhone.gouv.fr 1/2\nLyon, le 2 mars 2026\n69_Pr\u00e9f_Pr\u00e9fecture du Rh\u00f4ne - 69-2026-03-02-00007 - AP du 2 mars 2026 portant autorisation exploitation syst\u00e8me vid\u00e9oprotection -\nCommune de Fleurieux-sur-l'Arbresle 48\n- le responsable de la mise en \u0153uvre du syst\u00e8me doit s'assurer que des consignes tr\u00e8s pr\u00e9cises soient donn\u00e9es sur la  \nconfidentialit\u00e9 des images capt\u00e9es et/ou enregistr\u00e9es \u00e0 toutes les personnes concern\u00e9es ;\n- l'acc\u00e8s \u00e0 la salle de visionnage, d'enregistrement et de traitement des images, doit \u00eatre  strictement interdit  \u00e0 toute  \npersonne  qui  n'aura  pas  \u00e9t\u00e9  pr\u00e9alablement  habilit\u00e9e  et  autoris\u00e9e  par  l'autorit\u00e9  responsable  du  syst\u00e8me  ou  de  son  \nexploitation ;\n- les cam\u00e9ras ne doivent en aucun cas visionner les zones privatives aux alentours, toutes mesures de protection comme un  \nsyst\u00e8me de masquage ou de \u00ab  floutage \u00bb (notamment pour les lieux privatifs film\u00e9s \u00e0 titre accessoire) doivent \u00eatre prises  \nafin de ne porter, en aucune mani\u00e8re, atteinte \u00e0 l'intimit\u00e9 de la vie priv\u00e9e des riverains qui peuvent se trouver dans leur  \nchamp de vision.\n- l'information du public de l'existence du syst\u00e8me de vid\u00e9oprotection dans la commune, la qualit\u00e9 et les coordonn\u00e9es du  \nresponsable de ce syst\u00e8me doivent appara\u00eetre de mani\u00e8re claire et permanente, l'affichage doit-\u00eatre suffisant et conforme  \nau mod\u00e8le joint \u00e0 la demande ;\n- le syst\u00e8me de vid\u00e9oprotection ne peut pas servir \u00e0 alimenter un fichier nominatif .\nArticle 2 : Les finalit\u00e9s du syst\u00e8me de vid\u00e9oprotection pour lequel la pr\u00e9sente autorisation est d\u00e9livr\u00e9e sont la protection des  \nb\u00e2timents et installations publics et de leurs abords, la pr\u00e9vention des atteintes \u00e0 la s\u00e9curit\u00e9 des personnes et des biens dans des \nlieux, ainsi que dans des \u00e9tablissements ouverts au public, particuli\u00e8rement expos\u00e9s \u00e0 des risques d'agression et de vol ou de  \ntrafic de stup\u00e9fiant, la pr\u00e9vention et constatation des infractions relatives \u00e0 l'abandon d'ordures, de d\u00e9chets, de mat\u00e9riaux ou  \nd'autres objets, la pr\u00e9vention d'actes de terroristes.\nArticle   3     : Un d\u00e9port d'images et d'acc\u00e8s aux enregistrements est mis en place vers la Gendarmerie Nationale au 490 avenue  \nAndr\u00e9 Lassagne \u00e0 L'Arbresle (69210).\nArticle   4     : Le titulaire de l'autorisation est tenu d'informer pr\u00e9alablement la pr\u00e9f\u00e8te du Rh\u00f4ne de la date de mise en service du  \nsyst\u00e8me de vid\u00e9oprotection et, le cas \u00e9ch\u00e9ant, du d\u00e9placement des cam\u00e9ras.\nArticle   5   :  Les agents des forces de s\u00e9curit\u00e9 de l'\u00c9tat et du Service D\u00e9partemental M\u00e9tropolitain d'Incendie et de Secours du  \nRh\u00f4ne individuellement d\u00e9sign\u00e9s et d\u00fbment habilit\u00e9s sont destinataires des enregistrements et des images, dans les conditions  \nd\u00e9finies par les conventions de partenariat relatives \u00e0 la vid\u00e9oprotection urbaine conclues le cas \u00e9ch\u00e9ant entre la commune et  \nl'\u00c9tat ou entre la commune et le SDMIS.\nArticle   6   : Toute modification des donn\u00e9es figurant dans le dossier administratif et technique n\u00b0 20240030 de cette autorisation \ndoit faire l'objet d'une demande de modification d'autorisation aupr\u00e8s des services pr\u00e9fectoraux. La non-ex\u00e9cution de ces  \ndispositions entra\u00eene le retrait de cette autorisation, sans pr\u00e9judice des sanctions p\u00e9nales pr\u00e9vues.\nArticle    7   :  La  pr\u00e9sente  autorisation  est  valable  pour  une  dur\u00e9e  de  cinq  ans  et  devra  faire  l'objet  d'une  demande  de  \nrenouvellement  quatre  mois  avant  la  fin  de  son  \u00e9ch\u00e9ance.  L'arr\u00eat\u00e9  n\u00b0  dspc-bpa-v-150424-10  du  15  avril  2024  portant  \nautorisation d'exploitation d'un syst\u00e8me de vid\u00e9oprotection au b\u00e9n\u00e9fice de la commune de Fleurieux-sur-l'Arbresle est abrog\u00e9.\nLe droit d'acc\u00e8s aux informations enregistr\u00e9es est r\u00e9gi par les dispositions de l'article L. 253-5 et des articles R.253-3 et  \nR.253-4 du code de la s\u00e9curit\u00e9 int\u00e9rieure.\nArticle   8   : Le fait de proc\u00e9der \u00e0 des enregistrements de vid\u00e9oprotection sans autorisation, de ne pas les d\u00e9truire dans le d\u00e9lai  \npr\u00e9vu, de les falsifier, d'entraver l'action de la commission d\u00e9partementale de vid\u00e9oprotection ou de la Commission Nationale  \nInformatique et Libert\u00e9s, de faire acc\u00e9der des personnes non habilit\u00e9es aux images ou d'utiliser ces images \u00e0 d'autres fins que  \ncelles pour lesquelles elles sont autoris\u00e9es est puni de trois ans d'emprisonnement et de 45000 euros d'amende sans pr\u00e9judice  \ndes dispositions des articles 226-1 du code p\u00e9nal.\nArticle    9   :  le  Directeur de  la  s\u00e9curit\u00e9  et  de  la  protection  civile  et  le  Maire  de  la  commune  de  FLEURIEUX-SUR-\nL'ARBRESLE, chacun en ce qui le concerne, est charg\u00e9 de l'ex\u00e9cution du pr\u00e9sent arr\u00eat\u00e9 dont copie sera adress\u00e9e au maire, et  \nqui sera publi\u00e9 au recueil des actes administratifs de la pr\u00e9fecture du Rh\u00f4ne.\nPour la Pr\u00e9f\u00e8te, et par d\u00e9l\u00e9gation,\nle directeur de la s\u00e9curit\u00e9 et de la protection civile\nErnest MOUTOUSSAMY\nSi vous entendez contester le pr\u00e9sent arr\u00eat\u00e9, vous pouvez utiliser les voies de recours suivantes :\n- un recours gracieux motiv\u00e9 peut \u00eatre adress\u00e9 aupr\u00e8s de mes services dans un d\u00e9lai de deux mois \u00e0 compter de la notification du pr\u00e9sent arr\u00eat\u00e9,\n- un recours hi\u00e9rarchique peut \u00eatre introduit aupr\u00e8s de M. le Ministre de l'Int\u00e9rieur, Direction des libert\u00e9s publiques et Affaires juridiques, Bureau des polices Administratives,\nEn l'absence de r\u00e9ponse dans un d\u00e9lai de deux mois \u00e0 compter de la r\u00e9ception de votre recours, celui-ci doit \u00eatre consid\u00e9r\u00e9 comme implicitement rejet\u00e9.\n- un recours contentieux : aupr\u00e8s du Tribunal Administratif de Lyon dans un d\u00e9lai de deux mois \u00e0 compter de la notification du pr\u00e9sent arr\u00eat\u00e9 ou \u00e0 partir de la d\u00e9cision\nImplicite ou explicite de rejet du recours gracieux ou hi\u00e9rarchique. Le tribunal administratif peut \u00eatre saisi d'une requ\u00eate d\u00e9pos\u00e9e sur le site www.telerecours.fr            2/2\n69_Pr\u00e9f_Pr\u00e9fecture du Rh\u00f4ne - 69-2026-03-02-00007 - AP du 2 mars 2026 portant autorisation exploitation syst\u00e8me vid\u00e9oprotection -\nCommune de Fleurieux-sur-l'Arbresle 49\n69_Pr\u00e9f_Pr\u00e9fecture du Rh\u00f4ne\n69-2026-03-02-00006\nAP du 2 mars 2026 portant autorisation\nexploitation syst\u00e8me vid\u00e9oprotection -\nCommune de Millery \n69_Pr\u00e9f_Pr\u00e9fecture du Rh\u00f4ne - 69-2026-03-02-00006 - AP du 2 mars 2026 portant autorisation exploitation syst\u00e8me vid\u00e9oprotection -\nCommune de Millery 50\nEPR\u00c9F\u00c8TEDU RH\u00d4NELibert\u00e9Egalit\u00e9Fraternit\u00e9\nPr\u00e9fecture\nDirection de la s\u00e9curit\u00e9 et de la protection civile\nBureau des polices administratives\nDossier 20090170\nArr\u00eat\u00e9 portant autorisation d'exploitation d'un syst\u00e8me de vid\u00e9oprotection\nLa Pr\u00e9f\u00e8te du Rh\u00f4ne\nCommandeur de la L\u00e9gion d'Honneur\nCommandeur de l'ordre national du M\u00e9rite\nVU le code de s\u00e9curit\u00e9 int\u00e9rieure et notamment ses articles L.223-1 \u00e0 L.223-9, L.251-1 \u00e0 L.255-1, ainsi que ses articles  \nR.251-7 et suivants; \nVU l'arr\u00eat\u00e9 minist\u00e9riel du 3 ao\u00fbt 2007 portant d\u00e9finition des normes techniques des syst\u00e8mes de vid\u00e9osurveillance;\nVU le d\u00e9cret en Conseil des Ministres du 11 janvier 2023 portant nomination de Madame Fabienne BUCCIO, pr\u00e9f\u00e8te de  \nla r\u00e9gion Auvergne-Rh\u00f4ne-Alpes, pr\u00e9f\u00e8te de la zone de d\u00e9fense et de s\u00e9curit\u00e9 Sud-Est, pr\u00e9f\u00e8te du Rh\u00f4ne (hors classe)  ;\nVU le d\u00e9cret du 6 novembre 2024 portant nomination de Monsieur Antoine GUERIN, pr\u00e9fet d\u00e9l\u00e9gu\u00e9 pour la d\u00e9fense et la  \ns\u00e9curit\u00e9 aupr\u00e8s de la pr\u00e9f\u00e8te de la r\u00e9gion Auvergne-Rh\u00f4ne-Alpes, pr\u00e9f\u00e8te de la zone de d\u00e9fense et de s\u00e9curit\u00e9 Sud-Est,  \npr\u00e9f\u00e8te du Rh\u00f4ne ;\nVU l'arr\u00eat\u00e9 pr\u00e9fectoral n\u00b0 69-2026-01-08-00005 du 8 janvier 2026 portant d\u00e9l\u00e9gation de signature \u00e0 M Antoine GUERIN,  \npr\u00e9fet d\u00e9l\u00e9gu\u00e9 pour la d\u00e9fense et la s\u00e9curit\u00e9 aupr\u00e8s de pr\u00e9f\u00e8te de la r\u00e9gion Auvergne-Rh\u00f4ne-Alpes, pr\u00e9f\u00e8te de la zone de  \nd\u00e9fense et de s\u00e9curit\u00e9 Sud-Est, pr\u00e9f\u00e8te du Rh\u00f4ne ;\nVU la demande pr\u00e9sent\u00e9e par le Maire de la commune de MILLERY dont la mairie est situ\u00e9e 3 avenue Saint-Jean 69390  \nen vue d'obtenir l'autorisation de fonctionnement d'un syst\u00e8me de vid\u00e9oprotection;\nConsid\u00e9rant l'avis favorable \u00e9mis par la Commission d\u00e9partementale de vid\u00e9oprotection le 27/02/2026;\nConsid\u00e9rant que le syst\u00e8me de vid\u00e9oprotection est conforme \u00e0 la r\u00e9glementation ;\nSur proposition de Monsieur le Directeur de la S\u00e9curit\u00e9 et de la Protection Civile.\nARR\u00caTE\nArticle 1er : Le fonctionnement du syst\u00e8me de vid\u00e9oprotection, qui fait l'objet de la demande pr\u00e9sent\u00e9e par le Maire de la  \ncommune de MILLERY dont la mairie est situ\u00e9e 3 avenue Saint-Jean 69390 est autoris\u00e9 pour 1  cam\u00e9ra int\u00e9rieure,  \n2 cam\u00e9ras int\u00e9rieures, 17 cam\u00e9ras ext\u00e9rieures et 14  cam\u00e9ras visionnant la voie publique sous r\u00e9serve des obligations  \nsuivantes : \n- le d\u00e9lai de conservation des images est limit\u00e9 \u00e0 15 jours ;\n- le traitement des images \u00e0 l'\u00e9tranger est formellement interdit ;\n- le titulaire de l'autorisation doit tenir un registre mentionnant les enregistrements r\u00e9alis\u00e9s, la date de destruction des  \nimages et le cas \u00e9ch\u00e9ant la date de leur transmission au parquet ;\n- les personnes charg\u00e9es du traitement du syst\u00e8me de vid\u00e9oprotection sont habilit\u00e9es \u00e0 le faire par le p\u00e9titionnaire ;\n- les personnes habilit\u00e9es \u00e0 acc\u00e9der aux images doivent correspondre \u00e0 celles mentionn\u00e9es dans la d\u00e9claration, elles sont  \nd\u00e9sign\u00e9es par leur identit\u00e9 et/ou leur fonction, toute modification de ces personnes doit \u00eatre faite aupr\u00e8s des services  \npr\u00e9fectoraux ;\n   Pr\u00e9fecture du Rh\u00f4ne \u2013 \n   69419 Lyon cedex 03 \n  04 72 61 61 61\n  www.rhone.gouv.fr 1/2\nLyon, le 2 mars 2026\n69_Pr\u00e9f_Pr\u00e9fecture du Rh\u00f4ne - 69-2026-03-02-00006 - AP du 2 mars 2026 portant autorisation exploitation syst\u00e8me vid\u00e9oprotection -\nCommune de Millery 51\n- les forces de s\u00e9curit\u00e9 de l'\u00c9tat sont habilit\u00e9es \u00e0 acc\u00e9der aux images en temps r\u00e9el et \u00e0 visionner les enregistrements sur le  \nlieu de traitement des images et une r\u00e9quisition \u00e9crite est n\u00e9cessaire pour toute extraction d'images ;\n- le responsable de la mise en \u0153uvre du syst\u00e8me doit s'assurer que des consignes tr\u00e8s pr\u00e9cises soient donn\u00e9es sur la  \nconfidentialit\u00e9 des images capt\u00e9es et/ou enregistr\u00e9es \u00e0 toutes les personnes concern\u00e9es ;\n- l'acc\u00e8s \u00e0 la salle de visionnage, d'enregistrement et de traitement des images, doit \u00eatre  strictement interdit  \u00e0 toute  \npersonne  qui  n'aura  pas  \u00e9t\u00e9  pr\u00e9alablement  habilit\u00e9e  et  autoris\u00e9e  par  l'autorit\u00e9  responsable  du  syst\u00e8me  ou  de  son  \nexploitation ;\n- les cam\u00e9ras ne doivent en aucun cas visionner les zones privatives aux alentours, toutes mesures de protection comme un  \nsyst\u00e8me de masquage ou de \u00ab  floutage \u00bb (notamment pour les lieux privatifs film\u00e9s \u00e0 titre accessoire) doivent \u00eatre prises  \nafin de ne porter, en aucune mani\u00e8re, atteinte \u00e0 l'intimit\u00e9 de la vie priv\u00e9e des riverains qui peuvent se trouver dans leur  \nchamp de vision.\n- l'information du public de l'existence du syst\u00e8me de vid\u00e9oprotection dans la commune, la qualit\u00e9 et les coordonn\u00e9es du  \nresponsable de ce syst\u00e8me doivent appara\u00eetre de mani\u00e8re claire et permanente, l'affichage doit-\u00eatre suffisant et conforme  \nau mod\u00e8le joint \u00e0 la demande ;\n- le syst\u00e8me de vid\u00e9oprotection ne peut pas servir \u00e0 alimenter un fichier nominatif .\nArticle 2 : Les finalit\u00e9s du syst\u00e8me de vid\u00e9oprotection pour lequel la pr\u00e9sente autorisation est d\u00e9livr\u00e9e sont la protection des  \nb\u00e2timents et installations publics et de leurs abords, la constatation des infractions aux r\u00e8gles de la circulation, la pr\u00e9vention  \ndes atteintes \u00e0 la s\u00e9curit\u00e9 des personnes et des biens dans des lieux, ainsi que dans des \u00e9tablissements ouverts au public,  \nparticuli\u00e8rement expos\u00e9s \u00e0 des risques d'agression et de vol ou de trafic de stup\u00e9fiant, la pr\u00e9vention et constatation des  \ninfractions relatives \u00e0 l'abandon d'ordures, de d\u00e9chets, de mat\u00e9riaux ou d'autres objets, la pr\u00e9vention des atteintes \u00e0 la s\u00e9curit\u00e9 \ndes personnes et des biens dans des lieux, ainsi que dans des \u00e9tablissements ouverts au public, particuli\u00e8rement expos\u00e9s \u00e0 des  \nrisques d'agression et de vol, la protection des abords imm\u00e9diats des b\u00e2timents et des installations des commer\u00e7ants dans des  \nlieux expos\u00e9s \u00e0 des risques d'agression et de vol, la pr\u00e9vention d'actes de terroristes.\nArticle   3     : Un d\u00e9port d'images et d'acc\u00e8s aux enregistrements est mis en place vers la Gendarmerie Nationale d'Irigny au 20  \navenue Jean Gotail \u00e0 Irigny (69540).\nArticle   4     : Le titulaire de l'autorisation est tenu d'informer pr\u00e9alablement la pr\u00e9f\u00e8te du Rh\u00f4ne de la date de mise en service du  \nsyst\u00e8me de vid\u00e9oprotection et, le cas \u00e9ch\u00e9ant, du d\u00e9placement des cam\u00e9ras.\nArticle   5   :  Les agents des forces de s\u00e9curit\u00e9 de l'\u00c9tat et du Service D\u00e9partemental M\u00e9tropolitain d'Incendie et de Secours du  \nRh\u00f4ne individuellement d\u00e9sign\u00e9s et d\u00fbment habilit\u00e9s sont destinataires des enregistrements et des images, dans les conditions  \nd\u00e9finies par les conventions de partenariat relatives \u00e0 la vid\u00e9oprotection urbaine conclues le cas \u00e9ch\u00e9ant entre la commune et  \nl'\u00c9tat ou entre la commune et le SDMIS.\nArticle   6   : Toute modification des donn\u00e9es figurant dans le dossier administratif et technique n\u00b0 20090170 de cette autorisation \ndoit faire l'objet d'une demande de modification d'autorisation aupr\u00e8s des services pr\u00e9fectoraux. La non-ex\u00e9cution de ces  \ndispositions entra\u00eene le retrait de cette autorisation, sans pr\u00e9judice des sanctions p\u00e9nales pr\u00e9vues.\nArticle    7   :  La  pr\u00e9sente  autorisation  est  valable  pour  une  dur\u00e9e  de  cinq  ans  et  devra  faire  l'objet  d'une  demande  de  \nrenouvellement quatre mois avant la fin de son \u00e9ch\u00e9ance.\nLe droit d'acc\u00e8s aux informations enregistr\u00e9es est r\u00e9gi par les dispositions de l'article L. 253-5 et des articles R.253-3 et  \nR.253-4 du code de la s\u00e9curit\u00e9 int\u00e9rieure.\nArticle   8   : Le fait de proc\u00e9der \u00e0 des enregistrements de vid\u00e9oprotection sans autorisation, de ne pas les d\u00e9truire dans le d\u00e9lai  \npr\u00e9vu, de les falsifier, d'entraver l'action de la commission d\u00e9partementale de vid\u00e9oprotection ou de la Commission Nationale  \nInformatique et Libert\u00e9s, de faire acc\u00e9der des personnes non habilit\u00e9es aux images ou d'utiliser ces images \u00e0 d'autres fins que  \ncelles pour lesquelles elles sont autoris\u00e9es est puni de trois ans d'emprisonnement et de 45000 euros d'amende sans pr\u00e9judice  \ndes dispositions des articles 226-1 du code p\u00e9nal.\nArticle   9   : le Directeur de la s\u00e9curit\u00e9 et de la protection civile et le Maire de la commune de MILLERY , chacun en ce qui le  \nconcerne, est charg\u00e9 de l'ex\u00e9cution du pr\u00e9sent arr\u00eat\u00e9 dont copie sera adress\u00e9e au maire, et qui sera publi\u00e9 au recueil des actes  \nadministratifs de la pr\u00e9fecture du Rh\u00f4ne.\nPour la Pr\u00e9f\u00e8te, et par d\u00e9l\u00e9gation,\nle directeur de la s\u00e9curit\u00e9 et de la protection civile\nErnest MOUTOUSSAMY\nSi vous entendez contester le pr\u00e9sent arr\u00eat\u00e9, vous pouvez utiliser les voies de recours suivantes :\n- un recours gracieux motiv\u00e9 peut \u00eatre adress\u00e9 aupr\u00e8s de mes services dans un d\u00e9lai de deux mois \u00e0 compter de la notification du pr\u00e9sent arr\u00eat\u00e9,\n- un recours hi\u00e9rarchique peut \u00eatre introduit aupr\u00e8s de M. le Ministre de l'Int\u00e9rieur, Direction des libert\u00e9s publiques et Affaires juridiques, Bureau des polices Administratives,\nEn l'absence de r\u00e9ponse dans un d\u00e9lai de deux mois \u00e0 compter de la r\u00e9ception de votre recours, celui-ci doit \u00eatre consid\u00e9r\u00e9 comme implicitement rejet\u00e9.\n- un recours contentieux : aupr\u00e8s du Tribunal Administratif de Lyon dans un d\u00e9lai de deux mois \u00e0 compter de la notification du pr\u00e9sent arr\u00eat\u00e9 ou \u00e0 partir de la d\u00e9cision\nImplicite ou explicite de rejet du recours gracieux ou hi\u00e9rarchique. Le tribunal administratif peut \u00eatre saisi d'une requ\u00eate d\u00e9pos\u00e9e sur le site www.telerecours.fr            2/2\n69_Pr\u00e9f_Pr\u00e9fecture du Rh\u00f4ne - 69-2026-03-02-00006 - AP du 2 mars 2026 portant autorisation exploitation syst\u00e8me vid\u00e9oprotection -\nCommune de Millery 52\n69_Pr\u00e9f_Pr\u00e9fecture du Rh\u00f4ne\n69-2026-03-02-00005\nAP du 2 mars 2026 portant autorisation\nexploitation syst\u00e8me vid\u00e9oprotection -\nCommune de Rillieux-la-Pape \n69_Pr\u00e9f_Pr\u00e9fecture du Rh\u00f4ne - 69-2026-03-02-00005 - AP du 2 mars 2026 portant autorisation exploitation syst\u00e8me vid\u00e9oprotection -\nCommune de Rillieux-la-Pape 53\nEPR\u00c9F\u00c8TEDU RH\u00d4NELibert\u00e9Egalit\u00e9Fraternit\u00e9\nPr\u00e9fecture\nDirection de la s\u00e9curit\u00e9 et de la protection civile\nBureau des polices administratives\nDossier 20081517\nArr\u00eat\u00e9 portant autorisation d'exploitation d'un syst\u00e8me de vid\u00e9oprotection\nLa Pr\u00e9f\u00e8te du Rh\u00f4ne\nCommandeur de la L\u00e9gion d'Honneur\nCommandeur de l'ordre national du M\u00e9rite\nVU le code de s\u00e9curit\u00e9 int\u00e9rieure et notamment ses articles L.223-1 \u00e0 L.223-9, L.251-1 \u00e0 L.255-1, ainsi que ses articles  \nR.251-7 et suivants; \nVU l'arr\u00eat\u00e9 minist\u00e9riel du 3 ao\u00fbt 2007 portant d\u00e9finition des normes techniques des syst\u00e8mes de vid\u00e9osurveillance;\nVU le d\u00e9cret en Conseil des Ministres du 11 janvier 2023 portant nomination de Madame Fabienne BUCCIO, pr\u00e9f\u00e8te de  \nla r\u00e9gion Auvergne-Rh\u00f4ne-Alpes, pr\u00e9f\u00e8te de la zone de d\u00e9fense et de s\u00e9curit\u00e9 Sud-Est, pr\u00e9f\u00e8te du Rh\u00f4ne (hors classe)  ;\nVU le d\u00e9cret du 6 novembre 2024 portant nomination de Monsieur Antoine GUERIN, pr\u00e9fet d\u00e9l\u00e9gu\u00e9 pour la d\u00e9fense et la  \ns\u00e9curit\u00e9 aupr\u00e8s de la pr\u00e9f\u00e8te de la r\u00e9gion Auvergne-Rh\u00f4ne-Alpes, pr\u00e9f\u00e8te de la zone de d\u00e9fense et de s\u00e9curit\u00e9 Sud-Est,  \npr\u00e9f\u00e8te du Rh\u00f4ne ;\nVU l'arr\u00eat\u00e9 pr\u00e9fectoral n\u00b0 69-2026-01-08-00005 du 8 janvier 2026 portant d\u00e9l\u00e9gation de signature \u00e0 M Antoine GUERIN,  \npr\u00e9fet d\u00e9l\u00e9gu\u00e9 pour la d\u00e9fense et la s\u00e9curit\u00e9 aupr\u00e8s de pr\u00e9f\u00e8te de la r\u00e9gion Auvergne-Rh\u00f4ne-Alpes, pr\u00e9f\u00e8te de la zone de  \nd\u00e9fense et de s\u00e9curit\u00e9 Sud-Est, pr\u00e9f\u00e8te du Rh\u00f4ne ;\nVU la demande pr\u00e9sent\u00e9e par le Maire de la commune de RILLIEUX-LA-PAPE dont la mairie est situ\u00e9e 165 rue Amp\u00e8re \n69140 en vue d'obtenir l'autorisation de fonctionnement d'un syst\u00e8me de vid\u00e9oprotection;\nConsid\u00e9rant l'avis favorable \u00e9mis par la Commission d\u00e9partementale de vid\u00e9oprotection le 27/02/2026;\nConsid\u00e9rant que le syst\u00e8me de vid\u00e9oprotection est conforme \u00e0 la r\u00e9glementation ;\nSur proposition de Monsieur le Directeur de la S\u00e9curit\u00e9 et de la Protection Civile.\nARR\u00caTE\nArticle 1er : Le fonctionnement du syst\u00e8me de vid\u00e9oprotection, qui fait l'objet de la demande pr\u00e9sent\u00e9e par le Maire de la  \ncommune de RILLIEUX-LA-PAPE dont la mairie est situ\u00e9e 165 rue Amp\u00e8re 69140 est autoris\u00e9 pour 32 cam\u00e9ra int\u00e9rieure, \n11 cam\u00e9ras ext\u00e9rieures et 122 cam\u00e9ras visionnant la voie publique sous r\u00e9serve des obligations suivantes : \n- le d\u00e9lai de conservation des images est limit\u00e9 \u00e0 15 jours ;\n- le traitement des images \u00e0 l'\u00e9tranger est formellement interdit ;\n- le titulaire de l'autorisation doit tenir un registre mentionnant les enregistrements r\u00e9alis\u00e9s, la date de destruction des  \nimages et le cas \u00e9ch\u00e9ant la date de leur transmission au parquet ;\n- les personnes charg\u00e9es du traitement du syst\u00e8me de vid\u00e9oprotection sont habilit\u00e9es \u00e0 le faire par le p\u00e9titionnaire ;\n- les personnes habilit\u00e9es \u00e0 acc\u00e9der aux images doivent correspondre \u00e0 celles mentionn\u00e9es dans la d\u00e9claration, elles sont  \nd\u00e9sign\u00e9es par leur identit\u00e9 et/ou leur fonction, toute modification de ces personnes doit \u00eatre faite aupr\u00e8s des services  \npr\u00e9fectoraux ;\n- les forces de s\u00e9curit\u00e9 de l'\u00c9tat sont habilit\u00e9es \u00e0 acc\u00e9der aux images en temps r\u00e9el et \u00e0 visionner les enregistrements sur le  \nlieu de traitement des images et une r\u00e9quisition \u00e9crite est n\u00e9cessaire pour toute extraction d'images ;\n   Pr\u00e9fecture du Rh\u00f4ne \u2013 \n   69419 Lyon cedex 03 \n  04 72 61 61 61\n  www.rhone.gouv.fr 1/2\nLyon, le 2 mars 2026\n69_Pr\u00e9f_Pr\u00e9fecture du Rh\u00f4ne - 69-2026-03-02-00005 - AP du 2 mars 2026 portant autorisation exploitation syst\u00e8me vid\u00e9oprotection -\nCommune de Rillieux-la-Pape 54\n- le responsable de la mise en \u0153uvre du syst\u00e8me doit s'assurer que des consignes tr\u00e8s pr\u00e9cises soient donn\u00e9es sur la  \nconfidentialit\u00e9 des images capt\u00e9es et/ou enregistr\u00e9es \u00e0 toutes les personnes concern\u00e9es ;\n- l'acc\u00e8s \u00e0 la salle de visionnage, d'enregistrement et de traitement des images, doit \u00eatre  strictement interdit  \u00e0 toute  \npersonne  qui  n'aura  pas  \u00e9t\u00e9  pr\u00e9alablement  habilit\u00e9e  et  autoris\u00e9e  par  l'autorit\u00e9  responsable  du  syst\u00e8me  ou  de  son  \nexploitation ;\n- les cam\u00e9ras ne doivent en aucun cas visionner les zones privatives aux alentours, toutes mesures de protection comme un  \nsyst\u00e8me de masquage ou de \u00ab  floutage \u00bb (notamment pour les lieux privatifs film\u00e9s \u00e0 titre accessoire) doivent \u00eatre prises  \nafin de ne porter, en aucune mani\u00e8re, atteinte \u00e0 l'intimit\u00e9 de la vie priv\u00e9e des riverains qui peuvent se trouver dans leur  \nchamp de vision.\n- l'information du public de l'existence du syst\u00e8me de vid\u00e9oprotection dans la commune, la qualit\u00e9 et les coordonn\u00e9es du  \nresponsable de ce syst\u00e8me doivent appara\u00eetre de mani\u00e8re claire et permanente, l'affichage doit-\u00eatre suffisant et conforme  \nau mod\u00e8le joint \u00e0 la demande ;\n- le syst\u00e8me de vid\u00e9oprotection ne peut pas servir \u00e0 alimenter un fichier nominatif .\nArticle 2 : Les finalit\u00e9s du syst\u00e8me de vid\u00e9oprotection pour lequel la pr\u00e9sente autorisation est d\u00e9livr\u00e9e sont la protection des  \nb\u00e2timents et installations publics et de leurs abords, la constatation des infractions aux r\u00e8gles de la circulation, la pr\u00e9vention  \ndes atteintes \u00e0 la s\u00e9curit\u00e9 des personnes et des biens dans des lieux, ainsi que dans des \u00e9tablissements ouverts au public,  \nparticuli\u00e8rement expos\u00e9s \u00e0 des risques d'agression et de vol ou de trafic de stup\u00e9fiant, la pr\u00e9vention et constatation des  \ninfractions relatives \u00e0 l'abandon d'ordures, de d\u00e9chets, de mat\u00e9riaux ou d'autres objets, la pr\u00e9vention des atteintes \u00e0 la s\u00e9curit\u00e9 \ndes personnes et des biens dans des lieux, ainsi que dans des \u00e9tablissements ouverts au public, particuli\u00e8rement expos\u00e9s \u00e0 des  \nrisques d'agression et de vol, la protection des abords imm\u00e9diats des b\u00e2timents et des installations des commer\u00e7ants dans des  \nlieux expos\u00e9s \u00e0 des risques d'agression et de vol, la protection des abords imm\u00e9diats des b\u00e2timents et des installations de lieux  \net \u00e9tablissements relevant d'une personne morale de droit priv\u00e9 expos\u00e9s \u00e0 des actes de terrorisme, la pr\u00e9vention d'actes de  \nterroristes.\nArticle   3     : Le titulaire de l'autorisation est tenu d'informer pr\u00e9alablement la pr\u00e9f\u00e8te du Rh\u00f4ne de la date de mise en service du  \nsyst\u00e8me de vid\u00e9oprotection et, le cas \u00e9ch\u00e9ant, du d\u00e9placement des cam\u00e9ras.\nArticle   4   :  Les agents des forces de s\u00e9curit\u00e9 de l'\u00c9tat et du Service D\u00e9partemental M\u00e9tropolitain d'Incendie et de Secours du  \nRh\u00f4ne individuellement d\u00e9sign\u00e9s et d\u00fbment habilit\u00e9s sont destinataires des enregistrements et des images, dans les conditions  \nd\u00e9finies par les conventions de partenariat relatives \u00e0 la vid\u00e9oprotection urbaine conclues le cas \u00e9ch\u00e9ant entre la commune et  \nl'\u00c9tat ou entre la commune et le SDMIS.\nArticle   5   : Toute modification des donn\u00e9es figurant dans le dossier administratif et technique n\u00b0 20081517 de cette autorisation \ndoit faire l'objet d'une demande de modification d'autorisation aupr\u00e8s des services pr\u00e9fectoraux. La non-ex\u00e9cution de ces  \ndispositions entra\u00eene le retrait de cette autorisation, sans pr\u00e9judice des sanctions p\u00e9nales pr\u00e9vues.\nArticle    6   :  La  pr\u00e9sente  autorisation  est  valable  pour  une  dur\u00e9e  de  cinq  ans  et  devra  faire  l'objet  d'une  demande  de  \nrenouvellement quatre mois avant la fin de son \u00e9ch\u00e9ance. L'arr\u00eat\u00e9 n\u00b0 69-2025-10-08-00013 du 8 octobre 2025 portant  \nautorisation d'exploitation d'un syst\u00e8me de vid\u00e9oprotection au b\u00e9n\u00e9fice de la commune de Rillieux-la-Pape est abrog\u00e9.\nLe droit d'acc\u00e8s aux informations enregistr\u00e9es est r\u00e9gi par les dispositions de l'article L. 253-5 et des articles R.253-3 et  \nR.253-4 du code de la s\u00e9curit\u00e9 int\u00e9rieure.\nArticle   7   : Le fait de proc\u00e9der \u00e0 des enregistrements de vid\u00e9oprotection sans autorisation, de ne pas les d\u00e9truire dans le d\u00e9lai  \npr\u00e9vu, de les falsifier, d'entraver l'action de la commission d\u00e9partementale de vid\u00e9oprotection ou de la Commission Nationale  \nInformatique et Libert\u00e9s, de faire acc\u00e9der des personnes non habilit\u00e9es aux images ou d'utiliser ces images \u00e0 d'autres fins que  \ncelles pour lesquelles elles sont autoris\u00e9es est puni de trois ans d'emprisonnement et de 45000 euros d'amende sans pr\u00e9judice  \ndes dispositions des articles 226-1 du code p\u00e9nal.\nArticle   8   : le Directeur de la s\u00e9curit\u00e9 et de la protection civile et le Maire de la commune de RILLIEUX-LA-PAPE, chacun en  \nce qui le concerne, est charg\u00e9 de l'ex\u00e9cution du pr\u00e9sent arr\u00eat\u00e9 dont copie sera adress\u00e9e au maire, et qui sera publi\u00e9 au recueil  \ndes actes administratifs de la pr\u00e9fecture du Rh\u00f4ne.\nPour la Pr\u00e9f\u00e8te, et par d\u00e9l\u00e9gation,\nle directeur de la s\u00e9curit\u00e9 et de la protection civile\nErnest MOUTOUSSAMY\nSi vous entendez contester le pr\u00e9sent arr\u00eat\u00e9, vous pouvez utiliser les voies de recours suivantes :\n- un recours gracieux motiv\u00e9 peut \u00eatre adress\u00e9 aupr\u00e8s de mes services dans un d\u00e9lai de deux mois \u00e0 compter de la notification du pr\u00e9sent arr\u00eat\u00e9,\n- un recours hi\u00e9rarchique peut \u00eatre introduit aupr\u00e8s de M. le Ministre de l'Int\u00e9rieur, Direction des libert\u00e9s publiques et Affaires juridiques, Bureau des polices Administratives,\nEn l'absence de r\u00e9ponse dans un d\u00e9lai de deux mois \u00e0 compter de la r\u00e9ception de votre recours, celui-ci doit \u00eatre consid\u00e9r\u00e9 comme implicitement rejet\u00e9.\n- un recours contentieux : aupr\u00e8s du Tribunal Administratif de Lyon dans un d\u00e9lai de deux mois \u00e0 compter de la notification du pr\u00e9sent arr\u00eat\u00e9 ou \u00e0 partir de la d\u00e9cision\nImplicite ou explicite de rejet du recours gracieux ou hi\u00e9rarchique. Le tribunal administratif peut \u00eatre saisi d'une requ\u00eate d\u00e9pos\u00e9e sur le site www.telerecours.fr            2/2\n69_Pr\u00e9f_Pr\u00e9fecture du Rh\u00f4ne - 69-2026-03-02-00005 - AP du 2 mars 2026 portant autorisation exploitation syst\u00e8me vid\u00e9oprotection -\nCommune de Rillieux-la-Pape 55\n69_Pr\u00e9f_Pr\u00e9fecture du Rh\u00f4ne\n69-2026-03-02-00004\nAP du 2 mars 2026 portant autorisation\nexploitation syst\u00e8me vid\u00e9oprotection -\nCommune de Sainte-Foy-Les-Lyon \n69_Pr\u00e9f_Pr\u00e9fecture du Rh\u00f4ne - 69-2026-03-02-00004 - AP du 2 mars 2026 portant autorisation exploitation syst\u00e8me vid\u00e9oprotection -\nCommune de Sainte-Foy-Les-Lyon 56\nEPR\u00c9F\u00c8TEDU RH\u00d4NELibert\u00e9Egalit\u00e9Fraternit\u00e9\nPr\u00e9fecture\nDirection de la s\u00e9curit\u00e9 et de la protection civile\nBureau des polices administratives\nDossier 20170638\nArr\u00eat\u00e9 portant autorisation d'exploitation d'un syst\u00e8me de vid\u00e9oprotection\nLa Pr\u00e9f\u00e8te du Rh\u00f4ne\nCommandeur de la L\u00e9gion d'Honneur\nCommandeur de l'ordre national du M\u00e9rite\nVU le code de s\u00e9curit\u00e9 int\u00e9rieure et notamment ses articles L.223-1 \u00e0 L.223-9, L.251-1 \u00e0 L.255-1, ainsi que ses articles  \nR.251-7 et suivants; \nVU l'arr\u00eat\u00e9 minist\u00e9riel du 3 ao\u00fbt 2007 portant d\u00e9finition des normes techniques des syst\u00e8mes de vid\u00e9osurveillance;\nVU le d\u00e9cret en Conseil des Ministres du 11 janvier 2023 portant nomination de Madame Fabienne BUCCIO, pr\u00e9f\u00e8te de  \nla r\u00e9gion Auvergne-Rh\u00f4ne-Alpes, pr\u00e9f\u00e8te de la zone de d\u00e9fense et de s\u00e9curit\u00e9 Sud-Est, pr\u00e9f\u00e8te du Rh\u00f4ne (hors classe)  ;\nVU le d\u00e9cret du 6 novembre 2024 portant nomination de Monsieur Antoine GUERIN, pr\u00e9fet d\u00e9l\u00e9gu\u00e9 pour la d\u00e9fense et la  \ns\u00e9curit\u00e9 aupr\u00e8s de la pr\u00e9f\u00e8te de la r\u00e9gion Auvergne-Rh\u00f4ne-Alpes, pr\u00e9f\u00e8te de la zone de d\u00e9fense et de s\u00e9curit\u00e9 Sud-Est,  \npr\u00e9f\u00e8te du Rh\u00f4ne ;\nVU l'arr\u00eat\u00e9 pr\u00e9fectoral n\u00b0 69-2026-01-08-00005 du 8 janvier 2026 portant d\u00e9l\u00e9gation de signature \u00e0 M Antoine GUERIN,  \npr\u00e9fet d\u00e9l\u00e9gu\u00e9 pour la d\u00e9fense et la s\u00e9curit\u00e9 aupr\u00e8s de pr\u00e9f\u00e8te de la r\u00e9gion Auvergne-Rh\u00f4ne-Alpes, pr\u00e9f\u00e8te de la zone de  \nd\u00e9fense et de s\u00e9curit\u00e9 Sud-Est, pr\u00e9f\u00e8te du Rh\u00f4ne ;\nVU la demande pr\u00e9sent\u00e9e par le Maire de la commune de SAINTE-FOY-LES-LYON dont la mairie est situ\u00e9e 10 rue  \nDeshay 69110 en vue d'obtenir l'autorisation de fonctionnement d'un syst\u00e8me de vid\u00e9oprotection;\nConsid\u00e9rant l'avis favorable \u00e9mis par la Commission d\u00e9partementale de vid\u00e9oprotection le 27/02/2026;\nConsid\u00e9rant que le syst\u00e8me de vid\u00e9oprotection est conforme \u00e0 la r\u00e9glementation ;\nSur proposition de Monsieur le Directeur de la S\u00e9curit\u00e9 et de la Protection Civile.\nARR\u00caTE\nArticle 1er : Le fonctionnement du syst\u00e8me de vid\u00e9oprotection, qui fait l'objet de la demande pr\u00e9sent\u00e9e par le Maire de la  \ncommune de SAINTE-FOY-LES-LYON dont la mairie est situ\u00e9e 10 rue Deshay 69110 est autoris\u00e9 pour 10  ext\u00e9rieures et \n52 cam\u00e9ras visionnant la voie publique sous r\u00e9serve des obligations suivantes : \n- le d\u00e9lai de conservation des images est limit\u00e9 \u00e0 30 jours ;\n- le traitement des images \u00e0 l'\u00e9tranger est formellement interdit ;\n- le titulaire de l'autorisation doit tenir un registre mentionnant les enregistrements r\u00e9alis\u00e9s, la date de destruction des  \nimages et le cas \u00e9ch\u00e9ant la date de leur transmission au parquet ;\n- les personnes charg\u00e9es du traitement du syst\u00e8me de vid\u00e9oprotection sont habilit\u00e9es \u00e0 le faire par le p\u00e9titionnaire ;\n- les personnes habilit\u00e9es \u00e0 acc\u00e9der aux images doivent correspondre \u00e0 celles mentionn\u00e9es dans la d\u00e9claration, elles sont  \nd\u00e9sign\u00e9es par leur identit\u00e9 et/ou leur fonction, toute modification de ces personnes doit \u00eatre faite aupr\u00e8s des services  \npr\u00e9fectoraux ;\n- les forces de s\u00e9curit\u00e9 de l'\u00c9tat sont habilit\u00e9es \u00e0 acc\u00e9der aux images en temps r\u00e9el et \u00e0 visionner les enregistrements sur le  \nlieu de traitement des images et une r\u00e9quisition \u00e9crite est n\u00e9cessaire pour toute extraction d'images ;\n   Pr\u00e9fecture du Rh\u00f4ne \u2013 \n   69419 Lyon cedex 03 \n  04 72 61 61 61\n  www.rhone.gouv.fr 1/2\nLyon, le 2 mars 2026\n69_Pr\u00e9f_Pr\u00e9fecture du Rh\u00f4ne - 69-2026-03-02-00004 - AP du 2 mars 2026 portant autorisation exploitation syst\u00e8me vid\u00e9oprotection -\nCommune de Sainte-Foy-Les-Lyon 57\n- le responsable de la mise en \u0153uvre du syst\u00e8me doit s'assurer que des consignes tr\u00e8s pr\u00e9cises soient donn\u00e9es sur la  \nconfidentialit\u00e9 des images capt\u00e9es et/ou enregistr\u00e9es \u00e0 toutes les personnes concern\u00e9es ;\n- l'acc\u00e8s \u00e0 la salle de visionnage, d'enregistrement et de traitement des images, doit \u00eatre  strictement interdit  \u00e0 toute  \npersonne  qui  n'aura  pas  \u00e9t\u00e9  pr\u00e9alablement  habilit\u00e9e  et  autoris\u00e9e  par  l'autorit\u00e9  responsable  du  syst\u00e8me  ou  de  son  \nexploitation ;\n- les cam\u00e9ras ne doivent en aucun cas visionner les zones privatives aux alentours, toutes mesures de protection comme un  \nsyst\u00e8me de masquage ou de \u00ab  floutage \u00bb (notamment pour les lieux privatifs film\u00e9s \u00e0 titre accessoire) doivent \u00eatre prises  \nafin de ne porter, en aucune mani\u00e8re, atteinte \u00e0 l'intimit\u00e9 de la vie priv\u00e9e des riverains qui peuvent se trouver dans leur  \nchamp de vision.\n- l'information du public de l'existence du syst\u00e8me de vid\u00e9oprotection dans la commune, la qualit\u00e9 et les coordonn\u00e9es du  \nresponsable de ce syst\u00e8me doivent appara\u00eetre de mani\u00e8re claire et permanente, l'affichage doit-\u00eatre suffisant et conforme  \nau mod\u00e8le joint \u00e0 la demande ;\n- le syst\u00e8me de vid\u00e9oprotection ne peut pas servir \u00e0 alimenter un fichier nominatif .\nArticle 2 : Les finalit\u00e9s du syst\u00e8me de vid\u00e9oprotection pour lequel la pr\u00e9sente autorisation est d\u00e9livr\u00e9e sont la protection des  \nb\u00e2timents et installations publics et de leurs abords, la r\u00e9gulation des flux transport, la constatation des infractions aux r\u00e8gles  \nde la circulation, la pr\u00e9vention des atteintes \u00e0 la s\u00e9curit\u00e9 des personnes et des biens dans des lieux, ainsi que dans des  \n\u00e9tablissements ouverts au public, particuli\u00e8rement expos\u00e9s \u00e0 des risques d'agression et de vol ou de trafic de stup\u00e9fiant, la  \npr\u00e9vention et constatation des infractions relatives \u00e0 l'abandon d'ordures, de d\u00e9chets, de mat\u00e9riaux ou d'autres objets,  la  \nprotection des abords imm\u00e9diats des b\u00e2timents et des installations des commer\u00e7ants dans des lieux expos\u00e9s \u00e0 des risques  \nd'agression et de vol.\nArticle   3     : Un d\u00e9port d'images et d'acc\u00e8s aux enregistrements est mis en place vers la Police Municipale de Sainte-Foy-Les-\nLyon au 50 rue Ch\u00e2telain \u00e0  Sainte-Foy-Les-Lyon (69110).\nArticle   4     : Le titulaire de l'autorisation est tenu d'informer pr\u00e9alablement la pr\u00e9f\u00e8te du Rh\u00f4ne de la date de mise en service du  \nsyst\u00e8me de vid\u00e9oprotection et, le cas \u00e9ch\u00e9ant, du d\u00e9placement des cam\u00e9ras.\nArticle   5   :  Les agents des forces de s\u00e9curit\u00e9 de l'\u00c9tat et du Service D\u00e9partemental M\u00e9tropolitain d'Incendie et de Secours du  \nRh\u00f4ne individuellement d\u00e9sign\u00e9s et d\u00fbment habilit\u00e9s sont destinataires des enregistrements et des images, dans les conditions  \nd\u00e9finies par les conventions de partenariat relatives \u00e0 la vid\u00e9oprotection urbaine conclues le cas \u00e9ch\u00e9ant entre la commune et  \nl'\u00c9tat ou entre la commune et le SDMIS.\nArticle   6   : Toute modification des donn\u00e9es figurant dans le dossier administratif et technique n\u00b0 20170638 de cette autorisation \ndoit faire l'objet d'une demande de modification d'autorisation aupr\u00e8s des services pr\u00e9fectoraux. La non-ex\u00e9cution de ces  \ndispositions entra\u00eene le retrait de cette autorisation, sans pr\u00e9judice des sanctions p\u00e9nales pr\u00e9vues.\nArticle    7   :  La  pr\u00e9sente  autorisation  est  valable  pour  une  dur\u00e9e  de  cinq  ans  et  devra  faire  l'objet  d'une  demande  de  \nrenouvellement quatre mois avant la fin de son \u00e9ch\u00e9ance. L'arr\u00eat\u00e9 n\u00b0 69-2025-09-02-00007 du 2 septembre 2025 portant  \nautorisation d'exploitation d'un syst\u00e8me de vid\u00e9oprotection au b\u00e9n\u00e9fice de la commune de Sainte-Foy-Les-Lyon est abrog\u00e9.\nLe droit d'acc\u00e8s aux informations enregistr\u00e9es est r\u00e9gi par les dispositions de l'article L. 253-5 et des articles R.253-3 et  \nR.253-4 du code de la s\u00e9curit\u00e9 int\u00e9rieure.\nArticle   8   : Le fait de proc\u00e9der \u00e0 des enregistrements de vid\u00e9oprotection sans autorisation, de ne pas les d\u00e9truire dans le d\u00e9lai  \npr\u00e9vu, de les falsifier, d'entraver l'action de la commission d\u00e9partementale de vid\u00e9oprotection ou de la Commission Nationale  \nInformatique et Libert\u00e9s, de faire acc\u00e9der des personnes non habilit\u00e9es aux images ou d'utiliser ces images \u00e0 d'autres fins que  \ncelles pour lesquelles elles sont autoris\u00e9es est puni de trois ans d'emprisonnement et de 45000 euros d'amende sans pr\u00e9judice  \ndes dispositions des articles 226-1 du code p\u00e9nal.\nArticle    9   :  le Directeur de la s\u00e9curit\u00e9 et de la protection civile et le Maire de la commune de SAINTE-FOY-LES-LYON,  \nchacun en ce qui le concerne, est charg\u00e9 de l'ex\u00e9cution du pr\u00e9sent arr\u00eat\u00e9 dont copie sera adress\u00e9e au maire, et qui sera publi\u00e9  \nau recueil des actes administratifs de la pr\u00e9fecture du Rh\u00f4ne.\nPour la Pr\u00e9f\u00e8te, et par d\u00e9l\u00e9gation,\nle directeur de la s\u00e9curit\u00e9 et de la protection civile\nErnest MOUTOUSSAMY\nSi vous entendez contester le pr\u00e9sent arr\u00eat\u00e9, vous pouvez utiliser les voies de recours suivantes :\n- un recours gracieux motiv\u00e9 peut \u00eatre adress\u00e9 aupr\u00e8s de mes services dans un d\u00e9lai de deux mois \u00e0 compter de la notification du pr\u00e9sent arr\u00eat\u00e9,\n- un recours hi\u00e9rarchique peut \u00eatre introduit aupr\u00e8s de M. le Ministre de l'Int\u00e9rieur, Direction des libert\u00e9s publiques et Affaires juridiques, Bureau des polices Administratives,\nEn l'absence de r\u00e9ponse dans un d\u00e9lai de deux mois \u00e0 compter de la r\u00e9ception de votre recours, celui-ci doit \u00eatre consid\u00e9r\u00e9 comme implicitement rejet\u00e9.\n- un recours contentieux : aupr\u00e8s du Tribunal Administratif de Lyon dans un d\u00e9lai de deux mois \u00e0 compter de la notification du pr\u00e9sent arr\u00eat\u00e9 ou \u00e0 partir de la d\u00e9cision\nImplicite ou explicite de rejet du recours gracieux ou hi\u00e9rarchique. Le tribunal administratif peut \u00eatre saisi d'une requ\u00eate d\u00e9pos\u00e9e sur le site www.telerecours.fr            2/2\n69_Pr\u00e9f_Pr\u00e9fecture du Rh\u00f4ne - 69-2026-03-02-00004 - AP du 2 mars 2026 portant autorisation exploitation syst\u00e8me vid\u00e9oprotection -\nCommune de Sainte-Foy-Les-Lyon 58\n69_Pr\u00e9f_Pr\u00e9fecture du Rh\u00f4ne\n69-2026-03-02-00009\nAP du 2 mars 2026 portant autorisation\nexploitation syst\u00e8me vid\u00e9oprotection -\nCommune de Simandres \n69_Pr\u00e9f_Pr\u00e9fecture du Rh\u00f4ne - 69-2026-03-02-00009 - AP du 2 mars 2026 portant autorisation exploitation syst\u00e8me vid\u00e9oprotection -\nCommune de Simandres 59\nEPR\u00c9F\u00c8TEDU RH\u00d4NELibert\u00e9Egalit\u00e9Fraternit\u00e9\nPr\u00e9fecture\nDirection de la s\u00e9curit\u00e9 et de la protection civile\nBureau des polices administratives\nDossier 20160477\nArr\u00eat\u00e9 portant autorisation d'exploitation d'un syst\u00e8me de vid\u00e9oprotection\nLa Pr\u00e9f\u00e8te du Rh\u00f4ne\nCommandeur de la L\u00e9gion d'Honneur\nCommandeur de l'ordre national du M\u00e9rite\nVU le code de s\u00e9curit\u00e9 int\u00e9rieure et notamment ses articles L.223-1 \u00e0 L.223-9, L.251-1 \u00e0 L.255-1, ainsi que ses articles  \nR.251-7 et suivants; \nVU l'arr\u00eat\u00e9 minist\u00e9riel du 3 ao\u00fbt 2007 portant d\u00e9finition des normes techniques des syst\u00e8mes de vid\u00e9osurveillance;\nVU le d\u00e9cret en Conseil des Ministres du 11 janvier 2023 portant nomination de Madame Fabienne BUCCIO, pr\u00e9f\u00e8te de  \nla r\u00e9gion Auvergne-Rh\u00f4ne-Alpes, pr\u00e9f\u00e8te de la zone de d\u00e9fense et de s\u00e9curit\u00e9 Sud-Est, pr\u00e9f\u00e8te du Rh\u00f4ne (hors classe)  ;\nVU le d\u00e9cret du 6 novembre 2024 portant nomination de Monsieur Antoine GUERIN, pr\u00e9fet d\u00e9l\u00e9gu\u00e9 pour la d\u00e9fense et la  \ns\u00e9curit\u00e9 aupr\u00e8s de la pr\u00e9f\u00e8te de la r\u00e9gion Auvergne-Rh\u00f4ne-Alpes, pr\u00e9f\u00e8te de la zone de d\u00e9fense et de s\u00e9curit\u00e9 Sud-Est,  \npr\u00e9f\u00e8te du Rh\u00f4ne ;\nVU l'arr\u00eat\u00e9 pr\u00e9fectoral n\u00b0 69-2026-01-08-00005 du 8 janvier 2026 portant d\u00e9l\u00e9gation de signature \u00e0 M Antoine GUERIN,  \npr\u00e9fet d\u00e9l\u00e9gu\u00e9 pour la d\u00e9fense et la s\u00e9curit\u00e9 aupr\u00e8s de pr\u00e9f\u00e8te de la r\u00e9gion Auvergne-Rh\u00f4ne-Alpes, pr\u00e9f\u00e8te de la zone de  \nd\u00e9fense et de s\u00e9curit\u00e9 Sud-Est, pr\u00e9f\u00e8te du Rh\u00f4ne ;\nVU la demande pr\u00e9sent\u00e9e par le Maire de la commune de SIMANDRES dont la mairie est situ\u00e9e 1 place de la Mairie  \n69360 en vue d'obtenir l'autorisation de fonctionnement d'un syst\u00e8me de vid\u00e9oprotection;\nConsid\u00e9rant l'avis favorable \u00e9mis par la Commission d\u00e9partementale de vid\u00e9oprotection le 27/02/2026;\nConsid\u00e9rant que le syst\u00e8me de vid\u00e9oprotection est conforme \u00e0 la r\u00e9glementation ;\nSur proposition de Monsieur le Directeur de la S\u00e9curit\u00e9 et de la Protection Civile.\nARR\u00caTE\nArticle 1er : Le fonctionnement du syst\u00e8me de vid\u00e9oprotection, qui fait l'objet de la demande pr\u00e9sent\u00e9e par le Maire de la  \ncommune de SIMANDRES dont la mairie est situ\u00e9e 1 place de la Mairie 69360 est autoris\u00e9 pour 11 cam\u00e9ras ext\u00e9rieures et  \n8 cam\u00e9ras visionnant la voie publique sous r\u00e9serve des obligations suivantes : \n- le d\u00e9lai de conservation des images est limit\u00e9 \u00e0 15 jours ;\n- le traitement des images \u00e0 l'\u00e9tranger est formellement interdit ;\n- le titulaire de l'autorisation doit tenir un registre mentionnant les enregistrements r\u00e9alis\u00e9s, la date de destruction des  \nimages et le cas \u00e9ch\u00e9ant la date de leur transmission au parquet ;\n- les personnes charg\u00e9es du traitement du syst\u00e8me de vid\u00e9oprotection sont habilit\u00e9es \u00e0 le faire par le p\u00e9titionnaire ;\n- les personnes habilit\u00e9es \u00e0 acc\u00e9der aux images doivent correspondre \u00e0 celles mentionn\u00e9es dans la d\u00e9claration, elles sont  \nd\u00e9sign\u00e9es par leur identit\u00e9 et/ou leur fonction, toute modification de ces personnes doit \u00eatre faite aupr\u00e8s des services  \npr\u00e9fectoraux ;\n- les forces de s\u00e9curit\u00e9 de l'\u00c9tat sont habilit\u00e9es \u00e0 acc\u00e9der aux images en temps r\u00e9el et \u00e0 visionner les enregistrements sur le  \nlieu de traitement des images et une r\u00e9quisition \u00e9crite est n\u00e9cessaire pour toute extraction d'images ;\n   Pr\u00e9fecture du Rh\u00f4ne \u2013 \n   69419 Lyon cedex 03 \n  04 72 61 61 61\n  www.rhone.gouv.fr 1/2\nLyon, le 2 mars 2026\n69_Pr\u00e9f_Pr\u00e9fecture du Rh\u00f4ne - 69-2026-03-02-00009 - AP du 2 mars 2026 portant autorisation exploitation syst\u00e8me vid\u00e9oprotection -\nCommune de Simandres 60\n- le responsable de la mise en \u0153uvre du syst\u00e8me doit s'assurer que des consignes tr\u00e8s pr\u00e9cises soient donn\u00e9es sur la  \nconfidentialit\u00e9 des images capt\u00e9es et/ou enregistr\u00e9es \u00e0 toutes les personnes concern\u00e9es ;\n- l'acc\u00e8s \u00e0 la salle de visionnage, d'enregistrement et de traitement des images, doit \u00eatre  strictement interdit  \u00e0 toute  \npersonne  qui  n'aura  pas  \u00e9t\u00e9  pr\u00e9alablement  habilit\u00e9e  et  autoris\u00e9e  par  l'autorit\u00e9  responsable  du  syst\u00e8me  ou  de  son  \nexploitation ;\n- les cam\u00e9ras ne doivent en aucun cas visionner les zones privatives aux alentours, toutes mesures de protection comme un  \nsyst\u00e8me de masquage ou de \u00ab  floutage \u00bb (notamment pour les lieux privatifs film\u00e9s \u00e0 titre accessoire) doivent \u00eatre prises  \nafin de ne porter, en aucune mani\u00e8re, atteinte \u00e0 l'intimit\u00e9 de la vie priv\u00e9e des riverains qui peuvent se trouver dans leur  \nchamp de vision.\n- l'information du public de l'existence du syst\u00e8me de vid\u00e9oprotection dans la commune, la qualit\u00e9 et les coordonn\u00e9es du  \nresponsable de ce syst\u00e8me doivent appara\u00eetre de mani\u00e8re claire et permanente, l'affichage doit-\u00eatre suffisant et conforme  \nau mod\u00e8le joint \u00e0 la demande ;\n- le syst\u00e8me de vid\u00e9oprotection ne peut pas servir \u00e0 alimenter un fichier nominatif .\nArticle 2 : Les finalit\u00e9s du syst\u00e8me de vid\u00e9oprotection pour lequel la pr\u00e9sente autorisation est d\u00e9livr\u00e9e sont la protection des  \nb\u00e2timents  et  installations  publics  et  de  leurs  abords,  la  pr\u00e9vention  et  constatation  des  infractions  relatives  \u00e0  l'abandon \nd'ordures, de d\u00e9chets, de mat\u00e9riaux ou d'autres objets,  la pr\u00e9vention des atteintes \u00e0 la s\u00e9curit\u00e9 des personnes et des biens dans  \ndes lieux, ainsi que dans des \u00e9tablissements ouverts au public, particuli\u00e8rement expos\u00e9s \u00e0 des risques d'agression et de vol.\nArticle   3     : Un d\u00e9port d'images et d'acc\u00e8s aux enregistrements est mis en place vers la Gendarmerie de Saint-Symphorien-\nd'Ozon au 29 avenue des Portes de Lyon \u00e0  Saint-Symphorien-d'Ozon (69360).\nArticle   4     : Le titulaire de l'autorisation est tenu d'informer pr\u00e9alablement la pr\u00e9f\u00e8te du Rh\u00f4ne de la date de mise en service du  \nsyst\u00e8me de vid\u00e9oprotection et, le cas \u00e9ch\u00e9ant, du d\u00e9placement des cam\u00e9ras.\nArticle   5   :  Les agents des forces de s\u00e9curit\u00e9 de l'\u00c9tat et du Service D\u00e9partemental M\u00e9tropolitain d'Incendie et de Secours du  \nRh\u00f4ne individuellement d\u00e9sign\u00e9s et d\u00fbment habilit\u00e9s sont destinataires des enregistrements et des images, dans les conditions  \nd\u00e9finies par les conventions de partenariat relatives \u00e0 la vid\u00e9oprotection urbaine conclues le cas \u00e9ch\u00e9ant entre la commune et  \nl'\u00c9tat ou entre la commune et le SDMIS.\nArticle   6   : Toute modification des donn\u00e9es figurant dans le dossier administratif et technique n\u00b0 20160477 de cette autorisation \ndoit faire l'objet d'une demande de modification d'autorisation aupr\u00e8s des services pr\u00e9fectoraux. La non-ex\u00e9cution de ces  \ndispositions entra\u00eene le retrait de cette autorisation, sans pr\u00e9judice des sanctions p\u00e9nales pr\u00e9vues.\nArticle    7   :  La  pr\u00e9sente  autorisation  est  valable  pour  une  dur\u00e9e  de  cinq  ans  et  devra  faire  l'objet  d'une  demande  de  \nrenouvellement quatre mois avant la fin de son \u00e9ch\u00e9ance.\nLe droit d'acc\u00e8s aux informations enregistr\u00e9es est r\u00e9gi par les dispositions de l'article L. 253-5 et des articles R.253-3 et  \nR.253-4 du code de la s\u00e9curit\u00e9 int\u00e9rieure.\nArticle   8   : Le fait de proc\u00e9der \u00e0 des enregistrements de vid\u00e9oprotection sans autorisation, de ne pas les d\u00e9truire dans le d\u00e9lai  \npr\u00e9vu, de les falsifier, d'entraver l'action de la commission d\u00e9partementale de vid\u00e9oprotection ou de la Commission Nationale  \nInformatique et Libert\u00e9s, de faire acc\u00e9der des personnes non habilit\u00e9es aux images ou d'utiliser ces images \u00e0 d'autres fins que  \ncelles pour lesquelles elles sont autoris\u00e9es est puni de trois ans d'emprisonnement et de 45000 euros d'amende sans pr\u00e9judice  \ndes dispositions des articles 226-1 du code p\u00e9nal.\nArticle   9   : le Directeur de la s\u00e9curit\u00e9 et de la protection civile et le Maire de la commune de SIMANDRES, chacun en ce qui  \nle concerne, est charg\u00e9 de l'ex\u00e9cution du pr\u00e9sent arr\u00eat\u00e9 dont copie sera adress\u00e9e au maire, et qui sera publi\u00e9 au recueil des  \nactes administratifs de la pr\u00e9fecture du Rh\u00f4ne.\nPour la Pr\u00e9f\u00e8te, et par d\u00e9l\u00e9gation,\nle directeur de la s\u00e9curit\u00e9 et de la protection civile\nErnest MOUTOUSSAMY\nSi vous entendez contester le pr\u00e9sent arr\u00eat\u00e9, vous pouvez utiliser les voies de recours suivantes :\n- un recours gracieux motiv\u00e9 peut \u00eatre adress\u00e9 aupr\u00e8s de mes services dans un d\u00e9lai de deux mois \u00e0 compter de la notification du pr\u00e9sent arr\u00eat\u00e9,\n- un recours hi\u00e9rarchique peut \u00eatre introduit aupr\u00e8s de M. le Ministre de l'Int\u00e9rieur, Direction des libert\u00e9s publiques et Affaires juridiques, Bureau des polices Administratives,\nEn l'absence de r\u00e9ponse dans un d\u00e9lai de deux mois \u00e0 compter de la r\u00e9ception de votre recours, celui-ci doit \u00eatre consid\u00e9r\u00e9 comme implicitement rejet\u00e9.\n- un recours contentieux : aupr\u00e8s du Tribunal Administratif de Lyon dans un d\u00e9lai de deux mois \u00e0 compter de la notification du pr\u00e9sent arr\u00eat\u00e9 ou \u00e0 partir de la d\u00e9cision\nImplicite ou explicite de rejet du recours gracieux ou hi\u00e9rarchique. Le tribunal administratif peut \u00eatre saisi d'une requ\u00eate d\u00e9pos\u00e9e sur le site www.telerecours.fr            2/2\n69_Pr\u00e9f_Pr\u00e9fecture du Rh\u00f4ne - 69-2026-03-02-00009 - AP du 2 mars 2026 portant autorisation exploitation syst\u00e8me vid\u00e9oprotection -\nCommune de Simandres 61\n69_Pr\u00e9f_Pr\u00e9fecture du Rh\u00f4ne\n69-2026-03-02-00003\nAP du 2 mars 2026 portant autorisation\nexploitation syst\u00e8me vid\u00e9oprotection -\nCommune de SOLAIZE \n69_Pr\u00e9f_Pr\u00e9fecture du Rh\u00f4ne - 69-2026-03-02-00003 - AP du 2 mars 2026 portant autorisation exploitation syst\u00e8me vid\u00e9oprotection -\nCommune de SOLAIZE 62\nEPR\u00c9F\u00c8TEDU RH\u00d4NELibert\u00e9Egalit\u00e9Fraternit\u00e9\nPr\u00e9fecture\nDirection de la s\u00e9curit\u00e9 et de la protection civile\nBureau des polices administratives\nDossier 20150313\nArr\u00eat\u00e9 portant autorisation d'exploitation d'un syst\u00e8me de vid\u00e9oprotection\nLa Pr\u00e9f\u00e8te du Rh\u00f4ne\nCommandeur de la L\u00e9gion d'Honneur\nCommandeur de l'ordre national du M\u00e9rite\nVU le code de s\u00e9curit\u00e9 int\u00e9rieure et notamment ses articles L.223-1 \u00e0 L.223-9, L.251-1 \u00e0 L.255-1, ainsi que ses articles  \nR.251-7 et suivants; \nVU l'arr\u00eat\u00e9 minist\u00e9riel du 3 ao\u00fbt 2007 portant d\u00e9finition des normes techniques des syst\u00e8mes de vid\u00e9osurveillance;\nVU le d\u00e9cret en Conseil des Ministres du 11 janvier 2023 portant nomination de Madame Fabienne BUCCIO, pr\u00e9f\u00e8te de  \nla r\u00e9gion Auvergne-Rh\u00f4ne-Alpes, pr\u00e9f\u00e8te de la zone de d\u00e9fense et de s\u00e9curit\u00e9 Sud-Est, pr\u00e9f\u00e8te du Rh\u00f4ne (hors classe)  ;\nVU le d\u00e9cret du 6 novembre 2024 portant nomination de Monsieur Antoine GUERIN, pr\u00e9fet d\u00e9l\u00e9gu\u00e9 pour la d\u00e9fense et la  \ns\u00e9curit\u00e9 aupr\u00e8s de la pr\u00e9f\u00e8te de la r\u00e9gion Auvergne-Rh\u00f4ne-Alpes, pr\u00e9f\u00e8te de la zone de d\u00e9fense et de s\u00e9curit\u00e9 Sud-Est,  \npr\u00e9f\u00e8te du Rh\u00f4ne ;\nVU l'arr\u00eat\u00e9 pr\u00e9fectoral n\u00b0 69-2026-01-08-00005 du 8 janvier 2026 portant d\u00e9l\u00e9gation de signature \u00e0 M Antoine GUERIN,  \npr\u00e9fet d\u00e9l\u00e9gu\u00e9 pour la d\u00e9fense et la s\u00e9curit\u00e9 aupr\u00e8s de pr\u00e9f\u00e8te de la r\u00e9gion Auvergne-Rh\u00f4ne-Alpes, pr\u00e9f\u00e8te de la zone de  \nd\u00e9fense et de s\u00e9curit\u00e9 Sud-Est, pr\u00e9f\u00e8te du Rh\u00f4ne ;\nVU la demande pr\u00e9sent\u00e9e par le Maire de la commune de SOLAIZE dont la mairie est situ\u00e9e 47 place de la Mairie 69360  \nen vue d'obtenir l'autorisation de fonctionnement d'un syst\u00e8me de vid\u00e9oprotection;\nConsid\u00e9rant l'avis favorable \u00e9mis par la Commission d\u00e9partementale de vid\u00e9oprotection le 27/02/2026;\nConsid\u00e9rant que le syst\u00e8me de vid\u00e9oprotection est conforme \u00e0 la r\u00e9glementation ;\nSur proposition de Monsieur le Directeur de la S\u00e9curit\u00e9 et de la Protection Civile.\nARR\u00caTE\nArticle 1er : Le fonctionnement du syst\u00e8me de vid\u00e9oprotection, qui fait l'objet de la demande pr\u00e9sent\u00e9e par le Maire de la  \ncommune de SOLAIZE dont la mairie est situ\u00e9e 47 place de la Mairie 69360 est autoris\u00e9 pour 3 cam\u00e9ras ext\u00e9rieures et  \n19 cam\u00e9ras visionnant la voie publique sous r\u00e9serve des obligations suivantes : \n- le d\u00e9lai de conservation des images est limit\u00e9 \u00e0 14 jours ;\n- le traitement des images \u00e0 l'\u00e9tranger est formellement interdit ;\n- le titulaire de l'autorisation doit tenir un registre mentionnant les enregistrements r\u00e9alis\u00e9s, la date de destruction des  \nimages et le cas \u00e9ch\u00e9ant la date de leur transmission au parquet ;\n- les personnes charg\u00e9es du traitement du syst\u00e8me de vid\u00e9oprotection sont habilit\u00e9es \u00e0 le faire par le p\u00e9titionnaire ;\n- les personnes habilit\u00e9es \u00e0 acc\u00e9der aux images doivent correspondre \u00e0 celles mentionn\u00e9es dans la d\u00e9claration, elles sont  \nd\u00e9sign\u00e9es par leur identit\u00e9 et/ou leur fonction, toute modification de ces personnes doit \u00eatre faite aupr\u00e8s des services  \npr\u00e9fectoraux ;\n- les forces de s\u00e9curit\u00e9 de l'\u00c9tat sont habilit\u00e9es \u00e0 acc\u00e9der aux images en temps r\u00e9el et \u00e0 visionner les enregistrements sur le  \nlieu de traitement des images et une r\u00e9quisition \u00e9crite est n\u00e9cessaire pour toute extraction d'images ;\n   Pr\u00e9fecture du Rh\u00f4ne \u2013 \n   69419 Lyon cedex 03 \n  04 72 61 61 61\n  www.rhone.gouv.fr 1/2\nLyon, le 2 mars 2026\n69_Pr\u00e9f_Pr\u00e9fecture du Rh\u00f4ne - 69-2026-03-02-00003 - AP du 2 mars 2026 portant autorisation exploitation syst\u00e8me vid\u00e9oprotection -\nCommune de SOLAIZE 63\n- le responsable de la mise en \u0153uvre du syst\u00e8me doit s'assurer que des consignes tr\u00e8s pr\u00e9cises soient donn\u00e9es sur la  \nconfidentialit\u00e9 des images capt\u00e9es et/ou enregistr\u00e9es \u00e0 toutes les personnes concern\u00e9es ;\n- l'acc\u00e8s \u00e0 la salle de visionnage, d'enregistrement et de traitement des images, doit \u00eatre  strictement interdit  \u00e0 toute  \npersonne  qui  n'aura  pas  \u00e9t\u00e9  pr\u00e9alablement  habilit\u00e9e  et  autoris\u00e9e  par  l'autorit\u00e9  responsable  du  syst\u00e8me  ou  de  son  \nexploitation ;\n- les cam\u00e9ras ne doivent en aucun cas visionner les zones privatives aux alentours, toutes mesures de protection comme un  \nsyst\u00e8me de masquage ou de \u00ab  floutage \u00bb (notamment pour les lieux privatifs film\u00e9s \u00e0 titre accessoire) doivent \u00eatre prises  \nafin de ne porter, en aucune mani\u00e8re, atteinte \u00e0 l'intimit\u00e9 de la vie priv\u00e9e des riverains qui peuvent se trouver dans leur  \nchamp de vision.\n- l'information du public de l'existence du syst\u00e8me de vid\u00e9oprotection dans la commune, la qualit\u00e9 et les coordonn\u00e9es du  \nresponsable de ce syst\u00e8me doivent appara\u00eetre de mani\u00e8re claire et permanente, l'affichage doit-\u00eatre suffisant et conforme  \nau mod\u00e8le joint \u00e0 la demande ;\n- le syst\u00e8me de vid\u00e9oprotection ne peut pas servir \u00e0 alimenter un fichier nominatif .\nArticle 2 : Les finalit\u00e9s du syst\u00e8me de vid\u00e9oprotection pour lequel la pr\u00e9sente autorisation est d\u00e9livr\u00e9e sont la protection des  \nb\u00e2timents et installations publics et de leurs abords, la constatation des infractions aux r\u00e8gles de la circulation, la pr\u00e9vention  \ndes atteintes \u00e0 la s\u00e9curit\u00e9 des personnes et des biens dans des lieux, ainsi que dans des \u00e9tablissements ouverts au public,  \nparticuli\u00e8rement expos\u00e9s \u00e0 des risques d'agression et de vol ou de trafic de stup\u00e9fiant, la pr\u00e9vention et constatation des  \ninfractions relatives \u00e0 l'abandon d'ordures, de d\u00e9chets, de mat\u00e9riaux ou d'autres objets, la pr\u00e9vention des atteintes \u00e0 la s\u00e9curit\u00e9 \ndes personnes et des biens dans des lieux, ainsi que dans des \u00e9tablissements ouverts au public, particuli\u00e8rement expos\u00e9s \u00e0 des  \nrisques d'agression et de vol, la protection des abords imm\u00e9diats des b\u00e2timents et des installations des commer\u00e7ants dans des  \nlieux expos\u00e9s \u00e0 des risques d'agression et de vol, la pr\u00e9vention d'actes de terroristes.\nArticle   3     : Le titulaire de l'autorisation est tenu d'informer pr\u00e9alablement la pr\u00e9f\u00e8te du Rh\u00f4ne de la date de mise en service du  \nsyst\u00e8me de vid\u00e9oprotection et, le cas \u00e9ch\u00e9ant, du d\u00e9placement des cam\u00e9ras.\nArticle   4   :  Les agents des forces de s\u00e9curit\u00e9 de l'\u00c9tat et du Service D\u00e9partemental M\u00e9tropolitain d'Incendie et de Secours du  \nRh\u00f4ne individuellement d\u00e9sign\u00e9s et d\u00fbment habilit\u00e9s sont destinataires des enregistrements et des images, dans les conditions  \nd\u00e9finies par les conventions de partenariat relatives \u00e0 la vid\u00e9oprotection urbaine conclues le cas \u00e9ch\u00e9ant entre la commune et  \nl'\u00c9tat ou entre la commune et le SDMIS.\nArticle   5   : Toute modification des donn\u00e9es figurant dans le dossier administratif et technique n\u00b0 20150313 de cette autorisation \ndoit faire l'objet d'une demande de modification d'autorisation aupr\u00e8s des services pr\u00e9fectoraux. La non-ex\u00e9cution de ces  \ndispositions entra\u00eene le retrait de cette autorisation, sans pr\u00e9judice des sanctions p\u00e9nales pr\u00e9vues.\nArticle    6   :  La  pr\u00e9sente  autorisation  est  valable  pour  une  dur\u00e9e  de  cinq  ans  et  devra  faire  l'objet  d'une  demande  de  \nrenouvellement quatre mois avant la fin de son \u00e9ch\u00e9ance.\nLe droit d'acc\u00e8s aux informations enregistr\u00e9es est r\u00e9gi par les dispositions de l'article L. 253-5 et des articles R.253-3 et  \nR.253-4 du code de la s\u00e9curit\u00e9 int\u00e9rieure.\nArticle   7   : Le fait de proc\u00e9der \u00e0 des enregistrements de vid\u00e9oprotection sans autorisation, de ne pas les d\u00e9truire dans le d\u00e9lai  \npr\u00e9vu, de les falsifier, d'entraver l'action de la commission d\u00e9partementale de vid\u00e9oprotection ou de la Commission Nationale  \nInformatique et Libert\u00e9s, de faire acc\u00e9der des personnes non habilit\u00e9es aux images ou d'utiliser ces images \u00e0 d'autres fins que  \ncelles pour lesquelles elles sont autoris\u00e9es est puni de trois ans d'emprisonnement et de 45000 euros d'amende sans pr\u00e9judice  \ndes dispositions des articles 226-1 du code p\u00e9nal.\nArticle   8   : le Directeur de la s\u00e9curit\u00e9 et de la protection civile et le Maire de la commune de SOLAIZE, chacun en ce qui le  \nconcerne, est charg\u00e9 de l'ex\u00e9cution du pr\u00e9sent arr\u00eat\u00e9 dont copie sera adress\u00e9e au maire, et qui sera publi\u00e9 au recueil des actes  \nadministratifs de la pr\u00e9fecture du Rh\u00f4ne.\nPour la Pr\u00e9f\u00e8te, et par d\u00e9l\u00e9gation,\nle directeur de la s\u00e9curit\u00e9 et de la protection civile\nErnest MOUTOUSSAMY\nSi vous entendez contester le pr\u00e9sent arr\u00eat\u00e9, vous pouvez utiliser les voies de recours suivantes :\n- un recours gracieux motiv\u00e9 peut \u00eatre adress\u00e9 aupr\u00e8s de mes services dans un d\u00e9lai de deux mois \u00e0 compter de la notification du pr\u00e9sent arr\u00eat\u00e9,\n- un recours hi\u00e9rarchique peut \u00eatre introduit aupr\u00e8s de M. le Ministre de l'Int\u00e9rieur, Direction des libert\u00e9s publiques et Affaires juridiques, Bureau des polices Administratives,\nEn l'absence de r\u00e9ponse dans un d\u00e9lai de deux mois \u00e0 compter de la r\u00e9ception de votre recours, celui-ci doit \u00eatre consid\u00e9r\u00e9 comme implicitement rejet\u00e9.\n- un recours contentieux : aupr\u00e8s du Tribunal Administratif de Lyon dans un d\u00e9lai de deux mois \u00e0 compter de la notification du pr\u00e9sent arr\u00eat\u00e9 ou \u00e0 partir de la d\u00e9cision\nImplicite ou explicite de rejet du recours gracieux ou hi\u00e9rarchique. Le tribunal administratif peut \u00eatre saisi d'une requ\u00eate d\u00e9pos\u00e9e sur le site www.telerecours.fr            2/2\n69_Pr\u00e9f_Pr\u00e9fecture du Rh\u00f4ne - 69-2026-03-02-00003 - AP du 2 mars 2026 portant autorisation exploitation syst\u00e8me vid\u00e9oprotection -\nCommune de SOLAIZE 64\n84_ARS_Agence R\u00e9gionale de Sant\u00e9\nAuvergne-Rh\u00f4ne-Alpes\n69-2026-03-04-00003\nArr\u00eat\u00e9 conjoint n\u00b0 2026-10-0021 CODAMUPS TS \n84_ARS_Agence R\u00e9gionale de Sant\u00e9 Auvergne-Rh\u00f4ne-Alpes - 69-2026-03-04-00003 - Arr\u00eat\u00e9 conjoint n\u00b0 2026-10-0021 CODAMUPS TS 65\nPREFETEa @ \u00bb Agence R\u00e9gionale de Sant\u00e9D U RH O N E Auvergne-Rh\u00f4ne-AlpesLibert\u00e9\u00c9galit\u00e9Fraternit\u00e9\nArr\u00eat\u00e9 conjoint n\u00b0 2026-10-0021Portant modification de l'arr\u00eat\u00e9 2025-10-0231 du 14 novembre 2025 portant composition ducomit\u00e9 d\u00e9partemental de l'aide m\u00e9dicale urgente, de la permanence des soins et des transportssanitaires (CODAMUPS-TS) du Rh\u00f4ne et de ses sous-comit\u00e9s.\nLa Pr\u00e9f\u00e8te de la R\u00e9gion Auvergne-Rh\u00f4ne-Alpes,Pr\u00e9f\u00e8te de la Zone de d\u00e9fense et de s\u00e9curit\u00e9 sud-est,Pr\u00e9f\u00e8te du Rh\u00f4ne,Commandeur de la L\u00e9gion d'Honneur,Commandeur de l'Ordre National du M\u00e9rite,\nLa directrice g\u00e9n\u00e9ralede l'Agence R\u00e9gionale de Sant\u00e9 Auvergne-Rh\u00f4ne-Alpes\nVu le d\u00e9cret 2025-496 du 5 juin 2025 renouvelant le comit\u00e9 d\u00e9partemental de l'aide m\u00e9dicaleurgente, de la permanence des soins et des transports sanitaires ;Vu l'arr\u00eat\u00e9 2025-10-0231 du 14 novembre 2025 fixant la composition du sous-comit\u00e9 m\u00e9dical(SCOM) du Comit\u00e9 d\u00e9partemental de l'aide m\u00e9dicale urgente, de la permanence des soins et destransports sanitaires (CODAMUPS-TS) ;Consid\u00e9rant les d\u00e9signations propos\u00e9es par la FNAP de Monsieur Bruno BASSET en qualit\u00e9 detitulaire et de Monsieur Florent VIGLIENO en qualit\u00e9 de suppl\u00e9ant;Consid\u00e9rant la d\u00e9signation propos\u00e9e par l'ATSU de Monsieur Salim BRAKHLIA en qualit\u00e9 detitulaire; ARRETENTArticle 1er : Modification de l'arr\u00eat\u00e9 n\u00b02025-10-0031 du 14 novembre 2025 susvis\u00e91\u00b0 L'article 2 de l'arr\u00eat\u00e9 du 14 novembre 2025 relatif \u00e0 la composition du CODAMUPS-TS est ainsimodifi\u00e9 :En qualit\u00e9 de titulaire FNAP, M. Rapha\u00e9l GAY est remplac\u00e9 par M. Bruno BASSETEn qualit\u00e9 de Suppl\u00e9ant FNAP, M. Toufik LAKBA est remplac\u00e9 par M. Florent VIGLIENOEn qualit\u00e9 de titulaire ATSU, M. Bruno BASSET est remplac\u00e9 par M. Salim BRAKHLIA\nPr\u00e9fecture du Rh\u00e9ne Agence r\u00e9gionale de sant\u00e9 Auvergne-Rh\u00f4ne-Alpes106 rue Pierre Corneille CS 93383 - 69418 Lyon cedex 0369003 Lyon 04 72 34 74 0004 72 61 61 61Conform\u00e9ment au r\u00e9glement (UE) 2016/679 du Parlement europ\u00e9en et a la loi n\u00b0 78-17 du 6 janvier 1978 modifi\u00e9e relative \u00e0 l'informatique,aux fichiers et aux libert\u00e9s, vous pouvez acc\u00e9der aux donn\u00e9es vous concernant ou demander leur effacement. Vous disposez \u00e9galementd'un droit d'opposition, d'un droit de rectification et d'un droit \u00e0 la limitation du traitement de vos donn\u00e9es. Pour exercer ces droits, vouspouvez contacter le D\u00e9l\u00e9gu\u00e9 \u00e0 la protection des donn\u00e9es de l'ARS (ars-ara-dpd@ars.sante.fr).\n \n84_ARS_Agence R\u00e9gionale de Sant\u00e9 Auvergne-Rh\u00f4ne-Alpes - 69-2026-03-04-00003 - Arr\u00eat\u00e9 conjoint n\u00b0 2026-10-0021 CODAMUPS TS 66\n2\u00b0 L'article 4 de l'arr\u00eat\u00e9 du 14 novembre 2025 relatif \u00e0 la composition du SCoTS est ainsi modifi\u00e9 :En qualit\u00e9 de titulaire FNAP, M. Rapha\u00e9l GAY est remplac\u00e9 par M. Bruno BASSETEn qualit\u00e9 de Suppl\u00e9ant FNAP, M. Toufik LAKBA est remplac\u00e9 par M. Florent VIGLIENOEn qualit\u00e9 de titulaire ATSU, M. Bruno BASSET est remplac\u00e9 par M. Salim BRAKHLIAArticle 2 : le nouveau tableau de composition des membres du CODAMUPS-TS est le suivant :\nQUALITES TITULAIRES SUPPLEANTS1\u00b0 Repr\u00e9sentants des collectivit\u00e9s territorialesa) Un conseiller d\u00e9partemental | Madame Pascale CHAPOT | Madame Mireille SIMIANd\u00e9sign\u00e9 par le conseil | (Conseil D\u00e9partemental dud\u00e9partemental Rh\u00f4ne)b) Deux maires d\u00e9sign\u00e9s par | Monsieur Jean-Paul | Monsieur Gr\u00e9gory DOUCET,l'association d\u00e9partementale desmaires VARICHON, Maire de Saint- | Mairede LyonLager2\u00b0 Partenaires de l'aide m\u00e9dicale urgentea) Un m\u00e9decin responsable deservice d'aide m\u00e9dicale urgenteUn m\u00e9decin responsable destructure mobile d'urgence et der\u00e9animation dans le d\u00e9partement\nMonsieur le Docteur Christian | MonsieurPINERODI FILIPPO le Docteur David\nb) Un directeur d'\u00e9tablissementpublic de sant\u00e9 dot\u00e9 de moyensmobiles de secours et de soinsMonsieur Mikael EL CHAMIHospices Civils de LyonOu son repr\u00e9sentant\nd'urgencec) Le pr\u00e9sident du conseil | Madame Z\u00e9morda KHELIFId'administration du serviced'incendie et de secoursd) Le directeur d\u00e9partemental duservice d'incendie et de secoursMonsieur le Contr\u00f4leur g\u00e9n\u00e9ralSt\u00e9phane GOUEZECOu son repr\u00e9sentante) Le m\u00e9decin-chef d\u00e9partementaldu service d'incendie et de secoursMadame la M\u00e9decin-ColonelleNaima BALADIOu son repr\u00e9sentantf) Un officier de sapeurs-pompierscharg\u00e9 des op\u00e9rations, d\u00e9sign\u00e9 parle directeur d\u00e9partemental desservices d'incendie et de secours\nMonsieur le Lieutenant-Colonel | Ou son repr\u00e9sentantS\u00e9bastien PONTET\n3\u00b0 Membres nomm\u00e9s sur propositiondes organismes qu'ils repr\u00e9sententa) Un m\u00e9decin repr\u00e9sentant leconseil d\u00e9partemental de l'ordredes m\u00e9decinsMonsieur le Docteur Henry | MonsieurCHASSAGNON le DocteurGuillaume BARROISb) Quatre m\u00e9decins repr\u00e9sentantsde l'union r\u00e9gionale desprofessionnels de sant\u00e9repr\u00e9sentant les m\u00e9decins\nMonsieur le Docteur Arnaud | MonsieurPRADELMonsieur le Docteur Charles-Henry GUEZ\nle DocteurSt\u00e9phane CHOMIENNE\nPr\u00e9fecture du Rh\u00f4ne106 rue Pierre Corneille69003 Lyon04 72 61 61 61\nAgence r\u00e9gionale de sant\u00e9 Auvergne-Rh\u00f4ne-AlpesCS 93383 - 69418 Lyon cedex 0304 72 34 7400Conform\u00e9ment au r\u00e8glement (UE) 2016/679 du Parlement europ\u00e9en et \u00e0 la loi n\u00b0 78-17 du 6 janvier 1978 modifi\u00e9e relative \u00e0 l'informatique,aux fichiers et aux libert\u00e9s, vous pouvez acc\u00e9der aux donn\u00e9es vous concernant ou demaner leur effacement. Vous disposez \u00e9galementd'un droit d'opposition, d'un droit de rectification et d'un droit \u00e0 la limitation du traitement de vos donn\u00e9es. Pour exercer ces droits, vouspouvez contacter le D\u00e9l\u00e9gu\u00e9 \u00e0 la protection des donn\u00e9es de l'ARS (ars-ara-dpd@ars.sante.fr).\n \n84_ARS_Agence R\u00e9gionale de Sant\u00e9 Auvergne-Rh\u00f4ne-Alpes - 69-2026-03-04-00003 - Arr\u00eat\u00e9 conjoint n\u00b0 2026-10-0021 CODAMUPS TS 67\nMadame le Docteur MoktariaMadame le Docteur FlorenceALIKADA ARIOUA LAPICAMonsieur le Docteur PierreLouis CHIARELLOc) Un repr\u00e9sentant du conseil de la |Madame Ambre SARTRE Monsieur Samuel DAUPHINd\u00e9l\u00e9gation d\u00e9partementale de laCroix-Rouge fran\u00e7aised) Deux praticiens hospitalierspropos\u00e9s chacun respectivementpar les deux organisations les plusrepr\u00e9sentatives au plan national desm\u00e9decins exer\u00e7ant dans lesstructures des urgenceshospitali\u00e8res\nMonsieur le Professeur KarimTAZAROURTEOu son repr\u00e9sentant\ne) Un m\u00e9decin propos\u00e9 parl'organisation la plus repr\u00e9sentativeau niveau national des m\u00e9decinsexer\u00e7ant dans les structures dem\u00e9decine d'urgence des\u00e9tablissements priv\u00e9s de sant\u00e9,lorsqu'elles existent dans led\u00e9partement\nMonsieur le Docteur OlivierBLUM\nf) Un repr\u00e9sentant de chacune desassociations de permanence dessoins lorsqu'elles interviennent dansle dispositif de permanence dessoins au plan d\u00e9partemental\nMadame le Docteur C\u00e9lineSCHOFFIT, maison m\u00e9dicale degarde de VilleurbanneMonsieur le Docteur PascalDUREAU, maison m\u00e9dicale deV\u00e9nissieuxMonsieur le Docteur GuillaumeGENTHIALON, AssociationProfessionnelle des M\u00e9decinsde garde et d'Urgence deVillefranche (APMV)Madame le Docteur ClaudineRANC, Association desM\u00e9decins de Garde duBeaujolaisMonsieur le Docteur Pierre-Henry JUAN, SOS M\u00e9decins 69Monsieur le Docteur VincentTHIBAUT, Association dePromotion des MMG Lib\u00e9ralede Lyon (APMMGLL)\nMadame le Docteur H\u00e9l\u00e9neVILLANOVA QUINOU\nMonsieur le Docteur Jean-Baptiste DURDILLY\nMonsieur le Docteur OlivierJEANNOTMonsieur le Docteur FrancoisROCHE\nPr\u00e9fecture du Rh\u00f4ne106 rue Pierre Corneille69003 Lyon04 72 61 61 61Conform\u00e9ment au r\u00e8glement (UE) 2016/679 du Parlement europ\u00e9en et \u00e0 la loi n\u00b0 78-17 du 6aux fichiers et aux libert\u00e9s, vous pouvez acc\u00e9der aux donn\u00e9es vous concernant ou demand'un droit d'opposition\nAgence r\u00e9gionale de sant\u00e9 Auvergne-Rh\u00f4ne-Alpes\npouvez contacter le D\u00e9l\u00e9gu\u00e9 \u00e0 la protection des donn\u00e9es de l'ARS (ars-ara-dpd@ars.sante.fr).\nCS 93383 - 69418 Lyon cedex 0304 72 34 7400anvier 1978 modifi\u00e9e relative \u00e0 l'informatique,cc\u00e9de S VOUS concel ' er leur effacement. Vous disposez \u00e9galementd'un droit de rectification et d'un droit \u00e0 la limitation du traitement de vos donn\u00e9es. Pour exercer ces droits, vous\n \n84_ARS_Agence R\u00e9gionale de Sant\u00e9 Auvergne-Rh\u00f4ne-Alpes - 69-2026-03-04-00003 - Arr\u00eat\u00e9 conjoint n\u00b0 2026-10-0021 CODAMUPS TS 68\nMonsieur le Docteur FabienRIPOLL Association deM\u00e9decins de la MMG du Sud-Ouest Lyonnais (AMMGSOL)Madame le Docteur CatherineCHAPPUIS, Association de laR\u00e9gulation M\u00e9dicale Lib\u00e9raledu Rh\u00f4ne (ARMEL 69)\nMonsieur le DocteurRhadouane MZAYANI\nMonsieur le Docteur PierreBOYELDIEU\ng) Un repr\u00e9sentant de l'organisationla plus repr\u00e9sentative del'hospitalisation publiqueMadame Marie-PierreBONGIOVANNI-VERGEZ-FHFMadame Fanny FLEURISSON -FHFh) Un repr\u00e9sentant de chacune desdeux organisations d'hospitalisationpriv\u00e9e les plus repr\u00e9sentatives auMadame Sophie JANOT -Directrice G\u00e9n\u00e9ralePolyclinique du BeaujolaisMadame GETAS-JASKULA, DirectriceG\u00e9n\u00e9rale de la PolycliniqueBarbara\nplan d\u00e9partemental, dont un Lyondirecteur d'\u00e9tablissement de sant\u00e9priv\u00e9 assurant des transportssanitaires lorsqu'un tel\u00e9tablissement existe dans led\u00e9partementi) Quatre repr\u00e9sentants des | Pour la FNAA: Madame Samira | Monsieur Maxime PECHEURorganisations professionnellesnationales de transports sanitairesles plus repr\u00e9sentatives au planGHILOUFIPour la FNAP: Monsieur BrunoBASSET Monsieur Florent VIGLIENOd\u00e9partemental Pour la FNMS: Monsieur | Monsieur Nader ZAATOURIAbdelhali GUEZATIPour la CNSA: Monsieur | Monsieur Ramzi MOUELHILakhdar HAMMICHEJ) Un repr\u00e9sentant de l'association | Monsieur Salim BRAKHLIA | Monsieur Rapha\u00ebl GAYd\u00e9partementale de transports | (ATSU 69) (ATSU 69)sanitaires d'urgence la plusrepr\u00e9sentative au pland\u00e9partementalk) Un repr\u00e9sentant du conseil | Monsieur Didier VIEILLY Madame Elise FRANCILLONr\u00e9gional de l'ordre des pharmaciensou, dans les d\u00e9partements d'outre-mer, la d\u00e9l\u00e9gation locale de l'ordredes pharmaciens) Un repr\u00e9sentant de l'unionr\u00e9gionale des professionnels desant\u00e9 repr\u00e9sentant les pharmaciensd'officine\nMadame Florence DURUPTMonsieur Th\u00e9ophile SIBELLE\nm) Un repr\u00e9sentant del'organisation de pharmaciensd'officine la plus repr\u00e9sentative auplan national\nMonsieur Fr\u00e9d\u00e9ric VIRET\nPr\u00e9fecture du Rh\u00f4ne106 rue Pierre Corneille69003 Lyon04 72 61 61 61\nAgence r\u00e9gionale de sant\u00e9 Auvergne-Rh\u00f4ne-Alpes\nConform\u00e9ment au r\u00e8glement (UE) 2016/679 du Parlement europ\u00e9en et \u00e0 la loi n\u00b0 78-17 du 6aux fichiers et aux libert\u00e9s, vous pouvez acc\u00e9der aux donn\u00e9es vous concernant ou deman | Zd'un droit d'opposition, d'un droit de rectification et d'un droit \u00e0 la limitation du traitement de vos donn\u00e9es. Pour exercer ces droits, vouspouvez contacter le D\u00e9l\u00e9gu\u00e9 \u00e0 la protection des donn\u00e9es de l'ARS (ars-ara-dpd@ars.sante.fr).\nCS 93383 - 69418 Lyon cedex 0304 72 34 7400anvier 1978 modifi\u00e9e relative \u00e0 l'informatique,er leur effacement. Vous disposez \u00e9galement\n \n84_ARS_Agence R\u00e9gionale de Sant\u00e9 Auvergne-Rh\u00f4ne-Alpes - 69-2026-03-04-00003 - Arr\u00eat\u00e9 conjoint n\u00b0 2026-10-0021 CODAMUPS TS 69\nn) Un repr\u00e9sentant du conseil | Monsieur le Docteur Franckd\u00e9partemental de l'ordre des | GENEVRIERchirurgiens-dentisteso) Un repr\u00e9sentant de l'union | Monsieur le Docteur \u00c9ric | Monsieur le Docteur Cl\u00e9mentr\u00e9gionale des professionnels de | LENFANT DEBARDsant\u00e9 repr\u00e9sentant les chirurgiens-dentistesp) Lorsque le service de sant\u00e9 desarm\u00e9es contribue \u00e0 la permanencedes soins ambulatoires dans led\u00e9partement, Un repr\u00e9sentantm\u00e9decin du service de sant\u00e9 desarm\u00e9es4\u00b0 Repr\u00e9sentant des associations d'usagersUn repr\u00e9sentant des associationsd'usagersMonsieur Fran\u00e7oisBLANCHARDON - AFA CrohnRch France Ou son repr\u00e9sentant\nComposition du SCoMLe SCoM, copr\u00e9sid\u00e9 par la pr\u00e9f\u00e8te ou son repr\u00e9sentant et la directrice g\u00e9n\u00e9rale de l'agencer\u00e9gionale de sant\u00e9 ou son repr\u00e9sentant, est compos\u00e9 des membres suivants :\nQUALITES | TITULAIRES | SUPPLEANTS2\u00b0 Partenaires de l'aide m\u00e9dicale urgentea) Un m\u00e9decin responsable de | Monsieur le Docteur Christian | Monsieur le Docteur Davidservice d'aide m\u00e9dicale urgenteUn m\u00e9decin responsable destructure mobile d'urgence et der\u00e9animation dans le d\u00e9partement\nDI FILIPPO PINERO\ne) Le m\u00e9decin-chef d\u00e9partementaldu service d'incendie et de secoursMadame la M\u00e9decin-ColonelleNa\u00efma BALADI3\u00b0 Membres nomm\u00e9s sur propositiondes organismes qu'ils repr\u00e9sententa) Un m\u00e9decin repr\u00e9sentant le | Monsieur le Docteur Henry | Monsieur le Docteurconseil d\u00e9partemental de l'ordre | CHASSAGNON Guillaume BARROISdes m\u00e9decinsb) Quatre m\u00e9decins repr\u00e9sentants | Monsieur le Docteur Arnaud | Monsieur le Docteurde l'union r\u00e9gionale des | PRADEL St\u00e9phane CHOMIENNEprofessionnels de sant\u00e9 | Monsieur le Docteur Charles-repr\u00e9sentant les m\u00e9decins Henry GUEZ Madame le Docteur FlorenceMadame le Docteur Moktaria | LAPICAALI KADA ARIOUAMonsieur le Docteur PierreLouis CHARELLOd) Deux praticiens hospitaliers | Monsieur le Professeur Karimpropos\u00e9s chacun respectivementTAZAROURTEPr\u00e9fecture du Rh\u00f4ne106 rue Pierre Corneille69003 Lyon04 72 61 61 61\nAgence r\u00e9gionale de sant\u00e9 Auvergne-Rh\u00f4ne-AlpesCS 93383 - 69418 Lyon cedex 0304 72 34 7400Conform\u00e9ment au r\u00e8glement (UE) 2016/679 du Parlement europ\u00e9en et \u00e0 la loi n\u00b0 78-17 du 6 janvier 1978 modifi\u00e9e relative \u00e0 l'informatique,aux fichiers et aux libert\u00e9s, vous pouvez acc\u00e9der aux donn\u00e9es vous concernant ou deman | Zd'un droit de rectification et d'un droit \u00e0 la limitation du traitement de vos donn\u00e9es. Pour exercer ces droits, vousd'un droit d'oppositionpouvez contacter le D\u00e9l\u00e9gu\u00e9 \u00e0 la protection des donn\u00e9es de l'ARS (ars-ara-dpd@ars.sante.fr).er leur effacement. Vous disposez \u00e9galement\n \n84_ARS_Agence R\u00e9gionale de Sant\u00e9 Auvergne-Rh\u00f4ne-Alpes - 69-2026-03-04-00003 - Arr\u00eat\u00e9 conjoint n\u00b0 2026-10-0021 CODAMUPS TS 70\npar les deux organisations les plusrepr\u00e9sentatives au plan national desm\u00e9decins exer\u00e7ant dans lesstructures des urgenceshospitali\u00e8rese) Un m\u00e9decin propos\u00e9 par | Monsieur le Docteur Olivierl'organisation la plus repr\u00e9sentative | BLUMau niveau national des m\u00e9decinsexer\u00e7ant dans les structures dem\u00e9decine d'urgence des\u00e9tablissements priv\u00e9s de sant\u00e9,lorsqu'elles existent dans led\u00e9partementf) Un repr\u00e9sentant de chacune desassociations de permanence dessoins lorsqu'elles interviennent dansle dispositif de permanence dessoins au plan d\u00e9partementalo) Un repr\u00e9sentant de l'unionr\u00e9gionale des professionnels desant\u00e9 repr\u00e9sentant les chirurgiens-dentistes\nMonsieur le Docteur \u00c9ricLENFANT Monsieur le Docteur Cl\u00e9mentDEBARD\np) Lorsque le service de sant\u00e9 desarm\u00e9es contribue a la permanencedes soins ambulatoires dans led\u00e9partement, un repr\u00e9sentantm\u00e9decin du service de sant\u00e9 desarm\u00e9es\nComposition du SCoTSLe SCoTS, copr\u00e9sid\u00e9 par la pr\u00e9f\u00e8te ou son repr\u00e9sentant et la directrice g\u00e9n\u00e9rale de l'agencer\u00e9gionale de sant\u00e9 ou son repr\u00e9sentant, est compos\u00e9 des membres suivants :\nQUALITESTITULAIRESSUPPLEANTSPartenaires de l'aide m\u00e9dicale urgente d\u00e9sign\u00e9s au sein du CODAMUPS-TS1\u00b0 Le m\u00e9decin responsable deservice d'aide m\u00e9dicale urgenteMonsieur le Docteur Pierre-Yves DUBIEN, Chef de serviceadjoint du SAMU-SMUROu son repr\u00e9sentant\n2\u00b0 Le directeur d\u00e9partemental duservice d'incendie et de secoursMonsieur le contr\u00f4leurG\u00e9n\u00e9ral St\u00e9phane GOUEZECOu son repr\u00e9sentant3\u00b0 Le m\u00e9decin-chef d\u00e9partementaldu service d'incendie et de secoursMadame la M\u00e9decin-ColonelNaima BALADIOu son repr\u00e9sentant\n4\u00b0 L'officier de sapeurs-pompierscharg\u00e9 des op\u00e9rations, d\u00e9sign\u00e9 parMonsieur le Lieutenant-ColonelS\u00e9bastien PONTETOu son repr\u00e9sentant\nPr\u00e9fecture du Rh\u00f4ne106 rue Pierre Corneille69003 Lyon04 72 61 61 61\nAgence r\u00e9gionale de sant\u00e9 Auvergne-Rh\u00f4ne-AlpesCS 93383 - 69418 Lyon cedex 0304 72 34 7400Conform\u00e9ment au r\u00e8glement (UE) 2016/679 du Parlement europ\u00e9en et \u00e0 la loi n\u00b0 78-17 du 6 janvier 1978 modifi\u00e9e relative \u00e0 l'informatique,aux fichiers et aux libert\u00e9s, vous pouvez acc\u00e9der aux donn\u00e9es vous concernant ou demand'un droit d'oppositionpouvez contacter le D\u00e9l\u00e9gu\u00e9 \u00e0 la protection des donn\u00e9es de l'ARS (ars-ara-dpd@ars.sante.fr).cc\u00e9de S VOUS concel ' er leur effacement. Vous disposez \u00e9galementd'un droit de rectification et d'un droit \u00e0 la limitation du traitement de vos donn\u00e9es. Pour exercer ces droits, vous\n \n84_ARS_Agence R\u00e9gionale de Sant\u00e9 Auvergne-Rh\u00f4ne-Alpes - 69-2026-03-04-00003 - Arr\u00eat\u00e9 conjoint n\u00b0 2026-10-0021 CODAMUPS TS 71\nle directeur d\u00e9partemental desservices d'incendie et de secoursMembres nomm\u00e9s sur proposition des organismes qu'ils repr\u00e9sentent5\u00b0 Quatre repr\u00e9sentants desorganisations professionnellesnationales de transports sanitairesles plus repr\u00e9sentatives au plan\nPour la FNAA: Madame SamiraGHILOUFIPour la FNAP: Monsieur BrunoBASSET\nMonsieur Maxime PECHEURMonsieur Florent VIGLIENOd\u00e9partemental Pour la FNMS: Monsieur | Monsieur Nader ZAATOURIAbdelhali GUEZATIPour la CNSA: Monsieur | Monsieur Ramzi MOUELHILakhdar HAMMICHEAutres membres du sous-comit\u00e96\u00b0 Le directeur d'un \u00e9tablissement | Monsieur Mikael EL CHAMI | Ou son repr\u00e9sentantpublic de sant\u00e9 dot\u00e9 de moyensmobiles de secours et de soinsd'urgence(Hospices Civils de Lyon)\n7\u00b0 Le directeur d'\u00e9tablissement desant\u00e9 priv\u00e9 assurant des transportssanitairesNon concern\u00e9\n8\u00b0 Le repr\u00e9sentant de l'association | Monsieur Salim BRAKHLIA | Monsieur Rapha\u00ebl GAYd\u00e9partementale des transports | (ATSU 69) (ATSU 69)sanitaires d'urgence la plusrepr\u00e9sentative au pland\u00e9partementalMembres d\u00e9sign\u00e9s par leurs pairs au sein du CODAMUPS-TSa) Deux repr\u00e9sentants descollectivit\u00e9s territorialesMadame Pascale CHAPOT(Conseil d\u00e9partemental duRh\u00f4ne)Monsieur Jean-Paul VARICHON(Maire de Saint Lager)\nMadame Mireille SIMIANMonsieur Gr\u00e9gory DOUCET(Maire de Lyon)b) Un m\u00e9decin d'exercice lib\u00e9ralMonsieur le Docteur Charles-Henry GUEZ (URPS)Ou son repr\u00e9sentant\nArticle 3 : Notification de l'arr\u00eat\u00e9Le pr\u00e9sent arr\u00eat\u00e9 sera notifi\u00e9 aux nouveaux membres du CODAMUPS-TS et de ses sous-comit\u00e9s.\nArticle 4 : RecoursLe pr\u00e9sent arr\u00eat\u00e9 peut faire l'objet d'un recours contentieux aupr\u00e8s du tribunal administratifcomp\u00e9tent et peut \u00eatre \u00e9galement saisi sur l'application \u00ab T\u00e9l\u00e9recours citoyens \u00bb accessibledepuis le site www.telerecours.fr. dans un d\u00e9lai de deux mois \u00e0 compter de sa notification.\nPr\u00e9fecture du Rh\u00f4ne106 rue Pierre Corneille69003 Lyon04 72 61 61 61\nAgence r\u00e9gionale de sant\u00e9 Auvergne-Rh\u00f4ne-Alpes\nConform\u00e9ment au r\u00e8glement (UE) 2016/679 du Parlement europ\u00e9en et \u00e0 la loi n\u00b0 78-17 du 6aux fichiers et aux libert\u00e9s, vous pouvez acc\u00e9der aux donn\u00e9es vous concernant ou demand'un droit d'opposition\nCS 93383 - 69418 Lyon cedex 0304 72 34 7400anvier 1978 modifi\u00e9e relative \u00e0 l'informatique,er leur effacement. Vous disposez \u00e9galementd'un droit de rectification et d'un droit \u00e0 la limitation du traitement de vos donn\u00e9es. Pour exercer ces droits, vouspouvez contacter le D\u00e9l\u00e9gu\u00e9 \u00e0 la protection des donn\u00e9es de l'ARS (ars-ara-dpd@ars.sante.fr).\n \n84_ARS_Agence R\u00e9gionale de Sant\u00e9 Auvergne-Rh\u00f4ne-Alpes - 69-2026-03-04-00003 - Arr\u00eat\u00e9 conjoint n\u00b0 2026-10-0021 CODAMUPS TS 72\nArticle 5 : Ex\u00e9cution de l'arr\u00eat\u00e9La pr\u00e9f\u00e8te du Rh\u00f4ne et la directrice g\u00e9n\u00e9rale de l'agence r\u00e9gionale de sant\u00e9 Auvergne-Rh\u00f4neAlpes, sont charg\u00e9es chacune en ce qui la concerne de l'ex\u00e9cution du pr\u00e9sent arr\u00eat\u00e9 qui serapubli\u00e9 au recueil des actes administratifs de la pr\u00e9fecture du Rh\u00f4ne.Lyon, le 04 mars 2026\nLa pr\u00e9f\u00e8te du Rh\u00f4ne La directrice g\u00e9n\u00e9ralede l'agence r\u00e9gionale de sant\u00e9Le pr\u00e9fet d\u00e9l\u00e9gu\u00e9 pour la d\u00e9fense et la Auvergne-Rh\u00f4ne-Alpess\u00e9curit\u00e9Antoine GUERIN C\u00e9cile COURREGES\nPr\u00e9fecture du Rh\u00f4ne Agence r\u00e9gionale de sant\u00e9 Auvergne-Rh\u00f4ne-Alpes106 rue Pierre Corneille CS 93383 - 69418 Lyon cedex 0369003 Lyon 04 72 34 74 0004 72 61 61 61Conform\u00e9ment au r\u00e8glement (UE) 2016/679 du Parlement europ\u00e9en et \u00e0 la loi n\u00b0 78-17 du 6 janvier 1978 modifi\u00e9e relative \u00e0 l'informatique,aux fichiers et aux libert\u00e9s, vous pouvez acc\u00e9der aux donn\u00e9es vous concernant ou demander leur effacement. Vous disposez \u00e9galementd'un droit d'opposition, d'un droit de rectification et d'un droit \u00e0 la limitation du traitement de vos donn\u00e9es. Pour exercer ces droits, vouspouvez contacter le D\u00e9l\u00e9gu\u00e9 \u00e0 la protection des donn\u00e9es de l'ARS (ars-ara-dpd@ars.sante.fr).\n \n84_ARS_Agence R\u00e9gionale de Sant\u00e9 Auvergne-Rh\u00f4ne-Alpes - 69-2026-03-04-00003 - Arr\u00eat\u00e9 conjoint n\u00b0 2026-10-0021 CODAMUPS TS 73\n84_ARS_Agence R\u00e9gionale de Sant\u00e9\nAuvergne-Rh\u00f4ne-Alpes\n69-2026-03-03-00006\nARR\u00caT\u00c9 pr\u00e9fectoral n\u00b0 2026-10-0027 modifiant le\nb\u00e9n\u00e9ficiaire de l'arr\u00eat\u00e9 pr\u00e9fectoral\nARS_2019_10_239 du 08 octobre 2019 autorisant\nla soci\u00e9t\u00e9 SARL TM Restauration \u00e0 utiliser l'eau\nissue d'un forage priv\u00e9 situ\u00e9 sur la commune de\nSolaize pour l'alimentation en eau de son\nrestaurant \" Chez Paul'O \"\n84_ARS_Agence R\u00e9gionale de Sant\u00e9 Auvergne-Rh\u00f4ne-Alpes - 69-2026-03-03-00006 - ARR\u00caT\u00c9 pr\u00e9fectoral n\u00b0 2026-10-0027 modifiant le\nb\u00e9n\u00e9ficiaire de l'arr\u00eat\u00e9 pr\u00e9fectoral ARS_2019_10_239 du 08 octobre 2019 autorisant la soci\u00e9t\u00e9 SARL TM Restauration \u00e0 utiliser l'eau\nissue d'un forage priv\u00e9 situ\u00e9 sur la commune de Solaize pour l'alimentation en eau de son restaurant \" Chez Paul'O \"\n74\ncE iPREFETEDU RHONELibert\u00e9Egalit\u00e9Fraternit\u00e9\n \n \n \n \n \n   \n \n    \n \nARR\u00caT\u00c9 pr\u00e9fectoral n\u00b0 2026-10-0027 \n \n \nModifiant le b\u00e9n\u00e9ficiaire de l'arr\u00eat\u00e9 pr\u00e9fectoral ARS_2019_10_239 du 08 octobre 2019 autorisant  la \nsoci\u00e9t\u00e9 SARL TM Restauration \u00e0 utiliser l'eau issue d'un forage priv\u00e9 situ\u00e9 sur la commune de \nSolaize pour l'alimentation en eau de son restaurant \" Chez Paul'O \" \n \n \nLa Pr\u00e9f\u00e8te de la R\u00e9gion Auvergne-Rh\u00f4ne-Alpes \nPr\u00e9f\u00e8te de la Zone de d\u00e9fense et de S\u00e9curit\u00e9 Sud-Est \nPr\u00e9f\u00e8te du Rh\u00f4ne \nCommandeur de la L\u00e9gion d'Honneur, \nCommandeur de l'ordre national du M\u00e9rite \n \nVU le Code de la Sant\u00e9 Publique et notamment les articles L 1321-1, L 1321-4 et L1321-7 et R 1321-11-\nII; \n \nVU la vente par la SARL TM restauration de l'\u00e9tablissement \u00ab Chez Paul'O \u00bb \u00e0 la soci\u00e9t\u00e9 PAUL'O dont \nle si\u00e8ge se situe 551 Chemin de la Traille Lieu-Dit de la Table Ronde 69360 SOLAIZE (Num\u00e9ro SIRET : \n999 051 105 00016), et la reprise de l'activit\u00e9 de restauration depuis le 02 janvier 2026 ; \n \nCONSIDERANT que la vente de l'\u00e9tablissement implique de modifier le b\u00e9n\u00e9ficiaire de l'arr\u00eat\u00e9 \npr\u00e9fectoral ARS_2019_10_239 du 08 octobre 2019 autorisant  la soci\u00e9t\u00e9 SARL TM restauration  \u00e0 \nutiliser l'eau issue d'un forage priv\u00e9 situ\u00e9 sur la commune de Solaize pour l'alimentation en eau de \nson restaurant \" Chez Paul'O \" ; \n \nCONSIDERANT que le changement de b\u00e9n\u00e9ficiaire de l'arr\u00eat\u00e9 pr\u00e9fectoral  ARS_2019_10_239 du 08 \noctobre 2019 ne remet pas en cause les circonstances de fait et de droit qui ont abouti \u00e0 \nl'autorisation d'utilisation de l'eau issue du forage priv\u00e9 ; \n \n \nSUR PROPOSITION de Madame la Directrice G\u00e9n\u00e9rale de L'Agence R\u00e9gionale de Sant\u00e9 Auvergne -\nRh\u00f4ne-Alpes, \n \n \n \nARRETE \n \n \n \nARTICLE 1 : \nL'arr\u00eat\u00e9 pr\u00e9fectoral ARS_2019_10_239 du 08 octobre 2019 autorisant  la soci\u00e9t\u00e9 SARL TM \nRestauration \u00e0 utiliser l'eau issue d'un forage priv\u00e9 situ\u00e9 sur la commune de Solaize pour \n84_ARS_Agence R\u00e9gionale de Sant\u00e9 Auvergne-Rh\u00f4ne-Alpes - 69-2026-03-03-00006 - ARR\u00caT\u00c9 pr\u00e9fectoral n\u00b0 2026-10-0027 modifiant le\nb\u00e9n\u00e9ficiaire de l'arr\u00eat\u00e9 pr\u00e9fectoral ARS_2019_10_239 du 08 octobre 2019 autorisant la soci\u00e9t\u00e9 SARL TM Restauration \u00e0 utiliser l'eau\nissue d'un forage priv\u00e9 situ\u00e9 sur la commune de Solaize pour l'alimentation en eau de son restaurant \" Chez Paul'O \"\n75\n \n 2/2 \nl'alimentation en eau de son restaurant \" Chez Paul'O \" est transf\u00e9r\u00e9 au b\u00e9n\u00e9fice de la soci\u00e9t\u00e9 PAUL'O \ndont le si\u00e8ge social est situ\u00e9 551 chemin de la Traille \u00e0 Solaize 69360. \nLes autres dispositions de l'arr\u00eat\u00e9 pr\u00e9fectoral restent inchang\u00e9es. \n \nARTICLE 2 :  \nOutre les recours gracieux et hi\u00e9rarchique qui s'exercent dans le m\u00eame d\u00e9lai, un recours contentieux \npeut \u00eatre d\u00e9pos\u00e9 devant le tribunal administratif de Lyon dans un d\u00e9lai de deux mois \u00e0 compter de \nla notification pour l'int\u00e9ress\u00e9, et dans un d\u00e9lai de deux mois \u00e0 compter de la publication au recueil \ndes actes administratifs de la pr\u00e9fecture du Rh\u00f4ne pour les tiers. Le tribunal  administratif de Lyon \npeut \u00eatre saisi d'une requ\u00eate d\u00e9pos\u00e9e via l'application informatique \"Telerecours citoyens\" \naccessible par le site internet  www.telerecours.fr \n \nARTICLE 3 :  \nLe pr\u00e9sent arr\u00eat\u00e9 est publi\u00e9 au recueil des actes administratifs de la pr\u00e9fecture du Rh\u00f4ne  et notifi\u00e9 \nau b\u00e9n\u00e9ficiaire par l'Agence R\u00e9gionale de Sant\u00e9 en lettre recommand\u00e9e avec accus\u00e9 de r\u00e9ception. \n \nARTICLE 4 : \nLe pr\u00e9fet, secr\u00e9taire g\u00e9n\u00e9ral de la pr\u00e9fecture du Rh\u00f4ne, pr\u00e9fet d\u00e9l\u00e9gu\u00e9 pour l'\u00e9galit\u00e9 des chances et \nla directrice g\u00e9n\u00e9rale de l'agence r\u00e9gionale de sant\u00e9 Auvergne-Rh\u00f4ne-Alpes sont charg\u00e9s, chacun en \nce qui le concerne, de l'ex\u00e9cution du pr\u00e9sent arr\u00eat\u00e9. \n \n \n \n \n \n    \n Fait \u00e0 Lyon, le 3 mars 2026 \n Pour la Pr\u00e9f\u00e8te du Rh\u00f4ne, \nLa sous-pr\u00e9f\u00e8te, \nSecr\u00e9taire g\u00e9n\u00e9rale adjointe \nSign\u00e9  \nJudith HUSSON  \n \n \n \n         \n \n \n84_ARS_Agence R\u00e9gionale de Sant\u00e9 Auvergne-Rh\u00f4ne-Alpes - 69-2026-03-03-00006 - ARR\u00caT\u00c9 pr\u00e9fectoral n\u00b0 2026-10-0027 modifiant le\nb\u00e9n\u00e9ficiaire de l'arr\u00eat\u00e9 pr\u00e9fectoral ARS_2019_10_239 du 08 octobre 2019 autorisant la soci\u00e9t\u00e9 SARL TM Restauration \u00e0 utiliser l'eau\nissue d'un forage priv\u00e9 situ\u00e9 sur la commune de Solaize pour l'alimentation en eau de son restaurant \" Chez Paul'O \"\n76","date":"2026-03-05","first_seen_on":"2026-03-05T15:41:48+00:00","id":"a6a01eac58b2ee63e4d5e357a3efe435e10b0c1ad5a84126a1033f351cc2660c","name":"RAA_69-2026-067-050326","pdf_creation_date":"2026-03-05T15:06:16+00:00","pdf_modification_date":"2026-03-05T15:06:49+00:00","timezone":"Europe/Paris","url":"https://www.rhone.gouv.fr/contenu/telechargement/67636/455381/file/RAA_69-2026-067-050326.pdf"}
