{"administration":"pref83","administration_name":"Pr\u00e9fecture du Var","content":"VAR\nRECUEIL DES ACTES\nADMINISTRATIFS\nN\u00b083-2025-111\nPUBLI\u00c9 LE 31 MARS 2025\nSommaire\nDirection d\u00e9partementale de l'emploi, du travail et des solidarit\u00e9s du Var\n/\n83-2025-03-31-00001 - ARRETE PREFECTORAL n\u00b0 DDETS-SART-2025-021 du\n31 mars 2025\nfixant la liste des personnes habilit\u00e9es \u00e0 assister un\nsalari\u00e9 lors de l'entretien pr\u00e9alable \u00e0 son licenciement ou lors\nd'un ou plusieurs entretiens en vue de conclure une\nrupture\nconventionnelle (20 pages) Page 3\nDirection d\u00e9partementale des territoires et de la mer du Var / Service eau\net biodiversit\u00e9 de la DDTM\n83-2025-03-28-00003 - ARR\u00caT\u00c9 PR\u00c9FECTORAL n\u00b0\nDDTM/SEBIO/2025-51 du 28 mars 2025\nportant d\u00e9rogation \u00e0 la\ncapture ou l'enl\u00e8vement et la perturbation intentionnelle\nde\nsp\u00e9cimens d'esp\u00e8ces animales prot\u00e9g\u00e9es\nd\u00e9finie \u00e0 l'article\n4 du L.411-2 du Code de l'Environnement\n\nau b\u00e9n\u00e9fice du bureau\nd'\u00e9tudes ENCIS Environnement\n\npour proc\u00e9der ou faire\nproc\u00e9der\nsur la commune de Cogolin\nlieu-dit Domaine \u00ab\u00a0La\nCh\u00eaneraie\u00a0\u00bb\n\n\u00e0 la capture temporaire avec rel\u00e2cher imm\u00e9diat\nsur place de\nTortue d'Hermann - Testudo hermanni (Gmelin,\n1789)\npour la p\u00e9riode allant du 01 avril au 30 juin 2025 inclus. (8 pages) Page 24\nDirection d\u00e9partementale des territoires et de la mer du Var / Service\nhabitat r\u00e9novation urbaine de la DDTM\n83-2025-01-20-00012 - ARR\u00caT\u00c9 PR\u00c9FECTORAL DDTM/SHRU n\u00b0\n2024-79\napprouvant le sch\u00e9ma d\u00e9partemental d'accueil et\nd'habitat des gens du voyage du Var (87 pages) Page 33\n83-2025-03-27-00007 - ARR\u00caT\u00c9 PR\u00c9FECTORAL DDTM/SHRU n\u00b0\n2025-02\nfixant la composition et le fonctionnement de la commission\nd\u00e9partementale consultative des gens du voyage (5 pages) Page 121\n2\nDirection d\u00e9partementale de l'emploi, du travail\net des solidarit\u00e9s du Var\n83-2025-03-31-00001\nARRETE PREFECTORAL n\u00b0 DDETS-SART-2025-021\ndu 31 mars 2025\nfixant la liste des personnes habilit\u00e9es \u00e0 assister\nun salari\u00e9 lors de l'entretien pr\u00e9alable \u00e0 son\nlicenciement ou lors d'un ou plusieurs entretiens\nen vue de conclure une rupture\nconventionnelle\nDirection d\u00e9partementale de l'emploi, du travail et des solidarit\u00e9s du Var - 83-2025-03-31-00001 - ARRETE PREFECTORAL n\u00b0\nDDETS-SART-2025-021 du 31 mars 2025\nfixant la liste des personnes habilit\u00e9es \u00e0 assister un salari\u00e9 lors de l'entretien pr\u00e9alable \u00e0 son licenciement ou lors d'un ou plusieurs\nentretiens en vue de conclure une rupture\nconventionnelle\n3\n=mPREFETDU VARLibert\u00e9Egalit\u00e9Fraternit\u00e9\nDirection d\u00e9partementale  \nde l'emploi, du travail  \net des solidarit\u00e9s du Var  \n  \n1 \n \n \n \n. \n   \n \n \nARRETE PREFECTORAL n\u00b0 DDETS-SART-2025-021 du 31 mar s 2025  \nfixant la liste des personnes habilit\u00e9es \u00e0 assister un salari\u00e9 lors de l'entretien pr\u00e9alable \u00e0 son \nlicenciement ou lors d'un ou plusieurs entretiens en vue de conclure une rupture \nconventionnelle \n \n \n \nLe Pr\u00e9fet du Var, \n \n \n \n \n \n \nVu  les articles L.1232-4, L.1232-7, L.1233-1, L.1237-12 et L.1232-13 du Code du Travail  ; \n \nVu  les articles R.1232-1 et R.1232-2 du Code du Travail  ; \n \nVu  les articles D.1232-4, D.1232-5, D.1232-6 et D.1232-12 du Code du Travail  ; \n \nVu le d\u00e9cret du Pr\u00e9sident de la R\u00e9publique du 13 juillet 2023 portant nomination de M. Philippe MAHE, \npr\u00e9fet du Var ; \n \nVu  l'arr\u00eat\u00e9 conjoint du Premier ministre et du ministre de l'int\u00e9rieur en date du 17 janvier 2025 portant \nnomination de Madame Sandrine POLYCHRONOPOULOS, directrice d\u00e9partementale de l'emploi, du \ntravail et des solidarit\u00e9s du Var  ; \n \nVu l'arr\u00eat\u00e9 pr\u00e9fectoral n\u00b0 2025/02/MCI en date du 3 f\u00e9vrier 2025 portant d\u00e9l\u00e9gation de signature \u00e0 \nMadame Sandrine POLYCHRONOPOULOS, directrice d\u00e9partementale de l'emploi, du travail et des \nsolidarit\u00e9s du Var ; \n \nVu  l'arr\u00eat\u00e9 minist\u00e9riel du 2 d\u00e9cembre 2022 portant nomination des conseillers prud'hommes pour le \nmandat prud'homal 2023-2025 , l'arr\u00eat\u00e9 du 12 d\u00e9cembre 2023 modifi\u00e9 portant nomination \ncompl\u00e9mentaire de conseillers prud'hommes pour le mandat prud'homal 2023-2025 et l'arr\u00eat\u00e9 du 2 \njanvier 2024 modifiant l'arr\u00eat\u00e9 du 12 d\u00e9cembre 2023 portant nomination compl\u00e9mentaire des \nconseillers prud'hommes pour le mandat prud'homal 2023-2025;\n \n \nVu  la consultation du 18 novembre 2024, des organisations syndicales repr\u00e9sentatives au niveau national \nvis\u00e9es \u00e0 l'article L2272-1 du code du travail ; \n \n \n \nARRETE \n \n \nArticle 1 \ner  : La liste des personnes habilit\u00e9es \u00e0 venir assister, sur sa demande, un salari\u00e9 lors de l'entretien \npr\u00e9alable \u00e0 son licenciement ou lors d'un ou plusieurs entretiens en vue de conclure une rupture \nconventionnelle en l'absence d'institutions repr\u00e9sentatives du personnel dans l'entreprise, est \ncompos\u00e9e comme suit  : \nDirection d\u00e9partementale de l'emploi, du travail et des solidarit\u00e9s du Var - 83-2025-03-31-00001 - ARRETE PREFECTORAL n\u00b0\nDDETS-SART-2025-021 du 31 mars 2025\nfixant la liste des personnes habilit\u00e9es \u00e0 assister un salari\u00e9 lors de l'entretien pr\u00e9alable \u00e0 son licenciement ou lors d'un ou plusieurs\nentretiens en vue de conclure une rupture\nconventionnelle\n4\n \n2 \n \n \n \nABIME Philippe Union D\u00e9partementale FO \n12 place Armand Vall\u00e9 \n83000 TOULON \nT\u00e9l : 04 94 93 49 77  \n \n \nFO \n \nRetrait\u00e9 \n \nALCANENA Diego Union D\u00e9partementale CFDT \nBourse du Travail \nAvenue Amiral Collet \n83000 TOULON \nT\u00e9l : 04 94 92 72 59  \n \nCFDT \n \nConducteur d'autocars \n \nALLOUCHE \nLanouar \nUnion D\u00e9partementale CFDT \nBourse du Travail \nAvenue Amiral Collet \n83000 TOULON \nT\u00e9l : 04 94 92 72 59  \n \nCFDT \n \nChauffeur \n \nARAHAL Lahcen \n \n \nUD CGT VAR \nBourse du Travail \n13 avenue Amiral Collet \n83000 TOULON \nT\u00e9l : 04 94 18 94 50  \n \n \nCGT \n \nCariste \n \nARDUIN Jean-\nPierre \nUnion D\u00e9partementale FO \n12 place Armand Vall\u00e9 \n83000 TOULON \nT\u00e9l : 04 94 93 49 77  \n \nFO \n \n \nRetrait\u00e9 \n \n \nAWADA Mahmoud \n \n49 rue du lavoir \n83690 Pignans \nT\u00e9l : 07 67 33 79 01 \n \n \n \nNon syndiqu\u00e9 \n \nResponsable d'\u00e9quipe \nlogistique \n \nBAFFARD Alain \n \nUnion d\u00e9partementale UNSA \nBourse du Travail \n13 Avenue Amiral Collet \n83000 TOULON \nT\u00e9l : 06 85 04 53 18  \n \n \nUNSA \n \n \nM\u00e9canicien \nA\u00e9ronautique \nEmploy\u00e9 \n \n \nBALLO Moustaphe \n \nUD CGT VAR \nBourse du Travail \n13 avenue Amiral Collet \n83000 TOULON \nT\u00e9l : 04 94 18 94 50  \n \n \nCGT \n \nAgent de service \nDirection d\u00e9partementale de l'emploi, du travail et des solidarit\u00e9s du Var - 83-2025-03-31-00001 - ARRETE PREFECTORAL n\u00b0\nDDETS-SART-2025-021 du 31 mars 2025\nfixant la liste des personnes habilit\u00e9es \u00e0 assister un salari\u00e9 lors de l'entretien pr\u00e9alable \u00e0 son licenciement ou lors d'un ou plusieurs\nentretiens en vue de conclure une rupture\nconventionnelle\n5\n \n3 \n \n \nBARBAGALLO \nAdrien \nUnion D\u00e9partementale CFDT \nBourse du Travail \nAvenue Amiral Collet \n83000 TOULON \nT\u00e9l : 04 94 92 72 59  \n \nCFDT \n \nPostier \n \nBAUD Xavier Union D\u00e9partementale CFDT \nBourse du Travail \nAvenue Amiral Collet \n83000 TOULON \nT\u00e9l : 04 94 92 72 59 \n \nCFDT \n \nEmploy\u00e9 \n \nBELLOUM Randa \n \nUD CGT VAR \nBourse du Travail \n13 avenue Amiral Collet \n83000 TOULON \nT\u00e9l : 04 94 18 94 50  \n \n \nCGT \n \nChef d'\u00e9quipe \n \nBERCET Bernard \n \nUnion D\u00e9partementale CFE CGC \nSquare du Docteur Bondil \nPorte d'Italie \n83000 TOULON \nT\u00e9l : 04 94 09 19 46  \n \n \nCFE CGC \n \nRetrait\u00e9 \n \nBERCHEL Laurent Union D\u00e9partementale CFDT \nBourse du Travail \nAvenue Amiral Collet \n83000 TOULON \nT\u00e9l : 04 94 92 72 59  \n \nCFDT \n \nCharg\u00e9 de client\u00e8le la \nPoste \n \nBERHO Jo\u00ebl \n \nUD CGT VAR \nBourse du Travail \n13 avenue Amiral Collet \n83000 TOULON \nT\u00e9l : 04 94 18 94 50  \n \n \nCGT \n \n \nBERNARD Yann Union D\u00e9partementale CFDT \nBourse du Travail \nAvenue Amiral Collet \n83000 TOULON \nT\u00e9l : 04 94 92 72 59  \n \nCFDT \n \nAgent SNCF \n \nBLIN Mathieu \n \nUD CGT VAR \nBourse du Travail \n13 avenue Amiral Collet \n83000 TOULON \nT\u00e9l : 04 94 18 94 50  \n \n \nCGT \n \nvendeur \nDirection d\u00e9partementale de l'emploi, du travail et des solidarit\u00e9s du Var - 83-2025-03-31-00001 - ARRETE PREFECTORAL n\u00b0\nDDETS-SART-2025-021 du 31 mars 2025\nfixant la liste des personnes habilit\u00e9es \u00e0 assister un salari\u00e9 lors de l'entretien pr\u00e9alable \u00e0 son licenciement ou lors d'un ou plusieurs\nentretiens en vue de conclure une rupture\nconventionnelle\n6\n \n4 \n \n \nBOIS S\u00e9bastien UD CGT VAR \nBourse du Travail \n13 avenue Amiral Collet \n83000 TOULON \nT\u00e9l : 04 94 18 94 50  \n \nCGT \n \nChef d'\u00e9quipe \nnettoyage \n \nBOST Jean-Marc 19 Placette du Moulin \n83110 SANARY SUR MER \nT\u00e9l : 06 74 99 58 90 \n \nNon syndiqu\u00e9 \n \n \nretrait\u00e9 \n \nBOUDJAOUI \nPatrick \n \nUD CGT VAR \nBourse du Travail \n13 avenue Amiral Collet \n83000 TOULON \nT\u00e9l : 04 94 18 94 50  \n \n \nCGT \n \nCadre \u00e9ducatif \n \nBOUGMATI Mounir \n \nUnion D\u00e9partementale FO \n12 place Armand Vall\u00e9 \n83000 TOULON \nT\u00e9l : 04 94 93 49 77  \n \n \nFO \n \nConducteur Routier \n \nBOURDON Maxime Union D\u00e9partementale CFDT \nBourse du Travail \nAvenue Amiral Collet \n83000 TOULON \nT\u00e9l : 04 94 92 72 59  \n \nCFDT \n \nIng\u00e9nieur pr\u00e9vention \ncyber s\u00e9curit\u00e9 \n \nBOYER Val\u00e9rie UD CGT VAR \nBourse du Travail \n13 avenue Amiral Collet \n83000 TOULON \nT\u00e9l : 04 94 18 94 50  \n \nCGT \n \nEmploy\u00e9e libre-service \n \nBRONDERS \nSamuel \nUD CFE/CGC du Var \nSquare du Docteur Bondil \nPorte d'Italie \n83000 TOULON \nT\u00e9l : 04 94 09 10 46 \n \nCFE/CGC \n \nIng\u00e9nieur d'\u00e9tudes \n \nBROSSE Fabrice \n \nUnion d\u00e9partementale UNSA \nBourse du Travail \n13 Avenue Amiral Collet \n83000 TOULON \nT\u00e9l : 06 85 04 53 18  \n \n \nUNSA \n \nRepr\u00e9sentant du \npersonnel \n \nBROUQUIERES \nBernard \nUnion D\u00e9partementale FO \n12 place Armand Vall\u00e9 \n83000 TOULON \nT\u00e9l : 04 94 93 49 77  \n \n \nFO \n \nEmploy\u00e9 \nDirection d\u00e9partementale de l'emploi, du travail et des solidarit\u00e9s du Var - 83-2025-03-31-00001 - ARRETE PREFECTORAL n\u00b0\nDDETS-SART-2025-021 du 31 mars 2025\nfixant la liste des personnes habilit\u00e9es \u00e0 assister un salari\u00e9 lors de l'entretien pr\u00e9alable \u00e0 son licenciement ou lors d'un ou plusieurs\nentretiens en vue de conclure une rupture\nconventionnelle\n7\n \n5 \n \n \nCACHOT Vincent 14 rue des Lanciers \n83170 BRIGNOLES \nT\u00e9l :06 41 40 93 51 \n \nNon syndiqu\u00e9 \n \nEn reconversion \n \nCANGOU FERDI \nT\u00e9f\u00e9ya \nUnion D\u00e9partementale FO \n12 place Armand Vall\u00e9 \n83000 TOULON \nT\u00e9l : 04 94 93 49 77  \n \nFO \n \nSecr\u00e9taire m\u00e9dicale \n \nCASALI Jean Pierre  \n \nCSN FORCES DE VENTE \n93, rue Elz\u00e9ar Jouveau \n83000 TOULON \nT\u00e9l : 06 09 51 37 84  \n \n \nCSN FORCES \nDE VENTE \n \nRetrait\u00e9 \n \nCHAAOUANE Ali \n \nUnion d\u00e9partementale UNSA \nBourse du Travail \n13 Avenue Amiral Collet \n83000 TOULON \nT\u00e9l : 06 85 04 53 18  \n \n \nUNSA \n \nEmploy\u00e9 \n \nCHABERT Marjorie Union D\u00e9partementale FO \n12 place Armand Vall\u00e9 \n83000 TOULON \nT\u00e9l : 04 94 93 49 77  \n \n \nFO \n \nAide m\u00e9dico \npsychologique \n \nCHRISMANT Herv\u00e9 Union D\u00e9partementale FO \n12 place Armand Vall\u00e9 \n83000 TOULON \nT\u00e9l : 04 94 93 49 77  \n \n \nFO \n \nChauffeur  \n \nCEGARRA Didier Union D\u00e9partementale CFDT \nBourse du Travail \nAvenue Amiral Collet \n83000 TOULON \nT\u00e9l : 04 94 92 72 59  \n \nCFDT \n \nPostier \n \nCHAIF Sofia \n \nUD CGT VAR \nBourse du Travail \n13 avenue Amiral Collet \n83000 TOULON \nT\u00e9l : 04 94 18 94 50  \n \n \nCGT \n \nResponsable logistique \n \n \nCHAINTREUIL \nDidier \n \nUnion D\u00e9partementale CFE CGC \nSquare du Docteur Bondil \nPorte d'Italie \n83000 TOULON \nT\u00e9l : 04 94 09 19 46 \n \nCFE CGC \n \nIng\u00e9nieur \nDirection d\u00e9partementale de l'emploi, du travail et des solidarit\u00e9s du Var - 83-2025-03-31-00001 - ARRETE PREFECTORAL n\u00b0\nDDETS-SART-2025-021 du 31 mars 2025\nfixant la liste des personnes habilit\u00e9es \u00e0 assister un salari\u00e9 lors de l'entretien pr\u00e9alable \u00e0 son licenciement ou lors d'un ou plusieurs\nentretiens en vue de conclure une rupture\nconventionnelle\n8\n \n6 \n \n \nCHATELET J\u00e9r\u00f4me  \n \nUnion D\u00e9partementale du Var \nCFTC \nBP 556 \n83056 TOULON CEDEX \nT\u00e9l : 06 84 80 15 00 \n \n \nCFTC \n \nEmploy\u00e9 de banque \n \nCHERAIFIA Rachid Union D\u00e9partementale du Var \nCFTC \nBP 556 \n83056 TOULON CEDEX \nT\u00e9l : 06 14 10 24 95 \n \nCFTC \n \nResponsable de \nservice \n \nCIPRIANI Sonia \n \nUD CGT VAR \nBourse du Travail \n13 avenue Amiral Collet \n83000 TOULON \nT\u00e9l : 04 94 18 94 50  \n \n \nCGT \n \nAgent propret\u00e9 \n \nCOMPAIN Herv\u00e9 \n \nUnion d\u00e9partementale UNSA \nBourse du Travail \n13 Avenue Amiral Collet \n83000 TOULON \nT\u00e9l : 06 85 04 53 18  \n \n \nUNSA \n \n \nTechnicien pr\u00e9parateur \n \ndu travail et logistique \n \n \n \nCORRO Myriam \n \nUD CGT VAR \nBourse du Travail \n13 avenue Amiral Collet \n83000 TOULON \nT\u00e9l : 04 94 18 94 50  \n \n \nCGT \n \nAuxiliaire de vie \n \nDALEN Georges Union D\u00e9partementale FO \n12 place Armand Vall\u00e9 \n83000 TOULON \nT\u00e9l : 04 94 93 49 77  \n \n \nFO \n \nEmploy\u00e9 \n \nDELVAUX \nChristophe \nUnion D\u00e9partementale CFDT \nBourse du Travail \nAvenue Amiral Collet \n83000 TOULON \nT\u00e9l : 04 94 92 72 59  \n \nCFDT \n \nEmploy\u00e9 \n \nDERRE Fr\u00e9d\u00e9ric \n \nUnion D\u00e9partementale du Var \nCFTC \nBP 556 \n83056 TOULON CEDEX \nT\u00e9l : 06 28 79 46 77 \n \n \nCFTC \n \nEmploy\u00e9 poste \nDirection d\u00e9partementale de l'emploi, du travail et des solidarit\u00e9s du Var - 83-2025-03-31-00001 - ARRETE PREFECTORAL n\u00b0\nDDETS-SART-2025-021 du 31 mars 2025\nfixant la liste des personnes habilit\u00e9es \u00e0 assister un salari\u00e9 lors de l'entretien pr\u00e9alable \u00e0 son licenciement ou lors d'un ou plusieurs\nentretiens en vue de conclure une rupture\nconventionnelle\n9\n \n7 \n \n \nDERRE Sarah \n \nUnion D\u00e9partementale du Var \nCFTC \nBP 556 \n83056 TOULON CEDEX \nT\u00e9l : 06 14 93 48 96 \n \n \nCFTC \n \n \nEmploy\u00e9e CPAM \n \nDEWOLF Svetlana Union D\u00e9partementale CFDT \nBourse du Travail \nAvenue Amiral Collet \n83000 TOULON \nT\u00e9l : 04 94 92 72 59  \n \nCFDT \n  \nRetrait\u00e9e \n \nDHO Joseph \n \nUnion D\u00e9partementale CFE CGC \nSquare du Docteur Bondil \nPorte d'Italie \n83000 TOULON \n \nT\u00e9l : 04 94 09 19 46 \n \n \nCFE CGC \n \nRetrait\u00e9 \n \nDOUSSEAU Eric \n \nUnion D\u00e9partementale du Var \nCFTC \nBP 556 \n83056 TOULON CEDEX \nT\u00e9l : 06 29 27 59 13 \n \n \nCFTC \n \nCadre \n \nELYAHIAOUI \nSmain \n \nUD CGT VAR \nBourse du Travail \n13 avenue Amiral Collet \n83000 TOULON \nT\u00e9l : 04 94 18 94 50  \n \n \nCGT \n \nOuvrier fili\u00e8re \n \nFERNANDEZ \nAntoine \n \n \n \nUnion D\u00e9partementale CFDT \nBourse du Travail \nAvenue Amiral Collet \n83000 TOULON \nT\u00e9l : 04 94 92 72 59  \n \nCFDT \n \nConseiller client\u00e8le \nprofessionnelle \n \nFERRERO Aur\u00e9lie \n \nUnion Syndicale Solidaires VAR \nCHI Fr\u00e9jus St Raphael \n240 av st>Lambert CS 90110 \n83608 FREJUS Cedex \nT\u00e9l : 06 69 02 39 21 \n \n \nSOLIDAIRES \n \nAgent hospitali\u00e8re \n \nFIORANI-\nMALATESTA \nSabine \nUnion D\u00e9partementale UNSA \nBourse du Travail \n13 Avenue Amiral Collet \n83000 TOULON \nT\u00e9l : 06 85 04 53 18 \n \nUNSA \n \n \nSecr\u00e9taire \nDirection d\u00e9partementale de l'emploi, du travail et des solidarit\u00e9s du Var - 83-2025-03-31-00001 - ARRETE PREFECTORAL n\u00b0\nDDETS-SART-2025-021 du 31 mars 2025\nfixant la liste des personnes habilit\u00e9es \u00e0 assister un salari\u00e9 lors de l'entretien pr\u00e9alable \u00e0 son licenciement ou lors d'un ou plusieurs\nentretiens en vue de conclure une rupture\nconventionnelle\n10\n \n8 \n \n \nFOSCHINO Marie Union D\u00e9partementale FO \n12 place Armand Vall\u00e9 \n83000 TOULON \nT\u00e9l : 04 94 93 49 77  \n \n \nFO \n \n \nCharg\u00e9 de relation \nentreprise \n \nGARCIA Thierry \n \nUD CGT VAR \nBourse du Travail \n13 avenue Amiral Collet \n83000 TOULON \nT\u00e9l : 04 94 18 94 50 \n \n \nCGT \n \nEmploy\u00e9 libre-service \n \nGARRET Gillian \n \nCSN FORCES DE VENTE \n93, rue Elz\u00e9ar Jouveau \n83000 TOULON \nT\u00e9l : 06 63 24 16 14  \n \n \nCSN \nFORCES DE \nVENTE \n \nVRP exclusif \n \nGEORGES Jean-\nClaude \n \nUnion d\u00e9partementale UNSA \nBourse du Travail \n13 Avenue Amiral Collet \n83000 TOULON \nT\u00e9l : 06 85 04 53 18  \n \n \n \nUNSA \n \n \nResponsable de \nmagasin \n \nGERMAIN Laurent \n \nUD CGT VAR \nBourse du Travail \n13 avenue Amiral Collet \n83000 TOULON \nT\u00e9l : 04 94 18 94 50  \n \n \nCGT \n \nEnseignant conduite \n \nGISBERT Elizabeth \n \nUnion d\u00e9partementale UNSA \nBourse du Travail \n13 Avenue Amiral Collet \n83000 TOULON \nT\u00e9l : 06 85 04 53 18  \n \n \nUNSA \n \nEmploy\u00e9e \n \nGLOAGUEN Henri Union D\u00e9partementale CFDT \nBourse du Travail \nAvenue Amiral Collet \n83000 TOULON \nT\u00e9l : 04 94 92 72 59  \n \nCFDT \n \nChauffeur grutier \n \nGODES \u00c9ric \n \nCSN FORCES DE VENTE \n93, rue Elz\u00e9ar Jouveau \n83000 TOULON \nT\u00e9l : 06 20 43 50 07 \n \nCSN \nFORCES DE \nVENTE \n \nCommercial itin\u00e9rant \nDirection d\u00e9partementale de l'emploi, du travail et des solidarit\u00e9s du Var - 83-2025-03-31-00001 - ARRETE PREFECTORAL n\u00b0\nDDETS-SART-2025-021 du 31 mars 2025\nfixant la liste des personnes habilit\u00e9es \u00e0 assister un salari\u00e9 lors de l'entretien pr\u00e9alable \u00e0 son licenciement ou lors d'un ou plusieurs\nentretiens en vue de conclure une rupture\nconventionnelle\n11\n \n9 \n \n \nGOLETTO Olivier \n \nUnion D\u00e9partementale CFE CGC \nSquare du Docteur Bondil \nPorte d'Italie \n83000 TOULON \nT\u00e9l : 04 94 09 19 46 \n \n \nCFE/CGC \n \nResponsable de \nmarche \n \nGOMIS Lys \n \nUnion d\u00e9partementale UNSA \nBourse du Travail \n13 Avenue Amiral Collet \n83000 TOULON \nT\u00e9l : 06 85 04 53 18  \n \n \nUNSA \n \nEmploy\u00e9e \n \nGONCALVES Jos\u00e9 \n \nUnion D\u00e9partementale du Var \nCFTC \nBP 556 \n83056 TOULON CEDEX \nT\u00e9l : 06 50 60 07 49 \n \n \nCFTC \n \nAgent de ma\u00eetrise \n \n \nGRAMONT Jo\u00ebl \n \nUnion D\u00e9partementale CFE CGC \nSquare du Docteur Bondil \nPorte d'Italie \n83000 TOULON \nT\u00e9l : 04 94 09 19 46 \n \n \nCFE/CGC \n \nSecond de rayon \n \nGRAZIANI Jean \nMarie \nUnion D\u00e9partementale FO \n12 place Armand Vall\u00e9 \n83000 TOULON \nT\u00e9l : 04 94 93 49 77  \n \n \nFO \n \nChef d'\u00e9quipe \n \nGUILLOMEAU \nPascale \nUnion D\u00e9partementale CFDT \nBourse du Travail \nAvenue Amiral Collet \n83000 TOULON \nT\u00e9l : 04 94 92 72 59  \n \nCFDT \n \nAmbassadrice AUDI \n \nGUILLOY Patrice \n \nUnion d\u00e9partementale UNSA \nBourse du Travail \n13 Avenue Amiral Collet \n83000 TOULON \nT\u00e9l : 06 85 04 53 18  \n \n \nUNSA \n \nEmploy\u00e9 \n \nGUYOT Thierry \n \nUnion D\u00e9partementale CFDT \nBourse du Travail \nAvenue Amiral Collet \n83000 TOULON \nT\u00e9l : 04 94 92 72 59 \n \n \nCFDT \n \nEmploy\u00e9 \n \nDirection d\u00e9partementale de l'emploi, du travail et des solidarit\u00e9s du Var - 83-2025-03-31-00001 - ARRETE PREFECTORAL n\u00b0\nDDETS-SART-2025-021 du 31 mars 2025\nfixant la liste des personnes habilit\u00e9es \u00e0 assister un salari\u00e9 lors de l'entretien pr\u00e9alable \u00e0 son licenciement ou lors d'un ou plusieurs\nentretiens en vue de conclure une rupture\nconventionnelle\n12\n \n10 \n \n \nHATIER David UD CGT VAR \nBourse du Travail \n13 avenue Amiral Collet \n83000 TOULON \nT\u00e9l : 04 94 18 94 50  \n \nCGT \n \nChauffeur PL \n \nHEURTIER \nSt\u00e9phane \nUnion D\u00e9partementale FO \n12 place Armand Vall\u00e9 \n83000 TOULON \nT\u00e9l : 04 94 93 49 77  \n \n \nFO \n \nConseiller technique \nOrange \n \nHONORAT Karine Union D\u00e9partementale FO \n12 place Armand Vall\u00e9 \n83000 TOULON \nT\u00e9l : 04 94 93 49 77  \n \n \nFO \n \nEmploy\u00e9e \n \nJOURDI Karim UD CGT VAR \nBourse du Travail \n13 avenue Amiral Collet \n83000 TOULON \nT\u00e9l : 04 94 18 94 50  \n \nCGT \n \nResponsable secteur \nlogistique \n \nKLINK Cathie UD CGT VAR \nBourse du Travail \n13 avenue Amiral Collet \n83000 TOULON \nT\u00e9l : 04 94 18 94 50  \n \nCGT \n \nMonitrice \u00e9ducatrice \n \nLABITA Laura \n \nUD CGT VAR \nBourse du Travail \n13 avenue Amiral Collet \n83000 TOULON \nT\u00e9l : 04 94 18 94 50  \n \n \nCGT \n \nEmploy\u00e9 polyvalente \n \nLACOUR \nChristophe \n \nUnion D\u00e9partementale CFE CGC \nSquare du Docteur Bondil \nPorte d'Italie \n83000 TOULON \nT\u00e9l : 04 94 09 19 46 \n \n \nCFE/CGC \n \nDirection client \n \nLAGACHE C\u00e9line \n \nUD CGT VAR \nBourse du Travail \n13 avenue Amiral Collet \n83000 TOULON \nT\u00e9l : 04 94 18 94 50  \n \n \nCGT \n \nAgent s\u00e9curit\u00e9 incendie \n \nDirection d\u00e9partementale de l'emploi, du travail et des solidarit\u00e9s du Var - 83-2025-03-31-00001 - ARRETE PREFECTORAL n\u00b0\nDDETS-SART-2025-021 du 31 mars 2025\nfixant la liste des personnes habilit\u00e9es \u00e0 assister un salari\u00e9 lors de l'entretien pr\u00e9alable \u00e0 son licenciement ou lors d'un ou plusieurs\nentretiens en vue de conclure une rupture\nconventionnelle\n13\n \n11 \n \n \nLASSIALE Fr\u00e9d\u00e9ric  Union D\u00e9partementale du Var \nCFTC \nBP 556 \n83056 TOULON CEDEX \nT\u00e9l : 06 80 30 14 40  \n \nCFTC \n \nInformaticien \n \nLE BAS Michelle Union D\u00e9partementale CFDT \nBourse du Travail \nAvenue Amiral Collet \n83000 TOULON \nT\u00e9l : 04 94 92 72 59  \n \nCFDT \nFormatrice  \n\u00e9cole de la banque et \ndu r\u00e9seau \n \nLEFEVRE Olivier \n \nUD CGT VAR \nBourse du Travail \n13 avenue Amiral Collet \n83000 TOULON \nT\u00e9l : 04 94 18 94 50  \n \n \nCGT \n \nCadre distributeur \ncourrier \n \nLE GUEN \nSt\u00e9phanie \n \nUnion Syndicale Solidaires VAR \n\u00ab La Luciole \u00bb \n36, rue Emile Vincent \n83000 TOULON \nT\u00e9l : 06 60 96 30 85 \n \n \nSOLIDAIRES \n \nAgent courrier \n \nLEMAIRE Aur\u00e9lie \n \nUD CGT VAR \nBourse du Travail \n13 avenue Amiral Collet \n83000 TOULON \nT\u00e9l : 04 94 18 94 50  \n \n \nCGT \n \nSans emploi \n \nLEMARCHAND \nS\u00e9bastien \n \nUD CGT VAR \nBourse du Travail \n13 avenue Amiral Collet \n83000 TOULON \nT\u00e9l : 04 94 18 94 50  \n \n \nCGT \n \nChauffeur poids lourds \n \nLEROUX PATRICE \n \nUD CGT VAR \nBourse du Travail \n13 avenue Amiral Collet \n83000 TOULON \nT\u00e9l : 04 94 18 94 50  \n \n \nCGT \n \n \nAgent de s\u00e9curit\u00e9 \n \n \nLETOURNEAU \nChristophe \nUnion D\u00e9partementale CFDT \nBourse du Travail \nAvenue Amiral Collet \n83000 TOULON \nT\u00e9l : 04 94 92 72 59  \n \nCFDT \n \nCadre m\u00e9tallurgie \nDirection d\u00e9partementale de l'emploi, du travail et des solidarit\u00e9s du Var - 83-2025-03-31-00001 - ARRETE PREFECTORAL n\u00b0\nDDETS-SART-2025-021 du 31 mars 2025\nfixant la liste des personnes habilit\u00e9es \u00e0 assister un salari\u00e9 lors de l'entretien pr\u00e9alable \u00e0 son licenciement ou lors d'un ou plusieurs\nentretiens en vue de conclure une rupture\nconventionnelle\n14\n \n12 \n \n \nLEVANT Renaud Union D\u00e9partementale CFDT \nBourse du Travail \nAvenue Amiral Collet \n83000 TOULON \nT\u00e9l : 04 94 92 72 59  \n \nCFDT \n \n \nConsultant \n \nLEVEAU  Thierry Union D\u00e9partementale du Var \nCFTC \nBP 556 \n83056 TOULON CEDEX \nT\u00e9l : 06 18 91 73 20 \n \nCFTC \n \nTechnicien charg\u00e9 \nd'\u00e9tudes \ntechnologiques \n \nLEVIER Christophe \n \nUnion D\u00e9partementale CFDT \nBourse du Travail \nAvenue Amiral Collet \n83000 TOULON \nT\u00e9l : 04 94 92 72 59 \n \n \nCFDT \n \nEmploy\u00e9 \n \nLOPEZ Janie Union D\u00e9partementale FO \n12 place Armand Vall\u00e9 \n83000 TOULON \nT\u00e9l : 04 94 93 49 77  \n \n \nFO \n \nVendeuse \n \nLORIN Wilfried \n \nUD CGT VAR \nBourse du Travail \n13 avenue Amiral Collet \n83000 TOULON \nT\u00e9l : 04 94 18 94 50  \n \n \nCGT \n \nM\u00e9canicien naval \n \nMALLET \nChristophe \n \n \n \n \nUnion D\u00e9partementale du Var \nCFTC \nBP 556 \n83056 TOULON CEDEX \nT\u00e9l : 06 63 75 75 44 \n \nCFTC \n \nCadre \n \nMAMY Jean-Nicot \n \nUD CGT VAR \nBourse du Travail \n13 avenue Amiral Collet \n83000 TOULON \nT\u00e9l : 04 94 18 94 50  \n \n \nCGT \n \nResponsable logistique \n \n \nMANTEL SOTO \nH\u00e9l\u00e8ne \n \nUnion d\u00e9partementale UNSA \nBourse du Travail \n13 Avenue Amiral Collet \n83000 TOULON \nT\u00e9l \n: 06 85 04 53 18  \n \nUNSA \n \nSecr\u00e9taire \nDirection d\u00e9partementale de l'emploi, du travail et des solidarit\u00e9s du Var - 83-2025-03-31-00001 - ARRETE PREFECTORAL n\u00b0\nDDETS-SART-2025-021 du 31 mars 2025\nfixant la liste des personnes habilit\u00e9es \u00e0 assister un salari\u00e9 lors de l'entretien pr\u00e9alable \u00e0 son licenciement ou lors d'un ou plusieurs\nentretiens en vue de conclure une rupture\nconventionnelle\n15\n \n13 \n \n \nMARIACCIA Eric  \n67, rue Jules Ferry \n83100 TOULON \nT\u00e9l : 06 26 91 27 12  \n \n \nNon syndiqu\u00e9 \n \n \nGestionnaire de \ncomptes \n \nMARTIN Sarah \n \nUD CGT VAR \nBourse du Travail \n13 avenue Amiral Collet \n83000 TOULON \nT\u00e9l : 04 94 18 94 50  \n \n \nCGT \n \nEducatrice \n \nMIVIELLE Jean-\nPierre \nCSN FORCES DE VENTE \n93, rue Elz\u00e9ar Jouveau \n83000 TOULON \nT\u00e9l : 06 81 63 31 10  \n \nCSN FORCES \nDE VENTE \n \nRetrait\u00e9 \n \nMODENA Ludovic Union D\u00e9partementale CFDT \nBourse du Travail \nAvenue Amiral Collet \n83000 TOULON \nT\u00e9l : 04 94 92 72 59  \n \nCFDT \n \nCadre \nresponsable de rayon \n \nMOKRANE Amar  Union D\u00e9partementale du Var \nCFTC \nBP 556 \n83056 TOULON CEDEX \nT\u00e9l : 06 50 35 73 95  \n \nCFTC \n \nTechnicien \n \n \n \n \nMORIN Jean-Marc Union D\u00e9partementale CFDT \nBourse du Travail \nAvenue Amiral Collet \n83000 TOULON \nT\u00e9l : 04 94 92 72 59  \n \nCFDT \n \nAssistant \napprovisionnement \n \nNADEAU Patrick Union D\u00e9partementale FO \n12 place Armand Vall\u00e9 \n83000 TOULON \nT\u00e9l : 04 94 93 49 77  \n \n \nFO \n \nRetrait\u00e9 \n \nNAUD Haouaria Union D\u00e9partementale FO \n12 place Armand Vall\u00e9 \n83000 TOULON \nT\u00e9l : 04 94 93 49 77  \n \n \nFO \n  \nA.E.S. \n \nNEWITECKI Karine Union D\u00e9partementale FO \n12 place Armand Vall\u00e9 \n83000 TOULON \nT\u00e9l : 04 94 93 49 77  \n \n \nFO \n \nResponsable p\u00f4le \npr\u00e9carit\u00e9 \nDirection d\u00e9partementale de l'emploi, du travail et des solidarit\u00e9s du Var - 83-2025-03-31-00001 - ARRETE PREFECTORAL n\u00b0\nDDETS-SART-2025-021 du 31 mars 2025\nfixant la liste des personnes habilit\u00e9es \u00e0 assister un salari\u00e9 lors de l'entretien pr\u00e9alable \u00e0 son licenciement ou lors d'un ou plusieurs\nentretiens en vue de conclure une rupture\nconventionnelle\n16\n \n14 \n \n \nNORMAND Oliver Union D\u00e9partementale FO \n12 place Armand Vall\u00e9 \n83000 TOULON \nT\u00e9l : 04 94 93 49 77  \n \n \nFO \n \nChauffeur Poids \nLourds \n \nOZINSKY Willy \n \nUnion d\u00e9partementale UNSA \nBourse du Travail \n13 Avenue Amiral Collet \n83000 TOULON \nT\u00e9l : 06 85 04 53 18  \n \n \nUNSA \n \nConducteur de bus \n \nPAVESE La\u00ebtitia \n83340 Le Cannet des Maures \nT\u00e9l: 06 14 69 39 76 \n \nNon syndiqu\u00e9e  \n \n \nAssistante RH \n \nPEREZ Isabelle UD CGT VAR \nBourse du Travail \n13 avenue Amiral Collet \n83000 TOULON \nT\u00e9l : 04 94 18 94 50 \n \nCGT \n \nEducatrice \n \nPERRET Lucie \n \nUD CGT VAR \nBourse du Travail \n13 avenue Amiral Collet \n83000 TOULON \nT\u00e9l : 04 94 18 94 50  \n \n \nCGT \n \nSurveillante de nuit \n \nPERRIER Fran\u00e7ois Union D\u00e9partementale FO \n12 place Armand Vall\u00e9 \n83000 TOULON \nT\u00e9l : 04 94 93 49 77  \n \n \nFO \n \nCroupier \n \nPICON \nNOELR\u00e9gine \n \nUnion d\u00e9partementale UNSA \nBourse du Travail \n13 Avenue Amiral Collet \n83000 TOULON \nT\u00e9l : 06 85 04 53 18  \n \n \nUNSA \n \nRetrait\u00e9e \n \nPITAVAL Cyril \n \nUD CGT VAR \nBourse du Travail \n13 avenue Amiral Collet \n83000 TOULON \nT\u00e9l : 04 94 18 94 50  \n \n \nCGT \n \nEducateur \nDirection d\u00e9partementale de l'emploi, du travail et des solidarit\u00e9s du Var - 83-2025-03-31-00001 - ARRETE PREFECTORAL n\u00b0\nDDETS-SART-2025-021 du 31 mars 2025\nfixant la liste des personnes habilit\u00e9es \u00e0 assister un salari\u00e9 lors de l'entretien pr\u00e9alable \u00e0 son licenciement ou lors d'un ou plusieurs\nentretiens en vue de conclure une rupture\nconventionnelle\n17\n \n15 \n \n \nPONS Francisca Union D\u00e9partementale CFDT \nBourse du Travail \nAvenue Amiral Collet \n83000 TOULON \nT\u00e9l : 04.94.92.72.59 \n \nCFDT \n \nSecr\u00e9taire comptable \n \nPRATI C\u00e9line \n \nUnion D\u00e9partementale du Var \nCFTC \nBP 556 \n83056 TOULON CEDEX \nT\u00e9l : 06 78 87 89 69 \n \nCFTC \n \nCadre CAF \n \nPROTAIS Jean-\nMarc \nUnion D\u00e9partementale CFDT \nBourse du Travail \nAvenue Amiral Collet \n83000 TOULON \nT\u00e9l : 04 94 92 72 59  \n \nCFDT \n \nCharg\u00e9 de client\u00e8le la \nPoste \n \nRAFAEL Jean-\nPhilippe \nUnion D\u00e9partementale CFDT \nBourse du Travail \nAvenue Amiral Collet \n83000 TOULON \nT\u00e9l : 04 94 92 72 59  \n \nCFDT \n \nPostier \n \nRICHY Damien Union D\u00e9partementale FO \n12 place Armand Vall\u00e9 \n83000 TOULON \nT\u00e9l : 04 94 93 49 77  \n \n \nFO \n \nCouvreur zingueur \n \nRIMONT CAZES \nAnnie \nUnion D\u00e9partementale FO \n12 place Armand Vall\u00e9 \n83000 TOULON \nT\u00e9l : 04 94 93 49 77  \n \n \nFO \n \nAide-soignante \n \nROCHAT Lucile \n \nUnion D\u00e9partementale CFE CGC \nSquare du Docteur Bondil \nPorte d'Italie \n83000 TOULON \nT\u00e9l : 04 94 09 19 46 \n \n \nCFE CGC \n \nDi\u00e9t\u00e9ticienne \nROMARY Nicolas  Union D\u00e9partementale FO \n12 place Armand Vall\u00e9 \n83000 TOULON \nT\u00e9l : 04 94 93 49 77  \n \n \nFO \n \nTechnicien \ninformatique \n \nROMDHANI Linda \nCSN FORCES DE VENTE \n99 rue Elz\u00e9ard Jouveau \n83000 TOULON \nT\u00e9l : 06 88 33 56 11  \n \n \n \nCSN FORCES \nDE VENTE \n \nCommerciale itin\u00e9rante \n \nDirection d\u00e9partementale de l'emploi, du travail et des solidarit\u00e9s du Var - 83-2025-03-31-00001 - ARRETE PREFECTORAL n\u00b0\nDDETS-SART-2025-021 du 31 mars 2025\nfixant la liste des personnes habilit\u00e9es \u00e0 assister un salari\u00e9 lors de l'entretien pr\u00e9alable \u00e0 son licenciement ou lors d'un ou plusieurs\nentretiens en vue de conclure une rupture\nconventionnelle\n18\n \n16 \n \n \nROSAY Olivier \n \nUnion Syndicale Solidaires VAR \n\u00ab La Luciole \u00bb \n36, rue Emile Vincent \n83000 TOULON \nT\u00e9l : 06 79 75 41 84 \n \n \nSOLIDAIRES \n \nAgent courrier \u00e0 \nLa Poste \n \n \nROUSSEL-FAR \nLaetitia \n \nUD CGT VAR \nBourse du Travail \n13 avenue Amiral Collet \n83000 TOULON \nT\u00e9l : 04 94 18 94 50  \n \n \nCGT \n \nAssistante sociale \n \nRUSSO S\u00e9verine Union D\u00e9partementale FO \n12 place Armand Vall\u00e9 \n83000 TOULON \nT\u00e9l : 04 94 93 49 77  \n \n \nFO \n \nAide-soignante \n \nSALANDINI Paul \nUD CGT VAR \nBourse du Travail \n13 avenue Amiral Collet \n83000 TOULON \nT\u00e9l : 04 94 18 94 50  \n \n \nCGT \n \nEmploy\u00e9 commercial \n \nSALIES Guillaume \n \nCSN FORCES DE VENTE \n93, rue Elz\u00e9ar Jouveau \n83000 TOULON \nT\u00e9l : \"06 51 06 88 54  \n \nCSN FORCE \nDE VENTE \n \nVRP \n \nSALERNO Thierry \n \nUD CGT VAR \nBourse du Travail \n13 avenue Amiral Collet \n83000 TOULON \nT\u00e9l : 04 94 18 94 50  \n \n \nCGT \n \nChef de mouvement \n \nSAUZEDE Marie-\nTh\u00e9r\u00e8se \nUD CGT VAR \nBourse du Travail \n13 avenue Amiral Collet \n83000 TOULON \nT\u00e9l : 04 94 18 94 50  \n \nCGT \n \nRetrait\u00e9e \n \nSAVELLI Cyprien \n \nUnion D\u00e9partementale CFDT \nBourse du Travail \nAvenue Amiral Collet \n83000 TOULON \nT\u00e9l : 04 94 92 72 59  \n \n \nCFDT \nConducteur poids \nlourds V\u00e9olia \nDirection d\u00e9partementale de l'emploi, du travail et des solidarit\u00e9s du Var - 83-2025-03-31-00001 - ARRETE PREFECTORAL n\u00b0\nDDETS-SART-2025-021 du 31 mars 2025\nfixant la liste des personnes habilit\u00e9es \u00e0 assister un salari\u00e9 lors de l'entretien pr\u00e9alable \u00e0 son licenciement ou lors d'un ou plusieurs\nentretiens en vue de conclure une rupture\nconventionnelle\n19\n \n17 \n \n \nSAVELLI Anthony Union D\u00e9partementale CFDT \nBourse du Travail \nAvenue Amiral Collet \n83000 TOULON \nT\u00e9l : 04 94 92 72 59  \n \nCFTD \n \nConducteur poids \nlourds V\u00e9olia \n \nSCHINETTI \nSt\u00e9phane \nUnion D\u00e9partementale FO \n12 place Armand Vall\u00e9 \n83000 TOULON \nT\u00e9l : 04 94 93 49 77  \n \n \nFO \n \nChauffeur livreur \n \nSCHMIDT \nDominique \nUnion D\u00e9partementale FO \n12 place Armand Vall\u00e9 \n83000 TOULON \nT\u00e9l : 04 94 93 49 77  \n \n \nFO \n \nAgent assurance \n \nSCHMITT Eric \n \nUnion D\u00e9partementale du Var \nCFTC \nBP 556 \n83056 TOULON CEDEX \nT\u00e9l : 06 69 96 52 19  \n \n \nCFTC \n \nFacteur Qualifi\u00e9 \n \nSEGUIN Steeven UD CGT VAR \nBourse du Travail \n13 avenue Amiral Collet \n83000 TOULON \nT\u00e9l : 04 94 18 94 50 \n \nCGT \n \nEmploy\u00e9 commercial \n \nSIMOU Fran\u00e7ois \n \nUD CGT VAR \nBourse du Travail \n13 avenue Amiral Collet \n83000 TOULON \nT\u00e9l : 04 94 18 94 50 \n \n \nCGT \n \nFormateur PL \n \nSMAILI Djemel Union D\u00e9partementale FO \n12 place Armand Vall\u00e9 \n83000 TOULON \nT\u00e9l : 04 94 93 49 77  \n \n \nFO \n \nBoulanger \n \nSCHNEIDER \nTh\u00e9r\u00e8se \nUnion D\u00e9partementale FO \n12 place Armand Vall\u00e9 \n83000 TOULON \nT\u00e9l : 04 94 93 49 77  \n \n \nFO \n \nConseill\u00e8re de vente \n \nSPAZIANO Philippe  Union D\u00e9partementale FO \n12 place Armand Vall\u00e9 \n83000 TOULON \nT\u00e9l : 04 94 93 49 77  \n \n \nFO \n \nAdministrateur \nSyst\u00e9me \nDirection d\u00e9partementale de l'emploi, du travail et des solidarit\u00e9s du Var - 83-2025-03-31-00001 - ARRETE PREFECTORAL n\u00b0\nDDETS-SART-2025-021 du 31 mars 2025\nfixant la liste des personnes habilit\u00e9es \u00e0 assister un salari\u00e9 lors de l'entretien pr\u00e9alable \u00e0 son licenciement ou lors d'un ou plusieurs\nentretiens en vue de conclure une rupture\nconventionnelle\n20\n \n18 \n \n \nSTALENQ \nGenevi\u00e8ve \n122 rue Rudolf Diesel \nEsterel center \n83600 FREJUS \nT\u00e9l : 06 62 04 92 41 \n \n \nNon syndiqu\u00e9e \n \n \n \n \nRetrait\u00e9e \n \nTAILLOT Julien Union D\u00e9partementale CFDT \nBourse du Travail \nAvenue Amiral Collet \n83000 TOULON \nT\u00e9l : 04 94 92 72 59  \n \nCFDT \n \nFacteur \n \nTAIMIOT Laurent \n \nUD CGT VAR \nBourse du Travail \n13 avenue Amiral Collet \n83000 TOULON \nT\u00e9l : 04 94 18 94 50  \n \n \nCGT \n \nResponsable logistique \n \n \nTANOUTI Zarguit \nSabah \nUnion D\u00e9partementale FO \n12 place Armand Vall\u00e9 \n83000 TOULON \nT\u00e9l : 04 94 93 49 77  \n \n \nFO \nConseiller en insertion \nprofessionnelle \n \nTASEGURT Aisha \n28 rue de l'Esterel \n83600 FREJUS \n \nNon syndiqu\u00e9e  \n \nInscrite chez France \nTravail \n \nTATOUAT Murielle \n  \nUD CGT VAR \nBourse du Travail \n13 avenue Amiral Collet \n83000 TOULON \nT\u00e9l : 04 94 18 94 50  \n \n \nCGT \n \nAide sociale \n \nTHELY Jeanne \n \nUnion d\u00e9partementale UNSA \nBourse du Travail \n13 Avenue Amiral Collet \n83000 TOULON \nT\u00e9l : 06 85 04 53 18  \n \n \nUNSA \n \nEmploy\u00e9e \n \nTHILLEROT \nLaurent \nUnion D\u00e9partementale CFDT \nBourse du Travail \nAvenue Amiral Collet \n83000 TOULON \nT\u00e9l : 04 94 92 72 59  \n \nCFDT \n \n \nConducteur de bus \nDirection d\u00e9partementale de l'emploi, du travail et des solidarit\u00e9s du Var - 83-2025-03-31-00001 - ARRETE PREFECTORAL n\u00b0\nDDETS-SART-2025-021 du 31 mars 2025\nfixant la liste des personnes habilit\u00e9es \u00e0 assister un salari\u00e9 lors de l'entretien pr\u00e9alable \u00e0 son licenciement ou lors d'un ou plusieurs\nentretiens en vue de conclure une rupture\nconventionnelle\n21\n \n19 \n \n \nTERMINI Thierry UD CGT VAR \nBourse du Travail \n13 avenue Amiral Collet \n83000 TOULON \nT\u00e9l : 04 94 18 94 50  \n \nCGT \n \nOp\u00e9rateur vid\u00e9o \nsurveillance \n \nTHERNARD \nMurielle \n \nUnion D\u00e9partementale CFE CGC \nSquare du Docteur Bondil \nPorte d'Italie \n83000 TOULON \nT\u00e9l : 04 94 09 19 46 \n \n \nCFE/CGC \n \nFormatrice CSE \n \nVALADE \nEmmanuel \n \nUD CGT VAR \nBourse du Travail \n13 avenue Amiral Collet \n83000 TOULON \nT\u00e9l : 04 94 18 94 50  \n \n \nCGT \n \nDirecteur de magasin \n \nVALLENET Anne-\nLaure \nUnion D\u00e9partementale FO \n12 place Armand Vall\u00e9 \n83000 TOULON \nT\u00e9l : 04 94 93 49 77  \n \n \nFO \n \nEmploy\u00e9e \n \nVENEZIA Eric \n \nUnion D\u00e9partementale du Var \nCFTC \nBP 556 \n83056 TOULON CEDEX \n                T\u00e9l : 06 11 46 12 46 \n \n \nCFTC \n \nChanteur op\u00e9ra \n \nVINDIOLLET \nSt\u00e9phanie \nUnion D\u00e9partementale FO \n12 place Armand Vall\u00e9 \n83000 TOULON \nT\u00e9l : 04 94 93 49 77  \n \n \nFO \n \nAgent Orange \n \nWENDING Laurent \n \nUnion d\u00e9partementale UNSA \nBourse du Travail \n13 Avenue Amiral Collet \n83000 TOULON \nT\u00e9l : 06 85 04 53 18  \n \n \nUNSA \n \nCommercial \n \nYANGA Emmanuel \n \nUnion d\u00e9partementale UNSA \nBourse du Travail \n13 Avenue Amiral Collet \n83000 TOULON \nT\u00e9l : 06 85 04 53 18  \n \n \n \nUNSA \n \nConducteur receveur \nDirection d\u00e9partementale de l'emploi, du travail et des solidarit\u00e9s du Var - 83-2025-03-31-00001 - ARRETE PREFECTORAL n\u00b0\nDDETS-SART-2025-021 du 31 mars 2025\nfixant la liste des personnes habilit\u00e9es \u00e0 assister un salari\u00e9 lors de l'entretien pr\u00e9alable \u00e0 son licenciement ou lors d'un ou plusieurs\nentretiens en vue de conclure une rupture\nconventionnelle\n22\n \n20 \n \n \nZIZZO Claude \nUnion D\u00e9partementale CFE CGC \nSquare du Docteur Bondil \nPorte d'Italie \n83000 TOULON \nT\u00e9l : 04 94 09 19 46 \n \n \nCFE/CGC \n \nResponsable logistique \n \n \nZORGANE Omar \n \nUD CGT VAR \nBourse du Travail \n13 avenue Amiral Collet \n83000 TOULON \nT\u00e9l : 04 94 18 94 50  \n \n \nCGT \n \nChauffeur grue \nauxiliaire \n \n \nArticle 2  : La dur\u00e9e du mandat de ces personnes est de trois ans \u00e0 compter du 1 \ner  avril 2025. \n \nArticle 3  : Leur mission, permanente, s'exerce exclusivement dans le d\u00e9partement du Var et ouvre droit \nau remboursement des frais de d\u00e9placement qu'elle occasionne dans ce d\u00e9partement. \n \nArticle 4  : la directrice d\u00e9partementale de l'emploi, du travail et des solidarit\u00e9s du Var est charg\u00e9e de \nl'ex\u00e9cution du pr\u00e9sent arr\u00eat\u00e9 qui sera publi\u00e9 au recueil des actes administratifs de la pr\u00e9fecture du Var. \n \nArticle 5  : La liste fix\u00e9e \u00e0 l'article 1 \ner  ci-dessus sera tenue \u00e0 la disposition des salari\u00e9s concern\u00e9s dans \nchaque section d'inspection du travail et dans chaque mairie du d\u00e9partement. \n \n \n \n Fait \u00e0 Toulon, le 31 mars 2025 \n \n \n \nPour le Pr\u00e9fet et par d\u00e9l\u00e9gation \nLa directrice d\u00e9partementale de l'emploi, du travail et \ndes solidarit\u00e9s du Var \n \n \nSign\u00e9 \n \nSandrine POLYCHRONOPOULOS \nDirection d\u00e9partementale de l'emploi, du travail et des solidarit\u00e9s du Var - 83-2025-03-31-00001 - ARRETE PREFECTORAL n\u00b0\nDDETS-SART-2025-021 du 31 mars 2025\nfixant la liste des personnes habilit\u00e9es \u00e0 assister un salari\u00e9 lors de l'entretien pr\u00e9alable \u00e0 son licenciement ou lors d'un ou plusieurs\nentretiens en vue de conclure une rupture\nconventionnelle\n23\nDirection d\u00e9partementale des territoires et de la\nmer du Var\n83-2025-03-28-00003\nARR\u00caT\u00c9 PR\u00c9FECTORAL n\u00b0 DDTM/SEBIO/2025-51\ndu 28 mars 2025\nportant d\u00e9rogation \u00e0 la capture ou l'enl\u00e8vement\net la perturbation intentionnelle\nde sp\u00e9cimens d'esp\u00e8ces animales prot\u00e9g\u00e9es\nd\u00e9finie \u00e0 l'article 4 du L.411-2 du Code de\nl'Environnement\nau b\u00e9n\u00e9fice du bureau d'\u00e9tudes ENCIS\nEnvironnement\npour proc\u00e9der ou faire proc\u00e9der\nsur la commune de Cogolin\nlieu-dit Domaine \u00ab\u00a0La Ch\u00eaneraie\u00a0\u00bb\n\u00e0 la capture temporaire avec rel\u00e2cher imm\u00e9diat\nsur place de\nTortue d'Hermann - Testudo hermanni (Gmelin,\n1789)\npour la p\u00e9riode allant du 01 avril au 30 juin 2025\ninclus.\nDirection d\u00e9partementale des territoires et de la mer du Var - 83-2025-03-28-00003 - ARR\u00caT\u00c9 PR\u00c9FECTORAL n\u00b0 DDTM/SEBIO/2025-51\ndu 28 mars 2025\nportant d\u00e9rogation \u00e0 la capture ou l'enl\u00e8vement et la perturbation intentionnelle\nde sp\u00e9cimens d'esp\u00e8ces animales prot\u00e9g\u00e9es\nd\u00e9finie \u00e0 l'article 4 du L.411-2 du Code de l'Environnement\nau b\u00e9n\u00e9fice du bureau d'\u00e9tudes ENCIS Environnement\npour proc\u00e9der ou faire proc\u00e9der\nsur la commune de Cogolin\nlieu-dit Domaine \u00ab\u00a0La Ch\u00eaneraie\u00a0\u00bb\n\u00e0 la capture temporaire avec rel\u00e2cher imm\u00e9diat sur place de\nTortue d'Hermann - Testudo hermanni (Gmelin, 1789)\npour la p\u00e9riode allant du 01 avril au 30 juin 2025 inclus.\n24\n=mPREFETDU VARLibert\u00e9Egalit\u00e9Fraternit\u00e9\nARR\u00caT\u00c9 PR\u00c9FECTORAL n\u00b0 DDTM/SEBIO/2025-51 du 28 mars 2025\nportant d\u00e9rogation \u00e0 la capture ou l'enl\u00e8vement et la perturbation intentionnelle\nde sp\u00e9cimens d'esp\u00e8ces animales prot\u00e9g\u00e9es\nd\u00e9finie \u00e0 l'article 4 du L.411-2 du Code de l'Environnement\nau b\u00e9n\u00e9fice du bureau d'\u00e9tudes ENCIS Environnement\npour proc\u00e9der ou faire proc\u00e9der\nsur la commune de Cogolin\nlieu-dit Domaine \u00ab La Ch\u00eaneraie \u00bb\n\u00e0 la capture temporaire avec rel\u00e2cher imm\u00e9diat sur place de\nTortue d'Hermann - Testudo hermanni (Gmelin, 1789)\npour la p\u00e9riode allant du 01 avril au 30 juin 2025 inclus.\nLe pr\u00e9fet du Var,\nVU  la  directive  europ\u00e9enne  n\u00b092/43/CEE  du  Conseil  du  21  mai  1992  concernant  la \nconservation des habitats naturels ainsi que de la faune et de la flore sauvages ;\nVU la loi n\u00b02002-276 du 27 f\u00e9vrier 2002 relative \u00e0 la d\u00e9mocratie de proximit\u00e9, et notamment  \nson article 109 ;\nVU  la  loi  n\u00b02012-1460  du  27  d\u00e9cembre  2012  relative  \u00e0  la  mise  en  \u0153uvre  du  principe  de \nparticipation du public d\u00e9fini \u00e0 l'article 7 de la charte de l'environnement ;\nVU le d\u00e9cret n\u00b02004-374 du 29 avril 2004, relatif aux pouvoirs des pr\u00e9fets, \u00e0 l'organisation et \u00e0 \nl'action  des  services  de  l'\u00c9tat  dans  les  r\u00e9gions  et  les  d\u00e9partements,  et  notamment  son \narticle 11 ;\nVU  le  d\u00e9cret  du  Pr\u00e9sident  de  la  R\u00e9publique  du  13  juillet  2023  portant  nomination  de \nM. Philippe MAH\u00c9, en qualit\u00e9 de pr\u00e9fet du Var ;\nVU le code de l'environnement, notamment ses articles L.411-1 \u00e0 L.411-3 et R.411-1 \u00e0 R.411-14, et \nR.412-11 ;\nVU le code des relations entre le public et l'administration, notamment son article L.131-1 et  \nson article R.132-10 ;\nAP2025 d\u00e9rogation capture rel\u00e2cher perturbation Tortue d'Hermann \u2013 ENCIS Environnement - page 1/8\nDirection d\u00e9partementale\ndes territoires et de la mer du Var\nService Eau et Biodiversit\u00e9\nAdresse postale : Pr\u00e9fecture \u2013 DDTM/Service Eau et Biodiversit\u00e9 - CS 31 209 - 83070 TOULON CEDEX\nAccueil du public : 244 avenue de l'infanterie de marine \u00e0 Toulon face aux pompiers\nT\u00e9l\u00e9phone 04 94 46 83 83\nCourriel : ddtm-dep@var.gouv.fr\nwww.var.gouv.fr\nDirection d\u00e9partementale des territoires et de la mer du Var - 83-2025-03-28-00003 - ARR\u00caT\u00c9 PR\u00c9FECTORAL n\u00b0 DDTM/SEBIO/2025-51\ndu 28 mars 2025\nportant d\u00e9rogation \u00e0 la capture ou l'enl\u00e8vement et la perturbation intentionnelle\nde sp\u00e9cimens d'esp\u00e8ces animales prot\u00e9g\u00e9es\nd\u00e9finie \u00e0 l'article 4 du L.411-2 du Code de l'Environnement\nau b\u00e9n\u00e9fice du bureau d'\u00e9tudes ENCIS Environnement\npour proc\u00e9der ou faire proc\u00e9der\nsur la commune de Cogolin\nlieu-dit Domaine \u00ab\u00a0La Ch\u00eaneraie\u00a0\u00bb\n\u00e0 la capture temporaire avec rel\u00e2cher imm\u00e9diat sur place de\nTortue d'Hermann - Testudo hermanni (Gmelin, 1789)\npour la p\u00e9riode allant du 01 avril au 30 juin 2025 inclus.\n25\nVU l'arr\u00eat\u00e9 minist\u00e9riel du 19 novembre 2007 fixant les listes des amphibiens et des reptiles  \nprot\u00e9g\u00e9s sur l'ensemble du territoire et les modalit\u00e9s de leur protection ;\nVU l'arr\u00eat\u00e9 minist\u00e9riel du 18 d\u00e9cembre 2014 fixant les conditions et limites dans lesquelles des \nd\u00e9rogations \u00e0 l'interdiction de capture de sp\u00e9cimens d'esp\u00e8ces animales prot\u00e9g\u00e9es peuvent  \n\u00eatre accord\u00e9es par les pr\u00e9fets pour certaines op\u00e9rations pour lesquelles la capture est suivie  \nd'un rel\u00e2cher sur place, imm\u00e9diat ou diff\u00e9r\u00e9 ;\nVU  l'arr\u00eat\u00e9  minist\u00e9riel  du  08  janvier  2021  fixant  la  liste  des  amphibiens  et  des  reptiles \nrepr\u00e9sent\u00e9s sur le territoire m\u00e9tropolitain prot\u00e9g\u00e9s sur l'ensemble du territoire national et les  \nmodalit\u00e9s de leur protection ;\nVU l'arr\u00eat\u00e9 pr\u00e9fectoral n\u00b02023/63/MCI du 21 ao\u00fbt 2023 portant d\u00e9l\u00e9gation de signature de  \nmonsieur le pr\u00e9fet du Var \u00e0 monsieur Laurent BOULET, directeur d\u00e9partemental des territoires \net de la mer du Var ;\nVU l'arr\u00eat\u00e9 pr\u00e9fectoral n\u00b0DDTM/MPCA/2023-03 du 26 septembre 2023 portant subd\u00e9l\u00e9gation  \nde signature \u00e0 des agents de la DDTM, notamment monsieur Olivier BIELEN, chef du service  \neau et biodiversit\u00e9 ;\nVU le R\u00e8glement Sanitaire D\u00e9partemental du Var ;\nVU le plan national d'actions (PNA) 2018-2027 en faveur de la Tortue d'Hermann du Minist\u00e8re  \nde la Transition \u00e9cologique et solidaire (MTES) d'ao\u00fbt 2018, visant notamment \u00e0 p\u00e9renniser les \nactions en \u00e9laborant une gouvernance solide post-PNA et des outils op\u00e9rationnels adapt\u00e9s  \naux probl\u00e9matiques de l'esp\u00e8ce et du territoire ;\nVU la note de la Direction r\u00e9gionale de l'environnement, de l'am\u00e9nagement et du logement  \n(DREAL) de Provence-Alpes-C\u00f4te d'Azur (PACA) du 04 janvier 2010 relative aux modalit\u00e9s de  \nprise en compte de la Tortue d'Hermann et de ses habitats dans les projets d'am\u00e9nagement ;\nVU la demande de d\u00e9rogation d\u00e9pos\u00e9e le 14 janvier 2025 par le bureau d'\u00e9tudes ENCIS  \nEnvironnement ; demande compos\u00e9e du formulaire CERFA n\u00b013 616*01 et de sa pi\u00e8ce annexe ;\nVU la mise \u00e0 disposition du public men\u00e9e du 13 f\u00e9vrier au 05 mars 2025 inclus en application  \nde l'article L.123-19-1 et l'absence d'observation formul\u00e9e durant cette p\u00e9riode ;\nVU la note exposant les r\u00e9sultats de la mise \u00e0 disposition du public ;\nCONSID\u00c9RANT que, conform\u00e9ment \u00e0 l'article L.411-2 du code de l'environnement, le projet  \ntel que pr\u00e9sent\u00e9 est autoris\u00e9 dans le cadre de la protection de la faune et de la flore sauvages  \net de la conservation des habitats naturels, de repeuplement et de r\u00e9introduction de ces  \nesp\u00e8ces et pour des op\u00e9rations de reproduction n\u00e9cessaires \u00e0 ces fins ;\nCONSID\u00c9RANT  que  ce  projet  tel  que  pr\u00e9sent\u00e9  est  int\u00e9gr\u00e9  dans  une  strat\u00e9gie  nationale \nop\u00e9rationnelle au travers des actions de plans nationaux d\u00e9di\u00e9s \u00e0 la protection et la gestion  \nde ces sp\u00e9cimens prot\u00e9g\u00e9s, et participe \u00e0 la mise en \u0153uvre des PNA, sous l'\u00e9gide du Minist\u00e8re \net de l'ensemble des partenaires impliqu\u00e9s dans la conservation de l'esp\u00e8ce (COPIL) , et de la  \nDREAL  PACA  (coordinateur  r\u00e9gional),  notamment  l' \"Objectif  2  :  Am\u00e9liorer  et  diffuser  la \nconnaissance n\u00e9cessaire \u00e0 la conservation de l'esp\u00e8ce\" - \"Action 2.3 : Suivre et informer sur la  \nr\u00e9partition  des  populations\",  mais  aussi  l' \"Objectif  5  :  Am\u00e9liorer  la  prise  en  compte  de \nl'esp\u00e8ce dans les pratiques de gestion foresti\u00e8re et agricole\" ;\nCONSID\u00c9RANT  que  dans  le  cadre  de  ses  attributions  et  de  ses  comp\u00e9tences,  le  bureau \nd'\u00e9tudes est amen\u00e9 \u00e0 r\u00e9aliser des op\u00e9rations d'inventaires et de suivis de populations de  \ncette esp\u00e8ce ;\nAP2025 d\u00e9rogation capture rel\u00e2cher perturbation Tortue d'Hermann \u2013 ENCIS Environnement - page 2/8\nDirection d\u00e9partementale des territoires et de la mer du Var - 83-2025-03-28-00003 - ARR\u00caT\u00c9 PR\u00c9FECTORAL n\u00b0 DDTM/SEBIO/2025-51\ndu 28 mars 2025\nportant d\u00e9rogation \u00e0 la capture ou l'enl\u00e8vement et la perturbation intentionnelle\nde sp\u00e9cimens d'esp\u00e8ces animales prot\u00e9g\u00e9es\nd\u00e9finie \u00e0 l'article 4 du L.411-2 du Code de l'Environnement\nau b\u00e9n\u00e9fice du bureau d'\u00e9tudes ENCIS Environnement\npour proc\u00e9der ou faire proc\u00e9der\nsur la commune de Cogolin\nlieu-dit Domaine \u00ab\u00a0La Ch\u00eaneraie\u00a0\u00bb\n\u00e0 la capture temporaire avec rel\u00e2cher imm\u00e9diat sur place de\nTortue d'Hermann - Testudo hermanni (Gmelin, 1789)\npour la p\u00e9riode allant du 01 avril au 30 juin 2025 inclus.\n26\nCONSID\u00c9RANT  que  la  pr\u00e9sente  demande  r\u00e9pond  \u00e0  un  besoin  de  r\u00e9aliser  un  inventaire \n\u00e9cologique  en  pr\u00e9vision  d'un  d\u00e9p\u00f4t  de  permis  de  construire  sur  un  domaine  d\u00e9di\u00e9  aux \nactivit\u00e9s agricoles en zone qualifi\u00e9e de \"sensibilit\u00e9 notable\" sur la cartographie de sensibilit\u00e9  \nfigurant au Plan National d'Actions (PNA) Tortue d'Hermann ;\nCONSID\u00c9RANT que la d\u00e9rogation ne nuit pas au maintien, dans un \u00e9tat de conservation  \nfavorable, des populations d'esp\u00e8ces, objets de la demande, dans leur aire de r\u00e9partition  \nnaturelle et vise \u00e0 un renforcement de l'esp\u00e8ce pour assurer sa survie et sa reproduction dans  \nle d\u00e9partement du Var ;\nSur proposition du directeur d\u00e9partemental des territoires et de la mer du Var,\nARR\u00caTE\nArticle 1  er   : Identit\u00e9 du b\u00e9n\u00e9ficiaire et champ d'application de l'arr\u00eat\u00e9\nLe b\u00e9n\u00e9ficiaire de l'autorisation est le bureau d'\u00e9tudes ENCIS Environnement, repr\u00e9sent\u00e9 par  \nmonsieur Pierre PAPON, en sa qualit\u00e9 de Directeur du p\u00f4le Ecologie.\nLe si\u00e8ge administratif de ENCIS Environnement est : 90 rue Buck Clayton - 87100 Limoges -  \nHaute-Vienne - Nouvelle Aquitaine - France.\nEmail : contact@encis-ev.com\nLa repr\u00e9sentante dans le d\u00e9partement du Vaucluse - agence mandat\u00e9e pour cet inventaire,  \nest madame Rachel PELTIER MUSCATELLI, sise 81 rue du trait\u00e9 de Rome - 84911 Avignon -  \nProvence-Alpes-C\u00f4te d'Azur - France.\nT\u00e9l : 07 83 27 73 57\nLa mission s'inscrit dans le cadre d'op\u00e9rations d'inventaire et de suivi des populations de  \nl'esp\u00e8ce prot\u00e9g\u00e9e, \u00e0 savoir la Tortue d'Hermann. \nLes  personnes  en  charge  d'appliquer  la  pr\u00e9sente  d\u00e9rogation,  d\u00e9nomm\u00e9es  ci-apr\u00e8s  \u00ab les \nmandataires \u00bb, sont : \n\u2022 Rachel PELTIER MUSCATELLI, responsable de l'agence, \u00e9cologue,\n\u2022 Mallaury JACOMET, charg\u00e9e d'\u00e9tudes - \u00e9cologue,\n\u2022 Amandine CARON, charg\u00e9e d'\u00e9tudes - botaniste/fauniste\nToute  autre  personne   (naturalistes,  scientifiques,  contractuels,  vacataires,  stagiaires, \nb\u00e9n\u00e9voles,  ...),  venant  en  appui  technique,  permanent  ou  ponctuel,  \u00e0  ces  op\u00e9rations \nd'inventaires  et  de  suivi,  doit  \u00e9galement  appliquer  les  r\u00e8gles  fix\u00e9es  dans  la  pr\u00e9sente \nd\u00e9rogation, sous la responsabilit\u00e9 et la pr\u00e9sence du b\u00e9n\u00e9ficiaire ou d'un mandataire. Ces  \nderniers  auront  au  pr\u00e9alable  pr\u00e9sent\u00e9  aux  participants  de  l'op\u00e9ration,  la  d\u00e9marche,  le \nprotocole  et  les  motivations  en  lien  avec  le  Plan  national  d'actions  relatif  \u00e0  la  Tortue \nd'Hermann.\nLe  suivi  scientifique  et  technique  s'\u00e9tablit en  \u00e9troite  collaboration  avec  la  station  \nd'observation et de protection des tortues et de leurs milieux (SOPTOM).\nLe b\u00e9n\u00e9ficiaire est responsable de la bonne mise en \u0153uvre de l'ensemble de l'arr\u00eat\u00e9 de  \nd\u00e9rogation, y compris en cas de recours \u00e0 tierce personne.\nAP2025 d\u00e9rogation capture rel\u00e2cher perturbation Tortue d'Hermann \u2013 ENCIS Environnement - page 3/8\nDirection d\u00e9partementale des territoires et de la mer du Var - 83-2025-03-28-00003 - ARR\u00caT\u00c9 PR\u00c9FECTORAL n\u00b0 DDTM/SEBIO/2025-51\ndu 28 mars 2025\nportant d\u00e9rogation \u00e0 la capture ou l'enl\u00e8vement et la perturbation intentionnelle\nde sp\u00e9cimens d'esp\u00e8ces animales prot\u00e9g\u00e9es\nd\u00e9finie \u00e0 l'article 4 du L.411-2 du Code de l'Environnement\nau b\u00e9n\u00e9fice du bureau d'\u00e9tudes ENCIS Environnement\npour proc\u00e9der ou faire proc\u00e9der\nsur la commune de Cogolin\nlieu-dit Domaine \u00ab\u00a0La Ch\u00eaneraie\u00a0\u00bb\n\u00e0 la capture temporaire avec rel\u00e2cher imm\u00e9diat sur place de\nTortue d'Hermann - Testudo hermanni (Gmelin, 1789)\npour la p\u00e9riode allant du 01 avril au 30 juin 2025 inclus.\n27\nArticle 2 : Nature de l'autorisation\nAfin d'am\u00e9liorer les connaissances sur l'esp\u00e8ce, de proc\u00e9der \u00e0 des op\u00e9rations d'inventaires et  \nde suivis de l'esp\u00e8ce, le b\u00e9n\u00e9ficiaire et les mandataires vis\u00e9s \u00e0 l'article 1 sont autoris\u00e9s, sous  \nr\u00e9serve des dispositions d\u00e9finies dans le pr\u00e9sent arr\u00eat\u00e9, \u00e0 proc\u00e9der \u00e0 la capture, l'enl\u00e8vement  \ntemporaire avec rel\u00e2cher imm\u00e9diat sur place, dans un objectif de protection et de sauvegarde \nde population, de l'esp\u00e8ce unique suivante :\n- Tortue d'Hermann - Testudo hermanni (Gmelin, 1789).\nNombre d'individus\nS'agissant d'une action de protection et de sauvegarde d'individus, la quantit\u00e9 d'individus \u00e0  \nmanipuler et \u00e0 prot\u00e9ger est non d\u00e9finie.\nTypologie d'individus\nElle concerne les individus de tous \u00e2ges, de tous sexes (m\u00e2les et femelles). Sont exclus de  \ntoute manipulation, les \u0153ufs.\nLieu des op\u00e9rations : commune de Cogolin\n\u2022 domaine de la ch\u00eaneraie, parcelles agricole et ou foresti\u00e8re,\n\u2022 sur toute la zone suppos\u00e9e de pr\u00e9sence de l'esp\u00e8ce.\nAutorisation d\u00e9livr\u00e9e pour les cas suivants :\n- inventaire initial pr\u00e9alable, et du suivi des impacts sur l'esp\u00e8ce, de projets d'am\u00e9nagement et \nde travaux ;\n- mise en place et suivi de mesures compensatoires environnementales li\u00e9es \u00e0 l'esp\u00e8ce ;\n- suivi de mesures d'am\u00e9lioration du milieu et des habitats de l'esp\u00e8ce ;\n- transfert d'un individu en d\u00e9tresse ou bless\u00e9, ou de sp\u00e9cimens morts, de son site naturel  \nd'origine, vers le centre de la SOPTOM.\nLa  d\u00e9rogation  n'autorise  pas  le  d\u00e9placement  des  individus  hors  secteur,  ni  la  \nmanipulation/l'enl\u00e8vement des \u0153ufs, et encore moins la destruction directe de sp\u00e9cimens. En \ncas de destruction par inadvertance, le motif devra \u00eatre justifi\u00e9 dans le bilan annuel. \nEn cas de blessures du sp\u00e9cimen suite \u00e0 l'intervention humaine, il sera transf\u00e9r\u00e9 dans un  \ncentre  de  soin  habilit\u00e9.  Dans  ce  cas  exceptionnel,  la  pr\u00e9sente  autorisation  tient  lieu \nd'autorisation de transport ; le transport doit se faire dans la journ\u00e9e. La dur\u00e9e du transport  \nest  inf\u00e9rieure  \u00e0  trois  heures.  La  temp\u00e9rature  lors  du  transport  est  comprise  entre  18  et \n25 degr\u00e9s. Les frais \u00e9ventuels sont \u00e0 la charge du b\u00e9n\u00e9ficiaire.\nLa pr\u00e9sente autorisation ne dispense pas d'autres accords ou autorisations qui pourraient \u00eatre \npar ailleurs n\u00e9cessaires pour la r\u00e9alisation de l'op\u00e9ration, au titre d'autres l\u00e9gislations. \nLa pr\u00e9sente autorisation ne concerne pas le projet d'am\u00e9nagement lui-m\u00eame qui rel\u00e8ve quant \n\u00e0  lui  d'une  autre  proc\u00e9dure  et  autorisation,  int\u00e9grant  notamment  des  prescriptions,  des \nmesures \u00e9viter-r\u00e9duire-compenser (ERC) ainsi que d'accompagnement.\nLe pr\u00e9sent arr\u00eat\u00e9 ne se substitue pas et ne fait pas obstacle aux autres r\u00e9glementations  \n\u00e9ventuellement applicables.\nLes droits des tiers sont et demeurent express\u00e9ment r\u00e9serv\u00e9s. En particulier, cet arr\u00eat\u00e9 ne  \nvaut  pas  autorisation  de  p\u00e9n\u00e9tration  dans  des  propri\u00e9t\u00e9s  closes  relevant  de  la  loi  du \n29 d\u00e9cembre 1892 susvis\u00e9e, ou de la loi n\u00b0 43-374 du 08 juillet 1943.\nAP2025 d\u00e9rogation capture rel\u00e2cher perturbation Tortue d'Hermann \u2013 ENCIS Environnement - page 4/8\nDirection d\u00e9partementale des territoires et de la mer du Var - 83-2025-03-28-00003 - ARR\u00caT\u00c9 PR\u00c9FECTORAL n\u00b0 DDTM/SEBIO/2025-51\ndu 28 mars 2025\nportant d\u00e9rogation \u00e0 la capture ou l'enl\u00e8vement et la perturbation intentionnelle\nde sp\u00e9cimens d'esp\u00e8ces animales prot\u00e9g\u00e9es\nd\u00e9finie \u00e0 l'article 4 du L.411-2 du Code de l'Environnement\nau b\u00e9n\u00e9fice du bureau d'\u00e9tudes ENCIS Environnement\npour proc\u00e9der ou faire proc\u00e9der\nsur la commune de Cogolin\nlieu-dit Domaine \u00ab\u00a0La Ch\u00eaneraie\u00a0\u00bb\n\u00e0 la capture temporaire avec rel\u00e2cher imm\u00e9diat sur place de\nTortue d'Hermann - Testudo hermanni (Gmelin, 1789)\npour la p\u00e9riode allant du 01 avril au 30 juin 2025 inclus.\n28\nArticle 3 : Dur\u00e9e et p\u00e9riode d'intervention\nLa  pr\u00e9sente  d\u00e9rogation  est  accord\u00e9e  pour  une  dur\u00e9e  globale  d'intervention  li\u00e9e  \u00e0  cette \nop\u00e9ration d'inventaire et de suivi sur la p\u00e9riode du 06 f\u00e9vrier au 26 f\u00e9vrier 2025 inclus.\nLes op\u00e9rations d'inventaires, de suivis, avec manipulation et rel\u00e2cher des sp\u00e9cimens, ont lieu \u00e0 \ndes temp\u00e9ratures sup\u00e9rieures \u00e0 15\u00b0C.\nArticle 4 : Modalit\u00e9s de mise en \u0153uvre de l'autorisation\nLes personnes r\u00e9alisant les op\u00e9rations sur site doivent pouvoir justifier qu'elles ont suivi une  \nformation adapt\u00e9e pour identifier les esp\u00e8ces.\nTechnique de d\u00e9tection / perturbation :\n- visuelle et prise en main manuelle.\nEn cas de destruction par inadvertance lors de la d\u00e9tection, le motif devra \u00eatre justifi\u00e9 dans le \nbilan. En cas de blessures du sp\u00e9cimen suite \u00e0 l'intervention humaine, il sera transf\u00e9r\u00e9 \u00e0 un  \ncentre de soins habilit\u00e9. Les frais \u00e9ventuels sont \u00e0 la charge du b\u00e9n\u00e9ficiaire.\nD\u00e9tection sur zone d'\u00e9tude :\nD\u00e8s qu'un individu Tortue d'Hermann est d\u00e9tect\u00e9, la zone est not\u00e9e \u00abpositive\u00bb, l'individu est  \nlocalis\u00e9 avec pr\u00e9cision (GPS) avant rel\u00e2cher. \nSi aucune Tortue d'Hermann n'est d\u00e9tect\u00e9e lors du premier passage, la zone sera not\u00e9e  \n\u00abn\u00e9gative\u00bb et fera l'objet d'un deuxi\u00e8me passage.\nSi des \u0153ufs sont rep\u00e9r\u00e9s, ils ne doivent pas \u00eatre manipul\u00e9s. La zone sera identifi\u00e9e (piquet et  \nrubalise),  afin  que  les  interventions  \u00e0  venir  les  \u00e9vitent  imp\u00e9rativement.  Une  carte  avec \ncoordonn\u00e9es GPS sera produite par le b\u00e9n\u00e9ficiaire et transmise aux potentiels intervenants  \nafin  de  sauvegarder  les  sp\u00e9cimens.  Il  appartient  au  b\u00e9n\u00e9ficiaire  de  v\u00e9rifier  que  ces \nemplacements soient conserv\u00e9s et respect\u00e9s pendant toute la dur\u00e9e des travaux sur le site, et \njusqu'\u00e0 l'\u00e9closion.\nManipulation et pr\u00e9cautions d'usage : \nLorsqu'un individu est d\u00e9tect\u00e9, la manipulation est br\u00e8ve et temporaire. Ces manipulations  \nsont r\u00e9alis\u00e9es avec pr\u00e9cautions, et en un temps limit\u00e9 de manipulation (moins de 15 minutes).\nAfin  de  pouvoir  distinguer  les  deux  sous-esp\u00e8ces  Testudo  hermanni  hermanni et  Testudo \nhermanni boettgeri , il convient de prendre une photo du plastron.\nLe rel\u00e2cher de chaque individu est effectu\u00e9 \u00e0 l'endroit o\u00f9 il a \u00e9t\u00e9 pr\u00e9lev\u00e9 pr\u00e9c\u00e9demment, sauf \nsi les conditions ne sont pas r\u00e9unies.\nLe  mat\u00e9riel  utilis\u00e9  sera  r\u00e9guli\u00e8rement  d\u00e9sinfect\u00e9  pour  \u00e9viter  le  transfert  de  maladies.  La \nd\u00e9sinfection des mains entre chaque individu manipul\u00e9 est obligatoire. Ceux qui manipulent  \ndevront se laver les mains avec des produits de type \"gels anti-bact\u00e9riens\", non impactant  \npour l'esp\u00e8ce manipul\u00e9e et son habitat.\nL'utilisation d'un gel hydro-alcoolique sans perturbateur endocrinien est recommand\u00e9, avant  \nchaque manipulation d'un individu, et apr\u00e8s. \nAP2025 d\u00e9rogation capture rel\u00e2cher perturbation Tortue d'Hermann \u2013 ENCIS Environnement - page 5/8\nDirection d\u00e9partementale des territoires et de la mer du Var - 83-2025-03-28-00003 - ARR\u00caT\u00c9 PR\u00c9FECTORAL n\u00b0 DDTM/SEBIO/2025-51\ndu 28 mars 2025\nportant d\u00e9rogation \u00e0 la capture ou l'enl\u00e8vement et la perturbation intentionnelle\nde sp\u00e9cimens d'esp\u00e8ces animales prot\u00e9g\u00e9es\nd\u00e9finie \u00e0 l'article 4 du L.411-2 du Code de l'Environnement\nau b\u00e9n\u00e9fice du bureau d'\u00e9tudes ENCIS Environnement\npour proc\u00e9der ou faire proc\u00e9der\nsur la commune de Cogolin\nlieu-dit Domaine \u00ab\u00a0La Ch\u00eaneraie\u00a0\u00bb\n\u00e0 la capture temporaire avec rel\u00e2cher imm\u00e9diat sur place de\nTortue d'Hermann - Testudo hermanni (Gmelin, 1789)\npour la p\u00e9riode allant du 01 avril au 30 juin 2025 inclus.\n29\nLieux d'enl\u00e8vement temporaire et de rel\u00e2cher :\nLes  individus  sont  rel\u00e2ch\u00e9s  dans  leur  secteur  d'origine,  si  celui-ci  le  permet  toujours,  ou \nimm\u00e9diatement  sur  un  site  attenant,  ou  aux  caract\u00e9ristiques  similaires  (site  pr\u00e9-d\u00e9fini  et \nidentifi\u00e9).\nDans le cadre de sauvegarde et de sauvetage suite \u00e0 des travaux \u00e0 venir, il convient de  \ns'assurer  que  le  site  correspond  toujours  aux  caract\u00e9ristiques  n\u00e9cessaires  \u00e0  la  survie  de \nl'esp\u00e8ce. La zone devra regrouper l'ensemble des param\u00e8tres n\u00e9cessaires \u00e0 ses besoins \u00e9co-\nphysiologiques. Pour le succ\u00e8s de l'op\u00e9ration de rel\u00e2cher, le site doit r\u00e9pondre \u00e0 un certain  \nnombre de crit\u00e8res (\u00e9loignement des axes de communications et des activit\u00e9s humaines,  \npr\u00e9sence d'eau, qualit\u00e9 du couvert v\u00e9g\u00e9tal, etc\u2026), mais le plus proche possible du secteur  \noriginel.\nLe b\u00e9n\u00e9ficiaire est responsable de la bonne mise en \u0153uvre de l'ensemble de l'arr\u00eat\u00e9 de  \nd\u00e9rogation, y compris en cas de recours \u00e0 tierce personne.\nIl est recommand\u00e9 de consulter le Document d'Objectifs (DOCOB) des sites Natura  2000 \npouvant \u00eatre concern\u00e9s, pour v\u00e9rifier si des secteurs sensibles sont recens\u00e9s, et de consulter  \nle Plan National d'Action (PNA) concernant l'esp\u00e8ce et les modalit\u00e9s d'actions.\nArticle 5 : Mesures de r\u00e9ductions et d'accompagnement\nEn compl\u00e9ment des op\u00e9rations identifi\u00e9es dans la note explicative et des pr\u00e9cautions qui  \nseront prises, il est indispensable de participer \u00e0 la conservation des habitats.\nCertaines  pr\u00e9conisations  ou  gestes  simples  peuvent  permettre  le  maintien  de  conditions \nfavorables \u00e0 l'esp\u00e8ce :\n\u2022 collecter des d\u00e9chets et des plastiques proche de la zone de capture,\n\u2022 limiter les intrants dans le point d'eau, en signalant les \u00e9ventuelles pollutions constat\u00e9es,\n\u2022 veiller \u00e0 ne pas d\u00e9truire la v\u00e9g\u00e9tation au moment du pr\u00e9l\u00e8vement,\n\u2022 ne pas effectuer des captures proches des sites de pontes identifi\u00e9s.\nEn  compl\u00e9ment  des  op\u00e9rations  pr\u00e9-cit\u00e9es,  le  b\u00e9n\u00e9ficiaire  pr\u00e9cise  dans  le  cadre  de  ses \npublications que les op\u00e9rations sont r\u00e9alis\u00e9es sous couvert d'une autorisation pr\u00e9fectorale,  \nrelative aux d\u00e9rogations d'esp\u00e8ces prot\u00e9g\u00e9es.\nArticle 6 : Documents de suivis et de bilans \nLe b\u00e9n\u00e9ficiaire rendra compte \u00e0 la DREAL PACA, \u00e0 l'OFB et \u00e0 la DDTM du Var, des conditions  \nd'ex\u00e9cution de la pr\u00e9sente d\u00e9rogation, sous la forme d'un compte-rendu synth\u00e9tique des  \nop\u00e9rations effectu\u00e9es \u00e0 l'ann\u00e9e N. Le compte-rendu comprendra notamment les dates, objets \net lieux des op\u00e9rations avec le d\u00e9nombrement des individus suivis et sauv\u00e9s.\nLa communication du compte-rendu interviendra avant le 31 d\u00e9cembre de l'ann\u00e9e N, d\u00e9lai de \nrigueur.\nLa transmission se fait en version modifiable sous LibreOffice (.odt, calc, \u2026) et au format pdf  \npar courriel simultan\u00e9ment aux trois adresses suivantes :\nsbep.dreal-paca@developpement-durable.gouv.fr\nsd83@ofb.gouv.fr\nddtm-dep@var.gouv.fr\nAP2025 d\u00e9rogation capture rel\u00e2cher perturbation Tortue d'Hermann \u2013 ENCIS Environnement - page 6/8\nDirection d\u00e9partementale des territoires et de la mer du Var - 83-2025-03-28-00003 - ARR\u00caT\u00c9 PR\u00c9FECTORAL n\u00b0 DDTM/SEBIO/2025-51\ndu 28 mars 2025\nportant d\u00e9rogation \u00e0 la capture ou l'enl\u00e8vement et la perturbation intentionnelle\nde sp\u00e9cimens d'esp\u00e8ces animales prot\u00e9g\u00e9es\nd\u00e9finie \u00e0 l'article 4 du L.411-2 du Code de l'Environnement\nau b\u00e9n\u00e9fice du bureau d'\u00e9tudes ENCIS Environnement\npour proc\u00e9der ou faire proc\u00e9der\nsur la commune de Cogolin\nlieu-dit Domaine \u00ab\u00a0La Ch\u00eaneraie\u00a0\u00bb\n\u00e0 la capture temporaire avec rel\u00e2cher imm\u00e9diat sur place de\nTortue d'Hermann - Testudo hermanni (Gmelin, 1789)\npour la p\u00e9riode allant du 01 avril au 30 juin 2025 inclus.\n30\nLes donn\u00e9es d'inventaire seront vers\u00e9es au syst\u00e8me d'information sur la nature et les paysages \n(base r\u00e9gionale SILENE) par le b\u00e9n\u00e9ficiaire.\nLes donn\u00e9es produites seront des donn\u00e9es de propri\u00e9t\u00e9 patrimoniale publique. \nArticle 7 : Dur\u00e9e de validit\u00e9 de l'autorisation\nLa pr\u00e9sente d\u00e9cision est valable \u00e0 compter du 01 avril au 30 juin 2025 inclus pour ce qui rel\u00e8ve \ndes op\u00e9rations d'inventaires sur le terrain.\nArticle 8 : Mesures de contr\u00f4les et sanctions encourues\nConform\u00e9ment  aux  articles  L.171-1  et  suivants  du  code  de  l'environnement,  relatifs  aux \ncontr\u00f4les  administratifs  et  mesures  de  police,  les  fonctionnaires  et  agents  charg\u00e9s  des \ncontr\u00f4les sont habilit\u00e9s \u00e0 v\u00e9rifier la bonne mise en \u0153uvre de la pr\u00e9sente autorisation. Les  \ncontr\u00f4les pourraient porter sur :\n- le respect de l'ensemble des conditions d'octroi de la d\u00e9rogation,\n- les documents de suivis et les bilans.\nLa mise en \u0153uvre des dispositions d\u00e9finies au pr\u00e9sent arr\u00eat\u00e9 peut faire l'objet de contr\u00f4le par \nles agents charg\u00e9s de constater les infractions mentionn\u00e9es \u00e0 l'article L.415-3 du code de  \nl'environnement.\nL'Office fran\u00e7ais de la biodiversit\u00e9 (OFB), ainsi que la DDTM du Var, devront \u00eatre avertis par le \nb\u00e9n\u00e9ficiaire ou le responsable de l'op\u00e9ration au CEN PACA du d\u00e9marrage de chacune des  \nop\u00e9rations, au moins 48 heures (jours ouvr\u00e9s) \u00e0 l'avance.\nOFB\nService d\u00e9partemental du Var\n399, avenue Paul Ar\u00e8ne\n83300 Draguignan\nsd83@ofb.gouv.fr\nPr\u00e9fecture du Var/DDTM83/SEBIO/BIODIV - DEP\nBoulevard du 112\u00e8me R\u00e9giment d'Infanterie\nCS 31209\n83070 TOULON CEDEX\nddtm-dep@var.gouv.fr\nDurant l'ensemble de l'op\u00e9ration, les intervenants doivent \u00eatre en mesure de pr\u00e9senter une  \ncopie du pr\u00e9sent arr\u00eat\u00e9 \u00e0 toute autorit\u00e9 dot\u00e9e d'un pouvoir de police en la mati\u00e8re.\nLe non-respect du pr\u00e9sent arr\u00eat\u00e9 est puni des sanctions d\u00e9finies \u00e0 l'article L.415-3 du code de  \nl'environnement. En cas de non-respect de l'ensemble des prescriptions du pr\u00e9sent arr\u00eat\u00e9 le  \nb\u00e9n\u00e9ficiaire  s'expose  aux  sanctions  administratives  pr\u00e9vues  \u00e0  l'article  L.171-8  du  code  de \nl'environnement, dont la suspension des travaux jusqu'\u00e0 ex\u00e9cution compl\u00e8te des conditions  \nimpos\u00e9es.\nModifications,  suspensions,  retrait,  renouvellement :  l'arr\u00eat\u00e9  de  d\u00e9rogation  pourra  \u00eatre \nmodifi\u00e9, suspendu ou retir\u00e9 si l'une des obligations faites au b\u00e9n\u00e9ficiaire n'\u00e9tait pas respect\u00e9e. \nLa modification, la suspension ou le retrait ne feront pas obstacle \u00e0 d'\u00e9ventuelles poursuites,  \nnotamment au titre de l'article L.415-1 \u00e0 6 du code de l'environnement.\nAP2025 d\u00e9rogation capture rel\u00e2cher perturbation Tortue d'Hermann \u2013 ENCIS Environnement - page 7/8\nDirection d\u00e9partementale des territoires et de la mer du Var - 83-2025-03-28-00003 - ARR\u00caT\u00c9 PR\u00c9FECTORAL n\u00b0 DDTM/SEBIO/2025-51\ndu 28 mars 2025\nportant d\u00e9rogation \u00e0 la capture ou l'enl\u00e8vement et la perturbation intentionnelle\nde sp\u00e9cimens d'esp\u00e8ces animales prot\u00e9g\u00e9es\nd\u00e9finie \u00e0 l'article 4 du L.411-2 du Code de l'Environnement\nau b\u00e9n\u00e9fice du bureau d'\u00e9tudes ENCIS Environnement\npour proc\u00e9der ou faire proc\u00e9der\nsur la commune de Cogolin\nlieu-dit Domaine \u00ab\u00a0La Ch\u00eaneraie\u00a0\u00bb\n\u00e0 la capture temporaire avec rel\u00e2cher imm\u00e9diat sur place de\nTortue d'Hermann - Testudo hermanni (Gmelin, 1789)\npour la p\u00e9riode allant du 01 avril au 30 juin 2025 inclus.\n31\nArticle 9 : Voies et d\u00e9lais de recours\nConform\u00e9ment  aux  dispositions  de  l'article  R.421-1  du  code  de  justice  administrative,  le \npr\u00e9sent arr\u00eat\u00e9 peut faire l'objet d'un recours gracieux ou hi\u00e9rarchique dans un d\u00e9lai de 2 mois \n\u00e0 compter de sa notification. Il peut aussi faire l'objet d'un recours contentieux devant le  \ntribunal administratif de Toulon dans ce m\u00eame d\u00e9lai.\nLes tiers \u00e0 la d\u00e9cision peuvent, dans les m\u00eames conditions que le demandeur, exercer leur  \ndroit de recours dans un d\u00e9lai de deux mois \u00e0 compter de la publication du pr\u00e9sent arr\u00eat\u00e9.\nLe d\u00e9faut de r\u00e9ponse de l'administration au recours gracieux ou hi\u00e9rarchique dans un d\u00e9lai de \n2 mois apr\u00e8s sa r\u00e9ception fait na\u00eetre une d\u00e9cision implicite de rejet qui peut elle-m\u00eame faire  \nl'objet d'un recours contentieux devant le tribunal administratif dans un d\u00e9lai de 2 mois.\nLe tribunal administratif peut-\u00eatre saisi par l'application informatique \u00ab T\u00e9l\u00e9recours citoyens \u00bb, \naccessible sur le site internet : \u00ab www.telerecours.fr \u00bb.\nArticle 10 : Ex\u00e9cution et transmission\nLe secr\u00e9taire g\u00e9n\u00e9ral de la pr\u00e9fecture du Var, le directeur r\u00e9gional de l'environnement, de  \nl'am\u00e9nagement  et  du  logement  de  la  r\u00e9gion  Provence-Alpes-C\u00f4te  d'Azur,  la  directrice \nd\u00e9partementale de la protection des populations du Var, le chef du service d\u00e9partemental de \nl'Office fran\u00e7ais de la biodiversit\u00e9, le directeur d\u00e9partemental des territoires et de la mer du  \nVar, sont charg\u00e9s chacun en ce qui les concerne de l'ex\u00e9cution du pr\u00e9sent arr\u00eat\u00e9, qui sera  \npubli\u00e9 au recueil des actes administratifs de la pr\u00e9fecture du Var. \nLe pr\u00e9sent arr\u00eat\u00e9 sera, en outre, transmis en copie :\n\u2022 au directeur de la station d'observation et de protection des tortues et de leurs milieux,\n\u2022 au maire de Cogolin.\nFait \u00e0 Toulon, le 28 mars 2025\nPour le Pr\u00e9fet et par sub-d\u00e9l\u00e9gation,\nLe chef du service eau et biodiversit\u00e9,\nSign\u00e9\nOlivier BIELEN\nAP2025 d\u00e9rogation capture rel\u00e2cher perturbation Tortue d'Hermann \u2013 ENCIS Environnement - page 8/8\nDirection d\u00e9partementale des territoires et de la mer du Var - 83-2025-03-28-00003 - ARR\u00caT\u00c9 PR\u00c9FECTORAL n\u00b0 DDTM/SEBIO/2025-51\ndu 28 mars 2025\nportant d\u00e9rogation \u00e0 la capture ou l'enl\u00e8vement et la perturbation intentionnelle\nde sp\u00e9cimens d'esp\u00e8ces animales prot\u00e9g\u00e9es\nd\u00e9finie \u00e0 l'article 4 du L.411-2 du Code de l'Environnement\nau b\u00e9n\u00e9fice du bureau d'\u00e9tudes ENCIS Environnement\npour proc\u00e9der ou faire proc\u00e9der\nsur la commune de Cogolin\nlieu-dit Domaine \u00ab\u00a0La Ch\u00eaneraie\u00a0\u00bb\n\u00e0 la capture temporaire avec rel\u00e2cher imm\u00e9diat sur place de\nTortue d'Hermann - Testudo hermanni (Gmelin, 1789)\npour la p\u00e9riode allant du 01 avril au 30 juin 2025 inclus.\n32\nDirection d\u00e9partementale des territoires et de la\nmer du Var\n83-2025-01-20-00012\nARR\u00caT\u00c9 PR\u00c9FECTORAL DDTM/SHRU n\u00b0 2024-79\napprouvant le sch\u00e9ma d\u00e9partemental d'accueil\net d'habitat des gens du voyage du Var\nDirection d\u00e9partementale des territoires et de la mer du Var - 83-2025-01-20-00012 - ARR\u00caT\u00c9 PR\u00c9FECTORAL DDTM/SHRU n\u00b0 2024-79\napprouvant le sch\u00e9ma d\u00e9partemental d'accueil et d'habitat des gens du voyage du Var 33\nPREFETDU VARLibert\u00e9Egalit\u00e9Fraternit\u00e9\nVarLe D\u00c9PARTEMENT\nARR\u00caT\u00c9 PR\u00c9FECTORAL DDTM/SHRU n\u00b0 2024-79\nApprouvant le sch\u00e9ma d\u00e9partemental d'accueil et d'habitat des gens du voyage du Var\nLe Pr\u00e9fet du Var Le Pr\u00e9sident du conseil D\u00e9partemental du \nVar\nVu le code g\u00e9n\u00e9ral des collectivit\u00e9s locales ;\nVu le code l'urbanisme ;\nVu le code de la s\u00e9curit\u00e9 sociale ;\nVu la loi n\u00b0 2000-614 du 5 juillet 2000 modifi\u00e9e relative \u00e0 l'accueil et \u00e0 l'habitat des gens du  \nvoyage ;\nVu la  loi  n\u00b0  2015-991  du  7  ao\u00fbt  2015  portant  nouvelle  organisation  territoriale  de  la \nR\u00e9publique ;\nVu la loi n\u00b0 2017-86 du 27 janvier 2017 relative \u00e0 l'\u00e9galit\u00e9 et \u00e0 la citoyennet\u00e9 ;\nVu la loi n\u00b0 2018-957 du 7 novembre 2018 relative \u00e0 l'accueil des gens du voyage et \u00e0 la lutte  \ncontre les installations illicites ;\nVu le d\u00e9cret n\u00b0 2001-540 du 25 juin 2001 relatif \u00e0 la composition et au fonctionnement de la  \ncommission d\u00e9partementale consultative des gens du voyage, modifi\u00e9 le 9 mai 2017 ,\nVu le d\u00e9cret n\u00b0 2019-171 du 5 mars 2019 relatif aux aires de grand passage ;\nVu le d\u00e9cret n\u00b02019-1478 du 26 d\u00e9cembre 2019 relatif aux aires permanentes d'accueil et aux  \nterrains familiaux locatifs destin\u00e9s aux gens du voyage ;\nVu  l'arr\u00eat\u00e9 pr\u00e9fectoral du 11 octobre 2018 relatif \u00e0 la r\u00e9vision du sch\u00e9ma d\u00e9partemental  \nd'accueil des gens du voyage 2012-2018 ;\nVu l'arr\u00eat\u00e9 pr\u00e9fectoral DDTM/SHRU n\u00b0 2024-56 fixant la composition et le fonctionnement de \nla commission d\u00e9partementale consultative des gens du voyage ;\nVu l'avis favorable \u00e9mis par la commission d\u00e9partementale consultative des gens du voyage  \nr\u00e9unie le 2 mai 2023 sur le projet de sch\u00e9ma d\u00e9partemental d'accueil et d'habitat des gens du \nvoyage ;\nVu les avis rendus par les collectivit\u00e9s territoriales consult\u00e9es par courrier du Pr\u00e9fet du Var en  \ndate du 22 juin 2023 sur le projet de sch\u00e9ma valid\u00e9 lors de la s\u00e9ance de la commission sus-\nvis\u00e9e ;\n1/2\nDirection d\u00e9partementale\ndes territoires et de la mer du Var\nService Habitat et R\u00e9novation Urbaine\nDirection d\u00e9partementale des territoires et de la mer du Var - 83-2025-01-20-00012 - ARR\u00caT\u00c9 PR\u00c9FECTORAL DDTM/SHRU n\u00b0 2024-79\napprouvant le sch\u00e9ma d\u00e9partemental d'accueil et d'habitat des gens du voyage du Var 34\nVu l'avis favorable \u00e9mis par la commission d\u00e9partementale consultative des gens du voyage  \nr\u00e9unie le 9 octobre 2024 sur le projet de sch\u00e9ma d\u00e9partemental prenant en compte les avis  \ndes collectivit\u00e9s consult\u00e9es ainsi que les diverses observations fomul\u00e9es lors de la s\u00e9ance ;\nConsid\u00e9rant  les concertations men\u00e9es depuis 2018 pour l'\u00e9laboration du projet de sch\u00e9ma  \nd\u00e9partemental d'accueil et d'habitat des gens du voyage du Var avec les collectivit\u00e9s locales  \net les divers acteurs concern\u00e9s ;\nSur proposition de Monsieur le Directeur d\u00e9partemental des territoires et de la mer du Var,\nARR\u00caTENT :\nARTICLE 1 :\nLe sch\u00e9ma d\u00e9partemental d'accueil et d'habitat des gens du voyage r\u00e9vis\u00e9, annex\u00e9 au pr\u00e9sent \narr\u00eat\u00e9, est approuv\u00e9. \nARTICLE 2 :\nLa  commission  d\u00e9partementale  consultative  des  gens  du  voyage  du  Var  \u00e9tablira  chaque \nann\u00e9e un bilan d'application du sch\u00e9ma d\u00e9partemental d'accueil et d'habitat des gens du  \nvoyage.\nARTICLE 3 :\nLe Secr\u00e9taire g\u00e9n\u00e9ral de la pr\u00e9fecture du Var, le Directeur D\u00e9partemental des Territoires et de \nla Mer du Var et le Directeur G\u00e9n\u00e9ral des Services du Conseil D\u00e9partemental du Var sont  \ncharg\u00e9s, chacun en ce qui le concerne, de l'ex\u00e9cution du pr\u00e9sent arr\u00eat\u00e9 qui sera publi\u00e9 aux  \nrecueils des actes administratifs de la Pr\u00e9fecture et du d\u00e9partement du Var.\nFait \u00e0 Toulon, le 20 janvier 2025\nLe Pr\u00e9fet du Var                                                                 Le Pr\u00e9sident du Conseil D\u00e9partemental\n                                du Var\n    Sign\u00e9         Sign\u00e9\n                                  \nPhilippe MAHE                      Jean-Louis MASSON\n2/2\nD\u00e9lais et voies de recours :\nConform\u00e9ment \u00e0 l'article R 421-1 du code de justice administrative, la pr\u00e9sente d\u00e9cision peut faire l'objet d'un recours contentieux, \ndans le d\u00e9lai de deux mois \u00e0 compter de sa notification, devant le tribunal administratif de Toulon. Elle peut \u00e9galement faire \nl'objet d'un recours gracieux aupr\u00e8s de Monsieur le Pr\u00e9fet du Var. Cette d\u00e9marche interrompt le d\u00e9lai de recours contentieux, ce \ndernier devant \u00eatre introduit dans le d\u00e9lai de deux mois suivant une d\u00e9cision implicite ou explicite de l'autorit\u00e9 comp\u00e9tente (le \nsilence de l'administration pendant un d\u00e9lai de deux mois valant d\u00e9cision implicite de rejet). Le tribunal administratif peut \u00eatre \nsaisi par l'application informatique \"T\u00e9l\u00e9recours citoyen\" accessible par le site internet www.telerecours.fr .\nDirection d\u00e9partementale des territoires et de la mer du Var - 83-2025-01-20-00012 - ARR\u00caT\u00c9 PR\u00c9FECTORAL DDTM/SHRU n\u00b0 2024-79\napprouvant le sch\u00e9ma d\u00e9partemental d'accueil et d'habitat des gens du voyage du Var 35\nSCHEMA DEPARTEMENTAL D'ACCUEIL ET D'HABITATDES GENS DU VOYAGE DU VAR\nSch\u00e9ma 2025-2031\nOctobre 2024\n< ah s\nDirection d\u00e9partementale des territoires et de la mer du Var - 83-2025-01-20-00012 - ARR\u00caT\u00c9 PR\u00c9FECTORAL DDTM/SHRU n\u00b0 2024-79\napprouvant le sch\u00e9ma d\u00e9partemental d'accueil et d'habitat des gens du voyage du Var 36\nTable des ma\u019f\u00e8res\nI- CADRE L\u00c9GISLATIF ET R\u00c9GLEMENTAIRE.......................................................................................................................................2\n1. La loi 2000-614 dite \u00ab Besson 2 \u00bb et ses \u00e9volu\u019fons...............................................................................................................2\nLes acteurs de la r\u00e9alisa\u019fon du sch\u00e9ma.....................................................................................................................................5\n2. La proc\u00e9dure de r\u00e9vision du sch\u00e9ma d\u00e9partemental du Var..................................................................................................6\nII- DIAGNOSTIC.................................................................................................................................................................................8\n1. Les prescrip\u019fons du SDAHGV 2012- 2018..............................................................................................................................8\n2. Bilan de la r\u00e9alisa\u019fon du SDAHGV 2012-2018......................................................................................................................10\n2.1 Les aires permanentes d'accueil.....................................................................................................................................10\n2.2 Les aires de grand passage..............................................................................................................................................14\n3. Des flux marqu\u00e9s par le climat et le relief............................................................................................................................20\n4. L'ancrage territorial et la s\u00e9dentarisa\u019fon.............................................................................................................................21\n4.1 Les objec\u019ffs du SDAHGV 2012-2018 et le bilan des r\u00e9alisa\u019fons....................................................................................21\n4.2 \u00c9tat des lieux de l'ancrage territorial : \u00e9volu\u019fon et actualisa\u019fon des besoins..............................................................23\n5. L'accompagnement des gens du voyage .............................................................................................................................26\n5.1 L'accompagnement socio-\u00e9duca\u019ff des Gens du voyage................................................................................................26\n5.2 Le contexte de l'acc\u00e8s aux droits et de l'accompagnement social des gens du voyage dans le Var..............................27\n5.3 La domicilia\u019fon des gens du voyage du Var...................................................................................................................28\n5.4 L'acc\u00e8s aux droits............................................................................................................................................................29\n5.5 La sant\u00e9...........................................................................................................................................................................30\n5.6 La scolarisa\u019fon................................................................................................................................................................31\n5.6 L'inser\u019fon professionnelle..............................................................................................................................................32\nIII- ORIENTATIONS..........................................................................................................................................................................34\n1. Ges\u019fon et harmonisa\u019fon des aires......................................................................................................................................34\n2. D\u00e9veloppement de l'habitat s\u00e9dentaire...............................................................................................................................36\n3. Inclusion sociale....................................................................................................................................................................37\n4. Pilotage et anima\u019fon du sch\u00e9ma..........................................................................................................................................39\nIV. PRESCRIPTIONS ET PROGRAMME D'ACTIONS..........................................................................................................................41\n1. Le volet prescrip\u019ff.................................................................................................................................................................41\n1.1 Les aires permanentes d'accueil.....................................................................................................................................41\n1.2 Les aires de grand passage..............................................................................................................................................42\n1.3 Les Terrains Familiaux Loca\u019ffs Publics...........................................................................................................................45\n1.4 Implica\u019fon des communes de +5000 habitants dans le sch\u00e9ma...................................................................................50\n2. Le programme d'ac\u019fons.......................................................................................................................................................52\n2.1 Pilotage, anima\u019fon et suivi du sch\u00e9ma..........................................................................................................................52\n2.2 Coordina\u019fon, ges\u019fon et harmonisa\u019fon des aires..........................................................................................................53\n2.3 D\u00e9veloppement de l'offre d'habitat s\u00e9dentaire.............................................................................................................55\n2.4. Inclusion sociale.............................................................................................................................................................57\nANNEXES........................................................................................................................................................................................63\nSDAHGV du VAR \u2013 octobre 2024\n1\nDirection d\u00e9partementale des territoires et de la mer du Var - 83-2025-01-20-00012 - ARR\u00caT\u00c9 PR\u00c9FECTORAL DDTM/SHRU n\u00b0 2024-79\napprouvant le sch\u00e9ma d\u00e9partemental d'accueil et d'habitat des gens du voyage du Var 37\nINTRODUCTION\nI- CADRE L\u00c9GISLATIF ET R\u00c9GLEMENTAIRE1\n1. La loi 2000-614 dite \u00ab Besson 2 \u00bb et ses \u00e9volu\u019fons\nLes Sch\u00e9mas D\u00e9partementaux d' Accueil et d'Habitat des Gens du Voyage (SDAHGV) sont d\u00e9finis par la loi\n2000-614 dite loi Besson 2 de juillet 2000. Elle a depuis fait l'objet d'\u00e9volu\u019fons r\u00e9glementaires sans jamais\nvoir son corpus significa\u019fvement modifi\u00e9, les changements les plus significa\u019ffs r\u00e9sultant d'\u00e9volu\u019fon des\npra\u019fques d'administra\u019fons territoriales (transfert de charge aux EPCI), des bilans d'applica\u019fon apr\u00e8s 15 ans\nde mise en \u0153uvre (renforcement de la prise en compte de la s\u00e9dentarisa\u019fon et inscrip\u019fon des Terrains\nFamiliaux Loca\u019ffs Publics) ou encore de pr\u00e9cisions ou requalifica\u019fons d'\u00e9l\u00e9ments de ges\u019fon des communes\nsuite \u00e0 des d\u00e9cisions de jus\u019fce (ajout d'un \u00a76 \u00e0 l'ar\u019fcle 9) pour les plus significa\u019fves.\nLa loi d\u00e9finit un certain nombre de r\u00e8gles visant \u00e0 organiser ou coordonner l'accueil des gens du voyage sur\nle territoire na\u019fonal. Pour cela un ou\u019fl premier a \u00e9t\u00e9 cr\u00e9\u00e9 : le sch\u00e9ma d\u00e9partemental d'accueil et d'habitat\ndes gens du voyage. Celui-ci d\u00e9finit les modalit\u00e9s d'\u00e9valua\u019fon des besoins propres \u00e0 chaque d\u00e9partement\nainsi que leur d\u00e9clinaison dans les pra\u019fques au travers d'ac\u019fons et de recommanda\u019fons. La loi ne voulant\npas entrer dans une approche de discrimina\u019fon posi\u019fve, les seuls \u00e9l\u00e9ments opposables lors de sa cr\u00e9a\u019fon\n\u00e9taient les \u00e9quipements d'accueil des\u019fn\u00e9s \u00e0 recevoir dignement les gens du voyage i\u019fn\u00e9rants. L'ensemble\ndes  ac\u019fons  d'accompagnement  des  pr\u00e9sences  ou  d'installa\u019fons  d\u00e9fini\u019fves  de  familles  en  volont\u00e9  de\ns\u00e9dentarisa\u019fon devait y \u00eatre iden\u019ffi\u00e9es et renvoy\u00e9es de fa\u00e7on fl\u00e9ch\u00e9e vers les proc\u00e9dures existantes du\ndroit consid\u00e9r\u00e9es comme suffisantes pour r\u00e9pondre aux besoins de citoyens fran\u00e7ais de pra\u019fque ou culture\nnomade.\nFond\u00e9e  sur  des  principes  simples  \u00e0  par\u019fr  d'enjeux  et  besoins  globalement  partag\u00e9s  la  loi  2000-614,\naccompagn\u00e9e tr\u00e8s rapidement par des d\u00e9crets et circulaires qui posaient des r\u00e8gles et enjeux pos\u00e9s et\nopposables, se voulait efficace. Elle l'est bien plus que toutes celles qui l'ont pr\u00e9c\u00e9d\u00e9e. Ce faisant elle a\nouvert  des  champs  d'\u00e9valua\u019fon  et  d'analyse  cons\u00e9quents  qui  ont  conduit  \u00e0  la  compl\u00e9ter  d'\u00e9l\u00e9ments\ntechniques et sociologiques afin de r\u00e9pondre aux blocages et besoins compl\u00e9mentaires qui cons\u019ftuaient\ndes points iden\u019ffi\u00e9s de blocage ou dysfonc\u019fonnement. Ceux-ci concernent 2 volets principaux qui ont\ndepuis \u00e9t\u00e9 pr\u00e9cis\u00e9s et pris en compte par de nouveaux textes l\u00e9gisla\u019ffs et r\u00e9glementaires :\n- L'ampleur largement sous-es\u019fm\u00e9e par tous les acteurs, y compris gens du voyage, de la demande\nd'ancrage territorial au travers diverses formes d'habitat. Elle a conduit au blocage de nombreuses\naires des\u019fn\u00e9es \u00e0 l'accueil du fait de leur usage dominant comme sites de s\u00e9dentarisa\u019fons ;\n- Le second volet vise \u00e0 r\u00e9pondre au blocage \u00e9lev\u00e9 de la mise en \u0153uvre des aires de grand passage\nfacilit\u00e9 par une absence de prescrip\u019fon technique du fait que ces \u00e9quipements apparaissaient\nini\u019falement comme les plus simples \u00e0 r\u00e9aliser et les plus faciles \u00e0 g\u00e9rer . De fait ils ont \u00e9t\u00e9 tr\u00e8s peu\nmis  en  \u0153uvre  pour  des  pr\u00e9textes  vari\u00e9s  en  raison  de  leur  d\u00e9fini\u019fon  trop  vague.  Un  d\u00e9cret\nencadrant ces \u00e9quipements a in-fine \u00e9t\u00e9 n\u00e9cessaire pour faire cesser ces atermoiements et poser\nun cadre opposable ;\nAujourd'hui si la philosophie de la loi reste, elle est d\u00e9sormais compl\u00e9t\u00e9e de cadres compl\u00e9mentaires pour\ntenter de faire abou\u019fr les obliga\u019fons pr\u00e9vues dans les sch\u00e9mas d\u00e9partementaux.\nD'un point de vue organisa\u019fonnel et m\u00eame si l'iden\u019ffica\u019fon des besoins se situe encore \u00e0 l'\u00e9chelle com-\nmunale, suite \u00e0 l'adop\u019fon de la loi sur la r\u00e9organisa\u019fon territoriale (NOTRe) applicable au 1er janvier 2017,\nles charges d'inves\u019fssement et de fonc\u019fonnement sont transf\u00e9r\u00e9es aux EPCI sur lesquels ces besoins lo-\ncaux ont \u00e9t\u00e9 iden\u019ffi\u00e9s.\nLa loi n\u00b0 2017-86 du 27 janvier 2017 rela\u019fve \u00e0 l'\u00c9galit\u00e9 et la Citoyennet\u00e9 dans son ar\u019fcle 149 donne un r\u00f4le\nrenouvel\u00e9 aux sch\u00e9mas d\u00e9partementaux afin de r\u00e9pondre \u00e0 la tendance na\u019fonale li\u00e9e \u00e0 l'ancrage territorial\ndes gens du voyage tel que l'a soulign\u00e9 le rapport de la Cour des Comptes de 2017. Ainsi, elle d\u00e9finit de\nnouvelles obliga\u019fons en ma\u019f\u00e8re d'am\u00e9nagement de  Terrains Familiaux Loca\u019ffs Publics (TFLP). Ceux-ci\ndeviennent par cons\u00e9quent prescrip\u019fbles au m\u00eame \u019ftre que les aires permanentes d'accueil et les aires de\ngrand  passage,  quand  bien  m\u00eame  ils  ne  repr\u00e9sentent  qu'une  part  des  besoins  en  habitat  adapt\u00e9  \u00e0\ndes\u019fna\u019fon des gens du voyage. Si ces \u00e9quipements individuels ne sont toujours pas consid\u00e9r\u00e9s comme des\n1 L'ensemble des textes officiels de r\u00e9f\u00e9rences seront cit\u00e9s en fin de document pour une meilleure clart\u00e9\nSDAHGV du VAR \u2013 octobre 2024\n2\nDirection d\u00e9partementale des territoires et de la mer du Var - 83-2025-01-20-00012 - ARR\u00caT\u00c9 PR\u00c9FECTORAL DDTM/SHRU n\u00b0 2024-79\napprouvant le sch\u00e9ma d\u00e9partemental d'accueil et d'habitat des gens du voyage du Var 38\nhabitats mais comme de l'h\u00e9bergement, ils sont d\u00e9sormais pris en compte au \u019ftre de la loi SRU (d\u00e9cret du 5\nmai 2017).\nD'un point de vue fonc\u019fonnel, la loi pr\u00e9voit \u00e9galement que les commissions consulta\u019fves peuvent se doter\nde  comit\u00e9s permanents th\u00e9ma\u019fques en charge du suivi op\u00e9ra\u019fonnel de l'un ou l'autre des chapitres de\nprescrip\u019fon ou de recommanda\u019fon et en assurer la prise en compte lors des commissions consulta\u019fves\npl\u00e9ni\u00e8res qui en valident le fonc\u019fonnement et les conclusions \u00e9ventuelles.\nEnfin, la loi n\u00b02018-957 du 7 novembre 2018 rela\u019fve \u00e0 l'accueil des gens du voyage et \u00e0 la lu\u01a9e contre les\ninstalla\u019fons illicites vise \u00e0 clarifier les r\u00f4les des diff\u00e9rents acteurs dans l'organisa\u019fon de l'accueil des gens du\nvoyage. Elle est, principalement, venue expliciter le fonc\u019fonnement et les r\u00e8gles d'informa\u019fons exigibles\ndes groupes de plus de 150 caravanes en posant un d\u00e9lai d'avis d'arriv\u00e9e de 3 mois \u00e0 l'avance par courrier\nau pr\u00e9fet du d\u00e9partement pour informer de la venue (date et commune d'installa\u019fon souhait\u00e9e) pour les\ngrands groupes de ce\u01a9e taille. Il n'est cependant toujours rien demand\u00e9 de formel pour les grands groupes\nde 50 caravanes jusqu'\u00e0 ce\u01a9e taille cri\u019fque de 150.\nAu-del\u00e0 de 200 caravanes l'accueil ne rel\u00e8ve plus des collec\u019fvit\u00e9s mais de l'Etat : Le nombre de caravanes\naccueillies est sup\u00e9rieur \u00e0 celui d\u00e9fini comme de l'accueil courant ; avec toutefois un b\u00e9mol puisque le\nd\u00e9cret du 5 mars 2019 pr\u00e9cise que le comptage concerne les seules caravanes double-essieux.\nEn sus de ce\u01a9e obliga\u019fon informa\u019fve,  la loi cr\u00e9e un  alin\u00e9a 6 \u00e0 l'ar\u019fcle 9 de la loi 2000-614 afin de\nperme\u01a9re aux seules communes en r\u00e8gle avec leurs obliga\u019fons l\u00e9gales (disposer d'une aire d'accueil et que\ncelle-ci soit effec\u019fvement fonc\u019fonnelle) dans un EPCI qui ne l'est pas, de pouvoir poser un arr\u00eat\u00e9 municipal\nd'interdic\u019fon du sta\u019fonnement hors de l'aire d'accueil pr\u00e9vue \u00e0 cet effet.\nEn r\u00e9ponse aux vides techniques et juridiques rencontr\u00e9s par les  collec\u019fvit\u00e9s concernant l'accueil des\ngrands groupes, le d\u00e9cret du 5 mars 2019 vient pr\u00e9ciser les normes d'am\u00e9nagement d'une aire de grand\npassage ainsi que les modalit\u00e9s de comptage des grands groupes. \nDe fa\u00e7on op\u00e9ra\u019fonnelle les sch\u00e9mas d\u00e9partementaux s'ar\u019fculent  autour de deux items obligatoires qui\nd\u00e9finissent des  prescrip\u019fons  et  des  orienta\u019fons  tant  pour les  param\u00e8tres  d'accueil  et  d'habitat qu'en\nrapport avec la prise en compte des probl\u00e9ma\u019fques de droit commun qui accompagnent les r\u00e9alisa\u019fons ou\npr\u00e9sences de gens du voyage sur un territoire. Ce sont, d'une part, les param\u00e8tres d'accueil et d'habitat qui\nsont abord\u00e9s dans les prescrip\u019fons et d'autre part, les probl\u00e9ma\u019fques de droit commun en lien avec la\nr\u00e9alisa\u019fon d'\u00e9quipements ou la pr\u00e9sence de gens du voyage sur un territoire dans les orienta\u019fons. Les deux\nbases structurantes de ces sch\u00e9mas sont :\nLes  prescrip\u019fons  opposables :  Ini\u019falement,  la  loi  2000-614  pr\u00e9voyait  de  limiter  les  prescrip\u019fons\nopposables au seul champ de l'accueil des groupes i\u019fn\u00e9rants sur des installa\u019fons de s\u00e9jour temporaire. Au\nregard des \u00e9volu\u019fons dans les analyses, il est apparu souhaitable et finalement n\u00e9cessaire,  d'inscrire un\nchapitre  compl\u00e9mentaire pour  acter  la  situa\u019fon  des  m\u00e9nages  encore  i\u019fn\u00e9rants  mais  qui  posent  leur\nancrage territorial sur une commune ou un lieu sur lequel ils disposent de liens familiaux et administra\u019ffs\nqui  les  conduisent  \u00e0  revenir  et  s'arr\u00eater  de  fa\u00e7on  r\u00e9currente.  D\u00e9sormais,  les  prescrip\u019fons  opposables\ncomportent donc 3 chapitres.\n- Les aires d'accueil : axe principal de la loi 2000-614, elles doivent en permanence pouvoir ac-\ncueillir des pe\u019fts groupes i\u019fn\u00e9rants. Les circulaires d'applica\u019fon de la loi pr\u00e9cisent qu'elles ne\ndevraient pas d\u00e9passer 50 places. Les aires d'accueil b\u00e9n\u00e9ficient d'un cadre norma\u019ff qui en fixe\nles qualit\u00e9s minimales, lesquelles ont \u00e9t\u00e9 compl\u00e9t\u00e9es d'un guide conseil de la DGUHC puis d'un\nbilan d'usage en 2011 duquel ont  d\u00e9coul\u00e9 diverses recommanda\u019fons d'\u00e9volu\u019fon dans l'ap-\npr\u00e9hension des besoins.\n- Les aires de grand passage : second volet fort de la loi, ces \u00e9quipements sont des\u019fn\u00e9s \u00e0 l'accueil\ndes groupes de 50 \u00e0 200 caravanes.  Le d\u00e9cret N\u00b02019-171 du 5 mars 2019 pr\u00e9cise d\u00e9sormais les\nnormes d'am\u00e9nagement d'une aire de grand passage et notamment la superficie minimum de 4\nhectares pour ces \u00e9quipements. Des d\u00e9roga\u019fons argument\u00e9es sont possibles, dans le cas con-\ntraire les EPCI disposent de 3 ans pour se me\u01a9re au niveau qualita\u019ff minimal d\u00e9fini. Ce d\u00e9cret\npr\u00e9cise \u00e9galement les modalit\u00e9s de comptage du nombre de caravanes ainsi que les modalit\u00e9s\nde subs\u019ftu\u019fon possible de l'Etat dans l'int\u00e9r\u00eat g\u00e9n\u00e9ral.\nIl est \u00e0 noter que ce chapitre doit b\u00e9n\u00e9ficier d'une coordina\u019fon r\u00e9gionale renforc\u00e9e tant les enjeux sont in-\nSDAHGV du VAR \u2013 octobre 2024\n3\nDirection d\u00e9partementale des territoires et de la mer du Var - 83-2025-01-20-00012 - ARR\u00caT\u00c9 PR\u00c9FECTORAL DDTM/SHRU n\u00b0 2024-79\napprouvant le sch\u00e9ma d\u00e9partemental d'accueil et d'habitat des gens du voyage du Var 39\nterf\u00e9rents d'un d\u00e9partement \u00e0 l'autre, en par\u019fculier sur leurs franges. L'objec\u019ff est, en inves\u019fssement,\nd'\u00e9viter de voir plusieurs \u00e9quipements du m\u00eame ordre trop proches sans jus\u019ffica\u019fon d'usage, mais \u00e9gale-\nment, les reports de charges d'un d\u00e9partement en d\u00e9faut sur un voisin qui disposerait des moyens qui lui\nsont propres.\nLe second enjeu est celui d'une coordina\u019fon des arriv\u00e9es et d\u00e9parts des groupes sur un i\u019fn\u00e9raire qui inscrit\nune succession logique d'arr\u00eats. Ce travail partag\u00e9 des organisateurs et d\u00e9partements d'accueil permet\nd'\u00e9viter les arriv\u00e9es intempes\u019fves, en par\u019fculier le week-end lorsque le personnel d'astreinte est en nom-\nbre limit\u00e9 pour faciliter les entr\u00e9es ou sor\u019fes des \u00e9quipements. Depuis la Loi n\u00b0 2018-957 du 7 novembre\n2018, les groupes lorsqu'ils d\u00e9passent 150 caravanes sont tenus de transme\u01a9re leurs demandes d'arr\u00eat\navec les dates pr\u00e9cises d'arriv\u00e9e et de d\u00e9part 3 mois avant la date pr\u00e9vue de leur arriv\u00e9e.\n- Les terrains familiaux loca\u019ffs publics : ce troisi\u00e8me volet de prescrip\u019fon opposable aux collec-\n\u019fvit\u00e9s a \u00e9t\u00e9 rajout\u00e9 en janvier 2017 \u00e0 la loi. Ce\u01a9e inscrip\u019fon nouvelle s'appuie sur le constat que\ndes besoins en ancrage territorial existent, en par\u019fculier, pour des m\u00e9nages encore mobiles\nmais pour autant a\u01a9ach\u00e9s \u00e0 un territoire. La loi propose pour y r\u00e9pondre de s'appuyer sur la\nproduc\u019fon de Terrains Familiaux Publics Loca\u019ffs. Ces \u00e9l\u00e9ments sont d\u00e9crits dans une circulaire\ndu 17 d\u00e9cembre 2003, dont la r\u00e9\u00e9criture par d\u00e9cret a \u00e9t\u00e9 promise, en m\u00eame temps que ces pro-\nduits \u00e0 voca\u019fon r\u00e9siden\u019felle \u00e9taient inscrits dans la loi ; elle reste en a\u01a9ente. Ces nouveaux \u00e9l\u00e9-\nments opposables ne vont, cependant, pas jusqu'\u00e0 une \u00e9criture de besoins en habitat perma-\nnent sur un m\u00eame lieu puisqu'\u00e0 ce jour ils rel\u00e8vent du r\u00e9gime de l'h\u00e9bergement, en compa\u019fbil-\nit\u00e9 avec les normes techniques actuelles.\n\u00c0 l'ensemble de ces \u00e9l\u00e9ments d\u00e9clin\u00e9s comme n\u00e9cessaires, s'ajoute un volet de comp\u00e9tence \u00c9tat qui est\ncelui de l'accueil des \u00ab grands rassemblements \u00bb. Ces ph\u00e9nom\u00e8nes de grande ampleur concernent pour des\np\u00e9riodes courtes des rassemblements tr\u00e8s importants pouvant compter plusieurs milliers de caravanes2.\nLes annexes organisa\u019fonnelles : outre son volet contraignant pour les inves\u019fssements, le sch\u00e9ma\nd\u00e9partemental  d'accueil  et  d'habitat  doit  comporter  un  certain  nombre  d'annexes  dites\nd'accompagnement social \u00e0 coordonner avec l'ensemble des poli\u019fques publiques.\nCe sont ainsi 4 volets de proposi\u019fons compl\u00e9mentaires \u00e0 l'accueil qui sont \u00e0 d\u00e9cliner dans le\nSDAHGDV :\n- acc\u00e8s aux droits ;\n- inser \u019fon professionnelle et/ou \u00e9conomique ;\n- scolarisa \u019fon ;\n- sant\u00e9.\nOutre ces d\u00e9marches, il convient de proc\u00e9der \u00e0l'iden\u019ffica\u019fon des besoins en habitat . Il s'agit,\nessen\u019fellement, d'iden\u019ffier et d'accompagner les m\u00e9nages en situa\u019fon r\u00e9siden\u019felle pr\u00e9caire vers\nun habitat l\u00e9gal et d\u00e9cent.\n2 Ce\u01a9e situa\u019fon laisse un flou pour les groupes d'une taille comprise entre 200 et 1000 caravanes pour lesquels le principe\nd'efficacit\u00e9 op\u019fmale sera \u00e0 privil\u00e9gier.  Toutefois \u00e9merge de fa\u00e7on implicite du d\u00e9cret 2019-571 publi\u00e9 le 7 mars 2019 que les\ngroupes de plus de 200 caravanes rel\u00e8vent de la responsabilit\u00e9 de l'Etat avec lequel ils devraient contracter.\nSDAHGV du VAR \u2013 octobre 2024\n4\nDirection d\u00e9partementale des territoires et de la mer du Var - 83-2025-01-20-00012 - ARR\u00caT\u00c9 PR\u00c9FECTORAL DDTM/SHRU n\u00b0 2024-79\napprouvant le sch\u00e9ma d\u00e9partemental d'accueil et d'habitat des gens du voyage du Var 40\nLes acteurs de la r\u00e9alisa\u019fon du sch\u00e9ma\nDans  la  mise  en  \u0153uvre  du  sch\u00e9ma  d\u00e9partemental  d'accueil  et  d'habitat,  trois  acteurs  poli\u019fques\nintervenaient ini\u019falement : l'\u00c9tat et le D\u00e9partement assuraient la coges\u019fon des \u00e9tudes ainsi que l'anima\u019fon\ndu sch\u00e9ma alors que les communes portaient les mises en \u0153uvre des \u00e9quipements d'accueil. Ce\u01a9e derni\u00e8re\nmission pouvant de fa\u00e7on recommand\u00e9e et volontaire, \u00eatre port\u00e9e par des intercommunalit\u00e9s poli\u019fques ou\nth\u00e9ma\u019fques. La loi NOTRe a modifi\u00e9 ce\u01a9e structure op\u00e9ratoire. Si les r\u00f4les de l'\u00c9tat et du D\u00e9partement\nrestent sur leur champ de comp\u00e9tence ini\u019fal, le r\u00f4le des EPCI a \u00e9t\u00e9 ins\u019ftu\u019fonnalis\u00e9 et remplace l'autorit\u00e9\nles communes pour dans le cadre de l'inves\u019fssement ini\u019fal et du fonc\u019fonnement des \u00e9quipements, les\ncommunes restent les lieux de d\u00e9signa\u019fon pour la r\u00e9alisa\u019fon des installa\u019fons. Aujourd'hui, les r\u00f4les des\nuns et des autres se r\u00e9par\u019fssent autour des ac\u019fons suivantes :\na) L'\u00c9tat : Il ini\u019fe la mise en \u0153uvre et le suivi du sch\u00e9ma d\u00e9partemental dont il assure le copilotage\npoli\u019fque avec le D\u00e9partement. En cas de d\u00e9saccord avec le D\u00e9partement, il pourrait porter seul\nl'adop\u019fon et le suivi du fonc\u019fonnement du sch\u00e9ma ; ce qui n'est pas souhaitable.\nIl par\u019fcipe au financement des nouvelles prescrip\u019fons d'aires d'accueil. Les plus anciennes non\nr\u00e9alis\u00e9es ne b\u00e9n\u00e9ficient plus des financements publics du fait du retard de leur mise en \u0153uvre.\nIl assure le suivi du fonc\u019fonnement des aires d'accueil et valide l'acc\u00e8s \u00e0 la part d'aide \u00e0 la ges-\n\u019fon qu'il porte par le biais de l'Alloca\u019fon Logement Temporaire 2 (ALT 2).\nIl assure une coordina\u019fon renforc\u00e9e \u00e0 l'\u00e9chelle r\u00e9gionale dans l'organisa\u019fon des grands pas-\nsages.\nEn cas de non-r\u00e9alisa\u019fon d'un \u00e9quipement inscrit de fa\u00e7on opposable au sch\u00e9ma l'\u00e9tat dispose\ndu droit de subs\u019ftu\u019fon avec r\u00e9quisi\u019fon fonci\u00e8re et inscrip\u019fon d'office de la d\u00e9pense au budget\nde l'EPCI3.\nb) Le D\u00e9partement : Il co-pilote avec l'\u00c9tat la mise en \u0153uvre puis les r\u00e9visions du sch\u00e9ma d\u00e9parte-\nmental dont il co-pr\u00e9side la commission consulta\u019fve.\nDu fait de sa comp\u00e9tence dans le domaine de l'ac\u019fon sociale, il est au premier rang dans la coor-\ndina\u019fon des ac\u019fons d'acc\u00e8s aux services et aux droits pour les r\u00e9sidents des aires d'accueil. Il co-\nfinance avec l'\u00c9tat (Direc\u019fons D\u00e9partementales de l'Emploi, du Travail, des Solidarit\u00e9s et de la\nProtec\u019fon des Popula\u019fons - DDETSPP)l'accompagnement social et professionnel des personnes\nissues de la communaut\u00e9 des gens du voyage.\nIl par\u019fcipe aussi au travers sa comp\u00e9tence sur l'habitat social dans la mise en place des op\u00e9ra-\n\u019fons d'habitat adapt\u00e9 pour les s\u00e9dentaires. En par\u019fculier, il coordonne, en lien avec l'\u00c9tat, la\ncompa\u019fbilit\u00e9 entre le SDAHGV et le PDALHPD.\nc) Les communes :  Apr\u00e8s avoir \u00e9t\u00e9 les chefs de file de l'organisa\u019fon de l'accueil des i\u019fn\u00e9rants,\nelles restent iden\u019ffi\u00e9es au sch\u00e9ma d\u00e9partemental comme les lieux d'implanta\u019fon des aires\nd'accueil (les communes de plus de 5000 habitants sont obligatoirement par\u019fes prenantes du\nsch\u00e9ma, m\u00eame si elles ne sont pas d\u00e9sign\u00e9es pour accueillir un \u00e9quipement d'accueil), des aires\nde grand passage et des terrains familiaux loca\u019ffs publics. Si ce sont d\u00e9sormais les EPCI qui por-\ntent la r\u00e9alisa\u019fon, l'entre\u019fen et la ges\u019fon de ces installa\u019fons, depuis la clarifica\u019fon des comp\u00e9-\ntences entre les communes et leurs groupements issue de la loi n\u00b02018-957 du 7 novembre\n2018, les communes remplissent leurs obliga\u019fons en accueillant les aires et les terrains sur leur\nterritoire. Toutefois, avec le transfert de la comp\u00e9tence aux EPCI, et m\u00eame si les communes sont\nobligatoirement cit\u00e9es au sch\u00e9ma, l'intercommunalit\u00e9 est en droit et capacit\u00e9 de mutualiser cer-\ntaines prescrip\u019fons, ou implanter sur une commune autre que celle cit\u00e9e, une aire ou un terrain\nde grand passage dans le respect de la coh\u00e9rence g\u00e9ographique qui a conduit \u00e0 l'inscrip\u019fon de\nla commune au sch\u00e9ma4.\nPar le biais de leurs Centres Communaux d'Ac\u019fon Sociale (CCAS), elles doivent assurer l'acc\u00e8s\naux presta\u019fons sociales et services de droit commun des usagers des aires d'accueil qui sont\nconsid\u00e9r\u00e9s comme des habitants temporaires de la commune.\nElles organisent l'accueil scolaire des enfants.\nElles assurent la compa\u019fbilit\u00e9 de leurs Projets d'Am\u00e9nagement et de D\u00e9veloppement Durable\n3 Depuis l'adop\u019fon de la loi NOTRe en 2017 qui inscrit la charge de r\u00e9alisa\u019fon de ces \u00e9quipements ainsi que leur ges\u019fon aux EPCI.\n4 Le diagnos\u019fc d\u00e9signe les communes sur lesquelles des besoins d'accueil existent, quelle que soit leur taille. Par ailleurs toutes les\ncommunes de +5000 habitants sont cit\u00e9es et par\u019fcipent au sch\u00e9ma m\u00eame si elles ne n\u00e9cessitent pas la cr\u00e9a\u019fon d'une aire d'accueil\nsur leur territoire.\nSDAHGV du VAR \u2013 octobre 2024\n5\nDirection d\u00e9partementale des territoires et de la mer du Var - 83-2025-01-20-00012 - ARR\u00caT\u00c9 PR\u00c9FECTORAL DDTM/SHRU n\u00b0 2024-79\napprouvant le sch\u00e9ma d\u00e9partemental d'accueil et d'habitat des gens du voyage du Var 41\n(PADD) et Plan Local d'Urbanisme (PLU) avec les besoins iden\u019ffi\u00e9s (y compris les besoins r\u00e9si-\nden\u019fels des s\u00e9dentaires implant\u00e9s sur son territoire).\nd) Les \u00c9tablissements Publics de Coop\u00e9ra\u019fon Intercommunale :  Depuis janvier 2017 ils  ont la\ncharge d'appliquer les prescrip\u019fons du sch\u00e9ma et remplissent leurs obliga\u019fons en cr\u00e9ant, entre-\ntenant et en assurant la ges\u019fon des aires d'accueil, des aires de grands passages et des terrains\nfamiliaux loca\u019ffs publics. \u00c0 ce \u019ftre, outre les \u00e9quipements, ils ont la charge du pilotage des pro-\ntocoles d'accompagnement des habitants vers les services locaux les plus per\u019fnents au regard\ndes capacit\u00e9s d'accueil de ceux-ci.\nIls sont suscep\u019fbles de d\u00e9l\u00e9guer la ges\u019fon des \u00e9quipements \u00e0 des prestataires sp\u00e9cialis\u00e9s ou de\npasser des protocoles d'accompagnement social, avec des acteurs ad-hoc s'ils ne disposent pas\ndes comp\u00e9tences en interne.\nIls assurent la prise en compte des probl\u00e9ma\u019fques r\u00e9siden\u019felles iden\u019ffi\u00e9es au travers de leurs\ndocuments de programma\u019fon : Sch\u00e9ma de Coh\u00e9rence territoriale (ScoT), Programme Local de\nl'Habitat  (PLH) et \u00e9ventuellement Plan Local d'Urbanisme Intercommunal (PLUI).\n2. La proc\u00e9dure de r\u00e9vision du sch\u00e9ma d\u00e9partemental du Var\n3.1 Objec \u019ffs et contenu de la mission\nL'Etat et le Conseil D\u00e9partemental du Var ont d\u00e9cid\u00e9 conjointement de lancer la r\u00e9vision du sch\u00e9ma confor-\nm\u00e9ment \u00e0 l'ar\u019fcle 1, paragraphe III, de la loi n\u00b02000-614 du 5 juillet 2000 modifi\u00e9e selon la m\u00eame proc\u00e9-\ndure que celle de son \u00e9labora\u019fon. Ce\u01a9e d\u00e9cision a \u00e9t\u00e9 valid\u00e9e par la commission d\u00e9partementale consulta-\n\u019fve des gens du voyage le 20 novembre 2017. Elle a fait l'objet d'un arr\u00eat\u00e9 conjoint du pr\u00e9fet du Var et du\npr\u00e9sident du Conseil D\u00e9partemental du Var en date du 11 octobre 2018.\nLe bureau d'\u00e9tudes CATHS, structure pluridisciplinaire, a \u00e9t\u00e9 mandat\u00e9 pour r\u00e9aliser le diagnos\u019fc pr\u00e9alable \u00e0\nl'\u00e9labora\u019fon du sch\u00e9ma r\u00e9vis\u00e9 portant sur les objec\u019ffs suivants :  \n\uf0a7 Evalua\u019fon des interven\u019fons men\u00e9es depuis 2012\n- Bilan quan\u019fta\u019ff du sch\u00e9ma (\u00e9quipements r\u00e9alis\u00e9s, conformit\u00e9 des EPCI aux prescrip\u019fons\u2026).\n- Analyse de la qualit\u00e9 et du fonc\u019fonnement des aires d'accueil et aires de grand passage.\n- Analyse compara\u019fve des r\u00e8glements int\u00e9rieurs des diff\u00e9rentes aires.\n- Evalua\u019fon des interven\u019fons d'accompagnement de la s\u00e9dentarisa\u019fon.\n- Evalua\u019fon des difficult\u00e9s rencontr\u00e9es dans la mise en \u0153uvre des pr\u00e9conisa\u019fons pr\u00e9conis\u00e9es.\n\uf0a7 Evalua\u019fon des besoins d'accueil et connaissance des Gens du voyage circulant et sta\u019fonnant\ndans le Var\n- Recensement des sta\u019fonnements constat\u00e9s.\n- Ac \u019fons socio-\u00e9duca\u019fves \u00e0 mener.\n- Recherche de solu\u019fons en terrains familiaux et en habitat \u00e0 me\u01a9re en \u0153uvre.\n3.2 M\u00e9thodologie mise en \u0153uvre\nLe travail s'est appuy\u00e9 sur l'analyse quan\u019fta\u019fve et qualita\u019fve de donn\u00e9es et \u00e9l\u00e9ments de connaissance\ntransmis par la ma\u00eetrise d'ouvrage compl\u00e9t\u00e9e par une approche de terrain perme\u01a9ant de construire un\ndiagnos\u019fc partag\u00e9 par l'ensemble des acteurs locaux : Etat, D\u00e9partement, collec\u019fvit\u00e9s (EPCI), associa\u019fons\net \u00e9ventuellement repr\u00e9sentants locaux des Gens du voyage.\nLes trois volets de la poli\u019fque d'accueil et d'habitat des Gens du voyage que sont le calibrage des besoins\nassoci\u00e9 \u00e0 la mise en place d'une poli\u019fque coordonn\u00e9e de ges\u019fon des aires d'accueil, la ques\u019fon des grands\npassages ainsi que l'accompagnement de la s\u00e9dentarisa\u019fon (ancrage territorial) ont \u00e9t\u00e9 inves\u019fs. De m\u00eame\nont \u00e9t\u00e9 \u00e9tudi\u00e9s les enjeux sociaux comprenant les ac\u019fons rela\u019fves \u00e0 l'acc\u00e8s aux droits et aux services pu-\nblics, \u00e0 la scolarisa\u019fon, \u00e0 l'inser\u019fon professionnelle et \u00e0 la sant\u00e9.\nLe lancement de l'\u00e9tude a eu lieu lors de la commission d\u00e9partementale consulta\u019fve qui s'est d\u00e9roul\u00e9e le 4\nf\u00e9vrier 2020. En raison du contexte par\u019fculier li\u00e9 \u00e0 la pand\u00e9mie COVID \u2013 19, la conclusion du diagnos\u019fc qui\n\u00e9tait ini\u019falement pr\u00e9vue en fin d'ann\u00e9e 2020 a \u00e9t\u00e9 report\u00e9e au mois de mars 2021.\nSDAHGV du VAR \u2013 octobre 2024\n6\nDirection d\u00e9partementale des territoires et de la mer du Var - 83-2025-01-20-00012 - ARR\u00caT\u00c9 PR\u00c9FECTORAL DDTM/SHRU n\u00b0 2024-79\napprouvant le sch\u00e9ma d\u00e9partemental d'accueil et d'habitat des gens du voyage du Var 42\nNotre approche pour r\u00e9aliser l'actualisa\u019fon du diagnos\u019fc s'est d'abord appuy\u00e9e sur un recueil de donn\u00e9es\naupr\u00e8s de la ma\u00eetrise d'ouvrage. Outre l'appr\u00e9hension du contexte d\u00e9partemental rela\u019ff \u00e0 l'accueil et \u00e0\nl'habitat des gens du voyage, ce\u01a9e d\u00e9marche a \u00e9galement permis de rep\u00e9rer les acteurs locaux incontour-\nnables et d'iden\u019ffier les probl\u00e9ma\u019fques territoriales \u00e0 approfondir.\nLe recueil des donn\u00e9es a \u00e9t\u00e9 compl\u00e9t\u00e9 au-fur-et-\u00e0 mesure de l'avancement du diagnos\u019fc suite aux ren-\ncontres avec les diff\u00e9rents acteurs. Il con\u019fent l'ensemble des documents suivants :\n- le sch\u00e9ma d\u00e9partemental d'accueil et d'habitat du Var 2012-2018 ;\n- arr\u00eat\u00e9 n\u00b02020-50 du 28 janvier 2020 de renouvellement de la commission d\u00e9partementale consulta-\n\u019fve des gens du voyage du Var ;\n- l'\u00e9tat des lieux de l'avancement du sch\u00e9ma au 01/01/2020 (tableau et cartes conformit\u00e9 des com-\nmunes et EPCI) ;\n- compte-rendu des commissions d\u00e9partementales consulta\u019fves de 2011 \u00e0 2018 ;\n- bilans de la mission de coordina\u019fon grands passages de 2012 \u00e0 2019 (SOLIHA) ;\n- bilan des demandes et r\u00e9serva\u019fon des grands groupes pour l'ann\u00e9e 2021 ;\n- taux d'occupa\u019fon des aires d'accueil de 2017 \u00e0 2019 (DDETS- ALT2) ;\n- bilan 2019 et des demandes d'\u00e9vacua\u019fons \u2013 Bureau de la S\u00e9curit\u00e9 publique- Pr\u00e9fecture du Var ;\n- PLALHPD 2016-2022 du Var ;\n- donn\u00e9es d'occupa\u019fons illicites et arr\u00eat\u00e9s pr\u00e9fectoraux d'expulsions no\u019ffi\u00e9es pour les ann\u00e9es 2021 et\n2022 ;\n- plan quinquennal pour le logement d'abord 2018-2022 ;\n- Sch\u00e9ma d\u00e9partemental de la domicilia\u019fon des personnes sans domicile stable 2017 ;\n- sch\u00e9mas d\u00e9partementaux en cours du Vaucluse, des Bouches-du-Rh\u00f4ne, des Alpes-Mari\u019fmes, des\nAlpes-de-Haute-Provence et des Hautes-Alpes.\nCe\u01a9e ac\u019fon ini\u019fale a \u00e9t\u00e9 poursuivie par la visite des \u00e9quipements d'accueil r\u00e9alis\u00e9s et en fonc\u019fonnement\nsur le d\u00e9partement, par des rencontres ou des entre\u019fens t\u00e9l\u00e9phoniques avec les acteurs concern\u00e9s ou im-\npliqu\u00e9s dans la mise en \u0153uvre du sch\u00e9ma d\u00e9partemental sous la forme d'entre\u019fens individuels ou collec-\n\u019ffs. Elle a permis par ailleurs de compl\u00e9ter directement aupr\u00e8s des acteurs concern\u00e9s les donn\u00e9es re-\ncueillies au d\u00e9marrage de l'\u00e9tude en par\u019fculier celles se rapportant \u00e0 la ges\u019fon et au fonc\u019fonnement des\n\u00e9quipements d'accueil :\n- R\u00e8glements int\u00e9rieurs des aires d'accueil et de grand passage5 ;\n- bilans d'ac\u019fvit\u00e9s 2017 \u00e0 2019 pour l'aire de La Farl\u00e8de ;\n- bilans d'ac\u019fvit\u00e9s 2017 et 2018 pour les aires d'accueil de La Garde, Six-Fours-les-Plages, Brignoles\net Le Luc-en-Provence ;\n- bilans d'ac\u019fvit\u00e9s 2017 et 2018 pour les aires de Grand passage de la Crau et Fr\u00e9jus.\nUn premier compte-rendu de l'\u00e9tude a \u00e9t\u00e9 d\u00e9livr\u00e9 \u00e0 l'occasion d'un comit\u00e9 de pilotage qui a eu lieu le 28\njanvier 2021 avec une finalisa\u019fon du diagnos\u019fc envisag\u00e9e pour le mois de mars 2021.\nAfin de compl\u00e9ter le recueil des donn\u00e9es, un ques\u019fonnaire accompagn\u00e9 d'un courrier explica\u019ff a \u00e9t\u00e9 trans-\nmis par les services de l'\u00c9tat \u00e0 l'ensemble des communes et EPCI du d\u00e9partement afin de recenser sur les\nann\u00e9es 2017, 2018 et 2019, les sta\u019fonnements de groupes de caravanes en dehors des aires d'accueil6 et\nles situa\u019fons d'ancrage territorial. 54 communes ont r\u00e9pondu portantle taux de r\u00e9ponses global \u00e0 65,6 %,\ndont 34 communes de plus de 5000 habitants. \n5 A l'excep\u019fon du r\u00e8glement int\u00e9rieur de l'aire de grand passage de Vidauban\n6 Avec dis\u019fnc\u019fon des groupes inf\u00e9rieurs \u00e0 50 caravanes et des groupes sup\u00e9rieurs \u00e0 50 caravanes\nSDAHGV du VAR \u2013 octobre 2024\n7\nDirection d\u00e9partementale des territoires et de la mer du Var - 83-2025-01-20-00012 - ARR\u00caT\u00c9 PR\u00c9FECTORAL DDTM/SHRU n\u00b0 2024-79\napprouvant le sch\u00e9ma d\u00e9partemental d'accueil et d'habitat des gens du voyage du Var 43\nII- DIAGNOSTIC\n1. Les prescrip\u019fons du SDAHGV 2012- 2018\nLe sch\u00e9ma d\u00e9partemental d'accueil et d'habitat du Var r\u00e9vis\u00e9 pour la p\u00e9riode 2012-2018, a \u00e9t\u00e9 approuv\u00e9\npar arr\u00eat\u00e9 pr\u00e9fectoral du 15 octobre 20127. Le disposi\u019ff d'accueil a \u00e9t\u00e9 d\u00e9fini \u00e0 l'\u00e9chelle de huit bassins\nd'habitat au sein desquels les communes de plus de 5000 habitants pouvaient conclure des conven\u019fons\npr\u00e9voyant le regroupement des aires d'accueil. \nEn 2012, le d\u00e9partement disposait de quatre aires d'accueil homologu\u00e9es et une aire de grand passage ou-\nvertes : \n- l'aire de Brignoles ;\n- l'aire du Luc-en-Provence ;\n- l'aire de La Farl\u00e8de ;\n- l'aire de six-Fours-Les-Plages ;\n- l'aire de grand passage de Fr\u00e9jus.\nL'aire de Puget-sur-Argens avait \u00e9t\u00e9 occup\u00e9e de fa\u00e7on forc\u00e9e alors qu'elle \u00e9tait en cours de fini\u019fon.  Suite\naux d\u00e9grada\u019fons successives et aux installa\u019fons de fait sur le site et du fait d'un ph\u00e9nom\u00e8ne de ghe\u01a9o\u00efsa-\n\u019fon menant \u00e0 la d\u00e9grada\u019fon des condi\u019fons de vie des occupants, l'aire de Puget-sur-Argens a fait l'objet\nen 2022 d'une fermeture administra\u019fve.\nLe sch\u00e9ma d\u00e9partemental adopt\u00e9 en 2012 a d\u00e9fini un d\u00e9coupage en bassins d'habitat consid\u00e9r\u00e9s comme\np\u00e9rim\u00e8tres per\u019fnents en termes de fonc\u019fonnement territorial. L'\u00e9tude pr\u00e9alable de 2012 a \u00e9t\u00e9 men\u00e9e \u00e0\nce\u01a9e \u00e9chelle et les r\u00e9alisa\u019fons en aires d'accueil et aires de grand passage ont \u00e9t\u00e9 inscrites \u00e0 ce\u01a9e \u00e9chelle\nde prescrip\u019fon ; l'\u00e9chelle de r\u00e9alisa\u019fon \u00e9tant celle de la commune et de l'EPCI.\nCe\u01a9e unit\u00e9 de prescrip\u019fon n'a pas \u00e9t\u00e9 retenue dans le cadre de la nouvelle \u00e9tude conduite en pr\u00e9vision de\nla r\u00e9vision du sch\u00e9ma d\u00e9partemental car elle pr\u00e9sente de nombreux \u00e9cueils :\n- une \u00e9chelle de prescrip\u019fon qui n'a aucune r\u00e9alit\u00e9 juridique ni administra\u019fve ;\n- une \u00e9chelle de prescrip\u019fon et une \u00e9chelle de r\u00e9alisa\u019fon dis\u019fnctes qui ne facilitent pas la lecture\ndes obliga\u019fons respec\u019fves sur les territoires ;\n- certaines prescrip\u019fons d'\u00e9quipement portent sur deux EPCI dis\u019fncts situ\u00e9s au sein d'un m\u00eame bas-\nsin d'habitat, c'est notamment le cas sur les bassins d'habitat de Fr\u00e9jus-Saint Rapha\u00ebl et celui de\nToulon 2\u00e8me couronne Est. \nOutre ces \u00e9cueils, la formula\u019fon des prescrip\u019fons figurant dans le sch\u00e9ma d\u00e9partemental de 2012-2018 ne\npermet pas de les rendre opposables pour deux raisons :\n- le ma\u00eetre d'ouvrage n'est pas pr\u00e9cis\u00e9ment d\u00e9sign\u00e9 (commune ou EPCI) ;\n- l'inscrip\u019fon stricte des communes portant l'obliga\u019fon de r\u00e9alisa\u019fon des \u00e9quipements n'est pas\npr\u00e9cis\u00e9e. Toutes les communes de plus de 5000 habitants sont cit\u00e9es hors de toute r\u00e9f\u00e9rence aux\nbesoins en accueil iden\u019ffi\u00e9s.\n\uf0c4 Les EPCI d\u00e9tenant d\u00e9sormais de fa\u00e7on obligatoire la comp\u00e9tence rela\u019fve \u00e0 l'am\u00e9nagement, l'entre-\n\u019fen, la ges\u019fon des aires d'accueil, terrains de grand passage et terrains familiaux loca\u019ffs publics\n(TFLP) depuis le 1er janvier 2017 (loi NOTRe n\u00b0 2015-991 du 7 ao\u00fbt 2015). En cons\u00e9quence un d\u00e9cou-\npage \u00e0 l'\u00e9chelle de l'EPCI sera privil\u00e9gi\u00e9 dans la suite de ce document. Pour autant et conform\u00e9-\nment \u00e0 la loi les communes porteuses des obliga\u019fons de localisa\u019fon des \u00e9quipements des aires\nd'accueil seront cit\u00e9es nomm\u00e9ment, \u00e0 charge pour l'EPCI d\u00e9sign\u00e9 comme ma\u00eetre d'ouvrage de posi-\n\u019fonner une aire en coh\u00e9rence avec le besoin iden\u019ffi\u00e9 \u00e0 l'int\u00e9rieur du p\u00e9rim\u00e8tre intercommunal s'il\nle souhaite.\nAu regard des donn\u00e9es du diagnos\u019fc et de la n\u00e9cessaire dissocia\u019fon des besoins en accueil de ceux en an-\ncrage et s\u00e9dentarisa\u019fon, le besoin en aires d'accueil et en aires de grand passage inscrit dans le sch\u00e9ma\n2022 r\u00e9vis\u00e9 par rapport \u00e0 celui de 2012 a \u00e9t\u00e9 revu \u00e0 la baisse avec :\n7 Le premier sch\u00e9ma d\u00e9partemental du Var a \u00e9t\u00e9 approuv\u00e9 le 17 avril 2003\nSDAHGV du VAR \u2013 octobre 2024\n8\nDirection d\u00e9partementale des territoires et de la mer du Var - 83-2025-01-20-00012 - ARR\u00caT\u00c9 PR\u00c9FECTORAL DDTM/SHRU n\u00b0 2024-79\napprouvant le sch\u00e9ma d\u00e9partemental d'accueil et d'habitat des gens du voyage du Var 44\n- 10 aires d'accueil comprenant 450 \u00e0 600 places8\n- 6 aires de grand passage comprenant 1200 places9 \n TABLEAU DES PRESCRIPTIONS DU SDAHGV 2012-2018 PAR BASSIN D'HABITAT  \nBassins d'habitat\n2012\nCommunes d\u00e9si-\ngn\u00e9es en 2012\nEPCI comp\u00e9tent en 2021 Aire d'accueil\nen places\nAire de grand passage\nen places\nPROVENCE VERTE BRIGNOLES\nTOURVES\nSAINT-MAXIMIN\nPOURRIERES\nGAREOULT\nROCBARON\nPROVENCE VERTE 40\nFREJUS-SAINT RA-\nPHA\u00cbL\nFREJUS\nSAINT-RAPHAEL\nPUGET /ARGENS\nROQUEBRUNE /AR-\nGENS\nFAYENCE\nMONTAUROUX\nCOMMUNAUTE D'AG-\nGLOMERATION VAR ES-\nTEREL MEDITERRANEE \n(CAVEM) \nCC PAYS DE FAYENCE\n60 150\nAIRE DRACENOISE DRAGUIGNAN\nVIDAUBAN\nTRANS EN PROVENCE\nLES ARCS\nLORGUES\nLE MUY\nDRACENIE PROVENCE \nVERDON AGGLOMERA-\nTION\n150\nC\u0152UR DE VAR LE LUC CC C\u0152UR DE VAR 38\nGOLFE DE SAINT-\nTROPEZ\nCAVALAIRE\nSAINTE-MAXIME\nCOGOLIN\nCC GOLFE DE SAINT-TRO-\nPEZ\n60 300\nTOULON 1ere COU-\nRONNE\nCARQUEIRANNE\nHYERES\nLA GARDE\nLE PRADET\nLA VALETTE DU VAR\nLA CRAU\nSAINT-MANDRIER\nSIX-FOURS-LES-\nPLAGES\nLA SEYNE S/MER\nTOULON\nOLLIOULES\nMETROPOLE TOULON \nPROVENCE MEDITERRA-\nNEE (TPM)\n32 150\nTOULON 2\u00e8me COU-\nRONNE EST\nLA FARLEDE\nSOLLIES-PONT\nSOLLIES-TOUCAS\nLA LONDE\nPIERREFEU\nBORMES-LES-MIMO-\nSAS\nLE LAVANDOU\nCUERS\nCC VALLEE DU GAPEAU\nCC MEDITERRANEE \nPORTE DES MAURES\n30\nTOULON 2\u00e8me COU-\nRONNE OUEST\nSANARY\nLA CADIERE\nLE BEAUSSET\nSAINT-CYR\nBANDOL\nCC SUD SAINTE BAUME 30 150\n8 Contre 18 aires d'accueil inscrites dans le sch\u00e9ma d\u00e9partemental de 2003\n9 Contre 7 aires de grand passage inscrites dans le sch\u00e9ma d\u00e9partemental de 2003\nSDAHGV du VAR \u2013 octobre 2024\n9\nDirection d\u00e9partementale des territoires et de la mer du Var - 83-2025-01-20-00012 - ARR\u00caT\u00c9 PR\u00c9FECTORAL DDTM/SHRU n\u00b0 2024-79\napprouvant le sch\u00e9ma d\u00e9partemental d'accueil et d'habitat des gens du voyage du Var 45\neu ms aToulon 1e couronnemsToulon 2e couronne Est\njh \u00e0 Territoire d\u00e9sign\u00e9 au SDAHGV 2012-2018[- =| Aire d'accueil r\u00e9alis\u00e9eSR Pr\u00e9scriptions en AA opposables en 2012OR Aire d'accueil non conformepu) Aire de grand passage r\u00e9alis\u00e9ege Prescriptions en AGP opposables en 2012\nPrescrip\u019fons du SDAHGV 2012-2018 et r\u00e9alisa\u019fons \n2. Bilan de la r\u00e9alisa\u019fon du SDAHGV 2012-2018\n2.1 Les aires permanentes d'accueil\nFin 2014, une aire d'accueil a \u00e9t\u00e9 r\u00e9alis\u00e9e \u00e0 La Garde sur le territoire de la M\u00e9tropole Toulon Provence M\u00e9-\nditerran\u00e9e amenant \u00e0 cinq le nombre d'aires d'accueil disponibles sur le d\u00e9partement : soit un taux de r\u00e9a-\nlisa\u019fon en nombre de places correspondant \u00e0 55 %, soit un peu plus de la moi\u019f\u00e9 des prescrip\u019fons.\nCinq aires permanentes d'accueil prescrites n'ont pas \u00e9t\u00e9 r\u00e9alis\u00e9es soit 150 places manquantes :\n- 2 aires totalisant 60 places sur le territoire d'Est\u00e9rel C\u00f4te d'Azur Agglom\u00e9ra\u019fon et de la Commu-\nnaut\u00e9 de communes du pays de la Fayence ;\n- 2 aires totalisant 60 places sur le territoire de la Communaut\u00e9 de communes du Golfe de Saint-Tro-\npez ;\n- 1 aire totalisant 30 places sur le territoire de la Communaut\u00e9 d'agglom\u00e9ra\u019fon Sud Sainte Baume.\nLa commune de Saint-Zacharie membre de l'EPCI du pays d'Aubagne et de l'Etoile, principalement situ\u00e9e\ndans les Bouches-du-Rh\u00f4ne est ra\u01a9ach\u00e9e au prochain sch\u00e9ma en cours de r\u00e9vision de ce d\u00e9partement.\nSDAHGV du VAR \u2013 octobre 2024\n10\nDirection d\u00e9partementale des territoires et de la mer du Var - 83-2025-01-20-00012 - ARR\u00caT\u00c9 PR\u00c9FECTORAL DDTM/SHRU n\u00b0 2024-79\napprouvant le sch\u00e9ma d\u00e9partemental d'accueil et d'habitat des gens du voyage du Var 46\nLes taux d'occupa\u019fon des aires d'accueil du Var\nLe taux d'occupa\u019fon indique des modes de fonc\u019fonnements des aires d'accueil tr\u00e8s divers lorsqu'on les\nconfronte \u00e0 la r\u00e9alit\u00e9.\nLes sites dont le taux est sup\u00e9rieur \u00e0 80% se situent sur l'agglom\u00e9ra\u019fon toulonnaise (La Garde et Six-Fours-\nles-Plages) lequel est \u00e0 rapprocher d'un indicateur na\u019fonal qui consid\u00e8re que de tels taux sont g\u00e9n\u00e9rale-\nment significa\u019ffs d'une s\u00e9dentarisa\u019fon de fait. \nLes aires dont le taux est inf\u00e9rieur \u00e0 50% s'expliquent diff\u00e9remment. C'est notamment le cas de l'aire d'ac-\ncueil de Brignoles sur les ann\u00e9es 2016, 2017 et 2018 dont la sous-u\u019flisa\u019fon peut \u00eatre a\u01a9ribu\u00e9e au fait que\nl'\u00e9quipement n\u00e9cessite une modernisa\u019fon et \u00e0 son implanta\u019fon sur une zone de transit soumise \u00e0 des fluc-\ntua\u019fons de pr\u00e9sences saisonni\u00e8res importantes. \nLes aires dont le taux se situe entre 50% et 80% repr\u00e9sentent en g\u00e9n\u00e9ral une rota\u019fon conforme aux at-\ntentes port\u00e9es sur ces \u00e9quipements. C'est le cas de l'aire d'accueil de la Farl\u00e8de et de celle du Luc-en-Pro-\nvence.  Pour autant trois indicateurs viennent minimiser cet op\u019fmisme : la pr\u00e9sence de familles en voie de\ns\u00e9dentarisa\u019fon, les d\u00e9roga\u019fons et la fermeture annuelle sur l'aire du Luc-en-Provence.\nLe syst\u00e8me des d\u00e9roga\u019fons pr\u00e9vues pour r\u00e9pondre \u00e0 diff\u00e9rents mo\u019ffs, est difficile \u00e0 organiser de fa\u00e7on ob-\njec\u019fve, mais surtout \u00e0 valider aupr\u00e8s des m\u00e9nages. Ce syst\u00e8me vient de fait amenuiser les effets parfois\nstricts du r\u00e8glement int\u00e9rieur, le rendant moins efficace voire caduc.\nDe l'observa\u019fon g\u00e9n\u00e9rale, les aires d'accueil font l'objet d'enjeux entre les familles originaires du territoire\nd'implanta\u019fon administra\u019fve de l'aire, lesquelles recherchent des places sur des lieux o\u00f9 se stabiliser ou\norganiser les venues de leurs parents i\u019fn\u00e9rants de passage qui par d\u00e9faut improvisent des sta\u019fonnements\nspontan\u00e9s faute de rota\u019fon suffisante sur les \u00e9quipements. \nTaux d'occupa\u019fon des aires d'accueil\nAnn\u00e9e Brignoles Le Luc La Farl\u00e8de La Millonne\nSix Fours\nLa Chaberte\nLa Garde\n2016 22% 54% 79% 89% 78%\n2017 22% 53% 56% 85% 89%\n2018 45% 56% 55% 87% 90%\n2019 62% 57% 53% 63% 91%\n2020 51% 55% 35% 76% 87%\n2021 56% 61% 38% 75% 75%\nMoyenne 43 56 53 79 85\nSur 2020 2021 taux d'occupa\u019fon fortement influenc\u00e9 par le confinement avec des ph\u00e9nom\u00e8nes d'\u00e9vic\u019fon de public\nsur l'aire de la Farl\u00e8de. \nBrignolesle LucLa Farl\u00e8deLa Millonne -Six FoursLa Charberte-La Garde0%\n10%\n20%\n30%\n40%\n50%\n60%\n70%\n80%\n90%\n100%\nALT2 - Evolu\u019fon du taux d'occupa\u019fon par aire d'accueil\n2016\n2017\n2018\n2019\nSDAHGV du VAR \u2013 octobre 2024\n11\nDirection d\u00e9partementale des territoires et de la mer du Var - 83-2025-01-20-00012 - ARR\u00caT\u00c9 PR\u00c9FECTORAL DDTM/SHRU n\u00b0 2024-79\napprouvant le sch\u00e9ma d\u00e9partemental d'accueil et d'habitat des gens du voyage du Var 47\nUne occupa\u019fon des aires influenc\u00e9e par l'aide \u00e0 la ges\u019fon\nIl convient de pr\u00e9ciser que durant la p\u00e9riode d'applica\u019fon du SDAHGV 2012-2018 du Var en cours de r\u00e9vi-\nsion, les aides \u00e0 la ges\u019fon des aires d'accueil des gens du voyage ont \u00e9t\u00e9 profond\u00e9ment modifi\u00e9es par le\nd\u00e9cret n\u00b0 2014- 1742 du 30 d\u00e9cembre 2014 rela\u019ff \u00e0 l'aide vers\u00e9e aux ges\u019fonnaires d'aire d'accueil des gens\ndu voyage (ALT2). En effet, le sou\u019fen aux aires d'accueil remplace l'aide forfaitaire par une aide condi\u019fon-\nn\u00e9e \u00e0 l'occupa\u019fon effec\u019fve des places. Ce\u01a9e mesure favorise une meilleure occupa\u019fon des aires dans une\nlogique du d\u00e9veloppement des aires d'accueil, en suivant les pr\u00e9conisa\u019fons du rapport de la Cour des\ncomptes d'octobre 2012. Elles sont vers\u00e9es au ges\u019fonnaire de l'aire d'accueil, sur la base d'une conven\u019fon\nannuelle entre l'Etat, le Conseil d\u00e9partemental et le ges\u019fonnaire op\u00e9ra\u019fonnel direct de l'aire (EPCI ou\nautre op\u00e9rateur sur passa\u019fon d'un march\u00e9 public).\nPlus pr\u00e9cis\u00e9ment le versement du montant total de l'ALT2 se d\u00e9compose de la mani\u00e8re suivante :\n- un montant fixe, calcul\u00e9 en fonc\u019fon du nombre total de places de caravanes conformes et effec\u019f-\nvement disponibles, par mois et par aire ;\n- un montant variable calcul\u00e9 en fonc\u019fon du nombre total de places caravanes conformes et effec\u019f-\nvement disponibles et en fonc\u019fon du taux moyen d'occupa\u019fon, par mois et par aire.\nL'arr\u00eat\u00e9 du 9 mars 2018 est venu modifier les montants de l'aide pour 2018, et ceux-ci ont de nouveau \u00e9t\u00e9\nmodifi\u00e9s en 2019 avec une baisse successive du montant de la part fixe et une augmenta\u019fon de la part va-\nriable engendrant une hausse progressive de la contribu\u019fon des collec\u019fvit\u00e9s ges\u019fonnaires.\nUn des effets pervers qui a pu \u00eatre observ\u00e9 na\u019fonalement est la tenta\u019fon des collec\u019fvit\u00e9s et des ges\u019fon-\nnaires d'augmenter la tarifica\u019fon du droit de s\u00e9jour et/ou de gonfler ar\u019fficiellement les taux d'occupa\u019fon\nen favorisant l'allongement des dur\u00e9es de s\u00e9jour par le jeu des d\u00e9roga\u019fons. Ce\u01a9e pra\u019fque comporte le\nrisque majeur de favoriser et l\u00e9gi\u019fmer la s\u00e9dentarisa\u019fon sur les aires d'accueil ; ph\u00e9nom\u00e8ne observable sur\nle d\u00e9partement qui g\u00e9n\u00e8re une part des sta\u019fonnements sauvages.\nLes ac\u019fons et interven\u019fons sociales sur les aires d'accueil\nLe disposi\u019ff de fonc\u019fonnement et de ges\u019fon des aires d'accueil doit \u00eatre compl\u00e9t\u00e9 par des interven\u019fons\nd'accompagnement sp\u00e9cifiques visant \u00e0 favoriser l'inscrip\u019fon des gens du voyage dans la vie locale. Ainsi\nl'ar\u019fcle 1 -II de la loi n\u00b0 2000-614 du 5 juillet 2000 modifi\u00e9e pr\u00e9voit en effet que le sch\u00e9ma d\u00e9partemental\nd'accueil et d'habitat des gens du voyage prenne en compte les possibilit\u00e9s de scolarisa\u019fon des enfants,\nd'acc\u00e8s aux soins et d'exercice des ac\u019fvit\u00e9s \u00e9conomiques sur les secteurs g\u00e9ographiques d'implanta\u019fon et\nles communes pour d\u00e9terminer les territoires o\u00f9 doivent \u00eatre r\u00e9alis\u00e9es les infrastructures d'accueil.  En\noutre, l'ar\u019fcle 6 de ce\u01a9e loi dispose que des conven\u019fons, qui pr\u00e9voient les modalit\u00e9s financi\u00e8res de mise\nen \u0153uvre des ac\u019fons \u00e0 caract\u00e8re social, sont pass\u00e9es entre l'\u00c9tat, le d\u00e9partement, les organismes sociaux\nconcern\u00e9s le cas \u00e9ch\u00e9ant, et les ges\u019fonnaires des aires d'accueil. \nLe projet social et \u00e9duca\u019ff (PSE) et ses composantes dont l'obliga\u019fon a \u00e9t\u00e9 rappel\u00e9e et le r\u00f4le renforc\u00e9 par\nla loi \u00c9galit\u00e9 et Citoyennet\u00e9, cons\u019ftue un ou\u019fl \u00e0 adosser sur chacune des aires permanentes d'accueil, exis-\ntantes ou \u00e0 cr\u00e9er. L'objec\u019ff de ce projet, \u00e9labor\u00e9 id\u00e9alement en amont de la cr\u00e9a\u019fon de l'aire d'accueil,\nvise \u00e0 assurer la coordina\u019fon des diff\u00e9rents acteurs de l'accompagnement social afin de perme\u01a9re aux r\u00e9si-\ndents de l'aire une socialisa\u019fon de plein droit et sans d\u00e9lais dans la cit\u00e9 o\u00f9 ils sont arr\u00eat\u00e9s, de par\u019fciper \u00e0 la\nvie locale et d'acc\u00e9der \u00e0 l'ensemble des services que propose le territoire.\nLe projet social a d'abord \u00e9t\u00e9 pens\u00e9 pour les aires d'accueil permanentes. Mais aujourd'hui avec l'\u00e9volu\u019fon\nl\u00e9gisla\u019fve concernant les terrains familiaux, ce disposi\u019ff appara\u00eet tout \u00e0 fait per\u019fnent pour \u00eatre \u00e9tendu et\nconduit sur l'ensemble du territoire de l'EPCI et ce, quel que soit le mode de r\u00e9sidence des personnes.\nSi l'acc\u00e8s et l'orienta\u019fon vers les services de droit commun forment la base de ces projets, la mise en place\nd'ac\u019fons passerelles ou sp\u00e9cifiques compl\u00e9mentaires et posi\u019fonn\u00e9es dans le temps peuvent s'av\u00e9rer n\u00e9-\ncessaire pour abou\u019fr \u00e0 la voca\u019fon affich\u00e9e d'acc\u00e8s et d'usage effec\u019ff \u00e0 l'ensemble des presta\u019fons offertes\naux habitants d'un territoire pendant toute la dur\u00e9e de s\u00e9jour des i\u019fn\u00e9rants.\nLa diversit\u00e9 des profils et des situa\u019fons des m\u00e9nages induit des besoins divers dont les comp\u00e9tences sont\nport\u00e9es par diff\u00e9rentes ins\u019ftu\u019fons. Les r\u00e9ponses \u00e0 apporter n\u00e9c\u00e9ssitent une compl\u00e9mentarit\u00e9 des acteurs,\nune adapta\u019fon de leurs m\u00e9thodes de travail et souvent une simultan\u00e9it\u00e9 dans la conduite des ac\u019fons.  Le\nprojet social doit \u00eatre \u00e9labor\u00e9 en prenant appui sur un diagnos\u019fc par\u019fcipa\u019ff et partag\u00e9 avec l'ensemble\nSDAHGV du VAR \u2013 octobre 2024\n12\nDirection d\u00e9partementale des territoires et de la mer du Var - 83-2025-01-20-00012 - ARR\u00caT\u00c9 PR\u00c9FECTORAL DDTM/SHRU n\u00b0 2024-79\napprouvant le sch\u00e9ma d\u00e9partemental d'accueil et d'habitat des gens du voyage du Var 48\nExemple de trame pour la mise en \u0153uvre des Projets Socio-Educa\u019ffs (PSE) :\n\uf0e8 descrip\u019ff g\u00e9n\u00e9ral de l'aire d'accueil ou de l'habitat s\u00e9dentaire (situa\u019fon, nombre emplacement, \nco\u00fbt) ;\n\uf0e8 iden\u019ffica\u019fon des intervenants sur site et des services de proximit\u00e9 ;\n\uf0e8 iden\u019ffica\u019fon des modalit\u00e9s de portage de la fonc\u019fon de coordina\u019fon ;  \n\uf0e8 modalit\u00e9s d'anima\u019fon du PSE ;\n\uf0e8 constats et diagnos\u019fc des besoins par th\u00e9ma\u019fque ;\no acc\u00e8s au droit et accompagnement social ;\no sant\u00e9 ;\no scolarisa\u019fon ;\no anima\u019fon et loisirs ;\no inser\u019fon professionnelle et forma\u019fon ;\n\uf0e8 mise en place d'ac\u019fons en fonc\u019fon des besoins ;\no ac\u019fon collec\u019fve ;\no ac\u019fon individuelle ;\no partenariat \u00e0 me\u01a9re en \u0153uvre ;\no interven\u019fon sur site / hors site. \ndes acteurs sociaux impliqu\u00e9s sur le territoire. La par\u019fcipa\u019fon des gens du voyage dans l'\u00e9labora\u019fon du\nprojet social est souvent une condi\u019fon incontournable de r\u00e9ussite. Il se veut \u00e9volu\u019ff, et fait l'objet d'une\nanima\u019fon, d'un suivi et d'une \u00e9valua\u019fon r\u00e9guli\u00e8re qui perme\u01a9ent les ajustements n\u00e9cessaires et les \u00e9volu-\n\u019fons qui s'imposent.\nCompte tenu de l'\u00e9volu\u019fon l\u00e9gisla\u019fve qui implique une prise en compte obligatoire des besoins de s\u00e9den-\ntarisa\u019fon, la demande et les besoins sociaux des gens du voyage s'amplifient et se diversifient. \u00c0 ce\u01a9e date\nla sous \u00e9s\u019fma\u019fon de ce besoin avait limit\u00e9 la r\u00e9ponse \u00e0 une simple annexe orientant vers le droit commun\nde l'habitat, et en par\u019fculier, l'habitat social. Aujourd'hui au vu de l'ampleur et de la diversit\u00e9 des situa-\n\u019fons rencontr\u00e9es, il appara\u00eet n\u00e9cessaire  d'aller au-del\u00e0 de l'exigence l\u00e9gisla\u019fve de 2001 et de me\u01a9re en\nplace un dialogue d'inclusion sociale port\u00e9 par des projets socio-\u00e9duca\u019ffs (PSE) sp\u00e9cifiques aux aires d'ac-\ncueil et \u00e0 leur public. \nManifestement ces derniers s'av\u00e8rent non seulement un disposi\u019ff indispensable au sou\u019fen de la ges\u019fon\nquo\u019fdienne des aires d'accueil et de l'accompagnement des i\u019fn\u00e9rants vers l'acc\u00e8s aux services locaux, mais\ndoivent s'ouvrir aux diff\u00e9rentes probl\u00e9ma\u019fques de ges\u019fon loca\u019fve adapt\u00e9e, en par\u019fculier pour les terrains\nfamiliaux loca\u019ffs publics. Ces op\u00e9ra\u019fons de long terme et de lisibilit\u00e9 con\u019fnue dans les paysages urbains se\nposent aussi comme un r\u00e9v\u00e9lateur des besoins d'un groupe social rest\u00e9 longtemps tr\u00e8s discret voire absent\ndes ins\u019ftu\u019fons et structures d'accompagnement du dit \u00ab droit commun \u00bb. Devant la diversifica\u019fon des th\u00e9-\nma\u019fques et des ins\u019ftu\u019fons concern\u00e9es le projet socio-\u00e9duca\u019ff devient un disposi\u019ff indispensable de l'ac-\ncompagnement social des gens du voyage et du fonc\u019fonnement de leurs lieux de vie. Reste \u00e0 surmonter les\ndifficult\u00e9s li\u00e9es au pilotage et \u00e0 la coordina\u019fon des PSE. Autant le Conseil D\u00e9partemental, en charge de l'ac-\n\u019fon social, que les EPCI, en charge de la comp\u00e9tence gens du voyage pourraient se saisir de la conduite des\nPSE.  L'appel \u00e0 projet exp\u00e9rimental conduit par la DDETS en fin d'ann\u00e9e 2022 pourra servir de base de tra-\nvail pour une mise en place g\u00e9n\u00e9ralis\u00e9e des PSE sur le d\u00e9partement du Var.\n \nAucune aire d'accueil n'est dot\u00e9e d'un projet socio-\u00e9duca\u019ff formalis\u00e9 conform\u00e9ment aux exigences r\u00e9gle-\nmentaires sur le d\u00e9partement du Var. N\u00e9anmoins, un accompagnement social est mis en \u0153uvre par la so-\nci\u00e9t\u00e9 GDV aupr\u00e8s des familles durant leur s\u00e9jour sur l'aire d'accueil de Brignoles. Par ailleurs, une ac\u019fon\nd'anima\u019fon aupr\u00e8s des enfants de l'aire d'accueil est confi\u00e9e \u00e0 l'associa\u019fon FACE Var sur l'aire du Luc-en-\nProvence par le prestataire SVAG V\u00e9olia. Toutefois ces deux ac\u019fons interrogent sur la contradic\u019fon qu'il y a\n\u00e0 porter \u00e0 la fois le r\u00f4le de ges\u019fonnaire loca\u019ff et celui d'accompagnateur social, quand bien m\u00eame celle-ci\nest d\u00e9l\u00e9gu\u00e9e sur l'aire du Luc-en-Provence.\nIl en r\u00e9sulte qu'en dehors de l'aire de Brignoles, les familles ne disposent pas d'un accompagnement forma-\nlis\u00e9 le temps de leur s\u00e9jour. Si les familles ancr\u00e9es et domicili\u00e9es sur le d\u00e9partement semblent s'adresser \nSDAHGV du VAR \u2013 octobre 2024\n13\nDirection d\u00e9partementale des territoires et de la mer du Var - 83-2025-01-20-00012 - ARR\u00caT\u00c9 PR\u00c9FECTORAL DDTM/SHRU n\u00b0 2024-79\napprouvant le sch\u00e9ma d\u00e9partemental d'accueil et d'habitat des gens du voyage du Var 49\ndirectement aux services de droit commun qu'elles ont l'habitude de solliciter, les i\u019fn\u00e9rants s\u00e9journant de\nquelques jours \u00e0 plusieurs mois sur les aires d'accueil ne disposent pas quant \u00e0 eux de relais locaux. C'est\nbien la no\u019fon de con\u019fnuit\u00e9 du service du droit qui interpelle plut\u00f4t que des blocages significa\u019ffs sur un\nquelconque territoire du d\u00e9partement.\nSta\u019fonnements illicites des groupes de moins de 50 caravanes en dehors des aires d'accueil\nL'analyse des sta\u019fonnements illicites a pour objec\u019ff de v\u00e9rifier si les \u00e9quipements cr\u00e9\u00e9s sont suffisants\npour r\u00e9pondre aux besoins d'accueil sur les territoires concern\u00e9s et dans le cas contraire les raisons pour\nlesquelles ils ne le sont pas. \nSur les autres secteurs non dot\u00e9s d'aires d'accueil, ils perme\u01a9ent de mesurer si des besoins existent et s'ils\nn\u00e9cessitent la r\u00e9alisa\u019fon d'\u00e9quipements. Dans le cas o\u00f9 ces passages r\u00e9currents sont trop occasionnels\npour jus\u019ffier l'inves\u019fssement lourd que cons\u019ftue une aire d'accueil, les communes doivent n\u00e9anmoins l'or-\nganiser avec un acc\u00e8s minimal \u00e0 l'eau potable et l'\u00e9lectricit\u00e9 sur un site sain, s\u00e9curis\u00e9 et non expos\u00e9 \u00e0 des\nnuisances environnementales.  \nOutre le nombre et l'\u00e9chelle des sta\u019fonnements observ\u00e9s sur une p\u00e9riode donn\u00e9e, il est primordial de bien\nen appr\u00e9hender leur nature afin de pr\u00e9ciser au mieux le besoin et par voie de cons\u00e9quence la solu\u019fon la\nplus adapt\u00e9e en termes d'accueil ou d'habitat selon les cas : \n- une aire permanente ; \n- une aire saisonni\u00e8re ;\n- un terrain de simple halte (ou aire de pe\u019ft passage suivant d\u00e9nomina\u019fon 1990), etc. \nAinsi, pour chaque sta\u019fonnement relev\u00e9 il est per\u019fnent d'en conna\u00eetre la p\u00e9riode, la dur\u00e9e de s\u00e9jour,\nl'\u00e9chelle des groupes en nombre de caravanes, les mo\u019ffs de sta\u019fonnement et l'origine de ces groupes (lo-\ncale,  d\u00e9partementale,  r\u00e9gionale,  na\u019fonale).  Selon  ce\u01a9e  approche,  l'iden\u019ffica\u019fon  de  groupes  relevant\nd'une r\u00e9ponse en termes de stabilisa\u019fon de l'habitat via un terrain familial ou un habitat adapt\u00e9 est par\u019f-\nculi\u00e8rement centrale : c'est le cas des groupes dits en \u00ab errance locale \u00bb qui se d\u00e9placent par obliga\u019fon ou\ncontrainte, sur un secteur g\u00e9ographique limit\u00e9, d'un site \u00e0 un autre et par d\u00e9faut de lieu de vie stable.\n2.2 Les aires de grand passage\nTrois aires de grand passage suppl\u00e9mentaires ont \u00e9t\u00e9 r\u00e9alis\u00e9es durant la p\u00e9riode de validit\u00e9 du sch\u00e9ma en\nvigueur \u00e0 La Crau, Cogolin et Vidauban amenant \u00e0 quatre le nombre d'aires disponibles pour les grands\ngroupes sur le d\u00e9partement soit 480 places sur les 750 pr\u00e9vues pour un taux de r\u00e9alisa\u019fon de 53% des\nprescrip\u019fons :\n- une aire de grand passage de 150 places n'a pas \u00e9t\u00e9 r\u00e9alis\u00e9e sur le territoire de la Communaut\u00e9\nd'agglom\u00e9ra\u019fon Sud Sainte-Baume ;\n- une r\u00e9alisa\u019fon par\u019felle sur le territoire de la Communaut\u00e9 de communes du Golfe de Saint-Tropez\navec la r\u00e9alisa\u019fon d'une aire de grand passage de 100 places et 200 places restant \u00e0 r\u00e9aliser.\n- une r\u00e9alisa\u019fon par\u019felle sur le territoire de l'Agglom\u00e9ra\u019fon Drac\u00e9nie Provence Verdon avec la r\u00e9ali-\nsa\u019fon d'une aire de grand passage de 80 places au lieu des 150 places prescrites\nL'arrondissement de Brignoles ne figure pas parmi les territoires ayant re\u00e7u d'obliga\u019fons de r\u00e9alisa\u019fon\nd'aire de grand passage. \nDisposi\u019ff mis en \u0153uvre\nLa ges\u019fon des quatre aires de grand passage s'organise \u00e0 deux niveaux : une ges\u019fon des \u00e9quipements par\nles d\u00e9l\u00e9gataires des EPCI et la mission d\u00e9partementale de coordina\u019fon-m\u00e9dia\u019fon confi\u00e9e \u00e0 SOLIHA pour le\nsuivi de ce\u01a9e th\u00e9ma\u019fque.\nLa  mission de coordina\u019fon d\u00e9partementale des  grands  passages  est confi\u00e9e \u00e0  SOLIHA par l'\u00c9tat et le\nConseil d\u00e9partemental du Var depuis 2013. Elle a pour objet de traiter toutes les demandes de sta\u019fonne-\nment des groupes de caravanes compris entre 50 et 200 caravanes, avec les collec\u019fvit\u00e9s territoriales, EPCI\nou leurs ges\u019fonnaires, afin que ces demandes re\u00e7oivent une r\u00e9ponse adapt\u00e9e selon le territoire souhait\u00e9 et\nSDAHGV du VAR \u2013 octobre 2024\n14\nDirection d\u00e9partementale des territoires et de la mer du Var - 83-2025-01-20-00012 - ARR\u00caT\u00c9 PR\u00c9FECTORAL DDTM/SHRU n\u00b0 2024-79\napprouvant le sch\u00e9ma d\u00e9partemental d'accueil et d'habitat des gens du voyage du Var 50\nla taille du groupe concern\u00e9. Ce\u01a9e mission fait l'objet d'une conven\u019fon triennale comprenant les objec\u019ffs\nsuivants :\n- centraliser les demandes de grands passages des gens du voyage ;\n- \u00e9tablir la programma\u019fon pr\u00e9visionnelle des groupes annonc\u00e9s ;\n- Coordonner les r\u00e9ponses \u00e0 apporter sur le terrain avec le pr\u00e9fet, les EPCI et les communes concer-\nn\u00e9es ;\n- \u00eatre l'interlocuteur privil\u00e9gi\u00e9 dans les rela\u019fons entre l'Etat, les collec\u019fvit\u00e9s et les gens du voyage.\nPlus concr\u00e8tement elle est r\u00e9alis\u00e9e au travers des ac\u019fons successives d\u00e9crites ci-apr\u00e8s :\n1- la pr\u00e9para\u019fon des grands passages, la coordina\u019fon et l'ajustement des demandes en amont orga-\nnis\u00e9s en 3 grandes phases comprenant du mois d'octobre \u00e0 la mi-f\u00e9vrier, le recensement et la cen-\ntralisa\u019fon des demandes d'installa\u019fon, puis de la mi-f\u00e9vrier \u00e0 la fin f\u00e9vrier, l'analyse des demandes\net la concerta\u019fon avec les associa\u019fons repr\u00e9senta\u019fves, et enfin, au mois de mars, la finalisa\u019fon du\ncalendrier pr\u00e9visionnel des passages pour la p\u00e9riode es\u019fvale \u00e0 venir avec informa\u019fon des services\net partenaires impliqu\u00e9s ;\n2- la pr\u00e9para\u019fon de l'accueil des groupes comprenant la recherche de terrains adapt\u00e9s avec les ac-\nteurs impliqu\u00e9s, l'actualisa\u019fon du calendrier et sa transmission \u00e0 chaque commune et EPCI concer-\nn\u00e9, au pr\u00e9fet, \u00e0 la DDTM et au Conseil D\u00e9partemental ;\n3- la ges\u019fon des grands passages de mai \u00e0 ao\u00fbt comprenant l'accueil du groupe sur le site, la par\u019fci-\npa\u019fon \u00e0 l'\u00e9tat des lieux d'entr\u00e9e et la signature de la conven\u019fon d'occupa\u019fon, la pr\u00e9sence au d\u00e9-\npart du groupe et la par\u019fcipa\u019fon \u00e0 l'\u00e9tat des lieux de sor\u019fe, la m\u00e9dia\u019fon en cas de conflits ;\n4- la r\u00e9dac\u019fon du bilan annuel des grands passages. \nL'analyse des rapports d'ac\u019fvit\u00e9 de SOLIHA a permis d'enrichir de mani\u00e8re importante les donn\u00e9es re-\ncueillies dans le cadre de l'\u00e9tude aupr\u00e8s des communes et des services de s\u00e9curit\u00e9 en perme\u01a9ant notam-\nment de me\u01a9re en perspec\u019fve les demandes d'installa\u019fon, les r\u00e9serva\u019fons valid\u00e9es et les passages effec-\n\u019ffs sur les aires de grand passage. De plus, le bilan 2019 de la mission de coordina\u019fon et de m\u00e9dia\u019fon r\u00e9-\npertorie \u00e9galement les sta\u019fonnements illicites qui ont eu lieu en dehors des aires de grand passage durant\nla p\u00e9riode es\u019fvale, ce qui a permis de dresser une image assez compl\u00e8te de la situa\u019fon sur ce\u01a9e th\u00e9ma-\n\u019fque au cours de l'ann\u00e9e concern\u00e9e10. \n\u00c0 noter que les donn\u00e9es de 2020 n'ont pas \u00e9t\u00e9 prises en compte, la pand\u00e9mie de Covid-19 ayant fortement\nperturb\u00e9 la saison de grand passage.  \nLes constats r\u00e9sultant de l'\u00e9tude rela\u019fve aux passages des grands groupes indiquent que ces derniers s'ins-\ncrivent dans les m\u00eames logiques de circula\u019fon que celles des pe\u019fts groupes i\u019fn\u00e9rants et locaux. De ma-\nni\u00e8re comparable, ils restent encore plus centr\u00e9s sur les secteurs situ\u00e9s le long des axes na\u019fonaux les plus\na\u01a9rac\u019ffs d'un point de vue \u00e9conomique et touris\u019fque ; c'est-\u00e0-dire : le secteur de l'agglom\u00e9ra\u019fon de Tou-\nlon, le secteur du Golfe de Saint-Tropez et enfin celui de Fr\u00e9jus. Les grands groupes sont majoritairement\nstructur\u00e9s sous l'\u00e9gide de l'associa\u019fon Ac\u019fon Grands Passages (AGP),  structure organisatrice des missions\nau sein du mouvement Vie et Lumi\u00e8re et issue du mouvement \u00e9vang\u00e9lique. Ils se d\u00e9placent sur des par-\ncours \u00e9tablis annuellement par AGP. Une autre par\u019fe de ces groupes f\u00e9d\u00e8re de grands i\u019fn\u00e9rants, principa-\nlement commer\u00e7ants qui sont plus souvent en rela\u019fon avec l'associa\u019fon France Libert\u00e9 Voyage.\nMalgr\u00e9 le disposi\u019ff de pr\u00e9para\u019fon mis en place, la pr\u00e9vision des passages reste difficile et le nombre de\ngroupes pr\u00e9sents est toujours inf\u00e9rieur au nombre de demandes pour plusieurs raisons : \n- les demandes sont souvent d\u00e9connect\u00e9es de la r\u00e9alit\u00e9 de l'offre car portant sur des p\u00e9riodes simul-\ntan\u00e9es sur des communes dis\u019fnctes et sans \u00e9quipement. On constate que les demandes restent\nn\u00e9anmoins concentr\u00e9es sur les 3 secteurs varois les plus propices au commerce que sont l'agglo-\nm\u00e9ra\u019fon toulonnaise, le Golfe de Saint-Tropez et l'agglom\u00e9ra\u019fon de Fr\u00e9jus11 o\u00f9 des aires de grand\npassage existent mais on en retrouve \u00e9galement sur le secteur du Sud Sainte-Baume non dot\u00e9 \u00e0 ce\n10 Le d\u00e9tail des donn\u00e9es rela\u019fves \u00e0 chaque ann\u00e9e (2017, 2018 et 2019) et aux secteurs g\u00e9ographiques concern\u00e9s fi-\ngurent dans les annexes consacr\u00e9es \u00e0 la th\u00e9ma\u019fque des grands passages.\n11 85% des demandes portaient sur ces secteurs en 2019\nSDAHGV du VAR \u2013 octobre 2024\n15\nDirection d\u00e9partementale des territoires et de la mer du Var - 83-2025-01-20-00012 - ARR\u00caT\u00c9 PR\u00c9FECTORAL DDTM/SHRU n\u00b0 2024-79\napprouvant le sch\u00e9ma d\u00e9partemental d'accueil et d'habitat des gens du voyage du Var 51\njour. Enfin des groupes en transit vers les Alpes Mari\u019fmes et l'Italie souhaitent s'arr\u00eater sur le Pays\nde Fayence ;\n- la taille des groupes de passage peut \u00e9galement varier d'une installa\u019fon \u00e0 l'autre (passant par\nexemple de 50 \u00e0 150 caravanes). Certains groupes ini\u019falement limit\u00e9s se regroupent au gr\u00e9 de cir-\nconstances ponctuelles et a\u01a9eignent ainsi des tailles trop importantes, m\u00eame si elles sont quelque-\nfois inf\u00e9rieures \u00e0 50 caravanes, pas r\u00e9ellement adapt\u00e9es pour se rendre sur les aires disponibles ;\n- des groupes qui changent de programme et s'adaptent en cours de saison en se repliant sur des\nterrains priv\u00e9s ou publics. Les raisons de ces changements peuvent \u00eatre li\u00e9es aux al\u00e9as familiaux\nrencontr\u00e9s par les membres des groupes, aux difficult\u00e9s \u00e9conomiques ou encore au refus de se\nrendre sur les aires de grand passage de Cogolin et Vidauban. \nDans ce domaine, la situa\u019fon en termes d'offre et de condi\u019fons d'accueil sur les d\u00e9partements li-\nmitrophes peut \u00e9galement intervenir dans les modes de d\u00e9placements ; aussi une coordina\u019fon \u00e0\nl'\u00e9chelle r\u00e9gionale, normalement obligatoire, serait largement u\u019fle lors de la pr\u00e9para\u019fon des calen-\ndriers de r\u00e9serva\u019fon. \nEnfin, le r\u00e9ajustement du calendrier pr\u00e9visionnel est constant et demande une souplesse d'organisa\u019fon\nafin de r\u00e9pondre aux besoins le moment venu : l'installa\u019fon de groupes n'ayant pas r\u00e9serv\u00e9 ne peut \u00eatre\naccept\u00e9e en dernier ressort que selon la disponibilit\u00e9 des \u00e9quipements.\nBilan des grands passages\nLa mission de coordina\u019fon observe dans son bilan de 2019 que l'occupa\u019fon des aires de grand passage est\nen l\u00e9g\u00e8re diminu\u019fon mais repr\u00e9sente surtout une part de plus en plus faible parmi l'ensemble des installa-\n\u019fons : les installa\u019fons illicites de grands groupes hors des aires de grand passage recens\u00e9es en 2019 sont\nen augmenta\u019fon. Ainsi les installa\u019fons sont principalement effectu\u00e9es sur des terrains priv\u00e9s et sur deux\ndes aires de grand passage disponibles (La Crau et Fr\u00e9jus). L'ann\u00e9e 2017 a semble-t-il \u00e9t\u00e9 par\u019fculi\u00e8rement\ndifficile \u00e0 g\u00e9rer d'apr\u00e8s le t\u00e9moignage des acteurs impliqu\u00e9s (gendarmerie, SOLIHA, collec\u019fvit\u00e9s) en par\u019fcu-\nlier sur le secteur du Golfe de Saint-Tropez o\u00f9 la saison es\u019fvale a \u00e9t\u00e9 tr\u00e8s tendue : plusieurs groupes sont\narriv\u00e9s massivement, bloquant les principaux axes rou\u019fers, entra\u00eenant des tensions avec les \u00e9lus et les habi-\ntants alors que l'aire de grand passage de Cogolin n'a \u00e9t\u00e9 u\u019flis\u00e9e qu'une seule fois.\nLes donn\u00e9es de SOLIHA montrent aussi que les r\u00e9serva\u019fons pour l'ann\u00e9e 2021 sont sensiblement compa-\nrables \u00e0 celles de 2019, avec 17 r\u00e9serva\u019fons pour un total de 33 demandes. La plupart des demandes se\nconcentrent sur les aires de La Crau (11 demandes), Cogolin (8 demandes) et Fr\u00e9jus (5 demandes). Ce\u01a9e\ntendance confirme le manque de place de sta\u019fonnement pour les grands groupes. L'aire de Vidauban (1\ndemande en 2021) semble avoir une moindre a\u01a9rac\u019fvit\u00e9 du fait de sa posi\u019fon excentr\u00e9e par rapport au\nli\u01a9oral.\nSi les donn\u00e9es de Soliha de 2020 n'ont pu \u00eatre recueillies du fait de la pand\u00e9mie de Covid-19, les donn\u00e9es\nrela\u019fves \u00e0 l'ann\u00e9e 2021 montrent une dynamique rela\u019fvement similaire \u00e0 celle des ann\u00e9es pr\u00e9c\u00e9dentes.\n         Tableau r\u00e9capitula\u019ff des demandes, r\u00e9serva\u019fons et sta\u019fonnements des grands groupes   (SOLIHA)  \nAnn\u00e9e Demandes R\u00e9serva \u019fons Passages\nLicites\nPassages\nIllicites\nPassages\nHors AGP\n2017 50 16 12 4 11\n2018 19 12 13 1 8\n2019 42 17 10 1 1\n2020      \n2021 33 14 11 0 20 12\nLa lecture d\u00e9taill\u00e9e de ces comptages montre une certaine confusion sur la nature effec\u019fve des interven-\n\u019fons puisque certaines d'entre elles concernent des groupes de moins de 50 caravanes, sur sollicita\u019fon des\ncollec\u019fvit\u00e9s. Lesquelles s'inscrivent de fait au-del\u00e0 du r\u00f4le th\u00e9orique de la mission de m\u00e9dia\u019fon du grand\npassage. Ce\u01a9e confusion a son importance car elle ne permet pas de fixer objec\u019fvement des orienta\u019fons\nde r\u00e9ponse pour les grands groupes en pr\u00e9sence hors AGP et perturbent \u00e9galement les comptages du pas-\n12 Ce chiffre repr\u00e9sente le nombre d'interven\u019fons de Soliha en 2021 sur des cas d'installa\u019fons illicites hors AGP\nSDAHGV du VAR \u2013 octobre 2024\n16\nDirection d\u00e9partementale des territoires et de la mer du Var - 83-2025-01-20-00012 - ARR\u00caT\u00c9 PR\u00c9FECTORAL DDTM/SHRU n\u00b0 2024-79\napprouvant le sch\u00e9ma d\u00e9partemental d'accueil et d'habitat des gens du voyage du Var 52\nsage courant. En effet ces sta\u019fonnements ill\u00e9gaux peuvent signifier un manque d'aire d'accueil ou d'aires\nde grand passage, mais aussi des besoins de s\u00e9dentarisa\u019fon, prot\u00e9g\u00e9s en faisant nombre, selon la taille des\ngroupes. \u00c0 la marge il peut para\u00eetre n\u00e9cessaire de revisiter la proc\u00e9dure de ges\u019fon de ces grands passages\npour iden\u019ffier les manques. \nLes donn\u00e9es de la pr\u00e9fecture du Var rela\u019fves aux occupa\u019fons illicites comptabilisent quant \u00e0 elles 139 cas\nen 2021 et 108 en 2022. Toutefois ce comptage est peu discriminant et concerne tous les arr\u00eats hors sites\nam\u00e9nag\u00e9s de gens du voyage, toute taille de groupes confondues qui ont \u00e9t\u00e9 signal\u00e9s ou constat\u00e9s.\nL'arrondissement de Toulon est le plus touch\u00e9 par ce ph\u00e9nom\u00e8ne avec 145 cas de sta\u019fonnements illicites\nsur les deux ann\u00e9es, et une concentra\u019fon de la plupart des cas sur le territoire de Toulon Provence M\u00e9di-\nterran\u00e9e. L'arrondissement de Draguignan reste tr\u00e8s a\u01a9rac\u019ff avec 87 cas sur ce\u01a9e m\u00eame p\u00e9riode dont 48\ncas sur le Golfe de Saint-Tropez. L'arrondissement de Brignoles demeure marqu\u00e9 par tr\u00e8s peu de sta\u019fonne-\nments conflictuels signal\u00e9s (15 en 2021 et 2022), mais il reste un territoire de transit important.\nSta\u019fonnements illicites par territoire pour les ann\u00e9es 2021 et 2022 (donn\u00e9es pr\u00e9fecture)  13  \nARRONDISSEMENT EPCI / INTERCOMMUNALITES 2021 2022 TOTAL\nTOULON CA Toulon Provence M\u00e9diterran\u00e9e 61 34\n145CC Vall\u00e9e du Gapeau 5 2\nCC M. Portes des Maures 7 9\nCA Sud Sainte Baume 10 17\nDRAGUIGNAN CC Golfe de Saint-Tropez 22 26\n87\nCA Val \u2013Est\u00e9rel-m\u00e9diterran\u00e9e 12 8\nCC Pays de La Fayence 8 1\nCA Drac\u00e9noise 5 5\nBRIGNOLES CA Provence Verte 6 4\n15\nCC c\u0153ur du Var 2 1\nCC Provence Verdon 1 1\nCC Lacs et Gorges du Verdon 0 0\nTotal 139 108 247  \n13  Donn\u00e9es rela\u019fves aux occupa\u019fons illicites et arr\u00eat\u00e9s pr\u00e9fectoraux d'expulsions no\u019ffi\u00e9es pour les ann\u00e9es 2021 et 2022\nSDAHGV du VAR \u2013 octobre 2024\n17\nDirection d\u00e9partementale des territoires et de la mer du Var - 83-2025-01-20-00012 - ARR\u00caT\u00c9 PR\u00c9FECTORAL DDTM/SHRU n\u00b0 2024-79\napprouvant le sch\u00e9ma d\u00e9partemental d'accueil et d'habitat des gens du voyage du Var 53\nNe }\\ \\ Saint-Maximin \u2014|\u00c0\nCA Coeur du VarCA Toulon Provence M\u00e9dit\u00e9ran\u00e9eUM CA Sud Sainte Baume|_| cdc Vall\u00e9e du GapeauMM cdc M\u00e9d Portes des MauresLUN c\u00e9c Golfe de Saint-TropezCA Val -Est\u00e9rel-m\u00e9diterran\u00e9eEN CC Pays de La FayenceCA Drac\u00e9noise| | CA Provence Verte[NI cc Provence Verdon[cA Lacs et Gorges du Verdon\nSta\u019fonnements illicites r\u00e9pertori\u00e9s en 2021 et   2022 par commune   (pr\u00e9fecture)   \nUn autre ph\u00e9nom\u00e8ne a \u00e9t\u00e9 iden\u019ffi\u00e9 ces derni\u00e8res ann\u00e9es : des installa\u019fons de groupes de taille plut\u00f4t\nmoyenne sur les aires de grand passage, soit des groupes compris entre 50 et 80 caravanes et quelquefois\ninf\u00e9rieurs \u00e0 50 caravanes. Situa\u019fon paradoxale dans la mesure o\u00f9 le nombre de caravanes observ\u00e9 sur les\nsta\u019fonnements illicites se situe au sein d'une fourche\u01a9e de 50 \u00e0 150 caravanes.\nPlusieurs sta\u019fonnements de plus de 200 caravanes sont \u00e9galement observ\u00e9s, principalement sur le secteur\ndu Sud Sainte-Baume et du Golfe de Saint-Tropez ainsi qu'\u00e0 Fr\u00e9jus, dans une moindre mesure, soit sur au\nmoins deux des secteurs non conformes vis-\u00e0-vis des obliga\u019fons du sch\u00e9ma d\u00e9partemental : la communau-\nt\u00e9 de commune Sud Sainte-Baume qui n'a pas r\u00e9alis\u00e9 d'aire de grand passage, et la communaut\u00e9 du Golfe\nde Saint-Tropez qui n'a pas r\u00e9alis\u00e9 l'ensemble des places prescrites. Pour autant ces groupes de plus de 200\ncaravanes profitent de l'absence d'\u00e9quipements norm\u00e9s sur le d\u00e9partement. Situa\u019fon qui leur permet\nd'\u00e9tablir des rapports de force alors m\u00eame que les grands groupes se sont engag\u00e9s \u00e0 ne plus d\u00e9passer ce\nseuil, lequel a \u00e9t\u00e9 d\u00e9fini comme une limite l\u00e9gale opposable aux organisateurs, avec l'accord de ces der-\nniers.\nPlusieurs hypoth\u00e8ses peuvent expliquer en par\u019fe le ph\u00e9nom\u00e8ne de fr\u00e9quenta\u019fon par\u019felle des aires de\ngrand passage disponibles et la persistance des sta\u019fonnements illicites des grands groupes :\nSDAHGV du VAR \u2013 octobre 2024\n18\nDirection d\u00e9partementale des territoires et de la mer du Var - 83-2025-01-20-00012 - ARR\u00caT\u00c9 PR\u00c9FECTORAL DDTM/SHRU n\u00b0 2024-79\napprouvant le sch\u00e9ma d\u00e9partemental d'accueil et d'habitat des gens du voyage du Var 54\n- aucune aire de grand passage n'est conforme au d\u00e9cret 2019-171 sur le d\u00e9partement du Var (4ha\npour accueillir 200 caravanes) ;\n- des aires parmi celles r\u00e9alis\u00e9es, plusieurs sont trop pe\u019ftes et inadapt\u00e9es \u00e0 l'accueil de grands\ngroupes nombreux et sont rejet\u00e9es par ceux-ci (Cogolin et Vidauban) ;\n- deux aires qui fonc\u019fonnent mais sont limit\u00e9es \u00e0 l'accueil de groupes de 150 caravanes maximum ;\n- des secteurs non dot\u00e9s et une p\u00e9nurie d'offre g\u00e9n\u00e9rale au regard du besoin d'accueil d\u00e9partemen-\ntal ;\n- la mise en \u0153uvre d'une strat\u00e9gie de regroupement de la part des groupes qui seraient s'ils res-\ntaient seuls inf\u00e9rieurs \u00e0 50 caravanes sur les secteurs non conformes afin d'\u00e9tablir un rapport de\nforce ;\n- des groupes qui arrivent plus t\u00f4t sur le d\u00e9partement et sta\u019fonnent de mani\u00e8re illicite jusqu'\u00e0 la\ndate de r\u00e9serva\u019fon. \nSynth\u00e8se : \nLa r\u00e9alisa\u019fon par\u019felle, et inf\u00e9rieure au taux de r\u00e9alisa\u019fon na\u019fonal, des prescrip\u019fons du sch\u00e9ma d\u00e9parte-\nmental en termes de mise \u00e0 disposi\u019fon effec\u019fve d'aires permanentes d'accueil et d'aires de grand passage\na pour cons\u00e9quence la non-conformit\u00e9 au sch\u00e9ma de plusieurs EPCI, et, au sein de celles-ci, de plusieurs\ncommunes de plus de 5000 habitants. Cela concerne en par\u019fculier des secteurs qui \u00e9taient not\u00e9s comme\nr\u00e9guli\u00e8rement impact\u00e9s par ces passages de pe\u019fts et grands groupes i\u019fn\u00e9rants. Donn\u00e9es en g\u00e9n\u00e9ral confir-\nm\u00e9es par le pr\u00e9sent diagnos\u019fc.\nConformit\u00e9 au sch\u00e9ma d\u00e9partemental d'accueil et d'habitat des gens du voyage du Var 2012-2018\nSDAHGV du VAR \u2013 octobre 2024\n19\nDirection d\u00e9partementale des territoires et de la mer du Var - 83-2025-01-20-00012 - ARR\u00caT\u00c9 PR\u00c9FECTORAL DDTM/SHRU n\u00b0 2024-79\napprouvant le sch\u00e9ma d\u00e9partemental d'accueil et d'habitat des gens du voyage du Var 55\n3. Des flux marqu\u00e9s par le climat et le relief\nLe d\u00e9partement du Var poss\u00e8de une forte dynamique et une a\u01a9rac\u019fvit\u00e9 \u00e9conomique au travers du tou-\nrisme qui repr\u00e9sente la principale ac\u019fvit\u00e9 \u00e9conomique du d\u00e9partement. Les  deux autres p\u00f4les  \u00e9cono-\nmiques du d\u00e9partement se situent autour de Toulon (industrie) et de Fr\u00e9jus-Saint Rapha\u00ebl (services et\nhautes technologies). Le secteur de l'agriculture est \u00e9galement en d\u00e9veloppement avec une sp\u00e9cialisa\u019fon\nautour des produc\u019fons suivantes : fleurs, fruits, primeurs, vin et huile d'olive. \nPar ses caract\u00e9ris\u019fques, le d\u00e9partement du Var est soumis \u00e0 une saisonnalit\u00e9 tr\u00e8s forte, tant du fait des\ncondi\u019fons clima\u019fques que de la saisonnalit\u00e9 touris\u019fque et agricole. P\u00e9riodes pendant lesquelles les voya-\ngeurs viennent sta\u019fonner pour des raisons \u00e9conomiques et/ou pour profiter des loisirs offerts par les diff\u00e9-\nrents sites. Ainsi les gens du voyage peuvent y trouver de bonnes condi\u019fons d'exercice de leurs ac\u019fvit\u00e9s\nprofessionnelles (march\u00e9s de plein vent, brocantes, ac\u019fvit\u00e9 foraine, commerce ambulant, presta\u019fon de ser-\nvice dans le domaine des espaces vert ou du b\u00e2\u019fment, second \u0153uvre etc.) mais \u00e9galement des condi\u019fons\nfavorables \u00e0 une installa\u019fon plus durable. \nLa situa\u019fon g\u00e9ographique, la nature et la topographie des paysages ont par ailleurs une incidence forte sur\nles flux de passage et les pr\u00e9sences de gens du voyage. Se situant en prolongement du carrefour form\u00e9 par\nl'A7 le long de la vall\u00e9e du Rh\u00f4ne et l'axe est-ouest mat\u00e9rialis\u00e9 par l'A61, l'A71, l'A9 et l'A8, le d\u00e9partement\nest tout autant parcouru par des groupes de provenance r\u00e9gionale que na\u019fonale. Sans surprise les zones\nde plaine et le li\u01a9oral, accueillent des passages et des groupes plus importants alors que les zones de mas-\nsifs (Est\u00e9rel, Sainte-Baume, Maures) ou de contreforts alpins, aux reliefs plus tourment\u00e9s, accessibles par\ndes routes plus lentes et poss\u00e9dant peu de surfaces planes propices \u00e0 l'installa\u019fon de caravanes sont moins\na\u01a9rac\u019ffs. \n- L'axe de la Vall\u00e9e du Rh\u00f4ne se prolonge dans le Var par l'A8 qui traverse tout le d\u00e9partement en di-\nrec\u019fon du d\u00e9partement des Alpes-Mari\u019fmes. Il cons\u019ftue une voie tr\u00e8s importante pour les i\u019fn\u00e9-\nrants na\u019fonaux provenant de la r\u00e9gion parisienne et du nord de la France.  Cet axe peut se prolon-\nger excep\u019fonnellement pour certains jusqu'\u00e0 l'Italie. Les villes moyennes se trouvant sur cet axe\ncons\u019ftuent alors des lieux d'arr\u00eats transitoires et ponctuels au sein d'un parcours plus long (Saint-\nMaximin, Brignoles, Le Luc-en-Provence, Le Muy).\n- L'axe originaire des Alpes de Haute-Provence appara\u00eet secondaire au regard des flux li\u00e9s \u00e0 la venue\ndepuis le Nord, peu propice aux grands groupes.\n- L'axe A50 et A57 cons\u019ftue un second axe important qui concerne \u00e0 la fois les d\u00e9placements d'i\u019fn\u00e9-\nrants na\u019fonaux et r\u00e9gionaux. Les premiers circulent le long des voies commerciales et saisonni\u00e8res\noffertes par le li\u01a9oral m\u00e9diterran\u00e9en. Il est \u00e9galement parcouru en amont de Toulon par des fa-\nmilles de la r\u00e9gion r\u00e9sidant notamment dans le d\u00e9partement limitrophe des Bouches-du-Rh\u00f4ne. La\nd\u00e9partementale qui poursuit cet axe le long du li\u01a9oral est une voie secondaire qui est emprunt\u00e9e\npar les groupes qui se rendent sur le territoire du Golfe de Saint-Tropez.\nParall\u00e8lement \u00e0 ces axes principaux, se dessinent des axes secondaires correspondant \u00e0 des migra\u019fons r\u00e9-\ngionales ou d\u00e9partementales qui relient les villes moyennes, ainsi que des secteurs plus ruraux. Moins pro-\npices \u00e0 la circula\u019fon des grands groupes, ceux-ci sont parcourus par des groupes locaux qui se d\u00e9placent\nsur de pe\u019ftes distances au sein d'un m\u00eame bassin de vie.\nSDAHGV du VAR \u2013 octobre 2024\n20\nDirection d\u00e9partementale des territoires et de la mer du Var - 83-2025-01-20-00012 - ARR\u00caT\u00c9 PR\u00c9FECTORAL DDTM/SHRU n\u00b0 2024-79\napprouvant le sch\u00e9ma d\u00e9partemental d'accueil et d'habitat des gens du voyage du Var 56\nCarte des flux de passage de groupes de caravanes dans le d\u00e9partement du Var\n4. L'ancrage territorial et la s\u00e9dentarisa\u019fon \n4.1 Les objec\u019ffs du SDAHGV 2012-2018 et le bilan des r\u00e9alisa\u019fons\nLe sch\u00e9ma d\u00e9partemental 2012-2018 a mis en exergue un ph\u00e9nom\u00e8ne de s\u00e9dentarisa\u019fon des gens du\nvoyage sur des terrains priv\u00e9s ou publics sans autorisa\u019fon ou sur des aires d'accueil non homologu\u00e9es n\u00e9-\ncessitant un appui et des ac\u019fons sp\u00e9cifiques. \nCes ac\u019fons rela\u019fves \u00e0 l'habitat des gens du voyage du SDAHGV 2012-2018 du Var sont inscrites au \u019ftre des\npr\u00e9conisa\u019fons compl\u00e9mentaires. Elles regroupent les pr\u00e9conisa\u019fons non opposables d'interven\u019fons sui-\nvantes \u00e0 envisager en coh\u00e9rence avec les ac\u019fons pr\u00e9vues au PDALHPD : \n- La recherche de solu\u019fons pour les s\u00e9dentaires install\u00e9s en zone urbaine, souvent sur des terrains\nd\u00e9sign\u00e9s pour l'accueil de voyageurs avec 5 communes concern\u00e9es :\n\uf0fc une MOUS en cours \u00e0 La Garde (sur le site actuel de l'aire d'accueil de La Chaberte, celui-ci\ndevant \u00eatre lib\u00e9r\u00e9 afin de r\u00e9aliser le projet) ;\n\uf0fc mise en place d'ou\u019fls de diagnos\u019fc et d'accompagnement pour rechercher les formes les\nplus adapt\u00e9es de logement aux familles de Toulon, Hy\u00e8res et Saint-Cyr-sur-Mer.\n- Approfondir les \u00e9tats des lieux pour les s\u00e9dentaires en zones agricoles :\n\uf0fc sur les communes les plus concern\u00e9es soit Vidauban, Puget-sur-Argens, La Farl\u00e8de, Les\nArcs, La Crau et Brignoles ;\n\uf0fc avec des solu\u019fons \u00e0 trouver dans le cadre des PLU et des PLH selon la situa\u019fon des fa-\nmilles et des terrains concern\u00e9s au regard du droit de l'urbanisme.\nLe Plan Local d'Ac\u019fon pour le Logement et l'H\u00e9bergement des Personnes D\u00e9favoris\u00e9es 2016-2022 du Var,\nconsacre une ac\u019fon aux besoins des gens du voyage dans son axe d\u00e9di\u00e9 au parcours d'acc\u00e8s au logement\nSDAHGV du VAR \u2013 octobre 2024\n21\nDirection d\u00e9partementale des territoires et de la mer du Var - 83-2025-01-20-00012 - ARR\u00caT\u00c9 PR\u00c9FECTORAL DDTM/SHRU n\u00b0 2024-79\napprouvant le sch\u00e9ma d\u00e9partemental d'accueil et d'habitat des gens du voyage du Var 57\nautonome, elle est pilot\u00e9e par l'\u00c9tat (DDETS). S'appuyant sur le constat du sch\u00e9ma d\u00e9partemental 2012-\n2018, les objec\u019ffs poursuivis sont les suivants : \n- faciliter le rep\u00e9rage, la connaissance des besoins en logement des m\u00e9nages s\u00e9dentaris\u00e9s en situa-\n\u019fon d'habitat indigne et pr\u00e9caire ou en aire d'accueil ;\n- favoriser le d\u00e9veloppement de moyens d'accompagnement et de solu\u019fons d'habitat adapt\u00e9es.\nLa probl\u00e9ma\u019fque rela\u019fve au processus de s\u00e9dentarisa\u019fon ac\u019ff sur le Var, bien que rep\u00e9r\u00e9e dans le sch\u00e9ma\navec des interven\u019fons inscrites dans son plan d'ac\u019fon d\u00e9partemental, n'a \u00e9t\u00e9 prise en compte que par\u019fel-\nlement et n'a pas donn\u00e9 lieu \u00e0 la concr\u00e9\u019fsa\u019fon d'op\u00e9ra\u019fons d'habitat hormis le programme d'habitat\nadapt\u00e9 de la Ripelle sur la commune de Toulon :\n- La Ma\u00eetrise d'Oeuvre Urbaine et Sociale (MOUS) r\u00e9alis\u00e9e \u00e0 La Garde afin de lib\u00e9rer le site de La Cha-\nberte en vue de la construc\u019fon de l'aire d'accueil n'a semble-t-il pas abou\u019f \u00e0 l'\u00e9mergence d'une\nop\u00e9ra\u019fon de relogement formelle et les occupants ont trouv\u00e9 des solu\u019fons de leur propre ini\u019fa\u019fve\nnotamment par l'achat de terrains priv\u00e9s. \n- Une \u00e9tude a eu lieu aupr\u00e8s des familles r\u00e9sidant sur le terrain communal situ\u00e9 \u00ab rue des marais \u00bb \u00e0\nHy\u00e8res avec pour objec\u019ff d'am\u00e9liorer les condi\u019fons de vie et de stopper son extension. Le terrain a\n\u00e9t\u00e9 class\u00e9 en zone urbaine rela\u019fve au sta\u019fonnement des gens du voyage (Uggv) et a fait l'objet de\nquelques am\u00e9nagements (blocs sanitaires amovibles, graviers, alimenta\u019fon \u00e9lectrique).\n- Une \u00e9tude a \u00e9t\u00e9 confi\u00e9e \u00e0 SOLIHA en 2014 \u00e0 Saint-Cyr-sur-Mer \u00e0 l'ini\u019fa\u019fve de la commune pour\ntrouver des solu\u019fons de relogement et d'am\u00e9liora\u019fon de l'habitat pour un groupe familial de 11\nm\u00e9nages install\u00e9 principalement sur le parking du stade Guyon et sur un terrain voisin propri\u00e9t\u00e9 du\nd\u00e9partement (1 m\u00e9nage). Un terrain a \u00e9t\u00e9 propos\u00e9 par le maire pour y r\u00e9aliser un projet d'habitat\nadapt\u00e9 avec une modifica\u019fon du zonage du PLU. Bien que les services de l'\u00c9tat en aient valid\u00e9 le\nprincipe en termes de localisa\u019fon et d'implanta\u019fon, le projet n'a pas \u00e9t\u00e9 r\u00e9alis\u00e9 par manque de\npr\u00e9cisions sur le volet financier. Des m\u00e9nages ont depuis lors \u00e9t\u00e9 relog\u00e9s au sein du parc social ou\nsur Marseille mais le terrain reste occup\u00e9 par 7 \u00e0 8 m\u00e9nages. Des proc\u00e8s-verbaux pour infrac\u019fon \u00e0\nl'urbanisme ont \u00e9t\u00e9 dress\u00e9s en 2016 et 2019 suite \u00e0 la construc\u019fon d'un b\u00e2\u019f en bois. Pour la collec-\n\u019fvit\u00e9, la probl\u00e9ma\u019fque demeure avec un ques\u019fonnement ouvert sur le devenir possible, les sou-\nhaits et les besoins des familles ; donn\u00e9es \u00e0 me\u01a9re \u00e0 jour ou renouveler eu \u00e9gard aux \u00e9volu\u019fons\nqui ont d\u00fb intervenir depuis 2014. \n\u00c0 notre connaissance le volet portant sur l'approfondissement des \u00e9tats des lieux aupr\u00e8s des s\u00e9dentaires\noccupant des terrains priv\u00e9s agricoles ne semble pas avoir \u00e9t\u00e9 inves\u019f.\nSDAHGV du VAR \u2013 octobre 2024\n22\nDirection d\u00e9partementale des territoires et de la mer du Var - 83-2025-01-20-00012 - ARR\u00caT\u00c9 PR\u00c9FECTORAL DDTM/SHRU n\u00b0 2024-79\napprouvant le sch\u00e9ma d\u00e9partemental d'accueil et d'habitat des gens du voyage du Var 58\nLe programme de la Ripelle \u00e0 Toulon\nCe site est occup\u00e9 depuis une quarantaine d'ann\u00e9es par des familles de gens du voyage  provenant du quar-\n\u019fer de la Rode (l'\u00c9gou\u019fer) \u00e0 Toulon dont elles avaient \u00e9t\u00e9 d\u00e9plac\u00e9es. Occupant le site en caravanes et au\nsein d'auto-construc\u019fons, ce\u01a9e situa\u019fon de quasi-bidonville \u00e9tait r\u00e9pertori\u00e9e par le sch\u00e9ma d\u00e9partemental\nen tant qu'habitat indigne. Un diagnos\u019fc a \u00e9t\u00e9 confi\u00e9 \u00e0 SOLIHA en 2007 concluant \u00e0 la pr\u00e9sence de 57 fa-\nmilles soit un total de 177 personnes. Parmi ces m\u00e9nages alors r\u00e9pertori\u00e9s, 49 d'entre eux \u00e9taient en\u019f\u00e8re-\nment s\u00e9dentaires et 8 encore i\u019fn\u00e9rants. L'op\u00e9ra\u019fon de r\u00e9habilita\u019fon de ce site et de r\u00e9sorp\u019fon de ce\u01a9e si-\ntua\u019fon a \u00e9t\u00e9 confi\u00e9e en 2011 par TPM au bailleur social Terres du Sud Habitat avec l'aide de SOLIHA qui a\npar\u019fcip\u00e9 \u00e0 la d\u00e9fini\u019fon du programme.\nUn travail sur les besoins a alors \u00e9t\u00e9 engag\u00e9 en prenant en compte les groupes familiaux. Ce\u01a9e \u00e9tude, en\ncompl\u00e9ment d'un travail de concerta\u019fon avec les habitants a permis d'abou\u019fr \u00e0 un programme de 37 loge-\nments et de convenir des modalit\u00e9s d'un accompagnent social sur la dur\u00e9e :\n- 37 maisons mitoyennes (logements PLAI) de type 2 au type 5 avec 2700m\u00b2 de surface habitable to-\ntale ;\n- un garage par villa repr\u00e9sentant 720 m\u00b2 au total ;\n- un jardin priva\u019ff par villa situ\u00e9 \u00e0 l'arri\u00e8re des b\u00e2\u019fs et sans cl\u00f4ture entre chaque parcelle (principe\nd'une communica\u019fon intra-familiale) ;\n- interdic\u019fon de sta\u019fonner une caravane (contrainte spa\u019fale) ;\n- limita\u019fon  des  espaces  collec\u019ffs, d\u00e9laiss\u00e9s (emprise du projet  limit\u00e9e,  \u00e9viter  les  installa\u019fons et\nusages inappropri\u00e9s).\nLe co\u00fbt de l'op\u00e9ra\u019fon s'\u00e9l\u00e8ve \u00e0 6 590 000\u20ac dont 1 317 000\u20ac financ\u00e9 par le FEDER et avec une par\u019fcipa\u019fon\nimportante de TPM (plus de 2 000 000 \u20ac).\nLe chan\u019fer a d\u00e9but\u00e9 en 2015 avec une organisa\u019fon en quatre tranches de travaux sur le principe d'un\n\u00ab chan\u019fer occup\u00e9 \u00bb (D\u00e9placement des familles au sein du site en fonc\u019fon de l'avancement du projet) et des\nateliers de pr\u00e9para\u019fon \u00e0 l'entr\u00e9e dans les lieux ont \u00e9t\u00e9 \u00e9galement organis\u00e9s avec les familles.\nLes premi\u00e8res entr\u00e9es ont eu lieu en juillet 2016.28 logements \u00e9taient occup\u00e9s en juillet 2020. La derni\u00e8re\ntranche \u00e9tait pr\u00e9vue fin 2021 et les familles concern\u00e9es h\u00e9berg\u00e9es sur un espace a\u01a9enant \u00e0 l'aire d'accueil\nde La Chaberte sur la commune de La Garde.\nA chaque phase d'entr\u00e9e dans les logements, un accompagnement des m\u00e9nages est propos\u00e9 en amont de\nl'entr\u00e9e et pour les 3 mois suivants. Les premiers constats ont mis en exergue la n\u00e9cessit\u00e9 pour certains\nm\u00e9nages de poursuivre cet accompagnement sur une dur\u00e9e plus longue afin qu'ils s'approprient pleine-\nment la ma\u00eetrise des fluides et la ges\u019fon du budget. Ce suivi renforc\u00e9 avec le bailleur a pu \u00eatre men\u00e9 durant\nla premi\u00e8re tranche gr\u00e2ce \u00e0 l'appel d'offre de l'Union Sociale pour l'Habitat (USH) \u00ab 10 000 logements ac-\ncompagn\u00e9s \u00bb. Une demande similaire a \u00e9t\u00e9 faite aupr\u00e8s de l'\u00c9tat pour le suivi des m\u00e9nages de la seconde\ntranche. \nAu niveau de l'occupa\u019fon des logements il n'est pas apparu de probl\u00e8me majeur. En termes de pra\u019fques\non observe que les m\u00e9nages ont tendance \u00e0 cl\u00f4turer leur espace priva\u019ff (jardin \u00e0 l'arri\u00e8re) et expriment\nainsi un besoin d'in\u019fmit\u00e9 \u00e0 l'\u00e9gard de leur famille. \n4.2 \u00c9tat des lieux de l'ancrage territorial : \u00e9volu\u019fon et actualisa\u019fon des besoins \nLe d\u00e9partement du Var est concern\u00e9 par l'ancrage territorial, de la m\u00eame mani\u00e8re qu'une grande part du\nterritoire fran\u00e7ais aujourd'hui, avec un niveau \u00e9lev\u00e9 sur certains secteurs. Ce\u01a9e tendance, d\u00e9j\u00e0 iden\u019ffi\u00e9e\nlors des deux pr\u00e9c\u00e9dents sch\u00e9mas d\u00e9partementaux, est centrale car elle est \u00e0 l'\u0153uvre sur de nombreux\nsecteurs g\u00e9ographiques, correspond \u00e0 des implanta\u019fons qui peuvent \u00eatre anciennes et sont en expansion\ng\u00e9n\u00e9rant ainsi des enjeux importants concernant les condi\u019fons d'habitat, la r\u00e9glementa\u019fon de l'urba-\nnisme, la s\u00e9curit\u00e9 des personnes et l'environnement voire l'int\u00e9gra\u019fon dans le \u019fssu local.\nLe ph\u00e9nom\u00e8ne d'ancrage territorial rev\u00eat diff\u00e9rentes formes qui rendent de fait son iden\u019ffica\u019fon malais\u00e9e\nau premier abord, y compris dans sa qualifica\u019fon par les communes14. \u00c0 \u019ftre d'exemple, des groupes sta-\n14 Une commune qui avait signal\u00e9 ne pas avoir de probl\u00e8mes de s\u00e9dentarisa\u019fon conflictuelle \u00e0 lors des ateliers territo-\nriaux d\u00e9clar\u00e9 compter pr\u00e8s d'une centaine de propri\u00e9taires en zone agricole, pour certains en bord de rivi\u00e8re, sans\nSDAHGV du VAR \u2013 octobre 2024\n23\nDirection d\u00e9partementale des territoires et de la mer du Var - 83-2025-01-20-00012 - ARR\u00caT\u00c9 PR\u00c9FECTORAL DDTM/SHRU n\u00b0 2024-79\napprouvant le sch\u00e9ma d\u00e9partemental d'accueil et d'habitat des gens du voyage du Var 59\n\u019fonnant illicitement ou bien sur des aires d'accueil peuvent se trouver dans une situa\u019fon d'ancrage territo-\nrial, \u00eatre propri\u00e9taires de terrains priv\u00e9s ou de logements qu'ils qui\u01a9ent provisoirement, ou bien \u00eatre en re-\ncherche d'un lieu de stabilisa\u019fon (ph\u00e9nom\u00e8ne de l'errance). Cela a conduit \u00e0 les iden\u019ffier dans les diagnos-\n\u019fcs  de  la  premi\u00e8re  g\u00e9n\u00e9ra\u019fon  de  sch\u00e9mas  d\u00e9partementaux,  unilat\u00e9ralement  en  tant  que  \u00ab gens  du\nvoyage \u00bb en excluant de fait la dimension rela\u019fve \u00e0 l'ancrage territorial, ceci retardant d'autant la mise en\nplace de strat\u00e9gies r\u00e9solu\u019fves. \nLes solu\u019fons alterna\u019fves en termes d'habitat \u00e9tant peu d\u00e9velopp\u00e9es avec une seule r\u00e9alisa\u019fon existante\nsur la commune de Toulon, il en r\u00e9sulte que les implanta\u019fons se traduisent majoritairement par l'achat et\nl'am\u00e9nagement de terrains par les gens du voyage de leur propre ini\u019fa\u019fve et le plus fr\u00e9quemment sans\nconseil avis\u00e9 ni encadrement public, voire avec une certaine complaisance pour les vendeurs de ces terres\nagricoles souvent difficiles \u00e0 exploiter et valoriser. Ce type d'implanta\u019fon sur des terrains priv\u00e9s est le plus\nr\u00e9pandu chez les gens du voyage dans la mesure o\u00f9 il leur conf\u00e8re une certaine libert\u00e9 dans le choix de leur\nmode d'habitat et de d\u00e9placement. Il tend \u00e0 se d\u00e9velopper avec des points de densifica\u019fon rela\u019fve en cer-\ntains points du d\u00e9partement mais aussi \u00e0 gagner de nouvelles zones.  Ce\u01a9e tendance appelle \u00e0 une certaine\nvigilance quant au risque de d\u00e9veloppement de situa\u019fons dans lesquelles le non-respect du droit de l'urba-\nnisme conduirait vers des situa\u019fons d'insalubrit\u00e9 ou de danger (exposi\u019fon aux divers PPR).\nEn raison de la chert\u00e9 du foncier, ces situa\u019fons sont par\u019fculi\u00e8rement r\u00e9pandues sur les secteurs en d\u00e9sh\u00e9-\nrence et non appropri\u00e9s ni affect\u00e9s \u00e0 l'habitat des communes : en bordure d'axes rou\u019fers, sur des zones\nagricoles et/ou inondables, en zones d'incendies de for\u00eat, etc.  Il en r\u00e9sulte soit un mitage foncier, soit des\nregroupements formant des lo\u019fssements de fait, cons\u019ftu\u00e9s de terrains b\u00e2\u019fs propri\u00e9t\u00e9s et habitats de gens\ndu voyage, plut\u00f4t de bonne qualit\u00e9 apparente pour certains des plus anciens, mais dont la mise en \u0153uvre\nn'a jamais \u00e9t\u00e9 contr\u00f4l\u00e9e ni la conformit\u00e9 urbaine ou sanitaire contr\u00f4l\u00e9e. Sur certaines communes ces situa-\n\u019fons  sont  es\u019fm\u00e9es  \u00e0  plusieurs  dizaines  d'installa\u019fons.  En  termes  m\u00e9thodologiques  il  faut  noter  que\nnombre de ces cas qui n'avaient pas \u00e9t\u00e9 iden\u019ffi\u00e9s dans les r\u00e9ponses \u00e9crites des communes ont \u00e9t\u00e9 \u00e9voqu\u00e9s\npar les \u00e9lus et techniciens lors des ateliers territoriaux. \nLes m\u00e9nages qui n'ont pas la capacit\u00e9 d'acqu\u00e9rir des terrains par leurs propres moyens peuvent alterner\nplusieurs modes d'occupa\u019fon suivant les opportunit\u00e9s qui se pr\u00e9sentent \u00e0 eux : h\u00e9bergement sur des ter-\nrains appartenant \u00e0 des membres de leur famille, occupa\u019fon de terrains publics ou priv\u00e9s sans droit ni \u019ftre,\nd\u00e9placement d'un point \u00e0 un autre au gr\u00e9 des expulsions, s\u00e9jour de plus ou moins longue dur\u00e9e sur les\naires d'accueil, souvent jusqu'\u00e0 la limite des d\u00e9roga\u019fons possibles. Pour r\u00e9sumer, plusieurs types d'implan-\nta\u019fons sont visibles sur le d\u00e9partement :\n- quelques m\u00e9nages qui ont abandonn\u00e9 l'habitat caravane et habitent des logements clas-\nsiques du parc priv\u00e9 ou public ;\n- des installa\u019fons sur des terrains priv\u00e9s sur des zones construc\u019fbles ;\n- des installa\u019fons en zones non construc\u019fbles  et/ou situ\u00e9es sur des  zones  \u00e0 risques en\ntermes d'environnement ou de s\u00e9curit\u00e9 ;\n- des  installa\u019fons  \u00ab p\u00e9rennes \u00bb  sur  des  terrains  communaux :  Hy\u00e8res,  Saint-Cyr-sur-Mer,\nBormes Les Mimosas et Roquebrune ;\n- une tendance \u00e0 la fixa\u019fon de certains groupes sur les aires d'accueil ;\n- une errance par d\u00e9faut de lieu d'ancrage ;\nSi ces implanta\u019fons ne sont pas localis\u00e9es sur un secteur g\u00e9ographique unique, elles sont sans grande sur-\nprise visibles sur les zones de circula\u019fon et de sta\u019fonnements iden\u019ffi\u00e9s pr\u00e9c\u00e9demment et en par\u019fculier\nsur les points de fixa\u019fon que repr\u00e9sentent les villes principales et les bourgs.\nC'est cet \u00e9tat des lieux par secteur que nous proposons dans la suite de ce chapitre. Celui-ci s'appuie sur\ndeux sources de donn\u00e9es principales :\n- les situa\u019fons signal\u00e9es par les communes dans leurs r\u00e9ponses au ques\u019fonnaire.  Le d\u00e9tail des r\u00e9-\nponses fournies par les communes est pr\u00e9sent\u00e9 au sein de tableaux figurant dans les annexes et r\u00e9-\npertoriant les diff\u00e9rentes situa\u019fons ;\n- les situa\u019fons signal\u00e9es lors des entre\u019fens : \n- des situa\u019fons rep\u00e9r\u00e9es sur site lors des visites de terrain effectu\u00e9es durant l'\u00e9tude ;\npour autant consid\u00e9rer cela comme probl\u00e9ma\u019fque puisque cela ne g\u00eanait pas le reste de la popula\u019fon\nSDAHGV du VAR \u2013 octobre 2024\n24\nDirection d\u00e9partementale des territoires et de la mer du Var - 83-2025-01-20-00012 - ARR\u00caT\u00c9 PR\u00c9FECTORAL DDTM/SHRU n\u00b0 2024-79\napprouvant le sch\u00e9ma d\u00e9partemental d'accueil et d'habitat des gens du voyage du Var 60\n- les situa\u019fons oubli\u00e9es des ques\u019fonnaires et \u00e9voqu\u00e9es lors des ateliers territoriaux ;\nLa carte pr\u00e9sent\u00e9e ici est une synth\u00e8se des situa\u019fons relev\u00e9es selon la typologie du terrain et le nombre de\nparcelles iden\u019ffi\u00e9es, elle n'est pas exhaus\u019fve du fait de l'impossibilit\u00e9 de mener un maillage territorial \u00e0 la\npersonne. Lorsque l'informa\u019fon est disponible, l'analyse portera une a\u01a9en\u019fon par\u019fculi\u00e8re, aux condi\u019fons\nd'habitat, au respect du droit de l'urbanisme (zonage de PLU, installa\u019fon et/ou am\u00e9nagement sans autori-\nsa\u019fon, proc\u00e9dure judiciaire). Si ce recensement est loin d'\u00eatre exhaus\u019ff, il permet n\u00e9anmoins de dresser un\ntableau global de la probl\u00e9ma\u019fque d'ancrage territorial.\nSDAHGV du VAR \u2013 octobre 2024\n25\nDirection d\u00e9partementale des territoires et de la mer du Var - 83-2025-01-20-00012 - ARR\u00caT\u00c9 PR\u00c9FECTORAL DDTM/SHRU n\u00b0 2024-79\napprouvant le sch\u00e9ma d\u00e9partemental d'accueil et d'habitat des gens du voyage du Var 61\n\u00a9 terrain public / communali terrains priv\u00e9s\u0152 Terrains publics ot priv\u00e9s\n# QD noire spies de prea pated \u00a9) Nombre de parcelles non actualis\u00e9 (2022)\nAncrage territorial selon la typologie de terrain et le nombre de parcelles15\n5. L'accompagnement des gens du voyage \n5.1 L'accompagnement socio-\u00e9duca\u019ff des Gens du voyage \nOutre les obliga\u019fons opposables aux collec\u019fvit\u00e9s rela\u019fves aux \u00e9quipements d'accueil, les sch\u00e9mas d\u00e9parte-\nmentaux doivent d\u00e9velopper des annexes obligatoires rela\u019fves \u00e0 l'accompagnement socio-\u00e9duca\u019ff des\nGens du voyage, en par\u019fculier lors de leurs arr\u00eats sur des \u00e9quipements d'accueil. Si celles-ci ne sont pas di-\nrectement opposables, elles doivent n\u00e9anmoins servir \u00e0 les introduire ensuite dans les d\u00e9marches poli-\n\u019fques territoriales adapt\u00e9es. Ces volets obligatoires sont :\n- l'acc\u00e8s aux droits ;\n- la scolarisa\u019fon ;\n- la sant\u00e9 ;\n- l'exercice \u00e9conomique ;\nPar-del\u00e0 le cadre de ces annexes obligatoires, il convient d'a\u01abrer l'a\u01a9en\u019fon sur l'impact des r\u00e9centes r\u00e9-\nformes l\u00e9gisla\u019fves et leurs d\u00e9crets r\u00e9sultant. Il en va ainsi de la Loi \u00c9galit\u00e9 Citoyennet\u00e9 du 27 janvier 2017\nqui supprime les sp\u00e9cificit\u00e9s de la domicilia\u019fon des gens du voyage avec l'abroga\u019fon des \u019ftres de circula-\n\u019fon. Ces mesures qui ont simplifi\u00e9 le disposi\u019ff quo\u019fdien des gens du voyage ont fait appara\u00eetre un risque\nde rupture de droit dans le suivi des i\u019fn\u00e9rants. \nDepuis 2013 le plan pluriannuel contre la pauvret\u00e9 et pour l'inclusion sociale pr\u00e9voit l'obliga\u019fon dans\nchaque d\u00e9partement d'un sch\u00e9ma d\u00e9partemental de la domicilia\u019fon. Ce sch\u00e9ma est \u00e9tabli par le pr\u00e9fet du\nd\u00e9partement, sous la coordina\u019fon du pr\u00e9fet de r\u00e9gion et en lien avec les collec\u019fvit\u00e9s territoriales et les ac-\n15 En l'absence de donn\u00e9es rela\u019fves \u00e0 l'ancrage sur l'arrondissement de Brignoles, les terrains priv\u00e9s et publics occup\u00e9s par les gens du\nvoyage n'ont pas pu \u00eatre quan\u019ffi\u00e9s de fa\u00e7on pr\u00e9cise pour les communes de Brignoles et Le Luc, ils ont \u00e9t\u00e9 es\u019fm\u00e9s verbalement \u00e0 plusieurs\ndizaines lors des ateliers territoriaux\nSDAHGV du VAR \u2013 octobre 2024\n26\nDirection d\u00e9partementale des territoires et de la mer du Var - 83-2025-01-20-00012 - ARR\u00caT\u00c9 PR\u00c9FECTORAL DDTM/SHRU n\u00b0 2024-79\napprouvant le sch\u00e9ma d\u00e9partemental d'accueil et d'habitat des gens du voyage du Var 62\nteurs associa\u019ffs. L'ar\u019fcle 34 de la loi ALUR du 24 mars 2014 pr\u00e9voit l'int\u00e9gra\u019fon de ce sch\u00e9ma en annexe\ndu PDALHPD.\nCes \u00e9volu\u019fons donnent une importance par\u019fculi\u00e8re \u00e0 l'adresse de domicilia\u019fon qui est in\u019fmement li\u00e9e \u00e0\nl'acc\u00e8s aux droits dans la mesure o\u00f9 elle d\u00e9termine la logique de parcours d'un accompagnement et la pos-\nsibilit\u00e9 d'une inclusion sociale sur un territoire. Elle pose la probl\u00e9ma\u019fque de la con\u019fnuit\u00e9 du droit entre le\nlieu de domicilia\u019fon et les territoires cons\u00e9cu\u019ffs de vie lorsque les familles se d\u00e9placent r\u00e9guli\u00e8rement.\n5.2 Le contexte de l'acc\u00e8s aux droits et de l'accompagnement social des gens du voyage \ndans le Var \nLe SDAHGV 2012-2018 a inscrit des recommanda\u019fons sociales au sein de son annexe 1 portant sur les ac-\n\u019fons \u00e0 caract\u00e8re social, la scolarisa\u019fon des enfants, l'inser\u019fon professionnelle et l'acc\u00e8s \u00e0 la sant\u00e9.\nL'objec\u019ff principal port\u00e9 par le SDAHGV 83 est de renforcer l'acc\u00e8s des gens du voyage aux disposi\u019ffs et\nservices de droit commun et de favoriser leur int\u00e9gra\u019fon. Selon ce\u01a9e perspec\u019fve, le projet social et \u00e9duca-\n\u019ff (PSE) \u00e0 \u00e9laborer pour chaque aire existante et \u00e0 cr\u00e9er, a \u00e9t\u00e9 inscrit comme un ou\u019fl central afin de garan-\n\u019fr l'int\u00e9gra\u019fon de l'aire d'accueil et de ses usagers dans le \u019fssu social. S'appuyant sur la mobilisa\u019fon des\nacteurs locaux, il doit \u00eatre men\u00e9 autant que possible dans le cadre dit du \u00ab droit commun \u00bb au travers des\nproc\u00e9dures et des disposi\u019ffs existants, mais peut \u00e9galement \u00eatre relay\u00e9, lorsque cela est n\u00e9cessaire, par\ndes ac\u019fons socio-\u00e9duca\u019fves sp\u00e9cifiques ayant un r\u00f4le de \u00ab passerelle \u00bb vers le dit \u00ab droit commun \u00bb.\nCe principe d'applica\u019fon du droit commun est \u00e9galement affirm\u00e9 pour les ac\u019fons relevant de la scolarisa-\n\u019fon, de l'inser\u019fon professionnelle et de l'acc\u00e8s \u00e0 la sant\u00e9. \nDe mani\u00e8re g\u00e9n\u00e9rale, nous observons que les objec\u019ffs fix\u00e9s par le SDAHGV n'ont pas \u00e9t\u00e9 r\u00e9alis\u00e9s. Hormis\npar\u019fellement sur l'aire d'accueil de Brignoles o\u00f9 un accompagnement social a \u00e9t\u00e9 formalis\u00e9, aucun autre\nterritoire ne semble avoir mis en \u0153uvre un projet social. Il en r\u00e9sulte que les familles \u00ab i\u019fn\u00e9rantes \u00bb s\u00e9jour-\nnant sur les aires d'accueil, ont peu de contacts avec les services locaux hormis le ges\u019fonnaire de l'aire et\nles services li\u00e9s \u00e0 la scolarisa\u019fon (services scolaires des communes et \u00e9tablissements scolaires). \nSi les liens sont renforc\u00e9s entre ges\u019fonnaire, services scolaires et quelquefois CCAS dans une logique de\npremier accueil sur le territoire, il n'en demeure pas moins qu'en l'absence de passerelle et d'interface so-\nciale structur\u00e9e, une grande part des besoins poten\u019fels de ce public est occult\u00e9e. En effet, les acteurs so-\nciaux risquent alors de ne pas prendre en compte le public i\u019fn\u00e9rant qui devient \u00ab invisible \u00bb alors que son\nmode de vie produit des besoins sp\u00e9cifiques voire des ruptures durant son s\u00e9jour (domicilia\u019fon dans un\nautre d\u00e9partement, s\u00e9jour court sur le site, s\u00e9quen\u019falit\u00e9 de la prise en charge, difficult\u00e9 de suivis longitudi-\nnaux). La centralisa\u019fon des demandes et de leur prise en compte exclusive sur l'aire peut conduire \u00e0 une\ncertaine forme d'isolement ainsi qu'\u00e0 une confusion dans le rep\u00e9rage des r\u00f4les par les usagers (ges\u019fon-\nnaire versus travailleur social).\nDe plus le ph\u00e9nom\u00e8ne de s\u00e9dentarisa\u019fon larv\u00e9e sur les aires d'accueil vient complexifier la lisibilit\u00e9 des be-\nsoins des familles dans le domaine de l'accompagnement social. \nL'obliga\u019fon, th\u00e9orique, dans laquelle sont les collec\u019fvit\u00e9s de r\u00e9inscrire le fonc\u019fonnement des aires d'ac-\ncueil dans leur objet ini\u019fal incitera de fait les ges\u019fonnaires et les collec\u019fvit\u00e9s qui les ont mandat\u00e9s \u00e0 tra-\nvailler avec les acteurs sociaux de proximit\u00e9. L'enjeu premier sera d'infl\u00e9chir leurs pra\u019fques et leurs m\u00e9-\nthodes  pour  \u00eatre  en  ad\u00e9qua\u019fon avec  ces  sp\u00e9cificit\u00e9s  et les  exigences  des  Projets  Sociaux  \u00c9duca\u019ffs \u00e0\ncontractualiser avec l'\u00c9tat.\nL'accompagnement des familles ancr\u00e9es sur le d\u00e9partement, quel que soit leur lieu d'habitat, n'a pas pu\n\u00eatre observ\u00e9 dans le cadre de ce travail. En effet nous n'y avons pas iden\u019ffi\u00e9 de structure de domicilia\u019fon\nou d'accompagnement intervenant sp\u00e9cifiquement aupr\u00e8s de ce public. Les familles ancr\u00e9es sur le d\u00e9parte-\nment et disposant d'une adresse de domicilia\u019fon soit sur leur lieu de vie soit aupr\u00e8s d'un CCAS, ont par\nprincipe acc\u00e8s aux services de droit commun. Du fait de ce\u01a9e absence d'informa\u019fons partag\u00e9es, il n'existe\npas de rep\u00e9rage ni  d'iden\u019ffica\u019fon des besoins \u00e9ventuels par les acteurs sociaux ; et cela bien que l'habitat\nde ces familles, m\u00eame lorsqu'il est dit classique, n'assure pas une garan\u019fe d'acc\u00e8s incondi\u019fonnel au droit ni\n\u00e0 son main\u019fen. En effet l'habitat s'il banalise les familles dans un environnement, ne les y inclue pas auto-\nma\u019fquement pour autant. Ainsi des besoins relevant par\u019fculi\u00e8rement de l'inclusion sociale peuvent ne pas\nSDAHGV du VAR \u2013 octobre 2024\n27\nDirection d\u00e9partementale des territoires et de la mer du Var - 83-2025-01-20-00012 - ARR\u00caT\u00c9 PR\u00c9FECTORAL DDTM/SHRU n\u00b0 2024-79\napprouvant le sch\u00e9ma d\u00e9partemental d'accueil et d'habitat des gens du voyage du Var 63\n\u00eatre  pris en charge sauf si les familles elles-m\u00eames iden\u019ffient leurs besoins et sollicitent le dit \u00ab droit com-\nmun \u00bb. L'accompagnement social de ces m\u00e9nages se confronte ainsi au fonc\u019fonnement historique, cultu-\nrel, poli\u019fque, strat\u00e9gique des gens du voyage ; lesquels ont implicitement d\u00e9velopp\u00e9 de mani\u00e8re u\u019flitariste\nun syst\u00e8me \u00e0 c\u00f4t\u00e9 de la soci\u00e9t\u00e9 majoritaire dans laquelle ils vivent. \nL'ext\u00e9rieur de la communaut\u00e9 est v\u00e9cu  a priori comme dangereux, et ce\u01a9e id\u00e9e tend parfois \u00e0 s'imposer\ncomme un postulat. L'ac\u019fon sociale, la scolarisa\u019fon et l'inser\u019fon sont appr\u00e9hend\u00e9s avec beaucoup de dis-\ntance ce qui peut  in fine  g\u00e9n\u00e9rer des occasions manqu\u00e9es d'am\u00e9liora\u019fon des condi\u019fons de vie pour les\ngens du voyage. . En effet, la scolarisa\u019fon peut \u00eatre v\u00e9cue  comme une volont\u00e9 d'assimila\u019fon, l'ac\u019fon so-\nciale comme un objec\u019ff de contr\u00f4le, et l'inser\u019fon comme un d\u00e9sir d'accultura\u019fon.\nCe\u01a9e par\u019fcularit\u00e9 du public a pour cons\u00e9quence que l'ac\u019fon sociale en direc\u019fon des Gens du voyage re-\nmet n\u00e9cessairement en ques\u019fon et en tension les disposi\u019ffs existants ainsi que les m\u00e9thodes de travail des\nacteurs dans la mesure o\u00f9 il existe presque toujours une difficult\u00e9 m\u00e9thodologique d'applica\u019fon li\u00e9e aux\nsp\u00e9cificit\u00e9s de la popula\u019fon.\nPlus globalement il existe un d\u00e9ficit en termes de projet social global que ce soit dans l'approche des i\u019fn\u00e9-\nrants ou dans celle des s\u00e9dentaires. Sur le d\u00e9partement du Var l'absence d'acteur associa\u019ff travaillant au-\npr\u00e8s des gens du voyage au niveau d\u00e9partemental ne permet pas de b\u00e9n\u00e9ficier d'une  connaissance pra-\n\u019fque ni d'une vision globale des probl\u00e9ma\u019fques rencontr\u00e9s par les gens du voyage. Ce\u01a9e absence ne faci-\nlite pas la pr\u00e9sence d'un acteur passerelle entre les membres des gens du voyage et les diff\u00e9rents disposi-\n\u019ffs existants. Seulsdes lieux de rencontres ponctuels et u\u019flitaristes tel que les services de domicilia\u019fon sont\ndes points de contacts plus r\u00e9currents.  \n5.3 La domicilia\u019fon des gens du voyage du Var\nLa domicilia\u019fon est une ques\u019fon centrale in\u019fmement li\u00e9e \u00e0 la ques\u019fon de l'acc\u00e8s aux droits. En effet, elle\ndonne la possibilit\u00e9 aux personnes qui ne peuvent pas d\u00e9clarer de domicile ou d'adresse, d'acc\u00e9der \u00e0 des\ndroits et \u00e0 des presta\u019fons.\nDans le Var, elle est exerc\u00e9e par les CCAS, les CIAS et par les associa\u019fons agr\u00e9\u00e9es16 pour assurer la mission\nde domicilia\u019fon postale. Ainsi, et de fa\u00e7on obligatoire depuis l'adop\u019fon de la Loi Egalit\u00e9 et Citoyennet\u00e9 qui\na supprim\u00e9 les communes de domicilia\u019fon, ce sont les CCAS qui sont habilit\u00e9s, de plein droit \u00e0 proc\u00e9der \u00e0 la\ndomicilia\u019fon des personnes sans domicile stable ainsi que les CIAS s'ils en ont la comp\u00e9tence. Les com-\nmunes de 1 500 habitants et plus ont l'obliga\u019fon de cr\u00e9er un CCAS qui domicilie toute personne sans domi-\ncile stable ayant un lien avec la commune. \nLe sch\u00e9ma d\u00e9partemental de domicilia\u019fon des personnes sans domicile stable du Var de 2017 indique que\n7 communes effectuaient alors des domicilia\u019fons pour les gens du voyage, la plupart d'entre elles dispo-\nsant d'une aire d'accueil. Seules deux communes ont indiqu\u00e9 domicilier des gens du voyage dans le cadre\nde l'\u00e9tude :\n- Brignoles avec 40 familles domicili\u00e9es en 2018 et 15 familles en 2019 ;\n- Hy\u00e8res : nombre inconnu.\nPar  ailleurs nous  n'avons pas  iden\u019ffi\u00e9 si les gens  du voyage se domiciliaient au sein des associa\u019fons\nagr\u00e9\u00e9es sur le d\u00e9partement : il est \u00e9galement possible et probable qu'il existe des domicilia\u019fons non r\u00e9gle-\nment\u00e9es chez des par\u019fculiers mais cela reste difficilement quan\u019ffiable.\nLa domicilia\u019fon des Gens du voyage dans le Var semble renvoyer aux caract\u00e9ris\u019fques d'ancrage territorial\nfort sur certains secteurs g\u00e9ographiques. Ainsi la majorit\u00e9 des familles sont domicili\u00e9es \u00e0 l'adresse de leur\nlogement, de leur terrain, m\u00eame si son usage r\u00e9siden\u019fel est illicite d'un point de vue urbanis\u019fque, ou chez\ndes membres de leur famille. Par ailleurs il semble que des familles ayant des a\u01a9aches dans les Bouches-du-\nRh\u00f4ne y soient domicili\u00e9es notamment aupr\u00e8s de l'AREAT \u00e0 Port-de-Bouc. Ce qui pose le cas \u00e9ch\u00e9ant, la\nques\u019fon d'un main\u019fen des droits constant et de sa prise en charge sociale et financi\u00e8re pour des b\u00e9n\u00e9fi-\nciaires qui ne sont pas ou peu pr\u00e9sents \u00ab physiquement \u00bb sur le d\u00e9partement de domicilia\u019fon. Ce principe\nde domicilia\u019fon ext\u00e9rieur au d\u00e9partement, rela\u019fvement fr\u00e9quent, rend invisible les personnes concern\u00e9es\naux disposi\u019ffs d'inser\u019fon et structures sociales du d\u00e9partement.\n16 Organismes r\u00e9pertori\u00e9s dans le sch\u00e9ma d\u00e9partemental de domicilia\u019fon du Var de 2017\nSDAHGV du VAR \u2013 octobre 2024\n28\nDirection d\u00e9partementale des territoires et de la mer du Var - 83-2025-01-20-00012 - ARR\u00caT\u00c9 PR\u00c9FECTORAL DDTM/SHRU n\u00b0 2024-79\napprouvant le sch\u00e9ma d\u00e9partemental d'accueil et d'habitat des gens du voyage du Var 64\nLa domicilia\u019fon cons\u019ftue encore aujourd'hui une des premi\u00e8res passerelles entre la communaut\u00e9 des Gens\ndu voyage et la soci\u00e9t\u00e9 des Gadj\u00e9 (individus qui ne sont pas de la communaut\u00e9). Il importe donc que les ac-\nteurs qui ont la charge de ce type d'ac\u019fon puissent adopter un mode de fonc\u019fonnement qui va bien au-de-\nl\u00e0 de la simple distribu\u019fon du courrier (r\u00e9exp\u00e9di\u019fon). Ceci peut cons\u019ftuer un frein op\u00e9ra\u019fonnel objec\u019ff\npour les CCAS qui n'ont pas de personnel qualifi\u00e9. Le sch\u00e9ma d\u00e9partemental de domicilia\u019fon met d'ailleurs\nen exergue des difficult\u00e9s rencontr\u00e9es par les CCAS : difficult\u00e9s rencontr\u00e9es dans le retrait du courrier, mais\n\u00e9galement et surtout dans la mise en place et le suivi de la domicilia\u019fon administra\u019fve globale des gens du\nvoyage. D\u00e9marche bien plus complexe et  pour  laquelle les  comp\u00e9tences requises  d\u00e9passent celle des\nagents d'accueil du fait des sp\u00e9cificit\u00e9s d'un public inscrit dans l'i\u019fn\u00e9rance, sp\u00e9cificit\u00e9s auxquelles ils ne\nsont pas ou peu form\u00e9s et pour lesquelles ils sont tr\u00e8s rarement ou\u019fll\u00e9s.\nLa domicilia\u019fon pour les gens du voyage ne main\u019fent pas un lien comme pour les personnes en situa\u019fon\nde d\u00e9saffilia\u019fon, mais elle le cr\u00e9\u00e9.  Les acteurs qui assurent ce service ont donc une obliga\u019fon de prendre\nen compte ce ph\u00e9nom\u00e8ne. Ainsi en s'appuyant sur le sch\u00e9ma d\u00e9partemental de la domicilia\u019fon et des ac-\nteurs qui y sont r\u00e9f\u00e9renc\u00e9s, cela perme\u01a9ra une inscrip\u019fon et un rep\u00e9rage de ce\u01a9e popula\u019fon sur le terri-\ntoire du d\u00e9partement. D\u00e9marche pr\u00e9alable \u00e0 la traduc\u019fon des besoins de ces publics et de les inscrire dans\ndes poli\u019fques publiques en fonc\u019fon de leur territoire de vie. Il importe en outre que les acteurs qui ont la\ncharge  de  ce  type  d'ac\u019fon  se  coordonnent  afin  d'adopter  un  mode  de  fonc\u019fonnement  harmonis\u00e9 \u00e0\nl'\u00e9chelle du d\u00e9partement. Dans le d\u00e9partement du Var o\u00f9 ce\u01a9e approche n'existe pas, un travail dans le\ncadre du sch\u00e9ma d\u00e9partemental de la domicilia\u019fon est n\u00e9cessaire pour :\n\uf0fc harmoniser les pra\u019fques et former les services ;\n\uf0fc adapter l'accueil du public gr\u00e2ce \u00e0 la forma\u019fon ;\n\uf0fc inscrire les personnes sur leur territoire de vie principal ;\n\uf0fc d\u00e9finir une pra\u019fque et des acteurs de l'accompagnement social et administra\u019ff pour les per-\nsonnes en situa\u019fon de s\u00e9dentarisa\u019fon afin que ceux-ci n'aillent pas chercher dans un service de\ndomicilia\u019fon l'accompagnement dont ils peuvent avoir besoin.\n5.4 L'acc\u00e8s aux droits\nL'acc\u00e8s aux droits et leur main\u019fen s'effectue principalement par le biais des lieux de domicilia\u019fon. Il l'est\n\u00e9galement pour par\u019fe dans le cadre du RSA dont le suivi s'accompagne souvent d'ac\u019fons d'iden\u019ffica\u019fon\nr\u00e9siden\u019felle. Dans le Var il est remarquable que les familles r\u00e9sidant sur les aires d'accueil s'adressent tr\u00e8s\nponctuellement aux services sociaux dans la mesure o\u00f9 elles poss\u00e8dent g\u00e9n\u00e9ralement des a\u01a9aches admi-\nnistra\u019fves sur d'autres territoires. Pour ces familles r\u00e9ellement i\u019fn\u00e9rantes la demande sera plut\u00f4t ponc-\ntuelle et concernera deux domaines\n- l'aide d'urgence ;\n- le main\u019fen des droits pendant les p\u00e9riodes d'\u00e9loignements de son territoire de r\u00e9f\u00e9rence.\nPour ce qui concerne les familles s\u00e9dentaris\u00e9es, elles ont, en principe, un lien avec le service social de leur\nterritoire. En g\u00e9n\u00e9ral la s\u00e9dentarisa\u019fon a entra\u00een\u00e9 une inscrip\u019fon de ces familles dans le \u019fssu local. Si elles\nn'ont pas forc\u00e9ment toutes les facilit\u00e9s d'acc\u00e8s \u00e0 leurs besoins notamment en termes d'habitat, ce\u01a9e ins-\ncrip\u019fon territoriale facilite cependant leur acc\u00e8s aux droits via les CCAS ou les travailleurs sociaux du d\u00e9par-\ntement qui peuvent plus facilement les iden\u019ffier. La principale limite est li\u00e9e au fait que cela demande le\nplus souvent une d\u00e9marche pr\u00e9alable de la personne aupr\u00e8s des services, d\u00e9marche encore difficile pour\ndes gens du voyage habitu\u00e9s \u00e0 rechercher au sein du giron communautaire la plupart des r\u00e9ponses \u00e0 leurs\nbesoins imm\u00e9diats ou bien \u00e0 d\u00e9velopper des strat\u00e9gies qui leur perme\u01a9ent de se passer au moins par\u019felle-\nment du droit.  \nCes familles sont tr\u00e8s souvent b\u00e9n\u00e9ficiaires des minimas sociaux et peu autonomes dans leur approche ad-\nministra\u019fve (ille\u01a9risme ou faible ma\u00eetrise des savoirs fondamentaux). En ce sens, la d\u00e9mat\u00e9rialisa\u019fon des\nd\u00e9marches administra\u019fves contribue \u00e0 rendre l'acc\u00e8s au droit de plus en plus difficile pour ces familles,\nsouvent vic\u019fmes d'exclusion num\u00e9rique. Cela d'autant plus que peu d'aires d'accueil, et aucune sur le d\u00e9-\npartement, ne dispose de bornes d'acc\u00e8s libre \u00e0 internet. Les demandes les plus courantes aupr\u00e8s des ser-\nvices sociaux portent ainsi sur :\n- la lecture, l'explica\u019fon et la r\u00e9dac\u019fon des courriers (essen\u019fellement aupr\u00e8s des CCAS) ;\nSDAHGV du VAR \u2013 octobre 2024\n29\nDirection d\u00e9partementale des territoires et de la mer du Var - 83-2025-01-20-00012 - ARR\u00caT\u00c9 PR\u00c9FECTORAL DDTM/SHRU n\u00b0 2024-79\napprouvant le sch\u00e9ma d\u00e9partemental d'accueil et d'habitat des gens du voyage du Var 65\n- la r\u00e9alisa\u019fon des d\u00e9marches d'acc\u00e8s aux droits et main\u019fen des droits (AAH, CMU, mutuelle, re-\ntraite\u2026) ;\n- les aides financi\u00e8res ;\n- les probl\u00e9ma\u019fques de sant\u00e9 ; \n- l'acc\u00e8s au logement et l'am\u00e9liora\u019fon de l'habitat pour les familles s\u00e9dentaires ou en recherche de\ns\u00e9dentarisa\u019fon ;\n5.5 La sant\u00e9 \nLe SDAHGV 2012-2018 a r\u00e9affirm\u00e9 la priorit\u00e9 de l'acc\u00e8s aux droits et aux soins par la mise en \u0153uvre d'une\ninforma\u019fon directement et clairement accessible dans le domaine de la pr\u00e9ven\u019fon et du soin lui-m\u00eame. Il\nn'existe pas d'ac\u019fon sp\u00e9cifique conduite au niveau d\u00e9partemental que ce soit par l'ARS ou d'autres acteurs\nexcep\u019fon faite de l'a\u01a9en\u019fon port\u00e9e r\u00e9cemment sur l'occupa\u019fon des aires d'accueil dans le cadre de la\npand\u00e9mie COVID 19 notamment durant la p\u00e9riode du confinement. \nSi la sant\u00e9 des gens du voyage est un sujet dont le traitement est paradoxal. Occult\u00e9e par les familles qui ne\nl'\u00e9voquent que difficilement, ou bien trop souvent pra\u019fqu\u00e9 dans un contexte d'urgence en par\u019fculier hos-\npitali\u00e8re. Si elle ne fait pas l'objet de constats de manques ni d'ac\u019fons sp\u00e9cifiques, elle n'en demeure pas\nmoins une ques\u019fon centrale. \nEn effet, au niveau na\u019fonal, les gens du voyage sont confront\u00e9s \u00e0 un \u00e9tat de sant\u00e9 global analys\u00e9 comme\nmoins bon que celui de la popula\u019fon g\u00e9n\u00e9rale. Les diff\u00e9rentes \u00e9tudes men\u00e9es sur le sujet ont fait appa-\nra\u00eetre une esp\u00e9rance de vie encore tr\u00e8s inf\u00e9rieure \u00e0 la moyenne na\u019fonale (environ 10 \u00e0 15 ans d'\u00e9cart) mal-\ngr\u00e9 les am\u00e9liora\u019fons globales permises par le d\u00e9veloppement des structures d'accueil depuis l'adop\u019fon\ndes lois Besson. S'il n'existe pas de pathologie sp\u00e9cifique \u00e0 ce\u01a9e popula\u019fon, les sp\u00e9cialistes font le constat\nde la pr\u00e9gnance de certaines pathologies li\u00e9es aux condi\u019fons de vie et r\u00e9sultant des effets de la pr\u00e9carit\u00e9,\nplus par\u019fculi\u00e8rement dans l'habitat, souvent aggrav\u00e9 par des interf\u00e9rences spa\u019fales entre habitat et ac\u019fvi-\nt\u00e9 professionnelle. Ce probl\u00e8me poten\u019fellement grave, est principalement observable dans les groupes s\u00e9-\ndentaires pr\u00e9caris\u00e9s ou inscrits dans des ac\u019fvit\u00e9s \u00e9conomiques de r\u00e9cup\u00e9ra\u019fon. Ce contexte explique que\nles gens du voyage soient consid\u00e9r\u00e9s comme popula\u019fon \u00e0 risque en raison, la plupart du temps, du danger\nli\u00e9 \u00e0 leur habitat, \u00e0 leur mode de vie ou \u00e0 leur ac\u019fvit\u00e9 professionnelle.\n\u00c0 ce \u019ftre, la promiscuit\u00e9 et le confinement dans les caravanes peuvent favoriser les accidents domes\u019fques\nou des pathologies respiratoires infec\u019feuses. De m\u00eame certaines pathologies peuvent \u00eatre li\u00e9es \u00e0 l'insalu-\nbrit\u00e9 de l'environnement : (rats, dermatoses\u2026). Des risques sont \u00e9galement r\u00e9currents en rela\u019fon avec les\npra\u019fques professionnelles et les condi\u019fons de travail, en par\u019fculier dans un m\u00e9lange des lieux de vie et de\ntravail. Cadres de vie informels qui favorisent l'auto-contamina\u019fon. Cela concerne par\u019fculi\u00e8rement les\nrisques li\u00e9s \u00e0 la r\u00e9cup\u00e9ra\u019fon, le tri et la revente des m\u00e9taux : intoxica\u019fon au plomb (saturnisme) et aux\nautres m\u00e9taux lourds, inhala\u019fon de fum\u00e9es toxiques, accidents.\nSi pour l'acc\u00e8s aux soins, il ne semble pas qu'il y ait d'obstacle majeur (les gens du voyage sont en lien avec\nles acteurs de la sant\u00e9 et surtout les services hospitaliers), il n'en demeure pas moins que l'accent doit \u00eatre\nmis sur les ac\u019fons de pr\u00e9ven\u019fon et de m\u00e9dia\u019fon. En effet, la prise en charge de la maladie se fait g\u00e9n\u00e9rale-\nment tardivement et certaines conduites \u00e0 risques se poursuivent : ferraillage \u00e0 proximit\u00e9 des lieux de vie,\narr\u00eat des traitements m\u00e9dicaux \u00e0 la fin des sympt\u00f4mes, alimenta\u019fon d\u00e9s\u00e9quilibr\u00e9e, tabac, consomma\u019fon\nd'an\u019fd\u00e9presseurs, auto-m\u00e9dica\u019fon\u2026\nPar incidence, les probl\u00e8mes de sant\u00e9 et plus par\u019fculi\u00e8rement les hospitalisa\u019fons peuvent donner lieu \u00e0\ndes sta\u019fonnements, voire des grands passages autour, ou aux environs, de centres hospitaliers.\nL\u00e0 o\u00f9 les condi\u019fons de vie et d'habitat ont posi\u019fvement \u00e9volu\u00e9, en m\u00eame temps qu'une am\u00e9liora\u019fon de\nl'esp\u00e9rance de vie, les gens du voyage sont nouvellement confront\u00e9s aux maladies de la vieillesse. Contexte\nnouveau surtout du fait de son \u00e9chelle et dont l'\u00e9mergence interroge simultan\u00e9ment le rapport au voyage\ndes familles  i\u019fn\u00e9rantes, les ges\u019fonnaires des aires  d'accueil, les collec\u019fvit\u00e9s  o\u00f9 r\u00e9sident  des  gens  du\nvoyage sur des terrains dans des condi\u019fons pr\u00e9caires et les accompagnants m\u00e9dico-sociaux. Acteurs mul-\n\u019fples qui doivent g\u00e9rer les contradic\u019fons entre les effets de ces maladies sur le mode de vie communau-\ntaire et les r\u00e9ponses possibles. Pour les acteurs du territoire, il est n\u00e9cessaire de parvenir d'abord \u00e0 une\nmeilleure connaissance de la probl\u00e9ma\u019fque et de cr\u00e9er si besoin les condi\u019fons d'un travail pr\u00e9ven\u019ff.\nSDAHGV du VAR \u2013 octobre 2024\n30\nDirection d\u00e9partementale des territoires et de la mer du Var - 83-2025-01-20-00012 - ARR\u00caT\u00c9 PR\u00c9FECTORAL DDTM/SHRU n\u00b0 2024-79\napprouvant le sch\u00e9ma d\u00e9partemental d'accueil et d'habitat des gens du voyage du Var 66\n5.6 La scolarisa\u019fon\nLa scolarisa\u019fon des enfants issus de la communaut\u00e9 des gens du voyage est inscrite dans le m\u00eame cadre\nque pour l'ensemble de la popula\u019fon fran\u00e7aise. La circulaire 2012-142 du 2 octobre 2012 de l'\u00e9duca\u019fon na-\n\u019fonale pr\u00e9cise les modalit\u00e9s de ce\u01a9e scolarisa\u019fon notamment pour l'accueil des i\u019fn\u00e9rants et vise \u00e0 favori-\nser la fr\u00e9quenta\u019fon r\u00e9guli\u00e8re d'un \u00e9tablissement scolaire d\u00e8s l'\u00e9cole maternelle, \u00e0 am\u00e9liorer la scolarit\u00e9 de\nces \u00e9l\u00e8ves et \u00e0 pr\u00e9venir la d\u00e9scolarisa\u019fon. La sp\u00e9cificit\u00e9 du voyage est prise en compte par la possibilit\u00e9\nd'une scolarisa\u019fon \u00e0 distance (CNED). \nLe SDAHGV 2012-2018 r\u00e9affirme le principe de l'obliga\u019fon l\u00e9gale de scolarisa\u019fon en rappelant que l'ins-\ntruc\u019fon obligatoire est assur\u00e9e prioritairement dans les \u00e9tablissements d'enseignement et qu'elle s'inscrit,\nconcernant les gens du voyage, dans le cadre du CASNAV (Centre Acad\u00e9mique pour la Scolarisa\u019fon des\nNouveaux arrivants et des Enfants du Voyage). Deux niveaux d'interven\u019fon sont cit\u00e9s : une organisa\u019fon lo-\ncale entre le maire concern\u00e9 par l'aire d'accueil et l'inspecteur de l'\u00e9duca\u019fon na\u019fonale et une coordina\u019fon\npar la cellule d\u00e9partementale d'appui qui examine les difficult\u00e9s \u00e9ventuelles qui lui sont soumises. L'ac\u019fon\n\u00e0 mener dans le cadre SDAHGV porte sur deux volets :\n- l'am\u00e9liora\u019fon du partenariat \u00e9cole-familles-ges\u019fonnaire de l'aire au travers de la cr\u00e9a\u019fon de comi-\nt\u00e9s de suivi locaux \u00ab scolarisa\u019fon-\u00e9duca\u019fon \u00bb en vue d'apporter des r\u00e9ponses concert\u00e9es notam-\nment en ma\u019f\u00e8re de sou\u019fen scolaire y compris pour les enfants scolaris\u00e9s via le CNED ;\n- garan\u019fr la scolarisa\u019fon des enfants pr\u00e9sents sur les aires d'accueil en organisant une r\u00e9union de\nconcerta\u019fon avant la rentr\u00e9e de classes et une r\u00e9union de suivi en cours ou avant la fin de l'ann\u00e9e\nscolaire ;\nLes entre\u019fens men\u00e9s aupr\u00e8s des collec\u019fvit\u00e9s, des ges\u019fonnaires et de l'\u00e9duca\u019fon na\u019fonale n'ont pas d\u00e9-\nmontr\u00e9 une mise en \u0153uvre g\u00e9n\u00e9ralis\u00e9e des pr\u00e9conisa\u019fons rela\u019fves au partenariat et \u00e0 la coordina\u019fon. Il\nn'y a pas de r\u00e9unions r\u00e9guli\u00e8res avec la r\u00e9f\u00e9rente du CASNAV pour \u00e9voquer la ques\u019fon de la scolarisa\u019fon \u00e0\nl'excep\u019fon de r\u00e9unions qui ont pu avoir lieu ponctuellement lors de la mise en service d'une nouvelle aire\nd'accueil. Le CASNAV intervient au cas par cas sur sollicita\u019fon directe et sur les communes de pr\u00e9sence r\u00e9-\nguli\u00e8re c'est-\u00e0-dire avec une aire d'accueil ou avec une s\u00e9dentarisa\u019fon importante comme \u00e0 Puget-sur-Ar-\ngens.\nIl n'y pas de disposi\u019ff sp\u00e9cifique mis en \u0153uvre concernant la scolarisa\u019fon des enfants du voyage (EFIV),\nceux-ci sont int\u00e9gr\u00e9s dans le r\u00e9seau des UP2A - pour la scolarisa\u019fon des \u00e9l\u00e8ves allophones nouvellement\narriv\u00e9s et des enfants issus de familles i\u019fn\u00e9rantes et de voyageurs en \u00e9l\u00e9mentaire et en coll\u00e8ge. Les enfants\nsont accueillis au sein des UP2A des \u00e9tablissements des communes suivantes : La Farl\u00e8de, Le Luc-en-Pro-\nvence, Six-Fours-les-Plages, et Puget-sur-Argens. Sur Le Luc et Brignoles. Un ramassage est mis en place par\nles mairies pour les enfants s\u00e9journant sur les aires d'accueil.\nUne difficult\u00e9 est n\u00e9anmoins survenue \u00e0 la rentr\u00e9e 2020 \u00e0 La Farl\u00e8de. Les enfants \u00e9taient jusque-l\u00e0 scolari-\ns\u00e9s au sein d'une \u00e9cole situ\u00e9e \u00e0 cinq minutes de l'aire d'accueil. Or, compte-tenu des effec\u019ffs de l'\u00e9cole et\nde l'\u00e2ge des enfants concern\u00e9s, la mairie a fait le choix de les ven\u019fler sur plusieurs \u00e9coles. Les familles ar-\nguant le manque de moyen de transport, les enfants ne fr\u00e9quentent peu ou pas l'\u00e9tablissement d'affecta-\n\u019fon. Enfin l'inscrip\u019fon peut pr\u00e9senter quelques lourdeurs avec de nombreuses pi\u00e8ces \u00e0 fournir et pouvant\nprendre plusieurs jours, pouvant d\u00e9courager ainsi les familles mais aussi les directeurs d'\u00e9tablissement\nlorsque les dur\u00e9es de s\u00e9jours sont r\u00e9duites. \nLa situa\u019fon rencontr\u00e9e sur  Puget-sur-Argens est par\u019fculi\u00e8re en raison de la s\u00e9dentarisa\u019fon de nom-\nbreuses familles et du contexte urbain tr\u00e8s d\u00e9grad\u00e9. Bien que les familles soient install\u00e9es depuis long-\ntemps et que les enfants soient bien scolaris\u00e9s17, les niveaux restent faibles. \nPour ce qui est du coll\u00e8ge, le CASNAV est peu sollicit\u00e9. On es\u019fme \u00e0 une trentaine les \u00e9l\u00e8ves inscrits au\nCNED. Aucun coll\u00e8ge n'a sign\u00e9 de conven\u019fon avec le CNED pour un sou\u019fen aux devoirs, le nombre d'en-\nfants concern\u00e9s \u00e9tant trop faible. Il arrive parfois qu'apr\u00e8s une ou deux ann\u00e9es d'inscrip\u019fon, le CNED refuse\nde renouveler l'inscrip\u019fon car les devoirs ne sont pas rendus. Le retour au coll\u00e8ge est alors pr\u00e9conis\u00e9 mais\n17 112 enfants scolaris\u00e9s ont \u00e9t\u00e9 signal\u00e9s par la commune dans sa r\u00e9ponse au ques\u019fonnaire\nSDAHGV du VAR \u2013 octobre 2024\n31\nDirection d\u00e9partementale des territoires et de la mer du Var - 83-2025-01-20-00012 - ARR\u00caT\u00c9 PR\u00c9FECTORAL DDTM/SHRU n\u00b0 2024-79\napprouvant le sch\u00e9ma d\u00e9partemental d'accueil et d'habitat des gens du voyage du Var 67\nles d\u00e9calages des savoirs et \u00e9galement les difficult\u00e9s d'int\u00e9gra\u019fon et de comportement conduisent \u00e0 un re-\ntrait. \nMalgr\u00e9 l'absence de bilan quan\u019fta\u019ff et qualita\u019ff, des constats g\u00e9n\u00e9raux peuvent \u00eatre dress\u00e9s concernant\nl'\u00e9volu\u019fon de la situa\u019fon scolaire des enfants du voyage. \nSi la cr\u00e9a\u019fon des aires d'accueil ainsi que l'am\u00e9liora\u019fon des condi\u019fons de vie des familles s\u00e9dentaires favo-\nrisent la scolarisa\u019fon des enfants, il faut prudence garder car le chemin vers une scolarisa\u019fon classique qui\nse caract\u00e9rise \u00e0 minima par une assiduit\u00e9 r\u00e9guli\u00e8re reste encore long. N\u00e9anmoins les constats sur la pra-\n\u019fque scolaire des enfants du voyage sont assez partag\u00e9s :\n\uf0fc une assiduit\u00e9 g\u00e9n\u00e9ralement faible des enfants appartenant \u00e0 ce\u01a9e communaut\u00e9 masqu\u00e9e par une\ninscrip\u019fon scolaire en hausse ;\n\uf0fc une scolarisa\u019fon qui se d\u00e9lite avec l'\u00e2ge et devient extr\u00eamement pr\u00e9occupante lorsqu'on a\u01a9eint le\ncoll\u00e8ge ;\n\uf0fc une probl\u00e9ma\u019fque sp\u00e9cifique de la scolarisa\u019fon des filles au coll\u00e8ge ;\n\uf0fc une surrepr\u00e9senta\u019fon des enfants issus de la communaut\u00e9 des gens du voyage dans la scolarisa-\n\u019fon par correspondance et ce quel que soit le rapport au voyage.\nLa signature du nouveau sch\u00e9ma pourrait marquer le d\u00e9but d'une nouvelle m\u00e9thodologie d'accompagne-\nment de la scolarisa\u019fon des enfants du voyage en me\u01a9ant l'accent sur le renforcement du partenariat et\nl'harmonisa\u019fon des pra\u019fques. Pendant longtemps les acteurs ont travaill\u00e9 sur l'inscrip\u019fon scolaire. Aujour-\nd'hui force est de constater que malgr\u00e9 l'am\u00e9liora\u019fon notable de celle-ci, le parcours scolaire des enfants\nest toujours chao\u019fque et en tout cas ne permet que rarement d'envisager un parcours de forma\u019fon pro-\nfessionnelle classique. La ques\u019fon centrale qui devra \u00eatre port\u00e9e concerne en priorit\u00e9 l'assiduit\u00e9 et la pr\u00e9-\nsence des enfants et par cons\u00e9quent concernera aussi le niveau des acquisi\u019fons scolaires.\n5.6 L'inser\u019fon professionnelle\nMalgr\u00e9 la pr\u00e9sence de structures et d'acteurs sur le d\u00e9partement, la sp\u00e9cificit\u00e9 de l'ac\u019fvit\u00e9 professionnelle\ndes gens du voyage n'est pas prise en compte et les besoins dans ce domaine ne sont pas \u00e9valu\u00e9s.\nLa majorit\u00e9 des gens du voyage en ac\u019fvit\u00e9 professionnelle s'orientent vers l'emploi non salari\u00e9 avec une\ndemande ax\u00e9e vers la cr\u00e9a\u019fon d'entreprise et le suivi de l'ac\u019fvit\u00e9. En ce qui concerne l'ac\u019fvit\u00e9 \u00e9cono-\nmique, les personnes sont fr\u00e9quemment a\u01a9ach\u00e9es au statut de travailleur ind\u00e9pendant ou micro-entrepre-\nneur et exercent des ac\u019fvit\u00e9s de types ar\u019fsanales ou commerciales : commerces sur les march\u00e9s ou \u00e0 do-\nmicile, \u00e9lagage, espaces verts, ma\u00e7onnerie, ne\u01a9oyage de fa\u00e7ades, march\u00e9s, tri et r\u00e9cup\u00e9ra\u019fon de m\u00e9taux,\netc. Il s'agit le plus souvent d'hommes bien que de plus en plus de femmes soient \u00e9galement concern\u00e9es\nnotamment par des ac\u019fvit\u00e9s de type commercial. \nLa grande majorit\u00e9 des personnes \u00e9tant b\u00e9n\u00e9ficiaires du RSA, ce disposi\u019ff est le vecteur principal par lequel\nles b\u00e9n\u00e9ficiaires inscrits dans une d\u00e9marche d'inser\u019fon professionnelle sont rep\u00e9r\u00e9s et inscrits dans des\nparcours d'accompagnement. Ils peuvent d\u00e8s lors montrer des comp\u00e9tences dites informelles li\u00e9es \u00e0 des\npra\u019fques historiques et familiales de certains m\u00e9\u019fers lesquelles peuvent \u00eatre une base int\u00e9ressante pour\nune inser\u019fon professionnelle durable notamment dans le cadre du travail salari\u00e9.\nComme pour l'acc\u00e8s aux droits g\u00e9n\u00e9raux, l'influence du syst\u00e8me de la domicilia\u019fon sur l'accompagnement\nsocioprofessionnel des personnes est importante. Cela condi\u019fonne le suivi et la d\u00e9signa\u019fon des structures\nou travailleurs sociaux r\u00e9f\u00e9rents charg\u00e9s d'assurer le suivi. Ainsi le plus souvent un r\u00e9f\u00e9rent parcours social\nest d\u00e9sign\u00e9. Il effectue l'accompagnement en contractualisant sur des objec\u019ffs d'inser\u019fon sociale et pro-\nfessionnelle. Les autoentrepreneurs sont orient\u00e9s vers un r\u00e9f\u00e9rent parcours professionnel qui peut s'ap-\npuyer sur selon les besoins rep\u00e9r\u00e9s sur des op\u00e9rateurs parapublics ou associa\u019ffs (forma\u019fons, savoirs-de\nbase\u2026). Pour ces derniers le RSA appara\u00eet comme une forme de subven\u019fon \u00e0 la micro-entreprise qui per-\nmet le main\u019fen de l'ac\u019fvit\u00e9. Si cela permet d'\u00e9viter aux gens du voyage de basculer dans l'assistanat social\net de rester toujours ac\u019ffs, l'ac\u019fvit\u00e9 \u00e9conomique ne cons\u019ftue pas toujours une source de revenus suffi-\nsante pour sor\u019fr du disposi\u019ff de l'auto-entrepreneur et encore moins du disposi\u019ff RSA.\nSDAHGV du VAR \u2013 octobre 2024\n32\nDirection d\u00e9partementale des territoires et de la mer du Var - 83-2025-01-20-00012 - ARR\u00caT\u00c9 PR\u00c9FECTORAL DDTM/SHRU n\u00b0 2024-79\napprouvant le sch\u00e9ma d\u00e9partemental d'accueil et d'habitat des gens du voyage du Var 68\nEn parall\u00e8le du RSA, certaines personnes issues de la communaut\u00e9 des gens du voyage ont le statut de tra-\nvailleur salari\u00e9 mais les emplois occup\u00e9s sont souvent pr\u00e9caires et ne se p\u00e9rennisent pas. Cela renvoie \u00e0 la\npersistance de certaines difficult\u00e9s en raison d'un cumul de \u00ab handicaps \u00bb : \n\uf0fc ille\u01a9risme ;\n\uf0fc niveau de qualifica\u019fon faible li\u00e9 \u00e0 la tradi\u019fon de la transmission familiale des savoirs profession-\nnels ;\n\uf0fc demandes de travail d\u00e9cal\u00e9es de la r\u00e9alit\u00e9. L'appren\u019fssage familial, pra\u019fque courante chez les gens\ndu voyage au d\u00e9triment de l'\u00e9duca\u019fon scolaire, est tourn\u00e9 vers les m\u00e9\u019fers tradi\u019fonnels qui sont\naujourd'hui en compl\u00e8te muta\u019fon ou bien en passe de devinir obsol\u00e8tes  ;\n\uf0fc une \u00e9volu\u019fon professionnelle qui n\u00e9cessite une mobilit\u00e9 g\u00e9ographique cens\u00e9e \u00e9largir le porte-\nfeuille de client\u00e8le.\nSDAHGV du VAR \u2013 octobre 2024\n33\nDirection d\u00e9partementale des territoires et de la mer du Var - 83-2025-01-20-00012 - ARR\u00caT\u00c9 PR\u00c9FECTORAL DDTM/SHRU n\u00b0 2024-79\napprouvant le sch\u00e9ma d\u00e9partemental d'accueil et d'habitat des gens du voyage du Var 69\nIII- ORIENTATIONS\nSur la base des \u00e9l\u00e9ments de diagnos\u019fc, des ateliers th\u00e9ma\u019fques territoriaux ont \u00e9t\u00e9 organis\u00e9s \u00e0\nBrignoles Draguignan et Toulon. Toutes les communes et EPCI y \u00e9taient invit\u00e9es. L'objec\u019ff premier\nvisait \u00e0 partager et \u00e9laborer, en s'appuyant sur le diagnos\u019fc pr\u00e9c\u00e9demment valid\u00e9 en commission\nconsulta\u019fve, les orienta\u019fons du futur sch\u00e9ma d\u00e9partemental d'accueil et d'habitat des gens du\nvoyage  du  Var.  Lors  de  ces  ateliers,  les  constats  et  informa\u019fons  ont  \u00e9t\u00e9  partag\u00e9s  avec  les\npar\u019fcipants, certains faisant retour d'informa\u019fons omises pr\u00e9c\u00e9demment, en par\u019fculier quant \u00e0 la\nqualifica\u019fon  de  la  no\u019fon  de  \u00ab m\u00e9nage  s\u00e9dentaire \u00bb  et  la  quan\u019ffica\u019fon  de  ses  d\u00e9clinaisons\npossibles sur les territoires communaux. C'est au terme de ce processus qu'ont \u00e9t\u00e9 \u00e9tablis les\nproposi\u019fons de prescrip\u019fons ainsi que le programme d'ac\u019fons et d'accompagnement  du futur\nsch\u00e9ma d\u00e9partemental.\n1. Ges\u019fon et harmonisa\u019fon des aires\nAires d'accueil\nSynth\u00e8se des \u00e9l\u00e9ments de diagnos\u019fc Orienta \u019fons\n\uf0d8 6 aires d'accueil r\u00e9alis\u00e9es dont une ferm\u00e9e administra\u019fvement\n- AA de La Millonne - Six Fours\n- AA de La Chaberte \u2013 La Garde\n- AA de La Farl\u00e8de\n- AA de Brignoles\n- AA de Le Luc\n- Puget/Argens : fermeture administra\u019fve\n\uf0d8 Des situa\u019fons d'ancrages sur certaines aires \n- Puget/Argens : fermeture administra\u019fve\n- D\u00e9grada\u019fon des \u00e9quipements\n- Surconsomma\u019fon de fluides \n\uf0d8 Des aires mal con\u00e7ues ou pas aux normes\n\uf0d8 Une offre d'accueil qui ne correspond pas toujours aux besoins\n\uf0d8 R\u00e9par\u019f\u019fon part fixe et part variable qui cr\u00e9e des effets pervers\n\uf0d8 Des dur\u00e9es de s\u00e9jours variables au-del\u00e0 des r\u00e8gles du passage\npar le truchement des d\u00e9roga\u019fons\n\uf0d8 Des p\u00e9riodes de fermeture non coordonn\u00e9es\nAire d'accueil de la Chaberte (La Garde) \nAire d'accueil de la Farl\u00e8de\nDes  r\u00e9alisa\u019fons  insuffisantes  pour\nl'accueil du passage d\u00e9partemental du\nfait de nombreuses non-r\u00e9alisa\u019fons\nDes  fonc\u019fonnements  tr\u00e8s  diff\u00e9rents,\nvoire concurrents entre les aires et les\ncollec\u019fvit\u00e9s.\n\uf0d8 R\u00e9aliser  les aires manquantes n\u00e9-\ncessaires\n\uf0d8 L'harmonisa\u019fon  des  r\u00e8glements\nint\u00e9rieurs des aires d'accueil :\n- d\u00e9finir des dur\u00e9es de s\u00e9jour ;\n- \u00e9laborer un livret de proc\u00e9dure ;\n- \u00e9tablir la  liste des documents  l\u00e9-\ngalement  exigibles  \u00e0  pr\u00e9senter  \u00e0\nl'entr\u00e9e  des  aires  d'accueil,  les\nmodalit\u00e9s  de  ges\u019fon  des  im-\npay\u00e9s... \net  le  faire  appliquer par  l'ensemble\ndes ges\u019fonnaires des aires.\n\uf0d8 L'harmonisa\u019fon des tarifica\u019fons\n\uf0d8 Une coordina\u019fon d\u00e9partementale\nde la ges\u019fon des p\u00e9riodes de ferme-\nture des aires et le nombre d'empla-\ncements disponibles\n\uf0d8 La mise en conformit\u00e9 des \u00e9qui-\npements :\n- Individualiser les emplacements\n- Essayer de les agrandir vers \nl'\u00e9chelle du d\u00e9cret 2019-1478\n\uf0d8 L'\u00e9labora\u019fon d'un r\u00e9f\u00e9ren\u019fel \ntechnique d\u00e9partemental pour ac-\ncompagner les collec\u019fvit\u00e9s lors des \ntravaux de r\u00e9habilita\u019fons des aires \nd'accueil existantes que cela soit en \ntermes techniques ou d'usages et de \nconfort de vie.\nAires de grand passage\nSDAHGV du VAR \u2013 octobre 2024\n34\nDirection d\u00e9partementale des territoires et de la mer du Var - 83-2025-01-20-00012 - ARR\u00caT\u00c9 PR\u00c9FECTORAL DDTM/SHRU n\u00b0 2024-79\napprouvant le sch\u00e9ma d\u00e9partemental d'accueil et d'habitat des gens du voyage du Var 70\nSynth\u00e8se des \u00e9l\u00e9ments de diagnos\u019fc Orienta \u019fons\n\uf0d8 Le d\u00e9partement compte actuellement  4  aires de  grands  pas-\nsages \n- AGP de La Crau\n- AGP de Fr\u00e9jus\n- AGP de Vidauban\n- AGP de Cogolin\n\uf0d8 Acquisi\u019fon par la ville du Beausset d'un terrain pour AGP\n\uf0d8 Mission de coordina\u019fon et de m\u00e9dia\u019fon confi\u00e9e \u00e0 SOLIHA de-\npuis 2013\n\uf0d8 Des aires mal con\u00e7ues ou pas aux normes, parfois mises \u00e0 dis-\nposi\u019fon de pe\u019fts groupes i\u019fn\u00e9rants avec des cons\u00e9quences\n- Sta\u019fonnements illicites sur des terrains priv\u00e9s\n- Des d\u00e9grada\u019fons et tensions avec les habitants et les \u00e9lus\n- D\u00e9faut de capacit\u00e9 l\u00e9gale de s'opposer aux sta\u019fonnements\nsauvages des grands groupes\n\uf0d8 Une capacit\u00e9 d'accueil inf\u00e9rieure \u00e0 la r\u00e9alit\u00e9 des besoins et aux\nprescrip\u019fons du sch\u00e9ma\n- Aucune aire capable d'accueillir 200 caravanes\n\uf0d8 Des groupes qui arrivent sur le d\u00e9partement  avant la date de\nr\u00e9serva\u019fon\n\uf0d8 Manque d'a\u01a9rac\u019fvit\u00e9 de l'AGP de Vidauban \n- Mal implant\u00e9e et mal con\u00e7ue\nAGP de Cogolin \nAGP de La Crau \nAGP de Vidauban \nAGP de Fr\u00e9jus\nDes r\u00e9alisa\u019fons insuffisantes qualita-\n\u019fvement  et  en  capacit\u00e9  pour  l'ac-\ncueil du passage d\u00e9partemental\n\uf0d8 Disposer  d'au  moins  une  aire\nconforme \u00e0 la norme 2019-171, cl\u00e9\npour  ensuite  n\u00e9gocier  une  d\u00e9roga-\n\u019fon surfacique pour les autres\n\uf0d8 Revoir la capacit\u00e9 et l'am\u00e9nage-\nment qualita\u019ff de l'air de Cogolin\n\uf0d8 R\u00e9habiliter  les  aires  de  Fr\u00e9jus\n(en cours) et de La Crau pour appro-\ncher  des  normes  techniques  issues\ndu d\u00e9cret 2019-171\n\uf0d8 Repenser l'aire de Vidauban\n- Trouver une nouvelle implanta-\n\u019fon \n- Adapter  la  concep\u019fon  au  be-\nsoin\n\uf0d8 Terminer  le  maillage  d\u00e9parte-\nmental l\u00e0 ou des besoins existent\n- Envisager  un  site  suppl\u00e9men-\ntaire sur le Pays de Fayence\n\uf0d8 Coordonner l'accueil des grands\ngroupes avec les d\u00e9partements voi-\nsins\n\uf0d8 Formaliser le lien entre les col-\nlec\u019fvit\u00e9s  et  les  services  de  l'Etat\npour an\u019fciper l'accueil et la ges\u019fon\ndes arriv\u00e9es non pr\u00e9vues.\nSDAHGV du VAR \u2013 octobre 2024\n35\nDirection d\u00e9partementale des territoires et de la mer du Var - 83-2025-01-20-00012 - ARR\u00caT\u00c9 PR\u00c9FECTORAL DDTM/SHRU n\u00b0 2024-79\napprouvant le sch\u00e9ma d\u00e9partemental d'accueil et d'habitat des gens du voyage du Var 71\n2. D\u00e9veloppement de l'habitat s\u00e9dentaire\nSynth\u00e8se des \u00e9l\u00e9ments de diagnos\u019fc Orienta \u019fons\nProjets r\u00e9alis\u00e9s et en cours\n\uf0d8 Une op\u00e9ra\u019fon d'habitats s\u00e9dentaires \u00e0 la Ripelle (Toulon)\n- 37 maisons mitoyennes (logements PLAI) du type 2 au type 5\navec 2700m\u00b2 de surface habitable totale\n\uf0d8 Des diagnos\u019fcs MOUS sans r\u00e9sultats op\u00e9ra\u019fonnels  : Hy\u00e8res,\nSaint-Cyr et La Garde\n\uf0d8 Des m\u00e9nages install\u00e9s sur des terrains publics  : Hy\u00e8res, Saint-\nCyr, Bormes-Les-Mimosas\n\uf0d8 Des m\u00e9nages propri\u00e9taires de terrains souvent situ\u00e9s en zone\nagricole, naturelle et/ou inondable \n\uf0d8 Des m\u00e9nages ancr\u00e9s localement qui s\u00e9journent de fa\u00e7on anor-\nmale ou con\u019fnue sur les aires d'accueil ou AGP\n Toutes les situa\u019fons ne sont pas r\u00e9pertori\u00e9es et connues \u00e0 l'\u00e9chelle\ndu d\u00e9partement. La plupart des communes ont occult\u00e9 les r\u00e9alit\u00e9s\nde leurs territoires lors des enqu\u00eates, mais de nombreux cas probl\u00e9-\nma\u019fques ont \u00e9t\u00e9 \u00e9voqu\u00e9s lors des ateliers territoriaux\nProgramme de la Ripelle \u00e0 Toulon\nTravailler  \u00e0  un  recensement  effec\u019ff  des  situa-\n\u019fons anormales sur l'ensemble des EPCI du d\u00e9-\npartement puis poser des plans d'ac\u019fons adap-\nt\u00e9s aux territoires.\n\uf0d8 A l'\u00e9chelle d\u00e9partementale : \n- D\u00e9velopper  puis  partager  un  savoir-faire\nfond\u00e9 sur les r\u00e9alisa\u019fons existantes pour la\nd\u00e9fini\u019fon puis la ges\u019fon des projets d'habi-\ntat\n- G\u00e9n\u00e9rer un appui m\u00e9thodologique aux col-\nlec\u019fvit\u00e9s  dans  l'iden\u019ffica\u019fon  des  besoins\n\u00e9mergeants \n- Engager le d\u00e9part  vers  de  l'habitat  adapt\u00e9\ndes  nombreux  s\u00e9dentaires  des  aires  d'ac-\ncueil\n- Cons\u019ftuer dans la coordina\u019fon du sch\u00e9ma\nun centre de ressources pour accompagner\nles besoins des EPCI et communes\n\uf0d8 Sur Toulon, Hy\u00e8res, Saint-Cyr, La Garde - la\nChaberte :\n- Trouver  des  solu\u019fons  pour  les  m\u00e9nages\nsitu\u00e9s  en  arr\u00eats  con\u019fnus  inad\u00e9quats  en\nzones urbaines \n\uf0d8 Sur Vidauban, La Farl\u00e8de, Les Arcs, la Crau,\nBrignoles  et  les  nombreuses  communes\nayant occult\u00e9 les pra\u019fques r\u00e9siden\u019felles en\nzones non habitables :\n- Affiner les besoins des familles propri\u00e9taires\noccupantes  en  zones  non  construc\u019fbles\npour \u00e9valuer les situa\u019fons anormales et leur\nniveau d'exposi\u019fon \u00e0 des risques naturels ou\nenvironnementaux \n- Apporter une r\u00e9ponse adapt\u00e9e vers le droit\n\u00e0 chaque contexte urbain\n\uf0d8 Sur Puget-Sur-Argens :\n- Rem\u00e9dier \u00e0 la situa\u019fon sur place.\nSDAHGV du VAR \u2013 octobre 2024\n36\nDirection d\u00e9partementale des territoires et de la mer du Var - 83-2025-01-20-00012 - ARR\u00caT\u00c9 PR\u00c9FECTORAL DDTM/SHRU n\u00b0 2024-79\napprouvant le sch\u00e9ma d\u00e9partemental d'accueil et d'habitat des gens du voyage du Var 72\n3. Inclusion sociale\nSynth\u00e8se des \u00e9l\u00e9ments de diagnos\u019fc Orienta \u019fons\n\uf0d8 Acc\u00e8s aux droits, accompagnement social  \n-  Absence de projet social sur les aires d'accueil \u00e0 l'excep\u019fon de\nl'aire  Brignoles,  mais  pas  compl\u00e8tement  conforme  aux  exi-\ngences r\u00e9glementaires \n- Ce qui g\u00e9n\u00e8re des confusions dans les r\u00f4les des acteurs\n- Un  accompagnement  essen\u019fellement  assur\u00e9  par  le  biais  du\nRSA\n- Ax\u00e9 sur la demande des personnes et non sur le concept d'aller\nvers\n- Des  domicilia\u019fons  probl\u00e9ma\u019fques  (sur  terrains  priv\u00e9es,  sur\nd'autres d\u00e9partements avec des risques de rupture de droits)\n\uf0d8 Scolarisa\u019fon     \n- Un bon acc\u00e8s \u00e0 l'\u00e9cole \u00e9l\u00e9mentaire \n- Une scolarisa\u019fon qui se d\u00e9lite avec l'\u00e2ge et devient pr\u00e9occu-\npante lorsqu'on a\u01a9eint le coll\u00e8ge\n- Des acquis scolaires tr\u00e8s fragiles qui se diluent rapidement\n- Une trentaine d'inscrip\u019fons au CNED\n\uf0d8 Sant\u00e9     : Malgr\u00e9 une am\u00e9liora\u019fon de leur \u00e9tat de sant\u00e9 g\u00e9n\u00e9ral,\nce\u01a9e popula\u019fon est consid\u00e9r\u00e9e comme \u00e0 risque  en  raison du\ndanger li\u00e9 \u00e0 l'habitat, au mode de vie et aux ac\u019fvit\u00e9s profession-\nnelles.\n- Des probl\u00e8mes d'iden\u019ffica\u019fon des besoins des voyageurs en\nma\u019f\u00e8re de sant\u00e9 publique\n- Un ph\u00e9nom\u00e8ne de non-recours aux disposi\u019ffs sp\u00e9cifiques de\npr\u00e9ven\u019fon et d'acc\u00e8s \u00e0 un parcours de soins suivi \n- Des probl\u00e9ma\u019fques d'exposi\u019fon \u00e0 des risques sanitaires sp\u00e9ci-\nfiques li\u00e9s \u00e0 l'ac\u019fvit\u00e9 de r\u00e9cup\u00e9ra\u019fon et tri des m\u00e9taux \n\uf0d8 Ac\u019fvit\u00e9 \u00e9conomique et inser\u019fon professionnelle  \n- Des difficult\u00e9s d'iden\u019ffica\u019fon des freins \u00e0 l'inser\u019fon et des be-\nsoins des gens du voyage pour mener des ac\u019fons adapt\u00e9es\n- Une difficult\u00e9 \u00e0 reconna\u00eetre et \u00e0 valoriser les savoirs faire des\ngens du voyage\n- Des ac\u019fvit\u00e9s tradi\u019fonnelles en d\u00e9clin\n- L'emploi des femmes encore tr\u00e8s peu r\u00e9pandu malgr\u00e9 des sa-\nvoirs faire informels\n- Une popula\u019fon touch\u00e9e par l'ille\u01a9risme\nAcc\u00e8s aux droits\n\uf0d8 Renforcer et formaliser le partenariat entre\nles  acteurs  qui  interviennent  aupr\u00e8s  des\ngens du voyage et les services de droit com-\nmun.\n\uf0d8 Mise  en  place  d'un  PSE  sur  chaque  aire\nd'accueil (obliga\u019fon l\u00e9gale)\nScolarisa\u019fon\n\uf0d8 Garan\u019fr la scolarisa\u019fon des enfants sur les\naires d'accueil\n\uf0d8 Construire un suivi de la scolarit\u00e9 au conte-\nnu  m\u00e9thodologique  am\u00e9nag\u00e9  pour  tenir\ncompte des difficult\u00e9s actuelles de la com-\nmunaut\u00e9 dans son rapport \u00e0 l'\u00e9cole.\n\uf0d8 Renforcer et formaliser le partenariat entre\nles  acteurs  qui  interviennent  aupr\u00e8s  des\n\u00e9l\u00e8ves en  proposant  des  temps  de  tra-\nvail r\u00e9guliers et de coordina\u019fon d'ac\u019fons.\nSant\u00e9\n\uf0d8 R\u00e9aliser un diagnos\u019fc sant\u00e9 s'appuyant sur\nune  enqu\u00eate  \u00e9pid\u00e9miologique  organis\u00e9e  \u00e0\nl'\u00e9chelle du d\u00e9partement.\n\uf0d8 Me\u01a9re  en  place  des  ac\u019fons  passerelles\nperme\u01a9ant  d'accompagner  les  gens  du\nvoyage vers les disposi\u019ffs de pr\u00e9ven\u019fon et\nd'acc\u00e8s aux soins.\n\uf0d8 Sensibiliser  les gens  du voyage aux risques\nsanitaires li\u00e9s aux pra\u019fques des travaux de\nferraillage. \nAc\u019fvit\u00e9  \u00e9conomique  et  inser\u019fon  profession-\nnelle\n\uf0d8 Ini\u019fer  des  ac\u019fons  passerelles  perme\u01a9ant\nd'accompagner les gens du voyage vers les\ndisposi\u019ffs d'acc\u00e8s \u00e0 l'emploi et \u00e0 la forma-\n\u019fon.\nProbl\u00e9ma\u019fques globales et transversales     :  \n\u2012 une in\u00e9galit\u00e9 de la connaissance du public des gens du voyage, de leur culture et de ce qui fait leur\nsp\u00e9cificit\u00e9 lors de l'accompagnement ;\n\u2012 une mise en r\u00e9seau de fait des acteurs de par leur nombre restreint et leur volont\u00e9 d'agir, mais limi-\nt\u00e9e aux ac\u019fons men\u00e9es et \u00e0 certains territoires ;\n\u2012 apporter la connaissance des gens du voyage par des forma\u019fons aupr\u00e8s des acteurs ;\n\u2012 la par\u019fcipa\u019fon des gens du voyage \u00e0 la construc\u019fon des ac\u019fons  qui les concernent qui appara\u00eet\ncomme n\u00e9cessaire mais qui reste inexistante.\n\uf0d8 Adapter les pra\u019fques professionnelles en fonc\u019fon des besoins rep\u00e9r\u00e9s.\n\u2012 adapter des pra\u019fques d'accompagnement qui s'appuient sur un  \u00ab aller vers pour faire venir \u00e0 \u00bb ;\nSDAHGV du VAR \u2013 octobre 2024\n37\nDirection d\u00e9partementale des territoires et de la mer du Var - 83-2025-01-20-00012 - ARR\u00caT\u00c9 PR\u00c9FECTORAL DDTM/SHRU n\u00b0 2024-79\napprouvant le sch\u00e9ma d\u00e9partemental d'accueil et d'habitat des gens du voyage du Var 73\n\u2012 construire des m\u00e9thodologies sp\u00e9cifiques prenant en compte les par\u019fcularit\u00e9s des gens du voyage\ns'appuyant sur les acquis de leur exp\u00e9rience pour adapter des disposi\u019ffs d'inser\u019fon, de forma\u019fon\nafin que les objec\u019ffs d'inclusion sociale et professionnelle soient lisibles pour les gens du voyage .\n   \n\uf0d8 La n\u00e9cessit\u00e9 d'une coordina\u019fon et d'une anima\u019fon \u00e0 l'\u00e9chelle d\u00e9partementale afin de :\n\u2012 Faciliter l'\u00e9mergence des besoins\n\u2012 Coordonner et faciliter l'harmonisa\u019fon des ac\u019fons\n\u2012 Maintenir une transversalit\u00e9 op\u00e9ra\u019fonnelle des ac\u019fons\n\u2012 Faciliter la par\u019fcipa\u019fon effec\u019fve des gens du voyage par des m\u00e9thodologies d'ac\u019fons adapt\u00e9es\nSDAHGV du VAR \u2013 octobre 2024\n38\nDirection d\u00e9partementale des territoires et de la mer du Var - 83-2025-01-20-00012 - ARR\u00caT\u00c9 PR\u00c9FECTORAL DDTM/SHRU n\u00b0 2024-79\napprouvant le sch\u00e9ma d\u00e9partemental d'accueil et d'habitat des gens du voyage du Var 74\n4. Pilotage et anima\u019fon du sch\u00e9ma\nLa r\u00e9ussite d'un sch\u00e9ma d\u00e9partemental d\u00e9pend, non seulement de la per\u019fnence de ses prescrip\u019fons, mais\naussi de sa conduite globale.  Celles-ci n\u00e9cessitent un pilotage et une coh\u00e9rence d'ac\u019fon \u00e0 construire,\ncompte tenu de la diversit\u00e9 des territoires, de la diversit\u00e9 des acteurs concern\u00e9s et de leurs diff\u00e9rents\nchamps de comp\u00e9tence. L'anima\u019fon d\u00e9partementale a pour finalit\u00e9 de :\n- cr\u00e9er une coordina\u019fon qui garan\u019fsse une coh\u00e9rence et une compl\u00e9mentarit\u00e9 d'ac\u019fons en d\u00e9pit\nde l'h\u00e9t\u00e9rog\u00e9n\u00e9it\u00e9 des acteurs et des comp\u00e9tences;\n- favoriser une harmonisa\u019fon d\u00e9partementale des pra\u019fques de ges\u019fon et de fonc\u019fonnement des\naires d'accueil;\n- pr\u00e9parer et coordonner la venue des grands passages sur la base d'un calendrier amont,\n- poser les enjeux de calendrier et les risques d'incidences de certaines d\u00e9cisions sur les pra\u019fques\nquo\u019fdiennes des groupes pr\u00e9sents;\n- construire des passerelles avec la communaut\u00e9 des gens du voyage, pilot\u00e9e par un ou des acteurs\nde m\u00e9dia\u019fon qui \u00ab vont vers pour faire venir \u00e0 \u00bb;\n- s'inscrire dans la coordina\u019fon r\u00e9gionale ;\nLe d\u00e9partement du Var n'a pas su r\u00e9unir les condi\u019fons n\u00e9cessaires \u00e0 une anima\u019fon dynamique du sch\u00e9ma.\nL'approche de la probl\u00e9ma\u019fque des gens du voyage s'est construite uniquement autour de la r\u00e9alisa\u019fon\ndes \u00e9quipements d'accueil, ou tr\u00e8s ponctuellement d'habitats adapt\u00e9s, chaque fois en r\u00e9ponse ponctuelles\npeu structur\u00e9es et sans r\u00e9flexion d'usage significa\u019fve. Il convient de d\u00e9plorer le manque de prise en charge\nglobales des enjeux dans le d\u00e9partement.\nSi l'objec\u019ff de cr\u00e9a\u019fon d'un poste de coordinateur d\u00e9partemental des grands passages a bien \u00e9t\u00e9 a\u01a9eint,\nen revanche la cr\u00e9a\u019fon des instances de suivi et leur anima\u019fon r\u00e9guli\u00e8re n'a pas \u00e9t\u00e9 concr\u00e9\u019fs\u00e9e, pour rap-\npel :\n- la commission d\u00e9partementale consulta\u019fve n'a pas \u00e9t\u00e9 r\u00e9unie selon la p\u00e9riodicit\u00e9 pr\u00e9vue soit au\nmoins deux fois par an (maintenant une fois par an) ;\n- le comit\u00e9 de suivi du sch\u00e9ma devait se r\u00e9unir au moins deux fois par an en amont de la commis-\nsion d\u00e9partementale consulta\u019fve, cela n'a pas non plus \u00e9t\u00e9 le cas ;\n- les comit\u00e9s techniques locaux,  \u00e0 l'ini\u019fa\u019fve de la collec\u019fvit\u00e9 comp\u00e9tente en ma\u019f\u00e8re d'accueil,\nlors de la phase d'\u00e9labora\u019fon du projet, et \u00e0 minima une fois par trimestre dans le cadre de la\nges\u019fon et du fonc\u019fonnement des r\u00e9alisa\u019fons sont principalement rest\u00e9es au stade de l'inten\u019fon.\nLe  niveau  de r\u00e9alisa\u019fon du sch\u00e9ma  d\u00e9partemental et  l'implica\u019fon des  acteurs  locaux, tant  associa\u019ffs\nqu'ins\u019ftu\u019fonnels ou d\u00e9partementaux, est un point fort sur lequel l'ensemble des acteurs pourraient et de-\nvraient s'appuyer pour aborder une \u00e9tape suppl\u00e9mentaire en me\u01a9ant l'accent sur cinq dimensions :\n1. Dans la perspec\u019fve de la mise aux normes de toutes les aires d'accueil, une r\u00e9flexion d\u00e9partemen-\ntale sur des enjeux qualita\u019ffs indispensables pour assurer leur bon fonc\u019fonnement et leur p\u00e9renni-\nt\u00e9. \nUne coordina\u019fon de la ges\u019fon des \u00e9quipements existants pourrait \u00eatre engag\u00e9e afin de conduire \u00e0\nune harmonisa\u019fon des ou\u019fls de ges\u019fon (tarif, r\u00e8glement int\u00e9rieur, dur\u00e9e des s\u00e9jours, coordina\u019fon\ndes fermetures techniques \u2026). \nA cela se rajoute la n\u00e9cessit\u00e9 d'une ges\u019fon harmonis\u00e9e et an\u019fcip\u00e9e des grands passages avec une\ncoordina\u019fon \u00e0 l'\u00e9chelle d\u00e9partementale et r\u00e9gionale. \n2. La mise en \u0153uvre de Projets Sociaux \u00c9duca\u019ffs sur toutes les aires d'accueil devrait s'inscrire au tra-\nvers d'un cadre commun \u00e0 d\u00e9velopper par EPCI et commune.\n3. Un d\u00e9veloppement et une structura\u019fon partenariale de l'accompagnement ins\u019ftu\u019fonnel et social.\n(D\u00e9fini\u019fons d'axes communs de travail, mutualisa\u019fon des pra\u019fques, adapta\u019fon des disposi\u019ffs\u2026)\ndevrait \u00eatre r\u00e9fl\u00e9chi \u00e0 l'\u00e9chelle d\u00e9partementale.\n4. Une mutualisa\u019fon des exp\u00e9riences et une capitalisa\u019fon de l'informa\u019fon en vue de la mise en place\net la coordina\u019fon d'un centre de ressources d\u00e9partemental pour parvenir \u00e0 une meilleure d\u00e9fini-\n\u019fon des besoins, en par\u019fculier sur le volet socio-\u00e9duca\u019ff serait b\u00e9n\u00e9fique pour tous.\nSDAHGV du VAR \u2013 octobre 2024\n39\nDirection d\u00e9partementale des territoires et de la mer du Var - 83-2025-01-20-00012 - ARR\u00caT\u00c9 PR\u00c9FECTORAL DDTM/SHRU n\u00b0 2024-79\napprouvant le sch\u00e9ma d\u00e9partemental d'accueil et d'habitat des gens du voyage du Var 75\n5. S'organiser pour que les instances de suivi se r\u00e9unissent plus r\u00e9guli\u00e8rement et assurent un suivi et\nune \u00e9valua\u019fon de la r\u00e9alisa\u019fon du sch\u00e9ma sur sa dur\u00e9e mais aussi dans la con\u019fnuit\u00e9 de sa mise en\n\u0153uvre et l'appr\u00e9hension des impacts des ac\u019fons des uns chez les autres.\nDans cet esprit la commission consulta\u019fve du sch\u00e9ma d\u00e9partemental devrait se doter de groupes\ntechniques permanents, anim\u00e9s par un \u00e9lu, autour des th\u00e9ma\u019fques prioritaires (habitat adapt\u00e9 et\nterrains familiaux, coordina\u019fon sociale etc.)\nCe\u01a9e d\u00e9marche globale implique de poser la ques\u019fon des moyens et des fonc\u019fons. Si la forma\u019fon et la\nsensibilisa\u019fon des acteurs (\u00e9lus compris) peut \u00eatre un support incontournable pour apporter la connais-\nsance globale \u00e0 tous les intervenants impliqu\u00e9s dans le disposi\u019ff et ce quelle que soit leur place, le point\nn\u00e9vralgique, facteur de r\u00e9ussite reste de fa\u00e7on r\u00e9currente l'anima\u019fon globale du disposi\u019ff. Ce r\u00f4le n'est ac-\ntuellement tenu par personne. \nDans les d\u00e9partements qui se sont dot\u00e9 d'un tel ou\u019fl, ce\u01a9e fonc\u019fon peut \u00eatre d\u00e9volue \u00e0 une associa\u019fon ou\nbien \u00e0 un acteur ins\u019ftu\u019fonnel agissant en tant que charg\u00e9 de mission avec pour objec\u019ff de :  \n- faciliter l'\u00e9mergence des besoins ;\n- coordonner et faciliter l'harmonisa\u019fon des ac\u019fons sur le territoire d\u00e9partemental ;\n- promouvoir une anima\u019fon qui vise \u00e0 maintenir une transversalit\u00e9 op\u00e9ra\u019fonnelle des ac\u019fons ;\n- animer la fonc\u019fon m\u00e9dia\u019fon grand passage ;\n- faciliter la par\u019fcipa\u019fon effec\u019fve des gens du voyage dans la mise en place des ac\u019fons qui les\nconcernent.  \nParmi les ou\u019fls pouvant \u00eatre mobilis\u00e9s afin de r\u00e9aliser ces objec\u019ffs, figure la possibilit\u00e9 pour les d\u00e9parte-\nments qui le souhaitent d'adosser \u00e0 la commission d\u00e9partementale consulta\u019fve des Gens du voyage, des\ngroupes de travail th\u00e9ma\u019fques sous contr\u00f4le d'une commission permanente. Sans entrer dans tous les\nchapitres du futur sch\u00e9ma d\u00e9partemental, on peut imaginer plusieurs points sensibles sur lesquels une telle\ncommission permanente aurait un r\u00f4le fort :\n- iden \u019ffica\u019fon des besoins, qualifica\u019fons des enjeux et suivi des op\u00e9ra\u019fons d'habitat adapt\u00e9 ou de\nmise en \u0153uvre de terrains familiaux ;\n- coordina\u019fon et accompagnement des grands passages ;\n- groupes de travail transversaux sur le suivi des \u00e9quipements et l'acc\u00e8s au droit des i\u019fn\u00e9rants.\nSDAHGV du VAR \u2013 octobre 2024\n40\nDirection d\u00e9partementale des territoires et de la mer du Var - 83-2025-01-20-00012 - ARR\u00caT\u00c9 PR\u00c9FECTORAL DDTM/SHRU n\u00b0 2024-79\napprouvant le sch\u00e9ma d\u00e9partemental d'accueil et d'habitat des gens du voyage du Var 76\nIV. PRESCRIPTIONS ET PROGRAMME D'ACTIONS\n1. Le volet prescrip\u019ff\nLe volet prescrip\u019ff du sch\u00e9ma d\u00e9partemental d'accueil et d'habitat des gens du voyage comporte une par-\n\u019fe opposable aux communes et EPCI en charge de r\u00e9aliser et g\u00e9rer ces prescrip\u019fons (aires d'accueil, aires\nde grand passage et terrains familiaux loca\u019ffs), mais aussi un volet dit annexe qui concerne des orienta-\n\u019fons port\u00e9es par d'autres poli\u019fques publiques. Lesquelles doivent prendre en compte ces besoins et les in-\nt\u00e9grer dans leurs propres documents d'orienta\u019fons.\n1.1    Les aires permanentes d'accueil\nSelon l'ar\u019fcle 1 de la loi de 2000 (modifi\u00e9e par la Loi \u00c9galit\u00e9 Citoyennet\u00e9 du 27 janvier 2017) et la circulaire\nn\u00b02001-49 du 5 juillet 2001 rela\u019fve \u00e0 l'applica\u019fon de la loi de 2000, le sch\u00e9ma d\u00e9partemental pr\u00e9voit les\nsecteurs g\u00e9ographiques d'implanta\u019fon et les communes o\u00f9 doivent \u00eatre r\u00e9alis\u00e9s les \u00e9quipements :\n\uf0d8 Les communes de plus de 5 000 habitants figurent obligatoirement au sch\u00e9ma d\u00e9partemental. Qu'elles\nsupportent des obliga\u019fons de projet ou pas, elles doivent par\u019fciper \u00e0 sa mise en \u0153uvre, \u00e9ventuelle-\nment par des par\u019fcipa\u019fons financi\u00e8res et/ou des presta\u019fons techniques associ\u00e9es.\n\uf0d8 Sont concern\u00e9es certaines communes de moins de 5 000 habitants, dans 2 cas :\n- des besoins iden\u019ffi\u00e9s dans un secteur avec uniquement des communes de moins de 5 000 habi-\ntants ;\n- dans le cadre d'une conven\u019fon intercommunale qui pr\u00e9voit la r\u00e9alisa\u019fon d'une aire sur une com-\nmune de moins de 5 000 habitants et non sur celle de plus de 5 000 de la m\u00eame EPCI, mais \u00e0 proxi-\nmit\u00e9 rela\u019fve des zones de besoin.\nUn EPCI peut retenir un terrain d'implanta\u019fon situ\u00e9 sur le territoire d'une autre commune membre,\ny compris de moins de 5000 habitants, \u00e0 la condi\u019fon qu'elle soit incluse dans le m\u00eame secteur g\u00e9o-\ngraphique d'implanta\u019fon que celui pr\u00e9vu par le sch\u00e9ma d\u00e9partemental.\nSi l'on s'appuie sur les donn\u00e9es du diagnos\u019fc valid\u00e9 \u00e0 l'unanimit\u00e9 en commission consulta\u019fve et les retours\nargument\u00e9s, y  compris compl\u00e9ments d'informa\u019fons sur des passages non-signal\u00e9es  jusque-l\u00e0, lors des\nr\u00e9unions d'anima\u019fon th\u00e9ma\u019fques, il est d\u00e9sormais possible de formaliser des prescrip\u019fons quan\u019ffi\u00e9es\npour les aires d'accueil, soit :\n\uf0a7 La cr\u00e9ation de 5 aires d'accueil : \n- 1 aire de 20/24 places sur la CA  Sud Sainte Baume (La Cadi\u00e8re)\n- 2 aires de 20 places sur la CC Golfe de Saint-Tropez (40 places \u00e0 r\u00e9par\u019fr entre les communes\nde Gassin et de Sainte-Maxime)\n- 2 aires sur la CA Val-Est\u00e9rel-m\u00e9diterran\u00e9e (20 \u00e0 24 places \u00e0 Fr\u00e9jus et 20 \u00e0 24 places \u00e0 Roque-\nbrune-Sur-Argens)\nCes proposi\u019fons sont toutefois \u00e0 posi\u019fonner en tenant compte des grosses probl\u00e9ma\u019fques de s\u00e9dentarisa-\n\u019fon sur la plupart des communes concern\u00e9es (Puget sur Argens,  Toulon, Hy\u00e8res, Saint-Cyr, La Garde, Vi-\ndauban, La Farl\u00e8de, Les Arcs et La Crau). Prise en compte qui implique des implanta\u019fons des aires d'ac-\ncueils sur des secteurs autres que ceux concern\u00e9s par ces s\u00e9dentarisa\u019fons probl\u00e9ma\u019fques sous peine de\nvoir, ces \u00e9quipements d\u00e9tourn\u00e9s de leur objet, voire d\u00e9grad\u00e9s pour en interdire l'usage comme ce fut le cas\npour Puget sur Argens. Ces r\u00e9flexions posent l'enjeu de l'engagement parall\u00e8le de proc\u00e9dures visant \u00e0 ins-\ncrire les familles locales implant\u00e9es en situa\u019fons anormales dans une d\u00e9marche de normalisa\u019fon \u00e0 travers\ndes terrains familiaux ou d'habitats adapt\u00e9s. \nOutre l'am\u00e9liora\u019fon des condi\u019fons de vie des m\u00e9nages concern\u00e9s, ce\u01a9e d\u00e9marche a pour objet de res\u019f-\ntuer aux \u00e9quipements existants leur voca\u019fon d'accueil des i\u019fn\u00e9rants et d'absorber une par\u019fe des sta\u019fon-\nnements illicites.\nSDAHGV du VAR \u2013 octobre 2024\n41\nDirection d\u00e9partementale des territoires et de la mer du Var - 83-2025-01-20-00012 - ARR\u00caT\u00c9 PR\u00c9FECTORAL DDTM/SHRU n\u00b0 2024-79\napprouvant le sch\u00e9ma d\u00e9partemental d'accueil et d'habitat des gens du voyage du Var 77\nTableau r\u00e9capitula\u019ff des prescrip\u019fons en aire permanente accueil\nEPCI \ncomp\u00e9tent au 1er janvier 2017\nPrescrip\u019fons \n2023-2029\n(N places)\nLocalisa\u019fon Taille\n(N places)\nArrondissement de Toulon\nCA Sud Sainte Baume 1 AA La Cadi\u00e8re 20/24\nArrondissement de Draguignan\nCC Golfe de Saint-Tropez 2 AA Gassin \nSainte-Maxime\n20\n20\nCA Var d'Est\u00e9rel-M\u00e9diterran\u00e9e 2 AA Roquebrune-Sur-Argens\nFr\u00e9jus\n20 /24\n20/24\nDes \u00e9quipements qui viendront compl\u00e9ter les 5 aires d\u00e9j\u00e0 existantes, lesquelles devront \u00eatre r\u00e9habilit\u00e9es\n- am\u00e9liora\u019fon de la ges\u019fon de l'aire de Six-Fours ;\n- couverture v\u00e9g\u00e9tale de l'aire de La Chaberte \u00e0 travailler ;\n- augmenta\u019fon de la taille des emplacements sur l'aire de la Farl\u00e8de ; \n- mise en conformit\u00e9 de tous les \u00e9quipements.\nSoit 5 aires d'accueil suppl\u00e9mentaire \u00e0 r\u00e9aliser sur le D\u00e9partement du Var pour un total minimal de 290\nplaces r\u00e9serv\u00e9es aux seuls i\u019fn\u00e9rants sur tout le d\u00e9partement.\nD'autre part, la ques\u019fon des prescrip\u019fons th\u00e9oriques devra \u00eatre travaill\u00e9e en double lecture avec la sp\u00e9cifi-\ncit\u00e9 d\u00e9partementale de la saisonnalit\u00e9 du fonc\u019fonnement des aires d'accueil. En effet, la topographie et le\nclimat du d\u00e9partement engendrent un faible taux, voir une absence d'occupa\u019fon totale de certains \u00e9quipe-\nments en p\u00e9riode hivernale et une suroccupa\u019fon en p\u00e9riode es\u019fvale li\u00e9e \u00e0 l'a\u01a9rac\u019fvit\u00e9 touris\u019fque du d\u00e9-\npartement qui devraient se r\u00e9sorber avec la r\u00e9alisa\u019fon compl\u00e8te des 3 \u00e9chelles de prescrip\u019fons oppo-\nsables. \nApr\u00e8s une p\u00e9riode d'observa\u019fon lorsque tous les \u00e9quipements auront \u00e9t\u00e9 r\u00e9alis\u00e9s, il se pourrait que cer-\ntains \u00e9quipements d'accueil, \u00e0 l'instar des aires de grand passage n'aient besoin de fonc\u019fonner que 8 mois\npar an et une conven\u019fon adapt\u00e9e est alors possible avec l'\u00c9tat.\n1.2    Les aires de grand passage\nSelon l'ar\u019fcle 1 de la loi de 2000 (modifi\u00e9e par la Loi \u00e9galit\u00e9 Citoyennet\u00e9 du 27 janvier 2017) et la circulaire\nn\u00b02001-49 du 5 juillet 2001 rela\u019fve \u00e0 l'applica\u019fon de la loi de 2000, le sch\u00e9ma d\u00e9partemental a voca\u019fon \u00e0\nd\u00e9finir les prescrip\u019fons applicables en ma\u019f\u00e8re d'aires de grand passage. Les pr\u00e9conisa\u019fons en termes\nd'am\u00e9nagement de ces sites pr\u00e9vus pour accueillir dans le cadre d'une organisa\u019fon sp\u00e9cifique des groupes\nde 50 \u00e0 200 caravanes sur des dur\u00e9es g\u00e9n\u00e9ralement d'une \u00e0 deux semaines en p\u00e9riode es\u019fvale  \u00e9taient\njusqu'\u00e0 pr\u00e9sent les suivantes :\n- une capacit\u00e9 d'accueil de 200 caravanes maximum selon les besoins ;\n- un terrain plat d'environ 4 ha dans le cas d'un accueil de 200 caravanes avec arriv\u00e9e d'eau\ncourante sans n\u00e9cessit\u00e9 d'installa\u019fons sanitaires fixes ;\n- compte  tenu  de  leur  objet  et  du  fait  qu'elles  n'appellent  pas  d'am\u00e9nagement  ou  de\nconstruc\u019fon jus\u019ffiant un permis de construire, ni d'u\u019flisa\u019fon permanente \u00e0 \u019ftre d'habitat,\nces aires peuvent \u00eatre envisag\u00e9e hors des zones urbanis\u00e9es et construc\u019fbles des plans locaux\nd'urbanisme. Pour autant elles ne peuvent pas \u00eatre expos\u00e9es \u00e0 des risques naturels ou envi-\nronnementaux dommageables pour la sant\u00e9 (PEB, PPRIF, PPRI \u2026).\nSDAHGV du VAR \u2013 octobre 2024\n42\nDirection d\u00e9partementale des territoires et de la mer du Var - 83-2025-01-20-00012 - ARR\u00caT\u00c9 PR\u00c9FECTORAL DDTM/SHRU n\u00b0 2024-79\napprouvant le sch\u00e9ma d\u00e9partemental d'accueil et d'habitat des gens du voyage du Var 78\nAu regard des retours d'analyse qu'a produit la mise en \u0153uvre \u00e0 grande \u00e9chelle des aires de grand passage\nde la loi 2000-614, ces prescrip\u019fons sommaires ne pouvaient plus \u00eatre consid\u00e9r\u00e9es comme suffisantes.\nLe d\u00e9cret n\u00b02019-171 du 5 mars 2019 vient renforcer et pr\u00e9ciser les modalit\u00e9s d'am\u00e9nagement et de\nges\u019fon des aires de grand passage et fixer la liste des composantes indispensables \u00e0 leur fonc\u019fonnement :\n- une surface de 4 hectares qui reste une \u00e9chelle coh\u00e9rente (base de r\u00e9f\u00e9rence 50 caravanes \u00e0\nl'hectare)  avec  un  sol  stabilis\u00e9  adapt\u00e9  \u00e0  la  saison  d'u\u019flisa\u019fon  et  une  pente  perme\u01a9ant\nd'assurer un sta\u019fonnement s\u00fbr des caravanes;\n- des modalit\u00e9s d'acc\u00e8s et de circula\u019fon interne s\u00e9curis\u00e9s;\n- un acc\u00e8s \u00e0 l'eau potable compl\u00e9t\u00e9 d'un acc\u00e8s \u00e0 l'\u00e9lectricit\u00e9 (tableau de 250 kVA triphas\u00e9) et\nd'un \u00e9clairage public \u00e0 l'entr\u00e9e de l'aire;\n- un disposi\u019ff de recueil des eaux us\u00e9es;\n- un syst\u00e8me de r\u00e9cup\u00e9ra\u019fon des toile\u01a9es individuelles qui peut \u00eatre compl\u00e9t\u00e9 par l'installa\u019fon\nde sanitaires mobiles autonomes;\n- la mise \u00e0 disposi\u019fon de bennes pour les ordures m\u00e9nag\u00e8res avec un ramassage assur\u00e9 au\nmoins une fois par semaine et un acc\u00e8s au service de d\u00e9che\u01a9erie;\n- la signature d'une conven\u019fon d'occupa\u019fon qui fixe les r\u00e8gles d'occupa\u019fon et les engagements\nde chacune des par\u019fes : EPCI ou commune et preneurs ou leurs repr\u00e9sentants;\nSi l'on s'appuie sur les donn\u00e9es du diagnos\u019fc valid\u00e9 \u00e0 l'unanimit\u00e9 en commission consulta\u019fve et les retours\nargument\u00e9s, y  compris compl\u00e9ments d'informa\u019fons sur des passages non-signal\u00e9es  jusque-l\u00e0, lors des\nr\u00e9unions d'anima\u019fon th\u00e9ma\u019fques, il est d\u00e9sormais possible de formaliser des prescrip\u019fons quan\u019ffi\u00e9es\npour les aires de grands passages, soit :\n\uf0a7 L'am\u00e9liora\u019fon et l'agrandissement de deux aires :\n- Passer l'aire de Vidauban de 80 \u00e0 150 places\n- Passer l'aire de Cogolin de 100 \u00e0 130 places\n\uf0a7 La cr\u00e9a\u019fon de 2 aires de grands passages :\n- 1 aire de grand passage de 150 places sur CA Sud Sainte Baume (Le Beausset)\n- 1 aire de grand passage de 200 places sur CC Pays de La Fayence (Montauroux)\nTableau r\u00e9capitula\u019ff des prescrip\u019fons d'AGP\nEPCI \ncomp\u00e9tent au 1er janvier 2017\nPrescrip\u019fons \n2023-2029 Localisa \u019fon N\u00b0 places\nArrondissement de Toulon\nCA Sud Sainte Baume 1 AGP Le Beausset 150\nArrondissement de Draguignan\nCA Drac\u00e9nie Provence Verdon R\u00e9nover AGP Vidauban 150 (au lieu de 80\naujourd'hui)\nCC Golfe de Saint-Tropez Agrandir AGP Cogolin 130 (au lieu de\n100 aujourd'hui)\nCC Pays de la Fayence 1 AGP Montauroux 200\nIl s'agira d'augmenter la capacit\u00e9 d'accueil existante sur le d\u00e9partement  afin de perme\u01a9re l'accueil des\ngroupes de +100 caravanes (jusqu'\u00e0 200 caravanes). Toutefois si ce\u01a9e taille de 200 caravanes n'est jamais\na\u01a9einte, il reste possible de demander une d\u00e9roga\u019fon dans l'agrandissement du site sur la base des 50\ncaravanes \u00e0 l'hectare de r\u00e9f\u00e9rence. Cela impose de formaliser les comptages des effec\u019ffs de ces grands\ngroupes de fa\u00e7on exhaus\u019fve sur au moins les 3 derni\u00e8res ann\u00e9es. Pour le d\u00e9partement du Var, il appara\u00eet\nque les donn\u00e9es recueillies jusque-l\u00e0 indiquent que ce besoin d'\u00e9quipements pour accueillir 200 caravanes\nest effec\u019ff. \nSDAHGV du VAR \u2013 octobre 2024\n43\nDirection d\u00e9partementale des territoires et de la mer du Var - 83-2025-01-20-00012 - ARR\u00caT\u00c9 PR\u00c9FECTORAL DDTM/SHRU n\u00b0 2024-79\napprouvant le sch\u00e9ma d\u00e9partemental d'accueil et d'habitat des gens du voyage du Var 79\nEn parall\u00e8le de la cr\u00e9a\u019fon de ces \u00e9quipements, Il appara\u00eet indispensable :\n\uf0d8 d'augmenter la capacit\u00e9 d'accueil de l'aire de grand passage de  Cogolin afin qu'elle puisse\nrecevoir des groupes jusqu'\u00e0 130 caravanes minimum ;\n\uf0d8 de r\u00e9habiliter les aires de grand passage de Fr\u00e9jus (en cours) et de La Crau pour approcher des\nnormes du d\u00e9cret 2019-171 ; \n\uf0d8 de me\u01a9re en conformit\u00e9 des \u00e9quipements (sanitaires notamment) ;\n\uf0d8 de renforcer la coordina\u019fon d\u00e9partementale de la ges\u019fon en amont de la campagne et tout au\nlong de la p\u00e9riode des grands passages;\n\uf0d8 de responsabiliser les repr\u00e9sentants des associa\u019fons de voyageurs organisatrices ainsi que les\nresponsables de groupes pour la dur\u00e9e du sta\u019fonnement et par\u019fculi\u00e8rement dans le respect\ndes proc\u00e9dures d'arriv\u00e9e et de d\u00e9part du groupe.\nLa coordina\u019fon r\u00e9gionale\nLa pr\u00e9sence des gens du voyage sur le d\u00e9partement du  Var  que ce soit sous la forme de pe\u019fts groupes\nfamiliaux  ou  bien  de  grands  passages  est  tr\u00e8s  corr\u00e9l\u00e9e  avec  leur  pr\u00e9sence  et  leur  i\u019fn\u00e9rance  vers  le\nd\u00e9partement voisin des Alpes Mari\u019fmes et dans une moindre mesure depuis les Bouches-du-Rh\u00f4ne.  Les\nprobl\u00e8mes  li\u00e9s \u00e0 l'accueil des gens du voyage en p\u00e9riode es\u019fvale  trouvent  g\u00e9n\u00e9ralement  leurs origines\nsouvent  dans  les  modalit\u00e9s  d'accueil  ou  de  non-accueil  des  groupes  du  d\u00e9partement  voisin.  Une\ncoordina\u019fon r\u00e9gionale mise en place et pilot\u00e9e par la Pr\u00e9fecture de R\u00e9gion sous la forme de la nomina\u019fon\nd'un r\u00e9f\u00e9rent pour le sch\u00e9ma dans chaque d\u00e9partement doit faciliter ce travail collabora\u019ff qui apparait\ncomme un ou\u019fl indispensable \u00e0 la r\u00e9gula\u019fon et la ges\u019fon de l'arriv\u00e9e de ces groupes et ce quelle que soit\nleur taille.\nSDAHGV du VAR \u2013 octobre 2024\n44\nDirection d\u00e9partementale des territoires et de la mer du Var - 83-2025-01-20-00012 - ARR\u00caT\u00c9 PR\u00c9FECTORAL DDTM/SHRU n\u00b0 2024-79\napprouvant le sch\u00e9ma d\u00e9partemental d'accueil et d'habitat des gens du voyage du Var 80\nNouvelles prescrip\u019fons du SDAHGV 2023-2029 et r\u00e9alisa\u019fons\n     \n1.3 Les Terrains Familiaux Loca\u019ffs Publics\nLa loi n\u00b0 2017-86 du 27 janvier 2017 rela\u019fve \u00e0 l'\u00c9galit\u00e9 et la Citoyennet\u00e9 a apport\u00e9 une modifica\u019fon dans le\ncaract\u00e8re des obliga\u019fons opposables aux EPCI en incluant dans celles-ci la produc\u019fon et la ges\u019fon des ter-\nrains familiaux loca\u019ffs publics (TFLP) aujourd'hui d\u00e9finis par le d\u00e9cret du 17 d\u00e9cembre 2003 selon les\ntermes figurant ci-apr\u00e8s :\n\uf0d8 Les terrains doivent \u00eatre situ\u00e9s dans des secteurs construc\u019fbles. Ils peuvent \u00eatre autoris\u00e9s dans des\nsecteurs de taille et de capacit\u00e9 d'accueil limit\u00e9 (STECAL), dans les condi\u019fons pr\u00e9vues \u00e0 l'ar\u019fcle L.\n151-13 du code de l'urbanisme.\n\uf0d8 Ils doivent perme\u01a9re l'installa\u019fon de r\u00e9sidences mobiles ou d\u00e9montables cons\u019ftuant l'habitat per-\nmanent de leurs u\u019flisateurs.\n\uf0d8 La taille du projet est variable selon l'importance du groupe familial, elle g\u00e9n\u00e8re la produc\u019fon d'un\nnombre de terrains familiaux adapt\u00e9 \u00e0 celui des m\u00e9nages des\u019fn\u00e9s \u00e0 vivre ensemble sur un site.\n\uf0d8 Chaque terrain des\u019fn\u00e9 \u00e0 un m\u00e9nage est \u00e9quip\u00e9 au minimum d'un bloc sanitaire int\u00e9grant au moins\nune douche, deux WC et un bac \u00e0 laver. Chaque terrain est \u00e9quip\u00e9 de compteurs individuels pour\nl'eau et l'\u00e9lectricit\u00e9. Il est recommand\u00e9 d'y pr\u00e9voir une pi\u00e8ce de vie.\n\uf0d8 Les familles peuvent d\u00e9cider d'y \u00e9lire formellement domicile.\n\uf0d8 Les familles install\u00e9es paient un loyer mensuel.\n\uf0d8 Une conven\u019fon pr\u00e9cise les modalit\u00e9s de cong\u00e9 : minimum d'un an renouvelable par tacite recon-\nduc\u019fon.\nSDAHGV du VAR \u2013 octobre 2024\n45\nDirection d\u00e9partementale des territoires et de la mer du Var - 83-2025-01-20-00012 - ARR\u00caT\u00c9 PR\u00c9FECTORAL DDTM/SHRU n\u00b0 2024-79\napprouvant le sch\u00e9ma d\u00e9partemental d'accueil et d'habitat des gens du voyage du Var 81\n\uf0d8 al'\u00c9tat peut financer en par\u019fe les infrastructures, en s'appuyant sur la circulaire 2003 apporte\n10 641,50 euros par place de caravane (soit 70 % de la d\u00e9pense totale hors taxe, plafonn\u00e9e \u00e0 15\n245 \u20ac par place de caravane). Depuis 2017, la DETR, pilot\u00e9e par la Pr\u00e9fecture, a \u00e9t\u00e9 \u00e9tendue \u00e0\ntoutes les cr\u00e9a\u019fons de terrains familiaux.\n\uf0a7 M\u00e9thodologie d'\u00e9valua\u019fon quan\u019fta\u019fve\nDe m\u00eame que les prescrip\u019fons en aires permanentes d'accueil ou aires de grand passage, celles rela\u019fves\naux TFLP doivent r\u00e9pondre aux besoins iden\u019ffi\u00e9s dans le cadre du diagnos\u019fc. Pour autant, ces projets\ndoivent \u00eatre affin\u00e9s en phase de r\u00e9alisa\u019fon dans le cadre d'un pr\u00e9-diagnos\u019fc d'usage afin de valider la\nprescrip\u019fon au regard des besoins r\u00e9els des m\u00e9nages concern\u00e9s et de l'expression plus ou moins explicite\nde leurs demandes. Ce\u01a9e d\u00e9marche est d'autant plus indispensable que le sch\u00e9ma prescrit des besoins en\nvolume  alors  que  les  r\u00e9alisa\u019fons  induisent  un  travail  affin\u00e9  au  m\u00e9nage.  Ainsi  r\u00e9guli\u00e8rement  les  TFLP\nprescrits, s'ils indiquent un besoin exprim\u00e9 et pressen\u019f, peuvent ne correspondre qu'\u00e0 une pe\u019fte par\u019fe\ndes besoins. La m\u00e9thodologie devra \u00eatre affin\u00e9e pour \u00e9viter une produc\u019fon syst\u00e9mique trop restreinte et\nqui g\u00e9n\u00e8re de nouveaux d\u00e9sordres d'usage.\n\u00c0 ce stade de connaissance, fort du constat que de nombreuses communes ont omis de r\u00e9pondre objec\u019f-\nvement aux informa\u019fons rela\u019fves \u00e0 l'actualisa\u019fon de leurs probl\u00e8mes de s\u00e9dentarisa\u019fon, c'est sur les don-\nn\u00e9es externes et les \u00e9l\u00e9ments par\u019fels que s'est formalis\u00e9 le volet des prescrip\u019fons rela\u019fves \u00e0 l'ancrage ter-\nritorial. Pour autant ces prescrip\u019fons sont des minimas et sont formalis\u00e9es en TFLP en l'absence de pr\u00e9-\ndiagnos\u019fc individuels sur chacun des sites publics  et priv\u00e9s inad\u00e9quats ou dangereux  de s\u00e9dentarisa\u019fon\niden\u019ffi\u00e9s dans le d\u00e9partement comme ne pouvant perdurer. La quan\u019ffica\u019fon volum\u00e9trique devra \u00eatre affi-\nn\u00e9e par un travail de pr\u00e9-diagnos\u019fc de valida\u019fon des programma\u019fons inscrites. Si les TFLP posent les en-\njeux minimaux du besoin en nombre de m\u00e9nages qui rel\u00e8verait \u00e0 minima d'un relogement d\u00e9fini par h\u00e9ber-\ngement sur un terrain familial, ce\u01a9e quan\u019ffica\u019fon est suscep\u019fble d'\u00e9voluer vers la produc\u019fon d'habitats\nadapt\u00e9s. En effet, les r\u00e9ponses \u00e0 ces situa\u019fons d'habitat inad\u00e9quates sont diversifi\u00e9es en  besoins et ne\npeuvent pas se traduire de fa\u00e7on univoque en termes de r\u00e9alisa\u019fons et de disposi\u019ffs \u00e0 engager.\nN\u00e9anmoins, les enjeux iden\u019ffi\u00e9s \u00e0 l'issue du diagnos\u019fc n\u00e9cessitent de prioriser et d'engager d\u00e8s \u00e0 pr\u00e9sent\ndes r\u00e9flexions afin de faire \u00e9voluer les condi\u019fons d'habitat des nombreux m\u00e9nages en situa\u019fons pr\u00e9caires\nsur la dur\u00e9e du futur sch\u00e9ma. \nPour travailler sur le besoin en TFLP, nous nous sommes fond\u00e9s sur le recensement des situa\u019fons de\ns\u00e9dentarisa\u019fon indues sur les aires d'accueil et les situa\u019fons d'installa\u019fons pr\u00e9caires pr\u00e9-iden\u019ffi\u00e9es par les\npartenaires depuis de nombreuses ann\u00e9es. Ces donn\u00e9es ont \u00e9t\u00e9 par\u019fellement compl\u00e9t\u00e9es lors des ateliers\nterritoriaux par les retours des maires pr\u00e9sents qui ont r\u00e9guli\u00e8rement relev\u00e9 leur besoin d\u00e9clara\u019ff ini\u019fal.\nFort de ce constat, ces chiffres doivent donc \u00eatre consid\u00e9r\u00e9s comme des minimas en besoins r\u00e9siden\u019fels\nglobaux sur le Var.\nLe sch\u00e9ma laisse la possibilit\u00e9 aux EPCI de mener des diagnos\u019fcs territoriaux perme\u01a9ant, le cas \u00e9ch\u00e9ant, de\nrevoir les besoins quan\u019fta\u019ffs en terrains familiaux loca\u019ffs publics qui y sont inscrits.\n\uf0d8 L'inscrip\u019fon des EPCI concern\u00e9s par un \u00e9tat des lieux sur le ph\u00e9nom\u00e8ne de la s\u00e9dentarisa\u019fon en vue\nde la cr\u00e9a\u019fon de terrains familiaux loca\u019ffs et/ou d'habitats adapt\u00e9s \u00e9voque des situa\u019fons localis\u00e9es\npour lesquelles les r\u00e9ponses peuvent ensuite se d\u00e9cliner sur la commune ou d'origine ou sur une\nautre commune de l'EPCI. En g\u00e9n\u00e9ral les situa\u019fons sont les r\u00e9sultats d'opportunit\u00e9s fonci\u00e8res sur des\nbassins territoriaux plus que d'un a\u01a9achement stricto-sensu \u00e0 une commune. Sont principalement\nconcern\u00e9s :\n- M\u00e9tropole Toulon-Provence-M\u00e9diterran\u00e9e ;\n- CC Golfe de Saint-Tropez ;\n- CA Sud Sainte Baume ;\n- CA Var Est\u00e9rel-m\u00e9diterran\u00e9e ;\n- CA Provence Verte ;\n- CA Drac\u00e9nie Provence Verdon.\nSDAHGV du VAR \u2013 octobre 2024\n46\nDirection d\u00e9partementale des territoires et de la mer du Var - 83-2025-01-20-00012 - ARR\u00caT\u00c9 PR\u00c9FECTORAL DDTM/SHRU n\u00b0 2024-79\napprouvant le sch\u00e9ma d\u00e9partemental d'accueil et d'habitat des gens du voyage du Var 82\n\uf0a7 M\u00e9thodologie de mise en \u0153uvre dans le cadre du SDAHGV\nEn l'\u00e9tat de la r\u00e9glementa\u019fon, les r\u00e9alisa\u019fons de terrains familiaux loca\u019ffs publics peuvent \u00eatre appr\u00e9hen-\nd\u00e9es selon les exp\u00e9riences locales. Ces premi\u00e8res r\u00e9alisa\u019fons ont permis la stabilisa\u019fon de m\u00e9nages issus\nde la communaut\u00e9 des gens du voyage en situa\u019fon r\u00e9siden\u019felle pr\u00e9caire en leur fournissant des moyens\nsanitaires et une stabilit\u00e9 mentale propre \u00e0 faciliter leur inser\u019fon. N\u00e9anmoins, des r\u00e9serves peuvent \u00eatre\n\u00e9mises sur la g\u00e9n\u00e9ralisa\u019fon de ce type de produit :\n- Au regard des pra\u019fques habituelles, il existe des risques sur la dur\u00e9e quant au rajout par les fa-\nmilles d'\u00e9l\u00e9ments annexes voire de b\u00e2\u019fs auto-construits sans respect des normes sanitaires et de\ns\u00e9curit\u00e9 du code de la construc\u019fon pour am\u00e9liorer leur confort d'usage. Ces  r\u00e9alisa\u019fons m\u00eame\nquand elles sont tol\u00e9r\u00e9es restent des construc\u019fons priv\u00e9es sans autorisa\u019fon d'urbanisme sur un\nterrain public. Situa\u019fons qui posent plusieurs probl\u00e8mes l\u00e9gaux car si le principe de n\u00e9cessit\u00e9 peut\ns'imposer, il marque un d\u00e9faut dans le diagnos\u019fc pr\u00e9-programma\u019fque qui met en porte-\u00e0-faux l\u00e9-\ngal aussi bien les usagers que les \u00e9lus.\n- L'absence d'APL et d'autres aides p\u00e9rennes au logement ou \u00e0 l'h\u00e9bergement de longue dur\u00e9e appli-\ncable sur ce type de r\u00e9alisa\u019fons n\u00e9cessite, pour disposer d'un r\u00e9siduel de loyer acceptable, de for-\nmuler aupr\u00e8s de la CAF locale une demande de d\u00e9roga\u019fon collec\u019fve. Celle-ci doit en g\u00e9n\u00e9ral \u00eatre\nrenouvel\u00e9e tous les 2 ans afin de b\u00e9n\u00e9ficier des aides au logement, seules \u00e0 m\u00eame de perme\u01a9re un\n\u00e9ventuel amor\u019fssement loca\u019ff \u00e0 l'instar de celui du parc social.\n- Le main\u019fen des m\u00e9nages dans des habitats qui rel\u00e8vent de l'h\u00e9bergement et non du logement ne\npermet pas un acc\u00e8s plein et en\u019fer au droit et laisse une charge significa\u019fve aux CCAS. Il peut \u00e9ga-\nlement se r\u00e9v\u00e9ler, dans la dur\u00e9e, inadapt\u00e9 aux probl\u00e8mes li\u00e9s au vieillissement ou \u00e0 l'\u00e9mergence de\npathologies invalidantes.\nLe principe de mise en \u0153uvre de ces terrains familiaux doit pouvoir s'effectuer dans un cadre souple et\nsuivi.  En  effet,  les  circulaires  inscrivent  ces  espaces  r\u00e9siden\u019fels  comme  des  lieux  de  vie  relevant  de\nl'h\u00e9bergement. Avec la capacit\u00e9 d'y int\u00e9grer une pi\u00e8ce de convivialit\u00e9 mais strictement sans chambre (ce\nn'est pas un logement). Or, il est probable que par-del\u00e0 la quan\u019ffica\u019fon brute es\u019fma\u019fve  des m\u00e9nages\npoten\u019fellement concern\u00e9s par un relogement en terrain familial loca\u019ff public, les diagnos\u019fcs individualis\u00e9s\ndes besoins \u00e9largissent le champ des possibles de ces proposi\u019fons \u00e0 des mod\u00e8les r\u00e9siden\u019fels les amenant\njusqu'\u00e0 rejoindre le champ de l'habitat social.\nPour arriver \u00e0 ce\u01a9e \u00e9volu\u019fon, les pr\u00e9-diagnos\u019fcs doivent \u00eatre par\u019fcipa\u019ffs et pouvoir \u00eatre \u00e9valu\u00e9s en\ncon\u019fnu y compris par leurs futurs usagers. Approche qui si elle am\u00e8ne \u00e0 faire \u00e9voluer la commande du\nchamp  opposable  des  TFLP  vers  l'habitat  adapt\u00e9  doit  voir leur  mise  en  \u0153uvre  act\u00e9e  par  le  sch\u00e9ma\nd\u00e9partemental ; ce qu'autorise la r\u00e9glementa\u019fon sous r\u00e9serve de disposer d'un suivi permanent de la mise\nen  \u0153uvre  globale  du  sch\u00e9ma. Cela  perme\u01a9rait de  fait de  les  inscrire ensuite  en  ajustement  de  la\nprescrip\u019fon TFLP dans le cadre formel du sch\u00e9ma, afin qu'une r\u00e9ponse mieux adapt\u00e9e ne vienne pas\nme\u01a9re en p\u00e9ril la conformit\u00e9 des communes d'accueil vis \u00e0 vis du sch\u00e9ma. Pour ce faire, ces r\u00e9alisa\u019fons\ndoivent \u00eatre suivies dans le cadre du comit\u00e9 technique permanent du sch\u00e9ma afin de perme\u01a9re de valider\nau fur et \u00e0 mesure leur per\u019fnence en tant que r\u00e9ponses correctes \u00e0 l'obliga\u019fon inscrite au sch\u00e9ma.\nAinsi d\u00e9finis, ces TFLP pourront s'inscrire dans le sch\u00e9ma avec un sens effec\u019ff qui se d\u00e9cline autour des\nitems d'usage et de contr\u00f4le suivants :\n\uf0d8 Un nouvel ou\u019fl n\u00e9cessaire rendu opposable pour h\u00e9berger les familles jusque-l\u00e0 mal situ\u00e9es car\ndans un entre-deux r\u00e9glementaire :\n\u2022 des terrains loca\u019ffs publics o\u00f9 les familles locales en difficult\u00e9 d'habitat peuvent se stabiliser ;\n\u2022 s'inscrivant dans une logique d'h\u00e9bergement sans habitat ;\n\u2022 avec des \u00e9quipements tr\u00e8s limit\u00e9s autour des sanitaires ;\n\uf0d8 \u00c0 inscrire dans une approche \u00e9volu\u019fve :\n\u2022 poten\u019fellement une r\u00e9ponse \u00e0 une demande non exprim\u00e9e ou mal formul\u00e9e, par des familles\nsans r\u00e9f\u00e9ren\u019fel significa\u019ff et qui reste \u00e0 qualifier ;\nSDAHGV du VAR \u2013 octobre 2024\n47\nDirection d\u00e9partementale des territoires et de la mer du Var - 83-2025-01-20-00012 - ARR\u00caT\u00c9 PR\u00c9FECTORAL DDTM/SHRU n\u00b0 2024-79\napprouvant le sch\u00e9ma d\u00e9partemental d'accueil et d'habitat des gens du voyage du Var 83\n\u2022 s'appuyer sur les approches pr\u00e9-op\u00e9ra\u019fonnelles de l'habitat pour poser un diagnos\u019fc affin\u00e9 au\nregard des usages pour d\u00e9velopper des besoins \u00e0 moyen terme ;\n\u2022 afin \u00e9ventuellement de faire \u00e9voluer la commande vers de l'habitat adapt\u00e9 s'il s'impose ;\n\uf0d8 Qui n\u00e9cessite de se doter d'un moyen de suivi  :\n\u2022 inscrire le suivi de ces d\u00e9marches dans le sch\u00e9ma d\u00e9partemental ;\n\u2022 pour \u00e9viter la mise en d\u00e9faut de r\u00e9alisa\u019fon des EPCI ;\n\u2022 en s'appuyant sur le comit\u00e9 permanent du sch\u00e9ma d\u00e9partemental ;\n\uf0a7 Les besoins en TFLP\nLes prescrip\u019fons opposables en terrains familiaux loca\u019ffs publics, comme les aires d'accueil et terrains de\ngrand passage, rel\u00e8vent en inves\u019fssement et fonc\u019fonnement des EPCI sur lesquelles elles sont prescrites.\nPour autant l'indica\u019fon des EPCI et des communes iden\u019ffi\u00e9es ne restreint pas la r\u00e9alisa\u019fon aux seules\ncommunes iden\u019ffi\u00e9es dans la mesure o\u00f9 ces ancrages d'opportunit\u00e9 s'inscrivent sur un territoire plut\u00f4t\nque sur une commune.\nLes TFLP sont prescrits en unit\u00e9s de vie pouvant compter de 2 \u00e0 6 places de caravanes. L'\u00e9chelle qui appa-\nra\u00eet la plus per\u019fnente en termes de ges\u019fon courante et de contr\u00f4le des charges par les locataires est de 4\nplaces de caravanes (financement et normes techniques iden\u019fques aux aires d'accueil \u2013 d\u00e9cret 2019-1478)\nqui perme\u01a9ent l'installa\u019fon courante d'un m\u00e9nage \u019ftulaire ainsi que l'accueil familial maximal de 2 m\u00e9-\nnages s'ils ont une seule caravane ou 1 m\u00e9nage s'il se d\u00e9place avec 2 caravanes.\nSDAHGV du VAR \u2013 octobre 2024\n48\nDirection d\u00e9partementale des territoires et de la mer du Var - 83-2025-01-20-00012 - ARR\u00caT\u00c9 PR\u00c9FECTORAL DDTM/SHRU n\u00b0 2024-79\napprouvant le sch\u00e9ma d\u00e9partemental d'accueil et d'habitat des gens du voyage du Var 84\nAu regard des besoins es\u019fm\u00e9s \u00e0 minima sur le VAR ils se d\u00e9clineraient en :\nARRONDISSEMENTEPCI comp\u00e9tent au 1er jan-\nvier 2017\nPrescrip\u019fons 2023-2029\nN m\u00e9nages en TFLP mini\nLocalisa\u019fon et par\u019fcularit\u00e9s\n\u00e9ventuelles\nTOULON\nM\u00e9tropole Toulon Pro-\nvence M\u00e9diterran\u00e9e\n53 Toulon, Le Pradet, La Crau, La\nGarde, Six Fours plage, Hy\u00e8res,\nLa Seyne sur mer\nCC Vall\u00e9e du Gapeau 5 La Farl\u00e8de\nCC M. Portes des Maures 5 Bormes les mimosas, Cuers\nCA Sud Sainte Baume 10 Sanary, le Beausset, la Ca-\ndi\u00e8re, Saint Cyr sur mer\nDRAGUIGNAN\nCC Golfe de Saint-\nTropez\n3 Cogolin\nCA Val \u2013Est\u00e9rel-m\u00e9-\nditerran\u00e9e\n15\n(besoin sur Puget-sur-\nArgens non comptabili-\ns\u00e9)\nRoquebrune sur Argens et Fr\u00e9-\njus\nsitua\u019fon Puget sur Argens\nCC Pays de La \nFayence\n0 0\n Drac\u00e9nie Provence\nVerdon Agglom\u00e9ra-\n\u019fon\n20 Draguignan, les Arc, Vidauban\nBRIGNOLES\nCA Provence Verte 27 Brignoles, Tourves, Saint Maxi-\nmin, Pourrieres, Gar\u00e9oult,\nRocbaron\nCC c\u0153ur du Var 5 Le Luc\nCC Provence Ver-\ndon\n0\nCC Lacs et Gorges \ndu Verdon\n0\n\uf0a7 Un cas singulier : Puget sur Argens\nAujourd'hui la situa\u019fon de la ville de Puget sur Argens ne pourra pas \u00eatre trait\u00e9e par la ville seule, et proba-\nblement pas non plus par la communaut\u00e9 d'agglom\u00e9ra\u019fon Val Est\u00e9rel M\u00e9diterran\u00e9e au regard de l'\u00e9chelle\net de la complexit\u00e9 des installa\u019fons de type bidonvilles qui s'y sont d\u00e9velopp\u00e9s et s'y \u00e9tendent encore. D\u00e8s\nlors il convient de rem\u00e9dier \u00e0 la situa\u019fon sur place.\nSDAHGV du VAR \u2013 octobre 2024\n49\nDirection d\u00e9partementale des territoires et de la mer du Var - 83-2025-01-20-00012 - ARR\u00caT\u00c9 PR\u00c9FECTORAL DDTM/SHRU n\u00b0 2024-79\napprouvant le sch\u00e9ma d\u00e9partemental d'accueil et d'habitat des gens du voyage du Var 85\n1.4 Implica\u019fon des communes de +5000 habitants dans le sch\u00e9ma\nComme pr\u00e9vu par la loi 2000-614, toutes les communes de plus de 5000 habitants, y compris celles sur les-\nquelles des prescrip\u019fons d'accueil n'ont pas \u00e9t\u00e9 jug\u00e9es n\u00e9cessaire doivent par\u019fciper au bon fonc\u019fonne-\nment  du  sch\u00e9ma  d\u00e9partemental.  Le  tableau  suivant  d\u00e9cline  les  obliga\u019fons  propos\u00e9es  pour  chacune\nd'elles18.\nVille Habitants AA \nTaille\nAGP\nTaille\nTFLP\nNombre Par\u019fcipa\u019fon autre\nToulon 178 745   10  \nLa Seyne-sur-Mer 62 987\n  3\n Par\u019fcipa\u019fon au sch\u00e9ma\n1 groupe familial rep\u00e9r\u00e9 au SD \n2012\nHy\u00e8res 54 821   10\nProjet de MOUS mais site occup\u00e9 \ncomplexe\nSix-Fours-les-Plages 34 592 AA de 28 \npl. 7\nLa Garde 25505 AA de 42 \npl 5\n3 groupes familiaux rep\u00e9r\u00e9s au SD \n2012 environ 70 m\u00e9nages\nSaint-Mandrier-sur-Mer 6095 Par \u019fcipa\u019fon au sch\u00e9ma\nOllioules 13 866 Par \u019fcipa\u019fon au sch\u00e9ma\nLa Vale\u01a9e-du-Var 24 087   Par \u019fcipa\u019fon au sch\u00e9ma\nLa Crau 18 774  AGP de 150 pl. 8  \nCarqueiranne 9 518 Par \u019fcipa\u019fon au sch\u00e9ma\nLe Pradet 10 277 10\nFr\u00e9jus 54 458 AA de 20 \npl 8\nPuget-sur-Argens\n(Prescrip\u019fons non prises en \ncompte dans le d\u00e9compte par EP-\nCI)\n8 062 30\nA prendre en compte avec la solu-\n\u019fon envisag\u00e9e sur le terrain de \nl'ancienne aire\nSaint-Rapha\u00ebl 36 027 Par\u019fcipa\u019fon au financement des \nAA de Roquebrune et de Fr\u00e9jus\nRoquebrune-sur-Argens 14 937 AA de 20 \npl.  7  \nLe Luc 11 094  AA de 38 \npl.  5\nGroupe qui fait la bascule avec \nl'aire de Brignoles. MOUS n\u00e9ces-\nsaire pour voir avec eux lieu d'im-\nplanta\u019fon.\nLa Farl\u00e8de 9 614  AA de 24 \npl.  5  \nSolli\u00e8s-Toucas 5 753 Par \u019fcipa\u019fon au sch\u00e9ma\nSollies Pont 11 311 Par \u019fcipa\u019fon au sch\u00e9ma\nDraguignan 39 433 7\nLe Muy 9 288    Par \u019fcipa\u019fon au sch\u00e9ma\nLorgues 9 054\n  \nPar\u019fcipa\u019fon au financement de \nl'AA de La Cadi\u00e8re et AGP de Le \nBeausset\nLes Arcs 7 006 2 6 terrains rep\u00e9r\u00e9s en 2010\nVidauban 12 616 R\u00e9nova \u019fon et\nagrandisse-\nment de l'AGP\n10  68 terrains rep\u00e9r\u00e9s au SD 2012 ; \nPropri\u00e9taires. \nProbl\u00e8mes de r\u00e8glement de l'urba-\nnisme pour la majorit\u00e9 \nVoir possibilit\u00e9 de r\u00e9gularisa\u019fon \n18 La commune de St-Zacharie \u00e9tant ra\u01a9ach\u00e9e \u00e0 un EPCI hors du d\u00e9partement du Var, elle est n\u00e9anmoins comptabilis\u00e9e parmi les\ncommunes ayant des obliga\u019fons de par\u019fcipa\u019fon au sch\u00e9ma. \nSDAHGV du VAR \u2013 octobre 2024\n50\nDirection d\u00e9partementale des territoires et de la mer du Var - 83-2025-01-20-00012 - ARR\u00caT\u00c9 PR\u00c9FECTORAL DDTM/SHRU n\u00b0 2024-79\napprouvant le sch\u00e9ma d\u00e9partemental d'accueil et d'habitat des gens du voyage du Var 86\ns\u00e9curisa\u019fon du foncier pour \u00e9viter \nprogression des installa\u019fons\nTrans-en-Provence 5947  Par \u019fcipa\u019fon au sch\u00e9ma\nSanary sur Mer 16 889 2\nBandol 8 403\n  \n Par\u019fcipa\u019fon au sch\u00e9ma par\u019fcipa-\n\u019fon \u00e0 la cr\u00e9a\u019fon et au fonc\u019fonne-\nment de l'AGP du Beausset\nLe Beausset 9 845 AGP de 150 pl. 3\nSaint Cyr sur Mer 11 484 3\nLa Cadiere 5 574 2\nCavalaire-sur-Mer 7 586\n  \n Par\u019fcipa\u019fon au financement des \nAA de Sainte-Maxime et Gassin et \n\u00e0 l'AGP du Beausset\nSainte-Maxime 14 448 AA de 20 \npl.\nCogolin 11 311\nR\u00e9nova\u019fon et \nagrandisse-\nment de l'AGP 3\nLe Lavandou 5 985    Par \u019fcipa\u019fon au sch\u00e9ma\nBormes-les-Mimosas 8 162 2\nPierrefeu-du-Var 6 068 Par \u019fcipa\u019fon au sch\u00e9ma\nLa Londe-les-Maures 10 641 Par \u019fcipa\u019fon au sch\u00e9ma\nCuers 11 962 3\nMontauroux 6 548 AGP de 200 pl.\nFayence 5 735\n  \nPar\u019fcipa\u019fon au sch\u00e9ma \nPar\u019fcipa\u019fon \u00e0 l'am\u00e9nagement et \nau fonc\u019fonnement de l'AGP de \nMontauroux\nBrignoles 17 361 AA de 40 \npl. 10\nGroupe qui fait la bascule avec \nl'aire de Le Luc. MOUS n\u00e9cessaire \npour voir avec eux lieu d'implanta-\n\u019fon\nSaint Maximin la Sainte \nBaume 17 095 2\nGar\u00e9oult 5 303   5\nRocbaron 5 250   5\nPourri\u00e8res 5 181   2\nTourves 5 042   3\nLes aires d'accueil sont d\u00e9finies en places alors que les terrains familiaux sont donn\u00e9s en nombre de projets\n\u00e0 porter. La taille de chacun d'eux, de 2 \u00e0 6 places doit \u00eatre affin\u00e9e projet par projet au regard des accueils\nponctuels r\u00e9currents qu'ils absorbent sur l'ann\u00e9e. Si \u00e0 l'issue de leur pr\u00e9-diagnos\u019fc de faisabilit\u00e9 certains\nterrains familiaux \u00e9voluent en PLAI (70% environ source DIHAL), le rapport est de 1 pour 1.\nSDAHGV du VAR \u2013 octobre 2024\n51\nDirection d\u00e9partementale des territoires et de la mer du Var - 83-2025-01-20-00012 - ARR\u00caT\u00c9 PR\u00c9FECTORAL DDTM/SHRU n\u00b0 2024-79\napprouvant le sch\u00e9ma d\u00e9partemental d'accueil et d'habitat des gens du voyage du Var 87\n2. Le programme d'ac\u019fons\n2.1   Pilotage, anima\u019fon et suivi du sch\u00e9ma\nFICHE 2-1 : PILOTAGE ET SUIVI DE LA MISE EN \u0152UVRE DU SCH\u00c9MA D\u00c9PARTEMENTAL D'ACCUEIL ET D'HA-\nBITAT DES GENS DU VOYAGE\nConstats / Diagnos\u019fc La r\u00e9ussite d'un sch\u00e9ma d\u00e9partemental d\u00e9pend non seulement de la per\u019fnence de ses prescrip-\n\u019fons mais \u00e9galement de sa gouvernance. Or le constat est celui d'une mise en \u0153uvre des ac\u019fons\nqui d\u00e9pend trop fr\u00e9quemment de l'implica\u019fon des acteurs de terrain. Cet \u00e9tat de fait se tradui-\nsant par une couverture in\u00e9gale de l'ensemble du territoire en termes d'ac\u019fons men\u00e9es, de mo-\nbilisa\u019fon de partenariats et de r\u00e9sultats a\u01a9eints.\nIl appara\u00eet indispensable que le sch\u00e9ma d\u00e9partemental s'appuie d\u00e9sormais sur un pilotage ren-\nforc\u00e9 afin de cr\u00e9er une coh\u00e9rence d'ac\u019fon qui prenne en compte la diversit\u00e9 des acteurs concer-\nn\u00e9s, leurs diff\u00e9rents champs de comp\u00e9tence et l'imbrica\u019fon des probl\u00e9ma\u019fques entre elles.\nLe renouvellement des priorit\u00e9s du nouveau SDAHGDV implique \u00e9galement une par\u019fcipa\u019fon ac-\n\u019fve des gens du voyage, par un retour d'exp\u00e9rience des b\u00e9n\u00e9ficiaires des ac\u019fons d\u00e9j\u00e0 men\u00e9es.\nObjec\u019ffs Objec\u019ffs g\u00e9n\u00e9raux\n\uf0b7 Consolider le pilotage et l'anima\u019fon du sch\u00e9ma\n\uf0b7 Favoriser la coh\u00e9rence des ac\u019fons et l'homog\u00e9n\u00e9it\u00e9 des objec\u019ffs\n\uf0b7 Valoriser la par\u019fcipa\u019fon, l'implica\u019fon des gens du voyage dans la mise en \u0153uvre des ac\u019fons\ndu SDAHGDV\nObjec\u019ffs op\u00e9ra\u019fonnels\n\uf0b7 Renforcer le r\u00f4le des instances du sch\u00e9ma dans la d\u00e9fini\u019fon des objec\u019ffs, la hi\u00e9rarchisa\u019fon\ndes ac\u019fons et le suivi de leur mise en \u0153uvre\n\uf0b7 Animer la mise en \u0153uvre des ac\u019fons et assurer leur suivi\n\uf0b7 Impliquer les acteurs pour d\u00e9finir des modes de concerta\u019fon et d'ac\u019fon qui d\u00e9passent le\nstade de l'exp\u00e9rimenta\u019fon pour a\u01a9eindre une r\u00e9ponse globale\nModalit\u00e9 de mise en \n\u0153uvre\n\uf0b7 Conforter la commission consulta\u019fve d\u00e9partementale des gens du voyage dans son r\u00f4le de\ngarante des disposi\u019fons et du suivi du sch\u00e9ma (r\u00e9union une fois par an au minimum)\n\uf0b7 D\u00e9signa\u019fon par chacun des copilotes d'un r\u00e9f\u00e9rent en charge de suivre, d'animer et relayer\nla mise en \u0153uvre du sch\u00e9ma\n\uf0b7 Cr\u00e9a\u019fon d'un comit\u00e9 permanent\n\uf0b7 Mise en place de groupes de travail th\u00e9ma\u019fques en fonc\u019fon des orienta\u019fons du sch\u00e9ma \nPilote de l'ac\u019fon /\nchef de file \u00c9tat (DDTM du Var)\nPartenaires associ\u00e9sMembres de la commission consulta\u019fve\nRepr\u00e9sentants des communes et des collec\u019fvit\u00e9s concern\u00e9es\nFinancements/ \nmoyens mobilis\u00e9s\n\u00c9ch\u00e9ancier Sur la dur\u00e9e du sch\u00e9ma d\u00e9partemental\nIndicateurs d'\u00e9valua-\n\u019fon\n\uf0b7 Fr\u00e9quence de r\u00e9union des groupes de travail th\u00e9ma\u019fques et degr\u00e9 de mobilisa\u019fon par-\ntenariale\n\uf0b7 Bilan de r\u00e9alisa\u019fon des objec\u019ffs du sch\u00e9ma d\u00e9partemental\nSDAHGV du VAR \u2013 octobre 2024\n52\nDirection d\u00e9partementale des territoires et de la mer du Var - 83-2025-01-20-00012 - ARR\u00caT\u00c9 PR\u00c9FECTORAL DDTM/SHRU n\u00b0 2024-79\napprouvant le sch\u00e9ma d\u00e9partemental d'accueil et d'habitat des gens du voyage du Var 88\n2.2 Coordina\u019fon, ges\u019fon et harmonisa\u019fon des aires\nFICHE 2-2-1 : HARMONISER ET CONSOLIDER LA GESTION DES AIRES D'ACCUEIL \nConstats / Diagnos\u019fc Les \u00e9volu\u019fons observ\u00e9es dans les modes d'usage des \u00e9quipements me\u01a9ent en tension les \u00e9qui-\nlibres de fonc\u019fonnement en place sur les territoires d'implanta\u019fon. Elles me\u01a9ent \u00e9galement en\nexergue la n\u00e9cessit\u00e9 de s'adapter aux r\u00e9alit\u00e9s des familles tout en se r\u00e9f\u00e9rant aux disposi\u019fons\nr\u00e9glementaires rela\u019fves au fonc\u019fonnement et \u00e0 la ges\u019fon des aires d'accueil et de grand pas-\nsage.\nObjec\u019ffs Objec \u019ffs g\u00e9n\u00e9raux\n\uf0b7 Disposer de moyens effec\u019ffs corrects d'accueil\n\uf0b7 Consolider la ges\u019fon, le fonc\u019fonnement et le suivi des aires d'accueil dans une op\u019fque de\ncoh\u00e9rence d\u00e9partementale et de prise en compte de la saisonnalit\u00e9\n\uf0b7 Assurer l'acc\u00e8s et le main\u019fen des droits des usagers en favorisant les \u00e9changes et les relais\nentre partenaires\nObjec\u019ffs op\u00e9ra\u019fonnels\n\uf0b7 Accompagner les EPCI dans la mise en place d'ou\u019fls d'encadrement des ges\u019fonnaires d'ac-\ncueil dans leur fonc\u019fon de relais entre les m\u00e9nages et les services\n\uf0b7 \u00c9laborer des disposi\u019fons communes portant en priorit\u00e9 sur les tarifs, les redevances, la du-\nr\u00e9e des s\u00e9jours, le cadre de vie et l'adapta\u019fon des \u00e9quipements par un travail commun avec\nles EPCI (solidarit\u00e9 territoriale)\n\uf0b7 Mener une r\u00e9flexion commune tendant \u00e0 harmoniser les modes de distribu\u019fon et de tarifi-\nca\u019fon des fluides, dans une perspec\u019fve sociale.\n\uf0b7 Adapter les ou\u019fls de ges\u019fon \u00e0 ces nouvelles disposi\u019fons (r\u00e8glements int\u00e9rieurs \u2026).\n\uf0b7 D\u00e9velopper un Projet Social \u00c9duca\u019ff formalis\u00e9 (PSE) sur chacune des aires d'accueil\nModalit\u00e9 de mise en \n\u0153uvre \uf0b7 Mise en place du groupe de travail \u00ab Ges\u019fon, fonc\u019fonnement et suivi des aires d'accueil \u00bb\nr\u00e9unissant les \u00e9lus et techniciens des collec\u019fvit\u00e9s, les ges\u019fonnaires, et leurs partenaires ins-\n\u019ftu\u019fonnels, sociaux et associa\u019ffs\n\uf0b7 \u00c9labora\u019fon d'un r\u00e9f\u00e9ren\u019fel de l'ac\u019fon des ges\u019fonnaires sur les aires d'accueil\n\uf0b7 Coordina\u019fon et suivi de la mise en \u0153uvre des nouvelles disposi\u019fons au sein des territoires\ndans le cadre des instances du Projet Social Educa\u019ff (PSE)\nPilote de l'ac\u019fon \u00c9tat (DDETS du Var)\nPartenaires associ\u00e9sConseil D\u00e9partemental, CAF, Maires concern\u00e9s, EPCI, Usagers, Op\u00e9rateurs de ges\u019fon\nFinancements / \nmoyens mobilis\u00e9s ALT2\n\u00c9ch\u00e9ancier Dans les 12 mois suivant l'approba\u019fon du Sch\u00e9ma\nIndicateurs d'\u00e9valua-\n\u019fon \uf0b7 Nombre de r\u00e9unions du groupe de travail\n\uf0b7 Ou\u019fls d'harmonisa\u019fon du fonc\u019fonnement des \u00e9quipements\n\uf0b7 Indicateur de suivi social des usagers\n\uf0b7 Indicateur d'\u00e9volu\u019fon des co\u00fbts sur les aires\n\uf0b7 Fr\u00e9quenta\u019fon y compris hivernale des aires\nSDAHGV du VAR \u2013 octobre 2024\n53\nDirection d\u00e9partementale des territoires et de la mer du Var - 83-2025-01-20-00012 - ARR\u00caT\u00c9 PR\u00c9FECTORAL DDTM/SHRU n\u00b0 2024-79\napprouvant le sch\u00e9ma d\u00e9partemental d'accueil et d'habitat des gens du voyage du Var 89\nFICHE 2-2-2 : COORDINATION DES GRANDS PASSAGES ESTIVAUX\nConstats / Diagnos\u019fc La ges\u019fon des grands passages, notamment en p\u00e9riode es\u019fvale, cons\u019ftue un enjeu majeur dans\nle d\u00e9partement du Var ainsi que dans les d\u00e9partements limitrophes.\nObjec\u019ffs \uf0b7 Am\u00e9liorer la coordina\u019fon des grands passages :\n\u2012 \u00e9viter les sta\u019fonnements sauvages des grands groupes ;\n\u2012 soutenir les collec\u019fvit\u00e9s porteuses des AGP dans la ges\u019fon amont et aval des grands\npassages.\nModalit\u00e9 de mise en \n\u0153uvre\nLa coordina\u019fon d\u00e9partementale des grands passages est \u00e0 la charge des services de l'\u00c9tat.\nLa mission de coordina\u019fon annuelle comporte 3 phases :\n\uf0b7 L'analyse des demandes de sta\u019fonnement re\u00e7ues pour la saison es\u019fvale \u00e0 venir et l'\u00e9tablis-\nsement d'un planning pr\u00e9visionnel en lien avec les collec\u019fvit\u00e9s et les associa\u019fons de gens du\nvoyage repr\u00e9senta\u019fves de l'organisa\u019fon des grands passages afin d'an\u019fciper les difficult\u00e9s\npour la saison \u00e0 venir (janvier-avril).\n\uf0b7 La coordina\u019fon des grands groupes, l'informa\u019fon, l'accompagnement des collec\u019fvit\u00e9s por-\nteuses des aires pendant la saison es\u019fvale (mai-octobre).\n\uf0b7 L'accompagnement des collec\u019fvit\u00e9s concern\u00e9es par des sta\u019fonnements non pr\u00e9vus.\n\uf0b7 La transmission d'un bilan \u00e9crit d\u00e9taill\u00e9, quan\u019fta\u019ff et qualita\u019ff de l'ac\u019fvit\u00e9 de m\u00e9dia\u019fon\navec les grands groupes es\u019fvaux et des pr\u00e9conisa\u019fons pour am\u00e9liorer le disposi\u019ff l'ann\u00e9e\nsuivante en lien avec les responsables associa\u019ffs des grands passages.\n\uf0b7 La coordina\u019fon mise en place dans chaque d\u00e9partement sur l'ensemble de la r\u00e9gion PACA\ndoit perme\u01a9re l'an\u019fcipa\u019fon et la coordina\u019fon entre les d\u00e9partements de proximit\u00e9.\nPilote de l'ac\u019fon /chef\nde file \u00c9tat (Pr\u00e9fecture)\nPartenaires associ\u00e9sDDTM, Conseil D\u00e9partemental, EPCI disposant de prescrip\u019fons en ma\u019f\u00e8re de grands passages,\nassocia\u019fons repr\u00e9sentant les gens du voyage (AGP, France Libert\u00e9 Voyage)\nFinancements / \nmoyens mobilis\u00e9s Ce\u01a9e mission est financ\u00e9e par l'\u00c9tat\n\u00c9ch\u00e9ancier 2023/ 2029\nIndicateurs d'\u00e9valua-\n\u019fon\n\uf0b7 Taux de r\u00e9alisa\u019fon des aires de grands passages prescrites dans le SDAHGDV\n\uf0b7 \u00c9labora\u019fon d'un protocole de l'organisa\u019fon, de la ges\u019fon des grands passages \u00e0 l'\u00e9chelle du\nd\u00e9partement ainsi que le suivi des sta\u019fonnements \n\uf0b7 Bilan quan\u019fta\u019ff et qualita\u019ff des grands passages\nSDAHGV du VAR \u2013 octobre 2024\n54\nDirection d\u00e9partementale des territoires et de la mer du Var - 83-2025-01-20-00012 - ARR\u00caT\u00c9 PR\u00c9FECTORAL DDTM/SHRU n\u00b0 2024-79\napprouvant le sch\u00e9ma d\u00e9partemental d'accueil et d'habitat des gens du voyage du Var 90\n2.3    D\u00e9veloppement de l'offre d'habitat s\u00e9dentaire\nFICHE 2-3-1 : R\u00c9SORBER LES SITUATIONS DE SEDENTARISATION PRECAIRES ET INADEQUATES ET DEVE-\nLOPPER L'OFFRE D'HABITAT ADAPTE \nConstats / Diag-\nnos\u019fc\nLe d\u00e9partement du var conna\u00eet un ph\u00e9nom\u00e8ne de s\u00e9dentarisa\u019fon sur des terrains priv\u00e9s et publics\nmais aussi sur les aires d'accueil. Pour \u00e9viter ce ph\u00e9nom\u00e8ne une op\u00e9ra\u019fon de relogement sous la\nforme d'habitat adapt\u00e9 a \u00e9t\u00e9 men\u00e9e \u00e0 Toulon avec le programme de la Ripelle.\nIl convient cependant de poursuivre le travail avec la recherche de solu\u019fons en priorit\u00e9 sur les com-\nmunes de Hy\u00e8res, Saint-Cyr, La Garde. \nIl convient aussi de faire un \u00e9tat des lieux sur les communes de Vidauban, Puget sur Argens, La Far-\nl\u00e8de, Les Arcs, La Crau et Brignoles pour apporter des solu\u019fons d'habitat et d'accompagnements\nadapt\u00e9s aux m\u00e9nages.\nObjec\u019ffs Objec\u019ffs g\u00e9n\u00e9raux\n\uf0b7 Am\u00e9liorer les condi\u019fons d'habitat des m\u00e9nages\n\uf0b7 R\u00e9pondre aux besoins d'habitat adapt\u00e9 des m\u00e9nages\n\uf0b7 D\u00e9velopper l'offre en logements PLAI adapt\u00e9 et en terrains familiaux loca\u019ffs\nObjec\u019ffs op\u00e9ra\u019fonnels\n\uf0b7 Iden\u019ffica\u019fon des m\u00e9nages ou des groupes familiaux en situa\u019fon de s\u00e9dentarisa\u019fon inad\u00e9quate\net de leurs probl\u00e9ma\u019fques\n\uf0b7 Proposi\u019fon d'un disposi\u019ff partenarial pour rechercher des solu\u019fons d'habitat et d'accompagne-\nment adapt\u00e9s\n\uf0b7 Poursuivre la veille sociale sur les aires d'accueil afin de pr\u00e9venir les installa\u019fons durables\n\uf0b7 D\u00e9clinaison des objec\u019ffs quan\u019fta\u019ffs d\u00e9finis dans le SDAHGDV comme r\u00e9f\u00e9rence dans les docu-\nments de planifica\u019fon urbaine et d'habitat des territoires (SCOT, PADD, PLUi-I, PLH \u2026)\n\uf0b7 Maintenir et renforcer la sensibilisa\u019fon et la mobilisa\u019fon des bailleurs sociau\nModalit\u00e9 de mise \nen \u0153uvre\n\uf0b7 Affiner le recensement des gens du voyage en voie de s\u00e9dentarisa\u019fon en s'appuyant sur une mis-\nsion  de  MOUS  d\u00e9partementale (sous  r\u00e9serve des  cr\u00e9dits et  du  confinancement  par les  EPCI\nconcern\u00e9s): \n- Mission 1 : missions d'assistance technique, administra\u019fve et sociale aupr\u00e8s de m\u00e9nages s\u00e9-\ndentaris\u00e9s ou en voie de s\u00e9dentarisa\u019fon dans la r\u00e9alisa\u019fon de leur projet d'habitat individuel\n(a\u01a9entes, projet, prises en charge existantes, besoins d'accompagnement, relogement priv\u00e9\nou public - relogement auquel le droit commun ne peut pas r\u00e9pondre)\n- Mission 2 : missions aupr\u00e8s des acteurs ins\u019ftu\u019fonnels et des m\u00e9nages pour la mise en \u0153uvre\nde solu\u019fon d'habitat adapt\u00e9 collec\u019ff et projet rela\u019ff \u00e0 des groupes familiaux n\u00e9cessitant de\nl'ac\u019fon publique collec\u019fve (public ou priv\u00e9)\n\uf0b7 Porter \u00e0 connaissance de l'\u00c9tat dans le cadre des d\u00e9marches SCOT, PLUi et PLH\n\uf0b7 Mobilisa\u019fon des ou\u019fls fonciers, d'am\u00e9nagement et d'urbanisme des collec\u019fvit\u00e9s pour faciliter la\nproduc\u019fon (STECAL \u2026)\n\uf0b7 Prise en compte des objec\u019ffs du SDAHGDV dans la programma\u019fon de l'offre nouvelle\n\uf0b7 Mobilisa\u019fon des bailleurs dans le cadre du groupe de travail \u00ab s\u00e9dentarisa\u019fon \u00bb\n\uf0b7 Mutualisa\u019fon des exp\u00e9riences et des pra\u019fques\nPilote de l'ac\u019fon \u00c9tat (DDETS) (DDTM) : DDETS pilote sur la MOUS d\u00e9partementale et DDTM83 pilote sur les PLU, \nla mobilisa\u019fon des bailleurs, le financement du PLAI et les PAC. \nPartenaires asso-\nci\u00e9s\nCommunes, EPCI, Ges\u019fonnaires, Bailleurs, CAF\nFinancements/ \nmoyens mobilis\u00e9s\nEtat, Collec\u019fvit\u00e9s, bailleurs sociaux \nMobilisa\u019fon du groupe de travail 2 \u00ab s\u00e9dentarisa\u019fon et habitat \u00bb : d\u00e9fini\u019fon d'un cadre de concerta-\n\u019fon et d'\u00e9change, hi\u00e9rarchisa\u019fon des objec\u019ffs prioritaires et suivi de l'ac\u019fon.\nEnvisager un calendrier hi\u00e9rarchis\u00e9 des ac\u019fons au regard des situa\u019fons des familles et des enjeux\nterritoriaux. Modalit\u00e9s de concerta\u019fon \u00e0 d\u00e9finir en commission th\u00e9ma\u019fque.\n\u00c9ch\u00e9ancier 1\u00e8re ann\u00e9e du sch\u00e9ma : \u00e9labora\u019fon de crit\u00e8res communs et mise en place d'un cadre de concerta\u019fon\net d'\u00e9change\nMise en \u0153uvre op\u00e9ra\u019fonnelle et stabilisa\u019fon du disposi\u019ff ainsi que d'un cadre d'\u00e9valua\u019fon et d'\u00e9vo-\nlu\u019fon sur la dur\u00e9e du sch\u00e9ma\nSDAHGV du VAR \u2013 octobre 2024\n55\nDirection d\u00e9partementale des territoires et de la mer du Var - 83-2025-01-20-00012 - ARR\u00caT\u00c9 PR\u00c9FECTORAL DDTM/SHRU n\u00b0 2024-79\napprouvant le sch\u00e9ma d\u00e9partemental d'accueil et d'habitat des gens du voyage du Var 91\nIndicateurs d'\u00e9va-\nlua\u019fon\n\uf0b7 Nombre de m\u00e9nages en situa\u019fon de s\u00e9dentarisa\u019fon pr\u00e9caire ayant b\u00e9n\u00e9fici\u00e9 d'une proposi\u019fon\nde solu\u019fon d'habitat\n\uf0b7 Nombre de m\u00e9nages effec\u019fvement relog\u00e9s et typologie des habitats propos\u00e9\nSDAHGV du VAR \u2013 octobre 2024\n56\nDirection d\u00e9partementale des territoires et de la mer du Var - 83-2025-01-20-00012 - ARR\u00caT\u00c9 PR\u00c9FECTORAL DDTM/SHRU n\u00b0 2024-79\napprouvant le sch\u00e9ma d\u00e9partemental d'accueil et d'habitat des gens du voyage du Var 92\n2.4.   Inclusion sociale\nFICHE 2-4-1 : PROJETS SOCIAUX \u00c9DUCATIFS\nConstats / Diagnos\u019fc Les projets sociaux \u00e9duca\u019ffs (PSE) sont pr\u00e9conis\u00e9s par la loi n\u00b02000-614 du 05 juillet 2000 rela-\n\u019fve \u00e0 l'accueil et \u00e0 l'habitat des gens du voyage Art1-II et visent la mise en place d'un accompa-\ngnement socio-\u00e9duca\u019ff global sur les aires d'accueil et les lieux de vie des gens du voyage.\nIls visent aussi un objec\u019ff de coordina\u019fon des diff\u00e9rents acteurs de l'accompagnement social.\nLes aires d'accueil et les habitats s\u00e9dentaires doivent \u00eatre consid\u00e9r\u00e9s comme de v\u00e9ritables lieux\nde vie et de l'accompagnement individuel ou collec\u019ff des gens du voyage.\nObjec\u019ffs Objec \u019ff g\u00e9n\u00e9ral\n\uf0b7 Favoriser l'inclusion sociale et territoriale des gens du voyage\n\uf0b7 D\u00e9velopper une connaissance mutuelle entre les gens du voyage r\u00e9sidant sur le territoire et\nles services de proximit\u00e9\nObjec\u019ffs op\u00e9ra\u019fonnels\n\uf0b7 D\u00e9velopper, \u00e0 l'ini\u019fa\u019fve des EPCI, un Projet Social \u00c9duca\u019ff (PSE) sur chacune des aires d'ac-\ncueil et habitats s\u00e9dentaires et accompagner ces d\u00e9marches au niveau d\u00e9partemental ;\n\uf0b7 D\u00e9velopper les disposi\u019ffs d'accompagnement social en direc\u019fon des gens du voyage ;\n\uf0b7 Mener une r\u00e9flexion sur les disposi\u019ffs passerelle d'accompagnement social suscep\u019fbles de\nperme\u01a9re un relais rapide avec le droit commun. \nModalit\u00e9 de mise en \n\u0153uvre\n\uf0b7 Proposer un cadre de r\u00e9f\u00e9rence d\u00e9partemental pour la mise en place et le suivi des PSE pilo-\nt\u00e9 par le Comit\u00e9 Permanent ;\n\uf0b7 Suivre les travaux d'\u00e9labora\u019fon des PSE sur les diff\u00e9rentes aires du territoire d\u00e9partemental.\nPilote de l'ac\u019fon /\nchef de file Conseil D\u00e9partemental\nPartenaires associ\u00e9sEPCI, \u00c9tat, Collec\u019fvit\u00e9s locales, CCAS, CAF, \u00c9duca\u019fon na\u019fonale, diff\u00e9rents services des collec\u019fvi-\nt\u00e9s (technique, \u00e9duca\u019fon, culture\u2026), associa\u019fons locales\u2026\nFinancements/ \nmoyens mobilis\u00e9s Diversifi\u00e9s selon les th\u00e9ma\u019fques et les ac\u019fons conduites.\n\u00c9ch\u00e9ancier Tout au long du SDAHGDV\nIndicateurs d'\u00e9valua-\n\u019fon\n\uf0b7 Nombre de r\u00e9unions des diff\u00e9rentes instances d\u00e9partementales et locales.\n\uf0b7 Nombre de par\u019fcipants issus de la communaut\u00e9 Gens du Voyage\n\uf0b7 Valida\u019fon d'une feuille de route d\u00e9partementale et de programmes locaux, suivi des ac-\n\u019fons.\nSDAHGV du VAR \u2013 octobre 2024\n57\nDirection d\u00e9partementale des territoires et de la mer du Var - 83-2025-01-20-00012 - ARR\u00caT\u00c9 PR\u00c9FECTORAL DDTM/SHRU n\u00b0 2024-79\napprouvant le sch\u00e9ma d\u00e9partemental d'accueil et d'habitat des gens du voyage du Var 93\nFICHE 2-4-2 : FAVORISER L'OFFRE EN \u00c9LECTION DE DOMICILE AUPR\u00c8S DES GENS DU VOYAGE SUR\nL'ENSEMBLE DU TERRITOIRE\nConstats / Diagnos\u019fc Le Sch\u00e9ma D\u00e9partemental de la domicilia\u019fon du Var cons\u019ftue le cadre de r\u00e9f\u00e9rence des orien-\nta\u019fons et modalit\u00e9s de mise en \u0153uvre de l'\u00e9lec\u019fon de domicile sur le territoire.  Ses objec\u019ffs\nne se limitent pas au seul acc\u00e8s \u00e0 l'h\u00e9bergement mais visent \u00e9galement \u00e0 faciliter l'acc\u00e8s aux\ndroits et la lu\u01a9e contre le non-recours.\nL'acc\u00e8s aux droits des gens du voyage est par\u019fculi\u00e8rement corr\u00e9l\u00e9 \u00e0 l'\u00e9lec\u019fon de domicile.\nPar ailleurs, la publica\u019fon de la Loi n\u00b0 2017- 86 du 27 janvier 2017 rela\u019fve \u00e0 l'\u00c9galit\u00e9 et la Ci-\ntoyennet\u00e9 et l'abroga\u019fon cons\u00e9cu\u019fve de la Loi n\u00b0 69-3 du 3 janvier 1969 subs\u019ftuent l'\u00e9lec\u019fon\nde domicile \u00e0 la commune de ra\u01a9achement. Les CCAS et CIAS en deviennent ainsi les acteurs\nprincipaux concernant le public des gens du voyage dans la mesure o\u00f9 leur \u00e9lec\u019fon de domicile\npeut d\u00e9sormais s'effectuer aupr\u00e8s des CCAS et CIAS de leur choix.\nObjec\u019ffs Objec \u019ffs g\u00e9n\u00e9raux\n\uf0b7 Favoriser une r\u00e9par\u019f\u019fon territoriale de l'offre d'\u00e9lec\u019fon de domicile aupr\u00e8s des gens du\nvoyage en rela\u019fon avec le sch\u00e9ma d\u00e9partemental de domicilia\u019fon\nObjec\u019ffs op\u00e9ra\u019fonnels\n\uf0b7 Rappel des obliga\u019fons de domicilia\u019fon aupr\u00e8s des CCAS et CIAS notamment sur les terri-\ntoires p\u00e9riurbains et ruraux\n\uf0b7 Assurer la con\u019fnuit\u00e9 de l'acc\u00e8s aux droits\nModalit\u00e9 de mise en \n\u0153uvre\n\uf0b7 Informer les CCAS des communes les plus pe\u019ftes sur le disposi\u019ff de domicilia\u019fon\n\uf0b7 Sensibiliser les CCAS sur l'accueil des gens du voyage et les sp\u00e9cificit\u00e9s du public\nPilote de l'ac\u019fon /chef \nde file\n\u00c9tat (DDETS)\nPartenaires associ\u00e9sUD CCAS, CIAS, Conseil D\u00e9partemental, Associa\u019fon des maires, CAF, \nFinancements/ moyens\nmobilis\u00e9s Etat, Conseil D\u00e9partemental, collec\u019fvit\u00e9s \n\u00c9ch\u00e9ancier Sur la dur\u00e9e du sch\u00e9ma d\u00e9partemental\nIndicateurs d'\u00e9valua-\n\u019fon\n\uf0b7 Nombre d'ac\u019fons d'informa\u019fon/sensibilisa\u019fon effectu\u00e9es\n\uf0b7 Nombre de CCAS et CIAS qui effectuent la domicilia\u019fon des gens du voyage\nSDAHGV du VAR \u2013 octobre 2024\n58\nDirection d\u00e9partementale des territoires et de la mer du Var - 83-2025-01-20-00012 - ARR\u00caT\u00c9 PR\u00c9FECTORAL DDTM/SHRU n\u00b0 2024-79\napprouvant le sch\u00e9ma d\u00e9partemental d'accueil et d'habitat des gens du voyage du Var 94\nFICHE 2-4-3 : UN ENSEMBLE D'ACTIONS AU SERVICE DE LA SCOLARISATION\nConstats / Diagnos\u019fc Les constats ci-dessous s'accompagnent de leviers, d'\u00e9l\u00e9ments de m\u00e9thode et d'enjeux pour\nguider l'ac\u019fon globale qui s'envisage sur l'ensemble de la scolarit\u00e9 obligatoire.\nLe travail aupr\u00e8s des parents pour faire partager les a\u01a9entes et enjeux de l'\u00e9cole, travail \u00e0 pour-\nsuivre entre les \u00e9tablissements scolaires, en lien avec les associa\u019fons et les collec\u019fvit\u00e9s territo-\nriales, pour scolariser tous les \u00e9l\u00e8ves d\u00e8s 3 ans conform\u00e9ment \u00e0 la loi.\nLa  scolarisa\u019fon perl\u00e9e  de  certains  jeunes est un r\u00e9el frein \u00e0  une construc\u019fon p\u00e9renne  de\nconnaissances et de comp\u00e9tences. Le niveau d'acquisi\u019fon scolaire en fin de cycle primaire,\nquand il demeure faible, peut cons\u019ftuer l'un des facteurs de d\u00e9scolarisa\u019fon des  enfants \u00e0\nl'heure de l'entr\u00e9e au coll\u00e8ge. Du c\u00f4t\u00e9 des familles, la demande du CNED \u00e0 l'entr\u00e9e au coll\u00e8ge\nest parfois trop syst\u00e9ma\u019fque.\nLe travail aupr\u00e8s des parents pour faire partager les enjeux de l'\u00e9cole mais aussi faire conna\u00eetre\nla loi rela\u019fve \u00e0 l'obliga\u019fon scolaire ainsi que la proc\u00e9dure rela\u019fve \u00e0 l'absent\u00e9isme scolaire est \u00e0\npoursuivre avec les associa\u019fons et les collec\u019fvit\u00e9s territoriales.\nObjec\u019ffs \uf0b7 Garan\u019fr la scolarisa\u019fon \u00e0 la maternelle\n\uf0b7 Conforter la scolarisa\u019fon et l'assiduit\u00e9 en \u00e9cole primaire et au coll\u00e8ge.\n\uf0b7 D\u00e9velopper la scolarisa\u019fon au coll\u00e8ge par une ac\u019fon concert\u00e9e de tous les acteurs afin\nd'op\u019fmiser, sur l'ensemble des territoires, le con\u019fnuum \u00e9cole-coll\u00e8ge dans les parcours\ndes \u00e9l\u00e8ves.\nModalit\u00e9 de mise en \n\u0153uvre\n\uf0b7 D\u00e9velopper les d\u00e9marches partag\u00e9es, d'ac\u019fons concert\u00e9es localement, concourant collec\u019f-\nvement, \u00e0 l'a\u01a9einte des objec\u019ffs vis\u00e9s, dans une approche non segment\u00e9e de la scolarit\u00e9\nobligatoire des jeunes enfants issus de familles i\u019fn\u00e9rantes et de voyageurs.\n\uf0b7 Travail partenarial aupr\u00e8s des parents, par une approche collec\u019fve pour contribuer \u00e0 la mo-\nbilisa\u019fon  des  familles  pour  garan\u019fr  la  scolarisa\u019fon  \u00e0  l'\u00e9cole maternelle (s'appuyer  sur\nl'obliga\u019fon de scolarisa\u019fon des enfants de moins de trois ans)\n\uf0b7 Assurer avec exigence le contr\u00f4le de l'assiduit\u00e9 par l'ac\u019fon des directeurs d'\u00e9cole et des\nchefs d'\u00e9tablissement\n\uf0b7 Limiter le recours au CNED r\u00e9glement\u00e9 aux enfants des familles i\u019fn\u00e9rantes et iden\u019ffi\u00e9 loca-\nlement avec les partenaires des p\u00e9riodes de scolarisa\u019fon con\u019fnues dans le cas de l'i\u019fn\u00e9-\nrance\nPilote de l'ac\u019fon/chef \nde file \u00c9tat (DSDEN)\nPartenaires associ\u00e9sConseil D\u00e9partemental, Collec\u019fvit\u00e9s locales, CAF, Union des CCAS/CIAS,\nFamilles i\u019fn\u00e9rantes et s\u00e9dentaires\nFinancements/moyens \nmobilis\u00e9s \u00c9duca\u019fon Na\u019fonale, Conseil D\u00e9partemental, \u00c9tat, CAF\n\u00c9ch\u00e9ancier Sur la dur\u00e9e des 6 ans du sch\u00e9ma\nTemporalit\u00e9s adapt\u00e9es selon les ac\u019fons mises en \u0153uvre.\nIndicateurs d'\u00e9valua-\n\u019fon\n\uf0b7 Fr\u00e9quence des r\u00e9unions de l'observatoire et groupes de travail associ\u00e9s\n\uf0b7 Evolu\u019fon du nombre de demandes de CNED\n\uf0b7 Assiduit\u00e9 scolaire des \u00e9l\u00e8ves concern\u00e9s\n\uf0b7 \u00c9valua\u019fon de la ma\u00eetrise des comp\u00e9tences du socle commun de connaissances et de com-\np\u00e9tences\n\uf0b7 Taux de r\u00e9ussite au dipl\u00f4me na\u019fonal du Brevet ou du CFG et orienta\u019fon post 3\u00e8me\nSDAHGV du VAR \u2013 octobre 2024\n59\nDirection d\u00e9partementale des territoires et de la mer du Var - 83-2025-01-20-00012 - ARR\u00caT\u00c9 PR\u00c9FECTORAL DDTM/SHRU n\u00b0 2024-79\napprouvant le sch\u00e9ma d\u00e9partemental d'accueil et d'habitat des gens du voyage du Var 95\nFiche 2-4-4 : CONFORTER ET DEVELOPPER LES ACTIVITES ECONOMIQUES\nConstats / Diagnos\u019fc Les Gens du Voyage disposent de savoirs faire et d'ac\u019fvit\u00e9s \u00e9conomiques qu'ils conduisent se-\nlon des pra\u019fques et m\u00e9thodes qui leurs sont propres et souvent en marge du syst\u00e8me clas-\nsique. Leurs ac\u019fvit\u00e9s cons\u019ftuent des ressources \u00e9conomiques qui varient au fil des saisons. Un \ntravail sur la r\u00e9gularisa\u019fon des ac\u019fvit\u00e9s a pu \u00eatre engag\u00e9 via la cr\u00e9a\u019fon de micro-entreprises \ncependant certaines r\u00e9\u019fcences et difficult\u00e9s face aux d\u00e9marches administra\u019fves persistent et \ncr\u00e9ent des ruptures de droits. \nObjec\u019ffs  \u2022 Etablir un diagnos\u019fc pr\u00e9cis et rapidement actualisable des besoins d'inser\u019fon professionnelle\net de forma\u019fon des publics u\u019flisant les aires d'accueil permanentes.\n\u2022 Recenser, parmi les disposi\u019ffs d'aide \u00e0 l'inser\u019fon professionnelle et \u00e0 la forma\u019fon, ceux les\nmieux  \u00e0  m\u00eame  de  correspondre  aux  besoins  sp\u00e9cifiques  des  gens  du  voyage,  hommes  et\nfemmes. \n\u2022 Diffuser ce\u01a9e informa\u019fon aupr\u00e8s du public et accompagner les personnes vers l'acc\u00e8s \u00e0 ce\u01a9e\noffre. . \n\uf0b7 Ouverture sur la forma\u019fon et le travail des femmes\nModalit\u00e9 de mise en \n\u0153uvre\n    \u2022 Favoriser la cr\u00e9a\u019fon et l'accompagnement \u00e0 la ges\u019fon des microentreprises : Le passage \npar le biais du statut d'auto-entrepreneur tout en d\u00e9veloppant l'aide et le suivi de leur ges\u019fon \npour \u00e9viter les \u00e9checs \u00e0 moyen terme, inscrit une piste per\u019fnente au regard des pra\u019fques \n(Cr\u00e9a\u019fon de modules de forma\u019fon \u00e0 la ges\u019fon\u2026) ;\n    \u2022 Forma\u019fons aux pra\u019fques de s\u00e9curit\u00e9 dans le cadre de l'ac\u019fvit\u00e9 professionnelle ;\n    \u2022 R\u00e9aliser un diagnos\u019fc quan\u019ffi\u00e9 et territorialis\u00e9 des besoins d'accompagnement profession-\nnel des gens du voyage (fiche contact) ;\n    \u2022 R\u00e9aliser un annuaire des acteurs de l'inser\u019fon professionnelle offrant des services adapt\u00e9s \n\u00e0 ce public, et des disposi\u019ffs mobilisables ;\n    \u2022 Cartographier l'offre IAE au regard des aires d'accueil, sensibiliser les CCAS prescripteurs de \nl'IAE \u00e0 la prise en compte de ces publics ;\n    \u2022 Mener une r\u00e9flexion rela\u019fve aux freins \u00e0 l'acc\u00e8s \u00e0 ce\u01a9e offre.\nPilote de l'ac\u019fon SPE\nPartenaires associ\u00e9s\uf0b7 D\u00e9partement\n\uf0b7 Conseil r\u00e9gional \n\uf0b7 R\u00e9seaux d'accompagnement \u00e0 la cr\u00e9a\u019fon d'entreprise\n\uf0b7 P\u00f4le Emploi, Mission locale\n\uf0b7 Centre de forma\u019fon \n\uf0b7 Acteurs de l'inser\u019fon \n\uf0b7 Associa\u019fon de lu\u01a9e contre l'ille\u01a9risme\nFinancements/\nMoyens mobilis\u00e9s\nDisposi\u019ff RSA (financement de l'accompagnement inser\u019fon)\nDisposi\u019ffs de l'inser\u019fon \nDisposi\u019ffs de l'emploi et de la forma\u019fon\n\u00c9ch\u00e9ancier Dur\u00e9e du sch\u00e9ma\nIndicateurs d'\u00e9valua-\n\u019fon\nNombre d'ac\u019fons sp\u00e9cifiques d\u00e9velopp\u00e9es\nSDAHGV du VAR \u2013 octobre 2024\n60\nDirection d\u00e9partementale des territoires et de la mer du Var - 83-2025-01-20-00012 - ARR\u00caT\u00c9 PR\u00c9FECTORAL DDTM/SHRU n\u00b0 2024-79\napprouvant le sch\u00e9ma d\u00e9partemental d'accueil et d'habitat des gens du voyage du Var 96\nFICHE 2-4-7 : DIAGNOSTIC SANT\u00c9 VISANT AU D\u00c9PLOIEMENT D'ACTIONS DE M\u00c9DIATION SANI-\nTAIRE AUPR\u00c8S DES GENS DU VOYAGE\nConstats / Diagnos\u019fc Les \u00e9tudes publi\u00e9es au niveau na\u019fonal et les \u00e9l\u00e9ments de diagnos\u019fc du Sch\u00e9ma d\u00e9partemental\nme\u01a9ent en \u00e9vidence des probl\u00e9ma\u019fques sp\u00e9cifiques de sant\u00e9 pour les gens du voyage.\nSi diff\u00e9rents acteurs du secteur sanitaire et social interviennent aupr\u00e8s des gens du voyage, cha-\ncun appr\u00e9hende la probl\u00e9ma\u019fque de sant\u00e9 des gens du voyage sous un angle sp\u00e9cifique selon\nson domaine et son cadre d'interven\u019fon. Une connaissance partag\u00e9e des probl\u00e9ma\u019fques et\ndes modes d'interven\u019fon perme\u01a9rait d'am\u00e9liorer et de promouvoir des ac\u019fons mieux cibl\u00e9es,\nplus accessibles et adapt\u00e9es.\nObjec\u019ffs Objec \u019ffs g\u00e9n\u00e9raux\n\uf0b7 Mieux conna\u00eetre les probl\u00e9ma\u019fques de sant\u00e9 des gens du voyage et les besoins en accom-\npagnement et en m\u00e9dia\u019fon\n\uf0b7 Renforcer les ac\u019fons de m\u00e9dia\u019fon sanitaire en direc\u019fon des gens du voyage\nObjec\u019ffs op\u00e9ra\u019fonnels\n\uf0b7 Iden\u019ffier les besoins en sant\u00e9 des publics gens du voyage\n\uf0b7 Iden\u019ffier les ac\u019fons men\u00e9es en direc\u019fon des gens du voyage\n\uf0b7 D\u00e9finir les contours d'un programme de m\u00e9dia\u019fon en sant\u00e9\n\uf0b7 Cons\u019ftuer un parcours effec\u019ff d'acc\u00e8s aux suivis de base\nModalit\u00e9 de mise en \n\u0153uvre\n\uf0b7 Diagnos\u019fc sant\u00e9 en direc\u019fon des gens du voyage\n\uf0b7 Iden\u019ffica\u019fon des besoins d'accompagnement aux soins, de m\u00e9dia\u019fon, de pr\u00e9ven\u019fon, de\nd\u00e9pistage et de vaccina\u019fon\n\uf0b7 D\u00e9fini\u019fon d'un programme d'ac\u019fon\nPilote de l'ac\u019fon /chef \nde file Agence R\u00e9gionale de Sant\u00e9 (ARS)\nPartenaires associ\u00e9s\uf0b7 Conseil D\u00e9partemental\n\uf0b7 Professionnels et structures de sant\u00e9\n\uf0b7 Associa\u019fons\nFinancements/ moyens\nmobilis\u00e9s\nProgramme R\u00e9gional d'Acc\u00e8s \u00e0 la Pr\u00e9ven\u019fon et aux soins 2018- 2023\nProgramme Na\u019fonal de M\u00e9dia\u019fon en Sant\u00e9\n\u00c9ch\u00e9ancier Sur la dur\u00e9e du sch\u00e9ma pour les ac\u019fons \nIndicateurs d'\u00e9valua-\n\u019fon Nombre d'ac\u019fons mises en \u0153uvre\nSDAHGV du VAR \u2013 octobre 2024\n61\nDirection d\u00e9partementale des territoires et de la mer du Var - 83-2025-01-20-00012 - ARR\u00caT\u00c9 PR\u00c9FECTORAL DDTM/SHRU n\u00b0 2024-79\napprouvant le sch\u00e9ma d\u00e9partemental d'accueil et d'habitat des gens du voyage du Var 97\nFICHE 2-4-8 : CONNAISSANCE ET SENSIBILISATION DE L'ENSEMBLE DES INTERVENANTS\nConstats / Diagnos\u019fc Le constat est pos\u00e9 d'une m\u00e9connaissance des modes de vie, des habitus, du cadre culturel de\nr\u00e9f\u00e9rence des gens du voyage tant au niveau des \u00e9lus, des professionnels du secteur adminis-\ntra\u019ff comme du secteur sanitaire et social.\nLes gens du voyage, pour leur part, se sentent vic\u019fmes de pr\u00e9jug\u00e9s n\u00e9ga\u019ffs s'es\u019fmant peu re-\nconnus au sein de la soci\u00e9t\u00e9. Ils ont par ailleurs du mal \u00e0 se faire conna\u00eetre et se valoriser m\u00eame\nlorsqu'ils par\u019fcipent aux \u00e9v\u00e9nements ou r\u00e9unions.\nObjec\u019ffs Objec \u019ffs g\u00e9n\u00e9raux     :  \n\uf0b7 Perme\u01a9re aux diff\u00e9rents acteurs contribuant \u00e0 la mise en \u0153uvre du SDAHGDV de mieux ap-\npr\u00e9hender le cadre culturel mais aussi juridique et administra\u019ff rela\u019ff aux gens du voyage\n\uf0b7 Perme\u01a9re une connaissance et reconnaissance mutuelle des gens du voyage et des interve-\nnants du SDAHGDV\n\uf0b7 Contribuer \u00e0 la valorisa\u019fon de l'Histoire et de la Culture des Voyageurs\nObjec\u019ffs op\u00e9ra\u019fonnels\n\uf0b7 Perme\u01a9re aux professionnels de travailler sur leurs repr\u00e9senta\u019fons des gens du voyage et\nleur faire acc\u00e9der aux cl\u00e9s de compr\u00e9hension du mode de fonc\u019fonnement de ce\u01a9e commu-\nnaut\u00e9 (disposi\u019ff des co-forma\u019fon)\n\uf0b7 Perme\u01a9re l'adapta\u019fon des disposi\u019ffs sociaux d'accompagnement pour faciliter l'inclusion\ndes gens du voyage\nModalit\u00e9 de mise en \n\u0153uvre\n\uf0b7 \u00c9labora\u019fon d'un guide\n\uf0b7 Sessions de forma\u019fon (mise en situa\u019fon d'\u00e9changes avec les Gens du voyage\u2026)\nPilote de l'ac\u019fon /\nchef de file Conseil D\u00e9partemental \nPartenaires associ\u00e9s\u00c9tat, EPCI, associa\u019fons, structures d'accompagnements social g\u00e9rant les disposi\u019ffs sociaux \n(CAF, CPAM..., P\u00f4le Emploi, missions locales, centres sociaux, \u00e9coles de travailleurs sociaux et \nm\u00e9dicaux)\nFinancements/ \nmoyens mobilis\u00e9s\nM\u00e9canisme de la forma\u019fon permanente et professionnelle\nDisposi\u019ffs de lu\u01a9e contre les discrimina\u019fons\n\u00c9ch\u00e9ancier Tout la p\u00e9riode du SDAHGDV\nIndicateurs d'\u00e9valua-\n\u019fon\n\u00c9di\u019fon et diffusion du Guide \nNombre de sessions de forma\u019fon \nNombre d'inscrits aux forma\u019fons\nEffec\u019fvit\u00e9 de l'organisa\u019fon de la manifesta\u019fon culturelle \nSDAHGV du VAR \u2013 octobre 2024\n62\nDirection d\u00e9partementale des territoires et de la mer du Var - 83-2025-01-20-00012 - ARR\u00caT\u00c9 PR\u00c9FECTORAL DDTM/SHRU n\u00b0 2024-79\napprouvant le sch\u00e9ma d\u00e9partemental d'accueil et d'habitat des gens du voyage du Var 98\nANNEXES\nQUESTIONNAIRE SUR LA PRESENCE DES GENS DU VOYAGE DANS LES COMMUNES DU VAR \nSDAHGV du VAR \u2013 octobre 2024\n63\nDirection d\u00e9partementale des territoires et de la mer du Var - 83-2025-01-20-00012 - ARR\u00caT\u00c9 PR\u00c9FECTORAL DDTM/SHRU n\u00b0 2024-79\napprouvant le sch\u00e9ma d\u00e9partemental d'accueil et d'habitat des gens du voyage du Var 99\nAdresse \u00e9lectronique pour renvoi ques\u019fonnaire jusqu'au 30 avril 2020 : roussigne@caths-fr.com\nNom de la commune : \nNom de l'EPCI :\nPASSAGES DE PETITS GROUPES (moins de 50 caravanes) \nDes pe\u019fts groupes ont-ils sta\u019fonn\u00e9 sur le territoire de la commune en dehors des aires d'accueil ?\n (Dans les tableaux qui suivent, vous pouvez quan\u019ffier et qualifier les passages par lieu de sta\u019fonnement sur trois \nann\u00e9es cons\u00e9cu\u019fves)\nEn 2017 En 2018 En 2019\nNON\nOUI\nLieux de sta\u019fonnement et \nstatut (communal, intercom-\nmunal, d\u00e9partemental, pri-\nv\u00e9\u2026)\nNombre de passages\n(\u00e0 pr\u00e9ciser pour chaque lieu)\nNombre de caravanes par \npassage (approxima\u019ff \u2013 \u00e0 \npr\u00e9ciser pour chaque lieu)\nP\u00e9riodes des passages\n(\u00e0 pr\u00e9ciser pour chaque lieu)\nDur\u00e9e des s\u00e9jours\n(\u00e0 pr\u00e9ciser pour chaque lieu)\nSDAHGV du VAR \u2013 octobre 2024\n64\nDirection d\u00e9partementale des territoires et de la mer du Var - 83-2025-01-20-00012 - ARR\u00caT\u00c9 PR\u00c9FECTORAL DDTM/SHRU n\u00b0 2024-79\napprouvant le sch\u00e9ma d\u00e9partemental d'accueil et d'habitat des gens du voyage du Var 100\nCOMMENTAIRES \n(Connaissance et typologie des\nfamilles, raison du passage, \nprobl\u00e8mes rencontr\u00e9s\u2026)\nPASSAGES DE GRANDS GROUPES (plus de 50 caravanes)\nDes grands groupes ont-ils sta\u019fonn\u00e9 sur le territoire de la commune en dehors des aires pr\u00e9vues ?\nEn 2017 En 2018 En 2019\nNON\nOUI\nLieux de sta\u019fonnement et \nstatut (communal, intercom-\nmunal, d\u00e9partemental, pri-\nv\u00e9\u2026)\nNombre de passages\n(\u00e0 pr\u00e9ciser pour chaque lieu)\nNombre de caravanes / \npassage (approxima\u019ff - \u00e0 \npr\u00e9ciser pour chaque lieu)\nP\u00e9riodes des passages\n(\u00e0 pr\u00e9ciser pour chaque lieu)\nSDAHGV du VAR \u2013 octobre 2024\n65\nDirection d\u00e9partementale des territoires et de la mer du Var - 83-2025-01-20-00012 - ARR\u00caT\u00c9 PR\u00c9FECTORAL DDTM/SHRU n\u00b0 2024-79\napprouvant le sch\u00e9ma d\u00e9partemental d'accueil et d'habitat des gens du voyage du Var 101\n Dur\u00e9e des s\u00e9jours\n(\u00e0 pr\u00e9ciser pour chaque lieu)\nCOMMENTAIRES (connais-\nsance et typologie des fa-\nmilles, raison du passage, pro-\nbl\u00e8mes rencontr\u00e9s\u2026)\nSDAHGV du VAR \u2013 octobre 2024\n66\nDirection d\u00e9partementale des territoires et de la mer du Var - 83-2025-01-20-00012 - ARR\u00caT\u00c9 PR\u00c9FECTORAL DDTM/SHRU n\u00b0 2024-79\napprouvant le sch\u00e9ma d\u00e9partemental d'accueil et d'habitat des gens du voyage du Var 102\nFAMILLES SEDENTAIRES RESIDANT A L'ANNEE \nDes familles issues de la communaut\u00e9 des gens du voyage sont-elles s\u00e9dentaris\u00e9es sur le territoire de la commune ?\nOui Non   \nPouvez-vous pr\u00e9ciser pour chaque site sur lequel vivent des familles les informa\u019fons suivantes :  \nLieu \nd'implanta\u019fon\nTypologie du ter-\nrain\n(aire d'accueil,\nhabitat adapt\u00e9,\nterrain priv\u00e9, ter-\nrain communal\u2026)\nDate\nd'installa\u019fon\nStatut \nd'occupa\u019fon\n(locataire,\npropri\u00e9taire,\nsans droit ni \u019ftre)\nZonage\nPLU du \nTerrain\nCondi\u019fons d'habitat et d'occupa\u019fon \nNombre de\nm\u00e9nages et\nde personnes\nAcc\u00e8s EDF, Acc\u00e8s r\u00e9seau eau,\nnombre de caravanes, type et\nnombre de construc\u019fons\u2026\nQuels types de rela\u019fons entre\u019fennent les familles avec le voisinage, la collec\u019fvit\u00e9 et les services communaux ? Des proc\u00e9-\ndures judiciaires sont-elles en cours vis-\u00e0-vis de certaines installa\u019fons ? \nQuelles sont les demandes les plus courantes en termes d'am\u00e9liora\u019fon d'habitat ?\nLa commune a-t-elle engag\u00e9 des d\u00e9marches afin d'accompagner la s\u00e9dentarisa\u019fon et lesquelles (\u00e9tudes, accompagnement \nsocial, \u2026) ?\nINFORMATIONS COMPLEMENTAIRES\nAvez-vous une/des structure(s) de domicilia\u019fon sur le territoire ? Si oui, des personnes issues de la communaut\u00e9 des gens du \nvoyage y sont-elles domicili\u00e9es ? Combien ? \nLes enfants du voyage sont-ils scolaris\u00e9s sur votre territoire ? Combien ?\nAvez-vous connaissance de la mission de coordina\u019fon et de m\u00e9dia\u019fon pour la ges\u019fon des grands passages mise en \u0153uvre \nsur le d\u00e9partement ?\nSDAHGV du VAR \u2013 octobre 2024\n67\nDirection d\u00e9partementale des territoires et de la mer du Var - 83-2025-01-20-00012 - ARR\u00caT\u00c9 PR\u00c9FECTORAL DDTM/SHRU n\u00b0 2024-79\napprouvant le sch\u00e9ma d\u00e9partemental d'accueil et d'habitat des gens du voyage du Var 103\nY avez-vous eu recours ? A quelle(s) occasion(s) ? Souhaitez-vous apporter des \u00e9l\u00e9ments compl\u00e9mentaires ? \nSouhaitez-vous \u00eatre contact\u00e9s par le cabinet d'\u00e9tudes pour aborder certaines probl\u00e9ma\u019fques ? Si oui, merci de pr\u00e9ciser les-\nquelles : \nMerci de bien vouloir renseigner vos coordonn\u00e9es ci-dessous : \nNom de la Collec\u019fvit\u00e9 :\nPersonne r\u00e9f\u00e9rente : \nCoordonn\u00e9es (t\u00e9l\u00e9phone, courriel) : \nSDAHGV du VAR \u2013 octobre 2024\n68\nDirection d\u00e9partementale des territoires et de la mer du Var - 83-2025-01-20-00012 - ARR\u00caT\u00c9 PR\u00c9FECTORAL DDTM/SHRU n\u00b0 2024-79\napprouvant le sch\u00e9ma d\u00e9partemental d'accueil et d'habitat des gens du voyage du Var 104\nCOMMUNE Types d'installa\u019fonR\u00e9gularit\u00e9 sur \nles 3 ann\u00e9es\nLieux Nombre de \npassages par an\nTaille des groupes P\u00e9riodes de \npassage\nDur\u00e9es des \ns\u00e9jours\nCarqueiranne Grands groupes \nD\u00e9grada\u019fons et \nbranchements \nillicites en eau et \n\u00e9lectricit\u00e9\nEn 2017 \net 2018\n2017: chemin du pe\u019ft \nlac et Stade Tassy\n2018: Stade Riquier\n2 passages en 2017 \n1 passage en 2018\n2017: 100 et 50\n2018: 50\nNon pr\u00e9cis\u00e9e 2017 : 3 semaines \npour chaque \ns\u00e9jour\n2018: 15 jours\nHy\u00e8res-les-PalmiersGroupes de moins de \n20 caravanes \u00e0 \npar\u019fr du printemps\nGrands groupes en \np\u00e9riode es\u019fvale\nProbl\u00e8mes pos\u00e9s par \nles sta\u019fonnements: \nvols d'\u00e9nergie, \nd\u00e9grada\u019fon, plainte \ndes riverains, \ninqui\u00e9tude de la \npopula\u019fon\nPe\u019fts groupes: en  \n2017 et 2018\nGrands groupes: \nsur les 3 ann\u00e9es\nPe\u019fts passages: \nparking ancien \nmagasin Weldom, \nAvenue de la Victoire, \nBoulevard Front de \nmer, All\u00e9es des gr\u00e8s \nroses, 601 Route des \nmarais, Avenue de  \nLatre de Tassigny, \nChemin de la demi \nlune\nGrands passages: 161 \nTraverse des m\u00fbriers, \n1800 Route de \nPierrefeu, chemin de \nl'Aufr\u00e8ne\nPe\u019fts groupes: 5 \npassages en 2017 \ndont 2 du m\u00eame \ngroupe, 2 passages \nen 2018\nGrands groupes: 1 \npassage par an \nPe\u019fts groupes: 5 \u00e0 \n13 caravanes\nGrands groupes: 51 \net 52 caravanes en \n2017 et 2018, 78 \ncaravanes en 2019\nPe\u019fts groupes: de \nmai \u00e0 septembre (1 \nseul passage en \nf\u00e9vrier)\nGrands groupes: \njuin et juillet\nPe\u019fts groupes: \nquelques jours, \nune semaine \u00e0 une \ndizaine de jours (1 \nseul passage de 40 \njours)\nLa Garde Groupes de moins de \n10 caravanes qui ne \npeuvent pas \ns'installer sur l'aire \nd'accueil de la \nChaberte (peu de \nturn over)\nPassage de grands \ngroupes peu \nfr\u00e9quents\nPe\u019fts groupes sur \nles 3 ann\u00e9es\nUn grand groupe \nen 2019 \nTerrains priv\u00e9s, \ncommunaux ou \nM\u00e9tropole TPM, Etat\nUne dizaine de sites \nfr\u00e9quent\u00e9s dont \ncertains r\u00e9currents: \nChemin des \nPlantades, Rue \nRobespierre\n2017: 5 passages\n2018: 3 passages\n2019: 10 passages \nde pe\u019fts groupes et \nun passage de grand \ngroupe\nPe\u019fts groupes: 4 \u00e0 8 \ncaravanes\nGrand groupe: 57 \ncaravanes\nPe\u019fts passages: \nToute l'ann\u00e9e\nGrand passage \njuillet\nEn g\u00e9n\u00e9ral 1 \nsemaine\nLa Seyne-sur-Mer2 pe\u019fts passages et \nun grand passage\nPe\u019fts passages: \n2017 et 2019\nGrand passage: \n2019\nPe\u019fts passages: \nParking Crouton \n(terrain communal) et \nancien coll\u00e8ge Henri \nWallon\nGrand passage: stade \nLery\nPe\u019fts passages:1 \nGrand passage: 1\nPe\u019fts passages: 1 \u00e0 \n7 caravanes\nGrand passage: 95 \ncaravanes\npe\u019fts passages: \navril et septembre\nGrand passage \njuillet\nPe\u019fts passages: \nnon renseign\u00e9\nGrands passages: \n1 semaine\nOllioules Passages de pe\u019fts \ngroupes\nEngagement d'une \nproc\u00e9dure \nd'expulsion \u00e0 \nchaque passage \navec abou\u019fssement\nChaque ann\u00e9e Parkings priv\u00e9s \n(Carrefour, \nCapellane)\nParking comunal \n(Ortendes)\nParking public \n(Chateauvallon)\nTerrains priv\u00e9s\n3 \u00e0 4 passages 2017: 14, 9 et 21 \ncaravanes\n2018: 16, 12 et 30\n2019: 6, 2 et 12 \ncaravanes\n2017 Mars, juin et \nnovembre\n2018: Mai, ao\u00fbt, \nseptembre\n2019:  f\u00e9vrier, \njuillet et novembre \n(2 passages)\n2017 : 10 \u00e0 15 \njours\n2018: 15 jours\n2019: 3 jours \u00e0 1 \nmois\nLe Muy Passages ponctuels \nde grands groupes et \nde pe\u019fts groupes\nPe\u019fts groupes: \nchaque ann\u00e9e\nGrands groupes : \n2017\nParkings communaux  \n: Andrieu et parking \ndu Bac\nterrain priv\u00e9 \nBoulevard de la \nLib\u00e9ra\u019fon\nSDIS\nAbords du lyc\u00e9e Val \nd'Argens\nPe\u019fts groupes: 8 \npassages en 2017, 2 \npassages en 2018 et \n3 passages en 2019\nGrands groupes: 1 \npassage\nPe\u019fts groupes: de 4 \n\u00e0 39 caravanes avec \nune moyenne d'une \nquinzaine\nGrand groupe: \nenviron 70 \ncaravanes\nF\u00e9vrier, mars, mai, \njuin, juillet, ao\u00fbt\nGrand groupes: \njuillet\nPe\u019fts groupes: en \nmoyenne une \nsemaine sauf en \n2019 o\u00f9 un groupe \nest rest\u00e9 un mois\nREVISION DU SDAHGV DU VAR -    Mars 2021         Synth\u00e8se des r\u00e9ponses des communes au questionnaire / Stationnement illicites de petits \ngroupes et grands groupes de caravanes\n                                               METROPOLE TOULON-PROVENCE-MEDITERRANEE                                                                                  \nDRACENIE PROVENCE VERDON AGGLOMERATION\nSDAHGV du VAR \u2013 octobre 2024\n69\nDirection d\u00e9partementale des territoires et de la mer du Var - 83-2025-01-20-00012 - ARR\u00caT\u00c9 PR\u00c9FECTORAL DDTM/SHRU n\u00b0 2024-79\napprouvant le sch\u00e9ma d\u00e9partemental d'accueil et d'habitat des gens du voyage du Var 105\nCOMMUNE Types d'installa\u019fonR\u00e9gularit\u00e9 sur \nles 3 ann\u00e9es\nLieux Nombre de \npassages par an\nTaille des groupes P\u00e9riodes de \npassage\nDur\u00e9es des \ns\u00e9jours\nLa Cadi\u00e8re d'AzurPassage ponctuel \nd'un grand groupe\n2018 Terrain priv\u00e9 1 passage 250 \u00e0 300 \ncaravanes\nJuillet 3 semaines\nLe Beausset  Des arr\u00eats de longue \ndur\u00e9e chaque ann\u00e9e \nd'un pe\u019ft groupe \navec vol de fluides\nPassage de grands \ngoupes une fois par \nan avec vols de \nfluides et un \naccident corporel \ngrave d'un \nadministr\u00e9 suite \u00e0 \nune alterca\u019fon \ngrave\nPe\u019fts groupes: sur \nles 3 ann\u00e9es\nGrands groupes: \n2017 et 2019\nPe\u019fts groupes: \nterrains priv\u00e9s \nQuar\u019fer Pignet (1 \nfois) et Quar\u019fer La \nVisite (chaque ann\u00e9e)\nGrands goupes: \npropri\u00e9t\u00e9s priv\u00e9es \nChemin Sainte Brigi\u01a9e \net Chemin La Reppe\nPe\u019fts groupes: 2 \npassages chaque \nann\u00e9e d'un m\u00eame \ngroupe et 1 groupe \nsuppl\u00e9mentaire en \n2017\nGrands goupe: 1 \npassage \nPe\u019fts groupes: 5 \u00e0 8 \ncaravanes\nGrands groupes: \n100 et 150 \ncaravanes\nPe\u019fts groupes: \ns\u00e9jour d'un groupe \nchaque ann\u00e9e en \nf\u00e9vrier/mars et en \noctobre/novembre. \nUn passage \noccasionnel en \nao\u00fbt\nPe\u019fts groupes: les \ns\u00e9jours du groupe \nqui vient \nr\u00e9guli\u00e8rement sur \nla commues durent \n2 mois \u00e0 chaque \nfois.\nLe s\u00e9jour du \ngroupe \noccasionnel (2018) \na dur\u00e9 une \nsemaine\nGrands groupes: 3 \n\u00e0 4 semaines\nLe Castellet Passages annuels de \npe\u019fts groupes\nChaque ann\u00e9e Parking coll\u00e8ge et \n\u00e9coles Plan du \nCastellet\n3 \u00e0 4 passages 5 \u00e0 30 caravanes Vacances scolaires Environ 15 jours\nFr\u00e9jus Passages \noccasionnels dont \nun sur la propri\u00e9t\u00e9 \nd'un repr\u00e9sentant de \nla communaut\u00e9 des \nGDV\nPe\u019fts groupes: \n2017 et 2018\nGrands groupes: \n2019\nPe\u019fts groupes: \nChemin des \u00e9tangs \n(priv\u00e9), Arche \nS\u00e9n\u00e9quier, quar\u019fer \nSaint Jean de Cannes \n(terrain d'un priv\u00e9 \nGDV)\nGrands groupes: 2 \nterrains priv\u00e9s \nchemin des Vern\u00e8des\nPe\u019fts groupes : 1 \u00e0 2 \npassages \ngrands groupes: 2 \npassages\nPe\u019fts groupes: 4, 15 \net 50 caravanes\nGrands groupes: 58 \net 200 caravanes\nPe\u019fts groupes: \nf\u00e9vrier, juin et \njuillet\nGrands groupes: \njuin\nPe\u019fts groupes: 10 \njours \u00e0 2 mois\nGrands groupes: 1 \nsemaine \u00e0 15 jours\nPuget-sur ArgensPassages annuels de \npe\u019fts groupes en \nprovenance des \nd\u00e9partements 45-18 \net 69. Au mois de \nmai se rendent aux \nSaintes-Maries-de-la-\nMer\nPassages ponctuels \net de grands groupes \nPe\u019fts groupes sur \nles 3 ann\u00e9es\nGrands groupes en \n2018 et 2019\nPe\u019fts groupes: \nterrain communal rue \nAudemard , terrain \npriv\u00e9 d'une SARL\nGrands groupes : \ndomaine des \nVern\u00e8des\nPe\u019fts groupes: 1 \u00e0 4 \npassages par an\nGrands groupe: 1 \npassage en 2018 et 1 \npassage en 2019\nPe\u019fts groupes: 14 \u00e0 \n27 caravanes\nGrands groupes: \n180 caravanes en \n2018 et 217 \ncarvanes en 2019\nPe\u019fts groupes: \nmars, mai, juillet, \nao\u00fbt\nGrands groupes : \njuin\nPe\u019fts groupes: 2 \u00e0 \n3 semaines\ngrands groupes : 2 \n\u00e0 3 semaines\nRoquebrune-sur-ArgenPassages r\u00e9guliers \nsurtout en p\u00e9riode \nes\u019fvale\nGrands groupes sur \nterrains priv\u00e9s avec \nconven\u019fon \u00e9tablie \navec les \npropri\u00e9taires; \nrecours \u00e0 la mission \nde coordina\u019fon et \nde m\u00e9dia\u019fon par \nl'interm\u00e9diaire de la \nCAVEM\nPe\u019fts groupes sur \nles 3 ann\u00e9es avec \nun pic en 2017\nGrands groupes: \nen 2017 et 2019\nPe\u019fts groupes: une \ndizaine de terrains \ndiff\u00e9rents \nGrands groupes: \nparcelles priv\u00e9es \nchemin du Ressard et \nQuar\u019fer Les \nCamelines, RD 7 \nquar\u019fer les Tourres\nPe\u019fts groupes: 2 \u00e0 \n10 passages\nGrands groupes: 1 \u00e0 \n2 passages\nPe\u019fts groupes: \nmoins de 10 \ncaravanes en \nmoyenne sauf en \n2019 avec 2 \ngroupes de 20 \u00e0 40 \ncaravanes\nGrands groupes: \n100 et 15 caravanes\nPe\u019fts groupes: de \nf\u00e9vrier \u00e0 novembre \navec un nombre \nplus important au \nprintemps et en \u00e9t\u00e9\nGrands groupes: \njuin et juillet\nPe\u019fts groupes: \ns\u00e9jours courts de 1 \n\u00e0 \u00e0 20 jours \nmaximum\nGrands groupes: 1 \n\u00e0 2 semaines\nGassin Passages r\u00e9guliers \nde pe\u019fts groupes \navec branchements \nilliciites, d\u00e9tritus et \nd\u00e9grada\u019fons des \nterrains, incidents et \nincivilit\u00e9s.\nGrands groupes avec \nd\u00e9p\u00f4t de plainte et \narr\u00eat\u00e9 pr\u00e9fectoral de \nmise en demeure en \n2017 \nPe\u019fts groupes: sur \nles 3 ann\u00e9es\nGrands groupes: \n2017 et 2018\nPe\u019fts groupes: \nparking priv\u00e9 coll\u00e8ge \nVictor Hugo, parking \nsupermarch\u00e9 G\u00e9ant \nCasino\nGrands groupes: \nterrains priv\u00e9s\nPe\u019fts groupes: 1 \npassage par an sur \nle parking du coll\u00e8ge \net passages \nr\u00e9guliers toute \nl'ann\u00e9e sur le \nparking du \nsupermarch\u00e9\nGrands groupes: 2 \npssages en 2017 et 1 \nen 2018\nPe\u019fts groupes: de \n10 \u00e0 45\nGrands goupes: 100, \n300 et 463\nPe\u019fts groupes: en \njuillet sur le \nparking du coll\u00e8ge \net toute l'ann\u00e9e sur \nle parking du \nsupermarch\u00e9\nGrands groupes: \nmai et juin\n 2 \u00e0 3 semaines\nCOMMUNAUTE D'AGGLOMERATION SUD SAINTE BAUME\nCOMMUNAUTE D'AGGLOMERATION VAR ESTEREL MEDITERRANEE (CAVEM)\nCOMMUNAUTE DE COMMUNES DU GOLFE DE SAINT TROPEZ\nSDAHGV du VAR \u2013 octobre 2024\n70\nDirection d\u00e9partementale des territoires et de la mer du Var - 83-2025-01-20-00012 - ARR\u00caT\u00c9 PR\u00c9FECTORAL DDTM/SHRU n\u00b0 2024-79\napprouvant le sch\u00e9ma d\u00e9partemental d'accueil et d'habitat des gens du voyage du Var 106\nCOMMUNE Types d'installa\u019fonR\u00e9gularit\u00e9 sur \nles 3 ann\u00e9es\nLieux Nombre de \npassages par an\nTaille des groupes P\u00e9riodes de \npassage\nDur\u00e9es des \ns\u00e9jours\nGrimaud Passages de pe\u019fts \ngroupes en p\u00e9riode \nes\u019fvale\nChaque ann\u00e9e Terrain quar\u019fer Saint \nPierre\nTerrain Avenue du \nPeyrat\nTerrrain Algo-P ulo \n'Dovero'\nTerrain de Saint Pons \n(communal) \n2017: 6 passages\n2018: 2 passages\n2019: 5 passages\n 10 \u00e0 15 caravanes  De mai \u00e0 ao\u00fbt 15 jours\nLa Mole Passages \noccasionnels de \npe\u019fts et grands \ngroupes\nD\u00e9chets, pollu\u019fon \nde site remarquable \net de la rivi\u00e8re, \nd\u00e9grada\u019fons, \nnuisances sonores, \nincivilit\u00e9s.\nPr\u00e9sence annuelle \nd'un grand groupe \nde caravanes sur un \nterrain priv\u00e9 durant \ntoute la p\u00e9riode \nes\u019fvale \nPe\u019ft groupe en \n2018\nGrands groupes en \n2017 et 2019\nPe\u019ft groupe: parking \nExup\u00e9ry (terrain \ncommunal)\nGrands groupes: \nterrain Touyon et Zac \nSaint Exup\u00e9ry\n1 seul passage \nchaque ann\u00e9e \nconcern\u00e9e\nPe\u019ft groupe: \nenviron 30 \ncaravanes\nGrands groupes: \nplus de 100 \ncaravanes en 2017 \net environ 150 \ncaravanes en 2019\nPe\u019ft groupe: en \njuillet\nGrands groupes: en \njuin\n15 \u00e0 20 jours\nSainte-Maxime Pe\u019fts groupes\nPassage r\u00e9gulier sur \nun parking affect\u00e9 \u00e0 \nl'accueil avec \nsanitaires et point \nd'eau\nDiffi cult\u00e9 \u00e0 faire \nrespecter le d\u00e9lai \nautoris\u00e9 de 15 jours \nPassages r\u00e9guliers \nsur les 3 ann\u00e9es\nParking les Bosque\u01a9es18 passages : 2 par \nmois de janvier \u00e0 \nseptembre\n 4 \u00e0 15 caravanesDe janvier \u00e0 septem15 jours selon la \nconven\u019fon\nR\u00e9gusse Passage occasionnel\nArr\u00eat\u00e9 pr\u00e9fectoral, \nmise en demeure de \nqui\u01a9er les lieux\n2017 Parking du stade 1 passage 7 caravanes Juillet\nBormes-les-MimosasPassages \noccasionnels de \npe\u019fts groupes\nSur les 3 ann\u00e9es2017: parking \nsupermarch\u00e9 casino\n2018: parking \ngymnase Pierre \nQuinon\n2019: espace vert \ncommunal avenue \ndes Ligures\n2017 : 2 passages\n2018 et 2019 : 1 \npassage par an\n2017: 30 caravanes\n2018: 10 caravanes\n2019: 4 caravanes\n2017 et 2018: \nf\u00e9vrier\n2019: ao\u00fbt\n2017: 10 jours\n208 et 2019 : 1 \njour\nLa Londe-les-MauresPassage occasionnel \nd'un grand groupe\n2019 Terrain priv\u00e9 1 passage 60 caravanes Juillet 8 jours\nLe Lavandou Passage annuel d'un \ngroupe \nSta\u019fonnement \naccord\u00e9 par le maire\nChaque ann\u00e9e Parking communal \nFr\u00e9d\u00e9ric Mistral\n1 passage 30 caravanes Entre le 15 janvier \net 15 f\u00e9vrier\n15 jours \nBrignoles Passage ponctuel \nd'un grand   groupe\n2019 Terrain priv\u00e9 Chemin \ndu Vabre\n1 passage 50 caravanes Juin 1 semaine\nCorrens Passage occasionnel 2017 Terrain de foot \ncommunal\n1 passage 15 caravanes Non renseign\u00e9 20 jours\nMon\u019eort-sur-ArgensPassage occasionnel\nGroupe de r\u00e9gion \nparisienne\n2017 Stade communal 1 passage 15 caravanes D\u00e9but ao\u00fbt 5 jours\nSaint-Maximin Passages ponctuels \nde pe\u019fts groupes en \ntransit et d'un grand \ngroupe\n2017 et 2019 Stade, Avenue P\u00e8re \nLarange \nZone d'ac\u019fvit\u00e9 La \nLaouve\n2017: 3 passages\n2018: 1 passage\nGrand groupe: 2019\n2017: 19 \u00e0 37 \ncaravanes\n2019: 6 caravanes\nGrand groupe: 100 \ncaravanes\n2019: f\u00e9vrier, mai \net juin\n2019: F\u00e9vrier\nGrand groupe : \njuillet\n2017: 15 jours\nGrand groupe: 7 \njours\nCOMMUNAUTE DE COMMUNES LACS ET GORGES DU VERDON\nCOMMUNAUTE DE COMMUNES MEDITERRANEE PORTE DES MAURES\nCOMMUNAUTE D'AGGLOMERATION PROVENCE VERTE\nSDAHGV du VAR \u2013 octobre 2024\n71\nDirection d\u00e9partementale des territoires et de la mer du Var - 83-2025-01-20-00012 - ARR\u00caT\u00c9 PR\u00c9FECTORAL DDTM/SHRU n\u00b0 2024-79\napprouvant le sch\u00e9ma d\u00e9partemental d'accueil et d'habitat des gens du voyage du Var 107\nCOMMUNE Types d'installa\u019fonR\u00e9gularit\u00e9 sur \nles 3 ann\u00e9es\nLieux Nombre de \npassages par an\nTaille des groupes P\u00e9riodes de \npassage\nDur\u00e9es des \ns\u00e9jours\nMontauroux Passages ponctuels \nde pe\u019fts groupes et \ngrands groupes\nLes grands groupes \nsont des missions \n\u00e9vang\u00e9liques qui \nd\u00e9gradent les sites \navec impact sur les \nterres agricoles et \ng\u00e9n\u00e8rent une \nprobl\u00e9ma\u019fque de \nges\u019fon des d\u00e9chets.  \nEn 2019, les \nagriculteurs ont \nform\u00e9 un collec\u019ff \nqui a manifest\u00e9 et \nbloqu\u00e9 les acc\u00e8s\nPe\u019fts groupes: les \n3 ann\u00e9es\nGrands groupes: \n2017 et 2019\nPe\u019fts groupes: \nterrain communal\ngrands groupes : \nterrains priv\u00e9s \nagricoles\nPe\u019fts groupes: 1 \npassage par an\nGrands groupe: 1 \npassage sur chaque \nann\u00e9e\nPe\u019fts groupes: 30 \ncaravanes\nGrands groupes : \n100 et 150\nPe\u019fts groupes: \nmars\nGrand groupe: juin \net juillet\nPe\u019fts groupes: 15 \njours\nGrands groupes: \n15 jours\nSDAHGV du VAR \u2013 octobre 2024\n72\nDirection d\u00e9partementale des territoires et de la mer du Var - 83-2025-01-20-00012 - ARR\u00caT\u00c9 PR\u00c9FECTORAL DDTM/SHRU n\u00b0 2024-79\napprouvant le sch\u00e9ma d\u00e9partemental d'accueil et d'habitat des gens du voyage du Var 108\nREVISION DU SDAHGV DU VAR -    Mars 2021         Synth\u00e8se des r\u00e9ponses des communes au ques\u019fonnaire / Ancrage territorial\nCOMMUNE Types d'installa \u019fonLieux Anciennet\u00e9 \ninstalla\u019fon\nStatut \nd'occupa\u019fon \nNombre de \npersonnes et \nde m\u00e9nages\nCondi\u019fons d'habitat Remarques Domicilia\u019fon Scolarisa\u019fon\nHy\u00e8res-les-PalmiersS\u00e9dentarisa\u019fon \nsur terrain \ncommunal et \nterrains priv\u00e9s\n1) Terrain communal \nsitu\u00e9 Route des \nmarais\n2)1 terrain \ncommunal et priv\u00e9 \nsitu\u00e9 Chemin du plan \ndu pont\n3) 1 terrain priv\u00e9 \nsitu\u00e9 Route des vieux \nsalins\n4) 1 terrain priv\u00e9 \nsitu\u00e9 Route de Nice\n5) 1 terrain situ\u00e9 \nchemin du ceinturon\nInconnu Inconnu Inconnu 1)  En zone urbaine \nrela\u019fve au \nsta\u019fonnement des \ngens du voyage  \n(Uggv), 1 \ntransformateur \n\u00e9lectrique HBTA\n2) En zone agricole\n3) En zone  naturelle \net zone urbaine \nd'\u00e9quipement\n4) et 5) En zone \nagricole\nProc\u00e9dures \nd'urbanisme en \ncours\nPas de demandes \nen am\u00e9liora\u019fon de \nl'habitat\nCCAS\nNombre de GDV \nnon connu\nScolarisa\u019fon des \nenfants \ns\u00e9dentaires\nLa Garde S\u00e9dentarisa\u019fon \nsur terrains priv\u00e9s \navec conten\u019feux \nd'urbanisme\nTerrains priv\u00e9s: \n1) 455 Chemin \nd'Astouret\n2) Chemin du \nN\u00e9oulier\n3) Chemin Teyssier\n4) 854 Chemin \nd'Astouret\n1) Sup\u00e9rieur \n\u00e0 30 ans\n2)  et 4) \nDepuis 2015\n3) Inconnue\nPropri\u00e9taires1) 15 m\u00e9nages\n2) 3 m\u00e9nages\n3) Environ 50 \npersonnes\n4) Inconnu\n1) En zone rouge du \nPPR, acc\u00e8s eau et \nEDF, plusieurs \ndizaines de \ncaravanes et \nhabita\u019fons l\u00e9g\u00e8res\n2) En zone rouge du \nPPR, acc\u00e8s eau et \nEDF\n3) En zone rouge du \nPPR, acc\u00e8s eau et \nEDF, environ 10 \ncaravanes\n4) En zone agricole, \n8 caravanes\nPlaintes du \nvoisinage dues \naux installa\u019fons \nini\u019falement  sans \ndroit ni \u019ftre; \nmauvais rapport \navec la police \nmunicipale et le \nservice urbanisme; \nplusieurs \nproc\u00e9dures \nengag\u00e9es avec \nplusieurs \nclassements pour \ncause de \nprescrip\u019fon\ninstalla\u019fons et \nam\u00e9nagements qui \nne correspondent \npas aux r\u00e9gles; 38 \n\u00e9vacua\u019fons par \nembarca\u019fon ont \neu lieu en 2010; \naucune \nam\u00e9liora\u019fon ou \nr\u00e9gula\u019fsa\u019fon \npossible en raison \ndu caract\u00e8re \ninondable \nPas de structure \nde domicilia\u019fon\nDomicilia\u019fon \nsur les terrains\n15 enfants\nLe Beausset  Des terrains \npriv\u00e9s occup\u00e9s \navec des \nconten\u019feux\n5 terrains priv\u00e9s:\n1) Chemin de \nBourn\u00e9ou\n2)Chemin Croix de \nBarry\n3) Chemin des \nVallons\n4) Chemin des \nVautes\n5) Chemin de la \nRappe\n1) 2017\n2)2014\n3) 2018\n4)2010\n5) Inconnu\nPropri\u00e9tairesInconnu 1) Zone agricole, 6 \ncaravanes et 2 \nconstruc\u019fons\n2) Zone agricole, 1 \nconstruc\u019fon/sanit\naires, acc\u00e8s eau \npotable, passage \n1 fois par an au \nmois d'ao\u00fbt\n3) En zone \nagricole, 1 abri en \nbois, acc\u00e8s \u00e0 l'eau \npotable et \n\u00e9lectricit\u00e9\n4) Zone nautrelle, \nmobil home, \nacc\u00e8s \u00e0 \nl'\u00e9lectricit\u00e9\n5) Zone agricole, \ncaravanes, acc\u00e8s \u00e0 \nl'eau potable\nConten\u019feux \nd'urbanisme en \ncours chemin de \nBourn\u00e9ou et des \nVallon\nConten\u019feux \nclass\u00e9s chemin \nde la Reppe et \ndes Vautes\nDes demandes \nde branchement \naux r\u00e9seaux \nd'eau et \nd'\u00e9lectricit\u00e9\nPuget-sur Argens S\u00e9dentarisa\u019fon \nimportante sur \nl'ancienne aire \nd'accueil et sur \ndes terrains priv\u00e9s \nnon construc\u019fbles\n1) Aire d'accueil \nChemin des \nWagonets \n2) Chemin des \nWagonets et chemin \nCarr\u00e9ou\n3) Chemin des \nVern\u00e8des \n4) Chemin Clavier\n1) Sans droit \nni \u019ftre\n2, 3) et 4) \nPropri\u00e9taires \n1) Une dizaine \nde m\u00e9nages\n2) Au moins 30 \nparcelles\n3) 24 parcelles \n4) 5 parcelles\nTerrains situ\u00e9s en \nzone A et N du PLU et \nen zone inondable \npour certains\n112 enfants \nscolaris\u00e9s\n                                               METROPOLE TOULON-PROVENCE-MEDITERRANEE                                                     \nCOMMUNAUTE D'AGGLOMERATION VAR ESTEREL MEDITERRANEE (CAVEM)\nSDAHGV du VAR \u2013 octobre 2024\n73\nDirection d\u00e9partementale des territoires et de la mer du Var - 83-2025-01-20-00012 - ARR\u00caT\u00c9 PR\u00c9FECTORAL DDTM/SHRU n\u00b0 2024-79\napprouvant le sch\u00e9ma d\u00e9partemental d'accueil et d'habitat des gens du voyage du Var 109\nRoquebrune-sur-Argen\nInstalla\u019fons \npermanentes avec \nproc\u00e9dures \nd'urbanisme en \ncours\n1) Quar\u019fer Palayson, \nparcelle communale\n2) Barbossi\n3)Les Planets\n4) Pas de Piche\n1) 2012 1) Sans droit \nni \u019ftre\n2), 3) et 4): \npropri\u00e9taires \net locataires\n1), 2) et 4) : au \nmoins une \ndizaine de \nfamilles par \nterrain\n3) 5 familles\nTerrains en zone \nRNU \n1) 20 caravanes,  \nmobilhomes, acc\u00e8s \neau et EDF\n2) 26 caravanes, 8 \nmobilhomes, 2 \nmaisons, 2 chalets, \nacc\u00e8s eau et EDF\n3) 2 chalets, 2 \nmobilhomes, acc\u00e8s \neau et EDF\n4) 15 caravanes, 1 \nchalet, acc\u00e8s eau et \nEDF\nProc\u00e9dures \nd'urbanisme en \ncours\nOui mais nombre \ninconnu\nGrimaud Une vingtaine de \nparcelles en zone \nnon construc\u019fble\n1) Quar\u019fer de la Rine\n2) Quar\u019fer Val de \nGilly\n3) Quar\u019fer de la \nVaule\n4) Quar\u019fer Aigo-Pulo\n5) Quar\u019fer Bardasse\n6) Quar\u019fer des \nVignaux\n7) Quar\u019fer des \nBlaqui\u00e8res\n8) Chemin des Ajust\nNon rensign\u00e9 Propri\u00e9taires\nSans droit ni \n\u019ftre sur une \nparcelle \nsitu\u00e9e \nquar\u019fer \nBardasse\n1) 7 parcelles\n2) 1 parcelle\n3) 1 parcelle\n4) 3 parcelles\n5) 2 parcelles\n6) 1 parcelle\n7) 1 parcelle\n8) 3 parcelles\n1) Zone A, acc\u00e8s \neau/EDF, HLL, \nconstruc\u019fons et \ncaravanes\n2) Zone A,  acc\u00e8s \neau/EDF, HLL, \nconstruc\u019fons\n3) Zone N, acc\u00e8s \neau: EDF, HLL et \ncaravanes\n4) Zone acc\u00e8s \neau/EDF, HLL et \ncaravanes\n5) Zone N, acc\u00e8s \neau/EDF, HLL, \nconstruc\u019fon et \ncaravanes\n6) Zone A, acc\u00e8s \neau/EDF, HLL et \ncaravanes\n7) Zone N, acc\u00e8s \neau/EDF, HLL et \ncaravanes\n8) Zone A,  acc\u00e8s \neau/EDF, HLL, \nconstruc\u019fons et \ncaravanes\n12 enfants \nscolaris\u00e9s en \n2019 -2020\nBormes-les-MimosasUne installa\u019fon \npermanente sur \nterrain communal\n 2018 Sans droit ni \n\u019ftre\n5 m\u00e9nages, \nenviron 20 \npersonnes\nEn zone Udb\nAcc\u00e8s eau et EDF\nPas de demandes ni \nde d\u00e9marches en \ncours\nPlus d'enfants \nscolaris\u00e9s depuis \nla rentr\u00e9e 2019\nCuers S\u00e9dentarisa\u019fon \nsur terrains priv\u00e9s \nnon construc\u019fbles\n1) Chemin des Vignes\n2) Chemin de la \nGlavine\n3) Quar\u019fer Saint \nJean\nNon renseign\u00e9Propri\u00e9taires 1) 4 adultes et \n3 enfants\n2) Plusieurs \nfamilles\n3) Plusieurs \nfamilles\nAcc\u00e8s eau, EDF, \nalg\u00e9cos\nPas de demandes \nli\u00e9es \u00e0 l'habitat ni \nde proc\u00e9dures\nCertaines \npersonnes \ns'adressent au \nCCAS pour \nl'a\u01a9ribu\u019fon des \npresta\u019fons RSA\nPeu d'enfants du \nvoyage scolaris\u00e9s \nsur la commune. \nNombre exact non \nconnu\nCOMMUNAUTE DE COMMUNES DU GOLFE DE SAINT TROPEZ\nCOMMUNAUTE DE COMMUNES MEDITERRANEE PORTE DES MAURES\nSDAHGV du VAR \u2013 octobre 2024\n74\nDirection d\u00e9partementale des territoires et de la mer du Var - 83-2025-01-20-00012 - ARR\u00caT\u00c9 PR\u00c9FECTORAL DDTM/SHRU n\u00b0 2024-79\napprouvant le sch\u00e9ma d\u00e9partemental d'accueil et d'habitat des gens du voyage du Var 110\nREVISION DU SDAHGV 2012- 2018\nRECENSEMENT DES DEMANDES ET DES PASSAGES EFFECTIFS DE GROUPES DE PLUS DE 50 CARAVANES DURANT LES AN-\nNEES 2017, 2018 ET 2019\n2017  Communes Demandes R\u00e9serva\u019fons AGP Licites AGP IllicitesPassages\nHors AGP\nToulon\n1\u00e8re couronne\nToulon 6     \nHy\u00e8res 3    1\nCarqueiranne 0 0 0 0 2\nLa Crau 3 5 6 2  \nLa Garde 1     \nLe Pradet 1     \nLa Seyne 2     \nToulon\n1\u00e8re couronne  16 5 6 2 3\n le Beausset 3    1\nToulon \n2\u00e8me couronne Ouest\n \n3 0 0 0 1\nToulon\n 2\u00e8me couronne Est\nLa Londe 2     \nle Lavandou 2     \nToulon \n2\u00e8me couronne Ouest 4 0 0 0 0\nFr\u00e9jus-Saint Rapha\u00ebl\nFr\u00e9jus 3 5 4   \nPuget/Argens 2     \nRoquebrunne 2    1\nSaint-Rapha\u00ebl 1     \nFr\u00e9jus-Saint Rapha\u00ebl 8 5 4 0 1\nGolfe de Saint-Tropez\nSaint-Tropez 4     \nCavalaire 1     \nCogolin 3 4 1 1 2\nGassin 1    2\nGrimaud 3     \nLa Croix-Valmer 1     \nLa Mole 1    1\nRamatuelle 1     \nSainte -Maxime 1     \nGolfe de Saint-Tropez 16 4 1 1 5\nAire dracennoiseDraguignan 1     \nLe Muy 1    1\n Vidauban  2 1 1  \nAire dracennoise 2 2 1 1 1\nProvence Verte Saint-Maximin 1     \nProvence Verte  1 0 0 0 0\nTotal  50 16 12 4 11\nSDAHGV du VAR \u2013 octobre 2024\n75\nDirection d\u00e9partementale des territoires et de la mer du Var - 83-2025-01-20-00012 - ARR\u00caT\u00c9 PR\u00c9FECTORAL DDTM/SHRU n\u00b0 2024-79\napprouvant le sch\u00e9ma d\u00e9partemental d'accueil et d'habitat des gens du voyage du Var 111\n@ Nombre de demandes@ Nombre de passages effectifs sur AGP@ Nombre de passages non autoris\u00e9s sur AGPCT EN Nombre de passages non autoris\u00e9s hors AGP\n16 3 4 8 16 2\n1\n505 5\n4\n2\n16\n6\n4 1\n1\n12\n2\n1\n4\n3\n1\n1\n5\n11\nDemandes et passages effec\u019ffs de grands groupes en 2017 par secteur g\u00e9ographique\nDemandes R\u00e9serva \u019fons AGP Licites AGP  Illicites Passages Hors AGP\nSDAHGV du VAR \u2013 octobre 2024\n76\nDirection d\u00e9partementale des territoires et de la mer du Var - 83-2025-01-20-00012 - ARR\u00caT\u00c9 PR\u00c9FECTORAL DDTM/SHRU n\u00b0 2024-79\napprouvant le sch\u00e9ma d\u00e9partemental d'accueil et d'habitat des gens du voyage du Var 112\n2018 Communes Demandes R\u00e9serva \u019fons\nPassages \nsur AGP Passages\nHors AGPLicites  Illicites\nToulon\n1\u00e8re couronne\nToulon 2     \nHy\u00e8res 3    1\nCarqueiranne     1\nLa Crau  5 7   \nSous-total  5 5 7 0 2\nToulon \n2\u00e8me couronne Ouest\nBandol 2     \nLa Cadi\u00e8re d'Azur     1\nSanary 1     \n Signes     1\nSous-total  3 0 0 0 2\nToulon\n 2\u00e8me couronne EstLa Londe 1     \nSous-total  1 0 0 0 0\nFr\u00e9jus-Saint Rapha\u00ebl\nFr\u00e9jus 3 3 5   \nPuget-sur-Argens     1\nSaint-Rapha\u00ebl 1     \nSous-total  4 3 5 0 1\nGolfe de Saint-Tropez\nSaint-Tropez 2     \nCogolin 2 3 1 1 1\nGassin     1\nRamatuelle 1     \nSous-total  5 3 1 1 2\n Le Muy 1 1 0  1\nSous-total  1 1 0 0 1\nTOTAL  19 12 13 1 8\nSDAHGV du VAR \u2013 octobre 2024\n77\nDirection d\u00e9partementale des territoires et de la mer du Var - 83-2025-01-20-00012 - ARR\u00caT\u00c9 PR\u00c9FECTORAL DDTM/SHRU n\u00b0 2024-79\napprouvant le sch\u00e9ma d\u00e9partemental d'accueil et d'habitat des gens du voyage du Var 113\n. IT,\n Toulon  1                        Toulon 2 Ouest    Toulon 2 Est              Fr\u00e9jus                 Saint-Tropez           Draguignan                   Total  \n                           \n5 3 1 4 5 1\n195 3 3 1\n12\n7\n5 1\n13\n2\n2\n8\n1\n1\nDemandes et passages effec\u019ffs de grands groupes en 2018 par secteur g\u00e9ographique\nDemandes R\u00e9serva \u019fons AGP Licites AGP  Illicites Passages Hors AGP\nSDAHGV du VAR \u2013 octobre 2024\n78\nDirection d\u00e9partementale des territoires et de la mer du Var - 83-2025-01-20-00012 - ARR\u00caT\u00c9 PR\u00c9FECTORAL DDTM/SHRU n\u00b0 2024-79\napprouvant le sch\u00e9ma d\u00e9partemental d'accueil et d'habitat des gens du voyage du Var 114\n4CO ae(~~(a B/| Puget\n|\\\n@ Nombre de demandes@ Nombre de passages effectifs sur AGPee) Nombre de passages non autoris\u00e9s sur AGP\u0152 Nombre de passages non autoris\u00e9s hors AGP\n2019 Communes Demandes R\u00e9serva\u019fons\nPassages \nsur AGP Passages\nHors AGPLicites  Illicites\nToulon\n1\u00e8re couronne\nToulon 7     \nHy\u00e8res 2    1\nLa Crau 4 6 5   \nLa Garde     1\nLa Seyne 1    1\n Le Pradet     1\nSous-total  14 6 5 0 4\nToulon \n2\u00e8me couronne Ouest\nBandol 2     \nLe Beausset 1    1\nSaint-Cyr 2    1\nSanary 1     \nSous-total  6 0 0 0 2\nToulon\n 2\u00e8me couronne Est\nBormes-Les-Mimo-\nsas 1     \nLa Londe 2    1\nLe Lavandou 1     \nSous-total  4 0 0 0 1\nFr\u00e9jus-Saint Rapha\u00eblFr\u00e9jus 2 5 4  2\nPuget/Argens 2    1\nSDAHGV du VAR \u2013 octobre 2024\n79\nDirection d\u00e9partementale des territoires et de la mer du Var - 83-2025-01-20-00012 - ARR\u00caT\u00c9 PR\u00c9FECTORAL DDTM/SHRU n\u00b0 2024-79\napprouvant le sch\u00e9ma d\u00e9partemental d'accueil et d'habitat des gens du voyage du Var 115\nRoquebrune/Argens 1    2\nSaint-Rapha\u00ebl 1     \nMontauroux     1\nSous-total  6 5 4 0 6\nGolfe de Saint-Tropez\nSaint-Tropez 3     \nCogolin 1 5 1 1 4\nGrimaud 3     \nLa Croix-Valmer 3     \n La Mole     1\n Ramatuelle     1\nSous-total  10 5 1 1 6\nAire drac\u00e9noise Le Muy 1     \nVidauban  1 0   \nSous-total  1 1 0 0 0\n Brignoles     1\nProvence Verte Saint-Maximin 1    1\nSous-total  1 0 0 0 2\nTotal  42 17 10 1 21\n14 6 4 6 10 1 1\n426\n5 5 1\n17\n5\n4 1\n10\n4\n2 1\n6 6\n2\n21\n1\n1\nDemandes et passages effec\u019ffs de grands groupes en 2019 par secteur g\u00e9ographique\nDemandes R\u00e9serva \u019fons AGP Licites AGP  Illicites Passages Hors AGP\nSDAHGV du VAR \u2013 octobre 2024\n80\nDirection d\u00e9partementale des territoires et de la mer du Var - 83-2025-01-20-00012 - ARR\u00caT\u00c9 PR\u00c9FECTORAL DDTM/SHRU n\u00b0 2024-79\napprouvant le sch\u00e9ma d\u00e9partemental d'accueil et d'habitat des gens du voyage du Var 116\n5 &\"\n__ Salnt-Maximin f<a /Pa ine, Pwj = /\nmn a ~\n@ Nombre de demandes\u00a9 Nombre de passages effectifs sur AGP@ Nombre ce passages non autoris\u00e9s sur AGP7 (Fa Nombre de passages non autoris\u00e9s hors AGP\nSDAHGV du VAR \u2013 octobre 2024\n81\nDirection d\u00e9partementale des territoires et de la mer du Var - 83-2025-01-20-00012 - ARR\u00caT\u00c9 PR\u00c9FECTORAL DDTM/SHRU n\u00b0 2024-79\napprouvant le sch\u00e9ma d\u00e9partemental d'accueil et d'habitat des gens du voyage du Var 117\nSDAHGV du VAR \u2013 octobre 2024\n82\nDirection d\u00e9partementale des territoires et de la mer du Var - 83-2025-01-20-00012 - ARR\u00caT\u00c9 PR\u00c9FECTORAL DDTM/SHRU n\u00b0 2024-79\napprouvant le sch\u00e9ma d\u00e9partemental d'accueil et d'habitat des gens du voyage du Var 118\nDONN\u00c9ES PR\u00c9FECTURE RELATIVES AUX OCCUPATIONS ILLICITES \n\u00a0 2021 2022 2023 (au 31/01/2023)\n\u00a0\nNombre\ninstalla-\ntions\nNombre atte-\nlages\nNombre ins-\ntallations\nNombre atte-\nlages\nNombre\ninstalla-\ntions\nNombre at-\ntelages\nToulon 1 10 \u00a0 \u00a0 \u00a0 \u00a0\nLa Valette 17 140 9 64 \u00a0 \u00a0\nLa Garde 22 216 8 100 1 25\nLa Seyne 4 51 3 169 \u00a0 \u00a0\nHy\u00e8res 6 137 11 146 \u00a0 \u00a0\nSanary 1 10 1 5 \u00a0 \u00a0\nFr\u00e9jus 3 321 1 22 \u00a0 \u00a0\nLe Pradet 2 35 2 83 \u00a0 \u00a0\nTrans en Provence 1 5 \u00a0 \u00a0 \u00a0 \u00a0\nOllioules 5 29 \u00a0 \u00a0 \u00a0 \u00a0\nSaint-Rapha\u00ebl \u00a0 \u00a0 1 4 \u00a0 \u00a0\nLe Castellet 2 47 5 61 \u00a0 \u00a0\nLe Beausset 5 67 5 82 \u00a0 \u00a0\nGrimaud 2 65 5 285 \u00a0 \u00a0\nLa M\u00f4le 3 170 5 300 \u00a0 \u00a0\nSaint-Maximin 3 95 4 28 \u00a0 \u00a0\nPierrefeu 1 73 2 127 \u00a0 \u00a0\nCogolin 9 643 11 377 \u00a0 \u00a0\nRoquebrune sur Ar-\ngens 2 65 5 244 \u00a0 \u00a0\nBormes 2 5 2 28 \u00a0 \u00a0\nSignes 1 100 2 82 \u00a0 \u00a0\nCuers 2 44 1 120 \u00a0 \u00a0\nLa Crau 4 98 5 203 \u00a0 \u00a0\nLa Londe 2 175 4 272 \u00a0 \u00a0\nSollies-Pont \u00a0 \u00a0 1 50 \u00a0 \u00a0\nLe Muy 2 22 5 33 1 33\nSaint-Cyr-sur-Mer 1 18 3 24 \u00a0 \u00a0\nPuget-sur-Argens 7 26 1 20 \u00a0 \u00a0\nMontauroux 2 35 1 20 \u00a0 \u00a0\nLe Cannet des Maures 1 5 1 6 \u00a0 \u00a0\nGassin 6 196 1 126 \u00a0 \u00a0\nCavalaire \u00a0 \u00a0 1 5 \u00a0 \u00a0\nSainte-Maxime 1 10 3 36 \u00a0 \u00a0\n\u00a0 2021 2022 2023 (au 31/01/2023)\n\u00a0\nNombre\ninstalla-\ntions\nNombre atte-\nlages\nNombre ins-\ntallations\nNombre atte-\nlages\nNombre\ninstalla-\ntions\nNombre at-\ntelages\nSDAHGV du VAR \u2013 octobre 2024\n83\nDirection d\u00e9partementale des territoires et de la mer du Var - 83-2025-01-20-00012 - ARR\u00caT\u00c9 PR\u00c9FECTORAL DDTM/SHRU n\u00b0 2024-79\napprouvant le sch\u00e9ma d\u00e9partemental d'accueil et d'habitat des gens du voyage du Var 119\nBrignoles 3 40 \u00a0 \u00a0 \u00a0 \u00a0\nLe Luc 1 6 \u00a0 \u00a0 \u00a0 \u00a0\nLa Farl\u00e8de 5 105 1 21 \u00a0 \u00a0\nEvenos 1 14 \u00a0 \u00a0 \u00a0 \u00a0\nVidauban 1 3 \u00a0 \u00a0 \u00a0 \u00a0\nRamatuelle 1 123 \u00a0 \u00a0 \u00a0 \u00a0\nLes Arcs 1 6 \u00a0 \u00a0 \u00a0 \u00a0\nCallian 3 86 \u00a0 \u00a0 \u00a0 \u00a0\nTourettes 1 6 \u00a0 \u00a0 \u00a0 \u00a0\nSeillans 1 15 \u00a0 \u00a0 \u00a0 \u00a0\nFayence 1 25 \u00a0 \u00a0 \u00a0 \u00a0\nVinon sur Verdon 1 20 1 6 \u00a0 \u00a0\nSDAHGV du VAR \u2013 octobre 2024\n84\nDirection d\u00e9partementale des territoires et de la mer du Var - 83-2025-01-20-00012 - ARR\u00caT\u00c9 PR\u00c9FECTORAL DDTM/SHRU n\u00b0 2024-79\napprouvant le sch\u00e9ma d\u00e9partemental d'accueil et d'habitat des gens du voyage du Var 120\nDirection d\u00e9partementale des territoires et de la\nmer du Var\n83-2025-03-27-00007\nARR\u00caT\u00c9 PR\u00c9FECTORAL DDTM/SHRU n\u00b0 2025-02\nfixant la composition et le fonctionnement de la\ncommission d\u00e9partementale consultative des\ngens du voyage\nDirection d\u00e9partementale des territoires et de la mer du Var - 83-2025-03-27-00007 - ARR\u00caT\u00c9 PR\u00c9FECTORAL DDTM/SHRU n\u00b0 2025-02\nfixant la composition et le fonctionnement de la commission d\u00e9partementale consultative des gens du voyage 121\n=mPREFETDU VARLibert\u00e9Egalit\u00e9Fraternit\u00e9\nARR\u00caT\u00c9 PR\u00c9FECTORAL DDTM/SHRU n\u00b0 2025-02\nFixant la composition et le fonctionnement de la commission d\u00e9partementale consultative \ndes gens du voyage\nVu la loi n\u00b0 2000-614 du 5 juillet 2000 modifi\u00e9e relative \u00e0 l'accueil et \u00e0 l'habitat des gens du  \nvoyage,\nVu le d\u00e9cret n\u00b0 2001-540 du 25 juin 2001 relatif \u00e0 la composition et au fonctionnement de la  \ncommission d\u00e9partementale consultative des gens du voyage,\nVu le d\u00e9cret n\u00b0 2017-921 du 9 mai 2017 modifiant le d\u00e9cret n\u00b0 2001-540 du 25 juin 2001 relatif \u00e0 \nla composition et au fonctionnement de la commission d\u00e9partementale consultative des gens \ndu voyage,\nVu la circulaire UHC/IUH1/12 n\u00b0 2001-49 du 5 juillet 2001 relative \u00e0 l'application de la loi n\u00b0  \n2000-614 du 5 juillet 2000 modifi\u00e9e relative \u00e0 l'accueil et \u00e0 l'habitat des gens du voyage,\nVu l'arr\u00eat\u00e9 pr\u00e9fectoral du 29 mars 2013 portant nomination \u00e0 la commission d\u00e9partementale  \nconsultative des gens du voyage,\nVu l'arr\u00eat\u00e9  pr\u00e9fectoral  du  23  septembre  2015  portant  nomination  \u00e0  la  commission \nd\u00e9partementale consultative des gens du voyage,\nVu l'arr\u00eat\u00e9 pr\u00e9fectoral du 6 octobre 2017 portant renouvellement de la composition et de  \nfonctionnement de la commission d\u00e9partementale consultative des gens du voyage,\nVu l'arr\u00eat\u00e9 pr\u00e9fectoral du 10 octobre 2019 portant renouvellement de la composition et de  \nfonctionnement de la commission d\u00e9partementale consultative des gens du voyage,\nVu l'arr\u00eat\u00e9 pr\u00e9fectoral du 19 septembre 2021 portant renouvellement de la composition et de \nfonctionnement de la commission d\u00e9partementale consultative des gens du voyage,\nVu l'arr\u00eat\u00e9 pr\u00e9fectoral du 21 octobre 2021  portant renouvellement de la composition et de  \nfonctionnement de la commission d\u00e9partementale consultative des gens du voyage,\nVu  l'arr\u00eat\u00e9  pr\u00e9fectoral  22  juillet  2024  Fixant  la  composition  et  le  fonctionnement  de  la \ncommission d\u00e9partementale consultative des gens du voyage,\nVu la d\u00e9lib\u00e9ration G2.6 du 5 d\u00e9cembre 2022 du Conseil D\u00e9partemental du Var,\nVu  le  courrier  du  directeur  de  la  Caisse  d'Allocations  Familiales  du  Var  demandant  le \nremplacement de son repr\u00e9sentant \u00e0 la commission d\u00e9partementale consultative des gens du \nvoyage du Var,\n1/5\nDirection d\u00e9partementale\ndes territoires et de la mer du Var\nService Habitat et R\u00e9novation Urbaine\nDirection d\u00e9partementale des territoires et de la mer du Var - 83-2025-03-27-00007 - ARR\u00caT\u00c9 PR\u00c9FECTORAL DDTM/SHRU n\u00b0 2025-02\nfixant la composition et le fonctionnement de la commission d\u00e9partementale consultative des gens du voyage 122\nSur proposition de Monsieur le Directeur d\u00e9partemental des territoires et de la mer du Var,\nARR\u00caTE :\nARTICLE 1 :\nLe  pr\u00e9sent  arr\u00eat\u00e9  annule  et  remplace  l'arr\u00eat\u00e9  pr\u00e9fectoral  du  11  avril  2023  portant \nrenouvellement  de  la  composition  et  fixant  le  fonctionnement  de  la  commission \nd\u00e9partementale consultative des gens du voyage vis\u00e9 ci-dessus.\nARTICLE 2 :\nLa commission d\u00e9partementale consultative des gens du voyage, co-pr\u00e9sid\u00e9e par le pr\u00e9fet et  \nle pr\u00e9sident du Conseil D\u00e9partemental ou leur repr\u00e9sentant est compos\u00e9e comme suit :\na) en tant que membres des services de l'\u00c9tat\n\u2013 le directeur de cabinet du Pr\u00e9fet ou son repr\u00e9sentant ;\n\u2013 le sous-pr\u00e9fet de Draguignan ou son repr\u00e9sentant ;\n\u2013 le directeur d\u00e9partemental des territoires et de la mer (DDTM) ou son repr\u00e9sentant ;\n\u2013 le  directeur  d\u00e9partemental  de  l'emploi,  du  travail  et  des  solidarit\u00e9s  (DDETS)  ou  son \nrepr\u00e9sentant.\nb) en tant que membres repr\u00e9sentant le Conseil d\u00e9partemental\nMembres titulaires Membres suppl\u00e9ants\nMme V\u00e9ronique LENOIR Mme Marie-Laure PONCHON\n Mme Martine ARENAS M. Philippe LEONELLI\nMme Val\u00e9rie MONDONE M. Fran\u00e7ois DE CANSON\nMme Andr\u00e9e SAMAT M. Ludovic PONTONE\nc) en tant que membres repr\u00e9sentant les communes\nMembre titulaire Membre suppl\u00e9ant\nMme Sophie BARDOLLET\nMaire de La Mole\nM . Jean-Yves HUET\nMaire de Montauroux\nd)  en  tant  que  membres  repr\u00e9sentant  les  \u00e9tablissements  publics  de  coop\u00e9ration  \nintercommunale\nMembres titulaires Membres suppl\u00e9ants\nM. Ange MUSSO\nVice-Pr\u00e9sident de la M\u00e9tropole Toulon \nProvence M\u00e9diterran\u00e9e \nMaire du Revest-les-Eaux\nM. Andr\u00e9 GARRON\nPr\u00e9sident de la communaut\u00e9 de communes \nde la Vall\u00e9e du Gapeau\nMaire de Solli\u00e8s-Pont\nMme Brigitte LANCINE\nVice-Pr\u00e9sidente de la communaut\u00e9 \nM. Bernard MOUTET\nVice-Pr\u00e9sident de la communaut\u00e9 de \n2/5\nDirection d\u00e9partementale des territoires et de la mer du Var - 83-2025-03-27-00007 - ARR\u00caT\u00c9 PR\u00c9FECTORAL DDTM/SHRU n\u00b0 2025-02\nfixant la composition et le fonctionnement de la commission d\u00e9partementale consultative des gens du voyage 123\nd'agglom\u00e9ration Est\u00e9rel C\u00f4te d'Azur \nAgglom\u00e9ration\nAdjointe au maire de Fr\u00e9jus\ncommunes M\u00e9diterran\u00e9e Porte des Maures \nMaire de Cuers\nM. Jean-Pierre VERAN\nVice-Pr\u00e9sident de la communaut\u00e9 \nd'agglom\u00e9ration Provence Verte\nMaire de Cotignac\nM. Edouard FRIEDLER\nVice-Pr\u00e9sident de la communaut\u00e9 \nd'agglom\u00e9ration Sud Sainte Baume\nMaire du Beausset\nM. Claude ALEMAGNA\nVice-Pr\u00e9sident de Drac\u00e9nie Provence Verdon \nagglom\u00e9ration,\nMaire de Lorgues\nM. Yannick SIMON\nPr\u00e9sident de la communaut\u00e9 de communes \nC\u0153ur du Var,\nMaire de Cabasse\ne) en tant que membres repr\u00e9sentant les gens du voyage ou les personnalit\u00e9s qualifi\u00e9es en  \nraison de leur connaissance des gens du voyage\nMembres titulaires Membres suppl\u00e9ants\nPour l'association Rencontres Tsiganes\nM. No\u00e9 COPP M. Jean-Pierre PERRIN\nPour l'association nationale des gens du voyage citoyens\nMme Marie WINTERSTEIN M. Stephen NOMMIK\nPour l'Aum\u00f4nerie catholique des gens du voyage 83\nM. Sasha ZANKO M. Gilles EYNARD\nPour l'Union fran\u00e7aise des associations tziganes\nM. Pierre KARL M. Lionnel NEUSS\nM. Christophe LAGUZZI\nPour l'association r\u00e9gionale d'\u00e9tudes et d'actions aupr\u00e8s des tsiganes\nM. Denis KLUMPP Mme Laura Roussel\n3/5\nDirection d\u00e9partementale des territoires et de la mer du Var - 83-2025-03-27-00007 - ARR\u00caT\u00c9 PR\u00c9FECTORAL DDTM/SHRU n\u00b0 2025-02\nfixant la composition et le fonctionnement de la commission d\u00e9partementale consultative des gens du voyage 124\nf) en tant que membres repr\u00e9sentant la Caisse d'Allocations Familiales\nMembre titulaire Membre suppl\u00e9ant\nM. Patrick MALLARONI M. Michel UNIA\ng) en tant que membres repr\u00e9sentant la Mutualit\u00e9 Sociale Agricole\nMembre titulaire Membre suppl\u00e9ant\nM. George ROUVIER M. Jean-Luc GIACOMI\nARTICLE 3 :\nLes  membres  de  la  commission  d\u00e9partementale  consultative  des  gens  du  voyage  sont \nnomm\u00e9s, pour une dur\u00e9e de six ans, \u00e0 compter de la date de publication de l'arr\u00eat\u00e9. Leur  \nmandat peut \u00eatre renouvel\u00e9. Il prend fin si son titulaire perd la qualit\u00e9 au titre de laquelle il a  \n\u00e9t\u00e9 d\u00e9sign\u00e9. Celui-ci est alors remplac\u00e9 dans un d\u00e9lai de trois mois pour la dur\u00e9e du mandat  \nrestant \u00e0 courir. Il en va de m\u00eame en cas d'emp\u00eachement d\u00e9finitif, de d\u00e9mission ou de d\u00e9c\u00e8s  \nd'un membre de la commission.\nARTICLE 4     :\nLa commission se r\u00e9unit au moins deux fois par an sur convocation conjointe des pr\u00e9sidents,  \nou \u00e0 l'initiative de l'un d'entre eux, ou sur la demande d'un tiers de ses membres.\nARTICLE 5     :\nLa commission si\u00e8ge valablement si la moiti\u00e9 de ses membres sont pr\u00e9sents. Ses d\u00e9lib\u00e9rations  \nsont adopt\u00e9es \u00e0 la majorit\u00e9 absolue des membres pr\u00e9sents. En cas de partage \u00e9gal des voix,  \nl'avis ou la proposition est r\u00e9put\u00e9 avoir \u00e9t\u00e9 adopt\u00e9.\nLorsque le quorum n'est pas atteint, une nouvelle r\u00e9union doit \u00eatre convoqu\u00e9e dans le d\u00e9lai  \nd'un mois. Dans ce cas, la commission si\u00e8ge valablement quel que soit le nombre de membres \npr\u00e9sents.\nARTICLE 6 :\nLa commission peut entendre toute personne dont elle estime l'audition utile.\nARTICLE   7   :\nLa commission peut cr\u00e9er en son sein un comit\u00e9 permanent charg\u00e9 d'animer, de coordonner  \net de suivre l'\u00e9laboration et la mise en \u0153uvre des prescriptions du sch\u00e9ma. Il pr\u00e9pare les  \nr\u00e9unions de la commission.\nLa commission peut cr\u00e9er aussi un ou des groupes de travail th\u00e9matiques qui peuvent porter  \nsur un ou plusieurs domaines de comp\u00e9tence ou sur un territoire d\u00e9termin\u00e9.\nLe comit\u00e9 permanent et chaque groupe de travail comprennent au moins une personnalit\u00e9  \nmentionn\u00e9e  au  e)  de  l'article  2  du  pr\u00e9sent  arr\u00eat\u00e9  et  peuvent  entendre  des  personnes \nqualifi\u00e9es ext\u00e9rieures \u00e0 la commission.\n4/5\nDirection d\u00e9partementale des territoires et de la mer du Var - 83-2025-03-27-00007 - ARR\u00caT\u00c9 PR\u00c9FECTORAL DDTM/SHRU n\u00b0 2025-02\nfixant la composition et le fonctionnement de la commission d\u00e9partementale consultative des gens du voyage 125\nARTICLE 8 :\nMadame  la  Directrice  de  cabinet  de  la  Pr\u00e9fecture  du  Var,  et  Monsieur  le  Directeur \nD\u00e9partemental des Territoires et de la Mer du Var sont charg\u00e9s, chacun pour ce qui les  \nconcerne, de l'ex\u00e9cution du pr\u00e9sent arr\u00eat\u00e9 qui sera publi\u00e9 au Recueil des Actes administratifs  \nde la pr\u00e9fecture du Var.\n    Fait \u00e0 Toulon, le 27 mars 2025\nLe Pr\u00e9fet\n  Sign\u00e9\n         Philippe MAH\u00c9\n5/5\nD\u00e9lais et voies de recours :\nConform\u00e9ment \u00e0 l'article R 421-1 du code de justice administrative, la pr\u00e9sente d\u00e9cision peut faire l'objet d'un recours contentieux, \ndans le d\u00e9lai de deux mois \u00e0 compter de sa notification, devant le tribunal administratif de Toulon. Elle peut \u00e9galement faire \nl'objet d'un recours gracieux aupr\u00e8s de Monsieur le Pr\u00e9fet du Var. Cette d\u00e9marche interrompt le d\u00e9lai de recours contentieux, ce \ndernier devant \u00eatre introduit dans le d\u00e9lai de deux mois suivant une d\u00e9cision implicite ou explicite de l'autorit\u00e9 comp\u00e9tente (le \nsilence de l'administration pendant un d\u00e9lai de deux mois valant d\u00e9cision implicite de rejet). Le tribunal administratif peut \u00eatre \nsaisi par l'application informatique \"T\u00e9l\u00e9recours citoyen\" accessible par le site internet www.telerecours.fr .\nDirection d\u00e9partementale des territoires et de la mer du Var - 83-2025-03-27-00007 - ARR\u00caT\u00c9 PR\u00c9FECTORAL DDTM/SHRU n\u00b0 2025-02\nfixant la composition et le fonctionnement de la commission d\u00e9partementale consultative des gens du voyage 126","date":"2025-03-31","first_seen_on":"2025-03-31T16:40:00+00:00","id":"a6b4dc6fdd5754aceb8958679c5bd2491a0af3bcb3bd574676a09bff3cb2bb6f","name":"RAA N\u00b0111 du 31 mars 2025","pdf_creation_date":"2025-03-31T14:59:43+00:00","pdf_modification_date":null,"timezone":"Europe/Paris","url":"https://www.var.gouv.fr/contenu/telechargement/40178/263373/file/RAA%20N%C2%B0111%20du%2031%20mars%202025.pdf"}
