{"administration":"pref13","administration_name":"Pr\u00e9fecture des Bouches-du-Rh\u00f4ne","content":"BOUCHES-DU-\nRH\u00d4NE\nRECUEIL DES ACTES\nADMINISTRATIFS SP\u00c9CIAL\n(NOMINATIFS)\nN\u00b013-2026-014\nPUBLI\u00c9 LE 16 JANVIER 2026\nSommaire\nDirection d\u00e9partementale de la protection des populations 13 /\n13-2026-01-16-00003 - Arr\u00eat\u00e9 pr\u00e9fectoral n\u00b02026 01 16 DDPP13\nattribuant l'habilitation sanitaire au Dr Emma ODIER (3 pages) Page 3\nMaison Centrale d'ARLES /\n13-2026-01-15-00018 - M.Laurendot d\u00e9l\u00e9gation (1 page) Page 7\n13-2026-01-15-00019 - M.Magnien d\u00e9l\u00e9gation (1 page) Page 9\n13-2026-01-15-00020 - MMe GAMBA Trame de d\u00e9l\u00e9gation de signature (1\npage) Page 11\n13-2026-01-15-00021 - Mme GIMENEZ Trame de d\u00e9l\u00e9gation de signature\n(1 page) Page 13\n2\nDirection d\u00e9partementale de la protection des\npopulations 13\n13-2026-01-16-00003\nArr\u00eat\u00e9 pr\u00e9fectoral n\u00b02026 01 16 DDPP13\nattribuant l'habilitation sanitaire au Dr Emma\nODIER\nDirection d\u00e9partementale de la protection des populations 13 - 13-2026-01-16-00003 - Arr\u00eat\u00e9 pr\u00e9fectoral n\u00b02026 01 16 DDPP13\nattribuant l'habilitation sanitaire au Dr Emma ODIER 3\nArr\u00eat\u00e9 pr\u00e9fectoral n\u00b0 2026 01 16\nattribuant l'habilitation sanitaire \u00e0 Madame Emma ODIER\nLe pr\u00e9fet de la r\u00e9gion Provence-Alpes-C\u00f4te d'Azur, \npr\u00e9fet de la zone de d\u00e9fense et de s\u00e9curit\u00e9 Sud,\npr\u00e9fet des Bouches-du-Rh\u00f4ne\nVu le code rural et de la p\u00eache maritime et notamment ses articles L.203-1 \u00e0 L.203-7 , L.223-6,\nR.203-1 \u00e0 R.203-15 et R.242-33 ;\nVu le d\u00e9cret n\u00b0 90-1033 du 19 novembre 1990,  relatif au mandat sanitaire institu\u00e9 par l'article 215-\n8 du code rural ;\nVu le d\u00e9cret du 19 novembre 2025 portant nomination du pr\u00e9fet de la r\u00e9gion Provence Alpes-\nC\u00f4te d'Azur , pr\u00e9fet de la zone de d\u00e9fense et de s\u00e9curit\u00e9 Sud, pr\u00e9fet des Bouches-du Rh\u00f4ne -\nMonsieur Jacques WITKOWSKI  ;\nVu l'arr\u00eat\u00e9 du 23 juillet 2012 relatif aux conditions d'exercice du v\u00e9t\u00e9rinaire sanitaire ;\nVu l'arr\u00eat\u00e9 du 19 juillet 2022 portant nomination de Monsieur Yves ZELLEMEYER en qualit\u00e9 de\ndirecteur d\u00e9partemental de la protection des populations des Bouches-du-Rh\u00f4ne \u00e0 compter du\n25 juillet 2022 ; \nVu  l'arr\u00eat\u00e9  pr\u00e9fectoral  n\u00b013-2025-12-01-00013  du  1er  d\u00e9cembre  2025  portant  d\u00e9l\u00e9gation  de\nsignature \u00e0 Monsieur Yves ZELLMEYER, directeur d\u00e9partemental interminist\u00e9riel de la protection\ndes populations des Bouches-du-Rh\u00f4ne, et \u00e0 son adjoint, M. Thibault LEMAITRE ;\nVu l'arr\u00eat\u00e9 pr\u00e9fectoral n\u00b0 13-2025-12-31-00003 du 31 d\u00e9cembre 2025 portant subd\u00e9l\u00e9gation de\nsignature de Monsieur Yves ZELLMEYER, directeur d\u00e9partemental interminist\u00e9riel de la protection\ndes populations des Bouches-du-Rh\u00f4ne, \u00e0 certains de ses collaborateurs ;\nVu la demande pr\u00e9sent\u00e9e par Madame Emma ODIER inscrite sous le num\u00e9ro na\ntional 38930 au\nConseil r\u00e9gional de l'ordre des v\u00e9t\u00e9rinaires de la r\u00e9gion Paca-Corse, domicili\u00e9e administrativement\n\u00e0 71 avenue de Hambourg, 13008 MARSEILLE ;\nConsid\u00e9rant que Madame Emma ODIER remplit les conditions permettant l'attribution de\nl'habilitation sanitaire ;\nSur proposition du directeur d\u00e9partemental de la protection des populations des Bouches-du-\nRh\u00f4ne ;\n1/3\nDirection d\u00e9partementale\nde la protection des populations\nDirection d\u00e9partementale de la protection des populations 13 - 13-2026-01-16-00003 - Arr\u00eat\u00e9 pr\u00e9fectoral n\u00b02026 01 16 DDPP13\nattribuant l'habilitation sanitaire au Dr Emma ODIER 4\nARR\u00caTE\nArticle 1  \nL'habilitation sanitaire pr\u00e9vue \u00e0 l'article L.203-1 du code rural et de la p\u00eache maritime susvis\u00e9 est\nattribu\u00e9e pour une dur\u00e9e de cinq ans \u00e0  Madame  Emma ODIER, docteur v\u00e9t\u00e9rinaire dans le\nd\u00e9partement des Bouches-du-Rh\u00f4ne.\nArticle 2\n  \nDans la mesure o\u00f9 les conditions requises seront re spect\u00e9es, cette habilitation sanitaire est\nrenouvelable par p\u00e9riode de cinq ann\u00e9es tacitement reconduite sous r\u00e9serve pour le v\u00e9t\u00e9rinaire\nsanitaire de justifier aupr\u00e8s du pr\u00e9fet du d\u00e9partement o\u00f9 se situe son domicile professionnel\nadministratif du respect de ses obligations de formation continue pr\u00e9vues \u00e0 l'article R.203-12, \u00e0\nl'issue de chaque p\u00e9riode de cinq ans.\nArticle 3\n  \nMadame Emma ODIER s'engage \u00e0 respecter les prescriptions techniques, administratives et le cas\n\u00e9ch\u00e9ant financi\u00e8res de mise en \u0153uvre des mesures de pr\u00e9vention, de surveillance ou de lutte\nprescrites  par  l'autorit\u00e9  administrative  et  des  op\u00e9rations  de  police  sanitaire  ex\u00e9cut\u00e9es  en\napplication de l'article L.203-7 du code rural et de la p\u00eache maritime.\nArticle 4  \nMadame Emma ODIER pourra \u00eatre appel\u00e9e par le Pr\u00e9fet de ses d\u00e9partements d'exercice pour la\nr\u00e9alisation d'op\u00e9rations de police sanitaire au sein des lieux de d\u00e9tention ou des \u00e9tablissements\npour  lesquels  elle a  \u00e9t\u00e9  d\u00e9sign\u00e9e v\u00e9t\u00e9rinaire  sanitaire.  Elle sera  tenue de  concourir  \u00e0  ces\nop\u00e9rations en application des dispositions de l'article L.203-7 du code rural et de la p\u00eache\nmaritime.\nArticle 5\n  \nTout manquement ou faute commis dans l'exercice de la pr\u00e9sente habilitation sanitaire entra\u00eenera\nl'application des dispositions pr\u00e9vues aux articles R.203-15, R.228-6 et suivants du code rural et de\nla p\u00eache maritime.\nArticle 6\n  \nTout changement de situation  ou d'adresse professionnelle doit \u00eatre signal\u00e9 \u00e0 la direction\nd\u00e9partementale de la protection des populations des Bouches-du-Rh\u00f4ne. Le v\u00e9t\u00e9rinaire peut\nrenoncer  \u00e0  son  habilitation,  sous  r\u00e9serve  d'en  informer  la  direction  d\u00e9partementale  de  la\nprotection des populations des Bouches-du-Rh\u00f4ne, au moins trois mois \u00e0 l'avance.\nArticle 7  \nUne copie du pr\u00e9sent arr\u00eat\u00e9 sera notifi\u00e9e \u00e0 l'int\u00e9ress\u00e9e.\nArticle 8   \nCet arr\u00eat\u00e9 peut faire l'objet d'un recours contentieux dans le d\u00e9lai de deux mois aupr\u00e8s du\ntribunal administratif comp\u00e9tent \u00e0 compter de sa date de notification par courrier ou par\nl'application T\u00e9l\u00e9recours citoyen accessible \u00e0 partir du site \u00ab www.telerecours.fr \u00bb.\n2/3\nDirection d\u00e9partementale de la protection des populations 13 - 13-2026-01-16-00003 - Arr\u00eat\u00e9 pr\u00e9fectoral n\u00b02026 01 16 DDPP13\nattribuant l'habilitation sanitaire au Dr Emma ODIER 5\nArticle 9  \nLe  secr\u00e9taire  g\u00e9n\u00e9ral  de  la  pr\u00e9fecture  et  le  directeur  d\u00e9partemental  de  la  protection  des\npopulations sont charg\u00e9s, chacun en ce qui le concerne, de l'ex\u00e9cution du pr\u00e9sent arr\u00eat\u00e9 qui sera\npubli\u00e9 au recueil des actes administratifs de la pr\u00e9fecture des Bouches-du-Rh\u00f4ne.\nFait \u00e0 Marseille, le 16 janvier 2026\nPour le Pr\u00e9fet,\npar d\u00e9l\u00e9gation, le chef du service sant\u00e9 et protection\n animales \u2013 environnement\n                                              SIGNE\nVincent CHOULET\n3/3\nDirection d\u00e9partementale de la protection des populations 13 - 13-2026-01-16-00003 - Arr\u00eat\u00e9 pr\u00e9fectoral n\u00b02026 01 16 DDPP13\nattribuant l'habilitation sanitaire au Dr Emma ODIER 6\nMaison Centrale d'ARLES\n13-2026-01-15-00018\nM.Laurendot d\u00e9l\u00e9gation\nMaison Centrale d'ARLES - 13-2026-01-15-00018 - M.Laurendot d\u00e9l\u00e9gation 7\nMINISTEREDE LA JUSTICELibert\u00e9Egalit\u00e9Fraternit\u00e9\n \nMinist\u00e8re de la Justice \n \nDirection interr\u00e9gionale des services p\u00e9nitentiaires de Marseille \n \nMC Arles \n \n                                                                                                                                     \u00c0 Arles \n \n                                                                                                                                    Le 15 janvier 2026 \n \n \nArr\u00eat\u00e9 portant d\u00e9l\u00e9gation de signature \n \n \n- Vu l'article R 57-7-97 du code de proc\u00e9dure p\u00e9nale ; \n- Vu l'arr\u00eat\u00e9 du ministre de la justice en date du 18/02/2025 nommant Monsieur Fabrice BELS en \nqualit\u00e9 de chef d'\u00e9tablissement de la Maison Centrale d'Arles \n \n \nLe chef de l'\u00e9tablissement de la Maison Centrale d'Arles \n \n \nARR\u00caTE \n \nArticle 1er : D\u00e9l\u00e9gation de signature est donn\u00e9e \u00e0 M. Yves LAURENDOT, attach\u00e9 d'administration de l'\u00e9tat \u00e0 \nla MC  Arles \u00e0 l'effet de signer toutes d\u00e9cisions et documents se rapportant aux attributions relatives \u00e0 \nl'inscription sur les listes \u00e9lectorales et au vote p ar correspondance des personnes d\u00e9tenues et d\u00e9finies \u00e0 \nl'article R 57-7-97 du code de proc\u00e9dure p\u00e9nale.  \n \nArticle 2  : M. Yves  LAURENDOT, attach\u00e9 d'administration de l'\u00e9tat \u00e0 la MC Arles  assiste en tant que de \nbesoin le chef de l'\u00e9tablissement de la MC Arles dans les attributions pour lesquelles il a re\u00e7u d\u00e9l\u00e9gation de \nsignature \u00e0 l'article 1 er de l'arr\u00eat\u00e9 du chef de l'\u00e9tablissement de la MC Arles lui donnant d\u00e9l\u00e9gation de \nsignature. \n \nArticle 3  : Le pr\u00e9sent arr\u00eat\u00e9 est publi\u00e9  au recueil des actes administratifs du d\u00e9partement dans lequel \nl'\u00e9tablissement a son si\u00e8ge et affich\u00e9 au sein de l'\u00e9tablissement p\u00e9nitentiaire.  \n \nFait \u00e0 Arles \nLe 15/01/2026 \n \nLe chef d'\u00e9tablissement, \nFabrice BELS \n           Sign\u00e9e \n   \nMaison Centrale d'ARLES - 13-2026-01-15-00018 - M.Laurendot d\u00e9l\u00e9gation 8\nMaison Centrale d'ARLES\n13-2026-01-15-00019\nM.Magnien d\u00e9l\u00e9gation\nMaison Centrale d'ARLES - 13-2026-01-15-00019 - M.Magnien d\u00e9l\u00e9gation 9\nMINISTEREDE LA JUSTICELibert\u00e9Egalit\u00e9Fraternit\u00e9\n \nMinist\u00e8re de la Justice \n \nDirection interr\u00e9gionale des services p\u00e9nitentiaires de Marseille \n \nMC Arles \n \n                                                                                                                                     \u00c0 Arles \n \n                                                                                                                                    Le 15 janvier 2026 \n \n \nArr\u00eat\u00e9 portant d\u00e9l\u00e9gation de signature \n \n \n- Vu l'article R 57-7-97 du code de proc\u00e9dure p\u00e9nale ; \n- Vu l'arr\u00eat\u00e9 du ministre de la justice en date du 18/02/2025 nommant Monsieur Fabrice BELS en \nqualit\u00e9 de chef d'\u00e9tablissement de la Maison Centrale d'Arles \n \n \nLe chef de l'\u00e9tablissement de la Maison Centrale d'Arles \n \n \nARR\u00caTE \n \nArticle 1er : D\u00e9l\u00e9gation de signature est donn\u00e9e \u00e0 M. Bruno MAGNIEN, commandant, \u00e0 la MC Arles \u00e0 l'effet \nde signer toutes d\u00e9cisions et documents se rapportant aux attributions relatives \u00e0 l'inscription sur les listes \n\u00e9lectorales et au vote par correspondance des personnes d\u00e9tenues et d\u00e9finies \u00e0 l'article R 57-7-97 du code \nde proc\u00e9dure p\u00e9nale.  \n \nArticle 2  : M. Bruno  MAGNIEN, commandant \u00e0 la MC Arles  assiste en tant que de besoin le chef de \nl'\u00e9tablissement de la MC Ar les dans les attributions pour lesquelles il a re\u00e7u d\u00e9l\u00e9gation de signature \u00e0 \nl'article 1er de l'arr\u00eat\u00e9 du chef de l'\u00e9tablissement de la MC Arles lui donnant d\u00e9l\u00e9gation de signature. \n \nArticle 3  : Le pr\u00e9sent arr\u00eat\u00e9 est publi\u00e9  au recueil des actes administratifs du d\u00e9partement dans lequel \nl'\u00e9tablissement a son si\u00e8ge et affich\u00e9 au sein de l'\u00e9tablissement p\u00e9nitentiaire.  \n \nFait \u00e0 Arles \nLe 15/01/2026 \n \nLe chef d'\u00e9tablissement, \nFabrice BELS \n           Sign\u00e9e \n   \nMaison Centrale d'ARLES - 13-2026-01-15-00019 - M.Magnien d\u00e9l\u00e9gation 10\nMaison Centrale d'ARLES\n13-2026-01-15-00020\nMMe GAMBA Trame de d\u00e9l\u00e9gation de signature\nMaison Centrale d'ARLES - 13-2026-01-15-00020 - MMe GAMBA Trame de d\u00e9l\u00e9gation de signature 11\nMINISTEREDE LA JUSTICELibert\u00e9Egalit\u00e9Fraternit\u00e9\n \nMinist\u00e8re de la Justice \n \nDirection interr\u00e9gionale des services p\u00e9nitentiaires de Marseille \n \nMC Arles \n \n                                                                                                                                     \u00c0 Arles \n \n                                                                                                                                    Le 15 janvier 2026 \n \n \nArr\u00eat\u00e9 portant d\u00e9l\u00e9gation de signature \n \n \n- Vu l'article R 57-7-97 du code de proc\u00e9dure p\u00e9nale ; \n- Vu l'arr\u00eat\u00e9 du ministre de la justice en date du 18/02/2025 nommant Monsieur Fabrice BELS en \nqualit\u00e9 de chef d'\u00e9tablissement de la Maison Centrale d'Arles \n \n \nLe chef de l'\u00e9tablissement de la Maison Centrale d'Arles \n \n \nARR\u00caTE \n \nArticle 1er : D\u00e9l\u00e9gation de signature est donn\u00e9e \u00e0 Mme An ne-Sophie GAMB A, directrice, \u00e0 la MC  Arles \u00e0 \nl'effet de signer toutes d\u00e9cisions et documents se rapportant aux attributions relatives \u00e0 l'inscription sur \nles listes \u00e9lectorales et au vote par correspondance des personnes d\u00e9tenues et d\u00e9finies \u00e0 l'article R 57-7-97 \ndu code de proc\u00e9dure p\u00e9nale.  \n \nArticle 2  : Mme An ne-Sophie GAMB A, directrice \u00e0 la MC Arles  assiste en tant que de besoin le chef de \nl'\u00e9tablissement de la MC Ar les dans les attributions pour lesquelles il a re\u00e7u d\u00e9l\u00e9gation de signature \u00e0 \nl'article 1er de l'arr\u00eat\u00e9 du chef de l'\u00e9tablissement de la MC Arles lui donnant d\u00e9l\u00e9gation de signature. \n \nArticle 3  : Le pr\u00e9sent arr\u00eat\u00e9 est publi\u00e9  au recueil des actes administratifs du d\u00e9partement dans lequel \nl'\u00e9tablissement a son si\u00e8ge et affich\u00e9 au sein de l'\u00e9tablissement p\u00e9nitentiaire.  \n \nFait \u00e0 Arles \nLe 15/01/2026 \n \nLe chef d'\u00e9tablissement, \nFabrice BELS \n           Sign\u00e9e \n   \nMaison Centrale d'ARLES - 13-2026-01-15-00020 - MMe GAMBA Trame de d\u00e9l\u00e9gation de signature 12\nMaison Centrale d'ARLES\n13-2026-01-15-00021\nMme GIMENEZ Trame de d\u00e9l\u00e9gation de signature\nMaison Centrale d'ARLES - 13-2026-01-15-00021 - Mme GIMENEZ Trame de d\u00e9l\u00e9gation de signature 13\nMINISTEREDE LA JUSTICELibert\u00e9Egalit\u00e9Fraternit\u00e9\n \nMinist\u00e8re de la Justice \n \nDirection interr\u00e9gionale des services p\u00e9nitentiaires de Marseille \n \nMC Arles \n \n                                                                                                                                     \u00c0 Arles \n \n                                                                                                                                    Le 15 janvier 2026 \n \n \nArr\u00eat\u00e9 portant d\u00e9l\u00e9gation de signature \n \n \n- Vu l'article R 57-7-97 du code de proc\u00e9dure p\u00e9nale ; \n- Vu l'arr\u00eat\u00e9 du ministre de la justice en date du 18/02/2025 nommant Monsieur Fabrice BELS en \nqualit\u00e9 de chef d'\u00e9tablissement de la Maison Centrale d'Arles \n \n \nLe chef de l'\u00e9tablissement de la Maison Centrale d'Arles \n \n \nARR\u00caTE \n \nArticle 1er : D\u00e9l\u00e9gation de signature est donn\u00e9e \u00e0 Mme Nathalie GIMENEZ , attach\u00e9e d 'administration de \nl'\u00e9tat \u00e0 la MC  Arles \u00e0 l'effet de signer toutes d\u00e9cisions et documents se rapportant aux attributions \nrelatives \u00e0 l'inscription sur les listes \u00e9lectorales et au vote p ar correspondance des personnes d\u00e9tenues et \nd\u00e9finies \u00e0 l'article R 57-7-97 du code de proc\u00e9dure p\u00e9nale.  \n \nArticle 2 : Mme Nathalie GIMENEZ, attach\u00e9e d'administration de l'\u00e9tat \u00e0 la MC Arles assiste en tant que de \nbesoin le chef de l'\u00e9tablissement de la MC Arles dans les attributions pour lesquelles il a re\u00e7u d\u00e9l\u00e9gation de \nsignature \u00e0 l'article 1 er de l'arr\u00eat\u00e9 du chef de l'\u00e9tablissement de la MC Arles lui donnant d\u00e9l\u00e9gation de \nsignature. \n \nArticle 3  : Le pr\u00e9sent arr\u00eat\u00e9 est publi\u00e9  au recueil des actes administratifs du d\u00e9partement dans lequel \nl'\u00e9tablissement a son si\u00e8ge et affich\u00e9 au sein de l'\u00e9tablissement p\u00e9nitentiaire.  \n \nFait \u00e0 Arles \nLe 15/01/2026 \n \nLe chef d'\u00e9tablissement, \nFabrice BELS \n           Sign\u00e9e \n   \nMaison Centrale d'ARLES - 13-2026-01-15-00021 - Mme GIMENEZ Trame de d\u00e9l\u00e9gation de signature 14","date":"2026-01-16","first_seen_on":"2026-01-16T19:09:31+00:00","id":"a6e08b84c988aae87b4a08cb453c30db9f7481f658aa655bdfb1e5bce2d37427","name":"recueil-13-2026-014-recueil-des-actes-administratifs-nominatifs du 16 janvier 2026","pdf_creation_date":"2026-01-16T17:34:41+00:00","pdf_modification_date":"2026-01-16T17:35:18+00:00","timezone":"Europe/Paris","url":"https://www.bouches-du-rhone.gouv.fr/contenu/telechargement/62656/440450/file/recueil-13-2026-014-recueil-des-actes-administratifs-nominatifs%20du%2016%20janvier%202026.pdf"}
