{"administration":"prefidf","administration_name":"Pr\u00e9fecture de la r\u00e9gion \u00cele-de-France","content":"PREFECTURE\nREGION ILE DE\nFRANCE\nRECUEIL DES ACTES\nADMINISTRATIFS SP\u00c9CIAL\n(NOMINATIFS)\nN\u00b0IDF-055-2025-10\nPUBLI\u00c9 LE 24 OCTOBRE 2025\nSommaire\nAgence R\u00e9gionale de Sant\u00e9 / Direction de la D\u00e9mocratie en Sant\u00e9 et\nde la Communication-D\u00e9mocratie Sanitaire\nIDF-2025-10-22-00015 - Arr\u00eat\u00e9 modificatif n\u00b0 2025-38 relatif \u00e0 la\nCommission Sp\u00e9cialis\u00e9e \u00ab Organisation des Soins \u00bb de la\nConf\u00e9rence R\u00e9gionale de la Sant\u00e9 et de l'Autonomie de la\nr\u00e9gion \u00cele-de-France (10 pages) Page 3\nIDF-2025-10-20-00018 - Arr\u00eat\u00e9 n\u00b0 2025-39modifiant la composition de\nla commission sp\u00e9cialis\u00e9e \u00ab Pr\u00e9vention \u00bb de la Conf\u00e9rence\nR\u00e9gionale de la Sant\u00e9 et de l'Autonomie de la r\u00e9gion\n\u00cele-de-France (7 pages) Page 14\nDirection r\u00e9gionale et interd\u00e9partementale de l'\u00e9conomie, de l'emploi,\ndu travail et des solidarit\u00e9s d'\u00cele-de-France / P\u00f4le Politique du travail\nIDF-2025-10-24-00010 - D\u00e9cision n\u00b0 2025-204 du 24 octobre\n2025\nportant affectation des agents de contr\u00f4le dans les unit\u00e9s de\ncontr\u00f4le et gestion des int\u00e9rims de la direction d\u00e9partementale de\nl'emploi, du travail et des solidarit\u00e9s de l'Essonne (2 pages) Page 22\nIDF-2025-10-24-00009 - D\u00e9cision n\u00b0 2025-205 du 24 octobre\n2025\nportant affectation des agents de contr\u00f4le dans les unit\u00e9s de\ncontr\u00f4le et gestion des int\u00e9rims de la direction d\u00e9partementale de\nl'emploi, du travail et des solidarit\u00e9s de Seine-et-Marne (4 pages) Page 25\nIDF-2025-10-24-00008 - D\u00e9cision n\u00b0 2025-206 du 24 octobre\n2025\nportant affectation des agents de contr\u00f4le dans les unit\u00e9s de\ncontr\u00f4le et gestion des int\u00e9rims de l'unit\u00e9 d\u00e9partementale de\nParis de la DRIEETS d'Ile-de-France (8 pages) Page 30\n2\nAgence R\u00e9gionale de Sant\u00e9\nIDF-2025-10-22-00015\nArr\u00eat\u00e9 modificatif n\u00b0 2025-38 relatif \u00e0 la\nCommission Sp\u00e9cialis\u00e9e \u00ab Organisation des Soins\n\u00bb de la Conf\u00e9rence R\u00e9gionale de la Sant\u00e9 et de\nl'Autonomie de la r\u00e9gion \u00cele-de-France\nAgence R\u00e9gionale de Sant\u00e9 - IDF-2025-10-22-00015 - Arr\u00eat\u00e9 modificatif n\u00b0 2025-38 relatif \u00e0 la Commission Sp\u00e9cialis\u00e9e \u00ab Organisation\ndes Soins \u00bb de la Conf\u00e9rence R\u00e9gionale de la Sant\u00e9 et de l'Autonomie de la r\u00e9gion \u00cele-de-France 3\nREPUBLIQUEFRANCAISELibert\u00e9Egalit\u00e9Fraternit\u00e9\ne \u00bb Agence R\u00e9gionale de Sant\u00e9Ile-de-France\n \n \n1 \n \n \n         \n \n \n \nAGENCE R\u00c9GIONALE DE SANT\u00c9 \u00ceLE-DE-FRANCE \nARR\u00caT\u00c9 N\u00b02025/38 \nArr\u00eat\u00e9 modificatif relatif \u00e0 la Commission Sp\u00e9cialis\u00e9e \u00ab Organisation des Soins \u00bb de la \nConf\u00e9rence R\u00e9gionale de la Sant\u00e9 et de l'Autonomie de la r\u00e9gion \u00cele-de-France \n \nLE DIRECTEUR G\u00c9N\u00c9RAL DE L'AGENCE R\u00c9GIONALE DE SANT\u00c9 \u00ceLE-DE-FRANCE \n \n \nVU  Le code de la sant\u00e9 publique et notamment les articles L. 1432-1 et L.1432-4, D.1432-28 \n\u00e0 D.1432-53 ; \n \nVU  Le d\u00e9cret n\u00b0 2006-672 du 8 juin 2006 modifi\u00e9 relatif \u00e0 la cr\u00e9ation, \u00e0 la composition et au \nfonctionnement de commissions administratives \u00e0 caract\u00e8re consultatif ; \n \nVU  L'arr\u00eat\u00e9 n\u00b0 27 /2021 du 01  octobre 2021 fixant la liste des membres de la Conf\u00e9rence \nR\u00e9gionale de la Sant\u00e9 et de l'Autonomie d'\u00cele-de-France ; \n \nVU Le d\u00e9cret du 10 avril 2024 portant nomination de Monsieur Denis ROBIN, Directeur g\u00e9n\u00e9ral \nde l'Agence r\u00e9gionale de sant\u00e9 d'\u00cele-de-France, \u00e0 compter du 29 avril 2024 ; \n \nVU L'arr\u00eat\u00e9 DS n\u00b0104/2024 du 18 juin 2024 portant d\u00e9l\u00e9gation \u00e0 Madame Marion \nBOUGEARD, Directrice de la d\u00e9mocratie en sant\u00e9 et de la communication de l'Agence \nR\u00e9gionale de Sant\u00e9 \u00cele-de-France ; \n \nVU L'arr\u00eat\u00e9 n\u00b0 202 5/35 modifi\u00e9 du 8 octobre 2025  relatif \u00e0 la Commission Sp\u00e9cialis\u00e9e de \nl'Organisation des soins de la Conf\u00e9rence R\u00e9gionale de la Sant\u00e9 et de l'Autonomie d'\u00cele -\nde-France ; \n \nVU L'arr\u00eat\u00e9 n\u00b0 2025 /36 modifi\u00e9 du 23 octobre 2025 modifiant la liste des membres de la \nConf\u00e9rence R\u00e9gionale de la Sant\u00e9 et de l'Autonomie d'\u00cele-de-France ; \n \nVU La d\u00e9signation : \nAu sein du coll\u00e8ge 5 : \nAu titre des repr\u00e9sentants des associations agr\u00e9\u00e9es au titre de l'article L.1114 -1 de \nMonsieur Dominique ZEZIMA, France Rein Paris \u00cele de France en tant que suppl\u00e9ant \nen remplacement de Madame Odile BASSE  \n \nAgence R\u00e9gionale de Sant\u00e9 - IDF-2025-10-22-00015 - Arr\u00eat\u00e9 modificatif n\u00b0 2025-38 relatif \u00e0 la Commission Sp\u00e9cialis\u00e9e \u00ab Organisation\ndes Soins \u00bb de la Conf\u00e9rence R\u00e9gionale de la Sant\u00e9 et de l'Autonomie de la r\u00e9gion \u00cele-de-France 4\nsig\nPage 2 sur 10 \n \nARR\u00caT\u00c9 \n \n \nARTICLE 1er : La composition de la commission sp\u00e9cialis\u00e9e \u00ab organisation des soins \u00bb de la conf\u00e9rence \nr\u00e9gionale de la sant\u00e9 et de l'autonomie d'\u00ce le-de-France est fix\u00e9e de la mani\u00e8re figurant \nen annexe. \n \n \nARTICLE 2 : Un recours contre le pr\u00e9sent arr\u00eat\u00e9 peut \u00eatre form\u00e9 aupr\u00e8s du tribunal administratif de \nParis dans un d\u00e9lai de deux mois \u00e0 compter de sa notification. A l'\u00e9gard des tiers, ces \nd\u00e9lais courent \u00e0 compter de la date de publication de la d\u00e9cision au recueil des  actes \nadministratifs de la pr\u00e9fecture de la r\u00e9gion d'\u00cele-de-France. \n \n \nARTICLE 3 :  Le Directeur  g\u00e9n\u00e9ral est charg\u00e9  de l'ex\u00e9cution du pr\u00e9sent arr\u00eat\u00e9 , qui sera publi\u00e9 au \nRecueil des actes administratifs de la pr\u00e9fecture de r\u00e9gion. \n \n \nFait \u00e0 Saint-Denis, le 22/10/2025 \n \nLe Directeur g\u00e9n\u00e9ral \nde l'Agence r\u00e9gionale  \nde sant\u00e9 \u00cele-de-France \n \nDenis ROBIN \nPar d\u00e9l\u00e9gation \n \n \nCorentine NEPPEL  \nDirectrice adjointe en charge de la \nd\u00e9mocratie en sant\u00e9  \nDirection de la d\u00e9mocratie en sant\u00e9 \net de la communication - DESCOM  \n  \nAgence R\u00e9gionale de Sant\u00e9 - IDF-2025-10-22-00015 - Arr\u00eat\u00e9 modificatif n\u00b0 2025-38 relatif \u00e0 la Commission Sp\u00e9cialis\u00e9e \u00ab Organisation\ndes Soins \u00bb de la Conf\u00e9rence R\u00e9gionale de la Sant\u00e9 et de l'Autonomie de la r\u00e9gion \u00cele-de-France 5\nPage 3 sur 10 \n \nANNEXE \n \nComposition de la Commission Sp\u00e9cialis\u00e9e \u00ab Organisation des Soins \u00bb \nConf\u00e9rence R\u00e9gionale de la Sant\u00e9 et de l'Autonomie de la r\u00e9gion \u00cele-de-France \n \n1) Un repr\u00e9sentant du Conseil R\u00e9gional :  \nTitulaire Suppl\u00e9ant \nMadame Farida ADLANI, Vice-pr\u00e9sidente Madame Agn\u00e8s RICARD-HIBON, C onseill\u00e8re \nr\u00e9gionale \n \n2) Un repr\u00e9sentant des Conseils D\u00e9partementaux : \nTitulaire Suppl\u00e9ant \nMonsieur le Pr\u00e9sident du Conseil D\u00e9partemental du \nVal-de-Marne \nou son repr\u00e9sentant titulaire : Madame Genevi\u00e8ve \nCARPE, conseill\u00e8re d\u00e9partementale d\u00e9l\u00e9gu\u00e9e \ncharg\u00e9e de la sant\u00e9  \nMadame Odile SEGURET, Vice-pr\u00e9sidente en \ncharge de l'autonomie des personnes \u00e2g\u00e9es et des \npersonnes en situation de handicap \nMonsieur Jean-Pierre BARNAUD, Vice-pr\u00e9sident \nen charge du patrimoine environnemental, de la \nbiodiversit\u00e9, de l'agriculture urbaine et du bien-\u00eatre \nanimal \n \n3) Un repr\u00e9sentant des groupements de communes :  \nTitulaire Suppl\u00e9ant \nEn attente de d\u00e9signation En attente de d\u00e9signation \n \n4) Un repr\u00e9sentant des communes :  \n \nTitulaire Suppl\u00e9ant \nMonsieur Thomas CHAZAL, Maire de Vigneux-sur-\nSeine (91)  Monsieur Ludovic TORO, Maire de Coubron (93) \n \n \n5) Deux repr\u00e9sentants des associations agr\u00e9\u00e9es au titre de l'article L.1114-1 : \n \nTitulaires Suppl\u00e9ants \nMonsieur Alain LAFORET - F\u00e9d\u00e9ration Nationale des \nassociations de retrait\u00e9s (FNAR)  \n \nMadame Fran\u00e7oise PIQUE LE CUN - UFC QUE \nCHOISIR \nMadame Diane PAOLO - URAF IDF \nMonsieur Sidi-Mohammed GHADI - Association des \nFamilles Victimes du Saturnisme  \nMonsieur Dominique ZEZIMA - France Rein \nParis IDF   \nMonsieur Jean-Pierre BESNARD - VMEH-Visite \ndes malades dans les \u00e9tablissements hospitaliers \nAgence R\u00e9gionale de Sant\u00e9 - IDF-2025-10-22-00015 - Arr\u00eat\u00e9 modificatif n\u00b0 2025-38 relatif \u00e0 la Commission Sp\u00e9cialis\u00e9e \u00ab Organisation\ndes Soins \u00bb de la Conf\u00e9rence R\u00e9gionale de la Sant\u00e9 et de l'Autonomie de la r\u00e9gion \u00cele-de-France 6\nPage 4 sur 10 \n \n6) Un repr\u00e9sentant des associations de retrait\u00e9s et personnes \u00e2g\u00e9es : \n \nTitulaire Suppl\u00e9ant \nMonsieur G\u00e9rard PERRIER, CDCA 93 Monsieur Philippe PINGLIN, CDCA 93 \nMonsieur Alain GAVILLET, CDCA 95 \n \n7) Un repr\u00e9sentant des associations de personnes handicap\u00e9es : \n \nTitulaire Suppl\u00e9ant \nEn attente de d\u00e9signation En attente de d\u00e9signation \n \n8) Un repr\u00e9sentant des conseils territoriaux de sant\u00e9 : \n \nTitulaire Suppl\u00e9ant \nMonsieur Francis BRUNELLE (CTS 92) Monsieur Michel GIRARD (CTS 92) \n \n9) Trois repr\u00e9sentants des organisations syndicales de salari\u00e9s : \nTitulaire Suppl\u00e9ant \nMadame Corinne LAMAR CQ (Union r\u00e9gionale des \nsyndicats CFTC d'\u00cele-de-France) \nMonsieur David FILLON \nMonsieur Jean-Marc CICUTO \nMadame Isabelle CAYLA ( Union R\u00e9gionale des \nsyndicats CFDT d'\u00cele-de-France) \nMonsieur Philippe PATRY \nMadame Gwenaelle YVINEC \nMonsieur Jos\u00e9 ALVAREZ (Union R\u00e9gionale \u00ce le-de-\nFrance CFE-CGC)  \nMadame Marie Laurence BONMARCHAND \nMadame Bettina KEMPF \n \n \n10) Un repr\u00e9sentant des organisations syndicales d'employeurs : \nTitulaire Suppl\u00e9ants \nMadame Nolwenn MARE (MEDEF- \u00cele-de-France) Monsieur Olivier CHALMEAU (MEDEF - \u00cele-de-\nFrance) \n \n  \nAgence R\u00e9gionale de Sant\u00e9 - IDF-2025-10-22-00015 - Arr\u00eat\u00e9 modificatif n\u00b0 2025-38 relatif \u00e0 la Commission Sp\u00e9cialis\u00e9e \u00ab Organisation\ndes Soins \u00bb de la Conf\u00e9rence R\u00e9gionale de la Sant\u00e9 et de l'Autonomie de la r\u00e9gion \u00cele-de-France 7\nPage 5 sur 10 \n \n \n11) Un repr\u00e9sentant des organisations syndicales des artisans, des commer\u00e7ants et des professions \nlib\u00e9rales :  \nTitulaire Suppl\u00e9ant \nEn attente de d\u00e9signation  En attente de d\u00e9signation \n \n12) Un repr\u00e9sentant des organisations syndicales repr\u00e9sentatives des exploitants agricoles  :  \nTitulaire Suppl\u00e9ant \nEn attente de d\u00e9signation  En attente de d\u00e9signation \n \n13) Un repr\u00e9sentant de la Mutualit\u00e9 Fran\u00e7aise : \nTitulaire Suppl\u00e9ant \nMonsieur Aldino IZZ I, Membre du bureau Mutualit\u00e9 \nFran\u00e7aise) \nMonsieur Philippe HEDIN, Pr\u00e9sident de l'Union des \nMutuelles co-g\u00e9r\u00e9es-social  \nMadame Carole DECHAMPS, Mutualit\u00e9 Fran\u00e7aise \n \n14) Le directeur d'organisme, repr\u00e9sentant, au niveau r\u00e9gional, chaque r\u00e9gime d'assurance maladie \ndont la caisse nationale est membre de l'Union nationale des caisses d'assurance maladie ou \nson repr\u00e9sentant :  \nTitulaire Suppl\u00e9ants \nMonsieur Albert LAUTMAN ( Directeur, DCGDR, \nCPAM de Paris)  \nMonsieur Nicolas INGRAIN  (sous-directeur, \nDCGDR, CPAM de Paris) \nMonsieur Hugo CROMBEZ (Chef de projet \u2013 CPAM \nde Paris) \n \n15)  Un repr\u00e9sentant des organismes \u0153uvrant dans le champ de la promotion de la sant\u00e9, la \npr\u00e9vention ou l'\u00e9ducation pour la sant\u00e9 :  \nTitulaire Suppl\u00e9ant \nEn attente de d\u00e9signation  Madame Leslie MESNAY - CLS Les Mureaux 78 \n \n \n16) Au titre des organismes \u0153uvrant dans le domaine de l'observation de la sant\u00e9 :  \nTitulaire Suppl\u00e9ant \nMadame Nathalie BELTZER (ORS IDF) Madame Lydie GIBEY (CREAHI \u00cele-de-France) \n \n  \nAgence R\u00e9gionale de Sant\u00e9 - IDF-2025-10-22-00015 - Arr\u00eat\u00e9 modificatif n\u00b0 2025-38 relatif \u00e0 la Commission Sp\u00e9cialis\u00e9e \u00ab Organisation\ndes Soins \u00bb de la Conf\u00e9rence R\u00e9gionale de la Sant\u00e9 et de l'Autonomie de la r\u00e9gion \u00cele-de-France 8\nPage 6 sur 10 \n \n \n17) Cinq repr\u00e9sentants des \u00e9tablissements publics de sant\u00e9, dont trois pr\u00e9sidents de commissions \nm\u00e9dicales d'\u00e9tablissement de centres hospitaliers, de centres hospitaliers universitaires et de \ncentres hospitaliers en psychiatrie : \nTitulaires Suppl\u00e9ants \nDamien HUGOT, D\u00e9l\u00e9gu\u00e9 r\u00e9gional adjoint  \nFHF IDF \nMadame Alice JAFFRE, Directrice adjointe, Centre \nHospitalier de Rambouillet (FHF IDF) \n \nMadame Yolande Di NATALE, Directrice g\u00e9n\u00e9rale \ndu GHT Grand-Paris Nord-Est (FHF IDF)   \nMadame Isabelle PERSEC, D\u00e9l\u00e9gu\u00e9e r\u00e9gionale \nFHF IDF \nMonsieur Vincent MICHALOUX - Direction de la \nstrat\u00e9gie et de la transformation (APHP) \n \nMadame Vanessa VILLAFRANCA - Direction de la \nstrat\u00e9gie et de la transformation (APHP) \n \n \n\u27a2 Au titre des pr\u00e9sidences de commissions m\u00e9dicales d'\u00e9tablissement de centres hospitaliers et de \ncentres hospitaliers universitaires : \n \nTitulaires Suppl\u00e9ants \nProfesseur Lo\u00efc de PONTUAL - Chef de service de \np\u00e9diatrie, h\u00f4pital Jean-Verdier (AP HP) \nDocteur Fran\u00e7ois SALACHAS - Coordonnateur du \ncentre de r\u00e9f\u00e9rence maladies rares, D\u00e9partement de \nneurologie, La Piti\u00e9 Salp\u00eatri\u00e8re (AP HP) \nDocteur Edouard DEVAUD, Pr\u00e9sident de la CME du \nGHT Novo (95) \nDocteur Omar BELKHODJA, PCME Grand H\u00f4pital de \nl'Est Francilien \nDocteur Serge LOKO, Pr\u00e9sident de la CME du CH de \nMEULAN LES Mureaux (78) \n \n\u27a2 Au titre des pr\u00e9sidences de commissions m\u00e9dicales d'\u00e9tablissement de centres hospitaliers en \npsychiatrie : \n \nTitulaires Suppl\u00e9ants \nEn attente de d\u00e9signation Docteur Ouardia OTMANI, GH Paul GUIRAUD \n \n18) Deux repr\u00e9sentants des \u00e9tablissements priv\u00e9s de sant\u00e9 \u00e0 but lucratif, dont un pr\u00e9sident de \nconf\u00e9rence m\u00e9dicale d'\u00e9tablissement : \nTitulaires Suppl\u00e9ants \nMadame Helena KISLER -ELKOUBY, D\u00e9l\u00e9gu\u00e9e \ng\u00e9n\u00e9rale (FHP IDF) \nMonsieur Patrick SERRIERE, P r\u00e9sident de la \nF\u00e9d\u00e9ration Hospitali\u00e8re Priv\u00e9e (FHP IDF) \nMadame Dominique BOULANGE, Pr\u00e9sidente du \ncentre m\u00e9dico - chirurgical Ambroise Par\u00e9, Pierre \nCHEREST et HARTMANN (92) (FHP IDF) \nDocteur Marc ZARKA , H\u00f4pital priv\u00e9 d'Evry -Clinique \nde l'Essonne (91) \nDocteur Marine COROIR, Pr\u00e9sidente CME Clinique \nMaussins-Nollet (75) \n \n  \nAgence R\u00e9gionale de Sant\u00e9 - IDF-2025-10-22-00015 - Arr\u00eat\u00e9 modificatif n\u00b0 2025-38 relatif \u00e0 la Commission Sp\u00e9cialis\u00e9e \u00ab Organisation\ndes Soins \u00bb de la Conf\u00e9rence R\u00e9gionale de la Sant\u00e9 et de l'Autonomie de la r\u00e9gion \u00cele-de-France 9\nPage 7 sur 10 \n \n19) Deux repr\u00e9sentants d'\u00e9tablissement priv\u00e9s de sant\u00e9 \u00e0 but non lucratif, dont un pr\u00e9sident de \nCME : \nTitulaires Suppl\u00e9ants \nMonsieur Renaud COUPRY - Directeur g\u00e9n\u00e9ral \nAssociation la Ch\u00e2taigneraie - CRF MENUCOURT \n(95), D\u00e9l\u00e9gu\u00e9 r\u00e9gional de la FEHAP IDF \n  \n \nMadame Julie CHASTRES, Directrice g\u00e9n\u00e9rale \nH\u00f4pital Sainte Camille (FEHAP) (94)  \nMonsieur Guillaume CHESNEL , Directeur g\u00e9n\u00e9ral \nadjoint du Groupe Hospitalier Diaconesses Croix \nSaint Simon (FEHAP IDF) \nDocteur G\u00e9rald CHOUKROUN, P neumologue et \nr\u00e9animateur m\u00e9dical, Pr\u00e9sident de CME de l'h\u00f4pital \nForcilles (77)  \n \nDocteur Marc ZINS, Pr\u00e9sident de la CME du Groupe \nHospitalier Saint Joseph (FEHAP IDF) \nDocteur Marc BEAUSSIER, Pr\u00e9sident de la CME de \nl'Institut Mutualiste Montsouris (FEHAP IDF) \n \n20) Un repr\u00e9sentant des \u00e9tablissements exer\u00e7ant des activit\u00e9s d'hospitalisation \u00e0 domicile : \nTitulaire Suppl\u00e9ant \nMonsieur Ghislain PROMONET, F\u00e9d\u00e9ration Nationale \ndes \u00e9tablissements hospitaliers \u00e0 domicile (FNEHAD) \nMonsieur Florent BOUSQUIE, Directeur de l'HAD de \nl'AP-HP \nMadame Isabelle BOUVIER, Fondation \u0152uvre de la \nCroix Saint-Simon \n \n21) Un repr\u00e9sentant des centres de sant\u00e9 et des maisons de sant\u00e9 : \nTitulaire Suppl\u00e9ant \nDocteur Fabrice GIRAUX, F\u00e9d\u00e9ration Nationale des \ncentres de sant\u00e9 (FNCS) En attente de d\u00e9signation \n \n22) Un repr\u00e9sentant des communaut\u00e9s professionnelles territoriales de sant\u00e9 : \nTitulaire Suppl\u00e9ants \nDocteur Jonathan BRAMI, Pr\u00e9sident CPTS 92 \nDocteur Marie-H\u00e9l\u00e8ne CERTAIN, Pr\u00e9sidente CPTS \n78 \nDocteur Marie-Laure SALVIATO, Pr\u00e9sidente CPTS \n91 \n \n23) Un repr\u00e9sentant des dispositifs d'appui \u00e0 la coordination aux articles L. 6327-2 et L. 6327-3 : \nTitulaires Suppl\u00e9ants \nMadame Pauline LOUIS, Directrice du DAC 94 \nMadame St\u00e9phanie WILLEMS, Directrice r\u00e9seau de \nn\u00e9phrologie \u00cele-de-France (DSR)  \nMadame Catherine MOUZAWAK, R\u00e9seau SEP \nIDF(DSR)  \n \nAgence R\u00e9gionale de Sant\u00e9 - IDF-2025-10-22-00015 - Arr\u00eat\u00e9 modificatif n\u00b0 2025-38 relatif \u00e0 la Commission Sp\u00e9cialis\u00e9e \u00ab Organisation\ndes Soins \u00bb de la Conf\u00e9rence R\u00e9gionale de la Sant\u00e9 et de l'Autonomie de la r\u00e9gion \u00cele-de-France 10\nPage 8 sur 10 \n \n24) Un repr\u00e9sentant des associations de permanences des soins intervenant dans le dispositif de \npermanence des soins : \nTitulaire Suppl\u00e9ant \nDocteur Nathalie LEROY, Secr\u00e9taire g\u00e9n\u00e9rale URPS \nm\u00e9decins lib\u00e9raux IDF \nDocteur Abraham SABBAH (CROM IDF) \nDocteur Laurent DE BASTARD, CROM IDF \n \n25) Un repr\u00e9sentant des services d'aide m\u00e9dicale urgente : \nTitulaire Suppl\u00e9ants \nProfesseur Pierre CARLI, Samu - Urgences de France \n(SUdF) \nDocteur Charlotte CHOLLET (SUdF) \nDocteur Olivier RICHARD (SUdF) \n \n26) Un repr\u00e9sentant des transports sanitaires : \nTitulaire Suppl\u00e9ant \nMonsieur Serge BEAUJEAN, Secr\u00e9taire g\u00e9n\u00e9ral de la \nF\u00e9d\u00e9ration Nationale des Artisans Ambulanciers \n(FNAA) \nMonsieur Robert Romain BIANAY, PDG Groupe \nEMERGENCE, F\u00e9d\u00e9ration nationale des \nambulanciers priv\u00e9s (FNAP) \n \n27) Un repr\u00e9sentant de services d\u00e9partementaux d'incendie et de secours ou, pour la r\u00e9gion Ile -\nde-France, un repr\u00e9sentant de la brigade de sapeurs -pompiers de Paris d\u00e9sign\u00e9 par le pr\u00e9fet \nde police :  \nTitulaire Suppl\u00e9ant \nDocteur Patrick HERTGEN, Brigade des Sapeurs- \nPompiers de Paris \nMonsieur Nicolas CHOSSAT, SDIS 91 \n \n28) Un repr\u00e9sentant des organisations syndicales repr\u00e9sentatives des m\u00e9decins des \n\u00e9tablissements publics de sant\u00e9 : \nTitulaire Suppl\u00e9ant \nDocteur St\u00e9phane DAVID, SNAM-PH \nDocteur Michel TRIANTAFYLLOU, INPH \nDocteur Catherine BOITEUX, CMH \n \n  \nAgence R\u00e9gionale de Sant\u00e9 - IDF-2025-10-22-00015 - Arr\u00eat\u00e9 modificatif n\u00b0 2025-38 relatif \u00e0 la Commission Sp\u00e9cialis\u00e9e \u00ab Organisation\ndes Soins \u00bb de la Conf\u00e9rence R\u00e9gionale de la Sant\u00e9 et de l'Autonomie de la r\u00e9gion \u00cele-de-France 11\nPage 9 sur 10 \n \n \n29) Quatre membres des unions r\u00e9gionales des professionnels de sant\u00e9 (URPS) : \n \nTitulaires Suppl\u00e9ants \nDocteur Bertrand DE ROCHAMBEAU, Vice-pr\u00e9sident \nURPS IDF- M\u00e9decins lib\u00e9raux \n \nDocteur Henri GUERINI, URPS IDF - M\u00e9decins \nlib\u00e9raux \nDocteur Patrick SIMON, tr\u00e9sorier URPS IDF - \nM\u00e9decins lib\u00e9raux \nDocteur Mardoche SEBBAG, URPS IDF - M\u00e9decins \nlib\u00e9raux \nDocteur Arnaud SAADA, URPS IDF - M\u00e9decins \nlib\u00e9raux \nDocteur Bernard ELGHOZI, T r\u00e9sorier adjoint URPS \nIDF - M\u00e9decins lib\u00e9raux \nDocteur Delphine CHADOUTAUD, Pr\u00e9sidente de \nURPS - Pharmaciens IDF \nMadame Camille COURCIER, URPS Sages - \nfemmes IDF \u2013 AUIF \nMadame Bernadette HERAULT, URPS Infirmiers \nIDF \u2013 AUIF \nMadame Fatima SAID DAUVERGNE, URPS \ninfirmiers IDF AUIF \nMonsieur Bertrand AUPICON, URPS Podologues \nIDF \u2013 AUIF \nMadame V\u00e9ronique DISSAT, URPS Orthoptistes  \u2013 \nAUIF \n \n30) Un repr\u00e9sentant de l'ordre r\u00e9gional des m\u00e9decins : \nTitulaire Suppl\u00e9ants \nDocteur Jean-Luc THOMAS (Pr\u00e9sident CROM IDF) Docteur Eric GIBERT (CROM IDF) \n \n31) Un repr\u00e9sentant du syndicat des internes en m\u00e9decine g\u00e9n\u00e9rale : \nTitulaire Suppl\u00e9ant \nMarine LOTY (Pr\u00e9sidente SIHP) Ma\u00eessa BOUKERROU (Pr\u00e9sidente SRP-IMG) \n \n32) Un repr\u00e9sentant du minist\u00e8re de la D\u00e9fense : \nTitulaire Suppl\u00e9ant \nMadame Marion AUBOIN, M\u00e9decin-chef HIA B\u00e9gin Monsieur Gilles KERANGUEVEN \n \n  \nAgence R\u00e9gionale de Sant\u00e9 - IDF-2025-10-22-00015 - Arr\u00eat\u00e9 modificatif n\u00b0 2025-38 relatif \u00e0 la Commission Sp\u00e9cialis\u00e9e \u00ab Organisation\ndes Soins \u00bb de la Conf\u00e9rence R\u00e9gionale de la Sant\u00e9 et de l'Autonomie de la r\u00e9gion \u00cele-de-France 12\nPage 10 sur 10 \n \n33) deux membres issus de la commission sp\u00e9cialis\u00e9e pour les prises en charge et \naccompagnements m\u00e9dico-sociaux :  \n \nTitulaires Suppl\u00e9ants \nMadame Claire PARDOEN, Union R\u00e9gionale \ninterf\u00e9d\u00e9rale des \u0153uvres et organismes priv\u00e9s \nsanitaires et sociaux (URIOPSS IDF) \nMadame Charlotte LEBRUN, Union R\u00e9gionale \ninterf\u00e9d\u00e9rale des \u0153uvres et organismes priv\u00e9s \nsanitaires et sociaux (URIOPSS IDF) \nMadame B rigitte VIGROUX, Union R\u00e9gionale \ninterf\u00e9d\u00e9rale des \u0153uvres et organismes priv\u00e9s \nsanitaires et sociaux (URIOPSS IDF) \nMonsieur Louis MATIAS, Directeur de la Maison \nFerrari (FEHAP IDF) \nMadame Sophie VILLEDIEU, Fondation L\u00e9opold \nBELLAN (FEHAP IDF) \nMadame Marie DEROY (FEHAP IDF) \n \nAgence R\u00e9gionale de Sant\u00e9 - IDF-2025-10-22-00015 - Arr\u00eat\u00e9 modificatif n\u00b0 2025-38 relatif \u00e0 la Commission Sp\u00e9cialis\u00e9e \u00ab Organisation\ndes Soins \u00bb de la Conf\u00e9rence R\u00e9gionale de la Sant\u00e9 et de l'Autonomie de la r\u00e9gion \u00cele-de-France 13\nAgence R\u00e9gionale de Sant\u00e9\nIDF-2025-10-20-00018\nArr\u00eat\u00e9 n\u00b0 2025-39modifiant la composition de la\ncommission sp\u00e9cialis\u00e9e \u00ab Pr\u00e9vention \u00bb de la\nConf\u00e9rence R\u00e9gionale de la Sant\u00e9 et de\nl'Autonomie de la r\u00e9gion \u00cele-de-France\nAgence R\u00e9gionale de Sant\u00e9 - IDF-2025-10-20-00018 - Arr\u00eat\u00e9 n\u00b0 2025-39modifiant la composition de la commission sp\u00e9cialis\u00e9e \u00ab\nPr\u00e9vention \u00bb de la Conf\u00e9rence R\u00e9gionale de la Sant\u00e9 et de l'Autonomie de la r\u00e9gion \u00cele-de-France 14\nREPUBLIQUEFRANCAISELibert\u00e9Egalit\u00e9Fraternit\u00e9\ne \u00bb Agence R\u00e9gionale de Sant\u00e9Ile-de-France\n \n \n1 \n \n \n \n \n \n \n \nAGENCE R\u00c9GIONALE DE SANT\u00c9 \u00ceLE-DE-FRANCE \nARR\u00caT\u00c9 N\u00b02025/39 \nArr\u00eat\u00e9 modifiant la composition de la commission sp\u00e9cialis\u00e9e \u00ab Pr\u00e9vention \u00bb de la \nConf\u00e9rence R\u00e9gionale de la Sant\u00e9 et de l'Autonomie de la r\u00e9gion \u00cele-de-France \n \nLE DIRECTEUR G\u00c9N\u00c9RAL DE L'AGENCE R\u00c9GIONALE DE SANT\u00c9 \u00ceLE-DE-FRANCE \n \n \nVU La loi n\u00b0 2009-879 du 21 juillet 2009 portant r\u00e9forme de l'h\u00f4pital et relative aux patients, \u00e0 la \nsant\u00e9 et aux territoires ; \nVU Le code de la sant\u00e9 publique et notamment les articles L.1432-4, D.1432-28 \u00e0 D.1432-53 ; \nVU Le d\u00e9cret du 10 avril 2024 portant nomination de Monsieur Denis ROBIN, Directeur g\u00e9n\u00e9ral \nde l'Agence r\u00e9gionale de sant\u00e9 d'\u00cele-de-France, \u00e0 compter du 29 avril 2024 ; \nVU  \nL'arr\u00eat\u00e9 DS n\u00b0104/2024 du 18 juin 2024 portant d\u00e9l\u00e9gation \u00e0 Madame Marion \nBOUGEARD, Directrice de la d\u00e9mocratie en sant\u00e9 et de la communication de l'Agence \nR\u00e9gionale de Sant\u00e9 \u00cele-de-France ; \n \nVU L'arr\u00eat\u00e9 modifi\u00e9 n\u00b02025/29 du 15 octobre 2025 relatif \u00e0 la composition des membres de la   \nCommission sp\u00e9cialis\u00e9e Pr\u00e9vention de la Conf\u00e9rence R\u00e9gionale de la Sant\u00e9 et de \nl'Autonomie d'\u00cele-de-France ;  \nVU L'arr\u00eat\u00e9 n\u00b0 2025/36 modifi\u00e9 du 23 octobre  2025 modifiant  la liste des membres de la \nConf\u00e9rence R\u00e9gionale de la Sant\u00e9 et de l'Autonomie d'\u00cele-de-France ; \n \n \nARRET\u00c9 \n \nARTICLE 1er : La composition de la commission sp\u00e9cialis\u00e9e \u00ab  pr\u00e9vention \u00bb de la conf\u00e9rence \nr\u00e9gionale de la sant\u00e9 et de l'autonomie d' \u00cele-de-France est fix\u00e9e de la mani\u00e8re \nfigurant en annexe. \n \nARTICLE 2 : Un recours contre le pr\u00e9sent arr\u00eat\u00e9 peut \u00eatre form\u00e9 aupr\u00e8s du tribunal administratif \nde Paris dans un d\u00e9lai de deux mois \u00e0 compter de sa notification. A l'\u00e9gard des \ntiers, ces d\u00e9lais courent \u00e0 compter de la date de publication de la d\u00e9cision au \nrecueil des actes administratifs de la pr\u00e9fecture de la r\u00e9gion d'\u00cele-de-France  \nAgence R\u00e9gionale de Sant\u00e9 - IDF-2025-10-20-00018 - Arr\u00eat\u00e9 n\u00b0 2025-39modifiant la composition de la commission sp\u00e9cialis\u00e9e \u00ab\nPr\u00e9vention \u00bb de la Conf\u00e9rence R\u00e9gionale de la Sant\u00e9 et de l'Autonomie de la r\u00e9gion \u00cele-de-France 15\nsigh\"\n \n2 \n \n \nARTICLE 3 : Le Directeur g\u00e9n\u00e9ral est charg\u00e9 de l'ex\u00e9cution du pr\u00e9sent arr\u00eat\u00e9, qui sera publi\u00e9 au \nRecueil des actes administratifs de la pr\u00e9fecture de r\u00e9gion. \n \nFait \u00e0 Saint-Denis, le 20 octobre 2025 \n \nLe Directeur g\u00e9n\u00e9ral \nde l'Agence r\u00e9gionale  \nde sant\u00e9 \u00cele-de-France \nDenis ROBIN, \n \nPar d\u00e9l\u00e9gation, \n \nCorentine NEPPEL  \nDirectrice adjointe en charge de la \nd\u00e9mocratie en sant\u00e9  \nDirection de la d\u00e9mocratie en sant\u00e9 et \nde la communication - DESCOM  \n \n \n \n \n \n \n \n \n \n \n  \n \n \n \n \n \n \n  \nAgence R\u00e9gionale de Sant\u00e9 - IDF-2025-10-20-00018 - Arr\u00eat\u00e9 n\u00b0 2025-39modifiant la composition de la commission sp\u00e9cialis\u00e9e \u00ab\nPr\u00e9vention \u00bb de la Conf\u00e9rence R\u00e9gionale de la Sant\u00e9 et de l'Autonomie de la r\u00e9gion \u00cele-de-France 16\n \n3 \n \nANNEXE \n \nComposition de la Commission Sp\u00e9cialis\u00e9e \u00ab Pr\u00e9vention \u00bb \nConf\u00e9rence r\u00e9gionale de la Sant\u00e9 et de l'Autonomie d'\u00cele-de-France \n \n \n1) Un repr\u00e9sentant du Conseil R\u00e9gional :  \nTitulaires Suppl\u00e9ants \nEn attente de d\u00e9signation En attente de d\u00e9signation \n \n2) Deux repr\u00e9sentants des Conseils d\u00e9partementaux :  \nTitulaires Suppl\u00e9ants \nMonsieur le Pr\u00e9sident du Conseil D\u00e9partemental des \nYvelines \nOu son repr\u00e9sentant titulaire \nMadame Marie-H\u00e9l\u00e8ne AUBERT, vice-pr\u00e9sidente du \nConseil d\u00e9partemental des Yvelines d\u00e9l\u00e9gu\u00e9e \u00e0 \nl'Autonomie et \u00e0 la Coop\u00e9ration d\u00e9centralis\u00e9e  \nMonsieur Marc HERZ, conseiller d\u00e9partemental des \nYvelines. \nMonsieur le Pr\u00e9sident du Conseil D\u00e9partemental des \nHauts-de-Seine \nOu son repr\u00e9sentant titulaire : Madame Alexandra \nFOURCADE, conseill\u00e8re d\u00e9partementale d\u00e9l\u00e9gu\u00e9e \naux S\u00e9niors, \u00e0 l'Autonomie et \u00e0 la Sant\u00e9 \nMadame Rita DEMBLON-POLLET, conseill\u00e8re \nd\u00e9partementale des Hauts-de-Seine d\u00e9l\u00e9gu\u00e9e \u00e0 la \nFamille  \nEn attente de d\u00e9signation \n \n3) Un repr\u00e9sentant des groupements de communes :  \nTitulaires Suppl\u00e9ants \nEn attente de d\u00e9signation En attente de d\u00e9signation \n \n4) Un repr\u00e9sentant des communes :  \nTitulaire Suppl\u00e9ant \n \nEn attente de d\u00e9signation En attente de d\u00e9signation \n \n  \nAgence R\u00e9gionale de Sant\u00e9 - IDF-2025-10-20-00018 - Arr\u00eat\u00e9 n\u00b0 2025-39modifiant la composition de la commission sp\u00e9cialis\u00e9e \u00ab\nPr\u00e9vention \u00bb de la Conf\u00e9rence R\u00e9gionale de la Sant\u00e9 et de l'Autonomie de la r\u00e9gion \u00cele-de-France 17\n \n4 \n \n \n5) Quatre repr\u00e9sentants des associations agr\u00e9\u00e9es au titre de l'article L.1114 -1 : \nTitulaires Suppl\u00e9ants \nMadame Dominique LAMARCHE \u2013 Association \nfran\u00e7aise des h\u00e9mophiles \n \nMonsieur Thomas SANNIE \u2013 Association fran\u00e7aise \ndes h\u00e9mophiles \nMadame Christine NOEL \u2013 Association fran\u00e7aise \ndes h\u00e9mophiles \nMadame Catherine BROUTIN PIOLOT - UNAFAM \nMonsieur Michel BEVE \u2013 UNAFAM \nMonsieur Jean-Louis RADET \u2013 ARGOS 2001 \nMadame Fran\u00e7oise PERROT  \u2013 France Alzheimer \nParis \nMonsieur Jean-Pierre BESNARD - VMEH \nEn attente de d\u00e9signation \nMonsieur Jean WILS \u2013 ALMA Paris \nMadame Karine SCHWAIGHO FER \u2013Comit\u00e9 de la \nligue contre le cancer 93  \nMadame Christiane CHEVILLARD \u2013 Comit\u00e9 de la \nligue contre le cancer 78  \n \n6) Un repr\u00e9sentant des associations de retrait\u00e9s et personnes \u00e2g\u00e9es :  \nTitulaires Suppl\u00e9ants \nMonsieur G\u00e9rard PERRIER - CDCA 93 \nMonsieur Philippe PINGLIN - CDCA 93 \nMonsieur Alain GAVILLET - CDCA 95 \n \n7) Un repr\u00e9sentant des associations de personnes handicap\u00e9es : \nTitulaires Suppl\u00e9ants \nMonsieur Daniel CHAZARAIN - CDCA 78 Monsieur Patrick FIZET - CDCA 93 \n \n8) Un repr\u00e9sentant des conseils territoriaux de sant\u00e9 : \nTitulaires Suppl\u00e9ants \nMonsieur Jean-Pierre AQUINO - CTS 78 En attente de d\u00e9signation \n \n  \nAgence R\u00e9gionale de Sant\u00e9 - IDF-2025-10-20-00018 - Arr\u00eat\u00e9 n\u00b0 2025-39modifiant la composition de la commission sp\u00e9cialis\u00e9e \u00ab\nPr\u00e9vention \u00bb de la Conf\u00e9rence R\u00e9gionale de la Sant\u00e9 et de l'Autonomie de la r\u00e9gion \u00cele-de-France 18\n \n5 \n \n9) Un repr\u00e9sentant des organisations syndicales de salari\u00e9s : \nTitulaires Suppl\u00e9ants \nMonsieur Jos\u00e9 ALVAREZ - CFE CGC \nMadame Marie-Laurence BONMARCHAND \nMadame Bettina KEMPF \n \n10) Un repr\u00e9sentant des organisations syndicales d'employeurs : \nTitulaires Suppl\u00e9ants \nMadame Martine GUIBERT - CPME \nMadame H\u00e9l\u00e8ne REQUI \nMadame Evelyne GUFFENS \n \n11) Un repr\u00e9sentant des organisations syndicales des artisans, des commer\u00e7ants et des \nprofessions lib\u00e9rales :  \nTitulaires Suppl\u00e9ants \nEn attente de d\u00e9signation  En attente de d\u00e9signation \n \n12) Un repr\u00e9sentant au titre des associations \u0153uvrant dans le champ de la lutte contre la \npr\u00e9carit\u00e9 :  \nTitulaires Suppl\u00e9ants \nMonsieur Pascal BOUCART - URIOPSS IDF \nMonsieur Simon BURRUNI - URIOPSS IDF \nMadame Judith OLLE \u2013 URIOPSS IDF \n \n13) Un repr\u00e9sentant de la branche retraite et de la branche des accidents du travail : \nTitulaires Suppl\u00e9ants \nMonsieur Noel MOURE - CRAMIF En attente de d\u00e9signation \n \n  \nAgence R\u00e9gionale de Sant\u00e9 - IDF-2025-10-20-00018 - Arr\u00eat\u00e9 n\u00b0 2025-39modifiant la composition de la commission sp\u00e9cialis\u00e9e \u00ab\nPr\u00e9vention \u00bb de la Conf\u00e9rence R\u00e9gionale de la Sant\u00e9 et de l'Autonomie de la r\u00e9gion \u00cele-de-France 19\n \n6 \n \n14) Un repr\u00e9sentant des caisses d'allocations familiales : \nTitulaires Suppl\u00e9ants \nMonsieur Moulay TAHIRI, Vice-pr\u00e9sident de la  \nCAF (94)  \nMadame Dolor\u00e8s DAMBRIN, Administratrice de la \nCAF (75) \nMadame Marinette SOLER -KERRIEN, Pr\u00e9sidente \nde la CAF (93) \n \n15) Un repr\u00e9sentant de la Mutualit\u00e9 Fran\u00e7aise : \nTitulaires Suppl\u00e9ants \nMonsieur Aldino IZZI   - Membre du bureau Mutualit\u00e9 \nFran\u00e7aise) \nMonsieur Philippe HEDIN, Pr\u00e9sident de l'Union \ndes Mutuelles co-g\u00e9r\u00e9es-social  \nMadame Carole DECHAMPS - Mutualit\u00e9 \nFran\u00e7aise \n \n16) Un repr\u00e9sentant des services de sant\u00e9 scolaire et universitaire : \nTitulaires Suppl\u00e9ants \nEn attente de d\u00e9signation \n \nEn attente de d\u00e9signation  \n \n \n17) Un repr\u00e9sentant des services de sant\u00e9 au travail : \nTitulaires Suppl\u00e9ants \nDocteur Karine FERRAND - AMETIF 95 \nEn attente de d\u00e9signation  \nDocteur Michel KLERLEIN - SST AIR France 95 \n \n18) Un repr\u00e9sentant des services d\u00e9partementaux de PMI : \nTitulaires Suppl\u00e9ants \nEn attente de d\u00e9signation Docteur Claudette BUISSON - PMI 91 \n \n  \nAgence R\u00e9gionale de Sant\u00e9 - IDF-2025-10-20-00018 - Arr\u00eat\u00e9 n\u00b0 2025-39modifiant la composition de la commission sp\u00e9cialis\u00e9e \u00ab\nPr\u00e9vention \u00bb de la Conf\u00e9rence R\u00e9gionale de la Sant\u00e9 et de l'Autonomie de la r\u00e9gion \u00cele-de-France 20\n \n7 \n \n19) Un repr\u00e9sentant des organismes \u0153uvrant dans le champ de la promotion de la sant\u00e9, la \npr\u00e9vention ou l'\u00e9ducation pour la sant\u00e9 :  \nTitulaires Suppl\u00e9ants \nMadame Isabelle GREMY, Personnalit\u00e9 Qualifi\u00e9e, \nHaut conseil de la sant\u00e9 publique \nDocteur Philippe CARETTE - Institut Renaudot \nMonsieur Jean NORMAND - Association \nAddictions \n \n20) Un repr\u00e9sentant au titre des organismes \u0153uvrant dans le domaine de l'observation de la \nsant\u00e9 : \nTitulaires Suppl\u00e9ants \nMadame Nathalie BELTZER - ORS IDF Madame Lydie GIBEY - CREAI \u00cele-de-France \n \n21) Un repr\u00e9sentant des associations de protection de l'environnement agr\u00e9\u00e9es : \nTitulaires Suppl\u00e9ants \nMadame Agn\u00e8s BAUCHE (FNE) \nMadame Marion PEPIN (FNE \nMonsieur Jean-Pierre PARISOT (FNE) \n \n22) Quatre repr\u00e9sentants des offreurs des services de sant\u00e9 : \nTitulaires Suppl\u00e9ants \nDocteur Mardoche SEBBAG - URPS m\u00e9decins \nDocteur Arnaud SAADA \nDocteur Bernard ELGHOZI \nMonsieur Yvan TOURJANSKY  - URPS masseurs \nkin\u00e9sith\u00e9rapeutes \nMadame Anne-Sophie HADELER \nDocteur Eric DOURIEZ \nEn attente de d\u00e9signation  \n \nEn attente de d\u00e9signation  \n \nMadame Claire PARDOEN \u2013 URIOPSS IDF \nMadame Charlotte LEBRUN - URIOPSS IDF \nMadame Brigitte VIGROUX - URIOPSS IDF \n \n \nAgence R\u00e9gionale de Sant\u00e9 - IDF-2025-10-20-00018 - Arr\u00eat\u00e9 n\u00b0 2025-39modifiant la composition de la commission sp\u00e9cialis\u00e9e \u00ab\nPr\u00e9vention \u00bb de la Conf\u00e9rence R\u00e9gionale de la Sant\u00e9 et de l'Autonomie de la r\u00e9gion \u00cele-de-France 21\nDirection r\u00e9gionale et interd\u00e9partementale de\nl'\u00e9conomie, de l'emploi, du travail et des\nsolidarit\u00e9s d'\u00cele-de-France\nIDF-2025-10-24-00010\nD\u00e9cision n\u00b0 2025-204 du 24 octobre 2025\nportant affectation des agents de contr\u00f4le dans\nles unit\u00e9s de contr\u00f4le et gestion des int\u00e9rims de\nla direction d\u00e9partementale de l'emploi, du\ntravail et des solidarit\u00e9s de l'Essonne\nDirection r\u00e9gionale et interd\u00e9partementale de l'\u00e9conomie, de l'emploi, du travail et des solidarit\u00e9s d'\u00cele-de-France -\nIDF-2025-10-24-00010 - D\u00e9cision n\u00b0 2025-204 du 24 octobre 2025\nportant affectation des agents de contr\u00f4le dans les unit\u00e9s de contr\u00f4le et gestion des int\u00e9rims de la direction d\u00e9partementale de\nl'emploi, du travail et des solidarit\u00e9s de l'Essonne\n22\nMINISTEREDU TRAVAILET DES SOLIDARITESLibert\u00e9Egalit\u00e9Fraternit\u00e9\n \nDRIEETS Ile de France  \n32, rue Jean Jaur\u00e8s \n93200 SAINT-DENIS                                                                                                                                                                                                                                      1 / 3 \n \nDirection r\u00e9gionale et interd\u00e9partementale \nde l'\u00e9conomie, de l'emploi, \ndu travail et des solidarit\u00e9s \nd'Ile-de-France \n \n \n \nD\u00e9cision n\u00b0 2025-204 du 24 octobre 2025 \nportant affectation des agents de contr\u00f4le dans les unit\u00e9s de contr\u00f4le et gestion des int\u00e9rims de la direction \nd\u00e9partementale de l'emploi, du travail et des solidarit\u00e9s de l'Essonne  \n \n \nLe directeur r\u00e9gional et interd\u00e9partemental de l'\u00e9conomie, de l'emploi, du travail et des solidarit\u00e9s d'\u00cele-de-France,  \n \nVu le code du travail, notamment ses articles R. 8122-1 et suivants, \n \nVu le d\u00e9cret n\u00b0 2020 -1545 du 9 d\u00e9cembre 2020 relatif \u00e0 l'organisation et aux missions des directions r\u00e9gionales de \nl'\u00e9conomie, de l'emploi, du travail et des solidarit\u00e9s, des directions d\u00e9partementales de l'emploi, du travail et des \nsolidarit\u00e9s et des directions d\u00e9partementales de l'emploi, du travail, des solidarit\u00e9s et de la protection des populations, \n \nVu l'arr\u00eat\u00e9 minist\u00e9riel du 25 mars 2024 portant cr\u00e9ation et r\u00e9partition des unit\u00e9s de contr\u00f4le de l'inspection du travail, \n \nVu la d\u00e9cision n\u00b0 2021 -26 du 1er avril 2021 du directeur r\u00e9gional et interd\u00e9partemental de l'\u00e9conomie, de l'emploi, du \ntravail et des solidarit\u00e9s d'Ile-de-France relative \u00e0 la localisation et \u00e0 la d\u00e9limitation des unit\u00e9s de contr\u00f4le et des sections \nd'inspection du travail du d\u00e9partement de l'Essonne,  \n \nD\u00c9CIDE : \n \nArticle 1 : Sont nomm\u00e9s responsables d'unit\u00e9s de contr\u00f4le d'inspection du travail de la direction d\u00e9partementale de \nl'emploi, du travail et des solidarit\u00e9s de l'Essonne les agents suivants : \n- - Unit\u00e9 de contr\u00f4le n\u00b01 : Vacant. Par int\u00e9rim, Monsieur Lo\u00efc CAMUZAT, directeur adjoint du travail, \n- - Unit\u00e9 de contr\u00f4le n\u00b02 : Monsieur Lo\u00efc CAMUZAT, directeur adjoint du travail, \n- - Unit\u00e9 de contr\u00f4le n\u00b03 : Madame Sylvie MALUDI, directrice adjointe du travail. \n \nArticle 2 : Sans pr\u00e9judice des dispositions de l'article R. 8122-10-1 du code du travail et conform\u00e9ment aux dispositions de \nl'article R.8122-11 du code du travail, sont affect\u00e9s dans les sections d'inspection du travail de la direction d\u00e9partementale \nde l'emploi, du travail et des solidarit\u00e9s de l'Essonne les agents suivants : \n \nUnit\u00e9 de contr\u00f4le n\u00b01 : \n\u2022 Section 1-1T : Madame St\u00e9phanie DUVAL, directrice adjointe du travail assumant des fonctions d'inspectrice du \ntravail. \n\u2022 Section 1-2T : Madame Nad\u00e8ge RAVASSAT, inspectrice du travail. \n\u2022 Section 1-3 : Section vacante. L'int\u00e9rim  est assur\u00e9 par madame St\u00e9phanie DUVAL, directrice adjointe du travail \nassumant des fonctions d'inspectrice du travail. \n\u2022 Section 1-4 : Mme Na\u00efla OTT, inspectrice du travail. \n\u2022 Section 1-5 :  Monsieur Samy GHERBI, inspecteur du travail. \n\u2022 Section 1-6T : Madame B\u00e9atrice CHARPENTIER, inspectrice du travail  \n\u2022 Section 1-7 : Monsieur Micka\u00ebl TADRIST, inspecteur du travail. \n\u2022 Section 1-8 : Madame Pauline BRUNEAU, inspectrice du travail. \n\u2022 Section 1-9 : Madame Farida BARA, inspectrice du travail, \u00e0 l'exception de l'\u00e9tablissement Clinique de l'Yvette (n\u00b0 \nSiret : 96420200600026), sis \u00e0 Longjumeau, dont le contr\u00f4le est confi\u00e9 \u00e0 Madame Nad\u00e8ge RAVASSAT, inspectrice \ndu travail. \n\u2022 Section 1-10A : Madame Nad\u00e8ge CLAUDE, inspectrice du travail, \u00e0 l'exception de l'\u00e9tablissement CSF (n\u00b0 Siret : \n44028375204822), sis \u00e0 Limours, dont le contr\u00f4le est confi\u00e9 \u00e0 Madame Ma\u00ebva MAUSSE, inspectrice du travail. \n\u2022 Section 1-11A :  Madame Ma\u00ebva MAUSSE, inspectrice du travail. \n \n \nDirection r\u00e9gionale et interd\u00e9partementale de l'\u00e9conomie, de l'emploi, du travail et des solidarit\u00e9s d'\u00cele-de-France -\nIDF-2025-10-24-00010 - D\u00e9cision n\u00b0 2025-204 du 24 octobre 2025\nportant affectation des agents de contr\u00f4le dans les unit\u00e9s de contr\u00f4le et gestion des int\u00e9rims de la direction d\u00e9partementale de\nl'emploi, du travail et des solidarit\u00e9s de l'Essonne\n23\n2 / 3 \nUnit\u00e9 de contr\u00f4le n\u00b02 : \n\u2022 Section 2-1 : Monsieur Bastien JUPIN, inspecteur du travail. \n\u2022 Section 2-2A : Madame Alice RINAUDO, inspectrice du travail. \n\u2022 Section 2-3T : Madame Anahita RAHMANINIKOO, inspectrice du travail. \n\u2022 Section 2-4 : Monsieur Pascal GRAILLOT, inspecteur du travail. \n\u2022 Section 2-5 : Monsieur Olivier OU-RABAH, inspecteur du travail.  \n\u2022 Section 2-6 : Section vacante. L'int\u00e9rim est assur\u00e9 par Monsieur Olivier OU-RABAH, inspecteur du travail. \n\u2022 Section 2-7 :  Madame C\u00e9cile IVORRA, inspectrice du travail. \n\u2022 Section 2-8T : Madame Chlo\u00e9 DOUT\u00c9, inspectrice du travail. \n\u2022 Section 2-9A : Monsieur Ma\u00ebl GUILLAUME, inspecteur du travail. \n\u2022 Section 2-10 :  Monsieur Paul ALMOUZNI, inspecteur du travail. \n\u2022 Section 2-11 : Section vacante. L'int\u00e9rim est assur\u00e9 par Monsieur Paul ALMOUZNI, inspecteur du travail. \n \nUnit\u00e9 de contr\u00f4le n\u00b03 : \n\u2022 Section 3-1 : Madame Nazli NOZARIAN, inspectrice du travail. \n\u2022 Section 3-2 : Madame Corinne CATALIFAUT, inspectrice du travail. \n\u2022 Section 3-3 : Monsieur Emmanuel ROGEZ, inspecteur du travail. \n\u2022 Section 3-4A : Monsieur G\u00e9rald IVA, inspecteur du travail. \n\u2022 Section 3-5 : Madame Am\u00e9lie STOIAN, inspectrice du travail. \n\u2022 Section 3-6T : Monsieur Mathieu MIGEON, inspecteur du travail. \n\u2022 Section 3-7 : Monsieur Fr\u00e9d\u00e9ric CACHEUX, inspecteur du travail. \n\u2022 Section 3-8 : Madame Isabelle ATINE-PONDEZI, inspectrice du travail. \n\u2022 Section 3-9 : Madame C\u00e9line BARBAROT, inspectrice du travail.  \n\u2022 Section 3-10A : Madame Aur\u00e9lie FORHAN, inspectrice du travail. \n\u2022 Section 3-11T :  Monsieur Fran\u00e7ois DA ROCHA, inspecteur du travail. \n \nArticle 3 : En cas d'emp\u00eachement d'un ou plusieurs agents de contr\u00f4le d\u00e9sign\u00e9s \u00e0 l'article 1 ci-dessus, l'int\u00e9rim est organis\u00e9 \nselon les modalit\u00e9s ci-apr\u00e8s : \n\u00c0 titre principal, en cas d'absence ou d'emp\u00eachement d'un inspecteur du travail, l'int\u00e9rim sera assur\u00e9 par un inspecteur \ndu travail affect\u00e9 dans la m\u00eame unit\u00e9 de contr\u00f4le et lorsque les circonstances le n\u00e9cessitent, par un inspecteur du travail \naffect\u00e9 dans une des trois autres unit\u00e9s de contr\u00f4le. \n \nArticle 4 : Conform\u00e9ment aux dispositions de l'article R.8122-10 du code du travail, les agents affect\u00e9s en unit\u00e9 de contr\u00f4le, \nparticipent lorsque l'action le rend n\u00e9cessaire aux actions d'inspection de la l\u00e9gislation du travail sur le territoire de l'unit\u00e9 \nd\u00e9partementale \u00e0 laquelle est rattach\u00e9e l'unit\u00e9 de contr\u00f4le o\u00f9 ils sont affect\u00e9s. \n \nArticle 5 : Sans pr\u00e9judice des attributions des agents de contr\u00f4le affect\u00e9s en section d'inspection, Monsieur Lo\u00efc \nCAMUZAT, directeur adjoint du travail et Madame Sylvie MALUDI, directrice adjointe du travail, exercent une mission de \ncontr\u00f4le en appui \u00e0 toutes les sections d'inspection. \n \nArticle 6 : En cas d'absence ou d'emp\u00eachement, l'i nt\u00e9rim de Monsieur Lo\u00efc CAMUZAT  ou de Madame Sylvie MALUDI, \nresponsables d'unit\u00e9 de contr\u00f4le, est assur\u00e9 par l'autre responsable d'unit\u00e9 de contr\u00f4le. \nEn cas d'absence ou d'emp\u00eachement simultan\u00e9 de Monsieur Lo\u00efc CAMUZAT et de Madame Sylvie MALUDI, responsables \nd'unit\u00e9s de contr\u00f4le, l'int\u00e9rim des unit\u00e9s de contr\u00f4le N\u00b0 1, 2 et 3, est assur\u00e9 par Madame Loriane COURTOIS, directrice \nadjointe du travail ou Monsieur St\u00e9phane ROUXEL, directeur du travail. \n \nArticle 7 : La pr\u00e9sente d\u00e9cision prend effet \u00e0 sa date de sa publication  et au plus t\u00f4t le 1er novembre 2025. Elle abroge la \nd\u00e9cision n\u00b0 2025-121 du 4 juillet 2025. \n \nArticle 8 : Le directeur r \u00e9gional et interd \u00e9partemental de l '\u00e9conomie, de l 'emploi, du travail et des solidarit \u00e9s d'Ile-de-\nFrance et le directeur d\u00e9partemental de l'emploi, du travail et des solidarit\u00e9s de l'Essonne sont charg\u00e9s de l'ex\u00e9cution de \nla pr\u00e9sente d\u00e9cision qui sera publi\u00e9e au recueil des actes administratifs de la r\u00e9gion \u00cele -de-France et de la pr\u00e9fecture du \nd\u00e9partement de l'Essonne. \n \nFait \u00e0 Saint-Denis, le 24 octobre 2025 \nLe directeur r\u00e9gional et interd\u00e9partemental \nde l'\u00e9conomie, de l'emploi, du travail et des solidarit\u00e9s \n \nSIGN\u00c9 \n \nFabrice MASI \nDirection r\u00e9gionale et interd\u00e9partementale de l'\u00e9conomie, de l'emploi, du travail et des solidarit\u00e9s d'\u00cele-de-France -\nIDF-2025-10-24-00010 - D\u00e9cision n\u00b0 2025-204 du 24 octobre 2025\nportant affectation des agents de contr\u00f4le dans les unit\u00e9s de contr\u00f4le et gestion des int\u00e9rims de la direction d\u00e9partementale de\nl'emploi, du travail et des solidarit\u00e9s de l'Essonne\n24\nDirection r\u00e9gionale et interd\u00e9partementale de\nl'\u00e9conomie, de l'emploi, du travail et des\nsolidarit\u00e9s d'\u00cele-de-France\nIDF-2025-10-24-00009\nD\u00e9cision n\u00b0 2025-205 du 24 octobre 2025\nportant affectation des agents de contr\u00f4le dans\nles unit\u00e9s de contr\u00f4le et gestion des int\u00e9rims de\nla direction d\u00e9partementale de l'emploi, du\ntravail et des solidarit\u00e9s de Seine-et-Marne\nDirection r\u00e9gionale et interd\u00e9partementale de l'\u00e9conomie, de l'emploi, du travail et des solidarit\u00e9s d'\u00cele-de-France -\nIDF-2025-10-24-00009 - D\u00e9cision n\u00b0 2025-205 du 24 octobre 2025\nportant affectation des agents de contr\u00f4le dans les unit\u00e9s de contr\u00f4le et gestion des int\u00e9rims de la direction d\u00e9partementale de\nl'emploi, du travail et des solidarit\u00e9s de Seine-et-Marne\n25\nMINISTEREDU TRAVAIL |ET DES SOLIDARIT\u00c9SLibert\u00e9Egalit\u00e9Fraternit\u00e9\n \n \nDRIEETS d'Ile de France \n32 rue Jean Jaur\u00e8s \n      93200 SAINT DENIS                                                                                                                                                                                                                  1 / 4 \n \n  \n \nDirection r\u00e9gionale et interd\u00e9partementale \nde l'\u00e9conomie, de l'emploi, \ndu travail et des solidarit\u00e9s \nd'Ile de France \n \n \n \n \n \nD\u00e9cision n\u00b0 2025-205 du 24 octobre 2025 \nportant affectation des agents de contr\u00f4le dans les unit\u00e9s de contr\u00f4le et gestion des int\u00e9rims de la \ndirection d\u00e9partementale de l'emploi, du travail et des solidarit\u00e9s de Seine -et-Marne \n \n \n \nLe directeur r\u00e9gional de l'\u00e9conomie, de l'emploi, du travail et des solidarit\u00e9s de la r\u00e9gion Ile-de-France, \n \nVu le code du travail, notamment ses articles R. 8122-1 et suivants.  \n \nVu le d\u00e9cret n\u00b0 2020 -1545 du 9 d\u00e9cembre 2020 relatif \u00e0 l'organisation et aux missions des directions r\u00e9gionales \nde l'\u00e9conomie, de l'emploi, du travail et des solidarit\u00e9s, des directions d\u00e9partementales de l'emploi, du travail et \ndes solidarit\u00e9s et des directions d\u00e9partementales de l'emploi, du travail, des solidarit\u00e9s et de la protection des \npopulations, \n \nVu l'arr\u00eat\u00e9 interminist\u00e9riel du 12 ao\u00fbt  2025 nommant Monsieur Fabrice MASI  directeur r\u00e9gional et \ninterd\u00e9partemental de l'\u00e9conomie, de l'emploi, du travail et des solidarit\u00e9s d'\u00cele-de-France, \u00e0 compter du 25 ao\u00fbt \n2025, \n \nVu l'arr\u00eat\u00e9 minist\u00e9riel du 25 mars 2024 portant cr\u00e9ation et r\u00e9partition des unit\u00e9s de contr\u00f4le de l'inspection du \ntravail,  \n \nVu la d\u00e9cision n\u00b0 2023-193 du 26 d\u00e9cembre 2023 du directeur r\u00e9gional et interd\u00e9partemental de l'\u00e9conomie, de \nl'emploi, du travail et des solidarit\u00e9s d'Ile -de-France relative \u00e0 la localisation et \u00e0 la d\u00e9limitation des unit\u00e9s de \ncontr\u00f4le et des sections d'inspection du travail de la direction d\u00e9partementale de l'emploi, du travail et des \nsolidarit\u00e9s de Seine et Marne, \n \nD\u00c9CIDE \n \nArticle 1er  \n \nSans pr\u00e9judice des dispositions de l'article R.8122 -10 du code du travail et conform\u00e9ment aux dispositions de \nl'article R.8122-11 du code du travail, sont affect\u00e9s dans les sections d'inspection de la direction d\u00e9partementale \nde l'emploi, du travail et des solidarit\u00e9s de Seine et Marne les agents suivants : \nUnit\u00e9 de contr\u00f4le N\u00b0 1  \nsise 3 rue de la Galmy CS 10582 77701 Marne la Vall\u00e9e Cedex 4 \n \nResponsable de l'unit\u00e9 de contr\u00f4le : Monsieur Jean-Baptiste LY VAN TU, Directeur adjoint du travail  \n \nSection 1-01 A : Madame Pauline LEFEVRE, Inspectrice du travail \n \nSection 1-02 : Madame Laetitia HENNOUS, Inspectrice du travail \n \nSection 1-03 : Madame Ellouna BENELMOUFFOK, Inspectrice du travail \n \nDirection r\u00e9gionale et interd\u00e9partementale de l'\u00e9conomie, de l'emploi, du travail et des solidarit\u00e9s d'\u00cele-de-France -\nIDF-2025-10-24-00009 - D\u00e9cision n\u00b0 2025-205 du 24 octobre 2025\nportant affectation des agents de contr\u00f4le dans les unit\u00e9s de contr\u00f4le et gestion des int\u00e9rims de la direction d\u00e9partementale de\nl'emploi, du travail et des solidarit\u00e9s de Seine-et-Marne\n26\n \n \n2 / 4 \nSection 1-04 : Madame Nolwenn LE YOUDEC, Inspectrice du travail \n \nSection 1-05 TF et Fl : Madame Juliette MATHIEU, Inspectrice du travail \n \nSection 1-06 : Monsieur Alexis COSTES, Inspecteur du travail  \n \nSection 1-07 : Mme Aur\u00e9lie BELLENGER, Inspectrice du travail \n \nSection 1-08 TR : Monsieur Karim BOURAS, Inspecteur du travail \n \nUnit\u00e9 de contr\u00f4le N\u00b0 2  \nsise 3 rue de la Galmy CS 10582 77701 Marne la Vall\u00e9e Cedex 4 \n \nResponsable de l'unit\u00e9 de contr\u00f4le : Poste vacant \n \nMonsieur R\u00e9gis PERROT, Directeur du travail, est en charge de l'int\u00e9rim du poste \n \nSection 2-01 : Monsieur Thomas SALGADO, Inspecteur du travail \n \nSection 2-02 : Section vacante  \n \nMonsieur Jean-Baptiste LY VAN TU Directeur adjoint du travail assumant les fonctions d'inspecteur du travail est \nen charge de l'int\u00e9rim de la section \n \nSection 2-03 :  Madame Ga\u00eblle BOTZUNG, Inspectrice du travail \n \nSection 2-04 : Monsieur L\u00e9o BOURSIER, Inspecteur du travail \n \nSection 2-05 T : Madame Carmen ZIEGLER, Inspectrice du travail \n \nSection 2-06 : Madame Mathilde MALHER, Inspectrice du travail  \n \nSection 2-07 : Madame Marine DESMORTIERS, Inspectrice du travail \n \nSection 2-08 A : Madame Christine GHIZZONI, Inspectrice du travail  \n \nEn cas d'absence ou d'emp\u00eachement de Madame Christine GHIZZONI, l'int\u00e9rim de la section  est assur\u00e9 par \nMadame Ga\u00eblle BOTZUNG, Inspectrice du travail \nUnit\u00e9 de contr\u00f4le N\u00b0 3  \n20 quai Hippolyte Rossignol 77011 Melun cedex \n \nResponsable de l'unit\u00e9 de contr\u00f4le : Monsieur Rapha\u00ebl SEROUR, Directeur adjoint du travail \n \nSection 3-01 : Madame No\u00e9mie CHASSARD, Inspectrice du travail \n \nSection 3-02 : Madame Evelyne ZOUBICOU, Inspectrice du travail \n \nSection 3-03 : Madame Nathalie BARBERYE, Inspectrice du travail \n \nSection 3-04 : Madame Cl\u00e9lia SCALI, Inspectrice du travail \n \nSection 3-5 : Monsieur Miguel REVES, Inspecteur du travail \n  \nSection 3-6 A :  Madame Laura TERROBA, Inspectrice du travail \n \nSection3-07 T : Madame Ingrid LAWSON, Inspectrice du travail \n \nSection3-08 : Madame Amandine BARON-ALECI, Inspectrice du travail \nDirection r\u00e9gionale et interd\u00e9partementale de l'\u00e9conomie, de l'emploi, du travail et des solidarit\u00e9s d'\u00cele-de-France -\nIDF-2025-10-24-00009 - D\u00e9cision n\u00b0 2025-205 du 24 octobre 2025\nportant affectation des agents de contr\u00f4le dans les unit\u00e9s de contr\u00f4le et gestion des int\u00e9rims de la direction d\u00e9partementale de\nl'emploi, du travail et des solidarit\u00e9s de Seine-et-Marne\n27\n \n \n3 / 4 \n \nUnit\u00e9 de contr\u00f4le N\u00b0 4  \n20 quai Hippolyte Rossignol 77011 Melun cedex \n \nResponsable de l'unit\u00e9 de contr\u00f4le : Poste vacant \n \nMonsieur Rapha\u00ebl SEROUR, Directeur adjoint du travail, est en charge de l'int\u00e9rim du poste \n \nSection 4-01A : Madame Karine PAUVERT, Contr\u00f4leuse du Travail  \n \nMadame Caroline ROUSSEAU, Inspectrice du travail, est en charge du contr\u00f4le des \u00e9tablissements d'au moins 50 \nsalari\u00e9s.  \n \nConform\u00e9ment aux dispositions de l'article R. 8122-11 1\u00b0 du code du travail, Madame Caroline ROUSSEAU exerce \nles pouvoirs de d\u00e9cision administrative relevant de la comp\u00e9tence exclusive d'un inspecteur du travail. \n \nSection 4-02: Madame Nadia DIOP, Inspectrice du travail \n \nSection 4-03 : Monsieur Raphael PREAU, Inspecteur du travail \n \nSection 4-04 : Madame Mathilde HERMIER, Inspectrice du travail \n \nSection 4-05 F : Madame Charlotte ALLAIRE, Inspectrice du travail. \n \nSection 4-06 : Madame Maud HABERT, Inspectrice du travail \n \nSection 4-07 : Madame Caroline ROUSSEAU, Inspectrice du travail  \n \nSection 4-08 T : Madame Karine MEDAILLE, Inspectrice du travail \n \nSection 4-09 : Monsieur Anthony TRAVERT, Inspecteur du travail \n \n \nArticle 2 \n \nEn cas d'absence ou d'emp\u00eachement d'un ou d'une responsable d'unit\u00e9 de contr\u00f4le d\u00e9sign\u00e9s \u00e0 l'article 1 ci-dessus, \nl'int\u00e9rim sera assur\u00e9 par un ou une autre responsable d'unit\u00e9 de contr\u00f4le de la Direction d\u00e9partementale de \nl'emploi du travail et des solidarit\u00e9s de Seine et Marne. \n \nEn cas d'absence ou d'emp\u00eachement d'un inspecteur ou d'une inspectrice du travail, l'int\u00e9rim sera \nprioritairement assur\u00e9 par un inspecteur ou inspectrice du travail affect\u00e9(e) dans la m\u00eame unit\u00e9 de contr\u00f4le ou \u00e0 \nd\u00e9faut une autre unit\u00e9 de contr\u00f4le ou par un  responsable d'unit\u00e9 de contr\u00f4le dans la m\u00eame ou une autre unit\u00e9 \nde contr\u00f4le. \n \nEn cas d'absence ou d'emp\u00eachement d'un contr\u00f4leur ou d'une contr\u00f4leuse du travail, l'int\u00e9rim sera assur\u00e9 par un \ncontr\u00f4leur ou contr\u00f4leuse du travail affect\u00e9(e) dans la m\u00eame unit\u00e9 de contr\u00f4le et, en cas d'absence ou \nd'emp\u00eachement de celui-ci ou de celle-ci, par un contr\u00f4leur ou une contr\u00f4leuse du travail affect\u00e9(e) sur l'une des \nautres unit\u00e9s de contr\u00f4le ou, en cas d'absence ou d'emp\u00eachement, par un inspecteur du travail ou d'une \ninspectrice du travail affect\u00e9(e) dans la m\u00eame unit\u00e9 de contr\u00f4le ou une autre u nit\u00e9 de contr\u00f4le ou par un \nresponsable d'unit\u00e9 de contr\u00f4le dans la m\u00eame ou une autre unit\u00e9 de contr\u00f4le. \n \n \nArticle 3  \n \nConform\u00e9ment aux dispositions de l'article R.8122 -10 du code du travail, les agents mentionn\u00e9s \u00e0 l'article 1 \nparticipent lorsque l'action le rend n\u00e9cessaire aux actions d'inspection de la l\u00e9gislation du travail sur le territoire \nde la direction d\u00e9partementale de l'emploi du travail et des solidarit\u00e9s de Seine et Marne \u00e0 laquelle est rattach\u00e9e \nl'Unit\u00e9 de contr\u00f4le o\u00f9 ils sont affect\u00e9s. \n \n \nDirection r\u00e9gionale et interd\u00e9partementale de l'\u00e9conomie, de l'emploi, du travail et des solidarit\u00e9s d'\u00cele-de-France -\nIDF-2025-10-24-00009 - D\u00e9cision n\u00b0 2025-205 du 24 octobre 2025\nportant affectation des agents de contr\u00f4le dans les unit\u00e9s de contr\u00f4le et gestion des int\u00e9rims de la direction d\u00e9partementale de\nl'emploi, du travail et des solidarit\u00e9s de Seine-et-Marne\n28\n \n \n4 / 4 \n \nArticle 4 \n \nLa d\u00e9cision n \u00b0 2025-175 du 03 septembre 2025  portant affectation des agents de contr\u00f4le dans les unit\u00e9s de \ncontr\u00f4le et gestion des int\u00e9rims de la direction d\u00e9partementale de l'emploi, du travail et des solidarit\u00e9s de Seine \net Marne, est abrog\u00e9e. \n \n \nArticle 5 \n \nLa pr\u00e9sente d\u00e9cision prend effet \u00e0 la date de sa publication. \n \n \nArticle 6 \n \nLe directeur r\u00e9gional et interd\u00e9partemental de l'\u00e9conomie, de l'emploi, du travail et des solidarit\u00e9s d'Ile-de-France \nest charg\u00e9 de l'application de la pr\u00e9sente d\u00e9cision, qui sera publi\u00e9e au recueil des actes administratifs de la r\u00e9gion \nIle-de-France. \n \n \n \nFait \u00e0 Saint-Denis, le 24 octobre 2025 \n \nLe directeur r\u00e9gional et interd\u00e9partemental de l'\u00e9conomie, de \nl'emploi, du travail et des solidarit\u00e9s de la r\u00e9gion Ile-de-France, \n \n \nSIGN\u00c9 \n \nFabrice MASI \nDirection r\u00e9gionale et interd\u00e9partementale de l'\u00e9conomie, de l'emploi, du travail et des solidarit\u00e9s d'\u00cele-de-France -\nIDF-2025-10-24-00009 - D\u00e9cision n\u00b0 2025-205 du 24 octobre 2025\nportant affectation des agents de contr\u00f4le dans les unit\u00e9s de contr\u00f4le et gestion des int\u00e9rims de la direction d\u00e9partementale de\nl'emploi, du travail et des solidarit\u00e9s de Seine-et-Marne\n29\nDirection r\u00e9gionale et interd\u00e9partementale de\nl'\u00e9conomie, de l'emploi, du travail et des\nsolidarit\u00e9s d'\u00cele-de-France\nIDF-2025-10-24-00008\nD\u00e9cision n\u00b0 2025-206 du 24 octobre 2025\nportant affectation des agents de contr\u00f4le dans\nles unit\u00e9s de contr\u00f4le et gestion des int\u00e9rims de\nl'unit\u00e9 d\u00e9partementale de Paris de la DRIEETS\nd'Ile-de-France\nDirection r\u00e9gionale et interd\u00e9partementale de l'\u00e9conomie, de l'emploi, du travail et des solidarit\u00e9s d'\u00cele-de-France -\nIDF-2025-10-24-00008 - D\u00e9cision n\u00b0 2025-206 du 24 octobre 2025\nportant affectation des agents de contr\u00f4le dans les unit\u00e9s de contr\u00f4le et gestion des int\u00e9rims de l'unit\u00e9 d\u00e9partementale de Paris de la\nDRIEETS d'Ile-de-France\n30\n| |MINISTEREDU TRAVAILET DES SOLIDARITESLibert\u00e9Egalit\u00e9Fraternit\u00e9\n \nDirection r\u00e9gionale et interd\u00e9partementale \nde l'\u00e9conomie, de l'emploi, \ndu travail et des solidarit\u00e9s \nd'Ile-de-France \n \n \n \nDRIEETS Ile de France                                                                                                                                                                                                 1 / 8                                  \n32 rue Jean Jaur\u00e8s \n93200 SAINT-DENIS \n \nD\u00e9cision n\u00b0 2025-206  du 24 octobre 2025 \nportant affectation des agents de contr\u00f4le dans les unit\u00e9s de contr\u00f4le et gestion des int\u00e9rims \n de l'unit\u00e9 d\u00e9partementale de Paris de la DRIEETS d'Ile-de-France \n \nLe directeur r\u00e9gional de l'\u00e9conomie, de l'emploi, du travail et des solidarit\u00e9s de la r\u00e9gion d'Ile-de-France,  \n \nVu le code du travail, notamment ses articles R 8122-1 et suivants,  \n \nVu l'arr\u00eat\u00e9 interminist\u00e9riel du 12 ao\u00fbt 2025 nommant M.  Fabrice MASI directeur r\u00e9gional et \ninterd\u00e9partemental de l'\u00e9conomie, de l'emploi, du travail et  des solidarit\u00e9s d'\u00cele-de-France, \u00e0 compter du \n25 ao\u00fbt 2025, \n \nVu l'arr\u00eat\u00e9 minist\u00e9riel du 25 mars 2024 portant cr\u00e9ation et r\u00e9partition des unit\u00e9s de contr\u00f4le de \nl'inspection du travail,  \n \nVu la d\u00e9cision n\u00b0 2025 -021 du 6 f\u00e9vrier 2025 du directeur r\u00e9gional et interd\u00e9partemental de l'\u00e9conomie, \nde l'emploi, du travail et des solidarit\u00e9s d'Ile de France relative \u00e0 la localisation et \u00e0 la d\u00e9limitation des \nunit\u00e9s de contr\u00f4le et des sections d'inspection du travail de l'unit\u00e9 d\u00e9partementale de Paris, \n \n \nD\u00c9CIDE \n \nArticle 1 : Les inspecteurs et contr\u00f4leurs du travail sont charg\u00e9s des actions d'inspection de la l\u00e9gislation \ndu travail dans les entreprises relevant des sections d'inspection du travail composant les unit\u00e9s de \ncontr\u00f4le du d\u00e9partement de Paris,  tel que d\u00e9fini dans le  tableau des affectations, d'int\u00e9rims et de \nsuppl\u00e9ances des sections, r\u00e9f\u00e9renc\u00e9s dans la colonne A de l'annexe en vigueur.  \n \nArticle 2  : les agents du corps de l'inspection du travail sont charg\u00e9s de l'int\u00e9rim des postes soit non \npourvus, soit vacants en raison de l'absence de longue dur\u00e9e de leur titulaire, tel que d\u00e9fini dans le tableau \ndes affectations, d'int\u00e9rims et de suppl\u00e9ances des sections, r\u00e9f\u00e9renc\u00e9s dan s la colonne B de l'annexe en \nvigueur. \n \nArticle 3  : Conform\u00e9ment aux dispositions de l'article R.8122 -11-1\u00b0 du code du travail, les pouvoirs de \nd\u00e9cision administrative relevant de la comp\u00e9tence exclusive d'un inspecteur du travail sont confi\u00e9s aux \ninspecteurs du travail mentionn\u00e9 tel que d\u00e9fini dans le tab leau des affectations, d'int\u00e9rims et de \nsuppl\u00e9ances des sections, r\u00e9f\u00e9renc\u00e9s dans la colonne C de l'annexe en vigueur.  \n \nEn cas d'absence ou d'emp\u00eachement d'un inspecteur mentionn\u00e9 \u00e0 l'annexe en vigueur, le pouvoir de \nd\u00e9cision est assur\u00e9 par l'inspecteur charg\u00e9 d'assurer l'int\u00e9rim de celui -ci en application de l'article 5. \n \nArticle 4 : Conform\u00e9ment aux dispositions de l'article R.8122 -11-2\u00b0 du code du travail, le contr\u00f4le de tout \nou partie des \u00e9tablissements d'au moins cinquante salari\u00e9s qui ne serait pas assur\u00e9 par les contr\u00f4leurs du \ntravail est confi\u00e9 aux inspecteurs du travail tel que d\u00e9fini dans le tableau des affectations, d'int\u00e9rims et de \nsuppl\u00e9ances des sections, r\u00e9f\u00e9renc\u00e9s dans la colonne D et E de l'annexe en vigueur.  \nDirection r\u00e9gionale et interd\u00e9partementale de l'\u00e9conomie, de l'emploi, du travail et des solidarit\u00e9s d'\u00cele-de-France -\nIDF-2025-10-24-00008 - D\u00e9cision n\u00b0 2025-206 du 24 octobre 2025\nportant affectation des agents de contr\u00f4le dans les unit\u00e9s de contr\u00f4le et gestion des int\u00e9rims de l'unit\u00e9 d\u00e9partementale de Paris de la\nDRIEETS d'Ile-de-France\n31\n  \n                                                                                                                                                                                                                              2 / 8 \n \n \n \nArticle 5 : En cas de vacance de poste, d'absence ou d'emp\u00eachement pour une dur\u00e9e inf\u00e9rieure \u00e0 un mois \nd'un ou plusieurs agents de contr\u00f4le d\u00e9sign\u00e9s \u00e0 l'article 1 ci-dessus, l'int\u00e9rim est organis\u00e9 selon les modalit\u00e9s \nci-apr\u00e8s : \n \nUnit\u00e9 de contr\u00f4le des 1er et 2\u00e8 arrondissements : UC 01-02 \n \nL'int\u00e9rim du responsable de l'unit\u00e9 de contr\u00f4le est assur\u00e9 par l'un des responsables des unit\u00e9s de contr\u00f4le \ndes 3 \u00e8, 4 \u00e8 et 11 \u00e8 arrondissements, du 9 \u00e8arrondissement, des 10 \u00e8 et 18 \u00e8 arrondissements, du 12 \u00e8 \narrondissement, du 17\u00e8, des 19\u00e8 et 20\u00e8 arrondissements ou des transports. \n \nL'int\u00e9rim des inspecteurs du travail est assur\u00e9 par l'un des inspecteurs de l'unit\u00e9 de contr\u00f4le des 1 er et 2\u00e8 \narrondissements ou en cas de vacance temporaire, d'absence ou d'emp\u00eachement simultan\u00e9s, par un des \ninspecteurs du travail de l'unit\u00e9 de contr\u00f4le des 3\u00e8, 4\u00e8 et 11\u00e8 arrondissements, du 12\u00e8 arrondissement ou de \nl'unit\u00e9 de contr\u00f4le des 19\u00e8 et 20\u00e8 arrondissements, ou par le responsable de l'unit\u00e9 de contr\u00f4le.  \n \nUnit\u00e9 de contr\u00f4le des 3\u00e8, 4\u00e8 et 11\u00e8 arrondissements : UC 03-04-11 \n \nL'int\u00e9rim du responsable de l'unit\u00e9 de contr\u00f4le est assur\u00e9 par l'un des responsables des unit\u00e9s de contr\u00f4le \ndes 1er et 2\u00e8 arrondissements, du 9\u00e8 arrondissement, des 10\u00e8 et 18\u00e8 arrondissements, du 12\u00e8 arrondissement, \ndu 17\u00e8, des 19\u00e8 et 20\u00e8 arrondissements ou des transports. \n \nL'int\u00e9rim des inspecteurs du travail est assur\u00e9 par l'un des inspecteurs de l'unit\u00e9 de contr\u00f4le des 3 \u00e8, 4\u00e8 et \n11\u00e8 arrondissements ou en cas de vacance temporaire, d'absence ou d'emp\u00eachement simultan\u00e9s, par un \ndes inspecteurs du travail des unit\u00e9s de contr\u00f4le 1 er et 2\u00e8 arrondissements, du 12 \u00e8 arrondissement ou des \n19\u00e8 et 20\u00e8 arrondissements, ou par le responsable de l'unit\u00e9 de contr\u00f4le.  \n \nL'int\u00e9rim du contr\u00f4leur du travail est assur\u00e9 par l'un des agents de contr\u00f4le de l'unit\u00e9 de contr\u00f4le des 3 \u00e8, \n4\u00e8 et 11\u00e8 arrondissements ou en cas de vacance temporaire, d'absence ou d'emp\u00eachement simultan\u00e9s, par \nun des agents de contr\u00f4le des unit\u00e9s de contr\u00f4le des 1 er et 2\u00e8 arrondissements, du 12\u00e8 arrondissement ou \ndes 19\u00e8 et 20\u00e8 arrondissements. \n \nUnit\u00e9 de contr\u00f4le des 5\u00e8s, 6\u00e8 et 7\u00e8 arrondissements : UC 05-06-07 \n \nL'int\u00e9rim du responsable de l'unit\u00e9 de contr\u00f4le est assur\u00e9 par l'un des responsables des unit\u00e9s de contr\u00f4le \ndu 8 \u00e8 arrondissement, des 13\u00e8 et  14\u00e8 arrondissements, du 15\u00e8 ou 16-\u00e8 arrondissement.  \n \nL'int\u00e9rim des inspecteurs du travail est assur\u00e9 par l'un des inspecteurs de l'unit\u00e9 de contr\u00f4le des 5 \u00e8, 6\u00e8 et \n7\u00e8 arrondissements ou en cas de vacance temporaire, d'absence ou d'emp\u00eachement simultan\u00e9s, par un \ndes inspecteurs du travail des unit\u00e9s de contr\u00f4le des 10\u00e8 et 18\u00e8 arrondissements, du 17\u00e8 arrondissement ou \ndes transports, ou par le responsable de l'unit\u00e9 de contr\u00f4le. \n \nUnit\u00e9 de contr\u00f4le du 8\u00e8 arrondissement : UC 08 \n \nL'int\u00e9rim du responsable de l'unit\u00e9 de contr\u00f4le est assur\u00e9 par l'un des responsables des unit\u00e9s de contr\u00f4le \ndes 5\u00e8, 6\u00e8 et 7\u00e8 arrondissements, des 13\u00e8 et 14\u00e8 arrondissements, du 15\u00e8 ou 16\u00e8 arrondissement. \n \nL'int\u00e9rim des inspecteurs du travail est assur\u00e9 par l'un des inspecteurs de l'unit\u00e9 de contr\u00f4le du 8 \u00e8 \narrondissement ou en cas de vacance temporaire, d'absence ou d'emp\u00eachement simultan\u00e9s, par un des \ninspecteurs du travail de l'unit\u00e9 de contr\u00f4le du 9 \u00e8 arrondissement, ou par le responsable de l'unit\u00e9 de \ncontr\u00f4le. \n \nDirection r\u00e9gionale et interd\u00e9partementale de l'\u00e9conomie, de l'emploi, du travail et des solidarit\u00e9s d'\u00cele-de-France -\nIDF-2025-10-24-00008 - D\u00e9cision n\u00b0 2025-206 du 24 octobre 2025\nportant affectation des agents de contr\u00f4le dans les unit\u00e9s de contr\u00f4le et gestion des int\u00e9rims de l'unit\u00e9 d\u00e9partementale de Paris de la\nDRIEETS d'Ile-de-France\n32\n  \n                                                                                                                                                                                                                              3 / 8 \n \n \nL'int\u00e9rim du contr\u00f4leur du travail est assur\u00e9 par l'un des agents de contr\u00f4le de l'unit\u00e9 de contr\u00f4le du 8 \u00e8 \narrondissement ou en cas de vacance temporaire, d'absence ou d'emp\u00eachement simultan\u00e9s, par un des \nagents de contr\u00f4le de l'unit\u00e9 de contr\u00f4le du 9\u00e8 arrondissement. \n \nUnit\u00e9 de contr\u00f4le du 9\u00e8 arrondissement : UC 09 \n \nL'int\u00e9rim du responsable de l'unit\u00e9 de contr\u00f4le est assur\u00e9 par l'un des responsables des unit\u00e9s de contr\u00f4le \ndes 1er et 2\u00e8 arrondissements, des 10\u00e8 et 18\u00e8 arrondissements, du 12\u00e8 arrondissement, du 17\u00e8, des 19\u00e8 et 20\u00e8 \narrondissements ou des transports. \nL'int\u00e9rim des inspecteurs du travail est assur\u00e9 par l'un des inspecteurs de l'unit\u00e9 de contr\u00f4le du 9 \u00e8 \narrondissement ou en cas de vacance temporaire, d'absence ou d'emp\u00eachement simultan\u00e9s, par un des \ninspecteurs du travail de l'unit\u00e9 de contr\u00f4le du 8 \u00e8 arrondissement, ou par le responsable de l'unit\u00e9 de \ncontr\u00f4le. \n \nL'int\u00e9rim du contr\u00f4leur du travail est assur\u00e9 par l'un des agents de contr\u00f4le de l'unit\u00e9 de contr\u00f4le du 9 \u00e8 \narrondissement ou en cas de vacance temporaire, d'absence ou d'emp\u00eachement simultan\u00e9s, par un des \nagents de contr\u00f4le de l'unit\u00e9 de contr\u00f4le du 8\u00e8 arrondissement. \n \nUnit\u00e9 de contr\u00f4le des 10\u00e8 et 18\u00e8 arrondissements : UC 10-18 \n \nL'int\u00e9rim du responsable de l'unit\u00e9 de contr\u00f4le est assur\u00e9 par l'un des responsables des unit\u00e9s de contr\u00f4le \ndes 1 er et 2 \u00e8 arrondissements, des 3 \u00e8, 4 \u00e8 et 11 \u00e8 arrondissements, du 9 \u00e8 arrondissement, du 12 \u00e8 \narrondissement, du 17\u00e8, des 19\u00e8 et 20\u00e8 arrondissements ou des transports. \n \nL'int\u00e9rim des inspecteurs du travail est assur\u00e9 par l'un des inspecteurs de l'unit\u00e9 de contr\u00f4le des 10 \u00e8 et 18\u00e8 \narrondissements ou en cas de vacance temporaire, d'absence ou d'emp\u00eachement simultan\u00e9s, par un des \ninspecteurs du travail des unit\u00e9s de contr\u00f4le du 9 \u00e8 arrondissement, du 17 \u00e8 arrondissement ou des \ntransports, ou par le responsable de l'unit\u00e9 de contr\u00f4le. \n \nUnit\u00e9 de contr\u00f4le du 12\u00e8 arrondissement : UC 12 \n \nL'int\u00e9rim du responsable de l'unit\u00e9 de contr\u00f4le est assur\u00e9 par l'un des responsables des unit\u00e9s de contr\u00f4le \ndes 1 er et 2 \u00e8 arrondissements, des 3 \u00e8, 4 \u00e8 et 11 \u00e8 arrondissements, du 9 \u00e8 arrondissement, des 10 \u00e8 et 18 \u00e8 \narrondissements, du 17\u00e8, des 19\u00e8 et 20\u00e8 arrondissements ou des transports. \n \nL'int\u00e9rim des inspecteurs du travail est assur\u00e9 par l'un des inspecteurs de l'unit\u00e9 de contr\u00f4le du 12 \u00e8 \narrondissement ou en cas de vacance temporaire, d'absence ou d'emp\u00eachement simultan\u00e9s, par un des \ninspecteurs du travail des unit\u00e9s de contr\u00f4le des 1ers et 2\u00e8 arrondissements, des 3\u00e8, 4\u00e8 et 11\u00e8 arrondissements, \ndes 10\u00e8 et 18 \u00e8 et 17\u00e8, 19\u00e8 et 20\u00e8 arrondissements, ou par le responsable de l'unit\u00e9 de contr\u00f4le.  \n \nUnit\u00e9 de contr\u00f4le des 13\u00e8 et 14\u00e8 arrondissements : UC 13-14 \n \nL'int\u00e9rim du responsable de l'unit\u00e9 de contr\u00f4le est assur\u00e9 par l'un des responsables des unit\u00e9s de contr\u00f4le \ndu 15\u00e8, du 16\u00e8 arrondissement, du 8\u00e8 arrondissement ou des 5\u00e8, 6\u00e8 et 7\u00e8 arrondissements, ou par la directrice \ndu secteur sud. \n \nL'int\u00e9rim des inspecteurs du travail est assur\u00e9 par l'un des inspecteurs de l'unit\u00e9 de contr\u00f4le du 13 \u00e8 et 14\u00e8 \narrondissement ou en cas de vacance temporaire, d'absence ou d'emp\u00eachement simultan\u00e9s, par un des \ninspecteurs du travail des unit\u00e9s de contr\u00f4le du 15\u00e8 arrondissement, ou du 16\u00e8 arrondissement.  \n \n \n \n \nDirection r\u00e9gionale et interd\u00e9partementale de l'\u00e9conomie, de l'emploi, du travail et des solidarit\u00e9s d'\u00cele-de-France -\nIDF-2025-10-24-00008 - D\u00e9cision n\u00b0 2025-206 du 24 octobre 2025\nportant affectation des agents de contr\u00f4le dans les unit\u00e9s de contr\u00f4le et gestion des int\u00e9rims de l'unit\u00e9 d\u00e9partementale de Paris de la\nDRIEETS d'Ile-de-France\n33\n  \n                                                                                                                                                                                                                              4 / 8 \n \n \nUnit\u00e9 de contr\u00f4le du 15\u00e8 arrondissement : UC 15 \n \nL'int\u00e9rim du responsable de l'unit\u00e9 de contr\u00f4le est assur\u00e9 par l'un des responsables des unit\u00e9s de contr\u00f4le, \ndes 13 \u00e8 et 14 \u00e8 arrondissements, du 16 \u00e8 arrondissement, du 8 \u00e8 arrondissement ou des 5 \u00e8, 6 \u00e8 et 7 \u00e8 \narrondissements  \n \nL'int\u00e9rim des inspecteurs du travail est assur\u00e9 par l'un des inspecteurs de l'unit\u00e9 de contr\u00f4le du 15 \u00e8 \narrondissement ou en cas de vacance temporaire, d'absence ou d'emp\u00eachement simultan\u00e9s, par un des \ninspecteurs du travail des unit\u00e9s de contr\u00f4le des 13 \u00e8 et 14\u00e8 arrondissements, ou du 16\u00e8 arrondissement, ou \npar le responsable de l'unit\u00e9 de contr\u00f4le. \n \nUnit\u00e9 de contr\u00f4le du 16\u00e8 arrondissement : UC 16 \n \nL'int\u00e9rim du responsable de l'unit\u00e9 de contr\u00f4le est assur\u00e9 par l'un des responsables des unit\u00e9s de contr\u00f4le \ndes 13 \u00e8 et 14 \u00e8 arrondissements, du 15 \u00e8 arrondissement, du 8 \u00e8 arrondissement ou des 5 \u00e8, 6 \u00e8 et 7 \u00e8 \narrondissements. \n \nL'int\u00e9rim des inspecteurs du travail est assur\u00e9 par l'un des inspecteurs de l'unit\u00e9 de contr\u00f4le du 16 \u00e8 \narrondissement ou en cas de vacance temporaire, d'absence ou d'emp\u00eachement simultan\u00e9s, par un des \ninspecteurs du travail des unit\u00e9s de contr\u00f4le des 13 \u00e8 et 14\u00e8 arrondissements, ou du 15\u00e8 arrondissement, ou \npar le responsable de l'unit\u00e9 de contr\u00f4le. \n \nUnit\u00e9 de contr\u00f4le du 17\u00e8 arrondissement : UC 17 \n \nL'int\u00e9rim du responsable de l'unit\u00e9 de contr\u00f4le est assur\u00e9 par l'un des responsables des unit\u00e9s de contr\u00f4le \ndes 1 er et 2 \u00e8 arrondissements, des 3 \u00e8, 4 \u00e8 et 11 \u00e8 arrondissements, du 9 \u00e8arrondissement, des 10 \u00e8 et 18 \u00e8 \narrondissements, du 12\u00e8 ; des 19\u00e8 et 20\u00e8 arrondissements ou des transports. \n \nL'int\u00e9rim des inspecteurs du travail est assur\u00e9 par l'un des inspecteurs de l'unit\u00e9 de contr\u00f4le du 17 \u00e8 \narrondissement ou en cas de vacance temporaire, d'absence ou d'emp\u00eachement simultan\u00e9s, par un des \ninspecteurs du travail des unit\u00e9s de contr\u00f4le du 9 \u00e8 arrondissement, des 10 \u00e8 et 18\u00e8 ; du 12\u00e8 ; des 19 \u00e8 et 20\u00e8 \narrondissement ou des transports, ou par le responsable de l'unit\u00e9 de contr\u00f4le.  \n \nUnit\u00e9 de contr\u00f4le des 19\u00e8 et 20\u00e8 arrondissements : UC 19-20 \n \nL'int\u00e9rim du responsable de l'unit\u00e9 de contr\u00f4le est assur\u00e9 par l'un des responsables des unit\u00e9s de contr\u00f4le \ndes 1 er et 2 \u00e8 arrondissements, des 3 \u00e8, 4 \u00e8 et 11 \u00e8 arrondissements, du 9 \u00e8 arrondissement, des 10 \u00e8 et 18 \u00e8 \narrondissements, du 12\u00e8 arrondissement, du 17\u00e8 arrondissement ou des transports. \n \nL'int\u00e9rim des inspecteurs du travail est assur\u00e9 par l'un des inspecteurs de l'unit\u00e9 de contr\u00f4le des 19 \u00e8 et 20\u00e8 \narrondissements ou en cas de vacance temporaire, d'absence ou d'emp\u00eachement simultan\u00e9s, par un des \ninspecteurs du travail des unit\u00e9s de contr\u00f4le des 1er et 2\u00e8 arrondissements, des 3\u00e8, 4\u00e8 et 11\u00e8 arrondissements \nou du 12\u00e8 arrondissement, ou par le responsable de l'unit\u00e9 de contr\u00f4le.  \n \nL'int\u00e9rim du contr\u00f4leur du travail est assur\u00e9 par l'un des agents de contr\u00f4le de l'unit\u00e9 de contr\u00f4le des 19 \u00e8 \net 20\u00e8 arrondissements ou en cas de vacance temporaire, d'absence ou d'emp\u00eachement simultan\u00e9s, par \nun des agents de contr\u00f4le des unit\u00e9s de contr\u00f4le des 1er et 2\u00e8 arrondissements, 3\u00e8, 4\u00e8 et 11\u00e8 arrondissements \nou du 12\u00e8 arrondissement. \n \n \n \n \n \nDirection r\u00e9gionale et interd\u00e9partementale de l'\u00e9conomie, de l'emploi, du travail et des solidarit\u00e9s d'\u00cele-de-France -\nIDF-2025-10-24-00008 - D\u00e9cision n\u00b0 2025-206 du 24 octobre 2025\nportant affectation des agents de contr\u00f4le dans les unit\u00e9s de contr\u00f4le et gestion des int\u00e9rims de l'unit\u00e9 d\u00e9partementale de Paris de la\nDRIEETS d'Ile-de-France\n34\n  \n                                                                                                                                                                                                                              5 / 8 \n \n \nUnit\u00e9 de contr\u00f4le Transport : UC TR \n \nL'int\u00e9rim du responsable de l'unit\u00e9 de contr\u00f4le est assur\u00e9 par l'un des responsables des unit\u00e9s de contr\u00f4le \ndes 1 er et 2 \u00e8 arrondissements, des 3 \u00e8, 4 \u00e8 et 11 \u00e8 arrondissements, du 9 \u00e8arrondissement, des 10 \u00e8 et 18 \u00e8 \narrondissements, du 12\u00e8 arrondissement, du 17\u00e8 arrondissement ou des 19\u00e8 et 20\u00e8 arrondissements. \n \nL'int\u00e9rim des inspecteurs du travail est assur\u00e9 par l'un des inspecteurs de l'unit\u00e9 de contr\u00f4le transport du \nd\u00e9partement ou en cas de vacance temporaire, d'absence ou d'emp\u00eachement simultan\u00e9s, par un des \ninspecteurs du travail des unit\u00e9s de contr\u00f4le du 9 \u00e8 arrondissement, des 10 \u00e8 et 18\u00e8 arrondissements ou du \n17\u00e8 arrondissement, ou par le responsable de l'unit\u00e9 de contr\u00f4le.  \n \nArticle 6 : Conform\u00e9ment aux dispositions de l'article R. 8122-10 du Code du travail, les agents mentionn\u00e9s \n\u00e0 l'article 1 participent lorsque l'action le rend n\u00e9cessaire aux actions d'inspection de la l\u00e9gislation du travail \nsur le territoire de l'unit\u00e9 d\u00e9partementale de Paris. \n \nArticle 7 : La pr\u00e9sente d\u00e9cision prend effet \u00e0 la date de sa publication et abroge la d\u00e9cision n\u00b0 2025-190 du \n30 septembre 2025. \n \nArticle 8  : Le d irecteur r\u00e9gional et interd\u00e9partemental de l'\u00e9conomie, de l'emploi, du travail et des \nsolidarit\u00e9s d'Ile-de-France est charg\u00e9 de l'application de la pr\u00e9sente d\u00e9cision, qui sera publi\u00e9e au recueil \ndes actes administratifs de la r\u00e9gion d'\u00cele-de-France.  \n \n \n \nFait \u00e0 Saint-Denis, le 24 octobre 2025 \n \nLe Directeur r\u00e9gional et interd\u00e9partemental de l'\u00e9conomie, \nde l'emploi, du travail et des solidarit\u00e9s par int\u00e9rim, \n \nSIGN\u00c9 \n \n \nFabrice MASI \n  \nDirection r\u00e9gionale et interd\u00e9partementale de l'\u00e9conomie, de l'emploi, du travail et des solidarit\u00e9s d'\u00cele-de-France -\nIDF-2025-10-24-00008 - D\u00e9cision n\u00b0 2025-206 du 24 octobre 2025\nportant affectation des agents de contr\u00f4le dans les unit\u00e9s de contr\u00f4le et gestion des int\u00e9rims de l'unit\u00e9 d\u00e9partementale de Paris de la\nDRIEETS d'Ile-de-France\n35\n  \n                                                                                                                                                                                                                              6 / 8 \n \n \nAnnexe : \nTableau des affectations des agents de contr\u00f4le dans les unit\u00e9s de contr\u00f4le des services d'inspection du \nTravail de l'UD de Paris. Gestion des int\u00e9rims et de la suppl\u00e9ance. Annex\u00e9 \u00e0 la d\u00e9cision. \n \n \n \nUC Section Ardt NOM et Pr\u00e9nom Grade\nUC / Section\nInterim\n > 1 mois\nd\u00e9cisions\nadministratives\nArt. R.8122-11-1\u00b0\n\u00e9ts. de \n \u2265 de 50 salari\u00e9s\nArt. R.8122-11-2\u00b0\n\u00e9ts. de \n+ de 300 salari\u00e9s\nArt. R.8122-11-2\u00b0\nUC 01-02 RUC 1-2 PEYRON Patrice DAT\nUC 01-02 1-1 1 MATHIEU Loic IT  \nUC 01-02 1-2 1 GIP Fanny IT\nUC 01-02 1-3 1 MORISSEAU No\u00e9mie IT\nUC 01-02 1-4 1 CREANTOR Ars\u00e8ne IT\nUC 01-02 1-5 1 PONSE-KAHOUL Sarah IT\nUC 01-02 1-6 2 Int\u00e9rimaire IT SAHEL Samia\nUC 01-02 1-7 2 BLANCHO Marco IT\nUC 01-02 1-8 2 SAHEL Samia IT\nUC 01-02 1-9 2 JACQUEMIN Fatim IT\nUC 01-02 1-10 2 Int\u00e9rimaire IT MATHIEU Loic\nUC 01-02 1-11 2 CADIOU Benjamin IT\nUC 03-04-11 RUC 3-4-11  CARPENTIER J\u00e9r\u00e9mie DAT\nUC 03-04-11 3-1 3  HOFFMAN Mathilde IT\nUC 03-04-11 3-2 3  CHRISTELLE GLEMET IT   \nUC 03-04-11 3-3 3 GRUNHARD Tom IT\nUC 03-04-11 3-4 4 Int\u00e9rimaire DAT RAMBAUD Fran\u00e7oise\nUC 03-04-11 3-5 4 RAMBAUD Fran\u00e7oise DAT\nUC 03-04-11 3-6 11 PICHERY Maud IT\nUC 03-04-11 3-7 11 EL HABBAD Farida CT/IT MATHILDE HOFFMANN MATHILDE HOFFMANN MATHILDE HOFFMANN\nUC 03-04-11 3-8 11  LE HERICY DURAND Edouard IT  \nUC 03-04-11 3-9 11 LAGARDE St\u00e9phane IT\nUC 03-04-11 3-10 11  int\u00e9rimaire IT JEREMIE CARPENTIER\nUC 03-04-11 3-11 11 DUSSEUX Elise IT\nUC 05-06-07 RUC 5-6-7 TREMEL Pierre DAT\nUC 05-06-07 5-1 5 FUSINA Marc DAT\nUC 05-06-07 5-2 5 ALLARD JOLY Maud IT\nUC 05-06-07 5-3 5 Int\u00e9rimaire TR\u00c9MEL Pierre\nUC 05-06-07 5-4 6 GOMES Lionel IT\nUC 05-06-07 5-5 6 MARVALIN Val\u00e9rie IT\nUC 05-06-07 5-6 6 LABSSI Mornia IT\nUC 05-06-07 5-7 7 ZEROUALI Samira IT\nUC 05-06-07 5-8 7 DELOCHE Damien IT\nUC 05-06-07 5-9 7 MEDJOUDJ-MEZHAR Noura IT\nUC 08 RUC 8 Gianni DINOCCA DAT\nUC 8 8-1 8 int\u00e9rimaire IT LAVABRE Virginie\nUC 8 8-2 8 BOURJOLLY Nathalie IT\nUC 8 8-3 8 Ismehen ROJBI IT\nUC 8 8-4 8 PENELA Catarina IT\nUC 8 8-5 8 BELOVA Eug\u00e9nie IT\nUC 8 8-6 8 MORTREUIL Florence CT/IT SAVEAN Micheline LAVABRE Virginie  LAVABRE Virginie LAVABRE Virginie  \nUC 8 8-7 8 PONCE-KAHOUL Sarah IT\nUC 8 8-8 8 TISBA Nad\u00e8ge  \nUC 8 8-9 8 SCHORSCH M\u00e9lissa IT  \nUC 8 8-10 8 SAVEAN Micheline CT/IT PENELA Catarina\nUC 8 8-11 8 Int\u00e9rimaire IT PENELA Catarina\nUC 8 8-12 8 Jacques PETITIER IT\nUC 8 8-13 8 FREDERIC Caroline IT\nUC 8 8-14 8 Int\u00e9rimaire IT FREDERIC Caroline\nUC 8 8-15 8 LAVABRE Virginie IT\nUC 8 8-16 8 Int\u00e9rimaire IT LAVABRE Virginie\nDirection r\u00e9gionale et interd\u00e9partementale de l'\u00e9conomie, de l'emploi, du travail et des solidarit\u00e9s d'\u00cele-de-France -\nIDF-2025-10-24-00008 - D\u00e9cision n\u00b0 2025-206 du 24 octobre 2025\nportant affectation des agents de contr\u00f4le dans les unit\u00e9s de contr\u00f4le et gestion des int\u00e9rims de l'unit\u00e9 d\u00e9partementale de Paris de la\nDRIEETS d'Ile-de-France\n36\n  \n                                                                                                                                                                                                                              7 / 8 \n \n \n \n \nUC 09 RUC 9 Int\u00e9rim DAT HAMPARTZOUMIAN St\u00e9phane\nUC 09 9-1 9 VIDAL Roselyne IT\nUC 09 9-2 9 BLETTNER Honorine IT\nUC 09 9-3 9 PEREIRA C\u00e9line IT\nUC 09 9-4 9 HERER C\u00e9cile IT\nUC 09 9-5 9 HUMBERT James IT\nUC 09 9-6 9 GEAGEA Hanane IT\nUC 09 9-7 9 MORIO Caroline IT\nUC 09 9-8 9 AINSEBA Djamila IT\nUC 09 9-9 9 DEROO BLANQUART Laetitia DAT\nUC 09 9-10 9 JAKUBOWSKI Pierre CT / IT DEROO BLANQUART Laetitia DEROO BLANQUART Laetitia DEROO BLANQUART Laetitia\nUC 09 9-11 9 DELADREC Aurore IT\nUC 10-18 RUC 10-18 L'HOSTIS Ism\u00e9rie\nUC 10-18 10-1 10 MANIER Christelle IT\nUC 10-18 10-2 10 MALLEVRE Philippe IT\nUC 10-18 10-3 10 GOY S\u00e9bastien IT\nUC 10-18 10-4 10 OU-RABAH Samuel IT\nUC 10-18 10-5 10 WATERNAUX Marion IT\nUC 10-18 10-6 10 KAPUSCINSKI Chlo\u00e9 IT\nUC 10-18 10-7 10 GOUT Philippe IT\nUC 10-18 10-8 10 int\u00e9rimaire IT L'HOSTIS Ism\u00e9rie\nUC 10-18 10-9 18 BOUR Abdehadi IT\nUC 10-18 10-10 18 int\u00e9rimaire IT WATERNAUX Marion\nUC 10-18 10-11 18 int\u00e9rimaire IT GOUT Philippe\nUC 10-18 10-12 18 RULLE Betty IT   \nUC 12 RUC 12 BRESSON Elo\u00efse DAT\nUC 12 12-1 12 RAMBAUD Louis IT\nUC 12 12-2 12 ANDRIEU David IT\nUC 12 12-3 12 CANGOU-MINOS Eliane IT JEAN-LOUIS Manuel\nUC 12 12-4 12 THOMASSET C\u00e9cile IT\nUC 12 12-5 12 JEAN-LOUIS Manuel IT\nUC 12 12-6 12 GARCIA Jean-Michel IT\nUC 12 12-7 12 EL-AIDOUI Ilhem IT\nUC 12 12-8 12 BRESSON Elo\u00efse DAT\nUC 13-14 RUC 13-14 LUGUET Emmanuel DAT\nUC 13-14 13-1 13 Int\u00e9rimaire IT LUGUET Emmanuel\nUC 13-14 13-2 13 ABDELGHANI Mourad IT\nUC 13-14 13-3 13 MARTEL Thierry IT\nUC 13-14 13-4 13 DOS SANTOS OLIVEIRA Carlos IT\nUC 13-14 13-5 13 MOUALHI Nisar IT\nUC 13-14 13-6 13 CHEVREAU Barbara IT\nUC 13-14 13-7 14 LANG Samira IT\nUC 13-14 13-8 14 SOK Angkeavattey IT\nUC 13-14 13-9 14 FULCHIGNONI Aurelia IT\nUC 13-14 13-10 14 MALBOIS Estelle IT\nUC 13-14 13-11 14 LOPES-PEREIRA Julia \u00a0\u00a0\u00a0\u00a0\u00a0\u00a0\u00a0\u00a0\u00a0\u00a0\u00a0\u00a0\u00a0\u00a0\u00a0\u00a0 IT\nUC 15 RUC 15 TRAN-VAN-TI Maximilien DAT\nUC 15 15-1 15 MUNIER Delphine IT\nUC 15 15-2 15 DUPONT Vanessa IT TRAN VAN TI Maximilien\nUC 15 15-3 15 LE NAOUR Marc IT\nUC 15 15-4 15 NOUCK Alice IT\nUC 15 15-5 15 MAILLET Christ\u00e8le IT\nUC 15 15-6 15 TOUNKARA Fatimata IT\nUC 15 15-7 15 ZERGOUG Same IT TOUNKARA Fatimata\nUC 15 15-8 15 BOLORE Benoit IT\nUC 15 15-9 15 JULIEN Jean-Christophe IT\nUC 16 RUC 16 BERTRAND Michel DAT\nUC 16 16-1 16 MAROTAUX Nathalie IT\nUC 16 16-2 16 HAUVILLE Anthony IT\nUC 16 16-3 16 DURAND Flora IT\nUC 16 16-4 16 SCHWOB Jean-Bernard IT / DAT BERTRAND Michel\nUC 16 16-5 16 LAVA Nathalie IT\nUC 16 16-6 16 BLANCHET Barbara IT\nUC 16 16-7 16 RAUBER Olivier IT\nUC 16 16-8 16 CAZEAUD Julie IT\nDirection r\u00e9gionale et interd\u00e9partementale de l'\u00e9conomie, de l'emploi, du travail et des solidarit\u00e9s d'\u00cele-de-France -\nIDF-2025-10-24-00008 - D\u00e9cision n\u00b0 2025-206 du 24 octobre 2025\nportant affectation des agents de contr\u00f4le dans les unit\u00e9s de contr\u00f4le et gestion des int\u00e9rims de l'unit\u00e9 d\u00e9partementale de Paris de la\nDRIEETS d'Ile-de-France\n37\n  \n                                                                                                                                                                                                                              8 / 8 \n \n \n \n \nUC 17 RUC 17 HAMPARTZOUMIAN St\u00e9phane DAT\nUC 17 17-1 17 FABRONI Nicole IT  \nUC 17 17-2 17 CLAIRFAYT Marine IT\nUC 17 17-3 17 NIELZ Emilie IT HAMPARTZOUMIAN St\u00e9phane\nUC 17 17-4 17  WESQUY Hugo IT\nUC 17 17-5 17 CHARCOSSET Aude IT\nUC 17 17-6 17 COHADE Marie IT\nUC 17 17-7 17 LESAINT Andr\u00e9a IT\nUC 19-20 RUC 19-20 AYMEN DE LAGEARD Lucile DAT\nUC 19-20 19-1 19 COHADE Marie IT\nUC 19-20 19-2 19 JORRO Elise IT\nUC 19-20 19-3 19 BRIAND Eric IT    \nUC 19-20 19-4 19 Int\u00e9rimaire IT COHADE Marie\nUC 19-20 19-5 19 REYNAUD Valentine IT\nUC 19-20 19-6 20 ARNUEL Herv\u00e9 CT/IT AYMEN DE LAGEARD Lucile AYMEN DE LAGEARD Lucile AYMEN DE LAGEARD Lucile\nUC 19-20 19-7 20 COUPE Claire IT\nUC 19-20 19-8 20 CHEURFA Loun\u00e8s IT\nUC 19-20 19-9 20 PEZ Marine IT\nUC TR RUC LOISET St\u00e9phane DAT\nUC TR TR-1  HUBERT Marie IT\nUC TR TR-2 BEAUD Arthur IT\nUC TR TR-3 AMOROSI L\u00e9a IT\nUC TR TR-4 BRIANTAIS Emeline IT\nUC TR TR-5 BURDIN Yann IT\nUC TR TR-6 Int\u00e9rimaire IT LOISET St\u00e9phane\nDirection r\u00e9gionale et interd\u00e9partementale de l'\u00e9conomie, de l'emploi, du travail et des solidarit\u00e9s d'\u00cele-de-France -\nIDF-2025-10-24-00008 - D\u00e9cision n\u00b0 2025-206 du 24 octobre 2025\nportant affectation des agents de contr\u00f4le dans les unit\u00e9s de contr\u00f4le et gestion des int\u00e9rims de l'unit\u00e9 d\u00e9partementale de Paris de la\nDRIEETS d'Ile-de-France\n38","date":"2025-10-24","first_seen_on":"2025-10-24T17:10:35+00:00","id":"a7733d617ad081cb2f10824a49662212ec0ab189af22a6eeff7d253fb0abeda1","name":"recueil-idf-055-2025-10-RAA-nominatifs du 24.10.2025","pdf_creation_date":"2025-10-24T15:49:01+00:00","pdf_modification_date":null,"timezone":"Europe/Paris","url":"https://www.prefectures-regions.gouv.fr/ile-de-france/irecontenu/telechargement/132104/969731/file/recueil-idf-055-2025-10-RAA-nominatifs%20du%2024.10.2025.pdf"}
