{"administration":"prefidf","administration_name":"Pr\u00e9fecture de la r\u00e9gion \u00cele-de-France","content":"PREFECTURE\nREGION ILE DE\nFRANCE\nRECUEIL DES ACTES\nADMINISTRATIFS SP\u00c9CIAL\n(NOMINATIFS)\nN\u00b0IDF-020-2025-09\nPUBLI\u00c9 LE  8 SEPTEMBRE 2025\nSommaire\nAgence R\u00e9gionale de Sant\u00e9 / Agence r\u00e9gionale de sant\u00e9\nd'Ile-de-France-Cabinet\nIDF-2025-08-08-00005 - Arr\u00eat\u00e9 SG/DRH 2025-010 portant nomination de\nMonsieur Damian MATHEY aux fonctions de Directeur de l'Inspection\nR\u00e9gionale Autonomie Sant\u00e9 de l'Agence r\u00e9gionale de sant\u00e9\n\u00cele-de-France (1 page) Page 3\nAgence R\u00e9gionale de Sant\u00e9 / Direction de la D\u00e9mocratie en Sant\u00e9 et\nde la Communication-D\u00e9mocratie Sanitaire\nIDF-2025-09-04-00004 - Arr\u00eat\u00e9 n\u00b02025/32 modifiant l'arr\u00eat\u00e9\nn\u00b02025/24 du 28 juillet 2025 relatif \u00e0 la composition du Comit\u00e9 de\nProtection des Personnes \u00ab \u00cele-de-France V \u00bb (3 pages) Page 5\nIDF-2025-09-04-00005 - Arr\u00eat\u00e9 n\u00b02025/33 modifiant l'arr\u00eat\u00e9\nn\u00b02025/10 du 22 mai 2025 relatif \u00e0 la composition du Comit\u00e9 de\nProtection des Personnes \u00ab \u00cele-de-France II \u00bb (3 pages) Page 9\n2\nAgence R\u00e9gionale de Sant\u00e9\nIDF-2025-08-08-00005\nArr\u00eat\u00e9 SG/DRH 2025-010 portant nomination de\nMonsieur Damian MATHEY aux fonctions de\nDirecteur de l'Inspection R\u00e9gionale Autonomie\nSant\u00e9 de l'Agence r\u00e9gionale de sant\u00e9\n\u00cele-de-France\nAgence R\u00e9gionale de Sant\u00e9 - IDF-2025-08-08-00005 - Arr\u00eat\u00e9 SG/DRH 2025-010 portant nomination de Monsieur Damian MATHEY aux\nfonctions de Directeur de l'Inspection R\u00e9gionale Autonomie Sant\u00e9 de l'Agence r\u00e9gionale de sant\u00e9 \u00cele-de-France 3\nEzREPUBLIQUEFRANCAISE @ D Agence R\u00e9gionale de Sant\u00e9Libert\u00e9 \u00cele-de-FranceEgalit\u00e9Fraternit\u00e9\n \n \n \n \n \n \n \nAGENCE R\u00c9GIONALE DE SANT\u00c9 \u00ceLE-DE-FRANCE \nARR\u00caT\u00c9 N\u00b0 SG/DRH 2025-010 \nportant nomination de Monsieur Damian MATHEY aux fonctions de \nDirecteur de l'Inspection R\u00e9gionale Autonomie Sant\u00e9 \nde l'Agence r\u00e9gionale de sant\u00e9 \u00cele-de-France \n \n \nLE DIRECTEUR G\u00c9N\u00c9RAL DE L'AGENCE R\u00c9GIONALE DE SANT\u00c9 \u00ceLE-DE-FRANCE \n \n \nVU le code de la sant\u00e9 publique et notamment le titre III du livre IV de la premi\u00e8re partie, consacr\u00e9 \naux Agences r\u00e9gionales de sant\u00e9 ; \n \nVU le d\u00e9cret du 10 avril 2024 portant nomination de Monsieur Denis ROBIN, Directeur g\u00e9n\u00e9ral de \nl'Agence r\u00e9gionale de sant\u00e9 \u00cele-de-France \u00e0 compter du 29 avril 2024  ; \n \n \n \nARR\u00caTE \n \n \nARTICLE 1er : Monsieur Damian MATHEY  est charg\u00e9 des fonctions de Directeur de l'Inspection \nR\u00e9gionale Autonomie Sant\u00e9 de l'Agence r\u00e9gionale de sant\u00e9 \u00cele -de-France, \u00e0 compter \ndu 8 septembre 2025. \n  \nARTICLE 2 : Le Directeur de l'Inspection R\u00e9gionale Autonomie Sant\u00e9 de l'Agence r\u00e9gionale de \nsant\u00e9 \u00cele -de-France est charg\u00e9 de l'ex\u00e9cution du pr\u00e9sent arr\u00eat\u00e9 qui sera publi\u00e9 au \nrecueil des actes administratifs de la Pr\u00e9fecture de la R\u00e9gion d'\u00cele-de-France. \n \n \n \n \nFait \u00e0 Saint-Denis, le 8 ao\u00fbt 2025 \n \nLe Directeur g\u00e9n\u00e9ral  \nde l'Agence r\u00e9gionale de sant\u00e9 \n\u00cele-de-France \n \nDenis ROBIN \n \nAgence R\u00e9gionale de Sant\u00e9 - IDF-2025-08-08-00005 - Arr\u00eat\u00e9 SG/DRH 2025-010 portant nomination de Monsieur Damian MATHEY aux\nfonctions de Directeur de l'Inspection R\u00e9gionale Autonomie Sant\u00e9 de l'Agence r\u00e9gionale de sant\u00e9 \u00cele-de-France 4\nAgence R\u00e9gionale de Sant\u00e9\nIDF-2025-09-04-00004\nArr\u00eat\u00e9 n\u00b02025/32 modifiant l'arr\u00eat\u00e9 n\u00b02025/24\ndu 28 juillet 2025 relatif \u00e0 la composition du\nComit\u00e9 de Protection des Personnes \u00ab\n\u00cele-de-France V \u00bb\nAgence R\u00e9gionale de Sant\u00e9 - IDF-2025-09-04-00004 - Arr\u00eat\u00e9 n\u00b02025/32 modifiant l'arr\u00eat\u00e9 n\u00b02025/24 du 28 juillet 2025 relatif \u00e0 la\ncomposition du Comit\u00e9 de Protection des Personnes \u00ab \u00cele-de-France V \u00bb 5\n|REPUBLIQUEFRANGAISELibert\u00e9\u00c9galit\u00e9Fraternit\u00e9\nAr\u00a9 D Agence R\u00e9gionale de Sant\u00e9Ile-de-France\n \n \n \n \nAGENCE R\u00c9GIONALE DE SANT\u00c9 \u00ceLE-DE-FRANCE \nARR\u00caT\u00c9 N\u00b02025/32 \nArr\u00eat\u00e9 modifiant l'arr\u00eat\u00e9 n\u00b02025/24 du 28 juillet 2025 relatif \u00e0 la composition du  \nComit\u00e9 de Protection des Personnes \u00ab \u00cele-de-France V \u00bb \n \n \nLE DIRECTEUR GENERAL DE L'AGENCE R\u00c9GIONALE DE SANT\u00c9 \u00ceLE-DE-FRANCE \n \n \nVu le code de la sant\u00e9 publique et notamment les articles L. 1123 -1 et suivants ainsi que les \narticles R. 1123-1 et suivants; \nVu le d\u00e9cret du 10 avril 2024 portant nomination de Monsieur Denis ROBIN, Directeur g\u00e9n\u00e9ral \nde l'Agence r\u00e9gionale de sant\u00e9 d'\u00cele-de-France, \u00e0 compter du 29 avril 2024 ; \nVu l'arr\u00eat\u00e9 du 25 octobre 2021 fixant le r\u00e8glement int\u00e9rieur type des comit\u00e9s de protection des \npersonnes ; \nVu l'arr\u00eat\u00e9 minist\u00e9riel du 22 avril 2024 portant renouvellement de l'agr\u00e9ment des comit\u00e9s de \nprotection des personnes; \nVu l'arr\u00eat\u00e9 DS n\u00b0104/2024 du 18 juin 2024 portant d\u00e9l\u00e9gation \u00e0 Madame Marion BOUGEARD, \nDirectrice de la d\u00e9mocratie en sant\u00e9 et de la communication de l'Agence R\u00e9gionale de Sant\u00e9 \n\u00cele-de-France ; \nVu Le dossier de candidature de : \n- Monsieur Thomas THUILLIER en qualit\u00e9 de personnes qualifi\u00e9es en raison de leur \ncomp\u00e9tence \u00e0 l'\u00e9gard des questions \u00e9thiques pour le second coll\u00e8ge. \n \n- Monsieur Pierre CHIRAC, en qualit\u00e9 de repr\u00e9sentant des associations agr\u00e9\u00e9es de \nmalade ou d'usagers pour le second coll\u00e8ge. \n \nARR\u00caT\u00c9 \nARTICLE 1 : \nSont nomm\u00e9s en tant que membre du comit\u00e9 de protection des personnes \u00ab \u00cele-de-France V \u00bb \u00e0 \ncompter de la date de publication du pr\u00e9sent arr\u00eat\u00e9 : \nAu titre des 18 membres du premier coll\u00e8ge : \n\u2022 En qualit\u00e9 de personnes ayant une qualification et une exp\u00e9rience approfondie en mati\u00e8re de \nrecherche impliquant la personne humaine : \nMme Delphine FELDMANN A d\u00e9signer \n  \nAgence R\u00e9gionale de Sant\u00e9 - IDF-2025-09-04-00004 - Arr\u00eat\u00e9 n\u00b02025/32 modifiant l'arr\u00eat\u00e9 n\u00b02025/24 du 28 juillet 2025 relatif \u00e0 la\ncomposition du Comit\u00e9 de Protection des Personnes \u00ab \u00cele-de-France V \u00bb 6\n|REPUBLIQUEFRANGAISELibert\u00e9\u00c9galit\u00e9Fraternit\u00e9\nAr\u00a9 D Agence R\u00e9gionale de Sant\u00e9Ile-de-France\n \n \n \no dont au moins quatre m\u00e9decins :  \nPr Jean-Jacques BOFFA  \nDr Jacques BOUILLIE  \nDr Bruno DONADILLE  \nPr Alain SAUTET \no et dont au moins deux personnes qualifi\u00e9es en raison de leur comp\u00e9tence en mati\u00e8re de \nbiostatistique ou d'\u00e9pid\u00e9miologie : \nMme B\u00e9reng\u00e8re COUTURIER \n \nA d\u00e9signer \n\u2022 En qualit\u00e9 de m\u00e9decins sp\u00e9cialistes de m\u00e9decine g\u00e9n\u00e9rale : \nDr Simone RADENNE  Dr Olivier TAULERA \n\u2022 En qualit\u00e9 de pharmaciens hospitaliers : \nDr Anne DAGUENEL-NGUYEN  Dr Fran\u00e7oise BERGIER DESCOMBES \n\u2022 En qualit\u00e9 d'auxiliaires m\u00e9dicaux : \nMme Elisabeth LAMBERT-GENESTE  A d\u00e9signer \n \nAu titre des 18 membres du deuxi\u00e8me coll\u00e8ge : \n\u2022 En qualit\u00e9 de personnes qualifi\u00e9es en raison de leur comp\u00e9tence \u00e0 l'\u00e9gard des questions \nd'\u00e9thique : \nM. Thomas THUILLIER A d\u00e9signer \n \n\u2022 En qualit\u00e9 de personnes qualifi\u00e9es en raison de leur comp\u00e9tence en sciences humaines ou \nsociales ou de leur exp\u00e9rience dans le domaine de l'action sociale : \nMme Annie KURTZ  \nMme Camille GUYOMARD \n \nA d\u00e9signer  \nA d\u00e9signer \n \n \n \n\u2022 En qualit\u00e9 de personnes qualifi\u00e9es en raison de leur comp\u00e9tence en mati\u00e8re juridique  \nM. Ma\u00ebl BERTHO  \nMme Emma POIROT  \nMme Marine TABARY  \nM. Hamid MASSOUM \n  \nAgence R\u00e9gionale de Sant\u00e9 - IDF-2025-09-04-00004 - Arr\u00eat\u00e9 n\u00b02025/32 modifiant l'arr\u00eat\u00e9 n\u00b02025/24 du 28 juillet 2025 relatif \u00e0 la\ncomposition du Comit\u00e9 de Protection des Personnes \u00ab \u00cele-de-France V \u00bb 7\n|REPUBLIQUEFRANGAISELibert\u00e9\u00c9galit\u00e9Fraternit\u00e9\nAr\u00a9 D Agence R\u00e9gionale de Sant\u00e9Ile-de-France\n \n \n \n\u2022 En qualit\u00e9 de repr\u00e9sentants des associations agr\u00e9\u00e9es conform\u00e9ment aux dispositions de \nl'article L 1114-1 du code de la sant\u00e9 publique : \n \nM Lo\u00efc COUDRAY  \nM Patrice CHAUVEL  \nMme Christine GAURON  \n \nMme Elisabeth HERAIL  \nMme Fran\u00e7ois WELLHOF  \nM. Pierre CHIRAC \n \n \nARTICLE 2 : Mme Marine TABARY est d\u00e9sign\u00e9e parmi ces 36 membres comme personne qualifi\u00e9e \nen mati\u00e8re de protection des donn\u00e9es conform\u00e9ment \u00e0 l'article L.1123-7. \n \n \nARTICLE 3 : Le mandat des membres est de trois ans renouvelable et prend fin au terme de l'agr\u00e9ment \ndu comit\u00e9. Conform\u00e9ment aux prescriptions de l'article R. 1123-8 du code de la sant\u00e9 publique, en cas \nde vacance d'un si\u00e8ge survenant en cours de mandat, le remplaceme nt intervient dans les m\u00eames \nconditions que la nomination pour la dur\u00e9e du mandat restant \u00e0 courir. \nARTICLE 4 : Le pr\u00e9sent arr\u00eat\u00e9 peut faire l'objet d'un recours contentieux devant le tribunal administratif \ncomp\u00e9tent dans un d\u00e9lai de deux mois \u00e0 compter de sa notification aux personnes concern\u00e9es ou de \nsa publication au recueil des actes administratifs pour les t iers. Cette juridiction peut notamment \u00eatre \nsaisie via une requ\u00eate remise ou envoy\u00e9e au greffe du tribunal administratif ou aussi par l'application \nT\u00e9l\u00e9recours citoyens accessible \u00e0 partir du site www.telerecours.fr. \nARTICLE 5 : l'arr\u00eat\u00e9 de nomination n\u00b02025/24 du 28 juillet 2025 est abrog\u00e9. \nARTICLE 6 : Le directeur g\u00e9n\u00e9ral de l'Agence r\u00e9gionale de sant\u00e9 est charg\u00e9 de l'ex\u00e9cution du pr\u00e9sent \narr\u00eat\u00e9 qui sera publi\u00e9 au recueil des actes administratifs de la pr\u00e9fecture de r\u00e9gion Ile-de-France. \n \n \n Fait \u00e0 Saint-Denis, le 04/09/2025 \n \n Le Directeur G\u00e9n\u00e9ral  \n de l'Agence r\u00e9gionale de sant\u00e9  \n \u00cele-de-France \n \n Denis ROBIN \n \n Et par d\u00e9l\u00e9gation \n  \n p/o Corentine NEPPEL \n Directrice adjointe en charge de la \n D\u00e9mocratie en sant\u00e9 et du PRS \n \nAgence R\u00e9gionale de Sant\u00e9 - IDF-2025-09-04-00004 - Arr\u00eat\u00e9 n\u00b02025/32 modifiant l'arr\u00eat\u00e9 n\u00b02025/24 du 28 juillet 2025 relatif \u00e0 la\ncomposition du Comit\u00e9 de Protection des Personnes \u00ab \u00cele-de-France V \u00bb 8\nAgence R\u00e9gionale de Sant\u00e9\nIDF-2025-09-04-00005\nArr\u00eat\u00e9 n\u00b02025/33 modifiant l'arr\u00eat\u00e9 n\u00b02025/10 du\n22 mai 2025 relatif \u00e0 la composition du Comit\u00e9\nde Protection des Personnes \u00ab \u00cele-de-France II \u00bb\nAgence R\u00e9gionale de Sant\u00e9 - IDF-2025-09-04-00005 - Arr\u00eat\u00e9 n\u00b02025/33 modifiant l'arr\u00eat\u00e9 n\u00b02025/10 du 22 mai 2025 relatif \u00e0 la\ncomposition du Comit\u00e9 de Protection des Personnes \u00ab \u00cele-de-France II \u00bb 9\n|REPUBLIQUEFRANGAISELibert\u00e9\u00c9galit\u00e9Fraternit\u00e9\nAr\u00a9 D Agence R\u00e9gionale de Sant\u00e9Ile-de-France\n \n \n \n \nAGENCE R\u00c9GIONALE DE SANT\u00c9 \u00ceLE-DE-FRANCE \nARR\u00caT\u00c9 N\u00b02025/33 \nArr\u00eat\u00e9 modifiant l'arr\u00eat\u00e9 n\u00b02025/10 du 22 mai 2025 relatif \u00e0 la composition du  \nComit\u00e9 de Protection des Personnes \u00ab \u00cele-de-France II \u00bb \n \n \nLE DIRECTEUR GENERAL DE L'AGENCE R\u00c9GIONALE DE SANT\u00c9 \u00ceLE-DE-FRANCE \n \nVu le code de la sant\u00e9 publique et notamment les articles L. 1123 -1 et suivants ainsi que les \narticles R. 1123-1 et suivants; \nVu le d\u00e9cret du 10 avril 2024 portant nomination de Monsieur Denis ROBIN, Directeur g\u00e9n\u00e9ral \nde l'Agence r\u00e9gionale de sant\u00e9 d'\u00cele-de-France, \u00e0 compter du 29 avril 2024 ; \nVu l'arr\u00eat\u00e9 du 25 octobre 2021 fixant le r\u00e8glement int\u00e9rieur type des comit\u00e9s de protection des \npersonnes ; \nVu l'arr\u00eat\u00e9 minist\u00e9riel du 22 avril 2024 portant renouvellement de l'agr\u00e9ment des comit\u00e9s de \nprotection des personnes; \nVu l'arr\u00eat\u00e9 DS n\u00b0104/2024 du 18 juin 2024 portant d\u00e9l\u00e9gation \u00e0 Madame Marion BOUGEARD, \nDirectrice de la d\u00e9mocratie en sant\u00e9 et de la communication de l'Agence R\u00e9gionale de Sant\u00e9 \n\u00cele-de-France ; \nVu Les dossiers de candidature de : \n\u2022 Monsieur Thomas THUILLIER, en qualit\u00e9 d'auxiliaire m\u00e9dical pour le premier \ncoll\u00e8ge. \n\u2022 Madame Capucine GARNIER MULLER, en qualit\u00e9 de personnes qualifi\u00e9es en \nraison de leur comp\u00e9tence \u00e0 l'\u00e9gard des questions \u00e9thiques pour le second coll\u00e8ge.  \n \nARR\u00caTE \n \nARTICLE 1 : \nSont nomm\u00e9s en tant que membre du comit\u00e9 de protection des personnes \u00ab \u00cele-de-France II \u00bb \u00e0 \ncompter de la date de publication du pr\u00e9sent arr\u00eat\u00e9 : \nAu titre des 18 membres du premier coll\u00e8ge : \n\u2022 En qualit\u00e9 de personnes ayant une qualification et une exp\u00e9rience approfondie en mati\u00e8re de \nrecherche impliquant la personne humaine : \nMme Julie BELLET \nMme M\u00e9lanie LEROY \nA d\u00e9signer \nA d\u00e9signer \nAgence R\u00e9gionale de Sant\u00e9 - IDF-2025-09-04-00005 - Arr\u00eat\u00e9 n\u00b02025/33 modifiant l'arr\u00eat\u00e9 n\u00b02025/10 du 22 mai 2025 relatif \u00e0 la\ncomposition du Comit\u00e9 de Protection des Personnes \u00ab \u00cele-de-France II \u00bb 10\n|REPUBLIQUEFRANGAISELibert\u00e9\u00c9galit\u00e9Fraternit\u00e9\nAr\u00a9 D Agence R\u00e9gionale de Sant\u00e9Ile-de-France\n \n \n \no dont au moins quatre m\u00e9decins :  \nPr Jean-Louis BRESSON \nA d\u00e9signer  \nPr Marie-France MAMZER \nA d\u00e9signer \no et dont au moins deux personnes qualifi\u00e9es en raison de leur comp\u00e9tence en mati\u00e8re de \nbiostatistique ou d'\u00e9pid\u00e9miologie : \nA d\u00e9signer A d\u00e9signer \n\u2022 En qualit\u00e9 de m\u00e9decins sp\u00e9cialistes de m\u00e9decine g\u00e9n\u00e9rale : \nDr Claude MARTINEAUX  A d\u00e9signer \n\u2022 En qualit\u00e9 de pharmaciens hospitaliers : \nDr Christine BROISSAND A d\u00e9signer \n\u2022 En qualit\u00e9 d'auxiliaires m\u00e9dicaux : \nMr Flavien QUIJOUX Mr Thomas THUILLIER \n \nAu titre des 18 membres du deuxi\u00e8me coll\u00e8ge : \n\u2022 En qualit\u00e9 de personnes qualifi\u00e9es en raison de leur comp\u00e9tence \u00e0 l'\u00e9gard des questions \nd'\u00e9thique : \nMr Jean-Claude DUPONT  Mme Capucine GARNIER-MULLER \n \n\u2022 En qualit\u00e9 de personnes qualifi\u00e9es en raison de leur comp\u00e9tence en sciences humaines ou \nsociales ou de leur exp\u00e9rience dans le domaine de l'action sociale : \nMr Christian BALLOUARD  \n \nMme Claire EL KHEBIR BERGANTINI \nMme Jeannette GUEDMI  \n \nA d\u00e9signer \n \n \n\u2022 En qualit\u00e9 de personnes qualifi\u00e9es en raison de leur comp\u00e9tence en mati\u00e8re juridique  \nMme Manon DE FALLOIS  \n \nA d\u00e9signer \nMme Floriane LHUILLIER \n \nA d\u00e9signer \n \nAgence R\u00e9gionale de Sant\u00e9 - IDF-2025-09-04-00005 - Arr\u00eat\u00e9 n\u00b02025/33 modifiant l'arr\u00eat\u00e9 n\u00b02025/10 du 22 mai 2025 relatif \u00e0 la\ncomposition du Comit\u00e9 de Protection des Personnes \u00ab \u00cele-de-France II \u00bb 11\n|REPUBLIQUEFRANGAISELibert\u00e9\u00c9galit\u00e9Fraternit\u00e9\nAr\u00a9 D Agence R\u00e9gionale de Sant\u00e9Ile-de-France\n \n \n \n\u2022 En qualit\u00e9 de repr\u00e9sentants des associations agr\u00e9\u00e9es conform\u00e9ment aux dispositions de \nl'article L 1114-1 du code de la sant\u00e9 publique : \n \nMme Chantal ARDIOT  \n \nMme Laurence GUEST  \n \nA d\u00e9signer \nMme Monique SEHAN  \n \nA d\u00e9signer  \n \nA d\u00e9signer \n \n \nARTICLE 2 : Mme Manon DE FALLOIS est d\u00e9sign\u00e9e parmi ces 36 membres comme personne qualifi\u00e9e \nen mati\u00e8re de protection des donn\u00e9es conform\u00e9ment \u00e0 l'article L.1123-7. \n \n \nARTICLE 3 : Le mandat des membres est de trois ans renouvelable et prend fin au terme de l'agr\u00e9ment \ndu comit\u00e9. Conform\u00e9ment aux prescriptions de l'article R. 1123-8 du code de la sant\u00e9 publique, en cas \nde vacance d'un si\u00e8ge survenant en cours de mandat, le remplaceme nt intervient dans les m\u00eames \nconditions que la nomination pour la dur\u00e9e du mandat restant \u00e0 courir. \n \nARTICLE 4 : Le pr\u00e9sent arr\u00eat\u00e9 peut faire l'objet d'un recours contentieux devant le tribunal administratif \ncomp\u00e9tent dans un d\u00e9lai de deux mois \u00e0 compter de sa notification aux personnes concern\u00e9es ou de \nsa publication au recueil des actes administratifs pour les t iers. Cette juridiction peut notamment \u00eatre \nsaisie via une requ\u00eate remise ou envoy\u00e9e au greffe du tribunal administratif ou aussi par l'application \nT\u00e9l\u00e9recours citoyens accessible \u00e0 partir du site www.telerecours.fr. \nARTICLE 5 : l'arr\u00eat\u00e9 de nomination n\u00b02025/10 du 22 mai 2025 est abrog\u00e9. \nARTICLE 6 : Le directeur g\u00e9n\u00e9ral de l'Agence r\u00e9gionale de sant\u00e9 est charg\u00e9 de l'ex\u00e9cution du pr\u00e9sent \narr\u00eat\u00e9 qui sera publi\u00e9 au recueil des actes administratifs de la pr\u00e9fecture de r\u00e9gion Ile-de-France. \n \n \nFait \u00e0 Saint-Denis, le 04 septembre 2025 \n \nLe Directeur G\u00e9n\u00e9ral  \nde l'Agence r\u00e9gionale de sant\u00e9  \n\u00cele-de-France \n \nDenis ROBIN \n \nEt par d\u00e9l\u00e9gation \n  \np/o Corentine NEPPEL \nDirectrice adjointe en charge de la \nD\u00e9mocratie en sant\u00e9 et du PRS \n \nAgence R\u00e9gionale de Sant\u00e9 - IDF-2025-09-04-00005 - Arr\u00eat\u00e9 n\u00b02025/33 modifiant l'arr\u00eat\u00e9 n\u00b02025/10 du 22 mai 2025 relatif \u00e0 la\ncomposition du Comit\u00e9 de Protection des Personnes \u00ab \u00cele-de-France II \u00bb 12","date":"2025-09-08","first_seen_on":"2025-09-08T15:35:40+00:00","id":"a836615f1b83bccb53d3f04731e4bf502a16d2b44e508028e7694fc4e130670b","name":"recueil-idf-020-2025-09-RAA-nominatifs du 08.09.2025","pdf_creation_date":"2025-09-08T14:49:40+00:00","pdf_modification_date":null,"timezone":"Europe/Paris","url":"https://www.prefectures-regions.gouv.fr/ile-de-france/irecontenu/telechargement/130779/961518/file/recueil-idf-020-2025-09-RAA-nominatifs%20du%2008.09.2025.pdf"}
