{"administration":"prefidf","administration_name":"Pr\u00e9fecture de la r\u00e9gion \u00cele-de-France","content":"PREFECTURE\nREGION ILE DE\nFRANCE\nRECUEIL DES ACTES\nADMINISTRATIFS SP\u00c9CIAL\n(NOMINATIFS)\nN\u00b0IDF-047-2025-07\nPUBLI\u00c9 LE 25 JUILLET 2025\nSommaire\nAgence R\u00e9gionale de Sant\u00e9 / Agence r\u00e9gionale de sant\u00e9\nd'Ile-de-France-Cellule officines de pharmacie\nIDF-2025-07-24-00021 - Arr\u00eat\u00e9 n\u00b0DOS/EFF/OFF/2025/77 portant\nautorisation de transfert d'une officine de pharmacie (3 pages) Page 3\nAgence R\u00e9gionale de Sant\u00e9 / service r\u00e9gional des transports sanitaires\nIDF-2025-07-16-00017 - Arr\u00eat\u00e9 n\u00b0DOS-2025-3554 portant agr\u00e9ment\nde  SAS AMBULANCES EL78\n(78220 - VIROFLAY) (2 pages) Page 7\nIDF-2025-07-16-00019 - Arr\u00eat\u00e9 n\u00b0DOS-2025-3555 portant agr\u00e9ment\nde la SAS ELEGANCE AMBULANCES (78150 - LE CHESNAY\nROCQUENCOURT) (2 pages) Page 10\nIDF-2025-07-16-00018 - Arr\u00eat\u00e9 n\u00b0DOS-2025-3558 portant agr\u00e9ment\nde la SAS AMBULANCES BKR (78780 -MAURECOURT) (2 pages) Page 13\nIDF-2025-07-16-00020 - Arr\u00eat\u00e9 n\u00b0DOS-2025-3559 portant agr\u00e9ment\nde la SAS FUTURE AMBULANCES (94200 - IVRY-SUR-SEINE) (2 pages) Page 16\nIDF-2025-07-17-00010 - Arr\u00eat\u00e9 n\u00b0DOS-2025-3561 portant changement\nde d\u00e9nomination sociale, de forme juridique et de responsable l\u00e9gal -\nSASU DAUMESNIL 75 (2 pages) Page 19\nDirection r\u00e9gionale et interd\u00e9partementale de l'alimentation, de\nl'agriculture et de la for\u00eat d'Ile de France / Service R\u00e9gional d'Economie\nAgricole\nIDF-2025-07-24-00019 - Arr\u00eat\u00e9 pr\u00e9fectoral portant autorisation au titre\nde l'article L. 333-3 du code rural et de la p\u00eache maritime de prise de\ncontr\u00f4le de la soci\u00e9t\u00e9 ARTEMIS DOMAINES (2 pages) Page 22\nMission nationale de contr\u00f4le et d'audit des organismes de s\u00e9curit\u00e9\nsociale  / Antenne Paris\nIDF-2025-07-25-00003 - Arr\u00eat\u00e9 modificatif du 25 juillet 2025 - ADP\nConseil CAF 78 - portant modification de la\ncomposition du Conseil\nd'administration de la Caisse des allocations familiales des\nYvelines\n(CAF 78)\ncomposition du Conseil d'administration de la\nCaisse des allocations familiales des Yvelines\n(CAF 78) (2 pages) Page 25\nIDF-2025-07-25-00004 - Arr\u00eat\u00e9 modificatif du 25 juillet 2025 - ADP\nConseil CAF 94 - portant modification de la composition du Conseil\nd'administration de la Caisse des allocations familiales du Val-de-Marne\n(2 pages) Page 28\n2\nAgence R\u00e9gionale de Sant\u00e9\nIDF-2025-07-24-00021\nArr\u00eat\u00e9 n\u00b0DOS/EFF/OFF/2025/77 portant\nautorisation de transfert d'une officine de\npharmacie\nAgence R\u00e9gionale de Sant\u00e9 - IDF-2025-07-24-00021 - Arr\u00eat\u00e9 n\u00b0DOS/EFF/OFF/2025/77 portant autorisation de transfert d'une officine\nde pharmacie 3\nExREPUBLIQUEFRAN\u00c7AISELibert\u00e9Egalit\u00e9Fraternit\u00e9 @ D Agence R\u00e9gionale de Sant\u00e9\u00cele-de-France\n \n \n \nAGENCE R\u00c9GIONALE DE SANT\u00c9 \u00ceLE-DE-FRANCE \nARR\u00caT\u00c9 N\u00b0 DOS/EFF/OFF/2025/77 \nportant autorisation de transfert d'une officine de pharmacie \n \nLE DIRECTEUR G\u00c9N\u00c9RAL DE L'AGENCE R\u00c9GIONALE DE SANT\u00c9 \u00ceLE-DE-FRANCE \n \n \nVU le code de la sant\u00e9 publique  et notamment ses articles L.  5125-3 et suivants et R.  5125-1 et \nsuivants ; \n \nVU l'ordonnance n\u00b0 2018 -3 du 3 janvier 2018 relative \u00e0 l'adaptation des conditions de cr\u00e9ation, \ntransfert, regroupement et cession des officines de pharmacie ; \n \nVU le d\u00e9cret n\u00b0 2018-671 du 30 juillet 2018 pris en application de l'article L. 5125 -3, 1\u00b0 du code de \nla sant\u00e9 publique d\u00e9finissant les conditions de transport pour l'acc\u00e8s \u00e0 une officine en vue de \ncaract\u00e9riser un approvisionnement en m\u00e9dicament compromis pour la population ; \n \nVU l'arr\u00eat\u00e9 minist\u00e9riel du 30 juillet 2018 fixant la liste des pi\u00e8ces justificatives accompagnant toute \ndemande de cr\u00e9ation, de transfert ou de regroupement d'officines de pharmacie  ; \n \nVU le d\u00e9cret du 10 avril 2024 portant nomination de Monsieur Denis ROBIN, Directeur g\u00e9n\u00e9ral de \nl'Agence r\u00e9gionale de sant\u00e9 \u00cele-de-France, \u00e0 compter du 29 avril 2024 ; \n \nVU l'arr\u00eat\u00e9 n\u00b0 DS 034/2024 du 29 avril 2024, publi\u00e9 le 30 avril 2024, portant d\u00e9l\u00e9gation de signature \ndu Directeur g\u00e9n\u00e9ral de l'Agence r\u00e9gionale de sant\u00e9 \u00cele -de-France \u00e0 \nMonsieur Arnaud CORVAISIER, Directeur de l'offre de soins et \u00e0 plusieurs de ses \ncollaborateurs ;  \n \nVU l'arr\u00eat\u00e9 du 26 mai 1997 portant octroi de la licence n\u00b0 75#000044 \u00e0 l'officine de pharmacie sis e \n24 rue Caumartin \u00e0 PARIS (75009) ; \n \nVU la demande enregistr\u00e9e le 28 mars 2025, pr\u00e9sent\u00e9e par Madame Jos\u00e9phine LHUSSIER-\nBODELE, pharmacien titulaire et repr\u00e9sentant de la SELARL PHARMACIE CAUMARTIN \nOPERA \u00e0 PARIS (75009) en vue du transfert de cette officine vers le 8 rue Boudreau \u00e0 PARIS \n(75009) ; \n \nVU l'avis sur la conformit\u00e9 du local propos\u00e9 aux conditions minimales d'installation rendu le  \n3 juin 2025 par le D\u00e9partement Qualit\u00e9 S\u00e9curit\u00e9 Pharmacie M \u00e9dicament Biologie de l'Agence \nr\u00e9gionale de sant\u00e9 d'Ile-de-France ; \n \nVU l'avis r\u00e9put\u00e9 rendu du repr\u00e9sentant de l'Union des Syndicats de Pharmaciens d' Officine pour la \nr\u00e9gion Ile-de-France ; \n \nVU l'avis r\u00e9put\u00e9 rendu du repr\u00e9sentant de la F\u00e9d\u00e9ration des Syndicats Pharmaceutiques de France \npour la r\u00e9gion Ile-de-France ; \n \nVU l'avis du Conseil R\u00e9gional de l'Ordre des Pharmac iens d'Ile -de-France en date du                                \n5 mai 2025 ; \n \n \nAgence R\u00e9gionale de Sant\u00e9 - IDF-2025-07-24-00021 - Arr\u00eat\u00e9 n\u00b0DOS/EFF/OFF/2025/77 portant autorisation de transfert d'une officine\nde pharmacie 4\n \n \n \n \n \n \n \n \n \n \n \nCONSID\u00c9RANT \n \n \n \n \n \n \nque le d\u00e9placement envisag\u00e9 se fera \u00e0 66 m\u00e8tres de l'emplacement actuel de \nl'officine, dans le m\u00eame quartier d\u00e9limit\u00e9 au nord par le Boulevard Haussmann, \u00e0 \nl'est par la rue Scribe, au sud par le Boulevard des Capucines et \u00e0 l'ouest par la rue \nVignon ; \n \n \n \nCONSID\u00c9RANT \n \n \n \nque le transfert n'aura pas pour effet de compromettre l'approvisionnement \nn\u00e9cessaire en m\u00e9dicaments de la population r\u00e9sidente du quartier d'origine ; \n \n \nCONSID\u00c9RANT que l'acc\u00e8s \u00e0 la nouvelle officine sera ais\u00e9 par sa visibilit\u00e9, par des am\u00e9nagements \npi\u00e9tonniers et des stationnements ; \n \nCONSID\u00c9RANT \n \n \nque le local propos\u00e9, qui est situ\u00e9 dans un lieu garantissant un acc\u00e8s permanent du \npublic \u00e0 la pharmacie, est conforme aux conditions minimales d'installation et remplit \nles conditions d'accessibilit\u00e9 ; \n \n \nCONSID\u00c9RANT que le transfert envisag\u00e9 permet de r\u00e9pondre de fa\u00e7on optimale aux besoins en \nm\u00e9dicaments de la population r\u00e9sidente du quartier d'accueil de l'officine ; \n \n \nARR\u00caTE \n \n \nARTICLE 1er : Madame Jos\u00e9phine LHUSSIER -BODELE, pharmacien titulaire et repr\u00e9sentant de la \nSELARL PHARMACIE CAUMARTIN  OPERA, est autoris\u00e9e \u00e0 transf\u00e9rer l'officine de \npharmacie dont elle est titulaire du 24 rue Caumartin \u00e0 PARIS ( 75009) vers le 8 rue \nBoudreau \u00e0 PARIS (75009). \n \nARTICLE 2e : La licence n\u00b075#001927 est octroy\u00e9e \u00e0 l'officine au 8 rue Boudreau \u00e0 PARIS (75009). \n \nCette licence ne pourra \u00eatre c\u00e9d\u00e9e ind\u00e9pendamment du fonds de commerce auquel \nelle se rapporte. \n \nARTICLE 3e : La licence n\u00b0 75#000044 devra \u00eatre restitu\u00e9e \u00e0 l'Agence r\u00e9gionale de sant\u00e9 \nd'Ile-de-France avant l'ouverture au public de la nouvelle officine. \n \nARTICLE 4e : Conform\u00e9ment aux dispositions de l'article L. 5125-19 du code de la sant\u00e9 publique, la \npr\u00e9sente autorisation de transfert ne prendra effet qu'\u00e0 l'issue d'un d\u00e9lai de trois mois \n\u00e0 compter de la notification de l'arr\u00eat\u00e9 d'autorisation au pharmacien demandeur. \n \nARTICLE 5e : Sauf cas de force majeure constat\u00e9 par le Directeur  g\u00e9n\u00e9ral de l'Agence r\u00e9gionale de \nsant\u00e9 Ile -de-France, l'officine ainsi transf\u00e9r\u00e9e devra \u00eatre effectivement ouverte au \npublic au plus tard \u00e0 l'issue d'un d\u00e9lai de deux ans \u00e0 compter de la notification du \npr\u00e9sent arr\u00eat\u00e9. \n \n \nARTICLE 6e : Un recours contentieux contre le pr\u00e9sent arr\u00eat\u00e9 peut \u00eatre form\u00e9 aupr\u00e8s du Tribunal \nadministratif comp\u00e9tent. Le d\u00e9lai de recours est de deux mois \u00e0 compter de la \nnotification de l'arr\u00eat\u00e9 pour les int\u00e9ress\u00e9s ou de sa publication pour les tiers.  \nAgence R\u00e9gionale de Sant\u00e9 - IDF-2025-07-24-00021 - Arr\u00eat\u00e9 n\u00b0DOS/EFF/OFF/2025/77 portant autorisation de transfert d'une officine\nde pharmacie 5\n \n \n \n \n \n \n \n \n \nARTICLE 7e : Le Directeur g\u00e9n\u00e9ral de l'Agence r\u00e9gionale de sant\u00e9  Ile-de-France est charg\u00e9 de \nl'ex\u00e9cution du pr\u00e9sent arr\u00eat\u00e9 qui sera publi\u00e9 au recueil des actes administratifs de la \npr\u00e9fecture de la r\u00e9gion Ile-de-France. \n \n \n           Fait \u00e0 Saint-Denis, le 24 juillet 2025 \n \n \nLe Directeur g\u00e9n\u00e9ral \nde l'Agence r\u00e9gionale de sant\u00e9 \n\u00cele-de-France \n \nPar d\u00e9l\u00e9gation, \n                                                                                                      Le directeur du P\u00f4le Efficience \n  \n                                                     SIGN\u00c9 \n  \n                                                                                                       Fabien P\u00c9RUS \n \n  \n                                                      \n  \n \n \n \n \n \n \n \n \n \n \n \n \n \n \n \n \n \n \n \n \n \n \n \n \n \n \n \n \nAgence R\u00e9gionale de Sant\u00e9 - IDF-2025-07-24-00021 - Arr\u00eat\u00e9 n\u00b0DOS/EFF/OFF/2025/77 portant autorisation de transfert d'une officine\nde pharmacie 6\nAgence R\u00e9gionale de Sant\u00e9\nIDF-2025-07-16-00017\nArr\u00eat\u00e9 n\u00b0DOS-2025-3554 portant agr\u00e9ment de \nSAS AMBULANCES EL78\n(78220 - VIROFLAY)\nAgence R\u00e9gionale de Sant\u00e9 - IDF-2025-07-16-00017 - Arr\u00eat\u00e9 n\u00b0DOS-2025-3554 portant agr\u00e9ment de  SAS AMBULANCES EL78\n(78220 - VIROFLAY) 7\nREPUBLIQUEFRANCAISELibert\u00e9Egalit\u00e9Fraternit\u00e9\n4@ D Agence R\u00e9gionale de Sant\u00e9Ile-de-France\n \n \n \n \n \n \n \nAGENCE R\u00c9GIONALE DE SANT\u00c9 \u00ceLE-DE-FRANCE \nARR\u00caT\u00c9 N\u00b0DOS-2025-3554 \nPortant agr\u00e9ment de la SAS AMBULANCES EL78 \n(78220 - VIROFLAY)  \n \nLE DIRECTEUR G\u00c9N\u00c9RAL DE L'AGENCE R\u00c9GIONALE DE SANT\u00c9 \u00ceLE-DE-FRANCE \n \n \nVU le Code de la Sant\u00e9 Publique et notamment ses articles L.6311-1 \u00e0 L.6311-2, L.6312-1 \u00e0 L.6312-\n5, L.6313-1, R.6312-1 \u00e0 R.6312-23, R.6312-29 \u00e0 R.6312-43, R.6313-5 \u00e0 R.6313-7-1 ;   \n \nVU la loi n\u00b0 2009-879 du 21 juillet 2009 portant r\u00e9forme de l'h\u00f4pital et relative aux patients, \u00e0 la sant\u00e9 \net aux territoires ; \n \nVU le d\u00e9cret n\u00b0 2010-344 du 31 mars 2010 tirant les cons\u00e9quences, au niveau r\u00e8glementaire, de \nl'intervention de la loi n\u00b0 2009-879 du 21 juillet 2009 portant r\u00e9forme de l'h\u00f4pital et relative aux \npatients, \u00e0 la sant\u00e9 et aux territoires ;  \n \nVU le d\u00e9cret du 10 avril 2024 portant nomination de Monsieur Denis ROBIN, Directeur g\u00e9n\u00e9ral de \nl'Agence r\u00e9gionale de sant\u00e9 \u00cele de France \u00e0 compter du 29 avril 2024 ; \n \nVU l'arr\u00eat\u00e9 minist\u00e9riel du 21 d\u00e9cembre 1987 modifi\u00e9 relatif \u00e0 la composition du dossier d'agr\u00e9ment \ndes personnes effectuant des transports sanitaires terrestres et au contr\u00f4le des v\u00e9hicules \naffect\u00e9s aux transports sanitaires ; \n \nVU l'arr\u00eat\u00e9 du 12 d\u00e9cembre 2017 modifi\u00e9 fixant les caract\u00e9ristiques et les installations mat\u00e9rielles \nexig\u00e9es pour les v\u00e9hicules affect\u00e9s aux transports sanitaires terrestres ; \n \nVU l'arr\u00eat\u00e9 DS N\u00b0034/2024 du Directeur g\u00e9n\u00e9ral de l'Agence r\u00e9gionale de sant\u00e9 \u00cele de France en \ndate du 29 avril 2024, portant d\u00e9l\u00e9gation de signature \u00e0 Monsieur Arnaud CORVAISIER, \nDirecteur de l'offre de soins, et \u00e0 certains de ses collaborateurs ; \n \nVU le dossier de demande d'agr\u00e9ment pr\u00e9sent\u00e9 par le responsable l\u00e9gal, Monsieur Issiaka \nFOFANA, de la SAS AMBULANCES EL78, sise 153 avenue du G\u00e9n\u00e9ral Leclerc \u2013 78220 \nVIROFLAY ; \n \nCONSIDERANT l'accord de transfert de l'autorisation de mise en service de deux v\u00e9hicules de \ncat\u00e9gorie C type A immatricul\u00e9s GN-782-ES et FY-582-ES provenant de la soci\u00e9t\u00e9 Ambulances \nImp\u00e9riales (78000 VERSAILLES) d\u00e9livr\u00e9 par les services de l'ARS Ile de France le 10 f\u00e9vrier 2025 ; \n \nCONSIDERANT la conformit\u00e9 du dossier de demande d'agr\u00e9ment, des installations mat\u00e9rielles, des \nv\u00e9hicules et des \u00e9quipages, aux dispositions du code de la sant\u00e9 publique et des arr\u00eat\u00e9s ci-dessus \nvis\u00e9s relatifs \u00e0 la composition du dossier d'agr\u00e9ment et fixant les caract\u00e9ristiques exig\u00e9es pour les \nv\u00e9hicules et les installations mat\u00e9rielles affect\u00e9s aux transports sanitaires terrestres ; \n \nAgence R\u00e9gionale de Sant\u00e9 - IDF-2025-07-16-00017 - Arr\u00eat\u00e9 n\u00b0DOS-2025-3554 portant agr\u00e9ment de  SAS AMBULANCES EL78\n(78220 - VIROFLAY) 8\n2 \n \nCONSIDERANT l'attestation sur l'honneur du responsable l\u00e9gal de la soci\u00e9t\u00e9 relative \u00e0 la conformit\u00e9 \ndes installations mat\u00e9rielles, aux normes d\u00e9finies par l'arr\u00eat\u00e9 du 12 d\u00e9cembre 2017 ci-dessus vis\u00e9 ainsi \nqu'aux normes d'hygi\u00e8ne et de salubrit\u00e9 ; \n \nCONSIDERANT les attestations sur l'honneur du responsable l\u00e9gal de la soci\u00e9t\u00e9 relative \u00e0 la conformit\u00e9 \ndes v\u00e9hicules de transports sanitaires, aux normes d\u00e9finies par l'arr\u00eat\u00e9 du 12 d\u00e9cembre 2017 ci-dessus \nvis\u00e9 ; \n \n \nARR\u00caTE \n \n \nARTICLE 1er :  La SAS AMBULANCES EL78, sise 153 rue du G\u00e9n\u00e9ral Leclerc (78220 VIROFLAY) \ndont le responsable l\u00e9gal est Monsieur Issiaka FOFANA est agr\u00e9\u00e9e sous le n\u00b0 ARS-IDF-TS/408 \u00e0 \ncompter de la date du pr\u00e9sent arr\u00eat\u00e9. \n \nLe local de d\u00e9sinfection se situe au 3 rue de Montfort (78190 TRAPPES) et les aires de stationnement \nse situent \u00e0 la Gare de Viroflay-Rive Droite (78220 VIROFLAY). \n \n ARTICLE 2 : La liste des v\u00e9hicules et des personnels composant les \u00e9quipages est pr\u00e9cis\u00e9e en annexe \nau pr\u00e9sent arr\u00eat\u00e9. \n \nARTICLE 3 : La pr\u00e9sente d\u00e9cision peut faire l'objet d'un recours gracieux aupr\u00e8s de Monsieur le \nDirecteur g\u00e9n\u00e9ral de l'Agence r\u00e9gionale de sant\u00e9, sise 13, rue du Landy 93200 Saint-Denis. \n Un recours contentieux peut \u00e9galement \u00eatre d\u00e9pos\u00e9 aupr\u00e8s du tribunal administratif comp\u00e9tent.   \n Le d\u00e9lai de recours est de deux mois \u00e0 compter de la notification de l'arr\u00eat\u00e9 pour l'int\u00e9ress\u00e9 ou de sa \npublication pour les tiers. \n Ces recours n'ont pas pour effet de suspendre le caract\u00e8re ex\u00e9cutoire de la pr\u00e9sente d\u00e9cision.    \n \nARTICLE 4 : Le Directeur de l'offre de soins est charg\u00e9 de l'ex\u00e9cution du pr\u00e9sent arr\u00eat\u00e9, qui sera publi\u00e9 \nau Recueil des Actes Administratifs des services de l'\u00c9tat. \n \n \nFait \u00e0 Saint-Denis, le 16/07/2025                             \n \nP/Le Directeur g\u00e9n\u00e9ral \nde l'Agence r\u00e9gionale de sant\u00e9 \nIle-de-France, \nLa Responsable du Service r\u00e9gional \ndes transports sanitaires, \n \nSIGNE \n \n \nS\u00e9verine TEISSEDRE \n \n \nAgence R\u00e9gionale de Sant\u00e9 - IDF-2025-07-16-00017 - Arr\u00eat\u00e9 n\u00b0DOS-2025-3554 portant agr\u00e9ment de  SAS AMBULANCES EL78\n(78220 - VIROFLAY) 9\nAgence R\u00e9gionale de Sant\u00e9\nIDF-2025-07-16-00019\nArr\u00eat\u00e9 n\u00b0DOS-2025-3555 portant agr\u00e9ment de la\nSAS ELEGANCE AMBULANCES (78150 - LE\nCHESNAY ROCQUENCOURT)\nAgence R\u00e9gionale de Sant\u00e9 - IDF-2025-07-16-00019 - Arr\u00eat\u00e9 n\u00b0DOS-2025-3555 portant agr\u00e9ment de la SAS ELEGANCE AMBULANCES\n(78150 - LE CHESNAY ROCQUENCOURT) 10\nREPUBLIQUEFRANCAISELibert\u00e9Egalit\u00e9Fraternit\u00e9\n4@ D Agence R\u00e9gionale de Sant\u00e9Ile-de-France\n \n \n \n \n \n \n \nAGENCE R\u00c9GIONALE DE SANT\u00c9 \u00ceLE-DE-FRANCE \nARR\u00caT\u00c9 N\u00b0DOS-2025-3555 \nPortant agr\u00e9ment de la SAS ELEGANCE AMBULANCES \n(78150 \u2013 LE CHESNAY ROCQUENCOURT)  \n \nLE DIRECTEUR G\u00c9N\u00c9RAL DE L'AGENCE R\u00c9GIONALE DE SANT\u00c9 \u00ceLE-DE-FRANCE \n \n \nVU le Code de la Sant\u00e9 Publique et notamment ses articles L.6311-1 \u00e0 L.6311-2, L.6312-1 \u00e0 L.6312-\n5, L.6313-1, R.6312-1 \u00e0 R.6312-23, R.6312-29 \u00e0 R.6312-43, R.6313-5 \u00e0 R.6313-7-1 ;   \n \nVU la loi n\u00b0 2009-879 du 21 juillet 2009 portant r\u00e9forme de l'h\u00f4pital et relative aux patients, \u00e0 la sant\u00e9 \net aux territoires ; \n \nVU le d\u00e9cret n\u00b0 2010-344 du 31 mars 2010 tirant les cons\u00e9quences, au niveau r\u00e8glementaire, de \nl'intervention de la loi n\u00b0 2009-879 du 21 juillet 2009 portant r\u00e9forme de l'h\u00f4pital et relative aux \npatients, \u00e0 la sant\u00e9 et aux territoires ;  \n \nVU le d\u00e9cret du 10 avril 2024 portant nomination de Monsieur Denis ROBIN, Directeur g\u00e9n\u00e9ral de \nl'Agence r\u00e9gionale de sant\u00e9 \u00cele de France \u00e0 compter du 29 avril 2024 ; \n \nVU l'arr\u00eat\u00e9 minist\u00e9riel du 21 d\u00e9cembre 1987 modifi\u00e9 relatif \u00e0 la composition du dossier d'agr\u00e9ment \ndes personnes effectuant des transports sanitaires terrestres et au contr\u00f4le des v\u00e9hicules \naffect\u00e9s aux transports sanitaires ; \n \nVU l'arr\u00eat\u00e9 du 12 d\u00e9cembre 2017 modifi\u00e9 fixant les caract\u00e9ristiques et les installations mat\u00e9rielles \nexig\u00e9es pour les v\u00e9hicules affect\u00e9s aux transports sanitaires terrestres ; \n \nVU l'arr\u00eat\u00e9 DS N\u00b0034/2024 du Directeur g\u00e9n\u00e9ral de l'Agence r\u00e9gionale de sant\u00e9 \u00cele de France en \ndate du 29 avril 2024, portant d\u00e9l\u00e9gation de signature \u00e0 Monsieur Arnaud CORVAISIER, \nDirecteur de l'offre de soins, et \u00e0 certains de ses collaborateurs ; \n \nVU le dossier de demande d'agr\u00e9ment pr\u00e9sent\u00e9 par le responsable l\u00e9gal, Monsieur Zakaria \nBEGGAR, de la SAS ELEGANCE AMBULANCES, sise 17 rue de Versailles - 78150 LE \nCHESNAY-ROCQUENCOURT ; \n \nCONSIDERANT l'accord de transfert de l'autorisation de mise en service d'un v\u00e9hicule de cat\u00e9gorie C \ntype A immatricul\u00e9 FS-986-NS et d'un v\u00e9hicule de cat\u00e9gorie D immatricul\u00e9 EG-996-XP provenant de la \nsoci\u00e9t\u00e9 Ambulances Ch\u00e2teau Bleu (78150) d\u00e9livr\u00e9 par les services de l'ARS Ile de France le 07 avril \n2025 ; \n \nCONSIDERANT la conformit\u00e9 du dossier de demande d'agr\u00e9ment, des installations mat\u00e9rielles, des \nv\u00e9hicules et des \u00e9quipages, aux dispositions du code de la sant\u00e9 publique et des arr\u00eat\u00e9s ci-dessus \nvis\u00e9s relatifs \u00e0 la composition du dossier d'agr\u00e9ment et fixant les caract\u00e9ristiques exig\u00e9es pour les \nv\u00e9hicules et les installations mat\u00e9rielles affect\u00e9s aux transports sanitaires terrestres ; \n \nAgence R\u00e9gionale de Sant\u00e9 - IDF-2025-07-16-00019 - Arr\u00eat\u00e9 n\u00b0DOS-2025-3555 portant agr\u00e9ment de la SAS ELEGANCE AMBULANCES\n(78150 - LE CHESNAY ROCQUENCOURT) 11\n2 \n \nCONSIDERANT l'attestation sur l'honneur du responsable l\u00e9gal de la soci\u00e9t\u00e9 relative \u00e0 la conformit\u00e9 \ndes installations mat\u00e9rielles, aux normes d\u00e9finies par l'arr\u00eat\u00e9 du 12 d\u00e9cembre 2017 ci-dessus vis\u00e9 ainsi \nqu'aux normes d'hygi\u00e8ne et de salubrit\u00e9 ; \n \nCONSIDERANT les attestations sur l'honneur du responsable l\u00e9gal de la soci\u00e9t\u00e9 relative \u00e0 la conformit\u00e9 \ndes v\u00e9hicules de transports sanitaires, aux normes d\u00e9finies par l'arr\u00eat\u00e9 du 12 d\u00e9cembre 2017 ci-dessus \nvis\u00e9 ; \n \n \nARR\u00caTE \n \n \nARTICLE 1er :  La SAS ELEGANCE AMBULANCES, sise 17 rue de Versailles \u2013 78150 LE CHESNAY-\nROCQUENCOURT dont le responsable l\u00e9gal est Monsieur Zakaria BEGGAR est agr\u00e9\u00e9e sous le n\u00b0 \nARS-IDF-TS/409 \u00e0 compter de la date du pr\u00e9sent arr\u00eat\u00e9. \n \nLe local de d\u00e9sinfection, les aires de stationnement et le garage couvert se situent au 7 rue de \nl'Orangerie -78000 VERSAILLES. \n \n ARTICLE 2 : La liste des v\u00e9hicules et des personnels composant les \u00e9quipages est pr\u00e9cis\u00e9e en annexe \nau pr\u00e9sent arr\u00eat\u00e9. \n \nARTICLE 3 : La pr\u00e9sente d\u00e9cision peut faire l'objet d'un recours gracieux aupr\u00e8s de Monsieur le \nDirecteur g\u00e9n\u00e9ral de l'Agence r\u00e9gionale de sant\u00e9, sise 13, rue du Landy 93200 Saint-Denis. \n Un recours contentieux peut \u00e9galement \u00eatre d\u00e9pos\u00e9 aupr\u00e8s du tribunal administratif comp\u00e9tent.   \n Le d\u00e9lai de recours est de deux mois \u00e0 compter de la notification de l'arr\u00eat\u00e9 pour l'int\u00e9ress\u00e9 ou de sa \npublication pour les tiers. \n Ces recours n'ont pas pour effet de suspendre le caract\u00e8re ex\u00e9cutoire de la pr\u00e9sente d\u00e9cision.    \n \nARTICLE 4 : Le Directeur de l'offre de soins est charg\u00e9 de l'ex\u00e9cution du pr\u00e9sent arr\u00eat\u00e9, qui sera publi\u00e9 \nau Recueil des Actes Administratifs des services de l'\u00c9tat. \n \n \nFait \u00e0 Saint-Denis, le   16/07/2025                           \n \nP/Le Directeur g\u00e9n\u00e9ral \nde l'Agence r\u00e9gionale de sant\u00e9 \nIle-de-France, \nLa Responsable du Service r\u00e9gional \ndes transports sanitaires, \n \nSIGNE \n \n \nS\u00e9verine TEISSEDRE \n \n \nAgence R\u00e9gionale de Sant\u00e9 - IDF-2025-07-16-00019 - Arr\u00eat\u00e9 n\u00b0DOS-2025-3555 portant agr\u00e9ment de la SAS ELEGANCE AMBULANCES\n(78150 - LE CHESNAY ROCQUENCOURT) 12\nAgence R\u00e9gionale de Sant\u00e9\nIDF-2025-07-16-00018\nArr\u00eat\u00e9 n\u00b0DOS-2025-3558 portant agr\u00e9ment de la\nSAS AMBULANCES BKR (78780 -MAURECOURT)\nAgence R\u00e9gionale de Sant\u00e9 - IDF-2025-07-16-00018 - Arr\u00eat\u00e9 n\u00b0DOS-2025-3558 portant agr\u00e9ment de la SAS AMBULANCES BKR (78780\n-MAURECOURT) 13\nREPUBLIQUEFRANCAISELibert\u00e9Egalit\u00e9Fraternit\u00e9\n4@ D Agence R\u00e9gionale de Sant\u00e9Ile-de-France\n \n \n \n \n \n \n \nAGENCE R\u00c9GIONALE DE SANT\u00c9 \u00ceLE-DE-FRANCE \nARR\u00caT\u00c9 N\u00b0DOS-2025-3558 \nPortant agr\u00e9ment de la SAS AMBULANCES BKR \n(78780 - MAURECOURT)  \n \nLE DIRECTEUR G\u00c9N\u00c9RAL DE L'AGENCE R\u00c9GIONALE DE SANT\u00c9 \u00ceLE-DE-FRANCE \n \n \nVU le Code de la Sant\u00e9 Publique et notamment ses articles L.6311-1 \u00e0 L.6311-2, L.6312-1 \u00e0 L.6312-\n5, L.6313-1, R.6312-1 \u00e0 R.6312-23, R.6312-29 \u00e0 R.6312-43, R.6313-5 \u00e0 R.6313-7-1 ;   \n \nVU la loi n\u00b0 2009-879 du 21 juillet 2009 portant r\u00e9forme de l'h\u00f4pital et relative aux patients, \u00e0 la sant\u00e9 \net aux territoires ; \n \nVU le d\u00e9cret n\u00b0 2010-344 du 31 mars 2010 tirant les cons\u00e9quences, au niveau r\u00e8glementaire, de \nl'intervention de la loi n\u00b0 2009-879 du 21 juillet 2009 portant r\u00e9forme de l'h\u00f4pital et relative aux \npatients, \u00e0 la sant\u00e9 et aux territoires ;  \n \nVU le d\u00e9cret du 10 avril 2024 portant nomination de Monsieur Denis ROBIN, Directeur g\u00e9n\u00e9ral de \nl'Agence r\u00e9gionale de sant\u00e9 \u00cele de France \u00e0 compter du 29 avril 2024 ; \n \nVU l'arr\u00eat\u00e9 minist\u00e9riel du 21 d\u00e9cembre 1987 modifi\u00e9 relatif \u00e0 la composition du dossier d'agr\u00e9ment \ndes personnes effectuant des transports sanitaires terrestres et au contr\u00f4le des v\u00e9hicules \naffect\u00e9s aux transports sanitaires ; \n \nVU l'arr\u00eat\u00e9 du 12 d\u00e9cembre 2017 modifi\u00e9 fixant les caract\u00e9ristiques et les installations mat\u00e9rielles \nexig\u00e9es pour les v\u00e9hicules affect\u00e9s aux transports sanitaires terrestres ; \n \nVU l'arr\u00eat\u00e9 DS N\u00b0034/2024 du Directeur g\u00e9n\u00e9ral de l'Agence r\u00e9gionale de sant\u00e9 \u00cele de France en \ndate du 29 avril 2024, portant d\u00e9l\u00e9gation de signature \u00e0 Monsieur Arnaud CORVAISIER, \nDirecteur de l'offre de soins, et \u00e0 certains de ses collaborateurs ; \n \nVU le dossier de demande d'agr\u00e9ment pr\u00e9sent\u00e9 par le responsable l\u00e9gal, Monsieur Mohammed \nBEKKAR, de la SAS AMBULANCES BKR, sise 6 chemin de Tartaleau \u2013 78780 MAURECOURT ; \n \nCONSIDERANT l'accord de transfert de l'autorisation de mise en service de deux v\u00e9hicules de \ncat\u00e9gorie C type A immatricul\u00e9s EG-780-WW et GM-886-LP provenant de la soci\u00e9t\u00e9 Ambulances \nImp\u00e9riales (78000) d\u00e9livr\u00e9 par les services de l'ARS Ile de France le 15 mai 2025 ; \n \nCONSIDERANT la conformit\u00e9 du dossier de demande d'agr\u00e9ment, des installations mat\u00e9rielles, des \nv\u00e9hicules et des \u00e9quipages, aux dispositions du code de la sant\u00e9 publique et des arr\u00eat\u00e9s ci-dessus \nvis\u00e9s relatifs \u00e0 la composition du dossier d'agr\u00e9ment et fixant les caract\u00e9ristiques exig\u00e9es pour les \nv\u00e9hicules et les installations mat\u00e9rielles affect\u00e9s aux transports sanitaires terrestres ; \n \nCONSIDERANT l'attestation sur l'honneur du responsable l\u00e9gal de la soci\u00e9t\u00e9 relative \u00e0 la conformit\u00e9 \ndes installations mat\u00e9rielles, aux normes d\u00e9finies par l'arr\u00eat\u00e9 du 12 d\u00e9cembre 2017 ci-dessus vis\u00e9 ainsi \nqu'aux normes d'hygi\u00e8ne et de salubrit\u00e9 ; \nAgence R\u00e9gionale de Sant\u00e9 - IDF-2025-07-16-00018 - Arr\u00eat\u00e9 n\u00b0DOS-2025-3558 portant agr\u00e9ment de la SAS AMBULANCES BKR (78780\n-MAURECOURT) 14\n2 \n \n \nCONSIDERANT les attestations sur l'honneur du responsable l\u00e9gal de la soci\u00e9t\u00e9 relative \u00e0 la conformit\u00e9 \ndes v\u00e9hicules de transports sanitaires, aux normes d\u00e9finies par l'arr\u00eat\u00e9 du 12 d\u00e9cembre 2017 ci-dessus \nvis\u00e9 ; \n \n \nARR\u00caTE \n \n \nARTICLE 1er :  La SAS AMBULANCES BKR, sise 6 chemin de Tartaleau \u2013 78780 MAURECOURT dont \nle responsable l\u00e9gal est Monsieur Mohammed BEKKAR est agr\u00e9\u00e9e sous le n\u00b0 ARS-IDF-TS/410 \u00e0 \ncompter de la date du pr\u00e9sent arr\u00eat\u00e9. \n \n ARTICLE 2 : La liste des v\u00e9hicules et des personnels composant les \u00e9quipages est pr\u00e9cis\u00e9e en annexe \nau pr\u00e9sent arr\u00eat\u00e9. \n \nARTICLE 3 : La pr\u00e9sente d\u00e9cision peut faire l'objet d'un recours gracieux aupr\u00e8s de Monsieur le \nDirecteur g\u00e9n\u00e9ral de l'Agence r\u00e9gionale de sant\u00e9, sise 13, rue du Landy 93200 Saint-Denis. \n Un recours contentieux peut \u00e9galement \u00eatre d\u00e9pos\u00e9 aupr\u00e8s du tribunal administratif comp\u00e9tent.   \n Le d\u00e9lai de recours est de deux mois \u00e0 compter de la notification de l'arr\u00eat\u00e9 pour l'int\u00e9ress\u00e9 ou de sa \npublication pour les tiers. \n Ces recours n'ont pas pour effet de suspendre le caract\u00e8re ex\u00e9cutoire de la pr\u00e9sente d\u00e9cision.    \n \nARTICLE 4 : Le Directeur de l'offre de soins est charg\u00e9 de l'ex\u00e9cution du pr\u00e9sent arr\u00eat\u00e9, qui sera publi\u00e9 \nau Recueil des Actes Administratifs des services de l'\u00c9tat. \n \n \nFait \u00e0 Saint-Denis, le 16/07/2025                              \n \nP/Le Directeur g\u00e9n\u00e9ral \nde l'Agence r\u00e9gionale de sant\u00e9 \nIle-de-France, \nLa Responsable du Service r\u00e9gional \ndes transports sanitaires, \n \n \nSIGNE \n \nS\u00e9verine TEISSEDRE \n \n \nAgence R\u00e9gionale de Sant\u00e9 - IDF-2025-07-16-00018 - Arr\u00eat\u00e9 n\u00b0DOS-2025-3558 portant agr\u00e9ment de la SAS AMBULANCES BKR (78780\n-MAURECOURT) 15\nAgence R\u00e9gionale de Sant\u00e9\nIDF-2025-07-16-00020\nArr\u00eat\u00e9 n\u00b0DOS-2025-3559 portant agr\u00e9ment de la\nSAS FUTURE AMBULANCES (94200 -\nIVRY-SUR-SEINE)\nAgence R\u00e9gionale de Sant\u00e9 - IDF-2025-07-16-00020 - Arr\u00eat\u00e9 n\u00b0DOS-2025-3559 portant agr\u00e9ment de la SAS FUTURE AMBULANCES\n(94200 - IVRY-SUR-SEINE) 16\nREPUBLIQUEFRANCAISELibert\u00e9Egalit\u00e9Fraternit\u00e9\n4@ D Agence R\u00e9gionale de Sant\u00e9Ile-de-France\n \n \n \n \n \n \n \nAGENCE R\u00c9GIONALE DE SANT\u00c9 \u00ceLE-DE-FRANCE \nARR\u00caT\u00c9 N\u00b0DOS-2025-3559 \nPortant agr\u00e9ment de la SAS FUTURE AMBULANCES \n(94200 \u2013 IVRY-SUR-SEINE)  \n \nLE DIRECTEUR G\u00c9N\u00c9RAL DE L'AGENCE R\u00c9GIONALE DE SANT\u00c9 \u00ceLE-DE-FRANCE \n \n \nVU le Code de la Sant\u00e9 Publique et notamment ses articles L.6311-1 \u00e0 L.6311-2, L.6312-1 \u00e0 L.6312-\n5, L.6313-1, R.6312-1 \u00e0 R.6312-23, R.6312-29 \u00e0 R.6312-43, R.6313-5 \u00e0 R.6313-7-1 ;   \n \nVU la loi n\u00b0 2009-879 du 21 juillet 2009 portant r\u00e9forme de l'h\u00f4pital et relative aux patients, \u00e0 la sant\u00e9 \net aux territoires ; \n \nVU le d\u00e9cret n\u00b0 2010-344 du 31 mars 2010 tirant les cons\u00e9quences, au niveau r\u00e8glementaire, de \nl'intervention de la loi n\u00b0 2009-879 du 21 juillet 2009 portant r\u00e9forme de l'h\u00f4pital et relative aux \npatients, \u00e0 la sant\u00e9 et aux territoires ;  \n \nVU le d\u00e9cret du 10 avril 2024 portant nomination de Monsieur Denis ROBIN, Directeur g\u00e9n\u00e9ral de \nl'Agence r\u00e9gionale de sant\u00e9 \u00cele de France \u00e0 compter du 29 avril 2024 ; \n \nVU l'arr\u00eat\u00e9 minist\u00e9riel du 21 d\u00e9cembre 1987 modifi\u00e9 relatif \u00e0 la composition du dossier d'agr\u00e9ment \ndes personnes effectuant des transports sanitaires terrestres et au contr\u00f4le des v\u00e9hicules \naffect\u00e9s aux transports sanitaires ; \n \nVU l'arr\u00eat\u00e9 du 12 d\u00e9cembre 2017 modifi\u00e9 fixant les caract\u00e9ristiques et les installations mat\u00e9rielles \nexig\u00e9es pour les v\u00e9hicules affect\u00e9s aux transports sanitaires terrestres ; \n \nVU l'arr\u00eat\u00e9 DS N\u00b0034/2024 du Directeur g\u00e9n\u00e9ral de l'Agence r\u00e9gionale de sant\u00e9 \u00cele de France en \ndate du 29 avril 2024, portant d\u00e9l\u00e9gation de signature \u00e0 Monsieur Arnaud CORVAISIER, \nDirecteur de l'offre de soins, et \u00e0 certains de ses collaborateurs ; \n \nVU le dossier de demande d'agr\u00e9ment pr\u00e9sent\u00e9 par le responsable l\u00e9gal, Monsieur Christopher \nLITTRE, de la SAS FUTURE AMBULANCES, sise 43 rue Gabriel PERI \u2013 94200 IVRY-SUR-\nSEINE ; \n \nCONSIDERANT l'accord de transfert de l'autorisation de mise en service d'un v\u00e9hicule de cat\u00e9gorie C \ntype A immatricul\u00e9 FY-419-NY et d'un v\u00e9hicule de cat\u00e9gorie D immatricul\u00e9 FN-970-XF provenant de la \nsoci\u00e9t\u00e9 Loyal Ambulances (94200) d\u00e9livr\u00e9 par les services de l'ARS Ile de France le 13 mars 2025 ; \n \nCONSIDERANT la conformit\u00e9 du dossier de demande d'agr\u00e9ment, des installations mat\u00e9rielles, des \nv\u00e9hicules et des \u00e9quipages, aux dispositions du code de la sant\u00e9 publique et des arr\u00eat\u00e9s ci-dessus \nvis\u00e9s relatifs \u00e0 la composition du dossier d'agr\u00e9ment et fixant les caract\u00e9ristiques exig\u00e9es pour les \nv\u00e9hicules et les installations mat\u00e9rielles affect\u00e9s aux transports sanitaires terrestres ; \n \nAgence R\u00e9gionale de Sant\u00e9 - IDF-2025-07-16-00020 - Arr\u00eat\u00e9 n\u00b0DOS-2025-3559 portant agr\u00e9ment de la SAS FUTURE AMBULANCES\n(94200 - IVRY-SUR-SEINE) 17\n2 \n \nCONSIDERANT l'attestation sur l'honneur du responsable l\u00e9gal de la soci\u00e9t\u00e9 relative \u00e0 la conformit\u00e9 \ndes installations mat\u00e9rielles, aux normes d\u00e9finies par l'arr\u00eat\u00e9 du 12 d\u00e9cembre 2017 ci-dessus vis\u00e9 ainsi \nqu'aux normes d'hygi\u00e8ne et de salubrit\u00e9 ; \n \nCONSIDERANT les attestations sur l'honneur du responsable l\u00e9gal de la soci\u00e9t\u00e9 relative \u00e0 la conformit\u00e9 \ndes v\u00e9hicules de transports sanitaires, aux normes d\u00e9finies par l'arr\u00eat\u00e9 du 12 d\u00e9cembre 2017 ci-dessus \nvis\u00e9 ; \n \n \nARR\u00caTE \n \n \nARTICLE 1er :  La SAS FUTURE AMBULANCES, sise 43 rue Gabriel PERI \u2013 94200 IVRY-SUR-SEINE \ndont le responsable l\u00e9gal est Monsieur Christopher LITTRE est agr\u00e9\u00e9e sous le n\u00b0 ARS-IDF-TS/411 \u00e0 \ncompter de la date du pr\u00e9sent arr\u00eat\u00e9. \n \nLe local de d\u00e9sinfection et d'entretien des v\u00e9hicules, les aires de stationnement et le garage couvert se \nsituent au 162 boulevard de Stalingrad \u00e0 94200 IVRY-SUR-SEINE. \n \n ARTICLE 2 : La liste des v\u00e9hicules et des personnels composant les \u00e9quipages est pr\u00e9cis\u00e9e en annexe \nau pr\u00e9sent arr\u00eat\u00e9. \n \nARTICLE 3 : La pr\u00e9sente d\u00e9cision peut faire l'objet d'un recours gracieux aupr\u00e8s de Monsieur le \nDirecteur g\u00e9n\u00e9ral de l'Agence r\u00e9gionale de sant\u00e9, sise 13, rue du Landy 93200 Saint-Denis. \n Un recours contentieux peut \u00e9galement \u00eatre d\u00e9pos\u00e9 aupr\u00e8s du tribunal administratif comp\u00e9tent.   \n Le d\u00e9lai de recours est de deux mois \u00e0 compter de la notification de l'arr\u00eat\u00e9 pour l'int\u00e9ress\u00e9 ou de sa \npublication pour les tiers. \n Ces recours n'ont pas pour effet de suspendre le caract\u00e8re ex\u00e9cutoire de la pr\u00e9sente d\u00e9cision.    \n \nARTICLE 4 : Le Directeur de l'offre de soins est charg\u00e9 de l'ex\u00e9cution du pr\u00e9sent arr\u00eat\u00e9, qui sera publi\u00e9 \nau Recueil des Actes Administratifs des services de l'\u00c9tat. \n \n \nFait \u00e0 Saint-Denis, le 16/07/2025                             \n \nP/Le Directeur g\u00e9n\u00e9ral \nde l'Agence r\u00e9gionale de sant\u00e9 \nIle-de-France, \nLa Responsable du Service r\u00e9gional \ndes transports sanitaires, \n \nSIGNE \n \n \nS\u00e9verine TEISSEDRE \n \n \nAgence R\u00e9gionale de Sant\u00e9 - IDF-2025-07-16-00020 - Arr\u00eat\u00e9 n\u00b0DOS-2025-3559 portant agr\u00e9ment de la SAS FUTURE AMBULANCES\n(94200 - IVRY-SUR-SEINE) 18\nAgence R\u00e9gionale de Sant\u00e9\nIDF-2025-07-17-00010\nArr\u00eat\u00e9 n\u00b0DOS-2025-3561 portant changement de\nd\u00e9nomination sociale, de forme juridique et de\nresponsable l\u00e9gal - SASU DAUMESNIL 75\nAgence R\u00e9gionale de Sant\u00e9 - IDF-2025-07-17-00010 - Arr\u00eat\u00e9 n\u00b0DOS-2025-3561 portant changement de d\u00e9nomination sociale, de forme\njuridique et de responsable l\u00e9gal - SASU DAUMESNIL 75 19\nEoREPUBLIQUEFRAN CAI SE \u00a9 D Agence R\u00e9gionale de Sant\u00e9Libert\u00e9 Ile-de-France\u00c9galit\u00e9Fraternit\u00e9\n \n \n \n \n \n \n \nAGENCE R\u00c9GIONALE DE SANT\u00c9 \u00ceLE-DE-FRANCE \nARR\u00caT\u00c9 N\u00b0DOS-2025-3561 \nportant changement de d\u00e9nomination sociale, de forme juridique et de responsable l\u00e9gal \nde la  SASU AMBULANCES DAUMESNIL 75                                                                              \n(75012 PARIS) \n \nLE DIRECTEUR G\u00c9N\u00c9RAL DE L'AGENCE R\u00c9GIONALE DE SANT\u00c9 \u00ceLE-DE-FRANCE \n \n \nVU le Code de la Sant\u00e9 Publique et notamment ses articles L.6311-1 \u00e0 L.6311-2, L.6312-1 \u00e0 L.6312-\n5, L.6313-1, R.6312-1 \u00e0 R.6312-23, R.6312-29 \u00e0 R.6312-43, R.6313-5 \u00e0 R.6313-7-1 ; \n \nVU la loi n\u00b0 2009-879 du 21 juillet 2009 portant r\u00e9forme de l'h\u00f4pital et relative aux patients, \u00e0 la sant\u00e9 \net aux territoires ; \n \nVU le d\u00e9cret n\u00b0 2010-344 du 31 mars 2010 tirant les cons\u00e9quences, au niveau r\u00e8glementaire, de \nl'intervention de la loi n\u00b0 2009-879 du 21 juillet 2009 portant r\u00e9forme de l'h\u00f4pital et relative aux \npatients, \u00e0 la sant\u00e9 et aux territoires ; \n \nVU le d\u00e9cret du 10 avril 2024 portant nomination de Monsieur Denis ROBIN, Directeur g\u00e9n\u00e9ral de \nl'Agence r\u00e9gionale d'\u00cele de France \u00e0 compter du 29 avril 2024 ; \n \nVU l'arr\u00eat\u00e9 minist\u00e9riel du 21 d\u00e9cembre 1987 modifi\u00e9 relatif \u00e0 la composition du dossier d'agr\u00e9ment \ndes personnes effectuant des transports sanitaires terrestres et au contr\u00f4le des v\u00e9hicules \naffect\u00e9s aux transports sanitaires ; \n \nVU l'arr\u00eat\u00e9 du 12 d\u00e9cembre 2017 modifi\u00e9 fixant les caract\u00e9ristiques et les installations mat\u00e9rielles \nexig\u00e9es pour les v\u00e9hicules affect\u00e9s aux transports sanitaires terrestres ; \n \nVU l'arr\u00eat\u00e9 DS N\u00b0034/2024 du Directeur g\u00e9n\u00e9ral de l'Agence r\u00e9gionale d'\u00cele de France en date du \n29 avril 2024, portant d\u00e9l\u00e9gation de signature \u00e0 Monsieur Arnaud CORVAISIER, Directeur de \nl'offre de soins, et \u00e0 certains de ses collaborateurs ; \n \nVU l'arr\u00eat\u00e9 pr\u00e9fectoral en date du 13 d\u00e9cembre 1999 portant agr\u00e9ment sous le n\u00b099-1 de la SARL \nAMBULANCES DAUMESNIL, sise 42 bis, avenue du G\u00e9n\u00e9ral Bizot \u00e0 Paris (75012) dont le \ng\u00e9rant est Monsieur Kamel ABADI ;  \n \nVU l'enregistrement d'une d\u00e9claration de modification dans le fonctionnement d'une entreprise de \ntransport sanitaire en date du 29 mars 2005 portant transfert des locaux d'accueil du 42 bis, \navenue du G\u00e9n\u00e9ral Bizot \u00e0 Paris (75012) au 42, avenue du G\u00e9n\u00e9ral Bizot \u00e0 Paris (75012) \u00e0 \ncompter du 04 f\u00e9vrier 2005 ;  \n \nVU l'arr\u00eat\u00e9 n\u00b0DOS-2022/3287 de la Directrice G\u00e9n\u00e9rale de l'Agence R\u00e9gionale de Sant\u00e9 d'\u00cele-de-\nFrance, en date du 28 juillet 2022, portant changement de g\u00e9rance, de d\u00e9nomination sociale et \nde forme juridique de la SARL AMBULANCE DAUMESNIL qui devient la SASU AMBULANCES \nDAUMESNIL  75 et dont le pr\u00e9sident est Monsieur Serkan YILMAZ ;  \n \nAgence R\u00e9gionale de Sant\u00e9 - IDF-2025-07-17-00010 - Arr\u00eat\u00e9 n\u00b0DOS-2025-3561 portant changement de d\u00e9nomination sociale, de forme\njuridique et de responsable l\u00e9gal - SASU DAUMESNIL 75 20\n2 \n \n \nCONSIDERANT le dossier de demande de modification de l'agr\u00e9ment pr\u00e9sent\u00e9 par Monsieur Kamel \nABADI relatif au changement de d\u00e9nomination sociale, de responsable l\u00e9gal et de forme juridique de \nde la SASU AMBULANCES DAUMESNIL 75 ; \n \nCONSIDERANT la conformit\u00e9 du dossier de changement de d\u00e9nomination sociale, de responsable \nl\u00e9gal et de forme juridique aux dispositions de l'arr\u00eat\u00e9 du 21 d\u00e9cembre 1987 modifi\u00e9 ci-dessus vis\u00e9 ; \n \nARR\u00caTE \n \nARTICLE 1er : La SASU AMBULANCES DAUMESNIL 75, sise 42 avenue du G\u00e9n\u00e9ral Bizot \u00e0 Paris \n(75012), est d\u00e9sormais la SARL AMBULANCES DAUMESNIL dont le g\u00e9rant est Monsieur Kamel \nABADI \u00e0 la date du pr\u00e9sent arr\u00eat\u00e9.     \n \nARTICLE 2 : La pr\u00e9sente d\u00e9cision peut faire l'objet d'un recours gracieux aupr\u00e8s de Monsieur le \nDirecteur g\u00e9n\u00e9ral de l'Agence r\u00e9gionale de sant\u00e9, sise 13, rue du Landy 93200 Saint-Denis. \n Un recours contentieux peut \u00e9galement \u00eatre d\u00e9pos\u00e9 aupr\u00e8s du tribunal administratif comp\u00e9tent.   \n Le d\u00e9lai de recours est de deux mois \u00e0 compter de la notification de l'arr\u00eat\u00e9 pour l'int\u00e9ress\u00e9 ou de sa \npublication pour les tiers. \n Ces recours n'ont pas pour effet de suspendre le caract\u00e8re ex\u00e9cutoire de la pr\u00e9sente d\u00e9cision.    \n \nARTICLE 3 : Le Directeur de l'offre de soins est charg\u00e9 de l'ex\u00e9cution du pr\u00e9sent arr\u00eat\u00e9, qui sera publi\u00e9 \nau Recueil des Actes Administratifs des services de l'\u00c9tat.  \n \n \n \n \nFait \u00e0 Saint-Denis, le 17/07/2025 \n \nP/La Directeur g\u00e9n\u00e9ral \nde l'Agence r\u00e9gionale de sant\u00e9 \nIle-de-France,  \nLa Responsable du service r\u00e9gional \ndes transports sanitaires, \n \n \nSIGNE \n \n \nS\u00e9verine TEISSEDRE \n \n \n \nAgence R\u00e9gionale de Sant\u00e9 - IDF-2025-07-17-00010 - Arr\u00eat\u00e9 n\u00b0DOS-2025-3561 portant changement de d\u00e9nomination sociale, de forme\njuridique et de responsable l\u00e9gal - SASU DAUMESNIL 75 21\nDirection r\u00e9gionale et interd\u00e9partementale de\nl'alimentation, de l'agriculture et de la for\u00eat d'Ile\nde France\nIDF-2025-07-24-00019\nArr\u00eat\u00e9 pr\u00e9fectoral portant autorisation au titre\nde l'article L. 333-3 du code rural et de la p\u00eache\nmaritime de prise de contr\u00f4le de la soci\u00e9t\u00e9\nARTEMIS DOMAINES\nDirection r\u00e9gionale et interd\u00e9partementale de l'alimentation, de l'agriculture et de la for\u00eat d'Ile de France - IDF-2025-07-24-00019 -\nArr\u00eat\u00e9 pr\u00e9fectoral portant autorisation au titre de l'article L. 333-3 du code rural et de la p\u00eache maritime de prise de contr\u00f4le de la\nsoci\u00e9t\u00e9 ARTEMIS DOMAINES\n22\n| =PREFETDE PARISLibert\u00e9Egalit\u00e9Fraternit\u00e9\n \n     5 rue Leblanc \u2013 75911 PARIS Cedex 15 \n     Tel : 01 82 52 46 46 \n     benoit.magat@agriculture.gouv.fr \n     http://driaaf.ile-de-france.agriculture.gouv.fr/ \n \nDirection R\u00e9gionale et Interd\u00e9partementale  \n                               de l'Alimentation, de l'Agriculture \net de la For\u00eat \n \n \n \n \n \nArr\u00eat\u00e9 pr\u00e9fectoral  \nportant autorisation au titre de l'article L. 333-3 du code rural et de la p\u00eache maritime de \nprise de contr\u00f4le de la soci\u00e9t\u00e9 ARTEMIS DOMAINES \n \n \nLe pr\u00e9fet de la r\u00e9gion d'\u00cele-de-France,  \nPr\u00e9fet de Paris,  \nCommandeur de la L\u00e9gion d'honneur,  \nOfficier de l'ordre national du M\u00e9rite,  \n \n \nVu  le code rural et de la p\u00eache maritime, notamment ses articles L. 333-1 et suivants et R. 333-1 et \nsuivants,  \nVu  le d\u00e9cret du 22 juillet 2020 portant nomination de Monsieur Marc GUILLAUME en qualit\u00e9 de pr\u00e9fet \nde la r\u00e9gion d'\u00cele-de-France, pr\u00e9fet de Paris \n ; \nVu  l'arr\u00eat\u00e9 pr\u00e9fectoral du 24 f\u00e9vrier 2023 fixant le seuil d'agrandissement significatif en r\u00e9gion \nBourgogne-Franche-Comt\u00e9 ;  \nVu  l'arr\u00eat\u00e9 pr\u00e9fectoral du 21 ao\u00fbt 2024 portant d\u00e9l\u00e9gation de signature \u00e0 Madame Myl\u00e8ne TESTUT-\nNEVES, directrice r\u00e9gionale et interd\u00e9partementale de l'alimentation, de l'agriculture et de la for\u00eat d'\u00cele-\nde-France, en mati\u00e8re administrative \n ; \nVu  la demande d'autorisation au titre de l'article L. 333-3 du code rural et de la p\u00eache maritime \npr\u00e9sent\u00e9e par la soci\u00e9t\u00e9 ARTEMIS DOMAINES du 14 mars 2025  ; \nVu  l'avis favorable de la soci\u00e9t\u00e9 d'am\u00e9nagement foncier et d'\u00e9tablissement rural de l'\u00cele-de-France du  \n20 mai 2025  ; \nConsid\u00e9rant  que la demande d'autorisation concerne une op\u00e9ration qui consiste en une cession de parts \nsociales d\u00e9tenues par un associ\u00e9 minoritaire commanditaire \u00e0 un autre associ\u00e9 qui contr\u00f4le d\u00e9j\u00e0 \nindirectement la soci\u00e9t\u00e9 , \nConsid\u00e9rant  que cette op\u00e9ration est une prise de participation compl\u00e9mentaire et a pour cons\u00e9quence \nde renforcer la prise de contr\u00f4le de la soci\u00e9t\u00e9 ARTEMIS DOMAINES par la cession de parts de Madame \nB\u00e9atrice RACINE. Ainsi ARTEMIS DOMAINES d\u00e9tenue par  ARTEMIS repr\u00e9sent\u00e9e par la soci\u00e9t\u00e9 \nFINANCIERES PINAULT , elle-m\u00eame d\u00e9tenue par Monsieur Fran\u00e7ois Jean Henri PINAULT d\u00e9tiendra \n77,35  % des droits de vote  ; \nConsid\u00e9rant  que l'op\u00e9ration n'aura pas d'incidence sur la surface exploit\u00e9e ou d\u00e9tenue directement ou \nindirectement par Monsieur Fran\u00e7ois Jean Henri PINAULT (423 hectares 54 ares et 03 centiares en \nsurface cadastrale), cette surface d\u00e9passant pr\u00e9alablement le seuil d'agrandissement significatif fix\u00e9 \u00e0 \n227 hectares, \n \nDirection r\u00e9gionale et interd\u00e9partementale de l'alimentation, de l'agriculture et de la for\u00eat d'Ile de France - IDF-2025-07-24-00019 -\nArr\u00eat\u00e9 pr\u00e9fectoral portant autorisation au titre de l'article L. 333-3 du code rural et de la p\u00eache maritime de prise de contr\u00f4le de la\nsoci\u00e9t\u00e9 ARTEMIS DOMAINES\n23\n \n     5 rue Leblanc \u2013 75911 PARIS Cedex 15 \n     Tel : 01 82 52 46 46 \n     http://driaaf.ile-de-france.agriculture.gouv.fr/ \n \nARR\u00caTE \n \nArticle 1 \ner  : L'autorisation n\u00b0OS75250015001 au titre de l'article L. 333-3 du code rural et de la p\u00eache \nmaritime est accord\u00e9e \u00e0 M. Fran\u00e7ois Jean Henri PINA ULT au travers de la soci\u00e9t\u00e9 ARTEMIS \n(SIRET\u00b037864899200030), \u00e0 compter du 20 juillet 2025.  \n \nArticle 2 : Le pr\u00e9sent arr\u00eat\u00e9 sera publi\u00e9 au recueil des actes administratifs de la pr\u00e9fecture de Paris. \n \nFait \u00e0 Paris, le 24 juillet 2025 \n \nPour le pr\u00e9fet et par d\u00e9l\u00e9gation, \nLa directrice r\u00e9gionale et interd\u00e9partemen- \ntale de l'alimentation de l'agriculture et de la \nfor\u00eat d'Ile de France \nSign\u00e9 \nMyl\u00e8ne TESTUT-NEVES \nDirection r\u00e9gionale et interd\u00e9partementale de l'alimentation, de l'agriculture et de la for\u00eat d'Ile de France - IDF-2025-07-24-00019 -\nArr\u00eat\u00e9 pr\u00e9fectoral portant autorisation au titre de l'article L. 333-3 du code rural et de la p\u00eache maritime de prise de contr\u00f4le de la\nsoci\u00e9t\u00e9 ARTEMIS DOMAINES\n24\nMission nationale de contr\u00f4le et d'audit des\norganismes de s\u00e9curit\u00e9 sociale \nIDF-2025-07-25-00003\nArr\u00eat\u00e9 modificatif du 25 juillet 2025 - ADP\nConseil CAF 78 - portant modification de la\ncomposition du Conseil d'administration de la\nCaisse des allocations familiales des Yvelines\n(CAF 78)\ncomposition du Conseil d'administration de la\nCaisse des allocations familiales des Yvelines\n(CAF 78)\nMission nationale de contr\u00f4le et d'audit des organismes de s\u00e9curit\u00e9 sociale  - IDF-2025-07-25-00003 - Arr\u00eat\u00e9 modificatif du 25 juillet\n2025 - ADP Conseil CAF 78 - portant modification de la\ncomposition du Conseil d'administration de la Caisse des allocations familiales des Yvelines\n(CAF 78)\ncomposition du Conseil d'administration de la Caisse des allocations familiales des Yvelines\n(CAF 78)\n25\nE =GOUVERNEMENT DirectionLibert\u00e9 de la s\u00e9curit\u00e9 socialeEgalit\u00e9Fraternit\u00e9\n \n \n \n \nArr\u00eat\u00e9 modificatif du 25 juillet 2025 \u2013 ADP Conseil CAF 78 - portant modification de la \ncomposition du Conseil d'administration de la Caisse des allocations familiales des Yvelines \n(CAF 78) \n \nLa ministre du travail, de la sant\u00e9, des solidarit\u00e9s et des familles \n \n \n \nVu le code de la s\u00e9curit\u00e9 sociale et notamment les articles L. 212 -2, R. 121-5 \u00e0 R. 121-7, et D. 231-1 \n\u00e0 D. 231-4 ;  \n  \nVu l'arr\u00eat\u00e9 du 22 mars 2022 \u2013 ADP CA CAF des Yvelines - portant nomination des membres du \nConseil d'administration de la Caisse d'Allocations Familiales des Yvelines ;  \n \nVu l'arr\u00eat\u00e9 modificatif du 25 mars 2022 \u2013 ADP CA CAF des Yvelines - portant modification des \nmembres du Conseil d'administration de la Caisse d'Allocations Familiales des Yvelines ;  \n \nVu l'arr\u00eat\u00e9 modificatif du 7 avril 2022 \u2013 ADP CA CAF des Yvelines - portant modification des \nmembres du Conseil d'administration de la Caisse d'Allocations Familiales des Yvelines ; \n  \nVu l'arr\u00eat\u00e9 modificatif du 27 juillet 2022 \u2013 ADP CA CAF des Yvelines - portant modification des \nmembres du Conseil d'administration de la Caisse d'Allocations Familiales des Yvelines  ; \n \nVu l'arr\u00eat\u00e9 modificatif du 18 octobre 2022 \u2013 ADP CA CAF des Yvelines - portant modification des \nmembres du Conseil d'administration de la Caisse d'Allocations Familiales des Yvelines  ; \n \nVu l'arr\u00eat\u00e9 modificatif du 20 janvier 2023 \u2013 ADP CA CAF des Yvelines - portant modification des \nmembres du Conseil d'administration de la Caisse d'Allocations Familiales des Yvelines  ;  \n \nVu l'arr\u00eat\u00e9 modificatif du 18 juillet 2023 \u2013 ADP CA CAF des Yvelines - portant modification des \nmembres du Conseil d'administration de la Caisse d'Allocations Familiales des Yvelines  ;  \n  \nVu l'arr\u00eat\u00e9 modificatif du 12 septembre 2023 \u2013 ADP CA CAF des Yvelines - portant modification des \nmembres du Conseil d'administration de la Caisse d'Allocations Familiales des Yvelines  ; \n  \nVu l'arr\u00eat\u00e9 modificatif du 9 novembre 2023 \u2013 ADP CA CAF des Yvelines - portant modification des \nmembres du Conseil d'administration de la Caisse d'Allocations Familiales des Yvelines  ; \n \nVu l'arr\u00eat\u00e9 modificatif du 17 novembre 2023 \u2013 ADP CA CAF des Yvelines - portant modification de \nla composition du Conseil d'administration de la Caisse d'Allocations Familiales des Yvelines  ; \n \nVu l'arr\u00eat\u00e9 modificatif du 12 mars 2025  \u2013 ADP CA CAF des Yvelines - portant modification de la \ncomposition du Conseil d'administration de la Caisse d'Allocations Familiales des Yvelines  ; \n \nVu l'arr\u00eat\u00e9 modificatif du 14 mai 2025  \u2013 ADP CA CAF des Yvelines - portant modification de la \ncomposition du Conseil d'administration de la Caisse d'Allocations Familiales des Yvelines  ; \n \nVu la demande de modification \u00e9manant, au titre des r epr\u00e9sentants des assur\u00e9s sociaux , de la \nConf\u00e9d\u00e9ration Fran\u00e7aise D\u00e9mocratique du Travail (CFDT) ; \n \nVu l'arr\u00eat\u00e9 du 20 novembre 2024 portant d\u00e9l\u00e9gation de signature \u00e0 Monsieur Th\u00e9ophile TOSSAVI, \nadjoint chef de l'antenne de Paris de la Mission Nationale de Contr\u00f4le et d'audit des organismes de \ns\u00e9curit\u00e9 sociale ; \n \n \n \nMission nationale de contr\u00f4le et d'audit des organismes de s\u00e9curit\u00e9 sociale  - IDF-2025-07-25-00003 - Arr\u00eat\u00e9 modificatif du 25 juillet\n2025 - ADP Conseil CAF 78 - portant modification de la\ncomposition du Conseil d'administration de la Caisse des allocations familiales des Yvelines\n(CAF 78)\ncomposition du Conseil d'administration de la Caisse des allocations familiales des Yvelines\n(CAF 78)\n26\n \nArr\u00eate : \nArticle 1er \nLa composition du Conseil d'administration de la Caisse des allocations familiales des Yvelines est \nmodifi\u00e9e comme suit :  \n \n1\u00b0 En tant que Repr\u00e9sentants des assur\u00e9s sociaux \nSur demande de la Conf\u00e9d\u00e9ration Fran\u00e7aise D\u00e9mocratique du Travail (CFDT)  \n \nTitulaire :  \nSi\u00e8ge vacant suite au d\u00e9c\u00e8s de M. LAISNE (Alain) \n \n \n \nArticle 2 \nL'adjoint chef d'antenne de Paris de la Mission nationale de contr\u00f4le et d'audit des organismes de \ns\u00e9curit\u00e9 sociale est charg\u00e9 de l'ex\u00e9cution du pr\u00e9sent arr\u00eat\u00e9, qui sera publi\u00e9 au recueil des actes \nadministratifs de la pr\u00e9fecture de la r\u00e9gion Ile-de-France. \n \n \nFait \u00e0 Paris, le 25 juillet 2025 \nLa ministre du travail, de la sant\u00e9, des solidarit\u00e9s et des familles, \n \nPour la ministre et par d\u00e9l\u00e9gation : \n \nSign\u00e9 \n \nTh\u00e9ophile TOSSAVI \nMission nationale de contr\u00f4le et d'audit des organismes de s\u00e9curit\u00e9 sociale  - IDF-2025-07-25-00003 - Arr\u00eat\u00e9 modificatif du 25 juillet\n2025 - ADP Conseil CAF 78 - portant modification de la\ncomposition du Conseil d'administration de la Caisse des allocations familiales des Yvelines\n(CAF 78)\ncomposition du Conseil d'administration de la Caisse des allocations familiales des Yvelines\n(CAF 78)\n27\nMission nationale de contr\u00f4le et d'audit des\norganismes de s\u00e9curit\u00e9 sociale \nIDF-2025-07-25-00004\nArr\u00eat\u00e9 modificatif du 25 juillet 2025 - ADP\nConseil CAF 94 - portant modification de la\ncomposition du Conseil d'administration de la\nCaisse des allocations familiales du Val-de-Marne\nMission nationale de contr\u00f4le et d'audit des organismes de s\u00e9curit\u00e9 sociale  - IDF-2025-07-25-00004 - Arr\u00eat\u00e9 modificatif du 25 juillet\n2025 - ADP Conseil CAF 94 - portant modification de la composition du Conseil d'administration de la Caisse des allocations familiales\ndu Val-de-Marne\n28\nE =GOUVERNEMENT DirectionLibert\u00e9 de la s\u00e9curit\u00e9 socialeEgalit\u00e9Fraternit\u00e9\n \n \n \nArr\u00eat\u00e9 modificatif du 25 juillet 2025 \u2013 ADP Conseil CAF 94 - portant modification de la composition du \nConseil d'administration de la Caisse des allocations familiales du Val-de-Marne \n \nLa ministre du travail, de la sant\u00e9, des solidarit\u00e9s et des familles \n \n \n \nVu le code de la s\u00e9curit\u00e9 sociale et notamment les articles L. 212-2, R. 121-5 \u00e0 R. 121-7, et D. 231-1 \u00e0  \nD. 231-4 ;  \n  \nVu l'arr\u00eat\u00e9 du 16 mars 2022 \u2013 ADP CAF du Val -de-Marne - portant nomination des membres du conseil \nd'administration de la Caisse d'Allocations Familiales du Val-de-Marne ; \n \nVu l'arr\u00eat\u00e9 modificatif du 23 mars 2022 \u2013 ADP CAF du Val-de-Marne -portant modification de la composition \ndu conseil d'administration de la Caisse d'Allocations Familiales du Val-de-Marne ; \n \nVu l'arr\u00eat\u00e9 modificatif du 27 juillet 2022 \u2013 ADP CAF du Val-de-Marne - portant modification de la composition \ndu conseil d'administration de la Caisse d'Allocations Familiales du Val-de-Marne ; \n \nVu l'arr\u00eat\u00e9 modificatif du 1er f\u00e9vrier 2023 \u2013 ADP CAF du Val-de-Marne - portant modification de la composition \ndu conseil d'administration de la Caisse d'Allocations Familiales du Val-de-Marne ; \n \nVu l'arr\u00eat\u00e9 modificatif du 9 juin 2023 \u2013 ADP CAF du Val-de-Marne - portant modification de la composition du \nconseil d'administration de la Caisse d'Allocations Familiales du Val-de-Marne ; \n \nVu l'arr\u00eat\u00e9 modificatif du 26 juin 2023 \u2013 ADP CAF du Val-de-Marne - portant modification de la composition \ndu conseil d'administration de la Caisse d'Allocations Familiales du Val-de-Marne ; \n \nVu l'arr\u00eat\u00e9 modificatif du 17 juin 2024 \u2013 ADP CAF du Val-de-Marne - portant modification de la composition  \ndu conseil d'administration de la Caisse d'Allocations Familiales du Val-de-Marne ; \n \nVu l'arr\u00eat\u00e9 modificatif du 27 juin 2024 \u2013 ADP CA CAF du Val de Marne - portant modification de la composition  \ndu conseil d'administration de la Caisse d'Allocations Familiales du Val-de-Marne ; \n \nVu l'arr\u00eat\u00e9 modificatif du 06 mars 2025 \u2013 ADP CA CAF du Val de Marne - portant modification de la composition  \ndu conseil d'administration de la Caisse d'Allocations Familiales du Val-de-Marne ; \n \nVu l'arr\u00eat\u00e9 modificatif du 07 avril 2025 \u2013 ADP CA CAF du Val de Marne - portant modification de la composition  \ndu conseil d'administration de la Caisse d'Allocations Familiales du Val-de-Marne ; \n \nVu la demande de modification \u00e9manant, au titre des repr\u00e9sentants des  travailleurs ind\u00e9pendants , de la \nConf\u00e9d\u00e9ration des Petites et Moyennes Entreprises (CPME) ; \n \nVu l'arr\u00eat\u00e9 du 20 novembre 2024 portant d\u00e9l\u00e9gation de signature \u00e0 Monsieur Th\u00e9ophile TOSSAVI, adjoint chef \nde l'antenne de Paris de la Mission Nationale de Contr\u00f4le et d'audit des organismes de s\u00e9curit\u00e9 sociale ; \n \n \nArr\u00eate : \nArticle 1er \nLa composition du conseil d'administration de la Caisse d'Allocations Familiales du Val-de-Marne est modifi\u00e9e \ncomme suit : \n \n1\u00b0 En tant que Repr\u00e9sentant des travailleurs ind\u00e9pendants : \nSur demande de la Conf\u00e9d\u00e9ration des Petites et Moyennes Entreprises (CPME) : \n \nMission nationale de contr\u00f4le et d'audit des organismes de s\u00e9curit\u00e9 sociale  - IDF-2025-07-25-00004 - Arr\u00eat\u00e9 modificatif du 25 juillet\n2025 - ADP Conseil CAF 94 - portant modification de la composition du Conseil d'administration de la Caisse des allocations familiales\ndu Val-de-Marne\n29\n \nTitulaire :  \n \nSi\u00e8ge vacant suite \u00e0 la d\u00e9mission de M. DAVID (Olivier) \n \n \nArticle 2 \nL'adjoint chef d'antenne de P aris de la Mission nationale de contr\u00f4le et d'audit des organismes de s\u00e9curit\u00e9 \nsociale est charg\u00e9 de l'ex\u00e9cution du pr\u00e9sent arr\u00eat\u00e9, qui sera publi\u00e9 au recueil des actes administratifs de la \npr\u00e9fecture de la r\u00e9gion Ile-de-France. \n \n \nFait \u00e0 Paris, le 25 juillet 2025 \nLa ministre du travail, de la sant\u00e9, des solidarit\u00e9s et des familles,   \n \nPour la ministre et par d\u00e9l\u00e9gation \n \n            Sign\u00e9 \n \nTh\u00e9ophile TOSSAVI \n \n \n \n \n \nMission nationale de contr\u00f4le et d'audit des organismes de s\u00e9curit\u00e9 sociale  - IDF-2025-07-25-00004 - Arr\u00eat\u00e9 modificatif du 25 juillet\n2025 - ADP Conseil CAF 94 - portant modification de la composition du Conseil d'administration de la Caisse des allocations familiales\ndu Val-de-Marne\n30","date":"2025-07-25","first_seen_on":"2025-07-25T17:00:51+00:00","id":"a8697005b106467dce52f268ae317bf6743141384e471575daa8db921a2b5845","name":"recueil-idf-047-2025-07-RAA-nominatifs du 25.07.2025","pdf_creation_date":"2025-07-25T15:12:02+00:00","pdf_modification_date":null,"timezone":"Europe/Paris","url":"https://www.prefectures-regions.gouv.fr/ile-de-france/irecontenu/telechargement/129832/955640/file/recueil-idf-047-2025-07-RAA-nominatifs%20du%2025.07.2025.pdf"}
