{"administration":"pref01","administration_name":"Pr\u00e9fecture de l\u2019Ain","content":"AIN\nRECUEIL DES ACTES\nADMINISTRATIFS SP\u00c9CIAL\n(NOMINATIFS)\nN\u00b001-2026-004\nPUBLI\u00c9 LE  6 JANVIER 2026\nSommaire\n01_DDETS_Direction d\u00e9partementale de l'emploi, du travail et des\nsolidarit\u00e9s de l'Ain /\n01-2026-01-05-00005 - Arr\u00eat\u00e9 fixant la liste d\u00e9partementale des MJPM\net DPF (9 pages) Page 3\n01_Pref_Pr\u00e9fecture de l'Ain /\n01-2026-01-06-00002 - RAA AP d\u00e9l\u00e9gation de signature \u00e0 V (3 pages) Page 13\n01-2026-01-06-00004 - RAA AP d\u00e9l\u00e9gation de signature E (4 pages) Page 17\n01-2026-01-06-00003 - RAA AP d\u00e9l\u00e9gation de signature\nordonnancement secondaire E (3 pages) Page 22\n2\n01_DDETS_Direction d\u00e9partementale de\nl'emploi, du travail et des solidarit\u00e9s de l'Ain\n01-2026-01-05-00005\nArr\u00eat\u00e9 fixant la liste d\u00e9partementale des MJPM et\nDPF\n01_DDETS_Direction d\u00e9partementale de l'emploi, du travail et des solidarit\u00e9s de l'Ain - 01-2026-01-05-00005 - Arr\u00eat\u00e9 fixant la liste\nd\u00e9partementale des MJPM et DPF 3\nPREFETDE VAINLibert\u00e9Egalit\u00e9Fraternit\u00e9\nDirection d\u00e9partementale de l'emploi,\ndu travail et des solidarit\u00e9s\nService \u00ab Protection des Publics Vuln\u00e9rables \u00bb\ndd  et  s-soutien-public@ain.gouv.fr  \nARR\u00caT\u00c9 PR\u00c9FECTORAL\nfixant la liste d\u00e9partementale des mandataires judiciaires \u00e0 la protection des majeurs\net des d\u00e9l\u00e9gu\u00e9s aux prestations familiales pour le d\u00e9partement de l'Ain.\nLE PR\u00c9FET DE L'AIN\nVU le code de l'action sociale et des familles et notamment les articles L. 471-2 et L. 474-1 ;\nVU la loi n\u00b0 2007-308 du 5 mars 2007 portant r\u00e9forme de la protection juridique des majeurs,\nnotamment ses articles 44 et 45 ;\nVU la  loi  n\u00b0  2015-1776  du  28  d\u00e9cembre  2015  relative  \u00e0  l'adaptation  de  la  soci\u00e9t\u00e9  au\nvieillissement ;\nVU le d\u00e9cret n\u00b0 2008-1512 du 30 d\u00e9cembre 2008 fixant les modalit\u00e9s d'inscription sur les listes\npr\u00e9vues  aux articles L.471-2, L.471-3,  L.474-1  et L.474-2 du code de l'action sociale et des\nfamilles ;\nVU  le  d\u00e9cret  du  2  d\u00e9cembre  2025  portant  nomination  du  Pr\u00e9fet  de  l'Ain,  Louis-Xavier\nTHIRODE ;\nVU  l'arr\u00eat\u00e9  pr\u00e9fectoral  du  22  d\u00e9cembre  2025  portant  d\u00e9l\u00e9gation  de  signature  \u00e0  Olivier\nPATERNOSTER, directeur d\u00e9partemental de l'emploi, du travail et des solidarit\u00e9s ; \nVU l'arr\u00eat\u00e9 pr\u00e9fectoral du 16 septembre 2025 fixant la liste d\u00e9partementale des mandataires\njudiciaires  \u00e0 la protection des  majeurs  et des d\u00e9l\u00e9gu\u00e9s  aux prestati ons familiales  pour  le\nd\u00e9partement de l'Ain ;\nVU la demande de cessation d'activit\u00e9 en date du 1 er novembre 2025, \u00e9manant de Madame\nBREVET No\u00eblle ;\nSUR PROPOSITION  du d irecteur d\u00e9partemental de l'emploi, du travail et des solidarit\u00e9s  de\nl'Ain ;\nARR\u00caTE\n1\n01_DDETS_Direction d\u00e9partementale de l'emploi, du travail et des solidarit\u00e9s de l'Ain - 01-2026-01-05-00005 - Arr\u00eat\u00e9 fixant la liste\nd\u00e9partementale des MJPM et DPF 4\nArticle 1     :  \nLa liste des personnes et services habilit\u00e9s \u00e0 \u00eatre d\u00e9sign\u00e9s au titre de l'article L. 471-2 du code\nde l'action sociale et des familles en qualit\u00e9 de mandataire judiciaire \u00e0 la protection des\nmajeurs par les juges des contentieux \u00e0 la protection pour exercer des mesures de protection\ndes majeurs au titre de la tutelle, de la curatelle ou du mandat sp\u00e9cial auquel il peut \u00eatre\nrecouru dans le cadre de la sauvegarde de justice est fix\u00e9e pour le d\u00e9partement de l'Ain\ncomme suit.\nDans le ressort du tribunal judiciaire de Bourg-en-Bresse\n1) En qualit\u00e9 de services\n\uf02d Association Tut\u00e9laire des Majeurs Prot\u00e9g\u00e9s de l'Ain (A.T.M.P .)\nDomicili\u00e9e : 274 Avenue de San Severo 01000 BOURG-EN- BRESSE \n\uf02d Union D\u00e9partementale des Associations Familiales de l'Ain (U.D.A.F.)\nDomicili\u00e9e : 12 bis, rue de la Libert\u00e9 \u2013 BP 93 \u2013 01003 BOURG-EN-BRESSE CEDEX\n\uf02d Dispositif d'Appui Renforc\u00e9 \u00e0 la Protection Juridique de l'Ain (DARPeJ 01)\nDomicili\u00e9e : BP 51200  - 01010 BOURG-EN-BRESSE CEDEX\n2) En qualit\u00e9 de personnes physiques exer\u00e7ant \u00e0 titre individuel\nBLANC V\u00e9ronique\nDomicili\u00e9e : BP 20010 - 01441 VIRIAT CEDEX\nCHATAIN Elisabeth \u00e9pouse PRADEL\nDomicili\u00e9e : 75 voie de la PRESLE - 01800 SAINT ELOI \nCONVERSET Ana\u00efs \u00e9pouse MOUTIN\nDomicili\u00e9e : BP 50067 - 01121 MONTLUEL CEDEX\nDE PARSCAU DU PLESSIX Olivier\nDomicili\u00e9 : BP 40 \u2013 69572 DARDILLY CEDEX\nDESJONQUERES  Pascale \u00e9pouse THIVEND\nDomicili\u00e9e : BP 415 \u2013 01704 BEYNOST CEDEX\nGUILLERMIN Catherine \u00e9pouse CHARRIERE\nDomicili\u00e9e : 2340 route de M\u00e9z\u00e9riat, Bois Revermont - 01660 CHAVEYRIAT\nHAJJAMI Khalid\nDomicili\u00e9 : BP 70058 \u2013 01002 BOURG-EN-BRESSE CEDEX\nJOURDAN S\u00e9verine \nDomicili\u00e9e : BP 16 - 01340 MONTREVEL EN BRESSE\nLELOUTRE Anne \u00e9pouse TALBOT\nDomicili\u00e9e : 555 chemin du Bois - 69140 RILLIEUX-LA-PAPE\nROBERT Magali\nDomicili\u00e9e :  208 Place Limelette - BP 11 \u2013 01480 JASSANS RIOTTIER \n2\n01_DDETS_Direction d\u00e9partementale de l'emploi, du travail et des solidarit\u00e9s de l'Ain - 01-2026-01-05-00005 - Arr\u00eat\u00e9 fixant la liste\nd\u00e9partementale des MJPM et DPF 5\nROEDIGER Nicolas\nDomicili\u00e9 : 1133 avenue de Lyon - 01960 PERONNAS\nSORDET Antoine\nDomicili\u00e9 : BP 84 \u2013 71700 TOURNUS\nTHERMET Yvonne \u00e9pouse DEBRIE\nDomicili\u00e9e : 160, rue Clostermann \u2013 01000 SAINT-DENIS-LES-BOURG\nES-SADRATI Widad\nDomicili\u00e9e :BP 40029 - 01001 BOURG-EN-BRESSE CEDEX\n3) En qualit\u00e9 de personnes physiques et de services pr\u00e9pos\u00e9s d'\u00e9tablissement\nCURRAT Marie-Christine - pr\u00e9pos\u00e9e du Centre Psychoth\u00e9rapique de l'Ain\nAvenue de Marboz - 01000 BOURG-EN-BRESSE\nBUIS Christophe - pr\u00e9pos\u00e9 du Centre Hospitalier de Bourg-en-Bresse\n900, route de Paris - 01012 BOURG-EN-BRESSE\nConvention  en  date  du  9  novembre  2011  en  qualit\u00e9  de  pr\u00e9pos\u00e9  pour  le  Centre\nHospitalier de Pont de Vaux  -  Chemin des Nivres \u2013 BP 55 \u2013 01190 PONT DE VAUX\nDELSAUX-FORISSIER Magalie \u00e9pouse CHAVRIER - pr\u00e9pos\u00e9e de l'h\u00f4pital de Belleville\nrue Martini\u00e8re - BP 210 - 69823 BELLEVILLE CEDEX\nConvention en date du 20 juin 2012 en qualit\u00e9 de pr\u00e9pos\u00e9e pour le Centre Hospitalier\nIntercommunal  Val de Sa\u00f4ne \u2013 BP 68 - 01290 PONT DE VEYLE (pour le site de PONT DE\nVEYLE)\nDans le ressort du tribunal de proximit\u00e9 de Tr\u00e9voux\n1) En qualit\u00e9 de services\n\uf02d Association Tut\u00e9laire des Majeurs Prot\u00e9g\u00e9s de l'Ain (A.T.M.P .)\nDomicili\u00e9e : 274 Avenue de San Severo  \u2013 01000 BOURG-EN- BRESSE \n\uf02d Union D\u00e9partementale des Associations Familiales de l'Ain (U.D.A.F.)\nDomicili\u00e9e : 12 bis, rue de la Libert\u00e9 \u2013 BP 93 \u2013 01003 BOURG-EN-BRESSE CEDEX\n\uf02d Dispositif d'Appui Renforc\u00e9 \u00e0 la Protection Juridique de l'Ain (DARPeJ 01)\nDomicili\u00e9e : BP 51200 - 01010 BOURG-EN-BRESSE CEDEX\n2) En qualit\u00e9 de personnes physiques exer\u00e7ant \u00e0 titre individuel\nCHATAIN Elisabeth \u00e9pouse PRADEL\nDomicili\u00e9e : 75 voie de la PRESLE - 01800 SAINT ELOI \nDESJONQUERES  Pascale \u00e9pouse THIVEND\nDomicili\u00e9e : BP 415 \u2013 01704 BEYNOST CEDEX\nDREVET Franck\nDomicili\u00e9 : BP 30032 \u2013 69811 TASSIN LA DEMI LUNE\n3\n01_DDETS_Direction d\u00e9partementale de l'emploi, du travail et des solidarit\u00e9s de l'Ain - 01-2026-01-05-00005 - Arr\u00eat\u00e9 fixant la liste\nd\u00e9partementale des MJPM et DPF 6\nDUBOIS St\u00e9phanie\nDomicili\u00e9e : BP 80143  -69822 BELLEVILLE CEDEX \nGUILLERMIN Catherine \u00e9pouse CHARRIERE \nDomicili\u00e9e : 2340 route de M\u00e9z\u00e9riat, Bois Revermont - 01660 CHAVEYRIAT\nDE PARSCAU DU PLESSIX Olivier\nDomicili\u00e9 : BP 40 - 69 572 DARDILLY CEDEX\nLELOUTRE Anne \u00e9pouse TALBOT\nDomicili\u00e9e : 555 chemin du Bois \u2013 69140 RILLIEUX-LA-PAPE\nROEDIGER Nicolas\nDomicili\u00e9 : 1133 avenue de Lyon \u2013 01960 PERONNAS\nSEON M\u00e9lanie \u00e9pouse PLASSARD\nDomicili\u00e9e : BP 46 \u2013 01480 JASSANS RIOTTIER\nSTEIGER \u00e9pouse BERTHEAU Laure\nDomicili\u00e9e : BP 50009 -71150 CHAGNY\n3) En qualit\u00e9 de personnes physiques et de services pr\u00e9pos\u00e9s d'\u00e9tablissement\nCURRAT Marie-Christine - pr\u00e9pos\u00e9e du Centre Psychoth\u00e9rapique de l'Ain\nAvenue de Marboz - 01000 BOURG-EN-BRESSE\nBUIS Christophe - pr\u00e9pos\u00e9 du Centre Hospitalier de Bourg-en-Bresse\n900, route de Paris - 01012 BOURG-EN-BRESSE\nConvention  en  date  du  9  novembre  2011  en  qualit\u00e9  de  pr\u00e9pos\u00e9  pour  le  Centre\nHospitalier de Pont de Vaux  -  Chemin des Nivres \u2013 BP 55 \u2013 01190 PONT DE VAUX\nDELSAUX-FORISSIER Magalie \u00e9pouse CHAVRIER - pr\u00e9pos\u00e9e de l'h\u00f4pital de Belleville\nrue Martini\u00e8re - BP 210 - 69823 BELLEVILLE CEDEX\nConvention en date du  1er octobre 2011 en  qualit\u00e9 de pr\u00e9pos\u00e9e  pour l'h\u00f4pital local  de \nCh\u00e2tillon-sur-Chalaronne  -  Route de relevant  -  01400  CHATILLON-SUR-CHALARONNE\nConvention en date du 12 mars 2012  en qualit\u00e9 de pr\u00e9pos\u00e9e  pour l'EHPAD Les Saulaies\nde  Saint  Trivier  sur  Moignans  \u2013  119  place  de  l'\u00e9glise  \u2013  01990  SAINT  TRIVIER  SUR\nMOIGNANS\nConvention en date du 22 mars 2012 en qualit\u00e9 de pr\u00e9pos\u00e9e pour le Centre Hospitalier\nde Tr\u00e9voux \u2013 14 rue de l'H\u00f4pital \u2013 01606 TREVOUX\nConvention en date du 20 juin 2012 en qualit\u00e9 de pr\u00e9pos\u00e9e pour le Centre Hospitalier\nIntercommunal AIN VAL DE SAONE \u2013 BP 68  - 01290 PONT DE VEYLE (pour le site de\nTHOISSEY)\nDans le ressort du tribunal   d  e   proximit\u00e9   de Nantua  \n1) En qualit\u00e9 de services\n\uf02d Association Tut\u00e9laire des Majeurs Prot\u00e9g\u00e9s de l'Ain (A.T.M.P .)\nDomicili\u00e9e : 274 Avenue de San Severo 01000 BOURG-EN- BRESSE \n\uf02d Union D\u00e9partementale des Associations Familiales de l'Ain (U.D.A.F.)\nDomicili\u00e9e : 12 bis, rue de la Libert\u00e9 \u2013 BP 93 \u2013 01003 BOURG-EN-BRESSE CEDEX\n\uf02d Dispositif d'Appui Renforc\u00e9 \u00e0 la Protection Juridique de l'Ain (DARPeJ 01) \nDomicili\u00e9e : BP 51200 - 01010 BOURG-EN-BRESSE CEDEX\n4\n01_DDETS_Direction d\u00e9partementale de l'emploi, du travail et des solidarit\u00e9s de l'Ain - 01-2026-01-05-00005 - Arr\u00eat\u00e9 fixant la liste\nd\u00e9partementale des MJPM et DPF 7\n2) En qualit\u00e9 de personnes physiques exer\u00e7ant \u00e0 titre individuel\nBREVET Elodie\nDomicili\u00e9e : BP 50100 \u2013 01003 BOURG-EN-BRESSE CEDEX\nCHATAIN Elisabeth \u00e9pouse PRADEL\nDomicili\u00e9e : Le Basset \u2013 75 voie de la PRESLE - 01800 SAINT ELOI \nDESJONQUERES  Pascale \u00e9pouse THIVEND\nDomicili\u00e9e : BP 415 \u2013 01704 BEYNOST CEDEX\nLAURENT \u00e9pouse CHAMPIN Christine\nDomicili\u00e9e : BP 30098 \u2013 01003 BOURG-EN-BRESSE CEDEX\nMILLORD Camille\nDomicili\u00e9e : P\u00e9pini\u00e8re d'entreprise Les Ollieres \u2013 133 rue des Fontanettes\nHauteville Lompnes \u2013 01110 PLATEAU D'HAUTEVILLE\nNENERT Patrick\nDomicili\u00e9 : BP 16054 -  69412 LYON CEDEX 06\nPAULY \u00e9pouse MILETO Sonia\nDomicili\u00e9e : BP 50170 - 01005 BOURG EN BRESSE CEDEX\n3) En qualit\u00e9 de personnes physiques et de services pr\u00e9pos\u00e9s d'\u00e9tablissement\nCURRAT Marie-Christine - pr\u00e9pos\u00e9e du Centre Psychoth\u00e9rapique de l'Ain\nAvenue de Marboz - 01000 BOURG-EN-BRESSE\nBUIS Christophe - pr\u00e9pos\u00e9 du Centre Hospitalier de Bourg-en-Bresse\n900, route de Paris - 01012 BOURG-EN-BRESSE\nConvention en date du 9 novembre 2011  en qualit\u00e9 de pr\u00e9pos\u00e9 pour le Centre \nHospitalier de Pont de Vaux  -  Chemin des Nivres \u2013 BP 55 \u2013 01190 PONT DE VAUX\nDans le ressort du tribunal de proximit\u00e9 de Belley\n1) En qualit\u00e9 de services\n\uf02d Association Tut\u00e9laire des Majeurs Prot\u00e9g\u00e9s de l'Ain (A.T.M.P .)\nDomicili\u00e9e : 274 Avenue de San Severo - 01000 BOURG-EN- BRESSE \n\uf02d Association Tut\u00e9laire des Pays de l'Ain (A.T.P .A.)\nDomicili\u00e9e : Immeuble Le Taic \u2013 214 route de Parves \u2013 BP 99 - 01303 BELLEY CEDEX\n\uf02d Union D\u00e9partementale des Associations Familiales de l'Ain (U.D.A.F.)\nDomicili\u00e9e : 12 bis, rue de la Libert\u00e9 \u2013 BP 93 \u2013 01003 BOURG-EN-BRESSE CEDEX\n\uf02d Dispositif d'Appui Renforc\u00e9 \u00e0 la Protection Juridique de l'Ain (DARPeJ 01) \nDomicili\u00e9e : BP 51200 - 01010 BOURG-EN-BRESSE CEDEX\n5\n01_DDETS_Direction d\u00e9partementale de l'emploi, du travail et des solidarit\u00e9s de l'Ain - 01-2026-01-05-00005 - Arr\u00eat\u00e9 fixant la liste\nd\u00e9partementale des MJPM et DPF 8\n2) En qualit\u00e9 de personnes physiques exer\u00e7ant \u00e0 titre individuel\nCHATAIN Elisabeth \u00e9pouse PRADEL\nDomicili\u00e9e :  75 voie de la PRESLE - 01800 SAINT ELOI \nDESJONQUERES  Pascale \u00e9pouse THIVEND\nDomicili\u00e9e : BP 415 \u2013 01704 BEYNOST CEDEX\nHAJJAMI Khalid\nDomicili\u00e9 : BP 70058 \u2013 01002 BOURG-EN-BRESSE CEDEX\nHALBACH Birgit \u00e9pouse JONCHERAY \nDomicili\u00e9e : BP 6 \u2013 73330 LE PONT DE BEAUVOISIN\nMAZZOCCHI Carole \u00e9pouse CARRARA\nDomicili\u00e9e : BP 58 - 01110 HAUTEVILLE LOMPNES\nMESNIL Virginie\nDomicili\u00e9e : 67 Chemin de la Poste  BP6 - 74270 FRANGY\nNENERT Patrick\nDomicili\u00e9 : BP 16054 -  69412 LYON CEDEX 06\nROEDIGER Nicolas\nDomicili\u00e9 : 1133 avenue de Lyon - 01960 PERONNAS\nSEON M\u00e9lanie \u00e9pouse PLASSARD\nDomicili\u00e9e : BP 46 \u2013 01480 JASSANS RIOTTIER\n3) En qualit\u00e9 de personnes physiques et de services pr\u00e9pos\u00e9s d'\u00e9tablissement\nCURRAT Marie-Christine - pr\u00e9pos\u00e9e du Centre Psychoth\u00e9rapique de l'Ain\nAvenue de Marboz - 01000 BOURG-EN-BRESSE\nBUIS Christophe - pr\u00e9pos\u00e9 du Centre Hospitalier de Bourg-en-Bresse\n900, route de Paris - 01012 BOURG-EN-BRESSE\nConvention en date du 9 novembre 2011 en qualit\u00e9 de pr\u00e9pos\u00e9 pour le Centre \nHospitalier de Pont de Vaux  -  Chemin des Nivres \u2013 BP 55 \u2013 01190 PONT DE VAUX\nArticle 2     :  \nLa liste des personnes et services habilit\u00e9s \u00e0 \u00eatre d\u00e9sign\u00e9s au titre de l'article L. 471-2 du code\nde l'action sociale et des familles en qualit\u00e9 de mandataire judiciaire \u00e0 la protection des\nmajeurs par les juges des contentieux \u00e0 la protection pour exercer des mesures de protection\ndes majeurs au titre de la tutelle aux prestations sociales vers\u00e9es aux adultes ou de la mesure\nd'accompagnement judiciaire est ainsi fix\u00e9e pour le d\u00e9partement de l'Ain:\n6\n01_DDETS_Direction d\u00e9partementale de l'emploi, du travail et des solidarit\u00e9s de l'Ain - 01-2026-01-05-00005 - Arr\u00eat\u00e9 fixant la liste\nd\u00e9partementale des MJPM et DPF 9\nDans le ressort du tribunal judiciaire de Bourg-en-Bresse\n1) En qualit\u00e9 de services\n\uf02d Association Tut\u00e9laire des Majeurs Prot\u00e9g\u00e9s de l'Ain (A.T.M.P .)\nDomicili\u00e9e : 274 Avenue de San Severo - 01000 BOURG-EN- BRESSE\n\uf02d Union D\u00e9partementale des Associations Familiales de l'Ain (U.D.A.F.)\nDomicili\u00e9e : 12 bis, rue de la Libert\u00e9 \u2013 BP 93 \u2013 01003 BOURG-EN-BRESSE CEDEX\n2) Personnes physiques exer\u00e7ant \u00e0 titre individuel\nCHATAIN Elisabeth \u00e9pouse PRADEL\nDomicili\u00e9e : 75 voie de la PRESLE - 01800 SAINT ELOI \n3) Personnes physiques et services pr\u00e9pos\u00e9s d'\u00e9tablissement : N\u00e9ant\nDans le ressort du tribunal de proximit\u00e9 de Tr\u00e9voux\n1) En qualit\u00e9 de services\n\uf02d Association Tut\u00e9laire des Majeurs Prot\u00e9g\u00e9s de l'Ain (A.T.M.P .),\nDomicili\u00e9e :274 Avenue de San Severo - 01000 BOURG-EN- BRESSE \n\uf02d Union D\u00e9partementale des Associations Familiales de l'Ain (U.D.A.F.)\nDomicili\u00e9e : 12 bis, rue de la Libert\u00e9 \u2013 BP 93 \u2013 01003 BOURG-EN-BRESSE CEDEX\n2) Personnes physiques exer\u00e7ant \u00e0 titre individuel\nCHATAIN Elisabeth \u00e9pouse PRADEL\nDomicili\u00e9e : 75 voie de la PRESLE - 01800 SAINT ELOI \n3) Personnes physiques et services pr\u00e9pos\u00e9s d'\u00e9tablissement : N\u00e9ant\nDans le ressort du tribunal d  e proximit\u00e9   de Nantua  \n1) En qualit\u00e9 de services\n\uf02d Association Tut\u00e9laire des Majeurs Prot\u00e9g\u00e9s de l'Ain (A.T.M.P .)\nDomicili\u00e9e : 274 Avenue de San Severo - 01000 BOURG-EN- BRESSE  \n\uf02d Union D\u00e9partementale des Associations Familiales de l'Ain (U.D.A.F.)\nDomicili\u00e9e : 12 bis, rue de la Libert\u00e9 \u2013 BP 93 \u2013 01003 BOURG-EN-BRESSE CEDEX\n2) Personnes physiques exer\u00e7ant \u00e0 titre individuel\nCHATAIN Elisabeth \u00e9pouse PRADEL\nDomicili\u00e9e : 75 voie de la PRESLE - 01800 SAINT ELOI \n3) Personnes physiques et services pr\u00e9pos\u00e9s d'\u00e9tablissement : N\u00e9ant\n7\n01_DDETS_Direction d\u00e9partementale de l'emploi, du travail et des solidarit\u00e9s de l'Ain - 01-2026-01-05-00005 - Arr\u00eat\u00e9 fixant la liste\nd\u00e9partementale des MJPM et DPF 10\nDans le ressort du tribunal de proximit\u00e9 de Belley\n1) En qualit\u00e9 de services\n\uf02d Association Tut\u00e9laire des Majeurs Prot\u00e9g\u00e9s (A.T.M.P .)\nDomicili\u00e9e : 274 Avenue de San Severo - 01000 BOURG-EN- BRESSE \n\uf02d Association Tut\u00e9laire des Pays de l'Ain (A.T.P .A.)\nDomicili\u00e9e : Immeuble Le Taic \u2013 214 route de Parves \u2013 BP 99 - 01303 BELLEY CEDEX \n\uf02d Union D\u00e9partementale des Associations Familiales de l'Ain (U.D.A.F.)\nDomicili\u00e9e : 12 bis, rue de la Libert\u00e9 \u2013 BP 93 \u2013 01003 BOURG-EN-BRESSE CEDEX\n2) Personnes physiques exer\u00e7ant \u00e0 titre individuel\nCHATAIN Elisabeth \u00e9pouse PRADEL\nDomicili\u00e9e : 75 voie de la PRESLE - 01800 SAINT ELOI \n3) Personnes physiques et services pr\u00e9pos\u00e9s d'\u00e9tablissement : N\u00e9ant\nArticle 3     :  \nLa liste des personnes et services habilit\u00e9s \u00e0 \u00eatre d\u00e9sign\u00e9s au titre de l'article L. 474-1 du code\nde l'action sociale et des familles en qualit\u00e9 de mandataire judiciaire \u00e0 la protection des\nmajeurs par les juges en qualit\u00e9 de d\u00e9l\u00e9gu\u00e9s aux prestations familiales est ainsi fix\u00e9e  pour le\nd\u00e9partement de l'Ain :\nDans les tribunaux  judiciaire et de proximit\u00e9  d e Bourg-en-Bresse,  Tr\u00e9voux, de Nantua,  de\nBelley :\n1) En qualit\u00e9 de services\nAssociation D\u00e9partementale de Sauvegarde de l'Enfant \u00e0 l'Adulte de l'Ain (ADSEA 01)\nDomicili\u00e9e : 526 rue Paul Verlaine - 01960 PERONNAS\n2) Personnes physiques exer\u00e7ant \u00e0 titre individuel : N\u00e9ant\n3) Personnes physiques et services pr\u00e9pos\u00e9s d'\u00e9tablissement : N\u00e9ant\nArticle 4     :  \nLe pr\u00e9sent arr\u00eat\u00e9 peut faire l'objet d'un recours administratif, soit gracieux aupr\u00e8s du pr\u00e9fet\nde l'Ain, soit hi\u00e9rarchique aupr\u00e8s du Ministre des solidarit\u00e9s, de l'autonomie et de l'\u00e9galit\u00e9\nentre les femmes et les hommes, dans les deux mois suivant sa notification ou par le biais du\nt\u00e9l\u00e9service T\u00e9l\u00e9recours citoyens (https://citoyens.telerecours.fr), qui permet de saisir le juge\nadministratif, d'\u00e9changer des documents avec la juridiction de mani\u00e8re d\u00e9mat\u00e9rialis\u00e9e, et de\nsuivre l'avancement du dossier. Un recours contentieux peut \u00eatre d\u00e9pos\u00e9 aupr\u00e8s du tribunal\nadministratif de Lyon -184 rue Duguesclin-69433- Lyon cedex 03, \u00e9galement dans un d\u00e9lai de\ndeux mois \u00e0 compter de la notification, ou dans le d\u00e9lai de deux mois \u00e0 partir de la r\u00e9ponse\nde l'administration si un recours administratif a \u00e9t\u00e9 d\u00e9pos\u00e9, l'absence de r\u00e9ponse au terme\nde ce d\u00e9lai valant rejet implicite.\n8\n01_DDETS_Direction d\u00e9partementale de l'emploi, du travail et des solidarit\u00e9s de l'Ain - 01-2026-01-05-00005 - Arr\u00eat\u00e9 fixant la liste\nd\u00e9partementale des MJPM et DPF 11\nArticle 5     :  \nLe pr\u00e9sent arr\u00eat\u00e9 sera publi\u00e9 au recueil des actes administratifs de la pr\u00e9fecture de l'Ain.\nArticle   6     :  \nLe pr\u00e9sent arr\u00eat\u00e9 annule et remplace l'arr\u00eat\u00e9 du 16 septembre 2025 susvis\u00e9.\nArticle 7     :  \nLa secr\u00e9taire g\u00e9n\u00e9rale de la pr\u00e9fecture et le directeur d\u00e9partemental de l'emploi, du travail et\ndes solidarit\u00e9s de l'Ain sont charg\u00e9s, chacun en ce qui le concerne, de l'ex\u00e9cution du pr\u00e9sent\narr\u00eat\u00e9 dont copie sera adress\u00e9e aux int\u00e9ress\u00e9s, au procureur de la R\u00e9publique pr\u00e8s le tribunal\njudiciaire  de  Bourg-en-Bresse,  aux  juges  des  contentieux  \u00e0  la  protection  des  tribunaux\njudiciaire ou de proximit\u00e9 de Bourg-en-Bresse, Tr\u00e9voux, Nantua, Belley, au juge des enfants du\ntribunal judiciaire de Bourg-en-Bresse.\nFait \u00e0 Bourg-en-Bresse, le 5 janvier 2026\nLe pr\u00e9fet,\nPar d\u00e9l\u00e9gation du pr\u00e9fet\nLe directeur d\u00e9partemental\nSign\u00e9 : Olivier PATERNOSTER\n9\n01_DDETS_Direction d\u00e9partementale de l'emploi, du travail et des solidarit\u00e9s de l'Ain - 01-2026-01-05-00005 - Arr\u00eat\u00e9 fixant la liste\nd\u00e9partementale des MJPM et DPF 12\n01_Pref_Pr\u00e9fecture de l'Ain\n01-2026-01-06-00002\nRAA AP d\u00e9l\u00e9gation de signature \u00e0 V\n01_Pref_Pr\u00e9fecture de l'Ain - 01-2026-01-06-00002 - RAA AP d\u00e9l\u00e9gation de signature \u00e0 V 13\nPREFETDE L'AINLibert\u00e9Egalit\u00e9Fraternit\u00e9\nARR\u00caT\u00c9 PR\u00c9FECTORAL\nportant d\u00e9l\u00e9gation de signature \u00e0 Monsieur Vincent BONARDI,\nAdministrateur g\u00e9n\u00e9ral des finances publiques,\nDirecteur d\u00e9partemental des finances publiques de l'Ain\nLE PR\u00c9FET DE L'AIN\nVU le code g\u00e9n\u00e9ral de la propri\u00e9t\u00e9 des personnes publiques ;\nVU le code du domaine de l'\u00c9tat ;\nVU le code de l'environnement ;\nVU le d\u00e9cret n\u00b0 71-69 du 26 janvier 1971 relatif au r\u00e9gime d'ouverture au public des services\next\u00e9rieurs de l'\u00c9tat ;\nVU la loi n\u00b0 92-125 du 06 f\u00e9vrier 1992 relative \u00e0 l'administration territoriale de la R\u00e9publique  ;\nVU la  loi  n\u00b0  82-213  du  02  mars  1982  relative  aux  droits  et  libert\u00e9s  des  communes,  des\nd\u00e9partements et des r\u00e9gions ;\nVU le d\u00e9cret n\u00b0 2004-374 du 29 avril 2004 relatif aux pouvoirs des pr\u00e9fets, \u00e0 l'organisation et\n\u00e0 l'action des services de l'\u00c9tat dans les r\u00e9gions et les d\u00e9partements  ;\nVU l'ordonnance n\u00b0 2006-460 du 21 avril 2006 relative \u00e0 la partie l\u00e9gislative du code g\u00e9n\u00e9ral\nde la propri\u00e9t\u00e9 des personnes publiques ;\nVU le  d\u00e9cret  n\u00b0  2008-310  du  3  avril  2008  relatif  \u00e0  la  direction  g\u00e9n\u00e9rale  des  finances\npubliques ;\nVU le d\u00e9cret n\u00b0 2009-208 du 20 f\u00e9vrier 2009 relatif au statut particulier des administrateurs\ndes finances publiques ;\nVU le d\u00e9cret n\u00b0 2009-707 du 16 juin 2009 relatif aux services d\u00e9concentr\u00e9s de la direction\ng\u00e9n\u00e9rale des finances publiques ;\nVU le d\u00e9cret n\u00b0 2011-1612 du 22 novembre 2011 relatif aux premi\u00e8re, deuxi\u00e8me, troisi\u00e8me et\nquatri\u00e8me parties r\u00e9glementaires du code g\u00e9n\u00e9ral de la propri\u00e9t\u00e9 des personnes publiques  ;\nVU le d\u00e9cret n\u00b0 2012-1246 du 07 novembre 2012 relatif \u00e0 la gestion budg\u00e9taire et comptable\npublique ;\nVU le d\u00e9cret n\u00b0 2015-510 du 07 mai 2015 portant charte de la d\u00e9concentration  ;\nVU l'ordonnance n\u00b0 2018-1074 du 26 novembre 2018 portant partie l\u00e9gislative du code de la\ncommande publique ;\n01_Pref_Pr\u00e9fecture de l'Ain - 01-2026-01-06-00002 - RAA AP d\u00e9l\u00e9gation de signature \u00e0 V 14\nVU le d\u00e9cret du 02 d\u00e9cembre 2025 portant nomination de Monsieur Louis-Xavier THIRODE,\nen qualit\u00e9 de pr\u00e9fet de l'Ain ;\nVU le d\u00e9cret du 2 ao\u00fbt 2023 portant nomination de Madame Virginie GUERIN-ROBINET,\nsecr\u00e9taire g\u00e9n\u00e9rale de la pr\u00e9fecture de l'Ain, sous-pr\u00e9f\u00e8te de Bourg-en-Bresse  ;\nVU le d\u00e9cret du 04 juin 2021 portant promotion, nomination, affectation et renouvellement\nde d\u00e9tachement d'administrateurs g\u00e9n\u00e9raux des finances publiques et portant nomination\nde  Monsieur  Vincent  BONARDI, administrateur  g\u00e9n\u00e9ral des  finances publiques, directeur\nd\u00e9partemental  des finances publiques de l'Ain ;\nSUR proposition  de  la  secr\u00e9taire  g\u00e9n\u00e9rale  de  la  pr\u00e9fecture  de  l'Ain,  sous-pr\u00e9f\u00e8te  de\nl'arrondissement de Bourg-en-Bresse.\nA R R \u00ca T E\nArticle     1   : D\u00e9l\u00e9gation est donn\u00e9e \u00e0 Monsieur  Vincent BONARDI , administrateur g\u00e9n\u00e9ral des\nfinances publiques,  directeur d\u00e9partemental des finances publiques de l'Ain , \u00e0 l'effet de\nsigner, dans la limite de ses attributions et comp\u00e9tences, les d\u00e9cisions, contrats, conclusions,\nm\u00e9moires et tous actes, y compris ceux de proc\u00e9dure, se rapportant aux questions, affaires\nou mati\u00e8res suivantes :\nNum\u00e9ro Nature des attributions R\u00e9f\u00e9rences\n1\nToutes  op\u00e9rations  se  rapportant  \u00e0  la\npassation et \u00e0 la signature au nom de l'\u00c9tat\ndes  actes  de  gestion,  d'utilisation  et  de\ncession des biens domaniaux\nArt. L. 3212-2, R. 1111-2, R. 2123-2, R.\n2123-8, R. 2222-1, R. 2222-6, R. 2222-\n9, R. 2222-15,  R. 2222-24, R. 3211-3,\nR.  3211-4,  R.  3211-6,  R.  3211-7,  R.\n3211-25,  R.  3211-26,  R.  3211-39,  R.\n3211-44 et R. 3212-1 du code g\u00e9n\u00e9ral\nde  la  propri\u00e9t\u00e9  des  personnes\npubliques\nArt. A. 116 du code du domaine de\nl'\u00c9tat et art R.  322-8-1 du code de\nl'environnement\n2\nPassation  au  nom  de  l'\u00c9tat  des  actes\nd'acquisition,  de  prise  en  location\nd'immeubles  et  de  droits  immobiliers  ou\nde  fonds  de  commerce  int\u00e9ressant  les\nservices publics civils ou militaires de l'\u00c9tat\nArt. R. 1212-1 et R. 4111-8 du code\ng\u00e9n\u00e9ral  de  la  propri\u00e9t\u00e9  des\npersonnes publiques\n3 Autorisation d'incorporation au domaine \npublic des biens du domaine priv\u00e9 de l'\u00c9tat\nArt. R. 2111-1 du code g\u00e9n\u00e9ral de la\npropri\u00e9t\u00e9 des personnes publiques\n4\nToutes op\u00e9rations se rapportant \u00e0 la \npassation et \u00e0 la signature des conventions\nd'utilisation avec le service ou \nl'\u00e9tablissement utilisateur\nArt. R. 2313-3 et R. 4121-2 du code\ng\u00e9n\u00e9ral  de  la  propri\u00e9t\u00e9  des\npersonnes publiques\n5 Attribution des concessions de logements\nArt.  R.  2124-67,  R.  2222-18  et\nR.  4121-3  du  code  g\u00e9n\u00e9ral  de  la\npropri\u00e9t\u00e9 des personnes publiques \n6 Instances  domaniales  de  toute  nature\nautres  que  celles  qui  se  rapportent  \u00e0\nArt.  R.  2331-1-1\u00b0  et  2\u00b0,  R.  2331-2,\nR.  2331-3,  R.  2331-4,  R.  2331-5,\n2\n01_Pref_Pr\u00e9fecture de l'Ain - 01-2026-01-06-00002 - RAA AP d\u00e9l\u00e9gation de signature \u00e0 V 15\nl'assiette et au recouvrement des droits,\nredevances et produits domaniaux\nR.  2331-6,  R.  3231-1,  R.  3231-2  et\nR.  4111-11  du  code  g\u00e9n\u00e9ral  de  la\npropri\u00e9t\u00e9 des personnes publiques\nEn cas d'absence ou d'emp\u00eachement de Monsieur Vincent BONARDI, administrateur g\u00e9n\u00e9ral\ndes  finances  publiques,  directeur  d\u00e9partemental  des  finances  publiques  de  l'Ain,  la\nd\u00e9l\u00e9gation de signature qui lui est consentie dans les termes figurant \u00e0 l'article 1  du pr\u00e9sent\narr\u00eat\u00e9 peut \u00eatre exerc\u00e9e par les agents plac\u00e9s sous son autorit\u00e9.\nL'arr\u00eat\u00e9 de subd\u00e9l\u00e9gation fera l'objet d'une publication au recueil des actes administratifs de\nla pr\u00e9fecture.\nArticle  2     :   D\u00e9l\u00e9gation  de  signature  est  donn\u00e9e  \u00e0  Monsieur  Vincent  BONARDI,  directeur\nd\u00e9partemental des finances publiques de l'Ain, \u00e0 l'effet de signer, dans la mesure o\u00f9 ils\nrel\u00e8vent de ses attributions, les actes relevant du pouvoir adjudicateur, \u00e0 l'exception de ceux\nportant engagement, liquidation et ordonnancement au sens du d\u00e9cret n\u00b0 2012-1246 du 7\nnovembre 2012.\nArticle 3     :   D\u00e9l\u00e9gation de signature est donn\u00e9e \u00e0 Monsieur Vincent BONARDI,  administrateur\ng\u00e9n\u00e9ral  des  finances  publiques,  en  qualit\u00e9  de  directeur  d\u00e9partemental  des  finances\npubliques de l'Ain , \u00e0 l'effet de signer, dans la limite de ses attributions et comp\u00e9tences, les\narr\u00eat\u00e9s  relatifs  aux  jours  et  horaires  d'ouverture  au  public  des  services  de  la  direction\nd\u00e9partementale  des  finances  publiques  de  l'Ain  et  les  arr\u00eat\u00e9s  relatifs  \u00e0  la  fermeture\nexceptionnelle des services de la direction d\u00e9partementale des finances publiques de l'Ain.\nArticle 4 : Les arr\u00eat\u00e9s pr\u00e9fectoraux du 22 d\u00e9cembre 2025 portant d\u00e9l\u00e9gation de signature \u00e0\nMonsieur  Vincent  BONARDI,  administrateur  g\u00e9n\u00e9ral  des  finances  publiques, directeur\nd\u00e9partemental des finances publiques de l'Ain, sont abrog\u00e9s.\nArticle 5 : Le pr\u00e9sent arr\u00eat\u00e9 peut faire l'objet d'un recours devant le tribunal administratif de\nLyon dans un d\u00e9lai de deux mois \u00e0 compter de sa publication, conform\u00e9ment \u00e0 l'article R.\n421-1  du  code  de  justice  administrative,  ou  de  mani\u00e8re  d\u00e9mat\u00e9rialis\u00e9e  via le  site\ncitoyenstelerecours.fr selon l'article R. 414-6 du code de justice administrative.\nArticle 6 : La secr\u00e9taire g\u00e9n\u00e9rale de la pr\u00e9fecture de l'Ain, sous-pr\u00e9f\u00e8te de l'arrondissement\nde  Bourg-en-Bresse,  et  le  directeur  d\u00e9partemental  des  finances  publiques  de  l'Ain  sont\ncharg\u00e9s, chacun en ce qui le concerne, de l'ex\u00e9cution du pr\u00e9sent arr\u00eat\u00e9, lequel leur sera\npubli\u00e9 au recueil des actes administratifs de la pr\u00e9fecture de l'Ain.\nBourg-en-Bresse, le 06 janvier 2026\nLe pr\u00e9fet,\n SIGN\u00c9 \nLouis-Xavier THIRODE\n3\n01_Pref_Pr\u00e9fecture de l'Ain - 01-2026-01-06-00002 - RAA AP d\u00e9l\u00e9gation de signature \u00e0 V 16\n01_Pref_Pr\u00e9fecture de l'Ain\n01-2026-01-06-00004\nRAA AP d\u00e9l\u00e9gation de signature E\n01_Pref_Pr\u00e9fecture de l'Ain - 01-2026-01-06-00004 - RAA AP d\u00e9l\u00e9gation de signature E 17\nEnPREFETDE L'AINLibert\u00e9Egalit\u00e9Fraternit\u00e9\n \nARR\u00caT\u00c9 PR\u00c9FECTORAL \nportant d\u00e9l\u00e9gation de signature \u00e0 Madame \u00c9line FONTENIAUD,\nConseill\u00e8re d'administration de l'Int\u00e9rieur et de l'Outre-mer,\nDirectrice des collectivit\u00e9s et de l'appui territorial \u00e0 la pr\u00e9fecture de l'Ain\nLE PR\u00c9FET DE L'AIN\nVU la loi n\u00b0 92-125 du 06 f\u00e9vrier 1992 relative \u00e0 l'administration territoriale de la R\u00e9publique ;\nVU  la  loi  n\u00b0  82-213  du  02  mars  1982  relative  aux  droits  et  libert\u00e9s  des  communes,  des\nd\u00e9partements et des r\u00e9gions ;\nVU  le  d\u00e9cret  n\u00b0  2004-374  du  29  avril  2004  modifi\u00e9  relatif  aux  pouvoirs  des  pr\u00e9fets,  \u00e0\nl'organisation et \u00e0 l'action des services de l'\u00c9tat dans les r\u00e9gions et les d\u00e9partements ;\nVU le d\u00e9cret du 02 d\u00e9cembre 2025 portant nomination de Monsieur Louis-Xavier THIRODE,\nen qualit\u00e9 de pr\u00e9fet de l'Ain ;\nVU le d\u00e9cret du 2 ao\u00fbt 2023 portant nomination de Madame Virginie GUERIN-ROBINET,\nsecr\u00e9taire g\u00e9n\u00e9rale de la pr\u00e9fecture de l'Ain, sous-pr\u00e9f\u00e8te de l'arrondissement de Bourg-en-\nBresse ;\nVU l'arr\u00eat\u00e9  minist\u00e9riel  du  4  novembre  2022  portant  nomination  de\nMadame \u00c9line FONTENIAUD  \u00e0  l'emploi  de  conseiller  d'administration  de  l'Int\u00e9rieur  et  de\nl'Outre-mer ;\nVU l'arr\u00eat\u00e9 pr\u00e9fectoral du 4 novembre 2024 portant changement d'affectation op\u00e9rationnelle\nde Monsieur Pierre-Antoine ARVERS directeur adjoint de la direction des collectivit\u00e9s et de\nl'appui territorial ;\nSUR proposition  de  la  secr\u00e9taire  g\u00e9n\u00e9rale  de  la  pr\u00e9fecture  de  l'Ain,  sous-pr\u00e9f\u00e8te  de\nl'arrondissement de Bourg-en-Bresse ;\n01_Pref_Pr\u00e9fecture de l'Ain - 01-2026-01-06-00004 - RAA AP d\u00e9l\u00e9gation de signature E 18\nA R R \u00ca T E\nArticle     1     :   D\u00e9l\u00e9gation de signature est donn\u00e9e \u00e0 Madame \u00c9line FONTENIAUD, conseill\u00e8re\nd'administration de l'Int\u00e9rieur et de l'Outre-mer, directrice des collectivit\u00e9s et de l'appui\nterritorial, \u00e0 l'effet de signer :\n\u2022 Les  correspondances,  convocations  et  comptes  rendus  des  r\u00e9unions  qu'elle\npr\u00e9side ;\n\u2022 Les ordres de mission des agents plac\u00e9s sous son autorit\u00e9 ;\n\u2022 Tout  document  relatif  aux  \u00e9lections,  \u00e0  l'exception  des  circulaires  g\u00e9n\u00e9rales  \u00e0\nl'attention des \u00e9lus et des candidats ;\n\u2022 Tout document pr\u00e9alable, r\u00e9c\u00e9piss\u00e9 et arr\u00eat\u00e9 de port\u00e9e individuelle en mati\u00e8re\nd'installations class\u00e9es pour la protection de l'environnement ;\n\u2022 Les arr\u00eat\u00e9s portant nomination de comptables publics ;\n\u2022 Les arr\u00eat\u00e9s de cr\u00e9ation et ceux relatifs au fonctionnement des r\u00e9gies d' \u00c9tat au sein\ndes polices municipales ;\n\u2022 Les  arr\u00eat\u00e9s  portant  nomination  des  r\u00e9gisseurs  de  recette  d' \u00c9tat de  police\nmunicipale ;\n\u2022 Les accus\u00e9s de r\u00e9ception, demandes de pi\u00e8ces compl\u00e9mentaires et transmissions\ndiverses  pour  les  attributions  relevant  de  sa  direction  \u00e0  l'exception  de  ce  qui\ns'adresse nominativement aux \u00e9lus.\nArticle 2     :   Sont exclus de la pr\u00e9sente d\u00e9l\u00e9gation :\n\u2022 Les circulaires destin\u00e9es aux \u00e9lus ;\n\u2022 Les arr\u00eat\u00e9s portant d\u00e9cision de port\u00e9e d\u00e9partementale ;\n\u2022 Les courriers adress\u00e9s aux administrations centrales et aux cabinets minist\u00e9riels ;\n\u2022 Les r\u00e9ponses aux interventions adress\u00e9es aux \u00e9lus, aux acteurs institutionnels et aux\nrepr\u00e9sentants d'associations ;\n\u2022 Les r\u00e9ponses aux courriers r\u00e9serv\u00e9s ou faisant l'objet d'une \u00e9vocation du pr\u00e9fet ;\n\u2022 Les courriers de saisine des tribunaux et les m\u00e9moires en d\u00e9fense de l'\u00c9tat.\nArticle     3     :   En  cas  d'absence  ou  d'emp\u00eachement  de  Madame  \u00c9line  FONTENIAUD,\nconseill\u00e8re d'administration de l'Int\u00e9rieur et de l'Outre-mer, directrice des collectivit\u00e9s et\nde  l'appui  territorial, la  d\u00e9l\u00e9gation  de  signature  qui  lui  est  consentie  dans  les  termes\nfigurant aux articles 1 et 2 du pr\u00e9sent arr\u00eat\u00e9 est exerc\u00e9e par  Monsieur Pierre-Antoine\nARVERS,  attach\u00e9  principal  d'administration  de  l'\u00c9tat,  adjoint  \u00e0  la  directrice  des\ncollectivit\u00e9s et de l'appui territorial, chef de la mission de l'action interminist\u00e9rielle et des\naffaires d\u00e9partementales.\nArticle     4     :   En  cas  d'absence  ou  d'emp\u00eachement  simultan\u00e9s  de\nMadame \u00c9line FONTENIAUD, conseill\u00e8re d'administration de l'Int\u00e9rieur et de l'Outre-mer,\ndirectrice des collectivit\u00e9s et de l'appui territorial , et de Monsieur Pierre-Antoine ARVERS,\nattach\u00e9 principal d'administration de l'\u00c9tat, adjoint \u00e0 la directrice des collectivit\u00e9s et de\nl'appui  territorial,  chef  de  la  mission  de  l'action  interminist\u00e9rielle  et  des  affaires\nd\u00e9partementales, la d\u00e9l\u00e9gation de signature consentie dans les termes figurant aux articles\n01_Pref_Pr\u00e9fecture de l'Ain - 01-2026-01-06-00004 - RAA AP d\u00e9l\u00e9gation de signature E 19\n1 et 2 du pr\u00e9sent arr\u00eat\u00e9 est exerc\u00e9e, pour les mati\u00e8res relevant de l'am\u00e9nagement, de\nl'urbanisme et des installations class\u00e9es, par Monsieur Angelo PICCILLO, attach\u00e9 principal\nd'administration  de  l'\u00c9tat,  chef  du  bureau  de  l'am\u00e9nagement,  de  l'urbanisme  et  des\ninstallations class\u00e9es.\nEn  cas  d'absence  ou  d'emp\u00eachement  simultan\u00e9s  de  Madame  \u00c9line  FONTENIAUD,\nconseill\u00e8re d'administration de l'Int\u00e9rieur et de l'Outre-mer, directrice des collectivit\u00e9s et\nde l'appui territorial, Monsieur Pierre-Antoine ARVERS, attach\u00e9 principal d'administration\nde l'\u00c9tat, adjoint \u00e0 la directrice des collectivit\u00e9s et de l'appui territorial, chef de la mission\nde  l'action  interminist\u00e9rielle  et  des  affaires  d\u00e9partementales et  de  Monsieur  Angelo\nPICCILLO, attach\u00e9 principal d'administration de l'\u00c9tat, chef du bureau de l'am\u00e9nagement,\nde  l'urbanisme  et  des  installations  class\u00e9es,  cette  d\u00e9l\u00e9gation  est  donn\u00e9e  \u00e0\nMadame Louise RIGOLOT, agente contractuelle de cat\u00e9gorie A, adjointe au chef du bureau\nde l'am\u00e9nagement, de l'urbanisme et des installations class\u00e9es.\nArticle     5     :   En  cas  d'absence  ou  d'emp\u00eachement  simultan\u00e9s  de\nMadame \u00c9line FONTENIAUD, conseill\u00e8re d'administration de l'Int\u00e9rieur et de l'Outre-mer,\ndirectrice des collectivit\u00e9s et de l'appui territorial , et de Monsieur Pierre-Antoine ARVERS,\nattach\u00e9 principal d'administration de l'\u00c9tat, adjoint \u00e0 la directrice des collectivit\u00e9s et de\nl'appui  territorial,  chef  de  la  mission  de  l'action  interminist\u00e9rielle  et  des  affaires\nd\u00e9partementales, la d\u00e9l\u00e9gation de signature consentie dans les termes figurant aux articles\n1 et 2 du pr\u00e9sent arr\u00eat\u00e9 est exerc\u00e9e, pour les mati\u00e8res relevant des finances locales et de\nl'appui territorial, et notamment pour les propositions de versement et transmissions, par\nMadame  Blandine  BESSON,  attach\u00e9e  principale  d'administration  de  l'\u00c9tat,  cheffe  du\nbureau des finances locales et de l'appui territorial.\nEn  cas  d'absence  ou  d'emp\u00eachement  simultan\u00e9s  de  Madame  \u00c9line  FONTENIAUD,\nconseill\u00e8re d'administration de l'Int\u00e9rieur et de l'Outre-mer, directrice  des collectivit\u00e9s et\nde l'appui territorial, Monsieur Pierre-Antoine ARVERS, attach\u00e9 principal d'administration\nde l'\u00c9tat, adjoint \u00e0 la directrice des collectivit\u00e9s et de l'appui territorial, chef de la mission\nde  l'action  interminist\u00e9rielle  et  des  affaires  d\u00e9partementales, et  de  Madame  Blandine\nBESSON, attach\u00e9e principale d'administration de l'\u00c9tat, cheffe du bureau des finances\nlocales  et  de  l'appui  territorial,  cette  d\u00e9l\u00e9gation  est  donn\u00e9e  \u00e0  Madame  B\u00e9n\u00e9dicte\nCHARDON,  attach\u00e9e  d'administration  de  l'\u00c9tat,  adjointe  \u00e0  la  cheffe  du  bureau  des\nfinances locales et de l'appui territorial.\nArticle     6     :   En  cas  d'absence  ou  d'emp\u00eachement  simultan\u00e9s  de\nMadame \u00c9line FONTENIAUD, conseill\u00e8re d'administration de l'Int\u00e9rieur et de l'Outre-mer,\ndirectrice des collectivit\u00e9s et de l'appui territorial , et de Monsieur Pierre-Antoine ARVERS,\nattach\u00e9 principal d'administration de l'\u00c9tat, adjoint \u00e0 la directrice des collectivit\u00e9s et de\nl'appui  territorial,  chef  de  la  mission  de  l'action  interminist\u00e9rielle  et  des  affaires\nd\u00e9partementales, la d\u00e9l\u00e9gation de signature consentie dans les termes figurant aux articles\n1  et  2  du  pr\u00e9sent  arr\u00eat\u00e9  est  exerc\u00e9e,  pour  les  mati\u00e8res  relevant  de  la  l\u00e9galit\u00e9,  de\nl'intercommunalit\u00e9  et  de  la  d\u00e9mocratie  locale,  et  notamment  pour  les  r\u00e9c\u00e9piss\u00e9s\nprovisoires de d\u00e9p\u00f4t de candidature, r\u00e9c\u00e9piss\u00e9s d\u00e9finitifs de candidature au second tour,\net  demandes  de  pi\u00e8ces  compl\u00e9mentaires  en  mati\u00e8re  d'\u00e9lection,  par\n01_Pref_Pr\u00e9fecture de l'Ain - 01-2026-01-06-00004 - RAA AP d\u00e9l\u00e9gation de signature E 20\nMonsieur David BAUDRAND, attach\u00e9 principal d'administration de l'\u00c9tat, chef du bureau\nde la l\u00e9galit\u00e9, de l'intercommunalit\u00e9 et de la d\u00e9mocratie locale.\nEn  cas  d'absence  ou  d'emp\u00eachement  simultan\u00e9s  de  Madame \u00c9line FONTENIAUD,\nconseill\u00e8re d'administration de l'Int\u00e9rieur et de l'Outre-mer, directrice  des collectivit\u00e9s et\nde  l'appui  territorial ,  de  Monsieur  Pierre-Antoine  ARVERS,  attach\u00e9  principal\nd'administration de l'\u00c9tat, adjoint \u00e0 la directrice des collectivit\u00e9s et de l'appui territorial,\nchef de la mission de l'action interminist\u00e9rielle et des affaires d\u00e9partementales et de\nMonsieur David BAUDRAND, attach\u00e9 principal d'administration de l'\u00c9tat, chef du bureau\nde  la  l\u00e9galit\u00e9,  de  l'intercommunalit\u00e9  et  de  la  d\u00e9mocratie  locale, cette  d\u00e9l\u00e9gation  est\ndonn\u00e9e \u00e0  Madame Anne BADOZ, attach\u00e9e territoriale hors classe, adjointe au chef de\nbureau de la l\u00e9galit\u00e9, de l'intercommunalit\u00e9 et de la d\u00e9mocratie locale.\nArticle 7    :   L'arr\u00eat\u00e9 pr\u00e9fectoral du 22 d\u00e9cembre 2025 portant d\u00e9l\u00e9gation de signature \u00e0\nMadame \u00c9line  FONTENIAUD,  directrice des  collectivit\u00e9s  et  de  l'appui  territorial  \u00e0  la\npr\u00e9fecture de l'Ain, est abrog\u00e9.\nArticle     8     :   Le pr\u00e9sent arr\u00eat\u00e9 peut faire l'objet d'un recours devant le tribunal administratif\nde Lyon dans un d\u00e9lai de deux mois \u00e0 compter de sa publication, conform\u00e9ment \u00e0 l'article\nR.  421-1  du  code  de  justice  administrative,  ou  de  mani\u00e8re  d\u00e9mat\u00e9rialis\u00e9e  via le  site\ncitoyens.telerecours.fr selon l'article R. 414-6 du code de justice administrative.\nArticle     9   :   La secr\u00e9taire g\u00e9n\u00e9rale de la pr\u00e9fecture de l'Ain, sous-pr\u00e9f\u00e8te de l'arrondissement\nde Bourg-en-Bresse, est charg\u00e9e de l'ex\u00e9cution du pr\u00e9sent arr\u00eat\u00e9, lequel sera notifi\u00e9 aux\nint\u00e9ress\u00e9(e)s et publi\u00e9 au recueil des actes administratifs de la pr\u00e9fecture de l'Ain.\nBourg-en-Bresse, le 06 janvier 2026\nLe pr\u00e9fet,\nSIGN\u00c9\nLouis-Xavier THIRODE\n01_Pref_Pr\u00e9fecture de l'Ain - 01-2026-01-06-00004 - RAA AP d\u00e9l\u00e9gation de signature E 21\n01_Pref_Pr\u00e9fecture de l'Ain\n01-2026-01-06-00003\nRAA AP d\u00e9l\u00e9gation de signature\nordonnancement secondaire E\n01_Pref_Pr\u00e9fecture de l'Ain - 01-2026-01-06-00003 - RAA AP d\u00e9l\u00e9gation de signature ordonnancement secondaire E 22\nE =PREFETDE L'AINLibert\u00e9Egalit\u00e9Fraternit\u00e9\nARR\u00caT\u00c9 PR\u00c9FECTORAL \n portant d\u00e9l\u00e9gation de signature \u00e0 Madame Eline FONTENIAUD\nConseill\u00e8re d'administration de l'Int\u00e9rieur et de l'Outre-mer,\nDirectrice des collectivit\u00e9s et de l'appui territorial \u00e0 la pr\u00e9fecture de l'Ain\nen mati\u00e8re d'ordonnancement secondaire\nLE PR\u00c9FET DE L'AIN\nVU la loi organique n\u00b0 2001-692 du 1er ao\u00fbt 2001 relative aux lois de finances ;\nVU la loi n\u00b0 82-213 du 2 mars 1982 modifi\u00e9e relative aux droits et libert\u00e9s des communes,\ndes d\u00e9partements et des r\u00e9gions, et notamment son article 34 ;\nVU le d\u00e9cret n\u00b0 2004-374 du 29 avril 2004 modifi\u00e9 relatif aux pouvoirs des pr\u00e9fets, \u00e0\nl'organisation et \u00e0 l'action des services de l'\u00c9tat dans les r\u00e9gions et d\u00e9partements ;\nVU le d\u00e9cret n\u00b0 2012-1246 du 7 novembre 2012 relatif \u00e0 la gestion budg\u00e9taire et comptable\npublique ;\nVU le  d\u00e9cret  du  02  d\u00e9cembre  2025  portant  nomination  de  Monsieur  Louis-Xavier\nTHIRODE, en qualit\u00e9 de pr\u00e9fet de l'Ain ;\nVU le d\u00e9cret du 2 ao\u00fbt 2023 portant nomination de Madame Virginie GUERIN-ROBINET,\nsecr\u00e9taire g\u00e9n\u00e9rale de la pr\u00e9fecture de l'Ain, sous-pr\u00e9f\u00e8te de l'arrondissement de Bourg-en-\nBresse ;\nVU l'arr\u00eat\u00e9 du 8 d\u00e9cembre 1993 portant r\u00e8glement de comptabilit\u00e9 pour la d\u00e9signation\ndes ordonnateurs secondaires et de leurs d\u00e9l\u00e9gu\u00e9s ;\nVU la note de service de la direction g\u00e9n\u00e9rale des finances publiques n\u00b0 2019/12/1998, et\nplus  particuli\u00e8rement  le  mode  op\u00e9ratoire  d\u00e9finissant  les  nouvelles  modalit\u00e9s  de\ncomptabilisation dans l'application Chorus des dotations et compensations vers\u00e9es aux\ncollectivit\u00e9s locales ;\nCONSIDERANT l'obligation  d'utilisation  de  l'interface  Colbert/Chorus  pour  g\u00e9rer  en\npr\u00e9fecture les dotations au niveau local ;\nCONSIDERANT que la validation d'un flux Colbert correspond \u00e0 la validation d'un flux\nChorus et vaut ordre de paiement ;\nCONSIDERANT l'obligation  d'utilisation  de  l'outil  Chorus  Formulaires  pour  g\u00e9rer  en\npr\u00e9fecture les d\u00e9penses li\u00e9es aux \u00e9lections ;\nCONSIDERANT l'obligation  d'utilisation  de  l'outil  d'Automatisation  de  Liquidation  des\nConcours  de  l'\u00c9tat  (ALICE)  pour  g\u00e9rer  en  pr\u00e9fecture  la  liquidation  du  fonds  de\ncompensation de la taxe sur la valeur ajout\u00e9e (FCTVA) ;\n01_Pref_Pr\u00e9fecture de l'Ain - 01-2026-01-06-00003 - RAA AP d\u00e9l\u00e9gation de signature ordonnancement secondaire E 23\nSUR proposition  de  la  secr\u00e9taire  g\u00e9n\u00e9rale  de  la  pr\u00e9fecture  de  l'Ain,  sous-pr\u00e9f\u00e8te  de\nl'arrondissement de Bourg-en-Bresse ;\nA R R \u00ca T E\nArticle     1     :   D\u00e9l\u00e9gation de signature est donn\u00e9e \u00e0 Madame Eline FONTENIAUD, conseill\u00e8re\nd'administration de l'Int\u00e9rieur et de l'Outre-mer, directrice des collectivit\u00e9s et de l'appui\nterritorial, \u00e0 Monsieur Pierre-Antoine ARVERS, attach\u00e9 principal d'administration de l'\u00c9tat,\nadjoint  \u00e0  la  directrice  des  collectivit\u00e9s  et  de  l'appui  territorial,  chef  de  la  mission  de\nl'action interminist\u00e9rielle et des affaires d\u00e9partementales, \u00e0 Monsieur David BAUDRAND,\nattach\u00e9  principal  d'administration  de  l'\u00c9tat,  chef  du  bureau  de  la  l\u00e9galit\u00e9,  de\nl'intercommunalit\u00e9  et  de  la  d\u00e9mocratie  locale,  \u00e0  Madame  Anne  BADOZ,  attach\u00e9e\nterritoriale hors classe, adjointe au chef de bureau de la l\u00e9galit\u00e9, de l'intercommunalit\u00e9 et\nde la d\u00e9mocratie locale et \u00e0 Madame Cl\u00e9mence GRAVE, secr\u00e9taire administrative de classe\nnormale affect\u00e9s \u00e0 la pr\u00e9fecture de l'Ain, pour valider les flux dans Chorus Formulaires,\nvalant engagement juridique, service fait, demande de paiement,  ordres \u00e0 payer  relatifs\naux d\u00e9penses affect\u00e9es sur le programme 232 vie politique.\nD\u00e9l\u00e9gation  de  signature  est  donn\u00e9e  \u00e0  Madame  Eline  FONTENIAUD,  conseill\u00e8re\nd'administration de l'Int\u00e9rieur et de l'Outre-mer, directrice des collectivit\u00e9s et de l'appui\nterritorial, \u00e0 Monsieur Pierre-Antoine ARVERS, attach\u00e9 d'administration de l'\u00c9tat, adjoint \u00e0\nla  directrice  des  collectivit\u00e9s  et  de  l'appui  territorial,  chef  de  la  mission  de  l'action\ninterminist\u00e9rielle et des affaires d\u00e9partementales, \u00e0 Monsieur David BAUDRAND, attach\u00e9\nprincipal d'administration de l'\u00c9tat, chef du bureau de la l\u00e9galit\u00e9, de l'intercommunalit\u00e9 et\nde  la  d\u00e9mocratie  locale,  \u00e0  Madame  Anne  BADOZ,  attach\u00e9e  territoriale  hors  classe,\nadjointe au chef de bureau de la l\u00e9galit\u00e9, de l'intercommunalit\u00e9 et de la d\u00e9mocratie locale\net \u00e0 Madame Murielle PEILA, adjointe administrative principale, pour valider les ordres \u00e0\npayer valant engagements juridiques relatifs \u00e0 la dotation sp\u00e9ciale instituteurs dans l'outil\nColbert.\nArticle 2     :   D\u00e9l\u00e9gation de signature est donn\u00e9e \u00e0 Madame Eline FONTENIAUD, conseill\u00e8re\nd'administration de l'Int\u00e9rieur et de l'Outre-mer, directrice des collectivit\u00e9s et de l'appui\nterritorial, \u00e0 Monsieur Pierre-Antoine ARVERS, attach\u00e9 principal d'administration de l'\u00c9tat,\nadjoint  \u00e0  la  directrice  des  collectivit\u00e9s  et  de  l'appui  territorial,  chef  de  la  mission  de\nl'action interminist\u00e9rielle et des affaires d\u00e9partementales, \u00e0 Madame Blandine BESSON,\nattach\u00e9e principale d'administration de l'\u00c9tat, cheffe du bureau des finances locales et de\nl'appui territorial et \u00e0 Madame B\u00e9n\u00e9dicte CHARDON, attach\u00e9e d'administration de l'\u00c9tat,\nadjointe \u00e0 la cheffe du bureau des finances locales et de l'appui territorial pour valider les\nflux dans ALICE, pour signer les arr\u00eat\u00e9s et les courriers de notification relatifs au FCTVA\ndans le cadre des missions du bureau des finances locales et de l'appui territorial.\nD\u00e9l\u00e9gation  de  signature  est  donn\u00e9e  \u00e0  Madame  Eline  FONTENIAUD,  conseill\u00e8re\nd'administration de l'Int\u00e9rieur et de l'Outre-mer, directrice des collectivit\u00e9s et de l'appui\nterritorial, \u00e0 Monsieur Pierre-Antoine ARVERS, attach\u00e9 principal d'administration de l'\u00c9tat,\nadjoint  \u00e0  la  directrice  des  collectivit\u00e9s  et  de  l'appui  territorial,  chef  de  la  mission  de\nl'action interminist\u00e9rielle et des affaires d\u00e9partementales et \u00e0 Madame Blandine BESSON,\nattach\u00e9e principale d'administration de l'\u00c9tat, cheffe du bureau des finances locales et de\nl'appui territorial pour la signature des cr\u00e9dits de paiement DETR et FNADT.\nD\u00e9l\u00e9gation  de  signature  est  donn\u00e9e  \u00e0  Madame  Eline  FONTENIAUD,  conseill\u00e8re\nd'administration de l'Int\u00e9rieur et de l'Outre-mer, directrice des collectivit\u00e9s et de l'appui\nterritorial, \u00e0 Monsieur Pierre-Antoine ARVERS, attach\u00e9 principal d'administration de l'\u00c9tat,\n01_Pref_Pr\u00e9fecture de l'Ain - 01-2026-01-06-00003 - RAA AP d\u00e9l\u00e9gation de signature ordonnancement secondaire E 24\nadjoint  \u00e0  la  directrice  des  collectivit\u00e9s  et  de  l'appui  territorial,  chef  de  la  mission  de\nl'action interminist\u00e9rielle et des affaires d\u00e9partementales, \u00e0 Madame Blandine BESSON,\nattach\u00e9e principale d'administration de l'\u00c9tat, cheffe du bureau des finances locales et de\nl'appui territorial, \u00e0 Madame B\u00e9n\u00e9dicte CHARDON, attach\u00e9e d'administration de l'\u00c9tat,\nadjointe \u00e0 la cheffe du bureau des finances locales et de l'appui territorial, \u00e0 Madame\nCatherine  GUILLEMOT,  secr\u00e9taire  administrative  de  classe  exceptionnelle,  \u00e0  Madame\nCorinne NIGOND, secr\u00e9taire administrative de classe exceptionnelle, \u00e0 Madame Christelle\nCH\u00caNE,  secr\u00e9taire  administrative  de  classe  sup\u00e9rieure,  \u00e0  Madame  Roselyne  PONCIN,\nsecr\u00e9taire administrative de classe normale, \u00e0 Madame Marie-France PENIN, secr\u00e9taire\nadministrative de classe sup\u00e9rieure pour valider les ordres \u00e0 payer valant engagements\njuridiques relatifs aux dotations attribu\u00e9es au bureau des finances locales et de l'appui\nterritorial dans l'outil Colbert.\nD\u00e9l\u00e9gation  de  signature  est  donn\u00e9e  \u00e0  Mesdames  B\u00e9n\u00e9dicte  CHARDON,  attach\u00e9e\nd'administration  de  l'\u00c9tat,  Catherine  GUILLEMOT  secr\u00e9taire  administrative  de  classe\nexceptionnelle,  Corinne  DUROUX  secr\u00e9taire  administrative  de  classe  exceptionnelle,\nMarie-France PENIN, secr\u00e9taire administrative de classe sup\u00e9rieure, et Vinciane LEMAIRE,\nadjointe administrative principale, affect\u00e9es \u00e0 la pr\u00e9fecture de l'Ain, pour valider les flux\ndans Chorus Formulaires, valant engagement juridique, service fait, demande de paiement,\nrelatifs aux dotations et subventions attribu\u00e9es dans le cadre du bureau des finances\nlocales et de l'appui territorial, sur les programmes suivants :\n- 112 : Impulsion et coordination de la politique d'am\u00e9nagement du territoire\n- 119 : Concours financiers aux collectivit\u00e9s territoriales et \u00e0 leurs groupements\n- 122 : Concours sp\u00e9cifiques et administrations\n- 129 : Coordination du travail gouvernemental\n- 216 : Conduite et pilotage des politiques de l'int\u00e9rieur\n- 380 : Fonds d'acc\u00e9l\u00e9ration de la transition \u00e9cologique dans les territoires \n- 754 : Contribution \u00e0 l'\u00e9quipement des collectivit\u00e9s territoriales pour l'am\u00e9lioration\ndes transports en commun, de la s\u00e9curit\u00e9 et de la circulation routi\u00e8res\nArticle  3     :   L'arr\u00eat\u00e9  du  22  d\u00e9cembre  2025  portant  d\u00e9l\u00e9gation  de  signature  \u00e0\nMadame Eline FONTENIAUD en mati\u00e8re d'ordonnancement secondaire est abrog\u00e9.\nArticle     4     :   Le pr\u00e9sent arr\u00eat\u00e9 peut faire l'objet d'un recours devant le tribunal administratif\nde Lyon dans un d\u00e9lai de deux mois \u00e0 compter de sa publication, conform\u00e9ment \u00e0 l'article\nR 421 - 1  du  code  de  justice  administrative,  ou  de  mani\u00e8re  d\u00e9mat\u00e9rialis\u00e9e  via  le  site\ncitoyens.telerecours.fr selon l'article R. 414 - 6 du code de justice administrative.\nArticle     5     :   La secr\u00e9taire g\u00e9n\u00e9rale de la pr\u00e9fecture de l'Ain, sous-pr\u00e9f\u00e8te de l'arrondissement\nde Bourg-en-Bresse, est charg\u00e9e de l'ex\u00e9cution du pr\u00e9sent arr\u00eat\u00e9 dont une copie sera\ntransmise \u00e0 Monsieur le directeur d\u00e9partemental des finances publiques. Cet arr\u00eat\u00e9 sera\nnotifi\u00e9 aux d\u00e9l\u00e9gataires sus-mentionn\u00e9s et publi\u00e9 au recueil des actes administratifs de la\npr\u00e9fecture de l'Ain.\nBourg-en-Bresse, le 06 janvier 2026\nLe pr\u00e9fet,\nSIGN\u00c9 \nLouis-Xavier THIRODE\n01_Pref_Pr\u00e9fecture de l'Ain - 01-2026-01-06-00003 - RAA AP d\u00e9l\u00e9gation de signature ordonnancement secondaire E 25","date":"2026-01-06","first_seen_on":"2026-01-06T19:06:01+00:00","id":"a94c9170ac5c79ab3f5e2a8963f8a3010af501c4f01a3c02eeac63ec75d38977","name":"recueil-01-2026-004-recueil-des-actes-administratifs-nominatifs 06-01-2026","pdf_creation_date":"2026-01-06T17:12:35+00:00","pdf_modification_date":null,"timezone":"Europe/Paris","url":"https://www.ain.gouv.fr/contenu/telechargement/34256/239224/file/recueil-01-2026-004-recueil-des-actes-administratifs-nominatifs%2006-01-2026%20%20.pdf"}
