{"administration":"ppparis","administration_name":"Pr\u00e9fecture de police de Paris","content":"PREFECTUREDE POLICELibert\u00e9Egalit\u00e9Fraternit\u00e9\nq f\nCABINET DU PREFET\nParis, le 22 avril 2026\nArr\u00eat\u00e9 n\u00b02026-00457\nmodifiant provisoirement le stationnement\ndans certaines voies des arrondissements \u00e0 Paris Centre, 10\u00e8me , 11\u00e8me et 12\u00e8me\n\u00e0 l'occasion de la manifestation revendicative du 1er mai 2026\nLE PREFET DE POLICE\nVu le code g\u00e9n\u00e9ral des collectivit\u00e9s territoriales,  notamment ses articles L.2512-13\net L.2512-14 ;\nVu  le  code  de  la  route,  notamment  ses  articles  L.32 5-1  \u00e0  L.325-3,  R.411-8  et\nR.411-25 ;\nVu l'avis de la Ville de Paris en date du 22 avril 2026 ;  \nConsid\u00e9rant la tenue d'une manifestation revendicative le 1er mai 2026 ;\nConsid\u00e9rant que cette manifestation implique de pre ndre des mesures provisoires\nde stationnement n\u00e9cessaires \u00e0 son bon d\u00e9roulement et destin\u00e9es \u00e0 assurer la s\u00e9curit\u00e9\ndes personnes et des biens pendant le temps correspondant \u00e0 la tenue de celle-ci ;\nSur proposition du directeur de l'ordre public et de la circulation :\nA R R \u00ca T E\nArticle 1  er  \nLe stationnement de tout type de v\u00e9hicule est inter dit du 30 avril 2026 \u00e0 22h00\njusqu'au 1er mai 2026 \u00e0 20h00, dans les voies et portions de vo ies suivantes \u00e0 Paris Centre,\n10\u00e8me, 11\u00e8me et 12\u00e8me :\n- place de la R\u00e9publique ;\n- boulevard Voltaire ;\n- place L\u00e9on Blum ;\n- place de la Nation ;\n- boulevard Saint-Martin, entre le n\u00b001 et le n\u00b013 B is ; \n- rue du Temple, entre le n\u00b0172 et le n\u00b0180 ;\n- rue Beranger, entre le n\u00b020 et le n\u00b026 ;\n- boulevard de Magenta, entre le n\u00b001 et le n\u00b012 ;\n- rue Beaurepaire, entre le n\u00b001 et le n\u00b008 ;\n- rue L\u00e9on Jouhaux, entre la place de la R\u00e9publique et la Rue Yves Toudic ;\n- avenue de la R\u00e9publique, entre la place de la R\u00e9pu blique et la Rue de Malte ;\n- rue Rampon, entre le Boulevard Voltaire et la rue de Malte ;\n- rue Amelot, entre le n\u00b0140 et le boulevard Voltair e ;\n- rue Jean-Pierre Timbaud, entre la rue du Grand Pri eur\u00e9 et la rue Amelot ;\n- rue de Crussol, entre le n\u00b011 et le n\u00b037 ;\n- rue Oberkampf, entre le n\u00b018 et le n\u00b030 ;\n- passage Saint-Pierre Amelot, entre le n\u00b012 et le b oulevard Richard Lenoir ;\n- rue Saint-S\u00e9bastien, entre le n\u00b038 et le n\u00b050 ;\n- boulevard Richard Lenoir, entre le n\u00b081 et le n\u00b091  ;\n- rue Saint-Ambroise, entre le n\u00b005 et le boulevard Voltaire ;\n- rue de Lacharriere, entre le n\u00b06 et le boulevard V oltaire ;\n- impasse Truillot, entre le n\u00b013 et le boulevard Vo ltaire ;\n- rue Popincourt, entre le Boulevard Voltaire et la rue de l'Asile Popincourt ;\n- rue du Chemin Vert, entre la rue Popincourt et l'a venue Parmentier ;\n- rue Sedaine, entre la rue Popincourt et l'avenue P armentier ;\n- rue Camille Desmoulins, entre la place L\u00e9on Blum e t la Cit\u00e9 Industrielle ;\n- avenue Ledru Rollin, entre le n\u00b0164 et la place L\u00e9 on Blum ;\n- rue Richard Lenoir, entre le n\u00b052 et le boulevard Voltaire ; \n- passage Viallet, entre la rue Richard Lenoir et le  boulevard  Voltaire ;\n- rue Mercoeur, entre le n\u00b009 et le boulevard Voltai re ;\n- rue de Belfort, entre le n\u00b009 et boulevard Voltair e ;\n- rue Fran\u00e7ois de Neufchateau, entre le n\u00b003 et le n \u00b011 ;\n- rue Gobert, entre le n\u00b004 et le n\u00b014 ;\n- cit\u00e9 de Phalsbourg, entre le n\u00b001 et le n\u00b005 ;\n- rue de Charonne, entre le n\u00b0102 et le n\u00b0116 ;\n- rue de Chanzy, entre la rue Bouvier et le boulevar d Voltaire ;\n- rue L\u00e9on Frot, entre le boulevard Voltaire et la C it\u00e9 Beauharnais ;\n- impasse Delepine ;\n- rue Alexandre Dumas, entre le n\u00b001 et le n\u00b007 ;\n- rue Bouvier, entre le n\u00b05 et la rue des Boulets ;\n- rue des Boulets, entre le boulevard Voltaire et de  la cit\u00e9 Touzy ;\n- cit\u00e9 Voltaire, entre le n\u00b007 et le boulevard Volta ire ;\n- rue Voltaire, entre le n\u00b0 01 et le n\u00b0 07 ;\n- passage Dumas, entre le n\u00b001 et le n\u00b005 ;\n- jardin de l'impasse des jardiniers ;\n- passage Guenot, entre le n\u00b01 et le n\u00b02 Bis ; \n- rue Guenot, entre le n\u00b001 et le n\u00b006 ;\n- rue de Montreuil, entre le n\u00b068 et le n\u00b099 ;\n- rue des Immeubles industriels, entre le n\u00b016 et le  boulevard Voltaire ;\n- avenue Philippe Auguste, entre le n\u00b010 et la place  de la Nation ;\n- avenue de Taillebourg, entre le n\u00b009 Bis et la pla ce de la Nation ;\n- contre-all\u00e9e du boulevard de Charonne, entre la pl ace de la Nation et la place\ndes Antilles ;\n- avenue du Tr\u00f4ne, entre la place de la Nation et le  boulevard de Picpus ;\n- avenue du Bel Air, entre la place de la Nation et la rue du Pensionnat ;\n- rue Fabre d'\u00c9glantine, entre le n\u00b008 et la place d e la Nation ;\n- rue Jaucourt, entre la place de la Nation et la ru e de Picpus ;\n- avenue Dorian, entre la place de la Nation et de l a rue de Picpus ;\n- boulevard Diderot, entre la place de la Nation et la rue de Picpus ;\n- rue  du  Faubourg  Saint-Antoine,  entre  la  place  de  l a  Nation  et  la  rue  des\nimmeubles industriels.\nCes voies et portions de voies figurent en annexe 2 au pr\u00e9sent arr\u00eat\u00e9.\nArticle 2\nSans  pr\u00e9judice  des  sanctions  p\u00e9nales  auxquelles  s'e xposent  les  personnes  en\ninfraction avec les dispositions du pr\u00e9sent arr\u00eat\u00e9,  les v\u00e9hicules ayant servi \u00e0 commettre\nces infractions peuvent \u00eatre immobilis\u00e9s et mis en fourri\u00e8re dans les conditions pr\u00e9vues\naux articles L.325-1 \u00e0 L.325-3 du code de la route.\nArticle 3\nLes dispositions du pr\u00e9sent arr\u00eat\u00e9 ne sont pas appl icables aux v\u00e9hicules d'int\u00e9r\u00eat\ng\u00e9n\u00e9ral prioritaires au sens des dispositions de l'article R.311-1 6.5 du code de la route.\nArticle 4\nLes mesures pr\u00e9vues par le pr\u00e9sent arr\u00eat\u00e9 peuvent \u00ea tre avanc\u00e9es, \u00e9largies, lev\u00e9es\nou r\u00e9tablies sur d\u00e9cision prise par le repr\u00e9sentant  sur place de l'autorit\u00e9 de police si les\ncirconstances les rendent n\u00e9cessaires.\nArticle 5\nLe directeur de l'ordre public et de la circulation, le directeur de la s\u00e9curit\u00e9 de proximi-\nt\u00e9 de l'agglom\u00e9ration parisienne de la Pr\u00e9fecture de Police, le directeur de la voirie et des d\u00e9-\nplacements et le directeur de la police municipale et de la pr\u00e9vention de la Ville de Paris sont\ncharg\u00e9s, chacun en ce qui le concerne, de l'ex\u00e9cution du pr\u00e9sent arr\u00eat\u00e9 qui entrera en vigueur\n\u00e0 compter de son affichage aux portes de la pr\u00e9fecture de police (1 rue de Lut\u00e8ce). Il sera \u00e9ga-\nlement affich\u00e9 aux portes de la mairie et du commissariat des arrondissements concern\u00e9s et\nsera publi\u00e9 au recueil des actes administratifs de la pr\u00e9fecture de la r\u00e9gion d'\u00cele-de-France, pr\u00e9-\nfecture de Paris et de la pr\u00e9fecture de police et sur le site internet de la pr\u00e9fecture de police\nde Paris : www.prefecturedepolice.interieur.gouv.fr. \nLe pr\u00e9fet de police,\nLe sous-pr\u00e9fet, \nDirecteur adjoint du cabinet\nCharles BARBIER\nSIGNE\nANNEXE \u00c0 L'ARR\u00caT\u00c9 N\u00b02026-00457 DU 22 AVRIL 2026\nVOIES ET DELAIS DE RECOURS\n_______________________\nSi vous estimez devoir contester la pr\u00e9sente d\u00e9cisi on, il vous est possible, dans un d\u00e9lai de\ndeux mois \u00e0 compter de la date de son affichage :\n- soit de saisir d'un RECOURS GRACIEUX\nle pr\u00e9fet de Police\n7/9, boulevard du Palais - 75195 PARIS RP\n- ou de former un RECOURS HIERARCHIQUE\n  aupr\u00e8s du ministre de l'Int\u00e9rieur\n  Direction des libert\u00e9s publiques et des affaires juridiques\n  place Beauvau - 75008 PARIS\n- soit de saisir d'un RECOURS CONTENTIEUX\n  le tribunal Administratif comp\u00e9tent\nAucune de ces voies et recours ne suspend l'application de la pr\u00e9sente d\u00e9cision.\nLes recours GRACIEUX et HIERARCHIQUE doivent \u00eatre \u00e9 crits, exposer les arguments ou faits\nnouveaux et comprendre la copie de la d\u00e9cision contest\u00e9e.\nLe recours contentieux, qui vise \u00e0 contester la LEG ALITE de la pr\u00e9sente d\u00e9cision, doit \u00e9gale-\nment \u00eatre \u00e9crit et exposer votre argumentation juridique.\nSi vous n'aviez pas de r\u00e9ponse \u00e0 votre recours GRAC IEUX ou HIERARCHIQUE dans un d\u00e9lai\nde deux mois \u00e0 compter de la r\u00e9ception de votre rec ours par l'administration, votre de-\nmande devra \u00eatre consid\u00e9r\u00e9e comme rejet\u00e9e (d\u00e9cision implicite de rejet).\nEn cas de rejet des RECOURS GRACIEUX ou HIERARCHIQU E, le tribunal administratif peut\n\u00eatre saisi d'un recours contentieux dans le d\u00e9lai de deux mois \u00e0 compter de la date de la d\u00e9ci-\nsion de rejet.\ngoin nwRUE\n\"uv )MANDEAIR\n#11\n=, .NT\"SANtee.DE\"\u2014\u2014\nia))SAVE,THO,ee[>|\nAme.VENUEes\nDIRECTION DE\n22\nSTE\nJourn\u00e9e du Vendredi 1\u00b0\" mai 2026EVENEMENTSINTERSYNDICALE - F\u00caTE DU TRAVAIL\nLAD ARR\u00caT\u00c9 D'INTERDICTION DE STATIONNEMENT\nSSEsnei\u00e6NSQ)PA\n24REPUBLIQUEFRAN\u00c7AISELibert\u00e9\u00c9galit\u00e9Fraternit\u00e9\niae C\nineRaS2a:LEV,>\nfe \"\u00a9\" mis\nwe |\nMONTR\n\u00abSe,4osL\\(7)Staa=PREBieS\n\u00c0x\u00c0eNaael==\u20acNrx,=Asc\\=aaamevfD,\u00cb113Up1]1\u00e0pane'|RS4,ASRettAASj\u00e9CNELELT=AT\u2014358KycoSebespela\u00c0?\nEN\n7\naeloleMeaJEP=2:2,1*Ue.YireeTienLeES\u20acCo&ZTPa\u2014\u2014EE}\n\u00abANUNIVE : PARISET\"72V5\u00bb40/\n/ CONSERVATOI| /NATONALDES 3.\"\u0178/| LDAT DE hs/\nFACULTE DESSCIENCESDE JUSSIEU\nmat=a245$paa\nYis\nANNEXE 2 A L'ARR\u00caT\u00c9 N\u00b0 2026-00457                            du 22 avril 2026","date":"2026-04-22","first_seen_on":"2026-04-22T16:05:06+00:00","id":"a979db69ec625386021e9b6257e432f39afd43a23d4a4349476bc96b08cbb040","name":"Arr\u00eat\u00e9 n\u00b02026-00457 du 22 avril 2026 modifiant provisoirement le stationnement dans certaines voies des arrondissements \u00e0 Paris Centre, 10\u00e8me, 11\u00e8me et 12\u00e8me, \u00e0 l\u2019occasion de la manifestation revendicative du 1er mai 2026","pdf_creation_date":"2026-04-22T13:03:52+00:00","pdf_modification_date":"2026-04-22T13:03:52+00:00","timezone":"Europe/Paris","url":"https://www.prefecturedepolice.interieur.gouv.fr/sites/default/files/Documents/arrete_ndeg2026-00457_du_22_avril_2026_modifiant_provisoirement_le_stationnement_dans_certaines_voies_des_arrondissements_a_paris_centre_10eme_11eme_et_12eme_a_l_occasion_de_la_manifestation_revendicative_du_1er_mai.pdf"}
