{"administration":"prefidf","administration_name":"Pr\u00e9fecture de la r\u00e9gion \u00cele-de-France","content":"PREFECTURE\nREGION ILE DE\nFRANCE\nRECUEIL DES ACTES\nADMINISTRATIFS SP\u00c9CIAL\n(NOMINATIFS)\nN\u00b0IDF-065-2025-04\nPUBLI\u00c9 LE 30 AVRIL 2025\nSommaire\nDirection r\u00e9gionale et interd\u00e9partementale de l'\u00e9conomie, de l'emploi,\ndu travail et des solidarit\u00e9s d'\u00cele-de-France /\nIDF-2025-04-30-00006 - Arr\u00eat\u00e9 pr\u00e9fectoral portant composition,\nnomination et modalit\u00e9s de vote au sein du comit\u00e9 r\u00e9gional pour\nl'emploi d'Ile-de-France et de son bureau (14 pages) Page 3\n2\nDirection r\u00e9gionale et interd\u00e9partementale de\nl'\u00e9conomie, de l'emploi, du travail et des\nsolidarit\u00e9s d'\u00cele-de-France\nIDF-2025-04-30-00006\nArr\u00eat\u00e9 pr\u00e9fectoral portant composition,\nnomination et modalit\u00e9s de vote au sein du\ncomit\u00e9 r\u00e9gional pour l'emploi d'Ile-de-France et\nde son bureau\nDirection r\u00e9gionale et interd\u00e9partementale de l'\u00e9conomie, de l'emploi, du travail et des solidarit\u00e9s d'\u00cele-de-France -\nIDF-2025-04-30-00006 - Arr\u00eat\u00e9 pr\u00e9fectoral portant composition, nomination et modalit\u00e9s de vote au sein du comit\u00e9 r\u00e9gional pour\nl'emploi d'Ile-de-France et de son bureau\n3\n=PREFETDE LA REGIOND'\u00ceLE-DE-FRANCELibert\u00e9EguliteFratermit\u00e9\nDRIEETS d'\u00cele-de-France \n21 rue Madeleine Vionnet \n93300 AUBERVILLIERS \nhttps://idf.drieets.gouv.fr/ \n \n \nDirection r\u00e9gionale et interd\u00e9partementale \nde l'\u00e9conomie, de l'emploi, du travail  \net des solidarit\u00e9s d'Ile-de-France \n \n \n \n \n \n \nArr\u00eat\u00e9 pr\u00e9fectoral \n \nportant composition, nomination et modalit\u00e9s de vote au sein du comit\u00e9 r\u00e9gional pour \nl'emploi d'Ile-de-France et de son bureau \n \n \nLe pr\u00e9fet de la r\u00e9gion d'\u00cele-de-France, \nPr\u00e9fet de Paris, \nCommandeur de la L\u00e9gion d'honneur, \nOfficier de l'ordre national du M\u00e9rite. \n \n \n \nVu le code des relations entre le public et l'administration, notamment son article L. 411-2 ;  \n \nVu le code du travail, notamment ses articles L. 53 11-10, L. 6123-3 et suivants et R6123-3-3 et \nsuivants ; \n \nConsid\u00e9rant qu'en accord avec la pr\u00e9sidente du Cons eil r\u00e9gional et par d\u00e9rogation au premier \nalin\u00e9a du 1\u00b0 de l'article L.5311-10, le comit\u00e9 r\u00e9gional de l'emploi, de la formation et de l'orientation \nprofessionnelles d'Ile-de-France prend la d\u00e9nomination de comit\u00e9 r\u00e9gional pour l'emploi. \n \n \n \nArr\u00eate : \n \n \n \nTitre 1 \ner  Comit\u00e9 r\u00e9gional pour l'emploi d'\u00cele-de-France \n \nArticle 1 \ner  : \n \nLe comit\u00e9 r\u00e9gional pour l'emploi d'\u00cele-de-France co mprend 49 membres r\u00e9partis en 5 coll\u00e8ges, \nauxquels s'ajoutent deux personnalit\u00e9s qualifi\u00e9es.  \n \nChacun des membres ci-apr\u00e8s nomm\u00e9 l'est pour trois ans renouvelables.  \nToute vacance ou perte de la qualit\u00e9 au titre de la quelle ils ont \u00e9t\u00e9 d\u00e9sign\u00e9s donne lieu \u00e0 \nremplacement pour la dur\u00e9e du mandat restant \u00e0 cour ir. Ce remplacement fait l'objet d'une \ninformation par courrier postal ou courrier \u00e9lectro nique aupr\u00e8s des services de la pr\u00e9fecture de \nr\u00e9gion pour la dur\u00e9e du mandat restant \u00e0 courir. \n \nLe comit\u00e9 est co-pr\u00e9sid\u00e9 par le pr\u00e9fet de la r\u00e9gion d'\u00cele-de-France ou son repr\u00e9sentant, et par la \npr\u00e9sidente de la r\u00e9gion d'\u00cele-de-France ou son repr\u00e9sentant. \nDirection r\u00e9gionale et interd\u00e9partementale de l'\u00e9conomie, de l'emploi, du travail et des solidarit\u00e9s d'\u00cele-de-France -\nIDF-2025-04-30-00006 - Arr\u00eat\u00e9 pr\u00e9fectoral portant composition, nomination et modalit\u00e9s de vote au sein du comit\u00e9 r\u00e9gional pour\nl'emploi d'Ile-de-France et de son bureau\n4\n2/14 \n \n \nLa vice-pr\u00e9sidence du comit\u00e9 est assur\u00e9e conjointem ent par un repr\u00e9sentant des organisations \nprofessionnelles d'employeurs d\u00e9sign\u00e9 par les repr\u00e9 sentants mentionn\u00e9s au b du 3\u00b0 de l'article R. \n6123-3-3 du code du travail et par un repr\u00e9sentant des organisations syndicales de salari\u00e9 d\u00e9sign\u00e9 \npar les repr\u00e9sentants mentionn\u00e9s au a du 3\u00b0 de l'article R. 6123-3-3 du m\u00eame code. \n \n \nArticle 2  : Sont nomm\u00e9s, au titre du coll\u00e8ge des repr\u00e9sentants de l'\u00c9tat, les six membres suivants \n: \n \na- Un repr\u00e9sentant du directeur r\u00e9gional et interd\u00e9par temental de l'\u00e9conomie, de l'emploi, du \ntravail et des solidarit\u00e9s d'Ile-de-France  ; \nb- Un repr\u00e9sentant du directeur r\u00e9gional et interd\u00e9par temental de l'agriculture, de \nl'alimentation et de la for\u00eat d'\u00cele-de-France ; \nc- Trois repr\u00e9sentants du recteur de la r\u00e9gion acad\u00e9mique d'\u00cele-de-France ; \nd- Un repr\u00e9sentant du directeur r\u00e9gional et interd\u00e9par temental de l'h\u00e9bergement et du \nlogement d'\u00cele-de-France. \n \n \nArticle 3  :  Au titre du coll\u00e8ge des repr\u00e9sentants des collecti vit\u00e9s territoriales, les quatorze \nmembres  suivants : \n \n \na- Six repr\u00e9sentants de la r\u00e9gion d'\u00cele-de-France nomm \u00e9s sur proposition du pr\u00e9sident du conseil \nr\u00e9gional ; \nb- Un repr\u00e9sentant de chacun des huit d\u00e9partements d'\u00ce le-de-France, d\u00e9sign\u00e9 sur proposition du \npr\u00e9sident de leur conseil d\u00e9partemental : \n1\u00b0 Un repr\u00e9sentant de la Ville de Paris  ; \n2\u00b0  Un repr\u00e9sentant du d\u00e9partement de la Seine-de-Marne  ; \n3\u00b0  Un repr\u00e9sentant du d\u00e9partement des Yvelines  ; \n4\u00b0  Un repr\u00e9sentant du d\u00e9partement de l'Essonne  ; \n5\u00b0  Un repr\u00e9sentant du d\u00e9partement des Hauts-de-Seine  ; \n6\u00b0 Un repr\u00e9sentant du d\u00e9partement de Seine-Saint-Denis ; \n7\u00b0 Un repr\u00e9sentant du d\u00e9partement du Val-de-Marne  ; \n8\u00b0  Un repr\u00e9sentant du d\u00e9partement du Val-d'Oise. \n \n \nArticle 4 : Au titre du coll\u00e8ge des repr\u00e9sentants d es organisations syndicales, les sept membres \nsuivants : \n \nA- Dont en qualit\u00e9 d'organisations syndicales repr\u00e9sentatives au niveau national et \ninterprofessionnel, les cinq membres suivants : \n \n1. Un repr\u00e9sentant sur proposition de la Conf\u00e9d\u00e9ration  fran\u00e7aise d\u00e9mocratique du travail \n(CFDT)  ; \n2. Un repr\u00e9sentant sur proposition de la Conf\u00e9d\u00e9ration g\u00e9n\u00e9rale du travail (CGT)  ; \n3. Un repr\u00e9sentant sur proposition de la Conf\u00e9d\u00e9ration  g\u00e9n\u00e9rale du travail - Force ouvri\u00e8re \n(CGT-FO)  ; \n4. Un repr\u00e9sentant sur proposition de la Conf\u00e9d\u00e9ration  fran\u00e7aise de l'encadrement \u2013 \nConf\u00e9d\u00e9ration g\u00e9n\u00e9rale des cadres (CFE-CGC)  ; \n5. Un repr\u00e9sentant sur proposition de la Conf\u00e9d\u00e9ration  fran\u00e7aise des travailleurs chr\u00e9tiens \n(CFTC). \n \n \nB- Dont en qualit\u00e9 d'organisations syndicales int\u00e9ress\u00e9es, mentionn\u00e9es au III de l'article R. 2272-9 \ndu code du travail, les deux membres  suivants : \nDirection r\u00e9gionale et interd\u00e9partementale de l'\u00e9conomie, de l'emploi, du travail et des solidarit\u00e9s d'\u00cele-de-France -\nIDF-2025-04-30-00006 - Arr\u00eat\u00e9 pr\u00e9fectoral portant composition, nomination et modalit\u00e9s de vote au sein du comit\u00e9 r\u00e9gional pour\nl'emploi d'Ile-de-France et de son bureau\n5\n3/14 \n1. Au titre de la FSU  ; \n2. Au titre de l'UNSA. \n \n \n \nArticle 5  : Au titre du coll\u00e8ge des repr\u00e9sentants des organis ations professionnelles d'employeur \nrepr\u00e9sentatives au plan national et multi-professio nnel ainsi que des r\u00e9seaux consulaires, les 9 \nmembres suivants  : \nA- Dont en qualit\u00e9 de repr\u00e9sentants des organisatio ns professionnelles d'employeurs \nrepr\u00e9sentatives au niveau national et interprofessionnel, les trois membres  suivants : \n1. Un repr\u00e9sentant sur proposition du Mouvement des employeurs de France (MEDEF)  ; \n2. Un repr\u00e9sentant sur proposition de la Conf\u00e9d\u00e9ration  des petites et moyennes entreprises \n(CPME)  ; \n3. Un repr\u00e9sentant sur proposition de l'Union des entreprises de proximit\u00e9 (U2P). \n \nB- Dont en qualit\u00e9 de repr\u00e9sentants des organisatio ns professionnelles d'employeurs \nrepr\u00e9sentatives au niveau national et interprofessionnel, les trois membres  suivants : \n \n1. Un repr\u00e9sentant sur proposition de la F\u00e9d\u00e9ration des entreprises du spectacle vivant, de la \nmusique, de l'audiovisuel et du cin\u00e9ma (FESAC)  ; \n2. Un repr\u00e9sentant sur proposition de la F\u00e9d\u00e9ration na tionale des syndicats d'exploitants \nagricoles (FRSEA)  ; \n3. Un repr\u00e9sentant sur proposition de l'Union des empl oyeurs de l'\u00e9conomie sociale et \nsolidaire (UDES). \n \nC- Dont en qualit\u00e9 de repr\u00e9sentants des r\u00e9seaux consulaires, les trois membres  suivants : \n1. Un repr\u00e9sentant sur proposition de la chambre d'agriculture  ; \n2. Un repr\u00e9sentant sur proposition de la chambre de commerce et d'industrie  ; \n3. Un repr\u00e9sentant sur proposition de la chambre des m\u00e9tiers et de l'artisanat. \n \n \n \nArticle 6 :  Au titre du coll\u00e8ge des principaux op\u00e9 rateurs de l'emploi, de la formation et de \nl'orientation professionnelle de la r\u00e9gion, les onze membres suivants  : \n \n1. Un repr\u00e9sentant sur proposition de la direction r\u00e9gionale de France Travail ; \n2. Un repr\u00e9sentant sur proposition de l'association de  gestion du fonds pour l'insertion \nprofessionnelle des personnes handicap\u00e9es  ; \n3. Un repr\u00e9sentant r\u00e9gional sur proposition de CHEOPS Cap emploi ; \n4. Un repr\u00e9sentant sur proposition de la commission pa ritaire interprofessionnelle r\u00e9gionale, \nTransition Pro  ; \n5. Un repr\u00e9sentant sur proposition de l'association r\u00e9gionale des missions locales  ; \n6. Un repr\u00e9sentant sur proposition de l'association po ur l'emploi des cadres mentionn\u00e9 au L. \n6111-6 (APEC)  ; \n7. Un repr\u00e9sentant sur proposition de l'observatoire r \u00e9gional de l'emploi et de la formation \nprofessionnelle  ; \n8. Un repr\u00e9sentant sur proposition de l'office nationa l d'information des enseignements et \ndes professions (ONISEP)  ; \n9. Un repr\u00e9sentant sur proposition de l'Agence nationa le pour la formation professionnelle \ndes adultes (AFPA)  ; \n10. Un repr\u00e9sentant sur proposition du Groupement R\u00e9gio nal des Acteurs Franciliens \nd'Insertion par l'\u00c9conomique (GRAFIE)  ; \n11. Un repr\u00e9sentant sur proposition de la F\u00e9d\u00e9ration de s associations gestionnaires des \n\u00e9tablissements de r\u00e9adaptation pour handicap\u00e9s (FAGERH). \n \n \nDirection r\u00e9gionale et interd\u00e9partementale de l'\u00e9conomie, de l'emploi, du travail et des solidarit\u00e9s d'\u00cele-de-France -\nIDF-2025-04-30-00006 - Arr\u00eat\u00e9 pr\u00e9fectoral portant composition, nomination et modalit\u00e9s de vote au sein du comit\u00e9 r\u00e9gional pour\nl'emploi d'Ile-de-France et de son bureau\n6\n4/14 \n12.  Un repr\u00e9sentant sur proposition du comit\u00e9 r\u00e9gional  des Groupements d'Employeurs \nd'Insertion et de Qualification (CRGEIQ). \n \n \nArticle 7 : S'ajoutent deux personnalit\u00e9s qualifi\u00e9es dans le domaine de la transition \u00e9cologique  : \n \n1. Un repr\u00e9sentant sur proposition de l'agence de l'en vironnement et de la ma\u00eetrise de \nl'\u00e9nergie (ADEME)  ; \n2. Un repr\u00e9sentant sur proposition de l'agence r\u00e9gionale \u00e9nergie climat (AREC). \n \n \n \nTitre 2 -Bureau du Comit\u00e9 r\u00e9gional pour l'emploi d'\u00cele-de-France \n \n \n \nArticle 8  : \nLe bureau du Comit\u00e9 r\u00e9gional pour l'emploi d'\u00cele-de -France est co-pr\u00e9sid\u00e9 par le pr\u00e9fet de la \nr\u00e9gion d'Ile-de-France ou son repr\u00e9sentant, et par la pr\u00e9sidente de la r\u00e9gion d'\u00cele-de-France ou son \nrepr\u00e9sentant. \n \nLa vice-pr\u00e9sidence du bureau est assur\u00e9e conjointement par un repr\u00e9sentant des organisations \nprofessionnelles d'employeurs d\u00e9sign\u00e9 par les repr\u00e9 sentants mentionn\u00e9s au b du 3\u00b0 de l'article R. \n6123-3-3 du code du travail et par un repr\u00e9sentant des organisations syndicales de salari\u00e9 d\u00e9sign\u00e9 \npar les repr\u00e9sentants mentionn\u00e9s au a du 3\u00b0 de l'article R. 6123-3-3 du m\u00eame code. \nLe bureau est compos\u00e9 de 16 membres, r\u00e9partis-en 4 coll\u00e8ges ci-apr\u00e8s d\u00e9sign\u00e9s. \n \n \nArticle 9  : Le bureau comporte, outre le pr\u00e9fet de r\u00e9gion ou son repr\u00e9sentant, les trois membres \ndu coll\u00e8ge des repr\u00e9sentants de l'\u00c9tat suivants  : \n1. Le repr\u00e9sentant du directeur r\u00e9gional et interd\u00e9par temental de l'\u00e9conomie, de l'emploi, \ndu travail et des solidarit\u00e9s d'\u00cele-de-France  ; \n2. Le repr\u00e9sentant du recteur de la r\u00e9gion acad\u00e9mique d'\u00cele-de-France  ; \n3. Le repr\u00e9sentant du directeur r\u00e9gional et interd\u00e9par temental de l'alimentation, de \nl'agriculture et de la for\u00eat (DRIAAF) - \u00cele-de-France. \n \n \nArticle 10  : Le bureau comporte, outre le pr\u00e9sident du conseil r \u00e9gional ou son repr\u00e9sentant, trois \nrepr\u00e9sentants du conseil r\u00e9gional. \n \n \n \nArticle 11  : Le bureau comprend les cinq repr\u00e9sentants du coll\u00e8g e des organisations syndicales \nrepr\u00e9sentatives au niveau national et interprofessi onnel et les trois repr\u00e9sentants du coll\u00e8ge des \norganisations professionnelles d'employeurs repr\u00e9se ntatives au niveau national et \ninterprofessionnel, respectivement mentionn\u00e9s aux A  de l'article 4 et au A de l'article 5 du \npr\u00e9sent arr\u00eat\u00e9. \n \n \nArticle 12  : \nLa liste nominative des membres du Comit\u00e9 r\u00e9gional pour l'Emploi et de son bureau figure en \nannexe au pr\u00e9sent arr\u00eat\u00e9.  \nDirection r\u00e9gionale et interd\u00e9partementale de l'\u00e9conomie, de l'emploi, du travail et des solidarit\u00e9s d'\u00cele-de-France -\nIDF-2025-04-30-00006 - Arr\u00eat\u00e9 pr\u00e9fectoral portant composition, nomination et modalit\u00e9s de vote au sein du comit\u00e9 r\u00e9gional pour\nl'emploi d'Ile-de-France et de son bureau\n7\n5/14 \n \nTitre 3  : Modalit\u00e9s de vote \n \nArticle 13  : \nLes modalit\u00e9s de vote, au sein du comit\u00e9 r\u00e9gional e t de son bureau, sont d\u00e9finies dans le \nr\u00e8glement int\u00e9rieur. \nA d\u00e9faut d'accord entre les parties lors de la s\u00e9ance d'installation du comit\u00e9 r\u00e9gional, le \nr\u00e8glement int\u00e9rieur est arr\u00eat\u00e9 par les co-pr\u00e9sidents. \n \nArticle 14  : Le pr\u00e9sent arr\u00eat\u00e9 peut faire l'objet d'un recours c ontentieux devant le Tribunal \nadministratif comp\u00e9tent dans un d\u00e9lai de deux mois \u00e0 compter de sa publication. \n \nArticle 15  : \n \nLe directeur r\u00e9gional de l'\u00e9conomie, de l'emploi, d u travail et des solidarit\u00e9s et la pr\u00e9f\u00e8te, \nsecr\u00e9taire g\u00e9n\u00e9rale aux politiques publiques sont c harg\u00e9s de l'ex\u00e9cution du pr\u00e9sent arr\u00eat\u00e9 qui \nsera publi\u00e9 au recueil des actes administratifs de la pr\u00e9fecture de r\u00e9gion d'\u00cele-de-France, \npr\u00e9fecture de Paris, accessible sur le site interne t de la pr\u00e9fecture, \u00e0 l'adresse : \nwww.prefectures-\nregions.gouv.fr/ile-de-france . \n \n \nFait \u00e0 Paris, le 30 avril 2025. \n \n \n \nLe pr\u00e9fet de la r\u00e9gion d'Ile-de-France, \npr\u00e9fet de Paris \n \nSign\u00e9 \nMarc GUILLAUME \n \n  \nDirection r\u00e9gionale et interd\u00e9partementale de l'\u00e9conomie, de l'emploi, du travail et des solidarit\u00e9s d'\u00cele-de-France -\nIDF-2025-04-30-00006 - Arr\u00eat\u00e9 pr\u00e9fectoral portant composition, nomination et modalit\u00e9s de vote au sein du comit\u00e9 r\u00e9gional pour\nl'emploi d'Ile-de-France et de son bureau\n8\n=PREFETDE LA REGIOND'\u00ceLE-DE-FRANCELibert\u00e9Egalit\u00e9Fratermit\u00e9\n6/14 \n \n \nDirection r\u00e9gionale et interd\u00e9partementale \nde l'\u00e9conomie, de l'emploi,  du travail  \net des solidarit\u00e9s d'Ile-de-France \n \n \n \n \n \n \n \nAnnexe  :  Liste nominative des membres du Comit\u00e9 r\u00e9gional pour l'Emploi et de son \nbureau \n \n \nTitre 1 er  Comit\u00e9 r\u00e9gional pour l'emploi d'\u00cele-de-France \n \n \n \nI. Sont nomm\u00e9s, au titre du coll\u00e8ge des repr\u00e9sentants de l'\u00c9tat, les six membres suivants : \n \n \na- Un repr\u00e9sentant du directeur r\u00e9gional et interd\u00e9par temental de l'\u00e9conomie, de l'emploi, du \ntravail et des solidarit\u00e9s d'Ile-de-France  : \n \n\u2013 M. Marc ROFRITSCH, Directeur r\u00e9gional adjoint, Resp onsable du P\u00f4le \u00c9conomie, \nemploi et solidarit\u00e9s, titulaire  ; \no M. Erwan SAMYN, Directeur r\u00e9gional, adjoint au resp onsable du p\u00f4le \n\u00c9conomie, emploi et solidarit\u00e9s, suppl\u00e9ant. \n \n \nb- Un repr\u00e9sentant du directeur r\u00e9gional et interd\u00e9par temental de l'agriculture, de \nl'alimentation et de la for\u00eat D'\u00cele-de-France ; \n \n\u2013 Mme Claire LE BIGOT, Directrice r\u00e9gionale adjointe, titulaire  ; \no Mme Anne RICHARD, Cheffe du service r\u00e9gional de la formation et du \nd\u00e9veloppement, suppl\u00e9ante. \n \n \nc- Trois repr\u00e9sentants du recteur de la r\u00e9gion acad\u00e9mique d'\u00cele-de-France  : \n \n1. M. Fabien OPPERMANN, Secr\u00e9taire g\u00e9n\u00e9ral de la R\u00e9gio n acad\u00e9mique d'\u00cele-de-\nFrance, titulaire \no Mme Roxane LAVERGNE, Secr\u00e9taire g\u00e9n\u00e9ral adjoint, suppl\u00e9ante \n \n2. En cours de d\u00e9signation, titulaire  ; \no M. Fr\u00e9d\u00e9ric GUINEPAIN, Adjoint au d\u00e9l\u00e9gu\u00e9 de r\u00e9gion  acad\u00e9mique \u00e0 la \nformation professionnelle initiale et continue, suppl\u00e9ant \n \n3. Mme Patricia BLOCH, D\u00e9l\u00e9gu\u00e9e de r\u00e9gion acad\u00e9mique \u00e0  la formation \nprofessionnelle initiale et continue titulaire  ; \no Mme Virginie COUSIN, D\u00e9l\u00e9gu\u00e9e de r\u00e9gion acad\u00e9mique adjointe \u00e0 \nl'information et \u00e0 l'orientation - Site Paris, Cons eill\u00e8re du recteur, \nsuppl\u00e9ante \n \n \nDirection r\u00e9gionale et interd\u00e9partementale de l'\u00e9conomie, de l'emploi, du travail et des solidarit\u00e9s d'\u00cele-de-France -\nIDF-2025-04-30-00006 - Arr\u00eat\u00e9 pr\u00e9fectoral portant composition, nomination et modalit\u00e9s de vote au sein du comit\u00e9 r\u00e9gional pour\nl'emploi d'Ile-de-France et de son bureau\n9\n7/14 \nd- Un repr\u00e9sentant du directeur r\u00e9gional et interd\u00e9par temental de l'h\u00e9bergement et du \nlogement d'\u00cele-de-France \n \n4. Mme Caroline NIGON, Responsable du p\u00f4le Accompagnem ent social et \nPopulations sp\u00e9cifiques, titulaire  ; \no M. Romain PARENT, Chef du service des observatoires , des \u00e9tudes et des \n\u00e9valuations, suppl\u00e9ant  ; \n \n \nII. Sont nomm\u00e9s, au titre du coll\u00e8ge des repr\u00e9sentants des collectivit\u00e9s territoriales, les \nquatorze membres  suivants : \n \n \na- Six repr\u00e9sentants de la r\u00e9gion d'\u00cele-de-France nomm \u00e9s sur proposition du pr\u00e9sident du \nconseil r\u00e9gional : \n \nTitulaires Suppl\u00e9ants \n1\u00b0 Mme Yasmine CAMARA Mme Jessie CLAUDE \n2\u00b0 Mme Murielle MARTIN-CHAM M. Stephen HERVE \n3\u00b0 Mme Dieynaba DIOP Mme Julie GARNIER \n4\u00b0 Mme Elodie DUCROHET M. Pascal PELAIN \n5\u00b0 Mme Charlotte BAELDE Mme Mama SY \n6\u00b0 M. Kader CHIBANE Mme C\u00e9cile DUMAS \n \n \nb- Un repr\u00e9sentant de chacun des d\u00e9partements d'\u00cele-de -France, d\u00e9sign\u00e9 sur proposition du \npr\u00e9sident de leur conseil d\u00e9partemental : \n \n \n1\u00b0 Un repr\u00e9sentant de la Ville de Paris :  \n \n\u2013 En cours de d\u00e9signation, titulaire ; \no En cours de d\u00e9signation, suppl\u00e9ant(e). \n \n2\u00b0  Un repr\u00e9sentant du d\u00e9partement de la Seine-de-Marne :  \n \n\u2013 M. Bernard COZIC, titulaire  ; \no En attente de d\u00e9signation, suppl\u00e9ant(e). \n \n3\u00b0  Un repr\u00e9sentant du d\u00e9partement des Yvelines  :  \n \n\u2013 En cours de d\u00e9signation, titulaire ; \no En cours de d\u00e9signation, suppl\u00e9ant(e). \n \n4\u00b0  Un repr\u00e9sentant du d\u00e9partement de l'Essonne  :  \n \n\u2013 En cours de d\u00e9signation, titulaire ; \no En cours de d\u00e9signation, suppl\u00e9ant(e). \n \n5\u00b0  Un repr\u00e9sentant du d\u00e9partement des Hauts-de-Seine  : \n \n\u2013 Mme. Marie-Pierre LIMOGE, 2\u00e8me vice-pr\u00e9sidente en c harge de l'\u00e9conomie sociale \net solidaire, de la formation et de l'alternance, titulaire  ;  \no M. Denis LARGHERO, 5e vice-pr\u00e9sident en charge de l 'attractivit\u00e9 du \nterritoire et d\u00e9veloppement num\u00e9rique suppl\u00e9ant  ; \n \nDirection r\u00e9gionale et interd\u00e9partementale de l'\u00e9conomie, de l'emploi, du travail et des solidarit\u00e9s d'\u00cele-de-France -\nIDF-2025-04-30-00006 - Arr\u00eat\u00e9 pr\u00e9fectoral portant composition, nomination et modalit\u00e9s de vote au sein du comit\u00e9 r\u00e9gional pour\nl'emploi d'Ile-de-France et de son bureau\n10\n8/14 \n6\u00b0 Un repr\u00e9sentant du d\u00e9partement de Seine-Saint-Denis :  \n \n\u2013  M. St\u00e9phane TROUSSEL, Pr\u00e9sident, titulaire  ; \no Mme M\u00e9lissa YOUSSOUF, Vice-Pr\u00e9sidente charg\u00e9e de l' insertion, de \nl'\u00e9conomie sociale et solidaire et des fonds europ\u00e9ens, suppl\u00e9ante  ; \n \n7\u00b0 Un repr\u00e9sentant du d\u00e9partement du Val-de-Marne  ; \n \n\u2013 M. Tonino PANETTA, vice-pr\u00e9sident du Conseil d\u00e9part emental du Val-de-Marne, \ntitulaire  ; \no Mme Genevi\u00e8ve CARPE, conseill\u00e8re d\u00e9partementale du Val-de-Marne, \nd\u00e9l\u00e9gu\u00e9e \u00e0 la sant\u00e9, suppl\u00e9ante ; \n \n8\u00b0  Un repr\u00e9sentant du d\u00e9partement du Val-d'Oise  : \n \n\u2013 M. G\u00e9rard LAMBERT-MOTTE, Vice-pr\u00e9sident d\u00e9l\u00e9gu\u00e9 \u00e0 la vie sociale, \u00e0 l'insertion, au \nlogement social et \u00e0 la sant\u00e9, titulaire  ; \no M. Micka\u00ebl DECLERCK, Conseiller d\u00e9partemental en ch arge de l'emploi, \nsuppl\u00e9ant. \n \n \nIII. Sont nomm\u00e9s, au titre du coll\u00e8ge des repr\u00e9sentants des organisations syndicales, les sept \nmembres suivants : \n \nA- En qualit\u00e9 d'organisations syndicales repr\u00e9senta tives au niveau national et interprofessionnel, \nles cinq membres suivants  : \n \n1. Un repr\u00e9sentant sur proposition de la Conf\u00e9d\u00e9ration  fran\u00e7aise d\u00e9mocratique du travail \n(CFDT)  :  \n \n\u2013 M. Henri HASSAN MOHAMED, Secr\u00e9taire R\u00e9gional en cha rge de l'emploi et de la \nformation professionnelle \u00e0 la CFDT Ile-de-France, titulaire  ; \no Mme G\u00e9raldine CORNETTE, Secr\u00e9taire g\u00e9n\u00e9rale adjoint e CFDT \u00cele-de-\nFrance, suppl\u00e9ante. \n \n2. Un repr\u00e9sentant sur proposition de la Conf\u00e9d\u00e9ration g\u00e9n\u00e9rale du travail (CGT)  : \n \n\u2013 Mme Brigitte  MEYER, Conseill\u00e8re France Travail, titulaire  ; \no M. Yannick BILIEC, Enseignant, suppl\u00e9ant. \no Mme Angeline BARTH, Responsable formation professio nnelle URIF CGT, \nsuppl\u00e9ante. \n \n3. Un repr\u00e9sentant sur proposition de la Conf\u00e9d\u00e9ration  g\u00e9n\u00e9rale du travail - Force ouvri\u00e8re \n(CGT-FO)  : \n \n\u2013 M. Brahim MESSAOUDEM, Charg\u00e9 de mission \u00e0 la FGTA-FO, titulaire  ; \no Mme Odile FREMIN, Tr\u00e9sori\u00e8re g\u00e9n\u00e9rale adjointe, suppl\u00e9ante ; \no M. Pascal COYO, Pr\u00e9sident de Transitions Pro \u00cele-de-France, suppl\u00e9ant. \n \n4. Un repr\u00e9sentant sur proposition de la Conf\u00e9d\u00e9ration  fran\u00e7aise de l'encadrement \u2013 \nConf\u00e9d\u00e9ration g\u00e9n\u00e9rale des cadres (CFE-CGC)  : \n \n\u2013 M. Andr\u00e9 LEGAULT, D\u00e9l\u00e9gu\u00e9 Syndical Central de KONE France et Charg\u00e9 de \nMission pour KONE France, titulaire  ; \no Mme C\u00e9line GIROT, Consultante en d\u00e9veloppement prof essionnel APEC, \nsuppl\u00e9ante  ; \no M. Fr\u00e9d\u00e9ric FLOQUET, D\u00e9l\u00e9gu\u00e9 Syndical de KONE \u00cele-d e-France et \nSuperviseur Portes, suppl\u00e9ant. \n \n5. Un repr\u00e9sentant sur proposition de la Conf\u00e9d\u00e9ration  fran\u00e7aise des travailleurs chr\u00e9tiens \n(CFTC)  : \n \nDirection r\u00e9gionale et interd\u00e9partementale de l'\u00e9conomie, de l'emploi, du travail et des solidarit\u00e9s d'\u00cele-de-France -\nIDF-2025-04-30-00006 - Arr\u00eat\u00e9 pr\u00e9fectoral portant composition, nomination et modalit\u00e9s de vote au sein du comit\u00e9 r\u00e9gional pour\nl'emploi d'Ile-de-France et de son bureau\n11\n9/14 \n\u2013 Mme Nathalie LE DISERT, Charg\u00e9e de relations entrep rises chez France Travail, \ntitulaire  ; \no M. Pierre SALAUN, Contract manager chez SUEZ et Coo rdinateur CFTC, \nsuppl\u00e9ante  ; \no Mme Marie-Jos\u00e9 BAUTISTA, Membre du bureau f\u00e9d\u00e9ral, suppl\u00e9ante. \n \nB- En qualit\u00e9 d'organisations syndicales int\u00e9ress\u00e9e s, mentionn\u00e9es au III de l'article R. 2272-9 du \ncode du travail, les deux membres suivants  : \n1. Un repr\u00e9sentant sur proposition de la FSU  : \n \n\u2013 M. Guillaume HELLEBRONTH, Secr\u00e9taire de section, titulaire ; \no Mme Corine TISSIER, Repr\u00e9sentante du personnel au C entre d'Information \net d'Orientation Vincennes, suppl\u00e9ante. \n \n2. Un repr\u00e9sentant sur proposition de l'UNSA : \n \n\u2013 M. Patrice BEDOURET, Conseiller national UNSA \u00c9cono mie-Emploi-Formation \nprofessionnelle, titulaire ; \no Mme Pauline LABY-LE CLERCQ, Secr\u00e9taire r\u00e9gionale UN SA \u00c9ducation, \nsuppl\u00e9ante. \n \n \nIV. Sont nomm\u00e9s au titre du coll\u00e8ge des repr\u00e9sentants d es organisations professionnelles \nd'employeur repr\u00e9sentatives au plan national et mul ti-professionnel ainsi que des r\u00e9seaux \nconsulaires, les 9 membres suivants  : \n \nA- En qualit\u00e9 de repr\u00e9sentants des organisations profe ssionnelles d'employeurs \nrepr\u00e9sentatives au niveau national et interprofessionnel, trois membres  : \n \n1. Un repr\u00e9sentant sur proposition du Mouvement des employeurs de France (MEDEF)  : \n \n\u2013 M. Jean-Pierre GAUMET, Pr\u00e9sident de l'AFT Transport  & Logistique et Pr\u00e9sident du \nGATMARIF, Administrateur MEDEF \u00cele-de-France, titulaire  ; \no Mme La\u00efla MOULIN, Responsable Emploi Formation au MEDEF \u00cele-de-France, \nsuppl\u00e9ante. \n \n2. Un repr\u00e9sentant sur proposition de la Conf\u00e9d\u00e9ration  des petites et moyennes entreprises \n(CPME)  : \n \n\u2013 Mme Virginie FAIVET, Pr\u00e9sidente-Directrice g\u00e9n\u00e9rale de StartHack, titulaire  ; \no M. Anthony METAYER, D\u00e9l\u00e9gu\u00e9 g\u00e9n\u00e9ral de la CPME Paris, suppl\u00e9ant. \n \n3. Un repr\u00e9sentant sur proposition de l'Union des entreprises de proximit\u00e9 (U2P)  : \n \n\u2013 M. Jonathan SALMON, Secr\u00e9taire G\u00e9n\u00e9ral CAPEB \u00cele-de-France, titulaire  ; \no Mme Nathalie DELORME, Conseill\u00e8re technique formati on et emploi \u00e0 la \nCGAD \u00cele-de-France, suppl\u00e9ante. \n \nB- En qualit\u00e9 de repr\u00e9sentants des organisations pr ofessionnelles d'employeurs repr\u00e9sentatives \nau niveau national et interprofessionnel, trois membres  : \n1. Un repr\u00e9sentant sur proposition de la F\u00e9d\u00e9ration des entreprises du spectacle vivant, de la \nmusique, de l'audiovisuel et du cin\u00e9ma (FESAC)  :  \n \n\u2013 Mme Atissa KASHANCHI, Directrice financi\u00e8re et admi nistrative chez The Music \nSales Group, titulaire ; \no M. Patrice MONTICO, Expert de justice en culture, c ommunication et \ndigital, suppl\u00e9ant. \n \nDirection r\u00e9gionale et interd\u00e9partementale de l'\u00e9conomie, de l'emploi, du travail et des solidarit\u00e9s d'\u00cele-de-France -\nIDF-2025-04-30-00006 - Arr\u00eat\u00e9 pr\u00e9fectoral portant composition, nomination et modalit\u00e9s de vote au sein du comit\u00e9 r\u00e9gional pour\nl'emploi d'Ile-de-France et de son bureau\n12\n10/14 \n2. Un repr\u00e9sentant sur proposition de la F\u00e9d\u00e9ration na tionale des syndicats d'exploitants \nagricoles (FRSEA)  :  \n \n\u2013 Mme Carole CUYPERS, Administratrice de la FRSEA \u00cele -de-France, en charge du \ndossier emploi/formation, titulaire ; \no M. C\u00e9dric BEAURAIN, Administrateur de la FRSEA \u00cele- de-France, en charge \ndu dossier emploi/formation, suppl\u00e9ant. \n \n3. Un repr\u00e9sentant sur proposition l'Union des employe urs de l'\u00e9conomie sociale et solidaire \n(UDES)  : \n \n\u2013 M. Henri BORENTIN, D\u00e9l\u00e9gu\u00e9 r\u00e9gional UDES, titulaire ; \no Mme Laurence MARTIN, D\u00e9l\u00e9gu\u00e9e g\u00e9n\u00e9rale de l'APapp, suppl\u00e9ante. \n \nC- En qualit\u00e9 de repr\u00e9sentants des r\u00e9seaux consulaires, les trois membres suivants  : \n1. Un repr\u00e9sentant sur proposition de la chambre d'agriculture  : \n \n\u2013 Mme Amandine MURET-BEGUIN, Membre de la Chambre d'agriculture \u00cele-de-\nFrance, titulaire ; \no Mme Sophie CUYPERS, Membre de la Chambre d'agriculture \u00cele-de-France, \nsuppl\u00e9ante. \n \n2. Un repr\u00e9sentant sur proposition de la chambre de commerce et d'industrie : \n \n\u2013 Mme Danielle DUBRAC, Pr\u00e9sidente de la CCI d\u00e9parteme ntale Seine-Saint-Denis et \nconseill\u00e8re au CESE, titulaire ; \no M. Philippe REGIMBART, Directeur des politiques \u00e9du catives chez Chambre \nde commerce et d'industrie de r\u00e9gion Paris Ile-de-France, suppl\u00e9ant. \n \n3. Un repr\u00e9sentant sur proposition de la chambre des m\u00e9tiers et de l'artisanat  : \n \n\u2013 M. Francis DUBRAC, Pr\u00e9sident de la CMA \u00cele-de-France Seine-Saint-Denis titulaire ; \no Mme Leila BELILI, Pr\u00e9sidente de la Chambre de M\u00e9tie rs des Hauts-de-Seine, \nsuppl\u00e9ante. \n \n \nV. Sont nomm\u00e9s, au titre du coll\u00e8ge des principaux op\u00e9 rateurs de l'emploi, de la formation \net de l'orientation professionnelle de la r\u00e9gion, les onze membres suivants  : \n \n1. Un repr\u00e9sentant sur proposition de la direction r\u00e9gionale de France Travail : \n \n\u2013 Mme Nadine CRINIER, Directrice r\u00e9gionale de France Travail \u00cele-de-France, titulaire \n; \no Mme Caroline RIFFARD, Directrice r\u00e9gionale adjointe  en charge de la \nstrat\u00e9gie et des relations ext\u00e9rieures France Trava il \u00cele-de-France, \nsuppl\u00e9ante. \n \n2. Un repr\u00e9sentant sur proposition de l'association de  gestion du fonds pour l'insertion \nprofessionnelle des personnes handicap\u00e9es  : \n \n\u2013 M. Lahouari MERABTI, D\u00e9l\u00e9gu\u00e9 R\u00e9gional, titulaire  ; \no Mme Faouzia BOUSMAH, D\u00e9l\u00e9gu\u00e9e R\u00e9gionale Adjointe, suppl\u00e9ante. \n \n3. Un repr\u00e9sentant r\u00e9gional sur proposition de CHEOPS Cap emploi : \n \n\u2013 M. Alain FROUARD, Pr\u00e9sident CHEOPS \u00cele de France, titulaire ; \no Mme Anne-C\u00e9cile RICHARD, D\u00e9l\u00e9gu\u00e9e R\u00e9gionale CHEOPS Ile de France, \nsuppl\u00e9ante. \n \nDirection r\u00e9gionale et interd\u00e9partementale de l'\u00e9conomie, de l'emploi, du travail et des solidarit\u00e9s d'\u00cele-de-France -\nIDF-2025-04-30-00006 - Arr\u00eat\u00e9 pr\u00e9fectoral portant composition, nomination et modalit\u00e9s de vote au sein du comit\u00e9 r\u00e9gional pour\nl'emploi d'Ile-de-France et de son bureau\n13\n11/14 \n4. Un repr\u00e9sentant sur proposition de la commission pa ritaire interprofessionnelle r\u00e9gionale, \nTransition Pro  : \n \n\u2013 M. St\u00e9phane MAAS, Directeur de Transitions Pro, titulaire ; \no Mme Mona DEMARCHELIER, Directrice Partenariats et D \u00e9veloppement \nchez Transitions Pro, suppl\u00e9ante. \n \n5. Un repr\u00e9sentant sur proposition de l'association r\u00e9gionale des missions locales  : \n \n\u2013 M. Jacques CROSNIER, Pr\u00e9sident de l'ARML, titulaire ; \no Mme Isabelle PERDEREAU, Pr\u00e9sidente Mission Locale d es 3 Vall\u00e9es \u00e0 \nBr\u00e9tigny-sur-Orge, suppl\u00e9ante. \n \n6. Un repr\u00e9sentant sur proposition de l'association po ur l'emploi des cadres mentionn\u00e9 au L. \n6111-6 (APEC) : \n \n\u2013 Mme Dominique LARGAUD, D\u00e9l\u00e9gu\u00e9e r\u00e9gionale \u00cele-de-Fr ance chez l'APEC, titulaire \n; \no M. Xavier DIETZI, D\u00e9l\u00e9gu\u00e9 r\u00e9gional adjoint \u00e0 l'APEC, suppl\u00e9ant. \n \n7. Un repr\u00e9sentant sur proposition de l'observatoire r \u00e9gional de l'emploi et de la formation \nprofessionnelle  : \n \n\u2013 M. S\u00e9bastien ALAVOINE, Directeur g\u00e9n\u00e9ral adjoint de l'Institut Paris R\u00e9gion (IPR), \ntitulaire ; \no Mme Claire PEUVERGNE, Directrice Emploi-Formation \u00e0 l'IPR, suppl\u00e9ante. \n \n8. Un repr\u00e9sentant sur proposition de l'office nationa l d'information des enseignements et \ndes professions (ONISEP) :  \n \n\u2013 M. Christophe LEVERRIER, Directeur territorial ONISEP, titulaire ; \no Mme Christine SERIN, Coordinatrice r\u00e9gionale du p\u00f4l e accompagnement \np\u00e9dagogique, suppl\u00e9ante. \n \n9. Un repr\u00e9sentant sur proposition de l'Agence nationa le pour la formation professionnelle \ndes adultes (AFPA)  :  \n \n\u2013 M. Arnaud HABERT, Directeur r\u00e9gional Ile-de-France de l'AFPA, titulaire ; \no Mme Caroline DUCQ, Directrice Ing\u00e9nierie et Innovation, suppl\u00e9ante. \n \n10. Un repr\u00e9sentant sur proposition du Groupement R\u00e9gio nal des Acteurs Franciliens \nd'Insertion par l'\u00c9conomique (GRAFIE)  : \n \n\u2013 M. Olivier FLAMENT, Pr\u00e9sident du GRAFIE, titulaire ; \no Mme Gis\u00e8le BILLARD, Membre du Conseil d'administration, suppl\u00e9ante. \n \n11. Un repr\u00e9sentant sur proposition de la F\u00e9d\u00e9ration de s associations gestionnaires des \n\u00e9tablissements de r\u00e9adaptation pour handicap\u00e9s (FAGERH)  : \n \n\u2013 Mme Isabelle ARGAUD, Directrice de l'ESRP Forja, titulaire ; \no M. Denis REYNAUD, Directeur de l'orientation et de la formation, \nAssociation Croizat, suppl\u00e9ant. \n \n12. sur proposition du comit\u00e9 r\u00e9gional des Groupements d'Employeurs d'Insertion et de \nQualification (CRGEIQ). : \n \n\u2013     M .Foucauld RONTARD, titulaire ; \no Madame Agn\u00e8s SALVADORI, suppl\u00e9ante. \n \n \n \nDirection r\u00e9gionale et interd\u00e9partementale de l'\u00e9conomie, de l'emploi, du travail et des solidarit\u00e9s d'\u00cele-de-France -\nIDF-2025-04-30-00006 - Arr\u00eat\u00e9 pr\u00e9fectoral portant composition, nomination et modalit\u00e9s de vote au sein du comit\u00e9 r\u00e9gional pour\nl'emploi d'Ile-de-France et de son bureau\n14\n12/14 \nVI. S'ajoutent deux personnalit\u00e9s qualifi\u00e9es dans le domaine de la transition \u00e9cologique  : \n \n1. Un repr\u00e9sentant sur proposition  de l'agence de l'environnement et de la ma\u00eetrise de  \nl'\u00e9nergie (ADEME)  : \n \n\u2013 Mme Am\u00e9lie RENAUD, Directrice r\u00e9gionale, titulaire ; \no Mme Val\u00e9rie JOUVIN, Directrice r\u00e9gional adjointe AD EME \u00cele-de-France, \nsuppl\u00e9ante. \n \n2. Un repr\u00e9sentant sur proposition de l'agence r\u00e9gionale \u00e9nergie climat (AREC)  : \n \n\u2013 M. Thomas HEMMERDINGER, Directeur de l'AREC \u00cele-de-France, titulaire  ; \no M. Helder DE OLIVEIRA, Directeur de l'Observatoire r\u00e9gional des D\u00e9chets \n(ORDIF) d'\u00cele-de-France, suppl\u00e9ant. \n  \nDirection r\u00e9gionale et interd\u00e9partementale de l'\u00e9conomie, de l'emploi, du travail et des solidarit\u00e9s d'\u00cele-de-France -\nIDF-2025-04-30-00006 - Arr\u00eat\u00e9 pr\u00e9fectoral portant composition, nomination et modalit\u00e9s de vote au sein du comit\u00e9 r\u00e9gional pour\nl'emploi d'Ile-de-France et de son bureau\n15\n13/14 \nTitre 2 -Bureau du Comit\u00e9 r\u00e9gional pour l'emploi d'\u00cele-de-France \n \n \nI. Sont nomm\u00e9s, au titre du coll\u00e8ge des repr\u00e9sentants de l'Etat, outre le pr\u00e9sident du \ncomit\u00e9 ou son repr\u00e9sentant  : \n1\u00b0  un repr\u00e9sentant du directeur r\u00e9gional et interd\u00e9pa rtemental de l'\u00e9conomie, de l'emploi, du \ntravail et des solidarit\u00e9s d'\u00cele-de-France  : \n\u2013 M. Marc ROFRITSCH, Directeur r\u00e9gional adjoint, Resp onsable du P\u00f4le \u00c9conomie, \nemploi et solidarit\u00e9s, titulaire  ; \no M. Erwan SAMYN, Directeur r\u00e9gional, adjoint au resp onsable du p\u00f4le \n\u00c9conomie, emploi et solidarit\u00e9s, suppl\u00e9ant. \n \n2\u00b0  Un repr\u00e9sentant du recteur de la r\u00e9gion acad\u00e9mique d'\u00cele-de-France  : \n\u2013 En cours de d\u00e9signation, titulaire  ; \no Mme Patricia BLOCH, D\u00e9l\u00e9gu\u00e9e r\u00e9gionale acad\u00e9mique \u00e0  l'Information et \u00e0 \nl'Orientation aupr\u00e8s du Recteur de la r\u00e9gion Ile-de-France, suppl\u00e9ante. \n \n3\u00b0  Un repr\u00e9sentant du directeur r\u00e9gional et interd\u00e9pa rtemental de l'alimentation, de l'agriculture \net de la for\u00eat (DRIAAF) - \u00cele-de-France  : \n\u2013 Mme Claire le BIGOT, Directrice r\u00e9gionale adjointe, titulaire  ; \no Mme Anne RICHARD, Cheffe du service r\u00e9gional de la formation et du \nd\u00e9veloppement, suppl\u00e9ante. \n \nII. Sont nomm\u00e9s, au titre du coll\u00e8ge des repr\u00e9sentants des collectivit\u00e9s territoriales, \noutre le pr\u00e9sident du conseil r\u00e9gional ou son repr\u00e9sentant : \n \nTitulaires Suppl\u00e9ants \n1\u00b0 Mme Yasmine CAMARA Mme Jessie CLAUDE \n \n2\u00b0 Mme Murielle MARTIN-CHAM M. Stephen HERVE \n \n3\u00b0 Mme Dieynaba DIOP Mme Julie GARNIER \n \n \nIII. Sont nomm\u00e9s, au titre des organisations syndicales repr\u00e9sentatives au niveau national \net interprofessionnel : \n \n1. Un repr\u00e9sentant sur proposition de la Conf\u00e9d\u00e9ration  fran\u00e7aise d\u00e9mocratique du travail \n(CFDT)  :  \n \n\u2013 M. Henri HASSAN MOHAMED, Secr\u00e9taire R\u00e9gional en cha rge de l'emploi et de la \nformation professionnelle \u00e0 la CFDT Ile-de-France, titulaire  ; \no Mme G\u00e9raldine CORNETTE, Secr\u00e9taire g\u00e9n\u00e9rale adjoint e CFDT \u00cele-de-\nFrance, suppl\u00e9ante. \n \n2. Un repr\u00e9sentant sur proposition de la Conf\u00e9d\u00e9ration g\u00e9n\u00e9rale du travail (CGT)  : \n \n\u2013 Mme Brigitte  MEYER, Conseill\u00e8re France Travail, titulaire  ; \no M. Yannick BILIEC, Enseignant, suppl\u00e9ant  ; \no Mme Angeline BARTH, Responsable formation professio nnelle URIF CGT, \nsuppl\u00e9ante. \nDirection r\u00e9gionale et interd\u00e9partementale de l'\u00e9conomie, de l'emploi, du travail et des solidarit\u00e9s d'\u00cele-de-France -\nIDF-2025-04-30-00006 - Arr\u00eat\u00e9 pr\u00e9fectoral portant composition, nomination et modalit\u00e9s de vote au sein du comit\u00e9 r\u00e9gional pour\nl'emploi d'Ile-de-France et de son bureau\n16\n14/14 \n \n3. Un repr\u00e9sentant sur proposition de la Conf\u00e9d\u00e9ration  g\u00e9n\u00e9rale du travail - Force ouvri\u00e8re \n(CGT-FO)  : \n \n\u2013 M. Brahim MESSAOUDEM, Charg\u00e9 de mission \u00e0 la FGTA-FO, titulaire  ; \no Mme Odile FREMIN, Tr\u00e9sori\u00e8re g\u00e9n\u00e9rale adjointe, suppl\u00e9ante ; \no M. Pascal COYO, Pr\u00e9sident de Transitions Pro \u00cele-de-France, suppl\u00e9ant. \n \n4. Un repr\u00e9sentant sur proposition de la Conf\u00e9d\u00e9ration  fran\u00e7aise de l'encadrement \u2013 \nConf\u00e9d\u00e9ration g\u00e9n\u00e9rale des cadres (CFE-CGC)  : \n \n\u2013 M. Andr\u00e9 LEGAULT, D\u00e9l\u00e9gu\u00e9 Syndical Central de KONE France et Charg\u00e9 de \nMission pour KONE France, titulaire  ; \no Mme C\u00e9line GIROT, Consultante en d\u00e9veloppement prof essionnel APEC, \nsuppl\u00e9ante  ; \no M. Fr\u00e9d\u00e9ric FLOQUET, D\u00e9l\u00e9gu\u00e9 Syndical de KONE \u00cele-d e-France et \nSuperviseur Portes, suppl\u00e9ant. \n \n5. Un repr\u00e9sentant sur proposition de la Conf\u00e9d\u00e9ration  fran\u00e7aise des travailleurs chr\u00e9tiens \n(CFTC)  : \n \n\u2013 Mme Nathalie LE DISERT, Charg\u00e9e de relations entrep rises chez France Travail, \ntitulaire  ; \no M. Pierre SALAUN, Contract manager chez SUEZ et Coo rdinateur CFTC, \nsuppl\u00e9ant  ; \no Mme Marie-Jos\u00e9 BAUTISTA, Membre du bureau f\u00e9d\u00e9ral, suppl\u00e9ante. \n \n \nIV. Sont nomm\u00e9s, Au titre des organisations professionn elles d'employeurs \nrepr\u00e9sentatives au niveau national et interprofessionnel : \n1. Un repr\u00e9sentant sur proposition du Mouvement des employeurs de France (MEDEF)  : \n \n\u2013 M. Jean-Pierre GAUMET, Pr\u00e9sident de l'AFT Transport  & Logistique et Pr\u00e9sident du \nGATMARIF, Administrateur MEDEF \u00cele-de-France, titulaire  ; \no Mme La\u00efla MOULIN, Responsable Emploi Formation au MEDEF \u00cele-de-France, \nsuppl\u00e9ante. \n \n2. Un repr\u00e9sentant sur proposition de la Conf\u00e9d\u00e9ration  des petites et moyennes entreprises \n(CPME)  : \n \n\u2013 Mme Virginie FAIVET, Pr\u00e9sidente-Directrice g\u00e9n\u00e9rale de StartHack, titulaire  ; \no M. Anthony METAYER, D\u00e9l\u00e9gu\u00e9 g\u00e9n\u00e9ral de la CPME Paris, suppl\u00e9ant. \n \n3. Un repr\u00e9sentant sur proposition de l'Union des entreprises de proximit\u00e9 (U2P)  : \n \n\u2013 M. Jonathan SALMON, Secr\u00e9taire G\u00e9n\u00e9ral CAPEB \u00cele-de-France, titulaire  ; \no Mme Nathalie DELORME, Conseill\u00e8re technique formati on et emploi \u00e0 la \nCGAD \u00cele-de-France, suppl\u00e9ante. \n \nDirection r\u00e9gionale et interd\u00e9partementale de l'\u00e9conomie, de l'emploi, du travail et des solidarit\u00e9s d'\u00cele-de-France -\nIDF-2025-04-30-00006 - Arr\u00eat\u00e9 pr\u00e9fectoral portant composition, nomination et modalit\u00e9s de vote au sein du comit\u00e9 r\u00e9gional pour\nl'emploi d'Ile-de-France et de son bureau\n17","date":"2025-04-30","first_seen_on":"2025-04-30T18:34:11+00:00","id":"a98852732832f47de02ee2758022402f73fe474b969cd8f9d5710ee999a93df2","name":"recueil-idf-065-2025-04-RAA-nominatifs du 30.04.2025","pdf_creation_date":"2025-04-30T18:14:06+00:00","pdf_modification_date":null,"timezone":"Europe/Paris","url":"https://www.prefectures-regions.gouv.fr/ile-de-france/irecontenu/telechargement/127414/940143/file/recueil-idf-065-2025-04-RAA-nominatifs%20du%2030.04.2025.pdf"}
