{"administration":"prefidf","administration_name":"Pr\u00e9fecture de la r\u00e9gion \u00cele-de-France","content":"PREFECTURE\nREGION ILE DE\nFRANCE\nRECUEIL DES ACTES\nADMINISTRATIFS SP\u00c9CIAL\n(NOMINATIFS)\nN\u00b0IDF-054-2025-06\nPUBLI\u00c9 LE 26 JUIN 2025\nSommaire\nDirection de la veille et s\u00e9curit\u00e9 sanitaire  Assistante Hygi\u00e8ne et\nSalubrit\u00e9 /\nIDF-2025-06-25-00015 - D\u00e9cision n\u00b0 DVSS - 2025 / 014\nPortant\nhabilitation de l'organisme \u00abSTYLIDERM\u00bb \u00e0 dispenser la formation\npr\u00e9vue \u00e0 l'article R.1311-3 du code de la sant\u00e9\npublique (2 pages) Page 3\nIDF-2025-06-25-00014 - D\u00e9cision n\u00b0 DVSS - 2025 / 015 Portant\nhabilitation de l'organisme \u00abCASTLE TATTOO ACADEMY\u00bb \u00e0\ndispenser la formation pr\u00e9vue \u00e0 l'article R.1311-3 du code de la\nsant\u00e9\npublique (2 pages) Page 6\nIDF-2025-06-25-00013 - D\u00e9cision n\u00b0 DVSS - 2025 / 016 portant\nhabilitation de l'organisme \u00abDAFSI FORMATION\u00bb \u00e0 dispenser la\nformation pr\u00e9vue \u00e0 l'article R.1311-3 du code de la sant\u00e9 publique\n(2 pages) Page 9\nPr\u00e9fecture de la R\u00e9gion d'Ile de France, Pr\u00e9fecture de Paris\n-Secr\u00e9tariat g\u00e9n\u00e9ral aux moyens mutualis\u00e9s / Service des ressources\nhumaines\nIDF-2025-06-26-00002 - Arr\u00eat\u00e9 modifiant l'arr\u00eat\u00e9 du 3 avril 2023\nfixant la composition de la section r\u00e9gionale d'\u00cele-de-France du\ncomit\u00e9 interminist\u00e9riel consultatif d'action sociale des\nadministrations de l'\u00c9tat (4 pages) Page 12\nIDF-2025-06-25-00016 - arr\u00eat\u00e9 modifiant l'arr\u00eat\u00e9\nn\u00b02023-06-27-00008 portant nomination des membres du comit\u00e9 local\nd'Ile- de-France du fonds pour l'insertion des personnes\nhandicap\u00e9es dans la fonction publique (4 pages) Page 17\nIDF-2025-06-25-00017 - Arr\u00eat\u00e9 modifiant l'arr\u00eat\u00e9 pr\u00e9fectoral\nIDF-2023-03-02-00001 portant d\u00e9signation des membres du comit\u00e9\nsocial d'administration de proximit\u00e9 de la pr\u00e9fecture de la r\u00e9gion\nd'Ile-de-France, pr\u00e9fecture de Paris\n (3 pages) Page 22\n2\n  Direction de la veille et s\u00e9curit\u00e9 sanitaire \nAssistante Hygi\u00e8ne et Salubrit\u00e9\nIDF-2025-06-25-00015\nD\u00e9cision n\u00b0 DVSS - 2025 / 014\nPortant habilitation de l'organisme \u00abSTYLIDERM\u00bb\n\u00e0 dispenser la formation pr\u00e9vue \u00e0 l'article\nR.1311-3 du code de la sant\u00e9\npublique\n  Direction de la veille et s\u00e9curit\u00e9 sanitaire  Assistante Hygi\u00e8ne et Salubrit\u00e9 - IDF-2025-06-25-00015 - D\u00e9cision n\u00b0 DVSS - 2025 / 014\nPortant habilitation de l'organisme \u00abSTYLIDERM\u00bb \u00e0 dispenser la formation pr\u00e9vue \u00e0 l'article R.1311-3 du code de la sant\u00e9\npublique\n3\nREPUBLIQUEFRANCAISELibert\u00e9Egalit\u00e9Fraternit\u00e9\nAr\u00a9 \u00bb Agence R\u00e9gionale de Sant\u00e9Ile-de-France\n \n \n13 rue du Landy \n93200 Saint-Denis \nT\u00e9l : 01 44 02 00 00 \nwww.iledefrance.ars.sante.fr \n \n \n \n \n \n \n \nAGENCE R\u00c9GIONALE DE SANT\u00c9 \u00ceLE-DE-FRANCE \nD\u00e9cision N\u00b0 DVSS \u2013 2025 / 014 \n \nPortant habilitation de l'organisme \u00abSTYLIDERM\u00bb   \n\u00e0 dispenser la formation pr\u00e9vue \u00e0 l'article R.1311-3 du code de la sant\u00e9 \npublique \n \n \nLe Directeur G\u00e9n\u00e9ral de l'Agence R\u00e9gionale de Sant\u00e9 Ile-de-France \n \n \n \n \n \nVu le code de la sant\u00e9 publique, notamment son article R.1311-3 ; \n \nVu le code du travail, notamment son article R.6351-1 ; \n \nVu l'arr\u00eat\u00e9 du 5 mars 2024 modifi\u00e9 pris en application de l'article R. 1311-3 du code de la sant\u00e9 publique \net relatif \u00e0 la formation des personnes qui mettent en \u0153uvre les techniques de tatouage par effraction \ncutan\u00e9e, y compris la technique du maquillage permanent, et de per\u00e7age corporel ; \n \nVu le d\u00e9cret n\u00b0 2010-336 du 31 mars 2010 portant cr\u00e9ation des agences r\u00e9gionales de sant\u00e9 ;  \n \nVu l'arr\u00eat\u00e9 n\u00b0 DS-037-2024 du 29  avril 2024 portant d\u00e9l\u00e9gation de signature \u00e0 M adame C\u00e9cile \nSOMARRIBA, Directrice de la veille et s\u00e9curit\u00e9 sanitaires , \u00e0 effet de signer tous les  actes relevant de \nsa direction ; \n \nVu la demande d'habilitation \u00e0 l'\u00e9valuation dans des locaux sis \u00e0 PARIS (5\u00e8me) \u2013 14 rue des Carmes  \npr\u00e9sent\u00e9e par la soci\u00e9t\u00e9 \u00ab STYLIDERM\u00bb le  10 juin 2025, soci\u00e9t\u00e9 d\u00e9clar\u00e9e en tant qu'organisme de \nformation aupr\u00e8s de la DIRECCTE Ile de France sous le num\u00e9ro  11 9305802 93 ; \n \nVu les pi\u00e8ces du dossier ; \n \nD\u00c9CIDE \n \nArticle 1 \n \nLa soci\u00e9t\u00e9 \u00abSTYLIDERM \u00bb, dont le si\u00e8ge social est sis 14 rue Gambetta \u2013 93360 NEUILLY PLAISANCE  \net dont le repr\u00e9sentant l\u00e9gal est M onsieur Laurent DESPALLE, est habilit\u00e9e \u00e0 effectuer les formations \net les \u00e9valuations, dans les locaux sis 14 rue des Carmes \u2013 75005 PARIS des candidats ayant suivi la \nformation pr\u00e9vue \u00e0 l'article R.1311-3 du code de la sant\u00e9 publique ou la mise \u00e0 jour quinquennale des \nconnaissances et des comp\u00e9tences. \n \n \n \n            \u2026/\u2026 \n \n  \n  Direction de la veille et s\u00e9curit\u00e9 sanitaire  Assistante Hygi\u00e8ne et Salubrit\u00e9 - IDF-2025-06-25-00015 - D\u00e9cision n\u00b0 DVSS - 2025 / 014\nPortant habilitation de l'organisme \u00abSTYLIDERM\u00bb \u00e0 dispenser la formation pr\u00e9vue \u00e0 l'article R.1311-3 du code de la sant\u00e9\npublique\n4\n \n            \n \n \nArticle 2 \n \nLa pr\u00e9sente d\u00e9cision peut, dans un d\u00e9lai de deux mois \u00e0 compter de sa notification faire l'objet d'un \nrecours contentieux devant le tribunal administratif territorialement comp\u00e9tent. Le tribunal administratif \npeut \u00eatre saisi par l'application informatique \u00ab T\u00e9l\u00e9recours citoyens \u00bb accessible par le site internet \nwww.telerecours.fr \n \nArticle 3 \n \nLa directrice de la veille et s\u00e9curit\u00e9 sanitaires de l'agence r\u00e9gionale de sant\u00e9 Ile-de-France est charg\u00e9e \nde l'ex\u00e9cution de la pr\u00e9sente d\u00e9cision qui sera publi\u00e9e au recueil des actes administratifs de la \npr\u00e9fecture de la r\u00e9gion Ile-de-France. \n \n            \n     \n \nSaint-Denis, le 25 juin 2025 \n \nPour le Directeur G\u00e9n\u00e9ral  \nde l'Agence R\u00e9gionale de Sant\u00e9  \nIle-de-France \n \nLa Directrice de la veille et s\u00e9curit\u00e9 \nsanitaires \n \n \n \n \nC\u00e9cile SOMARRIBA \n \n \n \n \n \n \n    /2 \n  Direction de la veille et s\u00e9curit\u00e9 sanitaire  Assistante Hygi\u00e8ne et Salubrit\u00e9 - IDF-2025-06-25-00015 - D\u00e9cision n\u00b0 DVSS - 2025 / 014\nPortant habilitation de l'organisme \u00abSTYLIDERM\u00bb \u00e0 dispenser la formation pr\u00e9vue \u00e0 l'article R.1311-3 du code de la sant\u00e9\npublique\n5\n  Direction de la veille et s\u00e9curit\u00e9 sanitaire \nAssistante Hygi\u00e8ne et Salubrit\u00e9\nIDF-2025-06-25-00014\nD\u00e9cision n\u00b0 DVSS - 2025 / 015 Portant\nhabilitation de l'organisme \u00abCASTLE TATTOO\nACADEMY\u00bb \u00e0 dispenser la formation pr\u00e9vue \u00e0\nl'article R.1311-3 du code de la sant\u00e9\npublique\n  Direction de la veille et s\u00e9curit\u00e9 sanitaire  Assistante Hygi\u00e8ne et Salubrit\u00e9 - IDF-2025-06-25-00014 - D\u00e9cision n\u00b0 DVSS - 2025 / 015\nPortant habilitation de l'organisme \u00abCASTLE TATTOO ACADEMY\u00bb \u00e0 dispenser la formation pr\u00e9vue \u00e0 l'article R.1311-3 du code de la\nsant\u00e9\npublique\n6\nREPUBLIQUEFRANCAISELibert\u00e9Egalit\u00e9Fraternit\u00e9\nAr\u00a9 \u00bb Agence R\u00e9gionale de Sant\u00e9Ile-de-France\n \n \n13 rue du Landy \n93200 Saint-Denis \nT\u00e9l : 01 44 02 00 00 \nwww.iledefrance.ars.sante.fr \n \n \n \n \n \n \n \nAGENCE R\u00c9GIONALE DE SANT\u00c9 \u00ceLE-DE-FRANCE \nD\u00e9cision N\u00b0 DVSS \u2013 2025 / 015 \n \nPortant habilitation de l'organisme \u00abCASTLE TATTOO ACADEMY\u00bb   \n\u00e0 dispenser la formation pr\u00e9vue \u00e0 l'article R.1311-3 du code de la sant\u00e9 \npublique \n \n \nLe Directeur G\u00e9n\u00e9ral de l'Agence R\u00e9gionale de Sant\u00e9 Ile-de-France \n \n \n \n \n \nVu le code de la sant\u00e9 publique, notamment son article R.1311-3 ; \n \nVu le code du travail, notamment son article R.6351-1 ; \n \nVu l'arr\u00eat\u00e9 du 5 mars 2024 modifi\u00e9 pris en application de l'article R. 1311-3 du code de la sant\u00e9 publique \net relatif \u00e0 la formation des personnes qui mettent en \u0153uvre les techniques de tatouage par effraction \ncutan\u00e9e, y compris la technique du maquillage permanent, et de per\u00e7age corporel ;  \n \nVu le d\u00e9cret n\u00b0 2010-336 du 31 mars 2010 portant cr\u00e9ation des agences r\u00e9gionales de sant\u00e9 ;  \n \nVu l'arr\u00eat\u00e9 n\u00b0 DS-037-2024 du 29  avril 2024 portant d\u00e9l\u00e9gation de signature \u00e0 M adame C\u00e9cile \nSOMARRIBA, Directrice de la veille et s\u00e9curit\u00e9 sanitaires , \u00e0 effet de signer tous les  actes relevant de \nsa direction ; \n \nVu la demande  de renouvellement d'habilitation suite \u00e0 l'arr\u00eat\u00e9 du 5 mars 2024 modifi\u00e9  \u00e0 l'\u00e9valuation \ndans des locaux sis \u00e0 PARIS (11\u00e8me) \u2013 Centre Herm\u00e8s \u2013 10 cit\u00e9 Joly - pr\u00e9sent\u00e9e par la soci\u00e9t\u00e9 \u00abCASTLE \nTATTOO ACADEMY\u00bb le 16 mai 2025, soci\u00e9t\u00e9 d\u00e9clar\u00e9e en tant qu'organisme de formation aupr\u00e8s de la \nDREETS Occitanie  sous le num\u00e9ro 76 3410499834  ; \n \nVu les pi\u00e8ces du dossier ; \n \nD\u00c9CIDE \n \nArticle 1 \n \nLa soci\u00e9t\u00e9 \u00abCASTLE TATTOO ACADEMY  \u00bb, dont le si\u00e8ge social est sis  2A avenue Lepic \u2013 34070 \nMONTPELLIER et dont le repr\u00e9sentant l\u00e9gal est Madame Nathalie AMARO, est habilit\u00e9e \u00e0 effectuer les \nformations et les \u00e9valuations  selon les modalit\u00e9s de l'arr\u00eat\u00e9 du 5 mars 2024 modifi\u00e9 sus -mentionn\u00e9, \ndans les locaux sis Centre Herm\u00e8s \u2013 10 Cit\u00e9 Joly \u2013 75011 PARIS des candidats ayant suivi la formation \npr\u00e9vue \u00e0 l'article R.1311 -3 du code de la sant\u00e9 publique ou la mise \u00e0 jour quinquennale des \nconnaissances et des comp\u00e9tences. \n \n \n \n            \u2026/\u2026 \n \n  \n  Direction de la veille et s\u00e9curit\u00e9 sanitaire  Assistante Hygi\u00e8ne et Salubrit\u00e9 - IDF-2025-06-25-00014 - D\u00e9cision n\u00b0 DVSS - 2025 / 015\nPortant habilitation de l'organisme \u00abCASTLE TATTOO ACADEMY\u00bb \u00e0 dispenser la formation pr\u00e9vue \u00e0 l'article R.1311-3 du code de la\nsant\u00e9\npublique\n7\n \n            \n \n \nArticle 2 \n \nLa pr\u00e9sente d\u00e9cision peut, dans un d\u00e9lai de deux mois \u00e0 compter de sa notification faire l'objet d'un \nrecours contentieux devant le tribunal administratif territorialement comp\u00e9tent. Le tribunal administratif \npeut \u00eatre saisi par l'application informatique \u00ab T\u00e9l\u00e9recours citoyens \u00bb accessible par le site internet \nwww.telerecours.fr \n \nArticle 3 \n \nLa directrice de la veille et s\u00e9curit\u00e9 sanitaires de l'agence r\u00e9gionale de sant\u00e9 Ile-de-France est charg\u00e9e \nde l'ex\u00e9cution de la pr\u00e9sente d\u00e9cision qui sera publi\u00e9e au recueil des actes administratifs de la \npr\u00e9fecture de la r\u00e9gion Ile-de-France. \n \n            \n     \n \nSaint-Denis, le 25 juin 2025 \n \nPour le Directeur G\u00e9n\u00e9ral  \nde l'Agence R\u00e9gionale de Sant\u00e9  \nIle-de-France \n \nLa Directrice de la veille et s\u00e9curit\u00e9 \nsanitaires \n \n \n \n \nC\u00e9cile SOMARRIBA \n \n \n \n \n \n \n    /2 \n \n  Direction de la veille et s\u00e9curit\u00e9 sanitaire  Assistante Hygi\u00e8ne et Salubrit\u00e9 - IDF-2025-06-25-00014 - D\u00e9cision n\u00b0 DVSS - 2025 / 015\nPortant habilitation de l'organisme \u00abCASTLE TATTOO ACADEMY\u00bb \u00e0 dispenser la formation pr\u00e9vue \u00e0 l'article R.1311-3 du code de la\nsant\u00e9\npublique\n8\n  Direction de la veille et s\u00e9curit\u00e9 sanitaire \nAssistante Hygi\u00e8ne et Salubrit\u00e9\nIDF-2025-06-25-00013\nD\u00e9cision n\u00b0 DVSS - 2025 / 016 portant\nhabilitation de l'organisme \u00abDAFSI FORMATION\u00bb\n\u00e0 dispenser la formation pr\u00e9vue \u00e0 l'article\nR.1311-3 du code de la sant\u00e9 publique\n  Direction de la veille et s\u00e9curit\u00e9 sanitaire  Assistante Hygi\u00e8ne et Salubrit\u00e9 - IDF-2025-06-25-00013 - D\u00e9cision n\u00b0 DVSS - 2025 / 016\nportant habilitation de l'organisme \u00abDAFSI FORMATION\u00bb \u00e0 dispenser la formation pr\u00e9vue \u00e0 l'article R.1311-3 du code de la sant\u00e9\npublique\n9\nREPUBLIQUEFRANCAISELibert\u00e9Egalit\u00e9Fraternit\u00e9\nAr\u00a9 \u00bb Agence R\u00e9gionale de Sant\u00e9Ile-de-France\n \n \n13 rue du Landy \n93200 Saint-Denis \nT\u00e9l : 01 44 02 00 00 \nwww.iledefrance.ars.sante.fr \n \n \n \n \n \n \n \nAGENCE R\u00c9GIONALE DE SANT\u00c9 \u00ceLE-DE-FRANCE \nD\u00e9cision N\u00b0 DVSS \u2013 2025 / 016 \n \nPortant habilitation de l'organisme \u00abDAFSI FORMATION\u00bb   \n\u00e0 dispenser la formation pr\u00e9vue \u00e0 l'article R.1311-3  \ndu code de la sant\u00e9 publique \n \n \nLe Directeur G\u00e9n\u00e9ral de l'Agence R\u00e9gionale de Sant\u00e9 Ile-de-France \n \n \n \n \n \nVu le code de la sant\u00e9 publique, notamment son article R.1311-3 ; \n \nVu le code du travail, notamment son article R.6351-1 ; \n \nVu l'arr\u00eat\u00e9 du 5 mars 2024 modifi\u00e9 pris en application de l'article R. 1311-3 du code de la sant\u00e9 publique \net relatif \u00e0 la formation des personnes qui mettent en \u0153uvre les techniques de tatouage par effraction \ncutan\u00e9e, y compris la technique du maquillage permanent, et de per\u00e7age corporel ;  \n \nVu le d\u00e9cret n\u00b0 2010-336 du 31 mars 2010 portant cr\u00e9ation des agences r\u00e9gionales de sant\u00e9 ;  \n \nVu l'arr\u00eat\u00e9 n\u00b0 DS-037-2024 du 29  avril 2024 portant d\u00e9l\u00e9gation de signature \u00e0 M adame C\u00e9cile \nSOMARRIBA, Directrice de la veille et s\u00e9curit\u00e9 sanitaires , \u00e0 effet de signer tous les  actes relevant de \nsa direction ; \n \nVu la demande d'habilitation \u00e0 l'\u00e9valuation dans des locaux sis \u00e0 PARIS, PONTAULT COMBAULT, \nPONTOISE et ANDRESY  pr\u00e9sent\u00e9e par la soci\u00e9t\u00e9 \u00ab DAFSI FORMATION \u00bb le  20 juin  2025, soci\u00e9t\u00e9 \nd\u00e9clar\u00e9e en tant qu'organisme de formation aupr\u00e8s de la DIRECCTE Ile-de-France sous le num\u00e9ro  \n11 941100794 ; \n \nVu les pi\u00e8ces du dossier ; \n \nD\u00c9CIDE \n \nArticle 1 \n \nLa soci\u00e9t\u00e9 \u00abDAFSI FORMATION\u00bb, dont le si\u00e8ge social est sis 20 avenue Pierre Billotte \u2013 CRETEIL (94) \net dont le repr\u00e9sentant l\u00e9gal est M adame Samantha GARNERONE , est habilit\u00e9e \u00e0 effectuer les \nformations et les \u00e9valuations, dans les locaux sis  des candidats ayant suivi la formation pr\u00e9vue \u00e0 l'article \nR.1311-3 du code de la sant\u00e9 publique ou la mise \u00e0 jour quinquennale des connaissances et des \ncomp\u00e9tences. \n \n \n \n            \u2026/\u2026 \n \n  \n  Direction de la veille et s\u00e9curit\u00e9 sanitaire  Assistante Hygi\u00e8ne et Salubrit\u00e9 - IDF-2025-06-25-00013 - D\u00e9cision n\u00b0 DVSS - 2025 / 016\nportant habilitation de l'organisme \u00abDAFSI FORMATION\u00bb \u00e0 dispenser la formation pr\u00e9vue \u00e0 l'article R.1311-3 du code de la sant\u00e9\npublique\n10\n \n            \n \n \nArticle 2 \n \nLa pr\u00e9sente d\u00e9cision peut, dans un d\u00e9lai de deux mois \u00e0 compter de sa notification faire l'objet d'un \nrecours contentieux devant le tribunal administratif territorialement comp\u00e9tent. Le tribunal administratif \npeut \u00eatre saisi par l'application informatique \u00ab T\u00e9l\u00e9recours citoyens \u00bb accessible par le site internet \nwww.telerecours.fr \n \nArticle 3 \n \nLa directrice de la veille et s\u00e9curit\u00e9 sanitaires de l'agence r\u00e9gionale de sant\u00e9 Ile-de-France est charg\u00e9e \nde l'ex\u00e9cution de la pr\u00e9sente d\u00e9cision qui sera publi\u00e9e au recueil des actes administratifs de la \npr\u00e9fecture de la r\u00e9gion Ile-de-France. \n \n            \n     \n \nSaint-Denis, le 25 juin 2025 \n \nPour le Directeur G\u00e9n\u00e9ral  \nde l'Agence R\u00e9gionale de Sant\u00e9  \nIle-de-France \n \nLa Directrice de la veille et s\u00e9curit\u00e9 \nsanitaires \n \n \n \n \nC\u00e9cile SOMARRIBA \n \n \n \n \n \n \n    /2 \n  Direction de la veille et s\u00e9curit\u00e9 sanitaire  Assistante Hygi\u00e8ne et Salubrit\u00e9 - IDF-2025-06-25-00013 - D\u00e9cision n\u00b0 DVSS - 2025 / 016\nportant habilitation de l'organisme \u00abDAFSI FORMATION\u00bb \u00e0 dispenser la formation pr\u00e9vue \u00e0 l'article R.1311-3 du code de la sant\u00e9\npublique\n11\nPr\u00e9fecture de la R\u00e9gion d'Ile de France,\nPr\u00e9fecture de Paris -Secr\u00e9tariat g\u00e9n\u00e9ral aux\nmoyens mutualis\u00e9s\nIDF-2025-06-26-00002\nArr\u00eat\u00e9 modifiant l'arr\u00eat\u00e9 du 3 avril 2023 fixant la\ncomposition de la section r\u00e9gionale\nd'\u00cele-de-France du comit\u00e9 interminist\u00e9riel\nconsultatif d'action sociale des administrations\nde l'\u00c9tat\nPr\u00e9fecture de la R\u00e9gion d'Ile de France, Pr\u00e9fecture de Paris -Secr\u00e9tariat g\u00e9n\u00e9ral aux moyens mutualis\u00e9s - IDF-2025-06-26-00002 - Arr\u00eat\u00e9\nmodifiant l'arr\u00eat\u00e9 du 3 avril 2023 fixant la composition de la section r\u00e9gionale d'\u00cele-de-France du comit\u00e9 interminist\u00e9riel consultatif\nd'action sociale des administrations de l'\u00c9tat\n12\nE IPREFET |DE LA REGIOND'\u00ceLE-DE-FRANCELibert\u00e9Egalit\u00e9Fraternit\u00e9\n  \n \nArr\u00eat\u00e9 \nmodifiant l'arr\u00eat\u00e9 du 3 avril 2023 fixant la composition de la section r\u00e9gionale d'\u00cele-\nde-France du comit\u00e9 interminist\u00e9riel consultatif d'action sociale des administrations \nde l'\u00c9tat \n \nLe pr\u00e9fet de la r\u00e9gion d'\u00cele-de-France, pr\u00e9fet de Paris \nCommandeur de la l\u00e9gion d'honneur \nCommandeur de l'ordre national du m\u00e9rite \n \nVu les articles L731-1 \u00e0 L731-5 du code g\u00e9n\u00e9ral de la Fonction Publique ; \n  \nVu le d\u00e9cret n\u00b0 2004-374 du 29 avril 2004 relatif a ux pouvoirs des pr\u00e9fets, \u00e0 \nl'organisation et \u00e0 l'action des services de l'Etat dans les r\u00e9gions et d\u00e9partements ; \n  \nVu le d\u00e9cret n\u00b0 2006-21 du 6 janvier 2006 relatif \u00e0  l'action sociale au b\u00e9n\u00e9fice des \npersonnels de l'\u00c9tat ; \n  \nVu l'arr\u00eat\u00e9 du 29 juin 2006 fixant la composition et le fonctionnement des sections \nr\u00e9gionales du comit\u00e9 interminist\u00e9riel consultatif d'action sociale des administrations \nde l'\u00c9tat ; \n  \nVu le d\u00e9cret NOR INTA2002735D du 22 juillet 2020 nommant M. Marc GUILLAUME, \npr\u00e9fet de la r\u00e9gion d'\u00cele-de-France, pr\u00e9fet de Paris  ;  \n  \nVu l'arr\u00eat\u00e9 du 21 janvier 2010 modifiant l'arr\u00eat\u00e9 du 29 juin 2006 fixant la composition \net le fonctionnement des sections r\u00e9gionales du com it\u00e9 interminist\u00e9riel consultatif \nd'action sociale des administrations de l'\u00c9tat  ; \n \nVu l'arr\u00eat\u00e9 pr\u00e9fectoral IDF-2023-04-03-00002 du 3 a vril 2023 modifi\u00e9 fixant la \ncomposition de la section r\u00e9gionale d'\u00cele-de-France  du comit\u00e9 interminist\u00e9riel \nconsultatif d'action sociale des administrations de l'Etat  ; \n \nSur proposition des chefs des services d\u00e9concentr\u00e9s des administrations de l'Etat en \n\u00cele-de-France  ; \n \nSur proposition des organisations syndicales  ; \n  \nSur proposition du pr\u00e9fet, secr\u00e9taire g\u00e9n\u00e9ral aux moyens mutualis\u00e9s,  \n \nARRETE \n \n \nArticle 1 \ner  : L'arr\u00eat\u00e9 pr\u00e9fectoral du 3 avril 2023 susvis\u00e9 est modifi\u00e9 comme suit : \nPr\u00e9fecture de la R\u00e9gion d'Ile de France, Pr\u00e9fecture de Paris -Secr\u00e9tariat g\u00e9n\u00e9ral aux moyens mutualis\u00e9s - IDF-2025-06-26-00002 - Arr\u00eat\u00e9\nmodifiant l'arr\u00eat\u00e9 du 3 avril 2023 fixant la composition de la section r\u00e9gionale d'\u00cele-de-France du comit\u00e9 interminist\u00e9riel consultatif\nd'action sociale des administrations de l'\u00c9tat\n13\nEPR\u00c9FET _DE LA R\u00c9GIOND'\u00ceLE-DE-FRANCELibert\u00e9Egalit\u00e9Fraternit\u00e9\n  \n \n1. A l'article 1er, coll\u00e8ge des \u00ab Repr\u00e9sentants de l'administration \u00bb (12 titulaires et 12 \nsuppl\u00e9ants), est modifi\u00e9 comme suit :  \n \nPr\u00e9fecture de la r\u00e9gion d'Ile-de-France, pr\u00e9fecture de Paris : \n \nSuppl\u00e9ant  :  \nM.  Christophe RENGNET-FONTAINE \n \nDRAC Ile-de-France \n \nTitulaire  : \nM. Nabil LAHIANE \n \nSuppl\u00e9ant  : \nMme Sophie MIDDLETON \n \n2. A l'article 1er, coll\u00e8ge des \u00ab Repr\u00e9sentants des or ganisations syndicales \u00bb (13 \ntitulaires et 13 suppl\u00e9ants), est modifi\u00e9 comme suit :  \n \nForce ouvri\u00e8re  : \n \nTitulaire  : \nM. Gilberto SAINT-NARCISSE \n \nSuppl\u00e9ants  : \nMme Douba SALHI \nM. J\u00e9r\u00e9my DUCOLOMBIER \n \n \nArticle 2 : La liste actualis\u00e9e de l'ensemble des membres composant la  section \nr\u00e9gionale \u00cele-de-France du comit\u00e9 interminist\u00e9riel consultatif d'action sociale (SRIAS) \ndes administrations de l'\u00c9tat figure en annexe du pr\u00e9sent arr\u00eat\u00e9 pr\u00e9fectoral. \n \nArticle 3 : Le pr\u00e9fet de la r\u00e9gion d'\u00cele-de-France,  pr\u00e9fet de Paris, est charg\u00e9 de \nl'ex\u00e9cution du pr\u00e9sent arr\u00eat\u00e9 qui sera publi\u00e9 au recueil des actes administratifs de la \npr\u00e9fecture de la r\u00e9gion d'\u00cele-de-France, pr\u00e9fecture de Paris. \n \nFait \u00e0 Paris, le 25 juin 2025 \n \nPour le pr\u00e9fet de la r\u00e9gion d'Ile-de-France,  \nPr\u00e9fet de Paris et par d\u00e9l\u00e9gation \nLe pr\u00e9fet, secr\u00e9taire g\u00e9n\u00e9ral aux moyens \nmutualis\u00e9s de la pr\u00e9fecture de la r\u00e9gion d'Ile-de-\nFrance, pr\u00e9fecture de Paris \n \nSIGN\u00c9 \n \nSt\u00e9phane BRUNOT \nPr\u00e9fecture de la R\u00e9gion d'Ile de France, Pr\u00e9fecture de Paris -Secr\u00e9tariat g\u00e9n\u00e9ral aux moyens mutualis\u00e9s - IDF-2025-06-26-00002 - Arr\u00eat\u00e9\nmodifiant l'arr\u00eat\u00e9 du 3 avril 2023 fixant la composition de la section r\u00e9gionale d'\u00cele-de-France du comit\u00e9 interminist\u00e9riel consultatif\nd'action sociale des administrations de l'\u00c9tat\n14\nEPR\u00c9FET _DE LA R\u00c9GIOND'\u00ceLE-DE-FRANCELibert\u00e9Egalit\u00e9Fraternit\u00e9\n  \n \n \nANNEXE \n \n- 12 repr\u00e9sentants de l'administration dont : \n \nTitulaires \n \nM. Jean-Fran\u00e7ois LABORIE - Minist\u00e8re de l'Europe et des Affaires \u00c9trang\u00e8res \nMme Sandrine VANDERHOVEN \u2013 Minist\u00e8re de l'\u00c9conomie,  des Finances et de la \nSouverainet\u00e9 Industrielle et Num\u00e9rique \nM. Yves RUELLE - Minist\u00e8re de l'\u00c9conomie, des Finances et de la Souverainet\u00e9 \nIndustrielle et Num\u00e9rique \nM. Christophe LAURENT - Rectorat de l'acad\u00e9mie de Versailles \nMme St\u00e9phanie MECHINE - Rectorat de l'acad\u00e9mie de Paris \nMme Djamila HURAULT - DRIHL/UD75 \nMme Isabelle DALU - DRIEETS \nM. Beno\u00eet GUERARD - Minist\u00e8re de la justice \nM. Bernard PHILIPPE - Minist\u00e8re des Arm\u00e9es \nM. Nabil LAHIANE - DRAC Ile-de-France \nMme Coralie BOUET-LAHOULETTE - Rectorat de l'acad\u00e9mie de Cr\u00e9teil \nMme Sarah ZLOTAGORA - Services du Premier ministre \n \nSuppl\u00e9ants \n \nM. Christophe RENGNET-FONTAINE - Pr\u00e9fecture de la r\u00e9gion d'\u00cele-de-France \nMme Corine AGOU - Minist\u00e8re de l'\u00c9conomie, des Fina nces et de la Souverainet\u00e9 \nIndustrielle et Num\u00e9rique \nM. Christian BOSC - Minist\u00e8re de l'\u00c9conomie, des Finances et de la Souverainet\u00e9 \nIndustrielle et Num\u00e9rique \nMme Cathy HANQUIER - Rectorat de l'acad\u00e9mie de Versailles \nM. Felix SALMON - Rectorat de l'acad\u00e9mie de Paris \nM. C\u00e9dric LARVET - DRIHL/UD75 \nMme Bouchra MASMOUDI \u2013 Minist\u00e8re de l'Agriculture \nMme Anne FICHOU-GENTE \u2013 Minist\u00e8re de la justice \nMme FRAN\u00c7AIS Claire - Minist\u00e8re des Arm\u00e9es \nMme Sophie MIDDLETON - DRAC \u00cele-de-France \nMme Alexandra BEAUPEL - Rectorat de l'acad\u00e9mie de Cr\u00e9teil \nMme Jocelyne ZECLER - Services du Premier ministre  \n \n   \n- 13 repr\u00e9sentants des organisations syndicales, \u00e0 savoir : \n \nTitulaires \n \nM. Gilberto SAINT-NARCISSE - FO \nMme Arya BOCQUET - FO \nM. David BEN ASSAYA - FO \nPr\u00e9fecture de la R\u00e9gion d'Ile de France, Pr\u00e9fecture de Paris -Secr\u00e9tariat g\u00e9n\u00e9ral aux moyens mutualis\u00e9s - IDF-2025-06-26-00002 - Arr\u00eat\u00e9\nmodifiant l'arr\u00eat\u00e9 du 3 avril 2023 fixant la composition de la section r\u00e9gionale d'\u00cele-de-France du comit\u00e9 interminist\u00e9riel consultatif\nd'action sociale des administrations de l'\u00c9tat\n15\nEPR\u00c9FET _DE LA R\u00c9GIOND'\u00ceLE-DE-FRANCELibert\u00e9Egalit\u00e9Fraternit\u00e9\n  \n \nMme Rachida BOUGHAZI - FSU \nM. Patrice LEGUERINAIS - FSU \nMme Laurence PASCAL - UNSA \nMme C\u00e9line FOUET \u2013 UNSA \nM. Fr\u00e9d\u00e9ric DEBRIEU - CFDT \nMme Nadia ITCHIR - CFDT \nM. Julien ANGWE NZE - CGT \nMme Sophie HOUPILLART - CGT \nMme Val\u00e9rie RAQUEL - CFE-CGC \nM. Henri LOPEZ \u2013 Solidaires FP \n \nSuppl\u00e9ants \n \nMme Dalila BOUDADA - FO \nMme Douba SALHI - FO \nM. J\u00e9r\u00e9my DUCOLOMBIER - FO \nMme Monique COQ \u2013 FSU  \nM. Youssef CHOUKRI \u2013 FSU \nM. Fr\u00e9d\u00e9ric TISLER - UNSA \nM. Dominique DI PONIO \u2013 UNSA \nMme Anne IRIUS-LESTIN - CFDT \nEn cours de nomination - CFDT \nMme Rapha\u00eble GRAFF-LUCIANI \u2013 CGT \u00cele-de-France \nMme Eliane BOCQUET - CGT \u00cele-de-France \nM. Majid BENYOUCEF - CFE-CGC \nM. Baptiste ALAGUILLAUME - Solidaires FP \n \n \n                                                                                     \n \n \nPr\u00e9fecture de la R\u00e9gion d'Ile de France, Pr\u00e9fecture de Paris -Secr\u00e9tariat g\u00e9n\u00e9ral aux moyens mutualis\u00e9s - IDF-2025-06-26-00002 - Arr\u00eat\u00e9\nmodifiant l'arr\u00eat\u00e9 du 3 avril 2023 fixant la composition de la section r\u00e9gionale d'\u00cele-de-France du comit\u00e9 interminist\u00e9riel consultatif\nd'action sociale des administrations de l'\u00c9tat\n16\nPr\u00e9fecture de la R\u00e9gion d'Ile de France,\nPr\u00e9fecture de Paris -Secr\u00e9tariat g\u00e9n\u00e9ral aux\nmoyens mutualis\u00e9s\nIDF-2025-06-25-00016\narr\u00eat\u00e9 modifiant l'arr\u00eat\u00e9 n\u00b02023-06-27-00008\nportant nomination des membres du comit\u00e9\nlocal d'Ile- de-France du fonds pour l'insertion\ndes personnes handicap\u00e9es dans la fonction\npublique\nPr\u00e9fecture de la R\u00e9gion d'Ile de France, Pr\u00e9fecture de Paris -Secr\u00e9tariat g\u00e9n\u00e9ral aux moyens mutualis\u00e9s - IDF-2025-06-25-00016 - arr\u00eat\u00e9\nmodifiant l'arr\u00eat\u00e9 n\u00b02023-06-27-00008 portant nomination des membres du comit\u00e9 local d'Ile- de-France du fonds pour l'insertion des\npersonnes handicap\u00e9es dans la fonction publique\n17\n\u2014\u2014 \u00c0Libert\u00e9 + Egalit\u00e9 + Fraternit\u00e9R\u00c9PUBLIQUE FRAN\u00c7AISE\n \n \nPR\u00c9FET DE LA R\u00c9GION D'ILE-DE-FRANCE \n \nARRETE MODIFIANT  \nL'ARRETE N\u00b02023-06-27-00008  \nPORTANT NOMINATION DES MEMBRES \nDU COMITE LOCAL D'ILE- DE- FRANCE DU FONDS POUR L'INSERTION DES \nPERSONNES HANDICAPEES DANS LA FONCTION PUBLIQUE \n \n=========== \n \nLE PREFET DE LA REGION D'ILE-DE-FRANCE, \nPREFET DE PARIS \nOFFICIER DE LA LEGION D'HONNEUR \nOFFICIER DE L'ORDRE NATIONAL DU MERITE \n \n \n \nVU  le code du travail , notamment ses articles L.5212-1 et L.5214-1 ; \n \nVU  la loi n\u00b02005-102 modifi\u00e9e du 11 f\u00e9vrier 2005  pour l'\u00e9galit\u00e9 des droits et des \nchances, la participation et la citoyennet\u00e9 des per sonnes handicap\u00e9es, notamment \nson article 36 ; \n \nVU  la loi n\u00b0 2015-988 du 5 ao\u00fbt 2015 ratifiant l'o rdonnance n\u00b0 2014-1090 du 26 \nseptembre 2014 relative \u00e0 la mise en accessibilit\u00e9 des \u00e9tablisseme nts recevant du \npublic, des transports publics, des b\u00e2timents d'hab itation et de la voirie pour les \npersonnes handicap\u00e9es et visant \u00e0 favoriser l'acc\u00e8s  au service civique pour les \njeunes en situation de handicap ; \n \nVU  le d\u00e9cret n\u00b0 2006-501 modifi\u00e9 du 3 mai 2006  relatif au Fonds pour l'insertion des \npersonnes handicap\u00e9es dans la fonction publique ; \n \nVU   l'arr\u00eat\u00e9 n\u00b02023-06-27-00008 du 27 juin 2023 modifi\u00e9 portant nomination des membres \ndu comit\u00e9 local d'Ile-de-France du Fonds pour l'ins ertion des personnes handicap\u00e9es \ndans la fonction publique, \n \nSUR   proposition du pr\u00e9fet, secr\u00e9taire g\u00e9n\u00e9ral aux moy ens mutualis\u00e9s de la pr\u00e9fecture de \nla r\u00e9gion d'Ile-de-France, pr\u00e9fecture de Paris, \n \n \nARRETE \n \n \nArticle 1er : L'article 1er de l'arr\u00eat\u00e9 pr\u00e9fectoral n\u00b02023-06-27-00008 du 27 juin 2023 susvis\u00e9 \nest modifi\u00e9 comme suit : les mots \u00ab Monsieur St\u00e9pha ne FAURE, conseiller en action sociale \net en environnement professionnel de la PFRH d'Ile- de-France  \u00bb sont remplac\u00e9s par les \nmots \u00ab Monsieur Christophe RENGNET-FONTAINE, consei ller en action sociale et en \nenvironnement professionnel de la PFRH d'Ile-de-France  \u00bb.  \n \n \n \nPr\u00e9fecture de la R\u00e9gion d'Ile de France, Pr\u00e9fecture de Paris -Secr\u00e9tariat g\u00e9n\u00e9ral aux moyens mutualis\u00e9s - IDF-2025-06-25-00016 - arr\u00eat\u00e9\nmodifiant l'arr\u00eat\u00e9 n\u00b02023-06-27-00008 portant nomination des membres du comit\u00e9 local d'Ile- de-France du fonds pour l'insertion des\npersonnes handicap\u00e9es dans la fonction publique\n18\nArticle 2 : L'article 3 de l'arr\u00eat\u00e9 pr\u00e9fectoral n\u00b02023-06-27- 00008 du 27 juin 2023 susvis\u00e9 est \nmodifi\u00e9 comme suit : les mots \u00ab Madame Najoua BENFE LLA, directrice territoriale au \nhandicap pour l'Ile-de-France, repr\u00e9sentante de la Caisse des d\u00e9p\u00f4ts et consignations, \ndirectrice r\u00e9gionale adjointe Ile-de-France - Banqu e des territoires  \u00bb sont remplac\u00e9s par les \nmots \u00ab Monsieur Franck LASADE, directeur territoria l FIPHFP \u2013 Banque des Territoires \u2013 \nDirection r\u00e9gionale Ile-de-France \u00bb.  \n \nArticle 3 : La liste des membres du comit\u00e9 local d'Ile-de-Franc e du Fonds pour l'insertion \ndes personnes handicap\u00e9es dans la fonction publique , telle que r\u00e9sultant des modifications \napport\u00e9es par le pr\u00e9sent arr\u00eat\u00e9, et des disposition s modifi\u00e9es de l'arr\u00eat\u00e9 du 27 juin 2023 \npr\u00e9cit\u00e9, figure en annexe du pr\u00e9sent arr\u00eat\u00e9 pour information. \n \n \nArticle 4 : Le pr\u00e9fet, secr\u00e9taire g\u00e9n\u00e9ral aux moyens mutuali s\u00e9s de la pr\u00e9fecture de la r\u00e9gion \nd'Ile-de-France, pr\u00e9fecture de Paris, est charg\u00e9 de  l'ex\u00e9cution du pr\u00e9sent arr\u00eat\u00e9 qui sera \npubli\u00e9 au recueil des actes administratifs de la pr \u00e9fecture de la r\u00e9gion d'Ile-de-France, \npr\u00e9fecture de Paris et accessible sur le site inter net de la pr\u00e9fecture de la r\u00e9gion d'Ile-de-\nFrance. \n \n \n \n Fait \u00e0 Paris, le 25 juin 2025 \n \n \n \nPour le pr\u00e9fet de la r\u00e9gion d'Ile-de-France,  \nPr\u00e9fet de Paris et par d\u00e9l\u00e9gation \nLe pr\u00e9fet, secr\u00e9taire g\u00e9n\u00e9ral aux moyens \nmutualis\u00e9s de la pr\u00e9fecture de la r\u00e9gion d'Ile-de-\nFrance, pr\u00e9fecture de Paris \n \n \nSIGN\u00c9 \n \nSt\u00e9phane BRUNOT \n \n \n \n \n \n \n \n \n \n \n \n \n \n \n \n \n \n \n \n \n \n \n \nPr\u00e9fecture de la R\u00e9gion d'Ile de France, Pr\u00e9fecture de Paris -Secr\u00e9tariat g\u00e9n\u00e9ral aux moyens mutualis\u00e9s - IDF-2025-06-25-00016 - arr\u00eat\u00e9\nmodifiant l'arr\u00eat\u00e9 n\u00b02023-06-27-00008 portant nomination des membres du comit\u00e9 local d'Ile- de-France du fonds pour l'insertion des\npersonnes handicap\u00e9es dans la fonction publique\n19\nAnnexe de l'arr\u00eat\u00e9 modifiant l'arr\u00eat\u00e9 pr\u00e9fectoral n\u00b02023-06-27-00008 du 27 juin 2023 \nportant nomination des membres du comit\u00e9 local d'Ile-de-France du Fonds pour \nl'insertion des personnes handicap\u00e9es dans la fonction publique, \n \nListe des membres du comit\u00e9 local d'Ile-de-France du Fonds pour l'insertion des \npersonnes handicap\u00e9es dans la fonction publique, telle que r\u00e9sultant des \nmodifications apport\u00e9es par le pr\u00e9sent arr\u00eat\u00e9, et des dispositions modifi\u00e9es de l'arr\u00eat\u00e9 \ndu 27 juin 2023 pr\u00e9cit\u00e9 \n \n \n \nAu titre des repr\u00e9sentants de la fonction publique de l'Etat : \n \n\u2022 Le pr\u00e9fet de la r\u00e9gion d'Ile-de-France ou son repr \u00e9sentant, pr\u00e9sident,  \n \nEn qualit\u00e9 de membres titulaires \n\u2022 Monsieur Yann-Ga\u00ebl JAFFR\u00c9, directeur de la plate-f orme r\u00e9gionale d'appui \ninterminist\u00e9riel \u00e0 la gestion des ressources humaines (PFRH) d'Ile-de-France, \n\u2022 Monsieur Julien LABEYRIE, directeur des ressources  humaines de l'Universit\u00e9 \nPanth\u00e9on-Assas. \n \nEn qualit\u00e9 de membres suppl\u00e9ants \n\u2022 Monsieur Christophe RENGNET-FONTAINE, conseiller e n action sociale et en \nenvironnement professionnel de la PFRH d'Ile-de-France, \n\u2022 Madame Nellie VACHET, direction des ressources hum aines et des organisations de \nl'universit\u00e9 Paris-Cit\u00e9. \n \nAu titre de repr\u00e9sentants des employeurs de la fonction publique territoriale : \n \nEn qualit\u00e9 de membres titulaires \n\u2022 Madame C\u00e9line MARTIN, 2\u00e8me adjointe au maire de Vi ncennes (94), \n\u2022 Monsieur Daniel CORNALBA, maire de l'Etang-la-Vill e (78), \n\u2022 Madame Fran\u00e7oise DESCAMPS-CROSNIER, conseill\u00e8re mu nicipale de Rosny-sur-\nSeine (78). \n \nEn qualit\u00e9 de membres suppl\u00e9ants \n\u2022 Madame Le\u00efla SLIMANE, adjointe au maire de Pantin (93), \n\u2022 Madame Sita DIARRASSOUBA-CISSE, conseill\u00e8re munici pale de Villiers-sur-Marne \n(94), \n\u2022 Madame H\u00e9l\u00e8ne LERAITRE, adjointe au maire de Saint -Maur-des-Foss\u00e9s (94). \n \nAu titre de repr\u00e9sentants des employeurs de la fonction publique hospitali\u00e8re : \n \nEn qualit\u00e9 de membres titulaires \n\u2022 Monsieur J\u00e9r\u00f4me SONTAG, directeur du p\u00f4le RH du GH T Plaine-de-France et \ndirecteur d\u00e9l\u00e9gu\u00e9 du CH de Gonesse, \n\u2022 Madame Emeline LACROZE, directrice de l'ESAT Marso ulan - IME Livry-Gargan et \nde l'IME Jean-Marc Itard. \n  \nEn qualit\u00e9 de membres suppl\u00e9ants \n\u2022 Madame Isabelle PERSEC, d\u00e9l\u00e9gu\u00e9e r\u00e9gionale FHF Ile -de-France, \n\u2022 Monsieur \u00c9ric CLAPIER, d\u00e9l\u00e9gu\u00e9 r\u00e9gional adjoint FH F Ile-de-France. \n \nPr\u00e9fecture de la R\u00e9gion d'Ile de France, Pr\u00e9fecture de Paris -Secr\u00e9tariat g\u00e9n\u00e9ral aux moyens mutualis\u00e9s - IDF-2025-06-25-00016 - arr\u00eat\u00e9\nmodifiant l'arr\u00eat\u00e9 n\u00b02023-06-27-00008 portant nomination des membres du comit\u00e9 local d'Ile- de-France du fonds pour l'insertion des\npersonnes handicap\u00e9es dans la fonction publique\n20\nAu titre de repr\u00e9sentants des personnels : \n  \nEn qualit\u00e9 de membres titulaires \n\u2022 Monsieur Hugues THIBAULT, CFE-CGC, \n\u2022 Monsieur Vincent GUERIN, CFDT, \n\u2022 Madame Solange SAIDI, FO, \n\u2022 Madame D\u00e9borah MARY, Solidaires, \n\u2022 Madame S\u00e9verine AUMONT, FA-FP, \n\u2022 Madame St\u00e9phanie LEPERA, CGT,  \n\u2022 Madame Sokom MARIGOT, UNSA, \n\u2022 Monsieur Patrice LEGUERINAIS, FSU. \n \nEn qualit\u00e9 de membres suppl\u00e9ants \n\u2022 Madame Asma FELIU, CFE-CGC, \n\u2022 En cours de d\u00e9signation, \n\u2022 Monsieur Quentin MELINE, FO, \n\u2022 En cours de d\u00e9signation,  \n\u2022 Monsieur Fabien GOLFIER, FA-FP \n\u2022 Madame Corine PEREUR, CGT, \n\u2022 Madame Ka\u00efna CHEKKAL, UNSA, \n\u2022 Madame Emmanuelle JOLLET, FSU. \n \nAu titre de repr\u00e9sentants des associations ou organ ismes regroupant des personnes \nhandicap\u00e9es : \n \nEn qualit\u00e9 de membres titulaires \n\u2022 Madame Sophie TORTOSA, Ligue fran\u00e7aise contre la s cl\u00e9rose en plaques, \n\u2022 Monsieur Pascal FLEURY, Association Valentin Ha\u00fcy,  \n\u2022 Monsieur Andr\u00e9 MASIN, AFG-Autisme, \n\u2022 Madame Alix VIEL, UNAFAM. \n \nEn qualit\u00e9 de membres suppl\u00e9ants \n\u2022 Monsieur Pierre-Emmanuel ROBERT, APF France Handic ap, \n\u2022 Madame Nacira SEDRANI, Association BienH\u00eatre, \n\u2022 Monsieur Pierre BONNARD, AFG-Autisme, \n\u2022 Madame Jacqueline CHATELAIN, UNAFAM. \n \nAssistent, sans voix d\u00e9lib\u00e9rative, aux s\u00e9ances du c omit\u00e9, la personne suivante \nd\u00e9sign\u00e9e en raison de ses comp\u00e9tences dans le domaine du handicap : \n \n\u2022 Monsieur Henri LOPEZ, expert handicap et r\u00e9f\u00e9rent handicap action sociale \ninterminist\u00e9rielle, \n\u2022 Madame Anne-C\u00e9cile RICHARD, d\u00e9l\u00e9gu\u00e9e r\u00e9gionale CHE OPS Ile-de-France, r\u00e9seau \nCap Emploi, \n\u2022 Madame Islam EL ACHAOUI, directrice du centre de r \u00e9adaptation professionnelle de \nSillery et membre de la FAGERH. \n \nAssistent \u00e9galement, sans voix d\u00e9lib\u00e9rative, aux s\u00e9ances du comit\u00e9 : \n \n\u2022 Le Directeur r\u00e9gional des finances publiques d'Ile -de-France et du d\u00e9partement de \nParis ou son repr\u00e9sentant, \n\u2022 Monsieur Franck LASADE, directeur territorial FIPH FP \u2013 Banque des Territoires \u2013 \nDirection r\u00e9gionale Ile-de-France. \n \nPr\u00e9fecture de la R\u00e9gion d'Ile de France, Pr\u00e9fecture de Paris -Secr\u00e9tariat g\u00e9n\u00e9ral aux moyens mutualis\u00e9s - IDF-2025-06-25-00016 - arr\u00eat\u00e9\nmodifiant l'arr\u00eat\u00e9 n\u00b02023-06-27-00008 portant nomination des membres du comit\u00e9 local d'Ile- de-France du fonds pour l'insertion des\npersonnes handicap\u00e9es dans la fonction publique\n21\nPr\u00e9fecture de la R\u00e9gion d'Ile de France,\nPr\u00e9fecture de Paris -Secr\u00e9tariat g\u00e9n\u00e9ral aux\nmoyens mutualis\u00e9s\nIDF-2025-06-25-00017\nArr\u00eat\u00e9 modifiant l'arr\u00eat\u00e9 pr\u00e9fectoral\nIDF-2023-03-02-00001 portant d\u00e9signation des\nmembres du comit\u00e9 social d'administration de\nproximit\u00e9 de la pr\u00e9fecture de la r\u00e9gion\nd'Ile-de-France, pr\u00e9fecture de Paris\nPr\u00e9fecture de la R\u00e9gion d'Ile de France, Pr\u00e9fecture de Paris -Secr\u00e9tariat g\u00e9n\u00e9ral aux moyens mutualis\u00e9s - IDF-2025-06-25-00017 - Arr\u00eat\u00e9\nmodifiant l'arr\u00eat\u00e9 pr\u00e9fectoral IDF-2023-03-02-00001 portant d\u00e9signation des membres du comit\u00e9 social d'administration de proximit\u00e9\nde la pr\u00e9fecture de la r\u00e9gion d'Ile-de-France, pr\u00e9fecture de Paris\n22\nEPR\u00c9FET _DE LA R\u00c9GIOND'\u00ceLE-DE-FRANCELibert\u00e9Egalit\u00e9Fraternit\u00e9\n  \n \nArr\u00eat\u00e9 \nmodifiant l'arr\u00eat\u00e9 pr\u00e9fectoral IDF-2023-03-02-00001 portant d\u00e9signation des membres du \ncomit\u00e9 social d'administration de proximit\u00e9 de la pr\u00e9fecture de la r\u00e9gion d'Ile-de-France, \npr\u00e9fecture de Paris \n \nLe pr\u00e9fet de la r\u00e9gion d'Ile-de-France, pr\u00e9fet de Paris \nCommandeur de la l\u00e9gion d'honneur \nCommandeur de l'ordre national du m\u00e9rite \n \nVu le code g\u00e9n\u00e9ral de la fonction publique  ; \nVu l'arr\u00eat\u00e9 du 3 juin 2022 instituant des comit\u00e9s s ociaux d'administration au sein des \nminist\u00e8res de l'int\u00e9rieur et des outre-mer ;  \nVu l'arr\u00eat\u00e9 pr\u00e9fectoral IDF-2023-03-02-00001 du 2 m ars 2023 modifi\u00e9 portant d\u00e9signation des \nmembres du comit\u00e9 social d'administration (CSA) de la pr\u00e9fecture de la r\u00e9gion d'Ile-de-\nFrance, pr\u00e9fecture de Paris ; \nVu le courriel en date du 19 juin 2025 transmis par le syndicat SAPACMI-UATS-UNSA faisant \n\u00e9tat de la mobilit\u00e9 exerc\u00e9e par Mme Nadia TALCONE, membre suppl\u00e9ante du comit\u00e9 social \nd'administration, vers une administration ne releva nt pas du p\u00e9rim\u00e8tre d'intervention du CSA \nde la pr\u00e9fecture de r\u00e9gion d'\u00cele-de-France, pr\u00e9fecture de Paris  ; \nSur d\u00e9signation du syndicat SAPACMI-UATS-UNSA en ap plication des dispositions des \narticles R252-25.2 et R252-26 alin\u00e9a 3 du code g\u00e9n\u00e9ral de la Fonction Publique  ; \nArr\u00eate : \nArticle 1 \ner \nL'article 2 de l'arr\u00eat\u00e9 pr\u00e9fectoral du 2 mars 2023 susvis\u00e9 est modifi\u00e9 par le 1\u00b0 ci-apr\u00e8s du \npr\u00e9sent article :  \n1\u00b0 Le quinzi\u00e8me alin\u00e9a relatif \u00e0 la d\u00e9signation d'un membre suppl\u00e9ant repr\u00e9sentant du \npersonnel au titre du SAPACMI-UATS-UNSA, est remplac\u00e9 par l'alin\u00e9a suivant :  \n\u00ab - M. Adel ZIDI  \u00bb \n \nArticle 2 \nLa liste des repr\u00e9sentants du personnel au sein du comit\u00e9 social d'administration de \nproximit\u00e9 de la pr\u00e9fecture de la r\u00e9gion d'Ile-de-Fr ance, pr\u00e9fecture de Paris, telle que r\u00e9sultant \ndes modifications apport\u00e9es par le pr\u00e9sent arr\u00eat\u00e9, et des dispositions de l'arr\u00eat\u00e9 pr\u00e9fectoral \nIDF-2023-03-02-00001 du 2 mars 2023 portant d\u00e9signa tion des membres du comit\u00e9 social \nd'administration (CSA) de la pr\u00e9fecture de la r\u00e9gio n d'Ile-de-France, pr\u00e9fecture de Paris, \nfigure en annexe du pr\u00e9sent arr\u00eat\u00e9 pour information. \nPr\u00e9fecture de la R\u00e9gion d'Ile de France, Pr\u00e9fecture de Paris -Secr\u00e9tariat g\u00e9n\u00e9ral aux moyens mutualis\u00e9s - IDF-2025-06-25-00017 - Arr\u00eat\u00e9\nmodifiant l'arr\u00eat\u00e9 pr\u00e9fectoral IDF-2023-03-02-00001 portant d\u00e9signation des membres du comit\u00e9 social d'administration de proximit\u00e9\nde la pr\u00e9fecture de la r\u00e9gion d'Ile-de-France, pr\u00e9fecture de Paris\n23\nEPR\u00c9FET _DE LA R\u00c9GIOND'\u00ceLE-DE-FRANCELibert\u00e9Egalit\u00e9Fraternit\u00e9\n  \n \n \nArticle 3 \nLe pr\u00e9fet, secr\u00e9taire g\u00e9n\u00e9ral aux moyens mutualis\u00e9s , est charg\u00e9 de l'ex\u00e9cution du pr\u00e9sent \narr\u00eat\u00e9. \n \n \n \nFait \u00e0 Paris, le 25 juin 2025 \n \n  Pour le pr\u00e9fet de la r\u00e9gion d'Ile-de-France, Pr\u00e9fet de \nParis et par d\u00e9l\u00e9gation \nLe pr\u00e9fet, secr\u00e9taire g\u00e9n\u00e9ral aux moyens mutualis\u00e9s de \nla pr\u00e9fecture de la r\u00e9gion d'Ile-de-France, pr\u00e9fecture de \nParis \n \nSIGN\u00c9 \n \nSt\u00e9phane BRUNOT  \n \n \n  \nPr\u00e9fecture de la R\u00e9gion d'Ile de France, Pr\u00e9fecture de Paris -Secr\u00e9tariat g\u00e9n\u00e9ral aux moyens mutualis\u00e9s - IDF-2025-06-25-00017 - Arr\u00eat\u00e9\nmodifiant l'arr\u00eat\u00e9 pr\u00e9fectoral IDF-2023-03-02-00001 portant d\u00e9signation des membres du comit\u00e9 social d'administration de proximit\u00e9\nde la pr\u00e9fecture de la r\u00e9gion d'Ile-de-France, pr\u00e9fecture de Paris\n24\nEPR\u00c9FET _DE LA R\u00c9GIOND'\u00ceLE-DE-FRANCELibert\u00e9Egalit\u00e9Fraternit\u00e9\n  \n \nAnnexe de l'arr\u00eat\u00e9 modifiant l'arr\u00eat\u00e9 pr\u00e9fectoral IDF-2023-03-02-00001 portant d\u00e9signation \ndes membres du comit\u00e9 social d'administration de proximit\u00e9 de la pr\u00e9fecture de la r\u00e9gion \nd'Ile-de-France, pr\u00e9fecture de Paris \n \nLa liste des repr\u00e9sentants du personnel au sein du comit\u00e9 social d'administration de \nproximit\u00e9 de la pr\u00e9fecture de la r\u00e9gion d'Ile-de-France, pr\u00e9fecture de Paris, telle que \nr\u00e9sultant des modifications apport\u00e9es par le pr\u00e9sent arr\u00eat\u00e9, et des dispositions de l'arr\u00eat\u00e9 \npr\u00e9fectoral IDF-2023-03-02-00001 du 2 mars 2023 portant d\u00e9signation des membres du \ncomit\u00e9 social d'administration (CSA) de la pr\u00e9fecture de la r\u00e9gion d'Ile-de-France, pr\u00e9fecture \nde Paris \n \nSont d\u00e9sign\u00e9s en qualit\u00e9 de repr\u00e9sentants du person nel au sein du comit\u00e9 social \nd'administration susmentionn\u00e9 : \n \nMembres titulaires \nAu titre du SAPACMI-UATS-UNSA \n- M. Christophe JOLY-LEITE \n- Mme Khadija GAMRAOUI \n- M. Fran\u00e7ois FIEMS \n- Mme Rahima GHENAIM \n \nAu titre de la CFDT \n- M. Philippe ATANGANA \n- Mme S\u00e9lia Laure WINCKLER \n \nAu titre de FO PREFECTURE ET DES SERVICES DU MINISTERE DE L'INTERIEUR \n- M. Jean-Claude PUCCIARELLI \n \nMembres suppl\u00e9ants \nAu titre du SAPACMI-UATS-UNSA \n- M. Adel ZIDI \n- Mme Dalila MANSOURI \n- Mme Gina ZOZOR \n- Mme Aline ADONAI \n \nAu titre de la CFDT \n- M. Livier MARC-MANSUY \n- M. Mohamed TA\u00cfR \n \nAu titre de FO PREFECTURE ET DES SERVICES DU MINISTERE DE L'INTERIEUR \n- Mme Sandrine DEVEUVE  \n \n \n                                                                                              \nPr\u00e9fecture de la R\u00e9gion d'Ile de France, Pr\u00e9fecture de Paris -Secr\u00e9tariat g\u00e9n\u00e9ral aux moyens mutualis\u00e9s - IDF-2025-06-25-00017 - Arr\u00eat\u00e9\nmodifiant l'arr\u00eat\u00e9 pr\u00e9fectoral IDF-2023-03-02-00001 portant d\u00e9signation des membres du comit\u00e9 social d'administration de proximit\u00e9\nde la pr\u00e9fecture de la r\u00e9gion d'Ile-de-France, pr\u00e9fecture de Paris\n25","date":"2025-06-26","first_seen_on":"2025-06-26T16:47:42+00:00","id":"a990a3fdeac5828461f3651074286a7279603d1fb8fe5e1d007a8578de9d6b52","name":"recueil-idf-054-2025-06-RAA-nominatifs du 26.06.2025","pdf_creation_date":"2025-06-26T14:58:00+00:00","pdf_modification_date":null,"timezone":"Europe/Paris","url":"https://www.prefectures-regions.gouv.fr/ile-de-france/irecontenu/telechargement/128863/949631/file/recueil-idf-054-2025-06-RAA-nominatifs%20du%2026.06.2025.pdf"}
