{"administration":"pref21","administration_name":"Pr\u00e9fecture de C\u00f4te-d\u2019Or","content":"PR\u00c9FET\nDE LA C\u00d4TE-D'OR\nRECUEIL DES ACTES\nADMINISTRATIFS SP\u00c9CIAL\n(NOMINATIFS)\nN\u00b021-2025-090\nPUBLI\u00c9 LE  2 JUILLET 2025\nSommaire\nPr\u00e9fecture de la C\u00f4te-d'Or / Direction de la coordination, des politiques\npubliques et de l'appui territorial\n21-2025-07-01-00011 - Arr\u00eat\u00e9 pr\u00e9fectoral  n\u00b0 932\ndonnant\nd\u00e9l\u00e9gation de signature \u00e0 Monsieur Renaud DURAND, Directeur\nr\u00e9gional de l'environnement, de l'am\u00e9nagement et du logement\nde la R\u00e9gion Auvergne-Rh\u00f4ne-Alpes par int\u00e9rim, pour le\nD\u00e9partement de la C\u00f4te-d'Or.\n (3 pages) Page 3\n21-2025-07-01-00009 - Arr\u00eat\u00e9 pr\u00e9fectoral n\u00b0  935 \ndonnant\nd\u00e9l\u00e9gation de signature en mati\u00e8re d'ordonnancement secondaire\net de comptabilit\u00e9 g\u00e9n\u00e9rale de l'\u00c9tat \u00e0 Monsieur Patrick\nSALLES, Directeur du p\u00f4le pilotage et ressources de la direction\nr\u00e9gionale des finances publiques de Bourgogne-Franche-Comt\u00e9 et du\nd\u00e9partement de la C\u00f4te-d'Or.\n\t (3 pages) Page 7\nPr\u00e9fecture de la C\u00f4te-d'Or / P\u00f4le juridique inter-services\n21-2025-07-01-00010 - Arr\u00eat\u00e9 de d\u00e9l\u00e9gation de signature \u00e0\nMonsieur Larry OUVRARD, Directeur du Service \td\u00e9partemental\nd'incendie et de secours de la C\u00f4te d'Or N\u00b0 936  du 1er juillet 2025\n(2 pages) Page 11\n21-2025-07-01-00008 - Arr\u00eat\u00e9 pr\u00e9fectoral n\u00b0 934 /SG du 1er juillet\n2025    \ndonnant d\u00e9l\u00e9gation de signature \u00e0 Monsieur S\u00e9bastien\nTRES, Directeur des collectivit\u00e9s locales et des \u00e9lections (DCLE) . (7\npages) Page 14\n2\nPr\u00e9fecture de la C\u00f4te-d'Or\nDirection de la coordination, des politiques\npubliques et de l'appui territorial\n21-2025-07-01-00011\nArr\u00eat\u00e9 pr\u00e9fectoral  n\u00b0 932\ndonnant d\u00e9l\u00e9gation de signature \u00e0 Monsieur\nRenaud DURAND, Directeur r\u00e9gional de\nl'environnement, de l'am\u00e9nagement et du\nlogement de la R\u00e9gion Auvergne-Rh\u00f4ne-Alpes\npar int\u00e9rim, pour le D\u00e9partement de la\nC\u00f4te-d'Or.\nPr\u00e9fecture de la C\u00f4te-d'Or - 21-2025-07-01-00011 - Arr\u00eat\u00e9 pr\u00e9fectoral  n\u00b0 932\ndonnant d\u00e9l\u00e9gation de signature \u00e0 Monsieur Renaud DURAND, Directeur r\u00e9gional de l'environnement, de l'am\u00e9nagement et du\nlogement de la R\u00e9gion Auvergne-Rh\u00f4ne-Alpes par int\u00e9rim, pour le D\u00e9partement de la C\u00f4te-d'Or.\n3\nExPREFETDE LACOTE-D'ORLibert\u00e9Egalit\u00e9Fraternit\u00e9\nSECR\u00c9TARIAT G\u00c9N\u00c9RAL\nDirection de la coordination des politiques publiques\net de l'appui territorial\nArr\u00eat\u00e9 pr\u00e9fectoral  n\u00b0 932\ndonnant d\u00e9l\u00e9gation de signature \u00e0 Monsieur Renaud DURAND, Directeur r\u00e9gional de \nl'environnement, de l'am\u00e9nagement et du logement de la R\u00e9gion Auvergne-Rh\u00f4ne-Alpes par \nint\u00e9rim, pour le D\u00e9partement de la C\u00f4te-d'Or.\nLe Pr\u00e9fet de la C\u00f4te-d'Or\nVU le Code de l'environnement ;\nVU l'ordonnance N\u00b02014-619 du 12 juin 2014 modifi\u00e9e relative \u00e0 l'exp\u00e9rimentation d'une autorisation  \nunique pour les installations, ouvrages, travaux et activit\u00e9s soumis \u00e0 autorisation au titre de l'article  \nL .214-3 du Code de l'environnement ;\nVU le d\u00e9cret n\u00b0 2004-374 du 29 avril 2004 modifi\u00e9 relatif aux pouvoirs des Pr\u00e9fets, \u00e0 l'organisation et \u00e0 \nl'action des services de l'\u00c9tat dans les R\u00e9gions et D\u00e9partements ;\nVU  le d\u00e9cret n\u00b02009-235 du 27 f\u00e9vrier 2009 modifi\u00e9 relatif \u00e0 l'organisation et aux missions des  \ndirections r\u00e9gionales de l'environnement, de l'am\u00e9nagement et du logement ;\nVU  le  d\u00e9cret  n\u00b02009-360  du  31  mars  2009  relatif  aux  emplois  de  direction  de  l'administration \nterritoriale de l'\u00c9tat ;\nVU  le d\u00e9cret n\u00b0 2014-751 du 1er juillet 2014 d'application de l'ordonnance n\u00b0 2014-619 du 12 juin  \n2014 relative \u00e0 l'exp\u00e9rimentation d'une autorisation unique pour les installations, ouvrages, travaux et  \nactivit\u00e9s soumis \u00e0 autorisation au titre de l'article L. 214-3 du Code de l'environnement ;\nVU l'arr\u00eat\u00e9 du 7 novembre 2006 modifi\u00e9 d\u00e9signant les services de police de l'eau comp\u00e9tents sur la  \nliste des cours d'eau d\u00e9finis par l'arr\u00eat\u00e9 du 24 f\u00e9vrier 2006 pris en application de l'article 7 du d\u00e9cret n\u00b0 \n2005-636 du 30 mai 2005 relatif \u00e0 l'organisation de l'administration dans le domaine de l'eau et aux  \nmissions du pr\u00e9fet coordonnateur de bassin ;\nVU le d\u00e9cret du 10 octobre 2024 nommant Monsieur Paul MOURIER, Pr\u00e9fet de la r\u00e9gion Bourgogne-\nFranche-Comt\u00e9, pr\u00e9fet de la C\u00f4te-d'Or ;\nVU l'arr\u00eat\u00e9 pr\u00e9fectoral n\u00b0 1681/SG du 28 octobre 2024 donnant d\u00e9l\u00e9gation de signature \u00e0 Monsieur  \nJean-Philippe DENEUVY, Directeur r\u00e9gional de l'environnement, de l'am\u00e9nagement et du logement de \nla R\u00e9gion Auvergne Rh\u00f4ne-Alpes, pour le d\u00e9partement de la C\u00f4te d'Or ;\nVu l'arr\u00eat\u00e9 minist\u00e9riel du 29 avril 2025 NOR : ATDK2512798A portant attribution \u00e0 Monsieur Renaud  \nDURAND, de l'int\u00e9rim des fonctions de Directeur r\u00e9gional de l'environnement, de l'am\u00e9nagement et  \ndu logement (r\u00e9gion Auvergne-Rh\u00f4ne-Alpes) \nSUR proposition de Monsieur le Secr\u00e9taire g\u00e9n\u00e9ral de la Pr\u00e9fecture de la C\u00f4te-d'Or;\nPr\u00e9fecture de la C\u00f4te-d'Or - 21-2025-07-01-00011 - Arr\u00eat\u00e9 pr\u00e9fectoral  n\u00b0 932\ndonnant d\u00e9l\u00e9gation de signature \u00e0 Monsieur Renaud DURAND, Directeur r\u00e9gional de l'environnement, de l'am\u00e9nagement et du\nlogement de la R\u00e9gion Auvergne-Rh\u00f4ne-Alpes par int\u00e9rim, pour le D\u00e9partement de la C\u00f4te-d'Or.\n4\nARR\u00caTE\nArticle 1 e r  : L'arr\u00eat\u00e9 pr\u00e9fectoral n\u00b01681/SG du 28 octobre 2024  donnant d\u00e9l\u00e9gation de signature \u00e0  \nMonsieur Jean-Philippe DENEUVY, Directeur r\u00e9gional de l'environnement, de l'am\u00e9nagement et du  \nlogement  de  la  R\u00e9gion  Auvergne  Rh\u00f4ne-Alpes,  pour  le  d\u00e9partement  de  la  C\u00f4te  d'Or,et  toutes \ndispositions ant\u00e9rieures et contraires au pr\u00e9sent arr\u00eat\u00e9 sont abrog\u00e9s.\nArticle 2  : D\u00e9l\u00e9gation de signature est donn\u00e9e, pour le D\u00e9partement de la C\u00f4te d'Or  \u00e0 Monsieur  \nRenaud  DURAND,  Directeur  r\u00e9gional  par  int\u00e9rim de  l'environnement,  de  l'am\u00e9nagement  et  du \nlogement de la r\u00e9gion Auvergne-Rh\u00f4ne-Alpes, \u00e0 l'effet de signer les correspondances courantes et les \ndocuments cit\u00e9s ci-dessous relevant de ses attributions dans le domaine de la police de l'eau sur l'axe \nRh\u00f4ne-Sa\u00f4ne :\n\u2022 Tous les documents et actes, dont les arr\u00eat\u00e9s de prorogation de d\u00e9lais, relatifs \u00e0 la proc\u00e9dure de  \nd\u00e9claration ou d'autorisation des installations, ouvrages, travaux et activit\u00e9s (IOTA) en application des  \narticles L.211-1, L.214-1 et suivants et R.214-1 et suivants du code de l'environnement, ainsi que de  \nl'ordonnance n\u00b0 2014-619 du 12 juin 2014 modifi\u00e9e par la loi n\u00b0 2015-992 du 17 ao\u00fbt 2015 et de son  \nd\u00e9cret d'application n\u00b0 2014-751 du 1er juillet 2014, ainsi que l'ordonnance n\u00b0 2017-80 du 26 janvier  \n2017 relative \u00e0 l'autorisation environnementale et ses d\u00e9crets d'application, \u00e0 l'exception :\n\u2022 des r\u00e9c\u00e9piss\u00e9s de d\u00e9p\u00f4t de demande d'autorisation et d\u00e9clarations ;\n\u2022 des certificats de projet ;\n\u2022 des d\u00e9clarations de compl\u00e9tude des dossiers de d\u00e9clarations ;\n\u2022 de tout acte n\u00e9cessitant l'avis pr\u00e9alable du CODERST ;\n\u2022 des arr\u00eat\u00e9s de prescriptions sp\u00e9cifiques et d'opposition \u00e0 d\u00e9claration ;\n\u2022 des arr\u00eat\u00e9s de refus, de prescription compl\u00e9mentaire, d'autorisation, et des arr\u00eat\u00e9s\nmodificatifs.\n\u2022 Tous documents ou actes de proc\u00e9dure n\u00e9cessaires \u00e0 la mise en oeuvre de la proc\u00e9dure de police  \nadministrative de l'environnement, conform\u00e9ment au titre VII \u2013 Dispositions communes relatives aux  \ncontr\u00f4les et aux sanctions \u2013 du livre 1 du code de l'environnement, \u00e0 l'exception de la d\u00e9cision portant  \nmise en demeure et de la d\u00e9cision portant sanctions administratives.\n\u2022  Tous  documents  n\u00e9cessaires  \u00e0  la  mise  en  oeuvre  de  la  proc\u00e9dure  de  police  judiciaire  de \nl'environnement, conform\u00e9ment au titre VII \u2013 Dispositions communes relatives aux contr\u00f4les et aux  \nsanctions \u2013 du livre 1 du code de l'environnement.\nArticle 3 : Sont exclues de la d\u00e9l\u00e9gation d\u00e9finie \u00e0 l'article 2 :\n\u2022 les conventions liant l'\u00c9tat aux collectivit\u00e9s territoriales \u00e0 leurs groupements et \u00e0 leurs\n\u00e9tablissements publics ;\n\u2022 les circulaires aux maires ;\n\u2022 toutes correspondances adress\u00e9es aux pr\u00e9sidents des assembl\u00e9es r\u00e9gionales et d\u00e9partementales ;\n\u2022 les r\u00e9ponses aux interventions des parlementaires et des conseillers g\u00e9n\u00e9raux lorsqu'elles portent \nsur des comp\u00e9tences relevant de l'\u00c9tat ;\n\u2022 les d\u00e9cisions qui ont trait \u00e0 l'exercice des comp\u00e9tences d\u00e9volues au Pr\u00e9fet en mati\u00e8re de contr\u00f4le \nadministratif des communes, des d\u00e9partements et de leurs \u00e9tablissements publics.\nArticle 4 : Un arr\u00eat\u00e9 de subd\u00e9l\u00e9gation de signature pris au nom du Pr\u00e9fet fixe la liste nominative des  \nagents de la Direction r\u00e9gionale de l'environnement, de l'am\u00e9nagement et du logement de la R\u00e9gion  \nAuvergne- Rh\u00f4ne-Alpes habilit\u00e9s \u00e0 signer les actes.\nLe Pr\u00e9fet pourra \u00e0 tout moment mettre fin \u00e0 tout ou partie de la d\u00e9l\u00e9gation de signature au chef de  \nservice  ainsi  qu'aux  subd\u00e9l\u00e9gations  \u00e9ventuellement  accord\u00e9es  par  le  chef  de  service  \u00e0  ses  \nsubordonn\u00e9s.\nL'arr\u00eat\u00e9 de subd\u00e9l\u00e9gation sera publi\u00e9 au recueil des actes administratifs du D\u00e9partement de la C\u00f4te-\nd'Or.\n2/3\nPr\u00e9fecture de la C\u00f4te-d'Or - 21-2025-07-01-00011 - Arr\u00eat\u00e9 pr\u00e9fectoral  n\u00b0 932\ndonnant d\u00e9l\u00e9gation de signature \u00e0 Monsieur Renaud DURAND, Directeur r\u00e9gional de l'environnement, de l'am\u00e9nagement et du\nlogement de la R\u00e9gion Auvergne-Rh\u00f4ne-Alpes par int\u00e9rim, pour le D\u00e9partement de la C\u00f4te-d'Or.\n5\nArticle 5 : Le Secr\u00e9taire g\u00e9n\u00e9ral de la pr\u00e9fecture de la C\u00f4te-d'Or et le Directeur r\u00e9gional par int\u00e9rim \nde l'environnement, de l'am\u00e9nagement et du logement de la R\u00e9gion Auvergne-Rh\u00f4ne- Alpes, sont  \ncharg\u00e9s de l'ex\u00e9cution du pr\u00e9sent arr\u00eat\u00e9 qui sera publi\u00e9 au recueil des actes administratifs de la  \nPr\u00e9fecture de la C\u00f4te-d'Or.\nFait \u00e0 Dijon, le 1er juillet 2025\nLe Pr\u00e9fet,\nSign\u00e9 :\nPaul MOURIER\n3/3\nPr\u00e9fecture de la C\u00f4te-d'Or - 21-2025-07-01-00011 - Arr\u00eat\u00e9 pr\u00e9fectoral  n\u00b0 932\ndonnant d\u00e9l\u00e9gation de signature \u00e0 Monsieur Renaud DURAND, Directeur r\u00e9gional de l'environnement, de l'am\u00e9nagement et du\nlogement de la R\u00e9gion Auvergne-Rh\u00f4ne-Alpes par int\u00e9rim, pour le D\u00e9partement de la C\u00f4te-d'Or.\n6\nPr\u00e9fecture de la C\u00f4te-d'Or\nDirection de la coordination, des politiques\npubliques et de l'appui territorial\n21-2025-07-01-00009\nArr\u00eat\u00e9 pr\u00e9fectoral n\u00b0  935 \ndonnant d\u00e9l\u00e9gation de signature en mati\u00e8re\nd'ordonnancement secondaire et de\ncomptabilit\u00e9 g\u00e9n\u00e9rale de l'\u00c9tat \u00e0 Monsieur\nPatrick SALLES, Directeur du p\u00f4le pilotage et\nressources de la direction r\u00e9gionale des finances\npubliques de Bourgogne-Franche-Comt\u00e9 et du\nd\u00e9partement de la C\u00f4te-d'Or.\n\t\nPr\u00e9fecture de la C\u00f4te-d'Or - 21-2025-07-01-00009 - Arr\u00eat\u00e9 pr\u00e9fectoral n\u00b0  935 \ndonnant d\u00e9l\u00e9gation de signature en mati\u00e8re d'ordonnancement secondaire et de comptabilit\u00e9 g\u00e9n\u00e9rale de l'\u00c9tat \u00e0 Monsieur Patrick\nSALLES, Directeur du p\u00f4le pilotage et ressources de la direction r\u00e9gionale des finances publiques de Bourgogne-Franche-Comt\u00e9 et du\nd\u00e9partement de la C\u00f4te-d'Or.\n\t\n7\nPREFETDE LACOTE-D'ORLibert\u00e9Egalit\u00e9Fraternit\u00e9\n   SECR\u00c9TARIAT G\u00c9N\u00c9RAL\nDirection de la coordination et des politiques publiques\net de l'appui territorial\nArr\u00eat\u00e9 pr\u00e9fectoral n\u00b0  935 \ndonnant d\u00e9l\u00e9gation  de  signature  en  mati\u00e8re  d'ordonnancement  secondaire  et  de  \ncomptabilit\u00e9 g\u00e9n\u00e9rale de l'\u00c9tat \u00e0 Monsieur Patrick SALLES, Directeur du p\u00f4le pilotage et  \nressources de la direction r\u00e9gionale des finances publiques de Bourgogne-Franche-Comt\u00e9 et  \ndu d\u00e9partement de la C\u00f4te-d'Or.\nVU la loi organique n\u00b02001-692 du 1er ao\u00fbt 2001 relative aux lois de finances ;\nVU la loi n\u00b0 82-213 du 2 mars 1982 relative aux droits et libert\u00e9s communes, des  \nd\u00e9partements et des r\u00e9gions ;\nVU la  loi  d'orientation  n\u00b092-125  du  6  f\u00e9vrier  1992  relative  \u00e0  l'administration \nterritoriale de la R\u00e9publique ;\nVU le d\u00e9cret n\u00b092-604 du 1er juillet 1992 modifi\u00e9 portant charte de d\u00e9concentration ;\nVU le  d\u00e9cret  n\u00b0  2004-374  du  29  avril  2004  relatif  au  pouvoir  des  pr\u00e9fets,  \u00e0 \nl'organisation et \u00e0 l'action des services de l'\u00c9tat dans les r\u00e9gions et les d\u00e9partements, modifi\u00e9  \npar le d\u00e9cret n\u00b02010-146 du 16 f\u00e9vrier 2010 et par le d\u00e9cret n\u00b02010-687 du 24 juin 2010 ;\nVU le d\u00e9cret n\u00b02009-208 du 20 f\u00e9vrier 2009 modifi\u00e9 relatif au statut particulier des  \nadministrateurs des finances publiques ;\nVU le d\u00e9cret n\u00b02009-707 du 16 juin 2009 modifi\u00e9 relatif aux services d\u00e9concentr\u00e9s  \nde la direction g\u00e9n\u00e9rale des finances publiques ;\nVU le d\u00e9cret n\u00b02012-1246 du 7 novembre 2012 modifi\u00e9 relatif \u00e0 la gestion budg\u00e9taire \net comptable publique ;\nVU le d\u00e9cret du 10 octobre 2024, nommant M.  Paul MOURIER, Pr\u00e9fet de la R\u00e9gion  \nBourgogne-Franche-Comt\u00e9, Pr\u00e9fet de la C\u00f4te-d'Or;\nVU l 'arr\u00eat\u00e9  du  Ministre  de  l'\u00e9conomie  et  des  finances  du  4  juin  2025  portant \naffectation de M. Patrick SALLES, Ing\u00e9nieur g\u00e9n\u00e9ral des Mines, Directeur du p\u00f4le pilotage et  \nressources \u00e0 la Direction r\u00e9gionale des finances publiques de Bourgogne-Franche-Comt\u00e9 et  \ndu d\u00e9partement de la C\u00f4te-d'Or ;\nPr\u00e9fecture de la C\u00f4te-d'Or - 21-2025-07-01-00009 - Arr\u00eat\u00e9 pr\u00e9fectoral n\u00b0  935 \ndonnant d\u00e9l\u00e9gation de signature en mati\u00e8re d'ordonnancement secondaire et de comptabilit\u00e9 g\u00e9n\u00e9rale de l'\u00c9tat \u00e0 Monsieur Patrick\nSALLES, Directeur du p\u00f4le pilotage et ressources de la direction r\u00e9gionale des finances publiques de Bourgogne-Franche-Comt\u00e9 et du\nd\u00e9partement de la C\u00f4te-d'Or.\n\t\n8\nVU l'arr\u00eat\u00e9 pr\u00e9fectoral n\u00b0  574 du 14 avril 2025  donnant d\u00e9l\u00e9gation de signature   \u00e0  \nMonsieur Guillaume MERTZWEILLER , Directeur par int\u00e9rim du p\u00f4le pilotage et ressources  \nde  la  Direction  r\u00e9gionale  des  finances  publiques  de  Bourgogne-Franche-Comt\u00e9  et  du \nD\u00e9partement de la C\u00f4te-d'Or, en mati\u00e8re d'ordonnancement secondaire ;\n A R R \u00ca T E  :\nArticle 1  : l'arr\u00eat\u00e9 pr\u00e9fectoral  n\u00b0   574 du 14 avril 2025  donnant d\u00e9l\u00e9gation de signature \u00e0  \nMonsieur Guillaume MERTZWEILLER,  Directeur par int\u00e9rim du p\u00f4le pilotage et ressources  \nde  la  Direction  r\u00e9gionale  des  finances  publiques  de  Bourgogne-Franche-Comt\u00e9  et  du \nd\u00e9partement de la C\u00f4te d'Or  en mati\u00e8re d'ordonnancement secondaire, et toutes dispositions  \nant\u00e9rieures contraires au pr\u00e9sent arr\u00eat\u00e9 sont abrog\u00e9s ;\nArticle 2     :D\u00e9l\u00e9gation de signature est donn\u00e9e \u00e0 Monsieur Patrick SALLES, Ing\u00e9nieur g\u00e9n\u00e9ral  \ndes Mines, \u00e0 effet de :\n\uf0e8 signer,  dans  la  limite  de  ses  attributions  et  comp\u00e9tences,  tout  document,  acte, \nd\u00e9cision, contrat, conclusion, m\u00e9moire et, d'une fa\u00e7on plus g\u00e9n\u00e9rale, tous les actes se  \ntraduisant  par  l'ordonnancement  de  d\u00e9penses  ou  de  recettes  se  rapportant  au \nfonctionnement ou \u00e0 l'\u00e9quipement de la direction r\u00e9gionale des finances publiques de  \nBourgogne-Franche-Comt\u00e9  et  du  d\u00e9partement  de  la  C\u00f4te-d'Or,  ainsi  que  \nl'ordonnancement de toute recette se rapportant aux attributions et activit\u00e9s de la  \ndirection  r\u00e9gionale  des  finances  publiques  de  Bourgogne-Franche-Comt\u00e9  et  du \nd\u00e9partement de la C\u00f4te-d'Or ;\n\uf0e8 recevoir les cr\u00e9dits des programmes suivants :\n\uf0b7 n\u00b0 156 \u00ab Gestion fiscale et financi\u00e8re de l'\u00c9tat et du secteur public local \u00bb\n\uf0b7 n\u00b0 218 \u00ab Conduite et pilotage des politiques \u00e9conomique et financi\u00e8re \u00bb\n\uf0b7 n\u00b0 348 \u00ab performance et r\u00e9silience des b\u00e2timents de l'\u00c9tat et de ses op\u00e9rateurs \u00bb\n\uf0b7 n\u00b0 723 \u00ab Op\u00e9rations immobili\u00e8res nationales et des administrations centrales \u00bb\n\uf0b7 n\u00b0 362 \u00ab \u00c9cologie \u00bb\n\uf0e8 proc\u00e9der \u00e0 l'ordonnancement secondaire des recettes et des d\u00e9penses de l'\u00c9tat, pour  \nle d\u00e9partement de la C\u00f4te d'Or imput\u00e9es sur les titres 2, 3 et 5 des programmes  \npr\u00e9cit\u00e9s  et  sur  le  compte  de  commerce  n\u00b0  907  \u2013  \u00ab op\u00e9rations  commerciales  des \ndomaines \u00bb.\nCette d\u00e9l\u00e9gation porte sur l'engagement, la liquidation et le mandatement des d\u00e9penses,  \nainsi que sur l'\u00e9mission et la signature des titres de recettes.\nArticle 3     : D\u00e9l\u00e9gation de signature est donn\u00e9e \u00e0 Monsieur Patrick SALLES, Ing\u00e9nieur g\u00e9n\u00e9ral \ndes Mines, \u00e0 effet de :\n signer,  dans  la  limite  de  ses  attributions  et  comp\u00e9tences,  toute  d\u00e9claration  de\uf0e8  \nconformit\u00e9 en mati\u00e8re d'op\u00e9rations d'inventaire et, d'une fa\u00e7on plus g\u00e9n\u00e9rale, tous les  \nactes se traduisant par la constatation des droits et obligations et l'inventaire des biens se  \nrapportant \u00e0 l'activit\u00e9 fin anci\u00e8re de la  direction r\u00e9gionale des finances publiques de  \nBourgogne-Franche-Comt\u00e9 et du d\u00e9partement de la C\u00f4te-d'Or.\nPr\u00e9fecture de la C\u00f4te-d'Or - 21-2025-07-01-00009 - Arr\u00eat\u00e9 pr\u00e9fectoral n\u00b0  935 \ndonnant d\u00e9l\u00e9gation de signature en mati\u00e8re d'ordonnancement secondaire et de comptabilit\u00e9 g\u00e9n\u00e9rale de l'\u00c9tat \u00e0 Monsieur Patrick\nSALLES, Directeur du p\u00f4le pilotage et ressources de la direction r\u00e9gionale des finances publiques de Bourgogne-Franche-Comt\u00e9 et du\nd\u00e9partement de la C\u00f4te-d'Or.\n\t\n9\nArticle 4 : Demeurent r\u00e9serv\u00e9s \u00e0 ma signature :\n- les ordres de r\u00e9quisition du comptable public ;\n- les d\u00e9cisions de passer outre aux refus de visas et aux avis d\u00e9favorables de l'autorit\u00e9  \ncharg\u00e9e du contr\u00f4le financier en mati\u00e8re d'engagement des d\u00e9penses ;\n- l'ordonnancement secondaire des d\u00e9penses de l'\u00c9tat du programme 833 \u2013 Avances sur \nle montant des impositions revenant aux r\u00e9gions, d\u00e9partements, communes, \n\u00e9tablissements et divers organismes.\nArticle 5     : Monsieur Patrick SALLES,  peut, en tant que de besoin et sous sa responsabilit\u00e9,  \ndonner d\u00e9l\u00e9gation de signature aux agents plac\u00e9s sous son autorit\u00e9 dans les conditions pr\u00e9vues  \npar l'article 38 du d\u00e9cret n\u00b0 2004-374 modifi\u00e9 du 29 avril 2004.\nArticle 6     : Le Secr\u00e9taire g\u00e9n\u00e9ral de la Pr\u00e9fecture de la C\u00f4te-d'Or et la Directrice r\u00e9gionale des \nfinances publiques de Bourgogne-Franche-Comt\u00e9 et du d\u00e9partement de la C\u00f4te-d'Or , sont  \ncharg\u00e9s, chacun en ce qui le concerne, de l'ex\u00e9cution du pr\u00e9sent arr\u00eat\u00e9 qui sera applicable \u00e0  \ncompter de sa publication au recueil des actes administratifs  de la pr\u00e9fecture de la C\u00f4te-d'Or.\nFait \u00e0 Dijon, le 1er juillet 2025                                \nLe Pr\u00e9fet,\nSign\u00e9 :\nPaul MOURIER \nPr\u00e9fecture de la C\u00f4te-d'Or - 21-2025-07-01-00009 - Arr\u00eat\u00e9 pr\u00e9fectoral n\u00b0  935 \ndonnant d\u00e9l\u00e9gation de signature en mati\u00e8re d'ordonnancement secondaire et de comptabilit\u00e9 g\u00e9n\u00e9rale de l'\u00c9tat \u00e0 Monsieur Patrick\nSALLES, Directeur du p\u00f4le pilotage et ressources de la direction r\u00e9gionale des finances publiques de Bourgogne-Franche-Comt\u00e9 et du\nd\u00e9partement de la C\u00f4te-d'Or.\n\t\n10\nPr\u00e9fecture de la C\u00f4te-d'Or\nP\u00f4le juridique inter-services\n21-2025-07-01-00010\nArr\u00eat\u00e9 de d\u00e9l\u00e9gation de signature \u00e0 Monsieur\nLarry OUVRARD, Directeur du Service\n\td\u00e9partemental d'incendie et de secours de la\nC\u00f4te d'Or N\u00b0 936  du 1er juillet 2025\nPr\u00e9fecture de la C\u00f4te-d'Or - 21-2025-07-01-00010 - Arr\u00eat\u00e9 de d\u00e9l\u00e9gation de signature \u00e0 Monsieur Larry OUVRARD, Directeur du Service\n\td\u00e9partemental d'incendie et de secours de la C\u00f4te d'Or N\u00b0 936  du 1er juillet 2025 11\nExPREFETDE LACOTE-D'ORLibert\u00e9Egalit\u00e9Fraternit\u00e9\nArr\u00eat\u00e9 de d\u00e9l\u00e9gation de signature \u00e0 Monsieur Larry OUVRARD, Directeur du Service \nd\u00e9partemental d'incendie et de secours de la C\u00f4te d'Or\nN\u00b0 936  du 1er juillet 2025\nLe Pr\u00e9fet de la C\u00f4te-d'Or\nVu le Code g\u00e9n\u00e9ral des collectivit\u00e9s territoriales et  notamment son  article L 1424-33 relatif aux  \nmissions et \u00e0 la d\u00e9l\u00e9gation de signature du Directeur d\u00e9partemental des services d'incendie et de  \nsecours;\nVu la loi n\u00b0 82-213 du 2 mars 1982 modifi\u00e9e, relative aux droits et libert\u00e9s des communes, des  \nd\u00e9partements et des r\u00e9gions, et notamment son article 34 ; \nVu le d\u00e9cret n\u00b0 2004-374 du 29 avril 2004 modifi\u00e9 relatif aux pouvoirs des pr\u00e9fets, \u00e0 l'organisation  \ndes services de l'\u00c9tat dans les r\u00e9gions et d\u00e9partements, notamment son article 43-12\u00b0 ;\nVu le d\u00e9cret du pr\u00e9sident de la R\u00e9publique en date  du 10 octobre 2024 po rtant nomination de  \nMonsieur Paul MOURIER, en qualit\u00e9 de Pr\u00e9fet de la R\u00e9gion Bourgogne-Franche-Comt\u00e9, Pr\u00e9fet de  \nla C\u00f4te-d'Or ;\nVu  l'arr\u00eat\u00e9 conjoint n\u00b0 2025/731 du Ministre d' \u00c9tat, Ministre de l'Int\u00e9rieur et du Pr\u00e9sident du  \nconseil d'administration du Service d\u00e9partemental d'incendie et de secours de la C\u00f4te-d'Or en date  \ndu 17 juin 2025, recrutant par voie de mutation au Service d\u00e9partemental d'incendie et de secours  \nde  la  C\u00f4te-d'Or  Monsieur  Larry  OUVRARD,  Colonel  hors  classe  de  sapeurs-pompiers  \nprofessionnels \u00e0 compter du 15 juin 2025; \nVu  l'arr\u00eat\u00e9 conjoint n\u00b0 2025/732 du Ministre d' \u00c9tat, Ministre de l'Int\u00e9rieur et du Pr\u00e9sident du  \nconseil d'administration du Service d\u00e9partemental d'incendie et de secours de la C\u00f4te-d'Or en date  \ndu 17 juin 2025, d\u00e9tachant Monsieur Larry OUVRARD, Colonel hors classe de sapeurs-pompiers  \nprofessionnels du Service d\u00e9partemental d'incendie et de secours de la C\u00f4te-d'Or, sur l'emploi  \nfonctionnel de Directeur d\u00e9partemental du Service d\u00e9partemental d'incendie et de secours de la  \nC\u00f4te-d'Or \u00e0 compter du 15 juin 2025; \nPr\u00e9fecture de la C\u00f4te-d'Or - 21-2025-07-01-00010 - Arr\u00eat\u00e9 de d\u00e9l\u00e9gation de signature \u00e0 Monsieur Larry OUVRARD, Directeur du Service\n\td\u00e9partemental d'incendie et de secours de la C\u00f4te d'Or N\u00b0 936  du 1er juillet 2025 12\nVu l'arr\u00eat\u00e9 pr\u00e9fectoral n\u00b0 575 du 14 avril 2025 donnant d\u00e9l\u00e9gation de signature \u00e0 Monsieur Bertrand \nLEPOUTERE,  Directeur  d\u00e9partemental  par  int\u00e9rim  du  Service  d\u00e9partemental  d'incendie  et  de \nsecours de C\u00f4te-d'Or ;\nARR\u00caTE\nArticle 1er :  L'arr\u00eat\u00e9  pr\u00e9fectoral  n\u00b0  575  du  14  avril  2025  donnant  d\u00e9l\u00e9gation  de  signature  \u00e0 \nMonsieur Bertrand LEPOUTERE, Directeur d\u00e9partemental par int\u00e9rim du Service d\u00e9partemental  \nd'incendie et de secours de C\u00f4te-d'Or  et toutes dispositions ant\u00e9rieures au pr\u00e9sent arr\u00eat\u00e9 sont  \nabrog\u00e9s.\nArticle 2 :  D\u00e9l\u00e9gation  de  signature  est  donn\u00e9e  \u00e0  Monsieur  Larry  OUVRARD,  Directeur  \nd\u00e9partemental du Service d\u00e9partemental d'incendie et de secours de la C\u00f4te-d'Or, \u00e0 l'effet de signer  \ntous les actes, d\u00e9cisions, instructions et correspondances d\u00e9volus au pr\u00e9fet relatifs :\n\u2022 \u00e0 la direction op\u00e9rationnelle du service d\u00e9partemental d'incendie et de secours et de son  \ncorps d\u00e9partemental de sapeurs-pompiers,\n\u2022 \u00e0 la direction des actions de pr\u00e9vention relevant du service d\u00e9partemental d'incendie et de  \nsecours,\n\u2022 au contr\u00f4le et \u00e0 la coordination de l'ensemble des corps communaux et intercommunaux du \nd\u00e9partement,\n\u2022 \u00e0 la mise en \u0153uvre op\u00e9rationnelle de l'ensemble des moyens de secours et de lutte contre  \nl'incendie.\nArticle 3 : Sont exclus du champ de cette d\u00e9l\u00e9gation :\n\u2022 les arr\u00eat\u00e9s,\n\u2022 les conventions et rapports adress\u00e9s au pr\u00e9sident de la R\u00e9publique, au Premier ministre, aux \nministres, parlementaires,\n\u2022 les conventions interd\u00e9partementales de mise en \u0153uvre op\u00e9rationnelle,\n\u2022 les conventions d'assistance op\u00e9rationnelle.\nArticle 4 : Le pr\u00e9sent arr\u00eat\u00e9, qui sera publi\u00e9 au Recueil des actes administratifs de la Pr\u00e9fecture de  \nla C\u00f4te-d'Or, prend effet le 16 juin 2025.\nArticle 5 :  Le  pr\u00e9sent  arr\u00eat\u00e9  peut  faire  l'objet  d'un  recours  contentieux  aupr\u00e8s  du  tribunal \nadministratif de Dijon, dans un d\u00e9lai de deux mois \u00e0 compter de sa publication.\nArticle 6 : Monsieur le Secr\u00e9taire g\u00e9n\u00e9ral de la Pr\u00e9fecture de la C\u00f4te-d'Or et Monsieur le Directeur  \nd\u00e9partemental du Service d\u00e9partemental d'incendie et de secours de la C\u00f4te-d'Or sont charg\u00e9s,  \nchacun en ce qui le concerne, de l'ex\u00e9cution du pr\u00e9sent arr\u00eat\u00e9 qui sera publi\u00e9 au recueil des actes  \nadministratifs de la pr\u00e9fecture et notifi\u00e9 au d\u00e9l\u00e9gataire.\nFait \u00e0 Dijon, le 1er juillet 2025\nLe Pr\u00e9fet,\nSign\u00e9 :\nPaul MOURIER\nPr\u00e9fecture de la C\u00f4te-d'Or - 21-2025-07-01-00010 - Arr\u00eat\u00e9 de d\u00e9l\u00e9gation de signature \u00e0 Monsieur Larry OUVRARD, Directeur du Service\n\td\u00e9partemental d'incendie et de secours de la C\u00f4te d'Or N\u00b0 936  du 1er juillet 2025 13\nPr\u00e9fecture de la C\u00f4te-d'Or\nP\u00f4le juridique inter-services\n21-2025-07-01-00008\nArr\u00eat\u00e9 pr\u00e9fectoral n\u00b0 934 /SG du 1er juillet 2025  \n \ndonnant d\u00e9l\u00e9gation de signature \u00e0 Monsieur\nS\u00e9bastien TRES, Directeur des collectivit\u00e9s\nlocales et des \u00e9lections (DCLE) .\nPr\u00e9fecture de la C\u00f4te-d'Or - 21-2025-07-01-00008 - Arr\u00eat\u00e9 pr\u00e9fectoral n\u00b0 934 /SG du 1er juillet 2025    \ndonnant d\u00e9l\u00e9gation de signature \u00e0 Monsieur S\u00e9bastien TRES, Directeur des collectivit\u00e9s locales et des \u00e9lections (DCLE) . 14\nExPREFETDE LACOTE-D'ORLibert\u00e9Egalit\u00e9Fraternit\u00e9\nArr\u00eat\u00e9 pr\u00e9fectoral n\u00b0 934 /SG du 1er juillet 2025    \ndonnant d\u00e9l\u00e9gation de signature \u00e0 Monsieur S\u00e9bastien TRES, Directeur des collectivit\u00e9s \nlocales et des \u00e9lections (DCLE) .\nLe Pr\u00e9fet de la C\u00f4te-d'Or\nVu la loi n\u00b0 82-213 du 2 mars 1982 modifi\u00e9e relative aux droits et libert\u00e9s des communes,  \ndes d\u00e9partements et des r\u00e9gions ;\nVu le d\u00e9cret n\u00b0 2004-374 du 29 avril 2004 relatif aux pouvoirs des pr\u00e9fets, \u00e0 l'organisation  \net \u00e0 l'action des services de l'\u00c9tat dans les r\u00e9gions et d\u00e9partements, modifi\u00e9 par le d\u00e9cret  \nn\u00b0 2010-146 du 16 f\u00e9vrier 2010 et par le d\u00e9cret n\u00b0 2010-687 du 24 juin 2010 ;\nVu le d\u00e9cret n\u00b0 2008-158 du 22 f\u00e9vrier 2008 relatif \u00e0 la suppl\u00e9ance des pr\u00e9fets de r\u00e9gion et  \n\u00e0  la  d\u00e9l\u00e9gation  de  signature  des  pr\u00e9fets  et  hauts-commissaires  de  la  R\u00e9publique  en \nPolyn\u00e9sie fran\u00e7aise et en Nouvelle-Cal\u00e9donie ;\nVu le d\u00e9cret n\u00b0 2009-176 du 16 f\u00e9vrier 2009 modifiant le d\u00e9cret n\u00b0 64-805 du 29 juillet 1964 \nfixant les dispositions r\u00e9glementaires applicables aux pr\u00e9fets et le d\u00e9cret n\u00b0  2004-374 du \n29 avril 2004 relatif aux pouvoirs des pr\u00e9fets, \u00e0 l'organisation et \u00e0 l'action des services de  \nl'\u00c9tat dans les r\u00e9gions et d\u00e9partements ;\nVu le d\u00e9cret du 10 octobre 2024 nommant Monsieur Paul MOURIER, Pr\u00e9fet de la  \nR\u00e9gion Bourgogne-Franche-Comt\u00e9, Pr\u00e9fet de la C\u00f4te-d'Or  ;\nVu l'arr\u00eat\u00e9 pr\u00e9fectoral 1251/SG du 18 d\u00e9cembre 2020 portant organisation des services  \nde la Pr\u00e9fecture de la R\u00e9gion Bourgogne-Franche-Comt\u00e9, Pr\u00e9fecture du d\u00e9partement de  \nla C\u00f4te-d'Or ;\nVu l'arr\u00eat\u00e9 pr\u00e9fectoral n\u00b0 1652/SG du 28 octobre 2024 donnant d\u00e9l\u00e9gation de signature \u00e0  \nMonsieur  Jean-Luc  MILANI,  Attach\u00e9  hors  classe  d'administration  de  l'\u00c9tat,  Conseiller \nd'administration de l'Int\u00e9rieur et de l'Outre-mer , Directeur des collectivit\u00e9s locales et des  \n\u00e9lections (DCLE)  ;\n1/7\nPr\u00e9fecture de la C\u00f4te-d'Or - 21-2025-07-01-00008 - Arr\u00eat\u00e9 pr\u00e9fectoral n\u00b0 934 /SG du 1er juillet 2025    \ndonnant d\u00e9l\u00e9gation de signature \u00e0 Monsieur S\u00e9bastien TRES, Directeur des collectivit\u00e9s locales et des \u00e9lections (DCLE) . 15\nARR\u00caTE\nArticle 1     :  L'arr\u00eat\u00e9 pr\u00e9fectoral  n\u00b0 1652/SG du 28 octobre 2024  donnant d\u00e9l\u00e9gation de  \nsignature \u00e0  Monsieur Jean-Luc MILANI, Attach\u00e9 hors classe d'administration de l'\u00c9tat,  \nConseiller d'administration de l'nt\u00e9rieur et de l'Outre-mer, Directeur des collectivit\u00e9s locales \net des \u00e9lections (DCLE),  ainsi que  toutes dispositions ant\u00e9rieures contraires au pr\u00e9sent  \narr\u00eat\u00e9 sont abrog\u00e9s \u00e0 compter de l'entr\u00e9e en vigueur du pr\u00e9sent arr\u00eat\u00e9.\nArticle 2 : D\u00e9l\u00e9gation de signature est donn\u00e9e \u00e0 Monsieur S\u00e9bastien TRES, Directeur des \ncollectivit\u00e9s locales et des \u00e9lections (DCLE) en ce qui concerne :\nBUREAU DES COLLECTIVIT\u00c9S LOCALES\n\u2013 Les correspondances et les documents  administratifs relevant des attributions et  \ncomp\u00e9tences de sa direction, \u00e0 l'exception :\n\u2022 des arr\u00eat\u00e9s et actes r\u00e9glementaires ;\n\u2022 des circulaires et instructions g\u00e9n\u00e9rales ;\n\u2022 des lettres comportant d\u00e9cision de principe ou ayant une incidence politique ;\n\u2022 tout document comportant saisine du tribunal administratif ou de la chambre  \nr\u00e9gionale des comptes ;\n\u2022 des communiqu\u00e9s de presse.\n\u2013 Les titres de perception et de recouvrement \u00e0 rendre ex\u00e9cutoires ;\n\u2013 Tous documents relatifs aux concours financiers de l'\u00c9tat aux collectivit\u00e9s locales, \u00e0  \nla notification des taux d'imposition des quatre taxes directes locales et de la taxe  \nd'enl\u00e8vement des ordures m\u00e9nag\u00e8res (\u00e9tats n\u00b01253, n\u00b01259 et n\u00b01259 TEOM), ainsi  \nque  les  r\u00f4les  dress\u00e9s  pour  le  recouvrement  des  taxes  ou  cotisations  par  les \nassociations  fonci\u00e8res  de  remembrement  ou  par  les  associations  syndicales  \nautoris\u00e9es ;\n\u2013  La validation \u00e9lectronique des arr\u00eat\u00e9s d'attribution du Fonds de compensation pour \nla TVA ;\n\u2013 Les actes donnant un caract\u00e8re ex\u00e9cutoire aux r\u00e8glements conjoints de la d\u00e9cision  \nbudg\u00e9taire modificative des lyc\u00e9es de la r\u00e9gion Bourgogne-Franche-Comt\u00e9 et coll\u00e8ges  \nde C\u00f4te d'Or ;\n\u2013 Tous documents et pi\u00e8ces relatifs \u00e0 l'ordonnancement des d\u00e9penses imputables sur  \nle budget de l'\u00c9tat ;\n\u2013  Tous documents relatifs aux concours financiers et subventions de l'\u00c9tat aux \ncollectivit\u00e9s locales ;\n\u2013 Les correspondances courantes et bordereaux.\nBUREAU  DES ELECTIONS ET DE LA REGLEMENTATION \n\u2022 la d\u00e9livrance des r\u00e9c\u00e9piss\u00e9s provisoires et d\u00e9finitifs des d\u00e9clarations de candidature  \naux \u00e9lections politiques et professionnelles ;\n\u2022 la d\u00e9livrance des attestations ou re\u00e7us de d\u00e9claration effectu\u00e9e par les binationaux  \ndans le cadre du service national ;\n2/7\nPr\u00e9fecture de la C\u00f4te-d'Or - 21-2025-07-01-00008 - Arr\u00eat\u00e9 pr\u00e9fectoral n\u00b0 934 /SG du 1er juillet 2025    \ndonnant d\u00e9l\u00e9gation de signature \u00e0 Monsieur S\u00e9bastien TRES, Directeur des collectivit\u00e9s locales et des \u00e9lections (DCLE) . 16\n\u2022 la d\u00e9livrance des cartes d'adjoints aux maires\n\u2022 les autorisations de transport de corps hors du territoire national ;\n\u2022 les d\u00e9cisions relatives aux inhumations hors du d\u00e9lai l\u00e9gal ;\n\u2022 la d\u00e9livrance des r\u00e9c\u00e9piss\u00e9s de revendeurs d'objets mobiliers ;\n\u2022 les habilitations d'entreprises de pompes fun\u00e8bres ;\n\u2022 les arr\u00eat\u00e9s portant classement des offices de tourisme et communes touristiques ;\n\u2022 les cartes professionnelles de guide-conf\u00e9rencier ;\n\u2022 la d\u00e9livrance et le refus de d\u00e9livrance  des cartes de conducteur de taxi, de v\u00e9hicules  \nmotoris\u00e9s  \u00e0  deux  ou  trois  roues  et  de  conducteur  de  voiture  de  transport  avec \nchauffeur ;\n\u2022 les  d\u00e9cisions  de  sanction  disciplinaire  \u00e0  l'encontre  des  conducteurs  de  taxi,  de \nv\u00e9hicules motoris\u00e9s \u00e0 deux ou trois roues et de voiture de transport avec chauffeur ;\n\u2022 commission locale des transports publics particuliers de personnes, commission de  \nconciliation  des  baux  commerciaux,  ainsi  que  toutes  correspondances  courantes \nrelatives au fonctionnement de ces commissions.\n\u2022 tous  actes  relatifs  \u00e0  la  d\u00e9livrance  et  \u00e0  l'instruction  des  demandes  de  passeports \ntemporaires, de missions et de services,\n\u2022 le retrait des titres d'identit\u00e9, de voyage et d'immatriculation d\u00e9livr\u00e9s ind\u00fbment,\n\u2022 les d\u00e9cisions relatives aux mesures d'opposition \u00e0 sortie de territoire,\n\u2022 les conventions d'habilitations et d'agr\u00e9ment et les d\u00e9cisions de suspension et de  \nretrait des habilitations et agr\u00e9ments des professionnels de l'automobile,\n\u2022 les attestations relatives aux immatriculations,\n\u2022 la d\u00e9claration d'affectation ou de cessation d'affectation de v\u00e9hicules au transport  \npublic de personnes,\n\u2022 la d\u00e9livrance du num\u00e9ro d'immatriculation des v\u00e9hicules d'exploitants agricoles,\n\u2022 les  r\u00e9c\u00e9piss\u00e9s  concernant  les  d\u00e9p\u00f4ts  par  les  huissiers  des  proc\u00e8s-verbaux  \nd'indisponibilit\u00e9 de certificat d'immatriculation\n\u2022 les  actes  administratifs  du  greffe  des  associations :  bordereaux,  r\u00e9c\u00e9piss\u00e9s  et \ncorrespondances courantes non cr\u00e9atrices de droit.\nArticle 3 : En cas d'absence ou d'emp\u00eachement de  Monsieur S\u00e9bastien TRES, la d\u00e9l\u00e9gation \nqui lui est conf\u00e9r\u00e9e par l'article 2 ci-dessus sera exerc\u00e9e par Madame Claire BROUSSE , \ncheffe du bureau des \u00e9lections et de la r\u00e9glementation et par Madame Patricia LAUWERIER,  \ncheffe du p\u00f4le du conseil et du contr\u00f4le de l\u00e9galit\u00e9.\nArticle 4 : \n1 - D\u00e9l\u00e9gation est donn\u00e9e \u00e0 Madame Patricia LAUWERIER , cheffe du p\u00f4le du conseil et du  \ncontr\u00f4le de l\u00e9galit\u00e9 pour :\n\u2022 Les correspondances et documents courants et bordereaux ;\n\u2022 Les lettres de demande de pi\u00e8ces compl\u00e9mentaires au titre du contr\u00f4le de l\u00e9galit\u00e9,  \n\u00e0 l'exception de :\n\u2013 celles qui concernent les collectivit\u00e9s locales des arrondissements de Beaune et \nMontbard ;\n\u2013 celles  qui  concernent  le  conseil  r\u00e9gional  de  Bourgogne-Franche-Comt\u00e9,  le \nconseil d\u00e9partemental de C\u00f4te d'Or, Dijon M\u00e9tropole, la ville de Dijon et toute  \ncollectivit\u00e9 signal\u00e9e par le secr\u00e9taire g\u00e9n\u00e9ral.\n3/7\nPr\u00e9fecture de la C\u00f4te-d'Or - 21-2025-07-01-00008 - Arr\u00eat\u00e9 pr\u00e9fectoral n\u00b0 934 /SG du 1er juillet 2025    \ndonnant d\u00e9l\u00e9gation de signature \u00e0 Monsieur S\u00e9bastien TRES, Directeur des collectivit\u00e9s locales et des \u00e9lections (DCLE) . 17\n\u2022 Tous documents relatifs aux concours financiers de l'\u00c9tat aux collectivit\u00e9s locales, \u00e0 \nla notification des taux d'imposition des quatre taxes directes locales et de la taxe  \nd'enl\u00e8vement des ordures m\u00e9nag\u00e8res (\u00e9tats n\u00b01253, n\u00b01259 et n\u00b01259 TEOM),  \nainsi que les r\u00f4les dress\u00e9s pour le recouvrement des taxes ou cotisations par les  \nassociations  fonci\u00e8res  de  remembrement  ou  par  les  associations  syndicales \nautoris\u00e9es ;\n\u2022 Les actes donnant un caract\u00e8re ex\u00e9cutoire aux r\u00e8glements conjoints de la d\u00e9cision  \nbudg\u00e9taire  modificative  des  lyc\u00e9es  de  la  r\u00e9gion  Bourgogne-Franche-Comt\u00e9  et \ncoll\u00e8ges de C\u00f4te d'Or.\n\u2022 Les correspondances courantes et bordereaux.\n\u2022 Les lettres de demande de pi\u00e8ces compl\u00e9mentaires au titre du contr\u00f4le de l\u00e9galit\u00e9,  \n\u00e0 l'exception de :\n\u2013 celles  qui  concernent  les  collectivit\u00e9s  locales  des  arrondissements  de \nBeaune et Montbard ;\n\u2013 celles qui concernent le Conseil r\u00e9gional de Bourgogne-Franche-Comt\u00e9, le  \nConseil d\u00e9partemental de C\u00f4te-d'Or, Dijon M\u00e9tropole, la ville de Dijon et  \ntoute collectivit\u00e9 signal\u00e9e par le Secr\u00e9taire g\u00e9n\u00e9ral.\n3 - D\u00e9l\u00e9gation est donn\u00e9e \u00e0  Madame Cl\u00e9mence PERNIN, cheffe du p\u00f4le des finances  \nlocales, pour :\n\u2022 Tous documents relatifs aux concours financiers de l'\u00c9tat aux collectivit\u00e9s locales, \u00e0 \nla notification des taux d'imposition des quatre taxes directes locales et de la taxe  \nd'enl\u00e8vement des ordures m\u00e9nag\u00e8res (\u00e9tats n\u00b01253, n\u00b01259 et n\u00b01259 TEOM),  \nainsi que les r\u00f4les dress\u00e9s pour le recouvrement des taxes ou cotisations par les  \nassociations  fonci\u00e8res  de  remembrement  ou  par  les  associations  syndicales \nautoris\u00e9es ;\n\u2022 Les actes donnant un caract\u00e8re ex\u00e9cutoire aux r\u00e8glements conjoints de la d\u00e9cision  \nbudg\u00e9taire  modificative  des  lyc\u00e9es  de  la  r\u00e9gion  Bourgogne-Franche-Comt\u00e9  et \ncoll\u00e8ges de C\u00f4te d'Or ;\n\u2022 Les correspondances courantes et bordereaux.\n4 -  D\u00e9l\u00e9gation est donn\u00e9e \u00e0 Madame Isabelle AMSALLEM, charg\u00e9e de l'intercommunalit\u00e9  \net du contr\u00f4le de l\u00e9galit\u00e9, pour :\nLes bordereaux d'envoi et les correspondances courantes concernant ACTES\nArticle 5 : \n1 - D\u00e9l\u00e9gation de signature est donn\u00e9e \u00e0 Madame Claire BROUSSE, cheffe du bureau des \n\u00e9lections et de la r\u00e9glementation, pour :\n\u2022 la d\u00e9livrance des r\u00e9c\u00e9piss\u00e9s provisoires et d\u00e9finitifs des d\u00e9clarations de candidature  \naux \u00e9lections politiques et professionnelles ;\n\u2022 la d\u00e9livrance des attestations ou re\u00e7us de d\u00e9claration effectu\u00e9e par les binationaux  \ndans le cadre du service national ;\n4/7\nPr\u00e9fecture de la C\u00f4te-d'Or - 21-2025-07-01-00008 - Arr\u00eat\u00e9 pr\u00e9fectoral n\u00b0 934 /SG du 1er juillet 2025    \ndonnant d\u00e9l\u00e9gation de signature \u00e0 Monsieur S\u00e9bastien TRES, Directeur des collectivit\u00e9s locales et des \u00e9lections (DCLE) . 18\n\u2022 les autorisations de transport de corps hors du territoire national ;\n\u2022 les d\u00e9cisions relatives aux inhumations hors d\u00e9lai l\u00e9gal ;\n\u2022 la d\u00e9livrance des r\u00e9c\u00e9piss\u00e9s de revendeurs d'objets mobiliers ;\n\u2022 la d\u00e9livrance des r\u00e9c\u00e9piss\u00e9s de d\u00e9claration des foires et salons ;\n\u2022 la d\u00e9livrance des cartes professionnelles de guide-conf\u00e9rencier ;\n\u2022 la d\u00e9livrance et le refus de d\u00e9livrance des cartes de conducteur de taxi, de v\u00e9hicules  \nmotoris\u00e9s  \u00e0  deux  ou  trois  roues  et  de  conducteur  de  voiture  de  transport  avec \nchauffeur ;\n\u2022 commission locale des transports publics particuliers de personnes, commission de  \nconciliation  des  baux  commerciaux,  ainsi  que  toutes  correspondances  courantes \nrelatives au fonctionnement de ces commissions ;\n\u2022 toutes correspondances courantes concernant les domaines cit\u00e9s ci-dessus, y compris  \nla l\u00e9gislation fun\u00e9raire et le domaine du tourisme,\n\u2022 tous  actes  relatifs  \u00e0  la  d\u00e9livrance  et  \u00e0  l'instruction  des  demandes  de  passeports \ntemporaires, de mission et de service,\n\u2022 le retrait des titres d'identit\u00e9, de voyage et d'immatriculation d\u00e9livr\u00e9s ind\u00fbment,\n\u2022 les d\u00e9cisions relatives aux mesures d'opposition \u00e0 sortie de territoire,\n\u2022 les conventions d'habilitation et d'agr\u00e9ment et les d\u00e9cisions de suspension et de retrait  \ndes habilitations et agr\u00e9ments des professionnels de l'automobile,\n\u2022 les attestations relatives aux immatriculations,\n\u2022 la d\u00e9claration d'affectation ou de cessation d'affectation de v\u00e9hicules au transport  \npublic de personnes,\n\u2022 les  r\u00e9c\u00e9piss\u00e9s  concernant  les  d\u00e9p\u00f4ts  par  les  huissiers  des  proc\u00e8s-verbaux  \nd'indisponibilit\u00e9 de certificat d'immatriculation\n\u2022 les  actes  administratifs  du  greffe  des  associations :  bordereaux,  r\u00e9c\u00e9piss\u00e9s  et \ncorrespondances courantes non cr\u00e9atrices de droit.\nEn l'absence de Monsieur S\u00e9bastien TRES :\n\u2022 les habilitations d'entreprises fun\u00e9raires ;\n\u2022 les arr\u00eat\u00e9s portant classement des offices de tourisme et communes touristiques ;\n\u2022 les  d\u00e9cisions  de  sanctions  disciplinaires  \u00e0  l'encontre  des  conducteurs  de  taxi,  de \nv\u00e9hicules motoris\u00e9s \u00e0 deux ou trois roues et de voiture de transport avec chauffeur ;\n2 - D\u00e9l\u00e9gation de signature est donn\u00e9e \u00e0 Madame Delphine HORNY, adjointe \u00e0 la  cheffe du  \nbureau des \u00e9lections et de la r\u00e9glementation pour :\n\uf0d8 la  d\u00e9livrance  des  r\u00e9c\u00e9piss\u00e9s  provisoires  et  d\u00e9finitifs  des  d\u00e9clarations  de \ncandidature aux \u00e9lections politiques et professionnelles ;\n\uf0d8 la  d\u00e9livrance  des  attestations  ou  re\u00e7us  de  d\u00e9claration  effectu\u00e9e  par  les \nbinationaux dans le cadre du service national ;\n\uf0d8 les autorisations de transport de corps hors du territoire national ;\n\uf0d8 les d\u00e9cisions relatives aux inhumations hors d\u00e9lai l\u00e9gal ;\n\uf0d8 la d\u00e9livrance des r\u00e9c\u00e9piss\u00e9s de revendeurs d'objets mobiliers ;\n\uf0d8 la d\u00e9livrance des r\u00e9c\u00e9piss\u00e9s de d\u00e9claration des foires et salons ;\n\uf0d8 la d\u00e9livrance des cartes professionnelles de guide-conf\u00e9rencier ;\n\uf0d8 la d\u00e9livrance et le refus de d\u00e9livrance des cartes de conducteur de taxi, de  \nv\u00e9hicules motoris\u00e9s \u00e0 deux ou trois roues et de v\u00e9hicules de transport avec  \nchauffeur ;\n5/7\nPr\u00e9fecture de la C\u00f4te-d'Or - 21-2025-07-01-00008 - Arr\u00eat\u00e9 pr\u00e9fectoral n\u00b0 934 /SG du 1er juillet 2025    \ndonnant d\u00e9l\u00e9gation de signature \u00e0 Monsieur S\u00e9bastien TRES, Directeur des collectivit\u00e9s locales et des \u00e9lections (DCLE) . 19\n\uf0d8 commission  locale  des  transports  publics  particuliers  de  personnes,  \ncommission  de  conciliation  des  baux  commerciaux  ainsi  que  toutes  \ncorrespondances courantes relatives au fonctionnement de ces commissions ;\n\uf0d8 toutes correspondances courantes concernant les domaines cit\u00e9s ci-dessus y  \ncompris, la l\u00e9gislation fun\u00e9raire, et le domaine du tourisme.\n\uf0d8 tous actes relatifs \u00e0 la d\u00e9livrance et \u00e0 l'instruction des demandes de passeports  \ntemporaires, de missions et de services,\n\uf0d8 le retrait des titres d'identit\u00e9, de voyage et d'immatriculation d\u00e9livr\u00e9s ind\u00fbment,\n\uf0d8 les d\u00e9cisions relatives aux mesures d'opposition \u00e0 sortie de territoire,\n\uf0d8 les conventions d'habilitation et d'agr\u00e9ment et les d\u00e9cisions de suspension et  \nde retrait des habilitations et agr\u00e9ments des professionnels de l'automobile,\n\uf0d8 les attestations pour la conduite des taxis, des v\u00e9hicules de petite remise, des  \nambulances, des v\u00e9hicules affect\u00e9s au ramassage scolaire ou au transport  \npublic de personnes,\n\uf0d8 les attestations relatives aux immatriculations,\n\uf0d8 la  d\u00e9claration  d'affectation  ou  de  cessation  d'affectation  de  v\u00e9hicules  au \ntransport public de personnes,\n\uf0d8 les r\u00e9c\u00e9piss\u00e9s concernant les d\u00e9p\u00f4ts par les huissiers des proc\u00e8s-verbaux  \nd'indisponibilit\u00e9 de certificat d'immatriculation\n\uf0d8 les actes administratifs du greffe des associations  : bordereaux, r\u00e9c\u00e9piss\u00e9s et  \ncorrespondances courantes non cr\u00e9atrices de droit.\nEn l'absence  concomitante de Monsieur S\u00e9bastien TRES et de Madame Claire  \nBROUSSE :\n\uf0d8 les habilitations d'entreprises fun\u00e9raires ;\n\uf0d8 les  arr\u00eat\u00e9s  portant  classement  des  offices  de  tourisme  et  communes  \ntouristiques ;\n\uf0d8 les d\u00e9cisions de sanctions disciplinaires \u00e0 l'encontre des conducteurs de taxi,  \nde v\u00e9hicules motoris\u00e9s \u00e0 deux ou trois roues et de voiture de transport avec  \nchauffeur ;\n3 - D\u00e9l\u00e9gation est donn\u00e9e \u00e0 Monsieur Eric FINOT pour :\n\uf0d8 les  correspondances  courantes  n'emportant  pas  de  d\u00e9cision,  lettre-types, \ncourriers de transmission, bordereaux d'envoi dans les domaines des \u00e9lections,  \net de l'ex\u00e9cution du budget des \u00e9lections ;\n\uf0d8 la  d\u00e9livrance  des  r\u00e9c\u00e9piss\u00e9s  provisoires  et  d\u00e9finitifs  des  d\u00e9clarations  de \ncandidature aux \u00e9lections politiques et professionnelles.\n\uf0d8 la d\u00e9livrance des r\u00e9c\u00e9piss\u00e9s de d\u00e9claration de mandataires financiers.\n   4 - D\u00e9l\u00e9gation est donne \u00e0 Madame Agn\u00e8s FONTENILLE, et \u00e0 Madame Delphine  \nCHERDON pour :\n\uf0d8 les  correspondances  courantes  n'emportant  pas  de  d\u00e9cision,  lettre-types, \ncourriers de transmission, bordereaux d'envoi dans les domaines du fun\u00e9raire,  \ndes \u00e9lections, des taxis, v\u00e9hicules motoris\u00e9s \u00e0 deux ou trois roues, v\u00e9hicules  \nde transport avec chauffeur ; \n\uf0d8 la  d\u00e9livrance  des  r\u00e9c\u00e9piss\u00e9s  provisoires  et  d\u00e9finitifs  des  d\u00e9clarations  de \ncandidature aux \u00e9lections politiques et professionnelles ;\n\uf0d8 la d\u00e9livrance des r\u00e9c\u00e9piss\u00e9s de d\u00e9claration de mandataires financiers ;\n\uf0d8 la d\u00e9livrance des cartes professionnelles de conducteur de taxi, de v\u00e9hicules  \nmotoris\u00e9s \u00e0 deux ou trois roues et des v\u00e9hicules de transport avec chauffeur.\n6/7\nPr\u00e9fecture de la C\u00f4te-d'Or - 21-2025-07-01-00008 - Arr\u00eat\u00e9 pr\u00e9fectoral n\u00b0 934 /SG du 1er juillet 2025    \ndonnant d\u00e9l\u00e9gation de signature \u00e0 Monsieur S\u00e9bastien TRES, Directeur des collectivit\u00e9s locales et des \u00e9lections (DCLE) . 20\n5  -  D\u00e9l\u00e9gation  est  donn\u00e9e  \u00e0  Madame  Emmanuelle  SUJOBERT,  et  \u00e0  Madame \nChristelle JUREDIEU,  pour \n\u2013 les  bordereaux  d'envoi  et  les  correspondances  courantes  concernant  la  \nr\u00e9glementation des certificats d'immatriculation\n\u2013 les  r\u00e9c\u00e9piss\u00e9s  concernant  les  d\u00e9p\u00f4ts  par  les  huissiers  des  proc\u00e8s-verbaux \nd'indisponibilit\u00e9 du certificat d'immatriculation ;\n\u2013 les attestations relatives aux immatriculations ;\n\u2013 les demandes d'avis et d'enqu\u00eates ;\n\u2013 les  correspondances  li\u00e9es  aux  droits  de  communications  des  informations \nconcernant les certificats d'immatriculations ;\n\u2013 les  d\u00e9clarations  d'affectation  et  de  cessation  d'affectation  de  v\u00e9hicules  au \ntransport de public de personnes.\n\u2013 la  d\u00e9livrance  des  r\u00e9c\u00e9piss\u00e9s  provisoires  et  d\u00e9finitifs  des  d\u00e9clarations  de  \ncandidature aux \u00e9lections politiques et professionnelles ;\nArticle  7     : Le  Secr\u00e9taire  g\u00e9n\u00e9ral  de  la  Pr\u00e9fecture  de  la  C\u00f4te-d'Or,  le  Directeur  des \ncollectivit\u00e9s locales et des \u00e9lections ainsi que les agents b\u00e9n\u00e9ficiaires de la d\u00e9l\u00e9gation de  \nsignature, sont charg\u00e9s, chacun pour ce qui le concerne, de l'ex\u00e9cution du pr\u00e9sent arr\u00eat\u00e9  \nqui sera publi\u00e9 au recueil des actes administratifs de la pr\u00e9fecture de la C\u00f4te-d'Or. \nFait \u00e0 Dijon, le 1er juillet 2025\nLe pr\u00e9fet\nSign\u00e9 :\nPaul MOURIER\n7/7\nPr\u00e9fecture de la C\u00f4te-d'Or - 21-2025-07-01-00008 - Arr\u00eat\u00e9 pr\u00e9fectoral n\u00b0 934 /SG du 1er juillet 2025    \ndonnant d\u00e9l\u00e9gation de signature \u00e0 Monsieur S\u00e9bastien TRES, Directeur des collectivit\u00e9s locales et des \u00e9lections (DCLE) . 21","date":"2025-07-07","first_seen_on":"2025-09-14T05:33:17+00:00","id":"a9a2f48c7ef779f5fa070b9dca919a44ce40e2856c8cdb1bf8b048dfbfb4d96c","name":"RAA n\u00b0 090 du 02 juillet 2025","pdf_creation_date":"2025-07-02T14:19:05+00:00","pdf_modification_date":null,"timezone":"Europe/Paris","url":"https://www.cote-dor.gouv.fr/contenu/telechargement/23752/180681/file/recueil-21-2025-090-recueil-des-actes-administratifs-nominatifs.pdf"}
