{"administration":"pref21","administration_name":"Pr\u00e9fecture de C\u00f4te-d\u2019Or","content":"PR\u00c9FET\nDE LA C\u00d4TE-D'OR\nRECUEIL DES ACTES\nADMINISTRATIFS SP\u00c9CIAL\n(NOMINATIFS)\nN\u00b021-2025-010\nPUBLI\u00c9 LE 16 JANVIER 2025\nSommaire\nCour d'appel de Dijon /\n21-2025-01-06-00010 - D\u00e9cision d\u00e9l\u00e9gation signature d\u00e9penses et\nrecettes personnel (2 pages) Page 3\nPr\u00e9fecture de la C\u00f4te-d'Or / Cabinet\n21-2025-01-13-00001 - GOUJON Georges arr\u00eat\u00e9 pr\u00e9fectoral honorariat\n(1 page) Page 6\n2\nCour d'appel de Dijon\n21-2025-01-06-00010\nD\u00e9cision d\u00e9l\u00e9gation signature d\u00e9penses et\nrecettes personnel\nCour d'appel de Dijon - 21-2025-01-06-00010 - D\u00e9cision d\u00e9l\u00e9gation signature d\u00e9penses et recettes personnel 3\nMINISTEREDE LA JUSTICEL'iberte'Egalit\u00e9Fraternit\u00e9\n  \n \nLa premi\u00e8re pr\u00e9sidente de la cour d'appel de Dijon \net \n                 Le procureur g\u00e9n\u00e9ral pr\u00e8s ladite cour \n \nVu les d\u00e9crets n\u00b02004-435 du 24 mai 2004 et n\u00b02006-806 du 6 juillet 2006 relatifs aux comp\u00e9tences d\u00e9volues en \nqualit\u00e9 d'ordonnateurs secondaires aux premiers pr\u00e9sidents et procureurs g\u00e9n\u00e9raux de cour d'appel ; \n \nVu le d\u00e9cret n\u00b0 2012-1246 du 7 novembre 2012 relatif \u00e0 la gestion budg\u00e9taire et comptable publique modifi\u00e9 ; \n \nVu l'arr\u00eat\u00e9 du ministre de l'\u00e9conomie, des finances et de la relance et des comptes publics en date du 5 mai 2021 \nfixant la liste des pi\u00e8ces justificatives des d\u00e9penses des organismes soumis au titre 3 du d\u00e9cret n\u00b02012-1246 du \n7 novembre 2012 relatif \u00e0 la gestion budg\u00e9taire et comptable publique ; \n \nVu l'article D312-66 du code de l'organisation judiciaire relatif \u00e0 la comp\u00e9tence conjointe du premier pr\u00e9sident de \nla cour d'appel et du procureur g\u00e9n\u00e9ral pr\u00e8s cette cour pour l'ordonnancement secondaire des d\u00e9penses et des \nrecettes des juridictions de leur ressort  relatives au personnel, au fonctionnement et aux interventions et \u00e0 la \npossibilit\u00e9 de qu'ils ont de d\u00e9l\u00e9guer conjointement leur signature, sous leur surveillance et leur responsabilit\u00e9, au \ndirecteur d\u00e9l\u00e9gu\u00e9 \u00e0 l'administration r\u00e9gionale judiciaire, \u00e0 un magistrat ou aux agents en fonction dans le ressort \nde la cour d'appel ; \n \nVu les articles R312-71 et suivants du code de l'organisation judiciaire relatifs \u00e0 l'organisation et au fonctionnement \ndes services administratifs r\u00e9gionaux ; \n \nVu le d\u00e9cret NOR JUS B1916064D du 04 juillet 2019 portant nomination de Madame Lucette BROUTECHOUX \naux fonctions de premi\u00e8re pr\u00e9sidente de la cour d'appel de Dijon, \n \nVu le d\u00e9cret NOR JUS B2418220D du 09 juillet 2024 portant nomination de Monsieur Philippe ASTRUC aux \nfonctions de procureur g\u00e9n\u00e9ral pr\u00e8s la cour d'appel de Dijon, \n \nVu l'arr\u00eat\u00e9 du garde des sceaux en date du 08 novembre 2024 portant nomination de Madame Lise TRINH, \ndirectrice des services de greffe judiciaires, aux fonctions de responsable de la gestion des ressources humaines \nau service administratif r\u00e9gional de la cour d'appel de Dijon ; \n \n \nDECIDENT \n \nArticle 1er - D\u00e9l\u00e9gation conjointe de nos signatures est donn\u00e9e aux agents figurant nominativement dans l'annexe \n1 de la pr\u00e9sente d\u00e9cision, \u00e0 l'effet de signer les actes d'ordonnancement secondaire des d\u00e9penses et recettes \nconcernant les personnels du ressort de la cour d'appel. \n \nArticle 2 - la pr\u00e9sente d\u00e9cision sera communiqu\u00e9e aux agents nomm\u00e9s ci-dessus et publi\u00e9e au recueil des actes \nadministratifs de la r\u00e9gion Bourgogne Franche-Comt\u00e9. \n \n \nFait \u00e0 Dijon, le 06 janvier 2025 \n \nLE PROCUREUR G\u00c9N\u00c9RAL, \n \n \n \n \n \n \nPhilippe ASTRUC \nLA PREMI\u00c8RE PR\u00c9SIDENTE, \n \n \n \n \n \n \nLucette BROUTECHOUX \nCOUR D'APPEL DE DIJON \n \nDECISION PORTANT DELEGATION DE SIGNATURE \nCour d'appel de Dijon - 21-2025-01-06-00010 - D\u00e9cision d\u00e9l\u00e9gation signature d\u00e9penses et recettes personnel 4\n \n \nANNEXE 1 \nAgents b\u00e9n\u00e9ficiaires de la d\u00e9l\u00e9gation de signature des chefs de la cour d'appel de Dijon \n pour signer les actes d'ordonnancement secondaire des d\u00e9penses et recettes concernant les personnels du \nressort de la cour d'appel de Dijon  \n \nPr\u00e9nom NOM Corps et fonctions Signature \nJulie DUFOUR \nDirectrice des services de greffe, \ndirectrice d\u00e9l\u00e9gu\u00e9e \u00e0 \nl'administration r\u00e9gionale \njudiciaire du SAR de la cour \nd'appel de Dijon \n \nMagalie TONNELLATTO \nDirectrice des services de greffe, \nresponsable de la gestion des \nressources humaines, cheffe du \np\u00f4le RH - Formation \n \nLise TRINH \nDirectrice des services de greffe, \nresponsable de la gestion des \nressources humaines \n \nJocelyne VILLAME \u00e9pouse \nCHADEUF \nSecr\u00e9taire administrative, \nresponsable de la gestion des \nressources humaines adjointe \n \nAng\u00e9lique AUBEL \nSecr\u00e9taire administratif, \ngestionnaire administratif et \nfinancier \n \nSt\u00e9phane BRISSART \nSecr\u00e9taire administratif, \ngestionnaire administratif et \nfinancier \n \nDamien LOEW \nSecr\u00e9taire administratif, \ngestionnaire administratif et \nfinancier \n \nYo\u00ebssa GARNIER \nAdjointe administrative, \ngestionnaire administrative et \nfinancier \n \nAude MILLERAND \nAdjointe administrative, \ngestionnaire administrative et \nfinancier \n \n \nCour d'appel de Dijon - 21-2025-01-06-00010 - D\u00e9cision d\u00e9l\u00e9gation signature d\u00e9penses et recettes personnel 5\nPr\u00e9fecture de la C\u00f4te-d'Or\nCabinet\n21-2025-01-13-00001\nGOUJON Georges arr\u00eat\u00e9 pr\u00e9fectoral honorariat\nPr\u00e9fecture de la C\u00f4te-d'Or - 21-2025-01-13-00001 - GOUJON Georges arr\u00eat\u00e9 pr\u00e9fectoral honorariat 6\nt\u00e9l : 03 80 44 64 02\nm\u00e9l : pref-bureau-cabinet@cote-dor.gouv.fr\nPr\u00e9fecture de la C\u00f4te-d'Or - 21-2025-01-13-00001 - GOUJON Georges arr\u00eat\u00e9 pr\u00e9fectoral honorariat 7","date":"2025-01-16","first_seen_on":"2025-09-13T23:17:38+00:00","id":"a9bd8f59efc015d1d632e9d4e8e3c56217aba9084f09491f7a536d492a153951","name":"RAA n\u00b0 010 du 16 janvier 2025","pdf_creation_date":"2025-01-16T15:13:38+00:00","pdf_modification_date":null,"timezone":"Europe/Paris","url":"https://www.cote-dor.gouv.fr/contenu/telechargement/22730/173582/file/recueil-21-2025-010-recueil-des-actes-administratifs-nominatifs.pdf"}
