{"administration":"pref21","administration_name":"Pr\u00e9fecture de C\u00f4te-d\u2019Or","content":"PR\u00c9FET\nDE LA C\u00d4TE-D'OR\nRECUEIL DES ACTES\nADMINISTRATIFS SP\u00c9CIAL\nN\u00b021-2024-056\nPUBLI\u00c9 LE  7 MAI 2024\nSommaire\nDirection d\u00e9partementale des territoires de la C\u00f4te-d'Or /\n21-2024-05-06-00002 - Arr\u00eat\u00e9 n\u00b0 76 du 6 mai 2024 portant d\u00e9l\u00e9gation de\nsignature aux agents de la direction d\u00e9partementale des territoires de la\nC\u00f4te-d\u25a1Or (8 pages) Page 3\nDirection d\u00e9partementale des territoires de la C\u00f4te-d'Or / Service\nPr\u00e9servation et Am\u00e9nagement de l'Espace\n21-2024-05-07-00003 - Annexe \u00e0 l'arr\u00eat\u00e9 pr\u00e9fectoral du 7 mai 2024\nautorisant Monsieur Sylvain FERROUX \u00e0 effectuer des tirs de d\u00e9fense simple\nen vue de la protection de son troupeau de moutons contre la pr\u00e9dation\ndu loup (Canis lupus) (1 page) Page 12\n21-2024-05-07-00002 - Arr\u00eat\u00e9 pr\u00e9fectoral du 7 mai 2024 autorisant\nMonsieur Sylvain FERROUX \u00e0 effectuer des tirs de d\u00e9fense simple en vue de\nla protection de son troupeau de moutons contre la pr\u00e9dation du loup\n(Canis lupus) (6 pages) Page 14\nDirection d\u00e9partementale des territoires de la C\u00f4te-d'Or / Service\nPr\u00e9servation et Am\u00e9nagement de l'Espace (SPAE)\n21-2024-05-06-00001 - Arr\u00eat\u00e9 pr\u00e9fectoral du 6 mai 2024 autorisant Monsieur\nPascal HERY \u00e0 effectuer des tirs de d\u00e9fense simple en vue de la protection\nde son troupeau de moutons contre la pr\u00e9dation du loup (Canis lupus) (7\npages) Page 21\nDirection d\u00e9partementale des territoires de la C\u00f4te-d'Or / Service S\u00e9curit\u00e9 et\n\u00c9ducation Routi\u00e8re\n21-2024-05-07-00001 - AP Circulation 1erRallyeRegionalBligny RAA (4 pages) Page 29\nSDIS de C\u00f4te-d'Or /\n21-2024-05-01-00002 - 2024_Liste Aptitude Op\u00e9rationnelle unit\u00e9 de lutte\ncontre les feux de for\u00eats_modifi\u00e9e (12 pages) Page 34\n21-2024-03-01-00003 - 2024_Liste Aptitude Op\u00e9rationnelle unit\u00e9 de lutte\nface aux risques chimiques (4 pages) Page 47\n21-2024-05-01-00001 - 2024_Liste Aptitude Op\u00e9rationnelle unit\u00e9 des\nsyst\u00e8mes d'information et de communication modifi\u00e9e (3 pages) Page 52\nSous-pr\u00e9fecture de Beaune /\n21-2024-05-07-00004 - Arr\u00eat\u00e9 pr\u00e9fectoral n\u00b0 769 portant autorisation de la\nmanifestation sportive avec participation de v\u00e9hicules terrestres \u00e0 moteur\nd\u00e9nomm\u00e9e \u00ab\u00a01er rallye r\u00e9gional de Bligny-sur-Ouche\u00bb  organis\u00e9e les 10 et 11\nmai 2024  (4 pages) Page 56\n2\nDirection d\u00e9partementale des territoires de la\nC\u00f4te-d'Or\n21-2024-05-06-00002\nArr\u00eat\u00e9 n\u00b0 76 du 6 mai 2024 portant d\u00e9l\u00e9gation\nde signature aux agents de la direction\nd\u00e9partementale des territoires de la C\u00f4te-d\u25a1Or\nDirection d\u00e9partementale des territoires de la C\u00f4te-d'Or - 21-2024-05-06-00002 - Arr\u00eat\u00e9 n\u00b0 76 du 6 mai 2024 portant d\u00e9l\u00e9gation de\nsignature aux agents de la direction d\u00e9partementale des territoires de la C\u00f4te-d\u25a1Or 3\nExPREFETDE LACOTE-D'ORL,z'berte'Egalit\u00e9Fraternit\u00e9\nDirection d\u00e9partementale des territoires de la\nC\u00f4te-d'Or\nARR\u00caT\u00c9 n\u00b0 76 du 6 mai 2024 portant d\u00e9l\u00e9gation de signature aux agents\nde la direction d\u00e9partementale des territoires de la C\u00f4te-d'Or\nVU l'article L255-A du livre des proc\u00e9dures fiscales et les articles L331-19 et R331-9 du\ncode de l'urbanisme relatifs \u00e0 l'assiette et \u00e0 la liquidation de la taxe d'am\u00e9nagement et du\nversement pour sous-densit\u00e9,\nVU les articles R190-1 et R198-10 du livre des proc\u00e9dures fiscales, et l'article R331-14 du\ncode de l'urbanisme relatifs au contentieux aff\u00e9rent \u00e0 l'assiette et \u00e0 la liquidation de la\ntaxe d'am\u00e9nagement et du versement pour sous-densit\u00e9,\nVU l'article R620-1 du code de l'urbanisme qui autorise le directeur d\u00e9partemental des\nterritoires \u00e0 d\u00e9l\u00e9guer sa signature dans les mati\u00e8res relevant en propre de ses attributions,\nVU le d\u00e9cret n\u00b0 2004-374 du 29 avril 2004 relatif aux pouvoirs des pr\u00e9fets, \u00e0 l'organisation\net \u00e0 l'action des Services de l'\u00c9tat dans les r\u00e9gions et d\u00e9partements,\nVU le d\u00e9cret n\u00b0 2009-1484 du 3 d\u00e9cembre 2009 relatif aux directions d\u00e9partementales\ninterminist\u00e9rielles,\nVU l'arr\u00eat\u00e9  pr\u00e9fectoral  n\u00b0  1073  du  30  juin  2023  portant  organisation  de  la  direction\nd\u00e9partementale des territoires de la C\u00f4te-d'Or,\nVU l'arr\u00eat\u00e9  n\u00b0  1199  du  17  octobre  2022 portant  d\u00e9l\u00e9gation  de  signature  \u00e0 M.  Olivier\nGERSTL\u00c9, directeur de cabinet du pr\u00e9fet de la C\u00f4te-d'Or,\nVU l'arr\u00eat\u00e9 pr\u00e9fectoral n\u00b0 1438 du 29 septembre 2023 portant d\u00e9l\u00e9gation de signature \u00e0\nMme Florence LAUBIER et lui permettant de donner d\u00e9l\u00e9gation aux agents plac\u00e9s sous\nson autorit\u00e9 pour signer les actes relatifs aux affaires pour lesquelles elle a elle-m\u00eame re\u00e7u\nd\u00e9l\u00e9gation,\nVU l'arr\u00eat\u00e9  nommant  Mme  Nadine  MUCKENSTURM  en  qualit\u00e9  de  directrice\nd\u00e9partementale des territoires adjointe,\nVU la  convention  de  d\u00e9l\u00e9gation  de  gestion  entre  la  direction  d\u00e9partementale  des\nterritoires de la C\u00f4te-d'Or et la direction r\u00e9gionale de l'alimentation, de l'agriculture et de\nla for\u00eat de Bourgogne (CPCM),\nVu la convention pass\u00e9e le 25 juillet 2023 avec l'ASP pour la d\u00e9l\u00e9gation de t\u00e2ches dans le\ncadre de la mise en \u0153uvre des interventions 70.26 (dispositif de protection des troupeaux\nDirection d\u00e9partementale des territoires de la C\u00f4te-d'Or\n57 rue de Mulhouse- BP 53317 - 21033 DIJON cedex\nt\u00e9l : 03 80 29 44 44 \u2013 Courriel : ddt@cote-dor.gouv.fr\nDirection d\u00e9partementale des territoires de la C\u00f4te-d'Or - 21-2024-05-06-00002 - Arr\u00eat\u00e9 n\u00b0 76 du 6 mai 2024 portant d\u00e9l\u00e9gation de\nsignature aux agents de la direction d\u00e9partementale des territoires de la C\u00f4te-d\u25a1Or 4\n2\ncontre la pr\u00e9dation) et 73.16 (investissements li\u00e9s \u00e0 la protection des exploitations contre la\npr\u00e9dation) de la programmation PAC 2023-2027 ;\nA R R \u00ca T E :\nARTICLE  1  er   :  D\u00e9l\u00e9gation  de  signature  est  donn\u00e9e  \u00e0  Mme  Nadine  MUCKENSTURM,\ndirectrice  d\u00e9partementale  des  territoires  adjointe ,  pour  toutes  d\u00e9cisions  et  tous\ndocuments  relevant des  attributions  et des  domaines  d'activit\u00e9s  mentionn\u00e9s  dans  les\narr\u00eat\u00e9s susvis\u00e9s du 17 octobre 2020.\nLa m\u00eame d\u00e9l\u00e9gation est accord\u00e9e, en dehors des heures d'ouverture des bureaux, les\nweek-ends et jours f\u00e9ri\u00e9s, \u00e0 chacun des agents mentionn\u00e9s aux articles 2 et 3 ci-dessous\nlorsqu'ils exercent les fonctions de cadre d'astreinte et sont inscrits dans le calendrier des\nastreintes.\nSECTION 1 : ADMINISTRATION G\u00c9N\u00c9RALE\nARTICLE 2 : D\u00e9l\u00e9gation est donn\u00e9e \u00e0 chaque responsable de service, chacun en ce qui le\nconcerne, dans son domaine de comp\u00e9tence :\n\u2013 Mme Marie KIENTZ, responsable du service \u00e9conomie agricole et environnement des\nexploitations (rubriques B1/1 \u00e0 15),\n\u2013 M. Fr\u00e9d\u00e9ric SALINS, responsable du  service urbanisme, connaissance et appui aux\nterritoires (rubriques D2/1 \u00e0 9 , C3/2, D4/1, D5/1 \u00e0 3, et pour signer les r\u00e9ponses aux\nr\u00e9clamations pr\u00e9alables, l'\u00e9tat r\u00e9capitulatif des cr\u00e9ances pour mise en recouvrement\nde  la  taxe  d'am\u00e9nagement  et  du  versement  pour  sous-densit\u00e9,  les  avis  sur  les\nadmissions  en non  valeur,  les  actes  et d\u00e9cisions  de  toute  nature  en mati\u00e8re  de\nd\u00e9termination  de  l'assiette  et  de  la  liquidation  du  versement  r\u00e9sultant  du\nd\u00e9passement du plafond l\u00e9gal de densit\u00e9 et bordereaux de taxe d'am\u00e9nagement et\nde taxe d'am\u00e9nagement des espaces naturels sensibles),\n\u2013 M. Yann DUFOUR, responsable du service de l'eau et des risques (rubriques C1/1 \u00e0 3,\nC2/1 \u00e0 11, C5/1 \u00e0 17, C7/1 \u00e0 3),\n\u2013 Mme Florence CHOLLEY , responsable du service pr\u00e9servation et am\u00e9nagement de\nl'espace (rubriques B2/1 \u00e0 7, B3/1 \u00e0 8, C1/1 \u00e0 3, C3/2 \u00e0 8, C3/10 \u00e0 16, C4/1 \u00e0 21, C9/1 \u00e0\n7, C9/11 \u00e0 14, C9/16, D1/1 et 2, et D3/1),\n\u2013 M. Bruno NOUVEAU, responsable du service habitat et construction (rubriques E1/1 \u00e0\n4, E2/1 \u00e0 E4/4),\n\u2013 M.  Christian  DELANGLE,  responsable  du  service  s\u00e9curit\u00e9  et  \u00e9ducation  routi\u00e8re\n(rubriques C6/1, C8/1 \u00e0 3, F1/1 \u00e0 8, F2/1 \u00e0 9, F3/1 \u00e0 5).\nD\u00e9l\u00e9gation  est  donn\u00e9e  \u00e0  chaque  responsable  de  service  en  mati\u00e8re  de  gestion  du\npersonnel plac\u00e9 sous son autorit\u00e9 (cong\u00e9s, ordres de missions\u2026).\nDirection d\u00e9partementale des territoires de la C\u00f4te-d'Or - 21-2024-05-06-00002 - Arr\u00eat\u00e9 n\u00b0 76 du 6 mai 2024 portant d\u00e9l\u00e9gation de\nsignature aux agents de la direction d\u00e9partementale des territoires de la C\u00f4te-d\u25a1Or 5\n3\nARTICLE  3 :  En  cas  d'absence  ou  d'emp\u00eachement  des  responsables  de  services,\nd\u00e9l\u00e9gation est donn\u00e9e \u00e0 leurs adjoints, chacun dans son domaine de comp\u00e9tence et en\nmati\u00e8re de gestion du personnel du service concern\u00e9 (cong\u00e9s, ordres de missions)  :\n\u2013 M.  Olivier  RUCK,  pour  le  service  \u00e9conomie  agricole  et  environnement  des\nexploitations (rubriques B1/1 \u00e0 15),\n\u2013 Mme  Virginie  BROCHOT,  pour  le service  urbanisme,  connaissance  et  appui  aux\nterritoires (rubriques D2/1 \u00e0 7, C3/2, D4/1, D5/1 \u00e0 3, et pour signer les r\u00e9ponses aux\nr\u00e9clamations pr\u00e9alables, l'\u00e9tat r\u00e9capitulatif des cr\u00e9ances pour mise en recouvrement\nde  la  taxe  d'am\u00e9nagement  et  du  versement  pour  sous-densit\u00e9,  les  avis  sur  les\nadmissions  en non  valeur,  les  actes  et d\u00e9cisions  de  toute  nature  en mati\u00e8re  de\nd\u00e9termination  de  l'assiette  et  de  la  liquidation  du  versement  r\u00e9sultant  du\nd\u00e9passement du plafond l\u00e9gal de densit\u00e9 et bordereaux de taxe d'am\u00e9nagement et\nde taxe d'am\u00e9nagement des espaces naturels sensibles),\n\u2013 Mme Aur\u00e9lie GOURDON, pour le service eau et risques (rubriques C1/1 \u00e0 3, C2/1 \u00e0 11,\nC5/1 \u00e0 17, C7/1 \u00e0 3),\n\u2013 Mme Anelise TACONET, pour le service pr\u00e9servation et am\u00e9nagement de l'espace\n(rubriques B2/1 \u00e0 7, B3/1 \u00e0 8, C1/1 \u00e0 3, C3/2 \u00e0 8, C3/10 \u00e0 16, C4/1 \u00e0 21, C9/1 \u00e0 7, C9/11 \u00e0\n14, C9/16, D1/1 et 2, et D3/1),\n\u2013 M. Nihad SIVAC, pour le service habitat et construction (rubriques E1/1 \u00e0 4, E2/1\n\u00e0 E4/4),\n\u2013 M. Philippe MUNIER, pour le service s\u00e9curit\u00e9 et \u00e9ducation routi\u00e8re (rubriques C6/1,\nC8/1 \u00e0 3, F1/1 \u00e0 8, F2/1 \u00e0 9, F3/1 \u00e0 5).\nARTICLE 4 : D\u00e9l\u00e9gation est donn\u00e9e aux responsables de bureau et, en cas d'absence ou\nd'emp\u00eachement,  \u00e0 leurs  adjoints  en mati\u00e8re de gestion  du  personnel  plac\u00e9 sous  leur\nautorit\u00e9 (cong\u00e9s, ordres de missions\u2026).\nEn cas d'absence ou d'emp\u00eachement des responsables de services et de leurs adjoints,\nd\u00e9l\u00e9gation est donn\u00e9e aux responsables de bureaux et aux personnes ci-apr\u00e8s d\u00e9sign\u00e9es\npour toutes d\u00e9cisions et tous documents relevant des attributions pr\u00e9cis\u00e9es ci-dessous  :\nDIRECTION :\n\u2013 C  abinet     : Mme Murielle DUMONT\nSERVICE \u00c9CONOMIE AGRICOLE ET ENVIRONNEMENT DES EXPLOITATIONS  :\n\u2013 Bureau aides directes (rubriques B1/1 \u00e0 15) : M. Emmanuel BERION\n\u2013 Bureau foncier exploitants contr\u00f4les (rubriques B1/1 \u00e0 15) : Mme Olivia PREIRA\nSERVICE URBANISME, CONNAISSANCE ET APPUI AUX TERRITOIRES :\n\u2013 Bureau application du droit des sols     (rubriques D2/1 \u00e0 9 et D5/1 \u00e0 3) :\n\u2013 Mme Laure ZIMMER, responsable du bureau\n\u2013 MM. Philippe CLEMENT et Ahmed ZAHAF, adjoints.\nDirection d\u00e9partementale des territoires de la C\u00f4te-d'Or - 21-2024-05-06-00002 - Arr\u00eat\u00e9 n\u00b0 76 du 6 mai 2024 portant d\u00e9l\u00e9gation de\nsignature aux agents de la direction d\u00e9partementale des territoires de la C\u00f4te-d\u25a1Or 6\n4\nD\u00e9l\u00e9gation est donn\u00e9e \u00e0 Mme Nathalie F\u00c8VRE pour les rubriques D2/3 \u00e0 5.\nD\u00e9l\u00e9gation  est  donn\u00e9e  \u00e0  Mmes  Oc\u00e9ane  CUISINIER,  C\u00e9line  DELARCHE-VERGUET,\nSandrine  FLAMAND,  G\u00e9raldine  MEUZARD  et  Delphine  PARIS,  et  \u00e0  MM.  Cyrille\nAUFFRET, Fran\u00e7ois GERMAIN, Jean-Bernard LORAUD-BEUDET et Michel PINSON pour\nsigner les lettres de majoration de d\u00e9lai d'instruction (rubrique D 2/4)\n\u2013 Bureau g\u00e9omatique et analyse territoriale : M. Xavier FAYOUX\n\u2013 Bureau des affaires juridiques  : D\u00e9l\u00e9gation est donn\u00e9e \u00e0 l'effet de repr\u00e9senter l'\u00c9tat\ndevant les juridictions (rubriques A2/1 et 4, D6/1)  et pour signer l'avis conforme de\nl'\u00c9tat pour les communes dont les demandes d'autorisation d'urbanisme ne sont pas\ninstruites par la DDT (D2/6 et D2/7) \u00e0 :\n\u2013 M. Philippe GILLOT, responsable du bureau\n\u2013 Mme Catherine BAILLY, adjointe\nD\u00e9l\u00e9gation  est  donn\u00e9e  \u00e0  l'effet  de  repr\u00e9senter  l'\u00c9tat  devant  les  juridictions\n(rubriques A2/1 et D6/1) \u00e0 Mme H\u00e9l\u00e8ne GALLOY\n\u2013 Bureau   connaissance et accompagnement des territoires   : \n\u2013 Mme Virginie BROCHOT, responsable du bureau\n\u2013 M. Christophe ROYER, adjoint\nSERVICE DE L'EAU ET DES RISQUES :\n\u2013 Bureau  de  la  police  de  l'eau (rubriques  C1/1  \u00e0  3,  C2/1  \u00e0  11,  C5/1  \u00e0  17)  :\nMme \u00c9lise JACOB\n\u2013 Bureau pr\u00e9vention des risques naturels et hydrauliques  (rubriques C1/1 \u00e0 3, C2/1 \u00e0 11,\nC5/1 \u00e0 17) : Mme H\u00e9l\u00e8ne MOUCADEAU\n\u2013 Bureau pr\u00e9servation de la qualit\u00e9 de l'eau et des milieux aquatiques  (rubriques C1/1 \u00e0\n3, C2/1 \u00e0 11, C5/1 \u00e0 17) : M. Philippe BIJARD\nSERVICE PR\u00c9SERVATION ET AM\u00c9NAGEMENT DE L'ESPACE  :\n\u2013 Bureau chasse-for\u00eat (rubriques B2/1 \u00e0 7, C1/1 \u00e0 3, C4/1 \u00e0 21) : M. Emeric BUSSY\n\u2013 Bureau nature, sites, \u00e9nergies renouvelables  (rubriques B3/1 \u00e0 8, C1/1 \u00e0 3, C3/2 \u00e0 8,\nC3/10 \u00e0 16)  :\n\u2013 M. Laurent TISN\u00c9, responsable du bureau\n\u2013 M. Alexandre BRASSART , adjoint\n\u2013 Bureau planification et pr\u00e9vention des risques technologiques  (rubriques D1/1 et 2,\net D3/1)  :\n\u2013 M. Pascal PERRICHET, responsable du bureau\n\u2013 M. J\u00e9r\u00f4me CONNAN, adjoint\n\u2013 Bureau SCOT : M. Florent VINCENT\nDirection d\u00e9partementale des territoires de la C\u00f4te-d'Or - 21-2024-05-06-00002 - Arr\u00eat\u00e9 n\u00b0 76 du 6 mai 2024 portant d\u00e9l\u00e9gation de\nsignature aux agents de la direction d\u00e9partementale des territoires de la C\u00f4te-d\u25a1Or 7\n5\n\u2013 Transition \u00e9cologique et publicit\u00e9 : Mme Isabelle SCHMITT\nSERVICE HABITAT ET CONSTRUCTION :\n\u2013 Bureau   politique territoriale de l'habitat et renouvellement urbain     :\n\u2013 M. Sylvain PETIOT (rubriques E4/2 et E4/3), responsable du bureau\n\u2013 Mme Carole GAUCHERON, adjointe\nD\u00e9l\u00e9gation est donn\u00e9e \u00e0 Mme Aur\u00e9lie G\u00c9NELOT en mati\u00e8re de gestion du personnel\n(cong\u00e9s, ordres de mission), pour les agents plac\u00e9s sous son autorit\u00e9, \n\u2013 Bureau   logement social et am\u00e9lioration du parc priv\u00e9   : \n\u2013 Mme Christel COULON (rubriques E2/2, 4, 8, E3/4, E4/4), responsable du bureau\n\u2013 Mme Maryse CONFURON, adjointe\n\u2013 Mme  Florence DULAC, adjointe\n\u2013 Bureau b\u00e2timent et accessibilit\u00e9 :\n\u2013 M. Nihad SIVAC (rubriques E1/1 \u00e0 4), responsable du bureau\n\u2013 Mme Patricia DELON, adjointe\nSERVICE DE LA S\u00c9CURIT\u00c9 ET DE L'\u00c9DUCATION ROUTI\u00c8RE  :\n\u2013 Bureau \u00e9ducation routi\u00e8re (rubriques F1/1 \u00e0 8) :\n\u2013 Mme Julie SEVILLA, d\u00e9l\u00e9gu\u00e9e \u00e0 l'\u00e9ducation routi\u00e8re, responsable du bureau\n\u2013 Mme  Laurence  SENNORAT  et,  jusqu'au  01/07/2024,  M.  Claude  HEBMANN,\nadjoints \nARTICLE  5  :  Les  r\u00e9ponses  aux  interventions  des  parlementaires  demeurent  de  la\ncomp\u00e9tence exclusive du Pr\u00e9fet.\nSECTION 2     : COMP\u00c9TENCE D'ORDONNATEUR SECONDAIRE  \nARTICLE 6 : EN QUALIT\u00c9 DE REPR\u00c9SENTANT DU POUVOIR ADJUDICATEUR\nD\u00e9l\u00e9gation est donn\u00e9e \u00e0 l'effet de signer, dans la limite de 25 000 euros hors taxe, les\naccords-cadres et march\u00e9s publics de travaux, de fournitures et de services, y compris les\nbons de commandes et les march\u00e9s subs\u00e9quents des accords-cadres et tous les actes s'y\nrapportant, \u00e0 :\n\u2013 Mme Marie KIENTZ, responsable du service \u00e9conomie agricole et environnement des\nexploitations, et M. Olivier RUCK, adjoint, pour le BOP 154,\n\u2013 M. Fr\u00e9d\u00e9ric SALINS, responsable du  service urbanisme, connaissance et appui aux\nterritoires, et Mme Virginie BROCHOT, adjointe, pour le BOP 135, \n\u2013 M. Yann DUFOUR, responsable du service de l'eau et des risques, et  Mme Aur\u00e9lie\nGOURDON, adjointe, pour les BOP 113 et 181,\nDirection d\u00e9partementale des territoires de la C\u00f4te-d'Or - 21-2024-05-06-00002 - Arr\u00eat\u00e9 n\u00b0 76 du 6 mai 2024 portant d\u00e9l\u00e9gation de\nsignature aux agents de la direction d\u00e9partementale des territoires de la C\u00f4te-d\u25a1Or 8\n6\n\u2013 Mme  Florence CHOLLEY , responsable du service pr\u00e9servation et am\u00e9nagement de\nl'espace, et Mme Anelise TACONET, adjointe, pour les BOP 113, 135 et 149,\n\u2013 M. Bruno NOUVEAU, responsable du service habitat et construction, et  M. Nihad\nSIVAC, adjoint, pour les BOP 135 et 203,\n\u2013 M. Christian DELANGLE, responsable du service s\u00e9curit\u00e9 et \u00e9ducation routi\u00e8re, et\nM. Philippe MUNIER, adjoint, pour le BOP 207.\nARTICLE 7 : EN QUALIT\u00c9 DE RESPONSABLE D'UNIT\u00c9 OP\u00c9RATIONNELLE\nD\u00e9l\u00e9gation est donn\u00e9e \u00e0 l'effet de signer toutes  les pi\u00e8ces relatives \u00e0 l'exercice de la\ncomp\u00e9tence  d'ordonnateur  secondaire  d\u00e9l\u00e9gu\u00e9  et  de  proc\u00e9der  aux  validations  dans\nl'application Chorus Formulaires, tant pour les d\u00e9penses que pour les recettes \u00e0  :\n\u2013 Mme Marie KIENTZ, responsable du service \u00e9conomie agricole et environnement des\nexploitations, et M. Olivier RUCK, adjoint, pour le BOP 154,\n\u2013 M. Fr\u00e9d\u00e9ric SALINS, responsable du  service urbanisme, connaissance et appui aux\nterritoires, et Mme Virginie BROCHOT, adjointe, pour le BOP 135, \n\u2013 M. Yann DUFOUR, responsable du service de l'eau et des risques, et  Mme Aur\u00e9lie\nGOURDON, adjointe, pour les BOP 113 et 181,\n\u2013 Mme H\u00e9l\u00e8ne MOUCADEAU, pour le BOP 181,\n\u2013 Mme  Florence CHOLLEY , responsable du service pr\u00e9servation et am\u00e9nagement de\nl'espace, et Mme Anelise TACONET, adjointe, pour les BOP 113, 135 et 149, ainsi que\npour les \u00e9tats de frais des architectes et paysagistes  conseils,\n\u2013 M. Bruno NOUVEAU, responsable du service habitat et construction, et  M. Nihad\nSIVAC, adjoint, pour les BOP 135 et 203,\n\u2013 Mme Christel COULON, responsable du bureau politiques locales du logement, pour\nle BOP 135,\n\u2013 M. Christian DELANGLE, responsable du service s\u00e9curit\u00e9 et \u00e9ducation routi\u00e8re, et\nM. Philippe MUNIER, adjoint, pour le BOP 207,\n\u2013 M. Philippe RAFFY, charg\u00e9 de mission animation r\u00e9gionale s\u00e9curit\u00e9 routi\u00e8re, pour le\nBOP 207, sur le volet animation r\u00e9gionale s\u00e9curit\u00e9 routi\u00e8re,\n\u2013 Mme Julie SEVILLA, responsable du bureau de l'\u00e9ducation routi\u00e8re, pour le BOP 207,\nsur le volet \u00e9ducation routi\u00e8re,\nL'engagement juridique des d\u00e9penses est effectu\u00e9 par le centre de prestation comptable\nmutualis\u00e9 (CPCM) et le paiement par ce dernier ou par le service facturier de la DRFiP.\nARTICLE 8 : EN QUALIT\u00c9 DE VALIDEUR CHORUS DT\nD\u00e9l\u00e9gation est donn\u00e9e \u00e0 l'effet de valider les ordres de mission et les \u00e9tats de frais de\nd\u00e9placement (en tant que \u00ab VH1 \u00bb dans Chorus DT et, le cas \u00e9ch\u00e9ant, les \u00e9tats papier) des\nagents plac\u00e9s sous leur autorit\u00e9 \u00e0 :\n\u2013 Mme Murielle DUMONT, pour le cabinet,\nDirection d\u00e9partementale des territoires de la C\u00f4te-d'Or - 21-2024-05-06-00002 - Arr\u00eat\u00e9 n\u00b0 76 du 6 mai 2024 portant d\u00e9l\u00e9gation de\nsignature aux agents de la direction d\u00e9partementale des territoires de la C\u00f4te-d\u25a1Or 9\n7\n\u2013 Mme Marie KIENTZ, responsable du service \u00e9conomie agricole et environnement des\nexploitations, et M. Olivier RUCK, adjoint,\n\u2013 M. Emmanuel BERION, pour le bureau aides directes,\n\u2013 Mme Olivia PREIRA, pour le bureau installation et structures et, par int\u00e9rim, pour le\nbureau environnement des exploitations et contr\u00f4les,\n\u2013 M.  Fr\u00e9d\u00e9ric  SALINS  et  Mme  Virginie  BROCHOT,  pour  le  service  urbanisme,\nconnaissance et appui aux territoires,\n\u2013 Mme Laure ZIMMER, pour le bureau application du droit du sol,\n\u2013 M. Xavier FAYOUX, pour le bureau Syst\u00e8me d'information g\u00e9ographique et base de\ndonn\u00e9es,\n\u2013 M. Philippe GILLOT, pour le bureau des affaires juridiques,\n\u2013 M.  Christophe  ROYER,  pour  le  bureau  connaissance  et  accompagnement  des\nterritoires,\n\u2013 M. Yann DUFOUR et Mme Aur\u00e9lie GOURDON, pour le service de l'eau et des risques,\n\u2013 Mme \u00c9lise JACOB, pour le bureau police de l'eau,\n\u2013 Mme  H\u00e9l\u00e8ne  MOUCADEAU,  pour  le  bureau  pr\u00e9vention  des  risques  naturels  et\nhydrauliques,\n\u2013 M. Philippe BIJARD, pour le bureau pr\u00e9servation de la qualit\u00e9 de l'eau et des milieux\naquatiques,\n\u2013 Mme Florence CHOLLEY et Mme Anelise TACONET , pour le service pr\u00e9servation et\nam\u00e9nagement  de  l'espace,  ainsi  que  pour  les  \u00e9tats  de  frais  des  architectes  et\npaysagistes conseils,\n\u2013 M. Emeric BUSSY, pour le bureau chasse-for\u00eat,\n\u2013 M. Laurent TISN\u00c9, pour le bureau nature, sites et \u00e9nergies renouvelables,\n\u2013 M. Pascal  PERRICHET,  pour  le  bureau  planification  et  pr\u00e9vention  des  risques\ntechnologiques,\n\u2013 M. Florent VINCENT pour le bureau SCOT,\n\u2013 Mme Isabelle SCHMITT, pour le bureau politiques environnementales,\n\u2013 MM. Bruno NOUVEAU et Nihad SIVAC, pour le service habitat et construction,\n\u2013 M.  Sylvain  PETIOT  pour  le  bureau  politique  territoriale  de  l'habitat  et\nrenouvellement urbain,\n\u2013 Mme Christel COULON,  pour  le bureau  logement  social et am\u00e9lioration  du  parc\npriv\u00e9,\n\u2013 MM. Christian DELANGLE et Philippe MUNIER, pour le service s\u00e9curit\u00e9 et \u00e9ducation\nrouti\u00e8re,\n\u2013 Mme Julie SEVILLA et M. Claude HEBMANN, pour le bureau de l'\u00e9ducation routi\u00e8re.\nARTICLE 9 : CONCERNANT LE BOP 207 (FONCTION RBOP D\u00c9L\u00c9GU\u00c9)  :\nEst  autoris\u00e9 \u00e0 signer  les demandes  de d\u00e9l\u00e9gation,  ou  de retrait  de cr\u00e9dits  aux  unit\u00e9s\nop\u00e9rationnelles, dans le cadre fix\u00e9 par les r\u00e9partitions de cr\u00e9dits  :\n\u2013 M. Christian DELANGLE, responsable du service s\u00e9curit\u00e9 et \u00e9ducation routi\u00e8re, pour\nle BOP r\u00e9gional 207,\nDirection d\u00e9partementale des territoires de la C\u00f4te-d'Or - 21-2024-05-06-00002 - Arr\u00eat\u00e9 n\u00b0 76 du 6 mai 2024 portant d\u00e9l\u00e9gation de\nsignature aux agents de la direction d\u00e9partementale des territoires de la C\u00f4te-d\u25a1Or 10\n8\nSont autoris\u00e9s \u00e0 effectuer les diff\u00e9rents mouvements de cr\u00e9dits li\u00e9s \u00e0 la d\u00e9tention d'une\nlicence RBOP (mises \u00e0 disposition, retrait, r\u00e9-allocation,...) sous Chorus et dans le cadre de\nleurs attributions sur le BOP r\u00e9gional 207 :\n\u2013 M. Philippe RAFFY, charg\u00e9 de mission animation r\u00e9gionale s\u00e9curit\u00e9 routi\u00e8re,\n\u2013 Mme Val\u00e9rie RICHARD et Mme Nathalie RENARD.\nARTICLE 10 : CONCERNANT LE BOP 207 (VALIDATION CHORUS DT)\nD\u00e9l\u00e9gation  est  donn\u00e9e  \u00e0  MM.  Christian  DELANGLE et  Philippe  MUNIER,  en  tant  que\n\u00ab gestionnaires \u00bb, \u00e0 l'effet de proc\u00e9der, dans l'application Chorus DT, \u00e0 la validation des\n\u00e9tats de frais de d\u00e9placement des agents plac\u00e9s sous leur autorit\u00e9 (BOP 207).\nSECTION 3     : DISPOSITIONS FINALES  \nARTICLE 11 : Le pr\u00e9sent arr\u00eat\u00e9 prend effet \u00e0 compter de sa parution au recueil des actes\nadministratifs de la pr\u00e9fecture de la C\u00f4te-d'Or.\nL'arr\u00eat\u00e9  n\u00b0  43 du  10 janvier  2024 et toutes  dispositions  ant\u00e9rieures  et contraires  au\npr\u00e9sent arr\u00eat\u00e9 sont abrog\u00e9es. \nARTICLE  12  :  La directrice  d\u00e9partementale  des  territoires  de  C\u00f4te-d'Or  et les  agents\nconcern\u00e9s sont charg\u00e9s, chacun en ce qui le concerne, de l'ex\u00e9cution du pr\u00e9sent arr\u00eat\u00e9\nqui sera publi\u00e9 au recueil des actes administratifs de la pr\u00e9fecture de la C\u00f4te-d'Or.\nFait \u00e0 Dijon, le 6 mai 2024\nLa directrice d\u00e9partementale des territoires\nde la C\u00f4te-d'Or\nSign\u00e9\nFlorence LAUBIER\nDirection d\u00e9partementale des territoires de la C\u00f4te-d'Or - 21-2024-05-06-00002 - Arr\u00eat\u00e9 n\u00b0 76 du 6 mai 2024 portant d\u00e9l\u00e9gation de\nsignature aux agents de la direction d\u00e9partementale des territoires de la C\u00f4te-d\u25a1Or 11\nDirection d\u00e9partementale des territoires de la\nC\u00f4te-d'Or\nService Pr\u00e9servation et Am\u00e9nagement de\nl'Espace\n21-2024-05-07-00003\nAnnexe \u00e0 l'arr\u00eat\u00e9 pr\u00e9fectoral du 7 mai 2024\nautorisant Monsieur Sylvain FERROUX \u00e0 effectuer\ndes tirs de d\u00e9fense simple en vue de la\nprotection de son troupeau de moutons contre\nla pr\u00e9dation du loup (Canis lupus)\nDirection d\u00e9partementale des territoires de la C\u00f4te-d'Or - 21-2024-05-07-00003 - Annexe \u00e0 l'arr\u00eat\u00e9 pr\u00e9fectoral du 7 mai 2024\nautorisant Monsieur Sylvain FERROUX \u00e0 effectuer des tirs de d\u00e9fense simple en vue de la protection de son troupeau de moutons\ncontre la pr\u00e9dation du loup (Canis lupus)\n12\nAnnexe \u00e0 l'arr\u00eat\u00e9 pr\u00e9fectoral du \nautorisant Monsieur Sylvain FERROUX \u00e0 effectuer des tirs de d\u00e9fense simple \npour la protection de son troupeau ovin \nDirection d\u00e9partementale des territoires de C\u00f4te d'Or \nFait \u00e0 Dijon, le \nLe pr\u00e9fet \nDirection d\u00e9partementale des territoires de la C\u00f4te-d'Or - 21-2024-05-07-00003 - Annexe \u00e0 l'arr\u00eat\u00e9 pr\u00e9fectoral du 7 mai 2024\nautorisant Monsieur Sylvain FERROUX \u00e0 effectuer des tirs de d\u00e9fense simple en vue de la protection de son troupeau de moutons\ncontre la pr\u00e9dation du loup (Canis lupus)\n13\nDirection d\u00e9partementale des territoires de la\nC\u00f4te-d'Or\nService Pr\u00e9servation et Am\u00e9nagement de\nl'Espace\n21-2024-05-07-00002\nArr\u00eat\u00e9 pr\u00e9fectoral du 7 mai 2024 autorisant\nMonsieur Sylvain FERROUX \u00e0 effectuer des tirs de\nd\u00e9fense simple en vue de la protection de son\ntroupeau de moutons contre la pr\u00e9dation du\nloup (Canis lupus)\nDirection d\u00e9partementale des territoires de la C\u00f4te-d'Or - 21-2024-05-07-00002 - Arr\u00eat\u00e9 pr\u00e9fectoral du 7 mai 2024 autorisant\nMonsieur Sylvain FERROUX \u00e0 effectuer des tirs de d\u00e9fense simple en vue de la protection de son troupeau de moutons contre la\npr\u00e9dation du loup (Canis lupus)\n14\nPREFETDE LACOTE-D'ORL,ibert\u00e9Egalit\u00e9Fraternit\u00e9\nDirection d\u00e9partementale des territoires\nde la C\u00f4te-d'Or\nArr\u00eat\u00e9 pr\u00e9fectoral du 7 mai 2024\nautorisant Monsieur Sylvain FERROUX \u00e0 effectuer des tirs de d\u00e9fense simple\nen vue de la protection de son troupeau de moutons\ncontre la pr\u00e9dation du loup (Canis lupus)\nLe Pr\u00e9fet de la C\u00f4te-d'Or\nVU la  d\u00e9cision  d'ex\u00e9cution  de  la  Commission  europ\u00e9enne  du  31  ao\u00fbt  2022  portant\napprobation du plan strat\u00e9gique relevant de la PAC 2023-2027 de la France en vue d'un\nsoutien  de  l'Union  financ\u00e9  par  le  Fonds  europ\u00e9en  agricole  de  garantie  et  le  Fonds\neurop\u00e9en agricole pour le d\u00e9veloppement rural ;\nVU le  code  de  l'environnement  et  notamment  ses  articles  L.411-2,  L.427-6,  R.411-6  \u00e0\nR.411-14 et R 427-4 ;\nVU le code rural et de la p\u00eache maritime et notamment ses articles L.111-2 et L.113-1 ;\nVU le code de la s\u00e9curit\u00e9 int\u00e9rieure et notamment ses articles L.311-2 et suivants, R.311-2\net suivants ;\nVU l'arr\u00eat\u00e9 du 23 a vril 2007 modifi\u00e9 fixant la liste des mammif\u00e8res terrestres prot\u00e9g\u00e9s sur\nl'ensemble du territoire et les modalit\u00e9s de leur protection ;\nVU l'arr\u00eat\u00e9 du 19 f\u00e9vrier 2007 modifi\u00e9 fixant les conditions de demande et d'instruction\ndes d\u00e9rogations d\u00e9finies au 4\u00b0 de l'article L. 411-2 du code de l'environnement portant sur\nles esp\u00e8ces de faune et de flore sauvages prot\u00e9g\u00e9es ;\nVU l'arr\u00eat\u00e9 minist\u00e9riel du  23 octobre 2020  fixant le nombre maximum de sp\u00e9cimens de\nloups (Canis lupus) dont la destruction pourra \u00eatre autoris\u00e9e chaque ann\u00e9e ;\nVU l'arr\u00eat\u00e9 minist\u00e9riel du 21 f\u00e9vrier 2024 fixant les conditions et limites dans lesquelles des\nd\u00e9rogations  aux  interdictions  de  destruction  peuvent  \u00eatre  accord\u00e9es  par  les  pr\u00e9fets\nconcernant le loup (Canis lupus) ;\nVU l'arr\u00eat\u00e9 pr\u00e9fectoral modifi\u00e9 du 30 d\u00e9cembre 2019  portant nomination des lieutenants\nde louveterie dans le d\u00e9partement de la C\u00f4te-d'Or pour la p\u00e9riode du 1 er janvier 2020 au\n31 d\u00e9cembre 2024 ;\n1\nDirection d\u00e9partementale des territoires de la C\u00f4te-d'Or\n57 , rue de Mulhouse - BP 53317 - 21033 Dijon CEDEX\nT\u00e9l. : 03 80 29 44 44\nCourriel : ddt@cote-dor.gouv.fr - Site internet : \nhttp://www.cote-dor.gouv.fr\nDirection d\u00e9partementale des territoires de la C\u00f4te-d'Or - 21-2024-05-07-00002 - Arr\u00eat\u00e9 pr\u00e9fectoral du 7 mai 2024 autorisant\nMonsieur Sylvain FERROUX \u00e0 effectuer des tirs de d\u00e9fense simple en vue de la protection de son troupeau de moutons contre la\npr\u00e9dation du loup (Canis lupus)\n15\nVU l'arr\u00eat\u00e9 pr\u00e9fectoral du 10 mars 2021 fixant la liste des personnes habilit\u00e9es \u00e0 participer\naux op\u00e9rations de tir de d\u00e9fense renforc\u00e9e et aux op\u00e9rations de tir de pr\u00e9l\u00e8vement dans\nle  d\u00e9partement  de  la  C\u00f4te-d'Or,  en  application  de  l'arr\u00eat\u00e9  interminist\u00e9riel  du\n23 octobre 2020 fixant  les  conditions  et  limites  dans  lesquelles  des  d\u00e9rogations  aux\ninterdictions de destruction peuvent \u00eatre accord\u00e9es par les pr\u00e9fets concernant le loup\n(Canis lupus) ;\nVU l'arr\u00eat\u00e9  pr\u00e9fectoral  modifi\u00e9  du  28  janvier  2024  d\u00e9limitant,  pour  l'ann\u00e9e  2024,  les\ncommunes  du  d\u00e9partement  de  la  C\u00f4te-d'Or  dans  lesquelles  le  dispositif  d'aide  \u00e0  la\nprotection des troupeaux contre la pr\u00e9dation (loup) peut \u00eatre mis en \u0153uvre ;\nVU la  demande  en  date  du  7  mai  2024  par  laquelle  Monsieur  Sylvain  FERROUX,\nrepr\u00e9sentant le GAEC FERROUX, sollicite une autorisation d' effectuer des tirs de d\u00e9fense\nsimple en vue de la protection de son troupeau ovin contre la pr\u00e9dation du loup ( Canis\nlupus) ;\nCONSIDERANT que  Monsieur  Sylvain  FERROUX a  mis  en  \u0153uvre  des  mesures  de\nprotection contre la pr\u00e9dation du loup consistant en l'installation d'un parc \u00e9lectrifi\u00e9 ;\nCONSIDERANT que les mesures de protection mises en \u0153uvre sont jug\u00e9es \u00e9quivalentes\naux mesures de protection d\u00e9finies par l'arr\u00eat\u00e9 du 30 d\u00e9cembre 2022 relatif \u00e0 l'aide \u00e0 la\nprotection des exploitations et des troupeaux contre la pr\u00e9dation du loup et de l'ours ;\nCONSIDERANT les  trois  constats  de  dommages,  r\u00e9alis\u00e9s  par  l'office  fran\u00e7ais  de  la\nbiodiversit\u00e9 entre le 4 mai et le 7 mai 2024,  sur les communes de Villiers-en-Morvan et\nSavilly, dont deux concernant l'\u00e9levage ovin du GAEC FERROUX ;\nCONSIDERANT que la commune et l'ensemble du secteur sont class\u00e9s en cercle 2 par\nl'arr\u00eat\u00e9 pr\u00e9fectoral modifi\u00e9 du 28 janvier 2024 ;\nCONSIDERANT qu'il convient de pr\u00e9venir les dommages au troupeau du GAEC FERROUX\npar la mise en \u0153uvre de tirs de d\u00e9fense simple, en l'absence d'autre solution satisfaisante ;\nCONSIDERANT que la mise en \u0153uvre de ces tirs de d\u00e9fense ne nuira pas au maintien du\nloup dans un \u00e9tat de conservation favorable dans son aire de r\u00e9partition naturelle, dans la\nmesure o\u00f9 elle s'inscrit dans le respect du nombre maximum de sp\u00e9cimens de loups dont\nla destruction peut \u00eatre autoris\u00e9e chaque ann\u00e9e, fix\u00e9 par les arr\u00eat\u00e9s minist\u00e9riels sus-vis\u00e9s,\nqui int\u00e8grent cette pr\u00e9occupation ;\nSUR proposition de Madame la directrice d\u00e9partementale des territoires de la C\u00f4te-d'Or ;\nA R R \u00ca T E\nARTICLE 1  er  \nMonsieur Sylvain FERROUX  est autoris\u00e9 \u00e0 mettre en \u0153uvre des tirs de d\u00e9fense simple de\nson troupeau ovin contre la pr\u00e9dation du loup, selon les modalit\u00e9s pr\u00e9vues par le pr\u00e9sent\narr\u00eat\u00e9 et par l'arr\u00eat\u00e9 du 21 f\u00e9vrier 2024, ainsi que dans le respect des conditions g\u00e9n\u00e9rales\nde s\u00e9curit\u00e9 \u00e9dict\u00e9es par l'Office fran\u00e7ais de la biodiversit\u00e9  qui lui sont communiqu\u00e9es\navec le pr\u00e9sent arr\u00eat\u00e9.\n2\nDirection d\u00e9partementale des territoires de la C\u00f4te-d'Or - 21-2024-05-07-00002 - Arr\u00eat\u00e9 pr\u00e9fectoral du 7 mai 2024 autorisant\nMonsieur Sylvain FERROUX \u00e0 effectuer des tirs de d\u00e9fense simple en vue de la protection de son troupeau de moutons contre la\npr\u00e9dation du loup (Canis lupus)\n16\nARTICLE 2\nLa pr\u00e9sente autorisation est strictement subordonn\u00e9e \u00e0 la mise en \u0153uvre effective des\nmesures  de  protection  du  troupeau,  maintenues  durant  les  op\u00e9rations  de  tirs et  \u00e0\nl'exposition du troupeau \u00e0 la pr\u00e9dation. A d\u00e9faut, aucun tir ne peut \u00eatre r\u00e9alis\u00e9.\nLe tir de d\u00e9fense ne peut \u00eatre mis en \u0153uvre que pour d\u00e9fendre le troupeau contre un\nloup en situation d'attaque.\nAucun tir ne peut \u00eatre r\u00e9alis\u00e9 \u00e0 proximit\u00e9 d'un b\u00e2timent dans lequel le troupeau serait en\ns\u00e9curit\u00e9.\nARTICLE 3\nLe tir de d\u00e9fense simple peut \u00eatre mis en \u0153uvre par :\n\u2022 le  b\u00e9n\u00e9ficiaire  de  l'autorisation,  sous  r\u00e9serve  qu'il  soit  titulaire  d'un  permis  de\nchasser valable pour l'ann\u00e9e en cours et d'une assurance couvrant l'activit\u00e9 de tir\ndu loup ;\n\u2022 toute personne mandat\u00e9e par le b\u00e9n\u00e9ficiaire de l'autorisation et mentionn\u00e9e sur le\nregistre de tir d\u00e9crit \u00e0 l'article 7 , sous r\u00e9serve qu'elle soit titulaire d'un permis de\nchasser valable pour l'ann\u00e9e en cours et d'une assurance couvrant l'activit\u00e9 de tir\ndu loup ;\n\u2022 ainsi  que,  le  cas  \u00e9ch\u00e9ant,  si  les  conditions  le  requi\u00e8rent  et  de  mani\u00e8re  tr\u00e8s\nexceptionnelle,  par  les  lieutenants  de  louveterie  ou  par  les  agents  de  l'office\nfran\u00e7ais de la biodiversit\u00e9, mobilis\u00e9s \u00e0 cette fin par l'autorit\u00e9 administrative.\nIl peut avoir deux tireurs agissant en m\u00eame temps pour chacun des lots d'animaux, ces\nlots  \u00e9tant distants  les  uns  des  autres  et constitu\u00e9s  dans  une logique de conduite du\ntroupeau.\nToutefois,  si  deux  tireurs  (chasseurs)  agissent  dans  le  m\u00eame  temps,  ceux-ci,  pour  des\nraisons de s\u00e9curit\u00e9, doivent avoir suivi une formation aupr\u00e8s de l'office fran\u00e7ais de la\nbiodiversit\u00e9 et \u00eatre habilit\u00e9s par le pr\u00e9fet.\nARTICLE 4\nLa r\u00e9alisation des tirs de d\u00e9fense simple doit v\u00e9rifier  l'ensemble des conditions de lieu\nsuivantes :\n\u2022 sur la commune de Savilly ;\n\u2022 \u00e0 proximit\u00e9 du troupeau ou des lots constituant le troupeau du b\u00e9n\u00e9ficiaire de\nl'autorisation ;\n\u2022 sur  les  p\u00e2turages,  surfaces  et  parcours  mis  en  valeur  par  le  b\u00e9n\u00e9ficiaire  de\nl'autorisation, ainsi qu'\u00e0 leur proximit\u00e9 imm\u00e9diate.\nLes  p\u00e2turages,  surfaces  et  parcours,  sur  lesquels  les  animaux  sont  susceptibles  d'\u00eatre\npr\u00e9sents concernent les parcelles localis\u00e9es jointes en annexe du pr\u00e9sent arr\u00eat\u00e9.\n3\nDirection d\u00e9partementale des territoires de la C\u00f4te-d'Or - 21-2024-05-07-00002 - Arr\u00eat\u00e9 pr\u00e9fectoral du 7 mai 2024 autorisant\nMonsieur Sylvain FERROUX \u00e0 effectuer des tirs de d\u00e9fense simple en vue de la protection de son troupeau de moutons contre la\npr\u00e9dation du loup (Canis lupus)\n17\nARTICLE 5\nLes tirs de d\u00e9fense simple peuvent avoir lieu de jour comme de nuit.\nA  l'exception  des  lieutenants  de  louveterie  et  des  agents  de  l'office  fran\u00e7ais  de  la\nbiodiversit\u00e9, le tir de nuit ne peut \u00eatre effectu\u00e9 qu'apr\u00e8s identification formelle de la cible\net de son environnement \u00e0 l'aide d'une source lumineuse.\nARTICLE 6\nLes tirs de d\u00e9fense simple sont exclusivement r\u00e9alis\u00e9s avec toute arme de cat\u00e9gorie C\nmentionn\u00e9e \u00e0 l'article R.311-2 du code de la s\u00e9curit\u00e9 int\u00e9rieure.\nL'utilisation de dispositifs de r\u00e9duction du son \u00e9mis par le tir n'est pas autoris\u00e9e.\nL'utilisation de dispositifs de rep\u00e9rage utilisant la technologie d'amplification de la lumi\u00e8re\nou la d\u00e9tection thermique est autoris\u00e9e.\nL'utilisation de lunettes de tir \u00e0 vis\u00e9e thermique est r\u00e9serv\u00e9e aux lieutenants de louveterie\net aux agents de l'office fran\u00e7ais de la biodiversit\u00e9.\nSous r\u00e9serve d'une validation pr\u00e9alable par l'office fran\u00e7ais de la biodiversit\u00e9, tous les\nmoyens susceptibles d'am\u00e9liorer les tirs de d\u00e9fense simple, notamment les moyens pour\nd\u00e9tecter la pr\u00e9sence de sp\u00e9cimens de loups, ainsi que la s\u00e9curit\u00e9 des participants peuvent\n\u00eatre utilis\u00e9s.\nToutefois, ne peuvent \u00eatre mis en \u0153uvre les moyens visant intentionnellement \u00e0 :\n\u2022 provoquer des r\u00e9actions chez les loups de nature \u00e0 faciliter leur d\u00e9tection par les\ntireurs ;\n\u2022 attirer  les  loups  \u00e0  proximit\u00e9  des  tireurs,  tels  que  les  app\u00e2ts  mis  en  place\nvolontairement ;\n\u2022 contraindre les loups \u00e0 se rapprocher des tireurs, tels que les battues.\nARTICLE 7\nLa pr\u00e9sente autorisation est subordonn\u00e9e \u00e0 la tenue d'un registre pr\u00e9cisant :\n\u2022 le(s) nom(s) et pr\u00e9nom(s) du d\u00e9tenteur de l'arme ainsi que le num\u00e9ro de son permis\nde chasser ;\n\u2022 la date et le lieu de l'op\u00e9ration de tir de d\u00e9fense ;\n\u2022 les mesures de protection du troupeau en place lors de l'op\u00e9ration.\net le cas \u00e9ch\u00e9ant :\n\u2022 les heures de d\u00e9but et de fin de l'op\u00e9ration ;\n\u2022 le nombre de loups observ\u00e9s ;\n4\nDirection d\u00e9partementale des territoires de la C\u00f4te-d'Or - 21-2024-05-07-00002 - Arr\u00eat\u00e9 pr\u00e9fectoral du 7 mai 2024 autorisant\nMonsieur Sylvain FERROUX \u00e0 effectuer des tirs de d\u00e9fense simple en vue de la protection de son troupeau de moutons contre la\npr\u00e9dation du loup (Canis lupus)\n18\n\u2022 le nombre de tirs effectu\u00e9s ;\n\u2022 l'estimation de la distance de tir ;\n\u2022 l'estimation de la distance entre le loup et le troupeau au moment du tir ;\n\u2022 la nature de l'arme et des munitions utilis\u00e9es ;\n\u2022 la nature des moyens susceptibles d'am\u00e9liorer le tir qui ont \u00e9t\u00e9 utilis\u00e9s ;\n\u2022 la description du comportement du loup s'il a pu \u00eatre observ\u00e9 (fuite, saut...).\nCe  registre  est  tenu  \u00e0  la  disposition  des  agents  charg\u00e9s  des  missions  de  police.  Les\ninformations qu'il contient sont adress\u00e9es au pr\u00e9fet \u00e0 l'issue de la validit\u00e9 du pr\u00e9sent\narr\u00eat\u00e9, soit avant 15 mars 2025.\nARTICLE 8\nLe b\u00e9n\u00e9ficiaire de la pr\u00e9sente  autorisation informe le service d\u00e9partemental de l'office\nfran\u00e7ais de la biodiversit\u00e9 de tout tir en direction d'un loup dans un d\u00e9lai de 12 heures \u00e0\ncompter de sa r\u00e9alisation.\nPour  un  tir  dont  l'auteur  estime  qu'il  n'a  pas  atteint  sa  cible,  l'office  fran\u00e7ais  de  la\nbiodiversit\u00e9 \u00e9value la n\u00e9cessit\u00e9 de conduire des recherches.\nSi un loup est bless\u00e9 dans le cadre de la pr\u00e9sente autorisation, son b\u00e9n\u00e9ficiaire informe\nsans d\u00e9lai  le service d\u00e9partemental de  l'office fran\u00e7ais de la biodiversit\u00e9  qui est charg\u00e9\nd'informer le pr\u00e9fet et de rechercher l'animal.\nSi un loup est tu\u00e9 dans le cadre de la pr\u00e9sente autorisation, son b\u00e9n\u00e9ficiaire informe sans\nd\u00e9lai le service d\u00e9partemental de l'office fran\u00e7ais de la biodiversit\u00e9  (t\u00e9l\u00e9phone : 03 80 29\n43 91) qui informe le pr\u00e9fet et prend en charge le cadavre. Dans l'attente de l'arriv\u00e9e des\nagents de l'office fran\u00e7ais de la biodiversit\u00e9  sur les lieux du tir, le cadavre ne doit pas \u00eatre\nd\u00e9plac\u00e9 ou manipul\u00e9.\nARTICLE 9\nLa pr\u00e9sente autorisation cesse de produire son effet si le plafond d\u00e9fini \u00e0  l'article 1 er de\nl'arr\u00eat\u00e9 minist\u00e9riel du 23 octobre 2020 fixant le nombre maximum de sp\u00e9cimens de loups\ndont la destruction pourra \u00eatre autoris\u00e9e chaque ann\u00e9e est atteint.\nElle redevient valide dans les cas suivants :\n\u2022 \u00e0  la  publication  de  l'arr\u00eat\u00e9  pr\u00e9vu  au  III  de  l'article  1  de  l'arr\u00eat\u00e9  minist\u00e9riel  du\n23 octobre  2020 fixant  le  nombre  maximum  de  sp\u00e9cimens  de  loups  dont  la\ndestruction pourra \u00eatre autoris\u00e9e chaque ann\u00e9e ;\n\u2022 \u00e0  la  publication  sur  le  site  internet  de  la  DREAL  Auvergne-Rh\u00f4ne-Alpes  d'un\nnouveau  nombre  maximum  de  sp\u00e9cimens  de  loups  dont  la  destruction  est\nautoris\u00e9e en application du I de l'article 1 de l'arr\u00eat\u00e9 du 23 octobre 2020 fixant le\nnombre maximum de sp\u00e9cimens de loups dont la destruction pourra \u00eatre autoris\u00e9e\nchaque ann\u00e9e.\n5\nDirection d\u00e9partementale des territoires de la C\u00f4te-d'Or - 21-2024-05-07-00002 - Arr\u00eat\u00e9 pr\u00e9fectoral du 7 mai 2024 autorisant\nMonsieur Sylvain FERROUX \u00e0 effectuer des tirs de d\u00e9fense simple en vue de la protection de son troupeau de moutons contre la\npr\u00e9dation du loup (Canis lupus)\n19\nARTICLE 10\nLa pr\u00e9sente autorisation peut \u00eatre retir\u00e9e  \u00e0 tout moment sans indemnit\u00e9 si le b\u00e9n\u00e9ficiaire\nn'en respecte pas les clauses ou les prescriptions qui lui sont li\u00e9es.\nARTICLE 11\nLa pr\u00e9sente autorisation est valable jusqu'au 31 d\u00e9cembre 2024.\nARTICLE 12\nLa pr\u00e9sente autorisation est d\u00e9livr\u00e9e sous r\u00e9serve des droits des tiers.\nARTICLE 13\nLa pr\u00e9sente d\u00e9cision est publi\u00e9e au recueil des actes administratifs de la pr\u00e9fecture.\nARTICLE 14\nLe pr\u00e9sent arr\u00eat\u00e9 peut faire l'objet d'un recours devant le tribunal administratif de Dijon\ndans un d\u00e9lai de deux mois \u00e0 compter de sa publication. \nLe tribunal administratif peut \u00eatre saisi par un recours d\u00e9pos\u00e9 via l'application T\u00e9l\u00e9recours\ncitoyens accessible par le site internet \u00ab www.telerecours.fr \u00bb.\nARTICLE 15\nLe secr\u00e9taire  g\u00e9n\u00e9ral  de  la  pr\u00e9fecture  de  C\u00f4te-d'Or,  la directrice  d\u00e9partementale  des\nterritoires  de  C\u00f4te-d'Or,  le  chef  du  service  d\u00e9partemental  de  l'Office  fran\u00e7ais  de  la\nbiodiversit\u00e9 et le commandant du groupement de gendarmerie  sont charg\u00e9s, chacun en\nce qui le concerne, de l'ex\u00e9cution du pr\u00e9sent arr\u00eat\u00e9.\nFait \u00e0 Dijon, le 7 mai 2024\nLe pr\u00e9fet,\nPour le pr\u00e9fet et par d\u00e9l\u00e9gation,\nle secr\u00e9taire g\u00e9n\u00e9ral\nSign\u00e9 : Johann MOUGENOT \n6\nDirection d\u00e9partementale des territoires de la C\u00f4te-d'Or - 21-2024-05-07-00002 - Arr\u00eat\u00e9 pr\u00e9fectoral du 7 mai 2024 autorisant\nMonsieur Sylvain FERROUX \u00e0 effectuer des tirs de d\u00e9fense simple en vue de la protection de son troupeau de moutons contre la\npr\u00e9dation du loup (Canis lupus)\n20\nDirection d\u00e9partementale des territoires de la\nC\u00f4te-d'Or\nService Pr\u00e9servation et Am\u00e9nagement de\nl'Espace (SPAE)\n21-2024-05-06-00001\nArr\u00eat\u00e9 pr\u00e9fectoral du 6 mai 2024 autorisant\nMonsieur Pascal HERY \u00e0 effectuer des tirs de\nd\u00e9fense simple en vue de la protection de son\ntroupeau de moutons contre la pr\u00e9dation du\nloup (Canis lupus)\nDirection d\u00e9partementale des territoires de la C\u00f4te-d'Or - 21-2024-05-06-00001 - Arr\u00eat\u00e9 pr\u00e9fectoral du 6 mai 2024 autorisant\nMonsieur Pascal HERY \u00e0 effectuer des tirs de d\u00e9fense simple en vue de la protection de son troupeau de moutons contre la pr\u00e9dation\ndu loup (Canis lupus)\n21\nExPREFETDE LACOTE-D'ORL,z'bert\u00e9Egalit\u00e9Fraternit\u00e9\nDirection d\u00e9partementale des territoires\nde la C\u00f4te-d'Or\nArr\u00eat\u00e9 pr\u00e9fectoral du 6 mai 2024\nautorisant Monsieur Pascal HERY \u00e0 effectuer des tirs de d\u00e9fense simple\nen vue de la protection de son troupeau de moutons\ncontre la pr\u00e9dation du loup (Canis lupus)\nLe Pr\u00e9fet de la C\u00f4te-d'Or\nVU la  d\u00e9cision  d'ex\u00e9cution  de  la  Commission  europ\u00e9enne  du  31  ao\u00fbt  2022  portant\napprobation du plan strat\u00e9gique relevant de la PAC 2023-2027 de la France en vue d'un\nsoutien  de  l'Union  financ\u00e9  par  le  Fonds  europ\u00e9en  agricole  de  garantie  et  le  Fonds\neurop\u00e9en agricole pour le d\u00e9veloppement rural ;\nVU le  code  de  l'environnement  et  notamment  ses  articles  L.411-2,  L.427-6,  R.411-6  \u00e0\nR.411-14 et R 427-4 ;\nVU le code rural et de la p\u00eache maritime et notamment ses articles L.111-2 et L.113-1 ;\nVU le code de la s\u00e9curit\u00e9 int\u00e9rieure et notamment ses articles L.311-2 et suivants, R.311-2\net suivants ;\nVU l'arr\u00eat\u00e9 du 23 a vril 2007 modifi\u00e9 fixant la liste des mammif\u00e8res terrestres prot\u00e9g\u00e9s sur\nl'ensemble du territoire et les modalit\u00e9s de leur protection ;\nVU l'arr\u00eat\u00e9 du 19 f\u00e9vrier 2007 modifi\u00e9 fixant les conditions de demande et d'instruction\ndes d\u00e9rogations d\u00e9finies au 4\u00b0 de l'article L. 411-2 du code de l'environnement portant sur\nles esp\u00e8ces de faune et de flore sauvages prot\u00e9g\u00e9es ;\nVU l'arr\u00eat\u00e9 minist\u00e9riel du  23 octobre 2020  fixant le nombre maximum de sp\u00e9cimens de\nloups (Canis lupus) dont la destruction pourra \u00eatre autoris\u00e9e chaque ann\u00e9e ;\nVU l'arr\u00eat\u00e9 minist\u00e9riel du 21 f\u00e9vrier 2024 fixant les conditions et limites dans lesquelles des\nd\u00e9rogations  aux  interdictions  de  destruction  peuvent  \u00eatre  accord\u00e9es  par  les  pr\u00e9fets\nconcernant le loup (Canis lupus) ;\nVU l'arr\u00eat\u00e9 pr\u00e9fectoral modifi\u00e9 du 30 d\u00e9cembre 2019  portant nomination des lieutenants\nde louveterie dans le d\u00e9partement de la C\u00f4te-d'Or pour la p\u00e9riode du 1 er janvier 2020 au\n31 d\u00e9cembre 2024 ;\n1\nDirection d\u00e9partementale des territoires de la C\u00f4te-d'Or\n57 , rue de Mulhouse - BP 53317 - 21033 Dijon CEDEX\nT\u00e9l. : 03 80 29 44 44\nCourriel : ddt@cote-dor.gouv.fr - Site internet : \nhttp://www.cote-dor.gouv.fr\nDirection d\u00e9partementale des territoires de la C\u00f4te-d'Or - 21-2024-05-06-00001 - Arr\u00eat\u00e9 pr\u00e9fectoral du 6 mai 2024 autorisant\nMonsieur Pascal HERY \u00e0 effectuer des tirs de d\u00e9fense simple en vue de la protection de son troupeau de moutons contre la pr\u00e9dation\ndu loup (Canis lupus)\n22\nVU l'arr\u00eat\u00e9 pr\u00e9fectoral du 10 mars 2021 fixant la liste des personnes habilit\u00e9es \u00e0 participer\naux op\u00e9rations de tir de d\u00e9fense renforc\u00e9e et aux op\u00e9rations de tir de pr\u00e9l\u00e8vement dans\nle  d\u00e9partement  de  la  C\u00f4te-d'Or,  en  application  de  l'arr\u00eat\u00e9  interminist\u00e9riel  du\n23 octobre 2020 fixant  les  conditions  et  limites  dans  lesquelles  des  d\u00e9rogations  aux\ninterdictions de destruction peuvent \u00eatre accord\u00e9es par les pr\u00e9fets concernant le loup\n(Canis lupus) ;\nVU l'arr\u00eat\u00e9  pr\u00e9fectoral  modifi\u00e9  du  28  janvier  2024  d\u00e9limitant,  pour  l'ann\u00e9e  2024,  les\ncommunes  du  d\u00e9partement  de  la  C\u00f4te-d'Or  dans  lesquelles  le  dispositif  d'aide  \u00e0  la\nprotection des troupeaux contre la pr\u00e9dation (loup) peut \u00eatre mis en \u0153uvre ;\nVU la demande en date du 6 mai 2024 par laquelle Monsieur Pascal HERY sollicite une\nautorisation  d'effectuer  des  tirs  de  d\u00e9fense  simple  en  vue  de  la  protection  de  son\ntroupeau ovin contre la pr\u00e9dation du loup (Canis lupus) ;\nCONSIDERANT que  Monsieur Pascal HERY  a mis en \u0153uvre des mesures de protection\ncontre la pr\u00e9dation du loup consistant en l'installation d'un parc \u00e9lectrifi\u00e9 mobile ;\nCONSIDERANT que les mesures de protection mises en \u0153uvre sont jug\u00e9es \u00e9quivalentes\naux mesures de protection d\u00e9finies par l'arr\u00eat\u00e9 du 30 d\u00e9cembre 2022 relatif \u00e0 l'aide \u00e0 la\nprotection des exploitations et des troupeaux contre la pr\u00e9dation du loup et de l'ours ;\nCONSIDERANT que sur la commune de Villiers-en-Morvan, deux dommages sur ovins ont\nfait l'objet de constats par les agents de l'office fran\u00e7ais de la biodiversit\u00e9 en trois jours,\ndont un concerne le troupeau de Monsieur HERY ;\nCONSIDERANT que la commune et l'ensemble du secteur sont class\u00e9s en cercle 2 par\nl'arr\u00eat\u00e9 pr\u00e9fectoral modifi\u00e9 du 28 janvier 2024 ;\nCONSIDERANT qu'il convient de pr\u00e9venir les dommages au troupeau de Monsieur Pascal\nHERY pa r  la  mise  en  \u0153uvre  de  tirs  de  d\u00e9fense  simple,  en  l'absence  d'autre  solution\nsatisfaisante ;\nCONSIDERANT que la mise en \u0153uvre de ces tirs de d\u00e9fense ne nuira pas au maintien du\nloup dans un \u00e9tat de conservation favorable dans son aire de r\u00e9partition naturelle, dans la\nmesure o\u00f9 elle s'inscrit dans le respect du nombre maximum de sp\u00e9cimens de loups dont\nla destruction peut \u00eatre autoris\u00e9e chaque ann\u00e9e, fix\u00e9 par les arr\u00eat\u00e9s minist\u00e9riels sus-vis\u00e9s,\nqui int\u00e8grent cette pr\u00e9occupation ;\nSUR proposition de Madame la directrice d\u00e9partementale des territoires de la C\u00f4te-d'Or ;\nA R R \u00ca T E\nARTICLE 1  er  \nMonsieur Pascal HERY  est autoris\u00e9 \u00e0 mettre en \u0153uvre des tirs de d\u00e9fense simple de son\ntroupeau ovin contre la pr\u00e9dation du loup, selon les modalit\u00e9s pr\u00e9vues par le pr\u00e9sent\narr\u00eat\u00e9 et par l'arr\u00eat\u00e9 du 21 f\u00e9vrier 2024, ainsi que dans le respect des conditions g\u00e9n\u00e9rales\nde s\u00e9curit\u00e9 \u00e9dict\u00e9es par l'Office fran\u00e7ais de la biodiversit\u00e9  qui lui sont communiqu\u00e9es\navec le pr\u00e9sent arr\u00eat\u00e9.\n2\nDirection d\u00e9partementale des territoires de la C\u00f4te-d'Or - 21-2024-05-06-00001 - Arr\u00eat\u00e9 pr\u00e9fectoral du 6 mai 2024 autorisant\nMonsieur Pascal HERY \u00e0 effectuer des tirs de d\u00e9fense simple en vue de la protection de son troupeau de moutons contre la pr\u00e9dation\ndu loup (Canis lupus)\n23\nARTICLE 2\nLa pr\u00e9sente autorisation est strictement subordonn\u00e9e \u00e0 la mise en \u0153uvre effective des\nmesures  de  protection  du  troupeau,  maintenues  durant  les  op\u00e9rations  de  tirs et  \u00e0\nl'exposition du troupeau \u00e0 la pr\u00e9dation. A d\u00e9faut, aucun tir ne peut \u00eatre r\u00e9alis\u00e9.\nLe tir de d\u00e9fense ne peut \u00eatre mis en \u0153uvre que pour d\u00e9fendre le troupeau contre un\nloup en situation d'attaque.\nAucun tir ne peut \u00eatre r\u00e9alis\u00e9 \u00e0 proximit\u00e9 d'un b\u00e2timent dans lequel le troupeau serait en\ns\u00e9curit\u00e9.\nARTICLE 3\nLe tir de d\u00e9fense simple peut \u00eatre mis en \u0153uvre par :\n\u2022 le  b\u00e9n\u00e9ficiaire  de  l'autorisation,  sous  r\u00e9serve  qu'il  soit  titulaire  d'un  permis  de\nchasser valable pour l'ann\u00e9e en cours et d'une assurance couvrant l'activit\u00e9 de tir\ndu loup ;\n\u2022 toute personne mandat\u00e9e par le b\u00e9n\u00e9ficiaire de l'autorisation et mentionn\u00e9e sur le\nregistre de tir d\u00e9crit \u00e0 l'article 7 , sous r\u00e9serve qu'elle soit titulaire d'un permis de\nchasser valable pour l'ann\u00e9e en cours et d'une assurance couvrant l'activit\u00e9 de tir\ndu loup ;\n\u2022 ainsi  que,  le  cas  \u00e9ch\u00e9ant,  si  les  conditions  le  requi\u00e8rent  et  de  mani\u00e8re  tr\u00e8s\nexceptionnelle,  par  les  lieutenants  de  louveterie  ou  par  les  agents  de  l'office\nfran\u00e7ais de la biodiversit\u00e9, mobilis\u00e9s \u00e0 cette fin par l'autorit\u00e9 administrative.\nIl peut avoir deux tireurs agissant en m\u00eame temps pour chacun des lots d'animaux, ces\nlots  \u00e9tant  distants les  uns des autres et  constitu\u00e9s dans  une logique de conduite du\ntroupeau.\nToutefois,  si  deux  tireurs  (chasseurs)  agissent  dans  le  m\u00eame  temps,  ceux-ci,  pour  des\nraisons de s\u00e9curit\u00e9, doivent avoir suivi une formation aupr\u00e8s de l'office fran\u00e7ais de la\nbiodiversit\u00e9 et \u00eatre habilit\u00e9s par le pr\u00e9fet.\nARTICLE 4\nLa r\u00e9alisation des tirs de d\u00e9fense simple doit v\u00e9rifier  l'ensemble des conditions de lieu\nsuivantes :\n\u2022 sur la commune de Villiers-en-Morvan ;\n\u2022 \u00e0 proximit\u00e9 du troupeau ou des lots constituant le troupeau du b\u00e9n\u00e9ficiaire de\nl'autorisation ;\n\u2022 sur  les  p\u00e2turages,  surfaces  et  parcours  mis  en  valeur  par  le  b\u00e9n\u00e9ficiaire  de\nl'autorisation, ainsi qu'\u00e0 leur proximit\u00e9 imm\u00e9diate.\nLes  p\u00e2turages,  surfaces  et  parcours,  sur  lesquels  les  animaux  sont  susceptibles  d'\u00eatre\npr\u00e9sents concernent les parcelles localis\u00e9es jointes en annexe du pr\u00e9sent arr\u00eat\u00e9.\n3\nDirection d\u00e9partementale des territoires de la C\u00f4te-d'Or - 21-2024-05-06-00001 - Arr\u00eat\u00e9 pr\u00e9fectoral du 6 mai 2024 autorisant\nMonsieur Pascal HERY \u00e0 effectuer des tirs de d\u00e9fense simple en vue de la protection de son troupeau de moutons contre la pr\u00e9dation\ndu loup (Canis lupus)\n24\nARTICLE 5\nLes tirs de d\u00e9fense simple peuvent avoir lieu de jour comme de nuit.\nA  l'exception  des  lieutenants  de  louveterie  et  des  agents  de  l'office  fran\u00e7ais  de  la\nbiodiversit\u00e9, le tir de nuit ne peut \u00eatre effectu\u00e9 qu'apr\u00e8s identification formelle de la cible\net de son environnement \u00e0 l'aide d'une source lumineuse.\nARTICLE 6\nLes tirs de d\u00e9fense simple sont exclusivement r\u00e9alis\u00e9s avec toute arme de cat\u00e9gorie C\nmentionn\u00e9e \u00e0 l'article R.311-2 du code de la s\u00e9curit\u00e9 int\u00e9rieure.\nL'utilisation de dispositifs de r\u00e9duction du son \u00e9mis par le tir n'est pas autoris\u00e9e.\nL'utilisation de dispositifs de rep\u00e9rage utilisant la technologie d'amplification de la lumi\u00e8re\nou la d\u00e9tection thermique est autoris\u00e9e.\nL'utilisation de lunettes de tir \u00e0 vis\u00e9e thermique est r\u00e9serv\u00e9e aux lieutenants de louveterie\net aux agents de l'office fran\u00e7ais de la biodiversit\u00e9.\nSous r\u00e9serve d'une validation pr\u00e9alable par l'office fran\u00e7ais de la biodiversit\u00e9, tous les\nmoyens susceptibles d'am\u00e9liorer les tirs de d\u00e9fense simple, notamment les moyens pour\nd\u00e9tecter la pr\u00e9sence de sp\u00e9cimens de loups, ainsi que la s\u00e9curit\u00e9 des participants peuvent\n\u00eatre utilis\u00e9s.\nToutefois, ne peuvent \u00eatre mis en \u0153uvre les moyens visant intentionnellement \u00e0 :\n\u2022 provoquer des r\u00e9actions chez les loups de nature \u00e0 faciliter leur d\u00e9tection par les\ntireurs ;\n\u2022 attirer  les  loups  \u00e0  proximit\u00e9  des  tireurs,  tels  que  les  app\u00e2ts  mis  en  place\nvolontairement ;\n\u2022 contraindre les loups \u00e0 se rapprocher des tireurs, tels que les battues.\nARTICLE 7\nLa pr\u00e9sente autorisation est subordonn\u00e9e \u00e0 la tenue d'un registre pr\u00e9cisant :\n\u2022 le(s) nom(s) et pr\u00e9nom(s) du d\u00e9tenteur de l'arme ainsi que le num\u00e9ro de son permis\nde chasser ;\n\u2022 la date et le lieu de l'op\u00e9ration de tir de d\u00e9fense ;\n\u2022 les mesures de protection du troupeau en place lors de l'op\u00e9ration.\net le cas \u00e9ch\u00e9ant :\n\u2022 les heures de d\u00e9but et de fin de l'op\u00e9ration ;\n\u2022 le nombre de loups observ\u00e9s ;\n4\nDirection d\u00e9partementale des territoires de la C\u00f4te-d'Or - 21-2024-05-06-00001 - Arr\u00eat\u00e9 pr\u00e9fectoral du 6 mai 2024 autorisant\nMonsieur Pascal HERY \u00e0 effectuer des tirs de d\u00e9fense simple en vue de la protection de son troupeau de moutons contre la pr\u00e9dation\ndu loup (Canis lupus)\n25\n\u2022 le nombre de tirs effectu\u00e9s ;\n\u2022 l'estimation de la distance de tir ;\n\u2022 l'estimation de la distance entre le loup et le troupeau au moment du tir ;\n\u2022 la nature de l'arme et des munitions utilis\u00e9es ;\n\u2022 la nature des moyens susceptibles d'am\u00e9liorer le tir qui ont \u00e9t\u00e9 utilis\u00e9s ;\n\u2022 la description du comportement du loup s'il a pu \u00eatre observ\u00e9 (fuite, saut...).\nCe  registre  est  tenu  \u00e0  la  disposition  des  agents  charg\u00e9s  des  missions  de  police.  Les\ninformations qu'il contient sont adress\u00e9es au pr\u00e9fet \u00e0 l'issue de la validit\u00e9 du pr\u00e9sent\narr\u00eat\u00e9, soit avant 15 mars 2025.\nARTICLE 8\nLe b\u00e9n\u00e9ficiaire de la pr\u00e9sente  autorisation informe le service d\u00e9partemental de l'office\nfran\u00e7ais de la biodiversit\u00e9 de tout tir en direction d'un loup dans un d\u00e9lai de 12 heures \u00e0\ncompter de sa r\u00e9alisation.\nPour  un  tir  dont  l'auteur  estime  qu'il  n'a  pas  atteint  sa  cible,  l'office  fran\u00e7ais  de  la\nbiodiversit\u00e9 \u00e9value la n\u00e9cessit\u00e9 de conduire des recherches.\nSi un loup est bless\u00e9 dans le cadre de la pr\u00e9sente autorisation, son b\u00e9n\u00e9ficiaire informe\nsans d\u00e9lai  le service d\u00e9partemental de  l'office fran\u00e7ais de la biodiversit\u00e9  qui est charg\u00e9\nd'informer le pr\u00e9fet et de rechercher l'animal.\nSi un loup est tu\u00e9 dans le cadre de la pr\u00e9sente autorisation, son b\u00e9n\u00e9ficiaire informe sans\nd\u00e9lai le service d\u00e9partemental de l'office fran\u00e7ais de la biodiversit\u00e9  (t\u00e9l\u00e9phone : 03 80 29\n43 91) qui informe le pr\u00e9fet et prend en charge le cadavre. Dans l'attente de l'arriv\u00e9e des\nagents de l'office fran\u00e7ais de la biodiversit\u00e9  sur les lieux du tir, le cadavre ne doit pas \u00eatre\nd\u00e9plac\u00e9 ou manipul\u00e9.\nARTICLE 9\nLa pr\u00e9sente autorisation cesse de produire son effet si le plafond d\u00e9fini \u00e0 l'article 1 er de\nl'arr\u00eat\u00e9 minist\u00e9riel du 23 octobre 2020 fixant le nombre maximum de sp\u00e9cimens de loups\ndont la destruction pourra \u00eatre autoris\u00e9e chaque ann\u00e9e est atteint.\nElle redevient valide dans les cas suivants :\n\u2022 \u00e0  la  publication  de  l'arr\u00eat\u00e9  pr\u00e9vu  au  III  de  l'article  1  de  l'arr\u00eat\u00e9  minist\u00e9riel  du\n23 octobre  2020 fixant  le  nombre  maximum  de  sp\u00e9cimens  de  loups  dont  la\ndestruction pourra \u00eatre autoris\u00e9e chaque ann\u00e9e ;\n\u2022 \u00e0  la  publication  sur  le  site  internet  de  la  DREAL  Auvergne-Rh\u00f4ne-Alpes  d'un\nnouveau  nombre  maximum  de  sp\u00e9cimens  de  loups  dont  la  destruction  est\nautoris\u00e9e en application du I de l'article 1 de l'arr\u00eat\u00e9 du 23 octobre 2020 fixant le\nnombre maximum de sp\u00e9cimens de loups dont la destruction pourra \u00eatre autoris\u00e9e\nchaque ann\u00e9e.\n5\nDirection d\u00e9partementale des territoires de la C\u00f4te-d'Or - 21-2024-05-06-00001 - Arr\u00eat\u00e9 pr\u00e9fectoral du 6 mai 2024 autorisant\nMonsieur Pascal HERY \u00e0 effectuer des tirs de d\u00e9fense simple en vue de la protection de son troupeau de moutons contre la pr\u00e9dation\ndu loup (Canis lupus)\n26\nARTICLE 10\nLa pr\u00e9sente autorisation peut \u00eatre retir\u00e9e  \u00e0 tout moment sans indemnit\u00e9 si le b\u00e9n\u00e9ficiaire\nn'en respecte pas les clauses ou les prescriptions qui lui sont li\u00e9es.\nARTICLE 11\nLa pr\u00e9sente autorisation est valable jusqu'au 31 d\u00e9cembre 2024.\nARTICLE 12\nLa pr\u00e9sente autorisation est d\u00e9livr\u00e9e sous r\u00e9serve des droits des tiers.\nARTICLE 13\nLa pr\u00e9sente d\u00e9cision est publi\u00e9e au recueil des actes administratifs de la pr\u00e9fecture.\nARTICLE 14\nLe pr\u00e9sent arr\u00eat\u00e9 peut faire l'objet d'un recours devant le tribunal administratif de Dijon\ndans un d\u00e9lai de deux mois \u00e0 compter de sa publication. \nLe tribunal administratif peut \u00eatre saisi par un recours d\u00e9pos\u00e9 via l'application T\u00e9l\u00e9recours\ncitoyens accessible par le site internet \u00ab www.telerecours.fr \u00bb.\nARTICLE 15\nLe secr\u00e9taire  g\u00e9n\u00e9ral  de la  pr\u00e9fecture  de C\u00f4te-d'Or,  la  directrice d\u00e9partementale des\nterritoires  de  C\u00f4te-d'Or,  le  chef  du  service  d\u00e9partemental  de  l'Office  fran\u00e7ais  de  la\nbiodiversit\u00e9 et le commandant du groupement de gendarmerie  sont charg\u00e9s, chacun en\nce qui le concerne, de l'ex\u00e9cution du pr\u00e9sent arr\u00eat\u00e9.\nFait \u00e0 Dijon, le 6 mai 2024\nLe pr\u00e9fet,\nPour le pr\u00e9fet et par d\u00e9l\u00e9gation,\nLe secr\u00e9taire g\u00e9n\u00e9ral\nsign\u00e9 : Johann MOUGENOT\n6\nDirection d\u00e9partementale des territoires de la C\u00f4te-d'Or - 21-2024-05-06-00001 - Arr\u00eat\u00e9 pr\u00e9fectoral du 6 mai 2024 autorisant\nMonsieur Pascal HERY \u00e0 effectuer des tirs de d\u00e9fense simple en vue de la protection de son troupeau de moutons contre la pr\u00e9dation\ndu loup (Canis lupus)\n27\nAnnexe \u00e0 l'arr\u00eat\u00e9 pr\u00e9fectoral du \nautorisant Monsieur Pascal HERY \u00e0 effectuer des tirs de d\u00e9fense simple \npour la protection de son troupeau ovin \nDirection d\u00e9partementale des territoires de C\u00f4te d'Or \nFait \u00e0 Dijon, le \nLe pr\u00e9fet \nDirection d\u00e9partementale des territoires de la C\u00f4te-d'Or - 21-2024-05-06-00001 - Arr\u00eat\u00e9 pr\u00e9fectoral du 6 mai 2024 autorisant\nMonsieur Pascal HERY \u00e0 effectuer des tirs de d\u00e9fense simple en vue de la protection de son troupeau de moutons contre la pr\u00e9dation\ndu loup (Canis lupus)\n28\nDirection d\u00e9partementale des territoires de la\nC\u00f4te-d'Or\nService S\u00e9curit\u00e9 et \u00c9ducation Routi\u00e8re\n21-2024-05-07-00001\nAP Circulation 1erRallyeRegionalBligny RAA\nDirection d\u00e9partementale des territoires de la C\u00f4te-d'Or - 21-2024-05-07-00001 - AP Circulation 1erRallyeRegionalBligny RAA 29\nPREFETDE LACOTE-D'ORL,z'berte'Egalit\u00e9Fraternit\u00e9\nDirection d\u00e9partementale des territoires\nde la C\u00f4te-d'Or\nService de la S\u00e9curit\u00e9 et de l'\u00c9ducation Routi\u00e8re\nBureau de la S\u00e9curit\u00e9 Routi\u00e8re\nDijon, le 7 mai 2024\nArr\u00eat\u00e9 n\u00b0778\nr\u00e9glementant la circulation et le stationnement \u00e0 l'occasion du \u00ab 1er rallye r\u00e9gional de\nBLIGNY-SUR-OUCHE \u00bb le samedi 11 mai 2024. \nLe pr\u00e9fet de la C\u00f4te-d'Or\nVU le code de la route ;\nVU l'arr\u00eat\u00e9  interminist\u00e9riel  du  24  novembre  1967  modifi\u00e9  relatif  \u00e0  la  signalisation  des\nroutes et autoroutes ;\nVU l'instruction  interminist\u00e9rielle  relative  \u00e0  la  signalisation  routi\u00e8re-huiti\u00e8me  partie,\nsignalisation  temporaire  approuv\u00e9e  par  l'arr\u00eat\u00e9  interminist\u00e9riel  du  6  novembre  1992\nmodifi\u00e9 ;\nVU le  d\u00e9cret  n\u00b02009-615  du  3  juin  2009  modifi\u00e9  fixant  la  liste  des  routes  \u00e0  grande\ncirculation ;\nVU l'arr\u00eat\u00e9 interminist\u00e9riel du 20 d\u00e9cembre 2010 relatif \u00e0 l'interdiction de certaines routes\naux concentrations et manifestations sportives ;\nVU l'arr\u00eat\u00e9  minist\u00e9riel  du  14  f\u00e9vrier  2024  portant  interdiction  des  concentrations  ou\nmanifestations sportives sur les routes \u00e0 grande circulation jusqu'au 31 mai 2024 inclus ;\nVU le dossier d\u00e9pos\u00e9 sur la plateforme SIMS le 30 janvier 2024 par l'Association Sportive\nAutomobile C\u00f4te-d'Or ;\nVU la visite de reconnaissance du parcours effectu\u00e9e le jeudi 11 avril 2024 par les membres\nde la Commission D\u00e9partementale de la S\u00e9curit\u00e9 Routi\u00e8re de C\u00f4te d'Or et  l'avis favorable\nde  la  Commission  D\u00e9partementale  de  la  S\u00e9curit\u00e9  Routi\u00e8re  de  C\u00f4te-d'Or  -  section\n\u00ab \u00e9preuves et comp\u00e9titions sportives \u00bb r\u00e9unie le mardi 30 avril 2024 ;\nDirection d\u00e9partementale des territoires de la C\u00f4te-d'Or\n57 rue de Mulhouse- BP 53317 - 21033 DIJON cedex\nt\u00e9l : 03 80 29 44 44 \u2013 Courriel : ddt@cote-dor.gouv.fr\nDirection d\u00e9partementale des territoires de la C\u00f4te-d'Or - 21-2024-05-07-00001 - AP Circulation 1erRallyeRegionalBligny RAA 30\n2\nVU l'arr\u00eat\u00e9 municipal de la commune de VIC DES PRES en date du 6 mai 2024 ;\nVU l'avis favorable de M. le pr\u00e9sident du Conseil D\u00e9partemental de la C\u00f4te-d'Or en date\ndu 6 mai 2024 ;\nVU l'avis favorable des communes de PAINBLANC et BLIGNY-SUR-OUCHE en date du 6\nmai 2024 ;\nVU l'avis  r\u00e9put\u00e9  favorable  des  communes  de  THOREY-SUR-OUCHE,  COLOMBIER  et\nCHAUDENAY-LA-VILLE ;\nVU l'avis  r\u00e9put\u00e9  favorable  du  Commandant  du  groupement  de  gendarmerie\nd\u00e9partemental de la C\u00f4te-d'Or ;\nCONSID\u00c9RANT qu'il y a lieu, pour des raisons de s\u00e9curit\u00e9 routi\u00e8re, de r\u00e9glementer la\ncirculation et le stationnement lors du  \u00ab1er rallye r\u00e9gional de BLIGNY-SUR-OUCHE  \u00bb le\nsamedi 11 mai 2024 ;\nSUR proposition de Madame la directrice d\u00e9partementale des territoires de la C\u00f4te-d'Or ;\nARR\u00caTE\nArticle 1  er   :  Mesures de circulation et de stationnement\nLe samedi 11 mai 2024 de 7h30 au plus t\u00f4t \u00e0 22h00 au plus tard, la circulation g\u00e9n\u00e9rale y\ncompris celle des pi\u00e9tons ainsi que le stationnement, tant sur la chauss\u00e9e que sur les\naccotements, seront interdits sur les sections de routes suivantes :\n\uf0a7Parcours de l'\u00e9preuve sp\u00e9ciale: \n- RD 115i du PR 0+600 (carrefour avec la RD115B \u2013 commune de PAINBLANC) jusqu'au\nPR 8+142 (carrefour avec la RD 115 rue du Lavoir \u2013 Commune de COLOMBIER)\n- Voie communale 202 (commune de COLOMBIER)\n- RD115 du PR34+352 (carrefour avec la RD 115i rue de l'Eglise - commune de COLOMBIER\njusqu'au PR 31+435 (commune de CHAUDENAY-LA-VILLE)\n\uf0a7Acc\u00e8s au parc technique :\nRD 104 du PR 9+577 au PR 9+972 (commune de BLIGNY-SUR-OUCHE)\n\uf0a7Stockage des concurrents avant le d\u00e9part :\nRD 115B du PR 5+800 au PR 6+277 (commune de PAINBLANC)\nArticl  e 2  :   D\u00e9viations\nUne d\u00e9viation sera mise en place par les voies suivantes :\nD\u00e9viation des routes du p\uf0a7 arcours de l'\u00e9preuve sp\u00e9ciale: \nRD 115B du PR 5+796 au PR 3+060, RD115 du PR 29+618 au PR 30+350, RD115B du PR 0+000\nau PR 3+043, RD18 du PR 11+400 au PR 14+600 et RD115 du PR 34+360 au PR 36+550\nDirection d\u00e9partementale des territoires de la C\u00f4te-d'Or\n57 rue de Mulhouse- BP 53317 - 21033 DIJON cedex\nt\u00e9l : 03 80 29 44 44 \u2013 Courriel : ddt@cote-dor.gouv.fr\nDirection d\u00e9partementale des territoires de la C\u00f4te-d'Or - 21-2024-05-07-00001 - AP Circulation 1erRallyeRegionalBligny RAA 31\n3\nD\u00e9viation de la route (RD104) d'a\uf0a7 cc\u00e8s au parc technique :\nRD33 du PR 31+170 au PR 31+200 / RD970 du PR45+280 au PR 45+565 / rue Fricot\nD\u00e9viation de la route (RD115) utilis\u00e9e pour le s\uf0a7 tockage des concurrents avant le d\u00e9part :\nRD970 du PR 38+438 au PR 39+014 et RD 115i du PR 0+000 au PR 0+416\nUn contr\u00f4le contradictoire de la chauss\u00e9e et de ses \u00e9quipements sera effectu\u00e9 par le\nConseil D\u00e9partemental de la C\u00f4te-d'Or, en pr\u00e9sence des organisateurs, le 11 mai matin\navant le d\u00e9but des \u00e9preuves et le 11 mai soir apr\u00e8s les \u00e9preuves.\nArticle 3 : Signalisation\nLa signalisation de position et de d\u00e9viation sera pos\u00e9e par les Services D\u00e9partementaux.\nArticle 4 :  Acc\u00e8s des secours\nLes services de secours pourront en cas de n\u00e9cessit\u00e9 emprunter les sections des voies\ninterdites figurant \u00e0 l'article 1er dans le sens de circulation de la course.\nLes organisateurs devront alors prendre toute disposition, notamment l'arr\u00eat de la course,\npour faciliter la progression en toute s\u00e9curit\u00e9 des v\u00e9hicules en question.\nArtic  le 5   : Nettoyage des voies\nEn cas de besoin et pr\u00e9alablement \u00e0 la r\u00e9ouverture des voies \u00e0 la circulation publique, un\nnettoyage de la chauss\u00e9e devra \u00eatre r\u00e9alis\u00e9 par l'organisateur.\nUne attention particuli\u00e8re sera port\u00e9e aux endroits o\u00f9 des chicanes en bottes de paille\nauront \u00e9t\u00e9 install\u00e9es, afin que tous les r\u00e9sidus de paille soient retir\u00e9s.\nArticle   6   : \u00c9volution des mesures\nLes services de gendarmerie pourront, en fonction des circonstances, all\u00e9ger ou renforcer\nles  mesures  pr\u00e9vues  et  prendre  toutes  initiatives  pour  faciliter  l'\u00e9coulement  de  la\ncirculation.\nArticle 7     : Recours\nLe  pr\u00e9sent  arr\u00eat\u00e9  peut  faire  l'objet  d'un  recours  contentieux  devant  le  tribunal\nadministratif de Dijon dans un d\u00e9lai de deux mois \u00e0 compter de sa publication. Un recours\npeut  \u00eatre  d\u00e9pos\u00e9  via  l'application  t\u00e9l\u00e9recours  citoyens  accessible  par  le  site  internet\nhttp://ww.telerecours.fr./ \nArticle   8   : Ex\u00e9cution\n- Le Directeur de Cabinet du pr\u00e9fet de la C\u00f4te-d'Or,\n- le Commandant du Groupement de gendarmerie d\u00e9partemental de C\u00f4te-d'Or,\n- le Pr\u00e9sident du Conseil d\u00e9partemental de la C\u00f4te-d'Or,\nDirection d\u00e9partementale des territoires de la C\u00f4te-d'Or\n57 rue de Mulhouse- BP 53317 - 21033 DIJON cedex\nt\u00e9l : 03 80 29 44 44 \u2013 Courriel : ddt@cote-dor.gouv.fr\nDirection d\u00e9partementale des territoires de la C\u00f4te-d'Or - 21-2024-05-07-00001 - AP Circulation 1erRallyeRegionalBligny RAA 32\n4\n- les  maires  des  communes  de  PAINBLANC,  THOREY-SUR-OUCHE,  COLOMBIER,\nCHAUDENAY-LA-VILLE et BLIGNY-SUR-OUCHE,\n- le Pr\u00e9sident de l'Association Sportive Automobile C\u00f4te-d'Or\nsont charg\u00e9s, chacun en ce qui le concerne, de l'ex\u00e9cution du pr\u00e9sent arr\u00eat\u00e9.\nLe pr\u00e9sent arr\u00eat\u00e9 sera publi\u00e9 au recueil des actes administratifs de la Pr\u00e9fecture de C\u00f4te-\nd'Or.\nUne copie du pr\u00e9sent arr\u00eat\u00e9 sera adress\u00e9e pour information :\n- au Service D\u00e9partemental d'Incendie et de Secours\n- au Service d'Aide M\u00e9dicale d'Urgence\nFait \u00e0 Dijon, le 7 mai 2024\nLe pr\u00e9fet,\nPour le pr\u00e9fet, par d\u00e9l\u00e9gation,\nLe directeur de cabinet,\nSIGN\u00c9\nOlivier GERSTL\u00c9\nDirection d\u00e9partementale des territoires de la C\u00f4te-d'Or\n57 rue de Mulhouse- BP 53317 - 21033 DIJON cedex\nt\u00e9l : 03 80 29 44 44 \u2013 Courriel : ddt@cote-dor.gouv.fr\nDirection d\u00e9partementale des territoires de la C\u00f4te-d'Or - 21-2024-05-07-00001 - AP Circulation 1erRallyeRegionalBligny RAA 33\nSDIS de C\u00f4te-d'Or\n21-2024-05-01-00002\n2024_Liste Aptitude Op\u00e9rationnelle unit\u00e9 de\nlutte contre les feux de for\u00eats_modifi\u00e9e\nSDIS de C\u00f4te-d'Or - 21-2024-05-01-00002 - 2024_Liste Aptitude Op\u00e9rationnelle unit\u00e9 de lutte contre les feux de for\u00eats_modifi\u00e9e 34\nE.PREFETLS cDISC\u00d4TE-D'OR uEZL >Libert\u00e9\u00cbgalite' 22 D Boulevard Winston ChurchillFraternit\u00e9 CS 16209 - 21 062 DIJON Cedex\nAffaire suivie par : sous-direction optimisation du potentiel op\u00e9rationnelSDIS 21 / service \u00e9quipes sp\u00e9cialis\u00e9esT\u00e9l : 03 80 11 27 87M\u00e9l : formation@sdis21.orgArr\u00e9t\u00e9Portant sur la liste d'aptitude op\u00e9rationnelleUnit\u00e9 de lutte contre les feux de for\u00eatsAnn\u00e9e 2024 \u2014 modificatif n\u00b0 1Le pr\u00e9fet de la C\u00f4te-d'OrVu le code g\u00e9n\u00e9ral des collectivit\u00e9s territoriales et particulierement l'article R 1424-54 ;Vu le code de la s\u00e9curit\u00e9 int\u00e9rieure et particuli\u00e8rement l'article L 112-2 ;Vu l'arr\u00eat\u00e9 du 6 mai 2000 modifi\u00e9 fixant les conditions d'aptitudes m\u00e9dicales des sapeurs-pompiers professionnels etvolontaires ;Vu l'arr\u00eat\u00e9 du 22 ao\u00fbt 2019 relatif aux formations des sapeurs-pompiers professionnels et volontaires ;Vu l'arr\u00eat\u00e9 du 15 juillet 2022 relatif \u00e0 la d\u00e9signation et aux missions des r\u00e9f\u00e9rents de sp\u00e9cialit\u00e9s mentionn\u00e9s \u00e0 l'articleR. 722-1 du code de la s\u00e9curit\u00e9 int\u00e9rieure ;Vu l'arr\u00eat\u00e9 pr\u00e9fectoral du 18 septembre 2020 fixant la liste des unit\u00e9s op\u00e9rationnelles ;Vu le r\u00e8glement op\u00e9rationnel du service d\u00e9partemental d'incendie et de secours de la C\u00f4te-d'Or en date du 06 octobre2021 ;Vu le SDACR approuv\u00e9 par arr\u00eat\u00e9 pr\u00e9fectoral n\u00b0 1808, du 22 d\u00e9cembre 2023 ;Vu le guide national de r\u00e9f\u00e9rences\u00ab feux de for\u00eats \u00bb d'ao\u00fbt 1999 modifi\u00e9 ;Vu le guide de doctrine op\u00e9rationnelle et le guide de techniques op\u00e9rationnelles\u00ab feux de for\u00eats et d'espaces naturels \u00bbde f\u00e9vrier 2021 ;Vu la participation des agents d\u00e9sign\u00e9s aux activit\u00e9s de formation de maintien et de perfectionnement des acquis ;Vu le nombre de chef de site (1), chefs de colonne (7), de chefs de groupe (18), de chefs d'agr\u00e8s (176), de \u00e9quipiers(321) ;Sur proposition de monsieur le directeur d\u00e9partemental des services d'incendie et de secours ;ARR\u00caTEArticle 1 : La liste annuelle d\u00e9partementale d'aptitude op\u00e9rationnelle des sapeurs-pompiers de l'unit\u00e9 \u00ab luttecontre les feux de for\u00eats \u00bb du d\u00e9partement de la C\u00f4te-d'Or s'\u00e9tablit comme suit :\nNom Pr\u00e9nom | Emploi et activit\u00e9 compl\u00e9mentaire Formation\" DEZA R\u00e9gis Es . Chef de site FOF FDF 5 i}BIDAU cyn] L  Chefde colonne FDF q - rs \u2014BOLTZ Bruno 1  ChefdecolommeFDF - u_NBO\u2014U\u2014FENICHE 'Khamel | Chef de colonne FDF | FDF 4DOMBEK Christophe \u2014 \" Chef de colonne FDF & cadre a\u00e9ro embarqu\u00e9 FDF 4 & AER 3 ;MARC Jean-Louis T Chef c;;c;c;lonne FDF E (S c \u00cbF\u00ce\u00cePARDON Christophe 1  chafdecolonn\u00e9FDE@ | FEDF4THEUREL J\u00e9r\u00f4me % | Chef de colonne FD\u00cb & cadre a\u00e9ro embarqu\u00e9 | g FDF 4 & AER 3\" ANDREUCCETTI Philippe | Chef de groupe FDF FDF3 \u2014 |BOUCHE Luca Chef de groupe FDF FDF 3\nPR\u00c9FET \nDE LA \nC\u00d4TE-D'OR \nLibert\u00e9 \n\u00c9galit\u00e9 \nFraternit\u00e9 \n22 D Boulevard Winston Churchill \nCS 16209 - 21 062 DIJON Cedex \nSDIS de la C\u00f4te-d'Or \nAffaire suivie par : sous-direction optimisation du potentiel op\u00e9rationnel \nSDIS 21 / service \u00e9quipes sp\u00e9cialis\u00e9es \nT\u00e9l : 03 80 11 27 87 \nM\u00e9l : formation@sdis21.org  \nArr\u00eat\u00e9 \nPortant sur la liste d'aptitude op\u00e9rationnelle \nUnit\u00e9 de lutte contre les feux de for\u00eats \nAnn\u00e9e 2024 \u2014 modificatif n\u00b0 1 \nLe pr\u00e9fet de la C\u00f4te-d'Or \nVu le code g\u00e9n\u00e9ral des collectivit\u00e9s territoriales et particuli\u00e8rement l'article R 1424-54 ; \nVu le code de la s\u00e9curit\u00e9 int\u00e9rieure et particuli\u00e8rement l'article L 112-2 ; \nVu l'arr\u00eat\u00e9 du 6 mai 2000 modifi\u00e9 fixant les conditions d'aptitudes m\u00e9dicales des sapeurs-pompiers professionnels et \nvolontaires ; \nVu l'arr\u00eat\u00e9 du 22 ao\u00fbt 2019 relatif aux formations des sapeurs-pompiers professionnels et volontaires ; \nVu l'arr\u00eat\u00e9 du 15 juillet 2022 relatif \u00e0 la d\u00e9signation et aux missions des r\u00e9f\u00e9rents de sp\u00e9cialit\u00e9s mentionn\u00e9s \u00e0 l'article \nR. 722-1 du code de la s\u00e9curit\u00e9 int\u00e9rieure ; \nVu l'arr\u00eat\u00e9 pr\u00e9fectoral du 18 septembre 2020 fixant la liste des unit\u00e9s op\u00e9rationnelles ; \nVu le r\u00e8glement op\u00e9rationnel du service d\u00e9partemental d'incendie et de secours de la C\u00f4te-d'Or en date du 06 octobre \n2021 \nVu le SDACR approuv\u00e9 par arr\u00eat\u00e9 pr\u00e9fectoral n\u00b0 1808, du 22 d\u00e9cembre 2023 ; \nVu le guide national de r\u00e9f\u00e9rences\u00ab feux de for\u00eats \u00bb d'ao\u00fbt 1999 modifi\u00e9 ; \nVu le guide de doctrine op\u00e9rationnelle et le guide de techniques op\u00e9rationnelles\u00ab feux de for\u00eats et d'espaces naturels \u00bb \nde f\u00e9vrier 2021 ; \nVu la participation des agents d\u00e9sign\u00e9s aux activit\u00e9s de formation de maintien et de perfectionnement des acquis ; \nVu le nombre de chef de site (1), chefs de colonne (7), de chefs de groupe (18), de chefs d'agr\u00e8s (176), de \u00e9quipiers \n(321) , \nSur proposition de monsieur le directeur d\u00e9partemental des services d'incendie et de secours ; \nARR\u00caTE \nArticle 1 : La liste annuelle d\u00e9partementale d'aptitude op\u00e9rationnelle des sapeurs-pompiers de l'unit\u00e9 \u00ab lutte \ncontre les feux de for\u00eats \u00bb du d\u00e9partement de la C\u00f4te-d'Or s'\u00e9tablit comme suit : \nNom Pr\u00e9nom \t Emploi et activit\u00e9 compl\u00e9mentaire \t Formation \nDEZA R\u00e9gis \t Chef de site FDF \t FDF 5 \nBIDAU Cyril \t Chef de colonne FDF \t FDF 4 \nBOLTZ Bruno \t Chef de colonne FDF \t FDF 4 \nBOUFENICHE Khamel \t Chef de colonne FDF \t FDF 4 \nDOMBEK Christophe \t Chef de colonne FDF & cadre a\u00e9ro embarqu\u00e9 \t FDF 4 & AER 3 \nMARC Jean-Louis \t Chef de colonne FDF \t FDF 4 \nPARDON Christophe \t Chef de colonne FDF \t FDF 4 \nTHEUREL J\u00e9r\u00f4me * \t Chef de colonne FDF & cadre a\u00e9ro embarqu\u00e9 \t FDF 4 & AER 3 \nANDREUCCETTI Philippe \t Chef de groupe FDF \t FDF 3 \nBOUCHE Luca \t Chef de groupe FDF \t FDF 3 \nSDIS de C\u00f4te-d'Or - 21-2024-05-01-00002 - 2024_Liste Aptitude Op\u00e9rationnelle unit\u00e9 de lutte contre les feux de for\u00eats_modifi\u00e9e 35\nNom Pr\u00e9nomEmploi et activit\u00e9 compl\u00e9mentaireFormationBREUIL Christophe Chef de groupe FDF FDF 3_ BRILLET Jason \u00b0 Chef de groupe FDF E - FDF3; CRETE Laurent u o -...-...-(_Dhef de groupe FDF FDF 3 -DECHAUI\\;IE_SyT\u00e9-m B Chef de groupe FDF FDF 3 & investigateur RCCI. .I_:DFDESCHAMPS Olivier Chef de groupe FDF FDF3 \u2014EM Fr\u00e9d\u00e9ric Chef de groupe FDF FDF 3 -GARMATUK Cyril Chef de groupe FDF \u2014 ) FDF3| GENELOTEric \u2014 Chef de groupe FDF FDF 3PAGEOT Anthony Chef de groupe FDF FDF 3 'REGAZZONI Micka\u00ebl Chef de groupe FDF S FDF3ROUCHE St\u00e9phane - Chefde groupeFDF E FDF3 'SAUSSERET Jean-Michel ' ChefdegroupeFDF FDF 3 )| SENOT AIexandre e e Chef de groupe FDF FDF 3 ' u\" TARDIEU Yannick _ Chef de groupe FDF FDF 3\u00eeANDENSKRICK Julien Chef de groupe FDF FDF 3 )_ XHAARD-BOLLON Nicolas Chef de groupe FDF ' ' FDF 3ALIBERT Brice Chefd'agr\u00e8s FOF u C FDF2ALIBERT David E Chef d'agr\u00e9s FDF u ) FDF 2ANGEL Nicolas N \" Chef d'agr\u00e8sFDF FDF 2'ANTOINE Aymeric \u2014 Chef d'agr\u00e8s FDF & commando DIS FDF2&DISFDF _\u2014 ANTOINE Luc __ u Chef d'agr\u00e9s FDF FDF 2AUVERT Romain | Chef d'agr\u00e8s FDF FDF 2' BALLAIS Sylvain - Chef d'agr\u00e8s FDF FDF 2\" BARGEOTCyril _ Chef d'agr\u00e8s FDF FDF 2BAUDEGARD Marc Chef d'agr\u00e8s FDF FDF 2\" BAUDRAND Julien Chef d'agr\u00e8s FDF FDF 2 -BAUDROT Aur\u00e9lien Chef d'agr\u00e8s FDF FDF 2 -BAZIN Marc ) Chef d'agr\u00e9s FDF FDF 2 BBERNARD Philippe I  Chef d'agr\u00e8s FDF FDF 2 BBERNIER Julien Chef d''agr\u00e9s FDF FDF 2BIARD Herv\u00e9 Chefd'agr\u00e8s FDF _ L FDF2BLANDIN Jean-Fran\u00e7ois e Chef d'agr\u00e8s FDF FDF 2 uBLANDIN Pascal ' Chef d'agr\u00e8s FDF FDF 2BOLE Xavier ' \" Chef d'agr\u00e8s FDF FDF 2BONNET St\u00e9phane Chefd'agr\u00e8s FOF FDF 2 'BORDET Ofivier Chef d'agr\u00e8s FDF _ 0 FDF2BOS Fr\u00e9d\u00e9ric u Chef d'agr\u00e8s FDF FDF2 '- BOUILLOT Olivier Chef d'agr\u00e8s FDF FDF2 \u2014 '- BOUTIER Fabien Chefd'agr\u00e8sFDF \u2014 FDF 2\" BOUTIERFlorent | Chef d'agr\u00e8s FDF u FDF 2\" BROSSEAU F:Fabrice e Chef d'agr\u00e8s FDF FDF 2 1BRULEY Jean-No\u00ebl ' Chef d'agr\u00e8s FDF FDF 2 eBUSI Wilfried E Z Chef d'agr\u00e8s FDF FDF2 -CENDRIER Nicolas B u Chef d'agr\u00e8s FDF & commando DIS FDF 2 & DIS FDI: eCHANUT Lilian o - ChefdagrsFDF FDF 2' CHAPLOT Elodie Chefd'agr\u00e8sFDF - ' FDF 2\" CHIAOUI Mehdi\u2014 Chefd'agr\u00e8sFDF Q  C FDF2 \u2014 qCHOFFLETArnaud 1 Chef d'agr\u00e8s FDF FDF 2 1CHRETIEN Pierre _ u ' 'Chefd agr\u00e8s FDF FDF2 \u2014 eCONTET Cyrill Chefd'agr\u00e8sFDF Q  FDF 2 )\" Chefd'a\u2014g\u2014res\u00cfFDF FDF 2 )CONVERT Cynl\nNom Pr\u00e9nom \t I Emploi et activit\u00e9 compl\u00e9mentaire Formation \nChef de groupe PDF \t FDF 3 \nChef de groupe FDF \t FDF 3 \nBREUIL Christophe \nBRILLET Jason \nFDF 3 \nFDF 3 \nChef de groupe FDF \nChef de groupe FDF \nChef de groupe FDF FDF 3 \nREGAZZONI Micka\u00e9l \nROUCHE St\u00e9phane \nSAUSSERET Jean-Michel \nSENOT Alexandre \t Chef de groupe FDF \t FDF 3 \nTARDIEU Yannick Chef de groupe FDF \t FDF 3 \nFDF 3 \nFDF 3 \nFDF 2 \nFDF 2 \nXHAARD-BOLLON Nicolas \nALIBERT Brice \nVANDENSKRICK Julien Chef de groupe FDF \nALI SERT David \nChef de groupe FDF \nChef d'agr\u00e8s FDF \nChef d'agr\u00e8s FDF \nChef d'agr\u00e8s FDF ANGEL Nicolas FDF 2 \nChef d'agr\u00e8s FDF & commando DIS \t FDF 2 & DIS FDF ANTOINE Aymeric \nChef d'agr\u00e8s FDF \t FDF 2 BAUDEGARD Marc \nChef d'agr\u00e8s FDF \t FDF 2 \nChef d'agr\u00e8s FDF \t FDF 2 \nChef d'agr\u00e8s FDF \nChef d'agr\u00e8s FDF \nChef d'agr\u00e8s FDF \t FDF 2 \nChef d'agr\u00e8s FDF \t FDF 2 \nChef d'agr\u00e8s FDF \t FDF 2 \nFDF 2 \nFDF 2 \nChef d'agr\u00e8s FDF \nChef d'agr\u00e8s FDF \nFDF 2 \nFDF 2 \nBUSI Wilfried \nCENDRIER Nicolas \nCHANUT Lilian \nFDF 2 \nFDF 2 \nFDF 2 \nFDF 2 \nChef d'agr\u00e8s FDF \nChef d'agr\u00e8s FDF \nChef d'agr\u00e8s FDF \nChef d'agr\u00e8s FDF \nChef d'agr\u00e8s FDF \nFDF 2 \nFDF 2 \nFDF 2 \nChef d'agr\u00e8s FDF \nChef d'agr\u00e8s FDF \nCHAPLOT Elodie \nCHIAOUI Mehdi \nCHOFFLET Arna ud \nCHRETIEN Pierre \nCONTET Cyrill \nCONVERT Cyril \nChef d'agr\u00e8s FDF \t FDF 2 \nChef d'agr\u00e8s FDF & commando DIS \t FDF 2 & DIS FDF \nEM Fr\u00e9d\u00e9ric \t Chef de groupe FDF \t FDF 3 \nGARMATUK Cyril \t Chef de groupe FDF \t FDF 3 \nGENELOT Eric \t Chef de groupe FDF \t FDF 3 \nPAGEOT Anthony \t Chef de groupe FDF \t FDF 3 \nBARGEOT Cyril \t Chef d'agr\u00e8s FDF \t FDF 2 \nBONNET St\u00e9phane \t Chef d'agr\u00e8s FDF \t FDF 2 \nBORDET Olivier \t Chef d'agr\u00e8s FDF \t FDF 2 \nBOS Fr\u00e9d\u00e9ric \t Chef d'agr\u00e8s FDF \t FDF 2 \nBOUILLOT Olivier \t Chef d'agr\u00e8s FDF \t FDF 2 \nROUTIER Fabien \t Chef d'agr\u00e8s FDF \t FDF 2 \nROUTIER Florent \t Chef d'agr\u00e8s FDF \t FDF 2 \nBROSSEAU Fabrice \t Chef d'agr\u00e8s FDF \t FDF 2 \nBRULEY Jean-No\u00e8l \t Chef d'agr\u00e8s FDF \t FDF 2 \nBAUDRAND Julien \nBAUDROT Aur\u00e9lien \nBAZIN Marc \nBERNARD Philippe \nBERNIER Julien \nBIARD Herv\u00e9 \nBLANDIN Jean-Fran\u00e7ois \nBLANDIN Pascal \nSOLE Xavier \nSDIS de C\u00f4te-d'Or - 21-2024-05-01-00002 - 2024_Liste Aptitude Op\u00e9rationnelle unit\u00e9 de lutte contre les feux de for\u00eats_modifi\u00e9e 36\nNom PrenomEmploi et activit\u00e9 complementalreFormationCOQUIO Gaelle-COSTERK\u00e9vin* COUSIN Lo\u00efcCROCHARD VincentDABRAINVILLE Geoffroy\nChef d' agres FDF FDF 2| Chefd agr\u00e9s FDFChef d'agr\u00e8s FDFChef d'agr\u00e9s FDFChef d' agres FDF. DAURELLE Jo\u00e9l Chef d agr\u00e8s FDF\" DESCLOIX SylvainDESSENDRE RomainDEVAUX Antoine\nFDF 2FDF 2FDF 2FDF 2FDF2Chef d'agr\u00e8s FDF & commando DISChef d'agr\u00e8s FDFChef d'agr\u00e8s FDF & commando DIS\nFDF 2 & DIS FDFFDF 2FDF 2 & DIS FDFDEVAUX JeanChrlstophe Chef d agresFDF FDF 2DEVILLIERSJ\u00e9r\u00e9my Chef d'agr\u00e8s FDF FDF2DREZETDavid Chef d'agr\u00e8s FDF - FDF2 E\" DUBOIS Alexis - Chef d'agr\u00e8s FDF FDF2 ); DUC Matthieu - Chef d'agr\u00e8s FDF FDF 2DUPIN Bruno ) Chef d'agr\u00e8s FDF ' FDF 2DUPONT Luc Chef d'agr\u00e8s FDF FDF2 @DUPREY Amaud Chef d'agr\u00e8s FDF _ FDF 2DURAND Frederlc L Chefdag;es_ FDF FDF 2DURANDNicolas _ ( Chef d'agr\u00e8s FDF FDF 2 |DUTHU J\u00e9r\u00e9my ' Chef d'agr\u00e8s FDF FDF 2 uDUTHU Patrice Chef d'agr\u00e8s FDF - FDF 2 oDUTHU Thomas Chef d'agr\u00e8s FDF u FDF 2 1FANJOUX C\u00e9dric Chef d'agr\u00e9s FDF & commando DIS - FDF 2 & DIS FDF uFARGE David e Chef d'agr\u00e8s FDF u FDF 2 n\" FAVRE Philippe Chef d'agr\u00e9s FDF S FDF 2 ZFERNANDEZ Manuel Chef d'agr\u00e8s FDF ' - FDF 2 )- FURDERER Johann \" Chef d'agr\u00e8s FDF u CFDF2 )) F\u00dcRDINDawd ...Chef d'agr\u00e8s FDF FDF2CGARNIER Nicolas 0 | Chef d'agr\u00e8s FDF C FDF2_GE\u00ce\\IEI'_IER_Br_uno | - o ' Chef d'agr\u00e8s FDF FDF 2 |GENTILHOMME Damien | Chefd'agr\u00e8s FDF FDF 2_(:SEOFFROYAntome N Chef d'agr\u00e9s FDF FDF2 -\"GERMAINAmaud _ | Chef d'agr\u00e8s FDF FDF2\u00c8STT-\u00ebylvaln Chef d agres FDF ) FDF 2 )GONETLudovic \" Chef d'agr\u00e8s FDF FDF 2GOUX Fr\u00e9d\u00e9ric Chefddag're-s\"F'DF... ; FDF 2GREBILLE Jean Chef d'agr\u00e8s FDF FDF 2GUALDI Fabrice Chef d'agr\u00e8s FDF FDF 2GUERARD S\u00e9bastien Chef d'agr\u00e8s FDF \u2014 ' FDF 2) GUERIN Maxime Chef d'agr\u00e8s FDF ' FDF 2 1| AGUTKNECHT Jean-Denis Chef d'agr\u00e8s FDF FDF 2 eHEDIEUX Patrick Chef d'agres FDF FDF_Z L\u00caN\u00cfQIENE Mohamed S  'Chef d'agr\u00e8s FDF C FDF2ISAAC Christophe Chef d'agr\u00e8s FDF ' FDE2\u00caT_RI_\u00c0Anthony ' ) Chef d'agr\u00e9s FDF ) _FEFZ -JACQUES Pascal 1  Chefdagr\u00e9s FDF FDF 2JALLAT G\u00e9rard Chefd'agresFDF Q\u2014 FDF 2 1JAUDAUX DaV|d - o Chef d'agr\u00e8s FDF Fa:\u00ee\u2014 ' E_.\u00ceEAN Mlckae! ) u Chef d'agr\u00e8s FDF ' FDF 2 EJEANNE Emmanuel\u2014 o Chef d'agr\u00e8s FDF FDF 2JEANNIN S\u00e9bastien ' Chef d'agr\u00e9s FDF ' FDF 2\nNom Pr\u00e9nom \t Emploi et activit\u00e9 compl\u00e9mentaire \t Formation \nCOQUIO Gaelle \t Chef d'agr\u00e8s FDF \t FDF 2 \nCOSTER K\u00e9vin \t Chef d'agr\u00e8s FDF \t FDF 2 \nCOUSIN La\u00efc \t Chef d'agr\u00e8s FDF \t FDF 2 \nCROCHARD Vincent \t Chef d'agr\u00e8s FDF \t FDF 2 \nDABRAINVILLE Geoffroy \t Chef d'agr\u00e8s FDF \n\t FDF 2 \nDAURELLE Jo\u00ebl \t Chef d'agr\u00e8s FDF \t FDF 2 \nDESCLOIX Sylvain \t Chef d'agr\u00e8s FDF & commando DIS \t FDF 2 & DIS FDF \nDESSENDRE Romain \t Chef d'agr\u00e8s FDF \t FDF 2 \nDEVAUX Antoine \t Chef d'agr\u00e8s FDF & commando DIS \t FDF 2 & DIS FDF \nDEVAUX Jean-Christophe \t Chef d'agr\u00e8s FDF \t FDF 2 \nDEVILLIERS J\u00e9r\u00e9my \t Chef d'agr\u00e8s FDF \t FDF 2 \nDREZET David \t Chef d'agr\u00e8s FDF \t FDF 2 \nDUBOIS Alexis \t Chef d'agr\u00e8s FDF \t FDF 2 \nDUC Matthieu \t Chef d'agr\u00e8s FDF \t FDF 2 \nDUPIN Bruno \t Chef d'agr\u00e8s FDF \n\t FDF 2 \nDUPONT Luc \t Chef d'agr\u00e8s FDF \n\t FDF 2 \nDUPREY Arnaud \t Chef d'agr\u00e8s FDF \t FDF 2 \nDURAND Fr\u00e9d\u00e9ric \t Chef d'agr\u00e8s FDF \t FDF 2 \nDURAND Nicolas \t Chef d'agr\u00e8s FDF \t FDF 2 \nDUTHU J\u00e9r\u00e9my \n\t\nChef d'agr\u00e8s FDF \t FDF 2 \nDUTHU Patrice \n\t\nChef d'agr\u00e8s FDF \t FDF 2 \nDUTHU Thomas \n\t\nChef d'agr\u00e8s FDF \t FDF 2 \nFANJOUX C\u00e9dric \t Chef d'agr\u00e8s FDF & commando DIS \t FDF 2 & DIS FDF \nFARGE David \t Chef d'agr\u00e8s FDF \t FDF 2 \nFAVRE Philippe \t Chef d'agr\u00e8s FDF \t FDF 2 \nFERNANDEZ Manuel \t Chef d'agr\u00e8s FDF \t FDF 2 \nFURDERER Johann \t Chef d'agr\u00e8s FDF \t FDF 2 \nFURDIN David \t Chef d'agr\u00e8s FDF \t FDF 2 \nGARNIER Nicolas \t Chef d'agr\u00e8s FDF \t FDF 2 \nGENETIER Bruno \t Chef d'agr\u00e8s FDF \t FDF 2 \nGENTILHOMME Damien \t Chef d'agr\u00e8s FDF \t FDF 2 \nGEOFFROY Antoine \t Chef d'agr\u00e8s FDF \t FDF 2 \nGERMAIN Arnaud \t Chef d'agr\u00e8s FDF \t FDF 2 \nGEST Sylvain \t Chef d'agr\u00e8s FDF \t FDF 2 \nGONET Ludovic \t Chef d'agr\u00e8s FDF \t FDF 2 \nGOUX Fr\u00e9d\u00e9ric \t Chef d'agr\u00e8s FDF \t FDF 2 \nGREBILLE Jean \t Chef d'agr\u00e8s FDF \t FDF 2 \nGUALDI Fabrice \t Chef d'agr\u00e8s FDF \t FDF 2 \nGUERARD S\u00e9bastien \t Chef d'agr\u00e8s FDF \t FDF 2 \nGUERIN Maxime \t Chef d'agr\u00e8s FDF \t FDF 2 \nGUTKNECHT Jean-Denis \t Chef d'agr\u00e8s FDF \t FDF 2 \nHEDIEUX Patrick \t Chef d'agr\u00e8s FDF \t FDF 2 \nHENNIENE Mohamed \t Chef d'agr\u00e8s FDF \t FDF 2 \nISAAC Christophe \t Chef d'agr\u00e8s FDF \t FDF 2 \n'STRIA Anthony \t Chef d'agr\u00e8s FDF \t FDF 2 \nJACQUES Pascal \t Chef d'agr\u00e8s FDF \t FDF 2 \nJALLAT G\u00e9rard \t Chef d'agr\u00e8s FDF \t FDF 2 \nJAUDAUX David \t Chef d'agr\u00e8s FDF \t FDF 2 \nJEAN Micka\u00e9l \t Chef d'agr\u00e8s FDF \t FDF 2 \nJEANNE Emmanuel \t Chef d'agr\u00e8s FDF \t FDF 2 \nJEANNIN S\u00e9bastien \t Chef d'agr\u00e8s FDF \t FDF 2 \nSDIS de C\u00f4te-d'Or - 21-2024-05-01-00002 - 2024_Liste Aptitude Op\u00e9rationnelle unit\u00e9 de lutte contre les feux de for\u00eats_modifi\u00e9e 37\nNom PrenomEmpl0| et activit\u00e9 compl\u00e9mentaireFormation\nChef d'agr\u00e8s FDF\nJOUFFROY Herv\u00e9 Chef d'agr\u00e8s FDF FDF 2C JUPILLE Thomas - \" Chef d'agr\u00e8sFDF - FDF 2KARROUM Hakim - Chef d'agr\u00e8s FDF L FDF2 eKURKLINSKI Quentin Chef d'agr\u00e8s FDF FDF 2| LAGNIER Laurent ) Chef d'agr\u00e8s FDF FDF 2 \u00a9LALLEMAND Mathieu Chef d'agr\u00e8s FDF FDF 2\" LAMBERT Jean-Robert Chef d'agr\u00e8s FDF FDF2 0(LAUPRETRE Mathieu __ e - __ Chef d'agr\u00e8s FDF FDF2 QLAVERDAN Jean-Paul | Chef d'agr\u00e8sFDF S FOF2 \u2014LE CARO C\u00e9dric Chef d'agr\u00e8s FDF - ) o FE)\u00cf:_ZLE GOFF Quentin Chef d'agr\u00e8s FDF FDF 2\" LEBLOND Andy Chef d'agr\u00e8s FDF FDF 2\" LEDOUX Alexis Chef d'agr\u00e8s FDF FDF 2 B| LEFOL Geoffroy \u2014 ' \" Chef d'agr\u00e8s FDF FDF 2LEFRANCNicolas 1 Chefdagr\u00e9sFDF ) ' FOF2 |LEGRAND S\u00e9bastien - Chef d'agr\u00e8s FDF L FDF2LERAT Alexandre Chef d'agr\u00e8s FDF B FDF 2LOPES David Chef d'agres FDF FDF 2 u BLOUIS Thierry Chef d'agr\u00e8s FDF FOF2 -MAIRE Johann C Chef d'agr\u00e8s FDF FDF2MANSOTTE Jean-Marc L  Chef d'agr\u00e8s FDF FDF2 _MARCEAU Xavier 11 Chef d'agr\u00e8s FDF FDF2 \u2014MARCOS Alex LS  Chef d'agr\u00e8s FDF FOF2MARDAOUI Mouhssine L Chef d'agr\u00e8s FDF FOF2 =MARTY Yoann Chef d'agr\u00e8s FDF FDF 2 fiMAUR Christophe Chef d'agr\u00e8s FDF FDF 2 BMAUROY Anthony Chef d'agr\u00e8s FDF FDF 2 BMEHAULT Ga\u00ebtan Chef d'agr\u00e8s FDF FDF 2 'MELOT Christophe Chef d'agr\u00e8s FDF FDF 2 |MENELOT Patrick e 1 Chef d'agr\u00e8s FDF FDF 2 EMERME Christophe Chef d'agr\u00e8s FDF FDF 2 'MIGNOT Emmanuel Chef d'agr\u00e8s FDF FDF 2MONTCHARMONT Thomas Chef d'agr\u00e8s FDF FDF 2MOREAU Franck Chef d'agr\u00e8s FDF FDF 2MORELOT Eric Chef d'agr\u00e8s FDF FDF 2MORINEAU Damien Chef d'agr\u00e8s FDF FDF2MOTUS Julien Chef d'agr\u00e8s FDF FDF2NAUDET Etlenne Chef d'agr\u00e8s FDF 1 N ...FDF 2 uNESME K\u00e9vin e o Chefd'agr\u00e8s FDF FDF2\" NICOLAS AMichel - Chefd' agr\u00e8sFDF FOF2 -NOUR Yassine \u2014 Chefd'agresFDF Q  FDF2 ' 1\" PARANT Fr\u00e9d\u00e9ric L - Chefd'agr\u00e8sFDF FOF2 .\"PERRIN St\u00e9phane _ Chef d'agr\u00e8s FDF | 1  FDF2 -PERU Christophe ' S - Chef d'agr\u00e9s FDF FDF 2PETITOT Marc Chef d'agr\u00e8s FDF FDF 2PETRIGNET Laurent Chef d'agr\u00e8s FDF L FDF 2\" PIGNET Christophe S  Chef d'agr\u00e8s FDF FOF2 \u2014 -\"PIGNET Olivier \" Chefd'agr\u00e8s FDF FDF 2 LPIGNON S\u00e9bastien Chef d'agr\u00e8s FDF FDF 2PIVEL Alexis Chef d'agr\u00e8s FDF FDF 2'POUESSELWilfried C FDF2\nNom Pr\u00e9nom Emploi et activit\u00e9 compl\u00e9mentaire Formation \nJOUFFROY Herv\u00e9 Chef d'agr\u00e8s FDF FDF 2 \nJUPILLE Thomas Chef d'agr\u00e8s FDF FDF 2 \nKARROUM Hakim Chef d'agr\u00e8s FDF FDF 2 \nKURKLINSKI Quentin Chef d'agr\u00e8s FDF FDF 2 \nLAGNIER Laurent Chef d'agr\u00e8s FDF FDF 2 \nLALLEMAND Mathieu Chef d'agr\u00e8s FDF FDF 2 \nLAMBERT Jean-Robert Chef d'agr\u00e8s FDF FDF 2 \nLAUPRETRE Mathieu Chef d'agr\u00e8s FDF FDF 2 \nLAVERDAN Jean-Paul Chef d'agr\u00e8s FDF FDF 2 \nLE CARO C\u00e9dric Chef d'agr\u00e8s FDF FDF 2 \nLE GOFF Quentin Chef d'agr\u00e8s FDF FDF 2 \nLEBLOND Andy Chef d'agr\u00e8s FDF FDF 2 \nLEDOUX Alexis Chef d'agr\u00e8s FDF FDF 2 \nLEFOL Geoffroy Chef d'agr\u00e8s FDF FDF 2 \nLEFRANC Nicolas Chef d'agr\u00e8s FDF FDF 2 \nLEGRAND S\u00e9bastien Chef d'agr\u00e8s FDF FDF 2 \nLERAT Alexandre Chef d'agr\u00e8s FDF FDF 2 \nLOPES David Chef d'agr\u00e8s FDF FDF 2 \nLOUIS Thierry Chef d'agr\u00e8s FDF FDF 2 \nMAIRE Johann Chef d'agr\u00e8s FDF FDF 2 \nMANSOTTE Jean-Marc Chef d'agr\u00e8s FDF FDF 2 \nMARCEAU Xavier Chef d'agr\u00e8s FDF FDF 2 \nMARCOS Alex Chef d'agr\u00e8s FDF FDF 2 \nMARDAOUI Mouhssine Chef d'agr\u00e8s FDF FDF 2 \nMARTY Yoann Chef d'agr\u00e8s FDF FDF 2 \nMAUR Christophe Chef d'agr\u00e8s FDF FDF 2 \nMAUROY Anthony Chef d'agr\u00e8s FDF FDF 2 \nMEHAULT Ga\u00e9tan Chef d'agr\u00e8s FDF FDF 2 \nMELOT Christophe Chef d'agr\u00e8s FDF FDF 2 \nMENELOT Patrick Chef d'agr\u00e8s FDF FDF 2 \nMERME Christophe Chef d'agr\u00e8s FDF FDF 2 \nMIGNOT Emmanuel Chef d'agr\u00e8s FDF FDF 2 \nMONTCHARMONT Thomas Chef d'agr\u00e8s FDF FDF 2 \nMOREAU Franck Chef d'agr\u00e8s FDF FDF 2 \nMORELOT Eric Chef d'agr\u00e8s FDF FDF 2 \nMORINEAU Damien Chef d'agr\u00e8s FDF FDF 2 \nMOTUS Julien Chef d'agr\u00e8s FDF FDF 2 \nNAUDET Etienne Chef d'agr\u00e8s FDF FDF 2 \nNESME K\u00e8vin \nNICOLAS Michel \nChef d'agr\u00e8s FDF \nChef d'agr\u00e8s FDF \nFDF 2 \nFDF 2 \nNOUR Yassine Chef d'agr\u00e8s FDF FDF 2 \nPARANT Fr\u00e9d\u00e9ric Chef d'agr\u00e8s FDF \nChef d'agr\u00e8s FDF \nFDF 2 \nPERRIN St\u00e9phane FDF 2 \nPERU Christophe Chef d'agr\u00e8s FDF FDF 2 \nPETITOT Marc Chef d'agr\u00e8s FDF FDF 2 \nPETRIGNET Laurent Chef d'agr\u00e8s FDF FDF 2 \nPIGNET Christophe Chef d'agr\u00e8s FDF FDF 2 \nPIGNET Olivier Chef d'agr\u00e8s FDF FDF 2 \nPIGNON S\u00e9bastien Chef d'agr\u00e8s FDF FDF 2 \nPIVEL Alexis Chef d'agr\u00e8s FDF FDF 2 \nPOUESSEL Wilfried Chef d'agr\u00e8s FDF FDF 2 \nSDIS de C\u00f4te-d'Or - 21-2024-05-01-00002 - 2024_Liste Aptitude Op\u00e9rationnelle unit\u00e9 de lutte contre les feux de for\u00eats_modifi\u00e9e 38\nNom Pr\u00e9nomEmploi et activit\u00e9 compl\u00e9mentaireFormationPRIN Richard Chef d'agr\u00e8s FDF FDF 2PRUDHON R\u00e9gis Chef d'agr\u00e8s FDF FDF2 \u2014RAIMBAULT Nicolas Chefd'agr\u00e8sFDF e FDF2- REMBERT Thomas ' Chefd'agr\u00e8sFDF Q  FDF 2- REMONDGa\u00ebtan Chef d'agr\u00e8s FDF FDF 2; -RENAUD Thomas Chef d'agr\u00e8s FDF FDF 2 0RICHARD Christophe Chef d'agr\u00e9s FDF FDF 2RICHARD Laurent \u2014 | Chef d'agr\u00e8s FDF FDF 2 'C RICHARD Ludovic Chef d'agr\u00e8s FDF FDF 2 )RUDE Maxime Chef d'agr\u00e8s FDF FDF 2SAADA Alexandre Chef d'agr\u00e8s FDF FDF 2 |SAGET Loic Chef d'agr\u00e8s FDF S CFDF2\" SALLOT Julien \" Chef d'agr\u00e9sFDF C FDF2\" SAMORI Laurent _ E Chef d'agr\u00e8s FDF FDF 2\u00cb\u0152:\u00c2\u00ca\u00ceCednc L  Chef d'agr\u00e9s FDF FDF 2 B\" SIERRA Mika\u00ebl Chef d'agr\u00e8s FDF FDF 2 -SILVESTRE St\u00e9phane Chef d'agr\u00e9s FDF FDF 2\" SIMON Jean-Baptiste Chef d'agr\u00e9s FDF FDF 2SIRANDRE Thomas Chef d'agr\u00e8s FDF FDF2 \u2014SOLDATENKOFF Nicolas - Chef d'agr\u00e8s FDF FDF 2, SPACZEK Rudy Chef d'agr\u00e8s FDF FDF 2* SUCHETET Didier E ' Chef d'agr\u00e8s FDF FDF 2THIBEAULT Laurent ' ' Chef d'agr\u00e8s FDF FDF 2THOMAS Christophe _ - Chef d'agr\u00e8s FDF FDF 2THOMAS Guilhem | Chef d'agr\u00e8s FDF FDF2C THOMAS J\u00e9r\u00f4me Chefd'agr\u00e8sFDF Q  FDF2TILLIER Herv\u00e9 - 'Chefd'agr\u00e8s FDF - _EJF2TRITZ Fr\u00e9d\u00e9ric \" Chefd'agr\u00e8sFDF 1 FDF 2VADOT Michel Chef d'agr\u00e8s FDF - FDF2VADOT Thierry Chef d'agr\u00e9s FDF 1 FDF2 ...VAILLE Olivier Chef d'agr\u00e8s FDF ) FDF 2VAXILLAIRE Yann 'Chefd' agr\u00e8s FDF _ C FDF2VERREY Cyril C Chefd'agr\u00e8s FDF FDF2; VIARDOT Aur\u00e9lien Chef d'agr\u00e8s FDF e FDF2\" VIDON-BUTHION John Chef d'agr\u00e8s FDF e FDF 2| VILBOUX Romain Chef d'agr\u00e8s FDF u FDF 2- VILLEGAS Herv\u00e9 Chef d'agr\u00e8s FDF FF2NlVlE\u00ceJ\u00cb\u00e8\u00cfe  Chef d'agr\u00e8s FDF FOF2 \u2014 -XHAARD-BOLLON Sabine _ Chef d'agr\u00e8s FDF FDF 2\"ALIN Joslin Equipier FDF FDF 1ANNEN Florian ' ) EquipierFDF FDF1ARBEZ Benjamin ' Equler FDF L  FDF 1_ .\" AUBRY Christophe - EquipierFDF FDF 1 EAUVERT Antonin - ' Equ.p.er_F_l::\u00ce:... ' L C FDF1\" BAILLIET Jason \u00b0 \u00c9cquipierFDF \u2014 FOF1BAILLY St\u00e9phane Equipier FDF ' S FDF 1 | 1BARATAMINHOS Lionel - Equipier FDF FOF1BARBE David | - EquipierFDF FDF 1 eBARDET Mathieu S Equipier FDF \u2014 ' ' FOF1 \u2014BAUDEGARD Romain EquipierFDF Q - FDF1\" BEAU Yoann E Equipier FDF FDF 1 e\nNom Pr\u00e9nom Emploi et activit\u00e9 compl\u00e9mentaire Formation \nPRIN Richard Chef d'agr\u00e8s FDF FDF 2 \nPRUDHON R\u00e9gis FDE 2 Chef d'agr\u00e8s FDF \nRAIMBAULT Nicolas Chef d'agr\u00e8s FDF FDF 2 \nREMBERT Thomas Chef d'agr\u00e8s FDF FDF 2 \nREMOND Ga\u00e8tan Chef d'agr\u00e8s FDF FDF 2 \nRENAUD Thomas Chef d'agr\u00e8s FDF FDF 2 \nRICHARD Christophe Chef d'agr\u00e8s FDF FDF 2 \nRICHARD Laurent Chef d'agr\u00e8s FDF FDF 2 \nRICHARD Ludovic Chef d'agr\u00e8s FDF FDF 2 \nRUDE Maxime Chef d'agr\u00e8s FDF FDF 2 \nSAADA Alexandre Chef d'agr\u00e8s FDF FDF 2 \nSAGET Loft Chef d'agr\u00e8s FDF FDF 2 \nSALLOT Julien Chef d'agr\u00e8s FDF FDF 2 \nSAMORI Laurent Chef d'agr\u00e8s FDF FDF 2 \nSCHMIDT C\u00e9dric Chef d'agr\u00e8s FDF FDF 2 \nSIERRA Mika\u00e8l Chef d'agr\u00e8s FDF FDF 2 \nSILVESTRE St\u00e9phane Chef d'agr\u00e8s FDF FDF 2 \nSIMON Jean-Baptiste Chef d'agr\u00e8s FDF FDF 2 \nSIRANDRE Thomas Chef d'agr\u00e8s FDF FDF 2 \nSOLDATENKOFF Nicolas Chef d'agr\u00e8s FDF FDF 2 \nSPACZEK Rudy Chef d'agr\u00e8s FDF FDF 2 \nSUCHETET Didier Chef d'agr\u00e8s FDF FDF 2 \nTHIBEAULT Laurent Chef d'agr\u00e8s FDF FDF 2 \nTHOMAS Christophe Chef d'agr\u00e8s FDF FDF 2 \nTHOMAS Guilhem Chef d'agr\u00e8s FDF FDF 2 \nTHOMAS J\u00e9r\u00f4me Chef d'agr\u00e8s FDF FDF 2 \nTILLIER Herv\u00e9 Chef d'agr\u00e8s FDF FDF 2 \nTRITZ Fr\u00e9d\u00e9ric Chef d'agr\u00e8s FDF FDF 2 \nVADOT Michel Chef d'agr\u00e8s FDF FDF 2 \nVADOT Thierry Chef d'agr\u00e8s FDF FDF 2 \nVAILLE Olivier Chef d'agr\u00e8s FDF FDF 2 \nVAXILLAIRE Yann Chef d'agr\u00e8s FDF FDF 2 \nVERREY Cyril Chef d'agr\u00e8s FDF FDF 2 \nVIARDOT Aur\u00e9lien Chef d'agr\u00e8s FDF FDF 2 \nVIDON-BUTHION John Chef d'agr\u00e8s FDF FDF 2 \nVILBOUX Romain Chef d'agr\u00e8s FDF FDF 2 \nVILLEGAS Herv\u00e9 Chef d'agr\u00e8s FDF FDF 2 \nVIVIEN Jo\u00e9l Chef d'agr\u00e8s FDF FDF 2 \nXHAARD-BOLLON Sabine Chef d'agr\u00e8s FDF FDF 2 \nALIN Joslin Equipier FDF FDF 1 \nANNEN Florian Equipier FDF FDF 1 \nARBEZ Benjamin Equipier FDF FDF 1 \nAUBRY Christophe Equipier FDF \nEquipier FDF \nFDF 1 \nAUVERTAntonin FDF 1 \nBAILLIET Jason Equipier FDF FDF 1 \nBAILLY St\u00e9phane Equipier FDF FDF 1 \nBARATA MINHOS Lionel Equipier FDF FDF 1 \nBARBE David Equipier FDF FDF 1 \nBARDET Mathieu Equipier FDF FDF 1 \nBAUDEGARD Romain Equipier FDF FDF 1 \nBEAU Yoann Equipier FDF FDF 1 \nSDIS de C\u00f4te-d'Or - 21-2024-05-01-00002 - 2024_Liste Aptitude Op\u00e9rationnelle unit\u00e9 de lutte contre les feux de for\u00eats_modifi\u00e9e 39\nNom Pr\u00e9nomEmplo: et activit\u00e9 compl\u00e9mentaireFormation\nFDF 1\n. BECOUZE Pierre Equipier FDF FDF 1\" BECQUET J\u00e9remy \u2014 Equipier FDF | C FDF1 \u2014 |' BELDILMI Gilles _ 1 ) Equipier FDF N FDF1 )\" BENREDJEM Th\u00e9o| EquipierFDF _ ' FDF 1 e\"'\u0152Q\u00cbEHE\u0152) Anthony \" Equipier FDF FDF 1. BERTHENET Melvyn u \" Equipier FDF FDF1| BERTHET-BONDET Anthony Equipier FDF CFDF1 \u2014- BERWICK R\u00e9mi __ Equipier FDF ) FDF 1 e; BEUTHOT Chrlstophe Equipier FDF FDF 1-BiD\u00c0ULT Richard ; Equipier FDF FDF 1 |\" BIEBER Corentin o \u00b0 Equipier FDF FDF1\" BILLARD Alexis 0 u Equipier FDF | FDF1BLANC Eric u Equipier FDF L  FDF 1 EBLARDONE Charles Equipier FDF FDF 1BOISSY Philippe | Equipier FDF FDF 1 'BONNARD Matthieu e Equipier FDF FDF1\"BONNARD Valentin Equipier FDF FDF 1\" BONNASSIEUX J\u00e9r\u00e9my Q Equipier FDF ) FDF-1...BORDET Th\u00e9o Equipier FDF C EDFE1 0\" BOUCHEROT Fabien\u2014 Equipier FDF \u2014 FDF 1 n| BOUCHEROT Ga\u00ebtan_ Equipier FDF FDF 1 o| BOUCHEROT Jessica Equipier FOF FDF 1 o\" BOUCHEROT Max.me | Equipier FDF \u2014 FDF 1 oBOUQUET J\u00e9r\u00f4me _ Equipier FDF FDF 1 -BOURDIER Roger Equipier FDF ; ; FDF 1 oBOURGEOIS Elodie ) Equipier FDF ) ' FDF 1 BBOURGETEL Sylvain ) Equipier FDF o FDF 1 'BOUSSARD Anthony Equipier FDF FDF 1BOUTIER Charles ' e Equipier FDF ' _F[5F_1: BOUTIN L\u00e9o o Equipier FDF FDF 1 B\" BOUVIER Marina ) Equipier FDF FDF1 \u2014 \u00bbBOUVIER St\u00e9phane Equipier FDF - FDF1BOUVOT Jayson Equipier FDF ' FDF 1\" BREBEL Julie ' Equipier FDF FDF1_' | \u00ca\u00ca\u00cb_UIL Paul Equipier FDF FDF 1-B\u00ca[CHETEAU Florian o \" Equipier FDF . FDF1| BRICHETEAU Quentin ' \" Equipier FDF FDF1BRIDON Fran\u00e7ois \" Equipier FDF FDF1BRIYS Ludovic \u2014 Equipier FDF| FDF 1 LBRULEY Baptiste _ EquipierFDF FDF 1 -BRULEYRomain 8 _ Equipier FDF _ FDF 1 SBRUNET Morgan S Equipier FDF ) FDF 1 '\" BUATOIS Dylan Equipier FDF ' FDF1 )\" BUCZEK Alexis _ ) Equipier FOF C FDF1BUTHEAU Ludovic Equipier FDF FDF1 ECABEZAS Th\u00e9o ' \"Equip\u00eeer FDF 1 %&1 'CAGNE Ga\u00e9tan _ | Equipier FDF _ FDF 1 1CALAFATO Alexandre . Equipier FOF ) FDF 1 -| CAMUS David - o Equipier FDF o FDF1 SCAMUSET J\u00e9r\u00f4me o - Equipier FDF | F_DF 1- CANALAmandifi\u00e9 \" Equipier FDF - L\nNom Pr\u00e9nom Emploi et activit\u00e9 compl\u00e9mentaire Formation \nBECOUZE Pierre Equipier FDF FDF 1 \nBECQUET J\u00e9r\u00e9my Equipier FDF FDF 1 \nBELDILMI Gilles Equipier FDF FDF 1 \nBENREDJEM Th\u00e9o Equipier FDF FDF \nBERSCHEID Anthony Equipier FDF FDF 1 \nBERTHENET Melvyn Equipier FDF FDF 1 \nBERTHET-BONDET Anthony Equipier FDF FDF \nBERWICK R\u00e9mi Equipier FDF FDF \nBEUTHOT Christophe Equipier FDF FDF 1 \nBIDAULT Richard Equipier FDF FDF 1 \nBIEBER Corentin Equipier FDF FDF 1 \n' \t BILLARD Alexis Equipier FDF FDF 1 \nBLANC Eric Equipier FDF FDF 1 \nBLARDONE Charles Equipier FDF FDF 1 \nBOISSY Philippe Equipier FDF FDF 1 \nBONNARD Matthieu Equipier FDF FDF 1 \nBONNARD Valentin Equipier FDF FDF 1 \nBONNASSIEUX J\u00e9r\u00e9my Equipier FDF FDF 1 \nBORDET Th\u00e9o Equipier FDF FDF 1 \nBOUCHEROT Fabien Equipier FDF FDF 1 \nBOUCHEROT Ga\u00e9tan Equipier FDF FDF 1 \nBOUCHEROT Jessica Equipier FDF FDF 1 \nBOUCHEROT Maxime Equipier FDF FDF 1 \nBOUQUET J\u00e9r\u00f4me Equipier FDF FDF 1 \nBOURDIER Roger Equipier FDF FDF \nBOURGEOIS Elodie Equipier FDF FDF 1 \nBOURGETEL Sylvain Equipier FDF FDF 1 \nBOUSSARD Anthony Equipier FDF FDF 1 \nBOUTIER Charles Equipier FDF FDF 1 \nBOUTIN L\u00e9o Equipier FDF FDF 1 \nBOUVIER Marina Equipier FDF FDF 1 \nBOUVIER St\u00e9phane Equipier FDF FDF 1 \nBOUVOT Jayson Equipier FDF FDF 1 \nBREBEL Julie Equipier FDF FDF 1 \nBREUIL Paul Equipier FDF FDF 1 \nBRICHETEAU Florian Equipier FDF FDF 1 \nBRICHETEAU Quentin Equipier FDF FDF 1 \nBRIDON Fran\u00e7ois Equipier FDF FDF 1 \nBRIYS Ludovic Equipier FDF FDF 1 \nBRULEY Baptiste Equipier FDF FDF 1 \nBRULEY Romain Equipier FDF FDF 1 \nBRUNET Morgan Equipier FDF FDF 1 \nBUATOIS Dylan Equipier FDF FDF 1 \nBUCZEK Alexis Equipier FDF FDF 1 \nBUTHEAU Ludovic Equipier FDF FDF 1 \nCABEZAS Th\u00e9o Equipier FDF FDF 'I \nCAGNE Ga\u00e9tan Equipier FDF FDF 1 \nCALAFATO Alexandre Equipier FDF FDF 1 \nCAMUS David Equipier FDF FDF 1 \nCAMUSET J\u00e9r\u00f4me Equipier FDF FDF 1 \nCANAL Amandine Equipier FDF FDF 1 \nSDIS de C\u00f4te-d'Or - 21-2024-05-01-00002 - 2024_Liste Aptitude Op\u00e9rationnelle unit\u00e9 de lutte contre les feux de for\u00eats_modifi\u00e9e 40\n_Nom Pr\u00e9nomEmploz et actlwte compl\u00e9mentaireFormation\nEquipier FDF\n-CARBILLET Th\u00e9o \" EquipierFDF FDF1CARTIER Laurent S  ' Equipier FDF FDF 1CASEIRO Gr\u00e9gory ' Equipier FDF C FDF1CAVARELLINicolas Equipier FOF C FDF41CAZENAVE Sandra Equipier FOF FDF 1 -CHAINARD J\u00e9r\u00e9my \" Equipier FDF u FDF 1| CHAKRI Tarik Equipier FDF FDF 1CH\u00c0PbVALOFFAlexis Equipier FDF o FDF 1\" CHAUMET Emmanuel EquipierFDF U FDF 1 -CHEVALIER Victor - Equipier FDF FDF 1 1CHEVALLIER Yannick Equipier FDF FDF 1 uCHEVASSON Antoine u Equipier FDF FDF 1 '| CHIFFLOT Pierre _ ' Equipier FDF - FDF1 )_a-ll(_);\\l_oJerome E  Equipier FDF S  u FDF 1 .CHIPEAUX C\u00e9dric Equipier FDF _ L FDF 1 eCHOAIN Cyril \u00b0 Equipier FDF FDF 1 LCIERLAKJ\u00e9r\u00f4me S Equipier FDF FDF 1 -. CLERC Damien 4 .Equipier FDF FDF 1CLERC Jean-Baptlste Equipier FDF FDF 1CLETC\u00e9cile \u2014 EquipierFDF \u2014 C FDF1\" COISPINERomain| Equipier FDF C FDF1- COLAS Mlckaeul-...' Equipier FDF e C FDF4\" COLOMBOJean-Chnstophe Equipier FDF e C FDF4\" COMBES Cl\u00e9ment| Equipier FDF ) - FDF1 E\" COMMARET Guillaume _ Equipier FDF S  FDF1CORDON Hugo S  Equipier FDF ) FDF 1\" CORDON Maxime \u00f9 _ Equipier FDF FDF1\" COUDRET David e Equipier FDF C FDF1COURBEZ Thierry ' ) Equipier FDF FDF 1COUREAULT Philippe \u00b0 Equipier FDF FDF 1COUTACHOT S\u00e9bastien u Equipier FDF FDE1 \u2014COZ Paul | Equipier FDF - FDF 1 ECOZ Pierre - N Equipier FDF - FDF1 'CRETE-CORTOT Arthur EquipierFDF FDF 1CROTTI Corentin \u00b0 Equipier FDF FDF1 \u2014CURE Franck o \" Equipier FDF FDF 1DA ROCHA Florent ' Equipier FDF FDF 1 1\" DA ROCHA Julie Equipier FDF FDF 1 1\" DALAUDIERE Nicolas - Equipier FDF FDF 1 -\u2014 DAM[\u00cb}\\I_S Jean-\u00c9aptlste ' Equipier FD\u00cb - e FDF 1\" DARROUX Bastien ' Equipier FDF e FDF1DAUD Jean-Baptiste ' \u00c9quipierFDF Q FDF1DE PIZZOL Geoffroy Equipier FDF FDF1 \u2014 ;DEGUIN Gaylord Equipier FDF FE:_1_DELOLME Bruno ' LS Equipier FDF C FDF1 'DELPITGeoffrey Equipier FDF FOF1\" DEMANDRE Micka\u00ebl Equipier FDF _ FDF 1 o\" DEMARCH JeJohann Equipier FDF ' C FDF1 \u2014DENIELJordan Q  Equipier FDF ' ' FOF1 -DENIEL Yannick e \" Equipier FDF FDF 1| DERY Ludov:c o - - \u00b0 FDF 1 1\nNom Pr\u00e9nom Emploi et activit\u00e9 compl\u00e9mentaire F Formation \nCARBILLET Th\u00e9o Equipier FDF FDF 1 \nCARTIER Laurent Equipier FDF FDF 1 \nCASEIRO Gregory Equipier FDF FDF 1 \nCAVARELLI Nicolas Equipier FDF FDF 1 \nCAZENAVE Sandra Equipier FDF FDF 1 \nCHAINARD J\u00e9r\u00e9my Equipier FDF FDF 1 \nCHAKRI Tank Equipier FDF FDF 1 \nCHAPOVALOFF Alexis Equipier FDF FDF 1 \nCHAUMET Emmanuel Equipier FDF FDF 1 \nCHEVALIER Victor Equipier FDF FDF 1 \nCHEVALLIER Yannick Equipier FDF FDF 1 \nCHEVASSON Antoine Equipier FDF FDF 1 \nCHIFFLOT Pierre Equipier FDF FDF 1 \nCHIONO J\u00e9r\u00f4me Equipier FDF FDF 1 \nCHIPEAUX C\u00e9dric Equipier FDF FDF 1 \nCHOAIN Cyril Equipier FDF FDF 1 \nCIERLAK J\u00e9r\u00f4me Equipier FDF FDF 1 \nCLERC Damien Equipier FDF FDF 1 \nCLERC Jean-Baptiste Equipier FDF FDF 1 \nCLET C\u00e9cile Equipier FDF FDF 1 \nCOISPINE Romain Equipier FDF FDF 1 \nCOLAS Micka\u00e9l Equipier FDF FDF 1 \nCOLOMBO Jean-Christophe Equipier FDF FDF 1 \nCOMBES Cl\u00e9ment Equipier FDF FDF 1 \nCOMMARET Guillaume Equipier FDF FDF 1 \nCORDON Hugo Equipier FDF FDF 1 \nCORDON Maxime Equipier FDF FDF 1 \nCOUDRET David Equipier FDF FDF 1 \nCOURBEZ Thierry Equipier FDF FDF 1 \nCOUREAULT Philippe Equipier FDF FDF 1 \nCOUTACHOT S\u00e9bastien Equipier FDF FDF 1 \nCOZ Paul Equipier FDF FDF 1 \nCOZ Pierre Equipier FDF FDF 1 \nCRETE-CORTOT Arthur Equipier FDF FDF 1 \nCROTTI Corentin Equipier FDF FDF 1 \nCURE Franck Equipier FDF FDF 1 \nDA ROCHA Florent Equipier FDF FDF 1 \nDA ROCHA Julie Equipier FDF FDF 1 \nDALAUDIERE Nicolas Equipier FDF FDF 1 \nDAMIENS Jean-Baptiste Equipier FDF FDF \nDARROUX Bastien Equipier FDF FDF 1 \nDAUD Jean-Baptiste Equipier FDF FDF 1 \nDE PIZZOL Geoffroy Equipier FDF FDF 1 \nDEGUIN Gaylord Equipier FDF FDF 1 \nDELOLME Bruno Equipier FDF FDF 1 \nDELPIT Geoffrey Equipier FDF FDF 1 \nDEMANDRE Micka\u00e9l Equipier FDF FDF 1 \nDEMARCH Johann Equipier FDF FDF 1 \nDENIEL Jordan Equipier FDF FDF 1 \nDENIEL Yannick Equipier FDF FDF 1 \nDERY Ludovic Equipier FDF FDF 1 \nSDIS de C\u00f4te-d'Or - 21-2024-05-01-00002 - 2024_Liste Aptitude Op\u00e9rationnelle unit\u00e9 de lutte contre les feux de for\u00eats_modifi\u00e9e 41\nNom PrenomEmploi et activit\u00e9 compl\u00e9mentaireFormation' DERY Micka\u00ebl Equipier FDF FDF 1\" DESSEREY Gilles EquipierFDF _ FDF1DEENSE\u00e9ERCl\u00e9ment \" Equipier FDF C FDF1DONNET Dominique ) Equipier FDF FDF 1DOUSSOT Emilien - - Equipier FDF S FDF 1 )DRU Guillaume ' Equipier FDF e FOF1 -'- DUBOIS C\u00e9dric Equipier FDF e FDF1DUCHESNE Bertrand ) ~ Equipier FDF ) FDF1DUMONT Guillaume e Equipier FDF - FDF 1 oDUMONT Quentin Equipier FOF - FDF 1 LDUNCAN Yann EquipierFDF \u2014 FDF1 \u2014\" DURAND Florian _ Equipier FDF FDF 1D_UR_UPT Q\u00f9entm \u00c8quip\u00eeer FDF FDI\u00ca1 c) DUTHU Christophe 0 Equipier FDF FDF 1DUTHU Julien ' Equipier FDF FDF 1 uDUTHU Romain ) Equipier FDF ) FDF1DUVERGER Luka Equipier FDF o FDF 1EL YACOUBI Khalid \u2014 EquipierFDF \u2014 FDF1 \u2014ESNAUX Manuel Equipier FDF _ FDF1\" FABERThomas ' \" Equipier FDF FDF1...F_AI\\\u00cf\u00c8E Lucas Equipier FDF FDF 1 n| FARNIER R\u00e9mi e Equipier FDF FDF 1 )\" FAUCHARD C\u00e9dric ' Equipier FDF FDF1N\u00cbE\u2014UGERE Ma\u00ebl ' \" Equipier FDF FDF 1FLE\u00ce Am\u00e9i{e_ e ' \" Equipier FDF C FDF1FOISSEY Bastlen - | \u00cbquipier FDF FDF1FOND K\u00e9vin Equipier FDF FDF1FOUTELETChristian \" Equipier FDF FDF 1FROIDUROT Thibaut Eq Ji}\u00e0i_\u00e8f FDF FOF 1GABORIEAU Laurent - Equnpler FDF FDF 1GACECK Ludovic EquipierFDF - FDF1 _GAND\u0152\u00cf' L\u00e8_o e | Equipier FDF ' FDF1 )GARDIEN Nicolas _ \" Equipier FDF FDF1GASPARD Julien Equ\u00eepi\u00e8r FDF FDF 1GAUTHERON Gr\u00e9gory Equipier FOF FDF 1GAUTHEY Eric EquipierFDF _ FDF1GAUTHIER Alain Equipier FDF ' FDF 1\" GAY Mailys ' Equipier FOF_ FDF 1 -\" GELIN Gr\u00e9gory ' Equipier FDF ' FDF 1 -\" GELINOTTE Steeve Equipier FDF C FDF1 \u2014| GEORGES Maxime \" Equipier FDF S FDF 1_\u0152\u0152JNEtlenne ' e Equipier FDF FDF 1 LGERVAIS Romain \u00b0 Equipier FDF FDF1 \u2014GIGLEUX Thibault E Equipier FDF - FDF1 \u2014GILLOTAdrien Eduup.erFDF FDF1\" GIRARD Thibaut Equipier FDF e F\u2014DF1GIRARDOT Fredenc Equipier FDF ) FDF 1 o\" GIRARDOTJonathan -  ' Equipier FDF 0 FDF1GOME_S-_M_\u00c0R\u2014'I'I-r:JgBaptzste | Equipier FDF FOF1 ;GONCALVES Samuel EquipierFDF - FDF1GOUJON S\u00e9bastien L Equipier FD\u00c8 FDF 1 -\nNom Pr\u00e9nom \t L Emploi et activit\u00e9 compl\u00e9mentaire \t Formation \nDERY Mickaal \t Equipier FDF \t FDF 1 \nDESSEREY Gilles \t Equipier FDF \t FDF 1 \nDILLENSEGER Cl\u00e9ment \t Equipier FDF \t FDF 1 \nDONNET Dominique \t Equipier FDF \t FDF 1 \nDOUSSOT Emilien \t Equipier FDF \t FDF 1 \nDRU Guillaume \t Equipier FDF \t FDF 1 \nDUBOIS C\u00e9dric \t Equipier FDF \t FDF 1 \nDUCHESNE Bertrand \t Equipier FDF \t FDF 1 \nDUMONT Guillaume \t Equipier FDF \t FDF 1 \nDUMONT Quentin \t Equipier FDF \t FDF 1 \nDUNCAN Yann \t Equipier FDF \t FDF 1 \nDURAND Florian \t Equipier FDF \t FDF 1 \nDURUPT Quentin \t Equipier FDF \t FDF 1 \nDUTHU Christophe \t Equipier FDF \t FDF 1 \nDUTHU Julien \t Equipier FDF \t FDF 1 \nDUTHU Romain \t Equipier FDF \t FDF 1 \nDUVERGER Luka \t Equipier FDF \t FDF 1 \nEL YACOUBI Khalid \t Equipier FDF \t FDF 1 \nESNAUX Manuel \t Equipier FDF \t FDF 1 \nFABER Thomas \t Equipier FDF \t FDF 1 \nFAIVRE Lucas \t Equipier FDF \t FDF 1 \nFARNIER R\u00e9mi \t Equipier FDF \t FDF 1 \nFAUCHARD C\u00e9dric \t Equipier FDF \t FDF 1 \nFEUGERE Ma\u00ebl \t Equipier FDF \t FDF 1 \nFLET Am\u00e9lie \t Equipier FDF \t FDF 1 \nFOISSEY Bastien \t Equipier FDF \t FDF 1 \nFOND K\u00e9vin \t Equipier FDF \t FDF 1 \nFOUTELET Christian \t Equipier FDF \t FDF 1 \nFROIDUROT Thibaut \t Equipier FDF \t FDF 1 \nGABORIEAU Laurent \t Equipier FDF \t FDF 1 \nGACECK Ludovic \t Equipier FDF \t FDF 1 \nGANDROT L\u00e9o \t Equipier FDF \t FDF 1 \nGARDIEN Nicolas \t Equipier FDF \t FDF 1 \nGASPARD Julien \t Equipier FDF \t FDF 1 \nGAUTHERON Gr\u00e9gory \t Equipier FDF \t FDF 1 \nGAUTHEY Eric \t Equipier FDF \t FDF 1 \nGAUTHIER Alain \t Equipier FDF \t FDF 1 \nGAY Ma\u00eflys \t Equipier FDF \t FDF 1 \nGELIN Gr\u00e9gory \t Equipier FDF \t FDF 1 \nGELINOTTE Steeve \t Equipier FDF \t FDF 1 \nGEORGES Maxime \t Equipier FDF \t FDF 1 \nGERMAIN Etienne \t Equipier FDF \t FDF 1 \nGERVAIS Romain \t Equipier FDF \t FDF 1 \nGIGLEUX Thibault \t Equipier FDF \t FDF 1 \nGILLOT Adrien \t Equipier FDF \t FDF 1 \nGIRARD Thibaut \t Equipier FDF \t FDF 1 \nGIRARDOT Fr\u00e9d\u00e9ric \t Equipier FDF \t FDF 1 \nGIRARDOT Jonathan \t Equipier FDF \t FDF 1 \nGOMES-MARTINS Baptiste \t Equipier FDF \t FDF 1 \nGONCALVES Samuel \t Equipier FDF \t FDF 1 \nGOUJON S\u00e9bastien \t Equipier FDF \t FDF 1 \nSDIS de C\u00f4te-d'Or - 21-2024-05-01-00002 - 2024_Liste Aptitude Op\u00e9rationnelle unit\u00e9 de lutte contre les feux de for\u00eats_modifi\u00e9e 42\nNom Pr\u00e9nomEmpI0| et actlwte complementalreFormationGOUX Antonin Eqmpler FDF FDF 1\" GRAND Micka\u00ebl _ EquipierFDF FDF 1GRANGER Pascal ' Equipier FDF FDF 1 o\" GRILLON Lise - Equipier FDF FDF4 \u2014\" GRIMAND Renaud ) ' Equipier FDF S FDF1\" GROSGOJAT Steven Equipier FDF o FDF 1 -GUERIN David Equipier FDF FDF 1- GUILLOU Valentin ) - Equipier FDF FDF 1GUYOT Baptiste ' Equipier FDF FDI_: 1 ;\" HASELBAUER Julien Equipier FDF ce C FDFA e\" HOBENICHE \u00c0nthbny EquipierFDF - FDF 1HOFFERT Edwin - Equipier FDF FDF 1HOSTALIER Antoine E ) Equipier FDF FDF1HUDELOT Thomas - - Equipier FDF FDF 1INTILIA Damien Equipier FDF FDF 1 'JARLAUD Maxime _ ) Equipier FDF ) FDF1 BJOIE Romain \u2014 Equipier FDF \u2014 - FDF 1 -\" JOMAS Eymeric _ Equipier FDF - FDF 1 -KISSENBERGER Julien u Equipier FDF FDF 1L'HOSTE J\u00e9r\u00f4me ' C Equipier FDF FDF 1LABEAUNE Math\u00e9o ) Equipier FDF FDF 1LAGRANGE Thibaut ) Equipier FDF FOF1LAMBERT Cl\u00e9ment - Equipier FDF FDF 1LAMBOULE Herv\u00e9 Equipier FDF FDF 1LAMY Sylvain o Equipier FDF FDF 1LARGEOT Adrien B \" Equipier FDF FDF 1LAURENT Fabien \"Equipier FDF FDF 1\" LAURENT Micka\u00ebl \u00b0 Equipier FDF FDF1| LEJI'\u00abBXfigenque | \"Eguipier FDF FDF 1\" LE CARO Jordan Equipier FDF FDF 1LEDUCQ Coleen Equipier FDF FDF 1\" LERAT-JOBARD Baptiste Equipier FDF FDF 1 S| LESSART Jonathan ' Equ.;\u2014n\u00e8'r...FB\"F e FDF1 \u2014\" LIORETChristophe \"EquipierFDF FDF 1| LONGOBUCCO Fran\u00e7ois Equipier FDF | L FDF 1 1\u00cbPE\u00cb {/_\u00e0ler\u00efxg L Equipier FDF FDF 1 eLOUET Yann Equipier FDF FDF 1 BLUCAS K\u00e9vin Equipier FDF FDF1MACHADO Damien ' Equipier FDF e FDF1MAGGIOTTO Laurent Equipier FDF ' FOF1 \u2014 u' MAINGAULT Corentin Equipier FDF FDF 1 e\" MANCINI Christophe e Equipier FDF FDF 1 'MANCINI Nicolas - - Equipier FDF FDF 1| MANGEMATIAN\"Amaury ) Equipier FDF FDF 1 -MARA\u00ceR\u00c0Y Brandon E Eq\u00f9lplerFDF e FDF 1 L\"MARGOTPierre _ Equipier FDF FDF1 \u2014 'MARTIN Alexis Equipier FDF E FDF 1MARTIN Charlie _ ' \" Equipier FDF FDF1\" MARZAKAmir L  EquipierFDF B FDF 1 -MASSENOTFiorian _ Equipier FOF C rDE1__A\u00cfI\u00caN Oc\u00e9ane Equipier FDF FDF 1 1\nNom Pr\u00e9nom Emploi et activit\u00e9 compl\u00e9mentaire Formation \nGOUX Antonin Equipier FDF FDF 1 \nGRAND Micka\u00e9l Equipier FDF FDF 1 \nGRANGER Pascal Equipier FDF FDF 1 \nGRILLON Lise Equipier FDF FDF 1 \nGRIMAND Renaud Equipier FDF FDF 1 \nGROSGOJAT Steven Equipier FDF FDF 1 \nGUERIN David Equipier FDF FDF 1 \nGUILLOU Valentin Equipier FDF FDF 1 \nGUYOT Baptiste Equipier FDF FDF 1 \nHASELBAUER Julien Equipier FDF FDF 1 \nHOBENICHE Anthony Equipier FDF FDF 1 \nHOFFERT Edwin Equipier FDF FDF 1 \nHOSTALIER Antoine Equipier FDF FDF 1 \nHUDELOT Thomas Equipier FDF FDF 1 \nINTILIA Damien Equipier FDF FDF 1 \nJARLAUD Maxime Equipier FDF FDF 1 \nJOIE Romain Equipier FDF FDF 1 \nJOMAS Eymeric Equipier FDF FDF 1 \nKISSENBERGER Julien Equipier FDF FDF 1 \nL'HOSTE J\u00e9r\u00f4me Equipier FDF FDF 1 \nLABEAUNE Math\u00e9o Equipier FDF FDF 1 \nLAGRANGE Thibaut Equipier FDF FDF 1 \nLAMBERT Cl\u00e9ment Equipier FDF FDF 1 \nLAMBOULE Herv\u00e9 Equipier FDF FDF 1 \nLAMY Sylvain Equipier FDF FDF 1 \nLARGEOT Adrien Equipier FDF FDF 1 \nLAURENT Fabien Equipier FDF FDF 1 \nLAURENT Micka\u00e9l Equipier FDF FDF 1 \nLE CARO Ang\u00e9lique Equipier FDF FDF 1 \nLE CARO Jordan Equipier FDF FDF 1 \nLEDUCQ Coleen Equipier FDF FDF 1 \nLERAT-JOBARD Baptiste Equipier FDF FDF 1 \nLESSART Jonathan Equipier FDF FDF 1 \nLIORET Christophe Equipier FDF FDF 1 \nLONGOBUCCO Fran\u00e7ois Equipier FDF FDF 1 \nLOPES Valentin Equipier FDF FDF 1 \nLOUET Yann Equipier FDF FDF 1 \nLUCAS K\u00e9vin Equipier FDF FDF 1 \nMACHADO Damien Equipier FDF FDF 1 \nFDF 1 MAGGIOTTO Laurent Equipier FDF \nMAINGAULT Corentin Equipier FDF FDF 1 \nMANCINI Christophe Equipier FDF FDF 1 \nMANCINI Nicolas Equipier FDF FDF 1 \nMANGEMATIN Amaury Equipier FDF FDF 1 \nMARATRAY Brandon Equipier FDF FDF 1 \nMARGOT Pierre Equipier FDF FDF 1 \nMARTIN Alexis Equipier FDF FDF 1 \nMARTIN Charlie Equipier FDF FDF 1 \nMARZAK Amir \nMASSENOT Florian \nEquipier FDF FDF 1 \nEquipier FDF FDF 1 \nMATHON Oc\u00e9ane Equipier FDF FDF 1 \nSDIS de C\u00f4te-d'Or - 21-2024-05-01-00002 - 2024_Liste Aptitude Op\u00e9rationnelle unit\u00e9 de lutte contre les feux de for\u00eats_modifi\u00e9e 43\nNom Pr\u00e9nomEmploi et activit\u00e9 compl\u00e9mentaireFormation\" MAZUE Eddy Equipier FDF FDF1MEGARD Brice Equipier FDF FDF 1 ' o\" MENAGE Christophe \u00b0 Equipier FDF ; FDF 1| MERMAZEmmanvel ' EquipierFDF - C FOF1C MEULNETCyil \u2014 L  EquipierFDF Q  FDF1MICHEL K\u00e9vin ) Equipier FDF o ' FDF 1\" MIGNON Claude Equipier FDF FDF 1 B'MIGNOTVERGEOT C\u00e9dric _ EquipierFDE 1  eMIRESSINicolas 0  EquipierFDF FDF1MIRMONT Jonathan Equipier FDF ' FDF 1\" MISSET S\u00e9bastien Equipier FDF FDF 1 B! MONVAILLIER Julien Equipier FDF FDF 1 BMOUCHOUX Maxime Equipier FDF ) FDF 1 L\" MOUREAUX Anthony Eqfi.fii&fim L  FoF_MULLERAmelle L  EquipierFDF FDF1M\u00ceJEL_.\u00cens e Equipier FDF ' ) FDF \u00ceMUTEL Lo\u00efc u Equipier FDF FDF 1 'MUTIN Ludovic Equipier FDF FDF 1: NAUDET S\u00e9bastien Equipier FDF FDF 1 B\" NAVAS-LOPEZAxel S  \" Equipier FDF - FDF1NECTOUX Corentin -  \" Equipier FDF 1  FDF4\" NOEL Loic 10 EquipierFDE Q  FDF1\" OPET Jonathan - \" EquipierFDF 1  FDF1PACAUD-PEREIRAMathieu Q  \u00b0 Equipier FOF S  FDF1PAINBLANC Steve E e Equipier FDF S FDF 1PAPEZ Julien Equipier FDF FDF 1 1. PARAT C\u00e9dric Equipier FDF FDF 1\" PATOZ Camille Equipier FDF FDF 1 u ePAYEBIN Alain Equipier FDF FDF 1 BPAYSAN Augustin Equipier FDF FOF1PEROT Olivier Equipier FDF FDF 1\" PERRIN Vincent ) Equipier FDF FDF 1PETIT Jean-Bernard Equipier FDF FDF 1 ePETIT-PIZZOLO Anthonin Equipier FDF FDF 1 )PIATON Manuel Equipier FDF FDF 1\" PICARD J\u00e9r\u00e9my _ Equipier FDF FDF 1 )PIQUET Stefan\u2014 Equipier FDF FDF 1| PI\u00cbA\u00c9DVmcent Equipier FDF\"...... FDF...1...\" PITOISET julien EquipierFDF FDF1 u\"PLAGNIARDHugo _ ' \u00cb\u2014(\u2014quler FDF S  FDF1 \u2014PLAISIER J\u00e9r\u00e9my ' ' Equipier FDF \u2014 S _\u00cb\u00ee_ 0POCHEVEUX Martial 1 EquipierFDF 1S  FDF 1 ePORCHERAY Guillaume Equipier FDF FDF 1 -POUILLY Mathieu o Equipier FDF - \u2014 - FDF 1 -POULLOT Maryne Equipier FDF FDF1 \u2014PRADO Micha\u00ebl o Equipier FDF FDF1\" PREIONI Christian C EquipierFDFE FOF1 -QUELLIER Philippe \" EquipierFDF\u2014 0  FDF1 SQUENOT Sebastlen e c Equipier FDF FDF 1 uRABUT Laurent S  Equipier FDF C FDF1R\u00c0GEAUD Nathan 1 EqvipierFDF \u2014 C FOF1\nRE g  e  e et ne s\nNom Pr\u00e9nom Emploi et activit\u00e9 compl\u00e9mentaire Formation \nMAZUE Eddy Equipier FDF FDF 1 \nMEGARD Brice Equipier FDF FDF 1 \nMENACE Christophe Equipier FDF FDF 1 \nMERMAZ Emmanuel Equipier FDF FDF 1 \nMEULNET Cyril Equipier FDF FDF 1 \nMICHEL K\u00e9vin Equipier FDF FDF 1 \nMIGNON Claude Equipier FDF \nEquipier FDF \nFDF 1 \nMIGNOT VERGEOT C\u00e9dric \nMIRESSI Nicolas \nFDF 1 \nEquipier FDF FDF 1 \nMIRMONT Jonathan Equipier FDF FDF 1 \nMISSET S\u00e9bastien Equipier FDF FDF 1 \nMONVAILLIER Julien Equipier FDF FDF 1 \nMOUCHOUX Maxime Equipier FDF FDF 1 \nMOUREAUX Anthony \nMULLER Am\u00e9lie \nEquipier FDF FDF 1 \nEquipier FDF FDF 1 \nMUTEL Anis Equipier FDF FDF 1 \nMUTEL Loft Equipier FDF FDF 1 \nMUTIN Ludovic Equipier FDF FDF 1 \nNAUDET S\u00e9bastien Equipier FDF FDF 1 \nNAVAS-LOPEZ Axel Equipier FDF FDF 1 \nNECTOUX Corentin Equipier FDF FDF 1 \nNOEL La\u00efc Equipier FDF FDF 1 \nOPET Jonathan Equipier FDF FDF 1 \nPACAUD-PEREIRA Mathieu Equipier FDF FDF 1 \nPAINBLANC Steve Equipier FDF FDF 1 \nPAPEZ Julien Equipier FDF FDF 1 \nPARAT C\u00e9dric Equipier FDF FDF 1 \nPATOZ Camille Equipier FDF FDF 1 \nPAYEBIN Alain Equipier FDF FDF 1 \nPAYSAN Augustin Equipier FDF FDF 1 \nPEROT Olivier Equipier FDF FDF 1 \nPERRIN Vincent Equipier FDF FDF 1 \nPETIT Jean-Bernard Equipier FDF FDF 1 \nPETIT-PIZZOLO Anthonin Equipier FDF FDF 1 \nPIATON Manuel Equipier FDF FDF 1 \nPICARD J\u00e9r\u00e9my Equipier FDF FDF 1 \nPIQUET Stefan Equipier FDF FDF 1 \nPIRARD Vincent \nPITOISET julien \nEquipier FDF FDF 1 \nEquipier FDF \nEquipier FDF \nFDF 1 \nPLAGNIARD Hugo FDF 1 \nPLAISIER J\u00e9r\u00e9my Equipier FDF FDF 1 \nPOCHEVEUX Martial Equipier FDF FDF 1 \nPORCHERAY Guillaume Equipier FDF FDF 1 \nPOUILLY Mathieu Equipier FDF FDF 1 \nPOULLOT Maryne Equipier FDF FDF 1 \nPRADO Micha\u00ebl \nPREIONI Christian \nEquipier FDF \nEquipier FDF \nFDF 1 \nFDF 1 \nQUELLIER Philippe Equipier FDF FDF 1 \nQUENOT S\u00e9bastien Equipier FDF FDF 1 \nRABUT Laurent \nRAGEAUD Nathan \nEquipier FDF FDF 1 \nEquipier FDF FDF 1 \nSDIS de C\u00f4te-d'Or - 21-2024-05-01-00002 - 2024_Liste Aptitude Op\u00e9rationnelle unit\u00e9 de lutte contre les feux de for\u00eats_modifi\u00e9e 44\nNom Pr\u00e9nomEmploi et activit\u00e9 complementalreFormation |RAILLARD Quentin Equipier FDF FDF 1' RAYMOND Sylvain 'Equ\u00eepier FDF_ FDF 1 oREBOUL Slmon L Equipier FDF FDF 1\" REMONDGuillaume _ Equipier FDF C FDF4 \u2014RENX\u00dcD David Equipier FDF ' ' FDF 1RENAUD Lucas Equipier FDF C FDFA )RENGEL Teddy - Equipier FDF | FDF 1 B' RIGOLOTGasl Equipier FDF C FDF1 -) EIMDEAULT Thomas Equipier FDF ' FDF 1ROMERO ARANDIA Carlos - Equipier FDF C FDF1ROSE Audric - Equipier FDF FDF 1 nROTH DIT BETTONI Gunllaume Equipier FDF FDF 1 e- ROUGEGREZ Thomas - Equipier FDF FDF1)'ROUHETTEFr\u00e9d\u00e9ric _ Equipier FDF - FDF1' ROUILLON Benjamin Equipier FDF _FDF 1\" ROUILLON Philippe Equipier FDF ) N FDF1ROULOT Bertrand ...Equ.p.erFDF u FDF1; ROUSSILLON Mathieu ' \\ EquipierFDF _ FDF1 )\" ROYER Julien \" Equipier FDF FDF 1 ) -- ROYER Ke\u00e9vin| - Equipier FDF FDF1 \u2014\" ROZOTTE Chloe S  Equipier FDF C FOF1SAPIN Philippe - Equipier FDF FDF1SARRAZIN Paulme e Equipier FDF FDF 1SEURIOT Gunllaume 1 Equipier FDF FDF 1 'SEVESTRE J\u00e9r\u00e9my 1 Equipier FDF FDF 1SIMONOT Chio\u00e9 u Equipier FDF FDF1- SIMONOT Cl\u00e9ment Equipier FDF FDF 1 -_ SIVET Florent Equipier FDF FDF 1 BSTALL Paul o | \" Equipier FDF FOF1 \u2014 ETARTERET Cindy o E\u00e4\u00f9lpler FDF FDF 1 -TAUBATY Vincent Equnpler'FDF S  FDF 1TERRIER Nicolas Equipier FDF FDF 1 eTEYSSIER Anthony Equipier FDF FDF 1 ETILLET J\u00e9r\u00f4me L ...Equipier FDF FDF 1 'TILLIER Arthur - EquipierFDF... e FDF 1TOLLIS Anthony ' Equipier FDF ' FDF 1| TOURDIAS Aur\u00e9lien Equipier FDF FDF 1 -\" TOURRIER Eva Equipier FDF ; FDF1| TOUSSAINT Rudy Equipier FDF FOF1 \u2014 )\" TRAMERomain o Equipier FDF - FOF1TROUSSA\u00caD_\u00f9\u00cbcolas ' Equipier FDF e FDF1 STRUCHOTYoan _ Equipier FDF FDF 1 eTURC Rapha\u00ebl ' Equipier FDF FDF 1VACHEROT Fr\u00e9d\u00e9ric| Equipier FDF FDF 1 e\" VADOT Pierre Thierry ' | Equipier FDF FDF 1VEFOND Sylvain 1 \u00c9quipier FDF FDF 1VELLUET Lud0wc L Equipier FDF ' FDF1VELTEN Tony _ | Equipier FDF C FDF1 10VERSCHAEVE Ludwig _ Equipier FDF FDF 1 'VIGNEAU Anne-Claire L  Equ1p|er FDF ' u ) FDF 1 oVILLEG\u00c2_S_ Baptiste 0  Equipier FDF FDF 1 )\nNom Pr\u00e9nom Emploi et activit\u00e9 compl\u00e9mentaire Formation \nRAILLARD Quentin Equipier FDF FDF 1 \nRAYMOND Sylvain Equipier FDF FDF 1 \nREBOUL Simon Equipier FDF FDF 1 \nREMOND Guillaume Equipier FDF FDF \nRENAUD David Equipier FDF FDF 1 \nRENAUD Lucas Equipier FDF FDF 1 \nRENGEL Teddy Equipier FDF FDF 1 \nRIGOLOT Gal Equipier FDF FDF 1 \nRIMBEAULT Thomas Equipier FDF FDF 1 \nROMERO ARANDIA Carlos Equipier FDF FDF 1 \nROSE Audric Equipier FDF FDF 1 \nROTH DIT BETTONI Guillaume Equipier FDF FDF 1 \nROUGEGREZ Thomas Equipier FDF FDF 1 \nROUHETTE Fr\u00e9d\u00e9ric Equipier FDF FDF 1 \nROUILLON Benjamin Equipier FDF FDF 1 \nROUILLON Philippe Equipier FDF FDF 1 \nROULOT Bertrand Equipier FDF FDF 1 \nROUSSILLON Mathieu Equipier FDF FDF 1 \nROYER Julien Equipier FDF FDF 1 \nROYER K\u00e9vin Equipier FDF FDF 1 \nROZOTTE Chlo\u00e9 Equipier FDF FDF 1 \nSAPIN Philippe Equipier FDF FDF 1 \nSARRAZIN Pauline Equipier FDF FDF 1 \nSEURIOT Guillaume Equipier FDF FDF 1 \nSEVESTRE J\u00e9r\u00e9my Equipier FDF FDF 1 \nSIMONOT Chlo\u00e9 Equipier FDF FDF 1 \nSIMONOT Cl\u00e9ment Equipier FDF FDF 1 \nSIVET Florent Equipier FDF FDF 1 \nSTALL Paul Equipier FDF FDF 1 \nTARTERET Cindy Equipier FDF FDF 1 \nTAUBATY Vincent Equipier FDF FDF 1 \nTERRIER Nicolas Equipier FDF FDF 1 \nTEYSSIER Anthony Equipier FDF FDF 1 \nTILLET J\u00e9r\u00f4me Equipier FDF FDF 1 \nTILLIER Arthur Equipier FDF FDF 1 \nTOLLIS Anthony Equipier FDF FDF 1 \nTOURDIAS Aur\u00e9lien Equipier FDF FDF 1 \nTOURRIER Eva Equipier FDF FDF 1 \nTOUSSAINT Rudy Equipier FDF FDF 1 \nTRAME Romain Equipier FDF FDF 1 \nTROUSSARD Nicolas Equipier FDF FDF 1 \nTRUCHOT Yoan Equipier FDF FDF 1 \nTURC Rapha\u00ebl Equipier FDF FDF 1 \nVACHEROT Fr\u00e9d\u00e9ric Equipier FDF FDF 1 \nVADOT Pierre Thierry Equipier FDF FDF 1 \nVEFOND Sylvain Equipier FDF FDF 1 \nVELLUET Ludovic Equipier FDF FDF 1 \nVELTEN Tony Equipier FDF FDF 1 \nVERSCHAEVE Ludwig Equipier FDF FDF 1 \nVIGNEAU Anne-Claire \nVILLEGAS Baptiste \nEquipier FDF FDF 1 \nEquipier FDF FDF 1 \nSDIS de C\u00f4te-d'Or - 21-2024-05-01-00002 - 2024_Liste Aptitude Op\u00e9rationnelle unit\u00e9 de lutte contre les feux de for\u00eats_modifi\u00e9e 45\nNom Pr\u00e9nom Emploi et activit\u00e9 compl\u00e9mentaire | Forr\"nvvation ' JVOILLEQUIN Venceslas Equipier FDF : FDF 1 :; VUILLERMOT Damien Equipier FDF FDF 1- WIRIG J\u00e9r\u00f4me ' Equipier FDF FDF 1* R\u00e9f\u00e9rent de sp\u00e9cialit\u00e9 \u00ab lutte contre les feux de for\u00eais \u00bbArticle 2 : Seuls les sapeurs-pompiers aptes \u00e0 la constitution des colonnes mobiles de secours (CMS)inscrits sur la liste d\u00e9finie en article 1, sont susceptibles d'\u00eatre engag\u00e9s sur des interventions en colonnesmobiles de secours \u00ab feux de for\u00eats \u00bb.Article 3 : Le sous-pr\u00e9fet, directeur de cabinet, et le directeur d\u00e9partemental des services d'incendie et desecours sont charg\u00e9s, chacun en ce qui le concerne, de l'ex\u00e9cution du pr\u00e9sent arr\u00e9t\u00e9 qui sera publi\u00e9 aurecueil des actes administratifs de la pr\u00e9fecture de la C\u00f4te-d'Or.\nDion, le O 1 MAI 202k\nPour ILSRIS Etpar d\u00e9l\u00e9gation.sous-Fr\u00e9fet,\nOlivier GERSTL\u00c9\nOlivier GERSTL\u00c9 \nNom Pr\u00e9nom \t l Emploi et activit\u00e9 compl\u00e9mentaire Formation \nVOILLEQUIN Venceslas \t Equipier FDF \t FDF 1 \nVUILLERMOT Damien \t Equipier FDF \t FDF 1 \nWIRIG J\u00e9r\u00f4me \t Equipier FDF \t FDF 1 \n* R\u00e9f\u00e9rent de sp\u00e9cialit\u00e9 \u00ab lutte contre les feux de for\u00eats \u00bb \nArticle 2 : Seuls les sapeurs-pompiers aptes \u00e0 la constitution des colonnes mobiles de secours (CMS) \ninscrits sur la liste d\u00e9finie en article 1, sont susceptibles d'\u00eatre engag\u00e9s sur des interventions en colonnes \nmobiles de secours \u00ab feux de for\u00eats \u00bb. \nArticle 3 : Le sous-pr\u00e9fet, directeur de cabinet, et le directeur d\u00e9partemental des services d'incendie et de \nsecours sont charg\u00e9s, chacun en ce qui le concerne, de l'ex\u00e9cution du pr\u00e9sent arr\u00eat\u00e9 qui sera publi\u00e9 au \nrecueil des actes administratifs de la pr\u00e9fecture de la C\u00f4te-d'Or. \nDijon, le \t 0 1 MAI 2024 \nPour lel-iie 406.par d\u00e9l\u00e9gation. \nsous-Pr\u00e9fet, \nDira \t a Cabionet \nSDIS de C\u00f4te-d'Or - 21-2024-05-01-00002 - 2024_Liste Aptitude Op\u00e9rationnelle unit\u00e9 de lutte contre les feux de for\u00eats_modifi\u00e9e 46\nSDIS de C\u00f4te-d'Or\n21-2024-03-01-00003\n2024_Liste Aptitude Op\u00e9rationnelle unit\u00e9 de\nlutte face aux risques chimiques\nSDIS de C\u00f4te-d'Or - 21-2024-03-01-00003 - 2024_Liste Aptitude Op\u00e9rationnelle unit\u00e9 de lutte face aux risques chimiques 47\nPREFET @r SISCOTE-D'OR iLibert\u00e9\u00c9galite' 22 D Boulevard Winston ChurchillFraternit\u00e9 CS 16209 - 21 062 DIJON Cedex\nAffaire suivie par : sous-direction optimisation du potentiel op\u00e9rationnelSDIS 21 / service \u00e9quipes sp\u00e9cialis\u00e9esT\u00e9l: 03 80 11 27 87M\u00e9l : formation@sdis21.orgArr\u00eat\u00e9Portant sur la liste d'aptitude op\u00e9rationnelleUnit\u00e9 de lutte face aux risques chimiquesAnn\u00e9e 2024 \u2014 modificatif n\u00b0 1Le pr\u00e9fet de la C\u00f4te-d'OrVu le code g\u00e9n\u00e9ral des collectivit\u00e9s territoriales et particuli\u00e8rement l'article R 1424-54 ;Vu l'arr\u00eat\u00e9 du 6 mai 2000 modifi\u00e9 fixant les conditions d'aptitudes m\u00e9dicales des sapeurs-pompiers professionnels etvolontaires ;Vu l'arr\u00eat\u00e9 du 22 ao\u00fbt 2019 relatif aux formations des sapeurs-pompiers professionnels et volontaires ;Vu l'arr\u00eat\u00e9 du 15 juillet 2022 relatif \u00e0 la d\u00e9signation et aux missions des r\u00e9f\u00e9rents de sp\u00e9cialit\u00e9s mentionn\u00e9s \u00e0 l'articleR. 722-1 du code de la s\u00e9curit\u00e9 int\u00e9rieure ;Vu l'arr\u00e9t\u00e9 pr\u00e9fectoral du 18 septembre 2020 fixant la liste des unit\u00e9s op\u00e9rationnelles sp\u00e9cialis\u00e9es ;Vu le r\u00e8glement op\u00e9rationnel du service d\u00e9partemental d'incendie et de secours de la C\u00f4te-d'Or en date du 06 octobre2021 ;Vu le SDACR approuv\u00e9 par arr\u00eat\u00e9 pr\u00e9fectoral n\u00b0 1808 du 22 d\u00e9cembre 2023 ;Vu le guide national de r\u00e9f\u00e9rence relatif aux risques chimiques ;Vu la participation des agents d\u00e9sign\u00e9s aux activit\u00e9s de formation de maintien et de perfectionnement des acquis ;Vu le nombre de conseiller technique risques chimiques (1), de conseiller technique risques biologiques (1), de chefs deCMIC (16), de chefs d'\u00e9quipe/\u00e9quipiers intervention RCH (65), de chefs d'\u00e9quipe/\u00e9quipiers reconnaissance RCH (26) ;Sur proposition de monsieur le directeur d\u00e9partemental des services d'incendie et de secours ;ARR\u00caTEArticle 1 : La liste annuelle d\u00e9partementale d'aptitude op\u00e9rationnelle des sapeurs-pompiers de l'unit\u00e9 \u00ab lutteface aux risques chimiques\u00bb du d\u00e9partement de la C\u00f4te-d'Or s'\u00e9tablit comme suit :Nom Pr\u00e9nom Emploi op\u00e9rationnel Formation| BOLTZ Bruno * Conseille\u00e4\u00eer\u00ee:]?qnlil\u00e4\u00ebe risques RCH4\nCHAUSSADE Thomas Consei\"\u00eeri\u00e2\u00ee;\u00e4g\u00ef\u00ee NSques /\" ANDREUCCETTI Philippe ChefdeCMIC | RCH 3BARGEOT Cyil \" Chef de CMIC Tm EBIDAU Cyril Chefde CMIC \u2014 RCH 3| BRILLET Jason - - Chef de CMIC \u00f1 RCH 3| DENYS H\u00e9l\u00e8ne Chefde CMIC \u2014 [ S RO S| DESCHAMPS Olivier _ \" Chef de CMIC RCH3 _DOMBEK Christophe _ \" Chefde CMIC ROHE ..\nRCH 4 BOLTZ Bruno * Conseiller technique risques \nchimiques \nNom Pr\u00e9nom Emploi op\u00e9rationnel Formation \nRCH 3 Chef de CMIC \nRCH 3 Chef de CMIC \nCHAUSSADE Thomas \nANDREUCCETTI Philippe \nConseiller technique risques \nbiologiques \nChef de CMIC \n/ \nRCH 3 \nBARGEOT Cyril \nBIDAU Cyril \nBRILLET Jason \nChef de CMIC \nChef de CMIC \nChef de CMIC \nRCH 3 \nRCH 3 \nRCH 3 \nDENYS H\u00e9l\u00e8ne \nDESCHAMPS Olivier \n11! 11 \nPR\u00c9FET \nDE LA \nC\u00d4TE-D'OR \nLibert\u00e9 \n\u00c9galit\u00e9 \nFraternit\u00e9 \n22 D Boulevard Winston Churchill \nCS 16209 - 21 062 DIJON Cedex \n \nSDIS de la C\u00f4te-d'Or \nAffaire suivie par : sous-direction optimisation du potentiel op\u00e9rationnel \nSDIS 21 / service \u00e9quipes sp\u00e9cialis\u00e9es \nT\u00e9l : 03 80 11 27 87 \nM\u00e9l : formation@sdis21.org  \nArr\u00eat\u00e9 \nPortant sur la liste d'aptitude op\u00e9rationnelle \nUnit\u00e9 de lutte face aux risques chimiques \nAnn\u00e9e 2024 \u2014 modificatif n\u00b0 1 \nLe pr\u00e9fet de la C\u00f4te-d'Or \nVu le code g\u00e9n\u00e9ral des collectivit\u00e9s territoriales et particuli\u00e8rement l'article R 1424-54 ; \nVu l'arr\u00eat\u00e9 du 6 mai 2000 modifi\u00e9 fixant les conditions d'aptitudes m\u00e9dicales des sapeurs-pompiers professionnels et \nvolontaires ; \nVu l'arr\u00eat\u00e9 du 22 ao\u00fbt 2019 relatif aux formations des sapeurs-pompiers professionnels et volontaires ; \nVu l'arr\u00eat\u00e9 du 15 juillet 2022 relatif \u00e0 la d\u00e9signation et aux missions des r\u00e9f\u00e9rents de sp\u00e9cialit\u00e9s mentionn\u00e9s \u00e0 l'article \nR. 722-1 du code de la s\u00e9curit\u00e9 int\u00e9rieure ; \nVu l'arr\u00eat\u00e9 pr\u00e9fectoral du 18 septembre 2020 fixant la liste des unit\u00e9s op\u00e9rationnelles sp\u00e9cialis\u00e9es ; \nVu le r\u00e8glement op\u00e9rationnel du service d\u00e9partemental d'incendie et de secours de la C\u00f4te-d'Or en date du 06 octobre \n2021 , \nVu le SDACR approuv\u00e9 par arr\u00eat\u00e9 pr\u00e9fectoral n\u00b0 1808 du 22 d\u00e9cembre 2023 ; \nVu le guide national de r\u00e9f\u00e9rence relatif aux risques chimiques ; \nVu la participation des agents d\u00e9sign\u00e9s aux activit\u00e9s de formation de maintien et de perfectionnement des acquis ; \nVu le nombre de conseiller technique risques chimiques (1), de conseiller technique risques biologiques (1), de chefs de \nCMIC (16), de chefs d'\u00e9quipe/\u00e9quipiers intervention RCH (65), de chefs d'\u00e9quipe/\u00e9quipiers reconnaissance RCH (26) ; \nSur proposition de monsieur le directeur d\u00e9partemental des services d'incendie et de secours ; \nARR\u00caTE \nArticle 1 : La liste annuelle d\u00e9partementale d'aptitude op\u00e9rationnelle des sapeurs-pompiers de l'unit\u00e9 \u00ab lutte \nface aux risques chimiques\u00bb du d\u00e9partement de la C\u00f4te-d'Or s'\u00e9tablit comme suit : \nDOMBEK Christophe \n \nChef de CMIC \t RCH 3 \nSDIS de C\u00f4te-d'Or - 21-2024-03-01-00003 - 2024_Liste Aptitude Op\u00e9rationnelle unit\u00e9 de lutte face aux risques chimiques 48\nNom Pr\u00e9nomEmploi op\u00e9rationnelFormation. DUVERNOIS Arnaud\nChef d'\u00e9quipe intervention RCH\nChef de CMIC RCH 3KRAWCZYK Nicolas Chef de CMIC RCH 3PREIONI Christian Chef de CMIC RCH 3RENAUD Sandrine Chef de CMIC RCH 3; ROUCHE St\u00e9phane Chef de CMIC RCH 3; SAUSSERET Jean-Michel Chef de CMIC RCH 3SENOT Alexandre Chef de CMIC RCH 3THEUREL J\u00e9r\u00f4me Chef de CMIC RCH 3XHAARD-BOLLON Nicolas Chef de CMIC RCH 3ANGUENOT Lucas Chef d'\u00e9quipe intervention RCH RCH 2ASDRUBAL M\u00e9lanie Chef d'\u00e9quipe intervention RCH RCH2BALLAIS Sylvain Chef d'\u00e9quipe intervention RCH RCH 2BAUDEGARD Marc Chef d'\u00e9quipe intervention RCH RCH 2| BELDJOUDI J\u00e9r\u00f4me Chef d'\u00e9quipe intervention RCH RCH 2- BERNASCONI Reynald Chef d'\u00e9quipe intervention RCH RCH2BOUCHER Thomas Chef d'\u00e9quipe intervention RCH RCH2BRIYS Ludovic Chef d'\u00e9quipe intervention RCH RCH 2BRULEY Jean-No\u00ebl Chef d'\u00e9quipe intervention RCH RCH 2CALAFATO Alexandre Chef d'\u00e9quipe intervention RCH RCH 2\" CAMUS David Chef d'\u00e9quipe intervention RCH RCH 2CARRE Cl\u00e9a Chef d'\u00e9quipe intervention RCH RCH 2CHABOT Benjamin Chef d'\u00e9quipe intervention RCH RCH 2CHAMPDAVEINE David Chef d'\u00e9quipe intervention RCH RCH 2CHANUT Lilian Chef d'\u00e9quipe intervention RCH RCH 2CHRETIEN Pierre Chef d'\u00e9quipe intervention RCH RCH 2' DABRAINVILLE Geoffroy Chef d'\u00e9quipe intervention RCH RCH2' DESSENDRE Romain Chef d'\u00e9quipe intervention RCH RCH 2DUMAS C\u00e9dric Chef d'\u00e9quipe intervention RCH RCH 2 |- DURAND Florian Chef d'equipe intervention RCH RCH 2 .\" DURAND Fr\u00e9d\u00e9ric Chef d'\u00e9quipe interventonRCH | RCH2 EDURAND Maxime Chef d'\u00e9quipe intervention RCH RCH2FOUTELET Jo\u00ebl Chef d'\u00e9quipe intervention RCH RCH2 |GARMATUK Cyril Chef d'\u00e9quipe intervention RCH RCH 2| GEST Sylvain Chef d'\u00e9quipe intervention RCH ' RCH 2GILLOT Adrien Chef d'\u00e9quipe intervention RCH RCH 2 |GRAND Micka\u00ebl Chef d'\u00e9quipe intervention RCH - RCH 2HEDIEUX Patrick Chef d'\u00e9quipe intervention RCH RCH 2 5\" HENNIENE Mohamed Chef d'\u00e9quipe intervention RCH RCH 2 KJAUDAUX David Chef d'\u00e9quipe intervention RCH RCH 2/ JEANNIN S\u00e9bastien\u2014 Chef d'\u00e9quipe intervention RCH RCH2; JOUVELOT Olivier Chef d'\u00e9quipe intervention RCH\" RCH 2- KARROUM Hakim Chef d'\u00e9quipe intervention RCH RCH 2' LAGNIER Laurent RCH2 B\np\nKARROUM Hakim \nLAGNIER Laurent \nChef d'\u00e9quipe intervention RCH \t RCH 2 \nChef d'\u00e9quipe intervention RCH \t RCH 2 \nNom Pr\u00e9nom Emploi op\u00e9rationnel Formation \nDUVERNOIS Arnaud Chef de CMIC RCH 3 \nKRAWCZYK Nicolas \t Chef de CMIC \t RCH 3 \nPREIONI Christian Chef de CMIC RCH 3 \nRENAUD Sandrine Chef de CMIC RCH 3 \nROUCHE St\u00e9phane Chef de CMIC RCH 3 \nSAUSSERET Jean-Michel Chef de CMIC \t RCH 3 \nSENOT Alexandre Chef de CMIC RCH 3 \nTHEUREL J\u00e9r\u00f4me Chef de CMIC RCH 3 \nXHAARD-BOLLON Nicolas Chef de CMIC RCH 3 \nANGUENOT Lucas Chef d'\u00e9quipe intervention RCH RCH 2 \nASDRUBAL M\u00e9lanie Chef d'\u00e9quipe intervention RCH RCH 2 \nBALLAIS Sylvain Chef d'\u00e9quipe intervention RCH RCH 2 \nBAUDEGARD Marc Chef d'\u00e9quipe intervention RCH RCH 2 \nBELDJOUDI J\u00e9r\u00f4me Chef d'\u00e9quipe intervention RCH RCH 2 \nBERNASCONI Reynald Chef d'\u00e9quipe intervention RCH RCH 2 \nBOUCHER Thomas Chef d'\u00e9quipe intervention RCH RCH 2 \nBRIYS Ludovic Chef d'\u00e9quipe intervention RCH RCH 2 \nBRULEY Jean-No\u00e9l Chef d'\u00e9quipe intervention RCH RCH 2 \nCALAFATO Alexandre Chef d'\u00e9quipe intervention RCH RCH 2 \nCAMUS David Chef d'\u00e9quipe intervention RCH RCH 2 \nCARRE Cl\u00e9a Chef d'\u00e9quipe intervention RCH RCH 2 \nCHABOT Benjamin Chef d'\u00e9quipe intervention RCH RCH 2 \nCHAMPDAVEINE David Chef d'\u00e9quipe intervention RCH \t RCH 2 \nCHANUT Lilian Chef d'\u00e9quipe intervention RCH RCH 2 \nCHRETIEN Pierre \t Chef d'\u00e9quipe intervention RCH RCH 2 \nDABRAINVILLE Geoffroy Chef d'\u00e9quipe intervention RCH RCH 2 \nDESSENDRE Romain Chef d'\u00e9quipe intervention RCH RCH 2 \nDUMAS C\u00e9dric Chef d'\u00e9quipe intervention RCH \t RCH 2 \nDURAND Florian Chef d'\u00e9quipe intervention RCH \t RCH 2 \n__......_ . ._____ _.._. \t_ __,_.,__ \t...._.._...._...._.. \nDURAND Maxime Chef d'\u00e9quipe intervention RCH 1 \t RCH 2 \nFOUTELET Jo\u00e9l Chef d'\u00e9quipe intervention RCH RCH 2 \nGARMATUK Cyril Chef d'\u00e9quipe intervention RCH RCH 2 \nGEST Sylvain Chef d'\u00e9quipe intervention RCH RCH 2 \nGILLOT Adrien Chef d'\u00e9quipe intervention RCH RCH 2 \nGRAND Micka\u00e9l Chef d'\u00e9quipe intervention RCH RCH 2 \nHEDIEUX Patrick \t Chef d'\u00e9quipe intervention RCH \t RCH 2 \nHENNIENE Mohamed \n\t Chef d'\u00e9quipe intervention RCH \t RCH 2 \nJAUDAUX David \t Chef d'\u00e9quipe intervention RCH \t RCH 2 \nJEANNIN S\u00e9bastien \t Chef d'\u00e9quipe intervention RCH \t RCH 2 \nJOUVELOT Olivier \t Chef d'\u00e9quipe intervention RCH \t RCH 2 \nSDIS de C\u00f4te-d'Or - 21-2024-03-01-00003 - 2024_Liste Aptitude Op\u00e9rationnelle unit\u00e9 de lutte face aux risques chimiques 49\nNom Pr\u00e9nomEmploi op\u00e9rationnelFormation| LEGROS C\u00e9line Chef d'\u00e9quipe intervention RCH RCH 2- MAGGIOTTO Laurent Chef d'\u00e9quipe intervention RCH RCH2MANSOTTE Jean-Marc Chef d'\u00e9quipe intervention RCH RCH2MARDAOQUI Mouhssine Chef d'\u00e9quipe intervention RCH RCH 2MELOT Christophe Chef d'\u00e9quipe intervention RCH RCH 2MENAGE Christophe Chef d'\u00e9quipe intervention RCH RCH 2; MERME Christophe Chef d'\u00e9quipe intervention RCH RCH 2- NOUR Yassine Chef d'\u00e9quipe intervention RCH RCH 2PAGEOT Anthony Chef d'\u00e9quipe intervention RCH RCH 2PICARD J\u00e9r\u00e9my Chef d'\u00e9quipe intervention RCH RCH2PIGNET Olivier Chef d'\u00e9quipe intervention RCH RCH 2POMMIER Jean-No\u00ebl Chef d'\u00e9quipe intervention RCH RCH2PRADO Micha\u00ebl Chef d'\u00e9quipe intervention RCH RCH 2! REMBERT Thomas Chef d'\u00e9quipe intervention RCH RCH2REMOND Ga\u00e9tan Chef d'\u00e9quipe intervention RCH RCH 2RICHARD Didier Chef d'\u00e9quipe intervention RCH RCH 2RICHARD Laurent Chef d'\u00e9quipe intervention RCH RCH 2SAAD Yassine Chef d'\u00e9quipe intervention RCH RCH 2SAGET Loic Chef d'\u00e9quipe intervention RCH RCH 2 |; SAMORI Laurent Chef d'\u00e9quipe intervention RCH RCH2 ;. SEURIOT Guillaume Chef d'\u00e9quipe intervention RCH RCH2 iTHOMAS Christophe Chef d'\u00e9quipe intervention RCH RCH 2THOMERE Alexandre Chef d'\u00e9quipe intervention RCH RCH 2VADOT Thierry Chef d'\u00e9quipe intervention RCH RCH 2VANDENSKRICK Julien Chef d'\u00e9quipe intervention RCH RCH 2VAXILLAIRE Yann Chef d'\u00e9quipe intervention RCH RCH 2VERREY Cyril Chef d'\u00e9quipe intervention RCH RCH 2 |VIDON-BUTHION John Chef d'\u00e9quipe intervention RCH RCH 2VOILLEQUIN Venceslas Chef d'\u00e9quipe intervention RCH RCH 2| XHAARD-BOLLON Sabine Chef d'\u00e9quipe intervention RCH RCH 2DUMONT Quentin Equipier intervention RCH RCH 2_ ANNEN Fiorian Chef d'\u00e9quipe reconnaissance RCH RCH 1 \u00c7BARDET Mathieu Chef d'\u00e9quipe reconnaissance RCH ; RCH 1. BENIER C\u00e9dric Chef d'\u00e9quipe reconnaissance RCH - RCH 1. BERTHET-BONDET Anthony Chef d'\u00e9quipe reconnaissance RCH RCH 1| BOUCHE Luca ' Chef d'\u00e9quipe reconnaissance RCH RCH 1BRUNET Morgan | Chef d'\u00e9quipe reconnaissance RCH RCH 1CAMP Jean-Baptiste | : Chef d'\u00e9quipe reconnaissance RCH . RCH 1 ICAVARELLI Nicolas ; Chef d'\u00e9quipe reconnaissance RCH | RCH 1CHAKRI Tarik Chef d'\u00e9quipe reconnaissance RCH RCH 1|CONVERT Cyril Chef d'\u00e9quipe reconnaissance RCH | RCH 1\" DUBIEF Mathieu Chef d'\u00e9quipe reconnaissance RCH \" RCH1C_\u00cb_ehi\"v\u2014d'\u00e9quipe reconnaissance RCH RCH 1DUPLUS Aur\u00e9lien\nNom Pr\u00e9nom Emploi op\u00e9rationnel Formation \nLEGROS C\u00e9line Chef d'\u00e9quipe intervention RCH RCH 2 \nMAGGIOTTO Laurent Chef d'\u00e9quipe intervention RCH RCH 2 \nMANSOTTE Jean-Marc Chef d'\u00e9quipe intervention RCH RCH 2 \nMARDAOUI Mouhssine Chef d'\u00e9quipe intervention RCH RCH 2 \nMELOT Christophe Chef d'\u00e9quipe intervention RCH RCH 2 \nMENAGE Christophe Chef d'\u00e9quipe intervention RCH RCH 2 \nMERME Christophe Chef d'\u00e9quipe intervention RCH RCH 2 \nNOUR Yassine Chef d'\u00e9quipe intervention RCH RCH 2 \nPAGEOT Anthony Chef d'\u00e9quipe intervention RCH RCH 2 \nPICARD J\u00e9r\u00e9my Chef d'\u00e9quipe intervention RCH RCH 2 \nPIGNET Olivier Chef d'\u00e9quipe intervention RCH RCH 2 \nPOMMIER Jean-No\u00e9l Chef d'\u00e9quipe intervention RCH RCH 2 \nPRADO Micha\u00ebl Chef d'\u00e9quipe intervention RCH RCH 2 \nREMBERT Thomas Chef d'\u00e9quipe intervention RCH RCH 2 \nREMOND Ga\u00e9tan Chef d'\u00e9quipe intervention RCH , \t RCH 2 \nRICHARD Didier Chef d'\u00e9quipe intervention RCH RCH 2 \nRICHARD Laurent Chef d'\u00e9quipe intervention RCH RCH 2 \nSAAD Yassine Chef d'\u00e9quipe intervention RCH RCH 2 \nSAGET Loft Chef d'\u00e9quipe intervention RCH , \t RCH 2 \nSAMORI Laurent Chef d'\u00e9quipe intervention RCH RCH 2 \nSEURIOT Guillaume Chef d'\u00e9quipe intervention RCH \t RCH 2 \nTHOMAS Christophe Chef d'\u00e9quipe intervention RCH RCH 2 \nTHOMERE Alexandre Chef d'\u00e9quipe intervention RCH RCH 2 \nVADOT Thierry Chef d'\u00e9quipe intervention RCH RCH 2 \nVANDENSKRICK Julien Chef d'\u00e9quipe intervention RCH RCH 2 \nVAXILLAIRE Yann Chef d'\u00e9quipe intervention RCH RCH 2 \nVERREY Cyril Chef d'\u00e9quipe intervention RCH \t RCH 2 \nVIDON-BUTHION John Chef d'\u00e9quipe intervention RCH \t RCH 2 \nVOILLEQUIN Venceslas Chef d'\u00e9quipe intervention RCH RCH 2 \nXHAARD-BOLLON Sabine Chef d'\u00e9quipe intervention RCH RCH 2 \nDUMONT Quentin \t Equipier intervention RCH RCH 2 \nANNEN Florian \t Chef d'\u00e9quipe reconnaissance RCH RCH 1 \nBARDET Mathieu \t Chef d'\u00e9quipe reconnaissance RCH RCH 1 \nBENIER C\u00e9dric \t Chef d'\u00e9quipe reconnaissance RCH \n\t RCH 1 \nBERTHET-BONDET Anthony \t Chef d'\u00e9quipe reconnaissance RCH \t RCH 1 \nBOUCHE Luca \t Chef d'\u00e9quipe reconnaissance RCH \n\t RCH 1 \nBRUNET Morgan \t Chef d'\u00e9quipe reconnaissance RCH \t RCH 1 \nCAMP Jean-Baptiste \t Chef d'\u00e9quipe reconnaissance RCH \t RCH 1 \nCAVARELLI Nicolas \t Chef d'\u00e9quipe reconnaissance RCH \t RCH 1 \nCHAKRI Tank \n\t Chef d'\u00e9quipe reconnaissance RCH \t RCH 1 \nCONVERT Cyril \t Chef d'\u00e9quipe reconnaissance RCH RCH 1 \nRCH 1 \n \nDUBIEF Mathieu \t Chef d'\u00e9quipe reconnaissance RCH \n \nDUPLUS Aur\u00e9lien \t Chef d'\u00e9quipe reconnaissance RCH \t RCH 1 \nSDIS de C\u00f4te-d'Or - 21-2024-03-01-00003 - 2024_Liste Aptitude Op\u00e9rationnelle unit\u00e9 de lutte face aux risques chimiques 50\nNom Pr\u00e9nomEmploi op\u00e9rationnelFormation' FAIVRE Lucas\n! TILLIER Arthur\nChef d'\u00e9quipe reconnaissance RCH RCH 1| FOUTELET Christian Chef d'\u00e9quipe reconnaissance RCH RCH 1JUPILLE Thomas Chef d'\u00e9quipe reconnaissance RCH | RCH 1LEFOL Geoffroy Chef d'\u00e9quipe reconnaissance RCH | RCH 1\" PATOZ Camille Chef d'\u00e9quipe reconnaissance RCH RCH 1PIGNON S\u00e9bastien Chef d'\u00e9quipe reconnaissance RCH RCH 1PIVEL Alexis Chef d'\u00e9quipe reconnaissance RCH RCH 1CHEVALIER Victor Equipier reconnaissance RCH RCH 1COMBES Cl\u00e9ment Equipier reconnaissance RCH RCH 1! DAUD Jean-Baptiste Equipier reconnaissance RCH RCH 1DENIEL Jordan Equipier reconnaissance RCH RCH 1FEUGERE Ma\u00e9l Equipier reconnaissance RCH RCH 1PLAISIER J\u00e9r\u00e9my Equipier reconnaissance RCH RCH 1Equipier reconnaissance RCH RCH 1* R\u00e9f\u00e9rent de sp\u00e9cialit\u00e9 \u00ab risques chimiques \u00bbArticle 2 : Le sous-pr\u00e9fet, directeur de cabinet, et le directeur d\u00e9partemental des services d'incendie et desecours sont charg\u00e9s, chacun en ce qui le concerne, de I'ex\u00e9cution du pr\u00e9sent arr\u00eat\u00e9 qui sera publi\u00e9 aurecueil des actes administratifs de la pr\u00e9fecture de la C\u00f4te-d'Or.\nDijon, leO 1 MARS 2024\nPour te Rr\u00e9fet\u00e9tfgtar d\u00e9l\u00e9gation,\nOlivier GERSTL\u00c9\nNom Pr\u00e9nom Emploi op\u00e9rationnel Formation \nFAIVRE Lucas Chef d'\u00e9quipe reconnaissance RCH RCH 1 \nFOUTELET Christian Chef d'\u00e9quipe reconnaissance RCH RCH 1 \nJUPILLE Thomas Chef d'\u00e9quipe reconnaissance RCH RCH 1 \nLEFOL Geoffroy Chef d'\u00e9quipe reconnaissance RCH RCH 1 \nPATOZ Camille Chef d'\u00e9quipe reconnaissance RCH RCH 1 \nPIGNON S\u00e9bastien Chef d'\u00e9quipe reconnaissance RCH RCH 1 \nPIVEL Alexis Chef d'\u00e9quipe reconnaissance RCH RCH 1 \nCHEVALIER Victor Equipier reconnaissance RCH RCH 1 \nCOMBES Cl\u00e9ment Equipier reconnaissance RCH RCH 1 \nDAUD Jean-Baptiste Equipier reconnaissance RCH RCH 1 \nDENIEL Jordan Equipier reconnaissance RCH RCH 1 \nFEUGERE Ma\u00e9l Equipier reconnaissance RCH RCH 1 \nPLAISIER J\u00e9r\u00e9my Equipier reconnaissance RCH RCH 1 \nTH I IFP ArFhrir Fniiinipr nalrnnnaiscanra RCH RCH 1 \n* R\u00e9f\u00e9rent de sp\u00e9cialit\u00e9 \u00ab risques chimiques \u00bb \nArticle 2 : Le sous-pr\u00e9fet, directeur de cabinet, et le directeur d\u00e9partemental des services d'incendie et de \nsecours sont charg\u00e9s, chacun en ce qui le concerne, de l'ex\u00e9cution du pr\u00e9sent arr\u00eat\u00e9 qui sera publi\u00e9 au \nrecueil des actes administratifs de la pr\u00e9fecture de la C\u00f4te-d'Or. \nDijon, le \t 0 1 MARS 2024 \nPour le Rte \nLe \nDirec  \netEpar d\u00e9l\u00e9gation, \nus-Pr\u00e9fet, \nMet \nOlivier GERSTL\u00c9 \nSDIS de C\u00f4te-d'Or - 21-2024-03-01-00003 - 2024_Liste Aptitude Op\u00e9rationnelle unit\u00e9 de lutte face aux risques chimiques 51\nSDIS de C\u00f4te-d'Or\n21-2024-05-01-00001\n2024_Liste Aptitude Op\u00e9rationnelle unit\u00e9 des\nsyst\u00e8mes d'information et de communication\nmodifi\u00e9e\nSDIS de C\u00f4te-d'Or - 21-2024-05-01-00001 - 2024_Liste Aptitude Op\u00e9rationnelle unit\u00e9 des syst\u00e8mes d'information et de communication\nmodifi\u00e9e 52\nE.PREFETC\u00f4T\u00c9 SISCOTE-D'OR |Libert\u00e9\u00c9galit\u00e9 22 D Boulevard Winston ChurchillFraternit\u00e9 CS 16209 - 21 062 DIJON CedexSDIS de la C\u00f4te-d'Or\nAffaire suivie par : sous-direction optimisation du potentiel op\u00e9rationnelSDIS 21 / service \u00e9quipes sp\u00e9cialis\u00e9esT\u00e9l : 03 80 11 27 87M\u00e9l : formation@sdis21.orgArr\u00eat\u00e9Portant sur la liste d'aptitude op\u00e9rationnelleUnit\u00e9 des syst\u00e8mes d'information et de communicationAnn\u00e9e 2024 - modificatif n\u00b0 1Le pr\u00e9fet de la C\u00f4te-d'OrVu le code g\u00e9n\u00e9ral des collectivit\u00e9s territoriales et particuli\u00e8rement l'article R 1424-54 ;Vu l'arr\u00eat\u00e9 du 22 ao\u00fbt 2019 relatif aux formations des sapeurs-pompiers professionnels et volontaires ;Vu l'arr\u00eat\u00e9 du 15 juillet 2022 relatif \u00e0 la d\u00e9signation et aux missions des r\u00e9f\u00e9rents de sp\u00e9cialit\u00e9s mentionn\u00e9s \u00e0 l'articleR. 722-1 du code de la s\u00e9curit\u00e9 int\u00e9rieure ;Vu l'arr\u00e9t\u00e9 pr\u00e9fectoral du 18 septembre 2020 fixant la liste des unit\u00e9s op\u00e9rationnelles ;Vu l'arr\u00eat\u00e9 pr\u00e9fectoral de d\u00e9cembre 2022 fixant l'ordre de base d\u00e9partemental des syst\u00e8mes d'information et decommunicationVu le reglement op\u00e9rationnel du service d\u00e9partemental d'incendie et de secours de la C\u00f4te-d'Or en date du 06 octobre2021 ;Vu le SDACR approuv\u00e9 par arr\u00eat\u00e9 pr\u00e9fectoral n\u00b0 1808 du 22 d\u00e9cembre 2023 ;Vu le r\u00e9f\u00e9rentiel emploi activit\u00e9 comp\u00e9tences (REAC) du 13 d\u00e9cembre 2016 relatif aux syst\u00e8mes d''information et decommunication ;Vu le r\u00e9f\u00e9rentiel interne de formation et le r\u00e9f\u00e9rentiel interne de certification- du 8 novembre 2018 ;Vu la participation des agents d\u00e9sign\u00e9s aux activit\u00e9s de formation de maintien et de perfectionnement des acquis ;Vu le nombre de COMSIC (1), d'OFFSIC (5), dOFFSIC et chef de salle op\u00e9rationnelle (2), de chefs de salleop\u00e9rationnelle (9), d'adjoints chefs de salle op\u00e9rationnelle (6), de chefs op\u00e9rateurs de salle op\u00e9rationnelle (24)d'op\u00e9rateurs poste de commandement tactique (3) d'op\u00e9rateur en CTA-CODIS (1) ;Sur proposition de monsieur le directeur d\u00e9partemental des services d''incendie et de secours ;ARR\u00caTEArticle 1 : La liste annuelle d\u00e9partementale d'aptitude op\u00e9rationnelle des sapeurs-pompiers de l'unit\u00e9\u00ab syst\u00e8mes d'information et de communication \u00bb du d\u00e9partement de la C\u00f4te-d'Or s'\u00e9tablit comme suit :; se MentionNom Pr\u00e9nom Emploi op\u00e9rationnel compl\u00e9mentaireDUPONT Luc * Commandant des syst\u00e8mes_d'information et de /n communication D  RBIDAU Cyril Officier des syst\u00e8mes_d'ir_\\formation et de /B communication M2s \u00e0 PE nCOQUIO Ga\u00eblle Officier des syst\u00e8mes_d'irjformation et de /communicationOfficier des syst\u00e8mes d'information et de i /LAMBERT Jean-Robert 22; communicationOfficier des syst\u00e8mes d'information et de CSO nMERME Christophe L) , communicationOfficier des syst\u00e8mes d'information 1. - \u2014/PARDON Christophe As- el communication\nNom Pr\u00e9nom \nDUPONT Luc * \nBIDAU Cyril \nMention \ncompl\u00e9mentaire \nCOQUIO Ga\u00eblle \nLAMBERT Jean-Robert \nMERME Christophe CSO \n11! \nPR\u00c9FET \nDE LA \nC\u00d4TE-D'OR \nLibert\u00e9 \n\u00c9galit\u00e9 \nFraternit\u00e9 \n>2, -48unr-er \n22 D Boulevard Winston Churchill \nCS 16209 - 21 062 DIJON Cedex \n \nSDLS de la C\u00f4te-d'Or \nAffaire suivie par : sous-direction optimisation du potentiel op\u00e9rationnel \nSDIS 21 / service \u00e9quipes sp\u00e9cialis\u00e9es \nT\u00e9l : 03 80 11 27 87 \nM\u00e9l : formation@sdis21.org  \nArr\u00eat\u00e9 \nPortant sur la liste d'aptitude op\u00e9rationnelle \nUnit\u00e9 des syst\u00e8mes d'information et de communication \nAnn\u00e9e 2024 - modificatif n\u00b0 1 \nLe pr\u00e9fet de la C\u00f4te-d'Or \nVu le code g\u00e9n\u00e9ral des collectivit\u00e9s territoriales et particuli\u00e8rement l'article R 1424-54 ; \nVu l'arr\u00eat\u00e9 du 22 ao\u00fbt 2019 relatif aux formations des sapeurs-pompiers professionnels et volontaires ; \nVu l'arr\u00eat\u00e9 du 15 juillet 2022 relatif \u00e0 la d\u00e9signation et aux missions des r\u00e9f\u00e9rents de sp\u00e9cialit\u00e9s mentionn\u00e9s \u00e0 l'article \nR. 722-1 du code de la s\u00e9curit\u00e9 int\u00e9rieure ; \nVu l'arr\u00eat\u00e9 pr\u00e9fectoral du 18 septembre 2020 fixant la liste des unit\u00e9s op\u00e9rationnelles ; \nVu l'arr\u00eat\u00e9 pr\u00e9fectoral de d\u00e9cembre 2022 fixant l'ordre de base d\u00e9partemental des syst\u00e8mes d'information et de \ncommunication \nVu le r\u00e8glement op\u00e9rationnel du service d\u00e9partemental d'incendie et de secours de la C\u00f4te-d'Or en date du 06 octobre \n2021 , \nVu le SDACR approuv\u00e9 par arr\u00eat\u00e9 pr\u00e9fectoral n\u00b0 1808 du 22 d\u00e9cembre 2023 ; \nVu le r\u00e9f\u00e9rentiel emploi activit\u00e9 comp\u00e9tences (REAC) du 13 d\u00e9cembre 2016 relatif aux syst\u00e8mes d'information et de \ncommunication ; \nVu le r\u00e9f\u00e9rentiel interne de formation et le r\u00e9f\u00e9rentiel interne de certification- du 8 novembre 2018 ; \nVu la participation des agents d\u00e9sign\u00e9s aux activit\u00e9s de formation de maintien et de perfectionnement des acquis ; \nVu le nombre de COMSIC (1), d'OFFSIC (5), d'OFFSIC et chef de salle op\u00e9rationnelle (2), de chefs de salle \nop\u00e9rationnelle (9), d'adjoints chefs de salle op\u00e9rationnelle (6), de chefs op\u00e9rateurs de salle op\u00e9rationnelle (24) \nd'op\u00e9rateurs poste de commandement tactique (3) d'op\u00e9rateur en CTA-CODIS (1) ; \nSur proposition de monsieur le directeur d\u00e9partemental des services d'incendie et de secours ; \nARR\u00caTE \nArticle 1 : La liste annuelle d\u00e9partementale d'aptitude op\u00e9rationnelle des sapeurs-pompiers de l'unit\u00e9 \n\u00ab syst\u00e8mes d'information et de communication \u00bb du d\u00e9partement de la C\u00f4te-d'Or s'\u00e9tablit comme suit : \nEmploi op\u00e9rationnel \nCommandant des syst\u00e8mes d'information et de \ncommunication \nOfficier des syst\u00e8mes d'information et de \ncommunication \nOfficier des syst\u00e8mes d'information et de \ncommunication \nOfficier des syst\u00e8mes d'information et de \ncommunication \nOfficier des syst\u00e8mes d'information et de \ncommunication \nPARDON Christophe Officier des syst\u00e8mes d'information et de \ncommunication \nSDIS de C\u00f4te-d'Or - 21-2024-05-01-00001 - 2024_Liste Aptitude Op\u00e9rationnelle unit\u00e9 des syst\u00e8mes d'information et de communication\nmodifi\u00e9e 53\nNom Pr\u00e9nom'Emploi op\u00e9rationnelMentioncompl\u00e9mentaireOfficier des syst\u00e8mes d'information et deVILBOUX Romain communication CSOXHAARD-BOLLON Nicolas | Officier des syst\u00e8mes d'information et de /communication* CARRE Cl\u00e9a Chef de salle op\u00e9rationnelle !BIARD Herv\u00e9 Chef de salle op\u00e9rationnelle OTAU-OCOBECQUET J\u00e9r\u00e9my Chef de salle op\u00e9rationnelle OTAU-OCOETIENNE Christophe Chef de salle op\u00e9rationnelle OTAU-OCOGREBILLE Jean Chef de salle op\u00e9rationnelle OTAU-OCOGUALDI Fabrice Chef de salle op\u00e9rationnelle OTAU-OCOJEANNIN S\u00e9bastien Chef de salle op\u00e9rationnelle OTAU-OCOLELARGE Pierre-Yves | Chef de salle op\u00e9rationnelle OTAU-OCOMELOT Christophe Chef de salle op\u00e9rationnelie OTAU-OCOBERNIER Julien Adjoint chef de salle op\u00e9rationnelle OTAU-OCOBRUNET Morgan Adjoint chef de salle op\u00e9rationnelle OTAU-OCO; FAUCHARD C\u00e9dric Adjoint chef de salle op\u00e9rationnelle OTAU-OCOFLECHARD Julien Adjoint chef de salle op\u00e9rationnelle OTAU-OCOPETIT Maxime Adjoint chef de salle op\u00e9rationnelle OTAU-OCOPIGNON S\u00e9bastien Adjoint chef de salle op\u00e9rationnelle OTAU-OCO: BAUDEGARD Romain Chef op\u00e9rateur de salle op\u00e9rationnelle OTAU-OCOBOUCHER Herv\u00e9 Chef op\u00e9rateur de salle op\u00e9rationnelle OTAU-OCOBOUCHER Thomas Chef op\u00e9rateur de salle op\u00e9rationnelle OTAU-OCO; BOURGEOIS Blandine Chef op\u00e9rateur de salle op\u00e9rationnelle OTAU-OCO| BREGAND Matthieu Chef op\u00e9rateur de salle op\u00e9rationnelle OTAU-OCOCOA-THANH Emmanuel Chef op\u00e9rateur de salle op\u00e9rationnelle OTAU-OCODE MESQUITA Emilien Chef op\u00e9rateur de salle op\u00e9rationnelle OTAU-OCODOILLON Hugo | Chef op\u00e9rateur de salle op\u00e9rationnelle OTAU-OCO] E)ELPIT Geoffrey | Chef op\u00e9ratel\u00eer de salle op\u00e9rationnelle OTAU-OCODUBOIS C\u00e9dric B i Chef op\u00e9rateur de salle op\u00e9rationnelle OTAU-OCODURAND Maxime i Chef op\u00e9rateur de salle op\u00e9rationnellewm OTAU-OCO| FURDIN David | Chef op\u00e9rateur de salle op\u00e9rationnelle OTAU-OCO% HANNETON Gab\u00ee;......' [ Chef op\u00e9rateur de salle op\u00e9rationnelle OTAU-OCOJAUDAUX David | Chef op\u00e9rateur de salle op\u00e9rationnell;\" OTAU-OCOKURKLINSKI Quentin | OTAU-OCOChef op\u00e9rateur de salle op\u00e9rationnelle\nOTAU-OCO \nOTAU-OCO \nFURDIN David \nHANNETON Gabin \nChef op\u00e9rateur de salle op\u00e9rationnelle \nChef op\u00e9rateur de salle op\u00e9rationnelle \nChef op\u00e9rateur de salle op\u00e9rationnelle \t OTAU-OCO JAUDAUX David \nNom Pr\u00e9nom Emploi op\u00e9rationnel Mention \ncompl\u00e9mentaire \nVILBOUX Romain Officier des syst\u00e8mes d'information et de \ncommunication CSO \nXHAARD-BOLLON Nicolas Officier des syst\u00e8mes d'information et de \ncommunication / \nCARRE Cl\u00e9a Chef de salle op\u00e9rationnelle / \nBIARD Herv\u00e9 Chef de salle op\u00e9rationnelle OTAU-OCO \nBECQUET J\u00e9r\u00e9my Chef de salle op\u00e9rationnelle OTAU-OCO \nETIENNE Christophe Chef de salle op\u00e9rationnelle OTAU-OCO \nGREBILLE Jean Chef de salle op\u00e9rationnelle OTAU-OCO \nGUALDI Fabrice Chef de salle op\u00e9rationnelle OTAU-OCO \nJEANNIN S\u00e9bastien Chef de salle op\u00e9rationnelle OTAU-OCO \nLELARGE Pierre-Yves Chef de salle op\u00e9rationnelle OTAU-OCO \nMELOT Christophe Chef de salle op\u00e9rationnelle OTAU-OCO \nBERNIER Julien Adjoint chef de salle op\u00e9rationnelle OTAU-OCO \nBRUNET Morgan Adjoint chef de salle op\u00e9rationnelle OTAU-OCO \nFAUCHARD C\u00e9dric Adjoint chef de salle op\u00e9rationnelle OTAU-OCO \nFLECHARD Julien Adjoint chef de salle op\u00e9rationnelle OTAU-OCO \nPETIT Maxime Adjoint chef de salle op\u00e9rationnelle OTAU-OCO \nPIGNON S\u00e9bastien Adjoint chef de salle op\u00e9rationnelle OTAU-OCO \nBAUDEGARD Romain Chef op\u00e9rateur de salle op\u00e9rationnelle OTAU-OCO \nBOUCHER Herv\u00e9 Chef op\u00e9rateur de salle op\u00e9rationnelle OTAU-OCO \nBOUCHER Thomas Chef op\u00e9rateur de salle op\u00e9rationnelle OTAU-OCO \nBOURGEOIS Blandine Chef op\u00e9rateur de salle op\u00e9rationnelle OTAU-OCO \nBREGAND Matthieu Chef op\u00e9rateur de salle op\u00e9rationnelle OTAU-OCO \nCOA-THANH Emmanuel Chef op\u00e9rateur de salle op\u00e9rationnelle OTAU-OCO \nDE MESQUITA Emilien Chef op\u00e9rateur de salle op\u00e9rationnelle OTAU-OCO \nDOILLON Hugo \t Chef op\u00e9rateur de salle op\u00e9rationnelle OTAU-OCO \nDELPIT Geoffrey \t Chef op\u00e9rateur de salle op\u00e9rationnelle \t OTAU-OCO \nDUBOIS C\u00e9dric \t Chef op\u00e9rateur de salle op\u00e9rationnelle \t OTAU-OCO \nDURAND Maxime \t 1 \t Chef op\u00e9rateur de salle op\u00e9rationnelle OTAU-OCO \nKURKLINSKI Quentin \t Chef op\u00e9rateur de salle op\u00e9rationnelle \t OTAU-OCO \nSDIS de C\u00f4te-d'Or - 21-2024-05-01-00001 - 2024_Liste Aptitude Op\u00e9rationnelle unit\u00e9 des syst\u00e8mes d'information et de communication\nmodifi\u00e9e 54\nNom Pr\u00e9nomEmploi op\u00e9rationnelMentioncompl\u00e9mentaire\nWALLET Florent de PC tactique\n; LANNI Thomas Chef op\u00e9rateur de salle op\u00e9rationnelle OTAU-OCOLEGROS Antoine Chef op\u00e9rateur de salle op\u00e9rationnelle OTAU-OCOLEGROS C\u00e9line Chef op\u00e9rateur de salle op\u00e9rationnelle OTAU-OCOMESPOULHES Yann Chef op\u00e9rateur de salle op\u00e9rationnelle OTAU-OCOMIGEON Matthieu Chef op\u00e9rateur de salle op\u00e9rationnelie OTAU-OCOMOUSSERON Sophie Chef op\u00e9rateur de salle op\u00e9rationneile OTAU-OCO; PIVEL Alexis Chef op\u00e9rateur de salle op\u00e9rationnelle OTAU-OCORENGEL Teddy Chef op\u00e9rateur de salle op\u00e9rationnelle OTAU-OCOTREDEZ Victor Chef op\u00e9rateur de salle op\u00e9rationnelle OTAU-OCO| LECOMTE Jean-Baptiste Op\u00e9rateur decoord i;'aa;tii';'hgp\u00e9ra\"o\"\"e\"e OCO-PCTACMINET Jean-Yves Op\u00e9rateur de coordination op\u00e9rationnelle OCO-PCTACde PC tactiqueOp\u00e9rateur de coordination op\u00e9rationnelle OCO-PCTAC\nBOUCHER !sabelleOp\u00e9rateur en CTA-CODIS* R\u00e9f\u00e9rent de sp\u00e9cialit\u00e9 \u00ab syst\u00e8mes d'information et de communication \u00bbArticle 2 : Le sous-pr\u00e9fet, directeur de cabinet, et le directeur d\u00e9partemental des services d'incendie et desecours sont charg\u00e9s, chacun en ce qui le concerne, de l'ex\u00e9cution du pr\u00e9sent arr\u00eat\u00e9 qui sera publi\u00e9 aurecueil des actes administratifs de la pr\u00e9fecture de la C\u00f4te-d'Or.\nDijon, le 0 1 AVR, 2024\n\u2014 overetrlivier GERSTL\u00c9\nNom Pr\u00e9nom Emploi op\u00e9rationnel Mention  compl\u00e9mentaire \nLANNI Thomas Chef op\u00e9rateur de salle op\u00e9rationnelle OTAU-OCO \nLEGROS Antoine Chef op\u00e9rateur de salle op\u00e9rationnelle OTAU-OCO \nLEGROS C\u00e9line Chef op\u00e9rateur de salle op\u00e9rationnelle OTAU-OCO \nMESPOULHES Yann Chef op\u00e9rateur de salle op\u00e9rationnelle OTAU-OCO \nMIGEON Matthieu Chef op\u00e9rateur de salle op\u00e9rationnelle OTAU-OCO \nMOUSSERON Sophie Chef op\u00e9rateur de salle op\u00e9rationnelle OTAU-OCO \nPIVEL Alexis Chef op\u00e9rateur de salle op\u00e9rationnelle OTAU-OCO \nRENGEL Teddy Chef op\u00e9rateur de salle op\u00e9rationnelle OTAU-OCO \nTREDEZ Victor Chef op\u00e9rateur de salle op\u00e9rationnelle OTAU-OCO \nLECOMTE Jean-Baptiste Op\u00e9rateur de coordination op\u00e9rationnelle \nde PC tactique OCO-PCTAC \nMINET Jean-Yves Op\u00e9rateur de coordination op\u00e9rationnelle \nde PC tactique OCO-PCTAC \nWALLET Florent Op\u00e9rateur de coordination op\u00e9rationnelle \nde PC tactique OCO-PCTAC \nBOUCHER Isabelle Op\u00e9rateur en CTA-CODIS / \n\" R\u00e9f\u00e9rent de sp\u00e9cialit\u00e9 \u00ab syst\u00e8mes d'information et de communication \u00bb \nArticle 2 : Le sous-pr\u00e9fet, directeur de cabinet, et le directeur d\u00e9partemental des services d'incendie et de \nsecours sont charg\u00e9s, chacun en ce qui le concerne, de l'ex\u00e9cution du pr\u00e9sent arr\u00eat\u00e9 qui sera publi\u00e9 au \nrecueil des actes administratifs de la pr\u00e9fecture de la C\u00f4te-d'Or. \nDijon, le 0 1 AVR. 2024 \nPour le \nLe \nDire  \neffitpar d\u00e9l\u00e9gation, \nous-Pr\u00e9fet, \nCabinet \nOlivier GERSTL \u00c9 \nSDIS de C\u00f4te-d'Or - 21-2024-05-01-00001 - 2024_Liste Aptitude Op\u00e9rationnelle unit\u00e9 des syst\u00e8mes d'information et de communication\nmodifi\u00e9e 55\nSous-pr\u00e9fecture de Beaune\n21-2024-05-07-00004\nArr\u00eat\u00e9 pr\u00e9fectoral n\u00b0 769 portant autorisation de\nla manifestation sportive avec participation de\nv\u00e9hicules terrestres \u00e0 moteur d\u00e9nomm\u00e9e \u00ab\u00a01er\nrallye r\u00e9gional de Bligny-sur-Ouche\u00bb  organis\u00e9e\nles 10 et 11 mai 2024 \nSous-pr\u00e9fecture de Beaune - 21-2024-05-07-00004 - Arr\u00eat\u00e9 pr\u00e9fectoral n\u00b0 769 portant autorisation de la manifestation sportive avec\nparticipation de v\u00e9hicules terrestres \u00e0 moteur d\u00e9nomm\u00e9e \u00ab\u00a01er rallye r\u00e9gional de Bligny-sur-Ouche\u00bb  organis\u00e9e les 10 et 11 mai 2024 56\nExPREFETDE LACOTE-D'ORL'z'berte'Egalit\u00e9Fraternit\u00e9\nSOUS-PR\u00c9FECTURE\nDE BEAUNE\nAffaire suivie par C\u00e9cile RAVRY\nT\u00e9l : 03 45 43 80 11\nm\u00e9l : cecile.ravry@cote-dor.gouv.fr\nBeaune, le 7 mai 2024\nArr\u00eat\u00e9 pr\u00e9fectoral n\u00b0 769 portant autorisation de la manifestation sportive\navec participation de v\u00e9hicules terrestres \u00e0 moteur\nd\u00e9nomm\u00e9e \u00ab 1er rallye r\u00e9gional de Bligny-sur-Ouche\u00bb\n organis\u00e9e les 10 et 11 mai 2024 \ndans les communes d'Aubaine, Auxant, Bessey-la-Cour, Bligny-sur-Ouche,\nChaudenay-la-Ville, Chaudenay-le-Ch\u00e2teau, Colombier, Crugey, Painblanc,\n Thorey-sur-Ouche, Veilly et Vic-Des-Pr\u00e8s\nLe sous-pr\u00e9fet de Beaune\nVU le code de la route, notamment ses articles R. 411-5 et R. 411-10 ;\nVU le code du sport, notamment ses articles L. 331-1 \u00e0 L. 331-12, L. 332-1 \u00e0 L. 332-21,  R. 331-\n18 \u00e0 R. 331-45-1, A. 331-16 \u00e0 A. 331-23 et A. 331-32 ;\nVU le code de l'environnement, notamment ses articles R. 414-19 \u00e0 R. 414-26 ;\nVU le d\u00e9cret n\u00b0 2010-365 du 9 avril 2010 relatif \u00e0 l'\u00e9valuation des incidences Natura 2000 ;\nVU  le d\u00e9cret du  6 juillet 2023 du  Pr\u00e9sident de la R\u00e9publique portant  nomination de\nM. Beno\u00eet BYRSKI, sous-pr\u00e9fet de Beaune ;\nVU l'arr\u00eat\u00e9 pr\u00e9fectoral n\u00b0 150/SG du 18 janvier 2024 donnant d\u00e9l\u00e9gation de signature \u00e0 M.\nBeno\u00eet BYRSKI, sous-pr\u00e9fet de Beaune ;\nVU l'arr\u00eat\u00e9 pr\u00e9fectoral n\u00b0778  en date du 7 mai 2024 r\u00e9glementant la circulation et le\nstationnement \u00e0 l'occasion du \"1er rallye r\u00e9gional de Bligny-sur-Ouche\", le samedi 11 mai\n2024 ;\nVU le dossier d\u00e9pos\u00e9 sur la plateforme SIMS le 30 janvier 2024 par l'association sportive\nautomobile C\u00f4te d'Or  et amend\u00e9 les 3 et 6 mai 2024 ;\nVU le visa N\u00b0 17-96 d\u00e9livr\u00e9 le 25 janvier 2024 sur le r\u00e8glement particulier et PEA du rallye\nr\u00e9gional de Bligny-sur-Ouche par la ligue automobile de Bourgogne Franche-Comt\u00e9 ; \nSous-pr\u00e9fecture de Beaune - 21-2024-05-07-00004 - Arr\u00eat\u00e9 pr\u00e9fectoral n\u00b0 769 portant autorisation de la manifestation sportive avec\nparticipation de v\u00e9hicules terrestres \u00e0 moteur d\u00e9nomm\u00e9e \u00ab\u00a01er rallye r\u00e9gional de Bligny-sur-Ouche\u00bb  organis\u00e9e les 10 et 11 mai 2024 57\n2\nVU l'attestation d'assurance d\u00e9livr\u00e9e le 6 mai 2024 par AXA France IARD ;\nVU la visite sur site r\u00e9alis\u00e9e le 11 avril 2024 par la commission d\u00e9partementale de s\u00e9curit\u00e9\nrouti\u00e8re - section sp\u00e9cialis\u00e9e \"\u00e9preuves et comp\u00e9titions sportives\" ;\nVU  les  avis  des  maires  consult\u00e9s :  Aubaine,  Auxant,  Bessey-la-Cour,  Bligny-sur-Ouche,\nChaudenay-la-Ville,  Chaudenay-le-Ch\u00e2teau,  Colombier,  Crugey,  Painblanc,  Thorey-sur-\nOuche, Veilly et Vic-Des-Pr\u00e8s ;\nVU la d\u00e9cision de surseoir de la commission d\u00e9partementale de s\u00e9curit\u00e9 routi\u00e8re - section\nsp\u00e9cialis\u00e9e \"\u00e9preuves et comp\u00e9titions sportives\" lors de sa r\u00e9union en salle du 30 avril\n2024 dans l'attente d'un additif pour la partie \u00ab essais \u00bb; \nVU la visite sur site r\u00e9alis\u00e9e le 2 mai 2024 par la commission d\u00e9partementale de s\u00e9curit\u00e9\nrouti\u00e8re - section sp\u00e9cialis\u00e9e \"\u00e9preuves et comp\u00e9titions sportives\" pour la partie \u00ab essais \u00bb;\nVU les avis rendus par les membres de la commission d\u00e9partementale de s\u00e9curit\u00e9 routi\u00e8re\n- section sp\u00e9cialis\u00e9e \"\u00e9preuves et comp\u00e9titions sportives\" lors de la consultation en ligne\nenvoy\u00e9e le 6 mai 2024 apr\u00e8s r\u00e9ception de l'additif pour la partie \u00ab essais \u00bb\nCONSID\u00c9RANT que le dossier est complet ;\nCONSID\u00c9RANT  que  la  commission  d\u00e9partementale  de  la  s\u00e9curit\u00e9  routi\u00e8re-  section\nsp\u00e9cialis\u00e9e \"\u00e9preuves et comp\u00e9titions sportives\" a \u00e9mis un avis favorable le 7 mai 2024 lors\nde la nouvelle consultation par courriel ; \nARRETE :\nArticle 1er  : La manifestation sportive intitul\u00e9e \u00ab  1er rallye r\u00e9gional de Bligny-sur-Ouche  \u00bb\norganis\u00e9e par l'association sportive automobile C\u00f4te d'Or \u2013 19, rue du ch\u00e2teau 21 380\nMessigny et Vantoux, est autoris\u00e9e \u00e0 se d\u00e9rouler les 10 et 11 mai 2024, conform\u00e9ment aux\nmodalit\u00e9s  expos\u00e9es  dans  la  demande  susvis\u00e9e  et  dans  le  strict  respect  des  r\u00e8gles\ntechniques et de s\u00e9curit\u00e9 \u00e9dict\u00e9es par la f\u00e9d\u00e9ration fran\u00e7aise de sport automobile.\nArticle 2  : Les essais pr\u00e9vus le vendredi 10 mai 2024 de 14 heures \u00e0 18 heures dans la\ncommune de Vic-des-Pr\u00e9s doivent respecter l'arr\u00eat\u00e9 municipal de M. le maire de Vic-des-\nPr\u00e9s pris le 6 mai 2024 interdisant la circulation et le stationnement  ( voir annexe) ;\nArticle 3:  Conform\u00e9ment \u00e0 l'itin\u00e9raire annex\u00e9 au pr\u00e9sent arr\u00eat\u00e9, les conditions de passage\ndes \u00e9preuves chronom\u00e9tr\u00e9es de cette manifestation qui se d\u00e9rouleront le samedi 11 mai\n2024 sont fix\u00e9es par l'arr\u00eat\u00e9 pr\u00e9fectoral n\u00b0778 en date du 7 mai 2024 pris apr\u00e8s avis du\nconseil d\u00e9partemental et des maires concern\u00e9s (voir annexe).\nLe num\u00e9ro de t\u00e9l\u00e9phone du PC est le : 06 80 15 13 07\nArticle 4  : Les zones  autoris\u00e9es pour  le public sont prot\u00e9g\u00e9es et d\u00e9limit\u00e9es par de la\nrubalise ; \nSous-pr\u00e9fecture de Beaune - 21-2024-05-07-00004 - Arr\u00eat\u00e9 pr\u00e9fectoral n\u00b0 769 portant autorisation de la manifestation sportive avec\nparticipation de v\u00e9hicules terrestres \u00e0 moteur d\u00e9nomm\u00e9e \u00ab\u00a01er rallye r\u00e9gional de Bligny-sur-Ouche\u00bb  organis\u00e9e les 10 et 11 mai 2024 58\n3\nArticle 5  :  le trac\u00e9 passe au sein de l'emprise de la zone Natura 2000 \"Arri\u00e8re C\u00f4te de\nDijon et de Beaune\". Il n'est pas fait opposition au d\u00e9roulement de la manifestation sous\nr\u00e9serve du suivi des prescriptions suivantes :\n- les itin\u00e9raires doivent \u00eatre balis\u00e9s afin de canaliser les participants et le public \nspectateur et d'en emp\u00eacher la divagation en dehors des secteurs qui leur sont d\u00e9di\u00e9s\n- l'utilisation de peintures pour le balisage est interdite, le marquage dans l'\u00e9corce des \narbres est proscrit. Seul un balisage temporaire (rubans, rubalises, marquages \nbiod\u00e9gradables, balises temporaires d'orientation\u2026) peut \u00eatre r\u00e9alis\u00e9. Il devra \u00eatre \nretir\u00e9 d\u00e8s la fin de la manifestation\n- les stockages de produits dommageables pour l'environnement seront s\u00e9curis\u00e9s \n- le d\u00e9p\u00f4t d'ordures en dehors des zones pr\u00e9vues \u00e0 cet effet est interdit. Les d\u00e9chets \ndevront \u00eatre ramass\u00e9s, ramen\u00e9s et tri\u00e9s ;\n- les feux, le bivouac, le camping sont interdits\n- l'organisateur doit sensibiliser et pr\u00e9senter la r\u00e9glementation et les enjeux \nenvironnementaux du territoire aux participants et \u00e9ventuels spectateurs (panneaux \nde sensibilisation, rappel oral avant la manifestation \u2026)\nArticle 6 :  La pr\u00e9sente autorisation est accord\u00e9e sous r\u00e9serve que l'organisateur prenne \u00e0\nsa charge les frais n\u00e9cessit\u00e9s par la mise en place des dispositifs destin\u00e9s au maintien de la\ns\u00e9curit\u00e9 \u00e0 l'occasion du d\u00e9roulement de l'\u00e9preuve et assure la r\u00e9paration des dommages,\nd\u00e9gradations, modifications de toutes sortes de la voie publique ou de ses d\u00e9pendances,\nimputables aux concurrents, aux organisateurs ou \u00e0 leurs pr\u00e9pos\u00e9s. \nArticle  7 :  En aucun  cas  la responsabilit\u00e9 de  l'Etat et des  communes  ne pourra  \u00eatre\nengag\u00e9e et aucun recours ne pourra \u00e9ventuellement \u00eatre exerc\u00e9 contre eux.\nArticle 8  : La pr\u00e9sente autorisation peut \u00eatre suspendue ou rapport\u00e9e \u00e0 tout moment s'il\nappara\u00eet que les conditions de s\u00e9curit\u00e9 ne se trouvent plus r\u00e9unies ou que l'organisateur,\nmalgr\u00e9 la mise en demeure qui lui en est faite par l'autorit\u00e9 administrative, ne respecte\nplus  ou  ne  fait  plus  respecter  par  les  participants  et  les  spectateurs  les  dispositions\npr\u00e9vues par le r\u00e8glement particulier de la manifestation en vue d'assurer leur protection.\nArticle 9:  L'organisateur doit assurer et garantir l'acc\u00e8s et une circulation ais\u00e9e pour les\nengins de secours et de lutte contre l'incendie.\nEn cas d'accident entra\u00eenant le sauvetage ou l'\u00e9vacuation de personnes, l'organisateur doit\npr\u00e9venir les sapeurs-pompiers qui interviennent par appel au 18 ou au 112.\nArticle  10 : Avant  la  manifestation,  les  organisateurs  doivent  interroger  M\u00e9t\u00e9o  France\n(notamment par le biais du  r\u00e9pondeur  t\u00e9l\u00e9phonique : 08.99.71.02.21 ou par  internet :\nwww.meteofrance.com) afin de conna\u00eetre la couleur de la carte de vigilance m\u00e9t\u00e9o et\nprendre toute mesure adapt\u00e9e. Dans  l'hypoth\u00e8se d'une carte orange ou rouge, il leur\nappartient de prendre les dispositions qui s'imposent (voire d'annuler la manifestation) et\nd'informer l'autorit\u00e9 municipale.\nArticle  11 :  L'organisateur  technique  d\u00e9sign\u00e9  doit  attester  (attestation  jointe)  que\nl'ensemble  des  mesures  sont  prises  conform\u00e9ment  aux  prescriptions  contenues  dans\nl'arr\u00eat\u00e9 pr\u00e9fectoral d'autorisation de l'\u00e9preuve. L'organisateur  technique est charg\u00e9 de\nv\u00e9rifier  et  d'exiger,  avant  le  commencement  de  la  manifestation,  que  l'ensemble  des\nconditions  mises  \u00e0  l'octroi  de  la  pr\u00e9sente  autorisation  est  effectivement  respect\u00e9  et\nd'interdire la manifestation si ces conditions ne sont pas remplies.\nL'attestation ci-jointe devra \u00eatre transmise imm\u00e9diatement \u00e0 la sous-pr\u00e9fecture de Beaune\npar courriel \u00e0 sp-beaune@cote-dor.gouv.fr\nSous-pr\u00e9fecture de Beaune - 21-2024-05-07-00004 - Arr\u00eat\u00e9 pr\u00e9fectoral n\u00b0 769 portant autorisation de la manifestation sportive avec\nparticipation de v\u00e9hicules terrestres \u00e0 moteur d\u00e9nomm\u00e9e \u00ab\u00a01er rallye r\u00e9gional de Bligny-sur-Ouche\u00bb  organis\u00e9e les 10 et 11 mai 2024 59\n4\nArticle  12  :  Le  sous-pr\u00e9fet  de  l'arrondissement  de  Beaune,  le  pr\u00e9sident  du  conseil\nd\u00e9partemental de la C\u00f4te-d'Or, les maires d'Aubaine, Auxant, Bessey-la-Cour, Bligny-sur-\nOuche, Chaudenay-la-Ville, Chaudenay-le-Ch\u00e2teau, Colombier, Crugey, Painblanc, Thorey-\nsur-Ouche, Veilly et Vic-Des-Pr\u00e8s , le directeur d\u00e9partemental des services d'incendie et de\nsecours, le directeur des services d\u00e9partementaux de l'\u00e9ducation nationale, la directrice\nd\u00e9partementale  des  territoires,  le  chef  d'escadron,  commandant  la  compagnie  de\ngendarmerie de Beaune, sont charg\u00e9s, chacun en ce qui le concerne, de l'ex\u00e9cution du\npr\u00e9sent  arr\u00eat\u00e9  dont  copie  sera  adress\u00e9e  aux  repr\u00e9sentants  d\u00e9partementaux  de  la\nf\u00e9d\u00e9ration fran\u00e7aise de sport automobile et \u00e0 l'organisateur.\nLe pr\u00e9sent arr\u00eat\u00e9 sera publi\u00e9 au recueil des actes administratifs de la pr\u00e9fecture de la\nC\u00f4te-d'Or.\n   Le sous-pr\u00e9fet de Beaune,\nsign\u00e9\nBeno\u00eet BYRSKI\nANNEXES :\n- trac\u00e9 du circuit des essais\n- trac\u00e9 du circuit du rallye et des \u00e9preuves chronom\u00e9tr\u00e9es\n- arr\u00eat\u00e9 de M  . le maire de Vic-des-Pr\u00e8s du 6 mai 2024 r\u00e9glementant la circulation et le\nstationnement\n-arr\u00eat\u00e9  pr\u00e9fectoral  n\u00b0778  en  date  du  7  mai  2024  r\u00e9glementant  la  circulation  et  le\nstationnement \u00e0 l'occasion du \"1er rallye r\u00e9gional de Bligny-sur-Ouche\"\nSous-pr\u00e9fecture de Beaune - 21-2024-05-07-00004 - Arr\u00eat\u00e9 pr\u00e9fectoral n\u00b0 769 portant autorisation de la manifestation sportive avec\nparticipation de v\u00e9hicules terrestres \u00e0 moteur d\u00e9nomm\u00e9e \u00ab\u00a01er rallye r\u00e9gional de Bligny-sur-Ouche\u00bb  organis\u00e9e les 10 et 11 mai 2024 60","date":"2024-05-07","first_seen_on":"2025-09-14T11:15:26+00:00","id":"aa1b3d4ddfed6d3abed3342a2eb45095cc01c37c5f0e6d564c5a56d07616bee5","name":"RAA n\u00b0 056 du 07 mai 2024","pdf_creation_date":"2024-05-07T13:56:33+00:00","pdf_modification_date":null,"timezone":"Europe/Paris","url":"https://www.cote-dor.gouv.fr/contenu/telechargement/21324/163170/file/recueil-21-2024-056-recueil-des-actes-administratifs-special.pdf"}
