{"administration":"pref30","administration_name":"Pr\u00e9fecture du Gard","content":"PR\u00c9FET\nDU GARD\nRECUEIL DES ACTES\nADMINISTRATIFS SP\u00c9CIAL\n(NOMINATIFS)\nN\u00b030-2026-070\nPUBLI\u00c9 LE  3 AVRIL 2026\nSommaire\nDirection d\u00e9partementale de l'emploi, du travail et des solidarit\u00e9s  /\n30-2026-03-27-00004 - R\u00e9c\u00e9piss\u00e9 d\u00e9claration services \u00e0 la\npersonne KHELIF Moussa 21022026 \u00e0 Manduel (2 pages) Page 3\n30-2026-04-02-00009 - R\u00e9c\u00e9piss\u00e9 d\u00e9claration services \u00e0 la\npersonne LEFEVRE Erine M\u00e8reVeille 02032026 \u00e0 Beaucaire (2 pages) Page 6\n30-2026-04-02-00010 - R\u00e9c\u00e9piss\u00e9 d\u00e9claration services \u00e0 la\npersonne LEFEVRE Oph\u00e9lie 03032026 \u00e0 Congenies (2 pages) Page 9\n30-2026-03-27-00005 - R\u00e9c\u00e9piss\u00e9 d\u00e9claration services \u00e0 la\npersonne MESSERER Logan LM ELECTRICITE & JARDIN 26022026 \u00e0\nMassillargues-Attuech (2 pages) Page 12\n30-2026-04-02-00008 - R\u00e9c\u00e9piss\u00e9 d\u00e9claration services \u00e0 la\npersonne VERGOTE Yoann 25022026 \u00e0 Saint Julien de Peyrolas (2 pages) Page 15\n2\nDirection d\u00e9partementale de l'emploi, du travail\net des solidarit\u00e9s \n30-2026-03-27-00004\nR\u00e9c\u00e9piss\u00e9 d\u00e9claration services \u00e0 la personne\nKHELIF Moussa 21022026 \u00e0 Manduel\nDirection d\u00e9partementale de l'emploi, du travail et des solidarit\u00e9s  - 30-2026-03-27-00004 - R\u00e9c\u00e9piss\u00e9 d\u00e9claration services \u00e0 la\npersonne KHELIF Moussa 21022026 \u00e0 Manduel 3\nPREFET Direction D\u00e9partementaleDU GARD de l'Emploi, du Travail et des Solidarit\u00e9sLibert\u00e9Egalit\u00e9Fraternit\u00e9\nR\u00e9c\u00e9piss\u00e9 de d\u00e9claration n\u00b0 30-2026-03-27-n\u00b0d'un organisme de services \u00e0 la personneenregistr\u00e9 sous le n\u00b0 SAP 994335214Le pr\u00e9fet du GardChevalier de la L\u00e9gion d'HonneurOfficier de l'Ordre National du M\u00e9riteVu le code du travail et notamment les articles L.7231-1 \u00e0 L.7233-2, R.7232-18 \u00e0 R.7232-24, D.7231-1 et D.7233-1 \u00e0 D.7233-5 :Vu l'arr\u00eat\u00e9 du ministre de l'Int\u00e9rieur et des outre-mer du 30 janvier 2024 nommant Mme SophieBOUDOT, attach\u00e9e d'administration hors classe de l'\u00e9tat, directrice d\u00e9partementale, de l'emploi, dutravail et des solidarit\u00e9s du Gard, \u00e0 compter du 19 f\u00e9vrier 2024 ;Vu l'arr\u00eat\u00e9 du 19 f\u00e9vrier 2024 donnant d\u00e9l\u00e9gation de signature \u00e0 Madame Sophie BOUDOT, directriced\u00e9partementale de l'emploi, du travail et des solidarit\u00e9s du Gard ;Vu l'arr\u00eat\u00e9 du 17 f\u00e9vrier 2026 portant subd\u00e9l\u00e9gation aux agents de la direction d\u00e9partementale del'emploi, du travail et des solidarit\u00e9s ;Vu la circulaire DGE du 03 janvier 2025 relative aux activit\u00e9s de services \u00e0 la personne : d\u00e9claration etagr\u00e9ment des organismes de services \u00e0 la personne ;Constate :Qu'une d\u00e9claration d'activit\u00e9s de services \u00e0 la personne a \u00e9t\u00e9 d\u00e9pos\u00e9e aupr\u00e8s de la directiond\u00e9partementale de l'emploi, du travail et des solidarit\u00e9s, le 21/02/2026, par Monsieur KHELIF Moussaen qualit\u00e9 de responsable, pour l'organisme KHELIF Moussa Siret N\u00b099433521400015 dontl'\u00e9tablissement principal est situ\u00e9 au 15 rue Vincent 30129 Manduel et enregistr\u00e9e sous le n\u00b0 SAP994335214;Que les activit\u00e9s d\u00e9clar\u00e9es en mode prestataire sont les suivantes :o Entretien de la maison et travaux m\u00e9nagers\nToute modification concernant les activit\u00e9s exerc\u00e9es devra faire l'objet d'une d\u00e9claration modificativepr\u00e9alable.Sous r\u00e9serve d'\u00eatre exerc\u00e9es \u00e0 titre exclusif (ou sous r\u00e9serve d'une comptabilit\u00e9 s\u00e9par\u00e9e pour lespersonnes morales dispens\u00e9es de cette condition), ces activit\u00e9s ouvrent droit au b\u00e9n\u00e9fice desdispositions des articles L. 7233-2 du code du travail et L. 241-10 du code de la s\u00e9curit\u00e9 sociale dansles conditions pr\u00e9vues par ces articles.Les effets de la d\u00e9claration courent \u00e0 compter du jour du d\u00e9p\u00f4t de la d\u00e9claration sous r\u00e9serve desdispositions de l'article R.7232-18 du code du travail.Le pr\u00e9sent r\u00e9c\u00e9piss\u00e9 est \u00e0 port\u00e9e nationale et n'est pas limit\u00e9 dans le temps, \u00e0 l'exception des\nMas de l'Agriculture - 1120 route de Saint Gilles - BP 39081 - 30972 NIMES CEDEX 9T\u00e9l : 04 30 08 61 20 Fax : 04 30 08 61 21 www.gard.gouv.fr\nDirection d\u00e9partementale de l'emploi, du travail et des solidarit\u00e9s  - 30-2026-03-27-00004 - R\u00e9c\u00e9piss\u00e9 d\u00e9claration services \u00e0 la\npersonne KHELIF Moussa 21022026 \u00e0 Manduel 4\nactivit\u00e9s relevant de l'agr\u00e9ment dont les effets sont limit\u00e9s \u00e0 5 ans.L'enregistrement de la d\u00e9claration peut \u00eatre retir\u00e9 dans les conditions fix\u00e9es aux articles R.7232-20 aR.7232-22 du code du travail.Le pr\u00e9sent r\u00e9c\u00e9piss\u00e9 sera publi\u00e9 au recueil des actes administratifs de la pr\u00e9fecture du Gard.Voies de recours :La pr\u00e9sente d\u00e9cision peut, \u00e0 compter de sa publication, faire l'objet d'un recours gracieux aupr\u00e8s de laDirection D\u00e9partementale de l'Emploi, du Travail et des Solidarit\u00e9s- Mas de l'Agriculture \u2014 1120 routede Saint Gilles \u2014 BP 39081 \u2014 30972 NIMES CEDEX 9 ou d'un recours hi\u00e9rarchique adress\u00e9 auministre charg\u00e9 de l'\u00e9conomie - Direction g\u00e9n\u00e9rale des entreprises - sous-direction des servicesmarchands, 6, rue Louise Weiss, 75703 Paris cedex13.Elle peut \u00e9galement faire l'objet d'un recours contentieux dans un d\u00e9lai de deux mois \u00e0 compter de sapublication aupr\u00e8s du Tribunal administratif de N\u00eemes - 16 avenue Feuch\u00e8res - 30000 N\u00eemes.Le tribunal administratif peut \u00eatre saisi par l'application informatique \u00ab T\u00e9l\u00e9recours citoyen \u00bbaccessible sur le site internet www.telerecours.fr.En cas de rejet du recours gracieux ou hi\u00e9rarchique ou en l'absence de r\u00e9ponse \u00e0 ce recours (rejetimplicite), un recours contentieux devant le tribunal administratif peut \u00e9galement \u00eatre form\u00e9 contre lad\u00e9cision initiale dans un d\u00e9lai de deux mois \u00e0 compter de ce rejet.\nFait \u00e0 N\u00eemes, le 27 mars 2026\nPour la Directrice D\u00e9partementaie del'Emploi, du Travail et des Solidarit\u00e9sdu Gard et par d\u00e9l\u00e9gation,La responsable du service emploi etinsertion professionnelleZT Isabelle REVOL\nDirection d\u00e9partementale de l'emploi, du travail et des solidarit\u00e9s  - 30-2026-03-27-00004 - R\u00e9c\u00e9piss\u00e9 d\u00e9claration services \u00e0 la\npersonne KHELIF Moussa 21022026 \u00e0 Manduel 5\nDirection d\u00e9partementale de l'emploi, du travail\net des solidarit\u00e9s \n30-2026-04-02-00009\nR\u00e9c\u00e9piss\u00e9 d\u00e9claration services \u00e0 la personne\nLEFEVRE Erine M\u00e8reVeille 02032026 \u00e0 Beaucaire\nDirection d\u00e9partementale de l'emploi, du travail et des solidarit\u00e9s  - 30-2026-04-02-00009 - R\u00e9c\u00e9piss\u00e9 d\u00e9claration services \u00e0 la\npersonne LEFEVRE Erine M\u00e8reVeille 02032026 \u00e0 Beaucaire 6\nExPREFET Direction D\u00e9partementaleDU GARD de l'Emploi, du Travail et des Solidarit\u00e9sLibert\u00e9Egalit\u00e9Fraternit\u00e9\nR\u00e9c\u00e9piss\u00e9 de d\u00e9claration n\u00b0 30-2026-04-02 n\u00b0d'un organisme de services \u00e0 la personneenregistr\u00e9 sous le n\u00b0 SAP 101846970Le pr\u00e9fet du GardChevalier de la L\u00e9gion d'HonneurOfficier de l'Ordre National du M\u00e9riteVu le code du travail et notamment les articles L.7231-1 a L.7233-2, R.7232-18 \u00e0 R.7232-24, D.7231-1 et D.7233-1 \u00e0 D.7233-5 ;Vu l'arr\u00eat\u00e9 du ministre de l'int\u00e9rieur et des outre-mer du 30 janvier 2024 nommant Mme SophieBOUDOT, attach\u00e9e d'administration hors classe de l'\u00e9tat, directrice d\u00e9partementale, de l'emploi, dutravail et des solidarit\u00e9s du Gard, a compter du 19 f\u00e9vrier 2024 ;Vu l'arr\u00eat\u00e9 du 19 f\u00e9vrier 2024 donnant d\u00e9l\u00e9gation de signature \u00e0 Madame Sophie BOUDOT, directriced\u00e9partementale de l'emploi, du travail et des solidarit\u00e9s du Gard ;Vu l'arr\u00eat\u00e9 du 17 f\u00e9vrier 2026 portant subd\u00e9l\u00e9gation aux agents de la direction d\u00e9partementale del'emploi, du travail et des solidarit\u00e9s ;Vu la circulaire DGE du 03 janvier 2025 relative aux activit\u00e9s de services \u00e0 la personne : d\u00e9claration etagr\u00e9ment des organismes de services \u00e0 la personne ;Constate :Qu'une d\u00e9claration d'activit\u00e9s de services \u00e0 la personne a \u00e9t\u00e9 d\u00e9pos\u00e9e aupr\u00e8s de la directiond\u00e9partementale de l'emploi, du travail et des solidarit\u00e9s, le 02 mars 2026, par Madame LEFEVREErine en qualit\u00e9 de responsable, pour l'organisme LEFEVRE Erine (Nom commercial : M\u00e8reVeille)Siret N\u00b010184697000016 dont l'\u00e9tablissement principal est situ\u00e9 au 32 bis chemin des Romains,30300 Beaucaire et enregistr\u00e9e sous le n\u00b0 SAP 101846970 ;Que les activit\u00e9s d\u00e9clar\u00e9es en mode prestataire sont les suivantes :o Garde d'enfants de plus de 3 ans \u00e0 domicileo Soutien scolaire ou cours a domicileo Accompagnement des enfants de plus de 3 ans dans leurs d\u00e9placementsToute modification concernant les activit\u00e9s exerc\u00e9es devra faire l'objet d'une d\u00e9claration modificativepr\u00e9alable.Sous r\u00e9serve d'\u00eatre exerc\u00e9es \u00e0 titre exclusif (ou sous r\u00e9serve d'une comptabilit\u00e9 s\u00e9par\u00e9e pour lespersonnes morales dispens\u00e9es de cette condition), ces activit\u00e9s ouvrent droit au b\u00e9n\u00e9fice desdispositions des articles L. 7233-2 du code du travail et L. 241-10 du code de la s\u00e9curit\u00e9 sociale dansles conditions pr\u00e9vues par ces articles.Les effets de la d\u00e9claration courent \u00e0 compter du jour du d\u00e9p\u00f4t de la d\u00e9claration sous r\u00e9serve des\nMas de l'Agriculture - 1120 route de Saint Gilles - BP 39081 - 30972 NIMES CEDEX 9T\u00e9l : 04 30 08 61 20 Fax : 04 30 08 61 21 www.gard.gouv.fr\nDirection d\u00e9partementale de l'emploi, du travail et des solidarit\u00e9s  - 30-2026-04-02-00009 - R\u00e9c\u00e9piss\u00e9 d\u00e9claration services \u00e0 la\npersonne LEFEVRE Erine M\u00e8reVeille 02032026 \u00e0 Beaucaire 7\ndispositions de l'article R.7232-18 du code du travail.Le pr\u00e9sent r\u00e9c\u00e9piss\u00e9 est \u00e0 port\u00e9e nationale et n'est pas limit\u00e9 dans le temps, a l'exception desactivit\u00e9s relevant de l'agr\u00e9ment dont les effets sont limit\u00e9s \u00e0 5 ans.L'enregistrement de la d\u00e9claration peut \u00eatre retir\u00e9 dans les conditions fix\u00e9es aux articles R.7232-20 \u00e0R.7232-22 du code du travail.Le pr\u00e9sent r\u00e9c\u00e9piss\u00e9 sera publi\u00e9 au recueil des actes administratifs de la pr\u00e9fecture du Gard.Voies de recours :La pr\u00e9sente d\u00e9cision peut, \u00e0 compter de sa publication, faire l'objet d'un recours gracieux aupr\u00e8s de laDirection D\u00e9partementale de l'Emploi, du Travail et des Solidarit\u00e9s- Mas de l'Agriculture \u2014 1120 routede Saint Gilles \u2014 BP 39081 \u2014 30972 NIMES CEDEX 9 ou d'un recours hi\u00e9rarchique adress\u00e9 auministre charg\u00e9 de l'\u00e9conomie - Direction g\u00e9n\u00e9rale des entreprises - sous-direction des servicesmarchands, 6, rue Louise Weiss, 75703 Paris cedex13.Elle peut \u00e9galement faire l'objet d'un recours contentieux dans un d\u00e9lai de deux mois \u00e0 compter de sapublication aupr\u00e8s du Tribunal administratif de N\u00eemes - 16 avenue Feuch\u00e8res - 30000 N\u00eemes.Le tribunal administratif peut \u00eatre saisi par l'application informatique \u00ab T\u00e9l\u00e9recours citoyen \u00bbaccessible sur le site internet www.telerecours.fr.En cas de rejet du recours gracieux ou hi\u00e9rarchique ou en l'absence de r\u00e9ponse \u00e0 ce recours (rejetimplicite), un recours contentieux devant le tribunal administratif peut \u00e9galement \u00eatre form\u00e9 contre lad\u00e9cision initiale dans un d\u00e9lai de deux mois \u00e0 compter de ce rejet.\nFait \u00e0 N\u00eemes, le 02 avril 2026.\nPour la Directrice D\u00e9partementale del'Emploi. du Travail et des Solidarit\u00e9sdu Gard et par delegation, \u2014La responsable du service emploi etinsertion professionnelle_AT?T JIsabelle REVOL |\n|\nDirection d\u00e9partementale de l'emploi, du travail et des solidarit\u00e9s  - 30-2026-04-02-00009 - R\u00e9c\u00e9piss\u00e9 d\u00e9claration services \u00e0 la\npersonne LEFEVRE Erine M\u00e8reVeille 02032026 \u00e0 Beaucaire 8\nDirection d\u00e9partementale de l'emploi, du travail\net des solidarit\u00e9s \n30-2026-04-02-00010\nR\u00e9c\u00e9piss\u00e9 d\u00e9claration services \u00e0 la personne\nLEFEVRE Oph\u00e9lie 03032026 \u00e0 Congenies\nDirection d\u00e9partementale de l'emploi, du travail et des solidarit\u00e9s  - 30-2026-04-02-00010 - R\u00e9c\u00e9piss\u00e9 d\u00e9claration services \u00e0 la\npersonne LEFEVRE Oph\u00e9lie 03032026 \u00e0 Congenies 9\nExPREFET Direction D\u00e9partementaleDU GARD de l'Emploi, du Travail et des Solidarit\u00e9sLibert\u00e9Egalit\u00e9Fraternit\u00e9\nR\u00e9c\u00e9piss\u00e9 de d\u00e9claration n\u00b0 30-2026-04-02-n\u00b0d'un organisme de services \u00e0 la personneenregistr\u00e9 sous le n\u00b0 SAP 901371799Le pr\u00e9fet du GardChevalier de la L\u00e9gion d'HonneurOfficier de l'Ordre National du M\u00e9riteVu le code du travail et notamment les articles L.7231-1 \u00e0 L.7233-2, R.7232-18 \u00e0 R.7232-24, D.7231-1 et D.7233-1 \u00e0 D.7233-5 ;Vu l'arr\u00eat\u00e9 du ministre de l'Int\u00e9rieur et des outre-mer du 30 janvier 2024 nommant Mme SophieBOUDOT, attach\u00e9e d'administration hors classe de l'\u00e9tat, directrice d\u00e9partementale, de l'emploi, dutravailet des solidarit\u00e9s du Gard, \u00e0 compter du 19 f\u00e9vrier 2024 ;Vu l'arr\u00eat\u00e9 du 19 f\u00e9vrier 2024 donnant d\u00e9l\u00e9gation de signature a Madame Sophie BOUDOT, directriced\u00e9partementale de l'emploi, du travail et des solidarit\u00e9s du Gard ;Vu l'arr\u00eat\u00e9 du 17 f\u00e9vrier 2026 portant subd\u00e9l\u00e9gation aux agents de la direction d\u00e9partementale del'emploi, du travail et des solidarit\u00e9s ;Vu la circulaire DGE du 03 janvier 2025 relative aux activit\u00e9s de services \u00e0 la personne : d\u00e9claration etagr\u00e9ment des organismes de services \u00e0 la personne ;Constate :Qu'une d\u00e9claration d'activit\u00e9s de services \u00e0 la personne a \u00e9t\u00e9 d\u00e9pos\u00e9e aupr\u00e8s de la directiond\u00e9partementale de l'emploi, du travail et des solidarit\u00e9s, le 03 mars 2026, par Madame LEFEVREOph\u00e9lie en qualit\u00e9 de responsable, pour l'organisme LEFEVRE Oph\u00e9lie Siret N\u00b090137179900031dont l'\u00e9tablissement principal est situ\u00e9 au 1 passage de Cambremont, 30111 CONGENIES etenregistr\u00e9e sous le n\u00b0 SAP 901371799 ;Que l'activit\u00e9 d\u00e9clar\u00e9e en mode prestataire est la suivante :o Entretien de la maison et travaux m\u00e9nagersToute modification concernant les activit\u00e9s exerc\u00e9es devra faire l'objet d'une d\u00e9claration modificativepr\u00e9alable.Sous r\u00e9serve d'\u00eatre exerc\u00e9es \u00e0 titre exclusif (ou sous r\u00e9serve d'une comptabilit\u00e9 s\u00e9par\u00e9e pour lespersonnes morales dispens\u00e9es de cette condition), ces activit\u00e9s ouvrent droit au b\u00e9n\u00e9fice desdispositions des articles L. 7233-2 du code du travail et L. 241-10 du code de la s\u00e9curit\u00e9 sociale dansles conditions pr\u00e9vues par ces articles.Les effets de la d\u00e9claration courent \u00e0 compter du jour du d\u00e9p\u00f4t de la d\u00e9claration sous r\u00e9serve desdispositions de l'article R.7232-18 du code du travail.Le pr\u00e9sent r\u00e9c\u00e9piss\u00e9 est \u00e0 port\u00e9e nationale et n'est pas limit\u00e9 dans le Emnps \u00e0 l'exception desactivit\u00e9s relevant de |' agr\u00e9ment dont les effets sont limit\u00e9s \u00e0 5 ans.\nMas de l'Agriculture - 1120 route de Saint Gilles \u2014 BP 39081 \u2014- 30972 NIMES CEDEX 9T\u00e9l : 04 30 08 61 20 Fax : 04 30 08 61 21 www.gard.gouv.fr\nDirection d\u00e9partementale de l'emploi, du travail et des solidarit\u00e9s  - 30-2026-04-02-00010 - R\u00e9c\u00e9piss\u00e9 d\u00e9claration services \u00e0 la\npersonne LEFEVRE Oph\u00e9lie 03032026 \u00e0 Congenies 10\nL'enregistrement de la d\u00e9claration peut \u00eatre retir\u00e9 dans les conditions fix\u00e9es aux articles R.7232-20 aR.7232-22 du code du travail.Le pr\u00e9sent r\u00e9c\u00e9piss\u00e9 sera publi\u00e9 au recueil des actes administratifs de la pr\u00e9fecture du Gard.Voies de recours :La pr\u00e9sente d\u00e9cision peut, \u00e0 compter de sa publication, faire l'objet d'un recours gracieux aupr\u00e8s de laDirection D\u00e9partementale de l'Emploi, du Travail et des Solidarit\u00e9s- Mas de l'Agriculture\u2014 1120 routede Saint Gilles \u2014 BP 39081 \u2014 30972 NIMES CEDEX 9 ou d'un recours hi\u00e9rarchique adress\u00e9 auministre charg\u00e9 de l'\u00e9conomie - Direction g\u00e9n\u00e9rale des entreprises - sous-direction des servicesmarchands, 6, rue Louise _ Weiss, 75703 Paris cedex13.Elle peut \u00e9galement faire l'objet d'un recours contentieux dans un d\u00e9lai de deux mois \u00e0 compter de sapublication aupr\u00e8s du Tribunal administratif de N\u00eemes - 16 avenue Feuch\u00e8res - 30000 N\u00eemes.Le tribunal administratif peut \u00eatre saisi par l'application informatique \u00ab T\u00e9l\u00e9recours citoyen \u00bbaccessible sur le site internet www.telerecours.fr.En cas de rejet du recours gracieux ou hi\u00e9rarchique ou en l'absence de r\u00e9ponse \u00e0 ce recours (rejetimplicite), un recours contentieux devant le tribunal administratif peut \u00e9galement \u00eatre form\u00e9 contre lad\u00e9cision initiale dans un d\u00e9lai de deux mois \u00e0 compter de ce rejet.\nFait \u00e0 Nimes, le 02 avril 2026.\nPour la Directrice D\u00e9partementale del'Emploi, du Travail et des Solidarit\u00e9sdu Gard et par d\u00e9l\u00e9gation, \u2014La responsable du service emploi etinsertion professionnelle _a alIsabelle REVOL GE\nDirection d\u00e9partementale de l'emploi, du travail et des solidarit\u00e9s  - 30-2026-04-02-00010 - R\u00e9c\u00e9piss\u00e9 d\u00e9claration services \u00e0 la\npersonne LEFEVRE Oph\u00e9lie 03032026 \u00e0 Congenies 11\nDirection d\u00e9partementale de l'emploi, du travail\net des solidarit\u00e9s \n30-2026-03-27-00005\nR\u00e9c\u00e9piss\u00e9 d\u00e9claration services \u00e0 la personne\nMESSERER Logan LM ELECTRICITE & JARDIN\n26022026 \u00e0 Massillargues-Attuech\nDirection d\u00e9partementale de l'emploi, du travail et des solidarit\u00e9s  - 30-2026-03-27-00005 - R\u00e9c\u00e9piss\u00e9 d\u00e9claration services \u00e0 la\npersonne MESSERER Logan LM ELECTRICITE & JARDIN 26022026 \u00e0 Massillargues-Attuech 12\nPREFET Direction D\u00e9partementaleDU GARD de l'Emploi, du Travail et des Solidarit\u00e9s .Libert\u00e9Egalit\u00e9Fraternit\u00e9\nR\u00e9c\u00e9piss\u00e9 de d\u00e9claration n\u00b0 30-2026-03-27-n\u00b0d'un organisme de services \u00e0 la personneenregistr\u00e9 sous le n\u00b0 SAP 100520923Le pr\u00e9fet du GardChevalier de la L\u00e9gion d'HonneurOfficier de l'Ordre National du M\u00e9riteVu le code du travail et notamment les articles L.7231-1 \u00e0 L.7233-2, R.7232-18 \u00e0 R.7232-24, D.7231-1 et D.7233-1 \u00e0 D.7233-5 :Vu l'arr\u00eat\u00e9 du ministre de l'int\u00e9rieur et des outre-mer du 30 janvier 2024 nommant Mme SophieBOUDOT, attach\u00e9e d'administration hors classe de l'\u00e9tat, directrice d\u00e9partementale, de l'emploi, dutravail et des solidarit\u00e9s du Gard, \u00e0 compter du 19 f\u00e9vrier 2024 ;Vu l'arr\u00eat\u00e9 du 19 f\u00e9vrier 2024 donnant d\u00e9l\u00e9gation de signature \u00e0 Madame Sophie BOUDOT, directriced\u00e9partementale de l'emploi, du travail et des solidarit\u00e9s du Gard ;Vu l'arr\u00eat\u00e9 du 17 f\u00e9vrier 2026 portant subd\u00e9l\u00e9gation aux agents de la direction d\u00e9partementale del'emploi, du travail et des solidarit\u00e9s ;Vu la circulaire DGE du 03 janvier 2025 relative aux activit\u00e9s de services \u00e0 la personne : d\u00e9claration etagr\u00e9ment des organismes de services \u00e0 la personne ;\nConstate :Qu'une d\u00e9claration d'activit\u00e9s de services \u00e0 la personne a \u00e9t\u00e9 d\u00e9pos\u00e9e aupr\u00e8s de la directiond\u00e9partementale de l'emploi, du travail et des solidarit\u00e9s, le 26/02/2026, par Monsieur MESSERERLogan en qualit\u00e9 de responsable, pour l'organisme MESSERER Logan (nom commercial: LMELECTRICITE & JARDIN) Siret N\u00b010052092300010 dont l'\u00e9tablissement principal est situ\u00e9 au 2 routede Lezan, 30140 Massillargues-Attuech et enregistr\u00e9e sous le n\u00b0 SAP 100520923 ;Que cette d\u00e9claration est assortie d'une demande de dispense de la condition d'activit\u00e9 exclusive ;Que les activit\u00e9s d\u00e9clar\u00e9es en mode prestataire sont les suivantes :o Petits travaux de jardinageo Travaux de petit bricolageToute modification concernant les activit\u00e9s exerc\u00e9es devra faire l'objet d'une d\u00e9claration modificativepr\u00e9alable.Sous r\u00e9serve d'\u00eatre exerc\u00e9es \u00e0 titre exclusif ou du respect des conditions de d\u00e9rogation del'activit\u00e9 exclusive (pr\u00e9vues aux articles 1 et 2 du d\u00e9cret 25 juillet 2024), ces activit\u00e9s ouvrent droitau b\u00e9n\u00e9fice des dispositions des articles L. 7233-2 du code du travail et L. 241-10 du code de las\u00e9curit\u00e9 sociale dans les conditions pr\u00e9vues par ces articles.Les effets de la d\u00e9claration courent \u00e0 compter du jour du d\u00e9p\u00f4t de la d\u00e9claration sous r\u00e9serve des\nMas de l'Agriculture - 1120 route de Saint Gilles - BP 39081 - 30972 NIMES CEDEX 9T\u00e9l : 04 30 08 61 20 Fax : 04 30 08 61 21 www.gard.gouv.fr\nDirection d\u00e9partementale de l'emploi, du travail et des solidarit\u00e9s  - 30-2026-03-27-00005 - R\u00e9c\u00e9piss\u00e9 d\u00e9claration services \u00e0 la\npersonne MESSERER Logan LM ELECTRICITE & JARDIN 26022026 \u00e0 Massillargues-Attuech 13\ndispositions de l'article R.7232-18 du code du travail.Le pr\u00e9sent r\u00e9c\u00e9piss\u00e9 est \u00e0 port\u00e9e nationale et n'est pas limit\u00e9 dans le temps, a l'exception desactivit\u00e9s relevant de l'agr\u00e9ment dont les effets sont limit\u00e9s \u00e0 5 ans.L'enregistrement de la d\u00e9claration peut \u00eatre retir\u00e9 dans les conditions fix\u00e9es aux articles R.7232-20 \u00e0R.7232-22 du code du travail.Le pr\u00e9sent r\u00e9c\u00e9piss\u00e9 sera publi\u00e9 au recueil des actes administratifs de la pr\u00e9fecture du Gard.Voies de recours :La pr\u00e9sente d\u00e9cision peut, \u00e0 compter de sa publication, faire l'objet d'un recours gracieux aupr\u00e8s de laDirection D\u00e9partementale de l'Emploi, du Travail et des Solidarit\u00e9s- Mas de l'Agriculture \u2014 1120 routede Saint Gilles \u2014 BP 39081 \u2014 30972 NIMES CEDEX 9 ou d'un recours hi\u00e9rarchique adress\u00e9 auministre charg\u00e9 de l'\u00e9conomie - Direction g\u00e9n\u00e9rale des entreprises - sous-direction des servicesmarchands, 6, rue Louise Weiss, 75703 Paris cedex13.Elle peut \u00e9galement faire l'objet d'un recours contentieux dans un d\u00e9lai de deux mois \u00e0 compter de sapublication aupr\u00e8s du Tribunal administratif de N\u00eemes - 16 avenue Feuch\u00e8res - 30000 N\u00eemes.Le tribunal administratif peut \u00eatre saisi par l'application informatique \u00ab T\u00e9l\u00e9recours citoyen \u00bbaccessible sur le site internet www.telerecours.fr.En cas de rejet du recours gracieux ou hi\u00e9rarchique ou en l'absence de r\u00e9ponse a ce recours (rejetimplicite), un recours contentieux devant le tribunal administratif peut \u00e9galement \u00eatre form\u00e9 contre lad\u00e9cision initiale dans un d\u00e9lai de deux mois \u00e0 compter de ce rejet.Fait \u00e0 N\u00eemes, le 27 mars 2026\nPour la Directrice D\u00e9partementale del'Emploi. du Travail et des Solidarit\u00e9sdu Gard et par d\u00e9l\u00e9gation, \u2014La responsable du service emploi etinsertion professionnelleCF Isabelle REVOL\nDirection d\u00e9partementale de l'emploi, du travail et des solidarit\u00e9s  - 30-2026-03-27-00005 - R\u00e9c\u00e9piss\u00e9 d\u00e9claration services \u00e0 la\npersonne MESSERER Logan LM ELECTRICITE & JARDIN 26022026 \u00e0 Massillargues-Attuech 14\nDirection d\u00e9partementale de l'emploi, du travail\net des solidarit\u00e9s \n30-2026-04-02-00008\nR\u00e9c\u00e9piss\u00e9 d\u00e9claration services \u00e0 la personne\nVERGOTE Yoann 25022026 \u00e0 Saint Julien de\nPeyrolas\nDirection d\u00e9partementale de l'emploi, du travail et des solidarit\u00e9s  - 30-2026-04-02-00008 - R\u00e9c\u00e9piss\u00e9 d\u00e9claration services \u00e0 la\npersonne VERGOTE Yoann 25022026 \u00e0 Saint Julien de Peyrolas 15\nExPREFET Direction D\u00e9partementaleDU GARD de l'Emploi, du Travail et des Solidarit\u00e9sLibert\u00e9Egalit\u00e9Fraternit\u00e9\nR\u00e9c\u00e9piss\u00e9 de d\u00e9claration n\u00b0 30-2026-04-02-n\u00b0d'un organisme de services \u00e0 la personneenregistr\u00e9 sous le n\u00b0 SAP 917633133Le pr\u00e9fet du GardChevalier de la L\u00e9gion d'HonneurOfficier de l'Ordre National du M\u00e9riteVu le code du travail et notamment les articles L.7231-1 \u00e0 L.7233-2, R.7232-18 \u00e0 R.7232-24, D.7231-1 et D.7233-1 \u00e0 D.7233-5 ;Vu l'arr\u00eat\u00e9 du ministre de l'Int\u00e9rieur et des outre-mer du 30 janvier 2024 nommant Mme SophieBOUDOT, attach\u00e9e d'administration hors classe de l'\u00e9tat, directrice d\u00e9partementale, de l'emploi, dutravail et des solidarit\u00e9s du Gard, \u00e0 compter du 19 f\u00e9vrier 2024 ;Vu l'arr\u00eat\u00e9 du 19 f\u00e9vrier 2024 donnant d\u00e9l\u00e9gation de signature \u00e0 Madame Sophie BOUDOT, directriced\u00e9partementale de l'emploi, du travail et des solidarit\u00e9s du Gard ;Vu l'arr\u00eat\u00e9 du 17 f\u00e9vrier 2026 portant subd\u00e9l\u00e9gation aux agents de la direction d\u00e9partementale del'emploi, du travail et des solidarit\u00e9s ;Vu la circulaire DGE du 03 janvier 2025 relative aux activit\u00e9s de services \u00e0 la personne : d\u00e9claration etagr\u00e9ment des organismes de services \u00e0 la personne ;Constate :Qu'une d\u00e9claration d'activit\u00e9s de services \u00e0 la personne a \u00e9t\u00e9 d\u00e9pos\u00e9e aupr\u00e8s de la directiond\u00e9partementale de l'emploi, du travail et des solidarit\u00e9s, le 25 f\u00e9vrier 2026, par Monsieur VERGOTEYoann en qualit\u00e9 de responsable, pour l'organisme VERGOTE Yoann Siret N\u00b091763313300025 dontl'\u00e9tablissement principal est situ\u00e9 au 2998 route de Barjac, 30760 Saint-Julien-de-Peyrolas etenregistr\u00e9e sous le n\u00b0 SAP 917633133 ;Que l'activit\u00e9 d\u00e9clar\u00e9e en mode prestataire est la suivante :o Entretien de la maison et travaux m\u00e9nagersToute modification concernant les activit\u00e9s exerc\u00e9es devra faire l'objet d'une d\u00e9claration modificativepr\u00e9alable.Sous r\u00e9serve d'\u00eatre exerc\u00e9es \u00e0 titre exclusif (ou sous r\u00e9serve d'une comptabilit\u00e9 s\u00e9par\u00e9e pour lespersonnes morales dispens\u00e9es de cette condition), ces activit\u00e9s ouvrent droit au b\u00e9n\u00e9fice desdispositions des articles L. 7233-2 du code du travail et L. 241-10 du code de la s\u00e9curit\u00e9 sociale dansles conditions pr\u00e9vues par ces articles.Les effets de la d\u00e9claration courent \u00e0 compter du jour du d\u00e9p\u00f4t de la d\u00e9claration sous r\u00e9serve desdispositions de l'article R.7232-18 du code du travail.Le pr\u00e9sent r\u00e9c\u00e9piss\u00e9 est \u00e0 port\u00e9e nationale et n'est pas limit\u00e9 dans le temps, \u00e0 l'exception desactivit\u00e9s relevant de l'agr\u00e9ment dont les effets sont limit\u00e9s \u00e0 5 ans.\nMas de l'Agriculture - 1120 route de Saint Gilles - BP 39081 - 30972 NIMES CEDEX 9T\u00e9l : 04 30 08 61 20 Fax : 04 30 08 61 21 www.gard.gouv.fr\nDirection d\u00e9partementale de l'emploi, du travail et des solidarit\u00e9s  - 30-2026-04-02-00008 - R\u00e9c\u00e9piss\u00e9 d\u00e9claration services \u00e0 la\npersonne VERGOTE Yoann 25022026 \u00e0 Saint Julien de Peyrolas 16\nL'enregistrement de la d\u00e9claration peut \u00eatre retir\u00e9 dans les conditions fix\u00e9es aux articles R.7232-20 aR.7232-22 du code du travail.Le pr\u00e9sent r\u00e9c\u00e9piss\u00e9 sera publi\u00e9 au recueil des actes administratifs de la pr\u00e9fecture du Gard.Voies de recours :La pr\u00e9sente d\u00e9cision peut, \u00e0 compter de sa publication, faire l'objet d'un recours gracieux aupr\u00e8s de laDirection D\u00e9partementale de l'Emploi, du Travail et des Solidarit\u00e9s- Mas de l'Agriculture \u2014 1120 routede Saint Gilles \u2014 BP 39081 \u2014 30972 NIMES CEDEX 9 ou d'un recours hi\u00e9rarchique adress\u00e9 auministre charg\u00e9 de l'\u00e9conomie - Direction g\u00e9n\u00e9rale des entreprises - sous-direction des servicesmarchands, 6, rue Louise Weiss, 75703 Paris cedex13.Elle peut \u00e9galement faire l'objet d'un recours contentieux dans un d\u00e9lai de deux mois \u00e0 compter de sapublication aupr\u00e8s du Tribunal administratif de N\u00eemes - 16 avenue Feuch\u00e8res - 30000 N\u00eemes.Le tribunal administratif peut \u00eatre saisi par l'application informatique \u00ab T\u00e9l\u00e9recours citoyen \u00bbaccessible sur le site internet www.telerecours.fr. |En cas de rejet du recours gracieux ou hi\u00e9rarchique ou en l'absence de r\u00e9ponse a ce recours (rejetimplicite), un recours contentieux devant le tribunal administratif peut \u00e9galement \u00eatre form\u00e9 contre lad\u00e9cision initiale dans un d\u00e9lai de deux mois \u00e0 compter de ce rejet.\nFait \u00e0 N\u00eemes, le 02 avril 2026\nPour la Directrice D\u00e9partemeriale del'Emploi, du Travail et des Solidarit\u00e9sdu Gard et par d\u00e9l\u00e9gation, \u2014La responsable du service emploi etinsertion professionnelleIsabelle REVOL \"p-\u2014\nDirection d\u00e9partementale de l'emploi, du travail et des solidarit\u00e9s  - 30-2026-04-02-00008 - R\u00e9c\u00e9piss\u00e9 d\u00e9claration services \u00e0 la\npersonne VERGOTE Yoann 25022026 \u00e0 Saint Julien de Peyrolas 17","date":"2026-04-03","first_seen_on":"2026-04-03T16:15:33+00:00","id":"aa1e89bb5494b64a3bea71cf10dc560825c2923113cf55c1ffaa4604b61daad2","name":"recueil-30-2026-070-nominatifs normal direct du 03 04 2026","pdf_creation_date":"2026-04-03T14:32:51+00:00","pdf_modification_date":null,"timezone":"Europe/Paris","url":"https://www.gard.gouv.fr/contenu/telechargement/67535/496313/file/recueil-30-2026-070-nominatifs%20normal%20direct%20du%2003%2004%202026.pdf"}
