{"administration":"pref69","administration_name":"Pr\u00e9fecture du Rh\u00f4ne","content":"PR\u00c9F\u00c8TE\nDU RH\u00d4NE\nRECUEIL DES ACTES\nADMINISTRATIFS SP\u00c9CIAL\n(NOMINATIFS)\nN\u00b069-2025-292\nPUBLI\u00c9 LE 10 NOVEMBRE 2025\nSommaire\n69_Pr\u00e9f_Pr\u00e9fecture du Rh\u00f4ne / Direction de la Coordination des\nPolitiques Interminist\u00e9rielles\n69-2025-11-10-00001 - AP portant autorisation de signature pour\nl'engagement juridique et la liquidation des d\u00e9penses hors programme\n354 (3 pages) Page 3\n69-2025-11-10-00004 - AP portant d\u00e9l\u00e9gation de signature \u00e0 Monsieur\nLaurent Willeman, directeur d\u00e9partemental de l'emploi, du travail et des\nsolidarit\u00e9s du Rh\u00f4ne (5 pages) Page 7\n69-2025-11-10-00002 - AP portant d\u00e9l\u00e9gation de signature pour les\nd\u00e9penses du programme 354 (4 pages) Page 13\n69-2025-11-10-00003 - AP portant d\u00e9l\u00e9gation de signature pour les\npi\u00e8ces comptables, les formules ex\u00e9cutoires et les validations r\u00f4le\nPr\u00e9fet (2 pages) Page 18\n2\n69_Pr\u00e9f_Pr\u00e9fecture du Rh\u00f4ne\n69-2025-11-10-00001\nAP portant autorisation de signature pour\nl'engagement juridique et la liquidation des\nd\u00e9penses hors programme 354\n69_Pr\u00e9f_Pr\u00e9fecture du Rh\u00f4ne - 69-2025-11-10-00001 - AP portant autorisation de signature pour l'engagement juridique et la\nliquidation des d\u00e9penses hors programme 354 3\nesPREFETEDU RHONELibert\u00e9Egalit\u00e9Fraternit\u00e9\nDirection de la coordination\ndes politiques interminist\u00e9rielles\nLyon, le 10 novembre 2025\nARR\u00caT\u00c9 PR\u00c9FECTORAL N\u00b0                                        \nportant autorisation de signature pour l'engagement juridique\net la liquidation des d\u00e9penses hors programme 354\nLA PR\u00c9F\u00c8TE DE LA R\u00c9GION AUVERGNE-RH\u00d4NE-ALPES,\nPR\u00c9F\u00c8TE DE LA ZONE DE D\u00c9FENSE ET DE S\u00c9CURIT\u00c9 SUD-EST,\nPR\u00c9F\u00c8TE DU RH\u00d4NE\nCommandeur de la L\u00e9gion d'honneur\nCommandeur de l'ordre national du M\u00e9rite\nVu la loi organique n\u00b0 2001-692 du 1er ao\u00fbt 2001 modifi\u00e9e relative aux lois de finances ;\nVu la loi d'orientation n\u00b0 92-125 du 6 f\u00e9vrier 1992 modifi\u00e9e relative \u00e0 l'administration territoriale de  \nla R\u00e9publique ; \nVu la loi n\u00b0 82-213 du 2 mars 1982 modifi\u00e9e relative aux droits et libert\u00e9s des communes, des  \nd\u00e9partements et des r\u00e9gions ; \nVu la loi n\u00b0 2015-29 du 16 janvier 2015 relative \u00e0 la d\u00e9limitation des r\u00e9gions, aux \u00e9lections r\u00e9gionales  \net d\u00e9partementales et modifiant le calendrier \u00e9lectoral ;\nVu le d\u00e9cret n\u00b0 2002-84 du 16 janvier 2002 modifi\u00e9 relatif aux pouvoirs des pr\u00e9fets de zone ;\nVu le d\u00e9cret n\u00b0 2004-374 du 29 avril 2004 modifi\u00e9 relatif aux pouvoirs des pr\u00e9fets, \u00e0 l'organisation et \n\u00e0 l'action des services de l'\u00c9tat dans les r\u00e9gions et d\u00e9partements ; \nVu  le  d\u00e9cret  n\u00b0  2012-1246  du  7  novembre  2012  relatif  \u00e0  la  gestion  budg\u00e9taire  et  comptable \npublique ;\nVu le d\u00e9cret n\u00b0 2015-510 du 7 mai 2015 portant charte de la d\u00e9concentration ;\nVu le d\u00e9cret du 11 janvier 2023 en conseil des ministres portant nomination de Mme Fabienne  \nBUCCIO en qualit\u00e9 de pr\u00e9f\u00e8te de la r\u00e9gion Auvergne-Rh\u00f4ne-Alpes, pr\u00e9f\u00e8te de la zone de d\u00e9fense et  \nde s\u00e9curit\u00e9 Sud-Est, pr\u00e9f\u00e8te du Rh\u00f4ne (hors classe) ;\nVu le proc\u00e8s-verbal d'installation de Mme Fabienne BUCCIO en qualit\u00e9 de pr\u00e9f\u00e8te de la r\u00e9gion  \nAuvergne-Rh\u00f4ne-Alpes, pr\u00e9f\u00e8te de la zone de d\u00e9fense et de s\u00e9curit\u00e9 Sud-Est, pr\u00e9f\u00e8te du Rh\u00f4ne, \u00e0  \ncompter du 30 janvier 2023 ;\nVu le d\u00e9cret du 15 mai 2025 portant nomination du pr\u00e9fet, secr\u00e9taire g\u00e9n\u00e9ral de la pr\u00e9fecture du  \nRh\u00f4ne, pr\u00e9fet d\u00e9l\u00e9gu\u00e9 pour l'\u00e9galit\u00e9 des chances aupr\u00e8s de la pr\u00e9f\u00e8te de la r\u00e9gion Auvergne-Rh\u00f4ne-\nAlpes, pr\u00e9f\u00e8te de la zone de d\u00e9fense et de s\u00e9curit\u00e9 Sud-Est, pr\u00e9f\u00e8te du Rh\u00f4ne - M. Fabrice ROSAY ;\nVu  les  d\u00e9cisions  pr\u00e9fectorales  portant  affectation  des  personnels  au  sein  des  services  de  la \npr\u00e9fecture ;\n1/3\n69_Pr\u00e9f_Pr\u00e9fecture du Rh\u00f4ne - 69-2025-11-10-00001 - AP portant autorisation de signature pour l'engagement juridique et la\nliquidation des d\u00e9penses hors programme 354 4\nSur proposition du pr\u00e9fet, secr\u00e9taire g\u00e9n\u00e9ral de la pr\u00e9fecture du Rh\u00f4ne ;\nARR\u00caTE\nArticle 1     :   Dans le cadre de la gestion des cr\u00e9dits pour lesquels la pr\u00e9f\u00e8te du d\u00e9partement du Rh\u00f4ne \nest ordonnateur secondaire, et dans le strict cadre de leurs attributions, d\u00e9l\u00e9gation est donn\u00e9e  \npour la signature des bons et des lettres de commandes (engagements juridiques), la constatation  \ndu  service  fait  et  l'\u00e9tablissement  de  certificats  administratifs  n\u00e9cessaires  \u00e0  certaines  mises  en \npaiement :\n\u2022 Pour un montant limit\u00e9 \u00e0 8 000 euros par commande     :  \n\u25e6 \u00e0 Mme Lucie RIGAUX , directrice des affaires juridiques et de l'administration locale,  \npour les affaires juridiques et contentieuses (programme 216-6) et  pour les op\u00e9rations  \nfinanci\u00e8res  li\u00e9es  \u00e0  l'organisation  des  \u00e9lections  politiques  (programme  232)  et  \nprofessionnelles.\nEn  cas  d'absence  ou  d'emp\u00eachement  de  Mme  Lucie  RIGAUX,  d\u00e9l\u00e9gation  est  donn\u00e9e  \u00e0 \nM. Thibault  PICHON-MATHIEU,  attach\u00e9,  chef  du  p\u00f4le  juridique  et  documentaire,  pour  le  \nprogramme 216-6.\n\u25e6 \u00e0 M. Ernest MOUTOUSSAMY, directeur de la s\u00e9curit\u00e9 et de la protection civile, pour les  \nprogrammes  161,  207  (commissions  m\u00e9dicales,  d\u00e9marches  interminist\u00e9rielles  et  \ncommunication) et 216 (affaires juridiques et contentieuses des expulsions locatives).\nEn cas d'absence ou d'emp\u00eachement de M. Ernest MOUTOUSSAMY, d\u00e9l\u00e9gation est donn\u00e9e \u00e0 \nM. Emmanuel BERNE, ing\u00e9nieur divisionnaire, chef du service interminist\u00e9riel de d\u00e9fense et de  \nprotection civiles, pour le programme 161 et \u00e0 M.  Richard WILPOTTE, attach\u00e9 principal, chef du  \nbureau des polices administratives pour les programmes 207 et 216.\n\u25e6 \u00e0  Mme  Maud  BESSON,  directrice  des  migrations  et  de  l'int\u00e9gration  pour  les  \nprogrammes  104  (int\u00e9gration  et  acc\u00e8s  \u00e0  la  nationalit\u00e9  fran\u00e7aise),  216-6  (affaires \njuridiques et contentieuses) et 303 (immigration et asile).\nEn cas d'absence ou d'emp\u00eachement de Mme Maud BESSON, d\u00e9l\u00e9gation est donn\u00e9e \u00e0 Mme \nMaryke LE MOGNE, attach\u00e9e principale, directrice adjointe des migrations et de l'int\u00e9gration, pour  \nles programmes 104, 216-6 et 303, \u00e0 M me Anna EUZET, attach\u00e9e principale,  cheffe du bureau de  \nl'asile et de l'h\u00e9bergement - guichet unique des demandeurs d'asile de Lyon, pour les programmes  \n104 et 303, et \u00e0 M. Patrick LAFABRIER, attach\u00e9 principal, chef du bureau des affaires g\u00e9n\u00e9rales et du \ncontentieux, pour le programme 216-6.\n\u2022 Pour un montant limit\u00e9 \u00e0 4 000 euros     par commande     :  \n\u25e6 Pour la direction des affaires juridiques et de l'administration locale :\n\u25aa \u00e0 M. Jamal BENZIK , attach\u00e9 principal, chef du bureau des r\u00e9glementations, des  \n\u00e9lections et des associations, pour le programme 232.\nEn cas d'absence ou d'emp\u00eachement de M. Jamal BENZIK, d\u00e9l\u00e9gation est donn\u00e9e \u00e0 Mme  \nDelphine LOPEZ-PERSAT, attach\u00e9e, adjointe au chef de bureau, pour un montant limit\u00e9 \u00e0 800 euros.\n\u25aa \u00e0 M. Thibault PICHON-MATHIEU , attach\u00e9, chef du p\u00f4le juridique et documentaire,  \npour le programme 216-6.\n2/3\n69_Pr\u00e9f_Pr\u00e9fecture du Rh\u00f4ne - 69-2025-11-10-00001 - AP portant autorisation de signature pour l'engagement juridique et la\nliquidation des d\u00e9penses hors programme 354 5\n\u2022 Pour un montant limit\u00e9 \u00e0 800 euros par commande     :  \n\u25e6 Pour la direction de la s\u00e9curit\u00e9 et de la protection civile :\n\u25aa \u00e0 Mme Carole ZMYSLONY, attach\u00e9e, cheffe du bureau de la s\u00e9curit\u00e9 routi\u00e8re, pour  \nle programme 207 (s\u00e9curit\u00e9 routi\u00e8re).\n\u25aa \u00e0 Mme Marie PAUGET , attach\u00e9e, cheffe du bureau pr\u00e9vention, pour le programme  \n161.\n\u25aa \u00e0  M.  Richard  WILPOTTE ,  attach\u00e9  principal,  chef  du  bureau  des  polices  \nadministratives,  pour  les  programmes  207  (commissions  m\u00e9dicales,  d\u00e9marches \ninterminist\u00e9rielles et communication) et 216 (affaires juridiques et contentieuses des \nexpulsions locatives).\n\u25aa Mme  Alice  TARDY, attach\u00e9e,  adjoin te  au  chef  de  bureau,  chef  de  la  section \nr\u00e9glementation \u00e0 caract\u00e8re s\u00e9curitaire, pour les programmes 207 et 216.\n\u25aa \u00e0 Mme C\u00e9cile DAFFIX , secr\u00e9taire administrative de classe exceptionnelle, cheffe de  \nla section r\u00e9glementation routi\u00e8re, pour les programmes 207 et 216.\n\u2022 Pour la constatation du service fait en ce qui concerne les d\u00e9penses d'honoraires d'avocats  \nsur le programme 216 action 6 (affaires juridiques et contentieuses)\nEn cas d'absence ou d'emp\u00eachement de Mme Maud BESSON, d\u00e9l\u00e9gation est donn\u00e9e \u00e0 Mme  \nMaryke  LE  MOGNE,  attach\u00e9e  principale,  directrice  adjointe  des  migrations  et  de  l'int\u00e9gration, \nM. Patrick LAFABRIER, attach\u00e9 principal, chef du bureau des affaires g\u00e9n\u00e9rales et du contentieux, \u00e0  \nM.  Alexandre  FOREL,  attach\u00e9,  adjoint  au  chef  de  bureau,  chef  de  la  section  contentieux,  \u00e0 \nMme Val\u00e9rie IKANDAKPEYE, secr\u00e9taire administrative de classe sup\u00e9rieure, \u00e0 M. Bruno COLLET,  \nadjoint administratif, et \u00e0 M. Philippe ALCARAZ, adjoint administratif.\nArticle  2  : Le  pr\u00e9sent  arr\u00eat\u00e9  peut  faire  l'objet  d'un  recours  contentieux  devant  le  tribunal \nadministratif  de  Lyon  dans  un  d\u00e9lai  de  deux  mois  \u00e0  compter  de  sa  publication.  Le  tribunal \nadministratif peut \u00eatre saisi d'une requ\u00eate d\u00e9pos\u00e9e sur le site www.telerecours.fr.\nArticle 3 :  Le pr\u00e9fet, secr\u00e9taire g\u00e9n\u00e9ral de la pr\u00e9fecture, pr\u00e9fet d\u00e9l\u00e9gu\u00e9 pour l'\u00e9galit\u00e9 des chances,  \nest charg\u00e9 de l'ex\u00e9cution du pr\u00e9sent arr\u00eat\u00e9 qui sera publi\u00e9 au recueil des actes administratifs de la  \npr\u00e9fecture du Rh\u00f4ne.\n3/3\nLa Pr\u00e9f\u00e8te,\nSign\u00e9 : Fabienne BUCCIO\n69_Pr\u00e9f_Pr\u00e9fecture du Rh\u00f4ne - 69-2025-11-10-00001 - AP portant autorisation de signature pour l'engagement juridique et la\nliquidation des d\u00e9penses hors programme 354 6\n69_Pr\u00e9f_Pr\u00e9fecture du Rh\u00f4ne\n69-2025-11-10-00004\nAP portant d\u00e9l\u00e9gation de signature \u00e0 Monsieur\nLaurent Willeman, directeur d\u00e9partemental de\nl'emploi, du travail et des solidarit\u00e9s du Rh\u00f4ne\n69_Pr\u00e9f_Pr\u00e9fecture du Rh\u00f4ne - 69-2025-11-10-00004 - AP portant d\u00e9l\u00e9gation de signature \u00e0 Monsieur Laurent Willeman, directeur\nd\u00e9partemental de l'emploi, du travail et des solidarit\u00e9s du Rh\u00f4ne 7\nesPREFETEDU RHONELibert\u00e9Egalit\u00e9Fraternit\u00e9\nDirection de la coordination\ndes politiques interminist\u00e9rielles\nLyon, le 10 novembre 2025\nARR\u00caT\u00c9 PR\u00c9FECTORAL N\u00b0                                        \nportant d\u00e9l\u00e9gation de signature \u00e0 Monsieur Laurent WILLEMAN, \ndirecteur d\u00e9partemental de l'emploi, du travail et des solidarit\u00e9s du Rh\u00f4ne\nLA PR\u00c9F\u00c8TE DE LA R\u00c9GION AUVERGNE-RH\u00d4NE-ALPES,\nPR\u00c9F\u00c8TE DE LA ZONE DE D\u00c9FENSE ET DE S\u00c9CURIT\u00c9 SUD-EST,\nPR\u00c9F\u00c8TE DU RH\u00d4NE\nCommandeur de la L\u00e9gion d'honneur\nCommandeur de l'ordre national du M\u00e9rite\nVu le code de l'action sociale et des familles ;\nVu le code de la sant\u00e9 publique ;\nVu le code du travail ;\nVu le code de la s\u00e9curit\u00e9 sociale ;\nVu le code du tourisme ;\nVu le code de la construction et de l'habitation ;\nVu le code de la commande publique ;\nVu le code des relations entre le public et l'administration ;\nVu la loi organique n\u00b0 2001-692 du 1er ao\u00fbt 2001 modifi\u00e9e relative aux lois de finances ;\nVu la loi d'orientation n\u00b0 92-125 du 6 f\u00e9vrier 1992 modifi\u00e9e relative \u00e0 l'administration territoriale de  \nla R\u00e9publique, notamment ses articles 4 et 6 ; \nVu le d\u00e9cret n\u00b0 99-89 du 8 f\u00e9vrier 1999 modifi\u00e9 pris pour l'application de l'article 3 du d\u00e9cret n\u00b0 98-\n81 du 11 f\u00e9vrier 1998 modifiant la loi n\u00b0 68-1250 du 31 d\u00e9cembre 1968 relative \u00e0 la prescription des  \ncr\u00e9ances sur l'\u00c9tat, les d\u00e9partements, les communes et les \u00e9tablissements publics et relatif aux  \nd\u00e9cisions prises par l'\u00c9tat en mati\u00e8re de prescription quadriennale ;\nVu le d\u00e9cret n\u00b0 2004-374 du 29 avril 2004 modifi\u00e9 relatif aux pouvoirs des pr\u00e9fets, \u00e0 l'organisation et \n\u00e0 l'action des services de l'\u00c9tat dans les r\u00e9gions et d\u00e9partements ;\nVu le d\u00e9cret n\u00b0 2009-1484 du 3 d\u00e9cembre 2009 modifi\u00e9 relatif aux directions d\u00e9partementales  \ninterminist\u00e9rielles ;\n1/5\n69_Pr\u00e9f_Pr\u00e9fecture du Rh\u00f4ne - 69-2025-11-10-00004 - AP portant d\u00e9l\u00e9gation de signature \u00e0 Monsieur Laurent Willeman, directeur\nd\u00e9partemental de l'emploi, du travail et des solidarit\u00e9s du Rh\u00f4ne 8\nVu le d\u00e9cret n\u00b0 2015-1689 du 17 d\u00e9cembre 2015 modifi\u00e9 portant diverses mesures d'organisation et  \nde fonctionnement dans les r\u00e9gions de l'administration territoriale de l'\u00c9tat et de commissions  \nadministratives ;\nVu le d\u00e9cret n\u00b0 2020-99 du 7 f\u00e9vrier 2020 relatif \u00e0 l'organisation et aux missions des secr\u00e9tariats  \ng\u00e9n\u00e9raux communs d\u00e9partementaux ;\nVu le d\u00e9cret n\u00b0 2020-1545 du 9 d\u00e9cembre 2020 relatif \u00e0 l'organisation et aux missions des directions \nr\u00e9gionales de l'\u00e9conomie, de l'emploi et du travail et des solidarit\u00e9s, des directions d\u00e9partementales \nde l'emploi, du travail et des solidarit\u00e9s et des directions d\u00e9partementales de l'emploi, du travail,  \ndes solidarit\u00e9s et de la protection des populations ;\nVu l'arr\u00eat\u00e9 du Premier Ministre du 31 mars 2011 modifi\u00e9 portant d\u00e9concentration des d\u00e9cisions  \nrelatives  \u00e0  la  situation  individuelle  des  fonctionnaires  et  agents  non  titulaires  exer\u00e7ant  leurs \nfonctions dans les directions d\u00e9partementales interminist\u00e9rielles ;\nVu le d\u00e9cret du 11 janvier 2023 en conseil des ministres portant nomination de Mme Fabienne  \nBUCCIO en qualit\u00e9 de pr\u00e9f\u00e8te de la r\u00e9gion Auvergne-Rh\u00f4ne-Alpes, pr\u00e9f\u00e8te de la zone de d\u00e9fense et  \nde s\u00e9curit\u00e9 Sud-Est, pr\u00e9f\u00e8te du Rh\u00f4ne (hors classe) ;\nVu l'arr\u00eat\u00e9 pr\u00e9fectoral n\u00b0 69-2021-03-29-00004 du 29 mars 2021 portant organisation de la direction \nd\u00e9partementale de l'emploi, du travail et des solidarit\u00e9s (DDETS) du Rh\u00f4ne ;\nVu l'arr\u00eat\u00e9 de la Premi\u00e8re ministre et du ministre de l'int\u00e9rieur et des outre-mer en date du 4 ao\u00fbt  \n2023  portant  nomination  de  M.  Laurent  WILLEMAN  en  tant  que  directeur  d\u00e9partemental  de \nl'emploi, du travail et des solidarit\u00e9s du Rh\u00f4ne.\nVu le d\u00e9cret du 15 mai 2025 en conseil des ministres portant nomination de M. Fabrice ROSAY en  \nqualit\u00e9 de pr\u00e9fet, secr\u00e9taire g\u00e9n\u00e9ral de la pr\u00e9fecture du Rh\u00f4ne, pr\u00e9fet d\u00e9l\u00e9gu\u00e9 pour l'\u00e9galit\u00e9 des  \nchances aupr\u00e8s de la pr\u00e9f\u00e8te de la r\u00e9gion Auvergne-Rh\u00f4ne-Alpes, pr\u00e9f\u00e8te de la zone de d\u00e9fense et  \nde s\u00e9curit\u00e9 Sud-Est, pr\u00e9f\u00e8te du Rh\u00f4ne ;\nSur proposition du pr\u00e9fet secr\u00e9taire g\u00e9n\u00e9ral, pr\u00e9fet d\u00e9l\u00e9gu\u00e9 \u00e0 l'\u00e9galit\u00e9 des chances ;\nARR\u00caTE\nArticle 1 : D\u00e9l\u00e9gation est donn\u00e9e \u00e0 M. Laurent WILLEMAN, directeur d\u00e9partemental de l'emploi, du \ntravail  et  des  solidarit\u00e9s  du  Rh\u00f4ne,  \u00e0  l'effet  de  signer  l'ensemble  des  actes  d'administration, \nd\u00e9cisions,  arr\u00eat\u00e9s,  correspondances  et  documents  relevant  des  attributions  de  son  service  se \nrapportant aux attributions suivantes :\n1 - Administration g\u00e9n\u00e9rale\nA CONGES ET AUTORISATIONS SPECIALES D'ABSENCE\nA-1 Octroi des cong\u00e9s annuels et des jours d'ARTT\nA-2 Utilisation des cong\u00e9s accumul\u00e9s sur un compte \u00e9pargne temps\nA-3 Octroi et renouvellement des cong\u00e9s pour invalidit\u00e9 temporaire imputable au service  \n(CITIS)\nA-4 Octroi des cong\u00e9s de formation professionnelle, pour validation des acquis de \nl'exp\u00e9rience et pour bilan de comp\u00e9tence\nA-5 Octroi des cong\u00e9s pour formation syndicale\nA-6 Octroi  des  cong\u00e9s  pour  formation  en  mati\u00e8re  d'hygi\u00e8ne  et  de  s\u00e9curit\u00e9  pour  les \nrepr\u00e9sentants du personnel si\u00e9geant au CHSCT\n2/5\n69_Pr\u00e9f_Pr\u00e9fecture du Rh\u00f4ne - 69-2025-11-10-00004 - AP portant d\u00e9l\u00e9gation de signature \u00e0 Monsieur Laurent Willeman, directeur\nd\u00e9partemental de l'emploi, du travail et des solidarit\u00e9s du Rh\u00f4ne 9\nA-7 Octroi des cong\u00e9s de repr\u00e9sentation d'une association ou d'une mutuelle\nA-8 Cong\u00e9s bonifi\u00e9s\nB GESTION DU PERSONNEL\nB-1 Exercice d'une activit\u00e9 accessoire dans le cadre d'un cumul d'activit\u00e9\nB-2 Autorisation d'exercer les fonctions \u00e0 temps partiel sur autorisation\nB-3 D\u00e9cision d'autorisation de retour dans l'exercice des fonctions \u00e0 temps plein\nB-4 D\u00e9cision d'autorisation d'exercice des missions dans le cadre du t\u00e9l\u00e9travail\nB-5 L'imputabilit\u00e9 au service des accidents de travail et des maladies professionnelles et  \ncertificats de prise en charge des accidents de service\nB-6 Sanctions disciplinaires du 1er groupe\nB-7 \u00c9laboration et modification du r\u00e8glement int\u00e9rieur\nB-8 Attribution des astreintes et de leur r\u00e9mun\u00e9ration\nB-9 D\u00e9cisions individuelles pour le r\u00e9gime indemnitaire\nB-10 D\u00e9cisions d'affectation \u00e0 un poste de travail au sein de la structure\nB-11 D\u00e9cisions de recrutement de personnel contractuel ou vacataire \nB-12 D\u00e9cisions de recrutement des stagiaires, apprentis, services civiques \nB-13 Constitution du comit\u00e9 technique (CT) et du comit\u00e9 d'hygi\u00e8ne, de s\u00e9curit\u00e9 et des  \nconditions de travail (CHSCT) et compte-rendu des r\u00e9unions\nB-14 Permanence du service public : fixation des listes d'agents dont l'activit\u00e9 ne peut \u00eatre  \ninterrompue  sans  compromettre  gravement  la  s\u00e9curit\u00e9  des  personnes  et  des \ninstallations, d\u00e9cisions individuelles de r\u00e9quisition\nC DIVERS\nC-1 \u00c9tablissement  et  signature  des  cartes  d'identit\u00e9  de  fonctionnaires  et  des  cartes \nprofessionnelles  \u00e0  l'exclusion  de  celles  qui  permettent  d'exercer  des  contr\u00f4les  \u00e0 \nl'ext\u00e9rieur du d\u00e9partement\nC-2 Autorisation d'enseignement\nC-3 \u00c9tablissement des ordres de mission\nC-4 D\u00e9livrance des autorisations de conduire des v\u00e9hicules de l'administration\nC-5 D\u00e9livrance  des  autorisations  d'utiliser  un  v\u00e9hicule  personnel  pour  les  besoins  du \nservice\nC-6 Autorisation de remisage des v\u00e9hicules de service\nLes actes concernant la situation individuelle des membres des corps de l'inspection du travail et  \ndes contr\u00f4leurs du travail affect\u00e9s \u00e0 la  direction d\u00e9partementale de l'emploi, du travail et des  \nsolidarit\u00e9s du Rh\u00f4ne rel\u00e8vent, quant \u00e0 eux, d'une convention  de d\u00e9l\u00e9gation de gestion entre le  \nminist\u00e8re du travail, de l'emploi et de l'insertion et le secr\u00e9tariat g\u00e9n\u00e9ral commun d\u00e9partemental  \ndu Rh\u00f4ne.\n2 - Les actes n\u00e9cessaires \u00e0 la conduite de la proc\u00e9dure budg\u00e9taire et \u00e0 la tarification pour les  \n\u00e9tablissements et services mentionn\u00e9s au 8\u00b0 du I de l'article L312-1 du code de l'action sociale et des \nfamilles (CASF) :\n\uf0b7 de notifier la d\u00e9cision d'autorisation budg\u00e9taire et de tarification pr\u00e9vue \u00e0 l'article R314-36  \ndu CASF ;\n\uf0b7 d'autoriser les frais de si\u00e8ge ;\n\uf0b7 d'approuver ou de rejeter les programmes d'investissements et leurs plans de financement  \nainsi que les emprunts dont la dur\u00e9e est sup\u00e9rieure \u00e0 un an (article R314-20 du CASF) ;\n3/5\n69_Pr\u00e9f_Pr\u00e9fecture du Rh\u00f4ne - 69-2025-11-10-00004 - AP portant d\u00e9l\u00e9gation de signature \u00e0 Monsieur Laurent Willeman, directeur\nd\u00e9partemental de l'emploi, du travail et des solidarit\u00e9s du Rh\u00f4ne 10\n\uf0b7 d'approuver le compte administratif de cl\u00f4ture pr\u00e9vu aux articles R314-49 \u00e0 R314-55 du  \nCASF ;\n\uf0b7 de prendre les mesures budg\u00e9taires, comptables et financi\u00e8res pr\u00e9vus au CASF dans le cas  \nde fermeture des \u00e9tablissements.\n3 - Tous les actes, documents administratifs, rapports, conventions, certificats relatifs aux missions  \nde  coh\u00e9sion  sociale,  de  d\u00e9veloppement  de  l'emploi,  d'insertion  sociale  et  professionnelle,  de \nl'acc\u00e8s et du maintien dans le logement :\n\u2022 3-1\u00b0  A  la  pr\u00e9vention  et  \u00e0  la  lutte  contre  les  exclusions,  \u00e0  la  protection  des  personnes \nvuln\u00e9rables, aux fonctions sociales du logement, \u00e0 l'inclusion des personnes en situation de  \nhandicap,  \u00e0  la  protection  de  l'enfance,  au  travail  social  et  \u00e0  l'intervention  sociale,  aux \nactions  sociales  et  \u00e9conomiques  de  la  politique  de  la  ville,  \u00e0  la  lutte  contre  les \ndiscriminations et \u00e0 la promotion de l'\u00e9galit\u00e9 des chances ; \n\u2022 3-2\u00b0  A  l'inspection  et  au  contr\u00f4le  des  conditions  d'accueil  et  de  fonctionnement  des \n\u00e9tablissements et services sociaux ;\n\u2022 3-3\u00b0 Au travail et notamment \u00e0 l'am\u00e9lioration de la qualit\u00e9 de l'emploi et des relations du  \ntravail, ainsi qu'aux missions d'inspection du travail ; \n\u2022 3-4\u00b0 A l'acc\u00e8s et au maintien dans l'emploi des personnes \u00e9loign\u00e9es du march\u00e9 du travail ; \n\u2022 3-5\u00b0 A l'anticipation et \u00e0 l'accompagnement des mutations \u00e9conomiques ; \n\u2022 3-6\u00b0 Au d\u00e9veloppement de l'emploi et des comp\u00e9tences ; \n\u2022 3-7\u00b0 Au d\u00e9veloppement de l'acc\u00e8s \u00e0 la formation professionnelle, \u00e0 l'apprentissage et aux  \nqualifications, dans le respect des exigences de qualit\u00e9. \n4 - Tous les actes, documents administratifs, rapports, conventions dans le champ de la politique du \ntravail qui rel\u00e8vent de la comp\u00e9tence du pr\u00e9fet du Rh\u00f4ne telle que d\u00e9finie \u00e0 l'article 43 du d\u00e9cret n\u00b0 \n2004-374 du 29 avril 2004 relatif aux pouvoirs des pr\u00e9fets, \u00e0 l'organisation et \u00e0 l'action des pr\u00e9fets et \nqui entrent dans les domaines suivants  : les salaires, le repos hebdomadaire, l'h\u00e9bergement du  \npersonnel, la n\u00e9gociation collective, les conflits collectifs, les agences de mannequins, l'emploi des  \nenfants  et  jeunes  de  moins  de  18  ans,  l'apprentissage  et  l'alternance,  le  placement  priv\u00e9,  la \npr\u00e9vention des risques li\u00e9s \u00e0 certaines activit\u00e9s ou op\u00e9rations.\n5 \u2013 Contentieux : toutes les requ\u00eates, d\u00e9f\u00e9r\u00e9s, m\u00e9moires, d\u00e9clinatoires de comp\u00e9tence aupr\u00e8s des  \ndiff\u00e9rentes  juridictions,  dans  le  cadre  des  contentieux  relatifs  des  missions  pour  lesquelles  M. \nLaurent WILLEMAN a re\u00e7u d\u00e9l\u00e9gation \u00e0 l'article 1.\nArticle 2 : Sont exclus de la pr\u00e9sente d\u00e9l\u00e9gation :\n\uf0b7 les actes \u00e0 port\u00e9e r\u00e9glementaire,\n\uf0b7 les actes d\u00e9favorables faisant grief \u00e0 des tiers lorsqu'ils rel\u00e8vent d'une appr\u00e9ciation discr\u00e9 -\ntionnaire, notamment les sanctions administratives, suspensions, annulations, retraits d'agr\u00e9-\nments ou d'autorisation ainsi que les d\u00e9cisions de refus, sauf s'ils rel\u00e8vent de la mise en  \n\u0153uvre des d\u00e9cisions prises par la commission de m\u00e9diation du Rh\u00f4ne, des dispositifs d 'acti-\nvit\u00e9 partielle et des d\u00e9cisions d'opposition \u00e0 l'engagement d'apprentis,\n\uf0b7 les arr\u00eat\u00e9s portant nomination de membres de commissions et comit\u00e9s d\u00e9partementaux,\n\uf0b7 les arr\u00eat\u00e9s d'ouverture d'enqu\u00eate publique et de tous arr\u00eat\u00e9s subs\u00e9quents,\n\uf0b7 les conventions de tous ordres avec des collectivit\u00e9s territoriales ou des \u00e9tablissements  \npublics engageant financi\u00e8rement l'\u00c9tat,\n\uf0b7 les instructions ou circulaires adress\u00e9es aux collectivit\u00e9s territoriales,\n\uf0b7 les r\u00e9ponses aux recours gracieux dans le cadre du contr\u00f4le de l\u00e9galit\u00e9.\nArticle  3  :  Dans  le  cadre  de  la  mutualisation  impliquant  la  mise  en  place  d'un  p\u00f4le  \ninterd\u00e9partemental de comp\u00e9tences, d\u00e9l\u00e9gation est donn\u00e9e \u00e0 l'eff et de signer les actes, d\u00e9cisions  \net documents \u00e0 :\n\u2022 Mme Sandrine DUCARUGE, directrice d\u00e9partementale de l'emploi, du travail, des solidarit\u00e9s \net de la protection des populations du Cantal, pour les d\u00e9cisions de remboursement de frais \nde d\u00e9placements des conseillers du salari\u00e9 (articles D.1232-7 et D.1232-8 du code du travail)  \n4/5\n69_Pr\u00e9f_Pr\u00e9fecture du Rh\u00f4ne - 69-2025-11-10-00004 - AP portant d\u00e9l\u00e9gation de signature \u00e0 Monsieur Laurent Willeman, directeur\nd\u00e9partemental de l'emploi, du travail et des solidarit\u00e9s du Rh\u00f4ne 11\net les d\u00e9cisions de remboursement aux employeurs des salaires maintenus aux conseillers du \nsalari\u00e9 pour l'exercice de leur mission (article L.1232-11 du code du travail).\nArticle 4  : M. Laurent WILLEMAN peut, sous sa responsabilit\u00e9, subd\u00e9l\u00e9guer sa signature aux agents  \nplac\u00e9s sous son autorit\u00e9 dans les conditions de la d\u00e9l\u00e9gation donn\u00e9e aux articles 1 et 2 du pr\u00e9sent  \narr\u00eat\u00e9.\nLes arr\u00eat\u00e9s portant subd\u00e9l\u00e9gation pris au titre du pr\u00e9sent article sont pr\u00e9sent\u00e9s au visa pr\u00e9alable du \npr\u00e9fet du Rh\u00f4ne.\nArticle 5  : M. Laurent WILLEMAN est habilit\u00e9 \u00e0 pr\u00e9senter, devant les juridictions administratives et  \njudiciaires, les observations orales de l'\u00c9tat.\nArticle  6 :  Le  pr\u00e9sent  arr\u00eat\u00e9  peut  faire  l'objet  d'un  recours  contentieux  devant  le  tribunal \nadministratif  de  Lyon  dans  un  d\u00e9lai  de  deux  mois  \u00e0  compter  de  sa  publication.  Le  tribunal \nadministratif peut \u00eatre saisi d'une requ\u00eate d\u00e9pos\u00e9e sur le site www.telerecours.fr.\nArticle 7 : Le pr\u00e9fet, secr\u00e9taire g\u00e9n\u00e9ral de la pr\u00e9fecture, pr\u00e9fet d\u00e9l\u00e9gu\u00e9 pour l'\u00e9galit\u00e9 des chances et \nle directeur d\u00e9partemental de l'emploi, du travail et des solidarit\u00e9s, sont charg\u00e9s, chacun en ce qui  \nles concerne, de l'ex\u00e9cution du pr\u00e9sent arr\u00eat\u00e9, qui sera publi\u00e9 au recueil des actes administratifs de  \nla pr\u00e9fecture du Rh\u00f4ne.\n5/5\nLa pr\u00e9f\u00e8te,\nSign\u00e9 : Fabienne BUCCIO\n69_Pr\u00e9f_Pr\u00e9fecture du Rh\u00f4ne - 69-2025-11-10-00004 - AP portant d\u00e9l\u00e9gation de signature \u00e0 Monsieur Laurent Willeman, directeur\nd\u00e9partemental de l'emploi, du travail et des solidarit\u00e9s du Rh\u00f4ne 12\n69_Pr\u00e9f_Pr\u00e9fecture du Rh\u00f4ne\n69-2025-11-10-00002\nAP portant d\u00e9l\u00e9gation de signature pour les\nd\u00e9penses du programme 354\n69_Pr\u00e9f_Pr\u00e9fecture du Rh\u00f4ne - 69-2025-11-10-00002 - AP portant d\u00e9l\u00e9gation de signature pour les d\u00e9penses du programme 354 13\nesPREFETEDU RHONELibert\u00e9Egalit\u00e9Fraternit\u00e9\nDirection de la coordination\ndes politiques interminist\u00e9rielles\nLyon, le 10 novembre 2025\nARR\u00caT\u00c9 PR\u00c9FECTORAL N\u00b0                                        \nportant d\u00e9l\u00e9gation de signature pour les d\u00e9penses du programme 354\nLA PR\u00c9F\u00c8TE DE LA R\u00c9GION AUVERGNE-RH\u00d4NE-ALPES,\nPR\u00c9F\u00c8TE DE LA ZONE DE D\u00c9FENSE ET DE S\u00c9CURIT\u00c9 SUD-EST,\nPR\u00c9F\u00c8TE DU RH\u00d4NE\nCommandeur de la L\u00e9gion d'honneur\nCommandeur de l'ordre national du M\u00e9rite\nVu la loi organique n\u00b0 2001-692 du 1er ao\u00fbt 2001 modifi\u00e9e relative aux lois de finances ;\nVu la loi d'orientation n\u00b0 92-125 du 6 f\u00e9vrier 1992 modifi\u00e9e relative \u00e0 l'administration territoriale de  \nla R\u00e9publique ;\nVu la loi n\u00b0 82-213 du 2 mars 1982 modifi\u00e9e relative aux droits et libert\u00e9s des communes, des  \nd\u00e9partements et des r\u00e9gions ;\nVu la loi n\u00b0 2015-29 du 16 janvier 2015 relative \u00e0 la d\u00e9limitation des r\u00e9gions, aux \u00e9lections r\u00e9gionales  \net d\u00e9partementales et modifiant le calendrier \u00e9lectoral ;\nVu le d\u00e9cret n\u00b0 2004-374 du 29 avril 2004 modifi\u00e9 relatif aux pouvoirs des pr\u00e9fets, \u00e0 l'organisation et \n\u00e0 l'action des services de l'\u00c9tat dans les r\u00e9gions et d\u00e9partements ;\nVu  le  d\u00e9cret  n\u00b0  2012-1246  du  7  novembre  2012  relatif  \u00e0  la  gestion  budg\u00e9taire  et  comptable \npublique ;\nVu le d\u00e9cret n\u00b0 2015-510 du 7 mai 2015 portant charte de la d\u00e9concentration ;\nVu  l'arr\u00eat\u00e9  du  23  d\u00e9cembre  2020  portant  nomination  de  directeurs  de  secr\u00e9tariats  g\u00e9n\u00e9raux \ncommuns d\u00e9partementaux ;\nVu le d\u00e9cret du 11 janvier 2023 en conseil des ministres portant nomination de Mme Fabienne  \nBUCCIO en qualit\u00e9 de pr\u00e9f\u00e8te de la r\u00e9gion Auvergne-Rh\u00f4ne-Alpes, pr\u00e9f\u00e8te de la zone de d\u00e9fense et  \nde s\u00e9curit\u00e9 Sud-Est, pr\u00e9f\u00e8te du Rh\u00f4ne (hors classe) ;\nVu le proc\u00e8s-verbal d'installation de Mme Fabienne BUCCIO en qualit\u00e9 de pr\u00e9f\u00e8te de la r\u00e9gion  \nAuvergne-Rh\u00f4ne-Alpes, pr\u00e9f\u00e8te de la zone de d\u00e9fense et de s\u00e9curit\u00e9 Sud-Est, pr\u00e9f\u00e8te du Rh\u00f4ne, \u00e0  \ncompter du 30 janvier 2023 \nVu les d\u00e9crets et les arr\u00eat\u00e9s portant nomination de :\n\u2022 M. Michel PAPAUD, pr\u00e9fet \u00e9valuateur,\n1/4\n69_Pr\u00e9f_Pr\u00e9fecture du Rh\u00f4ne - 69-2025-11-10-00002 - AP portant d\u00e9l\u00e9gation de signature pour les d\u00e9penses du programme 354 14\n\u2022 M. Fabrice ROSAY, pr\u00e9fet, secr\u00e9taire g\u00e9n\u00e9ral de la pr\u00e9fecture du Rh\u00f4ne, pr\u00e9fet d\u00e9l\u00e9gu\u00e9 pour \nl'\u00e9galit\u00e9 des chances aupr\u00e8s de la pr\u00e9f\u00e8te de la r\u00e9gion Auvergne-Rh\u00f4ne-Alpes, pr\u00e9f\u00e8te de la  \nzone de d\u00e9fense et de s\u00e9curit\u00e9 Sud-Est, pr\u00e9f\u00e8te du Rh\u00f4ne,\n\u2022 M. Antoine GUERIN, pr\u00e9fet d\u00e9l\u00e9gu\u00e9 pour la d\u00e9fense et la s\u00e9curit\u00e9,\n\u2022 M. Jean-Paul CELET, pr\u00e9fet, r\u00e9f\u00e9rent du plan national \"loup\",\n\u2022 M. Jehan-\u00c9ric WINCKLER, pr\u00e9fet d\u00e9l\u00e9gu\u00e9 charg\u00e9 d'une mission territoriale temporaire,\n\u2022 Mme Fran\u00e7oise NOARS, secr\u00e9taire g\u00e9n\u00e9rale pour les affaires r\u00e9gionales,\n\u2022 M. Lucas TURGIS, directeur de cabinet de la pr\u00e9f\u00e8te de la r\u00e9gion Auvergne-Rh\u00f4ne-Alpes,  \npr\u00e9f\u00e8te de la zone de d\u00e9fense et de s\u00e9curit\u00e9 Sud-Est, pr\u00e9f\u00e8te du Rh\u00f4ne,\n\u2022 M. Jean-Marc GALLAND, sous-pr\u00e9fet de l'arrondissement de Villefranche-sur-Sa\u00f4ne,\n\u2022 Mme Judith HUSSON, sous-pr\u00e9f\u00e8te charg\u00e9e de mission aupr\u00e8s de la pr\u00e9f\u00e8te de la r\u00e9gion  \nAuvergne-Rh\u00f4ne-Alpes, pr\u00e9f\u00e8te de la zone de d\u00e9fense et de s\u00e9curit\u00e9 Sud-Est, pr\u00e9f\u00e8te du  \nRh\u00f4ne,\n\u2022 Mme Charlotte CREPON, sous-pr\u00e9f\u00e8te charg\u00e9e de mission aupr\u00e8s de la pr\u00e9f\u00e8te de la r\u00e9gion  \nAuvergne-Rh\u00f4ne-Alpes, pr\u00e9f\u00e8te de la zone de d\u00e9fense et de s\u00e9curit\u00e9 Sud-Est, pr\u00e9f\u00e8te du  \nRh\u00f4ne,\n\u2022 Mme Anne LAYBOURNE, sous-pr\u00e9f\u00e8te charg\u00e9e de mission aupr\u00e8s de la pr\u00e9f\u00e8te de la r\u00e9gion  \nAuvergne-Rh\u00f4ne-Alpes, pr\u00e9f\u00e8te de la zone de d\u00e9fense et de s\u00e9curit\u00e9 Sud-Est, pr\u00e9f\u00e8te du  \nRh\u00f4ne,\n\u2022 M. Pierre BARRUEL, commissaire \u00e0 la lutte contre la pauvret\u00e9 aupr\u00e8s de la pr\u00e9f\u00e8te de la  \nr\u00e9gion Auvergne-Rh\u00f4ne-Alpes, pr\u00e9f\u00e8te de la zone de d\u00e9fense et de s\u00e9curit\u00e9 Sud-Est, pr\u00e9f\u00e8te  \ndu Rh\u00f4ne ;\nSur proposition du pr\u00e9fet, secr\u00e9taire g\u00e9n\u00e9ral de la pr\u00e9fecture du Rh\u00f4ne ;\nARR\u00caTE\nArticle 1 : Dans le cadre de la gestion des cr\u00e9dits du programme 354 \u00ab Administration territoriale de \nl'\u00c9tat \u00bb,  pour  lesquels  le  pr\u00e9fet  du  d\u00e9partement  du  Rh\u00f4ne  est  ordonnateur  secondaire  et  la \ndirectrice du secr\u00e9tariat g\u00e9n\u00e9ral commun d\u00e9partemental du Rh\u00f4ne est ordonnateur secondaire  \nd\u00e9l\u00e9gu\u00e9, d\u00e9l\u00e9gation est donn\u00e9e pour la signature des bons et des lettres de commandes, contrats  \net march\u00e9s (engagements juridiques), la constatation du service fait et l'\u00e9tablissement de tous  \ncertificats  n\u00e9cessaires  \u00e0  certaines  demandes  de  paiement  imput\u00e9es  sur  le  centre  de  co\u00fbt \nPRFPRFT069 \u00e0 :\n\u2022 M. Fabrice ROSAY, pr\u00e9fet, secr\u00e9taire g\u00e9n\u00e9ral de la pr\u00e9fecture du Rh\u00f4ne, pr\u00e9fet d\u00e9l\u00e9gu\u00e9 pour \nl'\u00e9galit\u00e9 des chances aupr\u00e8s de la pr\u00e9f\u00e8te de la r\u00e9gion Auvergne-Rh\u00f4ne-Alpes, pr\u00e9f\u00e8te de la  \nzone de d\u00e9fense et de s\u00e9curit\u00e9 Sud-Est, pr\u00e9f\u00e8te du Rh\u00f4ne ;\n\u2022 M. Antoine GUERIN, pr\u00e9fet d\u00e9l\u00e9gu\u00e9 pour la d\u00e9fense et la s\u00e9curit\u00e9 ;\n\u2022 M. Jean-Paul CELET, pr\u00e9fet, r\u00e9f\u00e9rent du plan national \"loup\" ;\n\u2022 M. Jehan-\u00c9ric WINCKLER, pr\u00e9fet d\u00e9l\u00e9gu\u00e9 charg\u00e9 d'une mission territoriale temporaire ;\n\u2022 Mme Fran\u00e7oise NOARS, secr\u00e9taire g\u00e9n\u00e9rale pour les affaires r\u00e9gionales ;\n\u2022 M. Lucas TURGIS, directeur de cabinet de la pr\u00e9f\u00e8te de la r\u00e9gion Auvergne-Rh\u00f4ne-Alpes,  \npr\u00e9f\u00e8te de la zone de d\u00e9fense et de s\u00e9curit\u00e9 Sud-Est, pr\u00e9f\u00e8te du Rh\u00f4ne ;\n\u2022 M. Jean-Marc GALLAND, sous-pr\u00e9fet de l'arrondissement de Villefranche-sur-Sa\u00f4ne ;\n\u2022 Mme Judith HUSSON, sous-pr\u00e9f\u00e8te charg\u00e9e de mission aupr\u00e8s de la pr\u00e9f\u00e8te de la r\u00e9gion  \nAuvergne-Rh\u00f4ne-Alpes, pr\u00e9f\u00e8te de la zone de d\u00e9fense et de s\u00e9curit\u00e9 Sud-Est, pr\u00e9f\u00e8te du  \nRh\u00f4ne ;\n\u2022 Mme Charlotte CREPON, sous-pr\u00e9f\u00e8te charg\u00e9e de mission aupr\u00e8s de la pr\u00e9f\u00e8te de la r\u00e9gion  \nAuvergne-Rh\u00f4ne-Alpes, pr\u00e9f\u00e8te de la zone de d\u00e9fense et de s\u00e9curit\u00e9 Sud-Est, pr\u00e9f\u00e8te du  \nRh\u00f4ne ;\n\u2022 Mme Anne LAYBOURNE, sous-pr\u00e9f\u00e8te charg\u00e9e de mission aupr\u00e8s de la pr\u00e9f\u00e8te de la r\u00e9gion  \nAuvergne-Rh\u00f4ne-Alpes, pr\u00e9f\u00e8te de la zone de d\u00e9fense et de s\u00e9curit\u00e9 Sud-Est, pr\u00e9f\u00e8te du  \nRh\u00f4ne ;\n\u2022 M. Pierre BARRUEL, commissaire \u00e0 la lutte contre la pauvret\u00e9 aupr\u00e8s de la pr\u00e9f\u00e8te de la  \nr\u00e9gion Auvergne-Rh\u00f4ne-Alpes, pr\u00e9f\u00e8te de la zone de d\u00e9fense et de s\u00e9curit\u00e9 Sud-Est, pr\u00e9f\u00e8te  \ndu Rh\u00f4ne.\n2/4\n69_Pr\u00e9f_Pr\u00e9fecture du Rh\u00f4ne - 69-2025-11-10-00002 - AP portant d\u00e9l\u00e9gation de signature pour les d\u00e9penses du programme 354 15\nArticle 2 : Dans le cadre de la gestion des cr\u00e9dits du programme 354 \u00ab Administration territoriale de \nl'\u00c9tat \u00bb,  pour  lesquels  le  pr\u00e9fet  du  d\u00e9partement  du  Rh\u00f4ne  est  ordonnateur  secondaire  et  la \ndirectrice du secr\u00e9tariat g\u00e9n\u00e9ral commun d\u00e9partemental du Rh\u00f4ne est ordonnateur secondaire  \nd\u00e9l\u00e9gu\u00e9,  d\u00e9l\u00e9gation  est  donn\u00e9e  pour  la  signature  des  bons  et  des  lettres  de  commandes \n(engagements  juridiques),  la  constatation  du  service  fait  et  l'\u00e9tablissement  de  tous  certificats \nn\u00e9cessaires \u00e0 certaines demandes de paiement imput\u00e9es sur le centre de co\u00fbt PRFCSAT069 \u00e0  \nM. Michel PAPAUD, pr\u00e9fet \u00e9valuateur.\nArticle 3 : Dans le cadre de la gestion des cr\u00e9dits du programme 354 \u00ab Administration territoriale de \nl'\u00c9tat \u00bb,  pour  lesquels  le  pr\u00e9fet  du  d\u00e9partement  du  Rh\u00f4ne  est  ordonnateur  secondaire  et  la \ndirectrice du secr\u00e9tariat g\u00e9n\u00e9ral commun d\u00e9partemental du Rh\u00f4ne est ordonnateur secondaire  \nd\u00e9l\u00e9gu\u00e9, d\u00e9l\u00e9gation est donn\u00e9e pour la signature des bons et des lettres de commandes, contrats  \net march\u00e9s (engagements juridiques), la constatation du service fait et l'\u00e9tablissement de tous  \ncertificats  n\u00e9cessaires  \u00e0  certaines  demandes  de  paiement  imput\u00e9es  sur  le  centre  de  co\u00fbt \nPRFSGAR069 \u00e0 Mme Fran\u00e7oise NOARS, secr\u00e9taire g\u00e9n\u00e9rale pour les affaires r\u00e9gionales.\nArticle  4  : La  d\u00e9l\u00e9gation  de  signature  pr\u00e9vue  \u00e0  l'article  3  est  donn\u00e9e,  dans  la  limite  de  leurs \nattributions :\nEn cas d'absence ou d'emp\u00eachement de Mme Fran\u00e7oise NOARS, \u00e0 M. Christophe LANTERI, adjoint  \n\u00e0 la secr\u00e9taire g\u00e9n\u00e9rale pour les affaires r\u00e9gionales.\n\u2022 Pour un montant limit\u00e9 \u00e0 3 000 euros par demande d'engagement juridique dans le cadre   \ndes cr\u00e9dits mis \u00e0 leur disposition     :  \n\u25e6 \u00e0  Mme  Christelle  AMBROZIC,  directrice  de  la  modernisation  et  de  la  coordination \nr\u00e9gionale  au  secr\u00e9tariat  g\u00e9n\u00e9ral  pour  les  affaires  r\u00e9gionales  et  \u00e0  Mme  Claire  \nANXIONNAZ,  attach\u00e9e  principale,  adjointe  \u00e0  la  directrice  du  service  de  la  \nmodernisation  et  de  la  coordination  r\u00e9gionale  et  \u00e0  M.  Bruno  ROCHETTE,  secr\u00e9taire \nadministratif, gestionnaire.\nArticle 5 : Dans le cadre de la gestion des cr\u00e9dits du programme 354 \u00ab Administration territoriale de \nl'\u00c9tat \u00bb,  pour  lesquels  le  pr\u00e9fet  du  d\u00e9partement  du  Rh\u00f4ne  est  ordonnateur  secondaire  et  la \ndirectrice du secr\u00e9tariat g\u00e9n\u00e9ral commun d\u00e9partemental du Rh\u00f4ne est ordonnateur secondaire  \nd\u00e9l\u00e9gu\u00e9,  d\u00e9l\u00e9gation  est  donn\u00e9e  pour  la  signature  des  bons  et  des  lettres  de  commandes \n(engagements  juridiques),  la  constatation  du  service  fait  et  l'\u00e9tablissement  de  tous  certificats \nn\u00e9cessaires \u00e0 certaines demandes de paiement imput\u00e9es :\n\u2022 sur le centre de co\u00fbt PRFML01069 :\n\u25e6 M. Louis RIQUET, conseiller diplomatique aupr\u00e8s de la Pr\u00e9f\u00e8te de la r\u00e9gion Auvergne-\nRh\u00f4ne-Alpes, Pr\u00e9f\u00e8te de la zone de d\u00e9fense et de s\u00e9curit\u00e9 Sud-Est, Pr\u00e9f\u00e8te du Rh\u00f4ne.\n\u25e6 pour un montant limit\u00e9 \u00e0 2 000 euros par demande d'engagement juridique, dans le   \ncadre des cr\u00e9dits mis \u00e0 sa disposition et dans la limite de ses attributions     :  \n\u25aa \u00e0 M. Chaouki AMARA, attach\u00e9 principal, chef de cabinet ;\n\u25aa En cas d'absence ou d'emp\u00eachement de M. Chaouki AMARA, d\u00e9l\u00e9gation est donn\u00e9e  \n\u00e0 Mme May KARMY, attach\u00e9e, adjointe au chef de cabinet ;\n\u25aa En cas d'absence ou d'emp\u00eachement de M. Chaouki AMARA, d\u00e9l\u00e9gation est donn\u00e9e, \npour les activit\u00e9s concernant le garage et pour un montant inf\u00e9rieur \u00e0 500 euros, \u00e0  \nM. Guillaume CHOTEAU, adjoint technique, chef de garage.\n\u25e6 pour un montant limit\u00e9 \u00e0 800 euros par demande d'engagement juridique, dans le cadre   \ndes cr\u00e9dits mis \u00e0 sa disposition et dans la limite de ses attributions     :  \n\u25aa \u00e0 Mme Aziza BOUHADJAR, secr\u00e9taire administrative, cheffe de la section protocole  \nau cabinet du pr\u00e9fet.\n3/4\n69_Pr\u00e9f_Pr\u00e9fecture du Rh\u00f4ne - 69-2025-11-10-00002 - AP portant d\u00e9l\u00e9gation de signature pour les d\u00e9penses du programme 354 16\n\u2022 sur le centre de co\u00fbt PRFPRFT069 : \n\u25e6 pour  les  activit\u00e9s  concernant  la  villa  et  pour  un  montant  inf\u00e9rieur  \u00e0  800  euros,  \u00e0 \nM. Guillaume CHOTEAU, gardien de la villa ;\n\u25e6 M. R\u00e9mi AUCAGNE, ma\u00eetre d'h\u00f4tel, \u00e0 hauteur de 2 000 euros par achat.\nArticle 6 : Sont exclus de la pr\u00e9sente d\u00e9l\u00e9gation :\n\u2022 les actes administratifs et pi\u00e8ces comptables relatifs aux op\u00e9rations concernant les recettes  \n(titres de perception, \u00e9tats ex\u00e9cutoires, cessions\u2026) ;\n\u2022 les ordres de r\u00e9quisition du comptable public ;\n\u2022 en cas de demande de passer outre le refus du contr\u00f4leur budg\u00e9taire r\u00e9gional, la lettre de  \nsaisine du ministre concern\u00e9 ;\n\u2022 en cas d'avis pr\u00e9alable d\u00e9favorable du contr\u00f4leur budg\u00e9taire r\u00e9gional, la lettre informant  \ncette autorit\u00e9 des motifs de la d\u00e9cision de ne pas se conformer \u00e0 l'avis donn\u00e9.\nArticle  7  : Le  pr\u00e9sent  arr\u00eat\u00e9  peut  faire  l'objet  d'un  recours  contentieux  devant  le  tribunal \nadministratif  de  Lyon  dans  un  d\u00e9lai  de  deux  mois  \u00e0  compter  de  sa  publication.  Le  tribunal \nadministratif peut \u00eatre saisi d'une requ\u00eate d\u00e9pos\u00e9e sur le site www.telerecours.fr.\nArticle 8 :  Le pr\u00e9fet, secr\u00e9taire g\u00e9n\u00e9ral de la pr\u00e9fecture, pr\u00e9fet d\u00e9l\u00e9gu\u00e9 pour l'\u00e9galit\u00e9 des chances,  \nest charg\u00e9 de l'ex\u00e9cution du pr\u00e9sent arr\u00eat\u00e9 qui sera publi\u00e9 au recueil des actes administratifs de la  \npr\u00e9fecture du Rh\u00f4ne.\n4/4\nLa Pr\u00e9f\u00e8te,\nSign\u00e9 : Fabienne BUCCIO\n69_Pr\u00e9f_Pr\u00e9fecture du Rh\u00f4ne - 69-2025-11-10-00002 - AP portant d\u00e9l\u00e9gation de signature pour les d\u00e9penses du programme 354 17\n69_Pr\u00e9f_Pr\u00e9fecture du Rh\u00f4ne\n69-2025-11-10-00003\nAP portant d\u00e9l\u00e9gation de signature pour les\npi\u00e8ces comptables, les formules ex\u00e9cutoires et\nles validations r\u00f4le Pr\u00e9fet\n69_Pr\u00e9f_Pr\u00e9fecture du Rh\u00f4ne - 69-2025-11-10-00003 - AP portant d\u00e9l\u00e9gation de signature pour les pi\u00e8ces comptables, les formules\nex\u00e9cutoires et les validations r\u00f4le Pr\u00e9fet 18\nPR\u00c9FETDU RH\u00d4NELibert\u00e9Egalit\u00e9Fraternit\u00e9\nDirection de la coordination \ndes politiques interminist\u00e9rielles\nARR\u00caT\u00c9 PR\u00c9FECTORAL N\u00b0\nportant d\u00e9l\u00e9gation de signature pour les pi\u00e8ces comptables,\nles formules ex\u00e9cutoires et les validations r\u00f4le Pr\u00e9fet\nLA PR\u00c9F\u00c8TE DE LA R\u00c9GION AUVERGNE-RH\u00d4NE-ALPES,\nPR\u00c9F\u00c8TE DE LA ZONE DE D\u00c9FENSE ET DE S\u00c9CURIT\u00c9 SUD-EST,\nPR\u00c9F\u00c8TE DU RH\u00d4NE\nOfficier de la L\u00e9gion d'honneur\nCommandeur de l'ordre national du M\u00e9rite\nVu la loi n\u00b0 82-213 du 2 mars 1982 modifi\u00e9e relative aux droits et libert\u00e9s des communes, des  \nd\u00e9partements et des r\u00e9gions ; \nVu la loi d'orientation n\u00b0 92-125 du 6 f\u00e9vrier 1992 modifi\u00e9e relative \u00e0 l'administration territoriale de  \nla R\u00e9publique ; \nVu la loi organique n\u00b0 2001-692 du 1er ao\u00fbt 2001 modifi\u00e9e relative aux lois de finances ;\nVu la loi n\u00b0 2015-29 du 16 janvier 2015 relative \u00e0 la d\u00e9limitation des r\u00e9gions, aux \u00e9lections r\u00e9gionales  \net d\u00e9partementales et modifiant le calendrier \u00e9lectoral ;\nVu le d\u00e9cret n\u00b0 92-604 du 1er juillet 1992 modifi\u00e9 portant charte de la d\u00e9concentration ; \nVu le d\u00e9cret n\u00b0 2004-374 du 29 avril 2004 modifi\u00e9 relatif aux pouvoirs des pr\u00e9fets, \u00e0 l'organisation et \n\u00e0 l'action des services de l'\u00c9tat dans les r\u00e9gions et d\u00e9partements ; \nVu le d\u00e9cret n\u00b0 2012-1246 du 7 novembre 2012 relatif \u00e0 la gestion budg\u00e9taire et comptable pu -\nblique ;\nVu le d\u00e9cret du  11 janvier 2023  en conseil des ministres portant nomination de Mme Fabienne  \nBUCCIO en qualit\u00e9 de pr\u00e9f\u00e8te de la r\u00e9gion Auvergne-Rh\u00f4ne-Alpes, pr\u00e9f\u00e8te de la zone de d\u00e9fense et  \nde s\u00e9curit\u00e9 Sud-Est, pr\u00e9f\u00e8te du Rh\u00f4ne (hors classe) ;\nVu le d\u00e9cret du 15 mai 2025 en conseil des ministres portant nomination de M. Fabrice ROSAY en  \nqualit\u00e9 de pr\u00e9fet, secr\u00e9taire g\u00e9n\u00e9ral de la pr\u00e9fecture du Rh\u00f4ne, pr\u00e9fet d\u00e9l\u00e9gu\u00e9 pour l'\u00e9galit\u00e9 des  \nchances aupr\u00e8s de la pr\u00e9f\u00e8te de la r\u00e9gion Auvergne-Rh\u00f4ne-Alpes, pr\u00e9f\u00e8te de la zone de d\u00e9fense et  \nde s\u00e9curit\u00e9 Sud-Est, pr\u00e9f\u00e8te du Rh\u00f4ne ;\nVu les  d\u00e9cisions  pr\u00e9fectorales  affectant  le  personnel  au  sein  des  services  de  la  pr\u00e9fecture  du  \nRh\u00f4ne ;\nSur proposition du pr\u00e9fet, secr\u00e9taire g\u00e9n\u00e9ral de la pr\u00e9fecture, pr\u00e9fet d\u00e9l\u00e9gu\u00e9 pour l'\u00e9galit\u00e9 des  \nchances ;\nPr\u00e9fecture du Rh\u00f4ne\n69419 Lyon cedex 03\nPour conna\u00eetre nos horaires d'ouverture et modalit\u00e9s d'accueil\nT\u00e9l : 04 72 61 61 61 (co\u00fbt d'un appel local)\nwww.rhone.gouv.fr\n1/2\nLyon, le 10 novembre 2025\n69_Pr\u00e9f_Pr\u00e9fecture du Rh\u00f4ne - 69-2025-11-10-00003 - AP portant d\u00e9l\u00e9gation de signature pour les pi\u00e8ces comptables, les formules\nex\u00e9cutoires et les validations r\u00f4le Pr\u00e9fet 19\nARR\u00caTE\nArticle  1 :  D\u00e9l\u00e9gation  de  signature  est  donn\u00e9e  \u00e0  M.  St\u00e9phane  TRONTIN,  directeur  de  la  \ncoordination des politiques interminist\u00e9rielles, \u00e0 l'effet de signer :\n\u2022 les pi\u00e8ces concernant la comptabilit\u00e9 de l'\u00c9tat, et notamment les admissions en non valeur  \nde cr\u00e9ances de l'\u00c9tat \u00e9trang\u00e8res \u00e0 l'imp\u00f4t et au domaine,\n\u2022 des cr\u00e9ances de l'\u00c9tat \u00e9trang\u00e8res \u00e0 l'imp\u00f4t et au domaine,\n\u2022 des taxes d'urbanisme \u00e9num\u00e9r\u00e9es \u00e0 l'article 118 de la loi n\u00b0 89-935 du 26  d\u00e9cembre 1989 \nsans limitation de montant.\nEn  cas  d'absence  ou  d'emp\u00eachement  de  M.  St\u00e9phane  TRONTIN,  cette  d\u00e9l\u00e9gation  est \nexerc\u00e9e par Mme Sandrine CANDELA, attach\u00e9e principale, cheffe du centre de services partag\u00e9s r\u00e9-\ngional      Chorus.\nEn  cas  d'absence  ou d'emp\u00eachement  de  M.  St\u00e9phane  TRONTIN  et  de  Mme  Sandrine \nCANDELA, cette d\u00e9l\u00e9gation est exerc\u00e9e par M. Jean-Luc BUCHSBAUM, attach\u00e9, adjoint \u00e0 la cheffe  \ndu centre de services partag\u00e9s r\u00e9gional Chorus et chef de la section subventions et recettes ou par \nMme  Aur\u00e9lie  HOARAU,  attach\u00e9e,  adjointe  \u00e0  la  cheffe  du  centre  de  services  partag\u00e9s  r\u00e9gional \nChorus et cheffe de la section d\u00e9penses de fonctionnement et responsables des demandes de  \npaiement.\nArticle  2 :  D\u00e9l\u00e9gation  de  signature  est  donn\u00e9e  \u00e0  M.  St\u00e9phane  TRONTIN,  directeur  de  la  \ncoordination des politiques interminist\u00e9rielles, \u00e0 l'effet de valider :\n\u2022 les pi\u00e8ces et actes dans le cadre du \u00ab r\u00f4le Pr\u00e9fet \u00bb dans l'application CHORUS.\nEn  cas  d'absence  ou  d'emp\u00eachement  de  M.  St\u00e9phane  TRONTIN,  cette  d\u00e9l\u00e9gation  est \nexerc\u00e9e  par  Mme  Agn\u00e8s  BAIYO,  secr\u00e9taire  administrative  classe  exceptionnelle,  charg\u00e9e  de  \ncoordination des politiques interminist\u00e9rielles.\nArticle  3  : D\u00e9l\u00e9gation  de  signature  est  donn\u00e9e  \u00e0  Mme  Lucie  RIGAUX,  directrice  des  affaires  \njuridiques et de l'administration locale, \u00e0 l'effet de signer  les pi\u00e8ces comptables relatives \u00e0 la prise  \nen  charge  des  indemnit\u00e9s  et  r\u00e9mun\u00e9rations  des  personnels  li\u00e9es  \u00e0  des  \u00e9lections  (travaux  \nsuppl\u00e9mentaires, mise sous pli) dans le cadre du programme 232.\nArticle 4 : Les signatures des personnes cit\u00e9es aux articles 1 \u00e0 3 figurant en annexe au pr\u00e9sent arr\u00eat\u00e9 \nsont accr\u00e9dit\u00e9es aupr\u00e8s du directeur r\u00e9gional des finances publiques de Auvergne-Rh\u00f4ne-Alpes et  \ndu d\u00e9partement du Rh\u00f4ne.\nArticle  5  : Le  pr\u00e9sent  arr\u00eat\u00e9  peut  faire  l'objet  d'un  recours  contentieux  devant  le  tribunal  \nadministratif  de  Lyon  dans  un  d\u00e9lai  de  deux  mois  \u00e0  compter  de  sa  publication.  Le  tribunal  \nadministratif peut \u00eatre saisi d'une requ\u00eate d\u00e9pos\u00e9e sur le site www.telerecours.fr.\nArticle 6 :  Le pr\u00e9fet, secr\u00e9taire g\u00e9n\u00e9ral de la pr\u00e9fecture, pr\u00e9fet d\u00e9l\u00e9gu\u00e9 pour l'\u00e9galit\u00e9 des chances  \nest charg\u00e9 de l'ex\u00e9cution du pr\u00e9sent arr\u00eat\u00e9 qui sera publi\u00e9 au recueil des actes administratifs de la  \npr\u00e9fecture du Rh\u00f4ne.\n2/2\nLa Pr\u00e9f\u00e8te,\nSign\u00e9 : Fabienne BUCCIO\n69_Pr\u00e9f_Pr\u00e9fecture du Rh\u00f4ne - 69-2025-11-10-00003 - AP portant d\u00e9l\u00e9gation de signature pour les pi\u00e8ces comptables, les formules\nex\u00e9cutoires et les validations r\u00f4le Pr\u00e9fet 20","date":"2025-11-10","first_seen_on":"2025-11-10T15:34:56+00:00","id":"aa91fc3eaefbed660cb6aaba8a6378809610502f45f8f25910a61773eedf5861","name":"RAA_69-2025-292-101125","pdf_creation_date":"2025-11-10T14:56:42+00:00","pdf_modification_date":null,"timezone":"Europe/Paris","url":"https://www.rhone.gouv.fr/contenu/telechargement/66168/445766/file/RAA_69-2025-292-101125.pdf"}
