{"administration":"prefidf","administration_name":"Pr\u00e9fecture de la r\u00e9gion \u00cele-de-France","content":"PREFECTURE\nREGION ILE DE\nFRANCE\nRECUEIL DES ACTES\nADMINISTRATIFS SP\u00c9CIAL\nN\u00b0IDF-014-2025-08\nPUBLI\u00c9 LE  7 AO\u00dbT 2025\nSommaire\nAgence R\u00e9gionale de Sant\u00e9 /\nIDF-2025-07-24-00029 - Arr\u00eat\u00e9 n\u00b0 2025-204 portant autorisation\nd'extension de 95 \u00e0 120 places du Service de soins infirmiers \u00e0\ndomicile (SSIAD) sis 6 rue Vincent Van Gogh \u00e0 Neuilly-Plaisance (93360)     \ng\u00e9r\u00e9 par la SAS DOMUSVI DOMICILE (3 pages) Page 3\nIDF-2025-07-24-00030 - Arr\u00eat\u00e9 n\u00b0 2025-205 portant autorisation\nd'extension de 40 \u00e0 50 places du SSIAD \u00ab Saint-Joseph \u00bb g\u00e9r\u00e9\npar l'association \u00ab HABITAT ET HUMANISME SOIN \u00bb\n (3 pages) Page 7\nDirection r\u00e9gionale et interd\u00e9partementale de l'environnement, de\nl'am\u00e9nagement et des transports d'\u00cele-de-France / Service de la\npolitique des transports\nIDF-2025-08-07-00001 - Arr\u00eat\u00e9 DRIEAT IdF n\u00b02025-0746\nAutorisant la\nmise en service de la fonction de prise en charge simplifi\u00e9e (PRCS) sur les\nnavettes MP14 8 voitures circulant sur la ligne 14 du m\u00e9tro (2 pages) Page 11\n2\nAgence R\u00e9gionale de Sant\u00e9\nIDF-2025-07-24-00029\nArr\u00eat\u00e9 n\u00b0 2025-204 portant autorisation\nd'extension de 95 \u00e0 120 places du Service de\nsoins infirmiers \u00e0 domicile (SSIAD) sis 6 rue\nVincent Van Gogh \u00e0 Neuilly-Plaisance (93360)       \n                            g\u00e9r\u00e9 par la SAS DOMUSVI\nDOMICILE\nAgence R\u00e9gionale de Sant\u00e9 - IDF-2025-07-24-00029 - Arr\u00eat\u00e9 n\u00b0 2025-204 portant autorisation d'extension de 95 \u00e0 120 places du\nService de soins infirmiers \u00e0 domicile (SSIAD) sis 6 rue Vincent Van Gogh \u00e0 Neuilly-Plaisance (93360)                                    g\u00e9r\u00e9 par la\nSAS DOMUSVI DOMICILE\n3\nREPUBLIQUEFRANCAISELibert\u00e9Egalit\u00e9Fraternit\u00e9 @ D Agence R\u00e9gionale de Sant\u00e9\u00cele-de-France\n \n                                                               \n \n \n \n \n \nAGENCE R\u00c9GIONALE DE SANT\u00c9 \u00ceLE-DE-FRANCE \nARR\u00caT\u00c9 N\u00b0 2025 - 204 \nportant autorisation d'extension de 95 \u00e0 120 places du Service de soins infirmiers \u00e0 \ndomicile (SSIAD) sis 6 rue Vincent Van Gogh \u00e0 Neuilly-Plaisance (93360)                                    \ng\u00e9r\u00e9 par la SAS DOMUSVI DOMICILE \n    \n \nLE DIRECTEUR G\u00c9N\u00c9RAL DE L'AGENCE R\u00c9GIONALE DE SANT\u00c9 \u00ceLE-DE-FRANCE  \n \n \nVU le code de l'action sociale et des familles et notamment les articles L312-1, L313-1, L314-3 \net suivants ; \n \nVU le d\u00e9cret du 10 avril 2024 portant nomination de Monsieur Denis ROBIN  en qualit\u00e9 de \nDirecteur g\u00e9n\u00e9ral de l'Agence r\u00e9gionale de sant\u00e9 \u00cele-de-France \u00e0 compter du 29 avril 2024 ; \n \nVU l'arr\u00eat\u00e9 DS N\u00b0115/2024 du 25 septembre 2024 portant d\u00e9l\u00e9gation de signature \u00e0 Madame \nSt\u00e9phanie TALBOT, Directrice de l'autonomie de l'Agence r\u00e9gionale de sant\u00e9 \u00cele-de-\nFrance ; \n  \nVU l'arr\u00eat\u00e9 n\u00b0  DIRNOV-2023/08 du 26 octobre 2023 de la Directrice g\u00e9n\u00e9rale de l'Agence \nr\u00e9gionale de sant\u00e9 \u00cele-de-France portant modification du cadre d'orientation strat\u00e9gique du \nprojet r\u00e9gional de sant\u00e9 \u00cele-de-France ; \n \nVU \n \n \nl'arr\u00eat\u00e9 n\u00b0  DIRNOV-2023/09 du 26 octobre 2023 de la Directrice g\u00e9n\u00e9rale de l'Agence \nr\u00e9gionale de sant\u00e9 \u00cele-de-France portant adoption du sch\u00e9ma r\u00e9gional de sant\u00e9 2023-2028 \ndu projet r\u00e9gional de sant\u00e9 \u00cele-de-France ; \n  \nVU l'arr\u00eat\u00e9 n\u00b0 2023-162 de la Directrice g\u00e9n\u00e9rale de l'Agence r\u00e9gionale de sant\u00e9 \u00cele-de-France \ndu 19 juin 2023 \u00e9tablissant le programme interd\u00e9partemental d'accompagnement des \nhandicaps et de la perte d'autonomie (PRIAC) 2022-2026 pour la r\u00e9gion \u00cele-de-France ; \n  \nVU \n \nl'avis d'appel \u00e0 candidatures pour la cr\u00e9ation de 626 places de SSIAD pour personnes \u00e2g\u00e9es \nen \u00cele-de-France publi\u00e9 le 2 mai 2024 ; \n \nVU l'avis de s\u00e9lection de l'appel \u00e0 candidature  pour la cr\u00e9ation de places  de SSIAD  pour \npersonnes \u00e2g\u00e9es en \u00cele-de-France, en date du 15 novembre 2024 ; \n \n \nCONSID\u00c9RANT que suite \u00e0 une op\u00e9ration de cession  ayant pris effet au 1 er janvier 2019                                \n(r\u00e9sultant d'une op\u00e9ration de fusion absorption) , l'autorisation du SSIAD sis 6, \nrue Vincent Van Gogh \u00e0 Neuilly -Plaisance (93360), est actuellement d\u00e9tenu e \npar la SAS DOMUSVI DOMICILE ; \n \nCONSID\u00c9RANT que le projet d\u00e9pos\u00e9 par le SSIAD sis 6 , rue Vincent Van Gogh \u00e0 Neuilly -\nPlaisance (93360), g\u00e9r\u00e9 par la SAS DOMUSVI DOMICILE, a \u00e9t\u00e9 retenu ; \nCONSID\u00c9RANT que le projet r\u00e9pond \u00e0 un besoin identifi\u00e9 sur le d\u00e9partement ; \nAgence R\u00e9gionale de Sant\u00e9 - IDF-2025-07-24-00029 - Arr\u00eat\u00e9 n\u00b0 2025-204 portant autorisation d'extension de 95 \u00e0 120 places du\nService de soins infirmiers \u00e0 domicile (SSIAD) sis 6 rue Vincent Van Gogh \u00e0 Neuilly-Plaisance (93360)                                    g\u00e9r\u00e9 par la\nSAS DOMUSVI DOMICILE\n4\n2 \n \nCONSID\u00c9RANT que le projet satisfait aux r\u00e8gles d'organisation et de fonctionnement pr\u00e9vues \npar le code de l'action sociale et des familles ; \n \nCONSID\u00c9RANT que le financement de ces 25 nouvelles places de SSIAD pour personnes \u00e2g\u00e9es \nallou\u00e9 par l'ARS sera d\u00e9termin\u00e9 dans la limite de la dotation r\u00e9gionale limitative \net conform\u00e9ment \u00e0 la r\u00e9glementation sur la tarification des \u00e9tablissements et \nservices m\u00e9dico -sociaux en vigueur lors de l'ouverture, sous condition \nd'installation des places ; \n \nDans le cadre d'extension de place, la tarification des nouvelles places se base \nsur le FGS moyen de l'ann\u00e9e N par place autoris\u00e9e avec proratisation mensuelle \nsi les places sont cr\u00e9\u00e9es en cours d'exercice ; \n \n \n       \n     ARR\u00caTE  \n \n \nARTICLE 1er : L'autorisation visant \u00e0 l'extension de 25 places pour personnes \u00e2g\u00e9es du SSIAD \nsis 6 rue Vincent Van Gogh \u00e0 Neuilly -Plaisance (93360) est accord\u00e9e \u00e0 la SAS \nDOMUSVI DOMICILE dont le si\u00e8ge social est situ\u00e9  46, rue Carnot \u00e0 Suresnes \n(92150). \n \nARTICLE 2e : La capacit\u00e9 totale du SSIAD est fix\u00e9e \u00e0 120 places r\u00e9parties comme suit : \n- 90 places pour la prise en charge de personnes \u00e2g\u00e9es de plus de 60 ans ; \n- 10 places pour la prise en charge de personnes handicap\u00e9es ; \n- 20 places d'Equipe Sp\u00e9cialis\u00e9e Alzheimer. \nLa zone d'intervention du SSIAD reste inchang\u00e9e : \n- En ce qui concerne les places pour personnes \u00e2g\u00e9es et handicap\u00e9es : \nNoisy-le-Grand, Gournay sur-Marne, Neuilly-sur-Marne, Neuilly-Plaisance, \nGagny ; \n- En ce qui concerne les places d'Equipe Sp\u00e9cialis\u00e9e Alzheimer :                       \nClichy-sous-Bois, Coubron, Livry-Gargan, Montfermeil, Les Pavillons-sous-\nBois, le Raincy, Vaujours, Villemomble, Gagny, Gournay-sur-Marne, Neuilly-\nPlaisance, Neuilly-sur-Marne et Noisy-le-Grand. \n \nARTICLE 3e : Cette structure est r\u00e9pertori\u00e9e dans le Fichier National des Etablissements \nSanitaires et Sociaux (FINESS) de la fa\u00e7on suivante : \n \nN\u00b0 FINESS \u00e9tablissement : 93 002 250 4 \nCode cat\u00e9gorie : [354] Service de soins infirmiers \u00e0 domicile (SSIAD) \n                            \nCode discipline : [358] Soins infirmiers \u00e0 domicile  \nCode fonctionnement (type d'activit\u00e9) : [16] Prestation en milieu ordinaire \nCode client\u00e8le : [700] Personnes \u00e2g\u00e9es   \nCapacit\u00e9 : 90 \n \nCode discipline : [358] Soins infirmiers \u00e0 domicile \nCode fonctionnement (type d'activit\u00e9) : [16] Prestation en milieu ordinaire \nCode client\u00e8le : [010] Tous types de d\u00e9ficiences pour personnes handicap\u00e9es \nCapacit\u00e9 : 10 \n \n \nAgence R\u00e9gionale de Sant\u00e9 - IDF-2025-07-24-00029 - Arr\u00eat\u00e9 n\u00b0 2025-204 portant autorisation d'extension de 95 \u00e0 120 places du\nService de soins infirmiers \u00e0 domicile (SSIAD) sis 6 rue Vincent Van Gogh \u00e0 Neuilly-Plaisance (93360)                                    g\u00e9r\u00e9 par la\nSAS DOMUSVI DOMICILE\n5\nGI\n3 \n \nCode discipline : [357] Activit\u00e9 soins d'accompagnement et de r\u00e9habilitation \nCode fonctionnement (type d'activit\u00e9) : [16] Prestation en milieu ordinaire  \nCode client\u00e8le : [436] Personnes Alzheimer ou maladies apparent\u00e9es    \nCapacit\u00e9 : 20 \n                        \nN\u00b0 FINESS gestionnaire : 92 002 826 3 \nCode statut : [95] Soci\u00e9t\u00e9 par actions simplifi\u00e9es (SAS) \n \nARTICLE 4e : Le pr\u00e9sent arr\u00eat\u00e9 est sans effet concernant la dur\u00e9e d'autorisation accord\u00e9e \u00e0 \nl'\u00e9tablissement pour quinze ans \u00e0 compter de sa date de cr\u00e9ation ou de \nrenouvellement d'autorisation conform\u00e9ment aux conditions pr\u00e9vues aux articles \nL312-8 et L313-5 du code de l'action sociale et des familles. \n \nARTICLE 5e : \n \nLa pr\u00e9sente autorisation est r\u00e9put\u00e9e caduque en l'absence d'ouverture au public \ndans un d\u00e9lai de quatre ans \u00e0 compter de sa notification conform\u00e9ment aux articles \nL313-1 et D313-7-2 du code de l'action sociale et des familles. \n \nARTICLE 6e : Tout changement important dans l'activit\u00e9, l'installation, l'organisation, la direction \nou le fonctionnement de l'\u00e9tablissement ou du service doit \u00eatre port\u00e9 \u00e0 la \nconnaissance des autorit\u00e9s comp\u00e9tentes. \n \nARTICLE 7e : Un recours contre le pr\u00e9sent arr\u00eat\u00e9 peut \u00eatre form\u00e9 devant le tribunal administratif \ncomp\u00e9tent dans un d\u00e9lai de deux mois \u00e0 compter de sa notification.   \n \nARTICLE 8e : La Directrice de la d\u00e9l\u00e9gation d\u00e9partementale de Seine-Saint-Denis de l'Agence \nr\u00e9gionale de sant\u00e9 \u00cele-de-France est charg\u00e9e de l'ex\u00e9cution du pr\u00e9sent arr\u00eat\u00e9 qui \nsera notifi\u00e9 au demandeur, publi\u00e9 aux recueils des actes administratifs de la R\u00e9gion \n\u00cele-de-France et du D\u00e9partement de la Seine Saint-Denis. \n \n \n           Fait \u00e0 Saint-Denis, le 24/07/2025 \n \n  Pour le Directeur g\u00e9n\u00e9ral \nde l'Agence r\u00e9gionale de sant\u00e9 \n\u00cele-de-France et par d\u00e9l\u00e9gation \n \nLa Directrice de l'autonomie \nSt\u00e9phanie TALBOT \n \n \n \n \n \n \n \n \nAgence R\u00e9gionale de Sant\u00e9 - IDF-2025-07-24-00029 - Arr\u00eat\u00e9 n\u00b0 2025-204 portant autorisation d'extension de 95 \u00e0 120 places du\nService de soins infirmiers \u00e0 domicile (SSIAD) sis 6 rue Vincent Van Gogh \u00e0 Neuilly-Plaisance (93360)                                    g\u00e9r\u00e9 par la\nSAS DOMUSVI DOMICILE\n6\nAgence R\u00e9gionale de Sant\u00e9\nIDF-2025-07-24-00030\nArr\u00eat\u00e9 n\u00b0 2025-205 portant autorisation\nd'extension de 40 \u00e0 50 places du SSIAD \u00ab\nSaint-Joseph \u00bb g\u00e9r\u00e9 par l'association \u00ab HABITAT\nET HUMANISME SOIN \u00bb\nAgence R\u00e9gionale de Sant\u00e9 - IDF-2025-07-24-00030 - Arr\u00eat\u00e9 n\u00b0 2025-205 portant autorisation d'extension de 40 \u00e0 50 places du SSIAD\n\u00ab Saint-Joseph \u00bb g\u00e9r\u00e9 par l'association \u00ab HABITAT ET HUMANISME SOIN \u00bb 7\nREPUBLIQUEFRANCAISELibert\u00e9Egalit\u00e9Fraternit\u00e9 @ D Agence R\u00e9gionale de Sant\u00e9\u00cele-de-France\n \n                                                               \n \n \n \n \n \nAGENCE R\u00c9GIONALE DE SANT\u00c9 \u00ceLE-DE-FRANCE \nARR\u00caT\u00c9 N\u00b0 2025 - 205 \nportant autorisation d'extension de 40 \u00e0 50 places  \ndu Service de soins infirmiers \u00e0 domicile (SSIAD) \u00ab Saint-Joseph \u00bb  \ng\u00e9r\u00e9 par l'association \u00ab HABITAT ET HUMANISME SOIN \u00bb \n    \n \nLE DIRECTEUR G\u00c9N\u00c9RAL DE L'AGENCE R\u00c9GIONALE DE SANT\u00c9 \u00ceLE-DE-FRANCE  \n \n \nVU le code de l'action sociale et des familles et notamment les articles L312-1, L313-1, L314-3 \net suivants ; \n \nVU le d\u00e9cret du 10 avril 2024 portant nomination de Monsieur Denis ROBIN en qualit\u00e9 de \nDirecteur g\u00e9n\u00e9ral de l'Agence r\u00e9gionale de sant\u00e9 \u00cele-de-France \u00e0 compter du 29 avril 2024 ; \n \nVU l'arr\u00eat\u00e9 DS N\u00b0115/2024 du 25 septembre 2024 portant d\u00e9l\u00e9gation de signature \u00e0 Madame \nSt\u00e9phanie TALBOT, Directrice de l'autonomie de l'Agence r\u00e9gionale de sant\u00e9 \u00cele-de-\nFrance ; \n \nVU l'arr\u00eat\u00e9 n\u00b0  DIRNOV-2023/08 du 26 octobre 2023 de la Directrice g\u00e9n\u00e9rale de l'Agence \nr\u00e9gionale de sant\u00e9 \u00cele-de-France portant modification du cadre d'orientation strat\u00e9gique du \nprojet r\u00e9gional de sant\u00e9 \u00cele-de-France ; \n \nVU \n \n \nl'arr\u00eat\u00e9 n\u00b0  DIRNOV-2023/09 du 26 octobre 2023 de la Directrice g\u00e9n\u00e9rale de l'Agence \nr\u00e9gionale de sant\u00e9 \u00cele-de-France portant adoption du sch\u00e9ma r\u00e9gional de sant\u00e9 2023-2028 \ndu projet r\u00e9gional de sant\u00e9 \u00cele-de-France ; \n \nVU l'arr\u00eat\u00e9 n\u00b0 2023-162 de la Directrice g\u00e9n\u00e9rale de l'Agence r\u00e9gionale de sant\u00e9 \u00cele-de-France \ndu 19 juin 2023 \u00e9tablissant le programme interd\u00e9partemental d'accompagnement des \nhandicaps et de la perte d'autonomie (PRIAC) 2022-2026 pour la r\u00e9gion \u00cele-de-France ; \n \nVU l'arr\u00eat\u00e9 n\u00b0 2016-165 en date du 23  juin 2016, portant cession d'autorisation du SSIAD \n\u00ab Saint-Joseph \u00bb de 40 places situ\u00e9 \u00e0 Noisy -le-Grand, g\u00e9r\u00e9 par l'association \u00ab  Fran\u00e7oise \nCabrini \u00bb, au profit de l'association \u00ab La Pierre Angulaire \u00bb ;  \n \nVU l'annonce JOAFE n\u00b01137 parue le 6 avril 2021 actant le changement de d\u00e9nomination \nsociale du gestionnaire nouvellement d\u00e9nomm\u00e9 \u00ab  HABITAT ET HUMANISME SOIN  \u00bb \n(anciennement d\u00e9nomm\u00e9 \u00ab LA PIERRE ANGULAIRE \u00bb) ; \n  \nVU \n \nl'avis d'appel \u00e0 candidatures pour la cr\u00e9ation de 626 places de SSIAD pour personnes \u00e2g\u00e9es \nen \u00cele-de-France publi\u00e9 le 2 mai 2024 ; \n \nVU l'avis de s\u00e9lection de l'appel \u00e0 candidature s pour la cr\u00e9ation de places de SSIAD pour \npersonnes \u00e2g\u00e9es en \u00cele-de-France en date du 15 novembre 2024 ; \n \n \nCONSID\u00c9RANT que le projet d\u00e9pos\u00e9 par le SSIAD \u00ab Saint-Joseph \u00bb a \u00e9t\u00e9 retenu ; \n \nAgence R\u00e9gionale de Sant\u00e9 - IDF-2025-07-24-00030 - Arr\u00eat\u00e9 n\u00b0 2025-205 portant autorisation d'extension de 40 \u00e0 50 places du SSIAD\n\u00ab Saint-Joseph \u00bb g\u00e9r\u00e9 par l'association \u00ab HABITAT ET HUMANISME SOIN \u00bb 8\nCONSID\u00c9RANT que le projet r\u00e9pond \u00e0 un besoin identifi\u00e9 sur le d\u00e9partement ; \n  \nCONSID\u00c9RANT que le projet satisfait aux r\u00e8gles d'organisation et de fonctionnement pr\u00e9vues \npar le code de l'action sociale et des familles ; \n  \nCONSID\u00c9RANT que le financement de ces 10 nouvelles places de SSIAD pour personnes \u00e2g\u00e9es \nallou\u00e9 par l'ARS sera d\u00e9termin\u00e9 dans la limite de la dotation r\u00e9gionale limitative \net conform\u00e9ment \u00e0 la r\u00e9glementation sur la tarification des \u00e9tablissements et \nservices m\u00e9dico -sociaux en vigueur lors de l'ouverture, sous condition \nd'installation des places ; \n \nDans le cadre d'extension de place, la tarification des nouvelles places se base \nsur le FGS moyen de l'ann\u00e9e N par place autoris\u00e9e avec proratisation mensuelle \nsi les places sont cr\u00e9\u00e9es en cours d'exercice ; \n \n  \n \nARR\u00caTE  \n \n \nARTICLE 1er : L'autorisation visant \u00e0 l'extension de 10 places pour personnes \u00e2g\u00e9es du SSIAD \n\u00ab Saint Joseph  \u00bb est accord\u00e9e \u00e0 l'association  \u00ab HABITAT ET HUMANISME \nSOIN \u00bb dont le si\u00e8ge est situ\u00e9 69, chemin de Vassieux - 69300 Caluire-et-Cuire.  \n  \nARTICLE 2e : La capacit\u00e9 totale du SSIAD est fix\u00e9e \u00e0 50 places pour la prise en charge de \npersonnes \u00e2g\u00e9es de plus de 60 ans. \n  \nARTICLE 3e : Cette structure est r\u00e9pertori\u00e9e dans le Fichier National des Etablissements \nSanitaires et Sociaux (FINESS) de la fa\u00e7on suivante : \n \nN\u00b0 FINESS \u00e9tablissement : 93 000 020 3 \n \nCode cat\u00e9gorie : [354] SSIAD \nCode discipline : [358] Soins infirmiers \u00e0 domicile \nCode fonctionnement (type d'activit\u00e9) : [16] Prestation en milieu ordinaire  \nCode client\u00e8le : [700] Personnes \u00e2g\u00e9es \n   \nN\u00b0 FINESS du gestionnaire : 69 000 372 8 \n \nCode statut : [60] Association Loi 1901 non Reconnue d'Utilit\u00e9 Publique \n  \nARTICLE 4e : Le pr\u00e9sent arr\u00eat\u00e9 est sans effet concernant la dur\u00e9e d'autorisation accord\u00e9e \u00e0 \nl'\u00e9tablissement pour quinze ans \u00e0 compter de sa date de cr\u00e9ation ou de \nrenouvellement d'autorisation conform\u00e9ment aux conditions pr\u00e9vues aux articles \nL312-8 et L313-5 du code de l'action sociale et des familles. \n \nARTICLE 5e : \n \nLa pr\u00e9sente autorisation est r\u00e9put\u00e9e caduque en l'absence d'ouverture au public \ndans un d\u00e9lai de quatre ans \u00e0 compter de sa notification conform\u00e9ment aux articles \nL313-1 et D313-7-2 du code de l'action sociale et des familles. \n \nARTICLE 6e : Tout changement important dans l'activit\u00e9, l'installation, l'organisation, la direction \nou le fonctionnement de l'\u00e9tablissement ou du service doit \u00eatre port\u00e9 \u00e0 la \nconnaissance des autorit\u00e9s comp\u00e9tentes. \n  \nAgence R\u00e9gionale de Sant\u00e9 - IDF-2025-07-24-00030 - Arr\u00eat\u00e9 n\u00b0 2025-205 portant autorisation d'extension de 40 \u00e0 50 places du SSIAD\n\u00ab Saint-Joseph \u00bb g\u00e9r\u00e9 par l'association \u00ab HABITAT ET HUMANISME SOIN \u00bb 9\nGI\nARTICLE 7e : Un recours contre le pr\u00e9sent arr\u00eat\u00e9 peut \u00eatre form\u00e9 devant le tribunal administratif \ncomp\u00e9tent dans un d\u00e9lai de deux mois \u00e0 compter de sa notification.   \n  \nARTICLE 8e : La Directrice de la d\u00e9l\u00e9gation d\u00e9partementale de Seine -Saint-Denis de l'Agence \nr\u00e9gionale de sant\u00e9 \u00cele-de-France est charg\u00e9e de l'ex\u00e9cution du pr\u00e9sent arr\u00eat\u00e9 qui \nsera notifi\u00e9 au demandeur, publi\u00e9 aux recueils des actes administratifs de la \nR\u00e9gion \u00cele-de-France et du D\u00e9partement de la Seine Saint-Denis. \n \n \n \n \n         Fait \u00e0 Saint-Denis, le 24/07/2025 \n \n  Pour le Directeur g\u00e9n\u00e9ral \nde l'Agence r\u00e9gionale de sant\u00e9 \n\u00cele-de-France et par d\u00e9l\u00e9gation \n \nLa Directrice de l'autonomie \nSt\u00e9phanie TALBOT \n   \n \nAgence R\u00e9gionale de Sant\u00e9 - IDF-2025-07-24-00030 - Arr\u00eat\u00e9 n\u00b0 2025-205 portant autorisation d'extension de 40 \u00e0 50 places du SSIAD\n\u00ab Saint-Joseph \u00bb g\u00e9r\u00e9 par l'association \u00ab HABITAT ET HUMANISME SOIN \u00bb 10\nDirection r\u00e9gionale et interd\u00e9partementale de\nl'environnement, de l'am\u00e9nagement et des\ntransports d'\u00cele-de-France\nIDF-2025-08-07-00001\nArr\u00eat\u00e9 DRIEAT IdF n\u00b02025-0746\nAutorisant la mise en service de la fonction de\nprise en charge simplifi\u00e9e (PRCS) sur les navettes\nMP14 8 voitures circulant sur la ligne 14 du m\u00e9tro\nDirection r\u00e9gionale et interd\u00e9partementale de l'environnement, de l'am\u00e9nagement et des transports d'\u00cele-de-France -\nIDF-2025-08-07-00001 - Arr\u00eat\u00e9 DRIEAT IdF n\u00b02025-0746\nAutorisant la mise en service de la fonction de prise en charge simplifi\u00e9e (PRCS) sur les navettes MP14 8 voitures circulant sur la ligne\n14 du m\u00e9tro\n11\nPREFET .DE LA REGIOND'\u00ceLE-DE-FRANCELibert\u00e9Egalit\u00e9Fraternit\u00e9\nDirection r\u00e9gionale et interd\u00e9partementale\nde l'environnement, de l'am\u00e9nagement\net des transports d'\u00cele-de-France\nArr\u00eat\u00e9 DRIEAT IdF n\u00b02025-0746\nAutorisant la mise en service de la fonction de prise en charge simplifi\u00e9e (PRCS) sur\nles navettes MP14 8 voitures circulant sur la ligne 14 du m\u00e9tro\nLE PR\u00c9FET DE LA R\u00c9GION D'\u00ceLE-DE-FRANCE,\nPR\u00c9FET DE PARIS\nCOMMANDEUR DE LA L\u00c9GION D'HONNEUR\nOFFICIER DE L'ORDRE NATIONAL DU M\u00c9RITE\nVu le Code des transports\u00a0;\nVu le d\u00e9cret n\u00b0 2017-440 du 30 mars 2017 modifi\u00e9, relatif \u00e0 la s\u00e9curit\u00e9 des transports publics guid\u00e9s \net notamment ses articles 25 \u00e0 46\u00a0;\nVu l'arr\u00eat\u00e9 du 23 mai 2003 modifi\u00e9, relatif aux dossiers de s\u00e9curit\u00e9 des syst\u00e8mes de transport public\nguid\u00e9s urbains et notamment ses annexes 3 et 6\u00a0;\nVu l'arr\u00eat\u00e9  IDF-2022-07-19-00005  du  19  juillet  2022  portant  d\u00e9l\u00e9gation  de  signature  \u00e0  Mme\nEmmanuelle  GAY,  directrice  r\u00e9gionale  et  interd\u00e9partementale  de  l'environnement,  de\nl'am\u00e9nagement et des transports d'\u00cele-de-France, en mati\u00e8re administrative\u00a0;\nVu le courrier d'\u00cele-de-France Mobilit\u00e9s du 11 mars 2025 adress\u00e9 au pr\u00e9fet de la r\u00e9gion d'\u00cele-de-\nFrance, et sollicitant l'autorisation de mise en service de la fonction PRCS sur la ligne 14\u00a0;\nVu le dossier de s\u00e9curit\u00e9 \u00a0\u00ab\u00a0Modification du MP14 8v pour int\u00e9grer une fonction de conduite \u00e0 agent\nnon qualifi\u00e9 conduite (PRCS)\u00a0\u00bb dans sa version 1 de janvier 2025, transmis par le courrier susvis\u00e9\ndu 11 mars 2025 et ses compl\u00e9ments transmis par courriers du 22 mai et du 21 juillet 2025 ;\nVu le r\u00e8glement de s\u00e9curit\u00e9 de l'exploitation (RSE) du r\u00e9seau m\u00e9tro RATP dans sa version de juin\n2025 approuv\u00e9e par arr\u00eat\u00e9 DRIEAT Idf n\u00b02025-0638 du 29 juillet 2025\u00a0;\nVu le rapport de s\u00e9curit\u00e9 de l'organisme qualifi\u00e9 et agr\u00e9\u00e9 (OQA) Certifer dans sa version 3 du 17\njuillet 2025 ;\nVu L'avis du Pr\u00e9fet de police, Pr\u00e9fet coordonnateur pour le r\u00e9seau du Grand Paris Express, du 30 juin\n2025 et l'avis de la CCDSA-SIST des d\u00e9partements de Paris du 19 juin 2025\u00a0;\nVu l'avis du Bureau Nord-Ouest du STRMTG du 05 ao\u00fbt 2025.\nARR\u00caTE\nArticle 1 Le dossier de s\u00e9curit\u00e9 relatif \u00e0 la modification des navettes MP14 8 voitures de la ligne 14\ndu r\u00e9seau de m\u00e9tro francilien pour int\u00e9grer la fonction PRCS est approuv\u00e9.\nArticle 2 La circulation en exploitation commerciale des navettes MP14 8 voitures \u00e9quip\u00e9es de la\nfonction  \u00ab\u00a0PRCS\u00a0\u00bb est autoris\u00e9e dans les conditions d\u00e9finies ci-apr\u00e8s. \n                                                                                                                                                                                                                               1/2\nDirection r\u00e9gionale et interd\u00e9partementale de l'environnement, de l'am\u00e9nagement et des transports d'\u00cele-de-France -\nIDF-2025-08-07-00001 - Arr\u00eat\u00e9 DRIEAT IdF n\u00b02025-0746\nAutorisant la mise en service de la fonction de prise en charge simplifi\u00e9e (PRCS) sur les navettes MP14 8 voitures circulant sur la ligne\n14 du m\u00e9tro\n12\nArticle 3 La mise \u00e0 jour des manuels de conduite devra \u00eatre r\u00e9alis\u00e9e avant la mise en service de la\nfonction PRCS sur chaque train.\nArticle 4 Dans un d\u00e9lai de 3\u00a0mois apr\u00e8s la mise en service de la fonction PRCS, l 'exploitant devra\nconfirmer  la prise en compte de l'ensemble des recommandations pr\u00e9sent\u00e9es dans le\nJournal des points critiques de s\u00e9curit\u00e9 (JPCS). \nLe JPCS dans sa version finale pr\u00e9sentant l'ensemble des points clos devra \u00eatre transmis\npour information au bureau nord-ouest du STRMTG ;\nArticle 5 Dans un d\u00e9lai de 6 mois apr\u00e8s la mise en service de la fonction PRCS, un bilan de la\nformation des agents de station de la ligne 14 \u00e0 cette fonction devra \u00eatre transmis pour\ninformation au bureau nord-ouest du STRMTG. Ce bilan pr\u00e9sentera notamment\u00a0:\n\u2022 les \u00e9ventuelles \u00e9volutions apport\u00e9es \u00e0 la formation initiale et au temps de pratique\u00a0;\n\u2022 le nombre d'agents form\u00e9s\u00a0;\n\u2022 le contenu de la formation continue.\nArticle 6 Un bilan du retour d'exp\u00e9rience de l'utilisation de la fonction PRCS par les agents de\nstation de la ligne 14 sera pr\u00e9sent\u00e9 par l'exploitant aux services de l'\u00c9tat \u00e0 6\u00a0mois et un an\napr\u00e8s  la  mise  en  service.  Ce  bilan  pr\u00e9sentera  notamment  les  cas  d'utilisation  de  la\nfonction PRCS et les \u00e9ventuels manquements du point d'arr\u00eat normal d'exploitation en\nzone d'ouverture des portes pali\u00e8res.\nArticle 7 Toute modification de la vitesse de consigne et donc de la vitesse maximale en conduite\nPRCS constituera une modification des \u00e9l\u00e9ments pr\u00e9sent\u00e9s dans le dossier de s\u00e9curit\u00e9, et\ndevra faire l'objet d'\u00e9changes en amont avec les services de l'\u00c9tat.\nArticle 8 La Pr\u00e9f\u00e8te, Secr\u00e9taire g\u00e9n\u00e9rale aux politiques publiques de la pr\u00e9fecture de la r\u00e9gion\nd'\u00cele-de-France et la Directrice r\u00e9gionale et interd\u00e9partementale de l'environnement, de\nl'am\u00e9nagement  et  des  transports  d'\u00cele-de-France sont  charg\u00e9s,  chacune  en ce qui  la\nconcerne,  de  l'ex\u00e9cution  du  pr\u00e9sent  arr\u00eat\u00e9  qui  sera  publi\u00e9  au  recueil  des  actes\nadministratifs de la pr\u00e9fecture de la r\u00e9gion d'\u00cele-de-France.\nFait \u00e0 Paris, le\nPour le pr\u00e9fet de la r\u00e9gion d'\u00cele-de-France, \npr\u00e9fet de Paris, et par d\u00e9l\u00e9gation\nLe directeur adjoint risques, \u00e9nergie et nature\nSIGN\u00c9\nJean-Marc Picard\n                                                                                                                                                    2/2\nDirection r\u00e9gionale et interd\u00e9partementale de l'environnement, de l'am\u00e9nagement et des transports d'\u00cele-de-France -\nIDF-2025-08-07-00001 - Arr\u00eat\u00e9 DRIEAT IdF n\u00b02025-0746\nAutorisant la mise en service de la fonction de prise en charge simplifi\u00e9e (PRCS) sur les navettes MP14 8 voitures circulant sur la ligne\n14 du m\u00e9tro\n13","date":"2025-08-07","first_seen_on":"2025-08-07T16:46:38+00:00","id":"ab211d1c503f21d8659f485f9d14e3c4c5eddafc28bd1d5416c5201c156ab73b","name":"recueil-idf-014-2025-08-recueil-des-actes-administratifs-special du 07.08.2025","pdf_creation_date":"2025-08-07T15:20:28+00:00","pdf_modification_date":null,"timezone":"Europe/Paris","url":"https://www.prefectures-regions.gouv.fr/ile-de-france/irecontenu/telechargement/130117/957459/file/recueil-idf-014-2025-08-recueil-des-actes-administratifs-special%20du%2007.08.2025.pdf"}
