{"administration":"prefidf","administration_name":"Pr\u00e9fecture de la r\u00e9gion \u00cele-de-France","content":"PREFECTURE\nREGION ILE DE\nFRANCE\nRECUEIL DES ACTES\nADMINISTRATIFS SP\u00c9CIAL\nN\u00b0IDF-022-2025-12\nPUBLI\u00c9 LE  9 D\u00c9CEMBRE 2025\nSommaire\nAgence R\u00e9gionale de Sant\u00e9 /\nIDF-2025-12-08-00001 - Arr\u00eat\u00e9 2025-338 portant autorisation de\nnouvelles modalit\u00e9s d'offre de r\u00e9pit par l'\u00e9largissement de\nl'amplitude d'ouverture de l'Institut m\u00e9dico-\u00e9ducatif (IME) Jeune\nAPPEDIA \u00e0 Chatenay-Malabry g\u00e9r\u00e9 par l'association Les Papillons\nBlancs de la Colline  (4 pages) Page 4\nIDF-2025-12-02-00076 - Arr\u00eat\u00e9 n\u00b02025-328 portant approbation de\ncession d'autorisation du Service d'\u00e9ducation sp\u00e9ciale et de soins \u00e0\ndomicile (SESSAD) \"La Harpe\" g\u00e9r\u00e9 par l'association ASOIMEEP au\nprofit de l'association Handi Val de Seine (3 pages) Page 9\nIDF-2025-12-02-00077 - Arr\u00eat\u00e9 n\u00b02025-329 portant approbation de\ncession d'autorisation de l'Institut M\u00e9dico-Educatif (IME) de Poissy \u00e0\nPoissy g\u00e9r\u00e9 par l'association ASOIMEEP au profit de l'association Handi\nVal de Seine (4 pages) Page 13\nAgence R\u00e9gionale de Sant\u00e9 / Direction de l'Offre de Soins  - P\u00f4le RH\nen Sant\u00e9\nIDF-2025-12-09-00001 - D\u00e9cision n\u00b0ARS-DOS-2025/4809 portant sur\nl'autorisation de d\u00e9plafonnement des heures suppl\u00e9mentaires\n(Centre hospitalier\nintercommunal de Villeneuve-St-George) (2 pages) Page 18\nAgence R\u00e9gionale de Sant\u00e9 / Direction Veille et S\u00e9curit\u00e9 Sanitaires\nIDF-2025-12-05-00007 - D\u00e9cision n\u00b0 DVSS - QSPHARMBIO - 2025/033\nportant suppression de l'autorisation de la pharmacie \u00e0 usage int\u00e9rieur\nde l'Institut M\u00e9dico-Educatif Marie Auxiliatrice (2 pages) Page 21\nIDF-2025-12-05-00006 - D\u00e9cision n\u00b0 DVSS - QSPHARMBIO - 2025/034\nportant suppression de l'autorisation de la pharmacie \u00e0 usage int\u00e9rieur\nde la R\u00e9sidence Saint-Joseph (2 pages) Page 24\nDirection r\u00e9gionale et interd\u00e9partementale de l'h\u00e9bergement et du\nlogement / Service de l'accueil, de l'h\u00e9bergement et de l'insertion\nIDF-2025-12-08-00011 - Arr\u00eat\u00e9 fixant la dotation globale de financement\n2025 du CPOM interd\u00e9partemental CPH CASP 92 (2 pages) Page 27\nIDF-2025-12-08-00010 - Arr\u00eat\u00e9 modifiant l'arr\u00eat\u00e9 n\u00b0\nIDF-2025-11-24-00009 du  CADA COALLIA VAL D OISE  (3 pages) Page 30\nRectorat de la r\u00e9gion acad\u00e9mique d'Ile-de-France, rectorat de\nl'acad\u00e9mie de Paris /\nIDF-2025-12-08-00002 - Arr\u00eat\u00e9 n\u00b0 2025-175-RRA portant agr\u00e9ment au\ntitre de la Jeunesse et de l'\u00c9ducation Populaire pour l'association\nANIM\u00d6MES DE BEAUGRENELLE - SDJES de Paris (2 pages) Page 34\n2\nIDF-2025-12-08-00003 - Arr\u00eat\u00e9 n\u00b0 2025-176-RRA portant\nreconnaissance du tronc commun d'agr\u00e9ment d'une association\nANIM\u00d6MES DE BEAUGRENELLE - SDJES de Paris (2 pages) Page 37\nIDF-2025-12-08-00004 - Arr\u00eat\u00e9 n\u00b0 2025-177-RRA portant agr\u00e9ment au\ntitre de la Jeunesse et de l'\u00c9ducation Populaire pour l'association - SDJES\nde Paris (2 pages) Page 40\nIDF-2025-12-08-00005 - Arr\u00eat\u00e9 n\u00b0 2025-178-RRA portant\nreconnaissance du tronc commun d'agr\u00e9ment d'une association\nSAUVEGARDE DE L'ADOLESCENCE - SDJES de Paris (2 pages) Page 43\nIDF-2025-12-08-00006 - Arr\u00eat\u00e9 n\u00b0 2025-179-RRA portant agr\u00e9ment au\ntitre de la Jeunesse et de l'\u00c9ducation Populaire pour l'association CENTRE\nCOROT - ENTRAIDE D'AUTEUIL - SDJES de Paris  (2 pages) Page 46\nIDF-2025-12-08-00007 - Arr\u00eat\u00e9 n\u00b0 2025-180-RRA portant\nreconnaissance du tronc commun d'agr\u00e9ment d'une association\nCENTRE COROT - ENTRAIDE D'AUTEUIL - SDJES de Paris (2 pages) Page 49\nIDF-2025-12-08-00008 - Arr\u00eat\u00e9 n\u00b0 2025-181-RRA portant agr\u00e9ment au\ntitre de la Jeunesse et de l'\u00c9ducation Populaire pour l'association CROK\nCINE - SDJES de Paris  (2 pages) Page 52\nIDF-2025-12-08-00009 - Arr\u00eat\u00e9 n\u00b0 2025-182-RRA portant\nreconnaissance du tronc commun d'agr\u00e9ment d'une association\nCROK CINE - SDJES de Paris (2 pages) Page 55\n3\nAgence R\u00e9gionale de Sant\u00e9\nIDF-2025-12-08-00001\nArr\u00eat\u00e9 2025-338 portant autorisation de\nnouvelles modalit\u00e9s d'offre de r\u00e9pit par\nl'\u00e9largissement de l'amplitude d'ouverture de\nl'Institut m\u00e9dico-\u00e9ducatif (IME) Jeune APPEDIA \u00e0\nChatenay-Malabry g\u00e9r\u00e9 par l'association Les\nPapillons Blancs de la Colline \nAgence R\u00e9gionale de Sant\u00e9 - IDF-2025-12-08-00001 - Arr\u00eat\u00e9 2025-338 portant autorisation de nouvelles modalit\u00e9s d'offre de r\u00e9pit par\nl'\u00e9largissement de l'amplitude d'ouverture de l'Institut m\u00e9dico-\u00e9ducatif (IME) Jeune APPEDIA \u00e0 Chatenay-Malabry g\u00e9r\u00e9 par\nl'association Les Papillons Blancs de la Colline \n4\nREPUBLIQUEFRANCAISELibert\u00e9Egalit\u00e9Fraternit\u00e9 e \u00bb Agence R\u00e9gionale de Sant\u00e9Ile-de-France\n  \n \n \n \n \n \n \nAGENCE R\u00c9GIONALE DE SANT\u00c9 \u00ceLE-DE-FRANCE \nARRETE N\u00b0 2025 - 338 \nportant autorisation de nouvelles modalit\u00e9s d'offre de r\u00e9pit par l'\u00e9largissement \nde l'amplitude d'ouverture de l'Institut m\u00e9dico-\u00e9ducatif (IME) Jeune APPEDIA \nsis 58 avenue Edouard Depreux \u00e0 Ch\u00e2tenay-Malabry (92290), \n \ng\u00e9r\u00e9 par l'association Les Papillons Blancs de la Colline \n \n \nLE DIRECTEUR G\u00c9N\u00c9RAL DE L'AGENCE R\u00c9GIONALE DE SANT\u00c9 \u00ceLE-DE-FRANCE \n \n \nVU le code de l'action sociale et des familles et notamment les articles L. 312-1, L. 313-1, L. \n314-3 et suivants ; \n \nVU le d\u00e9cret du 10 avril 2024 portant nomination de Monsieur Denis ROBIN, Directeur g\u00e9n\u00e9ral \nde l'Agence r\u00e9gionale de sant\u00e9 \u00cele-de-France \u00e0 compter du 29 avril 2024 ; \n \nVU l'arr\u00eat\u00e9 DS N\u00b0115/2024 du 25 septembre 2024 portant d\u00e9l\u00e9gation de signature \u00e0 Madame \nSt\u00e9phanie TALBOT, Directrice de l'autonomie ; \n \nVU l'arr\u00eat\u00e9 n\u00b0 DIRNOV-2023/08 de la Directrice g\u00e9n\u00e9rale de l'Agence r\u00e9gionale de sant\u00e9 \u00cele-\nde-France en date du 26 octobre 2023 portant adoption du cadre d'orientation strat\u00e9gique \n2018-2028 du projet r\u00e9gional de sant\u00e9 d'\u00cele-de-France ; \n \nVU l'arr\u00eat\u00e9 n\u00b0 DIRNOV-2023/09 de la Directrice g\u00e9n\u00e9rale de l'Agence r\u00e9gionale de sant\u00e9 \u00cele-\nde-France en date du 26 octobre 2023 portant adoption du sch\u00e9ma r\u00e9gional de sant\u00e9 \n2023-2028 du projet r\u00e9gional de sant\u00e9 d' \u00cele-de-France, modifi\u00e9 par l'arr\u00eat\u00e9 n\u00b0DIRNOV -\n2023/09 en date du 12 janvier 2024 ; \n \nVU l'arr\u00eat\u00e9 n\u00b0 2023-346 de la Directrice g\u00e9n\u00e9rale de l'Agence r\u00e9gionale de sant\u00e9 \u00cele-de-France \nen date du 4 d\u00e9cembre 2023  \u00e9tablissant le programme interd\u00e9partemental \nd'accompagnement des handicaps et de la perte d'autonomie (PRIAC) 2023-2027 pour la \nr\u00e9gion \u00cele-de-France ; \n \nVU l'arr\u00eat\u00e9 n\u00b0 96.949 du 13 mai 1996 autorisant le projet pr\u00e9sent\u00e9 par l'Association de Parents \net Professionnels pour l'\u00c9ducation, le D\u00e9veloppement et l'Int\u00e9gration des Autistes \nApparent\u00e9s (APPEDIA) tendant \u00e0 la cr\u00e9ation d e l'Institut m\u00e9dico -\u00e9ducatif (IME) Jeune \nAPPEDIA d'une capacit\u00e9 de 15 places , dont 8 places en internat, destin\u00e9es \u00e0 des \nadolescents des deux sexes autistes ou ayant des troubles globaux de la personnalit\u00e9 \nassoci\u00e9s, \u00e2g\u00e9s de 14 \u00e0 20 ans, situ\u00e9 58 avenue Edouard Depreux \u00e0 Ch \u00e2tenay-Malabry \n(92290) ; \n \nVU l'arr\u00eat\u00e9 n\u00b0 2011-205 du 15 d\u00e9cembre 2011  autorisant l'Institut m\u00e9dico-\u00e9ducatif (IME)  \nJeune APPEDIA \u00e0 recevoir 16 jeunes \u00e2g\u00e9s de 12 \u00e0 20 ans dont 8 places en internat, 7 \nplaces en semi-internat et 1 place en accueil temporaire semi-internat ; \n \nAgence R\u00e9gionale de Sant\u00e9 - IDF-2025-12-08-00001 - Arr\u00eat\u00e9 2025-338 portant autorisation de nouvelles modalit\u00e9s d'offre de r\u00e9pit par\nl'\u00e9largissement de l'amplitude d'ouverture de l'Institut m\u00e9dico-\u00e9ducatif (IME) Jeune APPEDIA \u00e0 Chatenay-Malabry g\u00e9r\u00e9 par\nl'association Les Papillons Blancs de la Colline \n5\n       2 \n \nVU l'arr\u00eat\u00e9 n\u00b0 2019-115 du 5 juillet 2019 autorisant la cession de l'autorisation de l'IME Jeune \nAPPEDIA sis 58 avenue Edouard Depreux \u00e0 Ch \u00e2tenay-Malabry (92290)  d\u00e9tenue par \nl'association APPEDIA Autisme, au profit de l'association Les Papillons Blancs APPEDIA \ndevenue Les Papillons Blancs de la Colline, dont le si\u00e8ge social est situ\u00e9 au 155 bureaux \nde la Colline \u00e0 Saint-Cloud (92213) ; \n \nVU le contrat pluriannuel d'objectifs et de moyens portant sur les ann\u00e9es 2023-2027 sign\u00e9 le \n19 d\u00e9cembre 2022 ; \n \nVU la demande de l'association Les Papillons Blancs de la Colline visant \u00e0 p\u00e9renniser leur \noffre de r\u00e9pit d\u00e9nomm\u00e9e \u00ab Les Papillons Loisirs \u00bb ; \n \n \n \n \n \n \n \nCONSID\u00c9RANT          que le projet vise \u00e0 augmenter le nombre de jours d'ouverture \u00e0 hauteur de \n30 jours suppl\u00e9mentaires par an de mani\u00e8re \u00e0 permettre l'accueil de 14 \nenfants en s\u00e9jour de r\u00e9pit : \n- en accueil de jour du lundi au vendredi durant la deuxi\u00e8me semaine des \nvacances scolaires de la Toussaint, de No\u00ebl , d'hiver et de P\u00e2ques ; \n- du lundi au vendredi pendant deux semaines durant les vacances d'\u00e9t\u00e9, \ndont 5 enfants qui seront accueillis en internat. \n \nCONSID\u00c9RANT  que l'\u00e9tablissement est pleinement engag\u00e9 dans la d\u00e9marche de la \nR\u00e9ponse accompagn\u00e9e pour tous (RAPT) sur le d\u00e9partement des Hauts-\nde-Seine ; \n \nCONSID\u00c9RANT  que le projet r\u00e9pond \u00e0 un besoin de d\u00e9veloppement de l'offre m\u00e9dico -\nsociale identifi\u00e9 sur le d\u00e9partement des Hauts-de-Seine pour les personnes \nsans solution, identifi\u00e9es et prioris\u00e9es par les acteurs de la RAPT ; \n \nCONSID\u00c9RANT qu'il est compatible avec les objectifs et r\u00e9pond aux besoins sociaux et \nm\u00e9dico-sociaux fix\u00e9s par le sch\u00e9ma r\u00e9gional de sant\u00e9 ;  \n \nCONSID\u00c9RANT qu'il satisfait aux r\u00e8gles d'organisation et de fonctionnement pr\u00e9vues par le \ncode de l'action sociale et des familles ;  \n \nCONSID\u00c9RANT qu'il pr\u00e9sente un co\u00fbt de fonctionnement en ann\u00e9e pleine compatible avec \nle PRIAC  \u00cele-de-France et avec le montant de l'une des dotations \nmentionn\u00e9es \u00e0 l'article L. 314-3 du code de l'action sociale et des familles ; \n \nCONSID\u00c9RANT que l'Agence r\u00e9gionale de sant\u00e9 \u00cele-de-France dispose pour ce projet des \ncr\u00e9dits n\u00e9cessaires \u00e0 sa mise en \u0153uvre \u00e0 hauteur de 177 496  euros au \ntitre de l'enveloppe d\u00e9partementale des Hauts-de-Seine d\u00e9di\u00e9e au r\u00e9pit ; \n \n \n \n \n \n \n \n \nAgence R\u00e9gionale de Sant\u00e9 - IDF-2025-12-08-00001 - Arr\u00eat\u00e9 2025-338 portant autorisation de nouvelles modalit\u00e9s d'offre de r\u00e9pit par\nl'\u00e9largissement de l'amplitude d'ouverture de l'Institut m\u00e9dico-\u00e9ducatif (IME) Jeune APPEDIA \u00e0 Chatenay-Malabry g\u00e9r\u00e9 par\nl'association Les Papillons Blancs de la Colline \n6\n       3 \n \nARR\u00caTE \n \n \n \n \nARTICLE 1er :  L'autorisation visant \u00e0 la mise en \u0153uvre  de nouvelles modalit\u00e9s d'offre s de r\u00e9pit  \nnomm\u00e9es \u00ab Les Papillons Loisirs \u00bb, par l'\u00e9largissement de l'amplitude d'ouverture de \nl'IME Jeune APPEDIA sis 58 avenue Edouard Depreux \u00e0 Ch\u00e2tenay-Malabry (92290) \nau-del\u00e0 de 210 jours , soit 30 jours suppl\u00e9mentaires par an,  est accord\u00e9e \u00e0 \nl'association Les Papillons Blancs de la Colline  dont le si\u00e8ge social se situe au 155 \nBureaux de la Colline \u00e0 Saint-Cloud (92210). \n Ces places sont destin\u00e9es \u00e0 accueillir des enfants , adolescents et jeunes adultes \n\u00e2g\u00e9s de 0 \u00e0 20 ans sans solution, identifi\u00e9s et prioris\u00e9s par les acteurs de la RAPT. \n \nARTICLE 2e :  La capacit\u00e9 totale de l'IME Jeune APPEDIA reste inchang\u00e9e, elle est de 16 places \ndestin\u00e9es \u00e0 des enfants, adolescents et jeunes adultes pr\u00e9sentant des troubles du \nspectre de l'autisme, r\u00e9parties comme suit : \n- 7 places d'accueil de jour ; \n- 1 place d'accueil temporaire de jour ; \n- 8 places d'h\u00e9bergement complet internat. \n \nARTICLE 3e :  Conform\u00e9ment aux termes du dernier alin\u00e9a du I de l'article D. 312 -0-3 du code de \nl'action sociale et des familles, a ucune sp\u00e9cialisation n'exclut la prise en charge de \npersonnes pr\u00e9sentant des troubles associ\u00e9s \u00e0 ceux qui font l'objet de la pr\u00e9sente \nautorisation.  \n \nARTICLE 4e :  L'IME Jeune APPEDIA est r\u00e9pertori\u00e9e dans le Fichier National des Etablissements \nSanitaires et Sociaux (FINESS) de la fa\u00e7on suivante : \n N\u00b0 FINESS de l'\u00e9tablissement : 92 000 391 0 \nCode cat\u00e9gorie : \n \n[183] \u2013 Institut M\u00e9dico-Educatif (IME) \n \nCode discipline : \n \n[844] - Tous projets \u00e9ducatifs th\u00e9rapeutiques et p\u00e9dagogique \n \nCode fonctionnement : \n[21] - Accueil de jour \n[44] - Accueil temporaire de jour \n[11] - H\u00e9bergement complet internat\n   \n7 places \n1 place \n8 places \nCode client\u00e8le : [437] - Troubles du spectre de l'autisme 16 places \n \nCode mode de fixation des tarifs : [57] - ARS /ARS PCD Dotation forfait ou prix de \njourn\u00e9e globalis\u00e9 dans le cadre d'un CPOM \nN\u00b0 FINESS du gestionnaire : 92 071 818 6 \nCode statut : 61 (Association Loi 1901 Reconnue d'Utilit\u00e9 Publique) \n \nARTICLE 5e : Conform\u00e9ment aux dispositions de l'article D. 313-12-1 du code de l'action sociale et \ndes familles, la pr\u00e9sente autorisation est valable sous r\u00e9serve de la transmission, aux \nautorit\u00e9s comp\u00e9tentes, avant la date d'entr\u00e9e en service de la nouvelle capacit\u00e9 \nautoris\u00e9e, d'une d\u00e9claration sur l'honneur attestant de la conformit\u00e9 de \nl'\u00e9tablissement ou du service aux conditions techniques minimales d'organisation et \nde fonctionnement mentionn\u00e9es au II de l'article L. 312-1 du m\u00eame code. \n \nAgence R\u00e9gionale de Sant\u00e9 - IDF-2025-12-08-00001 - Arr\u00eat\u00e9 2025-338 portant autorisation de nouvelles modalit\u00e9s d'offre de r\u00e9pit par\nl'\u00e9largissement de l'amplitude d'ouverture de l'Institut m\u00e9dico-\u00e9ducatif (IME) Jeune APPEDIA \u00e0 Chatenay-Malabry g\u00e9r\u00e9 par\nl'association Les Papillons Blancs de la Colline \n7\nsigh\"\n       4 \n \nARTICLE 6e : Elle est caduque en l'absence d'ouverture au public de l'\u00e9tablissement ou du service \ndans un d\u00e9lai de quatre ans suivant la notification de la d\u00e9cision d'autorisation  \nconform\u00e9ment aux articles L. 313-1 et D. 313-7-2 du code de l'action sociale et des \nfamilles. \n \nARTICLE 7e : Tout changement important dans l'activit\u00e9, l'installation, l'organisation, la direction ou \nle fonctionnement de l'\u00e9tablissement ou du service doit \u00eatre port\u00e9 \u00e0 la connaissance \nde l'autorit\u00e9 comp\u00e9tente. \n \n \nARTICLE 8e : Un recours contre le pr\u00e9sent arr\u00eat\u00e9 peut \u00eatre form\u00e9 devant le tribunal administratif \ncomp\u00e9tent dans un d\u00e9lai de deux mois \u00e0 compter de sa notification ou, pour les tiers, \n\u00e0 compter de sa publication. \n \nARTICLE 9e : Le Directeur de la d\u00e9l\u00e9gation d\u00e9partementale des Hauts -de-Seine de l'Agence \nr\u00e9gionale de sant\u00e9 \u00cele-de-France est charg\u00e9 de l'ex\u00e9cution du pr\u00e9sent arr\u00eat\u00e9 qui sera \npubli\u00e9 aux recueils des actes administratifs de la R\u00e9gion \u00cele-de-France et au bulletin \nofficiel du D\u00e9partement des Hauts-de-Seine. \n \n \n \n \n        Fait \u00e0 Saint-Denis, le 08 d\u00e9c 2025  \n \n \n Pour le Directeur g\u00e9n\u00e9ral  \n de l'Agence r\u00e9gionale de sant\u00e9  \n  \u00cele-de-France et par d\u00e9l\u00e9gation \n    \n \n \n \n \n     \n  St\u00e9phanie TALBOT \n \n \n \n \nAgence R\u00e9gionale de Sant\u00e9 - IDF-2025-12-08-00001 - Arr\u00eat\u00e9 2025-338 portant autorisation de nouvelles modalit\u00e9s d'offre de r\u00e9pit par\nl'\u00e9largissement de l'amplitude d'ouverture de l'Institut m\u00e9dico-\u00e9ducatif (IME) Jeune APPEDIA \u00e0 Chatenay-Malabry g\u00e9r\u00e9 par\nl'association Les Papillons Blancs de la Colline \n8\nAgence R\u00e9gionale de Sant\u00e9\nIDF-2025-12-02-00076\nArr\u00eat\u00e9 n\u00b02025-328 portant approbation de\ncession d'autorisation du Service d'\u00e9ducation\nsp\u00e9ciale et de soins \u00e0 domicile (SESSAD) \"La\nHarpe\" g\u00e9r\u00e9 par l'association ASOIMEEP au profit\nde l'association Handi Val de Seine\nAgence R\u00e9gionale de Sant\u00e9 - IDF-2025-12-02-00076 - Arr\u00eat\u00e9 n\u00b02025-328 portant approbation de cession d'autorisation du Service\nd'\u00e9ducation sp\u00e9ciale et de soins \u00e0 domicile (SESSAD) \"La Harpe\" g\u00e9r\u00e9 par l'association ASOIMEEP au profit de l'association Handi Val\nde Seine\n9\nREPUBLIQUEFRANCAISELibert\u00e9Egalit\u00e9Fraternit\u00e9\n\u00a9 > Agence R\u00e9gionale de Sant\u00e9Ile-de-France\n \n \n \n \n \n \n \n \n \nAGENCE R\u00c9GIONALE DE SANT\u00c9 \u00ceLE-DE-FRANCE \n \nARRETE N\u00b0 2025 - 328 \n  \nportant approbation de cession d'autorisation du Service d'\u00e9ducation sp\u00e9ciale et de soins \n\u00e0 domicile (SESSAD) \u00ab La Harpe \u00bb \ng\u00e9r\u00e9 par l'association ASOIMEEP au profit de l'association Handi Val de Seine \n \n \n \n \nLE DIRECTEUR G\u00c9N\u00c9RAL DE L'AGENCE R\u00c9GIONALE DE SANT\u00c9 \u00ceLE-DE-FRANCE \n \nVU le code de l'action sociale et des familles et notamment les articles L. 312-1, L. 313-1, L. \n314-3 et suivants ; \n \nVU        le d\u00e9cret du 10 avril 2024 portant nomination de Monsieur Denis ROBIN, Directeur g\u00e9n\u00e9ral \nde l'Agence r\u00e9gionale de sant\u00e9 \u00cele-de-France \u00e0 compter du 29 avril 2024 ; \n \nVU l'arr\u00eat\u00e9 n\u00b0 DIRNOV-2023/08 de la Directrice g\u00e9n\u00e9rale de l'Agence r\u00e9gionale de sant\u00e9 \u00cele-\nde-France en date du 26 octobre 2023 portant adoption du cadre d'orientation strat\u00e9gique \n2018-2028 du projet r\u00e9gional de sant\u00e9 d'\u00cele-de-France ; \n \nVU l'arr\u00eat\u00e9 n\u00b0 DIRNOV-2023/09 de la Directrice g\u00e9n\u00e9rale de l'Agence r\u00e9gionale de sant\u00e9 \u00cele-\nde-France en date du 26 octobre 2023 portant adoption du sch\u00e9ma r\u00e9gional de sant\u00e9 \n2023-2028 du projet r\u00e9gional de sant\u00e9 d' \u00cele-de-France, modifi\u00e9 par l'arr\u00eat\u00e9 n\u00b0DIRNOV -\n2023/09 en date du 12 janvier 2024 ; \n \nVU l'arr\u00eat\u00e9 n\u00b0 2023-346 de la Directrice g\u00e9n\u00e9rale de l'Agence r\u00e9gionale de sant\u00e9 \u00cele-de-France \nen date du 4 d\u00e9cembre 2023 \u00e9tablissant le programme interd\u00e9partemental \nd'accompagnement des handicaps et de la perte d'autonomie (PRIAC) 2023-2027 pour la \nr\u00e9gion \u00cele-de-France ; \n \nVU l'arr\u00eat\u00e9 n\u00b0A-04-01488 en date du 30 ao\u00fbt 2004 autorisant l'association ASOIMEEP \u00e0 cr\u00e9er \nun SESSAD d\u00e9nomm\u00e9 \u00ab  La Harpe  \u00bb de 13 places prenant en charge des enfants et \nadolescents des deux sexes \u00e2g\u00e9s de 6 \u00e0 20 ans, pr\u00e9sentant une d\u00e9ficience intellectuelle \navec ou sans troubles associ\u00e9s en int\u00e9gration \u00e0 temps complet ou \u00e0 temps partiel \nEducation Nationale ; \n \nVU l'arr\u00eat\u00e9 n\u00b0A-05-01202 en date du 27 juin 2005 autorisant l'extension de 13 \u00e0 30 places du \nSESSAD La Harpe port\u00e9 par l'association ASOIMEEP ; \n \nVU le proc\u00e8s-verbal en date du 18 octobre 2018 du conseil d'administration de l'association \nHandi Val de Seine ; \n \nVU le proc\u00e8s-verbal en date du 15 octobre 2020 du conseil d'administration de l'association \nASOIMEEP ; \n \nAgence R\u00e9gionale de Sant\u00e9 - IDF-2025-12-02-00076 - Arr\u00eat\u00e9 n\u00b02025-328 portant approbation de cession d'autorisation du Service\nd'\u00e9ducation sp\u00e9ciale et de soins \u00e0 domicile (SESSAD) \"La Harpe\" g\u00e9r\u00e9 par l'association ASOIMEEP au profit de l'association Handi Val\nde Seine\n10\n       2 \n \nVU l'extrait du registre des d\u00e9lib\u00e9rations du conseil municipal de Poissy en date du 24 juin \n2024 relatif \u00e0 la fusion-absorption de l'association ASOIMEEP par l'association Handi Val \nde Seine approuv\u00e9e par la majorit\u00e9 des membres ; \n \nVU le proc\u00e8s-verbal de l'assembl\u00e9e g\u00e9n\u00e9rale extraordinaire de l'ASOIMEEP en date du 9 \nseptembre 2025 approuvant le trait\u00e9 de fusion conclu entre l'association Handi Val de \nSeine et l'association ASOIMEEP et la dissolution sans liquidation ; \n \nVU  le proc\u00e8s -verbal de l'assembl\u00e9e g\u00e9n\u00e9rale extraordinaire de l'association Handi Val de \nSeine en date du 9 septembre 2025 approuvant le trait\u00e9 de fusion conclu entre \nl'association Handi Val de Seine et l'association ASOIMEEP ; \n \nVU le trait\u00e9 de fusion -absorption sign\u00e9 le 9 septembre 2025  par l'association Handi Val de \nSeine et l'association ASOIMEEP ;  \n \nVU la demande de l'association Handi Val de Seine en date du 24 septembre 2025 visant \u00e0 \nla cession des autorisations de gestion de l'\u00e9tablissement et du service d\u00e9tenus par \nl'association ASOIMEEP au profit de l'association Handi Val de Seine. \n \n \n \n \nCONSID\u00c9RANT      que l'op\u00e9ration de fusion-absorption entra\u00eene la dissolution sans liquidation \nde l'association ASOIMEEP, et la transmission universelle du patrimoine, \ndroits et engagements souscrits par l'association ASOIMEEP au profit de \nl'association Handi Val de Seine ; \n \nCONSID\u00c9RANT que la cession d'autorisation est effective \u00e0 compter du 1er janvier 2026 ;  \n \nCONSID\u00c9RANT que l'op\u00e9ration  est compatible avec les objectifs et r\u00e9pond aux besoins \nsociaux et m\u00e9dico-sociaux fix\u00e9s par le sch\u00e9ma r\u00e9gional de sant\u00e9 ;  \n \nCONSID\u00c9RANT que le projet  satisfait aux r\u00e8gles d'organisation et de fonctionnement \npr\u00e9vues par le code de l'action sociale et des familles ;  \n \nCONSID\u00c9RANT qu'il pr\u00e9sente un co\u00fbt de fonctionnement en ann\u00e9e pleine compatible avec \nle PRIAC  \u00cele-de-France et avec le montant de l'une des dotations \nmentionn\u00e9es \u00e0 l'article L. 314-3 du code de l'action sociale et des familles ; \n \nCONSID\u00c9RANT  que l'op\u00e9ration peut s'effectuer  \u00e0 moyens constants  et n'entra\u00eene donc \naucun surco\u00fbt ; \n \n \n       \n \nARR\u00caTE  \n \nARTICLE 1er : La cession d'autorisation du SESSAD La Harpe sis 11 rue du 11 novembre 1918 \u00e0 \nPoissy (78300) g\u00e9r\u00e9 par l'association ASOIMEEP au profit de l'association Handi Val \nde Seine est accord\u00e9e \u00e0 compter du 1er janvier 2026. \n \nARTICLE 2e :  La capacit\u00e9 totale du SESSAD La Harpe est de 30 places destin\u00e9es \u00e0 accueillir en \nmilieu ordinaire des enfants, adolescents et jeunes adultes  \u00e2g\u00e9s de 0 \u00e0 20 ans \npr\u00e9sentant une d\u00e9ficience intellectuelle. \nAgence R\u00e9gionale de Sant\u00e9 - IDF-2025-12-02-00076 - Arr\u00eat\u00e9 n\u00b02025-328 portant approbation de cession d'autorisation du Service\nd'\u00e9ducation sp\u00e9ciale et de soins \u00e0 domicile (SESSAD) \"La Harpe\" g\u00e9r\u00e9 par l'association ASOIMEEP au profit de l'association Handi Val\nde Seine\n11\nSige'\n       3 \n \nARTICLE 3e :  Conform\u00e9ment aux termes du dernier alin\u00e9a du I de l'article D. 312 -0-3 du code de \nl'action sociale et des familles, a ucune sp\u00e9cialisation n'exclut la prise en charge de \npersonnes pr\u00e9sentant des troubles associ\u00e9s \u00e0 ceux qui font l'objet de la pr\u00e9sente \nautorisation.  \n \nARTICLE 4e :  Cette structure est r\u00e9pertori\u00e9e dans le Fichier National des Etablissements Sanitaires \net Sociaux (FINESS) de la fa\u00e7on suivante : \n \nN\u00b0 FINESS de l'\u00e9tablissement : 780009098 \n \nCode cat\u00e9gorie : [182] \u2013 Service d'Education Sp\u00e9ciale et de Soins \u00e0 Domicile \n \nCode discipline :  \n \n[844] \u2013 Tous projets \u00e9ducatifs, p\u00e9dagogiques et \nth\u00e9rapeutiques \n \n \nCode fonctionnement :  \n \n[16] \u2013 Prestation en milieu ordinaire 30 places \nCode client\u00e8le : \n \n[117] \u2013 D\u00e9ficience intellectuelle 30 places \nCode mode de fixation des tarifs : [34] \u2013 ARS / DG Dotation Globale  \n \nN\u00b0 FINESS du gestionnaire : 780804415 \n \nCode statut : [60] Association Loi 1901 non Reconnue d'Utilit\u00e9 Publique \n \n \nARTICLE 5e : En application de l'article L.313-5 du code de l'action sociale et des familles, la dur\u00e9e \nde l'autorisation initiale n'est pas prorog\u00e9e.   \n \nARTICLE 6e :   Tout changement important dans l'activit\u00e9, l'installation, l'organisation, la direction ou \nle fonctionnement de l'\u00e9tablissement ou du service doit \u00eatre port\u00e9 \u00e0 la connaissance \nde l'autorit\u00e9 comp\u00e9tente. \n \nARTICLE 7e :  Un recours contre le pr\u00e9sent arr\u00eat\u00e9 peut \u00eatre form\u00e9 devant le tribunal administratif \ncomp\u00e9tent dans un d\u00e9lai de deux mois \u00e0 compter de sa notification ou, pour les tiers, \n\u00e0 compter de sa publication.   \n \nARTICLE 8e :   Le Directeur de la d\u00e9l\u00e9gation d\u00e9partementale des Yvelines de l'Agence r\u00e9gionale de \nsant\u00e9 \u00cele-de-France est charg\u00e9 de l'ex\u00e9cution du pr\u00e9sent arr\u00eat\u00e9  qui sera publi\u00e9 au \nrecueil des actes administratifs de la R\u00e9gion \u00cele-de-France. \n \n       \n Fait \u00e0 Saint-Denis, le 02 d\u00e9c 2025  \n \n       \n Pour le Directeur g\u00e9n\u00e9ral \n de l'Agence r\u00e9gionale de sant\u00e9 \n \u00cele-de-France, et par d\u00e9l\u00e9gation \nLa Directrice g\u00e9n\u00e9rale adjointe \n \n \n \n Sophie MARTINON \n  \nAgence R\u00e9gionale de Sant\u00e9 - IDF-2025-12-02-00076 - Arr\u00eat\u00e9 n\u00b02025-328 portant approbation de cession d'autorisation du Service\nd'\u00e9ducation sp\u00e9ciale et de soins \u00e0 domicile (SESSAD) \"La Harpe\" g\u00e9r\u00e9 par l'association ASOIMEEP au profit de l'association Handi Val\nde Seine\n12\nAgence R\u00e9gionale de Sant\u00e9\nIDF-2025-12-02-00077\nArr\u00eat\u00e9 n\u00b02025-329 portant approbation de\ncession d'autorisation de l'Institut\nM\u00e9dico-Educatif (IME) de Poissy \u00e0 Poissy g\u00e9r\u00e9 par\nl'association ASOIMEEP au profit de l'association\nHandi Val de Seine\nAgence R\u00e9gionale de Sant\u00e9 - IDF-2025-12-02-00077 - Arr\u00eat\u00e9 n\u00b02025-329 portant approbation de cession d'autorisation de l'Institut\nM\u00e9dico-Educatif (IME) de Poissy \u00e0 Poissy g\u00e9r\u00e9 par l'association ASOIMEEP au profit de l'association Handi Val de Seine 13\nREPUBLIQUEFRANCAISELibert\u00e9Egalit\u00e9Fraternit\u00e9\ne \u00bb Agence R\u00e9gionale de Sant\u00e9Ile-de-France\n \n \n \n \n \n \n \n \n \nAGENCE R\u00c9GIONALE DE SANT\u00c9 \u00ceLE-DE-FRANCE \n \nARRETE N\u00b0 2025 \u2013 329  \n  \nportant approbation de cession d'autorisation de l'Institut M\u00e9dico-Educatif (IME) de Poissy \nsis 13 Boulevard de la Paix \u00e0 Poissy (78300) \ng\u00e9r\u00e9 par l'association ASOIMEEP au profit de l'association Handi Val de Seine \n \n \n \n \nLE DIRECTEUR G\u00c9N\u00c9RAL DE L'AGENCE R\u00c9GIONALE DE SANT\u00c9 \u00ceLE-DE-FRANCE \n \n \nVU le code de l'action sociale et des familles et notamment les articles L. 312-1, L. 313-1,   L. \n314-3 et suivants ; \n \nVU        le d\u00e9cret du 10 avril 2024 portant nomination de Monsieur Denis ROBIN, Directeur g\u00e9n\u00e9ral \nde l'Agence r\u00e9gionale de sant\u00e9 \u00cele-de-France \u00e0 compter du 29 avril 2024 ; \n \nVU l'arr\u00eat\u00e9 n\u00b0 DIRNOV-2023/08 de la Directrice g\u00e9n\u00e9rale de l'Agence r\u00e9gionale de sant\u00e9 \u00cele-\nde-France en date du 26 octobre 2023 portant adoption du cadre d'orientation strat\u00e9gique \n2018-2028 du projet r\u00e9gional de sant\u00e9 d'\u00cele-de-France ; \n \nVU l'arr\u00eat\u00e9 n\u00b0 DIRNOV-2023/09 de la Directrice g\u00e9n\u00e9rale de l'Agence r\u00e9gionale de sant\u00e9 \u00cele-\nde-France en date du 26 octobre 2023 portant adoption du sch\u00e9ma r\u00e9gional de sant\u00e9 \n2023-2028 du projet r\u00e9gional de sant\u00e9 d' \u00cele-de-France, modifi\u00e9 par l'arr\u00eat\u00e9 n\u00b0DIRNOV -\n2023/09 en date du 12 janvier 2024 ; \n \nVU l'arr\u00eat\u00e9 n\u00b0 2023-346 de la Directrice g\u00e9n\u00e9rale de l'Agence r\u00e9gionale de sant\u00e9 \u00cele-de-France \nen date du 4 d\u00e9cembre 2023 \u00e9tablissant le programme interd\u00e9partemental \nd'accompagnement des handicaps et de la perte d'autonomie (PRIAC) 2023-2027 pour la \nr\u00e9gion \u00cele-de-France ; \n \nVU l'arr\u00eat\u00e9 n\u00b094-58 en date du 9 f\u00e9vrier 1994 portant autorisation de l'IME de Poissy g\u00e9r\u00e9 par \nl'association des organismes d' aide aux handicap\u00e9s de la R\u00e9gion de Poissy , de \nfonctionner au titre de l'annexe XXIV du d\u00e9cret du 9 mars 1956 modifi\u00e9 par le d\u00e9cret n\u00b089-\n798 du 27 octobre 1989 pour 72 enfants et adolescents de 6 \u00e0 20 ans d\u00e9ficients \nintellectuels avec ou sans troubles associ\u00e9s en semi-internat ;   \n \nVU l'arr\u00eat\u00e9 n\u00b02001-1873 en date du 27 ao\u00fbt 2001 portant autorisation d'extension de l'IME de \nPoissy, g\u00e9r\u00e9 par l'a ssociation des organismes d'aide aux handicap\u00e9s de la r\u00e9gion de \nPoissy, de 72 \u00e0 77 places, en semi-internat, pour les enfants et adolescents \u00e2g\u00e9s de 6 \u00e0 \n20 ans, pr\u00e9sentant une d\u00e9ficience intellectuelle avec ou sans troubles associ\u00e9s ; \n \nVU l'arr\u00eat\u00e9 n\u00b02003-1112 en date du 20 juin 2003 portant transfert de l'autorisation de l'IME de \nPoissy de l'Association des Organismes d'Aide aux Handicap\u00e9s de la R\u00e9gion de Poissy \n\u00ab La Harpe \u00bb au profit de l'association pour les soins m\u00e9dicaux et \u00e9ducatifs de  Poissy \n(ASOIMEEP) ;   \nAgence R\u00e9gionale de Sant\u00e9 - IDF-2025-12-02-00077 - Arr\u00eat\u00e9 n\u00b02025-329 portant approbation de cession d'autorisation de l'Institut\nM\u00e9dico-Educatif (IME) de Poissy \u00e0 Poissy g\u00e9r\u00e9 par l'association ASOIMEEP au profit de l'association Handi Val de Seine 14\n       2 \n \n \nVU le proc\u00e8s-verbal en date du 18 octobre 2018 du conseil d'administration de  l'association \nASOIMEEP ; \n \nVU le proc\u00e8s-verbal en date du 18 octobre 2018 du conseil d'administration de l'association \nHandi Val de Seine ; \n \nVU le proc\u00e8s -verbal en date du 25 juin 2019 du conseil d'administration de l'association \nASOIMEEP; \n \nVU le proc\u00e8s-verbal en date du 15 octobre 2020 du conseil d'administration de l'association \nASOIMEEP; \n \nVU l'extrait du registre des d\u00e9lib\u00e9rations du conseil municipal de Poissy en date du 24 juin \n2024 relatif \u00e0 la fusion-absorption de l'association ASOIMEEP par l'association Handi Val \nde Seine approuv\u00e9e par la majorit\u00e9 des membres ; \n \nVU le proc\u00e8s-verbal de l'assembl\u00e9e g\u00e9n\u00e9rale extraordinaire de l'ASOIMEEP en date du 9 \nseptembre 2025 approuvant le trait\u00e9 de fusion conclu entre l'association Handi Val de \nSeine et l'association ASOIMEEP et la dissolution dans liquidation ; \n \nVU  le proc\u00e8s -verbal de l'assembl\u00e9e g\u00e9n\u00e9rale extraordinaire de l'association Handi Val de \nSeine en date du 9 septembre 2025 approuvant le trait\u00e9 de fusion conclu entre \nl'association Handi Val de Seine et l'association ASOIMEEP ; \n \nVU le trait\u00e9 de fusion -absorption sign\u00e9 le 9 septembre 2025 par l'association Handi Val de \nSeine et l'association ASOIMEEP ;  \n \nVU la demande de l'association Handi Val de Seine en date du 24 septembre 2025 visant \u00e0 \nla cession des autorisations de gestion de l'\u00e9tablissement et du service d\u00e9tenus par \nl'association ASOIMEEP au profit de l'association Handi Val de Seine. \n \n \n \n \nCONSID\u00c9RANT      que l'op\u00e9ration de fusion-absorption, entraine la dissolution sans liquidation \nde l'association ASOIMEEP, et la tran smission universelle du patrimoine, \ndroits et engagements souscrits par l 'association ASOIMEEP au profit de \nl'association Handi Val de Seine ; \n \nCONSID\u00c9RANT que la cession d'autorisation est effective \u00e0 compter du 1er janvier 2026 ;  \n \nCONSID\u00c9RANT que le projet  est compatible avec les objectifs et r\u00e9pond aux besoins \nsociaux et m\u00e9dico-sociaux fix\u00e9s par le sch\u00e9ma r\u00e9gional de sant\u00e9 ;  \n \nCONSID\u00c9RANT qu'il satisfait aux r\u00e8gles d'organisation et de fonctionnement pr\u00e9vues par le \ncode de l'action sociale et des familles ;  \n \nCONSID\u00c9RANT qu'il pr\u00e9sente un co\u00fbt de fonctionnement en ann\u00e9e pleine compatible avec \nle PRIAC  \u00cele-de-France et avec le montant de l'une des dotations \nmentionn\u00e9es \u00e0 l'article L. 314-3 du code de l'action sociale et des familles ; \n \nCONSID\u00c9RANT  que l'op\u00e9ration peut s'effectuer  \u00e0 moyens constants  et n'entra\u00eene donc \naucun surco\u00fbt ; \n \nAgence R\u00e9gionale de Sant\u00e9 - IDF-2025-12-02-00077 - Arr\u00eat\u00e9 n\u00b02025-329 portant approbation de cession d'autorisation de l'Institut\nM\u00e9dico-Educatif (IME) de Poissy \u00e0 Poissy g\u00e9r\u00e9 par l'association ASOIMEEP au profit de l'association Handi Val de Seine 15\n       3 \n \n       \n \nARR\u00caTE  \n \nARTICLE 1er : La cession d'autorisation de l' IME de Poissy sis 13 boulevard de la Paix \u00e0 Poissy \n(78300) g\u00e9r\u00e9 par l' association ASOIMEEP au profit de l' association Handi Val de \nSeine est accord\u00e9e \u00e0 compter du 1er janvier 2026. \n \n \nARTICLE 2e :  La capacit\u00e9 totale de l'IME de Poissy est de 77 places d'accueil de jour destin\u00e9es \u00e0 \ndes enfants, adolescents et jeunes adultes \u00e2g\u00e9es de 0 \u00e0 20 ans pr\u00e9sentant une \nd\u00e9ficience intellectuelle. \n \n \nARTICLE 3e : Conform\u00e9ment aux termes du dernier alin\u00e9a du I de l'article D. 312 -0-3 du code de \nl'action sociale et des familles, a ucune sp\u00e9cialisation n'exclut la prise en charge de \npersonnes pr\u00e9sentant des troubles associ\u00e9s \u00e0 ceux qui font l'objet de la pr\u00e9sente \nautorisation.  \n \n \nARTICLE 4e : Cette structure est r\u00e9pertori\u00e9e dans le Fichier National des Etablissements Sanitaires \net Sociaux (FINESS) de la fa\u00e7on suivante : \n \nN\u00b0 FINESS de l'\u00e9tablissement : 78 000 952 8 \n \nCode cat\u00e9gorie : [183] \u2013 Institut M\u00e9dico-Educatif (I.M.E) \nCode discipline :  \n \n[844] \u2013 Tous projets \u00e9ducatifs , p\u00e9dagogiques et \nth\u00e9rapeutiques  \n \n \nCode fonctionnement : \n \n[21] \u2013 Accueil de jour 77 places \nCode client\u00e8le : \n \n[117] \u2013 D\u00e9ficience intellectuelle 77 places \nCode mode de fixation des tarifs : [34] \u2013 ARS / DG dotation globale  \n \nN\u00b0 FINESS du gestionnaire : 780804415 \n \nCode statut : [60] Association Loi 1901 non Reconnue d'Utilit\u00e9 Publique \n \n \nARTICLE 5e : En application de l'article L.313-5 du code de l'action sociale et des familles, la dur\u00e9e \nde l'autorisation initiale n'est pas prorog\u00e9e.   \n \nARTICLE 6e :   Tout changement important dans l'activit\u00e9, l'installation, l'organisation, la direction ou \nle fonctionnement de l'\u00e9tablissement ou du service doit \u00eatre port\u00e9 \u00e0 la connaissance \nde l'autorit\u00e9 comp\u00e9tente. \n \nARTICLE 7e :  Un recours contre le pr\u00e9sent arr\u00eat\u00e9 peut \u00eatre form\u00e9 devant le tribunal administratif \ncomp\u00e9tent dans un d\u00e9lai de deux mois \u00e0 compter de sa notification ou, pour les tiers, \n\u00e0 compter de sa publication.   \n \n \nAgence R\u00e9gionale de Sant\u00e9 - IDF-2025-12-02-00077 - Arr\u00eat\u00e9 n\u00b02025-329 portant approbation de cession d'autorisation de l'Institut\nM\u00e9dico-Educatif (IME) de Poissy \u00e0 Poissy g\u00e9r\u00e9 par l'association ASOIMEEP au profit de l'association Handi Val de Seine 16\nSige'\n       4 \n \nARTICLE 8e :   Le Directeur de la d\u00e9l\u00e9gation d\u00e9partementale des Yvelines de l'Agence r\u00e9gionale de \nsant\u00e9 \u00cele-de-France est charg\u00e9 de l'ex\u00e9cution du pr\u00e9sent arr\u00eat\u00e9 qui sera publi\u00e9 au \nrecueil des actes administratifs de la R\u00e9gion \u00cele-de-France. \n \n \n       \n Fait \u00e0 Saint-Denis, le 02 d\u00e9c 2025  \n \n       \n Pour le Directeur g\u00e9n\u00e9ral \n de l'Agence r\u00e9gionale de sant\u00e9 \n \u00cele-de-France, et par d\u00e9l\u00e9gation \n \n \n \n \nSophie MARTINON \nAgence R\u00e9gionale de Sant\u00e9 - IDF-2025-12-02-00077 - Arr\u00eat\u00e9 n\u00b02025-329 portant approbation de cession d'autorisation de l'Institut\nM\u00e9dico-Educatif (IME) de Poissy \u00e0 Poissy g\u00e9r\u00e9 par l'association ASOIMEEP au profit de l'association Handi Val de Seine 17\nAgence R\u00e9gionale de Sant\u00e9\nIDF-2025-12-09-00001\nD\u00e9cision n\u00b0ARS-DOS-2025/4809 portant sur\nl'autorisation de d\u00e9plafonnement des heures\nsuppl\u00e9mentaires (Centre hospitalier\nintercommunal de Villeneuve-St-George)\nAgence R\u00e9gionale de Sant\u00e9 - IDF-2025-12-09-00001 - D\u00e9cision n\u00b0ARS-DOS-2025/4809 portant sur l'autorisation de d\u00e9plafonnement des\nheures suppl\u00e9mentaires (Centre hospitalier\nintercommunal de Villeneuve-St-George)\n18\nEREPUBLIQUEFRAN\u00c7AISE @ \u00bb Agence R\u00e9gionale de Sant\u00e9Libert\u00e9 lle-de-FranceEgalit\u00e9Fraternit\u00e9\n4 4 4\u2014  =  mn  Cm  = nm mm = = ==  mn  mem ms =\nation du travail3 du 9 janvier 1986 portantre\n~ DBIN en qualit\u00e9 dex du 29 avril 2024\nu centre\n(1/2\n \n \n1 / 2 \n \n \n         \n \n \nDECISION n\u00b0 ARS - DOS - 2025/ 4809 \n \n \nportant sur l'autorisation de d\u00e9plafonnement des heures suppl\u00e9mentaires \n \n \nLE DIRECTEUR G\u00c9N\u00c9RAL DE L'AGENCE R\u00c9GIONALE DE SANT\u00c9 \u00ceLE-DE-FRANCE \n \n \nVU   la loi n\u00b0 86 -33 du 9 janvier 1986 modifi\u00e9e portant dispositions statutaires relatives \u00e0 la \nfonction publique hospitali\u00e8re ; \n \nVU  le d\u00e9cret n\u00b0 2002-9 du 4 janvier 2002 relatif au temps de travail et \u00e0 l'organisation du travail \ndans les \u00e9tablissements mentionn\u00e9s \u00e0 l'article 2 de la loi n\u00b0 86-33 du 9 janvier 1986 portant \ndispositions statutaires relatives \u00e0 la fonction publique hospitali\u00e8re ; \n \nVU   le d\u00e9cret n\u00b0 2020-297 du 24 mars 2020 relatif aux heures suppl\u00e9mentaires et \u00e0 leur \nd\u00e9passement dans les \u00e9tablissements mentionn\u00e9s \u00e0 l'article 2 de la loi n\u00b0 86-33 du 9 janvier \n1986 portant dispositions statutaires relatives \u00e0 la fonction publique hospitali\u00e8re  et plus \npr\u00e9cis\u00e9ment l'article 15 modifi\u00e9 du d\u00e9cret 2002-9 du 4 janvier 2002 ; \n \nVU la d\u00e9cision du ministre de la sant\u00e9 du 5 mars 2020 (publi\u00e9e le 10 mars) portant application \nde l'article 15, alin\u00e9a 3, du d\u00e9cret n\u00b0 2022-9 du 4 janvier 2022 relatif au temps de travail et \u00e0 \nl'organisation du travail dans les \u00e9tablissements mentionn\u00e9s \u00e0 l'article 2 de la loi n\u00b0 86-33 du \n9 janvier 1986 portant dispositions statutaires relatives \u00e0 la fonction publique hospitali\u00e8re ; \n \nVU Vu le d\u00e9cret du 10 avril 2024 portant nomination de Monsieur Denis ROBIN en qualit\u00e9 de \nDirecteur g\u00e9n\u00e9ral de l'Agence r\u00e9gionale de sante \u00cele-de-France \u00e0 compter du 29 avril 2024 ; \n \n \nConsid\u00e9rant  que les \u00e9tablissements mentionn\u00e9s \u00e0 l'article 2 de la loi du 9 janvier 1986  susvis\u00e9e \npeuvent \u00eatre autoris\u00e9s, par d\u00e9cision du directeur g\u00e9n\u00e9ral de l'agence r\u00e9gionale de sant\u00e9 pour les \n\u00e9tablissements mentionn\u00e9s aux 1\u00b0, 2\u00b0, 3\u00b0 et 5\u00b0 de l'article 2 de cette loi, ou du pr\u00e9fet du d\u00e9partement \npour les \u00e9tablissements mentionn\u00e9s aux 4\u00b0 et 6\u00b0 du m\u00eame article, \u00e0 titre exceptionnel, notamment \nau regard des imp\u00e9ratifs de continuit\u00e9 du service public ou de la situation sanitaire, \u00e0 d\u00e9passer les \nbornes horaires fix\u00e9es par le cycle de travail, pour une dur\u00e9e limit\u00e9e et pour les personnels \nn\u00e9cessaires \u00e0 la prise en charge des usagers ; \n \nConsid\u00e9rant  le courriel du Directeur adjoint en charge des ressources humaines du centre \nhospitalier intercommunal de Villeneuve-St-Georges en date du 27 novembre 2025 sollicitant une \nd\u00e9cision de l'ARS-IDF autorisant \u00e0 d\u00e9passer le quota annuel d'heures suppl\u00e9mentaires pouvant \u00eatre \nr\u00e9alis\u00e9es par les professionnels des cat\u00e9gories : Infirmiers de bloc op\u00e9ratoire pour la p\u00e9riode du1er \nd\u00e9cembre au 30 mai 2026. \n \n \n \n \nAgence R\u00e9gionale de Sant\u00e9 - IDF-2025-12-09-00001 - D\u00e9cision n\u00b0ARS-DOS-2025/4809 portant sur l'autorisation de d\u00e9plafonnement des\nheures suppl\u00e9mentaires (Centre hospitalier\nintercommunal de Villeneuve-St-George)\n19\n'u centre hospitalier\n'u centre hospitalier\n\"12\n \n2 / 2 \n \nDECIDE \n \n \n \nArticle 1:  Le Directeur adjoint en charge des ressources humaines du centre hospitalier  \nintercommunal de Villeneuve-St -Georges est autoris\u00e9 \u00e0 d\u00e9plafonner les heures \nsuppl\u00e9mentaires pour son \u00e9tablissement. \n \n \nArticle 2:  Le Directeur adjoint en charge des ressources humaines du centre hospitalier  \nintercommunal de Villeneuve-St-Georges est charg\u00e9 de l'ex\u00e9cution d e la pr\u00e9sente \nd\u00e9cision. \n \n \nArticle 3:    Un recours contre la pr\u00e9sente d\u00e9cision  peut \u00eatre form\u00e9 devant le Tribunal \nAdministratif comp\u00e9tent dans un d\u00e9lai de deux mois \u00e0 compter de sa publication.  \n \n \nArticle 4:  La pr\u00e9sente d\u00e9cision sera publi\u00e9e au recueil des actes administratifs de la Pr\u00e9fecture \nde la r\u00e9gion Ile-de-France.  \n \n \n \n \n \nFait \u00e0 Saint-Denis, le 9 d\u00e9cembre 2025 \n \n \nP/Le Directeur g\u00e9n\u00e9ral  \nde l'Agence r\u00e9gionale de sant\u00e9 \n\u00cele-de-France, \nLa Directrice du P\u00f4le RH en sant\u00e9 \n \n \nSIGN\u00c9 \n \n \nLaure WALLON \nAgence R\u00e9gionale de Sant\u00e9 - IDF-2025-12-09-00001 - D\u00e9cision n\u00b0ARS-DOS-2025/4809 portant sur l'autorisation de d\u00e9plafonnement des\nheures suppl\u00e9mentaires (Centre hospitalier\nintercommunal de Villeneuve-St-George)\n20\nAgence R\u00e9gionale de Sant\u00e9\nIDF-2025-12-05-00007\nD\u00e9cision n\u00b0 DVSS - QSPHARMBIO - 2025/033\nportant suppression de l'autorisation de la\npharmacie \u00e0 usage int\u00e9rieur de l'Institut\nM\u00e9dico-Educatif Marie Auxiliatrice\nAgence R\u00e9gionale de Sant\u00e9 - IDF-2025-12-05-00007 - D\u00e9cision n\u00b0 DVSS - QSPHARMBIO - 2025/033 portant suppression de\nl'autorisation de la pharmacie \u00e0 usage int\u00e9rieur de l'Institut M\u00e9dico-Educatif Marie Auxiliatrice 21\nREPUBLIQUEFRANCAISELibert\u00e9Egalit\u00e9Fraternit\u00e9\n4\u00a9 \u00bb Agence R\u00e9gionale de Sant\u00e9Ile-de-France\n \n \nAGENCE REGIONALE DE SANTE D'\u00ceLE-DE-FRANCE \nDECISION N\u00b0 DVSS-QSPHARMBIO \u2013 2025/033 \nportant suppression de l'autorisation de la pharmacie \u00e0 usage int\u00e9rieur  \nde l'Institut M\u00e9dico-Educatif Marie-Auxiliatrice \n \nLE DIRECTEUR GENERAL DE L'AGENCE REGIONALE DE SANTE \u00ceLE-DE-FRANCE \n \n \nVU le code de la sant\u00e9 publique  et notamment les articles L.5126 -1 \u00e0 L.5126 -11 ainsi que les \narticle  R.5126-1 \u00e0 R.5126-41 et R.5126-49 \u00e0 R. 5126-52 ; \nVU l'arr\u00eat\u00e9 en date du 22 juin 2001 relatif aux bonnes pratiques de pharmacie hospitali\u00e8re ; \nVU la d\u00e9cision en date du 21 juillet 2023 prise en application des articles L.5121 -1 et L.5121 -5 \ndu code de la sant\u00e9 publique, relative aux bonnes pratiques de pr\u00e9paration  ; \nVU le d\u00e9cret en date du 10 avril 2024 portant nomination de Monsieur Denis ROBIN,  Directeur \ng\u00e9n\u00e9ral de l'Agence r\u00e9gionale de sant\u00e9 \u00cele-de-France \u00e0 compter du 29 avril 2024 ; \nVU l'arr\u00eat\u00e9 pr\u00e9fectoral en date du 12 octobre 1955 ayant autoris\u00e9 la cr\u00e9ation d'une pharmacie \u00e0 \nusage int\u00e9rieur sous le n\u00b0 12 au sein de l'Institut M\u00e9dico-Educatif Marie-Auxiliatrice ; \nVU la demande d\u00e9pos\u00e9e le  24 f\u00e9vrier 2023 par courriel et compl\u00e9t\u00e9e le 8 ao\u00fbt 2023 par \nMadame la directrice de l'\u00e9tablissement, repr\u00e9sentant l\u00e9gal de la personne morale exploitant \nl'\u00e9tablissement l'Institut M\u00e9dico-Educatif Marie-Auxiliatrice en vue de supprimer la pharmacie \n\u00e0 usage int\u00e9rieur de l'\u00e9tablissement ; \nVU l'avis r\u00e9put\u00e9 rendu du Conseil central de la section H de l'Ordre des pharmaciens ; \nCONSIDERANT que la suppression intervient suite \u00e0 une carence de moyens en personnel  \npharmaceutique dans un cadre national de tension en ressources humaines en \nsant\u00e9 et un besoin limit\u00e9 en m\u00e9dicaments pour la prise en charge des patients \naccueillis ; \nCONSIDERANT les \u00e9l\u00e9ments de r\u00e9ponse de l'\u00e9tablissement en date du 2 ao\u00fbt 2023 pr\u00e9cisant le \ncontexte de la demande et l'organisation mise en \u0153uvre en collaboration avec \nune pharmacie d'officine ; \nCONSIDERANT que les stocks de m\u00e9dicaments et de consommables ont \u00e9t\u00e9 distribu\u00e9s au \nposte de soins de l' Institut M\u00e9dico-Educatif Marie -Auxiliatrice jusqu'au \n31 mars 2023 et que l'ensemble des produits stup\u00e9fiants a \u00e9t\u00e9 d\u00e9truit, \nconform\u00e9ment \u00e0 la r\u00e9glementation ;  \nCONSIDERANT la mise en \u0153uvre d'une convention avec un pharmacien titulaire d'une officine \npour assurer la prise en charge m\u00e9dicamenteuse des patients ; \n \nAgence R\u00e9gionale de Sant\u00e9 - IDF-2025-12-05-00007 - D\u00e9cision n\u00b0 DVSS - QSPHARMBIO - 2025/033 portant suppression de\nl'autorisation de la pharmacie \u00e0 usage int\u00e9rieur de l'Institut M\u00e9dico-Educatif Marie Auxiliatrice 22\n \nCONSIDERANT  qu'il est attendu de la part de l'\u00e9tablissement d'apporter une vigilance accrue \u00e0  : \n \n- la mise \u00e0 jour de la cartographie des risques ; \n- la r\u00e9alisation d'un audit de l'ensemble des op\u00e9rations confi\u00e9es en sous -\ntraitance \u00e9labor\u00e9 par le responsable qualit\u00e9 en co llaboration avec la \ndirectrice des soins et le m\u00e9decin coordonnateur ; \n \nDECIDE \n \nARTICLE 1 La suppression de la  pharmacie \u00e0 usage int\u00e9rieur au sein de l'\u00e9tablissement \nl'Institut M\u00e9dico-Educatif Marie-Auxiliatrice sise 2, boulevard Henri Barbusse \u00e0 \nDraveil (91210)  (n\u00b0 FINESS EJ  : 750720534, n\u00b0 FINESS ET  : 910690072) est \nautoris\u00e9e.  \nARTICLE 2 L'arr\u00eat\u00e9 pr\u00e9fectoral n\u00b0 12 en date du 12 octobre 1955 ayant autoris\u00e9 la cr\u00e9ation \nde la pharmacie \u00e0 usage int\u00e9rieur est abrog\u00e9. \nARTICLE 3 Un recours contentieux contre la pr\u00e9sente d\u00e9cision peut \u00eatre form\u00e9 aupr\u00e8s du \nTribunal administratif comp\u00e9tent. Le d\u00e9lai de recours est de deux mois \u00e0 \ncompter de la notification de la d\u00e9cision pour les int\u00e9ress\u00e9s ou de sa publication \npour les tiers. Cette juridiction peut notamment \u00eatre saisie via une requ\u00eate \nremise ou envoy\u00e9e au greffe du Tribunal administratif ou aussi par l'application \n\u00ab T\u00e9l\u00e9recours \u00bb accessible \u00e0 partir du site www.telerecours.fr. \nARTICLE 4 Les directeurs de l'Agence r\u00e9gionale de sant\u00e9 \u00ce le-de-France sont charg\u00e9s, \nchacun en ce qui les concerne, de l'ex\u00e9cution de la pr\u00e9sente d\u00e9cision, qui sera \npubli\u00e9e au recueil des actes administratifs de la pr\u00e9fecture de la r\u00e9gion \u00cele-de-\nFrance. \n \nFait \u00e0 Saint-Denis, le 5 d\u00e9cembre 2025 \n \nLa Directrice g\u00e9n\u00e9rale adjointe \nde l'Agence r\u00e9gionale de sant\u00e9  \n\u00cele-de-France \n \nSIGNE \n \nSophie MARTINON \nAgence R\u00e9gionale de Sant\u00e9 - IDF-2025-12-05-00007 - D\u00e9cision n\u00b0 DVSS - QSPHARMBIO - 2025/033 portant suppression de\nl'autorisation de la pharmacie \u00e0 usage int\u00e9rieur de l'Institut M\u00e9dico-Educatif Marie Auxiliatrice 23\nAgence R\u00e9gionale de Sant\u00e9\nIDF-2025-12-05-00006\nD\u00e9cision n\u00b0 DVSS - QSPHARMBIO - 2025/034\nportant suppression de l'autorisation de la\npharmacie \u00e0 usage int\u00e9rieur de la R\u00e9sidence\nSaint-Joseph\nAgence R\u00e9gionale de Sant\u00e9 - IDF-2025-12-05-00006 - D\u00e9cision n\u00b0 DVSS - QSPHARMBIO - 2025/034 portant suppression de\nl'autorisation de la pharmacie \u00e0 usage int\u00e9rieur de la R\u00e9sidence Saint-Joseph 24\nREPUBLIQUEFRANCAISELibert\u00e9Egalit\u00e9Fraternit\u00e9\n4\u00a9 \u00bb Agence R\u00e9gionale de Sant\u00e9Ile-de-France\n \n \nAGENCE REGIONALE DE SANTE ILE-DE-FRANCE \n \nDECISION N\u00b0 DVSS-QSPHARMBIO \u2013 2025/034 \nportant suppression de l'autorisation de la pharmacie \u00e0 usage int\u00e9rieur  \nde la R\u00e9sidence Saint-Joseph \n \nLE DIRECTEUR GENERAL DE L'AGENCE REGIONALE DE SANTE \u00ceLE-DE-FRANCE \n \nVU le code de la sant\u00e9 publique  et notamment les articles L.5126 -1 \u00e0 L.5126 -11 ainsi que les \narticles R.5126-1 \u00e0 R.5126-41 et R.5126-49 \u00e0 R. 5126-52 ; \nVU l'arr\u00eat\u00e9 du 22 juin 2001 relatif aux bonnes pratiques de pharmacie hospitali\u00e8re  ; \nVU la d\u00e9cision en date du 21 juillet 2023 prise en application des articles L.5121 -1 et L.5121 -5 \ndu code de la sant\u00e9 publique, relative aux bonnes pratiques de pr\u00e9paration  ; \nVU le d\u00e9cret en date du 10 avril 2024 portant nomination de Monsieur Denis ROBIN, Directeur  \ng\u00e9n\u00e9ral de l'Agence r\u00e9gionale de sant\u00e9 \u00cele-de-France \u00e0 compter du 29 avril 2024 ; \nVU l'arr\u00eat\u00e9 pr\u00e9fectoral n\u00b0A -01-0097 en date du 25 janvier 2001  ayant autoris\u00e9 la cr\u00e9ation d'une \npharmacie \u00e0 usage int\u00e9rieur sous le n\u00b0 H 170 au sein de la R\u00e9sidence Saint-Joseph ; \nVU la demande d\u00e9pos\u00e9e le 1er septembre 2022 par le directeur de la R\u00e9sidence Saint -Joseph \nsitu\u00e9e au 43, rue du G\u00e9n\u00e9ral Leclerc \u00e0 Louveciennes (78430)  en vue de supprimer la \npharmacie \u00e0 usage int\u00e9rieur de l'\u00e9tablissement ; \nVU l'avis r\u00e9put\u00e9 rendu du Conseil central de la section H de l'Ordre des pharmaciens ; \nCONSIDERANT que la suppression  de la pharmacie \u00e0 usage int\u00e9rieur  intervient suite \u00e0 une \ncarence de moyens en personnel pharmaceutique dans un cadre national de \ntension en ressources humaines en sant\u00e9 ; \nCONSIDERANT que la pharmacie \u00e0 usage int\u00e9rieur est ferm\u00e9e depuis le 31 d\u00e9cembre 2021  ; \nCONSIDERANT la mise en \u0153uvre d'une convention avec un pharmacien titulaire d'une officine \npour assurer la prise en charge m\u00e9dicamenteuse des patients ; \nCONSIDERANT qu'il est attendu de la part de l'\u00e9tablissement d'apporter une vigilance accrue \u00e0  : \n \n- la mise \u00e0 jour de la cartographie des risques ; \n- la r\u00e9alisation d'un audit de l'ensemble des op\u00e9rations confi\u00e9es en sous -\ntraitance \u00e9labor\u00e9 par le responsable qualit\u00e9 en co llaboration avec la \ndirectrice des soins et le m\u00e9decin coordonnateur ; \n- la destruction de l'ensemble du stock des produits de sant\u00e9 de la \npharmacie \u00e0 usage int\u00e9rieur tenant compte de la r\u00e9glementation en \nvigueur en fonction des produits concern\u00e9s ; \n \n \n \n  \nAgence R\u00e9gionale de Sant\u00e9 - IDF-2025-12-05-00006 - D\u00e9cision n\u00b0 DVSS - QSPHARMBIO - 2025/034 portant suppression de\nl'autorisation de la pharmacie \u00e0 usage int\u00e9rieur de la R\u00e9sidence Saint-Joseph 25\n \nDECIDE \n \n \nARTICLE 1 La suppression de la  pharmacie \u00e0 usage int\u00e9rieur au sein de la R\u00e9sidence \nSaint-Joseph situ\u00e9e au 43, rue du G\u00e9n\u00e9ral Leclerc \u00e0 Louveciennes (78430)  \n(n\u00b0 FINESS ET 780700845 et n\u00b0 FINESS EJ : 750056368) est autoris\u00e9e.  \nARTICLE 2 L'arr\u00eat\u00e9 pr\u00e9fectoral n\u00b0A -01-0097 en date du 25 janvier 2001  ayant autoris\u00e9 la \ncr\u00e9ation de la pharmacie \u00e0 usage int\u00e9rieur est abrog\u00e9. \nARTICLE 3 Un recours contentieux contre la pr\u00e9sente d\u00e9cision peut \u00eatre form\u00e9 aupr\u00e8s du \nTribunal administratif comp\u00e9tent. Le d\u00e9lai de recours est de deux mois \u00e0 \ncompter de la notification de la d\u00e9cision pour les int\u00e9ress\u00e9s ou de sa publication \npour les tiers. Cette juridiction peut notamment \u00eatre saisie via une requ\u00eate \nremise ou envoy\u00e9e au greffe du Tribunal administratif ou aussi par l'application \n\u00ab T\u00e9l\u00e9recours \u00bb accessible \u00e0 partir du site www.telerecours.fr. \nARTICLE 4 Les directeurs de l'Agence r\u00e9gionale de sant\u00e9 \u00ce le-de-France sont charg\u00e9s, \nchacun en ce qui les concerne, de l'ex\u00e9cution de la pr\u00e9sente d\u00e9cision, qui sera \npubli\u00e9e au recueil des actes administratifs de la pr\u00e9fecture  de la r\u00e9gion \u00cele-de-\nFrance. \n        \nFait \u00e0 Saint-Denis, le 5 d\u00e9cembre 2025 \n \nLa Directrice g\u00e9n\u00e9rale adjointe \nde l'Agence r\u00e9gionale de sant\u00e9  \n\u00cele-de-France \n \nSIGNE \n \nSophie MARTINON \nAgence R\u00e9gionale de Sant\u00e9 - IDF-2025-12-05-00006 - D\u00e9cision n\u00b0 DVSS - QSPHARMBIO - 2025/034 portant suppression de\nl'autorisation de la pharmacie \u00e0 usage int\u00e9rieur de la R\u00e9sidence Saint-Joseph 26\nDirection r\u00e9gionale et interd\u00e9partementale de\nl'h\u00e9bergement et du logement\nIDF-2025-12-08-00011\nArr\u00eat\u00e9 fixant la dotation globale de financement\n2025 du CPOM interd\u00e9partemental CPH CASP\n92\nDirection r\u00e9gionale et interd\u00e9partementale de l'h\u00e9bergement et du logement - IDF-2025-12-08-00011 - Arr\u00eat\u00e9 fixant la dotation\nglobale de financement 2025 du CPOM interd\u00e9partemental CPH CASP 92 27\nE iPREFET \u00a9DE LA REGIOND'\u00ceLE-DE-FRANCELibert\u00e9Egalit\u00e9Fraternit\u00e9\n1 \n \n \nDirection R\u00e9gionale et Interd\u00e9partementale \nde l'H\u00e9bergement et du Logement \nDRIHL \n \n \n \n \n \nCENTRE : CPH Malakoff CASP \nN\u00b0 SIRET : 318 732 161 000 35 \nN\u00b0 EJ Chorus : 2104611167 \n \n \nARR\u00caTE n \u00b0 \n \nLE PR\u00c9FET DE LA R\u00c9GION D'\u00ceLE-DE-FRANCE, PR\u00c9FET DE P ARIS  \nCOMMANDEUR DE LA L\u00c9GION D'HONNEUR  \nOFFICIER DE L'ORDRE NATIONAL DU M\u00c9RITE  \n \nVu le code de l'action sociale et des familles, notamm ent les articles L 312-1, L 314-1 et suivants, \nL349-1 \u00e0 L349-4, L351-1 et suivants et dans sa partie r\u00e9glementaire les articles R314-1 et suivants, \nL349-1 \u00e0 R349-3, R351-1 et suivants ; \n \nVu          le budget op\u00e9rationnel de programme 0303 0 Immigration et asile 1 de la r\u00e9gion d'\u00cele-de-\nFrance pour 2025 ; \n \nVu l'arr\u00eat\u00e9 minist\u00e9riel du 19 mai 2025 fixant les dotations r\u00e9gionales limitatives relatives aux frais \nde fonctionnement des centres provisoires d'h\u00e9berge ment pour 2025, publi\u00e9 au Journal \nOfficiel du 22 mai 2025 ; \n \nVu l'arr\u00eat\u00e9 pr\u00e9fectoral n\u00b02018-100 du 7 septembre 2018  autorisant la cr\u00e9ation d'un centre \nprovisoire d'h\u00e9bergement (CPH), sis 82 avenue Pierr e Brossolette \u00e0 Malakoff et g\u00e9r\u00e9 par \nl'association 0 Centre d'Action Sociale Protestant 1 (CASP) ; \n \nVu  l'arr\u00eat\u00e9 du 25 octobre 2019 fixant le contenu du ca hier des charges du contrat pluriannuel \nd'objectifs et de moyens pr\u00e9vu \u00e0 l'article L.313-11-2 du code de l'action sociale et des familles ; \n \nVu  le contrat pluriannuel d'objectifs et de moyens Asi le et r\u00e9fugi\u00e9s du 24 octobre 2025 entre le \nCASP et l'\u00c9tat, pour la p\u00e9riode du 1er janvier 2025 au 31 d\u00e9cembre 2029 ;  \n \n \nARR\u00caTE \n \nArticle 1 \ner : \n \nPour l'exercice budg\u00e9taire 2025, la dotation global e de financement du CPH du CASP de Malakoff \ng\u00e9r\u00e9 par l'association 0 Centre d'Action Sociale Pr otestant 1 dont la capacit\u00e9 est de 180 places,  est \nfix\u00e9e \u00e0  1 840 257 \u20ac.  \n \n \n \nDirection r\u00e9gionale et interd\u00e9partementale de l'h\u00e9bergement et du logement - IDF-2025-12-08-00011 - Arr\u00eat\u00e9 fixant la dotation\nglobale de financement 2025 du CPOM interd\u00e9partemental CPH CASP 92 28\n2 \n \nEn application de l'article R. 314-107 du code de l'action sociale et des familles, la fraction forfaitaire \n\u00e9gale au douzi\u00e8me de la dotation globale de financement s'\u00e9l\u00e8ve \u00e0 153 354,75 \u20ac.  \n \nLes 180 places du CPH sont financ\u00e9es au co\u00fbt journa lier de 28.01 \u20ac sur la base d'un fonctionnement \nen ann\u00e9e pleine (365 jours).  \n \nArticle 2 : \n \nCette dotation sera imput\u00e9e sur les cr\u00e9dits du programme 303 0 Immigration et asile 1. L'ordonnateur \nde la d\u00e9pense est le Pr\u00e9fet de la R\u00e9gion d'\u00cele-de-F rance \u2013 Pr\u00e9fet de Paris. Le comptable assignataire \nest le Directeur d\u00e9partemental des finances publiques du Val-de-Marne. \n \nArticle 3 : \n \nLes recours dirig\u00e9s contre le pr\u00e9sent arr\u00eat\u00e9 doiven t \u00eatre port\u00e9s devant le tribunal administratif de \nVersailles sis 56, avenue de Saint Cloud 78011 Vers ailles, dans le d\u00e9lai d'un mois \u00e0 compter de sa \npublication ou, pour les personnes auxquelles il sera notifi\u00e9, \u00e0 compter de sa notification. \n \nArticle 4 : \n \nLe pr\u00e9fet, secr\u00e9taire g\u00e9n\u00e9ral aux politiques publiq ues de la pr\u00e9fecture de la r\u00e9gion  \nd'\u00cele-de-France, pr\u00e9fecture de Paris et le directeur r\u00e9gional et interd\u00e9partemental de l'h\u00e9bergement \net du logement d'\u00cele-de-France sont charg\u00e9s, chacun en ce qui le concerne, de l'ex\u00e9cution du pr\u00e9sent \narr\u00eat\u00e9 qui sera publi\u00e9 au recueil des actes administratifs de la pr\u00e9fecture de la r\u00e9gion d'\u00cele-de-France, \npr\u00e9fecture de Paris. \n \n \n \nFait \u00e0 Paris, le 08/12/2025 \n \nPour le pr\u00e9fet de la r\u00e9gion d'\u00cele-de-France, \nPr\u00e9fet de Paris et par d\u00e9l\u00e9gation \nLe Directeur adjoint \nde l'H\u00e9bergement et du Logement \n \nSIGNE    \n \nJacques-Bertrand de REBOUL \n \nDirection r\u00e9gionale et interd\u00e9partementale de l'h\u00e9bergement et du logement - IDF-2025-12-08-00011 - Arr\u00eat\u00e9 fixant la dotation\nglobale de financement 2025 du CPOM interd\u00e9partemental CPH CASP 92 29\nDirection r\u00e9gionale et interd\u00e9partementale de\nl'h\u00e9bergement et du logement\nIDF-2025-12-08-00010\nArr\u00eat\u00e9 modifiant l'arr\u00eat\u00e9 n\u00b0 IDF-2025-11-24-00009\ndu  CADA COALLIA VAL D OISE \nDirection r\u00e9gionale et interd\u00e9partementale de l'h\u00e9bergement et du logement - IDF-2025-12-08-00010 - Arr\u00eat\u00e9 modifiant l'arr\u00eat\u00e9 n\u00b0\nIDF-2025-11-24-00009 du  CADA COALLIA VAL D OISE 30\nE 3PREFET _DE LA REGIOND'\u00ceLE-DE-FRANCELibert\u00e9Egalit\u00e9Fraternit\u00e9\n1 \n \n \nDirection R\u00e9gionale et Interd\u00e9partementale  \nde l'H\u00e9bergement et du Logement \nDRIHL \n \n \n \n \n \n \nCENTRE : CADA DU VAL D'OISE COALLIA \nN\u00b0 SIRET : 775 680 309 00611 \n \nN\u00b0 EJ Chorus : 210 461 2049 \n \n \nARR\u00caTE modificatif n \u00b0 \n                                                                            \n                                                              Modifiant l'ARR\u00caTE n\u00b0 IDF-2025-11-24-00009  \n \n \nLE PR\u00c9FET DE LA R\u00c9GION D'\u00ceLE-DE-FRANCE, PR\u00c9FET DE PARIS  \nCOMMANDEUR DE LA L\u00c9GION D'HONNEUR  \nOFFICIER DE L'ORDRE NATIONAL DU M\u00c9RITE \n \n \n \n \n \n \nVu le code de l'action sociale et des familles, notamm ent les articles L 312-1, L 314-1 et suivants, L348 -\n1 \u00e0 L348-4, L351-1 et suivants et dans sa partie r\u00e9 glementaire les articles R314-1 et suivants, R348-\n1 \u00e0 R348-5, R351-1 et suivants ; \n \n \nVu  le code de l'entr\u00e9e et du s\u00e9jour des \u00e9trangers et du droit d'asile ; \n \n \nVu l'arr\u00eat\u00e9 minist\u00e9riel du 19 mai 2025 fixant les d otations r\u00e9gionales limitatives relatives aux frais  \nde fonctionnement des centres d'accueil pour demandeurs d'asile pour 2025, publi\u00e9 au Journal \nOfficiel du 22 mai 2025 ; \n \n \nVu l'arr\u00eat\u00e9 pr\u00e9fectoral du 12 avril 2017 autorisant la  cr\u00e9ation d'un centre d'accueil pour demandeurs \nd'asile (CADA), sis 6 Boulevard de l'Hautil 95000 CERGY et g\u00e9r\u00e9 par l'association COALLIA ; \n \n \n \nVu  le courrier transmis le 29/10/2024 par lequel la p ersonne ayant qualit\u00e9 pour repr\u00e9senter le centre \nd'accueil pour demandeurs d'asile de l'association COALLIA a adress\u00e9 ses propositions budg\u00e9taires \net leurs annexes pour l'exercice 2025 ;\n \n \n \nVu  la d\u00e9cision d'attribution budg\u00e9taire du 18/07/2025  \n \n \n \n \nDirection r\u00e9gionale et interd\u00e9partementale de l'h\u00e9bergement et du logement - IDF-2025-12-08-00010 - Arr\u00eat\u00e9 modifiant l'arr\u00eat\u00e9 n\u00b0\nIDF-2025-11-24-00009 du  CADA COALLIA VAL D OISE 31\n2 \n \nARR\u00caTE modifi\u00e9 \n \nArticle 1 \ner : \n \nPour l'exercice budg\u00e9taire 2025, les d\u00e9penses et les recettes pr\u00e9visionnelles du CADA VAL D'OISE g\u00e9r\u00e9 par \nl'association COALLIA, dont la capacit\u00e9 est de 335 places, sont autoris\u00e9es comme suit : \n \n \n \nGroupes fonctionnels Montants \nen Euros \nTotal \nen Euros \nD\u00e9penses \nGroupe I :  \nD\u00e9penses aff\u00e9rentes \u00e0 l'exploitation courante \nDont CNR : \n110 279,00 \u20ac \n2 699 019,24 \u20ac \nGroupe II : \nD\u00e9penses aff\u00e9rentes au personnel  \nDont CNR  : \n1 062 165,00 \u20ac  \nGroupe III : \nD\u00e9penses aff\u00e9rentes \u00e0 la structure \nDont CNR  : 106  900,50 \u20ac  \n1 526 575,24 \u20ac  \nRecettes \nGroupe I : \nProduits de la tarification \nDont CNR  : 106  900,50  \u20ac  \n2 474 367,49 \u20ac  \n2 699 019,24 \u20ac \nGroupe II : \nAutres produits relatifs \u00e0 l'exploitation 16 300,00 \u20ac \nGroupe III : \nProduits financiers et produits non encaissables 0,00 \u20ac \nReprise de l'exc\u00e9dent N-2 208 351,75 \u20ac \n \n \nArticle 2 : \n \nPour l'exercice budg\u00e9taire 2025, la dotation global e de financement du CADA VAL D'OISE est fix\u00e9e \u00e0 \n2 474 367,49 \u20ac, int\u00e9grant des cr\u00e9dits non reconductibles d'un mo ntant de 106 900,50 \u20ac et compl\u00e9t\u00e9e de \nla reprise des r\u00e9sultats ant\u00e9rieurs, soit un exc\u00e9dent de 208 351,75 \u20ac. \n \n \nEn application de l'article R. 314-107 du code de l'action sociale et des familles, la fraction forfaitaire \u00e9gale au \ndouzi\u00e8me de la dotation globale de financement s'\u00e9l\u00e8ve \u00e0 206 197,29 \u20ac. \n \n \nLes 335 places du CADA sont financ\u00e9es au co\u00fbt journ alier de 19,36 \u20ac sur la base d'un fonctionnement en  \nann\u00e9e pleine (365 jours). Les cr\u00e9dits non reconductibles d'un montant de 106 900,50 \u20ac  n'ont pas \u00e9t\u00e9 int\u00e9gr\u00e9s \ndans le calcul, car ils financent des d\u00e9penses non p\u00e9rennes. \n \n \nArticle 3 :\n \n \nCette dotation sera imput\u00e9e sur les cr\u00e9dits du prog ramme 303 \u00ab Immigration et asile \u00bb du Minist\u00e8re de \nl'Int\u00e9rieur, et fera l'objet d'une d\u00e9l\u00e9gation de cr\u00e9dits aupr\u00e8s de l'Unit\u00e9 Op\u00e9rationnelle du d\u00e9parteme nt du V AL \nD'OISE . L'ordonnateur de la d\u00e9pense est le Pr\u00e9fet de la R \u00e9gion Ile-de-France \u2013 Pr\u00e9fet de Paris, repr\u00e9sent\u00e9e \npar le Pr\u00e9fet du Val d'Oise, et par d\u00e9l\u00e9gation la directrice de la DDETS du d\u00e9partement du VAL D'O ISE . Le \ncomptable assignataire est le Directeur r\u00e9gional des finances publiques d'\u00cele-de-France et du d\u00e9partement de \nParis. \n \n \nArticle 4 : \n \nLes recours dirig\u00e9s contre le pr\u00e9sent arr\u00eat\u00e9 doivent \u00eatre port\u00e9s devant le tribunal administratif de Versailles sis \n56, avenue de Saint Cloud 78011 Versailles, dans le d\u00e9lai d'un mois \u00e0 compter de sa publication ou, po ur les \npersonnes auxquelles il sera notifi\u00e9, \u00e0 compter de sa notification.  \n \n \n \nDirection r\u00e9gionale et interd\u00e9partementale de l'h\u00e9bergement et du logement - IDF-2025-12-08-00010 - Arr\u00eat\u00e9 modifiant l'arr\u00eat\u00e9 n\u00b0\nIDF-2025-11-24-00009 du  CADA COALLIA VAL D OISE 32\n3 \n \n \n \n \n \nArticle 5 : \n \nLe pr\u00e9fet, secr\u00e9taire g\u00e9n\u00e9ral aux politiques publiq ues de la pr\u00e9fecture de la r\u00e9gion  \nd'\u00cele-de-France, pr\u00e9fecture de Paris et le directeu r r\u00e9gional et interd\u00e9partemental de l'h\u00e9bergement e t du \nlogement d'\u00cele-de-France sont charg\u00e9s, chacun en ce  qui le concerne, de l'ex\u00e9cution du pr\u00e9sent arr\u00eat\u00e9 qui \nsera publi\u00e9 au recueil des actes administratifs de la pr\u00e9fecture de la r\u00e9gion d'\u00cele-de-France, pr\u00e9fecture de Paris.  \n \n \n \n \nFait \u00e0 Paris, le 08/12/2025 \n \nPour le pr\u00e9fet de la r\u00e9gion d'\u00cele-de-France, \npr\u00e9fet de Paris et par d\u00e9l\u00e9gation  \nLe Directeur adjoint \nde l'H\u00e9bergement et du Logement \n \nSIGNE    \n \nJacques-Bertrand de REBOUL \n \nDirection r\u00e9gionale et interd\u00e9partementale de l'h\u00e9bergement et du logement - IDF-2025-12-08-00010 - Arr\u00eat\u00e9 modifiant l'arr\u00eat\u00e9 n\u00b0\nIDF-2025-11-24-00009 du  CADA COALLIA VAL D OISE 33\nRectorat de la r\u00e9gion acad\u00e9mique\nd'Ile-de-France, rectorat de l'acad\u00e9mie de Paris\nIDF-2025-12-08-00002\nArr\u00eat\u00e9 n\u00b0 2025-175-RRA portant agr\u00e9ment au\ntitre de la Jeunesse et de l'\u00c9ducation Populaire\npour l'association ANIM\u00d6MES DE BEAUGRENELLE\n- SDJES de Paris\nRectorat de la r\u00e9gion acad\u00e9mique d'Ile-de-France, rectorat de l'acad\u00e9mie de Paris - IDF-2025-12-08-00002 - Arr\u00eat\u00e9 n\u00b0 2025-175-RRA\nportant agr\u00e9ment au titre de la Jeunesse et de l'\u00c9ducation Populaire pour l'association ANIM\u00d6MES DE BEAUGRENELLE - SDJES de Paris 34\nREGION ACADEMIQUE\u00ceLE-DE-FRANCELibert\u00e9Egalit\u00e9Fraternit\u00e9\n  \n \nService d\u00e9partemental \u00e0 la jeunesse,  \n\u00e0 l'engagement et aux sports de Paris  \n  \n \n \n \nService D\u00e9partemental \u00e0 la Jeunesse, \u00e0 l'Engagement et aux Sports de Paris  \n6/8 rue Eug\u00e8ne Oudin\u00e9 \u2013 CS 81360 - 75634 PARIS CEDEX 13 \n \n \n \n \n  \n \nARR\u00caT\u00c9 N\u00b02025-175-RRA  \nportant agr\u00e9ment au titre de la Jeunesse et de l'\u00c9ducation Populaire \n \nLA RECTRICE DE LA R\u00c9GION ACAD\u00c9MIQUE \u00ceLE-DE-FRANCE \nRECTRICE DE PARIS \nCHANCELIERE DES UNIVERSIT\u00c9S DE PARIS  \nET D'\u00ceLE-DE-FRANCE  \n \nVu la loi n\u00b0 2001-624 du 17 juillet 2001 portant diverses dispositions d'ordre social, \u00e9ducatif et culturel et notamment \nson article 8 ;  \nVu le d\u00e9cret n\u00b0 2002-571 du 22 avril 2002 pris pour l'application du premier alin\u00e9a de l'article 8 de la loi n\u00b0 2001-624 \net relatif \u00e0 l'agr\u00e9ment des associations de jeunesse et d'\u00e9ducation populaire ;  \nVu le d\u00e9cret n\u00b0 2019-838 du 19 ao\u00fbt 2019 portant diverses mesures de simplification pour le minist\u00e8re de l'\u00e9ducation \nnationale et de la jeunesse ; \nVu le d\u00e9cret du Pr\u00e9sident de la R\u00e9publique du 12 mars 2025 nommant Mme Julie BENETTI, rectrice de la r\u00e9gion \nacad\u00e9mique \u00cele-de-France, rectrice de l'acad\u00e9mie de Paris ;  \nVu l'arr\u00eat\u00e9 n\u00b02020-32 du 21 d\u00e9cembre 2020 modifi\u00e9 portant organisation de la d\u00e9l\u00e9gation r\u00e9gionale acad\u00e9mique \u00e0 \nla jeunesse, \u00e0 l'engagement et aux sports et des services d\u00e9partementaux \u00e0 la jeunesse, \u00e0 l'engagement et aux sports; \nVu le protocole r\u00e9gional d\u00e9partemental conclu entre le pr\u00e9fet de la r\u00e9gion d'Ile -de-France, pr\u00e9fet de Paris, et le \nrecteur de la r\u00e9gion acad\u00e9mique d'Ile-de-France, recteur de l'acad\u00e9mie de Paris, le 24 d\u00e9cembre 2020 ; \nVu l'arr\u00eat\u00e9 n\u00b0 75-2025-03-26-00004 du 26 mars 2025 portant d\u00e9l\u00e9gation du pr\u00e9fet de la r\u00e9gion d'Ile-de-France, pr\u00e9fet \nde Paris \u00e0 Mme Julie BENETTI, rectrice de la r\u00e9gion acad\u00e9mique Ile -de-France, rectrice de l'acad\u00e9mie de Paris, en \nmati\u00e8re administrative ; \n \nVu l'arr\u00eat\u00e9 minist\u00e9riel du 4 mai 2021 nommant Mme Jeanne DELACOURT dans l'emploi de conseill\u00e8re du directeur \nacad\u00e9mique des services de l'\u00e9ducation en mati\u00e8re de jeunesse, d'engagement et de sports de Paris ; \n \nVu le d\u00e9cret du Pr\u00e9sident de la R\u00e9publique du 26 f\u00e9vrier 2025 portant nomination de M. Laurent NOE en qualit\u00e9 de \ndirecteur de l'acad\u00e9mie de Paris ;  \n \nVu l'arr\u00eat\u00e9 n\u00b0 2025-033-RRA du 27 mars 2025 portant subd\u00e9l\u00e9gation de signature en mati\u00e8re administrative de la \nrectrice de la r\u00e9gion acad\u00e9mique Ile-de-France, rectrice de l'acad\u00e9mie de Paris pour la mise en \u0153uvre des missions \nde jeunesse, d'engagement et de sports ;  \n \n \nCONSIDERANT \n \nConsid\u00e9rant la demande compl\u00e8te formul\u00e9e par l'association en date du 01/10/2025 ; \n \nConsid\u00e9rant que les \u00e9l\u00e9ments pr\u00e9sent\u00e9s par l'association sont de nature \u00e0 remplir les conditions r\u00e9glementaires \nrelatives \u00e0 l'agr\u00e9ment des associations de jeunesse et d'\u00e9ducation populaire ; \n \n \n \n \n \nRectorat de la r\u00e9gion acad\u00e9mique d'Ile-de-France, rectorat de l'acad\u00e9mie de Paris - IDF-2025-12-08-00002 - Arr\u00eat\u00e9 n\u00b0 2025-175-RRA\nportant agr\u00e9ment au titre de la Jeunesse et de l'\u00c9ducation Populaire pour l'association ANIM\u00d6MES DE BEAUGRENELLE - SDJES de Paris 35\n \n \n2 \nARRETE \n \nArticle 1 : \nL'agr\u00e9ment au titre des associations de jeunesse et d'\u00e9ducation populaire est attribu\u00e9 \u00e0 l'association : \n \nANIM\u00d4MES DE BEAUGRENELLE \n \nRNA : W751152868 \n \ndont le si\u00e8ge social est situ\u00e9 \u00e0 : 8 place de Brazzaville 75015 - Paris \n \ndont l'objet statutaire est :  \n \n- Mener des actions \u00e9ducatives et de pr\u00e9vention de l'inadaptation sociale aupr\u00e8s des enfants (6 \u00e0 13 ans) et \nleurs familles de son quartier, sans distinction d'opinions politiques ou religieuses. \n \nLe num\u00e9ro de l'agr\u00e9ment \u00e0 rappeler dans les correspondances avec l'administration est le suivant :  \n2025-JEP-75-49 \n \nArticle 2 :  \nL'association mentionn\u00e9e ci -dessus est tenue d'informer sans d\u00e9lai l'autorit\u00e9 publique comp\u00e9tente de tout \nchangement relatif aux crit\u00e8res d'attribution du pr\u00e9sent agr\u00e9ment et notamment les changements de si\u00e8ge social, \nde statuts et de repr\u00e9sentant l\u00e9gal. \n \nArticle 3 : \nL'association mentionn\u00e9e ci -dessus tiendra \u00e0 disposition de l'administration, dans le cadre d'un contr\u00f4le, tout \ndocument justifiant de l'agr\u00e9ment et notamment les proc\u00e8s -verbaux d'assembl\u00e9e g\u00e9n\u00e9rale, les rapports financiers \ndes exercices \u00e9coul\u00e9s et les rapports annuels d'activit\u00e9s. \n \nArticle 4 : \nCet agr\u00e9ment de jeunesse et d'\u00e9ducation populaire n'est valide que si l'association mentionn\u00e9e ci-dessus d\u00e9tient un \ntronc commun d'agr\u00e9ment en cours de validit\u00e9. \n \nArticle 5 :  \nL'arr\u00eat\u00e9 entre en vigueur \u00e0 compter de la date de sa publication et pour une dur\u00e9e de cinq ans. \n \nArticle 6 : \nLa cheffe du service d\u00e9partemental \u00e0 la j eunesse, \u00e0 l'engagement et aux sports de Paris  est charg\u00e9e de l'ex\u00e9cution \ndu pr\u00e9sent arr\u00eat\u00e9 qui sera publi\u00e9 au recueil des actes administratifs de la pr\u00e9fecture de r\u00e9gion d'\u00cele -de-France, \npr\u00e9fecture de Paris. \n \nFait \u00e0 Paris, le 08/12/2025 \n \n \n \n \n \n \n \n \n \nPour la rectrice, et par subd\u00e9l\u00e9gation, \nla conseill\u00e8re du directeur de l'acad\u00e9mie de Paris, \ncheffe du service d\u00e9partemental \u00e0 la jeunesse, \u00e0 \nl'engagement et aux sports de Paris \n                              Sign\u00e9 \nJeanne DELACOURT  \n \nRectorat de la r\u00e9gion acad\u00e9mique d'Ile-de-France, rectorat de l'acad\u00e9mie de Paris - IDF-2025-12-08-00002 - Arr\u00eat\u00e9 n\u00b0 2025-175-RRA\nportant agr\u00e9ment au titre de la Jeunesse et de l'\u00c9ducation Populaire pour l'association ANIM\u00d6MES DE BEAUGRENELLE - SDJES de Paris 36\nRectorat de la r\u00e9gion acad\u00e9mique\nd'Ile-de-France, rectorat de l'acad\u00e9mie de Paris\nIDF-2025-12-08-00003\nArr\u00eat\u00e9 n\u00b0 2025-176-RRA portant reconnaissance\ndu tronc commun d'agr\u00e9ment d'une association\nANIM\u00d6MES DE BEAUGRENELLE - SDJES de Paris\nRectorat de la r\u00e9gion acad\u00e9mique d'Ile-de-France, rectorat de l'acad\u00e9mie de Paris - IDF-2025-12-08-00003 - Arr\u00eat\u00e9 n\u00b0 2025-176-RRA\nportant reconnaissance du tronc commun d'agr\u00e9ment d'une association ANIM\u00d6MES DE BEAUGRENELLE - SDJES de Paris 37\nREGION ACADEMIQUE\u00ceLE-DE-FRANCELibert\u00e9\u00c9galit\u00e9Fraternit\u00e9\n  \n \nService d\u00e9partemental \u00e0 la jeunesse,  \n\u00e0 l'engagement et aux sports de Paris  \n \n \n \n \nService D\u00e9partemental \u00e0 la Jeunesse, \u00e0 l'Engagement et aux Sports de Paris  \n6/8 rue Eug\u00e8ne Oudin\u00e9 \u2013 CS 81360 - 75634 PARIS CEDEX 13 \n \n \n \n \n              ARR\u00caT\u00c9 N\u00b02025-176-RRA \nportant reconnaissance du tronc commun d'agr\u00e9ment d'une association \n \nLA RECTRICE DE LA R\u00c9GION ACAD\u00c9MIQUE \u00ceLE-DE-FRANCE \nRECTRICE DE PARIS \nCHANCELIERE DES UNIVERSIT\u00c9S DE PARIS  \nET D'\u00ceLE-DE-FRANCE  \n \n \nVU  la loi n\u00b0 2000 -321 du 12 avril 2000 modifi\u00e9e relative aux droits des citoyens dans leurs relations avec les \nadministrations et notamment son article 25-1 ; \nVU le d\u00e9cret n\u00b0 2017 -908 du 6 mai 20 17 portant diverses dispositions relatives au r\u00e9gime juridique des \nassociations, des fondations, des fonds de dotation et des organismes faisant appel public \u00e0 la g\u00e9n\u00e9rosit\u00e9 \net notamment ses articles 15 \u00e0 21 ; \nVU le d\u00e9cret du Pr\u00e9sident de la R\u00e9publique du 12 mars 2025 nommant Mme Julie BENETTI, rectrice de la r\u00e9gion \nacad\u00e9mique \u00cele-de-France, rectrice de l'acad\u00e9mie de Paris ;  \nVU l'arr\u00eat\u00e9 n\u00b02020 -32 du 21 d\u00e9cembre 2020 modifi\u00e9 portant organisation de la d\u00e9l\u00e9gation r\u00e9gionale \nacad\u00e9mique \u00e0 la jeunesse, \u00e0 l'engag ement et aux sports et des services d\u00e9partementaux \u00e0 la jeunesse, \u00e0 \nl'engagement et aux sports ; \nVU le protocole r\u00e9gional d\u00e9partemental conclu entre le pr\u00e9fet de la r\u00e9gion d'Ile -de-France, pr\u00e9fet de Paris, et \nle recteur de la r\u00e9gion acad\u00e9mique d'Ile-de-France, recteur de l'acad\u00e9mie de Paris, le 24 d\u00e9cembre 2020; \n \nVU l'arr\u00eat\u00e9 n\u00b0 75-2025-03-26-00004 du 26 mars 2025 portant d\u00e9l\u00e9gation du pr\u00e9fet de la r\u00e9gion d'Ile-de-France, \npr\u00e9fet de Paris \u00e0 Mme Julie BENETTI, rectrice de la r\u00e9gion acad\u00e9mique Ile-de-France, rectrice de l'acad\u00e9mie \nde Paris, en mati\u00e8re administrative ; \n \nVU  l'arr\u00eat\u00e9 minist\u00e9riel du 4 mai 2021 nommant Mme Jeanne DELACOURT dans l'emploi de conseill\u00e8re du \ndirecteur acad\u00e9mique des services de l'\u00e9ducation en mati\u00e8re de jeunesse, d'engagemen t et de sports de \nParis ; \n \nVU  le d\u00e9cret du Pr\u00e9sident de la R\u00e9publique du 26 f\u00e9vrier 2025 portant nomination de M. Laurent NOE en qualit\u00e9 \nde directeur de l'acad\u00e9mie de Paris ;  \n \nVU l'arr\u00eat\u00e9 n\u00b0 2025-033-RRA du 27 mars 2025 portant subd\u00e9l\u00e9gation de signature en mati\u00e8re administrative de \nla rectrice de la r\u00e9gion acad\u00e9mique Ile -de-France, rectrice de l'acad\u00e9mie de Paris  ; pour la mise en \u0153uvre \ndes missions de jeunesse, d'engagement et de sports ;  \n \nCONSIDERANT \n \nConsid\u00e9rant que les \u00e9l\u00e9ments present\u00e9s par l'association sont de nature \u00e0 justifier le respect des conditions portant \nsur le tronc commun d'agr\u00e9ment , notamment: la libert\u00e9 de conscience de ses membres, le respect du principe de \nnon-discrimination, un mode de fonctionnement d\u00e9mocratique, une gestion financ i\u00e8re transparente, permettre \nl'\u00e9gal acc\u00e8s des hommes, des femmes et des jeunes aux instances dirigeantes et respecter le contrat d'engagement \nr\u00e9publicain; \nRectorat de la r\u00e9gion acad\u00e9mique d'Ile-de-France, rectorat de l'acad\u00e9mie de Paris - IDF-2025-12-08-00003 - Arr\u00eat\u00e9 n\u00b0 2025-176-RRA\nportant reconnaissance du tronc commun d'agr\u00e9ment d'une association ANIM\u00d6MES DE BEAUGRENELLE - SDJES de Paris 38\n \n \n2 \n \nARRETE \n \nArticle 1 : \nL'association suivante est r\u00e9put\u00e9e satisfaire aux conditions portant sur le tronc commun d'agr\u00e9ment : \n \nANIM\u00d4MES DE BEAUGRENELLE \n \nRNA: W751152868 \n \ndont le si\u00e8ge social est situ\u00e9 \u00e0 : 8 place de Brazzaville 75015 - Paris \n \n \nArticle 2 :  \nL'arr\u00eat\u00e9 entre en vigueur \u00e0 compter de la date de sa publication et pour une dur\u00e9e de cinq ans. \n \nArticle 3 : \nL'association mentionn\u00e9e ci -dessus est tenue d'informer sans d\u00e9lai l'autorit\u00e9 publique comp\u00e9tente de tout \nchangement relatif aux crit\u00e8res d'attribution de la pr\u00e9sente reconnaissance et notamment les changements de si\u00e8ge \nsocial, de statuts et de repr\u00e9sentant l\u00e9gal. \n \nArticle 4 : \nL'association mentionn\u00e9e ci -dessus tiendra \u00e0 disposition de l'administration, dans le cadre d'un contr\u00f4le, tout \ndocument justifiant de la reconnaissance du tronc commun et notamment les proc\u00e8s -verbaux d'assembl\u00e9e \ng\u00e9n\u00e9rale, les rapports financiers des exercices \u00e9coul\u00e9s et les rapports annuels d'activit\u00e9s. \n \nArticle 5 : \nLa cheffe du service d\u00e9partemental \u00e0 la jeunesse, \u00e0 l'engagement et aux sports de Paris  est charg\u00e9e de l'ex\u00e9cution \ndu pr\u00e9sent arr\u00eat\u00e9 qui sera publi\u00e9 au recueil  des actes administratifs de la pr\u00e9fecture de r\u00e9gion d'\u00cele -de-France, \npr\u00e9fecture de Paris. \n \nFait \u00e0 Paris, le 08/12/2025 \n \n \n \n \n \n \n \n \n \n \n \n \nPour la rectrice, et par subd\u00e9l\u00e9gation, \nla conseill\u00e8re du directeur de l'acad\u00e9mie de Paris, \ncheffe du service d\u00e9partemental \u00e0 la jeunesse, \u00e0 \nl'engagement et aux sports de Paris \n \nSign\u00e9 \n \nJeanne DELACOURT  \n \n \n \n \n \nRectorat de la r\u00e9gion acad\u00e9mique d'Ile-de-France, rectorat de l'acad\u00e9mie de Paris - IDF-2025-12-08-00003 - Arr\u00eat\u00e9 n\u00b0 2025-176-RRA\nportant reconnaissance du tronc commun d'agr\u00e9ment d'une association ANIM\u00d6MES DE BEAUGRENELLE - SDJES de Paris 39\nRectorat de la r\u00e9gion acad\u00e9mique\nd'Ile-de-France, rectorat de l'acad\u00e9mie de Paris\nIDF-2025-12-08-00004\nArr\u00eat\u00e9 n\u00b0 2025-177-RRA portant agr\u00e9ment au\ntitre de la Jeunesse et de l'\u00c9ducation Populaire\npour l'association - SDJES de Paris\nRectorat de la r\u00e9gion acad\u00e9mique d'Ile-de-France, rectorat de l'acad\u00e9mie de Paris - IDF-2025-12-08-00004 - Arr\u00eat\u00e9 n\u00b0 2025-177-RRA\nportant agr\u00e9ment au titre de la Jeunesse et de l'\u00c9ducation Populaire pour l'association - SDJES de Paris 40\nREGION ACADEMIQUE\u00ceLE-DE-FRANCELibert\u00e9Egalit\u00e9Fraternit\u00e9\n  \n \nService d\u00e9partemental \u00e0 la jeunesse,  \n\u00e0 l'engagement et aux sports de Paris  \n  \n \n \n \nService D\u00e9partemental \u00e0 la Jeunesse, \u00e0 l'Engagement et aux Sports de Paris  \n6/8 rue Eug\u00e8ne Oudin\u00e9 \u2013 CS 81360 - 75634 PARIS CEDEX 13 \n \n \n \n \n  \n \nARR\u00caT\u00c9 N\u00b02025-177-RRA  \nportant agr\u00e9ment au titre de la Jeunesse et de l'\u00c9ducation Populaire \n \nLA RECTRICE DE LA R\u00c9GION ACAD\u00c9MIQUE \u00ceLE-DE-FRANCE \nRECTRICE DE PARIS \nCHANCELIERE DES UNIVERSIT\u00c9S DE PARIS  \nET D'\u00ceLE-DE-FRANCE  \n \nVu la loi n\u00b0 2001-624 du 17 juillet 2001 portant diverses dispositions d'ordre social, \u00e9ducatif et culturel et notamment \nson article 8 ;  \nVu le d\u00e9cret n\u00b0 2002-571 du 22 avril 2002 pris pour l'application du premier alin\u00e9a de l'article 8 de la loi n\u00b0 2001-624 \net relatif \u00e0 l'agr\u00e9ment des associations de jeunesse et d'\u00e9ducation populaire ;  \nVu le d\u00e9cret n\u00b0 2019-838 du 19 ao\u00fbt 2019 portant diverses mesures de simplification pour le minist\u00e8re de l'\u00e9ducation \nnationale et de la jeunesse ; \nVu le d\u00e9cret du Pr\u00e9sident de la R\u00e9publique du 12 mars 2025 nommant Mme Julie BENETTI, rectrice de la r\u00e9gion \nacad\u00e9mique \u00cele-de-France, rectrice de l'acad\u00e9mie de Paris ;  \nVu l'arr\u00eat\u00e9 n\u00b02020-32 du 21 d\u00e9cembre 2020 modifi\u00e9 portant organisation de la d\u00e9l\u00e9gation r\u00e9gionale acad\u00e9mique \u00e0 \nla jeunesse, \u00e0 l'engagement et aux sports et des services d\u00e9partementaux \u00e0 la jeunesse, \u00e0 l'engagement et aux sports; \nVu le protocole r\u00e9gional d\u00e9partemental conclu entre le pr\u00e9fet de la r\u00e9gion d'Ile -de-France, pr\u00e9fet de Paris, et le \nrecteur de la r\u00e9gion acad\u00e9mique d'Ile-de-France, recteur de l'acad\u00e9mie de Paris, le 24 d\u00e9cembre 2020 ; \nVu l'arr\u00eat\u00e9 n\u00b0 75-2025-03-26-00004 du 26 mars 2025 portant d\u00e9l\u00e9gation du pr\u00e9fet de la r\u00e9gion d'Ile-de-France, pr\u00e9fet \nde Paris \u00e0 Mme Julie BENETTI, rectrice de la r\u00e9gion acad\u00e9mique Ile -de-France, rectrice de l'acad\u00e9mie de Paris, en \nmati\u00e8re administrative ; \n \nVu l'arr\u00eat\u00e9 minist\u00e9riel du 4 mai 2021 nommant Mme Jeanne DELACOURT dans l'emploi de conseill\u00e8re du directeur \nacad\u00e9mique des services de l'\u00e9ducation en mati\u00e8re de jeunesse, d'engagement et de sports de Paris ; \n \nVu le d\u00e9cret du Pr\u00e9sident de la R\u00e9publique du 26 f\u00e9vrier 2025 portant nomination de M. Laurent NOE en qualit\u00e9 de \ndirecteur de l'acad\u00e9mie de Paris ;  \n \nVu l'arr\u00eat\u00e9 n\u00b0 2025-033-RRA du 27 mars 2025 portant subd\u00e9l\u00e9gation de signature en mati\u00e8re administrative de la \nrectrice de la r\u00e9gion acad\u00e9mique Ile-de-France, rectrice de l'acad\u00e9mie de Paris pour la mise en \u0153uvre des missions \nde jeunesse, d'engagement et de sports ;  \n \n \nCONSIDERANT \n \nConsid\u00e9rant la demande compl\u00e8te formul\u00e9e par l'association en date du 13/11/2025 ; \n \nConsid\u00e9rant que les \u00e9l\u00e9ments pr\u00e9sent\u00e9s par l'association sont de nature \u00e0 remplir les conditions r\u00e9glementaires \nrelatives \u00e0 l'agr\u00e9ment des associations de jeunesse et d'\u00e9ducation populaire ; \n \n \n \n \n \nRectorat de la r\u00e9gion acad\u00e9mique d'Ile-de-France, rectorat de l'acad\u00e9mie de Paris - IDF-2025-12-08-00004 - Arr\u00eat\u00e9 n\u00b0 2025-177-RRA\nportant agr\u00e9ment au titre de la Jeunesse et de l'\u00c9ducation Populaire pour l'association - SDJES de Paris 41\n \n \n2 \nARRETE \n \nArticle 1 : \nL'agr\u00e9ment au titre des associations de jeunesse et d'\u00e9ducation populaire est attribu\u00e9 \u00e0 l'association : \n \nSAUVEGARDE DE L'ADOLESCENCE \n \nRNA : W751028359 \n \ndont le si\u00e8ge social est situ\u00e9 \u00e0 : 3 rue Coq H\u00e9ron 75001 - Paris \n \ndont l'objet statutaire est :  \n \n- Assurer une action sociale pr\u00e9ventive et \u00e9ducative aupr\u00e8s des mineurs et de leurs familles. Cette action est \n\u00e9tendue aux jeunes adultes. \n \nLe num\u00e9ro de l'agr\u00e9ment \u00e0 rappeler dans les correspondances avec l'administration est le suivant :  \n2025-JEP-75-52 \n \nArticle 2 :  \nL'association mentionn\u00e9e ci -dessus est tenue d'informer sans d\u00e9lai l'autorit\u00e9 publique comp\u00e9tente de tout \nchangement relatif aux crit\u00e8res d'attribution du pr\u00e9sent agr\u00e9ment et notamment les changements de si\u00e8ge social, \nde statuts et de repr\u00e9sentant l\u00e9gal. \n \nArticle 3 : \nL'association mentionn\u00e9e ci -dessus tiendra \u00e0 disposition de l'administration, dans le cadre d'un contr\u00f4le, tout \ndocument justifiant de l'agr\u00e9ment et notamment les proc\u00e8s -verbaux d'assembl\u00e9e g\u00e9n\u00e9rale, les rapports financiers \ndes exercices \u00e9coul\u00e9s et les rapports annuels d'activit\u00e9s. \n \nArticle 4 : \nCet agr\u00e9ment de jeunesse et d'\u00e9ducation populaire n'est valide que si l'association mentionn\u00e9e ci-dessus d\u00e9tient un \ntronc commun d'agr\u00e9ment en cours de validit\u00e9. \n \nArticle 5 :  \nL'arr\u00eat\u00e9 entre en vigueur \u00e0 compter de la date de sa publication et pour une dur\u00e9e de cinq ans. \n \nArticle 6 : \nLa cheffe du service d\u00e9partemental \u00e0 la j eunesse, \u00e0 l'engagement et aux sports de Paris  est charg\u00e9e de l'ex\u00e9cution \ndu pr\u00e9sent arr\u00eat\u00e9 qui sera publi\u00e9 au recueil des actes administratifs de la pr\u00e9fecture de r\u00e9gion d'\u00cele -de-France, \npr\u00e9fecture de Paris. \n \nFait \u00e0 Paris, le 08/12/2025 \n \n \n \n \n \n \n \n \n \nPour la rectrice, et par subd\u00e9l\u00e9gation, \nla conseill\u00e8re du directeur de l'acad\u00e9mie de Paris, \ncheffe du service d\u00e9partemental \u00e0 la jeunesse, \u00e0 \nl'engagement et aux sports de Paris \n                            Sign\u00e9 \nJeanne DELACOURT  \n \nRectorat de la r\u00e9gion acad\u00e9mique d'Ile-de-France, rectorat de l'acad\u00e9mie de Paris - IDF-2025-12-08-00004 - Arr\u00eat\u00e9 n\u00b0 2025-177-RRA\nportant agr\u00e9ment au titre de la Jeunesse et de l'\u00c9ducation Populaire pour l'association - SDJES de Paris 42\nRectorat de la r\u00e9gion acad\u00e9mique\nd'Ile-de-France, rectorat de l'acad\u00e9mie de Paris\nIDF-2025-12-08-00005\nArr\u00eat\u00e9 n\u00b0 2025-178-RRA portant reconnaissance\ndu tronc commun d'agr\u00e9ment d'une association\nSAUVEGARDE DE L'ADOLESCENCE - SDJES de\nParis\nRectorat de la r\u00e9gion acad\u00e9mique d'Ile-de-France, rectorat de l'acad\u00e9mie de Paris - IDF-2025-12-08-00005 - Arr\u00eat\u00e9 n\u00b0 2025-178-RRA\nportant reconnaissance du tronc commun d'agr\u00e9ment d'une association SAUVEGARDE DE L'ADOLESCENCE - SDJES de Paris 43\nREGION ACADEMIQUE\u00ceLE-DE-FRANCELibert\u00e9\u00c9galit\u00e9Fraternit\u00e9\n  \n \nService d\u00e9partemental \u00e0 la jeunesse,  \n\u00e0 l'engagement et aux sports de Paris  \n \n \n \n \nService D\u00e9partemental \u00e0 la Jeunesse, \u00e0 l'Engagement et aux Sports de Paris  \n6/8 rue Eug\u00e8ne Oudin\u00e9 \u2013 CS 81360 - 75634 PARIS CEDEX 13 \n \n \n \n \n              ARR\u00caT\u00c9 N\u00b02025-178-RRA \nportant reconnaissance du tronc commun d'agr\u00e9ment d'une association \n \nLA RECTRICE DE LA R\u00c9GION ACAD\u00c9MIQUE \u00ceLE-DE-FRANCE \nRECTRICE DE PARIS \nCHANCELIERE DES UNIVERSIT\u00c9S DE PARIS  \nET D'\u00ceLE-DE-FRANCE  \n \n \nVU  la loi n\u00b0 2000 -321 du 12 avril 2000 modifi\u00e9e relative aux droits des citoyens dans leurs relations avec les \nadministrations et notamment son article 25-1 ; \nVU le d\u00e9cret n\u00b0 2017 -908 du 6 mai 20 17 portant diverses dispositions relatives au r\u00e9gime juridique des \nassociations, des fondations, des fonds de dotation et des organismes faisant appel public \u00e0 la g\u00e9n\u00e9rosit\u00e9 \net notamment ses articles 15 \u00e0 21 ; \nVU le d\u00e9cret du Pr\u00e9sident de la R\u00e9publique du 12 mars 2025 nommant Mme Julie BENETTI, rectrice de la r\u00e9gion \nacad\u00e9mique \u00cele-de-France, rectrice de l'acad\u00e9mie de Paris ;  \nVU l'arr\u00eat\u00e9 n\u00b02020 -32 du 21 d\u00e9cembre 2020 modifi\u00e9 portant organisation de la d\u00e9l\u00e9gation r\u00e9gionale \nacad\u00e9mique \u00e0 la jeunesse, \u00e0 l'engag ement et aux sports et des services d\u00e9partementaux \u00e0 la jeunesse, \u00e0 \nl'engagement et aux sports ; \nVU le protocole r\u00e9gional d\u00e9partemental conclu entre le pr\u00e9fet de la r\u00e9gion d'Ile -de-France, pr\u00e9fet de Paris, et \nle recteur de la r\u00e9gion acad\u00e9mique d'Ile-de-France, recteur de l'acad\u00e9mie de Paris, le 24 d\u00e9cembre 2020; \n \nVU l'arr\u00eat\u00e9 n\u00b0 75-2025-03-26-00004 du 26 mars 2025 portant d\u00e9l\u00e9gation du pr\u00e9fet de la r\u00e9gion d'Ile-de-France, \npr\u00e9fet de Paris \u00e0 Mme Julie BENETTI, rectrice de la r\u00e9gion acad\u00e9mique Ile-de-France, rectrice de l'acad\u00e9mie \nde Paris, en mati\u00e8re administrative ; \n \nVU  l'arr\u00eat\u00e9 minist\u00e9riel du 4 mai 2021 nommant Mme Jeanne DELACOURT dans l'emploi de conseill\u00e8re du \ndirecteur acad\u00e9mique des services de l'\u00e9ducation en mati\u00e8re de jeunesse, d'engagemen t et de sports de \nParis ; \n \nVU  le d\u00e9cret du Pr\u00e9sident de la R\u00e9publique du 26 f\u00e9vrier 2025 portant nomination de M. Laurent NOE en qualit\u00e9 \nde directeur de l'acad\u00e9mie de Paris ;  \n \nVU l'arr\u00eat\u00e9 n\u00b0 2025-033-RRA du 27 mars 2025 portant subd\u00e9l\u00e9gation de signature en mati\u00e8re administrative de \nla rectrice de la r\u00e9gion acad\u00e9mique Ile -de-France, rectrice de l'acad\u00e9mie de Paris  ; pour la mise en \u0153uvre \ndes missions de jeunesse, d'engagement et de sports ;  \n \nCONSIDERANT \n \nConsid\u00e9rant que les \u00e9l\u00e9ments present\u00e9s par l'association sont de nature \u00e0 justifier le respect des conditions portant \nsur le tronc commun d'agr\u00e9ment , notamment: la libert\u00e9 de conscience de ses membres, le respect du principe de \nnon-discrimination, un mode de fonctionnement d\u00e9mocratique, une gestion financ i\u00e8re transparente, permettre \nl'\u00e9gal acc\u00e8s des hommes, des femmes et des jeunes aux instances dirigeantes et respecter le contrat d'engagement \nr\u00e9publicain; \nRectorat de la r\u00e9gion acad\u00e9mique d'Ile-de-France, rectorat de l'acad\u00e9mie de Paris - IDF-2025-12-08-00005 - Arr\u00eat\u00e9 n\u00b0 2025-178-RRA\nportant reconnaissance du tronc commun d'agr\u00e9ment d'une association SAUVEGARDE DE L'ADOLESCENCE - SDJES de Paris 44\n \n \n2 \n \nARRETE \n \nArticle 1 : \nL'association suivante est r\u00e9put\u00e9e satisfaire aux conditions portant sur le tronc commun d'agr\u00e9ment : \n \nSAUVEGARDE DE L'ADOLESCENCE \n \nRNA: W751028359 \n \ndont le si\u00e8ge social est situ\u00e9 \u00e0 : 3 rue Coq H\u00e9ron 75001 - Paris \n \n \nArticle 2 :  \nL'arr\u00eat\u00e9 entre en vigueur \u00e0 compter de la date de sa publication et pour une dur\u00e9e de cinq ans. \n \nArticle 3 : \nL'association mentionn\u00e9e ci -dessus est tenue d'informer sans d\u00e9lai l'autorit\u00e9 publique comp\u00e9tente de tout \nchangement relatif aux crit\u00e8res d'attribution de la pr\u00e9sente reconnaissance et notamment les changements de si\u00e8ge \nsocial, de statuts et de repr\u00e9sentant l\u00e9gal. \n \nArticle 4 : \nL'association mentionn\u00e9e ci -dessus tiendra \u00e0 disposition de l'administration, dans le cadre d'un contr\u00f4le, tout \ndocument justifiant de la reconnaissance du tronc commun et notamment les proc\u00e8s -verbaux d'assembl\u00e9e \ng\u00e9n\u00e9rale, les rapports financiers des exercices \u00e9coul\u00e9s et les rapports annuels d'activit\u00e9s. \n \nArticle 5 : \nLa cheffe du service d\u00e9partemental \u00e0 la jeunesse, \u00e0 l'engagement et aux sports de Paris  est charg\u00e9e de l'ex\u00e9cution \ndu pr\u00e9sent arr\u00eat\u00e9 qui sera publi\u00e9 au recueil  des actes administratifs de la pr\u00e9fecture de r\u00e9gion d'\u00cele -de-France, \npr\u00e9fecture de Paris. \n \nFait \u00e0 Paris, le 08/12/2025 \n \n \n \n \n \n \n \n \n \n \n \n \nPour la rectrice, et par subd\u00e9l\u00e9gation, \nla conseill\u00e8re du directeur de l'acad\u00e9mie de Paris, \ncheffe du service d\u00e9partemental \u00e0 la jeunesse, \u00e0 \nl'engagement et aux sports de Paris \n \nSign\u00e9 \n \nJeanne DELACOURT  \n \n \n \n \n \nRectorat de la r\u00e9gion acad\u00e9mique d'Ile-de-France, rectorat de l'acad\u00e9mie de Paris - IDF-2025-12-08-00005 - Arr\u00eat\u00e9 n\u00b0 2025-178-RRA\nportant reconnaissance du tronc commun d'agr\u00e9ment d'une association SAUVEGARDE DE L'ADOLESCENCE - SDJES de Paris 45\nRectorat de la r\u00e9gion acad\u00e9mique\nd'Ile-de-France, rectorat de l'acad\u00e9mie de Paris\nIDF-2025-12-08-00006\nArr\u00eat\u00e9 n\u00b0 2025-179-RRA portant agr\u00e9ment au\ntitre de la Jeunesse et de l'\u00c9ducation Populaire\npour l'association CENTRE COROT - ENTRAIDE\nD'AUTEUIL - SDJES de Paris \nRectorat de la r\u00e9gion acad\u00e9mique d'Ile-de-France, rectorat de l'acad\u00e9mie de Paris - IDF-2025-12-08-00006 - Arr\u00eat\u00e9 n\u00b0 2025-179-RRA\nportant agr\u00e9ment au titre de la Jeunesse et de l'\u00c9ducation Populaire pour l'association CENTRE COROT - ENTRAIDE D'AUTEUIL - SDJES\nde Paris \n46\nREGION ACADEMIQUE\u00ceLE-DE-FRANCELibert\u00e9Egalit\u00e9Fraternit\u00e9\n  \n \nService d\u00e9partemental \u00e0 la jeunesse,  \n\u00e0 l'engagement et aux sports de Paris  \n  \n \n \n \nService D\u00e9partemental \u00e0 la Jeunesse, \u00e0 l'Engagement et aux Sports de Paris  \n6/8 rue Eug\u00e8ne Oudin\u00e9 \u2013 CS 81360 - 75634 PARIS CEDEX 13 \n \n \n \n \n  \n \nARR\u00caT\u00c9 N\u00b02025-179-RRA  \nportant agr\u00e9ment au titre de la Jeunesse et de l'\u00c9ducation Populaire \n \nLA RECTRICE DE LA R\u00c9GION ACAD\u00c9MIQUE \u00ceLE-DE-FRANCE \nRECTRICE DE PARIS \nCHANCELIERE DES UNIVERSIT\u00c9S DE PARIS  \nET D'\u00ceLE-DE-FRANCE  \n \nVu la loi n\u00b0 2001-624 du 17 juillet 2001 portant diverses dispositions d'ordre social, \u00e9ducatif et culturel et notamment \nson article 8 ;  \nVu le d\u00e9cret n\u00b0 2002-571 du 22 avril 2002 pris pour l'application du premier alin\u00e9a de l'article 8 de la loi n\u00b0 2001-624 \net relatif \u00e0 l'agr\u00e9ment des associations de jeunesse et d'\u00e9ducation populaire ;  \nVu le d\u00e9cret n\u00b0 2019-838 du 19 ao\u00fbt 2019 portant diverses mesures de simplification pour le minist\u00e8re de l'\u00e9ducation \nnationale et de la jeunesse ; \nVu le d\u00e9cret du Pr\u00e9sident de la R\u00e9publique du 12 mars 2025 nommant Mme Julie BENETTI, rectrice de la r\u00e9gion \nacad\u00e9mique \u00cele-de-France, rectrice de l'acad\u00e9mie de Paris ;  \nVu l'arr\u00eat\u00e9 n\u00b02020-32 du 21 d\u00e9cembre 2020 modifi\u00e9 portant organisation de la d\u00e9l\u00e9gation r\u00e9gionale acad\u00e9mique \u00e0 \nla jeunesse, \u00e0 l'engagement et aux sports et des services d\u00e9partementaux \u00e0 la jeunesse, \u00e0 l'engagement et aux sports; \nVu le protocole r\u00e9gional d\u00e9partemental conclu entre le pr\u00e9fet de la r\u00e9gion d'Ile -de-France, pr\u00e9fet de Paris, et le \nrecteur de la r\u00e9gion acad\u00e9mique d'Ile-de-France, recteur de l'acad\u00e9mie de Paris, le 24 d\u00e9cembre 2020 ; \nVu l'arr\u00eat\u00e9 n\u00b0 75-2025-03-26-00004 du 26 mars 2025 portant d\u00e9l\u00e9gation du pr\u00e9fet de la r\u00e9gion d'Ile-de-France, pr\u00e9fet \nde Paris \u00e0 Mme Julie BENETTI, rectrice de la r\u00e9gion acad\u00e9mique Ile -de-France, rectrice de l'acad\u00e9mie de Paris, en \nmati\u00e8re administrative ; \n \nVu l'arr\u00eat\u00e9 minist\u00e9riel du 4 mai 2021 nommant Mme Jeanne DELACOURT dans l'emploi de conseill\u00e8re du directeur \nacad\u00e9mique des services de l'\u00e9ducation en mati\u00e8re de jeunesse, d'engagement et de sports de Paris ; \n \nVu le d\u00e9cret du Pr\u00e9sident de la R\u00e9publique du 26 f\u00e9vrier 2025 portant nomination de M. Laurent NOE en qualit\u00e9 de \ndirecteur de l'acad\u00e9mie de Paris ;  \n \nVu l'arr\u00eat\u00e9 n\u00b0 2025-033-RRA du 27 mars 2025 portant subd\u00e9l\u00e9gation de signature en mati\u00e8re administrative de la \nrectrice de la r\u00e9gion acad\u00e9mique Ile-de-France, rectrice de l'acad\u00e9mie de Paris pour la mise en \u0153uvre des missions \nde jeunesse, d'engagement et de sports ;  \n \n \nCONSIDERANT \n \nConsid\u00e9rant la demande compl\u00e8te formul\u00e9e par l'association en date du 26/11/2025 ; \n \nConsid\u00e9rant que les \u00e9l\u00e9ments pr\u00e9sent\u00e9s par l'association sont de nature \u00e0 remplir les conditions r\u00e9glementaires \nrelatives \u00e0 l'agr\u00e9ment des associations de jeunesse et d'\u00e9ducation populaire ; \n \n \n \n \n \nRectorat de la r\u00e9gion acad\u00e9mique d'Ile-de-France, rectorat de l'acad\u00e9mie de Paris - IDF-2025-12-08-00006 - Arr\u00eat\u00e9 n\u00b0 2025-179-RRA\nportant agr\u00e9ment au titre de la Jeunesse et de l'\u00c9ducation Populaire pour l'association CENTRE COROT - ENTRAIDE D'AUTEUIL - SDJES\nde Paris \n47\n \n \n2 \nARRETE \n \nArticle 1 : \nL'agr\u00e9ment au titre des associations de jeunesse et d'\u00e9ducation populaire est attribu\u00e9 \u00e0 l'association : \n \nCENTRE COROT - ENTRAIDE D'AUTEUIL \n \nRNA : W751064278 \n \ndont le si\u00e8ge social est situ\u00e9 \u00e0 : 4 rue Corot 75016 - Paris \n \ndont l'objet statutaire est :  \n \n- La cr\u00e9ation, l'animation et le d\u00e9veloppement d'activit\u00e9s d'accueil permettant d'apporter un soutien, tant \nsur le plan moral que mat\u00e9riel, \u00e0 des personnes en d\u00e9tresse, et d'aider \u00e0 leur r\u00e9insertion par tous les moyens \ndisponibles et adapt\u00e9s, en particulier par le logement, le travail, l'organisation des loisirs et la pratique du \nsport. \n \nLe num\u00e9ro de l'agr\u00e9ment \u00e0 rappeler dans les correspondances avec l'administration est le suivant :  \n2025-JEP-75-53 \n \nArticle 2 :  \nL'association mentionn\u00e9e ci -dessus est tenue d'informer sans d\u00e9lai l'autorit\u00e9 publique comp\u00e9tente de tout \nchangement relatif aux crit\u00e8res d'attribution du pr\u00e9sent agr\u00e9ment et notamment les changements de si\u00e8ge social, \nde statuts et de repr\u00e9sentant l\u00e9gal. \n \nArticle 3 : \nL'association mentionn\u00e9e ci -dessus tiendra \u00e0 disposition de l'administration, dans le cadre d'un contr\u00f4le, tout \ndocument justifiant de l'agr\u00e9ment et notamment les proc\u00e8s -verbaux d'assembl\u00e9e g\u00e9n\u00e9rale, les rapports financiers  \ndes exercices \u00e9coul\u00e9s et les rapports annuels d'activit\u00e9s. \n \nArticle 4 : \nCet agr\u00e9ment de jeunesse et d'\u00e9ducation populaire n'est valide que si l'association mentionn\u00e9e ci-dessus d\u00e9tient un \ntronc commun d'agr\u00e9ment en cours de validit\u00e9. \n \nArticle 5 :  \nL'arr\u00eat\u00e9 entre en vigueur \u00e0 compter de la date de sa publication et pour une dur\u00e9e de cinq ans. \n \nArticle 6 : \nLa cheffe du service d\u00e9partemental \u00e0 la jeunesse, \u00e0 l'engagement et aux sports de Paris  est charg\u00e9e de l'ex\u00e9cution \ndu pr\u00e9sent arr\u00eat\u00e9 qui sera publi \u00e9 au recueil des actes administratifs de la pr\u00e9fecture de r\u00e9gion d'\u00cele -de-France, \npr\u00e9fecture de Paris. \n \nFait \u00e0 Paris, le 08/12/2025 \n \n \n \n \n \n \n \n \n \nPour la rectrice, et par subd\u00e9l\u00e9gation, \nla conseill\u00e8re du directeur de l'acad\u00e9mie de Paris, \ncheffe du service d\u00e9partemental \u00e0 la jeunesse, \u00e0 \nl'engagement et aux sports de Paris \n                              Sign\u00e9 \nJeanne DELACOURT  \n \nRectorat de la r\u00e9gion acad\u00e9mique d'Ile-de-France, rectorat de l'acad\u00e9mie de Paris - IDF-2025-12-08-00006 - Arr\u00eat\u00e9 n\u00b0 2025-179-RRA\nportant agr\u00e9ment au titre de la Jeunesse et de l'\u00c9ducation Populaire pour l'association CENTRE COROT - ENTRAIDE D'AUTEUIL - SDJES\nde Paris \n48\nRectorat de la r\u00e9gion acad\u00e9mique\nd'Ile-de-France, rectorat de l'acad\u00e9mie de Paris\nIDF-2025-12-08-00007\nArr\u00eat\u00e9 n\u00b0 2025-180-RRA portant reconnaissance\ndu tronc commun d'agr\u00e9ment d'une association\nCENTRE COROT - ENTRAIDE D'AUTEUIL - SDJES\nde Paris\nRectorat de la r\u00e9gion acad\u00e9mique d'Ile-de-France, rectorat de l'acad\u00e9mie de Paris - IDF-2025-12-08-00007 - Arr\u00eat\u00e9 n\u00b0 2025-180-RRA\nportant reconnaissance du tronc commun d'agr\u00e9ment d'une association CENTRE COROT - ENTRAIDE D'AUTEUIL - SDJES de Paris 49\nREGION ACADEMIQUE\u00ceLE-DE-FRANCELibert\u00e9\u00c9galit\u00e9Fraternit\u00e9\n  \n \nService d\u00e9partemental \u00e0 la jeunesse,  \n\u00e0 l'engagement et aux sports de Paris  \n \n \n \n \nService D\u00e9partemental \u00e0 la Jeunesse, \u00e0 l'Engagement et aux Sports de Paris  \n6/8 rue Eug\u00e8ne Oudin\u00e9 \u2013 CS 81360 - 75634 PARIS CEDEX 13 \n \n \n \n \n              ARR\u00caT\u00c9 N\u00b02025-180-RRA \nportant reconnaissance du tronc commun d'agr\u00e9ment d'une association \n \nLA RECTRICE DE LA R\u00c9GION ACAD\u00c9MIQUE \u00ceLE-DE-FRANCE \nRECTRICE DE PARIS \nCHANCELIERE DES UNIVERSIT\u00c9S DE PARIS  \nET D'\u00ceLE-DE-FRANCE  \n \n \nVU  la loi n\u00b0 2000 -321 du 12 avril 2000 modifi\u00e9e relative aux droits des citoyens dans leurs relations avec les \nadministrations et notamment son article 25-1 ; \nVU le d\u00e9cret n\u00b0 2017 -908 du 6 mai 20 17 portant diverses dispositions relatives au r\u00e9gime juridique des \nassociations, des fondations, des fonds de dotation et des organismes faisant appel public \u00e0 la g\u00e9n\u00e9rosit\u00e9 \net notamment ses articles 15 \u00e0 21 ; \nVU le d\u00e9cret du Pr\u00e9sident de la R\u00e9publique du 12 mars 2025 nommant Mme Julie BENETTI, rectrice de la r\u00e9gion \nacad\u00e9mique \u00cele-de-France, rectrice de l'acad\u00e9mie de Paris ;  \nVU l'arr\u00eat\u00e9 n\u00b02020 -32 du 21 d\u00e9cembre 2020 modifi\u00e9 portant organisation de la d\u00e9l\u00e9gation r\u00e9gionale \nacad\u00e9mique \u00e0 la jeunesse, \u00e0 l'engag ement et aux sports et des services d\u00e9partementaux \u00e0 la jeunesse, \u00e0 \nl'engagement et aux sports ; \nVU le protocole r\u00e9gional d\u00e9partemental conclu entre le pr\u00e9fet de la r\u00e9gion d'Ile -de-France, pr\u00e9fet de Paris, et \nle recteur de la r\u00e9gion acad\u00e9mique d'Ile-de-France, recteur de l'acad\u00e9mie de Paris, le 24 d\u00e9cembre 2020; \n \nVU l'arr\u00eat\u00e9 n\u00b0 75-2025-03-26-00004 du 26 mars 2025 portant d\u00e9l\u00e9gation du pr\u00e9fet de la r\u00e9gion d'Ile-de-France, \npr\u00e9fet de Paris \u00e0 Mme Julie BENETTI, rectrice de la r\u00e9gion acad\u00e9mique Ile-de-France, rectrice de l'acad\u00e9mie \nde Paris, en mati\u00e8re administrative ; \n \nVU  l'arr\u00eat\u00e9 minist\u00e9riel du 4 mai 2021 nommant Mme Jeanne DELACOURT dans l'emploi de conseill\u00e8re du \ndirecteur acad\u00e9mique des services de l'\u00e9ducation en mati\u00e8re de jeunesse, d'engagemen t et de sports de \nParis ; \n \nVU  le d\u00e9cret du Pr\u00e9sident de la R\u00e9publique du 26 f\u00e9vrier 2025 portant nomination de M. Laurent NOE en qualit\u00e9 \nde directeur de l'acad\u00e9mie de Paris ;  \n \nVU l'arr\u00eat\u00e9 n\u00b0 2025-033-RRA du 27 mars 2025 portant subd\u00e9l\u00e9gation de signature en mati\u00e8re administrative de \nla rectrice de la r\u00e9gion acad\u00e9mique Ile -de-France, rectrice de l'acad\u00e9mie de Paris  ; pour la mise en \u0153uvre \ndes missions de jeunesse, d'engagement et de sports ;  \n \nCONSIDERANT \n \nConsid\u00e9rant que les \u00e9l\u00e9ments present\u00e9s par l'association sont de nature \u00e0 justifier le respect des conditions portant \nsur le tronc commun d'agr\u00e9ment , notamment: la libert\u00e9 de conscience de ses membres, le respect du principe de \nnon-discrimination, un mode de fonctionnement d\u00e9mocratique, une gestion financ i\u00e8re transparente, permettre \nl'\u00e9gal acc\u00e8s des hommes, des femmes et des jeunes aux instances dirigeantes et respecter le contrat d'engagement \nr\u00e9publicain; \nRectorat de la r\u00e9gion acad\u00e9mique d'Ile-de-France, rectorat de l'acad\u00e9mie de Paris - IDF-2025-12-08-00007 - Arr\u00eat\u00e9 n\u00b0 2025-180-RRA\nportant reconnaissance du tronc commun d'agr\u00e9ment d'une association CENTRE COROT - ENTRAIDE D'AUTEUIL - SDJES de Paris 50\n \n \n2 \n \nARRETE \n \nArticle 1 : \nL'association suivante est r\u00e9put\u00e9e satisfaire aux conditions portant sur le tronc commun d'agr\u00e9ment : \n \nCENTRE COROT - ENTRAIDE D'AUTEUIL \n \nRNA: W751064278 \n \ndont le si\u00e8ge social est situ\u00e9 \u00e0 : 4 rue Corot 75016 - Paris \n \n \nArticle 2 :  \nL'arr\u00eat\u00e9 entre en vigueur \u00e0 compter de la date de sa publication et pour une dur\u00e9e de cinq ans. \n \nArticle 3 : \nL'association mentionn\u00e9e ci -dessus est tenue d'informer sans d\u00e9lai l'autorit\u00e9 publique comp\u00e9tente de tout \nchangement relatif aux crit\u00e8res d'attribution de la pr\u00e9sente reconnaissance et notamment les changements de si\u00e8ge \nsocial, de statuts et de repr\u00e9sentant l\u00e9gal. \n \nArticle 4 : \nL'association mentionn\u00e9e ci -dessus tiendra \u00e0 disposition de l'administration, dans le cadre d'un contr\u00f4le, tout \ndocument justifiant de la reconnaissance du tronc commun et notamment les proc\u00e8s -verbaux d'assembl\u00e9e \ng\u00e9n\u00e9rale, les rapports financiers des exercices \u00e9coul\u00e9s et les rapports annuels d'activit\u00e9s. \n \nArticle 5 : \nLa cheffe du service d\u00e9partemental \u00e0 la jeunesse, \u00e0 l'engagement et aux sports de Paris  est charg\u00e9e de l'ex\u00e9cution \ndu pr\u00e9sent arr\u00eat\u00e9 qui sera publi\u00e9 au recueil  des actes administratifs de la pr\u00e9fecture de r\u00e9gion d'\u00cele -de-France, \npr\u00e9fecture de Paris. \n \nFait \u00e0 Paris, le 08/12/2025 \n \n \n \n \n \n \n \n \n \n \n \n \nPour la rectrice, et par subd\u00e9l\u00e9gation, \nla conseill\u00e8re du directeur de l'acad\u00e9mie de Paris, \ncheffe du service d\u00e9partemental \u00e0 la jeunesse, \u00e0 \nl'engagement et aux sports de Paris \n \nSign\u00e9 \n \nJeanne DELACOURT  \n \n \n \n \n \nRectorat de la r\u00e9gion acad\u00e9mique d'Ile-de-France, rectorat de l'acad\u00e9mie de Paris - IDF-2025-12-08-00007 - Arr\u00eat\u00e9 n\u00b0 2025-180-RRA\nportant reconnaissance du tronc commun d'agr\u00e9ment d'une association CENTRE COROT - ENTRAIDE D'AUTEUIL - SDJES de Paris 51\nRectorat de la r\u00e9gion acad\u00e9mique\nd'Ile-de-France, rectorat de l'acad\u00e9mie de Paris\nIDF-2025-12-08-00008\nArr\u00eat\u00e9 n\u00b0 2025-181-RRA portant agr\u00e9ment au\ntitre de la Jeunesse et de l'\u00c9ducation Populaire\npour l'association CROK CINE - SDJES de Paris \nRectorat de la r\u00e9gion acad\u00e9mique d'Ile-de-France, rectorat de l'acad\u00e9mie de Paris - IDF-2025-12-08-00008 - Arr\u00eat\u00e9 n\u00b0 2025-181-RRA\nportant agr\u00e9ment au titre de la Jeunesse et de l'\u00c9ducation Populaire pour l'association CROK CINE - SDJES de Paris 52\nREGION ACADEMIQUE\u00ceLE-DE-FRANCELibert\u00e9Egalit\u00e9Fraternit\u00e9\n  \n \nService d\u00e9partemental \u00e0 la jeunesse,  \n\u00e0 l'engagement et aux sports de Paris  \n  \n \n \n \nService D\u00e9partemental \u00e0 la Jeunesse, \u00e0 l'Engagement et aux Sports de Paris  \n6/8 rue Eug\u00e8ne Oudin\u00e9 \u2013 CS 81360 - 75634 PARIS CEDEX 13 \n \n \n \n \n  \n \nARR\u00caT\u00c9 N\u00b02025-181-RRA  \nportant agr\u00e9ment au titre de la Jeunesse et de l'\u00c9ducation Populaire \n \nLA RECTRICE DE LA R\u00c9GION ACAD\u00c9MIQUE \u00ceLE-DE-FRANCE \nRECTRICE DE PARIS \nCHANCELIERE DES UNIVERSIT\u00c9S DE PARIS  \nET D'\u00ceLE-DE-FRANCE  \n \nVu la loi n\u00b0 2001-624 du 17 juillet 2001 portant diverses dispositions d'ordre social, \u00e9ducatif et culturel et notamment \nson article 8 ;  \nVu le d\u00e9cret n\u00b0 2002-571 du 22 avril 2002 pris pour l'application du premier alin\u00e9a de l'article 8 de la loi n\u00b0 2001-624 \net relatif \u00e0 l'agr\u00e9ment des associations de jeunesse et d'\u00e9ducation populaire ;  \nVu le d\u00e9cret n\u00b0 2019-838 du 19 ao\u00fbt 2019 portant diverses mesures de simplification pour le minist\u00e8re de l'\u00e9ducation \nnationale et de la jeunesse ; \nVu le d\u00e9cret du Pr\u00e9sident de la R\u00e9publique du 12 mars 2025 nommant Mme Julie BENETTI, rectrice de la r\u00e9gion \nacad\u00e9mique \u00cele-de-France, rectrice de l'acad\u00e9mie de Paris ;  \nVu l'arr\u00eat\u00e9 n\u00b02020-32 du 21 d\u00e9cembre 2020 modifi\u00e9 portant organisation de la d\u00e9l\u00e9gation r\u00e9gionale acad\u00e9mique \u00e0 \nla jeunesse, \u00e0 l'engagement et aux sports et des services d\u00e9partementaux \u00e0 la jeunesse, \u00e0 l'engagement et aux sports; \nVu le protocole r\u00e9gional d\u00e9partemental conclu entre le pr\u00e9fet de la r\u00e9gion d'Ile -de-France, pr\u00e9fet de Paris, et le \nrecteur de la r\u00e9gion acad\u00e9mique d'Ile-de-France, recteur de l'acad\u00e9mie de Paris, le 24 d\u00e9cembre 2020 ; \nVu l'arr\u00eat\u00e9 n\u00b0 75-2025-03-26-00004 du 26 mars 2025 portant d\u00e9l\u00e9gation du pr\u00e9fet de la r\u00e9gion d'Ile-de-France, pr\u00e9fet \nde Paris \u00e0 Mme Julie BENETTI, rectrice de la r\u00e9gion acad\u00e9mique Ile -de-France, rectrice de l'acad\u00e9mie de Paris, en \nmati\u00e8re administrative ; \n \nVu l'arr\u00eat\u00e9 minist\u00e9riel du 4 mai 2021 nommant Mme Jeanne DELACOURT dans l'emploi de conseill\u00e8re du directeur \nacad\u00e9mique des services de l'\u00e9ducation en mati\u00e8re de jeunesse, d'engagement et de sports de Paris ; \n \nVu le d\u00e9cret du Pr\u00e9sident de la R\u00e9publique du 26 f\u00e9vrier 2025 portant nomination de M. Laurent NOE en qualit\u00e9 de \ndirecteur de l'acad\u00e9mie de Paris ;  \n \nVu l'arr\u00eat\u00e9 n\u00b0 2025-033-RRA du 27 mars 2025 portant subd\u00e9l\u00e9gation de signature en mati\u00e8re administrative de la \nrectrice de la r\u00e9gion acad\u00e9mique Ile-de-France, rectrice de l'acad\u00e9mie de Paris pour la mise en \u0153uvre des missions \nde jeunesse, d'engagement et de sports ;  \n \n \nCONSIDERANT \n \nConsid\u00e9rant la demande compl\u00e8te formul\u00e9e par l'association en date du 01/12/2025 ; \n \nConsid\u00e9rant que les \u00e9l\u00e9ments pr\u00e9sent\u00e9s par l'association sont de nature \u00e0 remplir les conditions r\u00e9glementaires \nrelatives \u00e0 l'agr\u00e9ment des associations de jeunesse et d'\u00e9ducation populaire ; \n \n \n \n \n \nRectorat de la r\u00e9gion acad\u00e9mique d'Ile-de-France, rectorat de l'acad\u00e9mie de Paris - IDF-2025-12-08-00008 - Arr\u00eat\u00e9 n\u00b0 2025-181-RRA\nportant agr\u00e9ment au titre de la Jeunesse et de l'\u00c9ducation Populaire pour l'association CROK CINE - SDJES de Paris 53\n \n \n2 \nARRETE \n \nArticle 1 : \nL'agr\u00e9ment au titre des associations de jeunesse et d'\u00e9ducation populaire est attribu\u00e9 \u00e0 l'association : \n \nCROK CINE \n \nRNA : W751232641 \n \ndont le si\u00e8ge social est situ\u00e9 \u00e0 : 14 impasse Truillot 75011 - Paris \n \ndont l'objet statutaire est :  \n \n- Favoriser l'acc\u00e8s \u00e0 la culture et au cin\u00e9ma, en particulier, \u00e0 l'\u00e9ducation \u00e0 l'image et par l'image (sur tous \nsupports pr\u00e9sents, et \u00e0 venir) pour les jeunes publics et tout public de mani\u00e8re g\u00e9n\u00e9rale. \n \nLe num\u00e9ro de l'agr\u00e9ment \u00e0 rappeler dans les correspondances avec l'administration est le suivant :  \n2025-JEP-75-54 \n \nArticle 2 :  \nL'association mentionn\u00e9e ci -dessus est tenue d'informer sans d\u00e9lai l'autorit\u00e9 publique comp\u00e9tente de tout \nchangement relatif aux crit\u00e8res d'attribution du pr\u00e9sent agr\u00e9ment et notamment les changements de si\u00e8ge social, \nde statuts et de repr\u00e9sentant l\u00e9gal. \n \nArticle 3 : \nL'association mentionn\u00e9e ci -dessus tiendra \u00e0 disposition de l'administration, dans le cadre d'un contr\u00f4le, tout \ndocument justifiant de l'agr\u00e9ment et notamment les proc\u00e8s -verbaux d'assembl\u00e9e g\u00e9n\u00e9rale, les rapports financiers \ndes exercices \u00e9coul\u00e9s et les rapports annuels d'activit\u00e9s. \n \nArticle 4 : \nCet agr\u00e9ment de jeunesse et d'\u00e9ducation populaire n'est valide que si l'association mentionn\u00e9e ci-dessus d\u00e9tient un \ntronc commun d'agr\u00e9ment en cours de validit\u00e9. \n \nArticle 5 :  \nL'arr\u00eat\u00e9 entre en vigueur \u00e0 compter de la date de sa publication et pour une dur\u00e9e de cinq ans. \n \nArticle 6 : \nLa cheffe du service d\u00e9partemental \u00e0 la jeu nesse, \u00e0 l'engagement et aux sports de Paris  est charg\u00e9e de l'ex\u00e9cution \ndu pr\u00e9sent arr\u00eat\u00e9 qui sera publi\u00e9 au recueil des actes administratifs de la pr\u00e9fecture de r\u00e9gion d'\u00cele -de-France, \npr\u00e9fecture de Paris. \n \nFait \u00e0 Paris, le 08/12/2025 \n \n \n \n \n \n \n \n \n \nPour la rectrice, et par subd\u00e9l\u00e9gation, \nla conseill\u00e8re du directeur de l'acad\u00e9mie de Paris, \ncheffe du service d\u00e9partemental \u00e0 la jeunesse, \u00e0 \nl'engagement et aux sports de Paris \n                               Sign\u00e9 \nJeanne DELACOURT  \n \nRectorat de la r\u00e9gion acad\u00e9mique d'Ile-de-France, rectorat de l'acad\u00e9mie de Paris - IDF-2025-12-08-00008 - Arr\u00eat\u00e9 n\u00b0 2025-181-RRA\nportant agr\u00e9ment au titre de la Jeunesse et de l'\u00c9ducation Populaire pour l'association CROK CINE - SDJES de Paris 54\nRectorat de la r\u00e9gion acad\u00e9mique\nd'Ile-de-France, rectorat de l'acad\u00e9mie de Paris\nIDF-2025-12-08-00009\nArr\u00eat\u00e9 n\u00b0 2025-182-RRA portant reconnaissance\ndu tronc commun d'agr\u00e9ment d'une association\nCROK CINE - SDJES de Paris\nRectorat de la r\u00e9gion acad\u00e9mique d'Ile-de-France, rectorat de l'acad\u00e9mie de Paris - IDF-2025-12-08-00009 - Arr\u00eat\u00e9 n\u00b0 2025-182-RRA\nportant reconnaissance du tronc commun d'agr\u00e9ment d'une association CROK CINE - SDJES de Paris 55\nREGION ACADEMIQUE\u00ceLE-DE-FRANCELibert\u00e9\u00c9galit\u00e9Fraternit\u00e9\n  \n \nService d\u00e9partemental \u00e0 la jeunesse,  \n\u00e0 l'engagement et aux sports de Paris  \n \n \n \n \nService D\u00e9partemental \u00e0 la Jeunesse, \u00e0 l'Engagement et aux Sports de Paris  \n6/8 rue Eug\u00e8ne Oudin\u00e9 \u2013 CS 81360 - 75634 PARIS CEDEX 13 \n \n \n \n \n              ARR\u00caT\u00c9 N\u00b02025-182-RRA \nportant reconnaissance du tronc commun d'agr\u00e9ment d'une association \n \nLA RECTRICE DE LA R\u00c9GION ACAD\u00c9MIQUE \u00ceLE-DE-FRANCE \nRECTRICE DE PARIS \nCHANCELIERE DES UNIVERSIT\u00c9S DE PARIS  \nET D'\u00ceLE-DE-FRANCE  \n \n \nVU  la loi n\u00b0 2000 -321 du 12 avril 2000 modifi\u00e9e relative aux droits des citoyens dans leurs relations avec les \nadministrations et notamment son article 25-1 ; \nVU le d\u00e9cret n\u00b0 2017 -908 du 6 mai 20 17 portant diverses dispositions relatives au r\u00e9gime juridique des \nassociations, des fondations, des fonds de dotation et des organismes faisant appel public \u00e0 la g\u00e9n\u00e9rosit\u00e9 \net notamment ses articles 15 \u00e0 21 ; \nVU le d\u00e9cret du Pr\u00e9sident de la R\u00e9publique du 12 mars 2025 nommant Mme Julie BENETTI, rectrice de la r\u00e9gion \nacad\u00e9mique \u00cele-de-France, rectrice de l'acad\u00e9mie de Paris ;  \nVU l'arr\u00eat\u00e9 n\u00b02020 -32 du 21 d\u00e9cembre 2020 modifi\u00e9 portant organisation de la d\u00e9l\u00e9gation r\u00e9gionale \nacad\u00e9mique \u00e0 la jeunesse, \u00e0 l'engag ement et aux sports et des services d\u00e9partementaux \u00e0 la jeunesse, \u00e0 \nl'engagement et aux sports ; \nVU le protocole r\u00e9gional d\u00e9partemental conclu entre le pr\u00e9fet de la r\u00e9gion d'Ile -de-France, pr\u00e9fet de Paris, et \nle recteur de la r\u00e9gion acad\u00e9mique d'Ile-de-France, recteur de l'acad\u00e9mie de Paris, le 24 d\u00e9cembre 2020; \n \nVU l'arr\u00eat\u00e9 n\u00b0 75-2025-03-26-00004 du 26 mars 2025 portant d\u00e9l\u00e9gation du pr\u00e9fet de la r\u00e9gion d'Ile-de-France, \npr\u00e9fet de Paris \u00e0 Mme Julie BENETTI, rectrice de la r\u00e9gion acad\u00e9mique Ile-de-France, rectrice de l'acad\u00e9mie \nde Paris, en mati\u00e8re administrative ; \n \nVU  l'arr\u00eat\u00e9 minist\u00e9riel du 4 mai 2021 nommant Mme Jeanne DELACOURT dans l'emploi de conseill\u00e8re du \ndirecteur acad\u00e9mique des services de l'\u00e9ducation en mati\u00e8re de jeunesse, d'engagemen t et de sports de \nParis ; \n \nVU  le d\u00e9cret du Pr\u00e9sident de la R\u00e9publique du 26 f\u00e9vrier 2025 portant nomination de M. Laurent NOE en qualit\u00e9 \nde directeur de l'acad\u00e9mie de Paris ;  \n \nVU l'arr\u00eat\u00e9 n\u00b0 2025-033-RRA du 27 mars 2025 portant subd\u00e9l\u00e9gation de signature en mati\u00e8re administrative de \nla rectrice de la r\u00e9gion acad\u00e9mique Ile -de-France, rectrice de l'acad\u00e9mie de Paris  ; pour la mise en \u0153uvre \ndes missions de jeunesse, d'engagement et de sports ;  \n \nCONSIDERANT \n \nConsid\u00e9rant que les \u00e9l\u00e9ments present\u00e9s par l'association sont de nature \u00e0 justifier le respect des conditions portant \nsur le tronc commun d'agr\u00e9ment , notamment: la libert\u00e9 de conscience de ses membres, le respect du principe de \nnon-discrimination, un mode de fonctionnement d\u00e9mocratique, une gestion financ i\u00e8re transparente, permettre \nl'\u00e9gal acc\u00e8s des hommes, des femmes et des jeunes aux instances dirigeantes et respecter le contrat d'engagement \nr\u00e9publicain; \nRectorat de la r\u00e9gion acad\u00e9mique d'Ile-de-France, rectorat de l'acad\u00e9mie de Paris - IDF-2025-12-08-00009 - Arr\u00eat\u00e9 n\u00b0 2025-182-RRA\nportant reconnaissance du tronc commun d'agr\u00e9ment d'une association CROK CINE - SDJES de Paris 56\n \n \n2 \n \nARRETE \n \nArticle 1 : \nL'association suivante est r\u00e9put\u00e9e satisfaire aux conditions portant sur le tronc commun d'agr\u00e9ment : \n \nCROK CINE \n \nRNA: W751232641 \n \ndont le si\u00e8ge social est situ\u00e9 \u00e0 : 14 impasse Truillot 75011 - Paris \n \n \nArticle 2 :  \nL'arr\u00eat\u00e9 entre en vigueur \u00e0 compter de la date de sa publication et pour une dur\u00e9e de cinq ans. \n \nArticle 3 : \nL'association mentionn\u00e9e ci -dessus est tenue d'informer sans d\u00e9lai l'autorit\u00e9 publique comp\u00e9tente de tout \nchangement relatif aux crit\u00e8res d'attribution de la pr\u00e9sente reconnaissance et notamment les changements de si\u00e8ge \nsocial, de statuts et de repr\u00e9sentant l\u00e9gal. \n \nArticle 4 : \nL'association mentionn\u00e9e ci -dessus tiendra \u00e0 disposition de l'administration, dans le cadre d'un contr\u00f4le, tout \ndocument justifiant de la reconnaissance du tronc commun et notamment les proc\u00e8s -verbaux d'assembl\u00e9e \ng\u00e9n\u00e9rale, les rapports financiers des exercices \u00e9coul\u00e9s et les rapports annuels d'activit\u00e9s. \n \nArticle 5 : \nLa cheffe du service d\u00e9partemental \u00e0 la jeunesse, \u00e0 l'engagement et aux sports de Paris  est charg\u00e9e de l'ex\u00e9cution \ndu pr\u00e9sent arr\u00eat\u00e9 qui sera publi\u00e9 au recueil des actes administratifs de la pr\u00e9fecture de r\u00e9gion d'\u00cele -de-France, \npr\u00e9fecture de Paris. \n \nFait \u00e0 Paris, le 08/12/2025 \n \n \n \n \n \n \n \n \n \n \n \n \nPour la rectrice, et par subd\u00e9l\u00e9gation, \nla conseill\u00e8re du directeur de l'acad\u00e9mie de Paris, \ncheffe du service d\u00e9partemental \u00e0 la jeunesse, \u00e0 \nl'engagement et aux sports de Paris \n \nSign\u00e9 \n \nJeanne DELACOURT  \n \n \n \n \n \nRectorat de la r\u00e9gion acad\u00e9mique d'Ile-de-France, rectorat de l'acad\u00e9mie de Paris - IDF-2025-12-08-00009 - Arr\u00eat\u00e9 n\u00b0 2025-182-RRA\nportant reconnaissance du tronc commun d'agr\u00e9ment d'une association CROK CINE - SDJES de Paris 57","date":"2025-12-09","first_seen_on":"2025-12-09T18:11:23+00:00","id":"ab2feae516129796aa41013c6a17ad52bc76d355d193c047755d37bd880b438e","name":"recueil-idf-022-2025-12-recueil-des-actes-administratifs-special du 09.12.2025","pdf_creation_date":"2025-12-09T16:00:49+00:00","pdf_modification_date":null,"timezone":"Europe/Paris","url":"https://www.prefectures-regions.gouv.fr/ile-de-france/irecontenu/telechargement/133495/978848/file/recueil-idf-022-2025-12-recueil-des-actes-administratifs-special%20du%2009.12.2025.pdf"}
