{"administration":"prefidf","administration_name":"Pr\u00e9fecture de la r\u00e9gion \u00cele-de-France","content":"PREFECTURE\nREGION ILE DE\nFRANCE\nRECUEIL DES ACTES\nADMINISTRATIFS SP\u00c9CIAL\nN\u00b0IDF-019-2025-11\nPUBLI\u00c9 LE 12 NOVEMBRE 2025\nSommaire\nAgence R\u00e9gionale de Sant\u00e9 / Agence r\u00e9gionale de sant\u00e9\nd'Ile-de-France-P\u00f4le RH en sant\u00e9\nIDF-2025-11-12-00001 - D\u00e9cision n\u00b0 DOS - 2025 / 4622 portant sur\nl'autorisation de d\u00e9plafonnement des heures suppl\u00e9mentaires (2\npages) Page 4\nAgence R\u00e9gionale de Sant\u00e9 / D\u00e9partement Personnes en Difficult\u00e9s\nSp\u00e9cifiques, addictions\nIDF-2025-11-10-00004 - Arr\u00eat\u00e9 n\u00b030/2025 portant autorisation\ncompl\u00e9mentaire du Centre de Soins, d'Accompagnement et de\nPr\u00e9vention en\nAddictologie (CSAPA) Oppelia- Trait d'Union de\nparticiper \u00e0 l'activit\u00e9 de d\u00e9pistage par utilisation de\ntests rapides\nd'orientation diagnostique (TROD) de l'infection par les virus de\nl'immunod\u00e9ficience\nhumaine (VIH 1 et 2) et de l'infection par le virus de\nl'h\u00e9patite B et l'h\u00e9patite C (VHC)autorisation TROD CSAPA OPPELIA\n92  (4 pages) Page 7\nIDF-2025-10-31-00017 - D\u00e9cision tarifaire n\u00b0 2025-02 modifiant la\nd\u00e9cision tarifaire n\u00b0 2025-01 portant fixation pour l'ann\u00e9e 2025 du\nmontant et de la r\u00e9partition de la dotation globale commune pr\u00e9vue\nau contrat pluriannuel d'objectifs et de moyens de l'association\nAurore - (Finess 750719361) sise 31 rue Falgui\u00e8re 75015 Paris (4 pages) Page 12\nAgence R\u00e9gionale de Sant\u00e9  - D\u00e9l\u00e9gation D\u00e9partementale de la\nSeine Saint-Denis /  D\u00e9partement Territoires - Parcours de soins\nIDF-2025-10-31-00016 - Arr\u00eat\u00e9 n\u00b0DD93- 2025/16 du 31 octobre 2025\nportant agr\u00e9ment du centre de sant\u00e9 CDS Aulnay Sud Sant\u00e9 ayant\npour num\u00e9ro FINESS Etablissement 930037098 pour ses activit\u00e9s\nophtalmologiques et orthoptiques \n (1 page) Page 17\nDirection r\u00e9gionale des affaires culturelles d'Ile-de-France  / Secr\u00e9tariat\ng\u00e9n\u00e9ral\nIDF-2025-06-12-00016 - Avenant n\u00b01 \u00e0 la convention du 1er d\u00e9cembre\n2020 portant attribution d'une subvention de 349 620EUR pour\nl'op\u00e9ration : de restauration du Ch\u00e2teau de Bagatelle - Phase de\nconception de la mission de ma\u00eetrise d'oeuvre relative \u00e0 la\nrestauration du massif d'entr\u00e9e SUR l'\u00e9difice suivant : ch\u00e2teau\nde Bagatelle Programme 175 \u00ab Patrimoines \u00bb (2 pages) Page 19\nDirection r\u00e9gionale des affaires culturelles d'Ile-de-France  / Service\nr\u00e9gional de l'architecture et des espaces patrimoniaux\nIDF-2025-11-10-00002 - Arr\u00eat\u00e9  n\u00b0 DRAC - 2025-103 portant cr\u00e9ation\ndu p\u00e9rim\u00e8tre d\u00e9limit\u00e9 des abords de l'\u00e9glise Notre-Dame, de\nla croix Renaissance devant l'\u00e9glise et de l'escalier d'acc\u00e8s \u00e0\nl'\u00e9glise prot\u00e9g\u00e9s au titre des monuments historiques, sur le\nterritoire de la commune de V\u00e9theuil (Val-d'Oise) (4 pages) Page 22\n2\nIDF-2025-11-10-00003 - Arr\u00eat\u00e9  n\u00b0 DRAC - 2025-104 portant\ncr\u00e9ation du p\u00e9rim\u00e8tre d\u00e9limit\u00e9 des abords de l'\u00e9glise\nSaint-Martin prot\u00e9g\u00e9e au titre des monuments historiques, sur le\nterritoire de la commune de Courdimanche (Val-d'Oise) (3 pages) Page 27\nDirection r\u00e9gionale et interd\u00e9partementale de l'environnement, de\nl'am\u00e9nagement et des transports d'\u00cele-de-France / D\u00e9partement\ndes affaires juridiques, des archives et de la documentation\nIDF-2025-11-07-00003 - Arr\u00eat\u00e9 du 7 novembre 2025 portant\nd\u00e9rogation \u00e0 l'article 5 du d\u00e9cret n\u00b0 2018-514 du 25 juin 2018\nrelatif aux subventions de l'\u00c9tat pour les projets d'investissement\nconcernant les subventions sollicit\u00e9es sur le Fonds vert pour les projets\nd\u00e9pos\u00e9s sur le 7e appel \u00e0 projets \u00ab am\u00e9nagements cyclables \u00bb du\nfonds \u00ab mobilit\u00e9s actives \u00bb (3 pages) Page 31\n3\nAgence R\u00e9gionale de Sant\u00e9\nIDF-2025-11-12-00001\nD\u00e9cision n\u00b0 DOS - 2025 / 4622 portant sur\nl'autorisation de d\u00e9plafonnement des heures\nsuppl\u00e9mentaires\nAgence R\u00e9gionale de Sant\u00e9 - IDF-2025-11-12-00001 - D\u00e9cision n\u00b0 DOS - 2025 / 4622 portant sur l'autorisation de d\u00e9plafonnement des\nheures suppl\u00e9mentaires 4\nREPUBLIQUEFRAN\u00c7AISELibert\u00e9Egalit\u00e9Fraternit\u00e9\ne \u00bb Agence R\u00e9gionale de Sant\u00e9Ile-de-France\n \n \n1 / 2 \n \n \n         \n \n \nDECISION n\u00b0 DOS \u2013 2025 / 4622 \n \n \nportant sur l'autorisation de d\u00e9plafonnement des heures suppl\u00e9mentaires \n \n \nLE DIRECTEUR G\u00c9N\u00c9RAL DE L'AGENCE R\u00c9GIONALE DE SANT\u00c9 \u00ceLE-DE-FRANCE \n \n \nVU   la loi n\u00b0 86 -33 du 9 janvier 1986 modifi\u00e9e portant dispositions statutaires relatives \u00e0 la \nfonction publique hospitali\u00e8re ; \n \nVU  le d\u00e9cret n\u00b0 2002-9 du 4 janvier 2002 relatif au temps de travail et \u00e0 l'organisation du travail \ndans les \u00e9tablissements mentionn\u00e9s \u00e0 l'article 2 de la loi n\u00b0 86-33 du 9 janvier 1986 portant \ndispositions statutaires relatives \u00e0 la fonction publique hospitali\u00e8re ; \n \nVU   le d\u00e9cret n\u00b0 2020 -297 du 24 mars 2020 relatif aux heures suppl\u00e9mentaires et \u00e0 leur \nd\u00e9passement dans les \u00e9tablissements mentionn\u00e9s \u00e0 l'article 2 de la loi n\u00b0 86-33 du 9 janvier \n1986 portant dispositions statutaires relatives \u00e0 la fonction publique hospitali\u00e8re  et plus \npr\u00e9cis\u00e9ment l'article 15 modifi\u00e9 du d\u00e9cret 2002-9 du 4 janvier 2002 ; \n \nVU la d\u00e9cision du ministre de la sant\u00e9 du 5 mars 2020 (publi\u00e9e le 10 mars) portant application \nde l'article 15, alin\u00e9a 3, du d\u00e9cret n\u00b0 2022-9 du 4 janvier 2022 relatif au temps de travail et \u00e0 \nl'organisation du travail dans les \u00e9tablissements mentionn\u00e9s \u00e0 l'article 2 de la loi n\u00b0 86-33 du \n9 janvier 1986 portant dispositions statutaires relatives \u00e0 la fonction publique hospitali\u00e8re ; \n \nVU Vu le d\u00e9cret du 10 avril 2024 portant nomination de Monsieur Denis ROBIN en qualit\u00e9 de \nDirecteur g\u00e9n\u00e9ral de l'Agence r\u00e9gionale de sante \u00cele-de-France \u00e0 compter du 29 avril 2024 ; \n \n \nConsid\u00e9rant  que les \u00e9tablissements mentionn\u00e9s \u00e0 l'article 2 de la  loi du 9 janvier 1986  susvis\u00e9e \npeuvent \u00eatre autoris\u00e9s, par d\u00e9cision du directeur g\u00e9n\u00e9ral de l'agence r\u00e9gionale de sant\u00e9 pour les \n\u00e9tablissements mentionn\u00e9s aux 1\u00b0, 2\u00b0, 3\u00b0 et 5\u00b0 de l'article 2 de cette loi, ou du pr\u00e9fet du d\u00e9partement \npour les \u00e9tablissements mentionn\u00e9s aux 4\u00b0 et 6\u00b0 du m\u00eame article,  \u00e0 titre exceptionnel, notamment \nau regard des imp\u00e9ratifs de continuit\u00e9 du service public ou de la situation sanitaire, \u00e0 d\u00e9passer les \nbornes horaires fix\u00e9es par le cycle de travail, pour une dur\u00e9e limit\u00e9e et pour les personnels \nn\u00e9cessaires \u00e0 la prise en charge des usagers ; \n \nConsid\u00e9rant  le courriel du Directeur adjoint des Ressources Humaines du Groupement hospitalier \nFondation Vall\u00e9e \u2013 Paul Guiraud  du 7 novembre  2025 sollicitant une d\u00e9cision de l'ARS -IDF \nautorisant \u00e0 d\u00e9passer le quota annuel d'heures suppl\u00e9mentaires pouvant \u00eatre r\u00e9alis\u00e9es par les \nprofessionnels des cat\u00e9gories : Aides-Soignantes et Infirmiers pour la p\u00e9riode du 1er janvier au 31 \nd\u00e9cembre 2025. \n \n \n \n \nAgence R\u00e9gionale de Sant\u00e9 - IDF-2025-11-12-00001 - D\u00e9cision n\u00b0 DOS - 2025 / 4622 portant sur l'autorisation de d\u00e9plafonnement des\nheures suppl\u00e9mentaires 5\nsigne\n \n2 / 2 \n \nDECIDE \n \n \n \nArticle 1:  Le Directeur adjoint des Ressources Humaines du Groupement hospitalier Fondation \nVall\u00e9e \u2013 Paul Guiraud est autoris\u00e9e \u00e0 d\u00e9plafonner les heures suppl\u00e9mentaires pour \nle groupe hospitalier Fondation Vall\u00e9e \u2013 Paul Guiraud. \n \n \nArticle 2:  Le Directeur adjoint des Ressources Humaines du Groupement hospitalier Fondation \nVall\u00e9e \u2013 Paul Guiraud est charg\u00e9 de l'ex\u00e9cution de la pr\u00e9sente d\u00e9cision. \n \n \nArticle 3:    Un recours contre la pr\u00e9sente d\u00e9cision  peut \u00eatre form\u00e9 devant le Tribunal \nAdministratif comp\u00e9tent dans un d\u00e9lai de deux mois \u00e0 compter de sa publication.  \n \n \nArticle 4:  La pr\u00e9sente d\u00e9cision sera publi\u00e9e au recueil des actes administratifs de la Pr\u00e9fecture \nde la r\u00e9gion Ile-de-France.  \n \n \n \n \n \nFait \u00e0 Saint-Denis, le 12 novembre 2025 \n \n \nP/Le Directeur g\u00e9n\u00e9ral  \nde l'Agence r\u00e9gionale de sant\u00e9 \n\u00cele-de-France, \nLa Directrice du P\u00f4le RH en sant\u00e9 \n \n \n \n \n \n \n \n \nLaure WALLON \nAgence R\u00e9gionale de Sant\u00e9 - IDF-2025-11-12-00001 - D\u00e9cision n\u00b0 DOS - 2025 / 4622 portant sur l'autorisation de d\u00e9plafonnement des\nheures suppl\u00e9mentaires 6\nAgence R\u00e9gionale de Sant\u00e9\nIDF-2025-11-10-00004\nArr\u00eat\u00e9 n\u00b030/2025 portant autorisation\ncompl\u00e9mentaire du Centre de Soins,\nd'Accompagnement et de Pr\u00e9vention en\nAddictologie (CSAPA) Oppelia- Trait d'Union de\nparticiper \u00e0 l'activit\u00e9 de d\u00e9pistage par utilisation\nde\ntests rapides d'orientation diagnostique (TROD)\nde l'infection par les virus de l'immunod\u00e9ficience\nhumaine (VIH 1 et 2) et de l'infection par le virus\nde l'h\u00e9patite B et l'h\u00e9patite C (VHC)autorisation\nTROD CSAPA OPPELIA 92 \nAgence R\u00e9gionale de Sant\u00e9 - IDF-2025-11-10-00004 - Arr\u00eat\u00e9 n\u00b030/2025 portant autorisation compl\u00e9mentaire du Centre de Soins,\nd'Accompagnement et de Pr\u00e9vention en\nAddictologie (CSAPA) Oppelia- Trait d'Union de participer \u00e0 l'activit\u00e9 de d\u00e9pistage par utilisation de\ntests rapides d'orientation diagnostique (TROD) de l'infection par les virus de l'immunod\u00e9ficience\nhumaine (VIH 1 et 2) et de l'infection par le virus de l'h\u00e9patite B et l'h\u00e9patite C (VHC)autorisation TROD CSAPA OPPELIA 92 \n7\nREPUBLIQUEFRANCAISELibert\u00e9Egalit\u00e9Fraternit\u00e9\n4@ D Agence R\u00e9gionale de Sant\u00e9Ile-de-France\n \n \n \n \n \n \n \nAGENCE R\u00c9GIONALE DE SANT\u00c9 \u00ceLE-DE-FRANCE \nARR\u00caT\u00c9 N\u00b030/2025 \nportant autorisation compl\u00e9mentaire du Centre de Soins, d'Accompagnement et de Pr\u00e9vention en \nAddictologie (CSAPA) Oppelia- Trait d'Union de participer \u00e0 l'activit\u00e9 de d\u00e9pistage par utilisation de \ntests rapides d'orientation diagnostique (TROD) de l'infection par les virus de l'immunod\u00e9ficience \nhumaine (VIH 1 et 2) et de l'infection par le virus de l'h\u00e9patite B et l'h\u00e9patite C (VHC) \n \nLA DIRECTRICE G\u00c9N\u00c9RALE DE L'AGENCE R\u00c9GIONALE DE SANT\u00c9 D'\u00ceLE-DE-FRANCE \n \n \nVU le code de l'action sociale et des familles, notamment les articles L. 312-1, L. 313-1 et L. 313- \n1-1 ; \n \nVU le code de la sant\u00e9 publique, notamment ses articles L. 3411-8, L. 6211-3, L. 6211-3-1 et D. \n3411-1 ; \n \nVU le d\u00e9cret n\u00b02010-336 du 31 mars 2010 portant cr\u00e9ation des agences r\u00e9gionales de sant\u00e9 ; \nVU le d\u00e9cret du 31 juillet 2021 portant nomination de Mme Am\u00e9lie VERDIER en qualit\u00e9 de \nDirectrice G\u00e9n\u00e9rale de l'agence r\u00e9gionale de sant\u00e9 d'Ile-de-France \u00e0 compter du 9 ao\u00fbt 2021 \n;  \n \nVU l'arr\u00eat\u00e9 du 16 juin 2021 modifiant l'arr\u00eat\u00e9 du 1er ao\u00fbt 2016 d\u00e9terminant la liste des tests, \nrecueils et traitements de signaux biologiques qui ne constituent pas un examen de biologie \nm\u00e9dicale, les cat\u00e9gories de personnes pouvant les r\u00e9aliser et les conditions de r\u00e9alisation de \ncertains de ces tests, recueils et traitements de signaux biologiques; \n \nVU l'arr\u00eat\u00e9 du 16 juin 2021 fixant les conditions de r\u00e9alisation des tests rapides d'orientation \ndiagnostique de l'infection par les virus de l'immunod\u00e9ficience humaine (VIH 1 et 2) et des \ninfections par les virus de l'h\u00e9patite C (VHC) et de l'h\u00e9patite B (VHB), en milieu m\u00e9dico-social \nou associatif et autres centres et \u00e9tablissements autoris\u00e9s \n  \nVU   \n \n \nVU \n \n \nVU \nl'arr\u00eat\u00e9 pr\u00e9fectoral n\u00b0 2010 - 068 portant autorisation du Centre de Soins, \nd'Accompagnement et de Pr\u00e9vention en Addictologie (CSAPA) Oppelia- Trait d'Union \n \nl'arr\u00eat\u00e9 ARS n\u00b02014 \u2013 89 en date portant prorogation du Centre de Soins, \nd'Accompagnement et de Pr\u00e9vention en Addictologie (CSAPA) Oppelia- Trait d'Union ; \n \nla demande d'autorisation compl\u00e9mentaire pr\u00e9sent\u00e9e le 28 juillet 2025 par Oppelia- \nTrait d'Union \u00e0 l'Agence r\u00e9gionale de sant\u00e9 Ile-de-France ; \n \n  \n  \n \n \nCONSID\u00c9RANT que le dossier de demande d'autorisation compl\u00e9mentaire pr\u00e9sent\u00e9 par Oppelia- Trait \nd'Union r\u00e9pond au cahier des charges pr\u00e9vues par l'arr\u00eat\u00e9 du 1er ao\u00fbt 2016 susvis\u00e9 \nAgence R\u00e9gionale de Sant\u00e9 - IDF-2025-11-10-00004 - Arr\u00eat\u00e9 n\u00b030/2025 portant autorisation compl\u00e9mentaire du Centre de Soins,\nd'Accompagnement et de Pr\u00e9vention en\nAddictologie (CSAPA) Oppelia- Trait d'Union de participer \u00e0 l'activit\u00e9 de d\u00e9pistage par utilisation de\ntests rapides d'orientation diagnostique (TROD) de l'infection par les virus de l'immunod\u00e9ficience\nhumaine (VIH 1 et 2) et de l'infection par le virus de l'h\u00e9patite B et l'h\u00e9patite C (VHC)autorisation TROD CSAPA OPPELIA 92 \n8\n2 \n \n; \n \n \n \nARR\u00caTE \n \n \nARTICLE 1er : L'autorisation compl\u00e9mentaire de participer \u00e0 l'activit\u00e9 de d\u00e9pistage par utilisation \nde tests rapides d'orientation diagnostique (TROD) de l'infection par les virus de \nl'immunod\u00e9ficience humaine (VIH 1 et 2) et de l'infection par le virus de l'h\u00e9patite B \n(VHB) et C (VHC) est accord\u00e9e au CSAPA Oppelia- Trait d'Union et g\u00e9r\u00e9 par \nl'association Oppelia \n \nCette autorisation prend effet \u00e0 la date de signature du pr\u00e9sent arr\u00eat\u00e9 et court jusqu'\u00e0 \n\u00e9ch\u00e9ance de l'autorisation de fonctionnement de l'\u00e9tablissement \n \n  \nARTICLE 2e: Le nombre et la qualit\u00e9 des personnes pouvant r\u00e9aliser les tests faisant l'objet \nde la pr\u00e9sente autorisation sont list\u00e9s en annexe du pr\u00e9sent arr\u00eat\u00e9 pour le site \nsuivant : \nCSAPA, CTR, CJC, ATR Oppelia- Trait d'Union \n \nLe directeur de l'\u00e9tablissement tient la liste nominative des personnes form\u00e9es \u00e0 \nl'utilisation des tests rapides d'orientation diagnostique (TROD) \u00e0 la disposition du \npublic accueilli et de l'Agence r\u00e9gionale de sant\u00e9 Ile-de-France. \n \n \n \nARTICLE 3e Tout changement important dans l'installation, l'organisation et le fonctionnement de \ncette activit\u00e9 devra \u00eatre port\u00e9 \u00e0 la connaissance du Directeur g\u00e9n\u00e9ral de l'Agence \nr\u00e9gionale de sant\u00e9 Ile-de-France conform\u00e9ment \u00e0 l'article L. 313-1 du code de l'action \nsociale et des familles. \n \nEn particulier, il l'informe de toute modification de la liste annex\u00e9e au pr\u00e9sent arr\u00eat\u00e9 \net transmet les attestations de formation de toute personne qu'il souhaite d\u00e9dier \u00e0 \nl'activit\u00e9 faisant l'objet de la pr\u00e9sente autorisation, lorsqu'elle est soumise aux \nconditions de formation pr\u00e9vues notamment par l'article 1er de l'arr\u00eat\u00e9 du 1er ao\u00fbt 2016 \nfixant les conditions de r\u00e9alisation de TROD susvis\u00e9. \n \n \nARTICLE 4e: \n \nLe pr\u00e9sent arr\u00eat\u00e9 peut faire l'objet d'un recours contentieux aupr\u00e8s du Tribunal \nadministratif comp\u00e9tent dans un d\u00e9lai de deux mois \u00e0 compter de sa notification. \n \nARTICLE 5e : Le Directeur de la d\u00e9l\u00e9gation d\u00e9partementale des Hauts-de-Seine de l'Agence \nr\u00e9gionale de sant\u00e9 d'Ile-de-France est charg\u00e9e de l'ex\u00e9cution du pr\u00e9sent arr\u00eat\u00e9 qui \nsera publi\u00e9 au Recueil des actes administratifs r\u00e9gional. \n \n \n \n \n \nAgence R\u00e9gionale de Sant\u00e9 - IDF-2025-11-10-00004 - Arr\u00eat\u00e9 n\u00b030/2025 portant autorisation compl\u00e9mentaire du Centre de Soins,\nd'Accompagnement et de Pr\u00e9vention en\nAddictologie (CSAPA) Oppelia- Trait d'Union de participer \u00e0 l'activit\u00e9 de d\u00e9pistage par utilisation de\ntests rapides d'orientation diagnostique (TROD) de l'infection par les virus de l'immunod\u00e9ficience\nhumaine (VIH 1 et 2) et de l'infection par le virus de l'h\u00e9patite B et l'h\u00e9patite C (VHC)autorisation TROD CSAPA OPPELIA 92 \n9\n3 \n \nFait \u00e0 Saint-Denis, le 10 novembre 2025 \n \nLe Directeur de la Sant\u00e9 Publique \nde l'Agence r\u00e9gionale de sant\u00e9 \nd'\u00cele-de-France \n \nSIGN\u00c9 \n \nDr Luc Ginot \n  \nAgence R\u00e9gionale de Sant\u00e9 - IDF-2025-11-10-00004 - Arr\u00eat\u00e9 n\u00b030/2025 portant autorisation compl\u00e9mentaire du Centre de Soins,\nd'Accompagnement et de Pr\u00e9vention en\nAddictologie (CSAPA) Oppelia- Trait d'Union de participer \u00e0 l'activit\u00e9 de d\u00e9pistage par utilisation de\ntests rapides d'orientation diagnostique (TROD) de l'infection par les virus de l'immunod\u00e9ficience\nhumaine (VIH 1 et 2) et de l'infection par le virus de l'h\u00e9patite B et l'h\u00e9patite C (VHC)autorisation TROD CSAPA OPPELIA 92 \n10\n4 \n \nAnnexe de l'arr\u00eat\u00e9 n\u00b0 - 2025 \n \n \nCSAPA Oppelia- Trait d'Union - n\u00b0 FINESS : 920801859 \n \nSont autoris\u00e9s \u00e0 r\u00e9aliser des tests rapides d'orientation diagnostique (TROD) de l'infection par les virus \nde l'immunod\u00e9ficience humaine (VIH 1 et 2) et de l'infection par le virus de l'h\u00e9patite B (VHB) et C \n(VHC), les personnels suivants de la structure ayant re\u00e7u une formation : \n \n \n7 Educateur/Educatrice Sp\u00e9cialis\u00e9(e) \n1 IDE \n1 Assistant(e) Social(e) \n2 Psychologues \n1 Chef de service \n \n \n \nAgence R\u00e9gionale de Sant\u00e9 - IDF-2025-11-10-00004 - Arr\u00eat\u00e9 n\u00b030/2025 portant autorisation compl\u00e9mentaire du Centre de Soins,\nd'Accompagnement et de Pr\u00e9vention en\nAddictologie (CSAPA) Oppelia- Trait d'Union de participer \u00e0 l'activit\u00e9 de d\u00e9pistage par utilisation de\ntests rapides d'orientation diagnostique (TROD) de l'infection par les virus de l'immunod\u00e9ficience\nhumaine (VIH 1 et 2) et de l'infection par le virus de l'h\u00e9patite B et l'h\u00e9patite C (VHC)autorisation TROD CSAPA OPPELIA 92 \n11\nAgence R\u00e9gionale de Sant\u00e9\nIDF-2025-10-31-00017\nD\u00e9cision tarifaire n\u00b0 2025-02 modifiant la\nd\u00e9cision tarifaire n\u00b0 2025-01 portant fixation\npour l'ann\u00e9e 2025 du montant et de la\nr\u00e9partition de la dotation globale commune\npr\u00e9vue au contrat pluriannuel d'objectifs et de\nmoyens de l'association Aurore - (Finess\n750719361) sise 31 rue Falgui\u00e8re 75015 Paris\nAgence R\u00e9gionale de Sant\u00e9 - IDF-2025-10-31-00017 - D\u00e9cision tarifaire n\u00b0 2025-02 modifiant la d\u00e9cision tarifaire n\u00b0 2025-01 portant\nfixation pour l'ann\u00e9e 2025 du montant et de la r\u00e9partition de la dotation globale commune pr\u00e9vue au contrat pluriannuel d'objectifs\net de moyens de l'association Aurore - (Finess 750719361) sise 31 rue Falgui\u00e8re 75015 Paris\n12\nREPUBLIQUEFRANCAISELibert\u00e9Egalit\u00e9Fraternit\u00e9\nAV\u00a9 D Agence R\u00e9gionale de Sant\u00e9\u00cele-de-France\n \n \n \n \n \n \nDECISION TARIFAIRE N\u00b0 2025-02 \nMODIFIANT LA DECISION TARIFAIRE N\u00b0 2025-01 PORTANT FIXATION POUR L'ANNEE 2025 \nDU MONTANT ET DE LA REPARTITION DE LA DOTATION GLOBALE COMMUNE \nPREVUE AU CONTRAT PLURIANNUEL D'OBJECTIFS ET DE MOYENS DE \nL'ASSOCIATION AURORE - (FINESS 750719361) sise 31 rue Falgui\u00e8re 75015 PARIS  \nPOUR LES ETABLISSEMENTS ET SERVICES SUIVANTS : \n \n \n  75 003 199 9 CSAPA AURORE 75 \n  75 002 812 8 CAARUD EGO \n  75 006 694 6 CAARUD Doudeauville \n  75 001 181 9 ACT Espace RIVIERE \n  77 080 258 5     CSAPA George SAND 77 \n  77 002 627 6 EMSP AURORE 77 \n  77 002 750 6 EMSP P\u00e9rinat AURORE 77 \n  91 002 693 9 ACT HSR P\u00e9rinat Confluence 91 / Hbgt et hlm \n  91 002 556 8 LHSS HSR P\u00e9rinat \u2013 mineurs 91 / Hbgt et hlm \n  91 002 694 7 LHSS HSR P\u00e9rinat \u2013 majeurs 91 \n  75 007 011 2 EMSP AURORE 92 \n  92 004 265 2 LHSS Corentin Celton \n  93 000 904 8 CSAPA Cl\u00e9menceau 93 \n  93 081 722 6 CSAPA Gainville \n  93 001 861 9     CAARUD AURORE 93 \n  93 002 252 0 CSAPA Aubervilliers \n  93 000 758 8 ACT Aurore / Hbgt et hlm \n  93 002 363 5 LHSS Cl\u00e9menceau \n          93 003 304 8 ACT Escale N3 \u2013 Livry-Gargan \n          93 003 305 5 LHSS Escale N3 \u2013 Livry-Gargan \n          75 007 012 0 ESMP AURORE 94 \n  95 000 369 9 ACT BORDS DE L'OISE 95 / Hbgt et hlm \n  \n \n \n \n \n \n \n \n \n \n \n \n \n \n \n \n \nAgence R\u00e9gionale de Sant\u00e9 - IDF-2025-10-31-00017 - D\u00e9cision tarifaire n\u00b0 2025-02 modifiant la d\u00e9cision tarifaire n\u00b0 2025-01 portant\nfixation pour l'ann\u00e9e 2025 du montant et de la r\u00e9partition de la dotation globale commune pr\u00e9vue au contrat pluriannuel d'objectifs\net de moyens de l'association Aurore - (Finess 750719361) sise 31 rue Falgui\u00e8re 75015 Paris\n13\n2/4 \n \n \nLE DIRECTEUR GENERAL DE L'AGENCE REGIONALE DE SANTE  \nD'ILE DE FRANCE \n \n \nVU  Le code de l'action sociale et des familles et notamment les articles L. 314-3-3, L. 314-7, L.314-8, R. \n314-1 et suivants ; \n \nVU Le code de la sant\u00e9 publique ; \n \nVU Le code de la s\u00e9curit\u00e9 sociale ; \n \nVU La loi n\u00b02025-199 du 28 f\u00e9vrier 2025 de financement de la s\u00e9curit\u00e9 sociale pour 2025 ; \n \nVU Le d\u00e9cret du 10 avril 2024 portant nomination de Monsieur Denis ROBIN en qualit\u00e9 de Directeur G\u00e9n\u00e9ral \nde l'Agence R\u00e9gionale de Sant\u00e9 Ile-de-France \u00e0 compter du 29 avril 2024 ;  \n \nVU L'arr\u00eat\u00e9 n\u00b0 DS-036/2024 du 29 avril 2024 portant d\u00e9l\u00e9gation de signature du Directeur g\u00e9n\u00e9ral de \nl'Agence r\u00e9gionale de sant\u00e9 \u00cele-de-France ;  \n \nVU L'arr\u00eat\u00e9 du 22 octobre 2003 modifi\u00e9 fixant les r\u00e8gles de documents pr\u00e9vus aux articles 9, 12, 16, 18, \n19, 47 et 83 du d\u00e9cret n\u00b0 2003-1010 du 22 octobre 2003 relatif \u00e0 la gestion budg\u00e9taire, comptable et \nfinanci\u00e8re et aux modalit\u00e9s de financement et de tarification des \u00e9tablissements et services m\u00e9dico-\nsociaux mentionn\u00e9e au I de l'article L312-1 du code de l'action sociale et des familles ; \n \nVU  L'arr\u00eat\u00e9 du 4 ao\u00fbt 2025 fixant pour l'ann\u00e9e 2025 les dotations r\u00e9gionales limitatives de d\u00e9penses \nm\u00e9dico-sociales des \u00e9tablissements et services m\u00e9dico-sociaux publics et priv\u00e9s mentionn\u00e9s \u00e0 l'article \nL. 314-3-3 du code de l'action sociale et des familles ;  \n \nVU L'instruction interminist\u00e9rielle N\u00b0 DGCS/SD5B/SD1B/DSS/SD1A/DGS/SP2/SP3/2025/71 du 7 ao\u00fbt \n2025 relative \u00e0 la campagne budg\u00e9taire pour l'ann\u00e9e 2025 des \u00e9tablissements et services m\u00e9dico-\nsociaux accueillant des personnes confront\u00e9es \u00e0 des difficult\u00e9s sp\u00e9cifiques : appartements de \ncoordination th\u00e9rapeutique (ACT), lits halte soins sant\u00e9 (LHSS), centres d'accueil et d'accompagnement \n\u00e0 la r\u00e9duction des risques pour les usagers de drogues (CAARUD), centres de soins, \nd'accompagnement et de pr\u00e9vention en addictologie (CSAPA), lits d'accueil m\u00e9dicalis\u00e9 (LAM), et \u00ab Un \nchez-soi d'abord \u00bb ; \n \nVU Le rapport r\u00e9gional d'orientation budg\u00e9taire du 13 ao\u00fbt 2025 en direction des \u00e9tablissements et services \nm\u00e9dico-sociaux accueillant des personnes confront\u00e9es \u00e0 des difficult\u00e9s sp\u00e9cifiques et financ\u00e9s par des \ncr\u00e9dits de l'assurance maladie ; \n \nVU Le Contrat Pluriannuel d'Objectifs et de Moyens (CPOM) 2024-2028 entre l'association AURORE et \nl'ARS Ile-de-France sign\u00e9 le 21/12/2023 et prenant effet au 01/01/2024 ;  \n \nVU    L'avenant n\u00b03 au contrat pluriannuel d'objectifs et de moyens entre l'association AURORE et l'ARS Ile-\nde-France du 24 juillet 2025. \n \n \n \n \nAgence R\u00e9gionale de Sant\u00e9 - IDF-2025-10-31-00017 - D\u00e9cision tarifaire n\u00b0 2025-02 modifiant la d\u00e9cision tarifaire n\u00b0 2025-01 portant\nfixation pour l'ann\u00e9e 2025 du montant et de la r\u00e9partition de la dotation globale commune pr\u00e9vue au contrat pluriannuel d'objectifs\net de moyens de l'association Aurore - (Finess 750719361) sise 31 rue Falgui\u00e8re 75015 Paris\n14\n3/4 \n \nDECIDE  \n \nARTICLE 1 :  \n \nPour l'exercice budg\u00e9taire 2025, la dotation globale commune des \u00e9tablissements et services m\u00e9dico-sociaux \nfinanc\u00e9s par l'Assurance Maladie, g\u00e9r\u00e9s par l'entit\u00e9 d\u00e9nomm\u00e9e \u00ab L'ASSOCIATION AURORE \u00bb - FINESS \n750719361, dont le si\u00e8ge est situ\u00e9 31 rue Falgui\u00e8re 75015 PARIS s'\u00e9l\u00e8ve \u00e0 31 031 135,64 \u20ac. \n \nLa fraction forfaitaire d\u00e9finie en application de l'article R. 314-107 du code de l'action sociale et des familles, \u00e9gale \nau douzi\u00e8me de la dotation globale de financement et vers\u00e9e par l'assurance maladie, s'\u00e9tablit \u00e0 2 585 927,97\u20ac. \n \nElle se r\u00e9partit de la mani\u00e8re suivante :  \n \nFINESS \n\u00e9tablissement \nNom Etablissement Dotations              \neuros) \nDont Cr\u00e9dits non \nreconductibles \nDont Mesures \nnouvelles \n75 003 199 9 CSAPA AURORE 75 2 562 495,26 \u20ac 254 253,76 \u20ac  \n75 002 812 8 CAARUD EGO 5 446 154,28 \u20ac 9 900 \u20ac  \n75 006 694 6 CAARUD Doudeauville 630 780,28 \u20ac   \n75 001 181 9 ACT Espace RIVIERE 2 313 854,18 \u20ac   \n77 080 258 5 CSAPA George SAND 77 1 489 945,99 \u20ac   \n77 002 627 6 EMSP AURORE 77 290 851,19 \u20ac   \n77 002 750 6 EMSP P\u00e9rinat AURORE 77274 002,10 \u20ac   \n91 002 693 9 ACT HSR P\u00e9rinat Confluence /                    \nHbgt et hlm \n487 675,92 \u20ac   \n91 002 556 8 LHSS HSR P\u00e9rinat \u2013                                      \nmineurs / Hbgt et hlm \n1 710 523,79 \u20ac 7 140 \u20ac 44 670 \u20ac \n91 002 694 7 LHSS HSR P\u00e9rinat \u2013 majeurs\n91 1 195 974,56 \u20ac 7 140\u20ac  \n75 007 011 2 EMSP AURORE 92 283 262,59 \u20ac   \n92 004 265 2 LHSS Corentin Celton 1 166 589,79 \u20ac   \n93 000 904 8 CSAPA Cl\u00e9menceau 93 2 112 615,74 \u20ac 198 000 \u20ac  \n93 081 722 6 CSAPA Gainville 719 871,07 \u20ac   \n93 001 861 9 CAARUD AURORE 93 827 651,82 \u20ac 80 000 \u20ac  \n93 002 252 0 CSAPA Aubervilliers 1 720 230,91 \u20ac 10 000 \u20ac  \n93 000 758 8 ACT Aurore / Hbgt et hlm 1 749 110,45 \u20ac   \n93 002 363 5 LHSS Cl\u00e9menceau 1 895 099,83 \u20ac   \n93 003 304 8 ACT Escale N3 \u2013 Livry-Gargan 720 792,61 \u20ac 170 753,42 \u20ac  \n93 003 305 5 LHSS Escale N3 \u2013 Livry\nGargan 699 953,87 \u20ac    \n75 007 012 0 ESMP AURORE 94 288 859,66 \u20ac 13 250 \u20ac  \n95 000 369 9 \nACT BORDS DE L'OISE hbgt \net  \nhlm \n2 444 839,75 \u20ac   \nTOTAL   31 031 135,64 \u20ac 750 437,18 \u20ac 44 670 \u20ac \n \nPour information, la tarification est calcul\u00e9e en tenant compte du r\u00e9sultat de l'exercice 2023 :  \n- d\u00e9ficit repris pour l'EMSP AURORE 77 d'un montant de 10 308,73 \u20ac ; \n- d\u00e9ficit repris pour le LHSS HSR P\u00e9rinat \u2013 majeurs 91 d'un montant de 4 397,80\u20ac ; \n- d\u00e9ficit repris pour le CAARUD Aurore 93 d'un montant de 3 614,09 \u20ac ; \n- exc\u00e9dent repris pour le CAARUD Ego d'un montant de 103 394,04 \u20ac ; \n- exc\u00e9dent repris pour l'ACT Bords de l'Oise d'un montant de 5 214,82 \u20ac. \n \nARTICLE 2 : \n \nA compter du 1er janvier 2026, et dans l'attente de la d\u00e9cision de tarification 2026, la tarification des prestations \ns'effectuera sur la base d'une reconduction (hors cr\u00e9dits non reconductibles et reprise de r\u00e9sultat), fix\u00e9e \u00e0 29 427 \n746,88 \u20ac.  \nLa fraction forfaire 2025 transitoire s'\u00e9l\u00e8ve \u00e0 : 2 452 312,24 \u20ac. \nAgence R\u00e9gionale de Sant\u00e9 - IDF-2025-10-31-00017 - D\u00e9cision tarifaire n\u00b0 2025-02 modifiant la d\u00e9cision tarifaire n\u00b0 2025-01 portant\nfixation pour l'ann\u00e9e 2025 du montant et de la r\u00e9partition de la dotation globale commune pr\u00e9vue au contrat pluriannuel d'objectifs\net de moyens de l'association Aurore - (Finess 750719361) sise 31 rue Falgui\u00e8re 75015 Paris\n15\n4/4 \n \n \nElle se r\u00e9partira comme suit : \n \nFINESS \n\u00e9tablissement \nNom Etablissement Dotations             \n(en euros) \n75 003 199 9 CSAPA AURORE 75 2 308 241,48 \u20ac \n75 002 812 8 CAARUD EGO 5 539 648,30 \u20ac \n75 006 694 6 CAARUD Doudeauville 630 780,27 \u20ac \n75 001 181 9 ACT Espace RIVIERE 2 313 854,18 \u20ac \n77 080 258 5 CSAPA George SAND 77 1 489 946 \u20ac \n77 002 627 6 EMSP AURORE 77 280 542,46 \u20ac \n77 002 750 6 EMSP P\u00e9rinat AURORE 77 274 002,10 \u20ac \n91 002 693 9 ACT HSR P\u00e9rinat Confluence  /                    \nHbgt et hlm \n487 675,92 \u20ac \n91 002 556 8 LHSS HSR P\u00e9rinat \u2013                                      \nmineurs / Hbgt et hlm \n1 926 733,79 \u20ac \n91 002 694 7 LHSS  HSR P\u00e9rinat \u2013 majeurs 91 1 184 436,76 \u20ac \n75 007 011 2 EMSP AURORE 92 283 262,59 \u20ac \n92 004 265 2 LHSS Corentin Celton 0,00 \u20ac \n93 000 904 8 CSAPA Cl\u00e9menceau 93 1 914 615,74 \u20ac \n93 081 722 6 CSAPA Gainville  719 871,07 \u20ac \n93 001 861 9 CAARUD AURORE 93 744 037,73 \u20ac \n93 002 252 0 CSAPA Aubervilliers 1 710 230,91 \u20ac \n93 000 758 8 ACT Aurore / Hbgt et hlm 1 749 110,45\u20ac \n93 002 363 5 LHSS Cl\u00e9menceau 1 895 099,83 \u20ac \n93 003 304 8 ACT Escale N3 \u2013 Livry-Gargan 550 039,20 \u20ac \n93 003 305 5 LHSS Escale N3 \u2013 Livry-Gargan 699 953,87 \u20ac \n75 007 012 0 ESMP AURORE 94 275 609,66 \u20ac \n95 000 369 9 ACT BORDS DE L'OISE hbgt et  \nhlm \n2 450 054,57\u20ac \nTOTAL    29 427 746,88 \u20ac \n \n \nARTICLE 3 :  \n \nLes recours dirig\u00e9s contre la pr\u00e9sente d\u00e9cision tarifaire doivent \u00eatre port\u00e9s devant le Tribunal administratif de Paris, \ndans le d\u00e9lai d'un mois \u00e0 compter de sa publication ou, pour les personnes auxquelles il sera notifi\u00e9, \u00e0 compter de \nsa notification. \n \nARTICLE 4 :  \n \nEn application des dispositions de l'article R. 314-36 du code de l'action sociale et des familles, la pr\u00e9sente d\u00e9cision \ntarifaire sera publi\u00e9e au Recueil des Actes Administratifs de la Pr\u00e9fecture d'Ile-de-France.  \n \nARTICLE 5 : \n \nLe Directeur de la Sant\u00e9 Publique de l'Agence R\u00e9gionale de Sant\u00e9 d'Ile-de-France est charg\u00e9 de l'ex\u00e9cution de la \npr\u00e9sente d\u00e9cision tarifaire qui sera notifi\u00e9e \u00e0 l'association AURORE \u2013 FINESS 750719361 et aux structures \nconcern\u00e9es.  \n \nFait \u00e0 Saint-Denis, le 31 octobre 2025 \n \nLe Directeur G\u00e9n\u00e9ral \nDe l'Agence R\u00e9gionale de Sant\u00e9 \nIle-de-France \n \nSIGN\u00c9 \n \nDenis ROBIN \nAgence R\u00e9gionale de Sant\u00e9 - IDF-2025-10-31-00017 - D\u00e9cision tarifaire n\u00b0 2025-02 modifiant la d\u00e9cision tarifaire n\u00b0 2025-01 portant\nfixation pour l'ann\u00e9e 2025 du montant et de la r\u00e9partition de la dotation globale commune pr\u00e9vue au contrat pluriannuel d'objectifs\net de moyens de l'association Aurore - (Finess 750719361) sise 31 rue Falgui\u00e8re 75015 Paris\n16\nAgence R\u00e9gionale de Sant\u00e9  - D\u00e9l\u00e9gation\nD\u00e9partementale de la Seine Saint-Denis\nIDF-2025-10-31-00016\nArr\u00eat\u00e9 n\u00b0DD93- 2025/16 du 31 octobre 2025\nportant agr\u00e9ment du centre de sant\u00e9 CDS\nAulnay Sud Sant\u00e9 ayant pour num\u00e9ro FINESS\nEtablissement 930037098 pour ses activit\u00e9s\nophtalmologiques et orthoptiques \nAgence R\u00e9gionale de Sant\u00e9  - D\u00e9l\u00e9gation D\u00e9partementale de la Seine Saint-Denis - IDF-2025-10-31-00016 - Arr\u00eat\u00e9 n\u00b0DD93- 2025/16 du\n31 octobre 2025 portant agr\u00e9ment du centre de sant\u00e9 CDS Aulnay Sud Sant\u00e9 ayant pour num\u00e9ro FINESS Etablissement 930037098\npour ses activit\u00e9s ophtalmologiques et orthoptiques \n17\nREPUBLIQUEFRANCAISELibert\u00e9\u00c9galit\u00e9Fraternit\u00e9\nAr\u00a9 D Agence R\u00e9gionale de Sant\u00e9\u00cele-de-France\n \n1 \n \n \nAGENCE R\u00c9GIONALE DE SANT\u00c9 D'\u00ceLE-DE-FRANCE \nARR\u00caT\u00c9 N\u00b0DD93\u2013 2025/16 \nPortant agr\u00e9ment du centre de sant\u00e9 CDS Aulnay Sud Sant\u00e9 ayant pour num\u00e9ro FINESS \nEtablissement 930037098 pour ses activit\u00e9s ophtalmologiques et orthoptiques  \n \nLE DIRECTEUR G\u00c9N\u00c9RAL DE L'AGENCE R\u00c9GIONALE DE SANT\u00c9 D'\u00ceLE-DE-FRANCE \n \nVU \nle code de la sant\u00e9 publique, notamment ses articles L.  6323-1 et suivants et D.  6323-1 \u00e0 D.  6323-12 \nainsi que les dispositions de l'arr\u00eat\u00e9 du 27 f\u00e9vrier 2018 relatif aux centres de sant\u00e9 ; \n \nVU \n \n \nVU \nl'arr\u00eat\u00e9 du 10 avril 2024 portant nomination de Monsieur Denis ROBIN, directeur g\u00e9n\u00e9ral de l'Agence \nr\u00e9gionale de sant\u00e9 d'\u00cele-de-France, \u00e0 compter du 29 avril 2024 ; \n \nl'arr\u00eat\u00e9 DS N\u00b0014/2025 du 12 juin 2025 de Monsieur le directeur g\u00e9n\u00e9ral de l'Agence r\u00e9gionale de sant\u00e9 \nIle-de-France portant d\u00e9l\u00e9gation de signature \u00e0 Madame Emmanuelle LATOUR, directrice de la \nd\u00e9l\u00e9gation d\u00e9partementale de la Seine-Saint-Denis ; \n \nARRETE \n \nARTICLE 1 : \n \nLe centre de sant\u00e9 dont la raison sociale est CDS Aulnay Sud Sant\u00e9 \nsitu\u00e9 \u00e0 l'adresse suivante 9 rue du 11 Novembre, 93600 Aulnay sous-Bois \ndont le num\u00e9ro FINESS est 930037098 \net dont la raison sociale de l'organisme gestionnaire est Association Aulnay Sud Sant\u00e9 \nsitu\u00e9 \u00e0 l'adresse suivante 9 rue du 11 Novembre, 93600 Aulnay sous-Bois, \n \nEST AGR\u00c9\u00c9 pour ses activit\u00e9s ophtalmologiques et orthoptiques. \nCet agr\u00e9ment vaut autorisation de dispenser des soins aux assur\u00e9s sociaux dans le centre ou \nl'antenne concern\u00e9s.  \n  \nARTICLE 2 : Le pr\u00e9sent agr\u00e9ment est provisoire et d\u00e9livr\u00e9 pour une dur\u00e9e d'un an.  \n  \nARTICLE 3 : Un recours hi\u00e9rarchique contre cet arr\u00eat\u00e9 peut \u00eatre form\u00e9 par tout int\u00e9ress\u00e9  dans les deux \nmois \u00e0 compter de sa notification devant la Ministre de la Sant\u00e9 et de l'Acc\u00e8s aux Soins. \n \nCe recours hi\u00e9rarchique ne constitue pas un pr\u00e9alable obligatoire au recours contentieux, \nqui peut \u00eatre form\u00e9 devant le tribunal administratif comp\u00e9tent dans les deux mois suivant \nla notification du pr\u00e9sent arr\u00eat\u00e9. \n \nARTICLE 4 : La Directrice de la d\u00e9l\u00e9gation d\u00e9partementale de Seine -Saint-Denis de l'Agence r\u00e9gionale \nde sant\u00e9 d'Ile -de-France est charg\u00e9e  de l'ex\u00e9cution du pr\u00e9sent arr\u00eat\u00e9, qui sera publi\u00e9 au \nrecueil des actes administratifs de la pr\u00e9fecture de r\u00e9gion Ile-de-France.  \n \n \nFait \u00e0 Saint-Denis, le 31 octobre 2025 \n \nPour Le Directeur g\u00e9n\u00e9ral de l'Agence R\u00e9gionale de \nSant\u00e9 d'Ile-de-France \nLa Directrice de la D\u00e9l\u00e9gation d\u00e9partementale de \nSeine-Saint-Denis \nSIGN\u00c9 \nEmmanuelle LATOUR \nAgence R\u00e9gionale de Sant\u00e9  - D\u00e9l\u00e9gation D\u00e9partementale de la Seine Saint-Denis - IDF-2025-10-31-00016 - Arr\u00eat\u00e9 n\u00b0DD93- 2025/16 du\n31 octobre 2025 portant agr\u00e9ment du centre de sant\u00e9 CDS Aulnay Sud Sant\u00e9 ayant pour num\u00e9ro FINESS Etablissement 930037098\npour ses activit\u00e9s ophtalmologiques et orthoptiques \n18\nDirection r\u00e9gionale des affaires culturelles\nd'Ile-de-France \nIDF-2025-06-12-00016\nAvenant n\u00b01 \u00e0 la convention du 1er d\u00e9cembre\n2020 portant attribution d'une subvention de\n349 620EUR pour l'op\u00e9ration : de restauration du\nCh\u00e2teau de Bagatelle - Phase de conception de\nla mission de ma\u00eetrise d'oeuvre relative \u00e0 la\nrestauration du massif d'entr\u00e9e SUR l'\u00e9difice\nsuivant : ch\u00e2teau de Bagatelle Programme 175 \u00ab\nPatrimoines \u00bb\nDirection r\u00e9gionale des affaires culturelles d'Ile-de-France  - IDF-2025-06-12-00016 - Avenant n\u00b01 \u00e0 la convention du 1er d\u00e9cembre 2020\nportant attribution d'une subvention de 349 620EUR pour l'op\u00e9ration : de restauration du Ch\u00e2teau de Bagatelle - Phase de\nconception de la mission de ma\u00eetrise d'oeuvre relative \u00e0 la restauration du massif d'entr\u00e9e SUR l'\u00e9difice suivant : ch\u00e2teau de Bagatelle\nProgramme 175 \u00ab Patrimoines \u00bb\n19\nPREFET _DE LA REGIOND'\u00ceLE-DE-FRANCELibert\u00e9Fraternit\u00e9\nBagatelleovembre 2022\nTLE\n349\n2stauration\nPage 1 sur 2 \n \n \nDirection r\u00e9gionale  \ndes affaires culturelles  \nd'Ile-de-France \n \n \n \n \nAVENANT N\u00b01 \nA LA CONVENTION DU 1er DECEMBRE 2020 \nPORTANT ATTRIBUTION D'UNE SUBVENTION DE 349 620\u20ac \nPOUR L'OP\u00c9RATION : de restauration du Ch\u00e2teau de Bagatelle \u2013  \nPhase de conception de la mission de ma\u00eetrise d'\u0153uvre relative \u00e0 la restauration du massif d'entr\u00e9e \nSUR L'\u00c9DIFICE SUIVANT : ch\u00e2teau de Bagatelle \n \nProgramme 175 \u00ab Patrimoines \u00bb  \n \nLE PR\u00c9FET DE LA R\u00c9GION D'\u00ceLE-DE-FRANCE \nPR\u00c9FET DE PARIS \n \nEntre l'Etat, minist\u00e8re de la Culture, repr\u00e9sent\u00e9  par le Pr\u00e9fet de la r\u00e9gion d'Ile -de-France, pr\u00e9fet de Paris, \nd\u00e9sign\u00e9 sous le terme \u00ab l'administration \u00bb d'une part, \n \nEt \n \nLa soci\u00e9t\u00e9 d'exploitation BAGATELLE EVENTS \u2013 S.E.B.E, domicili\u00e9e au 38, avenue des Champs-Elys\u00e9es 75008 \nParis repr\u00e9sent\u00e9e par Monsieur Laurent De Gourcuff, Pr\u00e9sident pour l'op\u00e9ration de phase de conception de \nla mission de ma \u00eetrise d '\u0153uvre relative \u00e0 la restauration du massi f d'entr\u00e9e du ch\u00e2teau de Bagatelle, \nd\u00e9sign\u00e9e sous le terme \u00ab le b\u00e9n\u00e9ficiaire \u00bb d'autre part, \n \n \nVU le d\u00e9cret n\u00b0 2020-412 du 8 avril 2020 relatif au droit de d\u00e9rogation reconnu au pr\u00e9fet ; \nVU le d\u00e9cr et n\u00b02018- 514 du 25 juin 2018 relatif aux subventions de l'\u00c9tat pour des projets \nd'investissement ; \nVU la co nvention du 1er d\u00e9cembre 2020  portant attribution d'une subvention de 349 620 \u20ac \u00e0 l a \nsoci\u00e9t\u00e9 Bagatelle Events pour la restauration du ch\u00e2teau de Bagatelle ; \nVU la demande de versement du solde de la subvention, sign\u00e9e de la Soci\u00e9t\u00e9 d'exploitation Bagatelle \nEvents, accompagn\u00e9e de ses justificatifs, re\u00e7ue le 16 octobre 2023 ; \n \nCONSIDERANT que la soci\u00e9t\u00e9 d'exploitation Bagatelle Events  n'a pu achever les travaux de restauration \ndu ch\u00e2teau de Bagatelle, \u00e0 la date du 30 novembre 2022 ;  \n \nCONSIDERANT qu'il est n\u00e9cessaire de d\u00e9roger aux articles 13 et 14 , du d\u00e9cret n\u00b0 2018 -514 du 25 juin \n2018 pr\u00e9cit\u00e9 pour lui permettre de b\u00e9n\u00e9ficier de la subvention pr\u00e9vue par la convention du 1\ner d\u00e9cembre \n2020 ; \n \n \nDirection r\u00e9gionale des affaires culturelles d'Ile-de-France  - IDF-2025-06-12-00016 - Avenant n\u00b01 \u00e0 la convention du 1er d\u00e9cembre 2020\nportant attribution d'une subvention de 349 620EUR pour l'op\u00e9ration : de restauration du Ch\u00e2teau de Bagatelle - Phase de\nconception de la mission de ma\u00eetrise d'oeuvre relative \u00e0 la restauration du massif d'entr\u00e9e SUR l'\u00e9difice suivant : ch\u00e2teau de Bagatelle\nProgramme 175 \u00ab Patrimoines \u00bb\n20\nal\nla convention\nPage 2 sur 2 \nCONSIDERANT que cette d\u00e9rogation est justifi\u00e9e par un motif d'int\u00e9r\u00eat g\u00e9n\u00e9ral et l'existence de \ncirconstances locales et qu'elle a pour effet de favoriser l'acc\u00e8s aux aides publiques ; \nCO\nNSIDERANT qu'elle ne porte pas atteinte aux int\u00e9r\u00eats de la d\u00e9fense ou \u00e0 la s\u00e9curit\u00e9  des personnes et \ndes biens, ni une attei nte disproportionn\u00e9e aux objectifs poursuivis par les disposition s auxquelles il est \nd\u00e9rog\u00e9 et qu'elle est compatible avec les engagements europ\u00e9ens et internationaux de la France ;   \nIl\n a \u00e9t\u00e9 convenu ce qui suit : \nA\nRTICLE 1er - \nEn application du d\u00e9 cret n\u00b02020- 112 du 8 avril 2020, par d\u00e9rogation aux dispositions des \narticles 13 et 14 du d\u00e9cret du 25 juin 2018  susvis\u00e9, le verseme nt du solde de l'op\u00e9r ation qui s'est achev\u00e9e \nle 16 octobre 2023 et dont les pi\u00e8ces ont \u00e9t\u00e9 transmises le 16 octobre 2023, interviendra \u00e0 notification du \npr\u00e9sent arr\u00eat\u00e9. \nAR\nTICLE 2 \u2013 \nLes autres dispositions de la convention susvis\u00e9e demeurent inchang\u00e9es. \nAR\nTICLE 3 \u2013 \nLe Direc teur r\u00e9gional des affaires culturelles d'Ile- de-France et le Directeur r\u00e9gional  des \nfinances publiques d'I le-de-France et de Paris  sont charg\u00e9s, chacun en ce qui le concerne, de l'ex\u00e9cution \ndu pr\u00e9sent avenant.  \nF\nait en deux exemplaires. \nFait \u00e0 Paris, le 12 juin 2025 \nPour le b\u00e9n\u00e9ficiaire, \n(signature et tampon du b\u00e9n\u00e9ficiaire) \nSIGNE \nLe pr\u00e9fet de la r\u00e9gion d'Ile-de-France, \npr\u00e9fet de Paris, \nSIGNE \nMarc GUILLAUME Laurent de GOURCUFF\nPr\u00e9sident de la soci\u00e9t\u00e9 \nd'exploitation Bagatelle Events\nDirection r\u00e9gionale des affaires culturelles d'Ile-de-France  - IDF-2025-06-12-00016 - Avenant n\u00b01 \u00e0 la convention du 1er d\u00e9cembre 2020\nportant attribution d'une subvention de 349 620EUR pour l'op\u00e9ration : de restauration du Ch\u00e2teau de Bagatelle - Phase de\nconception de la mission de ma\u00eetrise d'oeuvre relative \u00e0 la restauration du massif d'entr\u00e9e SUR l'\u00e9difice suivant : ch\u00e2teau de Bagatelle\nProgramme 175 \u00ab Patrimoines \u00bb\n21\nDirection r\u00e9gionale des affaires culturelles\nd'Ile-de-France \nIDF-2025-11-10-00002\nArr\u00eat\u00e9  n\u00b0 DRAC - 2025-103 portant cr\u00e9ation du\np\u00e9rim\u00e8tre d\u00e9limit\u00e9 des abords de l'\u00e9glise\nNotre-Dame, de la croix Renaissance devant\nl'\u00e9glise et de l'escalier d'acc\u00e8s \u00e0 l'\u00e9glise prot\u00e9g\u00e9s\nau titre des monuments historiques, sur le\nterritoire de la commune de V\u00e9theuil (Val-d'Oise)\nDirection r\u00e9gionale des affaires culturelles d'Ile-de-France  - IDF-2025-11-10-00002 - Arr\u00eat\u00e9  n\u00b0 DRAC - 2025-103 portant cr\u00e9ation du\np\u00e9rim\u00e8tre d\u00e9limit\u00e9 des abords de l'\u00e9glise Notre-Dame, de la croix Renaissance devant l'\u00e9glise et de l'escalier d'acc\u00e8s \u00e0 l'\u00e9glise prot\u00e9g\u00e9s\nau titre des monuments historiques, sur le territoire de la commune de V\u00e9theuil (Val-d'Oise)\n22\nE=PREFET |DE LA REGIOND'\u00ceLE-DE-FRANCELibert\u00e9Egalit\u00e9Fraternit\u00e9\n1 \n \n \n          Direction r\u00e9gionale  \ndes affaires culturelles \nd'\u00cele-de-France  \n \n \nARR\u00caT\u00c9 n\u00b0 DRAC - 2025-103  \nportant cr\u00e9ation du p\u00e9rim\u00e8tre d\u00e9limit\u00e9 des abords de l'\u00e9glise Notre-Dame, de la croix Renaissance \ndevant l'\u00e9glise et de l'escalier d'acc\u00e8s \u00e0 l'\u00e9glise prot\u00e9g\u00e9s au titre des monuments historiques,  \nsur le territoire de la commune de V\u00e9theuil (Val-d'Oise)  \n \nLE PR\u00c9FET DE LA R\u00c9GION D'\u00ceLE-DE-FRANCE \nPR\u00c9FET DE PARIS \nGrand officier de l'ordre national de la L\u00e9gion d'Honneur, \nOfficier de l'Ordre national du M\u00e9rite \n \nVu  le code de l'environnement, notamment son article L. 123-1 ; \nVu  le code du patrimoine, notamment ses articles L. 621-31 et R. 621-92 \u00e0 R. 621-95  ; \nVu  le code de l'urbanisme, notamment son article R. 132-2 ; \nVu  le d\u00e9cret n\u00b02010-633 du 8 juin 2010 relatif \u00e0 l'or ganisation et aux missions des directions r\u00e9gionale s \ndes affaires culturelles ; \nVu  le d\u00e9cret n\u00b02010-687 du 24 juin 2010 relatif \u00e0 l'organisation et aux missions des services de l'\u00e9tat dans \nla r\u00e9gion et les d\u00e9partements d'\u00cele-de-France ; \nVu  le d\u00e9cret du 22 juillet 2020 portant nomination de  Monsieur Marc GUILLAUME en qualit\u00e9 de pr\u00e9fet \nde la r\u00e9gion d'\u00cele-de-France, pr\u00e9fet de Paris ; \nVu  l'arr\u00eat\u00e9 du 1\ner septembre 2025 portant nomination de Monsieur Edwa rd de LUMLEY en qualit\u00e9 de \ndirecteur r\u00e9gional des affaires culturelles d'\u00cele-de-France \u00e0 compter du 1er  octobre 2025 ; \nVu  l'arr\u00eat\u00e9 pr\u00e9fectoral n\u00b0 IDF-2025-09-23-00029 du 23 septembre 2025 portant d\u00e9l\u00e9gation de signature \n\u00e0 Monsieur Edward de LUMLEY, directeur r\u00e9gional des  affaires culturelles d'\u00cele-de-France en mati\u00e8re \nadministrative ; \nVu la d\u00e9lib\u00e9ration du conseil municipal de V\u00e9theuil n\u00b0  2021-43 du 12 novembre 2021 prescrivant la \nr\u00e9vision du plan local d'urbanisme ;  \nVu  la proposition de l'architecte des b\u00e2timents de France pour la cr\u00e9ation d'un p\u00e9rim\u00e8tre d\u00e9limit\u00e9 des \nabords de l'\u00e9glise Notre-Dame, class\u00e9e au titre des monuments historiques par liste de 1840, de la croix \nRenaissance devant l'\u00e9glise, class\u00e9e au titre des monuments historiques par arr\u00eat\u00e9 du 10 f\u00e9vrier 1921 et \nde l'escalier d'acc\u00e8s \u00e0 l'\u00e9glise, inscrit au titre des monuments historiques par arr\u00eat\u00e9 du 11 octobre 1984 ; \nVu  la d\u00e9lib\u00e9ration du conseil municipal de V\u00e9theuil n\u00b02024-27 du 17 mai 2024, corrig\u00e9e sur la base de la \nd\u00e9lib\u00e9ration n\u00b02024-50 du 23 juillet 2024 donnant un avis favorable \u00e0 la cr\u00e9ation du p\u00e9rim\u00e8tre d\u00e9limit\u00e9 \ndes abords de l'\u00e9glise Notre-Dame, de la croix Rena issance devant l'\u00e9glise et de l'escalier d'acc\u00e8s \u00e0 \nl'\u00e9glise, avant enqu\u00eate publique ; \nDirection r\u00e9gionale des affaires culturelles d'Ile-de-France  - IDF-2025-11-10-00002 - Arr\u00eat\u00e9  n\u00b0 DRAC - 2025-103 portant cr\u00e9ation du\np\u00e9rim\u00e8tre d\u00e9limit\u00e9 des abords de l'\u00e9glise Notre-Dame, de la croix Renaissance devant l'\u00e9glise et de l'escalier d'acc\u00e8s \u00e0 l'\u00e9glise prot\u00e9g\u00e9s\nau titre des monuments historiques, sur le territoire de la commune de V\u00e9theuil (Val-d'Oise)\n23\n2 \n \nVu  l'arr\u00eat\u00e9 de la maire de V\u00e9theuil n\u00b02024-46 du 11 d \u00e9cembre 2024 ordonnant la mise \u00e0 l'enqu\u00eate \npublique du 6 janvier 2025 au 7 f\u00e9vrier 2025 du pro jet de r\u00e9vision du plan local d'urbanisme et de la \nmodification du p\u00e9rim\u00e8tre de protection autour de l'\u00e9glise Notre-Dame, de la croix Renaissance devant \nl'\u00e9glise et de l'escalier d'acc\u00e8s \u00e0 l'\u00e9glise ; \nVu le r\u00e9sultat de l'enqu\u00eate publique et l'avis favorable du commissaire enqu\u00eateur du 7 mars 2025 ; \nVu  le r\u00e9sultat de la consultation du propri\u00e9taire de l'\u00e9glise Notre-Dame, de la croix Renaissance devant \nl'\u00e9glise et de l'escalier d'acc\u00e8s \u00e0 l'\u00e9glise ; \nVu  la d\u00e9lib\u00e9ration du conseil municipal de V\u00e9theuil n \u00b02025-04 du 4 avril 2025 donnant un accord \u00e0 la \ncr\u00e9ation du p\u00e9rim\u00e8tre d\u00e9limit\u00e9 des abords de l'\u00e9glise Notre-Dame, de la croix Renaissance devant l'\u00e9glise \net de l'escalier d'acc\u00e8s \u00e0 l'\u00e9glise ; \nVu  l'accord de l'architecte des b\u00e2timents de France du 11 juin 2025 sur le projet de cr\u00e9ation du p\u00e9rim\u00e8tre \nd\u00e9limit\u00e9 des abords de l'\u00e9glise Notre-Dame, de la croix Renaissance devant l'\u00e9glise et de l'escalier d'acc\u00e8s \n\u00e0 l'\u00e9glise, apr\u00e8s enqu\u00eate publique ; \nConsid\u00e9rant que la cr\u00e9ation d'un p\u00e9rim\u00e8tre d\u00e9limit\u00e9 des abords permet de d\u00e9signer les immeubles ou \nensembles d'immeubles qui forment avec un ou plusieurs monuments historiques un ensemble coh\u00e9rent \nou qui sont susceptibles de contribuer \u00e0 leur conservation ou \u00e0 leur mise en valeur ; \nConsid\u00e9rant les immeubles proches, r\u00e9cemment construits, de typ e lotissement de maisons \nindividuelles qui ne participent en rien \u00e0 la conservation des monuments historiques consid\u00e9r\u00e9s ; \nConsid\u00e9rant  les vues et perspectives significatives sur les mo numents historiques report\u00e9es sur le plan \nannex\u00e9 au rapport, exclusivement perceptibles depui s des parcelles libres (sentes et pr\u00e9s) situ\u00e9es \u00e0 \nproximit\u00e9 directe des monuments historiques ; \nConsid\u00e9rant  le tissu ancien du centre bourg, situ\u00e9 \u00e0 proximit\u00e9  de l'\u00e9glise, le long de la rue du Moutier, \nautour de la place de l'\u00e9glise, la rue de l'\u00e9glise, la Grande rue et la rue du bourg ; \nConsid\u00e9rant  les pavillons et b\u00e2timents en covisibilit\u00e9 avec les monuments historiques depuis les coteaux \nau nord et au sud ; \nConsid\u00e9rant  les entr\u00e9es de ville au nord-ouest avenue Claude Monnet (RD 913), au sud route de Mantes \n(RD 147) et surtout \u00e0 l'est avenue des Millonnets (RD 913) ; \nConsid\u00e9rant  l'ensemble du paysage b\u00e2ti \u00e0 caract\u00e8re urbain et les secteurs d\u00e9gag\u00e9s qui constituent avec \nles monuments historiques consid\u00e9r\u00e9s un ensemble co h\u00e9rent par l'homog\u00e9n\u00e9it\u00e9 des mat\u00e9riaux \nconstructifs ; \nConsid\u00e9rant  les espaces naturels de grande qualit\u00e9 paysag\u00e8re li\u00e9s au site class\u00e9 des falaises de la Roche-\nGuyon au nord de la commune ; \n \n \nARR\u00caTE \n \nArticle 1 \ner  : Le p\u00e9rim\u00e8tre d\u00e9limit\u00e9 des abords de l'\u00e9glise Notr e-Dame, class\u00e9e au titre des monuments \nhistoriques par liste de 1840, de la croix Renaissa nce devant l'\u00e9glise, class\u00e9e au titre des monuments  \nhistoriques par arr\u00eat\u00e9 du 10 f\u00e9vrier 1921 et de l'escalier d'acc\u00e8s \u00e0 l'\u00e9glise, inscrit au titre des monuments \nhistoriques par arr\u00eat\u00e9 du 11 octobre 1984, est cr\u00e9\u00e9 selon le plan joint en annexe. Le trac\u00e9 plein y figurant \nd\u00e9limite le nouveau p\u00e9rim\u00e8tre des abords de ces monument historiques. \nDirection r\u00e9gionale des affaires culturelles d'Ile-de-France  - IDF-2025-11-10-00002 - Arr\u00eat\u00e9  n\u00b0 DRAC - 2025-103 portant cr\u00e9ation du\np\u00e9rim\u00e8tre d\u00e9limit\u00e9 des abords de l'\u00e9glise Notre-Dame, de la croix Renaissance devant l'\u00e9glise et de l'escalier d'acc\u00e8s \u00e0 l'\u00e9glise prot\u00e9g\u00e9s\nau titre des monuments historiques, sur le territoire de la commune de V\u00e9theuil (Val-d'Oise)\n24\n3 \n \nArticle 2  : Le pr\u00e9fet du Val-d'Oise, la secr\u00e9taire g\u00e9n\u00e9ral au x politiques publiques, le directeur r\u00e9gional \ndes affaires culturelles d'\u00cele-de-France et la maire de V\u00e9theuil sont charg\u00e9s, chacun en ce qui le concerne, \nde l'ex\u00e9cution du pr\u00e9sent arr\u00eat\u00e9, qui sera publi\u00e9 a ux recueils des actes administratifs de l'\u00c9tat dans  la \nr\u00e9gion d'\u00cele-de-France. \n \n \nFait \u00e0 Paris, le 10 novembre 2025 \n \nPour le Pr\u00e9fet de la r\u00e9gion d'Ile-de-France, \nPr\u00e9fet de Paris  \n                                                   et par d\u00e9l\u00e9gation, \nle Directeur r\u00e9gional des affaires culturelles  \n  \n \n                                                                                                                         \u00ab  SIGNE \u00bb \n  \n \n            Edward de LUMLEY \n \n  \nDirection r\u00e9gionale des affaires culturelles d'Ile-de-France  - IDF-2025-11-10-00002 - Arr\u00eat\u00e9  n\u00b0 DRAC - 2025-103 portant cr\u00e9ation du\np\u00e9rim\u00e8tre d\u00e9limit\u00e9 des abords de l'\u00e9glise Notre-Dame, de la croix Renaissance devant l'\u00e9glise et de l'escalier d'acc\u00e8s \u00e0 l'\u00e9glise prot\u00e9g\u00e9s\nau titre des monuments historiques, sur le territoire de la commune de V\u00e9theuil (Val-d'Oise)\n25\nPREFET .DE LA REGIOND'ILE-DE-FRANCELibert\u00e9Egalit\u00e9Fraternit\u00e9 = :- a - 1 . LA eN =| \u2014 | Val-d'Oise - V\u00e9theuil: : <a P\u00e9rim\u00e8tre d\u00e9limit\u00e9 des abords- x de l'\u00e9glise Notre-Dame class\u00e9e MH liste de 1840& de la croix devant l'\u00e9glise class\u00e9e MH le 10 f\u00e9vrier 1921de l'escalier de l'\u00e9glise inscrit MH le 11 octobre 1984\nLAmn PA =\nl-L- = =) : \\== z ae | } > |] \\ :| = | / | - Wo a) - P\u00e9rim\u00e9tre des 500 m\u00e9tres paref] ._ | \u00e0 : : '\\\\\\ d\u00e9fautce] g\u00b0 Fd \u00e4 = K\u00b0 ' WA! : P\u00e9rim\u00e8tre D\u00e9limit\u00e9 des Abords_ } K < \\-\\ Xe\" [ Site inscrit du Vexin francaisPR FET * . se X -\\ = d aDELAREGION Ps  | RRO ET YT. | - | Site class\u00e9 des falaises de laD'\u00ceLE-DE-FRANCE des affaires culturelles a =e F IWS NY TE Roche-Guyon et de la for\u00e9t deLibert\u00e9 ' +  > 2 4 - og 2 LE : :Egalit\u00e9 d'Ile-de-France d _- k= Wa - 2 MoissonFraternit\u00e9 i =  nr a - %2 \u2014 ce = LEE - 4 J \\ \\Plan dress\u00e9 par l'unit\u00e9 d\u00e9partementale de l'architectureet du patrimoine du Val-d'Oise - f\u00e9vrier 2024 | \\ \\ \\ \\ + ci,\n4 \n \n \n \n \n \n \n \n \n \n \n \n \n \n \n \n \n \n \n \n \nDirection r\u00e9gionale \ndes affaires culturelles \nd'Ile-de-France \nPlan annex\u00e9 \u00e0 l'arr\u00eat\u00e9 DRAC-2025-103 portant cr\u00e9ation du p\u00e9rim\u00e8tre d\u00e9limit\u00e9  \ndes abords communs autour de l'\u00e9glise Notre-Dame, de la croix Renaissance \ndevant l'\u00e9glise et de l'escalier d'acc\u00e8s \u00e0 l'\u00e9glise de V\u00e9theuil (Val-d'Oise) \nLe         10 novembre 2025           \u00ab SIGNE \u00bb \nDirection r\u00e9gionale des affaires culturelles d'Ile-de-France  - IDF-2025-11-10-00002 - Arr\u00eat\u00e9  n\u00b0 DRAC - 2025-103 portant cr\u00e9ation du\np\u00e9rim\u00e8tre d\u00e9limit\u00e9 des abords de l'\u00e9glise Notre-Dame, de la croix Renaissance devant l'\u00e9glise et de l'escalier d'acc\u00e8s \u00e0 l'\u00e9glise prot\u00e9g\u00e9s\nau titre des monuments historiques, sur le territoire de la commune de V\u00e9theuil (Val-d'Oise)\n26\nDirection r\u00e9gionale des affaires culturelles\nd'Ile-de-France \nIDF-2025-11-10-00003\nArr\u00eat\u00e9  n\u00b0 DRAC - 2025-104 portant cr\u00e9ation du\np\u00e9rim\u00e8tre d\u00e9limit\u00e9 des abords de l'\u00e9glise\nSaint-Martin prot\u00e9g\u00e9e au titre des monuments\nhistoriques, sur le territoire de la commune de\nCourdimanche (Val-d'Oise)\nDirection r\u00e9gionale des affaires culturelles d'Ile-de-France  - IDF-2025-11-10-00003 - Arr\u00eat\u00e9  n\u00b0 DRAC - 2025-104 portant cr\u00e9ation du\np\u00e9rim\u00e8tre d\u00e9limit\u00e9 des abords de l'\u00e9glise Saint-Martin prot\u00e9g\u00e9e au titre des monuments historiques, sur le territoire de la commune\nde Courdimanche (Val-d'Oise)\n27\nE=PREFET |DE LA REGIOND'\u00ceLE-DE-FRANCELibert\u00e9Egalit\u00e9Fraternit\u00e9\n1 \n \n \n          Direction r\u00e9gionale  \ndes affaires culturelles \nd'\u00cele-de-France  \n \n ARR\u00caT\u00c9 n\u00b0 DRAC \u2013 2025-104  \nportant cr\u00e9ation du p\u00e9rim\u00e8tre d\u00e9limit\u00e9 des abords de l'\u00e9glise Saint-Martin prot\u00e9g\u00e9e au titre des \nmonuments historiques,  \nsur le territoire de la commune de Courdimanche (Val-d'Oise)  \n \nLE PR\u00c9FET DE LA R\u00c9GION D'\u00ceLE-DE-FRANCE \nPR\u00c9FET DE PARIS \nGrand officier de l'ordre national  de la L\u00e9gion d'Honneur, \nOfficier de l'Ordre national du M\u00e9rite \n \nVu  le code de l'environnement, notamment son article L. 123-1 ; \nVu  le code du patrimoine, notamment ses articles L. 621-31 et R. 621-92 \u00e0 R. 621-95  ; \nVu  le code de l'urbanisme, notamment son article R. 132-2 ; \nVu  le d\u00e9cret n\u00b02010-633 du 8 juin 2010 relatif \u00e0 l'or ganisation et aux missions des directions r\u00e9gionale s \ndes affaires culturelles ; \nVu  le d\u00e9cret n\u00b02010-687 du 24 juin 2010 relatif \u00e0 l'organisation et aux missions des services de l'\u00e9tat dans \nla r\u00e9gion et les d\u00e9partements d'\u00cele-de-France ; \nVu  le d\u00e9cret du 22 juillet 2020 portant nomination de  Monsieur Marc GUILLAUME en qualit\u00e9 de pr\u00e9fet \nde la r\u00e9gion d'\u00cele-de-France, pr\u00e9fet de Paris ; \nVu  l'arr\u00eat\u00e9 du 1\ner septembre 2025 portant nomination de Monsieur Edwa rd de LUMLEY en qualit\u00e9 de \ndirecteur r\u00e9gional des affaires culturelles d'\u00cele-de-France \u00e0 compter du 1er  octobre 2025 ; \nVu  l'arr\u00eat\u00e9 pr\u00e9fectoral n\u00b0 IDF-2025-09-23-00029 du 23 septembre 2025 portant d\u00e9l\u00e9gation de signature \n\u00e0 Monsieur Edward de LUMLEY, directeur r\u00e9gional des  affaires culturelles d'\u00cele-de-France en mati\u00e8re \nadministrative ; \nVu la d\u00e9lib\u00e9ration du conseil municipal de Courdimanch e n\u00b020-04-05 du 7 d\u00e9cembre 2020 prescrivant \nla r\u00e9vision du plan local d'urbanisme ;  \nVu  la proposition de l'architecte des b\u00e2timents de Fr ance pour la cr\u00e9ation d'un p\u00e9rim\u00e8tre d\u00e9limit\u00e9 des \nabords de l'\u00e9glise Saint-Martin, inscrite au titre des monuments historiques par arr\u00eat\u00e9 du 27 mai 1987 ; \nVu  la d\u00e9lib\u00e9ration du conseil municipal de Courdimanche n\u00b024-27-15 du 26 septembre 2024 donnant un \navis favorable \u00e0 la cr\u00e9ation du p\u00e9rim\u00e8tre d\u00e9limit\u00e9 des abords de l'\u00e9glise Saint-Martin avant enqu\u00eate \npublique ; \nVu  l'arr\u00eat\u00e9 de la maire de Courdimanche n\u00b025-01-019 d u 31 janvier 2025 ordonnant la mise \u00e0 l'enqu\u00eate \npublique du 10 mars 2025 au 12 avril 2025 du projet  de r\u00e9vision du plan local d'urbanisme et de la \nmodification du p\u00e9rim\u00e8tre de protection autour de l'\u00e9glise Saint-Martin ; \nVu le r\u00e9sultat de l'enqu\u00eate publique et l'avis favorable du commissaire enqu\u00eateur du 6 mai 2025 ; \nDirection r\u00e9gionale des affaires culturelles d'Ile-de-France  - IDF-2025-11-10-00003 - Arr\u00eat\u00e9  n\u00b0 DRAC - 2025-104 portant cr\u00e9ation du\np\u00e9rim\u00e8tre d\u00e9limit\u00e9 des abords de l'\u00e9glise Saint-Martin prot\u00e9g\u00e9e au titre des monuments historiques, sur le territoire de la commune\nde Courdimanche (Val-d'Oise)\n28\n2 \n \nVu  le r\u00e9sultat de la consultation du propri\u00e9taire de l'\u00e9glise Saint-Martin ; \nVu  la d\u00e9lib\u00e9ration du conseil municipal de Courdimanche n\u00b025-31-15 du 3 juillet 2025 donnant un accord \n\u00e0 la cr\u00e9ation du p\u00e9rim\u00e8tre d\u00e9limit\u00e9 des abords de l'\u00e9glise Saint-Martin ; \nVu  l'accord de l'architecte des b\u00e2timents de France d u 15 septembre 2025 sur le projet de cr\u00e9ation du \np\u00e9rim\u00e8tre d\u00e9limit\u00e9 des abords de l'\u00e9glise Saint-Martin, apr\u00e8s enqu\u00eate publique ; \nConsid\u00e9rant que la cr\u00e9ation d'un p\u00e9rim\u00e8tre d\u00e9limit\u00e9 des abords permet de d\u00e9signer les immeubles ou \nensembles d'immeubles qui forment avec un ou plusieurs monuments historiques un ensemble coh\u00e9rent \nou qui sont susceptibles de contribuer \u00e0 leur conservation ou \u00e0 leur mise en valeur ; \nConsid\u00e9rant les immeubles proches, r\u00e9cemment construits, de typ e lotissement de maisons \nindividuelles qui ne participent en rien \u00e0 la conservation du monument historique consid\u00e9r\u00e9 ; \nConsid\u00e9rant  les vues et perspectives significatives sur le mon ument historique report\u00e9es sur le plan \nannex\u00e9 au rapport, exclusivement perceptibles depui s des parcelles libres (sentes et pr\u00e9s) situ\u00e9es \u00e0 \nproximit\u00e9 directe du monument historique ; \nConsid\u00e9rant  le tissu ancien du centre bourg, situ\u00e9 \u00e0 proximit\u00e9 de l'\u00e9glise inscrite autour de la place Claire \nGirard, le long de la rue de la Grange Neuve, la ru e de la Ferme, la rue Charles Cavan, la rue Raymond  \nBerrivin (RD 22) et le long de la rue Vieille Saint-Martin (RD 38) ; \nConsid\u00e9rant  les pavillons et b\u00e2timents en covisibilit\u00e9 avec le  monument historique depuis le sud de la \ncommune notamment depuis la rue des Ecoles ; \nConsid\u00e9rant  les entr\u00e9es de ville au nord-ouest et sud rue Raym ond Berrivin (RD 22), \u00e0 l'est rue Vieille \nSaint-Martin (RD 38) ; \nConsid\u00e9rant  l'ensemble du paysage b\u00e2ti \u00e0 caract\u00e8re urbain et les secteurs d\u00e9gag\u00e9s qui constituent avec \nles monuments historiques consid\u00e9r\u00e9s un ensemble co h\u00e9rent par l'homog\u00e9n\u00e9it\u00e9 des mat\u00e9riaux \nconstructifs ; \nARR\u00caTE \n \nArticle 1 \ner  : Le p\u00e9rim\u00e8tre d\u00e9limit\u00e9 des abords de l'\u00e9glise Sain t-Martin, inscrite au titre des monuments \nhistoriques par arr\u00eat\u00e9 du 27 mai 1987 situ\u00e9e \u00e0 Cour dimanche, est cr\u00e9\u00e9 selon le plan joint en annexe. L e \ntrac\u00e9 plein y figurant d\u00e9limite le nouveau p\u00e9rim\u00e8tre des abords de ce monument historique . \nArticle 2  : Le pr\u00e9fet du Val-d'Oise, la secr\u00e9taire g\u00e9n\u00e9ral au x politiques publiques, le directeur r\u00e9gional \ndes affaires culturelles d'\u00cele-de-France et la mair e de Courdimanche sont charg\u00e9s, chacun en ce qui le  \nconcerne, de l'ex\u00e9cution du pr\u00e9sent arr\u00eat\u00e9, qui sera publi\u00e9 aux recueils des actes administratifs de l'\u00c9tat \ndans la r\u00e9gion d'\u00cele-de-France. \n \nFait \u00e0 Paris, le 10 novembre 2025  \nPour le Pr\u00e9fet de la r\u00e9gion d'Ile-de-France,  \nPr\u00e9fet de Paris  \n                                                   et par d\u00e9l\u00e9gation,  \nle Directeur r\u00e9gional des affaires culturelles  \n \n                                                                             \u00ab SIGNE \u00bb \n \n            Edward de LUMLEY \n \nDirection r\u00e9gionale des affaires culturelles d'Ile-de-France  - IDF-2025-11-10-00003 - Arr\u00eat\u00e9  n\u00b0 DRAC - 2025-104 portant cr\u00e9ation du\np\u00e9rim\u00e8tre d\u00e9limit\u00e9 des abords de l'\u00e9glise Saint-Martin prot\u00e9g\u00e9e au titre des monuments historiques, sur le territoire de la commune\nde Courdimanche (Val-d'Oise)\n29\nEsPREFET .DE LA R\u00c9GIOND'\u00ceLE-DE-FRANCELibert\u00e9\u00c9galit\u00e9Fraternit\u00e9\nVal-d'Oise - CourdimancheP\u00e9rim\u00e8tre d\u00e9limit\u00e9 des abordsde l'\u00e9glise Saint-Martininscrite le 27 mai 1987au titre des monuments historiques\nP\u00e9rim\u00e8tre de 500 m\u00e8trespar d\u00e9fautP\u00e9rim\u00e8tre D\u00e9limit\u00e9 des Abords(PDA)escalier y pd tm et ses abords\\ a F'P\\L 1 @ = Va \\ \u2014 a\nPlan dress\u00e9 par l'Unit\u00e9 D\u00e9partementale de l'Architecture et du Patrimoine du Val-d'Oise - avril 2024\n3 \n  \nDirection r\u00e9gionale \ndes affaires culturelles \nd'Ile-de-France \nPlan annex\u00e9 \u00e0 l'arr\u00eat\u00e9 DRAC-2025-104 portant cr\u00e9ation du p\u00e9rim\u00e8tre d\u00e9limit\u00e9  \ndes abords de l'\u00e9glise Saint-Martin \u00e0 Courdimanche (Val-d'Oise) \nLe 10 novembre 2025                \u00ab SIGNE \u00bb \n \nDirection r\u00e9gionale des affaires culturelles d'Ile-de-France  - IDF-2025-11-10-00003 - Arr\u00eat\u00e9  n\u00b0 DRAC - 2025-104 portant cr\u00e9ation du\np\u00e9rim\u00e8tre d\u00e9limit\u00e9 des abords de l'\u00e9glise Saint-Martin prot\u00e9g\u00e9e au titre des monuments historiques, sur le territoire de la commune\nde Courdimanche (Val-d'Oise)\n30\nDirection r\u00e9gionale et interd\u00e9partementale de\nl'environnement, de l'am\u00e9nagement et des\ntransports d'\u00cele-de-France\nIDF-2025-11-07-00003\nArr\u00eat\u00e9 du 7 novembre 2025 portant d\u00e9rogation\n\u00e0 l'article 5 du d\u00e9cret n\u00b0 2018-514 du 25 juin 2018\nrelatif aux subventions de l'\u00c9tat pour les projets\nd'investissement concernant les subventions\nsollicit\u00e9es sur le Fonds vert pour les projets\nd\u00e9pos\u00e9s sur le 7e appel \u00e0 projets \u00ab\nam\u00e9nagements cyclables \u00bb du fonds \u00ab mobilit\u00e9s\nactives \u00bb\nDirection r\u00e9gionale et interd\u00e9partementale de l'environnement, de l'am\u00e9nagement et des transports d'\u00cele-de-France -\nIDF-2025-11-07-00003 - Arr\u00eat\u00e9 du 7 novembre 2025 portant d\u00e9rogation \u00e0 l'article 5 du d\u00e9cret n\u00b0 2018-514 du 25 juin 2018 relatif aux\nsubventions de l'\u00c9tat pour les projets d'investissement concernant les subventions sollicit\u00e9es sur le Fonds vert pour les projets d\u00e9pos\u00e9s\nsur le 7e appel \u00e0 projets \u00ab am\u00e9nagements cyclables \u00bb du fonds \u00ab mobilit\u00e9s actives \u00bb\n31\nPREFET |DE LA REGIOND'\u00ceLE-DE-FRANCELibert\u00e9Egalit\u00e9Fraternit\u00e9\n  \nDirection r\u00e9gionale et interd\u00e9partementale \nde l'environnement, de l'am\u00e9nagement \net des transports d'\u00cele-de-France \n \n \nARR\u00caT\u00c9 du 7 novembre 2025  \n \nportant d\u00e9rogation \u00e0 l 'article 5 du d\u00e9cret n \u00b0 2018-514 du 25 juin 2018 relatif aux subventions \nde l'\u00c9tat pour les projets d 'investissement concernant les subventions sollicit\u00e9es sur le Fonds \nvert pour les projets d\u00e9pos\u00e9s sur le 7 e appel \u00e0 projet s \u00ab am\u00e9nagements cyclables \u00bb du fonds \n\u00ab mobilit\u00e9s actives \u00bb \n \n \nLe pr\u00e9fet de la r\u00e9gion d'\u00cele-de-France, \nPr\u00e9fet de Paris, \nGrand Officier de la L\u00e9gion d'honneur, \nOfficier de l'ordre national du M\u00e9rite \n \n \nVU le d\u00e9cret n \u00b0 2004-374 modifi\u00e9 du 29  avril 2004 relatif aux pouvoirs de s pr\u00e9fets, \u00e0 \nl'organisation, \u00e0 l'action des services de l'\u00c9tat dans les r\u00e9gions et les d\u00e9partements ; \n \nVU le d\u00e9cret n\u00b0 2015-535 du 15 mai 2015 modifiant le d\u00e9cret n\u00b0 64-805 du 29 juillet 1964 fixant \nles dispositions r\u00e9glementaires applicables aux pr\u00e9fets ; \n \nVU le d\u00e9cret n \u00b0 2018-514 du 25  juin 2018 relatif aux subventions de l '\u00c9tat pour les projets \nd'investissement, en particulier son article 5 ; \n \nVU le d\u00e9cret n\u00b0 2020-412 du 8 avril 2020 relatif au droit de d\u00e9rogation reconnu au pr\u00e9fet ; \n \nVU le Plan v\u00e9lo et marche 2023-2027 annonc\u00e9 par la Premi\u00e8re ministre le 5 mai 2023 ; \n \nVU les cahiers d'accompagnement des porteurs de projet et des services instructeurs relatifs \naux mesures de l'axe 3 du Fonds vert \u00ab Am\u00e9nagements cyclables \u00bb et \u00ab ZFE \u00bb ; \n \nVU la demande de subvention d\u00e9pos\u00e9e par le conseil d\u00e9partemental des Hauts-de-Seine sur la \nplateforme \u00ab D\u00e9marches simplifi\u00e9es \u00bb pour le projet \u00ab Am\u00e9nagement de voirie par l'int\u00e9gration \nd'une piste cyclable unilat\u00e9rale bidirectionnelle du boulevard Henri Sell ier sur la commune de \nSuresnes (du pont de Suresnes (inclus) \u00e0 la rue de la Gare de Lonchamp) \u00bb, d 'abord le \n12 d\u00e9cembre 2023 au titre du 7 e appel \u00e0 projet \u00ab  am\u00e9nagements cyclables  \u00bb du fonds \n\u00ab mobilit\u00e9s actives \u00bb sous la r\u00e9f\u00e9rence n\u00b0 15361734, puis le 12 d\u00e9cembre 2024 au titre du Fonds \nvert sous la r\u00e9f\u00e9rence n\u00b0 21421597 ; \n \nVU la demande de subvention d\u00e9pos\u00e9e par la ville de Paris  sur la plateforme \u00ab  D\u00e9marches \nsimplifi\u00e9es \u00bb pour le projet \u00ab Am\u00e9nagement de pistes cyclables s\u00e9curis\u00e9es sur les rues du \n4 septembre, la place de la Bourse, la rue R\u00e9aumur et la rue du Temple entre la place de l'Op\u00e9ra \net la place de la R\u00e9publique  \u00bb, d 'abord le 8  mars 2024 au titre du 7 e appel \u00e0 projet \n\u00ab am\u00e9nagements cyclables \u00bb du fonds \u00ab mobilit\u00e9s actives \u00bb sous la r\u00e9f\u00e9rence n\u00b0 16707888, puis \nle 16 mai 2025 au titre du Fonds vert sous la r\u00e9f\u00e9rence n\u00b0 24172114 ; \nDirection r\u00e9gionale et interd\u00e9partementale de l'environnement, de l'am\u00e9nagement et des transports d'\u00cele-de-France -\nIDF-2025-11-07-00003 - Arr\u00eat\u00e9 du 7 novembre 2025 portant d\u00e9rogation \u00e0 l'article 5 du d\u00e9cret n\u00b0 2018-514 du 25 juin 2018 relatif aux\nsubventions de l'\u00c9tat pour les projets d'investissement concernant les subventions sollicit\u00e9es sur le Fonds vert pour les projets d\u00e9pos\u00e9s\nsur le 7e appel \u00e0 projets \u00ab am\u00e9nagements cyclables \u00bb du fonds \u00ab mobilit\u00e9s actives \u00bb\n32\n2 \n \nVU la demande de subvention d\u00e9pos\u00e9e par la ville de Paris  sur la plateforme \u00ab  D\u00e9marches \nsimplifi\u00e9es \u00bb pour le projet \u00ab  Am\u00e9nagement de pistes cyclables s\u00e9curis\u00e9es sur l 'avenue des \nTernes et l'avenue de la Porte des Ternes (Paris 17\u00e8me) \u00bb, d'abord le 8 mars 2024 au titre du 7e \nappel \u00e0 projet \u00ab  am\u00e9nagements cyclables  \u00bb du fonds \u00ab  mobilit\u00e9s actives  \u00bb sous la r\u00e9f\u00e9rence \nn\u00b0 16348218, puis le 5 juin 2025 au titre du Fonds vert sous la r\u00e9f\u00e9rence n\u00b0 24587702 ; \n \nCONSID\u00c9RANT que, pour chacun des projets susmentionn\u00e9s, pr\u00e9alablement \u00e0 la demande de \nsubvention au titre du Fonds vert, une premi\u00e8re demande a \u00e9t\u00e9 pr\u00e9sent\u00e9e au pr\u00e9fet de r\u00e9gion \ndans le cadre du 7e appel \u00e0 projets \u00ab am\u00e9nagements cyclables \u00bb du fonds \u00ab mobilit\u00e9s actives \u00bb ; \n \nCONSID\u00c9RANT que le 7e appel \u00e0 projet s \u00ab am\u00e9nagements cyclables \u00bb du fonds \u00ab mobilit\u00e9s \nactives \u00bb a \u00e9t\u00e9 lanc\u00e9 le 22 novembre 2023 et annul\u00e9 durant le dernier trimestre 2024 ; \n \nCONSID\u00c9RANT que le d\u00e9ploiement d 'infrastructures cyclables est une action prioritaire du \nPlan v\u00e9lo et marche susvis\u00e9, qui constitue une politique prioritaire du gouvernement, d'int\u00e9r\u00eat \ng\u00e9n\u00e9ral ; \n \nCONSID\u00c9RANT que les circonstances locales ont amen\u00e9 les collectivit\u00e9s lo cales \nsusmentionn\u00e9es \u00e0 d\u00e9marrer les travaux entre leur demande de subvention au titre du 7e appel \n\u00e0 projets \u00ab am\u00e9nagements cyclables \u00bb du fonds \u00ab mobilit\u00e9s actives \u00bb  et celle au titre du Fonds \nvert ; \n \nCONSID\u00c9RANT que chaque demande susvis\u00e9e est pr\u00e9sent\u00e9e po ur le m\u00eame projet et aupr\u00e8s \ndu m\u00eame financeur, et qu 'il convient d 'all\u00e9ger les d\u00e9marches administratives, de r\u00e9duire les \nd\u00e9lais de proc\u00e9dure et de favoriser l'acc\u00e8s aux aides publiques du Fonds Vert ; \n \nCONSID\u00c9RANT que, pour chacun des projets susmentionn\u00e9s, les conditions sont r\u00e9unies pour \nappr\u00e9cier la possibilit\u00e9 , par d\u00e9rogation au II. de l 'article 5 du d\u00e9cret n \u00b0 2018-514 susvis\u00e9, \nd'inclure dans l 'assiette de subvention  du Fonds vert  les d\u00e9penses intervenues  apr\u00e8s la \ndemande de subvention au titre du  7e appel \u00e0 projet s \u00ab am\u00e9nagements cyclables \u00bb du fonds \n\u00ab mobilit\u00e9s actives \u00bb ; \n \nCONSID\u00c9RANT que cette d\u00e9rogation est justifi\u00e9e par un motif d 'int\u00e9r\u00eat g\u00e9n\u00e9ral \u2013 le \nd\u00e9veloppement des mobilit\u00e9s d\u00e9carbon\u00e9s \u2013 et l'existence de circonstances locales explicit\u00e9es \nci-avant ; \n \nCONSID\u00c9RANT que cette d\u00e9rogation a pour effet de favoriser l'acc\u00e8s aux aides publiques ; \n \nCONSID\u00c9RANT que cette d\u00e9rogation ne porte pas atteinte aux int\u00e9r\u00eats de la d\u00e9fense ou \u00e0 la \ns\u00e9curit\u00e9 des personnes et des biens ; \n \nCONSID\u00c9RANT que cette d\u00e9rogation est  compatible avec les engagements europ\u00e9ens et \ninternationaux de la France ; \n \nSur proposition  de la directrice r\u00e9gionale et interd\u00e9partementale de l 'environnement, de \nl'am\u00e9nagement et des transports, \n  \nDirection r\u00e9gionale et interd\u00e9partementale de l'environnement, de l'am\u00e9nagement et des transports d'\u00cele-de-France -\nIDF-2025-11-07-00003 - Arr\u00eat\u00e9 du 7 novembre 2025 portant d\u00e9rogation \u00e0 l'article 5 du d\u00e9cret n\u00b0 2018-514 du 25 juin 2018 relatif aux\nsubventions de l'\u00c9tat pour les projets d'investissement concernant les subventions sollicit\u00e9es sur le Fonds vert pour les projets d\u00e9pos\u00e9s\nsur le 7e appel \u00e0 projets \u00ab am\u00e9nagements cyclables \u00bb du fonds \u00ab mobilit\u00e9s actives \u00bb\n33\n3 \nARR\u00caTE \n \nARTICLE 1er  \n \nPour les trois projets d'am\u00e9nagements cyclables sus mentionn\u00e9s, il est d\u00e9rog\u00e9 \u00e0 l 'article 5 du \nd\u00e9cret n \u00b0 2018-514 du 25  juin 2018 relatif aux subventions de l '\u00c9tat pour des projets \nd'investissement. Ces projets peuvent \u00eatre subventionn\u00e9s malgr\u00e9 le commencement de l eur \nex\u00e9cution avant le d\u00e9p\u00f4t de la demande de subvention au titre du Fonds vert. La possibilit\u00e9 de \nd\u00e9marrer les travaux c oncern\u00e9s par la demande de subvention au titre du Fonds vert sera \nappr\u00e9ci\u00e9e au regard de la date du d\u00e9p\u00f4t de demande de subvention effectu\u00e9 dans le cadre du \n7e appel \u00e0 projets \u00ab am\u00e9nagements cyclables \u00bb du fonds \u00ab mobilit\u00e9s actives \u00bb . \n \nARTICLE 2 \n \nToute modification aux dispositions du pr\u00e9sent arr\u00eat\u00e9 fera l'objet d'une d\u00e9cision modificative. \n \nARTICLE 3 \n \nLe pr\u00e9fet, directeur de cabinet du pr\u00e9fet de la r\u00e9gion \u00cele -de-France, pr\u00e9fet de Paris, et la \ndirectrice r\u00e9gionale et interd\u00e9partementale de l 'environnement, de l 'am\u00e9nagement et des \ntransports sont charg\u00e9s, pour ce qui les concerne, de l 'ex\u00e9cution du pr\u00e9sent arr\u00eat\u00e9, qui est \npubli\u00e9 au recueil des actes administratifs de la pr\u00e9fecture de la r\u00e9gion  d'\u00cele-de-France, \npr\u00e9fecture de Paris. \n \n\u00c0 Paris, le 7 novembre 2025     \nLe Pr\u00e9fet de la R\u00e9gion d'\u00cele-de-France, \nPr\u00e9fet de Paris \n \n \nSign\u00e9 \n \n \nMarc Guillaume \n \n \n \n \n \n \n \n \n \n \n \n \n \n \nVoies et d\u00e9lais de recours : \nLe pr\u00e9sent arr\u00eat\u00e9 peut faire l'objet d'un recours administratif dans un d\u00e9lai de deux mois, soit gracieux aupr\u00e8s du pr\u00e9fet \nde la r\u00e9gion \u00cele-de-France, soit hi\u00e9rarchique aupr\u00e8s du ministre charg\u00e9 des Transports. Il peut \u00e9galement faire l'objet \nd'un recours devant le tribunal administratif comp\u00e9tent dans les deux mois \u00e0 compter de sa publication en application \ndes dispositions des articles R. 421-1 et suivants du code de justice administrative. Le tribunal administratif peut \u00eatre \nsaisi par l'application informatique \u00ab T\u00e9l\u00e9recours Citoyens \u00bb accessible par le site internet www.telerecours.fr. \nDirection r\u00e9gionale et interd\u00e9partementale de l'environnement, de l'am\u00e9nagement et des transports d'\u00cele-de-France -\nIDF-2025-11-07-00003 - Arr\u00eat\u00e9 du 7 novembre 2025 portant d\u00e9rogation \u00e0 l'article 5 du d\u00e9cret n\u00b0 2018-514 du 25 juin 2018 relatif aux\nsubventions de l'\u00c9tat pour les projets d'investissement concernant les subventions sollicit\u00e9es sur le Fonds vert pour les projets d\u00e9pos\u00e9s\nsur le 7e appel \u00e0 projets \u00ab am\u00e9nagements cyclables \u00bb du fonds \u00ab mobilit\u00e9s actives \u00bb\n34","date":"2025-11-12","first_seen_on":"2025-11-12T18:16:37+00:00","id":"ab3c45f246ac7d33b56f54ea5c74ef545d4f6151a13827522ae3be21b97055ab","name":"recueil-idf-019-2025-11-recueil-des-actes-administratifs-special du 12.11.2025","pdf_creation_date":"2025-11-12T15:44:42+00:00","pdf_modification_date":null,"timezone":"Europe/Paris","url":"https://www.prefectures-regions.gouv.fr/ile-de-france/irecontenu/telechargement/132563/972826/file/recueil-idf-019-2025-11-recueil-des-actes-administratifs-special%20du%2012.11.2025.pdf"}
