{"administration":"pref75","administration_name":"Pr\u00e9fecture de Paris","content":"PREFECTURE\nDE PARIS\nRECUEIL DES ACTES\nADMINISTRATIFS SP\u00c9CIAL\nN\u00b075-2026-240\nPUBLI\u00c9 LE 24 AVRIL 2026\nSommaire\nPr\u00e9fecture de la R\u00e9gion d'Ile de France, Pr\u00e9fecture de Paris  / Bureau\ndes \u00e9lections, du m\u00e9c\u00e9nat et de la r\u00e9glementation \u00e9conomique\n75-2026-04-24-00006 - Arr\u00eat\u00e9 pr\u00e9fectoral portant\nautorisation\nd'appel \u00e0 la g\u00e9n\u00e9rosit\u00e9 du public du fonds de\ndotation\nArmenia Peace Initiative\n (2 pages) Page 3\n75-2026-04-24-00007 - Arr\u00eat\u00e9 pr\u00e9fectoral portant\nautorisation\nd'appel \u00e0 la g\u00e9n\u00e9rosit\u00e9 du public du fonds de\ndotation\nClimate Fresk Foundation\n (2 pages) Page 6\n75-2026-04-24-00008 - Arr\u00eat\u00e9 pr\u00e9fectoral portant\nautorisation\nd'appel \u00e0 la g\u00e9n\u00e9rosit\u00e9 du public du fonds de\ndotation\nGREEN LINK\n (2 pages) Page 9\nPr\u00e9fecture de Police / Cabinet\n75-2026-04-24-00004 - Arr\u00eat\u00e9 n\u00b02026-00464 du 24 avril 2026 modifiant\nprovisoirement la circulation  \u00e0 Paris 6\u00e8me, le 29 avril 2026 (3 pages) Page 12\n75-2026-04-24-00001 - Arr\u00eat\u00e9 n\u00b02026-00465 du 24 avril modifiant\nprovisoirement le stationnement et la circulation dans plusieurs voies de\nParis 16\u00e8me et de Boulogne-Billancourt \u00e0 l'occasion de la rencontre\nde football entre les \u00e9quipes du Paris Football Club et du Stade Brestois le\n3 mai 2026 (5 pages) Page 16\n75-2026-04-24-00005 - Arr\u00eat\u00e9 n\u00b02026-00466 du 24 avril 2026 cr\u00e9ant\nune aire pi\u00e9tonne temporaire dans certaines voies du 8\u00e8me\narrondissement de Paris \u00e0 l'occasion de la manifestation \n\u00a0pi\u00e9tonisation des Champs-\u00c9lys\u00e9es\u00a0\u00bb le 3 mai 2026  (4 pages) Page 22\n75-2026-04-24-00003 - Arr\u00eat\u00e9 n\u00b02026-00467 du 24 avril 2026 modifiant\nprovisoirement la circulation rue de Grenelle \u00e0 Paris 7\u00e8me les 7, 14 et 21\nmai 2026 (3 pages) Page 27\n75-2026-04-24-00002 - Arr\u00eat\u00e9 n\u00b02026-00468 du 24 avril 2026 modifiant\nprovisoirement la circulation boulevard Lannes \u00e0 Paris 16\u00e8me le 28 avril\n2026 (3 pages) Page 31\n75-2026-04-24-00010 - Arr\u00eat\u00e9 n\u00b02026-00469 du 24 avril 2026 autorisant\nla captation, l'enregistrement et la transmission d'images au moyen\nde cam\u00e9ras install\u00e9es sur des a\u00e9ronefs \u00e0 l'occasion de la\ndemi-finale aller de la Ligue des champions de football entre le Paris\nSaint-Germain et le FC Bayern Munich au Parc des Princes le mardi 28 avril\n2026 (5 pages) Page 35\n75-2026-04-24-00009 - Arr\u00eat\u00e9 n\u00b02026-00470 DU 24 avril 2026  \ninstituant un p\u00e9rim\u00e8tre de protection et diff\u00e9rentes mesures de\npolice \u00e0 l'occasion de la demi-finale aller de la Ligue des champions de\nfootball entre le Paris Saint-Germain et le FC Bayern Munich au Parc des\nPrinces le mardi 28 avril 2026 (6 pages) Page 41\n2\nPr\u00e9fecture de la R\u00e9gion d'Ile de France,\nPr\u00e9fecture de Paris \n75-2026-04-24-00006\nArr\u00eat\u00e9 pr\u00e9fectoral portant autorisation\nd'appel \u00e0 la g\u00e9n\u00e9rosit\u00e9 du public du fonds de\ndotation\nArmenia Peace Initiative\nPr\u00e9fecture de la R\u00e9gion d'Ile de France, Pr\u00e9fecture de Paris  - 75-2026-04-24-00006 - Arr\u00eat\u00e9 pr\u00e9fectoral portant autorisation\nd'appel \u00e0 la g\u00e9n\u00e9rosit\u00e9 du public du fonds de dotation\nArmenia Peace Initiative\n3\n=mPREFETDE PARISLibert\u00e9Egalit\u00e9Fraternit\u00e9\n \n1/2 \n \nL'identifiant au registre national des fondations, fondations d'entreprise et fonds de dotation (dit RNF) est  : \n075-FDD-00335-07 \nR\u00e9f\u00e9rence du fonds de dotation  : FD1439 / Dossier n\u00b030737117 \nArr\u00eat\u00e9 pr\u00e9fectoral portant autorisation d'appel \u00e0 la g\u00e9n\u00e9rosit\u00e9 du public \n \n \n \n \n \n \n \n \nCABINET  \nService de la coordination des affaires parisiennes \nBureau des \u00e9lections, du m\u00e9c\u00e9nat et de la r\u00e9glementation \u00e9conomique  \n \n \nArr\u00eat\u00e9 pr\u00e9fectoral portant autorisation \nd'appel \u00e0 la g\u00e9n\u00e9rosit\u00e9 du public du fonds de dotation \nArmenia Peace Initiative \n \nLe pr\u00e9fet de la r\u00e9gion d'Ile-de-France, pr\u00e9fet de Paris, \nGrand Officier de la L\u00e9gion d'Honneur  \nOfficier de l'Ordre national du M\u00e9rite \n \n \nVu la loi n\u00b0 91-772 du 7 ao\u00fbt 1991 relative au cong\u00e9 de repr\u00e9sentation en faveur des associations et \ndes mutuelles et au contr\u00f4le des comptes des organismes faisant appel \u00e0 la g\u00e9n\u00e9rosit\u00e9 publique  ; \n \nVu la loi n\u00b0 2008-776 du 4 ao\u00fbt 2008 de modernisation de l'\u00e9conomie, et notamment son \narticle  140  ; \n \nVu le d\u00e9cret n\u00b0 92-1011 du 17 septembre 1992 relatif au contr\u00f4le des comptes des organismes faisant \nappel \u00e0 la g\u00e9n\u00e9rosit\u00e9 publique ; \n \nVu le d\u00e9cret n\u00b0 2022-813 du 16 mai 2022, modifiant le d\u00e9cret n\u00b0 2009-158 du 11 f\u00e9vrier 2009 relatif \naux fonds de dotation, et notamment les articles  11 et suivants  ; \n \nVu la demande du fonds de dotation Armenia Peace Initiative sollicitant l'autorisation de faire appel \n\u00e0 la g\u00e9n\u00e9rosit\u00e9 du public, re\u00e7ue le 21 avril 2026  ; \n \nConsid\u00e9rant que l'objectif du pr\u00e9sent appel \u00e0 la g\u00e9n\u00e9rosit\u00e9 du public est de promouvoir la paix au \nCaucase du Sud en renfor\u00e7ant la s\u00e9curit\u00e9 humaine par l'\u00e9ducation et la formation en Arm\u00e9nie ainsi \nque par l'information de qualit\u00e9 d'un public int\u00e9ress\u00e9 et de soutenir la r\u00e9silience des institutions et \nde la soci\u00e9t\u00e9 en s'inscrivant dans l'agenda France-Arm\u00e9nie ; \n \nSur la proposition de la pr\u00e9f\u00e8te, directrice de cabinet du pr\u00e9fet de la r\u00e9gion d'\u00cele-de-France, pr\u00e9fet \nde Paris  ; \n \n \n \nPr\u00e9fecture de la R\u00e9gion d'Ile de France, Pr\u00e9fecture de Paris  - 75-2026-04-24-00006 - Arr\u00eat\u00e9 pr\u00e9fectoral portant autorisation\nd'appel \u00e0 la g\u00e9n\u00e9rosit\u00e9 du public du fonds de dotation\nArmenia Peace Initiative\n4\n \n2/2 \n \nL'identifiant au registre national des fondations, fondations d'entreprise et fonds de dotation (dit RNF) est  : \n075-FDD-00335-07 \nR\u00e9f\u00e9rence du fonds de dotation  : FD1439 / Dossier n\u00b030737117 \nArr\u00eat\u00e9 pr\u00e9fectoral portant autorisation d'appel \u00e0 la g\u00e9n\u00e9rosit\u00e9 du public \n \n \n \nA R R E T E : \n \nARTICLE 1\ner  : Le fonds de dotation Armenia Peace Initiative est autoris\u00e9 \u00e0 faire appel \u00e0 la g\u00e9n\u00e9rosit\u00e9 \ndu public \u00e0 compter du 24 avril 2026 jusqu'au 31 d\u00e9cembre 2026. \n \nARTICLE 2  : Conform\u00e9ment \u00e0 la r\u00e9glementation en vigueur, le fonds de dotation a l'obligation \nd'int\u00e9grer dans ses comptes annuels un compte d'emploi annuel des ressources (CER) ainsi qu'un \ncompte de r\u00e9sultat par origine et par destination (CROD) lorsque le fonds de dotation est aliment\u00e9 \npar des dons issus de la g\u00e9n\u00e9rosit\u00e9 du public. \n \nARTICLE 3  : La pr\u00e9sente autorisation pourra \u00eatre retir\u00e9e ou abrog\u00e9e en cas de manquement aux \nr\u00e8gles r\u00e9gissant les fonds de dotation et/ou \u00e0 la r\u00e9glementation relative aux appels \u00e0 la g\u00e9n\u00e9rosit\u00e9 du \npublic. \n \nARTICLE 4  : Conform\u00e9ment aux dispositions du code de justice administrative, la pr\u00e9sente d\u00e9cision \nest susceptible de faire l'objet d'un recours contentieux devant le tribunal administratif de Paris dans \nle d\u00e9lai de 2 mois. \n \nARTICLE 5  : La pr\u00e9f\u00e8te, directrice de cabinet du pr\u00e9fet de la r\u00e9gion d'\u00cele-de-France, pr\u00e9fet de Paris, \nest charg\u00e9e de l'ex\u00e9cution du pr\u00e9sent arr\u00eat\u00e9 qui sera publi\u00e9 au recueil des actes administratifs de la \npr\u00e9fecture de Paris, accessible sur le site Internet de la pr\u00e9fecture de Paris (www.ile-de-\nfrance.gouv.fr ), et notifi\u00e9 aux personnes vis\u00e9es \u00e0 l'article 1 er  du pr\u00e9sent arr\u00eat\u00e9. \n \nFait \u00e0 Paris, le vendredi 24 avril 2026 \n \n \nPour le pr\u00e9fet de la r\u00e9gion d'Ile de France, \npr\u00e9fet de Paris et par d\u00e9l\u00e9gation \nLe chef du bureau des \u00e9lections,  \ndu m\u00e9c\u00e9nat et de la r\u00e9glementation \u00e9conomique \n \nSign\u00e9 \n \nMohamed SOLTANI \n \n \n \n \n \n \nPr\u00e9fecture de la R\u00e9gion d'Ile de France, Pr\u00e9fecture de Paris  - 75-2026-04-24-00006 - Arr\u00eat\u00e9 pr\u00e9fectoral portant autorisation\nd'appel \u00e0 la g\u00e9n\u00e9rosit\u00e9 du public du fonds de dotation\nArmenia Peace Initiative\n5\nPr\u00e9fecture de la R\u00e9gion d'Ile de France,\nPr\u00e9fecture de Paris \n75-2026-04-24-00007\nArr\u00eat\u00e9 pr\u00e9fectoral portant autorisation\nd'appel \u00e0 la g\u00e9n\u00e9rosit\u00e9 du public du fonds de\ndotation\nClimate Fresk Foundation\nPr\u00e9fecture de la R\u00e9gion d'Ile de France, Pr\u00e9fecture de Paris  - 75-2026-04-24-00007 - Arr\u00eat\u00e9 pr\u00e9fectoral portant autorisation\nd'appel \u00e0 la g\u00e9n\u00e9rosit\u00e9 du public du fonds de dotation\nClimate Fresk Foundation\n6\n=mPREFETDE PARISLibert\u00e9Egalit\u00e9Fraternit\u00e9\n \n1/2 \n \nL'identifiant au registre national des fondations, fondations d'entreprise et fonds de dotation (dit RNF) est  : \n075-FDD-00292-05 \nR\u00e9f\u00e9rence du fonds de dotation  : FD1614 / Dossier n\u00b0 \n 30705012 \nArr\u00eat\u00e9 pr\u00e9fectoral portant autorisation d'appel \u00e0 la g\u00e9n\u00e9rosit\u00e9 du public  \n \n \n \n \n \n \n \n \nCABINET  \nService de la coordination des affaires parisiennes \nBureau des \u00e9lections, du m\u00e9c\u00e9nat et de la r\u00e9glementation \u00e9conomique  \n \n \nArr\u00eat\u00e9 pr\u00e9fectoral portant autorisation \nd'appel \u00e0 la g\u00e9n\u00e9rosit\u00e9 du public du fonds de dotation \nClimate Fresk Foundation \n \nLe pr\u00e9fet de la r\u00e9gion d'Ile-de-France, pr\u00e9fet de Paris, \nGrand Officier de la L\u00e9gion d'Honneur  \nOfficier de l'Ordre national du M\u00e9rite \n \n \nVu la loi n\u00b0 91-772 du 7 ao\u00fbt 1991 relative au cong\u00e9 de repr\u00e9sentation en faveur des associations et \ndes mutuelles et au contr\u00f4le des comptes des organismes faisant appel \u00e0 la g\u00e9n\u00e9rosit\u00e9 publique  ; \n \nVu la loi n\u00b0 2008-776 du 4 ao\u00fbt 2008 de modernisation de l'\u00e9conomie, et notamment son \narticle  140  ; \n \nVu le d\u00e9cret n\u00b0 92-1011 du 17 septembre 1992 relatif au contr\u00f4le des comptes des organismes faisant \nappel \u00e0 la g\u00e9n\u00e9rosit\u00e9 publique ; \n \nVu le d\u00e9cret n\u00b0 2022-813 du 16 mai 2022, modifiant le d\u00e9cret n\u00b0 2009-158 du 11 f\u00e9vrier 2009 relatif \naux fonds de dotation, et notamment les articles  11 et suivants  ; \n \nVu la demande du fonds de dotation Climate Fresk Foundation sollicitant l'autorisation de faire \nappel \u00e0 la g\u00e9n\u00e9rosit\u00e9 du public, re\u00e7ue le 20 avril 2026, compl\u00e9t\u00e9e le 21 avril 2026  ; \n \nConsid\u00e9rant que l'objectif du pr\u00e9sent appel \u00e0 la g\u00e9n\u00e9rosit\u00e9 du public est le financement de projets \ndans les pays les plus touch\u00e9s par les difficult\u00e9s climatiques. La Fresque du Climat a d\u00e9j\u00e0 sensibilis\u00e9 \nplus de 2,3 millions de personnes. Il vise \u00e0 financer les actions des b\u00e9n\u00e9voles, organisant des ateliers \ngratuits dans des \u00e9coles, des universit\u00e9s, au sein de la fonction publique, ainsi qu'aupr\u00e8s des \ncitoyens ; \n \nSur la proposition de la pr\u00e9f\u00e8te, directrice de cabinet du pr\u00e9fet de la r\u00e9gion d'\u00cele-de-France, pr\u00e9fet \nde Paris  ; \n \n \n \nPr\u00e9fecture de la R\u00e9gion d'Ile de France, Pr\u00e9fecture de Paris  - 75-2026-04-24-00007 - Arr\u00eat\u00e9 pr\u00e9fectoral portant autorisation\nd'appel \u00e0 la g\u00e9n\u00e9rosit\u00e9 du public du fonds de dotation\nClimate Fresk Foundation\n7\n \n2/2 \n \nL'identifiant au registre national des fondations, fondations d'entreprise et fonds de dotation (dit RNF) est  : \n075-FDD-00292-05 \nR\u00e9f\u00e9rence du fonds de dotation  : FD1614 / Dossier n\u00b0 \n 30705012 \nArr\u00eat\u00e9 pr\u00e9fectoral portant autorisation d'appel \u00e0 la g\u00e9n\u00e9rosit\u00e9 du public  \n \n \nA R R E T E : \n \nARTICLE 1\ner  : Le fonds de dotation Climate Fresk Foundation est autoris\u00e9 \u00e0 faire appel \u00e0 la g\u00e9n\u00e9rosit\u00e9 \ndu public \u00e0 compter du 24 avril 2026 jusqu'au 31 d\u00e9cembre 2026. \n \nARTICLE 2  : Conform\u00e9ment \u00e0 la r\u00e9glementation en vigueur, le fonds de dotation a l'obligation \nd'int\u00e9grer dans ses comptes annuels un compte d'emploi annuel des ressources (CER) ainsi qu'un \ncompte de r\u00e9sultat par origine et par destination (CROD) lorsque le fonds de dotation est aliment\u00e9 \npar des dons issus de la g\u00e9n\u00e9rosit\u00e9 du public. \n \nARTICLE 3  : La pr\u00e9sente autorisation pourra \u00eatre retir\u00e9e ou abrog\u00e9e en cas de manquement aux \nr\u00e8gles r\u00e9gissant les fonds de dotation et/ou \u00e0 la r\u00e9glementation relative aux appels \u00e0 la g\u00e9n\u00e9rosit\u00e9 du \npublic. \n \nARTICLE 4  : Conform\u00e9ment aux dispositions du code de justice administrative, la pr\u00e9sente d\u00e9cision \nest susceptible de faire l'objet d'un recours contentieux devant le tribunal administratif de Paris dans \nle d\u00e9lai de 2 mois. \n \nARTICLE 5  : La pr\u00e9f\u00e8te, directrice de cabinet du pr\u00e9fet de la r\u00e9gion d'\u00cele-de-France, pr\u00e9fet de Paris, \nest charg\u00e9e de l'ex\u00e9cution du pr\u00e9sent arr\u00eat\u00e9 qui sera publi\u00e9 au recueil des actes administratifs de la \npr\u00e9fecture de Paris, accessible sur le site Internet de la pr\u00e9fecture de Paris (www.ile-de-\nfrance.gouv.fr ), et notifi\u00e9 aux personnes vis\u00e9es \u00e0 l'article 1 er  du pr\u00e9sent arr\u00eat\u00e9. \n \nFait \u00e0 Paris, le vendredi 24 avril 2026 \n \n \nPour le pr\u00e9fet de la r\u00e9gion d'Ile de France, \npr\u00e9fet de Paris et par d\u00e9l\u00e9gation \nLe chef du bureau des \u00e9lections,  \ndu m\u00e9c\u00e9nat et de la r\u00e9glementation \u00e9conomique \n \nSign\u00e9 \n \nMohamed SOLTANI \n \n \n \n \n \n \nPr\u00e9fecture de la R\u00e9gion d'Ile de France, Pr\u00e9fecture de Paris  - 75-2026-04-24-00007 - Arr\u00eat\u00e9 pr\u00e9fectoral portant autorisation\nd'appel \u00e0 la g\u00e9n\u00e9rosit\u00e9 du public du fonds de dotation\nClimate Fresk Foundation\n8\nPr\u00e9fecture de la R\u00e9gion d'Ile de France,\nPr\u00e9fecture de Paris \n75-2026-04-24-00008\nArr\u00eat\u00e9 pr\u00e9fectoral portant autorisation\nd'appel \u00e0 la g\u00e9n\u00e9rosit\u00e9 du public du fonds de\ndotation\nGREEN LINK\nPr\u00e9fecture de la R\u00e9gion d'Ile de France, Pr\u00e9fecture de Paris  - 75-2026-04-24-00008 - Arr\u00eat\u00e9 pr\u00e9fectoral portant autorisation\nd'appel \u00e0 la g\u00e9n\u00e9rosit\u00e9 du public du fonds de dotation\nGREEN LINK\n9\n=mPREFETDE PARISLibert\u00e9Egalit\u00e9Fraternit\u00e9\n \n1/2 \n \nL'identifiant au registre national des fondations, fondations d'entreprise et fonds de dotation (dit RNF) est  : \n075-FDD-00103-10 \nR\u00e9f\u00e9rence du fonds de dotation  : FD525 / Dossier n\u00b0 29847065 \nArr\u00eat\u00e9 pr\u00e9fectoral portant autorisation d'appel \u00e0 la g\u00e9n\u00e9rosit\u00e9 du public \n \n \n \n \n \n \n \n \nCABINET  \nService de la coordination des affaires parisiennes \nBureau des \u00e9lections, du m\u00e9c\u00e9nat et de la r\u00e9glementation \u00e9conomique  \n \n \nArr\u00eat\u00e9 pr\u00e9fectoral portant autorisation \nd'appel \u00e0 la g\u00e9n\u00e9rosit\u00e9 du public du fonds de dotation \nGREEN LINK \n \nLe pr\u00e9fet de la r\u00e9gion d'Ile-de-France, pr\u00e9fet de Paris, \nGrand Officier de la L\u00e9gion d'Honneur  \nOfficier de l'Ordre national du M\u00e9rite \n \n \nVu la loi n\u00b0 91-772 du 7 ao\u00fbt 1991 relative au cong\u00e9 de repr\u00e9sentation en faveur des associations et \ndes mutuelles et au contr\u00f4le des comptes des organismes faisant appel \u00e0 la g\u00e9n\u00e9rosit\u00e9 publique  ; \n \nVu la loi n\u00b0 2008-776 du 4 ao\u00fbt 2008 de modernisation de l'\u00e9conomie, et notamment son \narticle  140  ; \n \nVu le d\u00e9cret n\u00b0 92-1011 du 17 septembre 1992 relatif au contr\u00f4le des comptes des organismes faisant \nappel \u00e0 la g\u00e9n\u00e9rosit\u00e9 publique ; \n \nVu le d\u00e9cret n\u00b0 2022-813 du 16 mai 2022, modifiant le d\u00e9cret n\u00b0 2009-158 du 11 f\u00e9vrier 2009 relatif \naux fonds de dotation, et notamment les articles  11 et suivants  ; \n \nVu la demande du fonds de dotation GREEN LINK sollicitant l'autorisation de faire appel \u00e0 la \ng\u00e9n\u00e9rosit\u00e9 du public, re\u00e7ue le 23 avril 2026  ; \n \nConsid\u00e9rant que l'objectif du pr\u00e9sent appel \u00e0 la g\u00e9n\u00e9rosit\u00e9 du public est de r\u00e9pondre aux demandes \nde financement des associations \u00e9voluant dans le cadre de la mission du fonds de dotation, ainsi que \nla cr\u00e9ation d'un nouveau programme en faveur des jeunes enfants ; \n \nSur la proposition de la pr\u00e9f\u00e8te, directrice de cabinet du pr\u00e9fet de la r\u00e9gion d'\u00cele-de-France, pr\u00e9fet \nde Paris  ; \n \n \n \nPr\u00e9fecture de la R\u00e9gion d'Ile de France, Pr\u00e9fecture de Paris  - 75-2026-04-24-00008 - Arr\u00eat\u00e9 pr\u00e9fectoral portant autorisation\nd'appel \u00e0 la g\u00e9n\u00e9rosit\u00e9 du public du fonds de dotation\nGREEN LINK\n10\n \n2/2 \n \nL'identifiant au registre national des fondations, fondations d'entreprise et fonds de dotation (dit RNF) est  : \n075-FDD-00103-10 \nR\u00e9f\u00e9rence du fonds de dotation  : FD525 / Dossier n\u00b0 29847065 \nArr\u00eat\u00e9 pr\u00e9fectoral portant autorisation d'appel \u00e0 la g\u00e9n\u00e9rosit\u00e9 du public \n \n \n \nA R R E T E : \n \nARTICLE 1\ner  : Le fonds de dotation GREEN LINK est autoris\u00e9 \u00e0 faire appel \u00e0 la g\u00e9n\u00e9rosit\u00e9 du public \u00e0 \ncompter du 24 avril 2026 jusqu'au 31 d\u00e9cembre 2026. \n \nARTICLE 2  : Conform\u00e9ment \u00e0 la r\u00e9glementation en vigueur, le fonds de dotation a l'obligation \nd'int\u00e9grer dans ses comptes annuels un compte d'emploi annuel des ressources (CER) ainsi qu'un \ncompte de r\u00e9sultat par origine et par destination (CROD) lorsque le fonds de dotation est aliment\u00e9 \npar des dons issus de la g\u00e9n\u00e9rosit\u00e9 du public. \n \nARTICLE 3  : La pr\u00e9sente autorisation pourra \u00eatre retir\u00e9e ou abrog\u00e9e en cas de manquement aux \nr\u00e8gles r\u00e9gissant les fonds de dotation et/ou \u00e0 la r\u00e9glementation relative aux appels \u00e0 la g\u00e9n\u00e9rosit\u00e9 du \npublic. \n \nARTICLE 4  : Conform\u00e9ment aux dispositions du code de justice administrative, la pr\u00e9sente d\u00e9cision \nest susceptible de faire l'objet d'un recours contentieux devant le tribunal administratif de Paris dans \nle d\u00e9lai de 2 mois. \n \nARTICLE 5  : La pr\u00e9f\u00e8te, directrice de cabinet du pr\u00e9fet de la r\u00e9gion d'\u00cele-de-France, pr\u00e9fet de Paris, \nest charg\u00e9e de l'ex\u00e9cution du pr\u00e9sent arr\u00eat\u00e9 qui sera publi\u00e9 au recueil des actes administratifs de la \npr\u00e9fecture de Paris, accessible sur le site Internet de la pr\u00e9fecture de Paris (www.ile-de-\nfrance.gouv.fr ), et notifi\u00e9 aux personnes vis\u00e9es \u00e0 l'article 1 er  du pr\u00e9sent arr\u00eat\u00e9. \n \nFait \u00e0 Paris, le vendredi 24 avril 2026 \n \n \nPour le pr\u00e9fet de la r\u00e9gion d'Ile de France, \npr\u00e9fet de Paris et par d\u00e9l\u00e9gation \nLe chef du bureau des \u00e9lections,  \ndu m\u00e9c\u00e9nat et de la r\u00e9glementation \u00e9conomique \n \nSign\u00e9 \n \nMohamed SOLTANI \n \n \n \n \n \n \nPr\u00e9fecture de la R\u00e9gion d'Ile de France, Pr\u00e9fecture de Paris  - 75-2026-04-24-00008 - Arr\u00eat\u00e9 pr\u00e9fectoral portant autorisation\nd'appel \u00e0 la g\u00e9n\u00e9rosit\u00e9 du public du fonds de dotation\nGREEN LINK\n11\nPr\u00e9fecture de Police\n75-2026-04-24-00004\nArr\u00eat\u00e9 n\u00b02026-00464 du 24 avril 2026 modifiant\nprovisoirement la circulation  \u00e0 Paris 6\u00e8me, le 29\navril 2026\nPr\u00e9fecture de Police - 75-2026-04-24-00004 - Arr\u00eat\u00e9 n\u00b02026-00464 du 24 avril 2026 modifiant provisoirement la circulation  \u00e0 Paris\n6\u00e8me, le 29 avril 2026 12\nPREFECTUREDE POLICELiibert\u00e9Egalit\u00e9Fraternit\u00e9\nAtUGi\nCABINET DU PREFET\nParis, le 24 avril 2026\nARRETE N\u00b02026 - 00464\nmodifiant provisoirement la circulation \n \u00e0 Paris 6\u00e8me, le 29 avril 2026\nLE PREFET DE POLICE\nVu le code g\u00e9n\u00e9ral des collectivit\u00e9s territoriales, notamment ses articles L.2512-13  \net L.2512-14\u00a0;\nVu  le  code  de  la  route,  notamment  ses  articles  L.325-1  \u00e0  L.325-3,  R.411-8  et\nR.411-25 ;\nVu l'avis de la Ville de Paris en date du 20 avril 2026 ;\nConsid\u00e9rant l'organisation du tournage du long m\u00e9trage  \u00ab  HELLO AND PARIS  \u2013  \nPARIS STREETS \u00bb qui se d\u00e9roulera \u00e0 Paris 6\u00e8me, le 29 avril 2026 ;\nConsid\u00e9rant que pour garantir le bon d\u00e9roulement de ce tournage, il convient de  \nmodifier les r\u00e8gles de circulation dans la rue Monsieur le Prince \u00e0 Paris 6\u00e8me, le 29 avril 2026 ;\nSur proposition du pr\u00e9fet, directeur de cabinet\u00a0;\nARRETE\nArticle 1  er  \nLa circulation de tout v\u00e9hicule \u00e0 moteur est interdite le 29 avril 2026 de 13h00 \u00e0  \n17h00, du 59 au 75 rue Monsieur le Prince \u00e0 Paris 6\u00e8me.\nArticle 2\nLes dispositions du pr\u00e9sent arr\u00eat\u00e9 ne sont pas applicables aux v\u00e9hicules d'int\u00e9r\u00eat  \ng\u00e9n\u00e9ral prioritaires au sens des dispositions de l'article R.311-1 6.5 du code de la route.\nArticle 3\nSans  pr\u00e9judice  des  sanctions  p\u00e9nales  auxquelles  s'exposent  les  personnes  en  \ninfraction avec les dispositions du pr\u00e9sent arr\u00eat\u00e9, les v\u00e9hicules ayant servi \u00e0 commettre  \nces infractions peuvent \u00eatre immobilis\u00e9s et mis en fourri\u00e8re dans les conditions pr\u00e9vues  \naux articles L.325-1 \u00e0 L.325-3 du code de la route.\nPr\u00e9fecture de Police - 75-2026-04-24-00004 - Arr\u00eat\u00e9 n\u00b02026-00464 du 24 avril 2026 modifiant provisoirement la circulation  \u00e0 Paris\n6\u00e8me, le 29 avril 2026 13\nArticle 4\nLe directeur de l'ordre public et de la circulation, le directeur de la s\u00e9curit\u00e9 de  \nproximit\u00e9 de l'agglom\u00e9ration parisienne de la Pr\u00e9fecture de Police, le directeur de la voirie \net des d\u00e9placements et le directeur de la police municipale et de la pr\u00e9vention de la Ville \nde Paris sont charg\u00e9s, chacun en ce qui le concerne, de l'ex\u00e9cution du pr\u00e9sent arr\u00eat\u00e9 qui \nentrera en vigueur \u00e0 compter de son affichage aux portes de la pr\u00e9fecture de police (1 rue \nde  Lut\u00e8ce).  Il  sera  \u00e9galement  affich\u00e9  aux  portes  de  la  mairie  et  du  commissariat  de \nl'arrondissement concern\u00e9 et sera publi\u00e9 au recueil des actes administratifs de la pr\u00e9fecture \nde la r\u00e9gion d'\u00cele-de-France, pr\u00e9fecture de Paris et de la pr\u00e9fecture de police et sur le site \ninternet de la pr\u00e9fecture de police de Paris : www.prefecturedepolice.interieur.gouv.fr. \nPour le Pr\u00e9fet de Police,\nLe Sous-Pr\u00e9fet, Directeur \nAdjoint du Cabinet\nSign\u00e9\nCharles BARBIER\nARRETE N\u00b02026 - 00464\nPr\u00e9fecture de Police - 75-2026-04-24-00004 - Arr\u00eat\u00e9 n\u00b02026-00464 du 24 avril 2026 modifiant provisoirement la circulation  \u00e0 Paris\n6\u00e8me, le 29 avril 2026 14\nAnnexe \u00e0 l'arr\u00eat\u00e9 n\u00b02026 - 00464 du 24 avril 2026 \nVOIES ET DELAIS DE RECOURS\n_______________________\nSi vous estimez devoir contester la pr\u00e9sente d\u00e9cision, il vous est possible, dans  \nun d\u00e9lai de deux mois \u00e0 compter de la date de sa publication\u00a0:\n- soit de saisir d'un RECOURS GRACIEUX\nle Pr\u00e9fet de Police\n7/9, boulevard du Palais - 75195 PARIS RP\n- ou de former un RECOURS HIERARCHIQUE\naupr\u00e8s du Ministre de l'int\u00e9rieur et des Outre-Mers\nDirection des libert\u00e9s publiques et des affaires juridiques\nplace Beauvau - 75008 PARIS\n- soit de saisir d'un RECOURS CONTENTIEUX\nle Tribunal administratif comp\u00e9tent\nAucune  de  ces  voies  et  recours  ne  suspend  l'application  de  la  pr\u00e9sente  \nd\u00e9cision.\nLes  recours  GRACIEUX  et  HIERARCHIQUE  doivent  \u00eatre  \u00e9crits,  exposer  les  \narguments ou faits nouveaux et comprendre la copie de la d\u00e9cision contest\u00e9e.\nLe  recours  contentieux,  qui  vise  \u00e0  contester  la  LEGALITE  de  la  pr\u00e9sente  \nd\u00e9cision, doit \u00e9galement \u00eatre \u00e9crit et exposer votre argumentation juridique.\nSi vous n'aviez pas de r\u00e9ponse \u00e0 votre recours GRACIEUX ou HIERARCHIQUE  \ndans  un  d\u00e9lai  de  deux  mois  \u00e0  compter  de  la  r\u00e9ception  de  votre  recours  par  \nl'administration,  votre  demande  devra  \u00eatre  consid\u00e9r\u00e9e  comme  rejet\u00e9e  (d\u00e9cision  \nimplicite de rejet).\nEn  cas  de  rejet  des  RECOURS  GRACIEUX  ou  HIERARCHIQUE,  le  Tribunal  \nadministratif peut \u00eatre saisi d'un recours contentieux dans le d\u00e9lai de deux mois \u00e0  \ncompter de la date de la d\u00e9cision de rejet.\nARRETE N\u00b02026 - 00464\nPr\u00e9fecture de Police - 75-2026-04-24-00004 - Arr\u00eat\u00e9 n\u00b02026-00464 du 24 avril 2026 modifiant provisoirement la circulation  \u00e0 Paris\n6\u00e8me, le 29 avril 2026 15\nPr\u00e9fecture de Police\n75-2026-04-24-00001\nArr\u00eat\u00e9 n\u00b02026-00465 du 24 avril modifiant\nprovisoirement le stationnement et la circulation\ndans plusieurs voies de Paris 16\u00e8me et de\nBoulogne-Billancourt \u00e0 l'occasion de la rencontre\nde football entre les \u00e9quipes du Paris Football\nClub et du Stade Brestois le 3 mai 2026\nPr\u00e9fecture de Police - 75-2026-04-24-00001 - Arr\u00eat\u00e9 n\u00b02026-00465 du 24 avril modifiant provisoirement le stationnement et la\ncirculation dans plusieurs voies de Paris 16\u00e8me et de Boulogne-Billancourt \u00e0 l'occasion de la rencontre de football entre les \u00e9quipes du\nParis Football Club et du Stade Brestois le 3 mai 2026\n16\n=mPREFECTURE /4P>DE POLICE\nFraternit\u00e9\nCABINET DU PR\u00c9FET\nParis, le 24 avril 2026\nARR\u00caT\u00c9 N\u00b02026-00465\nmodifiant provisoirement le stationnement et la circulation dans plusieurs voies \nde Paris 16\u00e8me et de Boulogne-Billancourt \u00e0 l'occasion de la rencontre de football entre les \n\u00e9quipes du Paris Football Club et du Stade Brestois le 3 mai 2026\nLE PR\u00c9FET DE POLICE\nVu le code g\u00e9n\u00e9ral des collectivit\u00e9s territoriales, notamment ses articles L.2512-13 et  \nL.2512-14 II ;\nVu  le  code  de  la  route,  notamment  ses  articles  L.325-1  \u00e0  L.325-3,  R.411-8  et\nR.411-25\u00a0;\nVu le code de l'action sociale et des familles, notamment son article L.241-3\u00a0;\nVu l'avis de la Ville de Paris en date du 17 avril 2026 ;\nVu l'avis de la Ville de Boulogne-Billancourt en date du 17 avril 2026 ;\nConsid\u00e9rant l'organisation de la rencontre entre les \u00e9quipes du Paris Football Club et  \ndu stade Brestois dans  le cadre de la 32 \u00e8me journ\u00e9e de la Ligue 1 de football, qui se d\u00e9roulera  \nle 3 mai 2026 au stade Jean Bouin \u00e0 Paris 16\u00e8me\u00a0;\nConsid\u00e9rant  que pour  assurer  le  bon  d\u00e9roulement  de cet  \u00e9v\u00e8nement  ainsi  que  la  \ns\u00e9curit\u00e9 du public et des participants, il convient de prendre des mesures de restriction du  \nstationnement et de la circulation le 3 mai 2026, dans plusieurs voies de Paris 16 \u00e8me et de  \nBoulogne-Billancourt\u00a0;\nSur proposition du directeur de l'ordre public et de la circulation\u00a0:\nA R R E T E \nArticle 1  er  \nLe stationnement de tout type de v\u00e9hicule est interdit le 3 mai 2026 de 08h00 \u00e0 21h00, \ndans les voies et portions de voies suivantes de Paris 16\u00e8me et de Boulogne-Billancourt\u00a0:\n- rue Nungesser et Coli, entre l'avenue de la Porte Molitor et la place de l'Europe\u00a0;\n- all\u00e9e Charles Brennus\u00a0;\n- rue du Commandant Guilbaud, de la place de l'Europe \u00e0 la rue du Parc\u00a0;\n- place de l'Europe\u00a0;\n- rue Claude Farr\u00e8re\u00a0;\nPr\u00e9fecture de Police - 75-2026-04-24-00001 - Arr\u00eat\u00e9 n\u00b02026-00465 du 24 avril modifiant provisoirement le stationnement et la\ncirculation dans plusieurs voies de Paris 16\u00e8me et de Boulogne-Billancourt \u00e0 l'occasion de la rencontre de football entre les \u00e9quipes du\nParis Football Club et du Stade Brestois le 3 mai 2026\n17\n- rue Joseph Bernard, de la rue de La Tourelle \u00e0 la rue Nungesser et Coli ; \n- avenue de la porte Molitor, c\u00f4t\u00e9 impair, entre la rue Nungesser et Coli et le boule -\nvard d'Auteuil ;\n- place de la porte Molitor entre l'avenue de la porte Molitor et l'avenue du G\u00e9n\u00e9ral  \nSarrail.\nCes voies et portions de voies figurent en annexe 2 au pr\u00e9sent arr\u00eat\u00e9.\nArticle 2\nLa circulation de tout type de v\u00e9hicule est interdite le 3 mai 2026 de 14h15 \u00e0 21h00,  \ndans les voies et portions de voies suivantes de Paris 16\u00e8me et de Boulogne-Billancourt\u00a0:\n- rue Nungesser et Coli, entre l'avenue de la Porte Molitor et la place de l'Europe\u00a0;\n- all\u00e9e Charles Brennus\u00a0;\n- avenue du G\u00e9n\u00e9ral Sarrail, entre la rue Raffa\u00eblli et la rue Lecomte du No\u00fcy\u00a0;\n- rue Lecomte du No\u00fcy\u00a0;\n- avenue du Parc des Princes,\u00a0entre l'avenue du G\u00e9n\u00e9ral Sarrail et la rue de l'Arioste\u00a0;\n- rue du Commandant Guilbaud, entre la place de l'Europe et la rue du Parc\u00a0;\n- place de l'Europe\u00a0;\n- rue Claude Farr\u00e8re\u00a0;\n- rue Joseph Bernard, de la rue de la Tourelle \u00e0 la rue Nungesser et Coli ;\n- place de l'Europe, entre la rue de la Tourelle et le rond-point de la place de l'Eu -\nrope.\nCes voies et portions de voies figurent en annexe 2 au pr\u00e9sent arr\u00eat\u00e9.\nArticle 3\nSeuls les v\u00e9hicules des personnes titulaires de la carte \u00ab \u00a0mobilit\u00e9 inclusion\u00a0\u00bb portant la \nmention \u00ab\u00a0stationnement pour personnes handicap\u00e9es \u00a0\u00bb, telle que mentionn\u00e9e dans l'article  \nL.241-3 du code de l'action sociale et des familles, sont autoris\u00e9s \u00e0 stationner et \u00e0 circuler rue  \ndu Commandant Guilbaud, de la place de l'Europe \u00e0 la rue du Parc, \u00e0 Paris 16 \u00e8me, lors des  \nplages horaires pr\u00e9cit\u00e9es.\nArticle 4\nSans pr\u00e9judice des sanctions p\u00e9nales auxquelles s'exposent les personnes en infraction \navec les dispositions du pr\u00e9sent arr\u00eat\u00e9, les v\u00e9hicules ayant servi \u00e0 commettre ces infractions  \npeuvent \u00eatre immobilis\u00e9s et mis en fourri\u00e8re dans les conditions pr\u00e9vues aux articles L.325-1 \u00e0  \nL.325-3 du code de la route.\nArticle 5\n          2\nPr\u00e9fecture de Police - 75-2026-04-24-00001 - Arr\u00eat\u00e9 n\u00b02026-00465 du 24 avril modifiant provisoirement le stationnement et la\ncirculation dans plusieurs voies de Paris 16\u00e8me et de Boulogne-Billancourt \u00e0 l'occasion de la rencontre de football entre les \u00e9quipes du\nParis Football Club et du Stade Brestois le 3 mai 2026\n18\nLes  dispositions  du  pr\u00e9sent  arr\u00eat\u00e9  ne  sont  pas  applicables  aux  v\u00e9hicules  d'int\u00e9r\u00eat \ng\u00e9n\u00e9ral prioritaires au sens des dispositions de l'article R.311-1 6.5 du code de la route.\nArticle 6\nLe  directeur  de  l'ordre  public  et  de  la  circulation,  le  directeur  de  la  s\u00e9curit\u00e9  de  \nproximit\u00e9 de l'agglom\u00e9ration parisienne de la pr\u00e9fecture de Police, le directeur de la voirie et  \ndes d\u00e9placements et le directeur de la police municipale et de la pr\u00e9vention de la Ville de  \nParis sont charg\u00e9s, chacun en ce qui le concerne, de l'ex\u00e9cution du pr\u00e9sent arr\u00eat\u00e9 qui entrera  \nen vigueur \u00e0 compter de son affichage aux portes de la pr\u00e9fecture de Police (1 rue de Lut\u00e8ce).  \nIl sera \u00e9galement affich\u00e9 aux portes de la mairie et du commissariat de l'arrondissement  \nconcern\u00e9 et sera publi\u00e9 au recueil des actes administratifs de la pr\u00e9fecture de la r\u00e9gion d'\u00cele-\nde-France, pr\u00e9fecture de Paris et de la pr\u00e9fecture de Police et sur le site internet de la  \npr\u00e9fecture de Police de Paris : www.prefecturedepolice.interieur.gouv.fr.\nPour le pr\u00e9fet de Police,\nLe sous-pr\u00e9fet, directeur adjoint \nde cabinet,\nS I G N \u00c9\nCharles BARBIER\n          3\nPr\u00e9fecture de Police - 75-2026-04-24-00001 - Arr\u00eat\u00e9 n\u00b02026-00465 du 24 avril modifiant provisoirement le stationnement et la\ncirculation dans plusieurs voies de Paris 16\u00e8me et de Boulogne-Billancourt \u00e0 l'occasion de la rencontre de football entre les \u00e9quipes du\nParis Football Club et du Stade Brestois le 3 mai 2026\n19\nANNEXE 1 A L'ARRETE N\u00b02026-00465      du    24 avril 2026   \nVOIES ET D\u00c9LAIS DE RECOURS\n_______________________\nSi vous estimez devoir contester la pr\u00e9sente d\u00e9cision, il vous est possible, dans un d\u00e9lai de  \ndeux mois \u00e0 compter de la date de son affichage\u00a0:\n- soit de saisir d'un RECOURS GRACIEUX\nle pr\u00e9fet de Police de Paris\n7/9, boulevard du Palais - 75195 PARIS RP\n- ou de former un RECOURS HI\u00c9RARCHIQUE\n  aupr\u00e8s du ministre de l'Int\u00e9rieur \n  Direction des libert\u00e9s publiques et des affaires juridiques\n  place Beauvau - 75008 PARIS\n- soit de saisir d'un RECOURS CONTENTIEUX\nle tribunal administratif comp\u00e9tent\nAucune de ces voies et recours ne suspend l'application de la pr\u00e9sente d\u00e9cision.\nLes recours GRACIEUX et HI\u00c9RARCHIQUE doivent \u00eatre \u00e9crits, exposer les arguments ou faits  \nnouveaux et comprendre la copie de la d\u00e9cision contest\u00e9e.\nLe  recours  contentieux,  qui  vise  \u00e0  contester  la  L\u00c9GALIT\u00c9  de  la  pr\u00e9sente  d\u00e9cision,  doit  \n\u00e9galement \u00eatre \u00e9crit et exposer votre argumentation juridique.\nSi vous n'aviez pas de r\u00e9ponse \u00e0 votre recours GRACIEUX ou HI\u00c9RARCHIQUE dans un d\u00e9lai  \nde  deux  mois  \u00e0  compter  de  la  r\u00e9ception  de  votre  recours  par  l'administration,  votre  \ndemande devra \u00eatre consid\u00e9r\u00e9e comme rejet\u00e9e (d\u00e9cision implicite de rejet).\nEn cas de rejet des RECOURS GRACIEUX ou HI\u00c9RARCHIQUE, le tribunal administratif peut  \n\u00eatre saisi d'un recours contentieux dans le d\u00e9lai de deux mois \u00e0 compter de la date de la  \nd\u00e9cision de rejet.\n          4\nPr\u00e9fecture de Police - 75-2026-04-24-00001 - Arr\u00eat\u00e9 n\u00b02026-00465 du 24 avril modifiant provisoirement le stationnement et la\ncirculation dans plusieurs voies de Paris 16\u00e8me et de Boulogne-Billancourt \u00e0 l'occasion de la rencontre de football entre les \u00e9quipes du\nParis Football Club et du Stade Brestois le 3 mai 2026\n20\nEs =PREFECTURE se. DIRECTION DEDE POLICE L'ORDRE PUBLICET DE LA CIRCULATION\nSTADE JEAN BOUIN(OT\nLe Dimanche 03 Mai 2026 de 08h00 \u00e0 21h00T3 INTERDICTIONDE CIRCULATIONLe Dimanche 03 Mai 2026 de 14h15 \u00e0 21h00\nVcA F a= 4 |\nA 'a \\ pe ne ? '= A ~ , Ny|Oe\u00ae - is ib B\nANNEXE 2 A L'ARR\u00caT\u00c9 N\u00b02026-00465      du 24 avril 2026\n          5\nPr\u00e9fecture de Police - 75-2026-04-24-00001 - Arr\u00eat\u00e9 n\u00b02026-00465 du 24 avril modifiant provisoirement le stationnement et la\ncirculation dans plusieurs voies de Paris 16\u00e8me et de Boulogne-Billancourt \u00e0 l'occasion de la rencontre de football entre les \u00e9quipes du\nParis Football Club et du Stade Brestois le 3 mai 2026\n21\nPr\u00e9fecture de Police\n75-2026-04-24-00005\nArr\u00eat\u00e9 n\u00b02026-00466 du 24 avril 2026 cr\u00e9ant une\naire pi\u00e9tonne temporaire dans certaines voies du\n8\u00e8me arrondissement de Paris \u00e0 l'occasion de la\nmanifestation  \u00a0pi\u00e9tonisation des\nChamps-\u00c9lys\u00e9es\u00a0\u00bb le 3 mai 2026 \nPr\u00e9fecture de Police - 75-2026-04-24-00005 - Arr\u00eat\u00e9 n\u00b02026-00466 du 24 avril 2026 cr\u00e9ant une aire pi\u00e9tonne temporaire dans\ncertaines voies du 8\u00e8me arrondissement de Paris \u00e0 l'occasion de la manifestation  \u00a0pi\u00e9tonisation des Champs-\u00c9lys\u00e9es\u00a0\u00bb le 3 mai 2026 22\nPREFECTUREDE POLICELibert\u00e9Egalit\u00e9Fraternit\u00e9\nai\nCABINET DU PR\u00c9FET\nParis, le 24 avril 2026\nARRETE N\u00b0 2026 - 00466\ncr\u00e9ant une aire pi\u00e9tonne temporaire dans certaines voies du 8\u00e8me arrondissement de Paris\n\u00e0 l'occasion de la manifestation \u00ab\u00a0pi\u00e9tonnisation des Champs-\u00c9lys\u00e9es\u00a0\u00bb\nle 3 mai 2026 \nLE PR\u00c9FET DE POLICE\nVu le code g\u00e9n\u00e9ral des collectivit\u00e9s territoriales, notamment ses articles L.2512-13  \net L.2512-14\u00a0;\nVu  le  code  de  la  route,  notamment  ses  articles  L.325-1  \u00e0  L.325-3,  R.411-8  et\nR.411-25\u00a0;\nVu le code des transports, notamment ses articles L. 3111-14 et L. 3121-1\u00a0;\nVu  le  v\u0153u  de  l'ex\u00e9cutif  relatif  \u00e0  l'apaisement  de  l'espace  public  et  \u00e0  la  \npi\u00e9tonnisation des rues de Paris adopt\u00e9 au Conseil de Paris des 15 et 16 f\u00e9vrier 2016\u00a0;\nVu l'avis de la Ville de Paris en date du 17 avril 2026 ;\nConsid\u00e9rant  que  la  Ville  de  Paris  organise  le  3  mai  2026  la  \u00ab \u00a0pi\u00e9tonnisation \ndes Champs-Elys\u00e9es\u00a0\u00bb, manifestation festive dans certaines voies de la capitale\u00a0;\nConsid\u00e9rant que la tenue de cet \u00e9v\u00e8nement implique de prendre des mesures  \nprovisoires  de  circulation  n\u00e9cessaires  \u00e0  son  bon  d\u00e9roulement  et  \u00e0  la  s\u00e9curit\u00e9  \ndes participants et du public\u00a0;\nSur proposition du pr\u00e9fet, directeur de cabinet :\nA R R E T E \nArticle 1  er     \nIl  est  cr\u00e9\u00e9  le  3  mai  2026,  de  11h00  \u00e0  18h00,  une  aire  pi\u00e9tonne  temporaire  \u00e0  \nl'int\u00e9rieur du p\u00e9rim\u00e8tre form\u00e9 par les voies suivantes du 8 \u00e8me\u00a0arrondissement : rue Ars\u00e8ne \nHoussaye, rue Lord Byron, rue Chateaubriand, rue Washington, rue d'Artois, rue de Berri,  \nrue de Ponthieu, avenue Franklin D. Roosevelt, rond-point des Champs Elys\u00e9es-Marcel  \nDassault (partie Ouest), avenue Montaigne, rue Fran\u00e7ois 1 er, avenue George V, rue Vernet, \navenue Marceau et rue de Presbourg.\nLa circulation des v\u00e9hicules \u00e0 moteur est interdite \u00e0 l'int\u00e9rieur de ce p\u00e9rim\u00e8tre  \npendant la dur\u00e9e de la manifestation.\nPr\u00e9fecture de Police - 75-2026-04-24-00005 - Arr\u00eat\u00e9 n\u00b02026-00466 du 24 avril 2026 cr\u00e9ant une aire pi\u00e9tonne temporaire dans\ncertaines voies du 8\u00e8me arrondissement de Paris \u00e0 l'occasion de la manifestation  \u00a0pi\u00e9tonisation des Champs-\u00c9lys\u00e9es\u00a0\u00bb le 3 mai 2026 23\nL'interdiction de circulation ne s'applique pas aux voies pr\u00e9cit\u00e9es d\u00e9limitant le  \np\u00e9rim\u00e8tre.\nArticle 2\nSans  pr\u00e9judice  des  sanctions  p\u00e9nales  auxquelles  s'exposent  les  personnes  en  \ninfraction avec les dispositions du pr\u00e9sent arr\u00eat\u00e9, les v\u00e9hicules ayant servi \u00e0 commettre  \nces infractions peuvent \u00eatre immobilis\u00e9s et mis en fourri\u00e8re dans les conditions pr\u00e9vues  \naux articles L.325-1 \u00e0 L.325-3 du code de la route.\nArticle 3\nDans les p\u00e9rim\u00e8tres et les voies pr\u00e9cit\u00e9s, les dispositions portant interdiction de la  \ncirculation  de  tout  v\u00e9hicule  motoris\u00e9  ne  sont  pas  applicables aux  v\u00e9hicules  d'int\u00e9r\u00eat \ng\u00e9n\u00e9ral prioritaires au sens des dispositions de l'article R.311-1 6.5 du code de la route.\nArticle 4\nLe directeur de l'ordre public et de la circulation, le directeur de la s\u00e9curit\u00e9 de  \nproximit\u00e9 de l'agglom\u00e9ration parisienne de la Pr\u00e9fecture de Police, le directeur de la  \nvoirie et des d\u00e9placements et le directeur de la police municipale et de la pr\u00e9vention de  \nla Ville de Paris sont charg\u00e9s, chacun en ce qui le concerne, de l'ex\u00e9cution du pr\u00e9sent  \narr\u00eat\u00e9 qui entrera en vigueur \u00e0 compter de son affichage aux portes de la pr\u00e9fecture de  \npolice  (1  rue  de  Lut\u00e8ce).  Il  sera  \u00e9galement  affich\u00e9  aux  portes  de  la  mairie  et  du  \ncommissariat  de  l'arrondissement  concern\u00e9  et  sera  publi\u00e9  au  recueil  des  actes  \nadministratifs de la pr\u00e9fecture de la r\u00e9gion d'\u00cele-de-France, pr\u00e9fecture de Paris et de la  \npr\u00e9fecture  de  police  et  sur  le  site  internet  de  la  pr\u00e9fecture  de  police  de  Paris \u00a0: \nwww.prefecturedepolice.interieur.gouv.fr.\nPour le Pr\u00e9fet de Police,\nLe Sous-Pr\u00e9fet, Directeur \nAdjoint du Cabinet\nSign\u00e9\nCharles BARBIER\nARRETE N\u00b0 2026 - 00466\nPr\u00e9fecture de Police - 75-2026-04-24-00005 - Arr\u00eat\u00e9 n\u00b02026-00466 du 24 avril 2026 cr\u00e9ant une aire pi\u00e9tonne temporaire dans\ncertaines voies du 8\u00e8me arrondissement de Paris \u00e0 l'occasion de la manifestation  \u00a0pi\u00e9tonisation des Champs-\u00c9lys\u00e9es\u00a0\u00bb le 3 mai 2026 24\nANNEXE \u00c0 L'ARR\u00caT\u00c9 N\u00b0 2026 \u2013 00466 DU 24 AVRIL 2026\nVOIES ET D\u00c9LAIS DE RECOURS\n_______________________\nSi vous estimez devoir contester la pr\u00e9sente d\u00e9cision, il vous est possible, dans un  \nd\u00e9lai de deux mois \u00e0 compter de la date de son affichage\u00a0:\n- soit de saisir d'un RECOURS GRACIEUX\nle pr\u00e9fet de Police de Paris\n7/9, boulevard du Palais - 75195 PARIS RP\n- ou de former un RECOURS HI\u00c9RARCHIQUE\naupr\u00e8s du ministre de l'Int\u00e9rieur\nDirection des libert\u00e9s publiques et des affaires juridiques\nplace Beauvau - 75008 PARIS\n- soit de saisir d'un RECOURS CONTENTIEUX\nle tribunal administratif comp\u00e9tent\nAucune de ces voies et recours ne suspend l'application de la pr\u00e9sente d\u00e9cision.\nLes  recours  GRACIEUX  et  HI\u00c9RARCHIQUE  doivent  \u00eatre  \u00e9crits,  exposer  les  \narguments ou faits nouveaux et comprendre la copie de la d\u00e9cision contest\u00e9e.\nLe recours contentieux, qui vise \u00e0 contester la L\u00c9GALIT\u00c9 de la pr\u00e9sente d\u00e9cision,  \ndoit \u00e9galement \u00eatre \u00e9crit et exposer votre argumentation juridique.\nSi vous n'aviez pas de r\u00e9ponse \u00e0 votre recours GRACIEUX ou HI\u00c9RARCHIQUE dans  \nun d\u00e9lai de deux mois \u00e0 compter de la r\u00e9ception de votre recours par l'administration,  \nvotre demande devra \u00eatre consid\u00e9r\u00e9e comme rejet\u00e9e (d\u00e9cision implicite de rejet).\nEn  cas  de  rejet  des  RECOURS  GRACIEUX  ou  HI\u00c9RARCHIQUE,  le  tribunal  \nadministratif  peut  \u00eatre  saisi  d'un  recours  contentieux  dans  le  d\u00e9lai  de  deux  mois  \u00e0  \ncompter de la date de la d\u00e9cision de rejet.\nARRETE N\u00b0 2026 - 00466\nPr\u00e9fecture de Police - 75-2026-04-24-00005 - Arr\u00eat\u00e9 n\u00b02026-00466 du 24 avril 2026 cr\u00e9ant une aire pi\u00e9tonne temporaire dans\ncertaines voies du 8\u00e8me arrondissement de Paris \u00e0 l'occasion de la manifestation  \u00a0pi\u00e9tonisation des Champs-\u00c9lys\u00e9es\u00a0\u00bb le 3 mai 2026 25\nPlan\u00a0 \u00a0\u00a0\u00a0\u00a0:\u00a0pi\u00e9tonnisation\u00a0de\u00a0l'avenue\u00a0des\u00a0Champs-Elys\u00e9es\u00a0le\u00a03\u00a0mai\u00a02026\u00a0 \u00a0\nL\u00e9gende\u00a0:\n\u00a0\u00a0\u00a0\u00a0\u00a0\u00a0\u00a0\u00a0\u00a0\u00a0\u00a0\u00a0\u00a0\u00a0\u00a0circulation\u00a0interdite\u00a0sur\u00a0ce\u00a0p\u00e9rim\u00e8tre,\u00a0de\u00a011h00\u00a0\u00e0\u00a018h00\nARRETE N\u00b0 2026 - 00466\nPr\u00e9fecture de Police - 75-2026-04-24-00005 - Arr\u00eat\u00e9 n\u00b02026-00466 du 24 avril 2026 cr\u00e9ant une aire pi\u00e9tonne temporaire dans\ncertaines voies du 8\u00e8me arrondissement de Paris \u00e0 l'occasion de la manifestation  \u00a0pi\u00e9tonisation des Champs-\u00c9lys\u00e9es\u00a0\u00bb le 3 mai 2026 26\nPr\u00e9fecture de Police\n75-2026-04-24-00003\nArr\u00eat\u00e9 n\u00b02026-00467 du 24 avril 2026 modifiant\nprovisoirement la circulation rue de Grenelle \u00e0\nParis 7\u00e8me les 7, 14 et 21 mai 2026\nPr\u00e9fecture de Police - 75-2026-04-24-00003 - Arr\u00eat\u00e9 n\u00b02026-00467 du 24 avril 2026 modifiant provisoirement la circulation rue de\nGrenelle \u00e0 Paris 7\u00e8me les 7, 14 et 21 mai 2026 27\n\u00e0\ni/\\\nUhl1]ny llanil\ni\nCabinet du Pr\u00e9fet  \n \n \nParis, le 24 avril 2026        \nARRETE N\u00b0 2026 - 00467 \nmodifiant provisoirement la circulation \nrue de Grenelle \u00e0 Paris 7 \u00e8me  \nles 7, 14 et 21 mai 2026 \n \nLE PREFET DE POLICE,  \nVu le code g\u00e9n\u00e9ral des collectivit\u00e9s territoriales, notamment ses articles \nL.2512-13 et L.2512-14  ; \nVu le code de la route, notamment ses articles L.325-1 \u00e0 L.325-3, R.411-8 et                \nR.411-25 ; \nVu l'avis de la Ville de Paris en date du 21 avril 2026 ; \nConsid\u00e9rant l'ach\u00e8vement de l'exposition \u00ab GELUCK EXPOSE LE CHAT \u00bb le 3 mai 2026 \nainsi que l'organisation de l'exposition \u00ab GIANNI VERSACE RETROSPECTIVE \u00bb \u00e0 partir du 5 \njuin 2026 au mus\u00e9e Maillol \u00e0 Paris 7 \u00e8me  ; \nConsid\u00e9rant que ces manifestations culturelles impliquent de prendre des mesures \nprovisoires et adapt\u00e9es de circulation n\u00e9cessaires \u00e0 leur bon d\u00e9roulement  ; \nSur proposition du pr\u00e9fet, directeur de cabinet  : \nA R R E T E :  \nArticle 1 er   \nLa circulation de tout type de v\u00e9hicule est interdite rue de Grenelle \u00e0 Paris 7 \u00e8me , entre \nla rue du Bac et le boulevard Raspail, aux dates et horaires indiqu\u00e9s ci-apr\u00e8s : \n \n- le 7 mai 2026 de 07h00 \u00e0 13h00 ;  \n- le 14 mai 2026 de 08h00 \u00e0 13h00 ; \n- le 21 mai 2026 de 09h30 \u00e0 14h30.  \n \nArticle 2 \nLes dispositions du pr\u00e9sent arr\u00eat\u00e9 ne sont pas applicables aux v\u00e9hicules d'int\u00e9r\u00eat \ng\u00e9n\u00e9ral prioritaires au sens des dispositions de l'article R.311-1 6.5 du code de la route. \nPr\u00e9fecture de Police - 75-2026-04-24-00003 - Arr\u00eat\u00e9 n\u00b02026-00467 du 24 avril 2026 modifiant provisoirement la circulation rue de\nGrenelle \u00e0 Paris 7\u00e8me les 7, 14 et 21 mai 2026 28\n \nArticle  3 \nSans pr\u00e9judice des sanctions p\u00e9nales auxquelles s'exposent les personnes en \ninfraction avec les dispositions du pr\u00e9sent arr\u00eat\u00e9, les v\u00e9hicules ayant servi \u00e0 commettre \nces infractions peuvent \u00eatre immobilis\u00e9s et mis en fourri\u00e8re dans les conditions pr\u00e9vues \naux articles L.325-1 \u00e0 L.325-3 du code de la route. \nArticle  4 \nLe directeur de l'ordre public et de la circulation, le directeur de la s\u00e9curit\u00e9 de \nproximit\u00e9 de l'agglom\u00e9ration parisienne de la Pr\u00e9fecture de Police, le directeur de la \nvoirie et des d\u00e9placements et le directeur de la police municipale et de la pr\u00e9vention de \nla Ville de Paris sont charg\u00e9s, chacun en ce qui le concerne, de l'ex\u00e9cution du pr\u00e9sent \narr\u00eat\u00e9 qui entrera en vigueur \u00e0 compter de son affichage aux portes de la pr\u00e9fecture de \npolice (1 rue de Lut\u00e8ce). Il sera \u00e9galement affich\u00e9 aux portes de la mairie et du \ncommissariat des arrondissements concern\u00e9s et sera publi\u00e9 au recueil des actes \nadministratifs de la pr\u00e9fecture de la r\u00e9gion d'\u00cele-de-France, pr\u00e9fecture de Paris et de la \npr\u00e9fecture de police et sur le site internet de la pr\u00e9fecture de police de Paris : \nwww.prefecturedepolice.interieur.gouv.fr .  \n \nPour le Pr\u00e9fet de Police, \nLe Sous-Pr\u00e9fet,  \nDirecteur Adjoint du Cabinet \nSign\u00e9 \nCharles BARBIER \n \n \n \n \n \n \n \n \n \n \n \n \n \nPr\u00e9fecture de Police - 75-2026-04-24-00003 - Arr\u00eat\u00e9 n\u00b02026-00467 du 24 avril 2026 modifiant provisoirement la circulation rue de\nGrenelle \u00e0 Paris 7\u00e8me les 7, 14 et 21 mai 2026 29\n \n \nANNEXE A L 'ARRETE N \u00b0  2026  - 00467  DU 24  AVRIL 2026                               \n  \n \nVOIES ET DELAIS DE RECOURS  \n_______________________ \n \nSi vous estimez devoir contester la pr\u00e9sente d\u00e9cision, il vous est possible, dans \nun d\u00e9lai de deux mois \u00e0 compter de la date de son affichage  : \n- soit de saisir d'un RECOURS GRACIEUX \nle Pr\u00e9fet de Police \n7/9, boulevard du Palais - 75195 PARIS RP \n \n- ou de former un RECOURS HIERARCHIQUE \naupr\u00e8s du Ministre de l'int\u00e9rieur et des Outre-Mers \nDirection des libert\u00e9s publiques et des affaires juridiques \nplace Beauvau - 75008 PARIS \n \n- soit de saisir d'un RECOURS CONTENTIEUX \nle Tribunal administratif comp\u00e9tent \n \nAucune de ces voies et recours ne suspend l'application de la pr\u00e9sente \nd\u00e9cision. \nLes recours GRACIEUX et HIERARCHIQUE doivent \u00eatre \u00e9 crits, exposer les \narguments ou faits nouveaux et comprendre la copie de la d\u00e9cision contest\u00e9e. \nLe recours contentieux, qui vise \u00e0 contester la LEGALITE de la pr\u00e9sente \nd\u00e9cision, doit \u00e9galement \u00eatre \u00e9crit et exposer votre argumentation juridique. \nSi vous n'aviez pas de r\u00e9ponse \u00e0 votre recours GRACIEUX ou HIERARCHIQUE \ndans un d\u00e9lai de deux mois \u00e0 compter de la r\u00e9ceptio n de votre recours par \nl'administration, votre demande devra \u00eatre consid\u00e9r\u00e9e comme rejet\u00e9e (d\u00e9cision \nimplicite de rejet). \nEn cas de rejet des RECOURS GRACIEUX ou HIERARCHIQU E, le Tribunal \nadministratif peut \u00eatre saisi d'un recours contentieux dans le d\u00e9lai de deux mois \u00e0 \ncompter de la date de la d\u00e9cision de rejet. \n \nPr\u00e9fecture de Police - 75-2026-04-24-00003 - Arr\u00eat\u00e9 n\u00b02026-00467 du 24 avril 2026 modifiant provisoirement la circulation rue de\nGrenelle \u00e0 Paris 7\u00e8me les 7, 14 et 21 mai 2026 30\nPr\u00e9fecture de Police\n75-2026-04-24-00002\nArr\u00eat\u00e9 n\u00b02026-00468 du 24 avril 2026 modifiant\nprovisoirement la circulation boulevard Lannes \u00e0\nParis 16\u00e8me le 28 avril 2026\nPr\u00e9fecture de Police - 75-2026-04-24-00002 - Arr\u00eat\u00e9 n\u00b02026-00468 du 24 avril 2026 modifiant provisoirement la circulation boulevard\nLannes \u00e0 Paris 16\u00e8me le 28 avril 2026 31\nPREFECTUREDE POLICELibert\u00e9Egalit\u00e9Fraternit\u00e9\nG\nCabinet du Pr\u00e9fet\nParis, le 24 avril 2026 \nA R R E T E   N  \u00b0 2026 - 00468\nmodifiant provisoirement la circulation \nboulevard Lannes \u00e0 Paris 16\u00e8me \nle 28 avril 2026\nLE PREFET DE POLICE,\nVu  le  code  g\u00e9n\u00e9ral  des  collectivit\u00e9s  territoriales,  notamment  ses  articles\nL.2512-13 et L.2512-14\u00a0;\nVu  le  code  de  la  route,  notamment  ses  articles  L.325-1  \u00e0  L.325-3,  R.411-8  et  \nR.411-25\u00a0;\nVu l'avis de la Ville de Paris en date du 21 avril 2026 ;\nConsid\u00e9rant le tournage de la s\u00e9rie t\u00e9l\u00e9vis\u00e9e \u00ab ROBIN \u00bb qui se d\u00e9roulera le 28 avril  \n2026, \u00e0 Paris 16\u00e8me ;\nConsid\u00e9rant que pour garantir le bon d\u00e9roulement de ce tournage, il convient de  \nmodifier  provisoirement  les  r\u00e8gles  de  circulation  boulevard  Lannes  \u00e0  Paris  16 \u00e8me \narrondissement le 28 avril 2026 ;\nSur proposition du pr\u00e9fet, directeur de cabinet\u00a0:\nA R R E T E :\nArticle 1  er  \n La circulation de tout type de v\u00e9hicule est interdite boulevard Lannes \u00e0 Paris 16 \u00e8me, \nentre le n\u00b0 67 et le n\u00b0 71, le 28 avril 2026 aux horaires suivants :\n- de 09h00 \u00e0 11h00 ;\n- de 19h00 \u00e0 21h00.\nA  rticle 2\nLes dispositions du pr\u00e9sent arr\u00eat\u00e9 ne sont pas applicables aux v\u00e9hicules d'int\u00e9r\u00eat  \ng\u00e9n\u00e9ral prioritaires au sens des dispositions de l'article R.311-1 6.5 du code de la route.\nPr\u00e9fecture de Police - 75-2026-04-24-00002 - Arr\u00eat\u00e9 n\u00b02026-00468 du 24 avril 2026 modifiant provisoirement la circulation boulevard\nLannes \u00e0 Paris 16\u00e8me le 28 avril 2026 32\nArticle   3  \nSans  pr\u00e9judice  des  sanctions  p\u00e9nales  auxquelles  s'exposent  les  personnes  en  \ninfraction avec les dispositions du pr\u00e9sent arr\u00eat\u00e9, les v\u00e9hicules ayant servi \u00e0 commettre  \nces infractions peuvent \u00eatre immobilis\u00e9s et mis en fourri\u00e8re dans les conditions pr\u00e9vues  \naux articles L.325-1 \u00e0 L.325-3\u00a0du code de la route.\nArticle   4  \nLe  directeur  de  l'ordre  public  et  de  la  circulation,  le  directeur  de  la  s\u00e9curit\u00e9  de \nproximit\u00e9 de l'agglom\u00e9ration parisienne de la Pr\u00e9fecture de Police, le directeur de la voirie et \ndes d\u00e9placements et le directeur de la police municipale et de la pr\u00e9vention de la Ville de Paris \nsont charg\u00e9s, chacun en ce qui le concerne, de l'ex\u00e9cution du pr\u00e9sent arr\u00eat\u00e9 qui entrera en \nvigueur \u00e0 compter de son affichage aux portes de la pr\u00e9fecture de police (1 rue de Lut\u00e8ce). Il \nsera \u00e9galement affich\u00e9 aux portes de la mairie et du commissariat des arrondissements  \nconcern\u00e9s et sera publi\u00e9 au recueil des actes administratifs de la pr\u00e9fecture de la r\u00e9gion d'\u00cele-\nde-France, pr\u00e9fecture de Paris et de la pr\u00e9fecture de police et sur le site internet de la  \npr\u00e9fecture de police de Paris : www.prefecturedepolice.interieur.gouv.fr. \nPour le Pr\u00e9fet de Police,\nLe Sous-Pr\u00e9fet, Directeur \nAdjoint  du Cabinet\nSign\u00e9\nCharles BARBIER\nPr\u00e9fecture de Police - 75-2026-04-24-00002 - Arr\u00eat\u00e9 n\u00b02026-00468 du 24 avril 2026 modifiant provisoirement la circulation boulevard\nLannes \u00e0 Paris 16\u00e8me le 28 avril 2026 33\nANNEXE \u00c0 L'ARR\u00caT\u00c9 N\u00b0  2026 - 00468 DU  24 AVRIL 2026 \nVOIES ET DELAIS DE RECOURS\n_______________________\nSi vous estimez devoir contester la pr\u00e9sente d\u00e9cision, il vous est possible, dans  \nun d\u00e9lai de deux mois \u00e0 compter de la date de son affichage\u00a0:\n- soit de saisir d'un RECOURS GRACIEUX\nle Pr\u00e9fet de Police\n7/9, boulevard du Palais - 75195 PARIS RP\n- ou de former un RECOURS HIERARCHIQUE\naupr\u00e8s du Ministre de l'int\u00e9rieur\nDirection des libert\u00e9s publiques et des affaires juridiques\nplace Beauvau - 75008 PARIS\n- soit de saisir d'un RECOURS CONTENTIEUX\nle Tribunal administratif comp\u00e9tent\nAucune  de  ces  voies  et  recours  ne  suspend  l'application  de  la  pr\u00e9sente  \nd\u00e9cision.\nLes  recours  GRACIEUX  et  HIERARCHIQUE  doivent  \u00eatre  \u00e9crits,  exposer  les  \narguments ou faits nouveaux et comprendre la copie de la d\u00e9cision contest\u00e9e.\nLe  recours  contentieux,  qui  vise  \u00e0  contester  la  LEGALITE  de  la  pr\u00e9sente  \nd\u00e9cision, doit \u00e9galement \u00eatre \u00e9crit et exposer votre argumentation juridique.\nSi vous n'aviez pas de r\u00e9ponse \u00e0 votre recours GRACIEUX ou HIERARCHIQUE  \ndans  un  d\u00e9lai  de  deux  mois  \u00e0  compter  de  la  r\u00e9ception  de  votre  recours  par  \nl'administration,  votre  demande  devra  \u00eatre  consid\u00e9r\u00e9e  comme  rejet\u00e9e  (d\u00e9cision  \nimplicite de rejet).\nEn  cas  de  rejet  des  RECOURS  GRACIEUX  ou  HIERARCHIQUE,  le  Tribunal  \nadministratif peut \u00eatre saisi d'un recours contentieux dans le d\u00e9lai de deux mois \u00e0  \ncompter de la date de la d\u00e9cision de rejet.\nPr\u00e9fecture de Police - 75-2026-04-24-00002 - Arr\u00eat\u00e9 n\u00b02026-00468 du 24 avril 2026 modifiant provisoirement la circulation boulevard\nLannes \u00e0 Paris 16\u00e8me le 28 avril 2026 34\nPr\u00e9fecture de Police\n75-2026-04-24-00010\nArr\u00eat\u00e9 n\u00b02026-00469 du 24 avril 2026 autorisant\nla captation, l'enregistrement et la transmission\nd'images au moyen de cam\u00e9ras install\u00e9es sur des\na\u00e9ronefs \u00e0 l'occasion de la demi-finale aller de la\nLigue des champions de football entre le Paris\nSaint-Germain et le FC Bayern Munich au Parc\ndes Princes le mardi 28 avril 2026\nPr\u00e9fecture de Police - 75-2026-04-24-00010 - Arr\u00eat\u00e9 n\u00b02026-00469 du 24 avril 2026 autorisant la captation, l'enregistrement et la\ntransmission d'images au moyen de cam\u00e9ras install\u00e9es sur des a\u00e9ronefs \u00e0 l'occasion de la demi-finale aller de la Ligue des champions\nde football entre le Paris Saint-Germain et le FC Bayern Munich au Parc des Princes le mardi 28 avril 2026\n35\n+a0(in\u00a5\u00e0\n \nCABINET DU PREFET  \n \n1 \n \n \nArr\u00eat\u00e9 n\u00b02026-00469  \nautorisant la captation, l'enregistrement et la transmission d'images au moyen de cam\u00e9ras \ninstall\u00e9es sur des a\u00e9ronefs \u00e0 l'occasion de la demi-finale aller de la Ligue des champions de \nfootball entre le Paris Saint-Germain et le FC Bayern Munich au Parc des Princes le mardi 28 \navril 2026  \n \n \nLe pr\u00e9fet de police,\n \n \nVu le code de la s\u00e9curit\u00e9 int\u00e9rieure, notamment ses articles L. 242-1 \u00e0 L.\n 242-8 et R. 242-8 \u00e0 \nR. 242-15 ; \n \nVu le d\u00e9cret n\u00b0 2004-374 du 29 avril 2004 modifi\u00e9 relatif aux pouvoirs des pr\u00e9fets, \u00e0 \nl'organisation et \u00e0 l'action des services de l'Etat dans les r\u00e9gions et d\u00e9partements, \nnotamment ses articles 70, 72 et 73; \n \nVu l'arr\u00eat\u00e9 du 19 avril 2023 relatif au nombre maximal de cam\u00e9ras install\u00e9es sur des a\u00e9ronefs \npouvant \u00eatre simultan\u00e9ment utilis\u00e9es dans chaque d\u00e9partement et collectivit\u00e9 d'outre-mer \n ; \n \nVu l'instruction minist\u00e9rielle NOR IOMD2311883J du 30 avril 2023 relative \u00e0 la proc\u00e9dure \nd'autorisation des cam\u00e9ras install\u00e9es sur des a\u00e9ronefs pour des missions de police \nadministrative  ; \n \nVu le d\u00e9cret du 22 octobre 2025 par lequel M. Patrice FAURE, administrateur de l'\u00c9tat du \ntroisi\u00e8me grade, directeur de cabinet du Pr\u00e9sident de la R\u00e9publique, est nomm\u00e9 pr\u00e9fet de \npolice (groupe I), \u00e0 compter du 23 octobre 2025 \n ; \n \nVu la demande en date du 16 avril 2026 form\u00e9e par la direction de l'ordre public et de la \ncirculation visant \u00e0 obtenir l'autorisation de capter, d'enregistrer et de transmettre des \nimages au moyen de deux cam\u00e9ras install\u00e9es sur des a\u00e9ronefs t\u00e9l\u00e9-pilot\u00e9s afin d'assurer la \npr\u00e9vention des atteintes \u00e0 la s\u00e9curit\u00e9 des personnes et des biens, la s\u00e9curit\u00e9 des \nrassemblements, la pr\u00e9vention d'actes de terrorisme ainsi que la r\u00e9gulation des flux de \ntransport \u00e0 l'occasion de la demi-finale aller de la Ligue des champions qui opposera le Paris \nSaint-Germain au FC Bayern Munich le mardi 28 avril 2026 au stade du Parc des princes \u00e0 \nParis 16 \n\u00e8me ; \n \nConsid\u00e9rant que les dispositions du I de l'article L. 242-5 du code de la s\u00e9curit\u00e9 int\u00e9rieure \npermettent aux forces de s\u00e9curit\u00e9 int\u00e9rieure, dans l'exercice de leurs missions de pr\u00e9vention \ndes atteintes \u00e0 l'ordre public et de protection de la s\u00e9curit\u00e9 des personnes et des biens, de \nproc\u00e9der \u00e0 la captation, \u00e0 l'enregistrement et \u00e0 la transmission d'images au moyen de \ncam\u00e9ras install\u00e9es sur des a\u00e9ronefs aux fins d'assurer la pr\u00e9vention des atteintes \u00e0 la s\u00e9curit\u00e9 \ndes personnes et des biens dans des lieux particuli\u00e8rement expos\u00e9s, la s\u00e9curit\u00e9 des \nrassemblements de personnes sur la voie publique ainsi que l'appui des personnels au sol, en \nvue de leur permettre de maintenir ou de r\u00e9tablir l'ordre public lorsque ces rassemblements \nPr\u00e9fecture de Police - 75-2026-04-24-00010 - Arr\u00eat\u00e9 n\u00b02026-00469 du 24 avril 2026 autorisant la captation, l'enregistrement et la\ntransmission d'images au moyen de cam\u00e9ras install\u00e9es sur des a\u00e9ronefs \u00e0 l'occasion de la demi-finale aller de la Ligue des champions\nde football entre le Paris Saint-Germain et le FC Bayern Munich au Parc des Princes le mardi 28 avril 2026\n36\n \n2026-00469 2 \nsont susceptibles d'entra\u00eener des troubles graves \u00e0 l'ordre public, la pr\u00e9vention d'actes de \nterrorisme et la r\u00e9gulation des flux de transport  ; \n \nConsid\u00e9rant que se tiendra le mardi 28 avril 2026 \u00e0 21h00, un match de football pour le \ncompte des demi-finales de la Ligue des champions de football au stade du Parc des Princes \n\u00e0 Paris 16 \n\u00e8me , qui opposera les \u00e9quipes du Paris-Saint-Germain et du FC Bayern Munich ; qu'\u00e0 \ncette occasion, un nombre important de supporters ainsi que des personnalit\u00e9s seront \npr\u00e9sents aux abords et \u00e0 l'int\u00e9rieur du stade  ; que dans le contexte actuel de menace tr\u00e8s \n\u00e9lev\u00e9e, cette rencontre sportive est susceptible de constituer une cible privil\u00e9gi\u00e9e et \nsymbolique pour des actes de nature terroriste  ; \n \nConsid\u00e9rant \u00e9galement que plusieurs attentats ou tentatives d'attentats r\u00e9cents traduisent \nle niveau \u00e9lev\u00e9 de la menace terroriste actuelle en France, dans le cadre du plan VIGIPIRATE \n\u00ab urgence attentat  \u00bb en vigueur sur l'ensemble du territoire national ; \n \nConsid\u00e9rant, en outre, qu'au-del\u00e0 de la seule s\u00e9curisation du match qui fait l'objet de \nmesures de police sur le fondement de l'article L. 226-1 du code de la s\u00e9curit\u00e9 int\u00e9rieure et \npour lequel un service d'ordre est mis en place par la direction de l'ordre public et de la \ncirculation, il est n\u00e9cessaire de disposer d'un moyen de surveillance permettant de s\u00e9curiser \nla voie publique en amont et en aval de cet \u00e9v\u00e8nement pour pr\u00e9venir ou mettre fin \u00e0 \nd'\u00e9ventuelles rixes entre spectateurs et personnes, \u00e0 des atteintes \u00e0 la s\u00e9curit\u00e9 des \npersonnes et des biens, se pr\u00e9munir contre d'\u00e9ventuels actes terroristes et  r\u00e9guler les flux de \ntransport autour de l'enceinte  ; \n \nConsid\u00e9rant que la demande de la direction de l'ordre public et de la circulation porte sur \nl'engagement de deux cam\u00e9ras a\u00e9roport\u00e9es qui pourront \u00eatre en vol simultan\u00e9ment en vue \nde capter, d'enregistrer et de transmettre des images  ; que les aires survol\u00e9es sont \nstrictement limit\u00e9es aux zones o\u00f9 seront mises en \u0153uvre les finalit\u00e9s susvis\u00e9es  ; que la dur\u00e9e \nde l'autorisation demand\u00e9e n'appara\u00eet pas disproportionn\u00e9e au regard de ces m\u00eames \nfinalit\u00e9s  ; \n \nConsid\u00e9rant que le recours \u00e0 des cam\u00e9ras a\u00e9roport\u00e9es permet de disposer d'une vision en \ngrand angle tout en limitant l'engagement des forces au sol, et le cas \u00e9ch\u00e9ant, d'organiser de \nmani\u00e8re r\u00e9active et efficace leur d\u00e9ploiement op\u00e9rationnel, notamment en cas de \nmouvement de foule ou d'actions violentes de groupes d'individus \n ; qu'il n'existe pas de \ndispositif moins intrusif permettant de parvenir aux m\u00eames fins  ; \n \nSur proposition du directeur de l'ordre public et de la circulation,\n \n \n \nARRETE  : \n \nArticle 1 \ner  \u2013 La captation, l'enregistrement et la transmission d'images par la direction de \nl'ordre public et de la circulation sont autoris\u00e9s \u00e0 Paris et dans les Hauts-de-Seine \u00e0 l'occasion \nde la rencontre de football susvis\u00e9e aux titres de  : \n- la pr\u00e9vention des atteintes \u00e0 la s\u00e9curit\u00e9 des personnes et des biens  ; \n- la s\u00e9curit\u00e9 des rassemblements  ; \n- la pr\u00e9vention d'actes de terrorisme  ; \nPr\u00e9fecture de Police - 75-2026-04-24-00010 - Arr\u00eat\u00e9 n\u00b02026-00469 du 24 avril 2026 autorisant la captation, l'enregistrement et la\ntransmission d'images au moyen de cam\u00e9ras install\u00e9es sur des a\u00e9ronefs \u00e0 l'occasion de la demi-finale aller de la Ligue des champions\nde football entre le Paris Saint-Germain et le FC Bayern Munich au Parc des Princes le mardi 28 avril 2026\n37\n \n2026-00469 3  \n- la r\u00e9gulation des flux de transport. \n \nArticle 2  \u2013 Le nombre maximal de cam\u00e9ras pouvant proc\u00e9der simultan\u00e9ment \u00e0 des \nenregistrements est fix\u00e9 \u00e0 2 cam\u00e9ras embarqu\u00e9es sur des a\u00e9ronefs t\u00e9l\u00e9-pilot\u00e9s.\n \n \nArticle 3  \u2013 La pr\u00e9sente autorisation s'applique au p\u00e9rim\u00e8tre g\u00e9ographique figurant sur le plan \nen annexe au pr\u00e9sent arr\u00eat\u00e9.\n \n \nArticle 4  \u2013 La pr\u00e9sente autorisation est d\u00e9livr\u00e9e du mardi 28 avril 2026 \u00e0 17h00 au mercredi \n29 avril 2026 \u00e0 01h00 pour l'ensemble des finalit\u00e9s pr\u00e9cit\u00e9es.\n \n \nArticle 5  \u2013 L'information du public est assur\u00e9e par la publication du pr\u00e9sent arr\u00eat\u00e9 aux \nrecueils des actes administratifs mentionn\u00e9s \u00e0 l'article 7, sa mise en ligne sur le site internet \nde la pr\u00e9fecture de police ainsi que par une information sur les r\u00e9seaux sociaux.\n \n \nArticle 6  \u2013 Le registre mentionn\u00e9 \u00e0 l'article L. 242-4 du code de la s\u00e9curit\u00e9 int\u00e9rieure est \ntransmis au pr\u00e9fet de police, \u00e0 l'issue de la p\u00e9riode d'autorisation.\n \n \nArticle 7 \u2013 Le pr\u00e9fet des Hauts-de-Seine, le pr\u00e9fet, directeur de cabinet du pr\u00e9fet de police \net le directeur de l'ordre public et de la circulation sont charg\u00e9s, chacun en ce qui le \nconcerne, de l'ex\u00e9cution du pr\u00e9sent arr\u00eat\u00e9 qui entrera en vigueur \u00e0 compter de son \naffichage aux portes de la pr\u00e9fecture de police, sera publi\u00e9 aux recueils des actes \nadministratifs du d\u00e9partement de Paris et de la pr\u00e9fecture des Hauts-de-Seine et consultable \nsur le site internet de la pr\u00e9fecture de police \n(\nhttps://www.prefecturedepolice.interieur.gouv.fr ). \n \n \nFait \u00e0 Paris, le 24 avril 2026  \n \n \nSIGNE \nPour le pr\u00e9fet de police \nLe sous-pr\u00e9fet, directeur adjoint de cabinet \nCharles BARBIER \n \nPr\u00e9fecture de Police - 75-2026-04-24-00010 - Arr\u00eat\u00e9 n\u00b02026-00469 du 24 avril 2026 autorisant la captation, l'enregistrement et la\ntransmission d'images au moyen de cam\u00e9ras install\u00e9es sur des a\u00e9ronefs \u00e0 l'occasion de la demi-finale aller de la Ligue des champions\nde football entre le Paris Saint-Germain et le FC Bayern Munich au Parc des Princes le mardi 28 avril 2026\n38\n \n2026-00469 4 \n \nAnnexe de l'arr\u00eat\u00e9 n\u00b02026-00469 du 24 avril 2026 \n \n \nVOIES ET D\u00c9LAIS DE RECOURS  \n_______________________  \n \n \n \nSi vous estimez devoir contester le pr\u00e9sent arr\u00eat\u00e9, il vous est possible, dans \nun d\u00e9lai de deux mois \u00e0 compter de son affichage ou de sa publication : \n \n-  soit de saisir d'un RECOURS GRACIEUX  \nle Pr\u00e9fet de Police  \n7/9, boulevard du Palais - 75195 PARIS RP  \n \n- ou de former un RECOURS HI\u00c9RARCHIQUE  \n  aupr\u00e8s du Ministre de l'int\u00e9rieur  \n  Direction des libert\u00e9s publiques et des affaires juridiques  \n  place Beauvau - 75008 PARIS  \n \n- soit de saisir d'un RECOURS CONTENTIEUX  \nle Tribunal administratif comp\u00e9tent  \n \nAucune de ces voies et recours ne suspend l'application de la pr\u00e9sente \nd\u00e9cision. \nLes recours GRACIEUX et HI\u00c9RARCHIQUE doivent \u00eatre \u00e9crits, exposer les \narguments ou faits nouveaux et comprendre la copie de l'arr\u00eat\u00e9 contest\u00e9. \nLe recours CONTENTIEUX, qui vise \u00e0 contester la L\u00c9GALIT\u00c9 de la pr\u00e9sente \nd\u00e9cision, doit \u00e9galement \u00eatre \u00e9crit et exposer votre argumentation juridique. \nSi vous n'aviez pas de r\u00e9ponse \u00e0 votre recours GRAC IEUX ou \nHI\u00c9RARCHIQUE dans un d\u00e9lai de deux mois \u00e0 compter de la r\u00e9ception de votre \nrecours par l'administration, votre demande devra \u00eatre consid\u00e9r\u00e9e comme rejet\u00e9e \n(d\u00e9cision implicite de rejet). \nEn cas de rejet des recours GRACIEUX ou HI\u00c9RARCHIQUE, le Tribunal \nadministratif peut \u00eatre saisi d'un recours contentieux dans le d\u00e9lai de deux mois \u00e0 \ncompter de la date de la d\u00e9cision de rejet. \n \n \nPr\u00e9fecture de Police - 75-2026-04-24-00010 - Arr\u00eat\u00e9 n\u00b02026-00469 du 24 avril 2026 autorisant la captation, l'enregistrement et la\ntransmission d'images au moyen de cam\u00e9ras install\u00e9es sur des a\u00e9ronefs \u00e0 l'occasion de la demi-finale aller de la Ligue des champions\nde football entre le Paris Saint-Germain et le FC Bayern Munich au Parc des Princes le mardi 28 avril 2026\n39\nnome emmener mme  mone\nDIRECTION DE L'ORDRE PUBLICET DE LA CIRCULATIONPARC DES PRINCES|Mardi 28 Avril 2026 rm(\u00e0) 21h00 : PSG - BAYERN 9ZONE SURVOL DE DRONE eae a= = \u2014= AVEDwn L = aBOULOGNEBILLANCOURT\nVe DE PAR TEMENTALDE L'ILESAINT GERMAIN \u2014o\"LESJARDINS &\"_ IMPREVUS\ndivavo\n, R. ARis TipCTE es \u00ae BRIANDMINTS = yo \" CTRECCIAL.LES &% aHALA GE f \u00a5 y \u00bb TROIS MOULINS PLS ofoeLA Le\"40w SE eo\n \n2026-00469 5 \n \nPr\u00e9fecture de Police - 75-2026-04-24-00010 - Arr\u00eat\u00e9 n\u00b02026-00469 du 24 avril 2026 autorisant la captation, l'enregistrement et la\ntransmission d'images au moyen de cam\u00e9ras install\u00e9es sur des a\u00e9ronefs \u00e0 l'occasion de la demi-finale aller de la Ligue des champions\nde football entre le Paris Saint-Germain et le FC Bayern Munich au Parc des Princes le mardi 28 avril 2026\n40\nPr\u00e9fecture de Police\n75-2026-04-24-00009\nArr\u00eat\u00e9 n\u00b02026-00470 DU 24 avril 2026   instituant\nun p\u00e9rim\u00e8tre de protection et diff\u00e9rentes\nmesures de police \u00e0 l'occasion de la demi-finale\naller de la Ligue des champions de football entre\nle Paris Saint-Germain et le FC Bayern Munich au\nParc des Princes le mardi 28 avril 2026\nPr\u00e9fecture de Police - 75-2026-04-24-00009 - Arr\u00eat\u00e9 n\u00b02026-00470 DU 24 avril 2026   instituant un p\u00e9rim\u00e8tre de protection et\ndiff\u00e9rentes mesures de police \u00e0 l'occasion de la demi-finale aller de la Ligue des champions de football entre le Paris Saint-Germain et\nle FC Bayern Munich au Parc des Princes le mardi 28 avril 2026\n41\n\\\ni |\n4(.)itUbi)BE\n \nCABINET DU PREFET \n \n1 \n \n \n \n \n \nArr\u00eat\u00e9 n\u00b02026-00470 \n \ninstituant un p\u00e9rim\u00e8tre de protection et diff\u00e9rentes mesures de police \u00e0 l'occasion de la \ndemi-finale aller de la Ligue des champions de football entre le Paris Saint-Germain et le \nFC Bayern Munich au Parc des Princes le mardi 28 avril 2026  \n \nLe pr\u00e9fet de police,\n \n \nVu le code g\u00e9n\u00e9ral des collectivit\u00e9s territoriales, notamment ses articles L. 2215-1, \nL. 2512-13 et L. 2512-14 ;\n \n \nVu le code p\u00e9nal ;\n \n \nVu le code de proc\u00e9dure p\u00e9nale  ;\n \n \nVu le code la route, notamment son article L. 411-2 ;\n \n \nVu le code rural et de la p\u00eache maritime, notamment ses articles L. 211-11 et L. 211-12  ;\n \n \nVu le code de la s\u00e9curit\u00e9 int\u00e9rieure, notamment ses articles L. 122-1, L. 122-2, L. 226-1, \nL. 611-1 et L. 613-2 ;\n \n \nVu le d\u00e9cret n\u00b0 2004-374 du 29 avril 2004 modifi\u00e9 relatif aux pouvoirs des pr\u00e9fets, \u00e0 \nl'organisation et \u00e0 l'action des services de l'\u00c9tat dans les r\u00e9gions et d\u00e9partements, \nnotamment ses articles 70, 72 et 73 ;\n \n \nVu le d\u00e9cret du 22 octobre 2025 par lequel M. Patrice FAURE, administrateur de l'\u00c9tat du \ntroisi\u00e8me grade, directeur de cabinet du Pr\u00e9sident de la R\u00e9publique, est nomm\u00e9 pr\u00e9fet de \npolice (groupe I), \u00e0 compter du 23 octobre 2025  ;\n \n \nConsid\u00e9rant que, en application des articles L.122-1 et L. 122-2 du code de s\u00e9curit\u00e9 \nint\u00e9rieure et 72 et 73 du d\u00e9cret du 29 avril 2004 susvis\u00e9, le pr\u00e9fet de police a la charge de \nl'ordre public, notamment la pr\u00e9vention des atteintes \u00e0 la s\u00e9curit\u00e9 des personnes et des \nbiens, dans les d\u00e9partements de Paris et des Hauts-de-Seine ;\n \n \nConsid\u00e9rant que, en application du 3\u00b0 de l'article L. 2215-1 du code g\u00e9n\u00e9ral des \ncollectivit\u00e9s territoriales, le repr\u00e9sentant de l'\u00c9tat dans le d\u00e9partement est seul \ncomp\u00e9tent pour prendre les mesures relatives \u00e0 l'ordre, \u00e0 la s\u00fbret\u00e9, \u00e0 la s\u00e9curit\u00e9 et \u00e0 la \nsalubrit\u00e9 publiques, dont le champ d'application exc\u00e8de le territoire d'une commune  ; \nque, conform\u00e9ment \u00e0 l'article 73 du d\u00e9cret du 29 avril 2004 susvis\u00e9, le pr\u00e9fet de police \nexerce dans le d\u00e9partement des Hauts-de-Seine les attributions d\u00e9volues au repr\u00e9sentant \nde l'\u00c9tat dans le d\u00e9partement par l'article L. 2215-1 ;\n \n \nConsid\u00e9rant que, en application de l'article L. 226-1 du code de la s\u00e9curit\u00e9 int\u00e9rieure, le \npr\u00e9fet de police peut, en vue d'assurer la s\u00e9curit\u00e9 d'un lieu ou d'un \u00e9v\u00e9nement expos\u00e9 \u00e0 \nun risque d'actes de terrorisme \u00e0 raison de sa nature et de l'ampleur de sa fr\u00e9quentation, \ninstituer par arr\u00eat\u00e9 motiv\u00e9 un p\u00e9rim\u00e8tre de protection au sein duquel l'acc\u00e8s et la \nPr\u00e9fecture de Police - 75-2026-04-24-00009 - Arr\u00eat\u00e9 n\u00b02026-00470 DU 24 avril 2026   instituant un p\u00e9rim\u00e8tre de protection et\ndiff\u00e9rentes mesures de police \u00e0 l'occasion de la demi-finale aller de la Ligue des champions de football entre le Paris Saint-Germain et\nle FC Bayern Munich au Parc des Princes le mardi 28 avril 2026\n42\n \n2026-00470 2 \ncirculation des personnes sont r\u00e9glement\u00e9s  ; que cet arr\u00eat\u00e9 peut autoriser les agents \nmentionn\u00e9s aux 2\u00b0 \u00e0 4\u00b0 de l'article 16 du code de proc\u00e9dure p\u00e9nale et, sous la \nresponsabilit\u00e9 de ces agents, ceux mentionn\u00e9s \u00e0 l'article 20 et aux 1\u00b0, 1\u00b0bis et 1\u00b0ter de \nl'article 21 du m\u00eame code \u00e0 proc\u00e9der, au sein d'un p\u00e9rim\u00e8tre de protection, avec le \nconsentement des personnes faisant l'objet de ces v\u00e9rifications, \u00e0 des palpations de \ns\u00e9curit\u00e9 ainsi qu'\u00e0 l'inspection visuelle et \u00e0 la fouille des bagages, ainsi qu'\u00e0 la visite des \nv\u00e9hicules susceptibles de p\u00e9n\u00e9trer au sein de ce p\u00e9rim\u00e8tre  ; qu'aux termes de l'article 73 \ndu d\u00e9cret du 29 avril 2004 susvis\u00e9, le pr\u00e9fet de police exerce dans le d\u00e9partement des \nHauts-de-Seine les attributions d\u00e9volues au repr\u00e9sentant de l'\u00c9tat dans le d\u00e9partement \npar l'article L. 226-1 du code de la s\u00e9curit\u00e9 int\u00e9rieure  ; \n \nConsid\u00e9rant que, en application de l'article L. 613-2 du code de la s\u00e9curit\u00e9 int\u00e9rieure, les \npersonnes physiques exer\u00e7ant l'activit\u00e9 mentionn\u00e9e au 1\u00b0 de l'article L. 611-1 du m\u00eame code \npeuvent, lorsqu'un p\u00e9rim\u00e8tre de protection a \u00e9t\u00e9 institu\u00e9 en application de l'article L. 226-1 \ndu m\u00eame code, proc\u00e9der, avec le consentement expr\u00e8s des personnes, \u00e0 des palpations \nde s\u00e9curit\u00e9 ;\n \n \nConsid\u00e9rant que se tiendra le mardi 28 avril 2026 \u00e0 21h00, un match de football pour le \ncompte des demi-finales de la Ligue des champions au stade du Parc des Princes \u00e0 Paris \n16 \n\u00e8me , qui opposera les \u00e9quipes du Paris-Saint-Germain et du FC Bayern Munich ; qu'\u00e0 cette \noccasion, un nombre important de supporters ainsi que des personnalit\u00e9s seront pr\u00e9sents \naux abords et \u00e0 l'int\u00e9rieur du stade  ; que dans le contexte actuel de menace tr\u00e8s \u00e9lev\u00e9e, \ncette rencontre sportive est susceptible de constituer une cible privil\u00e9gi\u00e9e et symbolique \npour des actes de nature terroriste  ; \n \nConsid\u00e9rant que plusieurs attentats ou tentatives d'attentats r\u00e9cents traduisent le niveau \n\u00e9lev\u00e9 de la menace terroriste actuelle en France dans le cadre du plan VIGIPIRATE \n\u00ab urgence attentat \u00bb en vigueur sur l'ensemble du territoire national depuis le 24 mars \n2024  ; \n \nConsid\u00e9rant qu'il appartient \u00e0 l'autorit\u00e9 de police comp\u00e9tente de prendre les mesures \nadapt\u00e9es, n\u00e9cessaires et proportionn\u00e9es visant \u00e0 garantir la s\u00e9curit\u00e9 des personnes et des \nbiens pendant cet \u00e9v\u00e8nement ; que la mise en place d'un p\u00e9rim\u00e8tre de protection \ncomprenant diff\u00e9rentes mesures de police \u00e0 l'occasion de la rencontre susvis\u00e9e de la Ligue \ndes champions entre le Paris Saint-Germain et le FC Bayern Munich au Parc des Princes \u00e0 \nParis 16 \n\u00e8me  le mardi 28 avril 2026 r\u00e9pond \u00e0 ces objectifs  ; \n \nARRETE :  \n \nTITRE PREMIER  \nINSTITUTION D 'UN PERIMETRE DE PROTECTION   \n \nArticle 1 \ner   \u2013 Le mardi 28 avril 2026 de 16h00 \u00e0 23h59 est institu\u00e9 un p\u00e9rim\u00e8tre de \nprotection au sein duquel l'acc\u00e8s et la circulation des personnes sont r\u00e9glement\u00e9s dans les \nconditions fix\u00e9es par le pr\u00e9sent arr\u00eat\u00e9. \n \nArticle 2 \u2013  Le p\u00e9rim\u00e8tre de protection institu\u00e9 par l'article 1 er  du pr\u00e9sent arr\u00eat\u00e9 est \nd\u00e9limit\u00e9 selon la cartographie en annexe. \n \nArticle 3  \u2013 Les points d'acc\u00e8s au p\u00e9rim\u00e8tre, sur lesquels des dispositifs de pr\u00e9-filtrage et de \nfiltrage sont mis en place, sont situ\u00e9s  :\n \n- \u00e0 l'angle form\u00e9 par l'avenue du G\u00e9n\u00e9ral-Sarrail, la rue Raffa\u00eblli (c\u00f4t\u00e9 impair) et l'all\u00e9e \nCharles Brennus \u00e0 Paris 16 \u00e8me  ; \nPr\u00e9fecture de Police - 75-2026-04-24-00009 - Arr\u00eat\u00e9 n\u00b02026-00470 DU 24 avril 2026   instituant un p\u00e9rim\u00e8tre de protection et\ndiff\u00e9rentes mesures de police \u00e0 l'occasion de la demi-finale aller de la Ligue des champions de football entre le Paris Saint-Germain et\nle FC Bayern Munich au Parc des Princes le mardi 28 avril 2026\n43\n \n2026-00470 3 \n- rue Lecomte du No\u00fcy \u00e0 Paris 16 \u00e8me  ; \n- \u00e0 l'angle form\u00e9 par la rue du Sergent Maginot et la place G\u00e9n\u00e9ral St\u00e9fanik \u00e0 Paris \n16 \u00e8me  ; \n- \u00e0 l'angle form\u00e9 par la rue du G\u00e9n\u00e9ral Roques et la place G\u00e9n\u00e9ral St\u00e9fanik \u00e0 Paris \n16 \u00e8me  ; \n- avenue du Parc des Princes \u00e0 Paris 16 \u00e8me  \u00e0 hauteur du n\u00b031  ; \n- \u00e0 l'angle form\u00e9 par l'avenue de la porte de Saint-Cloud et la rue du Commandant \nGuilbaud \u00e0 Paris 16 \u00e8me  ; \n- \u00e0 l'angle form\u00e9 par la rue du Parc et de la rue de la Tourelle \u00e0 Boulogne-Billancourt \n(92)  ; \n- \u00e0 l'angle form\u00e9 par la rue de la Tourelle et l'entr\u00e9e du jardin Guilbaud \u00e0 Boulogne-\nBillancourt (92)  ; \n- \u00e0 l'angle form\u00e9 par la place de l'Europe  et l'entr\u00e9e du jardin Guilbaud \u00e0 Boulogne-\nBillancourt (92)  ; \n- place de l'Europe  \u00e0 Boulogne-Billancourt (92), entre la rue Marcel Loyau et le rond-\npoint de la place de l'Europe \u00e0 Paris 16 \u00e8me  ; \n- \u00e0 l'angle form\u00e9 par la rue Joseph Bernard et la rue de la Tourelle \u00e0 Boulogne-\nBillancourt (92)  ; \n- \u00e0 l'angle form\u00e9 par la rue Nungesser et Coli et l'avenue de la Porte Molitor \u00e0 Paris \n16 \u00e8me  ; \n- \u00e0 l'angle form\u00e9 par la rue Nungesser et Coli \u00e0 Paris 16 \u00e8me  et la rue Joseph Bernard \u00e0 \nBoulogne-Billancourt (92). \n \nTITRE II  \nMESURES DE POLICE APPLICABLES A L 'INTERIEUR DU PERIMETRE DE PROTECTION  \n \nArticle 4  \u2013 Dans le p\u00e9rim\u00e8tre institu\u00e9 et durant la p\u00e9riode mentionn\u00e9e par l'article 1 er , les \nmesures suivantes sont applicables  : \n \n1\u00b0 Mesures applicables aux usagers de la voie publique  :\n \n \na) Sont interdits  : \n- Tout rassemblement de nature revendicative ; \n- Le port, le transport et l'utilisation des artifices de divertissement, des articles \npyrotechniques, des armes \u00e0 feu, y compris factices, et des munitions, ainsi que de \ntous objets susceptibles de constituer une arme au sens de l'article 132-75 du code \np\u00e9nal ou pouvant servir de projectile pr\u00e9sentant un danger pour la s\u00e9curit\u00e9 des \npersonnes et des biens  ; \n- L'acc\u00e8s des animaux dangereux au sens des articles L. 211-11 et suivants du code rural \net de la p\u00eache maritime, en particulier les chiens 1\u00e8re  et 2 \u00e8me  cat\u00e9gories ; \n \nb) Les personnes ont l'obligation, pour acc\u00e9der par les points de pr\u00e9-filtrage et de \nfiltrage pr\u00e9vus \u00e0 l'article 3 ou circuler \u00e0 l'int\u00e9rieur du p\u00e9rim\u00e8tre, de se soumettre, \u00e0 la \ndemande des agents autoris\u00e9s par le pr\u00e9sent arr\u00eat\u00e9 \u00e0 proc\u00e9der \u00e0 ces v\u00e9rifications, \u00e0 \nl'inspection visuelle des bagages et \u00e0 leur fouille, ainsi qu'\u00e0 des palpations de s\u00e9curit\u00e9 et, \nexclusivement par des officiers de police judiciaire et, sous leur responsabilit\u00e9, par des \nPr\u00e9fecture de Police - 75-2026-04-24-00009 - Arr\u00eat\u00e9 n\u00b02026-00470 DU 24 avril 2026   instituant un p\u00e9rim\u00e8tre de protection et\ndiff\u00e9rentes mesures de police \u00e0 l'occasion de la demi-finale aller de la Ligue des champions de football entre le Paris Saint-Germain et\nle FC Bayern Munich au Parc des Princes le mardi 28 avril 2026\n44\n \n2026-00470 4 \nagents de police judiciaire et agents de police judiciaire adjoints, \u00e0 la visite de leur \nv\u00e9hicule  ; \n \nc) Les personnes qui, pour des raisons professionnelles, de r\u00e9sidence ou familiales \ndoivent acc\u00e9der \u00e0 l'int\u00e9rieur du p\u00e9rim\u00e8tre de protection et y circuler, sont invit\u00e9es \u00e0 se \nsignaler aupr\u00e8s de l'autorit\u00e9 de police sur place afin de pouvoir faire l'objet d'une mesure \nde filtrage adapt\u00e9e  ;\n \n \n2\u00b0 Mesures accordant des comp\u00e9tences suppl\u00e9mentaires aux personnels charg\u00e9s de la \ns\u00e9curit\u00e9  :\n \n- Les officiers de police judiciaire mentionn\u00e9s aux 2\u00b0 \u00e0 4\u00b0 de l'article 16 du code de \nproc\u00e9dure p\u00e9nale et, sous leur responsabilit\u00e9, les agents de police judiciaire \nmentionn\u00e9s \u00e0 l'article 20 du m\u00eame code sont autoris\u00e9s \u00e0 proc\u00e9der, avec le \nconsentement des personnes faisant l'objet de ces v\u00e9rifications, \u00e0 des palpations de \ns\u00e9curit\u00e9, \u00e0 l'inspection visuelle des bagages et \u00e0 leur fouille, ainsi qu'\u00e0 la visite des \nv\u00e9hicules  ; \n- Les personnes exer\u00e7ant l'activit\u00e9 mentionn\u00e9e au 1\u00b0 de l'article L. 611-1 du code de la \ns\u00e9curit\u00e9 int\u00e9rieure peuvent, aux points de filtrage, proc\u00e9der, sous l'autorit\u00e9 des \nofficiers de police judiciaire et aupr\u00e8s des agents de police judiciaire qu'ils assistent et \navec le consentement expr\u00e8s des personnes, outre \u00e0 l'inspection visuelle des bagages \net \u00e0 leur fouille, \u00e0 des palpations de s\u00e9curit\u00e9. \n \nArticle 5  \u2013 Sans pr\u00e9judice des sanctions p\u00e9nales auxquelles s'exposent les personnes en \ninfraction avec les dispositions du pr\u00e9sent titre, celles qui refusent de se soumettre \u00e0 \nl'inspection visuelle de leurs bagages \u00e0 main, \u00e0 leur fouille, \u00e0 des palpations de s\u00e9curit\u00e9 ou \n\u00e0 la visite de leur v\u00e9hicule peuvent se voir interdire l'acc\u00e8s au p\u00e9rim\u00e8tre institu\u00e9 par \nl'article  1\ner  ou \u00eatre conduites \u00e0 l'ext\u00e9rieur de celui-ci. \n \n \nTITRE III \n \nDISPOSITIONS FINALES  \n \nArticle 6  \u2013 Le pr\u00e9fet des Hauts-de-Seine, le pr\u00e9fet, directeur de cabinet du pr\u00e9fet de \npolice, le directeur de l'ordre public et de la circulation, le directeur de la s\u00e9curit\u00e9 de \nproximit\u00e9 de l'agglom\u00e9ration parisienne sont charg\u00e9s, chacun en ce qui le concerne, de \nl'ex\u00e9cution du pr\u00e9sent arr\u00eat\u00e9 qui entrera en vigueur \u00e0 compter de son affichage aux \nportes de la pr\u00e9fecture de police, sera publi\u00e9 aux recueils des actes administratifs du \nd\u00e9partement de la Paris et de la pr\u00e9fecture des Hauts-de-Seine, consultable sur le site \ninternet de la pr\u00e9fecture de police ( \nhttps://www.prefecturedepolice.interieur.gouv.fr ) et \ntransmis aux procureurs de la R\u00e9publique pr\u00e8s les tribunaux judiciaires de Paris et de \nNanterre et communiqu\u00e9 aux maires de Paris et de Boulogne-Billancourt. \n \nFait \u00e0 Paris, le 24 avril 2026  \n \n \n \nSIGNE \n \nPatrice FAURE \nPr\u00e9fecture de Police - 75-2026-04-24-00009 - Arr\u00eat\u00e9 n\u00b02026-00470 DU 24 avril 2026   instituant un p\u00e9rim\u00e8tre de protection et\ndiff\u00e9rentes mesures de police \u00e0 l'occasion de la demi-finale aller de la Ligue des champions de football entre le Paris Saint-Germain et\nle FC Bayern Munich au Parc des Princes le mardi 28 avril 2026\n45\n \n2026-00470 5  \n \nAnnexe de l'arr\u00eat\u00e9 n\u00b02026-00470 du 24 avril 2026  \n \n \nVOIES ET D\u00c9LAIS DE RECOURS \n \n_______________________  \n \n \n \nSi vous estimez devoir contester le pr\u00e9sent arr\u00eat\u00e9, il vous est possible, dans un \nd\u00e9lai de deux mois \u00e0 compter de son affichage ou de sa publication :\n \n \n \n-  soit de saisir d'un RECOURS GRACIEUX \n \nle Pr\u00e9fet de Police  \n7/9, boulevard du Palais - 75195 PARIS RP  \n \n- ou de former un RECOURS HI\u00c9RARCHIQUE \n \n  aupr\u00e8s du Ministre de l'int\u00e9rieur  \n  Direction des libert\u00e9s publiques et des affaires juridiques  \n  place Beauvau - 75008 PARIS  \n \n- soit de saisir d'un RECOURS CONTENTIEUX \n \nle Tribunal administratif comp\u00e9tent  \n \n \nAucune de ces voies et recours ne suspend l'application de la pr\u00e9sente \nd\u00e9cision.\n \n \nLes recours GRACIEUX et HI\u00c9RARCHIQUE doivent \u00eatre \u00e9crits, exposer les \narguments ou faits nouveaux et comprendre la copie de l'arr\u00eat\u00e9 contest\u00e9.\n \n \nLe recours CONTENTIEUX, qui vise \u00e0 contester la L\u00c9GALIT\u00c9 de la pr\u00e9sente \nd\u00e9cision, doit \u00e9galement \u00eatre \u00e9crit et exposer votre argumentation juridique.\n \n \nSi vous n'aviez pas de r\u00e9ponse \u00e0 votre recours GRACIEUX ou HI\u00c9RARCHIQUE \ndans un d\u00e9lai de deux mois \u00e0 compter de la r\u00e9ception de votre recours par \nl'administration, votre demande devra \u00eatre consid\u00e9r\u00e9e comme rejet\u00e9e (d\u00e9cision implicite \nde rejet).\n \n \nEn cas de rejet des recours GRACIEUX ou HI\u00c9RARCHIQU E, le Tribunal \nadministratif peut \u00eatre saisi d'un recours contentieux dans le d\u00e9lai de deux mois \u00e0 \ncompter de la date de la d\u00e9cision de rejet.\n \n \n \n \n \n \nPr\u00e9fecture de Police - 75-2026-04-24-00009 - Arr\u00eat\u00e9 n\u00b02026-00470 DU 24 avril 2026   instituant un p\u00e9rim\u00e8tre de protection et\ndiff\u00e9rentes mesures de police \u00e0 l'occasion de la demi-finale aller de la Ligue des champions de football entre le Paris Saint-Germain et\nle FC Bayern Munich au Parc des Princes le mardi 28 avril 2026\n46\naa \u00b0 ci a \u00a9 + \u00a9| \u00b0 \u00b0 \u00a7 912 a 1\n. b- DIRECTION DE L'ORDRE PUBLIC PLACEDELA Ms SoG We APORTE D', IL ee \u00b0 Ws| ET DE LA CIRCULATION 7 MeeF ry af - Porte d'Auteuil 7 eon\u00ea a. =. ES er) fs4 5 11 | Cy weet ae a) &Ce aa oe \u00b0 \u2014_ UE DE LA PORTE D'AUTEUIL 3. } = joe 76\u00b0 \u00a9| 7 des 7 ae . Se .5 / i See a, & F7 1Mardi 28 Avril 2026 || ii arn! \"all fi| . \u00b0= 3ED a MC A4 me\" \u00a3a 2  =? 721h00 : PSG-BAYERN Q\\\\ \u2014 > CECR \u00e0 we =\u00a3 \u00e0 q 1 oy << . 4 \u00eb\u00ce r e wyPERIMETRE SILT itade teak PE \u00a7Zz: 6|\u00bb < & Lee 7rte (| an c Le cyF3 . Garros Place D = ie Qd \u00e0 des m tales je +} asf'4 7 LI ET.4 \"4 = yp o> &/ / 8 By LUE.af in = ee ee $ LI 2\u00b0ce = | oO \u2014  DERPT,, gf be\" 7 FT 12:= \u00eb +. 19 PS2A of 2e [T& 9/ | l'institut= dey 5 & .& 2, 4\u00e9 g ) Je2/ ei TennisV4 Pi \u00b0 a de que #8 x Eglise\u20142 es + + = Saint-Fran\u00e7oisULEV, y ne ; swine \u2014 D'AUTEUIL A de Molitorbed \u2014 >. us ee 81 7] PLACE DE LAP A: 4RUE i  S 4& .Re VE ST YA: | kil 101 |a |, Brasserie\"*\u00a3 Moliteuil+sca  |\n4 \u00e9 i 7,& PF3739=ns ene N f 4\ni fpAs\u00a37VA8 9122 1114131615af #7foA4 \u00e0\u00ea 21SESSy\u00e627 V;\u00f1 i Pr 20\u00e9 \u00c0 . \u00c0 \\ \u00ff eroff Oo. \\' as &9 * \u00a9 \\ wv.\u20ac c. \u00e0 22a | \u00b0F ro)2 am & 2 78 < 4 S25i 15: \u00e0 2Gg mY | 23 S.fe] a oO < O27i= of = 8 Aum\u00f4nerie % 365D \"ec? Catholique Q2 A | Fr Ug& S 9 | * R \u00a9 Bernard 38e lage . S 3 30E ae , WwW; \u00a3 Tr| 4 3 . ae ( Xe 53 PF (04E \u00b0 \u00ab P '3 @ 49| 82 \"i \u00db YrA \u00c0 cnme 3 4 8a4 : +87 / 2 \u00a9 /le | 487% 41 wy' 2 2 89 $ 4 Ra Se \u00a3\"> gz < 94 J.2*\u00b0 oS Foyer > \u00a5 Fak. \u00ca\u00a9 52 as ae \u00e0 + de RegLa e @ Isra\u00e9li 1 fe i= 9 2 98 OR mE \u00c0 Sag 9) \u00ab 93 A PA 35 &ia vw \u00e0 \u00e9q \u00b0 | 58 Ay a /+97 9 51 1 2a e | \u00a5 4 f 2 1 2092 AC 106 IH TRE| \"| Z ; Hopi! \"AR| 2! - 108 Henry[= + Dunantmiss 55 8fc fs 110 {| As j 101 .2 Z ' Riace a \u00c0. ZU p Place du, 5 iby \u00a397\u00c0) = EN G\u00e9n\u00e9ral \u00a9 2, Lu :S285 \u00eb A 'istefanik a Na \"2 / ad_\u00c0 ay HE es  C oz.FS | Wee. 21 \u00b0 ar| 4 | | o! eX 127& : '0!La A\na | 14, 200NA \u00b0 13 oe wwWA a \u00c0 ;\n6 wee tea FR La : . Au $obus 220 +\u00b0 \\ \\- AVEN, \"137 216 -*\\\u00a2S 1992 re BES on ot\" 2s \u00c0 {| \u00e0 1 <0 ae 205& eo  Mac Donald Wwe vt& | SE \u00c0 \u00c0 dr [MI ed SES ait) Es fl2 | As A \\ 9 Pe es& | gf es \\ = ry AV VERSAILLES . ati Le ASa | Ko 5 . se \u00e0 - \\ > aa 5 13S 39| EE < CD \\_\u2014 5ALLIEN! _ < \\ { a N\"es - RUE SG 4] ag 22 C4| a A \u00bb \u00c0 . Af PLACE 3 RUE GUDIN \u20144\u2014 {04 // Pe! VA TT \"4 _ - & De DE lek iss 13 + en AteX | A qu | \u00e9co = \\_ LAPORTE i \" \u00e9om 6| $ ageeR ete ih  si SaNT-cL DUD Naples Fontaines, 2, tor\"_\u2014 \u2014\u2014 P\\ DT eEvelest a oy \"| se 7 S : Be es f 4| Le \u00cb Ace L [3  : \u00e0 indiana gor + L4 Laine A \"see 7 les S k 2e A) fp+ By pepe El ee 53 (a = Portede & | 317 49 \u00ae 4= = Saint-Cloud CL 4 : \u20ac 3\u20ac GALLIENL Bs BE : 2 Bou, ue y\\ D ie se . DT EVAR5 : She 6\u00ab A \\ en : le cardinal: MUR... \"2\\\\ \u00c0 \\ \u00e0 am \u00a9 5 1a RAT \u00f9 129 50EE \u00c0 COLE \u2014 AN  ESS NET. nn... .' \\ \\ \u00b0 RE) > De 126 Lee 131> \\\\ Mes \\ 19 = 104 = \u00c0[A a Pa e a . Bi- \\ ' \u00b0 Oui\u00c0 Le! + \\ L \u00b0er if \\ % 4 \\ * 26 ayCe a 4 128\u00e9 4 Jardin Thiers \\ | a 6A Se 24 1e# .\\ e 9 be2 .\\ \u00e0 \u00b020\\ Jacqueline KA \\ \u00e0 18 14 im\\ | aurio & \u2014 sede. ur 2 5\\2\\ \\ we is TisFA 16 AVENUE DQDE DE LA BRUNERIE 182 Sas2 SR  16A! \u2014 LL2 eo a. = . MOL A Se2 &* &% 4re}&\\ Boulogn\u00e9-Bilancourt\\\\\n \n2026-00470 6  \n \nPr\u00e9fecture de Police - 75-2026-04-24-00009 - Arr\u00eat\u00e9 n\u00b02026-00470 DU 24 avril 2026   instituant un p\u00e9rim\u00e8tre de protection et\ndiff\u00e9rentes mesures de police \u00e0 l'occasion de la demi-finale aller de la Ligue des champions de football entre le Paris Saint-Germain et\nle FC Bayern Munich au Parc des Princes le mardi 28 avril 2026\n47","date":"2026-04-24","first_seen_on":"2026-04-24T17:48:28+00:00","id":"ab47332de691953b5f5b194a30e38a3135368637f8b9db9f0946618307202601","name":"recueil-75-2026-240-recueil-des-actes-administratifs-special du 24.04.2026","pdf_creation_date":"2026-04-24T14:58:30+00:00","pdf_modification_date":null,"timezone":"Europe/Paris","url":"https://www.prefectures-regions.gouv.fr/ile-de-france/irecontenu/telechargement/137328/1003388/file/recueil-75-2026-240-recueil-des-actes-administratifs-special%20du%2024.04.2026.pdf"}
