{"administration":"pref70","administration_name":"Pr\u00e9fecture de Haute-Sa\u00f4ne","content":"HAUTE-SA\u00d4NE\nRECUEIL DES ACTES\nADMINISTRATIFS\nN\u00b070-2025-143\nPUBLI\u00c9 LE 25 NOVEMBRE 2025\nSommaire\nARS Bourgogne Franche-Comt\u00e9 / D\u00e9l\u00e9gation d\u00e9partementale et\nUnit\u00e9 Territoriale S\u00e9curit\u00e9-Environnement de la Haute-Sa\u00f4ne\n70-2025-10-14-00012 - 10 2025-67 arr\u00eat\u00e9 modificatif CTS 70 du 14 10\n2025 (6 pages) Page 3\nDDETSPP de Haute-Sa\u00f4ne / P\u00f4le Entreprise et Insertion\n70-2025-11-21-00004 - R\u00e9c\u00e9piss\u00e9 de d\u00e9claration Ouhih Helena (2\npages) Page 10\n70-2025-11-21-00003 - R\u00e9c\u00e9piss\u00e9 de d\u00e9claration Welklen Baptiste (2\npages) Page 13\n70-2025-11-21-00006 - R\u00e9c\u00e9piss\u00e9 de modification d agrement Azae\nLuxeuil Les Bains (2 pages) Page 16\n70-2025-11-21-00005 - R\u00e9c\u00e9piss\u00e9 de modification de  r\u00e9c\u00e9piss\u00e9 \nde  d\u00e9claration Azae Luxeuil Les Bains (2 pages) Page 19\nPr\u00e9fecture de Haute-Sa\u00f4ne / Direction des collectivit\u00e9s territoriales et\nde la coordination interminist\u00e9rielle\n70-2025-11-25-00003 - Arr\u00eat\u00e9 interd\u00e9partemental portant retrait, au 31\nd\u00e9cembre 2025, de la Communaut\u00e9 de Communes du Pays Riolais du\nSyndicat Intercommunal \u00e0 Vocation Multiple (SIVOM) de la Vall\u00e9e et\ndissolution du SIVOM de la Vall\u00e9e (retrait de la CCPR) (4 pages) Page 22\n2\nARS Bourgogne Franche-Comt\u00e9\n70-2025-10-14-00012\n10 2025-67 arr\u00eat\u00e9 modificatif CTS 70 du 14 10\n2025\nARS Bourgogne Franche-Comt\u00e9 - 70-2025-10-14-00012 - 10 2025-67 arr\u00eat\u00e9 modificatif CTS 70 du 14 10 2025 3\nREPUBLIQUEFRAN CAISE @ DAgence R\u00e9gionale de Sant\u00e9Sali Bourgogne- Bpse it Franche-Comt\u00e9\nArr\u00eat\u00e9 n\u00b0ARSBFC/DCPT/2025-67 modifiant la composition du conseil territorial desant\u00e9 de la Haute-Sa\u00f4ne en date du 14 octobre 2025\nLa directrice g\u00e9n\u00e9rale de l'Agence R\u00e9gionale de Sant\u00e9 de Bourgogne-Franche-Comt\u00e9Vu le code de la sant\u00e9 publique, notamment les articles L.1434-9, L.1434-10, L.1434-1 1, R1434-33;Vu la loi n\u00b0 2016-41 du 26janvier 2016 de modernisation de notre syst\u00e9me de sant\u00e9, notamment sonarticle 158;Vu la loi d'organisation et de transformation du syst\u00e9me de sant\u00e9 n\u00b0 2019-774 du 24 juillet 2019portant modification de l'article L1434-10 du code de la Sant\u00e9 Publique ;Vu le d\u00e9cret du 30 juillet 2025 portant nomination de Mme Mathilde MARMIER, en qualit\u00e9 dedirectrice g\u00e9n\u00e9rale de l'agence r\u00e9gionale de sant\u00e9 de Bourgogne-Franche-Comte\u00e9 ;Vu le d\u00e9cret n\u00b02016-1024 du 26 juillet 2016 relatif aux territoires de d\u00e9mocratie sanitaire, aux zonesdes sch\u00e9mas r\u00e9gionaux de sant\u00e9 et aux conseils territoriaux de sant\u00e9 ;Vu Parr\u00eat\u00e9 du 3 ao\u00fbt 2016 relatif \u00e0 la composition du conseil territorial de sant\u00e9;Vu l'arr\u00eat\u00e9 ARS- BEC/DG/2016/001 du 27 octobre 2016 relatif \u00e0 la d\u00e9finition des territoires ded\u00e9mocratie sanitaire de la r\u00e9gion Bourgogne-Franche-Comt\u00e9;Vu VParr\u00e9t\u00e9 ARS-BFC/DCPT/2025-18 modifiant la composition du Conseil Territorial de Sant\u00e9 de laHaute-Sa\u00f4ne en date du 20 mars 2025 ;Consid\u00e9rant les r\u00e9ponses re\u00e7ues dans le cadre des appels \u00e0 candidatures organis\u00e9s par l''ARSBourgogne-Franche-Comt\u00e9, publi\u00e9s le 31 mars 2022 sur le site internet de l'agence, en applicationdes dispositions de l'article R1434-33 ;Consid\u00e9rant les propositions de d\u00e9signation faites par les diff\u00e9rents organismes et instancesrepr\u00e9sentatifs des diff\u00e9rents coll\u00e8ges, en application des dispositions de l'article R1434-33 ;\nARRETE\nArticle 1 : Le conseil territorial de sant\u00e9 du d\u00e9partement de la Haute-Sa\u00f4ne comprend 56 membresau plus r\u00e9partis en quatre coll\u00e8ges ainsi que deux per sonnes qualifi\u00e9es et les parlementaires \u00e9lus dansle ressort du territoire concern\u00e9.\nARS Bourgogne Franche-Comt\u00e9 - 70-2025-10-14-00012 - 10 2025-67 arr\u00eat\u00e9 modificatif CTS 70 du 14 10 2025 4\nArticle 2 : Sont membres du conseil territorial de sant\u00e9 du d\u00e9partement de Haute-Sa\u00f4ne :1\u00b0 - coll\u00e9ge des professionnels et offreurs des services de sant\u00e9 (trente quatre membres)a) Six repr\u00e9sentants des \u00e9tablissements de sant\u00e9> Trois repr\u00e9sentants des personnes morales gestionnaires de ces \u00e9tablissements d\u00e9sign\u00e9s surproposition de la f\u00e9d\u00e9ration qui les repr\u00e9senteTitulaire :Suppl\u00e9ance :Titulaire :Suppl\u00e9ance :Titulaire :Suppl\u00e9ance :> Trois\nM. Arnaud REMOND, Clinique St Martin \u00e0 Vesoul - FHPen cours de d\u00e9signationM. Micha\u00ebl HERMOSILLA, clinique Brugnon Agache - FEHAPMme Marl\u00e8ne TECHER, AHBFC - FEHAPMme Alexandrine KIENTZY-LALUC, Groupe hospitalier 70 \u2014 FHFMme Aurore ZOELLER, Groupe hospitalier 70 - FHFpr\u00e9sidents de commission m\u00e9dicale ou de conf\u00e9rence m\u00e9dicale d'\u00e9tablissement,d\u00e9sign\u00e9s sur proposition de la f\u00e9d\u00e9ration qui les repr\u00e9senteTitulaire :Suppl\u00e9ance :Titulaire :Suppl\u00e9ance :Titulaire :Suppl\u00e9ance :\nDr. Jean-Michel BREMON, Clinique St Martin 4 Vesoul \u2014 FHPen cours de d\u00e9signationDr Eric HUDELOT, AHBFC - FEHAPen cours de d\u00e9signationDr Yannick SELLES, Groupe hospitalier 70 - FHFDr Pierre KUNTZ, Groupe hospitalier 70 - FHF\nb) Cinq repr\u00e9sentants des personnes morales gestionnaires des services et \u00e9tablissementssociaux et m\u00e9dico-sociaux mentionn\u00e9s au 1 de l'article L 312-1 et \u00e0 l'article L 344-1 du codede l'action sociale et des familles r\u00e9partis entre ceux qui \u0153uvrent en faveur des personnels\u00e2g\u00e9es et ceux qui \u0153uvrent en faveur des personnes handicap\u00e9es, d\u00e9sign\u00e9s sur proposition desgroupements et f\u00e9d\u00e9rations repr\u00e9sentatifs des institutions sociales et m\u00e9dico-socialeTitulaire :Suppl\u00e9ance :Titulaire :Suppl\u00e9ance :Titulaire :Suppl\u00e9ance :Titulaire :Suppl\u00e9ance :Titulaire :Suppl\u00e9ance :\nM. Patrizio IACOVELLE, Handy'Up - UNAPEIM. Erwan BECQUEMIE, AHSFC - NEXEMMme Patricia CUDEY, ADMR - URIOPSM. S\u00e9bastien DUMOND, AHSFC - URIOPSMme Sylvie SYLVANT, ELIAD - UNAM. Antoine CRETINEAU, EHPAD Dampierre SUR Salon, Saulx de Vesoul et Sceysur Sa\u00f4ne, FHFMme Ir\u00e8ne SERRA-PIRES, Association Addictions FranceM. Bruno RICHELET, Association Addictions FranceMme Delphine FLORES, AHBFC - FEHAPM. Lionel BEN-AHMED, FEHAP\nc) Trois repr\u00e9sentants des organismes \u0153uvrant dans les domaines de la promotion de la sant\u00e9 etde la pr\u00e9vention ou en faveur de l'environnement et de la lutte contre la pr\u00e9carit\u00e9, d\u00e9sign\u00e9s \u00e0l'issue d'un appel \u00e0 candidatures organis\u00e9 dans les conditions fix\u00e9es par le directeur g\u00e9n\u00e9ralde l'agence r\u00e9gionale de sant\u00e9Titulaire :Suppl\u00e9ance :Titulaire :Suppl\u00e9ance :Titulaire :Suppl\u00e9ance :\nMme Catherine BOUVERET, CPIE de la \u00ab Vall\u00e9e de 'Ognon \u00bben cours de d\u00e9signationMme Cellia LEBEUF, ASEPT FC/BMme M\u00e9lanie MARCHAND, ASEPT FC/BM. Romain FRANCOIS, IREPS BFCen cours de d\u00e9signation\nARS Bourgogne Franche-Comt\u00e9 - 70-2025-10-14-00012 - 10 2025-67 arr\u00eat\u00e9 modificatif CTS 70 du 14 10 2025 5\nd) Six repr\u00e9sentants des professionnels de sant\u00e9 lib\u00e9raux> Trois m\u00e9decins lib\u00e9raux d\u00e9sign\u00e9s par le directeur g\u00e9n\u00e9ral de l'agence r\u00e9gionale de sant\u00e9 surproposition conjointe des unions r\u00e9gionales des professionnels de sant\u00e9Titulaire : | Dr Pascale LAVISSE, URPS m\u00e9decins lib\u00e9rauxSuppl\u00e9ance: en cours de d\u00e9signationTitulaire : Dr Emmanuel PAULET, URPS m\u00e9decins lib\u00e9rauxSuppl\u00e9ance: en cours de d\u00e9signationTitulaire : - Dr Roger PAPAVERO, URPS m\u00e9decins lib\u00e9rauxSuppl\u00e9ance : en cours de d\u00e9signation> Trois repr\u00e9sentants des autres professions de sant\u00e9, d\u00e9sign\u00e9s par le directeur g\u00e9n\u00e9ral dePagence r\u00e9gionale de sant\u00e9 sur proposition conjointe des unions r\u00e9gionales desprofessionnels de sant\u00e9.Titulaire : \u00a9 Mme Sylvie REGNIER, URPS Infirmiers lib\u00e9raux_ Suppl\u00e9ance : Mme Lydie DEFRAIN, URPS infirmiers lib\u00e9rauxTitulaire : M. David FLEUROTTE, URPS masseurs-kin\u00e9sith\u00e9rapeutesSuppl\u00e9ance : Mme Laurence DEFORET, URPS orthophonistesTitulaire : Mme M\u00e9lanie BEDNAROWICZ, URPS pharmaciensSuppl\u00e9ance : en cours de d\u00e9signation\ne) Un repr\u00e9sentant des internes en m\u00e9decine de la ou des subdivisions situ\u00e9es sur le territoire desant\u00e9, d\u00e9sign\u00e9 par une organisation qui les repr\u00e9senteTitulaire : en cours de d\u00e9signationSuppl\u00e9ance : en cours de d\u00e9signation\nf) Cinq repr\u00e9sentants des diff\u00e9rents modes d'exercice coordonn\u00e9 et des organisations decoop\u00e9ration territoriale:\u00ab des centres de sant\u00e9, maisons de sant\u00e9 et r\u00e9seaux d\u00e9sign\u00e9s par le directeur g\u00e9n\u00e9ral de l'agencer\u00e9gionale de sant\u00e9, sur proposition des organisations qui les repr\u00e9sentent \u00bb\u00ab des communaut\u00e9s professionnelles territoriales de sant\u00e9 et des \u00e9quipes de soins primaires\u00ab des communaut\u00e9s psychiatriques de territoire d\u00e9sign\u00e9s \u00e0 l'issue d'un appel \u00e0 candidature organis\u00e9dans des conditions fix\u00e9es par le directeur g\u00e9n\u00e9ral de l'agence r\u00e9gionale de sant\u00e9 \u00bbTitulaire : M. G\u00e9rald NGOMA, DAC de Franche-Comt\u00e9Suppl\u00e9ance : M. Denis LEISING, DAC de Franche-Comt\u00e9Titulaire : M. Denis LEYDER, Mutualit\u00e9 Fran\u00e7aise de Haute Sa\u00f4neSuppl\u00e9ance : M. Fabien GRANDJEAN, Mutualit\u00e9 Fran\u00e7aise de Haute-Sa\u00f4neTitulaire : Dr Dominique ROSSI, FEMASCOSuppl\u00e9ance : Dr Jos\u00e9-Philippe MORENO, FEMASCOTitulaire : Dr Benoit RABIER, ACORELISuppl\u00e9ance : en cours de d\u00e9signationTitulaire : M. St\u00e9phane FRECHARD, CPTS du bassin LuronSuppl\u00e9ance : en cours de d\u00e9signation\ng) Un repr\u00e9sentant des \u00e9tablissements assurant des activit\u00e9s d'hospitalisation \u00e0 domicile,d\u00e9sign\u00e9 par le directeur g\u00e9n\u00e9ral de l'agence r\u00e9gionale de sant\u00e9 sur proposition de laFNEHADTitulaire : er cours de d\u00e9signationSuppl\u00e9ance : en cours de d\u00e9signation\nARS Bourgogne Franche-Comt\u00e9 - 70-2025-10-14-00012 - 10 2025-67 arr\u00eat\u00e9 modificatif CTS 70 du 14 10 2025 6\nh) Un repr\u00e9sentant de l'ordre des m\u00e9decins, d\u00e9sign\u00e9 par le pr\u00e9sident du conseil r\u00e9gional del'ordre ou, le cas \u00e9ch\u00e9ant, sur proposition conjointe des pr\u00e9sidents des conseils r\u00e9gionaux del'ordre du ressort de l'agence r\u00e9gionale de sant\u00e9 |Titulaire :Suppl\u00e9ance :Dr L\u00e9a MOUGENOT, Conseil de l'Ordre des m\u00e9decinsDr Hafedh LIMAM, Conseil de l'Ordre des m\u00e9decinsRepr\u00e9sentants des conseils des ordres territorialement comp\u00e9tentsTitulaire : .Suppl\u00e9ance :Titulaire :Suppl\u00e9ance :Titulaire :Suppl\u00e9ance :Titulaire :Suppl\u00e9ance :Titulaire :Suppl\u00e9ance :Titulaire :Suppl\u00e9ance :\nM. Philippe TISSERAND, Conseil de l'Ordre des InfirmiersM. Fabian DIFFALAH, Conseil de l'Ordre des InfirmiersMme Nathalie ASDRUBAL, Conseil de l'Ordre des P\u00e9dicures-podologuesen cours de d\u00e9signationMme Nathalie FOTSO KAMDEM, Conseil de l'Ordre des PharmaciensM. Denis BLANDIN, Conseil de l'Ordre des PharmaciensM. Marc BEAUFILS, Conseil de l'Ordre des Masseurs- kin\u00e9sith\u00e9rapeuteen cours de d\u00e9signationMme Dominique DONDON, Conseil de l'Ordre des Sages-femmesen cours de d\u00e9signationDr Philippe SAIRE, Conseil de Ordre des Chirurgiens-dentistesDr Benoit GRANDJEAN, Conseil de FOrdre des Chirurgiens-dentistes2\u00b0 - coll\u00e8ge des usagers et associations d'usagers \u0153uvrant dans les domaines de comp\u00e9tence del'agence r\u00e9gionale de sant\u00e9 (dix membres)a) Six repr\u00e9sentants des usagers des associations agr\u00e9\u00e9es au niveau r\u00e9gional ou, \u00e0 d\u00e9faut, auniveau national, conform\u00e9ment \u00e0 l'article L 1114-1, d\u00e9sign\u00e9s \u00e0 l'issue d'un appel \u00e0candidatures organis\u00e9 dans des conditions fix\u00e9es par le directeur g\u00e9n\u00e9ral de l'agencer\u00e9gionale de sant\u00e9Titulaire :Suppl\u00e9ance :Titulaire :Suppl\u00e9ance :Titulaire :Suppl\u00e9ance :Titulaire :Suppl\u00e9ance :Titulaire :Suppl\u00e9ance :Titulaire :Suppl\u00e9ance :\nM. Jos\u00e9 MIGNOT, APF France handicapen cours de d\u00e9signation |M. Beno\u00eet CHAUVEZ, Coordination nationale des comit\u00e9s de d\u00e9fense des h\u00f4pitauxet maternit\u00e9 de proximit\u00e9M. Michel ANTONY, Coordination nationale des comit\u00e9s de d\u00e9fense des h\u00f4pitaux etmaternit\u00e9 de proximit\u00e9M. Maurice DECKMIN, UNAPEI Bourgogne Franche Comt\u00e9en cours de d\u00e9signation |M. Philippe DENTS, Coordination nnationale des comit\u00e9s de d\u00e9fense des h\u00f4pitaux etmaternit\u00e9 de proximit\u00e9Mme Dani\u00e8le PINGUE, Coordination nationale des comit\u00e9s de d\u00e9fense des h\u00f4pitauxet maternit\u00e9 de proximit\u00e9)M. Richard MARTINEZ, ARUCAHen cours de d\u00e9signationMme Mireille KERLAN, ARUCAHen cours de d\u00e9signation\nb) Quatre repr\u00e9sentants des usagers des associations des personnes handicap\u00e9es ou desassociations deretrait\u00e9s et personnes \u00e2g\u00e9es, sur proposition du ou des conseilsd\u00e9partementaux de la citoyennet\u00e9 et de l'autonomie du ressort du conseil territorial de sant\u00e9\nARS Bourgogne Franche-Comt\u00e9 - 70-2025-10-14-00012 - 10 2025-67 arr\u00eat\u00e9 modificatif CTS 70 du 14 10 2025 7\nTitulaire: | Mme Catherine BOITEUX, UNSASuppl\u00e9ance: Mme Laurence BERGER, FOTitulaire : M. Patrick PIERRE, UD des retrait\u00e9s et pr\u00e9retrait\u00e9s FO70Suppl\u00e9ance : M. Patrick VILLEQUEZ, UNSA |Titulaire : Mme Marie GRANDHAIE, G\u00e9n\u00e9rations mouvement Haute-Sa\u00f4ne - F\u00e9d\u00e9rationd\u00e9partementale de Haute-Sa\u00f4neSuppl\u00e9ance : M. Guy RICHARD, UD CGT de Haute-Sa\u00f4neTitulaire : Mme Mich\u00e8le LAUT, FNAR |Suppl\u00e9ance : Mme Michelle GRANDJEAN, FAVEC\n30- coll\u00e8ge des collectivit\u00e9s territoriales ou leurs groupements (sept membres)a) Un conseiller r\u00e9gional, d\u00e9sign\u00e9 par la pr\u00e9sidente du conseil r\u00e9gionalTitulaire : Mme Claudy CHAUVELOT-DUBANSuppl\u00e9ance : Mme Marie-Claire THOMAS\nb) Un repr\u00e9sentant du conseil d\u00e9partemental d\u00e9sign\u00e9 par l'Assembl\u00e9e des d\u00e9partements deFranceTitulaire : Mme Edwige EME, vice-pr\u00e9sidente du Conseil d\u00e9partementalSuppl\u00e9ante : Mme Isabelle ARNOULD, vice-pr\u00e9sidente du Conseil d\u00e9partemental\nc) Un repr\u00e9sentant des services d\u00e9partementaux de protection maternelle et infantile d\u00e9sign\u00e9par le pr\u00e9sident du conseil d\u00e9partemental |Titulaire : Dr Marie Eve NOIROT, Direction de la Solidarit\u00e9 et de la Sant\u00e9 Publique (DSSP)Suppl\u00e9ance : Dr Delphine FRANCOIS, Direction de la Solidarit\u00e9 et de la Sant\u00e9 Publique (DSSP)\nd) Deux repr\u00e9sentants des communaut\u00e9s mentionn\u00e9es aux articles L 5214-1, L 5215-1, L 5213-1, L 5217-1 ou L 2519-1 du code g\u00e9n\u00e9ral des collectivit\u00e9s territoriales regroupant descommunes situ\u00e9es en tout ou partie dans le territoire du CTS de la Haute Sa\u00f4ne, d\u00e9sign\u00e9s parl'Assembl\u00e9e des communaut\u00e9s de FranceTitulaire : en cours de d\u00e9signationSuppl\u00e9ance : en cours de d\u00e9signationTitulaire : en cours de d\u00e9signationSuppl\u00e9ance : en cours de d\u00e9signatione) Deux repr\u00e9sentants des communes, d\u00e9sign\u00e9s par |' Association des maires de FranceTitulaire : M. Pierre GORCY, vice-pr\u00e9sident de la communaut\u00e9 d'agglom\u00e9ration de VesoulSuppl\u00e9ance : Mme Malika BERNARDIN, Adjointe au maire de vesoulTitulaire : M. Benjamin GONZALES, Maire de Saulx de VesoulSuppl\u00e9ance: M. Christophe LAURENCOT, Maire de Gray\n4\u00b0 - coll\u00e8ge des repr\u00e9sentants de l'Etat et des organismes de s\u00e9curit\u00e9 sociale (trois membres)a) Un repr\u00e9sentant de l'Etat d\u00e9sign\u00e9 par le pr\u00e9fet de la Haute Sa\u00f4ne\nARS Bourgogne Franche-Comt\u00e9 - 70-2025-10-14-00012 - 10 2025-67 arr\u00eat\u00e9 modificatif CTS 70 du 14 10 2025 8\nTitulaire : M. Yves LAMBERT, Direction d\u00e9partementale de Vemploi, du travail, dessolidarit\u00e9s et de la protection des populations (DDETSPP 70)Suppl\u00e9ance : en cours de d\u00e9signationb) Deux repr\u00e9sentants des organismes de s\u00e9curit\u00e9 sociale d\u00e9sign\u00e9s par le directeur g\u00e9n\u00e9ral del'agence r\u00e9gionale de sant\u00e9, sur proposition conjointe des organismes locaux ou r\u00e9gionauxde s\u00e9curit\u00e9 sociale du ressort du conseilTitulaire : Mme Rachel SAPOLIN, MSA Franche-Comt\u00e9Suppl\u00e9ance : Mme Marie-Claire BOILLOT, CARSAT BFCTitulaire : M. Nicolas WEICK, CPAM de Haute-Sa\u00f4neSuppl\u00e9ance : Mme Marie DORIDANT, CPAM de haute-Sa\u00f4ne\n5\u00b0 - Deux personnalit\u00e9s qualifi\u00e9es- M. le Colonel St\u00e9phane HELLEU, SDIS 70- Mme Laura FIDON, F\u00e9d\u00e9ration nationale de la Mutualit\u00e9 Fran\u00e7aise\n6\u00b0 - Parlementaires \u00e9lus dans le ressort du territoire concern\u00e9- M. Olivier RIETMANN, s\u00e9nateur de la Haute-Sa\u00f4ne- M. Alain JOYANDET, s\u00e9nateur de la Haute-Sa\u00f4ne- M. Antoine VILLEDIEU, d\u00e9put\u00e9 1\u00e8re circonscription de la Haute-Sa\u00f4ne- M. Emeric SALMON, d\u00e9put\u00e9 2\u00e8me circonscription de la Haute-Sa\u00f4ne\nArticle 3 : La dur\u00e9e du mandat des membres du conseil territorial de sant\u00e9 de la Haute Sa\u00f4ne estdecing ans, renouvelable une fois, \u00e0 compter de la date de l'arr\u00eat\u00e9 initial de composition.\nArticle 4: Le directeur du cabinet, du pilotage et des territoires et la directrice territoriale deagence r\u00e9gionale de sant\u00e9 de Haute-Sa\u00f4ne sont charg\u00e9s de l'ex\u00e9cution du pr\u00e9sent arr\u00eat\u00e9 qui serapubli\u00e9 au recueil des actes administratifs de la pr\u00e9fecture de r\u00e9gion et au recueil des actesadministratifs de la pr\u00e9fecture de la Haute Sa\u00f4ne.\nArticle 5: Le pr\u00e9sent arr\u00eat\u00e9 peut \u00eatre contest\u00e9 dans un d\u00e9lai de deux mois \u00e0 compter de sanotification pour les personnes auxquelles i] a \u00e9t\u00e9 notifi\u00e9, ou de sa publication pour les autrespersonnes, en formulant : |- un recours gracieux aupr\u00e8s de la directrice g\u00e9n\u00e9rale de l'agence r\u00e9gionale de sant\u00e9 deBourgogne-Franche Comt\u00e9;- un recours contentieux devant le Tribunal Administratif comp\u00e9tent.Le tribunal administratif comp\u00e9tent peut \u00eatre saisi d'un recours d\u00e9pos\u00e9 via Papplication T\u00e9l\u00e9recourscitoyens accessible par le site internet www.t\u00e9l\u00e9recours.fr.\nFait \u00e0 Vesoul, le 14 octobre 2025 |\nLa directrice g\u00e9n\u00e9rale\nathilde M\u00e4rrmier\n6 :\nARS Bourgogne Franche-Comt\u00e9 - 70-2025-10-14-00012 - 10 2025-67 arr\u00eat\u00e9 modificatif CTS 70 du 14 10 2025 9\nDDETSPP de Haute-Sa\u00f4ne\n70-2025-11-21-00004\nR\u00e9c\u00e9piss\u00e9 de d\u00e9claration Ouhih Helena\nDDETSPP de Haute-Sa\u00f4ne - 70-2025-11-21-00004 - R\u00e9c\u00e9piss\u00e9 de d\u00e9claration Ouhih Helena 10\nEE =Libert\u00e9 \u00ab \u00c9galit\u00e9 + Fraternit\u00e9R\u00c9PUBLIQUE FRAN\u00c7AISE\nR\u00e9c\u00e9piss\u00e9 de d\u00e9clarationd'un organisme de services \u00e0 la personneenregistr\u00e9 sous le N\u00b0 SAP994083780\nVu le code du travail et notamment les articles L.7231-1 \u00e0 L.7233-2, R.7232-16 \u00e0 R.7232-22, D.7231-1 etD.7233-1 \u00e0 D.7233-5 ;Vu la demande de d\u00e9claration d\u00e9pos\u00e9e par l'organisme, 41 AVENUE LEON BLUM 70400HERICOURT, le 19 novembre 2025 ;Le pr\u00e9fet de la Haute-Sa\u00f4neConstate :Qu'une d\u00e9claration d'activit\u00e9s de services \u00e0 la personne a \u00e9t\u00e9 d\u00e9pos\u00e9e aupr\u00e8s du service instructeurde Haute-Sa\u00f4ne, le 19 novembre 2025 par Mme. OUHIH HELENA en qualit\u00e9 de dirigeant(e), pourl'organisme dont l'\u00e9tablissement principal est situ\u00e9 41 AVENUE LEON BLUM 70400 HERICOURT etenregistr\u00e9 sous le N\u00b0 SAP994083780 pour l'activit\u00e9 suivante :\u00a2 Entretien de la maison et travaux m\u00e9nagers (mode d'intervention Prestataire)Toute modification concernant les activit\u00e9s exerc\u00e9es devra faire l'objet d'une d\u00e9clarationmodificative pr\u00e9alable.Sous r\u00e9serve d'\u00eatre exerc\u00e9es \u00e0 titre exclusif (ou sous r\u00e9serve d'une comptabilit\u00e9 s\u00e9par\u00e9e pour lespersonnes morales dispens\u00e9es de cette condition), ces activit\u00e9s ouvrent droit au b\u00e9n\u00e9fice desdispositions des articles L. 7233-2 du code du travail et L.241-10 du code de la s\u00e9curit\u00e9 sociale dansles conditions pr\u00e9vues par ces articles.Les effets de la d\u00e9claration courent \u00e0 compter du jour du d\u00e9p\u00f4t de la d\u00e9claration sous r\u00e9serve desdispositions de l'article R.7232-18 du code du travail. Le pr\u00e9sent r\u00e9c\u00e9piss\u00e9 n'est pas limit\u00e9 dans letemps. La d\u00e9claration a une port\u00e9e nationale.Le cas \u00e9ch\u00e9ant :En application des articles L.7232-1 et R.7232-1 \u00e0 R.7232-15, les activit\u00e9s n\u00e9cessitant un agr\u00e9ment (I del'article D.7231-1 du code du travail) n'ouvrent droit \u00e0 ces dispositions que si l'organisme apr\u00e9alablement obtenu l'agr\u00e9ment ou le renouvellement de cet agr\u00e9ment dans le ou les d\u00e9partement(s)d'exercice de ses activit\u00e9s.De m\u00eame, en application de l'article D.312-6-2 du code de l'action sociale et des familles, les activit\u00e9sn\u00e9cessitant une autorisation n'ouvrent droit \u00e0 ces dispositions que si l'organisme a pr\u00e9alablementobtenu l'autorisation ou le renouvellement de cette autorisation.L'enregistrement de la d\u00e9claration peut \u00eatre retir\u00e9 dans les conditions fix\u00e9es aux articles R.7232-20 \u00e0R.7232-22 du code du travail.Le pr\u00e9sent r\u00e9c\u00e9piss\u00e9 sera publi\u00e9 au recueil des actes administratifs de la pr\u00e9fecture.Le pr\u00e9sent r\u00e9c\u00e9piss\u00e9 peut, \u00e0 compter de sa notification, faire l'objet d'un recours gracieux aupr\u00e8sservice instructeur de Haute-Sa\u00f4ne ou d'un recours hi\u00e9rarchique adress\u00e9 au ministre charg\u00e9 del'\u00e9conomie - Direction g\u00e9n\u00e9rale des entreprises - sous-direction des services marchands, 61Boulevard Vincent Auriol, 75703 PARIS CEDEX 13.\n1/2\nDDETSPP de Haute-Sa\u00f4ne - 70-2025-11-21-00004 - R\u00e9c\u00e9piss\u00e9 de d\u00e9claration Ouhih Helena 11\nIl peut \u00e9galement faire l'objet d'un recours contentieux dans un d\u00e9lai de deux mois a compter de sanotification aupr\u00e8s du tribunal administratif tribunal administratif de Besan\u00e7on.Le tribunal administratif peut aussi \u00eatre saisi par l'application informatique \u00ab T\u00e9l\u00e9recours citoyen \u00bbaccessible sur le site internet htto://www.telerecours.fr/En cas de rejet du recours gracieux ou hi\u00e9rarchique ou en l'absence de r\u00e9ponse \u00e0 ce recours (rejetimplicite), un recours contentieux devant le tribunal administratif tribunal administratif de Besan\u00e7onpeut \u00e9galement \u00eatre form\u00e9 contre la d\u00e9cision initiale dans un d\u00e9lai de deux mois \u00e0 compter de cerejet.\nFait \u00e0 Vesoul,Le 21 novembre 2025\nt et par d\u00e9l\u00e9gation,$ partementalolidarit\u00e9sPour le pr\u00e9\n2/2\nDDETSPP de Haute-Sa\u00f4ne - 70-2025-11-21-00004 - R\u00e9c\u00e9piss\u00e9 de d\u00e9claration Ouhih Helena 12\nDDETSPP de Haute-Sa\u00f4ne\n70-2025-11-21-00003\nR\u00e9c\u00e9piss\u00e9 de d\u00e9claration Welklen Baptiste\nDDETSPP de Haute-Sa\u00f4ne - 70-2025-11-21-00003 - R\u00e9c\u00e9piss\u00e9 de d\u00e9claration Welklen Baptiste 13\nEX =\u00c0Libert\u00e9 + Egalit\u00e9 + Fraternit\u00e9R\u00c9PUBLIQUE FRAN\u00c7AISE\nR\u00e9c\u00e9piss\u00e9 de d\u00e9clarationd'un organisme de services \u00e0 la personneenregistr\u00e9 sous le N\u00b0 SAP939778957\nVu le code du travail et notamment les articles L.7231-1 a L.7233-2, R.7232-16 a R.7232-22, D.7231-1 etD.7233-1 \u00e0 D.7233-5;Vu la demande de d\u00e9claration d\u00e9pos\u00e9e par l'organisme le paysagiste, 7 Rue Des \u00e9corces 70290PLANCHER-BAS, le 07 novembre 2025 ;Le pr\u00e9fet de la Haute-Sa\u00f4neConstate :Qu'une d\u00e9claration d'activit\u00e9s de services \u00e0 la personne a \u00e9t\u00e9 d\u00e9pos\u00e9e aupr\u00e8s du service instructeurde Haute-Sa\u00f4ne, le 07 novembre 2025 par M. Welklen Baptiste en qualit\u00e9 de dirigeant(e), pourl'organisme le paysagiste dont l'\u00e9tablissement principal est situ\u00e9 7 Rue Des \u00e9corces 70290PLANCHER-BAS et enregistr\u00e9 sous le N\u00b0 SAP939778957 pour l'activit\u00e9 suivante :\u00a2 Petits travaux dejardinage (mode d'intervention Prestataire)Toute modification concernant les activit\u00e9s exerc\u00e9es devra faire l'objet d'une d\u00e9clarationmodificative pr\u00e9alable.Sous r\u00e9serve d'\u00eatre exerc\u00e9es \u00e0 titre exclusif (ou sous r\u00e9serve d'une comptabilit\u00e9 s\u00e9par\u00e9e pour lespersonnes morales dispens\u00e9es de cette condition), ces activit\u00e9s ouvrent droit au b\u00e9n\u00e9fice desdispositions des articles L. 7233-2 du code du travail et L.241-10 du code de la s\u00e9curit\u00e9 sociale dansles conditions pr\u00e9vues par ces articles.Les effets de la d\u00e9claration courent \u00e0 compter du jour du d\u00e9p\u00f4t de la d\u00e9claration sous r\u00e9serve desdispositions de l'article R.7232-18 du code du travail. Le pr\u00e9sent r\u00e9c\u00e9piss\u00e9 n'est pas limit\u00e9 dans letemps. La d\u00e9claration a une port\u00e9e nationale.Le cas \u00e9ch\u00e9ant :En application des articles L.7232-1 et R.7232-1 \u00e0 R.7232-15, les activit\u00e9s n\u00e9cessitant un agr\u00e9ment (I del'article D.7231-1 du code du travail) n'ouvrent droit \u00e0 ces dispositions que si l'organisme apr\u00e9alablement obtenu l'agr\u00e9ment ou le renouvellement de cet agr\u00e9ment dans le ou les d\u00e9partement(s)d'exercice de ses activit\u00e9s.De m\u00eame, en application de l'article D.312-6-2 du code de l'action sociale et des familles, les activit\u00e9sn\u00e9cessitant une autorisation n'ouvrent droit \u00e0 ces dispositions que si l'organisme a pr\u00e9alablementobtenu l'autorisation ou le renouvellement de cette autorisation.L'enregistrement de la d\u00e9claration peut \u00eatre retir\u00e9 dans les conditions fix\u00e9es aux articles R.7232-20 \u00e0R.7232-22 du code du travail.Le pr\u00e9sent r\u00e9c\u00e9piss\u00e9 sera publi\u00e9 au recueil des actes administratifs de la pr\u00e9fecture.Le pr\u00e9sent r\u00e9c\u00e9piss\u00e9 peut, \u00e0 compter de sa notification, faire l'objet d'un recours gracieux aupr\u00e8sservice instructeur de Haute-Sa\u00f4ne o\u00f9 d'un recours hi\u00e9rarchique adress\u00e9 au ministre charg\u00e9 del'\u00e9conomie - Direction g\u00e9n\u00e9rale des entreprises- sous-direction des services marchands, 61Boulevard Vincent Auriol, 75703 PARIS CEDEX 13.\n1/2\nDDETSPP de Haute-Sa\u00f4ne - 70-2025-11-21-00003 - R\u00e9c\u00e9piss\u00e9 de d\u00e9claration Welklen Baptiste 14\nIl peut \u00e9galement faire l'objet d'un recours contentieux dans un d\u00e9lai de deux mois \u00e0 compter de sanotification aupr\u00e8s du tribunal administratif tribunal administratif de Besancon.Le tribunal administratif peut aussi \u00eatre saisi par l'application informatique \u00ab T\u00e9l\u00e9recours citoyen \u00bbaccessible sur le site internet htto://www.telerecours.fr/En cas de rejet du recours gracieux ou hi\u00e9rarchique ou en l'absence de r\u00e9ponse \u00e0 ce recours (rejetimplicite), Un recours contentieux devant le tribunal administratif tribunal administratif de Besan\u00e7onpeut \u00e9galement \u00eatre form\u00e9 contre la d\u00e9cision initiale dans un d\u00e9lai de deux mois \u00e0 compter de cerejet.\nFait \u00e0 Vesoul,Le 21 novembre 2025\nPour le pr\u00e9feflet par, d\u00e9l\u00e9gation,|le directe d\u00e9partementa} \u00ff, du Lai, es solidarit\u00e9soe ah d ogulations\n2/2\nDDETSPP de Haute-Sa\u00f4ne - 70-2025-11-21-00003 - R\u00e9c\u00e9piss\u00e9 de d\u00e9claration Welklen Baptiste 15\nDDETSPP de Haute-Sa\u00f4ne\n70-2025-11-21-00006\nR\u00e9c\u00e9piss\u00e9 de modification d agrement Azae\nLuxeuil Les Bains\nDDETSPP de Haute-Sa\u00f4ne - 70-2025-11-21-00006 - R\u00e9c\u00e9piss\u00e9 de modification d agrement Azae Luxeuil Les Bains 16\nE =Libert\u00e9 + \u00c9galit\u00e9 \u00bb Fraternit\u00e9R\u00c9PUBLIQUE FRAN\u00c7AISE\nR\u00e9c\u00e9piss\u00e9 de modification d'agr\u00e9mentd'un organisme de services \u00e0 la personneenregistr\u00e9 sous le N\u00b0 SAP812961134\nVu le code du travail et notamment les articles L.7231-1 \u00e0 L.7233-2, R.7232-16\u00e0 R.7232-22, D.7231-1 etD.7233-1 \u00e0 D.7233-5 ;Vu l'arr\u00eat\u00e9 N\u00b0DIRECCTE-SAP-2021-N\u00b003 du 18 janvier 2021 portant renouvellement d'agr\u00e9ment d'unorganisme de services \u00e0 la personne N\u00b0SAP812961134Vu la demande de mise \u00e0 jour d'adresse d'\u00e9tablissement d\u00e9pos\u00e9e aupr\u00e8s du service instructeur deHaute-Sa\u00f4ne, le 21 novembre 2025 par M. CHAULET Vincent en qualit\u00e9 de dirigeant(e), pourl'organisme Aza\u00e9 Luxeuil-Les-Bains 1 RUE BOURGELINE 70300 LUXEUIL-LES-BAINS ;\nLe pr\u00e9fet de la Haute-Sa\u00f4neConstate :Que le si\u00e8ge social de l'organisme FA SI LA DOMICILE - Aza\u00e9 Luxeuil-Les-Bains dont l'agr\u00e9ment deservice \u00e0 la personne a \u00e9t\u00e9 accord\u00e9 le 18 janvier 2021 est situ\u00e9 1 RUE BOURGELINE 70300 LUXEUIL-LES-BAINS depuis le 01 avril 2025.Les autres points restent inchang\u00e9s.\nFait \u00e0 Vesoul, le 21 novembre 2025\nPour le pr\u00e9fet et par d\u00e9l\u00e9gation,le directeur \u00e9partementalde l'emploi, dyt vail, des solidarit\u00e9set de la pro ect ndeOX]\nYves LAMBERT\n1/2\nDDETSPP de Haute-Sa\u00f4ne - 70-2025-11-21-00006 - R\u00e9c\u00e9piss\u00e9 de modification d agrement Azae Luxeuil Les Bains 17\nLa pr\u00e9sente d\u00e9cision peut, \u00e0 compter de sa publication, faire l'objet d'un recours gracieux aupr\u00e8s duservice instructeur de la DDETS-PP de la Haute-Sa\u00f4ne ou d'un recours hi\u00e9rarchique adress\u00e9 auministre charg\u00e9 de l'\u00e9conomie - Direction g\u00e9n\u00e9rale des entreprises - sous-direction des servicesmarchands, 61 Boulevard Vincent Auriol, 75703 PARIS CEDEX 13.Elle peut \u00e9galement faire l'objet d'un recours contentieux dans un d\u00e9lai de deux mois \u00e0 compter desa notification aupr\u00e8s du tribunal administratif de Besan\u00e7on.Le tribunal administratif peut aussi \u00eatre saisi par l'application informatique \u00ab T\u00e9l\u00e9recours citoyen \u00bbaccessible sur le site internet http://www.telerecours.fr/En cas de rejet du recours gracieux ou hi\u00e9rarchique ou en l'absence de r\u00e9ponse \u00e0 ce recours (rejetimplicite), un recours contentieux devant le tribunal administratif peut \u00e9galement \u00eatre form\u00e9 contrela d\u00e9cision initiale dans un d\u00e9lai de deux mois \u00e0 compter de ce rejet.\n2/2\nDDETSPP de Haute-Sa\u00f4ne - 70-2025-11-21-00006 - R\u00e9c\u00e9piss\u00e9 de modification d agrement Azae Luxeuil Les Bains 18\nDDETSPP de Haute-Sa\u00f4ne\n70-2025-11-21-00005\nR\u00e9c\u00e9piss\u00e9 de modification de  r\u00e9c\u00e9piss\u00e9  de \nd\u00e9claration Azae Luxeuil Les Bains\nDDETSPP de Haute-Sa\u00f4ne - 70-2025-11-21-00005 - R\u00e9c\u00e9piss\u00e9 de modification de  r\u00e9c\u00e9piss\u00e9  de  d\u00e9claration Azae Luxeuil Les Bains 19\n|Libert\u00e9 + \u00c9galit\u00e9 + Fraternit\u00e9R\u00c9PUBLIQUE FRAN\u00c7AISE\nR\u00e9c\u00e9piss\u00e9 de modification de r\u00e9c\u00e9piss\u00e9 de d\u00e9clarationd'un organisme de services \u00e0 la personneenregistr\u00e9 sous le N\u00b0 SAP812961134\nVu le code du travail et notamment les articles L.7231-1 \u00e0 L.7233-2, R.7232-16 \u00e0 R.7232-22, D.7231-1 etD.7233-1 \u00e0 D.7233-5 ;Vu la demande de modification d'adresse pr\u00e9sent\u00e9e le 21 novembre 2025 par l'organisme Aza\u00e9Luxeuil-Les-Bains,1 RUE BOURGELINE 70300 LUXEUIL-LES-BAINS ;Le pr\u00e9fet de la Haute-Sa\u00f4neConstate :Qu'une demande de mise \u00e0 jour d'adresse d'\u00e9tablissement a \u00e9t\u00e9 d\u00e9pos\u00e9e aupr\u00e8s du serviceinstructeur de Haute-Sa\u00f4ne, le 21 novembre 2025 par M. CHAULET Vincent en qualit\u00e9 dedirigeant(e), pour l'organisme Aza\u00e9 Luxeuil-Les-Bains dont l'\u00e9tablissement principal est situ\u00e9 1 RUEBOURGELINE 70300 LUXEUIL-LES-BAINS et enregistr\u00e9 sous le N\u00b0 SAP812961134 pour les activit\u00e9ssuivantes:\u00ab Garde d'enfants de plus de 3 ans \u00e0 domicile (mode d'intervention Prestataire)\u00ab Soutien scolaire ou cours \u00e0 domicile (mode d'intervention Prestataire)\u00ab Accompagnement des enfants de plus de 3 ans dans leurs d\u00e9placements (mode d'interventionPrestataire)\u00a2 Entretien de la maison et travaux m\u00e9nagers (mode d'intervention Prestataire)\u00ab Petits travaux de jardinage (mode d'intervention Prestataire)+ Travaux de petit bricolage (mode d'intervention Prestataire)\u00a2 Pr\u00e9paration de repas \u00e0 domicile (mode d'intervention Prestataire)\u00a2 Livraison de repas \u00e0 domicile (mode d'intervention Prestataire)\u00ab Collecte et livraison \u00e0 domicile de linge repass\u00e9 (mode d'intervention Prestataire). Livraison de courses \u00e0 domicile (mode d'intervention Prestataire)+ Maintenance, entretien et vigilance temporaires \u00e0 domicile (mode d'intervention Prestataire)\u00ab Assistance informatique \u00e0 domicile (mode d'intervention Prestataire)e Assistance administrative \u00e0 domicile (mode d'intervention Prestataire)+ Soins d'esth\u00e9tique \u00e0 domicile pour personnes d\u00e9pendantes (mode d'intervention Prestataire)+ Soins et promenade(s) d'animaux pour personnes d\u00e9pendantes (mode d'intervention Prestataire)+ Accompagnement des personnes pr\u00e9sentant une invalidit\u00e9 temporaire (mode d'interventionPrestataire)\u00ab Garde d'enfants de moins de 3 ans et de moins de 18 ans handicap\u00e9s \u00e0 domicile (moded'intervention Prestataire) - (70, 88)\u00ab Accompagnement des enfants de moins de 3 ans ou de moins de 18 ans handicap\u00e9s (moded'intervention Prestataire) - (70, 88)\u00ab Assistance aux personnes \u00e2g\u00e9es (mode d'intervention Prestataire)\u00ab Assistance aux personnes handicap\u00e9es (mode d'intervention Prestataire). Conduite de v\u00e9hicule des PA/PH (mode d'intervention Prestataire). Accompagnement des PA/PH dans leurs d\u00e9placements (mode d'intervention Prestataire)\u00a2 Garde d'enfants de moins de 3 ans et de moins de 18 ans handicap\u00e9s \u00e0 domicile (moded'intervention Prestataire) - (70, 88)+ Accompagnement des enfants de moins de 3 ans ou de moins de 18 ans handicap\u00e9s (moded'intervention Prestataire) - (70, 88)\n1/2\nDDETSPP de Haute-Sa\u00f4ne - 70-2025-11-21-00005 - R\u00e9c\u00e9piss\u00e9 de modification de  r\u00e9c\u00e9piss\u00e9  de  d\u00e9claration Azae Luxeuil Les Bains 20\nToute modification concernant les activit\u00e9s exerc\u00e9es devra faire l'objet d'une d\u00e9clarationmodificative pr\u00e9alable.Sous r\u00e9serve d'\u00eatre exerc\u00e9es\u00e0 titre exclusif (ou sous r\u00e9serve d'une comptabilit\u00e9 s\u00e9par\u00e9e pour lespersonnes morales Siepens\u00e9es de cette condition), ces activit\u00e9s ouvrent droit au b\u00e9n\u00e9fice desdispositions des articles L. 7233-2 du code du travail et L.241-10 du code de la s\u00e9curit\u00e9 sociale dansles conditions pr\u00e9vues par ces articles.Les effets de la d\u00e9claration courent \u00e0 compter du jour de d\u00e9p\u00f4t de la d\u00e9claration, sous r\u00e9serve desdispositions de l'article R.7232-18 du code du travail.Le pr\u00e9sent r\u00e9c\u00e9piss\u00e9 n'est pas limit\u00e9 dans le temps. La d\u00e9claration a une port\u00e9e nationale.\nLe cas \u00e9ch\u00e9ant :En application des articles L.7232-1 et R.7232-1 \u00e0 R.7232-15, les activit\u00e9s n\u00e9cessitant un agr\u00e9ment (I del'article D.7231-1 du code du travail) n'ouvrent droit \u00e0 ces dispositions que si l'organisme apr\u00e9alablement obtenu l'agr\u00e9ment ou le renouvellement de cet agr\u00e9ment dans le ou les d\u00e9partement(s)d'exercice de ses activit\u00e9s.De m\u00eame, en application de l'article D.312-6-2 du code de l'action sociale et des familles, les activit\u00e9sn\u00e9cessitant une autorisation n'ouvrent droit \u00e0 ces dispositions que si l'organisme a pr\u00e9alablementobtenu l'autorisation ou le renouvellement de cette autorisation.L'\u00e9nregistrement de la d\u00e9claration peut \u00eatre retir\u00e9 dans les conditions fix\u00e9es aux articles R.7232-20 \u00e0R.7232-22 du code du travail.Le pr\u00e9sent r\u00e9c\u00e9piss\u00e9 sera publi\u00e9 au recueil des actes administratifs de la pr\u00e9fecture.Le pr\u00e9sent r\u00e9c\u00e9piss\u00e9 peut, \u00e0 compter de sa notification, faire l'objet d'un recours gracieux aupr\u00e8sservice instructeur de Haute-Sa\u00f4ne ou d'un recours hi\u00e9rarchique adress\u00e9 au ministre charg\u00e9 del'\u00e9conomie - Direction g\u00e9n\u00e9rale des entreprises - sous-direction des services marchands, 61Boulevard Vincent Auriol, 75703 PARIS CEDEX 13.Il peut \u00e9galement faire l'objet d'un recours contentieux dans un d\u00e9lai de deux mois \u00e0 compter de sanotification aupr\u00e8s du tribunal administratif tribunal administratif de Besan\u00e7on.Le tribunal administratif peut aussi \u00eatre saisi par l'application informatique \u00ab T\u00e9l\u00e9recours citoyen \u00bbaccessible sur le site internet http://www.telerecours.fr/En cas de rejet du recours gracieux ou hi\u00e9rarchique ou en l'absence de r\u00e9ponse \u00e0 ce recours (rejetimplicite), un recours contentieux devant le tribunal administratif tribunal administratif de Besan\u00e7onpeut \u00e9galement \u00eatre form\u00e9 contre la d\u00e9cision initiale dans un d\u00e9lai de deux mois \u00e0 compter de cerejet.\nFait \u00e0 Vesoul, le 21 novembre 2025\nPour le pr\u00e9fet et par d\u00e9l\u00e9gation,le direct\u00e9ur d\u00e9partementalde l'emploi/du travail, des solidarit\u00e9set de geal we\nYves LAMBERT\n2/2\nDDETSPP de Haute-Sa\u00f4ne - 70-2025-11-21-00005 - R\u00e9c\u00e9piss\u00e9 de modification de  r\u00e9c\u00e9piss\u00e9  de  d\u00e9claration Azae Luxeuil Les Bains 21\nPr\u00e9fecture de Haute-Sa\u00f4ne\n70-2025-11-25-00003\nArr\u00eat\u00e9 interd\u00e9partemental portant retrait, au 31\nd\u00e9cembre 2025, de la Communaut\u00e9 de\nCommunes du Pays Riolais du Syndicat\nIntercommunal \u00e0 Vocation Multiple (SIVOM) de\nla Vall\u00e9e et dissolution du SIVOM de la Vall\u00e9e\n(retrait de la CCPR)\nPr\u00e9fecture de Haute-Sa\u00f4ne - 70-2025-11-25-00003 - Arr\u00eat\u00e9 interd\u00e9partemental portant retrait, au 31 d\u00e9cembre 2025, de la\nCommunaut\u00e9 de Communes du Pays Riolais du Syndicat Intercommunal \u00e0 Vocation Multiple (SIVOM) de la Vall\u00e9e et dissolution du\nSIVOM de la Vall\u00e9e (retrait de la CCPR)\n22\nPREFET PREFETDE LA HAUTE-\nFratermit\u00e9\nArr\u00e9t\u00e9 interd\u00e9partemental N\u00b0 to-4 o4S- 44 -45-00003endate du 25 NOV, 2025portant retrait, au 31 d\u00e9cembre 2025, de la Communaut\u00e9 de Communes du Pays de Riolaisdu Syndicat Intercommunal \u00e0 Vocation multiple (SIVOM) de la Vall\u00e9eet dissolution du SIVOM de la Vall\u00e9e\nLe Pr\u00e9fet de la Haute-Sa\u00f4ne,Chevalier de la L\u00e9gion d'honneur,_ Chevalier de Ordre National du M\u00e9riteLe Pr\u00e9fet du Doubs,Chevalier de l'Ordre National du M\u00e9rite\nVu le Code G\u00e9n\u00e9ral des Collectivit\u00e9s Territoriales, et notamment les articles L. 5211-19, L. 5211-25-1, L. 5271-26, L. 5212-33 et L. 5711-1;Vu le d\u00e9cret du 12 janvier 2024 portant nomination de M. R\u00e9mi BASTILLE, Pr\u00e9fet du Doubs ;Vu le d\u00e9cret du 23 juillet 2025 portant nomination de M. Serge JACOB, Pr\u00e9fet de la Haute-Sa\u00f4ne :Vu l'arr\u00eat\u00e9 pr\u00e9fectoral du 12 juillet 1966 portant cr\u00e9ation d'un syndicat en vue de l'\u00e9tude, de lar\u00e9alisation et de l'exploitation d'un r\u00e9seau d'alimentation en eau potable entre les communes deMoncey, Thurey-le-Mont et Valleroy :Vu l'arr\u00eat\u00e9 pr\u00e9fectoral n\u00b04132 du 10 ao\u00fbt 1990 approuvant les statuts du syndicat intercommunald'adduction en eau potable de la r\u00e9gion de Moncey:Vu l'arr\u00eat\u00e9 pr\u00e9fectoral du 27 d\u00e9cembre 2013 portant modification des statuts du syndicat quiprend la d\u00e9nomination de \u00ab syndicat intercommunal \u00e0 vocation multiple (SIVOM) de la Vall\u00e9e \u00bb ;Vu l'arr\u00eat\u00e9 pr\u00e9fectoral n\u00b025-2024-04-04-0002 du 4 avril 2024 par lequel la Communaut\u00e9 deCommunes Doubs Baumois (CCDB) se dote de la comp\u00e9tence eau \u00e0 compter du 1\u00b0 janvier 2025 ;Vu l'arr\u00eat\u00e9 interd\u00e9partemental n\u00b0 25-2024-12-30-00003 du 30 d\u00e9cembre 2024, constatant, \u00e0compter du 1 janvier 2025, la modification de la composition du SIVOM de la Vall\u00e9e et satransformation en syndicat mixte ;Vu l'arr\u00eat\u00e9 pr\u00e9fectoral n\u00b0 25-2025-03-25-00001 du 25 mars 2025 portant d\u00e9l\u00e9gation de signature \u00e0Mme Nathalie VALLEIX, Secr\u00e9taire G\u00e9n\u00e9rale de la Pr\u00e9fecture du Doubs :Vu l'arr\u00eat\u00e9 pr\u00e9fectoral n\u00b0 70-2025-09-01-00001 du 1\u00b0 septembre 2025 portant d\u00e9l\u00e9gation designature \u00e0 Mme Annick PAQUET, Secr\u00e9taire G\u00e9n\u00e9rale de la Pr\u00e9fecture de la Haute-Sa\u00f4ne ;8 bis, rue Charies Nodier25035 BESANCON CedexT\u00e9l: 03 81 25 10 00 1/3\nPr\u00e9fecture de Haute-Sa\u00f4ne - 70-2025-11-25-00003 - Arr\u00eat\u00e9 interd\u00e9partemental portant retrait, au 31 d\u00e9cembre 2025, de la\nCommunaut\u00e9 de Communes du Pays Riolais du Syndicat Intercommunal \u00e0 Vocation Multiple (SIVOM) de la Vall\u00e9e et dissolution du\nSIVOM de la Vall\u00e9e (retrait de la CCPR)\n23\nConsid\u00e9rant la d\u00e9lib\u00e9ration du 2 d\u00e9cembre 2024, par laquelle le conseil communautaire de laCommunaut\u00e9 de Communes du Pays Riolais (CCPR) sollicite son retrait du SIVOM de la Vall\u00e9e \u00e0compter du 31 d\u00e9cembre 2025 ;Consid\u00e9rant les d\u00e9lib\u00e9rations du 6 f\u00e9vrier 2025 par lesquelles le conseil syndical du SIVOM de laVall\u00e9e, d'une part, accepte le retrait de la CCPR du SIVOM de la Vall\u00e9e au 31 d\u00e9cembre 2025, etd'autre part, propose sa dissolution et ses principes de r\u00e9partition ;Consid\u00e9rant la d\u00e9lib\u00e9ration de la Communaut\u00e9 de Communes Doubs Baumois (CCDB) du 25juin2025, se prononcant en faveur du retrait de la CCPR du SIVOM de la Vall\u00e9e ;Consid\u00e9rant d\u00e8s lors, en application de l'article L. 5212-33 a) du CGCT, le retrait de la CCPR duSIVOM de la Vall\u00e9e qui entra\u00eene la dissolution de plein droit du SIVOM de la Vall\u00e9e au31 d\u00e9cembre 2025:Consid\u00e9rant que les modalit\u00e9s financi\u00e8res et patrimoniales de la dissolution du SIVOM de laVall\u00e9e ont \u00e9t\u00e9 accept\u00e9es par d\u00e9lib\u00e9rations concordantes des communaut\u00e9s de communesmembres du SIVOM de la Vall\u00e9e ;Consid\u00e9rant, en l'esp\u00e8ce, que les conditions de majorit\u00e9 qualifi\u00e9e requises sont r\u00e9unies ;Sur proposition des secr\u00e9taires g\u00e9n\u00e9rales des Pr\u00e9fectures du Doubs et de la Haute-Sa\u00f4ne ;\nARRETENT\nArticle 1%:La communaut\u00e9 de communes du Pays Riolais est autoris\u00e9e \u00e0 se retirer du Syndicatintercommunal \u00e0 Vocation multiple de la Vall\u00e9e au 31 d\u00e9cembre 2025.Article2 :Est constat\u00e9e, par application de l'article L. 5212-33 \u00e0) du CGCT, la dissolution de plein droit au31 d\u00e9cembre 2025, du Syndicat Intercommunal 4 Vocation multiple de la Vall\u00e9e, puisqu'il necompte plus qu'un seul membre, la communaut\u00e9 de communes du Doubs Baumois (CCDB).Sur la base du compte administratif qui doit \u00eatre vot\u00e9 avant la date de dissolution, l'actif et lepassif sont transmis \u00e0 cette date \u00e0 la CCDB, qui sera \u00e9galement substitu\u00e9e au SIVOM de la Vall\u00e9edans les conventions organisant la fourniture d'eau, existantes avec Grand Besan\u00e7on M\u00e9tropole.Les principes de r\u00e9partition de liquidation du Syndicat Intercommunal \u00e0 Vocation multiple de laVall\u00e9e sont ainsi act\u00e9s.\n8 bis, rue Charles Nodier25035 BESANCON Cedex 2/3\nPr\u00e9fecture de Haute-Sa\u00f4ne - 70-2025-11-25-00003 - Arr\u00eat\u00e9 interd\u00e9partemental portant retrait, au 31 d\u00e9cembre 2025, de la\nCommunaut\u00e9 de Communes du Pays Riolais du Syndicat Intercommunal \u00e0 Vocation Multiple (SIVOM) de la Vall\u00e9e et dissolution du\nSIVOM de la Vall\u00e9e (retrait de la CCPR)\n24\nArticle 3:Par application de l'article R. 421-5 du code de justice administrative, le pr\u00e9sent arr\u00eat\u00e9 peut fairel'objet d'un recours contentieux devant le tribunal administratif de Besancon dans le d\u00e9lai dedeux mois a compter de sa publication. Le tribunal administratif peut \u00eatre saisi par l'applicationinformatique \u00abT\u00e9l\u00e9recours citoyens\u00bb accessible par le site Internet www.telerecours.fr. Durant ced\u00e9lai, un recours gracieux peut \u00eatre exerc\u00e9 aupr\u00e8s du pr\u00e9fet. En application de l'article R. 421-2,1\" alin\u00e9a du code pr\u00e9cit\u00e9 : \u00ab Sauf disposition l\u00e9gislative ou r\u00e9glementaire contraire, dans les cas o\u00f9le silence gard\u00e9 par l'autorit\u00e9 administrative sur une demande vaut d\u00e9cision de rejet, l'int\u00e9ress\u00e9dispose, pour former un recours, d'un d\u00e9lai de deux mois \u00e0 compter de la date \u00e0 laquelle est n\u00e9eune d\u00e9cision implicite de rejet. Toutefois, lorsqu'une d\u00e9cision explicite de rejet intervient avant\"expiration de cette p\u00e9riode, elle fait \u00e0 nouveau courir le d\u00e9lai de recours \u00bb.\nArticle 4 :Les secr\u00e9taires g\u00e9n\u00e9rales des pr\u00e9fectures du Doubs et de la Haute-Sa\u00f4ne sont charg\u00e9es del'ex\u00e9cution du pr\u00e9sent arr\u00eat\u00e9 qui sera notifi\u00e9 aux directeurs d\u00e9partementaux des financespubliques du Doubs et de la Haute-Sa\u00f4ne, au pr\u00e9sident de la communaut\u00e9 de communes DoubsBaumois, au pr\u00e9sident du Syndicat intercommunal \u00e0 vocation multiple de la Vall\u00e9e, au Directeurde l'Agence R\u00e9gionale de Sant\u00e9 et au centre de gestion de la fonction publique territoriale duDoubs. If sera publi\u00e9 au recueil des actes administratifs de la Pr\u00e9fecture du Doubs et de laPr\u00e9fecture de la Haute-Sa\u00f4ne.\nLe pr\u00e9fet du Doubs, Le pr\u00e9fet de la Haute-Sa\u00f4ne,\npe\npour lele tu et par d\u00e9l\u00e9gation,La Secr\u00e9taire G\u00e9n\u00e9rale/nick PAQUET\n}i\n8 bis, rue Charles Nodier25035 BESANCON Cedex 3/3\nPr\u00e9fecture de Haute-Sa\u00f4ne - 70-2025-11-25-00003 - Arr\u00eat\u00e9 interd\u00e9partemental portant retrait, au 31 d\u00e9cembre 2025, de la\nCommunaut\u00e9 de Communes du Pays Riolais du Syndicat Intercommunal \u00e0 Vocation Multiple (SIVOM) de la Vall\u00e9e et dissolution du\nSIVOM de la Vall\u00e9e (retrait de la CCPR)\n25\nPr\u00e9fecture de Haute-Sa\u00f4ne - 70-2025-11-25-00003 - Arr\u00eat\u00e9 interd\u00e9partemental portant retrait, au 31 d\u00e9cembre 2025, de la\nCommunaut\u00e9 de Communes du Pays Riolais du Syndicat Intercommunal \u00e0 Vocation Multiple (SIVOM) de la Vall\u00e9e et dissolution du\nSIVOM de la Vall\u00e9e (retrait de la CCPR)\n26","date":"2025-11-25","first_seen_on":"2025-11-25T15:39:48+00:00","id":"ab4e490a26e27f3c225c10e392d1c23d8f2e01c0d5140988ab2793eb72440680","name":"RAA 70-2025-143","pdf_creation_date":"2025-11-25T15:19:54+00:00","pdf_modification_date":null,"timezone":"Europe/Paris","url":"https://www.haute-saone.gouv.fr/contenu/telechargement/46298/369492/file/RAA%2070-2025-143.pdf"}
