{"administration":"pref30","administration_name":"Pr\u00e9fecture du Gard","content":"PR\u00c9FET\nDU GARD\nRECUEIL DES ACTES\nADMINISTRATIFS SP\u00c9CIAL\nN\u00b030-2025-077\nPUBLI\u00c9 LE  9 MAI 2025\nSommaire\nDirection d\u00e9partementale de l'\u00e9conomie, de l'emploi, du travail et des\nsolidarit\u00e9s  /\n30-2025-05-09-00002 - arr\u00eat\u00e9 pr\u00e9fectoral portant composition du\nconseil m\u00e9dical des agents de la ville + CCAS Al\u00e8s 05 2025 (3 pages) Page 3\n30-2025-05-09-00004 - arr\u00eat\u00e9 pr\u00e9fectoral portant modification du\nconseil m\u00e9dical pl\u00e9nier des agents de la ville + CCAS N\u00eemes 05 2025\n(2 pages) Page 7\nPrefecture du Gard / Cabinet du pr\u00e9fet\n30-2025-05-09-00001 - Arr\u00eat\u00e9 portant attribution d'une m\u00e9daille pour\nacte de courage et de d\u00e9vouement (1 page) Page 10\nPrefecture du Gard / SAPSI\n30-2025-05-09-00003 - ARR\u00caT\u00c9 N\u00b030-2025-05-09-00003 autorisant la\ncaptation, l'enregistrement et la transmission d'images au moyen de\ncam\u00e9ras install\u00e9es sur des a\u00e9ronefs. (4 pages) Page 12\n2\nDirection d\u00e9partementale de l'\u00e9conomie, de\nl'emploi, du travail et des solidarit\u00e9s \n30-2025-05-09-00002\narr\u00eat\u00e9 pr\u00e9fectoral portant composition du\nconseil m\u00e9dical des agents de la ville + CCAS\nAl\u00e8s 05 2025\nDirection d\u00e9partementale de l'\u00e9conomie, de l'emploi, du travail et des solidarit\u00e9s  - 30-2025-05-09-00002 - arr\u00eat\u00e9 pr\u00e9fectoral portant\ncomposition du conseil m\u00e9dical des agents de la ville + CCAS Al\u00e8s 05 2025 3\n| Direction d\u00e9partementalePREFET de l'Emploi, du Travail et des Solidarit\u00e9sDU GARDLibert\u00e9Egalit\u00e9Fraternit\u00e9\nArr\u00eat\u00e9 n\u00b0portant composition de la formation pl\u00e9ni\u00e8re du_ conseil m\u00e9dical des agents de la ville et du CCAS d'Al\u00e9s\nLe pr\u00e9fet du GardChevalier de la L\u00e9gion d'honneurChevalier de l'ordre national du M\u00e9rite\nVu le code g\u00e9n\u00e9ral de la fonction publique,Vu le d\u00e9cret n\u00b087-602 du 30/07/1987 modifi\u00e9 portant dispositions statutaires relatives \u00e0 lafonction publique territoriale et relatif \u00e0 l'organisation des comit\u00e9s m\u00e9dicaux et descommissions de r\u00e9forme, aux conditions d'aptitude physique pour l'admission auxemplois publics et au r\u00e9gime de cong\u00e9s de maladie des fonctionnaires territoriaux,Vu le d\u00e9cret n\u00b02003-1306 du 26 d\u00e9cembre 2003 modifi\u00e9 relatif au r\u00e9gime de retraite desfonctionnaires affili\u00e9s \u00e0 la caisse nationale de retraites des agents des collectivit\u00e9slocales,Vu l'arr\u00eat\u00e9 pr\u00e9fectoral n\u00b030-2023-05-26-00004 du 26 mai 2023 portant composition de laformation restreinte du conseil m\u00e9dical d\u00e9partemental,Vu l'arr\u00eat\u00e9 pr\u00e9fectoral n\u00b030-2024-02-19-00002 du 19 f\u00e9vrier 2024 portant d\u00e9l\u00e9gation designature \u00e0 la directrice d\u00e9partementale de l'emploi, du travail et des solidarit\u00e9s,Vu l'arr\u00eat\u00e9 pr\u00e9fectoral n\u00b030-2023-06-09-00007 du 09 juin 2023 portant composition de laformation pl\u00e9ni\u00e8re du conseil m\u00e9dical des agents de la ville et du CCAS d'Ale\u00e9s,Vu l'arr\u00eat\u00e9 pr\u00e9fectoral n\u00b030-2025-02-13-00003 du 13 f\u00e9vrier portant modification de laformation pl\u00e9ni\u00e8re du conseil m\u00e9dical des agents de la ville et du CCAS d'Ale\u00e9s,Vu l'extrait n\u00b02025-00299 du 24 avril 2025 du registre des arr\u00eat\u00e9s de la ville d'Al\u00e9s actant desmodifications de repr\u00e9sentation en conseil m\u00e9dical pl\u00e9nier,Sur proposition de Madame la directrice d\u00e9partementale de l'emploi, du travail et dessolidarit\u00e9s du Gard,ARR\u00caTEArticle 1er: La composition de la formation pl\u00e9ni\u00e8re du conseil m\u00e9dical des agents de laville et du CCAS d'Al\u00e9s est la suivante :\nMas de l'Agriculture \u2014 1120 route de Saint Gilles \u2014 BP 39081 \u2014 30972 NIMES CEDEX 9T\u00e9l : 04 30 08 61 20 - www.gard.gouv.fr\nDirection d\u00e9partementale de l'\u00e9conomie, de l'emploi, du travail et des solidarit\u00e9s  - 30-2025-05-09-00002 - arr\u00eat\u00e9 pr\u00e9fectoral portant\ncomposition du conseil m\u00e9dical des agents de la ville + CCAS Al\u00e8s 05 2025 4\nM\u00e9decins membres du conseil m\u00e9dical restreint -Titulaires :Docteur PRANGERE Vincent - g\u00e9n\u00e9raliste agr\u00e9\u00e9Dr PUJOLAS Philippe - g\u00e9n\u00e9raliste agr\u00e9\u00e9Dr MENARD Charles - psychiatre agr\u00e9\u00e9Suppl\u00e9ants :Dr MENAGER Vanessa - g\u00e9n\u00e9raliste agr\u00e9\u00e9e. Dr SIVERA Jean-Luc - g\u00e9n\u00e9raliste agr\u00e9\u00e9Dr SUREL Dani\u00e8le - psychiatre agr\u00e9\u00e9e\nRepr\u00e9sentants de la collectivit\u00e9Titulaires : Suppl\u00e9ants :Mme MAGNE MartineMme SOUSTELLE Rose-MarieMme VEAU-VEYRET Marie-Jos\u00e9M. ROUILLON Jean-ClaudeM. MAZUC BrunoMme PEYRIC Marie-Christine\nRepr\u00e9sentants des personnels de cat\u00e9gorie ATitulaires : Suppl\u00e9ants :Mme BOUTONNET H\u00e9l\u00e8neM. SESTINI ChristianM. CHANEL FabriceM. VALMARY OlivierMme PIETROPINTO NathalieM. DEHOUCK C\u00e9dric\nRepr\u00e9sentants des personnels de cat\u00e9gorie B\nTitulaires : Suppl\u00e9ants :M. ANDREANI David M. FABRE Fr\u00e9d\u00e9ricM. MARROT C\u00e9dricM. HUGON-GUIBAL LaurentM. NAMAR F\u00e9radMme BUERI Laurence\nMas de l'Agriculture \u2014 1120 route de Saint Gilles - BP 39081 \u2014 30972 NIMES CEDEX 9T\u00e9l : 04 30 08 61 20 - www.gard.gouv.fr\nDirection d\u00e9partementale de l'\u00e9conomie, de l'emploi, du travail et des solidarit\u00e9s  - 30-2025-05-09-00002 - arr\u00eat\u00e9 pr\u00e9fectoral portant\ncomposition du conseil m\u00e9dical des agents de la ville + CCAS Al\u00e8s 05 2025 5\nRepr\u00e9sentants des personnels de cat\u00e9gorie C\nTitulaires : Suppl\u00e9ants :Mme BONNET V\u00e9ronique Mme TURC SylvianeMme FELICI S\u00e9verineMme PECOUT Christine Mme JOLBERT KatyMme CORREA Anne\nArticle 2 :\nArticle 3 :\nArticle 4 :\nArticle 5 :\nArticle 6 :\nArticle 7 :\nLe Dr PRANGERE est d\u00e9sign\u00e9 pour assurer la pr\u00e9sidence de l'instance.En cas d'emp\u00e9chement du m\u00e9decin-pr\u00e9sident en s\u00e9ance, la pr\u00e9sidence estassur\u00e9e par le m\u00e9decin qu'il aura d\u00e9sign\u00e9 ou, \u00e0 d\u00e9faut, par le m\u00e9decin leplus \u00e2g\u00e9 pr\u00e9sent.La formation pl\u00e9ni\u00e8re du conseil m\u00e9dical ne si\u00e8ge valablement que si aumoins quatre de ses membres sont pr\u00e9sents, dont au moins deux m\u00e9decinset un repr\u00e9sentant du personnel.Chaque membre peut donner pouvoir \u00e0 un autre membre.Les avis sont \u00e9mis \u00e0 la majorit\u00e9 des membres pr\u00e9sents et repr\u00e9sent\u00e9s.En cas d'\u00e9galit\u00e9 des votes, le m\u00e9decin pr\u00e9sident a voix pr\u00e9pond\u00e9rante.Les arr\u00eat\u00e9s pr\u00e9fectoraux n\u00b0 30-2023-06-09-00007 et 30-2025-02-13-00003sont abrog\u00e9s.Cet arr\u00eat\u00e9 peut faire l'objet d'un recours contentieux devant le tribunaladministratif de Nimes \u2014 16 avenue Feuch\u00e9res \u2014 dans le d\u00e9lai de deux moiscourant a compter de sa notification. oeLe tribunal administratif peut aussi \u00eatre saisi par l'application informatique\"T\u00e9l\u00e9recours Citoyens\" accessible par le site internet www.telerecours.frLe secr\u00e9taire g\u00e9n\u00e9ral de la pr\u00e9fecture du Gard et la directrice d\u00e9partementalede l'emploi, du travail et des solidarit\u00e9s du Gard sont charg\u00e9s, chacun en cequi le concerne, de l'ex\u00e9cution du pr\u00e9sent arr\u00eat\u00e9 qui sera publi\u00e9 au recueildes actes administratifs.\n|\nMas de l'Agriculture \u2014 1120 route de Saint Gilles - BP 39081 \u2014 30972 NIMES CEDEX 9| T\u00e9l : 04 30 08 61 20 - www.gard.gouv.fr\nDirection d\u00e9partementale de l'\u00e9conomie, de l'emploi, du travail et des solidarit\u00e9s  - 30-2025-05-09-00002 - arr\u00eat\u00e9 pr\u00e9fectoral portant\ncomposition du conseil m\u00e9dical des agents de la ville + CCAS Al\u00e8s 05 2025 6\nDirection d\u00e9partementale de l'\u00e9conomie, de\nl'emploi, du travail et des solidarit\u00e9s \n30-2025-05-09-00004\narr\u00eat\u00e9 pr\u00e9fectoral portant modification du\nconseil m\u00e9dical pl\u00e9nier des agents de la ville +\nCCAS N\u00eemes 05 2025\nDirection d\u00e9partementale de l'\u00e9conomie, de l'emploi, du travail et des solidarit\u00e9s  - 30-2025-05-09-00004 - arr\u00eat\u00e9 pr\u00e9fectoral portant\nmodification du conseil m\u00e9dical pl\u00e9nier des agents de la ville + CCAS N\u00eemes 05 2025 7\n| Direction d\u00e9partementalePREFET co, de l'emploi, du travail et des solidarit\u00e9sDU GARD |Libert\u00e9\u00c9galit\u00e9Fraternit\u00e9\n| Arr\u00eat\u00e9 n\u00b0portant modification de la formation pl\u00e9ni\u00e8re du conseil m\u00e9dicaldes agents de la ville et du CCAS de N\u00eemesLe pr\u00e9fet du GardChevalier de la L\u00e9gion d'honneurChevalier de l'ordre national du M\u00e9rite\nVu le code g\u00e9n\u00e9ral de la fonction publique,Vu le d\u00e9cret n\u00b087-602 du 30/07/1987 modifi\u00e9 portant dispositions statutaires relatives \u00e0 lafonction publique territoriale et relatif \u00e0 l'organisation des comit\u00e9s m\u00e9dicaux et descommissions de r\u00e9forme, aux conditions d'aptitude physique pour l'admission auxemplois publics et au r\u00e9gime de cong\u00e9s de maladie des fonctionnaires territoriaux,Vu le d\u00e9cret n\u00b02003-1306 du 26 d\u00e9cembre 2003 relatif au r\u00e9gime de retraite desfonctionnaires affili\u00e9s \u00e0 la caisse nationale de retraites des agents des collectivit\u00e9slocales,Vu l'arr\u00eat\u00e9 pr\u00e9fectoral n\u00b030-2023-05-26-00004 du 26 mai 2023 portant composition de laformation restreinte du conseil m\u00e9dical d\u00e9partemental,Vu l'arr\u00eat\u00e9 pr\u00e9fectoral n\u00b030-2024-02-19-00002 du 19 f\u00e9vrier 2024 portant d\u00e9l\u00e9gation designature \u00e0 la directrice d\u00e9partementale de l'emploi, du travail et des solidarit\u00e9s,Vu l'arr\u00eat\u00e9 pr\u00e9fectoral n\u00b0 30-2024-03-11-00004 du 11 mars 2024 portant composition de laformation pl\u00e9ni\u00e8re du conseil m\u00e9dical des agents de la ville et du CCAS de N\u00eemes,Vu l'arr\u00eat\u00e9 pr\u00e9fectoral n\u00b0 30-2024-07-26-00004 du 26 juillet 2024 portant modification de laformation pl\u00e9ni\u00e8re du conseil m\u00e9dical des agents de la ville et du CCAS de N\u00eemes,Vu le courrier CVT-JT 2025-1259 du 22 avril 2025 du Maire de N\u00eemes d\u00e9signant les nouveauxrepr\u00e9sentants de la collectivit\u00e9,Sur proposition de Madame la directrice d\u00e9partementale de l'emploi, du travail et dessolidarit\u00e9s du Gard, ARRETE\nArticle 1er : Les repr\u00e9sentants de la collectivit\u00e9 autoris\u00e9s \u00e0 si\u00e9ger en formation pl\u00e9ni\u00e8re duconseil m\u00e9dical de la ville et du CCAS de N\u00eemes sont :\nMas de l'Agriculture \u2014 1120 route de Saint Gilles \u2014 BP 39081 \u2014 30972 NIMES CEDEX 9T\u00e9l : 04 30 08 61 20 - www.gard.gouv.fr\nDirection d\u00e9partementale de l'\u00e9conomie, de l'emploi, du travail et des solidarit\u00e9s  - 30-2025-05-09-00004 - arr\u00eat\u00e9 pr\u00e9fectoral portant\nmodification du conseil m\u00e9dical pl\u00e9nier des agents de la ville + CCAS N\u00eemes 05 2025 8\nTitulaires : Suppl\u00e9ants :Mme WOLBER Valentine Mme TOURNIER-BARNIER ChristineM. CAMPELLO Jean-MarcM. PASTOR Fr\u00e9d\u00e9ric M. PIO ChristopheMme LEBLOND Thiphaine\nLe reste est sans changement.\nArticle 2: Cet arr\u00eat\u00e9 peut faire l'objet d'un recours contentieux devant le tribunaladministratif de N\u00eemes \u2014 16 avenue Feuch\u00e8res \u2014 dans le d\u00e9lai de deux moiscourant \u00e0 compter de sa notification.Le tribunal administratif peut aussi \u00eatre saisi par l'application informatique\"T\u00e9l\u00e9recours Citoyens\" accessible par le site internet www.telerecours.frArticle 3: Le secr\u00e9taire g\u00e9n\u00e9ral de la pr\u00e9fecture du Gard et la directrice d\u00e9partementalede l'emploi, du travail et des solidarit\u00e9s du Gard sont charg\u00e9s, chacun en cequi le concerne, de l'ex\u00e9cution du pr\u00e9sent arr\u00eat\u00e9 qui sera publi\u00e9 au recueildes actes administratifs.\nNimes, le \u00dc 5 MA; 2g2s\nSophie BOUDOT\nMas de l'Agriculture \u2014 1120 route de Saint Gilles \u2014 BP 39081 \u2014 30972 NIMES CEDEX 9T\u00e9l : 04 30 08 61 20 - www.gard.gouv.fr\nDirection d\u00e9partementale de l'\u00e9conomie, de l'emploi, du travail et des solidarit\u00e9s  - 30-2025-05-09-00004 - arr\u00eat\u00e9 pr\u00e9fectoral portant\nmodification du conseil m\u00e9dical pl\u00e9nier des agents de la ville + CCAS N\u00eemes 05 2025 9\nPrefecture du Gard\n30-2025-05-09-00001\nArr\u00eat\u00e9 portant attribution d'une m\u00e9daille pour\nacte de courage et de d\u00e9vouement\nPrefecture du Gard - 30-2025-05-09-00001 - Arr\u00eat\u00e9 portant attribution d'une m\u00e9daille pour acte de courage et de d\u00e9vouement 10\nPREFET Cabinet du pr\u00e9fetDU GARD | ; ; nertiews Bureau de la repr\u00e9sentation de l'Etat\u00c9galit\u00e9Fraternit\u00e9\nArr\u00eat\u00e9 n\u00b0portant attribution d'une m\u00e9daillepour acte de courage et de d\u00e9vouement\n| Le pr\u00e9fetchevalier de la L\u00e9gion d'honneur,chevalier de l'ordre national du M\u00e9rite,\nVu le d\u00e9cret du 16 novembre 1901 modifi\u00e9 par le d\u00e9cret du 9 d\u00e9cembre 1924 ;Vu le d\u00e9cret n\u00b070 221 du 17 mars 1970 portant d\u00e9concentration en mati\u00e8re d'attribution de la m\u00e9daillepour acte de courage et de d\u00e9vouement ;Vu le compte-rendu du capitaine Philippe CANIZARES, officier du groupement Garrigues-Camargue,dont il ressort que, le 24 juillet 2024, trois policiers municipaux de Saint-Gilles, \u00e0 savoir le chef deservice de police municipale principal de 2\u00b0 classe, Monsieur Yann FAURE, le brigadier-chef principal,Monsieur Florian LEDROIT, et le gardien brigadier Lilian BOCCAFOLI, sont intervenus sur un feud'habitation ; qu'en pr\u00e9sence d'une r\u00e9sidente de la maison, Madame Paloma LEMOINE, ils ont apprisqu'une victime se trouvait \u00e0 l'int\u00e9rieur des lieux ; qu'en raison de l'absence de r\u00e9ponse de celle-ci, ilsn'ont pas h\u00e9sit\u00e9 \u00e0 braver le danger de l'incendie pour la secourir; qu'apr\u00e8s avoir effectu\u00e9 desrecherches dans la maison, ils ont retrouv\u00e9 la victime au fond du couloir, endormie sur son lit ; qu'ilsont ensuite proc\u00e9d\u00e9 \u00e0 son extraction d'urgence, lui sauvant ainsi la vie ;Consid\u00e9rant le courage et le d\u00e9vouement dont les policiers municipaux ont collectivement fait preuvedans l'exercice de leurs missions ;Sur proposition de Madame la sous-pr\u00e9f\u00e8te, directrice de cabinet du pr\u00e9fet du Gard;ARR\u00caTEArticle 1 : Une m\u00e9daille de bronze pour acte de courage et de d\u00e9vouement est d\u00e9cern\u00e9e \u00e0 :- M. Yann FAURE, chef de service de police municipale principal de 2\u00b0 classe- M. Florian LEDROIT, brigadier-chef principal- M. Lilian BOCCAFOLI, gardien brigadier\nArticle 2 : Madame la sous-pr\u00e9f\u00e8te, directrice de cabinet et le maire de Saint-Gilles sont charg\u00e9s de. l'ex\u00e9cution du pr\u00e9sent arr\u00eat\u00e9 qui sera publi\u00e9 au recueil des actes administratifs de la pr\u00e9fecture duGard. N\u00eemes, le TM 9 MAI 2025\nJ\u00e9r\u00f4me BONET\nPrefecture du Gard - 30-2025-05-09-00001 - Arr\u00eat\u00e9 portant attribution d'une m\u00e9daille pour acte de courage et de d\u00e9vouement 11\nPrefecture du Gard\n30-2025-05-09-00003\nARR\u00caT\u00c9 N\u00b030-2025-05-09-00003 autorisant la\ncaptation, l'enregistrement et la transmission\nd'images au moyen de cam\u00e9ras install\u00e9es sur des\na\u00e9ronefs.\nPrefecture du Gard - 30-2025-05-09-00003 - ARR\u00caT\u00c9 N\u00b030-2025-05-09-00003 autorisant la captation, l'enregistrement et la\ntransmission d'images au moyen de cam\u00e9ras install\u00e9es sur des a\u00e9ronefs. 12\nCabinetE Ae. | | Direction des s\u00e9curit\u00e9s\u00eb Service d'animation des politiques de s\u00e9curit\u00e9 int\u00e9rieurePR\u00c9FET politi uDU GARDLibert\u00e9\u00c9galit\u00e9Fraternit\u00e9\nN\u00eemes le, 09 MAI 2095\nARR\u00caT\u00c9 N\u00b030-2025-05- \u00a9Q - OOOO 3autorisant la captation, l'enregistrement et la transmission d'imagesau moyen de cam\u00e9ras install\u00e9es sur des a\u00e9ronefsLe Pr\u00e9fet du GardChevalier de la L\u00e9gion d'HonneurChevalier de l'Ordre National du M\u00e9riteVu le Code de la s\u00e9curit\u00e9 int\u00e9rieure et notamment ses articles L. 242-1 \u00e0 L. 242-8 et R. 242-8 AR.242-14 ;Vu le d\u00e9cret n\u00b0 2004-374 du 29 avril 2004 relatif aux pouvoirs des pr\u00e9fets, \u00e0 l'organisation et \u00e0l'action des services de l'\u00c9tat dans les r\u00e9gions et d\u00e9partements ;Vu le d\u00e9cret du 13 juillet 2023 nommant M. J\u00e9r\u00f4me BONET, pr\u00e9fet du Gard,Vu l'arr\u00eat\u00e9 pr\u00e9fectoral du 18 octobre 2024 donnant d\u00e9l\u00e9gation de signature \u00e0Monsieur Yann GERARD, secr\u00e9taire e general de la pr\u00e9fecture du Gard, sous-pr\u00e9fet de l'arrondissementde N\u00eemes ;Vu l'arr\u00eat\u00e9 pr\u00e9fectoral n\u00b030-2024-10-18-00009 du 18 octobre 2024 donnant d\u00e9l\u00e9gation signature \u00e0Madame Marie-Charlotte EUVRARD, sous-pr\u00e9f\u00e8te, directrice de cabinet du pr\u00e9fet du Gard ;Vu l'activation du plan Vigipirate au niveau urgence attentat ;Vu l'arr\u00eat\u00e9 du ministre de l'Int\u00e9rieur et des outre-mer, en date du 19 avril 2023 relatif au nombremaximal de cam\u00e9ras install\u00e9es sur des a\u00e9ronefs pouvant \u00eatre simultan\u00e9ment utilis\u00e9es danschaque d\u00e9partement et collectivit\u00e9 d'outre-mer ;Vu l'arr\u00eat\u00e9 n\u00b030-2024-07-05 du 7 mai 2024 autorisant la captation, l'enregistrement et latransmission d'images au moyen de cam\u00e9ras install\u00e9es sur des a\u00e9ronefs ;Vu la demande en date du 7 mai 2025, form\u00e9e par la direction interd\u00e9partementale de la policenationale du Gard, visant \u00e0 obtenir l'autorisation de capter, d'enregistrer et de transmettre desimages au moyen de deux cam\u00e9ras install\u00e9es sur deux drones, afin d'assurer la s\u00e9curit\u00e9 deslocaux de l'H\u00f4tel de police de Nimes ainsi que ses abord\u00e9s ;Consid\u00e9rant que le 12 mai 2025, cinq agriculteurs gardois sont convoqu\u00e9s \u00e0 l'H\u00f4tel de police deN\u00eemes dans le cadre d'une enqu\u00eate judiciaire ;Consid\u00e9rant que la F\u00e9d\u00e9ration D\u00e9partementale des Syndicats d'Exploitants Aslicales du Gard(FDSEA 30) et du Syndicat des Jeunes Agriculteurs du Gard (JA 30) ont d\u00e9pos\u00e9 une d\u00e9clarationde manifestation en date du 12 mai 2025 devant l'H\u00f4tel de police de Nimes ;Consid\u00e9rant que les r\u00e9ticences \u00e0 la tenue de ces audiences et du comportement souvent hostiledes agriculteurs face aux forces de l'ordre ;\nH\u00f4tel de la Pr\u00e9fecture 10 avenue Feuch\u00e9res \u2014 30045 NIMES CEDEX 9T\u00e9l : 04.66.36.43.90- Fax : 04.66.36.00.87 \u2014 www.gard.gouv.fr\nPrefecture du Gard - 30-2025-05-09-00003 - ARR\u00caT\u00c9 N\u00b030-2025-05-09-00003 autorisant la captation, l'enregistrement et la\ntransmission d'images au moyen de cam\u00e9ras install\u00e9es sur des a\u00e9ronefs. 13\nConsid\u00e9rant que dans ces circonstances, un tel rassemblement est de nature a provoquer destroubles s\u00e9rieux \u00e0 l'ordre public et a la tranquillit\u00e9 publique et qu'il y a lieu de prendre toutes lesmesures n\u00e9cessairesConsid\u00e9rant que les dispositions susvis\u00e9es permettent aux forces de s\u00e9curit\u00e9 int\u00e9rieure, dansl'exercice de leurs missions de protection de la s\u00e9curit\u00e9 des personnes et des biens, de proc\u00e9der\u00e0 la captation, \u00e0 l'enregistrement et \u00e0 la transmission d'images au moyen de cam\u00e9ras install\u00e9essur des a\u00e9ronefs aux fins d'assurer la s\u00e9curit\u00e9 des personnes et des biens ; que notamment, le 1\u00b0de l'article L. 242-5 susvis\u00e9 pr\u00e9voit que ces dispositifs peuvent \u00eatre mis en \u0153uvre au titre de lapr\u00e9vention des atteintes \u00e0 la s\u00e9curit\u00e9 des personnes et des biens dans des lieux particuli\u00e8rementen raison de leurs caract\u00e9ristiques ou des faits qui s'y sont d\u00e9j\u00e0 d\u00e9roul\u00e9s, \u00e0 des risquesd'agression, de d\u00e9gradations, ainsi que la protection des b\u00e2timents et installations publics et deleurs abords imm\u00e9diats, lorsqu'ils sont particuli\u00e8rement expos\u00e9s \u00e0 des risques d'intrusion ou ded\u00e9gradations ; |Consid\u00e9rant que, compte tenu du risque d'atteintes \u00e0 la s\u00e9curit\u00e9 des personnes et des biens, durisque de troubles \u00e0 l'ordre public et \u00e0 la s\u00e9curit\u00e9 publique durant les diff\u00e9rents \u00e9v\u00e8nements, del'ampleur de la zone \u00e0 s\u00e9curiser et de la topographie urbaine des lieux concern\u00e9s, de l'int\u00e9r\u00eat dedisposer d'une vision en grand angle pour permettre le maintien et le r\u00e9tablissement de l'ordrepublic en cas de besoin et le suivi de la concentration des flux et des mouvements de personnestout en limitant l'engagement des forces au sol dans le cadre de ces \u00e9v\u00e8nements d'ampleur, lerecours au dispositif de captation install\u00e9 sur un drone est n\u00e9cessaire et adapt\u00e9 ;Consid\u00e9rant qu'il n'existe pas de dispositif moins intrusif permettant de parvenir aux m\u00eamesfins ; |Consid\u00e9rant que la demande porte sur l'engagement de deux cam\u00e9ras a\u00e9roport\u00e9es pour unedur\u00e9e de un jour dans le secteur d\u00e9limit\u00e9 par le plan joint au pr\u00e9sent arr\u00eat\u00e9 ; que les lieuxsurveill\u00e9s sont ainsi strictement limit\u00e9s au p\u00e9rim\u00e8tre sur lequel les risques pour la s\u00e9curit\u00e9 despersonnes sont susceptibles de survenir; qu'au regard des circonstances sus mentionn\u00e9es, lademande n'appara\u00eet pas disproportionn\u00e9e ; .Sur proposition de Madame la directrice de cabinet du pr\u00e9fet du Gard;_ARR\u00caTEArticle 1: La captation, l'enregistrement et la transmission d'images par la directioninterd\u00e9partementale de la police nationale du Gard, est autoris\u00e9e au titre de la s\u00e9curisation desop\u00e9rations de police sur la voie publique qui se d\u00e9roulera \u00e0 l'H\u00f4tel de Police de Nimes, et de l'appuides personnels au sol, en vue de leur permettre de maintenir ou de r\u00e9tablir l'ordre public.Article 2: Le nombre maximal de cam\u00e9ras pouvant proc\u00e9der simultan\u00e9ment aux traitementsmentionn\u00e9s \u00e0 l'article 1\u00b0 est fix\u00e9 \u00e0 2 (mod\u00e8le Mavic).Article 3 : La pr\u00e9sente autorisation est limit\u00e9e au p\u00e9rim\u00e8tre g\u00e9ographique figurant sur le planjoint en annexe.Article 4: La pr\u00e9sente autorisation est d\u00e9livr\u00e9e pour la journ\u00e9e du lundi 12 mai 2025de 08h00 \u00e0 16h00.Article 5 : L'information du public est assur\u00e9 comme suit :publication du pr\u00e9sent arr\u00eat\u00e9 pr\u00e9fectoral au Recueil des actes administratifs ;Article 6 : Le registre mentionn\u00e9 \u00e0 l'article L. 242-4 du Code de la s\u00e9curit\u00e9 int\u00e9rieure est transmisau repr\u00e9sentant de l'\u00c9tat dans le d\u00e9partement \u00e0 l'issue de l'\u00e9v\u00e8nement.\nPrefecture du Gard - 30-2025-05-09-00003 - ARR\u00caT\u00c9 N\u00b030-2025-05-09-00003 autorisant la captation, l'enregistrement et la\ntransmission d'images au moyen de cam\u00e9ras install\u00e9es sur des a\u00e9ronefs. 14\nArticle 7 : Le pr\u00e9sent arr\u00eat\u00e9 est publi\u00e9 au recueil des actes administratifs de la pr\u00e9fecture et peut\u00eatre contest\u00e9 dans les deux mois suivant sa notification :- soit par voie de recours gracieux form\u00e9 aupr\u00e8s de Monsieur le Pr\u00e9fet du Gard ;- soit par voie de recours hi\u00e9rarchique form\u00e9 aupr\u00e8s de M. le Ministre de l'Int\u00e9rieur ; :-soit par voie de recours contentieux d\u00e9pos\u00e9 devant le tribunal Administratif deN\u00eemes.Le tribunal administratif peut aussi \u00eatre saisi par l'application informatique \u00ab TelerecoursCitoyens \u00bb, accessible par le site internet www.telerecours.fr.Article 8 : la directrice de cabinet du pr\u00e9fet du Gard et le directeur interd\u00e9partemental de lapolice nationale du Gard sont charg\u00e9s, chacun en ce qui le concerne, de l'ex\u00e9cution du pr\u00e9sentarr\u00eat\u00e9.\nMarie-Charlotte EUVRARD\nPrefecture du Gard - 30-2025-05-09-00003 - ARR\u00caT\u00c9 N\u00b030-2025-05-09-00003 autorisant la captation, l'enregistrement et la\ntransmission d'images au moyen de cam\u00e9ras install\u00e9es sur des a\u00e9ronefs. 15\ngl2ql1 e| ap anuaaysaunec uear anusayurewoy anbiid np anyanoyepinog any91V.p suuear anysaj9yona anusay1oqe/eL pig2191997 [219099 Np asnuaayapually Jopenyes juapisald np pig: wed aazIWIap 159 aUOZ 23199| SUNILINIIHOY SAC NOILVLSSSINVINSHWIN 3d 39110d 3d 14.LOH SNOUG Nd 39VSN.Q AN0IHdVH9039 ANOZiS. \u00e0 Ti ; wo Fe:uoos al \\1 Dents . pense |)sw = | = : in 59705)suBdony Sap ae # | A csS10 37 \u00c8 ip te oot \u00c8 .~~. = x \u00a3 anes oe ot pass 2\u00b0 a \u00e6A g * : ont \u00f9 \\\u00e8 * & tom \u00c0 $ aueuson np ard \u00a3LC $ \\ & Sb sacs anewou fp anu \u00c8LT a he \u20ac asset OP \u00c9a) 3 B 5 ant -a \u20ac. d a $ eons awUoNodeS pen \u00cbei 2 jRASHA D |? ETS ph 5: = 4 s! \\ART Aha 7 2 Jugpasd 7 :a # 2 oye 3\" suanjaus \u00bb FO& A sap 22747 } ee2 yauuoissafosd 22247 xa 5 2- s 2 2 a2 a PE: $ \"46 avs G\n%%\nFa amt? | M i| D %\nLS \\ 2 yar?4 s LLa\n\u00bb \"st CA | per=> * ee \u00bbmci & L \u00c0FN EC % LEns Ve Fa \u00dc 3 4s ey anbyqndgy > Va\u00a9 cal , a ' Yns Ps ee mc 6$ \" Ara cu arth . A \u20ac i)+ - ra 8\u00b0 yarn 2 : al agr CHE % 3, 3 n ; .g BIPY P} ke me#8 WIN 3 SAT gosse 7% % i | Vp Buena\" en A. 39110d 3d 13.E0H fe) va \u0153 - FA \u00c0210299 ee 2 se = ie Vyque \u00e9 ant %, ; ee wmLe %, = im ' \\\\amy % ty ahi | NEED any \u2014+ RAR5 y SUx *, Ne \u00ff w6ey sinoy any ' \\ \u0178SANG % % \u00e0 + na % Vl am%, sureiny es a ? TDL ap ony \u00c0 \\ ;. s\u00b0 we | '\u00a3 G % eek ||ie. * er f B 2 22 (Aab S 4 d pee anadelg el EP Wie\nPrefecture du Gard - 30-2025-05-09-00003 - ARR\u00caT\u00c9 N\u00b030-2025-05-09-00003 autorisant la captation, l'enregistrement et la\ntransmission d'images au moyen de cam\u00e9ras install\u00e9es sur des a\u00e9ronefs. 16","date":"2025-05-09","first_seen_on":"2025-05-09T14:09:02+00:00","id":"aba8e6c28029e0ee23ef35279784cf555bf952b2c89ecdf0a85b7abfafaaa757","name":"recueil-30-2025-077-sp\u00e9cial du 09 05 2025","pdf_creation_date":"2025-05-09T14:05:35+00:00","pdf_modification_date":null,"timezone":"Europe/Paris","url":"https://www.gard.gouv.fr/contenu/telechargement/63095/466808/file/recueil-30-2025-077-sp%C3%A9cial%20du%2009%2005%202025.pdf"}
