{"administration":"prefidf","administration_name":"Pr\u00e9fecture de la r\u00e9gion \u00cele-de-France","content":"PREFECTURE\nREGION ILE DE\nFRANCE\nRECUEIL DES ACTES\nADMINISTRATIFS SP\u00c9CIAL\nN\u00b0IDF-057-2025-06\nPUBLI\u00c9 LE 27 JUIN 2025\nSommaire\nD\u00e9l\u00e9gation r\u00e9gionale acad\u00e9mique \u00e0 la jeunesse, \u00e0 l'engagement\net aux sports /\nIDF-2025-06-16-00023 - Arr\u00eat\u00e9 de labellisation Structure Information\nJeunesse  (SIJ) Alfortville - 16 juin 2025 (2 pages) Page 3\nIDF-2025-06-16-00018 - Arr\u00eat\u00e9 de labellisation Structure Information\nJeunesse  (SIJ) Bois-Colombes - 16 juin 2025 (2 pages) Page 6\nIDF-2025-06-16-00019 - Arr\u00eat\u00e9 de labellisation Structure Information\nJeunesse  (SIJ) Gennevilliers - 16 juin 2025 (2 pages) Page 9\nIDF-2025-06-16-00020 - Arr\u00eat\u00e9 de labellisation Structure Information\nJeunesse  (SIJ) Issy-les-Moulineaux - 16 juin 2025 (2 pages) Page 12\nIDF-2025-06-16-00016 - Arr\u00eat\u00e9 de labellisation Structure Information\nJeunesse  (SIJ) Palaiseau - 16 juin 2025 (2 pages) Page 15\nIDF-2025-06-16-00017 - Arr\u00eat\u00e9 de labellisation Structure Information\nJeunesse  (SIJ) PARIS - 16 juin 2025 (2 pages) Page 18\nIDF-2025-06-16-00015 - Arr\u00eat\u00e9 de labellisation Structure Information\nJeunesse  (SIJ) Sartrouville - 16 juin 2025 (2 pages) Page 21\nIDF-2025-06-16-00021 - Arr\u00eat\u00e9 de labellisation Structure Information\nJeunesse  (SIJ) S\u00e8vres - 16 juin 2025 (2 pages) Page 24\nIDF-2025-06-16-00022 - Arr\u00eat\u00e9 de labellisation Structure Information\nJeunesse  (SIJ)SIJ Livry-Gargan - 16 juin 2025 (2 pages) Page 27\n2\nD\u00e9l\u00e9gation r\u00e9gionale acad\u00e9mique \u00e0 la jeunesse, \u00e0\nl'engagement et aux sports\nIDF-2025-06-16-00023\nArr\u00eat\u00e9 de labellisation Structure Information\nJeunesse  (SIJ) Alfortville - 16 juin 2025\nD\u00e9l\u00e9gation r\u00e9gionale acad\u00e9mique \u00e0 la jeunesse, \u00e0 l'engagement et aux sports - IDF-2025-06-16-00023 - Arr\u00eat\u00e9 de labellisation Structure\nInformation Jeunesse  (SIJ) Alfortville - 16 juin 2025 3\nREGION ACADEMIQUE\u00ceLE-DE-FRANCELibert\u00e9Egalit\u00e9Fraternit\u00e9\n \nDirection des services d\u00e9partementaux  \nde l'\u00e9ducation nationale du Val de Marne \n                                                                   \n \n \nD\u00e9l\u00e9gation r\u00e9gionale acad\u00e9mique jeunesse,  \nengagement et sports (DRAJES) \n6/8 rue Eug\u00e8ne Oudin\u00e9 - CS 81360 \n75634 PARIS CEDEX 13 \n1/2  \n \n \nARRETE N\u00b0 2025 - 52 \n \n \nPORTANT ATTRIBUTION OU RENOUVELLEMENT DU LABEL \u00ab INFORMATION JEUNESSE \u00bb \n \n*** ALFORTVILLE *** \n \nLA RECTRICE DE LA REGION ACADEMIQUE D'ILE-DE-FRANCE, RECTRICE DE PARIS, CHANCELIERE \nDES UNIVERSITES DE PARIS ET D'ILE-DE-FRANCE \n \nVU la loi n\u00b0 2017-86 du 27 janvier 2017 relative \u00e0 l'\u00e9galit\u00e9 et \u00e0 la citoyennet\u00e9 ; \n \nVU le d\u00e9cret n\u00b02017-574 du 19 avril 2017 relatif \u00e0 la labe llisation des structures \u00ab Information \nJeunesse \u00bb pris pour l'application de la loi relative \u00e0 l'\u00e9galit \u00e9 et \u00e0 la citoyennet\u00e9 n\u00b02017 -86 du 27 \njanvier 2017 ; \n \nVU le d\u00e9cret n\u00b0 2019-1200 du 20 novembre 2019, relatif \u00e0 l'organisation des services d\u00e9concentr\u00e9s \ndes ministres charg\u00e9s de l'\u00c9ducation nationale et de l'Enseignement sup\u00e9rieur, de la Recherche et de \nl'Innovation ; \n \nVU le d\u00e9cret n\u00b0 2019-1201 du 20 novembre 2019 relatif \u00e0 l a nomination des recteurs d\u00e9l\u00e9gu\u00e9s \u00e0 \nl'\u00c9ducation nationale, \u00e0 l'Enseignement sup\u00e9rieur, \u00e0 la Recherche et \u00e0 l'Innovation en Conseil des \nministres ;  \n  \nVU le d\u00e9cret n\u00b0 2022-1184 du 25 ao\u00fbt 2022 portant modific ation du d\u00e9cret no 2017-574 du 19 avril \n2017 modifi\u00e9 relatif \u00e0 la labelli sation des structures \u00ab Information Jeunesse \u00bb, pris pou r l'application  \nde la loi relative \u00e0 l'\u00e9galit\u00e9 et \u00e0 la citoyennet\u00e9 no 2017-86 du 27 janvier 2017 ; \n \nVU le d\u00e9cret du 12 mars 2025 portant nomination de Julie Benetti, rectrice de la r\u00e9gion acad\u00e9mique \nIle-de-France, rectrice de l'acad\u00e9mie de Paris ; \n \nVU l'arr\u00eat\u00e9 du 19 avril 2017 pris en application du d\u00e9cret relatif \u00e0 la labellisation des structures \n\u00ab Information jeunesse \u00bb pris pour l'application de la loi relative \u00e0 l'\u00e9galit\u00e9 et \u00e0 la citoyennet\u00e9 n\u00b02017-\n86 du 27 janvier 2017 ; \n \nVU l'arr\u00eat\u00e9 IDF-2023-02-0015 n\u00b023-02 du 03 f\u00e9vrier 2023 relatif \u00e0 la constitution, \u00e0 la composition \nr\u00e9gionale et au fonctionnement de la formation sp\u00e9cialis\u00e9 e \u00ab Information Jeunesse \u00bb de la \nCommission r\u00e9gionale de la jeunesse, des sports et de la vie associative d'Ile-de-France (CRJSVA IDF) ; \nVU l'arr\u00eat\u00e9 2025-024 du 27 mars 2025 portant d\u00e9l\u00e9gation et subd\u00e9l\u00e9gation de signature de la rectrice de \nla r\u00e9gion acad\u00e9mique d'Ile -de-France en mati\u00e8re administrative pour la mise en \u0153uvre des missions de \njeunesse, d'engagement et de sports ; \nD\u00e9l\u00e9gation r\u00e9gionale acad\u00e9mique \u00e0 la jeunesse, \u00e0 l'engagement et aux sports - IDF-2025-06-16-00023 - Arr\u00eat\u00e9 de labellisation Structure\nInformation Jeunesse  (SIJ) Alfortville - 16 juin 2025 4\nD\u00e9l\u00e9gation r\u00e9gionale acad\u00e9mique jeunesse,  \nengagement et sports (DRAJES) \n6/8 rue Eug\u00e8ne Oudin\u00e9 - CS 81360 \n75634 PARIS CEDEX 13 2/2  \n \nVU l'avis formul\u00e9 par la formation sp\u00e9cialis\u00e9e Information jeunesse d'Ile-de-France du 05 Juin 2025, issue \nde la commission r\u00e9gionale de la jeunesse, des sports et de la vie associative en Ile de France  \n \n \nARR\u00caTE : \n \nArticle 1er : \nEst labellis\u00e9e \u00ab Information Jeunesse \u00bb la structure suivante : \n \nStructure : Structure Information Jeunesse \u00ab Point Information Jeunesse \u00bb d'Alfortville \nSitu\u00e9e : 49 rue Marcel Bourdarias \u2013 94140 Alfortville \n \nArticle 2 : \n \nL'Etat accorde le Label, sous r\u00e9serve du respect des crit\u00e8res des conditions de sa d\u00e9livrance. \n \nLes services d\u00e9partementaux \u00e0 la jeunesse, \u00e0 l'engagement et aux sports, sont garants du respect des \nvaleurs du Label et sont responsables de la mise en \u0153uvre du Label et de l'organisation du processus \nde labellisation.  \n \nArticle 3 : \n \nL'entr\u00e9e en vigueur du label se fait \u00e0 la date de publication du pr\u00e9sent arr\u00eat\u00e9. \nLe label est attribu\u00e9 ou renouvel\u00e9 pour une dur\u00e9e de 6 ans  \u00e0 compter de la date de publication du \npr\u00e9sent arr\u00eat\u00e9 sous r\u00e9serve d'un bilan de sa mise en \u0153uvre par la structure au bout de 3 ans.  \n \nArticle 4 : \n \nLa D\u00e9l\u00e9gation r\u00e9gionale acad\u00e9mique \u00e0 la jeunesse, \u00e0 l 'engagement et aux sports est charg\u00e9e de \nl'ex\u00e9cution du pr\u00e9sent arr\u00eat\u00e9, qui sera publi\u00e9 au recueil des actes administratifs de la pr\u00e9fecture.  \n \nIl sera notifi\u00e9 aux maires des communes et aux responsables l\u00e9gaux des structures concern\u00e9es. \n \nFait \u00e0 Paris, le 16 juin 2025, \n \nPour la rectrice de r\u00e9gion acad\u00e9mique, rectrice de Paris, \nchanceli\u00e8re des universit\u00e9s de Paris et d'Ile-de-France, \nPar d\u00e9l\u00e9gation, \nLa d\u00e9l\u00e9gu\u00e9e r\u00e9gionale acad\u00e9mique \u00e0 la jeunesse,  \n\u00e0 l'engagement et aux sports d'Ile-de-France  \n \n                                                                                                                 SIGNE \n \nC\u00e9cile NICOL \n \nD\u00e9l\u00e9gation r\u00e9gionale acad\u00e9mique \u00e0 la jeunesse, \u00e0 l'engagement et aux sports - IDF-2025-06-16-00023 - Arr\u00eat\u00e9 de labellisation Structure\nInformation Jeunesse  (SIJ) Alfortville - 16 juin 2025 5\nD\u00e9l\u00e9gation r\u00e9gionale acad\u00e9mique \u00e0 la jeunesse, \u00e0\nl'engagement et aux sports\nIDF-2025-06-16-00018\nArr\u00eat\u00e9 de labellisation Structure Information\nJeunesse  (SIJ) Bois-Colombes - 16 juin 2025\nD\u00e9l\u00e9gation r\u00e9gionale acad\u00e9mique \u00e0 la jeunesse, \u00e0 l'engagement et aux sports - IDF-2025-06-16-00018 - Arr\u00eat\u00e9 de labellisation Structure\nInformation Jeunesse  (SIJ) Bois-Colombes - 16 juin 2025 6\nREGION ACADEMIQUE\u00ceLE-DE-FRANCELibert\u00e9Egalit\u00e9Fraternit\u00e9\n \nDirection des services d\u00e9partementaux  \nde l'\u00e9ducation nationale des Hauts-de-Seine \n                                                                   \n \n \nD\u00e9l\u00e9gation r\u00e9gionale acad\u00e9mique jeunesse,  \nengagement et sports (DRAJES) \n6/8 rue Eug\u00e8ne Oudin\u00e9 - CS 81360 \n75634 PARIS CEDEX 13 \n1/2  \n \n \nARRETE N\u00b0 2025 - 47 \n \n \nPORTANT ATTRIBUTION OU RENOUVELLEMENT DU LABEL \u00ab INFORMATION JEUNESSE \u00bb \n \n*** BOIS-COLOMBES *** \n \nLA RECTRICE DE LA REGION ACADEMIQUE D'ILE-DE-FRANCE, RECTRICE DE PARIS, CHANCELIERE \nDES UNIVERSITES DE PARIS ET D'ILE-DE-FRANCE \n \nVU la loi n\u00b0 2017-86 du 27 janvier 2017 relative \u00e0 l'\u00e9galit\u00e9 et \u00e0 la citoyennet\u00e9 ; \n \nVU le d\u00e9cret n\u00b02017-574 du 19 avril 2017 relatif \u00e0 la labe llisation des structures \u00ab Information \nJeunesse \u00bb pris pour l'application de la loi relative \u00e0 l'\u00e9galit \u00e9 et \u00e0 la citoyennet\u00e9 n\u00b02017 -86 du 27 \njanvier 2017 ; \n \nVU le d\u00e9cret n\u00b0 2019-1200 du 20 novembre 2019, relatif \u00e0 l'organisation des services d\u00e9concentr\u00e9s \ndes ministres charg\u00e9s de l'\u00c9ducation nationale et de l'Enseignement sup\u00e9rieur, de la Recherche et de \nl'Innovation ; \n \nVU le d\u00e9cret n\u00b0 2019-1201 du 20 novembre 2019 relatif \u00e0 l a nomination des recteurs d\u00e9l\u00e9gu\u00e9s \u00e0 \nl'\u00c9ducation nationale, \u00e0 l'Enseignement sup\u00e9rieur, \u00e0 la Recherche et \u00e0 l'Innovation en Conseil des \nministres ;  \n  \nVU le d\u00e9cret n\u00b0 2022-1184 du 25 ao\u00fbt 2022 portant modific ation du d\u00e9cret no 2017-574 du 19 avril \n2017 modifi\u00e9 relatif \u00e0 la labelli sation des structures \u00ab Information Jeunesse \u00bb, pris pou r l'application  \nde la loi relative \u00e0 l'\u00e9galit\u00e9 et \u00e0 la citoyennet\u00e9 no 2017-86 du 27 janvier 2017 ; \n \nVU le d\u00e9cret du 12 mars 2025 portant nomination de Julie Benetti, rectrice de la r\u00e9gion acad\u00e9mique \nIle-de-France, rectrice de l'acad\u00e9mie de Paris ; \n \nVU l'arr\u00eat\u00e9 du 19 avril 2017 pris en application du d\u00e9cret relatif \u00e0 la labellisation des structures \n\u00ab Information jeunesse \u00bb pris pour l'application de la loi relative \u00e0 l'\u00e9galit\u00e9 et \u00e0 la citoyennet\u00e9 n\u00b02017-\n86 du 27 janvier 2017 ; \n \nVU l'arr\u00eat\u00e9 IDF-2023-02-0015 n\u00b023-02 du 03 f\u00e9vrier 2023 relatif \u00e0 la constitution, \u00e0 la composition \nr\u00e9gionale et au fonctionnement de la formation sp\u00e9cialis\u00e9 e \u00ab Information Jeunesse \u00bb de la \nCommission r\u00e9gionale de la jeunesse, des sports et de la vie associative d'Ile-de-France (CRJSVA IDF) ; \nVU l'arr\u00eat\u00e9 2025-024 du 27 mars 2025 portant d\u00e9l\u00e9gation et subd\u00e9l\u00e9gation de signature de la rectrice de \nla r\u00e9gion acad\u00e9mique d'Ile -de-France en mati\u00e8re administrative pour la mise en \u0153uvre des missions de \njeunesse, d'engagement et de sports ; \nD\u00e9l\u00e9gation r\u00e9gionale acad\u00e9mique \u00e0 la jeunesse, \u00e0 l'engagement et aux sports - IDF-2025-06-16-00018 - Arr\u00eat\u00e9 de labellisation Structure\nInformation Jeunesse  (SIJ) Bois-Colombes - 16 juin 2025 7\nD\u00e9l\u00e9gation r\u00e9gionale acad\u00e9mique jeunesse,  \nengagement et sports (DRAJES) \n6/8 rue Eug\u00e8ne Oudin\u00e9 - CS 81360 \n75634 PARIS CEDEX 13 2/2  \n \nVU l'avis formul\u00e9 par la formation sp\u00e9cialis\u00e9e Information jeunesse d'Ile-de-France du 05 Juin 2025, issue \nde la commission r\u00e9gionale de la jeunesse, des sports et de la vie associative en Ile de France  \n \nARR\u00caTE : \n \nArticle 1er : \nEst labellis\u00e9e \u00ab Information Jeunesse \u00bb la structure suivante : \n \nStructure : Structure Information Jeunesse \u00ab Bureau Information Jeunesse \u00bb de Bois-Colombes \n \nSitu\u00e9e : Espace Duflos, 79 rue Charles Duflos \u2013 92270 Bois-Colombes \n \n \nArticle 2 : \n \nL'Etat accorde le Label, sous r\u00e9serve du respect des crit\u00e8res des conditions de sa d\u00e9livrance. \n \nLes services d\u00e9partementaux \u00e0 la jeunesse, \u00e0 l'engagement et aux sports, sont garants du respect des \nvaleurs du Label et sont responsables de la mise en \u0153uvre du Label et de l'organisation du processus \nde labellisation.  \n \nArticle 3 : \n \nL'entr\u00e9e en vigueur du label se fait \u00e0 la date de publication du pr\u00e9sent arr\u00eat\u00e9. \nLe label est attribu\u00e9 ou renouvel\u00e9 pour une dur\u00e9e de 6 ans  \u00e0 compter de la date de publication du \npr\u00e9sent arr\u00eat\u00e9 sous r\u00e9serve d'un bilan de sa mise en \u0153uvre par la structure au bout de 3 ans.  \n \nArticle 4 : \n \nLa D\u00e9l\u00e9gation r\u00e9gionale acad\u00e9mique \u00e0 la jeunesse, \u00e0 l 'engagement et aux sports est charg\u00e9e de \nl'ex\u00e9cution du pr\u00e9sent arr\u00eat\u00e9, qui sera publi\u00e9 au recueil des actes administratifs de la pr\u00e9fecture.  \n \nIl sera notifi\u00e9 aux maires des communes et aux responsables l\u00e9gaux des structures concern\u00e9es. \n \nFait \u00e0 Paris, le 16 juin 2025, \n \nPour la rectrice de r\u00e9gion acad\u00e9mique, rectrice de Paris, \nchanceli\u00e8re des universit\u00e9s de Paris et d'Ile-de-France, \nPar d\u00e9l\u00e9gation, \nLa d\u00e9l\u00e9gu\u00e9e r\u00e9gionale acad\u00e9mique \u00e0 la jeunesse,  \n\u00e0 l'engagement et aux sports d'Ile-de-France  \n \n                                                                                                                 SIGNE \n \nC\u00e9cile NICOL \n \nD\u00e9l\u00e9gation r\u00e9gionale acad\u00e9mique \u00e0 la jeunesse, \u00e0 l'engagement et aux sports - IDF-2025-06-16-00018 - Arr\u00eat\u00e9 de labellisation Structure\nInformation Jeunesse  (SIJ) Bois-Colombes - 16 juin 2025 8\nD\u00e9l\u00e9gation r\u00e9gionale acad\u00e9mique \u00e0 la jeunesse, \u00e0\nl'engagement et aux sports\nIDF-2025-06-16-00019\nArr\u00eat\u00e9 de labellisation Structure Information\nJeunesse  (SIJ) Gennevilliers - 16 juin 2025\nD\u00e9l\u00e9gation r\u00e9gionale acad\u00e9mique \u00e0 la jeunesse, \u00e0 l'engagement et aux sports - IDF-2025-06-16-00019 - Arr\u00eat\u00e9 de labellisation Structure\nInformation Jeunesse  (SIJ) Gennevilliers - 16 juin 2025 9\nREGION ACADEMIQUE\u00ceLE-DE-FRANCELibert\u00e9Egalit\u00e9Fraternit\u00e9\n \nDirection des services d\u00e9partementaux  \nde l'\u00e9ducation nationale des Hauts-de-Seine \n                                                                   \n \n \nD\u00e9l\u00e9gation r\u00e9gionale acad\u00e9mique jeunesse,  \nengagement et sports (DRAJES) \n6/8 rue Eug\u00e8ne Oudin\u00e9 - CS 81360 \n75634 PARIS CEDEX 13 \n1/2  \n \n \nARRETE N\u00b0 2025 - 48 \n \n \nPORTANT ATTRIBUTION OU RENOUVELLEMENT DU LABEL \u00ab INFORMATION JEUNESSE \u00bb \n \n*** GENNEVILLIERS *** \n \nLA RECTRICE DE LA REGION ACADEMIQUE D'ILE-DE-FRANCE, RECTRICE DE PARIS, CHANCELIERE \nDES UNIVERSITES DE PARIS ET D'ILE-DE-FRANCE \n \nVU la loi n\u00b0 2017-86 du 27 janvier 2017 relative \u00e0 l'\u00e9galit\u00e9 et \u00e0 la citoyennet\u00e9 ; \n \nVU le d\u00e9cret n\u00b02017-574 du 19 avril 2017 relatif \u00e0 la labe llisation des structures \u00ab Information \nJeunesse \u00bb pris pour l'application de la loi relative \u00e0 l'\u00e9galit \u00e9 et \u00e0 la citoyennet\u00e9 n\u00b02017 -86 du 27 \njanvier 2017 ; \n \nVU le d\u00e9cret n\u00b0 2019-1200 du 20 novembre 2019, relatif \u00e0 l'organisation des services d\u00e9concentr\u00e9s \ndes ministres charg\u00e9s de l'\u00c9ducation nationale et de l'Enseignement sup\u00e9rieur, de la Recherche et de \nl'Innovation ; \n \nVU le d\u00e9cret n\u00b0 2019-1201 du 20 novembre 2019 relatif \u00e0 l a nomination des recteurs d\u00e9l\u00e9gu\u00e9s \u00e0 \nl'\u00c9ducation nationale, \u00e0 l'Enseignement sup\u00e9rieur, \u00e0 la Recherche et \u00e0 l'Innovation en Conseil des \nministres ;  \n  \nVU le d\u00e9cret n\u00b0 2022-1184 du 25 ao\u00fbt 2022 portant modific ation du d\u00e9cret no 2017-574 du 19 avril \n2017 modifi\u00e9 relatif \u00e0 la labelli sation des structures \u00ab Information Jeunesse \u00bb, pris pou r l'application  \nde la loi relative \u00e0 l'\u00e9galit\u00e9 et \u00e0 la citoyennet\u00e9 no 2017-86 du 27 janvier 2017 ; \n \nVU le d\u00e9cret du 12 mars 2025 portant nomination de Julie Benetti, rectrice de la r\u00e9gion acad\u00e9mique \nIle-de-France, rectrice de l'acad\u00e9mie de Paris ; \n \nVU l'arr\u00eat\u00e9 du 19 avril 2017 pris en application du d\u00e9cret relatif \u00e0 la labellisation des structures \n\u00ab Information jeunesse \u00bb pris pour l'application de la loi relative \u00e0 l'\u00e9galit\u00e9 et \u00e0 la citoyennet\u00e9 n\u00b02017-\n86 du 27 janvier 2017 ; \n \nVU l'arr\u00eat\u00e9 IDF-2023-02-0015 n\u00b023-02 du 03 f\u00e9vrier 2023 relatif \u00e0 la constitution, \u00e0 la composition \nr\u00e9gionale et au fonctionnement de la formation sp\u00e9cialis\u00e9 e \u00ab Information Jeunesse \u00bb de la \nCommission r\u00e9gionale de la jeunesse, des sports et de la vie associative d'Ile-de-France (CRJSVA IDF) ; \nVU l'arr\u00eat\u00e9 2025-024 du 27 mars 2025 portant d\u00e9l\u00e9gation et subd\u00e9l\u00e9gation de signature de la rectrice de \nla r\u00e9gion acad\u00e9mique d'Ile -de-France en mati\u00e8re administrative pour la mise en \u0153uvre des missions de \njeunesse, d'engagement et de sports ; \nD\u00e9l\u00e9gation r\u00e9gionale acad\u00e9mique \u00e0 la jeunesse, \u00e0 l'engagement et aux sports - IDF-2025-06-16-00019 - Arr\u00eat\u00e9 de labellisation Structure\nInformation Jeunesse  (SIJ) Gennevilliers - 16 juin 2025 10\nD\u00e9l\u00e9gation r\u00e9gionale acad\u00e9mique jeunesse,  \nengagement et sports (DRAJES) \n6/8 rue Eug\u00e8ne Oudin\u00e9 - CS 81360 \n75634 PARIS CEDEX 13 2/2  \n \nVU l'avis formul\u00e9 par la formation sp\u00e9cialis\u00e9e Information jeunesse d'Ile-de-France du 05 Juin 2025, issue \nde la commission r\u00e9gionale de la jeunesse, des sports et de la vie associative en Ile de France  \n \n \n \nARR\u00caTE : \n \nArticle 1er : \nEst labellis\u00e9e \u00ab Information Jeunesse \u00bb la structure suivante : \n \nStructure : Structure Information Jeunesse \u00ab Bureau Information Jeunesse \u00bb de Gennevilliers \nSitu\u00e9e : Espace Nelson Mandela, 20 Avenue Chandon \u2013 92230 Gennevilliers \n \nArticle 2 : \n \nL'Etat accorde le Label, sous r\u00e9serve du respect des crit\u00e8res des conditions de sa d\u00e9livrance. \n \nLes services d\u00e9partementaux \u00e0 la jeunesse, \u00e0 l'engagement et aux sports, sont garants du respect des \nvaleurs du Label et sont responsables de la mise en \u0153uvre du Label et de l'organisation du processus \nde labellisation.  \n \nArticle 3 : \n \nL'entr\u00e9e en vigueur du label se fait \u00e0 la date de publication du pr\u00e9sent arr\u00eat\u00e9. \nLe label est attribu\u00e9 ou renouvel\u00e9 pour une dur\u00e9e de 6 ans  \u00e0 compter de la date de publication du \npr\u00e9sent arr\u00eat\u00e9 sous r\u00e9serve d'un bilan de sa mise en \u0153uvre par la structure au bout de 3 ans.  \n \nArticle 4 : \n \nLa D\u00e9l\u00e9gation r\u00e9gionale acad\u00e9mique \u00e0 la jeunesse, \u00e0 l 'engagement et aux sports est charg\u00e9e de \nl'ex\u00e9cution du pr\u00e9sent arr\u00eat\u00e9, qui sera publi\u00e9 au recueil des actes administratifs de la pr\u00e9fecture.  \n \nIl sera notifi\u00e9 aux maires des communes et aux responsables l\u00e9gaux des structures concern\u00e9es. \n \nFait \u00e0 Paris, le 16 juin 2025, \n \nPour la rectrice de r\u00e9gion acad\u00e9mique, rectrice de Paris, \nchanceli\u00e8re des universit\u00e9s de Paris et d'Ile-de-France, \nPar d\u00e9l\u00e9gation, \nLa d\u00e9l\u00e9gu\u00e9e r\u00e9gionale acad\u00e9mique \u00e0 la jeunesse,  \n\u00e0 l'engagement et aux sports d'Ile-de-France  \n \n                                                                                                                 SIGNE \n \nC\u00e9cile NICOL \n \nD\u00e9l\u00e9gation r\u00e9gionale acad\u00e9mique \u00e0 la jeunesse, \u00e0 l'engagement et aux sports - IDF-2025-06-16-00019 - Arr\u00eat\u00e9 de labellisation Structure\nInformation Jeunesse  (SIJ) Gennevilliers - 16 juin 2025 11\nD\u00e9l\u00e9gation r\u00e9gionale acad\u00e9mique \u00e0 la jeunesse, \u00e0\nl'engagement et aux sports\nIDF-2025-06-16-00020\nArr\u00eat\u00e9 de labellisation Structure Information\nJeunesse  (SIJ) Issy-les-Moulineaux - 16 juin 2025\nD\u00e9l\u00e9gation r\u00e9gionale acad\u00e9mique \u00e0 la jeunesse, \u00e0 l'engagement et aux sports - IDF-2025-06-16-00020 - Arr\u00eat\u00e9 de labellisation Structure\nInformation Jeunesse  (SIJ) Issy-les-Moulineaux - 16 juin 2025 12\nREGION ACADEMIQUE\u00ceLE-DE-FRANCELibert\u00e9Egalit\u00e9Fraternit\u00e9\n \nDirection des services d\u00e9partementaux  \nde l'\u00e9ducation nationale des Hauts-de-Seine \n                                                                   \n \n \nD\u00e9l\u00e9gation r\u00e9gionale acad\u00e9mique jeunesse,  \nengagement et sports (DRAJES) \n6/8 rue Eug\u00e8ne Oudin\u00e9 - CS 81360 \n75634 PARIS CEDEX 13 \n1/2  \n \n \nARRETE N\u00b0 2025 - 49 \n \n \nPORTANT ATTRIBUTION OU RENOUVELLEMENT DU LABEL \u00ab INFORMATION JEUNESSE \u00bb \n \n*** ISSY-LES-MOULINEAUX *** \n \nLA RECTRICE DE LA REGION ACADEMIQUE D'ILE-DE-FRANCE, RECTRICE DE PARIS, CHANCELIERE \nDES UNIVERSITES DE PARIS ET D'ILE-DE-FRANCE \n \nVU la loi n\u00b0 2017-86 du 27 janvier 2017 relative \u00e0 l'\u00e9galit\u00e9 et \u00e0 la citoyennet\u00e9 ; \n \nVU le d\u00e9cret n\u00b02017-574 du 19 avril 2017 relatif \u00e0 la labe llisation des structures \u00ab Information \nJeunesse \u00bb pris pour l'application de la loi relative \u00e0 l'\u00e9galit \u00e9 et \u00e0 la citoyennet\u00e9 n\u00b02017 -86 du 27 \njanvier 2017 ; \n \nVU le d\u00e9cret n\u00b0 2019-1200 du 20 novembre 2019, relatif \u00e0 l'organisation des services d\u00e9concentr\u00e9s \ndes ministres charg\u00e9s de l'\u00c9ducation nationale et de l'Enseignement sup\u00e9rieur, de la Recherche et de \nl'Innovation ; \n \nVU le d\u00e9cret n\u00b0 2019-1201 du 20 novembre 2019 relatif \u00e0 l a nomination des recteurs d\u00e9l\u00e9gu\u00e9s \u00e0 \nl'\u00c9ducation nationale, \u00e0 l'Enseignement sup\u00e9rieur, \u00e0 la Recherche et \u00e0 l'Innovation en Conseil des \nministres ;  \n  \nVU le d\u00e9cret n\u00b0 2022-1184 du 25 ao\u00fbt 2022 portant modific ation du d\u00e9cret no 2017-574 du 19 avril \n2017 modifi\u00e9 relatif \u00e0 la labelli sation des structures \u00ab Information Jeunesse \u00bb, pris pou r l'application  \nde la loi relative \u00e0 l'\u00e9galit\u00e9 et \u00e0 la citoyennet\u00e9 no 2017-86 du 27 janvier 2017 ; \n \nVU le d\u00e9cret du 12 mars 2025 portant nomination de Julie Benetti, rectrice de la r\u00e9gion acad\u00e9mique \nIle-de-France, rectrice de l'acad\u00e9mie de Paris ; \n \nVU l'arr\u00eat\u00e9 du 19 avril 2017 pris en application du d\u00e9cret relatif \u00e0 la labellisation des structures \n\u00ab Information jeunesse \u00bb pris pour l'application de la loi relative \u00e0 l'\u00e9galit\u00e9 et \u00e0 la citoyennet\u00e9 n\u00b02017-\n86 du 27 janvier 2017 ; \n \nVU l'arr\u00eat\u00e9 IDF-2023-02-0015 n\u00b023-02 du 03 f\u00e9vrier 2023 relatif \u00e0 la constitution, \u00e0 la composition \nr\u00e9gionale et au fonctionnement de la formation sp\u00e9cialis\u00e9 e \u00ab Information Jeunesse \u00bb de la \nCommission r\u00e9gionale de la jeunesse, des sports et de la vie associative d'Ile-de-France (CRJSVA IDF) ; \nVU l'arr\u00eat\u00e9 2025-024 du 27 mars 2025 portant d\u00e9l\u00e9gation et subd\u00e9l\u00e9gation de signature de la rectrice de \nla r\u00e9gion acad\u00e9mique d'Ile -de-France en mati\u00e8re administrative pour la mise en \u0153uvre des missions de \njeunesse, d'engagement et de sports ; \nD\u00e9l\u00e9gation r\u00e9gionale acad\u00e9mique \u00e0 la jeunesse, \u00e0 l'engagement et aux sports - IDF-2025-06-16-00020 - Arr\u00eat\u00e9 de labellisation Structure\nInformation Jeunesse  (SIJ) Issy-les-Moulineaux - 16 juin 2025 13\nD\u00e9l\u00e9gation r\u00e9gionale acad\u00e9mique jeunesse,  \nengagement et sports (DRAJES) \n6/8 rue Eug\u00e8ne Oudin\u00e9 - CS 81360 \n75634 PARIS CEDEX 13 2/2  \n \nVU l'avis formul\u00e9 par la formation sp\u00e9cialis\u00e9e Information jeunesse d'Ile-de-France du 05 Juin 2025, issue \nde la commission r\u00e9gionale de la jeunesse, des sports et de la vie associative en Ile de France  \n \nARR\u00caTE : \nArticle 1er : \nEst labellis\u00e9e \u00ab Information Jeunesse \u00bb la structure suivante : \n \nStructure : Structure Information Jeunesse \u00ab Espace Jeunes Anne Frank \u00bb g\u00e9r\u00e9e par l'association  \nCLAVIM (Centre de Loisirs et d'Animation de la Ville d'Issy-les-Moulineaux) \nSitu\u00e9e : 15 rue Diderot \u2013 92040 Issy-les-Moulineaux \n \nArticle 2 : \n \nL'Etat accorde le Label, sous r\u00e9serve du respect des crit\u00e8res des conditions de sa d\u00e9livrance. \n \nLes services d\u00e9partementaux \u00e0 la jeunesse, \u00e0 l'engagement et aux sports, sont garants du respect des \nvaleurs du Label et sont responsables de la mise en \u0153uvre du Label et de l'organisation du processus \nde labellisation.  \n \nArticle 3 : \n \nL'entr\u00e9e en vigueur du label se fait \u00e0 la date de publication du pr\u00e9sent arr\u00eat\u00e9. \nLe label est attribu\u00e9 ou renouvel\u00e9 pour une dur\u00e9e de 6 ans  \u00e0 compter de la date de publication du \npr\u00e9sent arr\u00eat\u00e9 sous r\u00e9serve d'un bilan de sa mise en \u0153uvre par la structure au bout de 3 ans.  \n \nArticle 4 : \n \nLa D\u00e9l\u00e9gation r\u00e9gionale acad\u00e9mique \u00e0 la jeunesse, \u00e0 l 'engagement et aux sports est charg\u00e9e de \nl'ex\u00e9cution du pr\u00e9sent arr\u00eat\u00e9, qui sera publi\u00e9 au recueil des actes administratifs de la pr\u00e9fecture.  \n \nIl sera notifi\u00e9 aux maires des communes et aux responsables l\u00e9gaux des structures concern\u00e9es. \n \n \nFait \u00e0 Paris, le 16 juin 2025, \n \nPour la rectrice de r\u00e9gion acad\u00e9mique, rectrice de Paris, \nchanceli\u00e8re des universit\u00e9s de Paris et d'Ile-de-France, \nPar d\u00e9l\u00e9gation, \nLa d\u00e9l\u00e9gu\u00e9e r\u00e9gionale acad\u00e9mique \u00e0 la jeunesse,  \n\u00e0 l'engagement et aux sports d'Ile-de-France  \n \n                                                                                                                 SIGNE \n \nC\u00e9cile NICOL \n \nD\u00e9l\u00e9gation r\u00e9gionale acad\u00e9mique \u00e0 la jeunesse, \u00e0 l'engagement et aux sports - IDF-2025-06-16-00020 - Arr\u00eat\u00e9 de labellisation Structure\nInformation Jeunesse  (SIJ) Issy-les-Moulineaux - 16 juin 2025 14\nD\u00e9l\u00e9gation r\u00e9gionale acad\u00e9mique \u00e0 la jeunesse, \u00e0\nl'engagement et aux sports\nIDF-2025-06-16-00016\nArr\u00eat\u00e9 de labellisation Structure Information\nJeunesse  (SIJ) Palaiseau - 16 juin 2025\nD\u00e9l\u00e9gation r\u00e9gionale acad\u00e9mique \u00e0 la jeunesse, \u00e0 l'engagement et aux sports - IDF-2025-06-16-00016 - Arr\u00eat\u00e9 de labellisation Structure\nInformation Jeunesse  (SIJ) Palaiseau - 16 juin 2025 15\nREGION ACADEMIQUE\u00ceLE-DE-FRANCELibert\u00e9Egalit\u00e9Fraternit\u00e9\n \nDirection des services d\u00e9partementaux  \nde l'\u00e9ducation nationale de l'Essonne \n                                                                   \n \n \nD\u00e9l\u00e9gation r\u00e9gionale acad\u00e9mique jeunesse,  \nengagement et sports (DRAJES) \n6/8 rue Eug\u00e8ne Oudin\u00e9 - CS 81360 \n75634 PARIS CEDEX 13 \n1/2  \n \n \nARRETE N\u00b0 2025 - 45 \n \n \nPORTANT ATTRIBUTION OU RENOUVELLEMENT DU LABEL \u00ab INFORMATION JEUNESSE \u00bb \n \n*** PALAISEAU *** \n \nLA RECTRICE DE LA REGION ACADEMIQUE D'ILE-DE-FRANCE, RECTRICE DE PARIS, CHANCELIERE \nDES UNIVERSITES DE PARIS ET D'ILE-DE-FRANCE \n \nVU la loi n\u00b0 2017-86 du 27 janvier 2017 relative \u00e0 l'\u00e9galit\u00e9 et \u00e0 la citoyennet\u00e9 ; \n \nVU le d\u00e9cret n\u00b02017-574 du 19 avril 2017 relatif \u00e0 la labe llisation des structures \u00ab Information \nJeunesse \u00bb pris pour l'application de la loi relative \u00e0 l'\u00e9galit \u00e9 et \u00e0 la citoyennet\u00e9 n\u00b02017 -86 du 27 \njanvier 2017 ; \n \nVU le d\u00e9cret n\u00b0 2019-1200 du 20 novembre 2019, relatif \u00e0 l'organisation des services d\u00e9concentr\u00e9s \ndes ministres charg\u00e9s de l'\u00c9ducation nationale et de l'Enseignement sup\u00e9rieur, de la Recherche et de \nl'Innovation ; \n \nVU le d\u00e9cret n\u00b0 2019-1201 du 20 novembre 2019 relatif \u00e0 l a nomination des recteurs d\u00e9l\u00e9gu\u00e9s \u00e0 \nl'\u00c9ducation nationale, \u00e0 l'Enseignement sup\u00e9rieur, \u00e0 la Recherche et \u00e0 l'Innovation en Conseil des \nministres ;  \n  \nVU le d\u00e9cret n\u00b0 2022-1184 du 25 ao\u00fbt 2022 portant modific ation du d\u00e9cret no 2017-574 du 19 avril \n2017 modifi\u00e9 relatif \u00e0 la labelli sation des structures \u00ab Information Jeunesse \u00bb, pris pou r l'application  \nde la loi relative \u00e0 l'\u00e9galit\u00e9 et \u00e0 la citoyennet\u00e9 no 2017-86 du 27 janvier 2017 ; \n \nVU le d\u00e9cret du 12 mars 2025 portant nomination de Julie Benetti, rectrice de la r\u00e9gion acad\u00e9mique \nIle-de-France, rectrice de l'acad\u00e9mie de Paris ; \n \nVU l'arr\u00eat\u00e9 du 19 avril 2017 pris en application du d\u00e9cret relatif \u00e0 la labellisation des structures \n\u00ab Information jeunesse \u00bb pris pour l'application de la loi relative \u00e0 l'\u00e9galit\u00e9 et \u00e0 la citoyennet\u00e9 n\u00b02017-\n86 du 27 janvier 2017 ; \n \nVU l'arr\u00eat\u00e9 IDF-2023-02-0015 n\u00b023-02 du 03 f\u00e9vrier 2023 relatif \u00e0 la constitution, \u00e0 la composition \nr\u00e9gionale et au fonctionnement de la formation sp\u00e9cialis\u00e9 e \u00ab Information Jeunesse \u00bb de la \nCommission r\u00e9gionale de la jeunesse, des sports et de la vie associative d'Ile-de-France (CRJSVA IDF) ; \nVU l'arr\u00eat\u00e9 2025-024 du 27 mars 2025 portant d\u00e9l\u00e9gation et subd\u00e9l\u00e9gation de signature de la rectrice de \nla r\u00e9gion acad\u00e9mique d'Ile -de-France en mati\u00e8re administrative pour la mise en \u0153uvre des missions de \njeunesse, d'engagement et de sports ; \nD\u00e9l\u00e9gation r\u00e9gionale acad\u00e9mique \u00e0 la jeunesse, \u00e0 l'engagement et aux sports - IDF-2025-06-16-00016 - Arr\u00eat\u00e9 de labellisation Structure\nInformation Jeunesse  (SIJ) Palaiseau - 16 juin 2025 16\nD\u00e9l\u00e9gation r\u00e9gionale acad\u00e9mique jeunesse,  \nengagement et sports (DRAJES) \n6/8 rue Eug\u00e8ne Oudin\u00e9 - CS 81360 \n75634 PARIS CEDEX 13 2/2  \n \nVU l'avis formul\u00e9 par la formation sp\u00e9cialis\u00e9e Information jeunesse d'Ile-de-France du 05 Juin 2025, issue \nde la commission r\u00e9gionale de la jeunesse, des sports et de la vie associative en Ile de France  \n \nARR\u00caTE : \nArticle 1er : \nEst labellis\u00e9e \u00ab Information Jeunesse \u00bb la structure suivante : \n \nStructure : Structure Information Jeunesse \u00ab Point Information Jeunesse \u00bb de Palaiseau \n \nSitu\u00e9e : 31 rue de Paris \u2013 91120 Palaiseau \n \n \nArticle 2 : \n \nL'Etat accorde le Label, sous r\u00e9serve du respect des crit\u00e8res des conditions de sa d\u00e9livrance. \n \nLes services d\u00e9partementaux \u00e0 la jeunesse, \u00e0 l'engagement et aux sports, sont garants du respect des \nvaleurs du Label et sont responsables de la mise en \u0153uvre du Label et de l'organisation du processus \nde labellisation.  \n \nArticle 3 : \n \nL'entr\u00e9e en vigueur du label se fait \u00e0 la date de publication du pr\u00e9sent arr\u00eat\u00e9. \nLe label est attribu\u00e9 ou renouvel\u00e9 pour une dur\u00e9e de 6 ans  \u00e0 compter de la date de publication du \npr\u00e9sent arr\u00eat\u00e9 sous r\u00e9serve d'un bilan de sa mise en \u0153uvre par la structure au bout de 3 ans.  \n \nArticle 4 : \n \nLa D\u00e9l\u00e9gation r\u00e9gionale acad\u00e9mique \u00e0 la jeunesse, \u00e0 l 'engagement et aux sports est charg\u00e9e de \nl'ex\u00e9cution du pr\u00e9sent arr\u00eat\u00e9, qui sera publi\u00e9 au recueil des actes administratifs de la pr\u00e9fecture.  \n \nIl sera notifi\u00e9 aux maires des communes et aux responsables l\u00e9gaux des structures concern\u00e9es. \n \n \nFait \u00e0 Paris, le 16 juin 2025, \n \nPour la rectrice de r\u00e9gion acad\u00e9mique, rectrice de Paris, \nchanceli\u00e8re des universit\u00e9s de Paris et d'Ile-de-France, \nPar d\u00e9l\u00e9gation, \nLa d\u00e9l\u00e9gu\u00e9e r\u00e9gionale acad\u00e9mique \u00e0 la jeunesse,  \n\u00e0 l'engagement et aux sports d'Ile-de-France  \n \n                                                                                                                 SIGNE \n \nC\u00e9cile NICOL \n \nD\u00e9l\u00e9gation r\u00e9gionale acad\u00e9mique \u00e0 la jeunesse, \u00e0 l'engagement et aux sports - IDF-2025-06-16-00016 - Arr\u00eat\u00e9 de labellisation Structure\nInformation Jeunesse  (SIJ) Palaiseau - 16 juin 2025 17\nD\u00e9l\u00e9gation r\u00e9gionale acad\u00e9mique \u00e0 la jeunesse, \u00e0\nl'engagement et aux sports\nIDF-2025-06-16-00017\nArr\u00eat\u00e9 de labellisation Structure Information\nJeunesse  (SIJ) PARIS - 16 juin 2025\nD\u00e9l\u00e9gation r\u00e9gionale acad\u00e9mique \u00e0 la jeunesse, \u00e0 l'engagement et aux sports - IDF-2025-06-16-00017 - Arr\u00eat\u00e9 de labellisation Structure\nInformation Jeunesse  (SIJ) PARIS - 16 juin 2025 18\nREGION ACADEMIQUE\u00ceLE-DE-FRANCELibert\u00e9Egalit\u00e9Fraternit\u00e9\nAcad\u00e9mie de PARIS   \n                                                                 \n \n \nD\u00e9l\u00e9gation r\u00e9gionale acad\u00e9mique jeunesse,  \nengagement et sports (DRAJES) \n6/8 rue Eug\u00e8ne Oudin\u00e9 - CS 81360 \n75634 PARIS CEDEX 13       1/2  \n \n \nARRETE N\u00b0 2025 - 46 \n \n \nPORTANT ATTRIBUTION OU RENOUVELLEMENT DU LABEL \u00ab INFORMATION JEUNESSE \u00bb \n \n*** PARIS *** \n \nLA RECTRICE DE LA REGION ACADEMIQUE D'ILE-DE-FRANCE, RECTRICE DE PARIS, CHANCELIERE \nDES UNIVERSITES DE PARIS ET D'ILE-DE-FRANCE \n \nVU la loi n\u00b0 2017-86 du 27 janvier 2017 relative \u00e0 l'\u00e9galit\u00e9 et \u00e0 la citoyennet\u00e9 ; \n \nVU le d\u00e9cret n\u00b02017-574 du 19 avril 2017 relatif \u00e0 la labe llisation des structures \u00ab Information \nJeunesse \u00bb pris pour l'application de la loi relative \u00e0 l'\u00e9galit \u00e9 et \u00e0 la citoyennet\u00e9 n\u00b02017 -86 du 27 \njanvier 2017 ; \n \nVU le d\u00e9cret n\u00b0 2019-1200 du 20 novembre 2019, relatif \u00e0 l'organisation des services d\u00e9concentr\u00e9s \ndes ministres charg\u00e9s de l'\u00c9ducation nationale et de l'Enseignement sup\u00e9rieur, de la Recherche et de \nl'Innovation ; \n \nVU le d\u00e9cret n\u00b0 2019-1201 du 20 novembre 2019 relatif \u00e0 l a nomination des recteurs d\u00e9l\u00e9gu\u00e9s \u00e0 \nl'\u00c9ducation nationale, \u00e0 l'Enseignement sup\u00e9rieur, \u00e0 la Recherche et \u00e0 l'Innovation en Conseil des \nministres ;  \n  \nVU le d\u00e9cret n\u00b0 2022-1184 du 25 ao\u00fbt 2022 portant modific ation du d\u00e9cret no 2017-574 du 19 avril \n2017 modifi\u00e9 relatif \u00e0 la labelli sation des structures \u00ab Information Jeunesse \u00bb, pris pou r l'application  \nde la loi relative \u00e0 l'\u00e9galit\u00e9 et \u00e0 la citoyennet\u00e9 no 2017-86 du 27 janvier 2017 ; \n \nVU le d\u00e9cret du 12 mars 2025 portant nomination de Julie Benetti, rectrice de la r\u00e9gion acad\u00e9mique \nIle-de-France, rectrice de l'acad\u00e9mie de Paris ; \n \nVU l'arr\u00eat\u00e9 du 19 avril 2017 pris en application du d\u00e9cret relatif \u00e0 la labellisation des structures \n\u00ab Information jeunesse \u00bb pris pour l'application de la loi relative \u00e0 l'\u00e9galit\u00e9 et \u00e0 la citoyennet\u00e9 n\u00b02017-\n86 du 27 janvier 2017 ; \n \nVU l'arr\u00eat\u00e9 IDF-2023-02-0015 n\u00b023-02 du 03 f\u00e9vrier 2023 relatif \u00e0 la constitution, \u00e0 la composition \nr\u00e9gionale et au fonctionnement de la formation sp\u00e9cialis\u00e9 e \u00ab Information Jeunesse \u00bb de la \nCommission r\u00e9gionale de la jeunesse, des sports et de la vie associative d'Ile-de-France (CRJSVA IDF) ; \nVU l'arr\u00eat\u00e9 2025-024 du 27 mars 2025 portant d\u00e9l\u00e9gation et subd\u00e9l\u00e9gation de signature de la rectrice de \nla r\u00e9gion acad\u00e9mique d'Ile -de-France en mati\u00e8re administrative pour la mise en \u0153uvre des missions de \njeunesse, d'engagement et de sports ; \n \nD\u00e9l\u00e9gation r\u00e9gionale acad\u00e9mique \u00e0 la jeunesse, \u00e0 l'engagement et aux sports - IDF-2025-06-16-00017 - Arr\u00eat\u00e9 de labellisation Structure\nInformation Jeunesse  (SIJ) PARIS - 16 juin 2025 19\nD\u00e9l\u00e9gation r\u00e9gionale acad\u00e9mique jeunesse,  \nengagement et sports (DRAJES) \n6/8 rue Eug\u00e8ne Oudin\u00e9 - CS 81360  \n75634 PARIS CEDEX 13         \nVU l'avis formul\u00e9 par la formation sp\u00e9cialis\u00e9e Information jeunesse d'Ile-de-France du 05 Juin 2025, issue \nde la commission r\u00e9gionale de la jeunesse, des sports et de la vie associative en Ile de France  \n \nARR\u00caTE : \n \nArticle 1er : \nSont labellis\u00e9es \u00ab Information Jeunesse \u00bb les structures suivantes :  \n- Structure : Point Information Jeunesse La Fayette  \nSitu\u00e9e : 60 rue La Fayette - 75009 Paris. \nGestionnaire : Ligue de l'Enseignement  \n- Structure : Point Information Jeunesse Maison des ensembles \nSitu\u00e9e : 3-5 Rue d'Aligre - 75012 Paris \nGestionnaire : Ligue de l'Enseignement \n- Structure : Point Information Jeunesse de Quartier Jeunes 13 (QJ13)  \nSitu\u00e9e : 115 rue de Tolbiac \u2013 75013 Paris  \nGestionnaire : Ville de Paris  \n \nArticle 2 : \n \nL'Etat accorde le Label, sous r\u00e9serve du respect des crit\u00e8res des conditions de sa d\u00e9livrance. \nLes services d\u00e9partementaux \u00e0 la jeunesse, \u00e0 l'engagement et aux sports, sont garants du respect des \nvaleurs du Label et sont responsables de la mise en \u0153uvre du Label et de l'organisation du processus \nde labellisation.  \n \nArticle 3 : \n \nL'entr\u00e9e en vigueur d u label se fait \u00e0 la date de publication du pr\u00e9sent arr\u00eat\u00e9. \nLe label est attribu\u00e9 ou renouvel\u00e9 pour une dur\u00e9e de 6 ans  \u00e0 compter de la date de publication du \npr\u00e9sent arr\u00eat\u00e9, sous r\u00e9serve d'un bilan de sa mise en \u0153uvre par la structure au bout de 3 ans.  \nArticle 4 : \n \nLa D\u00e9l\u00e9gation r\u00e9gionale acad\u00e9mique \u00e0 la jeunesse, \u00e0 l 'engagement et aux sports est charg\u00e9e de \nl'ex\u00e9cution du pr\u00e9sent arr\u00eat\u00e9, qui sera publi\u00e9 au re cueil des actes administratifs de la pr\u00e9fecture.  \nIl sera notifi\u00e9 aux maires des communes et aux responsables l\u00e9gaux des structures concern\u00e9es. \nFait \u00e0 Paris, le 16 juin 2025, \n \nPour la rectrice de r\u00e9gion acad\u00e9mique, rectrice de Paris, \nchanceli\u00e8re des universit\u00e9s de Paris et d'Ile-de-France, \nPar d\u00e9l\u00e9gation, \nLa d\u00e9l\u00e9gu\u00e9e r\u00e9gionale acad\u00e9mique \u00e0 la jeunesse,  \n\u00e0 l'engagement et aux sports d'Ile-de-France  \n                                                                                                                 SIGNE \n \nC\u00e9cile NICOL \nD\u00e9l\u00e9gation r\u00e9gionale acad\u00e9mique \u00e0 la jeunesse, \u00e0 l'engagement et aux sports - IDF-2025-06-16-00017 - Arr\u00eat\u00e9 de labellisation Structure\nInformation Jeunesse  (SIJ) PARIS - 16 juin 2025 20\nD\u00e9l\u00e9gation r\u00e9gionale acad\u00e9mique \u00e0 la jeunesse, \u00e0\nl'engagement et aux sports\nIDF-2025-06-16-00015\nArr\u00eat\u00e9 de labellisation Structure Information\nJeunesse  (SIJ) Sartrouville - 16 juin 2025\nD\u00e9l\u00e9gation r\u00e9gionale acad\u00e9mique \u00e0 la jeunesse, \u00e0 l'engagement et aux sports - IDF-2025-06-16-00015 - Arr\u00eat\u00e9 de labellisation Structure\nInformation Jeunesse  (SIJ) Sartrouville - 16 juin 2025 21\nREGION ACADEMIQUE\u00ceLE-DE-FRANCELibert\u00e9Egalit\u00e9Fraternit\u00e9\n \nDirection des services d\u00e9partementaux  \nde l'\u00e9ducation nationale des Yvelines \n                                                                   \n \n \nD\u00e9l\u00e9gation r\u00e9gionale acad\u00e9mique jeunesse,  \nengagement et sports (DRAJES) \n6/8 rue Eug\u00e8ne Oudin\u00e9 - CS 81360 \n75634 PARIS CEDEX 13 \n1/2  \n \n \nARRETE N\u00b0 2025 - 44 \n \n \nPORTANT ATTRIBUTION OU RENOUVELLEMENT DU LABEL \u00ab INFORMATION JEUNESSE \u00bb \n \n*** SARTROUVILLE *** \n \nLA RECTRICE DE LA REGION ACADEMIQUE D'ILE-DE-FRANCE, RECTRICE DE PARIS, CHANCELIERE \nDES UNIVERSITES DE PARIS ET D'ILE-DE-FRANCE \n \nVU la loi n\u00b0 2017-86 du 27 janvier 2017 relative \u00e0 l'\u00e9galit\u00e9 et \u00e0 la citoyennet\u00e9 ; \n \nVU le d\u00e9cret n\u00b02017-574 du 19 avril 2017 relatif \u00e0 la labe llisation des structures \u00ab Information \nJeunesse \u00bb pris pour l'application de la loi relative \u00e0 l'\u00e9galit \u00e9 et \u00e0 la citoyennet\u00e9 n\u00b02017 -86 du 27 \njanvier 2017 ; \n \nVU le d\u00e9cret n\u00b0 2019-1200 du 20 novembre 2019, relatif \u00e0 l'organisation des services d\u00e9concentr\u00e9s \ndes ministres charg\u00e9s de l'\u00c9ducation nationale et de l'Enseignement sup\u00e9rieur, de la Recherche et de \nl'Innovation ; \n \nVU le d\u00e9cret n\u00b0 2019-1201 du 20 novembre 2019 relatif \u00e0 l a nomination des recteurs d\u00e9l\u00e9gu\u00e9s \u00e0 \nl'\u00c9ducation nationale, \u00e0 l'Enseignement sup\u00e9rieur, \u00e0 la Recherche et \u00e0 l'Innovation en Conseil des \nministres ;  \n  \nVU le d\u00e9cret n\u00b0 2022-1184 du 25 ao\u00fbt 2022 portant modific ation du d\u00e9cret no 2017-574 du 19 avril \n2017 modifi\u00e9 relatif \u00e0 la labelli sation des structures \u00ab Information Jeunesse \u00bb, pris pou r l'application  \nde la loi relative \u00e0 l'\u00e9galit\u00e9 et \u00e0 la citoyennet\u00e9 no 2017-86 du 27 janvier 2017 ; \n \nVU le d\u00e9cret du 12 mars 2025 portant nomination de Julie Benetti, rectrice de la r\u00e9gion acad\u00e9mique \nIle-de-France, rectrice de l'acad\u00e9mie de Paris ; \n \nVU l'arr\u00eat\u00e9 du 19 avril 2017 pris en application du d\u00e9cret relatif \u00e0 la labellisation des structures \n\u00ab Information jeunesse \u00bb pris pour l'application de la loi relative \u00e0 l'\u00e9galit\u00e9 et \u00e0 la citoyennet\u00e9 n\u00b02017-\n86 du 27 janvier 2017 ; \n \nVU l'arr\u00eat\u00e9 IDF-2023-02-0015 n\u00b023-02 du 03 f\u00e9vrier 2023 relatif \u00e0 la constitution, \u00e0 la composition \nr\u00e9gionale et au fonctionnement de la formation sp\u00e9cialis\u00e9 e \u00ab Information Jeunesse \u00bb de la \nCommission r\u00e9gionale de la jeunesse, des sports et de la vie associative d'Ile-de-France (CRJSVA IDF) ; \nVU l'arr\u00eat\u00e9 2025-024 du 27 mars 2025 portant d\u00e9l\u00e9gation et subd\u00e9l\u00e9gation de signature de la rectrice de \nla r\u00e9gion acad\u00e9mique d'Ile -de-France en mati\u00e8re administrative pour la mise en \u0153uvre des missions de \njeunesse, d'engagement et de sports ; \nD\u00e9l\u00e9gation r\u00e9gionale acad\u00e9mique \u00e0 la jeunesse, \u00e0 l'engagement et aux sports - IDF-2025-06-16-00015 - Arr\u00eat\u00e9 de labellisation Structure\nInformation Jeunesse  (SIJ) Sartrouville - 16 juin 2025 22\nD\u00e9l\u00e9gation r\u00e9gionale acad\u00e9mique jeunesse,  \nengagement et sports (DRAJES) \n6/8 rue Eug\u00e8ne Oudin\u00e9 - CS 81360 \n75634 PARIS CEDEX 13 2/2  \n \nVU l'avis formul\u00e9 par la formation sp\u00e9cialis\u00e9e Information jeunesse d'Ile-de-France du 05 Juin 2025, issue \nde la commission r\u00e9gionale de la jeunesse, des sports et de la vie associative en Ile de France  \n \nARR\u00caTE : \nArticle 1er : \nEst labellis\u00e9e \u00ab Information Jeunesse \u00bb la structure suivante : \n \nStructure : Structure Information Jeunesse \u00ab Sartrouville Information Jeunesse \u00bb \n \nSitu\u00e9e : Place de la Gare \u2013 78500 Sartrouville \n \nArticle 2 : \n \nL'Etat accorde le Label, sous r\u00e9serve du respect des crit\u00e8res des conditions de sa d\u00e9livrance. \n \nLes services d\u00e9partementaux \u00e0 la jeunesse, \u00e0 l'engagement et aux sports, sont garants du respect des \nvaleurs du Label et sont responsables de la mise en \u0153uvre du Label et de l'organisation du processus \nde labellisation.  \n \nArticle 3 : \n \nL'entr\u00e9e en vigueur du label se fait \u00e0 la date de publication du pr\u00e9sent arr\u00eat\u00e9. \nLe label est attribu\u00e9 ou renouvel\u00e9 pour une dur\u00e9e de 6 ans  \u00e0 compter de la date de publication du \npr\u00e9sent arr\u00eat\u00e9 sous r\u00e9serve d'un bilan de sa mise en \u0153uvre par la structure au bout de 3 ans.  \n \nArticle 4 : \n \nLa D\u00e9l\u00e9gation r\u00e9gionale acad\u00e9mique \u00e0 la jeunesse, \u00e0 l 'engagement et aux sports est charg\u00e9e de \nl'ex\u00e9cution du pr\u00e9sent arr\u00eat\u00e9, qui sera publi\u00e9 au recueil des actes administratifs de la pr\u00e9fecture.  \n \nIl sera notifi\u00e9 aux maires des communes et aux responsables l\u00e9gaux des structures concern\u00e9es. \n \n \n \nFait \u00e0 Paris, le 16 juin 2025, \n \nPour la rectrice de r\u00e9gion acad\u00e9mique, rectrice de Paris, \nchanceli\u00e8re des universit\u00e9s de Paris et d'Ile-de-France, \nPar d\u00e9l\u00e9gation, \nLa d\u00e9l\u00e9gu\u00e9e r\u00e9gionale acad\u00e9mique \u00e0 la jeunesse,  \n\u00e0 l'engagement et aux sports d'Ile-de-France  \n \n                                                                                                                 SIGNE \n \nC\u00e9cile NICOL \n \nD\u00e9l\u00e9gation r\u00e9gionale acad\u00e9mique \u00e0 la jeunesse, \u00e0 l'engagement et aux sports - IDF-2025-06-16-00015 - Arr\u00eat\u00e9 de labellisation Structure\nInformation Jeunesse  (SIJ) Sartrouville - 16 juin 2025 23\nD\u00e9l\u00e9gation r\u00e9gionale acad\u00e9mique \u00e0 la jeunesse, \u00e0\nl'engagement et aux sports\nIDF-2025-06-16-00021\nArr\u00eat\u00e9 de labellisation Structure Information\nJeunesse  (SIJ) S\u00e8vres - 16 juin 2025\nD\u00e9l\u00e9gation r\u00e9gionale acad\u00e9mique \u00e0 la jeunesse, \u00e0 l'engagement et aux sports - IDF-2025-06-16-00021 - Arr\u00eat\u00e9 de labellisation Structure\nInformation Jeunesse  (SIJ) S\u00e8vres - 16 juin 2025 24\nREGION ACADEMIQUE\u00ceLE-DE-FRANCELibert\u00e9Egalit\u00e9Fraternit\u00e9\n \nDirection des services d\u00e9partementaux  \nde l'\u00e9ducation nationale des Hauts-de-Seine \n                                                                   \n \n \nD\u00e9l\u00e9gation r\u00e9gionale acad\u00e9mique jeunesse,  \nengagement et sports (DRAJES) \n6/8 rue Eug\u00e8ne Oudin\u00e9 - CS 81360 \n75634 PARIS CEDEX 13 \n1/2  \n \n \nARRETE N\u00b0 2025 - 50 \n \n \nPORTANT ATTRIBUTION OU RENOUVELLEMENT DU LABEL \u00ab INFORMATION JEUNESSE \u00bb \n \n*** SEVRES *** \n \nLA RECTRICE DE LA REGION ACADEMIQUE D'ILE-DE-FRANCE, RECTRICE DE PARIS, CHANCELIERE \nDES UNIVERSITES DE PARIS ET D'ILE-DE-FRANCE \n \nVU la loi n\u00b0 2017-86 du 27 janvier 2017 relative \u00e0 l'\u00e9galit\u00e9 et \u00e0 la citoyennet\u00e9 ; \n \nVU le d\u00e9cret n\u00b02017-574 du 19 avril 2017 relatif \u00e0 la labe llisation des structures \u00ab Information \nJeunesse \u00bb pris pour l'application de la loi relative \u00e0 l'\u00e9galit \u00e9 et \u00e0 la citoyennet\u00e9 n\u00b02017 -86 du 27 \njanvier 2017 ; \n \nVU le d\u00e9cret n\u00b0 2019-1200 du 20 novembre 2019, relatif \u00e0 l'organisation des services d\u00e9concentr\u00e9s \ndes ministres charg\u00e9s de l'\u00c9ducation nationale et de l'Enseignement sup\u00e9rieur, de la Recherche et de \nl'Innovation ; \n \nVU le d\u00e9cret n\u00b0 2019-1201 du 20 novembre 2019 relatif \u00e0 l a nomination des recteurs d\u00e9l\u00e9gu\u00e9s \u00e0 \nl'\u00c9ducation nationale, \u00e0 l'Enseignement sup\u00e9rieur, \u00e0 la Recherche et \u00e0 l'Innovation en Conseil des \nministres ;  \n  \nVU le d\u00e9cret n\u00b0 2022-1184 du 25 ao\u00fbt 2022 portant modific ation du d\u00e9cret no 2017-574 du 19 avril \n2017 modifi\u00e9 relatif \u00e0 la labelli sation des structures \u00ab Information Jeunesse \u00bb, pris pou r l'application  \nde la loi relative \u00e0 l'\u00e9galit\u00e9 et \u00e0 la citoyennet\u00e9 no 2017-86 du 27 janvier 2017 ; \n \nVU le d\u00e9cret du 12 mars 2025 portant nomination de Julie Benetti, rectrice de la r\u00e9gion acad\u00e9mique \nIle-de-France, rectrice de l'acad\u00e9mie de Paris ; \n \nVU l'arr\u00eat\u00e9 du 19 avril 2017 pris en application du d\u00e9cret relatif \u00e0 la labellisation des structures \n\u00ab Information jeunesse \u00bb pris pour l'application de la loi relative \u00e0 l'\u00e9galit\u00e9 et \u00e0 la citoyennet\u00e9 n\u00b02017-\n86 du 27 janvier 2017 ; \n \nVU l'arr\u00eat\u00e9 IDF-2023-02-0015 n\u00b023-02 du 03 f\u00e9vrier 2023 relatif \u00e0 la constitution, \u00e0 la composition \nr\u00e9gionale et au fonctionnement de la formation sp\u00e9cialis\u00e9 e \u00ab Information Jeunesse \u00bb de la \nCommission r\u00e9gionale de la jeunesse, des sports et de la vie associative d'Ile-de-France (CRJSVA IDF) ; \nVU l'arr\u00eat\u00e9 2025-024 du 27 mars 2025 portant d\u00e9l\u00e9gation et subd\u00e9l\u00e9gation de signature de la rectrice de \nla r\u00e9gion acad\u00e9mique d'Ile -de-France en mati\u00e8re administrative pour la mise en \u0153uvre des missions de \njeunesse, d'engagement et de sports ; \nD\u00e9l\u00e9gation r\u00e9gionale acad\u00e9mique \u00e0 la jeunesse, \u00e0 l'engagement et aux sports - IDF-2025-06-16-00021 - Arr\u00eat\u00e9 de labellisation Structure\nInformation Jeunesse  (SIJ) S\u00e8vres - 16 juin 2025 25\nD\u00e9l\u00e9gation r\u00e9gionale acad\u00e9mique jeunesse,  \nengagement et sports (DRAJES) \n6/8 rue Eug\u00e8ne Oudin\u00e9 - CS 81360 \n75634 PARIS CEDEX 13 2/2  \n \nVU l'avis formul\u00e9 par la formation sp\u00e9cialis\u00e9e Information jeunesse d'Ile-de-France du 05 Juin 2025, issue \nde la commission r\u00e9gionale de la jeunesse, des sports et de la vie associative en Ile de France  \n \n \nARR\u00caTE : \n \nArticle 1er : \nEst labellis\u00e9e \u00ab Information Jeunesse \u00bb la structure suivante : \n \nStructure : Structure Information Jeunesse \u00ab L'Escale \u2013 Bureau Information Jeunesse \u00bb \nSitu\u00e9e : 51 Grande Rue \u2013 92310 S\u00e8vres \n \nArticle 2 : \n \nL'Etat accorde le Label, sous r\u00e9serve du respect des crit\u00e8res des conditions de sa d\u00e9livrance. \n \nLes services d\u00e9partementaux \u00e0 la jeunesse, \u00e0 l'engagement et aux sports, sont garants du respect des \nvaleurs du Label et sont responsables de la mise en \u0153uvre du Label et de l'organisation du processus \nde labellisation.  \n \nArticle 3 : \n \nL'entr\u00e9e en vigueur du label se fait \u00e0 la date de publication du pr\u00e9sent arr\u00eat\u00e9. \nLe label est attribu\u00e9 ou renouvel\u00e9 pour une dur\u00e9e de 6 ans  \u00e0 compter de la date de publication du \npr\u00e9sent arr\u00eat\u00e9 sous r\u00e9serve d'un bilan de sa mise en \u0153uvre par la structure au bout de 3 ans.  \n \nArticle 4 : \n \nLa D\u00e9l\u00e9gation r\u00e9gionale acad\u00e9mique \u00e0 la jeunesse, \u00e0 l 'engagement et aux sports est charg\u00e9e de \nl'ex\u00e9cution du pr\u00e9sent arr\u00eat\u00e9, qui sera publi\u00e9 au recueil des actes administratifs de la pr\u00e9fecture.  \n \nIl sera notifi\u00e9 aux maires des communes et aux responsables l\u00e9gaux des structures concern\u00e9es. \n \nFait \u00e0 Paris, le 16 juin 2025, \n \nPour la rectrice de r\u00e9gion acad\u00e9mique, rectrice de Paris, \nchanceli\u00e8re des universit\u00e9s de Paris et d'Ile-de-France, \nPar d\u00e9l\u00e9gation, \nLa d\u00e9l\u00e9gu\u00e9e r\u00e9gionale acad\u00e9mique \u00e0 la jeunesse,  \n\u00e0 l'engagement et aux sports d'Ile-de-France  \n \n                                                                                                                 SIGNE \n \nC\u00e9cile NICOL \n \nD\u00e9l\u00e9gation r\u00e9gionale acad\u00e9mique \u00e0 la jeunesse, \u00e0 l'engagement et aux sports - IDF-2025-06-16-00021 - Arr\u00eat\u00e9 de labellisation Structure\nInformation Jeunesse  (SIJ) S\u00e8vres - 16 juin 2025 26\nD\u00e9l\u00e9gation r\u00e9gionale acad\u00e9mique \u00e0 la jeunesse, \u00e0\nl'engagement et aux sports\nIDF-2025-06-16-00022\nArr\u00eat\u00e9 de labellisation Structure Information\nJeunesse  (SIJ)SIJ Livry-Gargan - 16 juin 2025\nD\u00e9l\u00e9gation r\u00e9gionale acad\u00e9mique \u00e0 la jeunesse, \u00e0 l'engagement et aux sports - IDF-2025-06-16-00022 - Arr\u00eat\u00e9 de labellisation Structure\nInformation Jeunesse  (SIJ)SIJ Livry-Gargan - 16 juin 2025 27\nREGION ACADEMIQUE\u00ceLE-DE-FRANCELibert\u00e9Egalit\u00e9Fraternit\u00e9\n \nDirection des services d\u00e9partementaux  \nde l'\u00e9ducation nationale de Seine-Saint-Denis \n                                                                   \n \n \nD\u00e9l\u00e9gation r\u00e9gionale acad\u00e9mique jeunesse,  \nengagement et sports (DRAJES) \n6/8 rue Eug\u00e8ne Oudin\u00e9 - CS 81360 \n75634 PARIS CEDEX 13 \n1/2  \n \n \nARRETE N\u00b0 2025 - 51 \n \n \nPORTANT ATTRIBUTION OU RENOUVELLEMENT DU LABEL \u00ab INFORMATION JEUNESSE \u00bb \n \n*** LIVRY-GARGAN *** \n \nLA RECTRICE DE LA REGION ACADEMIQUE D'ILE-DE-FRANCE, RECTRICE DE PARIS, CHANCELIERE \nDES UNIVERSITES DE PARIS ET D'ILE-DE-FRANCE \n \nVU la loi n\u00b0 2017-86 du 27 janvier 2017 relative \u00e0 l'\u00e9galit\u00e9 et \u00e0 la citoyennet\u00e9 ; \n \nVU le d\u00e9cret n\u00b02017-574 du 19 avril 2017 relatif \u00e0 la labe llisation des structures \u00ab Information \nJeunesse \u00bb pris pour l'application de la loi relative \u00e0 l'\u00e9galit \u00e9 et \u00e0 la citoyennet\u00e9 n\u00b02017 -86 du 27 \njanvier 2017 ; \n \nVU le d\u00e9cret n\u00b0 2019-1200 du 20 novembre 2019, relatif \u00e0 l'organisation des services d\u00e9concentr\u00e9s \ndes ministres charg\u00e9s de l'\u00c9ducation nationale et de l'Enseignement sup\u00e9rieur, de la Recherche et de \nl'Innovation ; \n \nVU le d\u00e9cret n\u00b0 2019-1201 du 20 novembre 2019 relatif \u00e0 l a nomination des recteurs d\u00e9l\u00e9gu\u00e9s \u00e0 \nl'\u00c9ducation nationale, \u00e0 l'Enseignement sup\u00e9rieur, \u00e0 la Recherche et \u00e0 l'Innovation en Conseil des \nministres ;  \n  \nVU le d\u00e9cret n\u00b0 2022-1184 du 25 ao\u00fbt 2022 portant modific ation du d\u00e9cret no 2017-574 du 19 avril \n2017 modifi\u00e9 relatif \u00e0 la labelli sation des structures \u00ab Information Jeunesse \u00bb, pris pou r l'application  \nde la loi relative \u00e0 l'\u00e9galit\u00e9 et \u00e0 la citoyennet\u00e9 no 2017-86 du 27 janvier 2017 ; \n \nVU le d\u00e9cret du 12 mars 2025 portant nomination de Julie Benetti, rectrice de la r\u00e9gion acad\u00e9mique \nIle-de-France, rectrice de l'acad\u00e9mie de Paris ; \n \nVU l'arr\u00eat\u00e9 du 19 avril 2017 pris en application du d\u00e9cret relatif \u00e0 la labellisation des structures \n\u00ab Information jeunesse \u00bb pris pour l'application de la loi relative \u00e0 l'\u00e9galit\u00e9 et \u00e0 la citoyennet\u00e9 n\u00b02017-\n86 du 27 janvier 2017 ; \n \nVU l'arr\u00eat\u00e9 IDF-2023-02-0015 n\u00b023-02 du 03 f\u00e9vrier 2023 relatif \u00e0 la constitution, \u00e0 la composition \nr\u00e9gionale et au fonctionnement de la formation sp\u00e9cialis\u00e9 e \u00ab Information Jeunesse \u00bb de la \nCommission r\u00e9gionale de la jeunesse, des sports et de la vie associative d'Ile-de-France (CRJSVA IDF) ; \nVU l'arr\u00eat\u00e9 2025-024 du 27 mars 2025 portant d\u00e9l\u00e9gation et subd\u00e9l\u00e9gation de signature de la rectrice de \nla r\u00e9gion acad\u00e9mique d'Ile -de-France en mati\u00e8re administrative pour la mise en \u0153uvre des missions de \njeunesse, d'engagement et de sports ; \nD\u00e9l\u00e9gation r\u00e9gionale acad\u00e9mique \u00e0 la jeunesse, \u00e0 l'engagement et aux sports - IDF-2025-06-16-00022 - Arr\u00eat\u00e9 de labellisation Structure\nInformation Jeunesse  (SIJ)SIJ Livry-Gargan - 16 juin 2025 28\nD\u00e9l\u00e9gation r\u00e9gionale acad\u00e9mique jeunesse,  \nengagement et sports (DRAJES) \n6/8 rue Eug\u00e8ne Oudin\u00e9 - CS 81360 \n75634 PARIS CEDEX 13 2/2  \n \nVU l'avis formul\u00e9 par la formation sp\u00e9cialis\u00e9e Information jeunesse d'Ile-de-France du 05 Juin 2025, issue \nde la commission r\u00e9gionale de la jeunesse, des sports et de la vie associative en Ile de France  \n \n \nARR\u00caTE : \n \nArticle 1er : \nEst labellis\u00e9e \u00ab Information Jeunesse \u00bb la structure suivante : \n \nStructure : Structure Information Jeunesse de Livry-Gargan \nSitu\u00e9e : Parc Lef\u00e8vre \u2013 L'Orangerie, 62 avenue du Consul G\u00e9n\u00e9ral Nordling \u2013 93190 Livry-Gargan \n \nArticle 2 : \n \nL'Etat accorde le Label, sous r\u00e9serve du respect des crit\u00e8res des conditions de sa d\u00e9livrance. \n \nLes services d\u00e9partementaux \u00e0 la jeunesse, \u00e0 l'engagement et aux sports, sont garants du respect des \nvaleurs du Label et sont responsables de la mise en \u0153uvre du Label et de l'organisation du processus \nde labellisation.  \n \nArticle 3 : \n \nL'entr\u00e9e en vigueur du label se fait \u00e0 la date de publication du pr\u00e9sent arr\u00eat\u00e9. \nLe label est attribu\u00e9 ou renouvel\u00e9 pour une dur\u00e9e de 6 ans  \u00e0 compter de la date de publication du \npr\u00e9sent arr\u00eat\u00e9 sous r\u00e9serve d'un bilan de sa mise en \u0153uvre par la structure au bout de 3 ans.  \n \nArticle 4 : \n \nLa D\u00e9l\u00e9gation r\u00e9gionale acad\u00e9mique \u00e0 la jeunesse, \u00e0 l 'engagement et aux sports est charg\u00e9e de \nl'ex\u00e9cution du pr\u00e9sent arr\u00eat\u00e9, qui sera publi\u00e9 au recueil des actes administratifs de la pr\u00e9fecture.  \n \nIl sera notifi\u00e9 aux maires des communes et aux responsables l\u00e9gaux des structures concern\u00e9es. \n \n \nFait \u00e0 Paris, le 16 juin 2025, \n \nPour la rectrice de r\u00e9gion acad\u00e9mique, rectrice de Paris, \nchanceli\u00e8re des universit\u00e9s de Paris et d'Ile-de-France, \nPar d\u00e9l\u00e9gation, \nLa d\u00e9l\u00e9gu\u00e9e r\u00e9gionale acad\u00e9mique \u00e0 la jeunesse,  \n\u00e0 l'engagement et aux sports d'Ile-de-France  \n \n                                                                                                                 SIGNE \n \nC\u00e9cile NICOL \n \nD\u00e9l\u00e9gation r\u00e9gionale acad\u00e9mique \u00e0 la jeunesse, \u00e0 l'engagement et aux sports - IDF-2025-06-16-00022 - Arr\u00eat\u00e9 de labellisation Structure\nInformation Jeunesse  (SIJ)SIJ Livry-Gargan - 16 juin 2025 29","date":"2025-06-27","first_seen_on":"2025-06-27T17:34:54+00:00","id":"abe68dfe5ca5cd09c72afd9da4527c5c632f63c33a02927dbf5386989077c778","name":"recueil-idf-057-2025-06-recueil-des-actes-administratifs-special du 27.06.2025","pdf_creation_date":"2025-06-27T14:35:01+00:00","pdf_modification_date":null,"timezone":"Europe/Paris","url":"https://www.prefectures-regions.gouv.fr/ile-de-france/irecontenu/telechargement/128908/949880/file/recueil-idf-057-2025-06-recueil-des-actes-administratifs-special%20du%2027.06.2025.pdf"}
