{"administration":"pref21","administration_name":"Pr\u00e9fecture de C\u00f4te-d\u2019Or","content":"PR\u00c9FET\nDE LA C\u00d4TE-D'OR\nRECUEIL DES ACTES\nADMINISTRATIFS SP\u00c9CIAL\nN\u00b021-2025-103\nPUBLI\u00c9 LE 18 JUILLET 2025\nSommaire\nDirection d\u00e9partementale de l'emploi, du travail et des solidarit\u00e9s de\nC\u00f4te-d'Or /\n21-2025-07-15-00004 - Arr\u00eat\u00e9 portant agr\u00e9ment SAP - LUMA KIDS n\u00b0\nSAP/811491463 (3 pages) Page 5\n21-2025-07-11-00007 - R\u00e9c\u00e9piss\u00e9 d\u00e9claration modificative SAP -\nMOERMAN Alex (2 pages) Page 9\n21-2025-07-11-00005 - R\u00e9c\u00e9piss\u00e9 d\u00e9claration SAP n\u00b0933278285 -\nGUILLERME Deborah (2 pages) Page 12\n21-2025-07-11-00006 - R\u00e9c\u00e9piss\u00e9 d\u00e9claration SAP n\u00b0942398629 -\nVOUILLOT Charly (2 pages) Page 15\n21-2025-07-11-00002 - R\u00e9c\u00e9piss\u00e9 d\u00e9claration SAP n\u00b0944732627 -\nDONZEL Nans (2 pages) Page 18\n21-2025-07-15-00003 - R\u00e9c\u00e9piss\u00e9 d\u00e9claration SAP n\u00b0944903368 -\nWENGRYNOWSKI Julien (2 pages) Page 21\nDirection d\u00e9partementale des territoires de la C\u00f4te-d'Or / Service de l'eau\net des risques\n21-2025-07-11-00009 - Arr\u00eat\u00e9 pr\u00e9fectoral n\u00b0 1013 du 11 juillet 2025\nportant d\u00e9claration d'int\u00e9r\u00eat g\u00e9n\u00e9ral et r\u00e9c\u00e9piss\u00e9 de\nd\u00e9claration pour des travaux relatifs \u00e0 la mise en d\u00e9fens et \u00e0 la\nrestauration physique des fonctionnalit\u00e9s des ruisseaux de la Sir\u00e8ne\nsecteur C \u00e0 REMILLY-EN-MONTAGNE et de l'Arvo \u00e0 la\nBUSSIERE-SUR-OUCHE (12 pages) Page 24\n21-2025-07-17-00003 - Arr\u00eat\u00e9 pr\u00e9fectoral n\u00b0 1061 du 17 juillet 2025\npronon\u00e7ant l'abrogation du droit d'eau fond\u00e9 en titre et de l'arr\u00eat\u00e9\npr\u00e9fectoral du 17 septembre 1858 du moulin Lalouet puis Trivier\naliment\u00e9 par la rivi\u00e8re de l'Ouche \u00e0 Longvic. (4 pages) Page 37\nDirection d\u00e9partementale des territoires de la C\u00f4te-d'Or / Service\nPr\u00e9servation et Am\u00e9nagement de l'Espace (SPAE)\n21-2025-07-11-00008 - Arr\u00eat\u00e9 modifiant la composition de la\nCommission D\u00e9partementale de Pr\u00e9servation des Espaces Naturels,\nAgricoles et Forestiers (2 pages) Page 42\nDirection d\u00e9partementale des territoires de la C\u00f4te-d'Or / Service\nS\u00e9curit\u00e9 et Education Routi\u00e8re\n21-2025-07-09-00006 - AP 1022 20250709 RAA A31\nTravauxRemiseANiveauOuvrages PR12PR16 (5 pages) Page 45\n21-2025-07-10-00006 - AP 1023 20250710 RAA Circulation RallyeAutun 2025\n(4 pages) Page 51\n2\n21-2025-07-11-00003 - AP 1024 20250711 RAA DM ChantiersCourants (5\npages) Page 56\n21-2025-07-11-00004 - AP 1025 20250711 RAA A38 ChantiersCourants (5\npages) Page 62\n21-2025-07-15-00001 - Arr\u00eat\u00e9 N\u00b0 1033 autorisant une manifestation\nnautique d\u00e9nomm\u00e9e \u00ab\u00a0Coupe de France eau libre de Dijon\u00a0\u00bb qui\nse d\u00e9roulera le samedi 6 septembre 2025 de 09h00 \u00e0 17h00 et fixant\ndes mesures temporaires de police de la navigation sur la base nautique\nd'Arc- sur -Tille (21)\n (5 pages) Page 68\n21-2025-07-15-00002 - Arr\u00eat\u00e9 N\u00b0 1034 autorisant une manifestation\nnautique d\u00e9nomm\u00e9e \u00abCompany Cup - Courses Dragon Boat -\nCourses Stand-Up Paddle XL\u00bb \nqui se d\u00e9roulera le samedi 6 septembre\n2025 sur la base nautique du lac Kir. (6 pages) Page 74\n21-2025-07-17-00001 - Arr\u00eat\u00e9 N\u00b0 1040 autorisant une manifestation\nd\u00e9nomm\u00e9e \u00abTriathlon Sprint de Seurre 2025\u00bb lors des \u00e9preuves\nde natation le dimanche 21 septembre 2025 et fixant des mesures\ntemporaires de police de la navigation int\u00e9rieure sur la Sa\u00f4ne du PK\n187,300 au PK 188,100 (boucle de Citeaux) rive droite. (7 pages) Page 81\n21-2025-07-17-00002 - Arr\u00eat\u00e9 N\u00b0 1042 autorisant la manifestation\nd\u00e9nomm\u00e9e \u00ab35\u00e8me Triathlon d'Auxonne\u00bb lors des \u00e9preuves\nde natation le dimanche 14 septembre 2025 et fixant des mesures\ntemporaires de police de la navigation int\u00e9rieure sur la Sa\u00f4ne du PK\n233,500 au PK 234,800.\n (9 pages) Page 89\nDRAAF Bourgogne-Franche-Comt\u00e9 /\n21-2025-07-16-00009 - am\u00e9nagement forestier SALIVES 2023-2042 (3\npages) Page 99\n21-2025-07-16-00010 - am\u00e9nagement forestier Verdonnet 2024-2043 (2\npages) Page 103\n21-2025-07-16-00011 - am\u00e9nagement forestier Vosne ROMANEE\n2024-2043 (2 pages) Page 106\nDRAAF Bourgogne-Franche-Comt\u00e9 / Service r\u00e9gional de la for\u00eat et du\nbois\n21-2025-07-16-00001 - am\u00e9nagement forestier BrazeyEnPlaineRAA (2\npages) Page 109\n21-2025-07-16-00002 - am\u00e9nagement forestier Charrey-sur-Sa\u00f4ne\n2024-2043 (3 pages) Page 112\n21-2025-07-16-00003 - am\u00e9nagement forestier Cirey-Les-Pontailler\n2024-2043 (2 pages) Page 116\n21-2025-07-16-00004 - am\u00e9nagement forestier Corberon 2025-2044 (3\npages) Page 119\n3\n21-2025-07-16-00005 - am\u00e9nagement forestier ETORMAY 2025-2044 (2\npages) Page 123\n21-2025-07-16-00006 - am\u00e9nagement forestier Fontaine-Les-S\u00e8ches\n2024-2043 (2 pages) Page 126\n21-2025-07-16-00007 - am\u00e9nagement forestier LABERGEMENT-Les-seurre\n2024-2043 (3 pages) Page 129\n21-2025-07-16-00008 - am\u00e9nagement forestier Neuilly - Crimolois\n2025-2044 (2 pages) Page 133\nPr\u00e9fecture de la C\u00f4te-d'Or / Direction des s\u00e9curit\u00e9s\n21-2025-07-18-00001 - Arr\u00eat\u00e9 pr\u00e9fectoral N\u00b0 1060 \nportant\ninterdiction de rassemblements festifs \u00e0 caract\u00e8re musical et\ninterdiction de circulation de tout v\u00e9hicule transportant du mat\u00e9riel de\nson \u00e0 destination d'un rassemblement festif \u00e0 caract\u00e8re musical\nnon autoris\u00e9 (2 pages) Page 136\nSDIS de C\u00f4te-d'Or /\n21-2025-07-01-00014 - 2025_Liste Aptitude Op\u00e9rationnelle Sauvetage\nD\u00e9blaiement Modificatif 1 (3 pages) Page 139\n21-2025-07-01-00013 - 2025_Liste d'Aptitude Op\u00e9rationnelle Feu De\nFor\u00eat _ Modificatif 2 (13 pages) Page 143\n21-2025-07-01-00015 - 2025_Liste d'Aptitude Op\u00e9rationnelle Risque\nCHimique_Modificatif 2 (4 pages) Page 157\nSous-pr\u00e9fecture de Beaune /\n21-2025-07-10-00005 - Arr\u00eat\u00e9 pr\u00e9fectoral n\u00b0 1002 portant\nautorisation de la manifestation sportive avec participation de v\u00e9hicules\nterrestres \u00e0 moteur d\u00e9nomm\u00e9e \u00ab\u00a0Course de\ntracteurs-tondeuses\u00a0\u00bb  organis\u00e9e le 27 juillet 2025 \u00e0 Censerey (7\npages) Page 162\n4\nDirection d\u00e9partementale de l'emploi, du travail\net des solidarit\u00e9s de C\u00f4te-d'Or\n21-2025-07-15-00004\nArr\u00eat\u00e9 portant agr\u00e9ment SAP - LUMA KIDS n\u00b0\nSAP/811491463\nDirection d\u00e9partementale de l'emploi, du travail et des solidarit\u00e9s de C\u00f4te-d'Or - 21-2025-07-15-00004 - Arr\u00eat\u00e9 portant agr\u00e9ment SAP -\nLUMA KIDS n\u00b0 SAP/811491463 5\nPREFETDE LACOTE-D'ORLibert\u00e9\u00c9galit\u00e9Fraternit\u00e9\nDirection D\u00e9partementale de l'Emploi, \ndu Travail et des Solidarit\u00e9s - DDETS \nAffaire suivie par Sophie LACROIX                                         Dijon, le 15/07/2025 \nP\u00f4le Emploi-Coh\u00e9sion Territoriale, \nT\u00e9l : 03 80 68 39 25 // 06 84 89 20 33 \nMail : sophie.lacroix@cote-dor.gouv.fr \n  LUMA KIDS \nMme COUNNS Tiffany \n6 rue Paul Cabet \n21000 DIJON \n \nARRETE PORTANT DECISION D'AGREMENT \n pour un Organisme de Services \u00e0 la Personne (OSP) \nEnregistr\u00e9 sous le n\u00b0 SAP/ 811491463 \n \n \nLe pr\u00e9fet de la C\u00f4te-d'Or, et par d\u00e9l\u00e9gation de la Directrice D\u00e9partementale de la DDETS de C\u00f4te \nd'Or, la Cheffe du P\u00f4le Emploi et Coh\u00e9sion Territoriale, Fabienne BAILLY \n \n \nVu la loi n\u00b02010-853 du 23 Juillet 2010 relative aux r\u00e9seaux consulaires, au commerce et \u00e0 l'artisanat \net aux services (article 31) ; \nVu les d\u00e9crets n\u00b02011-1132 et n\u00b02011-1133 du 20 septembre 2011 modifiant certaines dispositions du \ncode du travail relatives au ch\u00e8que emploi-service universel et aux services \u00e0 la personne ; \nVu le code du travail, notamment ses articles L. 7231-1 \u00e0 L 7232-9, L 7233-1 \u00e0 L 7233-8, R. 7232-1 \u00e0 \nR. 7232-22, D. 7231-1 et D.7233-1 \u00e0 D.7233-1 ; \nVu l'arr\u00eat\u00e9 du 24 novembre 2023 fixant le cahier des charges (C.C) pr\u00e9vu \u00e0 l'article R.7232-6 du code \ndu travail, lors de la demande/renouvellement d'un agr\u00e9ment services \u00e0 la personne (SAP) ; \nVu la circulaire du 3 janvier 2025 portant sur les activit\u00e9s de services \u00e0 la personne, d\u00e9claration et \nagr\u00e9ment ; \nVu le d\u00e9cret du 10 octobre 2024 nommant Monsieur Paul MOURIER, Pr\u00e9fet de la r\u00e9gion Bourgogne-\nFranche-Comt\u00e9 (BFC), Pr\u00e9fet de la C\u00f4te d'Or (21) ; \nVu l'arr\u00eat\u00e9 pr\u00e9fectoral n\u00b01657 du 28 octobre 2024 portant d\u00e9l\u00e9gation de signature \u00e0  Mme Armelle \nLEON, Directrice D\u00e9partementale de la DDETS de C\u00f4te d'Or ; \nVu l'arr\u00eat\u00e9 n\u00b0004/DDETS du 6 novembre 2024 \u2013 Pr\u00e9fecture de la C\u00f4te d'Or, portant subd\u00e9l\u00e9gation de \nsignature ; \n \nVu la demande de renouvellement d'agr\u00e9ment de services \u00e0 la personne (SAP) d\u00e9pos\u00e9e sous le n\u00b0 \n1900980 dans NOVA le 29 avril 2025 par l'entreprise LUMA KIDS, SIREN 811 491 463, dont le si\u00e8ge \nsocial est situ\u00e9 6 rue Paul Cabet 21000 DIJON ; \nVu la responsable, Mme COUNNS Tiffany ; \nVu le t\u00e9l\u00e9chargement des pi\u00e8ces obligatoires dans l'application NOVA le 30 juin 2025 ; \nVu le courriel du 1 er juillet 2025 de la DDETS 21 adress\u00e9 \u00e0 l'entreprise LUMA KIDS portant sur les \nobservations des pi\u00e8ces re\u00e7ues et/ou manquantes ; \nDirection d\u00e9partementale de l'emploi, du travail et des solidarit\u00e9s de C\u00f4te-d'Or - 21-2025-07-15-00004 - Arr\u00eat\u00e9 portant agr\u00e9ment SAP -\nLUMA KIDS n\u00b0 SAP/811491463 6\nDDETS 21, 6 rue Chancelier de l'Hospital - 21000 DIJON  \nT\u00e9l. : 03 80 68 30 00 (Accueil) \nwww.cote-dor.gouv.fr \nVu la r\u00e9ponse de l'entreprise LUMA KIDS le 1er juillet 2025 marquant la v\u00e9rification de compl\u00e9tude et \nde conformit\u00e9 des pi\u00e8ces re\u00e7ues ainsi que le d\u00e9but du d\u00e9lai d'instruction de trois mois ; \nVu la demande de compl\u00e9ment via le courriel du 1 er juillet 2025 et la r\u00e9ponse  de l'entreprise LUMA \nKIDS le 1er juillet 2025 ; \n\u2026\u2026\u2026\u2026.. \nConsid\u00e9rant que le Pr\u00e9fet accorde l'agr\u00e9ment lorsque la personne morale qui en fait la demande \ndispose en propre ou au sein du r\u00e9seau dont il fait partie, des moyens humains, mat\u00e9riels et financiers \npermettant de satisfaire l'objet pour lequel l'agr\u00e9ment est sollicit\u00e9 (art R 7232-6 Code du Travail) ; \nConsid\u00e9rant qu'un organisme de services \u00e0 la personne (OSP) doit respecter le cahier des ch arges \net son annexe, d\u00e9finis \u00e0 l'arr\u00eat\u00e9 du 24 novembre 2023 pr\u00e9vu par l'article R 7232-6 du Code du Travail ; \nConsid\u00e9rant que le mode d'intervention est le mode prestataire ; \nConsid\u00e9rant que l'entreprise LUMA KIDS poss\u00e8de une certification relative \u00e0 la qualit\u00e9 de services \ndes \u00e9tablissements exer\u00e7ant des activit\u00e9s de services \u00e0 la personne, \u00e9tablie par le Bureau Veritas, \norganisme certifi\u00e9 QUALISAP ;  \nConsid\u00e9rant que ce certificat est valable jusqu'au 14 mars 2029 ; \nConsid\u00e9rant que la certification de ser vice permet un renouvellement automatique de l'agr\u00e9ment \n(article R.7232-8 du code du travail et point 43 et 68 du cahier des charges) ; \nConsid\u00e9rant que l'instruction de la demande de renouvellement a notamment port\u00e9 sur la v\u00e9rification \nde la qualification du personnel pr\u00e9vue au point 29 du cahier des charges ; \n \n \nARR\u00caTE \n \n Article 1 :  \nLe renouvellement de l'agr\u00e9ment services \u00e0 la personne (SAP) est accord\u00e9 \u00e0 l'entreprise LUMA \nKIDS, SIREN 811 491 463, situ\u00e9e 6 rue Paul Cabet 21000 DIJON , pour une dur\u00e9e de cinq ans \u00e0 \ncompter de la date du 9 juillet 2025 ; \nsous r\u00e9serve du respect du cahier des charges \u00e9tabli par l'arr\u00eat\u00e9 du 24 novembre 2023.     \n \nArticle 2 :  \nLa demande de renouvellement devra \u00eatre d\u00e9pos\u00e9e dans les conditions fix\u00e9es par l'article R.7232-9 \ndu Code du Travail et au plus tard, trois mois avant la fin de l'agr\u00e9ment ; \n \nArticle 3 :  \nCet agr\u00e9ment couvre les activit\u00e9s ci-dessous pour le d\u00e9partement de la C\u00f4te d'Or (21), en mode \nprestataire : \n- Garde d'enfants de moins de trois ans \u00e0 domicile ou de moins de dix-huit ans en situation de handicap, \n \n- Accompagnement des enfants de moins de trois ans ou de moins de dix -huit ans en situation de \nhandicap, dans leurs d\u00e9placements en dehors de leur domicile (promenades, transport, actes de la vie \ncourante) \u00e0 la condition que la prestation soit comprise dans une offre globale de services incluant une \nactivit\u00e9 effectu\u00e9e \u00e0 domicile ; \n \nArticle 4 :  \nSi l'organisme envisage de fournir des activit\u00e9s ou de fonctionner selon des modes d'intervention autres \nque ceux pour lesquels il est agr\u00e9\u00e9 ou de d\u00e9ployer ses activit\u00e9s sur un d\u00e9partement autre que celui pour \nlequel il est agr\u00e9\u00e9, il devra solliciter une modification pr\u00e9alable de son agr\u00e9ment ; \nDirection d\u00e9partementale de l'emploi, du travail et des solidarit\u00e9s de C\u00f4te-d'Or - 21-2025-07-15-00004 - Arr\u00eat\u00e9 portant agr\u00e9ment SAP -\nLUMA KIDS n\u00b0 SAP/811491463 7\nDDETS 21, 6 rue Chancelier de l'Hospital - 21000 DIJON  \nT\u00e9l. : 03 80 68 30 00 (Accueil) \nwww.cote-dor.gouv.fr \nLa demande devra pr\u00e9ciser les modifications envisag\u00e9es et les moyens nouveaux correspondants dans \nles conditions fix\u00e9es par la r\u00e9glementation. L'ouverture d'un nouvel \u00e9tablissement ou d'un nouveau local \nd'accueil dans un d\u00e9partement pour lequel il est agr\u00e9\u00e9 devra \u00e9galement faire l'objet d'une information \npr\u00e9alable aupr\u00e8s de la DDETS ; \n \nArticle 5 :  \nLe pr\u00e9sent agr\u00e9ment pourra \u00eatre retir\u00e9 (R 7232-12 Code du Travail) si l'organisme agr\u00e9\u00e9 : \n\u2022 cesse de remplir les conditions ou de respecter les obligations mentionn\u00e9es aux articles R.7232-4 \u00e0 \nR.7232-9 du code du travail, \n\u2022 ne respecte pas les dispositions l\u00e9gales relatives  \u00e0 la sant\u00e9 et \u00e0 la s\u00e9curit\u00e9 au travail, \n\u2022 exerce d'autres activit\u00e9s ou sur d'autres d\u00e9partements que ceux mentionn\u00e9s dans le pr\u00e9sent arr\u00eat\u00e9, \n\u2022 ne transmet pas au pr\u00e9fet comp\u00e9tent avant la fin du premier semestre de l'ann\u00e9e, le bilan quantitatif \net qualitatif de l'activit\u00e9 exerc\u00e9e au titre de l'ann\u00e9e \u00e9coul\u00e9e ; \n \nArticle 6 :  \nCet agr\u00e9ment n'ouvre pas droit aux avantages fiscaux et sociaux  fix\u00e9s par l'article L.  7233-2 du \ncode du travail et L. 241-10 du code de la s\u00e9curit\u00e9 sociale. Conform\u00e9ment \u00e0 l'article L.7232-1-1 du Code \ndu Travail, pour ouvrir droit \u00e0 ces dispositions, l'organisme doit se d\u00e9clarer et n'exercer que les activit\u00e9s \nd\u00e9clar\u00e9es, \u00e0 l'exclusion de toute autre (ou tenir une comptabilit\u00e9 s\u00e9par\u00e9e pour les organismes dispens\u00e9s \nde cette condition par l'article L. 7232-1-2) ; \n \nArticle 7 : \nLe pr\u00e9sent arr\u00eat\u00e9 sera publi\u00e9 au recueil des actes administratifs de la Pr\u00e9fecture (art R 7232 -18 \nCode du Travail). \n \nPour le Pr\u00e9fet de D\u00e9partement et par \nsubd\u00e9l\u00e9gation du Directeur D\u00e9partemental de la \nDDETS de C\u00f4te d'Or, \nLa Responsable de l'Unit\u00e9, Formation, Emploi et \nInsertion, \nSIGNE \n          Marie BEGRAND   \nDirection d\u00e9partementale de l'emploi, du travail et des solidarit\u00e9s de C\u00f4te-d'Or - 21-2025-07-15-00004 - Arr\u00eat\u00e9 portant agr\u00e9ment SAP -\nLUMA KIDS n\u00b0 SAP/811491463 8\nDirection d\u00e9partementale de l'emploi, du travail\net des solidarit\u00e9s de C\u00f4te-d'Or\n21-2025-07-11-00007\nR\u00e9c\u00e9piss\u00e9 d\u00e9claration modificative SAP -\nMOERMAN Alex\nDirection d\u00e9partementale de l'emploi, du travail et des solidarit\u00e9s de C\u00f4te-d'Or - 21-2025-07-11-00007 - R\u00e9c\u00e9piss\u00e9 d\u00e9claration\nmodificative SAP - MOERMAN Alex 9\nPREFET Direction D\u00e9partementale de l'Emploi,DE LA du Travail et des Solidarit\u00e9s,COTE-D'OR DDETS 21Libert\u00e9Egalit\u00e9Fraternit\u00e9 \u00c7 ;DDETS de la C\u00f4te d'Or Dijon, le 11/07/2025P\u00f4le Emploi et Coh\u00e9sion TerritorialeAffaire suivie par : Sophie LACROIXT\u00e9l. : 03 80 68 39 25 // 06 84 89 20 33 | | M. MOERMAN AlexMail : sophie.lacroix@cote-dor.gouv.fr 20 cours Sully21800 QUETIGNY\nR\u00c9C\u00c9PISS\u00c9 DE LA D\u00c9CLARATION MODIFICATIVEd'un organisme de services \u00e0 la personneenregistr\u00e9 sous le n\u00b0 SAP/ 947836078\nLe Pr\u00e9fet de la C\u00f4te-d'Or, et par subd\u00e9l\u00e9gation de la Directrice D\u00e9partementale de la DDETS, laResponsable du P\u00f4le Emploi et Coh\u00e9sion Territoriale/la Responsable de I'Unit\u00e9 Formation, Emploi,Insertion\nVu le code du travail et notamment les articles L.7231-1 \u00e0 L.7233-2, R.7232-18 \u00e0 R.7232-24, D.7231-1et D.7233-1 \u00e0 D.7233-5,Vu la loi n\u00b0 2015-1776 du 28 d\u00e9cembre 2015 relative \u00e0 l'adaptation de la soci\u00e9t\u00e9 au vieillissement,Vu le d\u00e9cret n\u00b0 2016-750 du 6 juin 2016 relatif \u00e0 la liste des activit\u00e9s de services \u00e0 la personne soumises\u00e0 agr\u00e9ment ou \u00e0 autorisation dans le cadre du r\u00e9gime commun de la d\u00e9claration,\nConstateQu'en application des dispositions du code du travail susvis\u00e9es, une d\u00e9claration d'activit\u00e9 de services\u00e0 la personne a \u00e9t\u00e9 d\u00e9livr\u00e9e le 30 janvier 2023 par la DDETS de C\u00f4te d'Or \u00e0 la micro-entrepriserepr\u00e9sent\u00e9e par M. MOERMAN Alex, SIREN, 947 836 078.Qu'\u00e0 la suite d'une demande de changement d'adresse de l'\u00e9tablissement principal (demandeNOVA n\u00b0 408720 du 01/07/2025), une d\u00e9claration modificative s'applique, toujours selon lesm\u00eames modalit\u00e9s et les m\u00eames activit\u00e9s qu'auparavant, \u00e0 l'exclusion de toute autre :Sur le territoire national :1. Soutien scolaire ou cours \u00e0 domicileCette activit\u00e9 est toujours effectu\u00e9e en qualit\u00e9 de prestataire.\nCependant, l'adresse du si\u00e8ge social/\u00e9tablissement principal est d\u00e9sormais celle indiqu\u00e9e ci-dessus, 20 cours Sully 21800 QUETIGNY, SIRET, 947 836 078 00024.\nDDETS de la C\u00f4te d'Or6 Rue Chancelier de l'Hospital - 21000 DIJONT\u00e9l. : 03 80 68 30 00 (Accueil) www.cote-dor.gouv.fr\nDirection d\u00e9partementale de l'emploi, du travail et des solidarit\u00e9s de C\u00f4te-d'Or - 21-2025-07-11-00007 - R\u00e9c\u00e9piss\u00e9 d\u00e9claration\nmodificative SAP - MOERMAN Alex 10\nElle fait suite a la pr\u00e9c\u00e9dente adresse ci-dessous :- 3rue des p\u00e9pinieres 21000 DIJON, SIRET, 947 836 078 00016.Toute modification concernant les activit\u00e9s exerc\u00e9es devra faire l'objet d'une d\u00e9claration modificativepr\u00e9alable.Sous r\u00e9serve d'\u00eatre exerc\u00e9e \u00e0 titre exclusif, ces activit\u00e9s ouvrent droit au b\u00e9n\u00e9fice des dispositions desarticles L. 7233-2 du code du travail et L. 241-10 du code de la s\u00e9curit\u00e9 sociale dans les conditionspr\u00e9vues par ces articles.L'enregistrement de la d\u00e9claration peut \u00eatre retir\u00e9 dans les conditions fix\u00e9es aux articles R.7232-22 \u00e0R.7232-24 du code du travail.Le pr\u00e9sent r\u00e9c\u00e9piss\u00e9 sera publi\u00e9 au recueil des actes administratifs de la pr\u00e9fecture de la C\u00f4te d'Or.\nPour le Pr\u00e9fet de D\u00e9partement,et par subd\u00e9l\u00e9gation la Directrice D\u00e9partementaleemp\u00e9ch\u00e9e,La Responsable de I'Unit\u00e9 Formation, Emploi etInsertion,SIGNEMarie BEGRAND\nDirection d\u00e9partementale de l'emploi, du travail et des solidarit\u00e9s de C\u00f4te-d'Or - 21-2025-07-11-00007 - R\u00e9c\u00e9piss\u00e9 d\u00e9claration\nmodificative SAP - MOERMAN Alex 11\nDirection d\u00e9partementale de l'emploi, du travail\net des solidarit\u00e9s de C\u00f4te-d'Or\n21-2025-07-11-00005\nR\u00e9c\u00e9piss\u00e9 d\u00e9claration SAP n\u00b0933278285 -\nGUILLERME Deborah\nDirection d\u00e9partementale de l'emploi, du travail et des solidarit\u00e9s de C\u00f4te-d'Or - 21-2025-07-11-00005 - R\u00e9c\u00e9piss\u00e9 d\u00e9claration SAP\nn\u00b0933278285 - GUILLERME Deborah 12\nPREFETDE LACOTE-D'ORLibert\u00e9\u00c9galit\u00e9Fraternit\u00e9\nDirection D\u00e9partementale de l'Emploi, \ndu Travail et des Solidarit\u00e9s - DDETS \nDDETS 21, 6 rue Chancelier de l'Hospital - 21000 DIJON  \nT\u00e9l. : 03 80 68 30 00 (Accueil) \nwww.cote-dor.gouv.fr \nAffaire suivie par Sophie LACROIX                          Dijon, le 11/07/2025 \nP\u00f4le Emploi-Coh\u00e9sion Territoriale, \nT\u00e9l : 03 80 68 39 25 // 06 84 89 20 33 \nCourriel : sophie.lacroix@cote-dor.gouv.fr \nMme GUILLERME D\u00e9borah \n1 impasse Calendini \n21600 LONGVIC \n \n \n \nRECEPISSE DE DECLARATION \nd'un Organisme de Services \u00e0 la Personne \nEnregistr\u00e9 sous le n\u00b0 SAP/ 933278285 \n \n \nLe Pr\u00e9fet de la C\u00f4te-d'Or, et par subd\u00e9l\u00e9gation de la Directrice D\u00e9partementale de la DDETS, la \nCheffe du P\u00f4le Emploi et Coh\u00e9sion Territoriale/la Responsable de l'Unit\u00e9 Formation, Emploi, Insertion \n \n \n \nVU la loi n\u00b0 2015-1776 du 28 d\u00e9cembre 2015 relative \u00e0 l'adaptation de la soci\u00e9t\u00e9 au vieillissement, \n \nVU le d\u00e9cret n\u00b0 2016-750 du 6 juin 2016 relatif \u00e0 la liste des activit\u00e9s de services \u00e0 la personne soumises \n\u00e0 agr\u00e9ment ou \u00e0 autorisation dans le cadre du r\u00e9gime commun de la d\u00e9claration, \n \nVU le code du travail et notamment les articles L 7231-1 \u00e0 L 7233-2, R 7232-16 \u00e0 R 7232-22, D7231-1 \net D 7233-1 \u00e0 D 7233-5. \n \n \nConstate \n \nQu'une d\u00e9claration d'activit\u00e9s de services \u00e0 la personne a \u00e9t\u00e9 d\u00e9pos\u00e9e sous le n\u00b0 1998220 aupr\u00e8s de \nla DDETS de la C\u00f4te d'Or, le 27/02/2025, par Mme GUILLERME D\u00e9borah, dans le cadre de la micro -\nentreprise \"D\u00e9borah home service\", repr\u00e9sent\u00e9e par Mme GUILLERME D\u00e9borah, dont le si\u00e8ge social \nest situ\u00e9 1 impasse Calendini 21600 LONGVIC et enregistr\u00e9e sous le n\u00b0 SAP/933278285 pour les \nactivit\u00e9s suivantes \u00e0 l'exclusion de toute autre :  \n \n1. Garde d'enfants de plus de 3 ans \u00e0 domicile \n2. Accompagnement des enfants de plus de 3 ans dans leurs d\u00e9placements \n3. Entretien de la maison et travaux m\u00e9nagers  \n4. Pr\u00e9paration de repas \u00e0 domicile \n5. Collecte et livraison \u00e0 domicile de linge repass\u00e9 \n6. Livraison de courses \u00e0 domicile \nDirection d\u00e9partementale de l'emploi, du travail et des solidarit\u00e9s de C\u00f4te-d'Or - 21-2025-07-11-00005 - R\u00e9c\u00e9piss\u00e9 d\u00e9claration SAP\nn\u00b0933278285 - GUILLERME Deborah 13\nDDETS 21, 6 rue Chancelier de l'Hospital - 21000 DIJON  \nT\u00e9l. : 03 80 68 30 00 (Accueil) \nwww.cote-dor.gouv.fr \n7. Soins et promenade(s) d'animaux pour personnes d\u00e9pendantes \n \nCes activit\u00e9s sont exerc\u00e9es en qualit\u00e9 de prestataire. \nL'\u00e9tablissement principal, \u00e9galement si\u00e8ge social, se situe \u00e0 l'adresse ci-dessus et poss\u00e8de le num\u00e9ro \nSIRET suivant, 933 278 285 00012. \nToute modification concernant l'activit\u00e9 exerc\u00e9e devra faire l'objet d'une d\u00e9claration modificative \npr\u00e9alable. \nSous r\u00e9serve d'\u00eatre exerc\u00e9e \u00e0 titre exclusif (ou sous r\u00e9serve d'une comptabilit\u00e9 s\u00e9par\u00e9e pour les \npersonnes morales dispens\u00e9es de cette condition), ces activit\u00e9s ouvrent droit au b\u00e9n\u00e9fice des \ndispositions des articles L. 7233-2 du code du travail et L. 241 -10 du code de la s\u00e9curit\u00e9 sociale dans \nles conditions pr\u00e9vues par ces articles. \nLes effets de la d\u00e9claration courent \u00e0 compter du jour de d\u00e9p\u00f4t de la demande, conform\u00e9ment \u00e0 l'article \nR.7232-18 du code du travail. \nL'enregistrement de la d\u00e9claration peut \u00eatre retir\u00e9 dans les conditions fix\u00e9es aux articles R.7232 -20 \u00e0 \nR.7232-22 du code du travail. \nLe pr\u00e9sent r\u00e9c\u00e9piss\u00e9 n'est pas limit\u00e9 dans le temps et sera publi\u00e9 au recueil des actes administratifs de \nla pr\u00e9fecture de la C\u00f4te d'Or. \n \nPour le Pr\u00e9fet de C\u00f4te d'Or \nEt par subd\u00e9l\u00e9gation de \nla Directrice D\u00e9partementale emp\u00each\u00e9e, \n   \nLa Responsable de l'Unit\u00e9, Formation, Emploi et Insertion, \nSIGNE  \nMarie BEGRAND \nDirection d\u00e9partementale de l'emploi, du travail et des solidarit\u00e9s de C\u00f4te-d'Or - 21-2025-07-11-00005 - R\u00e9c\u00e9piss\u00e9 d\u00e9claration SAP\nn\u00b0933278285 - GUILLERME Deborah 14\nDirection d\u00e9partementale de l'emploi, du travail\net des solidarit\u00e9s de C\u00f4te-d'Or\n21-2025-07-11-00006\nR\u00e9c\u00e9piss\u00e9 d\u00e9claration SAP n\u00b0942398629 -\nVOUILLOT Charly\nDirection d\u00e9partementale de l'emploi, du travail et des solidarit\u00e9s de C\u00f4te-d'Or - 21-2025-07-11-00006 - R\u00e9c\u00e9piss\u00e9 d\u00e9claration SAP\nn\u00b0942398629 - VOUILLOT Charly 15\nPREFETDE LACOTE-D'ORLibert\u00e9\u00c9galit\u00e9Fraternit\u00e9\nDirection D\u00e9partementale de l'Emploi, \ndu Travail et des Solidarit\u00e9s - DDETS \nDDETS 21, 21 Bd Voltaire, BP 81110 - 21011 DIJON Cedex \nT\u00e9l. : 03 80 45 75 45 (Accueil) \nwww.cote-dor.gouv.fr \nAffaire suivie par Sophie LACROIX                          Dijon, le 11/07/2025 \nP\u00f4le Emploi-Coh\u00e9sion Territoriale, \nT\u00e9l : 03 80 68 39 25 // 06 84 89 20 33 \nCourriel : sophie.lacroix@cote-dor.gouv.fr \nM. VOUILLOT Charly \n6 impasse de l'abbaye \n21600 OUGES \n \n \n \nRECEPISSE DE DECLARATION \nd'un Organisme de Services \u00e0 la Personne \nEnregistr\u00e9 sous le n\u00b0 SAP/ 942398629 \n \n \nLe Pr\u00e9fet de la C\u00f4te-d'Or, et par subd\u00e9l\u00e9gation de la Directrice D\u00e9partementale de la DDETS, la \nCheffe du P\u00f4le Emploi et Coh\u00e9sion Territoriale/la Responsable de l'Unit\u00e9 Formation, Emploi, Insertion \n \n \n \nVU la loi n\u00b0 2015-1776 du 28 d\u00e9cembre 2015 relative \u00e0 l'adaptation de la soci\u00e9t\u00e9 au vieillissement, \n \nVU le d\u00e9cret n\u00b0 2016-750 du 6 juin 2016 relatif \u00e0 la liste des activit\u00e9s de services \u00e0 la personne soumises \n\u00e0 agr\u00e9ment ou \u00e0 autorisation dans le cadre du r\u00e9gime commun de la d\u00e9claration, \n \nVU le code du travail et notamment les articles L 7231-1 \u00e0 L 7233-2, R 7232-16 \u00e0 R 7232-22, D7231-1 \net D 7233-1 \u00e0 D 7233-5. \n \n \nConstate \n \nQu'une d\u00e9claration d'activit\u00e9s de services \u00e0 la personne a \u00e9t\u00e9 d\u00e9pos\u00e9e sous le n\u00b0 2279800 aupr\u00e8s de \nla DDETS de la C\u00f4te d'Or, le 26/05/2025, par M. VOUILLOT Charly, dans le cadre de l'entreprise \nindividuelle \"Vouillot multi-travaux\", repr\u00e9sent\u00e9e par M. VOUILLOT Charly, dont le si\u00e8ge social est situ\u00e9 \n6 impasse de l'abbaye 21600 OUGES et enregistr\u00e9e sous le n\u00b0 SAP/  942398629 pour les activit\u00e9s \nsuivantes \u00e0 l'exclusion de toute autre :  \n \n1. Entretien de la maison et travaux m\u00e9nagers  \n2. Petits travaux de jardinage \n3. Travaux de petit bricolage \n \nCes activit\u00e9s sont exerc\u00e9es en qualit\u00e9 de prestataire. \nDirection d\u00e9partementale de l'emploi, du travail et des solidarit\u00e9s de C\u00f4te-d'Or - 21-2025-07-11-00006 - R\u00e9c\u00e9piss\u00e9 d\u00e9claration SAP\nn\u00b0942398629 - VOUILLOT Charly 16\nDDETS 21, 6 rue Chancelier de l'Hospital - 21000 DIJON  \nT\u00e9l. : 03 80 68 30 00 (Accueil) \nwww.cote-dor.gouv.fr \nL'\u00e9tablissement principal, \u00e9galement si\u00e8ge social, se situe \u00e0 l'adresse ci-dessus et poss\u00e8de le num\u00e9ro \nSIRET suivant, 942 398 629 00017. \nToute modification concernant l'activit\u00e9 exerc\u00e9e devra faire l'objet d'une d\u00e9claration modificative \npr\u00e9alable. \nSous r\u00e9serve d'\u00eatre exerc\u00e9e \u00e0 titre exclusif (ou sous r\u00e9serve d'une comptabilit\u00e9 s\u00e9par\u00e9e pour les \npersonnes morales dispens\u00e9es de c ette condition), ces activit\u00e9s ouvrent droit au b\u00e9n\u00e9fice des \ndispositions des articles L. 7233-2 du code du travail et L. 241 -10 du code de la s\u00e9curit\u00e9 sociale dans \nles conditions pr\u00e9vues par ces articles. \nLes effets de la d\u00e9claration courent \u00e0 compter du jour de d\u00e9p\u00f4t de la demande, conform\u00e9ment \u00e0 l'article \nR.7232-18 du code du travail. \nL'enregistrement de la d\u00e9claration peut \u00eatre retir\u00e9 dans les conditions fix\u00e9es aux articles R.7232 -20 \u00e0 \nR.7232-22 du code du travail. \nLe pr\u00e9sent r\u00e9c\u00e9piss\u00e9 n'est pas limit\u00e9 dans le temps et sera publi\u00e9 au recueil des actes administratifs de \nla pr\u00e9fecture de la C\u00f4te d'Or. \n \nPour le Pr\u00e9fet de C\u00f4te d'Or \nEt par subd\u00e9l\u00e9gation de \nla Directrice D\u00e9partementale emp\u00each\u00e9e, \n   \nLa Responsable de l'Unit\u00e9, Formation, Emploi et Insertion, \nSIGNE   \nMarie BEGRAND \nDirection d\u00e9partementale de l'emploi, du travail et des solidarit\u00e9s de C\u00f4te-d'Or - 21-2025-07-11-00006 - R\u00e9c\u00e9piss\u00e9 d\u00e9claration SAP\nn\u00b0942398629 - VOUILLOT Charly 17\nDirection d\u00e9partementale de l'emploi, du travail\net des solidarit\u00e9s de C\u00f4te-d'Or\n21-2025-07-11-00002\nR\u00e9c\u00e9piss\u00e9 d\u00e9claration SAP n\u00b0944732627 -\nDONZEL Nans\nDirection d\u00e9partementale de l'emploi, du travail et des solidarit\u00e9s de C\u00f4te-d'Or - 21-2025-07-11-00002 - R\u00e9c\u00e9piss\u00e9 d\u00e9claration SAP\nn\u00b0944732627 - DONZEL Nans 18\nPREFETDE LACOTE-D'ORLibert\u00e9\u00c9galit\u00e9Fraternit\u00e9\nDirection D\u00e9partementale de l'Emploi, \ndu Travail et des Solidarit\u00e9s - DDETS \nDDETS 21, 6 rue Chancelier de l'Hospital - 21000 DIJON  \nT\u00e9l. : 03 80 68 30 00 (Accueil) \nwww.cote-dor.gouv.fr \nAffaire suivie par Sophie LACROIX                          Dijon, le 11/07/2025 \nP\u00f4le Emploi-Coh\u00e9sion Territoriale, \nT\u00e9l : 03 80 68 39 25 // 06 84 89 20 33 \nCourriel : sophie.lacroix@cote-dor.gouv.fr \nM. DONZEL Nans \n33 rue des Planchettes  \n21000 DIJON \n \n \n \nRECEPISSE DE DECLARATION \nd'un Organisme de Services \u00e0 la Personne \nEnregistr\u00e9 sous le n\u00b0 SAP/ 944732627 \n \n \nLe Pr\u00e9fet de la C\u00f4te-d'Or, et par subd\u00e9l\u00e9gation de la Directrice D\u00e9partementale de la DDETS, la \nCheffe du P\u00f4le Emploi et Coh\u00e9sion Territoriale/la Responsable de l'Unit\u00e9 Formation, Emploi, Insertion \n \n \n \nVU la loi n\u00b0 2015-1776 du 28 d\u00e9cembre 2015 relative \u00e0 l'adaptation de la soci\u00e9t\u00e9 au vieillissement, \n \nVU le d\u00e9cret n\u00b0 2016-750 du 6 juin 2016 relatif \u00e0 la liste des activit\u00e9s de services \u00e0 la personne soumises \n\u00e0 agr\u00e9ment ou \u00e0 autorisation dans le cadre du r\u00e9gime commun de la d\u00e9claration, \n \nVU le code du travail et notamment les articles L 7231-1 \u00e0 L 7233-2, R 7232-16 \u00e0 R 7232-22, D7231-1 \net D 7233-1 \u00e0 D 7233-5. \n \n \nConstate \n \nQu'une d\u00e9claration d'activit\u00e9s de services \u00e0 la personne a \u00e9t\u00e9 d\u00e9pos\u00e9e sous le n\u00b0 2289060 aupr\u00e8s de \nla DDETS de la C\u00f4te d'Or, le 2 8/05/2025, par M. DONZEL Nans, dans le cadre de la micro-entreprise \n\"NDSPORT-SANTE\", repr\u00e9sent\u00e9e par M. DONZEL Nans, dont le si\u00e8ge social est situ\u00e9 33 rue des \nPlanchettes 21000 DIJON et enregistr\u00e9e sous le n\u00b0 SAP/944732627 pour l' activit\u00e9 suivante \u00e0 l'exclusion \nde toute autre :  \n \n1. Soutien scolaire ou cours \u00e0 domicile \n \nCette activit\u00e9 est exerc\u00e9e en qualit\u00e9 de prestataire. \nL'\u00e9tablissement principal, \u00e9galement si\u00e8ge social, se situe \u00e0 l'adresse ci-dessus et poss\u00e8de le num\u00e9ro \nSIRET suivant, 944 732 627 00012. \nDirection d\u00e9partementale de l'emploi, du travail et des solidarit\u00e9s de C\u00f4te-d'Or - 21-2025-07-11-00002 - R\u00e9c\u00e9piss\u00e9 d\u00e9claration SAP\nn\u00b0944732627 - DONZEL Nans 19\nDDETS 21, 6 rue Chancelier de l'Hospital - 21000 DIJON  \nT\u00e9l. : 03 80 68 30 00 (Accueil) \nwww.cote-dor.gouv.fr \nToute modification concernant l'activit\u00e9 exerc\u00e9e devra faire l'objet d'une d\u00e9claration modificative \npr\u00e9alable. \nSous r\u00e9serve d'\u00eatre exerc\u00e9e \u00e0 titre exclusif (ou sous r\u00e9serve d'une comptabilit\u00e9  s\u00e9par\u00e9e pour les \npersonnes morales dispens\u00e9es de cette condition), ces activit\u00e9s ouvrent droit au b\u00e9n\u00e9fice des \ndispositions des articles L. 7233-2 du code du travail et L. 241 -10 du code de la s\u00e9curit\u00e9 sociale dans \nles conditions pr\u00e9vues par ces articles. \nLes effets de la d\u00e9claration courent \u00e0 compter du jour de d\u00e9p\u00f4t de la demande, conform\u00e9ment \u00e0 l'article \nR.7232-18 du code du travail. \nL'enregistrement de la d\u00e9claration peut \u00eatre retir\u00e9 dans les conditions fix\u00e9es aux articles R.7232 -20 \u00e0 \nR.7232-22 du code du travail. \nLe pr\u00e9sent r\u00e9c\u00e9piss\u00e9 n'est pas limit\u00e9 dans le temps et sera publi\u00e9 au recueil des actes administratifs de \nla pr\u00e9fecture de la C\u00f4te d'Or. \n \nPour le Pr\u00e9fet de C\u00f4te d'Or \nEt par subd\u00e9l\u00e9gation de \nla Directrice D\u00e9partementale emp\u00each\u00e9e, \n   \nLa Responsable de l'Unit\u00e9, Formation, Emploi et Insertion, \nSIGNE   \nMarie BEGRAND \nDirection d\u00e9partementale de l'emploi, du travail et des solidarit\u00e9s de C\u00f4te-d'Or - 21-2025-07-11-00002 - R\u00e9c\u00e9piss\u00e9 d\u00e9claration SAP\nn\u00b0944732627 - DONZEL Nans 20\nDirection d\u00e9partementale de l'emploi, du travail\net des solidarit\u00e9s de C\u00f4te-d'Or\n21-2025-07-15-00003\nR\u00e9c\u00e9piss\u00e9 d\u00e9claration SAP n\u00b0944903368 -\nWENGRYNOWSKI Julien\nDirection d\u00e9partementale de l'emploi, du travail et des solidarit\u00e9s de C\u00f4te-d'Or - 21-2025-07-15-00003 - R\u00e9c\u00e9piss\u00e9 d\u00e9claration SAP\nn\u00b0944903368 - WENGRYNOWSKI Julien 21\nPREFETDE LACOTE-D'ORLibert\u00e9\u00c9galit\u00e9Fraternit\u00e9\nDirection D\u00e9partementale de l'Emploi, \ndu Travail et des Solidarit\u00e9s - DDETS \nDDETS 21, 21 Bd Voltaire, BP 81110 - 21011 DIJON Cedex \nT\u00e9l. : 03 80 45 75 45 (Accueil) \nwww.cote-dor.gouv.fr \nAffaire suivie par Sophie LACROIX                          Dijon, le 15/07/2025 \nP\u00f4le Emploi-Coh\u00e9sion Territoriale, \nT\u00e9l : 03 80 68 39 25 // 06 84 89 20 33 \nCourriel : sophie.lacroix@cote-dor.gouv.fr \nM. WENGRYNOWSKI Julien \n3 all\u00e9e du Bareuzai \n21240 TALANT \n \n \n \nRECEPISSE DE DECLARATION \nd'un Organisme de Services \u00e0 la Personne \nEnregistr\u00e9 sous le n\u00b0 SAP/ 944903368 \n \n \nLe Pr\u00e9fet de la C\u00f4te-d'Or, et par subd\u00e9l\u00e9gation de la Directrice D\u00e9partementale de la DDETS, la \nCheffe du P\u00f4le Emploi et Coh\u00e9sion Territoriale/la Responsable de l'Unit\u00e9 Formation, Emploi, Insertion \n \n \n \nVU la loi n\u00b0 2015-1776 du 28 d\u00e9cembre 2015 relative \u00e0 l'adaptation de la soci\u00e9t\u00e9 au vieillissement, \n \nVU le d\u00e9cret n\u00b0 2016-750 du 6 juin 2016 relatif \u00e0 la liste des activit\u00e9s de services \u00e0 la personne soumises \n\u00e0 agr\u00e9ment ou \u00e0 autorisation dans le cadre du r\u00e9gime commun de la d\u00e9claration, \n \nVU le code du travail et notamment les articles L 7231-1 \u00e0 L 7233-2, R 7232-16 \u00e0 R 7232-22, D7231-1 \net D 7233-1 \u00e0 D 7233-5. \n \n \nConstate \n \nQu'une d\u00e9claration d'activit\u00e9s de services \u00e0 la personne a \u00e9t\u00e9 d\u00e9pos\u00e9e sous le n\u00b0 2349240 aupr\u00e8s de \nla DDETS de la C\u00f4te d'Or, le 17/06/2025, par M. WENGRYNOWSKI Julien, dans le cadre de la micro-\nentreprise \"Du Service au Sourire\", repr\u00e9sent\u00e9e par M. WENGRYNOWSKI Julien, dont le si\u00e8ge social \nest situ\u00e9 3 all\u00e9e du Bareuzai 21240 TALANT et enregistr\u00e9e sous le n\u00b0 SAP/944903368 pour les activit\u00e9s \nsuivantes \u00e0 l'exclusion de toute autre :  \n \n1. Garde d'enfants de plus de 3 ans \u00e0 domicile \n2. Soutien scolaire ou cours \u00e0 domicile \n3. Accompagnement des enfants de plus de 3 ans dans leurs d\u00e9placements \n4. Entretien de la maison et travaux m\u00e9nagers  \n5. Petits travaux de jardinage \n6. Travaux de petit bricolage \nDirection d\u00e9partementale de l'emploi, du travail et des solidarit\u00e9s de C\u00f4te-d'Or - 21-2025-07-15-00003 - R\u00e9c\u00e9piss\u00e9 d\u00e9claration SAP\nn\u00b0944903368 - WENGRYNOWSKI Julien 22\nDDETS 21, 21 Bd Voltaire, BP 81110 - 21011 DIJON Cedex \nT\u00e9l. : 03 80 45 75 45 (Accueil) \nwww.cote-dor.gouv.fr \n7. Pr\u00e9paration de repas \u00e0 domicile \n8. Livraison de repas \u00e0 domicile \n9. Collecte et livraison \u00e0 domicile de linge repass\u00e9 \n10. Livraison de courses \u00e0 domicile \n11. Maintenance, entretien et vigilance temporaires \u00e0 domicile \n12. Assistance informatique \u00e0 domicile \n13. Assistance administrative \u00e0 domicile \n14. T\u00e9l\u00e9-assistance et visio-assistance \n15. Soins d'esth\u00e9tique \u00e0 domicile pour personnes d\u00e9pendantes \n16. Soins et promenade(s) d'animaux pour personnes d\u00e9pendantes \n17. Interpr\u00e8te en langue des signes \n18. Conduite du v\u00e9hicule des personnes en cas d'invalidit\u00e9 temporaire \n19. Accompagnement des personnes pr\u00e9sentant une invalidit\u00e9 temporaire \n20. Assistance aux personnes ayant besoin d'une aide temporaire \u00e0 leur domicile \n \nCes activit\u00e9s sont exerc\u00e9es en qualit\u00e9 de prestataire. \nL'\u00e9tablissement principal, \u00e9galement si\u00e8ge social, se situe \u00e0 l'adresse ci-dessus et poss\u00e8de le num\u00e9ro \nSIRET suivant, 944 903 368 00016. \nToute modification concernant l'activit\u00e9 exerc\u00e9e devra faire l'objet d'une d\u00e9claration modificative \npr\u00e9alable. \nSous r\u00e9serve d'\u00eatre exerc\u00e9e \u00e0 titre exclusif (ou sous r\u00e9serve d'un e comptabilit\u00e9 s\u00e9par\u00e9e pour les \npersonnes morales dispens\u00e9es de cette condition), ces activit\u00e9s ouvrent droit au b\u00e9n\u00e9fice des \ndispositions des articles L. 7233-2 du code du travail et L. 241 -10 du code de la s\u00e9curit\u00e9 sociale dans \nles conditions pr\u00e9vues par ces articles. \nLes effets de la d\u00e9claration courent \u00e0 compter du jour de d\u00e9p\u00f4t de la demande, conform\u00e9ment \u00e0 l'article \nR.7232-18 du code du travail. \nL'enregistrement de la d\u00e9claration peut \u00eatre retir\u00e9 dans les conditions fix\u00e9es aux articles R.7232 -20 \u00e0 \nR.7232-22 du code du travail. \nLe pr\u00e9sent r\u00e9c\u00e9piss\u00e9 n'est pas limit\u00e9 dans le temps et sera publi\u00e9 au recueil des actes administratifs de \nla pr\u00e9fecture de la C\u00f4te d'Or. \n \nPour le Pr\u00e9fet de C\u00f4te d'Or \nEt par subd\u00e9l\u00e9gation de \nla Directrice D\u00e9partementale emp\u00each\u00e9e, \n   \nLa Responsable de l'Unit\u00e9, Formation, Emploi et Insertion, \nSIGNE   \nMarie BEGRAND \nDirection d\u00e9partementale de l'emploi, du travail et des solidarit\u00e9s de C\u00f4te-d'Or - 21-2025-07-15-00003 - R\u00e9c\u00e9piss\u00e9 d\u00e9claration SAP\nn\u00b0944903368 - WENGRYNOWSKI Julien 23\nDirection d\u00e9partementale des territoires de la\nC\u00f4te-d'Or\nService de l'eau et des risques\n21-2025-07-11-00009\nArr\u00eat\u00e9 pr\u00e9fectoral n\u00b0 1013 du 11 juillet 2025\nportant d\u00e9claration d'int\u00e9r\u00eat g\u00e9n\u00e9ral et\nr\u00e9c\u00e9piss\u00e9 de d\u00e9claration pour des travaux relatifs\n\u00e0 la mise en d\u00e9fens et \u00e0 la restauration physique\ndes fonctionnalit\u00e9s des ruisseaux de la Sir\u00e8ne\nsecteur C \u00e0 REMILLY-EN-MONTAGNE et de l'Arvo\n\u00e0 la BUSSIERE-SUR-OUCHE\nDirection d\u00e9partementale des territoires de la C\u00f4te-d'Or - 21-2025-07-11-00009 - Arr\u00eat\u00e9 pr\u00e9fectoral n\u00b0 1013 du 11 juillet 2025 portant\nd\u00e9claration d'int\u00e9r\u00eat g\u00e9n\u00e9ral et r\u00e9c\u00e9piss\u00e9 de d\u00e9claration pour des travaux relatifs \u00e0 la mise en d\u00e9fens et \u00e0 la restauration physique des\nfonctionnalit\u00e9s des ruisseaux de la Sir\u00e8ne secteur C \u00e0 REMILLY-EN-MONTAGNE et de l'Arvo \u00e0 la BUSSIERE-SUR-OUCHE\n24\nPREFETDE LACOTE-D'ORsz'berte'Egalit\u00e9Fraternit\u00e9\nDirection d\u00e9partementale des territoires\nde la C\u00f4te-d'Or\nService de l'eau et des risques\nBureau police de l'eau\nT\u00e9l\u00a0: 03.80.29.43.57\nm\u00e9l\u00a0: ddt-ser-pe@cote-dor.gouv.fr\nArr\u00eat\u00e9 pr\u00e9fectoral n\u00b0 1013 du 11 juillet 2025\nportant d\u00e9claration d'int\u00e9r\u00eat g\u00e9n\u00e9ral et r\u00e9c\u00e9piss\u00e9 de d\u00e9claration pour des travaux relatifs \n\u00e0 la mise en d\u00e9fens et \u00e0 la restauration physique des fonctionnalit\u00e9s des ruisseaux de la \nSir\u00e8ne secteur C \u00e0 REMILLY-EN-MONTAGNE et de l'Arvo \u00e0 la BUSSIERE-SUR-OUCHE\nLe Pr\u00e9fet de la C\u00f4te-d'Or\nVU le code de l'environnement ;\nVU  la  loi  du  29  d\u00e9cembre  1892  relative  aux  dommages  caus\u00e9s  \u00e0  la  propri\u00e9t\u00e9  priv\u00e9e  par \nl'ex\u00e9cution des travaux publics\u00a0;\nVU le  d\u00e9cret  n\u00b0  2004-374  du  29  avril  2004  modifi\u00e9  relatif  aux  pouvoirs  des  pr\u00e9fets,  \u00e0 \nl'organisation et \u00e0 l'action des services de l'\u00c9tat dans les r\u00e9gions et d\u00e9partements\u00a0;\nVU le d\u00e9cret n\u00b02008-720 du 21 juillet 2008 relatif \u00e0 l'exercice du droit de p\u00eache des riverains  \nd'un cours d'eau non domanial\u00a0;\nVU  l'arr\u00eat\u00e9  pr\u00e9fectoral  n\u00b0492  du  21  novembre  2012  portant  sur  les  inventaires  relatifs  aux \nfray\u00e8res et aux zones de croissance ou d'alimentation de la faune piscicole\u00a0;\nVU le  sch\u00e9ma  directeur  d'am\u00e9nagement  et  de  gestion  des  eaux  (SDAGE)  RH\u00d4NE \nM\u00c9DITERRAN\u00c9E approuv\u00e9 le 21 mars 2022\u00a0;\nVU le sch\u00e9ma d'am\u00e9nagement et de gestion des eaux (SAGE) du bassin versant de l'Ouche  \napprouv\u00e9 par arr\u00eat\u00e9 pr\u00e9fectoral du 13 d\u00e9cembre 2013\u00a0;\nVU les arr\u00eat\u00e9s pr\u00e9fectoraux du 10 octobre 1962 et du 25 septembre 1963 approuvant la liste des \ncours d'eau soumis \u00e0 la servitude de libre passage, pris en application du d\u00e9cret N\u00b0 59-96 du 7  \njanvier 1959 (bassin \"Sa\u00f4ne\" en C\u00f4te-d'Or) ;\nVU l'arr\u00eat\u00e9 pr\u00e9fectoral du 17 d\u00e9cembre 2013 portant cr\u00e9ation du syndicat mixte du Bassin de  \nl'Ouche et de ses affluents et les arr\u00eat\u00e9s modificatifs du 07 mai 2014\u00a0;\nVU l'arr\u00eat\u00e9 pr\u00e9fectoral N\u00b0 507/SG du 28 mars 2025 donnant d\u00e9l\u00e9gation de signature \u00e0 Mme  \nManuelle DUPUY, directrice d\u00e9partementale des territoires de la C\u00f4te-d'Or\u00a0;\nVU l'arr\u00eat\u00e9 pr\u00e9fectoral n\u00b0 512 du 7 avril 2025, portant d\u00e9l\u00e9gation de signature aux agents de la  \ndirection d\u00e9partementale des territoires de C\u00f4te-d'Or\u00a0;\n1/12\nDirection d\u00e9partementale des territoires de la C\u00f4te-d'Or\n57 , rue de Mulhouse - BP 53317 - 21033 Dijon CEDEX\nT\u00e9l. : 03 80 29 44 44  Courriel : ddt@cote-dor.gouv.fr\nSite internet :http://www.cote-dor.gouv.fr\nDirection d\u00e9partementale des territoires de la C\u00f4te-d'Or - 21-2025-07-11-00009 - Arr\u00eat\u00e9 pr\u00e9fectoral n\u00b0 1013 du 11 juillet 2025 portant\nd\u00e9claration d'int\u00e9r\u00eat g\u00e9n\u00e9ral et r\u00e9c\u00e9piss\u00e9 de d\u00e9claration pour des travaux relatifs \u00e0 la mise en d\u00e9fens et \u00e0 la restauration physique des\nfonctionnalit\u00e9s des ruisseaux de la Sir\u00e8ne secteur C \u00e0 REMILLY-EN-MONTAGNE et de l'Arvo \u00e0 la BUSSIERE-SUR-OUCHE\n25\nVU l'arr\u00eat\u00e9 pr\u00e9fectoral du 05 ao\u00fbt 2021 fixant les secteurs dans lesquels la pr\u00e9sence de la loutre  \net du castor d'Eurasie est av\u00e9r\u00e9e dans le d\u00e9partement de la C\u00f4te-d'Or\u00a0;\nVU le dossier de d\u00e9claration avec d\u00e9claration d'int\u00e9r\u00eat g\u00e9n\u00e9ral re\u00e7u le 19 mai 2025, pr\u00e9sent\u00e9 par \nle syndicat du bassin de l'Ouche, enregistr\u00e9 sous le n\u00b021-2025-00103, et relatif  aux travaux de  \nmise en d\u00e9fens et \u00e0 la restauration physique des fonctionnalit\u00e9s des ruisseaux de la Sir\u00e8ne  \nsecteur C \u00e0 REMILLY-EN-MONTAGNE et de l'Arvo \u00e0 la BUSSIERE-SUR-OUCHE\u00a0;\nVU l'avis favorable de la CLE de l'Ouche en date du 28 mai 2025\u00a0;\nVU l'avis favorable de l'Office fran\u00e7ais de la biodiversit\u00e9 (OFB)\u00a0;\nVU l'envoi en phase contradictoire, au p\u00e9titionnaire, du projet d'arr\u00eat\u00e9 pr\u00e9fectoral en date du  \n08 juillet 2025\u00a0;\nCONSID\u00c9RANT  que les installations, ouvrages, travaux et activit\u00e9s vis\u00e9s \u00e0 l'article L.214-1 du  \ncode de l'environnement sont soumis \u00e0 autorisation ou \u00e0 d\u00e9claration suivant les dangers qu'ils  \npr\u00e9sentent et la gravit\u00e9 de leurs effets sur la ressource en eau et les \u00e9cosyst\u00e8mes aquatiques\u00a0;\nCONSID\u00c9RANT que  les  travaux  de  mise  en  d\u00e9fens  et  de  restauration  physique  des \nfonctionnalit\u00e9s des ruisseaux de la Sir\u00e8ne secteur C \u00e0 REMILLY-EN-MONTAGNE et de l'Arvo \u00e0 la  \nBUSSIERE-SUR-OUCHE,  projet\u00e9s  par  le  syndicat  du  bassin  de  l'Ouche, rentrent  dans  la \nnomenclature des op\u00e9rations soumises \u00e0 d\u00e9claration au titre de l'article L.214-3 du code de  \nl'environnement ;\nCONSID\u00c9RANT  conform\u00e9ment \u00e0 l'article L.210-1 du code de l'environnement, que l'eau fait  \npartie  du  patrimoine  commun  de  la  nation,  que  sa  protection,  sa  mise  en  valeur  et  le \nd\u00e9veloppement de la ressource utilisable, dans le respect des \u00e9quilibres naturels, sont d'int\u00e9r\u00eat  \ng\u00e9n\u00e9ral\u00a0;\nCONSID\u00c9RANT  la possibilit\u00e9, en application de l'article L.211-7 du code de l'environnement,  \npour les collectivit\u00e9s territoriales et leurs groupements de mettre en \u0153uvre l'ex\u00e9cution de tous  \ntravaux pr\u00e9sentant un caract\u00e8re d'int\u00e9r\u00eat g\u00e9n\u00e9ral ou d'urgence et visant notamment l'entretien  \net l'am\u00e9nagement d'un cours d'eau y compris les acc\u00e8s \u00e0 ce cours d'eau, la lutte contre l'\u00e9rosion \ndes sols, la protection et la restauration des \u00e9cosyst\u00e8mes aquatiques\u00a0;\nCONSID\u00c9RANT la n\u00e9cessit\u00e9 d'assurer des travaux de restauration des cours d'eau dans le souci  \nde pr\u00e9servation des conditions de vie de l'\u00e9crevisse \u00e0 pattes blanches, de pr\u00e9servation d'une  \nzone humide d'environ 2300 m\u00b2 et du respect des \u00e9cosyst\u00e8mes aquatiques ;\nCONSID\u00c9RANT que  les  interventions  ainsi  envisag\u00e9es  (pose  de  cl\u00f4ture,  am\u00e9nagements \nponctuels n\u00e9cessaires pour le franchissement en lit mineur et l'abreuvement, reprise ponctuelle  \ndu profil des berges)  pr\u00e9sentent bien un caract\u00e8re d'int\u00e9r\u00eat g\u00e9n\u00e9ral tant du  point de vue de  \nl'environnement que du point de vue de la protection des biens et des personnes, visant \u00e0  \ncontribuer au libre \u00e9coulement des eaux des cours d'eau ;\nCONSID\u00c9RANT conform\u00e9ment aux dispositions de l'article L.151-37 du code rural et de la p\u00eache \nmaritime que les travaux d'entretien et de restauration des milieux aquatiques sont dispens\u00e9s  \n2/12\nDirection d\u00e9partementale des territoires de la C\u00f4te-d'Or - 21-2025-07-11-00009 - Arr\u00eat\u00e9 pr\u00e9fectoral n\u00b0 1013 du 11 juillet 2025 portant\nd\u00e9claration d'int\u00e9r\u00eat g\u00e9n\u00e9ral et r\u00e9c\u00e9piss\u00e9 de d\u00e9claration pour des travaux relatifs \u00e0 la mise en d\u00e9fens et \u00e0 la restauration physique des\nfonctionnalit\u00e9s des ruisseaux de la Sir\u00e8ne secteur C \u00e0 REMILLY-EN-MONTAGNE et de l'Arvo \u00e0 la BUSSIERE-SUR-OUCHE\n26\nd'enqu\u00eate  publique  sous  r\u00e9serve  qu'ils  n'entra\u00eenent  aucune  expropriation  et  que  le  ma\u00eetre \nd'ouvrage ne pr\u00e9voie pas de demander une participation financi\u00e8re aux personnes int\u00e9ress\u00e9es\u00a0;\nCONSID\u00c9RANT que les travaux d'entretien projet\u00e9s par le syndicat de l'Ouche, remplissent ces \nconditions et peuvent \u00eatre dispens\u00e9s d'enqu\u00eate publique\u00a0;\nCONSID\u00c9RANT que  les  travaux  envisag\u00e9s  n'engendreront  pas  de  risque  d'inondation \nsuppl\u00e9mentaire\u00a0; \nCONSID\u00c9RANT que  le  projet  est  compatible  avec  les  dispositions  du  sch\u00e9ma  directeur \nd'am\u00e9nagement et de gestion des eaux (SDAGE) du bassin Rh\u00f4ne-M\u00e9diterran\u00e9e et du sch\u00e9ma  \nd'am\u00e9nagement et de gestion des eaux (SAGE) de l'Ouche\u00a0;\nCONSID\u00c9RANT que  le  pr\u00e9fet  peut  imposer  par  arr\u00eat\u00e9  toutes  prescriptions  particuli\u00e8res \nn\u00e9cessaires\u00a0; \nCONSID\u00c9RANT que les prescriptions du pr\u00e9sent arr\u00eat\u00e9 permettent de garantir une gestion  \nglobale et \u00e9quilibr\u00e9e de la ressource en eau et de pr\u00e9server les int\u00e9r\u00eats des milieux aquatiques\u00a0;\nSUR proposition de la directrice d\u00e9partementale des territoires de la C\u00f4te-d'Or\u00a0;\nARR\u00caTE\nChapitre I : G\u00e9n\u00e9ralit\u00e9s\nArticle 1  er\n   : Objet de la d\u00e9claration d'int\u00e9r\u00eat g\u00e9n\u00e9ral  \nLe Syndicat de l'Ouche (SBO) est ma\u00eetre d'ouvrage des travaux de restauration physique  des \nruisseaux de la Sir\u00e8ne secteur C \u00e0 REMILLY-EN-MONTAGNE et de l'Arvo \u00e0 la BUSSIERE-SUR-\nOUCHE\u00a0;. \nLe syndicat est autoris\u00e9 \u00e0 r\u00e9aliser les travaux correspondants sur le cours d'eau de l'Ouche et de \ntous ses affluents.\nLes travaux sont ex\u00e9cut\u00e9s conform\u00e9ment au dossier de d\u00e9claration dont il est pris acte et sont  \nd\u00e9clar\u00e9s d'int\u00e9r\u00eat g\u00e9n\u00e9ral en application de l'article L.211-7 du code de l'environnement.\nArticle 2 : Rubriques de la nomenclature\nLes ouvrages constitutifs \u00e0 ces am\u00e9nagements rentrent dans la nomenclature des op\u00e9rations  \nsoumises \u00e0 d\u00e9claration au titre de l'article L.214-3 du code de l'environnement. La rubrique  \nconcern\u00e9e de l'article R.214-1 du code de l'Environnement est la suivante\u00a0:\n3/12\nDirection d\u00e9partementale des territoires de la C\u00f4te-d'Or - 21-2025-07-11-00009 - Arr\u00eat\u00e9 pr\u00e9fectoral n\u00b0 1013 du 11 juillet 2025 portant\nd\u00e9claration d'int\u00e9r\u00eat g\u00e9n\u00e9ral et r\u00e9c\u00e9piss\u00e9 de d\u00e9claration pour des travaux relatifs \u00e0 la mise en d\u00e9fens et \u00e0 la restauration physique des\nfonctionnalit\u00e9s des ruisseaux de la Sir\u00e8ne secteur C \u00e0 REMILLY-EN-MONTAGNE et de l'Arvo \u00e0 la BUSSIERE-SUR-OUCHE\n27\nRubrique Intitul\u00e9 R\u00e9gime Prescriptions \ng\u00e9n\u00e9rales \ncorrespondant\n3.1.2.0\nInstallations, ouvrages, travaux ou activit\u00e9s conduisant \u00e0 \nmodifier le profil en long ou le profil en travers du lit \nmineur d'un cours d'eau, \u00e0 l'exclusion de ceux vis\u00e9s \u00e0 la \nrubrique 3.1.4.0 ou conduisant \u00e0 la d\u00e9rivation d'un cours \nd'eau\u00a0: 1\u00b0) Sur une longueur de cours d'eau (L) sup\u00e9rieure \nou \u00e9gale \u00e0 100 m (A), 2\u00b0) sur une longueur de cours d'eau \ninf\u00e9rieure \u00e0 100 m (D). \nD\u00e9claration Arr\u00eat\u00e9 du \n28/11/2007\n3.3.5.0\nTravaux mentionn\u00e9s ci-apr\u00e8s ayant uniquement pour objet la \nrestauration des fonctionnalit\u00e9s naturelles des milieux \naquatiques, y compris les ouvrages n\u00e9cessaires \u00e0 la r\u00e9alisation \nde cet objectif (D) :\n1\u00b0 Arasement ou d\u00e9rasement d'ouvrages relevant de la \npr\u00e9sente nomenclature, notamment de son titre III, lorsque :\na) Ils sont implant\u00e9s dans le lit mineur des cours d'eau, sauf s'il \ns'agit de barrages class\u00e9s en application de l'article R.214-112 ;\nb) Il s'agit d'ouvrages lat\u00e9raux aux cours d'eau, sauf s'ils sont \nint\u00e9gr\u00e9s \u00e0 un syst\u00e8me d'endiguement, au sens de l'article R. \n562-13, destin\u00e9 \u00e0 la protection d'une zone expos\u00e9e au risque \nd'inondation et de submersion marine ;\nc) Il s'agit d'ouvrages ayant un impact sur l'\u00e9coulement de \nl'eau ou les milieux aquatiques autres que ceux mentionn\u00e9s \naux a et b, sauf s'ils sont int\u00e9gr\u00e9s \u00e0 des am\u00e9nagements \nhydrauliques, au sens de l'article R. 562-18, ayant pour \nvocation la diminution de l'exposition aux risques \nd'inondation et de submersion marine ;\n2\u00b0 Autres travaux :\na) D\u00e9placement du lit mineur pour am\u00e9liorer la fonctionnalit\u00e9 \ndu cours d'eau ou r\u00e9tablissement de celui-ci dans son talweg ;\nb) Restauration de zones humides ou de marais ;\nc) Mise en d\u00e9rivation ou suppression d'\u00e9tangs ;\nd) Rev\u00e9g\u00e9talisation des berges ou reprofilage am\u00e9liorant leurs \nfonctionnalit\u00e9s naturelles ;\ne) Rem\u00e9andrage ou restauration d'une g\u00e9om\u00e9trie plus \nfonctionnelle du lit du cours d'eau ;\nf) Reconstitution du matelas alluvial du lit mineur du cours \nd'eau ;\ng) Remise \u00e0 ciel ouvert de cours d'eau artificiellement \ncouverts ;\nh) Restauration de zones naturelles d'expansion des crues.\nLa pr\u00e9sente rubrique est exclusive des autres rubriques de la \nnomenclature. Elle s'applique sans pr\u00e9judice des obligations \nrelatives \u00e0 la remise en \u00e9tat du site et, s'il s'agit d'ouvrages de \npr\u00e9vention des inondations et des submersions marines, \u00e0 leur \nneutralisation, qui sont pr\u00e9vues par les articles L. 181-23, L. 214-\n3-1 et L. 562-8-1, ainsi que des prescriptions susceptibles d'\u00eatre \n\u00e9dict\u00e9es pour leur application par l'autorit\u00e9 comp\u00e9tente.\nNe sont pas soumis \u00e0 la pr\u00e9sente rubrique les travaux \nmentionn\u00e9s ci-dessus n'atteignant pas les seuils rendant \napplicables les autres rubriques de la nomenclature.\nD\u00e9claration D\u00e9cret du \n29/09/23 \n4/12\nDirection d\u00e9partementale des territoires de la C\u00f4te-d'Or - 21-2025-07-11-00009 - Arr\u00eat\u00e9 pr\u00e9fectoral n\u00b0 1013 du 11 juillet 2025 portant\nd\u00e9claration d'int\u00e9r\u00eat g\u00e9n\u00e9ral et r\u00e9c\u00e9piss\u00e9 de d\u00e9claration pour des travaux relatifs \u00e0 la mise en d\u00e9fens et \u00e0 la restauration physique des\nfonctionnalit\u00e9s des ruisseaux de la Sir\u00e8ne secteur C \u00e0 REMILLY-EN-MONTAGNE et de l'Arvo \u00e0 la BUSSIERE-SUR-OUCHE\n28\nArticle 3 : Dur\u00e9e de validit\u00e9 de l'op\u00e9ration\nCette op\u00e9ration programm\u00e9e pour 2025 devra \u00eatre achev\u00e9e dans un d\u00e9lai de 3 ans \u00e0 compter  \nde la notification du pr\u00e9sent arr\u00eat\u00e9. Pass\u00e9 ce d\u00e9lai, la pr\u00e9sente d\u00e9claration d'int\u00e9r\u00eat g\u00e9n\u00e9ral  \ndeviendra caduque.\nArticle 4 : Prescriptions compl\u00e9mentaires\nToute  modification  apport\u00e9e  aux  ouvrages,  installations,  \u00e0  leur  mode  d'utilisation,  \u00e0  la \nr\u00e9alisation des travaux ou \u00e0 l'am\u00e9nagement en r\u00e9sultant, \u00e0 l'exercice des activit\u00e9s ou \u00e0 leur  \nvoisinage et entra\u00eenant un changement notable des \u00e9l\u00e9ments du dossier doit \u00eatre port\u00e9e, avant  \nr\u00e9alisation, \u00e0 la connaissance du pr\u00e9fet qui peut exiger une nouvelle proc\u00e9dure.\nLe changement de b\u00e9n\u00e9ficiaire doit \u00eatre d\u00e9clar\u00e9 au Pr\u00e9fet par le nouveau b\u00e9n\u00e9ficiaire dans un  \nd\u00e9lai de trois mois, de m\u00eame, en cas de cessation d'activit\u00e9 d\u00e9finitive ou pour une p\u00e9riode  \nsup\u00e9rieure \u00e0 deux ans, l'exploitant est tenu d'en faire la d\u00e9claration au Pr\u00e9fet dans un d\u00e9lai de  \ntrente jours. Les ouvrages, les travaux et les conditions de r\u00e9alisation et d'exploitation doivent  \n\u00eatre conformes au dossier d\u00e9pos\u00e9.\nL'inobservation des dispositions figurant dans le dossier d\u00e9pos\u00e9 pourra entra\u00eener l'application  \ndes sanctions pr\u00e9vues \u00e0 l'article R.216-12 du code de l'environnement.\nLe pr\u00e9sent arr\u00eat\u00e9 ne dispense en aucun cas le p\u00e9titionnaire de faire les d\u00e9clarations ou d'obtenir \nles autorisations requises par d'autres r\u00e9glementations.\nChapitre II : Description des travaux faisant l'objet de la pr\u00e9sente\nD\u00e9claration d'Int\u00e9r\u00eat G\u00e9n\u00e9ral.\nArticle 5 : Emplacement des travaux\nLe projet se situe sur les communes de   REMILLY-EN-MONTAGNE sur le ruisseau de la Sir\u00e8ne et  \nsur la rivi\u00e8re de l'Arvo \u00e0 la BUSSIERE-SUR-OUCHE, tous deux affluents de l'Ouche.\nLes  propri\u00e9taires  ont  donn\u00e9  l'autorisation  de  r\u00e9aliser  les  travaux  de  mise  en  d\u00e9fens  et  de \npr\u00e9servation d'une zone humide, ceux-ci sont localis\u00e9s\u00a0:\nSur la rivi\u00e8re de la Sir\u00e8ne \u00e0   REMILLY-EN-MONTAGNE  \u00a0  :  \n- sur la propri\u00e9t\u00e9 de Monsieur Denuit Michel sur les parcelles ZD 16 et 33\u00a0;\n- sur la propri\u00e9t\u00e9 de Monsieur Dufour Martin sur les parcelles ZD 17 , 27 , 28, 29, 30, et 32\u00a0;\n- sur la propri\u00e9t\u00e9 de Monsieur Dufour Alexandre sur la parcelle ZD 31\u00a0;\n5/12\nDirection d\u00e9partementale des territoires de la C\u00f4te-d'Or - 21-2025-07-11-00009 - Arr\u00eat\u00e9 pr\u00e9fectoral n\u00b0 1013 du 11 juillet 2025 portant\nd\u00e9claration d'int\u00e9r\u00eat g\u00e9n\u00e9ral et r\u00e9c\u00e9piss\u00e9 de d\u00e9claration pour des travaux relatifs \u00e0 la mise en d\u00e9fens et \u00e0 la restauration physique des\nfonctionnalit\u00e9s des ruisseaux de la Sir\u00e8ne secteur C \u00e0 REMILLY-EN-MONTAGNE et de l'Arvo \u00e0 la BUSSIERE-SUR-OUCHE\n29\nles Cras\n(\\\\les Grandes Con\nles Baserolles\nm\" A \u2014& LA 32\nN\nLocalisation desparcelles sur la Sir\u00e9ne\n\u0152 Abreuvoir@ Franchissement=+ dotures\u2014\u2014 Cours d'eau\nSur la rivi\u00e8re de l'Arvo \u00e0 la BUSSIERE-SUR-OUCHE  \u00a0  :  \n- sur la propri\u00e9t\u00e9 du GFA de la petite Vall\u00e9e sur les parcelles AN 10 et 12.\n6/12\nDirection d\u00e9partementale des territoires de la C\u00f4te-d'Or - 21-2025-07-11-00009 - Arr\u00eat\u00e9 pr\u00e9fectoral n\u00b0 1013 du 11 juillet 2025 portant\nd\u00e9claration d'int\u00e9r\u00eat g\u00e9n\u00e9ral et r\u00e9c\u00e9piss\u00e9 de d\u00e9claration pour des travaux relatifs \u00e0 la mise en d\u00e9fens et \u00e0 la restauration physique des\nfonctionnalit\u00e9s des ruisseaux de la Sir\u00e8ne secteur C \u00e0 REMILLY-EN-MONTAGNE et de l'Arvo \u00e0 la BUSSIERE-SUR-OUCHE\n30\n\u2014 N=,\n\".L l'.lL2 ~+4.A;\u00ff\\\nLocalisation desparcelles sur l'Arvo\nArticle 6 : Nature des travaux\nL'objectif principal des actions du syndicat est le maintien d'une situation \u00e9quilibr\u00e9e entre la  \npr\u00e9servation des int\u00e9r\u00eats environnementaux et la fonctionnalit\u00e9 des cours d'eau vis-\u00e0-vis des  \nusages y compris la protection des biens et des personnes.\nLe diagnostic a mis en \u00e9vidence la pr\u00e9sence de nombreux petits seuils, une ripisylve continue en \nrive droite avec la pr\u00e9sence d'h\u00e9lophytes et une ripisylve quasiment absente en rive gauche.  \nUne zone humide de 2300m\u00b2, fortement pi\u00e9tin\u00e9e a \u00e9t\u00e9 rep\u00e9r\u00e9e sur la rive droite le long d'un  \nsecteur d'environ 100m lin\u00e9aire. Ce pi\u00e9tinement est responsable de la d\u00e9gradation de la qualit\u00e9  \ndu cours d'eau par la production de mati\u00e8re en suspension, le colmatage du lit par les fines et  \naussi une d\u00e9t\u00e9rioration de la ripisylve, impactant ainsi les \u00e9crevisses \u00e0 pattes blanches. \nLa nature du projet consiste \u00e0 prot\u00e9ger le lit mineur, la zone humide et la v\u00e9g\u00e9tation rivulaire du \npi\u00e9tinement du b\u00e9tail. \nPour cela, 2 types d'am\u00e9nagement sont pr\u00e9vus :\n- Mise en d\u00e9fens,\n- Cr\u00e9ation de 3 abreuvoirs et 2 ouvrages de franchissement (passages \u00e0 gu\u00e9)\n7/12\nDirection d\u00e9partementale des territoires de la C\u00f4te-d'Or - 21-2025-07-11-00009 - Arr\u00eat\u00e9 pr\u00e9fectoral n\u00b0 1013 du 11 juillet 2025 portant\nd\u00e9claration d'int\u00e9r\u00eat g\u00e9n\u00e9ral et r\u00e9c\u00e9piss\u00e9 de d\u00e9claration pour des travaux relatifs \u00e0 la mise en d\u00e9fens et \u00e0 la restauration physique des\nfonctionnalit\u00e9s des ruisseaux de la Sir\u00e8ne secteur C \u00e0 REMILLY-EN-MONTAGNE et de l'Arvo \u00e0 la BUSSIERE-SUR-OUCHE\n31\nSch\u00e9ma de principe pour la pose d'une cl\u00f4ture\nPas d'intervention en lit mouill\u00e9Sch\u00e9ma de principe de passage \u00e0 gu\u00e9\nConsistance et volumes des travaux\u00a0:\n1.  Mise en d\u00e9fens\nUne cl\u00f4ture sera pos\u00e9e sur environ 1400m sur la Sir\u00e8ne et 160m autour de l'Arvo et de la  \nzone humide. Cette cl\u00f4ture sera compos\u00e9e de 4 fils barbel\u00e9s soutenus par un piquet d'une  \nlongueur de 2m (hauteur hors sol de 1,3 m) et d'un diam\u00e8tre de 15cm en bois d'acacia  \nfendu. Les piquets seront install\u00e9s tous les 2 m en moyenne  comprise \u00e0 1m maximum  \nderri\u00e8re les plantations. Ils seront enfonc\u00e9s m\u00e9caniquement de 70cm dans le sol.\n2.  Abreuvoirs en rivi\u00e8re\nCes am\u00e9nagements seront install\u00e9s sur les sites o\u00f9 le b\u00e9tail a d\u00e9j\u00e0 des acc\u00e8s en berge et o\u00f9  \nla berge pr\u00e9sente une faible pente. Un d\u00e9capage du terrain pourra \u00eatre r\u00e9alis\u00e9 sur une  \n\u00e9paisseur de 20cm. La descente am\u00e9nag\u00e9e sera compos\u00e9e de mat\u00e9riaux graveleux. Une  \nbarri\u00e8re en bois sera install\u00e9e de part et d'autre de la descente, en pied de berge et deux  \ntraverses de section sup\u00e9rieure \u00e0 12cm seront positionn\u00e9es pour bloquer l'acc\u00e8s au cours  \nd'eau. La longueur de chaque abreuvoir sera d'environ 6ml. \n3.  Franchissement du cours d'eau ou passage \u00e0 gu\u00e9\nLes passages \u00e0 gu\u00e9 seront calibr\u00e9s  \nen  fonction  du  cheptel  avec  une \nlargeur  d'environ  4m  chacun. Au \npr\u00e9alable  une  descente  sera  \nam\u00e9nag\u00e9e de chaque c\u00f4t\u00e9 du lit, la \npente sera inf\u00e9rieure \u00e0 15 %, aucun  \nmat\u00e9riau ne sera ajout\u00e9 dans le lit  \nde la rivi\u00e8re. Des mat\u00e9riaux sablo-\ngraveleux  seront  ensuite  d\u00e9pos\u00e9s \nsur les berges, sur une \u00e9paisseur de  \n20cm avec une couche sup\u00e9rieure  \ndont le diam\u00e8tre correspondra \u00e0 du 20-50mm ou 0-80mm.\nArticle 7 : Financement des travaux\nLe co\u00fbt total des travaux est estim\u00e9 \u00e0 55 000,00 \u20ac TTC.\n- 45 000\u20acTTC sur la Sir\u00e8ne\n- 10 000\u20acTTC sur l'Arvo\n8/12\nDirection d\u00e9partementale des territoires de la C\u00f4te-d'Or - 21-2025-07-11-00009 - Arr\u00eat\u00e9 pr\u00e9fectoral n\u00b0 1013 du 11 juillet 2025 portant\nd\u00e9claration d'int\u00e9r\u00eat g\u00e9n\u00e9ral et r\u00e9c\u00e9piss\u00e9 de d\u00e9claration pour des travaux relatifs \u00e0 la mise en d\u00e9fens et \u00e0 la restauration physique des\nfonctionnalit\u00e9s des ruisseaux de la Sir\u00e8ne secteur C \u00e0 REMILLY-EN-MONTAGNE et de l'Arvo \u00e0 la BUSSIERE-SUR-OUCHE\n32\nLe montant des aides apport\u00e9es par les diff\u00e9rents partenaires financiers du Syndicat\u00a0:\n- R\u00e9gion Bourgogne-Franche-Comt\u00e9 et/ou Agence de l'Eau Rh\u00f4ne M\u00e9diterran\u00e9e et Corse \u00a0: 80\u00a0%\n- Autofinancement SBO : 20% \nLes  charges  financi\u00e8res,  hors  subvention,  seront  support\u00e9es  directement  par  le  SBO  sans \ncontribution directe des propri\u00e9taires riverains.\nArticle 8 : Acc\u00e8s aux parcelles  - servitude de libre passage \u2013 d\u00e9p\u00f4t des cl\u00f4tures\nLes interventions pr\u00e9vues ne pourront avoir lieu que cinq jours apr\u00e8s notification au propri\u00e9taire \nde la parcelle concern\u00e9e par les travaux.\nPendant la dur\u00e9e des travaux, le propri\u00e9taire est tenu de permettre, et ce sans indemnit\u00e9,  le \nlibre passage des agents en charge de la r\u00e9alisation et de la surveillance des travaux, ainsi que, le \ncas \u00e9ch\u00e9ant, des engins m\u00e9caniques n\u00e9cessaires \u00e0 leur r\u00e9alisation, conform\u00e9ment \u00e0 l'arr\u00eat\u00e9  \npr\u00e9fectoral du 10 octobre 1962 approuvant la liste des cours d'eau soumis \u00e0 la servitude de libre \npassage, pris en application du d\u00e9cret N\u00b0 59-96 du 7 janvier 1959 (bassin \"Sa\u00f4ne\" en C\u00f4te d'Or).\nCette servitude s'applique dans la limite d'une largeur de quatre m\u00e8tres  \u00e0 partir de la rive de  \ncertains cours d'eau. \nLes  cl\u00f4tures g\u00eanant  l'ex\u00e9cution  des  travaux  seront  d\u00e9mont\u00e9es  par  le  riverain  concern\u00e9  et \nremises en place \u00e0 l'issue des travaux. Les cl\u00f4tures non d\u00e9mont\u00e9es pourront \u00eatre enlev\u00e9es par  \nl'entreprise. Des passages mobiles pourront \u00eatre mis en place aux limites de propri\u00e9t\u00e9s pour  \nassurer la continuit\u00e9 de la piste d'entretien.\nLes  agents  mentionn\u00e9s  \u00e0  l'article  L.216-3  du  code  de  l'environnement  et  notamment  ceux \ncharg\u00e9s de la police de l'eau et des milieux aquatiques auront libre acc\u00e8s aux installations,  \nouvrages, travaux ou activit\u00e9s autoris\u00e9s par le pr\u00e9sent arr\u00eat\u00e9, dans les conditions fix\u00e9es par le  \ncode  de  l'environnement.  Ils  pourront  demander  communication  de  toute  pi\u00e8ce  utile  au \ncontr\u00f4le de la bonne ex\u00e9cution du pr\u00e9sent arr\u00eat\u00e9.\nChapitre III : Conditions de r\u00e9alisation des travaux\nArticle 9 : Reconnaissance des lieux avant travaux \u2013 d\u00e9roulement des chantiers - surveillance\nPr\u00e9alablement au d\u00e9marrage des travaux, \u00e0 l'initiative du ma\u00eetre d'ouvrage, le service charg\u00e9 de  \nla police de l'eau et l'Office fran\u00e7ais de la biodiversit\u00e9 seront inform\u00e9s de la date de d\u00e9but des  \ntravaux ainsi que de la date d'ach\u00e8vement des travaux.\nAfin de limiter ces incidences potentielles, les mesures d'\u00e9vitement (ME), de r\u00e9duction (MR),  \nd'accompagnement (MA) et de suivi (MS) suivantes seront prises : \n ME1 : \u25aa \u00c9vitement des stations \u00e0 h\u00e9lophytes \n9/12\nDirection d\u00e9partementale des territoires de la C\u00f4te-d'Or - 21-2025-07-11-00009 - Arr\u00eat\u00e9 pr\u00e9fectoral n\u00b0 1013 du 11 juillet 2025 portant\nd\u00e9claration d'int\u00e9r\u00eat g\u00e9n\u00e9ral et r\u00e9c\u00e9piss\u00e9 de d\u00e9claration pour des travaux relatifs \u00e0 la mise en d\u00e9fens et \u00e0 la restauration physique des\nfonctionnalit\u00e9s des ruisseaux de la Sir\u00e8ne secteur C \u00e0 REMILLY-EN-MONTAGNE et de l'Arvo \u00e0 la BUSSIERE-SUR-OUCHE\n33\n ME2 : Mat\u00e9rialisation et piquetage des zones de travaux \u00e0 ne pas d\u00e9passer\u25aa  \n ME3 : Utilisation d\u25aa 'huile biod\u00e9gradable pour la pelle m\u00e9canique et absence de stockage et de  \nplein d'hydrocarbure proche du cours d'eau.\n MR1 : r\u00e9alisation d'une p\u00eache de sauvetage des \u00e9crevisses \u00e0 pattes blanches avant les travaux\u25aa  \net destruction des esp\u00e8ces exotiques envahissantes avec protocole sanitaire sp\u00e9cifique \n MR 2 : Maintien de la continuit\u00e9 hydraulique en phase travaux \u25aa\n MR 3 : Surveillance des crues en phase travaux \u25aa\n MR3 : Gestion des mati\u00e8res en suspension en phase travaux par l\u25aa 'installation de filtres (type  \npaille, sable) en aval de la zone de travaux en cas de besoin.\n MR4 : Gestion des nuisances sonores et g\u00eane \u00e0 la faune piscicole gr\u00e2ce \u00e0 une intervention en\u25aa  \ndehors des p\u00e9riodes de fraie (avant le 30 novembre du fait du classement en 1\u00e8re cat\u00e9gorie de  \nl'Ouche).\n MA1 : Limitation des risques de diss\u00e9mination des esp\u00e8ces v\u00e9g\u00e9tales envahissantes par la mise\u25aa  \nen place d'un protocole de d\u00e9sinfection (type VIRKON dos\u00e9 \u00e0 1%) des mat\u00e9riels et \u00e9quipements \ndes personnels (bottes\u2026) en contact avec le cours d'eau.\n MS1 :\u25aa  Sur le long terme, la populati on d'\u00e9crevisses fera l'objet d'autres suivis pour conna\u00eetre les \nzones colonis\u00e9es.\nArticle 10 : Devenir des r\u00e9manents et du bois\nLe  bois  de  valeur  marchande  provenant  des  arbres  abattus  au  cours  des  travaux  reste  la \npropri\u00e9t\u00e9 des riverains. Le bois sera mis \u00e0 leur disposition, \u00e0 leur demande , \u00e0 proximit\u00e9 des  \nchantiers et hors d'atteinte des hautes eaux. Les riverains qui souhaitent r\u00e9cup\u00e9rer le bois  \ndevront en informer le SBO avant l'intervention de l'entreprise. Dans le cas contraire, le bois  \nsera \u00e9limin\u00e9 par les circuits de valorisation (broyage, compostage, production d'\u00e9nergie). \nL'utilisation de produits chimiques et le br\u00fblage sont formellement interdits.\nArticle 11 : P  rotection de la population piscicole  \nEn cas d'atteinte \u00e0 la vie piscicole, le ma\u00eetre d'ouvrage doit cesser les travaux et pr\u00e9venir sans  \nd\u00e9lai la Direction d\u00e9partementale des territoires (bureau police de l'eau) et l'Office fran\u00e7ais de  \nla biodiversit\u00e9. La r\u00e9alisation d'une p\u00eache de sauvegarde pourra \u00eatre envisag\u00e9e.\nArticle 12 : Protection de la faune et de ses habitats\nLors des travaux sur la v\u00e9g\u00e9tation, des pr\u00e9cautions sont n\u00e9cessaires afin de limiter les risques de  \ndestruction ou de d\u00e9rangement des animaux sauvages qui s'y abritent ou s'y reproduisent. C'est \npourquoi les travaux sur la ripisylve devront \u00eatre r\u00e9alis\u00e9s prioritairement en p\u00e9riode de repos  \nv\u00e9g\u00e9tatif,  soit  entre  le  mois  de  septembre  et  le  mois  de  mars.  Aucune  intervention  sur  la \nripisylve ne sera effectu\u00e9e en p\u00e9riode de nidification.\n10/12\nDirection d\u00e9partementale des territoires de la C\u00f4te-d'Or - 21-2025-07-11-00009 - Arr\u00eat\u00e9 pr\u00e9fectoral n\u00b0 1013 du 11 juillet 2025 portant\nd\u00e9claration d'int\u00e9r\u00eat g\u00e9n\u00e9ral et r\u00e9c\u00e9piss\u00e9 de d\u00e9claration pour des travaux relatifs \u00e0 la mise en d\u00e9fens et \u00e0 la restauration physique des\nfonctionnalit\u00e9s des ruisseaux de la Sir\u00e8ne secteur C \u00e0 REMILLY-EN-MONTAGNE et de l'Arvo \u00e0 la BUSSIERE-SUR-OUCHE\n34\nArticle 13 : Pollution des eaux\nSauf impossibilit\u00e9 technique et en accord avec le service charg\u00e9 de la police de l'eau, les travaux \ns'effectueront hors d'eau afin d'\u00e9viter toute perturbation du milieu aquatique et tout risque de  \npollution du cours d'eau. Tout passage dans la rivi\u00e8re, m\u00eame ponctuel, devra obtenir l'accord  \npr\u00e9alable du service charg\u00e9 de la police de l'eau et de l'Office fran\u00e7ais de la biodiversit\u00e9.\nLe stockage des hydrocarbures n\u00e9cessaires au chantier sera effectu\u00e9 en dehors du lit majeur du  \ncours d'eau et les risques de pollution des eaux seront pr\u00e9venus.\nLors de l'utilisation d'engins en g\u00e9n\u00e9ral et plus particuli\u00e8rement celui des tron\u00e7onneuses, les  \nfluides hydrauliques utilis\u00e9s seront biod\u00e9gradables.\nLa circulation d'engins dans les lits des cours d'eau est interdite.\nArticle 14 : Remise en \u00e9tat des lieux apr\u00e8s travaux\nUne fois les travaux termin\u00e9s, les acc\u00e8s aux diff\u00e9rents points du chantier devront \u00eatre neutralis\u00e9s \net les berges revitalis\u00e9es.\nLe site sera d\u00e9blay\u00e9 de tous mat\u00e9riels, mat\u00e9riaux et gravats.\nLes propri\u00e9taires riverains resteront responsables des d\u00e9gradations anormales des berges et de  \ntous autres inconv\u00e9nients r\u00e9sultant de l'exploitation de leurs parcelles, lesquels auraient pour  \neffet de constituer un obstacle au libre \u00e9coulement des eaux.\nChapitre IV : Mesures ex\u00e9cutoires\nArticle 15  \u00a0  : Droits des tiers  \nLes droits des tiers sont et demeurent express\u00e9ment r\u00e9serv\u00e9s.\nArticle 16  \u00a0  \u00a0  : Publication et information des tiers  \nLe pr\u00e9sent arr\u00eat\u00e9 \u00e9num\u00e9rant notamment les motifs qui ont fond\u00e9 la d\u00e9cision ainsi que les  \nprincipales  prescriptions  auxquelles  cette  op\u00e9ration  est  soumise,  sera  affich\u00e9  pendant  une \ndur\u00e9e minimale d'un mois \u00e0 la mairie de REMILLY-EN-MONTAGNE et la BUSSIERE-SUR-OUCHE.\n11/12\nDirection d\u00e9partementale des territoires de la C\u00f4te-d'Or - 21-2025-07-11-00009 - Arr\u00eat\u00e9 pr\u00e9fectoral n\u00b0 1013 du 11 juillet 2025 portant\nd\u00e9claration d'int\u00e9r\u00eat g\u00e9n\u00e9ral et r\u00e9c\u00e9piss\u00e9 de d\u00e9claration pour des travaux relatifs \u00e0 la mise en d\u00e9fens et \u00e0 la restauration physique des\nfonctionnalit\u00e9s des ruisseaux de la Sir\u00e8ne secteur C \u00e0 REMILLY-EN-MONTAGNE et de l'Arvo \u00e0 la BUSSIERE-SUR-OUCHE\n35\nLe pr\u00e9sent arr\u00eat\u00e9 sera mis \u00e0 disposition du public sur le site internet http://www.cote-dor.gouv.fr \npendant une dur\u00e9e d'au moins 6 mois.\nArticle 17 : Ex\u00e9cution\nLa directrice d\u00e9partementale des territoires de C\u00f4te d'or, le pr\u00e9sident du Syndicat de l' Ouche, \nles maires des communes  de  REMILLY-EN-MONTAGNE et de  la BUSSIERE-SUR-OUCHE, sont  \ncharg\u00e9s, chacun en ce qui le concerne, de l'ex\u00e9cution du pr\u00e9sent arr\u00eat\u00e9 qui sera notifi\u00e9 au  \np\u00e9titionnaire et publi\u00e9 au recueil des actes administratifs de la pr\u00e9fecture de la C\u00f4te d'Or.\nUne copie du pr\u00e9sent arr\u00eat\u00e9 sera adress\u00e9e au chef du service d\u00e9partemental de l'Office fran\u00e7ais \nde la biodiversit\u00e9, au  pr\u00e9sident de la commission locale de l'eau du bassin de l'Ouche  et au  \npr\u00e9sident de la f\u00e9d\u00e9ration d\u00e9partementale de la C\u00f4te-d'Or pour la p\u00eache et la protection du  \nmilieu aquatique.\nFait \u00e0 DIJON, le 11 juillet 2025\nLa Directrice d\u00e9partementale des territoires\nPar d\u00e9l\u00e9gation\nLe chef de bureau police de l'eau\nSign\u00e9\nSt\u00e9phane MAGNIOL\nVoies et d\u00e9lais de recours\nDans les conditions de l'article R514-3-1 du code de l'environnement, le pr\u00e9sent arr\u00eat\u00e9 est susceptible de recours  \ncontentieux  devant  le  tribunal  administratif  de  Dijon  \u2013 22,  rue  d'Assas  - BP  61616  - 21016  DIJON  CEDEX,  par  le \np\u00e9titionnaire dans un d\u00e9lai de deux mois \u00e0 compter du jour o\u00f9 la pr\u00e9sente d\u00e9cision lui a \u00e9t\u00e9 notifi\u00e9e et par les tiers dans  \nun d\u00e9lai de 2 mois \u00e0 compter de la publication ou de l'affichage de cette d\u00e9cision.\nLe tribunal administratif peut \u00eatre saisi par un recours d\u00e9pos\u00e9 via l'application T\u00e9l\u00e9recours citoyens accessible par le site  \ninternet\u00a0: www.telerecours.fr\nDans  le  m\u00eame  d\u00e9lai  de  deux  mois,  le  p\u00e9titionnaire  peut  pr\u00e9senter  un  recours  gracieux.  Le  silence  gard\u00e9  par \nl'administration pendant plus deux mois sur la demande de recours gracieux emporte d\u00e9cision implicite de rejet de cette \ndemande conform\u00e9ment \u00e0 l'article R421-2 du code de justice administrative. Celui-ci prolonge le d\u00e9lai de recours  \ncontentieux qui doit \u00eatre introduit dans les deux mois suivant la r\u00e9ponse.\n12/12\nDirection d\u00e9partementale des territoires de la C\u00f4te-d'Or - 21-2025-07-11-00009 - Arr\u00eat\u00e9 pr\u00e9fectoral n\u00b0 1013 du 11 juillet 2025 portant\nd\u00e9claration d'int\u00e9r\u00eat g\u00e9n\u00e9ral et r\u00e9c\u00e9piss\u00e9 de d\u00e9claration pour des travaux relatifs \u00e0 la mise en d\u00e9fens et \u00e0 la restauration physique des\nfonctionnalit\u00e9s des ruisseaux de la Sir\u00e8ne secteur C \u00e0 REMILLY-EN-MONTAGNE et de l'Arvo \u00e0 la BUSSIERE-SUR-OUCHE\n36\nDirection d\u00e9partementale des territoires de la\nC\u00f4te-d'Or\nService de l'eau et des risques\n21-2025-07-17-00003\nArr\u00eat\u00e9 pr\u00e9fectoral n\u00b0 1061 du 17 juillet 2025\npronon\u00e7ant l'abrogation du droit d'eau fond\u00e9 en\ntitre et de l'arr\u00eat\u00e9 pr\u00e9fectoral du 17 septembre\n1858 du moulin Lalouet puis Trivier aliment\u00e9 par\nla rivi\u00e8re de l'Ouche \u00e0 Longvic.\nDirection d\u00e9partementale des territoires de la C\u00f4te-d'Or - 21-2025-07-17-00003 - Arr\u00eat\u00e9 pr\u00e9fectoral n\u00b0 1061 du 17 juillet 2025\npronon\u00e7ant l'abrogation du droit d'eau fond\u00e9 en titre et de l'arr\u00eat\u00e9 pr\u00e9fectoral du 17 septembre 1858 du moulin Lalouet puis Trivier\naliment\u00e9 par la rivi\u00e8re de l'Ouche \u00e0 Longvic.\n37\nExPREFETDE LACOTE-D'ORL,z'bert\u00e9Egalit\u00e9Fraternit\u00e9\nDirection d\u00e9partementale des territoires\nde la C\u00f4te-d'Or\nAffaire suivie par : Carine VREL\nService de l'eau et des risques\nBureau police de l'eau\nArr\u00eat\u00e9 pr\u00e9fectoral n\u00b0 1061 du 17 juillet 2025\npronon\u00e7ant l'abrogation du droit d'eau fond\u00e9 en titre et de l'arr\u00eat\u00e9 pr\u00e9fectoral du  17 \nseptembre 1858 du moulin Lalouet puis Trivier aliment\u00e9 par la rivi\u00e8re de l'Ouche \u00e0 Longvic\nLe pr\u00e9fet de la C\u00f4te-d'Or\nVU la Directive Cadre Europ\u00e9enne sur l'Eau n\u00b0 2000/60/CE du 23 octobre 2000 \u00e9tablissant  \nun cadre pour une politique communautaire dans le domaine de l'eau ;\nVU le code de l'environnement et notamment les articles L.211-1, L.214-3, L.214-4 et L.215-7 \net R.214-18-1 ;\nVU le  sch\u00e9ma  directeur  d'am\u00e9nagement  et  de  gestion  des  eaux  (SDAGE)  Rh\u00f4ne-\nM\u00e9diterran\u00e9e 2022-2027 approuv\u00e9 le 21 mars 2022 ;\nVU l'arr\u00eat\u00e9 pr\u00e9fectoral du  17 septembre 1858  r\u00e9glementant l'usage de l'eau du moulin  \nLalouet puis Trivier \u00e0 Longvic sur la rivi\u00e8re de l'Ouche ;\nVU le rapport r\u00e9alis\u00e9 apr\u00e8s la visite sur le site, le 25 mars 2025 en pr\u00e9sence notamment de \nrepr\u00e9sentants de la commune de Longvic, propri\u00e9taire,  de  la Direction D\u00e9partementale  \ndes Territoires de la C\u00f4te d'Or (DDT 21) et de l'Office Fran\u00e7ais de la Biodiversit\u00e9 (OFB) en  \ncharge de la police de l'eau ;\nVU les observations de Madame la Maire de Longvic au projet d'arr\u00eat\u00e9 pr\u00e9fectoral qui lui a \n\u00e9t\u00e9 soumis le 23/06/2025 au titre de la phase contradictoire et notamment son accord au  \nprojet d'abrogation du droit d'eau ;\nCONSID\u00c9RANT que sont regard\u00e9es comme fond\u00e9es en titre ou ayant une existence l\u00e9gale  \nles  prises  d'eau  sur  des  cours  d'eaux  non  domaniaux  qui,  soit  ont  fait  l'objet  d'une \nali\u00e9nation comme bien national, soit sont \u00e9tablies en vertu d'un acte ant\u00e9rieur \u00e0 l'abolition \ndes droits f\u00e9odaux ;\n1/4\nDirection d\u00e9partementale des territoires de la C\u00f4te-d'Or - 21-2025-07-17-00003 - Arr\u00eat\u00e9 pr\u00e9fectoral n\u00b0 1061 du 17 juillet 2025\npronon\u00e7ant l'abrogation du droit d'eau fond\u00e9 en titre et de l'arr\u00eat\u00e9 pr\u00e9fectoral du 17 septembre 1858 du moulin Lalouet puis Trivier\naliment\u00e9 par la rivi\u00e8re de l'Ouche \u00e0 Longvic.\n38\nCONSID\u00c9RANT qu'une prise d'eau est pr\u00e9sum\u00e9e \u00e9tablie en vertu d'un acte ant\u00e9rieur \u00e0  \nl'abolition des droits f\u00e9odaux d\u00e8s lors qu'est prouv\u00e9e son existence mat\u00e9rielle avant cette  \ndate ;\nCONSID\u00c9RANT que le moulin Lalouet puis Trivier fait l'objet d'un droit fond\u00e9 en titre du  \nfait que son existence mat\u00e9rielle est attest\u00e9e pa r sa pr\u00e9sence sur les cartes de Cassini,  \ncette  carte  \u00e9tant  ant\u00e9rieure  \u00e0  l'abolition  des  droits  f\u00e9odaux  et  de  preuves  \ncompl\u00e9mentaires prouvant son existence d\u00e8s le XIV\u00e8me si\u00e8cle ; \nCONSID\u00c9RANT que le pr\u00e9fet peut prendre par arr\u00eat\u00e9 pr\u00e9fectoral au titre des articles  \nL.214-4 (4\u00b0) du code de l'environnement une d\u00e9cision d'abrogation du droit d'usage de  \nl'eau d\u00e8s lors que les ouvrages ou les installations sont abandonn\u00e9es ou ne font plus l'objet \nd'un entretien r\u00e9gulier ;\nCONSID\u00c9RANT  que  le  moulin  Lalouet-Trivier,  propri\u00e9t\u00e9  de  la  Ville  de  Longvic,  a  \u00e9t\u00e9 \nrestructur\u00e9 en une m\u00e9diath\u00e8que ouverte au public depuis le 27 novembre 2001 ;\nCONSID\u00c9RANT que le rapport de visite de terrain r\u00e9alis\u00e9 sur le site le 25 mars 2025  fait \nappara\u00eetre que le barrage permettant l'alimentation du bief est totalement effondr\u00e9 et en \n\u00e9tat de ruine, que le bief n'est plus aliment\u00e9 et qu'il est en assec ;\nCONSID\u00c9RANT qu'il a \u00e9t\u00e9 constat\u00e9 sur le site le 25 mars 2025 que le vannage en amont du \nbief n'est plus fonctionnel et qu'il n'existe plus de m\u00e9canisme permettant d'utiliser la force \nmotrice dans la chambre d'eau ;\nCONSID\u00c9RANT que  les  \u00e9l\u00e9ments  essentiels  de  l'ouvrage  permettant  l'utilisation  de  la \nforce motrice du cours d'eau ont donc disparu ou qu'il n'en reste que de simples vestiges,  \nde  sorte  que  cette  force  motrice  ne  peut  plus  \u00eatre  utilis\u00e9e  sans  leur  reconstruction \ncompl\u00e8te ;\nCONSID\u00c9RANT que  la  restauration  de  la  continuit\u00e9  \u00e9cologique  est  un  objectif  de  la \ngestion \u00e9quilibr\u00e9e de la ressource en eau mentionn\u00e9e au 7\u00b0 du I de l'article L.211-1 du code  \nde  l'environnement  et  qu'elle  constitue  un  enjeu  fort  du  SDAGE  Rh\u00f4ne-M\u00e9diterran\u00e9e \napprouv\u00e9 le 21 mars 2022 ;\nCONSID\u00c9RANT que les eaux de la rivi\u00e8re de l'Ouche s'\u00e9coulent librement au droit de  \nl'ancien d\u00e9versoir, que  la rivi\u00e8re a retrouv\u00e9 son \u00e9quilibre avec la cr\u00e9ation de banquettes  \nnaturelles et que la  continuit\u00e9 \u00e9cologique, r\u00e9sultant de cette absence d'entretien r\u00e9gulier  \nvalant abandon des ouvrages et des installations est par cons\u00e9quent r\u00e9tablie sans que des  \ntravaux soient n\u00e9cessaires ;\nCONSID\u00c9RANT que tout projet nouveau de remise en fonctionnement du  moulin Lalouet \npuis Trivier conform\u00e9ment aux dispositions de l'arr\u00eat\u00e9 pr\u00e9fectoral du 17 septembre 1858,  \naurait pour effet d'\u00e9tablir un nouvel obstacle \u00e0 la continuit\u00e9 \u00e9cologique ind\u00e9pendamment  \ndes  mesures  correctives  susceptibles  de  l'accompagner,  ce  qui  serait  contraire  aux \nobjectifs de gestion \u00e9quilibr\u00e9e et durable de la ressource en eau ;\nCONSID\u00c9RANT par cons\u00e9quent qu'il y a lieu de proc\u00e9der \u00e0 l'abrogation du droit d'eau  \nfond\u00e9 en titre ;\nSUR proposition de Madame la directrice d\u00e9partementale des territoires de C\u00f4te d'Or ;\n2/4\nDirection d\u00e9partementale des territoires de la C\u00f4te-d'Or - 21-2025-07-17-00003 - Arr\u00eat\u00e9 pr\u00e9fectoral n\u00b0 1061 du 17 juillet 2025\npronon\u00e7ant l'abrogation du droit d'eau fond\u00e9 en titre et de l'arr\u00eat\u00e9 pr\u00e9fectoral du 17 septembre 1858 du moulin Lalouet puis Trivier\naliment\u00e9 par la rivi\u00e8re de l'Ouche \u00e0 Longvic.\n39\nA R R E T E\nArticle 1     : Perte du droit d'eau fond\u00e9 en titre et abrogation du r\u00e8glement d'eau     \nLe droit d'eau fond\u00e9 en titre du moulin Lalouet puis Trivier \u00e0 Longvic aliment\u00e9 par la rivi\u00e8re \nde l'Ouche est d\u00e9finitivement retir\u00e9.\nL'arr\u00eat\u00e9 pr\u00e9fectoral du 17 septembre 1858 portant r\u00e8glement d'eau du moulin Lalouet puis \nTrivier \u00e0 Longvic aliment\u00e9 par la rivi\u00e8re de l'Ouche est abrog\u00e9.\nArticle 2     :      Remise en \u00e9tat du site du moulin   \nLe site dans son \u00e9tat actuel ne porte pas atteinte \u00e0 l'objectif de gestion \u00e9quilibr\u00e9e de la  \nressource en eau d\u00e9finie par l'article L.211-1 du code de l'environnement. \nAinsi, il n'est pas attendu d'engagement financier ou de travaux particulier \u00e0 la charge du  \npropri\u00e9taire au droit des anciens ouvrages (notamment au droit de l'ancien bief, et de  \nl'ancien barrage).\nArticle 3:   Publication et information des tiers  \nLe  pr\u00e9sent  arr\u00eat\u00e9  sera  affich\u00e9  pendant  une  dur\u00e9e  minimale  d'un  mois  \u00e0  la  mairie  de \nLongvic.\nLe pr\u00e9sent arr\u00eat\u00e9 est mis \u00e0 disposition du public sur le site internet des services de l'\u00c9tat en \nC\u00f4te-d'Or (http://www.cote-dor.gouv.fr) pendant une dur\u00e9e d'au moins 6 mois.\nArticle 4     :   Ex\u00e9cution et publication  \nMonsieur le secr\u00e9taire g\u00e9n\u00e9ral de la pr\u00e9fecture , Madame la directrice d\u00e9partementale des  \nterritoires de la C\u00f4te-d'Or, Madame la maire de Longvic sont charg\u00e9s, chacun en ce qui le  \nconcerne, de l'ex\u00e9cution du pr\u00e9sent arr\u00eat\u00e9 qui sera notifi\u00e9 au p\u00e9titionnaire et publi\u00e9 au  \nrecueil des actes administratifs de la pr\u00e9fecture de la C\u00f4te d'Or.\nUne copie du pr\u00e9sent arr\u00eat\u00e9 sera adress\u00e9e au  chef du service d\u00e9partemental de l'office  \nfran\u00e7ais de la biodiversit\u00e9.\nFait \u00e0 Dijon, le 17 Juillet 2025\nLe pr\u00e9fet,\nPaul MOURIER\n3/4\nDirection d\u00e9partementale des territoires de la C\u00f4te-d'Or - 21-2025-07-17-00003 - Arr\u00eat\u00e9 pr\u00e9fectoral n\u00b0 1061 du 17 juillet 2025\npronon\u00e7ant l'abrogation du droit d'eau fond\u00e9 en titre et de l'arr\u00eat\u00e9 pr\u00e9fectoral du 17 septembre 1858 du moulin Lalouet puis Trivier\naliment\u00e9 par la rivi\u00e8re de l'Ouche \u00e0 Longvic.\n40\nVoies et d\u00e9lais de recours\nLa  pr\u00e9sente  d\u00e9cision  est  susceptible  de  recours  contentieux  devant  le  tribunal  \nadministratif de Dijon \u2013 22, rue d'Assas \u2013 BP 61616 - 21016 DIJON Cedex, par le b\u00e9n\u00e9ficiaire  \ndans un d\u00e9lai de deux mois \u00e0 compter du jour o\u00f9 la pr\u00e9sente d\u00e9cision lui a \u00e9t\u00e9 notifi\u00e9e et  \npar les tiers dans un d\u00e9lai de deux mois \u00e0 compter du premier jour de la publication ou de  \nl'affichage de cette d\u00e9cision.\nLe tribunal administratif peut-\u00eatre saisi par un recours d\u00e9pos\u00e9 via l'application t\u00e9l\u00e9recours  \ncitoyens accessible par le site internet www.t\u00e9l\u00e9recours.fr\nDans le m\u00eame d\u00e9lai de deux mois, le p\u00e9titionnaire peut pr\u00e9senter un recours gracieux. Le  \nsilence gard\u00e9 par l'administration pendant plus de deux mois sur la demande de recours  \ngracieux emporte d\u00e9cision implicite de rejet de cette demande conform\u00e9ment \u00e0 l'article  \nR421-2 du code de justice administrative. Celui-ci prolonge le d\u00e9lai de recours contentieux  \nqui doit \u00eatre introduit dans les deux mois suivant la r\u00e9ponse.\n4/4\nDirection d\u00e9partementale des territoires de la C\u00f4te-d'Or - 21-2025-07-17-00003 - Arr\u00eat\u00e9 pr\u00e9fectoral n\u00b0 1061 du 17 juillet 2025\npronon\u00e7ant l'abrogation du droit d'eau fond\u00e9 en titre et de l'arr\u00eat\u00e9 pr\u00e9fectoral du 17 septembre 1858 du moulin Lalouet puis Trivier\naliment\u00e9 par la rivi\u00e8re de l'Ouche \u00e0 Longvic.\n41\nDirection d\u00e9partementale des territoires de la\nC\u00f4te-d'Or\nService Pr\u00e9servation et Am\u00e9nagement de\nl'Espace (SPAE)\n21-2025-07-11-00008\nArr\u00eat\u00e9 modifiant la composition de la\nCommission D\u00e9partementale de Pr\u00e9servation\ndes Espaces Naturels, Agricoles et Forestiers\nDirection d\u00e9partementale des territoires de la C\u00f4te-d'Or - 21-2025-07-11-00008 - Arr\u00eat\u00e9 modifiant la composition de la Commission\nD\u00e9partementale de Pr\u00e9servation des Espaces Naturels, Agricoles et Forestiers 42\nExPREFETDE LACOTE-D'ORL,z'berte'Egalit\u00e9Fraternit\u00e9\nDirection d\u00e9partementale des territoires\nde la C\u00f4te-d'Or\nAffaire suivie par : Estelle MONNOT\nService pr\u00e9servation et am\u00e9nagement de \nl'espace\nBureau planification et pr\u00e9vention des \nrisques technologiques\nT\u00e9l. : 03 80 29 42 06\nM\u00e9l : estelle.monnot@cote-dor.gouv.fr\nDijon, le 11 juillet 2025\nArr\u00eat\u00e9 N\u00b0 1035\nmodifiant la composition de la Commission D\u00e9partementale de Pr\u00e9servation des Espaces\nNaturels, Agricoles et Forestiers (CDPENAF)\nLe pr\u00e9fet de la C\u00f4te-d'Or\nVU le code rural et de la p\u00eache maritime, et son article L.112-1-1 ; \nVU le code de l'urbanisme ;\nVU le code des relations entre le public et l'administration ;\nVU l'article 51 de la loi n\u00b02010-874 de modernisation de l'agriculture et de la p\u00eache du 27\njuillet 2010 ;\nVU l'article  2  du  d\u00e9cret  n\u00b0  2015-644  du  9  juin  2015  relatif  aux  commissions\nd\u00e9partementales  et  interd\u00e9partementales  de  la  pr\u00e9servation  des  espaces  naturels,\nagricoles et forestiers en m\u00e9tropole ;\nVU l'arr\u00eat\u00e9  pr\u00e9fectoral  n\u00b098  du  19  f\u00e9vrier  2019  portant  \u00e9tablissement  de  la  liste  des\norganisations syndicales d'exploitants agricoles habilit\u00e9es \u00e0 si\u00e9ger au sein de commissions\net organismes d\u00e9partementaux ;\nVU l'arr\u00eat\u00e9 pr\u00e9fectoral n\u00b0 1315 du 29 ao\u00fbt 2023 portant renouvellement de la composition\nde la commission d\u00e9partementale de la pr\u00e9servation des espaces naturels, agricoles et\nforestiers ;\nDirection d\u00e9partementale des territoires de la C\u00f4te-d'Or\n57 rue de Mulhouse- BP 53317 - 21033 DIJON cedex\nt\u00e9l : 03 80 29 44 44 \u2013 Courriel : ddt@cote-dor.gouv.fr\nDirection d\u00e9partementale des territoires de la C\u00f4te-d'Or - 21-2025-07-11-00008 - Arr\u00eat\u00e9 modifiant la composition de la Commission\nD\u00e9partementale de Pr\u00e9servation des Espaces Naturels, Agricoles et Forestiers 43\nVu le courrier du 7 juillet 2025 de l'Association des Maires de France ; \nSur proposition du secr\u00e9taire g\u00e9n\u00e9ral de la pr\u00e9fecture de C\u00f4te-d'Or :\nARR\u00caTE\nArticle 1er : \nL'article  2  de  l'arr\u00eat\u00e9  pr\u00e9fectoral  du  29  ao\u00fbt  2023 portant  renouvellement  de  la\ncommission  d\u00e9partementale  de  la  pr\u00e9servation  des  espaces  naturels,  agricoles  et\nforestiers est modifi\u00e9 comme suit :\n2) Deux maires d\u00e9sign\u00e9s par l'association des maires de C\u00f4te-d'Or : \nMembres titulaires :\n- Monsieur Jean-Paul TAILLANDIER, maire de Vernois-l\u00e8s-Vesvres,\n- Monsieur Pierre POILLOT, maire de Vianges,\nMembres suppl\u00e9ants :\n- Monsieur Hubert SAUVAIN, maire de Rouvres-en-Plaine,\n- Monsieur Luc BABOUILLARD, maire d'Ampilly-les-Bordes ;\nLe reste de l'article est inchang\u00e9.\nArticle 2 :\nLe mandat des membres de la CDPENAF mentionn\u00e9s \u00e0 l'article 1 est valable pour la dur\u00e9e\nrestant \u00e0 courir, soit jusqu'au 28 ao\u00fbt 2029.\nArticle 6 :\nLe secr\u00e9taire g\u00e9n\u00e9ral de la pr\u00e9fecture de C\u00f4te-d'Or et la directrice d\u00e9partementale des\nterritoires sont charg\u00e9s de l'ex\u00e9cution du pr\u00e9sent arr\u00eat\u00e9 qui sera notifi\u00e9 \u00e0 chacun des\nmembres  de  la  commission  d\u00e9partementale  de  la  pr\u00e9servation  des  espaces  naturels,\nagricoles et forestiers et publi\u00e9 au recueil des actes administratifs de la pr\u00e9fecture de la\nC\u00f4te-d'Or.\nFait \u00e0 Dijon, le 11 juillet 2025\nLe pr\u00e9fet,\nSIGN\u00c9\nPaul MOURIER\nDirection d\u00e9partementale des territoires de la C\u00f4te-d'Or\n57 rue de Mulhouse- BP 53317 - 21033 DIJON cedex\nt\u00e9l : 03 80 29 44 44 \u2013 Courriel : ddt@cote-dor.gouv.fr\nDirection d\u00e9partementale des territoires de la C\u00f4te-d'Or - 21-2025-07-11-00008 - Arr\u00eat\u00e9 modifiant la composition de la Commission\nD\u00e9partementale de Pr\u00e9servation des Espaces Naturels, Agricoles et Forestiers 44\nDirection d\u00e9partementale des territoires de la\nC\u00f4te-d'Or\nService S\u00e9curit\u00e9 et Education Routi\u00e8re\n21-2025-07-09-00006\nAP 1022 20250709 RAA A31\nTravauxRemiseANiveauOuvrages PR12PR16\nDirection d\u00e9partementale des territoires de la C\u00f4te-d'Or - 21-2025-07-09-00006 - AP 1022 20250709 RAA A31\nTravauxRemiseANiveauOuvrages PR12PR16 45\nExPREFETDE LACOTE-D'ORL,z'berte'Egalit\u00e9Fraternit\u00e9\n Direction d\u00e9partementale des territoires\nde la C\u00f4te-d'Or\nService de la S\u00e9curit\u00e9 et de l'\u00c9ducation Routi\u00e8re\nBureau de la S\u00e9curit\u00e9 Routi\u00e8re\nDijon, le 9 juillet 2025    \nArr\u00eat\u00e9 N\u00b0 1022\nportant r\u00e9glementation temporaire de la circulation sur l'autoroute A31 aux PR 12 et PR 16 \n\u00e0 l'occasion de travaux de remise \u00e0 niveau des ouvrages.\nLe pr\u00e9fet de la C\u00f4te-d'Or\nVU le Code de la Route, notamment ses articles R411-8 et R411-25 ;\nVU l'Arr\u00eat\u00e9  Interminist\u00e9riel  du  24  novembre  1967  modifi\u00e9  relatif  \u00e0  la  signalisation  des \nroutes et autoroutes ;\nVU l'Instruction  Interminist\u00e9rielle  sur  la  signalisation  routi\u00e8re  (Livre  1,  8\u00e8me  partie, \nsignalisation  temporaire)  approuv\u00e9e  par  l'Arr\u00eat\u00e9  Interminist\u00e9riel  du  6  novembre  1992 \nmodifi\u00e9 ;\nVU la note technique du 14 avril 2016 du Minist\u00e8re de l'Environnement de l'\u00c9nergie et de la \nMer, relative \u00e0 la coordination des chantiers sur le r\u00e9seau national ;\nVU l'arr\u00eat\u00e9 pr\u00e9fectoral n\u00b0 612 du 20 ao\u00fbt 2019 portant r\u00e9glementation permanente de la  \ncirculation pour l'exploitation des chantiers courants sur les autoroutes conc\u00e9d\u00e9es \u00e0 APRR  \ndans le d\u00e9partement de la C\u00f4te-d'Or ;\nVU l'arr\u00eat\u00e9 pr\u00e9fectoral n\u00b0 507 du 28 mars 2025 donnant d\u00e9l\u00e9gation de signature \u00e0 Madame \nManuelle DUPUY, Directrice D\u00e9partementale des Territoires ;\nVU l'arr\u00eat\u00e9  pr\u00e9fectoral  n\u00b0  512  du  7  avril  2025  portant  subd\u00e9l\u00e9gation  de  signature  aux \nagents de la Direction D\u00e9partementale des Territoires de la C\u00f4te-d'Or ;\nVU la note du 23 janvier 2025 du Minist\u00e8re de l'Am\u00e9nagement du Territoire et de la  \nD\u00e9centralisation,  Minist\u00e8re  charg\u00e9  des  Transports,  fixant  le  calendrier  des  jours  hors \nchantiers pour l'ann\u00e9e 2025 ;\nVU la demande en date du 30 juin 2025 de Monsieur le Directeur d'exploitation d'APRR ;\nVU l'information communiqu\u00e9e au service d\u00e9partemental d'incendie et de secours de la  \nC\u00f4te-d'Or en date du 30 juin 2025 ;\nDirection d\u00e9partementale des territoires de la C\u00f4te-d'Or\n57 rue de Mulhouse- BP 53317 - 21033 DIJON cedex\nt\u00e9l : 03 80 29 44 44 \u2013 Courriel : ddt@cote-dor.gouv.fr\nDirection d\u00e9partementale des territoires de la C\u00f4te-d'Or - 21-2025-07-09-00006 - AP 1022 20250709 RAA A31\nTravauxRemiseANiveauOuvrages PR12PR16 46\n2/5\nVU l'avis favorable du Peloton Autoroutier de Gendarmerie de Beaune en date du 30 juin  \n2025 ;\nVU l'avis  favorable  de  Monsieur  le  Sous-Directeur  de  la  gestion  du  r\u00e9seau  autoroutier \nconc\u00e9d\u00e9 des Minist\u00e8res de l'Am\u00e9nagement du Territoire et de la Transition \u00c9cologique  en \ndate du 2 juillet 2025 ;\nCONSID\u00c9RANT  que  le  chantier  ne  remplit  pas  l'une  ou  plusieurs  des  conditions \ncaract\u00e9ristiques des chantiers courants au sens de la note technique du 14 avril relative \u00e0 la \ncoordination  des  chantiers  sur  le  r\u00e9seau  routier  national  et  qu'il  est  donc  class\u00e9  en \n\u00ab chantier non courant \u00bb ;\nCONSID\u00c9RANT  qu'il y a lieu d'assurer la s\u00e9curit\u00e9 et la protection des usagers, des agents  \nd'APRR et des entreprises charg\u00e9es de l'ex\u00e9cution des travaux et de r\u00e9duire, autant que  \npossible, les entraves \u00e0 la circulation provoqu\u00e9es par les travaux ;\nSUR proposition de Madame la Directrice D\u00e9partementale des Territoires de la C\u00f4te-d'Or ;\nARR\u00caTE\nArticle 1  er     :  \nLes travaux concernent la remise \u00e0 niveau des ouvrages sur l'A31 aux PR12 et PR16 dans les  \n2 sens de circulation.\nLes mesures d'exploitation, de police et de gestion de trafic mises en \u0153uvre \u00e0 l'occasion  \nde ces travaux s'appliqueront du lundi 1er septembre 2025 au vendredi 10 octobre 2025.\nArticle 2     :  \nLe chantier est class\u00e9 en \u00ab  chantier non courant  \u00bb en raison de la d\u00e9rogation aux articles  \nde l'arr\u00eat\u00e9 permanent d'exploitation sous chantier n\u00b0 612 du 20 ao\u00fbt 2019, \u00e0 savoir :\n\uf0b7 L'inter distance entre ce chantier et un autre chantier pourra \u00eatre r\u00e9duite \u00e0  \n3 km.\nArticle 3     :   \nPour l'ex\u00e9cution des travaux, les mesures d'exploitation et de police suivantes seront mises \nen \u0153uvre :\nDirection d\u00e9partementale des territoires de la C\u00f4te-d'Or\n57 rue de Mulhouse- BP 53317 - 21033 DIJON cedex\nt\u00e9l : 03 80 29 44 44 \u2013 Courriel : ddt@cote-dor.gouv.fr\nDirection d\u00e9partementale des territoires de la C\u00f4te-d'Or - 21-2025-07-09-00006 - AP 1022 20250709 RAA A31\nTravauxRemiseANiveauOuvrages PR12PR16 47\n3/5\nN\u00b0Semaine\nDate phasage (jj-mm hh-\nmin)\nAxe Sens\nPR \nd\u00e9but \nbalisage \n(1er \nc\u00f4ne)\nPR Fin de \nbalisage \n(B31)\nMode d'exploitation Commentaire \nheure d\u00e9but \nbalisage\nheure fin \nbalisage\n36\n01-09 07-00 05-09 12-\n00 A31 1 11+500 16+400 Neutralisation de \nVoie de Gauche\nTraitement des piles \net des corniches \nPS12 et PS16\n01-09 07-00 05-09 12-\n00 A31 2 16+500 11+400 Neutralisation de \nVoie de Gauche\nTraitement des piles \net des corniches \nPS12 et PS16\n37\n08-09 21-00 09-09 6-\n00 A31 1 10+500 16+400\nNeutralisation de \nVoie de Gauche + \nvoie m\u00e9diane\nTraitement des \ncorniches de nuit \nPS12 et PS16\n08-09 21-00 09-09 6-\n00 A31 2 17+500 11+400\nNeutralisation de \nVoie de Gauche + \nvoie m\u00e9diane\nTraitement des \ncorniches de nuit \nPS12 et PS16\n09-09 21-00 10-09 6-\n00 A31 1 10+500 16+400\nNeutralisation de \nVoie de Gauche + \nvoie m\u00e9diane\nTraitement des \ncorniches de nuit \nPS12 et PS16\n09-09 21-00 10-09 6-\n00 A31 2 17+500 11+400\nNeutralisation de \nVoie de Gauche + \nvoie m\u00e9diane\nTraitement des \ncorniches de nuit \nPS12 et PS16\n10-09 21-00 11-09 6-\n00 A31 1 10+500 12+400\nNeutralisation de \nVoie de Droite + \nvoie m\u00e9diane\nTraitement des \ncorniches de nuit \nPS12 uniquement\n10-09 21-00 11-09 6-\n00 A31 2 13+500 11+700\nNeutralisation de \nVoie de Droite + \nvoie m\u00e9diane\nTraitement des \ncorniches de nuit \nPS12 uniquement\n11-09 21-00 12-09 6-\n00 A31 1 14+200 16+400\nNeutralisation de \nVoie de Droite + \nvoie m\u00e9diane\nTraitement des \ncorniches de nuit \nPS16 uniquement\n11-09 21-00 12-09 6-\n00 A31 2 17+400 15+600\nNeutralisation de \nVoie de Droite + \nvoie m\u00e9diane\nTraitement des \ncorniches de nuit \nPS16 uniquement\n38 15-09 08-00 19-09 12-\n00 A31 1 11+500 12+400 Neutralisation de \nVoie de Droite \nTraitement des \ncorniches, pile et \ncul\u00e9e PS12 \nuniquement\n39 22-09 08-00 26-09 12-\n00 A31 2 12+500 11+700 Neutralisation de \nVoie de Droite \nTraitement des \ncorniches, pile et \ncul\u00e9e PS12 \nuniquement\n40 29-09 08-00 03-10 12-\n00 A31 1 15+500 16+400 Neutralisation de \nVoie de Droite \nTraitement des \ncorniches, pile et \ncul\u00e9e PS16 \nuniquement\n41 06-10 08-00 10-10 12-\n00 A31 2 17+400 15+600 Neutralisation de \nVoie de Droite \nTraitement des \ncorniches, pile et \ncul\u00e9e PS16 \nuniquement\nDirection d\u00e9partementale des territoires de la C\u00f4te-d'Or\n57 rue de Mulhouse- BP 53317 - 21033 DIJON cedex\nt\u00e9l : 03 80 29 44 44 \u2013 Courriel : ddt@cote-dor.gouv.fr\nDirection d\u00e9partementale des territoires de la C\u00f4te-d'Or - 21-2025-07-09-00006 - AP 1022 20250709 RAA A31\nTravauxRemiseANiveauOuvrages PR12PR16 48\n4/5\nEn cas d'al\u00e9as m\u00e9t\u00e9orologiques ou techniques le chantier pourra \u00eatre prolong\u00e9 jusqu'au  \nmercredi 17 octobre 2025.\nLe concessionnaire sera alors tenu d'en informer par courriel la direction d\u00e9partementale  \nde la C\u00f4te-d'Or ainsi que les services consult\u00e9s pour la signature de cet arr\u00eat\u00e9.\nArticle 4 :\nDes mesures d'information des usagers seront prises par le canal :\n- de messages sur les Panneaux \u00e0 Messages Variables (PMV) situ\u00e9s en section courante de \nl'autoroute,\n- de messages sur PMVA situ\u00e9 en entr\u00e9e des gares de p\u00e9age,\n- de messages sur \u00ab Autoroute Info 107 .7 \u00bb,\n- du service d'information vocale autoroutier,\n- du site internet www.aprr.fr.\nArticle 5 :\nLa Direction D\u00e9partementale des Territoires de la C\u00f4te-d'Or sera avertie \u00e0 l'avance de la  \nmise en place ou du report et en temps r\u00e9el de la fin des mesures d'exploitation, ainsi  \nqu'en cas d'\u00e9v\u00e9nement entra\u00eenant une g\u00eane importante \u00e0 la circulation, particuli\u00e8rement  \nen cas d'application du Plan de Gestion de Trafic, et des mesures prises \u00e0 cet effet.\nArticle 6     :  \nLa signalisation des chantiers devra \u00eatre conforme aux prescriptions r\u00e9glementaires, en  \nparticulier \u00e0 celles de l'Instruction Interminist\u00e9rielle sur la  Signalisation Routi\u00e8re (8\u00e8me  \npartie - Signalisation Temporaire) ainsi qu'aux guides techniques du SETRA subs\u00e9quents :\n- Routes \u00e0 chauss\u00e9es s\u00e9par\u00e9es \u2013 Manuel du Chef de Chantier\n- Choix d'un mode d'exploitation.\nLa mise en place et le maintien de la signalisation temporaire de ces chantiers seront  \nassur\u00e9s sous le contr\u00f4le et la responsabilit\u00e9 des services d'APRR.\nLes forces de l'ordre seront pr\u00e9sentes pour accompagner les agents d'APRR afin de faire  \nrespecter  les  mesures  de  police  n\u00e9cessaires  \u00e0  la  mise  en  place  des  balisages  et \nsignalisations temporaires (ralentissement de la circulation, fermeture de section courante \nou de bretelles) ainsi qu'\u00e0 la r\u00e9alisation des travaux.\nToutefois,  dans  l'hypoth\u00e8se  o\u00f9,  une  fois  requises,  les  forces  de  l'ordre,  seraient  dans \nl'impossibilit\u00e9  d'\u00eatre  pr\u00e9sentes,  les  agents  d'APRR  seront  autoris\u00e9s  \u00e0  r\u00e9aliser  seuls  ces \nop\u00e9rations.\nArticle 7     :  \nLe pr\u00e9sent arr\u00eat\u00e9 peut faire l'objet d'un recours gracieux aupr\u00e8s du pr\u00e9fet et/ou d'un  \nrecours contentieux devant le tribunal administratif dans un d\u00e9lai de 2 mois \u00e0 compter de  \nsa notification.\nLe tribunal administratif peut \u00eatre saisi par un recours d\u00e9pos\u00e9 via l'application T\u00e9l\u00e9recours  \ncitoyens accessible par le site internet www.telerecours.fr \u00bb.\nDirection d\u00e9partementale des territoires de la C\u00f4te-d'Or\n57 rue de Mulhouse- BP 53317 - 21033 DIJON cedex\nt\u00e9l : 03 80 29 44 44 \u2013 Courriel : ddt@cote-dor.gouv.fr\nDirection d\u00e9partementale des territoires de la C\u00f4te-d'Or - 21-2025-07-09-00006 - AP 1022 20250709 RAA A31\nTravauxRemiseANiveauOuvrages PR12PR16 49\n5/5\nArticle 8     :  \n- La Directrice de Cabinet du pr\u00e9fet de la C\u00f4te-d'Or,\n- Le  Commandant  de  la  R\u00e9gion  de  Gendarmerie  de  Bourgogne-Franche-Comt\u00e9,  du \nGroupement de la C\u00f4te-d'Or,\n- Le Directeur d'exploitation d'APRR,\nsont charg\u00e9s, chacun en ce qui le concerne, de l'ex\u00e9cution du pr\u00e9sent arr\u00eat\u00e9.\nLe pr\u00e9sent arr\u00eat\u00e9 sera publi\u00e9 au recueil des actes administratifs de la Pr\u00e9fecture de la C\u00f4te-\nd'Or.\nUne copie du pr\u00e9sent arr\u00eat\u00e9 sera adress\u00e9e pour information :\n- au Directeur G\u00e9n\u00e9ral des Infrastructures des Transports et de la Mer des MATTE,\n- au Directeur D\u00e9partemental des Services d'Incendie et de Secours de la C\u00f4te-  \nd'Or,\n- au SAMU de Dijon.\nFait \u00e0 Dijon, le 9 juillet 2025\nLe pr\u00e9fet,\nPour le pr\u00e9fet, par d\u00e9l\u00e9gation,\nLa directrice d\u00e9partementale\ndes territoires,\nSIGN\u00c9\nManuelle DUPUY\nDirection d\u00e9partementale des territoires de la C\u00f4te-d'Or\n57 rue de Mulhouse- BP 53317 - 21033 DIJON cedex\nt\u00e9l : 03 80 29 44 44 \u2013 Courriel : ddt@cote-dor.gouv.fr\nDirection d\u00e9partementale des territoires de la C\u00f4te-d'Or - 21-2025-07-09-00006 - AP 1022 20250709 RAA A31\nTravauxRemiseANiveauOuvrages PR12PR16 50\nDirection d\u00e9partementale des territoires de la\nC\u00f4te-d'Or\nService S\u00e9curit\u00e9 et Education Routi\u00e8re\n21-2025-07-10-00006\nAP 1023 20250710 RAA Circulation RallyeAutun\n2025\nDirection d\u00e9partementale des territoires de la C\u00f4te-d'Or - 21-2025-07-10-00006 - AP 1023 20250710 RAA Circulation RallyeAutun 2025 51\nExPREFETDE LACOTE-D'ORL,z'berte'Egalit\u00e9Fraternit\u00e9\nDirection d\u00e9partementale des territoires\nde la C\u00f4te-d'Or\nService de la S\u00e9curit\u00e9 et de l'\u00c9ducation Routi\u00e8re\nBureau de la S\u00e9curit\u00e9 Routi\u00e8re\nT\u00e9l. : 03 80 29 44 75\nDijon, le 10 juillet 2025\nArr\u00eat\u00e9 N\u00b0 1023\nr\u00e9glementant la circulation et le stationnement \u00e0 l'occasion du 54  Rallye National\u1d49  \nd'AUTUN SUD MORVAN les vendredi 22 et samedi 23 ao\u00fbt 2025.\nLe pr\u00e9fet de la C\u00f4te-d'Or\nVU le code de la route ;\nVU l'arr\u00eat\u00e9  interminist\u00e9riel  du  24  novembre  1967  modifi\u00e9  relatif  \u00e0  la  signalisation  des \nroutes et autoroutes ;\nVU l'instruction  interminist\u00e9rielle  relative  \u00e0  la  signalisation  routi\u00e8re-huiti\u00e8me  partie, \nsignalisation  temporaire  approuv\u00e9e  par  l'arr\u00eat\u00e9  interminist\u00e9riel  du  6  novembre  1992 \nmodifi\u00e9 ;\nVU  le  d\u00e9cret  n\u00b02009-615  du  3  juin  2009  modifi\u00e9  fixant  la  liste  des  routes  \u00e0  grande \ncirculation ;\nVU le d\u00e9cret du 10 octobre 2024 nommant Paul MOURIER, pr\u00e9fet de la r\u00e9gion Bourgogne-\nFranche-Comt\u00e9, pr\u00e9fet de la C\u00f4te-d'Or ;\nVU l'arr\u00eat\u00e9 interminist\u00e9riel du 20 d\u00e9cembre 2010 relatif \u00e0 l'interdiction de certaines routes \naux concentrations et manifestations sportives ;\nVU l'arr\u00eat\u00e9 minist\u00e9riel du 27 d\u00e9cembre 2022 relatif \u00e0 l'interdiction des concentrations ou  \nmanifestations sportives sur les routes \u00e0 grande circulation \u00e0 certaines p\u00e9riodes de l'ann\u00e9e  \n2023 ;\nVU  l'arr\u00eat\u00e9 pr\u00e9fectoral n\u00b0  443/SG du 17 mars 2025 donnant d\u00e9l\u00e9gation de signature \u00e0  \nMadame Aur\u00e9lie CONTRECIVILE, directrice de cabinet du pr\u00e9fet de la C\u00f4te-d'Or ;\nVU le dossier d\u00e9pos\u00e9 sur la plateforme SIMS le 20 mai 2025 par l'association ASA Morvan ;\nDirection d\u00e9partementale des territoires de la C\u00f4te-d'Or\n57 rue de Mulhouse- BP 53317 - 21033 DIJON cedex\nt\u00e9l : 03 80 29 44 44 \u2013 Courriel : ddt@cote-dor.gouv.fr\nDirection d\u00e9partementale des territoires de la C\u00f4te-d'Or - 21-2025-07-10-00006 - AP 1023 20250710 RAA Circulation RallyeAutun 2025 52\n2\nVU  la  visite  de  reconnaissance  du  parcours  effectu\u00e9e  le  mardi  17  juin  2025  par  les \nmembres de la Commission D\u00e9partementale de la S\u00e9curit\u00e9 Routi\u00e8re de C\u00f4te d'Or et  l'avis \nfavorable de la Commission D\u00e9partementale de la S\u00e9curit\u00e9 Routi\u00e8re de C\u00f4te-d'Or - section \n\u00ab \u00e9preuves et comp\u00e9titions sportives \u00bb r\u00e9unie le mardi 24 juin 2025 ;\nVU l'avis favorable de M. le pr\u00e9sident du Conseil D\u00e9partemental de la C\u00f4te-d'Or en date  \ndu 25 juin 2025 ;\nVU l'avis favorable du Commandant de l'Escadron D\u00e9partemental de S\u00e9curit\u00e9 Routi\u00e8re de  \nla C\u00f4te-d'Or en date du 30 juin 2025 ;\nVU l'avis favorable des maires de MANLAY en date du 26 juin 2025, de MENESSAIRE en  \ndate du 29 juin 2025 et de SAVILLY en date du 2 juillet 2025 ; \nCONSID\u00c9RANT qu'il y a lieu, pour des raisons de s\u00e9curit\u00e9 routi\u00e8re, de r\u00e9glementer la  \ncirculation  et  le  stationnement  lors  du  54  Rallye  National  d'Autun  Sud  Morvan  les\u1d49  \nvendredi 22 et samedi 23 ao\u00fbt 2025 ;\nCONSID\u00c9RANT  que le Groupement de Gendarmerie de la Ni\u00e8vre ainsi que le Service  \nD\u00e9partemental d'Incendie et de Secours de la Ni\u00e8vre sont comp\u00e9tents sur une partie du  \nterritoire C\u00f4te d'Orien ;\nSUR proposition de Madame la directrice d\u00e9partementale des territoires de la C\u00f4te-d'Or ;\nARR\u00caTE\nArticle 1  er     : Mesures de circulation et de stationnement\nLe vendredi 22 ao\u00fbt 2025 de 13  h \u00e0 22 h et le samedi 23 ao\u00fbt 2025 de 5h30 au dimanche  \n24 ao\u00fbt 2025 \u00e0 00h30,  la circulation g\u00e9n\u00e9rale y compris celle des pi\u00e9tons ainsi que le  \nstationnement,  tant  sur  la  chauss\u00e9e  que  sur  les  accotements,  seront  interdits  sur  les \nsections de routes suivantes, en et hors agglom\u00e9ration :\n\u00c9preuve sp\u00e9ciale n\u00b01 se d\u00e9roulant les vendredi 22 ao\u00fbt et samedi 23 ao\u00fbt 2025 :\n- Voie communale n\u00b04 dite Rue Basse de la limite de la Sa\u00f4ne-et-Loire jusqu'au carrefour  \navec la RD 115 (PR 2+900) dite Grande Rue (Commune de SAVILLY) ;\n- RD 115 dite Grande Rue du PR 2+900 (carrefour avec la VC n\u00b04) jusqu'au carrefour avec le \nchemin communal \u00ab La Barb\u00e8re \u00bb au PR 3+620 (Commune de SAVILLY) ;\n- Voie communale du carrefour de la RD 117 (PR 1+960) jusqu'au carrefour avec la RD 115  \n(Rue de Fontainerot et rue de la Croix Amen) (commune de SAVILLY).\n\u00c9preuve sp\u00e9ciale n\u00b02 se d\u00e9roulant le samedi 23 ao\u00fbt 2025     :  \n- RD 106D du PR 4+204 (limite de la Sa\u00f4ne-et-Loire) jusqu'au PR 7+408 (carrefour avec la  \nRD 106 H) (commune de MENESSAIRE) ;\n- RD 106H du PR 0+046 (carrefour avec la RD 106D) au PR 1+949 (limite de la Ni\u00e8vre)  \n(Commune de MENESSAIRE).\nDirection d\u00e9partementale des territoires de la C\u00f4te-d'Or\n57 rue de Mulhouse- BP 53317 - 21033 DIJON cedex\nt\u00e9l : 03 80 29 44 44 \u2013 Courriel : ddt@cote-dor.gouv.fr\nDirection d\u00e9partementale des territoires de la C\u00f4te-d'Or - 21-2025-07-10-00006 - AP 1023 20250710 RAA Circulation RallyeAutun 2025 53\n3\nArticle 2 : Signalisation\nLa signalisation de position et de d\u00e9viation sera effectu\u00e9e par les organisateurs (mise en  \nplace et d\u00e9pose) en accord avec les maires des communes concern\u00e9es et sous le contr\u00f4le  \nde l'autorit\u00e9 de police comp\u00e9tente ( Conseil D\u00e9partemental de la C\u00f4te-d'Or).\nArticle 3 : Acc\u00e8s des secours\nLes services de secours pourront en cas de n\u00e9cessit\u00e9 emprunter les sections des voies  \ninterdites figurant \u00e0 l'article 1er dans le sens de circulation de la course.\nLes organisateurs devront alors prendre toute disposition, notamment l'arr\u00eat de la course,  \npour faciliter la progression en toute s\u00e9curit\u00e9 des v\u00e9hicules en question.\nArtic  le   4 : \u00c9tat des lieux des voiries\nUn \u00e9tat des lieux des voiries communales et d\u00e9partementales pourra \u00eatre r\u00e9alis\u00e9 avant et  \napr\u00e8s le passage de la manifestation sportive entre l'organisateur et le gestionnaire de  \nvoirie.\nUne attention particuli\u00e8re sera port\u00e9e aux endroits o\u00f9 des chicanes en bottes de paille  \nauront \u00e9t\u00e9 install\u00e9es, afin que tous les r\u00e9sidus de paille soient retir\u00e9s.\nArticle     5 : \u00c9volution des mesures\nLes services de gendarmerie pourront, en fonction des circonstances, all\u00e9ger ou renforcer  \nles  mesures  pr\u00e9vues  et  prendre  toutes  initiatives  pour  faciliter  l'\u00e9coulement  de  la \ncirculation.\nArticle 6     : Recours\nLe  pr\u00e9sent  arr\u00eat\u00e9  peut  faire  l'objet  d'un  recours  contentieux  devant  le  tribunal \nadministratif de Dijon dans un d\u00e9lai de deux mois \u00e0 compter de sa publication. Un recours  \npeut  \u00eatre  d\u00e9pos\u00e9  via  l'application  t\u00e9l\u00e9recours  citoyens  accessible  par  le  site  internet \nhttp://ww.telerecours.fr./ \nArticle   7   : Ex\u00e9cution\n-  La Directrice de Cabinet du pr\u00e9fet de la C\u00f4te-d'Or,\n-  Le  Commandant  de  la  R\u00e9gion  de  Gendarmerie  de  Bourgogne-Franche-Comt\u00e9  et  du \ngroupement de gendarmerie d\u00e9partemental de C\u00f4te-d'Or,\n- Le Commandant du groupement de gendarmerie d\u00e9partemental de la Ni\u00e8vre ;\n- Le pr\u00e9sident du Conseil d\u00e9partemental de la C\u00f4te-d'Or,\n- Les maires des communes de SAVILLY, MANLAY et MENESSAIRE\nsont charg\u00e9s, chacun en ce qui le concerne, de l'ex\u00e9cution du pr\u00e9sent arr\u00eat\u00e9.\nLe pr\u00e9sent arr\u00eat\u00e9 sera publi\u00e9 au recueil des actes administratifs de la Pr\u00e9fecture de C\u00f4te-\nd'Or.\nUne copie du pr\u00e9sent arr\u00eat\u00e9 sera adress\u00e9e pour information :\n- \u00e0 Monsieur le Pr\u00e9fet de Sa\u00f4ne-et-Loire,\n- \u00e0 Monsieur le Pr\u00e9fet de la Ni\u00e8vre,\n- au Pr\u00e9sident de l'Association Sportive Automobile Morvan,\nDirection d\u00e9partementale des territoires de la C\u00f4te-d'Or\n57 rue de Mulhouse- BP 53317 - 21033 DIJON cedex\nt\u00e9l : 03 80 29 44 44 \u2013 Courriel : ddt@cote-dor.gouv.fr\nDirection d\u00e9partementale des territoires de la C\u00f4te-d'Or - 21-2025-07-10-00006 - AP 1023 20250710 RAA Circulation RallyeAutun 2025 54\n4\n- \u00e0 Monsieur le sous-pr\u00e9fet de l'arrondissement de BEAUNE,\n- \u00e0 MM. les directeurs des Services D\u00e9partementaux d'Incendie et de Secours de la C\u00f4te-\nd'Or et de la Ni\u00e8vre.\nFait \u00e0 Dijon, le 10 juillet 2025\nLe pr\u00e9fet,\nPour le pr\u00e9fet et par d\u00e9l\u00e9gation,\nLa Directrice de Cabinet,\nSIGN\u00c9\nAur\u00e9lie CONTRECIVILE\nDirection d\u00e9partementale des territoires de la C\u00f4te-d'Or\n57 rue de Mulhouse- BP 53317 - 21033 DIJON cedex\nt\u00e9l : 03 80 29 44 44 \u2013 Courriel : ddt@cote-dor.gouv.fr\nDirection d\u00e9partementale des territoires de la C\u00f4te-d'Or - 21-2025-07-10-00006 - AP 1023 20250710 RAA Circulation RallyeAutun 2025 55\nDirection d\u00e9partementale des territoires de la\nC\u00f4te-d'Or\nService S\u00e9curit\u00e9 et Education Routi\u00e8re\n21-2025-07-11-00003\nAP 1024 20250711 RAA DM ChantiersCourants\nDirection d\u00e9partementale des territoires de la C\u00f4te-d'Or - 21-2025-07-11-00003 - AP 1024 20250711 RAA DM ChantiersCourants 56\nExPREFETDE LACOTE-D'ORL,z'berte'Egalit\u00e9Fraternit\u00e9\nDirection d\u00e9partementale des territoires\nde la C\u00f4te-d'Or\nService de la S\u00e9curit\u00e9 et de l'\u00c9ducation Routi\u00e8re\nBureau de la S\u00e9curit\u00e9 Routi\u00e8re\n Dijon, le 11 juillet 2025\nArr\u00eat\u00e9 N\u00b0 1024\nportant r\u00e9glementation permanente de la circulation au droit des chantiers courants \nex\u00e9cut\u00e9s ou contr\u00f4l\u00e9s par Dijon M\u00e9tropole, ainsi qu'en situation d'urgence, sur la route \nm\u00e9tropolitaine M 274\nLe pr\u00e9fet de la C\u00f4te-d'Or\nVU le Code de la Route ;\nVU le Code de la Voirie Routi\u00e8re ;\nVU la loi n\u00b0 2022-217 du 21 f\u00e9vrier 2022 relative \u00e0 la diff\u00e9renciation, la d\u00e9centralisation, la  \nd\u00e9concentration et portant diverses mesures de simplification de l'action publique locale ;\nVU le d\u00e9cret en Conseil d'\u00c9tat du 6 f\u00e9vrier 1980 d\u00e9clarant d'utilit\u00e9 publique la construction \nde la rocade Est de Dijon et lui conf\u00e9rant le statut de route express ;\nVU le d\u00e9cret 2009- 615 du 3 juin 2009 modifi\u00e9, fixant la liste des routes class\u00e9es \u00e0 grande  \ncirculation ;\nVU le d\u00e9cret n\u00b0 2022-459 du 30 mars 2022 fixant la liste des voies non conc\u00e9d\u00e9es du  \ndomaine  public  routier  national  qui  peuvent  \u00eatre  transf\u00e9r\u00e9es  aux  d\u00e9partements  et \nm\u00e9tropoles ou mises \u00e0 disposition des r\u00e9gions dans les conditions pr\u00e9vues aux articles 38  \net 40 de la loi n\u00b0 2022-217 du 21 f\u00e9vrier 2022 ;\nVU le d\u00e9cret du 10 octobre 2024 nommant Paul MOURIER, pr\u00e9fet de la r\u00e9gion Bourgogne-\nFranche-Comt\u00e9, pr\u00e9fet de la C\u00f4te-d'Or ;\nVU  l'arr\u00eat\u00e9 interminist\u00e9riel du 24 novembre 1967 modifi\u00e9, relatif \u00e0 la signalisation des  \nroutes et autoroutes ;\nVU  l'arr\u00eat\u00e9 interminist\u00e9riel du 6 novembre 1992 modifi\u00e9, approuvant les dispositions de  \nl'instruction interminist\u00e9rielle sur la signalisation routi\u00e8re ;\nVU la circulaire 96-14 du 6 f\u00e9vrier 1996 de Monsieur le Ministre de l'\u00c9quipement, des  \nTransports et du Logement, relative \u00e0 l'exploitation sous chantiers ;\nDirection d\u00e9partementale des territoires de la C\u00f4te-d'Or\n57 rue de Mulhouse- BP 53317 - 21033 DIJON cedex\nt\u00e9l : 03 80 29 44 44 \u2013 Courriel : ddt@cote-dor.gouv.fr\nDirection d\u00e9partementale des territoires de la C\u00f4te-d'Or - 21-2025-07-11-00003 - AP 1024 20250711 RAA DM ChantiersCourants 57\n2/5\nVU l'arr\u00eat\u00e9 pr\u00e9fectoral n\u00b0 426 du 8 novembre 2011 portant r\u00e9glementation de la circulation \nau  droit  des  chantiers  courants  ex\u00e9cut\u00e9s  ou  contr\u00f4l\u00e9s  par  la  Direction  \nInterd\u00e9partementale des routes Centre-Est, ainsi qu'en situation d'urgence, sur les routes  \nnationales  et  autoroutes  non  conc\u00e9d\u00e9es  du  d\u00e9partement  de  la  C\u00f4te-d'Or,  hors \nagglom\u00e9ration ;\nVU l'arr\u00eat\u00e9  pr\u00e9fectoral  n\u00b0  21-2023-05-02-00001  du  2  mai  2023  relatif  au  transfert  au \nd\u00e9partement de C\u00f4te-d'Or de sections de routes et autoroutes class\u00e9es dans le domaine  \npublic routier national ;\nVU  l'arr\u00eat\u00e9 pr\u00e9fectoral n\u00b0 21-2023-05-02-00002 du 2 mai 2023 relatif au transfert \u00e0 la  \nM\u00e9tropole de Dijon de sections de routes et autoroutes class\u00e9es dans le domaine public  \nroutier national ;\nVU  l'arr\u00eat\u00e9 pr\u00e9fectoral n\u00b0  443/SG du 17 mars 2025 donnant d\u00e9l\u00e9gation de signature \u00e0  \nMadame Aur\u00e9lie CONTRECIVILE, directrice de cabinet du pr\u00e9fet de la C\u00f4te-d'Or ;\nCONSID\u00c9RANT le transfert \u00e0 la M\u00e9tropole de Dijon de sections de routes et autoroutes  \nclass\u00e9es dans le domaine public routier national ;\nCONSID\u00c9RANT  le  caract\u00e8re  constant  et  r\u00e9p\u00e9titif  de  certains  chantiers  routiers  peu \nperturbants pour la circulation ;\nCONSID\u00c9RANT  certaines  situations  d'urgence  n\u00e9cessitant  de  prendre  sans  d\u00e9lai  des \nmesures de restriction de trafic dans l'attente de la prise d'un arr\u00eat\u00e9 particulier ;\nCONSID\u00c9RANT qu'il importe d'assurer la s\u00e9curit\u00e9 des usagers de la voie publique ainsi que \ncelle des personnels travaillant sur les chantiers, et de r\u00e9duire autant que possible les  \nentraves \u00e0 la circulation provoqu\u00e9es par les travaux ;\nSUR proposition de Madame la Directrice D\u00e9partementale des Territoires de la C\u00f4te-d'Or ;\nARR\u00caTE\nArticle 1 :\nL'arr\u00eat\u00e9 pr\u00e9fectoral n\u00b0 426 du 8 novembre 2011 portant r\u00e9glementation de la circulation au \ndroit des chantiers courants ex\u00e9cut\u00e9s ou contr\u00f4l\u00e9s par la Direction Interd\u00e9partementale  \ndes  routes  Centre-Est,  ainsi  qu'en  situation  d'urgence,  sur  les  routes  nationales  et \nautoroutes  non  conc\u00e9d\u00e9es  du  d\u00e9partement  de  la  C\u00f4te-d'Or,  hors  agglom\u00e9ration  est \nabrog\u00e9.\nArticle 2 :\nLe pr\u00e9sent arr\u00eat\u00e9 est applicable aux travaux ex\u00e9cut\u00e9s ou contr\u00f4l\u00e9s par les services de Dijon \nM\u00e9tropole sur la M274 (rocade Est de Dijon et Lino), ainsi qu'aux situations d'urgence.\nDirection d\u00e9partementale des territoires de la C\u00f4te-d'Or\n57 rue de Mulhouse- BP 53317 - 21033 DIJON cedex\nt\u00e9l : 03 80 29 44 44 \u2013 Courriel : ddt@cote-dor.gouv.fr\nDirection d\u00e9partementale des territoires de la C\u00f4te-d'Or - 21-2025-07-11-00003 - AP 1024 20250711 RAA DM ChantiersCourants 58\n3/5\nArticle 3 :\nLes restrictions pr\u00e9vues \u00e0 l'article 4 s'appliquent aux chantiers courants quelle que soit la  \nnature des travaux.\nSont consid\u00e9r\u00e9s comme courants, les chantiers :\n- qui  n'entra\u00eenent  pas  de  r\u00e9duction  de  capacit\u00e9  pendant  les  jours  dits  \u00ab hors \nchantiers \u00bb  au  titre  de  la  circulaire  minist\u00e9rielle  annuelle  fixant  le  calendrier  de  ces \njourn\u00e9es,\n- qui n'entra\u00eenent pas d'alternat sup\u00e9rieur \u00e0 500 m\u00e8tres, ni de d\u00e9viation,\n- qui concernent des routes dont le d\u00e9bit par voie laiss\u00e9e libre \u00e0 la circulation ne  \ndoit pas d\u00e9passer :\n\u2022 sur les routes bidirectionnelles, 1000 v\u00e9hicules/heure, pour une voie  \u2265 3  \nm\u00e8tres, hors alternat,\n\u2022 sur  les  routes  \u00e0  chauss\u00e9es  s\u00e9par\u00e9es,  1200  v\u00e9hicules/heure  en  rase \ncampagne et 1500 v\u00e9hicules/heure en zone urbaine ou p\u00e9ri-urbaine, 1800  \nv\u00e9hicules/heure sur routes \u00e0 chauss\u00e9es s\u00e9par\u00e9es et \u00e9changes d\u00e9nivel\u00e9s.\n\u2013 qui sur les routes \u00e0 chauss\u00e9es s\u00e9par\u00e9es et les autoroutes, n'entra\u00eenent pas :\n\u2022 de zone de restriction de capacit\u00e9 de plus de 6 km,\n\u2022 de basculement partiel,\n\u2022 d'alternats sur la partie bidirectionnelle d'une bretelle de diffuseur d'une  \ndur\u00e9e sup\u00e9rieure \u00e0 2  jours, et concernant un trafic par sens sup\u00e9rieur \u00e0  \n200 v\u00e9hicules/heure.\nDe plus, ils ne doivent pas occasionner de remont\u00e9e de file sur la bretelle  \nde d\u00e9c\u00e9l\u00e9ration,\n\u2022 de r\u00e9duction de largeur des voies laiss\u00e9es libres \u00e0 la circulation,\n\u2022 d'interdistance entre deux chantiers cons\u00e9cutifs inf\u00e9rieure \u00e0 :\n- 5 km si l'un des deux chantiers ne neutralise pas de voie de circulation,\n- 10 km,  si  l'un  des  deux  chantiers  ne  laisse  libre  qu'une  voie  de \ncirculation,\n- 20 km, si les deux chantiers ne laissent libre qu'une voie de circulation  \nou si l'un des deux chantiers entra\u00eene un basculement de trafic,\n- 30 km si les deux chantiers entra\u00eenent un basculement de trafic (quelle  \nque soit la chauss\u00e9e concern\u00e9e).\nArticle 4 :\nLes restrictions suivantes \u00e0 la circulation peuvent \u00eatre impos\u00e9es au droit des chantiers  \ncourants :\n- Sur routes bidirectionnelles     :  \n- limitation de vitesse \u00e0 70 km/h, 50 km/h, 30 km/h,\n- alternat r\u00e9gl\u00e9 au moyen de piquets K10, de feux tricolores mobile, sur une  \nlongueur maximale de 500 m\u00e8tres\n- neutralisation de la voie lat\u00e9rale sur les sections de route \u00e0 trois voies, sur  \nune longueur maximale de 500 m\u00e8tres\n- Sur routes \u00e0 chauss\u00e9es s\u00e9par\u00e9es (y compris autoroutes)     :  \n- limitation de vitesse \u00e0 110 km/h, 90 km/h, 70 km/h ou 50 km/h,\nDirection d\u00e9partementale des territoires de la C\u00f4te-d'Or\n57 rue de Mulhouse- BP 53317 - 21033 DIJON cedex\nt\u00e9l : 03 80 29 44 44 \u2013 Courriel : ddt@cote-dor.gouv.fr\nDirection d\u00e9partementale des territoires de la C\u00f4te-d'Or - 21-2025-07-11-00003 - AP 1024 20250711 RAA DM ChantiersCourants 59\n4/5\n- interdiction de d\u00e9passer,\n- interdiction de stationner sur les bandes d'arr\u00eat d'urgence ou accotement,\n- r\u00e9duction \u00e0 une voie par sens de circulation, sur une longueur maximale de  \n6000 m\u00e8tres en section courante ou sur l'ensemble d'un cr\u00e9neau de d\u00e9passement\nLes restrictions seront appliqu\u00e9es individuellement ou dans leur totalit\u00e9 suivant le type de  \nchantier consid\u00e9r\u00e9, en conformit\u00e9 avec les sch\u00e9mas du guide technique de signalisation  \ntemporaire (manuel du chef de chantier) r\u00e9alis\u00e9 par le Service d'\u00c9tudes sur les Transports,  \nles Routes et leurs Am\u00e9nagements.\nToute autre restriction doit faire l'objet d'un arr\u00eat\u00e9 pr\u00e9fectoral particulier r\u00e9glementaire.\nArticle 5 :\nPendant les p\u00e9riodes d'inactivit\u00e9 des chantiers ainsi que de nuit et les jours non ouvrables,  \nles signaux en place seront d\u00e9pos\u00e9s d\u00e8s que les motifs ayant conduit \u00e0 les implanter  \nauront disparu.\nArticle 6 :\nLa  signalisation  des  chantiers  doit  \u00eatre  conforme  aux  dispositions  de  l'instruction \ninterminist\u00e9rielle  sur  la  signalisation  routi\u00e8re  (livre  I  \u2013  huiti\u00e8me  partie  \u2013  signalisation \ntemporaire) approuv\u00e9 par arr\u00eat\u00e9 interminist\u00e9riel du 6 novembre 1992.\nArticle 7 :\nEn  situation  d'urgence  (accidents,  dangers  temporaires  inopin\u00e9s\u2026),  des  restrictions \nsp\u00e9cifiques  peuvent  \u00eatre  impos\u00e9es  jusqu'\u00e0  r\u00e9gularisation  ult\u00e9rieure  par  un  arr\u00eat\u00e9 \nparticulier.\nArticle 8 :\nEntrent \u00e9galement dans le champ d'application du pr\u00e9sent arr\u00eat\u00e9 les chantiers courants  \nr\u00e9alis\u00e9s par des occupants du domaine public (concessionnaires de r\u00e9seaux ou entreprises  \nintervenant  pour  le  compte  des  concessionnaires,  etc.\u2026).  Ils  doivent  faire  l'objet, \nnonobstant  toutes  les  autres  proc\u00e9dures  r\u00e9glementaires  (permission  de  voirie,  accord \npr\u00e9alable, etc.\u2026), d'une demande \u00e9crite \u00e0 Dijon M\u00e9tropole, qui a autorit\u00e9 pour autoriser ou \nnon la tenue du chantier, au moins 10 jours calendaires avant l'ouverture du chantier.\nLes Services Techniques de Dijon M\u00e9tropole porteront \u00e0 la connaissance des entreprises  \nintervenant sur son r\u00e9seau toutes les dispositions d'exploitation et les mesures de s\u00e9curit\u00e9  \n\u00e0 respecter.\nLes coordonn\u00e9es du responsable de la pose, maintenance et d\u00e9pose de la signalisation  \ntemporaire seront communiqu\u00e9es (nom, num\u00e9ro de t\u00e9l\u00e9phone) aux Services Techniques  \nde Dijon M\u00e9tropole.\nArticle 9 :\nLe pr\u00e9sent arr\u00eat\u00e9 peut faire l'objet d'un recours gracieux aupr\u00e8s du pr\u00e9fet et/ou d'un  \nrecours contentieux devant le tribunal administratif dans un d\u00e9lai de 2 mois \u00e0 compter de  \nsa notification.\nDirection d\u00e9partementale des territoires de la C\u00f4te-d'Or\n57 rue de Mulhouse- BP 53317 - 21033 DIJON cedex\nt\u00e9l : 03 80 29 44 44 \u2013 Courriel : ddt@cote-dor.gouv.fr\nDirection d\u00e9partementale des territoires de la C\u00f4te-d'Or - 21-2025-07-11-00003 - AP 1024 20250711 RAA DM ChantiersCourants 60\n5/5\nLe tribunal administratif peut \u00eatre saisi par un recours d\u00e9pos\u00e9 via l'application T\u00e9l\u00e9recours  \ncitoyens accessible par le site internet www.telerecours.fr \u00bb.\nArticle 10 :\n- La Directrice de Cabinet du pr\u00e9fet de la C\u00f4te-d'Or,\n- Le Pr\u00e9sident de Dijon M\u00e9tropole,\n- Le Directeur Interd\u00e9partemental de la Police Nationale,\n- Le Commandant de la R\u00e9gion de Gendarmerie de Bourgogne-Franche-Comt\u00e9,  \ncommandant du groupement de gendarmerie d\u00e9partementale de la C\u00f4te-d'Or,\nsont charg\u00e9s, chacun en ce qui le concerne, de l'ex\u00e9cution du pr\u00e9sent arr\u00eat\u00e9.\nLe pr\u00e9sent arr\u00eat\u00e9 sera publi\u00e9 au recueil des actes administratifs de la Pr\u00e9fecture de la C\u00f4te-\nd'Or.\nUne copie du pr\u00e9sent arr\u00eat\u00e9 sera adress\u00e9e pour information :\n- au SAMU,\n- au Service D\u00e9partemental d'Incendie et de Secours de la C\u00f4te-d'Or,\n- au Directeur G\u00e9n\u00e9ral des Infrastructures des Transports et de la Mer des MATTE.\nFait \u00e0 Dijon, le 11 juillet 2025\nLe pr\u00e9fet,\nPour le pr\u00e9fet et par d\u00e9l\u00e9gation ,\nLa directrice de cabinet,\nSIGN\u00c9\nAur\u00e9lie CONTRECIVILE\nDirection d\u00e9partementale des territoires de la C\u00f4te-d'Or\n57 rue de Mulhouse- BP 53317 - 21033 DIJON cedex\nt\u00e9l : 03 80 29 44 44 \u2013 Courriel : ddt@cote-dor.gouv.fr\nDirection d\u00e9partementale des territoires de la C\u00f4te-d'Or - 21-2025-07-11-00003 - AP 1024 20250711 RAA DM ChantiersCourants 61\nDirection d\u00e9partementale des territoires de la\nC\u00f4te-d'Or\nService S\u00e9curit\u00e9 et Education Routi\u00e8re\n21-2025-07-11-00004\nAP 1025 20250711 RAA A38 ChantiersCourants\nDirection d\u00e9partementale des territoires de la C\u00f4te-d'Or - 21-2025-07-11-00004 - AP 1025 20250711 RAA A38 ChantiersCourants 62\nExPREFETDE LACOTE-D'ORL,z'berte'Egalit\u00e9Fraternit\u00e9\nDirection d\u00e9partementale des territoires\nde la C\u00f4te-d'Or\nService de la S\u00e9curit\u00e9 et de l'\u00c9ducation Routi\u00e8re\nBureau de la S\u00e9curit\u00e9 Routi\u00e8re\n Dijon, le 11 juillet 2025\nArr\u00eat\u00e9 N\u00b0 1025\nportant r\u00e9glementation permanente de la circulation au droit des chantiers courants \nex\u00e9cut\u00e9s ou contr\u00f4l\u00e9s par le Conseil D\u00e9partemental de la C\u00f4te-d'Or, ainsi qu'en situation \nd'urgence, sur l'autoroute A38.\nLe pr\u00e9fet de la C\u00f4te-d'Or\nVU le Code de la Route ;\nVU le Code de la Voirie Routi\u00e8re ;\nVU la loi n\u00b0 2022-217 du 21 f\u00e9vrier 2022 relative \u00e0 la diff\u00e9renciation, la d\u00e9centralisation, la  \nd\u00e9concentration et portant diverses mesures de simplification de l'action publique locale ;\nVU le d\u00e9cret en Conseil d'\u00c9tat du 6 f\u00e9vrier 1980 d\u00e9clarant d'utilit\u00e9 publique la construction \nde la rocade Est de Dijon et lui conf\u00e9rant le statut de route express ;\nVU le d\u00e9cret 2009- 615 du 3 juin 2009 modifi\u00e9, fixant la liste des routes class\u00e9es \u00e0 grande  \ncirculation ;\nVU le d\u00e9cret n\u00b0 2022-459 du 30 mars 2022 fixant la liste des voies non conc\u00e9d\u00e9es du  \ndomaine  public  routier  national  qui  peuvent  \u00eatre  transf\u00e9r\u00e9es  aux  d\u00e9partements  et \nm\u00e9tropoles ou mises \u00e0 disposition des r\u00e9gions dans les conditions pr\u00e9vues aux articles 38  \net 40 de la loi n\u00b0 2022-217 du 21 f\u00e9vrier 2022 ;\nVU le d\u00e9cret du 10 octobre 2024 nommant Paul MOURIER, pr\u00e9fet de la r\u00e9gion Bourgogne-\nFranche-Comt\u00e9, pr\u00e9fet de la C\u00f4te-d'Or ;\nVU  l'arr\u00eat\u00e9 interminist\u00e9riel du 24 novembre 1967 modifi\u00e9, relatif \u00e0 la signalisation des  \nroutes et autoroutes ;\nVU  l'arr\u00eat\u00e9 interminist\u00e9riel du 6 novembre 1992 modifi\u00e9, approuvant les dispositions de  \nl'instruction interminist\u00e9rielle sur la signalisation routi\u00e8re ;\nVU la circulaire 96-14 du 6 f\u00e9vrier 1996 de Monsieur le Ministre de l'\u00c9quipement, des  \nTransports et du Logement, relative \u00e0 l'exploitation sous chantiers ;\nDirection d\u00e9partementale des territoires de la C\u00f4te-d'Or\n57 rue de Mulhouse- BP 53317 - 21033 DIJON cedex\nt\u00e9l : 03 80 29 44 44 \u2013 Courriel : ddt@cote-dor.gouv.fr\nDirection d\u00e9partementale des territoires de la C\u00f4te-d'Or - 21-2025-07-11-00004 - AP 1025 20250711 RAA A38 ChantiersCourants 63\n2/5\nVU l'arr\u00eat\u00e9 pr\u00e9fectoral n\u00b0 426 du 8 novembre 2011 portant r\u00e9glementation de la circulation \nau  droit  des  chantiers  courants  ex\u00e9cut\u00e9s  ou  contr\u00f4l\u00e9s  par  la  Direction  \nInterd\u00e9partementale des routes Centre-Est, ainsi qu'en situation d'urgence, sur les routes  \nnationales  et  autoroutes  non  conc\u00e9d\u00e9es  du  d\u00e9partement  de  la  C\u00f4te-d'Or,  hors \nagglom\u00e9ration ;\nVU l'arr\u00eat\u00e9  pr\u00e9fectoral  n\u00b0  21-2023-05-02-00001  du  2  mai  2023  relatif  au  transfert  au \nd\u00e9partement de C\u00f4te-d'Or de sections de routes et autoroutes class\u00e9es dans le domaine  \npublic routier national ;\nVU  l'arr\u00eat\u00e9 pr\u00e9fectoral n\u00b0 21-2023-05-02-00002 du 2 mai 2023 relatif au transfert \u00e0 la  \nM\u00e9tropole de Dijon de sections de routes et autoroutes class\u00e9es dans le domaine public  \nroutier national ;\nVU  l'arr\u00eat\u00e9 pr\u00e9fectoral n\u00b0  443/SG du 17 mars 2025 donnant d\u00e9l\u00e9gation de signature \u00e0  \nMadame Aur\u00e9lie CONTRECIVILE, directrice de cabinet du pr\u00e9fet de la C\u00f4te-d'Or ;\nCONSID\u00c9RANT le transfert au Conseil D\u00e9partemental de sections de routes et autoroutes \nclass\u00e9es dans le domaine public routier national ;\nCONSID\u00c9RANT  le  caract\u00e8re  constant  et  r\u00e9p\u00e9titif  de  certains  chantiers  routiers  peu \nperturbants pour la circulation ;\nCONSID\u00c9RANT  certaines  situations  d'urgence  n\u00e9cessitant  de  prendre  sans  d\u00e9lai  des \nmesures de restriction de trafic dans l'attente de la prise d'un arr\u00eat\u00e9 particulier ;\nCONSID\u00c9RANT qu'il importe d'assurer la s\u00e9curit\u00e9 des usagers de la voie publique ainsi que \ncelle des personnels travaillant sur les chantiers, et de r\u00e9duire autant que possible les  \nentraves \u00e0 la circulation provoqu\u00e9es par les travaux ;\nSUR proposition de Madame la Directrice D\u00e9partementale des Territoires de la C\u00f4te-d'Or ;\nARR\u00caTE\nArticle 1 :\nL'arr\u00eat\u00e9 pr\u00e9fectoral n\u00b0 426 du 8 novembre 2011 portant r\u00e9glementation de la circulation au \ndroit des chantiers courants ex\u00e9cut\u00e9s ou contr\u00f4l\u00e9s par la Direction Interd\u00e9partementale  \ndes  routes  Centre-Est,  ainsi  qu'en  situation  d'urgence,  sur  les  routes  nationales  et \nautoroutes  non  conc\u00e9d\u00e9es  du  d\u00e9partement  de  la  C\u00f4te-d'Or,  hors  agglom\u00e9ration  est \nabrog\u00e9.\nArticle 2 :\nLe pr\u00e9sent arr\u00eat\u00e9 est applicable aux travaux ex\u00e9cut\u00e9s ou contr\u00f4l\u00e9s par les services du  \nConseil  D\u00e9partemental  de  la  C\u00f4te-d'Or  sur  l'autoroute  A38,  ainsi  qu'aux  situations \nd'urgence.\nDirection d\u00e9partementale des territoires de la C\u00f4te-d'Or\n57 rue de Mulhouse- BP 53317 - 21033 DIJON cedex\nt\u00e9l : 03 80 29 44 44 \u2013 Courriel : ddt@cote-dor.gouv.fr\nDirection d\u00e9partementale des territoires de la C\u00f4te-d'Or - 21-2025-07-11-00004 - AP 1025 20250711 RAA A38 ChantiersCourants 64\n3/5\nArticle 3 :\nLes restrictions pr\u00e9vues \u00e0 l'article 4 s'appliquent aux chantiers courants quelle que soit la  \nnature des travaux.\nSont consid\u00e9r\u00e9s comme courants, les chantiers :\n-  qui  n'entra\u00eenent  pas  de  r\u00e9duction  de  capacit\u00e9  pendant  les  jours  dits  \u00ab hors \nchantiers \u00bb  au  titre  de  la  circulaire  minist\u00e9rielle  annuelle  fixant  le  calendrier  de  ces \njourn\u00e9es,\n- qui n'entra\u00eenent pas d'alternat sup\u00e9rieur \u00e0 500 m\u00e8tres, ni de d\u00e9viation,\n- qui concernent des routes dont le d\u00e9bit par voie laiss\u00e9e libre \u00e0 la circulation ne  \ndoit pas d\u00e9passer :\n\u2022 sur les routes bidirectionnelles, 1000 v\u00e9hicules/heure, pour une voie  \u2265 3  \nm\u00e8tres, hors alternat,\n\u2022 sur  les  routes  \u00e0  chauss\u00e9es  s\u00e9par\u00e9es,  1200  v\u00e9hicules/heure  en  rase \ncampagne et 1500 v\u00e9hicules/heure en zone urbaine ou p\u00e9ri-urbaine, 1800  \nv\u00e9hicules/heure sur routes \u00e0 chauss\u00e9es s\u00e9par\u00e9es et \u00e9changes d\u00e9nivel\u00e9s.\n- qui sur les routes \u00e0 chauss\u00e9es s\u00e9par\u00e9es et les autoroutes, n'entra\u00eenent pas :\n\u2022 de zone de restriction de capacit\u00e9 de plus de 6 km,\n\u2022 de basculement partiel,\n\u2022 d'alternats sur la partie bidirectionnelle d'une bretelle de diffuseur d'une  \ndur\u00e9e sup\u00e9rieure \u00e0 2  jours, et concernant un trafic par sens sup\u00e9rieur \u00e0  \n200 v\u00e9hicules/heure.\nDe plus, ils ne doivent pas occasionner de remont\u00e9e de file sur la bretelle  \nde d\u00e9c\u00e9l\u00e9ration,\n\u2022 de r\u00e9duction de largeur des voies laiss\u00e9es libres \u00e0 la circulation,\n\u2022 d'interdistance entre deux chantiers cons\u00e9cutifs inf\u00e9rieure \u00e0 :\n- 5 km si l'un des deux chantiers ne neutralise pas de voie de circulation,\n- 10 km,  si  l'un  des  deux  chantiers  ne  laisse  libre  qu'une  voie  de \ncirculation,\n- 20 km, si les deux chantiers ne laissent libre qu'une voie de circulation  \nou si l'un des deux chantiers entra\u00eene un basculement de trafic,\n- 30 km si les deux chantiers entra\u00eenent un basculement de trafic (quelle  \nque soit la chauss\u00e9e concern\u00e9e).\nArticle 4 :\nLes restrictions suivantes \u00e0 la circulation peuvent \u00eatre impos\u00e9es au droit des chantiers  \ncourants :\n- Sur routes bidirectionnelles     :  \n- limitation de vitesse \u00e0 70 km/h, 50 km/h, 30 km/h,\n- alternat r\u00e9gl\u00e9 au moyen de piquets K10, de feux tricolores mobiles, sur une  \nlongueur maximale de 500 m\u00e8tres\n- neutralisation de la voie lat\u00e9rale sur les sections de route \u00e0 trois voies, sur  \nune longueur maximale de 500 m\u00e8tres\n- Sur routes \u00e0 chauss\u00e9es s\u00e9par\u00e9es (y compris autoroutes)     :  \n- limitation de vitesse \u00e0 110 km/h, 90 km/h, 70 km/h ou 50 km/h,\n- interdiction de d\u00e9passer,\nDirection d\u00e9partementale des territoires de la C\u00f4te-d'Or\n57 rue de Mulhouse- BP 53317 - 21033 DIJON cedex\nt\u00e9l : 03 80 29 44 44 \u2013 Courriel : ddt@cote-dor.gouv.fr\nDirection d\u00e9partementale des territoires de la C\u00f4te-d'Or - 21-2025-07-11-00004 - AP 1025 20250711 RAA A38 ChantiersCourants 65\n4/5\n- interdiction de stationner sur les bandes d'arr\u00eat d'urgence ou accotement,\n- r\u00e9duction \u00e0 une voie par sens de circulation, sur une longueur maximale de  \n6500 m\u00e8tres en section courante ou sur l'ensemble d'un cr\u00e9neau de d\u00e9passement,\n-  neutralisation  d'une  voie  de  circulation  sur  une  longueur  maximale  de \n6,5 km et dans la limite de l'intervalle compris entre 2 \u00e9changeurs.\nLes restrictions seront appliqu\u00e9es individuellement ou dans leur totalit\u00e9 suivant le type de  \nchantier consid\u00e9r\u00e9, en conformit\u00e9 avec les sch\u00e9mas du guide technique de signalisation  \ntemporaire (manuel du chef de chantier) r\u00e9alis\u00e9 par le Service d'\u00c9tudes sur les Transports,  \nles Routes et leurs Am\u00e9nagements.\nToute autre restriction doit faire l'objet d'un arr\u00eat\u00e9 pr\u00e9fectoral particulier r\u00e9glementaire.\nArticle 5 :\nCertaines  phases  pr\u00e9paratoires  ou  de  mise  en  place  de  la  signalisation  du  chantier \npourront n\u00e9cessiter  des  r\u00e9ductions  momentan\u00e9es  de  chauss\u00e9e  ou  des  interruptions  \ncourtes  de circulation.\nArticle 6 :\nPendant les p\u00e9riodes d'inactivit\u00e9 des chantiers ainsi que de nuit et les jours non ouvrables,  \nles signaux en place seront d\u00e9pos\u00e9s d\u00e8s que les motifs ayant conduit \u00e0 les implanter  \nauront disparu.\nArticle 7 :\nLa  signalisation  des  chantiers  doit  \u00eatre  conforme  aux  dispositions  de  l'instruction \ninterminist\u00e9rielle  sur  la  signalisation  routi\u00e8re  (livre  I  \u2013  huiti\u00e8me  partie  \u2013  signalisation \ntemporaire) approuv\u00e9 par arr\u00eat\u00e9 interminist\u00e9riel du 6 novembre 1992.\nArticle 8 :\nEn  situation  d'urgence  (accidents,  dangers  temporaires  inopin\u00e9s\u2026),  des  restrictions \nsp\u00e9cifiques  peuvent  \u00eatre  impos\u00e9es  jusqu'\u00e0  r\u00e9gularisation  ult\u00e9rieure  par  un  arr\u00eat\u00e9 \nparticulier.\nArticle 9 :\nEntrent \u00e9galement dans le champ d'application du pr\u00e9sent arr\u00eat\u00e9 les chantiers courants  \nr\u00e9alis\u00e9s par des occupants du domaine public (concessionnaires de r\u00e9seaux ou entreprises  \nintervenant  pour  le  compte  des  concessionnaires,  etc.\u2026).  Ils  doivent  faire  l'objet, \nnonobstant  toutes  les  autres  proc\u00e9dures  r\u00e9glementaires  (permission  de  voirie,  accord \npr\u00e9alable, etc.\u2026), d'une demande \u00e9crite au Conseil D\u00e9partemental, qui a autorit\u00e9 pour  \nautoriser ou non la tenue du chantier, au moins 10  jours calendaires avant l'ouverture du  \nchantier.\nLes  Services  Techniques  du  Conseil  D\u00e9partemental  porteront  \u00e0  la  connaissance  des \nentreprises intervenant sur son r\u00e9seau toutes les dispositions d'exploitation et les mesures  \nde s\u00e9curit\u00e9 \u00e0 respecter.\nDirection d\u00e9partementale des territoires de la C\u00f4te-d'Or\n57 rue de Mulhouse- BP 53317 - 21033 DIJON cedex\nt\u00e9l : 03 80 29 44 44 \u2013 Courriel : ddt@cote-dor.gouv.fr\nDirection d\u00e9partementale des territoires de la C\u00f4te-d'Or - 21-2025-07-11-00004 - AP 1025 20250711 RAA A38 ChantiersCourants 66\n5/5\nLes coordonn\u00e9es du responsable de la pose, maintenance et d\u00e9pose de la signalisation  \ntemporaire seront communiqu\u00e9es (nom, num\u00e9ro de t\u00e9l\u00e9phone) aux Services Techniques  \ndu Conseil D\u00e9partemental .\nArticle 10 :\nLe pr\u00e9sent arr\u00eat\u00e9 peut faire l'objet d'un recours gracieux aupr\u00e8s du pr\u00e9fet et/ou d'un  \nrecours contentieux devant le tribunal administratif dans un d\u00e9lai de 2 mois \u00e0 compter de  \nsa notification.\nLe tribunal administratif peut \u00eatre saisi par un recours d\u00e9pos\u00e9 via l'application T\u00e9l\u00e9recours  \ncitoyens accessible par le site internet www.telerecours.fr \u00bb.\nArticle 11 :\n- La Directrice de Cabinet du pr\u00e9fet de la C\u00f4te-d'Or,\n- Le Pr\u00e9sident du Conseil D\u00e9partemental de la C\u00f4te-d'Or,\n- Le Directeur Interd\u00e9partemental de la Police Nationale,\n- Le Commandant de la R\u00e9gion de Gendarmerie de Bourgogne-Franche-Comt\u00e9,  \ncommandant du groupement de gendarmerie d\u00e9partementale de la C\u00f4te-d'Or,\nsont charg\u00e9s, chacun en ce qui le concerne, de l'ex\u00e9cution du pr\u00e9sent arr\u00eat\u00e9.\nLe pr\u00e9sent arr\u00eat\u00e9 sera publi\u00e9 au recueil des actes administratifs de la Pr\u00e9fecture de la C\u00f4te-\nd'Or.\nUne copie du pr\u00e9sent arr\u00eat\u00e9 sera adress\u00e9e pour information :\n- au SAMU,\n- au Service D\u00e9partemental d'Incendie et de Secours de la C\u00f4te-d'Or,\n- au Directeur G\u00e9n\u00e9ral des Infrastructures des Transports et de la Mer des MATTE.\nFait \u00e0 Dijon, le 11 juillet 2025\nLe pr\u00e9fet,\nPour le pr\u00e9fet et par d\u00e9l\u00e9gation ,\nLa directrice de cabinet,\nSIGN\u00c9\nAur\u00e9lie CONTRECIVILE\nDirection d\u00e9partementale des territoires de la C\u00f4te-d'Or\n57 rue de Mulhouse- BP 53317 - 21033 DIJON cedex\nt\u00e9l : 03 80 29 44 44 \u2013 Courriel : ddt@cote-dor.gouv.fr\nDirection d\u00e9partementale des territoires de la C\u00f4te-d'Or - 21-2025-07-11-00004 - AP 1025 20250711 RAA A38 ChantiersCourants 67\nDirection d\u00e9partementale des territoires de la\nC\u00f4te-d'Or\nService S\u00e9curit\u00e9 et Education Routi\u00e8re\n21-2025-07-15-00001\nArr\u00eat\u00e9 N\u00b0 1033 autorisant une manifestation\nnautique d\u00e9nomm\u00e9e \u00ab\u00a0Coupe de France eau\nlibre de Dijon\u00a0\u00bb qui se d\u00e9roulera le samedi 6\nseptembre 2025 de 09h00 \u00e0 17h00 et fixant des\nmesures temporaires de police de la navigation\nsur la base nautique d'Arc- sur -Tille (21)\nDirection d\u00e9partementale des territoires de la C\u00f4te-d'Or - 21-2025-07-15-00001 - Arr\u00eat\u00e9 N\u00b0 1033 autorisant une manifestation\nnautique d\u00e9nomm\u00e9e \u00ab\u00a0Coupe de France eau libre de Dijon\u00a0\u00bb qui se d\u00e9roulera le samedi 6 septembre 2025 de 09h00 \u00e0 17h00 et fixant\ndes mesures temporaires de police de la navigation sur la base nautique d'Arc- sur -Tille (21)\n68\nExPREFETDE LACOTE-D'ORL,z'berte'Egalit\u00e9Fraternit\u00e9\nDirection d\u00e9partementale des territoires\nde la C\u00f4te-d'Or\nService s\u00e9curit\u00e9 et \u00e9ducation routi\u00e8re\nBureau s\u00e9curit\u00e9 routi\u00e8re\nT\u00e9l. : 03 80 29 44 89\nM\u00e9l : ddt-manifestations-sportives@cote-dor.gouv.fr\nDijon, le 15 juillet 2025 \nArr\u00eat\u00e9 N\u00b0 1033 \nautorisant une manifestation nautique d\u00e9nomm\u00e9e \u00ab Coupe de France eau libre de Dijon \u00bb\nqui se d\u00e9roulera le samedi 6 septembre 2025 de 09h00 \u00e0 17h00 et fixant des mesures\ntemporaires de police de la navigation sur la base nautique\nd'Arc- sur -Tille (21)\nLe pr\u00e9fet de la C\u00f4te-d'Or\nVU le Code des Transports ;\nVU le Code du Sport ;\nVU le  d\u00e9cret  n\u00b0  2012-1556  du  28  d\u00e9cembre  2012  d\u00e9terminant  la  liste  des  mesures\ntemporaires d'interruption ou de modification des conditions de navigation pouvant \u00eatre\nprises par le gestionnaire de la voie d'eau ;\nVU l'arr\u00eat\u00e9 minist\u00e9riel du 28 juin 2013 portant r\u00e8glement g\u00e9n\u00e9ral de police de la navigation\nint\u00e9rieure (RGP) ;\nVU la circulaire du 24 janvier 2013 relative aux actes et mesures de police de la navigation\nint\u00e9rieure ;\nVU l'arr\u00eat\u00e9 Pr\u00e9fectoral N\u00b0 564 du 9 mai 2022 portant r\u00e8glement particulier de police pour\nl'exercice de la navigation de plaisance et des activit\u00e9s sportives et touristiques diverses\nsur le plan d'eau de la base nautique d'ARC-SUR-TILLE dans le d\u00e9partement de la C\u00f4te-\nd'Or ;\nVU  l'arr\u00eat\u00e9 pr\u00e9fectoral n\u00b0 443/SG du 17 mars 2025 donnant d\u00e9l\u00e9gation de signature \u00e0\nMadame Aur\u00e9lie CONTRECIVILE, sous-pr\u00e9f\u00e8te, directrice de cabinet du pr\u00e9fet ;\nDirection d\u00e9partementale des territoires de la C\u00f4te-d'Or\n57 rue de Mulhouse- BP 53317 - 21033 DIJON cedex\nt\u00e9l : 03 80 29 44 44 \u2013 Courriel : ddt@cote-dor.gouv.fr\nDirection d\u00e9partementale des territoires de la C\u00f4te-d'Or - 21-2025-07-15-00001 - Arr\u00eat\u00e9 N\u00b0 1033 autorisant une manifestation\nnautique d\u00e9nomm\u00e9e \u00ab\u00a0Coupe de France eau libre de Dijon\u00a0\u00bb qui se d\u00e9roulera le samedi 6 septembre 2025 de 09h00 \u00e0 17h00 et fixant\ndes mesures temporaires de police de la navigation sur la base nautique d'Arc- sur -Tille (21)\n69\nVU le dossier de demande d'autorisation de la manifestation \u00ab  coupe de France eau libre\nde Dijon \u00bb en date du 21 mai 2025 d'Alliance Dijon Natation -  All\u00e9e de Ribeauvill\u00e9 \u2013 21000\nDijon ; \nVU l'attestation  d'assurance  d\u00e9livr\u00e9e  le  12  juillet  2025  par  la  MAIF,  garantissant  la\nresponsabilit\u00e9 civile du titulaire du contrat ;\nVU l'avis favorable du maire d'Arc-sur-Tille en date du 2 juin 2025 ;\nVU l'avis favorable du pr\u00e9sident de la Communaut\u00e9 de Communes de Norge et Tille en\ndate du 23 mai 2025 ;\nCONSID\u00c9RANT que  le  pr\u00e9fet  de  d\u00e9partement  exerce  les  comp\u00e9tences  qui  lui  sont\nd\u00e9volues en mati\u00e8re de police de la navigation int\u00e9rieure ;\nSUR proposition de la directrice d\u00e9partementale des territoires de la C\u00f4te-d'Or ;\nARR\u00caTE\nArticle 1     :   \nL'association Alliance Dijon nautique est autoris\u00e9e \u00e0 organiser la coupe de France eau libre\nde Dijon sur la base nautique d'Arc-sur-Tille (21) le samedi 6 septembre 2025 de 09h00 \u00e0\n17h00 conform\u00e9ment aux prescriptions ci-dessous et au plan annex\u00e9.\nArticle 2 : \n- Les activit\u00e9s de ski nautique sont interdites le samedi 6 septembre 2025. \n- Les activit\u00e9s de natation devront \u00eatre conformes au RTS de la F\u00e9d\u00e9ration Fran\u00e7aise de\nNatation. \n- Sont autoris\u00e9s les bateaux et engins flottants n\u00e9cessaires pour assurer la s\u00e9curit\u00e9 des\ncomp\u00e9titeurs.\nArticle 3 : \nL'organisateur doit disposer, soit par lui-m\u00eame ou par sa f\u00e9d\u00e9ration d'affiliation, soit par\nvoie de convention avec les organismes comp\u00e9tents, de tous les moyens permettant de\nfaire face \u00e0 un accident ou incident sur l'eau, tant en ce qui concerne les dommages aux\npersonnes que les risques d'incendie et de pollution des eaux.\nArticle 4   :   \nAvant la manifestation, l'organisateur doit interroger M\u00e9t\u00e9o France (soit par le r\u00e9pondeur\nt\u00e9l\u00e9phonique au 08.99.71.02.21, soit par internet : http://france.meteofrance.com/) afin de\nDirection d\u00e9partementale des territoires de la C\u00f4te-d'Or\n57 rue de Mulhouse- BP 53317 - 21033 DIJON cedex\nt\u00e9l : 03 80 29 44 44 \u2013 Courriel : ddt@cote-dor.gouv.fr\nDirection d\u00e9partementale des territoires de la C\u00f4te-d'Or - 21-2025-07-15-00001 - Arr\u00eat\u00e9 N\u00b0 1033 autorisant une manifestation\nnautique d\u00e9nomm\u00e9e \u00ab\u00a0Coupe de France eau libre de Dijon\u00a0\u00bb qui se d\u00e9roulera le samedi 6 septembre 2025 de 09h00 \u00e0 17h00 et fixant\ndes mesures temporaires de police de la navigation sur la base nautique d'Arc- sur -Tille (21)\n70\nconna\u00eetre la couleur de la carte de vigilance m\u00e9t\u00e9o et prendre toute mesure adapt\u00e9e.\nDans l'hypoth\u00e8se d'une carte orange ou rouge, il lui appartient de prendre les dispositions\nqui s'imposent, voire d'annuler la manifestation.\nArticle   5     :   \nLe  pr\u00e9sent  arr\u00eat\u00e9  peut  faire  l'objet  d'un  recours  contentieux  devant  le  tribunal\nadministratif de Dijon dans un d\u00e9lai de deux mois \u00e0 compter de sa publication. Un recours\npeut  \u00eatre  d\u00e9pos\u00e9  via  l'application  T\u00e9l\u00e9recours  citoyens  accessible  par  le  site  internet\nwww.telerecours.fr  .  \nArticle 6 : \nLa directrice de cabinet, la directrice d\u00e9partementale des territoires de la C\u00f4te-d'Or, le\ncommandant  de  la  r\u00e9gion  de  gendarmerie  de  Bourgogne-Franche-Comt\u00e9  et  du\ngroupement  de  gendarmerie  de  la  C\u00f4te-d'Or,  le  pr\u00e9sident  de  la  communaut\u00e9  de\ncommunes Norge et Tille, le maire de la commune d'Arc-sur-Tille et l'organisateur sont\ncharg\u00e9s, chacun en ce qui le concerne, de l'ex\u00e9cution du pr\u00e9sent arr\u00eat\u00e9 qui sera publi\u00e9 au\nRecueil  des  Actes  Administratifs  de  la  Pr\u00e9fecture  de  la  C\u00f4te-d'Or  et  dont  copie  sera\nadress\u00e9e au p\u00e9titionnaire.\nFait \u00e0 Dijon, le 15 juillet 2025\n                            Le pr\u00e9fet,\nPour le pr\u00e9fet et par d\u00e9l\u00e9gation,\nLa directrice de cabinet,\nSIGN\u00c9\nAur\u00e9lie CONTRECIVILE\nDirection d\u00e9partementale des territoires de la C\u00f4te-d'Or\n57 rue de Mulhouse- BP 53317 - 21033 DIJON cedex\nt\u00e9l : 03 80 29 44 44 \u2013 Courriel : ddt@cote-dor.gouv.fr\nDirection d\u00e9partementale des territoires de la C\u00f4te-d'Or - 21-2025-07-15-00001 - Arr\u00eat\u00e9 N\u00b0 1033 autorisant une manifestation\nnautique d\u00e9nomm\u00e9e \u00ab\u00a0Coupe de France eau libre de Dijon\u00a0\u00bb qui se d\u00e9roulera le samedi 6 septembre 2025 de 09h00 \u00e0 17h00 et fixant\ndes mesures temporaires de police de la navigation sur la base nautique d'Arc- sur -Tille (21)\n71\nPlan d'eau\nTente Partenaire\n1 tour2 tours4 tours===EZE\nVu pour \u00eatre annex\u00e9e l'arr\u00eat\u00e9pr\u00e9fectoral en date du : 5 <ret 2025Le pr\u00e9fet,Pour le pr\u00e9fet et par d\u00e9l\u00e9gation,La directrice de cabinet,SIGN\u00c9Aur\u00e9lie CONTRECIVILE\nDirection d\u00e9partementale des territoires de la C\u00f4te-d'Or\n57 rue de Mulhouse- BP 53317 - 21033 DIJON cedex\nt\u00e9l : 03 80 29 44 44 \u2013 Courriel : ddt@cote-dor.gouv.fr\nDirection d\u00e9partementale des territoires de la C\u00f4te-d'Or - 21-2025-07-15-00001 - Arr\u00eat\u00e9 N\u00b0 1033 autorisant une manifestation\nnautique d\u00e9nomm\u00e9e \u00ab\u00a0Coupe de France eau libre de Dijon\u00a0\u00bb qui se d\u00e9roulera le samedi 6 septembre 2025 de 09h00 \u00e0 17h00 et fixant\ndes mesures temporaires de police de la navigation sur la base nautique d'Arc- sur -Tille (21)\n72\nDirection d\u00e9partementale des territoires de la C\u00f4te-d'Or\n57 rue de Mulhouse- BP 53317 - 21033 DIJON cedex\nt\u00e9l : 03 80 29 44 44 \u2013 Courriel : ddt@cote-dor.gouv.fr\nDirection d\u00e9partementale des territoires de la C\u00f4te-d'Or - 21-2025-07-15-00001 - Arr\u00eat\u00e9 N\u00b0 1033 autorisant une manifestation\nnautique d\u00e9nomm\u00e9e \u00ab\u00a0Coupe de France eau libre de Dijon\u00a0\u00bb qui se d\u00e9roulera le samedi 6 septembre 2025 de 09h00 \u00e0 17h00 et fixant\ndes mesures temporaires de police de la navigation sur la base nautique d'Arc- sur -Tille (21)\n73\nDirection d\u00e9partementale des territoires de la\nC\u00f4te-d'Or\nService S\u00e9curit\u00e9 et Education Routi\u00e8re\n21-2025-07-15-00002\nArr\u00eat\u00e9 N\u00b0 1034 autorisant une manifestation\nnautique d\u00e9nomm\u00e9e \u00abCompany Cup - Courses\nDragon Boat - Courses Stand-Up Paddle XL\u00bb \nqui se d\u00e9roulera le samedi 6 septembre 2025 sur\nla base nautique du lac Kir.\nDirection d\u00e9partementale des territoires de la C\u00f4te-d'Or - 21-2025-07-15-00002 - Arr\u00eat\u00e9 N\u00b0 1034 autorisant une manifestation\nnautique d\u00e9nomm\u00e9e \u00abCompany Cup - Courses Dragon Boat - Courses Stand-Up Paddle XL\u00bb \nqui se d\u00e9roulera le samedi 6 septembre 2025 sur la base nautique du lac Kir.\n74\nExPREFETDE LACOTE-D'ORL,z'berte'Egalit\u00e9Fraternit\u00e9\nDirection d\u00e9partementale des territoires\nde la C\u00f4te-d'Or\nService de la s\u00e9curit\u00e9 et de l'\u00e9ducation routi\u00e8re\nBureau de la s\u00e9curit\u00e9 routi\u00e8re \nT\u00e9l : 03.80.29.44.89\nm\u00e9l : ddt-manifestations-sportives@cote-dor.gouv.fr \nDijon, le 15 juillet 2025 \nArr\u00eat\u00e9 N\u00b0 1034\nautorisant une manifestation nautique d\u00e9nomm\u00e9e\n \u00abCompany Cup - Courses Dragon Boat \u2013 Courses Stand-Up Paddle XL\u00bb \nqui se d\u00e9roulera le samedi 6 septembre 2025 sur la base nautique du lac Kir.\nPr\u00e9fet de la C\u00f4te-d'Or\nVU le Code des Transports ;\nVU le Code du Sport ;\nVU le  d\u00e9cret  n\u00b0  2012-1556  du  28  d\u00e9cembre  2012  d\u00e9terminant  la  liste  des  mesures\ntemporaires d'interruption ou de modification des conditions de la navigation pouvant\n\u00eatre prises par le gestionnaire de la voie d'eau ;\nVU l'arr\u00eat\u00e9 minist\u00e9riel du 28 juin 2013 portant r\u00e8glement g\u00e9n\u00e9ral de police de la navigation\nint\u00e9rieure (RGP) ;\nVU la circulaire du 24 janvier 2013 relative aux actes et mesures de police de la navigation\nint\u00e9rieure ;\nVU l'arr\u00eat\u00e9 pr\u00e9fectoral N\u00b0 996 du 17 ao\u00fbt 2022 portant r\u00e8glement particulier de police\npour l'exercice de la navigation de plaisance et des activit\u00e9s sportives et touristiques\ndiverses sur le lac Kir dans le d\u00e9partement de la C\u00f4te-d'Or ;\nVU  l'arr\u00eat\u00e9 pr\u00e9fectoral n\u00b0 443/SG du 17 mars 2025 donnant d\u00e9l\u00e9gation de signature \u00e0\nMadame Aur\u00e9lie CONTRECIVILE, sous-pr\u00e9f\u00e8te, directrice de cabinet du pr\u00e9fet de la r\u00e9gion\nBourgogne-Franche-Comt\u00e9, pr\u00e9fet de la C\u00f4te-d'Or ;\nDirection d\u00e9partementale des territoires de la C\u00f4te-d'Or\n57 rue de Mulhouse- BP 53317 - 21033 DIJON cedex\nt\u00e9l : 03 80 29 44 44 \u2013 Courriel : ddt@cote-dor.gouv.fr\nDirection d\u00e9partementale des territoires de la C\u00f4te-d'Or - 21-2025-07-15-00002 - Arr\u00eat\u00e9 N\u00b0 1034 autorisant une manifestation\nnautique d\u00e9nomm\u00e9e \u00abCompany Cup - Courses Dragon Boat - Courses Stand-Up Paddle XL\u00bb \nqui se d\u00e9roulera le samedi 6 septembre 2025 sur la base nautique du lac Kir.\n75\nVU  la demande en date du 6 mars 2025 transmise par EBRA EVENTS SASU, sollicitant\nl'autorisation  d'organiser  le  samedi  6  septembre  2025  une  manifestation  nautique\nd\u00e9nomm\u00e9e \u00abCompany Cup -  Courses Dragon Boat \u2013 Courses Stand-Up Paddle XL \u00bb sur la\nbase nautique du lac Kir ;\nVU  l'attestation  d'assurance  d\u00e9livr\u00e9e  par  ACM  Cortage  SAS  contrat  n\u00b0  Z086619720\nsouscrit garantissant la responsabilit\u00e9 civile entreprise ;\nVU l'avis favorable du maire de Dijon M\u00e9tropole en date du 21 mars 2025 ;\nVU l'avis favorable de la Direction Interd\u00e9partementale de la Police Nationale  en date du\n14 mars 2025 ;\nCONSID\u00c9RANT que  le  pr\u00e9fet  de  d\u00e9partement  exerce  les  comp\u00e9tences  qui  lui  sont\nd\u00e9volues en mati\u00e8re de police de la navigation int\u00e9rieure ;\nSUR proposition de Madame la directrice d\u00e9partementale des territoires de la C\u00f4te-d'Or ;\nARR\u00caTE\nArticle 1     : Objet de l'autorisation  \nMonsieur Tom MAURICE, chef de projet de la SASU EBRA EVENTS, est autoris\u00e9 \u00e0 organiser\nla manifestation nautique d\u00e9nomm\u00e9e \u00abCompany Cup \u2013 Courses Dragon Boat \u2013 Courses\nStand-Up Paddle XL\u00bb sur la base nautique du  lac  kir (21), commune de Dijon (21), le\nsamedi  6  septembre  2025  de  8h00  \u00e0  18h00,  conform\u00e9ment  au  plan  annex\u00e9  et  aux\nprescriptions ci-dessous.\nArticle 2 : Mesures temporaires\nSamedi 6 septembre 2025, de 8h00 \u00e0 18h00, la navigation de la voile, \u00e0 rame et \u00e0 pagaie,\nautoris\u00e9e sur le lac Kir par l'arr\u00eat\u00e9 pr\u00e9fectoral n\u00b0 996 du 17 ao\u00fbt 2022 portant r\u00e8glement\nparticulier de police, est temporairement interdite.\nArticle 3   : Vigilances  \nAvant  la  manifestation,  les  organisateurs  devront  interroger  M\u00e9t\u00e9o  France  (soit  par\ninternet :  http://france.meteofrance.com/  soit  par  le  r\u00e9pondeur  t\u00e9l\u00e9phonique  au\n05.67 .22.95.00) afin de conna\u00eetre la couleur de la carte de vigilance m\u00e9t\u00e9o et prendre toute\nmesure adapt\u00e9e. Dans l'hypoth\u00e8se d'une carte orange ou rouge, il leur appartiendra de\nprendre les dispositions qui s'imposent, voire d'annuler la manifestation.\nArticle 4     :   Recours  \nLe  pr\u00e9sent  arr\u00eat\u00e9  peut  faire  l'objet  d'un  recours  contentieux  devant  le  tribunal\nadministratif de Dijon dans un d\u00e9lai de deux mois \u00e0 compter de sa publication. Un recours\npeut  \u00eatre  d\u00e9pos\u00e9  via  l'application  T\u00e9l\u00e9recours  citoyens  accessible  par  le  site  internet\nwww.telerecours.fr  .  \nDirection d\u00e9partementale des territoires de la C\u00f4te-d'Or\n57 rue de Mulhouse- BP 53317 - 21033 DIJON cedex\ncote-dor.gouv.fr\nDirection d\u00e9partementale des territoires de la C\u00f4te-d'Or - 21-2025-07-15-00002 - Arr\u00eat\u00e9 N\u00b0 1034 autorisant une manifestation\nnautique d\u00e9nomm\u00e9e \u00abCompany Cup - Courses Dragon Boat - Courses Stand-Up Paddle XL\u00bb \nqui se d\u00e9roulera le samedi 6 septembre 2025 sur la base nautique du lac Kir.\n76\nArticle 5 : Ex\u00e9cution et publicit\u00e9\nLa  directrice de cabinet, la  directrice d\u00e9partementale des territoires de la C\u00f4te-d'Or,  le\ndirecteur  de  la  Direction  Interd\u00e9partementale  de  la  Police  Nationale, le  maire  de  Dijon\nM\u00e9tropole sont charg\u00e9s, chacun en ce qui le concerne, de l'ex\u00e9cution du pr\u00e9sent arr\u00eat\u00e9\nqui sera publi\u00e9 au Recueil des Actes Administratifs de la Pr\u00e9fecture de la C\u00f4te-d'Or et\ndont une copie sera adress\u00e9e \u00e0 l'organisateur.\nFait \u00e0 Dijon, le 15 juillet 2025\n                             Le pr\u00e9fet,\nPour le pr\u00e9fet et par d\u00e9l\u00e9gation,\nLa directrice de cabinet,\nSIGN\u00c9\nAur\u00e9lie CONTRECIVILE\nDirection d\u00e9partementale des territoires de la C\u00f4te-d'Or\n57 rue de Mulhouse- BP 53317 - 21033 DIJON cedex\ncote-dor.gouv.fr\nDirection d\u00e9partementale des territoires de la C\u00f4te-d'Or - 21-2025-07-15-00002 - Arr\u00eat\u00e9 N\u00b0 1034 autorisant une manifestation\nnautique d\u00e9nomm\u00e9e \u00abCompany Cup - Courses Dragon Boat - Courses Stand-Up Paddle XL\u00bb \nqui se d\u00e9roulera le samedi 6 septembre 2025 sur la base nautique du lac Kir.\n77\nFTAIOZHLNOO\u00aelginy3NOIS'Jouiqe\"ap00110211pe'uonebajapJed1919J91d9]INOd.Jojoud97GZOZTO|IIn(GL:npojepue[e10}08}9.daJoue,|ooxauve8119INOdNA\nDirection d\u00e9partementale des territoires de la C\u00f4te-d'Or\n57 rue de Mulhouse- BP 53317 - 21033 DIJON cedex\ncote-dor.gouv.fr\nDirection d\u00e9partementale des territoires de la C\u00f4te-d'Or - 21-2025-07-15-00002 - Arr\u00eat\u00e9 N\u00b0 1034 autorisant une manifestation\nnautique d\u00e9nomm\u00e9e \u00abCompany Cup - Courses Dragon Boat - Courses Stand-Up Paddle XL\u00bb \nqui se d\u00e9roulera le samedi 6 septembre 2025 sur la base nautique du lac Kir.\n78\nFTIAIOZHLNOO3lfRiny3NOIS'Jouigeoapo01}0a1lpB'uonebajapJed18]9a1d9]INOdJoyoud81aJouJe|99xauueaujeJnodn\nNOCIG31C0VddN-ANV1SNANYld\nDirection d\u00e9partementale des territoires de la C\u00f4te-d'Or\n57 rue de Mulhouse- BP 53317 - 21033 DIJON cedex\ncote-dor.gouv.fr\nDirection d\u00e9partementale des territoires de la C\u00f4te-d'Or - 21-2025-07-15-00002 - Arr\u00eat\u00e9 N\u00b0 1034 autorisant une manifestation\nnautique d\u00e9nomm\u00e9e \u00abCompany Cup - Courses Dragon Boat - Courses Stand-Up Paddle XL\u00bb \nqui se d\u00e9roulera le samedi 6 septembre 2025 sur la base nautique du lac Kir.\n79\nDirection d\u00e9partementale des territoires de la C\u00f4te-d'Or\n57 rue de Mulhouse- BP 53317 - 21033 DIJON cedex\ncote-dor.gouv.fr\nDirection d\u00e9partementale des territoires de la C\u00f4te-d'Or - 21-2025-07-15-00002 - Arr\u00eat\u00e9 N\u00b0 1034 autorisant une manifestation\nnautique d\u00e9nomm\u00e9e \u00abCompany Cup - Courses Dragon Boat - Courses Stand-Up Paddle XL\u00bb \nqui se d\u00e9roulera le samedi 6 septembre 2025 sur la base nautique du lac Kir.\n80\nDirection d\u00e9partementale des territoires de la\nC\u00f4te-d'Or\nService S\u00e9curit\u00e9 et Education Routi\u00e8re\n21-2025-07-17-00001\nArr\u00eat\u00e9 N\u00b0 1040 autorisant une manifestation\nd\u00e9nomm\u00e9e \u00abTriathlon Sprint de Seurre 2025\u00bb\nlors des \u00e9preuves de natation le dimanche 21\nseptembre 2025 et fixant des mesures\ntemporaires de police de la navigation int\u00e9rieure\nsur la Sa\u00f4ne du PK 187,300 au PK 188,100 (boucle\nde Citeaux) rive droite.\nDirection d\u00e9partementale des territoires de la C\u00f4te-d'Or - 21-2025-07-17-00001 - Arr\u00eat\u00e9 N\u00b0 1040 autorisant une manifestation\nd\u00e9nomm\u00e9e \u00abTriathlon Sprint de Seurre 2025\u00bb lors des \u00e9preuves de natation le dimanche 21 septembre 2025 et fixant des mesures\ntemporaires de police de la navigation int\u00e9rieure sur la Sa\u00f4ne du PK 187,300 au PK 188,100 (boucle de Citeaux) rive droite.\n81\nExPREFETDE LACOTE-D'ORL,z'berte'Egalit\u00e9Fraternit\u00e9\nDirection d\u00e9partementale des territoires\nde la C\u00f4te-d'Or\nService s\u00e9curit\u00e9 et \u00e9ducation routi\u00e8re\nBureau s\u00e9curit\u00e9 routi\u00e8re\nT\u00e9l. : 03 80 29 44 89\nM\u00e9l : ddt-manifestations-sportives@cote-dor.gouv.fr\nDijon, le 17 juillet 2025 \nArr\u00eat\u00e9 N\u00b0 1040 \nautorisant une manifestation d\u00e9nomm\u00e9e \u00abTriathlon Sprint de Seurre 2025\u00bb lors des\n\u00e9preuves de natation le dimanche 21 septembre 2025 et fixant des mesures temporaires\nde police de la navigation int\u00e9rieure sur la Sa\u00f4ne du PK 187 ,300 au PK 188,100 \n(boucle de Citeaux) rive droite.\nLe pr\u00e9fet de la C\u00f4te-d'Or\nVU le Code des Transports ;\nVU le Code du Sport ;\nVU le  d\u00e9cret  n\u00b0  2012-1556  du  28  d\u00e9cembre  2012  d\u00e9terminant  la  liste  des  mesures\ntemporaires d'interruption ou de modification des conditions de navigation pouvant \u00eatre\nprises par le gestionnaire de la voie d'eau ;\nVU l'arr\u00eat\u00e9 minist\u00e9riel du 28 juin 2013 portant r\u00e8glement g\u00e9n\u00e9ral de police de la navigation\nint\u00e9rieure (RGP)  ;\nVU la circulaire du 24 janvier 2013 relative aux actes et mesures de police de la navigation\nint\u00e9rieure ;\nVU l'arr\u00eat\u00e9 inter-pr\u00e9fectoral du 7 f\u00e9vrier 2017 portant r\u00e8glement particulier de police de la\nnavigation sur l'itin\u00e9raire de Rh\u00f4ne-Sa\u00f4ne \u00e0 grand gabarit ;\nVU  l'arr\u00eat\u00e9 pr\u00e9fectoral n\u00b0 443/SG du 17 mars 2025 donnant d\u00e9l\u00e9gation de signature \u00e0\nMadame Aur\u00e9lie CONTRECIVILE, sous-pr\u00e9f\u00e8te, directrice de cabinet du pr\u00e9fet ;\nVU  la demande en date du 13 juin 2025 transmise par M. Vincent RUDE pr\u00e9sident du\nTriathlon Club Seurrois, sollicitant l'autorisation d'organiser le dimanche 21 septembre\n2025 une manifestation nautique d\u00e9nomm\u00e9e \u00abTriathlon Sprint de Seurre 2025\u00bb du  PK\n187 ,300 au PK 188,100 sur la Sa\u00f4ne ;\nVU l'attestation d'assurance d\u00e9livr\u00e9e par la SMACL assurances en date du 26 mai 2025 ;\nDirection d\u00e9partementale des territoires de la C\u00f4te-d'Or\n57 rue de Mulhouse- BP 53317 - 21033 DIJON cedex\nt\u00e9l : 03 80 29 44 44 \u2013 Courriel : ddt@cote-dor.gouv.fr\nDirection d\u00e9partementale des territoires de la C\u00f4te-d'Or - 21-2025-07-17-00001 - Arr\u00eat\u00e9 N\u00b0 1040 autorisant une manifestation\nd\u00e9nomm\u00e9e \u00abTriathlon Sprint de Seurre 2025\u00bb lors des \u00e9preuves de natation le dimanche 21 septembre 2025 et fixant des mesures\ntemporaires de police de la navigation int\u00e9rieure sur la Sa\u00f4ne du PK 187,300 au PK 188,100 (boucle de Citeaux) rive droite.\n82\nVU l'avis favorable du maire de Seurre en date du 17 juin 2025 ;\nVU l'avis r\u00e9put\u00e9 favorable du maire de Pouilly sur Sa\u00f4ne ;\nVU l'avis favorable de la direction territoriale Rh\u00f4ne-Sa\u00f4ne de Voies Navigables de France\nen date du 2 juillet 2025 ;\nCONSID\u00c9RANT que  le  pr\u00e9fet  de  d\u00e9partement  exerce  les  comp\u00e9tences  qui  lui  sont\nd\u00e9volues en mati\u00e8re de police de la navigation int\u00e9rieure ;\nSUR proposition de la directrice d\u00e9partementale des territoires de la C\u00f4te-d'Or ;\nARR\u00caTE\nArticle 1     : Objet de l'autorisation  \nMonsieur Vincent RUDE pr\u00e9sident du Triathlon Club Seurrois, est autoris\u00e9 \u00e0 organiser le\ndimanche 21 septembre 2025, la manifestation intitul\u00e9e \u00abTriathlon Sprint de Seurre 2025\u00bb\nlors des \u00e9preuves en natation entre les  PK 187 ,300 au PK 188,100, conform\u00e9ment  aux\nprescriptions ci-dessous et au plan annex\u00e9.\nArticle 2 :   Suspension de l'autorisation  \nLa pr\u00e9sente autorisation sera suspendue d\u00e8s lors  que la marque II est  atteinte sur  la\nSa\u00f4ne. Le lieu d'implantation de la marque la plus proche du lieu de d\u00e9roulement de la\nmanifestation est le pieu de balisage face au d\u00e9part de l'\u00e9preuve de natation.\nArticle 3 : Mesures temporaires\nLe  stationnement  sera  interdit  du  point  kilom\u00e9trique  187 ,300  au  point  kilom\u00e9trique\n188,100 dans la boucle de Citeaux, d\u00e9laiss\u00e9 de Seurre, rive droite, le 21 septembre 2025 de\n9h00 \u00e0 16h00 durant la manifestation.\nArticle 4   : Mesures de s\u00e9curit\u00e9  \nAbsence d'interruption de navigation :\nLes  participants  \u00e0 la  manifestation  devront  \u00e9voluer  hors  du  chenal navigable dans  la\nboucle de Citeaux. En toute circonstance, la priorit\u00e9 sera donn\u00e9e en permanence \u00e0 la\nnavigation en transit. Les participants devront adapter leur activit\u00e9 afin de n'apporter\naucune g\u00eane aux bateaux circulant dans le chenal navigable de la boucle de Citeaux.\nPour ce qui concerne l'\u00e9preuve de natation, l'organisateur mettra en place un bateau de\ns\u00e9curit\u00e9 \u00e0 l'amont et \u00e0 l'aval du secteur concern\u00e9.\nLe parcours aura lieu en dehors du chenal navigable en rive droite de la boucle de Citeaux.\nArticle 5 :   Signalisation et balisage  \nLes  diff\u00e9rentes  installations  techniques  et  le  balisage  seront  install\u00e9s  hors  du  chenal\nnavigable.\nIls pourront \u00eatre mis en place au plus t\u00f4t le 15 septembre 2024 d\u00e8s 8h00 et seront enlev\u00e9s\nau plus tard le 21 septembre 2025 \u00e0 17h00.\nDirection d\u00e9partementale des territoires de la C\u00f4te-d'Or\n57 rue de Mulhouse- BP 53317 - 21033 DIJON cedex\nt\u00e9l : 03 80 29 44 44 \u2013 Courriel : ddt@cote-dor.gouv.fr\nDirection d\u00e9partementale des territoires de la C\u00f4te-d'Or - 21-2025-07-17-00001 - Arr\u00eat\u00e9 N\u00b0 1040 autorisant une manifestation\nd\u00e9nomm\u00e9e \u00abTriathlon Sprint de Seurre 2025\u00bb lors des \u00e9preuves de natation le dimanche 21 septembre 2025 et fixant des mesures\ntemporaires de police de la navigation int\u00e9rieure sur la Sa\u00f4ne du PK 187,300 au PK 188,100 (boucle de Citeaux) rive droite.\n83\nLes corps servant \u00e0 maintenir les bou\u00e9es seront enlev\u00e9s en m\u00eame temps que celles-ci afin\nde ne pas entraver la navigation.\nUne attention particuli\u00e8re sera port\u00e9e entre les PK 187 ,300 et 188,100.\nL'emprise de la manifestation sera mat\u00e9rialis\u00e9e par des bou\u00e9es d\u00e9limitant aussi un espace\npour les comp\u00e9titeurs.\nArticle 6   :   Obligations d'information  \nL'organisateur devra s'informer sur la qualit\u00e9 de l'eau aupr\u00e8s de l'Agence R\u00e9gionale de\nSant\u00e9 en faisant r\u00e9aliser, le cas \u00e9ch\u00e9ant, des analyses microbiologiques de l'eau de la\nSa\u00f4ne les jours pr\u00e9c\u00e9dents sa manifestation.\n    Le p\u00e9titionnaire devra se conformer aux prescriptions diffus\u00e9es par avis \u00e0 la batellerie, en\nparticulier pour conna\u00eetre les conditions de navigation. Il devra prendre connaissance des\navis \u00e0 la batellerie sur le site \u00ab  Avis \u00e0 la batellerie  : toutes les informations sur l  '\u00e9tat du\nr\u00e9seau \u2013 VNF \u00bb. Pour information, les avis \u00e0 la batellerie peuvent \u00eatre consult\u00e9s sur le site\nEURIS ou l'application smartphone NAVI, ou contacter les sites de Voies navigables de\nFrance.\n    Le p\u00e9titionnaire proc\u00e9dera \u00e0 un affichage de la manifestation nautique sur les rampes de\nmise l'eau \u00e0 proximit\u00e9 des PK 187 ,000 et 189,000 ainsi que la capitainerie du port de Seurre.\nArticle 7 : Publicit\u00e9\nLe pr\u00e9sent  arr\u00eat\u00e9 sera publi\u00e9 par  le gestionnaire de la voie d'eau  par voie d'avis  \u00e0 la\nbatellerie.\nArticle 8     :   Recours  \nLe  pr\u00e9sent  arr\u00eat\u00e9  peut  faire  l'objet  d'un  recours  contentieux  devant  le  tribunal\nadministratif de Dijon dans un d\u00e9lai de deux mois \u00e0 compter de sa publication. Un recours\npeut  \u00eatre  d\u00e9pos\u00e9  via  l'application  T\u00e9l\u00e9recours  citoyens  accessible  par  le  site  internet\nwww.telerecours.fr  .  \nArticle 9 : Ex\u00e9cution et publicit\u00e9\nLa  directrice de cabinet, la  directrice d\u00e9partementale des territoires de la C\u00f4te-d'Or,  le\ncommandant de la r\u00e9gion de gendarmerie de Bourgogne-Franche-Comt\u00e9 et du groupement de\ngendarmerie de la C\u00f4te-d'Or, le commandant de gendarmerie fluviale de Saint-Jean-de-\nLosne, le directeur territorial Rh\u00f4ne Sa\u00f4ne des Voies Navigables de France, les maires de\nPouilly-sur-Sa\u00f4ne  et  Seurre  ainsi  que  l'organisateur  sont  charg\u00e9s,  chacun  en  ce  qui  le\nconcerne,  de  l'ex\u00e9cution  du  pr\u00e9sent  arr\u00eat\u00e9  qui  sera  publi\u00e9  au  Recueil  des  Actes\nAdministratifs  de  la  Pr\u00e9fecture  de  la  C\u00f4te-d'Or  et  dont  copie  sera  adress\u00e9e  au\np\u00e9titionnaire.\n                                                                          Fait \u00e0 Dijon, le 17 juillet 2025\n                                                                   Pour le pr\u00e9fet et par d\u00e9l\u00e9gation,\n                                                                    La directrice de cabinet,\n                                                               SIGN\u00c9\n                                                                   Aur\u00e9lie CONTRECIVILE\nDirection d\u00e9partementale des territoires de la C\u00f4te-d'Or\n57 rue de Mulhouse- BP 53317 - 21033 DIJON cedex\nt\u00e9l : 03 80 29 44 44 \u2013 Courriel : ddt@cote-dor.gouv.fr\nDirection d\u00e9partementale des territoires de la C\u00f4te-d'Or - 21-2025-07-17-00001 - Arr\u00eat\u00e9 N\u00b0 1040 autorisant une manifestation\nd\u00e9nomm\u00e9e \u00abTriathlon Sprint de Seurre 2025\u00bb lors des \u00e9preuves de natation le dimanche 21 septembre 2025 et fixant des mesures\ntemporaires de police de la navigation int\u00e9rieure sur la Sa\u00f4ne du PK 187,300 au PK 188,100 (boucle de Citeaux) rive droite.\n84\nPARCOURSNATATION XS TRIATHLON SEURRE #16891904Vu pour \u00eatre annex\u00e9e \u00e0 l'arr\u00eat\u00e9pr\u00e9fectoral en date du : 17 juillet 2025Le pr\u00e9fet,Pour le pr\u00e9fet et par d\u00e9l\u00e9gation,La directrice de Cabinet,SIGN\u00c9Aur\u00e9lie CONTRECIVILE\nR\u00e9alis\u00e9 avecQ omume\nKSLe droit de reproduction est strictement r\u00e9serv\u00e9 \u00e0 un usage personnel et prive. Lors de la pratique de votre activit\u00e9, veillez \u00e0 respecter les propri\u00e9t\u00e9s et chemins priv\u00e9s et assurez-vous de la praticabilit\u00e9 duparcours.\n= eafiet | Maps \u00a9 Thunderforest - Data \u00a9 OpenStreetMap contributors\nDirection d\u00e9partementale des territoires de la C\u00f4te-d'Or\n57 rue de Mulhouse- BP 53317 - 21033 DIJON cedex\nt\u00e9l : 03 80 29 44 44 \u2013 Courriel : ddt@cote-dor.gouv.fr\nDirection d\u00e9partementale des territoires de la C\u00f4te-d'Or - 21-2025-07-17-00001 - Arr\u00eat\u00e9 N\u00b0 1040 autorisant une manifestation\nd\u00e9nomm\u00e9e \u00abTriathlon Sprint de Seurre 2025\u00bb lors des \u00e9preuves de natation le dimanche 21 septembre 2025 et fixant des mesures\ntemporaires de police de la navigation int\u00e9rieure sur la Sa\u00f4ne du PK 187,300 au PK 188,100 (boucle de Citeaux) rive droite.\n85\nParcours nat distance S triathlon SEURRE 2024 #16891894\\ Vu pour \u00eatre annex\u00e9e\u00e0l'arr\u00eal\u00e9\\ pr\u00e9fectoral en date du : 17ju\u00fc!et 2025\\ Le pr\u00e9fet, \\Pour le pr\u00e9fet et par d\u00e9l\u00e9gation,La directrice de Cabinet, \u2014\\ SIGN\u00c9 \"\" Au\u00e9le CONTRECIVILE\nR\u00e9alis\u00e9 avec6 oname\n30m= eaffet | Maps \u00a9 Thunderforest - Data \u00a9 OpenStreetMap contributorsLe droit de reproduction est strictement r\u00e9serve \u00e0 un usage personnel et prive. Lors de la pratique de votre activit\u00e9, veillez\u00e0 respecter les proprietes et chemins priv\u00e9s et assurez-vous de la praticabilte duparcours.\nDirection d\u00e9partementale des territoires de la C\u00f4te-d'Or\n57 rue de Mulhouse- BP 53317 - 21033 DIJON cedex\nt\u00e9l : 03 80 29 44 44 \u2013 Courriel : ddt@cote-dor.gouv.fr\nDirection d\u00e9partementale des territoires de la C\u00f4te-d'Or - 21-2025-07-17-00001 - Arr\u00eat\u00e9 N\u00b0 1040 autorisant une manifestation\nd\u00e9nomm\u00e9e \u00abTriathlon Sprint de Seurre 2025\u00bb lors des \u00e9preuves de natation le dimanche 21 septembre 2025 et fixant des mesures\ntemporaires de police de la navigation int\u00e9rieure sur la Sa\u00f4ne du PK 187,300 au PK 188,100 (boucle de Citeaux) rive droite.\n86\nParcours natation triathlon 8-11ans #16981866\nVu pour \u00eatre annex\u00e9e \u00e0 l'arr\u00eat\u00e9pr\u00e9fectoral en date du : 17 juillet 2025Le pr\u00e9fet,n Pour le pr\u00e9fet et par d\u00e9l\u00e9gation,A La directrice de Cabinet,SIGN\u00c9Aur\u00e9lie CONTRECIVILE\nR\u00e9alis\u00e9 avec\n20m'mLeafiet Maps \u00a9 Thunderforest -Data \u00a9 OpenStreetMap contributors Ca AN ALe droit de reproduction est strictement r\u00e9serv\u00e9 \u00e0 un usage personnel et priv\u00e9. Lors de la pratique de votre activit\u00e9, veillez \u00e0 respecter les propri\u00e9t\u00e9s et chemins priv\u00e9s et assurez-vous de la praticabilit\u00e9 duparcours.\n                                                                                                                                                                \nDirection d\u00e9partementale des territoires de la C\u00f4te-d'Or\n57 rue de Mulhouse- BP 53317 - 21033 DIJON cedex\nt\u00e9l : 03 80 29 44 44 \u2013 Courriel : ddt@cote-dor.gouv.fr\nDirection d\u00e9partementale des territoires de la C\u00f4te-d'Or - 21-2025-07-17-00001 - Arr\u00eat\u00e9 N\u00b0 1040 autorisant une manifestation\nd\u00e9nomm\u00e9e \u00abTriathlon Sprint de Seurre 2025\u00bb lors des \u00e9preuves de natation le dimanche 21 septembre 2025 et fixant des mesures\ntemporaires de police de la navigation int\u00e9rieure sur la Sa\u00f4ne du PK 187,300 au PK 188,100 (boucle de Citeaux) rive droite.\n87\nParcours natation triathlon 10-13ans #16982031Vu pour \u00eatre annex\u00e9e \u00e0 l'arr\u00eat\u00e9 \"pr\u00e9fectoral en date du : 17 juillet 2025Le pr\u00e9fet,Pour le pr\u00e9fet et par d\u00e9l\u00e9gation,La directrice de Cabinet,SIGN\u00c9Aur\u00e9lie CONTRECIVILE\nR\u00e9alis\u00e9 avecQ orexumer\n= Leafiet | Maps \u00a9 Thunderforest - Data \u00a9 OpenStreetMap contributorsLe droit de reproduction est strictement r\u00e9serv\u00e9\u00e0 un usage personnel et priv\u00e9. Lors de la pratique de votre activit\u00e9, veillez\u00e0 respecter les propri\u00e9t\u00e9s et chemins priv\u00e9s et assurez-vousde la praticabilit\u00e9 duparcours.\nDirection d\u00e9partementale des territoires de la C\u00f4te-d'Or\n57 rue de Mulhouse- BP 53317 - 21033 DIJON cedex\nt\u00e9l : 03 80 29 44 44 \u2013 Courriel : ddt@cote-dor.gouv.fr\nDirection d\u00e9partementale des territoires de la C\u00f4te-d'Or - 21-2025-07-17-00001 - Arr\u00eat\u00e9 N\u00b0 1040 autorisant une manifestation\nd\u00e9nomm\u00e9e \u00abTriathlon Sprint de Seurre 2025\u00bb lors des \u00e9preuves de natation le dimanche 21 septembre 2025 et fixant des mesures\ntemporaires de police de la navigation int\u00e9rieure sur la Sa\u00f4ne du PK 187,300 au PK 188,100 (boucle de Citeaux) rive droite.\n88\nDirection d\u00e9partementale des territoires de la\nC\u00f4te-d'Or\nService S\u00e9curit\u00e9 et Education Routi\u00e8re\n21-2025-07-17-00002\nArr\u00eat\u00e9 N\u00b0 1042 autorisant la manifestation\nd\u00e9nomm\u00e9e \u00ab35\u00e8me Triathlon d'Auxonne\u00bb lors\ndes \u00e9preuves de natation le dimanche 14\nseptembre 2025 et fixant des mesures\ntemporaires de police de la navigation int\u00e9rieure\nsur la Sa\u00f4ne du PK 233,500 au PK 234,800.\nDirection d\u00e9partementale des territoires de la C\u00f4te-d'Or - 21-2025-07-17-00002 - Arr\u00eat\u00e9 N\u00b0 1042 autorisant la manifestation\nd\u00e9nomm\u00e9e \u00ab35\u00e8me Triathlon d'Auxonne\u00bb lors des \u00e9preuves de natation le dimanche 14 septembre 2025 et fixant des mesures\ntemporaires de police de la navigation int\u00e9rieure sur la Sa\u00f4ne du PK 233,500 au PK 234,800.\n89\nExPREFETDE LACOTE-D'ORL,z'berte'Egalit\u00e9Fraternit\u00e9\nDirection d\u00e9partementale des territoires\nde la C\u00f4te-d'Or\nService de la s\u00e9curit\u00e9 et de l'\u00e9ducation routi\u00e8re\nBureau de la s\u00e9curit\u00e9 routi\u00e8re\nT\u00e9l : 03.80.29.44.89\nm\u00e9l : ddt-manifestations-sportives@cote-dor.gouv.fr \nDijon, le 17 juillet 2025 \nArr\u00eat\u00e9 N\u00b0 1042\nautorisant la manifestation d\u00e9nomm\u00e9e \u00ab35\u00e8me Triathlon d'Auxonne\u00bb lors des \u00e9preuves de\nnatation le dimanche 14 septembre 2025 et fixant des mesures temporaires de police de\nla navigation int\u00e9rieure sur la Sa\u00f4ne du PK 233,500 au PK 234,800.\nLe pr\u00e9fet de la C\u00f4te-d'Or\nVU le Code des Transports ;\nVU le Code du Sport ;\nVU le  d\u00e9cret  n\u00b0  2012-1556  du  28  d\u00e9cembre  2012  d\u00e9terminant  la  liste  des  mesures\ntemporaires d'interruption ou de modification des conditions de navigation pouvant \u00eatre\nprises par le gestionnaire de la voie d'eau ;\nVU le d\u00e9cret du 10 octobre 2024 portant nomination du pr\u00e9fet de la r\u00e9gion Bourgogne-\nFranche-Comt\u00e9, pr\u00e9fet de la C\u00f4te-d'Or - M. MOURIER (Paul) ;\nVU l'arr\u00eat\u00e9 minist\u00e9riel du 28 juin 2013 portant r\u00e8glement g\u00e9n\u00e9ral de police de la navigation\nint\u00e9rieure (RGP)  ;\nVU la circulaire du 24 janvier 2013 relative aux actes et mesures de police de la navigation\nint\u00e9rieure ;\nVU l'arr\u00eat\u00e9 inter-pr\u00e9fectoral du 7 f\u00e9vrier 2017 portant r\u00e8glement particulier de police de la\nnavigation sur l'itin\u00e9raire de Rh\u00f4ne-Sa\u00f4ne \u00e0 grand gabarit ;\nVU  l'arr\u00eat\u00e9 pr\u00e9fectoral n\u00b0 443/SG du 17 mars 2025 donnant d\u00e9l\u00e9gation de signature \u00e0\nMadame Aur\u00e9lie CONTRECIVILE, sous-pr\u00e9f\u00e8te, directrice de cabinet du pr\u00e9fet ;\nVU  la demande en date du 20 mars 2025 transmise par M. Corentin RAT pr\u00e9sident de\nl'Office  des  Sports  d'Auxonne,  sollicitant  l'autorisation  d'organiser  le  dimanche  14\nDirection d\u00e9partementale des territoires de la C\u00f4te-d'Or\n57 rue de Mulhouse- BP 53317 - 21033 DIJON cedex\nt\u00e9l : 03 80 29 44 44 \u2013 Courriel : ddt@cote-dor.gouv.fr\nDirection d\u00e9partementale des territoires de la C\u00f4te-d'Or - 21-2025-07-17-00002 - Arr\u00eat\u00e9 N\u00b0 1042 autorisant la manifestation\nd\u00e9nomm\u00e9e \u00ab35\u00e8me Triathlon d'Auxonne\u00bb lors des \u00e9preuves de natation le dimanche 14 septembre 2025 et fixant des mesures\ntemporaires de police de la navigation int\u00e9rieure sur la Sa\u00f4ne du PK 233,500 au PK 234,800.\n90\nseptembre 2025 une manifestation nautique d\u00e9nomm\u00e9e \u00ab35\u00e8me Triathlon d'Auxonne\u00bb du\nPK 233,500 au PK 234,800 sur la Sa\u00f4ne ;\nVU l'attestation d'assurance d\u00e9livr\u00e9e par la MAIF en date du 18 mars 2025 ;\nVU l'avis  favorable du maire d'Auxonne en date du 17 mars 2025 ;\nVU l'avis favorable de la direction territoriale Rh\u00f4ne-Sa\u00f4ne de Voies Navigables de France\nen date du 17 mars 2025 ;\nCONSID\u00c9RANT que  le  pr\u00e9fet  de  d\u00e9partement  exerce  les  comp\u00e9tences  qui  lui  sont\nd\u00e9volues en mati\u00e8re de police de la navigation int\u00e9rieure ;\nSUR proposition de la directrice d\u00e9partementale des territoires de la C\u00f4te-d'Or ;\nARR\u00caTE\nArticle 1     : Objet de l'autorisation  \nMonsieur  Corentin  RAT,  pr\u00e9sident  de  l'Office  des  Sports  d'Auxonne,  est  autoris\u00e9  \u00e0\norganiser  le dimanche 14 septembre 2025 la manifestation nautique intitul\u00e9e \u00ab35\u00e8me\nTriathlon  d 'Auxonne\u00bb  du PK  233,500  au  PK  234,800 \u00e0  Auxonne,  conform\u00e9ment  aux\nprescriptions ci-dessous et au plan annex\u00e9.\nArticle 2 :   Suspension de l'autorisation  \nLa pr\u00e9sente autorisation sera suspendue en p\u00e9riode de crue, lorsque les plus hautes eaux\nnavigables  (PHEN)  sont  atteintes  par  simple  d\u00e9cision  du  gestionnaire  ou  du\nconcessionnaire de la voie d'eau.\nArticle 3 : Mesures temporaires\nTous les b\u00e2timents circulant sur la voie d'eau devront r\u00e9duire leur vitesse \u00e0 4km/h entre les\npoints  kilom\u00e9triques  233.500  et  234.800  et  observer  une  vigilance  particuli\u00e8re  \u00e0\nl'approche de ce secteur, le dimanche 14 septembre 2025 durant la manifestation par\nd\u00e9rogation \u00e0 l'article 8 du RPP sur l'itin\u00e9raire de liaison Sa\u00f4ne-Marne.\nLa navigation sera interrompue durant la manifestation uniquement pendant les \u00e9preuves\nde natation du point kilom\u00e9trique 233.500 au point kilom\u00e9trique 234.800, conform\u00e9ment\n\u00e0 l'article R4241-38 du code des transports : \nle dimanche 14 septembre 2025 d\u00e9part 9h00 \u2013 d\u00e9part 11h10 \u2013 d\u00e9part 13h15 \u2013 d\u00e9part\n14h45.\nCette  disposition  ne  s'applique  pas  aux  bateaux  participants  \u00e0  la  manifestation,  aux\nbateaux des forces de l'ordre et des secours, du gestionnaire et des organisateurs de la\nmanifestation.\nDirection d\u00e9partementale des territoires de la C\u00f4te-d'Or\n57 rue de Mulhouse- BP 53317 - 21033 DIJON cedex\nt\u00e9l : 03 80 29 44 44 \u2013 Courriel : ddt@cote-dor.gouv.fr\nDirection d\u00e9partementale des territoires de la C\u00f4te-d'Or - 21-2025-07-17-00002 - Arr\u00eat\u00e9 N\u00b0 1042 autorisant la manifestation\nd\u00e9nomm\u00e9e \u00ab35\u00e8me Triathlon d'Auxonne\u00bb lors des \u00e9preuves de natation le dimanche 14 septembre 2025 et fixant des mesures\ntemporaires de police de la navigation int\u00e9rieure sur la Sa\u00f4ne du PK 233,500 au PK 234,800.\n91\nLe  stationnement  sera  interdit  du  point  kilom\u00e9trique  233.500  au  point  kilom\u00e9trique\n234.800 le 14 septembre 2025 de 7h00 \u00e0 18h00 durant la manifestation.\nArticle 4   : Mesures de s\u00e9curit\u00e9  \nLa  pratique  d'autres  sports  nautiques  y  compris  ceux  autoris\u00e9s  dans  le  cadre  d'un\nr\u00e8glement particulier de police r\u00e9glementant l'exercice de la navigation de plaisance et\ndes activit\u00e9s sportives est interdite dans le p\u00e9rim\u00e8tre de la manifestation et durant toute\nla dur\u00e9e de son d\u00e9roulement.\nLors de la manifestation 2 bateaux de s\u00e9curit\u00e9 seront plac\u00e9s en amont et en aval de la\nzone d'\u00e9volution afin d'informer les usagers.\nDans le cas de la pr\u00e9sence de bateaux logements ou autres, l'organisateur devra avertir de\nces dispositions les propri\u00e9taires de bateaux amarr\u00e9s \u00e0 proximit\u00e9 du lieu du d\u00e9roulement\nde la manifestation ainsi que les pr\u00e9sidents des clubs et associations de loisirs nautiques\nutilisateurs habituels du plan d'eau ainsi que le pr\u00e9sident de la soci\u00e9t\u00e9 de p\u00eache.\nArticle 5 :   Signalisation et balisage  \nLe  p\u00e9titionnaire  devra  mettre  en  place  la  signalisation  temporaire  n\u00e9cessaire  au\nd\u00e9roulement en toute s\u00e9curit\u00e9 de la manifestation et veiller au respect de celle-ci.\nLes diff\u00e9rentes installations techniques et le balisage seront mis en place au plus t\u00f4t le\ndimanche  14  septembre  2025  avant  les  \u00e9preuves  et  seront  enlev\u00e9s  le  dimanche  14\nseptembre 2025 \u00e0 la fin de la manifestation.\nLes corps morts servant \u00e0 maintenir les bou\u00e9es seront enlev\u00e9s en m\u00eame temps que celles-\nci afin de ne pas entraver la navigation.\nArticle 6   :   Responsable de manifestation  \nD'une  mani\u00e8re  g\u00e9n\u00e9rale,  la  responsabilit\u00e9  de  VNF  sera  totalement  d\u00e9gag\u00e9e  en  cas\nd'accident ou de dommages qui pourraient \u00eatre caus\u00e9s aux personnes et aux biens du\ndomaine pulic fluvial, le p\u00e9titionnaire \u00e9tant le seul responsable du bon d\u00e9roulement de\ncette activit\u00e9 et de ses cons\u00e9quences.\nArticle 7   :   Obligations d'information  \nLe p\u00e9titionnaire devra se conformer aux prescriptions diffus\u00e9es par avis \u00e0 la batellerie, en\nparticulier pour conna\u00eetre les conditions de navigation. Il pourra prendre connaissance des\navis \u00e0 la batellerie sur le site Avis \u00e0 la batellerie  sur le site www.vnf.fr ou contacter les UTI\nde Voies navigables de France.\nArticle 8 : Publicit\u00e9\nLe pr\u00e9sent  arr\u00eat\u00e9 sera publi\u00e9 par  le gestionnaire de la voie d'eau  par voie d'avis  \u00e0 la\nbatellerie.\nArticle 9     :   Recours  \nLe  pr\u00e9sent  arr\u00eat\u00e9  peut  faire  l'objet  d'un  recours  contentieux  devant  le  tribunal\nadministratif de Dijon dans un d\u00e9lai de deux mois \u00e0 compter de sa publication. Un recours\nDirection d\u00e9partementale des territoires de la C\u00f4te-d'Or\n57 rue de Mulhouse- BP 53317 - 21033 DIJON cedex\nt\u00e9l : 03 80 29 44 44 \u2013 Courriel : ddt@cote-dor.gouv.fr\nDirection d\u00e9partementale des territoires de la C\u00f4te-d'Or - 21-2025-07-17-00002 - Arr\u00eat\u00e9 N\u00b0 1042 autorisant la manifestation\nd\u00e9nomm\u00e9e \u00ab35\u00e8me Triathlon d'Auxonne\u00bb lors des \u00e9preuves de natation le dimanche 14 septembre 2025 et fixant des mesures\ntemporaires de police de la navigation int\u00e9rieure sur la Sa\u00f4ne du PK 233,500 au PK 234,800.\n92\npeut  \u00eatre  d\u00e9pos\u00e9  via  l'application  T\u00e9l\u00e9recours  citoyens  accessible  par  le  site  internet\nwww.telerecours.fr  .  \nArticle 10 : Ex\u00e9cution et publicit\u00e9\nLa  directrice de cabinet, la  directrice d\u00e9partementale des territoires de la C\u00f4te-d'Or,  le\ncommandant de la r\u00e9gion de gendarmerie de Bourgogne-Franche-Comt\u00e9 et du groupement de\ngendarmerie de la C\u00f4te-d'Or, le commandant de gendarmerie fluviale de Saint-Jean-de-\nLosne,  le  directeur  territorial  Rh\u00f4ne  Sa\u00f4ne  des  Voies  Navigables  de  France,  le  maire\nd'Auxonne et l'organisateur sont charg\u00e9s, chacun en ce qui le concerne, de l'ex\u00e9cution du\npr\u00e9sent arr\u00eat\u00e9 qui sera publi\u00e9 au Recueil des Actes Administratifs de la Pr\u00e9fecture de la\nC\u00f4te-d'Or et dont copie sera adress\u00e9e au p\u00e9titionnaire.\n                                                                         \nFait \u00e0 Dijon, le 17 juillet 2025 \n       Pour le pr\u00e9fet et par d\u00e9l\u00e9gation,\n           La directrice de cabinet,\n                             SIGN\u00c9\n            Aur\u00e9lie CONTRECIVILE\nDirection d\u00e9partementale des territoires de la C\u00f4te-d'Or\n57 rue de Mulhouse- BP 53317 - 21033 DIJON cedex\nt\u00e9l : 03 80 29 44 44 \u2013 Courriel : ddt@cote-dor.gouv.fr\nDirection d\u00e9partementale des territoires de la C\u00f4te-d'Or - 21-2025-07-17-00002 - Arr\u00eat\u00e9 N\u00b0 1042 autorisant la manifestation\nd\u00e9nomm\u00e9e \u00ab35\u00e8me Triathlon d'Auxonne\u00bb lors des \u00e9preuves de natation le dimanche 14 septembre 2025 et fixant des mesures\ntemporaires de police de la navigation int\u00e9rieure sur la Sa\u00f4ne du PK 233,500 au PK 234,800.\n93\nParcours natationImplantation g\u00e9n\u00e9raleD\u00e9part : PK 233,8 sur la Sa\u00f4ne \u00e0 AuxonneParcours selon la distance entre PK 233, 5 et PK 234,4e Bou\u00e9es du d\u00e9part XS, S et MOe Bou\u00e9es virage Amont XS, S et MOe Bou\u00e9es virage Aval Set M@e Ligne de corde de 20m & \u00a5\n\\1\u00ef\u00ef'\u00ef11\u00ef:\u00ef\u00ef\u00ef\u00ef\u00ef!]J2zIf QsQ)<019,Qcr\\J\u2014>\nPour \u00eatre annex\u00e9 \u00e0 l'arr\u00eat\u00e9pr\u00e9fectoral en date du : 17 juillet 2025Le pr\u00e9fet,Pour le pr\u00e9fet et par d\u00e9l\u00e9gation,La directrice de cabinet,SIGN\u00c9Aur\u00e9lie CONTRECIVILE\nDirection d\u00e9partementale des territoires de la C\u00f4te-d'Or\n57 rue de Mulhouse- BP 53317 - 21033 DIJON cedex\nt\u00e9l : 03 80 29 44 44 \u2013 Courriel : ddt@cote-dor.gouv.fr\nDirection d\u00e9partementale des territoires de la C\u00f4te-d'Or - 21-2025-07-17-00002 - Arr\u00eat\u00e9 N\u00b0 1042 autorisant la manifestation\nd\u00e9nomm\u00e9e \u00ab35\u00e8me Triathlon d'Auxonne\u00bb lors des \u00e9preuves de natation le dimanche 14 septembre 2025 et fixant des mesures\ntemporaires de police de la navigation int\u00e9rieure sur la Sa\u00f4ne du PK 233,500 au PK 234,800.\n94\n| >\n\u2014 A s\u00e9 e, - .', 4: C .) -~ K. .t 2 ;Camping A\u00a2 - 'e l'Arquebuse ;'\u2014\\\u00ab;/ .l\n;'- \u2014 : :\"*\u2014'* t :' 4 \u00e8 ?* =5 1. .! H\nL\n,\nD\u00e9part dans l'eau entre les bou\u00e9es de la ligne de d\u00e9part.\nVu pour \u00eatre annex\u00e9 \u00e0l 'arr\u00e9t\u00e9pr\u00e9fectoral en date du : 17 juillet 2025Le pr\u00e9fet,Pour le pr\u00e9fet et par d\u00e9l\u00e9gation,La glrectrioel\u00e4ae \u0153b\u00e9lget.SIGN\u00c9Aur\u00e9lie CONTRECIVILE\nDirection d\u00e9partementale des territoires de la C\u00f4te-d'Or\n57 rue de Mulhouse- BP 53317 - 21033 DIJON cedex\nt\u00e9l : 03 80 29 44 44 \u2013 Courriel : ddt@cote-dor.gouv.fr\nDirection d\u00e9partementale des territoires de la C\u00f4te-d'Or - 21-2025-07-17-00002 - Arr\u00eat\u00e9 N\u00b0 1042 autorisant la manifestation\nd\u00e9nomm\u00e9e \u00ab35\u00e8me Triathlon d'Auxonne\u00bb lors des \u00e9preuves de natation le dimanche 14 septembre 2025 et fixant des mesures\ntemporaires de police de la navigation int\u00e9rieure sur la Sa\u00f4ne du PK 233,500 au PK 234,800.\n95\nH;\n-~y; -MP '\u2014\u2014u\u2014\u2014\nD\u00e9part dans l'eau entre les bou\u00e9es de la ligne de d\u00e9part.\nPour \u00e9tre annex\u00e9 \u00e0 l'arr\u00eat\u00e9pr\u00e9fectoral en date du : 17 juillet 2025Le pr\u00e9fet,Pour le pr\u00e9fet et par d\u00e9l\u00e9gation,La directrice de cabinet,- ; ; SIGN\u00c9Aur\u00e9lie CONTRECIVILE\nDirection d\u00e9partementale des territoires de la C\u00f4te-d'Or\n57 rue de Mulhouse- BP 53317 - 21033 DIJON cedex\nt\u00e9l : 03 80 29 44 44 \u2013 Courriel : ddt@cote-dor.gouv.fr\nDirection d\u00e9partementale des territoires de la C\u00f4te-d'Or - 21-2025-07-17-00002 - Arr\u00eat\u00e9 N\u00b0 1042 autorisant la manifestation\nd\u00e9nomm\u00e9e \u00ab35\u00e8me Triathlon d'Auxonne\u00bb lors des \u00e9preuves de natation le dimanche 14 septembre 2025 et fixant des mesures\ntemporaires de police de la navigation int\u00e9rieure sur la Sa\u00f4ne du PK 233,500 au PK 234,800.\n96\nD\u00e9part dans l'eau entre les bou\u00e9es de la ligne de d\u00e9part. Deux tours avant la sortiede l'eau Vu pour \u00eatre annex\u00e9 \u00e0 l'arr\u00eat\u00e9pr\u00e9fectoral en date du : 17 juillet 2025Pr\u00e9fet,Le_ Pour le pr\u00e9fet et par d\u00e9l\u00e9gation,La directrice de cabinet,SIGN\u00c9Aur\u00e9lie CONTRECIVILE\nDirection d\u00e9partementale des territoires de la C\u00f4te-d'Or\n57 rue de Mulhouse- BP 53317 - 21033 DIJON cedex\nt\u00e9l : 03 80 29 44 44 \u2013 Courriel : ddt@cote-dor.gouv.fr\nDirection d\u00e9partementale des territoires de la C\u00f4te-d'Or - 21-2025-07-17-00002 - Arr\u00eat\u00e9 N\u00b0 1042 autorisant la manifestation\nd\u00e9nomm\u00e9e \u00ab35\u00e8me Triathlon d'Auxonne\u00bb lors des \u00e9preuves de natation le dimanche 14 septembre 2025 et fixant des mesures\ntemporaires de police de la navigation int\u00e9rieure sur la Sa\u00f4ne du PK 233,500 au PK 234,800.\n97\nParcours jeunes 10 \u2014 13 ans :\nOistance\n//4'\n;\n!!\n;\n- i'\"I\n't\nCamping ;I'Arquebuse ! P ); * \" \u00ef; ' N ,I A  \"; ; \\\n\u00ef ; -| # H . AN e+ - * | \\ eA ? F X 4 -~; ; VP; ; 'l! L\u00ef \u2014 !\u00a2 1Si - ;n . ;f 1= H' ' \u00ee P./& ;/ Fn *\n/; ,'l // '._{\u00e7w? Mignotte . =- / 1159/ / /\np . - 'ottante \u00e0 proximit\u00e9 de la berge.D\u00e9part dans l'eau depuis une ligne flVirage autours des bou\u00e9es de la ligne de d\u00e9part des adultes. La ligne flottante seramise en place au dernier moment et retir\u00e9e juste apr\u00e8s l'arriv\u00e9e. (en place environ 30minutes)\nVu pour \u00eatre annex\u00e9 \u00e0 l'arr\u00eat\u00e9pr\u00e9fectoral en date du : 17 juillet 2025Le pr\u00e9fet,Pour le pr\u00e9fet et par d\u00e9lagation,La directrice de cabinet,SIGN\u00c9Aur\u00e9lie CONTRECIVILE\nDirection d\u00e9partementale des territoires de la C\u00f4te-d'Or\n57 rue de Mulhouse- BP 53317 - 21033 DIJON cedex\nt\u00e9l : 03 80 29 44 44 \u2013 Courriel : ddt@cote-dor.gouv.fr\nDirection d\u00e9partementale des territoires de la C\u00f4te-d'Or - 21-2025-07-17-00002 - Arr\u00eat\u00e9 N\u00b0 1042 autorisant la manifestation\nd\u00e9nomm\u00e9e \u00ab35\u00e8me Triathlon d'Auxonne\u00bb lors des \u00e9preuves de natation le dimanche 14 septembre 2025 et fixant des mesures\ntemporaires de police de la navigation int\u00e9rieure sur la Sa\u00f4ne du PK 233,500 au PK 234,800.\n98\nDRAAF Bourgogne-Franche-Comt\u00e9\n21-2025-07-16-00009\nam\u00e9nagement forestier SALIVES 2023-2042\nDRAAF Bourgogne-Franche-Comt\u00e9 - 21-2025-07-16-00009 - am\u00e9nagement forestier SALIVES 2023-2042 99\nEXPR\u00c9FET _DE LA R\u00c9GIONBOURGOGNE- ...FRANCHE-COMT\u00c9Libert\u00e9Fealit\u00e9. iternit\u00e9\n \n \nDirection r\u00e9gionale de l'alimentation, \nde l'agriculture et de la for\u00eat \nBourgogne-Franche-Comt\u00e9 \nService r\u00e9gional de la for\u00eat et du bois \n \n \nD\u00e9partement : C\u00d4TE-D'OR \nFor\u00eat communale de SALIVES \nContenance cadastrale : 774,9330 ha  \nSurface de gestion : 774,93 ha \nR\u00e9vision du document d'am\u00e9nagement :2023-2042 \n \n \nArr\u00eat\u00e9 d'am\u00e9nagement  \nportant approbation du document d'Am\u00e9nagement de la for\u00eat communale  \nde Salives pour la p\u00e9riode 2023-2042 \navec application du 2\u00b0 de l'article L122-7 du code forestier \n \nLe Pr\u00e9fet de la r\u00e9gion B O U R G O G N E - F R A N C H E - C O M T E , \nPr\u00e9fet de la C\u00f4te d'Or, Chevalier de la L\u00e9gion d'Honneur et de l'Ordre National du M\u00e9rite  \n \nVU  les articles L124-1,1\u00b0, L212-1, L212-2, D212-1, D212-2, R212-3, D212-5,2\u00b0, D214-15, et \nD214-16 du Code Forestier ; \nVU  les articles L122-7, L122-8, R122-23 et R122-24 du Code Forestier ; \nVU  les articles L414-4 et R414-19 du Code de l'Environnement ; \nVU  le sch\u00e9ma r\u00e9gional d'am\u00e9nagement de la r\u00e9gion Bourgogne, arr\u00eat\u00e9 en date du 05/12/2011 ; \nVU  l'avis du Directeur du Parc national de for\u00eats en date du 07/03/2024 ; \nVU la d\u00e9lib\u00e9ration de du conseil municipal en date du 20/11/2023, vis\u00e9e par la Pr\u00e9fecture de \nC\u00f4te-d'Or le 28/11/2023, donnant son accord au projet d'am\u00e9nagement forestier qui lui a \n\u00e9t\u00e9 pr\u00e9sent\u00e9, et demandant le b\u00e9n\u00e9fi ce des articles L122 -7 et L122 -8 du code forestier au \ntitre de la r\u00e9glementation Natura 2000 ; \nVU  le d\u00e9cret n\u00b0 2004 -374 du 29 avril 2004 modifi\u00e9 relatif aux pouvoirs des pr\u00e9fets, \u00e0 \nl'organisation et \u00e0 l'action des services de l'Etat dans les r\u00e9gions et d\u00e9partements ; \nVU le d\u00e9cret du 10 octobre 2024 nommant M. Paul MOURIER, pr\u00e9fet de la r\u00e9gion Bourgogne-\nFranche-Comt\u00e9, pr\u00e9fet de la C\u00f4te-d'Or ; \nVU  l'arr\u00eat\u00e9 pr\u00e9fectoral n\u00b0 24-296 BAG du 28 octobre 2024 portant d\u00e9l\u00e9gation de signature du \nPr\u00e9fet \u00e0 Madame Marie-Jeanne FOTR\u00c9 \u2013 MULLER et la d\u00e9cision n\u00b0 25-14- DRAAF BFC \ndu 13 juin 2025, portant subd\u00e9l\u00e9gation \u00e0 Monsieur Pierre LAMBAR\u00c9 ; \nSUR  proposition du Directeur Territorial de l'Office National des For\u00eats ; \nSUR  proposition de la Directrice R\u00e9gionale de l'Alimentation, de l'Agriculture et de la For\u00eat ; \nARR\u00caTE \nArticle 1er : La for\u00eat communale de SALIVES (C\u00d4TE-D'OR), d'une contenance de 774,93 ha, \nest affect\u00e9e prioritairement \u00e0 la fonction de production ligneuse et \u00e0 la fonction \u00e9cologique, tout \nen assurant sa fonct ion sociale et de protection physique , dans le cadre  d'une gestion durable \nmultifonctionnelle.  \nDRAAF Bourgogne-Franche-Comt\u00e9 - 21-2025-07-16-00009 - am\u00e9nagement forestier SALIVES 2023-2042 100\n \nArticle 2 : Cette for\u00eat comprend une partie bois\u00e9e de 772,22 ha, actuellement compos\u00e9e de H\u00eatre \n(50%), Ch\u00eane sessile ou p\u00e9doncul\u00e9 (35%), Autre s Feuillus (15%). Le reste, soit 2,71 ha, est \nconstitu\u00e9 d'emprises de dessertes, de places de d\u00e9p\u00f4t et de deux marais. \nLes peuplements susceptibles de production ligneuse  seront trait\u00e9s en conversion en futaie \nirr\u00e9guli\u00e8re sur 452,84 ha, en taillis -sous-futaie (TSF) sur 119, 70 ha, en futaie r\u00e9guli\u00e8re dont \nconversion en futaie r\u00e9guli\u00e8re sur 92,63 ha.  \n \nEn dehors des surfaces consacr\u00e9es aux tests en gestion, les essences -objectif, qui d\u00e9terminent sur \nle long terme les grands choix de gestion de ces peuplements, seront tr\u00e8s majo ritairement \nfeuillues : prioritairement, le Ch\u00eane sessile  et, dans une moindre mesure , le H\u00eatre. Les autres \nessences-objectif r\u00e9sineuses ou feuillues resteront localis\u00e9es et tr\u00e8s minoritaires  sur la for\u00eat  : \nErable plane, Pin noir d'Autriche. N\u00e9anmoins, com pte tenu de l'incertitude actuelle sur \nl'\u00e9volution des changements climatiques en cours, ces choix d'essences pourront \u00eatre modul\u00e9s en \ncours d'application de l'am\u00e9nagement  pour assurer l'adaptation du choix de chaque essence -\nobjectif, ou groupe d'essences -objectif, aux \u00e9volutions des connaissances en mati\u00e8re de \nchangements climatiques et d'adaptation des essences \u00e0 ces changements.  \nLes autres essences seront favoris\u00e9es comme essences -objectif associ\u00e9es ou comme essences \nd'accompagnement, dans la limite de leur adaptation aux conditions stationnelles futures.  \nArticle 3 : Pendant une dur\u00e9e de 20 ans (2023 \u2013 2042) : \n-  La for\u00eat sera divis\u00e9e en 13 groupes de gestion : \n\u25aa  Un groupe de r\u00e9g\u00e9n\u00e9ration, d'une contenance de 1,96 ha en sylviculture, d\u00e9j\u00e0 ouverts \nen r\u00e9g\u00e9n\u00e9ration, qui seront parcourus par une coupe d\u00e9finitive au cours de la p\u00e9riode ;  \n\u25aa Un groupe de jeunesse, d'une contenance de 21,49 ha en sylviculture, qui fera l'objet \ndes travaux n\u00e9cessaires \u00e0 l'\u00e9ducation des peuplements et qui pourra \u00eatre parcouru par \nune premi\u00e8re coupe d'\u00e9claircie en fin de p\u00e9riode ; \n\u25aa Deux groupes d'am\u00e9lioration, d'une contenance totale de 69,18 ha en sylviculture, qui \nseront parcourus par des coupes selon une rotation variant de 8 \u00e0 12 ans en fonction de \nla croissance des peuplements ; \n\u25aa Deux groupes de futaie irr\u00e9guli\u00e8re, d'une contenance de 433,66  ha en sylviculture, qui \nseront parcourus  par des coupes visant \u00e0 se rapprocher d'une structure \u00e9quilibr\u00e9e, \nselon une rotation de 15 ans ; \n\u25aa Un groupe de taillis sous futaie, d'une contenance de 11 9,70 ha en sylviculture, qui \nfera l'objet de coupes selon une rotation de 60 ans ; \n\u25aa Un groupe d'\u00eelots de vieillissement trait\u00e9 en futaie irr\u00e9guli\u00e8re, de 19,18 ha en \nsylviculture, qui fera l'objet d'une gestion sp\u00e9cifique, au profit de la biodiversit\u00e9 ; \n\u25aa Un groupe d'\u00eelots de s\u00e9nescence, d'une contenance de 11,25 ha, qui sera laiss\u00e9 \u00e0 son \n\u00e9volution naturelle, au profit de la biodiversit\u00e9 ; \n\u25aa Un groupe hors sylviculture \u00e0 vocation d'accueil du public, d'une contenance de 4,84  ha, \nqui sera laiss\u00e9 \u00e0 son \u00e9volution naturelle ; \n\u25aa Un groupe hors sylviculture \u00e0 vocation \u00e9cologique, d'une contenance de 1,25  ha, qui sera \nconsacr\u00e9 \u00e0 l'entretien et \u00e0 la restauration des marais alcalins. ; \n\u25aa Un groupe d'int\u00e9r\u00eat \u00e9cologique g\u00e9n\u00e9ral d'une contenance de 90,96 ha, qui sera laiss\u00e9 \u00e0 \nson \u00e9volution naturelle ; \n\u25aa Un groupe constitu\u00e9 d'emprises diverses, d'une contenance de 1,46  ha, qui sera laiss\u00e9 \nen l'\u00e9tat. \n- l'Office National des For\u00eats informera r\u00e9guli\u00e8rement le Conseil Municipal  de SALIVES de \nl'\u00e9tat de d\u00e9s\u00e9quilibre sylvo -cyn\u00e9g\u00e9tique dans la for\u00eat entra \u00eenant la n\u00e9cessit\u00e9 de prot\u00e9ger tous les \nplants qui pourraient \u00eatre mis en place, et ce dernier mettra en \u0153uvre toutes les mesures \nn\u00e9cessaires \u00e0 son r\u00e9tablissement suivant la capacit\u00e9 d'accueil, et en s'assurant en particulier que \nle niveau des demandes de plans de chasse concernant la for\u00eat est en nette augmentation compte \ntenu de l'\u00e9volution des populations de grand gibier et des d\u00e9g\u00e2ts constat\u00e9s sur les peuplements; \nDRAAF Bourgogne-Franche-Comt\u00e9 - 21-2025-07-16-00009 - am\u00e9nagement forestier SALIVES 2023-2042 101\n \n- Les mesures d\u00e9finies par les consignes nationales de gestion visant \u00e0 la p r\u00e9servation de la \nbiodiversit\u00e9 courante (notamment la conservation d'arbres isol\u00e9s \u00e0 cavit\u00e9s, morts, ou s\u00e9nescents) \nainsi qu'\u00e0 la pr\u00e9servation des sols et des eaux de surface, seront syst\u00e9matiquement mises en \n\u0153uvre. \nArticle 4 : Le document d'am\u00e9nagement de  la for\u00eat communale de SALIVES, pr\u00e9sentement \narr\u00eat\u00e9, est approuv\u00e9 par application du 2\u00b0 de l'article L122 -7 du code forestier, pour le programme \nde coupes et de travaux sylvicoles, au titre : \n- de la r\u00e9glementation propre \u00e0 Natura 2000 relative \u00e0 la ZPS N\u00b0 FR2612003 : \u00ab Massifs \nforestiers et vall\u00e9es du Ch\u00e2tillonnais\u00bb, instaur\u00e9e au titre de la Directive europ\u00e9enne \u00ab Oiseaux \u00bb ; \nconsid\u00e9rant que la for\u00eat est situ\u00e9e pour 14 % de sa surface dans le site NATURA 2000; \nArticle 5 : La Directrice R\u00e9gionale de l'Alime ntation, de l'Agriculture, et de la For\u00eat, et le \nDirecteur Territorial de l'Office National des For\u00eats sont charg\u00e9s, chacun en ce qui le concerne, \nde l'ex\u00e9cution du pr\u00e9sent arr\u00eat\u00e9, qui sera publi\u00e9 au recueil des actes administratifs de la \npr\u00e9fecture de C\u00d4TE-D'OR. \n \n    Besan\u00e7on, le 16 juillet 2025 \n \nPour le Pr\u00e9fet de la R\u00e9gion Bourgogne-Franche-Comt\u00e9 et par d\u00e9l\u00e9gation, \nLa Directrice R\u00e9gionale de l'Alimentation, de l'Agriculture et de la For\u00eat \net par subd\u00e9l\u00e9gation, \nL'adjoint au Chef du Service R\u00e9gional de la For\u00eat et du Bois \n \n \nSign\u00e9 \nPierre LAMBAR\u00c9 \n \nDRAAF Bourgogne-Franche-Comt\u00e9 - 21-2025-07-16-00009 - am\u00e9nagement forestier SALIVES 2023-2042 102\nDRAAF Bourgogne-Franche-Comt\u00e9\n21-2025-07-16-00010\nam\u00e9nagement forestier Verdonnet 2024-2043\nDRAAF Bourgogne-Franche-Comt\u00e9 - 21-2025-07-16-00010 - am\u00e9nagement forestier Verdonnet 2024-2043 103\nE XNPR\u00c9FET _DE LA R\u00c9GIONBOURGOGNE- ,FRANCHE-COMT\u00c9Libert\u00e9alit\u00e9aternit\u00e9\n \n \nDirection r\u00e9gionale de l'alimentation, \nde l'agriculture et de la for\u00eat \nBourgogne-Franche-Comt\u00e9 \nService r\u00e9gional de la for\u00eat et du bois \n \n \n \nD\u00e9partement : C\u00d4TE-D'OR \nFor\u00eat communale de VERDONNET \nContenance cadastrale : 256,1703 ha \nSurface de gestion : 256,17 ha \nPremier am\u00e9nagement : 2024-2043 \n \n \nArr\u00eat\u00e9 d'am\u00e9nagement  \nportant approbation du document d'Am\u00e9nagement de la for\u00eat communale \nde Verdonnet pour la p\u00e9riode 2024-2043 \n \nLe Pr\u00e9fet de la r\u00e9gion B O U R G O G N E - F R A N C H E - C O M T E , \nPr\u00e9fet de la C\u00f4te d'Or, Chevalier de la L\u00e9gion d'Honneur et de l'Ordre National du M\u00e9rite  \n \n \nVU  les articles L124-1,1\u00b0, L212-1, L212-2, D212-1, D212-2, R212-3, D212-5,2\u00b0, D214-15, et \nD214-16 du Code Forestier ; \nVU  le sch\u00e9ma r\u00e9gional d'am\u00e9nagement de la r\u00e9gion Bourgogne, arr\u00eat\u00e9 en date du 05/12/2011 ; \nVU la d\u00e9lib\u00e9ration du conseil communal de Verdonnet en date du 15/10/2024, vis\u00e9 e par la \nSous-pr\u00e9fecture de Montbard le 18/10/2024, donnant son accord au projet d'am\u00e9nagement \nforestier qui lui a \u00e9t\u00e9 pr\u00e9sent\u00e9 ; \nVU  le d\u00e9cret n\u00b0 2004 -374 du 29 avril 2004 modifi\u00e9 relatif aux pouvoirs des pr\u00e9fets, \u00e0 \nl'organisation et \u00e0 l'action des services de l'Etat dans les r\u00e9gions et d\u00e9partements ; \nVU le d\u00e9cret du 10 octobre 2024 nommant M. Paul MOURIER, pr\u00e9fet de la r\u00e9gion Bourgogne-\nFranche-Comt\u00e9, pr\u00e9fet de la C\u00f4te-d'Or ; \nVU  l'arr\u00eat\u00e9 pr\u00e9fectoral n\u00b0 24-296 BAG du 28 octobre 2024 portant d\u00e9l\u00e9gation de signature du \nPr\u00e9fet \u00e0 Madame Marie-Jeanne FOTR\u00c9 \u2013 MULLER et la d\u00e9cision n\u00b0 25-14- DRAAF BFC \ndu 13 juin 2025, portant subd\u00e9l\u00e9gation \u00e0 Monsieur Pierre LAMBAR\u00c9 ; \nSUR  proposition du Directeur Territorial de l'Office National des For\u00eats ; \nSUR  proposition de la Directrice R\u00e9gionale de l'Alimentation, de l'Agriculture et de la For\u00eat  \nARR\u00caTE \nArticle 1 er : La for\u00eat communale de VERDONNET (C\u00d4TE-D'OR), d'une contenance de \n256,17 ha, est affect\u00e9e prioritairement \u00e0 la fonction de production ligneuse et \u00e0 la fonction \n\u00e9cologique, tout en assurant sa fonction sociale et de protection physique, dans le cadre  d'une \ngestion durable multifonctionnelle.  \nArticle 2  : Cette for\u00eat comprend une partie bois\u00e9e de 255,21 ha, actuellement compos\u00e9e de \nCh\u00eane sessile ou p\u00e9doncul\u00e9 (77%), Charme (6%), Pin sylvestre (6%), Erable champ\u00eatre (5%), \nH\u00eatre (4%), autres feuillus (2%). Le reste, soit 0,96 ha, est constitu\u00e9 d'une ancienne carri\u00e8re. \nLes peuplements susceptibles de production ligneuse  seront trait\u00e9s en conversion en futaie \nirr\u00e9guli\u00e8re sur 240,49 ha, et en conversion en futaie r\u00e9guli\u00e8re sur 3,58 ha.  \nLes essences -objectif, qui d\u00e9terminent sur le long terme les grands choi x de gestion de ces \npeuplements, seront tr\u00e8s majoritairement feuillues : prioritairement , le  ch\u00eane sessile. Les \nDRAAF Bourgogne-Franche-Comt\u00e9 - 21-2025-07-16-00010 - am\u00e9nagement forestier Verdonnet 2024-2043 104\n \nessences-objectif r\u00e9sineuses resteront localis\u00e9es et tr\u00e8s minoritaires sur la for\u00eat : le pin sylvestre. \nN\u00e9anmoins, compte tenu de l'incertitude actuelle sur l'\u00e9volution des changements climatiques en \ncours, ces choix d'essences pourront \u00eatre modul\u00e9s en cours d'application de l'am\u00e9nagement pour \nassurer l'adaptation du choix de chaque essence -objectif, ou groupe d'essences -objectif, aux \n\u00e9volutions d es connaissances en mati\u00e8re de changements climatiques et d'adaptation des \nessences \u00e0 ces changements.  \nLes autres essences seront favoris\u00e9es comme comme essences d'accompagnement, dans la limite \nde leur adaptation aux conditions stationnelles futures.  \nArticle 3 : Pendant une dur\u00e9e de 20 ans (2024 \u2013 2043) : \n-  La for\u00eat sera divis\u00e9e en cinq groupes de gestion : \n\u25aa Un groupe  d'am\u00e9lioration, d'une contenance de 3,58 ha en sylviculture, qui sera \nparcouru par des coupes selon une rotation de 8 ans; \n\u25aa Deux groupes de futaie irr\u00e9guli\u00e8re d'une contenance de 240,49  ha en sylviculture qui \nseront parcourus  par des coupes visant \u00e0 se rap procher d'une structure \u00e9quilibr\u00e9e, \nselon une rotation variant de 11 \u00e0 20 ans en fonction de la croissance des \npeuplements ; \n\u25aa Un groupe d'int\u00e9r\u00eat \u00e9cologique g\u00e9n\u00e9ral d'une contenance de 11,14 ha, qui sera laiss\u00e9 \u00e0 \nson \u00e9volution naturelle ; \n\u25aa Un groupe constitu \u00e9 de la carri\u00e8re (sabli\u00e8re), d'une contenance de 0,96  ha, qui sera \nlaiss\u00e9 en l'\u00e9tat. \n \n- l'Office National des For\u00eats informera r\u00e9guli\u00e8rement le Conseil Municipal de la commune \nde Verdonnet de l'\u00e9tat de de d\u00e9s\u00e9quilibre sylvo cyn\u00e9g\u00e9tique dans la for\u00eat entrai nant la n\u00e9cessit\u00e9 \nde prot\u00e9ger tous les plants qui pourraient \u00eatre mis en place, et ce dernier mettra en oeuvre toutes \nles mesures n\u00e9cessaires \u00e0 son r\u00e9tablissement suivant la capacit\u00e9 d'accueil, et en s'assurant en par-\nticulier que le niveau des demandes de plans de chasse concernant la for\u00eat sont en nette augmen-\ntation compte tenu de l'\u00e9volution des populations de grand gibier et des d\u00e9g\u00e2ts constat\u00e9s sur les \npeuplements; \n- les mesures d\u00e9finies par les consignes nationales de gestion visant \u00e0 la pr\u00e9servation d e la \nbiodiversit\u00e9 courante (notamment la conservation d'arbres isol\u00e9s \u00e0 cavit\u00e9s, morts, ou s\u00e9nescents) \nainsi qu'\u00e0 la pr\u00e9servation des sols et des eaux de surface, seront syst\u00e9matiquement mises en \n\u0153uvre. \nArticle 4 : La Directrice R\u00e9gionale de l'Alimentation, de l'Agriculture, et de la For\u00eat, et le \nDirecteur Territorial de l'Office National des For\u00eats sont charg\u00e9s, chacun en ce qui le concerne, \nde l'ex\u00e9cution du pr\u00e9sent arr\u00eat\u00e9, qui sera publi\u00e9 au recueil des actes admi nistratifs de la \npr\u00e9fecture de C\u00d4TE-D'OR. \n \n    Besan\u00e7on, le 16 juillet 2025 \n \nPour le Pr\u00e9fet de la R\u00e9gion Bourgogne-Franche-Comt\u00e9 et par d\u00e9l\u00e9gation, \nLa Directrice R\u00e9gionale de l'Alimentation, de l'Agriculture et de la For\u00eat \net par subd\u00e9l\u00e9gation, \nL'adjoint au Chef du Service R\u00e9gional de la For\u00eat et du Bois \n \nSign\u00e9 \n \nPierre LAMBAR\u00c9 \nDRAAF Bourgogne-Franche-Comt\u00e9 - 21-2025-07-16-00010 - am\u00e9nagement forestier Verdonnet 2024-2043 105\nDRAAF Bourgogne-Franche-Comt\u00e9\n21-2025-07-16-00011\nam\u00e9nagement forestier Vosne ROMANEE\n2024-2043\nDRAAF Bourgogne-Franche-Comt\u00e9 - 21-2025-07-16-00011 - am\u00e9nagement forestier Vosne ROMANEE 2024-2043 106\nEZPR\u00c9FET _DE LA R\u00c9GIONBOURGOGNE- ,FRANCHE-COMT\u00c9Libert\u00e9Foalit\u00e9. tternit\u00e9\n \n \nDirection r\u00e9gionale de l'alimentation, \nde l'agriculture et de la for\u00eat \nBourgogne-Franche-Comt\u00e9 \nService r\u00e9gional de la for\u00eat et du bois \n \n \nD\u00e9partement : C\u00d4TE-D'OR \nFor\u00eat communale de VOSNE-ROMANEE \nContenance cadastrale : 44,8432 ha  \nSurface de gestion : 44,84 ha \nPremier am\u00e9nagement :2024-2043 \n \n \nArr\u00eat\u00e9 d'am\u00e9nagement  \nportant approbation du document d'Am\u00e9nagement de la for\u00eat communale  \nde Vosne - Roman\u00e9e pour la p\u00e9riode 2024-2043 \navec application du 2\u00b0 de l'article L122-7 du code forestier \n \nLe Pr\u00e9fet de la r\u00e9gion B O U R G O G N E - F R A N C H E - C O M T E , \nPr\u00e9fet de la C\u00f4te d'Or, Chevalier de la L\u00e9gion d'Honneur et de l'Ordre National du M\u00e9rite  \n \nVU  les articles L124-1,1\u00b0, L212-1, L212-2, D212-1, D212-2, R212-3, D212-5,2\u00b0, D214-15, et \nD214-16 du Code Forestier ; \nVU  les articles L122-7, L122-8, R122-23 et R122-24 du Code Forestier ; \nVU  les articles L414-4 et R414-19 du Code de l'Environnement ; \nVU  le sch\u00e9ma r\u00e9gional d'am\u00e9nagement de la r\u00e9gion Bourgogne, arr\u00eat\u00e9 en date du 05/12/2011 ; \nVU la d\u00e9lib\u00e9ration du Conseil Municipal de Vosne -Roman\u00e9e en date du 10 d\u00e9cembre 2024 , \nvis\u00e9e par la Sous -pr\u00e9fecture de Beaune le 12/12/2024, donnant son accord au projet \nd'am\u00e9nagement forestier qui lui a \u00e9t\u00e9 pr\u00e9sent\u00e9, et demandant le b\u00e9n\u00e9fice des articles L122 -\n7 et L122-8 du code forestier au titre de la r\u00e9glementation propre aux sites Natura 2000 ; \nVU  le d\u00e9cret n\u00b0 2004 -374 du 29 avril 2004 modifi\u00e9 relatif aux pouvoirs des pr\u00e9fets, \u00e0 \nl'organisation et \u00e0 l'action des services de l'Etat dans les r\u00e9gions et d\u00e9partements ; \nVU le d\u00e9cret du 10 octobre 2024 nommant M. Paul MOURIER, pr\u00e9fet de la r\u00e9gion Bourgogne-\nFranche-Comt\u00e9, pr\u00e9fet de la C\u00f4te-d'Or ; \nVU  l'arr\u00eat\u00e9 pr\u00e9fectoral n\u00b0 24-296 BAG du 28 octobre 2024 portant d\u00e9l\u00e9gation de signature du \nPr\u00e9fet \u00e0 Madame Marie-Jeanne FOTR\u00c9 \u2013 MULLER et la d\u00e9cision n\u00b0 25-14- DRAAF BFC \ndu 13 juin 2025, portant subd\u00e9l\u00e9gation \u00e0 Monsieur Pierre LAMBAR\u00c9 ; \nSUR  proposition du Directeur Territorial de l'Office National des For\u00eats ; \nSUR  proposition de la Directrice R\u00e9gionale de l'Alimentation, de l'Agriculture et de la For\u00eat ; \nARR\u00caTE \nArticle 1er : La for\u00eat communale de VOSNE-ROMANEE (C\u00d4TE-D'OR), d'une contenance de \n44,84 ha, est affect\u00e9e prioritairement \u00e0 la fonction sociale et \u00e0 la fonction \u00e9cologique, tout en \nassurant sa fonction de production et de protection physique, dans le cadre d'une gestion durable \nmultifonctionnelle.  \nArticle 2 : Cette for\u00eat comprend une partie bois\u00e9e de 26,35 ha compos\u00e9e de Pin noir d'Autriche \n(47%), Ch\u00eane sessile (30%), Ch\u00eane pubescent (7%), Grand \u00e9rable (5%), H\u00eatre (5%), autres \nfeuillus (3%), M\u00e9l\u00e8ze d'Europe (3%). Le reste, soit 18,49 ha, est constitu\u00e9 de pelouses calcaires. \nDRAAF Bourgogne-Franche-Comt\u00e9 - 21-2025-07-16-00011 - am\u00e9nagement forestier Vosne ROMANEE 2024-2043 107\n \nLes peuplements susceptibles de production ligneuse seront trait\u00e9s en conversion  en Futaie \nirr\u00e9guli\u00e8re sur 12,85 ha et en Futaie r\u00e9guli\u00e8re sur 7,82 ha.  \n \nLes essences -objectif, qui d\u00e9terminent sur le long terme les grands choix de gestion de ces \npeuplements, seront  prioritairement le Ch\u00eane sessile  et le Pin noir d'Autriche. N\u00e9anmoins, \ncompte tenu de l'incertitude actuelle sur l'\u00e9volution des changements climatiques en cours, ces \nchoix d'essences pourront \u00eatre modul\u00e9s en cours d'application de l'am\u00e9nagement  pour assurer \nl'adaptation du choix de chaque essence-objectif aux \u00e9volutions des connaissances en mati\u00e8re de \nchangements climatiques et d'adaptation des essences \u00e0 ces changements.  \nLes autres essences, dont l'Erable \u00e0 feuilles d'Obier, l'Erable plane et le Tilleul \u00e0 grandes \nfeuilles seront favoris\u00e9es comme essences-objectif associ\u00e9es. \nArticle 3 : Pendant une dur\u00e9e de 20 ans (2024 \u2013 2043) : \n-  La for\u00eat sera divis\u00e9e en 5 groupes de gestion : \n\u25aa Un groupe d'am\u00e9lioration, d'une contenance totale de 7,82 ha en sylviculture, qui sera \nparcouru par des coupes selon une rotation de 12 ans ; \n\u25aa Deux groupes de futaie irr\u00e9guli\u00e8re, de 12,85  ha en sylviculture, qui seront \nparcourus par des coupes visant \u00e0 se rapprocher d'une structure \u00e9quilibr\u00e9e, selon  une \nrotation variant de 12 \u00e0 25 ans en fonction de la croissance des peuplements ; \n\u25aa Un groupe d'int\u00e9r\u00eat \u00e9cologique g\u00e9n\u00e9ral d'une contenance de 22,16  ha, qui sera \nmaintenu dans un \u00e9tat de conservation satisfaisant ; \n\u25aa Un groupe constitu\u00e9 d'emprises, d'une contenance de 2,01 ha, qui sera laiss\u00e9 en l'\u00e9tat. \n- l'Office National des For\u00eats informera r\u00e9guli\u00e8rement le Conseil Municipal de VOSNE \nROMANEE de l'\u00e9tat de l'\u00e9quilibre sylvo -cyn\u00e9g\u00e9tique dans la for\u00eat, et  ce dernier mettra en \noeuvre toutes les mesures n\u00e9cessaires \u00e0 son maintien suivant la capacit\u00e9 d'accueil, et en \ns'assurant en particulier que le niveau des demandes de plans de chasse concernant la for\u00eat est \nadapt\u00e9 compte tenu de l'\u00e9volution des population s de grand gibier et des d\u00e9g\u00e2ts constat\u00e9s sur les \npeuplements ; \n- les mesures d\u00e9finies par les consignes nationales de gestion visant \u00e0 la pr\u00e9servation de la \nbiodiversit\u00e9 courante (notamment la conservation d'arbres isol\u00e9s \u00e0 cavit\u00e9s ou s\u00e9nescents) ainsi \nqu'\u00e0 la pr\u00e9servation des sols et des eaux de surface, seront syst\u00e9matiquement mises en \u0153uvre. \nArticle 4 : Le document d'am\u00e9nagement de la for\u00eat communale de VOSNE-ROMANEE, \npr\u00e9sentement arr\u00eat\u00e9, est approuv\u00e9 par application du 2\u00b0 de l'article L122 -7 du code forestier, pour le \nprogramme de coupes et de travaux sylvicoles, au titre : \n- de la r\u00e9glementation propre \u00e0 Natura 2000 relative \u00e0 la ZSC FR2600956 \u00ab  Milieux forestiers \net pelouses des combes de la C\u00f4te Dijonnaise  \u00bb, instaur\u00e9e au titre de la Directive europ\u00e9e nne \n\u00ab Habitats naturels \u00bb, et \u00e0 la ZPS FR2612001 \u00ab  C\u00f4te et Arri\u00e8re -c\u00f4te de Dijon et Beaune  \u00bb, \ninstaur\u00e9e au titre de la Directive europ\u00e9enne \u00ab  Oiseaux \u00bb  ; consid\u00e9rant que la for\u00eat est situ\u00e9e \npour 100 % de sa surface dans les sites NATURA 2000; \nArticle 5 : La Directrice R\u00e9gionale de l'Alimentation, de l'Agriculture, et de la For\u00eat, et le \nDirecteur Territorial de l'Office National des For\u00eats sont charg\u00e9s, chacun en ce qui le concerne, \nde l'ex\u00e9cution du pr\u00e9sent arr\u00eat\u00e9, qui sera publi\u00e9 au recueil des actes adm inistratifs de la \npr\u00e9fecture de C\u00d4TE-D'OR. \n    Besan\u00e7on, le 16 juillet 2025 \nPour le Pr\u00e9fet de la R\u00e9gion Bourgogne-Franche-Comt\u00e9 et par d\u00e9l\u00e9gation, \nLa Directrice R\u00e9gionale de l'Alimentation, de l'Agriculture et de la For\u00eat \net par subd\u00e9l\u00e9gation, \nL'adjoint au Chef du Service R\u00e9gional de la For\u00eat et du Bois \n \nSign\u00e9 \nPierre LAMBAR\u00c9 \n \nDRAAF Bourgogne-Franche-Comt\u00e9 - 21-2025-07-16-00011 - am\u00e9nagement forestier Vosne ROMANEE 2024-2043 108\nDRAAF Bourgogne-Franche-Comt\u00e9\nService r\u00e9gional de la for\u00eat et du bois\n21-2025-07-16-00001\nam\u00e9nagement forestier BrazeyEnPlaineRAA\nDRAAF Bourgogne-Franche-Comt\u00e9 - 21-2025-07-16-00001 - am\u00e9nagement forestier BrazeyEnPlaineRAA 109\nE NPREFET _DE LA REGIONBOURGOGNE- ,FRANCHE-COMTELibert\u00e9alit\u00e9aternit\u00e9\n \n \nDirection r\u00e9gionale de l'alimentation, \nde l'agriculture et de la for\u00eat \nBourgogne-Franche-Comt\u00e9 \nService r\u00e9gional de la for\u00eat et du bois \n \n \n \nD\u00e9partement : C\u00d4TE-D'OR \nFor\u00eat communale de BRAZEY-EN-PLAINE \nContenance cadastrale : 223,3324 ha  \nSurface de gestion : 223,33 ha \nR\u00e9vision du document d'am\u00e9nagement : 2024-2043 \n \n \nArr\u00eat\u00e9 d'am\u00e9nagement  \nportant approbation du document d'Am\u00e9nagement de la for\u00eat communale de \n Brazey-En-Plaine pour la p\u00e9riode 2024-2043 \n \nLe Pr\u00e9fet de la r\u00e9gion B O U R G O G N E - F R A N C H E - C O M T E , \nPr\u00e9fet de la C\u00f4te d'Or, Chevalier de la L\u00e9gion d'Honneur et de l'Ordre National du M\u00e9rite  \n \nVU  les articles L124-1,1\u00b0, L212-1, L212-2, D212-1, D212-2, R212-3, D212-5,2\u00b0, D214-15, et \nD214-16 du Code Forestier ; \nVU  le sch\u00e9ma r\u00e9gional d'am\u00e9nagement de la r\u00e9gion Bourgogne, arr\u00eat\u00e9 en date du 05/12/2011 ; \nVU la d\u00e9lib\u00e9ration de du conseil municipal de Brazey -en-Plaine en date du 17 f\u00e9vrier 2025 , \nvis\u00e9e par la Pr\u00e9fecture de Dijon le 25 f\u00e9vrier 2025, donnant son accord au p rojet \nd'am\u00e9nagement forestier qui lui a \u00e9t\u00e9 pr\u00e9sent\u00e9 ; \nVU  le d\u00e9cret n\u00b0 2004 -374 du 29  avril 2004 modifi\u00e9 relatif aux pouvoirs des pr\u00e9fets, \u00e0 \nl'organisation et \u00e0 l'action des services de l'Etat dans les r\u00e9gions et d\u00e9partements ; \nVU le d\u00e9cret du 10 octobre 2024 nommant M. Paul MOURIER, pr\u00e9fet de la r\u00e9gion Bourgogne-\nFranche-Comt\u00e9, pr\u00e9fet de la C\u00f4te-d'Or ; \nVU  l'arr\u00eat\u00e9 pr\u00e9fectoral n\u00b0 24-296 BAG du 28 octobre 2024 portant d\u00e9l\u00e9gation de signature du \nPr\u00e9fet \u00e0 Madame Marie-Jeanne FOTR\u00c9 \u2013 MULLER et la d\u00e9cision n\u00b0 25-14- DRAAF BFC \ndu 13 juin 2025, portant subd\u00e9l\u00e9gation \u00e0 Monsieur Pierre LAMBAR\u00c9 ; \nSUR  proposition du Directeur Territorial de l'Office National des For\u00eats ; \nSUR  proposition de la Directrice R\u00e9gionale de l'Alimentation, de l'Agriculture et de la For\u00eat ; \nARR\u00caTE \nArticle 1er : La for\u00eat communale de BRAZEY-EN-PLAINE (C\u00d4TE-D'OR), d'une contenance de \n223,33 ha, est affect\u00e9e prioritairement \u00e0 la fonction de production ligneuse et \u00e0 la fonction \n\u00e9cologique, tout en assurant sa fonction sociale et de protection p hysique, dans le cadre  d'une \ngestion durable multifonctionnelle.  \nArticle 2  : Cette fo r\u00eat comprend une partie bois\u00e9e de 218,48 ha, actuellement compos\u00e9e de \nCh\u00eane sessile (52%), Autres Feuillus (35%), Ch\u00eane p\u00e9doncul\u00e9 (13%). Le reste, soit 4,85 ha, est \nconstitu\u00e9 de routes foresti\u00e8res. \nLes peuplements su sceptibles de production ligneuse seront trait\u00e9s en futaie r\u00e9guli\u00e8re  (dont \nconversion en futaie r\u00e9guli\u00e8re ) sur 194 ,05 ha, futaie irr\u00e9guli\u00e8re (dont conversion en futaie \nirr\u00e9guli\u00e8re) sur 24,43 ha.  \nDRAAF Bourgogne-Franche-Comt\u00e9 - 21-2025-07-16-00001 - am\u00e9nagement forestier BrazeyEnPlaineRAA 110\n \nLes essences-objectif, qui d\u00e9terminent sur le long terme les  grands choix de gestion de ce s \npeuplements, seront tr\u00e8s majoritairement feuillues : prioritairement, le Ch\u00eane sessile et, dans une \nmoindre mesure , le Ch\u00eane p\u00e9doncul\u00e9 . N\u00e9anmoins, compte tenu de l'ince rtitude actuelle sur \nl'\u00e9volution des changements climatiques en cours, ces choix d'essences pourront \u00eatre modul\u00e9s en \ncours d'application de l'am\u00e9nagement  pour assurer l'adaptation du choix de chaque essence -\nobjectif, ou groupe d'essences -objectif, aux \u00e9vol utions des connaissances en mati\u00e8re de \nchangements climatiques et d'adaptation des essences \u00e0 ces changements.  \nLes autres essences seront favoris\u00e9es comme essences -objectif associ\u00e9es ou comme essences \nd'accompagnement, dans la limite de leur adaptation aux conditions stationnelles futures.  \nArticle 3 : Pendant une dur\u00e9e de 20 ans (2024 \u2013 2043) : \n-  La for\u00eat sera divis\u00e9e en neuf groupes de gestion : \n\u25aa Trois groupes de r\u00e9g\u00e9n\u00e9ration, d'une contenance de 34,87 ha en sylviculture, au sein \nduquel 26,69 ha seront no uvellement ouverts en r\u00e9g\u00e9n\u00e9ration,  34,87 ha seront \nparcourus par une coupe d\u00e9finitive au cours de la p\u00e9riode ;  \n\u25aa Un groupe de jeunesse, d'une contenance de 32,88 ha en sylviculture, qui fera l'objet \ndes travaux n\u00e9cessaires \u00e0 l'\u00e9ducation des peuplements et qui pourra \u00eatre parcouru par \nune premi\u00e8re coupe d'\u00e9claircie en fin de p\u00e9riode ; \n\u25aa Deux groupes d'am\u00e9lioration, d'une contenance totale de 108,11 ha en sylviculture, \nqui seront parcourus par des coupes selon une rotation variant de 6 \u00e0 12 ans en \nfonction de la croissance des peuplements) ; \n\u25aa Un groupe de futaie irr\u00e9guli\u00e8re, d'une contenance de 24,43 ha en sylviculture, qui sera \nparcouru par des coupes visant \u00e0 se rapprocher d'une structure \u00e9quilibr\u00e9e, selon  une \nrotation de 12 ans ; \n\u25aa Un groupe d'\u00eelots de vieilliss ement trait\u00e9 en futaie r\u00e9guli\u00e8re , d'une contenance de \n15,33 ha en sylviculture, qui fera l'objet d'une gestion sp\u00e9cifique, au profit de la \nbiodiversit\u00e9 ; \n\u25aa Un groupe constitu\u00e9 d 'emprises de route foresti\u00e8res , d'une contenance de 4,85 ha, qui \nsera laiss\u00e9 en l'\u00e9tat. \n \n- l'Office National des For\u00eats in formera r\u00e9guli \u00e8rement le Conseil Municipal  de BRAZEY \nEN PLAINE de l'\u00e9tat de l'\u00e9quilibre sylvo -cyn\u00e9g\u00e9tique dans la for\u00eat, et ce dernier mettra en \n\u0153uvre toutes les mesures n\u00e9cessaires \u00e0 son maintien suivant la capacit\u00e9 d'accueil, et en s'assurant \nque le niveau des demande s de plans de chasse concernant la for\u00eat est adapt\u00e9 compte tenu de \nl'\u00e9volution des populations de grand gibier et des d\u00e9g\u00e2ts constat\u00e9s sur les peuplements ; \n- les mesures d\u00e9 finies par les consignes nationales de ge stion visant \u00e0 la pr\u00e9servation de la \nbiodiversit\u00e9 courante (notamment la conservation d'arbres isol\u00e9s \u00e0 cavit\u00e9s  ou s\u00e9nescents) ainsi \nqu'\u00e0 la pr\u00e9servation des sols et des eaux de surface, seront syst\u00e9matiquement mises en \u0153uvre. \nArticle 4 : La Directrice R\u00e9gionale de l'Alimentation, de l'Agriculture , et de la For\u00eat, et le \nDirecteur Territorial de l'Office National des For\u00eats sont charg\u00e9s, chacun en ce qui le concerne, \nde l'ex\u00e9cution du pr\u00e9sent arr\u00eat\u00e9, qui sera publi\u00e9 au recueil des actes administratifs de la \npr\u00e9fecture de C\u00d4TE-D'OR. \n    Besan\u00e7on, le 16 juillet 2025 \nPour le Pr\u00e9fet de la R\u00e9gion Bourgogne-Franche-Comt\u00e9 et par d\u00e9l\u00e9gation, \nLa Directrice R\u00e9gionale de l'Alimentation, de l'Agriculture et de la For\u00eat \net par subd\u00e9l\u00e9gation, \nL'adjoint au Chef du Service R\u00e9gional de la For\u00eat et du Bois \n \nSign\u00e9 \nPierre LAMBAR\u00c9 \n \nDRAAF Bourgogne-Franche-Comt\u00e9 - 21-2025-07-16-00001 - am\u00e9nagement forestier BrazeyEnPlaineRAA 111\nDRAAF Bourgogne-Franche-Comt\u00e9\nService r\u00e9gional de la for\u00eat et du bois\n21-2025-07-16-00002\nam\u00e9nagement forestier Charrey-sur-Sa\u00f4ne\n2024-2043\nDRAAF Bourgogne-Franche-Comt\u00e9 - 21-2025-07-16-00002 - am\u00e9nagement forestier Charrey-sur-Sa\u00f4ne 2024-2043 112\nEZPR\u00c9FET |DE LA R\u00c9GIONBOURGOGNE- ,FRANCHE-COMT\u00c9Libert\u00e9F\u00abalit\u00e9. tternit\u00e9\n \n \nDirection r\u00e9gionale de l'alimentation, \nde l'agriculture et de la for\u00eat \nBourgogne-Franche-Comt\u00e9 \nService r\u00e9gional de la for\u00eat et du bois \n \n \nD\u00e9partement : C\u00d4TE-D'OR \nFor\u00eat communale de CHARREY-SUR-SA\u00d4NE \nContenance cadastrale : 189,8690 ha  \nSurface de gestion : 189,87 ha \nR\u00e9vision du document d'am\u00e9nagement : 2024-2043 \n \n \nArr\u00eat\u00e9 d'am\u00e9nagement  \nportant approbation du document d'Am\u00e9nagement de la for\u00eat communale de  \nCharrey-Sur-Sa\u00f4ne pour la p\u00e9riode 2024-2043 \navec application du 2\u00b0 de l'article L122-7 du code forestier \n \nLe Pr\u00e9fet de la r\u00e9gion B O U R G O G N E - F R A N C H E - C O M T E , \nPr\u00e9fet de la C\u00f4te d'Or, Chevalier de la L\u00e9gion d'Honneur et de l'Ordre National du M\u00e9rite  \n \nVU  les articles L124-1,1\u00b0, L212-1, L212-2, D212-1, D212-2, R212-3, D212-5,2\u00b0, D214-15, et \nD214-16 du Code Forestier ; \nVU  les articles L122-7, L122-8, R122-23 et R122-24 du Code Forestier ; \nVU  les articles L414-4 et R414-19 du Code de l'Environnement ; \nVU  le sch\u00e9ma r\u00e9gional d'am\u00e9nagement de la r\u00e9gion Bourgogne, arr\u00eat\u00e9 en date du 05/12/2011 ; \nVU la d\u00e9lib\u00e9ration du conseil municipal de Charrey sur Sa\u00f4ne en date du 23/09/2024, vis\u00e9e par \nla Pr\u00e9fecture de Dijon le 27/09/2024, donnant son accord au projet d'am\u00e9nagement \nforestier qui lui a \u00e9t\u00e9 pr\u00e9sent\u00e9, et demandant le b\u00e9n\u00e9fice des articles L122 -7 et L122 -8 du \ncode forestier au titre de la r\u00e9glementation Natura 2000 ; \nVU  le d\u00e9cret n\u00b0 2004 -374 du 29 avril 2004 modifi\u00e9 relatif aux pouvoirs des pr\u00e9fets, \u00e0 \nl'organisation et \u00e0 l'action des services de l'Etat dans les r\u00e9gions et d\u00e9partements ; \nVU le d\u00e9cret du 10 octobre 2024 nommant M. Paul MOURIER, pr\u00e9fet de la r\u00e9gion Bourgogne-\nFranche-Comt\u00e9, pr\u00e9fet de la C\u00f4te-d'Or ; \nVU  l'arr\u00eat\u00e9 pr\u00e9fectoral n\u00b0 24-296 BAG du 28 octobre 2024 portant d\u00e9l\u00e9gation de signature du \nPr\u00e9fet \u00e0 Madame Marie-Jeanne FOTR\u00c9 \u2013 MULLER et la d\u00e9cision n\u00b0 25-14- DRAAF BFC \ndu 13 juin 2025, portant subd\u00e9l\u00e9gation \u00e0 Monsieur Pierre LAMBAR\u00c9 ; \nSUR  proposition du Directeur Territorial de l'Office National des For\u00eats ; \nSUR  proposition de la Directrice R\u00e9gionale de l'Alimentation, de l'Agriculture et de la For\u00eat ; \nARR\u00caTE \nArticle 1er : La for\u00eat communale de CHARREY-SUR-SA\u00d4NE (C\u00d4TE-D'OR), d'une contenance \nde 189,87 ha, est affect\u00e9e prioritairement \u00e0 la fonction de production ligneuse et \u00e0 la fonction \n\u00e9cologique, tout en assurant sa fonction sociale et de protection  physique, dans le cadre  d'une \ngestion durable multifonctionnelle.  \nDRAAF Bourgogne-Franche-Comt\u00e9 - 21-2025-07-16-00002 - am\u00e9nagement forestier Charrey-sur-Sa\u00f4ne 2024-2043 113\n \nArticle 2  : Cette for\u00eat comprend une partie bois\u00e9e de 188,35 ha, actuellement compos\u00e9e de \nCh\u00eane sessile (45%), Ch\u00eane p\u00e9doncul\u00e9 (25%), autres feuillus (30%). Le reste, soit 1,52 ha, est \nconstitu\u00e9 d'emprise de route foresti\u00e8re et d'une place de retournement. \nLes peuplements susceptibles de production ligneuse  seront trait\u00e9s en f utaie r\u00e9guli\u00e8re ( dont \nconversion en futaie r\u00e9guli\u00e8re) sur 119,36 ha, en conversion en futaie irr\u00e9guli\u00e8re sur 44,69 h a, en \nconversion en futaie par parquets) sur 23,23 ha, en attente sans traitement d\u00e9fini sur 0,88 ha.  \n \nLes essences -objectif, qui d\u00e9terminent sur le long terme les grands choix de gestion de ces \npeuplements, seront tr\u00e8s majoritairement feuillues : prioritairement, le Ch\u00eane sessile et, dans une \nmoindre mesure , le Robinier, Tilleul, le Bouleau . N\u00e9anmoins, compte tenu de l'incertitude \nactuelle sur l'\u00e9volution des changements climatiques en cours, ces choix d'essences pourront \u00eatre \nmodul\u00e9s en cours d'applicati on de l'am\u00e9nagement pour assurer l'adaptation du choix de chaque \nessence-objectif, ou groupe d'essences -objectif, aux \u00e9volutions des connaissances en mati\u00e8re de \nchangements climatiques et d'adaptation des essences \u00e0 ces changements.  \nLes autres essences se ront favoris\u00e9es comme essences -objectif associ\u00e9es ou comme essences \nd'accompagnement, dans la limite de leur adaptation aux conditions stationnelles futures.  \nArticle 3 : Pendant une dur\u00e9e de 20 ans (2024 \u2013 2043) : \n-  La for\u00eat sera divis\u00e9e en dix groupes de gestion : \n\u25aa Un groupe de r\u00e9g\u00e9n\u00e9ration, d'une contenance de 27,34 ha en sylviculture, au sein \nduquel 16,68 ha seront nouvellement ouverts en r\u00e9g\u00e9n\u00e9ration, 21,81 ha seront \nparcourus par une coupe d\u00e9finitive au cours de la p\u00e9riode ;  \n\u25aa Un groupe de jeunesse, d' une contenance de 6,16 ha en sylviculture, qui fera l'objet \ndes travaux n\u00e9cessaires \u00e0 l'\u00e9ducation des peuplements et qui pourra \u00eatre parcouru par \nune premi\u00e8re coupe d'\u00e9claircie en fin de p\u00e9riode ; \n\u25aa Deux groupes d'am\u00e9lioration, d'une contenance totale de 85, 86 ha en sylviculture, qui \nseront parcourus par des coupes selon une rotation variant de 6 \u00e0 12 ans en fonction de \nla croissance des peuplements ; \n\u25aa Un groupe de futaie par parquets, d'une contenance de 23,23 ha en sylviculture, au \nsein duquel 7,67  ha seront  nouvellement ouverts en r\u00e9g\u00e9n\u00e9ration et 7,67  ha seront \nparcourus par une coupe d\u00e9finitive au cours de la p\u00e9riode, et qui sera parcouru par des \ncoupes selon une rotation de 12 ans ; \n\u25aa Un groupe de futaie irr\u00e9guli\u00e8re, d'une contenance de 44,01  ha en sylviculture, qui sera \nparcouru par des coupes visant \u00e0 se rapprocher d'une structure \u00e9quilibr\u00e9e, selon  une \nrotation de 12 ans ; \n\u25aa Un groupe d'attente, d'une contenance de 0,88  ha en sylviculture, qui sera laiss\u00e9 en \ncroissance libre sur la p\u00e9riode ; \n\u25aa Un groupe d'\u00eelot de vieillissement trait\u00e9 en futaie irr\u00e9guli\u00e8re, d'une contenance de \n0,68 ha en sylviculture, qui fera l'objet d'une gestion sp\u00e9cifique, au profit de la \nbiodiversit\u00e9 ; \n\u25aa Un groupe d'int\u00e9r\u00eat \u00e9cologique g\u00e9n\u00e9ral d'une contenance de 0,19 ha, qui sera laiss\u00e9 \u00e0 \nson \u00e9volution naturelle ; \n\u25aa Un groupe constitu\u00e9 d'emprises des infrastructures, d'une contenance de 1,52  ha, qui \nsera laiss\u00e9 en l'\u00e9tat. \n \n- l'Office National des For\u00eats informera r\u00e9guli\u00e8rement le Conseil Municipal  de CHARREY \nSUR SAONE de l'\u00e9tat de d\u00e9s\u00e9quilibre s ylvo cyn\u00e9g\u00e9tique dans la for\u00eat entrainant la n\u00e9cessit\u00e9 de \nprot\u00e9ger tous les plants qui pourraient \u00eatre mis en place, et ce dernier mettra en \u0153uvre toutes les \nmesures n\u00e9cessaires \u00e0 son r\u00e9tablissement suivant la capacit\u00e9 d'accueil, et en s'assurant en \nparticulier que le niveau des demandes de plans de chasse concernant la for\u00eat en nette \naugmentation compte tenu de l'\u00e9volution des populations de grand gibier et des d\u00e9g\u00e2ts constat\u00e9s \nsur les peuplements; \nDRAAF Bourgogne-Franche-Comt\u00e9 - 21-2025-07-16-00002 - am\u00e9nagement forestier Charrey-sur-Sa\u00f4ne 2024-2043 114\n \n- les mesures d\u00e9finies par les consignes nationales de ges tion visant \u00e0 la pr\u00e9servation de la \nbiodiversit\u00e9 courante (notamment la conservation d'arbres isol\u00e9s \u00e0 cavit\u00e9s, morts, ou s\u00e9nescents) \nainsi qu'\u00e0 la pr\u00e9servation des sols et des eaux de surface, seront syst\u00e9matiquement mises en \n\u0153uvre. \nArticle 4 : Le documen t d 'am\u00e9nagement de la for\u00eat communale de CHARREY-SUR-SA\u00d4NE, \npr\u00e9sentement arr\u00eat\u00e9, est approuv\u00e9 par application du 2\u00b0 de l'article L122 -7 du code forestier, pour le \nprogramme de coupes et de travaux sylvicoles, au titre : \n- de la r\u00e9glementation propre \u00e0 Natu ra 2000 relative \u00e0 la ZPS FR2612007 et \u00e0 la ZSC \nFR2601013 \u00ab For\u00eat de C\u00eeteaux et environs  \u00bb, instaur\u00e9es au titre des Directives europ\u00e9ennes \n\u00ab Oiseaux_et_Habitats naturels \u00bb ; consid\u00e9rant que la for\u00eat est situ\u00e9e pour 100 % de sa surface \ndans le site NATURA 2000. \nArticle 6 : La Directrice R\u00e9gionale de l'Alimentation, de l'Agriculture, et de la For\u00eat, et le \nDirecteur Territorial de l'Office National des For\u00eats sont charg\u00e9s, chacun en ce qui le concerne, \nde l'ex\u00e9cution du pr\u00e9sent arr\u00eat\u00e9, qui sera publi\u00e9 au recue il des actes administratifs de la \npr\u00e9fecture de C\u00d4TE-D'OR. \n    Besan\u00e7on, le 16 juillet 2025 \n \nPour le Pr\u00e9fet de la R\u00e9gion Bourgogne-Franche-Comt\u00e9 et par d\u00e9l\u00e9gation, \nLa Directrice R\u00e9gionale de l'Alimentation, de l'Agriculture et de la For\u00eat \net par subd\u00e9l\u00e9gation, \nL'adjoint au Chef du Service R\u00e9gional de la For\u00eat et du Bois \n \n \nSign\u00e9 \nPierre LAMBAR\u00c9 \n \nDRAAF Bourgogne-Franche-Comt\u00e9 - 21-2025-07-16-00002 - am\u00e9nagement forestier Charrey-sur-Sa\u00f4ne 2024-2043 115\nDRAAF Bourgogne-Franche-Comt\u00e9\nService r\u00e9gional de la for\u00eat et du bois\n21-2025-07-16-00003\nam\u00e9nagement forestier Cirey-Les-Pontailler\n2024-2043\nDRAAF Bourgogne-Franche-Comt\u00e9 - 21-2025-07-16-00003 - am\u00e9nagement forestier Cirey-Les-Pontailler 2024-2043 116\n\u00cbZPR\u00c9FET _DE LA R\u00c9GIONBOURGOGNE- ,FRANCHE-COMT\u00c9Libert\u00e9\u00c9\u00abalit\u00e9. Iternit\u00e9\n \n \nDirection r\u00e9gionale de l'alimentation, \nde l'agriculture et de la for\u00eat \nBourgogne-Franche-Comt\u00e9 \nService r\u00e9gional de la for\u00eat et du bois \n \n \nD\u00e9partement : C\u00d4TE-D'OR \nFor\u00eat communale de CIREY-LES-PONTAILLER \nContenance cadastrale : 184,6765 ha  \nSurface de gestion : 184,68 ha \nR\u00e9vision  du document d'am\u00e9nagement :2024-2043 \n \n \nArr\u00eat\u00e9 d'am\u00e9nagement  \nportant approbation du document d'Am\u00e9nagement de la for\u00eat communale \n de Cirey-Les-Pontailler pour la p\u00e9riode 2024-2043 \n \nLe Pr\u00e9fet de la r\u00e9gion B O U R G O G N E - F R A N C H E - C O M T E , \nPr\u00e9fet de la C\u00f4te d'Or, Chevalier de la L\u00e9gion d'Honneur et de l'Ordre National du M\u00e9rite  \n \nVU  les articles L124-1,1\u00b0, L212-1, L212-2, D212-1, D212-2, R212-3, D212-5,2\u00b0, D214-15, et \nD214-16 du Code Forestier ; \nVU  le sch\u00e9ma r\u00e9gional d'am\u00e9nagement de la r\u00e9gion Bourgogne, arr\u00eat\u00e9 en date du 05/12/2011 ; \nVU la d\u00e9lib\u00e9ration du conseil municipal de Cirey -les-Pontailler en date du 04/11/2024, vis\u00e9 e \npar la Pr\u00e9fecture de Dijon le 14/11/2024, donnant son accord au projet d'am\u00e9nagement \nforestier qui lui a \u00e9t\u00e9 pr\u00e9sent\u00e9 ; \nVU  le d\u00e9cret n\u00b0 2004 -374 du 29 avril 2004 modifi\u00e9 relatif aux pouvoirs des pr\u00e9fets, \u00e0 \nl'organisation et \u00e0 l'action des services de l'Etat dans les r\u00e9gions et d\u00e9partements ; \nVU le d\u00e9cret du 10 octobre 2024 nommant M. Paul MOURIER, pr\u00e9fet de la r\u00e9gion Bourgogne-\nFranche-Comt\u00e9, pr\u00e9fet de la C\u00f4te-d'Or ; \nVU  l'arr\u00eat\u00e9 pr\u00e9fectoral n\u00b0 24-296 BAG du 28 octobre 2024 portant d\u00e9l\u00e9gation de signature du \nPr\u00e9fet \u00e0 Madame Marie-Jeanne FOTR\u00c9 \u2013 MULLER et la d\u00e9cision n\u00b0 25-14- DRAAF BFC \ndu 13 juin 2025, portant subd\u00e9l\u00e9gation \u00e0 Monsieur Pierre LAMBAR\u00c9 ; \nSUR  proposition du Directeur Territorial de l'Office National des For\u00eats ; \nSUR  proposition de la Directrice R\u00e9gionale de l'Alimentation, de l'Agriculture et de la For\u00eat ; \nARR\u00caTE \nArticle 1 er : La for\u00eat communale de CIREY-LES-PONTAILLER (C\u00d4TE-D'OR), d'une \ncontenance de 184,68 ha, est affect\u00e9e prioritairement \u00e0 la fonction de production ligneuse et \u00e0 la \nfonction \u00e9cologique, tout en assurant sa fonction sociale et de protection physique, dans le cadre \nd'une gestion durable multifonctionnelle.  \nArticle 2  : Cette for\u00eat comprend une partie bois\u00e9e de 181,38 ha, actuellement compos\u00e9e de \nCh\u00eane sessile (55%), Autres Feuillus (40%), Ch\u00eane p\u00e9doncul\u00e9 (5%). Le reste, soit 3,30 ha, est \nconstitu\u00e9 d'emprises de routes foresti\u00e8res et places de d\u00e9p\u00f4t. \nLes peuplements susceptibles de production ligneuse seront trait\u00e9s en futaie r\u00e9guli\u00e8re sur 126,03 \nha, en conversion en futaie par parquets sur 35,44 ha, en conversion en futaie irr\u00e9guli\u00e8re sur \n19,46 ha.  \nDRAAF Bourgogne-Franche-Comt\u00e9 - 21-2025-07-16-00003 - am\u00e9nagement forestier Cirey-Les-Pontailler 2024-2043 117\n \nLes essences -objectif, qui d\u00e9terminent sur le long terme les grands choix de gestion de ces \npeuplements, seront tr\u00e8s majoritairement feuillues : prioritairement, le Ch\u00eane sessile et, dans une \nmoindre mesure, le Robinier et le Ch\u00eane P\u00e9doncul\u00e9. N\u00e9anmoins, compte tenu de l'incertitude \nactuelle sur l'\u00e9volution des changements climatiques en cours, ces choix d'essences pourront \u00eatre \nmodul\u00e9s en cours d'application de l'am\u00e9nagement  pour assurer l'adaptation du choix de chaque \nessence-objectif, ou groupe d'essences -objectif, aux \u00e9volutions des connaissa nces en mati\u00e8re de \nchangements climatiques et d'adaptation des essences \u00e0 ces changements.  \nLes autres essences seront favoris\u00e9es comme le Tilleul, le Charme, les Erables, les fruitiers \nsauvages, dans la limite de leur adaptation aux conditions stationnelles futures.  \nArticle 3 : Pendant une dur\u00e9e de 20 ans (2024 \u2013 2043) : \n-  La for\u00eat sera divis\u00e9e en onze groupes de gestion : \n\u25aa  2 groupes de r\u00e9g\u00e9n\u00e9ration, d'une contenance de 17,53 ha en sylviculture, au sein \nduquel 15,82 ha seront nouvellement ouverts en r\u00e9g\u00e9 n\u00e9ration, 17,53 ha seront \nparcourus par une coupe d\u00e9finitive au cours de la p\u00e9riode ;  \n\u25aa Un groupe de jeunesse, d'une contenance de 22,94 ha en sylviculture, qui fera l'objet \ndes travaux n\u00e9cessaires \u00e0 l'\u00e9ducation des peuplements ; \n\u25aa Trois groupes d'am\u00e9lioration, d'une contenance totale de 85,58 ha en sylviculture, qui \nseront parcourus par des coupes selon une rotation variant de 6 \u00e0 15 ans en fonction de \nla croissance des peuplements) ; \n\u25aa Un groupe de futaie par parquets, d'une contenance de 35,44 ha en sylvicult ure, au \nsein duquel 11,55 ha seront nouvellement ouverts en r\u00e9g\u00e9n\u00e9ration et parcourus par une \ncoupe d\u00e9finitive au cours de la p\u00e9riode, et qui sera parcouru par des coupes selon une \nrotation variant de 9 \u00e0 13 ans en fonction de la croissance des peuplements ; \n\u25aa Un groupe de futaie irr\u00e9guli\u00e8re, de 13,75 ha en sylviculture, qui sera parcouru  par des \ncoupes visant \u00e0 se rapprocher d'une structure \u00e9quilibr\u00e9e, selon une rotation de 15 ans ; \n\u25aa Un groupe d'\u00eelot de vieillissement trait\u00e9 en futaie irr\u00e9guli\u00e8re, de 5,71 ha en \nsylviculture, qui fera l'objet d'une gestion sp\u00e9cifique, au profit de la biodiversit\u00e9 ; \n\u25aa Un groupe d'int\u00e9r\u00eat \u00e9cologique de 0,45 ha, qui sera laiss\u00e9 \u00e0 son \u00e9volution naturelle ; \n\u25aa Un groupe constitu\u00e9 d'emprises, d'une contenance de 3,30 ha, qui sera laiss\u00e9 en l'\u00e9tat. \n \n- l'Office National des For\u00eats informera r\u00e9guli\u00e8rement le Conseil Municipal de CIREY-LES-\nPONTAILLER de l'\u00e9tat de l'\u00e9quilibre sylvo -cyn\u00e9g\u00e9tique dans la for\u00eat, et ce dernier mettra en \n\u0153uvre toutes les mesures n\u00e9cessaires \u00e0 son maintien suivant la  capacit\u00e9 d'accueil, et en s'assurant \nque le niveau des demandes de plans de chasse concernant la for\u00eat est adapt\u00e9 compte tenu de \nl'\u00e9volution des populations de grand gibier et des d\u00e9g\u00e2ts constat\u00e9s sur les peuplements ; \n- les mesures d\u00e9finies par les consi gnes nationales de gestion visant \u00e0 la pr\u00e9servation de la \nbiodiversit\u00e9 courante (notamment la conservation d'arbres isol\u00e9s \u00e0 cavit\u00e9s ou s\u00e9nescents) ainsi \nqu'\u00e0 la pr\u00e9servation des sols et des eaux de surface, seront syst\u00e9matiquement mises en \u0153uvre. \nArticle 4 : La Directrice R\u00e9gionale de l'Alimentation, de l'Agriculture, et de la For\u00eat, et le \nDirecteur Territorial de l'Office National des For\u00eats sont charg\u00e9s, chacun en ce qui le concerne, \nde l'ex\u00e9cution du pr\u00e9sent arr\u00eat\u00e9, qui sera publi\u00e9 au recueil des actes administratifs de la \npr\u00e9fecture de C\u00d4TE-D'OR. \n    Besan\u00e7on, le 16 juillet 2025 \nPour le Pr\u00e9fet de la R\u00e9gion Bourgogne-Franche-Comt\u00e9 et par d\u00e9l\u00e9gation, \nLa Directrice R\u00e9gionale de l'Alimentation, de l'Agriculture et de la For\u00eat \net par subd\u00e9l\u00e9gation, \nL'adjoint au Chef du Service R\u00e9gional de la For\u00eat et du Bois \n \nSign\u00e9  Pierre LAMBAR\u00c9 \n \nDRAAF Bourgogne-Franche-Comt\u00e9 - 21-2025-07-16-00003 - am\u00e9nagement forestier Cirey-Les-Pontailler 2024-2043 118\nDRAAF Bourgogne-Franche-Comt\u00e9\nService r\u00e9gional de la for\u00eat et du bois\n21-2025-07-16-00004\nam\u00e9nagement forestier Corberon 2025-2044\nDRAAF Bourgogne-Franche-Comt\u00e9 - 21-2025-07-16-00004 - am\u00e9nagement forestier Corberon 2025-2044 119\nEZPR\u00c9FET _DE LA R\u00c9GIONBOURGOGNE- ,FRANCHE-COMT\u00c9Libert\u00e9Foalit\u00e9. tternit\u00e9\n \n \nDirection r\u00e9gionale de l'alimentation, \nde l'agriculture et de la for\u00eat \nBourgogne-Franche-Comt\u00e9 \nService r\u00e9gional de la for\u00eat et du bois \n \n \nD\u00e9partement : C\u00d4TE-D'OR \nFor\u00eat communale de CORBERON \nContenance cadastrale : 78,3322 ha  \nSurface de gestion : 78,33 ha \nR\u00e9vision du document d'am\u00e9nagement :2025-2044 \n \n \nArr\u00eat\u00e9 d'am\u00e9nagement  \nportant approbation du document d'Am\u00e9nagement de la for\u00eat communale \n de Corberon pour la p\u00e9riode 2025-2044 \navec application du 2\u00b0 de l'article L122-7 du code forestier \n \nLe Pr\u00e9fet de la r\u00e9gion B O U R G O G N E - F R A N C H E - C O M T E , \nPr\u00e9fet de la C\u00f4te d'Or, Chevalier de la L\u00e9gion d'Honneur et de l'Ordre National du M\u00e9rite  \n \nVU  les articles L124-1,1\u00b0, L212-1, L212-2, D212-1, D212-2, R212-3, D212-5,2\u00b0, D214-15, et \nD214-16 du Code Forestier ; \nVU  les articles L122-7, L122-8, R122-23 et R122-24 du Code Forestier ; \nVU  les articles L414-4 et R414-19 du Code de l'Environnement ; \nVU  le sch\u00e9ma r\u00e9gional d'am\u00e9nagement de la r\u00e9gion Bourgogne, arr\u00eat\u00e9 en date du 05/12/2011 ; \nVU la d\u00e9lib\u00e9ration du conseil munici pal de la commune de Corberon en date du 09/01/2025, \nvis\u00e9e par la Pr\u00e9fecture de C\u00f4te d'Or le 10/01/2025, donnant son accord au projet \nd'am\u00e9nagement forestier qui lui a \u00e9t\u00e9 pr\u00e9sent\u00e9, et demandant le b\u00e9n\u00e9fice des articles L122 -\n7 et L122-8 du code forestier au titre de la r\u00e9glementation  propre \u00e0 Natura 2000 relative au \nsite ZSC FR2601013 \u00ab For\u00eat de C\u00eeteaux et environs  \u00bb, instaur\u00e9e au titre de la directive \neurop\u00e9enne \u00ab  Habitats naturels \u00bb et au site ZPS FR2612007 \u00ab For\u00eat de C\u00eeteaux et \nenvirons \u00bb, instaur\u00e9e au titre de la directive europ\u00e9enne \u00ab Oiseaux \u00bb; \nVU  le d\u00e9cret n\u00b0 2004 -374 du 29 avril 2004 modifi\u00e9 relatif aux pouvoirs des pr\u00e9fets, \u00e0 \nl'organisation et \u00e0 l'action des services de l'Etat dans les r\u00e9gions et d\u00e9partements ; \nVU le d\u00e9cret du 10 octobre 2024 nommant M. Paul MOURIER, pr\u00e9fet de la r\u00e9gion Bourgogne-\nFranche-Comt\u00e9, pr\u00e9fet de la C\u00f4te-d'Or ; \nVU  l'arr\u00eat\u00e9 pr\u00e9fectoral n\u00b0 24-296 BAG du 28 octobre 2024 portant d\u00e9l\u00e9gation de signature du \nPr\u00e9fet \u00e0 Madame Marie-Jeanne FOTR\u00c9 \u2013 MULLER et la d\u00e9cision n\u00b0 25-14- DRAAF BFC \ndu 13 juin 2025, portant subd\u00e9l\u00e9gation \u00e0 Monsieur Pierre LAMBAR\u00c9 ; \nSUR  proposition du Directeur Territorial de l'Office National des For\u00eats ; \nSUR  proposition de la Directrice R\u00e9gionale de l'Alimentation, de l'Agriculture et de la For\u00eat ; \nARR\u00caTE \nArticle 1er : La for\u00eat communale de CORBERON (C\u00d4TE-D'OR), d'une contenance de 78,33 ha, \nest affect\u00e9e prioritairement \u00e0 la fonction de production ligneuse et \u00e0 la fonction \u00e9cologique, tout \nen assurant sa fonction sociale et de protection physique, dans le c adre d'une gestion durable \nmultifonctionnelle.  \nDRAAF Bourgogne-Franche-Comt\u00e9 - 21-2025-07-16-00004 - am\u00e9nagement forestier Corberon 2025-2044 120\n \nArticle 2 : Cette for\u00eat comprend une partie bois\u00e9e de 76,03 ha, actuellement compos\u00e9e de Ch\u00eane \nsessile (34%), de Ch\u00eane p\u00e9doncul\u00e9 (33%), de Peuplier divers (6%), d'Aulne glutineux (5%), de \nFr\u00eane (5%), et d'Aut res Feuillus (17%). Le reste, soit 2,30 ha, est constitu\u00e9 des emprises de \npistes foresti\u00e8res et de lignes \u00e9lectriques. \nLes peuplements susceptibles de production ligneuse seront trait\u00e9s en Futaie r\u00e9guli\u00e8re  dont \nconversion en futaie r\u00e9guli\u00e8re sur 56,06 ha, et en conversion en futaie irr\u00e9guli\u00e8re sur 18,27 ha.  \n \nLes essences -objectif, qui d\u00e9terminent sur le long terme les grands choix de gestion de ces \npeuplements, seront tr\u00e8s majoritairement feuillues : prioritairement, le Ch\u00eane sessile et, dans une \nmoindre m esure, le Ch\u00eane p\u00e9doncul\u00e9, le Noyer noir, le Peuplier. N\u00e9anmoins, compte tenu de \nl'incertitude actuelle sur l'\u00e9volution des changements climatiques en cours, ces choix d'essences \npourront \u00eatre modul\u00e9s en cours d'application de l'am\u00e9nagement  pour assurer l' adaptation du \nchoix de chaque essence -objectif, ou groupe d'essences -objectif, aux \u00e9volutions des \nconnaissances en mati\u00e8re de changements climatiques et d'adaptation des essences \u00e0 ces \nchangements.  \nLes autres essences seront favoris\u00e9es comme essences -objectif associ\u00e9es ou comme essences \nd'accompagnement, dans la limite de leur adaptation aux conditions stationnelles futures.  \nArticle 3 : Pendant une dur\u00e9e de 20 ans (2025 \u2013 2044) : \n-  La for\u00eat sera divis\u00e9e en dix groupes de gestion : \n\u25aa  Deux groupes de r\u00e9g\u00e9n\u00e9 ration, d'une contenance de 12,54 ha en sylviculture, au sein \nduquel 10,16 ha seront nouvellement ouverts en r\u00e9g\u00e9n\u00e9ration, 12,24 ha seront \nparcourus par une coupe d\u00e9finitive au cours de la p\u00e9riode ;  \n\u25aa Un groupe de jeunesse, d'une contenance de 11,64 ha en s ylviculture, qui fera l'objet \ndes travaux n\u00e9cessaires \u00e0 l'\u00e9ducation des peuplements et qui pourra \u00eatre parcouru par \nune premi\u00e8re coupe d'\u00e9claircie en fin de p\u00e9riode ; \n\u25aa Trois groupes d'am\u00e9lioration, d'une contenance totale de 29,59 ha en sylviculture, qui \nseront parcourus par des coupes selon une rotation variant de 6 \u00e0 12 ans en fonction de \nla croissance des peuplements ; \n\u25aa Un groupe de futaie irr\u00e9guli\u00e8re, d'une contenance de 18,27  ha en sylviculture, qui sera \nparcouru par des coupes visant \u00e0 se rapprocher d'u ne structure \u00e9quilibr\u00e9e, selon  une \nrotation de 10 ans ; \n\u25aa Un groupe d'\u00eelots de vieillissement trait\u00e9 en futaie r\u00e9guli\u00e8re d'une contenance de \n2,29 ha en sylviculture, qui fera l'objet d'une gestion sp\u00e9cifique, au profit de la \nbiodiversit\u00e9 ; \n\u25aa Un hors sylvicultu re d'une contenance de 1,70  ha, qui sera laiss\u00e9 \u00e0 son \u00e9volution \nnaturelle ; \n\u25aa Un groupe constitu\u00e9 des emprises de piste foresti\u00e8re et de lignes \u00e9lectriques, d'une \ncontenance de 2,30 ha, qui sera laiss\u00e9 en l'\u00e9tat. \n \n- 0,7 km d'empierrement de pistes existantes  sera r\u00e9alis\u00e9  afin d'am\u00e9liorer la desserte du \nmassif ; \n- l'Office National des For\u00eats informera r\u00e9guli\u00e8rement le Conseil Municipal  de Corberon de \nl'\u00e9tat de l'\u00e9quilibre sylvo -cyn\u00e9g\u00e9tique dans la for\u00eat, et ce dernier mettra en \u0153uvre toutes les \nmesures n\u00e9cessaires \u00e0 son maintien suivant la capacit\u00e9 d'accueil, et en s'assurant en particulier \nque le niveau des demandes de plans de chasse concernant la for\u00eat est adapt\u00e9 compte tenu de \nl'\u00e9volution des populations de grand gibier et des d\u00e9g\u00e2ts constat\u00e9s sur les peuplements ; \n- les mesures d\u00e9finies par les consignes nationales de gestion visant \u00e0 la pr\u00e9servation de la \nbiodiversit\u00e9 courante (notamment la conservation d'arbres isol\u00e9s \u00e0 cavit\u00e9s, morts, ou s\u00e9nescents) \nainsi qu'\u00e0 la pr\u00e9servation des sols et des eaux de sur face, seront syst\u00e9matiquement mises en \n\u0153uvre. \nDRAAF Bourgogne-Franche-Comt\u00e9 - 21-2025-07-16-00004 - am\u00e9nagement forestier Corberon 2025-2044 121\n \nArticle 4 : Le document d'am\u00e9nagement de la for\u00eat communale de CORBERON, pr\u00e9sentement \narr\u00eat\u00e9, est approuv\u00e9 par application du 2\u00b0 de l'article L122 -7 du code forestier, pour le programme \nde coupes et de travaux sylvicoles, \u00e0 l'exclusion des travaux d'infrastructure, au titre : \n- de la r\u00e9glementation propre \u00e0 Natura 2000 relative au site ZSC FR2601013 \u00ab For\u00eat de C\u00eeteaux \net environs \u00bb, instaur\u00e9e au titre de la directive europ\u00e9enne \u00ab  Habitats naturels \u00bb et au site Z PS \nFR2612007 \u00ab For\u00eat de C\u00eeteaux et environs  \u00bb, instaur\u00e9e au titre de la directive europ\u00e9enne \n\u00ab Oiseaux \u00bb ; consid\u00e9rant que la for\u00eat est situ\u00e9e pour 64 % de sa surface dans les sites \nNATURA 2000; \nArticle 5 : La Directrice R\u00e9gionale de l'Alimentation, de l'A griculture, et de la For\u00eat, et le \nDirecteur Territorial de l'Office National des For\u00eats sont charg\u00e9s, chacun en ce qui le concerne, \nde l'ex\u00e9cution du pr\u00e9sent arr\u00eat\u00e9, qui sera publi\u00e9 au recueil des actes administratifs de la \npr\u00e9fecture de C\u00d4TE-D'OR. \n \n    Besan\u00e7on, le 16 juillet 2025 \n \nPour le Pr\u00e9fet de la R\u00e9gion Bourgogne-Franche-Comt\u00e9 et par d\u00e9l\u00e9gation, \nLa Directrice R\u00e9gionale de l'Alimentation, de l'Agriculture et de la For\u00eat \net par subd\u00e9l\u00e9gation, \nL'adjoint au Chef du Service R\u00e9gional de la For\u00eat et du Bois \n \nSign\u00e9 \nPierre LAMBAR\u00c9 \n \nDRAAF Bourgogne-Franche-Comt\u00e9 - 21-2025-07-16-00004 - am\u00e9nagement forestier Corberon 2025-2044 122\nDRAAF Bourgogne-Franche-Comt\u00e9\nService r\u00e9gional de la for\u00eat et du bois\n21-2025-07-16-00005\nam\u00e9nagement forestier ETORMAY 2025-2044\nDRAAF Bourgogne-Franche-Comt\u00e9 - 21-2025-07-16-00005 - am\u00e9nagement forestier ETORMAY 2025-2044 123\n\u00cbExPR\u00c9FET |DE LA R\u00c9GIONBOURGOGNE- ,FRANCHE-COMT\u00c9Libert\u00e9alit\u00e91ternit\u00e9\n \n \nDirection r\u00e9gionale de l'alimentation, \nde l'agriculture et de la for\u00eat \nBourgogne-Franche-Comt\u00e9 \nService r\u00e9gional de la for\u00eat et du bois \n \n \nD\u00e9partement : C\u00d4TE-D'OR \nFor\u00eat communale de \u00c9TORMAY \nContenance cadastrale : 98,7262 ha  \nSurface de gestion : 98,73 ha \nR\u00e9vision du document d'am\u00e9nagement :2025-2044 \n \n \nArr\u00eat\u00e9 d'am\u00e9nagement  \nportant approbation du document d'am\u00e9nagement de la for\u00eat communale  \nd' \u00c9tormay pour la p\u00e9riode 2025-2044 \n \nLe Pr\u00e9fet de la r\u00e9gion B O U R G O G N E - F R A N C H E - C O M T E , \nPr\u00e9fet de la C\u00f4te d'Or, Chevalier de la L\u00e9gion d'Honneur et de l'Ordre National du M\u00e9rite  \n \nVU  les articles L124-1,1\u00b0, L212-1, L212-2, D212-1, D212-2, R212-3, D212-5,2\u00b0, D214-15, et \nD214-16 du Code Forestier ; \nVU l'article R212-4 du Code Forestier ; \nVU  le sch\u00e9ma r\u00e9gional d'am\u00e9nagement de la r\u00e9gion Bourgogne, arr\u00eat\u00e9 en date du 05/12/2011 ; \nVU l'approbation de Conseil municipal de la commune d' \u00c9tormay en date du 05/11/2024, \nvis\u00e9e par la Sous -Pr\u00e9fecture de Montbard le 08/01/2025, donnant son accord au projet \nd'am\u00e9nagement forestier qui lui a \u00e9t\u00e9 pr\u00e9sent\u00e9 ; \nVU  le d\u00e9cret n\u00b0 2004 -374 du 29 avril 2004 modifi\u00e9 relatif aux pouvoirs des pr\u00e9fets, \u00e0 \nl'organisation et \u00e0 l'action des services de l'Etat dans les r\u00e9gions et d\u00e9partements ; \nVU le d\u00e9cret du 10 octobre 2024 nommant M. Paul MOURIER, pr\u00e9fet de la r\u00e9gion Bourgogne-\nFranche-Comt\u00e9, pr\u00e9fet de la C\u00f4te-d'Or ; \nVU  l'arr\u00eat\u00e9 pr\u00e9fectoral n\u00b0 24-296 BAG du 28 octobre 2024 portant d\u00e9l\u00e9gation de signature du \nPr\u00e9fet \u00e0 Madame Marie-Jeanne FOTR\u00c9 \u2013 MULLER et la d\u00e9cision n\u00b0 25-14- DRAAF BFC \ndu 13 juin 2025, portant subd\u00e9l\u00e9gation \u00e0 Monsieur Pierre LAMBAR\u00c9 ; \nSUR  proposition du Directeur Territorial de l'Office National des For\u00eats ; \nSUR  proposition de la Directrice R\u00e9gionale de l'Alimentation, de l'Agriculture et de la For\u00eat ; \nARR\u00caTE \nArticle 1er : La for\u00eat  communale d'Etormay (C\u00d4TE-D'OR), d'une contenance de 98,73 ha, est \naffect\u00e9e prioritairement \u00e0 la fonction de production ligneuse et \u00e0 la fonction \u00e9cologique, tout en \nassurant sa fonction sociale et de protection physique, dans le cadre  d'une gestion durab le \nmultifonctionnelle.  \nArticle 2 : Cette for\u00eat comprend une partie bois\u00e9e de 98,73 ha, actuellement compos\u00e9e de Ch\u00eanes \n(57%), Charme (21%), Erable champ\u00eatre (11%), H\u00eatre (7%), divers Feuillus (3%) et divers \nR\u00e9sineux (1%).  \nLes peuplements susceptibles de production ligneuse  seront trait\u00e9s en conversion en futaie \nirr\u00e9guli\u00e8re sur 93,17 ha et en conversion en futaie r\u00e9guli\u00e8re sur 5,56 ha. \nDRAAF Bourgogne-Franche-Comt\u00e9 - 21-2025-07-16-00005 - am\u00e9nagement forestier ETORMAY 2025-2044 124\n \nLes essences -objectif, qui d\u00e9terminent sur le long terme les grands choix de gestion de ces \npeuplements, seront majoritair ement feuillues  : ch\u00eane sessile, \u00e9ventuellement r\u00e9sineuses. \nN\u00e9anmoins, compte tenu de l'incertitude actuelle sur l'\u00e9volution des changements climatiques en \ncours, ces choix d'essences pourront \u00eatre modul\u00e9s en cours d'application de l'am\u00e9nagement pour \nassurer l'adaptation du choix de chaque essence -objectif, aux \u00e9volutions des connaissances en \nmati\u00e8re de changements climatiques et d'adaptation des essences \u00e0 ces changements.  \nArticle 3 : Pendant une dur\u00e9e de 20 ans (2025 \u2013 2044) : \n-  La for\u00eat sera divis\u00e9e en trois groupes de gestion : \n\u25aa Un groupe  de r\u00e9g\u00e9n\u00e9ration, d'une contenance de 5,56 ha en sylviculture, qui seront \nnouvellement ouverts en r\u00e9g\u00e9n\u00e9ration, et parcourus par une coupe d\u00e9finitive au cours \nde la p\u00e9riode ;  \n\u25aa Deux groupes de futaie irr\u00e9guli\u00e8re, d'une c ontenance de 93,17  ha en sylviculture,  qui \nseront parcourus  par des coupes visant \u00e0 se rapprocher d'une structure \u00e9quilibr\u00e9e, \nselon une rotation variant de 8 \u00e0 20 ans en fonction de la croissance des peuplements ; \n \n- 0,95 km de route empierr\u00e9e et une place  de d\u00e9p\u00f4t seront cr\u00e9\u00e9s et remis aux normes afin \nd'am\u00e9liorer la desserte du massif ; \n- l'Office National des For\u00eats informera r\u00e9guli\u00e8rement le Conseil Municipal d' Etormay de \nl'\u00e9tat de d\u00e9s\u00e9quilibre sylvo -cyn\u00e9g\u00e9tique dans la for\u00eat entrainant la n\u00e9cessit\u00e9 de prot\u00e9ger tous les \nplants qui pourraient \u00eatre mis en place, et ce dernier mettra en \u0153uvre toutes les mesures \nn\u00e9cessaires \u00e0 son r\u00e9tablissement suivant la capacit\u00e9 d'accueil, et en s'assurant en particulier que \nle niveau des demandes de plans de chasse concer nant la for\u00eat est en nette augmentation compte \ntenu de l'\u00e9volution des populations de grand gibier et des d\u00e9g\u00e2ts constat\u00e9s sur les peuplements; \n- les mesures d\u00e9finies par les consignes nationales de gestion visant \u00e0 la pr\u00e9servation de la \nbiodiversit\u00e9 courante (notamment la conservation d'arbres isol\u00e9s \u00e0 cavit\u00e9s, morts, ou s\u00e9nescents) \nainsi qu'\u00e0 la pr\u00e9servation des sols et des eaux de surface, seront syst\u00e9matiquement mises en \n\u0153uvre. \nArticle 4 : La Directrice R\u00e9gionale de l'Alimentation, de l'Agriculture, et de la For\u00eat, et le \nDirecteur Territorial de l'Office National des For\u00eats sont charg\u00e9s, chacun en ce qui le concerne, \nde l'ex\u00e9cution du pr\u00e9sent arr\u00eat\u00e9, qui sera publi\u00e9 au recueil des actes administratifs de la \npr\u00e9fecture de C\u00d4TE-D'OR. \n \n    Besan\u00e7on, le 16 juillet 2025 \n \nPour le Pr\u00e9fet de la R\u00e9gion Bourgogne-Franche-Comt\u00e9 et par d\u00e9l\u00e9gation, \nLa Directrice R\u00e9gionale de l'Alimentation, de l'Agriculture et de la For\u00eat \net par subd\u00e9l\u00e9gation, \nL'adjoint au Chef du Service R\u00e9gional de la For\u00eat et du Bois \n \n \nSign\u00e9 \n \nPierre LAMBAR\u00c9 \n \nDRAAF Bourgogne-Franche-Comt\u00e9 - 21-2025-07-16-00005 - am\u00e9nagement forestier ETORMAY 2025-2044 125\nDRAAF Bourgogne-Franche-Comt\u00e9\nService r\u00e9gional de la for\u00eat et du bois\n21-2025-07-16-00006\nam\u00e9nagement forestier Fontaine-Les-S\u00e8ches\n2024-2043\nDRAAF Bourgogne-Franche-Comt\u00e9 - 21-2025-07-16-00006 - am\u00e9nagement forestier Fontaine-Les-S\u00e8ches 2024-2043 126\nEZPR\u00c9FET _DE LA R\u00c9GIONBOURGOGNE- .FRANCHE-COMT\u00c9L'z'berte'\u00c9galit\u00e9Fraternit\u00e9\n \n \nDirection r\u00e9gionale de l'alimentation, \nde l'agriculture et de la for\u00eat \nBourgogne-Franche-Comt\u00e9 \nService r\u00e9gional de la for\u00eat et du bois \n \n \nD\u00e9partement : C\u00d4TE-D'OR \nFor\u00eat communale de FONTAINES-LES-S\u00c8CHES \nContenance cadastrale : 269,0028 ha  \nSurface de gestion : 269,00 ha \nR\u00e9vision du document d'am\u00e9nagement : 2024-2043 \n \n \nArr\u00eat\u00e9 d'am\u00e9nagement  \nportant approbation du document d'Am\u00e9nagement de la for\u00eat communale  \nde Fontaines-Les-S\u00e8ches pour la p\u00e9riode 2024-2043 \n \nLe Pr\u00e9fet de la r\u00e9gion B O U R G O G N E - F R A N C H E - C O M T E , \nPr\u00e9fet de la C\u00f4te d'Or, Chevalier de la L\u00e9gion d'Honneur et de l'Ordre National du M\u00e9rite  \n \nVU  les articles L124-1,1\u00b0, L212-1, L212-2, D212-1, D212-2, R212-3, D212-5,2\u00b0, D214-15, et \nD214-16 du Code Forestier ; \nVU  le sch\u00e9ma r\u00e9gional d'am\u00e9nagement de la r\u00e9gion Bourgogne, arr\u00eat\u00e9 en date du 05/12/2011 ; \nVU la d\u00e9lib\u00e9ration du conseil municipal de Fontaines -Les-S\u00e8ches en date du 11/02/2025, vis\u00e9e \npar la Sous -pr\u00e9fecture de Montbard le 19/02/2025, donnant son accord au projet \nd'am\u00e9nagement forestier qui lui a \u00e9t\u00e9 pr\u00e9sent\u00e9; \nVU  le d\u00e9cret n\u00b0 2004 -374 du 29 avril 2004 modifi\u00e9 relatif aux pouvoirs des pr\u00e9fets, \u00e0 \nl'organisation et \u00e0 l'action des services de l'Etat dans les r\u00e9gions et d\u00e9partements ; \nVU le d\u00e9cret du 10 octobre 2024 nommant M. Paul MOURIER, pr\u00e9fet de la r\u00e9gion Bourgogne-\nFranche-Comt\u00e9, pr\u00e9fet de la C\u00f4te-d'Or ; \nVU  l'arr\u00eat\u00e9 pr\u00e9fectoral n\u00b0 24-296 BAG du 28 octobre 2024 portant d\u00e9l\u00e9gation de signature du \nPr\u00e9fet \u00e0 Madame Marie-Jeanne FOTR\u00c9 \u2013 MULLER et la d\u00e9cision n\u00b0 25-14- DRAAF BFC \ndu 13 juin 2025, portant subd\u00e9l\u00e9gation \u00e0 Monsieur Pierre LAMBAR\u00c9 ; \nSUR  proposition du Directeur Territorial de l'Office National des For\u00eats ; \nSUR  proposition de la Directrice R\u00e9gionale de l'Alimentation, de l'Agriculture et de la For\u00eat ; \nARR\u00caTE \nArticle 1 er : La for\u00eat communale de FONTAINES-LES-S\u00c8CHES (C\u00d4TE-D'OR), d'une \ncontenance de 269,00 ha, est affect\u00e9e prioritairement \u00e0 la fonction de production  ligneuse et \u00e0 la \nfonction \u00e9cologique, tout en assurant sa fonction sociale et de protection physique, dans le cadre \nd'une gestion durable multifonctionnelle.  \nArticle 2 : Cette for\u00eat comprend une partie bois\u00e9e de 268,70 ha, actuellement compos\u00e9e de Ch\u00eane \nsessile ou p\u00e9doncul\u00e9 (62%), Charme (19%), Erable champ\u00eatre (8%), Pin sylvestre (5%), Pin laricio \n(3%), Autres Feuillus (1%), Autres R\u00e9sineux (1%), H\u00eatre (1%). Le reste, soit 0,30 ha, est constitu\u00e9 \nde places de d\u00e9p\u00f4ts et pelouses. \nLes peuplements susceptibles de production ligneuse  seront trait\u00e9s en Futaie irr\u00e9guli\u00e8re dont \nconversion en futaie irr\u00e9guli\u00e8re sur 179,06 ha, futaie r\u00e9guli\u00e8re dont conversion en futaie r\u00e9guli\u00e8re \nsur 75,93 ha et attente sans traitement d\u00e9fini sur 13,71 ha, .  \nDRAAF Bourgogne-Franche-Comt\u00e9 - 21-2025-07-16-00006 - am\u00e9nagement forestier Fontaine-Les-S\u00e8ches 2024-2043 127\n \nLes essences-objectif, qui d\u00e9terminent sur le long terme les grands choix de gestion de ces \npeuplements, seront tr\u00e8s majoritairement feuillues : prioritairement, le ch\u00eane sessile et, dans une \nmoindre mesure , l'\u00e9rable champ\u00eatre ainsi  qu'un maximum de diversit\u00e9 . Les essences -objectif \nr\u00e9sineuses resteront localis\u00e9es et tr\u00e8s minoritaires  sur la for\u00eat  : pin Laricio et pin sylvestre . \nN\u00e9anmoins, compte tenu de l'incertitude actuelle sur l'\u00e9volution des changements climatiques en \ncours, ces choix d'essences pourront \u00eatre modul\u00e9s en cours d'application de l'am\u00e9nagement pour \nassurer l'adaptation du choix de chaque essence -objectif aux \u00e9volutions des connaissances en \nmati\u00e8re de changements climatiques et d'adaptation des essences \u00e0 ces changements.  \nLes autres essences seront favoris\u00e9es comme comme essences d'accompagnement, dans la limite \nde leur adaptation aux conditions stationnelles futures. \nArticle 3 : Pendant une dur\u00e9e de 20 ans (2024 \u2013 2043) : \n-  La for\u00eat sera divis\u00e9e en 10 groupes de gestion : \n\u25aa  Un groupe de reconstitution, d'une contenance de 4,33 ha en sylviculture, dans lequel \ndes placeaux d'enrichissement seront plant\u00e9s  \n\u25aa Un groupe de jeunesse, d'une contenance de 12,11 ha en sylviculture, qui fera l'objet \ndes travaux n\u00e9cessaires \u00e0 l'\u00e9ducation des peuplements ; \n\u25aa Deux groupes d'am\u00e9lioration, d'une contenance totale de 59,49 ha en sylviculture, qui \nseront parcourus par des coupes selon une rotation variant de 6 \u00e0 11 ans en fonction de \nla croissance des peuplements ; \n\u25aa Trois groupes de futaie irr\u00e9guli\u00e8re, d'une contenance totale de 177,30 ha en sylviculture, \nqui sera parcouru par des coupes visant \u00e0 se rapprocher d'une structure \u00e9quilibr\u00e9e, selon \nune rotation variant de 12 \u00e0 20 ans en fonction de la croissance des peuplements ; \n\u25aa Un groupe d'attente, de 13,71 ha en sylviculture, qui sera laiss\u00e9 en croissance libre ; \n\u25aa Un groupe d'\u00eelots de vieillissement trait\u00e9 en futaie irr\u00e9guli\u00e8re, de 1,76 ha en sylviculture, \nqui fera l'objet d'une gestion sp\u00e9cifique, au profit de la biodiversit\u00e9 ; \n\u25aa Un groupe constitu\u00e9 de pelouses et place de d\u00e9p\u00f4t, de 0,30 ha, qui sera laiss\u00e9 en l'\u00e9tat. \n \n- 5 places de d\u00e9p\u00f4t seront cr\u00e9\u00e9es afin d'am\u00e9liorer la desserte du massif ; \n- l'Office National des For\u00eats informera r\u00e9guli\u00e8rement le Conseil Municipal de FONTAINES \nLES SECHES de l'\u00e9tat de d\u00e9s\u00e9quilibre sylvo -cyn\u00e9g\u00e9tique dans la for\u00eat entrainant la n\u00e9cessit\u00e9 de \nprot\u00e9ger tous les plants qui pourraient \u00eatre mis en place, et ce dernier mettra en oeuvre toutes les \nmesures n\u00e9cessaires \u00e0 son r\u00e9tablissement suivant  la capacit\u00e9 d'accueil, et en s'assurant que le \nniveau des demandes de plans de chasse concernant la for\u00eat soit en nette augmentation compte \ntenu de l'\u00e9volution des populations de grand gibier et des d\u00e9g\u00e2ts constat\u00e9s sur les peuplements; \n- les mesures d\u00e9fi nies par les consignes nationales de gestion visant \u00e0 la pr\u00e9servation de la \nbiodiversit\u00e9 courante (notamment la conservation d'arbres isol\u00e9s \u00e0 cavit\u00e9s, morts, ou s\u00e9nescents) \nainsi qu'\u00e0 la pr\u00e9servation des sols et des eaux de surface, seront syst\u00e9matiquement mises en \u0153uvre. \nArticle 4 : La Directrice R\u00e9gionale de l'Alimentation, de l'Agriculture, et de la For\u00eat, et le Directeur \nTerritorial de l'Office National des For\u00eats sont charg\u00e9s, chacun en ce qui le concerne, de \nl'ex\u00e9cution du pr\u00e9sent arr\u00eat\u00e9, qui sera publi\u00e9 au recueil des actes administratifs de la pr\u00e9fecture de \nC\u00d4TE-D'OR. \n    Besan\u00e7on, le 16 juillet 2025 \nPour le Pr\u00e9fet de la R\u00e9gion Bourgogne-Franche-Comt\u00e9 et par d\u00e9l\u00e9gation, \nLa Directrice R\u00e9gionale de l'Alimentation, de l'Agriculture et de la For\u00eat \net par subd\u00e9l\u00e9gation, \nL'adjoint au Chef du Service R\u00e9gional de la For\u00eat et du Bois \n \nSign\u00e9 \nPierre LAMBAR\u00c9 \n \nDRAAF Bourgogne-Franche-Comt\u00e9 - 21-2025-07-16-00006 - am\u00e9nagement forestier Fontaine-Les-S\u00e8ches 2024-2043 128\nDRAAF Bourgogne-Franche-Comt\u00e9\nService r\u00e9gional de la for\u00eat et du bois\n21-2025-07-16-00007\nam\u00e9nagement forestier\nLABERGEMENT-Les-seurre 2024-2043\nDRAAF Bourgogne-Franche-Comt\u00e9 - 21-2025-07-16-00007 - am\u00e9nagement forestier LABERGEMENT-Les-seurre 2024-2043 129\nE XNPR\u00c9FET _DE LA R\u00c9GIONBOURGOGNE- ,FRANCHE-COMT\u00c9Libert\u00e9alit\u00e9aternit\u00e9\n \n \nDirection r\u00e9gionale de l'alimentation, \nde l'agriculture et de la for\u00eat \nBourgogne-Franche-Comt\u00e9 \nService r\u00e9gional de la for\u00eat et du bois \n \n \n \nD\u00e9partement : C\u00d4TE-D'OR \nFor\u00eat communale de LABERGEMENT-L\u00c8S-\nSEURRE \nContenance cadastrale : 693,9288 ha  \nSurface de gestion : 693,93 ha \nR\u00e9vision du document d'am\u00e9nagement :2024-2043 \n \n \nArr\u00eat\u00e9 d'am\u00e9nagement  \nportant approbation du document d'Am\u00e9nagement de la for\u00eat communale \n de Labergement-L\u00e8s-Seurre pour la p\u00e9riode 2024-2043 \navec application du 2\u00b0 de l'article L122-7 du code forestier \n \nLe Pr\u00e9fet de la r\u00e9gion B O U R G O G N E - F R A N C H E - C O M T E , \nPr\u00e9fet de la C\u00f4te d'Or, Chevalier de la L\u00e9gion d'Honneur et de l'Ordre National du M\u00e9rite  \n \nVU les articles L124-1,1\u00b0, L212-1, L212-2, D212-1, D212-2, R212-3, D212-5,2\u00b0, D214-15, et \nD214-16 du Code Forestier ; \nVU les articles L122-7, L122-8, R122-23 et R122-24 du Code Forestier ; \nVU les articles L414-4 et R414-19 du Code de l'Environnement ; \nVU le sch\u00e9ma r\u00e9gional d'am\u00e9nagement de la r\u00e9gion Bourgogne, arr\u00eat\u00e9 en date du 05/12/2011 ; \nVU la d\u00e9lib\u00e9ration en conseil municipal de la commune de Labergement-L\u00e8s-Seurre en date du \n18/01/2025, vis\u00e9e par la Pr\u00e9fecture de Dijon le 23/01/2025, donnant son accord au projet \nd'am\u00e9nagement forestier qui lui a \u00e9t\u00e9 pr\u00e9sent\u00e9, et demandant le b\u00e9n\u00e9fice des articles  L122-\n7 et L122-8 du code forestier au titre de la r\u00e9glementation de Natura 2000 ; \nVU le d\u00e9cret n\u00b0 2004 -374 du 29 avril 2004 modifi\u00e9 relatif aux pouvoirs des pr\u00e9fets, \u00e0 \nl'organisation et \u00e0 l'action des services de l'Etat dans les r\u00e9gions et d\u00e9partements ; \nVU le d\u00e9cret du 10 octobre 2024 nommant M. Paul MOURIER, pr\u00e9fet de la r\u00e9gion Bourgogne-\nFranche-Comt\u00e9, pr\u00e9fet de la C\u00f4te-d'Or ; \nVU l'arr\u00eat\u00e9 pr\u00e9fectoral n\u00b0 24-296 BAG du 28 octobre 2024 portant d\u00e9l\u00e9gation de signature du \nPr\u00e9fet \u00e0 Madame Marie-Jeanne FOTR\u00c9 \u2013 MULLER et la d\u00e9cision n\u00b0 25-14- DRAAF BFC \ndu 13 juin 2025, portant subd\u00e9l\u00e9gation \u00e0 Monsieur Pierre LAMBAR\u00c9 ; \nSUR proposition du Directeur Territorial de l'Office National des For\u00eats ; \nSUR proposition de la Directrice R\u00e9gionale de l'Alimentation, de l'Agriculture et de la For\u00eat ; \nARR\u00caTE \nArticle 1 er : La for\u00eat communale de LABERGEMENT-L\u00c8S-SEURRE (C\u00d4TE-D'OR), d'une \ncontenance de 693,93 ha, est affect\u00e9e prioritairement \u00e0 la fonction de production ligneuse et \u00e0 la \nfonction \u00e9cologique, tout en assurant sa fonct ion sociale et de protection physique, dans le cadre \nd'une gestion durable multifonctionnelle.  \nDRAAF Bourgogne-Franche-Comt\u00e9 - 21-2025-07-16-00007 - am\u00e9nagement forestier LABERGEMENT-Les-seurre 2024-2043 130\n \nArticle 2  : Cette for\u00eat comprend une partie bois\u00e9e de 681,27 ha, actuellement compos\u00e9e de \nCh\u00eane sessile (44%), de Ch\u00eane p\u00e9doncul\u00e9 (39%), d'Autres Feuillus (9%), de Tremble (7%) et de \nMerisier (1%). Le reste, soit 12,66 ha, est constitu\u00e9 d'espaces non bois\u00e9s  : concessions, routes \nforesti\u00e8res... \nLes peuplements susceptibles de production ligneuse seront trait\u00e9s en Futaie r\u00e9guli\u00e8re  dont la \nconversion en futaie r\u00e9guli\u00e8re sur 505,82 ha, en conversion en futaie irr\u00e9guli\u00e8re sur 128,85 ha, et \nen Attente sans traitement d\u00e9fini sur 41,86 ha,.  \n \nEn dehors des surfaces consacr\u00e9es aux tests en gestion, les essences -objectif, qui d\u00e9terminent sur \nle long terme les grands choix d e gestion de ces peuplements, seront tr\u00e8s majoritairement \nfeuillues : prioritairement, le ch\u00eane sessile  et, dans une moindre mesure , le ch\u00eane p\u00e9doncul\u00e9, le \nmerisier, l'aulne glutineux,\u2026 Les autres essences -objectif feuillues resteront localis\u00e9es et tr\u00e8s \nminoritaires sur la for\u00eat : l'\u00e9rable sycomore, le peuplier, le robinier. N\u00e9anmoins, compte tenu de \nl'incertitude actuelle sur l'\u00e9volution des changements climatiques en cours, ces choix d'essences \npourront \u00eatre modul\u00e9s en cours d'application de l'am\u00e9nagement  pour assurer l'adaptation du \nchoix de chaque essence -objectif, ou groupe d'essences -objectif, aux \u00e9volutions des \nconnaissances en mati\u00e8re de changements climatiques et d'adaptation des essences \u00e0 ces \nchangements.  \nSur les surfaces consacr\u00e9es aux tests en gestion pour l'adaptation des essences aux changements \nclimatiques, les essences -objectif seront choisies au moment de la mise en \u0153uvre de ces \nplantations parmi un panel d'essences adapt\u00e9es au vu des connaissances actualis\u00e9es sur les \nchangements climatiques et sur le comportement de ces essences. \nLes autres essences seront favoris\u00e9es comme essences d'accompagnement, dans la limite de leur \nadaptation aux conditions stationnelles futures.  \nArticle 3 : Pendant une dur\u00e9e de 20 ans (2024 \u2013 2043) : \n-  La for\u00eat sera divis\u00e9e en onze groupes de gestion : \n\u25aa Deux groupes de r\u00e9g\u00e9n\u00e9ration, d'une contenance de 83,16 ha en sylviculture, au sein \nduquel 60,63 ha seront nouvellement ouverts en r\u00e9g\u00e9n\u00e9ration, 83,16 ha seront \nparcourus par une coupe d\u00e9finitive au cours de la p\u00e9riode ;  \n\u25aa Un groupe de jeunesse, d'une contenance de 43,31 ha en sylviculture, qui fera l'objet \ndes travaux n\u00e9cessaires \u00e0 l'\u00e9ducation des peuplements ; \n\u25aa Trois groupes d'am\u00e9lioration, d'une contenance totale de 343,48 ha en sylviculture, \nqui seront parcourus par  des coupes selon une rotation variant de 8 \u00e0 15 ans en \nfonction de la croissance des peuplements ; \n\u25aa Un groupe  de futaie irr\u00e9guli\u00e8re, d'une contenance de 128,85  ha en sylviculture, qui \nsera parcouru par des coupes visant \u00e0 se rapprocher d'une structure \u00e9qu ilibr\u00e9e, selon \nune rotation variant de 8 \u00e0 10 ans en fonction de la croissance des peuplements ; \n\u25aa Un groupe d'attente, d'une contenance de 41,86  ha en sylviculture, qui sera laiss\u00e9 en \ncroissance libre sur la p\u00e9riode ; \n\u25aa Un groupe d'\u00eelots de vieillissement tra it\u00e9 en futaie r\u00e9guli\u00e8re, d'une contenance de \n35,87 ha en sylviculture, qui fera l'objet d'une gestion sp\u00e9cifique, au profit de la \nbiodiversit\u00e9 ; \n\u25aa Un groupe d'int\u00e9r\u00eat \u00e9cologique g\u00e9n\u00e9ral d'une contenance de 4,74  ha, qui sera laiss\u00e9 \u00e0 \nson \u00e9volution naturelle ; \n\u25aa Un groupe hors sylviculture constitu\u00e9 d'espaces non bois\u00e9s (routes, concessions), \nd'une contenance de 12,66 ha, qui sera laiss\u00e9 en l'\u00e9tat. \n \n- l'Office National des For\u00eats informera r\u00e9guli\u00e8rement le Conseil Municipal de \nLABERGEMENT LES SEURRE de l'\u00e9tat de d\u00e9s\u00e9quilibre sylvo cyn\u00e9g\u00e9tique dans la for\u00eat \nentra\u00eenant la n\u00e9cessit\u00e9 de prot\u00e9ger tous les plants qui pourraient \u00eatre mis en place, et ce dernier \nDRAAF Bourgogne-Franche-Comt\u00e9 - 21-2025-07-16-00007 - am\u00e9nagement forestier LABERGEMENT-Les-seurre 2024-2043 131\n \nmettra en \u0153uvre toutes les mesures n\u00e9cessaires \u00e0 son r\u00e9tablissement suivant la capacit\u00e9 d'accueil, \net en s'assurant en particulier que le niveau des demandes de plans de chasse concernant la for\u00eat \nest adapt\u00e9 compte tenu de l'\u00e9volution des populations de grand gibier et des d\u00e9g\u00e2ts constat\u00e9s sur \nles peuplements; \n- les mesures d\u00e9finies par les consignes nationales de gestion visant \u00e0 la pr\u00e9servation de la \nbiodiversit\u00e9 courante (notamment la conservation d'arbres isol\u00e9s \u00e0 cavit\u00e9s, morts, ou s\u00e9nescents) \nainsi qu'\u00e0 la pr\u00e9servation des sols et des eaux de surface, seront syst\u00e9matiquement mises en \n\u0153uvre. \nArticle 4 : Le docu ment d'am\u00e9nagement de la for\u00eat communale de LABERGEMENT-L\u00c8S-\nSEURRE, pr\u00e9sentement arr\u00eat\u00e9, est approuv\u00e9 par application du 2\u00b0 de l'article L122 -7 du code \nforestier, pour le programme de coupes et de travaux sylvicoles, au titre : \n- de la r\u00e9glementation propre \u00e0 Natura 2000 relative \u00e0 la ZSC FR2601013 \u00ab For\u00eat de C\u00eeteaux et \nenvirons \u00bb, instaur\u00e9e au titre de la Directive europ\u00e9enne \u00ab  Habitats naturels \u00bb, \u00e0 la ZPS \nFR2612007 \u00ab  For\u00eat de C\u00eeteaux et environs, instaur\u00e9e au titre de la Directive europ\u00e9enne \n\u00ab Oiseaux \u00bb ; c onsid\u00e9rant que la for\u00eat est situ\u00e9e pour 99 % de sa surface dans les sites \nNATURA 2000. \nArticle 5 : La Directrice R\u00e9gionale de l'Alimentation, de l'Agriculture, et de la For\u00eat, et le \nDirecteur Territorial de l'Office National des For\u00eats sont charg\u00e9s, cha cun en ce qui le concerne, \nde l'ex\u00e9cution du pr\u00e9sent arr\u00eat\u00e9, qui sera publi\u00e9 au recueil des actes administratifs de la \npr\u00e9fecture de C\u00d4TE-D'OR. \n \n    Besan\u00e7on, le 16 juillet 2025 \n \nPour le Pr\u00e9fet de la R\u00e9gion Bourgogne-Franche-Comt\u00e9 et par d\u00e9l\u00e9gation, \nLa Directrice R\u00e9gionale de l'Alimentation, de l'Agriculture et de la For\u00eat \net par subd\u00e9l\u00e9gation, \nL'adjoint au Chef du Service R\u00e9gional de la For\u00eat et du Bois \n \nSign\u00e9 \n \nPierre LAMBAR\u00c9 \n \nDRAAF Bourgogne-Franche-Comt\u00e9 - 21-2025-07-16-00007 - am\u00e9nagement forestier LABERGEMENT-Les-seurre 2024-2043 132\nDRAAF Bourgogne-Franche-Comt\u00e9\nService r\u00e9gional de la for\u00eat et du bois\n21-2025-07-16-00008\nam\u00e9nagement forestier Neuilly - Crimolois\n2025-2044\nDRAAF Bourgogne-Franche-Comt\u00e9 - 21-2025-07-16-00008 - am\u00e9nagement forestier Neuilly - Crimolois 2025-2044 133\nE XNPR\u00c9FET _DE LA R\u00c9GIONBOURGOGNE- ,FRANCHE-COMT\u00c9Libert\u00e9alit\u00e9aternit\u00e9\n \n \nDirection r\u00e9gionale de l'alimentation, \nde l'agriculture et de la for\u00eat \nBourgogne-Franche-Comt\u00e9 \nService r\u00e9gional de la for\u00eat et du bois \n \n \n \nD\u00e9partement : C\u00d4TE-D'OR \nFor\u00eat communale de NEUILLY-CRIMOLOIS \nContenance cadastrale : 51,3544 ha  \nSurface de gestion : 51,35 ha \nR\u00e9vision du document d'am\u00e9nagement :2025-2044 \n \n \nArr\u00eat\u00e9 d'am\u00e9nagement  \nportant approbation du document d'Am\u00e9nagement de la for\u00eat communale de  \nNeuilly-Crimolois pour la p\u00e9riode 2025-2044 \n \nLe Pr\u00e9fet de la r\u00e9gion B O U R G O G N E - F R A N C H E - C O M T E , \nPr\u00e9fet de la C\u00f4te d'Or, Chevalier de la L\u00e9gion d'Honneur et de l'Ordre National du M\u00e9rite  \n \nVU  les articles L124-1,1\u00b0, L212-1, L212-2, D212-1, D212-2, R212-3, D212-5,2\u00b0, D214-15, et \nD214-16 du Code Forestier ; \nVU  le sch\u00e9ma r\u00e9gional d'am\u00e9nagement de la r\u00e9gion Bourgogne, arr\u00eat\u00e9 en date du 05/12/2011 ; \nVU la d\u00e9lib\u00e9ration du conseil municipal de Neuilly-Crimolois en date du 20 janvier 2025, vis\u00e9e \npar la Pr\u00e9fecture de Dijon le 27 janvier 2025, donnant son accord au projet d'am\u00e9nagement \nforestier qui lui a \u00e9t\u00e9 pr\u00e9sent\u00e9 ; \nVU  le d\u00e9cret n\u00b0 2004 -374 du 29 avril 2004 modifi\u00e9 relatif aux pouvoirs des pr\u00e9fets, \u00e0 \nl'organisation et \u00e0 l'action des services de l'Etat dans les r\u00e9gions et d\u00e9partements ; \nVU le d\u00e9cret du 10 octobre 2024 nommant M. Paul MOURIER, pr\u00e9fet de la r\u00e9gion Bourgogne-\nFranche-Comt\u00e9, pr\u00e9fet de la C\u00f4te-d'Or ; \nVU  l'arr\u00eat\u00e9 pr\u00e9fectoral n\u00b0 24 -296 BAG du 28 octobre 2024 portant d\u00e9l\u00e9gation de signature du \nPr\u00e9fet \u00e0 Madame Marie-Jeanne FOTR\u00c9 \u2013 MULLER et la d\u00e9cision n\u00b0 25-14- DRAAF BFC \ndu 13 juin 2025, portant subd\u00e9l\u00e9gation \u00e0 Monsieur Pierre LAMBAR\u00c9 ; \nSUR  proposition du Directeur Territorial de l'Office National des For\u00eats ; \nSUR  proposition de la Directrice R\u00e9gionale de l'Alimentation, de l'Agriculture et de la For\u00eat ; \nARR\u00caTE \nArticle 1er : La for\u00eat communale de NEUILLY-CRIMOLOIS (C\u00d4TE-D'OR), d'une contenance \nde 51,35 ha, est affect\u00e9e prioritairement \u00e0 la fonction de production ligneuse et \u00e0 la fonction \n\u00e9cologique, tout en assurant sa fonction sociale et de protection physique, dans le cadre  d'une \ngestion durable multifonctionnelle.  \nArticle 2  : Cette for\u00eat comprend une partie bois\u00e9e de 51,35 ha, actuellement compos\u00e9e de \nfeuillus divers (51%), Ch\u00eane sessile (27%), Ch\u00eane p\u00e9doncul\u00e9 (22%).  \nLes peuplements susceptibles de production ligneuse  seront trait\u00e9s en f utaie r\u00e9gul i\u00e8re (dont \nconversion en futaie r\u00e9guli\u00e8re) sur 35,38 ha, futaie irr\u00e9guli\u00e8re (dont conversion en futaie \nirr\u00e9guli\u00e8re) sur 9,81 ha.  \nDRAAF Bourgogne-Franche-Comt\u00e9 - 21-2025-07-16-00008 - am\u00e9nagement forestier Neuilly - Crimolois 2025-2044 134\n \nEn dehors des surfaces consacr\u00e9es aux tests en gestion, les essences -objectif, qui d\u00e9terminent sur \nle long terme les grands ch oix de gestion de ces peuplements, seront tr\u00e8s majoritairement \nfeuillues : prioritairement, le Ch\u00eane sessile  et, dans une moindre mesure , le Robinier, le Ch\u00eane \np\u00e9doncul\u00e9. Les essences -objectif suivantes resteront localis\u00e9es et tr\u00e8s minoritaires  sur la for\u00ea t : \nCh\u00eane pubescent, Erables, Tulipier, Cormier et Tilleul. N\u00e9anmoins, compte tenu de l'incertitude \nactuelle sur l'\u00e9volution des changements climatiques en cours, ces choix d'essences pourront \u00eatre \nmodul\u00e9s en cours d'application de l'am\u00e9nagement  pour assurer l'adaptation du choix de chaque \nessence-objectif, ou groupe d'essences -objectif, aux \u00e9volutions des connaissances en mati\u00e8re de \nchangements climatiques et d'adaptation des essences \u00e0 ces changements.  \nSur les surfaces consacr\u00e9es aux tests en gestion pou r l'adaptation des essences aux changements \nclimatiques, les essences -objectif seront choisies au moment de la mise en \u0153uvre de ces \nplantations parmi un panel d'essences adapt\u00e9es au vu des connaissances actualis\u00e9es sur les \nchangements climatiques et sur le comportement de ces essences. \nLes autres essences seront favoris\u00e9es comme essences -objectif associ\u00e9es ou comme essences \nd'accompagnement, dans la limite de leur adaptation aux conditions stationnelles futures.  \nArticle 3 : Pendant une dur\u00e9e de 20 ans (2025 \u2013 2044) : \n-  La for\u00eat sera divis\u00e9e en six groupes de gestion : \n\u25aa  Un groupe de r\u00e9g\u00e9n\u00e9ration,de 8,30 ha en sylviculture, qui seront nouvellement \nouverts en r\u00e9g\u00e9n\u00e9ration, et parcourus par une coupe d\u00e9finitive au cours de la p\u00e9riode ;  \n\u25aa Un groupe de jeunesse, d'une contenance de 3,56 ha en sylviculture, qui fera l'objet \ndes travaux n\u00e9cessaires \u00e0 l'\u00e9ducation des peuplements et qui pourra \u00eatre parcouru par \nune premi\u00e8re coupe d'\u00e9claircie en fin de p\u00e9riode ; \n\u25aa Deux groupes d'am\u00e9lioration, d'une contenance totale de 2 3,52 ha en sylviculture, qui \nseront parcourus par des coupes selon une rotation variant de 6 \u00e0 12 ans en fonction de \nla croissance des peuplements ; \n\u25aa Un groupe de futaie irr\u00e9guli\u00e8re, de 9,81  ha en sylviculture, qui sera parcouru  par des \ncoupes visant \u00e0 se rapprocher d'une structure \u00e9quilibr\u00e9e, selon une rotation de 12 ans ; \n\u25aa Un groupe d'int\u00e9r\u00eat \u00e9cologique de 6,16 ha, qui sera laiss\u00e9 \u00e0 son \u00e9volution naturelle ; \n- Une place de d\u00e9p\u00f4t sera cr\u00e9\u00e9e afin d'am\u00e9liorer la desserte du massif ; \n- l'Office National des For \u00eats informera r\u00e9guli\u00e8rement le Conseil Municipal de NEUILLY-\nCRIMOLOIS de l'\u00e9tat de d\u00e9s\u00e9quilibre sylvo cyn\u00e9g\u00e9tique dans la for\u00eat entrainant la n\u00e9cessit\u00e9 de \nprot\u00e9ger tous les plants qui pourraient \u00eatre mis en place, et ce dernier mettra en \u0153uvre toutes les \nmesures n\u00e9cessaires \u00e0 son r\u00e9tablissement suivant la capacit\u00e9 d'accueil, et en s'assurant  que le \nniveau des demandes de plans de chasse concernant la for\u00eat est en nette augmentation compte \ntenu de l'\u00e9volution des populations de grand gibier et des d\u00e9g\u00e2ts constat\u00e9s sur les peuplements; \n- les mesures d\u00e9finies par les consignes nationales de gestion visant \u00e0 la pr\u00e9servation de la \nbiodiversit\u00e9 courante (notamment la conservation d'arbres isol\u00e9s \u00e0 cavit\u00e9s ou s\u00e9nescents) ainsi \nqu'\u00e0 la pr\u00e9servation des sols et des eaux de surface, seront syst\u00e9matiquement mises en \u0153uvre.  \nArticle 4 : La Directrice R\u00e9gionale de l'Alimentation, de l'Agriculture, et de la For\u00eat, et le \nDirecteur Territorial de l'Office National des For\u00eats sont charg\u00e9s, chacun en ce qui le concerne, \nde l' ex\u00e9cution du pr\u00e9sent arr\u00eat\u00e9, qui sera publi\u00e9 au recueil des actes administratifs de la \npr\u00e9fecture de C\u00d4TE-D'OR. \n    Besan\u00e7on, le 16 juillet 2025 \nPour le Pr\u00e9fet de la R\u00e9gion Bourgogne-Franche-Comt\u00e9 et par d\u00e9l\u00e9gation, \nLa Directrice R\u00e9gionale de l'Alimentation, de l'Agriculture et de la For\u00eat \net par subd\u00e9l\u00e9gation, \nL'adjoint au Chef du Service R\u00e9gional de la For\u00eat et du Bois \nSign\u00e9 \nPierre LAMBAR\u00c9 \n \nDRAAF Bourgogne-Franche-Comt\u00e9 - 21-2025-07-16-00008 - am\u00e9nagement forestier Neuilly - Crimolois 2025-2044 135\nPr\u00e9fecture de la C\u00f4te-d'Or\nDirection des s\u00e9curit\u00e9s\n21-2025-07-18-00001\nArr\u00eat\u00e9 pr\u00e9fectoral N\u00b0 1060 \nportant interdiction de rassemblements festifs \u00e0\ncaract\u00e8re musical et interdiction de circulation\nde tout v\u00e9hicule transportant du mat\u00e9riel de son\n\u00e0 destination d'un rassemblement festif \u00e0\ncaract\u00e8re musical non autoris\u00e9\nPr\u00e9fecture de la C\u00f4te-d'Or - 21-2025-07-18-00001 - Arr\u00eat\u00e9 pr\u00e9fectoral N\u00b0 1060 \nportant interdiction de rassemblements festifs \u00e0 caract\u00e8re musical et interdiction de circulation de tout v\u00e9hicule transportant du\nmat\u00e9riel de son \u00e0 destination d'un rassemblement festif \u00e0 caract\u00e8re musical non autoris\u00e9\n136\nExPREFETDE LACOTE-D'ORLibert\u00e9Egalit\u00e9Fraternit\u00e9\nDirection des s\u00e9curit\u00e9s\nBureau d\u00e9fense et s\u00e9curit\u00e9\nDijon, le 18 juillet 2025\nArr\u00eat\u00e9 pr\u00e9fectoral N\u00b0 1060\nportant interdiction de rassemblements festifs \u00e0 caract\u00e8re musical et interdiction de circulation\nde tout v\u00e9hicule transportant du mat\u00e9riel de son \u00e0 destination d'un rassemblement festif\n\u00e0 caract\u00e8re musical non autoris\u00e9\nLe pr\u00e9fet de la C\u00f4te-d'Or\nVU le code de la s\u00e9curit\u00e9 int\u00e9rieure, notamment ses articles L. 211-5 et suivants, R. 211-2 et suivants et\nR. 211-27 et suivants ;\nVU le code g\u00e9n\u00e9ral des collectivit\u00e9s territoriales, notamment l'article L. 2215-1 ;\nVU le code p\u00e9nal ;\nVU le code de la route ;\nVU le code de la voirie routi\u00e8re ;\nVU le d\u00e9cret n\u00b02004-374 du 29 avril 2004 modifi\u00e9 relatif aux pouvoirs des pr\u00e9fets, \u00e0 l'organisation et \u00e0\nl'action des services de l'\u00c9tat dans les r\u00e9gions et d\u00e9partements ;\nVU l'arr\u00eat\u00e9 pr\u00e9fectoral n\u00b0 443/SG du 17 mars 2025 donnant d\u00e9l\u00e9gation de signature \u00e0 madame Aur\u00e9lie\nCONTRECIVILE, sous-pr\u00e9f\u00e8te, directrice de cabinet du pr\u00e9fet de la r\u00e9gion Bourgogne-Franche-Comt\u00e9,\npr\u00e9fet de la C\u00f4te-d'Or ;\nCONSID\u00c9RANT que  des  organisateurs  pr\u00e9voient  r\u00e9guli\u00e8rement  des  \u00ab  free-party \u00bb  pouvant  regrouper\nplusieurs centaines de participants dans le d\u00e9partement de la C\u00f4te-d'Or  ; qu'\u00e0 titre d'exemples, de tels\nrassemblements ont eu lieu ou ont tent\u00e9 de se tenir le 8 avril 2023 \u00e0 Corpoyer-la-Chapelle, le 13  mai 2023\n\u00e0 Auxey-Duresses, le 16 juin 2023 \u00e0 Antheuil, le 2 septembre 2023 \u00e0 Vielverge, le 9  septembre 2023 \u00e0\nFontennelle, le 28 septembre 2024 \u00e0 C\u00eeteaux, le 26 octobre 2024 \u00e0 Semezanges, le 9 novembre 2024 \u00e0\nMeloisey, le 16 novembre 2024 \u00e0 Perrigny-sur-l'Ognon et le 29 novembre 2024 \u00e0 Mavilly-Mandelot ;\nCONSID\u00c9RANT que,  selon  les  \u00e9l\u00e9ments  d'information  disponibles,  des  rassemblements  festifs  \u00e0\ncaract\u00e8re musical r\u00e9pondant \u00e0 l'ensemble des caract\u00e9ristiques \u00e9nonc\u00e9es par les dispositions de l'article\nR. 211-2 du code de la s\u00e9curit\u00e9 int\u00e9rieure, pouvant regrouper plusieurs centaines de participant s, sont\nsusceptibles d'\u00eatre organis\u00e9s dans le d\u00e9partement de la C\u00f4te-d'Or le week-end du vendredi 18 juillet  au\ndimanche 20 juillet 2025 inclus  ; qu'un appel \u00e0 rassemblement de type F ree Party a \u00e9t\u00e9 d\u00e9tect\u00e9 sur les\nr\u00e9seaux laissant craindre qu'un \u00e9v\u00e9nement d'ampleur pourrait se tenir sur le d\u00e9partement de la C\u00f4te-\nd'Or ;\nCONSID\u00c9RANT qu'en application des dispositions de l'article L. 211-5 du code de la s\u00e9curit\u00e9 int\u00e9rieure,\nce  type  de  rassemblement  est  soumis  \u00e0  l'obligation  de  d\u00e9claration  pr\u00e9alable  aupr\u00e8s  du  pr\u00e9fet  de\nd\u00e9partement,  pr\u00e9cisant  le  nombre  pr\u00e9visible  de  participants  ainsi  que  les  mesures  envisag\u00e9es  par\nl'organisateur pour garantir la s\u00e9curit\u00e9, la salubrit\u00e9, l'hygi\u00e8ne et la tranquillit\u00e9 publiques ;\nCONSID\u00c9RANT qu'aucune d\u00e9claration pr\u00e9alable n'a \u00e9t\u00e9 d\u00e9pos\u00e9e aupr\u00e8s du pr\u00e9fet de la C\u00f4te-d'Or  ; que\nl'organisateur n'est pas identifi\u00e9 e t que les terrains sur lesquels sont susceptibles de se d\u00e9rouler ces\nrassemblements ne sont pas connus ;\nPr\u00e9fecture de la C\u00f4te-d'Or - 21-2025-07-18-00001 - Arr\u00eat\u00e9 pr\u00e9fectoral N\u00b0 1060 \nportant interdiction de rassemblements festifs \u00e0 caract\u00e8re musical et interdiction de circulation de tout v\u00e9hicule transportant du\nmat\u00e9riel de son \u00e0 destination d'un rassemblement festif \u00e0 caract\u00e8re musical non autoris\u00e9\n137\nCONSID\u00c9RANT que ce type de rassemblement regroupant un grand nombre de participants peut\nprovoquer des troubles \u00e0 l'ordre public qu'ils soient li\u00e9s \u00e0 l'augmentation du risque de conduite sous\nl'emprise  d'alcool  ou  de  stup\u00e9fiants  ou  encore  \u00e0  la  g\u00eane  occasionn\u00e9e  par  le  niveau  sonore\nextr\u00eamement \u00e9lev\u00e9 de la musique diffus\u00e9e ; que les moyens appropri\u00e9s en mati\u00e8re de lutte contre\nl'incendie et de secours aux personnes, ainsi qu'en mati\u00e8re de s\u00e9curit\u00e9 sanitaire et routi\u00e8re ne peuvent\n\u00eatre r\u00e9unis ;\nCONSID\u00c9RANT que dans ces circonstances, ces rassemblements sont de nature \u00e0 provoquer des\ntroubles graves \u00e0 l'ordre public  ; que leur interdiction, qui est strictement n\u00e9cessaire et proportionn\u00e9e\naux objectifs poursuivis, est seule de nature \u00e0 pr\u00e9venir efficacement ces troubles ;\nCONSID\u00c9RANT qu'en  l'absence  d'identification  du  lieu  g\u00e9ographique  susceptible  d'accueillir  les\nrassemblements festifs \u00e0 caract\u00e8re musical envisag\u00e9s, et afin de donner un effet utile \u00e0 l'interdiction, il\ny  a  lieu  d'interdire,  sauf  motif  l\u00e9gitime,  la  circulation  des  v\u00e9hicules  transportant  du  mat\u00e9riel  de\nsonorisation sur l'ensemble des r\u00e9seaux routiers du d\u00e9partement de la C\u00f4te-d'Or ;\nSUR proposition de madame la directrice de cabinet du pr\u00e9fet de la r\u00e9gion Bourgogne-Franche-Comt\u00e9,\npr\u00e9fet de la C\u00f4te-d'Or,\nARR\u00caTE\nArticle  1er :  Les  rassemblements  festifs  \u00e0  caract\u00e8re  musical  r\u00e9pondant  \u00e0  l'ensemble  des\ncaract\u00e9ristiques  \u00e9nonc\u00e9es  \u00e0  l'article  R.  211-2  du  code  de  la  s\u00e9curit\u00e9  int\u00e9rieure,  autres  que  ceux\nl\u00e9galement  d\u00e9clar\u00e9s ou autoris\u00e9s, sont interdits sur l'ensemble du d\u00e9partement de la C\u00f4te-d'Or du\nvendredi 18 juillet \u00e0 16h00 au lundi 21 juillet 2025 \u00e0 08h00.\nArticle  2 :  La  circulation  de  tout  v\u00e9hicule  transportant  du  mat\u00e9riel  de  sonorisation  (notamment\n\u00ab sound system  \u00bb et amplificateurs) \u00e0 destination d'un rassemblement festif \u00e0 caract\u00e8re musical non\nautoris\u00e9 est interdite sur l'ensemble des r\u00e9seaux routiers du d\u00e9partement de la C\u00f4te-d'Or du vendredi\n18 juillet \u00e0 16h00 au lundi 21 juillet 2025 \u00e0 08h00.\nArticle 3 : Toute infraction au pr\u00e9sent arr\u00eat\u00e9 est passible des sanctions pr\u00e9vues par l'article R. 211-27\ndu code de la s\u00e9curit\u00e9 int\u00e9rieure et peut donner lieu \u00e0 la saisie du mat\u00e9riel en vue de sa confiscation\npar le tribunal.\nArticle 4 : Le secr\u00e9taire g\u00e9n\u00e9ral de la pr\u00e9fecture de la C\u00f4te-d'Or, la directrice de cabinet du pr\u00e9fet de\nla r\u00e9gion Bourgogne-Franche-Comt\u00e9, pr\u00e9fet de la C\u00f4te-d'Or, le G\u00e9n\u00e9ral, commandant la r\u00e9gion de\ngendarmerie  de  Bourgogne-Franche-Comt\u00e9,  commandant  le  groupement  de  gendarmerie\nd\u00e9partementale de la C\u00f4te-d'Or et le directeur interd\u00e9partemental de la police nationale de la C\u00f4te-\nd'Or sont charg\u00e9s, chacun en ce qui le concerne, de l'ex\u00e9cution du pr\u00e9sent arr\u00eat\u00e9 qui sera publi\u00e9 au\nrecueil des actes administratifs de la pr\u00e9fecture, et adress\u00e9 pour copie \u00e0 monsieur le procureur de la\nR\u00e9publique pr\u00e8s le tribunal judiciaire de Dijon.\nFait \u00e0 Dijon, le 18 juillet 2025\nLe pr\u00e9fet,\nPour le pr\u00e9fet et par d\u00e9l\u00e9gation,\nLa sous-pr\u00e9f\u00e8te, directrice de cabinet,\nORIGINAL SIGN\u00c9\nAur\u00e9lie CONTRECIVILE\nD\u00e9lais et voies de recours     :  \nLe pr\u00e9sent arr\u00eat\u00e9 peut faire l'objet, dans un d\u00e9lai de deux mois \u00e0 compter de sa publication :\n- Soit d'un recours gracieux devant le pr\u00e9fet de la C\u00f4te-d'Or ou d'un recours hi\u00e9rarchique aupr\u00e8s du Ministre de l'int\u00e9rieur.\n- Soit d'un recours contentieux devant le tribunal administratif de Dijon (22 Rue d'Assas, 21000 Dijon). La juridiction administrative\ncomp\u00e9tente peut \u00eatre saisie par l'application T\u00e9l\u00e9recours citoyens, accessible \u00e0 partir du site www.telerecours.fr.\nDans le cas du rejet d'un recours gracieux ou hi\u00e9rarchique, le tribunal administratif peut \u00eatre saisi dans un d\u00e9lai de deux mois \u00e0 compter\nde la date de la d\u00e9cision de rejet.\nPr\u00e9fecture de la C\u00f4te-d'Or - 21-2025-07-18-00001 - Arr\u00eat\u00e9 pr\u00e9fectoral N\u00b0 1060 \nportant interdiction de rassemblements festifs \u00e0 caract\u00e8re musical et interdiction de circulation de tout v\u00e9hicule transportant du\nmat\u00e9riel de son \u00e0 destination d'un rassemblement festif \u00e0 caract\u00e8re musical non autoris\u00e9\n138\nSDIS de C\u00f4te-d'Or\n21-2025-07-01-00014\n2025_Liste Aptitude Op\u00e9rationnelle Sauvetage\nD\u00e9blaiement Modificatif 1\nSDIS de C\u00f4te-d'Or - 21-2025-07-01-00014 - 2025_Liste Aptitude Op\u00e9rationnelle Sauvetage D\u00e9blaiement Modificatif 1 139\nPREFETDE LACOTE-D'ORL'iberte'Egalit\u00e9Fraternit\u00e9\n\\'/;?7',; /Z [4 -\n22 D Boulevard Winston Churchull>5 16209 - 21 062 DIJON CedexSDIS de la C\u00f4te-d'Or\nAffaire suivie par : sous-direction optimisation du potentiel op\u00e9rationnel\nSDIS 21 / service \u00e9quipes sp\u00e9cialis\u00e9es\nT\u00e9l : 03 80 11 27 87\nM\u00e9l : formation@sdis21.org\nArr\u00eat\u00e9\nPortant sur la liste d'aptitude op\u00e9rationnelle\nUnit\u00e9 de sauvetage d\u00e9blaiement\nAnn\u00e9e 2025 \u2013Modificatif n\u00b0 1\nLe pr\u00e9fet de la C\u00f4te-d'Or\nVu le code g\u00e9n\u00e9ral des collectivit\u00e9s territoriales et particuli\u00e8rement l'article R 1424-54 ;\nVu l'arr\u00eat\u00e9 du 6 mai 2000 modifi\u00e9 fixant les conditions d'aptitudes m\u00e9dicales des sapeurs-pompiers professionnels et\nvolontaires ;\nVu l'arr\u00eat\u00e9 du 22 ao\u00fbt 2019 relatif aux formations des sapeurs-pompiers professionnels et volontaires ;\nVu l'arr\u00eat\u00e9 du 15 juillet 2022 relatif \u00e0 la d\u00e9signation et aux missions des r\u00e9f\u00e9rents de sp\u00e9cialit\u00e9s mentionn\u00e9s \u00e0 l'article\nR. 722-1 du code de la s\u00e9curit\u00e9 int\u00e9rieure ;\nVu l'arr\u00eat\u00e9 pr\u00e9fectoral du 18 septembre 2020 fixant la liste des unit\u00e9s op\u00e9rationnelles ;\nVu le r\u00e8glement op\u00e9rationnel du service d\u00e9partemental d'incendie et de secours de la C\u00f4te-d'Or en date du 06 octobre\n2021 ;\nVu le SDACR approuv\u00e9 par arr\u00eat\u00e9 pr\u00e9fectoral n\u00b0 1818 du 22 d\u00e9cembre 2023 ;\nVu le guide de doctrine op\u00e9rationnelle \u00ab interventions en milieux effondr\u00e9s ou instables \u00bb de septembre 2021 ;\nVu la participation des agents d\u00e9sign\u00e9s aux activit\u00e9s de formation de maintien et de perfectionnement des acquis ;\nVu le nombre de chef de section (1), chefs d'unit\u00e9 (13), de sauveteurs (50) ;\nSur proposition de monsieur le directeur d\u00e9partemental des services d'incendie et de secours ;\nARR\u00caTE\nArticle 1 : La liste annuelle d\u00e9partementale d'aptitude op\u00e9rationnelle des sapeurs-pompiers de l'unit\u00e9\n\u00ab sauvetage d\u00e9blaiement \u00bb du d\u00e9partement de la C\u00f4te-d'Or s'\u00e9tablit comme suit :\nNom Pr\u00e9nom Emploi op\u00e9rationnel Niveau de formation Mention compl\u00e9mentaire\nGENELOT Eric * USAR 3 Chef de section sauveteur d\u00e9blayeur Risques b\u00e2timentaires\nALIBERT David USAR 2 Chef d'unit\u00e9 sauveteur d\u00e9blayeur /\nBAUDRAND Julien USAR 2 Chef d'unit\u00e9 sauveteur d\u00e9blayeur Risques b\u00e2timentaires\nBERNARD Philippe USAR 2 Chef d'unit\u00e9 sauveteur d\u00e9blayeur Risques b\u00e2timentaires\nBERNIER Julien USAR 2 Chef d'unit\u00e9 sauveteur d\u00e9blayeur /\nBOUCHER Herv\u00e9 USAR 2 Chef d'unit\u00e9 sauveteur d\u00e9blayeur Risques b\u00e2timentaires\nBOUILLOT Olivier USAR 2 Chef d'unit\u00e9 sauveteur d\u00e9blayeur Risques b\u00e2timentaires\nCOUSIN Lo\u00efc USAR 2 Chef d'unit\u00e9 sauveteur d\u00e9blayeur Risques b\u00e2timentaires\nGENETIER Bruno USAR 2 Chef d'unit\u00e9 sauveteur d\u00e9blayeur Risques b\u00e2timentaires\nGREBILLE Jean USAR 2 Chef d'unit\u00e9 sauveteur d\u00e9blayeur /\nJACQUES Pascal USAR 2 Chef d'unit\u00e9 sauveteur d\u00e9blayeur /\nJEANNE Emmanuel USAR 2 Chef d'unit\u00e9 sauveteur d\u00e9blayeur Risques b\u00e2timentaires\nLALLEMAND Mathieu USAR 2 Chef d'unit\u00e9 sauveteur d\u00e9blayeur Risques b\u00e2timentaires\nSDIS de C\u00f4te-d'Or - 21-2025-07-01-00014 - 2025_Liste Aptitude Op\u00e9rationnelle Sauvetage D\u00e9blaiement Modificatif 1 140\nNom Pr\u00e9nom Emploi op\u00e9rationnel Niveau de formation Mention compl\u00e9mentaire\nTILLIER Herv\u00e9 USAR 2 Chef d'unit\u00e9 sauveteur d\u00e9blayeur /\nALIBERT Th\u00e9o USAR 1 Sauveteur d\u00e9blayeur /\nAUBRY Christophe USAR 1 Sauveteur d\u00e9blayeur /\nBAZIN Marc USAR 1 Sauveteur d\u00e9blayeur /\nBERTHET-BONDET Anthony USAR 1 Sauveteur d\u00e9blayeur /\nBOURDIER Roger USAR 1 Sauveteur d\u00e9blayeur /\nBOUSSARD Anthony USAR 1 Sauveteur d\u00e9blayeur /\nBOUVIER St\u00e9phane USAR 1 Sauveteur d\u00e9blayeur /\nCABEZAS Th\u00e9o USAR 1 Sauveteur d\u00e9blayeur /\nCAMUSET J\u00e9r\u00f4me USAR 1 Sauveteur d\u00e9blayeur /\nCLERC Jean-Baptiste USAR 1 Sauveteur d\u00e9blayeur /\nCOUTACHOT S\u00e9bastien USAR 1 Sauveteur d\u00e9blayeur /\nDA SILVA Jules USAR 1 Sauveteur d\u00e9blayeur /\nDEMARCH Johann USAR 1 Sauveteur d\u00e9blayeur /\nDESSENDRE Romain USAR 1 Sauveteur d\u00e9blayeur /\nDEVAUX Antoine USAR 1 Sauveteur d\u00e9blayeur /\nDUPREY Arnaud USAR 1 Sauveteur d\u00e9blayeur /\nDURAND Florian USAR 1 Sauveteur d\u00e9blayeur /\nFABERT Thomas USAR 1 Sauveteur d\u00e9blayeur /\nFAVRE Philippe USAR 1 Sauveteur d\u00e9blayeur /\nFOUQUERAND Ga\u00ebl USAR 1 Sauveteur d\u00e9blayeur /\nGAUTHEY Eric USAR 1 Sauveteur d\u00e9blayeur /\nGERMAIN Etienne USAR 1 Sauveteur d\u00e9blayeur /\nGOUX Fr\u00e9d\u00e9ric USAR 1 Sauveteur d\u00e9blayeur /\nGOUX J\u00e9r\u00e9my USAR 1 Sauveteur d\u00e9blayeur /\nHOFFERT Edwin USAR 1 Sauveteur d\u00e9blayeur /\nKURKLINSKI Quentin USAR 1 Sauveteur d\u00e9blayeur /\nLAMBERT Cl\u00e9ment USAR 1 Sauveteur d\u00e9blayeur /\nLE GOFF Quentin USAR 1 Sauveteur d\u00e9blayeur /\nLESNE Gilles USAR 1 Sauveteur d\u00e9blayeur /\nLORET Fr\u00e9d\u00e9ric USAR 1 Sauveteur d\u00e9blayeur /\nMANGEMATIN Amaury USAR 1 Sauveteur d\u00e9blayeur /\nMARZAK Amir USAR 1 Sauveteur d\u00e9blayeur /\nMAZUE Eddy USAR 1 Sauveteur d\u00e9blayeur /\nMIGNON Claude USAR 1 Sauveteur d\u00e9blayeur /\nNICOLAS Michel USAR 1 Sauveteur d\u00e9blayeur /\nNICOLAS Robin USAR 1 Sauveteur d\u00e9blayeur /\nNOEL Lo\u00efc USAR 1 Sauveteur d\u00e9blayeur /\nPATIN Antoine USAR 1 Sauveteur d\u00e9blayeur /\nPAYSAN Augustin USAR 1 Sauveteur d\u00e9blayeur /\nPIATON Manuel USAR 1 Sauveteur d\u00e9blayeur /\nPLOTON Jessica USAR 1 Sauveteur d\u00e9blayeur /\nPORCHERAY Guillaume USAR 1 Sauveteur d\u00e9blayeur /\nRICHARD Ludovic USAR 1 Sauveteur d\u00e9blayeur /\nSDIS de C\u00f4te-d'Or - 21-2025-07-01-00014 - 2025_Liste Aptitude Op\u00e9rationnelle Sauvetage D\u00e9blaiement Modificatif 1 141\nNom Pr\u00e9nom Emploi op\u00e9rationnel Niveau de formation Mention compl\u00e9mentaire\nSCHMIDT C\u00e9dric USAR 1 Sauveteur d\u00e9blayeur /\nTHOMAS J\u00e9r\u00f4me USAR 1 Sauveteur d\u00e9blayeur /\nTOURNAN J\u00e9r\u00e9my USAR 1 Sauveteur d\u00e9blayeur /\nTROUSSARD Nicolas USAR 1 Sauveteur d\u00e9blayeur /\nTURC Rapha\u00ebl USAR 1 Sauveteur d\u00e9blayeur /\nVADROT Martin USAR 1 Sauveteur d\u00e9blayeur /\nVERSCHAEVE Ludwig USAR 1 Sauveteur d\u00e9blayeur /\n* R\u00e9f\u00e9rent de sp\u00e9cialit\u00e9 \u00ab sauvetage d\u00e9blaiement \u00bb\nArticle 2 : La sous-pr\u00e9f\u00e8te, directrice de cabinet et le directeur d\u00e9partemental des services d'incendie et de\nsecours sont charg\u00e9s, chacun en ce qui le concerne, de l'ex\u00e9cution du pr\u00e9sent arr\u00eat\u00e9 qui sera publi\u00e9 au\nrecueil des actes administratifs de la pr\u00e9fecture de la C\u00f4te-d'Or.\nDijon, le 1er juillet 2025\nLe pr\u00e9fet,\nPour le pr\u00e9fet et par d\u00e9l\u00e9gaon,\nLa sous-pr\u00e9f\u00e8te, directrice de cabinet\nSIGN\u00c9\nAur\u00e9lie CONTRECIVILE\nSDIS de C\u00f4te-d'Or - 21-2025-07-01-00014 - 2025_Liste Aptitude Op\u00e9rationnelle Sauvetage D\u00e9blaiement Modificatif 1 142\nSDIS de C\u00f4te-d'Or\n21-2025-07-01-00013\n2025_Liste d'Aptitude Op\u00e9rationnelle Feu De\nFor\u00eat _ Modificatif 2\nSDIS de C\u00f4te-d'Or - 21-2025-07-01-00013 - 2025_Liste d'Aptitude Op\u00e9rationnelle Feu De For\u00eat _ Modificatif 2 143\nPREFETDE LACOTE-D'ORL'iberte'Egalit\u00e9Fraternit\u00e9\neeQ\u00e7\n22 D Boulevard Winston Churchull6209 - 21 062 DIJON CedexSDIS de la C\u00f4te-d'Or\nAffaire suivie par : sous-direction optimisation du potentiel op\u00e9rationnel\nSDIS 21 / service \u00e9quipes sp\u00e9cialis\u00e9es\nT\u00e9l : 03 80 11 27 87\nM\u00e9l : formation@sdis21.org\nArr\u00eat\u00e9\nPortant sur la liste d'aptitude op\u00e9rationnelle\nUnit\u00e9 de lutte contre les feux de for\u00eats\nAnn\u00e9e 2025 \u2013modificatif n\u00b0 2\nLe pr\u00e9fet de la C\u00f4te-d'Or\nVu le code g\u00e9n\u00e9ral des collectivit\u00e9s territoriales et particuli\u00e8rement l'article R 1424-54 ;\nVu le code de la s\u00e9curit\u00e9 int\u00e9rieure et particuli\u00e8rement l'article L 112-2 ;\nVu l'arr\u00eat\u00e9 du 6 mai 2000 modifi\u00e9 fixant les conditions d'aptitudes m\u00e9dicales des sapeurs-pompiers professionnels et\nvolontaires ;\nVu l'arr\u00eat\u00e9 du 22 ao\u00fbt 2019 relatif aux formations des sapeurs-pompiers professionnels et volontaires ;\nVu l'arr\u00eat\u00e9 du 15 juillet 2022 relatif \u00e0 la d\u00e9signation et aux missions des r\u00e9f\u00e9rents de sp\u00e9cialit\u00e9s mentionn\u00e9s \u00e0 l'article\nR. 722-1 du code de la s\u00e9curit\u00e9 int\u00e9rieure ;\nVu l'arr\u00eat\u00e9 pr\u00e9fectoral du 18 septembre 2020 fixant la liste des unit\u00e9s op\u00e9rationnelles ;\nVu le r\u00e8glement op\u00e9rationnel du service d\u00e9partemental d'incendie et de secours de la C\u00f4te-d'Or en date du 06 octobre\n2021 ;\nVu le SDACR approuv\u00e9 par arr\u00eat\u00e9 pr\u00e9fectoral n\u00b0 1808 du 22 d\u00e9cembre 2023 ;\nVu le guide national de r\u00e9f\u00e9rences\u00ab feux de for\u00eats \u00bb d'ao\u00fbt 1999 modifi\u00e9 ;\nVu le guide de doctrine op\u00e9rationnelle et le guide de techniques op\u00e9rationnelles\u00ab feux de for\u00eats et d'espaces naturels \u00bb\nde f\u00e9vrier 2021 ;\nVu la participation des agents d\u00e9sign\u00e9s aux activit\u00e9s de formation de maintien et de perfectionnement des acquis ;\nVu le nombre de chef de site (3), chefs de colonne (9), de chefs de groupe (28), de chefs d'agr\u00e8s (184), de \u00e9quipiers\n(375) ;\nSur proposition de monsieur le directeur d\u00e9partemental des services d'incendie et de secours ;\nARR\u00caTE\nArticle 1 : La liste annuelle d\u00e9partementale d'aptitude op\u00e9rationnelle des sapeurs-pompiers de l'unit\u00e9 \u00ab lutte\ncontre les feux de for\u00eats \u00bb du d\u00e9partement de la C\u00f4te-d'Or s'\u00e9tablit comme suit :\nNom Pr\u00e9nom Emploi et activit\u00e9 compl\u00e9mentaire Formation\nCHATILLON-OUVRARD Larry Chef de site FDF FDF 5\nLEPOUTERE Bertrand Chef de site FDF FDF 5\nTHEUREL J\u00e9r\u00f4me* Chef de site FDF, cadre DIS, cadre HBE\n& cadre a\u00e9ro embarqu\u00e9 FDF 5, DIS FDF, AER 2 & AER 3\nANDREUCCETTI Philippe Chef de colonne FDF FDF 4\nBIDAU Cyril Chef de colonne FDF FDF 4\nBOLTZ Bruno Chef de colonne FDF FDF 4\nBOUFENICHE Khamel Chef de colonne FDF FDF 4\nDOMBEK Christophe Chef de colonne FDF & cadre a\u00e9ro embarqu\u00e9 FDF 4 & AER 3\nMARC Jean-Louis Chef de colonne FDF FDF 4\nPARDON Christophe Chef de colonne FDF FDF 4\nSDIS de C\u00f4te-d'Or - 21-2025-07-01-00013 - 2025_Liste d'Aptitude Op\u00e9rationnelle Feu De For\u00eat _ Modificatif 2 144\nNom Pr\u00e9nom Emploi et activit\u00e9 compl\u00e9mentaire Formation\nREGAZZONI Micka\u00ebl Chef de colonne FDF FDF 4\nROY Olivier Chef de colonne FDF & cadre a\u00e9ro embarqu\u00e9 FDF 4 & AER 3\nBLANDIN Pascal Chef de groupe FDF FDF 3\nBOUCHE Luca Chef de groupe FDF FDF 3\nBREUIL Christophe Chef de groupe FDF & cadre DIS FDF 3 & DIS FDF\nBUSI Wilfried Chef de groupe FDF FDF 3\nCAO-THANH Emmanuel Chef de groupe FDF FDF 3\nCRETE Laurent Chef de groupe FDF FDF 3\nDECHAUME Sylvain Chef de groupe FDF FDF 3 & investigateur RCCI FDF\nDESCHAMPS Olivier Chef de groupe FDF FDF 3\nDESCLOIX Sylvain Chef de groupe FDF & cadre DIS FDF 3 & DIS FDF\nDUPONT Luc Chef de groupe FDF FDF 3\nDUVERNOIS Arnaud Chef de groupe FDF FDF 3\nEM Fr\u00e9d\u00e9ric Chef de groupe FDF FDF 3\nGARMATUK Cyril Chef de groupe FDF FDF 3\nGENELOT Eric Chef de groupe FDF FDF 3\nJEANNIN S\u00e9bastien Chef de groupe FDF FDF 3\nKRAWCZYK Nicolas Chef de groupe FDF FDF 3\nLAMBERT Jean-Robert Chef de groupe FDF FDF 3\nNOUR Yassine Chef de groupe FDF FDF 3\nPAGEOT Anthony Chef de groupe FDF FDF 3\nPERU Christophe Chef de groupe FDF FDF 3\nRENAUD Sandrine Chef de groupe FDF FDF 3\nRENAUD Thomas Chef de groupe FDF FDF 3\nROUCHE St\u00e9phane Chef de groupe FDF FDF 3\nSAUSSERET Jean-Michel Chef de groupe FDF FDF 3\nSENOT Alexandre Chef de groupe FDF FDF 3\nVANDENSKRICK Julien Chef de groupe FDF FDF 3\nVERREY Cyril Chef de groupe FDF & cadre DIS FDF 3 & DIS FDF\nVILBOUX Romain Chef de groupe FDF FDF 3\nALIBERT Brice Chef d'agr\u00e8s FDF FDF 2\nANGEL Nicolas Chef d'agr\u00e8s FDF & commando DIS FDF 2 & DIS FDF\nANTOINE Aymeric Chef d'agr\u00e8s FDF & commando DIS FDF 2 & DIS FDF\nANTOINE Luc Chef d'agr\u00e8s FDF FDF 2\nAUVERT Romain Chef d'agr\u00e8s FDF FDF 2\nBALLAIS Sylvain Chef d'agr\u00e8s FDF FDF 2\nBARDET Mathieu Chef d'agr\u00e8s FDF FDF 2\nBARGEOT Cyril Chef d'agr\u00e8s FDF FDF 2\nBAUDEGARD Marc Chef d'agr\u00e8s FDF FDF 2\nBAUDRAND Julien Chef d'agr\u00e8s FDF FDF 2\nBAUDROT Aur\u00e9lien Chef d'agr\u00e8s FDF FDF 2\nBAZIN Marc Chef d'agr\u00e8s FDF FDF 2\nBERNARD Philippe Chef d'agr\u00e8s FDF FDF 2\nBERNIER Julien Chef d'agr\u00e8s FDF FDF 2\nBIARD Herv\u00e9 Chef d'agr\u00e8s FDF FDF 2\nBILLOIR Martial Chef d'agr\u00e8s FDF FDF 2\nBLANDIN Jean-Fran\u00e7ois Chef d'agr\u00e8s FDF FDF 2\nBOLE Xavier Chef d'agr\u00e8s FDF FDF 2\nBONNET St\u00e9phane Chef d'agr\u00e8s FDF FDF 2\nBORDET Olivier Chef d'agr\u00e8s FDF FDF 2\nBOS Fr\u00e9d\u00e9ric Chef d'agr\u00e8s FDF FDF 2\nSDIS de C\u00f4te-d'Or - 21-2025-07-01-00013 - 2025_Liste d'Aptitude Op\u00e9rationnelle Feu De For\u00eat _ Modificatif 2 145\nNom Pr\u00e9nom Emploi et activit\u00e9 compl\u00e9mentaire Formation\nBOUCHE Guillaume Chef d'agr\u00e8s FDF FDF 2\nBOUILLOT Olivier Chef d'agr\u00e8s FDF FDF 2\nBOUTIER Fabien Chef d'agr\u00e8s FDF FDF 2\nBOUTIER Florent Chef d'agr\u00e8s FDF FDF 2\nBOUVIER St\u00e9phane Chef d'agr\u00e8s FDF FDF 2\nBREGAND Matthieu Chef d'agr\u00e8s FDF FDF 2\nBROSSEAU Fabrice Chef d'agr\u00e8s FDF FDF 2\nBRULEY Jean-No\u00ebl Chef d'agr\u00e8s FDF FDF 2\nCAMUS David Chef d'agr\u00e8s FDF FDF 2\nCENDRIER Nicolas Chef d'agr\u00e8s FDF & commando DIS FDF 2 & DIS FDF\nCHANUT Lilian Chef d'agr\u00e8s FDF FDF 2\nCHAPLOT Elodie Chef d'agr\u00e8s FDF FDF 2\nCHAPOVALOFF Alexis Chef d'agr\u00e8s FDF FDF 2\nCHIAOUI Mehdi Chef d'agr\u00e8s FDF FDF 2\nCHIONO J\u00e9r\u00f4me Chef d'agr\u00e8s FDF FDF 2\nCHIPEAUX C\u00e9dric Chef d'agr\u00e8s FDF FDF 2\nCHOFFLET Arnaud Chef d'agr\u00e8s FDF FDF 2\nCHRETIEN Pierre Chef d'agr\u00e8s FDF FDF 2\nCOLOMBO Jean-Christophe Chef d'agr\u00e8s FDF FDF 2\nCONTET Cyrill Chef d'agr\u00e8s FDF FDF 2\nCONVERT Cyril Chef d'agr\u00e8s FDF FDF 2\nCOQUIO Ga\u00eblle Chef d'agr\u00e8s FDF FDF 2\nCOSTER K\u00e9vin Chef d'agr\u00e8s FDF FDF 2\nCOUSIN Lo\u00efc Chef d'agr\u00e8s FDF FDF 2\nCROCHARD Vincent Chef d'agr\u00e8s FDF FDF 2\nDA ROCHA Florent Chef d'agr\u00e8s FDF FDF 2\nDABRAINVILLE Geoffroy Chef d'agr\u00e8s FDF FDF 2\nDAMIENS Jean-Baptiste Chef d'agr\u00e8s FDF & commando DIS FDF 2 & DIS FDF\nDESSENDRE Romain Chef d'agr\u00e8s FDF FDF 2\nDESSEREY Gilles Chef d'agr\u00e8s FDF FDF 2\nDEVAUX Antoine Chef d'agr\u00e8s FDF & commando DIS FDF 2 & DIS FDF\nDEVAUX Jean-Christophe Chef d'agr\u00e8s FDF FDF 2\nDEVILLIERS J\u00e9r\u00e9my Chef d'agr\u00e8s FDF FDF 2\nDREZET David Chef d'agr\u00e8s FDF FDF 2\nDUBOIS Alexis Chef d'agr\u00e8s FDF FDF 2\nDUC Matthieu Chef d'agr\u00e8s FDF FDF 2\nDUPIN Bruno Chef d'agr\u00e8s FDF FDF 2\nDUPREY Arnaud Chef d'agr\u00e8s FDF FDF 2\nDURAND Nicolas Chef d'agr\u00e8s FDF FDF 2\nDUTHU J\u00e9r\u00e9my Chef d'agr\u00e8s FDF FDF 2\nDUTHU Patrice Chef d'agr\u00e8s FDF FDF 2\nDUTHU Thomas Chef d'agr\u00e8s FDF FDF 2\nFANJOUX C\u00e9dric Chef d'agr\u00e8s FDF & commando DIS FDF 2 & DIS FDF\nFARGE David Chef d'agr\u00e8s FDF FDF 2\nFAVRE Philippe Chef d'agr\u00e8s FDF FDF 2\nFERNANDEZ Manuel Chef d'agr\u00e8s FDF FDF 2\nFOUTELET Jo\u00ebl Chef d'agr\u00e8s FDF FDF 2\nFURDERER Johann Chef d'agr\u00e8s FDF FDF 2\nGABORIEAU Laurent Chef d'agr\u00e8s FDF FDF 2\nGARNIER Nicolas Chef d'agr\u00e8s FDF FDF 2\nGELIN Gr\u00e9gory Chef d'agr\u00e8s FDF FDF 2\nSDIS de C\u00f4te-d'Or - 21-2025-07-01-00013 - 2025_Liste d'Aptitude Op\u00e9rationnelle Feu De For\u00eat _ Modificatif 2 146\nNom Pr\u00e9nom Emploi et activit\u00e9 compl\u00e9mentaire Formation\nGENETIER Bruno Chef d'agr\u00e8s FDF FDF 2\nGENTILHOMME Damien Chef d'agr\u00e8s FDF FDF 2\nGEOFFROY Antoine Chef d'agr\u00e8s FDF FDF 2\nGERMAIN Arnaud Chef d'agr\u00e8s FDF FDF 2\nGEST Sylvain Chef d'agr\u00e8s FDF FDF 2\nGONET Ludovic Chef d'agr\u00e8s FDF FDF 2\nGOUX Fr\u00e9d\u00e9ric Chef d'agr\u00e8s FDF FDF 2\nGREBILLE Jean Chef d'agr\u00e8s FDF FDF 2\nGUALDI Fabrice Chef d'agr\u00e8s FDF FDF 2\nGUERARD S\u00e9bastien Chef d'agr\u00e8s FDF FDF 2\nGUERIN Maxime Chef d'agr\u00e8s FDF FDF 2\nGUTKNECHT Jean-Denis Chef d'agr\u00e8s FDF FDF 2\nHEDIEUX Patrick Chef d'agr\u00e8s FDF FDF 2\nHENNIENE Mohamed Chef d'agr\u00e8s FDF FDF 2\nHOBENICHE Anthony Chef d'agr\u00e8s FDF FDF 2\nISAAC Christophe Chef d'agr\u00e8s FDF FDF 2\nISTRIA Anthony Chef d'agr\u00e8s FDF FDF 2\nJACQUES Pascal Chef d'agr\u00e8s FDF FDF 2\nJALLAT G\u00e9rard Chef d'agr\u00e8s FDF FDF 2\nJEANNE Emmanuel Chef d'agr\u00e8s FDF FDF 2\nJOUFFROY Herv\u00e9 Chef d'agr\u00e8s FDF FDF 2\nJUPILLE Thomas Chef d'agr\u00e8s FDF FDF 2\nKARROUM Hakim Chef d'agr\u00e8s FDF FDF 2\nKURKLINSKI Quentin Chef d'agr\u00e8s FDF & commando DIS FDF 2 & DIS FDF\nLAGNIER Laurent Chef d'agr\u00e8s FDF FDF 2\nLALLEMAND Mathieu Chef d'agr\u00e8s FDF FDF 2\nLAUPRETRE Mathieu Chef d'agr\u00e8s FDF FDF 2\nLAVERDAN Jean-Paul Chef d'agr\u00e8s FDF FDF 2\nLE CARO C\u00e9dric Chef d'agr\u00e8s FDF & commando DIS FDF 2 & DIS FDF\nLE GOFF Quentin Chef d'agr\u00e8s FDF FDF 2\nLEBLOND Andy Chef d'agr\u00e8s FDF FDF 2\nLEDOUX Alexis Chef d'agr\u00e8s FDF FDF 2\nLEFOL Geoffroy Chef d'agr\u00e8s FDF FDF 2\nLEFRANC Nicolas Chef d'agr\u00e8s FDF FDF 2\nLEGRAND S\u00e9bastien Chef d'agr\u00e8s FDF FDF 2\nLERAT Alexandre Chef d'agr\u00e8s FDF FDF 2\nLIORET Christophe Chef d'agr\u00e8s FDF FDF 2\nLOPES David Chef d'agr\u00e8s FDF FDF 2\nLOUIS Thierry Chef d'agr\u00e8s FDF FDF 2\nMAIRE Johann Chef d'agr\u00e8s FDF FDF 2\nMANSOTTE Jean-Marc Chef d'agr\u00e8s FDF FDF 2\nMARCEAU Xavier Chef d'agr\u00e8s FDF FDF 2\nMARCOS Alex Chef d'agr\u00e8s FDF FDF 2\nMARDAOUI Mouhssine Chef d'agr\u00e8s FDF FDF 2\nMARTY Yoann Chef d'agr\u00e8s FDF FDF 2\nMASSENOT Florian Chef d'agr\u00e8s FDF FDF 2\nMAUR Christophe Chef d'agr\u00e8s FDF FDF 2\nMAUROY Anthony Chef d'agr\u00e8s FDF FDF 2\nMEHAULT Ga\u00ebtan Chef d'agr\u00e8s FDF FDF 2\nMELOT Christophe Chef d'agr\u00e8s FDF FDF 2\nMENAGE Christophe Chef d'agr\u00e8s FDF FDF 2\nSDIS de C\u00f4te-d'Or - 21-2025-07-01-00013 - 2025_Liste d'Aptitude Op\u00e9rationnelle Feu De For\u00eat _ Modificatif 2 147\nNom Pr\u00e9nom Emploi et activit\u00e9 compl\u00e9mentaire Formation\nMENELOT Patrick Chef d'agr\u00e8s FDF FDF 2\nMESPOULHES Yann Chef d'agr\u00e8s FDF FDF 2\nMIGNON Claude Chef d'agr\u00e8s FDF FDF 2\nMIGNOT Emmanuel Chef d'agr\u00e8s FDF FDF 2\nMONTCHARMONT Thomas Chef d'agr\u00e8s FDF FDF 2\nMOREAU Franck Chef d'agr\u00e8s FDF FDF 2\nMORELOT Eric Chef d'agr\u00e8s FDF FDF 2\nMORINEAU Damien Chef d'agr\u00e8s FDF FDF 2\nMOTUS Julien Chef d'agr\u00e8s FDF FDF 2\nNESME K\u00e9vin Chef d'agr\u00e8s FDF FDF 2\nNICOLAS Michel Chef d'agr\u00e8s FDF FDF 2\nPALIOT Thierry Chef d'agr\u00e8s FDF FDF 2\nPARANT Fr\u00e9d\u00e9ric Chef d'agr\u00e8s FDF FDF 2\nPERRIN St\u00e9phane Chef d'agr\u00e8s FDF FDF 2\nPETITOT Marc Chef d'agr\u00e8s FDF FDF 2\nPETRIGNET Laurent Chef d'agr\u00e8s FDF FDF 2\nPIGNET Olivier Chef d'agr\u00e8s FDF FDF 2\nPIGNON S\u00e9bastien Chef d'agr\u00e8s FDF FDF 2\nPIRARD Vincent Chef d'agr\u00e8s FDF FDF 2\nPIVEL Alexis Chef d'agr\u00e8s FDF FDF 2\nPOUESSEL Wilfried Chef d'agr\u00e8s FDF FDF 2\nPOULLOT Maryne Chef d'agr\u00e8s FDF FDF 2\nPREIONI Christian Chef d'agr\u00e8s FDF FDF 2\nPRIN Richard Chef d'agr\u00e8s FDF FDF 2\nPRUDHON R\u00e9gis Chef d'agr\u00e8s FDF FDF 2\nRAIMBAULT Nicolas Chef d'agr\u00e8s FDF FDF 2\nREMBERT Thomas Chef d'agr\u00e8s FDF FDF 2\nREMOND Guillaume Chef d'agr\u00e8s FDF FDF 2\nRICHARD Christophe Chef d'agr\u00e8s FDF FDF 2\nRICHARD Laurent Chef d'agr\u00e8s FDF FDF 2\nRICHARD Ludovic Chef d'agr\u00e8s FDF FDF 2\nROULOT Bertrand Chef d'agr\u00e8s FDF FDF 2\nRUDE Maxime Chef d'agr\u00e8s FDF FDF 2\nSAADA Alexandre Chef d'agr\u00e8s FDF FDF 2\nSAGET Lo\u00efc Chef d'agr\u00e8s FDF FDF 2\nSALLOT Julien Chef d'agr\u00e8s FDF FDF 2\nSAMORI Laurent Chef d'agr\u00e8s FDF FDF 2\nSCHMIDT C\u00e9dric Chef d'agr\u00e8s FDF & commando DIS FDF 2 & DIS FDF\nSENSIER C\u00e9dric Chef d'agr\u00e8s FDF FDF 2\nSIERRA Mika\u00ebl Chef d'agr\u00e8s FDF FDF 2\nSILVESTRE St\u00e9phane Chef d'agr\u00e8s FDF FDF 2\nSIMON Jean-Baptiste Chef d'agr\u00e8s FDF FDF 2\nSIRANDRE Thomas Chef d'agr\u00e8s FDF FDF 2\nSOLDATENKOFF Nicolas Chef d'agr\u00e8s FDF FDF 2\nSPACZEK Rudy Chef d'agr\u00e8s FDF FDF 2\nSUCHETET Didier Chef d'agr\u00e8s FDF FDF 2\nTAUBATY Vincent Chef d'agr\u00e8s FDF FDF 2\nTHIBEAULT Laurent Chef d'agr\u00e8s FDF FDF 2\nTHOMAS Christophe Chef d'agr\u00e8s FDF FDF 2\nTHOMAS Guilhem Chef d'agr\u00e8s FDF FDF 2\nTHOMAS J\u00e9r\u00f4me Chef d'agr\u00e8s FDF FDF 2\nSDIS de C\u00f4te-d'Or - 21-2025-07-01-00013 - 2025_Liste d'Aptitude Op\u00e9rationnelle Feu De For\u00eat _ Modificatif 2 148\nNom Pr\u00e9nom Emploi et activit\u00e9 compl\u00e9mentaire Formation\nTRITZ Fr\u00e9d\u00e9ric Chef d'agr\u00e8s FDF FDF 2\nTRUCHOT Yoan Chef d'agr\u00e8s FDF FDF 2\nVADOT Michel Chef d'agr\u00e8s FDF FDF 2\nVAILLE Olivier Chef d'agr\u00e8s FDF FDF 2\nVAXILLAIRE Yann Chef d'agr\u00e8s FDF FDF 2\nVIARDOT Aur\u00e9lien Chef d'agr\u00e8s FDF FDF 2\nVILLEGAS Herv\u00e9 Chef d'agr\u00e8s FDF FDF 2\nVIVIEN Jo\u00ebl Chef d'agr\u00e8s FDF FDF 2\nVOILLEQUIN Venceslas Chef d'agr\u00e8s FDF FDF 2\nVUILLERMOT Damien Chef d'agr\u00e8s FDF FDF 2\nALIBERT Th\u00e9o Equipier FDF FDF 1\nAMBRIRIKI Chouanibou Equipier FDF FDF 1\nANNEN Florian Equipier FDF FDF 1\nARBEZ Benjamin Equipier FDF FDF 1\nAUBRY Christophe Equipier FDF FDF 1\nAUVERT Antonin Equipier FDF FDF 1\nBAILLIET Jason Equipier FDF FDF 1\nBARBE David Equipier FDF FDF 1\nBATAILLE Quentin Equipier FDF FDF 1\nBAUDEGARD Romain Equipier FDF FDF 1\nBECOUZE Pierre Equipier FDF FDF 1\nBECQUET J\u00e9r\u00e9my Equipier FDF FDF 1\nBELDILMI Gilles Equipier FDF FDF 1\nBENREDJEM Th\u00e9o Equipier FDF FDF 1\nBERNASCONI Reynald Equipier FDF FDF 1\nBERSCHEID Anthony Equipier FDF FDF 1\nBERTHENET Melvyn Equipier FDF FDF 1\nBERTHET-BONDET Anthony Equipier FDF FDF 1\nBERTRAND Lauren Equipier FDF FDF 1\nBERWICK R\u00e9mi Equipier FDF FDF 1\nBEURTON Joris Equipier FDF FDF 1\nBEUTHOT Christophe Equipier FDF FDF 1\nBIDAULT Richard Equipier FDF FDF 1\nBIEBER Corentin Equipier FDF FDF 1\nBILLARD Alexis Equipier FDF FDF 1\nBLANC Eric Equipier FDF FDF 1\nBLARDONE Charles Equipier FDF FDF 1\nBOISSY Philippe Equipier FDF FDF 1\nBONNARD Matthieu Equipier FDF FDF 1\nBONNARD Valentin Equipier FDF FDF 1\nBONNARDEL Xavier Equipier FDF FDF 1\nBONNASSIEUX J\u00e9r\u00e9my Equipier FDF FDF 1\nBORDELET Cyril Equipier FDF FDF 1\nBORDET Th\u00e9o Equipier FDF FDF 1\nBOUCHEROT Fabien Equipier FDF FDF 1\nBOUCHEROT Ga\u00ebtan Equipier FDF FDF 1\nBOUCHEROT Maxime Equipier FDF FDF 1\nBOUQUET J\u00e9r\u00f4me Equipier FDF FDF 1\nBOURDIER Roger Equipier FDF FDF 1\nBOURGEOIS Elodie Equipier FDF FDF 1\nBOURGETEL Sylvain Equipier FDF FDF 1\nSDIS de C\u00f4te-d'Or - 21-2025-07-01-00013 - 2025_Liste d'Aptitude Op\u00e9rationnelle Feu De For\u00eat _ Modificatif 2 149\nNom Pr\u00e9nom Emploi et activit\u00e9 compl\u00e9mentaire Formation\nBOUSSARD Anthony Equipier FDF FDF 1\nBOUTIER Charles Equipier FDF FDF 1\nBOUVIER Marina Equipier FDF FDF 1\nBOUVOT Jayson Equipier FDF FDF 1\nBREBEL Julie Equipier FDF FDF 1\nBREGAND Math\u00e9o Equipier FDF FDF 1\nBREUIL Paul Equipier FDF & commando DIS FDF 1 & DIS FDF\nBRICHETEAU Quentin Equipier FDF FDF 1\nBRIDON Fran\u00e7ois Equipier FDF FDF 1\nBRIYS Ludovic Equipier FDF FDF 1\nBRULEY Romain Equipier FDF FDF 1\nBRUNET Charlotte Equipier FDF FDF 1\nBRUNET Morgan Equipier FDF FDF 1\nBRUNOT Baptiste Equipier FDF FDF 1\nBUATOIS Cl\u00e9ment Equipier FDF FDF 1\nBUATOIS Dylan Equipier FDF FDF 1\nBUCZEK Alexis Equipier FDF FDF 1\nBUREAU Jean-Baptiste Equipier FDF FDF 1\nBUTHEAU Ludovic Equipier FDF FDF 1\nCABEZAS Th\u00e9o Equipier FDF FDF 1\nCALAFATO Alexandre Equipier FDF FDF 1\nCAMUSET J\u00e9r\u00f4me Equipier FDF FDF 1\nCANAL Amandine Equipier FDF FDF 1\nCARBILLET Th\u00e9o Equipier FDF FDF 1\nCARNET Julien Equipier FDF FDF 1\nCARTIER Laurent Equipier FDF FDF 1\nCASEIRO Gr\u00e9gory Equipier FDF FDF 1\nCAVARELLI Nicolas Equipier FDF FDF 1\nCAZENAVE Sandra Equipier FDF FDF 1\nCERVANTES Lo\u00efc Equipier FDF FDF 1\nCHAINARD J\u00e9r\u00e9my Equipier FDF FDF 1\nCHAKRI Tarik Equipier FDF FDF 1\nCHAMPONNOIS Cyrille Equipier FDF FDF 1\nCHAMPONNOIS Damien Equipier FDF FDF 1\nCHAUMET Emmanuel Equipier FDF FDF 1\nCHEVALIER Victor Equipier FDF FDF 1\nCHEVASSON Antoine Equipier FDF FDF 1\nCHIFFLOT Pierre Equipier FDF FDF 1\nCHODAT Florian Equipier FDF FDF 1\nCHOLLAT-NAMY Micka\u00ebl Equipier FDF FDF 1\nCIERLAK J\u00e9r\u00f4me Equipier FDF FDF 1\nCLERC Damien Equipier FDF FDF 1\nCLERC Jean-Baptiste Equipier FDF FDF 1\nCLET C\u00e9cile Equipier FDF FDF 1\nCOISPINE Romain Equipier FDF FDF 1\nCOLAS Micka\u00ebl Equipier FDF FDF 1\nCOLLIN Julien Equipier FDF FDF 1\nCOMBES Cl\u00e9ment Equipier FDF FDF 1\nCOMMARET Guillaume Equipier FDF FDF 1\nCORDIER Emmanuel Equipier FDF FDF 1\nCORDON Hugo Equipier FDF FDF 1\nSDIS de C\u00f4te-d'Or - 21-2025-07-01-00013 - 2025_Liste d'Aptitude Op\u00e9rationnelle Feu De For\u00eat _ Modificatif 2 150\nNom Pr\u00e9nom Emploi et activit\u00e9 compl\u00e9mentaire Formation\nCORDON Maxime Equipier FDF FDF 1\nCORTOT Tony Equipier FDF FDF 1\nCOUBLE Antoine Equipier FDF FDF 1\nCOUDRET David Equipier FDF FDF 1\nCOULAND Jean-Philippe Equipier FDF FDF 1\nCOURBEZ Thierry Equipier FDF FDF 1\nCOUREAULT Philippe Equipier FDF FDF 1\nCOUTACHOT S\u00e9bastien Equipier FDF FDF 1\nCOYETTE Antoine Equipier FDF FDF 1\nCOZ Paul Equipier FDF FDF 1\nCRETE-CORTOT Arthur Equipier FDF FDF 1\nCROTTI Corentin Equipier FDF FDF 1\nCURE Franck Equipier FDF FDF 1\nDA MOTA PINTO Ana\u00efs Equipier FDF FDF 1\nDA ROCHA Julie Equipier FDF FDF 1\nDACHE-THIRAUBOIS Ludivine Equipier FDF FDF 1\nDALAUDIERE Nicolas Equipier FDF FDF 1\nDARROUX Bastien Equipier FDF FDF 1\nDAUD Jean-Baptiste Equipier FDF FDF 1\nDE PIZZOL Geoffroy Equipier FDF FDF 1\nDEGUIN Gaylord Equipier FDF FDF 1\nDELOLME Bruno Equipier FDF FDF 1\nDEMANDRE Micka\u00ebl Equipier FDF FDF 1\nDEMARCH Johann Equipier FDF FDF 1\nDENIEL Jordan Equipier FDF FDF 1\nDENIEL Yannick Equipier FDF FDF 1\nDERIVET Romain Equipier FDF FDF 1\nDERY Ludovic Equipier FDF FDF 1\nDERY Micka\u00ebl Equipier FDF FDF 1\nDESCLOIX Thibaut Equipier FDF FDF 1\nDILLENSEGER Cl\u00e9ment Equipier FDF FDF 1\nDONNET Dominique Equipier FDF FDF 1\nDOUSSOT Emilien Equipier FDF FDF 1\nDRU Guillaume Equipier FDF FDF 1\nDUBIEF Mathieu Equipier FDF FDF 1\nDUBOIS C\u00e9dric Equipier FDF FDF 1\nDUCHESNE Bertrand Equipier FDF FDF 1\nDUMAS C\u00e9dric Equipier FDF FDF 1\nDUMONT Cl\u00e9ment Equipier FDF FDF 1\nDUMONT Guillaume Equipier FDF FDF 1\nDUMONT Quentin Equipier FDF & commando DIS FDF 1 & DIS FDF\nDUNCAN Yann Equipier FDF FDF 1\nDUPAQUIER Sylvain Equipier FDF FDF 1\nDUPLUS Aur\u00e9lien Equipier FDF FDF 1\nDURAND Florian Equipier FDF FDF 1\nDURUPT Quentin Equipier FDF FDF 1\nDUTHU Christophe Equipier FDF FDF 1\nDUTHU Julien Equipier FDF FDF 1\nDUTHU Romain Equipier FDF FDF 1\nDUVERGER Luka Equipier FDF FDF 1\nEL YACOUBI Khalid Equipier FDF FDF 1\nSDIS de C\u00f4te-d'Or - 21-2025-07-01-00013 - 2025_Liste d'Aptitude Op\u00e9rationnelle Feu De For\u00eat _ Modificatif 2 151\nNom Pr\u00e9nom Emploi et activit\u00e9 compl\u00e9mentaire Formation\nESNAUX Manuel Equipier FDF FDF 1\nFABER Thomas Equipier FDF FDF 1\nFAIVRE Lucas Equipier FDF FDF 1\nFARNIER R\u00e9mi Equipier FDF FDF 1\nFEUGERE Ma\u00ebl Equipier FDF FDF 1\nFEVRIER Pascal Equipier FDF FDF 1\nFEVRIER Thomas Equipier FDF FDF 1\nFIEVET Aur\u00e9lien Equipier FDF FDF 1\nFLECHARD Julien Equipier FDF FDF 1\nFLET Am\u00e9lie Equipier FDF FDF 1\nFOISSEY Bastien Equipier FDF FDF 1\nFOND K\u00e9vin Equipier FDF FDF 1\nFOUTELET Christian Equipier FDF FDF 1\nFROIDUROT Thibaut Equipier FDF FDF 1\nGACECK Ludovic Equipier FDF FDF 1\nGALOIS Micka\u00ebl Equipier FDF FDF 1\nGARDIEN Nicolas Equipier FDF FDF 1\nGASPARD Julien Equipier FDF FDF 1\nGAUMONT Emmanuel Equipier FDF FDF 1\nGAUTHERON Gr\u00e9gory Equipier FDF FDF 1\nGAUTHEY Eric Equipier FDF FDF 1\nGAUTHIER Alain Equipier FDF FDF 1\nGAY Ma\u00eflys Equipier FDF FDF 1\nGELINOTTE Steeve Equipier FDF FDF 1\nGEORGES Maxime Equipier FDF FDF 1\nGERARD St\u00e9phanie Equipier FDF FDF 1\nGERMAIN Etienne Equipier FDF FDF 1\nGERVAIS Romain Equipier FDF FDF 1\nGIGLEUX Thibault Equipier FDF FDF 1\nGILLOT Adrien Equipier FDF FDF 1\nGINDRE Fabien Equipier FDF FDF 1\nGIRARD Thibaut Equipier FDF FDF 1\nGIRARDOT Fr\u00e9d\u00e9ric Equipier FDF FDF 1\nGODDE Charles Equipier FDF FDF 1\nGONCALVES Samuel Equipier FDF & commando DIS FDF 1 & DIS FDF\nGOUJON S\u00e9bastien Equipier FDF FDF 1\nGOULLEROT Quentin Equipier FDF FDF 1\nGOUX Antonin Equipier FDF FDF 1\nGRAND Micka\u00ebl Equipier FDF FDF 1\nGRANGER Pascal Equipier FDF FDF 1\nGRILLON Lise Equipier FDF FDF 1\nGRIMAND Renaud Equipier FDF FDF 1\nGROSGOJAT Steven Equipier FDF FDF 1\nGUERIN David Equipier FDF FDF 1\nGUILLOU Valentin Equipier FDF FDF 1\nGUYOT Baptiste Equipier FDF FDF 1\nHAETTICH Jordan Equipier FDF FDF 1\nHASELBAUER Julien Equipier FDF FDF 1\nHENAULT Baptiste Equipier FDF FDF 1\nHERMAIZE Anthony Equipier FDF FDF 1\nSDIS de C\u00f4te-d'Or - 21-2025-07-01-00013 - 2025_Liste d'Aptitude Op\u00e9rationnelle Feu De For\u00eat _ Modificatif 2 152\nNom Pr\u00e9nom Emploi et activit\u00e9 compl\u00e9mentaire Formation\nHERMAN Paul Equipier FDF FDF 1\nHOFFERT Edwin Equipier FDF FDF 1\nHOSTALIER Antoine Equipier FDF FDF 1\nHUDELOT Thomas Equipier FDF FDF 1\nHUGUENIN Timoth\u00e9 Equipier FDF FDF 1\nINFANTI Eric Equipier FDF FDF 1\nINTILIA Damien Equipier FDF FDF 1\nJANVIER Jean-Yves Equipier FDF FDF 1\nJARLAUD Maxime Equipier FDF FDF 1\nJAYE Lucas Equipier FDF FDF 1\nJOIE Romain Equipier FDF FDF 1\nJOMAS Eymeric Equipier FDF FDF 1\nJOUFFROY Franck Equipier FDF FDF 1\nJOUIN Mathieu Equipier FDF FDF 1\nKISSENBERGER Julien Equipier FDF FDF 1\nL'HOSTE J\u00e9r\u00f4me Equipier FDF FDF 1\nLABEAUNE Math\u00e9o Equipier FDF FDF 1\nLAGRANGE Thibaut Equipier FDF FDF 1\nLAMALLE Romain Equipier FDF FDF 1\nLAMBERT Cl\u00e9ment Equipier FDF FDF 1\nLAMY Sylvain Equipier FDF FDF 1\nLANCE Ludovic Equipier FDF FDF 1\nLANGUILLE Thomas Equipier FDF FDF 1\nLARGEOT Adrien Equipier FDF FDF 1\nLAURENT Fabien Equipier FDF FDF 1\nLAURENT Micka\u00ebl Equipier FDF FDF 1\nLAVIRON Solal Equipier FDF FDF 1\nLEBEUF Arthur Equipier FDF FDF 1\nLEBEUF Jimmy Equipier FDF FDF 1\nLEBEUF S\u00e9bastien Equipier FDF FDF 1\nLE CARO Ang\u00e9lique Equipier FDF FDF 1\nLE CARO Jordan Equipier FDF & commando DIS FDF 1 & DIS FDF\nLEDUCQ Coleen Equipier FDF FDF 1\nLELABOUSSE Enzo Equipier FDF FDF 1\nLELARGE Pierre-Yves Equipier FDF FDF 1\nLERAT-JOBARD Baptiste Equipier FDF FDF 1\nLESSART Jonathan Equipier FDF FDF 1\nLODS Romain Equipier FDF FDF 1\nLONGOBUCCO Fran\u00e7ois Equipier FDF FDF 1\nLOPES Valentin Equipier FDF FDF 1\nLOUET Yann Equipier FDF FDF 1\nLUCAS K\u00e9vin Equipier FDF FDF 1\nMACHADO Damien Equipier FDF FDF 1\nMAGGIOTTO Laurent Equipier FDF FDF 1\nMAGNIERE J\u00e9r\u00e9my Equipier FDF FDF 1\nMAINGAULT Corentin Equipier FDF FDF 1\nMANCINI Nicolas Equipier FDF FDF 1\nMANGEMATIN Amaury Equipier FDF FDF 1\nMANZINALI Tanguy Equipier FDF FDF 1\nMARATRAY Brandon Equipier FDF FDF 1\nMARECHAL Maxence Equipier FDF FDF 1\nSDIS de C\u00f4te-d'Or - 21-2025-07-01-00013 - 2025_Liste d'Aptitude Op\u00e9rationnelle Feu De For\u00eat _ Modificatif 2 153\nNom Pr\u00e9nom Emploi et activit\u00e9 compl\u00e9mentaire Formation\nMARGOT Pierre Equipier FDF FDF 1\nMARTIN Alexis Equipier FDF FDF 1\nMARTIN Charlie Equipier FDF FDF 1\nMARZAK Amir Equipier FDF FDF 1\nMATHON Oc\u00e9ane Equipier FDF FDF 1\nMATHY Lilian Equipier FDF FDF 1\nMAZUE Eddy Equipier FDF FDF 1\nMEGARD Brice Equipier FDF FDF 1\nMERMAZ Emmanuel Equipier FDF FDF 1\nMEULNET Cyril Equipier FDF FDF 1\nMICHEL K\u00e9vin Equipier FDF FDF 1\nMIELLE Cl\u00e9mence Equipier FDF FDF 1\nMIGEON Matthieu Equipier FDF FDF 1\nMIGNOT VERGEOT C\u00e9dric Equipier FDF FDF 1\nMIRESSI Nicolas Equipier FDF FDF 1\nMIRMONT Jonathan Equipier FDF FDF 1\nMISSET S\u00e9bastien Equipier FDF FDF 1\nMOLE Romuald Equipier FDF FDF 1\nMONVAILLIER Julien Equipier FDF FDF 1\nMOSSON Arnaud Equipier FDF FDF 1\nMOUCHOUX Maxime Equipier FDF FDF 1\nMOUREAUX Anthony Equipier FDF FDF 1\nMULLER Am\u00e9lie Equipier FDF FDF 1\nMUTEL Jorys Equipier FDF FDF 1\nMUTEL Lo\u00efc Equipier FDF FDF 1\nMUTIN Ludovic Equipier FDF FDF 1\nNAVAS-LOPEZ Axel Equipier FDF FDF 1\nNECTOUX Corentin Equipier FDF FDF 1\nNOEL Lo\u00efc Equipier FDF FDF 1\nOPET Jonathan Equipier FDF FDF 1\nORMANCEY St\u00e9phane Equipier FDF FDF 1\nPACAUD-PEREIRA Mathieu Equipier FDF FDF 1\nPAINBLANC Steve Equipier FDF FDF 1\nPALLEGOIX Julien Equipier FDF FDF 1\nPAPEZ Julien Equipier FDF FDF 1\nPARAT C\u00e9dric Equipier FDF FDF 1\nPARIS H\u00e9l\u00e9na Equipier FDF FDF 1\nPATIN Antoine Equipier FDF FDF 1\nPATOZ Camille Equipier FDF FDF 1\nPAYEBIN Alain Equipier FDF FDF 1\nPAYSAN Augustin Equipier FDF FDF 1\nPERCHOT J\u00e9r\u00e9my Equipier FDF FDF 1\nPEROT Olivier Equipier FDF FDF 1\nPERRIN Vincent Equipier FDF FDF 1\nPETIT Jean-Bernard Equipier FDF FDF 1\nPETIT Maxime Equipier FDF FDF 1\nPETIT-PIZZOLO Anthonin Equipier FDF FDF 1\nPETITJEAN Mathieu Equipier FDF FDF 1\nPIALAT Eddy Equipier FDF FDF 1\nPIATON Manuel Equipier FDF FDF 1\nPICARD J\u00e9r\u00e9my Equipier FDF FDF 1\nSDIS de C\u00f4te-d'Or - 21-2025-07-01-00013 - 2025_Liste d'Aptitude Op\u00e9rationnelle Feu De For\u00eat _ Modificatif 2 154\nNom Pr\u00e9nom Emploi et activit\u00e9 compl\u00e9mentaire Formation\nPIQUET Stefan Equipier FDF FDF 1\nPITOISET Julien Equipier FDF FDF 1\nPLAGNIARD Hugo Equipier FDF FDF 1\nPLAISIER J\u00e9r\u00e9my Equipier FDF FDF 1\nPLOTON Jessica Equipier FDF FDF 1\nPOCHEVEUX Martial Equipier FDF FDF 1\nPOMMIER Jean-No\u00ebl Equipier FDF FDF 1\nPORCHERAY Guillaume Equipier FDF FDF 1\nPOUILLY Mathieu Equipier FDF & commando DIS FDF 1 & DIS FDF\nPOUPAULT Gaylord Equipier FDF FDF 1\nPOUPON Pierre Equipier FDF FDF 1\nPRADO Micha\u00ebl Equipier FDF FDF 1\nPRUDHON J\u00e9r\u00f4me Equipier FDF FDF 1\nQUELLIER Philippe Equipier FDF FDF 1\nQUENOT S\u00e9bastien Equipier FDF FDF 1\nQUINCEY Cyril Equipier FDF FDF 1\nRABUT Laurent Equipier FDF FDF 1\nRABUT Mathis Equipier FDF FDF 1\nRAGEAUD Nathan Equipier FDF FDF 1\nRAILLARD Quentin Equipier FDF FDF 1\nRAMM Mathieu Equipier FDF FDF 1\nRAYMOND Sylvain Equipier FDF FDF 1\nREBOUL Simon Equipier FDF FDF 1\nRENAUD David Equipier FDF FDF 1\nRENAUD Sandrine Equipier FDF FDF 1\nRENGEL Teddy Equipier FDF FDF 1\nRIGOLOT Ga\u00ebl Equipier FDF FDF 1\nRIMBEAULT Thomas Equipier FDF FDF 1\nRINGENBACH Yann Equipier FDF FDF 1\nROMERO ARANDIA Carlos Equipier FDF FDF 1\nROSE Audric Equipier FDF FDF 1\nROTH DIT BETTONI Guillaume Equipier FDF FDF 1\nROUGEGREZ Thomas Equipier FDF FDF 1\nROUHETTE Fr\u00e9d\u00e9ric Equipier FDF FDF 1\nROUILLON Benjamin Equipier FDF FDF 1\nROUILLON Philippe Equipier FDF FDF 1\nROUSSILLON Mathieu Equipier FDF FDF 1\nROYER Julien Equipier FDF FDF 1\nROYER K\u00e9vin Equipier FDF FDF 1\nROZOTTE Chlo\u00e9 Equipier FDF FDF 1\nSAPIN Philippe Equipier FDF FDF 1\nSARRAZIN Pauline Equipier FDF FDF 1\nSASSI Jordan Equipier FDF FDF 1\nSAUSSIER Julien Equipier FDF FDF 1\nSCHEMBRI Agathe Equipier FDF FDF 1\nSEVESTRE J\u00e9r\u00e9my Equipier FDF FDF 1\nSILLY Pierre Equipier FDF FDF 1\nSILVESTRE Ethan Equipier FDF FDF 1\nSIMONOT Chlo\u00e9 Equipier FDF FDF 1\nSIMONOT Cl\u00e9ment Equipier FDF & commando DIS FDF 1 & DIS FDF\nSIVET Florent Equipier FDF FDF 1\nSDIS de C\u00f4te-d'Or - 21-2025-07-01-00013 - 2025_Liste d'Aptitude Op\u00e9rationnelle Feu De For\u00eat _ Modificatif 2 155\nNom Pr\u00e9nom Emploi et activit\u00e9 compl\u00e9mentaire Formation\nSTALL Paul Equipier FDF FDF 1\nSUCHETET Thomas Equipier FDF FDF 1\nSULPIZIO Bastien Equipier FDF FDF 1\nTARTERET Cindy Equipier FDF FDF 1\nTERRIER Nicolas Equipier FDF FDF 1\nTEYSSIER Anthony Equipier FDF FDF 1\nTHOMAS Nicolas Equipier FDF FDF 1\nTILLET J\u00e9r\u00f4me Equipier FDF FDF 1\nTILLIER Arthur Equipier FDF FDF 1\nTOLLIS Anthony Equipier FDF FDF 1\nTOURDIAS Aur\u00e9lien Equipier FDF FDF 1\nTOURRIER Eva Equipier FDF FDF 1\nTOUSSAINT Rudy Equipier FDF FDF 1\nTRAME Romain Equipier FDF FDF 1\nTREDEZ Victor Equipier FDF FDF 1\nTROUSSARD Nicolas Equipier FDF FDF 1\nTURC Rapha\u00ebl Equipier FDF FDF 1\nTUVACHE Micka\u00ebl Equipier FDF FDF 1\nVACHEROT Fr\u00e9d\u00e9ric Equipier FDF FDF 1\nVADOT Pierre Thierry Equipier FDF FDF 1\nVANDENSKRICK Damien Equipier FDF FDF 1\nVEFOND Sylvain Equipier FDF FDF 1\nVELLUET Ludovic Equipier FDF FDF 1\nVELTEN Tony Equipier FDF FDF 1\nVERSCHAEVE Ludwig Equipier FDF FDF 1\nVIGNEAU Anne-Claire Equipier FDF FDF 1\nVILLEGAS Baptiste Equipier FDF FDF 1\nVOINCHET Etienne Equipier FDF FDF 1\nWRAZEN Lo\u00efc Equipier FDF FDF 1\n* R\u00e9f\u00e9rent de sp\u00e9cialit\u00e9 \u00ab lutte contre les feux de for\u00eats \u00bb\nArticle 2 : Seuls les sapeurs-pompiers aptes \u00e0 la constitution des colonnes mobiles de secours (CMS)\ninscrits sur la liste d\u00e9finie en article 1, sont susceptibles d'\u00eatre engag\u00e9s sur des interventions en colonnes\nmobiles de secours \u00ab feux de for\u00eats \u00bb.\nArticle 3 : La sous-pr\u00e9f\u00e8te, directrice de cabinet et le directeur d\u00e9partemental des services d'incendie et de\nsecours sont charg\u00e9s, chacun en ce qui le concerne, de l'ex\u00e9cution du pr\u00e9sent arr\u00eat\u00e9 qui sera publi\u00e9 au\nrecueil des actes administratifs de la pr\u00e9fecture de la C\u00f4te-d'Or.\nDijon, le 1er juillet 2025\nLe pr\u00e9fet,\nPour le pr\u00e9fet et par d\u00e9l\u00e9gation,\nLa sous-pr\u00e9f\u00e8te, directrice de cabinet\nSIGN\u00c9\nAur\u00e9lie CONTRECIVILE\nSDIS de C\u00f4te-d'Or - 21-2025-07-01-00013 - 2025_Liste d'Aptitude Op\u00e9rationnelle Feu De For\u00eat _ Modificatif 2 156\nSDIS de C\u00f4te-d'Or\n21-2025-07-01-00015\n2025_Liste d'Aptitude Op\u00e9rationnelle Risque\nCHimique_Modificatif 2\nSDIS de C\u00f4te-d'Or - 21-2025-07-01-00015 - 2025_Liste d'Aptitude Op\u00e9rationnelle Risque CHimique_Modificatif 2 157\nPREFETDE LACOTE-D'ORLibert\u00e9Egalit\u00e9Fraternit\u00e9\n&eQ\u00e7\n22 D Boulevard Winston Churchull\nSDIS de la C\u00f4te-d'Or\nAffaire suivie par : sous-direction optimisation du potentiel op\u00e9rationnel\nSDIS 21 / service \u00e9quipes sp\u00e9cialis\u00e9es\nT\u00e9l : 03 80 11 27 87\nM\u00e9l : formation@sdis21.org\nArr\u00eat\u00e9\nPortant sur la liste d'aptitude op\u00e9rationnelle\nUnit\u00e9 de lutte face aux risques chimiques\nAnn\u00e9e 2025 - modificatif n\u00b0 2\nLe pr\u00e9fet de la C\u00f4te-d'Or\nVu le code g\u00e9n\u00e9ral des collectivit\u00e9s territoriales et particuli\u00e8rement l'article R 1424-54 ;\nVu l'arr\u00eat\u00e9 du 6 mai 2000 modifi\u00e9 fixant les conditions d'aptitudes m\u00e9dicales des sapeurs-pompiers professionnels et\nvolontaires ;\nVu l'arr\u00eat\u00e9 du 22 ao\u00fbt 2019 relatif aux formations des sapeurs-pompiers professionnels et volontaires ;\nVu l'arr\u00eat\u00e9 du 15 juillet 2022 relatif \u00e0 la d\u00e9signation et aux missions des r\u00e9f\u00e9rents de sp\u00e9cialit\u00e9s mentionn\u00e9s \u00e0 l'article\nR. 722-1 du code de la s\u00e9curit\u00e9 int\u00e9rieure ;\nVu l'arr\u00eat\u00e9 pr\u00e9fectoral du 18 septembre 2020 fixant la liste des unit\u00e9s op\u00e9rationnelles sp\u00e9cialis\u00e9es ;\nVu le r\u00e8glement op\u00e9rationnel du service d\u00e9partemental d'incendie et de secours de la C\u00f4te-d'Or en date du 06 octobre\n2021 ;\nVu le SDACR approuv\u00e9 par arr\u00eat\u00e9 pr\u00e9fectoral n\u00b0 1808 du 22 d\u00e9cembre 2023 ;\nVu le guide national de r\u00e9f\u00e9rence relatif aux risques chimiques ;\nVu la participation des agents d\u00e9sign\u00e9s aux activit\u00e9s de formation de maintien et de perfectionnement des acquis ;\nVu le nombre de conseiller technique risques chimiques (2), de conseiller technique risques biologiques (1), de chefs de\nCMIC (13), de chefs d'\u00e9quipe/\u00e9quipiers intervention RCH (68), de chefs d'\u00e9quipe/\u00e9quipiers reconnaissance RCH (38) ;\nSur proposition de monsieur le directeur d\u00e9partemental des services d'incendie et de secours ;\nARR\u00caTE\nArticle 1 : La liste annuelle d\u00e9partementale d'aptitude op\u00e9rationnelle des sapeurs-pompiers de l'unit\u00e9 \u00ab lutte\nface aux risques chimiques\u00bb du d\u00e9partement de la C\u00f4te-d'Or s'\u00e9tablit comme suit :\nNom Pr\u00e9nom Emploi op\u00e9rationnel Formation\nBOLTZ Bruno * Conseiller technique risques\nchimiques RCH 4\nLEPOUTERE Bertrand Conseiller technique risques\nchimiques RCH 4\nCHAUSSADE Thomas Conseiller technique risques\nbiologiques /\nBARGEOT Cyril Chef de CMIC RCH 3\nBIDAU Cyril Chef de CMIC RCH 3\nDENYS H\u00e9l\u00e8ne Chef de CMIC RCH 3\nDESCHAMPS Olivier Chef de CMIC RCH 3\nDOMBEK Christophe Chef de CMIC RCH 3\nDUVERNOIS Arnaud Chef de CMIC RCH 3\nKRAWCZYK Nicolas Chef de CMIC RCH 3\nSDIS de C\u00f4te-d'Or - 21-2025-07-01-00015 - 2025_Liste d'Aptitude Op\u00e9rationnelle Risque CHimique_Modificatif 2 158\nNom Pr\u00e9nom Emploi op\u00e9rationnel Formation\nPREIONI Christian Chef de CMIC RCH 3\nRENAUD Sandrine Chef de CMIC RCH 3\nROUCHE St\u00e9phane Chef de CMIC RCH 3\nSAUSSERET Jean-Michel Chef de CMIC RCH 3\nSENOT Alexandre Chef de CMIC RCH 3\nTHEUREL J\u00e9r\u00f4me Chef de CMIC RCH 3\nANGUENOT Lucas Chef d'\u00e9quipe intervention RCH RCH 2\nASDRUBAL M\u00e9lanie Chef d'\u00e9quipe intervention RCH RCH 2\nBALLAIS Sylvain Chef d'\u00e9quipe intervention RCH RCH 2\nBELDJOUDI J\u00e9r\u00f4me Chef d'\u00e9quipe intervention RCH RCH 2\nBENIER C\u00e9dric Chef d'\u00e9quipe intervention RCH RCH 2\nBERNASCONI Reynald Chef d'\u00e9quipe intervention RCH RCH 2\nBOUCHE Luca Chef d'\u00e9quipe intervention RCH RCH 2\nBOUCHER Thomas Chef d'\u00e9quipe intervention RCH RCH 2\nBOURGEOIS Blandine Chef d'\u00e9quipe intervention RCH RCH 2\nBRIDON Fran\u00e7ois Chef d'\u00e9quipe intervention RCH RCH 2\nBRIYS Ludovic Chef d'\u00e9quipe intervention RCH RCH 2\nBRULEY Jean-No\u00ebl Chef d'\u00e9quipe intervention RCH RCH 2\nCALAFATO Alexandre Chef d'\u00e9quipe intervention RCH RCH 2\nCAMUS David Chef d'\u00e9quipe intervention RCH RCH 2\nCAVARELLI Nicolas Chef d'\u00e9quipe intervention RCH RCH 2\nCHABOT Benjamin Chef d'\u00e9quipe intervention RCH RCH 2\nCHAMPDAVEINE David Chef d'\u00e9quipe intervention RCH RCH 2\nCHANUT Lilian Chef d'\u00e9quipe intervention RCH RCH 2\nCHRETIEN Pierre Chef d'\u00e9quipe intervention RCH RCH 2\nCLET C\u00e9cile Chef d'\u00e9quipe intervention RCH RCH 2\nCOMBES Cl\u00e9ment Chef d'\u00e9quipe intervention RCH RCH 2\nDESSENDRE Romain Chef d'\u00e9quipe intervention RCH RCH 2\nDUMONT Quentin Chef d'\u00e9quipe intervention RCH RCH 2\nDURAND Florian Chef d'\u00e9quipe intervention RCH RCH 2\nDURAND Fr\u00e9d\u00e9ric Chef d'\u00e9quipe intervention RCH RCH 2\nDURAND Maxime Chef d'\u00e9quipe intervention RCH RCH 2\nETIENNE Christophe Chef d'\u00e9quipe intervention RCH RCH 2\nFLECHARD Julien Chef d'\u00e9quipe intervention RCH RCH 2\nFOUTELET Jo\u00ebl Chef d'\u00e9quipe intervention RCH RCH 2\nGARMATUK Cyril Chef d'\u00e9quipe intervention RCH RCH 2\nGEST Sylvain Chef d'\u00e9quipe intervention RCH RCH 2\nGILLOT Adrien Chef d'\u00e9quipe intervention RCH RCH 2\nGRAND Micka\u00ebl Chef d'\u00e9quipe intervention RCH RCH 2\nHEDIEUX Patrick Chef d'\u00e9quipe intervention RCH RCH 2\nJEANNIN S\u00e9bastien Chef d'\u00e9quipe intervention RCH RCH 2\nJOUVELOT Olivier Chef d'\u00e9quipe intervention RCH RCH 2\nKARROUM Hakim Chef d'\u00e9quipe intervention RCH RCH 2\nSDIS de C\u00f4te-d'Or - 21-2025-07-01-00015 - 2025_Liste d'Aptitude Op\u00e9rationnelle Risque CHimique_Modificatif 2 159\nNom Pr\u00e9nom Emploi op\u00e9rationnel Formation\nLAGNIER Laurent Chef d'\u00e9quipe intervention RCH RCH 2\nLEGROS Antoine Chef d'\u00e9quipe intervention RCH RCH 2\nLEGROS C\u00e9line Chef d'\u00e9quipe intervention RCH RCH 2\nMAGGIOTTO Laurent Chef d'\u00e9quipe intervention RCH RCH 2\nMARDAOUI Mouhssine Chef d'\u00e9quipe intervention RCH RCH 2\nMELOT Christophe Chef d'\u00e9quipe intervention RCH RCH 2\nMENAGE Christophe Chef d'\u00e9quipe intervention RCH RCH 2\nPAGEOT Anthony Chef d'\u00e9quipe intervention RCH RCH 2\nPICARD J\u00e9r\u00e9my Chef d'\u00e9quipe intervention RCH RCH 2\nPIGNET Olivier Chef d'\u00e9quipe intervention RCH RCH 2\nPLAISIER J\u00e9r\u00e9my Chef d'\u00e9quipe intervention RCH RCH 2\nPOMMIER Jean-No\u00ebl Chef d'\u00e9quipe intervention RCH RCH 2\nPRADO Micha\u00ebl Chef d'\u00e9quipe intervention RCH RCH 2\nREMBERT Thomas Chef d'\u00e9quipe intervention RCH RCH 2\nREMOND Ga\u00ebtan Chef d'\u00e9quipe intervention RCH RCH 2\nRENAUD Thomas Chef d'\u00e9quipe intervention RCH RCH 2\nRICHARD Didier Chef d'\u00e9quipe intervention RCH RCH 2\nRICHARD Laurent Chef d'\u00e9quipe intervention RCH RCH 2\nSAAD Yassine Chef d'\u00e9quipe intervention RCH RCH 2\nSAGET Lo\u00efc Chef d'\u00e9quipe intervention RCH RCH 2\nSAMORI Laurent Chef d'\u00e9quipe intervention RCH RCH 2\nSEURIOT Guillaume Chef d'\u00e9quipe intervention RCH RCH 2\nTHOMAS Christophe Chef d'\u00e9quipe intervention RCH RCH 2\nTHOMERE Alexandre Chef d'\u00e9quipe intervention RCH RCH 2\nTRAME Romain Chef d'\u00e9quipe intervention RCH RCH 2\nVADOT Thierry Chef d'\u00e9quipe intervention RCH RCH 2\nVANDENSKRICK Julien Chef d'\u00e9quipe intervention RCH RCH 2\nVAXILLAIRE Yann Chef d'\u00e9quipe intervention RCH RCH 2\nVERREY Cyril Chef d'\u00e9quipe intervention RCH RCH 2\nVOILLEQUIN Venceslas Chef d'\u00e9quipe intervention RCH RCH 2\nBATAILLE Quentin Equipier intervention RCH RCH 2\nANNEN Florian Chef d'\u00e9quipe reconnaissance RCH RCH 1\nBARDET Mathieu Chef d'\u00e9quipe reconnaissance RCH RCH 1\nBERTHET-BONDET Anthony Chef d'\u00e9quipe reconnaissance RCH RCH 1\nBRUNET Morgan Chef d'\u00e9quipe reconnaissance RCH RCH 1\nCAO THANH Emmanuel Chef d'\u00e9quipe reconnaissance RCH RCH 1\nCHAKRI Tarik Chef d'\u00e9quipe reconnaissance RCH RCH 1\nCHEVALIER Victor Chef d'\u00e9quipe reconnaissance RCH RCH 1\nCONVERT Cyril Chef d'\u00e9quipe reconnaissance RCH RCH 1\nDAUD Jean-Baptiste Chef d'\u00e9quipe reconnaissance RCH RCH 1\nDENIEL Jordan Chef d'\u00e9quipe reconnaissance RCH RCH 1\nDUBIEF Mathieu Chef d'\u00e9quipe reconnaissance RCH RCH 1\nDUPLUS Aur\u00e9lien Chef d'\u00e9quipe reconnaissance RCH RCH 1\nSDIS de C\u00f4te-d'Or - 21-2025-07-01-00015 - 2025_Liste d'Aptitude Op\u00e9rationnelle Risque CHimique_Modificatif 2 160\nNom Pr\u00e9nom Emploi op\u00e9rationnel Formation\nFEUGERE Ma\u00ebl Chef d'\u00e9quipe reconnaissance RCH RCH 1\nFOUTELET Christian Chef d'\u00e9quipe reconnaissance RCH RCH 1\nGEORGES Maxime Chef d'\u00e9quipe reconnaissance RCH RCH 1\nHANNETON Gabin Chef d'\u00e9quipe reconnaissance RCH RCH 1\nJUPILLE Thomas Chef d'\u00e9quipe reconnaissance RCH RCH 1\nLEFOL Geoffroy Chef d'\u00e9quipe reconnaissance RCH RCH 1\nPAINBLANC Steve Chef d'\u00e9quipe reconnaissance RCH RCH 1\nPATOZ Camille Chef d'\u00e9quipe reconnaissance RCH RCH 1\nPIGNON S\u00e9bastien Chef d'\u00e9quipe reconnaissance RCH RCH 1\nRIGOLOT Ga\u00ebl Chef d'\u00e9quipe reconnaissance RCH RCH 1\nTAUBATY Vincent Chef d'\u00e9quipe reconnaissance RCH RCH 1\nTILLIER Arthur Chef d'\u00e9quipe reconnaissance RCH RCH 1\nVAILLE Olivier Chef d'\u00e9quipe reconnaissance RCH RCH 1\nBONNARD Valentin Equipier reconnaissance RCH RCH 1\nBRUNOT Baptiste Equipier reconnaissance RCH RCH 1\nCORDON Maxime Equipier reconnaissance RCH RCH 1\nCORTEVAT Carine Equipier reconnaissance RCH RCH 1\nGARCIA Manuel Equipier reconnaissance RCH RCH 1\nPACAUD PEREIRA Mathieu Equipier reconnaissance RCH RCH 1\nPLOTON Jessica Equipier reconnaissance RCH RCH 1\nREBOUL Simon Equipier reconnaissance RCH RCH 1\nSCHNOEBELEN Manon Equipier reconnaissance RCH RCH 1\nSIESKIND Paul-Hugo Equipier reconnaissance RCH RCH 1\nTHEVENET-POIFOL Benjamin Equipier reconnaissance RCH RCH 1\nVILLEGAS Baptiste Equipier reconnaissance RCH RCH 1\nWARNANT Lucien Equipier reconnaissance RCH RCH 1\n* R\u00e9f\u00e9rent de sp\u00e9cialit\u00e9 \u00ab risques chimiques \u00bb\nArticle 2 : La sous-pr\u00e9f\u00e8te, directrice de cabinet, et le directeur d\u00e9partemental des services d'incendie et de\nsecours sont charg\u00e9s, chacun en ce qui le concerne, de l'ex\u00e9cution du pr\u00e9sent arr\u00eat\u00e9 qui sera publi\u00e9 au\nrecueil des actes administratifs de la pr\u00e9fecture de la C\u00f4te-d'Or.\nDijon, le 1er juillet 2025\nLe pr\u00e9fet,\nPour le pr\u00e9fet et par d\u00e9l\u00e9gaon,\nLa sous-pr\u00e9f\u00e8te, directrice de cabinet\nSIGN\u00c9\nAur\u00e9lie CONTRECIVILE\nSDIS de C\u00f4te-d'Or - 21-2025-07-01-00015 - 2025_Liste d'Aptitude Op\u00e9rationnelle Risque CHimique_Modificatif 2 161\nSous-pr\u00e9fecture de Beaune\n21-2025-07-10-00005\nArr\u00eat\u00e9 pr\u00e9fectoral n\u00b0 1002 portant autorisation\nde la manifestation sportive avec participation\nde v\u00e9hicules terrestres \u00e0 moteur d\u00e9nomm\u00e9e\n\u00ab\u00a0Course de tracteurs-tondeuses\u00a0\u00bb  organis\u00e9e le\n27 juillet 2025 \u00e0 Censerey\nSous-pr\u00e9fecture de Beaune - 21-2025-07-10-00005 - Arr\u00eat\u00e9 pr\u00e9fectoral n\u00b0 1002 portant autorisation de la manifestation sportive avec\nparticipation de v\u00e9hicules terrestres \u00e0 moteur d\u00e9nomm\u00e9e \u00ab\u00a0Course de tracteurs-tondeuses\u00a0\u00bb  organis\u00e9e le 27 juillet 2025 \u00e0 Censerey 162\n. & | | SOUS-PR\u00c9FECTUREPR\u00c9FET DE BEAUNEDE LACOTE-D'ORL'z'berte'Egalit\u00e9Fraternit\u00e9\nAffaire suivie par C\u00e9cile RAVRY Beaune, le 19 juin 2025T\u00e9l : 03 45 43 80 11m\u00e9l : cecile.ravry@cote-dor.gouv.fr\nArr\u00eat\u00e9 pr\u00e9fectoral n\u00b0 874portant autorisation de la manifestation sportlveavec participation de v\u00e9hicules terrestres \u00e0 moteurd\u00e9nomm\u00e9e \u00ab Course de tracteurs-tondeuses \u00bborganis\u00e9e le 28 juin 2025 sur le circuit de quads et de motosde Premeaux-Prissey et Quincey\nLe sous-pr\u00e9fet de Beaune\nVU le code de la route, notamment ses articles R. 411-5 et R. 411-10 ;VU le code du sport, notamment ses articles L. 331-1 \u00e0 L. 331-12, L. 332-1 \u00e0 L. 332-21, R. 331-18 \u00e0 R.331-45-1, A. 331-16 \u00e0 A. 331-23 et A. 331-32 ;VU le code de l'environnement, notamment ses articles R. 414-19 \u00e0 R. 414-26 ;VU le d\u00e9cret n\u00b0 2010-365 du 9 avril 2010 relatif \u00e0 l'\u00e9valuation des incidences Natura 2000 ;VU le d\u00e9cret du 6 juillet 2023 du Pr\u00e9sident de la R\u00e9publique portant nomination de M. Beno\u00eetBYRSKI en qualit\u00e9 de sous-pr\u00e9fet de Beaune ;VU l'arr\u00eat\u00e9 pr\u00e9fectoral n\u00b0 445/SG du 17 mars 2025 donnant d\u00e9l\u00e9gation de signature \u00e0 M. Beno\u00eetBYRSKI, sous-pr\u00e9fet de Beaune ;VU les r\u00e8gles techniques et de s\u00e9curit\u00e9 \u00e9dict\u00e9es par la f\u00e9d\u00e9ration fran\u00e7aise de sport automobile, enapplication de l'article R 331-19 du Code du sport, notamment l'annexe |Il-22 qui encadre lescourses de tracteurs;VU la demande d\u00e9pos\u00e9e le 8 avril 2025 sur la plateforme SIMS par Monsieur Franck PELLETIER auxfins d'obtenir l'autorisation d'organiser une manifestation sportive avec comp\u00e9tition comportant lapr\u00e9sence de v\u00e9hicules terrestres \u00e0 moteur d\u00e9nomm\u00e9e \u00abCourse de tracteurs-tondeuses\u00bb le samedi28 juin 2025, sur une partie du circuit de quads et de motos au ||eu dit \u00ab En Gibosse \u00bb \u00e0 Premeaux-Prissey et Quincey;VU le devis sign\u00e9 le 22 avril 2025 relatif \u00e0 la mise en place d'un dispositif pr\u00e9visionnel de secours(DPS) conclu entre Monsieur Franck PELLETIER et l'association agr\u00e9\u00e9e DP4S Secours ;VU l'attestation de police d'assurance du 2 juin 2025 garantissant la responsabilit\u00e9 civile del'association Bourgogne Quad 21 pour l'\u00e9preuve sus-vis\u00e9e;\nSous-pr\u00e9fecture de Beaune - 21-2025-07-10-00005 - Arr\u00eat\u00e9 pr\u00e9fectoral n\u00b0 1002 portant autorisation de la manifestation sportive avec\nparticipation de v\u00e9hicules terrestres \u00e0 moteur d\u00e9nomm\u00e9e \u00ab\u00a0Course de tracteurs-tondeuses\u00a0\u00bb  organis\u00e9e le 27 juillet 2025 \u00e0 Censerey 163\nVU le r\u00e8glement particulier de la manifestation re\u00e7u le 8 avril 2025 ;VU l'avis favorable de la commission d\u00e9partementale de s\u00e9curit\u00e9 routi\u00e8re - section sp\u00e9cialis\u00e9e\"\u00e9preuves et comp\u00e9titions sportives\" lors de la visite sur site le 26 mai 2025 ;CONSID\u00c9RANT que le dossier est complet ;CONSID\u00c9RANT que la commission d\u00e9partementale de la s\u00e9curit\u00e9 routi\u00e8re - section sp\u00e9cialis\u00e9e\"\u00e9preuves et comp\u00e9titions sportives\"- a \u00e9mis Un avis favorable lors de sa r\u00e9union en salle du 27 mai2025 ; ' '\nARRETE :\nArticle 1er: Monsieur Franck PELLETIER est autoris\u00e9 \u00e0 organiser une manifestation sportive avecparticipation de v\u00e9hicules terrestres \u00e0 moteur d\u00e9nomm\u00e9e \"Course de tracteurs-tondeuses \", lesamedi 28 juin 2025 sur une partie du circuit de quads et de motos situ\u00e9 au lieu-dit \u00ab En Gibosse\u00bb \u00e0Premeaux-Prissey et Quincey, conform\u00e9ment au trac\u00e9 annex\u00e9 au pr\u00e9sent arr\u00eat\u00e9 et aux modalit\u00e9sexpos\u00e9es dans la demande et le r\u00e8glement.Article 2: En application de l'article R 331-37 du code du sport, la pr\u00e9sente autorisation vauthomologation du circuit non permanent sur laquelle se d\u00e9roule la manifestation pr\u00e9cit\u00e9e et pour laseule dur\u00e9e de celle-ci.Article 3: Le nombre de v\u00e9hicules pr\u00e9vus simultan\u00e9ment sur la piste est de 30.Article 4 : L'organisateur est tenu de respecter les dispositions de l'annexe 111-22 du code du sport(annex\u00e9 au pr\u00e9sent arr\u00eat\u00e9) relative aux manifestations de v\u00e9hicules terrestres \u00e0 moteur danslesquelles la vitesse est I'un des \u00e9l\u00e9ments essentiels du classement, et qui ne sont pas incluses dansles disciplines faisant l'objet d'une d\u00e9l\u00e9gation attribu\u00e9e par le minist\u00e8re charg\u00e9 des sports \u00e0 laf\u00e9d\u00e9ration fran\u00e7aise du sport automobile ou \u00e0 la f\u00e9d\u00e9ration fran\u00e7aise de motocyclisme.Article 5: L'organisateur est tenu de respecter les dispositions des articles R.1336.4 \u00e0 R1336.11 ducode de la sant\u00e9 publique relatif \u00e0 la lutte contre les bruits de voisinage.Article 6: La pr\u00e9sente autorisation est accord\u00e9e sous r\u00e9serve que l'organisateur prenne \u00e0 sa chargeles frais n\u00e9cessit\u00e9s par la mise en place des dispositifs destin\u00e9s au maintien de la s\u00e9curit\u00e9 \u00e0l'occasion du d\u00e9roulement de l'\u00e9preuve et assure la r\u00e9paration des dommages, d\u00e9gradations,modifications de toutes sortes de la voie publique ou de ses d\u00e9pendances, imputables auxconcurrents, aux organisateurs ou \u00e0 leurs pr\u00e9pos\u00e9s.Article 7 : En aucun cas la responsabilit\u00e9 de l'Etat et des communes ne pourra \u00eatre engag\u00e9e et aucunrecours ne pourra \u00e9ventuellement \u00eatre exerc\u00e9 contre eux.Article 8 : La pr\u00e9sente autorisation peut \u00eatre suspendue ou rapport\u00e9e \u00e0 tout moment s'il appara\u00eetque les conditions de s\u00e9curit\u00e9 ne se trouvent plus r\u00e9unies ou que l'organisateur, malgr\u00e9 la mise endemeure qui lui en est faite par l'autorit\u00e9 administrative, ne respecte plus ou ne fait plus respecterpar les participants et les spectateurs les dispositions pr\u00e9vues par le r\u00e8glement particulier de lamanifestation en vue d'assurer leur protection.Article 9: Il n'y a aucune zone de contact entre le public et les v\u00e9hicules des participants avecmoteur allum\u00e9. D'une mani\u00e8re g\u00e9n\u00e9rale, la zone du public doit \u00eatre dispos\u00e9e et s\u00e9curis\u00e9e de tellemani\u00e8re que le public soit toujours en s\u00e9curit\u00e9, m\u00eame si un engin sortait de piste. Les distances des\u00e9curit\u00e9 entre la zone \u00ab public \u00bb et la piste doivent \u00eatre respect\u00e9es.\nSous-pr\u00e9fecture de Beaune - 21-2025-07-10-00005 - Arr\u00eat\u00e9 pr\u00e9fectoral n\u00b0 1002 portant autorisation de la manifestation sportive avec\nparticipation de v\u00e9hicules terrestres \u00e0 moteur d\u00e9nomm\u00e9e \u00ab\u00a0Course de tracteurs-tondeuses\u00a0\u00bb  organis\u00e9e le 27 juillet 2025 \u00e0 Censerey 164\ngArticle 10: L'organisateur doit assurer et garantir l'acc\u00e8s et une circulation ais\u00e9e pour les engins desecours et de lutte contre l'incendie.En cas d'accident entra\u00eenant le sauvetage ou l'\u00e9vacuation de personnes, l'organisateur doit prevenlrles sapeurs-pompiers qui interviennent par appel au 18 ou au 112.Article 11: Les v\u00e9hicules doivent \u00eatre stationn\u00e9s sur des surfaces imperm\u00e9abilis\u00e9es de fa\u00e7on \u00e0 \u00e9viterles fuites d'hydrocarbures dans |'environnement. Les stockages de produits dommageables pourl'environnement doivent \u00e9tre s\u00e9curis\u00e9s.Le d\u00e9p\u00f4t d'ordures en dehors des zones pr\u00e9vues \u00e0 cet effet est interdit. Les d\u00e9chets doivent \u00eatreramass\u00e9s, ramen\u00e9s et tri\u00e9s.Les feux, le bivouac et le camping sont interdits.Article 12 : Avant la manifestation, les organisateurs doivent interroger M\u00e9t\u00e9o France (notammentpar le biais du r\u00e9pondeur t\u00e9l\u00e9phonique : 08.99.71.02.21 ou par internet : www.meteofrance.com) afinde conna\u00eetre la couleur de la carte de vigilance m\u00e9t\u00e9o et prendre toute mesure adapt\u00e9e. Dansl'hypoth\u00e8se d'une carte orange ou rouge, il leur appartient de prendre les- dispositions quis'imposent (voire d'annuler la manifestation) et d'informer l'autorit\u00e9 municipale. 'Article 13 : L'organisateur technique d\u00e9sign\u00e9 doit attester (attestation jointe) que l'ensemble desmesures sont prises conform\u00e9ment aux prescriptions contenues dans l'arr\u00eat\u00e9 pr\u00e9fectorald'autorisation de l'\u00e9preuve. L'organisateur technique est charg\u00e9 de v\u00e9rifier et d'exiger, avant lecommencement de la manifestation, que l'ensemble des conditions mises \u00e0 l'octroi de la pr\u00e9senteautorisation est effectivement respect\u00e9et d'interdire la manifestation si ces conditions ne sont pasremplies.L'attestation ci-jointe devra \u00eatre transmise imm\u00e9diatement \u00e0 la sous-pr\u00e9fecture de Beaune par'courriel\u00e0 sp-beaune@cote-dor.gouv.frArticle 14 : Le sous-pr\u00e9fet de l'arrondissement de Beaune, le pr\u00e9sident du conseil d\u00e9partemental dela C\u00f4te-d'Or, les maires de Premeaux-Prissey et de Quincey, le directeur d\u00e9partemental des servicesd'incendie et de secours, le directeur des services d\u00e9partementaux de l''\u00e9ducation nationale, ladirectrice d\u00e9partementale des territoires, le lieutenant-colonel commandant la compagnie degendarmerie de Beaune, sont charg\u00e9s, chacun en ce qui le concerne, de l'ex\u00e9cution du pr\u00e9sentarr\u00eat\u00e9 dont copie sera adress\u00e9e aux repr\u00e9sentants departementaux de la f\u00e9d\u00e9ration fran\u00e7aise desport automobile et \u00e0 l'organisateur.Le pr\u00e9sent arr\u00e9t\u00e9 sera publi\u00e9 au recueil des actes administratifs de la pr\u00e9fecture de la C\u00f4te-d'Or.\nLe sous-pr\u00e9fet de Beaune,sign\u00e9\nBeno\u00eet BYRSKI\nANNEXES :- plan du circuit- annexe |l|-22 du code du sport- attestation \u00e0 compl\u00e9ter\nSous-pr\u00e9fecture de Beaune - 21-2025-07-10-00005 - Arr\u00eat\u00e9 pr\u00e9fectoral n\u00b0 1002 portant autorisation de la manifestation sportive avec\nparticipation de v\u00e9hicules terrestres \u00e0 moteur d\u00e9nomm\u00e9e \u00ab\u00a0Course de tracteurs-tondeuses\u00a0\u00bb  organis\u00e9e le 27 juillet 2025 \u00e0 Censerey 165\nH = Poste de CammiSSail; )r\n* \u0178 Pilotes 'let'c; - Pilotes\n\u00ceBourgogne QUAD 21 \u00ae ; ParkingTerrain lieu dit \u00ab EN GIBOSSE \u00bb Public\na\u2014\u00ee\u2014.\u00ffhg_\u2014- -= Zone Pu blie\n4ajectoire\u2014 .\" A\u00f1nexe\n-ZonePUDINC\"---\u2014--'--\nPRsu-\"v\"'sPlaing d'\u00e9'Pisto\"@ndman'ce s4TRACTEURS\"FONDEUSES]\n\u00e6\n\u2014....\u2014----.------.. .\u20147,\u2014,) e 'J'lbllAcc\u00e8s Sscours\nPage 1/1\nSous-pr\u00e9fecture de Beaune - 21-2025-07-10-00005 - Arr\u00eat\u00e9 pr\u00e9fectoral n\u00b0 1002 portant autorisation de la manifestation sportive avec\nparticipation de v\u00e9hicules terrestres \u00e0 moteur d\u00e9nomm\u00e9e \u00ab\u00a0Course de tracteurs-tondeuses\u00a0\u00bb  organis\u00e9e le 27 juillet 2025 \u00e0 Censerey 166\nArticle Annexe III-22 - Code du sport - L\u00e9gifrance https://www.legifrance.gouv.fr/codes/article 1c/LEGIARTI0O0001...\nEx L\u00e9gifrance | eRE P U B L l QU E Le service public de la diffusion du droitFRAN\u00c7AISELibert\u00e9\u00c9galit\u00e9Fraternit\u00e9Code du sportArticle Annexe II|-22Version en vigueur depuis le 30 avril 2008\nANNEXES (Articles Annexe |-1 (art. R122-4) \u00e0 Annexe IIIl-28)Annexes partie r\u00e9glementaire- Arr\u00eat\u00e9s (Articles Annexe [-0-1 (art. A114-3) \u00e0 Annexe III-28)Annexes Il (Articles Annexe IlI-1 (art. A312-1) \u00e0 Annexe 111-28)Annexe Ili-22 Version en vigueur depuis le 30 avril 2008Cr\u00e9ation Arr\u00e9t\u00e9 du 28 f\u00e9vrier 2008 - art. (V)LES MANIFESTATIONS DE VEHICULES TERRESTRES A MOTEUR DANS LESQUELLES LA VITESSE EST L'UNDES ELEMENTS ESSENTIELS DU CLASSEMENT, ET QUI NE SONT PAS INCLUSES DANS LES DISCIPLINESFAISANT L'OBJET DE LA DELEGATION ATTRIBUEE PAR LE MINISTERE CHARGE DES SPORTS A LAFEDERATION FRAN\u00c7AISE DU SPORT AUTOMOBILE OU A LA FEDERATION FRAN\u00c7AISE DE MOTOCYCLISME(art. A331-22 et A331-23)D\u00e9finitionSont notamment concern\u00e9es les courses de tracteurs, de moissonneuses-batteuses ou d'autres engins terrestresmotoris\u00e9s, quel que soit le nombre de roues ou le mode de propulsion.R\u00e8gles relatives au circuit ou parcoursLa nature du rev\u00e9tement et la longueur du circuit sont libres. La largeur doit au minimum \u00e9tre en tout point \u00e9gal a 3 foisau moins la largeur maximale des engins utilis\u00e9s de fagon a permettre un d\u00e9passement d'autres concurrents, lorsque- celui-ci est possible. Lorsqu'il s'agit d'un parcours sur lequel les v\u00e9hicules \u00e9voluent individuellement, la largeur peut \u00e9treramen\u00e9e a 2 fois au moins la largeur maximale du v\u00e9hicule. La piste doit \u00e9tre d\u00e9pourvue de tout obstacle ou \u00e9l\u00e9mentsusceptibles de pr\u00e9senter un risque particulier pour les participants.D\u00e8s lors que ces courses se d\u00e9roulent sur des circuits non permanents et que la vitesse qui peut y \u00eatre atteinte esttoujours inf\u00e9rieure \u00e0 200 km/h, l'autorisation pr\u00e9fectorale de la manifestation vaut homologation du circuit pour la seuledur\u00e9e de la manifestation, conform\u00e9ment \u00e0 ce que pr\u00e9voit l'article R. 331-37 du code du sport.R\u00e8gles relatives aux engins utilis\u00e9sIl convient de s'assurer que:\u2014 les accessoires susceptibles de pr\u00e9senter un danger particulier pour le pllote ou son passager \u00e0 l'int\u00e9rieur du postede pilotage sont prot\u00e9g\u00e9s ou d\u00e9mont\u00e9s;\u2014 un syst\u00e8me de harnachement du pilote sur son si\u00e8ge est pr\u00e9vu sauf pour les motos et les quads ;\u2014 en mati\u00e8re de bruit, la limite maximale de 100 dB (A) n'est pas franchie.R\u00e8gles relatives aux concurrents ou participants- Aptitude m\u00e9dicale :\u2014 les participants doivent pr\u00e9senter un certificat m\u00e9dical de non-contre-indication \u00e0 la pratique des sports m\u00e9caniquesde moins d'un an ; :Aptitude a la conduite :\u2014 les participants doivent pr\u00e9senter le permis de conduire n\u00e9cessaire \u00e0 la conduite de l'engin utilis\u00e9 puisqu'ils ne\n1 sur 2 19/06/2025, 09:53\nSous-pr\u00e9fecture de Beaune - 21-2025-07-10-00005 - Arr\u00eat\u00e9 pr\u00e9fectoral n\u00b0 1002 portant autorisation de la manifestation sportive avec\nparticipation de v\u00e9hicules terrestres \u00e0 moteur d\u00e9nomm\u00e9e \u00ab\u00a0Course de tracteurs-tondeuses\u00a0\u00bb  organis\u00e9e le 27 juillet 2025 \u00e0 Censerey 167\nArticle Annexe III-22 - Code du sport - L\u00e9gifrance https://www.legifrance.gouv.fr/codes/article 1c/LEGIARTIO0001...peuvent b\u00e9n\u00e9ficier de la d\u00e9rogation pr\u00e9vue \u00e0 l'article R. 221-16 du code de la route ;Equipements personnels de s\u00e9curit\u00e9 :\u2014 au minimum, les participants doivent \u00eatre \u00e9quip\u00e9s d'un casque homologu\u00e9.R\u00e8gles relatives \u00e0 l'encadrementAucune formation sp\u00e9cifique n'\u00e9tant mise en place pour ce type de manifestations, aucune qualification particuli\u00e8re nepeut \u00eatre exig\u00e9e. Le directeur de course doit \u00eatre titulaire du permis de conduire.Doivent au minimum \u00eatre pr\u00e9sents lors de la manifestation un directeur de course et des commissaires de pistes ennombre suffisant compte tenu de la longueur du circuit.M\u00e9dical :\u2014 l'encadrement m\u00e9dical doit \u00eatre adapt\u00e9 aux risques encourus par les participants en fonction de la vitesse atteinte parles engins. Au minimum, une \u00e9quipe de secouristes doit \u00eatre pr\u00e9sente sur la piste. L'accessibilit\u00e9 des services desecours (ambulances, pompiers et m\u00e9decins) au lieu de la manifestation doit \u00eatre assur\u00e9e de fa\u00e7on permanente duranttoute la dur\u00e9e de la manifestation.Dispositions relatives \u00e0 la protection du publicLa protection du public doit \u00eatre adapt\u00e9e \u00e0 la vitesse atteinte par les engins utilis\u00e9s, ainsi qu'au poids et \u00e0 la taille deceux-ci. Il convient de se rapporter aux r\u00e8gles techniques et de s\u00e9curit\u00e9 d\u00e9finies par la F\u00e9d\u00e9ration fran\u00e7aise du sportautomobile ou la F\u00e9d\u00e9ration fran\u00e7aise de motocyclisme pour des disciplines voisines, notamment, en fonction de lavitesse et de l'inertie des engins, les mesures de protection du public pr\u00e9vues pour :\u2014 les disciplines courses de c\u00f4te ou karting , lorsque les engins \u00e9voluent sur bitume ;\u2014 les disciplines circuits tout-terrain ou trial 4 x 4 , lorsque les engins \u00e9voluent sur circuit tout-terrain.Doivent en particulier \u00eatre pr\u00e9vus, en nombre suffisant et \u00e0 des emplacements adapt\u00e9s, des extincteurs appropri\u00e9s auxrisques.Dispositions diversesCes manifestations sont soumises \u00e0 toutes les dispositions, notamment d'assurance et de d\u00e9p\u00f4t des dossiers, pr\u00e9vuespar les articles R. 331-18 \u00e0 R. 331-44 du code du sport. '\n2 sur 2 19/06/2025, 09:53\nSous-pr\u00e9fecture de Beaune - 21-2025-07-10-00005 - Arr\u00eat\u00e9 pr\u00e9fectoral n\u00b0 1002 portant autorisation de la manifestation sportive avec\nparticipation de v\u00e9hicules terrestres \u00e0 moteur d\u00e9nomm\u00e9e \u00ab\u00a0Course de tracteurs-tondeuses\u00a0\u00bb  organis\u00e9e le 27 juillet 2025 \u00e0 Censerey 168\nATTESTATION\n(A SCANNER A LA SOUS-PREFECTURE DE BEAUNE \u00e0sp-beaune@cote-dor.gouv.frAVANT LE DEBUT DE LA MANIFESTATION)\nConform\u00e9ment \u00e0 l'article R 331-27 du Code du sport, j'atteste, en ma qualit\u00e9d'organisateur technique d\u00e9sign\u00e9 par Bourgogne Quad 21 que l'ensemble desprescriptions mentionn\u00e9es dans l'arr\u00eat\u00e9 pr\u00e9fectoral d'autorisation de lamanifestation \u00abCourse de tracteurs-tondeuses\u00bb qui se d\u00e9roule le 28 juin 2025 ont\u00e9t\u00e9 respect\u00e9es.\nA ,LEL'ORGANISATEUR TECHNIQUE :\nSous-pr\u00e9fecture de Beaune - 21-2025-07-10-00005 - Arr\u00eat\u00e9 pr\u00e9fectoral n\u00b0 1002 portant autorisation de la manifestation sportive avec\nparticipation de v\u00e9hicules terrestres \u00e0 moteur d\u00e9nomm\u00e9e \u00ab\u00a0Course de tracteurs-tondeuses\u00a0\u00bb  organis\u00e9e le 27 juillet 2025 \u00e0 Censerey 169","date":"2025-07-18","first_seen_on":"2025-09-14T06:11:41+00:00","id":"ac7de0fd5ed244c8aac3e7a4fb2a30ae7aef11a4414a4148a35df711142f3c31","name":"RAA n\u00b0 103 du 18 juillet 2025","pdf_creation_date":"2025-07-18T14:28:32+00:00","pdf_modification_date":null,"timezone":"Europe/Paris","url":"https://www.cote-dor.gouv.fr/contenu/telechargement/23878/181702/file/recueil-21-2025-103-recueil-des-actes-administratifs-special.pdf"}
