{"administration":"pref83","administration_name":"Pr\u00e9fecture du Var","content":"VAR\nRECUEIL DES ACTES\nADMINISTRATIFS SP\u00c9CIAL\n(NOMINATIFS)\nN\u00b083-2025-028\nPUBLI\u00c9 LE 28 JANVIER 2025\nSommaire\nDirection d\u00e9partementale de l'emploi, du travail et des solidarit\u00e9s du Var\n/ Direction de la DDETS\n83-2025-01-24-00007 - 051-2025-recepisse declaration modificative LEROY\nCECILE du 240125 (2 pages) Page 4\n83-2025-01-24-00008 - 052-2025-recepisse declaration DEWILDE MARYLINE\ndu 240125 (2 pages) Page 7\n83-2025-01-24-00009 - 055-2025-arrete renouvellement agr\u00e9ment\nSENAID du 240125 (2 pages) Page 10\n83-2025-01-24-00010 - 056-2025-recepisse declaration modificative SENAID\ndu 240125 (2 pages) Page 13\n83-2025-01-24-00011 - 057-2025-recepisse declaration ETIENNE\nCHRISTOPHE du 240125 (2 pages) Page 16\n83-2025-01-24-00012 - 058-2025-recepisse declaration DEMEY BASTIEN du\n240125 (2 pages) Page 19\n83-2025-01-27-00003 - 060-2025-recepisse declaration AXELLE MARCEAU\ndu 270125 (1 page) Page 22\n83-2025-01-27-00004 - 062-2025-recepisse declaration modificative GIROT\nSAYSSET Pierre du 270125 (2 pages) Page 24\n83-2025-01-27-00005 - 063-2025-recepisse declaration HOTE PRESTIGE\nCONCIERGERIE-QUERVEL CLAIRE du 270125 (2 pages) Page 27\n83-2025-01-27-00006 - 064-2025-recepisse declaration JULIE RAZIN du\n270125 (2 pages) Page 30\n83-2025-01-28-00001 - 065-2025-recepisse declaration TIMOTHEE COTTIN\ndu 280125 (2 pages) Page 33\n83-2025-01-28-00003 - Acte Administratif (12 pages) Page 36\nDirection des services d\u00e9partementaux de l'\u00e9ducation nationale du Var /\n83-2025-01-14-00006 - AVENANT MODIFIANT L'ARR\u00caT\u00c9 DU 25 MARS\n2024 portant d\u00e9signation des membres de la commission administrative\nd\u00e9partementale comp\u00e9tente \u00e0 l'\u00e9gard des corps des instituteurs et\ndes professeurs des \u00e9coles du Var. (3 pages) Page 49\nPr\u00e9fecture du VAR / Cabinet du pr\u00e9fet\n83-2025-01-16-00003 - Arr\u00eat\u00e9 pr\u00e9fectoral N\u00b0001 accordant une\nr\u00e9compense pour acte de courage et de d\u00e9vouement (1 page) Page 53\nPr\u00e9fecture du VAR / Direction de la citoyennet\u00e9 et de la l\u00e9galit\u00e9\n83-2025-01-22-00003 - ARR\u00caT\u00c9 PR\u00c9FECTORAL n\u00b0\nDCL/BERG/2025/0023 du 22 janvier 2025\nportant habilitation dans le\ndomaine fun\u00e9raire\nde l'\u00e9tablissement \u00ab\u00a0CENTRE FUNERAIRE DE\nBEAULIEU\u00a0\u00bb\n191 Route de Nice \u00e0 TOULON (83000)\n\nHabilitation\nN\u00b0 25-83-0287 (2 pages) Page 55\n2\nSecr\u00e9tariat g\u00e9n\u00e9ral commun d\u00e9partemental / Direction du SGCD\n83-2025-01-09-00014 - Convention d'utilisation des immeubles sociaux et\nm\u00e9dico-sociaux remis en gestion \u00e0 l'IGeSA N\u00b0083-2025-0018\n (10\npages) Page 58\n83-2025-01-09-00011 - Convention d'utilisation N\u00b0083-2025-0006 (10\npages) Page 69\n83-2025-01-09-00013 - Convention d'utilisation n\u00b0083-2025-0007 (8 pages) Page 80\n83-2025-01-09-00012 - Convention d'utilisation N\u00b0083-2025-0008 (9 pages) Page 89\n3\nDirection d\u00e9partementale de l'emploi, du travail\net des solidarit\u00e9s du Var\n83-2025-01-24-00007\n051-2025-recepisse declaration modificative\nLEROY CECILE du 240125\nDirection d\u00e9partementale de l'emploi, du travail et des solidarit\u00e9s du Var - 83-2025-01-24-00007 - 051-2025-recepisse declaration\nmodificative LEROY CECILE du 240125 4\nPF 4\nLibert\u00e9  + \u00c9galit\u00e9  + Fraternit\u00e9\nR\u00c9PUBLIQUE  FRAN\u00c7AISE\nR\u00e9c\u00e9piss\u00e9 de d\u00e9claration \nd'un organisme de services \u00e0 la personne\nenregistr\u00e9 sous le N\u00b0 SAP535137970\nVu le code du travail et notamment les articles L.7231-1 \u00e0 L.7233-2, R.7232-16 \u00e0 R.7232-22, D.7231-1 et\nD.7233-1 \u00e0 D.7233-5 ; \nVu la demande de d\u00e9claration modificative d\u00e9pos\u00e9e par l'organisme C\u00e9cile clean, 220 Chemin de \nDraguignan 83440 Fayence, le 22/01/25  ;\nLe pr\u00e9fet du Var\nConstate : \nQu'une d\u00e9claration d'activit\u00e9s modificative de services \u00e0 la personne a \u00e9t\u00e9 d\u00e9pos\u00e9e aupr\u00e8s du service\ninstructeur du Var, le 22/01/25 par Mme. LEROY Cecile en qualit\u00e9 de dirigeant(e), pour l'organisme\nCecile clean dont l'\u00e9tablissement principal est situ\u00e9 220 Chemin de Draguignan 83440 Fayence et\nenregistr\u00e9 sous le N\u00b0 SAP535137970 pour les activit\u00e9s suivantes :\n  \u2022   Entretien de la maison et travaux m\u00e9nagers (mode d'intervention Prestataire)\n  \u2022   Petits travaux de jardinage (mode d'intervention Prestataire)\nToute  modification  concernant  les  activit\u00e9s  exerc\u00e9es  devra  faire  l'objet  d'une  d\u00e9claration\nmodificative pr\u00e9alable.\nSous r\u00e9serve d'\u00eatre exerc\u00e9es \u00e0 titre exclusif (ou sous r\u00e9serve d'une comptabilit\u00e9 s\u00e9par\u00e9e pour les\npersonnes  morales  dispens\u00e9es  de  cette  condition),  ces  activit\u00e9s  ouvrent  droit  au  b\u00e9n\u00e9fice  des\ndispositions des articles L. 7233-2 du code du travail et L.241-10 du code de la s\u00e9curit\u00e9 sociale dans\nles conditions pr\u00e9vues par ces articles.\nLes effets de la d\u00e9claration courent \u00e0 compter du jour du d\u00e9p\u00f4t de la d\u00e9claration sous r\u00e9serve des\ndispositions de l'article R.7232-18 du code du travail. Le pr\u00e9sent r\u00e9c\u00e9piss\u00e9 n'est pas limit\u00e9 dans le\ntemps. La d\u00e9claration a une port\u00e9e nationale.\nL'enregistrement de la d\u00e9claration peut \u00eatre retir\u00e9 dans les conditions fix\u00e9es aux articles R.7232-\n20  \u00e0  R.7232-22  du  code  du  travail.  Le  pr\u00e9sent  r\u00e9c\u00e9piss\u00e9  sera  publi\u00e9  au  recueil  des  actes\nadministratifs de la pr\u00e9fecture.\nLe pr\u00e9sent r\u00e9c\u00e9piss\u00e9 peut, \u00e0 compter de sa notification, faire l'objet d'un recours gracieux aupr\u00e8s\nservice instructeur du Var ou d'un recours hi\u00e9rarchique adress\u00e9 au ministre charg\u00e9 de l'\u00e9conomie -\nDirection g\u00e9n\u00e9rale des entreprises \u2013 sous-direction des services marchands, 61 Boulevard Vincent\nAuriol, 75703 PARIS CEDEX 13. Il peut \u00e9galement faire l'objet d'un recours contentieux dans un d\u00e9lai\nde deux mois \u00e0 compter de sa notification aupr\u00e8s du tribunal administratif de Toulon.\nLe tribunal administratif peut aussi \u00eatre saisi par l'application informatique \u00ab T\u00e9l\u00e9recours citoyen \u00bb\naccessible sur le site internet   http://www.telerecours.fr/\nEn cas de rejet du recours gracieux ou hi\u00e9rarchique ou en l'absence de r\u00e9ponse \u00e0 ce recours (rejet\nimplicite), un recours contentieux devant le tribunal administratif de Toulon peut \u00e9galement \u00eatre\nform\u00e9 contre la d\u00e9cision initiale dans un d\u00e9lai de deux mois \u00e0 compter de ce rejet. \nPour le Pr\u00e9fet et par d\u00e9l\u00e9gation\nPour le Directeur d\u00e9partemental \nde l'emploi, du travail et des solidarit\u00e9s du Var \nLa cheffe du service accompagnement \ndes entreprises et d\u00e9veloppement des territoires\nSign\u00e9 : S\u00e9verine LARDERET\nFait \u00e0 CS 31209 - 83070 TOULON Cedex, le 24/01/2025\nDDETS du VarDirection d\u00e9partementale de l'emploi, du travail et des solidarit\u00e9s du Var - 83-2025-01-24-00007 - 051-2025-recepisse declaration\nmodificative LEROY CECILE du 240125 5\n Direction d\u00e9partementale de l'emploi, du travail et des solidarit\u00e9s du Var - 83-2025-01-24-00007 - 051-2025-recepisse declaration\nmodificative LEROY CECILE du 240125 6\nDirection d\u00e9partementale de l'emploi, du travail\net des solidarit\u00e9s du Var\n83-2025-01-24-00008\n052-2025-recepisse declaration DEWILDE\nMARYLINE du 240125\nDirection d\u00e9partementale de l'emploi, du travail et des solidarit\u00e9s du Var - 83-2025-01-24-00008 - 052-2025-recepisse declaration\nDEWILDE MARYLINE du 240125 7\nPF 4\nLibert\u00e9  + \u00c9galit\u00e9  + Fraternit\u00e9\nR\u00c9PUBLIQUE  FRAN\u00c7AISE\nR\u00e9c\u00e9piss\u00e9 de d\u00e9claration\nd'un organisme de services \u00e0 la personne\nenregistr\u00e9 sous le N\u00b0 SAP498974880\nVu le code du travail et notamment les articles L.7231-1 \u00e0 L.7233-2, R.7232-16 \u00e0 R.7232-22, D.7231-1 et\nD.7233-1 \u00e0 D.7233-5 ; \nVu la demande de d\u00e9claration d\u00e9pos\u00e9e par l'organisme La Dame de Coeur, 6 ALLEE DES ETAMINES \n83210 LA FARLEDE, le 22/01/25  ;\nLe pr\u00e9fet du Var\nConstate : \nQu'une d\u00e9claration d'activit\u00e9s de services \u00e0 la personne a \u00e9t\u00e9 d\u00e9pos\u00e9e aupr\u00e8s du service instructeur\ndu Var, le 22/01/25 par Mme. DEWILDE MARYLINE en qualit\u00e9 de dirigeant(e), pour l'organisme La\nDame de Coeur dont l'\u00e9tablissement principal est situ\u00e9 6 ALLEE DES ETAMINES 83210 LA FARLEDE et\nenregistr\u00e9 sous le N\u00b0 SAP498974880 pour les activit\u00e9s suivantes :\n  \u2022   Garde d'enfants de plus de 3 ans \u00e0 domicile (mode d'intervention Prestataire)\n  \u2022   Soutien scolaire ou cours \u00e0 domicile (mode d'intervention Prestataire)\n  \u2022   Petits travaux de jardinage (mode d'intervention Prestataire)\n  \u2022   Travaux de petit bricolage (mode d'intervention Prestataire)\n  \u2022   Pr\u00e9paration de repas \u00e0 domicile (mode d'intervention Prestataire)\n  \u2022   Assistance informatique \u00e0 domicile (mode d'intervention Prestataire)\n  \u2022   Assistance administrative \u00e0 domicile (mode d'intervention Prestataire)\n  \u2022   Soins et promenade(s) d'animaux pour personnes d\u00e9pendantes (mode d'intervention Prestataire)\n  \u2022   Conduite du v\u00e9hicule des personnes en cas d'invalidit\u00e9 temporaire (mode d'intervention \nPrestataire)\n  \u2022   Accompagnement des personnes pr\u00e9sentant une invalidit\u00e9 temporaire (mode d'intervention \nPrestataire)\n  \u2022   Assistance aux personnes ayant besoin d'une aide temporaire \u00e0 leur domicile (mode \nd'intervention Prestataire)\nToute  modification  concernant  les  activit\u00e9s  exerc\u00e9es  devra  faire  l'objet  d'une  d\u00e9claration\nmodificative pr\u00e9alable.\nSous r\u00e9serve d'\u00eatre exerc\u00e9es \u00e0 titre exclusif (ou sous r\u00e9serve d'une comptabilit\u00e9 s\u00e9par\u00e9e pour les\npersonnes  morales  dispens\u00e9es  de  cette  condition),  ces  activit\u00e9s  ouvrent  droit  au  b\u00e9n\u00e9fice  des\ndispositions des articles L. 7233-2 du code du travail et L.241-10 du code de la s\u00e9curit\u00e9 sociale dans\nles conditions pr\u00e9vues par ces articles.\nLes effets de la d\u00e9claration courent \u00e0 compter du jour du d\u00e9p\u00f4t de la d\u00e9claration sous r\u00e9serve des\ndispositions de l'article R.7232-18 du code du travail. Le pr\u00e9sent r\u00e9c\u00e9piss\u00e9 n'est pas limit\u00e9 dans le\ntemps. La d\u00e9claration a une port\u00e9e nationale.\nL'enregistrement de la d\u00e9claration peut \u00eatre retir\u00e9 dans les conditions fix\u00e9es aux articles R.7232-\n20 \u00e0 R.7232-22 du code du travail.\nLe pr\u00e9sent r\u00e9c\u00e9piss\u00e9 sera publi\u00e9 au recueil des actes administratifs de la pr\u00e9fecture.\nLe pr\u00e9sent r\u00e9c\u00e9piss\u00e9 peut, \u00e0 compter de sa notification, faire l'objet d'un recours gracieux aupr\u00e8s\nservice instructeur du Var ou d'un recours hi\u00e9rarchique adress\u00e9 au ministre charg\u00e9 de l'\u00e9conomie -\nDirection g\u00e9n\u00e9rale des entreprises \u2013 sous-direction des services marchands, 61 Boulevard Vincent\nAuriol, 75703 PARIS CEDEX 13.\nIl peut \u00e9galement faire l'objet d'un recours contentieux dans un d\u00e9lai de deux mois \u00e0 compter de sa\nnotification aupr\u00e8s du tribunal administratif de Toulon.Direction d\u00e9partementale de l'emploi, du travail et des solidarit\u00e9s du Var - 83-2025-01-24-00008 - 052-2025-recepisse declaration\nDEWILDE MARYLINE du 240125 8\nLe tribunal administratif peut aussi \u00eatre saisi par l'application informatique \u00ab T\u00e9l\u00e9recours citoyen \u00bb\naccessible sur le site internet   http://www.telerecours.fr/\nEn cas de rejet du recours gracieux ou hi\u00e9rarchique ou en l'absence de r\u00e9ponse \u00e0 ce recours (rejet\nimplicite), un recours contentieux devant le tribunal administratif de Toulon peut \u00e9galement \u00eatre\nform\u00e9 contre la d\u00e9cision initiale dans un d\u00e9lai de deux mois \u00e0 compter de ce rejet. \nPour le Pr\u00e9fet et par d\u00e9l\u00e9gation\nPour le Directeur d\u00e9partemental \nde l'emploi, du travail et des solidarit\u00e9s du Var \nLa cheffe du service accompagnement \ndes entreprises et d\u00e9veloppement des territoires\nSign\u00e9 : S\u00e9verine LARDERET\nFait \u00e0 CS 31209 - 83070 TOULON Cedex, le 24/01/2025\nDDETS du VarDirection d\u00e9partementale de l'emploi, du travail et des solidarit\u00e9s du Var - 83-2025-01-24-00008 - 052-2025-recepisse declaration\nDEWILDE MARYLINE du 240125 9\nDirection d\u00e9partementale de l'emploi, du travail\net des solidarit\u00e9s du Var\n83-2025-01-24-00009\n055-2025-arrete renouvellement agr\u00e9ment\nSENAID du 240125\nDirection d\u00e9partementale de l'emploi, du travail et des solidarit\u00e9s du Var - 83-2025-01-24-00009 - 055-2025-arrete renouvellement\nagr\u00e9ment SENAID du 240125 10\nET i 4\nLibert\u00e9  + \u00c9galit\u00e9  * Fraternit\u00e9\nR\u00c9PUBLIQUE  FRAN\u00c7AISE\nArr\u00eat\u00e9 portant agr\u00e9ment\nd'un organisme de services \u00e0 la personne\nN\u00b0 SAP881855068\nN\u00b0 SIREN 881855068\nVu le code du travail, notamment ses articles L. 7232-1, R. 7232-1 \u00e0 R. 7232-10, D. 7231-1, D.7231-2 et\nD.7233-1;\nVu le cahier des charges pr\u00e9vu \u00e0 l'article R. 7232-6 du code du travail ;\nVu  la  demande  d'agr\u00e9ment  pr\u00e9sent\u00e9e  le  23/01/2025,  par  M. POLIZZI J\u00e9r\u00e9my en  qualit\u00e9  de\ndirigeant(e), \nLe pr\u00e9fet  du Var\nArr\u00eate :\nArticle 1er\nL'agr\u00e9ment de l'organisme  SAP881855068, dont l'\u00e9tablissement principal est situ\u00e9 270 AV JEAN\nD'ORMESSON 83160 LA VALETTE DU VAR est accord\u00e9 pour une dur\u00e9e de cinq ans \u00e0 compter du\n15/06/2025\nLa demande de renouvellement devra \u00eatre d\u00e9pos\u00e9e dans les conditions fix\u00e9es par l'article R.7232-8\net, au plus tard, trois mois avant la fin de cet agr\u00e9ment.\nArticle 2\nCet  agr\u00e9ment  couvre  les  activit\u00e9s  selon  le  mode  d'intervention  indiqu\u00e9  et  les  d\u00e9partements\nsuivants :\n \u2022   Assistance aux personnes \u00e2g\u00e9es (mandataire et/ou mise \u00e0 disposition) (mode \nd'intervention Mandataire) - (83) \n \u2022   Assistance aux personnes handicap\u00e9es (mandataire et/ou mise \u00e0 disposition) (mode \nd'intervention Mandataire) - (83) \n \u2022   Conduite de v\u00e9hicule des PA/PH (mandataire et/ou mise \u00e0 disposition) (mode \nd'intervention Mandataire) - (83) \n \u2022   Accompagnement des PA/PH dans leurs d\u00e9placements (mandataire et/ou mise \u00e0 \ndisposition) (mode d'intervention Mandataire) - (83) \nArticle 3\nSi l'organisme envisage de fournir des activit\u00e9s autres que celles pour lesquelles il est agr\u00e9\u00e9 ou\nd'exercer  ses  activit\u00e9s  dans  un  d\u00e9partement  autre que celui  pour  lequel  il  est  agr\u00e9\u00e9,  il devra\nsolliciter une modification pr\u00e9alable de son agr\u00e9ment.\nSi l'organisme propose des activit\u00e9s de garde ou d'accompagnement d'enfants de moins de 3 ans\nou de moins de 18 ans handicap\u00e9s, il devra solliciter une modification pr\u00e9alable de son agr\u00e9ment en\ncas de changement de mode d'intervention.\nL'ouverture  d'un  nouvel  \u00e9tablissement  dans  un  d\u00e9partement  pour  lequel  il  est  agr\u00e9\u00e9  devra\n\u00e9galement faire l'objet d'une information pr\u00e9alable aupr\u00e8s du service instructeur.Direction d\u00e9partementale de l'emploi, du travail et des solidarit\u00e9s du Var - 83-2025-01-24-00009 - 055-2025-arrete renouvellement\nagr\u00e9ment SENAID du 240125 11\nArticle 4\nLe pr\u00e9sent agr\u00e9ment pourra \u00eatre retir\u00e9 si l'organisme agr\u00e9\u00e9 : \n- cesse de remplir les conditions ou de respecter les obligations mentionn\u00e9es aux articles\nR.7232-4 \u00e0 R.7232-9 du code du travail.\n- ne respecte pas les dispositions l\u00e9gales relatives \u00e0 la sant\u00e9 et \u00e0 la s\u00e9curit\u00e9 au travail,\n- exerce d'autres activit\u00e9s que celles mentionn\u00e9es dans le pr\u00e9sent arr\u00eat\u00e9,\n- ne transmet pas au pr\u00e9fet comp\u00e9tent les statistiques mentionn\u00e9es \u00e0 l'article R.7232-9 du\ncode du travail.\nArticle 5\nCet agr\u00e9ment n'ouvre pas droit aux avantages fiscaux et sociaux fix\u00e9s par l'article L.7233-2 du code\ndu travail et L.241-10 du code de la s\u00e9curit\u00e9 sociale. Conform\u00e9ment \u00e0 l'article L.7232-1-1 du code du\ntravail,  pour  ouvrir  droit  \u00e0  ces  dispositions,  l'organisme  doit  se  d\u00e9clarer  et  n'exercer  que  les\nactivit\u00e9s  d\u00e9clar\u00e9es,  \u00e0  l'exclusion  de  toute  autre  (ou  tenir  une  comptabilit\u00e9  s\u00e9par\u00e9e  pour  les\norganismes dispens\u00e9s de cette condition par l'article L. 7232-1-2).\nArticle 6\nLe pr\u00e9sent arr\u00eat\u00e9 sera publi\u00e9 au recueil des actes administratifs de la pr\u00e9fecture.\nIl peut, dans les deux mois \u00e0 compter de sa notification, faire l'objet d'un recours gracieux aupr\u00e8s\ndu  service  instructeur  du  Var  ou  d'un  recours  hi\u00e9rarchique  adress\u00e9  au  ministre  charg\u00e9  de\nl'\u00e9conomie  -  direction  g\u00e9n\u00e9rale  des  entreprises  -  sous-direction  des  services  marchands,  61\nBoulevard Vincent Auriol, 75703 PARIS CEDEX 13.\nIl peut \u00e9galement faire l'objet d'un recours contentieux aupr\u00e8s du tribunal administratif de Toulon\ndans un d\u00e9lai de deux mois \u00e0 compter de sa notification.\nLe tribunal administratif peut aussi \u00eatre saisi par l'application informatique \u00ab T\u00e9l\u00e9recours citoyen \u00bb\naccessible sur le site internet http://www.telerecours.fr/\nEn cas de rejet du recours gracieux ou hi\u00e9rarchique ou en l'absence de r\u00e9ponse \u00e0 ce recours (rejet\nimplicite),  un  recours  contentieux  devant  le  tribunal  administratif  peut  \u00e9galement  \u00eatre  form\u00e9\ncontre la d\u00e9cision initiale dans un d\u00e9lai de deux mois \u00e0 compter de ce rejet.\nPour le Pr\u00e9fet et par d\u00e9l\u00e9gation\nPour le Directeur d\u00e9partemental \nde l'emploi, du travail et des \nsolidarit\u00e9s du Var \nLa cheffe du service \naccompagnement \ndes entreprises et d\u00e9veloppement \ndes territoires\nSign\u00e9 : S\u00e9verine LARDERET\nFait \u00e0 CS 31209 - 83070 TOULON \nCedex, le 24/01/2025\nDDETS du Var\n Direction d\u00e9partementale de l'emploi, du travail et des solidarit\u00e9s du Var - 83-2025-01-24-00009 - 055-2025-arrete renouvellement\nagr\u00e9ment SENAID du 240125 12\nDirection d\u00e9partementale de l'emploi, du travail\net des solidarit\u00e9s du Var\n83-2025-01-24-00010\n056-2025-recepisse declaration modificative\nSENAID du 240125\nDirection d\u00e9partementale de l'emploi, du travail et des solidarit\u00e9s du Var - 83-2025-01-24-00010 - 056-2025-recepisse declaration\nmodificative SENAID du 240125 13\nPF 4\nLibert\u00e9  + \u00c9galit\u00e9  + Fraternit\u00e9\nR\u00c9PUBLIQUE  FRAN\u00c7AISE\nR\u00e9c\u00e9piss\u00e9 de d\u00e9claration\nd'un organisme de services \u00e0 la personne\nenregistr\u00e9 sous le N\u00b0 SAP881855068\nVu le code du travail et notamment les articles L.7231-1 \u00e0 L.7233-2, R.7232-16 \u00e0 R.7232-22, D.7231-1 et\nD.7233-1 \u00e0 D.7233-5 ; \nVu la demande de d\u00e9claration d\u00e9pos\u00e9e par l'organisme Petits-fils La Garde - La Valette, 270 AV JEAN \nD'ORMESSON 83160 LA VALETTE DU VAR, le 23/01/25  ;\nLe pr\u00e9fet du Var\nConstate : \nQu'une d\u00e9claration d'activit\u00e9s modificative de services \u00e0 la personne a \u00e9t\u00e9 d\u00e9pos\u00e9e aupr\u00e8s du service\ninstructeur du Var, le 23/01/25 par M. POLIZZI J\u00e9r\u00e9my en qualit\u00e9 de dirigeant(e), pour l'organisme\nPetits-fils La Garde - La Valette dont l'\u00e9tablissement principal est situ\u00e9 270 AV JEAN D'ORMESSON\n83160 LA VALETTE DU VAR et enregistr\u00e9 sous le N\u00b0 SAP881855068 pour les activit\u00e9s suivantes :\n  \u2022   Entretien de la maison et travaux m\u00e9nagers (mode d'intervention Mandataire)\n  \u2022   Pr\u00e9paration de repas \u00e0 domicile (mode d'intervention Mandataire)\n  \u2022   Livraison de courses \u00e0 domicile (mode d'intervention Mandataire)\n  \u2022   Assistance administrative \u00e0 domicile (mode d'intervention Mandataire)\n \u2022   Assistance aux personnes \u00e2g\u00e9es (mandataire et/ou mise \u00e0 disposition) (mode d'intervention \nMandataire) - (83) \n \u2022   Assistance aux personnes handicap\u00e9es (mandataire et/ou mise \u00e0 disposition) (mode d'intervention\nMandataire) - (83) \n \u2022   Conduite de v\u00e9hicule des PA/PH (mandataire et/ou mise \u00e0 disposition) (mode d'intervention \nMandataire) - (83) \n \u2022   Accompagnement des PA/PH dans leurs d\u00e9placements (mandataire et/ou mise \u00e0 disposition) \n(mode d'intervention Mandataire) - (83) \nToute  modification  concernant  les  activit\u00e9s  exerc\u00e9es  devra  faire  l'objet  d'une  d\u00e9claration\nmodificative pr\u00e9alable.\nSous r\u00e9serve d'\u00eatre exerc\u00e9es \u00e0 titre exclusif (ou sous r\u00e9serve d'une comptabilit\u00e9 s\u00e9par\u00e9e pour les\npersonnes  morales  dispens\u00e9es  de  cette  condition),  ces  activit\u00e9s  ouvrent  droit  au  b\u00e9n\u00e9fice  des\ndispositions des articles L. 7233-2 du code du travail et L.241-10 du code de la s\u00e9curit\u00e9 sociale dans\nles conditions pr\u00e9vues par ces articles.\nLes effets de la d\u00e9claration courent \u00e0 compter du jour du d\u00e9p\u00f4t de la d\u00e9claration sous r\u00e9serve des\ndispositions de l'article R.7232-18 du code du travail. Le pr\u00e9sent r\u00e9c\u00e9piss\u00e9 n'est pas limit\u00e9 dans le\ntemps. La d\u00e9claration a une port\u00e9e nationale.\nL'enregistrement de la d\u00e9claration peut \u00eatre retir\u00e9 dans les conditions fix\u00e9es aux articles R.7232-\n20 \u00e0 R.7232-22 du code du travail.\nLe pr\u00e9sent r\u00e9c\u00e9piss\u00e9 sera publi\u00e9 au recueil des actes administratifs de la pr\u00e9fecture.\nLe pr\u00e9sent r\u00e9c\u00e9piss\u00e9 peut, \u00e0 compter de sa notification, faire l'objet d'un recours gracieux aupr\u00e8s\nservice instructeur du Var ou d'un recours hi\u00e9rarchique adress\u00e9 au ministre charg\u00e9 de l'\u00e9conomie -\nDirection g\u00e9n\u00e9rale des entreprises \u2013 sous-direction des services marchands, 61 Boulevard Vincent\nAuriol, 75703 PARIS CEDEX 13.\nIl peut \u00e9galement faire l'objet d'un recours contentieux dans un d\u00e9lai de deux mois \u00e0 compter de sa\nnotification aupr\u00e8s du tribunal administratif de Toulon.Direction d\u00e9partementale de l'emploi, du travail et des solidarit\u00e9s du Var - 83-2025-01-24-00010 - 056-2025-recepisse declaration\nmodificative SENAID du 240125 14\nLe tribunal administratif peut aussi \u00eatre saisi par l'application informatique \u00ab T\u00e9l\u00e9recours citoyen \u00bb\naccessible sur le site internet   http://www.telerecours.fr/\nEn cas de rejet du recours gracieux ou hi\u00e9rarchique ou en l'absence de r\u00e9ponse \u00e0 ce recours (rejet\nimplicite), un recours contentieux devant le tribunal administratif de Toulon peut \u00e9galement \u00eatre\nform\u00e9 contre la d\u00e9cision initiale dans un d\u00e9lai de deux mois \u00e0 compter de ce rejet. \nPour le Pr\u00e9fet et par d\u00e9l\u00e9gation\nPour le Directeur d\u00e9partemental \nde l'emploi, du travail et des solidarit\u00e9s du Var \nLa cheffe du service accompagnement \ndes entreprises et d\u00e9veloppement des territoires\nSign\u00e9 : S\u00e9verine LARDERET\nFait \u00e0 CS 31209 - 83070 TOULON Cedex, le 24/01/2025\nDDETS du Var\n Direction d\u00e9partementale de l'emploi, du travail et des solidarit\u00e9s du Var - 83-2025-01-24-00010 - 056-2025-recepisse declaration\nmodificative SENAID du 240125 15\nDirection d\u00e9partementale de l'emploi, du travail\net des solidarit\u00e9s du Var\n83-2025-01-24-00011\n057-2025-recepisse declaration ETIENNE\nCHRISTOPHE du 240125\nDirection d\u00e9partementale de l'emploi, du travail et des solidarit\u00e9s du Var - 83-2025-01-24-00011 - 057-2025-recepisse declaration\nETIENNE CHRISTOPHE du 240125 16\nPF 4\nLibert\u00e9  + \u00c9galit\u00e9  + Fraternit\u00e9\nR\u00c9PUBLIQUE  FRAN\u00c7AISE\nR\u00e9c\u00e9piss\u00e9 de d\u00e9claration\nd'un organisme de services \u00e0 la personne\nenregistr\u00e9 sous le N\u00b0 SAP845250141\nVu le code du travail et notamment les articles L.7231-1 \u00e0 L.7233-2, R.7232-16 \u00e0 R.7232-22, D.7231-1 et\nD.7233-1 \u00e0 D.7233-5 ; \nVu la demande de d\u00e9claration d\u00e9pos\u00e9e par l'organisme C.E.S., 845250141 avenue 1047 AV GENERAL \nDE GAULLE 83300 DRAGUIGNAN, le 23/01/25  ;\nLe pr\u00e9fet du Var\nConstate : \nQu'une d\u00e9claration d'activit\u00e9s de services \u00e0 la personne a \u00e9t\u00e9 d\u00e9pos\u00e9e aupr\u00e8s du service instructeur\ndu Var, le 23/01/25 par M. ETIENNE CHRISTOPHE en qualit\u00e9 de dirigeant(e), pour l'organisme C.E.S.\ndont l'\u00e9tablissement principal est situ\u00e9 845250141 avenue 1047 AV GENERAL DE GAULLE 83300\nDRAGUIGNAN et enregistr\u00e9 sous le N\u00b0 SAP845250141 pour les activit\u00e9s suivantes :\n  \u2022   Entretien de la maison et travaux m\u00e9nagers (mode d'intervention Prestataire)\n  \u2022   Petits travaux de jardinage (mode d'intervention Prestataire)\n  \u2022   Travaux de petit bricolage (mode d'intervention Prestataire)\nToute  modification  concernant  les  activit\u00e9s  exerc\u00e9es  devra  faire  l'objet  d'une  d\u00e9claration\nmodificative pr\u00e9alable.\nSous r\u00e9serve d'\u00eatre exerc\u00e9es \u00e0 titre exclusif (ou sous r\u00e9serve d'une comptabilit\u00e9 s\u00e9par\u00e9e pour les\npersonnes  morales  dispens\u00e9es  de  cette  condition),  ces  activit\u00e9s  ouvrent  droit  au  b\u00e9n\u00e9fice  des\ndispositions des articles L. 7233-2 du code du travail et L.241-10 du code de la s\u00e9curit\u00e9 sociale dans\nles conditions pr\u00e9vues par ces articles.\nLes effets de la d\u00e9claration courent \u00e0 compter du jour du d\u00e9p\u00f4t de la d\u00e9claration sous r\u00e9serve des\ndispositions de l'article R.7232-18 du code du travail. Le pr\u00e9sent r\u00e9c\u00e9piss\u00e9 n'est pas limit\u00e9 dans le\ntemps. La d\u00e9claration a une port\u00e9e nationale.\nL'enregistrement de la d\u00e9claration peut \u00eatre retir\u00e9 dans les conditions fix\u00e9es aux articles R.7232-\n20  \u00e0  R.7232-22  du  code  du  travail.  Le  pr\u00e9sent  r\u00e9c\u00e9piss\u00e9  sera  publi\u00e9  au  recueil  des  actes\nadministratifs de la pr\u00e9fecture.\nLe pr\u00e9sent r\u00e9c\u00e9piss\u00e9 peut, \u00e0 compter de sa notification, faire l'objet d'un recours gracieux aupr\u00e8s\nservice instructeur du Var ou d'un recours hi\u00e9rarchique adress\u00e9 au ministre charg\u00e9 de l'\u00e9conomie -\nDirection g\u00e9n\u00e9rale des entreprises \u2013 sous-direction des services marchands, 61 Boulevard Vincent\nAuriol, 75703 PARIS CEDEX 13. Il peut \u00e9galement faire l'objet d'un recours contentieux dans un d\u00e9lai\nde deux mois \u00e0 compter de sa notification aupr\u00e8s du tribunal administratif de Toulon.\nLe tribunal administratif peut aussi \u00eatre saisi par l'application informatique \u00ab T\u00e9l\u00e9recours citoyen \u00bb\naccessible sur le site internet   http://www.telerecours.fr/\nEn cas de rejet du recours gracieux ou hi\u00e9rarchique ou en l'absence de r\u00e9ponse \u00e0 ce recours (rejet\nimplicite), un recours contentieux devant le tribunal administratif de Toulon peut \u00e9galement \u00eatre\nform\u00e9 contre la d\u00e9cision initiale dans un d\u00e9lai de deux mois \u00e0 compter de ce rejet. \nPour le Pr\u00e9fet et par d\u00e9l\u00e9gation\nPour le Directeur d\u00e9partemental \nde l'emploi, du travail et des solidarit\u00e9s du Var \nLa cheffe du service accompagnement \ndes entreprises et d\u00e9veloppement des territoires\nSign\u00e9 : S\u00e9verine LARDERET\nFait \u00e0 CS 31209 - 83070 TOULON Cedex, le 24/01/2025\nDDETS du VarDirection d\u00e9partementale de l'emploi, du travail et des solidarit\u00e9s du Var - 83-2025-01-24-00011 - 057-2025-recepisse declaration\nETIENNE CHRISTOPHE du 240125 17\nDirection d\u00e9partementale de l'emploi, du travail et des solidarit\u00e9s du Var - 83-2025-01-24-00011 - 057-2025-recepisse declaration\nETIENNE CHRISTOPHE du 240125 18\nDirection d\u00e9partementale de l'emploi, du travail\net des solidarit\u00e9s du Var\n83-2025-01-24-00012\n058-2025-recepisse declaration DEMEY BASTIEN\ndu 240125\nDirection d\u00e9partementale de l'emploi, du travail et des solidarit\u00e9s du Var - 83-2025-01-24-00012 - 058-2025-recepisse declaration\nDEMEY BASTIEN du 240125 19\nPF 4\nLibert\u00e9  + \u00c9galit\u00e9  + Fraternit\u00e9\nR\u00c9PUBLIQUE  FRAN\u00c7AISE\nR\u00e9c\u00e9piss\u00e9 de d\u00e9claration\nd'un organisme de services \u00e0 la personne\nenregistr\u00e9 sous le N\u00b0 SAP847736592\nVu le code du travail et notamment les articles L.7231-1 \u00e0 L.7233-2, R.7232-16 \u00e0 R.7232-22, D.7231-1 et\nD.7233-1 \u00e0 D.7233-5 ; \nVu la demande de d\u00e9claration d\u00e9pos\u00e9e par l'organisme , 190 rue du Vallon d'Or 83700 Saint Rapha\u00ebl,\nle 26/11/2024 ;\nLe pr\u00e9fet du Var\nConstate : \nQu'une d\u00e9claration d'activit\u00e9s de services \u00e0 la personne a \u00e9t\u00e9 d\u00e9pos\u00e9e aupr\u00e8s du service instructeur\ndu  Var,  le  26/11/24  par  M.  DEMEY  Bastien  en  qualit\u00e9  de  dirigeant(e),  pour  l'organisme   dont\nl'\u00e9tablissement principal est situ\u00e9 190 rue du Vallon d'Or 83700 Saint Rapha\u00ebl et enregistr\u00e9 sous le N\u00b0\nSAP847736592 pour les activit\u00e9s suivantes :\n  \u2022   Soutien scolaire ou cours \u00e0 domicile (mode d'intervention Prestataire)\nToute  modification  concernant  les  activit\u00e9s  exerc\u00e9es  devra  faire  l'objet  d'une  d\u00e9claration\nmodificative pr\u00e9alable.\nSous r\u00e9serve d'\u00eatre exerc\u00e9es \u00e0 titre exclusif (ou sous r\u00e9serve d'une comptabilit\u00e9 s\u00e9par\u00e9e pour les\npersonnes  morales  dispens\u00e9es  de  cette  condition),  ces  activit\u00e9s  ouvrent  droit  au  b\u00e9n\u00e9fice  des\ndispositions des articles L. 7233-2 du code du travail et L.241-10 du code de la s\u00e9curit\u00e9 sociale dans\nles conditions pr\u00e9vues par ces articles.\nLes effets de la d\u00e9claration courent \u00e0 compter du jour du d\u00e9p\u00f4t de la d\u00e9claration sous r\u00e9serve des\ndispositions de l'article R.7232-18 du code du travail. Le pr\u00e9sent r\u00e9c\u00e9piss\u00e9 n'est pas limit\u00e9 dans le\ntemps. La d\u00e9claration a une port\u00e9e nationale.\nL'enregistrement de la d\u00e9claration peut \u00eatre retir\u00e9 dans les conditions fix\u00e9es aux articles R.7232-\n20 \u00e0 R.7232-22 du code du travail.\nLe pr\u00e9sent r\u00e9c\u00e9piss\u00e9 sera publi\u00e9 au recueil des actes administratifs de la pr\u00e9fecture.\nLe pr\u00e9sent r\u00e9c\u00e9piss\u00e9 peut, \u00e0 compter de sa notification, faire l'objet d'un recours gracieux aupr\u00e8s\nservice instructeur du Var ou d'un recours hi\u00e9rarchique adress\u00e9 au ministre charg\u00e9 de l'\u00e9conomie -\nDirection g\u00e9n\u00e9rale des entreprises \u2013 sous-direction des services marchands, 61 Boulevard Vincent\nAuriol, 75703 PARIS CEDEX 13.\nIl peut \u00e9galement faire l'objet d'un recours contentieux dans un d\u00e9lai de deux mois \u00e0 compter de sa\nnotification aupr\u00e8s du tribunal administratif de Toulon.\nLe tribunal administratif peut aussi \u00eatre saisi par l'application informatique \u00ab T\u00e9l\u00e9recours citoyen \u00bb\naccessible sur le site internet   http://www.telerecours.fr/\nEn cas de rejet du recours gracieux ou hi\u00e9rarchique ou en l'absence de r\u00e9ponse \u00e0 ce recours (rejet\nimplicite), un recours contentieux devant le tribunal administratif de Toulon peut \u00e9galement \u00eatre\nform\u00e9 contre la d\u00e9cision initiale dans un d\u00e9lai de deux mois \u00e0 compter de ce rejet. \nPour le Pr\u00e9fet et par d\u00e9l\u00e9gation\nPour le Directeur d\u00e9partemental \nde l'emploi, du travail et des solidarit\u00e9s du Var \nLa cheffe du service accompagnement \ndes entreprises et d\u00e9veloppement des territoires\nSign\u00e9 : S\u00e9verine LARDERET\nFait \u00e0 CS 31209 - 83070 TOULON Cedex, le 24/01/2025\nDDETS du VarDirection d\u00e9partementale de l'emploi, du travail et des solidarit\u00e9s du Var - 83-2025-01-24-00012 - 058-2025-recepisse declaration\nDEMEY BASTIEN du 240125 20\nDirection d\u00e9partementale de l'emploi, du travail et des solidarit\u00e9s du Var - 83-2025-01-24-00012 - 058-2025-recepisse declaration\nDEMEY BASTIEN du 240125 21\nDirection d\u00e9partementale de l'emploi, du travail\net des solidarit\u00e9s du Var\n83-2025-01-27-00003\n060-2025-recepisse declaration AXELLE\nMARCEAU du 270125\nDirection d\u00e9partementale de l'emploi, du travail et des solidarit\u00e9s du Var - 83-2025-01-27-00003 - 060-2025-recepisse declaration\nAXELLE MARCEAU du 270125 22\nPF 4\nLibert\u00e9  + \u00c9galit\u00e9  + Fraternit\u00e9\nR\u00c9PUBLIQUE  FRAN\u00c7AISE\nR\u00e9c\u00e9piss\u00e9 de d\u00e9claration\nd'un organisme de services \u00e0 la personne\nenregistr\u00e9 sous le N\u00b0 SAP939371456\nVu le code du travail et notamment les articles L.7231-1 \u00e0 L.7233-2, R.7232-16 \u00e0 R.7232-22, D.7231-1 et\nD.7233-1 \u00e0 D.7233-5 ; \nVu la demande de d\u00e9claration d\u00e9pos\u00e9e par l'organisme, Le Fragonard A3 - 76 rue Victor Gelu 83000 \nTOULON, le 24/01/25  ;\nLe pr\u00e9fet du Var\nConstate : \nQu'une d\u00e9claration d'activit\u00e9s de services \u00e0 la personne a \u00e9t\u00e9 d\u00e9pos\u00e9e aupr\u00e8s du service instructeur\ndu Var, le 24/01/25 par Mme. RATEAU AXELLE en qualit\u00e9 de dirigeant(e), pour l'organisme  dont\nl'\u00e9tablissement principal est situ\u00e9 Le Fragonard A3 - 76 rue Victor Gelu 83000 TOULON et enregistr\u00e9\nsous le N\u00b0 SAP939371456 pour les activit\u00e9s suivantes :\n  \u2022   Entretien de la maison et travaux m\u00e9nagers (mode d'intervention Prestataire)\n  \u2022   Pr\u00e9paration de repas \u00e0 domicile (mode d'intervention Prestataire)\n  \u2022   Livraison de repas \u00e0 domicile (mode d'intervention Prestataire)\n  \u2022   Livraison de courses \u00e0 domicile (mode d'intervention Prestataire)\nToute  modification  concernant  les  activit\u00e9s  exerc\u00e9es  devra  faire  l'objet  d'une  d\u00e9claration\nmodificative pr\u00e9alable.\nSous r\u00e9serve d'\u00eatre exerc\u00e9es \u00e0 titre exclusif (ou sous r\u00e9serve d'une comptabilit\u00e9 s\u00e9par\u00e9e pour les\npersonnes  morales  dispens\u00e9es  de  cette  condition),  ces  activit\u00e9s  ouvrent  droit  au  b\u00e9n\u00e9fice  des\ndispositions des articles L. 7233-2 du code du travail et L.241-10 du code de la s\u00e9curit\u00e9 sociale dans\nles conditions pr\u00e9vues par ces articles.\nLes effets de la d\u00e9claration courent \u00e0 compter du jour du d\u00e9p\u00f4t de la d\u00e9claration sous r\u00e9serve des\ndispositions de l'article R.7232-18 du code du travail. Le pr\u00e9sent r\u00e9c\u00e9piss\u00e9 n'est pas limit\u00e9 dans le\ntemps. La d\u00e9claration a une port\u00e9e nationale.\nL'enregistrement de la d\u00e9claration peut \u00eatre retir\u00e9 dans les conditions fix\u00e9es aux articles R.7232-\n20  \u00e0  R.7232-22  du  code  du  travail.  Le  pr\u00e9sent  r\u00e9c\u00e9piss\u00e9  sera  publi\u00e9  au  recueil  des  actes\nadministratifs de la pr\u00e9fecture.\nLe pr\u00e9sent r\u00e9c\u00e9piss\u00e9 peut, \u00e0 compter de sa notification, faire l'objet d'un recours gracieux aupr\u00e8s\nservice instructeur du Var ou d'un recours hi\u00e9rarchique adress\u00e9 au ministre charg\u00e9 de l'\u00e9conomie -\nDirection g\u00e9n\u00e9rale des entreprises \u2013 sous-direction des services marchands, 61 Boulevard Vincent\nAuriol, 75703 PARIS CEDEX 13. Il peut \u00e9galement faire l'objet d'un recours contentieux dans un d\u00e9lai\nde deux mois \u00e0 compter de sa notification aupr\u00e8s du tribunal administratif de Toulon. Le tribunal\nadministratif peut aussi \u00eatre saisi par l'application informatique \u00ab T\u00e9l\u00e9recours citoyen \u00bb accessible sur\nle site internet  http://www.telerecours.fr/\nEn cas de rejet du recours gracieux ou hi\u00e9rarchique ou en l'absence de r\u00e9ponse \u00e0 ce recours (rejet\nimplicite), un recours contentieux devant le tribunal administratif de Toulon peut \u00e9galement \u00eatre\nform\u00e9 contre la d\u00e9cision initiale dans un d\u00e9lai de deux mois \u00e0 compter de ce rejet. \nPour le Pr\u00e9fet et par d\u00e9l\u00e9gation\nPour le Directeur d\u00e9partemental \nde l'emploi, du travail et des solidarit\u00e9s du Var \nLa cheffe du service accompagnement \ndes entreprises et d\u00e9veloppement des territoires\nSign\u00e9 : S\u00e9verine LARDERET\nFait \u00e0 CS 31209 - 83070 TOULON Cedex, le 27/01/2025\nDDETS du VarDirection d\u00e9partementale de l'emploi, du travail et des solidarit\u00e9s du Var - 83-2025-01-27-00003 - 060-2025-recepisse declaration\nAXELLE MARCEAU du 270125 23\nDirection d\u00e9partementale de l'emploi, du travail\net des solidarit\u00e9s du Var\n83-2025-01-27-00004\n062-2025-recepisse declaration modificative\nGIROT SAYSSET Pierre du 270125\nDirection d\u00e9partementale de l'emploi, du travail et des solidarit\u00e9s du Var - 83-2025-01-27-00004 - 062-2025-recepisse declaration\nmodificative GIROT SAYSSET Pierre du 270125 24\nPF 4\nLibert\u00e9  + \u00c9galit\u00e9  + Fraternit\u00e9\nR\u00c9PUBLIQUE  FRAN\u00c7AISE\nR\u00e9c\u00e9piss\u00e9 de d\u00e9claration\nd'un organisme de services \u00e0 la personne\nenregistr\u00e9 sous le N\u00b0 SAP520712217\nVu le code du travail et notamment les articles L.7231-1 \u00e0 L.7233-2, R.7232-16 \u00e0 R.7232-22, D.7231-1 et\nD.7233-1 \u00e0 D.7233-5 ; \nLe pr\u00e9fet du Var\nConstate : \nQu'une d\u00e9claration d'activit\u00e9s modificative de services \u00e0 la personne a \u00e9t\u00e9 d\u00e9pos\u00e9e aupr\u00e8s du service\ninstructeur  du Var, le 27/01/25 par M. GIROT Pierre en qualit\u00e9 de dirigeant(e),  pour l'organisme\nSERVICES DOMICILE dont l'\u00e9tablissement principal est situ\u00e9 d\u00e9sormais 131-151 avenue de Verdun\n83600 FREJUS et enregistr\u00e9 sous le N\u00b0 SAP520712217 pour les activit\u00e9s suivantes :\n  \u2022   Entretien de la maison et travaux m\u00e9nagers (mode d'intervention Prestataire)\n  \u2022   Petits travaux de jardinage (mode d'intervention Prestataire)\n  \u2022   Travaux de petit bricolage (mode d'intervention Prestataire)\n  \u2022   Maintenance, entretien et vigilance temporaires \u00e0 domicile (mode d'intervention Prestataire)\nToute  modification  concernant  les  activit\u00e9s  exerc\u00e9es  devra  faire  l'objet  d'une  d\u00e9claration\nmodificative pr\u00e9alable.\nSous r\u00e9serve d'\u00eatre exerc\u00e9es \u00e0 titre exclusif (ou sous r\u00e9serve d'une comptabilit\u00e9 s\u00e9par\u00e9e pour les\npersonnes  morales  dispens\u00e9es  de  cette  condition),  ces  activit\u00e9s  ouvrent  droit  au  b\u00e9n\u00e9fice  des\ndispositions des articles L. 7233-2 du code du travail et L.241-10 du code de la s\u00e9curit\u00e9 sociale dans\nles conditions pr\u00e9vues par ces articles.\nLes effets de la d\u00e9claration courent \u00e0 compter du jour du d\u00e9p\u00f4t de la d\u00e9claration sous r\u00e9serve des\ndispositions de l'article R.7232-18 du code du travail. Le pr\u00e9sent r\u00e9c\u00e9piss\u00e9 n'est pas limit\u00e9 dans le\ntemps. La d\u00e9claration a une port\u00e9e nationale.\n L'enregistrement de la d\u00e9claration peut \u00eatre retir\u00e9 dans les conditions fix\u00e9es aux articles R.7232-20 \u00e0\nR.7232-22 du code du travail. Le pr\u00e9sent r\u00e9c\u00e9piss\u00e9 sera publi\u00e9 au recueil des actes administratifs de\nla pr\u00e9fecture. \nLe pr\u00e9sent r\u00e9c\u00e9piss\u00e9 peut, \u00e0 compter de sa notification, faire l'objet d'un recours gracieux aupr\u00e8s\nservice instructeur du Var ou d'un recours hi\u00e9rarchique adress\u00e9 au ministre charg\u00e9 de l'\u00e9conomie -\nDirection g\u00e9n\u00e9rale des entreprises \u2013 sous-direction des services marchands, 61 Boulevard Vincent\nAuriol, 75703 PARIS CEDEX 13.\nIl peut \u00e9galement faire l'objet d'un recours contentieux dans un d\u00e9lai de deux mois \u00e0 compter de sa\nnotification aupr\u00e8s du tribunal administratif de Toulon. Le tribunal administratif peut aussi \u00eatre saisi\npar  l'application  informatique  \u00ab  T\u00e9l\u00e9recours  citoyen  \u00bb  accessible  sur  le  site  internet\nhttp://www.telerecours.fr/\nEn cas de rejet du recours gracieux ou hi\u00e9rarchique ou en l'absence de r\u00e9ponse \u00e0 ce recours (rejet\nimplicite), un recours contentieux devant le tribunal administratif de Toulon peut \u00e9galement \u00eatre\nform\u00e9 contre la d\u00e9cision initiale dans un d\u00e9lai de deux mois \u00e0 compter de ce rejet.\nPour le Pr\u00e9fet et par d\u00e9l\u00e9gation\nPour le Directeur d\u00e9partemental \nde l'emploi, du travail et des solidarit\u00e9s du Var \nLa cheffe du service accompagnement \ndes entreprises et d\u00e9veloppement des territoires\nSign\u00e9 : S\u00e9verine LARDERET\nFait \u00e0 CS 31209 - 83070 TOULON Cedex, le 27/01/2025\nDDETS du VarDirection d\u00e9partementale de l'emploi, du travail et des solidarit\u00e9s du Var - 83-2025-01-27-00004 - 062-2025-recepisse declaration\nmodificative GIROT SAYSSET Pierre du 270125 25\nDirection d\u00e9partementale de l'emploi, du travail et des solidarit\u00e9s du Var - 83-2025-01-27-00004 - 062-2025-recepisse declaration\nmodificative GIROT SAYSSET Pierre du 270125 26\nDirection d\u00e9partementale de l'emploi, du travail\net des solidarit\u00e9s du Var\n83-2025-01-27-00005\n063-2025-recepisse declaration HOTE PRESTIGE\nCONCIERGERIE-QUERVEL CLAIRE du 270125\nDirection d\u00e9partementale de l'emploi, du travail et des solidarit\u00e9s du Var - 83-2025-01-27-00005 - 063-2025-recepisse declaration\nHOTE PRESTIGE CONCIERGERIE-QUERVEL CLAIRE du 270125 27\nPF 4\nLibert\u00e9  + \u00c9galit\u00e9  + Fraternit\u00e9\nR\u00c9PUBLIQUE  FRAN\u00c7AISE\nR\u00e9c\u00e9piss\u00e9 de d\u00e9claration\nd'un organisme de services \u00e0 la personne\nenregistr\u00e9 sous le N\u00b0 SAP930757455\nVu le code du travail et notamment les articles L.7231-1 \u00e0 L.7233-2, R.7232-16 \u00e0 R.7232-22, D.7231-1 et\nD.7233-1 \u00e0 D.7233-5 ; \nVu la demande de d\u00e9claration d\u00e9pos\u00e9e par l'organisme [ND], 250 chemin Ch\u00eanes Verts 83480 \nPUGET-SUR-ARGENS, le 10/01/2025  ;\nLe pr\u00e9fet du Var\nConstate : \nQu'une d\u00e9claration d'activit\u00e9s de services \u00e0 la personne a \u00e9t\u00e9 d\u00e9pos\u00e9e aupr\u00e8s du service instructeur\ndu Var, le 10/01/2025  par Mme. QUERVEL Claire en qualit\u00e9 de dirigeant(e), pour l'organisme [ND]\ndont l'\u00e9tablissement  principal  est  situ\u00e9 250  chemin Ch\u00eanes Verts 83480 PUGET-SUR-ARGENS et\nenregistr\u00e9 sous le N\u00b0 SAP930757455 pour les activit\u00e9s suivantes :\n  \u2022   Entretien de la maison et travaux m\u00e9nagers (mode d'intervention Prestataire)\nToute  modification  concernant  les  activit\u00e9s  exerc\u00e9es  devra  faire  l'objet  d'une  d\u00e9claration\nmodificative pr\u00e9alable.\nSous r\u00e9serve d'\u00eatre exerc\u00e9es \u00e0 titre exclusif (ou sous r\u00e9serve d'une comptabilit\u00e9 s\u00e9par\u00e9e pour les\npersonnes  morales  dispens\u00e9es  de  cette  condition),  ces  activit\u00e9s  ouvrent  droit  au  b\u00e9n\u00e9fice  des\ndispositions des articles L. 7233-2 du code du travail et L.241-10 du code de la s\u00e9curit\u00e9 sociale dans\nles conditions pr\u00e9vues par ces articles.\nLes effets de la d\u00e9claration courent \u00e0 compter du jour du d\u00e9p\u00f4t de la d\u00e9claration sous r\u00e9serve des\ndispositions de l'article R.7232-18 du code du travail. Le pr\u00e9sent r\u00e9c\u00e9piss\u00e9 n'est pas limit\u00e9 dans le\ntemps. La d\u00e9claration a une port\u00e9e nationale.\nL'enregistrement de la d\u00e9claration peut \u00eatre retir\u00e9 dans les conditions fix\u00e9es aux articles R.7232-\n20 \u00e0 R.7232-22 du code du travail.\nLe pr\u00e9sent r\u00e9c\u00e9piss\u00e9 sera publi\u00e9 au recueil des actes administratifs de la pr\u00e9fecture.\nLe pr\u00e9sent r\u00e9c\u00e9piss\u00e9 peut, \u00e0 compter de sa notification, faire l'objet d'un recours gracieux aupr\u00e8s\nservice instructeur du Var ou d'un recours hi\u00e9rarchique adress\u00e9 au ministre charg\u00e9 de l'\u00e9conomie -\nDirection g\u00e9n\u00e9rale des entreprises \u2013 sous-direction des services marchands, 61 Boulevard Vincent\nAuriol, 75703 PARIS CEDEX 13.\nIl peut \u00e9galement faire l'objet d'un recours contentieux dans un d\u00e9lai de deux mois \u00e0 compter de sa\nnotification aupr\u00e8s du tribunal administratif de Toulon.\nLe tribunal administratif peut aussi \u00eatre saisi par l'application informatique \u00ab T\u00e9l\u00e9recours citoyen \u00bb\naccessible sur le site internet   http://www.telerecours.fr/\nEn cas de rejet du recours gracieux ou hi\u00e9rarchique ou en l'absence de r\u00e9ponse \u00e0 ce recours (rejet\nimplicite), un recours contentieux devant le tribunal administratif de Toulon peut \u00e9galement \u00eatre\nform\u00e9 contre la d\u00e9cision initiale dans un d\u00e9lai de deux mois \u00e0 compter de ce rejet. \nPour le Pr\u00e9fet et par d\u00e9l\u00e9gation\nPour le Directeur d\u00e9partemental \nde l'emploi, du travail et des solidarit\u00e9s du Var \nLa cheffe du service accompagnement \ndes entreprises et d\u00e9veloppement des territoires\nSign\u00e9 : S\u00e9verine LARDERET\nFait \u00e0 CS 31209 - 83070 TOULON Cedex, le 27/01/2025\nDDETS du VarDirection d\u00e9partementale de l'emploi, du travail et des solidarit\u00e9s du Var - 83-2025-01-27-00005 - 063-2025-recepisse declaration\nHOTE PRESTIGE CONCIERGERIE-QUERVEL CLAIRE du 270125 28\nDirection d\u00e9partementale de l'emploi, du travail et des solidarit\u00e9s du Var - 83-2025-01-27-00005 - 063-2025-recepisse declaration\nHOTE PRESTIGE CONCIERGERIE-QUERVEL CLAIRE du 270125 29\nDirection d\u00e9partementale de l'emploi, du travail\net des solidarit\u00e9s du Var\n83-2025-01-27-00006\n064-2025-recepisse declaration JULIE RAZIN du\n270125\nDirection d\u00e9partementale de l'emploi, du travail et des solidarit\u00e9s du Var - 83-2025-01-27-00006 - 064-2025-recepisse declaration JULIE\nRAZIN du 270125 30\nPF 4\nLibert\u00e9  + \u00c9galit\u00e9  + Fraternit\u00e9\nR\u00c9PUBLIQUE  FRAN\u00c7AISE\nR\u00e9c\u00e9piss\u00e9 de d\u00e9claration\nd'un organisme de services \u00e0 la personne\nenregistr\u00e9 sous le N\u00b0 SAP820961274\nVu le code du travail et notamment les articles L.7231-1 \u00e0 L.7233-2, R.7232-16 \u00e0 R.7232-22, D.7231-1 et\nD.7233-1 \u00e0 D.7233-5 ; \nVu la demande de d\u00e9claration d\u00e9pos\u00e9e par l'organisme Julie Clean, 3 rue de la Rougui\u00e8re 83570 \nMONTFORT-SUR-ARGENS, le 26/01/25  ;\nLe pr\u00e9fet du Var\nConstate : \nQu'une d\u00e9claration d'activit\u00e9s de services \u00e0 la personne a \u00e9t\u00e9 d\u00e9pos\u00e9e aupr\u00e8s du service instructeur\ndu Var, le 26/01/25 par Mme. RAZIN Julie en qualit\u00e9 de dirigeant(e), pour l'organisme Julie Clean dont\nl'\u00e9tablissement  principal  est  situ\u00e9  3  rue  de  la  Rougui\u00e8re  83570  MONTFORT-SUR-ARGENS  et\nenregistr\u00e9 sous le N\u00b0 SAP820961274 pour les activit\u00e9s suivantes :\n  \u2022   Entretien de la maison et travaux m\u00e9nagers (mode d'intervention Prestataire)\n  \u2022   Pr\u00e9paration de repas \u00e0 domicile (mode d'intervention Prestataire)\n  \u2022   Livraison de courses \u00e0 domicile (mode d'intervention Prestataire)\nToute  modification  concernant  les  activit\u00e9s  exerc\u00e9es  devra  faire  l'objet  d'une  d\u00e9claration\nmodificative pr\u00e9alable.\nSous r\u00e9serve d'\u00eatre exerc\u00e9es \u00e0 titre exclusif (ou sous r\u00e9serve d'une comptabilit\u00e9 s\u00e9par\u00e9e pour les\npersonnes  morales  dispens\u00e9es  de  cette  condition),  ces  activit\u00e9s  ouvrent  droit  au  b\u00e9n\u00e9fice  des\ndispositions des articles L. 7233-2 du code du travail et L.241-10 du code de la s\u00e9curit\u00e9 sociale dans\nles conditions pr\u00e9vues par ces articles.\nLes effets de la d\u00e9claration courent \u00e0 compter du jour du d\u00e9p\u00f4t de la d\u00e9claration sous r\u00e9serve des\ndispositions de l'article R.7232-18 du code du travail. Le pr\u00e9sent r\u00e9c\u00e9piss\u00e9 n'est pas limit\u00e9 dans le\ntemps. La d\u00e9claration a une port\u00e9e nationale.\nL'enregistrement de la d\u00e9claration peut \u00eatre retir\u00e9 dans les conditions fix\u00e9es aux articles R.7232-\n20  \u00e0  R.7232-22  du  code  du  travail.  Le  pr\u00e9sent  r\u00e9c\u00e9piss\u00e9  sera  publi\u00e9  au  recueil  des  actes\nadministratifs de la pr\u00e9fecture.\nLe pr\u00e9sent r\u00e9c\u00e9piss\u00e9 peut, \u00e0 compter de sa notification, faire l'objet d'un recours gracieux aupr\u00e8s\nservice instructeur du Var ou d'un recours hi\u00e9rarchique adress\u00e9 au ministre charg\u00e9 de l'\u00e9conomie -\nDirection g\u00e9n\u00e9rale des entreprises \u2013 sous-direction des services marchands, 61 Boulevard Vincent\nAuriol, 75703 PARIS CEDEX 13. Il peut \u00e9galement faire l'objet d'un recours contentieux dans un d\u00e9lai\nde deux mois \u00e0 compter de sa notification aupr\u00e8s du tribunal administratif de Toulon. Le tribunal\nadministratif peut aussi \u00eatre saisi par l'application informatique \u00ab T\u00e9l\u00e9recours citoyen \u00bb accessible sur\nle site internet  http://www.telerecours.fr/\nEn cas de rejet du recours gracieux ou hi\u00e9rarchique ou en l'absence de r\u00e9ponse \u00e0 ce recours (rejet\nimplicite), un recours contentieux devant le tribunal administratif de Toulon peut \u00e9galement \u00eatre\nform\u00e9 contre la d\u00e9cision initiale dans un d\u00e9lai de deux mois \u00e0 compter de ce rejet. \nPour le Pr\u00e9fet et par d\u00e9l\u00e9gation\nPour le Directeur d\u00e9partemental \nde l'emploi, du travail et des solidarit\u00e9s du Var \nLa cheffe du service accompagnement \ndes entreprises et d\u00e9veloppement des territoires\nSign\u00e9 : S\u00e9verine LARDERET\nFait \u00e0 CS 31209 - 83070 TOULON Cedex, le 27/01/2025\nDDETS du VarDirection d\u00e9partementale de l'emploi, du travail et des solidarit\u00e9s du Var - 83-2025-01-27-00006 - 064-2025-recepisse declaration JULIE\nRAZIN du 270125 31\nDirection d\u00e9partementale de l'emploi, du travail et des solidarit\u00e9s du Var - 83-2025-01-27-00006 - 064-2025-recepisse declaration JULIE\nRAZIN du 270125 32\nDirection d\u00e9partementale de l'emploi, du travail\net des solidarit\u00e9s du Var\n83-2025-01-28-00001\n065-2025-recepisse declaration TIMOTHEE\nCOTTIN du 280125\nDirection d\u00e9partementale de l'emploi, du travail et des solidarit\u00e9s du Var - 83-2025-01-28-00001 - 065-2025-recepisse declaration\nTIMOTHEE COTTIN du 280125 33\nPF 4\nLibert\u00e9  + \u00c9galit\u00e9  + Fraternit\u00e9\nR\u00c9PUBLIQUE  FRAN\u00c7AISE\nR\u00e9c\u00e9piss\u00e9 de d\u00e9claration\nd'un organisme de services \u00e0 la personne\nenregistr\u00e9 sous le N\u00b0 SAP940107816\nVu le code du travail et notamment les articles L.7231-1 \u00e0 L.7233-2, R.7232-16 \u00e0 R.7232-22, D.7231-1 et\nD.7233-1 \u00e0 D.7233-5 ; \nVu la demande de d\u00e9claration d\u00e9pos\u00e9e par l'organisme , 16 all\u00e9e Pline l'Ancien 83370 Fr\u00e9jus, le \n27/01/25 ;\nLe pr\u00e9fet du Var\nConstate : \nQu'une d\u00e9claration d'activit\u00e9s de services \u00e0 la personne a \u00e9t\u00e9 d\u00e9pos\u00e9e aupr\u00e8s du service instructeur\ndu Var, le 27/01/25 par M. COTTIN Timoth\u00e9e en qualit\u00e9 de dirigeant(e), pour l'organisme  dont\nl'\u00e9tablissement  principal  est  situ\u00e9  16  all\u00e9e  Pline  l'Ancien  83370  Fr\u00e9jus  et  enregistr\u00e9  sous  le  N\u00b0\nSAP940107816 pour les activit\u00e9s suivantes :\n  \u2022   Soutien scolaire ou cours \u00e0 domicile (mode d'intervention Prestataire)\nToute  modification  concernant  les  activit\u00e9s  exerc\u00e9es  devra  faire  l'objet  d'une  d\u00e9claration\nmodificative pr\u00e9alable.\nSous r\u00e9serve d'\u00eatre exerc\u00e9es \u00e0 titre exclusif (ou sous r\u00e9serve d'une comptabilit\u00e9 s\u00e9par\u00e9e pour les\npersonnes  morales  dispens\u00e9es  de  cette  condition),  ces  activit\u00e9s  ouvrent  droit  au  b\u00e9n\u00e9fice  des\ndispositions des articles L. 7233-2 du code du travail et L.241-10 du code de la s\u00e9curit\u00e9 sociale dans\nles conditions pr\u00e9vues par ces articles.\nLes effets de la d\u00e9claration courent \u00e0 compter du jour du d\u00e9p\u00f4t de la d\u00e9claration sous r\u00e9serve des\ndispositions de l'article R.7232-18 du code du travail. Le pr\u00e9sent r\u00e9c\u00e9piss\u00e9 n'est pas limit\u00e9 dans le\ntemps. La d\u00e9claration a une port\u00e9e nationale.\nL'enregistrement de la d\u00e9claration peut \u00eatre retir\u00e9 dans les conditions fix\u00e9es aux articles R.7232-\n20 \u00e0 R.7232-22 du code du travail.\nLe pr\u00e9sent r\u00e9c\u00e9piss\u00e9 sera publi\u00e9 au recueil des actes administratifs de la pr\u00e9fecture.\nLe pr\u00e9sent r\u00e9c\u00e9piss\u00e9 peut, \u00e0 compter de sa notification, faire l'objet d'un recours gracieux aupr\u00e8s\nservice instructeur du Var ou d'un recours hi\u00e9rarchique adress\u00e9 au ministre charg\u00e9 de l'\u00e9conomie -\nDirection g\u00e9n\u00e9rale des entreprises \u2013 sous-direction des services marchands, 61 Boulevard Vincent\nAuriol, 75703 PARIS CEDEX 13.\nIl peut \u00e9galement faire l'objet d'un recours contentieux dans un d\u00e9lai de deux mois \u00e0 compter de sa\nnotification aupr\u00e8s du tribunal administratif de Toulon.\nLe tribunal administratif peut aussi \u00eatre saisi par l'application informatique \u00ab T\u00e9l\u00e9recours citoyen \u00bb\naccessible sur le site internet   http://www.telerecours.fr/\nEn cas de rejet du recours gracieux ou hi\u00e9rarchique ou en l'absence de r\u00e9ponse \u00e0 ce recours (rejet\nimplicite), un recours contentieux devant le tribunal administratif de Toulon peut \u00e9galement \u00eatre\nform\u00e9 contre la d\u00e9cision initiale dans un d\u00e9lai de deux mois \u00e0 compter de ce rejet. \nPour le Pr\u00e9fet et par d\u00e9l\u00e9gation\nPour le Directeur d\u00e9partemental \nde l'emploi, du travail et des solidarit\u00e9s du Var \nLa cheffe du service accompagnement \ndes entreprises et d\u00e9veloppement des territoires\nSign\u00e9 : S\u00e9verine LARDERET\nFait \u00e0 CS 31209 - 83070 TOULON Cedex, le 28/01/2025\nDDETS du VarDirection d\u00e9partementale de l'emploi, du travail et des solidarit\u00e9s du Var - 83-2025-01-28-00001 - 065-2025-recepisse declaration\nTIMOTHEE COTTIN du 280125 34\nDirection d\u00e9partementale de l'emploi, du travail et des solidarit\u00e9s du Var - 83-2025-01-28-00001 - 065-2025-recepisse declaration\nTIMOTHEE COTTIN du 280125 35\nDirection d\u00e9partementale de l'emploi, du travail\net des solidarit\u00e9s du Var\n83-2025-01-28-00003\nActe Administratif\nDirection d\u00e9partementale de l'emploi, du travail et des solidarit\u00e9s du Var - 83-2025-01-28-00003 - Acte Administratif 36\nE 3\nMINIST\u00c8RE\nDU TRAVAIL,  DE LA SANT\u00c9,\nDES  SOLIDARIT\u00c9S\nET DES  FAMILLES\nLiberts\nEgalit\u00e9\nfer  wite\nDirection r\u00e9gionale\nde l'\u00e9conomie de l'emploi\ndu travail et des solidarit\u00e9s\nProvence Alpes C\u00f4te d'Azur\nDECISION portant affectation des agents de contr\u00f4le des services d'inspection du travail \net gestion des int\u00e9rims et suppl\u00e9ances de l'unit\u00e9 d\u00e9partementale du Var\nLe directeur r\u00e9gional de l'\u00e9conomie, de l'emploi, du travail et des solidarit\u00e9s de la r\u00e9gion Provence Alpes C\u00f4te\nd'Azur,\nVu le code du travail, notamment ses articles R. 8122-3 et suivants,\nVu le d\u00e9cret n\u00b0 2020-1545 du 9 d\u00e9cembre 2020 relatif \u00e0 l'organisation et aux missions des directions r\u00e9gionales de\nl'\u00e9conomie, de l'emploi, du travail et des solidarit\u00e9s, des directions d\u00e9partementales de l'emploi, du travail et des\nsolidarit\u00e9s  et  des  directions  d\u00e9partementales  de  l'emploi,  du  travail,  des  solidarit\u00e9s  et  de  la  protection  des\npopulations,\nVu l'arr\u00eat\u00e9 minist\u00e9riel du 27 novembre 2024 portant r\u00e9partition des unit\u00e9s de contr\u00f4le de l'inspection du travail,\nVu la d\u00e9cision du DREETS du 30 janvier 2024 relative \u00e0 la localisation et \u00e0 la d\u00e9limitation des unit\u00e9s de contr\u00f4le\net des sections d'inspection du travail pour la direction d\u00e9partementale de l'emploi, du travail et des solidarit\u00e9s du\nVar,\nDECIDE\nArticle 1 : Sont nomm\u00e9s comme responsables des unit\u00e9s de contr\u00f4le de direction d\u00e9partementale de l'emploi, du\ntravail et des solidarit\u00e9s du Var les agents suivants :\n-Unit\u00e9 de contr\u00f4le UC1 - Var Ouest : Madame GRIMA Virginie\n-Unit\u00e9 de contr\u00f4le UC2 - Var Centre : Madame SAUVIAT B\u00e9atrice\n-Unit\u00e9 de contr\u00f4le UC3 - Var Est : Monsieur AMIC J\u00e9r\u00e9my\nArticle 2 :  Sans pr\u00e9judice des dispositions de l'article R.8122-10-I du Code du travail et conform\u00e9ment aux\ndispositions de l'article R.8122-11 du Code du travail, sont affect\u00e9s dans les sections d'inspection de la direction\nd\u00e9partementale de l'emploi, du travail et des solidarit\u00e9s du Var les agents suivants :\nAu sein de l'unit\u00e9 de contr\u00f4le \"UC1 - Var Ouest\" :\nSection 83-01-01 : Madame Sonia RAMI, inspectrice du travail  \nSection 83-01-02 : Section vacante\nSection 83-01-03 : Monsieur Riad KABACHE, inspecteur du travail\nSection 83-01-04 : section vacante\nSection 83-01-05 : Madame Laurie JORDA, inspectrice du travail  \nSection 83-01-06 : Monsieur Gilles TORRENTE, inspecteur du travail\nSection 83-01-07 : Madame Sylvie MUTEL, inspectrice  du travail\nSection 83-01-08 : Madame Catherine PLANTEGENEST, inspectrice du travail\nSection 83-01-09 : Madame Florence BOURELLY,  inspectrice du travail\nDirection d\u00e9partementale de l'emploi, du travail et des solidarit\u00e9s du Var - 83-2025-01-28-00003 - Acte Administratif 37\nAu sein de l'Unit\u00e9 de contr\u00f4le \u00ab UC2 - Var Centre \u00bb :\nSection 83-02-01 : Monsieur Tom FILIPPI, inspecteur du travail  \nSection 83-02-02 : Madame Roselyne SOULE, inspectrice du travail\nSection 83-02-03 :Section vacante \nSection 83-02-04 : Madame Malika MAUCOURT, inspectrice du travail\nSection 83-02-05 : Monsieur Vivien DE FARIA, inspecteur du travail  \nSection 83-02-06 : Monsieur J\u00e9r\u00e9my MOREL, inspecteur du travail  \nSection 83-02-07 : Madame Nathalie TENDIL, inspectrice du travail\nSection 83-02-08 : Monsieur Fr\u00e9d\u00e9ric MARTIN, inspecteur du travail  \nAu sein de l'Unit\u00e9 de contr\u00f4le \u00ab UC3 - Var Est\u00bb :\nSection 83-03-01 : Monsieur Yves-Laurent DAADOUN, inspecteur du travail\nSection 83-03-02 : Madame Asmaa FRANCOIS, inspectrice du travail  \nSection 83-03-03 : section vacante\nSection 83-03-04 : Monsieur  Fabian DARCISSAC, inspecteur du travail\nSection 83-03-05 : Madame Sandie FARGIER, inspectrice du travail \nSection 83-03-06 : Madame Isabelle DEMELLIER, inspectrice du travail\nSection 83-03-07 : Monsieur Julien POSTEL, inspecteur du travail \nSection 83-03-08 : Monsieur  Guillaume BESSET, inspecteur du travail  \nSection 83-03-09 : Monsieur David SAVELLI, inspecteur du travail\nArticle 3 : En cas d'absence ou d'emp\u00eachement d'un ou plusieurs agents de contr\u00f4le d\u00e9sign\u00e9s aux articles 1 et\n2, l'int\u00e9rim est organis\u00e9 selon les modalit\u00e9s ci-apr\u00e8s :\nAu sein de l'unit\u00e9 de contr\u00f4le \"UC1 - Var Ouest\" :\n\uf0b7L'int\u00e9rim du responsable de l'unit\u00e9 de contr\u00f4le est assur\u00e9 par l'un des responsables des unit\u00e9s de\ncontr\u00f4le \"UC2 - Var Centre\" ou \"UC3 - Var Est\"\n\uf0b7L'int\u00e9rim de l'inspecteur du travail de la section 83-01-01 est assur\u00e9 par l'inspecteur du travail de \nla section 83-01-03 ou en cas d'absence ou d'emp\u00eachement de ce dernier par l'inspecteur du travail de \nla section 83-01-05 ou en cas d'absence ou d'emp\u00eachement de ce dernier par l'inspecteur du travail de \nla section 83-01-06 ou en cas d'absence ou d'emp\u00eachement de ce dernier par l'inspecteur du travail de \nla section 83-01-07 ou en cas d'absence ou d'emp\u00eachement de ce dernier par l'inspecteur du travail de \nla section 83-01-08 ou en cas d'absence ou d'emp\u00eachement de ce dernier par l'inspecteur du travail de \nla section 83-01-09 ou en cas d'absence ou d'emp\u00eachement de ce dernier par l'inspecteur du travail de \nla section 83-02-01 ou en cas d'absence ou d'emp\u00eachement de ce dernier par l'inspecteur du travail de \nla section 83-02-02 ou en cas d'absence ou d'emp\u00eachement de ce dernier par l'inspecteur du travail de \nla section 83-02-04 ou en cas d'absence ou d'emp\u00eachement de ce dernier par l'inspecteur du travail de \nla section 83-02-05 ou en cas d'absence ou d'emp\u00eachement de ce dernier par l'inspecteur du travail de \nla section 83-02-06 ou en cas d'absence ou d'emp\u00eachement de ce dernier par l'inspecteur du travail de \nla section 83-02-07 ou en cas d'absence ou d'emp\u00eachement de ce dernier par l'inspecteur du travail de \nla section 83-02-08 ou en cas d'absence ou d'emp\u00eachement de ce dernier par l'inspecteur du travail de \nla section 83-03-01 ou en cas d'absence ou d'emp\u00eachement de ce dernier par l'inspecteur du travail de \nla section 83-03-02 ou en cas d'absence ou d'emp\u00eachement de ce dernier par l'inspecteur du travail de \nla section 83-03-04 ou en cas d'absence ou d'emp\u00eachement de ce dernier par l'inspecteur du travail de \nla  section 83-03-05 ou en cas d'absence ou d'emp\u00eachement de ce dernier par l'inspecteur du travail de \nla  section 83-03-06 ou en cas d'absence ou d'emp\u00eachement de ce dernier par l'inspecteur du travail de \nla  section 83-03-07 ou en cas d'absence ou d'emp\u00eachement de ce dernier par l'inspecteur du travail de \nla section 83-03-08 ou en cas d'absence ou d'emp\u00eachement de ce dernier par l'inspecteur du travail de \nla section 83-03-09\n\uf0b7L'int\u00e9rim de l'inspecteur du travail de la section 83-01-03 est assur\u00e9 par l'inspecteur du travail de la\nsection 83-01-05 ou en cas d'absence ou d'emp\u00eachement de ce dernier par l'inspecteur du travail de la  \nsection 83-01-06 ou en cas d'absence ou d'emp\u00eachement de ce dernier par l'inspecteur du travail de la  \nsection 83-01-07 ou en cas d'absence ou d'emp\u00eachement de ce dernier par l'inspecteur du travail de la  \nsection 83-01-08 ou en cas d'absence ou d'emp\u00eachement de ce dernier par l'inspecteur du travail de la  \nsection 83-01-09 ou en cas d'absence ou d'emp\u00eachement de ce dernier par l'inspecteur du travail de la  \n2Direction d\u00e9partementale de l'emploi, du travail et des solidarit\u00e9s du Var - 83-2025-01-28-00003 - Acte Administratif 38\nsection 83-01-01 ou en cas d'absence ou d'emp\u00eachement de ce dernier par l'inspecteur du travail de la \nsection 83-02-01 ou en cas d'absence ou d'emp\u00eachement de ce dernier par l'inspecteur du travail de la  \nsection 83-02-02 ou en cas d'absence ou d'emp\u00eachement de ce dernier par l'inspecteur du travail de la  \nsection 83-02-04 ou en cas d'absence ou d'emp\u00eachement de ce dernier par l'inspecteur du travail de la  \nsection 83-02-05 ou en cas d'absence ou d'emp\u00eachement de ce dernier par l'inspecteur du travail de la  \nsection 83-02-06 ou en cas d'absence ou d'emp\u00eachement de ce dernier par l'inspecteur du travail de la \nsection 83-02-07 ou en cas d'absence ou d'emp\u00eachement de ce dernier par l'inspecteur du travail de la  \nsection 83-02-08 ou en cas d'absence ou d'emp\u00eachement de ce dernier par l'inspecteur du travail de la  \nsection 83-03-01 ou en cas d'absence ou d'emp\u00eachement de ce dernier par l'inspecteur du travail de la  \nsection 83-03-02 ou en cas d'absence ou d'emp\u00eachement de ce dernier par l'inspecteur du travail de la  \nsection 83-03-04 ou en cas d'absence ou d'emp\u00eachement de ce dernier par l'inspecteur du travail de la \nsection 83-03-05 ou en cas d'absence ou d'emp\u00eachement de ce dernier par l'inspecteur du travail de la \nsection 83-03-06 ou en cas d'absence ou d'emp\u00eachement de ce dernier par l'inspecteur du travail de la \nsection 83-03-07 ou en cas d'absence ou d'emp\u00eachement de ce dernier par l'inspecteur du travail de la  \nsection 83-03-08 ou en cas d'absence ou d'emp\u00eachement de ce dernier par l'inspecteur du travail de la  \nsection 83-03-09\n\uf0b7L'int\u00e9rim de l'inspecteur du travail de la section 83-01-05 est assur\u00e9 par l'inspecteur du travail de la\nsection 83-01-06 ou en cas d'absence ou d'emp\u00eachement de  ce dernier par l'inspecteur du travail de la\nsection 83-01-07 ou en cas d'absence ou d'emp\u00eachement de ce dernier par l'inspecteur du travail de la\nsection 83-01-08 ou en cas d'absence ou d'emp\u00eachement de ce dernier par l'inspecteur du travail de la\nsection 83-01-09 ou en cas d'absence ou d'emp\u00eachement de ce dernier par l'inspecteur du travail de la \nsection 83-01-01 ou en cas d'absence ou d'emp\u00eachement de ce dernier par l'inspecteur du travail de la\nsection 83-01-03 ou en cas d'absence ou d'emp\u00eachement de ce dernier par l'inspecteur du travail de la\nsection 83-02-01 ou en cas d'absence ou d'emp\u00eachement de ce dernier par l'inspecteur du travail de la\nsection 83-02-02 ou en cas d'absence ou d'emp\u00eachement de ce dernier par l'inspecteur du travail de la\nsection 83-02-04 ou en cas d'absence ou d'emp\u00eachement de ce dernier par l'inspecteur du travail de la\nsection 83-02-05 ou en cas d'absence ou d'emp\u00eachement de ce dernier par l'inspecteur du travail de la\nsection 83-02-06 ou en cas d'absence ou d'emp\u00eachement de ce dernier par l'inspecteur du travail de la\nsection 83-02-07 ou en cas d'absence ou d'emp\u00eachement de ce dernier par l'inspecteur du travail de la\nsection 83-02-08 ou en cas d'absence ou d'emp\u00eachement de ce dernier par l'inspecteur du travail de la\nsection 83-03-01 ou en cas d'absence ou d'emp\u00eachement de ce dernier par l'inspecteur du travail de la\nsection 83-03-02 ou en cas d'absence ou d'emp\u00eachement de ce dernier par l'inspecteur du travail de la\nsection 83-03-04 ou en cas d'absence ou d'emp\u00eachement de ce dernier par l'inspecteur du travail de la\nsection 83-03-05 ou en cas d'absence ou d'emp\u00eachement de ce dernier par l'inspecteur du travail de la\nsection 83-03-06 ou en cas d'absence ou d'emp\u00eachement de ce dernier par l'inspecteur du travail de la\nsection 83-03-07 ou en cas d'absence ou d'emp\u00eachement de ce dernier par l'inspecteur du travail de la\nsection 83-03-08 ou en cas d'absence ou d'emp\u00eachement de ce dernier par l'inspecteur du travail de la\nsection 83-03-09\n\uf0b7L'int\u00e9rim de l'inspecteur du travail de la section 83-01-06 est assur\u00e9 par l'inspecteur du travail de la\nsection 83-01-07 ou en cas d'absence ou d'emp\u00eachement de ce dernier par l'inspecteur du travail de la\nsection 83-01-08 ou en cas d'absence ou d'emp\u00eachement de ce dernier par l'inspecteur du travail de la\nsection 83-01-09 ou en cas d'absence ou d'emp\u00eachement de ce dernier par l'inspecteur du travail de la \nsection 83-01-01 ou en cas d'absence ou d'emp\u00eachement de ce dernier par l'inspecteur du travail de la\nsection 83-01-03 ou en cas d'absence ou d'emp\u00eachement de ce dernier par l'inspecteur du travail de la\nsection 83-01-05 ou en cas d'absence ou d'emp\u00eachement de ce dernier par l'inspecteur du travail de la\nsection 83-02-01 ou en cas d'absence ou d'emp\u00eachement de ce dernier par l'inspecteur du travail de la\nsection 83-02-02 ou en cas d'absence ou d'emp\u00eachement de ce dernier par l'inspecteur du travail de la\nsection 83-02-04 ou en cas d'absence ou d'emp\u00eachement de ce dernier par l'inspecteur du travail de la\nsection 83-02-05 ou en cas d'absence ou d'emp\u00eachement de ce dernier par l'inspecteur du travail de la\nsection 83-02-06 ou en cas d'absence ou d'emp\u00eachement de ce dernier par l'inspecteur du travail de la\nsection 83-02-07 ou en cas d'absence ou d'emp\u00eachement de ce dernier par l'inspecteur du travail de la\nsection 83-02-08 ou en cas d'absence ou d'emp\u00eachement de ce dernier par l'inspecteur du travail de la\nsection 83-03-01 ou en cas d'absence ou d'emp\u00eachement de ce dernier par l'inspecteur du travail de la\nsection 83-03-02 ou en cas d'absence ou d'emp\u00eachement de ce dernier par l'inspecteur du travail de la\nsection 83-03-04 ou en cas d'absence ou d'emp\u00eachement de ce dernier par l'inspecteur du travail de la\nsection 83-03-05 ou en cas d'absence ou d'emp\u00eachement de ce dernier par l'inspecteur du travail de la\nsection 83-03-06 ou en cas d'absence ou d'emp\u00eachement de ce dernier par l'inspecteur du travail de la\nsection 83-03-07 ou en cas d'absence ou d'emp\u00eachement de ce dernier par l'inspecteur du travail de la\nsection 83-03-08 ou en cas d'absence ou d'emp\u00eachement de ce dernier par l'inspecteur du travail de la\nsection 83-03-09\n3Direction d\u00e9partementale de l'emploi, du travail et des solidarit\u00e9s du Var - 83-2025-01-28-00003 - Acte Administratif 39\n\uf0b7L'int\u00e9rim de l'inspecteur du travail de la section 83-01-07 est assur\u00e9 par l'inspecteur du travail de la\nsection 83-01-08 ou en cas d'absence ou d'emp\u00eachement de ce dernier par l'inspecteur du travail de la  \nsection 83-01-09 ou en cas d'absence ou d'emp\u00eachement de ce dernier par l'inspecteur du travail de la \nsection 83-01-01 ou en cas d'absence ou d'emp\u00eachement de ce dernier par l'inspecteur du travail de la\nsection 83-01-03 ou en cas d'absence ou d'emp\u00eachement de ce dernier par l'inspecteur du travail de la  \nsection 83-01-05 ou en cas d'absence ou d'emp\u00eachement de ce dernier par l'inspecteur du travail de la  \nsection 83-01-06 ou en cas d'absence ou d'emp\u00eachement de ce dernier par l'inspecteur du travail de la  \nsection 83-02-01 ou en cas d'absence ou d'emp\u00eachement de ce dernier par l'inspecteur du travail de la  \nsection 83-02-02 ou en cas d'absence ou d'emp\u00eachement de ce dernier par l'inspecteur du travail de la   \nsection 83-02-04 ou en cas d'absence ou d'emp\u00eachement de ce dernier par l'inspecteur du travail de la  \nsection 83-02-05 ou en cas d'absence ou d'emp\u00eachement de ce dernier par l'inspecteur du travail de la  \nsection 83-02-06 ou en cas d'absence ou d'emp\u00eachement de ce dernier par l'inspecteur du travail de la  \nsection 83-02-07 ou en cas d'absence ou d'emp\u00eachement de ce dernier par l'inspecteur du travail de la\nsection 83-02-08 ou en cas d'absence ou d'emp\u00eachement de ce dernier par l'inspecteur du travail de la  \nsection 83-03-01 ou en cas d'absence ou d'emp\u00eachement de ce dernier par l'inspecteur du travail de la  \nsection 83-03-02 ou en cas d'absence ou d'emp\u00eachement de ce dernier par l'inspecteur du travail de la \nsection 83-03-04 ou en cas d'absence ou d'emp\u00eachement de ce dernier par l'inspecteur du travail de la  \nsection 83-03-05 ou en cas d'absence ou d'emp\u00eachement de ce dernier par l'inspecteur du travail de la\nsection 83-03-06 ou en cas d'absence ou d'emp\u00eachement de ce dernier par l'inspecteur du travail de\nsection 83-03-07 ou en cas d'absence ou d'emp\u00eachement de ce dernier par l'inspecteur du travail de la\nsection 83-03-08 ou en cas d'absence ou d'emp\u00eachement de  ce dernier par l'inspecteur du travail de la\nsection 83-03-09 \n\uf0b7L'int\u00e9rim de l'inspecteur du travail de la section 83-01-08 est assur\u00e9 par l'inspecteur du travail de la\nsection 83-01-09 ou en cas d'absence ou d'emp\u00eachement de ce dernier par l'inspecteur du travail de la \nsection 83-01-01 ou en cas d'absence ou d'emp\u00eachement de ce dernier par l'inspecteur du travail de la\nsection 83-01-03 ou en cas d'absence ou d'emp\u00eachement de ce dernier par l'inspecteur du travail de la  \nsection 83-01-05 ou en cas d'absence ou d'emp\u00eachement de ce dernier par l'inspecteur du travail de la  \nsection 83-01-06 ou en cas d'absence ou d'emp\u00eachement de ce dernier par l'inspecteur du travail de la  \nsection 83-01-07 ou en cas d'absence ou d'emp\u00eachement de ce dernier par l'inspecteur du travail de la  \n section 83-02-01 ou en cas d'absence ou d'emp\u00eachement de ce dernier par l'inspecteur du travail de la  \n                      section 83-02-02 ou en cas d'absence ou d'emp\u00eachement de ce dernier par l'inspecteur du travail de la  \nsection 83-02-04 ou en cas d'absence ou d'emp\u00eachement de ce dernier par l'inspecteur du travail de la  \nsection 83-02-05 ou en cas d'absence ou d'emp\u00eachement de ce dernier par l'inspecteur du travail de la  \nsection 83-02-06 ou en cas d'absence ou d'emp\u00eachement de ce dernier par l'inspecteur du travail de la  \nsection 83-02-07 ou en cas d'absence ou d'emp\u00eachement de ce dernier par l'inspecteur du travail de la\nsection 83-02-08 ou en cas d'absence ou d'emp\u00eachement de ce dernier par l'inspecteur du travail de la  \nsection 83-03-01 ou en cas d'absence ou d'emp\u00eachement de ce dernier par l'inspecteur du travail de la  \nsection 83-03-02 ou en cas d'absence ou d'emp\u00eachement de ce dernier par l'inspecteur du travail de la \nsection 83-03-04 ou en cas d'absence ou d'emp\u00eachement de ce dernier par l'inspecteur du travail de la  \nsection 83-03-05 ou en cas d'absence ou d'emp\u00eachement de ce dernier par l'inspecteur du travail de\nla section 83-03-06 ou en cas d'absence ou d'emp\u00eachement de ce dernier par l'inspecteur du travail de\nsection 83-03-07 ou en cas d'absence ou d'emp\u00eachement de ce dernier par l'inspecteur du travail de la\nsection 83-03-08 ou en cas d'absence ou d'emp\u00eachement de ce dernier par l'inspecteur du travail de la\nsection 83-03-09\n\uf0b7L'int\u00e9rim de l'inspecteur du travail de la sectio n 83-01-09 est assur\u00e9 par l'inspecteur du travail de \nla section 83-01-01 ou en cas d'absence ou d'emp\u00eachement de ce dernier par l'inspecteur du travail de la  \nsection 83-01-03 ou en cas d'absence ou d'emp\u00eachement de ce dernier par l'inspecteur du travail de la  \nsection 83-01-05 ou en cas d'absence ou d'emp\u00eachement de ce dernier par l'inspecteur du travail de la  \nsection 83-01-06 ou en cas d'absence ou d'emp\u00eachement de ce dernier par l'inspecteur du travail de la  \nsection 83-01-07 ou en cas d'absence ou d'emp\u00eachement de ce dernier par l'inspecteur du travail de la  \nsection 83-01-08 ou en cas d'absence ou d'emp\u00eachement de ce dernier par l'inspecteur du travail de la  \nsection 83-02-01 ou en cas d'absence ou d'emp\u00eachement de ce dernier par l'inspecteur du travail de la  \nsection 83-02-02 ou en cas d'absence ou d'emp\u00eachement de ce dernier par l'inspecteur du travail de la  \nsection 83-02-04 ou en cas d'absence ou d'emp\u00eachement de ce dernier par l'inspecteur du travail de la  \nsection 83-02-05 ou en cas d'absence ou d'emp\u00eachement de ce dernier par l'inspecteur du travail de la  \nsection 83-02-06 ou en cas d'absence ou d'emp\u00eachement de ce dernier par l'inspecteur du travail de la  \nsection 83-02-07 ou en cas d'absence ou d'emp\u00eachement de ce dernier par l'inspecteur du travail de la\nsection 83-02-08 ou en cas d'absence ou d'emp\u00eachement de ce dernier par l'inspecteur du travail de la  \nsection 83-03-01 ou en cas d'absence ou d'emp\u00eachement de ce dernier par l'inspecteur du travail de la  \nsection 83-03-02 ou en cas d'absence ou d'emp\u00eachement de ce dernier par l'inspecteur du travail de la  \n4Direction d\u00e9partementale de l'emploi, du travail et des solidarit\u00e9s du Var - 83-2025-01-28-00003 - Acte Administratif 40\nsection 83-03-04 ou en cas d'absence ou d'emp\u00eachement de ce dernier par l'inspecteur du travail de la  \nsection 83-03-05 ou en cas d'absence ou d'emp\u00eachement de ce dernier par l'inspecteur du travail de\nla section 83-03-06 ou en cas d'absence ou d'emp\u00eachement de ce dernier par l'inspecteur du travail de\nla section 83-03-07 ou en cas d'absence ou d'emp\u00eachement de ce dernier par l'inspecteur du travail de la\nla section 83-03-08 ou en cas d'absence ou d'emp\u00eachement de ce dernier par l'inspecteur du travail de\nla section 83-03-09\nAu sein de l'unit\u00e9 de contr\u00f4le \"UC2 - Var Centre\" :\n\uf0b7L'int\u00e9rim du responsable de l'unit\u00e9 de contr\u00f4le est assur\u00e9 par l'un des responsables des unit\u00e9s de\ncontr\u00f4le \"UC1 - Var Ouest\" ou \"UC3 - Var Est\"\nL'int\u00e9rim de l'inspecteur du travail de la section 83-02-01 est assur\u00e9 par l'inspecteur du travail de la\nsection 83-02-02 ou en cas d'absence ou d'emp\u00eachement de ce dernier par l'inspecteur du travail de la  \nsection 83-02-04 ou en cas d'absence ou d'emp\u00eachement de ce dernier par l'inspecteur du travail de la  \nsection 83-02-05 ou en cas d'absence ou d'emp\u00eachement de ce dernier par l'inspecteur du travail de la  \nsection 83-02-06 ou en cas d'absence ou d'emp\u00eachement de ce dernier par l'inspecteur du travail de la  \nsection 83-02-07 ou en cas d'absence ou d'emp\u00eachement de ce dernier par l'inspecteur du travail de la\nsection 83-02-08 ou en cas d'absence ou d'emp\u00eachement de ce dernier par l'inspecteur du travail de la  \nsection 83-03-01 ou en cas d'absence ou d'emp\u00eachement de ce dernier par l'inspecteur du travail de la  \nsection 83-03-02 ou en cas d'absence ou d'emp\u00eachement de ce dernier par l'inspecteur du travail de la\nsection 83-03-04 ou en cas d'absence ou d'emp\u00eachement de ce dernier par l'inspecteur du travail de la  \nsection 83-03-05 ou en cas d'absence ou d'emp\u00eachement de ce dernier par l'inspecteur du travail de la\nsection 83-03-06 ou en cas d'absence ou d'emp\u00eachement de ce dernier par l'inspecteur du travail de la  \nsection 83-03-07 ou en cas d'absence ou d'emp\u00eachement de ce dernier par l'inspecteur du travail de la\nsection 83-03-08 ou en cas d'absence ou d'emp\u00eachement de ce dernier par l'inspecteur du travail de la  \n          section 83-03-09 ou en cas d'absence ou d'emp\u00eachement de ce dernier par l'inspecteur du travail de la  \nsection 83-01-01 ou en cas d'absence ou d'emp\u00eachement de ce dernier par l'inspecteur du travail de la\n         section 83-01-03 ou en cas d'absence ou d'emp\u00eachement de ce dernier par l'inspecteur du travail de la  \n         section 83-01-05 ou en cas d'absence ou d'emp\u00eachement de ce dernier par l'inspecteur du travail de la  \n         section 83-01-06 ou en cas d'absence ou d'emp\u00eachement de ce dernier par l'inspecteur du travail de la  \n         section 83-01-07 ou en cas d'absence ou d'emp\u00eachement de  ce dernier par l'inspecteur du travail de la \n         section 83-01-08 ou en cas d'absence ou d'emp\u00eachement de ce dernier par l'inspecteur du travail de la \n           section 83-01-09 \n\uf0b7L'int\u00e9rim de l'inspecteur du travail de la section 83-02-02 est assur\u00e9 par l'inspecteur du travail de la\nsection 83-02-04 ou en cas d'absence ou d'emp\u00eachement de ce dernier par l'inspecteur du travail de la  \nsection 83-02-05 ou en cas d'absence ou d'emp\u00eachement de ce dernier par l'inspecteur du travail de la  \nsection 83-02-06 ou en cas d'absence ou d'emp\u00eachement de ce dernier par l'inspecteur du travail de la  \nsection 83-02-07 ou en cas d'absence ou d'emp\u00eachement de ce dernier par l'inspecteur du travail de la\nsection 83-02-08 ou en cas d'absence ou d'emp\u00eachement de ce dernier par l'inspecteur du travail de la  \nsection 83-02-01 ou en cas d'absence ou d'emp\u00eachement de ce dernier par l'inspecteur du travail de la  \nsection 83-03-01 ou en cas d'absence ou d'emp\u00eachement de ce dernier par l'inspecteur du travail de la  \nsection 83-03-02 ou en cas d'absence ou d'emp\u00eachement de ce dernier par l'inspecteur du travail de la  \nsection 83-03-04 ou en cas d'absence ou d'emp\u00eachement de ce dernier par l'inspecteur du travail de la  \nsection 83-03-05 ou en cas d'absence ou d'emp\u00eachement de ce dernier par l'inspecteur du travail de la\nsection 83-03-06 ou en cas d'absence ou d'emp\u00eachement de ce dernier par l'inspecteur du travail de la  \nsection 83-03-07 ou en cas d'absence ou d'emp\u00eachement de ce dernier par l'inspecteur du travail de la\nsection 83-03-08 ou en cas d'absence ou d'emp\u00eachement de ce dernier par l'inspecteur du travail de la  \nsection 83-03-09 ou en cas d'absence ou d'emp\u00eachement de ce dernier par l'inspecteur du travail de la  \nsection 83-01-01 ou en cas d'absence ou d'emp\u00eachement de ce dernier par l'inspecteur du travail de la\nsection 83-01-03 ou en cas d'absence ou d'emp\u00eachement de ce dernier par l'inspecteur du travail de la  \nsection 83-01-05 ou en cas d'absence ou d'emp\u00eachement de ce dernier par l'inspecteur du travail de la  \nsection 83-01-06 ou en cas d'absence ou d'emp\u00eachement de ce dernier par l'inspecteur du travail de la  \nsection 83-01-07 ou en cas d'absence ou d'emp\u00eachement de ce dernier par l'inspecteur du travail de la  \nsection 83-01-08 ou en cas d'absence ou d'emp\u00eachement de ce dernier par l'inspecteur du travail de la \n section 83-01-09 \n5Direction d\u00e9partementale de l'emploi, du travail et des solidarit\u00e9s du Var - 83-2025-01-28-00003 - Acte Administratif 41\n\uf0b7L'int\u00e9rim de l'inspecteur du travail de la section 83-02-04 est assur\u00e9 par l'inspecteur du travail de la\nsection 83-02-05 ou en cas d'absence ou d'emp\u00eachement de ce dernier par l'inspecteur du travail de la  \nsection 83-02-06 ou en cas d'absence ou d'emp\u00eachement de ce dernier par l'inspecteur du travail de la  \nsection 83-02-07 ou en cas d'absence ou d'emp\u00eachement de ce dernier par l'inspecteur du travail de la \nsection 83-02-08 ou en cas d'absence ou d'emp\u00eachement de ce dernier par l'inspecteur du travail de la  \nsection 83-02-01 ou en cas d'absence ou d'emp\u00eachement de ce dernier par l'inspecteur du travail de la  \nsection 83-02-02 ou en cas d'absence ou d'emp\u00eachement de ce dernier par l'inspecteur du travail de la  \nsection 83-03-01 ou en cas d'absence ou d'emp\u00eachement de ce dernier par l'inspecteur du travail de la  \nsection 83-03-02 ou en cas d'absence ou d'emp\u00eachement de ce dernier par l'inspecteur du travail de la  \nsection 83-03-04 ou en cas d'absence ou d'emp\u00eachement de ce dernier par l'inspecteur du travail de la  \nsection 83-03-05 ou en cas d'absence ou d'emp\u00eachement de ce dernier par l'inspecteur du travail de la\nsection 83-03-06 ou en cas d'absence ou d'emp\u00eachement de ce dernier par l'inspecteur du travail de la\n     section 83-03-07 ou en cas d'absence ou d'emp\u00eachement de ce dernier par l'inspecteur du travail de la\nsection 83-03-08 ou en cas d'absence ou d'emp\u00eachement de ce dernier par l'inspecteur du travail de la\nsection 83-03-09 ou en cas d'absence ou d'emp\u00eachement de ce dernier par l'inspecteur du travail de la\nsection 83-01-01 ou en cas d'absence ou d'emp\u00eachement de ce dernier par l'inspecteur du travail de la\nsection 83-01-03 ou en cas d'absence ou d'emp\u00eachement de ce dernier par l'inspecteur du travail de la\nsection 83-01-05 ou en cas d'absence ou d'emp\u00eachement de ce dernier par l'inspecteur du travail de la\nsection 83-01-06 ou en cas d'absence ou d'emp\u00eachement de ce dernier par l'inspecteur du travail de la\nsection 83-01-07 ou en cas d'absence ou d'emp\u00eachement de ce dernier par l'inspecteur du travail de la\nsection 83-01-08 ou en cas d'absence ou d'emp\u00eachement de ce dernier par l'inspecteur du travail de la\nsection 83-01-09 \n\uf0b7L'int\u00e9rim de l'inspecteur du travail de la section 83-02-05  est assur\u00e9 par l'inspecteur du travail de la\nsection 83-02-06 ou en cas d'absence ou d'emp\u00eachement de ce dernier par l'inspecteur du travail de la \n     section 83-02-07 ou en cas d'absence ou d'emp\u00eachement de ce dernier par l'inspecteur du travail de la\nsection 83-02-08 ou en cas d'absence ou d'emp\u00eachement de ce dernier par l'inspecteur du travail de la \nsection 83-02-01 ou en cas d'absence ou d'emp\u00eachement de ce dernier par l'inspecteur du travail de la \nsection 83-02-02 ou en cas d'absence ou d'emp\u00eachement de ce dernier par l'inspecteur du travail de la \nsection 83-02-04 ou en cas d'absence ou d'emp\u00eachement de ce dernier par l'inspecteur du travail de la  \nsection 83-03-01 ou en cas d'absence ou d'emp\u00eachement de ce dernier par l'inspecteur du travail de la  \nsection 83-03-02 ou en cas d'absence ou d'emp\u00eachement de ce dernier par l'inspecteur du travail de la  \nsection 83-03-04 ou en cas d'absence ou d'emp\u00eachement de ce dernier par l'inspecteur du travail de la  \nsection 83-03-05 ou en cas d'absence ou d'emp\u00eachement de ce dernier par l'inspecteur du travail de la\nsection 83-03-06 ou en cas d'absence ou d'emp\u00eachement de ce dernier par l'inspecteur du travail de la  \n     section 83-03-07 ou en cas d'absence ou d'emp\u00eachement de ce dernier par l'inspecteur du travail de la\nsection 83-03-08 ou en cas d'absence ou d'emp\u00eachement de ce dernier par l'inspecteur du travail de la  \nsection 83-03-09 ou en cas d'absence ou d'emp\u00eachement de ce dernier par l'inspecteur du travail de la  \nsection 83-01-01 ou en cas d'absence ou d'emp\u00eachement de ce dernier par l'inspecteur du travail de la\nsection 83-01-03 ou en cas d'absence ou d'emp\u00eachement de ce dernier par l'inspecteur du travail de la  \nsection 83-01-05 ou en cas d'absence ou d'emp\u00eachement de ce dernier par l'inspecteur du travail de la  \nsection 83-01-06 ou en cas d'absence ou d'emp\u00eachement de ce dernier par l'inspecteur du travail de la  \nsection 83-01-07 ou en cas d'absence ou d'emp\u00eachement de ce dernier par l'inspecteur du travail de la  \nsection 83-01-08 ou en cas d'absence ou d'emp\u00eachement de ce dernier par l'inspecteur du travail de la   \nsection 83-01-09 \n\uf0b7L'int\u00e9rim de l'inspecteur du travail de la section 83-02-06 est assur\u00e9 par l'inspecteur du travail de la\n section 83-02-07 ou en cas d'absence ou d'emp\u00eachement de ce dernier par l'inspecteur du travail de la\nsection 83-02-08 ou en cas d'absence ou d'emp\u00eachement de ce dernier par l'inspecteur du travail de la  \nsection 83-02-01 ou en cas d'absence ou d'emp\u00eachement de ce dernier par l'inspecteur du travail de la  \nsection 83-02-02 ou en cas d'absence ou d'emp\u00eachement de ce dernier par l'inspecteur du travail de la  \nsection 83-02-04 ou en cas d'absence ou d'emp\u00eachement de ce dernier par l'inspecteur du travail de la  \nsection 83-02-05 ou en cas d'absence ou d'emp\u00eachement de ce dernier par l'inspecteur du travail de la  \nsection 83-03-01 ou en cas d'absence ou d'emp\u00eachement de ce dernier par l'inspecteur du travail de la  \nsection 83-03-02 ou en cas d'absence ou d'emp\u00eachement de ce dernier par l'inspecteur du travail de la  \nsection 83-03-04 ou en cas d'absence ou d'emp\u00eachement de ce dernier par l'inspecteur du travail de la  \nsection 83-03-05 ou en cas d'absence ou d'emp\u00eachement de ce dernier par l'inspecteur du travail de la\nsection 83-03-06 ou en cas d'absence ou d'emp\u00eachement de ce dernier par l'inspecteur du travail de la  \n     section 83-03-07 ou en cas d'absence ou d'emp\u00eachement de ce dernier par l'inspecteur du travail de la\nsection 83-03-08 ou en cas d'absence ou d'emp\u00eachement de ce dernier par l'inspecteur du travail de la  \nsection 83-03-09 ou en cas d'absence ou d'emp\u00eachement de ce dernier par l'inspecteur du travail de la  \nsection 83-01-01 ou en cas d'absence ou d'emp\u00eachement de ce dernier par l'inspecteur du travail de la\n6Direction d\u00e9partementale de l'emploi, du travail et des solidarit\u00e9s du Var - 83-2025-01-28-00003 - Acte Administratif 42\nsection 83-01-03 ou en cas d'absence ou d'emp\u00eachement de ce dernier par l'inspecteur du travail de la  \nsection 83-01-05 ou en cas d'absence ou d'emp\u00eachement de ce dernier par l'inspecteur du travail de la  \nsection 83-01-06 ou en cas d'absence ou d'emp\u00eachement de ce dernier par l'inspecteur du travail de la  \nsection 83-01-07 ou en cas d'absence ou d'emp\u00eachement de ce dernier par l'inspecteur du travail de la  \nsection 83-01-08 ou en cas d'absence ou d'emp\u00eachement de ce dernier par l'inspecteur du travail de la   \nsection 83-01-09 \n\uf0b7L'int\u00e9rim de l'inspecteur du travail de la section 83-02-07 est assur\u00e9 par l'inspecteur du travail de la\n section 83-02-08 ou en cas d'absence ou d'emp\u00eachement de ce dernier par l'inspecteur du travail de la  \nsection 83-02-01 ou en cas d'absence ou d'emp\u00eachement de ce dernier par l'inspecteur du travail de la  \nsection 83-02-02 ou en cas d'absence ou d'emp\u00eachement de ce dernier par l'inspecteur du travail de la  \nsection 83-02-04 ou en cas d'absence ou d'emp\u00eachement de ce dernier par l'inspecteur du travail de la  \nsection 83-02-05 ou en cas d'absence ou d'emp\u00eachement de ce dernier par l'inspecteur du travail de la  \nsection 83-02-06 ou en cas d'absence ou d'emp\u00eachement de ce dernier par l'inspecteur du travail de la\nsection 83-03-01 ou en cas d'absence ou d'emp\u00eachement de ce dernier par l'inspecteur du travail de la  \nsection 83-03-02 ou en cas d'absence ou d'emp\u00eachement de ce dernier par l'inspecteur du travail de la  \nsection 83-03-04 ou en cas d'absence ou d'emp\u00eachement de ce dernier par l'inspecteur du travail de la  \nsection 83-03-05 ou en cas d'absence ou d'emp\u00eachement de ce dernier par l'inspecteur du travail de la\nsection 83-03-06 ou en cas d'absence ou d'emp\u00eachement de ce dernier par l'inspecteur du travail de la  \n     section 83-03-07 ou en cas d'absence ou d'emp\u00eachement de ce dernier par l'inspecteur du travail de la\nsection 83-03-08 ou en cas d'absence ou d'emp\u00eachement de ce dernier par l'inspecteur du travail de la  \nsection 83-03-09 ou en cas d'absence ou d'emp\u00eachement de ce dernier par l'inspecteur du travail de la  \nsection 83-01-01 ou en cas d'absence ou d'emp\u00eachement de ce dernier par l'inspecteur du travail de la\nsection 83-01-03 ou en cas d'absence ou d'emp\u00eachement de ce dernier par l'inspecteur du travail de la  \nsection 83-01-05 ou en cas d'absence ou d'emp\u00eachement de ce dernier par l'inspecteur du travail de la  \nsection 83-01-06 ou en cas d'absence ou d'emp\u00eachement de ce dernier par l'inspecteur du travail de la  \nsection 83-01-07 ou en cas d'absence ou d'emp\u00eachement de ce dernier par l'inspecteur du travail de la  \nsection 83-01-08 ou en cas d'absence ou d'emp\u00eachement de ce dernier par l'inspecteur du travail de la   \nsection 83-01-09 \n\uf0b7L'int\u00e9rim de l'inspecteur du travail de la section 83-02-08 est assur\u00e9 par l'inspecteur du travail de la\nsection 83-02-01 ou en cas d'absence ou d'emp\u00eachement de ce dernier par l'inspecteur du travail de la  \nsection 83-02-02 ou en cas d'absence ou d'emp\u00eachement de ce dernier par l'inspecteur du travail de la  \nsection 83-02-04 ou en cas d'absence ou d'emp\u00eachement de ce dernier par l'inspecteur du travail de la  \nsection 83-02-05 ou en cas d'absence ou d'emp\u00eachement de ce dernier par l'inspecteur du travail de la  \nsection 83-02-06 ou en cas d'absence ou d'emp\u00eachement de ce dernier par l'inspecteur du travail de la  \n section 83-02-07 ou en cas d'absence ou d'emp\u00eachement de ce dernier par l'inspecteur du travail de la\nsection 83-03-01 ou en cas d'absence ou d'emp\u00eachement de ce dernier par l'inspecteur du travail de la  \nsection 83-03-02 ou en cas d'absence ou d'emp\u00eachement de ce dernier par l'inspecteur du travail de la  \nsection 83-03-04 ou en cas d'absence ou d'emp\u00eachement de ce dernier par l'inspecteur du travail de la  \nsection 83-03-05 ou en cas d'absence ou d'emp\u00eachement de ce dernier par l'inspecteur du travail de la\nsection 83-03-06 ou en cas d'absence ou d'emp\u00eachement de ce dernier par l'inspecteur du travail de la  \nsection 83-03-07 ou en cas d'absence ou d'emp\u00eachement de ce dernier par l'inspecteur du travail de la\nsection 83-03-08 ou en cas d'absence ou d'emp\u00eachement de ce dernier par l'inspecteur du travail de la  \nsection 83-03-09 ou en cas d'absence ou d'emp\u00eachement de ce dernier par l'inspecteur du travail de la  \nsection 83-01-01 ou en cas d'absence ou d'emp\u00eachement de ce dernier par l'inspecteur du travail de la\nsection 83-01-03 ou en cas d'absence ou d'emp\u00eachement de ce dernier par l'inspecteur du travail de la  \nsection 83-01-05 ou en cas d'absence ou d'emp\u00eachement de ce dernier par l'inspecteur du travail de la  \nsection 83-01-06 ou en cas d'absence ou d'emp\u00eachement de ce dernier par l'inspecteur du travail de la  \nsection 83-01-07 ou en cas d'absence ou d'emp\u00eachement de ce dernier par l'inspecteur du travail de la  \nsection 83-01-08 ou en cas d'absence ou d'emp\u00eachement de ce dernier par l'inspecteur du travail de la   \nsection 83-01-09 \nAu sein de l'unit\u00e9 de contr\u00f4le \"UC3 - Var Est\" :\n\uf0b7L'int\u00e9rim du responsable de l'unit\u00e9 de contr\u00f4le est assur\u00e9 par l'un des responsables des unit\u00e9s de \ncontr\u00f4le \"UC1 - Var Ouest\" ou \"UC2 - Var Centre\"\n\uf0b7L'int\u00e9rim de l'inspecteur du travail de la section 83-03-01 est assur\u00e9 par l'inspecteur du travail de la  \nsection 83-03-02 ou en cas d'absence ou d'emp\u00eachement de ce dernier par l'inspecteur du travail de la  \nsection 83-03-04 ou en cas d'absence ou d'emp\u00eachement de ce dernier par l'inspecteur du travail de la  \nsection 83-03-05 ou en cas d'absence ou d'emp\u00eachement de ce dernier par l'inspecteur du travail de la\n7Direction d\u00e9partementale de l'emploi, du travail et des solidarit\u00e9s du Var - 83-2025-01-28-00003 - Acte Administratif 43\nsection 83-03-06 ou en cas d'absence ou d'emp\u00eachement de ce dernier par l'inspecteur du travail de la  \nsection 83-03-07 ou en cas d'absence ou d'emp\u00eachement de ce dernier par l'inspecteur du travail de la\nsection 83-03-08 ou en cas d'absence ou d'emp\u00eachement de ce dernier par l'inspecteur du travail de la  \nsection 83-03-09 ou en cas d'absence ou d'emp\u00eachement de ce dernier par l'inspecteur du travail de la  \nsection 83-01-01 ou en cas d'absence ou d'emp\u00eachement de ce dernier par l'inspecteur du travail de la\nsection 83-01-03 ou en cas d'absence ou d'emp\u00eachement de ce dernier par l'inspecteur du travail de la  \nsection 83-01-05 ou en cas d'absence ou d'emp\u00eachement de ce dernier par l'inspecteur du travail de la  \nsection 83-01-06 ou en cas d'absence ou d'emp\u00eachement de ce dernier par l'inspecteur du travail de la  \nsection 83-01-07 ou en cas d'absence ou d'emp\u00eachement de ce dernier par l'inspecteur du travail de la  \nsection 83-01-08 ou en cas d'absence ou d'emp\u00eachement de ce dernier par l'inspecteur du travail de la  \nsection 83-01-09 ou en cas d'absence ou d'emp\u00eachement de ce dernier par l'inspecteur du travail de la \nsection 83-02-01 ou en cas d'absence ou d'emp\u00eachement de ce dernier par l'inspecteur du travail de la  \nsection 83-02-02 ou en cas d'absence ou d'emp\u00eachement de ce dernier par l'inspecteur du travail de la  \nsection 83-02-04 ou en cas d'absence ou d'emp\u00eachement de ce dernier par l'inspecteur du travail de la  \nsection 83-02-05 ou en cas d'absence ou d'emp\u00eachement de ce dernier par l'inspecteur du travail de la  \nsection 83-02-06 ou en cas d'absence ou d'emp\u00eachement de ce dernier par l'inspecteur du travail de la  \n section 83-02-07 ou en cas d'absence ou d'emp\u00eachement de ce dernier par l'inspecteur du travail de la\nsection 83-02-08\n\uf0b7L'int\u00e9rim de l'inspecteur du travail de la section 83-03-02 est assur\u00e9 par l'inspecteur du travail de la\nsection 83-03-04 ou en cas d'absence ou d'emp\u00eachement de ce dernier par l'inspecteur du travail de la  \nsection 83-03-05 ou en cas d'absence ou d'emp\u00eachement de ce dernier par l'inspecteur du travail de la\nsection 83-03-06 ou en cas d'absence ou d'emp\u00eachement de ce dernier par l'inspecteur du travail de la  \nsection 83-03-07 ou en cas d'absence ou d'emp\u00eachement de ce dernier par l'inspecteur du travail de la\nsection 83-03-08 ou en cas d'absence ou d'emp\u00eachement de ce dernier par l'inspecteur du travail de la  \nsection 83-03-09 ou en cas d'absence ou d'emp\u00eachement de ce dernier par l'inspecteur du travail de la  \nsection 83-03-01 ou en cas d'absence ou d'emp\u00eachement de ce dernier par l'inspecteur du travail de la  \nsection 83-01-01 ou en cas d'absence ou d'emp\u00eachement de ce dernier par l'inspecteur du travail de la\nsection 83-01-03 ou en cas d'absence ou d'emp\u00eachement de ce dernier par l'inspecteur du travail de la  \nsection 83-01-05 ou en cas d'absence ou d'emp\u00eachement de ce dernier par l'inspecteur du travail de la  \nsection 83-01-06 ou en cas d'absence ou d'emp\u00eachement de ce dernier par l'inspecteur du travail de la  \nsection 83-01-07 ou en cas d'absence ou d'emp\u00eachement de ce dernier par l'inspecteur du travail de la  \nsection 83-01-08 ou en cas d'absence ou d'emp\u00eachement de ce dernier par l'inspecteur du travail de la  \nsection 83-01-09 ou en cas d'absence ou d'emp\u00eachement de ce dernier par l'inspecteur du travail de la \nsection 83-02-01 ou en cas d'absence ou d'emp\u00eachement de ce dernier par l'inspecteur du travail de la  \nsection 83-02-02 ou en cas d'absence ou d'emp\u00eachement de ce dernier par l'inspecteur du travail de la  \nsection 83-02-04 ou en cas d'absence ou d'emp\u00eachement de ce dernier par l'inspecteur du travail de la  \nsection 83-02-05 ou en cas d'absence ou d'emp\u00eachement de ce dernier par l'inspecteur du travail de la  \nsection 83-02-06 ou en cas d'absence ou d'emp\u00eachement de ce dernier par l'inspecteur du travail de la  \nsection 83-02-07 ou en cas d'absence ou d'emp\u00eachement de ce dernier par l'inspecteur du travail de la\nsection 83-02-08 \n\uf0b7L'int\u00e9rim de l'inspecteur du travail de la section 83-03-04 est assur\u00e9 par l'inspecteur du travail de la\nsection 83-03-05 ou en cas d'absence ou d'emp\u00eachement de ce dernier par l'inspecteur du travail de la\nsection 83-03-06 ou en cas d'absence ou d'emp\u00eachement de ce dernier par l'inspecteur du travail de la\nsection 83-03-07 ou en cas d'absence ou d'emp\u00eachement de ce dernier par l'inspecteur du travail de la\nsection 83-03-08 ou en cas d'absence ou d'emp\u00eachement de ce dernier par l'inspecteur du travail de la\nsection 83-03-09 ou en cas d'absence ou d'emp\u00eachement de ce dernier par l'inspecteur du travail de la\nsection 83-03-01 ou en cas d'absence ou d'emp\u00eachement de ce dernier par l'inspecteur du travail de la\nsection 83-03-02 ou en cas d'absence ou d'emp\u00eachement de ce dernier par l'inspecteur du travail de la\nsection 83-01-01 ou en cas d'absence ou d'emp\u00eachement de ce dernier par l'inspecteur du travail de la\nsection 83-01-03 ou en cas d'absence ou d'emp\u00eachement de ce dernier par l'inspecteur du travail de la\nsection 83-01-05 ou en cas d'absence ou d'emp\u00eachement de ce dernier par l'inspecteur du travail de la\nsection 83-01-06 ou en cas d'absence ou d'emp\u00eachement de ce dernier par l'inspecteur du travail de la\nsection 83-01-07 ou en cas d'absence ou d'emp\u00eachement de ce dernier par l'inspecteur du travail de la\nsection 83-01-08 ou en cas d'absence ou d'emp\u00eachement de ce dernier par l'inspecteur du travail de la  \nsection 83-01-09 ou en cas d'absence ou d'emp\u00eachement de ce dernier par l'inspecteur du travail de la \nsection 83-02-01 ou en cas d'absence ou d'emp\u00eachement de ce dernier par l'inspecteur du travail de la\nsection 83-02-02 ou en cas d'absence ou d'emp\u00eachement de ce dernier par l'inspecteur du travail de la\nsection 83-02-04 ou en cas d'absence ou d'emp\u00eachement de ce dernier par l'inspecteur du travail de la\nsection 83-02-05 ou en cas d'absence ou d'emp\u00eachement de ce dernier par l'inspecteur du travail de la\nsection 83-02-06 ou en cas d'absence ou d'emp\u00eachement de ce dernier par l'inspecteur du travail de la\nsection 83-02-07 ou en cas d'absence ou d'emp\u00eachement de ce dernier par l'inspecteur du travail de la\nsection 83-02-08\n8Direction d\u00e9partementale de l'emploi, du travail et des solidarit\u00e9s du Var - 83-2025-01-28-00003 - Acte Administratif 44\n\uf0b7L'int\u00e9rim de l'inspecteur du travail de la section 83-03-05 est assur\u00e9 par l'inspecteur du travail de la  \nsection 83-03-06 ou en cas d'absence ou d'emp\u00eachement de ce dernier par l'inspecteur du travail de la  \nsection 83-03-07 ou en cas d'absence ou d'emp\u00eachement de ce dernier par l'inspecteur du travail de la\nsection 83-03-08 ou en cas d'absence ou d'emp\u00eachement de ce dernier par l'inspecteur du travail de la  \nsection 83-03-09 ou en cas d'absence ou d'emp\u00eachement de ce dernier par l'inspecteur du travail de la  \nsection 83-03-01 ou en cas d'absence ou d'emp\u00eachement de ce dernier par l'inspecteur du travail de la  \nsection 83-03-02 ou en cas d'absence ou d'emp\u00eachement de ce dernier par l'inspecteur du travail de la  \nsection 83-03-04 ou en cas d'absence ou d'emp\u00eachement de ce dernier par l'inspecteur du travail de la  \nsection 83-01-01 ou en cas d'absence ou d'emp\u00eachement de ce dernier par l'inspecteur du travail de la\n          section 83-01-03 ou en cas d'absence ou d'emp\u00eachement de ce dernier par l'inspecteur du travail de la  \nsection 83-01-05 ou en cas d'absence ou d'emp\u00eachement de ce dernier par l'inspecteur du travail de la  \nsection 83-01-06 ou en cas d'absence ou d'emp\u00eachement de ce dernier par l'inspecteur du travail de la  \nsection 83-01-07 ou en cas d'absence ou d'emp\u00eachement de ce dernier par l'inspecteur du travail de la  \nsection 83-01-08 ou en cas d'absence ou d'emp\u00eachement de ce dernier par l'inspecteur du travail de la  \nsection 83-01-09 ou en cas d'absence ou d'emp\u00eachement de ce dernier par l'inspecteur du travail de la \nsection 83-02-01 ou en cas d'absence ou d'emp\u00eachement de ce dernier par l'inspecteur du travail de la  \nsection 83-02-02 ou en cas d'absence ou d'emp\u00eachement de ce dernier par l'inspecteur du travail de la  \nsection 83-02-04 ou en cas d'absence ou d'emp\u00eachement de ce dernier par l'inspecteur du travail de la  \nsection 83-02-05 ou en cas d'absence ou d'emp\u00eachement de ce dernier par l'inspecteur du travail de la  \nsection 83-02-06 ou en cas d'absence ou d'emp\u00eachement de ce dernier par l'inspecteur du travail de la  \nsection 83-02-07 ou en cas d'absence ou d'emp\u00eachement de ce dernier par l'inspecteur du travail de la\nsection 83-02-08 \n\uf0b7L'int\u00e9rim de l'inspecteur du travail de la section 83-03-06 est assur\u00e9 par l'inspecteur du travail de la\nsection 83-03-07 ou en cas d'absence ou d'emp\u00eachement de ce dernier par l'inspecteur du travail de la \nsection 83-03-08 ou en cas d'absence ou d'emp\u00eachement de ce dernier par l'inspecteur du travail de la  \nsection 83-03-09 ou en cas d'absence ou d'emp\u00eachement de ce dernier par l'inspecteur du travail de la  \nsection 83-03-01 ou en cas d'absence ou d'emp\u00eachement de  ce dernier par l'inspecteur du travail de la \nsection 83-03-02 ou en cas d'absence ou d'emp\u00eachement de ce dernier par l'inspecteur du travail de la  \nsection 83-03-04 ou en cas d'absence ou d'emp\u00eachement de ce dernier par l'inspecteur du travail de la \nsection 83-03-05 ou en cas d'absence ou d'emp\u00eachement de ce dernier par l'inspecteur du travail de la\nsection 83-01-01 ou en cas d'absence ou d'emp\u00eachement de ce dernier par l'inspecteur du travail de la\nsection 83-01-03 ou en cas d'absence ou d'emp\u00eachement de ce dernier par l'inspecteur du travail de la  \nsection 83-01-05 ou en cas d'absence ou d'emp\u00eachement de ce dernier par l'inspecteur du travail de la  \nsection 83-01-06 ou en cas d'absence ou d'emp\u00eachement de ce dernier par l'inspecteur du travail de la  \nsection 83-01-07 ou en cas d'absence ou d'emp\u00eachement de ce dernier par l'inspecteur du travail de la  \nsection 83-01-08 ou en cas d'absence ou d'emp\u00eachement de ce dernier par l'inspecteur du travail de la  \nsection 83-01-09 ou en cas d'absence ou d'emp\u00eachement de ce dernier par l'inspecteur du travail de la \nsection 83-02-01 ou en cas d'absence ou d'emp\u00eachement de ce dernier par l'inspecteur du travail de la  \nsection 83-02-02 ou en cas d'absence ou d'emp\u00eachement de ce dernier par l'inspecteur du travail de la  \nsection 83-02-04 ou en cas d'absence ou d'emp\u00eachement de ce dernier par l'inspecteur du travail de la  \nsection 83-02-05 ou en cas d'absence ou d'emp\u00eachement de ce dernier par l'inspecteur du travail de la  \nsection 83-02-06 ou en cas d'absence ou d'emp\u00eachement de ce dernier par l'inspecteur du travail de la  \nsection 83-02-07 ou en cas d'absence ou d'emp\u00eachement de ce dernier par l'inspecteur du travail de la\nsection 83-02-08\n\uf0b7L'int\u00e9rim de l'inspecteur du travail de la section 83-03-07 est assur\u00e9 par l'inspecteur du travail de la\nsection 83-03-08 ou en cas d'absence ou d'emp\u00eachement de ce dernier par l'inspecteur du travail de la  \nsection 83-03-09 ou en cas d'absence ou d'emp\u00eachement de ce dernier par l'inspecteur du travail de la  \nsection 83-03-01 ou en cas d'absence ou d'emp\u00eachement de  ce dernier par l'inspecteur du travail de la \nsection 83-03-02 ou en cas d'absence ou d'emp\u00eachement de ce dernier par l'inspecteur du travail de la  \nsection 83-03-04 ou en cas d'absence ou d'emp\u00eachement de ce dernier par l'inspecteur du travail de la \nsection 83-03-05 ou en cas d'absence ou d'emp\u00eachement de ce dernier par l'inspecteur du travail de la \nsection 83-03-06 ou en cas d'absence ou d'emp\u00eachement de ce dernier par l'inspecteur du travail de la\nsection 83-01-01 ou en cas d'absence ou d'emp\u00eachement de ce dernier par l'inspecteur du travail de la\nsection 83-01-03 ou en cas d'absence ou d'emp\u00eachement de ce dernier par l'inspecteur du travail de la  \nsection 83-01-05 ou en cas d'absence ou d'emp\u00eachement de ce dernier par l'inspecteur du travail de la  \nsection 83-01-06 ou en cas d'absence ou d'emp\u00eachement de ce dernier par l'inspecteur du travail de la  \nsection 83-01-07 ou en cas d'absence ou d'emp\u00eachement de ce dernier par l'inspecteur du travail de la  \nsection 83-01-08 ou en cas d'absence ou d'emp\u00eachement de ce dernier par l'inspecteur du travail de la  \n9Direction d\u00e9partementale de l'emploi, du travail et des solidarit\u00e9s du Var - 83-2025-01-28-00003 - Acte Administratif 45\nsection 83-01-09 ou en cas d'absence ou d'emp\u00eachement de ce dernier par l'inspecteur du travail de la \nsection 83-02-01 ou en cas d'absence ou d'emp\u00eachement de ce dernier par l'inspecteur du travail de la  \nsection 83-02-02 ou en cas d'absence ou d'emp\u00eachement de ce dernier par l'inspecteur du travail de la  \nsection 83-02-04 ou en cas d'absence ou d'emp\u00eachement de ce dernier par l'inspecteur du travail de la  \nsection 83-02-05 ou en cas d'absence ou d'emp\u00eachement de ce dernier par l'inspecteur du travail de la  \nsection 83-02-06 ou en cas d'absence ou d'emp\u00eachement de ce dernier par l'inspecteur du travail de la  \nsection 83-02-07 ou en cas d'absence ou d'emp\u00eachement de ce dernier par l'inspecteur du travail de la\nsection 83-02-08\n\uf0b7L'int\u00e9rim de l'inspecteur du travail de la section 83-03-08 est assur\u00e9 par l'inspecteur du travail de la\nsection 83-03-09 ou en cas d'absence ou d'emp\u00eachement de ce dernier par l'inspecteur du travail de la  \nsection 83-03-01 ou en cas d'absence ou d'emp\u00eachement de ce dernier par l'inspecteur du travail de la  \nsection 83-03-02 ou en cas d'absence ou d'emp\u00eachement de ce dernier par l'inspecteur du travail de la  \nsection 83-03-04 ou en cas d'absence ou d'emp\u00eachement de ce dernier par l'inspecteur du travail de la  \nsection 83-03-05 ou en cas d'absence ou d'emp\u00eachement de ce dernier par l'inspecteur du travail de la\nsection 83-03-06 ou en cas d'absence ou d'emp\u00eachement de ce dernier par l'inspecteur du travail de la  \nsection 83-03-07 ou en cas d'absence ou d'emp\u00eachement de ce dernier par l'inspecteur du travail de la\nsection 83-01-01 ou en cas d'absence ou d'emp\u00eachement de ce dernier par l'inspecteur du travail de la\nsection 83-01-03 ou en cas d'absence ou d'emp\u00eachement de ce dernier par l'inspecteur du travail de la  \nsection 83-01-05 ou en cas d'absence ou d'emp\u00eachement de ce dernier par l'inspecteur du travail de la  \nsection 83-01-06 ou en cas d'absence ou d'emp\u00eachement de ce dernier par l'inspecteur du travail de la  \nsection 83-01-07 ou en cas d'absence ou d'emp\u00eachement de ce dernier par l'inspecteur du travail de la  \nsection 83-01-08 ou en cas d'absence ou d'emp\u00eachement de ce dernier par l'inspecteur du travail de la  \nsection 83-01-09 ou en cas d'absence ou d'emp\u00eachement de ce dernier par l'inspecteur du travail de la \nsection 83-02-01 ou en cas d'absence ou d'emp\u00eachement de ce dernier par l'inspecteur du travail de la  \nsection 83-02-02 ou en cas d'absence ou d'emp\u00eachement de ce dernier par l'inspecteur du travail de la  \nsection 83-02-04 ou en cas d'absence ou d'emp\u00eachement de ce dernier par l'inspecteur du travail de la  \nsection 83-02-05 ou en cas d'absence ou d'emp\u00eachement de ce dernier par l'inspecteur du travail de la  \nsection 83-02-06 ou en cas d'absence ou d'emp\u00eachement de ce dernier par l'inspecteur du travail de la  \nsection 83-02-07 ou en cas d'absence ou d'emp\u00eachement de ce dernier par l'inspecteur du travail de la\nsection 83-02-08\n\uf0b7L'int\u00e9rim de l'inspecteur du travail de la section 83-03-09 est assur\u00e9 par l'inspecteur du travail de la\nsection 83-03-01 ou en cas d'absence ou d'emp\u00eachement de ce dernier par l'inspecteur du travail de la  \nsection 83-03-02 ou en cas d'absence ou d'emp\u00eachement de ce dernier par l'inspecteur du travail de la  \nsection 83-03-04 ou en cas d'absence ou d'emp\u00eachement de ce dernier par l'inspecteur du travail de la  \nsection 83-03-05 ou en cas d'absence ou d'emp\u00eachement de ce dernier par l'inspecteur du travail de la\nsection 83-03-06 ou en cas d'absence ou d'emp\u00eachement de ce dernier par l'inspecteur du travail de la  \n      section 83-03-07 ou en cas d'absence ou d'emp\u00eachement de ce dernier par l'inspecteur du travail de la\nsection 83-03-08 ou en cas d'absence ou d'emp\u00eachement de ce dernier par l'inspecteur du travail de la  \nsection 83-01-01 ou en cas d'absence ou d'emp\u00eachement de ce dernier par l'inspecteur du travail de la\nsection 83-01-03 ou en cas d'absence ou d'emp\u00eachement de ce dernier par l'inspecteur du travail de la  \nsection 83-01-05 ou en cas d'absence ou d'emp\u00eachement de ce dernier par l'inspecteur du travail de la  \nsection 83-01-06 ou en cas d'absence ou d'emp\u00eachement de ce dernier par l'inspecteur du travail de la  \nsection 83-01-07 ou en cas d'absence ou d'emp\u00eachement de ce dernier par l'inspecteur du travail de la  \nsection 83-01-08 ou en cas d'absence ou d'emp\u00eachement de ce dernier par l'inspecteur du travail de la  \nsection 83-01-09 ou en cas d'absence ou d'emp\u00eachement de ce dernier par l'inspecteur du travail de la \nsection 83-02-01 ou en cas d'absence ou d'emp\u00eachement de ce dernier par l'inspecteur du travail de la  \nsection 83-02-02 ou en cas d'absence ou d'emp\u00eachement de ce dernier par l'inspecteur du travail de la  \nsection 83-02-04 ou en cas d'absence ou d'emp\u00eachement de ce dernier par l'inspecteur du travail de la  \nsection 83-02-05 ou en cas d'absence ou d'emp\u00eachement de ce dernier par l'inspecteur du travail de la  \nsection 83-02-06 ou en cas d'absence ou d'emp\u00eachement de ce dernier par l'inspecteur du travail de la  \nsection 83-02-07 ou en cas d'absence ou d'emp\u00eachement de ce dernier par l'inspecteur du travail de la\nsection 83-02-08\nArticle 4: Les agents du corps de l'inspection du travail  sont charg\u00e9s de l'int\u00e9rim des postes soit non pourvus,  \nsoit  vacants en raison de l'absence de  longue dur\u00e9e de  leur titulaire, tel  que d\u00e9fini dans  le  tableau des  \naffectations, d'int\u00e9rims et de suppl\u00e9ances des sections, r\u00e9f\u00e9renc\u00e9s dans la colonne B de l'annexe en vigueur.\nArticle 5 :  Conform\u00e9ment aux dispositions de l'article R.8122-11-1\u00b0 du code du travail, les pouvoirs de  \nd\u00e9cision administrative  relevant  de  la  comp\u00e9tence  exclusive  d'un inspecteur  du  travail  sont  confi\u00e9s  aux  \ninspecteurs du travail mentionn\u00e9s tel que d\u00e9fini dans le tableau des affectations, d'int\u00e9rims et de suppl\u00e9ances \ndes sections, r\u00e9f\u00e9renc\u00e9s dans la colonne C de l'annexe en vigueur.\n10Direction d\u00e9partementale de l'emploi, du travail et des solidarit\u00e9s du Var - 83-2025-01-28-00003 - Acte Administratif 46\nArticle 6 : Conform\u00e9ment aux dispositions de l'article R.8122-11-2\u00b0 du code du travail, le contr\u00f4le de tout ou  partie \ndes \u00e9tablissements d'au moins cinquante salari\u00e9s qui ne serait pas assur\u00e9 par les contr\u00f4leurs du travail est  confi\u00e9 aux \ninspecteurs du travail tel que d\u00e9fini dans le tableau des affectations, d'int\u00e9rims et de suppl\u00e9ances des  sections, \nr\u00e9f\u00e9renc\u00e9s dans la colonne D de l'annexe en vigueur.\nArticle 7 : La pr\u00e9sente d\u00e9cision abroge et remplace, \u00e0 compter de sa date de publication au recueil des Actes \nAdministratifs, toutes les d\u00e9cisions prises pr\u00e9c\u00e9demment dans ce domaine. \nArticle 8 : Le Directeur r\u00e9gional de l'\u00e9conomie, de l'emploi, du travail et des solidarit\u00e9s de la r\u00e9gion Provence  \nAlpes C\u00f4te d'Azur et le directeur d\u00e9partemental de l'emploi, du travail et des solidarit\u00e9s du Var sont charg\u00e9s de  \nl'application de la pr\u00e9sente d\u00e9cision qui sera publi\u00e9e au recueil des actes administratifs de la pr\u00e9fecture du Var.\nAnnexe : Tableau affectations int\u00e9rims suppl\u00e9ances des sections d'inspection du travail du Var.\nFait \u00e0 MARSEILLE, le 28/01/2025\nLe directeur r\u00e9gional de l'\u00e9conomie, de l'emploi, du travail  et \ndes solidarit\u00e9s de la r\u00e9gion Provence-Alpes-C\u00f4te  d'Azur\nSign\u00e9\n         S\u00e9bastien DEBEAUMONT\n11Direction d\u00e9partementale de l'emploi, du travail et des solidarit\u00e9s du Var - 83-2025-01-28-00003 - Acte Administratif 47\nAnnexe\nTableau des affectations des agents de contr\u00f4les dans les Unit\u00e9s de\nContr\u00f4le des services d'inspection du travail de la DDETS du Var\nGestion des int\u00e9rims et des suppl\u00e9ances\nSuppl\u00e9ance des sections CT par des IT\nColonne A Colonne B Colonne CColonne D\nUC 1\nVarOuestSectionNOM Pr\u00e9nomGradeUC/Section Int\u00e9rim > 1 moisD\u00e9cisions administrativesEts de+ de 50 salari\u00e9s\nRUCGRIMA Virginie\n83-01-01RAMI Sonia IT\n83-01-02Section vacante FILIPPI Tom\n83-01-03KABACHE RiadIT\n83-01-04Section vacante SAVELLI David\n83-01-05JORDA LaurieIT\n83-01-06TORRENTE GillesIT\n83-01-07MUTEL SylvieIT\n83-01-08PLANTEGENEST CatherineIT\n83-01-09BOURELLY FlorenceIT\nUC 2\nVar\nCentreSectionNOM Pr\u00e9nomGradeUC/Section \nInt\u00e9rim > 1 \nmoisD\u00e9cisions \nadministrativesEts de\n+ de 50 salari\u00e9s\nRUCSAUVIAT B\u00e9atrice\n83-02-01FILIPPI TomIT\n83-02-02SOULE RoselyneITMARTIN Fr\u00e9d\u00e9ric\n83-02-03Section vacante ITFARGIER Sandie\n83-02-04MAUCOURT MalikaIT\n83-02-05DE FARIA VivienIT\n83-02-06MOREL J\u00e9r\u00e9myIT\n83-02-07  TENDIL Nathalie    IT\n83-02-08   MARTIN Fr\u00e9d\u00e9ric IT\nUC 3\nVarEstSectionNOM Pr\u00e9nomGradeUC/Section Int\u00e9rim > 1 moisD\u00e9cisions administrativesEts de+ de 50 salari\u00e9s\nRUCAMIC J\u00e9r\u00e9my\n83-03-01DAADOUN Yves-LaurentIT\n83-03-02FRANCOIS AsmaaIT\n83-03-03Section vacante  POSTEL Julien\n83-03-04DARCISSAC FabianIT\n83-03-05FARGIER Sandie     IT\n83-03-06DEMELLIER IsabelleIT\n83-03-07POSTEL Julien IT\n83-03-08BESSET GuillaumeIT\n83-03-09SAVELLI DavidIT\n12Direction d\u00e9partementale de l'emploi, du travail et des solidarit\u00e9s du Var - 83-2025-01-28-00003 - Acte Administratif 48\nDirection des services d\u00e9partementaux de\nl'\u00e9ducation nationale du Var\n83-2025-01-14-00006\nAVENANT MODIFIANT L'ARR\u00caT\u00c9 DU 25 MARS\n2024 portant d\u00e9signation des membres de la\ncommission administrative d\u00e9partementale\ncomp\u00e9tente \u00e0 l'\u00e9gard des corps des instituteurs\net des professeurs des \u00e9coles du Var.\nDirection des services d\u00e9partementaux de l'\u00e9ducation nationale du Var - 83-2025-01-14-00006 - AVENANT MODIFIANT L'ARR\u00caT\u00c9 DU\n25 MARS 2024 portant d\u00e9signation des membres de la commission administrative d\u00e9partementale comp\u00e9tente \u00e0 l'\u00e9gard des corps\ndes instituteurs et des professeurs des \u00e9coles du Var.49\nACADEMIE\nDE NICE\nLibert\u00e9\nEgalit\u00e9\nFraternit\u00e9\n  \n \n Direction des Services D\u00e9partementau x  \n                                                      de l'Education Nationale du Var  \n \n \n \n \n \nLA RECTRICE DE L'ACADEMIE DE NICE  \n \n \nAvenant modifiant l'arr\u00eat\u00e9 du 2 5 mars 202 4 portant d\u00e9signation des membres de la commission \nadministrative paritaire d\u00e9partementale comp\u00e9tente \u00e0 l'\u00e9gard des corps des instituteurs et de s \nprofesseurs des \u00e9coles du Var.  \n \nVU le code g\u00e9n\u00e9ral de la fonction publique  ; \nVU le d\u00e9cret n\u00b0 61-1012 du 7 s eptembre 1961 d\u00e9finissant le statut particulier des instituteurs en ce qui concerne \nles conditions d'accompagnement et d'avancement d'\u00e9chelon  et de changement de fonctions  ; \nVU le d\u00e9cret n\u00b0 82-451 du 28 mai 1982 relatif aux commissions administratives pari taires ;  \nVU le d\u00e9cret n \u00b0 90-680 du 1 er ao\u00fbt 1990 relatif au statut particulier des professeurs des \u00e9coles ;  \nVU le d\u00e9cret n \u00b0 90-770 du 31 ao\u00fbt 1990 relatif aux commissions administratives paritaires uniques communes aux \ncorps des instituteurs et des professeurs des \u00e9coles ;  \nVU le d\u00e9cret n \u00b094-874 du 7 octobre 1994 fixant les dispositions communes applicables aux stagiaires de l'Etat et \nde ses \u00e9tablissements publics ;  \nVU le d\u00e9cret no 2019 -1265 du 29 novembre 2019 relatif aux lignes directrices de gestion et \u00e0 l'\u00e9volution des \nattributions des commissions administratives paritaires ;  \nVU le d\u00e9cret n\u00b0 2022 -670 du 26 avril 2022 relatif aux commissions administratives paritaires comp\u00e9tentes \u00e0 l'\u00e9gard \nde certains fonctionnaires relevant du ministre charg\u00e9 de l'\u00e9ducation nationale et du ministre charg\u00e9 de \nl'enseignement sup\u00e9rieur, notamment ses articles 1 et 2 ;  \nVU l'arr\u00eat\u00e9 du 10 ao\u00fbt 2011 modifi\u00e9 portant d\u00e9l\u00e9gation permanente de pouvoirs aux recteurs d'acad\u00e9mie et \nrecteur de l'acad\u00e9mie de Ma yotte pour fixer le nombre de si\u00e8ges des membres composant les commissions \nadministratives paritaires d\u00e9partementales communes aux corps des instituteurs et des professeurs des \u00e9coles ;  \nVU l'arr\u00eat\u00e9 du 26 avril 2022 instituant des commissions administrative s paritaires au sein des minist\u00e8res charg\u00e9s \nde l'\u00e9ducation nationale, de la jeunesse, des sports et de l'enseignement sup\u00e9rieur ;  \nVU l'arr\u00eat\u00e9 du 19 septembre 2022 portant fixation du nombre de si\u00e8ges de repr\u00e9sentants des personnels aux \ncommissions administ ratives paritaires d\u00e9partementales uniques comp\u00e9tentes \u00e0 l'\u00e9gard des instituteurs et des \nprofesseurs des \u00e9coles dans le ressort de l'acad\u00e9mie de Nice ;  \nVU l'arr\u00eat\u00e9 du 19 septembre 2022 portant d\u00e9l\u00e9gation de signature aux directeurs acad\u00e9miques des services  de \nl'\u00e9ducation nationale \u00e0 l'effet de repr\u00e9senter la rectrice dans l'accomplissement de diverses op\u00e9rations \u00e9lectorales \npour la d\u00e9signation des commissions administratives paritaires uniques comp\u00e9tentes \u00e0 l'\u00e9gard des instituteurs et \ndes professeurs des \u00e9c oles ;  \nVU l'arr\u00eat\u00e9 rectoral du 24 octobre 2022 portant d\u00e9l\u00e9gation de signature au directeur acad\u00e9mique des services de \nl'\u00e9ducation nationale pour prononcer les d\u00e9cisions relatives \u00e0 la gestion des instituteurs et des professeurs des \n\u00e9coles  ; \nVU le proc\u00e8s -verbal en date du 8 d\u00e9cembre 2022 des \u00e9lections pour la d\u00e9signation des repr\u00e9sentants des \npersonnels \u00e0 la commission administrative paritaire d\u00e9partementale des instituteurs et des professeurs des \u00e9coles \ndu Var ;  \n \n \n \n \nDirection des services d\u00e9partementaux de l'\u00e9ducation nationale du Var - 83-2025-01-14-00006 - AVENANT MODIFIANT L'ARR\u00caT\u00c9 DU\n25 MARS 2024 portant d\u00e9signation des membres de la commission administrative d\u00e9partementale comp\u00e9tente \u00e0 l'\u00e9gard des corps\ndes instituteurs et des professeurs des \u00e9coles du Var.50\n \n \n2 ARRETE  \n \nArticle 1er : \n \nL'arr\u00eat\u00e9 du 2 5 mars 202 4 portant composition de la commission administrative paritaire d\u00e9partementale \ncomp\u00e9tente \u00e0 l'\u00e9gard des corps des instituteurs et des professeurs des \u00e9coles du Var, est modifi\u00e9 comme suit  : \n \n1.1  REPRESENTANTS DE L'ADMINISTRATION  \n \n1.1.1. Membres Titulaires  \n \nM. Mathieu SIEYE      Inspecteur d'Acad\u00e9mie, Directeur Acad\u00e9mique  des \n       Services de l'Education Nationale du Var,  \n       Pr\u00e9sident  \n \nMme Kheira BEKHIRA      Adjointe au Directeur Acad\u00e9mique des Services de  \n       L'Education Nationale du Var  \n       Charg\u00e9e du 1er degr\u00e9  \n \nMme H\u00e9l\u00e8ne LORENZO  Cheffe de Cabinet du Direct eur Acad\u00e9mique  des \nServices de l'Education Nationale du Var  \n \nMme Vanessa PIEL      Inspect rice de l'Education Nationale  \n       TOULON VAR ASH  \n \nMme Isabelle DIDIER      Inspectrice de l'Education Nationale  \n       LA SEYNE SUR MER  \n \nMme Sylvie LAURE      Inspectrice de l'Education Nationale  \n       SOLLIES -PONT  \n \nM. Christophe PHILBERT     Inspecteur de l'Education Nationale  \n       GAREOULT  \n \nMme  Marjorie GARDIOL     Inspectrice  de l'Education Nationale  \n       LA GARDE  \n \nMme Catherine VOGIN      Inspectrice de l'Education Nationale  \n       TOULON 3  \n \nMme Marion DESMAREST     Inspectrice de l'Ed ucation Nationale  \n       TOULON 2  \n \n \n \n1.1.2  Membres Suppl\u00e9ants  \n \nMme Anne CHIARDOLA     Inspectrice d'Acad\u00e9mie Adjointe au Directeur  \n       Acad\u00e9mique des Services de l'Education Nationale  \n       Du Var  \n \nM. Michel NAPOLITANO     Inspecteur de l'Education Nationale  \n       BRIGNOLES  \n  \nMme Nad\u00e8ge LUCAS      Inspectrice de l'Education Nationale  \n       COGOLIN  Direction des services d\u00e9partementaux de l'\u00e9ducation nationale du Var - 83-2025-01-14-00006 - AVENANT MODIFIANT L'ARR\u00caT\u00c9 DU\n25 MARS 2024 portant d\u00e9signation des membres de la commission administrative d\u00e9partementale comp\u00e9tente \u00e0 l'\u00e9gard des corps\ndes instituteurs et des professeurs des \u00e9coles du Var.51\n \n \n3  \nM. \u00c9ric GILLES       Inspecteur de l'Education Nationale  \n       SAINT MAXIMIN   \n \nM. Lamine HOUARI      Inspecteur de l'Education Nationale  \n       SAINT PAUL EN FORET  \n \nM. Michel DENEUVILLE      Inspecteur de l'Education Nationale  \n       LE MUY  \n \nMme Isabelle LOCHET      Inspectrice de l'Education Nationale  \n       SIX FOURS LES PLAGES  \n \nMme St\u00e9phanie MARLIN     Inspectrice de l'Education Nationale  \n       TOULON VAR ASH  \n \nMme Myriam PERRIER      Cheffe de la Division de l'Organisation Scolaire  \n       DSDEN du Var  \n \nMme Laetitia SCUDERI      Cheffe de la Division des Personnels Enseignants  \n       DSDEN du Var  \n \n \n \nArticle 2  : \n \nLe Secr\u00e9taire G\u00e9n\u00e9ral de  la Direction des Services D\u00e9partementaux de l'Education Nationale est charg\u00e9 de \nl'ex\u00e9cution du pr\u00e9sent arr\u00eat\u00e9.  \n \n \n \n       Fait \u00e0 Toulon, le 14 janvier  2025 \n \n \n       Pour la Rectrice, et par d\u00e9l\u00e9gation,  \n       L'Inspecteur d'Acad\u00e9mie,  \n       Directeur Acad\u00e9miq ue des Services  \n       De l'Education Nationale du Var  \n \n \n       Sign\u00e9  \n \nMathieu SIEYE  Direction des services d\u00e9partementaux de l'\u00e9ducation nationale du Var - 83-2025-01-14-00006 - AVENANT MODIFIANT L'ARR\u00caT\u00c9 DU\n25 MARS 2024 portant d\u00e9signation des membres de la commission administrative d\u00e9partementale comp\u00e9tente \u00e0 l'\u00e9gard des corps\ndes instituteurs et des professeurs des \u00e9coles du Var.52\nPr\u00e9fecture du VAR\n83-2025-01-16-00003\nArr\u00eat\u00e9 pr\u00e9fectoral N\u00b0001 accordant une\nr\u00e9compense pour acte de courage et de\nd\u00e9vouement\nPr\u00e9fecture du VAR - 83-2025-01-16-00003 - Arr\u00eat\u00e9 pr\u00e9fectoral N\u00b0001 accordant une r\u00e9compense pour acte de courage et de\nd\u00e9vouement 53\n                                         Cabinet du  Pr\u00e9fet\n                                         Bureau de la Repr\u00e9sentation de l'\u00c9tat\nARR\u00caT\u00c9 PR\u00c9FECTORAL N\u00b0 001\nACCORDANT UNE R\u00c9COMPENSE\nPOUR ACTE DE COURAGE ET DE D\u00c9VOUEMENT\nLE PR\u00c9FET DU VAR,\nVu le d\u00e9cret du 16 novembre 1901 modifi\u00e9, relatif a ux actes de courage et de d\u00e9vouement,\nVu le d\u00e9cret n\u00b0 70-221 du 17 mars 1970, portant d\u00e9c oncentration en mati\u00e8re d'attribution\nde la m\u00e9daille pour actes de courage et de d\u00e9voueme nt,\nVu la demande d'attribution de r\u00e9compense du maire de Fr\u00e9jus en date du 3 octobre\n2024,\nConsid\u00e9rant le professionnalisme et le sang-froid d ont ont fait preuve le brigadier-chef\nprincipal Micha\u00ebl COLAS et le brigadier Anthony RIG AULT le 15 avril 2024 \u00e0 Fr\u00e9jus, durant\nl'interpellation d'un individu dangereux dans le quartier de Saint Aygulf.\nConsid\u00e9rant que l'individu recherch\u00e9 \u00e9tait en fuite  sur un chemin du littoral apr\u00e8s s'\u00eatre\nsoustrait \u00e0 un contr\u00f4le de police et qu'il s'est je t\u00e9 \u00e0 la mer, afin d'\u00e9chapper aux 2 policiers\nmunicipaux malgr\u00e9 leurs sommations,\nConsid\u00e9rant que les agents COLAS et RIGAULT ont p\u00e9n \u00e9tr\u00e9 dans une eau froide et agit\u00e9e\no\u00f9 ils n'avaient pas pied, afin de porter assistanc e \u00e0 l'individu qui montrait des signes de\nmalaise et risquait de se noyer,\nConsid\u00e9rant que m\u00eame si l'individu est finalement d \u00e9c\u00e9d\u00e9 d'un arr\u00eat cardiaque peu apr\u00e8s\navoir \u00e9t\u00e9 ramen\u00e9 sur le rivage, les policiers COLAS  et RIGAULT ont fait preuve d'un\ncomportement exemplaire afin de tenter de sauver ce tte personne,\nSur proposition de la sous-pr\u00e9f\u00e8te, directrice de c abinet du pr\u00e9fet du Var,\nARR\u00caT\u00c9     :  \nARTICLE 1  er   :\nUne lettre de f\u00e9licitations du pr\u00e9fet du Var est d\u00e9 cern\u00e9e \u00e0 :\n- Monsieur Micha\u00ebl COLAS, agent de la police munici pale de Fr\u00e9jus ;\n- Monsieur Anthony RIGAULT, agent de la police muni cipale de Fr\u00e9jus.\nARTICLE 2 :\nLa sous-pr\u00e9f\u00e8te, directrice de cabinet du pr\u00e9fet du  Var, est charg\u00e9e de l'ex\u00e9cution du\npr\u00e9sent arr\u00eat\u00e9 qui sera publi\u00e9 au Recueil des Actes  Administratifs.\n                                                                                                     Fait \u00e0 Toulon le 16.01.2025\n                                                                                                                       Le pr\u00e9fet du Var\n                                                                                                                                Sign\u00e9\n                                                                                                             Philippe MAH\u00c9\nPr\u00e9fecture du Var\nBoulevard du 112\u00e8me R.I. - CS 31 209\n83 070 TOULON CEDEX \nPr\u00e9fecture du VAR - 83-2025-01-16-00003 - Arr\u00eat\u00e9 pr\u00e9fectoral N\u00b0001 accordant une r\u00e9compense pour acte de courage et de\nd\u00e9vouement 54\nPr\u00e9fecture du VAR\n83-2025-01-22-00003\nARR\u00caT\u00c9 PR\u00c9FECTORAL n\u00b0 DCL/BERG/2025/0023\ndu 22 janvier 2025\nportant habilitation dans le domaine fun\u00e9raire\nde l'\u00e9tablissement \u00ab\u00a0CENTRE FUNERAIRE DE\nBEAULIEU\u00a0\u00bb\n191 Route de Nice \u00e0 TOULON (83000)\nHabilitation N\u00b0 25-83-0287\nPr\u00e9fecture du VAR - 83-2025-01-22-00003 - ARR\u00caT\u00c9 PR\u00c9FECTORAL n\u00b0 DCL/BERG/2025/0023 du 22 janvier 2025\nportant habilitation dans le domaine fun\u00e9raire\nde l'\u00e9tablissement \u00ab\u00a0CENTRE FUNERAIRE DE BEAULIEU\u00a0\u00bb\n191 Route de Nice \u00e0 TOULON (83000)\nHabilitation N\u00b0 25-83-028755\n=m\nPREFET\nDU  VAR\nLibert\u00e9\nEgalit\u00e9\nFraternit\u00e9\nDirection de la citoyennet\u00e9 et de la l\u00e9galit\u00e9\nBureau des \u00e9lections et de la r\u00e9glementation g\u00e9n\u00e9rale\nARR\u00caT\u00c9 PR\u00c9FECTORAL  n\u00b0 DCL/BERG/2025/0023  du 22 janvier 2025\nportant habilitation dans le domaine fun\u00e9raire\nde l'\u00e9tablissement \u00ab  CENTRE FUNERAIRE DE BEAULIEU  \u00bb\n191 Route de Nice \u00e0 TOULON (83000)\nHabilitation N\u00b0 25-83-0287\nLe Pr\u00e9fet du Var,\nVu le code g\u00e9n\u00e9ral des collectivit\u00e9s territoriales  ;\nVu la loi n\u00b0 2008-1350 du 19 d\u00e9cembre 2008 relative \u00e0 la l\u00e9gislation fun\u00e9raire  ;\nVu le d\u00e9cret du Pr\u00e9sident de la R\u00e9publique du 13 juillet 2023, portant nomination de Monsieur  \nPhilippe MAHE, pr\u00e9fet du Var  ;\nVu l'arr\u00eat\u00e9 pr\u00e9fectoral n\u00b0 2024/56/MCI du 10 d\u00e9cembre 2024 portant d\u00e9l\u00e9gation de signature  \n\u00e0 Monsieur Lucien GIUDICELLI, secr\u00e9taire g\u00e9n\u00e9ral de la pr\u00e9fecture du Var, sous-pr\u00e9fet de  \nl'arrondissement de Toulon  ;\nVu l'arr\u00eat\u00e9 pr\u00e9fectoral n\u00b0 2024/48/MCI du 22 octobre 2024 portant d\u00e9l\u00e9gation de signature \u00e0  \nM. Thibaut DARGON, directeur de la citoyennet\u00e9 et de la l\u00e9galit\u00e9 de la pr\u00e9fecture du Var  ;\nVu l'arr\u00eat\u00e9 pr\u00e9fectoral n\u00b0 DCL/BERG/2024/334 du 5 octobre 2023, portant autorisation de  \ncr\u00e9ation d'une chambre fun\u00e9raire \u2013 191, rue de Nice \u2013 83100 TOULON  ;\nVu le rapport de v\u00e9rification de la chambre fun\u00e9raire \u00e9tabli par l'organisme bureau V\u00e9ritas du  \n2 d\u00e9cembre 2024  ;\nVu la demande formul\u00e9e par Monsieur Hamid NAYNYA, chef d'entreprise, suite \u00e0 la cr\u00e9ation  \nd'une chambre fun\u00e9raire d'obtenir l'autorisation de g\u00e9rer et d'utiliser une chambre fun\u00e9raire  \n\u00ab CENTRE FUNERAIRE DE BEAULIEU  \u00bb, situ\u00e9e 191 Route de Nice \u00e0 Toulon (83000)  ;\nConsid\u00e9rant la compl\u00e9tude du dossier  ;\nSur proposition du  secr\u00e9taire g\u00e9n\u00e9ral de la pr\u00e9fecture  ;\nARR\u00caTE\nArticle 1 : L'\u00e9tablissement \u00ab CENTRE FUNERAIRE DE BEAULIEU  \u00bb, situ\u00e9e 191 Route de Nice \u00e0  \nToulon (83000), exploit\u00e9e par la SAS \u00ab  POMPES FUNEBRES NH INTERNATIONAL  \u00bb, sise 271 \nChemin de Moneiret \u00e0 La Seyne-sur-Mer (83500) et dont le pr\u00e9sident est Monsieur Hamid  \nNAYNYA, est habilit\u00e9e pour exercer les activit\u00e9s suivantes  :\n6 - Gestion et utilisation d'une chambre fun\u00e9raire.\nArticle 2     : L'habilitation porte le num\u00e9ro 25-83-0287 .\n1/2\nPr\u00e9fecture du VAR - 83-2025-01-22-00003 - ARR\u00caT\u00c9 PR\u00c9FECTORAL n\u00b0 DCL/BERG/2025/0023 du 22 janvier 2025\nportant habilitation dans le domaine fun\u00e9raire\nde l'\u00e9tablissement \u00ab\u00a0CENTRE FUNERAIRE DE BEAULIEU\u00a0\u00bb\n191 Route de Nice \u00e0 TOULON (83000)\nHabilitation N\u00b0 25-83-028756\nArticle 3     : La pr\u00e9sente habilitation prendra effet \u00e0 compter de sa date de signature, pour une  \ndur\u00e9e de cinq ans.\nPour  solliciter  le  renouvellement  de  la  pr\u00e9sente  habilitation,  le  b\u00e9n\u00e9ficiaire  devra  faire  \nparvenir sa demande en pr\u00e9fecture au plus tard deux mois avant sa date de fin de validit\u00e9.\nArticle 4     : Conform\u00e9ment aux articles L.2223-25 et R.2223-64, D.2223-87 du code g\u00e9n\u00e9ral des  \ncollectivit\u00e9s  territoriales,  et  \u00e0  d\u00e9faut  de  la  production,  dans  les  meilleurs  d\u00e9lais,  des  \njustificatifs de conformit\u00e9 des \u00e9quipements, la pr\u00e9sente habilitation pourra \u00eatre suspendue  \npour une dur\u00e9e maximale d'un an ou retir\u00e9e, apr\u00e8s mise en demeure, pour les motifs suivants  :\n-non-respect des conditions de sa d\u00e9livrance telles qu'elles sont d\u00e9finies par les dispositions  \ndu code g\u00e9n\u00e9ral des collectivit\u00e9s territoriales  ;\n-non exercice ou cessation d'exercice des activit\u00e9s au titre desquelles elle a \u00e9t\u00e9 d\u00e9livr\u00e9e  ;\n-atteinte \u00e0 l'ordre public ou danger pour la salubrit\u00e9 publique.\nDans  les  cas  o\u00f9  le  b\u00e9n\u00e9ficiaire  est  un  d\u00e9l\u00e9gataire,  le  retrait  d'habilitation  entra\u00eene  la  \nd\u00e9ch\u00e9ance des d\u00e9l\u00e9gations.\nArticle 5     :   Le secr\u00e9taire g\u00e9n\u00e9ral de la pr\u00e9fecture du Var est charg\u00e9 de l'ex\u00e9cution du pr\u00e9sent  \narr\u00eat\u00e9 qui sera publi\u00e9 au recueil des actes administratifs de la pr\u00e9fecture du Var et dont une  \ncopie sera adress\u00e9e au maire de la commune d e Toulon pour information.\nToulon, le 22 janvier 2025\nPour le pr\u00e9fet et par d\u00e9l\u00e9gation,\nle directeur de la citoyennet\u00e9\net de la l\u00e9galit\u00e9,\nSign\u00e9\nThibaut DARGON\nDans un d\u00e9lai de deux mois \u00e0 compter de la date de la notification ou de la publication du pr\u00e9sent arr\u00eat\u00e9 au recueil des actes administratifs de la pr\u00e9fecture, les recours suivants peuvent \u00eatre introduits conform\u00e9ment aux dispositions des articles R. 421-1 et suivants du code de justice administrative :-un recours gracieux, adress\u00e9 \u00e0 :M. le Pr\u00e9fet du Var - Boulevard du 112 \u00e8me r\u00e9giment d'infanterie - CS 31209 - 83070 TOULON CEDEX-un recours hi\u00e9rarchique, adress\u00e9  au(x) ministre(s) concern\u00e9(s)  ;Dans ces deux cas, le silence de l'Administration vaut rejet implicite au terme d'un d\u00e9lai de deux mois.Apr\u00e8s un recours gracieux ou hi\u00e9rarchique, le d\u00e9lai du recours contentieux ne court qu'\u00e0 compter du rejet explicite ou implicite de l'un de ces recours.-un recours contentieux, en saisissant le Tribunal Administratif de Toulon : 5 rue Racine -BP 40510 - 83  041 TOULON CEDEX 9Le tribunal administratif peut \u00eatre saisi par l'application informatique \u00ab  T\u00e9l\u00e9cours \u00bb accessible par le site internet www.telecours.fr.\n2/2Pr\u00e9fecture du VAR - 83-2025-01-22-00003 - ARR\u00caT\u00c9 PR\u00c9FECTORAL n\u00b0 DCL/BERG/2025/0023 du 22 janvier 2025\nportant habilitation dans le domaine fun\u00e9raire\nde l'\u00e9tablissement \u00ab\u00a0CENTRE FUNERAIRE DE BEAULIEU\u00a0\u00bb\n191 Route de Nice \u00e0 TOULON (83000)\nHabilitation N\u00b0 25-83-028757\nSecr\u00e9tariat g\u00e9n\u00e9ral commun d\u00e9partemental\n83-2025-01-09-00014\nConvention d'utilisation des immeubles sociaux\net m\u00e9dico-sociaux remis en gestion \u00e0 l'IGeSA\nN\u00b0083-2025-0018\nSecr\u00e9tariat g\u00e9n\u00e9ral commun d\u00e9partemental - 83-2025-01-09-00014 - Convention d'utilisation des immeubles sociaux et\nm\u00e9dico-sociaux remis en gestion \u00e0 l'IGeSA N\u00b0083-2025-0018 58\nR\u00c9PUBLIQUE FRAN\u00c7AISE\nPR\u00c9FECTURE DU VAR\nCONVENTION D'UTILISATION\nDES IMMEUBLES SOCIAUX ET MEDICO-SOCIAUX\nREMIS EN GESTION A L'IGeSA\nN\u00b0 083-2025-0018\n                                                                                                                                                           \nToulon, le 9 janvier 2025\nLes soussign\u00e9s :\n1\u00b0- L'administration charg\u00e9e des domaines, repr\u00e9sent\u00e9e par M. Jean Michel  BLANCHARD, \nDirecteur d\u00e9partemental des finances publiques du Var, dont les bureaux sont \u00e0 Toulon (83056),  \nCentre Mayol, Place Besagne CS 91409, stipulant en vertu de la d\u00e9l\u00e9gation de signature du  \npr\u00e9fet qui lui a \u00e9t\u00e9 consentie par arr\u00eat\u00e9 n\u00b02023/58/MCI du 21 ao\u00fbt 2023,  ci-apr\u00e8s d\u00e9nomm\u00e9e le  \npropri\u00e9taire,\nD'une part,\n2\u00b0-  L'Institution  de  gestion  sociale  des  arm\u00e9es  (IGESA),  \u00e9tablissement  public  \u00e0  caract\u00e8re  \nindustriel et commercial immatricul\u00e9 au RCS de Bastia sous le num\u00e9ro 180 090 060, dont le  \nsi\u00e8ge est \u00e0 Bastia (20293), Caserne Saint-Joseph, rue du Lieutenant-Colonel Pierre Chiarelli,  \nrepr\u00e9sent\u00e9e par Monsieur Hugues DE LA GIRAUDIERE, Directeur G\u00e9n\u00e9ral nomm\u00e9 \u00e0 cette  \nfonction pour une dur\u00e9e de  4 ans aux termes d'un arr\u00eat\u00e9 du minist\u00e8re des arm\u00e9es en date du 27  \nao\u00fbt 2024, ci-apr\u00e8s d\u00e9nomm\u00e9e l'utilisateur,\nD'autre part,\nse sont pr\u00e9sent\u00e9s devant nous, pr\u00e9fet  du d\u00e9partement du Var ,  et sont convenus du dispositif  \nsuivant :\nEXPOSE\nL'utilisateur  principalement  charg\u00e9  de  g\u00e9rer  au  profit  des  personnels  civils  et  militaires  du  \nminist\u00e8re des Arm\u00e9es et de leurs familles, et plus g\u00e9n\u00e9ralement des ayants droits du minist\u00e8re  \ndes Arm\u00e9es, les \u00e9tablissements sociaux ou m\u00e9dico-sociaux confi\u00e9s \u00e0 sa gestion, a demand\u00e9 pour  \nl'exercice de ses missions, le renouvellement de la convention d'utilisation 083-2014-0191 qui  \narrivera \u00e0 terme le 31 d\u00e9cembre 2024 pour la mise \u00e0 disposition d'un ensemble immobilier situ\u00e9  \n\u00e0  Le Pradet (83220), avenue G\u00e9n\u00e9ral Weygand.\nCAMPING FAMILIAL LE PIN DE GALLE \u00e0 LE PRADET Page 1Secr\u00e9tariat g\u00e9n\u00e9ral commun d\u00e9partemental - 83-2025-01-09-00014 - Convention d'utilisation des immeubles sociaux et\nm\u00e9dico-sociaux remis en gestion \u00e0 l'IGeSA N\u00b0083-2025-0018 59\nCette demande est mise en \u0153uvre dans les conditions fix\u00e9es par la pr\u00e9sente convention et par les  \ncirculaires du Premier ministre relatives \u00e0 la politique immobili\u00e8re de l'\u00c9tat.\nCe  mod\u00e8le  de  convention  d'utilisation  a  \u00e9t\u00e9  \u00e9tabli  conjointement  par  le  service  central  du  \nminist\u00e8re du Budget, des Comptes publics et de la R\u00e9forme de l' \u00c9tat et par la direction de  \nl'IGeSA, sous avis du minist\u00e8re de la D\u00e9fense, minist\u00e8re de tutelle.\nLe statut de l'institution est d\u00e9fini aux articles L3422-1 \u00e0 L3422-7 et R3422-1 \u00e0 R3422-23 du  \ncode de la d\u00e9fense. L'article L3422-5 du code de la d\u00e9fense pr\u00e9cise que parmi les ressources de  \nl'institution figurent \"les immeubles qui lui sont apport\u00e9s par l'Etat en dotation provisoire\".\nLes immeubles concern\u00e9s font en effet l'objet d'un r\u00e9gime particulier, dans la mesure o\u00f9 ils  \n\u00e9taient ant\u00e9rieurement affect\u00e9s au minist\u00e8re de la D\u00e9fense et mis \u00e0 disposition de l'IGeSA dans le  \ncadre de conventions sign\u00e9es avec les minist\u00e8res du Budget et de la D\u00e9fense.\nLorsqu'il ne sera pas proc\u00e9d\u00e9 au renouvellement de la pr\u00e9sente convention au profit de l'IGeSA,  \nou en cas de r\u00e9siliation anticip\u00e9e, et \u00e0 d\u00e9faut de projet de cession, l'utilisation de l'immeuble sera  \npropos\u00e9e en priorit\u00e9 au minist\u00e8re des Arm\u00e9es, minist\u00e8re de tutelle.\nCONVENTION\nArticle 1er\nObjet de la convention\nLa pr\u00e9sente convention , conclue dans le cadre des dispositions des articles R.2313-1 \u00e0 R.2313-5  \ndu Code g\u00e9n\u00e9ral de la propri\u00e9t\u00e9 des personnes publiques, a pour objet de mettre \u00e0 la disposition  \nde l'utilisateur pour les besoins des missions sociales d\u00e9finies par le minist\u00e8re des Arm\u00e9es , \nl'immeuble d\u00e9sign\u00e9 \u00e0 l'article 2 selon les modalit\u00e9s fix\u00e9es par les articles suivants.\nArticle 2\nD\u00e9signation de l'immeuble \nEnsemble immobilier d\u00e9nomm\u00e9 \u00abCamping familial bie. Du Pin de Galle\u00bb, appartenant \u00e0 l'\u00c9tat,  \nsis \u00e0 Le Pradet (83220), avenue G\u00e9n\u00e9ral Weygand, \u00e9difi\u00e9 sur la parcelle cadastr\u00e9e section AN  \nn\u00b05 d'une superficie totale de 23.552 m\u00b2, tel qu'il figure sur le plan cadastral joint en annexe n\u00b01 .\nCet immeuble est identifi\u00e9 dans Chorus RE-Fx sous le num\u00e9ro de site 159910. Le d\u00e9tail des  \ncomposants figure en annexe n\u00b02.\nSauf  prescription  contraire,  les  dispositions  de  la  pr\u00e9sente  convention  s'appliquent  \nautomatiquement aux constructions nouvelles qui viendraient \u00e0 \u00eatre \u00e9difi\u00e9es sur la d\u00e9pendance  \ndomaniale d\u00e9sign\u00e9e ci-dessus. Le propri\u00e9taire est inform\u00e9 de la r\u00e9alisation de toute nouvelle  \nconstruction, toute d\u00e9gradation ou usure inhabituelle.\nArticle 3\nCAMPING FAMILIAL LE PIN DE GALLE \u00e0 LE PRADET Page 2Secr\u00e9tariat g\u00e9n\u00e9ral commun d\u00e9partemental - 83-2025-01-09-00014 - Convention d'utilisation des immeubles sociaux et\nm\u00e9dico-sociaux remis en gestion \u00e0 l'IGeSA N\u00b0083-2025-0018 60\nDur\u00e9e de la convention \nLa pr\u00e9sente convention est conclue pour une dur\u00e9e de  9 ann\u00e9es enti\u00e8res et cons\u00e9cutives qui  \ncommence le 1er janvier 2025, date \u00e0 laquelle les locaux sont mis \u00e0 la disposition de l'utilisateur.\nLa convention prend fin dans les conditions pr\u00e9vues \u00e0 l'article 13.\nArticle 4\n\u00c9tat des lieux\nSans objet s'agissant d'un renouvellement de convention.\nArticle 5\nRatio d'occupation\nSans objet pour les \u00e9tablissements sociaux ou m\u00e9dico-sociaux.\nArticle 6\n\u00c9tendue des pouvoirs de l'utilisateur\n6.1. L'usage de l'immeuble objet de la pr\u00e9sente convention est strictement r\u00e9serv\u00e9 au service  \nd\u00e9sign\u00e9 \u00e0 l'article 1er et pour l'objet mentionn\u00e9 au m\u00eame article.\n6.2. Locations, autorisations d'occupation, et autres droits qui pourraient \u00eatre consentis sur l'en -\nsemble immobilier qui fait l'objet de la convention d'utilisation.\nLes droits r\u00e9els consentis sur les biens occup\u00e9s par l'IGeSA sont g\u00e9r\u00e9s par le Service d'Infra -\nstructure de la D\u00e9fense (SID), dans les conditions d\u00e9finies par une convention de soutien DRH-\nMD/AS, SID et IGeSA. L'occupation par un tiers de ces immeubles pendant la dur\u00e9e de la  \nconvention donne lieu \u00e0 la d\u00e9livrance d'un titre d'occupation, dans les conditions de droit com -\nmun et compte tenu de la comp\u00e9tence pr\u00e9cit\u00e9e du SID. Pr\u00e9alablement \u00e0 sa d\u00e9livrance, l'utilisa -\nteur en informe le propri\u00e9taire.\nCAMPING FAMILIAL LE PIN DE GALLE \u00e0 LE PRADET Page 3Secr\u00e9tariat g\u00e9n\u00e9ral commun d\u00e9partemental - 83-2025-01-09-00014 - Convention d'utilisation des immeubles sociaux et\nm\u00e9dico-sociaux remis en gestion \u00e0 l'IGeSA N\u00b0083-2025-0018 61\nArticle 7\nImp\u00f4ts et taxes\nL'utilisateur  acquitte  l'ensemble  des  taxes  et  contributions  aff\u00e9rentes  \u00e0  l'immeuble  qui  fait  \nl'objet de la pr\u00e9sente convention.\nArticle 8\nResponsabilit\u00e9\nL'utilisateur assume, sous le contr\u00f4le du propri\u00e9taire, l'ensemble des responsabilit\u00e9s, notamment  \nles contr\u00f4les r\u00e9glementaires, aff\u00e9rentes \u00e0 l'immeuble d\u00e9sign\u00e9 \u00e0 l'article 2 pour la dur\u00e9e de la  \npr\u00e9sente convention.\nArticle 9\nEntretien\nL'utilisateur  supporte  l'ensemble  des  d\u00e9penses  d'entretien  courant  et  de  petites  r\u00e9parations  \nrelatives \u00e0 l'immeuble d\u00e9sign\u00e9 \u00e0 l'article 2. Les modalit\u00e9s de prise en charge de ces d\u00e9penses par  \nl'IGeSA sont d\u00e9finies par une convention de soutien DRH-MD/AS, SID et IGeSA.  \nL'utilisateur convient avec le propri\u00e9taire d'une programmation pluriannuelle des travaux dans  \nles conditions fix\u00e9es par la convention de soutien pr\u00e9cit\u00e9e, qui s'appuie sur son contrat d'objectifs  \n(ou sa lettre de mission ou tout document en tenant lieu).\nLa r\u00e9alisation des d\u00e9penses de grosses r\u00e9parations mentionn\u00e9es \u00e0 l'article 606 du code civil, \u00e0 la  \ncharge du propri\u00e9taire, sera effectu\u00e9e selon les dispositions de la convention de soutien pr\u00e9cit\u00e9e.\nLorsque l'immeuble d\u00e9sign\u00e9 \u00e0 l'article 2 est lib\u00e9r\u00e9, les d\u00e9penses de gardiennage, d'entretien et de  \nmise en s\u00e9curit\u00e9 sont assur\u00e9es par l'utilisateur pendant une dur\u00e9e d'un an qui d\u00e9bute \u00e0 compter  \nde la date de r\u00e9ception de la d\u00e9cision d'inutilit\u00e9 par le service local du Domaine. Dans le cas o\u00f9  \nla  d\u00e9cision  d'inutilit\u00e9  serait  prononc\u00e9e  avant  la  lib\u00e9ration  de  l'immeuble,  le  d\u00e9lai  d'un  an  \ncommencera  \u00e0  courir  \u00e0  compter  de  la  date  effective  de  lib\u00e9ration  totale  de  celui-ci  \nobligatoirement port\u00e9e sans d\u00e9lai \u00e0 la connaissance du service local du Domaine par l'utilisateur.  \nAfin de permettre le respect des objectifs fix\u00e9s dans le cadre de la transition \u00e9cologique pour les  \nb\u00e2timents publics, une annexe pourra \u00eatre jointe \u00e0 la pr\u00e9sente convention, visant \u00e0 d\u00e9terminer les  \ndroits et obligations respectifs du propri\u00e9taire et de l'utilisateur en la mati\u00e8re et les cons\u00e9quences  \nqui en r\u00e9sulteraient. Elle s'appliquera compte tenu des modalit\u00e9s de prise en charge d\u00e9finies par  \nla convention de soutien cit\u00e9e ci-dessus.\nCAMPING FAMILIAL LE PIN DE GALLE \u00e0 LE PRADET Page 4Secr\u00e9tariat g\u00e9n\u00e9ral commun d\u00e9partemental - 83-2025-01-09-00014 - Convention d'utilisation des immeubles sociaux et\nm\u00e9dico-sociaux remis en gestion \u00e0 l'IGeSA N\u00b0083-2025-0018 62\nArticle 10\nObjectifs d'am\u00e9lioration de la performance immobili\u00e8re \nSans objet pour les immeubles sociaux ou m\u00e9dico-sociaux.\nArticle 11\nCo\u00fbt d'occupation domaniale hors charges \nSans objet pour les immeubles sociaux ou m\u00e9dico-sociaux.\nArticle 12\nContr\u00f4le des conditions d'occupation\nLe propri\u00e9taire s'assure p\u00e9riodiquement des conditions dans lesquelles est entretenu et utilis\u00e9  \nl'immeuble remis \u00e0 l'utilisateur.\nLorsque la mise en \u0153uvre de ce contr\u00f4le permet de constater que l'immeuble est devenu inutile  \nou inadapt\u00e9 aux besoins de l'utilisateur, le propri\u00e9taire en informe l'utilisateur. Celui-ci dispose  \nd'un d\u00e9lai d'un mois pour apporter des \u00e9l\u00e9ments de r\u00e9ponse. Le propri\u00e9taire dispose ensuite d'un  \nnouveau d\u00e9lai d'un mois pour r\u00e9pondre \u00e0 ces observations.\nA l'issue de ce d\u00e9lai, le pr\u00e9fet peut mettre en demeure le service utilisateur de restituer les  \nsurfaces devenues inutiles \u00e0 l'accomplissement du service public mentionn\u00e9 \u00e0 l'article 1er. Dans \nce cas, la pr\u00e9sente convention fait l'objet d'un avenant.\nSi \u00e0 l'expiration de ce d\u00e9lai, le service utilisateur n'a pas donn\u00e9 suite \u00e0 l'objet de la mise en  \ndemeure, la pr\u00e9sente convention est r\u00e9sili\u00e9e par le pr\u00e9fet qui d\u00e9termine la nouvelle localisation  \ndu service.\nArticle 13\nTerme de la convention\n13.1. Terme de la convention :\nLa pr\u00e9sente convention prend fin de plein droit le  31 d\u00e9cembre 2033 .\nElle prend \u00e9galement fin lorsque la cession de l'immeuble a \u00e9t\u00e9 d\u00e9cid\u00e9e, selon les r\u00e8gles pr\u00e9vues  \npar le Code g\u00e9n\u00e9ral de la propri\u00e9t\u00e9 des personnes publiques.\nCAMPING FAMILIAL LE PIN DE GALLE \u00e0 LE PRADET Page 5Secr\u00e9tariat g\u00e9n\u00e9ral commun d\u00e9partemental - 83-2025-01-09-00014 - Convention d'utilisation des immeubles sociaux et\nm\u00e9dico-sociaux remis en gestion \u00e0 l'IGeSA N\u00b0083-2025-0018 63\n13.2. R\u00e9siliation anticip\u00e9e de la convention :\nLa convention peut \u00eatre r\u00e9sili\u00e9e avant le terme pr\u00e9vu  :\na)  En  cas  de  non-respect  par  l'utilisateur  de  l'une  de  ses  obligations  ou  de  l'un  de  ses  \nengagements dans un d\u00e9lai de six mois apr\u00e8s mise en demeure ; \nb)  Lorsque  l'int\u00e9r\u00eat  public,  tel  qu'il  est  d\u00e9clar\u00e9  par  le  pr\u00e9fet  dans  une  lettre  adress\u00e9e  aux  \nsignataires de la pr\u00e9sente convention, l'exige, sous r\u00e9serve des dispositions des articles L.1 142-1  \net R.1 142-1 du code de la D\u00e9fense ;\nc) Lors de la mise en \u0153uvre par le pr\u00e9fet de la strat\u00e9gie immobili\u00e8re \u00e9labor\u00e9e au niveau r\u00e9gional  \ndans le SDIR ;\nd) Lorsque le maintien dans les lieux est incompatible avec le SPSI d'administration centrale ou  \nd'op\u00e9rateur valid\u00e9 par le ministre ou en l'absence prolong\u00e9e d'\u00e9laboration d'un SPSI sous r\u00e9serve \ndes dispositions des articles L.1 142-1 et R.1 142-1 du code de la D\u00e9fense ;\ne) A l'initiative de l'utilisateur, apr\u00e8s acceptation par le propri\u00e9taire,  moyennant le respect d'un  \npr\u00e9avis de six mois sauf en cas d'urgence, adress\u00e9 aux signataires de la pr\u00e9sente convention.\n La r\u00e9siliation est dans tous les cas prononc\u00e9e  par le pr\u00e9fet.\n                                                                                 ***\nUn exemplaire du pr\u00e9sent acte est conserv\u00e9 par chacun des signataires de la convention.\nLe repr\u00e9sentant du service utilisateur, Le repr\u00e9sentant de l'administration\nLe directeur g\u00e9n\u00e9ral charg\u00e9e du domaine.\nLe DDFIP du Var par d\u00e9l\u00e9gation\n              Sign\u00e9                                                                                     Sign\u00e9\nHugues DE LA GIRAUDI\u00c8RE Claudie CARION\nLe pr\u00e9fet,\nPour le pr\u00e9fet et par d\u00e9l\u00e9gation\nle secr\u00e9taire g\u00e9n\u00e9ral\n                                                                        Sign\u00e9  \nLucien GIUDICELLI\nCAMPING FAMILIAL LE PIN DE GALLE \u00e0 LE PRADET Page 6Secr\u00e9tariat g\u00e9n\u00e9ral commun d\u00e9partemental - 83-2025-01-09-00014 - Convention d'utilisation des immeubles sociaux et\nm\u00e9dico-sociaux remis en gestion \u00e0 l'IGeSA N\u00b0083-2025-0018 64\nD\u00e9partement  :\nVAR\nCommune  :\nLE PRADET\nSection  : AN\nFeuille  : 000  AN 01\n\u00c9chelle  d'origine  : 1/1000\n\u00c9chelle  d'\u00e9dition  : 1/1250\nDate  d'\u00e9dition  : 10/10/2024\n(fuseau  horaire  de Paris)\nCoordonn\u00e9es  en projection  : RGF93CC43\n\u00a92022  Direction  G\u00e9n\u00e9rale  des Finances\nPubliquesDIRECTION  G\u00c9N\u00c9RALE  DES FINANCES  PUBLIQUES\nEXTRAIT  DU PLAN  CADASTRALLe plan  visualis\u00e9  sur cet extrait  est g\u00e9r\u00e9\npar le centre  des  imp\u00f4ts  foncier  suivant  :\nTOULON\n171 avenue  de Vert  Coteau  CS 20127\n83071  .\n83071  TOULON  CEDEX\nt\u00e9l. 04 94 03 95 01 -fax\ncdif.toulon@dgfip.finances.gouv.fr  .\nCet extrait  de plan vous est d\u00e9livr\u00e9  par :\ncadastre.gouv.fr\n22160001944375 1944500\n2216125\n19443752216125 .\n2216000\n1944500\nSecr\u00e9tariat g\u00e9n\u00e9ral commun d\u00e9partemental - 83-2025-01-09-00014 - Convention d'utilisation des immeubles sociaux et\nm\u00e9dico-sociaux remis en gestion \u00e0 l'IGeSA N\u00b0083-2025-0018 65\nSecr\u00e9tariat g\u00e9n\u00e9ral commun d\u00e9partemental - 83-2025-01-09-00014 - Convention d'utilisation des immeubles sociaux et\nm\u00e9dico-sociaux remis en gestion \u00e0 l'IGeSA N\u00b0083-2025-0018 66\nayes op eqTET09 st/to/toOZZES 130vVHd 31 pue\u00f1Aem lesgue enusay xnar 30 Sulv 311V9 30 Nid VS391 ONIdWV9 [AA 62LLLb 016661 = Lasozces La0ved 31 pueBhayy |e19UeD enueny SSWOH-TISOW 30 SNIVYNSL STIV9 30 Nid VS391 ONIDWVO ve fOsldy OLGESL : OTozzte 130vV\u00fcd 31 pueBAayy [esguan enusny S3LSld \"3TI9 30 Nid VS391 ONIdWYO 9% LT8LL+ 016661 6OZCES 130vV4d 31 pueBAem [e!9U9D enusAy ONDYVd 371V9 30 Nid VS39I ONIdNVS LA LLETA ZA 016661 8ozzea 4130Vud 31 pueBkemM |e1$u99 anusay ANVYS9 VTIA 371V9 30 Nid VS391 ONIdNVO LL 990SP2 OL66S1 (4ess &@ SNV ozcea 130V\u00fcd 31 pueBheyy |es9ug9 enueny S3WOH I80W 371V9 30 Nid VS391 ONIJWYO 2 6Y6EPT 016651 9oeces 1aQVud 31 pueBAemM [e19ug enusAy NV3UNE/S3HENVHI 371V9 30 Nid VS391 ONIdWV9 LL p90Spz . 016661 \u00a9 s. ozzee 130V\u00fcd 31 pueBAem [81999 enusAy S31n0\u00f9 3711v9 30 Nid VS39] ONIAWYI OL 886bre 0L666L - ipoezee 4130vud 31 pueBheyy je19U95 enusny S3HIVLINVS 371V9 30 Nid VS39l-ONIdWYO st TATA LA 7 OLGESL = EOZZE8 130V\u00fcd 31 pueBAem |e18u99 enusny 3n03H109581Q 3719 30 Nid WS39! ONIAWYO ZL SELEYE - 016661 - LAozzeg 130V\u00fcd 31 pueBAem |E18U99 enusAy : NOILVANVLS3H 371v9 30 Nid VS391 9NIAWYO ol T90Spz 0166514 = LSVEHSEPED sa2u21j9u| [eisod 2po> PUIe207 2sS21py png] 22ejins 'u\u00c952Q (u\u00e7eue quouwuneg 'ys) ajeazug6 uopeuBis2q feces tcc . wn |\\no PU ed HH on | pu Ro me N np Den a! UOUSAUOD e] ep UY op 93eq:#71nq: Uopusnauos ef ap 38}J2,p esud ajeq39V3UNS V1 3G NOLLVOIALLNAGI+ OPE Ae Pe RCELE eS\u00a9 cog\n31Y8079 ansPRET ARSrun ROMATS SCT 24\n2[eq0]6 ajoyiednsVS291\nYNIALVSITILN)Aadvdd 31 3T1V9 30 Nid WIIWV4 SNIdWVI\nELPELICEr]STO0-ST07-E80 of NOLLVSITILN.G NOIANIANO9 V1 30 Z 3X3NNV\nSecr\u00e9tariat g\u00e9n\u00e9ral commun d\u00e9partemental - 83-2025-01-09-00014 - Convention d'utilisation des immeubles sociaux et\nm\u00e9dico-sociaux remis en gestion \u00e0 l'IGeSA N\u00b0083-2025-0018 67\nSecr\u00e9tariat g\u00e9n\u00e9ral commun d\u00e9partemental - 83-2025-01-09-00014 - Convention d'utilisation des immeubles sociaux et\nm\u00e9dico-sociaux remis en gestion \u00e0 l'IGeSA N\u00b0083-2025-0018 68\nSecr\u00e9tariat g\u00e9n\u00e9ral commun d\u00e9partemental\n83-2025-01-09-00011\nConvention d'utilisation N\u00b0083-2025-0006\nSecr\u00e9tariat g\u00e9n\u00e9ral commun d\u00e9partemental - 83-2025-01-09-00011 - Convention d'utilisation N\u00b0083-2025-0006 69\nR\u00c9PUBLIQUE FRAN\u00c7AISE\nPR\u00c9FECTURE DU VAR\nCONVENTION D'UTILISATION\nN\u00b0 083 - 2025 - 0006\n  \nToulon, le 9 janvier 2025\nLes soussign\u00e9s :\n1\u00b0- L'administration charg\u00e9e des domaines, repr\u00e9sent\u00e9e par M.  Jean-Michel BLANCHARD, \nDirecteur d\u00e9partemental des finances publiques du Var, dont les bureaux sont \u00e0 Toulon (83056),  \nCentre Mayol, Place Besagne CS 91409, stipulant en vertu de la d\u00e9l\u00e9gation de signature du  \npr\u00e9fet qui lui a \u00e9t\u00e9 consentie par arr\u00eat\u00e9 n\u00b02023/58/MCI du 21 ao\u00fbt 2023 , ci-apr\u00e8s d\u00e9nomm\u00e9e le  \npropri\u00e9taire,\nD'une part,\n2\u00b0- L'EPA \u00ab La Masse des Douanes  \u00bb, repr\u00e9sent\u00e9 par Mme Sandrine AMBACH, Directrice,  dont \nles bureaux sont \u00e0 Montreuil (93558 cedex), 11 rue des Deux communes , ci-apr\u00e8s d\u00e9nomm\u00e9(e)  \nl'utilisateur,\nD'autre part,\nse sont pr\u00e9sent\u00e9s devant nous, pr\u00e9fet du d\u00e9partement du Var ,  et sont convenus du dispositif  \nsuivant :\nEXPOSE\nL'utilisateur a demand\u00e9, pour l'exercice de ses missions, le renouvellement de la convention  \nd'utilisation  n\u00b0083-2016-0241  qui  arrivera  \u00e0  terme  le  31  d\u00e9cembre  2024,  pour  la  mise  \u00e0  \ndisposition d'un immeuble situ\u00e9 \u00e0 Fr\u00e9jus (83600) avenue du G\u00e9n\u00e9ral d'Arm\u00e9 e Calli\u00e8s.\nCDU 083-2025-0006 - LOGEMENTS RESIDENCE MASSE SAINT-LAMBERT A FREJUS \n1Secr\u00e9tariat g\u00e9n\u00e9ral commun d\u00e9partemental - 83-2025-01-09-00011 - Convention d'utilisation N\u00b0083-2025-0006 70\nCette demande est mise en \u0153uvre dans les conditions fix\u00e9es par la pr\u00e9sente convention et par les  \ncirculaires du Premier ministre relatives \u00e0 la politique immobili\u00e8re de l'\u00c9tat.\nCONVENTION\nArticle 1er\nObjet de la convention\nLa pr\u00e9sente convention , conclue dans le cadre des dispositions des articles R. 2313-1 \u00e0 R. 2313-5  \ndu Code g\u00e9n\u00e9ral de la propri\u00e9t\u00e9 des personnes publiques, a pour objet de mettre \u00e0 la disposition  \nde l'utilisateur, aux fins de loger les agents des Douanes , l'immeuble d\u00e9sign\u00e9 \u00e0 l'article 2 selon  \nles modalit\u00e9s fix\u00e9es par les articles suivants.\nArticle 2\nD\u00e9signation de l'immeuble \nImmeuble d\u00e9nomm\u00e9 \u00ab  R\u00e9sidence Saint-Lambert  \u00bb, appartenant \u00e0 l'\u00c9tat sis \u00e0 Fr\u00e9jus, avenue du  \nG\u00e9n\u00e9ral d'Arm\u00e9e Calli\u00e8s,  \u00e9difi\u00e9 sur la parcelle cadastr\u00e9e section AX n\u00b0254  d'une superficie \ntotale de 2.281 m\u00b2, tel qu'il figure sur le plan cadastral joint en annexe n\u00b01.\nPar acte du 13 juin 2019 (annexe n\u00b02)     :  \n- le b\u00e2timent a \u00e9t\u00e9 inclus dans le p\u00e9rim\u00e8tre de l'Association Syndicale Libre \u00ab  284 avenue du \nG\u00e9n\u00e9ral d'Arm\u00e9e Calli\u00e8s  \u00bb ;\n- une servitude d'acc\u00e8s \u00e0 la parcelle AX n\u00b0254 a \u00e9t\u00e9 cr\u00e9\u00e9e \u00e0 travers la parcelle AX n\u00b01281 (ex  \nparcelle AX n\u00b01238).\nCet ensemble immobilier comprend 18 logements (9 T3, 1 T4 et 8 T5).\nLes surfaces de l'immeuble d\u00e9sign\u00e9 \u00e0 l'article 2 sont les suivantes :\n- Surface utile brute (SUB) : 2.566 m\u00b2\n- Surface utile nette (SUN)  : 1.283 m\u00b2 \nCet immeuble est identifi\u00e9 dans Chorus RE-Fx sous les num\u00e9ros : 112475  / 327295 / 8.\nSauf  prescription  contraire,  les  dispositions  de  la  pr\u00e9sente  convention  s'appliquent  \nautomatiquement aux constructions nouvelles qui viendraient \u00e0 \u00eatre \u00e9difi\u00e9es sur la d\u00e9pendance  \ndomaniale d\u00e9sign\u00e9e ci-dessus. Le propri\u00e9taire est inform\u00e9 de la r\u00e9alisation de toute nouvelle  \nconstruction, toute d\u00e9gradation ou usure inhabituelle. \nCDU 083-2025-0006 - LOGEMENTS RESIDENCE MASSE SAINT-LAMBERT A FREJUS \n2Secr\u00e9tariat g\u00e9n\u00e9ral commun d\u00e9partemental - 83-2025-01-09-00011 - Convention d'utilisation N\u00b0083-2025-0006 71\nArticle 3\nDur\u00e9e de la convention\nLa pr\u00e9sente convention est conclue pour une dur\u00e9e de neuf ann\u00e9es enti\u00e8res et cons\u00e9cutives qui  \ncommence le 1er janvier 2025, date \u00e0 laquelle les locaux sont mis \u00e0 la disposition de l'utilisateur.\nLa convention prend fin dans les conditions pr\u00e9vues \u00e0 l'article 14.\nArticle 4\n\u00c9tat des lieux\nSans objet s'agissant d'un renouvellement de convention.\nArticle 5\nRatio d'occupation\nSans objet s'agissant d'un b\u00e2timent de logements.\nArticle 6\n\u00c9tendue des pouvoirs de l'utilisateur\n6.1. L'usage de l'immeuble objet de la pr\u00e9sente convention est strictement r\u00e9serv\u00e9 au service  \nd\u00e9sign\u00e9 \u00e0 l'article 1er et pour l'objet mentionn\u00e9 au m\u00eame article.\n6.2. L'utilisateur peut d\u00e9livrer un titre d'occupation \u00e0 des tiers pendant la dur\u00e9e de la pr\u00e9sente  \nconvention, dans le respect des r\u00e8gles du Code g\u00e9n\u00e9ral de la propri\u00e9t\u00e9 des personnes publiques.  \nL'objet du titre d'occupation devra \u00eatre conforme \u00e0 l'utilisation de l'immeuble d\u00e9sign\u00e9 \u00e0 l'article 2  \nde la pr\u00e9sente convention. Pr\u00e9alablement \u00e0 sa d\u00e9livrance, l'utilisateur en informe le propri\u00e9taire.  \n6.3. L'ensemble des titres d'occupation en cours relatifs \u00e0 l'immeuble d\u00e9sign\u00e9 \u00e0 l'article 2,  \nd\u00e9livr\u00e9s  ant\u00e9rieurement  \u00e0  la  conclusion  de  la  convention,  est  port\u00e9  \u00e0  la  connaissance  du  \npropri\u00e9taire. Ces titres d'occupation sont list\u00e9s au sein d'une annexe \u00e0 la pr\u00e9sente convention.\nCDU 083-2025-0006 - LOGEMENTS RESIDENCE MASSE SAINT-LAMBERT A FREJUS \n3Secr\u00e9tariat g\u00e9n\u00e9ral commun d\u00e9partemental - 83-2025-01-09-00011 - Convention d'utilisation N\u00b0083-2025-0006 72\nArticle 7\nImp\u00f4ts et taxes\nL'utilisateur  acquitte  l'ensemble  des  taxes  et  contributions  aff\u00e9rentes  \u00e0  l'immeuble  qui  fait  \nl'objet de la pr\u00e9sente convention.\nArticle 8\nResponsabilit\u00e9\nL'utilisateur assume, sous le contr\u00f4le du propri\u00e9taire, l'ensemble des responsabilit\u00e9s, notamment  \nles contr\u00f4les r\u00e9glementaires, aff\u00e9rentes \u00e0 l'immeuble d\u00e9sign\u00e9 \u00e0 l'article 2 pour la dur\u00e9e de la  \npr\u00e9sente convention.\nArticle 9\nEntretien\nL'utilisateur  supporte  l'ensemble  des  d\u00e9penses  d'entretien  courant  et  de  petites  r\u00e9parations  \nrelatives \u00e0 l'immeuble d\u00e9sign\u00e9 \u00e0 l'article 2.\nCes  travaux  s'inscrivent  dans  une  programmation  pluriannuelle  pr\u00e9vue  par  l'utilisateur.  Le  \npropri\u00e9taire est susceptible d'en demander communication \u00e0 tout moment.\nLa  r\u00e9alisation  des  d\u00e9penses  d'entretien  mentionn\u00e9es  \u00e0  la  charte  de  gestion  (1) du  Compte \nd'affectation sp\u00e9ciale \u00abGestion du patrimoine immobilier de l'\u00c9tat\u00bb  r\u00e9gi par l'article 47 de la loi  \nde finances pour 2006 modifi\u00e9, \u00e0 la charge du propri\u00e9taire, est confi\u00e9e \u00e0 l'utilisateur qui les  \neffectue, sous sa responsabilit\u00e9, pour le compte du propri\u00e9taire :\n\u2013 avec les dotations du Compte d'affectation sp\u00e9ciale  \u00abGestion du patrimoine immobilier de  \nl'\u00c9tat\u00bb dans  le  cadre  de  la  programmation  annuelle  \u00e9tablie  par  le  responsable  du  budget  \nop\u00e9rationnel de programme minist\u00e9riel ou r\u00e9gional comp\u00e9tent  ;\n\u2013 avec les dotations inscrites sur son budget .\nLorsque l'immeuble d\u00e9sign\u00e9 \u00e0 l'article 2 est lib\u00e9r\u00e9, les d\u00e9penses de gardiennage, d'entretien et de  \nmise en s\u00e9curit\u00e9 sont assur\u00e9es par l'utilisateur pendant une dur\u00e9e d'un an qui d\u00e9bute \u00e0 compter  \nde la date de r\u00e9ception de la d\u00e9cision d'inutilit\u00e9 par le service local du Domaine. Dans le cas o\u00f9  \nla  d\u00e9cision  d'inutilit\u00e9  serait  prononc\u00e9e  avant  la  lib\u00e9ration  de  l'immeuble,  le  d\u00e9lai  d'un  an  \ncommencera  \u00e0  courir  \u00e0  compter  de  la  date  effective  de  lib\u00e9ration  totale  de  celui-ci  \nobligatoirement port\u00e9e sans d\u00e9lai \u00e0 la connaissance du service local du Domaine par l'utilisateur.  \nAfin de permettre le respect des objectifs fix\u00e9s dans le cadre de la transition \u00e9cologique pour les  \nb\u00e2timents publics, une annexe pourra \u00eatre jointe \u00e0 la pr\u00e9sente convention, visant \u00e0 d\u00e9terminer les  \ndroits et obligations respectifs du propri\u00e9taire et de l'utilisateur en la mati\u00e8re et les cons\u00e9quences  \nqui en r\u00e9sulteraient.\n(1) La  charte  de  gestion  du  Compte  d'affectation  sp\u00e9ciale  \u00abGestion  du  patrimoine  immobilier  de  l'\u00c9tat\u00bb  est  \ndisponible sur le portail de l'immobilier de l'\u00c9tat.\nCDU 083-2025-0006 - LOGEMENTS RESIDENCE MASSE SAINT-LAMBERT A FREJUS \n4Secr\u00e9tariat g\u00e9n\u00e9ral commun d\u00e9partemental - 83-2025-01-09-00011 - Convention d'utilisation N\u00b0083-2025-0006 73\nArticle 10\nObjectifs d'am\u00e9lioration de la performance immobili\u00e8re\nSans objet s'agissant d'un b\u00e2timent de logements.  \nArticle 11\nCo\u00fbt d'occupation domaniale hors charges \nLe co\u00fbt d'occupation domaniale hors charges de l'immeuble d\u00e9sign\u00e9 \u00e0 l'article 2 constitue une  \nvaleur  de  r\u00e9f\u00e9rence  pour  l'utilisateur.  Ce  co\u00fbt  sera  communiqu\u00e9  ult\u00e9rieurement,  actualis\u00e9  \nannuellement et ne donnera pas lieu \u00e0 facturation.\nArticle 12\nContr\u00f4le des conditions d'occupation\nLe propri\u00e9taire s'assure p\u00e9riodiquement des conditions dans lesquelles est entretenu et utilis\u00e9  \nl'immeuble remis \u00e0 l'utilisateur. Dans le cadre des objectifs poursuivis au titre de la politique  \nimmobili\u00e8re de l'\u00c9tat, il v\u00e9rifie notamment  : \n-L'\u00e9tat d'entretien g\u00e9n\u00e9ral de l'immeuble ;\n-Les conditions d'occupation et notamment si l'ensemble des surfaces est toujours utile \u00e0  \nl'utilisateur pour la r\u00e9alisation de ses missions.\nLe contr\u00f4le aboutira \u00e0 la d\u00e9livrance par le propri\u00e9taire  :\n-D'un proc\u00e8s-verbal de conformit\u00e9 si le contr\u00f4le valide les termes de la pr\u00e9sente convention  ;\n-D'un avis r\u00e9serv\u00e9 lorsque les engagements de la convention ne sont pas respect\u00e9s.\nL'avis r\u00e9serv\u00e9 engage l'utilisateur de l'immeuble \u00e0 rechercher et entreprendre les am\u00e9liorations  \nattendues en concertation avec le propri\u00e9taire. Dans un d\u00e9lai de 12 mois \u00e0 compter de la date de  \nnotification de l'avis r\u00e9serv\u00e9, le propri\u00e9taire convient d'une nouvelle visite avec l'utilisateur.  \nLors de cette visite, le propri\u00e9taire s'assure que l'utilisateur a bien mis en \u0153uvre les diligences  \nattendues. A l'issue de ce d\u00e9lai, si l'utilisateur ne s'est pas conform\u00e9 aux objectifs fix\u00e9s au  \npr\u00e9alable  avec  le  propri\u00e9taire,  le  pr\u00e9fet  pourra  prendre  des  sanctions  pouvant  aboutir  \u00e0  la  \nr\u00e9siliation de la pr\u00e9sente convention. \nEn cas d'\u00e9volutions ou incoh\u00e9rences constat\u00e9es entre les termes de la pr\u00e9sente convention et le  \nr\u00e9sultat \u00e9manant d'un contr\u00f4le de l'immeuble, une r\u00e9gularisation est syst\u00e9matiquement op\u00e9r\u00e9e  \npar voie d'avenant. \nCDU 083-2025-0006 - LOGEMENTS RESIDENCE MASSE SAINT-LAMBERT A FREJUS \n5Secr\u00e9tariat g\u00e9n\u00e9ral commun d\u00e9partemental - 83-2025-01-09-00011 - Convention d'utilisation N\u00b0083-2025-0006 74\nArticle 13\nTerme de la convention\n13.1. Terme de la convention :\nLa pr\u00e9sente convention prend fin de plein droit le 31 d\u00e9cembre 2033.\nElle prend \u00e9galement fin lorsque la cession de l'immeuble a \u00e9t\u00e9 d\u00e9cid\u00e9e, selon les r\u00e8gles pr\u00e9vues  \npar le Code g\u00e9n\u00e9ral de la propri\u00e9t\u00e9 des personnes publiques.\n13.2. R\u00e9siliation anticip\u00e9e de la convention :\nLa convention peut \u00eatre r\u00e9sili\u00e9e avant le terme pr\u00e9vu  :\na)  En  cas  de  non-respect  par  l'utilisateur  de  l'une  de  ses  obligations  ou  de  l'un  de  ses  \nengagements ; \nb)  Lorsque  l'int\u00e9r\u00eat  public,  tel  qu'il  est  d\u00e9clar\u00e9  par  le  pr\u00e9fet  dans  une  lettre  adress\u00e9e  aux  \nsignataires de la pr\u00e9sente convention, l'exige  ;\nc) Lors de la mise en \u0153uvre par le pr\u00e9fet de la strat\u00e9gie immobili\u00e8re \u00e9labor\u00e9e au niveau r\u00e9gional  \ndans le SDIR ;\nd) Lorsque le maintien dans les lieux est incompatible avec le SPSI d'administration centrale ou  \nd'op\u00e9rateur valid\u00e9 par le ministre ou en l'absence prolong\u00e9e d'\u00e9laboration d'un SPSI  ;\ne) A l'initiative de l'utilisateur, apr\u00e8s acceptation par le propri\u00e9taire,  moyennant le respect d'un  \npr\u00e9avis de six mois sauf en cas d'urgence, adress\u00e9 aux signataires de la pr\u00e9sente convention ;\nLa r\u00e9siliation est dans tous les cas prononc\u00e9e par le pr\u00e9fet.  \nUn exemplaire du pr\u00e9sent acte est conserv\u00e9 par chacun des signataires de la convention.\n***     *****     ***\nCDU 083-2025-0006 - LOGEMENTS RESIDENCE MASSE SAINT-LAMBERT A FREJUS \n6Secr\u00e9tariat g\u00e9n\u00e9ral commun d\u00e9partemental - 83-2025-01-09-00011 - Convention d'utilisation N\u00b0083-2025-0006 75\nLe repr\u00e9sentant du service utilisateur, Le repr\u00e9sentant de l'administration\ncharg\u00e9e du domaine.\nLe DDFIP du Var par d\u00e9l\u00e9gation\n         Sign\u00e9                                                                                      Sign\u00e9\nSandrine AMBACH Claudie CARION\nLe pr\u00e9fet,\nPour le pr\u00e9fet et par d\u00e9l\u00e9gation\nle secr\u00e9taire g\u00e9n\u00e9ral\n                                                                          Sign\u00e9\nLucien GIUDICELLI\nCDU 083-2025-0006 - LOGEMENTS RESIDENCE MASSE SAINT-LAMBERT A FREJUS \n7Secr\u00e9tariat g\u00e9n\u00e9ral commun d\u00e9partemental - 83-2025-01-09-00011 - Convention d'utilisation N\u00b0083-2025-0006 76\nD\u00e9partement  :\nVAR\nCommune  :\nFREJUS\nSection  : AX\nFeuille  : 000  AX 01\n\u00c9chelle  d'origine  : 1/2000\n\u00c9chelle  d'\u00e9dition  : 1/1000\nDate  d'\u00e9dition  : 24/04/2024\n(fuseau  horaire  de Paris)\nCoordonn\u00e9es  en projection  : RGF93CC43\n\u00a92022  Direction  G\u00e9n\u00e9rale  des  Finances\nPubliquesDIRECTION  G\u00c9N\u00c9RALE  DES  FINANCES  PUBLIQUESLe plan  visualis\u00e9  sur cet extrait  est g\u00e9r\u00e9\npar le centre  des  imp\u00f4ts  foncier  suivant  :\nService  D\u00e9partemental\ndes  Imp\u00f4ts  Fonciers  du Var  Antenne  de\nDraguignan  83008\n83008  DRAGUIGNAN  Cedex\nt\u00e9l. 04/94/60/49/33  -fax\nsdif.var-\ndraguignan@dgfip.finances.gouv.fr\nCet  extrait  de plan  vous  est d\u00e9livr\u00e9  par :\nDIVISION  4 DOMANIALE\nPCE  BESAGNE  CENTRE  MAYOL.CS\n91409\nr An,\nSRE2255800\n225570020034002255800\n2255700\n2003300 2003400\nSecr\u00e9tariat g\u00e9n\u00e9ral commun d\u00e9partemental - 83-2025-01-09-00011 - Convention d'utilisation N\u00b0083-2025-0006 77\nD\u00e9partement  :\nVAR\nCommune  :\nFREJUSDIRECTION  GENERALE  DES  FINANCES  PUBLIQUES\nSection  : AX\nFeuille  : 000 AX 01\n\u00c9chelle  d'origine  : 1/2000\n\u00c9chelle  d'\u00e9dition  : 1/2000\nDate  d'\u00e9dition  : 25/04/2024\n(fuseau  horaire  de Paris)\nCoordonn\u00e9es  en projection  : RGF93CC43\n\u00a92022  Direction  G\u00e9n\u00e9rale  des  Finances\nPubliquesLe plan  visualis\u00e9  sur cet extrait  est g\u00e9r\u00e9\npar le centre  des  imp\u00f4ts  foncier  suivant  :\nService  D\u00e9partemental\ndes  Imp\u00f4ts  Fonciers  du Var  Antenne  de\nDraguignan  83008\n83008  DRAGUIGNAN  Cedex\nt\u00e9l. 04/94/60/49/33  -fax\nsdif.var-\ndraguignan@dgfip.finances.gouv.fr\nCet  extrait  de plan  vous  est d\u00e9livr\u00e9  par :\nDIVISION  4 DOMANIALE\nPCE  BESAGNE  CENTRE  MAYOL  CS\n91409\n2255800\n22556002003400\n2255800\n2255600\nA\n2003400\nSecr\u00e9tariat g\u00e9n\u00e9ral commun d\u00e9partemental - 83-2025-01-09-00011 - Convention d'utilisation N\u00b0083-2025-0006 78\nps\nLY\"%, ov \"% NS a Es ~; \u00c0 | ed% Pi % \u00e9 % *% ilx $ + \u00a5 +va # +: xx\nX\nYe,\n4\u00c0of8,% x\n4\u00a5 &Cu&\u00e0 %,* e %.% ua %3 adxa-yoat ream 7 sy edxa-qyceh@eajueuOS 99 \u20acL LG ZO} CC+ KOA ~ ZS HS 99 Gr ZIG) CE+ PL 143d4X3BONVE \u20ac XOPSD SSINVYN 200p>SSUPN sp soushy eu3 ee9 rd LYPls9 icq 2 \u00e0e =|r 2 A32140 ang eapyy |Z ta;| INVONAdIQNI LNINATIHAIN oO STINVONIAIONI SAAUNNOGYOOD\u00ae 69 NOI INIINATIIAIN - DA \u00a3r 99 SHINNOGOODWd SnBAT gry : soryory loozt : 918494 | 6107/TI/T0 : PA] Np 7 ;asSnvnod \u00c0SSE PN UBid $30 Sssyw #Snfo1.] 009\u20ac8 piejiSQUIED [eIgUIH NP snusAySIL, - 8 THON TAINVYATLIGAW : LS xnTINTILNON 8SS\u20acG - SounuWOD xndq sop any [1 - SINVNOG SAC ASSVYW VI Va\nxweivx2.%\nSp:\nSecr\u00e9tariat g\u00e9n\u00e9ral commun d\u00e9partemental - 83-2025-01-09-00011 - Convention d'utilisation N\u00b0083-2025-0006 79\nSecr\u00e9tariat g\u00e9n\u00e9ral commun d\u00e9partemental\n83-2025-01-09-00013\nConvention d'utilisation n\u00b0083-2025-0007\nSecr\u00e9tariat g\u00e9n\u00e9ral commun d\u00e9partemental - 83-2025-01-09-00013 - Convention d'utilisation n\u00b0083-2025-0007 80\nR\u00c9PUBLIQUE FRAN\u00c7AISE\nPR\u00c9FECTURE DU VAR\nCONVENTION D'UTILISATION\nN\u00b0 083 - 2025 - 0007\n  \nToulon, le 9 janvier 2025\nLes soussign\u00e9s :\n1\u00b0- L'administration charg\u00e9e des domaines, repr\u00e9sent\u00e9e par M.  Jean-Michel BLANCHARD, \nDirecteur d\u00e9partemental des finances publiques du Var, dont les bureaux sont \u00e0 Toulon (83056),  \nCentre Mayol, Place Besagne CS 91409, stipulant en vertu de la d\u00e9l\u00e9gation de signature du  \npr\u00e9fet qui lui a \u00e9t\u00e9 consentie par arr\u00eat\u00e9 n\u00b02023/58/MCI du 21 ao\u00fbt 2023 , ci-apr\u00e8s d\u00e9nomm\u00e9e le  \npropri\u00e9taire,\nD'une part,\n2\u00b0- L'EPA \u00ab La Masse des Douanes  \u00bb, repr\u00e9sent\u00e9 par Mme Sandrine AMBACH, Directrice,  dont \nles bureaux sont \u00e0 Montreuil (93558 cedex), 11 rue des Deux communes , ci-apr\u00e8s d\u00e9nomm\u00e9(e)  \nl'utilisateur,\nD'autre part,\nse sont pr\u00e9sent\u00e9s devant nous, pr\u00e9fet du d\u00e9partement du Var ,  et sont convenus du dispositif  \nsuivant :\nEXPOSE\nL'utilisateur a demand\u00e9, pour l'exercice de ses missions, le renouvellement de la convention  \nd'utilisation  n\u00b0083-2016-0277  qui  arrivera  \u00e0  terme  le  31  d\u00e9cembre  2024,  pour  la  mise  \u00e0  \ndisposition d'un immeuble situ\u00e9 \u00e0 Toulon (83000), 149-187 avenue Jacques Cartier.\nCette demande est mise en \u0153uvre dans les conditions fix\u00e9es par la pr\u00e9sente convention et par les  \ncirculaires du Premier ministre relatives \u00e0 la politique immobili\u00e8re de l'\u00c9tat.\nCDU 083-2024- 0007 - LOGEMENTS RESIDENCE MASSE DE TOULON \n1Secr\u00e9tariat g\u00e9n\u00e9ral commun d\u00e9partemental - 83-2025-01-09-00013 - Convention d'utilisation n\u00b0083-2025-0007 81\nCONVENTION\nArticle 1er\nObjet de la convention\nLa pr\u00e9sente convention , conclue dans le cadre des dispositions des articles R. 2313-1 \u00e0 R. 2313-5  \ndu Code g\u00e9n\u00e9ral de la propri\u00e9t\u00e9 des personnes publiques, a pour objet de mettre \u00e0 la disposition  \nde l'utilisateur aux fins de loger les agents des Douanes , l'immeuble d\u00e9sign\u00e9 \u00e0 l'article 2 selon  \nles modalit\u00e9s fix\u00e9es par les articles suivants.\nArticle 2\nD\u00e9signation de l'immeuble \nImmeuble  appartenant  \u00e0  l'\u00c9tat  sis  \u00e0  Toulon,  149-187  avenue  Jacques  Cartier ,  \u00e9difi\u00e9  sur  la \nparcelle cadastr\u00e9e section BT n\u00b0292  d'une superficie totale de 2.008 m\u00b2, tel qu'il figure sur le  \nplan cadastral joint en annexe n\u00b01.\nCet immeuble comprend 20 appartements avec cave (5 T2, 13 T3 et 2 T4).\nLes surfaces de l'immeuble d\u00e9sign\u00e9 \u00e0 l'article 2 sont les suivantes :  \n- Surface utile brute (SUB) : 1.226 m\u00b2\n- Surface utile nette (SUN)  : 981 m\u00b2 \nCet immeuble est identifi\u00e9 dans Chorus RE-Fx sous les num\u00e9ros : 112501  / 334390/ 9.\nSauf  prescription  contraire,  les  dispositions  de  la  pr\u00e9sente  convention  s'appliquent  \nautomatiquement aux constructions nouvelles qui viendraient \u00e0 \u00eatre \u00e9difi\u00e9es sur la d\u00e9pendance  \ndomaniale d\u00e9sign\u00e9e ci-dessus. Le propri\u00e9taire est inform\u00e9 de la r\u00e9alisation de toute nouvelle  \nconstruction, toute d\u00e9gradation ou usure inhabituelle. \nArticle 3\nDur\u00e9e de la convention\nLa pr\u00e9sente convention est conclue pour une dur\u00e9e de neuf ann\u00e9es enti\u00e8res et cons\u00e9cutives qui  \ncommence le 1er janvier 2025, date \u00e0 laquelle les locaux sont mis \u00e0 la disposition de l'utilisateur.\nLa convention prend fin dans les conditions pr\u00e9vues \u00e0 l'article 14.\nCDU 083-2024- 0007 - LOGEMENTS RESIDENCE MASSE DE TOULON \n2Secr\u00e9tariat g\u00e9n\u00e9ral commun d\u00e9partemental - 83-2025-01-09-00013 - Convention d'utilisation n\u00b0083-2025-0007 82\nArticle 4\n\u00c9tat des lieux\nSans objet s'agissant d'un renouvellement de convention.\nArticle 5\nRatio d'occupation\nSans objet s'agissant d'un b\u00e2timent de logements.\nArticle 6\n\u00c9tendue des pouvoirs de l'utilisateur\n6.1. L'usage de l'immeuble objet de la pr\u00e9sente convention est strictement r\u00e9serv\u00e9 au service  \nd\u00e9sign\u00e9 \u00e0 l'article 1er et pour l'objet mentionn\u00e9 au m\u00eame article.\n6.2. L'utilisateur peut d\u00e9livrer un titre d'occupation \u00e0 des tiers pendant la dur\u00e9e de la pr\u00e9sente  \nconvention, dans le respect des r\u00e8gles du Code g\u00e9n\u00e9ral de la propri\u00e9t\u00e9 des personnes publiques.  \nL'objet du titre d'occupation devra \u00eatre conforme \u00e0 l'utilisation de l'immeuble d\u00e9sign\u00e9 \u00e0 l'article 2  \nde la pr\u00e9sente convention. Pr\u00e9alablement \u00e0 sa d\u00e9livrance, l'utilisateur en informe le propri\u00e9taire.  \n6.3. L'ensemble des titres d'occupation en cours relatifs \u00e0 l'immeuble d\u00e9sign\u00e9 \u00e0 l'article 2,  \nd\u00e9livr\u00e9s  ant\u00e9rieurement  \u00e0  la  conclusion  de  la  convention,  est  port\u00e9  \u00e0  la  connaissance  du  \npropri\u00e9taire. Ces titres d'occupation sont list\u00e9s au sein d'une annexe \u00e0 la pr\u00e9sente convention.\nArticle 7\nImp\u00f4ts et taxes\nL'utilisateur  acquitte  l'ensemble  des  taxes  et  contributions  aff\u00e9rentes  \u00e0  l'immeuble  qui  fait  \nl'objet de la pr\u00e9sente convention.\nArticle 8\nResponsabilit\u00e9\nL'utilisateur assume, sous le contr\u00f4le du propri\u00e9taire, l'ensemble des responsabilit\u00e9s, notamment  \nles contr\u00f4les r\u00e9glementaires, aff\u00e9rentes \u00e0 l'immeuble d\u00e9sign\u00e9 \u00e0 l'article 2 pour la dur\u00e9e de la  \npr\u00e9sente convention.\nCDU 083-2024- 0007 - LOGEMENTS RESIDENCE MASSE DE TOULON \n3Secr\u00e9tariat g\u00e9n\u00e9ral commun d\u00e9partemental - 83-2025-01-09-00013 - Convention d'utilisation n\u00b0083-2025-0007 83\nArticle 9\nEntretien\nL'utilisateur  supporte  l'ensemble  des  d\u00e9penses  d'entretien  courant  et  de  petites  r\u00e9parations  \nrelatives \u00e0 l'immeuble d\u00e9sign\u00e9 \u00e0 l'article 2.\nCes  travaux  s'inscrivent  dans  une  programmation  pluriannuelle  pr\u00e9vue  par  l'utilisateur.  Le  \npropri\u00e9taire est susceptible d'en demander communication \u00e0 tout moment.\nLa  r\u00e9alisation  des  d\u00e9penses  d'entretien  mentionn\u00e9es  \u00e0  la  charte  de  gestion  (1) du  Compte \nd'affectation sp\u00e9ciale \u00abGestion du patrimoine immobilier de l'\u00c9tat\u00bb  r\u00e9gi par l'article 47 de la loi  \nde finances pour 2006 modifi\u00e9, \u00e0 la charge du propri\u00e9taire, est confi\u00e9e \u00e0 l'utilisateur qui les  \neffectue, sous sa responsabilit\u00e9, pour le compte du propri\u00e9taire :\n\u2013 avec les dotations du Compte d'affectation sp\u00e9ciale  \u00abGestion du patrimoine immobilier de  \nl'\u00c9tat\u00bb dans  le  cadre  de  la  programmation  annuelle  \u00e9tablie  par  le  responsable  du  budget  \nop\u00e9rationnel de programme minist\u00e9riel ou r\u00e9gional comp\u00e9tent  ;\n\u2013 avec les dotations inscrites sur son budget .\nLorsque l'immeuble d\u00e9sign\u00e9 \u00e0 l'article 2 est lib\u00e9r\u00e9, les d\u00e9penses de gardiennage, d'entretien et de  \nmise en s\u00e9curit\u00e9 sont assur\u00e9es par l'utilisateur pendant une dur\u00e9e d'un an qui d\u00e9bute \u00e0 compter  \nde la date de r\u00e9ception de la d\u00e9cision d'inutilit\u00e9 par le service local du Domaine. Dans le cas o\u00f9  \nla  d\u00e9cision  d'inutilit\u00e9  serait  prononc\u00e9e  avant  la  lib\u00e9ration  de  l'immeuble,  le  d\u00e9lai  d'un  an  \ncommencera  \u00e0  courir  \u00e0  compter  de  la  date  effective  de  lib\u00e9ration  totale  de  celui-ci  \nobligatoirement port\u00e9e sans d\u00e9lai \u00e0 la connaissance du service local du Domaine par l'utilisateur.  \nAfin de permettre le respect des objectifs fix\u00e9s dans le cadre de la transition \u00e9cologique pour les  \nb\u00e2timents publics, une annexe pourra \u00eatre jointe \u00e0 la pr\u00e9sente convention, visant \u00e0 d\u00e9terminer les  \ndroits et obligations respectifs du propri\u00e9taire et de l'utilisateur en la mati\u00e8re et les cons\u00e9quences  \nqui en r\u00e9sulteraient.\n(1) La  charte  de  gestion  du  Compte  d'affectation  sp\u00e9ciale  \u00abGestion  du  patrimoine  immobilier  de  l'\u00c9tat\u00bb  est  \ndisponible sur le portail de l'immobilier de l'\u00c9tat.\nArticle 10\nObjectifs d'am\u00e9lioration de la performance immobili\u00e8re\nSans objet s'agissant d'un b\u00e2timent de logements.  \nArticle 11\nCo\u00fbt d'occupation domaniale hors charges\nLe co\u00fbt d'occupation domaniale hors charges de l'immeuble d\u00e9sign\u00e9 \u00e0 l'article 2 constitue une  \nvaleur de r\u00e9f\u00e9rence pour l'utilisateur. Ce co\u00fbt sera communiqu\u00e9 ult\u00e9rieurement \u00e0 l'utilisateur,  \nactualis\u00e9 annuellement, et ne donnera pas lieu \u00e0 facturation.\nCDU 083-2024- 0007 - LOGEMENTS RESIDENCE MASSE DE TOULON \n4Secr\u00e9tariat g\u00e9n\u00e9ral commun d\u00e9partemental - 83-2025-01-09-00013 - Convention d'utilisation n\u00b0083-2025-0007 84\nArticle 12\nContr\u00f4le des conditions d'occupation\nLe propri\u00e9taire s'assure p\u00e9riodiquement des conditions dans lesquelles est entretenu et utilis\u00e9  \nl'immeuble remis \u00e0 l'utilisateur. Dans le cadre des objectifs poursuivis au titre de la politique  \nimmobili\u00e8re de l'\u00c9tat, il v\u00e9rifie notamment  : \n-L'\u00e9tat d'entretien g\u00e9n\u00e9ral de l'immeuble ;\n-Les conditions d'occupation et notamment si l'ensemble des surfaces est toujours utile \u00e0  \nl'utilisateur pour la r\u00e9alisation de ses missions.\nLe contr\u00f4le aboutira \u00e0 la d\u00e9livrance par le propri\u00e9taire  :\n-D'un proc\u00e8s-verbal de conformit\u00e9 si le contr\u00f4le valide les termes de la pr\u00e9sente convention  ;\n-D'un avis r\u00e9serv\u00e9 lorsque les engagements de la convention ne sont pas respect\u00e9s.\nL'avis r\u00e9serv\u00e9 engage l'utilisateur de l'immeuble \u00e0 rechercher et entreprendre les am\u00e9liorations  \nattendues en concertation avec le propri\u00e9taire. Dans un d\u00e9lai de 12 mois \u00e0 compter de la date de  \nnotification de l'avis r\u00e9serv\u00e9, le propri\u00e9taire convient d'une nouvelle visite avec l'utilisateur.  \nLors de cette visite, le propri\u00e9taire s'assure que l'utilisateur a bien mis en \u0153uvre les diligences  \nattendues. A l'issue de ce d\u00e9lai, si l'utilisateur ne s'est pas conform\u00e9 aux objectifs fix\u00e9s au  \npr\u00e9alable  avec  le  propri\u00e9taire,  le  pr\u00e9fet  pourra  prendre  des  sanctions  pouvant  aboutir  \u00e0  la  \nr\u00e9siliation de la pr\u00e9sente convention. \nEn cas d'\u00e9volutions ou incoh\u00e9rences constat\u00e9es entre les termes de la pr\u00e9sente convention et le  \nr\u00e9sultat \u00e9manant d'un contr\u00f4le de l'immeuble, une r\u00e9gularisation est syst\u00e9matiquement op\u00e9r\u00e9e  \npar voie d'avenant. \nArticle 13\nTerme de la convention\n13.1. Terme de la convention :\nLa pr\u00e9sente convention prend fin de plein droit le 31 d\u00e9cembre 2033.\nElle prend \u00e9galement fin lorsque la cession de l'immeuble a \u00e9t\u00e9 d\u00e9cid\u00e9e, selon les r\u00e8gles pr\u00e9vues  \npar le Code g\u00e9n\u00e9ral de la propri\u00e9t\u00e9 des personnes publiques.\n13.2. R\u00e9siliation anticip\u00e9e de la convention :\nLa convention peut \u00eatre r\u00e9sili\u00e9e avant le terme pr\u00e9vu  :\na)  En  cas  de  non-respect  par  l'utilisateur  de  l'une  de  ses  obligations  ou  de  l'un  de  ses  \nengagements ; \nCDU 083-2024- 0007 - LOGEMENTS RESIDENCE MASSE DE TOULON \n5Secr\u00e9tariat g\u00e9n\u00e9ral commun d\u00e9partemental - 83-2025-01-09-00013 - Convention d'utilisation n\u00b0083-2025-0007 85\nb)  Lorsque  l'int\u00e9r\u00eat  public,  tel  qu'il  est  d\u00e9clar\u00e9  par  le  pr\u00e9fet  dans  une  lettre  adress\u00e9e  aux  \nsignataires de la pr\u00e9sente convention, l'exige  ;\nc) Lors de la mise en \u0153uvre par le pr\u00e9fet de la strat\u00e9gie immobili\u00e8re \u00e9labor\u00e9e au niveau r\u00e9gional  \ndans le SDIR ;\nd) Lorsque le maintien dans les lieux est incompatible avec le SPSI d'administration centrale ou  \nd'op\u00e9rateur valid\u00e9 par le ministre ou en l'absence prolong\u00e9e d'\u00e9laboration d'un SPSI  ;\ne) A l'initiative de l'utilisateur, apr\u00e8s acceptation par le propri\u00e9taire,  moyennant le respect d'un  \npr\u00e9avis de six mois sauf en cas d'urgence, adress\u00e9 aux signataires de la pr\u00e9sente convention ;\nLa r\u00e9siliation est dans tous les cas prononc\u00e9e par le pr\u00e9fet.\nUn exemplaire du pr\u00e9sent acte est conserv\u00e9 par chacun des signataires de la convention.\n***     *****     ***\nLe repr\u00e9sentant du service utilisateur, Le repr\u00e9sentant de l'administration\ncharg\u00e9e du domaine.\nLe DDFIP du Var par d\u00e9l\u00e9gation\n          Sign\u00e9                                                                                       Sign\u00e9\nSandrine AMBACH Claudie CARION\nLe pr\u00e9fet,\nPour le pr\u00e9fet et par d\u00e9l\u00e9gation\nle secr\u00e9taire g\u00e9n\u00e9ral\n                                                                          Sign\u00e9\nLucien GIUDICELLI\nCDU 083-2024- 0007 - LOGEMENTS RESIDENCE MASSE DE TOULON \n6Secr\u00e9tariat g\u00e9n\u00e9ral commun d\u00e9partemental - 83-2025-01-09-00013 - Convention d'utilisation n\u00b0083-2025-0007 86\nD\u00e9partement  :\nVAR\nCommune  :\nTOULONDIRECTION  GENERALE  DES  FINANCES  PUBLIQUES\nEXTRAIT  DU PLAN  CADASTRAL\nSection  : BT\nFeuille  : 000  BT 01\nEchelle  d'origine  : 1/1000\nEchelle  d'\u00e9dition  : 1/1000\nDate  d'\u00e9dition  : 22/04/2024\n(fuseau  horaire  de Paris)\nCoordonn\u00e9es  en projection  : RGF93CC43\n\u00a92022  Direction  G\u00e9n\u00e9rale  des  Finances\nPubliquesLe plan  visualis\u00e9  sur cet extrait  est g\u00e9r\u00e9\npar le centre  des imp\u00f4ts  foncier  suivant  :\nTOULON\n171 avenue  de Vert  Coteau  CS 20127\n83071\n83071  TOULON  CEDEX\nt\u00e9l. 04 94 03 95 01 -fax\ncdif.toulon@dgfip.finances.gouv.fr\nCet  extrait  de plan  vous  est d\u00e9livr\u00e9  par :\nDIVISION  4 DOMANIALE\nPCE  BESAGNE  CENTRE  MAYOL  CS\n91409\n22166001939300 1939400\n19393002216700\n2216600\n1939400\nSecr\u00e9tariat g\u00e9n\u00e9ral commun d\u00e9partemental - 83-2025-01-09-00013 - Convention d'utilisation n\u00b0083-2025-0007 87\nOrr'6CGI  =X-|\nDW'\u00e9CET  =XFr ore'6e6I  =X\nF OSr'GEGI  =X\n| 1N34X3\nE Zzrscs |a2= 3is}12/0 sq soipu |ZoO XYONSdSGNI LNSNATIZAIN Oo SULNVGNadaGNI SHANNOTYOODa 69 NOI INHINATIIAIN & \u20acr 29 STINNOMION)Wd NOTNOL 814 : moi [oot : eneuoGLOC/TI/ST PAST NP PIasseyy Ue] qa-V SININILV4uomno L OOTESJotue sanbauf 9nU9A0\" 6h]w\u00a5O[NOL, - 8 THON: SINVUAALIGAI : LS\nSENvVNOGS30 3SSvVWTAMLLNON 856\u20ac6 - SSURULIO] XNA] 52p PNY [1 - SUNVMOG SAC ASSVIN VI Vda\nOW6CET  x - F DOWECET  =X\ncorgest  =x H OSC'G6EGT  =X\nDICECEL  =X-\nOPC'EC6T  =X\u2014 F oPC6C6T  =X\nESET  =X- + GESEST  =X\nWEEEST  =X + OOE'GEST  =X\nOST6EGI  =X-mcg2 =A}- mar SEGt =X\nSecr\u00e9tariat g\u00e9n\u00e9ral commun d\u00e9partemental - 83-2025-01-09-00013 - Convention d'utilisation n\u00b0083-2025-0007 88\nSecr\u00e9tariat g\u00e9n\u00e9ral commun d\u00e9partemental\n83-2025-01-09-00012\nConvention d'utilisation N\u00b0083-2025-0008\nSecr\u00e9tariat g\u00e9n\u00e9ral commun d\u00e9partemental - 83-2025-01-09-00012 - Convention d'utilisation N\u00b0083-2025-0008 89\nR\u00c9PUBLIQUE FRAN\u00c7AISE\nPR\u00c9FECTURE DU VAR\nCONVENTION D'UTILISATION\nN\u00b0 083 - 2025 - 0008\n  \nToulon, le 9 janvier 2025\nLes soussign\u00e9s :\n1\u00b0- L'administration charg\u00e9e des domaines, repr\u00e9sent\u00e9e par M.  Jean-Michel BLANCHARD, \nDirecteur d\u00e9partemental des finances publiques du Var, dont les bureaux sont \u00e0 Toulon (83056),  \nCentre Mayol, Place Besagne CS 91409, stipulant en vertu de la d\u00e9l\u00e9gation de signature du  \npr\u00e9fet qui lui a \u00e9t\u00e9 consentie par arr\u00eat\u00e9 n\u00b02023/58/MCI du 21 ao\u00fbt 2023 , ci-apr\u00e8s d\u00e9nomm\u00e9e le  \npropri\u00e9taire,\nD'une part,\n2\u00b0- L'EPA \u00ab La Masse des Douanes  \u00bb, repr\u00e9sent\u00e9 par Mme Sandrine AMBACH, Directrice,  dont \nles bureaux sont \u00e0 Montreuil (93558 cedex), 11 rue des Deux communes , ci-apr\u00e8s d\u00e9nomm\u00e9(e)  \nl'utilisateur,\nD'autre part,\nse sont pr\u00e9sent\u00e9s devant nous, pr\u00e9fet du d\u00e9partement du Var ,  et sont convenus du dispositif  \nsuivant :\nEXPOSE\nL'utilisateur a demand\u00e9, pour l'exercice de ses missions, le renouvellement de la convention  \nd'utilisation  n\u00b0083-2025-0008  qui  arrivera  \u00e0  terme  le  31  d\u00e9cembre  2024,  pour  la  mise  \u00e0  \ndisposition d'un ensemble immobilier situ\u00e9 au Lavandou (83980), avenue Paul Val\u00e9ry.\nCDU 083-2025-0008  LOGEMENTS RESIDENCE MASSE DU LAVANDOU\n1Secr\u00e9tariat g\u00e9n\u00e9ral commun d\u00e9partemental - 83-2025-01-09-00012 - Convention d'utilisation N\u00b0083-2025-0008 90\nCette demande est mise en \u0153uvre dans les conditions fix\u00e9es par la pr\u00e9sente convention et par les  \ncirculaires du Premier ministre relatives \u00e0 la politique immobili\u00e8re de l'\u00c9tat.\nCONVENTION\nArticle 1er\nObjet de la convention\nLa pr\u00e9sente convention , conclue dans le cadre des dispositions des articles R. 2313-1 \u00e0 R. 2313-5  \ndu Code g\u00e9n\u00e9ral de la propri\u00e9t\u00e9 des personnes publiques, a pour objet de mettre \u00e0 la disposition  \nde l'utilisateur, aux fins de loger les agents des Douanes , l'immeuble d\u00e9sign\u00e9 \u00e0 l'article 2 selon  \nles modalit\u00e9s fix\u00e9es par les articles suivants.\nArticle 2\nD\u00e9signation de l'immeuble \nUn ensemble immobilier situ\u00e9 au sein d'une copropri\u00e9t\u00e9 \u00e0 usage d'habitation d\u00e9nomm\u00e9e \u00ab  Le \nVulcain II \u00bb, sis au Lavandou (83980), avenue Paul Val\u00e9ry ,  \u00e9difi\u00e9 sur la parcelle cadastr\u00e9e  \nsection BS 77  d'une superficie totale de 714 m2 ,  tel qu'il figure sur le plan cadastral joint en  \nannexe n\u00b01.\nL'\u00c9tat  est  propri\u00e9taire  de  quatre  appartements,  qui  constituent  quatre  lots  distincts  de  la  \ncopropri\u00e9t\u00e9 :\n- lot 20 : un appartement T3 situ\u00e9 au 1er \u00e9tage d'une superficie d'environ 72 m\u00b2  ;\n- lot 21 : un appartement T4 (avec balcon de 7,5 m\u00b2) situ\u00e9 au 1er \u00e9tage d'une superficie d'environ  \n87 m\u00b2 ;\n- lot 26 : un appartement T4 (avec balcon de 7,5 m\u00b2) situ\u00e9 au 2e \u00e9tage d'une superficie d'environ  \n87 m\u00b2 ;\n- lot 31 : un appartement T4 (avec balcon de 7,5 m\u00b2) situ\u00e9 au 3e \u00e9tage d'une superficie d'environ  \n87 m\u00b2.\nCet immeuble est identifi\u00e9 dans Chorus RE-Fx sous les num\u00e9ros : 161775  / 317970 / 4.\nSauf  prescription  contraire,  les  dispositions  de  la  pr\u00e9sente  convention  s'appliquent  \nautomatiquement aux constructions nouvelles qui viendraient \u00e0 \u00eatre \u00e9difi\u00e9es sur la d\u00e9pendance  \ndomaniale d\u00e9sign\u00e9e ci-dessus. Le propri\u00e9taire est inform\u00e9 de la r\u00e9alisation de toute nouvelle  \nconstruction, toute d\u00e9gradation ou usure inhabituelle. \nCDU 083-2025-0008  LOGEMENTS RESIDENCE MASSE DU LAVANDOU\n2Secr\u00e9tariat g\u00e9n\u00e9ral commun d\u00e9partemental - 83-2025-01-09-00012 - Convention d'utilisation N\u00b0083-2025-0008 91\nArticle 3\nDur\u00e9e de la convention\nLa pr\u00e9sente convention est conclue pour une dur\u00e9e de neuf ann\u00e9es enti\u00e8res et cons\u00e9cutives qui  \ncommence le 1er janvier 2025, date \u00e0 laquelle les locaux sont mis \u00e0 la disposition de l'utilisateur.\nLa convention prend fin dans les conditions pr\u00e9vues \u00e0 l'article 14.\nArticle 4\n\u00c9tat des lieux\nSans objet s'agissant d'un renouvellement de convention.\nArticle 5\nRatio d'occupation\nSans objet s'agissant d'un b\u00e2timent de logements.\nArticle 6\n\u00c9tendue des pouvoirs de l'utilisateur\n6.1. L'usage de l'immeuble objet de la pr\u00e9sente convention est strictement r\u00e9serv\u00e9 au service  \nd\u00e9sign\u00e9 \u00e0 l'article 1er et pour l'objet mentionn\u00e9 au m\u00eame article.\n6.2. L'utilisateur peut d\u00e9livrer un titre d'occupation \u00e0 des tiers pendant la dur\u00e9e de la pr\u00e9sente  \nconvention, dans le respect des r\u00e8gles du Code g\u00e9n\u00e9ral de la propri\u00e9t\u00e9 des personnes publiques.  \nL'objet du titre d'occupation devra \u00eatre conforme \u00e0 l'utilisation de l'immeuble d\u00e9sign\u00e9 \u00e0 l'article 2  \nde la pr\u00e9sente convention. Pr\u00e9alablement \u00e0 sa d\u00e9livrance, l'utilisateur en informe le propri\u00e9taire.  \n6.3. L'ensemble des titres d'occupation en cours relatifs \u00e0 l'immeuble d\u00e9sign\u00e9 \u00e0 l'article 2,  \nd\u00e9livr\u00e9s  ant\u00e9rieurement  \u00e0  la  conclusion  de  la  convention,  est  port\u00e9  \u00e0  la  connaissance  du  \npropri\u00e9taire. Ces titres d'occupation sont list\u00e9s au sein d'une annexe \u00e0 la pr\u00e9sente convention.\nArticle 7\nImp\u00f4ts et taxes\nCDU 083-2025-0008  LOGEMENTS RESIDENCE MASSE DU LAVANDOU\n3Secr\u00e9tariat g\u00e9n\u00e9ral commun d\u00e9partemental - 83-2025-01-09-00012 - Convention d'utilisation N\u00b0083-2025-0008 92\nL'utilisateur  acquitte  l'ensemble  des  taxes  et  contributions  aff\u00e9rentes  \u00e0  l'immeuble  qui  fait  \nl'objet de la pr\u00e9sente convention.\nArticle 8\nResponsabilit\u00e9\nL'utilisateur assume, sous le contr\u00f4le du propri\u00e9taire, l'ensemble des responsabilit\u00e9s, notamment  \nles contr\u00f4les r\u00e9glementaires, aff\u00e9rentes \u00e0 l'immeuble d\u00e9sign\u00e9 \u00e0 l'article 2 pour la dur\u00e9e de la  \npr\u00e9sente convention.\nArticle 9\nEntretien\nL'utilisateur  supporte  l'ensemble  des  d\u00e9penses  d'entretien  courant  et  de  petites  r\u00e9parations  \nrelatives \u00e0 l'immeuble d\u00e9sign\u00e9 \u00e0 l'article 2.\nCes  travaux  s'inscrivent  dans  une  programmation  pluriannuelle  pr\u00e9vue  par  l'utilisateur.  Le  \npropri\u00e9taire est susceptible d'en demander communication \u00e0 tout moment.\nLa  r\u00e9alisation  des  d\u00e9penses  d'entretien  mentionn\u00e9es  \u00e0  la  charte  de  gestion  (1) du  Compte \nd'affectation sp\u00e9ciale \u00abGestion du patrimoine immobilier de l'\u00c9tat\u00bb  r\u00e9gi par l'article 47 de la loi  \nde finances pour 2006 modifi\u00e9, \u00e0 la charge du propri\u00e9taire, est confi\u00e9e \u00e0 l'utilisateur qui les  \neffectue, sous sa responsabilit\u00e9, pour le compte du propri\u00e9taire :\n\u2013 avec les dotations du Compte d'affectation sp\u00e9ciale  \u00abGestion du patrimoine immobilier de  \nl'\u00c9tat\u00bb dans  le  cadre  de  la  programmation  annuelle  \u00e9tablie  par  le  responsable  du  budget  \nop\u00e9rationnel de programme minist\u00e9riel ou r\u00e9gional comp\u00e9tent  ;\n\u2013 avec les dotations inscrites sur son budget .\nLorsque l'immeuble d\u00e9sign\u00e9 \u00e0 l'article 2 est lib\u00e9r\u00e9, les d\u00e9penses de gardiennage, d'entretien et de  \nmise en s\u00e9curit\u00e9 sont assur\u00e9es par l'utilisateur pendant une dur\u00e9e d'un an qui d\u00e9bute \u00e0 compter  \nde la date de r\u00e9ception de la d\u00e9cision d'inutilit\u00e9 par le service local du Domaine. Dans le cas o\u00f9  \nla  d\u00e9cision  d'inutilit\u00e9  serait  prononc\u00e9e  avant  la  lib\u00e9ration  de  l'immeuble,  le  d\u00e9lai  d'un  an  \ncommencera  \u00e0  courir  \u00e0  compter  de  la  date  effective  de  lib\u00e9ration  totale  de  celui-ci  \nobligatoirement port\u00e9e sans d\u00e9lai \u00e0 la connaissance du service local du Domaine par l'utilisateur.  \nAfin de permettre le respect des objectifs fix\u00e9s dans le cadre de la transition \u00e9cologique pour les  \nb\u00e2timents publics, une annexe pourra \u00eatre jointe \u00e0 la pr\u00e9sente convention, visant \u00e0 d\u00e9terminer les  \ndroits et obligations respectifs du propri\u00e9taire et de l'utilisateur en la mati\u00e8re et les cons\u00e9quences  \nqui en r\u00e9sulteraient.\n(1) La  charte  de  gestion  du  Compte  d'affectation  sp\u00e9ciale  \u00abGestion  du  patrimoine  immobilier  de  l'\u00c9tat\u00bb  est  \ndisponible sur le portail de l'immobilier de l'\u00c9tat.\nCDU 083-2025-0008  LOGEMENTS RESIDENCE MASSE DU LAVANDOU\n4Secr\u00e9tariat g\u00e9n\u00e9ral commun d\u00e9partemental - 83-2025-01-09-00012 - Convention d'utilisation N\u00b0083-2025-0008 93\nArticle 10\nObjectifs d'am\u00e9lioration de la performance immobili\u00e8re\nSans objet s'agissant d'un b\u00e2timent de logements.  \nArticle 11\nCo\u00fbt d'occupation domaniale hors charges \nLe co\u00fbt d'occupation domaniale hors charges de l'immeuble d\u00e9sign\u00e9 \u00e0 l'article 2 constitue une  \nvaleur  de  r\u00e9f\u00e9rence  pour  l'utilisateur.  Ce  co\u00fbt  sera  communiqu\u00e9  ult\u00e9rieurement,  actualis\u00e9  \nannuellement et ne donnera pas lieu \u00e0 facturation.\nArticle 12\nContr\u00f4le des conditions d'occupation\nLe propri\u00e9taire s'assure p\u00e9riodiquement des conditions dans lesquelles est entretenu et utilis\u00e9  \nl'immeuble remis \u00e0 l'utilisateur. Dans le cadre des objectifs poursuivis au titre de la politique  \nimmobili\u00e8re de l'\u00c9tat, il v\u00e9rifie notamment  : \n-L'\u00e9tat d'entretien g\u00e9n\u00e9ral de l'immeuble ;\n-Les conditions d'occupation et notamment si l'ensemble des surfaces est toujours utile \u00e0  \nl'utilisateur pour la r\u00e9alisation de ses missions.\nLe contr\u00f4le aboutira \u00e0 la d\u00e9livrance par le propri\u00e9taire  :\n-D'un proc\u00e8s-verbal de conformit\u00e9 si le contr\u00f4le valide les termes de la pr\u00e9sente convention  ;\n-D'un avis r\u00e9serv\u00e9 lorsque les engagements de la convention ne sont pas respect\u00e9s.\nL'avis r\u00e9serv\u00e9 engage l'utilisateur de l'immeuble \u00e0 rechercher et entreprendre les am\u00e9liorations  \nattendues en concertation avec le propri\u00e9taire. Dans un d\u00e9lai de 12 mois \u00e0 compter de la date de  \nnotification de l'avis r\u00e9serv\u00e9, le propri\u00e9taire convient d'une nouvelle visite avec l'utilisateur.  \nLors de cette visite, le propri\u00e9taire s'assure que l'utilisateur a bien mis en \u0153uvre les diligences  \nattendues. A l'issue de ce d\u00e9lai, si l'utilisateur ne s'est pas conform\u00e9 aux objectifs fix\u00e9s au  \npr\u00e9alable  avec  le  propri\u00e9taire,  le  pr\u00e9fet  pourra  prendre  des  sanctions  pouvant  aboutir  \u00e0  la  \nr\u00e9siliation de la pr\u00e9sente convention. \nEn cas d'\u00e9volutions ou incoh\u00e9rences constat\u00e9es entre les termes de la pr\u00e9sente convention et le  \nr\u00e9sultat \u00e9manant d'un contr\u00f4le de l'immeuble, une r\u00e9gularisation est syst\u00e9matiquement op\u00e9r\u00e9e  \npar voie d'avenant. \nCDU 083-2025-0008  LOGEMENTS RESIDENCE MASSE DU LAVANDOU\n5Secr\u00e9tariat g\u00e9n\u00e9ral commun d\u00e9partemental - 83-2025-01-09-00012 - Convention d'utilisation N\u00b0083-2025-0008 94\nArticle 13\nTerme de la convention\n13.1. Terme de la convention :\nLa pr\u00e9sente convention prend fin de plein droit le 31 d\u00e9cembre 2033.\nElle prend \u00e9galement fin lorsque la cession de l'immeuble a \u00e9t\u00e9 d\u00e9cid\u00e9e, selon les r\u00e8gles pr\u00e9vues  \npar le Code g\u00e9n\u00e9ral de la propri\u00e9t\u00e9 des personnes publiques.\n13.2. R\u00e9siliation anticip\u00e9e de la convention :\nLa convention peut \u00eatre r\u00e9sili\u00e9e avant le terme pr\u00e9vu  :\na)  En  cas  de  non-respect  par  l'utilisateur  de  l'une  de  ses  obligations  ou  de  l'un  de  ses  \nengagements ; \nb)  Lorsque  l'int\u00e9r\u00eat  public,  tel  qu'il  est  d\u00e9clar\u00e9  par  le  pr\u00e9fet  dans  une  lettre  adress\u00e9e  aux  \nsignataires de la pr\u00e9sente convention, l'exige  ;\nc) Lors de la mise en \u0153uvre par le pr\u00e9fet de la strat\u00e9gie immobili\u00e8re \u00e9labor\u00e9e au niveau r\u00e9gional  \ndans le SDIR ;\nd) Lorsque le maintien dans les lieux est incompatible avec le SPSI d'administration centrale ou  \nd'op\u00e9rateur valid\u00e9 par le ministre ou en l'absence prolong\u00e9e d'\u00e9laboration d'un SPSI  ;\ne) A l'initiative de l'utilisateur, apr\u00e8s acceptation par le propri\u00e9taire,  moyennant le respect d'un  \npr\u00e9avis de six mois sauf en cas d'urgence, adress\u00e9 aux signataires de la pr\u00e9sente convention ;\nLa r\u00e9siliation est dans tous les cas prononc\u00e9e par le pr\u00e9fet.\nUn exemplaire du pr\u00e9sent acte est conserv\u00e9 par chacun des signataires de la convention.\n***     *****     ***\nCDU 083-2025-0008  LOGEMENTS RESIDENCE MASSE DU LAVANDOU\n6Secr\u00e9tariat g\u00e9n\u00e9ral commun d\u00e9partemental - 83-2025-01-09-00012 - Convention d'utilisation N\u00b0083-2025-0008 95\nLe repr\u00e9sentant du service utilisateur, Le repr\u00e9sentant de l'administration\ncharg\u00e9e du domaine.\nLe DDFIP du Var par d\u00e9l\u00e9gation\n          Sign\u00e9                                                                                       Sign\u00e9\nSandrine AMBACH Claudie CARION\nLe pr\u00e9fet,\nPour le pr\u00e9fet et par d\u00e9l\u00e9gation\nle secr\u00e9taire g\u00e9n\u00e9ral\n                                                                         Sign\u00e9\nLucien GIUDICELLI\nCDU 083-2025-0008  LOGEMENTS RESIDENCE MASSE DU LAVANDOU\n7Secr\u00e9tariat g\u00e9n\u00e9ral commun d\u00e9partemental - 83-2025-01-09-00012 - Convention d'utilisation N\u00b0083-2025-0008 96\nD\u00e9partement  : DIRECTION  GENERALE  DES FINANCES  PUBLIQUES  Le plan visualis\u00e9  sur cet extrait est g\u00e9r\u00e9\nVARS  8  iit  i is par le centre  des  imp\u00f4ts  foncier  suivant  :\nTOULON\nCommune  : EXTRAIT  DU PLAN  CADASTRAL  171 Avenue  de Vert Coteau  CS 20127\nLELAVANDOU  =  | 83071\n83071  TOULON  CEDEX\nt\u00e9l. 04 94 03 95 01 -fax\nSection  : BS cdif.toulon@dgfip.finances.gouv.fr\nFeuille  : 000  BS 01\nEchelle  d'origine  : 1/1000  Cet extrait  de plan vous est d\u00e9livr\u00e9  par :Echelle  d'\u00e9dition  : 1/1000  DIVISION  4 DOMANIALE\nTM a PCE BESAGNE  CENTRE  MAYOL  CSDate  d'\u00e9dition  : 25/04/2024  91409\n(fuseau  horaire  de Paris)\nCoordonn\u00e9es  en projection  : RGF93CC43\n\u00a92022  Direction  G\u00e9n\u00e9rale  des  Finances\nPubliques\n1973500  _ 1973600\n2220900\n_\u2014\u2014_\n\u2014_\u2014  \u2014\n\u2014\ncs  \u2014\u2014\n=\u2014\n2220800\n1973500  19736002220900\n2220800\nSecr\u00e9tariat g\u00e9n\u00e9ral commun d\u00e9partemental - 83-2025-01-09-00012 - Convention d'utilisation N\u00b0083-2025-0008 97\n06'6ir'onz| = ZZsrorz bes : peg7 FF aaouz . us deerenz seeroe'ynz, / 3Le vzE\u2014sserzLENZot ee 1S'ETE the\nSS'ETZEE (i penal ae 1Ze'erzscevz vo'enz,\nLe'evzAa '207 LO EUTZ T\u00b09921 z Ou 3 comes Ieenz GO\u00a5 \u00a51 yeElZEY EF Aa GY AS Sa SSi 'OWoc'anz oz1nz =\")evvnrTMIpHsdxe-\\yoah anwws ; sp padxe-jHosh@sayueu09 06 EL LS Zo) Ces xed ~ ZG 7S 89 OF Z(O) EE+ TALFON Ys \u20ac X9D39 SALNYN LOSrrLL206 SO - ISUOE9 ap synoy '|SSIUPN ep cousiytadadXxXa3111099NOAUNVAVT AT-3TAN HAANVAAALIOHNILS\n9 =P_|e3 =q_ |SzB =|31/0 aed soipuy |ZO INVONAdSGNI LNINATITAIN oO SALNVONAdaGNI SASNNOGUOODpx 69 NOT LNSWATISAIN D 6+ ID SHINNOGMIO09\"oN | We-nopuvaey aT SIA : OI |00Z/1 : aneu9d | GLOZ/TI/LZ : 9AaI np eCpe \u00e0 bus SINvNOQS30Q Aassvw. V INAMILVA DeNOPULALT 9T OIPES . CE |ArgjeA [neg onuaayTINTALNON 8SS\u00a36 - SaUNUIUIO) xneq ssp any IT - SENVNOC SAC ASSVW VI Vdd\nSecr\u00e9tariat g\u00e9n\u00e9ral commun d\u00e9partemental - 83-2025-01-09-00012 - Convention d'utilisation N\u00b0083-2025-0008 98","date":"2025-01-28","first_seen_on":"2025-01-28T15:24:34+00:00","id":"ac8bf2f75b72b8d7da4daf7a52fefcdfbaff09914eaa4f2d1fe8f53b04d395c5","name":"RAA N\u00b0028 du 28 janvier 2025","pdf_creation_date":"2025-01-28T15:06:50+00:00","pdf_modification_date":null,"timezone":"CET","url":"https://www.var.gouv.fr/contenu/telechargement/39013/256511/file/RAA%20N%C2%B0028%20du%2028%20janvier%202025%20NOMINATIF.pdf"}
