{"administration":"prefidf","administration_name":"Pr\u00e9fecture de la r\u00e9gion \u00cele-de-France","content":"PREFECTURE\nREGION ILE DE\nFRANCE\nRECUEIL DES ACTES\nADMINISTRATIFS SP\u00c9CIAL\n(NOMINATIFS)\nN\u00b0IDF-053-2025-07\nPUBLI\u00c9 LE 29 JUILLET 2025\nSommaire\nAgence R\u00e9gionale de Sant\u00e9 / Agence r\u00e9gionale de sant\u00e9\nd'Ile-de-France-Cellule officines de pharmacie\nIDF-2025-07-28-00005 - Arr\u00eat\u00e9 n\u00b0DOS/EFF/OFF/2025/76 portant\nmodification de l'arr\u00eat\u00e9 n\u00b0 DOS/EFF/OFF/2024/88 portant\nautorisation de transfert d'une officine de pharmacie (2 pages) Page 3\nIDF-2025-07-28-00004 - Arr\u00eat\u00e9 n\u00b0DOS/EFF/OFF/2025/78 portant\nautorisation de transfert d'une officine de pharmacie (3 pages) Page 6\nDirection nationale d'Interventions domaniales (DNID) /\nIDF-2025-07-23-00016 - Arr\u00eat\u00e9 portant d\u00e9signation des agents\nhabilit\u00e9s \u00e0 repr\u00e9senter l'expropriant devant les juridictions de\nl'expropriation (3 pages) Page 10\nDirection r\u00e9gionale et interd\u00e9partementale de l'\u00e9conomie, de l'emploi,\ndu travail et des solidarit\u00e9s d'\u00cele-de-France / secr\u00e9tariat de direction\nIDF-2025-07-29-00005 - D\u00e9cision n\u00b0 2025-135 du 29 juillet\n2025\nD\u00e9signant Mme Johanna BERTHAU pour assurer les fonctions de\ndirectrice d\u00e9partementale de l'emploi, du travail et des solidarit\u00e9s\npar int\u00e9rim du Val d'Oise pour l'exercice des missions relatives au\nsyst\u00e8me d'inspection et de la l\u00e9gislation du travail (2 pages) Page 14\n2\nAgence R\u00e9gionale de Sant\u00e9\nIDF-2025-07-28-00005\nArr\u00eat\u00e9 n\u00b0DOS/EFF/OFF/2025/76 portant\nmodification de l'arr\u00eat\u00e9 n\u00b0 DOS/EFF/OFF/2024/88\nportant autorisation de transfert d'une officine\nde pharmacie\nAgence R\u00e9gionale de Sant\u00e9 - IDF-2025-07-28-00005 - Arr\u00eat\u00e9 n\u00b0DOS/EFF/OFF/2025/76 portant modification de l'arr\u00eat\u00e9 n\u00b0\nDOS/EFF/OFF/2024/88 portant autorisation de transfert d'une officine de pharmacie 3\nREPUBLIQUEFRANCAISELibert\u00e9Egalit\u00e9Fraternit\u00e9\ne \u00bb Agence R\u00e9gionale de Sant\u00e9Ile-de-France\n \n \n \nAGENCE R\u00c9GIONALE DE SANT\u00c9 \u00ceLE-DE-FRANCE \nARR\u00caT\u00c9 N\u00b0 DOS/EFF/OFF/2025/76 \nportant modification de l'arr\u00eat\u00e9 N\u00b0 DOS/EFF/OFF/2024/88 \nportant autorisation de transfert d'une officine de pharmacie \n \n \nLE DIRECTEUR G\u00c9N\u00c9RAL DE L'AGENCE R\u00c9GIONALE DE SANT\u00c9 \u00ceLE-DE-FRANCE \n \n \nVU le d\u00e9cret du 10 avril 2024 portant nomination de Monsieur Denis ROBIN, Directeur g\u00e9n\u00e9ral de \nl'Agence r\u00e9gionale de sant\u00e9 \u00cele-de-France, \u00e0 compter du 29 avril 2024 ; \n \nVU l'arr\u00eat\u00e9 n\u00b0 DS 034/2024 du 29 avril 2024, publi\u00e9 le 30 avril 2024, portant d\u00e9l\u00e9gation de signature \ndu Directeur g\u00e9n\u00e9ral de l'Agence r\u00e9gionale de sant\u00e9 \u00cele -de-France \u00e0 \nMonsieur Arnaud CORVAISIER, Directeur de l'offre de soins et \u00e0 plusieurs de ses \ncollaborateurs ;  \n \nVU l'arr\u00eat\u00e9 N\u00b0DOS/EFF/OFF/2024/88 en date du 23 septembre 2024  portant autorisation de \ntransfert d'une officine de pharmacie ; \n \nVU la demande en date du 8 juillet  2025 par laquelle Monsieur Gr\u00e9gory AYACHE  sollicite la \nmodification de l'adresse s uite \u00e0 la nouvelle num\u00e9rotation  de la Municipalit\u00e9 de MORIGNY -\nCHAMPIGNY \u00e0 chacune des cellules situ\u00e9es en rez -de-chauss\u00e9e d u nouvel ensemble \nimmobilier dont fait partie l'officine de pharmacie autoris\u00e9e \u00e0 se transf\u00e9rer ; \n \n \nCONSIDERANT que l'arr\u00eat\u00e9 DOS/EFF/OFF/2024/88 en date du 23 septembre 2024  portant \nautorisation de transfert d'une officine de pharmacie est entach\u00e9 d'une erreur \nmat\u00e9rielle qu'il convient de rectifier ; \n \nCONSIDERANT que les conditions d'ex ploitation de l'officine dont sont titulaires Madame Corinne \nBODINEAU et Madame Anne GOGU\u00c9 sont pour le reste inchang\u00e9es ; \n  \n \nARR\u00caTE \n \n \nARTICLE 1er : \n \n \nl'arr\u00eat\u00e9 DOS/EFF/OFF/2024/ 88 en date du 23 septembre 2024  portant \nautorisation de transfert d'une officine de pharmacie est modifi\u00e9 comme suit, \n \n \nLes termes :  \n \n\u00ab 2 Bis rue des Ponts \u00e0 MORIGNY-CHAMPIGNY (91150) \u00bb \n \nsont remplac\u00e9s par les termes : \n \n\u00ab10 Place du Parc \u00e0 MORIGNY-CHAMPIGNY (91150) \u00bb \n \nAgence R\u00e9gionale de Sant\u00e9 - IDF-2025-07-28-00005 - Arr\u00eat\u00e9 n\u00b0DOS/EFF/OFF/2025/76 portant modification de l'arr\u00eat\u00e9 n\u00b0\nDOS/EFF/OFF/2024/88 portant autorisation de transfert d'une officine de pharmacie 4\n \n \n \nLe reste sans changement. \n \nARTICLE 2e : Un recours contentieux contre le pr\u00e9sent ar r\u00eat\u00e9 peut \u00eatre form\u00e9 aupr\u00e8s du t ribunal \nadministratif comp\u00e9tent. Le d\u00e9lai de recours est de deux mois \u00e0 compter de la \nnotification de l'arr\u00eat\u00e9 pour les int\u00e9ress\u00e9s ou de sa publication pour les tiers.  \n \nARTICLE 3e : Le Directeur g\u00e9n\u00e9ral de l'Agence r\u00e9gionale de sant\u00e9 \u00cele-de-France est charg\u00e9 de \nl'ex\u00e9cution du pr\u00e9sent arr\u00eat\u00e9 qui sera publi\u00e9 au recueil des actes administratifs de \nla pr\u00e9fecture de la r\u00e9gion Ile-de-France. \n        \n \n \nFait \u00e0 Saint-Denis, le 28 juillet 2025 \n \n \nPour le Directeur g\u00e9n\u00e9ral \nde l'Agence r\u00e9gionale de sant\u00e9  \n\u00cele-de-France \n \nEt par d\u00e9l\u00e9gation, \n                                                                                                      Le directeur du P\u00f4le Efficience \n  \n                                                     SIGN\u00c9 \n  \n                                                                                                       Fabien P\u00c9RUS \n \n \n \n \n \n \n      \n \n \n \n \n \n \n \n \n \n \nAgence R\u00e9gionale de Sant\u00e9 - IDF-2025-07-28-00005 - Arr\u00eat\u00e9 n\u00b0DOS/EFF/OFF/2025/76 portant modification de l'arr\u00eat\u00e9 n\u00b0\nDOS/EFF/OFF/2024/88 portant autorisation de transfert d'une officine de pharmacie 5\nAgence R\u00e9gionale de Sant\u00e9\nIDF-2025-07-28-00004\nArr\u00eat\u00e9 n\u00b0DOS/EFF/OFF/2025/78 portant\nautorisation de transfert d'une officine de\npharmacie\nAgence R\u00e9gionale de Sant\u00e9 - IDF-2025-07-28-00004 - Arr\u00eat\u00e9 n\u00b0DOS/EFF/OFF/2025/78 portant autorisation de transfert d'une officine\nde pharmacie 6\nExREPUBLIQUEFRAN\u00c7AISELibert\u00e9Egalit\u00e9Fraternit\u00e9 @ D Agence R\u00e9gionale de Sant\u00e9\u00cele-de-France\n \n \n \nAGENCE R\u00c9GIONALE DE SANT\u00c9 \u00ceLE-DE-FRANCE \nARR\u00caT\u00c9 N\u00b0 DOS/EFF/OFF/2025/78 \nportant autorisation de transfert d'une officine de pharmacie \n \nLE DIRECTEUR G\u00c9N\u00c9RAL DE L'AGENCE R\u00c9GIONALE DE SANT\u00c9 \u00ceLE-DE-FRANCE \n \n \nVU le code de la sant\u00e9 publique  et notamment ses articles L.  5125-3 et suivants et R.  5125-1 et \nsuivants ; \n \nVU l'ordonnance n\u00b0 2018 -3 du 3 janvier 2018 relative \u00e0 l'adaptation des conditions de cr\u00e9ation, \ntransfert, regroupement et cession des officines de pharmacie ; \n \nVU le d\u00e9cret n\u00b0 2018-671 du 30 juillet 2018 pris en application de l'article L. 5125 -3, 1\u00b0 du code de \nla sant\u00e9 publique d\u00e9finissant les conditions de transport pour l'acc\u00e8s \u00e0 une officine en vue de \ncaract\u00e9riser un approvisionnement en m\u00e9dicament compromis pour la population ; \n \nVU l'arr\u00eat\u00e9 minist\u00e9riel du 30 juillet 2018 fixant la liste des pi\u00e8ces justificatives accompagnant toute \ndemande de cr\u00e9ation, de transfert ou de regroupement d'officines de pharmacie  ; \n \nVU le d\u00e9cret du 10 avril 2024 portant nomination de Monsieur Denis ROBIN, Directeur g\u00e9n\u00e9ral de \nl'Agence r\u00e9gionale de sant\u00e9 \u00cele-de-France, \u00e0 compter du 29 avril 2024 ; \n \nVU l'arr\u00eat\u00e9 n\u00b0 DS 034/2024 du 29 avril 2024, publi\u00e9 le 30 avril 2024, portant d\u00e9l\u00e9gation de signature \ndu Directeur g\u00e9n\u00e9ral de l'Agence r\u00e9gionale de sant\u00e9 \u00cele -de-France \u00e0 \nMonsieur Arnaud CORVAISIER, Directeur de l'offre de soins et \u00e0 plusieurs de ses \ncollaborateurs ;  \n \nVU l'arr\u00eat\u00e9 du 16 avril 1964 portant octroi de la licence n\u00b0 94#002291 \u00e0 l'officine de pharmacie sis e \n08 place de l'Appel du 10 juillet 1940 \u00e0 VALENTON (94460) ; \n \nVU la demande enregistr\u00e9e le 4 avril 2025, pr\u00e9sent\u00e9e par Madame Olga CUCOS, pharmacien \ntitulaire et repr\u00e9sentant de la SELARL PHARMACIE DU MARCH\u00c9 \u00e0 VALENTON (94460)  en \nvue du transfert de cette officine vers le 50 Avenue Julien Duranton \u00e0 VALENTON (94460) ; \n \nVU l'avis sur la conformit\u00e9 du local propos\u00e9 aux conditions minimales d'installation rendu le  \n30 juin 2025 par le D\u00e9partement Qualit\u00e9 S\u00e9curit\u00e9 Pharmacie M \u00e9dicament Biologie de l'Agence \nr\u00e9gionale de sant\u00e9 d'Ile-de-France ; \n \nVU l'avis r\u00e9put\u00e9 rendu du repr\u00e9sentant de l'Union des Syndicats de Pharmaciens d' Officine pour la \nr\u00e9gion Ile-de-France ; \n \nVU l'avis r\u00e9put\u00e9 rendu du repr\u00e9sentant de la F\u00e9d\u00e9ration des Syndicats Pharmaceutiques de France \npour la r\u00e9gion Ile-de-France ; \n \nVU l'avis du Conseil R\u00e9gional de l'Ordre des Pharmac iens d'Ile -de-France en date du                                \n5 mai 2025 ; \n \n \n \nAgence R\u00e9gionale de Sant\u00e9 - IDF-2025-07-28-00004 - Arr\u00eat\u00e9 n\u00b0DOS/EFF/OFF/2025/78 portant autorisation de transfert d'une officine\nde pharmacie 7\n \n \n \n \n \n \n \n \n \n \nCONSID\u00c9RANT \n \n \n \nCONSID\u00c9RANT \n \n \n \nque le d\u00e9placement envisag\u00e9 se fera \u00e0 3.1 kilom\u00e8tres de l'emplacement actuel de \nl'officine, dans un autre quartier d\u00e9pourvue d'officines de pharmacie d\u00e9limit\u00e9 au \nnord, ouest et est par la fronti\u00e8re communale et au sud par la voie ferr\u00e9e ;  \n \nque le quartier d'origine qui restera desservi par une autre officine, se d\u00e9limite au \nau nord par la rue Gabriel P\u00e9ri et la rue du colonel fabien, \u00e0 l'est par les limites \ncommunales, au sud par l'Avenue Guy M\u00f4quet et \u00e0 l'ouest par l'Avenue du R\u00fb de \nGironde ; \n \n \nCONSID\u00c9RANT \n \n \n \nque le transfert n'aura pas pour effet de compromettre l'approvisionnement \nn\u00e9cessaire en m\u00e9dicaments de la population r\u00e9sidente du quartier d'origine ; \n \n \nCONSID\u00c9RANT que l'acc\u00e8s \u00e0 la nouvelle officine sera ais\u00e9 par sa visibilit\u00e9, par des am\u00e9nagements \npi\u00e9tonniers et des stationnements ; \n \nCONSID\u00c9RANT \n \n \nque le local propos\u00e9, qui est situ\u00e9 dans un lieu garantissant un acc\u00e8s permanent du \npublic \u00e0 la pharmacie, est conforme aux conditions minimales d'installation et remplit \nles conditions d'accessibilit\u00e9 ; \n \n \nCONSID\u00c9RANT que le transfert envisag\u00e9 permet de r\u00e9pondre de fa\u00e7on optimale aux besoins en \nm\u00e9dicaments de la population r\u00e9sidente du quartier d'accueil de l'officine ; \n \n \nARR\u00caTE \n \n \nARTICLE 1er : Madame Olga CUCOS, pharmacien titulaire et repr\u00e9sentant de la SELARL \nPHARMACIE DU MARCH\u00c9, est autoris\u00e9e \u00e0 transf\u00e9rer l'officine de pharmacie dont \nelle est titulaire du 08 place de l'Appel du 10 juillet 1940 \u00e0 VALENTON (94460) vers \nle 50 Avenue Julien Duranton \u00e0 VALENTON (94460). \n \nARTICLE 2e : La licence n\u00b0 94#002365 est octroy\u00e9e \u00e0 l'officine  au 50 Avenue Julien Duranton \u00e0 \nVALENTON (94460). \n \nCette licence ne pourra \u00eatre c\u00e9d\u00e9e ind\u00e9pendamment du fonds de commerce auquel \nelle se rapporte. \n \nARTICLE 3e : La licence n\u00b0 94#002291 devra \u00eatre restitu\u00e9e \u00e0 l'Agence r\u00e9gionale de sant\u00e9 \nd'Ile-de-France avant l'ouverture au public de la nouvelle officine. \n \nARTICLE 4e : Conform\u00e9ment aux dispositions de l'article L. 5125-19 du code de la sant\u00e9 publique, la \npr\u00e9sente autorisation de transfert ne prendra effet qu'\u00e0 l'issue d'un d\u00e9lai de trois mois \n\u00e0 compter de la notification de l'arr\u00eat\u00e9 d'autorisation au pharmacien demandeur.  \n \nARTICLE 5e : Sauf cas de force majeure constat\u00e9 par le Directeur  g\u00e9n\u00e9ral de l'Agence r\u00e9gionale de \nsant\u00e9 Ile -de-France, l'officine ainsi transf\u00e9r\u00e9e devra \u00eatre effectivement ouverte au \npublic au plus tard \u00e0 l'issue d'un d\u00e9lai de deux ans \u00e0 compter de la notification du \npr\u00e9sent arr\u00eat\u00e9. \n \n \nAgence R\u00e9gionale de Sant\u00e9 - IDF-2025-07-28-00004 - Arr\u00eat\u00e9 n\u00b0DOS/EFF/OFF/2025/78 portant autorisation de transfert d'une officine\nde pharmacie 8\n \n \n \n \n \n \n \n \nARTICLE 6e : Un recours contentieux contre le pr\u00e9sent arr\u00eat\u00e9 peut \u00eatre form\u00e9 aupr\u00e8s du Tribunal \nadministratif comp\u00e9tent. Le d\u00e9lai de recours est de deux mois \u00e0 compter de la \nnotification de l'arr\u00eat\u00e9 pour les int\u00e9ress\u00e9s ou de sa publication pour les tiers.  \n \nARTICLE 7e : Le Directeur  g\u00e9n\u00e9ral de l'Agence r\u00e9gionale de sant\u00e9  Ile-de-France est charg\u00e9 de \nl'ex\u00e9cution du pr\u00e9sent arr\u00eat\u00e9 qui sera publi\u00e9 au recueil des actes administratifs de la \npr\u00e9fecture de la r\u00e9gion Ile-de-France. \n \n \n           Fait \u00e0 Saint-Denis, le 28 juillet 2025 \n \n \nLe Directeur g\u00e9n\u00e9ral \nde l'Agence r\u00e9gionale de sant\u00e9 \n\u00cele-de-France \n \nPar d\u00e9l\u00e9gation, \n                                                                                                      Le directeur du P\u00f4le Efficience \n  \n                                                    SIGN\u00c9 \n  \n                                                                                                      Fabien P\u00c9RUS \n \n  \n                                                      \n  \n \n \n \n \n \n \n \n \n \n \n \n \n \n \n \n \n \n \n \n \n \n \n \n \n \n \n \n \nAgence R\u00e9gionale de Sant\u00e9 - IDF-2025-07-28-00004 - Arr\u00eat\u00e9 n\u00b0DOS/EFF/OFF/2025/78 portant autorisation de transfert d'une officine\nde pharmacie 9\nDirection nationale d'Interventions domaniales\n(DNID)\nIDF-2025-07-23-00016\nArr\u00eat\u00e9 portant d\u00e9signation des agents habilit\u00e9s \u00e0\nrepr\u00e9senter l'expropriant devant les juridictions\nde l'expropriation\nDirection nationale d'Interventions domaniales (DNID) - IDF-2025-07-23-00016 - Arr\u00eat\u00e9 portant d\u00e9signation des agents habilit\u00e9s \u00e0\nrepr\u00e9senter l'expropriant devant les juridictions de l'expropriation 10\nExREPUBLIQUEFRAN\u00c7AISELibert\u00e9Egalit\u00e9Fraternit\u00e9 TtFINANCES PUBLIQUES\nARR\u00caT\u00c9\nportant d\u00e9signation des agents habilit\u00e9s \u00e0 repr\u00e9senter l'expropriant\ndevant les juridictions de l'expropriation\nL'administrateur  g\u00e9n\u00e9ral  des  finances  publiques  de  classe  normale,  directeur  de  la  direction\nnationale d'interventions domaniales,\nVU le code g\u00e9n\u00e9ral de la propri\u00e9t\u00e9 des personnes publiques, notamment ses articles R1212-19 et\nsuivants, R3221-1 et suivants, D3221-4 et D1212-25 ;\nVU  le  d\u00e9cret  n\u00b0  2015-980  du  31  juillet  2015  relatif  \u00e0 l'\u00e9tablissement  public  Grand  Paris\nAm\u00e9nagement ;\nVU l'arr\u00eat\u00e9  du  23  d\u00e9cembre  2006  modifi\u00e9  relatif  \u00e0  la  direction  nationale  d'interventions\ndomaniales ;\nVU le  d\u00e9cret  du  Pr\u00e9sident  de  la  R\u00e9publique  du  11  septembre  2017  portant  nomination  de\nMonsieur  Alain CAUMEIL administrateur g\u00e9n\u00e9ral des finances publiques, en qualit\u00e9 de directeur\nde la direction nationale d'interventions domaniales.\nARR\u00caTE :\nArticle 1   \ner      : Les agents mentionn\u00e9s en annexe au pr\u00e9sent arr\u00eat\u00e9 sont d\u00e9sign\u00e9s pour agir devant la\njuridiction de l'expropriation des d\u00e9partements de la r\u00e9gion \u00cele-de-France en vue de la fixation des\nindemnit\u00e9s d'expropriation et, le cas \u00e9ch\u00e9ant, devant la Cour d'appel comp\u00e9tente :\n- au nom des services expropriants de l'\u00c9tat ;\n- et, sur leur demande, au nom des \u00e9tablissements publics de l'\u00c9tat.\n- et de l'Agence des Espaces Verts de la R\u00e9gion de l'\u00cele-de-France.\nArticle 2\n : La pr\u00e9sente d\u00e9l\u00e9gation annule et remplace la d\u00e9l\u00e9gation num\u00e9ro IDF-2024-09-05-00005\nconsentie le 9 septembre 2024 et sera publi\u00e9e au recueil des actes administratifs de la Pr\u00e9fecture\nde la r\u00e9gion \u00cele-de-France et affich\u00e9e dans les locaux de la direction nationale d'interventions\ndomaniales.\nA Saint-Maurice, le 23 juillet 2025\nsign\u00e9\nAlain CAUMEIL\nD IRECTION  G\u00c9N\u00c9RALE  DES  FINANCES  PUBLIQUES\nD IRECTION NATIONALE D 'INTERVENTIONS  \nD OMANIALES\n3 avenue du chemin de Presles\n94417 Saint Maurice cedex\nTEL : 01 45 11 62 00\nR\u00e9f\u00e9rence : 2025-23\nDirection nationale d'Interventions domaniales (DNID) - IDF-2025-07-23-00016 - Arr\u00eat\u00e9 portant d\u00e9signation des agents habilit\u00e9s \u00e0\nrepr\u00e9senter l'expropriant devant les juridictions de l'expropriation 11\nAnnexe \u00e0 l'arr\u00eat\u00e9 du 23 juillet 2025\nportant d\u00e9signation des agents habilit\u00e9s \u00e0 repr\u00e9senter l'expropriant\ndevant les juridictions de l'expropriation\nNom du d\u00e9l\u00e9gataire Grade\nH\u00e9l\u00e8ne ADDE Inspectrice des finances publiques\nSihem AYADI Inspectrice principale des finances publiques\nJean-S\u00e9bastien BAGUER Inspecteur divisionnaire des f inances publiques\nM\u00e9lanie BEGHIN Inspectrice des finances publiques\n\u00c9milie BELLEC Inspectrice principale des finances publiques\nMartial BIWAND Inspecteur des finances publiques\nNicolas BODIN Inspecteur des finances publiques\nFranck BORDES Inspecteur des finances publiques\nCl\u00e9mence BOURDILLAT Inspectrice principale des finances publiques\nDavid BOURGEAT-LAMI Inspecteur divisionnaire des fin ances publiques\nColette CHEVREAU Inspectrice des finances publiques\nEdwige CHIMI Inspectrice des finances publiques\nAlain COCHERIL Inspecteur des finances publiques\nFlorence COLLART Inspectrice des finances publiques\nFr\u00e9d\u00e9ric CURTELIN Inspecteur divisionnaire des finances publiques\nCyrille DEHAYES Inspecteur des finances publiques\nFabrice DENYS Inspecteur des finances publiques\nOdile DEVILLE Inspectrice des finances publiques\nMohammed DE LORGERIL Inspecteur divisionnaire des finances publiques\nOlivier DIANA Inspecteur des finances publiques\nNicolas DOREMUS Administrateur des finances publiques adjoint\n\u00c9lodie DURAND Inspectrice des finances publiques\nDominique GODET Inspecteur des finances publiques\nAnna GOMAN Inspectrice des finances publiques\nSophia HAJY Inspectrice des finances publiques\nJohnny JOULIA Inspecteur des finances publiques\nWazim KARANI Inspecteur des finances publiques\nMarie-H\u00e9l\u00e8ne LARRIEU Inspectrice des finances publiques\nFr\u00e9d\u00e9ric LAURENT Administrateur des finances publiqu es adjoint\nNathalie LAURENT Administratrice des finances publiq ues adjointe\nSt\u00e9phanie LELIEVRE Inspectrice des finances publique s\nRapha\u00ebl LESAGE Inspecteur des finances publiques\nMuriel LOUIS Inspectrice divisionnaire des finances publiques\nJohann LOZANO Inspecteur des finances publiques\nDirection nationale d'Interventions domaniales (DNID) - IDF-2025-07-23-00016 - Arr\u00eat\u00e9 portant d\u00e9signation des agents habilit\u00e9s \u00e0\nrepr\u00e9senter l'expropriant devant les juridictions de l'expropriation 12\nFr\u00e9d\u00e9ric LUNETEAU Inspecteur des finances publiques\nMohamed MAALOU Inspecteur des finances publiques\nLaurence MARAMBAT Inspectrice des finances publiques\nMathilde PAPPAS Inspectrice des finances publiques\nTony PESOU Inspecteur divisionnaire des finances publiques\nKatell PETITFRERE- GOULFIER Inspectrice des finances  publiques\nLaurence PRISETTE Inspectrice des finances publiques\nGuillaume RIBES Inspecteur des finances publiques\nLaura RIBES Inspectrice des finances publiques\nPatrice ROUX Inspecteur des finances publiques\nHugo SCHMITT Inspecteur des finances publiques\nDidier SENTENAC Inspecteur des finances publiques\nDjibril SIDIBE Inspecteur des finances publiques\nRosalie SIMEONI-HUYNH Inspectrice des finances publiques\nFarid SLAOUTI Inspecteur des finances publiques\nC\u00e9line THIOLLIER Inspectrice des finances publiques\nClarisse TORRAILLES Inspectrice des finances publiques\nJean-Fran\u00e7ois VAN MIGOM Inspecteur des finances publ iques\nFran\u00e7oise VIARD Inspectrice des finances publiques\nPatrick VILLERONCE Inspecteur divisionnaire des finances publiques\nPatrice VUILLEMIN Inspecteur des finances publiques\nAmaury WATTELEZ Inspecteur des finances publiques\nDirection nationale d'Interventions domaniales (DNID) - IDF-2025-07-23-00016 - Arr\u00eat\u00e9 portant d\u00e9signation des agents habilit\u00e9s \u00e0\nrepr\u00e9senter l'expropriant devant les juridictions de l'expropriation 13\nDirection r\u00e9gionale et interd\u00e9partementale de\nl'\u00e9conomie, de l'emploi, du travail et des\nsolidarit\u00e9s d'\u00cele-de-France\nIDF-2025-07-29-00005\nD\u00e9cision n\u00b0 2025-135 du 29 juillet 2025\nD\u00e9signant Mme Johanna BERTHAU pour assurer\nles fonctions de directrice d\u00e9partementale de\nl'emploi, du travail et des solidarit\u00e9s par int\u00e9rim\ndu Val d'Oise pour l'exercice des missions\nrelatives au syst\u00e8me d'inspection et de la\nl\u00e9gislation du travail\nDirection r\u00e9gionale et interd\u00e9partementale de l'\u00e9conomie, de l'emploi, du travail et des solidarit\u00e9s d'\u00cele-de-France -\nIDF-2025-07-29-00005 - D\u00e9cision n\u00b0 2025-135 du 29 juillet 2025\nD\u00e9signant Mme Johanna BERTHAU pour assurer les fonctions de directrice d\u00e9partementale de l'emploi, du travail et des solidarit\u00e9s\npar int\u00e9rim du Val d'Oise pour l'exercice des missions relatives au syst\u00e8me d'inspection et de la l\u00e9gislation du travail\n14\nPREFET |DE LA REGIOND'\u00ceLE-DE-FRANCELibert\u00e9Egalit\u00e9Fraternit\u00e9\n Direction r\u00e9gionale et interd\u00e9partementale \nde l'\u00e9conomie, de l'emploi, \ndu travail et des solidarit\u00e9s  \n \n \nDRIEETS Ile de France  \n19/21 rue Madeleine Vionnet  \n93 300 AUBERVILLIERS \n \n \n \n \n           D\u00e9cision n\u00b0 2025-135 du 29 juillet 2025 \n \nD\u00e9signant Mme Johanna BERTHAU pour assurer les fonctions de directrice d\u00e9partementale de \nl'emploi, du travail et des solidarit\u00e9s par int\u00e9rim du Val d'Oise pour l'exercice des missions relatives au \nsyst\u00e8me d'inspection et de la l\u00e9gislation du travail \n \nMINIST\u00c8RE DU TRAVAIL, DE LA SANT\u00c9, DES \nSOLIDARIT\u00c9S ET DES FAMILLES \nMINIST\u00c8RE DE L'\u00c9CONOMIE ET DES FINANCES ET \nDE L'INDUSTRIE \n \nDIRECTION REGIONALE ET INTERDEPARTEMENTALE \nDE L'\u00c9CONOMIE, DE L'EMPLOI, DU TRAVAIL ET DES SOLIDARIT\u00c9S D'ILE DE FRANCE \n \n \nLe Directeur r\u00e9gional et interd\u00e9partemental de l'\u00e9conomie, de l'emploi, du travail et des solidarit\u00e9s d'\u00cele-\nde-France, \n \nVu le code du travail, notamment son article R. 8122-2 ; \n \nVu le d\u00e9cret n\u00b0 2009 -1484 du 3 d\u00e9cembre 2009 modifi\u00e9 relatif aux directions d\u00e9partementales \ninterminist\u00e9rielles ; \n \nVu le d\u00e9cret n\u00b0 2020 -1545 du 9 d\u00e9cembre 2020 modifi\u00e9 relatif \u00e0 l'organisation et aux missions des \ndirections r\u00e9gionales de l'\u00e9conomie, de l'emploi, du travail et des solidarit\u00e9s, des directions \nd\u00e9partementales de l'emploi, du travail et des solidarit\u00e9s et des directions d\u00e9partementales de l'emploi, \ndu travail, des solidarit\u00e9s et de la protection des populations ; \n \nVu l'arr\u00eat\u00e9 interminist\u00e9riel du 20 mars 2025 nommant Marc ROHFRITSCH directeur r\u00e9gional et \ninterd\u00e9partemental de l'\u00e9conomie, de l'emploi, du travail et des solidarit\u00e9s d'\u00cele -de-France par int\u00e9rim, \n\u00e0 compter du 1er avril 2025, \n \nVu l'arr\u00eat\u00e9 interminist\u00e9riel du 19 avril 2024 nommant Mme Johanna BERTHAU, inspectrice hors classe de \nl'action sanitaire et sociale, directrice adjointe de la direction d\u00e9partementale de l'emploi, du travail et \ndes solidarit\u00e9s du Val d'Oise ; \n \nVu l'arr\u00eat\u00e9 pr\u00e9fectoral  n\u00b02025-61 du 2 juin 2025 confiant l'int\u00e9rim du directeur d\u00e9partemental de \nl'emploi, du travail et des solidarit\u00e9s du Val d'Oise \u00e0 Mme Johanna BERTHAU \u00e0 compter du 1er juin 2025 ; \n \nConstatant la vacance temporaire de l'emploi de directeur d\u00e9partemental de l'emploi, du travail et des \nsolidarit\u00e9s du Val d'Oise. \n \n \n \n \n \nDirection r\u00e9gionale et interd\u00e9partementale de l'\u00e9conomie, de l'emploi, du travail et des solidarit\u00e9s d'\u00cele-de-France -\nIDF-2025-07-29-00005 - D\u00e9cision n\u00b0 2025-135 du 29 juillet 2025\nD\u00e9signant Mme Johanna BERTHAU pour assurer les fonctions de directrice d\u00e9partementale de l'emploi, du travail et des solidarit\u00e9s\npar int\u00e9rim du Val d'Oise pour l'exercice des missions relatives au syst\u00e8me d'inspection et de la l\u00e9gislation du travail\n15\n \n 2 \nArr\u00eate : \nArticle 1 \nMme Johanna BERTHAU, directrice adjointe de la direction d\u00e9partementale de l'emploi, du travail et des \nsolidarit\u00e9s est charg\u00e9 d'exercer par int\u00e9rim les fonctions de directeur d\u00e9partemental de l'emploi, du \ntravail et des solidarit\u00e9s du Val d'Oise, pour l'exercice des missions relatives au syst\u00e8me d'inspection et \nde la l\u00e9gislation du travail. \n \nArticle 2 \nLa pr\u00e9sente d\u00e9cision prend effet \u00e0 compter du 29 juillet 2025. \n \nArticle 3 \nLe secr\u00e9taire g\u00e9n\u00e9ral de la direction r\u00e9gionale de l'\u00e9conomie, de l'emploi, du travail et des solidarit\u00e9s et \nla directrice d\u00e9partementale de l'emploi, du travail et des solidarit\u00e9s par int\u00e9rim sont charg\u00e9s, chacun \nen ce qui le concerne, de l'ex\u00e9cution de la pr\u00e9sente d\u00e9cision qui sera publi\u00e9e au recueil des actes \nadministratifs des services de l'Etat. \n \n \nFait \u00e0 Aubervilliers, le 29 juillet 2025 \n \nLe Directeur r\u00e9gional et \ninterd\u00e9partemental de l'\u00e9conomie, de \nl'emploi, du travail et des solidarit\u00e9s \npar int\u00e9rim \n \n SIGN\u00c9 \n \nMarc ROHFRITSCH \n \n \nDirection r\u00e9gionale et interd\u00e9partementale de l'\u00e9conomie, de l'emploi, du travail et des solidarit\u00e9s d'\u00cele-de-France -\nIDF-2025-07-29-00005 - D\u00e9cision n\u00b0 2025-135 du 29 juillet 2025\nD\u00e9signant Mme Johanna BERTHAU pour assurer les fonctions de directrice d\u00e9partementale de l'emploi, du travail et des solidarit\u00e9s\npar int\u00e9rim du Val d'Oise pour l'exercice des missions relatives au syst\u00e8me d'inspection et de la l\u00e9gislation du travail\n16","date":"2025-07-29","first_seen_on":"2025-07-29T16:52:47+00:00","id":"acfd6c20801620bde7dfc8c5e56b31693254c855f73c65ebdc26a3a0d2ae6e0c","name":"recueil-idf-053-2025-07-RAA-nominatifs du 29.07.2025","pdf_creation_date":"2025-07-29T14:53:02+00:00","pdf_modification_date":null,"timezone":"Europe/Paris","url":"https://www.prefectures-regions.gouv.fr/ile-de-france/irecontenu/telechargement/129905/956073/file/recueil-idf-053-2025-07-RAA-nominatifs%20du%2029.07.2025.pdf"}
