{"administration":"prefidf","administration_name":"Pr\u00e9fecture de la r\u00e9gion \u00cele-de-France","content":"PREFECTURE\nREGION ILE DE\nFRANCE\nRECUEIL DES ACTES\nADMINISTRATIFS SP\u00c9CIAL\nN\u00b0IDF-034-2025-09\nPUBLI\u00c9 LE 12 SEPTEMBRE 2025\nSommaire\nAgence R\u00e9gionale de Sant\u00e9 /\nIDF-2025-09-01-00034 - Arr\u00eat\u00e9 2025-228 portant autorisation\nd'extension de 77 \u00e0 97 places de l'Institut M\u00e9dico-Educatif (IME) \"AVA\nPARIS\" \u00e0 Parie 13\u00e8me pour la mise en place d'un dispositif\nd'autor\u00e9gulation (DAR) \u00e9l\u00e9mentaire d'une DAR Coll\u00e8ge, g\u00e9r\u00e9\npar l'association Agir et Vivre l'Autisme (AVA) (4 pages) Page 3\nIDF-2025-08-27-00034 - Arr\u00eat\u00e9 2025-229 portant autorisation\nd'extension de capacit\u00e9 de 27 \u00e0 41 places de l'institut\nM\u00e9dico-Educatif (IME) Robert Doisneau \u00e0 Paris 18\u00e8me g\u00e9r\u00e9 par la\nFondation Oeuvre Village d'Enfants (OVE) (4 pages) Page 8\nIDF-2025-08-27-00035 - Arr\u00eat\u00e9 2025-230 portant autorisation de\ntransformation de 10 places de Centre d'accueil familial sp\u00e9cialis\u00e9\n(CAFS) en 10 places de Service d'\u00e9ducation sp\u00e9cialis\u00e9e et de soins \u00e0\ndomicile (SESSAD) puis extension \u00e0 18 places au sein du SESSAD Jenny\nAubry \u00e0 Paris g\u00e9r\u00e9 par l'association Jenny Aubry (4 pages) Page 13\nIDF-2025-08-29-00009 - Arr\u00eat\u00e9 2025-236 portant autorisation de\ntransformation par requalification de 20 places d\u00e9ficience intellectuelle\nen 20 places troubles du spectre de l'autisme (TSA) de l'Etablissement et\nService d'Aide par le Travail (ESAT) \"Les Cerisiers\" et portant autorisation\nde changement de localisation de l'ESAT \u00e0 Paris 19\u00e8me g\u00e9r\u00e9 par\nl'association APAJH Paris  (3 pages) Page 18\nIDF-2025-08-29-00010 - Arr\u00eat\u00e9 2025-237 portant autorisation\nd'extension de capacit\u00e9 de 35 \u00e0 45 places de la Maison d'Accueil\nSp\u00e9cialis\u00e9e (MAS) Centre Robert Doisneau \u00e0 Paris 18\u00e8me g\u00e9r\u00e9e\npar la Fondation OVE (3 pages) Page 22\nIDF-2025-09-01-00033 - Arr\u00eat\u00e9 2025-238 portant autorisation\nd'extension de capacit\u00e9 de 9 \u00e0 14 places de la Maison d'accueil\nsp\u00e9cialis\u00e9e (MAS) MAIA Autisme \u00e0 Suresnes g\u00e9r\u00e9 par l'association\nMAIA Autisme (3 pages) Page 26\nIDF-2025-08-29-00011 - Arr\u00eat\u00e9 2025-239 portant autorisation de\ntransformation d'une place d'internat permanent en une place d'internat\ns\u00e9quentiel et extension de 27 \u00e0 32 places de la Maison d'accueil\nsp\u00e9cialis\u00e9e (MAS) \"Michelle Cassar\" \u00e0 Paris 15\u00e8me g\u00e9r\u00e9 par\nl'association Maison Benjamin (3 pages) Page 30\nAgence R\u00e9gionale de Sant\u00e9 / Agence r\u00e9gionale de sant\u00e9\nd'Ile-de-France-D\u00e9partement de l'autonomie\nIDF-2025-08-27-00036 - Arr\u00eat\u00e9 2025-213 portant autorisation\nd'extension de capacit\u00e9 de 87 \u00e0 97 places de l'Institut\nM\u00e9dico-Educatif (IME) Le Tremplin \u00e0 Bobigny g\u00e9r\u00e9 par l'association\nVivre et devenir - Villepinte - Saint-Michel (4 pages) Page 34\n2\nAgence R\u00e9gionale de Sant\u00e9\nIDF-2025-09-01-00034\nArr\u00eat\u00e9 2025-228 portant autorisation\nd'extension de 77 \u00e0 97 places de l'Institut\nM\u00e9dico-Educatif (IME) \"AVA PARIS\" \u00e0 Parie\n13\u00e8me pour la mise en place d'un dispositif\nd'autor\u00e9gulation (DAR) \u00e9l\u00e9mentaire d'une DAR\nColl\u00e8ge, g\u00e9r\u00e9 par l'association Agir et Vivre\nl'Autisme (AVA)\nAgence R\u00e9gionale de Sant\u00e9 - IDF-2025-09-01-00034 - Arr\u00eat\u00e9 2025-228 portant autorisation d'extension de 77 \u00e0 97 places de l'Institut\nM\u00e9dico-Educatif (IME) \"AVA PARIS\" \u00e0 Parie 13\u00e8me pour la mise en place d'un dispositif d'autor\u00e9gulation (DAR) \u00e9l\u00e9mentaire d'une DAR\nColl\u00e8ge, g\u00e9r\u00e9 par l'association Agir et Vivre l'Autisme (AVA)\n3\nEEREPUBLIQUEFRAN\u00c7AISELibert\u00e9Egalit\u00e9Fraternit\u00e9\nAr@ D Agence R\u00e9gionale de Sant\u00e9lle-de-France\n \n \n \n \n \n \n \n \n \nAGENCE R\u00c9GIONALE DE SANT\u00c9 \u00ceLE-DE-FRANCE \nARR\u00caT\u00c9 N\u00b0 2025 - 228 \n  \nportant autorisation d'extension de 77 \u00e0 97 places de l'Institut M\u00e9dico-Educatif (IME) \n\u00ab AVA PARIS \u00bb sis 64 rue Clisson \u00e0 Paris (75013) pour la mise en place d'un dispositif \nd'autor\u00e9gulation (DAR) \u00e9l\u00e9mentaire et d'un DAR coll\u00e8ge, \ng\u00e9r\u00e9 par l'association Agir et Vivre l'Autisme (AVA) \n \n  \nLE DIRECTEUR G\u00c9N\u00c9RAL DE L'AGENCE R\u00c9GIONALE DE SANT\u00c9 \u00ceLE-DE-FRANCE \n \nVU le code de l'action sociale et des familles et notamment les articles L. 312-1, L. 313-, \nL. 314-3 et suivants ; \n \nVU       le d\u00e9cret du 10 avril 2024 portant nomination de Monsieur Denis ROBIN, Directeur \ng\u00e9n\u00e9ral de l'Agence r\u00e9gionale de sant\u00e9 \u00cele-de-France \u00e0 compter du 29 avril 2024 ; \n \nVU l'arr\u00eat\u00e9 n\u00b0 DIRNOV-2023/08 de la Directrice g\u00e9n\u00e9rale de l'Agence r\u00e9gionale de sant\u00e9 \n\u00cele-de-France en date du 26 octobre 2023 portant adoption du cadre d'orientation \nstrat\u00e9gique 2018-2028 du projet r\u00e9gional de sant\u00e9 d'\u00cele-de-France ; \n \nVU l'arr\u00eat\u00e9 n\u00b0 DIRNOV-2023/09 de la Directrice g\u00e9n\u00e9rale de l'Agence r\u00e9gionale de sant\u00e9 \n\u00cele-de-France en date du 26 octobre 2023 portant adoption du sch\u00e9ma r\u00e9gional de \nsant\u00e9 2023 -2028 du  projet r\u00e9gional de sant\u00e9 d'\u00cele -de-France, modifi\u00e9 par l'arr\u00eat\u00e9 \nn\u00b0DIRNOV-2023/09 en date du 12 janvier 2024 ; \n \nVU l'arr\u00eat\u00e9 n\u00b0 2023 -346 de la Directrice g\u00e9n\u00e9rale de l'Agence r\u00e9gionale de sant\u00e9 \u00cele -de-\nFrance en date du 4 d\u00e9cembre 2023 \u00e9tablissant le programme interd\u00e9partemental \nd'accompagnement des handicaps et de la perte d'autonomie (PRIAC) 2023-2027 pour \nla r\u00e9gion \u00cele-de-France ; \n \nVU l'arr\u00eat\u00e9 n\u00b0 2009-245-8 du 31 ao\u00fbt 2009 du Directeur g\u00e9n\u00e9ral de l'Agence r\u00e9gionale de \nsant\u00e9 \u00cele-de-France autorisant la cr\u00e9ation d'une structure exp\u00e9rimentale de 15 places \ndestin\u00e9es \u00e0 l'accueil d'enfants autistes ou pr\u00e9sentant de troubles envahissants du \nd\u00e9veloppement g\u00e9r\u00e9e par l'Association \u00ab Agir et vaincre l'autisme \u00bb ;  \n \nVU l'arr\u00eat\u00e9 n\u00b0 2014-186 du 19 ao\u00fbt 2014 d u Directeur g\u00e9n\u00e9ral de l'Agence r\u00e9gionale de \nsant\u00e9 \u00cele-de-France portant renouvellement de l'autorisation de la structure \nexp\u00e9rimentale \u00ab IME Agir et Vivre l'Autisme \u00bb ;  \n \nVU l'arr\u00eat\u00e9 n\u00b0  197/2020 du 31 d\u00e9cembre 2020 de la Directrice g\u00e9n\u00e9rale de l'Agence \nr\u00e9gionale de sant\u00e9 \u00cele-de-France portant autorisation  de fusion de s structures \nexp\u00e9rimentales \u00ab IME Agir et Vivre l'Autisme \u00bb et \u00ab IME Sacs Pas \u00e0 Pas \u00bb, entr\u00e9e dans \nle droit commun et extension de capacit\u00e9 de la nouvelle structure d\u00e9nomm\u00e9e \u00ab AVA \nParis \u00bb de 46 \u00e0 62 places ;   \n \nAgence R\u00e9gionale de Sant\u00e9 - IDF-2025-09-01-00034 - Arr\u00eat\u00e9 2025-228 portant autorisation d'extension de 77 \u00e0 97 places de l'Institut\nM\u00e9dico-Educatif (IME) \"AVA PARIS\" \u00e0 Parie 13\u00e8me pour la mise en place d'un dispositif d'autor\u00e9gulation (DAR) \u00e9l\u00e9mentaire d'une DAR\nColl\u00e8ge, g\u00e9r\u00e9 par l'association Agir et Vivre l'Autisme (AVA)\n4\n2 \n \nVU l'arr\u00eat\u00e9 n\u00b02023 -246 du 18 septembre 2023 de la Directrice g\u00e9n\u00e9rale de l'Agence \nr\u00e9gionale de sant\u00e9 \u00cele-de-France portant autorisation d'extension de 10 places pour la \nmise en place d'une Unit\u00e9 d'Enseignement El\u00e9mentaire Autisme (UEEA) au sein de \nl'\u00e9cole Gutenberg et de 5 places pour l'accueil des adolescents et jeunes adultes \u00e2g\u00e9s \nde 16 \u00e0 25 ans en SESSAD PRO, de l'IME AVA PARIS ; \n \nVU la demande de l'association \u00ab Agir et Vivre l'Autisme \u00bb (AVA) visant \u00e0 la cr\u00e9ation de 10 \nplaces pour un dispositif d'autor\u00e9gulation (DAR) pour les enfants \u00e2g\u00e9s de 6 \u00e0 12 ans \nau sein de l'\u00e9cole \u00e9l\u00e9mentaire  Joseph De Maistre  pour une ouverture \u00e0 la rentr\u00e9e \n2024/2025 ; \n \nVU la demande de l'association AVA visant \u00e0 la cr\u00e9ation de 10 places pour un dispositif \nd'autor\u00e9gulation (DAR) pour les enfants \u00e2g\u00e9s de plus de 11  ans au sein du groupe \nscolaire Sainte Jeanne Elisabeth pour une ouverture \u00e0 la rentr\u00e9e 2025/2026 ; \n \n \n \n \n CONSID\u00c9RANT qu'en application de l'article D 313 -2 du code de l'action sociale et des \nfamilles, le Directeur g\u00e9n\u00e9ral de l'Agence r\u00e9gionale de sant\u00e9 \u00cele -de-France \npeut d\u00e9roger aux seuils fix\u00e9s aux I \u00e0 IV de cet article au -del\u00e0 desquels les \nautorisations d'extension d'\u00e9 tablissements ou de services m\u00e9dico -sociaux \ndoivent \u00eatre pr\u00e9c\u00e9d\u00e9es de la proc\u00e9dure d'appel \u00e0 projet pr\u00e9vue par l'article \nL. 313-1-1 du m\u00eame code, lorsqu'un motif d'int\u00e9r\u00eat g\u00e9n\u00e9ral le justifie et pour \ntenir compte de circonstances locales ; \n \n CONSID\u00c9RANT que le dispositif d'autor\u00e9gulation (DAR) r\u00e9pond aux besoins particuliers des \nenfants pr\u00e9sentant les TND dont l'orientation a \u00e9t\u00e9 \u00e9valu\u00e9e par la MDPH ; \n \n CONSIDERANT que le DAR \u00e9l\u00e9mentaire est install\u00e9 depuis la rentr\u00e9e scolaire 2023/2024 ; \n \n CONSIDERANT que ces dispositifs contribuent \u00e0 diversifier les solutions d'accompagnement \nen faveur de l'\u00e9cole inclusive et une meilleure r\u00e9 ponse aux besoins des \nenfants parisiens avec TND ; \n \n CONSID\u00c9RANT  que les projets r\u00e9pondent \u00e0 un besoin identifi\u00e9 sur le d\u00e9partement de Paris ; \n \n CONSID\u00c9RANT qu'ils sont compatibles avec les objectifs et r\u00e9pond aux besoins sociaux et \nm\u00e9dico-sociaux fix\u00e9s par le sch\u00e9ma r\u00e9gional de sant\u00e9 ;  \n \n CONSID\u00c9RANT qu'ils satisfont aux r\u00e8gles d'organisation et de fonctionnement pr\u00e9vues par \nle code de l'action sociale et des familles ;  \n \n CONSID\u00c9RANT qu'ils pr\u00e9sentent un co\u00fbt de fonctionnement en ann\u00e9e pleine compatible \navec le PRIAC  \u00cele-de-France et avec le montant de l'une des dotations \nmentionn\u00e9es \u00e0 l'article L. 314-3 du code de l'action sociale et des familles ; \n \n CONSID\u00c9RANT que l' Agence r\u00e9gionale de sant\u00e9  \u00cele-de-France dispose pour le DAR \n\u00e9l\u00e9mentaire des cr\u00e9dits n\u00e9cessaires \u00e0 sa mise en \u0153uvre dans le cadre de la \nrentr\u00e9e scolaire 2023/2024 \u00e0 hauteur de 140 000 euros ; \n    \n CONSID\u00c9RANT que l'Agence r\u00e9gionale de sant\u00e9 \u00cele-de-France dispose pour le DAR coll\u00e8ge \ndes cr\u00e9dits n\u00e9cessaires \u00e0 sa mise en \u0153uvre \u00e0 hauteur de  180 000 euros \ndans le cadre de la rentr\u00e9e scolaire 2025/2026 ; \n \nAgence R\u00e9gionale de Sant\u00e9 - IDF-2025-09-01-00034 - Arr\u00eat\u00e9 2025-228 portant autorisation d'extension de 77 \u00e0 97 places de l'Institut\nM\u00e9dico-Educatif (IME) \"AVA PARIS\" \u00e0 Parie 13\u00e8me pour la mise en place d'un dispositif d'autor\u00e9gulation (DAR) \u00e9l\u00e9mentaire d'une DAR\nColl\u00e8ge, g\u00e9r\u00e9 par l'association Agir et Vivre l'Autisme (AVA)\n5\n3 \n \n \nARR\u00caTE  \n \n                  \nARTICLE 1er :  L'autorisation d'extension de 77 \u00e0 97 places de l'IME AVA PARIS sis 64 rue Clisson \n\u00e0 Paris (75013) au titre d'un dispositif d'autor\u00e9gulation (DAR) \u00e9l\u00e9mentaire pour les \nenfants \u00e2g\u00e9s de 6 \u00e0 12 ans porteurs de troubles du neurod\u00e9veloppement (TND), \nau sein de l'\u00e9cole \u00e9l\u00e9mentaire Joseph De Maistre et d'un DAR coll\u00e8ge pour les \nenfants \u00e2g\u00e9s de plus de 11 ans pr\u00e9sentant des TND au sein du groupe scolaire \nSainte Jeanne Elisabeth est accord\u00e9e \u00e0 l'association Agir et Vivre l'Autisme (AVA) \ndont le si\u00e8ge social se situe au 64 rue Clisson \u00e0 Paris (75013). \n \nEn application du V de l'article D. 313-2 du code de l'action sociale et des familles, \nle seuil d'extension pr\u00e9vu par cet article est fix\u00e9, dans le cadre de la pr\u00e9sente \nautorisation, \u00e0 hauteur de 55% de la capacit\u00e9 de l'IME. \n \nARTICLE 2e :  La capacit\u00e9 totale de l'IME AVA PARIS est dor\u00e9navant de 97 places destin\u00e9es \u00e0 \ndes enfants et jeunes adultes \u00e2g\u00e9s de 0 \u00e0 20 ans pr\u00e9sentant des troubles du \nspectre de l'autisme (TSA) r\u00e9parties comme suit : \n \n\u2022 45 places d'accueil de jour, dont 6 places en hors les murs ; \n\u2022 17 places de SESSAD ; \n\u2022 10 places d'Unit\u00e9 d'Enseignement en El\u00e9mentaire Autisme (UEEA) au sein \nde l'\u00e9cole Gutenberg sise 50 rue Gutenberg \u00e0 Paris (75015) ; \n\u2022 5 places de SESSAD Pro ; \n\u2022 10 places de DAR \u00e9l\u00e9mentaire au sein de l'\u00e9cole Joseph de Maestre sise \n94 rue Joseph de Maestre \u00e0 Paris (75018) ; \n\u2022 10 places de DAR  coll\u00e8ge au sein du groupe scolaire Sainte Jeanne \nElisabeth sis 8 rue Maurice de la Sizeranne \u00e0 Paris (75007).  \n \nARTICLE 3e :  Conform\u00e9ment aux termes du dernier alin\u00e9a du I de l'article D. 312-0-3 du code de \nl'action sociale et des familles, a ucune sp\u00e9cialisation n'exclut la prise en charge \nde personnes pr\u00e9sentant des troubles associ\u00e9s \u00e0 ceux qui font l'objet de la \npr\u00e9sente autorisation.  \n \nARTICLE 4e :  Cette structure est r\u00e9pertori\u00e9e dans le Fichier National des Etablissements \nSanitaires et Sociaux (FINESS) de la fa\u00e7on suivante : \n \nN\u00b0 FINESS de l'\u00e9tablissement : 75 004 704 5  \n \nCode cat\u00e9gorie : [183] Institut M\u00e9dico-Educatif (I.M.E.) \n \nCode discipline :  \n \n[844] Tous projets \u00e9ducatifs th\u00e9rapeutiques et \np\u00e9dagogiques \n \n \nCode fonctionnement : \n \n[21] Accueil de Jour                        \n[16] Prestation en milieu ordinaire  \n \n67 places \n30 places  \nCode client\u00e8le : [437] - Troubles du spectre de l'autisme 97 places \nCode mode de fixation des tarifs : [57] ARS Dotation forfait ou prix de journ\u00e9e \n Globalis\u00e9   \n \nN\u00b0 FINESS du gestionnaire : 75 006 223 4 \n \nCode statut : [60] Association Loi 1901 non Reconnue d'Utilit\u00e9 Publique \nAgence R\u00e9gionale de Sant\u00e9 - IDF-2025-09-01-00034 - Arr\u00eat\u00e9 2025-228 portant autorisation d'extension de 77 \u00e0 97 places de l'Institut\nM\u00e9dico-Educatif (IME) \"AVA PARIS\" \u00e0 Parie 13\u00e8me pour la mise en place d'un dispositif d'autor\u00e9gulation (DAR) \u00e9l\u00e9mentaire d'une DAR\nColl\u00e8ge, g\u00e9r\u00e9 par l'association Agir et Vivre l'Autisme (AVA)\n6\ncig?\n4 \n \n \n \nARTICLE 5e :   Conform\u00e9ment aux dispositions de l'article D. 313-12-1 du code de l'action sociale \net des familles, la pr\u00e9sente autorisation est valable sous r\u00e9serve de la \ntransmission, \u00e0 l'autorit\u00e9 comp\u00e9tente, avant la date d'entr\u00e9e en service de la \nnouvelle capacit\u00e9 aut oris\u00e9e, d'une d\u00e9claration sur l'honneur attestant de la \nconformit\u00e9 de l'\u00e9tablissement ou du service aux conditions techniques minimales \nd'organisation et de fonctionnement mentionn\u00e9es au II de l'article L.  312-1 du \nm\u00eame code. \n \nARTICLE 6e :  Elle est caduque en l'absence d'ouverture au public de l'\u00e9tablissement ou du \nservice dans un d\u00e9lai de quatre ans suivant la notification de la d\u00e9cision \nd'autorisation conform\u00e9ment aux articles L. 313-1 et D. 313-7-2 du code de l'action \nsociale et des familles. \n \nARTICLE 7e :  Tout changement important dans l'activit\u00e9, l'installation, l'organisation, la direction \nou le fonctionnement de l'\u00e9tablissement ou du service doit \u00eatre port\u00e9 \u00e0 la \nconnaissance de l'autorit\u00e9 comp\u00e9tente. \n \nARTICLE 8e :   Un recours contre le pr\u00e9sent arr\u00eat\u00e9 peut \u00eatre form\u00e9 devant le tribunal administratif \ncomp\u00e9tent dans un d\u00e9lai de deux mois \u00e0 compter de sa notification ou, pour les \ntiers, \u00e0 compter de sa publication.   \n \nARTICLE 9e :  Le Directeur de la d\u00e9l\u00e9gation d\u00e9partementale de Paris de l'Agence r\u00e9gionale de \nsant\u00e9 \u00cele-de-France est charg\u00e9 de l'ex\u00e9cution du pr\u00e9sent arr\u00eat\u00e9 qui sera publi\u00e9 aux \nrecueils des actes administratifs de la R\u00e9gion \u00cele-de-France et du d\u00e9partement de \nParis.    \n \n \n \n \n \n Fait \u00e0 Saint-Denis, 1er septembre 2025 \n \n       \n La Directrice g\u00e9n\u00e9rale \n de l'Agence r\u00e9gionale de sant\u00e9 \n \u00cele-de-France \n \n \n \n Sophie MARTINON \nAgence R\u00e9gionale de Sant\u00e9 - IDF-2025-09-01-00034 - Arr\u00eat\u00e9 2025-228 portant autorisation d'extension de 77 \u00e0 97 places de l'Institut\nM\u00e9dico-Educatif (IME) \"AVA PARIS\" \u00e0 Parie 13\u00e8me pour la mise en place d'un dispositif d'autor\u00e9gulation (DAR) \u00e9l\u00e9mentaire d'une DAR\nColl\u00e8ge, g\u00e9r\u00e9 par l'association Agir et Vivre l'Autisme (AVA)\n7\nAgence R\u00e9gionale de Sant\u00e9\nIDF-2025-08-27-00034\nArr\u00eat\u00e9 2025-229 portant autorisation\nd'extension de capacit\u00e9 de 27 \u00e0 41 places de\nl'institut M\u00e9dico-Educatif (IME) Robert Doisneau\n\u00e0 Paris 18\u00e8me g\u00e9r\u00e9 par la Fondation Oeuvre\nVillage d'Enfants (OVE)\nAgence R\u00e9gionale de Sant\u00e9 - IDF-2025-08-27-00034 - Arr\u00eat\u00e9 2025-229 portant autorisation d'extension de capacit\u00e9 de 27 \u00e0 41 places\nde l'institut M\u00e9dico-Educatif (IME) Robert Doisneau \u00e0 Paris 18\u00e8me g\u00e9r\u00e9 par la Fondation Oeuvre Village d'Enfants (OVE) 8\nREPUBLIQUEFRANCAISELibert\u00e9Egalit\u00e9Fraternit\u00e9 \u00a9 \u00bb Agence R\u00e9gionale de Sant\u00e9Ile-de-France\n \n \n \n \n \n \n \n \n \nAGENCE R\u00c9GIONALE DE SANT\u00c9 \u00ceLE-DE-FRANCE \n \nARRETE N\u00b0 2025 - 229 \n  \nportant autorisation d'extension de capacit\u00e9 de 27 \u00e0 41 places de l'institut M\u00e9dico-\u00c9ducatif \n(IME) Robert Doisneau sis 51 rue Ren\u00e9 Clair \u00e0 Paris (75018), \n \ng\u00e9r\u00e9 par la Fondation \u0152uvre Village d'Enfants (OVE) \n \n \n \nLE DIRECTEUR G\u00c9N\u00c9RAL DE L'AGENCE R\u00c9GIONALE DE SANT\u00c9 \u00ceLE-DE-FRANCE \n \nVU le code de l'action sociale et des familles et notamment les articles L. 312 -1, L. 313-1, L. \n314-3 et suivants ; \n \nVU le d\u00e9cret du 10 avril 2024 portant nomination de Monsieur Denis ROBIN, Directeur g\u00e9n\u00e9ral \nde l'Agence r\u00e9gionale de sant\u00e9 \u00cele-de-France \u00e0 compter du 29 avril 2024 ; \n \nVU l'arr\u00eat\u00e9 n\u00b0 DIRNOV-2023/08 de la Directrice g\u00e9n\u00e9rale de l'Agence r\u00e9gionale de sant\u00e9 \u00cele-\nde-France en date du 26 octobre 2023 portant adoption du cadre d'orientation strat\u00e9gique \n2018-2028 du projet r\u00e9gional de sant\u00e9 d'\u00cele-de-France ; \n \nVU l'arr\u00eat\u00e9 n\u00b0 DIRNOV-2023/09 de la Directrice g\u00e9n\u00e9rale de l'Agence r\u00e9gionale de sant\u00e9 \u00cele-\nde-France en date du 26 octobre 2023 portant adoption du sch\u00e9ma r\u00e9gional de sant\u00e9 \n2023-2028 du projet r\u00e9gional de sant\u00e9 d' \u00cele-de-France, modifi\u00e9 par l'arr\u00eat\u00e9 n\u00b0DIRNOV -\n2023/09 en date du 12 janvier 2024 ; \n \nVU l'arr\u00eat\u00e9 n\u00b0 2023-346 de la Directrice g\u00e9n\u00e9rale de l'Agence r\u00e9gionale de sant\u00e9 \u00cele-de-France \nen date du 4 d\u00e9cembre 2023 \u00e9tablissant le programme interd\u00e9partemental \nd'accompagnement des handicaps et de la perte d'autonomie (PRIAC) 2023-2027 pour la \nr\u00e9gion \u00cele-de-France ; \n \nVU l'arr\u00eat\u00e9 n\u00b0 2016-342 du 20 octobre 2016 portant cession d'autorisation d'un Institut M\u00e9dico-\n\u00c9ducatif (IME) du Centre Robert Doisneau situ\u00e9 51 rue Ren\u00e9 Clair \u00e0 Paris (75018) g\u00e9r\u00e9 par \nla Fondation Hospitali\u00e8re Sainte-Marie au profit de la Fondation \u0152uvre Village d'Enfants ; \n \nVU l'arr\u00eat\u00e9 n\u00b0 2018-92 du 28 mai 2018 portant autorisation d'extension de capacit\u00e9 de 21 \u00e0 27 \nplaces de l'IME ; \n \nVU la demande de l a Fondation OVE en date du 30 juin 2025 visant \u00e0 la cr\u00e9ation de 14 \nsolutions d'accompagnement pour des enfants et jeunes adultes pr\u00e9sentant des troubles \ndu spectre de l'autisme dont 7 jeunes prioritairement suivis au titre de l'aide sociale \u00e0 \nl'enfance (ASE), dit \u00ab public \u00e0 double vuln\u00e9rabilit\u00e9 \u00bb ; \n \n \n \nAgence R\u00e9gionale de Sant\u00e9 - IDF-2025-08-27-00034 - Arr\u00eat\u00e9 2025-229 portant autorisation d'extension de capacit\u00e9 de 27 \u00e0 41 places\nde l'institut M\u00e9dico-Educatif (IME) Robert Doisneau \u00e0 Paris 18\u00e8me g\u00e9r\u00e9 par la Fondation Oeuvre Village d'Enfants (OVE) 9\n       2 \n \nCONSID\u00c9RANT  que le public pr\u00e9sentant des troubles du spectre de l'autisme (TSA) et le \npublic \u00e0 double vuln\u00e9rabilit\u00e9 constituent des publics prioritaires identifi\u00e9s \npour le d\u00e9veloppement de l'offre \u00e0 Paris dans le cadre du Plan inclus'IF ; \n \nCONSID\u00c9RANT qu'en application de l'article D 313 -2 du code de l'action sociale et des \nfamilles, le Directeur g\u00e9n\u00e9ral de l'Agence r\u00e9gionale de sant\u00e9 (ARS) \u00cele-de-\nFrance peut d\u00e9roger aux seuils fix\u00e9s aux I \u00e0 IV de cet article au -del\u00e0 \ndesquels les autorisations d'extension d'\u00e9tablissements ou de services \nm\u00e9dico-sociaux doivent \u00eatre pr\u00e9c\u00e9d\u00e9es de la proc\u00e9dure d'appel \u00e0 projet \npr\u00e9vue par l'article L. 313 -1-1 du m\u00eame code, lor squ'un motif d'int\u00e9r\u00eat \ng\u00e9n\u00e9ral le justifie et pour tenir compte de circonstances locales ; \n  \nCONSID\u00c9RANT  que le projet r\u00e9pond \u00e0 un besoin de d\u00e9veloppement de l'offre m\u00e9dico -\nsociale identifi\u00e9 sur le d\u00e9partement de Paris ; \n \nCONSID\u00c9RANT qu'il est compatible avec les objectifs et r\u00e9pond aux besoins sociaux et \nm\u00e9dico-sociaux fix\u00e9s par le sch\u00e9ma r\u00e9gional de sant\u00e9 ;  \n \nCONSID\u00c9RANT qu'il satisfait aux r\u00e8gles d'organisation et de fonctionnement pr\u00e9vues par le \ncode de l'action sociale et des familles ;  \n \nCONSID\u00c9RANT qu'il pr\u00e9sente un co\u00fbt de fonctionnement en ann\u00e9e pleine compatible avec \nle PRIAC  \u00cele-de-France et avec le montant de l'une des dotations \nmentionn\u00e9es \u00e0 l'article L. 314-3 du code de l'action sociale et des familles ; \n \nCONSID\u00c9RANT que l'Agence r\u00e9gionale de sant\u00e9 \u00cele-de-France dispose pour ce projet des \ncr\u00e9dits n\u00e9cessaires \u00e0 sa mise en \u0153uvre \u00e0 hauteur de 1 246 735 euros au \ntitre des mesures nouvelles. \n \n \n \n \nARR\u00caTE  \n \n \nARTICLE 1er :  L'autorisation visant \u00e0 l'extension de capacit\u00e9 de 14 places de l'IME Robert Doisneau \nsis 51 rue Ren\u00e9 Clair destin\u00e9es \u00e0 accueillir des enfants et jeunes adultes \u00e2g\u00e9s de 0 \n\u00e0 20 ans est accord\u00e9e \u00e0 la Fondation \u0152uvre Village d'Enfants (OVE)  dont le si\u00e8ge \nsocial se situe au 19 rue Marius Grosso \u00e0 Vaulx en Velin (69120). \nEn application du V de l'article D. 313-2 du code de l'action sociale et des familles, le \nseuil d'extension pr\u00e9vu par cet article est fix\u00e9, dans le cadre de la pr\u00e9sente \nautorisation, \u00e0 hauteur de 96 % de la capacit\u00e9 de l'IME. \n \nARTICLE 2e :    La capacit\u00e9 totale de l'IME Robert Doisneau est dor\u00e9navant de 41 places destin\u00e9es \n\u00e0 des personnes avec TSA r\u00e9parties comme suit : \n \n- 21 places d'accueil de jour sur 210 jours dont : \n\u25aa 16 places d'accueil de jour temps plein ; \n\u25aa   5 places d'accueil temporaire ; \n  \nAgence R\u00e9gionale de Sant\u00e9 - IDF-2025-08-27-00034 - Arr\u00eat\u00e9 2025-229 portant autorisation d'extension de capacit\u00e9 de 27 \u00e0 41 places\nde l'institut M\u00e9dico-Educatif (IME) Robert Doisneau \u00e0 Paris 18\u00e8me g\u00e9r\u00e9 par la Fondation Oeuvre Village d'Enfants (OVE) 10\n       3 \n \n \n- 20 places d'internat dont : \n\u25aa 7 places en internat sur 365 jours temps plein ; \n\u25aa 6 places en internat sur 365 jours temporaire ; \n\u25aa 7 places en internat 210 jours prioritairement destin\u00e9es au public \u00e0 double \nvuln\u00e9rabilit\u00e9 et compl\u00e9t\u00e9es par un dispositif connexe d'h\u00e9bergement ASE ;  \n \nARTICLE 3e :  Conform\u00e9ment aux termes du dernier alin\u00e9a du I de l'article D. 312 -0-3 du code de \nl'action sociale et des familles, a ucune sp\u00e9cialisation n'exclut la prise en charge de \npersonnes pr\u00e9sentant des troubles associ\u00e9s \u00e0 ceux qui font l'objet de la pr\u00e9sente \nautorisation.  \n \nARTICLE 4e :  Cette structure est r\u00e9pertori\u00e9e dans le Fichier National des Etablissements Sanitaires \net Sociaux (FINESS) de la fa\u00e7on suivante : \n \nN\u00b0 FINESS de l'\u00e9tablissement : 750051526 \n \nCode cat\u00e9gorie : [183] - Institut M\u00e9dico-Educatif (IME)  \nCode discipline :   \n \n[844] - Tous projets \u00e9ducatifs, th\u00e9rapeutiques et p\u00e9dagogiques \n   \nCode fonctionnement : \n \n[11] - H\u00e9bergement Complet Internat \n[40] - Accueil temporaire avec h\u00e9bergement \n[21] - Accueil de jour \n[44] - Accueil temporaire de jour \n \n14 places \n6 places \n16 places \n5 places \n \n \nCode client\u00e8le : \n \n[437] - Troubles du spectre de l'autisme \n \n41 places \n \n \nCode mode de fixation des tarifs : 57_ARS/ARS PCD Dot.Glob \n \nN\u00b0 FINESS du gestionnaire : 690793435 \n \nCode statut : [63] Fondation \n \n \nARTICLE 5e : La pr\u00e9sente autorisation est valable sous r\u00e9serve du r\u00e9sultat positif de la visite de \nconformit\u00e9 pr\u00e9vue par l'article L. 313-6 du code de l'action sociale et des familles.  \n \nARTICLE 6e : Elle est caduque en l'absence d'ouverture au public de l'\u00e9tablissement ou du service \ndans un d\u00e9lai de quatre ans suivant la notification de la d\u00e9cision d'autorisation  \nconform\u00e9ment aux articles L. 313-1 et D. 313-7-2 du code de l'action sociale et des \nfamilles. \n \nARTICLE 7e : Tout changement important dans l'activit\u00e9, l'installation, l'organisation, la direction ou \nle fonctionnement de l'\u00e9tablissement ou du service doit \u00eatre port\u00e9 \u00e0 la connaissance \nde l'autorit\u00e9 comp\u00e9tente. \n \nARTICLE 8e : Un recours contre le pr\u00e9sent arr\u00eat\u00e9 peut \u00eatre form\u00e9 devant le tribunal administratif \ncomp\u00e9tent dans un d\u00e9lai de deux mois \u00e0 compter de sa notification ou, pour les tiers, \n\u00e0 compter de sa publication.   \n \n  \nAgence R\u00e9gionale de Sant\u00e9 - IDF-2025-08-27-00034 - Arr\u00eat\u00e9 2025-229 portant autorisation d'extension de capacit\u00e9 de 27 \u00e0 41 places\nde l'institut M\u00e9dico-Educatif (IME) Robert Doisneau \u00e0 Paris 18\u00e8me g\u00e9r\u00e9 par la Fondation Oeuvre Village d'Enfants (OVE) 11\ngig?\n       4 \n \nARTICLE 9e : Le Directeur de la d\u00e9l\u00e9gation d\u00e9partementale de Paris de l'Agence r\u00e9gionale de sant\u00e9 \n\u00cele-de-France est charg\u00e9 de l'ex\u00e9cution du pr\u00e9sent arr\u00eat\u00e9 qui sera publi\u00e9 au recueil \ndes actes administratifs de la R\u00e9gion \u00cele-de-France. \n \n \n \n \nFait \u00e0 Saint-Denis, le 27 aout 2025 \n \nLa Directrice g\u00e9n\u00e9rale adjointe  \nde l'Agence r\u00e9gionale de sant\u00e9 \n\u00cele-de-France \n \n \n \n \nSophie MARTINON \nAgence R\u00e9gionale de Sant\u00e9 - IDF-2025-08-27-00034 - Arr\u00eat\u00e9 2025-229 portant autorisation d'extension de capacit\u00e9 de 27 \u00e0 41 places\nde l'institut M\u00e9dico-Educatif (IME) Robert Doisneau \u00e0 Paris 18\u00e8me g\u00e9r\u00e9 par la Fondation Oeuvre Village d'Enfants (OVE) 12\nAgence R\u00e9gionale de Sant\u00e9\nIDF-2025-08-27-00035\nArr\u00eat\u00e9 2025-230 portant autorisation de\ntransformation de 10 places de Centre d'accueil\nfamilial sp\u00e9cialis\u00e9 (CAFS) en 10 places de Service\nd'\u00e9ducation sp\u00e9cialis\u00e9e et de soins \u00e0 domicile\n(SESSAD) puis extension \u00e0 18 places au sein du\nSESSAD Jenny Aubry \u00e0 Paris g\u00e9r\u00e9 par l'association\nJenny Aubry\nAgence R\u00e9gionale de Sant\u00e9 - IDF-2025-08-27-00035 - Arr\u00eat\u00e9 2025-230 portant autorisation de transformation de 10 places de Centre\nd'accueil familial sp\u00e9cialis\u00e9 (CAFS) en 10 places de Service d'\u00e9ducation sp\u00e9cialis\u00e9e et de soins \u00e0 domicile (SESSAD) puis extension \u00e0 18\nplaces au sein du SESSAD Jenny Aubry \u00e0 Paris g\u00e9r\u00e9 par l'association Jenny Aubry\n13\nREPUBLIQUEFRANCAISELibert\u00e9Egalit\u00e9Fraternit\u00e9 \u00a9 > Agence R\u00e9gionale de Sant\u00e9Ile-de-France\n \n \n \n \n \n \n \n \n \nAGENCE R\u00c9GIONALE DE SANT\u00c9 \u00ceLE-DE-FRANCE \n \nARRETE N\u00b0 2025 - 230 \n \n \nportant autorisation de transformation de 10 places de Centre d'accueil familial sp\u00e9cialis\u00e9 \n(CAFS) en 10 places de Service d'\u00e9ducation sp\u00e9cialis\u00e9e et de soins \u00e0 domicile (SESSAD) \npuis extension \u00e0 18 places au sein du SESSAD Jenny Aubry sis 49 rue du faubourg \npoissonni\u00e8re \u00e0 Paris (75009), \n \ng\u00e9r\u00e9 par l'association Jenny Aubry \n \n \n \nLE DIRECTEUR G\u00c9N\u00c9RAL DE L'AGENCE R\u00c9GIONALE DE SANT\u00c9 \u00ceLE-DE-FRANCE \n \nVU le code de l'action sociale et des familles et notamment les articles L. 312-1, L. 313-1, L. \n314-3 et suivants ; \n \nVU le d\u00e9cret du 10 avril 2024 portant nomination de Monsieur Denis ROBIN, Directeur \ng\u00e9n\u00e9ral de l'Agence r\u00e9gionale de sant\u00e9 \u00cele-de-France \u00e0 compter du 29 avril 2024 ; \n \nVU l'arr\u00eat\u00e9 n\u00b0 DIRNOV-2023/08 de la Directrice g\u00e9n\u00e9rale de l'Agence r\u00e9gionale de sant\u00e9 \u00cele-\nde-France en date du 26 octobre 2023 portant adoption du cadre d'orientation \nstrat\u00e9gique 2018-2028 du projet r\u00e9gional de sant\u00e9 d'\u00cele-de-France ; \n \nVU l'arr\u00eat\u00e9 n\u00b0 DIRNOV-2023/09 de la Directrice g\u00e9n\u00e9rale de l'Agence r\u00e9gionale de sant\u00e9 \u00cele-\nde-France en date du 26 octobre 2023 portant adoption du sch\u00e9ma r\u00e9gional de sant\u00e9 \n2023-2028 du projet r\u00e9gional de sant\u00e9 d' \u00cele-de-France, modifi\u00e9 par l'arr\u00eat\u00e9 n\u00b0DIRNOV -\n2023/09 en date du 12 janvier 2024 ; \n \nVU l'arr\u00eat\u00e9 n\u00b0 2023 -346 de la Directrice g\u00e9n\u00e9rale de l'Agence r\u00e9gionale de sant\u00e9 \u00cele-de-\nFrance en date du 4 d\u00e9cembre 2023 \u00e9tablissant le programme interd\u00e9partemental \nd'accompagnement des handicaps et de la perte d'autonomie (PRIAC) 2023 -2027 pour \nla r\u00e9gion \u00cele-de-France ; \n \nVU l'arr\u00eat\u00e9 n\u00b02005 -311-6 du 7 novembre 2005 autorisant la cr\u00e9ation de 8 places de \nSESSAD par l'association de R\u00e9\u00e9ducation et de Psychoth\u00e9rapie en Placement Familial \nSp\u00e9cialis\u00e9 ARP-PFS ; \n \nVU l'arr\u00eat\u00e9 n\u00b02006 -149-1 du 29 mai 2006 portant enregistrement de la modification de la \nd\u00e9nomination de l'association ARP-PFS en association Jenny Aubry ; \n \nVU l'arr\u00eat\u00e9 n\u00b02008-153-1 du 1er juin 2008 portant \u00e0 30 places la capacit\u00e9 du SESSAD Jenny \nAubry, g\u00e9r\u00e9 par l'association Jenny Aubry ; \n \nVU l'arr\u00eat\u00e9 n\u00b0 2010-46-5 du 15 f\u00e9vrier portant autorisation de transformation du Centre \nd'Accueil Familial Sp\u00e9cialis\u00e9s (CAFS) de 55 places, g\u00e9r\u00e9 par l'association Jenny Aubry ; \n \nAgence R\u00e9gionale de Sant\u00e9 - IDF-2025-08-27-00035 - Arr\u00eat\u00e9 2025-230 portant autorisation de transformation de 10 places de Centre\nd'accueil familial sp\u00e9cialis\u00e9 (CAFS) en 10 places de Service d'\u00e9ducation sp\u00e9cialis\u00e9e et de soins \u00e0 domicile (SESSAD) puis extension \u00e0 18\nplaces au sein du SESSAD Jenny Aubry \u00e0 Paris g\u00e9r\u00e9 par l'association Jenny Aubry\n14\n       2 \n \nVU le renouvellement d'autorisation du CAFS Jenny Aubry pour prise d'effet au  3 janvier \n2017 pour une dur\u00e9e de 15 ans, g\u00e9r\u00e9 par l'association Jenny Aubry ; \n \nVU le contrat pluriannuel d'objectifs et de moyens portant sur les ann\u00e9es 2024 \u00e0 2028 sign\u00e9 \nle 7 novembre 2023 ; \n \nVU la demande de l'association  Jenny Aubry visant  \u00e0 la transformation de 10 places du \nCAFS Jenny Aubry en 10 pla ces de SESSAD renforc\u00e9 puis extension \u00e0 18 places du \nSESSAD ; \n \n \n \n \n \nCONSID\u00c9RANT  qu'une probl\u00e9matique structurelle de sous occupation du CAFS a conduit \nen 2018 \u00e0 une premi\u00e8re diminution de capacit\u00e9 de 10 places , au profit \ndes places conventionn\u00e9es \u00e0 l'aide sociale \u00e0 l'enfance  (ASE) sans \nmodification de l'arr\u00eat\u00e9 d'autorisation ; \n \nCONSID\u00c9RANT que le  gestionnaire est confront\u00e9 \u00e0 des difficult\u00e9s persistantes pour le \nrecrutement d'assistants familiaux en \u00cele-de-France ; \n \nCONSID\u00c9RANT que ce projet de transformation de places r\u00e9pond \u00e0 un fort besoin pour un \npublic identifi\u00e9 comme prioritaire \u00e0 Paris, c'est-\u00e0-dire les enfants \u00e0 double \nvuln\u00e9rabilit\u00e9 ASE  et des troubles du comportement et de la conduite  \n(TCC) ; \n \nCONSID\u00c9RANT que le SESSAD augmentera sa capacit\u00e9 de 30 \u00e0 48 places ; \n \nCONSID\u00c9RANT qu'en application de l'article D 313 -2 du code de l'action sociale et des \nfamilles, le Directeur g\u00e9n\u00e9ral de l'Agence r\u00e9gionale de sant\u00e9 \u00cele-de-\nFrance peut d\u00e9roger aux seuils fix\u00e9s aux I \u00e0 IV de cet article au -del\u00e0 \ndesquels les autorisations d'extension d'\u00e9tablissements ou de services \nm\u00e9dico-sociaux doivent \u00eatre pr\u00e9c\u00e9d\u00e9es de la proc\u00e9dure d'appel \u00e0 projet \npr\u00e9vue par l'article L. 313 -1-1 du m\u00eame code, lorsqu'un motif d'int\u00e9r\u00eat \ng\u00e9n\u00e9ral le justifie et pour tenir compte de circonstances locales ; \n  \nCONSID\u00c9RANT que le projet  est compatible avec les objectifs et r\u00e9pond aux besoins \nsociaux et m\u00e9dico-sociaux fix\u00e9s par le sch\u00e9ma r\u00e9gional de sant\u00e9 ;  \n \nCONSID\u00c9RANT qu'il satisfait aux r\u00e8gles d'organisation et de fonctionnement pr\u00e9vues par \nle code de l'action sociale et des familles ;  \n \nCONSID\u00c9RANT qu'il pr\u00e9sente un co\u00fbt de fonctionnement  en ann\u00e9e pleine compatible \navec le PRIAC  \u00cele-de-France et avec le montant de l'une des dotations \nmentionn\u00e9es \u00e0  l'article L . 314-3 du code de l'action sociale et des \nfamilles ; \n \nCONSID\u00c9RANT  que l'op\u00e9ration peut s'effectuer  \u00e0 moyens constants  et n'entra\u00eene donc \naucun surco\u00fbt ; \n \n  \nAgence R\u00e9gionale de Sant\u00e9 - IDF-2025-08-27-00035 - Arr\u00eat\u00e9 2025-230 portant autorisation de transformation de 10 places de Centre\nd'accueil familial sp\u00e9cialis\u00e9 (CAFS) en 10 places de Service d'\u00e9ducation sp\u00e9cialis\u00e9e et de soins \u00e0 domicile (SESSAD) puis extension \u00e0 18\nplaces au sein du SESSAD Jenny Aubry \u00e0 Paris g\u00e9r\u00e9 par l'association Jenny Aubry\n15\n       3 \n \n \nARR\u00caTE  \n \nARTICLE 1er :  L'autorisation de transformation de 10 places du CAFS Jenny Aubry en 10 places \nde SESSAD puis extension \u00e0 18 places du SESSAD Jenny Aubry sis 49 Rue du \nFaubourg Poissonni\u00e8re \u00e0 Paris (75009),  destin\u00e9es \u00e0 accueillir des  enfants et \nadolescent \u00e2g\u00e9s de 0 \u00e0 20 ans, est accord\u00e9e \u00e0 l'association Jenny Aubry  dont le \nsi\u00e8ge social se situe \u00e0 la m\u00eame adresse. \n Le pr\u00e9sent arr\u00eat\u00e9 r\u00e9gularise la diminution  intervenue en 2018  de 10 places de \nCAFS, et l'augmentation \u00e0 due concurrence des places conventionn\u00e9es \u00e0 l'aide \nsociale \u00e0 l'enfance par le gestionnaire. \n \nEn application du V de l'article D. 313 -2 du code de l'action sociale et des familles, \nle seuil d'extension pr\u00e9vu par cet article est fix\u00e9, dans le cadre de la pr\u00e9sente \nautorisation, \u00e0 hauteur de 60 % de la capacit\u00e9 du SESSAD. \n \nARTICLE 2e :  La capacit\u00e9 totale du CAFS est dor\u00e9navant de 45 places et celles du SESSAD de \n48 places destin\u00e9es \u00e0 des enfants et jeunes adultes  pr\u00e9sentant des difficult\u00e9s \npsychologiques avec troubles du comportement ainsi r\u00e9parties : \n \n\u2022 20 places de CAFS au titre des places relevant de l'ARS ; \n\u2022 25 places de CAFS pour lesquelles le gestionnaire conventionne avec l'aide \nsociale \u00e0 l'enfance ; \n\u2022 48 places de SESSAD  dont 18 places prioritairement destin\u00e9es \u00e0 \naccompagner un public relevant de l'ASE. \n \nARTICLE 3e :  Conform\u00e9ment aux termes du dernier alin\u00e9a du I de l'article D. 312 -0-3 du code de \nl'action sociale et des familles, a ucune sp\u00e9cialisation n'exclut la prise en charge de \npersonnes pr\u00e9sentant des troubles associ\u00e9s \u00e0 ceux qui font l'objet de la pr\u00e9sente \nautorisation.  \n \nARTICLE 4e :  Ces structures sont r\u00e9pertori\u00e9es dans le Fichier National des Etablissements \nSanitaires et Sociaux (FINESS) de la fa\u00e7on suivante : \n \nN\u00b0 FINESS du CAFS Jenny Aubry : 75 081 323 0 \n \nCode cat\u00e9gorie : [238] \u2013 Centre d'Accueil Familial Sp\u00e9cialis\u00e9 \n \nCode discipline :  \n \n[844] \u2013 Tous projets \u00e9ducatifs \nth\u00e9rapeutiques et p\u00e9dagogiques \n \n \nCode fonctionnement :  [15] \u2013 Placement Famille D'Accueil 20 places ARS \n25 places ASE \n \nCode client\u00e8le : \n \n[200] \u2013 Difficult\u00e9s psychologiques \navec troubles du comportement \n \n45 places \n \nCode mode de fixation des tarifs : 34 ARS/DG dotation globale  \n \nN\u00b0 FINESS du gestionnaire : 75 000 172 9 \n \nCode statut : Association Loi 1901 non Reconnue d'Utilit\u00e9 Publique \n \nAgence R\u00e9gionale de Sant\u00e9 - IDF-2025-08-27-00035 - Arr\u00eat\u00e9 2025-230 portant autorisation de transformation de 10 places de Centre\nd'accueil familial sp\u00e9cialis\u00e9 (CAFS) en 10 places de Service d'\u00e9ducation sp\u00e9cialis\u00e9e et de soins \u00e0 domicile (SESSAD) puis extension \u00e0 18\nplaces au sein du SESSAD Jenny Aubry \u00e0 Paris g\u00e9r\u00e9 par l'association Jenny Aubry\n16\naig\"?\n       4 \n \n \nN\u00b0 FINESS du SESSAD Jenny Aubry : 75 002 384 8 \n \nCode cat\u00e9gorie : [182] \u2013 Service d'\u00c9ducation Sp\u00e9ciale et de Soins \u00e0 \nDomicile \n \nCode discipline :  [844] \u2013 Tous projets \u00e9ducatifs \nth\u00e9rapeutiques et p\u00e9dagogiques \n \n \nCode fonctionnement : [16] \u2013 Prestation en milieu ordinaire \n \n48 places \nCode client\u00e8le : \n \n[200] \u2013 Difficult\u00e9s psychologiques avec \ntroubles du comportement \n48 places \n \nCode mode de fixation des tarifs : 34 + ARS / DG dotation globale \n \nN\u00b0 FINESS du gestionnaire : 75 000 172 9 \n \nCode statut : Association Loi 1901 non Reconnue d'Utilit\u00e9 Publique \n \nARTICLE 5e :   Conform\u00e9ment aux dispositions de l'article D. 313 -12-1 du code de l'action sociale \net des familles, la pr\u00e9sente autorisation est valable sous r\u00e9serve de la transmission, \n\u00e0 l'autorit\u00e9 comp\u00e9tente, avant la date d'entr\u00e9e en service de la nouvelle capacit\u00e9 \nautoris\u00e9e, d'une d\u00e9claration sur l'honneur attestant de la conformit\u00e9 de \nl'\u00e9tablissement ou du service aux conditions techniques minimales d'organisation et \nde fonctionnement mentionn\u00e9es au II de l'article L. 312-1 du m\u00eame code. \n \nARTICLE 6e :   Elle est caduque en l'absence d'ouverture au public de l'\u00e9tablissement ou du service \ndans un d\u00e9lai de quatre ans suivant la notification de la d\u00e9cision d'autorisation  \nconform\u00e9ment aux articles L. 313-1 et D. 313-7-2 du code de l'action sociale et des \nfamilles. \n \nARTICLE 7e : Tout changement important dans l'activit\u00e9, l'installation, l'organisation, la direction \nou le fonctionnement de l'\u00e9tablissement  ou du service  doit \u00eatre port\u00e9 \u00e0 la \nconnaissance de l'autorit\u00e9 comp\u00e9tente. \n \nARTICLE 8e : Un recours contre le pr\u00e9sent arr\u00eat\u00e9 peut \u00eatre form\u00e9 devant le tribunal administratif \ncomp\u00e9tent dans un d\u00e9lai de deux mois \u00e0 compter de sa notification ou, pour les \ntiers, \u00e0 compter de sa publication. \n \nARTICLE 9e : Le Directeur de la d\u00e9l\u00e9gation  d\u00e9partementale de Paris de l'Agence r\u00e9gionale de \nsant\u00e9 \u00cele-de-France est charg\u00e9 de l'ex\u00e9cution du pr\u00e9sent arr\u00eat\u00e9 qui sera publi\u00e9 au \nrecueil des actes administratifs de la R\u00e9gion \u00cele-de-France. \n \n \nFait \u00e0 Saint-Denis, le 27 aout 2025 \n \nLa Directrice g\u00e9n\u00e9rale adjointe  \nde l'Agence r\u00e9gionale de sant\u00e9 \n\u00cele-de-France \n \n \n \n \nSophie MARTINON \nAgence R\u00e9gionale de Sant\u00e9 - IDF-2025-08-27-00035 - Arr\u00eat\u00e9 2025-230 portant autorisation de transformation de 10 places de Centre\nd'accueil familial sp\u00e9cialis\u00e9 (CAFS) en 10 places de Service d'\u00e9ducation sp\u00e9cialis\u00e9e et de soins \u00e0 domicile (SESSAD) puis extension \u00e0 18\nplaces au sein du SESSAD Jenny Aubry \u00e0 Paris g\u00e9r\u00e9 par l'association Jenny Aubry\n17\nAgence R\u00e9gionale de Sant\u00e9\nIDF-2025-08-29-00009\nArr\u00eat\u00e9 2025-236 portant autorisation de\ntransformation par requalification de 20 places\nd\u00e9ficience intellectuelle en 20 places troubles du\nspectre de l'autisme (TSA) de l'Etablissement et\nService d'Aide par le Travail (ESAT) \"Les Cerisiers\"\net portant autorisation de changement de\nlocalisation de l'ESAT \u00e0 Paris 19\u00e8me g\u00e9r\u00e9 par\nl'association APAJH Paris \nAgence R\u00e9gionale de Sant\u00e9 - IDF-2025-08-29-00009 - Arr\u00eat\u00e9 2025-236 portant autorisation de transformation par requalification de 20\nplaces d\u00e9ficience intellectuelle en 20 places troubles du spectre de l'autisme (TSA) de l'Etablissement et Service d'Aide par le Travail\n(ESAT) \"Les Cerisiers\" et portant autorisation de changement de localisation de l'ESAT \u00e0 Paris 19\u00e8me g\u00e9r\u00e9 par l'association APAJH Paris \n18\nREPUBLIQUEFRANCAISELibert\u00e9Egalit\u00e9Fraternit\u00e9\ne \u00bb Agence R\u00e9gionale de Sant\u00e9Ile-de-France\n \n \n \n \n \n \n \n \n \nAGENCE R\u00c9GIONALE DE SANT\u00c9 \u00ceLE-DE-FRANCE \n \nARRETE N\u00b0 2025 - 236 \n \nportant autorisation de transformation par requalification de 20 places d\u00e9ficience \nintellectuelle en 20 places troubles du spectre de l'autisme (TSA) de l'Etablissement et \nService d'Aide par le Travail (ESAT) \u00ab Les Cerisiers \u00bb et portant autorisation de \nchangement de localisation de l'ESAT sis 24 rue des Lilas \u00e0 Paris (75019), \n \ng\u00e9r\u00e9 par l'association APAJH Paris     \n \n \n \nLE DIRECTEUR G\u00c9N\u00c9RAL DE L'AGENCE R\u00c9GIONALE DE SANT\u00c9 \u00ceLE-DE-FRANCE \n \n \nVU le code de l'action sociale et des familles et notamment les articles L. 312-1, L. 313-1, L. \n314-3 et suivants ; \n \nVU        le d\u00e9cret du 10 avril 2024 portant nomination de Monsieur Denis ROBIN, Directeur g\u00e9n\u00e9ral \nde l'Agence r\u00e9gionale de sant\u00e9 \u00cele-de-France \u00e0 compter du 29 avril 2024 ; \n \nVU l'arr\u00eat\u00e9 DS N\u00b0115/2024 du 25 septembre 2024 portant d\u00e9l\u00e9gation de signature \u00e0 Madame \nSt\u00e9phanie TALBOT, Directrice de l'autonomie ; \n \nVU l'arr\u00eat\u00e9 n\u00b0 DIRNOV-2023/08 de la Directrice g\u00e9n\u00e9rale de l'Agence r\u00e9gionale de sant\u00e9 \u00cele-\nde-France en date du 26 octobre 2023 portant adoption du cadre d'orientation strat\u00e9gique \n2018-2028 du projet r\u00e9gional de sant\u00e9 d'\u00cele-de-France ; \n \nVU l'arr\u00eat\u00e9 n\u00b0 DIRNOV-2023/09 de la Directrice g\u00e9n\u00e9rale de l'Agence r\u00e9gionale de sant\u00e9 \u00cele-\nde-France en date du 26 octobre 2023 portant adoption du sch\u00e9ma r\u00e9gional de sant\u00e9 \n2023-2028 du projet r\u00e9gional de sant\u00e9 d'\u00cele -de-France, modifi\u00e9 par l'arr\u00eat\u00e9 n\u00b0DIRNOV -\n2023/09 en date du 12 janvier 2024 ; \n \nVU l'arr\u00eat\u00e9 n\u00b0 2023-346 de la Directrice g\u00e9n\u00e9rale de l'Agence r\u00e9gionale de sant\u00e9 \u00cele-de-France \nen date du 4 d\u00e9cembre 2023 \u00e9tablissant le programme interd\u00e9partemental \nd'accompagnement des handicaps et de la perte d'autonomie (PRIAC) 2023-2027 pour la \nr\u00e9gion \u00cele-de-France ; \n \nVU l'arr\u00eat\u00e9 n\u00b0 80-455 portant autorisation du Centre d'Aide par le Travail ; \n \nVU       l'arr\u00eat\u00e9 n\u00b02011-25 portant autorisation d'extension de 15 places \u00e0 l'ESAT Les Cerisiers ; \n \nVU la demande de l'association APJH Paris visant  \u00e0 la transformation par requalification de \n20 places d\u00e9ficience intellectuelle en 20 places TSA ainsi que la demande de changement \nde localisation des locaux de l'ESAT ; \n \n \n \nAgence R\u00e9gionale de Sant\u00e9 - IDF-2025-08-29-00009 - Arr\u00eat\u00e9 2025-236 portant autorisation de transformation par requalification de 20\nplaces d\u00e9ficience intellectuelle en 20 places troubles du spectre de l'autisme (TSA) de l'Etablissement et Service d'Aide par le Travail\n(ESAT) \"Les Cerisiers\" et portant autorisation de changement de localisation de l'ESAT \u00e0 Paris 19\u00e8me g\u00e9r\u00e9 par l'association APAJH Paris \n19\n       2 \n \nCONSID\u00c9RANT   que ce projet s'inscrit dans la transformation des ESAT et la poursuite des \ndynamiques d'inclusion pour des jeunes avec autisme pour lesquels un \n\u00e9tayage dans la d\u00e9finition de leur projet professionnel est n\u00e9cessaire ;  \n \nCONSID\u00c9RANT  que l'\u00e9tablissement souhaite d\u00e9m\u00e9nager ses locaux vers un lieu \u00e0 proximit\u00e9 \nau sein du m\u00eame arrondissement ; \n \nCONSID\u00c9RANT  que le projet r\u00e9pond \u00e0 un besoin de d\u00e9veloppement de l'offre m\u00e9dico -\nsociale identifi\u00e9 sur le d\u00e9partement de Paris ; \n \nCONSID\u00c9RANT qu'il est compatible avec les objectifs et r\u00e9pond aux besoins sociaux et \nm\u00e9dico-sociaux fix\u00e9s par le sch\u00e9ma r\u00e9gional de sant\u00e9 ;  \n \nCONSID\u00c9RANT qu'il satisfait aux r\u00e8gles d'organisation et de fonctionnement pr\u00e9vues par le \ncode de l'action sociale et des familles ;  \n \nCONSID\u00c9RANT qu'il pr\u00e9sente un co\u00fbt de fonctionnement en ann\u00e9e pleine compatible avec \nle PRIAC \u00cele-de-France et avec le montant de l'une des dotations \nmentionn\u00e9es \u00e0 l'article L. 314-3 du code de l'action sociale et des familles ; \n \nCONSID\u00c9RANT que l'Agence r\u00e9gionale de sant\u00e9 \u00cele -de-France dispose pour ce projet de \ntransformation par requalification de places des cr\u00e9dits n\u00e9cessaires \u00e0 sa \nmise en \u0153uvre \u00e0 hauteur de 120 000 \u20ac. \n \n       \n \n \n \nARR\u00caTE  \n \nARTICLE 1er : L'autorisation visant \u00e0 la transformation par requalification  de 20 places pour \npersonnes d\u00e9ficientes intellectuelles en 20 places pour personnes porteuses de TSA \nde l'ESAT Les Cerisiers destin\u00e9es \u00e0 des adultes \u00e0 partir de 20 ans, est accord\u00e9e \u00e0 \nl'association APAJH Paris dont le si\u00e8ge social se situe au 12 rue Pajol \u00e0 Paris (75018). \n L'autorisation de changement de localisation de l'ESAT les Cerisiers sis 24 rue des \nLilas \u00e0 Paris (75019), sur un nouveau site au 10 rue Augustin Thierry \u00e0 Paris (75019) \nest accord\u00e9e \u00e0 l'association APAJH Paris. \n \nARTICLE 2e :  La capacit\u00e9 totale de l'ESAT Les Cerisiers reste de 85 places destin\u00e9es \u00e0 des adultes \nd\u00e9ficients intellectuels ou porteurs de TSA, ainsi r\u00e9parties ; \n\u2022 65 places pour d\u00e9ficients intellectuels ; \n\u2022 20 places pour porteurs de TSA. \n \nARTICLE 3e :  Conform\u00e9ment aux termes du dernier alin\u00e9a du I de l'article D. 312 -0-3 du code de \nl'action sociale et des familles, aucune sp\u00e9cialisation n'exclut la prise en charge de \npersonnes pr\u00e9sentant des troubles associ\u00e9s \u00e0 ceux qui font l'objet de la pr\u00e9sente \nautorisation.  \n \nARTICLE 4e :  Cette structure est r\u00e9pertori\u00e9e dans le Fichier National des Etablissements Sanitaires \net Sociaux (FINESS) de la fa\u00e7on suivante : \n \nN\u00b0 FINESS de l'\u00e9tablissement : 75 080 449 4 \n \nAgence R\u00e9gionale de Sant\u00e9 - IDF-2025-08-29-00009 - Arr\u00eat\u00e9 2025-236 portant autorisation de transformation par requalification de 20\nplaces d\u00e9ficience intellectuelle en 20 places troubles du spectre de l'autisme (TSA) de l'Etablissement et Service d'Aide par le Travail\n(ESAT) \"Les Cerisiers\" et portant autorisation de changement de localisation de l'ESAT \u00e0 Paris 19\u00e8me g\u00e9r\u00e9 par l'association APAJH Paris \n20\ngig\n       3 \n \nCode cat\u00e9gorie : [246] \u2013 Etablissement et service d'aide par le travail \n \n \nCode discipline : [908] \u2013 Aide par le travail pour adultes handicap\u00e9s \n \n \nCode fonctionnement : [21] \u2013 Accueil de jour  \n \n85 places \nCode client\u00e8le : [117] \u2013 D\u00e9ficience intellectuelle \n[437] \u2013 Troubles du spectre de l'autisme \n65 places \n20 places \n \n \nCode mode de fixation des tarifs : [34] ARS / DG dotation globale \n \nN\u00b0 FINESS du gestionnaire : 75 000 258 6 \n \nCode statut : [61] Association Loi 1901 Reconnue d'Utilit\u00e9 Publique \n \nARTICLE 5e :  La pr\u00e9sente autorisation est valable sous r\u00e9serve du r\u00e9sultat positif de la visite de \nconformit\u00e9 pr\u00e9vue par l'article L313- 6 du code de l'action sociale et des familles. \n \nARTICLE 6e :   Elle est caduque en l'absence d'ouverture au public de l'\u00e9tablissement ou du service \ndans un d\u00e9lai de quatre ans suivant la notification de la d\u00e9cision d'autorisation \nconform\u00e9ment aux articles L. 313-1 et D. 313-7-2 du code de l'action sociale et des \nfamilles. \n \nARTICLE 7e :   Tout changement important dans l'activit\u00e9, l'installation, l'organisation, la direction ou \nle fonctionnement de l'\u00e9tablissement ou du service doit \u00eatre port\u00e9 \u00e0 la connaissance \nde l'autorit\u00e9 comp\u00e9tente. \n \nARTICLE 8e :  Un recours contre le pr\u00e9sent arr\u00eat\u00e9 peut \u00eatre form\u00e9 devant le tribunal administratif \ncomp\u00e9tent dans un d\u00e9lai de deux mois \u00e0 compter de sa notification ou, pour les tiers, \n\u00e0 compter de sa publication.   \n \nARTICLE 9e :   Le Directeur de la d\u00e9l\u00e9gation d\u00e9partementale de Paris de l'Agence r\u00e9gionale de sant\u00e9 \n\u00cele-de-France est charg\u00e9 de l'ex\u00e9cution du pr\u00e9sent arr\u00eat\u00e9  qui sera publi\u00e9 au recueil \ndes actes administratifs de la R\u00e9gion \u00cele-de-France. \n \n \n \n \n \n        Fait \u00e0 Saint-Denis, le 29 aout 2025 \n \n Pour le Directeur g\u00e9n\u00e9ral  \n de l'Agence r\u00e9gionale de sant\u00e9  \n  \u00cele-de-France et par d\u00e9l\u00e9gation \nLa Directrice de l'autonomie  \n \n \n \n \nSt\u00e9phanie TALBOT \n                                  \nAgence R\u00e9gionale de Sant\u00e9 - IDF-2025-08-29-00009 - Arr\u00eat\u00e9 2025-236 portant autorisation de transformation par requalification de 20\nplaces d\u00e9ficience intellectuelle en 20 places troubles du spectre de l'autisme (TSA) de l'Etablissement et Service d'Aide par le Travail\n(ESAT) \"Les Cerisiers\" et portant autorisation de changement de localisation de l'ESAT \u00e0 Paris 19\u00e8me g\u00e9r\u00e9 par l'association APAJH Paris \n21\nAgence R\u00e9gionale de Sant\u00e9\nIDF-2025-08-29-00010\nArr\u00eat\u00e9 2025-237 portant autorisation\nd'extension de capacit\u00e9 de 35 \u00e0 45 places de la\nMaison d'Accueil Sp\u00e9cialis\u00e9e (MAS) Centre\nRobert Doisneau \u00e0 Paris 18\u00e8me g\u00e9r\u00e9e par la\nFondation OVE\nAgence R\u00e9gionale de Sant\u00e9 - IDF-2025-08-29-00010 - Arr\u00eat\u00e9 2025-237 portant autorisation d'extension de capacit\u00e9 de 35 \u00e0 45 places\nde la Maison d'Accueil Sp\u00e9cialis\u00e9e (MAS) Centre Robert Doisneau \u00e0 Paris 18\u00e8me g\u00e9r\u00e9e par la Fondation OVE 22\nREPUBLIQUEFRANCAISELibert\u00e9Egalit\u00e9Fraternit\u00e9\ne \u00bb Agence R\u00e9gionale de Sant\u00e9Ile-de-France\n \n \n \n \n \n \n \n \n \nAGENCE R\u00c9GIONALE DE SANT\u00c9 \u00ceLE-DE-FRANCE \n \nARRETE N\u00b0 2025 - 237 \n  \nportant autorisation d'extension de capacit\u00e9 de 35 \u00e0 45 places de la Maison d'Accueil \nSp\u00e9cialis\u00e9e (MAS) Centre Robert Doisneau sise 51 rue Ren\u00e9 Clair \u00e0 Paris (75018)  \n \ng\u00e9r\u00e9e par la Fondation OVE      \n \n \n \nLE DIRECTEUR G\u00c9N\u00c9RAL DE L'AGENCE R\u00c9GIONALE DE SANT\u00c9 \u00ceLE-DE-FRANCE \n \nVU le code de l'action sociale et des familles et notamment les articles L. 312-1, L. 313-1, L. \n314-3 et suivants ; \n \nVU        le d\u00e9cret du 10 avril 2024 portant nomination de Monsieur Denis ROBIN, Directeur g\u00e9n\u00e9ral \nde l'Agence r\u00e9gionale de sant\u00e9 \u00cele-de-France \u00e0 compter du 29 avril 2024 ; \n \nVU l'arr\u00eat\u00e9 DS N\u00b0115/2024 du 25 septembre 2024 portant d\u00e9l\u00e9gation de signature \u00e0 Madame \nSt\u00e9phanie TALBOT, Directrice de l'autonomie ; \n \nVU l'arr\u00eat\u00e9 n\u00b0 DIRNOV-2023/08 de la Directrice g\u00e9n\u00e9rale de l'Agence r\u00e9gionale de sant\u00e9 \u00cele-\nde-France en date du 26 octobre 2023 portant adoption du cadre d'orientation strat\u00e9gique \n2018-2028 du projet r\u00e9gional de sant\u00e9 d'\u00cele-de-France ; \n \nVU l'arr\u00eat\u00e9 n\u00b0 DIRNOV-2023/09 de la Directrice g\u00e9n\u00e9rale de l'Agence r\u00e9gionale de sant\u00e9 \u00cele-\nde-France en date du 26 octobre 2023 portant adoption du sch\u00e9ma r\u00e9gional de sant\u00e9 \n2023-2028 du projet r\u00e9gional de sant\u00e9 d' \u00cele-de-France, modifi\u00e9 par l'arr\u00eat\u00e9 n\u00b0DIRNOV -\n2023/09 en date du 12 janvier 2024 ; \n \nVU l'arr\u00eat\u00e9 n\u00b0 2023-346 de la Directrice g\u00e9n\u00e9rale de l'Agence r\u00e9gionale de sant\u00e9 \u00cele-de-France \nen date du 4 d\u00e9cembre 2023 \u00e9tablissant le programme interd\u00e9partemental \nd'accompagnement des handicaps et de la perte d'autonomie (PRIAC) 2023-2027 pour la \nr\u00e9gion \u00cele-de-France ; \n \nVU l'arr\u00eat\u00e9 n \u00b0 2009-338-24 portant cr\u00e9ation de la Maison d'Accueil Sp\u00e9cialis\u00e9e (MAS) du \nCentre Robert Doisneau de 35 places ; \n \nVU le contrat pluriannuel d'objectifs et de moyens portant sur les ann\u00e9es 2019 \u00e0 2023 sign\u00e9 \nle 17 d\u00e9cembre 2018 ;  \n \nVU  l'avis de mise en concurrence visant \u00e0 la cr\u00e9ation d'unit\u00e9 d'accueil de jour pour des jeunes \nen situation de polyhandicap publi\u00e9 le 11 juillet 2024 au recueil des actes administratifs \nde la r\u00e9gion \u00cele-de-France ; \n \nVU  l'avis de r\u00e9sultat de la commission d'information et de s\u00e9lection de l'Agence r\u00e9gionale de \nsant\u00e9 \u00cele -de-France r\u00e9unie le  25 et 26 novembre 2024 , publi\u00e9 au recueil des actes \nadministratifs de la r\u00e9gion \u00cele-de-France ; \nAgence R\u00e9gionale de Sant\u00e9 - IDF-2025-08-29-00010 - Arr\u00eat\u00e9 2025-237 portant autorisation d'extension de capacit\u00e9 de 35 \u00e0 45 places\nde la Maison d'Accueil Sp\u00e9cialis\u00e9e (MAS) Centre Robert Doisneau \u00e0 Paris 18\u00e8me g\u00e9r\u00e9e par la Fondation OVE 23\n       2 \n \nCONSID\u00c9RANT  que le projet permet de proposer une compl\u00e9mentarit\u00e9 de modalit\u00e9 s \nd'accueil au sein du Centre Robert Doisneau ;   \n \nCONSID\u00c9RANT  que le projet r\u00e9pond \u00e0 un besoin de d\u00e9veloppement de l'offre m\u00e9dico -\nsociale identifi\u00e9 sur le d\u00e9partement de Paris pour les adultes en situation \nde polyhandicap ; \n \nCONSID\u00c9RANT qu'il est compatible avec les objectifs et r\u00e9pond aux besoins sociaux et \nm\u00e9dico-sociaux fix\u00e9s par le sch\u00e9ma r\u00e9gional de sant\u00e9 ;  \n \nCONSID\u00c9RANT qu'il satisfait aux r\u00e8gles d'organisation et de fonctionnement pr\u00e9vues par le \ncode de l'action sociale et des familles ;  \n \nCONSID\u00c9RANT qu'il pr\u00e9sente un co\u00fbt de fonctionnement en ann\u00e9e pleine compatible avec \nle PRIAC  \u00cele-de-France et avec le montant de l'une des dotations \nmentionn\u00e9es \u00e0 l'article L. 314-3 du code de l'action sociale et des familles ; \n \nCONSID\u00c9RANT que l'Agence r\u00e9gionale de sant\u00e9 \u00cele-de-France dispose pour ce projet des \ncr\u00e9dits n\u00e9cessaires \u00e0 sa mise en \u0153uvre \u00e0 hauteur de 750 000 \u20ac ; \n       \n \n \nARR\u00caTE  \n \nARTICLE 1er :  L'autorisation visant \u00e0 l'extension de capacit\u00e9 de 10 places de la MAS Centre Robert \nDoisneau sise 51 rue Ren\u00e9 Clair \u00e0 Paris (75018) destin\u00e9es \u00e0 accueillir des adultes \u00e0 \npartir de 20 ans, est accord\u00e9e \u00e0 la Fondation OVE dont le si\u00e8ge social est situ\u00e9 au 19 \nRue Marius Grosso \u00e0 Vaulx en Velin (69120) ; \n \nARTICLE 2e :  La capacit\u00e9 totale de la MAS Centre Robert Doisneau  est dor\u00e9navant de 45 places \ndestin\u00e9es \u00e0 prendre en charge d es adultes polyhandicap\u00e9s, handicap\u00e9s moteur et \ndes personnes handicap\u00e9es vieillissantes ainsi r\u00e9parties : \n \n\u2022 11 places d'h\u00e9bergement complet internat \u00e0 destination de personnes \npolyhandicap\u00e9es ; \n\u2022 24 places d'h\u00e9bergement complet internat pour des personnes d\u00e9ficientes \nmotrices ; \n\u2022 10 places d'accueil de jour pour personnes polyhandicap\u00e9es. \n \nCette structure destin\u00e9e \u00e0 prendre en charge d'adultes polyhandicap\u00e9s, handicap\u00e9s \nmoteur et de personnes handicap\u00e9es vieillissantes d'une capacit\u00e9 simultan\u00e9e de 45 \nplaces en internat peut assurer l'ensemble des modalit\u00e9s d'accueil et \nd'accompagnement pr\u00e9vues au dernier alin\u00e9a du I de l'article L -312-1 du code de \nl'action sociale et des familles. \n \nARTICLE 3e :  Conform\u00e9ment aux termes du dernier alin\u00e9a du I de l'article D. 312 -0-3 du code de \nl'action sociale et des familles, a ucune sp\u00e9cialisation n'exclut la prise en charge de \npersonnes pr\u00e9sentant des troubles associ\u00e9s \u00e0 ceux qui font l'objet de la pr\u00e9sente \nautorisation.  \n \nARTICLE 4e :  Cette structure est r\u00e9pertori\u00e9e dans le Fichier National des Etablissements Sanitaires \net Sociaux (FINESS) de la fa\u00e7on suivante : \n \nN\u00b0 FINESS de l'\u00e9tablissement : 75 004 742 5 \nAgence R\u00e9gionale de Sant\u00e9 - IDF-2025-08-29-00010 - Arr\u00eat\u00e9 2025-237 portant autorisation d'extension de capacit\u00e9 de 35 \u00e0 45 places\nde la Maison d'Accueil Sp\u00e9cialis\u00e9e (MAS) Centre Robert Doisneau \u00e0 Paris 18\u00e8me g\u00e9r\u00e9e par la Fondation OVE 24\nag\"\n       3 \n \n \n  Code cat\u00e9gorie : [255] \u2013 M.A.S. \n \n \nCode discipline : [964] \u2013 Accueil et accompagnement \nsp\u00e9cialis\u00e9 personnes handicap\u00e9es \n \n \nCode fonctionnement : [11] \u2013 H\u00e9bergement complet internat \n[21] \u2013 Accueil de jour \n \n35 places \n10 places \nCode client\u00e8le : [500] \u2013 Polyhandicap \n[414] \u2013 D\u00e9ficience Motrice \n11 places \n24 places \n \nCode mode de fixation des tarifs : [05] - ARS \u00e9tablissements m\u00e9dico-soc. non financ\u00e9s \ndotation globale \n \nN\u00b0 FINESS du gestionnaire : 69 079 343 5 \n \nCode statut : [63] \u2013 Fondation \n \nARTICLE 5e :  La pr\u00e9sente autorisation est valable sous r\u00e9serve du r\u00e9sultat positif de la visite de \nconformit\u00e9 pr\u00e9vue par l'article L. 313-6 du code de l'action sociale et des familles.  \n \nARTICLE 6e :   Elle est caduque en l'absence d'ouverture au public de l'\u00e9tablissement ou du service \ndans un d\u00e9lai de quatre ans suivant la notification de la d\u00e9cision d'autorisation  \nconform\u00e9ment aux articles L. 313-1 et D. 313-7-2 du code de l'action sociale et des \nfamilles. \n \nARTICLE 7e :   Tout changement important dans l'activit\u00e9, l'installation, l'organisation, la direction ou \nle fonctionnement de l'\u00e9tablissement ou du service doit \u00eatre port\u00e9 \u00e0 la connaissance \nde l'autorit\u00e9 comp\u00e9tente. \n \nARTICLE 8e :  Un recours contre le pr\u00e9sent arr\u00eat\u00e9 peut \u00eatre form\u00e9 devant le tribunal administratif \ncomp\u00e9tent dans un d\u00e9lai de deux mois \u00e0 compter de sa notification ou, pour les tiers, \n\u00e0 compter de sa publication.   \n \nARTICLE 9e :   Le Directeur de la d\u00e9l\u00e9gation d\u00e9partementale de Paris de l'Agence r\u00e9gionale de sant\u00e9 \n\u00cele-de-France est charg\u00e9 de l'ex\u00e9cution du pr\u00e9sent arr\u00eat\u00e9  qui sera publi\u00e9 au recueil \ndes actes administratifs de la R\u00e9gion \u00cele-de-France. \n \n \n        Fait \u00e0 Saint-Denis, le 29 aout 2025 \n \n Pour le Directeur g\u00e9n\u00e9ral  \n de l'Agence r\u00e9gionale de sant\u00e9  \n  \u00cele-de-France et par d\u00e9l\u00e9gation \nLa Directrice de l'autonomie  \n                                       \n \n   \n \nSt\u00e9phanie TALBOT \n \n \n \n \nAgence R\u00e9gionale de Sant\u00e9 - IDF-2025-08-29-00010 - Arr\u00eat\u00e9 2025-237 portant autorisation d'extension de capacit\u00e9 de 35 \u00e0 45 places\nde la Maison d'Accueil Sp\u00e9cialis\u00e9e (MAS) Centre Robert Doisneau \u00e0 Paris 18\u00e8me g\u00e9r\u00e9e par la Fondation OVE 25\nAgence R\u00e9gionale de Sant\u00e9\nIDF-2025-09-01-00033\nArr\u00eat\u00e9 2025-238 portant autorisation\nd'extension de capacit\u00e9 de 9 \u00e0 14 places de la\nMaison d'accueil sp\u00e9cialis\u00e9e (MAS) MAIA Autisme\n\u00e0 Suresnes g\u00e9r\u00e9 par l'association MAIA Autisme\nAgence R\u00e9gionale de Sant\u00e9 - IDF-2025-09-01-00033 - Arr\u00eat\u00e9 2025-238 portant autorisation d'extension de capacit\u00e9 de 9 \u00e0 14 places de\nla Maison d'accueil sp\u00e9cialis\u00e9e (MAS) MAIA Autisme \u00e0 Suresnes g\u00e9r\u00e9 par l'association MAIA Autisme 26\nREPUBLIQUEFRAN\u00c7AISELibert\u00e9Egalit\u00e9Fraternit\u00e9 e \u00bb Agence R\u00e9gionale de Sant\u00e9Ile-de-France\n \n \n \n \n \n \n \n \n \nAGENCE R\u00c9GIONALE DE SANT\u00c9 \u00ceLE-DE-FRANCE \n \nARRETE N\u00b0 2025 - 238 \n  \nportant autorisation d'extension de capacit\u00e9 de 9 \u00e0 14 places de la Maison d'accueil \nsp\u00e9cialis\u00e9e (MAS) MAIA Autisme sise 38 boulevard Henri Sellier \u00e0 Suresnes (92150), \n \ng\u00e9r\u00e9 par l'association MAIA Autisme  \n \n \nLE DIRECTEUR G\u00c9N\u00c9RAL DE L'AGENCE R\u00c9GIONALE DE SANT\u00c9 \u00ceLE-DE-FRANCE \n \nVU le code de l'action sociale et des familles et notamment les articles L. 312 -1, L. 313-1, L. \n314-3 et suivants ; \n \nVU        le d\u00e9cret du 10 avril 2024 portant nomination de Monsieur Denis ROBIN, Directeur g\u00e9n\u00e9ral \nde l'Agence r\u00e9gionale de sant\u00e9 \u00cele-de-France \u00e0 compter du 29 avril 2024 ; \n \nVU l'arr\u00eat\u00e9 n\u00b0 DIRNOV-2023/08 de la Directrice g\u00e9n\u00e9rale de l'Agence r\u00e9gionale de sant\u00e9 \u00cele-\nde-France en date du 26 octobre 2023 portant adoption du cadre d'orientation strat\u00e9gique \n2018-2028 du projet r\u00e9gional de sant\u00e9 d'\u00cele-de-France ; \n \nVU l'arr\u00eat\u00e9 n\u00b0 DIRNOV-2023/09 de la Directrice g\u00e9n\u00e9rale de l'Agence r\u00e9gionale de sant\u00e9 \u00cele-\nde-France en date du 26 octobre 2023 portant adoption du sch\u00e9ma r\u00e9gional de sant\u00e9 \n2023-2028 du projet r\u00e9gional de sant\u00e9 d' \u00cele-de-France, modifi\u00e9 par l'arr\u00eat\u00e9 n\u00b0DIRNOV -\n2023/09 en date du 12 janvier 2024 ; \n \nVU l'arr\u00eat\u00e9 n\u00b0 2023-346 de la Directrice g\u00e9n\u00e9rale de l'Agence r\u00e9gionale de sant\u00e9 \u00cele-de-France \nen date du 4 d\u00e9cembre 2023 \u00e9tablissant le programme interd\u00e9partemental \nd'accompagnement des handicaps et de la perte d'autonomie (PRIAC) 2023-2027 pour la \nr\u00e9gion \u00cele-de-France ; \n \nVU l'arr\u00eat\u00e9 n\u00b0 2024-213 du 9 ao\u00fbt 2024 portant cr\u00e9ation de la MAS Maia Autisme pour une \ncapacit\u00e9 de 9 places d'accueil de jour sur 225 journ\u00e9es et de 320 journ\u00e9es de r\u00e9pit ; \n \nVU le contrat pluriannuel d'objectifs et de moyens portant sur les ann\u00e9es 2022 \u00e0 2026 sign\u00e9 \nle 10 d\u00e9cembre 2021 ; \n \nVU la demande de l'association en date du 10 juillet 2025 visant \u00e0 la cr\u00e9ation de 5 places  \nsuppl\u00e9mentaires en accueil de jour au titre d'un dispositif de r\u00e9pit sur 225 journ\u00e9es ; \n \n \n \nCONSID\u00c9RANT  que le projet pr\u00e9sent\u00e9 r\u00e9pond aux enjeux prioritaires identifi\u00e9s dans le \ncadre du diagnostic territorial de Paris , notamment en apportant des \nsolutions adapt\u00e9es aux publics prioritaires et aux personnes sans solution, \nen am\u00e9liorant et diversifiant les parcours propos\u00e9s, ainsi qu'en offrant des \nsolutions de r\u00e9pit aux personnes pr\u00e9sentant des troubles du spectre de \nl'autisme et \u00e0 leurs aidants et/ ou repr\u00e9sentants l\u00e9gaux ; \nAgence R\u00e9gionale de Sant\u00e9 - IDF-2025-09-01-00033 - Arr\u00eat\u00e9 2025-238 portant autorisation d'extension de capacit\u00e9 de 9 \u00e0 14 places de\nla Maison d'accueil sp\u00e9cialis\u00e9e (MAS) MAIA Autisme \u00e0 Suresnes g\u00e9r\u00e9 par l'association MAIA Autisme 27\n       2 \n \nCONSID\u00c9RANT qu'en application de l'article D 313 -2 du code de l'action sociale et des \nfamilles, le Directeur g\u00e9n\u00e9ral de l'Agence r\u00e9gionale de sant\u00e9 \u00cele-de-France \npeut d\u00e9roger aux seuils fix\u00e9s aux I \u00e0 IV de cet article au-del\u00e0 desquels les \nautorisations d'extension d'\u00e9tablissements ou de services m\u00e9dico-sociaux \ndoivent \u00eatre pr\u00e9c\u00e9d\u00e9es de la proc\u00e9dure d'appel \u00e0 projet pr\u00e9vue par l'article \nL. 313-1-1 du m\u00eame code, lorsqu'un motif d'int\u00e9r\u00eat g\u00e9n\u00e9ral le justifie et pour \ntenir compte de circonstances locales ; \n \nCONSID\u00c9RANT  que le projet r\u00e9pond  \u00e0 des besoins de d\u00e9veloppement de l'offre m\u00e9dico -\nsociale identifi\u00e9s sur le d\u00e9partement de Paris ; \n \nCONSID\u00c9RANT qu'il est compatible avec les objectifs et r\u00e9pond aux besoins sociaux et \nm\u00e9dico-sociaux fix\u00e9s par le sch\u00e9ma r\u00e9gional de sant\u00e9 ;  \n \nCONSID\u00c9RANT qu'il satisfait aux r\u00e8gles d'organisation et de fonctionnement pr\u00e9vues par le \ncode de l'action sociale et des familles ;  \n \nCONSID\u00c9RANT qu'il pr\u00e9sente un co\u00fbt de fonctionnement en ann\u00e9e pleine compatible avec \nle PRIAC \u00cele -de-France et avec le montant de l'une des dotations \nmentionn\u00e9es \u00e0 l'article L. 314-3 du code de l'action sociale et des familles ; \n \nCONSID\u00c9RANT que l'Agence r\u00e9gionale de sant\u00e9 \u00cele-de-France dispose pour ce projet des \ncr\u00e9dits n\u00e9cessaires \u00e0 sa mise en \u0153uvre \u00e0 hauteur de 325 417 euros au \ntitre des cr\u00e9dits CNH 50 000 solutions.  \n \n \n \n \nARR\u00caTE  \n \n \nARTICLE 1 er : L'autorisation visant \u00e0 l 'extension de capacit\u00e9 de 5 places de la Maison d'accueil \nsp\u00e9cialis\u00e9e (MAS) MAIA Autisme sise 38 boulevard Henri Sellier \u00e0 Suresnes (92150), \ndestin\u00e9es \u00e0 accueillir des  adultes \u00e0 partir de 20 ans est accord\u00e9e  \u00e0 compter du 1 er \njanvier 2026 \u00e0 l'association MAIA Autisme dont le si\u00e8ge social se situe au 47 avenue \ndu Docteur Netter \u00e0 Paris (75012). \n \nEn application du V de l'article D. 313-2 du code de l'action sociale et des familles, le \nseuil d'extension pr\u00e9vu par cet article est fix\u00e9, dans le cadre de la pr\u00e9sente \nautorisation, \u00e0 hauteur de 55 % de la capacit\u00e9 de la MAS. \n \nARTICLE 2e :   La capacit\u00e9 totale de la MAS MAIA AUTISME est dor\u00e9navant de 14 places destin\u00e9es \n\u00e0 des adultes porteurs de troubles du spectre de l'autisme, r\u00e9parties comme suit : \n\u2022 9 places d'accueil de jour sur 225 jours ; \n\u2022 5 places d'accueil de jour sur 225 jours au titre d'un dispositif de r\u00e9pit sur 225 \njours. \n \nARTICLE 3e :  Conform\u00e9ment aux termes du dernier alin\u00e9a du I de l'article D. 312 -0-3 du code de \nl'action sociale et des familles, a ucune sp\u00e9cialisation n'exclut la prise en charge de \npersonnes pr\u00e9sentant des troubles associ\u00e9s \u00e0 ceux qui font l'objet de la pr\u00e9sente \nautorisation.  \n \nARTICLE 4e :  Cette structure est r\u00e9pertori\u00e9e dans le Fichier National des Etablissements Sanitaires \net Sociaux (FINESS) de la fa\u00e7on suivante : \n \nAgence R\u00e9gionale de Sant\u00e9 - IDF-2025-09-01-00033 - Arr\u00eat\u00e9 2025-238 portant autorisation d'extension de capacit\u00e9 de 9 \u00e0 14 places de\nla Maison d'accueil sp\u00e9cialis\u00e9e (MAS) MAIA Autisme \u00e0 Suresnes g\u00e9r\u00e9 par l'association MAIA Autisme 28\ncig?\n       3 \n \n N\u00b0 FINESS de l'\u00e9tablissement : 920043445 \n \n \nCode mode de fixation des tarifs : [57] - ARS / Dot. Globalis\u00e9e \n \nN\u00b0 FINESS du gestionnaire : 750047078 \n \nCode statut : [60] - Association Loi 1901 non Reconnue d'Utilit\u00e9 Publique \n \nARTICLE 5e :   Conform\u00e9ment aux dispositions de l'article D. 313-12-1 du code de l'action sociale et \ndes familles, la pr\u00e9sente autorisation est valable sous r\u00e9serve de la transmission, \u00e0 \nl'autorit\u00e9 comp\u00e9tente, avant la date d'entr\u00e9e en service de la nouvelle capacit\u00e9 \nautoris\u00e9e, d'une d\u00e9claration sur l'honneur attestant de la conformit\u00e9 de \nl'\u00e9tablissement ou du service aux conditions techniques min imales d'organisation et \nde fonctionnement mentionn\u00e9es au II de l'article L. 312-1 du m\u00eame code. \n \nARTICLE 6e :   Elle est caduque en l'absence d'ouverture au public de l'\u00e9tablissement ou du service \ndans un d\u00e9lai de quatre ans suivant la notification de la d\u00e9cision d'autorisation \nconform\u00e9ment aux articles L. 313-1 et D. 313-7-2 du code de l'action sociale et des \nfamilles. \n \nARTICLE 7e :   Tout changement important dans l'activit\u00e9, l'installation, l'organisation, la direction ou \nle fonctionnement de l'\u00e9tablissement ou du service doit \u00eatre port\u00e9 \u00e0 la connaissance \nde l'autorit\u00e9 comp\u00e9tente. \n \nARTICLE 8e :  Un recours contre le pr\u00e9sent arr\u00eat\u00e9 peut \u00eatre form\u00e9 devant le tribunal administratif \ncomp\u00e9tent dans un d\u00e9lai de deux mois \u00e0 compter de sa notification ou, pour les tiers, \n\u00e0 compter de sa publication.   \n \nARTICLE 9e :   Le Directeur de la d\u00e9l\u00e9gation d\u00e9partementale de Paris de l'Agence r\u00e9gionale de sant\u00e9 \n\u00cele-de-France est charg\u00e9 de l'ex\u00e9cution du pr\u00e9sent arr\u00eat\u00e9 qui sera publi\u00e9 aux recueils \ndes actes administratifs de la R\u00e9gion \u00cele-de-France et du d\u00e9partement de Paris. \n   \n \n Fait \u00e0 Saint-Denis, 1er septembre 2025  \n \n       \n La Directrice g\u00e9n\u00e9rale adjointe  \n de l'Agence r\u00e9gionale de sant\u00e9 \n \u00cele-de-France \n  \n \n \n \n Sophie MARTINON \nCode cat\u00e9gorie : [255] - Maison d'accueil sp\u00e9cialis\u00e9e \nCode discipline :  \n \n[964] \u2013 Accueil et accompagnement sp\u00e9cialis\u00e9  \npersonnes handicap\u00e9es \n \nCode fonctionnement : [21] \u2013 Accueil de jour                                                               9 places \n [44] \u2013 Accueil temporaire de jour                                             5 places \n \nCode client\u00e8le : [437] - troubles du spectre de l'autisme                                 14 places \nAgence R\u00e9gionale de Sant\u00e9 - IDF-2025-09-01-00033 - Arr\u00eat\u00e9 2025-238 portant autorisation d'extension de capacit\u00e9 de 9 \u00e0 14 places de\nla Maison d'accueil sp\u00e9cialis\u00e9e (MAS) MAIA Autisme \u00e0 Suresnes g\u00e9r\u00e9 par l'association MAIA Autisme 29\nAgence R\u00e9gionale de Sant\u00e9\nIDF-2025-08-29-00011\nArr\u00eat\u00e9 2025-239 portant autorisation de\ntransformation d'une place d'internat\npermanent en une place d'internat s\u00e9quentiel et\nextension de 27 \u00e0 32 places de la Maison\nd'accueil sp\u00e9cialis\u00e9e (MAS) \"Michelle Cassar\" \u00e0\nParis 15\u00e8me g\u00e9r\u00e9 par l'association Maison\nBenjamin\nAgence R\u00e9gionale de Sant\u00e9 - IDF-2025-08-29-00011 - Arr\u00eat\u00e9 2025-239 portant autorisation de transformation d'une place d'internat\npermanent en une place d'internat s\u00e9quentiel et extension de 27 \u00e0 32 places de la Maison d'accueil sp\u00e9cialis\u00e9e (MAS) \"Michelle\nCassar\" \u00e0 Paris 15\u00e8me g\u00e9r\u00e9 par l'association Maison Benjamin\n30\nREPUBLIQUEFRANCAISELibert\u00e9Egalit\u00e9Fraternit\u00e9\n@ D Agence R\u00e9gionale de Sant\u00e9\u00cele-de-France\n \n \n \n \n \n \n \n \n \n \n1 sur 3 \n \nAGENCE R\u00c9GIONALE DE SANT\u00c9 \u00ceLE-DE-FRANCE \n \nARRETE N\u00b0 2025 \u2013 239 \n  \nportant autorisation de transformation d'une place d'internat permanent en une place \nd'internat s\u00e9quentiel et extension de 27 \u00e0 32 places de la Maison d'accueil sp\u00e9cialis\u00e9e \n(MAS) \u00ab Michelle Cassar \u00bb  sise 2 bis Villa Thor\u00e9ton \u00e0 Paris (75015),  \n \ng\u00e9r\u00e9 par l'Association Maison Benjamin  \n \n \nLE DIRECTEUR G\u00c9N\u00c9RAL DE L'AGENCE R\u00c9GIONALE DE SANT\u00c9 \u00ceLE-DE-FRANCE \n \nVU le code de l'action sociale et des familles et notamment les articles L. 312-1, L. 313-1, L. \n314-3 et suivants ; \n \nVU le d\u00e9cret du 10 avril 2024 portant nomination de Monsieur Denis ROBIN, Directeur g\u00e9n\u00e9ral \nde l'Agence r\u00e9gionale de sant\u00e9 \u00cele-de-France \u00e0 compter du 29 avril 2024 ; \n \nVU l'arr\u00eat\u00e9 DS N\u00b0115/2024 du 25 septembre 2024 portant d\u00e9l\u00e9gation de signature \u00e0 Madame \nSt\u00e9phanie TALBOT, Directrice de l'autonomie ; \n \nVU l'arr\u00eat\u00e9 n\u00b0 DIRNOV-2023/08 de la Directrice g\u00e9n\u00e9rale de l'Agence r\u00e9gionale de sant\u00e9 \u00cele-\nde-France en date du 26 octobre 2023 portant adoption du cadre d'orientation strat\u00e9gique \n2018-2028 du projet r\u00e9gional de sant\u00e9 d'\u00cele -de-France, modifi\u00e9 par l'arr\u00eat\u00e9 n\u00b0D IRNOV-\n2023/09 en date du 12 janvier 2024 ; \n \nVU l'arr\u00eat\u00e9 n\u00b0 DIRNOV-2023/09 de la Directrice g\u00e9n\u00e9rale de l'Agence r\u00e9gionale de sant\u00e9 \u00cele-\nde-France en date du 26 octobre 2023 portant adoption du sch\u00e9ma r\u00e9gional de sant\u00e9 \n2023-2028 du projet r\u00e9gional de sant\u00e9 d'\u00cele-de-France ; \n \nVU l'arr\u00eat\u00e9 n\u00b0 2023-346 de la Directrice g\u00e9n\u00e9rale de l'Agence r\u00e9gionale de sant\u00e9 \u00cele-de-France \nen date du 4 d\u00e9cembre 2023 \u00e9tablissant le programme interd\u00e9partemental \nd'accompagnement des handicaps et de la perte d'autonomie (PRIAC) 2023-2027 pour la \nr\u00e9gion \u00cele-de-France ; \n \nVU l'arr\u00eat\u00e9 n\u00b0 2024-59 du 12 avril 2024 portant cr\u00e9ation de 27 places de MAS dont 12 places \nd'internat sur 365 jours et 15 places d'accueil de jour sur 225 jours ; \n \nVU le contrat pluriannuel d'objectifs et de moyens portant sur les ann\u00e9es 2020 \u00e0 2026 sign\u00e9                                                   \nle 18 d\u00e9cembre 2019 ;     \n \nVU les statuts de l'association actualis\u00e9s \u00e0 la suite de l'assembl\u00e9e extraordinaire du 28 avril \n2025 et notamment le changement de raison sociale, d'adresse et de logo ; \n \nVU la demande de l'association en date du  15 juillet 2025 visant \u00e0 l'extension de 5 places \nd'accueil de jour au titre d'un dispositif de r\u00e9pit sur 225 jours ; \nAgence R\u00e9gionale de Sant\u00e9 - IDF-2025-08-29-00011 - Arr\u00eat\u00e9 2025-239 portant autorisation de transformation d'une place d'internat\npermanent en une place d'internat s\u00e9quentiel et extension de 27 \u00e0 32 places de la Maison d'accueil sp\u00e9cialis\u00e9e (MAS) \"Michelle\nCassar\" \u00e0 Paris 15\u00e8me g\u00e9r\u00e9 par l'association Maison Benjamin\n31\n2 sur 3 \n \nCONSID\u00c9RANT  que le projet pr\u00e9sent\u00e9 r\u00e9pond aux enjeux prioritaires identifi\u00e9s dans le \ncadre du diagnostic territorial de Paris, notamment en apportant des \nsolutions adapt\u00e9es aux publics prioritaires et aux personnes sans solution, \nen am\u00e9liorant et diversifiant les parcours propos\u00e9s, ainsi qu'en offrant des \nsolutions de r\u00e9pit aux personnes pr\u00e9sentant des troubles du spectre de \nl'autisme et \u00e0 leurs aidants et/ou repr\u00e9sentants l\u00e9gaux ; \n \nCONSID\u00c9RANT qu'il est compatible avec les objectifs et r\u00e9pond aux besoins sociaux et \nm\u00e9dico-sociaux fix\u00e9s par le sch\u00e9ma r\u00e9gional de sant\u00e9 ;  \n \nCONSID\u00c9RANT qu'il satisfait aux r\u00e8gles d'organisation et de fonctionnement pr\u00e9vues par le \ncode de l'action sociale et des familles ;  \n \nCONSID\u00c9RANT qu'il pr\u00e9sente un co\u00fbt de fonctionnement en ann\u00e9e pleine compatible avec \nle PRIAC \u00cele -de-France et avec le montant de l'une des dotations \nmentionn\u00e9es \u00e0 l'article L. 314-3 du code de l'action sociale et des familles ; \n \nCONSID\u00c9RANT que l'Agence r\u00e9gionale de sant\u00e9 \u00cele-de-France dispose pour ce projet des \ncr\u00e9dits n\u00e9cessaires \u00e0 sa mise en \u0153uvre \u00e0 hauteur de 325  417 euros au \ntitre des cr\u00e9dits CNH 50 000 solutions ; \n \n \n \nARR\u00caTE  \n \n \nARTICLE 1er :  L'autorisation visant \u00e0 la  transformation d'une place d'internat permanent en une \nplace d'internat s\u00e9quentiel et \u00e0 l'extension de 5 places d'accueil de jour sur 225 jours \nau titre du r\u00e9pit de la Maison d'accueil sp\u00e9cialis\u00e9e (MAS) \u00ab  Michelle Cassar \u00bb sise 2 \nbis Villa Thor\u00e9ton \u00e0 Paris (75015) destin\u00e9es \u00e0 accueillir des adultes \u00e0 partir de 20 ans \nest accord\u00e9e \u00e0 compter du 1 er janvier 2026 \u00e0 l'Association Maison Benjamin dont le \nsi\u00e8ge social se situe \u00e0 la m\u00eame adresse. \n \nARTICLE 2e :   La capacit\u00e9 totale de la MAS Michelle Cassar est dor\u00e9navant de 32 places destin\u00e9es \n\u00e0 des personnes  adultes porteuses de troubles du spectre de l'autisme , r\u00e9parties \ncomme suit : \n\u2022 11 places d'h\u00e9bergement complet internat ; \n\u2022 1 place d'accueil temporaire avec h\u00e9bergement s\u00e9quentiel sur 365 jours ; \n\u2022 15 places d'accueil de jour sur 225 jours ; \n\u2022 5 places d'accueil de jour sur 225 jours au titre d'un dispositif de r\u00e9pit. \n \nARTICLE 3e :  Conform\u00e9ment aux termes du dernier alin\u00e9a du I de l'article D. 312 -0-3 du code de \nl'action sociale et des familles, a ucune sp\u00e9cialisation n'exclut la prise en charge de \npersonnes pr\u00e9sentant des troubles associ\u00e9s \u00e0 ceux qui font l'objet de la pr\u00e9sente \nautorisation.  \n \nARTICLE 4e :  Cette structure est r\u00e9pertori\u00e9e dans le Fichier National des Etablissements Sanitaires \net Sociaux (FINESS) de la fa\u00e7on suivante : \n \nN\u00b0FINESS de l'\u00e9tablissement : 75 007 537 6 \n \nCode cat\u00e9gorie : \n \n[255] - Maison d'accueil sp\u00e9cialis\u00e9e  \nCode discipline : \n \n[964] - Accueil et accompagnement sp\u00e9cialis\u00e9 \npersonnes handicap\u00e9es \n \nAgence R\u00e9gionale de Sant\u00e9 - IDF-2025-08-29-00011 - Arr\u00eat\u00e9 2025-239 portant autorisation de transformation d'une place d'internat\npermanent en une place d'internat s\u00e9quentiel et extension de 27 \u00e0 32 places de la Maison d'accueil sp\u00e9cialis\u00e9e (MAS) \"Michelle\nCassar\" \u00e0 Paris 15\u00e8me g\u00e9r\u00e9 par l'association Maison Benjamin\n32\ngia\"\n3 sur 3 \n \nCode fonctionnement : [21] - Accueil de jour \n[44] - Accueil temporaire de jour \n[40] \u2013 Accueil temporaire avec h\u00e9bergement \n[11] \u2013 H\u00e9bergement complet internat \n \n15 places \n5 places \n1 place \n11 places \nCode client\u00e8le : [437] - Troubles du spectre de l'autisme 32 places \n \nCode mode de fixation des tarifs : [57] - ARS/ARS PCD Dot.Glob \n \nN\u00b0 FINESS du gestionnaire : 750042921 \n \nCode statut : 60 + Associations Loi 1901 non Reconnue d'utilit\u00e9 publique \n \nARTICLE 5e :   Conform\u00e9ment aux dispositions de l'article D. 313-12-1 du code de l'action sociale et \ndes familles, la pr\u00e9sente autorisation est valable sous r\u00e9serve de la transmission, \u00e0 \nl'autorit\u00e9 comp\u00e9tente, avant la date d'entr\u00e9e en service de la nouvelle capacit\u00e9 \nautoris\u00e9e, d'une d\u00e9claration sur l'honneur attestant de la conformit\u00e9 de \nl'\u00e9tablissement ou du service aux conditions techniques minimales d'organisation et \nde fonctionnement mentionn\u00e9es au II de l'article L. 312-1 du m\u00eame code. \n \nARTICLE 6e :   Elle est caduque en l'absence d'ouverture au public de l'\u00e9tablissement ou du service \ndans un d\u00e9lai de quatre ans suivant la notification de la d\u00e9cision d'autorisation \nconform\u00e9ment aux articles L. 313-1 et D. 313-7-2 du code de l'action sociale et des \nfamilles. \n \nARTICLE 7e :   Tout changement important dans l'activit\u00e9, l'installation, l'organisation, la direction ou \nle fonctionnement de l'\u00e9tablissement ou du service doit \u00eatre port\u00e9 \u00e0 la connaissance \nde l'autorit\u00e9 comp\u00e9tente. \n \nARTICLE 8e :  Un recours contre le pr\u00e9sent arr\u00eat\u00e9 peut \u00eatre form\u00e9 devant le tribunal administratif \ncomp\u00e9tent dans un d\u00e9lai de deux mois \u00e0 compter de sa notification ou, pour les tiers, \n\u00e0 compter de sa publication.   \n \nARTICLE 9e :   Le Directeur de la d\u00e9l\u00e9gation d\u00e9partementale de Paris de l'Agence r\u00e9gionale de sant\u00e9 \n\u00cele-de-France est charg\u00e9 de l'ex\u00e9cution du pr\u00e9sent arr\u00eat\u00e9 qui sera publi\u00e9 aux recueils \ndes actes administratifs de la R\u00e9gion \u00cele-de-France et du d\u00e9partement de Paris. \n   \n \n \n Fait \u00e0 Saint-Denis, le 29 aout 2025 \n \n       \n Pour Le Directeur g\u00e9n\u00e9ral \n de l'Agence r\u00e9gionale de sant\u00e9 \n \u00cele-de-France et par d\u00e9l\u00e9gation \nLa Directrice de l'autonomie  \n \n \n \n \nSt\u00e9phanie TALBOT \n \n \n  \n \nAgence R\u00e9gionale de Sant\u00e9 - IDF-2025-08-29-00011 - Arr\u00eat\u00e9 2025-239 portant autorisation de transformation d'une place d'internat\npermanent en une place d'internat s\u00e9quentiel et extension de 27 \u00e0 32 places de la Maison d'accueil sp\u00e9cialis\u00e9e (MAS) \"Michelle\nCassar\" \u00e0 Paris 15\u00e8me g\u00e9r\u00e9 par l'association Maison Benjamin\n33\nAgence R\u00e9gionale de Sant\u00e9\nIDF-2025-08-27-00036\nArr\u00eat\u00e9 2025-213 portant autorisation d'extension\nde capacit\u00e9 de 87 \u00e0 97 places de l'Institut\nM\u00e9dico-Educatif (IME) Le Tremplin \u00e0 Bobigny\ng\u00e9r\u00e9 par l'association Vivre et devenir - Villepinte\n- Saint-Michel\nAgence R\u00e9gionale de Sant\u00e9 - IDF-2025-08-27-00036 - Arr\u00eat\u00e9 2025-213 portant autorisation d'extension de capacit\u00e9 de 87 \u00e0 97 places\nde l'Institut M\u00e9dico-Educatif (IME) Le Tremplin \u00e0 Bobigny g\u00e9r\u00e9 par l'association Vivre et devenir - Villepinte - Saint-Michel 34\nREPUBLIQUEFRANCAISELibert\u00e9Egalit\u00e9Fraternit\u00e9\ne \u00bb Agence R\u00e9gionale de Sant\u00e9Ile-de-France\n \n \n \n \n \n1 sur 4 \n \n \n \n \nAGENCE R\u00c9GIONALE DE SANT\u00c9 \u00ceLE-DE-FRANCE \n \nARRETE N\u00b0 2025 - 213 \n \nportant autorisation d'extension de capacit\u00e9 de 87 \u00e0 97 places de l'Institut M\u00e9dico-\u00c9ducatif \n(IME) Le Tremplin sis 51 rue Auguste Delaune \u00e0 Bobigny (93000), \n \ng\u00e9r\u00e9 par l'association Vivre et devenir \u2013 Villepinte \u2013 Saint-Michel \n \n \n \nLE DIRECTEUR G\u00c9N\u00c9RAL DE L'AGENCE R\u00c9GIONALE DE SANT\u00c9 \u00ceLE-DE-FRANCE \n \nVU le code de l'action sociale et des familles et notamment les articles L. 312 -1, L. 313-1 et \nsuivants, R313-1 et suivants et D. 312-0-1 et suivants ; \n \nVU le d\u00e9cret du 10 avril 2024 portant nomination de Monsieur Denis ROBIN, Directeur g\u00e9n\u00e9ral \nde l'Agence r\u00e9gionale de sant\u00e9 \u00cele-de-France \u00e0 compter du 29 avril 2024 ; \n \nVU l'arr\u00eat\u00e9 n\u00b0 DIRNOV-2023/08 de la Directrice g\u00e9n\u00e9rale de l'Agence r\u00e9gionale de sant\u00e9 \u00cele-\nde-France en date du 26 octobre 2023 portant adoption du cadre d'orientation strat\u00e9gique \n2018-2028 du projet r\u00e9gional de sant\u00e9 d'\u00cele-de-France ; \n \nVU l'arr\u00eat\u00e9 n\u00b0 DIRNOV-2023/09 de la Directrice g\u00e9n\u00e9rale de l'Agence r\u00e9gionale de sant\u00e9 \u00cele-\nde-France en date du 26 octobre 2023 portant adoption du sch\u00e9ma r\u00e9gional de sant\u00e9 \n2023-2028 du projet r\u00e9gional de sant\u00e9 d' \u00cele-de-France, modifi\u00e9 par l'arr\u00eat\u00e9 n\u00b0DIRNOV -\n2023/09 en date du 12 janvier 2024 ; \n \nVU l'arr\u00eat\u00e9 n\u00b0 2023-346 de la Directrice g\u00e9n\u00e9rale de l'Agence r\u00e9gionale de sant\u00e9 \u00cele-de-France \nen date du 4 d\u00e9cembre 2023 \u00e9tablissant le programme interd\u00e9partemental \nd'accompagnement des handicaps et de la perte d'autonomie (PRIAC) 2023-2027 pour la \nr\u00e9gion \u00cele-de-France ; \n \nVU l'arr\u00eat\u00e9 n\u00b0 94/42 du pr\u00e9fet de la r\u00e9gion \u00cele-de-France en date du 24 janvier 1994 autorisant, \nau titre de l'annexe XXIV du d\u00e9cret du 27 octobre 1989, le fonctionnement de l'IME Le \nTremplin pour 72 places destin\u00e9es \u00e0 des enfants et adolescents d\u00e9ficients intellectuels \n\u00e2g\u00e9s de 5 \u00e0 20 ans ; \n \nVU l'arr\u00eat\u00e9 n\u00b02017-254 du 8 ao\u00fbt 2017 portant approbation de cession d'autorisation de l'IME \nLe Tremplin g\u00e9r\u00e9 par l'association LEHELA au profit de l'association Vivre et devenir \u2013 \nVillepinte \u2013 Saint-Michel ; \n \nVU l'arr\u00eat\u00e9 n\u00b02024-224 portant autorisation d'extension de capacit\u00e9 de 72 \u00e0 87 places de l'IME \nLe Tremplin g\u00e9r\u00e9 par l'association Vivre et devenir \u2013 Villepinte \u2013 Saint-Michel ; \n \nAgence R\u00e9gionale de Sant\u00e9 - IDF-2025-08-27-00036 - Arr\u00eat\u00e9 2025-213 portant autorisation d'extension de capacit\u00e9 de 87 \u00e0 97 places\nde l'Institut M\u00e9dico-Educatif (IME) Le Tremplin \u00e0 Bobigny g\u00e9r\u00e9 par l'association Vivre et devenir - Villepinte - Saint-Michel 35\n2 sur 4 \n \nVU la demande de l'association Vivre et Devenir visant \u00e0 l'extension de 10 places de l'IME Le \nTremplin pour  permettre la cr\u00e9ation d'une Unit\u00e9 d' Enseignement Coll\u00e8ge Autisme \n(UECA) ; \n \n \n \n \n \nCONSID\u00c9RANT que la demande d'extension r\u00e9pond au besoin d e d\u00e9ploiement de \ndispositifs d'\u00e9cole inclusive sur le territoire de Seine-Saint-Denis, et que \nl'Education Nationale dispose des ressources humaines n\u00e9cessaires \u00e0 \nl'ouverture d'une UECA ; \n \nCONSID\u00c9RANT qu'en application de l'article D 313 -2 du code de l'action sociale et des \nfamilles, le Directeur g\u00e9n\u00e9ral de l'Agence r\u00e9gionale de sant\u00e9 \u00cele-de-France \npeut d\u00e9roger aux seuils fix\u00e9s aux I \u00e0 IV de cet article au-del\u00e0 desquels les \nautorisations d'extension d'\u00e9tablissements ou de services m\u00e9dico-sociaux \ndoivent \u00eatre pr\u00e9c\u00e9d\u00e9es de la proc\u00e9dure d'appel \u00e0 projet pr\u00e9vue par l'article \nL. 313-1-1 du m\u00eame code, lorsqu'un motif d'int\u00e9r\u00eat g\u00e9n\u00e9ral le justifie et pour \ntenir compte de circonstances locales ; \n \nCONSID\u00c9RANT que la demande de l'association r\u00e9pond \u00e0 un besoin de d\u00e9veloppement de \nl'offre m\u00e9dico -sociale identifi\u00e9 sur le d\u00e9partement de Seine -Saint-Denis \npour les personnes concern\u00e9es par les troubles du neurod\u00e9veloppement ; \n \nCONSID\u00c9RANT qu'elle est compatible avec les objectifs et r\u00e9pond aux besoins sociaux et \nm\u00e9dico-sociaux fix\u00e9s par le sch\u00e9ma r\u00e9gional de sant\u00e9 ;  \n \nCONSID\u00c9RANT qu'elle satisfait aux r\u00e8gles d'organisation et de fonctionnement pr\u00e9vues par \nle code de l'action sociale et des familles ;  \n \nCONSID\u00c9RANT qu'elle pr\u00e9sente un co\u00fbt de fonctionnement  en ann\u00e9e pleine compatible \navec le PRIAC  \u00cele-de-France et avec le montant de l'une des dotations \nmentionn\u00e9es \u00e0 l'article L. 314-3 du code de l'action sociale et des familles ; \n \nCONSID\u00c9RANT que l' Agence r\u00e9gionale de sant\u00e9  \u00cele-de-France dispose pour la mise en \n\u0153uvre de l'UECA des cr\u00e9dits n\u00e9cessaires, \u00e0 hauteur de 154 000\u20ac. \n \n \n \n \n \nARR\u00caTE  \n \n \nARTICLE 1er : L'autorisation visant \u00e0 l'extension de capacit\u00e9 de 10 places de l'IME Le Tremplin sis \n51 rue Auguste Delaune \u00e0 Bobigny (93000) , destin\u00e9es \u00e0 accueillir des enfants  \nporteurs de Troubles du Spectre de l'Autisme (TSA)  au sein d'une Unit\u00e9 \nd'Enseignement Coll\u00e8ge Autisme (UECA)  est accord\u00e9e \u00e0 l'association Vivre et \nDevenir Villepinte \u2013 Saint-Michel dont le si\u00e8ge social est situ\u00e9 au 2 all\u00e9e Joseph \nRecamier \u00e0 Paris (75015).  \n En application du V de l'article D. 313-2 du code de l'action sociale et des familles, le \nseuil d'extension pr\u00e9vu par cet article est fix\u00e9, dans le cadre de la pr\u00e9sente \nautorisation, \u00e0 hauteur de 35 % de la capacit\u00e9 de l'IME. \nAgence R\u00e9gionale de Sant\u00e9 - IDF-2025-08-27-00036 - Arr\u00eat\u00e9 2025-213 portant autorisation d'extension de capacit\u00e9 de 87 \u00e0 97 places\nde l'Institut M\u00e9dico-Educatif (IME) Le Tremplin \u00e0 Bobigny g\u00e9r\u00e9 par l'association Vivre et devenir - Villepinte - Saint-Michel 36\n3 sur 4 \n \n \nARTICLE 2e :  La capacit\u00e9 totale de l'IME Le Tremplin est dor\u00e9navant de 97 places destin\u00e9es \u00e0 la \nprise en charge d'enfants et de jeunes adultes \u00e2g\u00e9s  de 0 \u00e0 20  ans pr\u00e9sentant une \nd\u00e9ficience intellectuelle ou des troubles du spectre de l'autisme (TSA) ainsi r\u00e9parties : \n \no 72 places d'accueil de jour pour des personnes d\u00e9ficientes intellectuelles ; \no 15 places de prestations en milieu ordinaire  pour des personnes d\u00e9ficientes \nintellectuelles ; \no 10 places d'UECA au sein du coll\u00e8ge Jean Zay situ\u00e9 au 66 bis route d'Aulnay \n\u00e0 Bondy (93140) pour des jeunes TSA. \n \nARTICLE 3e :  Conform\u00e9ment aux termes du dernier alin\u00e9a du I de l'article D. 312 -0-3 du code de \nl'action sociale et des familles, a ucune sp\u00e9cialisation n'exclut la prise en charge de \npersonnes pr\u00e9sentant des troubles associ\u00e9s \u00e0 ceux qui font l'objet de la pr\u00e9sente \nautorisation.  \n \nARTICLE 4e :  Cette structure est r\u00e9pertori\u00e9e dans le Fichier National des Etablissements Sanitaires \net Sociaux (FINESS) de la fa\u00e7on suivante : \n \nN\u00b0 FINESS : 93 069 032 6 \n \nCode cat\u00e9gorie : \n \n183 \u2013 Institut M\u00e9dico-Educatif \nCode discipline :  \n \n844 \u2013 Tous projets \u00e9ducatifs p\u00e9dagogiques et \nth\u00e9rapeutiques \n \n \nCode fonctionnement : \n \n21 \u2013 Accueil de jour \n16 \u2013 Prestation en milieu ordinaire \n \n72 places \n25 places \n \n \nCode client\u00e8le : \n \n117 \u2013 D\u00e9ficience intellectuelle \n437 - Troubles du spectre de l'autisme \n \n87 places \n10 places \n \n[xxx] \u2013 libell\u00e9 \n \nCapacit\u00e9 \nautoris\u00e9e : 0 \nplace \n[Mentionner 0 \nplace pour \nl'\u00e9tablissement \nsecondaire ]  \n \nCode mode de fixation des tarifs : 57 - ARS/Dot. Globalis\u00e9e \n \nN\u00b0 FINESS du gestionnaire : 75 072 053 4 \n \nCode statut : 61 \u2013 Association Loi 1901 reconnue d'utilis\u00e9 publique \n \n \nARTICLE 5e : Conform\u00e9ment aux dispositions de l'article D. 313-12-1 du code de l'action sociale et \ndes familles, la pr\u00e9sente autorisation est valable sous r\u00e9serve de la transmission, aux \nautorit\u00e9s comp\u00e9tentes, avant la date d'entr\u00e9e en service de la nouvelle capacit\u00e9 \nautoris\u00e9e, d'une d\u00e9claration sur l'honneur attestant de la conformit\u00e9 de \nl'\u00e9tablissement ou du service aux condit ions techniques minimales d'organisation et \nde fonctionnement mentionn\u00e9es au II de l'article L. 312-1 du m\u00eame code. \n \nARTICLE 6e : Elle est caduque en l'absence d'ouverture au public de l'\u00e9tablissement dans un d\u00e9lai \nde quatre ans suivant la notification de la d\u00e9cision d'autorisation conform\u00e9ment aux \narticles L. 313-1 et D. 313-7-2 du code de l'action sociale et des familles. \n \nARTICLE 7e : Tout changement important dans l'activit\u00e9, l'installation, l'organisation, la direction ou \nle fonctionnement de l'\u00e9tablissement ou du service doit \u00eatre port\u00e9 \u00e0 la connaissance \nde l'autorit\u00e9 comp\u00e9tente. \n \nAgence R\u00e9gionale de Sant\u00e9 - IDF-2025-08-27-00036 - Arr\u00eat\u00e9 2025-213 portant autorisation d'extension de capacit\u00e9 de 87 \u00e0 97 places\nde l'Institut M\u00e9dico-Educatif (IME) Le Tremplin \u00e0 Bobigny g\u00e9r\u00e9 par l'association Vivre et devenir - Villepinte - Saint-Michel 37\n4 sur 4 \n \nARTICLE 8e :   Un recours contre le pr\u00e9sent arr\u00eat\u00e9 peut \u00eatre form\u00e9 devant le tribunal administratif \ncomp\u00e9tent dans un d\u00e9lai de deux mois \u00e0 compter de sa notification ou, pour les tiers, \n\u00e0 compter de sa publication. \n \nARTICLE 9e :   La Directrice de la d\u00e9l\u00e9gation d\u00e9partementale de Seine -Saint-Denis de l'Agence \nr\u00e9gionale de sant\u00e9 \u00cele-de-France est charg\u00e9e de l'ex\u00e9cution du pr\u00e9sent arr\u00eat\u00e9 qui sera \npubli\u00e9 au recueil des actes administratifs de la R\u00e9gion \u00cele-de-France. \n \n \n \n \n \nFait \u00e0 Saint-Denis, le 27 aout 2025  \n \nLa Directrice g\u00e9n\u00e9rale adjointe  \nde l'Agence r\u00e9gionale de sant\u00e9 \n\u00cele-de-France  \n \n \n \n \nSophie MARTINON \n \nAgence R\u00e9gionale de Sant\u00e9 - IDF-2025-08-27-00036 - Arr\u00eat\u00e9 2025-213 portant autorisation d'extension de capacit\u00e9 de 87 \u00e0 97 places\nde l'Institut M\u00e9dico-Educatif (IME) Le Tremplin \u00e0 Bobigny g\u00e9r\u00e9 par l'association Vivre et devenir - Villepinte - Saint-Michel 38","date":"2025-09-12","first_seen_on":"2025-09-12T16:49:37+00:00","id":"ad01dc5b977660fbcc5d8d36d1d2bbd319e00794e7ed787971e8b05256f8bc2e","name":"recueil-idf-034-2025-09-recueil-des-actes-administratifs-special du 12.09.2025","pdf_creation_date":"2025-09-12T14:56:01+00:00","pdf_modification_date":null,"timezone":"Europe/Paris","url":"https://www.prefectures-regions.gouv.fr/ile-de-france/irecontenu/telechargement/130984/962673/file/recueil-idf-034-2025-09-recueil-des-actes-administratifs-special%20du%2012.09.2025.pdf"}
