{"administration":"pref09","administration_name":"Pr\u00e9fecture de l\u2019Ari\u00e8ge","content":"ARI\u00c8GE\nRECUEIL DES ACTES\nADMINISTRATIFS\nN\u00b009-2024-110\nPUBLI\u00c9 LE 10 OCTOBRE 2024\nSommaire\n09 - DIRECTION DE LA CITOYENNETE ET DE LA LEGALITE / BUREAU DES\nCOLLECTIVITES LOCALES\n09-2024-10-09-00002 - Arr\u00eat\u00e9 pr\u00e9fectoral portant modification des\nstatuts de la communaut\u00e9 de communes des Portes d'Ari\u00e8ge\nPyr\u00e9n\u00e9es (5 pages) Page 3\n09 - PREFECTURE - DIRECTION DU CABINET / BUREAU DE LA SECURITE\nINTERIEURE\n09-2024-10-09-00001 - 20241009 AP autorisation drones douanes -octobre\n(2 pages) Page 8\n09 - PREFECTURE DE L'ARIEGE - DIRECTION DE LA\nCOORDINATION INTERMINISTERIELLE ET DE L'APPUI TERRITORIAL /\nBUREAU DE LA COORDINATION INTERMINISTERIELLE\n09-2024-10-10-00002 - 2024 10-10 AT 2024 ASF A66 Refection enrobes\nEchangeurs 3 4-1 (3 pages) Page 10\n09-2024-10-12-00001 - Arr\u00eat\u00e9 pr\u00e9fectoral de composition de la COMEX\n(1 page) Page 13\n09 -DIRECTION DEPARTEMENTALE DE L' EMPLOI, DU TRAVAIL, DES\nSOLIDARITES ET DE LA PROTECTION DES POPULATIONS - SERVICE ACCES\nET RETOUR A L'EMPLOI /\n09-2024-10-03-00002 - Arr\u00eat\u00e9 pr\u00e9fectoral portant composition et\nr\u00e9partition des voix au sein du Comit\u00e9 d\u00e9partemental pour l'emploi.\n(2 pages) Page 14\n09-2024-10-03-00001 - Arr\u00eat\u00e9 pr\u00e9fectoral portant nomination au sein\ndu Comit\u00e9 d\u00e9partemental pour l' emploi (6 pages) Page 16\n09-2024-10-10-00001 - R\u00e9c\u00e9piss\u00e9 de d\u00e9claration d'activit\u00e9s de\nservices \u00e0 la personne pour la structure YOAN ESCLASSAN (2 pages) Page 22\nDRAAF OCCITANIE /\n09-2024-10-07-00003 - Arr\u00eat\u00e9 pr\u00e9fectoral portant approbation du\ndocument d'Am\u00e9nagement de la for\u00eat communale indivise de\nMassat-Le Port pour la p\u00e9riode 2022-2041 avec application du 2\u00b0 de\nl'article L122-7 du code forestier (2 pages) Page 24\n09-2024-10-07-00002 - Arr\u00eat\u00e9 pr\u00e9fectoral portant modification du\ndocument d'Am\u00e9nagement de la for\u00eat communale de Freychenet pour\nla p\u00e9riode 2009-2028 (1 page) Page 26\n09-2024-10-07-00001 - Arr\u00eat\u00e9 pr\u00e9fectoral portant modification du\ndocument d'Am\u00e9nagement de la for\u00eat communale de Mercus pour la\np\u00e9riode 2009-2028 (1 page) Page 27\n2\nbn\nPREFET  .\nDE L'ARI\u00c8GE\nLibert\u00e9\nEgalit\u00e9\nFraternit\u00e9\nPR\u00c9FECTURE\nDirection de la citoyennet\u00e9 et de la l\u00e9galit\u00e9\nBureau des collectivit\u00e9s territoriales\nML\nArr\u00eat\u00e9 pr\u00e9fectoral portant modification des statuts\nde la communaut\u00e9 de communes des Portes d'Ari\u00e8ge Py r\u00e9n\u00e9es\nLe pr\u00e9fet de l'Ari\u00e8ge\nVu la loi n\u00b0 2014-366 du 24 mars 2014 pour l'acc\u00e8s au logement e t un urbanisme r\u00e9nov\u00e9 et notamment le\n3\u00e8me alin\u00e9a du II de l'article 136 ;\nVu l'arr\u00eat\u00e9 pr\u00e9fectoral en date du 5 octobre 2016 modifi\u00e9 por tant fusion des communaut\u00e9s de\ncommunes du pays de Pamiers et du canton de Saverdun et emport ant cr\u00e9ation de la communaut\u00e9 de\ncommunes des Portes d'Ari\u00e8ge Pyr\u00e9n\u00e9es (CCPAP) au 1er janvier 2017 ; \nVu la d\u00e9lib\u00e9ration du conseil communautaire en date du 27 jui n 2024 approuvant le transfert de la\ncomp\u00e9tence \u00ab Plan Local d'Urbanisme, document d'urbanism e en tenant lieu et carte communale \u00bb au\n1er janvier 2025 ;\nConsid\u00e9rant les conditions de majorit\u00e9 requises pour s'opp oser au transfert \u00e0 savoir 25 % des\ncommunes repr\u00e9sentant 20 % de la population, soit pour la CC PAP 9 communes repr\u00e9sentant 8 306\nhabitants ;\nConsid\u00e9rant qu'une commune (Saverdun) a d\u00e9lib\u00e9r\u00e9 et rendu e x\u00e9cutoire sa d\u00e9cision pour d\u00e9sapprouver\nle transfert dans les d\u00e9lais impartis et qu'ainsi les condit ions de majorit\u00e9 requises pour s'y opposer ne\nsont pas r\u00e9unies ;\nSur proposition du secr\u00e9taire g\u00e9n\u00e9ral de la pr\u00e9fect ure de l'Ari\u00e8ge ;\nA R R \u00ca T E : \nArticle 1  : \nLes statuts de la communaut\u00e9 de communes des Portes d'Ari\u00e8ge Pyr\u00e9n\u00e9es, dans leur version actualis\u00e9e,\nsont joints au pr\u00e9sent arr\u00eat\u00e9.\nArticle 2  :\nLe pr\u00e9sent arr\u00eat\u00e9 peut faire l'objet d'un recours devant le T ribunal administratif de Toulouse dans un\nd\u00e9lai de deux mois \u00e0 compter de sa publication au recueil des a ctes administratifs de la pr\u00e9fecture de\nl'Ari\u00e8ge.\nArticle     3    : \nLe secr\u00e9taire g\u00e9n\u00e9ral de la pr\u00e9fecture de l'Ari\u00e8ge, le sous- pr\u00e9fet de Pamiers, le directeur d\u00e9partemental\ndes finances publiques, la directrice d\u00e9partementale des t erritoires, le pr\u00e9sident de la CCPAP , les maires\ndes communes membres sont charg\u00e9s, chacun en ce qui le concer ne, de l'ex\u00e9cution du pr\u00e9sent arr\u00eat\u00e9\nqui sera affich\u00e9 au si\u00e8ge de la CCPAP et dans les c ollectivit\u00e9s membres.\nFait \u00e0 Foix, le 9 octobre 2024\nPour le pr\u00e9fet et par d\u00e9l\u00e9gation,\nle secr\u00e9taire g\u00e9n\u00e9ral,\nSign\u00e9 : Jean-Philippe DARGENT\n2 rue de la Pr\u00e9fecture - Pr\u00e9fet Claude - Erignac B. P . 40087 - 09007 Foix Cedex \u2013 T\u00e9l : 05 61 02 10 00\nSite internet : www.ariege.gouv.fr09 - DIRECTION DE LA CITOYENNETE ET DE LA LEGALITE - 09-2024-10-09-00002 - Arr\u00eat\u00e9 pr\u00e9fectoral portant modification des statuts\nde la communaut\u00e9 de communes des Portes d'Ari\u00e8ge Pyr\u00e9n\u00e9es 3\nPortes\nAriege\nPyr\u00e9n\u00e9es\nCommunaute  de Communes\nSTATUTS\nArticle 1  \u00a0   : CREATION DE LA COMMUNAUTE DE COMMUNES  \nEn application de la loi n\u00b0 2015-991 du 07 ao\u00fbt 201 5 portant nouvelle organisation territoriale de la R\u00e9publique (Loi\nNOTRe) qui pr\u00e9voit un nouveau SDCI avec de nouvelle s r\u00e8gles pour agrandir les p\u00e9rim\u00e8tres (nouveaux seu ils) ainsi que la\nr\u00e9duction du nombre de syndicats, il est cr\u00e9\u00e9 une n ouvelle Communaut\u00e9 de communes issue de la fusion d es communaut\u00e9s\nde communes du Pays de Pamiers et du Canton de Save rdun qui prend la d\u00e9nomination de\u00a0:\n\u00ab\u00a0Communaut\u00e9 de Communes des Portes d'Ari\u00e8ge Pyr\u00e9n\u00e9 es\u00bb\nArticle 2  \u00a0   : PERIMETRE  \nLa Communaut\u00e9 regroupe les communes suivantes\u00a0:\nARVIGNA  \u25aa BENAGUES  \u25aa BEZAC  - SAINT-AMANS  \u25aa BONNAC  \u25aa BRIE  \u25aa CANTE  \u25aa ESCOSSE  \u25aa ESPLAS  \u25aa\nGAUDIES  \u25aa JUSTINIAC  \u25aa LABATUT  \u25aa LA BASTIDE DE LORDAT  \u25aa LA TOUR-DU-CRIEU  \u25aa LE CARLARET  \u25aa\nLISSAC  \u25aa LE VERNET  \u25aa LES ISSARDS  \u25aa LESCOUSSE  \u25aa LES PUJOLS  \u25aa LUDIES  \u25aa MADIERE  \u25aa MAZERES  \u25aa\nMONTAUT  \u25aa PAMIERS  \u25aa SAINT-AMADOU  \u25aa SAINT-JEAN-DU-FALGA  \u25aa SAINT-MARTIN-D'OYDES  \u25aa SAINT-\nMICHEL \u25aa SAINT-QUIRC \u25aa SAINT-VICTOR-ROUZAUD \u25aa SA VERDUN \u25aa TREMOULET \u25aa UNZENT \u25aa VILLENEUVE-\nDU-PAREAGE.\nArticle 3  \u00a0   : SIEGE DE LA COMMUNAUTE  \nLe si\u00e8ge de la Communaut\u00e9 est situ\u00e9\u00a0: 26 Bis Boulevard Delcass\u00e9 \u00e0 PAMIERS\nArticle 4  \u00a0   : COMPETENCES DE LA COMMUNAUTE  \nCette communaut\u00e9 associe les communes pr\u00e9cit\u00e9es au sein d'un espace de solidarit\u00e9, en vue de l'\u00e9labora tion d'un projet\ncommun  de d\u00e9veloppement et d'am\u00e9nagement  de l'espac e. Pour l'exercice de  ses comp\u00e9tences, la  Communaut\u00e9  d e\nCommunes des Portes d'Ari\u00e8ge Pyr\u00e9n\u00e9es a la possibil it\u00e9 d'adh\u00e9rer \u00e0 un syndicat.\nElle exerce les comp\u00e9tences suivantes\u00a0:\n1 - G roupe des com p\u00e9tences obligatoires\nLa Communaut\u00e9 de communes des Portes d'Ari\u00e8ge Pyr\u00e9n \u00e9es exerce, de plein droit, au lieu et place de ses  communes\nmembres, les comp\u00e9tences obligatoires des communaut \u00e9s de communes vis\u00e9es au I de l'article L. 5214-16 du Code g\u00e9n\u00e9ral\ndes collectivit\u00e9s territoriales, \u00e0 savoir, sous r\u00e9s erve d'\u00e9ventuelles modifications l\u00e9gislatives susce ptibles d'intervenir\u00a0:  \nSTATUTS 1\n09 - DIRECTION DE LA CITOYENNETE ET DE LA LEGALITE - 09-2024-10-09-00002 - Arr\u00eat\u00e9 pr\u00e9fectoral portant modification des statuts\nde la communaut\u00e9 de communes des Portes d'Ari\u00e8ge Pyr\u00e9n\u00e9es 4\nAm\u00e9nagement de l'espace pour la conduite d'actions d'int\u00e9r\u00eat communautaire \nSch\u00e9ma de coh\u00e9rence territoriale et sch\u00e9ma de secte ur\nPlan local d'urbanisme, document d'urbanisme en ten ant lieu et carte communale\nActions de d\u00e9veloppement \u00e9conomique dans les condit ions pr\u00e9vues \u00e0 l'article L. 4251-17\nCr\u00e9ation,  am\u00e9nagement,  entretien  et  gestion  de  zone s  d'activit\u00e9  industrielle,  commerciale,  tertiaire,\nartisanale, touristique, portuaire ou a\u00e9roportuaire\nPolitique locale du commerce et soutien aux activit \u00e9s commerciales d'int\u00e9r\u00eat communautaire\nPromotion du tourisme, dont la cr\u00e9ation d'offices d e tourisme\nGestion des milieux aquatiques et pr\u00e9vention des in ondations, dans les conditions pr\u00e9vues \u00e0 l'article L.211-7\ndu Code de l'environnement\nAm\u00e9nagement, entretien et gestion des aires d'accue il des gens du voyage et des terrains familiaux loc atifs\nd\u00e9finis aux 1\u00b0 \u00e0 3\u00b0 du II de l'article 1er de la loi n\u00b02000-614 du 5 juillet 2000 relative \u00e0 l'accueil et \u00e0 l'habitat\ndes gens du voyage\nCollecte et traitement des d\u00e9chets des m\u00e9nages et d \u00e9chets assimil\u00e9s\n2 - G roupe des com p\u00e9tences optionnelles\n>  Protection et mise en valeur de l'environnement, le cas \u00e9ch\u00e9ant dans le cadre de sch\u00e9mas d\u00e9partement aux et\nsoutien aux actions de ma\u00eetrise de la demande d'\u00e9ne rgie\nCr\u00e9ation, ouverture, am\u00e9nagement, entretien et bali sage des sentiers de randonn\u00e9es sur le territoire d es communes\nmembres\nR\u00e9habilitation, am\u00e9nagement et entretien du petit p atrimoine local situ\u00e9 \u00e0 proximit\u00e9 imm\u00e9diate de sent iers de\nrandonn\u00e9e afin de mettre en valeur les itin\u00e9raires pr\u00e9sentant un int\u00e9r\u00eat environnemental, paysager, cu lturel et\ntouristique\nValorisation de la navigabilit\u00e9 des rivi\u00e8res Ari\u00e8ge  et Hers\u00a0: travaux pr\u00e9alables pour la s\u00e9curisation de la rivi\u00e8re,\nam\u00e9nagements de la signal\u00e9tique, des aires d'accuei ls, des acc\u00e8s \u00e0 l'eau et entretien des ouvrages de mise \u00e0 l'eau\nPr\u00e9servation et mise en valeur de la faune, de la f lore sauvages et soutien aux animations et valorisa tion des\nexpositions ou actions organis\u00e9es par les communes ou \u00e0 destination des publics scolaires\nR\u00e9alisations collectives de plantations et d'entret ien de haies sur le territoire communautaire \nCapture et accueil des chiens et des chats errants dans le cadre d'un service de fourri\u00e8re\nRefuge destin\u00e9 \u00e0 l'accueil des chiens et des chats errants ou abandonn\u00e9s\n> Cr\u00e9ation, am\u00e9nagement et entretien de la voirie d 'int\u00e9r\u00eat communautaire\n> Politique du logement et du cadre de vie  \nProgramme local de l'habitat\nSTATUTS 2\n09 - DIRECTION DE LA CITOYENNETE ET DE LA LEGALITE - 09-2024-10-09-00002 - Arr\u00eat\u00e9 pr\u00e9fectoral portant modification des statuts\nde la communaut\u00e9 de communes des Portes d'Ari\u00e8ge Pyr\u00e9n\u00e9es 5\nActions et aides financi\u00e8res en faveur de ravalemen t de fa\u00e7ades \nActions et aides financi\u00e8res permettant la cr\u00e9ation  et l'am\u00e9lioration de logements priv\u00e9s, sociaux et tr\u00e8s sociaux,\ndans le cadre d'op\u00e9rations partenariales avec l'ANA H, notamment OPAH (op\u00e9ration programm\u00e9e d'am\u00e9liorat ion de\nl'habitat) PIG (programme d'int\u00e9r\u00eat g\u00e9n\u00e9ral), ORI ( Op\u00e9ration de restauration immobili\u00e8re).\nAnimation  des  commissions  d'attributions  de  logemen ts  tr\u00e8s  sociaux  (PST  et  LCTS)  issus  des  op\u00e9rations\nd'am\u00e9lioration de l'habitat priv\u00e9\nAides financi\u00e8res en faveur d'\u00e9quipements d'\u00e9conomi es d'\u00e9nergie et d'eau \u00e0 usage domestique (r\u00e9cup\u00e9rat eurs\nd'eau de pluie, solaire...) et  promotion des \u00e9conom ies d'\u00e9nergie, de l'utilisation d'\u00e9nergie renouvela bles et du\nd\u00e9veloppement durable\nFavoriser l'acc\u00e8s au logement aux personnes en situ ation de handicap\nAides financi\u00e8res en faveur de la construction et d e la r\u00e9habilitation de logements publics \u00e0 loyer mo d\u00e9r\u00e9 (hlm,\nlogements communaux...)\nAide financi\u00e8re \u00e0 l'accession \u00e0 la propri\u00e9t\u00e9 pour l es m\u00e9nages \u00e0 ressources modestes, r\u00e9pondant aux pla fonds de\nressources du Pr\u00eat \u00e0 taux z\u00e9ro (subventions, compl\u00e9 ments au pr\u00eat \u00e0 taux 0 ....)\nEn lien avec la politique de la ville\u00a0: \noElaboration du diagnostic du territoire et d\u00e9finiti on des orientations du contrat de ville \noSoutien ou financement d'\u00e9tudes pr\u00e9-op\u00e9rationnelles  en lien avec l'am\u00e9lioration de l'habitat et la\nrecherche de mixit\u00e9 sociale (immeubles et \u00eelots d\u00e9g rad\u00e9s d'habitat priv\u00e9, r\u00e9habilitation d'ensemble de\nlogements sociaux, densification progressive de l'h abitat,\u2026)\noFinancement  d'\u00e9tudes  g\u00e9n\u00e9ralistes  sur  le  logement  ( la  connaissance  du  march\u00e9  r\u00e9sidentiel,  le\nd\u00e9veloppement du logement social, un meilleur \u00e9quil ibre de peuplement dans une recherche d'une\nplus grande mixit\u00e9 sociale, etc...)\noAnimation et coordination des dispositifs contractu els de la politique de la ville en lien avec l'habi tat\noAides financi\u00e8res en faveur de la cr\u00e9ation de logem ents d'urgence ou temporaire\n> Assainissement\n> Action sociale d'int\u00e9r\u00eat communautaire\nPrise en charge des contingents d'aide sociale des communes adh\u00e9rentes \nCentre local d'information et de coordination g\u00e9ron tologique (CLIC) \nSoutien aux activit\u00e9s qui tendent \u00e0 lutter contre l 'exclusion et \u00e0 favoriser l'insertion sociale et \u00e9c onomique des\npersonnes d\u00e9favoris\u00e9es par une contribution financi \u00e8re aux associations \u0153uvrant dans ce domaine\n3 - G roupe des com p\u00e9tences suppl\u00e9m entaires\nProtection et mise en valeur de l'environnement\u00a0:\noPr\u00e9servation de la qualit\u00e9 des eaux dans le cadre d e sch\u00e9mas d'organisation des comp\u00e9tences locales de\nl'eau (SOCLE) que la Communaut\u00e9 de communes aura ap prouv\u00e9s.\nAssistance technique et conseils aux communes membr es en mati\u00e8re d'urbanisme \nSTATUTS 3\n09 - DIRECTION DE LA CITOYENNETE ET DE LA LEGALITE - 09-2024-10-09-00002 - Arr\u00eat\u00e9 pr\u00e9fectoral portant modification des statuts\nde la communaut\u00e9 de communes des Portes d'Ari\u00e8ge Pyr\u00e9n\u00e9es 6\nAm\u00e9nagement et exploitation de l'a\u00e9rodrome d'int\u00e9r\u00ea t d\u00e9partemental de Pamiers \u2013 Les Pujols \nAccueil des jeunes enfants en ce compris cr\u00e9ation, gestion et entretien des \u00e9tablissements d'accueil d u jeune\nenfant de 0 \u00e0 6 ans \u00e0 l'exclusion des structures d' accueils de loisirs et des accueils associ\u00e9s \u00e0 l'\u00e9c ole\u00a0\nD\u00e9finition, coordination et animation d'une politiq ue communautaire de d\u00e9veloppement culturel int\u00e9gran t\u00a0:\nla lecture publique, l'action culturelle et le patr imoine\u00a0:\noSoutenir la  diffusion,  l'\u00e9ducation,  les  animations  culturelles et artistiques  ainsi  que la pratique de  la\nmusique et la lecture publique sur le territoire de  la Communaut\u00e9 de Communes, en assurant une coh\u00e9ren ce\net une lisibilit\u00e9 de l'offre culturelle\noInventaire du patrimoine, actions de valorisation, de sensibilisation au patrimoine\nAcquisition et mise \u00e0 disposition des communes ou d es associations de moyens et mat\u00e9riels communautair es\npour l'organisation de manifestations ou d'activit\u00e9 s culturelles, sportives ou \u00e9ducatives \nPrise en compte des contingents d'incendie et de se cours des communes adh\u00e9rentes \nArticle 5  \u00a0   : COMPOSITION DU BUREAU COMMUNAUTAIRE  \nLe Bureau sera compos\u00e9 de la fa\u00e7on suivante:\nLe (la) Pr\u00e9sident(e) de la communaut\u00e9 de communes d es Portes d'Ari\u00e8ge Pyr\u00e9n\u00e9es\nDes vice-pr\u00e9sident(e)s \u00e9lu(e)s par le Conseil de Co mmunaut\u00e9, parmi les Conseillers communautaires titu laires \noDont le nombre sera fix\u00e9 par d\u00e9lib\u00e9ration du consei l communautaire, dans les conditions fix\u00e9es \u00e0 l'art icle\nL.5211-10 du Code G\u00e9n\u00e9ral des Collectivit\u00e9s Territo riales\noDont la r\u00e9partition sera la suivante\u00a0: \n1/3 des vice-pr\u00e9sident(e)s issu(e)s de la commune d e Pamiers, \n1/3 des vice-pr\u00e9sident(e)s issu(e)s des communes de  1.000 \u00e0 10.000 habitants, parmi lesquels, si le\nnombre de vice-pr\u00e9sident(e)s le permet, 1 vice-pr\u00e9s ident(e) issu(e) de la commune de Saverdun, 1\nvice-pr\u00e9sident(e) issu(e) de la commune de Maz\u00e8res,  1 vice-pr\u00e9sident(e) issu(e) de la commune de\nLa-Tour-du-Crieu, 1 vice-pr\u00e9sident(e) issu(e) de la  commune de Saint-Jean-du-Falga\n1/3 des vices-pr\u00e9sident(e)s issu(e)s des communes d e moins de 1.000 habitants. \nVu pour \u00eatre annex\u00e9 \u00e0 mon arr\u00eat\u00e9 en date du :\nFoix, le 9 octobre 2024\nPour le pr\u00e9fet et par d\u00e9l\u00e9gaon,\nLe secr\u00e9taire g\u00e9n\u00e9ral,\nSign\u00e9 : Jean-Philippe DARGENT\nSTATUTS 4\n09 - DIRECTION DE LA CITOYENNETE ET DE LA LEGALITE - 09-2024-10-09-00002 - Arr\u00eat\u00e9 pr\u00e9fectoral portant modification des statuts\nde la communaut\u00e9 de communes des Portes d'Ari\u00e8ge Pyr\u00e9n\u00e9es 7\n| CABINET\nPREFET  DIRECTION  DES  SECURITES\n~ Bureau  de la s\u00e9curit\u00e9  int\u00e9rieureDE L'ARIEGE\nLibert\u00e9\nEgalit\u00e9\nFraternit\u00e9\nArr\u00eat\u00e9  pr\u00e9fectoral  autorisant  la captation,  l'enregistrement  et la transmission\nd'images  au moyen  de cam\u00e9ras  install\u00e9es  sur  des  a\u00e9ronefs\nLe pr\u00e9fet  de l'Ari\u00e8ge\nVu le code  de la s\u00e9curit\u00e9  int\u00e9rieure  et notamment  ses articles  L. 242-1  aL.  242-8  et R. 242-8  \u00e0 R. 242-\n14;\nVu le d\u00e9cret  n\u00b0 2004-374  du 29 avril  2004  relatif  aux  pouvoirs  des  pr\u00e9fets,  \u00e0 l'organisation  et \u00e0\nl'action  des services  de l'\u00c9tat  dans  les r\u00e9gions  et d\u00e9partements  ;\nVu le d\u00e9cret  du Pr\u00e9sident  de la R\u00e9publique  du 13 juillet  2023,  nommant  Monsieur  Simon  BERTOUX\nen qualit\u00e9  de pr\u00e9fet  de l'Ari\u00e8ge  ;\nVu l'arr\u00eat\u00e9  du ministre  de l'Int\u00e9rieur  et des  outre-mer,  en date  du 19 avril  2023  relatif  au nombre\nmaximal  de cam\u00e9ras  install\u00e9es  sur des  a\u00e9ronefs  pouvant  \u00eatre  simultan\u00e9ment  utilis\u00e9es  dans  chaque\nd\u00e9partement  et collectivit\u00e9  d'outre-mer  ;\nVu l'arr\u00eat\u00e9  pr\u00e9fectoral  du 21 juin  2024  portant  d\u00e9l\u00e9gation  de signature  \u00e0 Madame  Delphine\nLEMAIRE,  sous-pr\u00e9f\u00e8te,  directrice  de cabinet  de la pr\u00e9fecture  de l'Ari\u00e8ge  ; :\nVu la demande  en date  du 06 septembre  2024  du directeur  r\u00e9gional  des  douanes  \u00e0 Toulouse,  visant\n\u00e0 obtenir  l'autorisation  de capter  des  images  au moyen  de 3 drones  \u00e0 voilure  tournante,  de type\nMAVIC  30T  et MAVIC  3, \u00e9quip\u00e9s  chacun  d'une  cam\u00e9ra,  aux  fins  d'assurer  la pr\u00e9vention  des\nmouvements  transfrontaliers  de marchandises  prohib\u00e9es  et de tabac,  et de surveiller  les fronti\u00e8res\nen vue  de lutter  contre  leur  franchissement  irr\u00e9gulier  ;\nConsid\u00e9rant  que  le II. de l'article  L. 242-5  du Code  de la s\u00e9curit\u00e9  int\u00e9rieure  susvis\u00e9  permet  aux\nagents  des  douanes,  dans  l'exercice  de leurs  missions  de pr\u00e9vention  des  mouvements\ntransfrontaliers  de marchandises  prohib\u00e9s  et de tabac,  de proc\u00e9der  \u00e0 la captation,  \u00e0\nl'enregistrement  et \u00e0 la transmission  d'images  au moyen  de cam\u00e9ras  install\u00e9es  sur des  a\u00e9ronefs  ;\nConsid\u00e9rant  que  le d\u00e9partement  de l'Ari\u00e8ge  est expos\u00e9,  de par  sa configuration  territoriale\ntransfrontali\u00e8re,  \u00e0 de nombreux  mouvements  transfrontaliers  de marchandises  prohib\u00e9es  et\nnotamment  de tabac  en provenance  de la principaut\u00e9  d'Andorre  ;\nConsid\u00e9rant  que  des  op\u00e9rations  de surveillance  des  fronti\u00e8res  et de pr\u00e9vention  des  trafics  se\nd\u00e9rouleront  ponctuellement  pendant  une  dur\u00e9e  d'un  mois  sur l'axe  de la RN20,  la RN22  et sur le\nterritoire  des  communes  de |'Hospitalet-pr\u00e9s-l''Andorre,  M\u00e9rens-les-Vals,  Luzenac,  Unac,  Perles-et-\nCastelet,  Tignac,  Vaychis,  Caussou  et Savignac-les-Ormeaux  ;\nConsid\u00e9rant  que  l'usage  de drones  a voilure  tournante  \u00e9quip\u00e9s  de cam\u00e9ras  est absolument\nn\u00e9cessaire  et adapt\u00e9  au regard  de la surface  \u00e0 couvrir  et de la topographie  en milieu  montagneux  ;\nqu'il  n'existe  pas  de dispositif  moins  intrusif  pour  parvenir  aux  m\u00eame  fins  ;\n2 rue de la Pr\u00e9fecture  - Pr\u00e9fet  Claude  - Erignac  B.P. 40087  - 09007  Foix  Cedex  - T\u00e9l : 05 61 02 10 00\nSite  internet  : www.ariege.gouv.fr\n09 - PREFECTURE - DIRECTION DU CABINET - 09-2024-10-09-00001 - 20241009 AP autorisation drones douanes -octobre 8\nSur  proposition  de la directrice  de cabinet  du pr\u00e9fet  de l'Ari\u00e8ge  ;\nARRETE\nArticle  1:\nLa captation,  l'enregistrement  et la transmission  d'images  par  la division  des  douanes  de Toulouse\nsont  autoris\u00e9s  au titre  de leurs  missions  de pr\u00e9vention  des  mouvements  transfrontaliers  de toute\nmarchandise  prohib\u00e9e  par  le Code  des  douanes  et de surveillance  de la fronti\u00e8re  entre  la France  et\nla principaut\u00e9  d'Andorre.\nArticle  2 :\nLe nombre  maximal  de cam\u00e9ras  pouvant  proc\u00e9der  simultan\u00e9ment  aux  traitements  mentionn\u00e9s  \u00e0\nl'article  1% est fix\u00e9  \u00e0 3 cam\u00e9ras,  chacune  install\u00e9e  sur un drone  \u00e0 voilure  tournante  de type  MAVIC\n30T  ou MAVIC  3.\nArticle  3 :\nLa pr\u00e9sente  autorisation  est limit\u00e9e  au p\u00e9rim\u00e8tre  g\u00e9ographique  de la RN20,  la RN22  et du territoire\ndes  communes  de l'Hospitalet-pr\u00e8s-l'Andorre,  M\u00e9rens-les-Vals,  Luzenac,  Unac,  Perles-et-Castelet,\nTignac,  Vaychis,  Caussou  et Savignac-les-Ormeaux.\nArticle  4:\nLa pr\u00e9sente  autorisation  est d\u00e9livr\u00e9e  pour  une  dur\u00e9e  d'un  mois  \u00e0 compter  de la date  de signature\ndu pr\u00e9sent  arr\u00e9t\u00e9.\nArticle  5:\nL'information  du public  ne sera  pas  assur\u00e9e  du fait  de la contradiction  avec  les objectifs  poursuivis\npar  les op\u00e9rations,  en application  de l'article  R. 242-13  du Code  de la s\u00e9curit\u00e9  int\u00e9rieure  susvis\u00e9.\nArticle  6 :\nLe registre  mentionn\u00e9  \u00e0 l'article  L. 242-4  du Code  de la s\u00e9curit\u00e9  int\u00e9rieure  est transmis  au\nrepr\u00e9sentant  de l'\u00c9tat  dans  le d\u00e9partement  \u00e0 l'issue  de chaque  op\u00e9ration.\nArticle  7 :\nLe pr\u00e9sent  arr\u00eat\u00e9  est publi\u00e9  au recueil  des  actes  administratifs  de la pr\u00e9fecture  et peut  faire  l'objet\nd'un  recours  devant  le tribunal  administratif  de Toulouse  dans  un d\u00e9lai  de deux  mois  \u00e0 compter  de\nsa publication.\nArticle  8 :\nLa directrice  de cabinet  de la pr\u00e9fecture  de l'Ari\u00e8ge  et le directeur  r\u00e9gional  des  douanes  de\nToulouse  sont  charg\u00e9s,  chacun  en ce qui  le concerne,  de l'ex\u00e9cution  du pr\u00e9sent  arr\u00eat\u00e9.\nFait  \u00e0 Foix,  le (9  OCT,  2024\nPour  le pr\u00e9fet  et par  d\u00e9l\u00e9gation,\nla directrice  de cabinet,\n=  \u2014\u2014\nDelphine  LEMAIRE\n09 - PREFECTURE - DIRECTION DU CABINET - 09-2024-10-09-00001 - 20241009 AP autorisation drones douanes -octobre 9\nEn\nPR\u00c9FET  _\nDE L'ARI\u00c8GE\nLibert\u00e9\nEgalit\u00e9\nFraternit\u00e9\nDIRECTION D\u00c9PARTEMENTALE DES TERRITOIRES\nService connaissance et animation territoriales\nArr\u00eat\u00e9 pr\u00e9fectoral portant r\u00e9glementation\nde la circulation sur l'autoroute A66\nLe pr\u00e9fet de l'Ari\u00e8ge\nVule d\u00e9cret n\u00b0 2004-374 du 29 avril 2004 relatif aux pouvoirs des Pr\u00e9fets et \u00e0 l'action des services et\norganismes publics de l'\u00c9tat dans les d\u00e9partements  ; \nVule Code G\u00e9n\u00e9ral des Collectivit\u00e9s Territoriales  ; \nVule Code de la Route  ; \nVule Code de la Voirie Routi\u00e8re  ; \nVule Code P\u00e9nal ; \nVul'instruction interminist\u00e9rielle sur la signalisation routi\u00e8re et autorouti\u00e8re en vigueur  ;\nVule d\u00e9cret du 7 f\u00e9vrier 1992 approuvant la convention pass\u00e9e entre l'\u00c9tat et la soci\u00e9t\u00e9 Autoroutes\ndu  Sud  de  la  France  en  vue  de  la  concession  de  la  construction,  de  l'entretien  et  de\nl'exploitation  d'autoroutes  ;  et  ensemble  les  d\u00e9crets  des  10  mai 1996,  18 novembre 1997 ,\n26 d\u00e9cembre 1997 ,  29 d\u00e9cembre 1997 ,  30 d\u00e9cembre 2000,  30 novembre 2001,  29 juillet 2004,\n15 mai 2007  et  22 mars 2010  approuvant  les  avenants  \u00e0  cette  convention  et  au  cahier  des\ncharges annex\u00e9 ; \nVul'arr\u00eat\u00e9 pr\u00e9fectoral en date du 21 f\u00e9vrier 2002 portant r\u00e9glementation de la circulation sous\nchantier sur les autoroutes dans la travers\u00e9e du d\u00e9partement de l'Ari\u00e8ge  ; \nVul'arr\u00eat\u00e9 pr\u00e9fectoral portant r\u00e9glementation de la police sur les autoroutes dans la travers\u00e9e du\nd\u00e9partement de l'Ari\u00e8ge ;\nVul'arr\u00eat\u00e9 pr\u00e9fectoral en date du 17 ao\u00fbt 2001 donnant une autorisation sp\u00e9ciale de circulation sur\nautoroute pour le personnel et les mat\u00e9riels non immatricul\u00e9s ou non motoris\u00e9s pour y circuler  ;\nVula circulaire n\u00b096-14 du 6 f\u00e9vrier 1996 relative \u00e0 l'exploitation sous chantier  ; \nVula circulaire des jours hors chantiers pour l'ann\u00e9e 2024,\nVula  demande  d'arr\u00eat\u00e9  \u00e9tablie  par  la  soci\u00e9t\u00e9  ASF  VINCI  Autoroutes,  Direction  r\u00e9gionale\nd'exploitation Aquitaine Midi-Pyr\u00e9n\u00e9es en date du 31 octobre 2023  ;\nVul'avis favorable de la mairie de Pamiers formul\u00e9 en date du 27 septembre 2024  ;\nVul'avis favorable du district sud de la DIR Sud-Ouest formul\u00e9 en date du 3 octobre 2024  ;\nConsid\u00e9rant qu'il importe d'assurer la s\u00e9curit\u00e9 des automobilistes de l'autoroute ainsi que celle des\nagents d'ASF VINCI Autoroutes et des entreprises charg\u00e9es de l'ex\u00e9cution des travaux  ;\nSur proposition des ASF VINCI Autoroutes,\n10 rue des Salenques \u2013 BP 10102 - 09007 FOIX CEDEX\nT\u00e9l\u00e9phone : 05 61 02 47 00 / m\u00e9l : ddt@ariege.gouv.fr\nSite internet :   www.ariege.gouv.fr  \n09 - PREFECTURE DE L'ARIEGE - DIRECTION DE LA COORDINATION INTERMINISTERIELLE ET DE L'APPUI TERRITORIAL -\n09-2024-10-10-00002 - 2024 10-10 AT 2024 ASF A66 Refection enrobes Echangeurs 3 4-1 10\nA R R \u00ca T E\nArticle 1 - NATURE, DUREE ET LIEU DES TRAVAUX\nLa soci\u00e9t\u00e9 ASF VINCI Autoroutes doit effectuer des travaux de r\u00e9fection des enrob\u00e9s de l'A66\nentre les \u00e9changeurs de Pamiers Z.a de Pic n\u00b04 et Pamiers Nord n\u00b03 en direction de Toulouse.\nIls entra\u00eeneront la fermeture de la section d'autoroute A66 entre les \u00e9changeurs de Pamiers Z.a\nde Pic n\u00b04  et  Pamiers Nord  n\u00b03  en  direction  de Toulouse ainsi que la  bretelle d'entr\u00e9e de\nl'\u00e9changeur n\u00b04b en direction de Toulouse du jeudi 10 octobre 2024 \u00e0 8h au vendredi 11 octobre\n2024 \u00e0 19h.\nEn cas de probl\u00e8mes techniques ou de conditions m\u00e9t\u00e9orologiques d\u00e9favorables, les fermetures\npourront \u00eatre report\u00e9es sur la journ\u00e9e du vendredi 11 octobre, ou du lundi 14 octobre 2024 au\nvendredi 18 octobre 2024 dans les m\u00eames conditions d'exploitation.\nArticle 2 - RESTRICTIONS\n\u2714Fermeture de la section  Pamiers Z.a de Pic n\u00b04 et Pamiers Nord n\u00b03: \n\u2022 Les automobilistes circulant sur la N20/A66 en direction Toulouse, seront d\u00e9vi\u00e9s par\nune sortie obligatoire au niveau de l'\u00e9changeur 4a ZA de Pic pour emprunter la RN 20\njusqu'\u00e0 l'\u00e9changeur n\u00b03 Pamiers Nord.\n\u2714Fermeture des bretelles d'entr\u00e9es des \u00e9changeurs n\u00b04b Pamiers-Sud en direction de\nToulouse :\n\u2022 Les automobilistes souhaitant emprunter l'autoroute A66 au niveau de l'\u00e9changeur\n4b Pamiers ZA de Pic en direction de Toulouse seront d\u00e9vi\u00e9s par la RN 20 jusqu'\u00e0\nl'\u00e9changeur n\u00b03 Pamiers Nord.\nArticle 3 - DEROGATIONS\nCes travaux ne seront pas soumis aux dispositions de l'arr\u00eat\u00e9 pr\u00e9fectoral portant r\u00e9glementation\nde la circulation sous chantier sur l'autoroute A66 dans la travers\u00e9e du d\u00e9partement de l'Ari\u00e8ge\nen date du 21 f\u00e9vrier 2002 concernant :\n\u2022L'article 1-1 D\u00e9viations  ;\n\u2022L'article 1-8 Interdistance entre chantiers courants.\nArticle 4 - SIGNALISATION ET PROTECTION DU CHANTIER\nLa signalisation de chantier aff\u00e9rente aux travaux d\u00e9finis ci-dessus sera mise en place par la\nsoci\u00e9t\u00e9 ASF VINCI Autoroutes (district Midi Toulousain, centre d'entretien de Villefranche-de-\nLauragais).\nAfin d'assurer la s\u00e9curit\u00e9 des automobilistes, tout compl\u00e9ment ou modificatif de la signalisation\ntemporaire initialement pr\u00e9vue pourra \u00eatre apport\u00e9 en accord avec les services de gendarmerie\net autres services charg\u00e9s de la circulation.\nArticle 5\nLes services de la soci\u00e9t\u00e9 ASF VINCI Autoroutes informent pr\u00e9alablement les forces de l'ordre\nd'une intervention programm\u00e9e susceptible d'entra\u00eener le ralentissement du trafic, voire son\narr\u00eat momentan\u00e9 (exemples  : basculement de circulation, pose d'une sortie obligatoire).\nLe ralentissement, l'arr\u00eat de la circulation ou la mise en place d'une sortie obligatoire pour la\nmise  en  \u0153uvre  de  la  signalisation  temporaire  est  r\u00e9alis\u00e9  par  les  forces  de  l'ordre.  En  cas\nd'absence exceptionnelle de celles-ci, la soci\u00e9t\u00e9 ASF Vinci Autoroutes est autoris\u00e9e \u00e0 r\u00e9aliser\ncette intervention.\n209 - PREFECTURE DE L'ARIEGE - DIRECTION DE LA COORDINATION INTERMINISTERIELLE ET DE L'APPUI TERRITORIAL -\n09-2024-10-10-00002 - 2024 10-10 AT 2024 ASF A66 Refection enrobes Echangeurs 3 4-1 11\nXY\nArticle 6 \u2013 INFRACTIONS\nToute infraction aux dispositions du pr\u00e9sent arr\u00eat\u00e9 sera constat\u00e9e et poursuivie conform\u00e9ment\naux lois et r\u00e8glements en vigueur.\nArticle 7 - DIFFUSION ET EXECUTION\nLe  secr\u00e9taire  g\u00e9n\u00e9ral  de  la  pr\u00e9fecture  de  l'Ari\u00e8ge,  le  commandant  du  groupement  de\ngendarmerie de l'Ari\u00e8ge, le directeur d\u00e9partemental de la police nationale, le directeur de ASF\nVINCI Autoroutes  district  Midi  Toulousain  sont  charg\u00e9s,  chacun  en  ce  qui  le concerne,  de\nl'ex\u00e9cution du pr\u00e9sent arr\u00eat\u00e9, qui sera publi\u00e9 au recueil d\u00e9partemental des actes administratifs.\nFait \u00e0 Foix, le 10 octobre 2024\nPour le pr\u00e9fet et par d\u00e9l\u00e9gation,\nLe chef de la cellule \u00e9ducation s\u00e9curit\u00e9 routi\u00e8re\nAlfred GOMEZ\n309 - PREFECTURE DE L'ARIEGE - DIRECTION DE LA COORDINATION INTERMINISTERIELLE ET DE L'APPUI TERRITORIAL -\n09-2024-10-10-00002 - 2024 10-10 AT 2024 ASF A66 Refection enrobes Echangeurs 3 4-1 12\nEs\nPREFET  |\nDE L'ARI\u00c8GE\nLibert\u00e9\nEgalit\u00e9\nFraternit\u00e9\nPR\u00c9FECTURE\nDirection de la citoyennet\u00e9 et de la l\u00e9galit\u00e9\nBureau des migrations et de l'int\u00e9gration\nFoix, le 12 septembre 2024\nLe pr\u00e9fet de l'Ari\u00e8ge\nVu le code de l'entr\u00e9e et du s\u00e9jour des \u00e9trangers e t du droit d'asile, et notamment l'article L. 632-1\nVu les d\u00e9signations des membres si\u00e9geant \u00e0 la commission d'e xpulsion propos\u00e9es par la pr\u00e9sidente du\ntribunal administratif de Toulouse et par la pr\u00e9sid ente du tribunal judiciaire de Foix ;\nA R R \u00ca T E\nArticle 1  : La commission d'expulsion du d\u00e9partement de l'Ar i\u00e8ge est compos\u00e9e des membres suivants :\n- Monsieur Vincent ANIERE, vice-pr\u00e9sident du tribunal judi ciaire de Foix, magistrat d\u00e9l\u00e9gu\u00e9 par la\npr\u00e9sidente du tribunal, en qualit\u00e9 de pr\u00e9sident de la commis sion (magistrate suppl\u00e9ante d\u00e9l\u00e9gu\u00e9e :\nMadame Domitille HOFFNER, vice-pr\u00e9sidente du tribun al judiciaire) ;\n- Madame Sun-Yung LAZARE, magistrat d\u00e9sign\u00e9 par l'assembl\u00e9 e g\u00e9n\u00e9rale du tribunal judiciaire de Foix\n(magistrate suppl\u00e9ante d\u00e9sign\u00e9 : Madame Pauline CHA ULET) ;\n- Madame Ana\u00efs LEQUEUX, conseill\u00e8re d\u00e9sign\u00e9e par la pr\u00e9side nte du tribunal administratif de Toulouse,\nen qualit\u00e9 de membre titulaire de la commission (su ppl\u00e9ant : Monsieur Michel BERNOS) ;\nArticle 2     :   L'arr\u00eat\u00e9 pr\u00e9fectoral portant nomination des membres de la c ommission d\u00e9partementale\nd'expulsion de l'Ari\u00e8ge du 22 juillet 2024 est abro g\u00e9.\nArticle 3 : Le secr\u00e9taire g\u00e9n\u00e9ral de la pr\u00e9fecture de l'Ari\u00e8ge est char g\u00e9 de l'ex\u00e9cution du pr\u00e9sent arr\u00eat\u00e9\nqui sera publi\u00e9 au recueil des actes administratifs  de la pr\u00e9fecture.\nLe pr\u00e9fet,\nSign\u00e9\nSimon BERTOUX\n2 rue de la Pr\u00e9fecture - Pr\u00e9fet Claude - Erignac B. P . 40087 - 09007 Foix Cedex \u2013 T\u00e9l : 05 61 02 10 00\nSite internet : www.ariege.gouv.fr09 - PREFECTURE DE L'ARIEGE - DIRECTION DE LA COORDINATION INTERMINISTERIELLE ET DE L'APPUI TERRITORIAL -\n09-2024-10-12-00001 - Arr\u00eat\u00e9 pr\u00e9fectoral de composition de la COMEX 13\n| = DIRECTION  DEPARTEMENTALE\nPRE  FET  | DE L'EMPLOI,  DU TRAVAIL,  DES SOLIDARIT\u00c9S\nDE  L'ARI\u00c8GE  ET DE LA PROTECTION  DES  POPULATIONS\nLibert\u00e9\n\u00c9galit\u00e9\nFraternit\u00e9\nArr\u00eat\u00e9  pr\u00e9fectoral  portant  composition  et r\u00e9partition  des  voix\nau sein  du Comit\u00e9  D\u00e9partemental  pour  l'Emploi\nLe pr\u00e9fet  de l'Ari\u00e8ge\nVu le code  du travail,  notamment  ses articles  L. 5311-10,  R. 5311-24  et R. 5311-38,\nSur proposition  du secr\u00e9taire  g\u00e9n\u00e9ral  de la pr\u00e9fecture,\nARR\u00caTE\nArticle  1 :\nLe Comit\u00e9  D\u00e9partemental  pour  l'Emploi  comprend,  outre  ses pr\u00e9sidents  et les membres  mentionn\u00e9s\naux  7\u00b0 \u00e0 9\u00b0 de l'article  R. 5311-23  du code  du travail,  26 membres  r\u00e9partis  de la fa\u00e7on  suivante  :\n1\u00b0 - Trois  repr\u00e9sentants  de l'\u00c9tat,  disposant  de 14 voix  au total  ;\n2\u00b0 - Trois  repr\u00e9sentants  de la R\u00e9gion,  disposant  chacun  de une voix,  soit un total  de 3 voix au total  ;\n3\u00b0 - Quatre  repr\u00e9sentants  du D\u00e9partement,  disposant  de 7 voix  au total  ;\n4\u00b0 - Cinq  repr\u00e9sentants  des  communes  du d\u00e9partement  et leurs  groupements,  disposant  de 4 voix  au\ntotal  ;\n5\u00b0 - Cing  repr\u00e9sentants  des  organisations  syndicales  de salari\u00e9s  repr\u00e9sentatives  au niveau  national  et\ninterprofessionnel,  disposant  7 voix  au total,  ainsi  r\u00e9partis  :\na) Un repr\u00e9sentant  de la Conf\u00e9d\u00e9ration  fran\u00e7aise  d\u00e9mocratique  du travail  (CFDT),  disposant  de\n2 voix  ; |\nb) Un repr\u00e9sentant  de la Conf\u00e9d\u00e9ration  g\u00e9n\u00e9rale  du travail  (CGT),  disposant  de 2 voix;\nc) Un repr\u00e9sentant  de la Conf\u00e9d\u00e9ration  g\u00e9n\u00e9rale  du travail-Force  ouvri\u00e8re  (CGT-FO),  disposant\nde 1 voix;\nd) Un repr\u00e9sentant  de la Conf\u00e9d\u00e9ration  fran\u00e7aise  de l'encadrement-Conf\u00e9d\u00e9ration  g\u00e9n\u00e9rale\ndes  cadres  (CFE-CGC),  disposant  de 1 voix  ;\ne) Un repr\u00e9sentant  de la Conf\u00e9d\u00e9ration  fran\u00e7aise  des  travailleurs  chr\u00e9tiens  (CFTC),  disposant  de\n1 VOIX;\n9, rue du Lieutenant  Paul  Delpech  - 09000  Foix  Cedex  - T\u00e9l : 05 61 02 43 00\nSite  internet  : www.ariege.gouv.fr\n09 -DIRECTION DEPARTEMENTALE DE L' EMPLOI, DU TRAVAIL, DES SOLIDARITES ET DE LA PROTECTION DES POPULATIONS -\nSERVICE ACCES ET RETOUR A L'EMPLOI - 09-2024-10-03-00002 - Arr\u00eat\u00e9 pr\u00e9fectoral portant composition et r\u00e9partition des voix au sein\ndu Comit\u00e9 d\u00e9partemental pour l'emploi.14\n6\u00b0 - Trois  repr\u00e9sentants  des organisations  professionnelles  d'employeurs  repr\u00e9sentatives  au niveau\nnational  et interprofessionnel,  disposant  de 7 voix  au total,  ainsi  r\u00e9partis  :\na) Un repr\u00e9sentant  du Mouvement  des entreprises  de France  (MEDEF),  disposant  de 4 voix  ;\nb) Un repr\u00e9sentant  de la Conf\u00e9d\u00e9ration  des petites  et moyennes  entreprises  (CPME),  disposant\nde 2 voix;  .\nc) Un repr\u00e9sentant  de l'Union  des entreprises  de proximit\u00e9  (U2P),  disposant  de 1 voix  ;\n7\u00b0 - Trois  repr\u00e9sentants  des organisations  professionnelles  d'employeurs  repr\u00e9sentatives  au niveau\nnational  et multi  professionnel,  ainsi  r\u00e9partis  :\na) Un repr\u00e9sentant  de l'Union  des employeurs  de l'\u00e9conomie  sociale  et solidaire  (UDES)  ;\nb) Un repr\u00e9sentant  de la F\u00e9d\u00e9ration  nationale  des syndicats  d'exploitants  agricoles  (FNSEA)  ;\nc) Un repr\u00e9sentant  de la F\u00e9d\u00e9ration  des entreprises  du spectacle  vivants,  de la musique,  de\nl'audiovisuel  et du cin\u00e9ma  (FESAC).\nArticle  2:\nLe secr\u00e9taire  g\u00e9n\u00e9ral  de la pr\u00e9fecture  et le directeur  d\u00e9partemental  de l'emploi,  du travail,  des\nsolidarit\u00e9s  et de la protection  des populations,  sont  charg\u00e9s  de l'ex\u00e9cution  du pr\u00e9sent  arr\u00eat\u00e9  qui sera\npubli\u00e9  au recueil  des actes  administratifs  de la pr\u00e9fecture  de l'Ari\u00e8ge.\nFait \u00e0 Foix, le | TM 3 oct. 2024\nLe pr\u00e9fet\nSIMON BE RTOUX\n09 -DIRECTION DEPARTEMENTALE DE L' EMPLOI, DU TRAVAIL, DES SOLIDARITES ET DE LA PROTECTION DES POPULATIONS -\nSERVICE ACCES ET RETOUR A L'EMPLOI - 09-2024-10-03-00002 - Arr\u00eat\u00e9 pr\u00e9fectoral portant composition et r\u00e9partition des voix au sein\ndu Comit\u00e9 d\u00e9partemental pour l'emploi.15\n| DIRECTION  DEPARTEMENTALE\nPRE  FET  . . DE L'EMPLOI,  DU TRAVAIL,  DES  SOLIDARITES\nDE  L'ARI\u00c8GE  ; ET DE LA PROTECTION  DES  POPULATIONS\nLibert\u00e9  . .\n\u00c9galit\u00e9\nFraternit\u00e9\nArr\u00eat\u00e9  pr\u00e9fectoral  portant  nomination  au sein  du Comit\u00e9  D\u00e9partemental  pour  l'Emploi\nLe pr\u00e9fet  de l'Ari\u00e8ge\nVu le code  des relations  entre  le public  et l'administration,  notamment  son article  L. 411-2  ;\nVu le code  du travail,  notamment  ses articles  L. 5311-10,  R. 5311-23,  R. 5311-24  et R. 5311-36  ;\nVu l'arr\u00eat\u00e9  pr\u00e9fectoral  du 3 cotobre  2024  portant  composition  et r\u00e9partition  des  voix  au sein  du\nComit\u00e9  D\u00e9partemental  pour  l'Emploi  ;\nSur proposition  du secr\u00e9taire  g\u00e9n\u00e9ral  de la pr\u00e9fecture,\nARR\u00caTE\nArticle  1 :\nSont nomm\u00e9s  membres  du Comit\u00e9  D\u00e9partemental  pour l'Emploi  :\n1\u00b0 En qualit\u00e9  de repr\u00e9sentants  de l'\u00c9tat : |\n- Monsieur  PUJOL  Fr\u00e9d\u00e9ric,  directeur  de la DDETSPP,  titulaire  ;\n- Monsieur  MAISSONNIER  Joan,  directeur  adjoint  de la DDETSPP,  suppl\u00e9ant  ;\n- Madame  MORANDEIRA  Anne,  Service  Acc\u00e8s  et Retour  \u00e0 l'Emploi-DDETSPP,  titulaire  ;\n- Monsieur  REYNES  Alain,  Service  Acc\u00e8s  et Retour  \u00e0 l'Emploi-DDETSPP,  suppl\u00e9ant  ;\n- Madame  DESCAT  Sophie,  DRH  de proximit\u00e9  de la DSDEN,  titulaire  ;\n- Monsieur  AZEMA  J\u00e9r\u00f4me,  superviseur  du Bureau  des Entreprises,  suppl\u00e9ant  ;\n9 rue du lieutenant  Paul  Delpech  \u2014 09000  FOIX\nSite  internet  : www.ariege.gouv.fr\n09 -DIRECTION DEPARTEMENTALE DE L' EMPLOI, DU TRAVAIL, DES SOLIDARITES ET DE LA PROTECTION DES POPULATIONS -\nSERVICE ACCES ET RETOUR A L'EMPLOI - 09-2024-10-03-00001 - Arr\u00eat\u00e9 pr\u00e9fectoral portant nomination au sein du Comit\u00e9\nd\u00e9partemental pour l' emploi16\n2\u00b0 En qualit\u00e9  de repr\u00e9sentants  des collectivit\u00e9s  territoriales  :\na) Sur proposition  de la pr\u00e9sidente  du Conseil  r\u00e9gional  :\nMonsieur  CHIBLI  Kamal,  vice-pr\u00e9sident,  titulaire  ;\nMadame  TISNE-VERSAILLES  M\u00e9lanie,  conseill\u00e8re  r\u00e9gionale,  suppl\u00e9ante  ;\nMonsieur  BERMAND  Alexandre,  conseiller  r\u00e9gional,  titulaire  ;\nMadame  CANAL  Pascale,  conseill\u00e8re  r\u00e9gionale,  suppl\u00e9ante  ;\nMadame  PIQUEMAL  Isabelle,  conseill\u00e8re  r\u00e9gionale,  titulaire  ;\nMadame  TEMPESTA  Marie-Caroline,  conseill\u00e8re  r\u00e9gionale,  suppl\u00e9ante  ;\nb) Sur proposition  de la pr\u00e9sidente  du Conseil  d\u00e9partemental  :\nMadame  VILAPLANA  Marie-France  , vice-pr\u00e9sidente  du Conseil  d\u00e9partemental,  titulaire  ;\nMadame  COSTESSEQUE  C\u00e9cile,  directrice  adjointe  Insertion  et Logement  \u00e0 la\nsuppl\u00e9ante  ;\nMonsieur  PICHAN  Michel,  conseiller  d\u00e9partemental,  titulaire  ;\nMonsieur  BERTHET  Julien,  directeur  adjoint  Attractivit\u00e9  et Europe  \u00e0 la DAATE,  suppl\u00e9ant  ;\nMonsieur  SANCHEZ  Marc,  conseiller  d\u00e9partemental,  titulaire  ;\nMadame  GARNIER  Myl\u00e8ne,  chef  de service  Insertion  \u00e0 la DSD,  suppl\u00e9ante  ;\nMonsieur  GUICHOU  Fabien,  conseiller  d\u00e9partemental,  titulaire  ;DSD,\nMonsieur  PICARONIE  Yoann,  chef  de service  Attractivit\u00e9,  Europe  et ESS \u00e0 la DAATE,  suppl\u00e9ant  ;\nc) Sur proposition  de l'association  des  maires  du d\u00e9partement  :\ntitulaire  ;Monsieur  PUJOL  Philippe,  pr\u00e9sident  de la Communaut\u00e9  de communes  du Pays  de Tarascon,\nMonsieur  TOMEO  Alain,  pr\u00e9sident  de la Communaut\u00e9  de communes  du Pays  de Mirepoix,\nsuppl\u00e9ant  ;\nMadame  BARDOU  Michelle,  adjointe  \u00e0 la mairie  de Pamiers,  titulaire  ;\nMadame  MAURAN  Jacqueline,  maire  de Tourtouse,  suppl\u00e9ante  ;\n09 -DIRECTION DEPARTEMENTALE DE L' EMPLOI, DU TRAVAIL, DES SOLIDARITES ET DE LA PROTECTION DES POPULATIONS -\nSERVICE ACCES ET RETOUR A L'EMPLOI - 09-2024-10-03-00001 - Arr\u00eat\u00e9 pr\u00e9fectoral portant nomination au sein du Comit\u00e9\nd\u00e9partemental pour l' emploi17\n- Monsieur  VIGNEAU  Jean-No\u00e9l,  pr\u00e9sident  de la Communaut\u00e9  de communes  de Couserans\nPyr\u00e9n\u00e9es,  titulaire  ;\n- Madame  DEGRAVES  Laurence,  maire  de Brassac,  suppl\u00e9ante  ;\n- Monsieur  MICHAU  Jean-Jacques,  conseiller  municipal  de Moulin-Neuf,  s\u00e9nateur,  titulaire  ;\n- Madame  NENY  Nadine,  maire  de Bonac-lrazein,  suppl\u00e9ante  ;\n3\u00b0 En qualit\u00e9  de repr\u00e9sentants  des organisations  syndicales  repr\u00e9sentatives  au niveau  national  et inter-\nprofessionnel  :\na) Sur proposition  de la Conf\u00e9d\u00e9ration  francaise  d\u00e9mocratique  du travail  (CFDT)  :\n- Monsieur  TORRECILLAS  Jean-Luc  , titulaire  ;\n- Monsieur  PAINDAVOINE  Christophe,  suppl\u00e9ant  ;\nb) Sur proposition  de la Conf\u00e9d\u00e9ration  g\u00e9n\u00e9rale  du travail  (CGT)  :\nAbsence  de d\u00e9signation\nc) Sur proposition  de la Conf\u00e9d\u00e9ration  g\u00e9n\u00e9rale  du travail  - Force  ouvri\u00e8re  (CGT-FO)  :\n- Monsieur  DENJEAN  Denis,  titulaire  ;\n- Monsieur  BLANC  Luc-Olivier,  suppl\u00e9ant  ;\nd) Sur proposition  de la Conf\u00e9d\u00e9ration  fran\u00e7aise  de l'encadrement  - Conf\u00e9d\u00e9ration  g\u00e9n\u00e9rale\ndes  cadres  (CFE-CGC)  :\n- Monsieur  CANCEL  Jean-Marc  , titulaire  ;\n- Monsieur  PAILLET  Eric,  suppl\u00e9ant  ;\ne) Sur proposition  de la Conf\u00e9d\u00e9ration  fran\u00e7aise  des  travailleurs  chr\u00e9tiens  (CFTC)  :\nAbsence  de d\u00e9signation\n4\u00b0 En qualit\u00e9  de repr\u00e9sentants  des organisations  professionnelles  d'employeurs  repr\u00e9sentatives  au\nniveau  national  et interprofessionnel  :\na) Sur proposition  du Mouvement  des  employeurs  de France  (MEDEF)  :\n- Madame  GOUZE-FAURE  Josiane,  titulaire  ;\n- Monsieur  DUTRENOIS  R\u00e9mi,  suppl\u00e9ant  ;\n09 -DIRECTION DEPARTEMENTALE DE L' EMPLOI, DU TRAVAIL, DES SOLIDARITES ET DE LA PROTECTION DES POPULATIONS -\nSERVICE ACCES ET RETOUR A L'EMPLOI - 09-2024-10-03-00001 - Arr\u00eat\u00e9 pr\u00e9fectoral portant nomination au sein du Comit\u00e9\nd\u00e9partemental pour l' emploi18\nb) Sur proposition  de la Conf\u00e9d\u00e9ration  des petites  et moyennes  entreprises  (CPME)  :\n- Madame  SANSONNET  Karine,  titulaire  ;\n- Madame  MARTY  Sabine,  suppl\u00e9ante  ;\n-c) Sur  proposition  de l'Union  des  entreprises  de proximit\u00e9  (U2P)  :\n- Monsieur  SGOBBO  G\u00e9rald,  titulaire  ;\n- Madame  BERTRAND-PUERTAS  Marie-C\u00e9cile,  suppl\u00e9ante  ;\n5\u00b0 En qualit\u00e9  de repr\u00e9sentants  des organisations  professionnelles  d'employeurs  repr\u00e9sentatives  au\nniveau  national  et multi  professionnel  :\na) Sur proposition  de la F\u00e9d\u00e9ration  des  entreprises  du spectacle  vivant,  de la musique,  de l'au-\ndiovisuel  et du cin\u00e9ma  (FESAC)  :\nAbsence  de d\u00e9signation\nb) Sur proposition  de la F\u00e9d\u00e9ration  nationale  des syndicats  d'exploitants  agricoles  (FNSEA)  :\n- Monsieur  MARFAING  Francois,  titulaire  ;\n- Madame  LATRILLE  Anne-Claire  , suppl\u00e9ante  ;\nc) Sur proposition  de l'Union  des employeurs  de l'\u00e9conomie  sociale  et solidaire  (UDES)  :\n- Monsieur  GALTIER  Jean-Pierre,  titulaire.\n6\u00b0 En qualit\u00e9  de repr\u00e9sentant  de la mission  locale  du d\u00e9partement  :\n- Monsieur  RATON  Olivier,  pr\u00e9sident,  titulaire  ;\n- Madame  LEFEBVRE  Sylvie,  directrice,  suppl\u00e9ante  ;\n7\u00b0 En qualit\u00e9  de repr\u00e9sentant  de l'organisme  de placement  sp\u00e9cialis\u00e9  dans  l'insertion  professionnelle\ndes  personnes  en situation  de handicap  du d\u00e9partement  :\n- Monsieur  ALAZET  Gilles,  pr\u00e9sident,  titulaire  ;\n- Madame  DELEGLISE  B\u00e9atrice,  directrice,  suppl\u00e9ante.\nArticle  2:\nChacun  des membres  \u00e9voqu\u00e9s  supra  sont  nomm\u00e9s  pour  trois  ans renouvelables.\nToute  vacance  ou perte  de la qualit\u00e9  au titre  de laquelle  les membres  ont \u00e9t\u00e9 d\u00e9sign\u00e9s  donne  lieu a\nune  nouvelle  d\u00e9signation  pour  la dur\u00e9e  du mandat  restant  \u00e0 courir\n09 -DIRECTION DEPARTEMENTALE DE L' EMPLOI, DU TRAVAIL, DES SOLIDARITES ET DE LA PROTECTION DES POPULATIONS -\nSERVICE ACCES ET RETOUR A L'EMPLOI - 09-2024-10-03-00001 - Arr\u00eat\u00e9 pr\u00e9fectoral portant nomination au sein du Comit\u00e9\nd\u00e9partemental pour l' emploi19\nArticle  3:\nLe pr\u00e9sent  arr\u00eat\u00e9  peut faire l'objet  d'un recours  contentieux  aupr\u00e8s  du Tribunal  administratif  de\nToulouse  (68,  rue Raymond  IV - B.P. 7007  - 31068  Toulouse  Cedex  07) dans  un d\u00e9lai  de deux  mois  \u00e0\ncompter  de sa publication.\nIl peut  \u00e9galement,  dans  le m\u00eame  d\u00e9lai,  faire  l'objet  d'un  recours  gracieux  aupr\u00e8s  du pr\u00e9fet  de\nl'Ari\u00e8ge  et d'un  recours  hi\u00e9rarchique  aupr\u00e8s  du ministre  charg\u00e9  de l'emploi.\nLe recours  gracieux  ou/et  hi\u00e9rarchique  prolonge  le d\u00e9lai  de recours  contentieux  qui doit  alors  \u00eatre\nintroduit  dans  les deux  mois  suivant  la d\u00e9cision  implicite  ou explicite  de l'autorit\u00e9  comp\u00e9tente,  le\nsilence  de l'administration  pendant  un d\u00e9lai  de deux  mois  valant  d\u00e9cision  implicite  de rejet.\nArticle  4 :\nLe secr\u00e9taire  g\u00e9n\u00e9ral  de la pr\u00e9fecture  et le directeur  d\u00e9partemental  de l'emploi,  du travail,  des solidari-\nt\u00e9s et de la protection  des populations  sont  charg\u00e9s  de l'ex\u00e9cution  du pr\u00e9sent  arr\u00eat\u00e9  qui sera  publi\u00e9  au\nrecueil  des  actes  administratifs  de la pr\u00e9fecture  de l'Ari\u00e8ge.\nFait  \u00e0 Foix,  le \u2014 3 OCT,  2924\nLe Pr\u00e9fet,\n\u00c0\n/\nSim\u00f4n  BERTOUX\n09 -DIRECTION DEPARTEMENTALE DE L' EMPLOI, DU TRAVAIL, DES SOLIDARITES ET DE LA PROTECTION DES POPULATIONS -\nSERVICE ACCES ET RETOUR A L'EMPLOI - 09-2024-10-03-00001 - Arr\u00eat\u00e9 pr\u00e9fectoral portant nomination au sein du Comit\u00e9\nd\u00e9partemental pour l' emploi20\n09 -DIRECTION DEPARTEMENTALE DE L' EMPLOI, DU TRAVAIL, DES SOLIDARITES ET DE LA PROTECTION DES POPULATIONS -\nSERVICE ACCES ET RETOUR A L'EMPLOI - 09-2024-10-03-00001 - Arr\u00eat\u00e9 pr\u00e9fectoral portant nomination au sein du Comit\u00e9\nd\u00e9partemental pour l' emploi21\nEX  | | DIRECTION  D\u00c9PARTEMENTALE\nDE L'EMPLOI,  DU TRAVAIL,  DES  SOLIDARIT\u00c9SOL ARIE  EGE  ET DE LA PROTECTION  DES POPULATIONS\nService  Acc\u00e8s  et Retour  \u00e0 l'Emploi\nLibert\u00e9  Affaire  suivie  par Didier  BLAZY  .\u00c9galis\u00e9  7 . T\u00e9l : 05 61 02 43 90\n. | Courriel  : didier.blazy@ariege.gouv.fr\nR\u00e9c\u00e9piss\u00e9  de d\u00e9claration\nd'un  organisme  de services  \u00e0 la personne\nenregistr\u00e9  sous  le N\u00b0 SAP979472446\nVu le code  du travail  et notamment  les articles  L.7231-1  \u00e0 L.7233-2,  R. 7232-16  3 a R.7232-22,\nD.7231-1  et D.7233-1  a D.7233-5  ;\nVu la demande  de d\u00e9claration  d\u00e9pos\u00e9e  par ! organisme  YOAN  ESCLASSAN,  situ\u00e9 17 lieu\ndit Les Saurats  - 09240  ALZEN,  le 27/09/2024,\nLe pr\u00e9fet  de l'Ari\u00e8ge,  |\nConstate  :\nQu'une  d\u00e9claration  d'activit\u00e9s  de services  \u00e0 la personne  a \u00e9t\u00e9  d\u00e9pos\u00e9e  aupr\u00e8s  de la\nDDETSPP  de l'Ari\u00e8ge  le 27/09/2024  par  Monsieur  Yoan  ESCLASSAN  en qualit\u00e9  de\ndirigeant(e),  pour  l'organisme  YOAN  ESCLASSAN  dont  l'\u00e9tablissement  principal  est situ\u00e9\n17 Lieu  dit Les  Saurats  - 09240  ALZEN  et enregistr\u00e9  sous  le NESRFSTSAT2E  pour  les\nactivit\u00e9s  suivantes  :\nActivit\u00e9(s)  relevant  uniquement  de la d\u00e9claration  :\n+ Petits  travaux  de jardinage  (mode  d'intervention  Prestataire)\n\u00ab Travaux  de petit  bricolage  (mode  d'intervention  Prestataire)\nToute  modification  concernant  les activit\u00e9s  exerc\u00e9es  devra  faire l'objet  d'une  d\u00e9claration\nmodificative  pr\u00e9alable.\nSous  r\u00e9serve  d'\u00eatre  exerc\u00e9es  \u00e0 titre  exclusif  (ou sous  r\u00e9serve  d'une  comptabilit\u00e9  s\u00e9par\u00e9e\npour  les personnes  morales  dispens\u00e9es  de cette  condition),  ces  activit\u00e9s  ouvrent  droit\nau b\u00e9n\u00e9fice  des  dispositions  des  articles  L. 7233-2  du code  du travail  et L.241-10  du\nCode  de la s\u00e9curit\u00e9  sociale  dans  les conditions  pr\u00e9vues  par  ces  articles.\nLes effets  de la d\u00e9claration  courent  \u00e0 compter  du  jour  du d\u00e9p\u00e9t  de la d\u00e9claration  sous  r\u00e9\nserve  des  dispositions  de l'article  R.7232-18  du Code  du travail.  Le Pr\u00e9sent  r\u00e9c\u00e9piss\u00e9  n'est\npas  limit\u00e9  dans  le temps.  La d\u00e9claration  a une  port\u00e9e  nationale.\nLe cas \u00e9ch\u00e9ant:\nEn application  des  articles  L.7232-1  et R.7232-1  \u00e0 R.7232-15,  les activit\u00e9s  n\u00e9cessitant  un\nagr\u00e9ment  (I de l'article  D.7231-1  du Code  du travail)  n'ouvrent  droit  \u00e0 ces dispositions\nque  si l'organisme  a pr\u00e9alablement  obtenu  l'agr\u00e9ment  ou le renouvellement  de cet\nagr\u00e9ment  dans  le ou les d\u00e9partement(s)  d'exercice  de ses activit\u00e9s.\nDe m\u00eame,  en application  de l'article  D.312-6-2  du Code  de l'action  sociale  et des  fa\nmilles,  les activit\u00e9s  n\u00e9cessitant  une  autorisation  n'ouvrent  droit  \u00e0 ces dispositions  que  si\nl'organisme  a pr\u00e9alablement  obtenu  l'autorisation  ou le renouvellement  de cette  auto\n_risation.\n9 rue  du Lieutenant  Paul  Delpech  - 09000  Foix  Cedex  - T\u00e9l : 05 61 02 43 00\nSite  internet  : www.ariege.gouv.fr\n09 -DIRECTION DEPARTEMENTALE DE L' EMPLOI, DU TRAVAIL, DES SOLIDARITES ET DE LA PROTECTION DES POPULATIONS -\nSERVICE ACCES ET RETOUR A L'EMPLOI - 09-2024-10-10-00001 - R\u00e9c\u00e9piss\u00e9 de d\u00e9claration d'activit\u00e9s de services \u00e0 la personne pour la\nstructure YOAN ESCLASSAN22\nL'enregistrement  de la d\u00e9claration  peut \u00eatre retir\u00e9  dans  les conditions  fix\u00e9es  aux ar-\nticles  R.7232-20  a R.7232-22  du Code  du travail.\nLe pr\u00e9sent  r\u00e9c\u00e9piss\u00e9  sera  publi\u00e9  au recueil  des  actes  administratifs  de la pr\u00e9fecture.\nL'enregistrement  de la d\u00e9claration  peut  \u00eatre  retir\u00e9  dans  les conditions  fix\u00e9es  aux  articles\nR.7232-20  \u00e0 R.7232-22  du Code  du travail.\nLe pr\u00e9sent  r\u00e9c\u00e9piss\u00e9  est publi\u00e9  au recueil  des actes  administratifs  de la pr\u00e9fecture.\nLe pr\u00e9sent  r\u00e9c\u00e9piss\u00e9  peut,  \u00e0 compter  de sa notification,  faire  l'objet  d'un  recours  gra-\ncieux  aupr\u00e8s  service  instructeur  de la DDETSPP  de |' Ari\u00e8ge  Foix  ou d'un  recours  hi\u00e9rar-\nchique  adress\u00e9  au ministre  charg\u00e9  de l'\u00e9conomie  - Direction  g\u00e9n\u00e9rale  des  entreprises  \u2014\nsous-direction  des  services  marchands,  61 Boulevard  Vincent  Auriol,  75703  PARIS  CEDEX\n13.\nIl peut  \u00e9galement  faire  l'objet  d'un  recours  contentieux  dans  un d\u00e9lai  de deux  mois  \u00e0\ncompter  de sa notification  aupr\u00e8s  du tribunal  administratif  de Tribunal  Administratif  de\nToulouse  - 69 rue Raymond  IV - BP 7007  - 31068  TOULOUSE  CEDEX  07.\nLe tribunal  administratif  peut  aussi  \u00eatre  saisi  par  l'application  informatique  \u00ab T\u00e9l\u00e9recours\ncitoyen  \u00bb accessible  sur le site  internet  http://www.telerecours.fr/\nEn cas de rejet  du recours  gracieux  ou hi\u00e9rarchique  ou en l'absence  de r\u00e9ponse  \u00e0 ce re-\ncours  (rejet  implicite),  un recours  contentieux  devant  le tribunal  administratif  de Tou-\nlouse  - 69 rue Raymond  IV - BP 7007  - 31068  TOULOUSE  CEDEX  07 peut  \u00e9galement  \u00eatre\nform\u00e9  contre  la d\u00e9cision  initiale  dans  un d\u00e9lai  de deux  mois  \u00e0 compter  de ce rejet.\nFait \u00e0 Foix,  le 10/10/2024\nPour  le Pr\u00e9fet,\nPar d\u00e9l\u00e9gation,\nLe Directeur  de la Direction  D\u00e9partementale  de l'Emploi,\ndu Travail,  des  Solidarit\u00e9s  et de la Protection  des  Populations  de l'Ari\u00e8ge,\n9 rue du Lieutenant  Paul  Delpech  - 09000  Foix  Cedex  \u2014 T\u00e9l : 05 61 02 43 00\nSite  internet  : www.ariege.gouv.fr\n09 -DIRECTION DEPARTEMENTALE DE L' EMPLOI, DU TRAVAIL, DES SOLIDARITES ET DE LA PROTECTION DES POPULATIONS -\nSERVICE ACCES ET RETOUR A L'EMPLOI - 09-2024-10-10-00001 - R\u00e9c\u00e9piss\u00e9 de d\u00e9claration d'activit\u00e9s de services \u00e0 la personne pour la\nstructure YOAN ESCLASSAN23\nD\u00e9partement : ARI\u00c8GE\nFor\u00eat communale indivise de MASSAT-LE PORT\nContenance cadastrale : 721,5445 ha \nSurface de gestion : 721,54 ha\nR\u00e9vision d'am\u00e9nagement : 2022-2041\nArr\u00eat\u00e9 pr\u00e9fectoral\nportant approbation du document d'Am\u00e9nagement\nde la for\u00eat communale indivise de Massat-Le Port pour la p\u00e9riode 2022-2041\navec application du 2\u00b0 de l'article L122-7 du code forestier\nLe pr\u00e9fet de la r\u00e9gion Occitanie,\nOfficier de la L\u00e9gion d'honneur,\nCommandeur de l'ordre national du M\u00e9rite,\nVU les articles L124-1,1\u00b0, L212-1, L212-2, D212-1, D212-2, R212-3, D212-5,2\u00b0, D214-15, et D214-\n16 du Code Forestier ;\nVU l'article R212-4 du Code Forestier ;\nVU les articles L122-7, L122-8, R122-23 et R122-24 du Code Forestier ; \nVU les articles L414-4 et R414-19 du Code de l'Environnement ; \nVU le sch\u00e9ma r\u00e9gional d'am\u00e9nagement for\u00eats pyr\u00e9n\u00e9ennes, arr\u00eat\u00e9 en date du 11/07/2006 ;\nVU l'arr\u00eat\u00e9 pr\u00e9fectoral en date du 21/06/2007 r\u00e9glant l'am\u00e9nagement de la for\u00eat communale indivise\nde MASSAT-LE PORT pour la p\u00e9riode 2007 - 2021 ;\nVU la d\u00e9lib\u00e9ration du syndicat des montagnes de MASSAT- LE PORT en date du 24/04/2023,\nd\u00e9pos\u00e9e \u00e0 la sous-pr\u00e9fecture de Saint-Girons le 27/04/2023, donnant son accord au projet\nd'am\u00e9nagement forestier qui lui a \u00e9t\u00e9 pr\u00e9sent\u00e9, et demandant le b\u00e9n\u00e9fice des articles L122-7 et\nL122-8 du code forestier au titre de la r\u00e9glementation Natura 2000 ;\nVU le  document  d'am\u00e9nagement  \u00e9tabli  par  l'Office  National  des  For\u00eats et  transmis  pour\napprobation ;\nVU l'arr\u00eat\u00e9 pr\u00e9fectoral R76-2024-06-10-00006 en date du 10 juin 2024 donnant d\u00e9l\u00e9gation de si-\ngnature \u00e0 Monsieur Olivier ROUSSET, directeur r\u00e9gional de l'alimentation de l'agriculture et de\nla for\u00eat ; \nVU l'arr\u00eat\u00e9 pr\u00e9fectoral R76-2024-06-14-00003 en date du 14 juin 2024 portant subd\u00e9l\u00e9gation \u00e0 cer-\ntains agents de la direction r\u00e9gionale de l'alimentation de l'agriculture et de la for\u00eat ;\nSUR proposition du Directeur r\u00e9gional de l'alimentation, de l'agriculture et de la for\u00eat ,\nArr\u00eate :\nArt. 1er.  :  La for\u00eat communale indivise de  MASSAT-LE PORT (ARI\u00c8GE), d'une contenance de\n721,54 ha, est affect\u00e9e prioritairement \u00e0 la fonction de production ligneuse et \u00e0 la fonction \u00e9cologique,\ntout en assurant sa fonction sociale et de protection physique, dans le cadre d'une gestion durable\nmultifonctionnelle.\n1/2Direction r\u00e9gionale\nde l'alimentation, de l'agriculture et de la for\u00eat\nDRAAF OCCITANIE - 09-2024-10-07-00003 - Arr\u00eat\u00e9 pr\u00e9fectoral portant approbation du document d'Am\u00e9nagement de la for\u00eat\ncommunale indivise de Massat-Le Port pour la p\u00e9riode 2022-2041 avec application du 2\u00b0 de l'article L122-7 du code forestier 24\nArt. 2. : Cette for\u00eat comprend une partie bois\u00e9e de 567,40 ha, actuellement compos\u00e9e de H\u00eatre\n(51%), Pin laricio de corse (11%), Pin laricio de calabre (8%), Epic\u00e9a commun (6%), Ch\u00eane sessile\n(4%), Sapin de Nordmann (3%), Sapin pectin\u00e9 (1%), Autres feuillus (16%).\nLes peuplements susceptibles de production ligneuse seront trait\u00e9s en  Futaie irr\u00e9guli\u00e8re dont\nconversion en futaie irr\u00e9guli\u00e8re sur 228,37 ha.\nLes essences principales objectifs qui d\u00e9terminent sur le long terme les grands choix de gestion de\nces peuplements seront le h\u00eatre (38,82 ha), le pin laricio de Corse (31,98 ha), le sapin pectin\u00e9 (127,65\nha), le ch\u00eane sessile (10,83 ha) et d'Autres feuillus (19,09 ha). Les autres essences seront mainte-\nnues comme essences objectifs associ\u00e9es ou comme essences d'accompagnement.\nArt. 3. : Pendant une dur\u00e9e de 20 ans (2022 - 2041) :\n- La for\u00eat sera divis\u00e9e en  deux groupes de gestion :\n\u2022Un groupe de futaie irr\u00e9guli\u00e8re, d'une contenance totale de 228,37 ha  ;\n\u2022Un groupe constitu\u00e9 de peuplements hors sylviculture et de terrains non bois\u00e9s d'une\ncontenance totale de 493,17 ha.\n- L'Office national des for\u00eats informera r\u00e9guli\u00e8rement le Syndicat des Montagnes de MASSAT-LE \nPORT de l'\u00e9tat de l'\u00e9quilibre sylvo-cyn\u00e9g\u00e9tique dans la for\u00eat, et ce dernier mettra en oeuvre toutes \nles mesures n\u00e9cessaires \u00e0 son maintien ou \u00e0 son r\u00e9tablissement en optimisant et suivant la \ncapacit\u00e9 d'accueil, et en s'assurant en particulier que le niveau des demandes de plans de chasse \nconcernant la for\u00eat est adapt\u00e9 \u00e0 l'\u00e9volution des populations de grand gibier et des d\u00e9g\u00e2ts  \nconstat\u00e9s sur les peuplements ;\n- Les mesures d\u00e9finies par les consignes nationales de gestion visant \u00e0 la pr\u00e9servation de la  \nbiodiversit\u00e9 courante (notamment la conservation d'arbres isol\u00e9s \u00e0 cavit\u00e9s, morts, ou s\u00e9nescents) \nainsi qu'\u00e0 la pr\u00e9servation des sols et des eaux de surface, seront syst\u00e9matiquement mises en \n\u0153uvre.\nArt. 4. : Le document d'am\u00e9nagement de la for\u00eat communale indivise de MASSAT-LE PORT,\npr\u00e9sentement arr\u00eat\u00e9, est approuv\u00e9 par application du 2\u00b0 de l'article L122-7 du code forestier, pour le\nprogramme de coupes et de travaux sylvicoles, au titre de la r\u00e9glementation propre \u00e0 Natura 2000\nrelative \u00e0 la Zone Sp\u00e9ciale de Conservation ZSC FR7300825 Mont Ceint-Mont B\u00e9as, Tourbi\u00e8res de\nBernadouze, instaur\u00e9e au titre de la Directive europ\u00e9enne \u00ab Oiseaux, Habitats naturels \u00bb.\nArt. 5. : L'arr\u00eat\u00e9 pr\u00e9fectoral en date du 21/06/2007, r\u00e9glant l'am\u00e9nagement de la for\u00eat communale\nindivise de MASSAT-LE-PORT pour la p\u00e9riode 2007 - 2021, est abrog\u00e9.\nArt. 6. : Le Directeur R\u00e9gional de l'Alimentation, de l'Agriculture, et de la For\u00eat, et le Directeur\nterritorial de l'Office national des for\u00eats sont charg\u00e9s, chacun en ce qui le concerne, de l'ex\u00e9cution du\npr\u00e9sent arr\u00eat\u00e9, qui sera publi\u00e9 au recueil des actes administratifs du d\u00e9partement de l' ARI\u00c8GE.\nFait \u00e0 Toulouse, le 07/10/2024 Pour le pr\u00e9fet et par d\u00e9l\u00e9gation, \nPour le directeur r\u00e9gional de l'alimentation,\nde l'agriculture et de la for\u00eat et par d\u00e9l\u00e9gation,\nla cheffe du service r\u00e9gional de la for\u00eat et du bois\nSIGN\u00c9\nGwena\u00eblle BIZET\n2/2DRAAF OCCITANIE - 09-2024-10-07-00003 - Arr\u00eat\u00e9 pr\u00e9fectoral portant approbation du document d'Am\u00e9nagement de la for\u00eat\ncommunale indivise de Massat-Le Port pour la p\u00e9riode 2022-2041 avec application du 2\u00b0 de l'article L122-7 du code forestier 25\nPREFET  |\nDE LA REGION\nOCCITANIE\nLibert\u00e9\nEgalit\u00e9\nFraternit\u00e9\nD\u00e9partement : ARI\u00c8GE\nFor\u00eat communale de FREYCHENET\nContenance cadastrale : 437,3238 ha \nSurface de gestion : 437,32 ha\nModification d'am\u00e9nagement : 2009-2028\nArr\u00eat\u00e9 pr\u00e9fectoral\nportant modification du document d'Am\u00e9nagement\nde la for\u00eat communale de Freychenet pour la p\u00e9riode 2009-2028\nLe pr\u00e9fet de la r\u00e9gion Occitanie,\nOfficier de la L\u00e9gion d'honneur,\nCommandeur de l'ordre national du M\u00e9rite,\nVU les articles L124-1,1\u00b0, L212-1, L212-2, D212-1, D212-2, R212-3, D212-5,2\u00b0, D214-15, et D214-16 du\nCode Forestier ;\nVU le sch\u00e9ma r\u00e9gional d'am\u00e9nagement For\u00eats pyr\u00e9n\u00e9ennes, arr\u00eat\u00e9 en date du 11/06/2006 ;\nVU l'arr\u00eat\u00e9  pr\u00e9fectoral  en  date  du  12/05/2010  r\u00e9glant  l'am\u00e9nagement  de  la  for\u00eat  communale de\nFREYCHENET pour la p\u00e9riode 2009 - 2023 ;\nVU la d\u00e9lib\u00e9ration du conseil municipal de  FREYCHENET en date du 12/06/2023, d\u00e9pos\u00e9e \u00e0 la sous-\npr\u00e9fecture de PAMIERS le 27/06/2023, donnant son accord au projet d'am\u00e9nagement forestier qui lui a\n\u00e9t\u00e9 pr\u00e9sent\u00e9 ;\nVU les justifications (crise sanitaire en cours, observations \u00e9volution \u00e9tat sanitaire face au changement\nclimatique) apport\u00e9es par le document de prorogation \u00e9tabli par l'Office National des For\u00eats et transmis\npour approbation le 18/04/2024 ;\nVU l'arr\u00eat\u00e9 pr\u00e9fectoral R76-2024-06-10-00006 en date du 10 juin 2024 donnant d\u00e9l\u00e9gation de signature \u00e0\nMonsieur Olivier ROUSSET, directeur r\u00e9gional de l'alimentation de l'agriculture et de la for\u00eat ; \nVU l'arr\u00eat\u00e9 pr\u00e9fectoral R76-2024-06-14-00003 en date du 14 juin 2024 portant subd\u00e9l\u00e9gation \u00e0 certains\nagents de la direction r\u00e9gionale de l'alimentation de l'agriculture et de la for\u00eat ;\nSUR proposition du Directeur r\u00e9gional de l'alimentation, de l'agriculture et de la for\u00eat,\nArr\u00eate :\nArt. 1er : L'application de l'am\u00e9nagement de la for\u00eat communale de FREYCHENET (ARI\u00c8GE), d'une contenance\nde 437,32 ha, initialement fix\u00e9e pour la p\u00e9riode 2009-2023, est prorog\u00e9e jusqu'au 31 d\u00e9cembre 2028.\nArt. 2. : Les autres articles de l'arr\u00eat\u00e9 pr\u00e9fectoral en date du 12/05/2010 restent inchang\u00e9s.\nArt. 3. : Le Directeur R\u00e9gional de l'Alimentation, de l'Agriculture, et de la For\u00eat, et le Directeur territorial de\nl'Office national des for\u00eats sont charg\u00e9s, chacun en ce qui le concerne, de l'ex\u00e9cution du pr\u00e9sent arr\u00eat\u00e9, qui sera\npubli\u00e9 au recueil des actes administratifs du d\u00e9partement de l'ARI\u00c8GE.\nFait \u00e0 Toulouse, le 07/10/2024 Pour le pr\u00e9fet et par d\u00e9l\u00e9gation, \nPour le directeur r\u00e9gional de l'alimentation,\nde l'agriculture et de la for\u00eat et par d\u00e9l\u00e9gation,\nla cheffe du service r\u00e9gional de la for\u00eat et du bois\nSIGN\u00c9\nGwena\u00eblle BIZET\n1/1Direction r\u00e9gionale\nde l'alimentation, de l'agriculture et de la for\u00eat\nDRAAF OCCITANIE - 09-2024-10-07-00002 - Arr\u00eat\u00e9 pr\u00e9fectoral portant modification du document d'Am\u00e9nagement de la for\u00eat\ncommunale de Freychenet pour la p\u00e9riode 2009-2028 26\nPREFET  |\nDE LA REGION\nOCCITANIE\nLibert\u00e9\nEgalit\u00e9\nFraternit\u00e9\nD\u00e9partement : ARI\u00c8GE\nFor\u00eat communale de MERCUS\nContenance cadastrale : 314,4783 ha \nSurface de gestion : 314,48 ha\nModification d'am\u00e9nagement : 2009-2028\nArr\u00eat\u00e9 pr\u00e9fectoral\nportant modification du document d'Am\u00e9nagement\nde la for\u00eat communale de Mercus pour la p\u00e9riode 2009-2028\nLe pr\u00e9fet de la r\u00e9gion Occitanie,\nOfficier de la L\u00e9gion d'honneur,\nCommandeur de l'ordre national du M\u00e9rite,\nVU les articles L124-1,1\u00b0, L212-1, L212-2, D212-1, D212-2, R212-3, D212-5,2\u00b0, D214-15, et D214-16 du\nCode Forestier ;\nVU le sch\u00e9ma r\u00e9gional d'am\u00e9nagement For\u00eats pyr\u00e9n\u00e9ennes, arr\u00eat\u00e9 en date du 11/07/2006;\nVU l'arr\u00eat\u00e9 pr\u00e9fectoral en date du 18/03/2010 r\u00e9glant l'am\u00e9nagement de la for\u00eat communale de MERCUS\npour la p\u00e9riode 2009 - 2023 ;\nVU la d\u00e9lib\u00e9ration du conseil municipal de MERCUS en date du 28/06/2023, d\u00e9pos\u00e9e \u00e0 la pr\u00e9fecture de FOIX\nle 04/07/2023, donnant son accord au projet d'am\u00e9nagement forestier qui lui a \u00e9t\u00e9 pr\u00e9sent\u00e9 ;\nVU la justification (inventaire Lidar en cours) apport\u00e9e par le document de prorogation \u00e9tabli par l'Office\nNational des For\u00eats et transmis pour approbation le 30/07/2024 ;\nVU l'arr\u00eat\u00e9 pr\u00e9fectoral R76-2024-06-10-00006 en date du 10 juin 2024 donnant d\u00e9l\u00e9gation de signature \u00e0\nMonsieur Olivier ROUSSET, directeur r\u00e9gional de l'alimentation de l'agriculture et de la for\u00eat ;\nVU l'arr\u00eat\u00e9 pr\u00e9fectoral R76-2024-06-14-00003 en date du 14 juin 2024 portant subd\u00e9l\u00e9gation \u00e0 certains\nagents de la direction r\u00e9gionale de l'alimentation de l'agriculture et de la for\u00eat ;\nSUR proposition du Directeur r\u00e9gional de l'alimentation, de l'agriculture et de la for\u00eat,\nArr\u00eate :\nArt.1er. : L'application de l'am\u00e9nagement de la for\u00eat communale de MERCUS (ARI\u00c8GE), d'une contenance de\n314,48 ha, initialement fix\u00e9e pour la p\u00e9riode 2009-2023, est prorog\u00e9e jusqu'au 31 d\u00e9cembre 2028.\nArt. 2. : Les autres articles de l'arr\u00eat\u00e9 pr\u00e9fectoral en date du 18/03/2010 restent inchang\u00e9s.\nArt. 3. : Le Directeur R\u00e9gional de l'Alimentation, de l'Agriculture, et de la For\u00eat, et le Directeur territorial de\nl'Office national des for\u00eats sont charg\u00e9s, chacun en ce qui le concerne, de l'ex\u00e9cution du pr\u00e9sent arr\u00eat\u00e9, qui sera\npubli\u00e9 au recueil des actes administratifs du d\u00e9partement de l'ARI\u00c8GE.\nFait \u00e0 Toulouse, le 07/10/2024 Pour le pr\u00e9fet et par d\u00e9l\u00e9gation, \nPour le directeur r\u00e9gional de l'alimentation,\nde l'agriculture et de la for\u00eat et par d\u00e9l\u00e9gation,\nla cheffe du service r\u00e9gional de la for\u00eat et du bois\nSIGN\u00c9\nGwena\u00eblle BIZET\n1/1Direction r\u00e9gionale\nde l'alimentation, de l'agriculture et de la for\u00eat\nDRAAF OCCITANIE - 09-2024-10-07-00001 - Arr\u00eat\u00e9 pr\u00e9fectoral portant modification du document d'Am\u00e9nagement de la for\u00eat\ncommunale de Mercus pour la p\u00e9riode 2009-2028 27","date":"2024-10-10","first_seen_on":"2024-10-10T16:12:07+00:00","id":"ad1ec47f5758170dd1576a2b342e916ce9f55696c098f288b575b301858330a3","name":"recueil-09-2024-110-recueil-des-actes-administratifs-1","pdf_creation_date":"2024-10-10T14:50:41+00:00","pdf_modification_date":"2024-10-10T15:51:16+00:00","timezone":"Europe/Paris","url":"https://www.ariege.gouv.fr/contenu/telechargement/31374/215032/file/recueil-09-2024-110-recueil-des-actes-administratifs-1.pdf"}
