{"administration":"ppparis","administration_name":"Pr\u00e9fecture de police de Paris","content":"E CABINET DU PREFETPR\u00c9FECTURE AP\u00bbDE POLICELibert\u00e9Egalit\u00e9Fraternit\u00e9\nGi\nArr\u00e9t\u00e9 n\u00b02026-00195autorisant la captation, l'enregistrement et la transmission d'images au moyen de cam\u00e9rasinstall\u00e9es sur des a\u00e9ronefs \u00e0 Paris et dans les Hauts-de-Seine (92) du 21 f\u00e9vrier au 1er mars2026 inclus \u00e0 l'occasion du salon international de l'agriculture\nLe pr\u00e9fet de police,Vu le code de la s\u00e9curit\u00e9 int\u00e9rieure, notamment ses articles L. 242-1 \u00e0 L. 242-8 et R. 242-8 \u00e0R. 242-15 ;Vu le d\u00e9cret n\u00b0 2004-374 modifi\u00e9 du 29 avril 2004 relatif aux pouvoirs des pr\u00e9fets, al'organisation et \u00e0 l'action des services de |'Etat dans les r\u00e9gions et d\u00e9partements;Vu l'arr\u00eat\u00e9 du 19 avril 2023 relatif au nombre maximal de cam\u00e9ras install\u00e9es sur desa\u00e9ronefs pouvant \u00eatre simultan\u00e9ment utilis\u00e9es dans chaque d\u00e9partement et collectivit\u00e9d'outre-mer ;Vu l'instruction minist\u00e9rielle NOR IOMD2311883] du 30 avril 2023 relative \u00e0 la proc\u00e9dured'autorisation des cam\u00e9ras install\u00e9es sur des a\u00e9ronefs pour des missions de policeadministrative ;Vu le d\u00e9cret du 22 octobre 2025 par lequel M. Patrice FAURE, administrateur de l'Etat dutroisi\u00e8me grade, directeur de cabinet du Pr\u00e9sident de la R\u00e9publique, est nomm\u00e9 pr\u00e9fet depolice (groupe I), \u00e0 compter du 23 octobre 2025;Vu la demande en date du 4 f\u00e9vrier 2026 form\u00e9e par la direction de l'ordre public et de lacirculation visant \u00e0 obtenir l'autorisation de capter, d'enregistrer et de transmettre desimages au moyen de deux cam\u00e9ras install\u00e9es sur des a\u00e9ronefs t\u00e9l\u00e9-pilot\u00e9s afin d'assurer lapr\u00e9vention des atteintes \u00e0 la s\u00e9curit\u00e9 des personnes et des biens, la s\u00e9curit\u00e9 desrassemblements, la pr\u00e9vention d'actes de terrorisme, la r\u00e9gulation des flux de transport etle secours aux personnes \u00e0 l'occasion de l'\u00e9dition 2026 du salon international del'agriculture ;Consid\u00e9rant que les dispositions du | de l'article L. 242-5 du code de la s\u00e9curit\u00e9 int\u00e9rieurepermettent aux forces de s\u00e9curit\u00e9 int\u00e9rieure, dans l'exercice de leurs missions depr\u00e9vention des atteintes \u00e0 l'ordre public et de protection de la s\u00e9curit\u00e9 des personnes etdes biens, de proc\u00e9der \u00e0 la captation, \u00e0 l'enregistrement et \u00e0 la transmission d'images aumoyen de cam\u00e9ras install\u00e9es sur des a\u00e9ronefs aux fins d'assurer la pr\u00e9vention desatteintes \u00e0 la s\u00e9curit\u00e9 des personnes et des biens, la s\u00e9curit\u00e9 des rassemblements, lapr\u00e9vention d'actes de terrorisme, la r\u00e9gulation des flux de transport et le secours auxpersonnes;Consid\u00e9rant que l'\u00e9dition 2026 du salon international de l'agriculture se tiendra \u00e0 compterdu 21 f\u00e9vrier 2026 jusqu'au 1\u00b0 mars 2026 au Parc des Expositions Paris Expo \u2014 Porte deVersailles \u00e0 Paris 15% ; que le Pr\u00e9sident de la R\u00e9publique et des membres dugouvernement sont attendus pour l'inauguration du salon international qui accueillera unnombre important de personnalit\u00e9s et de visiteurs jusqu'au 1\u00b0 mars ; que par ailleurs, cet\u00e9v\u00e8nement toujours particuli\u00e8rement m\u00e9diatis\u00e9 intervient sur fond de crise agricole et\n  \n \n \n \n \n \n \nd'attentes fortes au sein du monde paysan ; qu'au regard du contexte pr\u00e9cit\u00e9, il convientd'assurer la s\u00e9curit\u00e9 des personnes, des biens et des rassemblements et de pr\u00e9venir lestroubles \u00e0 l'ordre public qui pourraient advenir \u00e0 l'occasion de cet \u00e9v\u00e8nement; que lerecours ponctuel a des cam\u00e9ras a\u00e9roport\u00e9es vise \u00e9galement a assurer la r\u00e9gulation des fluxde transport aux fins du maintien de l'ordre et le secours aux personnes le cas \u00e9ch\u00e9ant;qu'en outre, la menace terroriste sollicite toujours a un niveau \u00e9lev\u00e9 les forces de s\u00e9curit\u00e9int\u00e9rieure dans le cadre du plan VIGIPIRATE \u00ab urgence attentat \u00bb en vigueur sur l'ensembledu territoire national depuis le 24 mars 2024;Consid\u00e9rant que le recours \u00e0 des cam\u00e9ras a\u00e9roport\u00e9es permet de disposer d'une vision engrand angle tout en limitant l'engagement des forces au sol afin d'\u00e9viter notamment desmenaces pour leur int\u00e9grit\u00e9 physique, et le cas \u00e9ch\u00e9ant, d'organiser de mani\u00e8re r\u00e9active etefficace leur d\u00e9ploiement op\u00e9rationnel, notamment en cas de mouvement de foule oud'actions violentes de groupes d'individus ; qu'il n'existe pas de dispositif moins intrusifpermettant de parvenir aux m\u00eames fins ;Consid\u00e9rant que la demande de la direction de l'ordre public et de la circulation porte surl'engagement de deux cam\u00e9ras a\u00e9roport\u00e9es qui pourront \u00eatre en vol simultan\u00e9ment envue de capter, d'enregistrer et de transmettre des images; que les aires survol\u00e9es sontstrictement limit\u00e9es aux zones o\u00f9 des troubles \u00e0 l'ordre public sont susceptibles de seproduire; que la dur\u00e9e de l'autorisation demand\u00e9e n'appara\u00eet pas disproportionn\u00e9e auregard des finalit\u00e9s poursuivies;Sur proposition de la direction de l'ordre public et de la circulation,\nARRETE :\nArticle 1\u00b0 - La captation, l'enregistrement et la transmission d'images par la direction del'ordre public et de la circulation sont autoris\u00e9s \u00e0 Paris et dans les Hauts-de-Seine (92) \u00e0l'occasion du salon international de l'agriculture aux titres de:- la pr\u00e9vention des atteintes \u00e0 la s\u00e9curit\u00e9 des personnes et des biens;- la s\u00e9curit\u00e9 des rassemblements;- la pr\u00e9vention d'actes de terrorisme- la r\u00e9gulation des flux de transport;- le secours aux personnes.\nxArticle 2 - Le nombre maximal de cam\u00e9ras pouvant proc\u00e9der simultan\u00e9ment a desenregistrements est fix\u00e9 a 2 cam\u00e9ras embarqu\u00e9es sur des a\u00e9ronefs t\u00e9l\u00e9-pilot\u00e9s.Article 3 - La pr\u00e9sente autorisation s'applique au p\u00e9rim\u00e8tre g\u00e9ographique situ\u00e9 a chevalsur Paris et les Hauts-de-Seine tel que figurant sur le plan en annexe au pr\u00e9sent arr\u00eat\u00e9.Article 4 - La pr\u00e9sente autorisation est d\u00e9livr\u00e9e du samedi 21 f\u00e9vrier au dimanche 1\u00b0 mars2026 inclus pour la mise en \u0153uvre des finalit\u00e9s pr\u00e9cit\u00e9es, selon les modalit\u00e9s suivantes :- le samedi 21 f\u00e9vrier 2026 de 06h30 \u00e0 23h59;- du dimanche 22 f\u00e9vrier au dimanche 1\u00b0 mars 2026 inclus, chaque jour de 08h00 \u00e020h00.\n2026-00195\n2\n \n  \n \n \n \n \n \n \n \n ;\n \nArticle 5 - L'information du public est assur\u00e9e par la publication de l'arr\u00eat\u00e9 aux recueilsdes actes administratifs du d\u00e9partement de Paris et de la pr\u00e9fecture des Hauts-de-Seine,sa mise en ligne sur le site internet de la pr\u00e9fecture de police ainsi que par uneinformation sur les r\u00e9seaux sociaux.Article 6 - Le registre mentionn\u00e9 \u00e0 l'article L. 242-4 du code de la s\u00e9curit\u00e9 int\u00e9rieure esttransmis au pr\u00e9fet de police, \u00e0 l'issue de la p\u00e9riode d'autorisation.Article 7 \u2014- Le pr\u00e9fet des Hauts-de-Seine, le pr\u00e9fet, directeur du cabinet du pr\u00e9fet depolice, et le directeur de l'ordre public et de la circulation sont charg\u00e9s, chacun en ce quile concerne, de l'ex\u00e9cution du pr\u00e9sent arr\u00eat\u00e9 qui sera publi\u00e9 aux recueils des actesadministratifs du d\u00e9partement de Paris et de la pr\u00e9fecture des Hauts-de-Seine etconsultable sur le site internet de la pr\u00e9fecture de police(https://www.prefecturedepolice.interieur.gouv.fr).\nFait a Paris, le 16 f\u00e9vrier 2026\nSIGNEPour le pr\u00e9fet de policeLe pr\u00e9fet, directeur de cabinetBaptiste ROLLAND\n2026-00195\n3\nAnnexe de l'arr\u00eat\u00e9 n\u00b02026-00195 du 16 f\u00e9vrier 2026\nVOIES ET DELAIS DE RECOURS\nSi vous estimez devoir contester la pr\u00e9sente autorisation, il vous est possible, dans und\u00e9lai de deux mois \u00e0 compter de la date de son affichage ou de sa publication :\n- soit de saisir d'un RECOURS GRACIEUXle Pr\u00e9fet de Police7/9, boulevard du Palais - 75195 PARIS RP- OU de former un RECOURS HIERARCHIQUEaupr\u00e8s du Ministre de l'int\u00e9rieur et des outre-merDirection des libert\u00e9s publiques et des affaires juridiquesplace Beauvau - 75008 PARIS- soit de saisir d'un RECOURS CONTENTIEUXle Tribunal administratif comp\u00e9tent\nAucune de ces voies et recours ne suspend l'application de la pr\u00e9sente d\u00e9cision.Les recours GRACIEUX et HIERARCHIQUE doivent \u00eatre \u00e9crits, exposer les arguments oufaits nouveaux et comprendre la copie de la d\u00e9cision contest\u00e9e.Le recours contentieux, qui vise \u00e0 contester la LEGALITE de la pr\u00e9sente d\u00e9cision, doit\u00e9galement \u00eatre \u00e9crit et exposer votre argumentation juridique.Si vous n'aviez pas de r\u00e9ponse \u00e0 votre recours GRACIEUX ou HIERARCHIQUE dans und\u00e9lai de deux mois \u00e0 compter de la r\u00e9ception de votre recours par l'administration, votredemande devra \u00eatre consid\u00e9r\u00e9e comme rejet\u00e9e (d\u00e9cision implicite de rejet).En cas de rejet des RECOURS GRACIEUX ou HIERARCHIQUE, le Tribunal administratif peut\u00eatre saisi d'un recours contentieux dans le d\u00e9lai de deux mois \u00e0 compter de la date de lad\u00e9cision de rejet.\n2026-00195\n4\n \n: D VE | zs . DIRECTION DE\"*D1CURE7L'ORDREPUBLCmS.\u00a9PTT|iwETDELACIRCULATIONDORAPLANDRONE\"ys'|DU21/02/2026=SnAU01/03/2026\nPay D LA PORTE DE LuPtame\nLT not\n| |\nL\n|x<aoO\nea\n2\n2026-00195\n5","date":"2026-02-16","first_seen_on":"2026-02-16T13:07:26+00:00","id":"ad7d2686dc3ea80fea7270c419dff617fb875b35445a628de281e64fc5bd8881","name":"Arr\u00eat\u00e9 n\u00b02026-00195 autorisant la captation, l\u2019enregistrement et la transmission d\u2019images au moyen de cam\u00e9ras install\u00e9es sur des a\u00e9ronefs \u00e0 Paris et dans les Hauts-de-Seine (92) du 21 f\u00e9vrier au 1er mars 2026 inclus \u00e0 l\u2019occasion du salon international de ","pdf_creation_date":"2026-02-16T11:14:23+00:00","pdf_modification_date":"2026-02-16T11:14:23+00:00","timezone":"Europe/Paris","url":"https://www.prefecturedepolice.interieur.gouv.fr/sites/default/files/Documents/2026_00195_16022026.pdf"}
