{"administration":"pref37","administration_name":"Pr\u00e9fecture d\u2019Indre-et-Loire","content":"INDRE-ET-LOIRE\nRECUEIL DES ACTES\nADMINISTRATIFS SP\u00c9CIAL\nN\u00b037-2025-09073\nPUBLI\u00c9 LE 17 SEPTEMBRE 2025\nSommaire\nPr\u00e9fecture d'Indre et Loire /\n37-2025-09-11-00008 - Nomination de la conciliatrice fiscale\nd\u00e9partementale et de ses adjoints (1 page) Page 3\n2\nPr\u00e9fecture d'Indre et Loire\n37-2025-09-11-00008\nNomination de la conciliatrice fiscale\nd\u00e9partementale et de ses adjoints\nPr\u00e9fecture d'Indre et Loire - 37-2025-09-11-00008 - Nomination de la conciliatrice fiscale d\u00e9partementale et de ses adjoints 3\nTFINANCES PUBLIQUES\nDirection d\u00e9partementaledes Finances publiques d'Indre-et-Loire94, boulevard B\u00e9rangerCS 3322837032 TOURS CEDEX 1\nNomination de la conciliatrice fiscale d\u00e9partementale et de ses adjointsLe Directeur d\u00e9partemental des Finances publiques d'Indre-et-Loire,\nVu l'instruction du 12 juillet 2012 de la Direction g\u00e9n\u00e9rale des Finances publiques portantorganisation de la mission conciliateur;\nD\u00e9cide:\nMme Sophie MENDEZ, administratrice de l'\u00c9tat, est nomm\u00e9e conciliatrice fiscale dud\u00e9partement d'Indre-et-Loire ;M. Charles MERVILLE, administrateur des Finances publiques adjoint, est nomm\u00e9conciliateur fiscal adjoint du d\u00e9partement d'Indre-et-Loire ;Mme Sophie PRATBERNON, administratrice des Finances publiques adjointe, est nomm\u00e9econciliatrice fiscale adjointe du d\u00e9partement d'Indre-et-Loire ;Mme Anne-Marie BENEDETTI, inspectrice divisionnaire des Finances publiques, est nomm\u00e9econciliatrice fiscale adjointe du d\u00e9partement d'Indre-et-Loire ;Mme Emmeline BRUGEAUD, inspectrice principale des Finances publiques, est nomm\u00e9econciliatrice fiscale adjointe du d\u00e9partement d'Indre-et-Loire ;Mme Odile CONQUET, inspectrice principale des Finances publiques, est nomm\u00e9econciliatrice fiscale adjointe du d\u00e9partement d'Indre-et-Loire.\nLa pr\u00e9sente d\u00e9cision, qui se substitue \u00e0 celle publi\u00e9e le 5 septembre 2025, prend effet au15 septembre 2025 et sera publi\u00e9e au recueil des actes administratifs de la Pr\u00e9fecture.\nFait \u00e0 TOURS, le 11 septembre 2025sign\u00e9Christian PICHEVIN\n\u2022\n\u2022\n\u2022\n\u2022\n\u2022\n\u2022\nPr\u00e9fecture d'Indre et Loire - 37-2025-09-11-00008 - Nomination de la conciliatrice fiscale d\u00e9partementale et de ses adjoints 4","date":"2025-09-17","first_seen_on":"2025-09-17T10:14:05+00:00","id":"aeba07983def43697a7ca5551063627baac95a5c80ee9dc12ea67e71712d6475","name":"2025-09-17 RAA sp\u00e9cial nomination de la conciliatrice fiscale d\u00e9partementale et de ses adjoints","pdf_creation_date":"2025-09-17T09:24:40+00:00","pdf_modification_date":null,"timezone":"Europe/Paris","url":"https://www.indre-et-loire.gouv.fr/contenu/telechargement/47119/325565/file/2025-09-17%20RAA%20sp%C3%A9cial%20nomination%20de%20la%20conciliatrice%20fiscale%20d%C3%A9partementale%20et%20de%20ses%20adjoints.pdf"}
