{"administration":"pref92","administration_name":"Pr\u00e9fecture des Hauts-de-Seine","content":"ExPREFETDES HAUTS-DE-SEINELibert\u00e9Egalit\u00e9Fraternit\u00e9\nAL AR SS M 24 A PREBEHERIEC =F Pm \u00c0 FEF 2\nPai = SR =F 2 DR EE LAA SR EURE Mert FFE DR ER EE SR pu\nSR SR Pe UE\n1\nRECUEIL\nDES\nACTES ADMINISTRATIFS\nDIRECTION DE LA CITOYENNET\u00c9\nET DE LA L\u00c9GALIT\u00c9\nN\u00b0 Sp\u00e9cial 27 octobre 2025\nee  ee\nee  En 0  8  eR  ees,\narn = LA . mm: . ~~ \u00ab . ae\nmM Mn DURE Se\nv4RIRE  MIRE  RUE ed eda nase \u2014 \u00ab\na nas oe oom aas Ce  ee ae ee RIN mA\nFe ee AME A\nFe  en el\na nas re \" 1 \" \" oe oo 1 CL\nPT Im AME A PT  LM MM =\na nas re \" 1 \" \" oo oo 1\nFe ee AME A PT  LM MM =\n2\nPREFET DES HAUTS-DE-SEINE\nRECUEIL DES ACTES ADMINISTRATIFS\nN\u00b0 Sp\u00e9cial DCL du 27 octobre 2025\nSOMMAIRE\nArr\u00eat\u00e9s Dates DIRECTION DE LA CITOYENNET\u00c9\nET DE LA L\u00c9GALIT\u00c9 Pages\nDCL/BRGEA\nn\u00b02025-441 23.10.2025\nArr\u00eat\u00e9 modifiant l'arr\u00eat\u00e9 DCL/BRGE N\u00b0 310 du 18\njuillet 2024 autorisant Monsieur Stevie AGODOR \u00e0\nexploiter un \u00e9tablissement d'enseignement, \u00e0 titre\non\u00e9reux, de la conduite des v\u00e9hicules \u00e0 moteur et\nde la s\u00e9curit\u00e9 routi\u00e8re d\u00e9nomm\u00e9 \u00ab PERMIS\nVANVES \u00bb \u00e0 Vanves\n3\nDCL/BRGEA\nn\u00b02025-444 27.10.2025\nArr\u00eat\u00e9 pr\u00e9fectoral portant modification de l'arr\u00eat\u00e9\npr\u00e9fectoral DCL/BRGE n\u00b0 2023 \u2013 304 en date du\n23 novembre 2023 portant nomination des\nmembres de la commission de contr\u00f4le charg\u00e9s de\nla r\u00e9gularit\u00e9 des listes \u00e9lectorales de la commune\nde Clichy-la-Garenne\n5\nDCL/BRGEA\nn\u00b02025-445 27.10.2025\nArr\u00eat\u00e9 pr\u00e9fectoral portant modification de l'arr\u00eat\u00e9\npr\u00e9fectoral DCL/BRGE n\u00b0 2023 \u2013 122 en date du\n10 juillet 2023 portant nomination des membres de\nla commission de contr\u00f4le charg\u00e9s de la r\u00e9gularit\u00e9\ndes listes \u00e9lectorales de la commune de Puteaux\n7\n-\nPREFETDES HAUTS-DE-SEINELibert\u00e9Egalit\u00e9Fraternit\u00e9\nDirection de la citoyennet\u00e9et de la l\u00e9galit\u00e9\nArr\u00eat\u00e9 DCL/BRGEA N\u00b0 441 du 23/10/2025 modifiant l'arr\u00eat\u00e9 DCL/BRGE N\u00b0 310 du 18 juillet2024 autorisant Monsieur Stevie AGODOR \u00e0 exploiter un \u00e9tablissement d'enseignement, atitre on\u00e9reux, de la conduite des v\u00e9hicules \u00e0 moteur et de la s\u00e9curit\u00e9 routi\u00e8re d\u00e9nomm\u00e9 \u00abPERMIS VANVES \u00bb \u00e0 Vanves.\nLE PREFET DES HAUTS-DE-SEINE\nVu Le Code de la Route, notamment ses articles L.213-1 \u00e0 L.213-8 et R 213-1 \u00e0 R 213-9;Vu Le Code de la Construction et de l'Habitation notamment les articles R111-19 \u00e0 R111-19-12 ;Vu Le D\u00e9cret du 31 octobre 2024 portant nomination de Monsieur Alexandre BRUGERE,en qualit\u00e9 de Pr\u00e9fet des Hauts de Seine ;Vu L''Arr\u00eat\u00e9 du 8 janvier 2001 modifi\u00e9 relatif \u00e0 l'exploitation des \u00e9tablissementsd'enseignement, \u00e0 titre on\u00e9reux, de la conduite des v\u00e9hicules \u00e0 moteur et de las\u00e9curit\u00e9 routi\u00e8re ;Vu LArr\u00e9t\u00e9 du 8 novembre 2012 relatif \u00e0 la formation requise pour l'obtention de lacat\u00e9gorie A du permis de conduire par les titulaires de la cat\u00e9gorie A2 depuis aumoins deux ans ;Vu L'Arr\u00eat\u00e9 du 8 novembre 2012 fixant les conditions d'obtention du brevet de s\u00e9curit\u00e9routi\u00e8re correspondant a la cat\u00e9gorie AM du permis de conduire ;Vu L''Arr\u00eat\u00e9 DCL/BRGE N\u00b0 310 du 18 juillet 2024 autorisant Monsieur Stevie AGODOR \u00e0exploiter un \u00e9tablissement d'enseignement, \u00e0 titre on\u00e9reux, de la conduite desv\u00e9hicules \u00e0 moteur et de la s\u00e9curit\u00e9 routi\u00e8re d\u00e9nomm\u00e9 \u00ab PERMIS VANVES \u00bb \u00e0Vanves.Vu La demande pr\u00e9sent\u00e9e par Monsieur Stevie AGODOR en vue d'\u00eatre autoris\u00e9 aenseigner la cat\u00e9gorie \u00c0 du permis de conduire dans son \u00e9tablissement, d\u00e9nomm\u00e9 \u00abPERMIS VANVES \u00bb situ\u00e9 16, avenue Jacques J\u00e9z\u00e9quel \u00e0 Vanves ; :Sur Proposition de Monsieur le Secr\u00e9taire G\u00e9n\u00e9ral de la pr\u00e9fecture des Hauts-de-Seine ;\nARRETE\nARTICLE 1 : l'article 3 de l'arr\u00eat\u00e9 pr\u00e9fectoral DCL/BRGE n\u00b0 310 du 18 juillet 2024 estmodifi\u00e9 comme suit :L'\u00e9tablissement est habilit\u00e9 \u00e0 dispenser les formations aux cat\u00e9gories du permis de conduiresuivantes :e B/B1/AM-quadri-l\u00e9ger e A/A1/A2 e AM cyclo\n\nARTICLE 2 : Les autres articles restent inchang\u00e9s.\nARTICLE 3: Le Secr\u00e9taire G\u00e9n\u00e9ral de la Pr\u00e9fecture des Hauts-de-Seine, le D\u00e9l\u00e9gu\u00e9 al'Education Routi\u00e8re des Hauts-de-Seine, la Directrice D\u00e9partementale de la Protection desPopulations des Hauts de-Seine et le Directeur Territorial de la S\u00e9curit\u00e9 de Proximit\u00e9 desHauts-de-Seine, sont charg\u00e9s chacun en ce qui le concerne de l'application du pr\u00e9sent arr\u00eat\u00e9qui sera publi\u00e9 au recueil des actes administratifs.\nPour le Pr\u00e9fet, et d\u00e9l\u00e9gationL'Attach\u00e9e Principale, Cheffe de bureau\nMarion\\ABDOU\n\nPREFET Direction de la citoyennet\u00e9DES HAUTS-DE-SEINE et de la l\u00e9galit\u00e9\nFraternit\u00e9\nArr\u00eat\u00e9 pr\u00e9fectoral DCL/BRGEA n\u00b0 2025 - bien date du 24 octobre 2025portant modification de l'arr\u00eat\u00e9 pr\u00e9fectoral DCL/BRGE n\u00b0 2023 - 304 en date du 23novembre 2023 portant nomination des membres de la commission de contr\u00f4le charg\u00e9sde la r\u00e9gularit\u00e9 des listes \u00e9lectorales de la commune de Clichy-la-Garenne\nLe pr\u00e9fet des Hauts-de-Seine\nVu la loi n\u00b0 2016-1048 du 1\u00b0 ao\u00fbt 2016 r\u00e9novant les modalit\u00e9s d'inscription sur les listes \u00e9lectorales ;\nVu les dispositions du code \u00e9lectoral et notamment l'article L.19 ;\nVu le d\u00e9cret n\u00b0 2018-350 du 14 mai 2018 portant application de la loi organique n\u00b0 2016-1046 du 1\u00b0ao\u00fbt 2016 r\u00e9novant les modalit\u00e9s d'inscription sur les listes \u00e9lectorales des ressortissants d'un Etatmembre de l'Union europ\u00e9enne autre que la France pour les \u00e9lections municipales et de la loi n\u00b0 2016-1048 du 1\u00b0 ao\u00fbt 2016 r\u00e9novant les modalit\u00e9s d'inscription sur les listes \u00e9lectorales ;\nVu le d\u00e9cret en date du 31 octobre 2024 portant nomination de monsieur Alexandre Brug\u00e8re enqualit\u00e9 de pr\u00e9fet des Hauts-de-Seine ;\nVu l'instruction du Ministre de l'Int\u00e9rieur du 21 novembre 2018 relative \u00e0 la tenue des listes \u00e9lectoraleset des listes \u00e9lectorales compl\u00e9mentaires ;\nVu l'arr\u00eat\u00e9 pr\u00e9fectoral DCL/BRGE n\u00b0 2023 \u2014 304 en date du 23 novembre 2023 portant nomination desmembres de la commission de contr\u00f4le charg\u00e9s de la r\u00e9gularit\u00e9 des listes \u00e9lectorales de la communede Clichy-la-Garenne ;\nVu le courriel en date du 2 octobre 2025 par lequel Monsieur le maire de Clichy-la-Garenne indique lavolont\u00e9 de Monsieur Jean-Luc Brachet de rejoindre la majorit\u00e9 municipale;\nConsid\u00e9rant qu'il convient de nommer, dans chaque commune les membres des commissions decontr\u00f4le charg\u00e9s de statuer sur les recours administratifs pr\u00e9alables et de s'assurer de la r\u00e9gularit\u00e9 deslistes \u00e9lectorales, et ce pour une nouvelle dur\u00e9e de 3 ans ;\nConsid\u00e9rant la n\u00e9cessit\u00e9 de remplacer M. Jean-Luc Brachet ;\nSur proposition du secr\u00e9taire g\u00e9n\u00e9ral de la pr\u00e9fecture des Hauts-de-Seine,\n\nARRETE\nArticle 1\u00b0:\nL'article 1\u00b0 de l'arr\u00eat\u00e9 pr\u00e9fectoral DCL/BRGE n\u00b0 2023 - 304 en date du 23 novembre 2023 portantnomination des membres de la commission de contr\u00f4le charg\u00e9e de la r\u00e9gularit\u00e9 des listes \u00e9lectoralesde la commune de Clichy-la-Garenne est modifi\u00e9 comme suit :\nConseillers municipaux appartenant a latroisi\u00e8me liste ayant obtenu le plusgrand nombre de si\u00e8ges lors du dernierrenouvellementdu conseil municipal\nTitulaire\n3 | Mme Clotilde VEGA-RITTER\nArticle 2 :Le reste de l'arr\u00eat\u00e9 pr\u00e9fectoral DCL/BRGE n\u00b0 2023 - 304 en date du 23 novembre 2023 demeureinchang\u00e9.\nArticle 3 :Monsieur le secr\u00e9taire g\u00e9n\u00e9ral de la pr\u00e9fecture des Hauts-de-Seine ainsi que monsieur le maire deClichy-la-Garenne sont charg\u00e9, chacun en ce qui le concerne, de l'ex\u00e9cution du pr\u00e9sent arr\u00eat\u00e9 qui serapubli\u00e9 au recueil des actes administratif de l'\u00c9tat dans le d\u00e9partement des Hauts-de-Seine.\nLe pr\u00e9fet,Pour le pr\u00e9fet et par d\u00e9l\u00e9gation,Le secr\u00e9taire g\u00e9n\u00e9ral\nPascal\n\nPREFET recti 5Direction de la citoyenneteDES HAUTS-DE-SEINE et de la l\u00e9galit\u00e9\u00c9galit\u00e9Fraternit\u00e9\nArr\u00eat\u00e9 pr\u00e9fectoral DCL/BRGEA n\u00b0 2025. /}$en date du 2+ 0\u00a2tob 2025portant modification de l'arr\u00eat\u00e9 pr\u00e9fectoral DCL/BRGE n\u00b0 2023 - 122 en date du 10juillet 2023 portant nomination des membres de la commission de contr\u00f4le charg\u00e9s dela r\u00e9gularit\u00e9 des listes \u00e9lectorales de la commune de Puteaux\nLe Pr\u00e9fet des Hauts-de-Seine\nVu la loi n\u00b0 2016-1048 du 1\u00b0' ao\u00fbt 2016 r\u00e9novant les modalit\u00e9s d'inscription sur les listes \u00e9lectorales ;\nVu les dispositions du code \u00e9lectoral et notamment l'article L.19 ;\nVu le d\u00e9cret n\u00b0 2018-350 du 14 mai 2018 portant application de la loi organique n\u00b0 2016-1046 du 1\u00b0ao\u00fbt 2016 r\u00e9novant les modalit\u00e9s d'inscription sur les listes \u00e9lectorales des ressortissants d'un Etatmembre de l'Union europ\u00e9enne autre que la France pour les \u00e9lections municipales et de la loi n\u00b0 2016-1048 du 1\u00b0 ao\u00fbt 2016 r\u00e9novant les modalit\u00e9s d'inscription sur les listes \u00e9lectorales ;\nVu le d\u00e9cret en date du 31 octobre 2024 portant nomination de monsieur Alexandre Brug\u00e8re enqualit\u00e9 de pr\u00e9fet des Hauts-de-Seine ;\nVu l'instruction du Ministre de l'Int\u00e9rieur du 21 novembre 2018 relative \u00e0 la tenue des listes \u00e9lectoraleset des listes \u00e9lectorales compl\u00e9mentaires ;\nVu l'arr\u00eat\u00e9 pr\u00e9fectoral DCL/BRGE n\u00b0 2023 - 122 en date du 10 juillet 2023 portant nomination desmembres de la commission de contr\u00f4le charg\u00e9s de la r\u00e9gularit\u00e9 des listes \u00e9lectorales de la communede Puteaux ;\nVu le courriel en date du 3 octobre 2025 par lequel Monsieur le maire de Puteaux indique la volont\u00e9 deMonsieur Vincent Dubail de mettre fin \u00e0 son mandat de conseiller municipal ;\nConsid\u00e9rant qu'il convient de nommer, dans chaque commune les membres des commissions decontr\u00f4le charg\u00e9s de statuer sur les recours administratifs pr\u00e9alables et de s'assurer de la r\u00e9gularit\u00e9 deslistes \u00e9lectorales, et ce pour une nouvelle dur\u00e9e de 3 ans ;\nConsid\u00e9rant la n\u00e9cessit\u00e9 de remplacer M. Vincent DUBAIL ;\nSur proposition du secr\u00e9taire g\u00e9n\u00e9ral de la pr\u00e9fecture des Hauts-de-Seine,\n\nARRETE\nArticle 1\u00b0:\nL'article 1\u00b0 de l'arr\u00eat\u00e9 pr\u00e9fectoral DCL/BRGE n\u00b0 2023 - 122 en date du 10 juillet 2023 portantnomination des membres de la commission de contr\u00f4le charg\u00e9e de la r\u00e9gularit\u00e9 des listes \u00e9lectoralesde la commune de Puteaux est modifi\u00e9 comme suit :\nConseillers municipaux appartenant \u00e0 latroisi\u00e8me liste ayant obtenu le plusgrand nombre de si\u00e8ges lors du dernierrenouvellementdu conseil municipal\nTitulaire\n3 | Mme Bouchra SIRSALANE\nArticle 2 :Le reste de l'arr\u00eat\u00e9 pr\u00e9fectoral DCL/BRGE n\u00b0 2023 - 122 en date du 10juillet 2023 demeure inchang\u00e9.\nArticle 3 :Monsieur le secr\u00e9taire g\u00e9n\u00e9ral de la pr\u00e9fecture des Hauts-de-Seine ainsi que monsieur le maire deClichy-la-Garenne sont charg\u00e9, chacun en ce qui le concerne, de l'ex\u00e9cution du pr\u00e9sent arr\u00eat\u00e9 qui serapubli\u00e9 au recueil des actes administratif de l'\u00c9tat dans le d\u00e9partement des Hauts-de-Seine.\nLe pr\u00e9fet,Pour le pr\u00e9fet et par d\u00e9l\u00e9gation,Le secr\u00e9taire g\u00e9n\u00e9ral\nPascal UCI\n\n=e ee SE eee Bm ee a SR EEE SR 2 MR SERIES em 4264 UE D SR\nIMmMRI AA M  =\n= \" \" 1 1 1 x\nwe  EN UN  DATI  me  ere\n~ ra . \" LA LA 1\nAmis  ms  a . - 4 .\n1 \" 1 . . \" oe \" aa 4  - 1 \"4 1 1\n\u2014_s \u00ab CI CI oo. an\nat 1 nS\nCeO ll eel RPM  Da  ee  el\n9\nRECUEIL DES ACTES ADMINISTRATIFS\nDU\nPREFET DES HAUTS-DE-SEINE\nISSN 0985 - 5955\nPour toute correspondance, s'adresser \u00e0 :\nPREFET DES HAUTS-DE-SEINE\nSecr\u00e9tariat g\u00e9n\u00e9ral\nSecr\u00e9tariat g\u00e9n\u00e9ral aux affaires d\u00e9partementales\n167/177, Avenue Joliot Curie\n92013 NANTERRE CEDEX\nLe recueil des actes administratifs est consultable en ligne sur le site de la pr\u00e9fecture\nAdresse Internet : https://www.hauts-de-seine.gouv.fr/\nDirecteur de la publication:\nAlexandre BRUGERE\nPREFET DES HAUTS-DE-SEINE\nwe es  ER = ~-, ER 5 == ER, el SR ee el\n10\nPREFECTURE DES HAUTS-DE-SEINE\n167-177, avenue Joliot Curie 92013 NANTERRE Cedex\nCourriel : sgc-courrier@hauts-de-seine.gouv.fr\nStandard : 01.40.97.20.00 T\u00e9l\u00e9copie 01.40.97.25.21\nAdresse Internet : https://www.hauts-de-seine.gouv.fr/","date":"2025-10-27","first_seen_on":"2025-10-27T17:59:11+00:00","id":"af0ded0a73a2a35f0f6f0ccc2df42a52aa741c61c43aceb74d86ae44f138a94d","name":"2025-10-27 RAA sp\u00e9cial DCL du 27 octobre 2025","pdf_creation_date":null,"pdf_modification_date":"2025-10-27T15:58:08+00:00","timezone":"Europe/Paris","url":"https://www.hauts-de-seine.gouv.fr/contenu/telechargement/27578/191468/file/2025-10-27%20RAA%20sp%C3%A9cial%20DCL%20du%2027%20octobre%202025.pdf"}
