{"administration":"pref50","administration_name":"Pr\u00e9fecture de la Manche","content":"MANCHE\nRECUEIL DES ACTES\nADMINISTRATIFS\nN\u00b050-2025-090\nPUBLI\u00c9 LE  1 OCTOBRE 2025\nSommaire\nAgence r\u00e9gionale de sant\u00e9 de Normandie /\n50-2025-09-04-00015 - D\u00e9cision du 4 septembre 2025 portant\nmodification de l'autorisation de l'institut m\u00e9dico-\u00e9ducatif (IME) La\nGlacerie g\u00e9r\u00e9 par l'Association en Cotentin d'accompagnement inclusif\net solidaire (ACAIS). (4 pages) Page 7\n50-2025-09-04-00012 - D\u00e9cision du 4 septembre 2025 portant\nmodification de l'autorisation de l'institut m\u00e9dico-\u00e9ducatif (IME)\nMaurice Marie g\u00e9r\u00e9 par l'APEI du Centre Manche. (4 pages) Page 12\n50-2025-09-04-00011 - D\u00e9cision du 4 septembre 2025 portant\nmodification de l'autorisation du dispositif inclusif Henri Wallon g\u00e9r\u00e9\npar l'Association AGAPEI Granville. (4 pages) Page 17\n50-2025-09-04-00014 - D\u00e9cision du 4 septembre 2025 portant\nmodification de l'autorisation du service d'\u00e9ducation sp\u00e9ciale et de\nsoins \u00e0 domicile (SESSAD) g\u00e9r\u00e9 par l'Association pour l'aide aux\nadultes et aux jeunes en difficult\u00e9s (AAJD). (4 pages) Page 22\n50-2025-09-04-00010 - D\u00e9cision du 4 septembre 2025 portant\nsubd\u00e9l\u00e9gation de signature du Directeur g\u00e9n\u00e9ral de l'Agence\nr\u00e9gionale de sant\u00e9 de Normandie pour conduire les entretiens\nd'\u00e9valuation de certains personnels de direction des \u00e9tablissements\npublics de sant\u00e9 et des \u00e9tablissements sociaux et m\u00e9dico-sociaux\npublics au titre de l'ann\u00e9e 2025. (5 pages) Page 27\n50-2025-08-11-00003 - D\u00e9cision portant fixation pour l'ann\u00e9e 2025 du\nmontant et de la r\u00e9partition de la dotation globalis\u00e9e commune\npr\u00e9vue au contrat pluriannuel d'objectifs et de moyens de l'association\nANPA dite \"Addictions France\" en Normandie (3 pages) Page 33\nDirection d\u00e9partementale de la protection des populations /\n50-2025-09-03-00005 - Arr\u00eat\u00e9 pr\u00e9fectoral n\u00b0 DDPP / 2025-202\nattribuant l'habilitation sanitaire \u00e0 Madame HER Rebecca (2 pages) Page 37\n50-2025-09-11-00005 - Arr\u00eat\u00e9 pr\u00e9fectoral n\u00b0 DDPP / 2025-211\nattribuant l'habilitation sanitaire \u00e0 Madame PIEL Manon (2 pages) Page 40\n50-2025-09-02-00005 - Arr\u00eat\u00e9 pr\u00e9fectoral n\u00b0DDPP/2025-197\nabrogeant l'arr\u00eat\u00e9 d'attribution de l'habilitation sanitaire \u00e0 Monsieur\nFran\u00e7ois RUAUD  (3 pages) Page 43\nDirection d\u00e9partementale de l'emploi, du travail et des solidarit\u00e9s /\n50-2025-09-16-00001 - Arr\u00eat\u00e9 modificatif \u00e0 l'arr\u00eat\u00e9 du 1er\nseptembre 2023 relatif au renouvellement des membres de la commission\ndes droits et de l'autonomie des personnes handicap\u00e9es (6 pages) Page 47\n2\n50-2025-09-18-00002 - Arr\u00eat\u00e9 modificatif \u00e0 l'arr\u00eat\u00e9 portant\nrenouvellement de l'agr\u00e9ment de l'association\n\u00abHabitat et\nHumanisme Manche\u00bb pour des activit\u00e9s d'ing\u00e9nierie sociale,\nfinanci\u00e8re et technique et des activit\u00e9s d'interm\u00e9diation locative\net de gestion locative sociale (3 pages) Page 54\n50-2025-09-01-00020 - Arr\u00eat\u00e9 n\u00b0 2025-DDETS-PSA-39 portant\ncomposition du conseil m\u00e9dical relatif aux agents de la fonction publique\nhospitali\u00e8re  (5 pages) Page 58\n50-2025-09-03-00004 - Arr\u00eat\u00e9 n\u00b02025-DDETS-PSA-40 portant\ncomposition du conseil m\u00e9dical relatif aux agents des collectivit\u00e9s\nterritoriales (11 pages) Page 64\n50-2025-08-01-00006 - Arr\u00eat\u00e9 n\u00b02025-DDETS-PSA-41 portant\nagr\u00e9ment de l'Association D\u00e9partementale pour la Sauvegarde de\nl'Enfant \u00e0 l'Adulte de la Manche pour des activit\u00e9s d'ing\u00e9nierie\nsociale, financi\u00e8re et technique et des activit\u00e9s d'interm\u00e9diation\nlocative et de gestion locative sociale. (4 pages) Page 76\n50-2025-08-01-00007 - Arr\u00eat\u00e9 N\u00b02025-DDETS-PSA-42 portant\nagr\u00e9ment de l'Union D\u00e9partementale des Associations Familiales de la\nManche pour des activit\u00e9s d'ing\u00e9nierie sociale, financi\u00e8re et\ntechnique et des activit\u00e9s d'interm\u00e9diation locative et de gestion\nlocative sociale  (4 pages) Page 81\n50-2025-09-11-00003 - R\u00e9c\u00e9piss\u00e9 de d\u00e9claration d'un organisme de\nservices \u00e0 la personne enregistr\u00e9 sous le n\u00b0 SAP530035559 (1 page) Page 86\n50-2025-09-11-00002 - R\u00e9c\u00e9piss\u00e9 de d\u00e9claration d'un organisme de\nservices \u00e0 la personne enregistr\u00e9 sous le n\u00b0SAP898879523  (1 page) Page 88\n50-2025-07-24-00034 - R\u00e9c\u00e9piss\u00e9 de d\u00e9claration d'un organisme de\nservices \u00e0 la personne enregistr\u00e9 sous le n\u00b0SAP945016970 (1 page) Page 90\n50-2025-07-17-00006 - R\u00e9c\u00e9piss\u00e9 de d\u00e9claration d'un organisme de\nservices \u00e0 la personne enregistr\u00e9 sous le n\u00b0SAP988041455 (1 page) Page 92\n50-2025-07-24-00035 - R\u00e9c\u00e9piss\u00e9 de d\u00e9claration d'un organisme de\nservices \u00e0 la personne enregistr\u00e9 sous le n\u00b0SAP988937819 (2 pages) Page 94\nDirection d\u00e9partementale des finances publiques /\n50-2025-09-05-00002 - Arr\u00eat\u00e9 portant cl\u00f4ture des travaux de\nremaniement partiel du plan cadastral dans la commune de Picauville (1\npage) Page 97\nDirection d\u00e9partementale des territoires et de la mer /\n50-2025-08-28-00008 - Arr\u00eat\u00e9 2025-DDTM-SE-151 portant approbation\ndu DOCOB du site Natura 2000 \"littoral ouest du Cotentin de Saint\nGermain Sur Ay au Rozel\" (2 pages) Page 99\n50-2025-09-09-00006 - Arr\u00eat\u00e9 portant approbation du document-cadre\nfixant les orientations d'attribution des logements sociaux de la\nCommunaut\u00e9 de Communes Granville Terre et Mer (42 pages) Page 102\n3\n50-2025-09-10-00001 - Arr\u00eat\u00e9 pr\u00e9fectoral 2025-DDTM-SE-158 du 10\nseptembre 2025 de prescriptions au titre de l'article L214-3 du code de\nl'environnement concernant le projet d'\u00e9trepage de mares dans les\nmarais du cap et de Saint-Hilaire-commune de Carentan les Marais (3\npages) Page 145\nDirection des services d\u00e9partementaux de l'\u00e9ducation nationale /\n50-2025-08-29-00004 - Arr\u00eat\u00e9 autorisant la d\u00e9saffectation de biens\nimmeubles - Coll\u00e8ge de Saint-Vaast-la-Hougue (1 page) Page 149\nPr\u00e9fecture de la Manche /\n50-2025-09-19-00005 -  Arr\u00eat\u00e9 n\u00b0 61 autorisant l'utilisation temporaire\nen statut \u00ab cote ville \u00bb d'une partie \u00ab cote piste \u00bb de l'a\u00e9rodrome\nde Cherbourg Maupertus (6 pages) Page 151\n50-2025-09-11-00004 - Arr\u00eat\u00e9 accordant la d\u00e9nomination de\ncommune touristique \u00e0 la commune de GENETS (2 pages) Page 158\n50-2025-09-01-00026 - arrete approuvant la convention de concession d\nutilisation du domaine public maritime DDTM DTS 2025-40 (14 pages) Page 161\n50-2025-05-06-00003 - Arr\u00eat\u00e9 compl\u00e9mentaire relatif \u00e0\nl'Arr\u00eat\u00e9 N\u00b02023-DDTM-SE-0101\nportant d\u00e9claration\nd'int\u00e9r\u00eat g\u00e9n\u00e9ral au titre de l'article l.211-7 du code de\nl'environnement de travaux issus du programme de restauration des\ncours d'eau du bassin versant du Merderet (3 pages) Page 176\n50-2025-09-04-00001 - Arr\u00eat\u00e9 du 4 septembre 2025 fixant la liste des\ncommunes qui peuvent b\u00e9n\u00e9ficier de l'assistance technique mise \u00e0\ndisposition par le d\u00e9partement au sens de l'article R.3232-1 du CGCT\nen 2025 (9 pages) Page 180\n50-2025-09-17-00001 - Arr\u00eat\u00e9 instaurant un p\u00e9rim\u00e8tre de protection\naux abords de la commune du Mont-Saint-Michel (4 pages) Page 190\n50-2025-01-02-00001 - Arr\u00eat\u00e9 inter-pr\u00e9fectoral portant renouvellement\ndu comit\u00e9 consultatif de la r\u00e9serve naturelle nationale de la for\u00eat\ndomaniale de Cerisy (2 pages) Page 195\n50-2025-09-26-00003 - ARR\u00caT\u00c9 n\u00b0 2025-182 Portant approbation du\nsixi\u00e8me plan de gestion de la r\u00e9serve naturelle nationale du domaine de\nBeauguillot pour la p\u00e9riode 2025-2026  (64 pages) Page 198\n50-2025-09-01-00021 - Arr\u00eat\u00e9 n\u00b0 2025-44 Approuvant le transfert de\ngestion de d\u00e9pendances du domaine public maritime\nau b\u00e9n\u00e9fice\nde la communaut\u00e9 d'agglom\u00e9ration du cotentin pour le chemin et\nles\nr\u00e9seaux de la station d'\u00e9puration de Barneville-Carteret (2\npages) Page 263\n50-2025-05-22-00012 - Arr\u00eat\u00e9 n\u00b02025-DDTM-SE-077 portant\nd\u00e9claration d'int\u00e9r\u00eat g\u00e9n\u00e9ral au titre de l'article L.211-7 du code\nde l'environnement de travaux issus du programme de restauration des\ncours d'eau des bassins versants de la S\u00e8ves et de la Taute (4 pages) Page 266\n4\n50-2025-08-25-00004 - Arr\u00eat\u00e9 n\u00b060 autorisant l'utilisation temporaire\nen statut \u00ab cote ville \u00bb d'une partie \u00ab cote piste \u00bb de l'a\u00e9rodrome\nde Cherbourg-Maupertus (5 pages) Page 271\n50-2025-09-12-00001 - Arr\u00eat\u00e9 portant autorisation de proc\u00e9der \u00e0 la\ncaptation, \u00e0 l'enregistrement et \u00e0 la transmission d'images au moyen de\ncam\u00e9ras install\u00e9es sur des a\u00e9ronefs (2 pages) Page 277\n50-2025-09-08-00001 - Arr\u00eat\u00e9 portant composition de la commission\nd'organisation pour l'\u00e9lection 2025 du tribunal de commerce de\nCherbourg (3 pages) Page 280\n50-2025-09-08-00002 - Arr\u00eat\u00e9 portant composition de la commission\nd'organisation pour l'\u00e9lection 2025 du tribunal de commerce de\nCoutances (2 pages) Page 284\n50-2025-09-05-00001 - Arr\u00eat\u00e9 portant renouvellement de la commission\nlocale des transports publics particuliers de personnes de la Manche (2\npages) Page 287\n50-2025-09-04-00007 - Arr\u00eat\u00e9 portant renouvellement de la liste des\nm\u00e9decins lib\u00e9raux agr\u00e9\u00e9s, \u00e0 l'effet de contr\u00f4ler, \u00e0 leur cabinet,\nl'aptitude physique des candidats au permis de conduire et des\nconducteurs (3 pages) Page 290\n50-2025-09-19-00006 - Arr\u00eat\u00e9 portant tarification 2025 de la Mesure\nJudiciaire d'Investigation Educative du service d'investigation\nsp\u00e9cialis\u00e9 de Saint-L\u00f4 g\u00e9r\u00e9 par l'Association d\u00e9partementale\npour la sauvegarde des enfants \u00e0 l'adulte de la Manche (ADSEAM) (3\npages) Page 294\n50-2025-09-04-00006 - Arr\u00eat\u00e9 pr\u00e9fectoral n\u00b02025-08 du 4 septembre\n2025 portant modification des statuts du syndicat de la Vire (6 pages) Page 298\n50-2025-09-15-00001 - Arr\u00eat\u00e9 pr\u00e9fectoral portant d\u00e9claration\nd'utilit\u00e9 publique le projet d'acquisition de la propri\u00e9t\u00e9 sise 6\nrue de l'\u00c9glise (3 pages) Page 305\nSous-pr\u00e9fecture de Coutances /\n50-2025-08-07-00005 - Arr\u00eat\u00e9 modificatif portant nomination des\nmembres de la commission de contr\u00f4le charg\u00e9e de la r\u00e9gularit\u00e9 des\nlistes \u00e9lectorales dans la commune de Regn\u00e9ville-sur-Mer (2 pages) Page 309\nSous-pr\u00e9fecture d'Avranches /\n50-2025-09-15-00002 - Arr\u00eat\u00e9 n\u00b0 SPAVR-BDS-PA-2025-2025-180\nmodifiant l'autorisation d'exploiter un syst\u00e8me de vid\u00e9oprotection pour\nla Gendarmerie Nationale situ\u00e9 \u00e0 Saint-L\u00f4 (2 pages) Page 312\n50-2025-09-19-00003 - Arr\u00eat\u00e9 portant autorisation d'un syst\u00e8me de\nvid\u00e9oprotection  Mondial Relay consigne 028267 - Le Teilleul (3 pages) Page 315\n50-2025-09-02-00001 - Arr\u00eat\u00e9 portant autorisation d'un syst\u00e8me de\nvid\u00e9oprotection - Commune de Port-Bail-sur-Mer (3 pages) Page 319\n5\n50-2025-09-29-00003 - Arr\u00eat\u00e9 portant autorisation d'un syst\u00e8me de\nvid\u00e9oprotection - H\u00f4tel Kyriad - Carentan-les-Marais (3 pages) Page 323\n50-2025-09-29-00004 - Arr\u00eat\u00e9 portant autorisation d'un syst\u00e8me de\nvid\u00e9oprotection - Revival - Br\u00e9hal (3 pages) Page 327\n50-2025-09-29-00005 - Arr\u00eat\u00e9 portant autorisation d'un syst\u00e8me de\nvid\u00e9oprotection - Sarl KDC La Colombe - La Colombe (3 pages) Page 331\n50-2025-09-29-00002 - Arr\u00eat\u00e9 portant autorisation d'un syst\u00e8me de\nvid\u00e9oprotection - Sas Boulangerie BG - Saint-Hilaire-du-Harcou\u00ebt (3\npages) Page 335\n50-2025-06-23-00012 - Arr\u00eat\u00e9 portant modification d'un syst\u00e8me de\nvid\u00e9oprotection - Super U - Br\u00e9cey (2 pages) Page 339\n50-2025-09-19-00004 - Arr\u00eat\u00e9 portant modification d'un syst\u00e8me de\nvid\u00e9oprotection - Super U Sas Cyrius - Sainte-M\u00e8re-Eglise (2 pages) Page 342\n50-2025-09-02-00003 - Arr\u00eat\u00e9 portant modification d'un syst\u00e8me de\nvid\u00e9oprotection - Syndicat Mixte du point fort - centre d'enfouissement -\nCavigny (2 pages) Page 345\n50-2025-09-02-00002 - Arr\u00eat\u00e9 portant modification d'un syst\u00e8me de\nvid\u00e9oprotection - Syndicat Mixte du point fort - centre d'enfouissement -\nSaint-Fromond (2 pages) Page 348\nTribunal administratif de Caen /\n50-2025-09-01-00025 - D\u00e9cision portant d\u00e9l\u00e9gation de signature \u00e0 M\nStephen PRINGAULT (1 page) Page 351\n50-2025-09-01-00024 - D\u00e9cision portant d\u00e9l\u00e9gation de signature \u00e0\nMme Mireille PILLAIS TA CAEN (1 page) Page 353\n50-2025-09-01-00022 - D\u00e9cision portant d\u00e9l\u00e9gation de signature \u00e0\nMme Sandra MARLIER TA CAEN (1 page) Page 355\n50-2025-09-08-00004 - D\u00e9cision portant d\u00e9l\u00e9gation de signature \u00e0\nMmes Laurence Fanget et Marianne KREMP-SANCHEZ (1 page) Page 357\n50-2025-09-01-00023 - D\u00e9cision portant d\u00e9l\u00e9gation de signature Mme\nC\u00e9line Absolon TA CAEN (1 page) Page 359\nUnit\u00e9 d\u00e9partementale de l'architecture et du patrimoine /\n50-2025-09-04-00013 - D\u00e9cision du 4 septembre 2025 portant\nmodification de l'autorisation du service d'\u00e9ducation sp\u00e9ciale et de\nsoins \u00e0 domicile (SESSAD) g\u00e9r\u00e9 par l'Association en Cotentin\nd'accompagnement inclusif et solidaire (ACAIS). (3 pages) Page 361\n6\nAgence r\u00e9gionale de sant\u00e9 de Normandie\n50-2025-09-04-00015\nD\u00e9cision du 4 septembre 2025 portant\nmodification de l'autorisation de l'institut\nm\u00e9dico-\u00e9ducatif (IME) La Glacerie g\u00e9r\u00e9 par\nl'Association en Cotentin d'accompagnement\ninclusif et solidaire (ACAIS).\nAgence r\u00e9gionale de sant\u00e9 de Normandie - 50-2025-09-04-00015 - D\u00e9cision du 4 septembre 2025 portant modification de\nl'autorisation de l'institut m\u00e9dico-\u00e9ducatif (IME) La Glacerie g\u00e9r\u00e9 par l'Association en Cotentin d'accompagnement inclusif et solidaire\n(ACAIS).\n7\nEZR\u00c9PUBLIQUEFRAN\u00c7AISELibert\u00e9 @ \u00bb Agence R\u00e9gionalede Sant\u00e9\u00c9galit\u00e9 NormandieFraternit\u00e9\nDECISION PORTANT MODIFICATION DE L'AUTORISATION DE L'INSTITUT M\u00c9DICO-\u00c9DUCATIF(IME) LA GLACERIE G\u00c9R\u00c9 PAR L'ASSOCIATION EN COTENTIN D'ACCOMPAGNEMENT INCLUSIF\nVU:\nET SOLIDAIRE (ACAIS)Le Directeur g\u00e9n\u00e9ral de l'Agence r\u00e9gionale de sant\u00e9 de Normandie,\nLe code de I'action sociale et des familles, notamment les articles L.312-1, L.313-1 et suivants :Le d\u00e9cret du 26 juin 2024 portant nomination de Monsieur Fran\u00e7ois MENGIN LECREULX enqualit\u00e9 de Directeur g\u00e9n\u00e9ral de l'Agence r\u00e9gionale de sant\u00e9 de Normandie ;L'arr\u00e9t\u00e9 du 31 octobre 2023 portant approbation du projet r\u00e9gional de sant\u00e9 2023-2028 ;La d\u00e9cision du 12 ao\u00fbt 2024 portant modification de l'autorisation de l'IME \u00ab La Glacerie \u00bb g\u00e9r\u00e9par l'association en cotentin d'accompagnement inclusif et solidaire (ACAIS) ;La d\u00e9cision du 20 janvier 2025 relative \u00e0 l'actualisation du PRogramme Interd\u00e9partementald'ACcompagnement (PRIAC) des handicaps et de la perte d'autonomie de Normandie 2024-2028;La d\u00e9cision du 28 juillet 2025 portant d\u00e9l\u00e9gation de signature du Directeur g\u00e9n\u00e9ral de I'Agencer\u00e9gionale de sant\u00e9 de Normandie ;L'appel \u00e0 manifestation d'int\u00e9r\u00eat lanc\u00e9 le 9 janvier 2025 par l'Agence R\u00e9gionale de Sant\u00e9 deNormandie visant \u00e0 renforcer et \u00e0 adapter l'offre m\u00e9dico-sociale d'accompagnement despersonnes en situation de handicap ;Le projet d\u00e9pos\u00e9 le 3 avril 2025 par l'ACAIS ;L'avis du CODEX restreint de la Manche lors de sa s\u00e9ance du 20 mai 2025.\nSUR PROPOSITION de la Directrice de l'autonomie de l'Agence r\u00e9gionale de sant\u00e9 de Normandie ;\nDECIDEArticle1 : L'extension de capacit\u00e9 de I'|ME La Glacerie, \u00e0 hauteur d'une place d'accueil de jour s\u00e9quentielpour la prise en charge d'enfants et adolescents pr\u00e9sentant tous types de d\u00e9ficiences, est autoris\u00e9e \u00e0compter du 1\u00a2\" septembre 2025.\n1/4\nAgence r\u00e9gionale de sant\u00e9 de Normandie - 50-2025-09-04-00015 - D\u00e9cision du 4 septembre 2025 portant modification de\nl'autorisation de l'institut m\u00e9dico-\u00e9ducatif (IME) La Glacerie g\u00e9r\u00e9 par l'Association en Cotentin d'accompagnement inclusif et solidaire\n(ACAIS).\n8\nArticle 2 : L'IME est d\u00e9sormais autoris\u00e9 pour un fonctionnement \u00e0 hauteur globale de 186 places.Article 3 : Cette autorisation sera enregistr\u00e9e au fichier national des \u00e9tablissements sanitaires et sociauxFINESS selon les caract\u00e9ristiques suivantes : Entit\u00e9 Etablissement: IME La GlacerieEntit\u00e9 juridique : ACAIS Adresse : 1 rue Michel Petrucciani, La Glacerie 50470N\u00b0FINESS : 50 001 678 7 Cherbourg-en-CotentinStatut juridique : 60 \u2014 Association Loi N\u00b0FINESS : 50 000 033 61901 Non Reconnue d'Utilit\u00e9 Publique Cat\u00e9gorie d'\u00e9tablissement : 183 \u2014 IMEMode de financement : 57 - ARS Dot. Glob.InternatCode discipline d'\u00e9quipement : 844 - Tous projets \u00e9ducatifs, th\u00e9rapeutiques et p\u00e9dagogiquesCode client\u00e8le : 010 - Tous types de d\u00e9ficiences personnes handicap\u00e9esCode mode fonctionnement : 11 - H\u00e9bergement complet internatCapacit\u00e9 pr\u00e9c\u00e9dente : 31 placesCapacit\u00e9 totale autoris\u00e9e : 31 placesCode discipline d'\u00e9quipement : 844 \u2014 Tous projets \u00e9ducatifs, th\u00e9rapeutiques et p\u00e9dagogiquesCode client\u00e8le : 500 - PolyhandicapCode mode fonctionnement : 11 - H\u00e9bergement complet internatCapacit\u00e9 pr\u00e9c\u00e9dente : 7 placesCapacit\u00e9 totale autoris\u00e9e : 7 placesCode discipline d'\u00e9quipement : 844 - Tous projets \u00e9ducatifs, th\u00e9rapeutiques et p\u00e9dagogiquesCode client\u00e8le : 437 \u2014 Troubles du spectre de l'autismeCode mode fonctionnement : 11 - H\u00e9bergement complet internatCapacit\u00e9 pr\u00e9c\u00e9dente : 5 placesCapacit\u00e9 totale autoris\u00e9e : 5 placesAccueil de jourCode discipline d'\u00e9quipement : 844 - Tous projets \u00e9ducatifs, th\u00e9rapeutiques et p\u00e9dagogiquesCode client\u00e8le : 500 - PolyhandicapCode mode fonctionnement : 21 \u2014 Accueil de jourCapacit\u00e9 pr\u00e9c\u00e9dente : 15 placesCapacit\u00e9 totale autoris\u00e9e : 15 placesCode discipline d'\u00e9quipement : 844 - Tous projets \u00e9ducatifs, th\u00e9rapeutiques et p\u00e9dagogiquesCode client\u00e8le : 010 - Tous types de d\u00e9ficiences personnes handicap\u00e9esCode mode fonctionnement : 21 \u2014 Accueil de jourCapacit\u00e9 pr\u00e9c\u00e9dente : 105 placesCapacit\u00e9 totale autoris\u00e9e : 106 places (dont 5 places d'accueil de jour s\u00e9quentiel)Code discipline d'\u00e9quipement : 844 - Tous projets \u00e9ducatifs, th\u00e9rapeutiques et p\u00e9dagogiquesCode client\u00e8le : 437 - Troubles du spectre de l'autismeCode mode fonctionnement : 21 - Accueil de jourCapacit\u00e9 pr\u00e9c\u00e9dente : 8 placesCapacit\u00e9 totale autoris\u00e9e : 8 places\n2/4\nAgence r\u00e9gionale de sant\u00e9 de Normandie - 50-2025-09-04-00015 - D\u00e9cision du 4 septembre 2025 portant modification de\nl'autorisation de l'institut m\u00e9dico-\u00e9ducatif (IME) La Glacerie g\u00e9r\u00e9 par l'Association en Cotentin d'accompagnement inclusif et solidaire\n(ACAIS).\n9\nAccueil temporaireCode discipline d'\u00e9quipement : 844 - Tous projets \u00e9ducatifs, th\u00e9rapeutiques et p\u00e9dagogiquesCode client\u00e8le : 010 \u2014 Tous types de d\u00e9ficiences personnes handicap\u00e9esCode mode fonctionnement : 40 - Accueil temporaire avec h\u00e9bergementCapacit\u00e9 pr\u00e9c\u00e9dente : 1 placeCapacit\u00e9 totale autoris\u00e9e : 1 placeCode discipline d'\u00e9quipement : 844 \u2014 Tous projets \u00e9ducatifs, th\u00e9rapeutiques et p\u00e9dagogiquesCode client\u00e8le : 500 - PolyhandicapCode mode fonctionnement : 40 \u2014 Accueil temporaire avec h\u00e9bergementCapacit\u00e9 pr\u00e9c\u00e9dente : 5 placesCapacit\u00e9 totale autoris\u00e9e : 5 placesCode discipline d'\u00e9quipement : 844 - Tous projets \u00e9ducatifs, th\u00e9rapeutiques et p\u00e9dagogiquesCode client\u00e8le : 437 - Troubles du spectre de l'autismeCode mode fonctionnement : 40 \u2014 Accueil temporaire avec h\u00e9bergementCapacit\u00e9 pr\u00e9c\u00e9dente : 1 placeCapacit\u00e9 totale autoris\u00e9e : 1 placeUnit\u00e9 d'enseignement en maternelle (UEMA)Ecole maternelle Robert Doisneau, 131 avenue de Paris 50100 Cherbourg-en-CotentinCode discipline d'\u00e9quipement: 840 - accompagnement pr\u00e9coce dejeunes enfantsCode client\u00e8le : 437 - Troubles du spectre de l'autismeCode mode fonctionnement : 21 - Accueil de jourCapacit\u00e9 pr\u00e9c\u00e9dente : 7 placesCapacit\u00e9 totale autoris\u00e9e : 7 places\nArticle 4 : Cette autorisation reste accord\u00e9e pour 15 ans \u00e0 compter du 4 janvier 2017 soit jusqu'au 3janvier 2032. Son renouvellement total ou partiel sera notamment subordonn\u00e9 aux r\u00e9sultats del'\u00e9valuation de la qualit\u00e9 des prestations d\u00e9livr\u00e9es mentionn\u00e9e \u00e0 l'article L.312-8 dans les conditionspr\u00e9vues a l'article D.312-204 du code de I'action sociale et des familles.Article 5 : La pr\u00e9sente autorisation ne peut \u00eatre c\u00e9d\u00e9e qu'avec l'accord de l'autorit\u00e9 comp\u00e9tente pourla d\u00e9livrer.Article 6 : Au moins deux mois avant sa mise en \u0153uvre, tout changement important dans l'activit\u00e9,l'installation, l'organisation, la direction ou le fonctionnement d'un \u00e9tablissement, d'un service ou d'unlieu de vie et d'accueil soumis \u00e0 autorisation est d\u00e9clar\u00e9 \u00e0 l'autorit\u00e9 comp\u00e9tente ayant d\u00e9livr\u00e9l'autorisation.Article 7 : Au moins deux mois avant sa mise en \u0153uvre, tout changement dans les modalit\u00e9s de contr\u00f4ledirect ou indirect de la personne morale gestionnaire de l'\u00e9tablissement, du service ou du lieu de vie etd'accueil se traduisant par l'exercice direct ou indirect d'un pouvoir pr\u00e9pond\u00e9rant de d\u00e9cision ou degestion par une nouvelle personne morale est d\u00e9clar\u00e9 par cette derni\u00e8re \u00e0 l'autorit\u00e9 comp\u00e9tente ayantd\u00e9livr\u00e9 l'autorisation.Article 8 : Cette d\u00e9cision peut faire I'objet, dans le d\u00e9lai de deux mois francs \u00e0 compter de la date denotification au p\u00e9titionnaire ou de sa publication aux recueils des actes administratifs de la pr\u00e9fecturede la r\u00e9gion Normandie et de la pr\u00e9fecture de la Manche, d'un recours contentieux devant le TribunalAdministratif de Caen sis 3 Rue Arthur le Duc, 14000 Caen. Cette saisine peut se faire via l'application\u00ab T\u00e9l\u00e9recours citoyen \u00bb : www.telerecours.fr\n3/4\nAgence r\u00e9gionale de sant\u00e9 de Normandie - 50-2025-09-04-00015 - D\u00e9cision du 4 septembre 2025 portant modification de\nl'autorisation de l'institut m\u00e9dico-\u00e9ducatif (IME) La Glacerie g\u00e9r\u00e9 par l'Association en Cotentin d'accompagnement inclusif et solidaire\n(ACAIS).\n10\nArticle 9 : La Directrice de I'autonomie de l'Agence r\u00e9gionale de sant\u00e9 de Normandie est charg\u00e9e del'ex\u00e9cution de la pr\u00e9sente d\u00e9cision qui sera notifi\u00e9e au repr\u00e9sentant l\u00e9gal de l'\u00e9tablissement susvis\u00e9 etpubli\u00e9e aux recueils des actes administratifs de la pr\u00e9fecture de la r\u00e9gion Normandie et de la pr\u00e9fecturede la Manche.Fait \u00e0 Caen, le 4| \u00f1) LUN i@Le Dire fevE ,? \\eg TS elPf Pisecpt. e Noure(2,9\\?-9('}5 SR adexFran\u00e7ois M\u00cb\\IX\u00cb\u00cbI'@sQU\\e\\.'.07\u2014'3\\' -\n4/4\nAgence r\u00e9gionale de sant\u00e9 de Normandie - 50-2025-09-04-00015 - D\u00e9cision du 4 septembre 2025 portant modification de\nl'autorisation de l'institut m\u00e9dico-\u00e9ducatif (IME) La Glacerie g\u00e9r\u00e9 par l'Association en Cotentin d'accompagnement inclusif et solidaire\n(ACAIS).\n11\nAgence r\u00e9gionale de sant\u00e9 de Normandie\n50-2025-09-04-00012\nD\u00e9cision du 4 septembre 2025 portant\nmodification de l'autorisation de l'institut\nm\u00e9dico-\u00e9ducatif (IME) Maurice Marie g\u00e9r\u00e9 par\nl'APEI du Centre Manche.\nAgence r\u00e9gionale de sant\u00e9 de Normandie - 50-2025-09-04-00012 - D\u00e9cision du 4 septembre 2025 portant modification de\nl'autorisation de l'institut m\u00e9dico-\u00e9ducatif (IME) Maurice Marie g\u00e9r\u00e9 par l'APEI du Centre Manche. 12\nREPUBLIQUEFRANCAISELibert\u00e9Egalit\u00e9Fraternit\u00e9\nAl@ D Agence R\u00e9gionale de Sant\u00e9Normandie\n \n  1/4  \n \n \n \n \n \n \n \nDECISION PORTANT MODIFICATION DE L'AUTORISATION DE L'INSTITUT MEDICO-EDUCATIF \n(IME) MAURICE MARIE GERE PAR L'APEI DU CENTRE MANCHE \n \nLe Directeur g\u00e9n\u00e9ral de l'Agence R\u00e9gionale de Sant\u00e9 de Normandie, \n \n \n \nVU : \n \n- Le code de l'action sociale et des familles, notamment les articles L.312-1, L.313-1 et suivants ; \n \n- Le d\u00e9cret du 26 juin 2024 portant nomination de Monsieur Fran\u00e7ois MENGIN LECREULX en \nqualit\u00e9 de Directeur g\u00e9n\u00e9ral de l'Agence R\u00e9gionale de Sant\u00e9 de Normandie ;  \n \n- L'arr\u00eat\u00e9 du 31 octobre 2023 portant approbation du projet r\u00e9gional de sant\u00e9 2023 -2028 ; \n \n- La d\u00e9cision du 5 juin 2024 portant modification de l'autorisation de l'IME \u00ab Maurice Marie \u00bb g\u00e9r\u00e9 \npar l'APEI du Centre Manche ; \n \n- La d\u00e9cision du 20 janvier 2025 relative \u00e0 l'actualisation du PRogramme Interd\u00e9partemental \nd'ACcompagnement (PRIAC) des handicaps et de la perte d'autonomie de Normandie 2024 -\n2028 ; \n \n- La d\u00e9cision du 28 juillet 2025 portant d\u00e9l\u00e9gation de signature du Directeur g\u00e9n\u00e9ral de l'Agence \nr\u00e9gionale de sant\u00e9 de Normandie ; \n \n- L'instruction interminist\u00e9rielle n\u00b0 DGCS/SD3B/DGESCO/DI -TND/2024/113 du 5 septembre 2024 \nrelative \u00e0 l'autor\u00e9gulation en milieu scolaire ; \n \n- Le contrat pluriannuel d'objectifs et de moyens (CPOM) 2022-2026 sign\u00e9 le 13 juillet 2022 ; \n \n- L'appel \u00e0 manifestation d'int\u00e9r\u00eat lanc\u00e9 le 9 janvier 2025 par l'Agence R\u00e9gionale de Sant\u00e9 de \nNormandie visant \u00e0 renforcer et \u00e0 adapter l'offre m\u00e9dico -sociale d'accompagnement des \npersonnes en situation de handicap ; \n \n- Le projet d\u00e9pos\u00e9 le 3 avril 2025 par l'APEI du Centre Manche ; \n \n- L'avis du CODEX restreint de la Manche lors de sa s\u00e9ance du 20 mai 2025. \n \nCONSIDERANT la n\u00e9cessit\u00e9 de r\u00e9gulariser,  dans la pr\u00e9sente d\u00e9cision, les transformations de places \nautoris\u00e9es en lien avec le CPOM 2022-2026. \n \nSUR PROPOSITION de la Directrice de l'autonomie de l'Agence R\u00e9gionale de Sant\u00e9 de Normandie ;  \n \n \n \nAgence r\u00e9gionale de sant\u00e9 de Normandie - 50-2025-09-04-00012 - D\u00e9cision du 4 septembre 2025 portant modification de\nl'autorisation de l'institut m\u00e9dico-\u00e9ducatif (IME) Maurice Marie g\u00e9r\u00e9 par l'APEI du Centre Manche. 13\n \n  2/4  \n \nDECIDE \n \n \nArticle 1 : L'extension de capacit\u00e9 de l'IM E, \u00e0 hauteur de deux places  d'accueil de jour  dont 1 place \nd\u00e9di\u00e9e \u00e0 la prise en charge d'enfants et adolescents pr\u00e9sentant des troubles du spectre de l'autisme est \nautoris\u00e9e \u00e0 compter du 1er septembre 2025 dans le cadre de l'appel \u00e0 manifestation d'int\u00e9r\u00eat lanc\u00e9 le 9 \njanvier 2025. \n \nArticle 2 :  L'IME est d\u00e9sormais autoris\u00e9 pour un fonctionnement \u00e0 hauteur globale de 254 places. \n \nArticle 3 : L'activit\u00e9 de l'IME se tient sur les sites g\u00e9ographiques suivants : \n \n\u2022 Site principal : 240 rue d'A alen \u00e0 Saint -L\u00f4 - n\u00b0 FINESS  : 50 000 037 7  (Accueil de jour et \naccompagnement en milieu ordinaire). \n \n\u2022 Sites secondaires : \n- 240 rue des Noisetiers \u00e0 Saint -L\u00f4 \u2013 n\u00b0 FINESS  : 50  000 035 1 (Tous mode s d'accueil et \nd'accompagnement dont 40 places en h\u00e9bergement complet internat), \n- 64 A avenue Division Leclerc \u00e0 Coutances \u2013 n\u00b0 FINESS : 50 000 031 0 ( Tous modes d'accueil et \nd'accompagnement dont 10 places en h\u00e9bergement complet internat), \n- Rue du Buot \u00e0 Saint-L\u00f4 \u2013 n\u00b0 FINESS : 50 001 725 6 (Accompagnement en milieu ordinaire). \n \nArticle 4 : Cette autorisation sera enregistr\u00e9e au fichier national des \u00e9tablissements sanitaires et sociaux \nFINESS selon les caract\u00e9ristiques suivantes : \n \nEntit\u00e9 juridique : APEI Centre Manche \nN\u00b0FINESS : 50 001 034 3 \nStatut juridique : 61 \u2013 Association Loi \n1901 Reconnue d'Utilit\u00e9 Publique \nEntit\u00e9 Etablissement : IME Maurice Marie \nAdresse : 240 rue d'Aalen BP320 50010 Saint-L\u00f4 Cedex  \nN\u00b0FINESS : 50 000 037 7 (site principal) \nCat\u00e9gorie d'\u00e9tablissement : 183 \u2013 IME \nMode de financement : 57 \u2013 ARS Dot. Glob. \nInternat \nCode discipline d'\u00e9quipement : 844 \u2013 Tous projets \u00e9ducatifs, th\u00e9rapeutiques et p\u00e9dagogiques \nCode client\u00e8le : 010 \u2013 Tous types de d\u00e9ficiences personnes handicap\u00e9es \nCode mode fonctionnement : 11 \u2013 H\u00e9bergement complet internat \nCapacit\u00e9 pr\u00e9c\u00e9dente : 45 places \nCapacit\u00e9 totale autoris\u00e9e : 45 places (dont 5 places d\u00e9di\u00e9es en 365 jours) \nCode discipline d'\u00e9quipement : 844 \u2013 Tous projets \u00e9ducatifs, th\u00e9rapeutiques et p\u00e9dagogiques \nCode client\u00e8le : 500 - Polyhandicap \nCode mode fonctionnement : 11 \u2013 H\u00e9bergement complet internat \nCapacit\u00e9 pr\u00e9c\u00e9dente : 5 places \nCapacit\u00e9 totale autoris\u00e9e : 5 places \nAccueil de jour \nCode discipline d'\u00e9quipement : 844 \u2013 Tous projets \u00e9ducatifs, th\u00e9rapeutiques et p\u00e9dagogiques \nCode client\u00e8le : 010 \u2013 Tous types de d\u00e9ficiences personnes handicap\u00e9es \nCode mode fonctionnement : 21 \u2013 Accueil de jour \nCapacit\u00e9 pr\u00e9c\u00e9dente : 109 places \nCapacit\u00e9 totale autoris\u00e9e : 110 places \nAgence r\u00e9gionale de sant\u00e9 de Normandie - 50-2025-09-04-00012 - D\u00e9cision du 4 septembre 2025 portant modification de\nl'autorisation de l'institut m\u00e9dico-\u00e9ducatif (IME) Maurice Marie g\u00e9r\u00e9 par l'APEI du Centre Manche. 14\n \n  3/4  \nCode discipline d'\u00e9quipement : 844 \u2013 Tous projets \u00e9ducatifs, th\u00e9rapeutiques et p\u00e9dagogiques \nCode client\u00e8le : 500 - Polyhandicap \nCode mode fonctionnement : 21 \u2013 Accueil de jour \nCapacit\u00e9 pr\u00e9c\u00e9dente : 13 places \nCapacit\u00e9 totale autoris\u00e9e : 13 places \nCode discipline d'\u00e9quipement : 844 \u2013 Tous projets \u00e9ducatifs, th\u00e9rapeutiques et p\u00e9dagogiques \nCode client\u00e8le : 437 \u2013 Troubles du spectre de l'autisme \nCode mode fonctionnement : 21 \u2013 Accueil de jour \nCapacit\u00e9 pr\u00e9c\u00e9dente : 5 places \nCapacit\u00e9 totale autoris\u00e9e : 6 places \nMilieu ordinaire \nCode discipline d'\u00e9quipement : 844 \u2013 Tous projets \u00e9ducatifs, th\u00e9rapeutiques et p\u00e9dagogiques \nCode client\u00e8le : 010 \u2013 Tous types de d\u00e9ficiences personnes handicap\u00e9es \nCode mode fonctionnement : 16 \u2013 Prestation en milieu ordinaire \nCapacit\u00e9 pr\u00e9c\u00e9dente : 59 places \nCapacit\u00e9 totale autoris\u00e9e : 59 places \nCode discipline d'\u00e9quipement : 844 \u2013 Tous projets \u00e9ducatifs, th\u00e9rapeutiques et p\u00e9dagogiques \nCode client\u00e8le : 500 - Polyhandicap \nCode mode fonctionnement : 16 \u2013 Prestation en milieu ordinaire \nCapacit\u00e9 pr\u00e9c\u00e9dente : 5 places \nCapacit\u00e9 totale autoris\u00e9e : 5 places \nAutor\u00e9gulation - Ecole primaire, boulevard du 8 juin 50190 P\u00e9riers \nCode discipline d'\u00e9quipement : 841 \u2013 Accompagnement dans l'acquisition de l'autonomie et la \nscolarisation \nCode client\u00e8le : 010 \u2013 Tous types de handicap (Troubles du neurod\u00e9veloppement) \nCode mode fonctionnement : 16 \u2013 Prestation en milieu ordinaire \nCapacit\u00e9 pr\u00e9c\u00e9dente : 10 places \nCapacit\u00e9 totale autoris\u00e9e : 10 places \nAccueil familial \nCode discipline d'\u00e9quipement : 844 \u2013 Tous projets \u00e9ducatifs, th\u00e9rapeutiques et p\u00e9dagogiques \nCode client\u00e8le : 010 \u2013 Tous types de d\u00e9ficiences personnes handicap\u00e9es \nCode mode fonctionnement : 15 \u2013 Placement en famille d'accueil \nCapacit\u00e9 pr\u00e9c\u00e9dente : 1 place \nCapacit\u00e9 totale autoris\u00e9e : 1 place \n \n \nArticle 5 : Cette autorisation reste accord\u00e9e pour 15 ans \u00e0 compter du 4 janvier 2017  soit jusqu'au 3 \njanvier 2032. Son renouvellement total ou partiel sera notamment subordonn\u00e9 aux r\u00e9sultats de \nl'\u00e9valuation de la qualit\u00e9 des prestations d\u00e9livr\u00e9es mentionn\u00e9e \u00e0 l'article L .312-8 dans les conditions \npr\u00e9vues \u00e0 l'article D.312-204 du code de l'action sociale et des familles. \n \nArticle 6 : La pr\u00e9sente autorisation ne peut \u00eatre c\u00e9d\u00e9e qu'avec l'accord de l'autorit\u00e9 comp\u00e9tente pour \nla d\u00e9livrer. \n \nArticle 7 : Au moins deux mois avant sa mise en \u0153uvre, tout changement important dans l'activit\u00e9, \nl'installation, l'organisation, la direction ou le fonctionnement d'un \u00e9tablissement, d'un service ou d'un \nlieu de vie et d'accueil soumis \u00e0 autorisation est d\u00e9clar\u00e9 \u00e0 l' autorit\u00e9 comp\u00e9tente ayant d\u00e9livr\u00e9 \nl'autorisation.  \n \nAgence r\u00e9gionale de sant\u00e9 de Normandie - 50-2025-09-04-00012 - D\u00e9cision du 4 septembre 2025 portant modification de\nl'autorisation de l'institut m\u00e9dico-\u00e9ducatif (IME) Maurice Marie g\u00e9r\u00e9 par l'APEI du Centre Manche. 15\n \n  4/4  \nArticle 8 : Au moins deux mois avant sa mise en \u0153uvre, tout changement dans les modalit\u00e9s de contr\u00f4le \ndirect ou indirect de la personne morale gestionnaire de l'\u00e9tablissement, du service ou du lieu de vie et \nd'accueil se traduisant par l'exercice direct ou indirect d'un pouvoir pr\u00e9pond\u00e9rant de d\u00e9cision ou de \ngestion par une nouvelle personne morale est d\u00e9clar\u00e9 par cette derni\u00e8re \u00e0 l'autorit\u00e9 comp\u00e9tente ayant \nd\u00e9livr\u00e9 l'autorisation. \n \nArticle 9 : Cette d\u00e9cision peut faire l'objet, dans le d\u00e9lai de deux mois francs \u00e0 compter de la date de \nnotification au p\u00e9titionnaire ou de sa publication aux recueils des actes administratifs de la pr\u00e9fecture \nde la r\u00e9gion Normandie et de la pr\u00e9fecture de la Manche, d'un recours contentieux devant le Tribunal \nAdministratif de Caen sis 3 Rue Arthur le Duc, 14000 Caen . Cette saisine peut se faire via l'application  \n\u00ab T\u00e9l\u00e9recours citoyen \u00bb : www.telerecours.fr \n \nArticle 10 : La Directrice de l'autonomie de l'Agence R\u00e9gionale de Sant\u00e9 de Normandie est charg\u00e9e de \nl'ex\u00e9cution de la pr\u00e9sente d\u00e9cision qui sera notifi\u00e9e au repr\u00e9sentant l\u00e9gal de l'\u00e9tablissement susvis\u00e9 et \npubli\u00e9e aux recueils des actes administratifs de la pr\u00e9fecture de la r\u00e9gion Normandie et de la pr\u00e9fecture \nde la Manche. \n \n \nFait \u00e0 Caen, le 4 septembre 2025 \n \n \nP/Le Directeur g\u00e9n\u00e9ral, \nSign\u00e9 \nRonan ROUQUET \nAgence r\u00e9gionale de sant\u00e9 de Normandie - 50-2025-09-04-00012 - D\u00e9cision du 4 septembre 2025 portant modification de\nl'autorisation de l'institut m\u00e9dico-\u00e9ducatif (IME) Maurice Marie g\u00e9r\u00e9 par l'APEI du Centre Manche. 16\nAgence r\u00e9gionale de sant\u00e9 de Normandie\n50-2025-09-04-00011\nD\u00e9cision du 4 septembre 2025 portant\nmodification de l'autorisation du dispositif\ninclusif Henri Wallon g\u00e9r\u00e9 par l'Association\nAGAPEI Granville.\nAgence r\u00e9gionale de sant\u00e9 de Normandie - 50-2025-09-04-00011 - D\u00e9cision du 4 septembre 2025 portant modification de\nl'autorisation du dispositif inclusif Henri Wallon g\u00e9r\u00e9 par l'Association AGAPEI Granville. 17\nREPUBLIQUEFRANCAISELibert\u00e9Egalit\u00e9Fraternit\u00e9\nAl@ D Agence R\u00e9gionale de Sant\u00e9Normandie\n \n  1/4  \n \n \n \n \n \n \nDECISION PORTANT MODIFICATION DE L'AUTORISATION DU DISPOSITIF INCLUSIF HENRI \nWALLON GERE PAR L'ASSOCIATION AGAPEI GRANVILLE \n \nLe Directeur g\u00e9n\u00e9ral de l'Agence R\u00e9gionale de Sant\u00e9 de Normandie, \n \n \nVU : \n \n- Le code de l'action sociale et des familles, notamment les articles L.312-1, L.313-1 et suivants ; \n \n- Le d\u00e9cret du 26 juin 2024 portant nomination de Monsieur Fran\u00e7ois MENGIN LECREULX en \nqualit\u00e9 de Directeur g\u00e9n\u00e9ral de l'Agence R\u00e9gionale de Sant\u00e9 de Normandie ;  \n \n- La d\u00e9cision du 8 f\u00e9vrier 2021 portant modification de l'autorisation de l'IME \u00ab  Henri Wallon \u00bb, du \nCAFS de l'IME \u00ab Henri wallon \u00bb et du SESSAD \u00ab Henri Wallon \u00bb g\u00e9r\u00e9s par l'association AGAPEI ; \n \n- L'arr\u00eat\u00e9 du 31 octobre 2023 portant approbation du projet r\u00e9gional de sant\u00e9 2023 -2028 ; \n \n- La d\u00e9cision du 20 janvier 2025 relative \u00e0 l'actualisation du PRogramme Interd\u00e9partemental \nd'ACcompagnement (PRIAC) des handicaps et de la perte d'autonomie de Normandie 2024 -\n2028 ; \n \n- La d\u00e9cision du 28 juillet 2025 portant d\u00e9l\u00e9gation de signature du Directeur g\u00e9n\u00e9ral de l'Agence \nr\u00e9gionale de sant\u00e9 de Normandie ; \n \n- La convention de coop\u00e9ration \u00e0 titre exp\u00e9rimental de fonctionnement en dispositif du dispositif \nInclusif Henri Wallon (DIHW) en date du 30 juin 2021 ; \n \n- L'appel \u00e0 candidatures lanc\u00e9 le 27 mai 2025 par l'Agence R\u00e9gionale de Sant\u00e9 de Normandie en \nvue de la c r\u00e9ation d'une unit\u00e9 d'enseignement en maternelle pour enfants avec troubles du \nspectre de l'autisme (UEMA) dans le d\u00e9partement de la Manche ; \n \n- Le projet d\u00e9pos\u00e9 le 27 juin 2025 par l'association AGAPEI Granville ; \n \n- L'avis de classement du comit\u00e9 de s\u00e9lection d'appel \u00e0 candidatures lors de sa s\u00e9ance du 9 juillet \n2025. \n \n \nSUR PROPOSITION de la Directrice de l'autonomie de l'Agence R\u00e9gionale de Sant\u00e9 de Normandie ;  \n \n \nDECIDE \n \n \nArticle 1  : L'extension de capacit\u00e9 de 7 places du  Dispositif Inclusif Henri Wallon (DIHW) , g\u00e9r\u00e9 par \nl'association AGAPEI Granville , en vue de la cr\u00e9ation d'une unit\u00e9 d'enseignement en maternelle pour \nenfants avec troubles du spectre de l'autisme, est autoris\u00e9e \u00e0 compter du 1er septembre 2025. \nAgence r\u00e9gionale de sant\u00e9 de Normandie - 50-2025-09-04-00011 - D\u00e9cision du 4 septembre 2025 portant modification de\nl'autorisation du dispositif inclusif Henri Wallon g\u00e9r\u00e9 par l'Association AGAPEI Granville. 18\n \n  2/4  \n \n \nArticle 2 :  Le DIHW est d\u00e9sormais autoris\u00e9 pour un fonctionnement \u00e0 hauteur de 128 places. \n \nArticle 3 : Cette autorisation sera enregistr\u00e9e au fichier national des \u00e9tablissements sanitaires et \nsociaux FINESS selon les caract\u00e9ristiques suivantes : \n \nEntit\u00e9 juridique : AGAPEI Granville \nN\u00b0FINESS : 50 001 042 6 \nStatut juridique : 60 \u2013 Association Loi \n1901 non Reconnue d'Utilit\u00e9 Publique \nEntit\u00e9 Etablissement : Dispositif Inclusif Henri Wallon \nAdresse : 198 rue Saint Pierre et Miquelon BP 213 \n50402 Granville Cedex  \nN\u00b0FINESS : 50 000 032 8 \nCat\u00e9gorie d'\u00e9tablissement : 183 \u2013 IME \nMode de financement : 57 \u2013 ARS Dot. Glob. \nInternat \nCode discipline d'\u00e9quipement : 844 \u2013 Tous projets \u00e9ducatifs, th\u00e9rapeutiques et p\u00e9dagogiques \nCode client\u00e8le : 010 \u2013 Tous types de d\u00e9ficiences personnes handicap\u00e9es \nCode mode fonctionnement : 11 \u2013 H\u00e9bergement complet internat \nCapacit\u00e9 pr\u00e9c\u00e9dente : 6 places \nCapacit\u00e9 totale autoris\u00e9e : 6 places \nCode discipline d'\u00e9quipement : 844 \u2013 Tous projets \u00e9ducatifs, th\u00e9rapeutiques et p\u00e9dagogiques \nCode client\u00e8le : 500 - Polyhandicap \nCode mode fonctionnement : 11 \u2013 H\u00e9bergement complet internat \nCapacit\u00e9 pr\u00e9c\u00e9dente : 2 places \nCapacit\u00e9 totale autoris\u00e9e : 2 places \nAccueil de nuit (H\u00e9bergement \u00e9clat\u00e9) \nCode discipline d'\u00e9quipement : 844 \u2013 Tous projets \u00e9ducatifs, th\u00e9rapeutiques et p\u00e9dagogiques \nCode client\u00e8le : 010 \u2013 Tous types de d\u00e9ficiences personnes handicap\u00e9es \nCode mode fonctionnement : 22 \u2013 Accueil de nuit \nCapacit\u00e9 pr\u00e9c\u00e9dente : 7 places \nCapacit\u00e9 totale autoris\u00e9e : 7 places \nAccueil de jour \nCode discipline d'\u00e9quipement : 844 \u2013 Tous projets \u00e9ducatifs, th\u00e9rapeutiques et p\u00e9dagogiques \nCode client\u00e8le : 010 \u2013 Tous types de d\u00e9ficiences personnes handicap\u00e9es \nCode mode fonctionnement : 21 \u2013 Accueil de jour \nCapacit\u00e9 pr\u00e9c\u00e9dente : 52 places \nCapacit\u00e9 totale autoris\u00e9e : 52 places \nCode discipline d'\u00e9quipement : 844 \u2013 Tous projets \u00e9ducatifs, th\u00e9rapeutiques et p\u00e9dagogiques \nCode client\u00e8le : 500 - Polyhandicap \nCode mode fonctionnement : 21 \u2013 Accueil de jour \nCapacit\u00e9 pr\u00e9c\u00e9dente : 3 places \nCapacit\u00e9 totale autoris\u00e9e : 3 places \n  \nAgence r\u00e9gionale de sant\u00e9 de Normandie - 50-2025-09-04-00011 - D\u00e9cision du 4 septembre 2025 portant modification de\nl'autorisation du dispositif inclusif Henri Wallon g\u00e9r\u00e9 par l'Association AGAPEI Granville. 19\n \n  3/4  \n \nAccueil familial \nCode discipline d'\u00e9quipement : 844 \u2013 Tous projets \u00e9ducatifs, th\u00e9rapeutiques et p\u00e9dagogiques \nCode client\u00e8le : 010 \u2013 Tous types de d\u00e9ficiences personnes handicap\u00e9es \nCode mode fonctionnement : 15 \u2013 Placement en famille d'accueil \nCapacit\u00e9 pr\u00e9c\u00e9dente : 5 places \nCapacit\u00e9 totale autoris\u00e9e : 5 places \nMilieu ordinaire \nCode discipline d'\u00e9quipement : 844 \u2013 Tous projets \u00e9ducatifs, th\u00e9rapeutiques et p\u00e9dagogiques \nCode client\u00e8le : 010 \u2013 Tous types de d\u00e9ficiences personnes handicap\u00e9es \nCode mode fonctionnement : 16 \u2013 Prestation en milieu ordinaire \nCapacit\u00e9 pr\u00e9c\u00e9dente : 42 places \nCapacit\u00e9 totale autoris\u00e9e : 42 places \nCode discipline d'\u00e9quipement : 844 \u2013 Tous projets \u00e9ducatifs, th\u00e9rapeutiques et p\u00e9dagogiques \nCode client\u00e8le : 200 \u2013 Difficult\u00e9s psychologiques avec troubles du comportement \nCode mode fonctionnement : 16 \u2013 Prestation en milieu ordinaire \nCapacit\u00e9 pr\u00e9c\u00e9dente : 4 places \nCapacit\u00e9 totale autoris\u00e9e : 4 places \nUnit\u00e9 d'enseignement en maternelle (UEMA) \u2013 Ecole d'implantation en cours d'identification  \nCode discipline d'\u00e9quipement : 840 \u2013 Accompagnement pr\u00e9coce de jeunes enfants \nCode client\u00e8le : 437 \u2013 Troubles du spectre de l'autisme \nCode mode fonctionnement : 21 \u2013 Accueil de jour \nCapacit\u00e9 pr\u00e9c\u00e9dente : / \nCapacit\u00e9 totale autoris\u00e9e : 7 places \n \nArticle 4 : Cette autorisation reste accord\u00e9e pour 15 ans \u00e0 compter du 4 janvier 2017  soit jusqu'au 3 \njanvier 2032. Son renouvellement total ou partiel sera notamment subordonn\u00e9 aux r\u00e9sultats de \nl'\u00e9valuation de la qualit\u00e9 des prestations d\u00e9livr\u00e9es mentionn\u00e9e \u00e0 l'article L .312-8 dans les conditions \npr\u00e9vues \u00e0 l'article D.312-204 du code de l'action sociale et des familles. \n \nArticle 5 : La pr\u00e9sente autorisation ne peut \u00eatre c\u00e9d\u00e9e qu'avec l'accord de l'autorit\u00e9 comp\u00e9tente pour \nla d\u00e9livrer. \n \nArticle 6 : Au moins deux mois avant sa mise en \u0153uvre, tout changement important dans l'activit\u00e9, \nl'installation, l'organisation, la direction ou le fonctionnement d'un \u00e9tablissement, d'un service ou d'un \nlieu de vie et d'accueil soumis \u00e0 autorisation est d\u00e9clar\u00e9 \u00e0 l' autorit\u00e9 comp\u00e9tente ayant d\u00e9livr\u00e9 \nl'autorisation.  \n \nArticle 7 : Au moins deux mois avant sa mise en \u0153uvre, tout changement dans les modalit\u00e9s de contr\u00f4le \ndirect ou indirect de la personne morale gestionnaire de l'\u00e9tablissement, du service ou du lieu de vie et \nd'accueil se traduisant par l'exercice direct ou indirect d' un pouvoir pr\u00e9pond\u00e9rant de d\u00e9cision ou de \ngestion par une nouvelle personne morale est d\u00e9clar\u00e9 par cette derni\u00e8re \u00e0 l'autorit\u00e9 comp\u00e9tente ayant \nd\u00e9livr\u00e9 l'autorisation. \n \nArticle 8 : Cette d\u00e9cision peut faire l'objet, dans le d\u00e9lai de deux mois francs \u00e0 compter de la date de \nnotification au p\u00e9titionnaire ou de sa publication aux recueils des actes administratifs de la pr\u00e9fecture \nde la r\u00e9gion Normandie et de la pr\u00e9fecture de la Manche, d'un recours contentieux devant le Tribunal \nAdministratif de Caen sis 3 Rue Arthur le Duc, 14000 Caen . Cette saisine peut se faire via l'application  \n\u00ab T\u00e9l\u00e9recours citoyen \u00bb : www.telerecours.fr \n \nAgence r\u00e9gionale de sant\u00e9 de Normandie - 50-2025-09-04-00011 - D\u00e9cision du 4 septembre 2025 portant modification de\nl'autorisation du dispositif inclusif Henri Wallon g\u00e9r\u00e9 par l'Association AGAPEI Granville. 20\n \n  4/4  \nArticle 9 : La Directrice de l'autonomie de l'Agence R\u00e9gionale de Sant\u00e9 de Normandie est charg\u00e9e de \nl'ex\u00e9cution de la pr\u00e9sente d\u00e9cision qui sera notifi\u00e9e au repr\u00e9sentant l\u00e9gal de l'\u00e9tablissement susvis\u00e9 et \npubli\u00e9e aux recueils des actes administratifs de la pr\u00e9fecture de la r\u00e9gion Normandie et de la pr\u00e9fecture \nde la Manche. \n \n \nFait \u00e0 Caen, le 4 septembre 2025 \n \n \nP/Le Directeur g\u00e9n\u00e9ral, \nSign\u00e9 \nRonan ROUQUET \nAgence r\u00e9gionale de sant\u00e9 de Normandie - 50-2025-09-04-00011 - D\u00e9cision du 4 septembre 2025 portant modification de\nl'autorisation du dispositif inclusif Henri Wallon g\u00e9r\u00e9 par l'Association AGAPEI Granville. 21\nAgence r\u00e9gionale de sant\u00e9 de Normandie\n50-2025-09-04-00014\nD\u00e9cision du 4 septembre 2025 portant\nmodification de l'autorisation du service\nd'\u00e9ducation sp\u00e9ciale et de soins \u00e0 domicile\n(SESSAD) g\u00e9r\u00e9 par l'Association pour l'aide aux\nadultes et aux jeunes en difficult\u00e9s (AAJD).\nAgence r\u00e9gionale de sant\u00e9 de Normandie - 50-2025-09-04-00014 - D\u00e9cision du 4 septembre 2025 portant modification de\nl'autorisation du service d'\u00e9ducation sp\u00e9ciale et de soins \u00e0 domicile (SESSAD) g\u00e9r\u00e9 par l'Association pour l'aide aux adultes et aux\njeunes en difficult\u00e9s (AAJD).\n22\nEx g rR\u00c9PUBLIQUEFRAN\u00c7AISELiberes .)lgeqce R\u00e9gionale de Sant\u00e9Egalit\u00e9 NormandieFraternit\u00e9\nDECISION PORTANT MODIFICATION DE L'AUTORISATION DU SERVICE D'EDUCATIONSPECIALE ET DE SOINS A DOMICILE (SESSAD) GERE PAR L'ASSOCIATION POUR L'AIDE AUXADULTES ET AUX JEUNES EN DIFFICULTES (AAJD)Le Directeur g\u00e9n\u00e9ral de l'Agence r\u00e9gionale de sant\u00e9 de Normandie,\nVU :- \u2014 Le code de l'action sociale et des familles, notamment les articles L.312-1, L.313-1 et suivants ;- Le d\u00e9cret du 26 juin 2024 portant nomination de Monsieur Fran\u00e7ois MENGIN LECREULX enqualit\u00e9 de Directeur g\u00e9n\u00e9ral de l'Agence r\u00e9gionale de sant\u00e9 de Normandie ;- La d\u00e9cision du 19 juillet 2023 portant modification de l'autorisation du SESSAD de l'associationpour l'Aide aux adultes et aux Jeunes en Difficult\u00e9s (AAJD) ;- L'arr\u00eat\u00e9 du 31 octobre 2023 portant approbation du projet r\u00e9gional de sant\u00e9 2023-2028 ;- La d\u00e9cision du 20 janvier 2025 relative \u00e0 l'actualisation du PRogramme Interd\u00e9partementald'ACcompagnement (PRIAC) des handicaps et de la perte d'autonomie de Normandie 2024-2028;- La d\u00e9cision du 28 juillet 2025 portant d\u00e9l\u00e9gation de signature du Directeur g\u00e9n\u00e9ral de l'Agencer\u00e9gionale de sant\u00e9 de Normandie ;- L'instruction interminist\u00e9rielle n\u00b0 DGCS/SD3B/DGESCO/DI-TND/2024/113 du 5 septembre 2024relative \u00e0 l'autor\u00e9gulation en milieu scolaire ;- L''appel \u00e0 manifestation d'int\u00e9r\u00eat lanc\u00e9 le 9 janvier 2025 par l'Agence R\u00e9gionale de Sant\u00e9 deNormandie visant \u00e0 renforcer et \u00e0 adapter l'offre m\u00e9dico-sociale d'accompagnement despersonnes en situation de handicap ;- Le projet d\u00e9pos\u00e9 le 4 avril 2025 par l'AAJD ;L'avis du CODEX restreint de la Manche lors de sa s\u00e9ance du 20 mai 2025.\nSUR PROPOSITION de la Directrice de l'autonomie de l'Agence r\u00e9gionale de sant\u00e9 de Normandie ;\nDECIDE\n1/4\nAgence r\u00e9gionale de sant\u00e9 de Normandie - 50-2025-09-04-00014 - D\u00e9cision du 4 septembre 2025 portant modification de\nl'autorisation du service d'\u00e9ducation sp\u00e9ciale et de soins \u00e0 domicile (SESSAD) g\u00e9r\u00e9 par l'Association pour l'aide aux adultes et aux\njeunes en difficult\u00e9s (AAJD).\n23\nArticle 1: L'extension de capacit\u00e9 du SESSAD, \u00e0 hauteur d'1 place sur le site secondaire de Tourlavillepour la prise en charge d'enfants, adolescents et jeunes adultes pr\u00e9sentant des troubles de l'autisme eta hauteur de 2 places sur le site principal d'Agneaux, pour la prise en charge des enfants pr\u00e9sentant desdifficult\u00e9s psychologiques avec des troubles du comportement, est autoris\u00e9e \u00e0 compter du 1\u00a2septembre 2025.Article 2 : Le SESSAD est d\u00e9sormais autoris\u00e9 pour un fonctionnement \u00e0 hauteur globale de 146 places.Article 3 : Le num\u00e9ro FINESS 50 002 302 3 attribu\u00e9 \u00e0 l'UEMA (site secondaire de Saint-L\u00f4) est ferm\u00e9 afinde regrouper l''ensemble des places sous le num\u00e9ro FINESS du site principal du SESSAD AAJD CentreManche.Article 4 : Cette autorisation sera enregistr\u00e9e au fichier national des \u00e9tablissements sanitaires et sociauxFINESS selon les caract\u00e9ristiques suivantes :\nEntit\u00e9 Etablissement: SESSAD AAJD Centre MancheAdresse : 3 rue de la Banque 50180 AgneauxN\u00b0FINESS : 50 002 003 7 (site principal)Cat\u00e9gorie d'\u00e9tablissement : 182 - SESSADMode de financement : 57 - ARS Dot. Glob.\nEntit\u00e9 juridique : AAJDN\u00b0FINESS : 50 001 030 1Statut juridique : 60 \u2014 association Loi1901 Non Reconnue d'Utilit\u00e9 Publique\ne Site principal \u00e0 Agneaux - N\u00b0 FINESS : 50 002 003 7\nCode discipline d'\u00e9quipement : 844 - tous projets \u00e9ducatifs, p\u00e9dagogiques et th\u00e9rapeutiquesCode client\u00e8le : 200 - difficult\u00e9s psychologiques avec troubles du comportementCode mode fonctionnement : 16 - prestation en milieu ordinaireCapacit\u00e9 pr\u00e9c\u00e9dente : 30 placesCapacit\u00e9 totale autoris\u00e9e : 32 placesCode discipline d'\u00e9quipement : 844 - tous projets \u00e9ducatifs, p\u00e9dagogiques et th\u00e9rapeutiquesCode client\u00e8le : 117 \u2014 d\u00e9ficience intellectuelleCode mode fonctionnement: 16 - prestation en milieu ordinaireCapacit\u00e9 pr\u00e9c\u00e9dente : 25 placesCapacit\u00e9 totale autoris\u00e9e : 25 placesCode discipline d'\u00e9quipement : 844 - tous projets \u00e9ducatifs, p\u00e9dagogiques et th\u00e9rapeutiquesCode client\u00e8le : 437 - troubles du spectre de l'autismeCode mode fonctionnement : 16 - prestation en milieu ordinaireCapacit\u00e9 pr\u00e9c\u00e9dente : 9 placesCapacit\u00e9 totale autoris\u00e9e : 9 placesUnit\u00e9 d'enseignement en maternelle (UEMA)Ecole Samuel Beckett, Impasse du docteur Schweitzer 50000 ST LOCode discipline d'\u00e9quipement : 840 - accompagnement pr\u00e9coce de jeunes enfantsCode client\u00e8le : 437 - troubles du spectre de l'autismeCode mode fonctionnement: 21 - accueil de jourCapacit\u00e9 pr\u00e9c\u00e9dente : 7 placesCapacit\u00e9 totale autoris\u00e9e : 7 places\n2/4\nAgence r\u00e9gionale de sant\u00e9 de Normandie - 50-2025-09-04-00014 - D\u00e9cision du 4 septembre 2025 portant modification de\nl'autorisation du service d'\u00e9ducation sp\u00e9ciale et de soins \u00e0 domicile (SESSAD) g\u00e9r\u00e9 par l'Association pour l'aide aux adultes et aux\njeunes en difficult\u00e9s (AAJD).\n24\ne Site secondaire \u00e0 Tourlaville, sis 170 rue des entreprises 50110 Cherbourg-en-CotentinFINESS : 500020813\nCode discipline d'\u00e9quipement : 844 - tous projets \u00e9ducatifs, p\u00e9dagogiques et th\u00e9rapeutiquesCode client\u00e8le : 200 - difficult\u00e9s psychologiques avec troubles du comportementCode mode fonctionnement : 16 - prestation en milieu ordinaireCapacit\u00e9 pr\u00e9c\u00e9dente: 52 placesCapacit\u00e9 totale autoris\u00e9e : 52 placesCode discipline d'\u00e9quipement : 844 - tous projets \u00e9ducatifs, p\u00e9dagogiques et th\u00e9rapeutiquesCode client\u00e8le : 437 - troubles du spectre de l'autismeCode mode fonctionnement : 16 - prestation en milieu ordinaireCapacit\u00e9 pr\u00e9c\u00e9dente : /Capacit\u00e9 totale autoris\u00e9e : 1 placeUnit\u00e9 d'enseignement en \u00e9l\u00e9mentaire (UEEA)Ecole Fran\u00e7ois Mitterrand, 26 rue des Couplets 50120 Cherbourg-en-CotentinCode discipline d'\u00e9quipement: 841 - accompagnement dans |'acquisition de l'autonomie et lascolarisationCode client\u00e8le : 437 - troubles du spectre de l'autismeCode mode fonctionnement : 16 - prestation en milieu ordinaireCapacit\u00e9 pr\u00e9c\u00e9dente : 10 placesCapacit\u00e9 totale autoris\u00e9e : 10 placesAutor\u00e9gulation - Ecole Paul Bert, 1 rue du G\u00e9n\u00e9ral Leclerc 50 460 QuerquevilleCode discipline d'\u00e9quipement: 841 - Accompagnement dans l'acquisition de l'autonomie et lascolarisationCode client\u00e8le : 010 - tous types de d\u00e9ficiences (Troubles du neurod\u00e9veloppement)Code mode fonctionnement : 16 - Prestation en milieu ordinaireCapacit\u00e9 pr\u00e9c\u00e9dente : 10 placesCapacit\u00e9 totale autoris\u00e9e : 10 placesArticle S : Cette autorisation reste accord\u00e9e pour 15 ans \u00e0 compter du 4 janvier 2017 soit jusqu'au 3janvier 2032. Son renouvellement total ou partiel sera notamment subordonn\u00e9 aux r\u00e9sultats del'\u00e9valuation de la qualit\u00e9 des prestations d\u00e9livr\u00e9es mentionn\u00e9e \u00e0 l'article L.312-8 dans les conditionspr\u00e9vues \u00e0 l'article D.312-204 du code de l'action sociale et des familles.Article 6 : La pr\u00e9sente autorisation ne peut \u00eatre c\u00e9d\u00e9e qu'avec l'accord de l'autorit\u00e9 comp\u00e9tente pourla d\u00e9livrer.Article 7 : Au moins deux mois avant sa mise en \u0153uvre, tout changement important dans l'activit\u00e9,l'installation, l'organisation, la direction ou le fonctionnement d'un \u00e9tablissement, d'un service ou d'unheu de vie et d'accueil soumis \u00e0 autorisation est d\u00e9clar\u00e9 \u00e0 l'autorit\u00e9 comp\u00e9tente ayant d\u00e9livr\u00e9l'autorisation.Article 8 : Au moins deux mois avant sa mise en \u0153uvre, tout changement dans les modalit\u00e9s de contr\u00f4ledirect ou indirect de la personne morale gestionnaire de l'\u00e9tablissement, du service ou du lieu de vie etd'accueil se traduisant par l'exercice direct ou indirect d'un pouvoir pr\u00e9pond\u00e9rant de d\u00e9cision ou degestion par une nouvelle personne morale est d\u00e9clar\u00e9 par cette derni\u00e8re \u00e0 l'autorit\u00e9 comp\u00e9tente ayantd\u00e9livr\u00e9 l'autorisation.\n3/4\nAgence r\u00e9gionale de sant\u00e9 de Normandie - 50-2025-09-04-00014 - D\u00e9cision du 4 septembre 2025 portant modification de\nl'autorisation du service d'\u00e9ducation sp\u00e9ciale et de soins \u00e0 domicile (SESSAD) g\u00e9r\u00e9 par l'Association pour l'aide aux adultes et aux\njeunes en difficult\u00e9s (AAJD).\n25\nArticle 9 : Cette d\u00e9cision peut faire I'objet, dans le d\u00e9lai de deux mois francs \u00e0 compter de la date denotification au p\u00e9titionnaire ou de sa publication aux recueils des actes administratifs de la pr\u00e9fecturede la r\u00e9gion Normandie et de la pr\u00e9fecture de la Manche, d'un recours contentieux devant le TribunalAdministratif de Caen sis 3 Rue Arthur le Duc, 14000 Caen. Cette saisine peut se faire via l'application\u00ab T\u00e9l\u00e9recours citoyen \u00bb : www.telerecours.frArticle 10 : La Directrice de l'autonomie de l'Agence r\u00e9gionale de sant\u00e9 de Normandie est charg\u00e9e del'ex\u00e9cution de la pr\u00e9sente d\u00e9cision qui sera notifi\u00e9e au repr\u00e9sentant l\u00e9gal de l'\u00e9tablissement susvis\u00e9 etpubli\u00e9e aux recueils des actes administratifs de la pr\u00e9fecture de la r\u00e9gion Normandie et de la pr\u00e9fecturede la Manche.Fait \u00e0 Caen, le G |4 | 7005\nFran\u00e7\u00ee\u00e4\u00e6mn '-m~tel.. 02.31.70:2%\n4/4\nAgence r\u00e9gionale de sant\u00e9 de Normandie - 50-2025-09-04-00014 - D\u00e9cision du 4 septembre 2025 portant modification de\nl'autorisation du service d'\u00e9ducation sp\u00e9ciale et de soins \u00e0 domicile (SESSAD) g\u00e9r\u00e9 par l'Association pour l'aide aux adultes et aux\njeunes en difficult\u00e9s (AAJD).\n26\nAgence r\u00e9gionale de sant\u00e9 de Normandie\n50-2025-09-04-00010\nD\u00e9cision du 4 septembre 2025 portant\nsubd\u00e9l\u00e9gation de signature du Directeur g\u00e9n\u00e9ral\nde l'Agence r\u00e9gionale de sant\u00e9 de Normandie\npour conduire les entretiens d'\u00e9valuation de\ncertains personnels de direction des\n\u00e9tablissements publics de sant\u00e9 et des\n\u00e9tablissements sociaux et m\u00e9dico-sociaux\npublics au titre de l'ann\u00e9e 2025.\nAgence r\u00e9gionale de sant\u00e9 de Normandie - 50-2025-09-04-00010 - D\u00e9cision du 4 septembre 2025 portant subd\u00e9l\u00e9gation de signature\ndu Directeur g\u00e9n\u00e9ral de l'Agence r\u00e9gionale de sant\u00e9 de Normandie pour conduire les entretiens d'\u00e9valuation de certains personnels\nde direction des \u00e9tablissements publics de sant\u00e9 et des \u00e9tablissements sociaux et m\u00e9dico-sociaux publics au titre de l'ann\u00e9e 2025.\n27\nREPUBLIQUEFRANCAISELibert\u00e9Egalit\u00e9Fraternit\u00e9\nAl@ D Agence R\u00e9gionale de Sant\u00e9Normandie\n \n \n \n \n \nD\u00e9cision portant subd\u00e9l\u00e9gation de signature \ndu Directeur g\u00e9n\u00e9ral de l'Agence r\u00e9gionale de sant\u00e9 de Normandie \npour conduire les entretiens d'\u00e9valuation de certains personnels de direction des \n\u00e9tablissements publics de sant\u00e9 et des \u00e9tablissements sociaux et m\u00e9dico-sociaux \npublics au titre de l'ann\u00e9e 2025 \n \n \nLe Directeur g\u00e9n\u00e9ral de l'Agence r\u00e9gionale de sant\u00e9 de Normandie \n \n \nVU Code g\u00e9n\u00e9ral de la fonction publique (partie l\u00e9gislative) ; \nVU D\u00e9cret n\u00b0 2005 -921 du 2 ao\u00fbt 2005 modifi\u00e9 portant statut partic ulier des grades et emplois des \npersonnels de direction des \u00e9tablissements mentionn\u00e9s \u00e0 l'article 2 (1\u00b0 et 2\u00b0) de la loi n\u00b0 86 -33 du 9 \njanvier 1986 portant dispositions statutaires relatives \u00e0 la fonction publique hospitali\u00e8re ; \n \nVU D\u00e9cret n\u00b0 2007-1930 du 26 d\u00e9cembre 2007 modifi\u00e9 portant statut particulier du corps des directeurs \nd'\u00e9tablissements sanitaires, sociaux et m\u00e9dico-sociaux de la fonction publique hospitali\u00e8re ; \n \nVU D\u00e9cret n\u00b0 2012-749 du 9 mai 2012 modifi\u00e9 relatif \u00e0 la prime de fonctions et de r\u00e9sultats des corps ou \nemplois fonctionnels des personnels de direction et des directeurs des soins de la fonction publique \nhospitali\u00e8re ; \n \nVU D\u00e9cret n\u00b0 2018-255 du 9 avril 2018 relatif aux modalit\u00e9s d'indemnisation des p\u00e9riodes d'int\u00e9rim et \u00e0 \nl'indemnit\u00e9 de direction commune pour certains personnels de la fonction publique hospitali\u00e8re ; \n \nVU D\u00e9cret n\u00b0 2020 -719 du 12 j uin 2020 relatif aux conditions g\u00e9n\u00e9rales de l'appr\u00e9ciati on de la valeur \nprofessionnelle des fonctionnaires de la fonction publique hospitali\u00e8re ; \n \nVU D\u00e9cret du 26 juin 2024 portant nomination du Directeur g\u00e9n\u00e9ral de l'Agence r\u00e9gionale de sant\u00e9 de \nNormandie, Monsieur Fran\u00e7ois MENGIN LECREULX ; \n \nVU Arr\u00eat\u00e9 du 1er septembre 2005 modifi\u00e9 relatif aux modalit\u00e9s d'\u00e9valuation des personnels de direction \net des directeurs des soins des \u00e9tablissements mentionn\u00e9s \u00e0 l'article 2 de la loi n\u00b0 86 -33 du 9 janvier \n1986 modifi\u00e9e portant dispositions statutaires relatives \u00e0 la fonction publique hospitali\u00e8re ; \n \nVU Arr\u00eat\u00e9 du 9 mai 2012 modifi\u00e9 fixant les montants de r\u00e9f\u00e9rence de la prime de fonctions et de r\u00e9sultats \napplicables aux corps ou emplois fonctionnels des personnels de direction et des directeurs de soins \nde la fonction publique hospitali\u00e8re ; \n  \nAgence r\u00e9gionale de sant\u00e9 de Normandie - 50-2025-09-04-00010 - D\u00e9cision du 4 septembre 2025 portant subd\u00e9l\u00e9gation de signature\ndu Directeur g\u00e9n\u00e9ral de l'Agence r\u00e9gionale de sant\u00e9 de Normandie pour conduire les entretiens d'\u00e9valuation de certains personnels\nde direction des \u00e9tablissements publics de sant\u00e9 et des \u00e9tablissements sociaux et m\u00e9dico-sociaux publics au titre de l'ann\u00e9e 2025.\n28\n \n \n \nVU Arr\u00eat\u00e9 du 9 mai 2012 fixant la liste des indemnit\u00e9s  relevant des exceptions pr\u00e9vues \u00e0 l'article 7 du \nd\u00e9cret n\u00b0 2012-749 du 9 mai 2012 modifi\u00e9 relatif \u00e0 la prime de fonctions et de r\u00e9sultats des corps ou \nemplois fonctionnels des personnels de direction et des directeurs  de soins de la fonction publique \nhospitali\u00e8re ; \n \nVU Arr\u00eat\u00e9 du 9 avril 2018 fixant les montants de l'indemnisation des p\u00e9riodes d'int\u00e9rim et de l'indemnit\u00e9 \nde direction commune pour certains personnels de la fonction publique hospitali\u00e8re  \n \nVU Note d'information n\u00b0 CNG/DGD/2025/101 du 16 juillet 2025 relative \u00e0 l'\u00e9valuation et \u00e0 la prime de \nfonctions et de r\u00e9sultats des directeurs d'h\u00f4pital, directeurs d'\u00e9tablissements sanitaires, sociaux et \nm\u00e9dico-sociaux, et des directeurs des soins des \u00e9tablissements mentionn\u00e9s \u00e0 l'article L5 du Code \ng\u00e9n\u00e9ral de la fonction publique, portant dispositions statutaires relatives \u00e0 la fonction publique \nhospitali\u00e8re, au titre de l'ann\u00e9e 2025. \n \nD E C I D E \n \nArticle 1 er \u2013 D\u00e9l\u00e9gation est accord\u00e9e \u00e0 l'effet de conduire les entretiens d'\u00e9valuation au nom du              \nDirecteur g\u00e9n\u00e9ral de l'Agence r\u00e9gionale de sant\u00e9 de Normandie au titre de l'ann\u00e9e 2025, aux \nresponsables de l'A.R.S. ci-apr\u00e8s d\u00e9sign\u00e9s : \n \n \n \n \n \n \n \n \n \n \n \nMme D\u00e9borah \nCVETOJEVIC, \nDirectrice de \nl'Autonomie ARS de \nNormandie \n \n \n \n \n \n \n \n \n \n \n \n \n \n \n- Mme Dina ABIDOS, directrice de l'EHPAD la Roseraie  \u00e0 Noues de \nSienne (14) \n \n- Mme Anicette  ALLOMBERT, directrice de la direction commune \nPercy et Canisy (50) \n \n- M. Jean -Ren\u00e9 BEASSE, directeur de la direction commune EPMS \nBocage Hayland et l'Ehpad P\u00e9reau Lejamtel (50) \n \n- M. Amar BENSMINA, directeur de la direction commune des Ehpad \nd'Agon-Coutainville et Saint Sauveur Village (50) \n \n- M. Pierre BERTHE, directeur de la direction commune de l'Ehpad de \nP\u00e9riers, de l'Ehpa de Montsenelle, La Haye et de Neufmesnil (50) \n \n- Mme Agn\u00e8s BERTIN, directrice de l'Ehpad Jean Ferdinand de St Jean \n\u00e0 Caen (14) \n \n- Mme Anne-Laure BUTAULT, directrice de l'Ehpad Delivet \u00e0 Ducey \nl\u00e8s Ch\u00e9ris (50) \n \n- Mme Aline DANSETTE, directrice de la direction commune des \nEhpad d'Aumale, Gaillefontaine et de Forges les Eaux (76) \n \n- Mme Elise GAMBIER, directrice de l'Ehpad La Maison de Jeanne \u00e0  \nVillers-Bocage (14) \n \nAgence r\u00e9gionale de sant\u00e9 de Normandie - 50-2025-09-04-00010 - D\u00e9cision du 4 septembre 2025 portant subd\u00e9l\u00e9gation de signature\ndu Directeur g\u00e9n\u00e9ral de l'Agence r\u00e9gionale de sant\u00e9 de Normandie pour conduire les entretiens d'\u00e9valuation de certains personnels\nde direction des \u00e9tablissements publics de sant\u00e9 et des \u00e9tablissements sociaux et m\u00e9dico-sociaux publics au titre de l'ann\u00e9e 2025.\n29\n \nMme D\u00e9borah \nCVETOJEVIC, \nDirectrice de \nl'Autonomie ARS de \nNormandie \n \n- M. Christophe GUILARD, directeur de l'Ehpad Les Lices Jourdan \u00e0  \nSauveur le Vicomte (50) \n \n- Mme Clothilde HARITCHABALET, directrice de l'EPA Helen Keller \ndu Havre (76) \n \n- M. Alexandre JACQUES, directeur de l'ETP st James (14) \n \n- M. Jean-Marie KERFOURN, directeur de l'EHPAD de Douvres la \nD\u00e9livrande (14) \n \n- Mme Ga\u00eblle LE DIZES, directrice de la  direction commune des \nEhpad d'Argences et de Troarn (14) \n \n- Mme Mathilde MAIRY, directrice de l'EPM de Grugny (76) \n \n- Mme Rachel MILANDOU, directrice de l'EPMS d'Aunay sur Odon et \nGraye sur Mer (14) \n \n- Mme Marie-Pascale MONGAUX, directrice de la direction commune \ndu Trait d'Union du Cailly, Ehpad de Maromme, de Notre Dame de \nBondeville et de Montville (76) \n \n- M. Emmanuel PHILIPPE, directeur de la direction commune des \nEhpad de Carquebut et de Sainte M\u00e8re Eglise (50) \n \n \n \n \n \n \n \n \n \n \nM. J\u00e9r\u00f4me DUPONT, \nAdjoint \u00e0 la directrice \nde l'Autonomie ARS de \nNormandie \n \n \n \n \n \n \n \n \n \n \n \n \n \n \n \n \n- Mme Anne CABARET, directrice de l'EPIFAJ de Bacqueville en Caux \n(76) \n \n- Mme Mathilde CHAPELLE, directrice du Foyer d'H\u00e9bergement, de \nl'Atelier de Jour et du Service d'Accompagnement \u00e0 la Vie Sociale \nd'Yvetot (76) \n \n- M. Thierry DANOS, directeur contractuel de l'IMS de Bolbec (76) \n \n- M. Franck DELIEZ, directeur de l'Ehpad de Blangy sur Bresle (76) \n \n- Mme Myl\u00e8ne FLAMENT, directrice de l'IDEFHI de Canteleu (76) \n \n- Mme Corinne GODEL, directrice de la direction commune des \nEhpad de Buchy et de la Feuillie (76) \n \n- Mme Ludivine GROULT, directrice du Foyer Occupationnel A de \nMaromme (76) \n \n- Mme Delphine GUILLO , directrice d e l'EHPAD St Jacques et St \nChristophe \u00e0 Cesny Bois Halbout (14) \n \n- Mme Florence LE GUEN, directrice de l'Ehpad de Saint Sa\u00ebns (76)  \n \n- Mme Valentine MEHEUT, directrice de l'Ehpad de Caudebec les \nElbeuf (76) \n \nAgence r\u00e9gionale de sant\u00e9 de Normandie - 50-2025-09-04-00010 - D\u00e9cision du 4 septembre 2025 portant subd\u00e9l\u00e9gation de signature\ndu Directeur g\u00e9n\u00e9ral de l'Agence r\u00e9gionale de sant\u00e9 de Normandie pour conduire les entretiens d'\u00e9valuation de certains personnels\nde direction des \u00e9tablissements publics de sant\u00e9 et des \u00e9tablissements sociaux et m\u00e9dico-sociaux publics au titre de l'ann\u00e9e 2025.\n30\n \n \nM. J\u00e9r\u00f4me DUPONT, \nAdjoint \u00e0 la directrice \nde l'Autonomie ARS de \nNormandie \n- Mme Paola MORCAM, directrice de l'IME d'Yvetot (76) \n \n- Mme St\u00e9phanie PANCHOUT, directrice de l'EPMS de F\u00e9camp (76)  \n \n- Mme Isabelle PLAUD, directrice du Centre d'H\u00e9bergement \nG\u00e9rontologique de D\u00e9ville les Rouen (76) \n \n- Mme Sylvie SCHRUB, directrice de la direction commune des Ehpad \nde Fauville en Caux et de Grainville la Teinturi\u00e8re (76) \n \n- Mme Mahaut SOURON -COSSON, directrice de l'Ehpad de \nCaudebec en Caux (76) \n \nMme C\u00e9cile LHEUREUX, \nD\u00e9l\u00e9gu\u00e9e territoriale \nARS du Calvados \n \n- Mme Sophie VINCENT, directrice de l'Ehpad St Joseph \u00e0 d'Isigny sur \nMer (14) \n \nM. Philippe LUCCIONI-\nMICHAUX, \nDirecteur \nd\u00e9partemental de \nl'Eure \n \n- M. Andr\u00e9 MINYEMECK, directeur de l' Ehpad de Conches en Ouche \n(27) \n \n- Mme Catherine SAUVEPLANE, directrice de la direction commune \ndes Ehpad d'Harcourt, Brionne et de Pont Authou (27) \n \n- M. J\u00e9r\u00f4me TRIQUET, directeur du centre d'h\u00e9bergement et \nd'accompagnement g\u00e9rontologique de Pacy sur Eure (27) \n \n \n \nM. Yoann BRIDOU, \nDirecteur \nd\u00e9partemental ARS de \nla Manche \n \n \n- M. Eric CARVALHEIRO, directeur de l'Ehpad La demeure de Cassine \n\u00e0 Montebourg (50) \n \n- Mme Lise COUEFFEUR, directrice de l'Ehpad La Clairi\u00e8re des  \nBernardins \u00e0 Torigny les Villes (50) \n \n- M. Guillaume HURET, directeur de l'Ehpad Val de Saire \u00e0 Saint Vaast \nLa Hougue (50) \n \n \nMme Anne-Catherine \nSUDRE, \nDirectrice \nd\u00e9partementale ARS de \nl'Orne \n \n- M. Laurent VIVIER, directeur de la direction commune des Ehpad de \nBarenton, Le Teilleul et des Andaines (61) \n \n \n \n \nArticle 2 . \u2013 La pr\u00e9sente d\u00e9cision peut faire l'objet d'un recours contentieux devant le tribunal \nadministratif comp\u00e9tent dans un d\u00e9lai de deux mois \u00e0 compter de sa notification ou \npublication pour les tiers. \n \n \nAgence r\u00e9gionale de sant\u00e9 de Normandie - 50-2025-09-04-00010 - D\u00e9cision du 4 septembre 2025 portant subd\u00e9l\u00e9gation de signature\ndu Directeur g\u00e9n\u00e9ral de l'Agence r\u00e9gionale de sant\u00e9 de Normandie pour conduire les entretiens d'\u00e9valuation de certains personnels\nde direction des \u00e9tablissements publics de sant\u00e9 et des \u00e9tablissements sociaux et m\u00e9dico-sociaux publics au titre de l'ann\u00e9e 2025.\n31\n \nArticle 3. \u2013  La Directrice de la Direction de l'Autonomie de l' Agence r\u00e9gionale de la sant\u00e9 de \nNormandie est charg\u00e9e de l'ex\u00e9cution de la pr\u00e9sidente d\u00e9cision qui est publi\u00e9e au recueil \ndes actes administratifs de la Pr\u00e9fecture de la r\u00e9gion Normandie, de la Pr\u00e9fecture des \nd\u00e9partements du Calvados, de la Manche, de l'Orne, de la Seine Maritime et de l'Eure.  \n \n \n       Fait \u00e0 Caen, le 4 septembre 2025 \n \n       Le Directeur g\u00e9n\u00e9ral \nSign\u00e9 \n       Fran\u00e7ois MENGIN LECREULX \n \nAgence r\u00e9gionale de sant\u00e9 de Normandie - 50-2025-09-04-00010 - D\u00e9cision du 4 septembre 2025 portant subd\u00e9l\u00e9gation de signature\ndu Directeur g\u00e9n\u00e9ral de l'Agence r\u00e9gionale de sant\u00e9 de Normandie pour conduire les entretiens d'\u00e9valuation de certains personnels\nde direction des \u00e9tablissements publics de sant\u00e9 et des \u00e9tablissements sociaux et m\u00e9dico-sociaux publics au titre de l'ann\u00e9e 2025.\n32\nAgence r\u00e9gionale de sant\u00e9 de Normandie\n50-2025-08-11-00003\nD\u00e9cision portant fixation pour l'ann\u00e9e 2025 du\nmontant et de la r\u00e9partition de la dotation\nglobalis\u00e9e commune pr\u00e9vue au contrat\npluriannuel d'objectifs et de moyens de\nl'association ANPA dite \"Addictions France\" en\nNormandie\nAgence r\u00e9gionale de sant\u00e9 de Normandie - 50-2025-08-11-00003 - D\u00e9cision portant fixation pour l'ann\u00e9e 2025 du montant et de la\nr\u00e9partition de la dotation globalis\u00e9e commune pr\u00e9vue au contrat pluriannuel d'objectifs et de moyens de l'association ANPA dite\n\"Addictions France\" en Normandie\n33\nREPUBLIQUEFRANCAISELibert\u00e9\u00c9galit\u00e9Fraternit\u00e9\nAl@ D Agence R\u00e9gionale de Sant\u00e9Normandie\n \n  1/3  \n \nDECISION PORTANT FIXATION POUR L'ANNEE 2025  \nDU MONTANT ET DE LA REPARTITION  \nDE LA DOTATION GLOBALISEE COMMUNE \n PREVUE AU CONTRAT PLURIANNUEL D'OBJECTIFS ET DE MOYENS  \nDE L'ASSOCIATION ANPAA DITE \u00ab ADDICTIONS FRANCE \u00bb  \nEN NORMANDIE \nFINESS : 14 003 452 1 \n \nPOUR LES ETABLISSEMENTS SUIVANTS \nCentre de Soins, d'Accompagnement et de Pr\u00e9vention en Addictologie (CSAPA),  \nsis \u00e0 CAEN (14000) - FINESS : 14 001 707 0 \nCentre de Soins, d'Accompagnement et de Pr\u00e9vention en Addictologie (CSAPA), \nsis \u00e0 EVREUX (27000) - FINESS : 27 001 313 9 \nCentre de Soins, d'Accompagnement et de Pr\u00e9vention en Addictologie (CSAPA),  \nsis \u00e0 AVRANCHES (50300) - FINESS : 50 001 679 5 \nCentre d'Accueil et d'Accompagnement \u00e0 la R\u00e9duction des Risques pour les Usagers de Drogues (CAARUD), \nsis \u00e0 AVRANCHES (50300) - FINESS : 50 002 462 5 \nCentre de Soins, d'Accompagnement et de Pr\u00e9vention en Addictologie (CSAPA),  \nsis \u00e0 ALEN\u00c7ON (61000) - FINESS : 61 000 639 7 \nLE DIRECTEUR GENERAL DE L'AGENCE REGIONALE DE SANTE DE NORMANDIE \nVU le code de l'action sociale et des familles ; \nVU le code de la sant\u00e9 publique ; \nVU le code de la s\u00e9curit\u00e9 sociale ; \nVU la loi n\u00b0 2025-199 du 28 f\u00e9vrier 2025 de financement de la s\u00e9curit\u00e9 sociale pour 2025 ;  \nVU le d\u00e9cret du 26 juin 2024 portant nomination du Directeur g\u00e9n\u00e9ral de l'Agence r\u00e9gionale de sant\u00e9 \nde Normandie, Monsieur Fran\u00e7ois MENGIN LECREULX ; \nVU l'arr\u00eat\u00e9 du 5 septembre 2013  modifiant l'arr\u00eat\u00e9 du 22 octobre 2003 fixant les mod\u00e8les de \ndocuments pr\u00e9vus aux articles 9, 12, 16, 18, 19, 47 et 83 du code de l'action sociale et des familles ; \nVU l'arr\u00eat\u00e9 du 4 ao\u00fbt 2025 fixant pour l'ann\u00e9e 2025 les dotations r\u00e9gionales limitatives de d\u00e9penses \nm\u00e9dico-sociales des \u00e9tablissements et services m\u00e9dico -sociaux publics et priv\u00e9s mentionn\u00e9s \u00e0 \nl'article L. 314-3-3 du code de l'action sociale et des familles ; \nVU la d\u00e9cision du 28 juillet 2025 portant d\u00e9l\u00e9gation de signature du Directeur g\u00e9n\u00e9ral de l'Agence \nr\u00e9gionale de sant\u00e9 de Normandie ; \n \nAgence r\u00e9gionale de sant\u00e9 de Normandie - 50-2025-08-11-00003 - D\u00e9cision portant fixation pour l'ann\u00e9e 2025 du montant et de la\nr\u00e9partition de la dotation globalis\u00e9e commune pr\u00e9vue au contrat pluriannuel d'objectifs et de moyens de l'association ANPA dite\n\"Addictions France\" en Normandie\n34\n \n  2/3  \nVU le Contrat pluriannuel d'objectifs et de moyens (CPOM) conclu le 20 d\u00e9cembre 2019 entre \nl'association Addictions France  et l'Agence r\u00e9gionale de sant\u00e9 Normandie, prenant effet au 1 er  \njanvier 2020 ;  \nVU l'instruction DGCS/SD5B/SD1B/DSS/SD1A/DGS/SP2/SP3/2025/ 71 du 7 ao\u00fbt  2025 relative aux \norientations de la campagne budg\u00e9taire, pour l'ann\u00e9e 2025, des \u00e9tablissements et services \nm\u00e9dico-sociaux (ESMS) accueillant des personnes confront\u00e9es \u00e0 des difficult\u00e9s sp\u00e9cifiques : \nappartements de coordination th\u00e9rapeutique (ACT), lits halte  soins sant\u00e9 (LHSS), LHSS \np\u00e9rinatalit\u00e9, centres d'accueil et d'accompagnement \u00e0 la r\u00e9duction des risques pour les usagers \nde drogues (CAARUD), centres de soins, d'accompagnement et de pr\u00e9vention en addictologie \n(CSAPA), lits d'accueil m\u00e9dicalis\u00e9 (LAM), \u00e9quipes mobiles sant\u00e9 pr\u00e9carit\u00e9 (EMSP, LHSS mobiles ou \nde jour), \u00e9quipes sp\u00e9cialis\u00e9es de soins infirmiers (ESSIP) et \u00ab Un chez soi d'abord \u00bb (UCSD) ;  \n \nDECIDE \n \nArticle 1 :  Pour l'exercice 2025, la dotation globalis\u00e9e commune des \u00e9tablissements et services   \nm\u00e9dico-sociaux \u00e0 destination des personnes dites en \u00ab difficult\u00e9s sp\u00e9cifiques \u00bb, g\u00e9r\u00e9s en \nNormandie par l'association Addictions France dont le si\u00e8ge r\u00e9gional se situe 82 boulevard \nDunois \u00e0 Caen (14000), a \u00e9t\u00e9 fix\u00e9e en application des dispositions du contrat pluriannuel \nd'objectifs et de moyens susvis\u00e9 \u00e0 5 924 760 \u20ac. Son calcul et sa r\u00e9partition sont d\u00e9taill\u00e9s ci -\ndessous :  \n \nDispositif \nBase \nreconductible au \n1er janvier 2025 \nActualisation  \n0.92% \nMesures \nnouvelles \nCr\u00e9dits non \nreconductibles \nDotation \nglobale de \nfinancement \n CSAPA 14 1 858 565 \u20ac 17 099 \u20ac 100 000 \u20ac 228 433 \u20ac 2 204 097 \u20ac \n CSAPA 50 1 248 509 \u20ac 11 486 \u20ac 162 200 \u20ac 0 \u20ac 1 422 195 \u20ac \n CAARUD 50 186 818 \u20ac 1 719 \u20ac 63 913 \u20ac 10 000 \u20ac 262 450 \u20ac \n CSAPA 61 1 096 656 \u20ac 10 089 \u20ac 162 200 \u20ac 41 600 \u20ac 1 310 545 \u20ac \n CSAPA 27  570 227 \u20ac 5 246 \u20ac 100 000 \u20ac 50 000 \u20ac 725 473 \u20ac \n \nDans le cadre du CPOM, le principe pos\u00e9 par la loi est une libre affectation des r\u00e9sultats \nr\u00e9alis\u00e9s par le gestionnaire d\u00e8s la contractualisation. Pour autant, chaque ann\u00e9e, les priorit\u00e9s \nd'affectation font l'objet d'un \u00e9change avec l'ARS  \u00e0 l'occasion de la transmission des \ncomptes administratifs des \u00e9tablissements.  \nArticle 2 :   En application de l'article R.314 -107 du code de l'action sociale et des familles, la fraction \nforfaitaire correspond au douzi\u00e8me de la dotation globale de financement.  \nArticle 3 :  Les recours contentieux dirig\u00e9s contre la pr\u00e9sente d\u00e9cision doivent \u00eatre port\u00e9s devant le \nTribunal Interr\u00e9gional de la Tarification Sanitaire et Sociale sis 2 Place de l'Edit de Nantes,    \n44 185 Nantes, dans un d\u00e9lai d'un mois \u00e0 compter de sa publication ou, pour les personnes \nauxquelles elle sera notifi\u00e9e, \u00e0 compter de sa notification. \n \nAgence r\u00e9gionale de sant\u00e9 de Normandie - 50-2025-08-11-00003 - D\u00e9cision portant fixation pour l'ann\u00e9e 2025 du montant et de la\nr\u00e9partition de la dotation globalis\u00e9e commune pr\u00e9vue au contrat pluriannuel d'objectifs et de moyens de l'association ANPA dite\n\"Addictions France\" en Normandie\n35\n \n  3/3  \nArticle 4 :  La pr\u00e9sente d\u00e9cision sera publi\u00e9e aux recueils des actes administratifs de la pr\u00e9fecture de la \nr\u00e9gion Normandie et des pr\u00e9fectures de d\u00e9partement du Calvados, de l'Eure, de la Manche \net de l'Orne.  \n \nArticle 5 :  La Directrice de la sant\u00e9 publique est charg\u00e9e de l'ex\u00e9cution de la pr\u00e9sente d\u00e9cision qui sera \nnotifi\u00e9e \u00e0 l'entit\u00e9 gestionnaire Association Addictions France Normandie  et aux \n\u00e9tablissements concern\u00e9s. \n \n \nFait \u00e0 Caen, le 11 ao\u00fbt 2025 \nPour le Directeur g\u00e9n\u00e9ral  \net par d\u00e9l\u00e9gation, \nla Directrice de la sant\u00e9 publique \n \n \n \n \nNathalie VIARD \n \n \nAgence r\u00e9gionale de sant\u00e9 de Normandie - 50-2025-08-11-00003 - D\u00e9cision portant fixation pour l'ann\u00e9e 2025 du montant et de la\nr\u00e9partition de la dotation globalis\u00e9e commune pr\u00e9vue au contrat pluriannuel d'objectifs et de moyens de l'association ANPA dite\n\"Addictions France\" en Normandie\n36\nDirection d\u00e9partementale de la protection des\npopulations\n50-2025-09-03-00005\nArr\u00eat\u00e9 pr\u00e9fectoral n\u00b0 DDPP / 2025-202 attribuant\nl'habilitation sanitaire \u00e0 Madame HER Rebecca\nDirection d\u00e9partementale de la protection des populations - 50-2025-09-03-00005 - Arr\u00eat\u00e9 pr\u00e9fectoral n\u00b0 DDPP / 2025-202 attribuant\nl'habilitation sanitaire \u00e0 Madame HER Rebecca 37\nPREFETDE LA MANCHEL'iberte'Egalit\u00e9Fraternit\u00e9\nDirection d\u00e9partementale de la\nprotection des populations\nService sant\u00e9 protection animales \nARR\u00caT\u00c9 PREFECTORAL n\u00b0 DDPP / 2025-202\nattribuant l'habilitation sanitaire \u00e0  Madame HER Rebecca\nLe Pr\u00e9fet de la Manche\nChevalier de la L\u00e9gion d'honneur \nChevalier de l'ordre national du M\u00e9rite\nVu le code rural et de la p\u00eache maritime et notamment ses articles L. 203-1 \u00e0 L. 203-7 , L. 223-\n6, R. 203-1 \u00e0 R. 203-15 et R. 242-33,\nVu le d\u00e9cret n\u00b0 80-516 du 4 juillet 1980, modifi\u00e9 par le d\u00e9cret n\u00b0 90-1033 du 19 novembre\n1990  et  par  le  d\u00e9cret  2003-768  du  1er ao\u00fbt  2003,  relatif  \u00e0  l'ex\u00e9cution  des  mesures  de\nprophylaxie collective des maladies des animaux,\nVu le  d\u00e9cret  n\u00b0  2004.374  du  29  avril  2004  modifi\u00e9,  relatif  aux  pouvoirs  des  pr\u00e9fets,  \u00e0\nl'organisation  et  \u00e0  l'action  des  services  de  l'\u00c9tat  dans  les  r\u00e9gions  et  d\u00e9partements  et\nnotamment son article 43,\nVu le d\u00e9cret du 13 juillet 2023 portant nomination de M. Xavier BRUNETIERE  en qualit\u00e9 de\npr\u00e9fet de la Manche,\nVu l'arr\u00eat\u00e9 pr\u00e9fectoral n\u00b0 2024-11-VN en date du 8 avril 2024 donnant d\u00e9l\u00e9gation de signature \u00e0\nM. Pol KERMORGANT, directeur d\u00e9partemental de la protection des populations, \nVu l'arr\u00eat\u00e9 pr\u00e9fectoral DDPP n\u00b02025-112 du 22 mai 2025 portant subd\u00e9l\u00e9gation de signature de\nM. Pol KERMORGANT, directeur d\u00e9partemental de la protection des populations, en mati\u00e8re\nd'administration g\u00e9n\u00e9rale,\nVu la demande du 29/07/25, par Madame HER Rebecca, domicili\u00e9(e) professionnellement \u00e0 la\nCM VET Saint Roch 665 rue de Tessy 50000 SAINT-LO,\nConsid\u00e9rant que  Madame  HER Rebecca remplit  les conditions permettant  l'attribution de\nl'habilitation sanitaire,\nSur proposition du directeur d\u00e9partemental de la protection des populations de la Manche.\nARR\u00caTE\nArticle 1 er : L'habilitation sanitaire pr\u00e9vue \u00e0 l'article L. 203-1 du code rural et de la p\u00eache\nmaritime susvis\u00e9 est attribu\u00e9e pour une dur\u00e9e de 5 ans \u00e0 la Madame HER  Rebecca docteur\nv\u00e9t\u00e9rinaire n\u00b0 30959, administrativement domicili\u00e9(e) \u00e0 la CM VET Saint Roch 665 rue de\nTessy 50000 SAINT-LO.\nArticle 2 : Dans la mesure o\u00f9 les conditions requises ont \u00e9t\u00e9 respect\u00e9es, cette habilitation\nsanitaire est renouvelable par p\u00e9riode de 5 ann\u00e9es tacitement reconduites sous r\u00e9serve\npour le v\u00e9t\u00e9rinaire sanitaire de justifier \u00e0 l'issue de chaque p\u00e9riode de 5 ans, aupr\u00e8s du\npr\u00e9fet de la Manche, du respect de ses obligations de formation continue pr\u00e9vues \u00e0 l'article\nR. 203-12.\nDirection d\u00e9partementale de la protection des populations - 50-2025-09-03-00005 - Arr\u00eat\u00e9 pr\u00e9fectoral n\u00b0 DDPP / 2025-202 attribuant\nl'habilitation sanitaire \u00e0 Madame HER Rebecca 38\nArticle  3  :  Madame  HER  Rebecca  s'engage  \u00e0  respecter  les  prescriptions  techniques,\nadministratives et, le cas \u00e9ch\u00e9ant financi\u00e8res de mise en \u0153uvre des mesures de pr\u00e9vention,\nde surveillance ou de lutte prescrites par l'autorit\u00e9 administrative  et des op\u00e9rations de\npolice sanitaire ex\u00e9cut\u00e9es en application de l'article L.  203-7 du code rural et de la p\u00eache\nmaritime.\nArticle 4 :   Madame HER Rebecca  pourra \u00eatre appel\u00e9(e) par le pr\u00e9fet de ses d\u00e9partements\nd'exercice pour la r\u00e9alisation d'op\u00e9rations de police sanitaire au sein des lieux de d\u00e9tention ou\ndes \u00e9tablissements pour lesquels il/elle a \u00e9t\u00e9 d\u00e9sign\u00e9(e) v\u00e9t\u00e9rinaire sanitaire. Il/elle sera tenu(e)\nde concourir \u00e0 ces op\u00e9rations en application des dispositions de l'article L.  203-7 du code rural\net de la p\u00eache maritime.\nArticle 5 :  Tout manquement ou faute commis dans l'exercice de la pr\u00e9sente habilitation\nsanitaire entra\u00eenera l'application des dispositions pr\u00e9vues aux articles R.  203-15, R. 228-6 et\nsuivants du code rural et de la p\u00eache maritime.\nArticle  6  :  La  pr\u00e9sente  d\u00e9cision  peut  faire  l'objet  d'un  recours  devant  le  Tribunal\nAdministratif de CAEN(14) dans un d\u00e9lai de deux mois \u00e0 compter de la date de notification.\nLe tribunal administratif peut \u00eatre saisi par l'application informatique \"T\u00e9l\u00e9recours citoyens\"\naccessible par le site internet www.telerecours.fr.\nArticle  7 :  Le  secr\u00e9taire  g\u00e9n\u00e9ral  de  la  pr\u00e9fecture  et  le  directeur  d\u00e9partemental  de  la\nprotection des populations sont charg\u00e9s, chacun en ce qui le concerne, de l'ex\u00e9cution du\npr\u00e9sent arr\u00eat\u00e9 qui sera ins\u00e9r\u00e9 au Recueil des actes administratifs de la Pr\u00e9fecture de la\nManche.\nSAINT-LO, le  03/09/25\nPour le Pr\u00e9fet \nsign\u00e9\n  Camille LE MOINE\n477 boulevard de la Doll\u00e9e - BP 90286 - 50006 Saint-L\u00f4 Cedex\nT\u00e9l : 02 33 72 60 70  - M\u00e9l : ddpp  @  manche  .gouv.fr  \nSite internet : www.manche.gouv.fr\nAccueil du public du lundi au vendredi  de 9h \u00e0 11h30 et de 14h \u00e0 16h\nDirection d\u00e9partementale de la protection des populations - 50-2025-09-03-00005 - Arr\u00eat\u00e9 pr\u00e9fectoral n\u00b0 DDPP / 2025-202 attribuant\nl'habilitation sanitaire \u00e0 Madame HER Rebecca 39\nDirection d\u00e9partementale de la protection des\npopulations\n50-2025-09-11-00005\nArr\u00eat\u00e9 pr\u00e9fectoral n\u00b0 DDPP / 2025-211 attribuant\nl'habilitation sanitaire \u00e0 Madame PIEL Manon\nDirection d\u00e9partementale de la protection des populations - 50-2025-09-11-00005 - Arr\u00eat\u00e9 pr\u00e9fectoral n\u00b0 DDPP / 2025-211 attribuant\nl'habilitation sanitaire \u00e0 Madame PIEL Manon 40\nPREFETDE LA MANCHEL'iberte'Egalit\u00e9Fraternit\u00e9\nDirection d\u00e9partementale de la\nprotection des populations\nService sant\u00e9 protection animales \nARR\u00caT\u00c9 PREFECTORAL n\u00b0 DDPP / 2025-211\nattribuant l'habilitation sanitaire \u00e0  Madame PIEL Manon\nLe Pr\u00e9fet de la Manche\nChevalier de la L\u00e9gion d'honneur \nChevalier de l'ordre national du M\u00e9rite\nVu le code rural et de la p\u00eache maritime et notamment ses articles L. 203-1 \u00e0 L. 203-7 , L. 223-\n6, R. 203-1 \u00e0 R. 203-15 et R. 242-33,\nVu le d\u00e9cret n\u00b0 80-516 du 4 juillet 1980, modifi\u00e9 par le d\u00e9cret n\u00b0 90-1033 du 19 novembre\n1990  et  par  le  d\u00e9cret  2003-768  du  1er ao\u00fbt  2003,  relatif  \u00e0  l'ex\u00e9cution  des  mesures  de\nprophylaxie collective des maladies des animaux,\nVu le  d\u00e9cret  n\u00b0  2004.374  du  29  avril  2004  modifi\u00e9,  relatif  aux  pouvoirs  des  pr\u00e9fets,  \u00e0\nl'organisation  et  \u00e0  l'action  des  services  de  l'\u00c9tat  dans  les  r\u00e9gions  et  d\u00e9partements  et\nnotamment son article 43,\nVu le d\u00e9cret du 13 juillet 2023 portant nomination de M. Xavier BRUNETIERE  en qualit\u00e9 de\npr\u00e9fet de la Manche,\nVu l'arr\u00eat\u00e9 pr\u00e9fectoral n\u00b0 2024-11-VN en date du 8 avril 2024 donnant d\u00e9l\u00e9gation de signature \u00e0\nM. Pol KERMORGANT, directeur d\u00e9partemental de la protection des populations, \nVu l'arr\u00eat\u00e9 pr\u00e9fectoral DDPP n\u00b02025-112 du 22 mai 2025 portant subd\u00e9l\u00e9gation de signature de\nM. Pol KERMORGANT, directeur d\u00e9partemental de la protection des populations, en mati\u00e8re\nd'administration g\u00e9n\u00e9rale,\nVu la demande du 14/06/25, par Madame PIEL Manon, domicili\u00e9(e) professionnellement \u00e0 la\nClinique v\u00e9t\u00e9rinaire du Mascaret \u2013 11 avenue Quesnoy \u2013 50300 AVRANCHES,\nConsid\u00e9rant que  Madame  PIEL  Manon  remplit  les  conditions  permettant  l'attribution  de\nl'habilitation sanitaire,\nSur proposition du directeur d\u00e9partemental de la protection des populations de la Manche.\nARR\u00caTE\nArticle 1 er : L'habilitation sanitaire pr\u00e9vue \u00e0 l'article L. 203-1 du code rural et de la p\u00eache\nmaritime susvis\u00e9 est attribu\u00e9e pour une dur\u00e9e de 5 ans \u00e0 la Madame PIEL  Manon docteur\nv\u00e9t\u00e9rinaire n\u00b0 32183, administrativement domicili\u00e9(e) \u00e0 la Clinique v\u00e9t\u00e9rinaire du Mascaret \u2013\n11 avenue Quesnoy \u2013 50300 AVRANCHES.\nArticle 2 : Dans la mesure o\u00f9 les conditions requises ont \u00e9t\u00e9 respect\u00e9es, cette habilitation\nsanitaire est renouvelable par p\u00e9riode de 5 ann\u00e9es tacitement reconduites sous r\u00e9serve\npour le v\u00e9t\u00e9rinaire sanitaire de justifier \u00e0 l'issue de chaque p\u00e9riode de 5 ans, aupr\u00e8s du\npr\u00e9fet de la Manche, du respect de ses obligations de formation continue pr\u00e9vues \u00e0 l'article\nR. 203-12.\nDirection d\u00e9partementale de la protection des populations - 50-2025-09-11-00005 - Arr\u00eat\u00e9 pr\u00e9fectoral n\u00b0 DDPP / 2025-211 attribuant\nl'habilitation sanitaire \u00e0 Madame PIEL Manon 41\nArticle  3  :  Madame  PIEL  Manon  s'engage  \u00e0  respecter  les  prescriptions  techniques,\nadministratives et, le cas \u00e9ch\u00e9ant financi\u00e8res de mise en \u0153uvre des mesures de pr\u00e9vention,\nde surveillance ou de lutte prescrites par l'autorit\u00e9 administrative  et des op\u00e9rations de\npolice sanitaire ex\u00e9cut\u00e9es en application de l'article L.  203-7 du code rural et de la p\u00eache\nmaritime.\nArticle 4 :   Madame PIEL Manon  pourra \u00eatre appel\u00e9(e) par le pr\u00e9fet de ses d\u00e9partements\nd'exercice pour la r\u00e9alisation d'op\u00e9rations de police sanitaire au sein des lieux de d\u00e9tention ou\ndes \u00e9tablissements pour lesquels il/elle a \u00e9t\u00e9 d\u00e9sign\u00e9(e) v\u00e9t\u00e9rinaire sanitaire. Il/elle sera tenu(e)\nde concourir \u00e0 ces op\u00e9rations en application des dispositions de l'article L.  203-7 du code rural\net de la p\u00eache maritime.\nArticle 5 :  Tout manquement ou faute commis dans l'exercice de la pr\u00e9sente habilitation\nsanitaire entra\u00eenera l'application des dispositions pr\u00e9vues aux articles R.  203-15, R. 228-6 et\nsuivants du code rural et de la p\u00eache maritime.\nArticle  6  :  La  pr\u00e9sente  d\u00e9cision  peut  faire  l'objet  d'un  recours  devant  le  Tribunal\nAdministratif de CAEN(14) dans un d\u00e9lai de deux mois \u00e0 compter de la date de notification.\nLe tribunal administratif peut \u00eatre saisi par l'application informatique \"T\u00e9l\u00e9recours citoyens\"\naccessible par le site internet www.telerecours.fr.\nArticle  7 :  Le  secr\u00e9taire  g\u00e9n\u00e9ral  de  la  pr\u00e9fecture  et  le  directeur  d\u00e9partemental  de  la\nprotection des populations sont charg\u00e9s, chacun en ce qui le concerne, de l'ex\u00e9cution du\npr\u00e9sent arr\u00eat\u00e9 qui sera ins\u00e9r\u00e9 au Recueil des actes administratifs de la Pr\u00e9fecture de la\nManche.\nSAINT-LO, le  11/09/25\nPour le Pr\u00e9fet \nsign\u00e9\n  Camille LE MOINE\n477 boulevard de la Doll\u00e9e - BP 90286 - 50006 Saint-L\u00f4 Cedex\nT\u00e9l : 02 33 72 60 70  - M\u00e9l : ddpp  @  manche  .gouv.fr  \nSite internet : www.manche.gouv.fr\nAccueil du public du lundi au vendredi  de 9h \u00e0 11h30 et de 14h \u00e0 16h\nDirection d\u00e9partementale de la protection des populations - 50-2025-09-11-00005 - Arr\u00eat\u00e9 pr\u00e9fectoral n\u00b0 DDPP / 2025-211 attribuant\nl'habilitation sanitaire \u00e0 Madame PIEL Manon 42\nDirection d\u00e9partementale de la protection des\npopulations\n50-2025-09-02-00005\nArr\u00eat\u00e9 pr\u00e9fectoral n\u00b0DDPP/2025-197 abrogeant\nl'arr\u00eat\u00e9 d'attribution de l'habilitation sanitaire \u00e0\nMonsieur Fran\u00e7ois RUAUD \nDirection d\u00e9partementale de la protection des populations - 50-2025-09-02-00005 - Arr\u00eat\u00e9 pr\u00e9fectoral n\u00b0DDPP/2025-197 abrogeant\nl'arr\u00eat\u00e9 d'attribution de l'habilitation sanitaire \u00e0 Monsieur Fran\u00e7ois RUAUD 43\nPREFETDE LA MANCHEL'iberte'Egalit\u00e9Fraternit\u00e9\nDirection d\u00e9partementale de la\nprotection des populations\nService sant\u00e9 protection animales \nARR\u00caT\u00c9 PREFECTORAL n\u00b0 DDPP/2025-197\nabrogeant  l'arr\u00eat\u00e9 d'attribution de l'habilitation sanitaire \n\u00e0 Monsieur  Fran\u00e7ois RUAUD\nLe Pr\u00e9fet de la Manche\nChevalier de la L\u00e9gion d'honneur \nChevalier de l'ordre national du M\u00e9rite\nVu le code rural et de la p\u00eache maritime et notamment ses articles L. 203-1 \u00e0 L.  203-7 , L. 223-6,\nR. 203-1 \u00e0 R. 203-15 et R. 242-33,\nVu le d\u00e9cret n\u00b0 80-516 du 4 juillet 1980, modifi\u00e9 par le d\u00e9cret n\u00b0 90-1033 du 19 novembre 1990\net par le d\u00e9cret 2003-768 du 1 er ao\u00fbt 2003, relatif \u00e0 l'ex\u00e9cution des mesures de prophylaxie\ncollective des maladies des animaux,\nVu le  d\u00e9cret  n\u00b0  2004.374  du  29  avril  2004  modifi\u00e9,  relatif  aux  pouvoirs  des  pr\u00e9fets,  \u00e0\nl'organisation  et  \u00e0  l'action  des  services  de  l'\u00c9tat  dans  les  r\u00e9gions  et  d\u00e9partements  et\nnotamment son article 43,\nVu le d\u00e9cret du 13 juillet 2023 portant nomination de  M. Xavier BRUNETIERE  en qualit\u00e9 de\npr\u00e9fet de la Manche,\nVu l'arr\u00eat\u00e9 pr\u00e9fectoral n\u00b0 2024-11-VN en date du 8 avril 2024 donnant d\u00e9l\u00e9gation de signature \u00e0\nM. Pol KERMORGANT, directeur d\u00e9partemental de la protection des populations,\nVu l'arr\u00eat\u00e9 pr\u00e9fectoral DDPP n\u00b02025-112 du 22 mai 2025 portant subd\u00e9l\u00e9gation de signature de\nM. Pol KERMORGANT, directeur d\u00e9partemental de la protection des populations, en mati\u00e8re\nd'administration g\u00e9n\u00e9rale,\nVu l'arr\u00eat\u00e9 pr\u00e9fectoral n\u00b02022-336 du 01/09/2022 attribuant l'habilitation sanitaire \u00e0 Monsieur\nFran\u00e7ois RUAUD, domicili\u00e9 professionnellement \u00e0 la Clinique v\u00e9t\u00e9rinaire du Val de Saire Chasse\ndu Ronceret 50330 Saint Pierre Eglise,\nConsid\u00e9rant le changement d'adresse professionnelle de  Monsieur  Fran\u00e7ois RUAUD exercant\nd\u00e9sormais \u00e0 la Clinique v\u00e9t\u00e9rinaire du Chat Perch\u00e9 831 route de Salucie Saint-Ygnan 09200\nMONTJOIE EN COUSERANS,\nSur proposition du directeur d\u00e9partemental de la protection des populations de la Manche.\nARR\u00caTE\nArticle  1er:  L'arr\u00eat\u00e9  pr\u00e9fectoral  n\u00b02022-336  du  01/09/2022,  attribuant  l'habilitation  sanitaire\npr\u00e9vue \u00e0 l'article L. 203-1 du code rural et de la p\u00eache maritime susvis\u00e9 pour une dur\u00e9e de 5\nans \u00e0  Monsieur  Fran\u00e7ois RUAUD, docteur v\u00e9t\u00e9rinaire n\u00b029634, administrativement domicili\u00e9(e)\n\u00e0 la Clinique V\u00e9t\u00e9rinaire du Val de Saire Chasse du Ronceret 50330 Saint Pierre Eglise,  est\nabrog\u00e9.\nDirection d\u00e9partementale de la protection des populations - 50-2025-09-02-00005 - Arr\u00eat\u00e9 pr\u00e9fectoral n\u00b0DDPP/2025-197 abrogeant\nl'arr\u00eat\u00e9 d'attribution de l'habilitation sanitaire \u00e0 Monsieur Fran\u00e7ois RUAUD 44\nArticle 2 : La pr\u00e9sente d\u00e9cision peut faire l'objet d'un recours devant le Tribunal Administratif\nde CAEN (14) dans un d\u00e9lai de deux mois \u00e0 compter de la date de notification. Le tribunal\nadministratif peut \u00eatre saisi par l'application informatique \"T\u00e9l\u00e9recours citoyens\" accessible par\nle site internet www.telerecours.fr.\nArticle 3 : Le secr\u00e9taire g\u00e9n\u00e9ral de la pr\u00e9fecture et le directeur d\u00e9partemental de la protection\ndes populations sont charg\u00e9s, chacun en ce qui le concerne, de l'ex\u00e9cution du pr\u00e9sent arr\u00eat\u00e9\nqui sera ins\u00e9r\u00e9 au Recueil des actes administratifs de la Pr\u00e9fecture de la Manche.\nSAINT-LO, le 02/09/2025\nPour le Pr\u00e9fet \nsign\u00e9\n  Camille LE MOINE\n477 boulevard de la Doll\u00e9e - BP 90286 - 50006 Saint-L\u00f4 Cedex\nT\u00e9l : 02 33 72 60 70  - M\u00e9l : ddpp@manche.gouv.fr\nDirection d\u00e9partementale de la protection des populations - 50-2025-09-02-00005 - Arr\u00eat\u00e9 pr\u00e9fectoral n\u00b0DDPP/2025-197 abrogeant\nl'arr\u00eat\u00e9 d'attribution de l'habilitation sanitaire \u00e0 Monsieur Fran\u00e7ois RUAUD 45\nSite internet : www.manche.gouv.fr\nAccueil du public du lundi au vendredi  de 9h \u00e0 11h30 et de 14h \u00e0 16h\nDirection d\u00e9partementale de la protection des populations - 50-2025-09-02-00005 - Arr\u00eat\u00e9 pr\u00e9fectoral n\u00b0DDPP/2025-197 abrogeant\nl'arr\u00eat\u00e9 d'attribution de l'habilitation sanitaire \u00e0 Monsieur Fran\u00e7ois RUAUD 46\nDirection d\u00e9partementale de l'emploi, du travail\net des solidarit\u00e9s\n50-2025-09-16-00001\nArr\u00eat\u00e9 modificatif \u00e0 l'arr\u00eat\u00e9 du 1er septembre\n2023 relatif au renouvellement des membres de\nla commission des droits et de l'autonomie des\npersonnes handicap\u00e9es\nDirection d\u00e9partementale de l'emploi, du travail et des solidarit\u00e9s - 50-2025-09-16-00001 - Arr\u00eat\u00e9 modificatif \u00e0 l'arr\u00eat\u00e9 du 1er\nseptembre 2023 relatif au renouvellement des membres de la commission des droits et de l'autonomie des personnes handicap\u00e9es 47\ng]=Libert\u00e9 \u00ab \u00c9galit\u00e9 \u00bb Fraternit\u00e9R\u00c9PUBLIQUE FRAN\u00c7AISE\nPR\u00c9FETDE LA MANCHE\nLA MANCHELE D\u00c9PARTEMENT\n                \n                                                          \nArr\u00eat\u00e9 modificatif \u00e0 l'arr\u00eat\u00e9 du 1 septembre 2023 relatif au renouvellement des\nmembres de la commission des droits et de l'autonomie des personnes handicap\u00e9es \n____________\nVU le code de l'action sociale et des familles, notamment ses articles L. 146-9, L.241-5 \u00e0 L 245-11 et\nl'article R-241-24,\nVU le d\u00e9cret n\u00b0 2005-1589 du 19 d\u00e9cembre 2005 relatif \u00e0 la commission des droits et de l'autonomie\ndes personnes handicap\u00e9es,\nVU le d\u00e9cret n\u00b0 2023-575 du 6 juillet 2023 portant adaptation de la composition de la commission des\ndroits et de l'autonomie des personnes handicap\u00e9es \u00e0 la nouvelle organisation territoriale de l'\u00c9tat ;\nCONSID\u00c9RANT l'arr\u00eat\u00e9 du 1 septembre 2023 portant composition de la CDAPH pour une dur\u00e9e de 4 ans ;\nCONSID\u00c9RANT les repr\u00e9sentants propos\u00e9s par le directeur d\u00e9partemental de l'emploi, du travail et des\nsolidarit\u00e9s ;\nCONSID\u00c9RANT les repr\u00e9sentants propos\u00e9s par le directeur acad\u00e9mique des services d\u00e9partementaux de\nl'\u00e9ducation nationale ;\nCONSID\u00c9RANT le repr\u00e9sentant d\u00e9sign\u00e9 par le conseil d\u00e9partemental de la citoyennet\u00e9 et de l'autonomie\nde la Manche lors de la r\u00e9union du 21/06/2023 ; \nCONSID\u00c9RANT les  repr\u00e9sentants  propos\u00e9s  par  le  pr\u00e9sident  du  conseil  d\u00e9partemental  par  arr\u00eat\u00e9\nN\u00b0 2024-171 du 3 juillet 2024 ;\n1\nDirection d\u00e9partementale de l'emploi, du travail et des solidarit\u00e9s - 50-2025-09-16-00001 - Arr\u00eat\u00e9 modificatif \u00e0 l'arr\u00eat\u00e9 du 1er\nseptembre 2023 relatif au renouvellement des membres de la commission des droits et de l'autonomie des personnes handicap\u00e9es 48\nA R R E T E N T \nArticle 1 \u2013 La liste des membres titulaires et suppl\u00e9ants de la commission des droits et de l'autonomie des\npersonnes handicap\u00e9es est la suivante : \n1 \u2013 Quatre repr\u00e9sentants du d\u00e9partement d\u00e9sign\u00e9s par le pr\u00e9sident du conseil d\u00e9partemental :\n\uf0d8 Titulaire : Mme Odile LEFAIX-VERON\no 1er suppl\u00e9ant : Mme Karine DUVAL\no 2e suppl\u00e9ant : Mme Emmanuelle BELLEE\no 3e suppl\u00e9ant : M. Pierre-Fran\u00e7ois LEJEUNE\n\uf0d8 Titulaire : Mme Christ\u00e8le CASTELEIN\no 1er suppl\u00e9ant : Mme Hedwige COLLETTE \no 2e suppl\u00e9ant : Mme Dany LEDOUX\no 3e suppl\u00e9ant : Mme Fr\u00e9d\u00e9rique BOURY\n\uf0d8 Titulaire : Mme Maryse LE GOFF\no 1er suppl\u00e9ant : Mme Sylvie GATE\no 2e suppl\u00e9ant : M. Franck ESNOUF\no 3e suppl\u00e9ant : Mme Isabelle FONTAINE\n\uf0d8 Titulaire : M. Ugo PARIS, directeur g\u00e9n\u00e9ral adjoint \u00ab  action sociale \u00bb ou un cadre de la\ndirection g\u00e9n\u00e9rale adjointe de \u00ab l'action sociale \u00bb,\n2 \u2013 Trois repr\u00e9sentants de l'\u00c9tat et de l'agence r\u00e9gionale de sant\u00e9 : \n\uf0d8 Le directeur d\u00e9partemental de l'emploi, du travail et des solidarit\u00e9s, ou son repr\u00e9sentant,\n\uf0d8 Le directeur acad\u00e9mique des services d\u00e9partementaux de l'\u00e9ducation  nationale, ou son\nrepr\u00e9sentant,\n\uf0d8 Le directeur g\u00e9n\u00e9ral de l'agence r\u00e9gionale de sant\u00e9 ou son repr\u00e9sentant,\n3 \u2013 Deux repr\u00e9sentants des organismes d'assurance maladie et de prestations familiales propos\u00e9s\npar  le  directeur  d\u00e9partemental  de  l'emploi,  du  travail  et  des  solidarit\u00e9s,  parmi  les  personnes\npr\u00e9sent\u00e9es par ces organismes :\n\uf0d8 Titulaire : M. Pascal LECLERC \u2013 Caisse Primaire d'Assurance Maladie\no 1er suppl\u00e9ant : Mme Sylvie NOBILET \u2013 Caisse Primaire d'Assurance Maladie \no 2e suppl\u00e9ant : Mme Christine BLAISOT \u2013 Caisse Primaire d'Assurance Maladie\no 3e suppl\u00e9ant : Mme Laurence BREGEAULT MEREL \u2013 Caisse Primaire d'Assurance\nMaladie\n\uf0d8 Titulaire : Mme Isabelle MARIE\u2013 Caisse d'Allocations Familiales \no 1er suppl\u00e9ant : Mme \u00c9lisabeth RUEL \u2013 Caisse Mutualit\u00e9 Sociale Agricole \no 2e suppl\u00e9ant : Mme Anne Marie SAUSSAYE - Caisse d'Allocations Familiales \no 3e suppl\u00e9ant : si\u00e8ge \u00e0 pourvoir\n2\nDirection d\u00e9partementale de l'emploi, du travail et des solidarit\u00e9s - 50-2025-09-16-00001 - Arr\u00eat\u00e9 modificatif \u00e0 l'arr\u00eat\u00e9 du 1er\nseptembre 2023 relatif au renouvellement des membres de la commission des droits et de l'autonomie des personnes handicap\u00e9es 49\n4 \u2013 Deux repr\u00e9sentants des organisations syndicales propos\u00e9s par le directeur d\u00e9partemental de l'emploi,\ndu  travail  et  des  solidarit\u00e9s  d'une  part,  parmi  les  personnes  pr\u00e9sent\u00e9es  par  les  organisations\nprofessionnelles d'employeurs les plus repr\u00e9sentatives, d'autre part, parmi les personnes pr\u00e9sent\u00e9es par\nles organisations syndicales de salari\u00e9s et de fonctionnaires les plus repr\u00e9sentatives :\n\uf0d8 Titulaire : M. Fran\u00e7ois BOULANGER - Mouvement des Entreprises de France \no 1er suppl\u00e9ant : Mme Evelyne HUS \u2013 U2P\no 2e suppl\u00e9ant :  si\u00e8ge \u00e0 pourvoir\no 3e suppl\u00e9ant :  si\u00e8ge \u00e0 pourvoir\n\uf0d8 Titulaire : si\u00e8ge \u00e0 pourvoir\no 1er suppl\u00e9ant : Mme St\u00e9phanie TESSON \u2013 Conf\u00e9d\u00e9ration G\u00e9n\u00e9rale du Travail\no 2e suppl\u00e9ant  : Mme Martine NICOLLE \u2013  Conf\u00e9d\u00e9ration Fran\u00e7aise de l'Encadrement  \u2013\nConf\u00e9d\u00e9ration G\u00e9n\u00e9rale des cadres de la Manche\no 3e suppl\u00e9ant : M. Fabrice VIMONT \u2013 Force ouvri\u00e8re\n5 \u2013 Un repr\u00e9sentant des associations de parents d'\u00e9l\u00e8ves  propos\u00e9 par le directeur acad\u00e9mique des\nservices  d\u00e9partementaux  de  l'\u00e9ducation  nationale, parmi  les  personnes  pr\u00e9sent\u00e9es  par  ces\nassociations :\n\uf0d8 Titulaire : Mme Agn\u00e8s LANGLOIS \u2013 F\u00e9d\u00e9ration des Conseils de Parents d'\u00c9l\u00e8ves\no 1er suppl\u00e9ant : Mme Albane LONGATTE \u2013  F\u00e9d\u00e9ration des Conseils de Parents d'\u00c9l\u00e8ves\no 2e suppl\u00e9ant : Mme Anne-Carole FILLON \u2013  F\u00e9d\u00e9ration des Conseils de Parents d'\u00c9l\u00e8ves\no 3e suppl\u00e9ant : si\u00e8ge \u00e0 pourvoir\n 6 \u2013 Sept membres propos\u00e9s par le directeur d\u00e9partemental de l'emploi, du travail et des solidarit\u00e9s,\nparmi les personnes pr\u00e9sent\u00e9es par les associations de personnes handicap\u00e9es et de leurs familles :\nSi\u00e8ge n\u00b0 1     :  \n\uf0d8 Titulaire : Mme Fr\u00e9d\u00e9rique BOUYAUD \u2013 Association des Paralys\u00e9s de France\no 1er suppl\u00e9ant : Mme Catherine BONNEMAINS \u2013 Association Normande d'Entraide aux\nHandicap\u00e9s Physiques\no 2e suppl\u00e9ant : Mme BOULAIS M\u00e9lanie \u2013 Association des Paralys\u00e9s de France\no 3e suppl\u00e9ant : M. Jo\u00ebl VIEL \u2013 Association Normande d'Entraide aux Handicap\u00e9s\nPhysiques\nSi\u00e8ge n\u00b0 2     :  \n\uf0d8 Titulaire : Mme Vanessa HERY \u2013 Association en Cotentin d'accompagnement inclusif et        \nsolidaire\no 1er suppl\u00e9ant : M. Julien LEMEUX \u2013 Association pour l'Aide aux Adultes et aux Jeunes en\nDifficult\u00e9s\no 2e suppl\u00e9ant : Mme  C\u00e9line  FAUCHER  \u2013  Association  en  Cotentin  d'accompagnement\ninclusif et solidaire\no 3e suppl\u00e9ant : M. C\u00e9dric LEGIGAN \u2013 Association pour l'Aide aux Adultes et aux Jeunes en\nDifficult\u00e9s \n3\nDirection d\u00e9partementale de l'emploi, du travail et des solidarit\u00e9s - 50-2025-09-16-00001 - Arr\u00eat\u00e9 modificatif \u00e0 l'arr\u00eat\u00e9 du 1er\nseptembre 2023 relatif au renouvellement des membres de la commission des droits et de l'autonomie des personnes handicap\u00e9es 50\nSi\u00e8ge n\u00b0 3     :  \n\uf0d8 Titulaire : Mme Claire GAUTIER \u2013 Association D\u00e9partementale pour la Sauvegarde de l'Enfant \u00e0\nl'Adulte dans la Manche \no 1er suppl\u00e9ant :  Mme Nadine LARNAUD  - Groupe  d'\u00e9tudes et  d'insertion  sociale  des\npersonnes porteuses de trisomie 21\no 2e  suppl\u00e9ant : Mme Isabelle  WILLEMS \u2013  Groupe  d'\u00e9tudes  et  d'insertion  sociale  des\npersonnes porteuses de trisomie 21\no 3e  suppl\u00e9ant  :  -  Mme  Isabelle  KERBART  \u2013  Association  d\u00e9partementale  pour  la\nsauvegarde de l'enfant \u00e0 l'adulte dans la Manche\nSi\u00e8ge n\u00b0 4     :  \n\uf0d8 Titulaire : Mme V\u00e9ronique LABBEY \u2013 Association Centre Manche de Parents d'Enfants Inadapt\u00e9s\no 1er suppl\u00e9ant  :  Mme  Nicole  LECARDONNEL  \u2013  Association  Tut\u00e9laire  des  Majeurs\nProt\u00e9g\u00e9s de la Manche\no 2e  suppl\u00e9ant : M. Patrick ESSELINE \u2013 Association Centre Manche de Parents d'Enfants\nInadapt\u00e9s\no 3e suppl\u00e9ant : M. Daniel HORLAVILLE \u2013 Association Acc\u00e8s-Cit\u00e9 \nSi\u00e8ge n\u00b0 5     :  \n\uf0d8 Titulaire :  Mme  Isabelle  VAN  LANDEGHEM  -  Union  Nationale  des  Amis  et  Familles  de\npersonnes malades et/ou handicap\u00e9es psychiques\no 1er  suppl\u00e9ant :  Mme  H\u00e9l\u00e8ne  DE  QUIEVRECOURT  \u2013  Union  D\u00e9partementale  des\nAssociations Familiales\no 2e  suppl\u00e9ant : M. Michel LIORET - Union Nationale des Amis et Familles de personnes\nmalades et/ou handicap\u00e9es psychiques\no 3e suppl\u00e9ant : M. Bruno LESEIGNEUR \u2013 Handicap Int\u00e9gration en Cotentin\nSi\u00e8ge n\u00b0 6     :  \n\uf0d8 Titulaire : M. Christian EECKMAN \u2013 Association de Familles de Traumatis\u00e9s Cr\u00e2niens et C\u00e9r\u00e9bro-\nL\u00e9s\u00e9s\no 1er suppl\u00e9ant : Mme Elise MOURE - Ligue pour l'adaptation du diminu\u00e9 physique au travail\no 2e suppl\u00e9ant  : M. Jean ANDRO  \u2013  Association de Familles de Traumatis\u00e9s Cr\u00e2niens et\nC\u00e9r\u00e9bro-L\u00e9s\u00e9s\no 3e suppl\u00e9ant : Mme Sylvie LEGEAS, Association nationale d'associations d'adultes et de\nparents d'enfants dys\nSi\u00e8ge n\u00b0 7     :   \n\uf0d8 Titulaire : M. Gaston MACE \u2013 RETINA France \no 1er  suppl\u00e9ant :  Mme Anne-Marie DESMOTTES \u2013  Association des Devenus Sourds et\nMalentendants\no 2e suppl\u00e9ant : M. Jacky GILLET - Association des Aveugles et Malvoyants de la Manche \no 3e suppl\u00e9ant : Mme Marie-Pierre BLOQUEL - AFMTHELETHON\n4\nDirection d\u00e9partementale de l'emploi, du travail et des solidarit\u00e9s - 50-2025-09-16-00001 - Arr\u00eat\u00e9 modificatif \u00e0 l'arr\u00eat\u00e9 du 1er\nseptembre 2023 relatif au renouvellement des membres de la commission des droits et de l'autonomie des personnes handicap\u00e9es 51\n7  \u2013  Un  membre  de  la  formation  sp\u00e9cialis\u00e9e  pour  les  personnes  handicap\u00e9es  du  conseil\nd\u00e9partemental de la citoyennet\u00e9 et de l'autonomie d\u00e9sign\u00e9 par ce conseil (CDCA du 21 juin 2023) : \n\uf0d8 Titulaire :  M.  Jo\u00ebl  PRUD'HOMME  \u2013  Groupe  d'\u00e9tude  et  d'insertion  sociale  des  personnes\nporteuses de trisomie 21\no 1er suppl\u00e9ant : Mme V\u00e9ronique LAGNIEL \u2013 Association des Parents et Amis d'Enfants et\nAdultes inadapt\u00e9s de l'Avranchin, \no 2e suppl\u00e9ant : M. Romuald LAMI \u2013 Ligue pour l'adaptation du diminu\u00e9 physique au travail \no 3e suppl\u00e9ant : si\u00e8ge \u00e0 pourvoir\n8  \u2013  Deux  repr\u00e9sentants  des  organismes  gestionnaires  d'\u00e9tablissements  ou  de  services  pour\npersonnes handicap\u00e9es avec voix consultative, dont un sur proposition du directeur d\u00e9partemental\nde  l'emploi,  du  travail  et  des  solidarit\u00e9s,  et  un  sur  proposition  du  pr\u00e9sident  du  conseil\nd\u00e9partemental :\nSi\u00e8ge DDETS :\n\uf0d8 Titulaire : Mme Elodie MARQUE \u2013 \u00c9tablissement de Travail Prot\u00e9g\u00e9 ST-JAMES \no 1er suppl\u00e9ant : M. Fr\u00e9d\u00e9ric FOUGERAY \u2013 Fondation Bon Sauveur PICAUVILLE\no 2e suppl\u00e9ant : Mme Isabelle LEBRUN - Fondation Bon Sauveur PICAUVILLE\no 3e suppl\u00e9ant : Mme Elise ROUSSEL - Association d\u00e9partementale des CMPP et CAMSP\nde la Manche \nSi\u00e8ge Conseil D\u00e9partemental :\n\uf0d8 Titulaire : Mme Nathalie KANE - \u00c9tablissement de Travail Prot\u00e9g\u00e9 AVRANCHES\no 1er suppl\u00e9ant : Mme Am\u00e9lie TALVAST \u2013 Association du M\u00e9dico-Social de La Hague\no 2e suppl\u00e9ant : Mme Chantal PONTAIS \u2013 Centre Hospitalier de St-James \no 3e suppl\u00e9ant : Mme Josiane RESTOUX \u2013 Aide \u00e0 Domicile en Milieu Rural\nArticle 2 \u2013   Les membres d\u00e9sign\u00e9s \u00e0 l'article 1 sont nomm\u00e9s pour la dur\u00e9e restant \u00e0 courir \u00e0 compter de\nla date de l'arr\u00eat\u00e9 initial du 5 septembre 2023, soit jusqu'au 4 septembre 2027.\nArticle 3 \u2013 Le pr\u00e9sent arr\u00eat\u00e9 peut faire l'objet d'un recours administratif, soit gracieux aupr\u00e8s de Monsieur\nle  pr\u00e9sident  du  conseil  d\u00e9partemental  de  la  Manche  ou  de  Monsieur  le  Pr\u00e9fet  de  la  Manche,  soit\nhi\u00e9rarchique aupr\u00e8s du ministre des Solidarit\u00e9s, de l'Autonomie et de l'Egalit\u00e9 entre les femmes et les\nhommes, dans les deux mois suivant sa publication. Un recours contentieux peut \u00eatre d\u00e9pos\u00e9 aupr\u00e8s du\ntribunal administratif de Caen, \u00e9galement dans un d\u00e9lai de deux mois \u00e0 compter de la publication, ou dans\nun d\u00e9lai de deux mois \u00e0 partir de la r\u00e9ponse de l'administration si un recours administratif a \u00e9t\u00e9 d\u00e9pos\u00e9.\nL'absence de r\u00e9ponse de l'administration au terme d'un d\u00e9lai de deux mois vaut rejet implicite.\n5\nDirection d\u00e9partementale de l'emploi, du travail et des solidarit\u00e9s - 50-2025-09-16-00001 - Arr\u00eat\u00e9 modificatif \u00e0 l'arr\u00eat\u00e9 du 1er\nseptembre 2023 relatif au renouvellement des membres de la commission des droits et de l'autonomie des personnes handicap\u00e9es 52\nArticle 4 - La directrice \u00e0 la d\u00e9l\u00e9gation de la maison d\u00e9partementale de l'autonomie, en tant que directrice \ndu GIP MDPH 50, est charg\u00e9e de l'ex\u00e9cution du pr\u00e9sent arr\u00eat\u00e9 qui sera publi\u00e9 au recueil des actes \nadministratifs de la pr\u00e9fecture et sur le site www.manche.fr.\nFait \u00e0 Saint-L\u00f4, le 16 septembre 2025\nLe Pr\u00e9sident \ndu conseil d\u00e9partemental de la Manche\nLe Pr\u00e9fet,\nsign\u00e9 Sign\u00e9\nXavier BRUNETIERE\n6\nDirection d\u00e9partementale de l'emploi, du travail et des solidarit\u00e9s - 50-2025-09-16-00001 - Arr\u00eat\u00e9 modificatif \u00e0 l'arr\u00eat\u00e9 du 1er\nseptembre 2023 relatif au renouvellement des membres de la commission des droits et de l'autonomie des personnes handicap\u00e9es 53\nDirection d\u00e9partementale de l'emploi, du travail\net des solidarit\u00e9s\n50-2025-09-18-00002\nArr\u00eat\u00e9 modificatif \u00e0 l'arr\u00eat\u00e9 portant\nrenouvellement de l'agr\u00e9ment de l'association\n\u00abHabitat et Humanisme Manche\u00bb pour des\nactivit\u00e9s d'ing\u00e9nierie sociale, financi\u00e8re et\ntechnique et des activit\u00e9s d'interm\u00e9diation\nlocative et de gestion locative sociale\nDirection d\u00e9partementale de l'emploi, du travail et des solidarit\u00e9s - 50-2025-09-18-00002 - Arr\u00eat\u00e9 modificatif \u00e0 l'arr\u00eat\u00e9 portant\nrenouvellement de l'agr\u00e9ment de l'association\n\u00abHabitat et Humanisme Manche\u00bb pour des activit\u00e9s d'ing\u00e9nierie sociale, financi\u00e8re et technique et des activit\u00e9s d'interm\u00e9diation\nlocative et de gestion locative sociale\n54\nEnPREFETDE LA MANCHELibert\u00e9Egalit\u00e9Fraternit\u00e9\nDirection D\u00e9partementale de l'Emploi, \ndu Travail et des Solidarit\u00e9s\nP\u00f4le Solidarit\u00e9s Actives\nAffaire suivie par \nAnne LE GUILLOIS\nanne.leguillois@manche.gouv.fr\nARR\u00caT\u00c9 MODIFICATIF\n \u00e0 l'arr\u00eat\u00e9 portant renouvellement de l'agr\u00e9ment de l'association \n\u00ab Habitat et Humanisme Manche \u00bb\npour des activit\u00e9s d'ing\u00e9nierie sociale, financi\u00e8re et technique\net des activit\u00e9s d'interm\u00e9diation locative et de gestion locative sociale\nLe Pr\u00e9fet de la Manche,\nChevalier de la L\u00e9gion d'Honneur,\nChevalier de l'Ordre National du M\u00e9rite,\nVu la directive 2006/123/CE du Parlement europ\u00e9en et du Conseil du 12 d\u00e9cembre\n2006 relative aux services dans les march\u00e9s int\u00e9rieurs,\nVu le code de la construction et de l'habitation et notamment ses articles L.365-1 et\nsuivants et R.365-1 et suivants,\nVu le code de l'action sociale et des familles et notamment ses articles L.312-1 I 8\u00b0 et\nL.345-2, \nVu la loi n\u00b0 90-449 du 31 mai 1990 visant \u00e0 la mise en \u0153uvre du droit au logement,\nVu la  loi  n\u00b0  2000-321  du  12  avril  2000  relative  aux  droits  des  citoyens  dans  leurs\nrelations avec les administrations, notamment son article 21 modifi\u00e9 par la loi  n\u00b0\n2013-1005  du  12  novembre  2013  habilitant  le  Gouvernement  \u00e0  simplifier  les\nrelations entre l'administration et les citoyens,\nVu la loi n\u00b0 2009-323 du 25 mars 2009 de mobilisation pour le logement et de lutte\ncontre l'exclusion,\nVu la circulaire du 6 septembre 2010 relative aux agr\u00e9ments des organismes agissant en\nfaveur du logement et de l'h\u00e9bergement des personnes d\u00e9favoris\u00e9es,\nVu l'arr\u00eat\u00e9  du  17  Ao\u00fbt  2020  accordant  \u00e0  l'association  \u00ab Habitat  et  Humanisme\nManche \u00bb  un  agr\u00e9ment  au  titre  des  activit\u00e9s  d'ing\u00e9nierie  sociale,  financi\u00e8re  et\ntechnique mentionn\u00e9es \u00e0 l'article L.365-3 du code de l'action sociale et de la famille\nDirection D\u00e9partementale de l'Emploi, du Travail et des Solidarit\u00e9s de la Manche\n5 bis rue des pr\u00e9s\u2013BP 20524 - 50004 SAINT-L\u00d4 CEDEX \nT\u00e9l. : 02 50 71 50 00 - Courriel : dd  et  s@manche.gouv.fr   \nHoraires d'ouverture : de 9h00 \u00e0 12h00 et de 13h30 \u00e0 16h00\nDirection d\u00e9partementale de l'emploi, du travail et des solidarit\u00e9s - 50-2025-09-18-00002 - Arr\u00eat\u00e9 modificatif \u00e0 l'arr\u00eat\u00e9 portant\nrenouvellement de l'agr\u00e9ment de l'association\n\u00abHabitat et Humanisme Manche\u00bb pour des activit\u00e9s d'ing\u00e9nierie sociale, financi\u00e8re et technique et des activit\u00e9s d'interm\u00e9diation\nlocative et de gestion locative sociale\n55\net  des  activit\u00e9s  d'interm\u00e9diation  locative  et  de  gestion  locative  sociale  \nmentionn\u00e9es \u00e0 l'article L.365-4,\nVu l'arr\u00eat\u00e9 du 26 mai 2025 portant renouvellement de l'agr\u00e9ment.\nConsid\u00e9rant la demande en date du 7 avril 2025 , pr\u00e9sent\u00e9e par l'association \u00ab  Habitat et\nHumanisme Manche \u00bb\nConsid\u00e9rant les pi\u00e8ces justificatives d\u00e9pos\u00e9es au dossier,\nConsid\u00e9rant le domaine d'intervention dans le secteur social de l'association \u00ab Habitat et\nHumanisme Manche \u00bb,\nConsid\u00e9rant que  l'association  a  d\u00e9montr\u00e9  sa  capacit\u00e9  \u00e0  d\u00e9velopper  des  activit\u00e9s\nd'interm\u00e9diation  locative  et  de  gestion  locative  sociale  et  des  activit\u00e9s\nd'ing\u00e9nierie sociale, financi\u00e8re et technique, \nSur proposition du directeur d\u00e9partemental de l'emploi, du travail et des solidarit\u00e9s de la\nManche\nARR\u00caTE\nArticle 1 : L'agr\u00e9ment de l'association \u00ab Habitat et Humanisme Manche \u00bb, domicili\u00e9e au\nn\u00b054 rue de la Bucaille, 50100 Cherbourg-en-Cotentin, est renouvel\u00e9 pour :\n- d'une part  des activit\u00e9s d'ing\u00e9nierie sociale, financi\u00e8re et technique men -\ntionn\u00e9es \u00e0 l'article L.365-3 :\nb) L'accompagnement social effectu\u00e9 pour faciliter l'acc\u00e8s ou le maintien\ndans le logement, r\u00e9alis\u00e9 principalement dans le cadre du plan d\u00e9partemen -\ntal d'action pour le logement des personnes d\u00e9favoris\u00e9es,\nd) La recherche de logements en vue de leur location \u00e0 des personnes d\u00e9fa -\nvoris\u00e9es,\ne)  La  participation  aux  r\u00e9unions  des  commissions  d'attribution  des  orga-\nnismes d'habitations \u00e0 loyer mod\u00e9r\u00e9 mentionn\u00e9e \u00e0 l'article L. 441-2.\n- d'autre part des activit\u00e9s d'interm\u00e9diation locative et de gestion locative\nsociale mentionn\u00e9es \u00e0 l'article L.365-4 :\nc) La gestion de r\u00e9sidences sociales mentionn\u00e9e \u00e0 l'article R. 353-165-1,\nL'association \u00ab habitat et Humanisme Manche \u00bb est \u00e9galement agr\u00e9\u00e9e pour :\n- les activit\u00e9s d'ing\u00e9nierie sociale, financi\u00e8re et technique mentionn\u00e9es \u00e0 l'ar -\nticle L.365-3 :\na) L'accueil, le conseil, l'assistance administrative et financi\u00e8re, juridique et\ntechnique des personnes physiques, propri\u00e9taires ou locataires, dont les re -\nvenus sont inf\u00e9rieurs \u00e0 un montant fix\u00e9 par voie r\u00e9glementaire, en vue de\nl'am\u00e9lioration de leur logement ou de l'adaptation de celui-ci au handicap et\nau vieillissement,\n- les  activit\u00e9s d'interm\u00e9diation locative et de gestion locative sociale men -\ntionn\u00e9es \u00e0 l'article L.365-4 :\na) La location : de logements aupr\u00e8s d'organismes agr\u00e9\u00e9s au titre de l'article\nDirection d\u00e9partementale de l'emploi, du travail et des solidarit\u00e9s - 50-2025-09-18-00002 - Arr\u00eat\u00e9 modificatif \u00e0 l'arr\u00eat\u00e9 portant\nrenouvellement de l'agr\u00e9ment de l'association\n\u00abHabitat et Humanisme Manche\u00bb pour des activit\u00e9s d'ing\u00e9nierie sociale, financi\u00e8re et technique et des activit\u00e9s d'interm\u00e9diation\nlocative et de gestion locative sociale\n56\nL.365-2 ou d'organismes d'habitations \u00e0 loyer mod\u00e9r\u00e9 en vue de leur sous-lo -\ncation \u00e0 des personnes d\u00e9favoris\u00e9es dans les conditions pr\u00e9vues par l'article\nL.442-8-1 ; de logements \u00e0 des bailleurs autres que des organismes d'habita -\ntions \u00e0 loyer mod\u00e9r\u00e9 en vue de leur sous-location \u00e0 des personnes d\u00e9favori -\ns\u00e9es dans les conditions pr\u00e9vues aux articles L.321-10, L.321-10-1 et L.353-20  ;\nde logements en vue de l'h\u00e9bergement de personnes d\u00e9favoris\u00e9es dans les\nconditions de l'article L.851-1 du code de la s\u00e9curit\u00e9 sociale  ; aupr\u00e8s d'un or -\nganisme d'habitations \u00e0 loyer mod\u00e9r\u00e9 d'un h\u00f4tel destin\u00e9 \u00e0 l'h\u00e9bergement,\nmentionn\u00e9e au 8\u00b0 de l'article L.421-1, au onzi\u00e8me alin\u00e9a de l'article L.422-2 ou\nau 6\u00b0 de l'article L.422-3  ; de structures destin\u00e9es \u00e0 l'h\u00e9bergement aupr\u00e8s\nd'un organisme agr\u00e9\u00e9 au titre de l'article L.365-2\nArticle 2 : Cet  agr\u00e9ment  est  valable  pour  une  dur\u00e9e  de  cinq  ans  renouvelable  \u00e0\ncompter de la date de signature du pr\u00e9sent arr\u00eat\u00e9.\nArticle 3 : Un  compte  rendu  de  l'activit\u00e9  concern\u00e9e  et  les  comptes  financiers  de\nl'organisme  seront  adress\u00e9s  annuellement  \u00e0  l'autorit\u00e9  administrative\ncomp\u00e9tente qui a d\u00e9livr\u00e9 l'agr\u00e9ment. Cette derni\u00e8re peut \u00e0 tout moment\ncontr\u00f4ler  les  conditions  d'exercice  de  l'activit\u00e9  de  l'organisme.  Toute\nmodification statutaire est notifi\u00e9e sans d\u00e9lai \u00e0 l'autorit\u00e9 administrative.\nArticle 4 : Cet agr\u00e9ment peut \u00eatre retir\u00e9 \u00e0 tout moment par l'autorit\u00e9 administrative\ncomp\u00e9tente si l'organisme ne satisfait plus aux conditions de d\u00e9livrance de\ncelui-ci ou s'il est constat\u00e9 un manquement grave ou r\u00e9p\u00e9t\u00e9 \u00e0 ses obligations.\nLe  retrait  est  prononc\u00e9  conform\u00e9ment  \u00e0  l'article  R.365-8  du  code  de  la\nconstruction et de l'habitation.\nArticle 5 : Cet arr\u00eat\u00e9 peut faire l'objet dans les deux mois suivant sa notification :\n- d'un recours gracieux aupr\u00e8s des services de la Pr\u00e9fecture de la Manche\n- d'un recours contentieux devant le tribunal administratif de Caen  : 3 rue\nArthur le Duc, 14000 Caen. La saisine peut se faire via T\u00e9l\u00e9recours citoyens,\naccessible par le site www.telerecours.fr\nArticle 6 : La secr\u00e9taire g\u00e9n\u00e9rale de la de la pr\u00e9fecture, le directeur d\u00e9partemental de\nl'emploi,  du  travail  et  des  solidarit\u00e9s  de  la  Manche,  le  pr\u00e9sident  de\nl'association \u00ab Habitat et Humanisme Manche  \u00bb, sont charg\u00e9s, chacun en ce\nqui le concerne, de l'ex\u00e9cution du pr\u00e9sent arr\u00eat\u00e9 qui sera ins\u00e9r\u00e9 au recueil\ndes actes administratifs de la pr\u00e9fecture.\nFait \u00e0 Saint-L\u00f4, le 18 septembre 2025\nPour le Pr\u00e9fet et par d\u00e9l\u00e9gation,\nLa Secr\u00e9taire G\u00e9n\u00e9rale\nSign\u00e9\nPerrine SERRE\nDirection d\u00e9partementale de l'emploi, du travail et des solidarit\u00e9s - 50-2025-09-18-00002 - Arr\u00eat\u00e9 modificatif \u00e0 l'arr\u00eat\u00e9 portant\nrenouvellement de l'agr\u00e9ment de l'association\n\u00abHabitat et Humanisme Manche\u00bb pour des activit\u00e9s d'ing\u00e9nierie sociale, financi\u00e8re et technique et des activit\u00e9s d'interm\u00e9diation\nlocative et de gestion locative sociale\n57\nDirection d\u00e9partementale de l'emploi, du travail\net des solidarit\u00e9s\n50-2025-09-01-00020\nArr\u00eat\u00e9 n\u00b0 2025-DDETS-PSA-39 portant\ncomposition du conseil m\u00e9dical relatif aux\nagents de la fonction publique hospitali\u00e8re \nDirection d\u00e9partementale de l'emploi, du travail et des solidarit\u00e9s - 50-2025-09-01-00020 - Arr\u00eat\u00e9 n\u00b0 2025-DDETS-PSA-39 portant\ncomposition du conseil m\u00e9dical relatif aux agents de la fonction publique hospitali\u00e8re 58\nExPR\u00c9FETDE LA MANCHELibert\u00e9Egalit\u00e9Fraternit\u00e9\nDirection D\u00e9partementale de l'emploi, du travail et des solidarit\u00e9s\nP\u00f4le solidarit\u00e9s actives\nAffaire suivie par : \nMme C\u00e9line DUVAL\nceline.duval@manche.gouv.fr\nARRET\u00c9 N\u00b02025-DDETS-PSA-39\nportant composition du conseil m\u00e9dical\nrelatif aux agents de la fonction publique hospitali\u00e8re\nLe Pr\u00e9fet de La Manche\nChevalier de la L\u00e9gion d'Honneur\nChevalier de l'ordre national du M\u00e9rite\n\u00a0\nVU  la loi n\u00b0 83.634 du 13 juillet 1983 modifi\u00e9e, portant droits et obligations des \nfonctionnaires ;\nVU  la loi n\u00b0 86.33 du 9 janvier 1986 modifi\u00e9e, portant dispositions statutaires relatives \u00e0 la\nfonction publique hospitali\u00e8re ;\nVU le d\u00e9cret n\u00b0 86.442 du 14 mars 1986 relatif \u00e0 la d\u00e9signation des m\u00e9decins agr\u00e9\u00e9s, \u00e0\nl'organisation des comit\u00e9s m\u00e9dicaux et des commissions de r\u00e9forme, aux conditions\nd'aptitude physique pour l'admission aux emplois publics et au r\u00e9gime de cong\u00e9s de\nmaladie des fonctionnaires ;\nVU le d\u00e9cret n\u00b0 88.386 du 19 avril 1988 relatif aux conditions d'aptitude physique et aux\ncong\u00e9s de maladie des agents de la fonction publique hospitali\u00e8re ;\nVU l'arr\u00eat\u00e9 du 4 ao\u00fbt 2004 relatif aux commissions de r\u00e9forme des agents de la fonction\npublique hospitali\u00e8re ;\nVU le d\u00e9cret n\u00b0 2009-1484 du 3 d\u00e9cembre 2009 relatif aux directions d\u00e9partementales\ninterminist\u00e9rielles ;\n VU le d\u00e9cret N\u00b02020-1545 du 9 d\u00e9cembre 2020 relatif \u00e0 l'organisation et aux missions des\ndirections  r\u00e9gionales  de  l'\u00e9conomie,  de  l'emploi,  du  travail  et  des  solidarit\u00e9s,  des\ndirections d\u00e9partementales de l'emploi, du travail et des solidarit\u00e9s et des directions\nd\u00e9partementales  de  l'emploi,  du  travail,  des  solidarit\u00e9s  et  de  la\nprotection des populations ;\nVU le d\u00e9cret  n\u00b02022-351 du 11 mars 2022 relatif aux conseils m\u00e9dicaux dans la fonction\npublique hospitali\u00e8re ;\nVU  le d\u00e9cret  du  13 juillet  2023  portant  nomination  de Mo nsieur Xavier  BRUNETIERE,\npr\u00e9fet de  la Manche ;\nDirection D\u00e9partementale de l'emploi, du travail et des solidarit\u00e9s \u2013 5 bis rue des pr\u00e9s\nBP 20524 \u2013 50004 SAINT-LO CEDEX\nT\u00e9l : 02.50.71.50.00 - M\u00e9l : d  det  s@manche.gouv.fr  \nAccueil du public du lundi au vendredi de 09 h 00 \u00e0 12 h 00 et de 14 h 00 \u00e0 16 h 00\nDirection d\u00e9partementale de l'emploi, du travail et des solidarit\u00e9s - 50-2025-09-01-00020 - Arr\u00eat\u00e9 n\u00b0 2025-DDETS-PSA-39 portant\ncomposition du conseil m\u00e9dical relatif aux agents de la fonction publique hospitali\u00e8re 59\nVU l'arr\u00eat\u00e9 du 4 ao\u00fbt 2004 relatif aux commissions de r\u00e9forme des agents de la fonction\npublique hospitali\u00e8re ;\nVU l'arr\u00eat\u00e9 pr\u00e9fectoral du 8 avril 2022  portant cr\u00e9ation du conseil m\u00e9dical de la Manche ;\nVU l'arr\u00eat\u00e9 pr\u00e9fectoral du 1 er octobre 2024 portant d\u00e9signation des m\u00e9decins membres\ndu conseil m\u00e9dical de la Manche ;\nVU les r\u00e9sultats des \u00e9lections du 8 d\u00e9cembre 2022, portant d\u00e9signation des repr\u00e9sentants\ndu personnel des diff\u00e9rentes commissions administratives paritaires d\u00e9partementales\ncomp\u00e9tentes \u00e0 l'\u00e9gard du personnel des \u00e9tablissements d'hospitalisation publics et de\ncertains \u00e9tablissements \u00e0 caract\u00e8re social du d\u00e9partement de la Manche ;\nVU les propositions des conseils d'administration et de surveillance des \u00e9tablissements\nsus-mentionn\u00e9s ;\nVU le r\u00e9sultat du tirage au sort du 13 avril 2023 pour la d\u00e9signation des repr\u00e9sentants de\nl'administration ;\nCONSIDERANT  le courrier  du 11 juin 2025  du syndicat CFDT  portant d\u00e9signation des\nrepr\u00e9sentants de la commission administrative paritaire d\u00e9partementale n\u00b0  8 ;\nSUR proposition de la secr\u00e9taire g\u00e9n\u00e9rale de la pr\u00e9fecture ;\n\u00a0ARRETE \n\u00a0\nARTICLE 1  :  Le conseil m\u00e9dical d\u00e9partemental en formation pl\u00e9ni\u00e8re si\u00e9geant pour  les\nagents de la fonction publique hospitali\u00e8re est compos\u00e9 comme suit :\n- Trois m\u00e9decins \n- Deux repr\u00e9sentants de l'administration\nTitulaire : M. Jacques FLEURY\nSuppl\u00e9ant : M. G\u00e9rard COULON\nTitulaire : Mme GRASSET Carine\nSuppl\u00e9ant : si\u00e8ge \u00e0 pourvoir\n- Deux repr\u00e9sentants du personnel\nCorps de cat\u00e9gorie A\nCAP n\u00b0 1 : Personnels d'encadrement technique\nTitulaire : Mme  Sophie  LEFEUVRE  (FO),  ing\u00e9nieure hospitali\u00e8r e,  centre  hospitalier  \nd'Avranches-Granville\nSuppl\u00e9ant : M. Olivier PARIS (FO), ing\u00e9nieur hospitalier, centre hospitalier public du \nCotentin\n2\nDirection d\u00e9partementale de l'emploi, du travail et des solidarit\u00e9s - 50-2025-09-01-00020 - Arr\u00eat\u00e9 n\u00b0 2025-DDETS-PSA-39 portant\ncomposition du conseil m\u00e9dical relatif aux agents de la fonction publique hospitali\u00e8re 60\nCAP  n\u00b0  2 :  Personnels  des  services  de  soins,  des  services  m\u00e9dico-techniques  et  des\nservices sociaux \nTitulaires : Mme Emmanuelle BARBET (CFDT), ergoth\u00e9rapeute, centre hospitalier \nM\u00e9morial de Saint-L\u00f4\nM.  Lo\u00efc  PORCHER  (FO),  infirmier  en  soins  g\u00e9n\u00e9raux  et  sp\u00e9cialis\u00e9s,  centre\nhospitalier d'Avranches-Granville\nSuppl\u00e9ants : Mme Julie HAMEL (CFDT), infirmi\u00e8re en soins g\u00e9n\u00e9raux et sp\u00e9cialis\u00e9es, centre\nhospitalier public du Cotentin\nM.  Cyril VASSELIN (FO),  infirmier  en soins  g\u00e9n\u00e9raux et sp\u00e9cialis\u00e9s,  centre\nhospitalier public du Cotentin\nM. Fabrice LETELLIER (FO), infirmier anesth\u00e9siste, centre hospitalier \nd'Avranches-Granville\nCAP n\u00b0 10 : Personnels sages-femmes \nTitulaire :     Mme Sylvie LOUISE (FAFPH), sage-femme, centre hospitalier M\u00e9morial de \nSaint-L\u00f4\nSuppl\u00e9ant :  Mme Virginie MORTELECQ (FAFPH), sage-femme, centre hospitalier public du\nCotentin \nCorps de cat\u00e9gorie B\nCAP n\u00b0 4 : Personnels d'encadrement technique \nTitulaire :     M. Micka\u00ebl GIARD (FO), technicien sup\u00e9rieur hospitalier, centre hospitalier\nde Coutances\nSuppl\u00e9ants :  Mme Isabelle LELERRE (FO), technicien hospitalier, centre hospitalier \nM\u00e9morial de Saint-L\u00f4\nM. S\u00e9bastien CORBET (FO), technicien hospitalier, centre hospitalier \npublic du Cotentin \nCAP  n\u00b0  5 :  Personnels  des  services  de  soins,  des  services  m\u00e9dico-techniques  et  des\nservices sociaux \nTitulaires :   Mme Karin LEDOUX (FO), aide-soignante, centre hospitalier de Coutances\nM.  Vincent  TREHEL (CFDT),  aide-soignant,  centre hospitalier d'Avranches-\nGranville\nSuppl\u00e9ants : Mme Sylvie MERIEL (FO), infirmi\u00e8re, centre hospitalier public du Cotentin\nMme Emilie LAUNAY (FO), aide-soignante, centre hospitalier M\u00e9morial de\nSaint-L\u00f4\nMme Fanny DEVOUGES (CFDT), aide-soignante centre hospitalier public du\nCotentin\nCAP n\u00b0 6 : Personnels d'encadrement administratif et des assistants m\u00e9dico-administratifs\nTitulaires :   Mme  Magali  BEAUFILS-CALIPEL  (FO),  assistante  m\u00e9dico-administrative,\ncentre hospitalier de Coutances, \nMme Sylvie BETREMIEUX  (CFDT),  assistante  m\u00e9dico-administrative,  centre\nhospitalier public du Cotentin\nSuppl\u00e9ants : Mme  Virginie  CHOQUET  (FO),  assistante  m\u00e9dico-administrative,  centre\nhospitalier de Coutances\n3\nDirection d\u00e9partementale de l'emploi, du travail et des solidarit\u00e9s - 50-2025-09-01-00020 - Arr\u00eat\u00e9 n\u00b0 2025-DDETS-PSA-39 portant\ncomposition du conseil m\u00e9dical relatif aux agents de la fonction publique hospitali\u00e8re 61\n\u00a0\u00a0\u00a0\u00a0\u00a0\u00a0\u00a0\u00a0\u00a0\u00a0\u00a0\u00a0\u00a0\u00a0\u00a0\u00a0\u00a0\u00a0\u00a0\u00a0\u00a0\u00a0\u00a0\u00a0Mme H\u00e9l\u00e8ne MACE (FO), assistante m\u00e9dico-administrative, centre hospitalier\nde PONTORSON\nMme  Sandrine  BELLET  (CFDT),  assistante  m\u00e9dico-administrative,  centre\nhospitalier public du Cotentin\nCorps de cat\u00e9gorie C :\nCAP n\u00b0 7 : Personnels de la fili\u00e8re ouvri\u00e8re et technique \nTitulaires :   M. Olivier CROCHER (FO), ouvrier professionnel, centre hospitalier de \nMortain\nMme Alicia MOUCHEL (CFDT), ouvri\u00e8re professionnelle, centre hospitalier \npublic du Cotentin\nSuppl\u00e9ants : Mme Nadine PARRON (FO), ouvri\u00e8re principale, centre hospitalier public du \nCotentin\nM. David PHILIPPE (FO), ouvrier professionnel, centre hospitalier public du  \nCotentin\nM. Christian PIGAULT (CFDT), ouvrier professionnel, EHPAD - Carquebut\nCAP  n\u00b0  8 :  Personnels  des  services  de  soins,  des  services  m\u00e9dico-techniques  et  des\nservices sociaux \u00a0\nTitulaires : M. St\u00e9phane BIDEL (FO), agent de service hospitalier, centre hospitalier de \nVilledieu\nMme V\u00e9ronique INGOUF (CFDT), accompagnant \u00e9ducatif et social centre \nhospitalier de Carentan\nSuppl\u00e9ants :  Mme Nathalie GODEFROY (FO), agent de service hospitalier, centre \nhospitalier de Coutances\nMme St\u00e9phanie CROTEAU (CFDT), agent de service hospitalier, ehpad de \nPercy\nCAP n\u00b0 9 : Personnels administratifs \nTitulaires  :     Mme Martine MIGNOT (CFDT),  adjointe  administrative,  centre hospitalier\nM\u00e9morial de Saint-L\u00f4\n\u00a0\u00a0\u00a0\u00a0\u00a0\u00a0\u00a0\u00a0\u00a0\u00a0\u00a0 \u00a0\u00a0\u00a0\u00a0\u00a0\u00a0\u00a0\u00a0\u00a0\u00a0\u00a0 Mme La\u00ebtitia AUVRAY (FO), adjointe administrative, centre hospitalier \nM\u00e9morial de Saint-L\u00f4\nSuppl\u00e9ants : Mme Catherine DESPLATS  ALLAIN  (CFDT),  adjointe administrative centre\nhospitalier public du Cotentin\nMme  Elodie  BRILLAND  (FO),  adjointe  administrative,  centre  hospitalier\nM\u00e9morial de Saint-L\u00f4\nARTICLE 2 : Les membres du conseil m\u00e9dical sont nomm\u00e9s pour la dur\u00e9e du mandat de la\ncommission administrative paritaire. Ce mandat est prolong\u00e9 jusqu'\u00e0 ce qu'il soit proc\u00e9d\u00e9\n\u00e0 une nouvelle d\u00e9signation.\nARTICLE 3 : Toutes dispositions ant\u00e9rieures au pr\u00e9sent arr\u00eat\u00e9 sont abrog\u00e9es.\n4\nDirection d\u00e9partementale de l'emploi, du travail et des solidarit\u00e9s - 50-2025-09-01-00020 - Arr\u00eat\u00e9 n\u00b0 2025-DDETS-PSA-39 portant\ncomposition du conseil m\u00e9dical relatif aux agents de la fonction publique hospitali\u00e8re 62\nARTICLE  4 :  Le  pr\u00e9sent  arr\u00eat\u00e9  sera  publi\u00e9  au  recueil  des  actes  administratifs  de  la\npr\u00e9fecture de la Manche.\nARTICLE 5 : Cet arr\u00eat\u00e9 peut faire l'objet d'un recours administratif  dans un d\u00e9lai de deux\nmois \u00e0 compter de sa publication : Soit un recours gracieux aupr\u00e8s de mes services soit un\nrecours hi\u00e9rarchique aupr\u00e8s de la ministre des solidarit\u00e9s et de la sant\u00e9. \nS'il n'est pas r\u00e9pondu dans un d\u00e9lai de deux mois \u00e0 compter de la date de r\u00e9ception du\nrecours par mes services, celui-ci doit \u00eatre consid\u00e9r\u00e9 comme implicitement rejet\u00e9. Cette\nd\u00e9cision ouvre alors la possibilit\u00e9 de saisir la juridiction administrative dans un d\u00e9lai de\ndeux mois. \nUn recours contentieux peut \u00eatre introduit devant le tribunal administratif de Caen dans\nun d\u00e9lai de deux mois \u00e0 compter la notification de la pr\u00e9sente d\u00e9cision (ou de la date du\nrejet du recours gracieux ou hi\u00e9rarchique) ou de sa publication pour les tiers. Le tribunal\nadministratif  peut-\u00eatre  saisi  par  l'application  informatique  \u00ab  t\u00e9l\u00e9recours  citoyens  \u00bb\naccessible par le site internet www.telerecours.fr\nARTICLE  6 : Le  pr\u00e9fet  et  le  directeur  d\u00e9partemental  de  l'emploi,  du  travail  et  des\nsolidarit\u00e9s sont charg\u00e9s, chacun en ce qui le concerne, de l'ex\u00e9cution du pr\u00e9sent arr\u00eat\u00e9.\nSaint-L\u00f4, le 01/09/2025\nSIGNE\nXavier BRUNETIERE\n5\nDirection d\u00e9partementale de l'emploi, du travail et des solidarit\u00e9s - 50-2025-09-01-00020 - Arr\u00eat\u00e9 n\u00b0 2025-DDETS-PSA-39 portant\ncomposition du conseil m\u00e9dical relatif aux agents de la fonction publique hospitali\u00e8re 63\nDirection d\u00e9partementale de l'emploi, du travail\net des solidarit\u00e9s\n50-2025-09-03-00004\nArr\u00eat\u00e9 n\u00b02025-DDETS-PSA-40 portant\ncomposition du conseil m\u00e9dical relatif aux\nagents des collectivit\u00e9s territoriales\nDirection d\u00e9partementale de l'emploi, du travail et des solidarit\u00e9s - 50-2025-09-03-00004 - Arr\u00eat\u00e9 n\u00b02025-DDETS-PSA-40 portant\ncomposition du conseil m\u00e9dical relatif aux agents des collectivit\u00e9s territoriales 64\nExPREFETDE LA MANCHELibert\u00e9Egalit\u00e9Fraternit\u00e9\nDirection D\u00e9partementale de l'emploi, du travail et des solidarit\u00e9s\nP\u00f4le solidarit\u00e9s actives\nAffaire suivie par :\nMme C\u00e9line DUVAL\nceline.duval@manche.gouv.fr\nARRETE N\u00b02025-DDETS-PSA-40\nportant composition du conseil m\u00e9dical\nrelatif aux agents des collectivit\u00e9s territoriales\n \nLe pr\u00e9fet de la Manche\nChevalier de la L\u00e9gion d'honneur\nChevalier de l'ordre national du M\u00e9rite\nVU la  loi  n\u00b0  83.634  du  13  juillet  1983  modifi\u00e9e,  portant  droits  et  obligations  des\nfonctionnaires ;\nVU la loi n\u00b0 96-639 du 3 mai 1996 relative aux services d'incendie et de secours ;\nVU le  d\u00e9cret  n\u00b0  86.442  du  14  mars  1986  relatif  \u00e0  la  d\u00e9signation  des  m\u00e9decins  agr\u00e9\u00e9s,  \u00e0\nl'organisation  des  comit\u00e9s  m\u00e9dicaux  et  des  commissions  de  r\u00e9forme,  aux  conditions\nd'aptitude  physique pour  l'admission  aux  emplois  publics  et au  r\u00e9gime de  cong\u00e9s  de\nmaladie des fonctionnaires ;\nVU les d\u00e9crets n\u00b0 96-620 et 96-621 du 7 juillet 1992 relatifs \u00e0 la protection sociale des sapeurs-\npompiers volontaires ;\nVU le d\u00e9cret n\u00b0 2004-374 du 29 avril 2004 relatif aux pouvoirs des pr\u00e9fets, \u00e0 l'organisation et \u00e0\nl'action des services de l'\u00c9tat dans les r\u00e9gions et d\u00e9partements ;\nVU le  d\u00e9cret  n\u00b0  2009-1484  du  3  d\u00e9cembre  2009  relatif  aux  directions  d\u00e9partementales\ninterminist\u00e9rielles ;\nVU le d\u00e9cret N\u00b02020-1545 du 9 d\u00e9cembre 2020 relatif \u00e0 l'organisation et aux missions des\ndirections  r\u00e9gionales  de  l'\u00e9conomie,  de  l'emploi,  du  travail  et  des  solidarit\u00e9s,  des\ndirections  d\u00e9partementales  de  l'emploi,  du  travail et des  solidarit\u00e9s  et des  directions\nd\u00e9partementales  de  l'emploi,  du  travail,  des  solidarit\u00e9s  et  de  la  protection  des\npopulations ;\nVU le  d\u00e9cret  n\u00b02022-350  du  11  mars  2022  relatif  aux  conseils  m\u00e9dicaux  dans  la  fonction\npublique territoriale ;\nDirection D\u00e9partementale de l'emploi, du travail et des solidarit\u00e9s \u2013 5 bis rue des pr\u00e9s\nBP 20524 \u2013 50004 SAINT-LO CEDEX\nT\u00e9l : 02.50.71.50.00 - M\u00e9l : dd  et  s@manche.gouv.fr  \nAccueil du public du lundi au vendredi de 09 h 00 \u00e0 12 h 00 et de 13 h 30 \u00e0 16 h 00\nDirection d\u00e9partementale de l'emploi, du travail et des solidarit\u00e9s - 50-2025-09-03-00004 - Arr\u00eat\u00e9 n\u00b02025-DDETS-PSA-40 portant\ncomposition du conseil m\u00e9dical relatif aux agents des collectivit\u00e9s territoriales 65\nVU le d\u00e9cret du 13 juillet 2023 portant nomination de M. Xavier BRUNETIERE, pr\u00e9fet de la\nManche ;\nVU l'arr\u00eat\u00e9 du 04 ao\u00fbt 2004 relatif aux commissions de r\u00e9forme des agents de la fonction \npublique territoriale et de la fonction publique hospitali\u00e8re ; \nVU l'arr\u00eat\u00e9 pr\u00e9fectoral du 29 mars 2021 portant organisation de la direction d\u00e9partementale\nde l'emploi, du travail et des solidarit\u00e9s ;\nVU l'arr\u00eat\u00e9 pr\u00e9fectoral du 8 avril 2022  portant cr\u00e9ation du conseil m\u00e9dical de la Manche ;\nVU l'arr\u00eat\u00e9 pr\u00e9fectoral du 8 avril 2022 portant d\u00e9signation des m\u00e9decins membres du conseil\nm\u00e9dical de la Manche ;\nVU l'arr\u00eat\u00e9 pr\u00e9fectoral du 26 mai 2 023 portant d\u00e9l\u00e9gation de signature \u00e0 Mme Perrine SERRE,\nsecr\u00e9taire g\u00e9n\u00e9rale de la pr\u00e9fecture ;\nVU les  \u00e9lections  professionnelles  du  8  d\u00e9cembre  2022 relatives  au  renouvellement  des\nrepr\u00e9sentants du personnel ;\nCONSIDERANT  le courrier du conseil d\u00e9partemental de la Manche en date du 25 janvier\n2023 d\u00e9signant les repr\u00e9sentants du personnel ;\nCONSIDERANT le courrier du Centre de Gestion de la fonction publique de la Manche en\ndate du 13 janvier 2023 d\u00e9signant les repr\u00e9sentants du personnel ;\nCONSIDERANT  le courrier  de la ville de Cherbourg en Cotentin  en date du  6 f\u00e9vrier 2023\nd\u00e9signant les repr\u00e9sentants du personnel ;\nCONSIDERANT le courrier de la communaut\u00e9 d'agglom\u00e9ration du Cotentin en date du 4 avril\n2025 d\u00e9signant les repr\u00e9sentants du personnel ;\nCONSIDERANT l'arr\u00eat\u00e9  du  19  janvier  2023  de  la  r\u00e9gion  Normandie  d\u00e9signant  les\nrepr\u00e9sentants du personnel ;\nCONSIDERANT le courrier du 5 octobre 2023 du service d\u00e9partemental d'incendie et de\nsecours de la Manche d\u00e9signant les repr\u00e9sentants des sapeurs pompiers volontaires\nCONSIDERANT le courrier du 5 d\u00e9cembre 2024 de la f\u00e9d\u00e9ration autonome de la fonction\npublique territoriale\nARRETE\n \nA  RTICLE   1   \u2013 Le conseil m\u00e9dical d\u00e9partemental en formation pl\u00e9ni\u00e8re si\u00e9geant pour les agents\ndes collectivit\u00e9s territoriales est fix\u00e9 ainsi qu'il suit :\n-    Trois m\u00e9decins\n-    Deux repr\u00e9sentants de l'administration\n \n-    Deux repr\u00e9sentants du personnel\n2\nDirection d\u00e9partementale de l'emploi, du travail et des solidarit\u00e9s - 50-2025-09-03-00004 - Arr\u00eat\u00e9 n\u00b02025-DDETS-PSA-40 portant\ncomposition du conseil m\u00e9dical relatif aux agents des collectivit\u00e9s territoriales 66\nCOLLECTIVITES AFFILIEES AU CENTRE DE GESTION\n \nRepr\u00e9sentants de l'administration\nTitulaire :     M. Jacques GROMELLON\nSuppl\u00e9ants : M. Alain SEVEQUE\n Mme Christine LESOUEF\nTitulaire :     M. Alain LECLERE\nSuppl\u00e9ants : M. Francis D'HULST\nM. Lo\u00efc RENIMEL\nRepr\u00e9sentants du personnel\nCATEGORIE A\nTitulaire :     M. Louis GUILLOTTE (SNDGCT)\nSuppl\u00e9ants :  M. Bruno LOUIDET \nM. Dominique LOYANT \nTitulaire :     Mme Emmanuelle LEFRANCAIS (FA-FPT)\nSuppl\u00e9ant  s   :  Mme Emmanuelle SIOT\nMme Julie MALBEC\nCATEGORIE B\nTitulaire :     Mme Val\u00e9rie BERNARD  (FA-FPT)\nSuppl\u00e9ant  s   :  Mme Anita LELANDAIS\nM. Herv\u00e9 LESAGE\nTitulaire :     M. Yves-Marie TARDIF (CGT)\nSuppl\u00e9ant  s   :  M. Dominique CHARONDIERE \nM. Johann HELAINE \nCATEGORIE C\nTitulaire :     M. Thierry BOTELLA (CFDT)\nSuppl\u00e9ant  s   :  M. Guy DELACOTTE \nMme Val\u00e9rie POIGNANT \nTitulaire :      M. David MIGNOT (CGT)\nSuppl\u00e9ant  s   :  Mme Josette PERRON \nMme V\u00e9ronique LEPOTIER \n3\nDirection d\u00e9partementale de l'emploi, du travail et des solidarit\u00e9s - 50-2025-09-03-00004 - Arr\u00eat\u00e9 n\u00b02025-DDETS-PSA-40 portant\ncomposition du conseil m\u00e9dical relatif aux agents des collectivit\u00e9s territoriales 67\nCOMMUNAUTE D'AGGLOMERATION DU COTENTIN\n \nRepr\u00e9sentants de l'administration\n \nTitulaire  s   :     Mme Camille MARGUERITE\nM. Fran\u00e7ois ROUSSEAU\nSuppl\u00e9ants : M. Jean-Fran\u00e7ois LAMOTTE\nMme V\u00e9ronique MARTIN MORVAN\nMme Agn\u00e8s TAVARD\nM. Yves ASSELINE\nRepr\u00e9sentants du personnel\nCATEGORIE A\nTitulaire :      M. Jean-Louis LEGOUIX (FA-FPT)\nSuppl\u00e9ant  s   :  M. Bertrand BACHELET\nM. Eric NOEL\nTitulaire :     M. Patrick CEUNINCK (FA-FPT)\nSuppl\u00e9ant  s   :  Mme Elodie MANDART\nMme Morgane JESTIN-SANSON\nCATEGORIE B\nTitulaire :       M. Yves TENDREL (FA-FPT)\nSuppl\u00e9ant  s   :  M. Jean-Fran\u00e7ois GUYOT\nM. Philippe SAUTHOFF\nTitulaire :       Mme Delphine QUIEDEVILLE (FA-FPT)\nSuppl\u00e9ant  s   :  Mme Carole DERVAUX\nMme Sandrine AUVRAY\nCATEGORIE C\nTitulaire :      Mme Isabelle DUPIN (CGT)\nSuppl\u00e9ant  s   :  Mme Lise LEMAGNEN\nM. Ludovic LANGLOIS\n                     \nTitulaire :     M. Jean-Luc FAUDEMER (FA-FPT)\nSuppl\u00e9ant  s   :  M. Patrice LODDE\nM. David RIGOBERT\n4\nDirection d\u00e9partementale de l'emploi, du travail et des solidarit\u00e9s - 50-2025-09-03-00004 - Arr\u00eat\u00e9 n\u00b02025-DDETS-PSA-40 portant\ncomposition du conseil m\u00e9dical relatif aux agents des collectivit\u00e9s territoriales 68\nVILLE de CHERBOURG EN COTENTIN\n \nRepr\u00e9sentants de l'administration\nTitulaire :      Mme Agn\u00e8s TAVARD \nSuppl\u00e9ants : Mme Lydie LE POITTEVIN\n  Mme Martine GRUNEWALD\nTitulaire :      M. Gilbert LEPOITTEVIN\nSuppl\u00e9ants : M. Noureddine BOUSSELMANE\n                       Mme Sylvie LAINE\n \nRepr\u00e9sentants du personnel\n \nCATEGORIE A\nTitulaire :     Mme Adeline TEXIER (FO)\nSuppl\u00e9ant :  Mme Corinne DUCREUX \nSi\u00e8ge FO \u00e0 pourvoir\nTitulaire :     Mme Catherine RIAHI (CGT)\nSuppl\u00e9ant :   M. Simon LOUISET\nSi\u00e8ge CGT \u00e0 pourvoir\nCATEGORIE B\nTitulaire :     M. Franck LAMOTTE (FO)\nSuppl\u00e9ant :   Mme Gwena\u00eblle PERROTTE\nSi\u00e8ge FO \u00e0 pourvoir \n \nTitulaire :     Mme Elise BUHOT (CGT)\nSuppl\u00e9ants : Mme Corine LEDOUX\nM. Maxime DEBOUT\nCATEGORIE C\nTitulaire :      M. Paul SZAFIRKO (CGT)\nSuppl\u00e9ants : Mme Elodie LEMPERIERE\n Mme Marylise GERVAUX \nTitulaire :      M. Fr\u00e9d\u00e9ric LECROSNIER (FO)\nSuppl\u00e9ants : M. Laurent CARRE\n                      Si\u00e8ge FO \u00e0 pourvoir\n5\nDirection d\u00e9partementale de l'emploi, du travail et des solidarit\u00e9s - 50-2025-09-03-00004 - Arr\u00eat\u00e9 n\u00b02025-DDETS-PSA-40 portant\ncomposition du conseil m\u00e9dical relatif aux agents des collectivit\u00e9s territoriales 69\nREGION NORMANDIE\n \nRepr\u00e9sentants de l'administration\n \nTitulaire :     Madame Val\u00e9rie LAISNEY\nSuppl\u00e9ants : M. Olivier PJANIC\nM. Guillaume HEDOUIN\nTitulaire :     Mme St\u00e9phanie MAUB\u00c9\nSuppl\u00e9ants : Mme Florence MAZIER\n                       Mme Claire ROUSSEAU\nRepr\u00e9sentant du personnel\nCATEGORIE A\nTitulaire :     M. Samuel LESART (CFDT)\nSuppl\u00e9ants : Mme Nad\u00e8ge DORNER\nM. Maxime LEPAILLEUR\nTitulaire :     M. Eric BIARD (CFDT)\nSuppl\u00e9ants : M. Vincent AUBIN\n                     M. Benjamin BOULAY \nCATEGORIE B\nTitulaire     :     M. Pascal CLEMENCE (CGT)\nSuppl\u00e9ants : M. Fabien LUCAS \nM. Benjamin LEPRETTRE \n \nTitulaire     :     Mme Mathilde ANGER (CFDT)\nSuppl\u00e9ants : Mme H\u00e9l\u00e8ne THIBERGE\n  Mme Peggy MESSIER\n CATEGORIE C\nTitulaire :     Mme Sylvie LECLAIRE (CGT)\nSuppl\u00e9ants : Mme Maryse ZUIANI\n                       M. Sylvain CARME\nTitulaire :     Mme Val\u00e9rie LAROQUE (CFDT)    \nSuppl\u00e9ants : M. Alain ANGOT \n                     M. Michel LEMOUSSU\n \n6\nDirection d\u00e9partementale de l'emploi, du travail et des solidarit\u00e9s - 50-2025-09-03-00004 - Arr\u00eat\u00e9 n\u00b02025-DDETS-PSA-40 portant\ncomposition du conseil m\u00e9dical relatif aux agents des collectivit\u00e9s territoriales 70\nCONSEIL DEPARTEMENTAL\n \nRepr\u00e9sentants de l'administration\n \nTitulaire :     Mme Carine GRASSET-MAHIEU\nSuppl\u00e9ants : M. Jean-Claude BRAUD\n                     M. Jacques COQUELIN\nTitulaire :     Mme Odile LEFAIX-VERON\n Suppl\u00e9ants : M. Herv\u00e9  DESSEROUER\nMme Emmanuelle BELLEE\nRepr\u00e9sentants du personnel\n \nCATEGORIE A\nTitulaire :     M. Serge JARDIN (CGT)\nSuppl\u00e9ants : M. Thierry MARI\u00c9\nMme V\u00e9ronique NOUET\n Titulaire :     Mme Christine FICHOU (CFDT)\nSuppl\u00e9ants : Mme Katy ALMIN\nMme Isabelle LEVOY \n \nCATEGORIE B\nTitulaire :     Mme Catherine LEGRAIN (FA-FPT)\nSuppl\u00e9ants : M. Arnaud LEHALLAIS\n                     Mme Coralie LAFR\u00c9CHOUX\n \nTitulaire :     M. Christophe SUEUR (CFDT)\nSuppl\u00e9ants : Mme Peggy B\u00c9ZARD \nM. S\u00e9bastien GIRARD\nCATEGORIE C\nTitulaire :     M. Romain DUVAL (FO)\nSuppl\u00e9ants : M. Sylvain HELEINE \nM. Franck LECONTE \n                     \nTitulaire :     M. St\u00e9phane LEMESLE (CGT)\nSuppl\u00e9ants : Mme Marina LEFRANC\n                     M. Fabrice SURBLED\n7\nDirection d\u00e9partementale de l'emploi, du travail et des solidarit\u00e9s - 50-2025-09-03-00004 - Arr\u00eat\u00e9 n\u00b02025-DDETS-PSA-40 portant\ncomposition du conseil m\u00e9dical relatif aux agents des collectivit\u00e9s territoriales 71\nSERVICE DEPARTEMENTAL D'INCENDIE ET DE SECOURS\nSAPEURS POMPIERS PROFESSIONNELS\n \nRepr\u00e9sentants de l'administration\nTitulaire :     M. Franck ESNOUF\nSuppl\u00e9ants : M. Michel RICHOMME\nM. Gille LELONG\nTitulaire :     Mme Carine GRASSET-MAHIEU\nSuppl\u00e9ants : Mme Marine DEFOY\nM. Philippe GOSSELIN\n \nRepr\u00e9sentants du personnel des sapeurs pompiers professionnels\n \nCATEGORIE A\nGroupe de base\nTitulaire :   Infirmi\u00e8re Pauline EURY (SPASDIS)\nSuppl\u00e9ant  s   : Infirmi\u00e8re Aude DOUSSIN\nCommandant Jean-Yves FOUQUET (AVENIR SECOURS)\nTitulaire :   Lieutenant Colonel Franck MAILLARD\nSuppl\u00e9ants : Lieutenant-colonel St\u00e9phane POULAIN (AVENIR SECOURS)\nCapitaine Robinson PICHANCOURT\nGroupe sup\u00e9rieur\nTitulaire :   Colonel hors classe Patrick SORIEUL (ANDSIS)\nSuppl\u00e9ant : Si\u00e8ge \u00e0 pourvoir\nTitulaire :   M\u00e9decin Norbert BERGINAT\nSuppl\u00e9ant : Si\u00e8ge \u00e0 pourvoir\nCATEGORIE B\nGroupe de base\nTitulaire :   Lieutenant Damien CATTEAU (SPASDIS)\nSuppl\u00e9ant : Lieutenant Jean-Fran\u00e7ois LEROUX\nTitulaire :   Lieutenant Christophe PASSAYS\nSuppl\u00e9ant : Lieutenant Philippe LECLERRE (AVENIR SECOURS)\n8\nDirection d\u00e9partementale de l'emploi, du travail et des solidarit\u00e9s - 50-2025-09-03-00004 - Arr\u00eat\u00e9 n\u00b02025-DDETS-PSA-40 portant\ncomposition du conseil m\u00e9dical relatif aux agents des collectivit\u00e9s territoriales 72\nGroupe sup\u00e9rieur\nTitulaire :   Lieutenant Jordan CAILLAUD (AVENIR SECOURS)\nSuppl\u00e9ant  s   : Lieutenant Maxime BAUDIN\n Lieutenant Chlo\u00e9 BERTIN (AVENIR SECOURS)\nTitulaire :   Lieutenant Florent PIZZALA\nSuppl\u00e9ant  s  : Lieutenant Fabien VAUDELET (SPASDIS)\nLieutenant Yvan VRAC (AVENIR SECOURS)\nCATEGORIE C\nTitulaire :   Sergent Cyrille LEFRANC (SPASDIS CFTC)\nSuppl\u00e9ants : Adjudant-chef Ghislain GERARD (SPASDIS CFTC)\nAdjudant Jean-Fran\u00e7ois MAYEUR (SPASDIS CFTC)\nTitulaire :   Adjudant Nicolas MANCEAU (CGT)\nSuppl\u00e9ants : Adjudant-chef Guillaume LE MOING (CGT)\nAdjudant-chef Vanessa LAIR (SPASDIS CFTC)\nSAPEURS POMPIERS VOLONTAIRES\n \nRepr\u00e9sentants de l'administration\n \nTitulaire :     M. Franck ESNOUF\nSuppl\u00e9ant :   Mme Carine GRASSET\nRepr\u00e9sentants du personnel\n \nOfficiers professionnels, chefs de centre :\nTitulaire :     Lieutenant Sandrine ASSELIN\nSuppl\u00e9ant :   Lieutenant Christophe CHRETIEN \nCommandants\nTitulaire :     M. Fr\u00e9d\u00e9ric DUCHEMIN \nSuppl\u00e9ant : M. Herv\u00e9 FLEURY\n9\nDirection d\u00e9partementale de l'emploi, du travail et des solidarit\u00e9s - 50-2025-09-03-00004 - Arr\u00eat\u00e9 n\u00b02025-DDETS-PSA-40 portant\ncomposition du conseil m\u00e9dical relatif aux agents des collectivit\u00e9s territoriales 73\nCapitaines\nTitulaire :     M. Sylvain COLLEU \nSuppl\u00e9ant :   M. Ludovic MIGNOT\nLieutenants\nTitulaire :     Mme Christelle CHAUVIN \nSuppl\u00e9ant :   M. Anthony DALLAIN\nAdjudants - Adjudants-Chefs\nTitulaire :     Mme Julie TELLIER \n Suppl\u00e9ant :   M. St\u00e9phane LAUNEY\nSergents - Sergents-Chefs\nTitulaire :       M. Cl\u00e9ment LETERRIER\nSuppl\u00e9ant :   Mme Emilie PHILIPPE\nCaporaux - Caporaux-Chefs\nTitulaire :     M. Maxime GOUTAL \nSuppl\u00e9ant :   M. Pierre-Luc DELAUNAY\nSapeurs \nTitulaire : M. Justine DELAHAYE\nSuppl\u00e9ant : M. Pierre LEMONNIER\nARTICLE 2 : Les membres du conseil m\u00e9dical sont nomm\u00e9s pour la dur\u00e9e du mandat de la\ncommission administrative paritaire. Ce mandat est prolong\u00e9 jusqu'\u00e0 ce qu'il soit proc\u00e9d\u00e9\n\u00e0 une nouvelle d\u00e9signation.\nARTICLE 3 : Toutes dispositions ant\u00e9rieures au pr\u00e9sent arr\u00eat\u00e9 sont abrog\u00e9es.\nARTICLE    4    : Le  pr\u00e9sent  arr\u00eat\u00e9  sera  publi\u00e9  au  recueil  des  actes  administratifs  de  la\npr\u00e9fecture de la Manche.\nARTICLE 5 : Cet arr\u00eat\u00e9 peut faire l'objet d'un recours administratif  dans un d\u00e9lai de deux\nmois \u00e0 compter de sa publication : Soit un recours gracieux aupr\u00e8s de mes services soit un\nrecours hi\u00e9rarchique aupr\u00e8s du ministre des solidarit\u00e9s, de l'autonomie et des personnes\nhandicap\u00e9es\nS'il n'est pas r\u00e9pondu dans un d\u00e9lai de deux mois \u00e0 compter de la date de r\u00e9ception du\nrecours par mes services, celui-ci doit \u00eatre consid\u00e9r\u00e9 comme implicitement rejet\u00e9. Cette\nd\u00e9cision ouvre alors la possibilit\u00e9 de saisir la juridiction administrative dans un d\u00e9lai de\ndeux mois. \n10\nDirection d\u00e9partementale de l'emploi, du travail et des solidarit\u00e9s - 50-2025-09-03-00004 - Arr\u00eat\u00e9 n\u00b02025-DDETS-PSA-40 portant\ncomposition du conseil m\u00e9dical relatif aux agents des collectivit\u00e9s territoriales 74\nUn recours contentieux peut \u00eatre introduit devant le tribunal administratif de Caen dans\nun d\u00e9lai de deux mois \u00e0 compter la notification de la pr\u00e9sente d\u00e9cision (ou de la date du\nrejet du recours gracieux ou hi\u00e9rarchique) ou de sa publication pour les tiers. Le tribunal\nadministratif  peut-\u00eatre  saisi  par  l'application  informatique  \u00ab  t\u00e9l\u00e9recours  citoyens \u00bb\naccessible par le site internet www.telerecours.fr\nARTICLE   6  : La  secr\u00e9taire  g\u00e9n\u00e9rale  de  la  pr\u00e9fecture,  le  directeur  d\u00e9partemental  de\nl'emploi, du travail et des solidarit\u00e9s, le pr\u00e9sident du centre de gestion, le pr\u00e9sident du\nconseil d\u00e9partemental, la pr\u00e9sidente de la communaut\u00e9 d'agglom\u00e9ration du Cotentin, le\nmaire de la ville de Cherbourg en Cotentin, le pr\u00e9sident de la R\u00e9gion Normandie et le\npr\u00e9sident du service d\u00e9partemental d'incendie et de secours sont charg\u00e9s, chacun en ce\nqui le concerne, de l'ex\u00e9cution du pr\u00e9sent arr\u00eat\u00e9.\nSaint-L\u00f4, le 03/09/2025\nSIGNE\nXavier BRUNETIERE\n11\nDirection d\u00e9partementale de l'emploi, du travail et des solidarit\u00e9s - 50-2025-09-03-00004 - Arr\u00eat\u00e9 n\u00b02025-DDETS-PSA-40 portant\ncomposition du conseil m\u00e9dical relatif aux agents des collectivit\u00e9s territoriales 75\nDirection d\u00e9partementale de l'emploi, du travail\net des solidarit\u00e9s\n50-2025-08-01-00006\nArr\u00eat\u00e9 n\u00b02025-DDETS-PSA-41 portant agr\u00e9ment\nde l'Association D\u00e9partementale pour la\nSauvegarde de l'Enfant \u00e0 l'Adulte de la Manche\npour des activit\u00e9s d'ing\u00e9nierie sociale, financi\u00e8re\net technique et des activit\u00e9s d'interm\u00e9diation\nlocative et de gestion locative sociale.\nDirection d\u00e9partementale de l'emploi, du travail et des solidarit\u00e9s - 50-2025-08-01-00006 - Arr\u00eat\u00e9 n\u00b02025-DDETS-PSA-41 portant\nagr\u00e9ment de l'Association D\u00e9partementale pour la Sauvegarde de l'Enfant \u00e0 l'Adulte de la Manche pour des activit\u00e9s d'ing\u00e9nierie\nsociale, financi\u00e8re et technique et des activit\u00e9s d'interm\u00e9diation locative et de gestion locative sociale.\n76\nExPREFETDE LA MANCHELibert\u00e9Egalit\u00e9Fraternit\u00e9\nDirection D\u00e9partementale de\nl'Emploi, du Travail et des Solidarit\u00e9s,P\u00f4le Solidarit\u00e9s Actives\nDossier suivi par :\nAnne Le Guillois\nanne.leguillois@manche.gouv.fr\nARR\u00caT\u00c9 2025-DDETS-PSA-41\nPortant agr\u00e9ment de l'Association D\u00e9partementale \npour la Sauvegarde de l'Enfant \u00e0 l'Adulte de la Manche\npour des activit\u00e9s d'ing\u00e9nierie sociale, financi\u00e8re et technique \net des activit\u00e9s d'interm\u00e9diation locative et de gestion locative sociale\nLe Pr\u00e9fet de la Manche,\nChevalier de la L\u00e9gion d'Honneur\nChevalier de l'ordre national du M\u00e9rite\nVu la directive 2006/123/CE du Parlement europ\u00e9en et du Conseil du 12 d\u00e9cembre 2006\nrelative aux services dans les march\u00e9s int\u00e9rieurs,\nVu le code de la construction et de l'habitation et notamment ses  articles L .365-1 et\nsuivants et R.365-1 et suivants,\nVu le code de l'action sociale et des familles et notamment ses  articles L. 312-1 I 8\u00b0 et\nL. 345-2, \nVu la loi n\u00b0 90-449 du 31 mai 1990 visant \u00e0 la mise en \u0153uvre du droit au logement,\nVu la loi n\u00b0 2000-321 du 12 avril 2000 relative aux droits des citoyens dans leurs relations\navec les administrations, notamment son article 21 modifi\u00e9 par la loi n\u00b0 2013-1005 du\n12  novembre  2013  habilitant  le  Gouvernement  \u00e0  simplifier  les  relations  entre\nl'administration et les citoyens \nVu la loi n\u00b0 2009-323 du 25 mars 2009 de mobilisation pour le logement et de lutte contre\nl'exclusion,\nVu la circulaire du 6  septembre 2010 relative aux agr\u00e9ments des organismes agissant en\nfaveur du logement et de l'h\u00e9bergement des personnes d\u00e9favoris\u00e9es,\nVu le d\u00e9cret du 13 juillet 2023 portant nomination de Monsieur Xavier BRUNETIERE, pr\u00e9fet\nde la Manche ;\nConsid\u00e9rant l'arr\u00eat\u00e9 du 05 d\u00e9cembre 2020 accordant \u00e0 l'Association D\u00e9partementale pour la\nSauvegarde  de  l'Enfant  \u00e0  l'Adulte  de  la  Manche  un  agr\u00e9ment  au  titre  des\nactivit\u00e9s d'ing\u00e9nierie sociale, financi\u00e8re et technique mentionn\u00e9es \u00e0 l'article L.\nDirection D\u00e9partementale de la Coh\u00e9sion Sociale \u2013 1 bis rue de la lib\u00e9ration \u2013 BP 20524 \u2013 50004 SAINT-LO CEDEX\nT\u00e9l : 02.50.71.50.00 - M\u00e9l : ddcs@manche.gouv.fr\nAccueil du public du lundi au vendredi de 09 h 00 \u00e0 12 h 00 et de 14 h 00 \u00e0 16 h 00\nDirection d\u00e9partementale de l'emploi, du travail et des solidarit\u00e9s - 50-2025-08-01-00006 - Arr\u00eat\u00e9 n\u00b02025-DDETS-PSA-41 portant\nagr\u00e9ment de l'Association D\u00e9partementale pour la Sauvegarde de l'Enfant \u00e0 l'Adulte de la Manche pour des activit\u00e9s d'ing\u00e9nierie\nsociale, financi\u00e8re et technique et des activit\u00e9s d'interm\u00e9diation locative et de gestion locative sociale.\n77\n365-3  CCH et  des activit\u00e9s d'interm\u00e9diation locative et de gestion locative\nsociale mentionn\u00e9es \u00e0 l'article L. 365-4 CCH. \nConsid\u00e9rant la demande de renouvellement de cet agr\u00e9ment en date du 12 octobre 2020\nau titre :\n- des  activit\u00e9s  d'ing\u00e9nierie  sociale,  financi\u00e8re  et  technique  mentionn\u00e9es  \u00e0\nl'article L. 365-3 CCH : \na) L'accueil, le conseil, l'assistance administrative et financi\u00e8re, juridique\net technique des personnes physiques, propri\u00e9taires ou locataires, dont les\nrevenus sont inf\u00e9rieurs \u00e0 un montant fix\u00e9 par voie r\u00e9glementaire, en vue de\nl'am\u00e9lioration de leur logement ou de l'adaptation de celui-ci au handicap et\nau vieillissement ; \nb)  L'accompagnement  social  effectu\u00e9  pour  faciliter  l'acc\u00e8s  ou  le\nmaintien  dans  le  logement,  r\u00e9alis\u00e9  principalement  dans  le  cadre  du  plan\nd\u00e9partemental d'action pour le logement des personnes d\u00e9favoris\u00e9es ; \nc) L'assistance aux personnes qui forment un recours amiable devant la\ncommission  de  m\u00e9diation  ou  un  recours  contentieux  devant  le  tribunal\nadministratif aux fins de reconnaissance du droit au logement opposable ; \nd) La recherche de logements en vue de leur location \u00e0 des personnes\nd\u00e9favoris\u00e9es ; \ne)  La  participation  aux  r\u00e9unions  des  commissions  d'attribution  des\norganismes d'habitations \u00e0 loyer mod\u00e9r\u00e9 mentionn\u00e9e \u00e0 l'article L. 441-2 ; \n-  des  activit\u00e9s  d'interm\u00e9diation  locative  et  de  gestion  locative  sociale\nmentionn\u00e9es \u00e0 l'article L. 365-4 CCH: \na) La location : de logements aupr\u00e8s d'organismes agr\u00e9\u00e9s au titre de\nl'article L. 365-2 ou d'organismes d'habitations \u00e0 loyer mod\u00e9r\u00e9 en vue de leur\nsous-location \u00e0 des personnes d\u00e9favoris\u00e9es dans les conditions pr\u00e9vues par\nl'article  L. 442-8-1  ; de logements \u00e0 des bailleurs autres que des organismes\nd'habitations \u00e0 loyer mod\u00e9r\u00e9 en vue de leur sous-location \u00e0 des personnes\nd\u00e9favoris\u00e9es dans les conditions pr\u00e9vues aux articles L. 321-10, L. 321-10-1 et L.\n353-20  ; de logements en vue de l'h\u00e9bergement de personnes d\u00e9favoris\u00e9es\ndans les conditions de l' article L. 851-1 du code de la s\u00e9curit\u00e9 sociale ; aupr\u00e8s\nd'un  organisme  d'habitations  \u00e0  loyer  mod\u00e9r\u00e9  d'un  h\u00f4tel  destin\u00e9  \u00e0\nl'h\u00e9bergement, mentionn\u00e9e au 8\u00b0 de l'article  L. 421-1 , au onzi\u00e8me alin\u00e9a de\nl'article  L.  422-2  ou  au  6\u00b0  de  l'article  L.  422-3  ;  de  structures  destin\u00e9es  \u00e0\nl'h\u00e9bergement aupr\u00e8s d'un organisme agr\u00e9\u00e9 au titre de l'article L. 365-2. \nc ) La gestion de r\u00e9sidences sociales mentionn\u00e9es \u00e0 l'article R 353-165-1\nCCH.\nConsid\u00e9rant les pi\u00e8ces justificatives d\u00e9pos\u00e9es au dossier,\nConsid\u00e9rant le  domaine  d'intervention  dans  le  secteur  social  d e  l'Association\nD\u00e9partementale pour la Sauvegarde de l'Enfant \u00e0 l'Adulte de la Manche ,\nConsid\u00e9rant que l'Association D\u00e9partementale pour la Sauvegarde de l'Enfant \u00e0 l'Adulte\nde  la  Manche  a  d\u00e9montr\u00e9  sa  capacit\u00e9  \u00e0  d\u00e9velopper  une  activit\u00e9\nd'interm\u00e9diation locative et de gestion locative sociale ainsi qu'une activit\u00e9\nd'ing\u00e9nierie sociale, financi\u00e8re et technique. \nSur proposition du directeur d\u00e9partemental de l'emploi, du travail et des solidarit\u00e9s,\nDirection d\u00e9partementale de l'emploi, du travail et des solidarit\u00e9s - 50-2025-08-01-00006 - Arr\u00eat\u00e9 n\u00b02025-DDETS-PSA-41 portant\nagr\u00e9ment de l'Association D\u00e9partementale pour la Sauvegarde de l'Enfant \u00e0 l'Adulte de la Manche pour des activit\u00e9s d'ing\u00e9nierie\nsociale, financi\u00e8re et technique et des activit\u00e9s d'interm\u00e9diation locative et de gestion locative sociale.\n78\nARR\u00caTE\nArticle 1 : l'Association D\u00e9partementale pour la Sauvegarde de l'Enfant \u00e0 l'Adulte de la\nManche situ\u00e9e au 64  rue de la Marne \u2013 50 000 SAINT-LO est agr\u00e9\u00e9e pour\n-  les  activit\u00e9s  d'ing\u00e9nierie  sociale,  financi\u00e8re  et  technique  mentionn\u00e9es  \u00e0\nl'article L. 365-3  : \na) L'accueil, le conseil, l'assistance administrative et financi\u00e8re, juridique\net  technique des  personnes  physiques,  propri\u00e9taires  ou  locataires,  dont  les\nrevenus sont inf\u00e9rieurs \u00e0 un montant fix\u00e9 par voie r\u00e9glementaire, en vue de\nl'am\u00e9lioration de leur logement ou de l'adaptation de celui-ci au handicap et\nau vieillissement ; \nb)  L'accompagnement  social  effectu\u00e9  pour  faciliter  l'acc\u00e8s  ou  le\nmaintien  dans  le  logement,  r\u00e9alis\u00e9  principalement  dans  le  cadre  du  plan\nd\u00e9partemental d'action pour le logement des personnes d\u00e9favoris\u00e9es ; \nc) L'assistance aux personnes qui forment un recours amiable devant la\ncommission  de  m\u00e9diation  ou  un  recours  contentieux  devant  le  tribunal\nadministratif aux fins de reconnaissance du droit au logement opposable ; \nd) La recherche de logements en vue de leur location \u00e0 des personnes\nd\u00e9favoris\u00e9es ; \ne)  La  participation  aux  r\u00e9unions  des  commissions  d'attribution  des\norganismes d'habitations \u00e0 loyer mod\u00e9r\u00e9 mentionn\u00e9e \u00e0 l'article L. 441-2 ; \n-  les  activit\u00e9s  d'interm\u00e9diation  locative  et  de  gestion  locative  sociale\nmentionn\u00e9es \u00e0 l'article L. 365-4 : \na) La location : de logements aupr\u00e8s d'organismes agr\u00e9\u00e9s au titre de\nl'article L. 365-2 ou d'organismes d'habitations \u00e0 loyer mod\u00e9r\u00e9 en vue de leur\nsous-location  \u00e0 des  personnes  d\u00e9favoris\u00e9es  dans  les  conditions  pr\u00e9vues  par\nl'article  L. 442-8-1  ; de logements \u00e0 des bailleurs autres que des organismes\nd'habitations \u00e0 loyer  mod\u00e9r\u00e9 en vue de leur  sous-location \u00e0 des  personnes\nd\u00e9favoris\u00e9es dans les conditions pr\u00e9vues aux articles L. 321-10, L. 321-10-1 et L.\n353-20  ; de logements  en vue de l'h\u00e9bergement de personnes  d\u00e9favoris\u00e9es\ndans les conditions de l' article L. 851-1 du code de la s\u00e9curit\u00e9 sociale ; aupr\u00e8s\nd'un  organisme  d'habitations  \u00e0  loyer  mod\u00e9r\u00e9  d'un  h\u00f4tel  destin\u00e9  \u00e0\nl'h\u00e9bergement, mentionn\u00e9e au 8\u00b0 de l'article  L. 421-1 , au onzi\u00e8me alin\u00e9a de\nl'article  L.  422-2  ou  au  6\u00b0  de  l'article  L.  422-3  ;  de  structures  destin\u00e9es  \u00e0\nl'h\u00e9bergement aupr\u00e8s d'un organisme agr\u00e9\u00e9 au titre de l'article L. 365-2.\nc ) La gestion de r\u00e9sidences sociales mentionn\u00e9es \u00e0 l'article R 353-165-1\nCCH.\nArticle 2 : Cet agr\u00e9ment est valable pour une dur\u00e9e de cinq ans renouvelable \u00e0 compter\nde la date de signature du pr\u00e9sent arr\u00eat\u00e9.\nArticle 3 : Un  compte  rendu  de  l'activit\u00e9  concern\u00e9e  et  les  comptes  financiers  de\nl'organisme  seront  adress\u00e9s  annuellement  \u00e0  l'autorit\u00e9  administrative\ncomp\u00e9tente  qui  a  d\u00e9livr\u00e9  l'agr\u00e9ment.  Cette  derni\u00e8re  peut  \u00e0  tout  moment\ncontr\u00f4ler  les  conditions  d'exercice  de  l'activit\u00e9  de  l'organisme.  Toute\nmodification statutaire est notifi\u00e9e sans d\u00e9lai \u00e0 l'autorit\u00e9 administrative.\nDirection d\u00e9partementale de l'emploi, du travail et des solidarit\u00e9s - 50-2025-08-01-00006 - Arr\u00eat\u00e9 n\u00b02025-DDETS-PSA-41 portant\nagr\u00e9ment de l'Association D\u00e9partementale pour la Sauvegarde de l'Enfant \u00e0 l'Adulte de la Manche pour des activit\u00e9s d'ing\u00e9nierie\nsociale, financi\u00e8re et technique et des activit\u00e9s d'interm\u00e9diation locative et de gestion locative sociale.\n79\nArticle 4 : Cet  agr\u00e9ment  peut  \u00eatre  retir\u00e9  \u00e0  tout  moment  par  l'autorit\u00e9  administrative\ncomp\u00e9tente si l'organisme ne satisfait plus aux conditions de d\u00e9livrance de\ncelui-ci ou s'il est constat\u00e9 un manquement grave ou r\u00e9p\u00e9t\u00e9 \u00e0 ses obligations.\nLe  retrait  est  prononc\u00e9  conform\u00e9ment  \u00e0  l'article  R365-8  du  code  de  la\nconstruction et de l'habitation.\nArticle 5 : Cet arr\u00eat\u00e9 peut faire l'objet dans les deux mois suivant sa notification : \n- d'un recours gracieux aupr\u00e8s des services de la Pr\u00e9fecture de la Manche\n- d'un recours contentieux devant le tribunal administratif de Caen  : 3 rue\nArthur le Duc, 14000 Caen.  La saisine peut se faire via T\u00e9l\u00e9recours citoyens,\naccessible par le site www.telerecours.fr\nArticle 6 : La secr\u00e9taire g\u00e9n\u00e9rale de la pr\u00e9fecture, l e directeur d\u00e9partemental de l'emploi,\ndu  travail  et  des  solidarit\u00e9s,  le  directeur  de  l'Union  D\u00e9partementale  des\nAssociations  Familiales  de  la  Manche,  sont  charg\u00e9s,  chacun  en  ce  qui  le\nconcerne, de l'ex\u00e9cution du pr\u00e9sent arr\u00eat\u00e9 qui sera ins\u00e9r\u00e9 au recueil des actes\nadministratifs de la pr\u00e9fecture.\nFait \u00e0 Saint-L\u00f4, le 01/08/2025\nSIGNE\nXavier BRUNETIERE\nDirection d\u00e9partementale de l'emploi, du travail et des solidarit\u00e9s - 50-2025-08-01-00006 - Arr\u00eat\u00e9 n\u00b02025-DDETS-PSA-41 portant\nagr\u00e9ment de l'Association D\u00e9partementale pour la Sauvegarde de l'Enfant \u00e0 l'Adulte de la Manche pour des activit\u00e9s d'ing\u00e9nierie\nsociale, financi\u00e8re et technique et des activit\u00e9s d'interm\u00e9diation locative et de gestion locative sociale.\n80\nDirection d\u00e9partementale de l'emploi, du travail\net des solidarit\u00e9s\n50-2025-08-01-00007\nArr\u00eat\u00e9 N\u00b02025-DDETS-PSA-42 portant agr\u00e9ment\nde l'Union D\u00e9partementale des Associations\nFamiliales de la Manche pour des activit\u00e9s\nd'ing\u00e9nierie sociale, financi\u00e8re et technique et\ndes activit\u00e9s d'interm\u00e9diation locative et de\ngestion locative sociale \nDirection d\u00e9partementale de l'emploi, du travail et des solidarit\u00e9s - 50-2025-08-01-00007 - Arr\u00eat\u00e9 N\u00b02025-DDETS-PSA-42 portant\nagr\u00e9ment de l'Union D\u00e9partementale des Associations Familiales de la Manche pour des activit\u00e9s d'ing\u00e9nierie sociale, financi\u00e8re et\ntechnique et des activit\u00e9s d'interm\u00e9diation locative et de gestion locative sociale \n81\nExPREFETDE LA MANCHELibert\u00e9Egalit\u00e9Fraternit\u00e9\nDirection D\u00e9partementale de l'Emploi, du\nTravail et des Solidarit\u00e9s, \nP\u00f4le Solidarit\u00e9s Actives\nDossier suivi par :\nAnne Le Guillois\n02.50.71.50.11\nanne.leguillois  @manche.gouv.fr  \nARR\u00caT\u00c9 N\u00b02025-DDETS-PSA-42\nPortant agr\u00e9ment de l'Union D\u00e9partementale des Associations Familiales de la Manche\npour des activit\u00e9s d'ing\u00e9nierie sociale, financi\u00e8re et technique et des activit\u00e9s\nd'interm\u00e9diation locative et de gestion locative sociale\nLe Pr\u00e9fet de la Manche,\nChevalier de la L\u00e9gion d'Honneur,\nChevalier de l'Ordre National du M\u00e9rite,\nVu la directive 2006/123/CE du Parlement europ\u00e9en et du Conseil du 12 d\u00e9cembre\n2006 relative aux services dans les march\u00e9s int\u00e9rieurs ;\nVu le code de la construction et de l'habitation et notamment ses articles L.365-1 et\nsuivants et R.365-1 et suivants ;\nVu le code de l'action sociale et des familles et notamment ses articles L.312-1 I 8\u00b0 et\nL.345-2 ; \nVu la loi n\u00b0 90-449 du 31 mai 1990 visant \u00e0 la mise en \u0153uvre du droit au logement,\nVu la  loi  n\u00b0  2000-321  du  12  avril  2000  relative  aux  droits  des  citoyens  dans  leurs\nrelations avec les administrations, notamment son article 21 modifi\u00e9 par la loi  n\u00b0\n2013-1005  du  12  novembre  2013  habilitant  le  Gouvernement  \u00e0  simplifier  les\nrelations entre l'administration et les citoyens ;\nVu la loi n\u00b0 2009-323 du 25 mars 2009 de mobilisation pour le logement et de lutte\ncontre l'exclusion ;\nVu la circulaire du 6 septembre 2010 relative aux agr\u00e9ments des organismes agissant en\nfaveur du logement et de l'h\u00e9bergement des personnes d\u00e9favoris\u00e9es ;\nVu le d\u00e9cret du  13 juillet 2023 portant nomination de Monsieur  Xavier BRUNETIERE ,\npr\u00e9fet de la Manche ;\nDirection D\u00e9partementale de la Coh\u00e9sion Sociale \u2013 1 bis rue de la lib\u00e9ration \u2013 BP 20524 \u2013 50004 SAINT-LO CEDEX\nT\u00e9l : 02.50.71.50.00 - M\u00e9l : ddcs@manche.gouv.fr\nAccueil du public du lundi au vendredi de 09 h 00 \u00e0 12 h 00 et de 14 h 00 \u00e0 16 h 00\nDirection d\u00e9partementale de l'emploi, du travail et des solidarit\u00e9s - 50-2025-08-01-00007 - Arr\u00eat\u00e9 N\u00b02025-DDETS-PSA-42 portant\nagr\u00e9ment de l'Union D\u00e9partementale des Associations Familiales de la Manche pour des activit\u00e9s d'ing\u00e9nierie sociale, financi\u00e8re et\ntechnique et des activit\u00e9s d'interm\u00e9diation locative et de gestion locative sociale \n82\n.../...\nConsid\u00e9rant l'arr\u00eat\u00e9  du  1er d\u00e9cembre  20 20  accordant  l'Union  D\u00e9partementale  des\nAssociations  Familiales  de  la  Manche  un  agr\u00e9ment  au  titre  des  activit\u00e9s\nd'ing\u00e9nierie sociale, financi\u00e8re et technique mentionn\u00e9es \u00e0 l'article L. 365-3\net  des  activit\u00e9s  d'interm\u00e9diation  locative  et  de  gestion  locative  sociale\nmentionn\u00e9es \u00e0 l'article L. 365-4 : \nConsid\u00e9rant la demande d'agr\u00e9ment en date du 18 novembre 2015 au titre d'une part des\nactivit\u00e9s d'ing\u00e9nierie sociale, financi\u00e8re et technique mentionn\u00e9es \u00e0 l'article\nL.  365-3  :  a)  L'accueil,  le conseil,  l'assistance  administrative  et  financi\u00e8re,\njuridique et technique des personnes physiques, propri\u00e9taires ou locataires,\ndont les revenus sont inf\u00e9rieurs \u00e0 un montant fix\u00e9 par voie r\u00e9glementaire, en\nvue de l'am\u00e9lioration de leur  logement ou  de l'adaptation de celui-ci au\nhandicap et au vieillissement ; b) L'accompagnement social effectu\u00e9 pour\nfaciliter l'acc\u00e8s ou le maintien dans le logement, r\u00e9alis\u00e9 principalement dans\nle cadre du plan d\u00e9partemental d'action pour le logement des personnes\nd\u00e9favoris\u00e9es ; c) L'assistance aux personnes qui forment un recours amiable\ndevant la commission de m\u00e9diation ou un recours  contentieux devant le\ntribunal  administratif  aux  fins  de  reconnaissance  du  droit  au  logement\nopposable ; d) La recherche de logements en vue de leur location \u00e0 des\npersonnes d\u00e9favoris\u00e9es ; e) La participation aux r\u00e9unions des commissions\nd'attribution  des  organismes  d'habitations  \u00e0  loyer  mod\u00e9r\u00e9  mentionn\u00e9e  \u00e0\nl'article L. 441-2 ; et d'autre part des activit\u00e9s d'interm\u00e9diation locative et de\ngestion locative sociale mentionn\u00e9es \u00e0 l'article L. 365-4 : a) La location : de\nlogements  aupr\u00e8s  d'organismes  agr\u00e9\u00e9s  au  titre  de  l'article  L.  365-2  ou\nd'organismes d'habitations \u00e0 loyer mod\u00e9r\u00e9 en vue de leur sous-location \u00e0 des\npersonnes d\u00e9favoris\u00e9es dans les conditions pr\u00e9vues par l'article  L. 442-8-1 ;\nde logements \u00e0 des bailleurs autres que des organismes d'habitations \u00e0 loyer\nmod\u00e9r\u00e9 en vue de leur sous-location \u00e0 des personnes d\u00e9favoris\u00e9es dans les\nconditions  pr\u00e9vues  aux  articles  L.  321-10,  L.  321-10-1  et  L.  353-20  ;  de\nlogements  en  vue  de  l'h\u00e9bergement  de  personnes  d\u00e9favoris\u00e9es  dans  les\nconditions de l'article L. 851-1 du code de la s\u00e9curit\u00e9 sociale ; aupr\u00e8s d'un\norganisme d'habitations \u00e0 loyer mod\u00e9r\u00e9 d'un h\u00f4tel destin\u00e9 \u00e0 l'h\u00e9bergement,\nmentionn\u00e9e au 8\u00b0 de l'article L. 421-1, au onzi\u00e8me alin\u00e9a de l'article L. 422-2\nou  au  6\u00b0  de  l'article   L.  422-3  ;  de  structures  destin\u00e9es  \u00e0  l'h\u00e9bergement\naupr\u00e8s d'un organisme agr\u00e9\u00e9 au titre de l'article L. 365-2 ; c) La gestion de\nr\u00e9sidences sociales mentionn\u00e9e \u00e0 l'article R. 353-165-1. \nConsid\u00e9rant la demande en date du 24 juin 2025  pr\u00e9sent\u00e9e par l'Union D\u00e9partementale\ndes Associations Familiales de la Manche\nConsid\u00e9rant les pi\u00e8ces justificatives d\u00e9pos\u00e9es au dossier,\nConsid\u00e9rant le domaine d'intervention dans le secteur social de l'Union D\u00e9partementale\ndes Associations Familiales de la Manche\nConsid\u00e9rant que  l'Union  D\u00e9partementale  des  Associations  Familiales  de  la  Manche  a\nd\u00e9montr\u00e9 sa capacit\u00e9 \u00e0 d\u00e9velopper une activit\u00e9 d'interm\u00e9diation locative et\nde  gestion  locative  sociale  ainsi  qu'une  activit\u00e9  d'ing\u00e9nierie  sociale,\nfinanci\u00e8re et technique. \nSur proposition du directeur d\u00e9partemental de l'emploi, du travail et des solidarit\u00e9s,\nDirection d\u00e9partementale de l'emploi, du travail et des solidarit\u00e9s - 50-2025-08-01-00007 - Arr\u00eat\u00e9 N\u00b02025-DDETS-PSA-42 portant\nagr\u00e9ment de l'Union D\u00e9partementale des Associations Familiales de la Manche pour des activit\u00e9s d'ing\u00e9nierie sociale, financi\u00e8re et\ntechnique et des activit\u00e9s d'interm\u00e9diation locative et de gestion locative sociale \n83\nARR\u00caTE\nArticle 1 : L'Union D\u00e9partementale des Associations Familiales de la Manche, domici -\nli\u00e9e 291 rue L\u00e9on Jouhaux, CS81209 50009 Saint-L\u00f4 Cedex est agr\u00e9\u00e9e d'une\npart pour des activit\u00e9s d'ing\u00e9nierie sociale, financi\u00e8re et technique mention -\nn\u00e9es \u00e0 l'article L. 365-3 : a) L'accueil, le conseil, l'assistance administrative et\nfinanci\u00e8re, juridique et technique des personnes physiques, propri\u00e9taires ou\nlocataires, dont les revenus sont inf\u00e9rieurs \u00e0 un montant fix\u00e9 par voie r\u00e9gle -\nmentaire, en vue de l'am\u00e9lioration de leur logement ou de l'adaptation de\ncelui-ci au handicap et au vieillissement ; b) L'accompagnement social effec -\ntu\u00e9 pour faciliter l'acc\u00e8s ou le maintien dans le logement, r\u00e9alis\u00e9 principale -\nment dans le cadre du plan d\u00e9partemental d'action pour le logement des\npersonnes d\u00e9favoris\u00e9es ; c) L'assistance aux personnes qui forment un re -\ncours amiable devant la commission de m\u00e9diation ou un recours contentieux\ndevant le tribunal administratif aux fins de reconnaissance du droit au loge -\nment opposable ; d) La recherche de logements en vue de leur location \u00e0 des\npersonnes d\u00e9favoris\u00e9es ; e) La participation aux r\u00e9unions des commissions\nd'attribution des organismes d'habitations \u00e0 loyer mod\u00e9r\u00e9 mentionn\u00e9e \u00e0 l'ar -\nticle L. 441-2 ; et d'autre part pour des activit\u00e9s d'interm\u00e9diation locative et\nde gestion locative sociale mentionn\u00e9es \u00e0 l'article L. 365-4 : a) La location :\nde logements aupr\u00e8s d'organismes agr\u00e9\u00e9s au titre de l'article L. 365-2 ou\nd'organismes d'habitations \u00e0 loyer mod\u00e9r\u00e9 en vue de leur sous-location \u00e0 des\npersonnes d\u00e9favoris\u00e9es dans les conditions pr\u00e9vues par l'article L. 442-8-1 ;\nde logements \u00e0 des bailleurs autres que des organismes d'habitations \u00e0 loyer\nmod\u00e9r\u00e9 en vue de leur sous-location \u00e0 des personnes d\u00e9favoris\u00e9es dans les\nconditions pr\u00e9vues aux articles L. 321-10, L. 321-10-1 et L. 353-20 ; de loge -\nments en vue de l'h\u00e9bergement de personnes d\u00e9favoris\u00e9es dans les condi -\ntions de l'article L. 851-1 du code de la s\u00e9curit\u00e9 sociale ; aupr\u00e8s d'un orga -\nnisme  d'habitations  \u00e0  loyer  mod\u00e9r\u00e9  d'un  h\u00f4tel  destin\u00e9  \u00e0  l'h\u00e9bergement,\nmentionn\u00e9e au 8\u00b0 de l'article L. 421-1, au onzi\u00e8me alin\u00e9a de l'article L. 422-2\nou au 6\u00b0 de l'article L. 422-3 ; de structures destin\u00e9es \u00e0 l'h\u00e9bergement aupr\u00e8s\nd'un organisme agr\u00e9\u00e9 au titre de l'article   L. 365-2 ; c) La gestion de r\u00e9si -\ndences sociales mentionn\u00e9e \u00e0 l'article R. 353-165-1.\nArticle 2 : Cet  agr\u00e9ment  est  valable  pour  une  dur\u00e9e  de  cinq  ans  renouvelable  \u00e0\ncompter de la date de signature du pr\u00e9sent arr\u00eat\u00e9.\nArticle 3 : Un  compte  rendu  de  l'activit\u00e9  concern\u00e9e  et  les  comptes  financiers  de\nl'organisme  seront  adress\u00e9s  annuellement  \u00e0  l'autorit\u00e9  administrative\ncomp\u00e9tente qui a d\u00e9livr\u00e9 l'agr\u00e9ment. Cette derni\u00e8re peut \u00e0 tout moment\ncontr\u00f4ler  les  conditions  d'exercice  de  l'activit\u00e9  de  l'organisme.  Toute\nmodification statutaire est notifi\u00e9e sans d\u00e9lai \u00e0 l'autorit\u00e9 administrative.\nArticle 4 : Cet agr\u00e9ment peut \u00eatre retir\u00e9 \u00e0 tout moment par l'autorit\u00e9 administrative\ncomp\u00e9tente si l'organisme ne satisfait plus aux conditions de d\u00e9livrance de\ncelui-ci ou s'il est constat\u00e9 un manquement grave ou r\u00e9p\u00e9t\u00e9 \u00e0 ses obligations.\nLe  retrait  est  prononc\u00e9  conform\u00e9ment  \u00e0  l'article  R.365-8  du  code  de  la\nconstruction et de l'habitation.\nDirection d\u00e9partementale de l'emploi, du travail et des solidarit\u00e9s - 50-2025-08-01-00007 - Arr\u00eat\u00e9 N\u00b02025-DDETS-PSA-42 portant\nagr\u00e9ment de l'Union D\u00e9partementale des Associations Familiales de la Manche pour des activit\u00e9s d'ing\u00e9nierie sociale, financi\u00e8re et\ntechnique et des activit\u00e9s d'interm\u00e9diation locative et de gestion locative sociale \n84\nArticle 5 : Cet arr\u00eat\u00e9 peut faire l'objet dans les deux mois suivant sa notification :\n- d'un recours gracieux aupr\u00e8s des services de la Pr\u00e9fecture de la Manche\n- d'un recours contentieux devant le tribunal administratif de Caen  : 3 rue\nArthur le Duc, 14000 Caen. La saisine peut se faire via T\u00e9l\u00e9recours citoyens,\naccessible par le site www.telerecours.fr\nArticle 6 : La secr\u00e9taire  g\u00e9n\u00e9ral e  de  la  pr\u00e9fecture,  le direct eur  d\u00e9partemental  de\nl'emploi, du travail et des solidarit\u00e9s , le directeur de l'Union D\u00e9partementale\ndes Associations Familiales de la Manche , sont charg\u00e9s, chacun en ce qui le\nconcerne,  de l'ex\u00e9cution du  pr\u00e9sent  arr\u00eat\u00e9 qui sera ins\u00e9r\u00e9 au  recueil des\nactes administratifs de la pr\u00e9fecture.\nFait \u00e0 Saint-L\u00f4, le 01/08/2025\nSIGNE\nXavier BRUNETIERE\n    \nDirection d\u00e9partementale de l'emploi, du travail et des solidarit\u00e9s - 50-2025-08-01-00007 - Arr\u00eat\u00e9 N\u00b02025-DDETS-PSA-42 portant\nagr\u00e9ment de l'Union D\u00e9partementale des Associations Familiales de la Manche pour des activit\u00e9s d'ing\u00e9nierie sociale, financi\u00e8re et\ntechnique et des activit\u00e9s d'interm\u00e9diation locative et de gestion locative sociale \n85\nDirection d\u00e9partementale de l'emploi, du travail\net des solidarit\u00e9s\n50-2025-09-11-00003\nR\u00e9c\u00e9piss\u00e9 de d\u00e9claration d'un organisme de\nservices \u00e0 la personne enregistr\u00e9 sous le n\u00b0\nSAP530035559\nDirection d\u00e9partementale de l'emploi, du travail et des solidarit\u00e9s - 50-2025-09-11-00003 - R\u00e9c\u00e9piss\u00e9 de d\u00e9claration d'un organisme de\nservices \u00e0 la personne enregistr\u00e9 sous le n\u00b0 SAP530035559 86\nExPREFETDE LA MANCHELibert\u00e9Egalit\u00e9Fraternit\u00e9\nR\u00e9c\u00e9piss\u00e9 de d\u00e9claration d'un organisme de services \u00e0 la personne\nenregistr\u00e9 sous le N\u00b0 SAP530035559\nVu le code du travail et notamment les articles L.7231-1 \u00e0 L.7233-2, R.7232-16 \u00e0 R.7232-\n22, D.7231-1 et D.7233-1 \u00e0 D.7233-5;\nLe pr\u00e9fet de la Manche\nConstate : \nQu'une d\u00e9claration d'activit\u00e9s de services \u00e0 la personne a \u00e9t\u00e9 d\u00e9pos\u00e9e aupr\u00e8s du service\ninstructeur de la Manche, le 06/08/2025 par Monsieur Rodolphe BIDEL en qualit\u00e9 de\ndirigeant dont l'\u00e9tablissement principal est situ\u00e9 8 rue de la fourchette SAINT PELLERIN \u2013\n50500  CARENTAN  LES  MARAIS  et  enregistr\u00e9  sous  le  N\u00b0  SAP530035559 pour  les\nactivit\u00e9s suivantes : \nActivit\u00e9(s) relevant uniquement de la d\u00e9claration (mode prestataire) :\n\uf0b7 Petits travaux de jardinage\nToute  modification  concernant  les  activit\u00e9s  exerc\u00e9es  devra  faire  l'objet  d'une\nd\u00e9claration modificative pr\u00e9alable.\nSous r\u00e9serve d'\u00eatre exerc\u00e9es \u00e0 titre exclusif ces activit\u00e9s ouvrent droit au b\u00e9n\u00e9fice des\ndispositions des articles L.7233-2 du code du travail et L.241-10 du code de la s\u00e9curit\u00e9\nsociale dans les conditions pr\u00e9vues par ces articles.\nLes effets de la d\u00e9claration courent \u00e0 compter du jour du d\u00e9p\u00f4t de la d\u00e9claration sous\nr\u00e9serve des dispositions de l'article R.7232-18 du code du travail.\nLe pr\u00e9sent r\u00e9c\u00e9piss\u00e9 n'est pas limit\u00e9 dans le temps.\nL'enregistrement de la d\u00e9claration peut \u00eatre retir\u00e9 dans les conditions fix\u00e9es aux articles\nR.7232-20 \u00e0 R.7232-22 du code du travail.\nLe pr\u00e9sent r\u00e9c\u00e9piss\u00e9 est publi\u00e9 au recueil des actes administratifs de la pr\u00e9fecture.\nFait \u00e0 Cherbourg, le 8/09/2025\nPour le Directeur de la Direction\nD\u00e9partementale de l'Emploi, du\nTravail et des Solidarit\u00e9s,\nLa Cheffe de l'unit\u00e9 Anticipation,\nAccompagnement des Mutations\n\u00e9conomiques\nSIGNE\nFran\u00e7oise FOUQUERAY\nDirection D\u00e9partementale de l'Emploi, du Travail et des Solidarit\u00e9s de la Manche\nBd F\u00e9lix Amiot - BP 240\n50102 Cherbourg-en-Cotentin Cedex\nDirection d\u00e9partementale de l'emploi, du travail et des solidarit\u00e9s - 50-2025-09-11-00003 - R\u00e9c\u00e9piss\u00e9 de d\u00e9claration d'un organisme de\nservices \u00e0 la personne enregistr\u00e9 sous le n\u00b0 SAP530035559 87\nDirection d\u00e9partementale de l'emploi, du travail\net des solidarit\u00e9s\n50-2025-09-11-00002\nR\u00e9c\u00e9piss\u00e9 de d\u00e9claration d'un organisme de\nservices \u00e0 la personne enregistr\u00e9 sous le\nn\u00b0SAP898879523 \nDirection d\u00e9partementale de l'emploi, du travail et des solidarit\u00e9s - 50-2025-09-11-00002 - R\u00e9c\u00e9piss\u00e9 de d\u00e9claration d'un organisme de\nservices \u00e0 la personne enregistr\u00e9 sous le n\u00b0SAP898879523 88\nExPREFETDE LA MANCHELibert\u00e9Egalit\u00e9Fraternit\u00e9\nR\u00e9c\u00e9piss\u00e9 de d\u00e9claration d'un organisme de services \u00e0 la personne\nenregistr\u00e9 sous le N\u00b0 SAP898879523\nVu le code du travail et notamment les articles L.7231-1 \u00e0 L.7233-2, R.7232-16 \u00e0 R.7232-\n22, D.7231-1 et D.7233-1 \u00e0 D.7233-5;\nLe pr\u00e9fet de la Manche\nConstate : \nQu'une d\u00e9claration d'activit\u00e9s de services \u00e0 la personne a \u00e9t\u00e9 d\u00e9pos\u00e9e aupr\u00e8s du service\ninstructeur de la Manche le 05/09/2025, par Madame Sabrina COUPPEY en qualit\u00e9 de\ndirigeante dont l'\u00e9tablissement principal est situ\u00e9 3176 les Rouges Terres LA GLACERIE \u2013\n50470 CHERBOURG EN COTENTIN, et enregistr\u00e9 sous le N\u00b0  SAP898879523  pour les\nactivit\u00e9s suivantes : \nActivit\u00e9(s) relevant uniquement de la d\u00e9claration (mode prestataire) :\n\uf0b7 Accompagnement des personnes pr\u00e9sentant une invalidit\u00e9 temporaire\n\uf0b7 Accompagnement des enfants de plus de trois ans dans leurs d\u00e9placements\n\uf0b7 Assistance informatique \u00e0 domicile\n\uf0b7 Assistance administrative \u00e0 domicile\n\uf0b7 Assistance aux personnes ayant besoin d'une aide temporaire \u00e0 leur domicile\n\uf0b7 Collecte et livraison de linge repass\u00e9\n\uf0b7 Conduite du v\u00e9hicule des personnes, en cas d'invalidit\u00e9 temporaire\n\uf0b7 Entretien de la maison et travaux m\u00e9nagers\n\uf0b7 Garde d'enfants de plus de 3 ans \u00e0 domicile\n\uf0b7 Livraison de courses \u00e0 domicile\n\uf0b7 Livraison de repas \u00e0 domicile\n\uf0b7 Maintenance, entretien et vigilance temporaires \u00e0 domicile\n\uf0b7 Pr\u00e9paration de repas \u00e0 domicile\n\uf0b7 Soins d'esth\u00e9tique \u00e0 domicile pour personnes d\u00e9pendantes\n\uf0b7 Soins et promenades d'animaux pour personnes d\u00e9pendantes\n\uf0b7 Soutien scolaire \u00e0 domicile\n\uf0b7 T\u00e9l\u00e9-assistance et visio-assistance\n\uf0b7 Travaux de petit bricolage\nToute  modification  concernant  les  activit\u00e9s  exerc\u00e9es  devra  faire  l'objet  d'une\nd\u00e9claration modificative pr\u00e9alable.\nSous r\u00e9serve d'\u00eatre exerc\u00e9es \u00e0 titre exclusif ces activit\u00e9s ouvrent droit au b\u00e9n\u00e9fice des\ndispositions des articles L.7233-2 du code du travail et L.241-10 du code de la s\u00e9curit\u00e9\nsociale dans les conditions pr\u00e9vues par ces articles.\nLes effets de la d\u00e9claration courent \u00e0 compter du jour du d\u00e9p\u00f4t de la d\u00e9claration sous\nr\u00e9serve des dispositions de l'article R.7232-18 du code du travail.\nLe pr\u00e9sent r\u00e9c\u00e9piss\u00e9 n'est pas limit\u00e9 dans le temps.\nL'enregistrement de la d\u00e9claration peut \u00eatre retir\u00e9 dans les conditions fix\u00e9es aux articles\nR.7232-20 \u00e0 R.7232-22 du code du travail.\nLe pr\u00e9sent r\u00e9c\u00e9piss\u00e9 est publi\u00e9 au recueil des actes administratifs de la pr\u00e9fecture.\nPour le Directeur de la Direction D\u00e9partementale\nde l'Emploi, du Travail et des Solidarit\u00e9s,\nSIGNE\nFran\u00e7oise FOUQUERAY \nDirection D\u00e9partementale de l'Emploi, du Travail et des Solidarit\u00e9s de la Manche\nBd F\u00e9lix Amiot - BP 240\n50102 Cherbourg-en-Cotentin Cedex\nDirection d\u00e9partementale de l'emploi, du travail et des solidarit\u00e9s - 50-2025-09-11-00002 - R\u00e9c\u00e9piss\u00e9 de d\u00e9claration d'un organisme de\nservices \u00e0 la personne enregistr\u00e9 sous le n\u00b0SAP898879523 89\nDirection d\u00e9partementale de l'emploi, du travail\net des solidarit\u00e9s\n50-2025-07-24-00034\nR\u00e9c\u00e9piss\u00e9 de d\u00e9claration d'un organisme de\nservices \u00e0 la personne enregistr\u00e9 sous le\nn\u00b0SAP945016970\nDirection d\u00e9partementale de l'emploi, du travail et des solidarit\u00e9s - 50-2025-07-24-00034 - R\u00e9c\u00e9piss\u00e9 de d\u00e9claration d'un organisme\nde services \u00e0 la personne enregistr\u00e9 sous le n\u00b0SAP945016970 90\nExPREFETDE LA MANCHELibert\u00e9Egalit\u00e9Fraternit\u00e9\nR\u00e9c\u00e9piss\u00e9 de d\u00e9claration d'un organisme de services \u00e0 la personne\nenregistr\u00e9 sous le N\u00b0 SAP945016970\nVu le code du travail et notamment les articles L.7231-1 \u00e0 L.7233-2, R.7232-16 \u00e0 R.7232-\n22, D.7231-1 et D.7233-1 \u00e0 D.7233-5;\nLe pr\u00e9fet de la Manche\nConstate : \nQu'une d\u00e9claration d'activit\u00e9s de services \u00e0 la personne a \u00e9t\u00e9 d\u00e9pos\u00e9e aupr\u00e8s du service\ninstructeur  de  la  Manche  le  10/06/2025,  par  Monsieur  Axel  DUDOUIT  en  qualit\u00e9  de\ndirigeant dont l'\u00e9tablissement principal est situ\u00e9 1 La Richerie \u2013 50490 MUNEVILLE LE\nBINGARD et enregistr\u00e9 sous le N\u00b0 SAP945016970 pour les activit\u00e9s suivantes : \nActivit\u00e9(s) relevant uniquement de la d\u00e9claration (mode prestataire) :\n\uf0b7 Petits travaux de jardinage\nToute  modification  concernant  les  activit\u00e9s  exerc\u00e9es  devra  faire  l'objet  d'une\nd\u00e9claration modificative pr\u00e9alable.\nSous r\u00e9serve d'\u00eatre exerc\u00e9es \u00e0 titre exclusif ces activit\u00e9s ouvrent droit au b\u00e9n\u00e9fice des\ndispositions des articles L.7233-2 du code du travail et L.241-10 du code de la s\u00e9curit\u00e9\nsociale dans les conditions pr\u00e9vues par ces articles.\nLes effets de la d\u00e9claration courent \u00e0 compter du jour du d\u00e9p\u00f4t de la d\u00e9claration sous\nr\u00e9serve des dispositions de l'article R.7232-18 du code du travail.\nLe pr\u00e9sent r\u00e9c\u00e9piss\u00e9 n'est pas limit\u00e9 dans le temps.\nL'enregistrement de la d\u00e9claration peut \u00eatre retir\u00e9 dans les conditions fix\u00e9es aux articles\nR.7232-20 \u00e0 R.7232-22 du code du travail.\nLe pr\u00e9sent r\u00e9c\u00e9piss\u00e9 est publi\u00e9 au recueil des actes administratifs de la pr\u00e9fecture.\nFait \u00e0 Cherbourg en Cotentin, \nle 24 juillet 2025\nSign\u00e9\nBruno GUILLEM\nDirection D\u00e9partementale de l'Emploi, du Travail et des Solidarit\u00e9s de la Manche\nBd F\u00e9lix Amiot - BP 240\n50102 Cherbourg-en-Cotentin Cedex\nDirection d\u00e9partementale de l'emploi, du travail et des solidarit\u00e9s - 50-2025-07-24-00034 - R\u00e9c\u00e9piss\u00e9 de d\u00e9claration d'un organisme\nde services \u00e0 la personne enregistr\u00e9 sous le n\u00b0SAP945016970 91\nDirection d\u00e9partementale de l'emploi, du travail\net des solidarit\u00e9s\n50-2025-07-17-00006\nR\u00e9c\u00e9piss\u00e9 de d\u00e9claration d'un organisme de\nservices \u00e0 la personne enregistr\u00e9 sous le\nn\u00b0SAP988041455\nDirection d\u00e9partementale de l'emploi, du travail et des solidarit\u00e9s - 50-2025-07-17-00006 - R\u00e9c\u00e9piss\u00e9 de d\u00e9claration d'un organisme de\nservices \u00e0 la personne enregistr\u00e9 sous le n\u00b0SAP988041455 92\nExPREFETDE LA MANCHELibert\u00e9Egalit\u00e9Fraternit\u00e9\nR\u00e9c\u00e9piss\u00e9 de d\u00e9claration d'un organisme de services \u00e0 la personne\nenregistr\u00e9 sous le N\u00b0 SAP988041455\nVu le code du travail et notamment les articles L.7231-1 \u00e0 L.7233-2, R.7232-16 \u00e0 R.7232-\n22, D.7231-1 et D.7233-1 \u00e0 D.7233-5;\nLe pr\u00e9fet de la Manche\nConstate : \nQu'une d\u00e9claration d'activit\u00e9s de services \u00e0 la personne a \u00e9t\u00e9 d\u00e9pos\u00e9e aupr\u00e8s du service\ninstructeur de la Manche le 24/06/2025 et modifi\u00e9e le 16/07/2025, par Monsieur Rapha\u00ebl\nBLANCHARD en qualit\u00e9 de dirigeant de l'entreprise DPS dont l'\u00e9tablissement principal\nest situ\u00e9 34 C rue de la garenne \u2013 50560 GOUVILLE SUR MER et enregistr\u00e9 sous le N\u00b0\nSAP988041455 pour les activit\u00e9s suivantes : \nActivit\u00e9(s) relevant uniquement de la d\u00e9claration (mode prestataire) :\n\uf0b7 Garde d'enfants de plus de 3 ans \u00e0 domicile\n\uf0b7 Petits travaux de jardinage\n\uf0b7 Travaux de petit bricolage\nToute  modification  concernant  les  activit\u00e9s  exerc\u00e9es  devra  faire  l'objet  d'une\nd\u00e9claration modificative pr\u00e9alable.\nSous r\u00e9serve de mettre en place une comptabilit\u00e9 s\u00e9par\u00e9e de vos activit\u00e9s de services \u00e0\nla personne et les autres activit\u00e9s accessoires,  les activit\u00e9s de services \u00e0 la personne\nouvrent droit au b\u00e9n\u00e9fice des dispositions des articles L.7233-2 du code du travail et\nL.241-10 du code de la s\u00e9curit\u00e9 sociale dans les conditions pr\u00e9vues par ces articles.\nLes effets de la d\u00e9claration courent \u00e0 compter du jour du d\u00e9p\u00f4t de la d\u00e9claration sous\nr\u00e9serve des dispositions de l'article R.7232-18 du code du travail.\nLe pr\u00e9sent r\u00e9c\u00e9piss\u00e9 n'est pas limit\u00e9 dans le temps.\nL'enregistrement de la d\u00e9claration peut \u00eatre retir\u00e9 dans les conditions fix\u00e9es aux articles\nR.7232-20 \u00e0 R.7232-22 du code du travail.\nLe pr\u00e9sent r\u00e9c\u00e9piss\u00e9 est publi\u00e9 au recueil des actes administratifs de la pr\u00e9fecture.\nFait \u00e0 Cherbourg en Cotentin, \nle 17 juillet 2025\nSign\u00e9\nFran\u00e7oise FOUQUERAY\nDirection D\u00e9partementale de l'Emploi, du Travail et des Solidarit\u00e9s de la Manche\nBd F\u00e9lix Amiot - BP 240\n50102 Cherbourg-en-Cotentin Cedex\nDirection d\u00e9partementale de l'emploi, du travail et des solidarit\u00e9s - 50-2025-07-17-00006 - R\u00e9c\u00e9piss\u00e9 de d\u00e9claration d'un organisme de\nservices \u00e0 la personne enregistr\u00e9 sous le n\u00b0SAP988041455 93\nDirection d\u00e9partementale de l'emploi, du travail\net des solidarit\u00e9s\n50-2025-07-24-00035\nR\u00e9c\u00e9piss\u00e9 de d\u00e9claration d'un organisme de\nservices \u00e0 la personne enregistr\u00e9 sous le\nn\u00b0SAP988937819\nDirection d\u00e9partementale de l'emploi, du travail et des solidarit\u00e9s - 50-2025-07-24-00035 - R\u00e9c\u00e9piss\u00e9 de d\u00e9claration d'un organisme\nde services \u00e0 la personne enregistr\u00e9 sous le n\u00b0SAP988937819 94\nExPREFETDE LA MANCHELibert\u00e9Egalit\u00e9Fraternit\u00e9\nR\u00e9c\u00e9piss\u00e9 de d\u00e9claration d'un organisme de services \u00e0 la personne\nenregistr\u00e9 sous le N\u00b0 SAP988937819\nVu le code du travail et notamment les articles L.7231-1 \u00e0 L.7233-2, R.7232-16 \u00e0 R.7232-\n22, D.7231-1 et D.7233-1 \u00e0 D.7233-5;\nLe pr\u00e9fet de la Manche\nConstate : \nQu'une d\u00e9claration d'activit\u00e9s de services \u00e0 la personne a \u00e9t\u00e9 d\u00e9pos\u00e9e aupr\u00e8s du service\ninstructeur de la Manche le 22/07/2025 , par Madame Salom\u00e9 MARCHAND en qualit\u00e9 de\ndirigeante  de  l'entreprise  ENTRE  NOS  MAINS  \u2013  CONCIERGERIE  SENIORS  dont\nl'\u00e9tablissement principal est situ\u00e9 14 rue Bachelier SAINT-SAMSON DE BONFOSSE 50750\nBOURGVALLEES et enregistr\u00e9 sous le N\u00b0 SAP988937819 pour les activit\u00e9s suivantes\u00a0: \nActivit\u00e9(s) relevant uniquement de la d\u00e9claration (mode prestataire) :\n\uf0b7 Entretien de la maison et travaux m\u00e9nagers\n\uf0b7 Travaux de petit bricolage\n\uf0b7 Pr\u00e9paration de repas \u00e0 domicile\n\uf0b7 Livraison de repas \u00e0 domicile\n\uf0b7 Collecte et livraison de linge \u00e0 domicile de linge repass\u00e9\n\uf0b7 Livraison de courses \u00e0 domicile\n\uf0b7 Maintenance, entretien et vigilance temporaires \u00e0 domicile\n\uf0b7 Assistante administrative \u00e0 domicile\n\uf0b7 Assistance informatique \u00e0 domicile\n\uf0b7 Soins et promenades d'animaux pour personnes d\u00e9pendantes\nToute  modification  concernant  les  activit\u00e9s  exerc\u00e9es  devra  faire  l'objet  d'une\nd\u00e9claration modificative pr\u00e9alable.\nSous r\u00e9serve d'\u00eatre exerc\u00e9es \u00e0 titre exclusif ces activit\u00e9s ouvrent droit au b\u00e9n\u00e9fice des\ndispositions des articles L.7233-2 du code du travail et L.241-10 du code de la s\u00e9curit\u00e9\nsociale dans les conditions pr\u00e9vues par ces articles.\nLes effets de la d\u00e9claration courent \u00e0 compter du jour du d\u00e9p\u00f4t de la d\u00e9claration sous\nr\u00e9serve des dispositions de l'article R.7232-18 du code du travail.\nLe pr\u00e9sent r\u00e9c\u00e9piss\u00e9 n'est pas limit\u00e9 dans le temps.\nL'enregistrement de la d\u00e9claration peut \u00eatre retir\u00e9 dans les conditions fix\u00e9es aux articles\nR.7232-20 \u00e0 R.7232-22 du code du travail.\nLe pr\u00e9sent r\u00e9c\u00e9piss\u00e9 est publi\u00e9 au recueil des actes administratifs de la pr\u00e9fecture.\nFait \u00e0 Cherbourg en Cotentin, \nle 24 juillet 2025\nSign\u00e9\nBruno GUILLEM\nDirection\u00a0D\u00e9partementale\u00a0de\u00a0l'Emploi,\u00a0du\u00a0Travail\u00a0et\u00a0des\u00a0Solidarit\u00e9s\u00a0de\u00a0la\u00a0Manche\nBd\u00a0F\u00e9lix\u00a0Amiot\u00a0-\u00a0BP\u00a0240\n50102\u00a0Cherbourg-en-Cotentin\u00a0Cedex\nDirection d\u00e9partementale de l'emploi, du travail et des solidarit\u00e9s - 50-2025-07-24-00035 - R\u00e9c\u00e9piss\u00e9 de d\u00e9claration d'un organisme\nde services \u00e0 la personne enregistr\u00e9 sous le n\u00b0SAP988937819 95\nE\nDirection d\u00e9partementale de l'emploi, du travail et des solidarit\u00e9s - 50-2025-07-24-00035 - R\u00e9c\u00e9piss\u00e9 de d\u00e9claration d'un organisme\nde services \u00e0 la personne enregistr\u00e9 sous le n\u00b0SAP988937819 96\nDirection d\u00e9partementale des finances\npubliques\n50-2025-09-05-00002\nArr\u00eat\u00e9 portant cl\u00f4ture des travaux de\nremaniement partiel du plan cadastral dans la\ncommune de Picauville\nDirection d\u00e9partementale des finances publiques - 50-2025-09-05-00002 - Arr\u00eat\u00e9 portant cl\u00f4ture des travaux de remaniement partiel\ndu plan cadastral dans la commune de Picauville 97\nPREFETDE LA MANCHELibert\u00e9Egalit\u00e9Fraternit\u00e9\nTFINANCES PUBLIQUES\nDIRECTION D\u00c9PARTEMENTALE \nDES FINANCES PUBLIQUES DE LA MANCHE\nArr\u00eat\u00e9 n\u00b0 CAD-2025-03\nArr\u00eat\u00e9 portant cl\u00f4ture des travaux de remaniement partiel \ndu plan cadastral dans la commune de Picauville\nLe Pr\u00e9fet de la Manche,\nChevalier de la L\u00e9gion d'Honneur\nChevalier de l'Ordre National du M\u00e9rite\nVu la loi du 6 juillet 1943 relative \u00e0 l'ex\u00e9cution des travaux g\u00e9od\u00e9siques et cadastraux et \u00e0 la\nconservation des signaux, bornes et rep\u00e8res ;\nVu le d\u00e9cret n\u00b0 55-471 du 30 avril 1955 relatif \u00e0 la r\u00e9novation et \u00e0 la conservation du Cadastre ;\nVu la loi n\u00b0 74-645 du 18 juillet 1974 relative \u00e0 la mise \u00e0 jour p\u00e9riodique de valeurs locatives\nservant de base aux impositions directes locales ;\nSUR proposition du directeur d\u00e9partemental des finances publiques de la Manche\nARR\u00caTE\nARTICLE  1ER :  La  date  d'ach\u00e8vement  des  travaux  de  remaniement  du  cadastre  dans  la\ncommune de Picauville est fix\u00e9e au 30 ao\u00fbt 2025.\nARTICLE 2  :  Le pr\u00e9sent arr\u00eat\u00e9 sera affich\u00e9 \u00e0 la mairie de la commune de Picauville et des\ncommunes limitrophes. Il sera publi\u00e9 dans la forme ordinaire. \nARTICLE 3 : La secr\u00e9taire g\u00e9n\u00e9rale de la pr\u00e9fecture et le directeur d\u00e9partemental des finances\npubliques de la Manche sont charg\u00e9s, chacun en ce qui le concerne, d'assurer l'ex\u00e9cution du\npr\u00e9sent arr\u00eat\u00e9 qui sera publi\u00e9 au recueil des actes administratifs.\n\u00c0 Saint-L\u00f4, le 5 septembre 2025\nPour le Pr\u00e9fet, \nLa Secr\u00e9taire g\u00e9n\u00e9rale,\nSign\u00e9\nPerrine SERRE\n  \nPlace de la Pr\u00e9fecture BP225 50015 SAINT-L\u00d4 Cedex - T\u00e9l\u00e9phone : 02 33 77 51 00\nddfip50@dgfip.finances.gouv.fr\nR\u00e9ception sur rendez-vous\nDirection d\u00e9partementale des finances publiques - 50-2025-09-05-00002 - Arr\u00eat\u00e9 portant cl\u00f4ture des travaux de remaniement partiel\ndu plan cadastral dans la commune de Picauville 98\nDirection d\u00e9partementale des territoires et de la\nmer\n50-2025-08-28-00008\nArr\u00eat\u00e9 2025-DDTM-SE-151 portant approbation\ndu DOCOB du site Natura 2000 \"littoral ouest du\nCotentin de Saint Germain Sur Ay au Rozel\"\nDirection d\u00e9partementale des territoires et de la mer - 50-2025-08-28-00008 - Arr\u00eat\u00e9 2025-DDTM-SE-151 portant approbation du\nDOCOB du site Natura 2000 \"littoral ouest du Cotentin de Saint Germain Sur Ay au Rozel\" 99\nExPREFETDE LA MANCHEijerte'Egalit\u00e9Fraternit\u00e9\nDirection\nd\u00e9partementale\ndes territoires et de la mer\nService Environnement\n      \nN\u00b0 2025-DDTM - SE-151\nARR\u00caT\u00c9\nportant approbation du Document d'objectifs \ndu site Natura 2000 \u00ab Littoral ouest du Cotentin de Saint-Germain-sur-Ay au Rozel \u00bb\nZone sp\u00e9ciale de conservation FR2500082 \nLE PR\u00c9FET DE LA MANCHE\nChevalier de la L\u00e9gion d'honneur\nChevalier de l'ordre national du M\u00e9rite\nVU la  directive  92/43/CEE  du  Conseil  du  21  mai  1992  modifi\u00e9e  concernant  la\nconservation des habitats naturels ainsi que de la faune et de la flore sauvages ;\nVU les articles L.414-1 et suivants du code de l'environnement ;\nVU les articles R.414-1 \u00e0 R.414-17 du code de l'environnement ;\nVU le d\u00e9cret du 13 juillet 2023 portant nomination de M. Xavier Bruneti\u00e8re en qualit\u00e9\nde pr\u00e9fet de la Manche ;\nVU l'arr\u00eat\u00e9 minist\u00e9riel du 17 novembre 2008 fixant la liste des actions \u00e9ligibles \u00e0 une\ncontrepartie financi\u00e8re de l'\u00c9tat dans le cadre d'un contrat Natura 2000 ;\nVU l'arr\u00eat\u00e9 minist\u00e9riel  du 1 er octobre 2014  portant d\u00e9signation du site Natura 2000\nFR2500082  \u00ab Littoral  ouest  du  Cotentin  de  Saint-Germain-sur-Ay  au  Rozel \u00bb  en\nZone sp\u00e9ciale de conservation au titre de la directive Habitats ;\nVU l'arr\u00eat\u00e9 pr\u00e9fectoral du 24 mars 2021 fixant la composition de comit\u00e9 de pilotage du\nsite Natura 2000 FR2500082\"Littoral ouest du Cotentin de Saint-Germain-sur-Ay\nau Rozel\"\nVU les travaux du comit\u00e9 de pilotage du site et notamment sa r\u00e9union du 20 avril 2021\nvalidant le Document d'objectifs ;\nSur proposition de Madame la Secr\u00e9taire G\u00e9n\u00e9rale de la pr\u00e9fecture de la Manche ;\nARRETE\nDirection d\u00e9partementale des territoires et de la mer\n477 Boulevard de la Doll\u00e9e \u2013 BP 60355 \u2013 50015 Saint-L\u00f4 Cedex \u2013 T\u00e9l : 02 33 06 39 00 \u2013 Fax : 02 33 06 39 09\nSite internet : www.manche.gouv.fr \u2013 Horaires d'ouverture au public : 09h00-12h00 / 13h30-16h30\nDirection d\u00e9partementale des territoires et de la mer - 50-2025-08-28-00008 - Arr\u00eat\u00e9 2025-DDTM-SE-151 portant approbation du\nDOCOB du site Natura 2000 \"littoral ouest du Cotentin de Saint Germain Sur Ay au Rozel\" 100\nArticle 1  er   \u2013 Objet  \nA l'issue de la concertation locale men\u00e9e sous l'\u00e9gide du Pr\u00e9fet de la Manche, le Document\nd'objectifs du site Natura 2000 FR2500082 \u00ab  Littoral ouest du Cotentin de Saint-Germain-sur-\nAy au Rozel \u00bb  est approuv\u00e9 et rendu op\u00e9rationnel.\nCe document est annex\u00e9 au pr\u00e9sent arr\u00eat\u00e9. Il comporte 3 tomes d\u00e9clin\u00e9s de la fa\u00e7on suivante\n:\n- tome 1 : Etat des lieux  : ce volume dresse un inventaire et une analyse des esp\u00e8ces\nd'int\u00e9r\u00eat communautaire et de leurs habitats ainsi qu'une analyse des activit\u00e9s socio-\n\u00e9conomiques  pr\u00e9sentes.  Il  comprend  \u00e9galement  une  \u00e9valuation  du  pr\u00e9c\u00e9dent\ndocument d'objectifs\n- tome 2  : enjeux et objectifs  : il identifie les enjeux de conservation et les facteurs\nayant une influence sur l'\u00e9volution du site ; il d\u00e9finit les objectifs destin\u00e9s \u00e0 assurer le\nmaintien ou la restauration des esp\u00e8ces et leurs habitats dans un \u00e9tat de conservation\nfavorable.\n- tome 3  : mesures de gestion et charte  : il liste les prescriptions et mesures (contrats)\navec leurs cahiers des charges respectifs \u00e0 mettre en oeuvre sur le site pour atteindre\nces  objectifs,  ainsi  que  les  bonnes  pratiques  \u00e0  adopter  n'induisant  pas  de  frais\nsp\u00e9cifiques (charte)\nArticle 2 \u2013   Mise \u00e0 disposition  \nLe document d'objectifs est tenu \u00e0 la disposition du public sur le portail internet de la DREAL\nde Normandie \u00e0 l'adresse suivante :\nhttps://www.donnees.normandie.developpement-durable.gouv.fr/pdf/N2000/\nFR2500082DOCOB.pdf\nArticle 3 - Recours\nLa pr\u00e9sente d\u00e9cision peut faire l'objet :\n- d'un recours administratif dans un d\u00e9lai de deux mois suivant sa publication :\no recours gracieux aupr\u00e8s du pr\u00e9fet du d\u00e9partement de la Manche, \no ou recours hi\u00e9rarchique aupr\u00e8s du ministre en charge de l'environnement ;\n- d'un recours contentieux devant le tribunal administratif de Caen, dans un d\u00e9lai de deux\nmois \u00e0 compter de sa publication, ou dans un d\u00e9lai de deux mois s uivant la d\u00e9cision de\nrejet du recours gracieux ou hi\u00e9rarchique. Le tribunal administratif peut \u00eatre saisi par\nl'application  informatique   T\u00e9l\u00e9recours  citoyens   accessible  par  le  site  internet\uf100 \uf101\nwww.telerecours.fr \nArticle 4 \u2013 Ex\u00e9cution\nLa  secr\u00e9taire  g\u00e9n\u00e9rale  de  la  pr\u00e9fecture  de  la  Manche,  le  directeur  d\u00e9partemental  des\nterritoires  et  de  la  mer  de  la  Manche,  le  directeur  r\u00e9gional  de  l'environnement,  de\nl'am\u00e9nagement et du logement de Normandie et le pr\u00e9sident de la r\u00e9gion Normandie  sont\ncharg\u00e9s, chacun en ce qui le concerne, de l'ex\u00e9cution du pr\u00e9sent arr\u00eat\u00e9 qui sera publi\u00e9 au\nrecueil des actes administratifs de la pr\u00e9fecture de la Manche.\nFait \u00e0 Saint-L\u00f4, le 28 ao\u00fbt 2025\nSign\u00e9\nPour  le  pr\u00e9fet,  et  par  d\u00e9l\u00e9gation,  la\nsecr\u00e9taire g\u00e9n\u00e9rale, Perrine SERRE\n2/2\nDirection d\u00e9partementale des territoires et de la mer - 50-2025-08-28-00008 - Arr\u00eat\u00e9 2025-DDTM-SE-151 portant approbation du\nDOCOB du site Natura 2000 \"littoral ouest du Cotentin de Saint Germain Sur Ay au Rozel\" 101\nDirection d\u00e9partementale des territoires et de la\nmer\n50-2025-09-09-00006\nArr\u00eat\u00e9 portant approbation du document-cadre\nfixant les orientations d'attribution des\nlogements sociaux de la Communaut\u00e9 de\nCommunes Granville Terre et Mer\nDirection d\u00e9partementale des territoires et de la mer - 50-2025-09-09-00006 - Arr\u00eat\u00e9 portant approbation du document-cadre fixant\nles orientations d'attribution des logements sociaux de la Communaut\u00e9 de Communes Granville Terre et Mer 102\nExPREFETDE LA MANCHEijerte'Egalit\u00e9Fraternit\u00e9\nDirection\nd\u00e9partementale\ndes territoires et de la mer\nService Habitat\nUnit\u00e9 Politiques de l'habitat social\net renouvellement urbain\nN\u00b0 DDTM - SH- 2025 - 004\nARR\u00caT\u00c9\nPORTANT APPROBATION DU DOCUMENT-CADRE FIXANT\nLES ORIENTATIONS D'ATTRIBUTION DES LOGEMENTS SOCIAUX  \nDE LA COMMUNAUT\u00c9 DE COMMUNES GRANVILLE TERRE ET MER\nLE PR\u00c9FET DE LA MANCHE\nChevalier de l'Ordre National du M\u00e9rite\nVu la loi 2014-366 du 24 mars 2014 pour l'am\u00e9nagement, le logement et l'urbanisme r\u00e9nov\u00e9\ndu mars 2014, notamment son article 97 ;\nVu la loi 2017-086 \u00e9galit\u00e9 et citoyennet\u00e9 du 27 janvier 2017 , notamment son article 70 ;\nVu le code de la construction et de l'habitat, notamment ses articles L 441-1 \u00e0 L 441-1-6 ;\nVu l'arr\u00eat\u00e9  pr\u00e9fectoral  2022-008  du  12  d\u00e9cembre  2022  portant  composition  de  la\nconf\u00e9rence intercommunale du logement de la communaut\u00e9 de communes de Granville\nTerre et Mer ;\nVu la  validation du  document-cadre fixant  les  orientations  d'attribution  des  logements\nsociaux  par  la  conf\u00e9rence  intercommunale  du  logement  de  la  communaut\u00e9  de\ncommunes de Granville, Terre et Mer lors de sa s\u00e9ance pl\u00e9ni\u00e8re du 2 octobre 2024 ;\nVu la  d\u00e9lib\u00e9ration  2024-02-19-014  du  conseil  communautaire  de  la  communaut\u00e9  de\ncommunes de Granville, Terr et Mer du 20 mars 2025, approuvant le document cadre\nfixant les orientations d'attribution des logements sociaux ;\nSur proposition du directeur d\u00e9partemental des territoires et de la mer ;\nDirection d\u00e9partementale des territoires et de la mer\n447 Boulevard de la Doll\u00e9e \u2013 BP 60355 \u2013 50015 Saint-L\u00f4 Cedex \u2013 T\u00e9l : 02 33 06 39 00 \u2013 Fax : 02 33 06 39 09\nSite internet : www.manche.gouv.fr \u2013 Horaires d'ouverture au public : 09h00-12h00 / 13h30-16h30\nDirection d\u00e9partementale des territoires et de la mer - 50-2025-09-09-00006 - Arr\u00eat\u00e9 portant approbation du document-cadre fixant\nles orientations d'attribution des logements sociaux de la Communaut\u00e9 de Communes Granville Terre et Mer 103\nA R R \u00ca T E\nArticle 1     :  \nLe  document-cadre  fixant  les  orientations  d'attribution  de  logements  sociaux  de  la\ncommunaut\u00e9  de  communes  de  Granville,  Terre  et  Mer,  annex\u00e9  au  pr\u00e9sent  arr\u00eat\u00e9,  est\napprouv\u00e9.\nArticle 2     : \nLa secr\u00e9taire g\u00e9n\u00e9rale de la pr\u00e9fecture, le directeur d\u00e9partemental des territoires et de la\nmer, et le directeur d\u00e9partemental de l'emploi, du travail et des solidarit\u00e9s, sont charg\u00e9s\nchacun en ce qui le concerne, de l'ex\u00e9cution du pr\u00e9sent arr\u00eat\u00e9, qui sera ins\u00e9r\u00e9 au recueil des\nactes administratifs de la pr\u00e9fecture de la Manche.\nSaint-L\u00f4, le 9 septembre 2025\nSign\u00e9\nLe Pr\u00e9fet, Xavier Bruneti\u00e8re\nDirection d\u00e9partementale des territoires et de la mer\n447 Boulevard de la Doll\u00e9e \u2013 BP 60355 \u2013 50015 Saint-L\u00f4 Cedex \u2013 T\u00e9l : 02 33 06 39 00 \u2013 Fax : 02 33 06 39 09\nSite internet : www.manche.gouv.fr \u2013 Horaires d'ouverture au public : 09h00-12h00 / 13h30-16h30\nDirection d\u00e9partementale des territoires et de la mer - 50-2025-09-09-00006 - Arr\u00eat\u00e9 portant approbation du document-cadre fixant\nles orientations d'attribution des logements sociaux de la Communaut\u00e9 de Communes Granville Terre et Mer 104\n/\nC\u00e9 <UIS & _ GranvilleNOVASCOPIA &Metmmmmmmmmm\nElaboration et mise en place \ndes dispositifs et des instances \nli\u00e9s \u00e0 la r\u00e9forme des \nattributions de logement\nDocument -Cadre \nd'Orientations (DCO)\nDirection d\u00e9partementale des territoires et de la mer - 50-2025-09-09-00006 - Arr\u00eat\u00e9 portant approbation du document-cadre fixant\nles orientations d'attribution des logements sociaux de la Communaut\u00e9 de Communes Granville Terre et Mer 105\nle parc socialDien satisfaitessntes \u00e9chellesregistrement\nSommaire\n1. INTRODUCTION \n2. SYNTHESE DU DIAGNOSTIC ET DES ENJEUX\n1. L'offre locative sociale\n2. La demande et les attributions\n3. L'occupation du parc\n4. Les enjeux\n3. LES ORIENTATIONS STRATEGIQUES\n1. Orientation n\u00b01 : Faire baisser la tension sur le parc social\n2. Orientation n\u00b02 : Mieux r\u00e9pondre aux demandes les moins bien satisfaites\n3. Orientation n\u00b03 : Pr\u00e9server la mixit\u00e9 sociale aux diff\u00e9rentes \u00e9chelles\n4. Orientation n\u00b04 : Structurer le service d'information et d'accueil des demandeurs et de l'enregistrement \nde la demande\n5. Condition de r\u00e9ussite : Assurer le pilotage, le suivi et la mise en \u0153uvre de la politique d'attribution des \nlogements locatifs sociaux \nDocument Cadre d'Orientations 2\nDirection d\u00e9partementale des territoires et de la mer - 50-2025-09-09-00006 - Arr\u00eat\u00e9 portant approbation du document-cadre fixant\nles orientations d'attribution des logements sociaux de la Communaut\u00e9 de Communes Granville Terre et Mer 106\n3\n1. INTRODUCTION\nElaboration du Document Cadre d'Orientations\nDirection d\u00e9partementale des territoires et de la mer - 50-2025-09-09-00006 - Arr\u00eat\u00e9 portant approbation du document-cadre fixant\nles orientations d'attribution des logements sociaux de la Communaut\u00e9 de Communes Granville Terre et Mer 107\nUne obligation r\u00e8glementaire\n4\nEgalit\u00e9 et \nCitoyennet\u00e9\n27 janvier 2017\n3\nELAN\n23 novembre \n2018\n4\nProgrammation \npour la Ville et la \ncoh\u00e9sion sociale\n21 f\u00e9vrier 2014\n1\n3DS\n22 f\u00e9vrier \n2022\n5\nALUR\n24 mars \n2014\n2\nInstaur\u00e9e par la loi ALUR du 24 mars 2014, la Conf\u00e9rence\nIntercommunale du Logement (CIL), nouvelle instance de\ngouvernance, doit d\u00e9finir le cadre g\u00e9n\u00e9ral de la politique\nintercommunale d'attribution des logements, en fixant les\nobjectifs de mixit\u00e9 sociale et d'\u00e9quilibre \u00e0 l'\u00e9chelle du\nterritoire, les modalit\u00e9s d'attribution des logements et les\nprincipes de coop\u00e9ration entre acteurs, en recherchant la\nsimplification des dispositifs existants et une meilleure lisibilit\u00e9\npour les demandeurs.\n2\nLa loi Egalit\u00e9 et Citoyennet\u00e9 du 27 janvier 2017 a pr\u00e9cis\u00e9 les\nattentes r\u00e9glementaires en mati\u00e8re de politique d'attribution,\nvisant \u00e0 am\u00e9liorer l'acc\u00e8s au logement social et \u00e0 d\u00e9velopper la\nmixit\u00e9. Elle d\u00e9finit des objectifs quantifi\u00e9s d'attribution, renfor\u00e7ant\nla mise en \u0153uvre du droit au logement pour les publics\nprioritaires, identifi\u00e9s dans le cadre de l'article L.441-1 du Code\nde la Construction et de l'Habitat (CCH), et la lutte contre la\nsp\u00e9cialisation sociale du parc de logements sociaux situ\u00e9 dans\nles quartiers prioritaires de la politique de la ville (QPV).\n3\nLa loi ELAN du 23 novembre 2018 introduit des modifications importantes dans le processus\nd'attribution, telles que l'examen r\u00e9gulier par le bailleur de la situation des occupants de logements\nsociaux afin de lutter contre la sous-occupation et la suroccupation, le passage \u00e0 un\nfonctionnement des attributions en flux pour chacun des r\u00e9servataires et la mise en place obligatoire\nde la cotation de la demande de logement social.\n4\n1\nLa loi du 21 f\u00e9vrier 2014 de programmation pour la ville et la\ncoh\u00e9sion urbaine (dite loi Ville) a introduit la n\u00e9cessit\u00e9 d'une\naction multi-partenariale pour mieux ma\u00eetriser le\npeuplement des quartiers de la politique de la ville.\nElaboration du Document Cadre d'Orientations\nDirection d\u00e9partementale des territoires et de la mer - 50-2025-09-09-00006 - Arr\u00eat\u00e9 portant approbation du document-cadre fixant\nles orientations d'attribution des logements sociaux de la Communaut\u00e9 de Communes Granville Terre et Mer 108\nUne obligation r\u00e8glementaire\n5\nEgalit\u00e9 et \nCitoyennet\u00e9\n27 janvier 2017\n3\nELAN\n23 novembre \n2018\n4\nProgrammation \npour la Ville et la \ncoh\u00e9sion sociale\n21 f\u00e9vrier 2014\n1\n3DS\n22 f\u00e9vrier \n2022\n5\nALUR\n24 mars \n2014\n2\nEnfin, la loi 3DS du 22 f\u00e9vrier 2022 instaure diff\u00e9rentes mesures\nnotamment celles relatives \u00e0 l'application de l'article 55 de la loi\nSolidarit\u00e9 et renouvellement urbains (SRU) du 13 d\u00e9cembre 2000,.\nCette loi clarifie les cas dans lesquels certaines communes sont\nexempt\u00e9es de r\u00e9aliser des logements sociaux, et met surtout en\nplace de nouvelles modalit\u00e9s de rattrapage pour les communes\nqui n'atteindront pas leurs objectifs de r\u00e9alisation d'ici 2025.\nDes pr\u00e9cisions sont aussi apport\u00e9es sur le constat de carence et\nses cons\u00e9quences sur l'interdiction de vendre des logements\nsociaux.\n5\nCes \u00e9volutions l\u00e9gislatives sont regroup\u00e9es sous le terme g\u00e9n\u00e9ral de \u00ab r\u00e9forme des\nattributions \u00bb, dont le but est de r\u00e9pondre aux enjeux suivants :\n\u2022 Simplifier les d\u00e9marches des demandeurs, pour plus de lisibilit\u00e9, de\ntransparence et d'efficacit\u00e9 dans les processus d'attribution ;\n\u2022 Instaurer un droit \u00e0 l'information du public et des demandeurs de\nlogement social ;\n\u2022 Favoriser l'\u00e9galit\u00e9 des chances des demandeurs et la mixit\u00e9 sociale des\nvilles et des quartiers ;\n\u2022 Mettre en \u0153uvre une politique intercommunale et partenariale de la\ngestion des demandes et de la politique d'attribution.\nCes lois positionnent les intercommunalit\u00e9s comme \u00ab chefs de file \u00bb de la politique\nd'attribution des logements sociaux et de gestion de la demande sur le territoire,\nen \u00e9troite concertation et partenariat avec les communes et l'ensemble des\npartenaires.\nElaboration du Document Cadre d'Orientations\nDirection d\u00e9partementale des territoires et de la mer - 50-2025-09-09-00006 - Arr\u00eat\u00e9 portant approbation du document-cadre fixant\nles orientations d'attribution des logements sociaux de la Communaut\u00e9 de Communes Granville Terre et Mer 109\ne J 4X( N 1\n\\ J X\nAu-del\u00e0 de l'obligation r\u00e9glementaire, une d\u00e9marche \nstrat\u00e9gique\n6\nAu-del\u00e0 de la mise en conformit\u00e9 avec les dispositions l\u00e9gislatives, la d\u00e9finition et la mise en \u0153uvre d'une strat\u00e9gie\npartag\u00e9e concernant l'occupation et les attributions dans le parc locatif social, en articulation et en compl\u00e9ment\nde la politique locale de l'habitat, est une d\u00e9marche strat\u00e9gique pour Granville Terre et Mer, les communes qui la\ncomposent et leurs partenaires (bailleurs sociaux, titulaires de droits de r\u00e9servation, associations...).\nEn effet, cette d\u00e9marche partenariale est un levier pour :\nMieux r\u00e9pondre \u00e0 la diversit\u00e9 des \nbesoins : personnes les plus modestes\u2026 \nmais aussi des salari\u00e9s, des seniors, des \njeunes en d\u00e9but de parcours \nprofessionnel et r\u00e9sidentiel \nVeiller \u00e0 assurer une mixit\u00e9 sociale et \ng\u00e9n\u00e9rationnelle, aux diff\u00e9rentes \n\u00e9chelles comme condition essentielle \nde l'attractivit\u00e9 r\u00e9sidentielle et de la \ncoh\u00e9sion du territoire dans son \nensemble\nMieux informer et accompagner les \nhabitants du territoire (comment et \no\u00f9 d\u00e9poser sa demande, comment \nest trait\u00e9e la demande\u2026) ; favoriser \nl'\u00e9quit\u00e9 de traitement et am\u00e9liorer \nla transparence\nAm\u00e9liorer et coordonner les  pratiques \ndes diff\u00e9rents acteurs impliqu\u00e9s\nElaboration du Document Cadre d'Orientations\nDirection d\u00e9partementale des territoires et de la mer - 50-2025-09-09-00006 - Arr\u00eat\u00e9 portant approbation du document-cadre fixant\nles orientations d'attribution des logements sociaux de la Communaut\u00e9 de Communes Granville Terre et Mer 110\n7\nLe Programme Local de l'Habitat\n= politique de l'habitat (offre \nneuve et parc existant, offre \npriv\u00e9e et publique, r\u00e9ponses aux \nbesoins en logement des diff\u00e9rents \nprofils de m\u00e9nages \u2013 jeunes, \nfamilles, seniors, m\u00e9nages en \ndifficult\u00e9...)\nDans le cadre de la Conf\u00e9rence \nIntercommunale du Logement : \n\u00e9laboration d'une strat\u00e9gie \npartag\u00e9e sur le peuplement dans le \nparc locatif social (document-cadre \nd'orientations et Convention \nIntercommunale d'Attributions, plan \npartenarial gestion de la demande, \nconvention de gestion en flux des \nattributions)\n= politique de peuplement\nUne d\u00e9marche compl\u00e9mentaire de celle du \nPLH\nCe travail s'inscrit dans la continuit\u00e9 des travaux du PLH \u00e9labor\u00e9 pour la p\u00e9riode 2022-2028.\nEn effet, ces deux d\u00e9marches sont compl\u00e9mentaires et strat\u00e9giques, elles constituent les deux piliers d'une\npolitique locale de l'habitat.\nElaboration du Document Cadre d'Orientations\nDirection d\u00e9partementale des territoires et de la mer - 50-2025-09-09-00006 - Arr\u00eat\u00e9 portant approbation du document-cadre fixant\nles orientations d'attribution des logements sociaux de la Communaut\u00e9 de Communes Granville Terre et Mer 111\nLe contenu de la r\u00e9forme des attributions\n8\nIl est attendu des intercommunalit\u00e9s :\n\u2022 qu'elles d\u00e9finissent avec leurs partenaires des orientations-cadres, traduction d'une strat\u00e9gie partag\u00e9e pour am\u00e9liorer la\nmixit\u00e9 dans l'occupation du parc locatif social (politique d'attributions, strat\u00e9gie de r\u00e9ponse aux demandes de mutation,\nobjectifs quantifi\u00e9s de relogement des publics prioritaires...).\n\u2022 Qu'elles \u00e9tablissent avec leurs partenaires un programme d'actions permettant de mettre en \u0153uvre les orientations. Le\nprogramme d'actions est int\u00e9gr\u00e9 dans deux documents distincts :\n\u2022 La Convention Intercommunale d'Attribution (CIA).\n\u2022 Le Plan Partenarial de Gestion de la Demande de Logement Social et d'Information des Demandeurs (PPGDLSID).\nConf\u00e9rence \nIntercommunale du \nLogement\nInstance de suivi \nstrat\u00e9gique\nLe document-cadre d'orientations\nStrat\u00e9gie attributions et occupation du parc \nlocatif social\nLa Convention \nIntercommunale \nd'Attributions (CIA)\nLe Plan Partenarial de \nGestion de la Demande \net d'Information des \nDemandeurs (PPGDLSID)\nPolitiques et projets \nconcernant\nl'\u00e9volution de l'offre \nd'habitat et des \nterritoires (SCoT, \nPLH\u2026)\ntraductions \nop\u00e9rationnelles \ndes orientations \nstrat\u00e9giques\nDont syst\u00e8me de cotation\nElaboration du Document Cadre d'Orientations\nDirection d\u00e9partementale des territoires et de la mer - 50-2025-09-09-00006 - Arr\u00eat\u00e9 portant approbation du document-cadre fixant\nles orientations d'attribution des logements sociaux de la Communaut\u00e9 de Communes Granville Terre et Mer 112\nLes \u00e9tapes de la d\u00e9marche\n9\nPhase 1 : diagnostic \net orientations \nstrat\u00e9giques\nSeptembre 2023-\nf\u00e9vrier 2024\nPhase 2 : d\u00e9clinaison \nop\u00e9rationnelle \nConvention Intercommunale \nd'Attribution \nPlan Partenarial de Gestion de \nla Demande \nMars - juin 2024\nPhase 3 : \nAccompagnement \n\u00e0 la validation et \noutils de suivi\nJuillet - septembre \n2024\nDirection d\u00e9partementale des territoires et de la mer - 50-2025-09-09-00006 - Arr\u00eat\u00e9 portant approbation du document-cadre fixant\nles orientations d'attribution des logements sociaux de la Communaut\u00e9 de Communes Granville Terre et Mer 113\nLe contenu du document-cadre d'orientation et \nles modalit\u00e9s de son \u00e9laboration\n10\nLe pr\u00e9sent document formalise la strat\u00e9gie retenue par les acteurs de la Conf\u00e9rence Intercommunale du\nLogement en mati\u00e8re d'attributions de logements pour r\u00e9pondre aux enjeux mis en \u00e9vidence dans le\ndiagnostic.\nIl pr\u00e9cise ainsi :\n\uf0a7 Les orientations qualitatives\n\uf0a7 Les objectifs \u00e0 l'\u00e9chelle intercommunale\nSon contenu pourra \u00eatre ajust\u00e9 voire revisit\u00e9, si besoin, en fonction de l'\u00e9volution du contexte (territorial, de\nmarch\u00e9...) et des impacts des actions men\u00e9es (d\u00e9veloppement de l'offre, am\u00e9lioration de l'attractivit\u00e9 du\nparc existant...).\nGranville Terre et Mer a mobilis\u00e9 l'ensemble des partenaires pour coconstruire les orientations strat\u00e9giques\ndans le cadre d'un atelier rassemblant \u00e9lus et professionnels le 5 mars 2024.\nLes orientations ont \u00e9t\u00e9 pr\u00e9-valid\u00e9es en Comit\u00e9 de Pilotage le 8 mars 2024.\nElles sont pr\u00e9sent\u00e9es et adopt\u00e9es par la Conf\u00e9rence Intercommunale du Logement avant une approbation\nen Conseil Communautaire.\nElaboration du Document Cadre d'Orientations\nDirection d\u00e9partementale des territoires et de la mer - 50-2025-09-09-00006 - Arr\u00eat\u00e9 portant approbation du document-cadre fixant\nles orientations d'attribution des logements sociaux de la Communaut\u00e9 de Communes Granville Terre et Mer 114\n11\n2. SYNTHESE DU DIAGNOSTIC ET DES \nENJEUX\nL'offre locative sociale\nElaboration du Document Cadre d'Orientations\nDirection d\u00e9partementale des territoires et de la mer - 50-2025-09-09-00006 - Arr\u00eat\u00e9 portant approbation du document-cadre fixant\nles orientations d'attribution des logements sociaux de la Communaut\u00e9 de Communes Granville Terre et Mer 115\n[ P\nF\nUne offre locative sociale peu d\u00e9velopp\u00e9e et \nconcentr\u00e9e sur Granville\n12\n2 301 Logements sociaux sur Granville Terre et Mer au\n1er janvier 2022\nLe nombre de logements locatifs sociaux a faiblement\nprogress\u00e9 depuis 2018.\n2115 2136 2183 2214 2235 2238 2270 2299 2297 2301\n0\n500\n1000\n1500\n2000\n2500\n2013 2014 2015 2016 2017 2018 2019 2020 2021 2022\nEvolution du nombre de logements locatifs \nsociaux \u00e0 l'\u00e9chelle de GTM (Source: RPLS, 2022)\n2 197 logements sociaux lou\u00e9s avec un contrat de location\n34 logements sociaux inoccup\u00e9s (28 vacants et 6 vides)\n34 logements sociaux pris en charge par une association\n(soit 95,5% du parc social)\n10% du parc de logement total de l'EPCI=\n(soit 1,5% du parc social)\n(soit 1,5% du parc social)\nLe PLH fixe des objectifs ambitieux de production (environ 530 logements sur la p\u00e9riode 2022-2028).\nCependant, les op\u00e9rations peinent actuellement \u00e0 se concr\u00e9tiser du fait de l'augmentation des prix de revient et\nnotamment du foncier et ce, malgr\u00e9 les aides de GTM et des communes. Ce qui renforce la n\u00e9cessit\u00e9 de mettre en \u0153uvre\nl'action n\u00b01 du programme d'actions du PLH visant \u00e0 am\u00e9liorer la ma\u00eetrise du foncier. Des pistes compl\u00e9mentaires pourraient\n\u00eatre envisag\u00e9es, notamment celle de d\u00e9velopper les baux emphyt\u00e9otiques.\nA noter que les projets pr\u00e9vus sur la commune de Granville pourraient permettre de produire 300 logements en 2 ans.\nElaboration du Document Cadre d'Orientations\nDirection d\u00e9partementale des territoires et de la mer - 50-2025-09-09-00006 - Arr\u00eat\u00e9 portant approbation du document-cadre fixant\nles orientations d'attribution des logements sociaux de la Communaut\u00e9 de Communes Granville Terre et Mer 116\nUne offre locative sociale peu d\u00e9velopp\u00e9e et \nconcentr\u00e9e sur Granville\n13\n119\n16\n79\n327\n11\n1444\n22\n104\n20\n5\n16\n126\n12\n0 500 1000 1500\nBr\u00e9hal\nBricqueville-sur-Mer\nC\u00e9rences\nDonville-les-Bains\nFolligny\nGranville\nJullouville\nLa Haye-Pesnel\nLa Lucerne-d'Outremer\nLongueville\nSaint-Jean-des-Champs\nSaint-Pair-sur-Mer\nYquelon\nR\u00e9partition des logements locatifs sociaux par commune en \n2022 (Source : RPLS, 2022)\nL'offre est quantitativement concentr\u00e9e sur\nquelques communes, notamment Granville :\n63%\ndes logements locatifs sociaux\nsont situ\u00e9s \u00e0 Granville\n14% des logements locatifs sociaux\nsont situ\u00e9s \u00e0 Donville-les-Bains\nLes projets pr\u00e9vus sur la commune de\nGranville (300 en 2 ans) pourraient contribuer\n\u00e0 renforcer la concentration du logement\nlocatif social sur la commune s'il n'y a pas de\nproduction dans les prochaines ann\u00e9es sur\nd'autres communes.\nD'autres programmes livr\u00e9s en 2013 ou\npr\u00e9vus, par exemple \u00e0 Saint-Pair mais le\nsentiment d'op\u00e9rations en stand-by c\u00f4t\u00e9\nbailleurs.\nElaboration du Document Cadre d'Orientations\nDirection d\u00e9partementale des territoires et de la mer - 50-2025-09-09-00006 - Arr\u00eat\u00e9 portant approbation du document-cadre fixant\nles orientations d'attribution des logements sociaux de la Communaut\u00e9 de Communes Granville Terre et Mer 117\nDans le parc locatif social, une majorit\u00e9 de T3 \net T4 en collectif\n14\nSeulement 16% (=375) de petits logements (T1 et T2).\n1%\n15%\n42%\n36%\n6%\nTypologie des logements locatifs sociaux \n(Source : RPLS, 2022)\nT1\nT2\nT3\nT4\nT5\n42% des logements sociaux sont des T3\n36% des logements sociaux sont des T4\nLe parc de logements locatifs sociaux est essentiellement\ncompos\u00e9 de T3 (42%) et de T4 (36%).\nDeux segments sont peu d\u00e9velopp\u00e9s :\n\u2022 Le parc de petits logements locatifs : les T1 ne repr\u00e9sentent\nque 28 logements \u00e0 l'\u00e9chelle de l'EPCI et les T2 327\nlogements, sur 2301 logements sociaux au total.\n\u2022 Les tr\u00e8s grands logements : les T5 sont peu repr\u00e9sent\u00e9s avec\nseulement 6% du parc.\nLa majorit\u00e9 des logements locatifs sociaux sont des\nappartements (66%).\n34% des logements locatifs sociaux sont des maisons.\nCeci est une sp\u00e9cificit\u00e9 du territoire par rapport \u00e0 la moyenne\nd\u00e9partementale, elle est li\u00e9e au fait que le parc locatif social est\nconcentr\u00e9 sur Granville (84% de logements collectifs).\n66% \nd'appartements\n1515 748\n34% \nde maisons \nlogements logements \nElaboration du Document Cadre d'Orientations\nDirection d\u00e9partementale des territoires et de la mer - 50-2025-09-09-00006 - Arr\u00eat\u00e9 portant approbation du document-cadre fixant\nles orientations d'attribution des logements sociaux de la Communaut\u00e9 de Communes Granville Terre et Mer 118\n26% des logements locatifs sociaux sont  a \npriori \u00e9nergivores\n15\nLes donn\u00e9es sur la classe \u00e9nerg\u00e9tique couvrent 95% du parc\nlocatif social :\n51 66 \n750 778 \n406 \n104 \n34 \n -\n 200\n 400\n 600\n 800\n 1\u00a0000\nA B C D E F G\nVolumes des logements sociaux selon leur classe \n\u00e9nerg\u00e9tique (Source : RPLS, 2022)\nLa loi climat et r\u00e9silience\npr\u00e9voit :\n\u2022 Interdiction de mise en\nlocation des logements\n\u00e9nergivore (G = 2025 / F =\n2028 / E = 2034)\n26%\n26% du parc social est class\u00e9 E, F ou G, ce qui\nrepr\u00e9sente 544 logements locatifs sociaux.\n70% du parc social est class\u00e9 C et D ce qui repr\u00e9sente\n1528 logements locatifs sociaux.\nLa majorit\u00e9 des logements sont class\u00e9es C ou D.\nPour autant, les 544 logements E, F et G sont concern\u00e9s par\nl'application de la loi Climat et R\u00e9silience et devront \u00eatre\nr\u00e9nov\u00e9s. En cas de non-r\u00e9novation des logements, cela\ncontribuerait \u00e0 une diminution des logements disponibles au\nsein du parc locatif social.\nSont plus particuli\u00e8rement concern\u00e9s les 34 logements en\n\u00e9tiquette G qui pourraient \u00eatre interdits \u00e0 la relocation en\n2025.\nSelon les communes, l'application de la loi Climat et\nR\u00e9silience dans le parc priv\u00e9 aurait d'ores et d\u00e9j\u00e0 des\nincidences sur la demande de logement social.\nAu-del\u00e0 de l'enjeu de la r\u00e9novation \u00e9nerg\u00e9tique, certains\npatrimoines anciens notamment au sein de Manche Habitat\nqui n'ont pas b\u00e9n\u00e9fici\u00e9 de r\u00e9novation connaissent un taux\nde rotation plus \u00e9lev\u00e9, ce qui pourrait remettre en cause \u00e0\nterme leur attractivit\u00e9.\nElaboration du Document Cadre d'Orientations\nDirection d\u00e9partementale des territoires et de la mer - 50-2025-09-09-00006 - Arr\u00eat\u00e9 portant approbation du document-cadre fixant\nles orientations d'attribution des logements sociaux de la Communaut\u00e9 de Communes Granville Terre et Mer 119\n16\n2. SYNTHESE DU DIAGNOSTIC ET DES \nENJEUX\nL'occupation du parc locatif \nsocial\nElaboration du Document Cadre d'Orientations\nDirection d\u00e9partementale des territoires et de la mer - 50-2025-09-09-00006 - Arr\u00eat\u00e9 portant approbation du document-cadre fixant\nles orientations d'attribution des logements sociaux de la Communaut\u00e9 de Communes Granville Terre et Mer 120\nI ll o |\n\"__\u2014\nPlus de la moiti\u00e9 des occupants du parc social \nsont des personnes seules\n17\n21%\n52%\n5%\n22%\n19%\n51%\n6%\n24%\n0%\n10%\n20%\n30%\n40%\n50%\n60%\nFamilles\nmonoparentales\nPersonnes\nseules\nFamilles\nnombreuses (3\nenfants ou plus)\nAutres\nR\u00e9partition des occupants du parc social par type de \nm\u00e9nage (Source : OPS, 2022)  \nCC Granville Terre et Mer La Manche\n21% des occupants du parc social de Granville\nTerre et Mer sont des familles monoparentales.\nCe taux est l\u00e9g\u00e8rement sup\u00e9rieur \u00e0 la moyenne\nd\u00e9partementale (19%) ainsi qu'\u00e0 la proportion de\nfamilles monoparentales dans la population\nglobale de GTM (9%).\ndes occupants du parc social de Granville\nTerre et Mer sont des personnes seules. A noter\nque ce taux est dans la moyenne d\u00e9partementale\nmais sup\u00e9rieur \u00e0 ce qu'on peut observer dans des\nterritoires comparables. La proportion est\nsup\u00e9rieure aux taux de personnes seules observ\u00e9\ndans l'ensemble de la population de GTM (41%).\n52%\nCalvados : 40%\nBayeux Intercom : 44%\nCalvados : 22%\nBayeux Intercom : 17%\nSelon les communes, beaucoup de personnes seules\ndans des grands logements (sous-occupation) ; des\nlogements qui pourraient \u00eatre lib\u00e9r\u00e9s pour accueillir des\nfamilles \u2013 un point \u00e0 creuser (constat nuanc\u00e9 par\nManche Habitat) ?\nElaboration du Document Cadre d'Orientations\nDirection d\u00e9partementale des territoires et de la mer - 50-2025-09-09-00006 - Arr\u00eat\u00e9 portant approbation du document-cadre fixant\nles orientations d'attribution des logements sociaux de la Communaut\u00e9 de Communes Granville Terre et Mer 121\nUn poids significatif des seniors parmi les \noccupants du parc locatif social\n18\n23% 24%\n8% 9%\n46% 48%\n22% 19%\n0%\n10%\n20%\n30%\n40%\n50%\n60%\n70%\n80%\n90%\n100%\nGranville Terre et Mer La Manche\nR\u00e9partition par tranche d'\u00e2ge des occupants du \nparc social (Source : OPS, 2022)\nMoins de 18 ans 18-24 ans 25-64 ans 65 ans et plus\nLes jeunes \u00e2g\u00e9es de 18 \u00e0 25 ans repr\u00e9sentent 8% des\noccupants totaux, les moins de 18 ans quant \u00e0 eux\nrepr\u00e9sentent 23%. Ces deux taux sont dans les moyennes\ndu d\u00e9partement de la Manche.\nLes personnes \u00ab actives \u00bb (\u00e2g\u00e9es de 25 \u00e0 64 ans) sont\nmajoritaires parmi les occupants (46%) mais cette proportion\nest inf\u00e9rieure \u00e0 la moyenne d\u00e9partementale (48%).\nLa principale diff\u00e9rence avec le profil des demandeurs tel\nqu'observ\u00e9 au niveau d\u00e9partemental concerne les 65 ans\net plus : ces derniers repr\u00e9sentent 22% des occupants du\nparc social, soit trois points de plus que ce qui est constat\u00e9 \u00e0\nl'\u00e9chelle d\u00e9partementale.\nLa proportion de 22% de personnes de 65 ans et plus parmi\nles locataires du parc social est sup\u00e9rieure \u00e0 ce qu'on peut\nobserver dans des territoires comparables, notamment :\n\u2022 17% sur Bayeux Intercom\n\u2022 15% dans le Calvados\nLa proportion de m\u00e9nages de 65 ans et plus est n\u00e9anmoins\nmoins importante dans le parc locatif social que dans\nl'ensemble de la population (33%).\nElaboration du Document Cadre d'Orientations\nDirection d\u00e9partementale des territoires et de la mer - 50-2025-09-09-00006 - Arr\u00eat\u00e9 portant approbation du document-cadre fixant\nles orientations d'attribution des logements sociaux de la Communaut\u00e9 de Communes Granville Terre et Mer 122\nUne pr\u00e9carisation des emm\u00e9nag\u00e9s r\u00e9cents\n19\nIndicateurs Granville Terre \net Mer Granville La Manche\nRessources\nM\u00e9nages \u00e9tudi\u00e9s dont le \nrevenu est inf\u00e9rieur \u00e0 40% du \nplafond PLUS\n36% 39% 35%\nEmm\u00e9nag\u00e9s r\u00e9cents dont le \nrevenu est inf\u00e9rieur \u00e0 40% du \nplafond PLUS\n46% 52% 46%\nConditions \nd'emploi\nMajeurs ayant un emploi 41% 37% 43%\nMajeurs au ch\u00f4mage 9% < 10% 9%\nMajeurs sans emploi 50% 53% 47%\nComposition \nfamiliale \nFamilles monoparentales 21% 19% 19%\nPersonnes seules 52% 58% 51%\n\u00c2ge des \noccupants \nOccupants \u00e2g\u00e9s de moins \nde 18 ans 28% 21% 24%\nOccupants \u00e2g\u00e9s de plus de \n65 ans 22% 24% 19%\nSource : OPS 2022\nElaboration du Document Cadre d'Orientations\n36% des locataires ont un revenu inf\u00e9rieur \u00e0\n40% du plafond PLUS, soit une proportion assez\nsimilaire \u00e0 la moyenne d\u00e9partementale qui est\nde 35%.\nUn taux comparable \u00e0 Bayeux Intercom (35%)\nou le Calvados (36%)\nCe taux atteint 46% pour les emm\u00e9nag\u00e9s\nr\u00e9cents \u00e0 l'\u00e9chelle de Granville Terre et Mer et\nde la Manche, soit une hausse de 10 points.\nLa pr\u00e9carisation des emm\u00e9nag\u00e9s r\u00e9cents est\n\u00e9galement observable ailleurs mais dans des\nproportions moindres :\nPoids des m\u00e9nages avec revenus inf\u00e9rieurs \u00e0 40%\ndes plafonds HLM dans les emm\u00e9nag\u00e9s r\u00e9cents :\nBayeux Intercom : 40%\nCalvados : 41%\n50% sont des majeurs sans emploi, dont\nretrait\u00e9s, sans activit\u00e9 professionnelle\nUne proportion sup\u00e9rieure \u00e0 celle du\nd\u00e9partement (47%) et aux territoires\ncomparables : Bayeux Intercom (48%) et\nCalvados (46%)\nDirection d\u00e9partementale des territoires et de la mer - 50-2025-09-09-00006 - Arr\u00eat\u00e9 portant approbation du document-cadre fixant\nles orientations d'attribution des logements sociaux de la Communaut\u00e9 de Communes Granville Terre et Mer 123\n45%30 %15%\n45%30 %Taux de r\u00e9ponse ou de couverture insuffisant Taux de r\u00e9ponse ou de couverture insuffisantNombre de m\u00e9nages \u00e9tudi\u00e9s insuffisant Nombre de m\u00e9nages \u00e9tudi\u00e9s insuffisantPas d'information 15 %6 Pas d'information\nDes situations et \u00e9volutions diff\u00e9renci\u00e9es selon \nles secteurs\nPart des m\u00e9nages occupants dont le revenu est < 40% du\nplafond PLUS, \u00e0 l'\u00e9chelle des iris et des carreaux) (Source :\nOPS, 2022)\nPart des emm\u00e9nag\u00e9s r\u00e9cents dont le revenu est < 40% du\nplafond PLUS, \u00e0 l'\u00e9chelle des iris et des carreaux) (Source :\nOPS, 2022)\n\u2022 Un poids des locataires avec des revenus inf\u00e9rieurs \u00e0 40% des plafonds HLM assez variable selon les communes et les\nsecteurs infra-communaux.\n\u2022 Des tendances tr\u00e8s diff\u00e9renci\u00e9es parmi les emm\u00e9nag\u00e9s r\u00e9cents selon les secteurs mais une pr\u00e9carisation relativement\nconcentr\u00e9e g\u00e9ographiquement ?\nElaboration du Document Cadre d'Orientations\nDirection d\u00e9partementale des territoires et de la mer - 50-2025-09-09-00006 - Arr\u00eat\u00e9 portant approbation du document-cadre fixant\nles orientations d'attribution des logements sociaux de la Communaut\u00e9 de Communes Granville Terre et Mer 124\n]\n_..._1]1_..._\nmIBN1l\nDes exemples de r\u00e9sidences \u00e0 surveiller\nGr\u00e2ce aux donn\u00e9es OPS 2022, sur l'occupation des logements locatifs sociaux, \u00e0 l'\u00e9chelle des r\u00e9sidences du territoire, on constate que\ncertaines cumulent ou tendent \u00e0 cumuler, des difficult\u00e9s socio-\u00e9conomiques.\nEn effet, les indicateurs sociaux compar\u00e9s sont parfois bien sup\u00e9rieurs aux moyennes intercommunales observ\u00e9es. Cela a, ou, aura \u00e0\ntermes, des cons\u00e9quences sur la mixit\u00e9 des r\u00e9sidences.\nCes indicateurs sont : la part des m\u00e9nages seuls, monoparentaux, les moins de 30 ans, les plus de 65 ans et ceux dont les ressources sont\ninf\u00e9rieures \u00e0 40% des plafonds PLUS.\nLe tableau ci-dessous renseigne les r\u00e9sidences avec au moins un des indicateurs sup\u00e9rieurs \u00e0 la moyenne intercommunale (surlign\u00e9 en\norange).\nCommune Bailleur Nom r\u00e9sidence Nb logts \nenqu\u00eat\u00e9s\nM\u00e9nages \nseuls\nM\u00e9nages \nMonoparenta\nux\n< 30 ans > 65 ans\nressources \n<40 % \nplafond PLUS\nDonville-les-Bains Manche Habitat RES. NC-0169165/Manche Habitat 20 35% 35% 12% 24% 41%\nDonville-les-Bains Manche Habitat RES. NC-0577165/Manche Habitat 20 35% 10% 35% 35%\nDonville-les-Bains SA HLM Coutances \nGranville\nRES. 18 PLUS DONVILLE LES BAINS-231/SA HLM \nCoutances Granville 18 72% 72% 22%\nDonville-les-Bains SA HLM Coutances \nGranville\nRES. 15 PLA LA FOUGERAIE IV-054/SA HLM \nCoutances Granville 15 46% 38% <10% 38% 38%\nDonville-les-Bains SA HLM Coutances \nGranville\nRES. 12 HLM FOUGERAIE I DONVILLE-022/SA HLM \nCoutances Granville 12 33% 42% <10% 33% 17%\nGranville Manche Habitat RES. NC-0200218/Manche Habitat 407 53% 21% <10% 27% 52%\nGranville SA HLM Coutances \nGranville\nRES. 91 HLM ORME CHARME-026/SA HLM \nCoutances Granville 92 64% 17% <10% 47% 36%\nGranville SA HLM Coutances \nGranville\nRES. 85 HLM CH.VERT 7,8,9 MIMOSAS-016/SA HLM \nCoutances Granville 91 63% 17% <10% 41% 33%\nGranville SA HLM Coutances \nGranville\nRES. 80 HLM 1 \u00e0 6 MIMOSAS-018/SA HLM \nCoutances Granville 80 68% 19% <10% 43% 38%\nGranville SA HLM Coutances \nGranville\nRES. 55 HLM LE POMMIER-032/SA HLM \nCoutances Granville 55 60% 26% <10% 50% 42%\nGranville Manche Habitat RES. NC-0155218/Manche Habitat 54 33% 35% <10% 31% 52%\nGranville Manche Habitat RES. NC-0043218/Manche Habitat 48 83% 12% <10% 17% 41%\nElaboration du Document Cadre d'Orientations\nDirection d\u00e9partementale des territoires et de la mer - 50-2025-09-09-00006 - Arr\u00eat\u00e9 portant approbation du document-cadre fixant\nles orientations d'attribution des logements sociaux de la Communaut\u00e9 de Communes Granville Terre et Mer 125\n22\n2. SYNTHESE DU DIAGNOSTIC ET DES \nENJEUX\nLa demande et les attributions\nElaboration du Document Cadre d'Orientations\nDirection d\u00e9partementale des territoires et de la mer - 50-2025-09-09-00006 - Arr\u00eat\u00e9 portant approbation du document-cadre fixant\nles orientations d'attribution des logements sociaux de la Communaut\u00e9 de Communes Granville Terre et Mer 126\n\"l\n00 - ui Di Ui \u00dci Di ui\n~_-_-\u2014\u2014\u2014_\nUne progression significative de la tension sur le \nparc locatif social\nElaboration du diagnostic 23\nPoint m\u00e9thodologique : Pour la \nr\u00e9partition des demandes et \nattributions, seuls les 1ers choix de \ndemandes ont \u00e9t\u00e9 pris en compte. \nLa demande en logement social n'a cess\u00e9 d'augmenter\ndepuis 2018 et le nombre d'attributions a fortement\ndiminu\u00e9. De fait, la tension a fortement augment\u00e9 depuis\n2021 passant ainsi de 5,9 \u00e0 8,7 en 2023.\n1321 demandes de logements sociaux recens\u00e9s en 2023\n+490 demandes depuis 2018 sur l'ensemble de\nl'EPCI\n\u2022 Un constat confirm\u00e9 par les communes rencontr\u00e9es\n\u2022 Selon ces derni\u00e8res, une progression de la tension dans\nle parc locatif social li\u00e9e \u00e0 la combinaison de plusieurs\nph\u00e9nom\u00e8nes :\n\u2022 Difficult\u00e9 pour les m\u00e9nages de se loger dans le\npriv\u00e9 (niveaux de prix et peu de biens disponibles,\ndu fait de la concurrence avec les meubl\u00e9s\ntouristiques).\n\u2022 Une rotation limit\u00e9e dans le parc locatif social.\n\u2022 Les impacts loi Climat et R\u00e9silience (disparition de\nlogements locatifs priv\u00e9s)\n\u2022 Une tension qui g\u00e9n\u00e8re des difficult\u00e9s pour certains profils\nde publics : des m\u00e9nages sont log\u00e9s dans le camping de\nDonville l'hiver dans l'attente d'un logement social.\n831\n959\n1017\n1082\n1172\n1321\n228\n178\n155\n183\n172\n151\n3,6\n5,4\n6,6\n5,9\n6,8\n8,7\n0,0\n1,0\n2,0\n3,0\n4,0\n5,0\n6,0\n7,0\n8,0\n9,0\n0\n300\n600\n900\n1200\n1500\n2018 2019 2020 2021 2022 2023\nEvolution de la tension de la demande \n(Source : Manche Habitat)\nDemande en 1er choix Nombre d'attribution\nTension de la demade194\n214\n233\n242\n232\n366\n637\n745\n784\n840\n940\n897\n0\n200\n400\n600\n800\n1000\n2018 2019 2020 2021 2022 2023\nEvolution des demandes de mutations et des \ndemandes externes (Source : Manche Habitat)\nDemandes mutations Demandes externes\nDirection d\u00e9partementale des territoires et de la mer - 50-2025-09-09-00006 - Arr\u00eat\u00e9 portant approbation du document-cadre fixant\nles orientations d'attribution des logements sociaux de la Communaut\u00e9 de Communes Granville Terre et Mer 127\nTension de la demandelocative sociale0-3,1I 3,1-47E 47 -8ME 8-11,2n/dSource : Manche Habitat, 2023R\u00e9alisation : NovaScopia, 2024\nUne tension plus forte sur certaines communes\n24\nNombre de \ndemandes en 2022\nNombre \nd'attributions \nen 2022 \nBr\u00e9hal 101 9\nBr\u00e9ville-sur-Mer 1 0\nBricqueville-sur-Mer 3 1\nCarolles 1 0\nC\u00e9rences 49 9\nCoudeville-sur-Mer 3 0\nDonville-les-Bains 126 27\nFolligny 7 0\nGranville 661 83\nHudimesnil 3 0\nJullouville 24 2\nLa Haye Pesnel 54 5\nLa Lucerne d'Outremer 10 1\nLongueville 3 0\nSaint-Aubin des Pr\u00e9aux 1 0\nSaint-Jean-des-Champs 3 1\nSaint-Pair-sur-Mer 101 34\nSaint-Pierre-Langers 1 0\nSaint-Planchers 3 0\nYquelon 17 0\nTotal g\u00e9n\u00e9ral 1172 172\nSource : Manche Habitat, 2023\nTaux de tension \u00e0 \nl'\u00e9chelle de GTM \nen 2022 : 6,8 \ndemandes pour 1 \nattribution \n\u2022 Une tension plus ou moins forte selon les\ncommunes mais qui est g\u00e9n\u00e9ralis\u00e9e\nElaboration du Document Cadre d'Orientations\nTension de la demande locative sociale \nsur le territoire en 2023 \nDirection d\u00e9partementale des territoires et de la mer - 50-2025-09-09-00006 - Arr\u00eat\u00e9 portant approbation du document-cadre fixant\nles orientations d'attribution des logements sociaux de la Communaut\u00e9 de Communes Granville Terre et Mer 128\nQui se traduit par une vacance et une mobilit\u00e9 \ntr\u00e8s faible\n25\n1,17%\n1,45%\n0,71%\n1,17%\n1,52%\n1,15% 1,04%\n0,49% 0,59%\n0,31%\n0,00%\n0,50%\n1,00%\n1,50%\n2,00%\n2013 2014 2015 2016 2017 2018 2019 2020 2021 2022\nEvolution des logements sociaux vacants depuis \nplus de 3 mois\n(Source : RPLS 2022)\n8,81%\n9,82%\n9,46%\n8,67%\n9,49%\n9,59%\n9,49%\n7,56%\n7,02%\n7,63%\n6,00%\n7,00%\n8,00%\n9,00%\n10,00%\n2013 2014 2015 2016 2017 2018 2019 2020 2021 2022\nEvolution du taux de mobilit\u00e9 depuis 2013 \n(Source : RPLS 2022)Le taux de mobilit\u00e9 (nombre de logements sociaux qui se\nlib\u00e8rent rapport\u00e9 au parc total de logements locatifs sociaux)\nest peu \u00e9lev\u00e9 et a diminu\u00e9 : il est pass\u00e9 de 8,81% en 2013 \u00e0\n7,63% en 2022.\nLa proportion de logements locatifs sociaux vacants depuis\nplus de 3 mois (0,3%) est particuli\u00e8rement faible et a\nnettement baiss\u00e9 depuis 2013 (1,17%).\n28 logements sociaux vacants sur Granville Terre\net Mer au 1er janvier 2022\n1,2% de l'ensemble des logements\nlocatifs sociaux=\n0,31% logements sociaux vacants depuis plus de 3 mois\nCes deux indicateurs (vacance et mobilit\u00e9) t\u00e9moignent\nde la tension globale sur le march\u00e9 local de l'habitat et\nqui a des impacts sur le parc locatif social.\nLe faible taux de mobilit\u00e9 montre que les parcours\nr\u00e9sidentiels sont limit\u00e9s au sein du parc locatif social, ils\nsont \u00ab gripp\u00e9s \u00bb.\nElaboration du Document Cadre d'Orientations\nDirection d\u00e9partementale des territoires et de la mer - 50-2025-09-09-00006 - Arr\u00eat\u00e9 portant approbation du document-cadre fixant\nles orientations d'attribution des logements sociaux de la Communaut\u00e9 de Communes Granville Terre et Mer 129\nUne tension plus forte pour certains profils de \ndemandeurs / de demandes \n26\n13\n107 99\n195 203 207\n116\n97\n128\nn/d18 12\n37 41 35\n12 n/d 11 n/d\n6,5 5,9\n8,3\n5,3 5,0 5,9\n9,7\n48,5\n11,6\n3,5\n0,0\n10,0\n20,0\n30,0\n40,0\n50,0\n60,0\n50\n100\n150\n200\n250\n< 20 ans 20-24 ans 25-29 ans 30-39 ans 40-49 ans 50-59 ans 60-64 ans 65-70 ans 70 ans et + Association\nTension de la demande selon l'\u00e2ge du demandeur en 2022 (Source : Manche Habitat, \n2023) \nElaboration du Document Cadre d'Orientations\nDirection d\u00e9partementale des territoires et de la mer - 50-2025-09-09-00006 - Arr\u00eat\u00e9 portant approbation du document-cadre fixant\nles orientations d'attribution des logements sociaux de la Communaut\u00e9 de Communes Granville Terre et Mer 130\nq D\nE FELLL\nUne tension plus forte pour les T1, T2 et T5 \n(notamment en individuel)\n27\n0%\n51%\n33%\n18% 7% 5%\n23%22%\n9%\n16% 39% 61% 73% 33%\n78%\n40% 51% 43% 32% 22%\n43%\n0%\n20%\n40%\n60%\n80%\n100%\nT0 T1 T2 T3 T4 T5+ Total\nPart des demandeurs par type de logement souhait\u00e9 \nen 2022 (Source : Manche Habitat, 2023)\nCollectif Individuel Indiff\u00e9rent\n\u2022 Globalement, on observe que plus de 30% de demandes\nconcernent des logements individuels, et 23% des\nlogements collectifs.\n\u2022 On note tout de m\u00eame que 43% sont \u00ab indiff\u00e9rents \u00bb\nquant au type de logement souhait\u00e9.\n\u2022 Les T2 et T3 sont les logements les plus demand\u00e9s sur le\nterritoire avec respectivement 35% et 37% de demandeurs\nen 2022. Les grands logements repr\u00e9sentent 20% du total\ndes demandeurs\n82\n413 429\n195\n41n/d 29\n71 64\nn/d\n27,3\n14,2\n6,0\n3,0\n8,2\n0,0\n5,0\n10,0\n15,0\n20,0\n25,0\n30,0\n100\n200\n300\n400\n500\nT1 T2 T3 T4 T5+\nTension de la demande selon le type de logement \nrecherch\u00e9 en 2022 (Source : Manche Habitat, 2023)\nDemandes Attributions tension\n\u2022 La tension de la demande pour les T1 est 9 fois plus\nimportante que pour les T4 (27,3 contre 3). Ceci\ns'explique notamment par la forte demande pour ces petits\nlogements mais \u00e9galement par le faible nombre\nd'attributions et in fine de logements existants dans ce\nsegment.\nElaboration du Document Cadre d'Orientations\nDirection d\u00e9partementale des territoires et de la mer - 50-2025-09-09-00006 - Arr\u00eat\u00e9 portant approbation du document-cadre fixant\nles orientations d'attribution des logements sociaux de la Communaut\u00e9 de Communes Granville Terre et Mer 131\nLe profil de demandes / demandeurs les \nmoins bien satisfaits\n28\nDes profils de demandeurs/ \nde demandes \u00ab mieux \nsatisfaits \u00bb\no Les demandeurs du parc \npriv\u00e9\no Les couples avec enfants et \nles familles monoparentales\no T4 et T5 et +\no M\u00e9nages avec des revenus \ninf\u00e9rieurs aux plafonds PLUS\nDes profils de demandeurs / de demandes \n\u00ab moins bien satisfaits \u00bb\no Les demandeurs d\u00e9j\u00e0 dans le parc social\no Les personnes seules / couples sans enfant\no Du T1 au T3\no M\u00e9nages avec des revenus sup\u00e9rieurs aux \nplafonds PLUS\no Les 25-29 ans et ceux de 65-69 ans\no Certains motifs : rapprochement familial, \nlogement \u00e9loign\u00e9 du lieu de travail, \u00e9loign\u00e9 des \n\u00e9quipements et des services, non d\u00e9cent, \ninadapt\u00e9 au handicap ou \u00e0 la perte \nd'autonomie\u2026\nElaboration du Document Cadre d'Orientations\nDirection d\u00e9partementale des territoires et de la mer - 50-2025-09-09-00006 - Arr\u00eat\u00e9 portant approbation du document-cadre fixant\nles orientations d'attribution des logements sociaux de la Communaut\u00e9 de Communes Granville Terre et Mer 132\n(Source : Services de l'Etat)\nUn taux proche de l'objectif de 25% de \ndemandeurs du 1er quartile dans les attributions\n29\nA l'\u00e9chelle de Granville Terre et Mer, l'objectif de 25% de demandeurs du 1er quartile dans les attributions de logement est\npresque atteint : 22,09% en 2022.\nOn observe une forte augmentation entre 2021 et 2022 : +5,4 points de pourcentage en un an. L'objectif est donc de\npoursuivre cet effort sur les ann\u00e9es \u00e0 venir afin de d'atteindre les 25% impos\u00e9s.\nSi l'on compare ce taux \u00e0 l'\u00e9chelle r\u00e9gional, on constate dans la CC de GTM fait mieux que d'autres collectivit\u00e9s qui ont\nun retard significatif (12,7% ou 9,8% pour d'autres territoires).\n19,1%\n23,3% 24,3% 23,9%\n16,7%\n22,1%\n0,0%\n5,0%\n10,0%\n15,0%\n20,0%\n25,0%\n30,0%\n2017 2018 2019 2020 2021 2022\nTaux d'attributions pour des demandeurs du 1er quartile (Source : Services de l'Etat)\nElaboration du Document Cadre d'Orientations\nDirection d\u00e9partementale des territoires et de la mer - 50-2025-09-09-00006 - Arr\u00eat\u00e9 portant approbation du document-cadre fixant\nles orientations d'attribution des logements sociaux de la Communaut\u00e9 de Communes Granville Terre et Mer 133\n30\n2. SYNTHESE DU DIAGNOSTIC ET DES \nENJEUX\nLes enjeux\nElaboration du Document Cadre d'Orientations\nDirection d\u00e9partementale des territoires et de la mer - 50-2025-09-09-00006 - Arr\u00eat\u00e9 portant approbation du document-cadre fixant\nles orientations d'attribution des logements sociaux de la Communaut\u00e9 de Communes Granville Terre et Mer 134\nEnjeux\n31\n1. D\u00e9velopper l'offre locative sociale pour faire baisser la tension, en mettant notamment l'accent sur les\nsegments manquants : logements adapt\u00e9s pour les seniors, petits logements\u2026\n2. Contribuer au r\u00e9\u00e9quilibrage territorial de l'offre.\n3. Mobiliser le logement locatif social comme un levier pour fid\u00e9liser et attirer des actifs (familles, jeunes\u2026) sur le\nterritoire :\no Des profils correspondant \u00e0 la structure du parc (T3 et T4).\no \u00ab Enrayer \u00bb la pr\u00e9carisation des emm\u00e9nag\u00e9s r\u00e9cents.\n4. Travailler collectivement sur la r\u00e9ponse aux demandes de mutation.\n5. Mettre en place une veille collective sur certains programmes / ensembles immobiliers.\n6. Mobiliser l'ensemble des leviers permettant d'atteindre le taux de 25% d'attributions pour des demandeurs du\n1er quartile.\n7. Attributions pour les publics prioritaires : v\u00e9rifier que les objectifs sont bien atteints et analyser la mani\u00e8re dont\nces attributions sont r\u00e9alis\u00e9es (notamment leur localisation).\n8. Conforter le r\u00f4le jou\u00e9 par les communes dans l'information et l'accueil des demandeurs, l'enregistrement de\nla demande et les attributions.\nElaboration du Document Cadre d'Orientations\nDirection d\u00e9partementale des territoires et de la mer - 50-2025-09-09-00006 - Arr\u00eat\u00e9 portant approbation du document-cadre fixant\nles orientations d'attribution des logements sociaux de la Communaut\u00e9 de Communes Granville Terre et Mer 135\n32\n3. LES ORIENTATIONS STRATEGIQUES\nElaboration du Document Cadre d'Orientations\nDirection d\u00e9partementale des territoires et de la mer - 50-2025-09-09-00006 - Arr\u00eat\u00e9 portant approbation du document-cadre fixant\nles orientations d'attribution des logements sociaux de la Communaut\u00e9 de Communes Granville Terre et Mer 136\n33\nCondition de r\u00e9ussite : assurer le pilotage, le suivi et la mise en \u0153uvre de la \npolitique d'attribution des logements locatifs sociaux\n4 orientations-cadres pour r\u00e9pondre aux \nenjeux\nElaboration du Document Cadre d'Orientations\nOrientation n\u00b01 : \nR\u00e9duire la tension sur le parc locatif social\nOrientation n\u00b02 : \nMieux r\u00e9pondre aux demandes les moins bien satisfaites\nOrientation n\u00b03 : \nGarantir la mixit\u00e9 sociale aux diff\u00e9rentes \u00e9chelles\nOrientation n\u00b04 : \nProposer une offre de services efficiente et de qualit\u00e9 pour les \ndemandeurs de logement social\nDirection d\u00e9partementale des territoires et de la mer - 50-2025-09-09-00006 - Arr\u00eat\u00e9 portant approbation du document-cadre fixant\nles orientations d'attribution des logements sociaux de la Communaut\u00e9 de Communes Granville Terre et Mer 137\n34\nPOURQUOI ?\nA l'\u00e9chelle de GTM, la tension sur le parc locatif social a fortement progress\u00e9, passant de 3,6 demandes\npour 1 attribution en 2018 \u00e0 8,7 en 2023.\nCette progression est li\u00e9e \u00e0 la combinaison de deux ph\u00e9nom\u00e8nes :\n\u2022 Une augmentation significative de la demande. Les m\u00e9nages rencontrent des difficult\u00e9s croissantes\npour se loger dans le parc priv\u00e9, du fait des niveaux de prix / loyers et de la concurrence entre les\nr\u00e9sidences principales et les meubl\u00e9s touristiques et s'orientent de fait vers le parc locatif social.\n\u2022 Un faible volume d'attributions : le taux de rotation dans le parc est faible et la production de\nlogements locatifs sociaux a \u00e9t\u00e9 quantitativement limit\u00e9 ces derni\u00e8res ann\u00e9es.\nCette forte tension t\u00e9moigne des difficult\u00e9s que rencontrent les habitants du territoire pour acc\u00e9der \u00e0 un\nlogement sur le territoire.\nORIENTATION\nR\u00e9duire la tension sur le parc locatif social \nOrientation 1 : r\u00e9duire la tension sur le parc locatif \nsocial\nElaboration du Document Cadre d'Orientations\nLes actions pr\u00e9vues pour mettre en \u0153uvre cette orientation seront pr\u00e9cis\u00e9es dans la Convention \nIntercommunale d'Attribution et le Plan Partenarial de Gestion de la Demande.\nDirection d\u00e9partementale des territoires et de la mer - 50-2025-09-09-00006 - Arr\u00eat\u00e9 portant approbation du document-cadre fixant\nles orientations d'attribution des logements sociaux de la Communaut\u00e9 de Communes Granville Terre et Mer 138\n@:\n3\n35\nPOURQUOI ?\nLa tension (nombre de demandes pour 1 attribution) est globalement \u00e9lev\u00e9e \u00e0 l'\u00e9chelle de GTM. Elle l'est encore\ndavantage pour certains profils de demandeurs / de demandes :\no Les demandes de mutations : la pression est de 8,6 demandes pour 1 attribution en 2022. Dans le contexte\nactuel (forte tension), la priorit\u00e9 est donn\u00e9e aux m\u00e9nages les plus en difficult\u00e9, en particulier ceux qui sont\nd\u00e9pourvues de logement, h\u00e9berg\u00e9s ou mal log\u00e9s dans le parc priv\u00e9.\no Les personnes seules (9,8 demandes pour 1 attribution en 2022) et les couples sans enfant (9,6 en 2022).\no Les demandes pour les petites typologies : les T1 (27,3 demandes pour 1 attribution en 2022) et les T2 (12,2 en\n2022).\no Certains motifs de demande sont \u00e9galement moins bien satisfaits comme le rapprochement familial (20,5), le\nlogement \u00e9loign\u00e9 du lieu de travail (17,3), un logement \u00e9loign\u00e9 des \u00e9quipements et des services (15,5), un\nlogement non d\u00e9cent (11,1), ou encore un logement inadapt\u00e9 au handicap ou \u00e0 la perte d'autonomie (11,1)\u2026\nAttention : il convient de consid\u00e9rer avec prudence ces motifs dans la mesure o\u00f9 ils sont d\u00e9claratifs.\nOrientation 2 : mieux r\u00e9pondre aux demandes les \nmoins bien satisfaites\nElaboration du Document Cadre d'Orientations\nORIENTATION\nAm\u00e9liorer la r\u00e9ponse aux demandes les moins bien satisfaites\nDirection d\u00e9partementale des territoires et de la mer - 50-2025-09-09-00006 - Arr\u00eat\u00e9 portant approbation du document-cadre fixant\nles orientations d'attribution des logements sociaux de la Communaut\u00e9 de Communes Granville Terre et Mer 139\n36\nPOURQUOI ?\nLe parc locatif social du territoire joue son r\u00f4le d'accueil des populations modestes : 36% des locataires ont des\nressources inf\u00e9rieures \u00e0 40% des plafonds HLM. Selon les acteurs, la mixit\u00e9 est relativement pr\u00e9serv\u00e9e dans le parc locatif\nsocial, il n'existe pas de d\u00e9s\u00e9quilibres pr\u00e9occupants en mati\u00e8re d'occupation. Pour autant, il conviendra de veiller\ncollectivement \u00e0 ce que cette situation se p\u00e9rennise, sachant que certaines \u00e9volutions et / ou constats posent question :\n\u2022 Les emm\u00e9nag\u00e9s r\u00e9cents dans le parc locatif social ont une situation financi\u00e8re plus pr\u00e9caire que celle des\nlocataires actuels : 46% d'entre eux ont des ressources inf\u00e9rieures \u00e0 40% des plafonds HLM. La pr\u00e9carisation des\nemm\u00e9nag\u00e9s r\u00e9cents est \u00e9galement observable dans d'autres territoires mais dans des proportions moindres. Si la\ntendance se poursuit, le parc locatif social pourrait de sp\u00e9cialiser dans l'accueil des publics tr\u00e8s pr\u00e9caires et ainsi\n\u00ab perdre en mixit\u00e9 \u00bb. Il s'agira notamment de concilier deux enjeux / objectifs : mettre en \u0153uvre les objectifs\nd'attribution pour les demandeurs du 1er quartile et pour les publics prioritaires (ce qui suppose d'adapter le parc\ndans ce sens) tout en pr\u00e9servant la mixit\u00e9 sociale.\n\u2022 53% des demandeurs sont des personnes seules. Ce constat est \u00e0 mettre en lien avec le profil des habitants du\nterritoire. Pour autant, les familles et les actifs rencontrent des difficult\u00e9s pour se loger. L'accueil d'un plus grand\nnombre de ces profils dans le parc social contribuerait \u00e0 en diversifier son occupation et est en ad\u00e9quation avec\nla structure actuelle de l'offre (T3 et T4). Ce qui suppose que ces publics s'orientent davantage vers le logement\nsocial.\n\u2022 Les donn\u00e9es et les retours des communes ont mis en \u00e9vidence quelques secteurs et / ou r\u00e9sidences pour lesquels\nune veille sera \u00e0 conduire collectivement, notamment le quartier Saint-Nicolas \u00e0 Granville mais plus aussi plus\nponctuellement dans d'autres communes.\nOrientation 3 : garantir la mixit\u00e9 sociale aux \ndiff\u00e9rentes \u00e9chelles\nElaboration du Document Cadre d'Orientations\nORIENTATION\nGarantir la mixit\u00e9 sociale aux diff\u00e9rentes \u00e9chelles (communes, quartiers, r\u00e9sidences\u2026) : mettre en \u0153uvre les \nobjectifs r\u00e9glementaires d'attribution et diversifier le profil des demandeurs et des attributaires.\nDirection d\u00e9partementale des territoires et de la mer - 50-2025-09-09-00006 - Arr\u00eat\u00e9 portant approbation du document-cadre fixant\nles orientations d'attribution des logements sociaux de la Communaut\u00e9 de Communes Granville Terre et Mer 140\n____________________________________________\n37\nPOURQUOI ?\nDes acquis :\n\u2022 Des communes (Granville, Donville, Yquelon, Saint-Pair, Br\u00e9hal, C\u00e9rences\u2026.) tr\u00e8s impliqu\u00e9es dans l'accueil et l'information\ndes demandeurs, l'enregistrement de la demande ; une utilisation d'Imhoweb par ces communes\n\u2022 Des outils mis en place : liste des logements par quartier remise aux demandeurs \u00e0 Granville, formations de Manche\nHabitat aupr\u00e8s des communes sur Imhoweb\u2026\n\u2022 Un maillage actuel satisfaisant des guichets d'enregistrement des communes\nMais des marges de progr\u00e8s et / ou des questions :\n\u2022 Faire en sorte que les communes disposant de peu ou pas de parc locatif social ait la capacit\u00e9 de fournir des 1\u00e8res\ninformations g\u00e9n\u00e9rales aux usagers et les orienter vers d'autres acteurs ressources ?\n\u2022 Rendre plus lisible le \u00ab qui fait quoi \u00bb pour les habitants et les professionnels en contact avec ces derniers.\n\u2022 Un besoin d'outillage / de formation pour les communes pour :\n\u2022 Suivre et appliquer les \u00e9volutions r\u00e8glementaires\n\u2022 Mieux conna\u00eetre le parc locatif social sur les autres communes et ainsi aider les usagers \u00e0 \u00e9largir leur demande.\n\u2022 Fournir des donn\u00e9es permettant aux demandeurs de d\u00e9finir leur demande \u00ab en toute connaissance de cause \u00bb, par\nexemple le d\u00e9lai moyen d'attente\n\u2022 Faut-il conserver tous les guichets d'enregistrement existants, sachant que :\n\u2022 Certaines communes re\u00e7oivent tr\u00e8s rarement des demandeurs ; dans ce cas il est difficile pour les agents de\nconserver la capacit\u00e9 \u00e0 faire.\n\u2022 Il est complexe pour les agents de petites communes de disposer du temps n\u00e9cessaire pour suivre des formations.\nOrientation 4 : proposer une offre de services efficiente et de \nqualit\u00e9 pour les demandeurs de logement social\nElaboration du Document Cadre d'Orientations\nDirection d\u00e9partementale des territoires et de la mer - 50-2025-09-09-00006 - Arr\u00eat\u00e9 portant approbation du document-cadre fixant\nles orientations d'attribution des logements sociaux de la Communaut\u00e9 de Communes Granville Terre et Mer 141\n38Elaboration du Document Cadre d'Orientations\nORIENTATION\nProposer une offre de services efficiente et de qualit\u00e9 pour les demandeurs de logement social\n\u2022 Structurer un Service d'Information et d'Accueil du Demandeur (SIAD) sur le territoire visible et lisible pour les\nprofessionnels et les usagers\n\u2022 Permettant de bien comprendre le qui fait quoi, vers qui les usagers et les professionnels peuvent s'orienter en\nfonction de leurs besoins.\n\u2022 Garantissant une \u00e9quit\u00e9 dans l'acc\u00e8s \u00e0 l'information et l'accompagnement pour tous les habitants et usagers du\nterritoire\n\u2022 Harmoniser les pratiques concernant les informations d\u00e9livr\u00e9es, les pi\u00e8ces demand\u00e9es pour compl\u00e9ter les dossiers\u2026\n\u2022 Se mettre d'accord sur les informations \u00e0 d\u00e9livrer aux demandeurs pour que ces derniers puissent effectuer leur\ndemande \u00ab en toute connaissance de cause \u00bb\n\u2022 D\u00e9velopper un outillage commun pour am\u00e9liorer l'information des demandeurs et faciliter le travail des diff\u00e9rents\nacteurs : brochures\u2026\n\u2022 Former les acteurs du SIAD\nOrientation 4 : proposer une offre de services efficiente et de \nqualit\u00e9 pour les demandeurs de logement social\nDirection d\u00e9partementale des territoires et de la mer - 50-2025-09-09-00006 - Arr\u00eat\u00e9 portant approbation du document-cadre fixant\nles orientations d'attribution des logements sociaux de la Communaut\u00e9 de Communes Granville Terre et Mer 142\nTaux d'attributions pour des demandeurs du 1er quartile (Source :Services de l'Etat]30,0%\n25,0% 23,3% . 23,9%20,0% 22,1%19,1%15,0% 16,7%\n10,0%\n5,0%\n0.0%2017 2018 2019 2020 2021 2022\n25% des attributions dans100% des attributions du les autres contingents etcontingentpr\u00e9fectoral sur les logements non(25% des attributions) r\u00e9serv\u00e9s (horscontingent 5%fonctionnaires)\n42,5% des attributions pour des publics prioritaires\n39Elaboration du Document Cadre d'Orientations\nAu-del\u00e0 des orientations, des objectifs r\u00e9glementaires \u00e0 \nappliquer\n\u2022 25% des attributions (baux sign\u00e9s) sont \u00e0 r\u00e9aliser pour\ndes demandeurs du 1er quartile. Le taux a \u00e9t\u00e9\nquasiment atteint ces derni\u00e8res ann\u00e9es \u00e0 l'\u00e9chelle de\nGTM.\n\u2022 Les attributions pour les publics prioritaires, \u00e0\nsavoir les m\u00e9nages reconnus au titre du Droit au\nLogement Opposable (DALO) et les publics d\u00e9finis\ndans l'article L.441-1 du Code de la Construction et\nde l'Habitation.\nEn comptabilisant les attributions \u00e0 r\u00e9aliser au titre du\ncontingent pr\u00e9fectoral et les obligations qui concernent les\nautres r\u00e9servataires ainsi que les bailleurs sur leurs logements\nnon r\u00e9serv\u00e9s, environ 42,5% des attributions sont \u00e0 r\u00e9aliser au\nprofit des publics prioritaires.\nDepuis 2018, entre 2 et 5 m\u00e9nages par an ont \u00e9t\u00e9 reconnus au titre du\nDALO \u00e0 l'\u00e9chelle de GTM.\nEn 2023, Manche Habitat et la SA HLM Coutances Granville ont r\u00e9alis\u00e9\n70 attributions au b\u00e9n\u00e9fice des publics prioritaires \u00e0 l'\u00e9chelle de GTM,\nce qui repr\u00e9sente environ x% des attributions.\nDirection d\u00e9partementale des territoires et de la mer - 50-2025-09-09-00006 - Arr\u00eat\u00e9 portant approbation du document-cadre fixant\nles orientations d'attribution des logements sociaux de la Communaut\u00e9 de Communes Granville Terre et Mer 143\nPilotage politiqueet technique Conf\u00e9rence Intercommunale du Logement (CIL)\nComit\u00e9 techniqueDont au moins 1/an Comit\u00e9 de pilotageSuivi et \u00e9valuation prend la valeur d'uneCommission deCoordination de la CIA\nInstances Commissionop\u00e9rationnelles d'Attribution desbailleurs (CAL)Groupes de travail\nR \\\n40\nLe dispositif de gouvernance\ncomprend diff\u00e9rents niveaux :\n\uf0e0 Le pilotage politique et\ntechnique pris en charge par la\nCIL\n\uf0e0 Le suivi et l'\u00e9valuation pris en\ncharge par le comit\u00e9\ntechnique et le comit\u00e9 de\npilotage\n\uf0e0 Les instances op\u00e9rationnelles\npris en charge par les CAL et\nles groupes de travail mis en\nplace\nCondition de r\u00e9ussite : assurer le pilotage, le suivi et la mise en \n\u0153uvre de la politique d'attribution des logements locatifs sociaux\nElaboration du Document Cadre d'Orientations\nAfin de garantir une d\u00e9marche efficace, r\u00e9aliste, adapt\u00e9e aux sp\u00e9cificit\u00e9s du territoire et en capacit\u00e9 de s'adapter\nchemin faisant \u00e0 l'\u00e9volution du contexte r\u00e8glementaire et territorial, il convient de :\n\u2022 mettre en place un dispositif de gouvernance optimis\u00e9 : instances de de pilotage, de suivi et de mise en \u0153uvre\nop\u00e9rationnelle ;\n\u2022 \u00e9tablir des bilans annuels permettant de mesurer l'atteinte des objectifs ;\n\u2022 mettre en place un dispositif d'observation \u00e0 diff\u00e9rentes \u00e9chelles (intercommunale, communale, quartiers,\nr\u00e9sidences) de l'occupation du parc locatif social et des impacts des attributions.\n.\nDirection d\u00e9partementale des territoires et de la mer - 50-2025-09-09-00006 - Arr\u00eat\u00e9 portant approbation du document-cadre fixant\nles orientations d'attribution des logements sociaux de la Communaut\u00e9 de Communes Granville Terre et Mer 144\nDirection d\u00e9partementale des territoires et de la\nmer\n50-2025-09-10-00001\nArr\u00eat\u00e9 pr\u00e9fectoral 2025-DDTM-SE-158 du 10\nseptembre 2025 de prescriptions au titre de\nl'article L214-3 du code de l'environnement\nconcernant le projet d'\u00e9trepage de mares dans\nles marais du cap et de Saint-Hilaire-commune\nde Carentan les Marais\nDirection d\u00e9partementale des territoires et de la mer - 50-2025-09-10-00001 - Arr\u00eat\u00e9 pr\u00e9fectoral 2025-DDTM-SE-158 du 10 septembre\n2025 de prescriptions au titre de l'article L214-3 du code de l'environnement concernant le projet d'\u00e9trepage de mares dans les\nmarais du cap et de Saint-Hilaire-commune de Carentan les Marais\n145\nExPREFETDE LA MANCHELibert\u00e9Egalit\u00e9Fraternit\u00e9\nDirection\nd\u00e9partementale\ndes territoires et de la mer\nService Environnement\nUnit\u00e9 Eaux et Milieux Aquatiques\nN\u00b02025-DDTM-SE-158\nARR\u00caT\u00c9 PR\u00c9FECTORAL DE PRESCRIPTIONS \nAU TITRE DE L'ARTICLE L 214-3 DU CODE DE L'ENVIRONNEMENT CONCERNANT\nLE PROJET D'ETREPAGE DE MARES DANS LES MARAIS DU CAP ET DE SAINT HILAIRE \u2013\nCOMMUNE DE CARENTAN LES MARAIS\nVU le code de l'environnement ; \nVU  l'arr\u00eat\u00e9  n\u00b02024-16-VN  du  4  juillet  2024  donnant  d\u00e9l\u00e9gation  de  signature  \u00e0  Monsieur\nGuillaume BARRON, directeur d\u00e9partemental des territoires et de la mer de la Manche ;\nVU  l'arr\u00eat\u00e9 n\u00b0 DDTM-DIR-2025-07 du 26 juin 2025 donnant subd\u00e9l\u00e9gation de signature de M.\nGuillaume BARRON \u00e0 Olivier Cattiaux, chef du service environnement ;\nVU le sch\u00e9ma directeur d'am\u00e9nagement et de gestion des eaux Seine Normandie 2022-2027 .\nVU le dossier de d\u00e9claration enregistr\u00e9 sous le n\u00b0 0100296309 correspondant au projet de\ntravaux d'\u00e9tr\u00e9page des sites du marais de Saint Hilaire et du marais du cap sur la commune de\nCarentan Les Marais.\nVU la r\u00e9ponse de M.Jean Marc Savigny, charg\u00e9 de mission du GON, en date du 10 septembre\n2025, \u00e0 la demande d'avis sur les prescriptions.\nCONSID\u00c9RANT que les travaux dans une zone humide sont soumis \u00e0 l'article R214-1 du code\nde l'environnement.\nSUR proposition de la secr\u00e9taire g\u00e9n\u00e9rale de la pr\u00e9fecture :\nDirection d\u00e9partementale des territoires et de la mer\n477 Boulevard de la Doll\u00e9e \u2013 BP 60 355 \u2013 50 015 Saint-L\u00f4 Cedex \u2013 T\u00e9l : 02 33 06 39 00 \u2013 Fax : 02 33 06 39 09\nSite internet : www.manche.gouv.fr \u2013 Horaires d'ouverture au public : 09h00-12h00 / 13h30-16h30\nDirection d\u00e9partementale des territoires et de la mer - 50-2025-09-10-00001 - Arr\u00eat\u00e9 pr\u00e9fectoral 2025-DDTM-SE-158 du 10 septembre\n2025 de prescriptions au titre de l'article L214-3 du code de l'environnement concernant le projet d'\u00e9trepage de mares dans les\nmarais du cap et de Saint-Hilaire-commune de Carentan les Marais\n146\nA R R \u00ca T E\nArticle 1 -     Objet de la d\u00e9claration\nLe Groupe Ornithologique Normand (GON), repr\u00e9sent\u00e9 par M. SAVIGNY Jean Marc, charg\u00e9 de\nmission, est autoris\u00e9 sous r\u00e9serve du respect des prescriptions \u00e9nonc\u00e9es aux articles suivants\n\u00e0 r\u00e9aliser des travaux d'\u00e9tr\u00e9page sur le site du marais du Cap sur la commune de Carentan Les\nMarais, dans les parcelles cadastr\u00e9es 348 F 640 et 485 B 178.\nCes travaux rentrent dans la nomenclature des op\u00e9rations soumises \u00e0 d\u00e9claration au titre de\nl'article L.  214-3 du code de l'environnement. La rubrique du tableau de l'article R. 214-1 du\ncode de l'environnement concern\u00e9e est la suivante :\nRubrique Intitul\u00e9 R\u00e9gime Arr\u00eat\u00e9s de prescriptions g\u00e9n\u00e9rales\ncorrespondant\n3.3.5.0. Travaux mentionn\u00e9s ci-apr\u00e8s ayant\nuniquement pour objet la restauration des\nfonctionnalit\u00e9s naturelles des milieux\naquatiques, y compris les ouvrages\nn\u00e9cessaires \u00e0 la r\u00e9alisation de cet objectif :\n2\u00b0 Autres travaux : \nb) Restauration de zones humides ou de\nmarais ; \nD Arr\u00eat\u00e9 du 30 juin 2020\nArticle 2 - Suivi pi\u00e9zom\u00e8trique\nUn suivi pi\u00e9zom\u00e8trique de la zone de travaux sera r\u00e9alis\u00e9 pendant 5 ans \u00e0 compter de la\nsignature de cet arr\u00eat\u00e9 et transmis au service en charge de la police de l'eau. \nArticle 3 - Suivi ornithologique\nL'\u00e9valuation  de  l'attractivit\u00e9  des  zones  \u00e9tr\u00e9p\u00e9es,  ciblant  le  Phragmite  aquatique,  sera\ntransmise au service en charge de la police de l'eau.  \nArticle 4 - Suivi des esp\u00e8ces v\u00e9g\u00e9tales\n- r\u00e9alisation d'un suivi des esp\u00e8ces v\u00e9g\u00e9tales d'int\u00e9r\u00eat patrimonial sur les zones restaur\u00e9es en \nann\u00e9e n+1, n+3, n+5, puis tous les 3 ans\n- r\u00e9alisation d'un suivi phytosociologique des v\u00e9g\u00e9tations restaur\u00e9es. Ce suivi est r\u00e9alis\u00e9 en \nann\u00e9e n+3 (le temps de laisser aux v\u00e9g\u00e9tations le temps de s'exprimer) puis tous les 5 ans.\nCes suivis sont transmis au service en charge de la police de l'eau.\nArticle 5 - Bilan des suivis\nSi les r\u00e9sultats ne sont pas satisfaisants, les modalit\u00e9s de gestion devront \u00eatre revues.\nDirection d\u00e9partementale des territoires et de la mer\n477 Boulevard de la Doll\u00e9e \u2013 BP 60 355 \u2013 50 015 Saint-L\u00f4 Cedex \u2013 T\u00e9l : 02 33 06 39 00 \u2013 Fax : 02 33 06 39 09\nSite internet : www.manche.gouv.fr \u2013 Horaires d'ouverture au public : 09h00-12h00 / 13h30-16h30\nDirection d\u00e9partementale des territoires et de la mer - 50-2025-09-10-00001 - Arr\u00eat\u00e9 pr\u00e9fectoral 2025-DDTM-SE-158 du 10 septembre\n2025 de prescriptions au titre de l'article L214-3 du code de l'environnement concernant le projet d'\u00e9trepage de mares dans les\nmarais du cap et de Saint-Hilaire-commune de Carentan les Marais\n147\nArticle 6 - Droits des tiers\nLes droits des tiers sont et demeurent express\u00e9ment r\u00e9serv\u00e9s.\nArticle 7 - Autres r\u00e9glementations\nLa pr\u00e9sente autorisation ne dispense en aucun cas le demandeur de faire les d\u00e9clarations ou\nd'obtenir les autorisations requises par d'autres r\u00e9glementations.\nArticle 8 - Publicit\u00e9 et informations des tiers\nLe pr\u00e9sent arr\u00eat\u00e9 est publi\u00e9 au recueil des actes administratifs de la pr\u00e9fecture de la Manche\net est consultable sur le site de la pr\u00e9fecture de la Manche. Une copie dudit arr\u00eat\u00e9 est\nd\u00e9pos\u00e9e  en  mairie  de  Carentan  les  Marais  pour  mise  \u00e0  disposition  de  toute  personne\nint\u00e9ress\u00e9e. Elle est affich\u00e9e dans cette commune pendant une dur\u00e9e minimale d'un mois. \nArticle 9 - D\u00e9lais et voies de recours\nLe  pr\u00e9sent  arr\u00eat\u00e9  peut  faire  l'objet  d'un  recours  \u00e0  compter  de  sa  publication  par  le\npermissionnaire dans un d\u00e9lai de deux mois et par les tiers, personnes physiques ou morales\ndans un d\u00e9lai d'un an devant la juridiction administrative. Toutefois, si le d\u00e9but des travaux\nn'est pas intervenue six mois apr\u00e8s la publication ou l'affichage de ces d\u00e9cisions, le d\u00e9lai de\nrecours continue \u00e0 courir jusqu'\u00e0 l'expiration d'une p\u00e9riode de six mois apr\u00e8s ce d\u00e9but des\ntravaux.\nArticle 10 - Execution\nLa  secr\u00e9taire  g\u00e9n\u00e9rale  de  la  pr\u00e9fecture  de  la  Manche,  le  sous-pr\u00e9fet  de  Cherbourg  En\nCotentin,  le  directeur  d\u00e9partemental  des  territoires  et  de  la  mer,  la  pr\u00e9sidente  de  la\ncommunaut\u00e9 d'agglom\u00e9ration Le Cotentin sont charg\u00e9s chacun en ce qui le concerne de\nl'ex\u00e9cution du pr\u00e9sent arr\u00eat\u00e9.\nSAINT LO, le 10 septembre 2025\nSign\u00e9\nPour le Pr\u00e9fet de la Manche,\nEt par d\u00e9l\u00e9gation,\nPour le Directeur D\u00e9partemental des Territoires et de la Mer,\nLe Chef du Service Environnement,\nOlivier CATTIAUX\nDirection d\u00e9partementale des territoires et de la mer\n477 Boulevard de la Doll\u00e9e \u2013 BP 60 355 \u2013 50 015 Saint-L\u00f4 Cedex \u2013 T\u00e9l : 02 33 06 39 00 \u2013 Fax : 02 33 06 39 09\nSite internet : www.manche.gouv.fr \u2013 Horaires d'ouverture au public : 09h00-12h00 / 13h30-16h30\nDirection d\u00e9partementale des territoires et de la mer - 50-2025-09-10-00001 - Arr\u00eat\u00e9 pr\u00e9fectoral 2025-DDTM-SE-158 du 10 septembre\n2025 de prescriptions au titre de l'article L214-3 du code de l'environnement concernant le projet d'\u00e9trepage de mares dans les\nmarais du cap et de Saint-Hilaire-commune de Carentan les Marais\n148\nDirection des services d\u00e9partementaux de\nl'\u00e9ducation nationale\n50-2025-08-29-00004\nArr\u00eat\u00e9 autorisant la d\u00e9saffectation de biens\nimmeubles - Coll\u00e8ge de Saint-Vaast-la-Hougue\nDirection des services d\u00e9partementaux de l'\u00e9ducation nationale - 50-2025-08-29-00004 - Arr\u00eat\u00e9 autorisant la d\u00e9saffectation de biens\nimmeubles - Coll\u00e8ge de Saint-Vaast-la-Hougue 149\nENACADEMIEDE NORMANDIELibert\u00e9Egalit\u00e9Fraternit\u00e9\nDirection des services d\u00e9partementauxde l'\u00e9ducation nationalede la Manche\n \n \nDivision de l'enseignement scolaire \nDESCO \n \nA R R \u00ca T \u00c9 autorisant la d\u00e9saffectation de biens immeubles \n--------------- \nLe Pr\u00e9fet de la Manche, \nChevalier de la L\u00e9gion d'Honneur \nChevalier de l'Ordre National du M\u00e9rite \n \n \nVu le Code de l'\u00c9ducation, articles L213-2 et suivants, \n \nVu la loi n\u00b0 83-663 modifi\u00e9e du 22 juillet 1983, compl\u00e9tant la loi n\u00b0 83-8 du 7 janvier 1983 relative \u00e0 la r\u00e9partition \ndes comp\u00e9tences entre les communes, les d\u00e9partements, les r\u00e9gions et l'\u00c9tat, \n \nVu la circulaire interminist\u00e9rielle du 9 mai 1989 relative \u00e0 la d\u00e9saffectation des biens des \u00e9coles \u00e9l\u00e9mentaires, des \ncoll\u00e8ges, des lyc\u00e9es et des \u00e9tablissements d'\u00e9ducation sp\u00e9cialis\u00e9e, des \u00e9coles de la formation maritime et \naquacole et des \u00e9tablissements d'enseignement agricole vis\u00e9s \u00e0 l'article L 815-1 du code rural, \n \nVu l'arr\u00eat\u00e9 pr\u00e9fectoral 2023-69-VN du 21 ao\u00fbt 2023 po rtant d\u00e9l\u00e9gation de signat ure \u00e0 monsieur l'inspecteur \nd'acad\u00e9mie, directeur acad\u00e9mique des services de l'\u00e9ducation nationale de la Manche, \n \nVu la d\u00e9lib\u00e9ration de la commission permanente du conse il d\u00e9partemental de la Manche,  lors de sa s\u00e9ance du 6 \nf\u00e9vrier 2025, sollicitant la d\u00e9saffectation partielle de terrains du co ll\u00e8ge Guillaume FOUACE de SAINT-VAAST-LA-\nHOUGUE,  \n \nVu les d\u00e9lib\u00e9rations du conseil d'administration du coll\u00e8ge Guillaume FOUACE de  SAINT-VAAST-LA-HOUGUE du \n17 juin 2024 et du 23 mai 2025 \u00e9mettant un avis favorable sur le nouveau p\u00e9rim\u00e8tre de l'\u00e9tablissement, \n \n \n \nA R R \u00ca T E \n \n \nArticle 1\ner :  \nLa parcelle cadastr\u00e9e section AC 599, plus pr\u00e9cis \u00e9ment un ancien b\u00e2timent en limite de propri\u00e9t\u00e9 \nd'une surface de 200m2 ainsi qu'un ancien loge ment de fonction inoccup\u00e9 situ\u00e9 au rez-de-\nchauss\u00e9e du b\u00e2timent administration, est d\u00e9saffec t\u00e9e au profit du Conseil d\u00e9partemental de la \nManche, qui reprend l'ensemble des droits et obligations du propri\u00e9taire. \n \n \nArticle 2 : \nLa secr\u00e9taire g\u00e9n\u00e9rale de la direction des servic es d\u00e9partementaux de l'\u00e9ducation nationale de la \nManche et le pr\u00e9sident du conseil d\u00e9partemental de  la Manche sont charg\u00e9s, chacun en ce qui le \nconcerne, de l'ex\u00e9cution du pr\u00e9sent arr\u00eat\u00e9 dont mention sera ins\u00e9r\u00e9e au recueil des actes \nadministratifs de la pr\u00e9fecture de la Manche. \n \n \n Saint-L\u00f4, le 29/08/2025. \n \n Pour le pr\u00e9fet et par d\u00e9l\u00e9gation, \n l'inspecteur d'acad\u00e9mie, directeur acad\u00e9mique  \n des services de l'\u00e9ducation nationale de la Manche,  \n  \nSIGN\u00c9  \nSt\u00e9phane VAUTIER \n   \n \n \n \nDestinataires :  \n- Monsieur le pr\u00e9sident du conseil d\u00e9partemental ; Service foncier - Anne SINEL : service.foncier@manche.fr  \n- Monsieur le pr\u00e9fet ; Secr\u00e9tariat g\u00e9n\u00e9ral - Gabriel BAS-LECOURTOIS : gabriel.bas-lecourtois@manche.gouv.fr \nDirection des services d\u00e9partementaux de l'\u00e9ducation nationale - 50-2025-08-29-00004 - Arr\u00eat\u00e9 autorisant la d\u00e9saffectation de biens\nimmeubles - Coll\u00e8ge de Saint-Vaast-la-Hougue 150\nPr\u00e9fecture de la Manche\n50-2025-09-19-00005\n Arr\u00eat\u00e9 n\u00b0 61 autorisant l'utilisation temporaire\nen statut \u00ab cote ville \u00bb d'une partie \u00ab cote piste \u00bb\nde l'a\u00e9rodrome de Cherbourg Maupertus\nPr\u00e9fecture de la Manche - 50-2025-09-19-00005 -  Arr\u00eat\u00e9 n\u00b0 61 autorisant l'utilisation temporaire en statut \u00ab cote ville \u00bb d'une partie \u00ab\ncote piste \u00bb de l'a\u00e9rodrome de Cherbourg Maupertus 151\nExPREFETDE LA MANCHELibert\u00e9Egalit\u00e9Fraternit\u00e9\nCABINET DU PREFET\nService Interminist\u00e9riel \nde D\u00e9fense et Protection Civiles \nARR\u00caT\u00c9 N\u00b0 61 AUTORISANT L'UTILISATION TEMPORAIRE \nEN STATUT  \u00ab\u00a0COTE VILLE\u00a0\u00bb D'UNE PARTIE \u00ab\u00a0COTE PISTE\u00a0\u00bb \nDE L'A\u00c9RODROME DE CHERBOURG MAUPERTUS\nLe pr\u00e9fet de la Manche\nChevalier de la L\u00e9gion d'Honneur\nChevalier de l'Ordre National du M\u00e9rite\nVU le code de l'aviation civile\u00a0; \nVU le code g\u00e9n\u00e9ral des collectivit\u00e9s territoriales\u00a0;\nVU  la  demande  de  l'exploitant  de  l'a\u00e9rodrome  EDEIS  A\u00e9roport  Cherbourg  sollicitant  le \nd\u00e9classement  temporaire  d'une  partie  du  c\u00f4t\u00e9  piste  de  l'a\u00e9rodrome  de  CHERBOURG \nMAUPERTUS pendant la phase de travaux d'un hangar a\u00e9ronautique ; \nVU l'avis du\u00a0directeur de la s\u00e9curit\u00e9 de l'Aviation civile Ouest\u00a0;\nCONSID\u00c9RANT que pour le d\u00e9roulement des travaux au sein de l'a\u00e9rodrome, il y a lieu de  \nmodifier le p\u00e9rim\u00e8tre de la zone de s\u00fbret\u00e9 de l'a\u00e9rodrome de CHERBOURG MAUPERTUS\u00a0; \nARRETE\nARTICLE 1er\u00a0\n: L'utilisation temporaire en statut \u00ab \u00a0c\u00f4t\u00e9 ville\u00a0\u00bb d'une partie du \u00ab \u00a0c\u00f4t\u00e9 piste\u00a0\u00bb de \nl'a\u00e9rodrome de CHERBOURG MAUPERTUS est autoris\u00e9e afin de permettre la construction  \nd'un hangar a\u00e9ronautique du 22 septembre au 31 d\u00e9cembre 2025.\nL'exploitant  de  l'a\u00e9rodrome  EDEIS  A\u00e9roport  Cherbourg  CHERBOURG  MAUPERTUS  \npositionnera des barri\u00e8res de chantier mobiles jointives d\u00e9limitant la zone \u00ab \u00a0c\u00f4t\u00e9 ville\u00a0\u00bb de la \nzone \u00ab\u00a0c\u00f4t\u00e9 piste\u00a0\u00bb et sera responsable du respect de l'\u00e9tanch\u00e9it\u00e9 de la zone.\nARTICLE 2 \u00a0:  Cette modification temporaire est r\u00e9alis\u00e9e conform\u00e9ment aux plans joints en  \nannexe 1 du pr\u00e9sent arr\u00eat\u00e9.\nPr\u00e9fecture de la Manche \u2013 BP 70522 \u2013 50002 SAINT-L\u00d4 \u2013 T\u00e9l. : 02.33.75.49.50 \u2013 M\u00e9l. : prefecture@manche.gouv.fr\nAccueil du public les lundi, mardi, jeudi et vendredi : \n- Bureau des migrations et de l'int\u00e9gration : uniquement sur rendez-vous\n- point accueil num\u00e9rique de 8h30 \u00e0 12h30 : uniquement sur rendez-vous\nAccueil g\u00e9n\u00e9ral ouvert du lundi au vendredi de 8h30 \u00e0 12h30 et de 14h00 \u00e0 17h00\nPr\u00e9fecture de la Manche - 50-2025-09-19-00005 -  Arr\u00eat\u00e9 n\u00b0 61 autorisant l'utilisation temporaire en statut \u00ab cote ville \u00bb d'une partie \u00ab\ncote piste \u00bb de l'a\u00e9rodrome de Cherbourg Maupertus 152\nARTICLE 3 \u00a0: Les mesures de s\u00fbret\u00e9 mentionn\u00e9es en annexe 2 seront mises en \u0153uvre par  \nl'exploitant de l'a\u00e9rodrome EDEIS A\u00e9roport Cherbourg CHERBOURG MAUPERTUS.\nARTICLE 4\u00a0: Le directeur de cabinet de la pr\u00e9fecture de la Manche, l'exploitant de l'a\u00e9rodrome \nEDEIS  A\u00e9roport  Cherbourg  CHERBOURG  MAUPERTUS  sont  charg\u00e9s,  chacun  en  ce  qui  le \nconcerne, de l'application du pr\u00e9sent arr\u00eat\u00e9 qui sera publi\u00e9 au recueil des actes administratifs \nde la pr\u00e9fecture de la Manche.\nFait \u00e0 Saint-L\u00f4, le\u00a0 19/09/2025\nPour Le Pr\u00e9fet, \nLe Directeur de cabinet\nSign\u00e9\nFran\u00e7ois LE VERGER\nLe pr\u00e9sent arr\u00eat\u00e9 peut faire l'objet d'un recours contentieux devant le tribunal administratif de Caen dans un d\u00e9lai de deux mois \u00e0  \ncompter de sa publication.\nPr\u00e9fecture de la Manche - 50-2025-09-19-00005 -  Arr\u00eat\u00e9 n\u00b0 61 autorisant l'utilisation temporaire en statut \u00ab cote ville \u00bb d'une partie \u00ab\ncote piste \u00bb de l'a\u00e9rodrome de Cherbourg Maupertus 153\nPiste d'envol 2440m x 45m\nii , S\\ (\nt 10 .jn\nECHELLE\nu7\nKemxeL\nHangaravions\nANNEXE 1 \u2013  A L'ARR\u00caT\u00c9 N\u00b0  61 du 19 SEPTEMBRE 2025\nAUTORISANT L'UTILISATION TEMPORAIRE EN STATUT \u00ab\u00a0C\u00d4T\u00c9 PISTE VILLE\u00a0\u00bb \nD'UNE PARTIE DU \u00ab\u00a0C\u00d4T\u00c9 PISTE\u00a0\u00bb DE L'A\u00c9RODROME DE CHERBOURG-MAUPERTUS\nPOUR TRAVAUX\nCONFIGURATION STANDARD SUR L'A\u00c9RODROME DE CHERBOURG-MAUPERTUS\nPour le Pr\u00e9fet,\nLe Directeur de Cabinet\nSign\u00e9\nFran\u00e7ois LE VERGER\nPr\u00e9fecture de la Manche - 50-2025-09-19-00005 -  Arr\u00eat\u00e9 n\u00b0 61 autorisant l'utilisation temporaire en statut \u00ab cote ville \u00bb d'une partie \u00ab\ncote piste \u00bb de l'a\u00e9rodrome de Cherbourg Maupertus 154\nA..COTE VILLE\nBarri\u00e8res dethantier\nCOTE VILLEpas d'acc\u00e8s depr\u00e9vu vers lecot\u00e9 piste\nCONFIGURATION SUR L'A\u00c9RODROME DE CHERBOURG-MAUPERTUS\nAVANT ET APRES DECLASSEMENT\nPour le Pr\u00e9fet,\nLe Directeur de Cabinet\nSign\u00e9\nFran\u00e7ois LE VERGER\n Pour le Pr\u00e9fet,\nLe Directeur de Cabinet\nFran\u00e7ois LE VERGER\nPour le Pr\u00e9fet,\nLe Directeur de Cabinet\nFran\u00e7ois LE VERGER\nPr\u00e9fecture de la Manche - 50-2025-09-19-00005 -  Arr\u00eat\u00e9 n\u00b0 61 autorisant l'utilisation temporaire en statut \u00ab cote ville \u00bb d'une partie \u00ab\ncote piste \u00bb de l'a\u00e9rodrome de Cherbourg Maupertus 155\nse - Etat projet\u00e9 - \u00e9chelle 1/20 000 so\nzone de statlonnement avlonsInchang\u00e9e\nAlre enrob\u00e9e exIstante\nzone de stationnement avionsInchang\u00e9e @Alre enrob\u00e9e existanteacc\u00e8s aub\u00e2tIment existantc\u00e8s auAbaxl exlstant\nAlre enrob\u00e9e \u00e0 cr\u00e9eracc\u00e8sau \u2014 environ 720m?b\u00e2timent \u00e0 cr\u00e9er | axccordements dedi:Bant\nCONFIGURATION DE LA ZONE DE TRAVAUX\nDE L'A\u00c9RODROME DE CHERBOURG-MAUPERTUS\nPour le Pr\u00e9fet,\nLe Directeur de Cabinet\nSign\u00e9\nFran\u00e7ois LE VERGER\nPr\u00e9fecture de la Manche - 50-2025-09-19-00005 -  Arr\u00eat\u00e9 n\u00b0 61 autorisant l'utilisation temporaire en statut \u00ab cote ville \u00bb d'une partie \u00ab\ncote piste \u00bb de l'a\u00e9rodrome de Cherbourg Maupertus 156\nANNEXE 2 A L'ARR\u00caT\u00c9 N\u00b0\u00a0 61 DU 19 SEPTEMBRE 2025\nAUTORISANT L'UTILISATION TEMPORAIRE EN STATUT \u00ab\u00a0C\u00d4T\u00c9 VILLE\u00a0\u00bb \nD'UNE PARTIE DU \u00ab\u00a0C\u00d4T\u00c9 PISTE\u00a0\u00bb DE L'A\u00c9RODROME DE CHERBOURG-MAUPERTUS\nPRESCRIPTIONS PARTICULI\u00c8RES\nL'exploitant s'engage \u00e0 assurer une surveillance permanente de la nouvelle limite temporaire entre  \nle \u00ab\u00a0c\u00f4t\u00e9 ville\u00a0\u00bb et le \u00ab\u00a0c\u00f4t\u00e9 piste\u00a0\u00bb pendant toute la dur\u00e9e de d\u00e9classement.\nMesures de s\u00e9curit\u00e9  \nL'exploitant d'a\u00e9rodrome\u00a0:\n- met en \u0153uvre la proc\u00e9dure d'\u00e9valuation et d'att\u00e9nuation des risques d\u00e9crite dans son manuel de  \nSyst\u00e8me de Gestion de la S\u00e9curit\u00e9 (SGS)\u00a0;\n- demande la  publication d'un Notam couvrant toute la dur\u00e9e de l'\u00e9v\u00e9nement pour l'information  \na\u00e9ronautique des usagers\u00a0;\n- s'assure de la garantie des marges de s\u00e9curit\u00e9 entre le parking avion situ\u00e9 devant le hangar a\u00e9roclub et les \nbarri\u00e8res de chantier\u00a0;\nA la fin de chaque p\u00e9riode temporaire et avant le retour \u00e0 la configuration initiale, l'exploitant  \nd'a\u00e9rodrome r\u00e9alise une inspection minutieuse de l'aire de mouvement pour v\u00e9rifier l'int\u00e9grit\u00e9 des  \ninfrastructures et des \u00e9quipements (absence de d\u00e9t\u00e9rioration des surfaces de la piste et des voies  \nde circulation, des bandes associ\u00e9es, de l'aire de trafic, absence de d\u00e9bris ou d'objets sur les aires  \nop\u00e9rationnelles, absence de d\u00e9gradations des aides visuelles,\u2026). \nMesures de s\u00fbret\u00e9  \nLes mesures suivantes sont mises en \u0153uvre par l'exploitant d'a\u00e9rodrome\u00a0:\n- mise en place de barri\u00e8res m\u00e9talliques mobiles jointives (type police) conform\u00e9ment aux  \ndiff\u00e9rentes configurations des plans en annexe 1. Pour leur installation, le personnel ne  \nfaisant pas partie de l'a\u00e9roport devra \u00eatre accompagn\u00e9 par un personnel a\u00e9roportuaire\u00a0;\n-  mise  en  place  d'une  surveillance  en  limite  c\u00f4t\u00e9  ville  /  c\u00f4t\u00e9  piste  par  les  personnels \na\u00e9roportuaires pendant leurs tours d service, et \u00e9galement la v\u00e9rification des barri\u00e8res et  \nleur fonctionnement effectif afin que personne ne puisse p\u00e9n\u00e9trer c\u00f4t\u00e9 piste\u00a0;\n- le personnel a\u00e9roportuaire devront \u00eatre munis de gilets jaune de s\u00e9curit\u00e9, de leur carte  \nprofessionnelle et de leur titre de circulation  a\u00e9roportuaire.\nTout  incident,  au  cours  de  la  p\u00e9riode  temporaire  pr\u00e9vue  est  imm\u00e9diatement  port\u00e9  \u00e0  la \nconnaissance de l'exploitant de l'a\u00e9rodrome, ou de son repr\u00e9sentant, et des services comp\u00e9tents  \nde l'Etat (pr\u00e9fecture, gendarmerie d\u00e9partementale, aviation civile).\nPour le Pr\u00e9fet,\nLe Directeur de Cabinet\nSign\u00e9\nFran\u00e7ois LE VERGER\nPr\u00e9fecture de la Manche - 50-2025-09-19-00005 -  Arr\u00eat\u00e9 n\u00b0 61 autorisant l'utilisation temporaire en statut \u00ab cote ville \u00bb d'une partie \u00ab\ncote piste \u00bb de l'a\u00e9rodrome de Cherbourg Maupertus 157\nPr\u00e9fecture de la Manche\n50-2025-09-11-00004\nArr\u00eat\u00e9 accordant la d\u00e9nomination de commune\ntouristique \u00e0 la commune de GENETS\nPr\u00e9fecture de la Manche - 50-2025-09-11-00004 - Arr\u00eat\u00e9 accordant la d\u00e9nomination de commune touristique \u00e0 la commune de\nGENETS 158\nExPR\u00c9FETDE LA MANCHELibert\u00e9Egalit\u00e9Fraternit\u00e9\nSecr\u00e9tariat G\u00e9n\u00e9ral\nService de la coordination\ndes politiques publiques et de l'appui territorial\nBureau de la coordination\ninterminist\u00e9rielle et de l'appui territorial\nARR\u00caT\u00c9 \naccordant la d\u00e9nomination de commune touristique\n\u00e0 la commune de GEN\u00caTS\nLE PR\u00c9FET DE LA MANCHE \nChevalier de la L\u00e9gion d'honneur\nChevalier de l'ordre national du M\u00e9rite\nVU le Code G\u00e9n\u00e9ral des Collectivit\u00e9s Territoriales ;\nVU le code du tourisme, notamment les articles L133-11, L133-18, L134-3, R133-32, R133-34 \net R133-35 ;\nVU l'arr\u00eat\u00e9 minist\u00e9riel du 2 septembre 2008 relatif aux communes touristiques et aux  \nstations class\u00e9es de tourisme ;\nVU l'arr\u00eat\u00e9  du  6  mai  2022  de  classement  de  l'office  de  tourisme  Mont-Saint-Michel \nNormandie en cat\u00e9gorie I ;\nVU la  d\u00e9lib\u00e9ration  du  conseil  de  la  communaut\u00e9  d'agglom\u00e9ration  Mont-Saint-Michel-\nNormandie du 13 mai 2025 autorisant son pr\u00e9sident \u00e0 solliciter la d\u00e9nomination de  \ncommune touristique pour la commune de GEN\u00caTS ;\nVU le dossier justificatif de demande de d\u00e9nomination de commune touristique re\u00e7u le 6 \njuin 2025 et compl\u00e9t\u00e9 le 21 juillet 2025 ;\nConsid\u00e9rant que le dossier satisfait aux conditions et crit\u00e8res fix\u00e9s par les dispositions  \nl\u00e9gales et r\u00e9glementaires susvis\u00e9es ;\nARR\u00caTE\nArticle 1er  : La d\u00e9nomination de commune touristique est accord\u00e9e \u00e0 la commune de  \nGEN\u00caTS.\nArticle 2  : Le b\u00e9n\u00e9fice de cette d\u00e9nomination est valable  pour une dur\u00e9e de cinq ans , \nprenant effet \u00e0 compter de la date du pr\u00e9sent arr\u00eat\u00e9.\n.../...\nPr\u00e9fecture de la Manche \u2013 BP 70522 \u2013 50002 SAINT-L\u00d4 \u2013 T\u00e9l. : 02.33.75.49.50 \u2013 M\u00e9l. : prefecture@manche.gouv.fr\nAccueil du public les lundi, mardi, jeudi et vendredi : \n- Bureau des migrations et de l'int\u00e9gration : uniquement sur rendez-vous\n- point accueil num\u00e9rique de 8h30 \u00e0 12h30 uniquement sur rendez-vous\nAccueil g\u00e9n\u00e9ral ouvert du lundi au vendredi de 8h30 \u00e0 12h00 et de 13h30 \u00e0 16h30\nPr\u00e9fecture de la Manche - 50-2025-09-11-00004 - Arr\u00eat\u00e9 accordant la d\u00e9nomination de commune touristique \u00e0 la commune de\nGENETS 159\n- 2 -\nArticle  3 :  La  secr\u00e9taire  g\u00e9n\u00e9rale  de  la  pr\u00e9fecture  et  le  pr\u00e9sident  de  la  communaut\u00e9 \nd'agglom\u00e9ration Mont-Saint-Michel-Normandie sont charg\u00e9s, chacun en ce qui le concerne, de  \nl'ex\u00e9cution du pr\u00e9sent arr\u00eat\u00e9 qui sera notifi\u00e9 au pr\u00e9sident de la communaut\u00e9 d'agglom\u00e9ration \nMont-Saint-Michel-Normandie.\nArticle 4 : Le pr\u00e9sent arr\u00eat\u00e9 sera publi\u00e9 au recueil des actes administratifs de la pr\u00e9fecture de la \nManche.\nFait \u00e0 SAINT-LO, le 11 septembre 2025\nPour le Pr\u00e9fet,\nLa Secr\u00e9taire G\u00e9n\u00e9rale,\nSign\u00e9 : Perrine SERRE\nCopie pour information :\n- \u00e0 Madame le maire de GEN\u00caTS\n- \u00e0 Monsieur le sous-pr\u00e9fet d'AVRANCHES\n- \u00e0 Mme la directrice des collectivit\u00e9s, de la citoyennet\u00e9 et de la l\u00e9galit\u00e9\nPr\u00e9fecture de la Manche - 50-2025-09-11-00004 - Arr\u00eat\u00e9 accordant la d\u00e9nomination de commune touristique \u00e0 la commune de\nGENETS 160\nPr\u00e9fecture de la Manche\n50-2025-09-01-00026\narrete approuvant la convention de concession\nd utilisation du domaine public maritime DDTM\nDTS 2025-40\nPr\u00e9fecture de la Manche - 50-2025-09-01-00026 - arrete approuvant la convention de concession d utilisation du domaine public\nmaritime DDTM DTS 2025-40 161\nEnPREFETDE LA MANCHELibert\u00e9Egalit\u00e9Fraternit\u00e9\nDirection d\u00e9partementale\ndes territoires et de la mer\nD\u00e9l\u00e9gation territoriale sud\nDDTM-DTS-2025-40\nAdoc : n\u00b0 50-50066-0040 \nARR\u00caT\u00c9\napprouvant la convention de concession d'utilisation du domaine public maritime en \ndehors des ports pour la mise en place d'une protection contre la mer en \nenrochements sur le littoral de la commune de Jullouville Nord\nLE PR\u00c9FET DE LA MANCHE\nChevalier de la L\u00e9gion d'honneur\nChevalier de l'ordre national du M\u00e9rite\nVU le code de l'environnement et notamment ses articles L. 122-1 \u00e0 L. 122-3-5, L. 123-1 \u00e0 L. 123-19,  \nL. 214-1\u00e0 L. 214-4, L. 219-7 , R. 122-1 \u00e0 R. 122-15, R. 123-1 ;\nVU le code g\u00e9n\u00e9ral des collectivit\u00e9s territoriales ;\nVU le code g\u00e9n\u00e9ral de la propri\u00e9t\u00e9 des personnes publiques, notamment les articles L.  2121-1, L. \n2122-1, L. 2124-1 \u00e0 L. 2124-3, R. 2122-4, R. 2124-1 \u00e0 R. 2124-11, R. 2124-56 ;\nVU le plan d'actions pour le milieu marin de la sous-r\u00e9gion marine Manche-mer du Nord ;\nVU l'arr\u00eat\u00e9 pr\u00e9fectoral n\u00b0 81-779 FD/AL du 9 mai 1981 approuvant la convention de concession  \nd'utilisation  du  domaine  public  maritime  en  dehors  des  ports en  vue  de  la  r\u00e9alisation  d'un \nouvrage de protection contre la mer ;\nVU la  demande  du  pr\u00e9sident  de  l'Association  Syndicale  Autoris\u00e9e  Jullouville  Nord  du \n03 mars 2025, sollicitant aupr\u00e8s de l'\u00c9tat l'autorisation d'occuper une d\u00e9pendance du domaine  \npublic  maritime  \u00e0  son  b\u00e9n\u00e9fice  pour  la  mise  en  place  d'une  protection  contre  la  mer  en \nenrochements ;\nVU la d\u00e9lib\u00e9ration du 24 ao\u00fbt 2024 de l'ASA Jullouville Nord autorisant monsieur Lo\u00efc HOUSSARD, \npr\u00e9sident, \u00e0 signer avec l'\u00c9tat la convention de concession du domaine public maritime, pour la  \nr\u00e9alisation de la digue en enrochements au droit du p\u00e9rim\u00e8tre de l'ASA Jullouville Nord ;\nVU l'\u00e9valuation des incidences Natura 2000 du 07 mars 2025, r\u00e9alis\u00e9e en application de l'article  \nR. 414-19-21 du code de l'environnement ;\nVU l'avis conforme du commandant de la zone maritime de la Manche et de la mer du Nord N\u00b0  \n4324-2025/COMNORD/OPS/NP du 7  mai 2025 ;\nDirection d\u00e9partementale des territoires et de la mer \u2013 D\u00e9l\u00e9gation territoriale Sud\n2 bis rue Saint-Martin 50300 AVRANCHES \u2013 T\u00e9l : 02 33 89 21 70 -  Site internet : www.manche.gouv.fr  \nHoraires d'ouverture au public : 09h30-11h30 / 14h00-16h00 1/3\nPr\u00e9fecture de la Manche - 50-2025-09-01-00026 - arrete approuvant la convention de concession d utilisation du domaine public\nmaritime DDTM DTS 2025-40 162\nVU l'avis du maire de la commune de Jullouville du 21 juillet 2025 ;\nVU l'avis  et  la  d\u00e9cision  de  la  direction  d\u00e9partementale  des  finances  publiques  de  la \nManche/service du Domaine du 3 juillet 2025 fixant le montant de la redevance domaniale ;\nVU l'avis conforme du pr\u00e9fet maritime de la Manche et de la mer du Nord N\u00b0729-2025/PREMAR  \nMANCHE/AEM/NP du 31 juillet 2025 ;\nVU la convention de concession d'utilisation d'utilisation du domaine public maritime accept\u00e9e  \npar le concessionnaire du 07 ao\u00fbt 2025;\nCONSID\u00c9RANT qu'une concession d'utilisation du domaine public maritime est n\u00e9cessaire \u00e0 la  \ngestion d'installations ou d'ouvrages ou d'am\u00e9nagements publics ayant vocation de protection  \ncontre la mer et pr\u00e9sentant un caract\u00e8re d'int\u00e9r\u00eat g\u00e9n\u00e9ral ou collectif ;\nCONSID\u00c9RANT que l'activit\u00e9 projet\u00e9e sur le domaine public maritime est compatible avec les  \nobjectifs environnementaux du plan d'actions pour le milieu marin de la sous-r\u00e9gion marine  \nManche mer du Nord ;\nSUR la proposition du directeur d\u00e9partemental des territoires et de la mer ;\nARR\u00caTE\nARTICLE 1  e  :\nLa  pr\u00e9sente  d\u00e9cision  approuve  la  convention  de  concession  d'utilisation  du  domaine  public \nmaritime en dehors des ports constitu\u00e9e d'une protection contre la mer en enrochements sur le  \nlittoral de la commune de Jullouville Nord et dont les limites sont d\u00e9finies au plan de masse qui  \ndemeurera annex\u00e9 \u00e0 ladite convention.\nARTICLE 2 : \nLa concession susvis\u00e9e est consentie aux clauses et conditions de la convention ci-jointe qui  \ndemeurera annex\u00e9e \u00e0 la pr\u00e9sente d\u00e9cision.\nElle ne vaut que pour l'objet d\u00e9fini dans ladite convention.\nARTICLE 3 : \nLe pr\u00e9sent acte peut faire l'objet, dans un d\u00e9lai de deux mois \u00e0 compter de sa notification pour le \nb\u00e9n\u00e9ficiaire ou \u00e0 compter de sa publication pour les tiers int\u00e9ress\u00e9s :\n\u2022 d'un recours gracieux aupr\u00e8s du pr\u00e9fet de la Manche ou hi\u00e9rarchique aupr\u00e8s du ministre  \ncomp\u00e9tent ; l'absence de r\u00e9ponse dans un d\u00e9lai de deux mois \u00e0 compter de sa r\u00e9ception  \npar  l'autorit\u00e9  administrative  vaut  d\u00e9cision  implicite  de  rejet ;  la  d\u00e9cision  rejetant  ce \nrecours peut faire l'objet d'un recours contentieux aupr\u00e8s du tribunal administratif de  \nCaen,  selon  les  voies  cit\u00e9es  ci-dessous,  dans  un  d\u00e9lai  de  deux  mois  \u00e0  compter  de  la \nr\u00e9ception d'une d\u00e9cision expresse ou de la date \u00e0 laquelle na\u00eet une d\u00e9cision implicite ;\n\u2022 d'un recours contentieux aupr\u00e8s du tribunal administratif de Caen, par voie postale ou par \nl'application T\u00e9l\u00e9recours citoyens accessible par le site internet https://www.telerecours.fr.\nARTICLE 4 : \nDirection d\u00e9partementale des territoires et de la mer \u2013 D\u00e9l\u00e9gation territoriale Sud\n2 bis rue Saint-Martin 50300 AVRANCHES \u2013 T\u00e9l : 02 33 89 21 70 -  Site internet : www.manche.gouv.fr  \nHoraires d'ouverture au public : 09h30-11h30 / 14h00-16h00 2/3\nPr\u00e9fecture de la Manche - 50-2025-09-01-00026 - arrete approuvant la convention de concession d utilisation du domaine public\nmaritime DDTM DTS 2025-40 163\nLe secr\u00e9taire g\u00e9n\u00e9ral de la pr\u00e9fecture de la Manche, le directeur d\u00e9partemental des finances  \npubliques, le directeur d\u00e9partemental des territoires et de la mer de la Manche, les maires de  \nJullouville et de Saint-Pair-sur-mer sont charg\u00e9s, chacun en ce qui le concerne, de l'ex\u00e9cution du  \npr\u00e9sent  arr\u00eat\u00e9  qui  fera  l'objet  d'une  publication  au  recueil  des  actes  administratifs  de  la \npr\u00e9fecture  de  la  Manche.  Le  document  sera  consultable  dans  le  service  de  la  direction \nd\u00e9partementale des territoires et de la mer \u2013 d\u00e9l\u00e9gation territoriale Sud.\nEn outre, cet arr\u00eat\u00e9 fera l'objet d'un avis dans deux journaux \u00e0 diffusion locale, r\u00e9gionale  et d'un \naffichage durant 15 jours en mairie, certifi\u00e9 par le maire.\nA Saint-L\u00f4, le 01/09/ 2025\nLe pr\u00e9fet,\nSign\u00e9\nXavier BRUNETIERE\nAnnexe : convention\nDirection d\u00e9partementale des territoires et de la mer \u2013 D\u00e9l\u00e9gation territoriale Sud\n2 bis rue Saint-Martin 50300 AVRANCHES \u2013 T\u00e9l : 02 33 89 21 70 -  Site internet : www.manche.gouv.fr  \nHoraires d'ouverture au public : 09h30-11h30 / 14h00-16h00 3/3\nPr\u00e9fecture de la Manche - 50-2025-09-01-00026 - arrete approuvant la convention de concession d utilisation du domaine public\nmaritime DDTM DTS 2025-40 164\nExPREFETDE LA MANCHELibert\u00e9Egalit\u00e9Fraternit\u00e9\nDirection\nd\u00e9partementale\ndes territoires et de la mer\nD\u00e9l\u00e9gation territoriale sud\nADOC N\u00b050-50066-0040\n(DDTM-DTS-2025-39)\nConvention de concession d'utilisation du domaine public maritime en \ndehors des ports\n\u00e9tablie entre l'\u00c9tat et l'association syndicale autoris\u00e9e \nde d\u00e9fense contre la mer \nJullouville Nord (ASA Jullouville Nord)\nsur une d\u00e9pendance du domaine public maritime destin\u00e9e au maintien \nd'un enrochement de protection contre la mer et de cinq escaliers\nsur le littoral de la commune de Jullouville\nEntre\nL'\u00c9tat, repr\u00e9sent\u00e9 par le pr\u00e9fet de la Manche, conc\u00e9dant\net  l'ASA  Jullouville  Nord,  concessionnaire,  repr\u00e9sent\u00e9e  par  son  pr\u00e9sident  monsieur \nLo\u00efc HOUSSARD,  dont  le  si\u00e8ge  social  se  situe  mairie  place  Ren\u00e9  Joli,  50610  Jullouville, \nnum\u00e9ro de SIRET 295 000 996 00013.\nIl est pr\u00e9alablement expos\u00e9 ce qui suit :\nLe 3 mars 2025, l'Association Syndicale Autoris\u00e9e Jullouville Nord a sollicit\u00e9 aupr\u00e8s de  \nl'\u00c9tat,  l'autorisation  d'occuper  une  d\u00e9pendance  du  domaine  public  maritime  \u00e0  son \nb\u00e9n\u00e9fice pour le maintien d'une protection contre la mer en enrochements  et de cinq  \nescaliers ;\nUne  concession  d'utilisation  du  domaine  public  maritime  est  n\u00e9cessaire  \u00e0  la  gestion \nd'installations ou d'ouvrages ou d'am\u00e9nagements publics ayant vocation de protection  \ncontre la mer et pr\u00e9sentant un caract\u00e8re d'int\u00e9r\u00eat g\u00e9n\u00e9ral ou collectif ;\nL'activit\u00e9  projet\u00e9e  sur  le  domaine  public  maritime  est  compatible  avec  les  objectifs \nenvironnementaux du plan d'actions pour le milieu marin de la sous-r\u00e9gion marine Manche \nmer du Nord ;\nC'est dans ce contexte qu'il est convenu ce qui suit.\n1/11\nDirection d\u00e9partementale des territoires et de la mer \u2013 D\u00e9l\u00e9gation territoriale Sud\n2 bis rue Saint-Martin 50300 AVRANCHES \u2013 T\u00e9l : 02 33 89 21 70 -  Site internet : www.manche.gouv.fr \nHoraires d'ouverture au public : 09h30-11h30 / 14h00-16h00\nPr\u00e9fecture de la Manche - 50-2025-09-01-00026 - arrete approuvant la convention de concession d utilisation du domaine public\nmaritime DDTM DTS 2025-40 165\nTITRE I : Objet, nature et dur\u00e9e de la concession\narticle 1-1        : Objet  \nLa  pr\u00e9sente  convention  a  pour  objet  de  fixer  les  clauses  et  conditions  d'octroi  au \nconcessionnaire,  d'une  concession  d'utilisation  d'une  d\u00e9pendance  du  domaine  public \nmaritime  en  dehors  des  ports,  constitu\u00e9e  d'un  ouvrage  de  d\u00e9fense  contre  la  mer  en \nenrochement, d'une superficie totale de 7  400 m\u00b2, pour un lin\u00e9aire de 778  m\u00e8tres, sur le  \nlittoral de la commune de Jullouville, suivant le plan ci-annex\u00e9. L'emprise du perr\u00e9 est  \ncomprise, au nord, entre la fronti\u00e8re communale de Saint Pair-sur-mer (Kairon) au niveau  \nde la cale du Pont Bleu (D154) et, au sud, au droit de l'avenue de Scissy.\nLa concession concerne \u00e9galement cinq escaliers en b\u00e9ton num\u00e9rot\u00e9s de 1 \u00e0 5 (voir annexe \npage 12, figure 23). \narticle 1-2 : Nature\nLe concessionnaire est r\u00e9put\u00e9 bien conna\u00eetre la consistance de la d\u00e9pendance qui ne  \npourra \u00eatre utilis\u00e9e pour un usage autre que celui mentionn\u00e9 \u00e0 l'article susvis\u00e9.\nLa concession n'est pas constitutive de droits r\u00e9els au sens des articles L. 2122-6 et suivants \ndu code g\u00e9n\u00e9ral de la propri\u00e9t\u00e9 des personnes publiques.\nLa concession est exclusivement personnelle et le concessionnaire ne peut sous-traiter la  \ngestion de l'occupation ou l'usage sans accord pr\u00e9alable du conc\u00e9dant.\nArticle 1-3     : Dur\u00e9e  \nLa concession est accord\u00e9e pour une dur\u00e9e de 30 ans   .  \nDeux ans avant la date d'expiration de la pr\u00e9sente convention, le concessionnaire pourra  \nfaire une nouvelle demande d'occupation du domaine maritime.\nTITRE II : Conditions g\u00e9n\u00e9rales\narticle 2-1     : Dispositions g\u00e9n\u00e9rales  \n1. Le concessionnaire est tenu de se conformer :\n\u2022 aux lois, r\u00e8glements et r\u00e8gles existants ou \u00e0 intervenir, en obtenant notamment les  \nautorisations qui y sont exig\u00e9es,\n\u2022 aux prescriptions relatives \u00e0 la lutte contre les risques de pollutions et de nuisances  \nde toutes sortes pouvant r\u00e9sulter non seulement de l'ex\u00e9cution des travaux mais  \naussi de l'exploitation de la d\u00e9pendance,\n\u2022 aux mesures qui lui sont prescrites pour la signalisation des ouvrages maritimes  \ndonnant acc\u00e8s \u00e0 la d\u00e9pendance. Ces mesures n'ouvrent droit \u00e0 aucune indemnit\u00e9  \nau profit du concessionnaire.\n2. Le concessionnaire s'engage \u00e0 prendre les dispositions n\u00e9cessaires pour donner en  \ntout temps, libre acc\u00e8s en tout point aux agents des diff\u00e9rents services de l'\u00c9tat  \ncharg\u00e9s du contr\u00f4le de la concession.\n3. Le concessionnaire doit pr\u00e9server la continuit\u00e9 de circulation du public sur le rivage. \n2/11\nDirection d\u00e9partementale des territoires et de la mer \u2013 D\u00e9l\u00e9gation territoriale Sud\n2 bis rue Saint-Martin 50300 AVRANCHES \u2013 T\u00e9l : 02 33 89 21 70 -  Site internet : www.manche.gouv.fr \nHoraires d'ouverture au public : 09h30-11h30 / 14h00-16h00\nPr\u00e9fecture de la Manche - 50-2025-09-01-00026 - arrete approuvant la convention de concession d utilisation du domaine public\nmaritime DDTM DTS 2025-40 166\n4. La circulation et le stationnement des v\u00e9hicules terrestres \u00e0 moteur sont interdits  \nsur le domaine public maritime y compris sur la d\u00e9pendance, objet de la pr\u00e9sente  \nconcession, sauf autorisation pr\u00e9fectorale.\n5. Le  concessionnaire  n'est  fond\u00e9  \u00e0  \u00e9lever  aucune  r\u00e9clamation  dans  le  cas  o\u00f9 \nl'\u00e9tablissement  et  l'exploitation  d'autres  ouvrages,  constructions  ou  installations \nseraient autoris\u00e9s \u00e0 proximit\u00e9 de ceux faisant l'objet de la pr\u00e9sente convention.\n6. En  aucun  cas,  la  responsabilit\u00e9  du  conc\u00e9dant  ne  peut  \u00eatre  recherch\u00e9e  par  le \nconcessionnaire, pour quelque cause que ce soit, en cas de dommages caus\u00e9s aux  \ntiers,  \u00e0  la  d\u00e9pendance  ou  de  g\u00eane  apport\u00e9e  \u00e0  son  exploitation  par  des  tiers, \nnotamment en cas de pollution des eaux de la mer.\n7. Le concessionnaire ne peut \u00e9lever contre le conc\u00e9dant aucune r\u00e9clamation li\u00e9e au  \ntrouble r\u00e9sultant soit de mesures temporaires d'ordre public et de police, soit de  \ntravaux ex\u00e9cut\u00e9s par le conc\u00e9dant sur le domaine public.\narticle 2-2     : Risques divers  \nLe  concessionnaire  r\u00e9pond  des  risques  divers  li\u00e9s  \u00e0  l'occupation  ou  l'utilisation  de  la \nd\u00e9pendance  notamment  aux  ouvrages,  constructions,  installations\u2026  s'y  trouvant  et  lui \nappartenant ou appartenant \u00e0 ses mandants. Il garantira l'\u00c9tat contre le recours des tiers.\nEn cas de d\u00e9couverte d'engins explosifs, le p\u00e9titionnaire devra alerter sans d\u00e9lai de Centre \ndes  Op\u00e9rations  Maritimes  de  Cherbourg  (t\u00e9l :  02.33.92.60.40).  Il  veillera \u00e0  limiter  les \nmanipulations de l'engin, \u00e0 \u00e9viter les chocs et \u00e0 rester \u00e9loign\u00e9 de l'engin qui  devra  \u00eatre \nconsid\u00e9r\u00e9 comme dangereux.\nTITRE III : Travaux et entretien de la d\u00e9pendance\narticle 3-1     : Mesures pr\u00e9alables  \nLors des travaux, des op\u00e9rations techniques de visite et d'entretien de la concession, le  \nservice gestionnaire du domaine public maritime (D\u00e9l\u00e9gation Territoriale Sud  :  ddtm-dt-\nsud@manche.gouv.fr) sera inform\u00e9 des jours d'intervention, avec un pr\u00e9avis minimum de  \n15 jours, notamment afin de pouvoir effectuer des contr\u00f4les.\nLe  concessionnaire  informera le  service  gestionnaire  du  domaine  public  maritime \n(D\u00e9l\u00e9gation  Territoriale  Sud :  ddtm-dt-sud@manche.gouv.fr),  au  moins  48 h  avant,  du \nd\u00e9but et de la fin des travaux afin notamment qu'il puisse s'assurer de la remise en \u00e9tat du  \nsite.\nDe  plus,  toute  d\u00e9couverte  de  biens  culturels  maritimes  gisant  \u00e0  la  surface  des  fonds \nsous-marins ou enfouis devra \u00eatre signal\u00e9e, dans les d\u00e9lais r\u00e9glementaires, aux autorit\u00e9s  \ncomp\u00e9tentes.\nPour les travaux et les op\u00e9rations sur l'estran,\n\u2022 au moins 8 jours avant le d\u00e9but de ces travaux, l'entreprise retenue pour les r\u00e9aliser  \ndevra solliciter  si  n\u00e9cessaire  une  autorisation  de  circuler  avec  des  v\u00e9hicules  \u00e0 \nmoteur sur le domaine public maritime aupr\u00e8s du service gestionnaire du domaine  \npublic maritime (D\u00e9l\u00e9gation Territoriale Sud  : ddtm-dt-sud@manche.gouv.fr). Cette \ndemande devra en outre comporter les renseignements suivants  : dates et heures  \nd'intervention,  acc\u00e8s  emprunt\u00e9s,  nombre  et  type  de  v\u00e9hicules  et  leur \n3/11\nDirection d\u00e9partementale des territoires et de la mer \u2013 D\u00e9l\u00e9gation territoriale Sud\n2 bis rue Saint-Martin 50300 AVRANCHES \u2013 T\u00e9l : 02 33 89 21 70 -  Site internet : www.manche.gouv.fr \nHoraires d'ouverture au public : 09h30-11h30 / 14h00-16h00\nPr\u00e9fecture de la Manche - 50-2025-09-01-00026 - arrete approuvant la convention de concession d utilisation du domaine public\nmaritime DDTM DTS 2025-40 167\nimmatriculation, nom de la personne responsable du chantier ainsi que son num\u00e9ro \nde t\u00e9l\u00e9phone,\n\u2022 le p\u00e9rim\u00e8tre du chantier devra \u00eatre d\u00e9limit\u00e9 et interdit au public.\narticle 3-2     : Travaux  \nTous les travaux  seront ex\u00e9cut\u00e9s conform\u00e9ment aux projets approuv\u00e9s, en mat\u00e9riaux de  \nbonne qualit\u00e9 mis en \u0153uvre suivant les r\u00e8gles de l'art.\nLes travaux ne devront pas pr\u00e9senter de danger pour les tiers.\nLe concessionnaire est tenu de soumettre \u00e0 l'agr\u00e9ment du service gestionnaire du domaine \npublic maritime, en vue de leur approbation, les projets d'intervention sur la d\u00e9pendance  \nsans que cet agr\u00e9ment puisse en aucune mani\u00e8re engager la responsabilit\u00e9 de l'\u00c9tat. Ces  \nprojets doivent comprendre tous les plans, dessins, m\u00e9moires explicatifs n\u00e9cessaires pour  \nd\u00e9finir les travaux envisag\u00e9s et pr\u00e9ciser leur mode d'ex\u00e9cution.\nLe  service  gestionnaire  du  domaine  public  maritime  peut  prescrire  les  \u00e9ventuelles \nmodifications n\u00e9cessaires \u00e0 la bonne gestion du domaine public maritime.\nL'agr\u00e9ment des projets sera tacite en cas de d\u00e9faut de r\u00e9ponse dans le d\u00e9lai de deux mois.\narticle 3-3     : Entretien  \nLe concessionnaire est tenu d'entretenir dans les r\u00e8gles de l'art la d\u00e9pendance ainsi que les \nouvrages, constructions et installations se rapportant \u00e0 la pr\u00e9sente convention. \u00c0 d\u00e9faut, il \npeut  y  \u00eatre  pourvu  d'office  apr\u00e8s  mise  en  demeure  rest\u00e9e  sans  effet  dans  les  d\u00e9lais \nprescrits et \u00e0 la diligence du service gestionnaire du domaine public maritime, aux frais,  \nrisques et p\u00e9rils du concessionnaire.\nLes travaux d'entretien feront l'objet d'une d\u00e9claration adress\u00e9e au service gestionnaire du \ndomaine public maritime, et devront r\u00e9pondre \u00e0 ses prescriptions. La r\u00e9alisation de ceux-\nci, notamment les op\u00e9rations de rechargement de sable en pied d'ouvrage, est soumise \u00e0  \nl'obtention des autorisations requises au titre du code de l'environnement.\nDans  l'\u00e9ventualit\u00e9  o\u00f9  de  nouvelles  autorisations  d'occupation  seraient autoris\u00e9es  \u00e0 \nproximit\u00e9 imm\u00e9diate de la d\u00e9pendance conc\u00e9d\u00e9e, le concessionnaire est tenu d'accepter  \nl'appui  de  remblais  ou  d'ouvrages  sur  les  digues  d'encl\u00f4ture  ex\u00e9cut\u00e9es  au  titre  de  la \nconcession.\narticle 3-4     : R\u00e9paration des dommages caus\u00e9s au domaine public maritime  \nAu  fur  et  \u00e0  mesure  de  l'avancement  des  travaux  et  des  op\u00e9rations  d'entretien,  le \nconcessionnaire  est  tenu  d'enlever  les  d\u00e9p\u00f4ts  de  toute  nature,  ainsi  que  les  ouvrages \nprovisoires, et de r\u00e9parer imm\u00e9diatement les dommages qui  auraient pu  \u00eatre caus\u00e9s au  \ndomaine public maritime ou \u00e0 ses d\u00e9pendances, en se conformant, le cas \u00e9ch\u00e9ant, aux  \ninstructions qui lui sont donn\u00e9es par le service gestionnaire du domaine public maritime.\nEn cas d'inex\u00e9cution, il peut y \u00eatre pourvu d'office et \u00e0 ses frais, risques et p\u00e9rils, et apr\u00e8s  \nmise en demeure rest\u00e9e sans effet dans les d\u00e9lais prescrits et \u00e0 la diligence du service  \ngestionnaire du domaine public maritime.\narticle 3-5     : Mesures de suivi  \n4/11\nDirection d\u00e9partementale des territoires et de la mer \u2013 D\u00e9l\u00e9gation territoriale Sud\n2 bis rue Saint-Martin 50300 AVRANCHES \u2013 T\u00e9l : 02 33 89 21 70 -  Site internet : www.manche.gouv.fr \nHoraires d'ouverture au public : 09h30-11h30 / 14h00-16h00\nPr\u00e9fecture de la Manche - 50-2025-09-01-00026 - arrete approuvant la convention de concession d utilisation du domaine public\nmaritime DDTM DTS 2025-40 168\nConform\u00e9ment aux modalit\u00e9s de maintenances envisag\u00e9es dans le dossier de concession  \n(inspections visuelles, suivi photographique, lev\u00e9s topographiques de l'ouvrage et de la  \nhaute  plage,\u2026),  lors  des  travaux,  des  op\u00e9rations  techniques  de  visite  et  d'entretien \nex\u00e9cut\u00e9s, le concessionnaire m\u00e8nera avant le 1 er mai de chaque ann\u00e9e, une campagne de  \nsuivi  de  son  ouvrage  dont  il  communiquera  les  r\u00e9sultats  au  service  gestionnaire  du \ndomaine public maritime (ddtm-dt-sud@manche.gouv.fr) : \n\u2022 avec un pr\u00e9avis minimum de 15 jours, des jours d'intervention notamment afin de  \npouvoir effectuer des contr\u00f4les,\n\u2022 au moins 48 heures avant, du d\u00e9but et de la fin des travaux notamment sur l'estran  \nafin qu'il puisse s'assurer de la remise en \u00e9tat du site.\nTITRE IV : Terme mis \u00e0 la concession\narticle 4-1     : Remise en \u00e9tat des lieux et reprise de la d\u00e9pendance  \nEn cas d'absence de nouvelle autorisation, en cas de r\u00e9vocation ou de r\u00e9siliation de la  \npr\u00e9sente  convention,  le  concessionnaire  doit,  \u00e0  ses  frais  et  apr\u00e8s  en  avoir  inform\u00e9  le \nconc\u00e9dant, remettre les lieux en leur \u00e9tat naturel. Toute trace d'occupation (ouvrages,  \nconstructions,  installations,  etc.)  devra \u00eatre  enlev\u00e9e,  qu'elle  soit  ou  non  du  fait  du \nconcessionnaire.\nFaute pour le concessionnaire d'y pourvoir, il y  sera proc\u00e9d\u00e9 d'office et \u00e0 ses frais par  \nl'\u00c9tat, apr\u00e8s mise en demeure rest\u00e9e sans effet, apr\u00e8s proc\u00e9dure de contravention de  \ngrande voirie.\nToutefois  le  conc\u00e9dant  peut,  s'il  le  juge  utile,  exiger  le  maintien  partiel  ou  total  des \nouvrages, constructions, installations, etc. ; ces derniers doivent alors \u00eatre remis en parfait  \n\u00e9tat par le concessionnaire et deviennent la propri\u00e9t\u00e9 du conc\u00e9dant sans qu'il y ait lieu \u00e0  \nindemnit\u00e9 \u00e0 ce titre, ni \u00e0 passation d'un acte pour constater ce transfert. Le conc\u00e9dant se  \ntrouve  alors  subrog\u00e9  \u00e0  tous  les  droits  du  concessionnaire.  Il  entre  imm\u00e9diatement  et \ngratuitement en leur possession.\narticle 4-2     : R\u00e9vocation de la concession prononc\u00e9e par le conc\u00e9dant  \nDans un but d'int\u00e9r\u00eat g\u00e9n\u00e9ral\n\u00c0 quelque \u00e9poque que ce soit, le conc\u00e9dant a le droit de retirer la concession dans un but  \nd'int\u00e9r\u00eat g\u00e9n\u00e9ral se rattachant \u00e0 la conservation ou \u00e0 l'usage du domaine public maritime  \nmoyennant un pr\u00e9avis minimal de six mois.\nDans ce cas, il est dress\u00e9 contradictoirement la liste des divers ouvrages, constructions  \nvoire installations \u00e0 caract\u00e8re immobilier ayant fait l'objet des d\u00e9clarations pr\u00e9vues au titre \n\u00ab travaux et entretien de la d\u00e9pendance \u00bb.\nPour inex\u00e9cution des clauses de la convention\nLa  concession  peut  \u00eatre  r\u00e9voqu\u00e9e,  sans  indemnisation,  un  mois  apr\u00e8s  une  mise  en \ndemeure  par  simple  lettre  recommand\u00e9e  rest\u00e9e  sans  effet  en  cas  d'inex\u00e9cution  des \nclauses et conditions de la pr\u00e9sente convention. Dans ce cas-l\u00e0, les dispositions de l'article  \n\u00ab remise en \u00e9tat des lieux et reprise de la d\u00e9pendance \u00bb s'appliquent.\n5/11\nDirection d\u00e9partementale des territoires et de la mer \u2013 D\u00e9l\u00e9gation territoriale Sud\n2 bis rue Saint-Martin 50300 AVRANCHES \u2013 T\u00e9l : 02 33 89 21 70 -  Site internet : www.manche.gouv.fr \nHoraires d'ouverture au public : 09h30-11h30 / 14h00-16h00\nPr\u00e9fecture de la Manche - 50-2025-09-01-00026 - arrete approuvant la convention de concession d utilisation du domaine public\nmaritime DDTM DTS 2025-40 169\narticle 4-3     : R\u00e9siliation \u00e0 la demande du concessionnaire  \nLa concession peut \u00eatre r\u00e9sili\u00e9e avant l'\u00e9ch\u00e9ance normalement pr\u00e9vue \u00e0 la demande du  \nconcessionnaire. Cette r\u00e9siliation produit les m\u00eames effets que ceux pr\u00e9vus \u00e0 l'article  \n\u00ab remise en \u00e9tat des lieux et reprise de la d\u00e9pendance \u00bb.\nTITRE V : Conditions financi\u00e8res\narticle 5-1     : Frais de publicit\u00e9  \nLes frais de publicit\u00e9 et d'impression inh\u00e9rents \u00e0 la pr\u00e9sente convention sont \u00e0 la charge  \ndu concessionnaire.\narticle 5-2     : Constitution de garanties financi\u00e8res  \nSans objet.\narticle 5-3     : Redevance domaniale  \nConform\u00e9ment  \u00e0  l'article  L2125-1  alin\u00e9a  2-2\u00b0  du  code  g\u00e9n\u00e9ral  de  la  propri\u00e9t\u00e9  des \npersonnes  publiques,  l'ouvrage  contribuant  directement  \u00e0  assurer  la  conservation  du \ndomaine public lui-m\u00eame, l'autorisation d'occupation est d\u00e9livr\u00e9e \u00e0 titre gratuit.\narticle 5-4     : Frais de construction et d'entretien  \nTous les frais de premier \u00e9tablissement, de modification, d'entretien de la d\u00e9pendance et  \nd'enl\u00e8vement des divers mat\u00e9riaux sont \u00e0 la charge du concessionnaire. Sont \u00e9galement \u00e0 \nsa  charge  les  frais  des  travaux  qu'il  sera  \u00e9ventuellement  autoris\u00e9  \u00e0  ex\u00e9cuter  sur  les \nouvrages du domaine public maritime, notamment les raccordements \u00e0 la voie publique et \nle r\u00e9tablissement \u00e9ventuel des acc\u00e8s \u00e0 la mer \u00e0 l'ext\u00e9rieur de la concession.\narticle 5-5     : Indemnit\u00e9s dues \u00e0 des tiers  \nLe concessionnaire a \u00e0 sa charge, sauf recours contre qui de droit, toutes les indemnit\u00e9s  \nqui pourraient \u00eatre dues \u00e0 des tiers en raison de travaux ou de la pr\u00e9sence des ouvrages,  \nconstructions ou installations, objets de la pr\u00e9sente convention.\nTITRE VI : Dispositions diverses\narticle 6-1     : dispositions diverses  \nAucune partie des d\u00e9pendances occup\u00e9es ne peut \u00eatre affect\u00e9e \u00e0 une destination autre  \nque celle pour laquelle l'autorisation est accord\u00e9e.\nLa  pr\u00e9sente  autorisation  est  personnelle  et  ne  peut  \u00eatre  c\u00e9d\u00e9e  \u00e0  un  tiers  sans  le \nconsentement  \u00e9crit  de  l'administration.  En  cas  de  cession  non  autoris\u00e9e,  le \nconcessionnaire reste responsable des cons\u00e9quences de l'occupation.\n6/11\nDirection d\u00e9partementale des territoires et de la mer \u2013 D\u00e9l\u00e9gation territoriale Sud\n2 bis rue Saint-Martin 50300 AVRANCHES \u2013 T\u00e9l : 02 33 89 21 70 -  Site internet : www.manche.gouv.fr \nHoraires d'ouverture au public : 09h30-11h30 / 14h00-16h00\nPr\u00e9fecture de la Manche - 50-2025-09-01-00026 - arrete approuvant la convention de concession d utilisation du domaine public\nmaritime DDTM DTS 2025-40 170\nDeux  ans  au  moins  avant  la  date  d'expiration  de  la  pr\u00e9sente  convention,  le \nconcessionnaire  pourra faire  une  nouvelle  demande  d'occupation  du  domaine  public \nmaritime.\nArticle 6-2     : travaux  \nDans le cas o\u00f9 des travaux seraient autoris\u00e9s dans le cadre de la pr\u00e9sente autorisation, le  \nconcessionnaire est tenu de r\u00e9parer, s'il en est, imm\u00e9diatement tous les dommages qui  \nauraient pu \u00eatre caus\u00e9s au domaine public.\nArticle 6-3     : entretien  \nLes installations sont entretenues en bon \u00e9tat et maintenues conformes aux conditions de  \nl'autorisation par les soins et aux frais du concessionnaire.\nArticle 6-4     : ex\u00e9cution  \nLe maire de Jullouville, le directeur d\u00e9partemental des finances publiques de la Manche, le  \ndirecteur d\u00e9partemental des territoires et de la mer de la Manche, les officiers et agents  \nhabilit\u00e9s en mati\u00e8re de police de la navigation maritime sont charg\u00e9s, chacun en ce qui le  \nconcerne,  de  l'ex\u00e9cution  du  pr\u00e9sent  arr\u00eat\u00e9,  qui  sera  publi\u00e9  au  recueil  des  actes \nadministratifs de la Pr\u00e9fecture de la Manche.\nArticle 6-5     : police  \nLes mesures de police  qui seraient  n\u00e9cessaires dans l'int\u00e9r\u00eat de la conservation de la  \nd\u00e9pendance, de la s\u00e9curit\u00e9 publique et du bon ordre public seront prises par le pr\u00e9fet ou  \nson repr\u00e9sentant, le concessionnaire entendu.\narticle 6-6     : Droits des tiers  \nLes droits des tiers sont et demeurent express\u00e9ment r\u00e9serv\u00e9s.\narticle 6-7     : Notifications administratives  \nLe concessionnaire fait \u00e9lection de domicile \u00e0 la mairie de Jullouville.\n7/11\nDirection d\u00e9partementale des territoires et de la mer \u2013 D\u00e9l\u00e9gation territoriale Sud\n2 bis rue Saint-Martin 50300 AVRANCHES \u2013 T\u00e9l : 02 33 89 21 70 -  Site internet : www.manche.gouv.fr \nHoraires d'ouverture au public : 09h30-11h30 / 14h00-16h00\nPr\u00e9fecture de la Manche - 50-2025-09-01-00026 - arrete approuvant la convention de concession d utilisation du domaine public\nmaritime DDTM DTS 2025-40 171\nTITRE VII : Approbation de la convention\narticle 7-1     : Approbation  \nLa  pr\u00e9sente  convention  fait l'objet  d'un  arr\u00eat\u00e9  pr\u00e9fectoral  d'approbation,  et  lui  est \nannex\u00e9e.\nVu et accept\u00e9\nA Jullouville, le 7 ao\u00fbt 2025\nLe pr\u00e9sident de l'association syndicale,\nSign\u00e9\nLo\u00efc HOUSSARD\nA Saint-L\u00f4, le 1er septembre 2025\nLe pr\u00e9fet de la Manche,\nSign\u00e9\nXavier BRUNETI\u00c8RE\nD\u00e9lais et voies de recours\nLa pr\u00e9sente convention peut faire l'objet d'un recours contentieux, dans un d\u00e9lai de deux mois \u00e0  \ncompter de sa notification ou de sa publication devant le tribunal administratif de Caen \u2013 3, rue  \nArthur  Le  Duc  \u2013  BP  25086  \u2013  14050  \u2013  CAEN  cedex  \u2013  juridiction  territorialement  comp\u00e9tente, \nconform\u00e9ment aux dispositions de l'article R.421-1 du code de justice administrative.\nLe  tribunal  administratif  peut  \u00eatre  saisi  par  l'application  informatique  \u00ab T\u00e9l\u00e9recours  citoyens \u00bb \naccessible par le site internet www.telerecours.fr\n8/11\nDirection d\u00e9partementale des territoires et de la mer \u2013 D\u00e9l\u00e9gation territoriale Sud\n2 bis rue Saint-Martin 50300 AVRANCHES \u2013 T\u00e9l : 02 33 89 21 70 -  Site internet : www.manche.gouv.fr \nHoraires d'ouverture au public : 09h30-11h30 / 14h00-16h00\nPr\u00e9fecture de la Manche - 50-2025-09-01-00026 - arrete approuvant la convention de concession d utilisation du domaine public\nmaritime DDTM DTS 2025-40 172\n- A A \u00b0 - elgeation geograpniqg Plagede | \u2014- E rac\u00a9 - &(\u00ab[n[a -\nco=\n%2/3 /]- %\"\u00ef Z\n4 / L\u00e9gende; * /mml3 - Ouvrage en enrochement\u00a3 ' = de d\u00e9fense contre la mer/  [77] Parcelles cadastrales\nEmprise de la Echelle: 1:5000digue en RGF93 - Lambert 93enrochementdeJullouville fNord Ll1LJ\u00eb! m|$ |r 1110\n0 100 200 m R 12 p\" 7 F 3|  S ] e|5 \u00ef 2j I \u2014\u2014 A0k ' ar| = = K ! = -\nL\u00e9gendeOuvrage en enrochementde d\u00e9fense contre la mer(sur le DPM)[73 Ouvrage : promenadebitum\u00e9e[ Parcelles cadastrales\n:'.:'A.N3NN:..EN RweNNN:..\nNRS\u00bbNISKXI7AT IEI I\nAnnexe :\nDossier de r\u00e9f\u00e9rence : dossier r\u00e9glementaire, r\u00e9dig\u00e9 (au titre de l'article R2124-2 du CGPPP) \npar M. Fabrice LEROY Consulting, consultant environnement ind\u00e9pendant et mis \u00e0 jour le  \n17 janvier 2025. \nPlan de localisation de la concession d'utilisation du domaine public maritime\n1-Partie Nord de l'ouvrage :\n9/11\nDirection d\u00e9partementale des territoires et de la mer \u2013 D\u00e9l\u00e9gation territoriale Sud\n2 bis rue Saint-Martin 50300 AVRANCHES \u2013 T\u00e9l : 02 33 89 21 70 -  Site internet : www.manche.gouv.fr \nHoraires d'ouverture au public : 09h30-11h30 / 14h00-16h00\nPr\u00e9fecture de la Manche - 50-2025-09-01-00026 - arrete approuvant la convention de concession d utilisation du domaine public\nmaritime DDTM DTS 2025-40 173\nEmprise du perr\u00e9 de l'ASA Jullouville Nord\nL\u00e9gendeOuvrage en enrochementde d\u00e9fense contre la mer(sur le DPM)Ouvrage : promenadebitum\u00e9e(sur le DPT)\n\u00e0 Echelle: 1:2000RGF93 - Lambert 93\nSISIFCEIF\n'\u00e8_ i L\u00e9gende\u00e8'\\ 53 Ouvrage en enrochement\u00a7 ; de d\u00e9fense contre la mer\u00a7_ (sur le DPM)\u00a7.\\- ' Ouvrage : promenadeX bitum\u00e9e\u0178 Parcelles cadastrales\nEchelle: 1.1000\nSLOIN\n2-Partie Centre de l'ouvrage :\n3-Partie Sud de l'ouvrage :\n10/11\nDirection d\u00e9partementale des territoires et de la mer \u2013 D\u00e9l\u00e9gation territoriale Sud\n2 bis rue Saint-Martin 50300 AVRANCHES \u2013 T\u00e9l : 02 33 89 21 70 -  Site internet : www.manche.gouv.fr \nHoraires d'ouverture au public : 09h30-11h30 / 14h00-16h00\nPr\u00e9fecture de la Manche - 50-2025-09-01-00026 - arrete approuvant la convention de concession d utilisation du domaine public\nmaritime DDTM DTS 2025-40 174\nEmprise du perr\u00e9 de l'ASA Jullouville Nord\nL\u00e9gendeOrtho-photo-plan 20MR escalier\nEchelle: 1:5000RGF93 - Lambert 93\n; . \u00bb!' ' ; qy:l; > =\u2014\"_J,D ff-\u2014\nFigure 23 : Situation g\u00e9n\u00e9rale de l'ouvrage et position des escaliers\n4-Plan des escaliers :\n11/11\nDirection d\u00e9partementale des territoires et de la mer \u2013 D\u00e9l\u00e9gation territoriale Sud\n2 bis rue Saint-Martin 50300 AVRANCHES \u2013 T\u00e9l : 02 33 89 21 70 -  Site internet : www.manche.gouv.fr \nHoraires d'ouverture au public : 09h30-11h30 / 14h00-16h00\nPr\u00e9fecture de la Manche - 50-2025-09-01-00026 - arrete approuvant la convention de concession d utilisation du domaine public\nmaritime DDTM DTS 2025-40 175\nPr\u00e9fecture de la Manche\n50-2025-05-06-00003\nArr\u00eat\u00e9 compl\u00e9mentaire relatif \u00e0 l'Arr\u00eat\u00e9\nN\u00b02023-DDTM-SE-0101\nportant d\u00e9claration d'int\u00e9r\u00eat g\u00e9n\u00e9ral au titre de\nl'article l.211-7 du code de l'environnement de\ntravaux issus du programme de restauration des\ncours d'eau du bassin versant du Merderet\nPr\u00e9fecture de la Manche - 50-2025-05-06-00003 - Arr\u00eat\u00e9 compl\u00e9mentaire relatif \u00e0 l'Arr\u00eat\u00e9 N\u00b02023-DDTM-SE-0101\nportant d\u00e9claration d'int\u00e9r\u00eat g\u00e9n\u00e9ral au titre de l'article l.211-7 du code de l'environnement de travaux issus du programme de\nrestauration des cours d'eau du bassin versant du Merderet\n176\nExPREFETDE LA MANCHELibert\u00e9Egalit\u00e9Fraternit\u00e9\nDirection\nd\u00e9partementale\ndes territoires et de la mer\nService Environnement\nUnit\u00e9 Eaux et Milieux Aquatiques\nN\u00b02025-DDTM-SE-076\nARRETE COMPLEMENTAIRE\n Relatif \u00e0 l'Arr\u00eat\u00e9 N\u00b02023-DDTM-SE-0101\nportant d\u00e9claration d'int\u00e9r\u00eat g\u00e9n\u00e9ral\nau titre de l'article l.211-7 du code de l'environnement\nde travaux issus du programme de restauration des cours d'eau \ndu bassin versant du merderet\nLe directeur d\u00e9partementale des territoires et de la mer,\nVu le Code Rural et de la p\u00eache maritime, en particulier les articles L. 151-36 et L. 151-\n37\u00a0;\nVu le Code de l'Environnement, en particulier les articles L.110-1, L.120-1 et suivants,  \nL.211-1, L.211-7 , L.211-7-1, L.435-5\u00a0;\nVu la loi du 29 d\u00e9cembre 1892 sur les dommages caus\u00e9s \u00e0 la propri\u00e9t\u00e9 priv\u00e9e par  \nl'ex\u00e9cution des travaux publics, en particulier l'article 3\u00a0;\nVu l'article  35  de  la  loi  n\u00b02015-991  du  7  ao\u00fbt  2015  portant  nouvelle  organisation \nterritoriale de la R\u00e9publique\u00a0;\nVu l'arr\u00eat\u00e9  pr\u00e9fectoral  n\u00b013-22-CL  en  date  du  4  avril  2013  portant  cr\u00e9ation  de  la \ncommunaut\u00e9 de communes Baie du Cotentin, issue de la fusion des communaut\u00e9s de  \ncommunes  de  Carentan  En  Cotentin  et  Sainte  M\u00e8re  Eglise  et  de  l'adh\u00e9sion  des \ncommunes de Houtteville, Montmartin En Graignes et Tribehou\u00a0;\nVu l'Arr\u00eat\u00e9 n\u00b02024-16-VN du 4 juillet 2024 donnant d\u00e9l\u00e9gation de signature \u00e0 Monsieur \nGuillaume BARRON\u00a0;\nVu l'Arr\u00eat\u00e9 n\u00b0 DDTM-DIR-2025-05 du 15 avril 2025 donnant subd\u00e9l\u00e9gation de signature \nde M. Guillaume BARRON \u00e0 certains de ses collaborateurs\u00a0;\n                                                                                                                                                                                               Page \n1/3\n477 Boulevard de la Doll\u00e9e \u2013 BP 60355 \u2013 50015 Saint-L\u00f4 Cedex \u2013 T\u00e9l : 02 33 06 39 00 \u2013 Fax\u00a0: 02 33 06 39 09\nSite internet\u00a0: www.manche.gouv.fr \u2013 Horaires d'ouverture au public : 09h00-12h00 / 13h30-16h30\nPr\u00e9fecture de la Manche - 50-2025-05-06-00003 - Arr\u00eat\u00e9 compl\u00e9mentaire relatif \u00e0 l'Arr\u00eat\u00e9 N\u00b02023-DDTM-SE-0101\nportant d\u00e9claration d'int\u00e9r\u00eat g\u00e9n\u00e9ral au titre de l'article l.211-7 du code de l'environnement de travaux issus du programme de\nrestauration des cours d'eau du bassin versant du Merderet\n177\nVu la d\u00e9lib\u00e9ration du conseil communautaire de la communaut\u00e9 de communes Baie  \ndu  Cotentin  du  18  d\u00e9cembre  2024  approuvant  le  programme  pluriannuel  de \nrestauration des cours d'eau du bassin versant du Merderet ;\nVu l'arr\u00eat\u00e9 prefectoral n\u00b02023-DDTM-SE-0101 portant d\u00e9claration d'int\u00e9r\u00eat g\u00e9n\u00e9ral au titre  \nde l'article l.211-7 du code de l'environnement de travaux issus du programme de restauration \ndes cours d'eau du bassin versant du merderet, sign\u00e9 le 13 juillet 2023\u00a0;\nVu le dossier constitu\u00e9 conform\u00e9ment aux dispositions de l'article R. 151-40 du Code  \nRural et de la p\u00eache maritime et enregistr\u00e9 sous le n\u00b0 0100285298 ;\nVu l'absence de remarque de la part du Pr\u00e9sident de la communaut\u00e9 de communes  \nBaie du Cotentin lors de la phase contradictoire\u00a0;\nConsid\u00e9rant que  les  travaux  ayant  pour  objet  la  restauration  des  fonctionnalit\u00e9s \nnaturelles des milieux aquatiques permet de garantir l'\u00e9coulement naturel des eaux et \nde contribuer \u00e0 son bon \u00e9tat \u00e9cologique dans le respect de l'article L.211-1 du Code  \nde l'Environnement\u00a0;\nConsid\u00e9rant\u00a0que  tout  travaux  sur  cours  d'eau  relevant  d'une  d\u00e9claration  d'int\u00e9r\u00eat \ng\u00e9n\u00e9ral doit se conformer aux articles L 110-1, L 120-1 et suivants, L 211-1, L 211-7 , L 211-7-\n1 et L 435-5\u00a0;\nA R R \u00ca T E\nArticle 1 :\u00a0P\u00e9rim\u00e8tre des travaux\nLes travaux d\u00e9clar\u00e9s d'int\u00e9r\u00eat g\u00e9n\u00e9ral par l'arr\u00eat\u00e9 prefectoral n\u00b0 2023-DDTM-SE-0101 \nse focalisent sur les cours d'eau\u00a0:\n- Le Merderet,\n- Le Saint Cyr,\n- La F\u00e9ricotterie,\n- Les Heutes,\n- Les Vignets,\n- Le By,\n- Le Moulinet.\nArticle 2 :\u00a0Dur\u00e9e des travaux\nLes travaux sont envisag\u00e9s sur la p\u00e9riode 2025-2027\nArticle 3 : Information \u00e0 la DDTM\nToute modification ou demande de prorogation de cette dur\u00e9e doit \u00eatre valid\u00e9e par \nla DDTM\n                                                                                                                                                                                               Page \n2/3\nPr\u00e9fecture de la Manche - 50-2025-05-06-00003 - Arr\u00eat\u00e9 compl\u00e9mentaire relatif \u00e0 l'Arr\u00eat\u00e9 N\u00b02023-DDTM-SE-0101\nportant d\u00e9claration d'int\u00e9r\u00eat g\u00e9n\u00e9ral au titre de l'article l.211-7 du code de l'environnement de travaux issus du programme de\nrestauration des cours d'eau du bassin versant du Merderet\n178\nArticle 4\u00a0: Publication\nLe pr\u00e9sent arr\u00eat\u00e9 est publi\u00e9 aux recueils des actes administratifs de la pr\u00e9fecture. Il  \nest \u00e9galement consultable pendant une dur\u00e9e d'un an sur le portail Internet des  \nservices de l'\u00c9tat dans la Manche.\nUne copie dudit arr\u00eat\u00e9 est d\u00e9pos\u00e9e en mairies de  Sainte-M\u00e8re-l'\u00c9glise, Neuville-au-  \nPlain, Picauville, S\u00e9beville, Turqueville, Carquebut et Beuzeville-la-Bastille pour mise \u00e0  \ndisposition  de  toute  personne  int\u00e9ress\u00e9e\u00a0;  elle  est  affich\u00e9e  dans  ces  communes \npendant une dur\u00e9e minimale d'un mois.\nUn avis est ins\u00e9r\u00e9 par les soins du pr\u00e9fet et aux frais des permissionnaires dans la  \npresse locale. \nArticle 5\u00a0: voies et d\u00e9lai de recours\nLe pr\u00e9sent arr\u00eat\u00e9 peut faire l'objet d'un recours devant le tribunal administratif de  \nCaen \u00e0 compter de sa publication au recueil des actes administratifs de la pr\u00e9fecture  \nde la Manche, par les permissionnaires dans un d\u00e9lai de deux mois et par les tiers,  \npersonnes  physiques  ou  morales  dans  un  d\u00e9lai  d'un  an  devant  la  juridiction \nadministrative. \nLe  tribunal  administratif  peut  aussi  \u00eatre  saisi  par  l'application  informatique \n\u00ab\u00a0T\u00e9l\u00e9recours Citoyens\u00a0\u00bb accessible par le site internet www.telerecours.fr\nToutefois, si le d\u00e9but des travaux n'est pas intervenu six mois apr\u00e8s la publication ou  \nl'affichage de ces d\u00e9cisions, le d\u00e9lai de recours continue \u00e0 courir jusqu'\u00e0 l'expiration  \nd'une p\u00e9riode de six mois apr\u00e8s ce d\u00e9but des travaux.\nArticle 6 : Ex\u00e9cution\nLa secr\u00e9taire g\u00e9n\u00e9rale de la pr\u00e9fecture de la Manche, le sous-pr\u00e9fet de Cherbourg, le \ndirecteur d\u00e9partementale des territoires et de la mer, le pr\u00e9sident de la communaut\u00e9  \nde communes de la Baie du Cotentin, le d\u00e9l\u00e9gu\u00e9 d\u00e9partemental de l'office fran\u00e7ais de \nla biodiversit\u00e9 sont charg\u00e9s chacun en ce qui le concerne de l'ex\u00e9cution du pr\u00e9sent  \narr\u00eat\u00e9, qui  sera  ins\u00e9r\u00e9  au  recueil  des  actes  administratifs  de  la  pr\u00e9fecture  de  la \nManche.  \n                                                               Pour le Pr\u00e9fet et par d\u00e9l\u00e9gation,\n                                                                Pour le directeur d\u00e9partemental des territoires et \nde la mer de la Manche,\nLe chef du Service Environnement,\n                                                    sign\u00e9 le 6 mai 2025, \u00e0 Saint-l\u00f4\n                                                      Olivier CATTIAUX\n                                                                                                                                                                                               Page \n3/3\n477 Boulevard de la Doll\u00e9e \u2013 BP 60355 \u2013 50015 Saint-L\u00f4 Cedex \u2013 T\u00e9l : 02 33 06 39 00 \u2013 Fax\u00a0: 02 33 06 39 09\nSite internet\u00a0: www.manche.gouv.fr \u2013 Horaires d'ouverture au public : 09h00-12h00 / 13h30-16h30\nPr\u00e9fecture de la Manche - 50-2025-05-06-00003 - Arr\u00eat\u00e9 compl\u00e9mentaire relatif \u00e0 l'Arr\u00eat\u00e9 N\u00b02023-DDTM-SE-0101\nportant d\u00e9claration d'int\u00e9r\u00eat g\u00e9n\u00e9ral au titre de l'article l.211-7 du code de l'environnement de travaux issus du programme de\nrestauration des cours d'eau du bassin versant du Merderet\n179\nPr\u00e9fecture de la Manche\n50-2025-09-04-00001\nArr\u00eat\u00e9 du 4 septembre 2025 fixant la liste des\ncommunes qui peuvent b\u00e9n\u00e9ficier de l'assistance\ntechnique mise \u00e0 disposition par le d\u00e9partement\nau sens de l'article R.3232-1 du CGCT en 2025\nPr\u00e9fecture de la Manche - 50-2025-09-04-00001 - Arr\u00eat\u00e9 du 4 septembre 2025 fixant la liste des communes qui peuvent b\u00e9n\u00e9ficier de\nl'assistance technique mise \u00e0 disposition par le d\u00e9partement au sens de l'article R.3232-1 du CGCT en 2025 180\nSecr\u00e9tariat g\u00e9n\u00e9ral\nDirection des collectivit\u00e9s, de la citoyennet\u00e9 et de la l\u00e9galit\u00e9\nBureau des finances locales\nAffaire suivie par pref-finances-locales@manche.gouv.fr\nN\u00b0 2025-216-MF\nArr\u00eat\u00e9 du 4 septembre 2025 fixant la liste des communes qui peuvent b\u00e9n\u00e9ficier\nde l'assistance technique mise \u00e0 disposition par le d\u00e9partement\nau sens de l'article R.3232-1 du CGCT\nen 2025\nLe pr\u00e9fet de la Manche,\nChevalier de la L\u00e9gion d'Honneur\nChevalier de l'Ordre National du M\u00e9rite \nVU les articles R. 3232-1 et R. 3232-1-5 du code g\u00e9n\u00e9ral des collectivit\u00e9s territoriales ;\nA R R \u00ca T E\nArticle  1  er   :  Les  communes  figurant  sur  la  liste  annex\u00e9e  au  pr\u00e9sent  arr\u00eat\u00e9  peuvent\nb\u00e9n\u00e9ficier  de l'assistance technique mise \u00e0 disposition par le d\u00e9partement au sens de\nl'article R.3232-1 du CGCT en 2025.\nArticle  2 : Conform\u00e9ment  aux  dispositions  de  l'article  R  421-5  du  code  de  justice\nadministrative, la pr\u00e9sente d\u00e9cision peut faire l'objet d'un recours contentieux devant le\ntribunal  administratif  de  Caen  dans  le  d\u00e9lai  de  2  mois  courant  \u00e0  compter  de  la\nnotification de celle-ci.\nArticle 3  :  La secr\u00e9taire g\u00e9n\u00e9rale de la pr\u00e9fecture est charg\u00e9e de l'ex\u00e9cution du pr\u00e9sent\narr\u00eat\u00e9 qui sera publi\u00e9 au recueil des actes administratifs.\nSaint-L\u00f4 le 4 septembre 2025\nSign\u00e9\nPour le pr\u00e9fet, \nLa secr\u00e9taire g\u00e9n\u00e9rale, Perrine SERRE\nPr\u00e9fecture de la Manche \u2013 BP 70522 \u2013 50002 SAINT-L\u00d4 \u2013 T\u00e9l. : 02.33.75.49.50 \u2013 M\u00e9l. : prefecture@manche.gouv.fr\nAccueil du public les lundi, mardi, jeudi et vendredi  : \n- point accueil num\u00e9rique de 8h30 \u00e0 12h uniquement sur rendez-vous\nAccueil g\u00e9n\u00e9ral ouvert du lundi au vendredi de 8h30 \u00e0 12h et de 13h30 \u00e0 16h30\nPr\u00e9fecture de la Manche - 50-2025-09-04-00001 - Arr\u00eat\u00e9 du 4 septembre 2025 fixant la liste des communes qui peuvent b\u00e9n\u00e9ficier de\nl'assistance technique mise \u00e0 disposition par le d\u00e9partement au sens de l'article R.3232-1 du CGCT en 2025 181\nNom Commune 2025\n50004 AIREL\n50013 ANNEVILLE-EN-SAIRE\n50016 APPEVILLE\n50019 AUCEY-LA-PLAINE\n50021 AUDOUVILLE-LA-HUBERT\n50022 AUMEVILLE-LESTRE\n50023 AUVERS\n50024 AUXAIS\n50026 AZEVILLE\n50027 BACILLY\n50028 BALEINE\n50029 BARENTON\n50030 BARFLEUR\n50032 BARRE-DE-SEMILLY\n50034 BAUDRE\n50033 BEAUBIGNY\n50038 BEAUCHAMPS\n50039 BEAUCOUDRAY\n50040 BEAUFICEL\n50044 BELVAL\n50045 BENOITVILLE\n50046 BERIGNY\n50048 BESLON\n50049 BESNEVILLE\n50050 BEUVRIGNY\n50052 BEUZEVILLE-LA-BASTILLE\n50054 BIEVILLE\n50055 BINIVILLE\n50058 BLAINVILLE-SUR-MER\n50059 BLOSVILLE\n50060 BLOUTIERE\n50062 BOISYVON\n50064 BONNEVILLE\n50069 BOURGUENOLLES\n50546 BOURGVALLEES\n50070 BOUTTEVILLE\n50072 BRAINVILLE\n50076 BREHAL\n50077 BRETTEVILLE\n50078 BRETTEVILLE-SUR-AY\n50079 BREUVILLE\n50081 BREVILLE-SUR-MER\n50083 BRICQUEBOSQ\n50084 BRICQUEVILLE-LA-BLOUETTE\n50085 BRICQUEVILLE-SUR-MER\n50086 BRILLEVAST\nAnnexe \u00e0 l'arr\u00eat\u00e9 n\u00b0 2025-216-MF du 4 \nseptembre fixant la liste des communes qui \npeuvent b\u00e9n\u00e9ficier de l'assistance technique \nmise \u00e0 disposition par le d\u00e9partement au \nsens de l'article R.3232-1 du CGCT. \nCode INSEE \n2025\nPr\u00e9fecture de la Manche - 50-2025-09-04-00001 - Arr\u00eat\u00e9 du 4 septembre 2025 fixant la liste des communes qui peuvent b\u00e9n\u00e9ficier de\nl'assistance technique mise \u00e0 disposition par le d\u00e9partement au sens de l'article R.3232-1 du CGCT en 2025 182\nNom Commune 2025Code INSEE \n2025\n50088 BROUAINS\n50090 BUAIS-LES-MONTS\n50092 CAMBERNON\n50093 CAMETOURS\n50094 CAMPROND\n50095 CANISY\n50096 CANTELOUP\n50097 CANVILLE-LA-ROCQUE\n50098 CARANTILLY\n50101 CARNEVILLE\n50102 CAROLLES\n50106 CAVIGNY\n50108 CEAUX\n50109 CERENCES\n50110 CERISY-LA-FORET\n50111 CERISY-LA-SALLE\n50112 CHAISE-BAUDOUIN\n50117 CHAMPEAUX\n50118 CHAMPREPUS\n50120 CHANTELOUP\n50121 CHAPELLE-CECELIN\n50124 CHAPELLE-UREE\n50514 CHAULIEU\n50126 CHAVOY\n50130 CHERENCE-LE-HERON\n50135 CLITOURPS\n50137 COLOMBE\n50138 COLOMBY\n50143 COUDEVILLE-SUR-MER\n50144 COULOUVRAY-BOISBENATRE\n50145 COURCY\n50146 COURTILS\n50148 COUVAINS\n50149 COUVILLE\n50150 CRASVILLE\n50151 CREANCES\n50152 CRESNAYS\n50155 CROLLON\n50159 DANGY\n50161 DEZERT\n50162 DIGOSVILLE\n50164 DOMJEAN\n50166 DOVILLE\n50167 DRAGEY-RONTHON\n50169 ECAUSSEVILLE\n50172 EMONDEVILLE\n50174 EQUILLY\n50177 ETIENVILLE\n50178 FERMANVILLE\n50181 FEUGERES\n50182 FEUILLIE\n50183 FIERVILLE-LES-MINES\n50185 FLEURY\nPr\u00e9fecture de la Manche - 50-2025-09-04-00001 - Arr\u00eat\u00e9 du 4 septembre 2025 fixant la liste des communes qui peuvent b\u00e9n\u00e9ficier de\nl'assistance technique mise \u00e0 disposition par le d\u00e9partement au sens de l'article R.3232-1 du CGCT en 2025 183\nNom Commune 2025Code INSEE \n2025\n50186 FLOTTEMANVILLE\n50188 FOLLIGNY\n50190 FONTENAY-SUR-MER\n50192 FOURNEAUX\n50193 FRESNE-PORET\n50194 FRESVILLE\n50195 GATHEMO\n50196 GATTEVILLE-LE-PHARE\n50197 GAVRAY-SUR-SIENNE\n50198 GEFFOSSES\n50199 GENETS\n50200 GER\n50205 GODEFROY\n50207 GOLLEVILLE\n50208 GONFREVILLE\n50209 GONNEVILLE-LE THEIL\n50210 GORGES\n50214 GOUVETS\n50215 GOUVILLE-SUR-MER\n50216 GRAIGNES-MESNIL-ANGOT\n50217 GRAND-CELLAND\n50391 GRANDPARIGNY\n50219 GRATOT\n50221 GRIMESNIL\n50222 GROSVILLE\n50225 GUISLAIN\n50227 HAM\n50228 HAMBYE\n50229 HAMELIN\n50230 HARDINVAST\n50232 HAUTEVILLE-LA-GUICHARD\n50231 HAUTEVILLE-SUR-MER\n50233 HAUTTEVILLE-BOCAGE\n50234 HAYE-BELLEFOND\n50235 HAYE-D'ECTOT\n50237 HAYE-PESNEL\n50238 HEAUVILLE\n50240 HELLEVILLE\n50241 HEMEVEZ\n50243 HEUGUEVILLE-SUR-SIENNE\n50246 HIESVILLE\n50247 HOCQUIGNY\n50251 HUBERVILLE\n50252 HUDIMESNIL\n50253 HUISNES-SUR-MER\n50258 JOGANVILLE\n50259 JUILLEY\n50066 JULLOUVILLE\n50260 JUVIGNY LES VALLEES\n50236 LA HAYE\n50261 LAMBERVILLE\n50262 LANDE-D'AIROU\n50263 LAPENTY\nPr\u00e9fecture de la Manche - 50-2025-09-04-00001 - Arr\u00eat\u00e9 du 4 septembre 2025 fixant la liste des communes qui peuvent b\u00e9n\u00e9ficier de\nl'assistance technique mise \u00e0 disposition par le d\u00e9partement au sens de l'article R.3232-1 du CGCT en 2025 184\nNom Commune 2025Code INSEE \n2025\n50265 LAULNE\n50115 LE GRIPPON\n50535 LE PARC\n50266 LENGRONNE\n50267 LESSAY\n50268 LESTRE\n50269 LIESVILLE-SUR-DOUVE\n50270 LIEUSAINT\n50271 LINGEARD\n50274 LOGES-MARCHIS\n50275 LOGES-SUR-BRECEY\n50276 LOLIF\n50277 LONGUEVILLE\n50278 LOREUR\n50279 LOREY\n50281 LUCERNE-D'OUTREMER\n50282 LUOT\n50283 LUZERNE\n50285 MAGNEVILLE\n50289 MARCHESIEUX\n50290 MARCILLY\n50291 MARGUERAY\n50292 MARIGNY-LE-LOZON\n50294 MARTINVAST\n50295 MAUPERTUIS\n50296 MAUPERTUS-SUR-MER\n50297 MEAUFFE\n50299 MESNIL\n50300 MESNIL-ADELEE\n50302 MESNIL-AMEY\n50305 MESNIL-AU-VAL\n50304 MESNIL-AUBERT\n50310 MESNIL-EURY\n50311 MESNIL-GARNIER\n50312 MESNIL-GILBERT\n50317 MESNIL-OZENNE\n50321 MESNIL-ROUXELIN\n50324 MESNIL-VENERON\n50326 MESNIL-VILLEMAN\n50315 MESNILLARD\n50327 MEURDRAQUIERE\n50328 MILLIERES\n50332 MOITIERS-D'ALLONNE\n50334 MONTABOT\n50335 MONTAIGU-LA-BRISETTE\n50336 MONTAIGU-LES-BOIS\n50338 MONTBRAY\n50340 MONTCUIT\n50341 MONTEBOURG\n50342 MONTFARVILLE\n50345 MONTHUCHON\n50347 MONTJOIE-SAINT-MARTIN\n50349 MONTMARTIN-SUR-MER\nPr\u00e9fecture de la Manche - 50-2025-09-04-00001 - Arr\u00eat\u00e9 du 4 septembre 2025 fixant la liste des communes qui peuvent b\u00e9n\u00e9ficier de\nl'assistance technique mise \u00e0 disposition par le d\u00e9partement au sens de l'article R.3232-1 du CGCT en 2025 185\nNom Commune 2025Code INSEE \n2025\n50350 MONTPINCHON\n50351 MONTRABOT\n50352 MONTREUIL-SUR-LOZON\n50273 MONTSENELLE\n50356 MOON-SUR-ELLE\n50357 MORIGNY\n50359 MORTAIN-BOCAGE\n50360 MORVILLE\n50361 MOUCHE\n50362 MOULINES\n50363 MOYON VILLAGES\n50364 MUNEVILLE-LE-BINGARD\n50365 MUNEVILLE-SUR-MER\n50368 NAY\n50369 NEGREVILLE\n50370 NEHOU\n50371 NEUFBOURG\n50372 NEUFMESNIL\n50373 NEUVILLE-AU-PLAIN\n50374 NEUVILLE-EN-BEAUMONT\n50376 NICORPS\n50378 NOTRE-DAME-DE-CENILLY\n50379 NOTRE-DAME-DE-LIVOYE\n50382 NOUAINVILLE\n50384 OCTEVILLE-L'AVENEL\n50387 ORGLANDES\n50388 ORVAL SUR SIENNE\n50389 OUVILLE\n50393 PERCY-EN-NORMANDIE\n50394 PERIERS\n50395 PERNELLE\n50397 PERRIERS-EN-BEAUFICEL\n50398 PERRON\n50399 PETIT-CELLAND\n50400 PICAUVILLE\n50401 PIERREVILLE\n50403 PIROU\n50405 PLESSIS-LASTELLE\n50407 POILLEY\n50409 PONT-HEBERT\n50408 PONTAUBAULT\n50410 PONTORSON\n50411 PONTS\n50413 PRECEY\n50417 QUETTEHOU\n50419 QUETTREVILLE-SUR-SIENNE\n50420 QUIBOU\n50421 QUINEVILLE\n50423 RAMPAN\n50425 RAUVILLE-LA-BIGOT\n50426 RAUVILLE-LA-PLACE\n50428 REFFUVEILLE\n50429 REGNEVILLE-SUR-MER\nPr\u00e9fecture de la Manche - 50-2025-09-04-00001 - Arr\u00eat\u00e9 du 4 septembre 2025 fixant la liste des communes qui peuvent b\u00e9n\u00e9ficier de\nl'assistance technique mise \u00e0 disposition par le d\u00e9partement au sens de l'article R.3232-1 du CGCT en 2025 186\nNom Commune 2025Code INSEE \n2025\n50430 REIGNEVILLE-BOCAGE\n50431 REMILLY LES MARAIS\n50433 REVILLE\n50435 ROCHEVILLE\n50437 RONCEY\n50442 ROZEL\n50443 SACEY\n50444 SAINT-AMAND-VILLAGES\n50445 SAINT-ANDRE-DE-BOHON\n50446 SAINT-ANDRE-DE-L'EPINE\n50448 SAINT-AUBIN-DE-TERREGATTE\n50447 SAINT-AUBIN-DES-PREAUX\n50450 SAINT-BARTHELEMY\n50451 SAINT-BRICE\n50452 SAINT-BRICE-DE-LANDELLES\n50454 SAINT-CHRISTOPHE-DU-FOC\n50455 SAINT-CLAIR-SUR-L'ELLE\n50456 SAINT-CLEMENT-RANCOUDRAY\n50461 SAINT-CYR\n50462 SAINT-CYR-DU-BAILLEUL\n50463 SAINT-DENIS-LE-GAST\n50464 SAINT-DENIS-LE-VETU\n50467 SAINT-FLOXEL\n50473 SAINT-GEORGES-D'ELLE\n50471 SAINT-GEORGES-DE-LA-RIVIERE\n50472 SAINT-GEORGES-DE-LIVOYE\n50474 SAINT-GEORGES-DE-ROUELLEY\n50476 SAINT-GERMAIN-D'ELLE\n50478 SAINT-GERMAIN-DE-TOURNEBUT\n50479 SAINT-GERMAIN-DE-VARREVILLE\n50480 SAINT-GERMAIN-LE-GAILLARD\n50481 SAINT-GERMAIN-SUR-AY\n50482 SAINT-GERMAIN-SUR-SEVES\n50483 SAINT-GILLES\n50487 SAINT-JAMES\n50492 SAINT-JEAN-D'ELLE\n50488 SAINT-JEAN-DE-DAYE\n50489 SAINT-JEAN-DE-LA-HAIZE\n50490 SAINT-JEAN-DE-LA-RIVIERE\n50491 SAINT-JEAN-DE-SAVIGNY\n50493 SAINT-JEAN-DES-CHAMPS\n50495 SAINT-JEAN-DU-CORAIL-DES-BOIS\n50498 SAINT-JOSEPH\n50499 SAINT-LAURENT-DE-CUVES\n50504 SAINT-LOUET-SUR-VIRE\n50505 SAINT-LOUP\n50506 SAINT-MALO-DE-LA-LANDE\n50507 SAINT-MARCOUF\n50510 SAINT-MARTIN-D'AUBIGNY\n50511 SAINT-MARTIN-D'AUDOUVILLE\n50512 SAINT-MARTIN-DE-BONFOSSE\n50513 SAINT-MARTIN-DE-CENILLY\n50517 SAINT-MARTIN-DE-VARREVILLE\nPr\u00e9fecture de la Manche - 50-2025-09-04-00001 - Arr\u00eat\u00e9 du 4 septembre 2025 fixant la liste des communes qui peuvent b\u00e9n\u00e9ficier de\nl'assistance technique mise \u00e0 disposition par le d\u00e9partement au sens de l'article R.3232-1 du CGCT en 2025 187\nNom Commune 2025Code INSEE \n2025\n50518 SAINT-MARTIN-LE-BOUILLANT\n50519 SAINT-MARTIN-LE-GREARD\n50521 SAINT-MAUR-DES-BOIS\n50522 SAINT-MAURICE-EN-COTENTIN\n50525 SAINT-MICHEL-DE-MONTJOIE\n50528 SAINT-NICOLAS-DE-PIERREPONT\n50529 SAINT-NICOLAS-DES-BOIS\n50531 SAINT-OVIN\n50533 SAINT-PATRICE-DE-CLAIDS\n50536 SAINT-PIERRE-D'ARTHEGLISE\n50538 SAINT-PIERRE-DE-SEMILLY\n50539 SAINT-PIERRE-EGLISE\n50540 SAINT-PIERRE-LANGERS\n50541 SAINT-PLANCHERS\n50542 SAINT-POIS\n50543 SAINT-QUENTIN-SUR-LE-HOMME\n50548 SAINT-SAUVEUR-DE-PIERREPONT\n50549 SAINT-SAUVEUR-LA-POMMERAYE\n50550 SAINT-SAUVEUR-VILLAGES\n50553 SAINT-SENIER-DE-BEUVRON\n50563 SAINT-VIGOR-DES-MONTS\n50453 SAINTE-CECILE\n50457 SAINTE-COLOMBE\n50469 SAINTE-GENEVIEVE\n50509 SAINTE-MARIE-DU-MONT\n50523 SAINTE-MERE-EGLISE\n50556 SAINTE-SUZANNE-SUR-VIRE\n50565 SARTILLY-BAIE-BOCAGE\n50567 SAUSSEMESNIL\n50568 SAUSSEY\n50569 SAVIGNY\n50570 SAVIGNY-LE-VIEUX\n50574 SERVON\n50575 SIDEVILLE\n50578 SORTOSVILLE\n50580 SOTTEVILLE\n50582 SOURDEVAL\n50584 SUBLIGNY\n50585 SURTAINVILLE\n50588 TAMERVILLE\n50589 TANIS\n50590 TANU\n50564 TERRE-ET-MARAIS\n50592 TESSY-BOCAGE\n50593 TEURTHEVILLE-BOCAGE\n50594 TEURTHEVILLE-HAGUE\n50239 THEREVAL\n50596 THEVILLE\n50597 TIREPIED-SUR-SEE\n50598 TOCQUEVILLE\n50599 TOLLEVAST\n50601 TORIGNY-LES-VILLES\n50272 TOURNEVILLE-SUR-MER\nPr\u00e9fecture de la Manche - 50-2025-09-04-00001 - Arr\u00eat\u00e9 du 4 septembre 2025 fixant la liste des communes qui peuvent b\u00e9n\u00e9ficier de\nl'assistance technique mise \u00e0 disposition par le d\u00e9partement au sens de l'article R.3232-1 du CGCT en 2025 188\nNom Commune 2025Code INSEE \n2025\n50603 TOURVILLE-SUR-SIENNE\n50606 TRIBEHOU\n50607 TRINITE\n50609 TURQUEVILLE\n50610 URVILLE\n50612 VAINS\n50613 VALCANVILLE\n50617 VARENGUEBEC\n50618 VAROUVILLE\n50619 VAST\n50621 VAUDREVILLE\n50624 VENDELEE\n50626 VER\n50628 VERNIX\n50629 VESLY\n50633 VICEL\n50142 VICQ-SUR-MER\n50634 VIDECOSVILLE\n50637 VILLEBAUDON\n50641 VILLIERS-FOSSARD\n50643 VIRANDEVILLE\n50648 YVETOT-BOCAGE\nPr\u00e9fecture de la Manche - 50-2025-09-04-00001 - Arr\u00eat\u00e9 du 4 septembre 2025 fixant la liste des communes qui peuvent b\u00e9n\u00e9ficier de\nl'assistance technique mise \u00e0 disposition par le d\u00e9partement au sens de l'article R.3232-1 du CGCT en 2025 189\nPr\u00e9fecture de la Manche\n50-2025-09-17-00001\nArr\u00eat\u00e9 instaurant un p\u00e9rim\u00e8tre de protection aux\nabords de la commune du Mont-Saint-Michel\nPr\u00e9fecture de la Manche - 50-2025-09-17-00001 - Arr\u00eat\u00e9 instaurant un p\u00e9rim\u00e8tre de protection aux abords de la commune du\nMont-Saint-Michel 190\nExPREFETDE LA MANCHEijerte'Egalit\u00e9Fraternit\u00e9\nCabinet\nDirection des s\u00e9curit\u00e9s\nBureau de la s\u00e9curit\u00e9 et de la r\u00e9glementation\nA R R E T E     \ninstaurant un p\u00e9rim\u00e8tre de protection aux abords de la \ncommune du Mont-Saint-Michel\nLE PR\u00c9FET DE LA MANCHE\nChevalier de la L\u00e9gion d'honneur\nChevalier de l'ordre national du M\u00e9rite\nVU le Code de la s\u00e9curit\u00e9 int\u00e9rieure, notamment son article L.226-1 ;\nVU le  d\u00e9cret  n\u00b0  2004-374  du  29  avril  2004  modifi\u00e9  relatif  aux  pouvoirs  des  pr\u00e9fets,  \u00e0 \nl'organisation et \u00e0 l'action des services de l'\u00c9tat dans les r\u00e9gions et d\u00e9partements ;\nVU le d\u00e9cret du 13 juillet 2023 portant nomination de M. Xavier BRUNETI\u0116RE, pr\u00e9fet de la  \nManche ;\nVU le d\u00e9cret du 10 juillet 2025 portant nomination de M. Fran\u00e7ois LE VERGER, sous-pr\u00e9fet,  \ndirecteur de cabinet du pr\u00e9fet de la Manche ;\nVU l'arr\u00eat\u00e9 du 04 ao\u00fbt 2025 donnant d\u00e9l\u00e9gation de signature \u00e0 M. Fran\u00e7ois LE VERGER, sous-\npr\u00e9fet, directeur de cabinet ;\nCONSID\u00c9RANT qu'en application de l'article L. 226-1 du Code de la s\u00e9curit\u00e9 int\u00e9rieure, \u00ab  afin \nd'assurer la s\u00e9curit\u00e9 d'un lieu ou d'un \u00e9v\u00e9nement expos\u00e9 \u00e0 un risque d'actes de terrorisme \u00e0  \nraison de sa nature et de l'ampleur de sa fr\u00e9quentation, le repr\u00e9sentant de l'Etat dans le  \nd\u00e9partement ou, \u00e0 Paris, le pr\u00e9fet de police peut instituer par arr\u00eat\u00e9 motiv\u00e9 un p\u00e9rim\u00e8tre de  \nprotection au sein duquel l'acc\u00e8s et la circulation des personnes sont r\u00e9glement\u00e9s. \u00bb ;\nCONSID\u00c9RANT la pr\u00e9gnance de la menace terroriste sur le territoire national ;\nCONSID\u00c9RANT que plusieurs attentats ou tentatives d'attentats r\u00e9cents, notamment ceux  \nperp\u00e9tr\u00e9s au m\u00e9morial de l'Holocauste \u00e0 Berlin (Allemagne) le 21 f\u00e9vrier 2025 et \u00e0 Mulhouse  \n(France) le 22 f\u00e9vrier 2025, ont encore accru le niveau de la menace terroriste ;\nCONSID\u00c9RANT que le plan Vigipirate est relev\u00e9 depuis le 25 mars 2024 au niveau urgence  \nattentat, niveau le plus \u00e9lev\u00e9, sur l'ensemble du territoire national ;\nCONSID\u00c9RANT que le Mont-Saint-Michel est l'un des principaux sites touristiques fran\u00e7ais et  \nqu'il accueille chaque ann\u00e9e environ 2,5 millions de personnes ;\nCONSID\u00c9RANT que l'importance de la symbolique religieuse du Mont-Saint-Michel et de son  \nabbaye l'expose \u00e0 un risque d'actes de terrorisme ;\nPr\u00e9fecture de la Manche \u2013 BP 70522 \u2013 50002 SAINT-L\u00d4 \u2013 T\u00e9l. : 02.33.75.49.50 \u2013 M\u00e9l. : prefecture@manche.gouv.fr\nAccueil du public les lundi, mardi, jeudi et vendredi : \n- Bureau des migrations et de l'int\u00e9gration : uniquement sur rendez-vous\n- point accueil num\u00e9rique de 8h30 \u00e0 12h30 uniquement sur rendez-vous\nAccueil g\u00e9n\u00e9ral ouvert du lundi au vendredi de 8h30 \u00e0 12h30 et de 14h00 \u00e0 17h00\nPr\u00e9fecture de la Manche - 50-2025-09-17-00001 - Arr\u00eat\u00e9 instaurant un p\u00e9rim\u00e8tre de protection aux abords de la commune du\nMont-Saint-Michel 191\nCONSID\u00c9RANT que le mois d'octobre g\u00e9n\u00e8re encore une forte fr\u00e9quentation du site, notamment \nen raison de l'afflux de touristes internationaux, du triathlon international \u00ab  BAYMAN \u00bb du 10  \noctobre au 12 octobre 2025, des vacances de la Toussaint du 18 octobre au 31 octobre 2025 ;\nCONSID\u00c9RANT que,  pour  pr\u00e9venir  ces  \u00e9v\u00e8nements,  il  y  a  lieu  d'instaurer  un  p\u00e9rim\u00e8tre  de \nprotection aux abords du Mont-Saint-Michel aux fins de pr\u00e9vention d'un acte de terrorisme  ; que \ncompte tenu de la topographie des lieux, ce p\u00e9rim\u00e8tre doit englober l'ensemble du Mont-Saint-\nMichel intra-muros et de l'esplanade devant l'entr\u00e9e, de la passerelle, et une partie de la baie aux  \nabords imm\u00e9diats du Mont et de la passerelle, ainsi que le site de \u00ab  la Caserne \u00bb, conform\u00e9ment \nau plan en annexe, ces lieux \u00e9tant les seuls acc\u00e8s possibles au Mont-Saint-Michel ;\nCONSID\u00c9RANT qu'il y a lieu d'autoriser les agents de la police municipale mutualis\u00e9e du Mont-\nSaint-Michel  \u00e0  participer  aux  contr\u00f4les  d'acc\u00e8s  sous  l'autorit\u00e9  d'un  officier  de  police  \njudiciaire, afin de renforcer les effectifs d\u00e9ploy\u00e9s par les services de gendarmerie ;\nCONSID\u00c9RANT  que ce p\u00e9rim\u00e8tre doit \u00eatre instaur\u00e9 du 10 octobre 2025 au 31 octobre 2025  \ninclus, de 8h00 \u00e0 23h00, principale plage horaire de fr\u00e9quentation touristique en cette p\u00e9riode ;\nSUR proposition du sous-pr\u00e9fet, directeur de cabinet du pr\u00e9fet de la Manche ;\nARR\u00caTE\nArt. 1  er   : Il est instaur\u00e9 un p\u00e9rim\u00e8tre de protection aux abords du Mont-Saint-Michel du 10 octobre \n2025 au 31 octobre 2025 inclus, de 8h00 \u00e0 23h00.\nArt. 2  : Le p\u00e9rim\u00e8tre de protection comprend l'ensemble du Mont-Saint-Michel intra-muros et de  \nl'esplanade devant l'entr\u00e9e, la passerelle, et une partie de la baie aux abords imm\u00e9diats du Mont  \net de la passerelle. Il englobe \u00e9galement les parkings et le site de \u00ab la Caserne \u00bb, conform\u00e9ment au \nplan en annexe.\nArt. 3  : Les points d'acc\u00e8s \u00e0 ce p\u00e9rim\u00e8tre de protection se situent aux entr\u00e9es du parking, les  \ncontr\u00f4les pourront \u00eatre r\u00e9alis\u00e9s \u00e0 l'int\u00e9rieur et aux abords du p\u00e9rim\u00e8tre, conform\u00e9ment au plan en \nannexe.\nArt. 4 : Les mesures de contr\u00f4le suivantes sont autoris\u00e9es :\nPour l'acc\u00e8s des pi\u00e9tons :\n- Palpations de s\u00e9curit\u00e9 par une personne de m\u00eame sexe, inspection visuelle et fouille des bagages  \npar des officiers de police judiciaire mentionn\u00e9s aux 2 \u00e0 4 de l'article 16 du Code de Proc\u00e9dure  \nP\u00e9nale, et sous la responsabilit\u00e9 de ceux-ci, les agents de police judiciaire mentionn\u00e9s \u00e0 l'article 20  \net aux 1, 1 bis et 1 ter de l'article 21 du m\u00eame code ;\n-  Sous l'autorit\u00e9 d'un officier de police judiciaire, palpations de s\u00e9curit\u00e9, inspection visuelle et  \nfouille des bagages par les agents de police municipale.\nCes  mesures  de  v\u00e9rification  sont  subordonn\u00e9es  au  consentement  des  personnes  souhaitant \nacc\u00e9der ou circuler \u00e0 l'int\u00e9rieur du p\u00e9rim\u00e8tre. En cas de refus de s'y conformer, ces personnes ne  \nsont pas admises \u00e0 y p\u00e9n\u00e9trer ou peuvent \u00eatre reconduites \u00e0 l'ext\u00e9rieur du p\u00e9rim\u00e8tre par un  \nofficier de police judiciaire mentionn\u00e9 aux 2 \u00e0 4 de l'article 16 du Code de Proc\u00e9dure P\u00e9nale, et  \nsous la responsabilit\u00e9 de celui-ci, par un agent de police judiciaire mentionn\u00e9 \u00e0 l'article 20 et aux 1, \n1 bis et 1 ter de l'article 21 du m\u00eame code.\n2\nPr\u00e9fecture de la Manche - 50-2025-09-17-00001 - Arr\u00eat\u00e9 instaurant un p\u00e9rim\u00e8tre de protection aux abords de la commune du\nMont-Saint-Michel 192\nPour l'acc\u00e8s des v\u00e9hicules :\nL'acc\u00e8s et la circulation des v\u00e9hicules \u00e0 l'int\u00e9rieur du p\u00e9rim\u00e8tre sont subordonn\u00e9s \u00e0 la visite du  \nv\u00e9hicule avec le consentement du conducteur, par des officiers de police judiciaire mentionn\u00e9s  \naux 2 \u00e0 4 de l'article 16 du Code de Proc\u00e9dure P\u00e9nale, et sous la responsabilit\u00e9 de ceux-ci, les  \nagents de police judiciaire mentionn\u00e9s \u00e0 l'article 20 et aux 1, 1 bis et 1 ter de l'article 21 du m\u00eame  \ncode ;\nArt. 5  : Les personnes devant acc\u00e9der r\u00e9guli\u00e8rement \u00e0 l'int\u00e9rieur du p\u00e9rim\u00e8tre de protection sont  \ninvit\u00e9es \u00e0 se signaler \u00e0 l'autorit\u00e9 administrative afin de pouvoir faire l'objet d'une mesure de  \nfiltrage acc\u00e9l\u00e9r\u00e9, sur pr\u00e9sentation d'un justificatif de domicile ou d'un contrat de travail d'une  \nentreprise riveraine. Les habitants de la commune et les personnes y travaillant sont exempt\u00e9es  \ndes mesures de contr\u00f4le. Toute facilit\u00e9 leur est faite pour p\u00e9n\u00e9trer et circuler librement dans le  \np\u00e9rim\u00e8tre.\nArt. 6 : Le pr\u00e9sent arr\u00eat\u00e9 entre en vigueur \u00e0 compter de sa date de publication.\nArt. 7  : Le directeur de cabinet, le  sous-pr\u00e9fet d'Avranches, le  commandant du groupement de  \ngendarmerie d\u00e9partementale et les maires du Mont-Saint-Michel, de Beauvoir et de Pontorson  \nsont charg\u00e9s, chacun en ce qui le concerne, de l'ex\u00e9cution de pr\u00e9sent arr\u00eat\u00e9 qui sera publi\u00e9 au  \nrecueil des actes administratifs de la pr\u00e9fecture de la Manche et dont un exemplaire sera transmis  \nsans d\u00e9lai au procureur de la R\u00e9publique de Coutances et aux Maires du Mont-Saint-Michel, de  \nBeauvoir et de Pontorson.\nSaint-L\u00f4, le 17 septembre 2025\nPour le pr\u00e9fet et par d\u00e9l\u00e9gation,\nLe directeur de cabinet\nsign\u00e9\nFran\u00e7ois LE VERGER\nC  opies transmises pour information  :\n- M. le procureur de la R\u00e9publique de Coutances\n- M. le sous-pr\u00e9fet d'Avranches\n- M. le commandant du groupement de gendarmerie d\u00e9partementale \n- M. le maire du Mont-Saint-Michel\n- M. le maire de Beauvoir\n- M. le maire de Pontorson\n- M. le directeur g\u00e9n\u00e9ral de l'EPIC du Mont-Saint-Michel\nDans un d\u00e9lai de deux mois \u00e0 compter de la date de la notification ou de la publication du pr\u00e9sent arr\u00eat\u00e9 au recueil des actes  \nadministratifs de la pr\u00e9fecture, les recours suivants peuvent \u00eatre introduits conform\u00e9ment aux dispositions des articles R. 421-1  \net suivants du code de justice administrative :\n- un recours gracieux, adress\u00e9 \u00e0 M. le pr\u00e9fet de la Manche, place de la Pr\u00e9fecture, BP 70522, 50002 SAINT-L\u00d4 Cedex ;\n- un recours hi\u00e9rarchique, adress\u00e9 \u00e0 M. le ministre de l'Int\u00e9rieur, place Beauvau, 75008 PARIS.\nDans les deux cas, le silence de l'administration vaut rejet implicite au terme d'un d\u00e9lai de deux mois.\nApr\u00e8s un recours gracieux ou hi\u00e9rarchique, le d\u00e9lai du recours contentieux ne court qu'\u00e0 compter du rejet explicite ou implicite  \nde l'un de ces recours ;\n- un recours contentieux, en saisissant le tribunal administratif de Caen  : 3 rue Arthur Leduc, BP 25086, 14050 CAEN Cedex 4. Le  \ntribunal administratif peut \u00e9galement \u00eatre saisi par l'application informatique \u00ab  T\u00e9l\u00e9recours citoyen \u00bb, accessible par le site  \ninternet www.telerecours.fr.\n3\nPr\u00e9fecture de la Manche - 50-2025-09-17-00001 - Arr\u00eat\u00e9 instaurant un p\u00e9rim\u00e8tre de protection aux abords de la commune du\nMont-Saint-Michel 193\nAnnexe de l'arr\u00eat\u00e9 instaurant un p\u00e9rim\u00e8tre de protection\naux abords du Mont-Saint-Michel\n4\nPr\u00e9fecture de la Manche - 50-2025-09-17-00001 - Arr\u00eat\u00e9 instaurant un p\u00e9rim\u00e8tre de protection aux abords de la commune du\nMont-Saint-Michel 194\nPr\u00e9fecture de la Manche\n50-2025-01-02-00001\nArr\u00eat\u00e9 inter-pr\u00e9fectoral portant renouvellement\ndu comit\u00e9 consultatif de la r\u00e9serve naturelle\nnationale de la for\u00eat domaniale de Cerisy\nPr\u00e9fecture de la Manche - 50-2025-01-02-00001 - Arr\u00eat\u00e9 inter-pr\u00e9fectoral portant renouvellement du comit\u00e9 consultatif de la r\u00e9serve\nnaturelle nationale de la for\u00eat domaniale de Cerisy 195\nPREFETDU CALVADOSLibert\u00e9\u00c9galit\u00e9Fraternit\u00e9\nExPREFETDE LA MANCHELibert\u00e9Egalit\u00e9Fraternit\u00e9\nPR\u00c9FECTURE DU CALVADOS\nDirection de la coordination des politiques\npubliques et de l'appui territorial\nPR\u00c9FECTURE DE LA MANCHE\nService de la coordination des politiques\npubliques et de l'appui territorial\nArr\u00eat\u00e9 inter-pr\u00e9fectoral portant renouvellement du comit\u00e9 consultatif \nde la r\u00e9serve naturelle nationale de la for\u00eat domaniale de Cerisy \nLe Pr\u00e9fet du Calvados,             Le Pr\u00e9fet de la Manche,\nVU le code de l'environnement, notamment ses articles R. 332-15 a R. 332-17;\nVU le d\u00e9cret n\u00b02015-622 du 5 juin 2015 relatif a certaines commissions administratives \u00e0\ncaract\u00e8re  consultatif  relevant  du  minist\u00e9re  en  charge  de  la  transition  \u00e9cologique  et\nsolidaire ;\nVU I'arr\u00e9t\u00e9 minist\u00e9riel du 2 mars 1976 relatif au classement en r\u00e9serve naturelle nationale\nde la for\u00eat domaniale de Cerisy;\nCONSIDERANT que le mandat des membres du comit\u00e9 consultatif de la r\u00e9serve naturelle\nnationale de la foret domaniale de Cerisy,  d\u00e9sign\u00e9s par arr\u00eat\u00e9 inter-pr\u00e9fectoral du 12\nd\u00e9cembre 2019, est parvenu a expiration et qu'il convient de proc\u00e9der au renouvellement\nde la composition de cette instance ;\nSur proposition  de la Directrice r\u00e9gionale de I'environnement, de I'am\u00e9nagement et du\nIogement de Normandie par int\u00e9rim,\nARRETENT:\nARTICLE 1er : La composition du comit\u00e9 consultatif de la r\u00e9serve naturelle nationale de la\nfor\u00e9t domaniale de Cerisy est renouvel\u00e9e comme suit :\nPr\u00e9sident : M. le Pr\u00e9fet de la Manche ou son repr\u00e9sentant,\nRepr\u00e9sentants des administrations civiles et militaires et des \u00e9tablissements publics de\nI'Etat int\u00e9ress\u00e9s :\nM. le Pr\u00e9fet du Calvados ou son repr\u00e9sentant ;\nMme la Directrice r\u00e9gionale de I'environnement, de I'am\u00e9nagement et du logement par\ninterim ou son repr\u00e9sentant ;\nM.  le  Directeur  d\u00e9partemental  des  territoires  et  de  la  mer  de  la  Manche  ou  son\nrepr\u00e9sentant ;\nM.  le  Directeur  d\u00e9partemental  des  territoires  et  de  la  mer  du  Calvados  ou  son\nrepr\u00e9sentant ;\nM. le chef du service d\u00e9partemental du Calvados de l'Office fran\u00e7ais de la biodiversit\u00e9 ou\nson repr\u00e9sentant.\nElus locaux repr\u00e9sentant les collectivit\u00e9s territoriales ou leurs groupements :\nM. le Pr\u00e9sident du conseil r\u00e9gional de.Normandie ou son suppl\u00e9ant ;\nPr\u00e9fecture de la Manche - 50-2025-01-02-00001 - Arr\u00eat\u00e9 inter-pr\u00e9fectoral portant renouvellement du comit\u00e9 consultatif de la r\u00e9serve\nnaturelle nationale de la for\u00eat domaniale de Cerisy 196\nUn \u00e9lu de la commune de Montfiquet ou son suppl\u00e9ant ;\nUn \u00e9lu de la cominune de Cerisy-la-For\u00e9t ou son suppl\u00e9ant ;\nUn \u00e9lu de la communaut\u00e9 de communes Isigny-Omaha intercom ou son suppl\u00e9ant ;\nMme Patricia GADY-DUQUESNE ou M. Patrick THOMINES, conseillers d\u00e9partementaux du\ncanton de Tr\u00e9vieres.\nRepr\u00e9sentants des propri\u00e9taires et des usagers :\nM. le Pr\u00e9sident de I'association \u00ab Bayeux Bessin Demain \u00bb ou son repr\u00e9sentant ;\nMme la Pr\u00e9sidente de l'association \u00ab Curieux de Nature \u00bb ou son repr\u00e9sentant ;\nM. le Pr\u00e9sident de I'amicale cycliste de Bayeux ou son repr\u00e9sentant :\nM. le Pr\u00e9sident de la ligue de Normandie de course d'orientation ou son repr\u00e9sentant ;\nMme  la  responsable  de  la  maison  de  la  for\u00eat  et  du  tourisme  \u00e0  Montfiquet  ou  son\nrepr\u00e9sentant.\nPersonnalit\u00e9s scientifiques qualifi\u00e9es :\nM. le Pr\u00e9sident du groupe ornithologique normand ou son repr\u00e9sentant ;\nMonsieur  le  responsable  de  I'antenne  de  Normandie  du  groupement  d'\u00e9tude  des\ninvert\u00e9br\u00e9s\narmoricains ou son repr\u00e9sentant ;\nM. Jean-Francois ELDER, entomologiste ;\nM. Quentin LAMBERT, expert en \u00e9cologie des sols et des communaut\u00e9s v\u00e9g\u00e9tales ;\nM. Jean-Philippe RIOULT, mycologue.\nARTICLE  2  :  Participent  aux  travaux  du  comit\u00e9  consultatif,  en  tant  que  personnes\nqualifi\u00e9es sans voix d\u00e9lib\u00e9rative :\nM. le Directeur de l'agence territoriale d'Alen\u00e7on de I'Office national des forets ou son\nrepr\u00e9sentant, ainsi que la conservatrice et les techniciens de la r\u00e9serve,\nMonsieur le Directeur du conservatoire botanique normand ou son repr\u00e9sentant.\nARTICLE 3 :  Les membres du comit\u00e9 consultatif sont nomm\u00e9s pour une dur\u00e9e de cinq\nans.\nLeur mandat est renouvelable.\nARTICLE 4 :  Le renouvellement du comit\u00e9 consultatif de la r\u00e9serve naturelle nationale de\nla for\u00e9t domaniale de Cerisy prend effet \u00e0 compter de la publication de cet arr\u00eat\u00e9.\nARTICLE 5 : La Secr\u00e9taire g\u00e9n\u00e9rale de la pr\u00e9fecture de la Manche, le Secr\u00e9taire g\u00e9n\u00e9ral de\nla pr\u00e9fecture du Calvados, la Directrice r\u00e9gionale de I'environnement, de l'am\u00e9nagement\net du logement par int\u00e9rim, sont charg\u00e9s, chacun en ce qui le concerne de I ex\u00e9cution du\npr\u00e9sent arr\u00eat\u00e9 qui sera publi\u00e9 au recueil des actes administratifs des d\u00e9partements de la\nManche et du Calvados.\nCAEN, le 23 d\u00e9cembre 2024\nLe Pr\u00e9fet du Calvados,\nSIGNE\nSt\u00e9phane BREDIN\nSAINT LO, le 2 janvier 2025\nLe Pr\u00e9fet de la Manche,\nSIGNE\nXavier BRUNETIERE\nPr\u00e9fecture de la Manche - 50-2025-01-02-00001 - Arr\u00eat\u00e9 inter-pr\u00e9fectoral portant renouvellement du comit\u00e9 consultatif de la r\u00e9serve\nnaturelle nationale de la for\u00eat domaniale de Cerisy 197\nPr\u00e9fecture de la Manche\n50-2025-09-26-00003\nARR\u00caT\u00c9 n\u00b0 2025-182 Portant approbation du\nsixi\u00e8me plan de gestion de la r\u00e9serve naturelle\nnationale du domaine de Beauguillot pour la\np\u00e9riode 2025-2026 \nPr\u00e9fecture de la Manche - 50-2025-09-26-00003 - ARR\u00caT\u00c9 n\u00b0 2025-182 Portant approbation du sixi\u00e8me plan de gestion de la r\u00e9serve\nnaturelle nationale du domaine de Beauguillot pour la p\u00e9riode 2025-2026 198\nExPREFETDE LA MANCHEL,z'berte'Egalit\u00e9Fraternit\u00e9\nSecr\u00e9tariat G\u00e9n\u00e9ral\nService de la Coordination des Politiques Publiques\net de l'Appui Territorial\nBureau de l'Environnement et de la Concertation Publique\nARR\u00caT\u00c9 n\u00b0  2025-182\nPortant approbation du sixi\u00e8me plan de gestion de la r\u00e9serve naturelle nationale du \ndomaine de Beauguillot pour la p\u00e9riode 2025-2029\nLE PR\u00c9FET DE LA MANCHE\nChevalier de l'ordre national du M\u00e9rite\nVu le code de l'environnement, notamment ses articles L.332-1 \u00e0 L.332-27 et R.332-1 \u00e0  \nR.332-29 ;\nVu le d\u00e9cret 2021-1319 du 8 octobre 2021 portant extension du p\u00e9rim\u00e8tre et modification  \nde la r\u00e9glementation de la r\u00e9serve naturelle nationale du Domaine de Beauguillot ;\nVu la convention du 1er juillet 2014 portant d\u00e9signation du Parc naturel r\u00e9gional des Marais  \ndu Cotentin et du Bessin en tant que gestionnaire de la r\u00e9serve naturelle nationale du  \ndomaine de Beauguillot ; \nVu l'avis exprim\u00e9 par le Conseil scientifique r\u00e9gional du patrimoine naturel de Normandie,  \nconseil scientifique de la r\u00e9serve, le 13 d\u00e9cembre 2024 ; \nVu l'avis exprim\u00e9 par le Conseil national de la protection de la nature le 18 mars 2025 ;\nVu l'avis exprim\u00e9 par le Comit\u00e9 consultatif de la r\u00e9serve naturelle nationale du Domaine de \nBeauguillot le 25 avril 2025 ;\nVu la consultation du public effectu\u00e9e du 12 au 28 ao\u00fbt 2025 ; \nVu l'avis de la directrice r\u00e9gionale de l'environnement, de l'am\u00e9nagement et du logement  \n(DREAL) en date du 15 septembre 2025  ;\nConsid\u00e9rant ce qui suit :\n- l'article R.332-22 du code de l'environnement d\u00e9finit les modalit\u00e9s d'\u00e9valuation et de  \nreconduction des plans de gestion pour les r\u00e9serves naturelles nationales ;\n- le sixi\u00e8me plan de gestion de la r\u00e9serve naturelle nationale du Domaine de Beauguillot  \nfixe les objectifs assign\u00e9s au gestionnaire sous la tutelle de l'\u00c9tat, en vue de la protection  \ndes enjeux patrimoniaux du site ;\n- le  comit\u00e9  consultatif,  le  conseil  scientifique  de  la  r\u00e9serve  et  le  Conseil  national  de  \nprotection de la nature reconnaissent la qualit\u00e9 du nouveau plan de gestion r\u00e9dig\u00e9 par le  \ngestionnaire ;\nSur proposition de la secr\u00e9taire g\u00e9n\u00e9rale de la pr\u00e9fecture ;\nARR\u00caTE\nPr\u00e9fecture de la Manche \u2013 BP 70522 \u2013 50002 SAINT-L\u00d4 \u2013 T\u00e9l. : 02.33.75.49.50 \u2013 M\u00e9l. : prefecture@manche.gouv.fr\nAccueil du public les lundi, mardi, jeudi et vendredi : \n- Bureau des migrations et de l'int\u00e9gration : uniquement sur rendez-vous\n- point accueil num\u00e9rique de 8h30 \u00e0 12h30 uniquement sur rendez-vous\nAccueil g\u00e9n\u00e9ral ouvert du lundi au vendredi de 8h30 \u00e0 12h00 et de 13h30 \u00e0 16h30\nPr\u00e9fecture de la Manche - 50-2025-09-26-00003 - ARR\u00caT\u00c9 n\u00b0 2025-182 Portant approbation du sixi\u00e8me plan de gestion de la r\u00e9serve\nnaturelle nationale du domaine de Beauguillot pour la p\u00e9riode 2025-2026 199\nArticle 1 \u2013  Le sixi\u00e8me plan de gestion de la r\u00e9serve naturelle nationale du Domaine de  \nBeauguillot est approuv\u00e9 pour une p\u00e9riode de 5 ans, sur les ann\u00e9es 2025 \u00e0 2029.\nArticle 2  \u2013 Dans le cadre de la d\u00e9clinaison op\u00e9rationnelle du plan de gestion approuv\u00e9 :\n\u2022 le personnel de la structure gestionnaire, directement affect\u00e9 \u00e0 la gestion de la  \nr\u00e9serve  naturelle,  ainsi  que  les  prestataires  intervenant  sous  leur  autorit\u00e9  sont  \nautoris\u00e9s \u00e0 effectuer le cas \u00e9ch\u00e9ant sur le site les pr\u00e9l\u00e8vements d'esp\u00e8ces v\u00e9g\u00e9tales  \net/ou animales n\u00e9cessaires \u00e0 leur \u00e9tude, hormis pour les esp\u00e8ces prot\u00e9g\u00e9es pour  \nlesquelles  le  gestionnaire  mettra  en  \u0153uvre  la  proc\u00e9dure  r\u00e9glementaire  \nd'autorisation aupr\u00e8s du pr\u00e9fet ;\n\u2022 le personnel de la structure gestionnaire, directement affect\u00e9 \u00e0 la gestion de la  \nr\u00e9serve  naturelle,  ainsi  que  les  entreprises  mandat\u00e9es  pour  des  prestations  de  \ngestion du site et intervenant sous leur autorit\u00e9 sont autoris\u00e9s \u00e0 circuler sur la  \nr\u00e9serve naturelle nationale du Domaine de Beauguillot et \u00e0 effectuer les travaux  \npr\u00e9vus par le plan de gestion. Cette autorisation ne s'applique pas pour les travaux  \nrelevant des articles  L. 332-9 et R. 332-23 \u00e0 R. 332-27 du code de l'environnement  \nrelatifs \u00e0 la modification de l'\u00e9tat ou de l'aspect de la r\u00e9serve, pour lesquels le  \ngestionnaire mettra en \u0153uvre la proc\u00e9dure r\u00e9glementaire d'autorisation aupr\u00e8s du  \npr\u00e9fet.\nArticle 3 \u2013  Le plan de gestion approuv\u00e9 fera l'objet en 2029 d'un rapport d'\u00e9valuation  \nportant sur l'ensemble de la p\u00e9riode de mise en \u0153uvre (2025-2029)  ; ce dernier sera port\u00e9 \n\u00e0 la connaissance du comit\u00e9 consultatif de la r\u00e9serve naturelle et soumis pour avis au  \nconseil scientifique r\u00e9gional du patrimoine naturel de Normandie, en tant que conseil  \nscientifique de la r\u00e9serve naturelle nationale du Domaine de Beauguillot.\nArticle 4  \u2013  La pr\u00e9sente d\u00e9cision peut faire l'objet d'un recours dans les deux mois qui  \nsuivent sa publication :\n- par la voie d'un recours administratif. L'absence de r\u00e9ponse dans un d\u00e9lai de deux mois  \nfait na\u00eetre une d\u00e9cision implicite de rejet, qui peut elle-m\u00eame faire l'objet d'un recours  \ndevant  le  tribunal  administratif  de  Caen  -  3,  rue  Arthur  Le  Duc  -  BP  25086  -  14050  \nCaen cedex 4 ;\n- par la voie d'un recours contentieux devant le tribunal administratif de Caen - 3, rue  \nArthur Le Duc - BP 25086 - 14050 Caen cedex 4.\nLe tribunal administratif peut \u00eatre saisi par l'application T\u00e9l\u00e9recours citoyens, accessible  \npar le site www.telerecours.fr\nArticle  5  \u2013  La  secr\u00e9taire  g\u00e9n\u00e9rale  de  la  pr\u00e9fecture,  la  directrice  r\u00e9gionale  de  \nl'environnement, de l'am\u00e9nagement et du logement de Normandie, le pr\u00e9sident du Parc  \nnaturel r\u00e9gional des Marais du Cotentin et du Bessin sont charg\u00e9s, chacun en ce qui le  \nconcerne, de l'ex\u00e9cution du pr\u00e9sent arr\u00eat\u00e9 qui sera publi\u00e9, avec le plan de gestion, au  \nrecueil des actes administratifs de la pr\u00e9fecture de la Manche.\nFait \u00e0 Saint-L\u00f4, le 26 septembre 2025\n       \nSign\u00e9\n                 Marc CHAPPUIS            \n p 2 / 2\nPr\u00e9fecture de la Manche - 50-2025-09-26-00003 - ARR\u00caT\u00c9 n\u00b0 2025-182 Portant approbation du sixi\u00e8me plan de gestion de la r\u00e9serve\nnaturelle nationale du domaine de Beauguillot pour la p\u00e9riode 2025-2026 200\n,R\u00e9serve NaturelleDOMAINE DE BEAUGUILLOTSe\nConservatoire duse littoral \u00d4 EnTR Lorat s DE LA MANCHE'\u00e9gi_onal \u00cb\u00ce\u00cb\u00c7\u00cbCotengr\u00ee\u00cbt'gfir\u00e2a\u00eeg: Fraternit\u00e9u H Cotentin et du Bessin HratermiteuH\nwww.parc-cotentin-bessin.fr - 02 33 71 61 90\nMARAIS DU COTENTIN ET DU BESSIN  \nUN PARC NATUREL R\u00c9GIONAL EN TRANSITION          \n                        \n \n \n \n \nPlan de gestion 2025-2029 \nR\u00e9serve Naturelle Nationale  \ndu Domaine de Beauguillot \nPartie B - Strat\u00e9gie \n \n \n \n \n \n \n \n \n  \n \n \n  \n \nPr\u00e9fecture de la Manche - 50-2025-09-26-00003 - ARR\u00caT\u00c9 n\u00b0 2025-182 Portant approbation du sixi\u00e8me plan de gestion de la r\u00e9serve\nnaturelle nationale du domaine de Beauguillot pour la p\u00e9riode 2025-2026 201\nwww.parc-cotentin-bessin.fr - 02 33 71 61 90\nMARAIS DU COTENTIN ET DU BESSIN  \nUN PARC NATUREL R\u00c9GIONAL EN TRANSITION          \n                        \n \n \nR\u00e9daction du rapport : \nLudivine Gabet \u2013 Conservatrice de la r\u00e9serve naturelle nationale du domaine de Beauguillot - Parc \nNaturel r\u00e9gional du Cotentin et du Bessin - PNRMCB \nCartographie : \nSylvain Laurent - Parc Naturel r\u00e9gional du Cotentin et du Bessin - PNRMCB \n \n \nRelecture : \nNicolas Fillol et Thierry Galloo \u2013 PNRMCB \nJean-Fran\u00e7ois Elder - (Ex) conservateur en retraite de la r\u00e9serve naturelle nationale du domaine \nde Beauguillot \nMarie-L\u00e9a Travert - Groupe Ornithologique Normand \u2013 GONm \nFlorence Magliocca et Marion Michenot - Direction R\u00e9gionale de l'environnement, de \nl'am\u00e9nagement et du logement Normandie \u2013 DREAL \nR\u00e9gis Leymarie et Isabelle Rauss \u2013 Conservatoire du littoral \n \n \nPhotographie de couverture : \nAnatid\u00e9s en repos \u2013 clich\u00e9 de Jean-Fran\u00e7ois Elder \nVue \u00e0 travers une fen\u00eatre du grand observatoire \u2013 clich\u00e9 de Flavien Laveron \n \n \n \nCe document doit \u00eatre r\u00e9f\u00e9renc\u00e9 comme suit : \nGABET L., LAURENT S., 2024 \u2013 Plan de gestion 2025 \u2013 2029 de la r\u00e9serve naturelle nationale du \ndomaine de Beauguillot, Partie B - Strat\u00e9gie. Parc naturel r\u00e9gional des marais du Cotentin et du \nBessin, 56p. \nPr\u00e9fecture de la Manche - 50-2025-09-26-00003 - ARR\u00caT\u00c9 n\u00b0 2025-182 Portant approbation du sixi\u00e8me plan de gestion de la r\u00e9serve\nnaturelle nationale du domaine de Beauguillot pour la p\u00e9riode 2025-2026 202\nwww.parc-cotentin-bessin.fr - 02 33 71 61 90\nMARAIS DU COTENTIN ET DU BESSIN  \nUN PARC NATUREL R\u00c9GIONAL EN TRANSITION          \n                        \n \n  \nRemerciements : \nL'\u00e9laboration de ce plan de gestion a n\u00e9cessit\u00e9 de nombreux \u00e9changes sous diff\u00e9rentes formes : \nr\u00e9unions, groupe de travail ou correspondance par mail. Que toutes les personnes qui ont \u00e9t\u00e9 \nsollicit\u00e9es soient remercier pour leur contribution :  \n \n- Florence Magliocca et Marion Michenot de la Direction R\u00e9gionale de l'environnement, de \nl'am\u00e9nagement et du logement, \n- Emmanuelle Bouillon, Lucie Dufay, Nicolas Fillol, Julie-Anne Jorant, Thierry Galloo, Sylvain \nLaurent, Flavien Laveron, Yanael Leroux, Marie Raguenes et Quentin Suardi du Parc Naturel \nR\u00e9gional des marais du Cotentin et du Bessin et Jean-fran\u00e7ois Elder, \n-Isabelle Rauss du Conservatoire du littoral, \n- G\u00e9rard Debout, Alain Chartier, R\u00e9gis Purenne et Marie-L\u00e9a Travert du Groupe Ornithologique \nNormand,  \n- Sylvain Diqu\u00e9lou du Conservatoire Botanique National,  \n- La\u00ebtitia Faine, M\u00e9lissandre Gaultier et Bastien Thomas du Groupe Mammalogique Normand,  \n- Micka\u00ebl Barrioz, Quentin Lesouef et S\u00e9verine Stauth du Centre Permanent d'Initiatives \u00e0 \nl'Environnement du Cotentin (CPIE du Cotentin),  \n- Pascal Hacquebart du Bureau d'\u00e9tudes SINAY,  \n- les membres de la commission espaces prot\u00e9g\u00e9s du Conseil Scientifique R\u00e9gional du Patrimoine \nNaturel du 05 juin 2024 et 15 novembre 2024, \n- Batiste Roulet (service environnement) et Aur\u00e9lie Renou (office du tourisme) de la communaut\u00e9 \nde communes de la baie du Cotentin, \n- G\u00e9rard Bamas et Gr\u00e9goire Fautras de la F\u00e9d\u00e9ration D\u00e9partementale des chasseurs de la \nManche \n- S\u00e9verine Launey (\u00e9cole de Sainte-Marie-du-Mont),  \n- Monsieur Hoctor (Voisin de la r\u00e9serve) \nPr\u00e9fecture de la Manche - 50-2025-09-26-00003 - ARR\u00caT\u00c9 n\u00b0 2025-182 Portant approbation du sixi\u00e8me plan de gestion de la r\u00e9serve\nnaturelle nationale du domaine de Beauguillot pour la p\u00e9riode 2025-2026 203\nwww.parc-cotentin-bessin.fr - 02 33 71 61 90\nMARAIS DU COTENTIN ET DU BESSIN  \nUN PARC NATUREL R\u00c9GIONAL EN TRANSITION          \n                        \n \nListe des abr\u00e9viations : \nBDD : Base de Donn\u00e9es \nCdl : Conservatoire du littoral \nCBNB : Conservatoire Botanique National de Brest \nCPIE : Centre Permanent d'Initiatives \u00e0 l'Environnement \nDDTM : Direction D\u00e9partementale du Territoire et de la Mer \nDPM : Domaine Public Maritime \nDREAL : Direction R\u00e9gional de l'environnement, de l'am\u00e9nagement et du logement \nESOD : Esp\u00e8ce Susceptible d'Occasionner de D\u00e9g\u00e2ts \nGIEC : Groupe d'Experts Intergouvernemental sur l'\u00c9volution du Climat \nGMN : Groupe Mammalogique Normand \nGONm : Groupe Ornithologique Normand \nGRETIA : Groupe d'Etudes des Invert\u00e9br\u00e9s Armoricains \nIPCC : Intergouvernemental Panel on Climate Change \nNGF/ING69 : l'altitude z\u00e9ro (NGF 0) de r\u00e9f\u00e9rence d\u00e9termin\u00e9e par le mar\u00e9graphe de Marseille \nOFB : Office Fran\u00e7ais de la Biodiversit\u00e9 \nOLT : Objectif \u00e0 Long Terme \nOLTE : Objectif \u00e0 Long Terme pour les Esp\u00e8ces \nOLTH : Objectif \u00e0 Long Terme pour les Habitats \nOO : Objectif Op\u00e9rationnel \nOPNL : Observatoire du Patrimoine Naturel du Littoral \nPNRMCB : Parc Naturel r\u00e9gional du Cotentin et du Bessin \nRNNB : R\u00e9serve Naturelle Nationale du domaine de Beauguillot \nSCoT : Sch\u00e9ma de Coh\u00e9rence Territoriale \nSIG : Syst\u00e8me d'Information G\u00e9ographique \nSRADETT : Sch\u00e9ma R\u00e9gional d'am\u00e9nagement, de D\u00e9veloppement Durable et d'\u00c9galit\u00e9 des \nTerritoires \nSDAGE : Sch\u00e9ma directeur d'am\u00e9nagement et de gestion des eaux \nSyMEL : Syndicat Mixte Espaces Littoraux de la Manche \nRNF : R\u00e9serves Naturelles de France \nUICN : Union Internationale pour la Conservation de la Nature \n \nPr\u00e9fecture de la Manche - 50-2025-09-26-00003 - ARR\u00caT\u00c9 n\u00b0 2025-182 Portant approbation du sixi\u00e8me plan de gestion de la r\u00e9serve\nnaturelle nationale du domaine de Beauguillot pour la p\u00e9riode 2025-2026 204\nwww.parc-cotentin-bessin.fr - 02 33 71 61 90\nMARAIS DU COTENTIN ET DU BESSIN  \nUN PARC NATUREL R\u00c9GIONAL EN TRANSITION          \n                        \n \nTable des mati\u00e8res \nIntroduction ................................ ................................ ................................ ................................ . 1 \n1- Pr\u00e9ambule ................................ ................................ ................................ ................................ .. 3 \n2- Point m\u00e9thodologique ................................ ................................ ................................ ................. 5 \n1.1. La d\u00e9finition des enjeux  ................................ ................................ ................................ ....... 5 \na) Les enjeux de conservation ................................ ................................ ................................ . 5 \nb) Le patrimoine naturel \u00e0 responsabilit\u00e9 forte ................................ ................................ ......... 6 \n1.2. L'identification des facteurs d'influence et des pressions ................................ ...................... 6 \n1.3. Les strat\u00e9gies ................................ ................................ ................................ ....................... 6 \n1.4. Des facteurs cl\u00e9s de r\u00e9ussite ................................ ................................ ................................  7 \n2- Les fondements du plan de gestion ................................ ................................ ............................ 7 \n2.1. Les enjeux de conservation de la r\u00e9serve ................................ ................................ ............. 7 \n3- ENJEU n\u00b01 : L'avifaune hivernante, en halte migratoire et nicheuse ................................ ........... 9 \n3.3 Les facteurs d'influence ................................ ................................ ................................ ....... 15 \na) Les activit\u00e9s humaines du site ................................ ................................ ........................... 16 \nb) La dynamique des esp\u00e8ces ................................ ................................ ...............................  19 \nc) Les activit\u00e9s humaines hors du site................................ ................................ .................... 21 \n3.3. La proposition de gestion de l'avifaune hivernante, en halte migratoire et hivernante ......... 22 \n4- ENJEU n\u00b02 : la mosa\u00efque d'habitats et les esp\u00e8ces except\u00e9e l'avifaune................................ ... 27 \n4.3. Les facteurs d'influence ................................ ................................ ................................ ...... 31 \na) La qualit\u00e9 d'eau ................................ ................................ ................................ ................. 31 \nb) La dynamique des esp\u00e8ces ................................ ................................ ...............................  33 \n4.4. La proposition de gestion de la mosa\u00efque d'habitats et des esp\u00e8ces associ\u00e9es except\u00e9e \nl'avifaune ................................ ................................ ................................ ................................ ... 34 \n5- Les facteurs cl\u00e9s de r\u00e9ussite ................................ ................................ ................................ ..... 39 \n5.1. L'acquisition de connaissances ................................ ................................ .......................... 39 \na)  Le changement climatique ................................ ................................ ................................  39 \nb)  Le fonctionnement du r\u00e9seau hydraulique ................................ ................................ ........ 40 \nc)  Le patrimoine naturel ................................ ................................ ................................ ........ 40 \n5.2 Les liens entre la r\u00e9serve et son territoire ................................ ................................ ............ 43 \n5.3 Le fonctionnement du gestionnaire ................................ ................................ ...................... 45 \nBibliographie ................................ ................................ ................................ ................................ . 52 \nWebographie ................................ ................................ ................................ ................................  55 \n \nPr\u00e9fecture de la Manche - 50-2025-09-26-00003 - ARR\u00caT\u00c9 n\u00b0 2025-182 Portant approbation du sixi\u00e8me plan de gestion de la r\u00e9serve\nnaturelle nationale du domaine de Beauguillot pour la p\u00e9riode 2025-2026 205\nwww.parc-cotentin-bessin.fr - 02 33 71 61 90\nMARAIS DU COTENTIN ET DU BESSIN  \nUN PARC NATUREL R\u00c9GIONAL EN TRANSITION          \n                        \n \nIndex des figures \nFigure 1 : Localisation de l'enjeu avifaune en p\u00e9riode inter-nuptiale et en reproduction ...... 9 \nFigure 2 : Carte des pressions sur l'avifaune de la r\u00e9serve naturelle nationale du domaine \nde Beauguillot .................................................................................................................... 15 \nFigure 3 : Repr\u00e9sentation de la mosa\u00efque d'habitats et les esp\u00e8ces associ\u00e9es ................ 27 \nFigure 4 : Localisation des pressions sur la mosa\u00efque d'habitats et les esp\u00e8ces associ\u00e9es, \nexcept\u00e9 l'avifaune .............................................................................................................. 32 \n \nPr\u00e9fecture de la Manche - 50-2025-09-26-00003 - ARR\u00caT\u00c9 n\u00b0 2025-182 Portant approbation du sixi\u00e8me plan de gestion de la r\u00e9serve\nnaturelle nationale du domaine de Beauguillot pour la p\u00e9riode 2025-2026 206\nwww.parc-cotentin-bessin.fr - 02 33 71 61 90\nMARAIS DU COTENTIN ET DU BESSIN  \nUN PARC NATUREL R\u00c9GIONAL EN TRANSITION          \n                        \n \nIndex des tableaux \nTableau 1 : Arborescence pr\u00e9sentant synth\u00e9tiquement le plan de gestion par enjeu. \nSource : Douard, 2021 ......................................................................................................... 7 \nTableau 2 : Arborescence \u00e0 long terme de l'enjeu avifaune du plan de gestion 2025-2029\n ........................................................................................................................................... 22 \nTableau 3 : D\u00e9clinaison de l'objectif \u00e0 long terme visant \u00e0 favoriser l'attractivit\u00e9 des zones \nhumides pour l'accueil de l'avifaune, en objectifs op\u00e9rationnels relatifs \u00e0 la gestion \nhydraulique, les am\u00e9nagements et la p\u00eache \u00e0 pied des coques ........................................ 23 \nTableau 4 : D\u00e9clinaison de l'objectif \u00e0 long terme visant \u00e0 favoriser l'attractivit\u00e9 des zones \nhumides pour l'accueil de l'avifaune en objectifs op\u00e9rationnels relatifs \u00e0 la gestion agricole,  \nau d\u00e9rangement et \u00e0 la pr\u00e9sence des d\u00e9chets .................................................................. 24 \nTableau 5 : D\u00e9clinaison de l'objectif \u00e0 long terme visant \u00e0 favoriser des zones humides \npour l'accueil de l'avifaune en objectifs op\u00e9rationnels relatifs \u00e0 la pr\u00e9sence d'esp\u00e8ces \nenvahissantes et du sanglier ............................................................................................. 25 \nTableau 6 : Patrimoine naturel \u00e0 enjeu............................................................................... 29 \nTableau 7 : Arborescence \u00e0 long terme de l'enjeu sur la mosa\u00efque d'habitats et les \nesp\u00e8ces associ\u00e9es, except\u00e9e l'avifaune ............................................................................ 34 \nTableau 8 : D\u00e9clinaison de l'objectif \u00e0 long terme visant \u00e0 favoriser une mosa\u00efque \nd'habitats et les esp\u00e8ces cibles en objectifs op\u00e9rationnels relatifs \u00e0 la situation \nhydrologique et \u00e0 l'\u00e9tat des infrastructures ........................................................................ 35 \nTableau 9: D\u00e9clinaison de l'objectif \u00e0 long terme visant \u00e0 favoriser une mosa\u00efque d'habitats \net les esp\u00e8ces cibles en objectifs op\u00e9rationnels relatifs \u00e0 l'entretien \u00e0 la dynamique des \nesp\u00e8ces ............................................................................................................................. 36 \nTableau 10 : Arborescence du facteur cl\u00e9 de r\u00e9ussite sur l'acquisition de connaissances \nrelatives au changement climatique et sur les \u00e9l\u00e9ments utiles \u00e0 la gestion ....................... 39 \nTableau 11 : Arborescence sur le facteur cl\u00e9 de r\u00e9ussite sur l'acquisition de connaissances \n\u00e0 propos du patrimoine naturel .......................................................................................... 40 \nTableau 12 : Arborescence du facteur cl\u00e9 de r\u00e9ussite sur les liens entre la r\u00e9serve et son \nterritoire .............................................................................................................................. 42 \nTableau 13 : Arborescence du facteur cl\u00e9 de r\u00e9ussite sur le fonctionnement du \ngestionnaire, notamment le volet administratif et financier, la gouvernance, la mission de  \npolice et la valorisation de l'activit\u00e9 .................................................................................... 45 \nTableau 14 : R\u00e9capitulatif du nombre d'op\u00e9rations par cat\u00e9gorie et par enjeu ou facteur cl\u00e9 \nde r\u00e9ussite ......................................................................................................................... 46 \nTableau 15 : R\u00e9capitulatif des op\u00e9rations class\u00e9es par cat\u00e9gorie ..................................... 48 \nPr\u00e9fecture de la Manche - 50-2025-09-26-00003 - ARR\u00caT\u00c9 n\u00b0 2025-182 Portant approbation du sixi\u00e8me plan de gestion de la r\u00e9serve\nnaturelle nationale du domaine de Beauguillot pour la p\u00e9riode 2025-2026 207\nwww.parc-cotentin-bessin.fr - 02 33 71 61 90\nMARAIS DU COTENTIN ET DU BESSIN  \nUN PARC NATUREL R\u00c9GIONAL EN TRANSITION          \n                        \n1 \n \nIntroduction \nLa mission centrale des r\u00e9serves naturelles nationales est la pr\u00e9servation de la diversit\u00e9 biologique \net g\u00e9ologique, terrestre ou marine, de m\u00e9tropole ou d'outremer. Elles ont pour vocation la \n\"conservation de la faune, de la flore, du sol, des eaux, des gisements de min\u00e9raux et de fossiles \net, en g\u00e9n\u00e9ral, du milieu  naturel pr\u00e9sentant une importance particuli\u00e8re ou qu'il convient de \nsoustraire \u00e0 toute intervention artificielle susceptible de les d\u00e9grader\". \nLa r\u00e9serve naturelle nationale du domaine de Beauguillot (RNNB) a \u00e9t\u00e9 cr\u00e9\u00e9e en 1980 afin de \nprot\u00e9ger puissamment un site d'hivernage et de halte migratoire pour les oiseaux migrateurs et la \nnidification de certains d'entre eux. En 2021, l'int\u00e9gration du polder de Sainte -Marie-du-Mont au \np\u00e9rim\u00e8tre initial, \u00e9tend l'aire \u00e0 820 ha. Le d\u00e9cret n\u00b02021 -1319 portant extension et modification de \nla r\u00e9glementation de la r\u00e9serve (Cf. annexe 1) renforce les mesures de protection. Il permet de \nconserver une plus grande diversit\u00e9 d'habitats et d'esp\u00e8ces caract\u00e9ristiques des zones humides \nlittorales. Enfin, il garantit une coh\u00e9rence de gestion de l'espace et du paysage. \nConform\u00e9ment au d\u00e9cret n\u00b02005-491, le Parc Naturel R\u00e9gional des marais du Cotentin et du Bessin \n(PNRMCB), gestionnaire de la r\u00e9serve, propose la strat\u00e9gie de gestion et les actions envisag\u00e9es \ndans le pr\u00e9se nt plan de gestion pour une dur\u00e9e de 5 ans. Comme les 5 pr\u00e9c\u00e9dents plans de la \nr\u00e9serve, celui-ci vise la mise en place d'une gestion conservatoire combinant r\u00e9glementation et ac-\ntion proactive, afin de prot\u00e9ger les habitats naturels et leurs fonctions \u00e9colo giques, la faune et la \nflore. \nLa construction du document suit le guide d'\u00e9laboration des plans de gestion des espaces naturels \n- cahier technique n\u00b088 (Douard et al., 2021). C'est la m\u00e9thodologie de r\u00e9f\u00e9rence en la mati\u00e8re, \nr\u00e9alis\u00e9e en 2017 et r\u00e9vis\u00e9 r\u00e9guli\u00e8rement par R\u00e9serves Naturelles de France (RNF) et l'Office Fran-\n\u00e7ais de la Biodiversit\u00e9 (OFB). \nL'\u00e9laboration du plan s'appuie sur le diagnostic r\u00e9alis\u00e9 par quatre bureaux d'\u00e9tudes (Marquier et al., \n2024). Gama Environnement a dress\u00e9 le contexte g\u00e9n\u00e9ral e t la partie socio -\u00e9conomique. Peter \nStallegger et Sammuel Roetzinger ont actualis\u00e9 la partie concernant la faune, la flore et les habitats. \nEcotone s'est charg\u00e9 de la description physique et hydraulique du site. Enfin, SINAY a compl\u00e9t\u00e9 le \ndiagnostic avec une synth\u00e8se des suivis des habitats biomorphos\u00e9dimentaires (Hacquebart, 2024). \nLe diagnostic est une actualisation des donn\u00e9es \u00e0 partir de la cartographique des habitats de 2023, \ndes rapports d'\u00e9tudes et bilans annuels en lien avec la r\u00e9serve ainsi que les  m\u00e9tadonn\u00e9es \nactualis\u00e9es et les informations issues d'entretiens avec les acteurs du territoire. \nLa dimension strat\u00e9gique du plan est articul\u00e9e autour de deux enjeux de conservation du patrimoine \nnaturel de la r\u00e9serve, chacun ayant un objectif \u00e0 long terme : \nEnjeu 1 : L'avifaune hivernante, en halte migratoire et nicheuse \nPr\u00e9fecture de la Manche - 50-2025-09-26-00003 - ARR\u00caT\u00c9 n\u00b0 2025-182 Portant approbation du sixi\u00e8me plan de gestion de la r\u00e9serve\nnaturelle nationale du domaine de Beauguillot pour la p\u00e9riode 2025-2026 208\nwww.parc-cotentin-bessin.fr - 02 33 71 61 90\nMARAIS DU COTENTIN ET DU BESSIN  \nUN PARC NATUREL R\u00c9GIONAL EN TRANSITION          \n                        \n2 \n \nOLT 1 : favoriser l'attractivit\u00e9 des zones humides pour l'avifaune \nEnjeu 2 : La mosa\u00efque d'habitats et les esp\u00e8ces associ\u00e9es (except\u00e9e l'avifaune) \nOLT 2 : favoriser une mosa\u00efque d'habitats et les esp\u00e8ces cibles \n \nLe plan de gestion sera l'opportunit\u00e9 d'int\u00e9grer tous les changements : le nouveau p\u00e9rim\u00e8tre, \nl'int\u00e9gration des esp\u00e8ces nicheuses, la derni\u00e8re cartographie des habitats, les modifications \nde la r\u00e9glementation, les r\u00e9cents am\u00e9nagements d'accueil du public, le changement dans \nl'\u00e9quipe de gestion... Les orientations visent une continuit\u00e9 dans la gestion du patrimoine \nnaturel, compte tenu de sa fragilit\u00e9 face aux pressions environnementales et anthropiques. \nAyant une dur\u00e9e courte, il permettra d'initier des actions en vue de d\u00e9velopper de nouveaux \nliens avec le territoire. Il aura pour objectif de collecter des donn\u00e9es relatives \u00e0 la dynamique \net aux effets du changement climatique sur les habitats et les esp\u00e8ces afin d'en d\u00e9dui re la \nvuln\u00e9rabilit\u00e9 de la r\u00e9serve. Cette acquisition de connaissances permettra de mieux d\u00e9finir la \nstrat\u00e9gie d'adaptation de la gestion de la r\u00e9serve \u00e0 moyen terme et de verser les \u00e9l\u00e9ments \ndans le plan de gestion suivant (2030 -2039). Enfin, le b\u00e2ti est i nt\u00e9gr\u00e9 dans les propositions \nde gestion afin de garantir une mise en \u0153uvre optimale du plan et un fonctionnement \np\u00e9renne.    \n \n \nPr\u00e9fecture de la Manche - 50-2025-09-26-00003 - ARR\u00caT\u00c9 n\u00b0 2025-182 Portant approbation du sixi\u00e8me plan de gestion de la r\u00e9serve\nnaturelle nationale du domaine de Beauguillot pour la p\u00e9riode 2025-2026 209\nwww.parc-cotentin-bessin.fr - 02 33 71 61 90\nMARAIS DU COTENTIN ET DU BESSIN  \nUN PARC NATUREL R\u00c9GIONAL EN TRANSITION          \n                        \n3 \n \n1- Pr\u00e9ambule \nLa gestion de la r\u00e9serve a progress\u00e9 favorablement gr\u00e2ce \u00e0 la mise en \u0153uvre de cinq plans de \ngestion, chacun ayant eu pour objectif la pr\u00e9servation et la valorisation du patrimoine naturel. Con-\nform\u00e9ment au d\u00e9cret de cr\u00e9ation de la r\u00e9serve (Cf. annexe 10), le premier plan a pos\u00e9 les bases \nd'une gestion qui visait \u00e0 prot\u00e9ger les oiseaux d'eau hivernants. Pour ce faire, l'enjeu de conservation \nenglobait les oiseaux, les habitats et les communaut\u00e9s v\u00e9g\u00e9tales. \nAu fil du temps, la pr\u00e9servation d'une plus large richesse biologique et de l'originalit\u00e9 du patrimoine \nnaturel a \u00e9t\u00e9 renforc\u00e9e. L'inventaire permanent s'est agrandit. Plusieurs suivis ont \u00e9t\u00e9 mis en place \npour acqu\u00e9rir des connaissances sur les esp\u00e8ces et les fonctionnalit\u00e9s \u00e9cologiques de la r\u00e9serve.  \nPar ailleurs, des efforts ont \u00e9t\u00e9 d\u00e9ploy\u00e9s pour sensibiliser le public au patrimoine naturel et \u00e0 sa \nconservation. \nAujourd'hui, la r\u00e9serve a de nombreux enjeux \u00e9cologiques dont les principaux sont la pr\u00e9servation \ndes habitats et des esp\u00e8ces d'int\u00e9r\u00eat patrimonial, la diversit\u00e9 des esp\u00e8ces et des habitats, le r\u00f4le \nd'accueil des gros rassemblements d'oiseaux d'eau hivernants et en halte migratoire et la nidification \nd'oiseaux d'eau. \nEn terme de connaissances, les suivis, les inventaires et les \u00e9tudes permettent de faire l'\u00e9tat d'une \nrichesse biologique exceptionnelle. Plus 2357 esp\u00e8ces et 70 v\u00e9g\u00e9tations ont \u00e9t\u00e9 inventori\u00e9es. Au fil \ndu temps, le nombre de nouvelles esp\u00e8ces diminue et le nombre de donn\u00e9es anciennes augmente. \nLe plan de gestion proposera d'actualiser des donn\u00e9es sur des groupes taxonomiques ou sur des \nmilieux peu investigu\u00e9s ces derni\u00e8res ann\u00e9es. Une mise \u00e0 jour r\u00e9guli\u00e8re et une analyse de \nl'inventaire feront l'objet d'une action pour faire ressortir les axes d'am\u00e9lioration de la connaissance \nnaturaliste \u00e0 moyen terme .  \nL'\u00e9valuation de la gestion, r\u00e9alis\u00e9e par des suivis a permis d'engranger des donn\u00e9es  biologiq ues \nsur le long cours (batraciens, oiseaux, mammif\u00e8res, plantes, habitats), ainsi que des donn\u00e9es \nabiotiques (m\u00e9t\u00e9o, niveau d'eau entre autre). Le plan de gestion d\u00e9diera une action \u00e0 l'analyse de \ntoutes ces donn\u00e9es. Elles seront \u00e9tudi\u00e9es au regard de l'\u00e9volution des populations d'esp\u00e8ces, de la \ngestion mise en place et des effets du changement climatique afin d'apporter des connaissances \npouvant am\u00e9liorer ou adapter la gestion future. \nSur le plan op\u00e9rationnel, la gestion a toujours \u00e9t\u00e9 plus proactive sur les milieux terrestres. En effet \nles objectifs d'am\u00e9lioration de l'accueil des oiseaux d'eau ont conduit \u00e0 concentrer les efforts de \ngestion sur cet espace fortement anthropis\u00e9 et en contraste avec le caract\u00e8re naturel des milieux \nestuariens. Aujourd'hui la partie maritime doit avoir une place aussi importante dans la gestion que \nla partie terrestre. La zone maritime est compos\u00e9e d'habitats quasiment tous d'int\u00e9r\u00eat \ncommunautaire et d'une richesse biologique importante et exceptionnellement productive. C'est  le \nlieu de multiples r\u00e9seaux trophiques. Les suivis ont \u00e9t\u00e9 centr\u00e9s sur les pr\u00e9dateurs sup\u00e9rieurs que \nsont les oiseaux, les phoques et l'homme et sur une partie de la ressource : les habitats benthiques \nPr\u00e9fecture de la Manche - 50-2025-09-26-00003 - ARR\u00caT\u00c9 n\u00b0 2025-182 Portant approbation du sixi\u00e8me plan de gestion de la r\u00e9serve\nnaturelle nationale du domaine de Beauguillot pour la p\u00e9riode 2025-2026 210\nwww.parc-cotentin-bessin.fr - 02 33 71 61 90\nMARAIS DU COTENTIN ET DU BESSIN  \nUN PARC NATUREL R\u00c9GIONAL EN TRANSITION          \n                        \n4 \n \net le gisement de coques. D'autres connaissances son t \u00e0 acqu\u00e9rir pour mieux connaitre l'\u00e9tat et le \nfonctionnement de l'\u00e9cosyst\u00e8me. Les interactions se jouent \u00e0 l'\u00e9chelle de la baie des Veys. Bien que \nla surface de la r\u00e9serve naturelle ne repr\u00e9sente que 12% de l'estuaire, elle peut \u00eatre un site d'\u00e9tude \nimportant. Des actions concert\u00e9es avec d'autres outils (Natura 2000) ou d'autres structures \n(universit\u00e9s) peuvent \u00eatre men\u00e9es. Dans cette optique, des suivis seront propos\u00e9s sur les habitats \n(slikke, schorre), sur les esp\u00e8ces (limicoles, phoques, benthos, poiss ons) avec une approche \nfonctionnelle (ressource disponible, accessible, refuge, reposoir, zone alimentation). L'application \ndes protocoles de l'observatoire du patrimoine naturel du littoral contribuera \u00e0 la robustesse des \nindicateurs d\u00e9velopp\u00e9s par la structure et permettra une analyse comparative \u00e0 l'\u00e9chelle de secteur \nlittoral voire national. \nDans la perspective des effets du changement climatique, la continuit\u00e9 \u00e9cologique entre les parties \nterrestre et maritime va se d\u00e9velopper malgr\u00e9 la digue de mer. Se posera la question, \u00e0 un moment \ndonn\u00e9, de la renaturation du site vers ses habitats d'origine pour conserver des esp\u00e8ces et des \nhabitats de pr\u00e9s sal\u00e9s contraints entre la digue et l'eau. Sur les 5 prochaines ann\u00e9es, il est propos\u00e9 \nune strat\u00e9gie de gestion bas\u00e9e sur la solidit\u00e9 de la digue qui \u00ab cloisonne \u00bb la partie maritime de celle \npold\u00e9ris\u00e9e. N\u00e9anmoins, le continuum terre -mer est int\u00e9gr\u00e9 progressivement, notamment dans la \nr\u00e9fection du clapet au niveau de la vanne du polder. Par ailleurs, une action es t pr\u00e9vue pour \ndocumenter les effets du d\u00e9r\u00e8glement sur les esp\u00e8ces, l'espace et les facteurs abiotiques. Une \u00e9tude \nde vuln\u00e9rabilit\u00e9 du site est \u00e9galement programm\u00e9e.       \n \n \n \n \n \n \n \n \n \nPr\u00e9fecture de la Manche - 50-2025-09-26-00003 - ARR\u00caT\u00c9 n\u00b0 2025-182 Portant approbation du sixi\u00e8me plan de gestion de la r\u00e9serve\nnaturelle nationale du domaine de Beauguillot pour la p\u00e9riode 2025-2026 211\nwww.parc-cotentin-bessin.fr - 02 33 71 61 90\nMARAIS DU COTENTIN ET DU BESSIN  \nUN PARC NATUREL R\u00c9GIONAL EN TRANSITION          \n                        \n5 \n \n2- Point m\u00e9thodologique \nL'\u00e9laboration du plan de gestion est issue de l'application du cahier technique n\u00b088 (Douard, 2021). \nLe guide est tr\u00e8s d\u00e9taill\u00e9 \u00e0 toutes les \u00e9tapes. Il ne s'agit donc pas d'en faire une copie ici mais \nd'expliquer la d\u00e9marche et les points m\u00e9thodologiques importants pour faciliter la compr\u00e9hension \ndes parties suivantes. \nLa m\u00e9thode propose de partir d'un diagnostic d\u00e9taill\u00e9 et actualis\u00e9 permettant d'identifier les enjeux. \nL'\u00e9laboration du plan de gestion consiste \u00e0 d\u00e9finir, pour chaque enjeu, une vision \u00e0 long terme et \nune d\u00e9clinaison op\u00e9rationnelle sur  la dur\u00e9e du document. Chaque mesure de gestion est \naccompagn\u00e9e d'indicateurs afin d'\u00e9valuer, in fine, l'\u00e9cart entre la situation constat\u00e9e et celle vis\u00e9e \npar les objectifs. \nL'inventaire permanent est constitu\u00e9 de \n- 21 habitats dont 14 ont un int\u00e9r\u00eat patrimonial \n- 2357 esp\u00e8ces faunistiques et floristiques r\u00e9parties comme suit : \n- 454 esp\u00e8ces v\u00e9g\u00e9tales dont 11 taxons prot\u00e9g\u00e9s \n- 70 esp\u00e8ces de bryophytes dont 1 taxon prot\u00e9g\u00e9 \n- 8 esp\u00e8ces de marchantiophytes \n- 234 esp\u00e8ces de champignons \n- 9 esp\u00e8ces de myc\u00e9tozoaires \n- 1 esp\u00e8ce d'algue \n- 11 esp\u00e8ces de chromiste \n- 3 esp\u00e8ces de bact\u00e9ries \n- 13 esp\u00e8ces de reptiles et amphibiens, dont 12 taxons prot\u00e9g\u00e9s \n- 241 esp\u00e8ces d'oiseaux  dont 189 taxons prot\u00e9g\u00e9s \n- 37 esp\u00e8ces de mammif\u00e8res dont 11 taxons prot\u00e9g\u00e9s \n- 12 esp\u00e8ces de poissons dont 1 taxon fortement menac\u00e9 \n- 1357 esp\u00e8ces d'invert\u00e9br\u00e9s (liste incompl\u00e8te) \n \n1.1. La d\u00e9finition des enjeux  \na) Les enjeux de conservation \nUn enjeu d\u00e9signe \u00ab ce qui est en jeu \u00bb si une intervention se produit. Un maximum de 3 enjeux est \npossible. Les enjeux de conservation de la r\u00e9serve englobe uniquement le patrimoine naturel de la \nr\u00e9serve et sont centr\u00e9s uniquement sur des \u00e9l\u00e9ments pour lesquels le gestionnaire a une \nresponsabilit\u00e9 au regard des motivations pr\u00e9sent\u00e9es pour la cr\u00e9ation et l'extension de la r\u00e9serve \nPr\u00e9fecture de la Manche - 50-2025-09-26-00003 - ARR\u00caT\u00c9 n\u00b0 2025-182 Portant approbation du sixi\u00e8me plan de gestion de la r\u00e9serve\nnaturelle nationale du domaine de Beauguillot pour la p\u00e9riode 2025-2026 212\nwww.parc-cotentin-bessin.fr - 02 33 71 61 90\nMARAIS DU COTENTIN ET DU BESSIN  \nUN PARC NATUREL R\u00c9GIONAL EN TRANSITION          \n                        \n6 \n \nnaturelle. Les enjeux sont issus de l'analyse du d\u00e9cret n\u00b080-74 (Cf. annexe 10) portant cr\u00e9ation de \nla r\u00e9serve et du d\u00e9cret n\u00b02021 -1319 (cf. annexe 1) portant extension du p\u00e9rim\u00e8tre et modification \nde la r\u00e9glementation. \nb) Le patrimoine naturel \u00e0 responsabilit\u00e9 forte \nLes enjeux sont des habitats et des esp\u00e8ces pour lesquels des efforts de gestion devront \u00eatre \nmobilis\u00e9s en priorit\u00e9. Ce patrimoine est identifi\u00e9 m\u00e9thodiquement et hi\u00e9rarchis\u00e9e. Les habitats et les \nesp\u00e8ces sont trait\u00e9s diff\u00e9remment (Cf. annexe 11). \nPour les habitats retenus sont ceux d'int\u00e9r\u00eat au titre de la directive \u00ab habitats \u00bb ainsi que les prairies \nhumides atlantiques, en particulier la v\u00e9g\u00e9tation du bromion racemosi et trifolium patens en raison \nde son niveau de menace \u00e9lev\u00e9 en Normandie. L'ensemble couvrent pr\u00e8s des deux tiers de la \nsurface de la r\u00e9serve.   \nPour les esp\u00e8ces, une m\u00e9thode a \u00e9t\u00e9 \u00e9labor\u00e9e pour les identifier objectivement selon des crit\u00e8res \nde responsabilit\u00e9, comme indiqu\u00e9 dans la CT88. Elles sont  retenues au regard de leur statut de \nmenace \u00e9lev\u00e9 sur les listes rouges (LR) \u00e9labor\u00e9es \u00e0 partir des crit\u00e8res propos\u00e9s par l'Union \ninternationale pour la conservation de la nature (UICN). Elles pr\u00e9sentent \u00e9galement les capacit\u00e9s \nde r\u00e9silience les plus faib les. La taille de leur population sur la r\u00e9serve est \u00e9lev\u00e9e par rapport \u00e0 la \npopulation r\u00e9gionale ou nationale et elles accomplissent tout ou une partie de leur cycle biologique \nsur le site. \n1.2. L'identification des facteurs d'influence et des pressions \nChaque enjeu est d\u00e9crit au regard de l'\u00e9tat du patrimoine naturel \u00e0 pr\u00e9server ou am\u00e9liorer. L'exercice \nfait \u00e9merger les causes d'am\u00e9lioration ou de d\u00e9gradation (pressions), qu'il s'agisse de facteurs \ninternes ou externes au site, anthropiques ou non. Chacun est \u00e9valu\u00e9, le plus pr\u00e9cis\u00e9ment possible,  \npour d\u00e9gager des pistes de travail. Cependant, des difficult\u00e9s ont \u00e9t\u00e9 rencontr\u00e9es pour quantifier la \nfr\u00e9quence et l'intensit\u00e9 de la pression exerc\u00e9e par certains facteurs, tels que l'impact de la \nfr\u00e9quentation sur la r\u00e9serve, ainsi que les effets sur la qualit\u00e9 de l'eau induits par l'urbanisation et la \nconcentration d'animaux \u00e0 proximit\u00e9 de la r\u00e9serve. Le manque de temps n'a pas permis de collecter \nun jeu de donn\u00e9es suffisant. Dans ce plan de gestion, les inform ations permettant de cerner les \npressions font l'objet d'un recueil de donn\u00e9s de terrain, chacune dans les actions qui les concernent \nafin de mieux pr\u00e9senter les facteurs d'influence dans le prochain diagnostic. \n1.3. Les strat\u00e9gies \nLa strat\u00e9gie \u00e0 long ter me (dur\u00e9e sup\u00e9rieure au plan de gestion) repose sur les Objectifs \u00e0 Long \nTerme (OLT) qui d\u00e9finissent l'\u00e9tat ou le fonctionnement souhait\u00e9 par rapport \u00e0 la situation actuelle \nde l'enjeu. Il ne s'agit pas de ce que l'on veut faire mais de ce qu'on souhaite a tteindre. Le choix \nstrat\u00e9gique doit \u00eatre partag\u00e9 avec le plus grand nombre, notamment la gouvernance. \nPr\u00e9fecture de la Manche - 50-2025-09-26-00003 - ARR\u00caT\u00c9 n\u00b0 2025-182 Portant approbation du sixi\u00e8me plan de gestion de la r\u00e9serve\nnaturelle nationale du domaine de Beauguillot pour la p\u00e9riode 2025-2026 213\nEnjeux bjectifs Op\u00e9rations\nEtat actuel de l'enjeu = \\ Etat vis\u00e9 _ Sulvls\u00e9'long terme\nEnjeu deconservation racteacteurs\u00eb Pressions\u00e0 g\u00e9rer ; ' R\u00e9sultat attendu Mesuresde gestiond'influence op s ; A L0lIndicateurs deR\u00e9ponse_\n\u00cfL-\nwww.parc-cotentin-bessin.fr - 02 33 71 61 90\nMARAIS DU COTENTIN ET DU BESSIN  \nUN PARC NATUREL R\u00c9GIONAL EN TRANSITION          \n                        \n7 \n \nLa d\u00e9finition des OLT permet de r\u00e9pondre aux responsabilit\u00e9s identifi\u00e9es et de donner un cadre pour \norienter les choix op\u00e9rationnels. L'atteinte des OLT est suivie au travers d'indicateurs d'\u00e9tat. \nLe programme op\u00e9rationnel repose sur les objectifs op\u00e9rationnels (OO) qui sont des choix de \ngestion. Ils sont \u00e9tablis sur la dur\u00e9e du plan de gestion et au regard de l'analyse des facteurs \nd'influence. Ils r\u00e9pon dent aux pressions exerc\u00e9es sur l'enjeu. Chaque objectif op\u00e9rationnel est \nd\u00e9clin\u00e9 en mesures de gestion qui seront mises en \u0153uvre. Des indicateurs sont associ\u00e9s \u00e0 chaque \naction pour en \u00e9valuer la r\u00e9alisation. \nLes \u00e9l\u00e9ments sont repris dans des tableaux de synth\u00e8se propos\u00e9s par la m\u00e9thode (Cf . tableau 4) \n \n \n1.4. Des facteurs cl\u00e9s de r\u00e9ussite \nLes th\u00e8mes transversaux et inh\u00e9rents \u00e0 tous les enjeux \u00e9cologiques sont des facteurs cl\u00e9s de \nr\u00e9ussite. Des mesures sont propos\u00e9es pour que ces facteurs am\u00e9liorent la protection du patrimoine \nnaturel. \n2- Les fondements du plan de gestion \n2.1. Les enjeux de conservation de la r\u00e9serve \nDans les pr\u00e9c\u00e9dents plans de gestion, l'avifaune a toujours \u00e9t\u00e9 mise en avant par rapport aux autres \n\u00e9l\u00e9ments du patrimoine. En effet, le d\u00e9cret n\u00b080 -74 portant cr\u00e9ation de la r\u00e9serve du domaine de \nBeauguillot attribue une responsabilit\u00e9 importante au site pour \u00ab  assurer un lieu d e repos et \nd'alimentation aux oiseaux migrateurs ainsi que de favoriser la nidification de certains d'entre eux. \u00bb. \nPar la suite, la notice du d\u00e9cret n\u00b0 2021 -1319 portant extension du p\u00e9rim\u00e8tre et modification de la \nr\u00e9glementation de la r\u00e9serve, justifie l 'extension de la r\u00e9serve \u00ab  par la pr\u00e9sence d'une avifaune \nnicheuse particuli\u00e8rement riche \u00bb. L'avifaune est donc l'\u00e9l\u00e9ment du patrimoine naturel fondateur de \nPr\u00e9fecture de la Manche - 50-2025-09-26-00003 - ARR\u00caT\u00c9 n\u00b0 2025-182 Portant approbation du sixi\u00e8me plan de gestion de la r\u00e9serve\nnaturelle nationale du domaine de Beauguillot pour la p\u00e9riode 2025-2026 214\nwww.parc-cotentin-bessin.fr - 02 33 71 61 90\nMARAIS DU COTENTIN ET DU BESSIN  \nUN PARC NATUREL R\u00c9GIONAL EN TRANSITION          \n                        \n8 \n \nla r\u00e9serve. Au fil du temps, il s'est consolid\u00e9. C'est pourquoi, l' avifaune hivernante, migratrice et \nnicheuse de la zone humide est d\u00e9sign\u00e9e en tant qu'enjeu de conservation de ce plan de gestion. \nPar ailleurs, la gestion conservatoire a permis progressivement l'expression d'habitats naturels et \ndes esp\u00e8ces faunistiques et floristiques remarquables. Neuf habitats et quatre esp\u00e8ces sont d'int\u00e9r\u00eat \ncommunautaire. 35 esp\u00e8ces sont prot\u00e9g\u00e9es au niveau national ou r\u00e9gional auxquelles il faut ajouter \nles habitats et esp\u00e8ces fortement menac\u00e9s.  \nDans la notice du d\u00e9cret n\u00b02021-1319 pr\u00e9sentant le contexte et les motivations de l'extension, il est \nmentionn\u00e9 la compl\u00e9mentarit\u00e9 des habitats entre ceux de la r\u00e9serve historique et ceux du polder de \nSainte-Marie-du-Mont. Il faut y comprendre que les habitats et la biodiversit\u00e9 qu'ils induisent, \nconstituent un enjeu. C'est pourquoi le second enjeu de conservation est ax\u00e9 plus largement sur la \nmosa\u00efque d'habitats et les esp\u00e8ces associ\u00e9es (except\u00e9e l'avifaune qui constitue le premier \nenjeu). \nLes deux enjeux couvrent ainsi tout le patrimoine naturel. Ils sont compl\u00e9mentaires. \n 2.2. L'int\u00e9gration des avis des diff\u00e9rentes instances \nL'extension du p\u00e9rim\u00e8tre de la r\u00e9serve, les travaux d'accueil du public et de restauration \u00e9cologique \nainsi que l'\u00e9valuation du plan de gestion 2012 -2021 ont \u00e9t\u00e9 soumis \u00e0 l'approbation du Pr\u00e9fet de  la \nManche, du Conseil National de la Protection de la Nature, du Conseil Scientifique R\u00e9gional du \nPatrimoine Naturel, du commissaire enqu\u00eateur, de la Communaut\u00e9 de Communes de la Baie du \nCotentin, de la commission d\u00e9partementale de la nature, des paysages  et des sites de la Manche, \nde la commission d\u00e9partementale des espaces, sites et itin\u00e9raires de la Manche, du comit\u00e9 \nconsultatif de gestion de la r\u00e9serve, du Conservatoire du littoral, du conseil municipal de Sainte -\nMarie-du-Mont. \nSynth\u00e9tiquement, le nouveau plan de gestion est attendu pour poursuivre les modalit\u00e9s de gestion \npertinentes en faveur des oiseaux et de les \u00e9tendre au nouveau p\u00e9rim\u00e8tre de la r\u00e9serve. Par \nailleurs un travail dans les prochaines ann\u00e9es est \u00e0 d\u00e9velopper sur les sujets suivants : \n- les fonctionnalit\u00e9s du site au regard des continuit\u00e9s terre/mer et des r\u00e9seaux de sites, \n- l'adaptation au changement climatique, \n- les ressources trophiques maritimes pour l'avifaune, \n- les fonctionnalit\u00e9s \u00e9cologiques du site au regard des enjeux ornithologiques, \n- les actions permettant de r\u00e9duire le d\u00e9rangement sur le site (respect du d\u00e9cret, signalisation, \nchiens tenus en laisse, am\u00e9nagements\u2026), \n- les inventaires flore, entomofaune et batraciens, \n- l'ancrage territorial, \n- une politique d'accueil du public. \nPr\u00e9fecture de la Manche - 50-2025-09-26-00003 - ARR\u00caT\u00c9 n\u00b0 2025-182 Portant approbation du sixi\u00e8me plan de gestion de la r\u00e9serve\nnaturelle nationale du domaine de Beauguillot pour la p\u00e9riode 2025-2026 215\n[ Limites p\u00e9riph\u00e9riques# Avifaune internuptiale7/ Avifaune nicheuse\u2014'9% Interactions\nwww.parc-cotentin-bessin.fr - 02 33 71 61 90\nMARAIS DU COTENTIN ET DU BESSIN  \nUN PARC NATUREL R\u00c9GIONAL EN TRANSITION          \n                        \n9 \n \n3- ENJEU n\u00b01 : L'avifaune hivernante, en halte migratoire et nicheuse \n271 esp\u00e8ces d'oiseaux ont \u00e9t\u00e9 observ\u00e9es sur la r\u00e9serve naturelle. Parmi celles-ci et conform\u00e9ment \naux objectifs de conservation assign\u00e9s \u00e0 la r\u00e9serve, les suivis et la gestion fix\u00e9s dans les diff\u00e9rents \nplans de gestion ont \u00e9t\u00e9 centr\u00e9s principalement sur les oiseaux d'eau. L'int\u00e9r\u00eat ornithologique que \nrev\u00eat la r\u00e9serve est d'importance nationale et internationale. La r\u00e9serve accueille les esp\u00e8ces sur \nune dur\u00e9e limit\u00e9e dans l'ann\u00e9e et sur des milieux pour accomplir une partie de leur cycle biologique \n(Cf. figure 1). \nL'analyse faisant ressortir les esp\u00e8ces \u00e0 enjeux r\u00e9v\u00e8le 27 esp\u00e8ces d'oiseaux pour lesquelles la \nr\u00e9serve a une responsabilit\u00e9 forte (Cf. annexe 11). Il s'agit des anatid\u00e9s et des limicoles hivernants \nPr\u00e9fecture de la Manche - 50-2025-09-26-00003 - ARR\u00caT\u00c9 n\u00b0 2025-182 Portant approbation du sixi\u00e8me plan de gestion de la r\u00e9serve\nnaturelle nationale du domaine de Beauguillot pour la p\u00e9riode 2025-2026 216\nwww.parc-cotentin-bessin.fr - 02 33 71 61 90\nMARAIS DU COTENTIN ET DU BESSIN  \nUN PARC NATUREL R\u00c9GIONAL EN TRANSITION          \n                        \n10 \n \nqui constituent plus 89% du contingent de la r\u00e9serve \u00e0 la mi -janvier et d'esp\u00e8ces patrimoniale \u00e0 \nl'\u00e9chelle r\u00e9gionale dont la nidification est favoris\u00e9e sur la r\u00e9serve par la gestion hydraulique. \nDans ce qui, les esp\u00e8ces sont rassembler en groupe fonctionnels. \n \nLes anatid\u00e9s hivernants et migrateurs pr\u00e9nuptiaux de l'unit\u00e9 fonctionnelle  : sarcelle d'hiver \n(Anas crecca), canard souchet (Spatula clypeata), canard pilet (Anas acuta), canard siffleur (Mareca \npenelope). \nCes canards accomplissent leur rythme journalier \u00e0 l'\u00e9chelle de l'unit\u00e9 fonctionnelle \u00ab  marais du \nCotentin et du Bessin \u00bb form\u00e9e entre autres par la r\u00e9serve, la basse vall\u00e9e de  la douve, la r\u00e9serve \nde Saint-George de Bohons, l'Espace Naturel Sensible des ponts d'Ouve, la tourbi\u00e8re de Baupte.  \nDans ce r\u00e9seau, la r\u00e9serve est une zone de remise diurne majeure. C'est-\u00e0-dire qu'elle accueille les \noiseaux pour des activit\u00e9s comme le repos, pour l'entretien du plumage ou encore pour  les parades \nnuptiales. La remise joue \u00e9galement le r\u00f4le de refuge contre les pr\u00e9dateurs gr\u00e2ce \u00e0 la vigilance \ncollective d\u00e9velopp\u00e9e par l'ensemble des individus.  \nLa capacit\u00e9 d'accueil d\u00e9pend des conditions environnementales. Les niveaux d'eau sont maintenus \nhauts afin d'obtenir une imbrication des zones exond\u00e9es et inond\u00e9es. Les lin\u00e9aires de berges sont \nainsi multipli\u00e9s.  Les zones fr\u00e9quent\u00e9es sont caract\u00e9ris\u00e9es par une \u00e9tendue importante d'eau, une \nabsence d e v\u00e9g\u00e9tation \u00e9mergente permettant le contact visuel. Le paysage doit \u00eatre ouvert \nglobalement mais la Sarcelle d'hiver (Anas crecca) peut trouver refuge sous les arbres (Bensettiti & \nGaudillat, 2002). \nLa conservation de ce peuplement est d\u00e9pendante de l'\u00e9tat des populations de ces esp\u00e8ces \u00e0 \nl'\u00e9chelle biog\u00e9ographique, de leur succ\u00e8s de reproduction et de la capacit\u00e9 d'accueil et alimentaire \nde l'unit\u00e9 fonctionnelle. La gestion conservatoire sur la r\u00e9serve est centr\u00e9e sur les niveaux d'eau \nplut\u00f4t haut, l' ouverture du paysage de la zone d'accueil, la faible pr\u00e9sence d'animaux tels que le \nsanglier qui g\u00e9n\u00e8re des perturbations et des actions permettant les conditions optimales de \ntranquillit\u00e9 du site (gestion du public, impact minimal des interventions de ges tion).  \nDerni\u00e8rement, l'agrandissement de la r\u00e9serve et les travaux de suppression d'une partie du chemin \ndes observatoires et de la digue sont b\u00e9n\u00e9fiques. Ils offrent une plus grande zone d'accueil pour ces \nesp\u00e8ces et facilitent leur d\u00e9placements au sein de celle-ci.   \nLes anatid\u00e9s herbivores hivernants  : oie cendr\u00e9e (Anser anser ), bernache nonnette ( Branta \nleucopsis), oie rieuse ( Anser albifrons). Ces esp\u00e8ces exploitent les ressources alimentaires des \nprairies humides jusque dans les foss\u00e9s. Elles se rass emblent \u00e9galement sur la r\u00e9serve pour le \nrepos. Leur pr\u00e9sence est donc intimement li\u00e9e aux modalit\u00e9s de gestion. Ainsi, le p\u00e2turage ou la \nfauche des prairies suivi d'une submersion de l'automne jusqu'au printemps favorisent les cort\u00e8ges \nm\u00e9sohygrophiles \u00e0 h ygrophiles auxquelles appartiennent de nombreuses esp\u00e8ces v\u00e9g\u00e9tales \nrecherch\u00e9s par les oiseaux d'eau. L'analyse des transects mis en place sur les prairies semble \nPr\u00e9fecture de la Manche - 50-2025-09-26-00003 - ARR\u00caT\u00c9 n\u00b0 2025-182 Portant approbation du sixi\u00e8me plan de gestion de la r\u00e9serve\nnaturelle nationale du domaine de Beauguillot pour la p\u00e9riode 2025-2026 217\nwww.parc-cotentin-bessin.fr - 02 33 71 61 90\nMARAIS DU COTENTIN ET DU BESSIN  \nUN PARC NATUREL R\u00c9GIONAL EN TRANSITION          \n                        \n11 \n \nconfirmer la pertinence du p\u00e2turage dans le cadre d'une am\u00e9lioration de la qualit\u00e9 d'accueil des \nanatid\u00e9s. La gestion agropastorale et hydraulique, associ\u00e9e \u00e0 la tranquillit\u00e9 instaur\u00e9e semble \nconvenir au regard de l'augmentation des effectifs d'oiseaux. \n \nLes limicoles internuptiaux estuariens : huitrier pie (Haemapotus ostralegus), chevalier gambette \n(Tringa totanus), barge rousse ( Limosa lapponica ), b\u00e9casseau variable (Calidris alpina ), pluvier \nargent\u00e9 (Pluvialis squatarola). Ils sont pr\u00e9sents en nombre d'octobre \u00e0 mars  ; Cette p\u00e9riode inclut \nles migrateurs et les hivernants. Leur rythme est circatidal. Au sein de la baie des Veys, les bancs \nde sable de la r\u00e9serve constituent les reposoirs de haute mer de vives eaux les plus importants \n(Elder & Blond, 2014). Ils accueillent entre 70 et 95% des effectifs de limicoles. A mar\u00e9e \ndescendante, les oisea ux entrent en phase d'alimentation sur l'espace intertidal accessible. Leur \nr\u00e9partition est li\u00e9e \u00e0 la pr\u00e9sence des peuplements benthiques et \u00e0 leur abondance (Ponsero et al, \n2016). Des suivis r\u00e9guliers sur les habitats benthiques et sur le gisement de coques de Beauguillot \ndonnent une bonne connaissance de la ressource trophique pr\u00e9sente sur la r\u00e9serve. Par contre, peu \nde donn\u00e9es permettent d'\u00e9valuer la fonction alimentaire de la partie maritime de la r\u00e9serve par \nrapport au reste de la baie. \nL'analyse des suivis des limicoles c\u00f4tiers nous indique une augmentation des effectifs except\u00e9 ceux \ndu b\u00e9casseau variable, du pluvier argent\u00e9 et du chevalier gambette. Cette tendance est li\u00e9e \u00e0 \nl'ensablement de la baie qui produit une \u00e9volution des habitats sablo -vaseux vers des habitats \nsableux et par r\u00e9percussion une modification des assemblages d'esp\u00e8ces nourrici\u00e8res et des \npeuplements d'oiseaux consommateurs. \nEn termes de d\u00e9rangement, la modification de la r\u00e9glementation interdisant l'acc\u00e8s permet une \ntranquillit\u00e9 du site except\u00e9 pendant la p\u00eache \u00e0 la coque et les activit\u00e9s conchylicoles autoris\u00e9es.   \nCes facteurs agissant sur les limicoles en termes de d\u00e9rangement et/ou au niveau de la ressource \ntrophique, le sujet sera d\u00e9velopp\u00e9 dans la partie facteur d'influence.    \n \nLes limicoles inter -nuptiaux plut\u00f4t terrestres  : courlis cendr\u00e9 ( Numenius arquata),  chevalier \narlequin (Tringa erythropus) et la barge \u00e0 queue noire ( Limosa limosa) se distinguent des autres \nlimicoles par leur distribution \u00e0 l'\u00e9chelle de l'\u00e9co -complexe form\u00e9 par les marais et la baie. Les \nvasi\u00e8res faiblement inond\u00e9es de la partie terrestre de la r\u00e9serve leur permettent de se rassembler \nen dortoir tous les soirs et/ou en reposoir de mar\u00e9e haute. Elles se nourrissent d'invert\u00e9br\u00e9s trouv\u00e9s \ndans les sols gorg\u00e9s d'eau \u00e0 l'ext\u00e9rieur de la r\u00e9serve. \n \n Les limicoles nicheurs  : chevalier gambette ( Tringa totanus ), gravelot \u00e0 collier interrompu \n(Chraradrius alexandrinus ), vanneau hupp\u00e9 ( Vanellus vanelllus ), huitrier pie ( Haemantopus \nostralegus), \u00e9chasse blanche ( Himantopus himantopus ), avocette \u00e9l\u00e9gante ( Recurvirostra \navosetta), petit gravelot ( Charadrius dubius ). La p\u00e9riode nuptiale pendant laquelle les esp\u00e8ces \nPr\u00e9fecture de la Manche - 50-2025-09-26-00003 - ARR\u00caT\u00c9 n\u00b0 2025-182 Portant approbation du sixi\u00e8me plan de gestion de la r\u00e9serve\nnaturelle nationale du domaine de Beauguillot pour la p\u00e9riode 2025-2026 218\nwww.parc-cotentin-bessin.fr - 02 33 71 61 90\nMARAIS DU COTENTIN ET DU BESSIN  \nUN PARC NATUREL R\u00c9GIONAL EN TRANSITION          \n                        \n12 \n \naccomplissent leur cycle de reproduction, s'\u00e9tale de f\u00e9vrier \u00e0 juillet. Les esp\u00e8ces fr\u00e9quentent \nessentiellement  le polder et plus pr\u00e9cis\u00e9ment, les prairies m\u00e9so -hygrophiles, les vasi\u00e8res et les \nberges exond\u00e9s. \nLa barge \u00e0 queue noire (Limosa limosa) et la b\u00e9cassine des marais (Gallinago gallinago) sont \najout\u00e9es sur recommandations du CNPN. Ces esp\u00e8ces prob ablement encore nicheuses dans de \ntr\u00e8s faibles effectifs en Normandie affectionnent les zones humides tel que le polder de Sainte-Marie-\ndu-Marie dans des conditions d'humidit\u00e9s adapt\u00e9es.   \nLa r\u00e9ussite de la reproduction est intiment li\u00e9e aux conditions env ironnementales du site. Les \nlimicoles doivent disposer d'un paysage ouvert, au relief peu accentu\u00e9 pour une meilleure d\u00e9tection \nentre individus mais aussi des menaces. La pr\u00e9sence d'\u00eelots est favorable \u00e0 l'installation de \nl'avocette. Le sol peut \u00eatre nu ou couvert d'une v\u00e9g\u00e9tation rase et/ou peu dense. La faible profondeur \nd'eau est fondamentale pour l'alimentation constitu\u00e9e d'invert\u00e9br\u00e9s aquatiques et d\u00e9terminante pour \nle choix du site concernant le nid. La stabilit\u00e9 des niveaux d'eau pendant la couvaison  constitue \n\u00e9galement un des facteurs de r\u00e9ussite pour \u00e9viter l'inondation ou la perte de nourriture. \nLa gestion doit favoriser les conditions environnementales et les ressources trophiques. Pour cela \nles cahier des charges concernant l'activit\u00e9 agricole sont importants, notamment pour fixer les dates \nd'entr\u00e9e des animaux ou de fauche sur les zones concern\u00e9es et \u00e9viter le traitement des animaux \npar des produits antiparasitaires nocifs \u00e0 la petite faune consomm\u00e9e par les oiseaux. Par ailleurs, \nles niveaux d'eau doivent \u00eatre suffisamment hauts au d\u00e9but de printemps pour g\u00e9rer un stock d'eau \njusqu'\u00e0 la fin de la p\u00e9riode de nidification mais \u00e9galement permettre des zones exond\u00e9es favorables \nd\u00e8s le mois de mars. Pour cela, les ouvrages doivent \u00eatre \u00e9tanches et le r\u00e9seau doit \u00eatre r\u00e9actif pour \nr\u00e9agir rapidement aux manipulations des vannes.     \n \nLes paludicoles nicheurs  : busard de roseaux ( Circus aeruginosus ), locustelle luscinio\u00efde \n(Locustella luscinio\u00efdes ), gorgebleue \u00e0 miroir ( Luscinia svecica ), bruant des ros eaux ( Emberiza \nschoeniclus). Les roseli\u00e8res sont les milieux recherch\u00e9s. Peu d'exigences sont d\u00e9crites dans la \nbibliographie \u00e0 part pour la Locustelle luscinio\u00efde qui privil\u00e9gie des grandes roseli\u00e8res \u00e0 roseau \ncommun, peu colonis\u00e9es par les ligneux et pr\u00e9s entant des situations d'enchev\u00eatrements de vieux \nroseaux pour y installer son nid (Bensettiti & Gaudillat, 2002). \n \nLe phragmite aquatique (Acrocephalus paludicola). Il fait l'objet d'un plan national d'actions afin de \nd\u00e9velopper de la connaissance et une s trat\u00e9gie de conservation \u00e0 l'\u00e9chelle nationale et \ninternationale. Sur la r\u00e9serve, les contacts n'ont eu lieu que par le baguage sur 2 sessions d'une \nsemaine : 10 individus en 2015 et 1 seul en 2024 lors de la migration post-nuptiale. Celle-ci d\u00e9marre \nen Europe de l'Est, passe en France par la voie manche-atlantique puis continue jusqu'en en Afrique \nde l'Ouest. Les grands estuaires comme la baie de Seine ou l'estuaire de la Loire sont majeurs sur \nle parcours fran\u00e7ais. Dans les marais du Cotentin et du Bessin , les individus peuvent se disperser \nPr\u00e9fecture de la Manche - 50-2025-09-26-00003 - ARR\u00caT\u00c9 n\u00b0 2025-182 Portant approbation du sixi\u00e8me plan de gestion de la r\u00e9serve\nnaturelle nationale du domaine de Beauguillot pour la p\u00e9riode 2025-2026 219\nwww.parc-cotentin-bessin.fr - 02 33 71 61 90\nMARAIS DU COTENTIN ET DU BESSIN  \nUN PARC NATUREL R\u00c9GIONAL EN TRANSITION          \n                        \n13 \n \nsur plusieurs sites favorables ou continuer leur route sans escale. Ce qui peut expliquer le faible \nnombre d'individus captur\u00e9s. Les sites de halte migratoire sont importants pour reconstituer les \nr\u00e9serves \u00e9nerg\u00e9tiques et poursuivre le trajet. Les plans d'eau, roseli\u00e8res, prairies humides \ndiversifi\u00e9es de la r\u00e9serve lui seraient favorables. Un travail plus fin reste \u00e0 faire pour d\u00e9terminer les \nfonctions de la r\u00e9serve en faveur de l'esp\u00e8ce, en vue de les favoriser. \n \nSi la gestion hydraulique et agropastorale et la surveillance sont favorables globalement \u00e0 \nl'ensemble des oiseaux d'oiseaux, les \u00e9tudes d\u00e9crivent de plus en plus des effets du changement \nclimatique sur les populations d'oiseaux (Blondel, 2019, Laudelout & Paque t, 2014, Maclean, \nRehfisch, Delany & Robinson, 2008). Sur l'ensemble des donn\u00e9es \u00ab  oiseaux \u00bb de la r\u00e9serve issu \ndes suivis pendant 19 ans pour les limicoles et 17 ans pour les anatid\u00e9s, des signaux ont \u00e9t\u00e9 \nd\u00e9tect\u00e9s dans les analyses statistiques (Verniest,  2018). L'auteur explique des tendances par les \neffets du changement climatique tels que : \n- l'\u00e9volution des milieux. La texture s\u00e9dimentaire de la partie maritime progresse vers une \nhomog\u00e9n\u00e9isation de milieux sableux. Le processus impacte n\u00e9gativement la pr\u00e9sence du \nB\u00e9casseau variable inf\u00e9od\u00e9 aux milieux vaseux. Cependant, les changements sont favorables au \nB\u00e9casseau sanderling et au Tournepierre \u00e0 collier. \n- la modification des dates de migration. Les analyses interannuelles des effectifs mettent en \n\u00e9vidence des dates de pic de passage plus pr\u00e9coces pour le Canard souchet et le Canard pilet. \n- la modification de l'aire de r\u00e9partition des populations. La r\u00e9partition du Canard siffleur semble se \ncontracter en limite sud. Ce qui expliquerait la chute des effectifs hivernaux. \nLes conditions climatiques extr\u00eames comme la s\u00e9cheresse modifient les conditions \nenvironnementales et les ressources trophiques. Par r\u00e9percussion, elles ont un impact n\u00e9gatif sur \nla reproduction (Pearce-higgins, Yalden & Whittingham, 2005).    \n \nL'\u00e9valuation de l'objectif \u00e0 long terme (OLTE) \u00ab  maintenir, voire d\u00e9velopper les populations \nd'esp\u00e8ces d'int\u00e9r\u00eat patrimonial  \u00bb du pr\u00e9c\u00e9dent plan de gestion met en \u00e9vidence le bon \u00e9tat de \nconservation des populations d'oiseaux. \nL'objectif \u00e0 long terme  de ce plan de gestion est une reformulation de l'objectif \u00e0 long terme \n\u00ab esp\u00e8ces \u00bb du plan pr\u00e9c\u00e9dent pour se centrer uniquement sur les oiseaux. \nOLT 1 : favoriser l'attractivit\u00e9 des zones humides pour l'accueil de l'avifaune \n \nPr\u00e9fecture de la Manche - 50-2025-09-26-00003 - ARR\u00caT\u00c9 n\u00b0 2025-182 Portant approbation du sixi\u00e8me plan de gestion de la r\u00e9serve\nnaturelle nationale du domaine de Beauguillot pour la p\u00e9riode 2025-2026 220\nPressionsenjeux @ Observatoires principaux/24; Avifaune nicheuse////o _\u00c7':\u00e4Chasse en p\u00e9riph\u00e9rie\nParcours de comptages\nSentiers public;_Avifaune internuptiales\nImpact sur l'enjeu \u00ceQ P\u00e9che professionnelle\\- N\u00e9gatif\\' Sanglier\n# Positif @ Vannes de gestion\nwww.parc-cotentin-bessin.fr - 02 33 71 61 90\nMARAIS DU COTENTIN ET DU BESSIN  \nUN PARC NATUREL R\u00c9GIONAL EN TRANSITION          \n                        \n14 \n \n3.3 Les facteurs d'influence \nLes pressions ont \u00e9t\u00e9 repr\u00e9sent\u00e9es sur la carte ci-apr\u00e8s (Cf. figure 3) \n \nPr\u00e9fecture de la Manche - 50-2025-09-26-00003 - ARR\u00caT\u00c9 n\u00b0 2025-182 Portant approbation du sixi\u00e8me plan de gestion de la r\u00e9serve\nnaturelle nationale du domaine de Beauguillot pour la p\u00e9riode 2025-2026 221\nwww.parc-cotentin-bessin.fr - 02 33 71 61 90\nMARAIS DU COTENTIN ET DU BESSIN  \nUN PARC NATUREL R\u00c9GIONAL EN TRANSITION          \n                        \n15 \n \na) Les activit\u00e9s humaines du site \n\u25ba La gestion hydraulique \nLa gestion des niveaux d'eau vise des conditions favorables aux grands rassemblements d'oi-\nseaux en hiver, aux haltes migratoires post et pr\u00e9-nuptiales, \u00e0 la reproduction au printemps, aux \ntravaux agricoles, d'am\u00e9nagement, d'entretien ou de restauration \u00e9cologique aux mois d'ao\u00fbt et \nseptembre. \nLe maintien de l'eau douce est recherch\u00e9. A cette fin, la vanne sud a \u00e9t\u00e9 remplac\u00e9e en 2023. D'un \npoint de vue op\u00e9rationnel, la pluviom\u00e9trie, les apports d'eau de la nappe, le cycle des mar\u00e9es et les \nhauteurs d'eau de mer sont pris en compte pour manipuler les vannes (anciennes et nouvelles) et \nfaire varier les niveaux selon le calendrier \u00e9tabli en concertation avec les partenaires. Cependant la \nv\u00e9tust\u00e9 des anciens ouvrages complique cette gestion, notamment le clapet anti-retour de la vanne \ndu polder sud qui permet des entr\u00e9es d'eau de mer lors des mar\u00e9es de coefficient sup\u00e9rieur \u00e0 70. \nDes planches sont install\u00e9es sur l'ouvrage pour limiter le volume sal\u00e9 entrant (non quantifi\u00e9) \nnotamment lors des mar\u00e9es de vives-eaux.   \nPar ailleurs, la loi sur l'eau oblige la transparence des ouvrages hydrauliques. C'est pourquoi des \nouvertures temporaires de la vanne sont r\u00e9alis\u00e9es autour de la haute mer des mar\u00e9es de vives-eaux \npour le passage des ci velles en d\u00e9but d'ann\u00e9e ou pour permettre la d\u00e9valaison d'esp\u00e8ces, voire \n\u00e9ventuellement aux grandes mar\u00e9es estivales pour compenser les niveaux trop bas (Cf. figure5, \np36). Il serait int\u00e9ressant d'installer un syst\u00e8me permettant de garantir les d\u00e9placements de l'anguille \ntout en assurant la gestion des niveaux d'eau du polder. Enfin, il faut int\u00e9grer la question du \nchangement climatique, l'\u00e9l\u00e9vation du niveau de la mer et la salinisation, tr\u00e8s en lien avec cette \nth\u00e9matique, directement par des intrusions marines probables au nord de la r\u00e9serve et indirectement \npar les effets du biseau sal\u00e9 sur les nappes souterraines.   \nUn manque de connaissance, notamment sur l'\u00e9tat physique des foss\u00e9s et des passages bus\u00e9s du \npolder r\u00e9cemment class\u00e9s en r\u00e9serve ainsi que l a prise irr\u00e9guli\u00e8re de mesures (donn\u00e9es \npi\u00e9zom\u00e9triques, param\u00e8tres physico-chimiques et biologiques) ne permettent pas d'\u00e9valuer l'\u00e9tat du \nr\u00e9seau et la bonne circulation de l'eau. Un diagnostic complet de l'ensemble du r\u00e9seau hydraulique \nserait n\u00e9cessaire pour planifier un entretien sur plusieurs ann\u00e9es.    \n \n\u25ba La gestion agropastorale \nLa gestion agropastorale est pratiqu\u00e9e sur tous les milieux prairiaux de la partie terrestre afin \nd'assurer l'accueil et les capacit\u00e9s alimentaires de la r\u00e9serve. Elle favorise une mosa\u00efque d'habitats \ndonc une diversit\u00e9 de la structure v\u00e9g\u00e9tale et de la composition floristique, primordiale pour convenir \naux exigences alimentaires du plus grand nombre d'esp\u00e8ces, notamment les esp\u00e8ces herbivores  : \nl'oie cendr\u00e9e ( Anser anser), la bernache nonnette ( Branta leucopsis), le canard siffleur ( Mareca \npenelope)... \nPr\u00e9fecture de la Manche - 50-2025-09-26-00003 - ARR\u00caT\u00c9 n\u00b0 2025-182 Portant approbation du sixi\u00e8me plan de gestion de la r\u00e9serve\nnaturelle nationale du domaine de Beauguillot pour la p\u00e9riode 2025-2026 222\nwww.parc-cotentin-bessin.fr - 02 33 71 61 90\nMARAIS DU COTENTIN ET DU BESSIN  \nUN PARC NATUREL R\u00c9GIONAL EN TRANSITION          \n                        \n16 \n \nL'activit\u00e9 agricole peut impacter l'avifaune lorsque les pratiques ne respectent pas les pr\u00e9conisations \n\u00e9nonc\u00e9es dans le cahier des charges des conventions agricoles  : dates d'entr\u00e9e et de sortie des \nanimaux, nombre de b\u00eates, composition du cheptel, date de fauche, broyage des refus, utilisation \nde produits antiparasitaires r\u00e9manents\u2026 Les impacts sont le d\u00e9rangement des oiseaux en repos, le \npi\u00e9tinements des nids, la d\u00e9gradation ou  la perte de zones d'alimentation, la d\u00e9gradation des \nhabitats... (Cf. figure5) \nDes am\u00e9liorations sont \u00e0 rechercher dans le dialogue, mais aussi au travers la convention qui lie \nchaque exploitant au Conservatoire du littoral et au gestionnaire. C'est un contrat administratif dans \nlequel tous les acteurs s'engagent. \nLes mesures agro-environnementales propos\u00e9es dans le cadre de la politique communautaire, sont  \n\u00e9galement de bons moyens pour prendre en compte la biodiversit\u00e9 dans les pratiques agricoles. \nIn fine, le rapport temps pass\u00e9 / b\u00e9n\u00e9fices est en faveur des agriculteurs gr\u00e2ce aux aides et \u00e0 la \nredevance annuelle. \nDans tous les cas, le cadre est pos\u00e9 pour faire respecter les accords et \u00e0 d\u00e9faut, ils peuvent \u00eatre \nd\u00e9nonc\u00e9s. \n \n\u25ba L'exploitation du gisement de coques \nLa p\u00eache \u00e0 la coque commune ( Cerastoderma edule) est autoris\u00e9e sur le gisement de la r\u00e9serve \ndans le d\u00e9cret 2021-1319 portant extension du p\u00e9rim\u00e8tre et modification de la r\u00e9glementation de la \nr\u00e9serve naturelle nationale du domaine de Beauguillot. Les modalit\u00e9s d'exploitation du gisement de \nBeauguillot sont cadr\u00e9es par l'arr\u00eat\u00e9 pr\u00e9fectoral n\u00b094 -2015 : la p\u00e9riode,  le nombre de p\u00eache par \njour, le mat\u00e9riel, la taille de la coque, les moyens d'acc\u00e8s\u2026 Un arr\u00eat\u00e9 pr\u00e9fectoral est pris \nannuellement, au reg ard de l'\u00e9valuation de l'\u00e9tat du gisement de coques pour pr\u00e9ciser la date \nd'ouverture et de fermeture, les jours de p\u00eache et le quota de pr\u00e9l\u00e8vement. \nLa r\u00e9serve \u00e9tant incluse dans le p\u00e9rim\u00e8tre du site Natura 2000 \u00ab Marais du Cotentin et du Bessin -\nBaie des Veys \u00bb, l'Analyse du Risque P\u00eache est une obligation en vertu de l'article L414-4 du code \nde l'environnement.  \nL'analyse du risque de la p\u00eache \u00e0 pied professionnelle des coques communes (Cerastoderma edule) \nen baie des Veys, de porter atteinte aux objecti fs de conservation des habitats s\u00e9dimentaires \nintertidaux vis \u00e0 vis de l'alimentation des limicoles a \u00e9t\u00e9 conduite conjointement par RNF via son \nObservatoire du Patrimoine Naturel du Littoral (OPNL) et l'OFB de 2021 \u00e0 2024. Les r\u00e9sultats \nmontrent que l'hu\u00eetrier pie (Haematopus ostralegus) \u00e9vite les p\u00eacheurs en restant \u00e0 distance mais \nsur la zone de distribution des coques. La distance limit\u00e9e du report sugg\u00e8re une d\u00e9pendance aux \nzones de p\u00eache. Les autres limicoles \u00e9vitent les p\u00eacheurs en se reportant \u00e0 distance sur le gisement \nou en dehors. Ces r\u00e9sultats concluent \u00e0 un d\u00e9rangement mod\u00e9r\u00e9 si le report des individus est \npossible sur les gisements.     \nPr\u00e9fecture de la Manche - 50-2025-09-26-00003 - ARR\u00caT\u00c9 n\u00b0 2025-182 Portant approbation du sixi\u00e8me plan de gestion de la r\u00e9serve\nnaturelle nationale du domaine de Beauguillot pour la p\u00e9riode 2025-2026 223\nwww.parc-cotentin-bessin.fr - 02 33 71 61 90\nMARAIS DU COTENTIN ET DU BESSIN  \nUN PARC NATUREL R\u00c9GIONAL EN TRANSITION          \n                        \n17 \n \nL'\u00e9valuation qualitative du risque sur les oiseaux aboutit \u00e0 une comp\u00e9tition trophique qui progresse \nen fonction des effectifs. En cas de vague de froid, situation extr\u00eame o\u00f9 le facteur \u00e9cologique et les \neffectifs sont importants, le mod\u00e8le conclut \u00e0 une atteinte \u00e0 la fonctionnalit\u00e9 des habitats \ns\u00e9dimentaires intertidaux. La r\u00e9percussion sur l'hu\u00eetrier pie ( Haematopus ostralegus) serait d'un \nniveau national voire international. \nL'analyse a \u00e9galement \u00e9t\u00e9 conduite sur les habitats. Cette analyse conduit \u00e0 un risque d'atteinte aux \nobjectifs de conservation du site natura 2000 moyen \u00e0 fort, sur le p\u00e9rim\u00e8tre de la r\u00e9serve naturelle \nnationale de Beauguillot (OPNL, 2024, publication \u00e0 venir).   \nCette \u00e9valuation du risque a pour cons\u00e9quence l'obligation de d\u00e9finir des mesures de gestion pour \natteindre un niveau de risque acceptable. Une des solutions envisag\u00e9es serait la fermeture du \ngisement de Beauguillot pour la p\u00eache \u00e0 pied professionnelle. Une telle d\u00e9cision devra \u00eatre prise \npar arr\u00eat\u00e9 du pr\u00e9fet comp\u00e9tent.    \n \n\u25ba Les cultures marines \nL'exploitation des concessions d'\u00e9levage de moules et d'hu\u00eetres est autoris\u00e9e dans le d\u00e9cret 2021-\n1319 portant extension du p\u00e9rim\u00e8tre et modification de la r\u00e9glementation de la r\u00e9serve naturelle \nnationale du domaine de Beauguillot. L'activit\u00e9 est cadr\u00e9e par l'arr\u00eat\u00e9 n\u00b0CM18-025 portant sch\u00e9ma \ndes structures des exploitations de cultures m arines du d\u00e9partement de la Manche. T oute \nmodification (reclassement, am\u00e9nagement\u2026) de la concession fait l'objet d'une demande \nd'autorisation. \nDans les faits observ\u00e9s, les cultures marines provoquent le m\u00eame type de d\u00e9rangement que la \np\u00eache \u00e0 pied avec un report des oiseaux au-del\u00e0 des zones d'alimentation \u00e0 l'arriv\u00e9e des tracteurs.   \nLe comit\u00e9 r\u00e9gional de la conchyliculture Normandie a obtenu un arr\u00eat\u00e9 pr\u00e9fectoral annuel autorisant \ndes op\u00e9rations d'effarouchement de la macreuse noire ( Melanitta nigra ), de  la macreuse brune \n(Melanitta fusca) et de l'eider \u00e0 duvet (Somateria mollissima). Il est en vigueur sur la c\u00f4te Est de la \nManche, except\u00e9 le littoral compris entre le mus\u00e9e d'Utah -Beach et la baie de Veys. Le bilan des \nop\u00e9rations n'est pas communiqu\u00e9. L'op\u00e9ration pourrait atteindre des individus qui s\u00e9journent sur la \nr\u00e9serve et se d\u00e9placent dans un p\u00e9rim\u00e8tre plus large.   \nLes cultures marines en g\u00e9n\u00e9ral, g\u00e9n\u00e8rent une quantit\u00e9 de d\u00e9chets, notamment les poches d'hu\u00eetres. \nElles repr\u00e9sentent une part important e des d\u00e9chets retrouv\u00e9s sur le haut de plage, les milieux \ndunaires et les pr\u00e9s sal\u00e9s o\u00f9 ils s'accumulent. Globalement leur impact est plut\u00f4t n\u00e9gatif. En effet, \nils participent au processus d'accr\u00e9tion en cours et \u00e0 la formation de reposoirs pour les limico les. \nPar contre, leur accumulation alt\u00e8re la qualit\u00e9 paysag\u00e8re, d\u00e9grade les habitats, g\u00e8ne les oiseaux en \nreposoir de haute mer et enfin g\u00e9n\u00e8re probablement une pollution des eaux et des s\u00e9diments par \nles micro-plastiques.   \n \n\u25ba Les activit\u00e9s de loisirs (observation, photo, randonn\u00e9e\u2026) \nPr\u00e9fecture de la Manche - 50-2025-09-26-00003 - ARR\u00caT\u00c9 n\u00b0 2025-182 Portant approbation du sixi\u00e8me plan de gestion de la r\u00e9serve\nnaturelle nationale du domaine de Beauguillot pour la p\u00e9riode 2025-2026 224\nwww.parc-cotentin-bessin.fr - 02 33 71 61 90\nMARAIS DU COTENTIN ET DU BESSIN  \nUN PARC NATUREL R\u00c9GIONAL EN TRANSITION          \n                        \n18 \n \nLe site est fr\u00e9quent\u00e9 par des observateurs n\u00e9ophytes, des chasseurs, des naturalistes, des \nphotographes, des promeneurs, des randonneurs entre autre. Avant l'extension, ces activit\u00e9s \u00e9taient \nsitu\u00e9es sur le chemin des observatoires au sud du domaine terrestre et tol\u00e9r\u00e9es sur le domaine \npublic maritime. Depuis la modification du d\u00e9cret, la circulation est interdite sur la partie maritime et \nautoris\u00e9e \u00e0 l'int\u00e9rieur de la r\u00e9serve, uniquement sur les sentiers balis\u00e9s afin de garantir la tranquillit\u00e9 \ndes oiseaux et la conservation des habitats. \nLes nouveaux am\u00e9nagements ont \u00e9t\u00e9 con\u00e7us pour proposer un confort de visite aux plus de 40 000 \nvisiteurs par an. Une signalisation r\u00e9glementaire et directionnelle informe les usagers. L'ensemble \ndes \u00e9quipements est bien per\u00e7u et respect\u00e9. Des d\u00e9sordres, \u00e0 la marge, persistent pour lesquels \nune surveillance est n\u00e9cessaire, notamment les intrusions dans la partie maritime en limite nord. \n2024 est la premi\u00e8re ann\u00e9e d'utilisation des nouveaux am\u00e9nagements. Le recul n'est pas suffisant \npour \u00e9tablir un bilan complet. Toutefois, des ajustements sur les \u00e9quipements ont \u00e9t\u00e9 identifi\u00e9s pour \nam\u00e9liorer la qualit\u00e9 de visite du public et la tranquillit\u00e9 de la faune. La communication, les missions \nde police, l'ancrage local, les \u00e9changes entre partenaires sont \u00e9galement \u00e0 pr\u00e9voir pour supprimer \nles d\u00e9sordres. \n \n\u25ba Les activit\u00e9s dans le cadre de la gestion : \nLes suivis naturalistes et scientifiques ou encore les travaux d'entretien et de gestion sont des \nsources de d\u00e9rangements malgr\u00e9 les dispositions prises pour en limiter les effets. Les suivis les plus \nr\u00e9currents sont les comptages de la remise diurne et les comptages de limicoles pour lesquels des \nam\u00e9liorations sont \u00e0 trouver au niveau des itin\u00e9raires de d\u00e9placements et outils de comptages (Cf. \nfigure 3). \nb) La dynamique des esp\u00e8ces \n\u25ba Les esp\u00e8ces v\u00e9g\u00e9tales \u00e0 caract\u00e8re envahissant \nDans le plan de gestion 2012-2021, des esp\u00e8ces comme la moutarde noire (Brassica nigra) sur les \nzones remani\u00e9es ou encore le saule roux-cendr\u00e9 (Salix atrocinerea) dans la mare aux oies et autour \ndes mares prairiales, ont fait l'objet d'une intervention r\u00e9guli\u00e8re pour maintenir les milieux ouverts et \naccessibles aux oiseaux. \n \n\u25ba Les milieux s\u00e9nescents     \nLes limites de la zone sensible fr\u00e9quent\u00e9e par les oiseaux sont des digues, des haies, des rideaux \nde roseaux. Ces \u00e9l\u00e9ments assurent la qui\u00e9tude de l'avifaune vis \u00e0 vis de la fr\u00e9quentation par leur \nr\u00f4le d'\u00e9cran visuel. Il est primordial de maintenir en \u00e9tat ces lin\u00e9aires avec des essences ou des \nmat\u00e9riaux locaux pour maintenir les capacit\u00e9s d'accueil du site. \n \n\u25ba Les esp\u00e8ces animales \u00e0 r\u00e9guler (pr\u00e9dateur et d\u00e9pr\u00e9dateur) \nPr\u00e9fecture de la Manche - 50-2025-09-26-00003 - ARR\u00caT\u00c9 n\u00b0 2025-182 Portant approbation du sixi\u00e8me plan de gestion de la r\u00e9serve\nnaturelle nationale du domaine de Beauguillot pour la p\u00e9riode 2025-2026 225\nwww.parc-cotentin-bessin.fr - 02 33 71 61 90\nMARAIS DU COTENTIN ET DU BESSIN  \nUN PARC NATUREL R\u00c9GIONAL EN TRANSITION          \n                        \n19 \n \nLe sanglier (Sus scrofa) \nL'esp\u00e8ce est pr\u00e9sente r\u00e9guli\u00e8rement de septembre/octobre jusqu'au printemps depuis 2018 (Elder \n& al , 2022). Les effectifs sont variables selon les activit\u00e9s agricoles et/ou cyn\u00e9g\u00e9tiques pratiqu\u00e9es \nsur les terres environnantes, soit quelques individus \u00e0 pr\u00e8s d'une trentaine. Plusieurs cas de \nreproduction ont \u00e9t\u00e9 not\u00e9s sur la r\u00e9serve (une \u00e0 de ux familles), dont un chaudron et une femelle \nsuit\u00e9e observ\u00e9s en 2024 sur la digue de mer.  Les zones de refuge diurne sont les bois, les fourr\u00e9s \ndes digues pour la partie nord, les roseli\u00e8res pour la partie sud.  \nEn p\u00e9riode hivernale, l'esp\u00e8ce recherche s a nourriture en retournant la surface du sol des prairies \nde \nla r\u00e9serve. Le cort\u00e8ge floristique, dont des esp\u00e8ces remarquables comme les orchid\u00e9es ou \nl'Oenanthe silaifolia,  s'en trouve impact\u00e9 et la qualit\u00e9 des prairies d\u00e9grad\u00e9e pour les pratiques \nagricoles. D'autre part, il peut \u00eatre un pr\u00e9dateur des nids au sol comme ceux des limicoles, des \ncanards et du busard des roseaux (Circus aeruginosus). \nLes populations sont en expansion dans le d\u00e9partement. L'esp\u00e8ce est mobile sur un territoire plus \nvaste que celui de la r\u00e9serve. Par cons\u00e9quent, les battues r\u00e9alis\u00e9es sur la r\u00e9serve visent \u00e0 limiter \nles effets sur site et les abords, \u00e0 savoir les impacts n\u00e9gatifs sur des esp\u00e8ces ainsi que les d\u00e9g\u00e2ts \nsur les cultures proches. La r\u00e9gulation efficace de la population passe par une r\u00e9gulation de l'esp\u00e8ce \n\u00e0 une \u00e9chelle plus vaste que le p\u00e9rim\u00e8tre de la r\u00e9serve.   \n \nLes pr\u00e9dateurs en p\u00e9riode de nidification : \nDes animaux non identifi\u00e9s sont soup\u00e7onn\u00e9s d'avoir mis en \u00e9chec la nidification d'esp\u00e8ces \u00e0 forte \nvaleur patrimoniale. Pour am\u00e9liorer le succ\u00e8s de reproduction, il est possible d'intervenir directement \nsur les pr\u00e9dateurs identifi\u00e9s (par op\u00e9ration de r\u00e9gulation sous r\u00e9serve d'autorisation) et/ou de \nr\u00e9aliser des am\u00e9nagements de type \u00eelots (pour les limicoles) ou des travaux d'\u00e9limination de perchoir \nou zone refuge (op\u00e9ration de pr\u00e9vention). \n \n\u25ba Les maladies/parasitismes \nEn 2022, l'infection des populations sauvages d'oiseaux par le virus de la grippe de souche H5N1 \nou influenza aviaire s'est propag\u00e9e de fa\u00e7on inqui\u00e9tante sur de d\u00e9partement de la Manche. Des \npr\u00e9cautions et une vigilance avaient \u00e9t\u00e9 demand\u00e9es pour limiter la propagation. Le suivi de la \nsarcelle d'hiver (Anas crecca) avait \u00e9t\u00e9 suspendu. A la suite de cette exp\u00e9rience, le maintien d'une \nveille sanitaire en collaboration avec le r\u00e9seau SAGIR et l'OFB semble judicieux pour pr\u00e9venir d'une \nnouvelle \u00e9pid\u00e9mie et prendre des mesures adapt\u00e9es vis \u00e0 vis des oiseaux et du public.   \n \nc) Les activit\u00e9s humaines hors du site \n\u25ba La chasse \nPr\u00e9fecture de la Manche - 50-2025-09-26-00003 - ARR\u00caT\u00c9 n\u00b0 2025-182 Portant approbation du sixi\u00e8me plan de gestion de la r\u00e9serve\nnaturelle nationale du domaine de Beauguillot pour la p\u00e9riode 2025-2026 226\nwww.parc-cotentin-bessin.fr - 02 33 71 61 90\nMARAIS DU COTENTIN ET DU BESSIN  \nUN PARC NATUREL R\u00c9GIONAL EN TRANSITION          \n                        \n20 \n \nComme pr\u00e9vu dans le d\u00e9cret, l a chasse est interdite sur la r\u00e9serve. N\u00e9anmoins, le comportement \ndes oiseaux est modifi\u00e9 lors de la p\u00e9riode de chasse, ne serait -ce que par les tirs ou encore la \npr\u00e9sence des chasseurs sur le DPM au sud ou au nord des limites de la r\u00e9serve ou sur la route qui \nlonge la r\u00e9serve. \n \n\u25ba Les autres activit\u00e9s de loisirs \nIci sont d\u00e9sign\u00e9es les activit\u00e9s rencontr\u00e9es sur l'estran, en p\u00e9riph\u00e9rie de la r\u00e9serve  : la randonn\u00e9e \np\u00e9destre, l'entra\u00eenement \u00e9questre, les pratiques sportives comme le longe -c\u00f4te, le jogging. Malgr\u00e9 \nune limite de l'aire prot\u00e9g\u00e9e clairement marqu\u00e9e in situ, des intrusions sont enregistr\u00e9es notamment \nau nord. \nC'est le m\u00eame constat pour le kitesurf et la navigation qui sont des activit\u00e9s utilisant le plan d'eau \nde l'aire prot\u00e9g\u00e9e malgr\u00e9 la r\u00e9glementation en vigueur. \nEnfin, les manifestations comm\u00e9moratives g\u00e9n\u00e8rent des vols au -dessus de la baie et parfois au -\ndessus de la r\u00e9serve. Malgr\u00e9 une surveillance, des v\u00e9hicules circulent sur le domaine public \nmaritime depuis le mus\u00e9e jusque sur la r\u00e9serve.   \nCes activit\u00e9s sont possiblem ent perturbatrices pour l'avifaune et les mammif\u00e8res marins. Les \nsituations sont telles qu'il est parfois difficile d'interpeler les contrevenants. Il conviendra de \nd\u00e9velopper la communication aupr\u00e8s des structures organisatrices et de doter l'\u00e9quipe en \ncomp\u00e9tences afin d'assurer des missions de police. Enfin, des missions en partenariat avec l'OFB \nseront \u00e0 pr\u00e9voir lors des p\u00e9riodes de forte fr\u00e9quentation de juin \u00e0 septembre, lors de vacances \nscolaires ainsi qu'\u00e0 la p\u00e9riode de grands rassemblements d'oiseaux. \n \n\u25ba La gestion des sites en faveur de l'avifaune dans l'unit\u00e9 fonctionnelle \nL'analyse des donn\u00e9es des anatid\u00e9s de l'unit\u00e9 fonctionnelle explique les variations des effectifs \nd'oiseaux hivernant de la r\u00e9serve par l'\u00e9volution de la capacit\u00e9 d'accueil des sites de remise diurne \n\u00e0 l'\u00e9chelle de l'unit\u00e9 fonctionnelle (Verniest, 2018). Certains sites ont vu leur capacit\u00e9 d'accueil \naccrue suite aux modifications de la gestion agro-pastorale comme la r\u00e9serve de chasse et de faune \nsauvage de Saint-Georges de Bohon, de la gestion hydraulique comme la tourbi\u00e8re de S\u00e8ves, de la \nmodification des dates de chasse comme la vall\u00e9e de la Douve. Ces \u00e9volutions importantes peuvent \navoir capt\u00e9 une partie des effectifs d'esp\u00e8ces \u00e0 forte contribution pour la r\u00e9serve comme la sarcelle \nd'hiver (Anas crecca), le canard siffleur (Mareca penelope) et le canard souchet (Spatula clypeata).   \n \nPr\u00e9fecture de la Manche - 50-2025-09-26-00003 - ARR\u00caT\u00c9 n\u00b0 2025-182 Portant approbation du sixi\u00e8me plan de gestion de la r\u00e9serve\nnaturelle nationale du domaine de Beauguillot pour la p\u00e9riode 2025-2026 227\nwww.parc-cotentin-bessin.fr - 02 33 71 61 90\nMARAIS DU COTENTIN ET DU BESSIN  \nUN PARC NATUREL R\u00c9GIONAL EN TRANSITION          \n                        \n21 \n \n3.3. La proposition de gestion de l'avifaune hivernante, en halte migratoire et hivernante   \nLa pr\u00e9sentation est sous forme d'arborescence conform\u00e9ment \u00e0 la m\u00e9thode du CT88 (Cf. tableaux \n5 \u00e0 8) .\nPr\u00e9fecture de la Manche - 50-2025-09-26-00003 - ARR\u00caT\u00c9 n\u00b0 2025-182 Portant approbation du sixi\u00e8me plan de gestion de la r\u00e9serve\nnaturelle nationale du domaine de Beauguillot pour la p\u00e9riode 2025-2026 228\nwww.parc-cotentin-bessin.fr - 02 33 71 61 90\nMARAIS DU COTENTIN ET DU BESSIN  \nUN PARC NATUREL R\u00c9GIONAL EN TRANSITION          \n                        \n22 \n \nTableau 2 : Arborescence \u00e0 long terme de l'enjeu avifaune du plan de gestion 2025-2029 \nENJEU ETAT DE L'ENJEU VISION A LONG TERME \nL'avifaune \nhivernante, \nen halte \nmigratoire \net \nnicheuse \nEtat actuel de l'enjeu Objectifs \u00e0 \nlong terme \nNiveau d'exigence  \n(Etat vis\u00e9) Indicateurs d'\u00e9tat M\u00e9triques Code\ns \nOp\u00e9rations (suivis \nscientifiques) \nIndicateur\ns de \nr\u00e9ponse \n(r\u00e9alisatio\nn) \nLa r\u00e9serve accueille plus de \n20000 oiseaux d'eau entre \nnovembre et janvier. Ce qui \nrepr\u00e9sente plus de la moiti\u00e9 \ndes oiseaux d'eau \nr\u00e9guli\u00e8rement suivis de l'unit\u00e9 \nfonctionnelle \n\u00ab marais de l'isthme du \nCotentin\u00bb. La r\u00e9serve \naccueille \u00e9galement entre 70 \n\u00e0 95 % des limicoles c\u00f4tiers \nsuivis de la baie des Veys. La \nnidification sur le polder de \nSainte-Marie-du-mont est tr\u00e8s \nd\u00e9pendante des niveaux \nd'eau. Pour l'instant, les \nesp\u00e8ces fr\u00e9quentent le site \nr\u00e9guli\u00e8rement mais les \neffectifs de reproducteurs sont \nvariables selon les conditions \nenvironnementales. La \nr\u00e9serve est oblig\u00e9e de \nr\u00e9aliser des suivis \nsp\u00e9cifiques compl\u00e9mentaires \naux comptages pour les \nesp\u00e8ces difficiles \nd'observation ou pour \napporter des informations sur \nles r\u00f4les fonctionnelles \nn\u00e9cessaires \u00e0 l'avifaune \nFavoriser \nl'attractivit\u00e9 \ndes zones \nhumides \npour \nl'accueil de \nl'avifaune \nLa contribution de la \nr\u00e9serve \u00e0 la capacit\u00e9 \nd'accueil de l'avifaune \ninter-nuptiale \u00e0 l'\u00e9chelle \nde l'unit\u00e9 fonctionnelle \n\u00e9valu\u00e9e \u00e0 + de 50 % pour \nles anatid\u00e9s et \u00e0 + de \n70 % pour les limicoles \nc\u00f4tiers \nLe d\u00e9nombrement de \nla mi-janvier \nEffectif par \nesp\u00e8ce CS01 Suivre les esp\u00e8ces en \np\u00e9riode inter-nuptiale \nr\u00e9alis\u00e9 ou \nnon \nL'am\u00e9lioration des \nconditions de \nreproduction \nLa pr\u00e9sence des \noiseaux d'eau et \npassereaux \nnicheurs \nEstimation \ndu nombre \nd'individus \nnicheurs \ncertains, \nprobables, \npossibles par \nesp\u00e8ce \nCS02 Suivre les esp\u00e8ces \nnicheuses \nr\u00e9alis\u00e9 ou \nnon \nLa caract\u00e9risation des \nfonctionnalit\u00e9s de la \nr\u00e9serve par des \u00e9tudes \nsp\u00e9cifiques \nLe r\u00f4le de la r\u00e9serve \npour les oiseaux en \nhalte migratoire ou en \nhivernage en \nparticipant aux \nprogrammes de \nbaguage \nEffectif \nbagu\u00e9/ \nesp\u00e8ce \nCS03 \nSuivre les esp\u00e8ces \ndiscr\u00e8tes ou les \nstrat\u00e9gies chez les \noiseaux par le baguage \n(phragmite aquatique, \nsarcelle d'hiver, \nesp\u00e8ces du programme \nmigratlane\u2026) \nr\u00e9alis\u00e9 ou \nnon \nLe r\u00f4le alimentaire de \nla partie maritime de \nla r\u00e9serve \n \nLa part \nd'oiseaux de \nla baie en \nalimentation \nsur la \nr\u00e9serve   \nCS04 Suivre les limicoles en \nactivit\u00e9 d'alimentation \nr\u00e9alis\u00e9 ou \nnon \nPr\u00e9fecture de la Manche - 50-2025-09-26-00003 - ARR\u00caT\u00c9 n\u00b0 2025-182 Portant approbation du sixi\u00e8me plan de gestion de la r\u00e9serve\nnaturelle nationale du domaine de Beauguillot pour la p\u00e9riode 2025-2026 229\nwww.parc-cotentin-bessin.fr - 02 33 71 61 90\nMARAIS DU COTENTIN ET DU BESSIN  \nUN PARC NATUREL R\u00c9GIONAL EN TRANSITION          \n                        \n23 \n \nTableau 3 : D\u00e9clinaison de l'objectif \u00e0 long terme visant \u00e0 favoriser l'attractivit\u00e9 des zones humides pour l'accueil de l'avifaune, en objectifs op\u00e9rationnels relatifs \u00e0 la gestion hydraulique, les \nam\u00e9nagements et la p\u00eache \u00e0 pied des coques \nENJEU INFLUENCES SUR \nL'ENJEU STRATEGIE D'ACTION \nL'avifaune \nhivernante, \nen halte \nmigratoire \net \nnicheuse \nFacteurs \nd'influenc\ne \nPressions \u00e0 \ng\u00e9rer \nObjectifs \nop\u00e9rationnels R\u00e9sultats attendus \nIndicateurs \nde \npression \nM\u00e9triques Code\ns \nOp\u00e9rations (mise en \n\u0153uvre) \nIndicateurs \nde \nr\u00e9ponse \n(r\u00e9alisation) \nActivit\u00e9s \nhumaines \nsur le site \nLes conditions \ninduites par la \ngestion \nhydraulique \nadapter les \nniveaux d'eau aux \nbesoins \nbiologiques des \noiseaux \nLa mise en \u0153uvre d'un \ncalendrier des niveaux \nd'eau \nLa hauteur \nd'eau \nValeurs relatives par \nrapport au \nniveau de r\u00e9f\u00e9rence \nNGF 69 \nCS05 \nSuivre et ma\u00eetriser les \nniveaux d'eau selon \nle calendrier \nR\u00e9alis\u00e9 ou \nnon \nUn r\u00e9seau entretenu \nfavorisant la circulation de \nl'eau \nLe lin\u00e9aire \nen eau \n% du lin\u00e9aire avec \nune libre circulation \nde l'eau \nIP01 \nR\u00e9aliser l'entretien \ndes foss\u00e9s et des \nouvrages selon le \ndiagnostic (CS24) \n% de travaux \nr\u00e9alis\u00e9s par an \nLes conditions \ninduites par \nam\u00e9nagement\ns en faveur de \nl'avifaune \nAm\u00e9liorer les \nconditions \nd'accueil \nUne nidification des \nlimicoles sur les zones \ng\u00e9r\u00e9es (\u00eelots, maitrise des \nniveaux d'eau, qui\u00e9tude) \nLa pr\u00e9sence \nde la \nnidification \nnombre de nids par \nesp\u00e8ce IP02 \nAm\u00e9nager des \u00eelots et \ndes exclos de \np\u00e2turage pour la \nnidification \nbilan annuel \nUn paysage ouvert, plus \naccueillant pour les \nanatid\u00e9s au niveau de la \ngrande \u00eele \nL'arasement \nde la \ndiguette \n% du lin\u00e9aire enlev\u00e9 IP03 \nAraser la diguette \nentre la dune sud et \nles grandes \u00eeles \nR\u00e9alis\u00e9 ou \nnon \nLes conditions \ninduites par \nl'exploitation \ndu gisement \nde coques \nRassembler les \nInformations \npermettant \nd'\u00e9valuer la \nressource en \ncoque \npotentiellement \nexploitable \nannuellement par \nles \nlimicoles \nConna\u00eetre le pr\u00e9l\u00e8vement \nde coques sur le gisement \nde \nBeauguillot \nLa pression \nde p\u00eache \nnombre de \np\u00eacheurs/jour, jour \nde p\u00eache, quantit\u00e9 \nde coques p\u00each\u00e9es \nIP04 \nRecueillir les donn\u00e9es \nde pr\u00e9l\u00e8vement de \ncoques sur le terrain \net/ou \naupr\u00e8s de la DDTM \nbilan annuel \nConna\u00eetre l '\u00e9volution de \nl'\u00e9tat du gisement \nLa quantit\u00e9 \nde coques tonnes /ha CS06 \nSuivre annuellement \nla biomasse de \ncoques \u00e0 l'arriv\u00e9e des \noiseaux \n \nPr\u00e9fecture de la Manche - 50-2025-09-26-00003 - ARR\u00caT\u00c9 n\u00b0 2025-182 Portant approbation du sixi\u00e8me plan de gestion de la r\u00e9serve\nnaturelle nationale du domaine de Beauguillot pour la p\u00e9riode 2025-2026 230\nwww.parc-cotentin-bessin.fr - 02 33 71 61 90\nMARAIS DU COTENTIN ET DU BESSIN  \nUN PARC NATUREL R\u00c9GIONAL EN TRANSITION          \n                        \n24 \n \nTableau 4 : D\u00e9clinaison de l'objectif \u00e0 long terme visant \u00e0 favoriser l'attractivit\u00e9 des zones humides pour l'accueil de l'avifaune en objectifs op\u00e9rationnels relatifs \u00e0 la gestion agricole,  \nau d\u00e9rangement et \u00e0 la pr\u00e9sence des d\u00e9chets\nENJEU INFLUENCES SUR \nL'ENJEU STRATEGIE D'ACTION \nL'avifaune \nhivernante\n, en halte \nmigratoire \net \nnicheuse \nFacteurs \nd'influence \nPressions \u00e0 \ng\u00e9rer \nObjectifs \nop\u00e9rationnel\ns \nR\u00e9sultats \nattendus \nIndicateurs de \npression M\u00e9triques Code\ns Op\u00e9rations (mise en \u0153uvre) \nIndicateurs \nde r\u00e9ponse \n(r\u00e9alisation) \n \nActivit\u00e9s \nhumaines \nsur le site \nLes \nconditions \ninduites par \nla gestion \nagricole \nAugmenter l' \nh\u00e9t\u00e9rog\u00e9n\u00e9it\n\u00e9 des \npratiques \nagricoles \nUne diversit\u00e9 dans \nla structure et la \ncomposition des \nv\u00e9g\u00e9tations \nLes pratiques \nagricoles \ndiversifi\u00e9es (fauche, \np\u00e2turage bovins ou \n\u00e9quins, fauche + \np\u00e2turage) \ncarte des \npratiques par \nlot agricole \nIP05 \nPr\u00e9coniser des cahiers des charges \ndes pratique agricoles adapt\u00e9s aux \nenjeux \u00e9cologiques \nr\u00e9alis\u00e9 ou \nnon \n \nIP06 Veiller au respect du contenu de la \nconvention agricole bilan annuel \n \nLe \nd\u00e9rangemen\nt \nR\u00e9duire le \nd\u00e9rangement \nprovoqu\u00e9 par \nl'\u00e9quipe \ngestionnaire \nLa qui\u00e9tude \nLes bonnes \nconditions \nd'observations en \nlien avec la \npr\u00e9sence des \nagents de la \nr\u00e9serve \n% comptage \nsans envol \ndes oiseaux \nIP07 \nAm\u00e9liorer les conditions de \nr\u00e9alisation des suivis (d\u00e9placement, \nobservatoire, champs d'observation) \npour les comptages \nr\u00e9alis\u00e9 ou \nnon \n \nCS07 \u00c9tudier l'acquisition des nouveaux \nmoyens de comptages (drones) \nr\u00e9alis\u00e9 ou \nnon \n \nR\u00e9duire le \nd\u00e9rangement \nli\u00e9 aux \nactivit\u00e9s de \nloisirs \nLe lin\u00e9aire d'\u00e9cran \nvisuel en lien avec \nla pr\u00e9sence de tout \npublic \n% de lin\u00e9aire \nen bon \u00e9tat IP08 Restaurer les haies, si n\u00e9cessaire bilan annuel \n \nL'information \napport\u00e9e par les \npanneaux et les \nbalises \n% panneaux \net balises en \nplace et \nefficace \nIP09 \nEntretenir la signal\u00e9tique \nr\u00e9glementaire et le balisage c\u00f4t\u00e9 \nmaritime \nr\u00e9alis\u00e9 ou \nnon \n \nActivit\u00e9s \nhumaines \nhors du \nsite \nLa diminution du \nd\u00e9rangement \nintentionnel \nregistre des \nd\u00e9sordres \nnombre de \nd\u00e9sordres SP01 R\u00e9aliser des op\u00e9rations de \nsurveillance bilan annuel \n \nLa pr\u00e9sence \nde d\u00e9chets \nR\u00e9duire la \npr\u00e9sence de \nd\u00e9chets \nLa propret\u00e9 des \nespaces \nLa quantit\u00e9 des \nd\u00e9chets ramass\u00e9s m\u00b3 IP10 Organiser le ramassage des d\u00e9chets bilan annuel \n \n \nPr\u00e9fecture de la Manche - 50-2025-09-26-00003 - ARR\u00caT\u00c9 n\u00b0 2025-182 Portant approbation du sixi\u00e8me plan de gestion de la r\u00e9serve\nnaturelle nationale du domaine de Beauguillot pour la p\u00e9riode 2025-2026 231\nwww.parc-cotentin-bessin.fr - 02 33 71 61 90\nMARAIS DU COTENTIN ET DU BESSIN  \nUN PARC NATUREL R\u00c9GIONAL EN TRANSITION          \n                        \n25 \n \n \nTableau 5 : D\u00e9clinaison de l'objectif \u00e0 long terme visant \u00e0 favoriser des zones humides pour l'accueil de l'avifaune en objectifs op\u00e9rationnels relatifs \u00e0 la pr\u00e9sence d'esp\u00e8ces envahissantes et du \nsanglier\nENJEU INFLUENCES SUR \nL'ENJEU STRATEGIE D'ACTION \nL'avifaune \nhivernante\n, en halte \nmigratoire \net \nnicheuse \n \nFacteurs \nd'influence \nPressions \u00e0 \ng\u00e9rer \nObjectifs \nop\u00e9rationn\nels \nR\u00e9sultats \nattendus \nIndicateurs \nde pression M\u00e9triques Codes Op\u00e9rations (mise en \n\u0153uvre) \nIndicateur\ns de \nr\u00e9ponse \n(r\u00e9alisatio\nn) \nDynamiqu\ne des \nesp\u00e8ces \nLa pr\u00e9sence \nd'esp\u00e8ces \nv\u00e9g\u00e9tales \nenvahissant\nes \nContenir la \nfermeture \ndes \nmilieux \nLe contr\u00f4le des \nesp\u00e8ces \nenvahissantes \nselon une carte de \nr\u00e9f\u00e9rence \nLe maintien \ndes surfaces \n% surfaces \ntrait\u00e9es/surfac\nes \u00e0 traiter \nIP11 \nArracher ou faucher la \nv\u00e9g\u00e9tation envahissante \n(saules de la mare aux oies, \nmoutarde noire des digues, \nroseaux sur les bords, refus, \nv\u00e9g\u00e9tation sur diguette\u2026) \nbilan \nannuel \nLa pr\u00e9sence \ndu sanglier \nContenir la \npr\u00e9sence \ndu \nsanglier \nUn faible impact du \nsanglier sur les \nhabitats et les \nesp\u00e8ces \nLes individus \npr\u00e9sents sur la \nr\u00e9serve \nnombre IP12 Limiter  la pr\u00e9sence du \nsanglier \nBilan \nannuel \n \nPr\u00e9fecture de la Manche - 50-2025-09-26-00003 - ARR\u00caT\u00c9 n\u00b0 2025-182 Portant approbation du sixi\u00e8me plan de gestion de la r\u00e9serve\nnaturelle nationale du domaine de Beauguillot pour la p\u00e9riode 2025-2026 232\nEsp\u00e8ces\u00a2 4 Crapaud calamite$* (sites de ponte) & Orchis anthropophoraAT-; Anguille d'euroS pe Ranunculus ophioglossifolius3 Triton cr\u00eat\u00e9 \u2014 Rumex palustris\u00ab & Triton ponctu\u00e9 & R\u00fcmex maritimus< ... Campagnol amphibie\u00b0 Phoque veau-marin\u00e0 Putois d'Europe\n# BryophyteTp! Champignons\nUnit\u00e9s \u00e9cologiques (EUNIS)K Habitats marins(slikke, schorre, prairies subhalophiles)Habitats c\u00f4tiers(dune vive, dune blanche, dune grise)Eaux de surface continentales(mares, foss\u00e9s, roseli\u00e8res)Bas marais (prairies tourbeuses)Prairies; terrains domin\u00e9s par desherbac\u00e9es non graminoides,des mousses ou des lichensLandes et fourr\u00e9sK Boisements, for\u00e9ts et autreshabitats bois\u00e9sg 5 Ay\n0 100 200 300 400 S00m\nwww.parc-cotentin-bessin.fr - 02 33 71 61 90\nMARAIS DU COTENTIN ET DU BESSIN  \nUN PARC NATUREL R\u00c9GIONAL EN TRANSITION          \n                        \n26 \n \n4- ENJEU n\u00b02 : la mosa\u00efque d'habitats et les esp\u00e8ces except\u00e9e l'avifaune \nLa mosa\u00efque est compos\u00e9e d'habitats marins, d'habitats c\u00f4tiers, d'eaux de surface \ncontinentales, de bas -marais, de prairies, de fourr\u00e9s et de boisements. 70 v\u00e9g\u00e9tations ont \u00e9t\u00e9 \nidentifi\u00e9es en 2023 pour ce diagnostic. Ce qui repr\u00e9sente 21 habitats naturels abritant 2116 esp\u00e8ces \ndont 2% d'int\u00e9r\u00eat patrimonial (Cf. figure 4). \n \nFigure 3 : Repr\u00e9sentation de la mosa\u00efque d'habitats et les esp\u00e8ces associ\u00e9es \n \nPr\u00e9fecture de la Manche - 50-2025-09-26-00003 - ARR\u00caT\u00c9 n\u00b0 2025-182 Portant approbation du sixi\u00e8me plan de gestion de la r\u00e9serve\nnaturelle nationale du domaine de Beauguillot pour la p\u00e9riode 2025-2026 233\nwww.parc-cotentin-bessin.fr - 02 33 71 61 90\nMARAIS DU COTENTIN ET DU BESSIN  \nUN PARC NATUREL R\u00c9GIONAL EN TRANSITION          \n                        \n27 \n \nL'\u00e9volution de l'\u00e9tat de conservation des habitats de la mosa\u00efque est variable. \nL'\u00e9tat de conservation des prairies et de bas-marais est stable. La fauche ou la fauche suivie \nd'un p\u00e2turage l\u00e9ger des regains maintiennent un bon \u00e9tat de conservation des habitats les plus \nmenac\u00e9s, soit les prairies inondables de fauche, les bas-marais, les roseli\u00e8res du grand-\u00e9tang. Alors \nque les surfaces entretenues par le p\u00e2turage sont dans un \u00e9tat de conservation moyen \u00e0 mauvais. \nCette gestion pastorale coupl\u00e9e avec la gestion hydraulique vise \u00e0 favoriser l'accueil des esp\u00e8ces \nv\u00e9g\u00e9tales m\u00e9so-hygrophiles propices \u00e0 l'alimentation des oiseaux. A travers les plans de gestion, \nces modalit\u00e9s de gestion ont d\u00e9montr\u00e9 leur pertinence au regard de l'\u00e9volution positive des effectifs \nd'oiseaux d'eau tant hivernants que de nicheurs, d\u00e9pendants de ces milieux. Toutefois, sur les zones \npeu attractives pour les oiseaux d'eau, le remplacement du p\u00e2turage par la fauche (dunes grises, \nles 50 verg\u00e9es) pourrait \u00e9liminer des facteurs de d\u00e9gradations. Ailleurs, si les pratiques de p\u00e2turage \npeuvent \u00eatre revues pour limiter le surp\u00e2turage ou les zones pi\u00e9tin\u00e9es tout en restant dans l'objectif \nde favoriser l'avifaune, des alt\u00e9rations persisteront comme l'absence de plantes sensibles au \npi\u00e9tinement. \nUne partie des pr\u00e9s sal\u00e9s est dans un \u00e9tat de conservation moyen \u00e0 mauvais en lien avec le \nd\u00e9veloppement de la spartine anglaise (Spartina anglica). Cette derni\u00e8re a progress\u00e9 fortement au \nniveau de la haute slikke. En effet, la surface occup\u00e9e est pass\u00e9e de moins d'un hectare \u00e0 23 \nhectares en 15 ans. C'est une esp\u00e8ce pionni\u00e8re tr\u00e8s c omp\u00e9titive qualifi\u00e9e d'exotique invasive. Si \nelle d\u00e9grade l'\u00e9tat de conservation des pr\u00e9s sal\u00e9s selon la m\u00e9thode d'\u00e9valuation du Conservatoire \nBotanique National, elle contribue \u00e0 l'expansion des pr\u00e9s sal\u00e9s sur plus de 100 m\u00e8tres de large en \n25ans. De plus, la spartinaie a une valeur biologique importante dans l'\u00e9cosyst\u00e8me estuarien gr\u00e2ce \nau r\u00f4le nourricier et de refuge qu'elle joue aupr\u00e8s des juv\u00e9niles de poissons. Sa progression \nimportante est \u00e0 mettre en lien avec la dynamique s\u00e9dimentaire positive qui g \u00e9n\u00e8re \u00e9galement un \n\u00e9largissement du syst\u00e8me dunaire \u00e0 la faveur des habitats de dunes embryonnaires et de dunes \nblanches.      \nEnfin, la slikke n'a pas \u00e9t\u00e9 \u00e9valu\u00e9e. Cependant, la synth\u00e8se des suivis des habitats \nbiomorphos\u00e9dimentaires nous informe d'une \u00e9v olution quasiment nulle des habitats benthiques \n(Hacquebart, 2024). La granulom\u00e9trie reste sableuse et homog\u00e8ne sur toute l'\u00e9tendue. Les six \nassemblages d'esp\u00e8ces associ\u00e9s aux sables fins ou vaseux se sont maintenus entre 2013 et 2017. \nSeule la teneur en m ati\u00e8re organique contenue dans le s\u00e9diment varie car plusieurs facteurs \ninterviennent : la granulom\u00e9trie, la conchyliculture et la pr\u00e9sence d'animaux filtreurs. La constance \ndes r\u00e9sultats montrent que la texture du s\u00e9diment ne semble pas \u00eatre influenc\u00e9e par la progression \ndes pr\u00e9s sal\u00e9s, la divagation du chenal ou la pr\u00e9sence des parcs conchylicoles. \n \nPar ailleurs, une continuit\u00e9 entre le polder et le milieu marin se d\u00e9veloppe. Elle est li\u00e9e aux \nentr\u00e9es d'eau marine depuis quelques ann\u00e9es, situ\u00e9es au niveau  de la vanne du polder. Des \nPr\u00e9fecture de la Manche - 50-2025-09-26-00003 - ARR\u00caT\u00c9 n\u00b0 2025-182 Portant approbation du sixi\u00e8me plan de gestion de la r\u00e9serve\nnaturelle nationale du domaine de Beauguillot pour la p\u00e9riode 2025-2026 234\nwww.parc-cotentin-bessin.fr - 02 33 71 61 90\nMARAIS DU COTENTIN ET DU BESSIN  \nUN PARC NATUREL R\u00c9GIONAL EN TRANSITION          \n                        \n28 \n \nv\u00e9g\u00e9tations subhalophiles, des salicorniaies et des vasi\u00e8res se substituent aux v\u00e9g\u00e9tations prairiales \ndulcicoles. Leur \u00e9tat de conservation est mauvais dans les lots de p\u00e2turage et bon ailleurs. \nLa mosa\u00efque joue plusieurs r\u00f4les  \u00e9cologiques permettant le d\u00e9veloppement de population \nd'esp\u00e8ces par l'accomplissement du cycle biologique complet ou partiel . Ils y trouveront des \nconditions favorables pour la reproduction, l'alimentation, le repos, la mue ou encore l'hibernation.  \nLa notion de mosa\u00efque est importante car la plupart des esp\u00e8ces ont besoin de plusieurs habitats \npour leur survie. La richesse sp\u00e9cifique t\u00e9moigne du bon \u00e9tat des \u00e9cosyst\u00e8mes terrestre, c\u00f4tier et \nde leurs connections entre eux et celles entre la r\u00e9serve naturelle au sein des unit\u00e9s fonctionnelles.     \nLes effets du changement climatique menacent l'\u00e9quilibre de la mosa\u00efque d'habitats actuelle \net la pr\u00e9sence des esp\u00e8ces. La salinisation, la hausse des temp\u00e9ratures, la dynamique s\u00e9dimentaire \n\u2026 sont autant de pressions qui vont d\u00e9placer la mosa\u00efque vers une autre et obliger les esp\u00e8ces \u00e0 \ns'adapter ou \u00e0 dispara\u00eetre. \nDans ce complexe \u00e9cologique, la gestion doit maintenir ou restaurer l'\u00e9tat de conservation \ndes habitats, voir accompagner leur mutation et garantir les r\u00f4les fonctionnels de la mosa\u00efque pour \nmaintenir une biodiversit\u00e9 et la valeur patrimoniale du site. \nCertains \u00e9l\u00e9ments du patrimoine naturel repr\u00e9sente un enjeu plus important au regard de \nl'analyse des crit\u00e8res de responsabilit\u00e9 (Cf annexe 11 ). Ce sont ce s esp\u00e8ces et habitats qui \nguideront les choix de gestion. \n \n \n \n \n \n \n \n \n \n \n \n \n \n \n \nPr\u00e9fecture de la Manche - 50-2025-09-26-00003 - ARR\u00caT\u00c9 n\u00b0 2025-182 Portant approbation du sixi\u00e8me plan de gestion de la r\u00e9serve\nnaturelle nationale du domaine de Beauguillot pour la p\u00e9riode 2025-2026 235\nwww.parc-cotentin-bessin.fr - 02 33 71 61 90\nMARAIS DU COTENTIN ET DU BESSIN  \nUN PARC NATUREL R\u00c9GIONAL EN TRANSITION          \n                        \n29 \n \nTableau 6 : Patrimoine naturel \u00e0 enjeu \nHabitats Esp\u00e8ces \n- dunes grises de la mer du Nord et de la \nManche (2130.1) \n- dunes mobiles \u00e0 Ammophila arenaria subs \narenaria des c\u00f4tes atlantiques (2120.1) \n- dunes mobiles embryonnaires atlantiques \n(2110.1) \n- pelouses rases \u00e0 petites annuelles \nsubhalophiles (1310.4) \n- pr\u00e9s sal\u00e9s du haut schorre (1330.3) \n- pr\u00e9s sal\u00e9s du moyen schorre (1330.2) \n- pr\u00e9s sal\u00e9s du bas schorre (1330.1) \n- salicorniaies des hauts niveaux (de schorre \natlantique)  (1310.2) \n- salicorniaies de bas niveaux (haute slikke \natlantique) (1310.1) \n- criche, basse slikke, estran sans \nv\u00e9g\u00e9tations (1130) \n- communaut\u00e9s \u00e0 charac\u00e9es des eaux oligo-\nm\u00e9sotrophes basiques (3140.1) \n- plans d'eau eutrophes avec dominance de \nmacrophytes libres flottant \u00e0 la surface de \nl'eau (3150.3) \n- v\u00e9g\u00e9tation des bas -marais neutro -alcalins \n(7230.1) \n- les prairies humides atlantiques et \nsubatlantiques (CORINE Biotopes 37.21) \n \nFlore : \nOrchis anthropophora, Ranunculus \nophioglossifolius, Rumex maritimus et \nRumex palustris \n \nLes bryophytes : \nHennedellia heimii \n \nLa fonge : \nCoprinus ammophilae, Conocybe dunensis, \nPleurotus eryngii, Hygrocybe conocoides, \nHygrocybe riparia, Psilocybe merdicola, \nHeleboma gigaspermum, Tremella \nfrondosa, Phlebia bispora \n \nLes poissons : \nl'anguille europ\u00e9enne (Anguilla anguilla) \n \nLes amphibiens : \nLe triton ponctu\u00e9 (Lissotriton vulgaris), le \ntriton cr\u00eat\u00e9 (Triturus cristatus), le crapaud \ncalamite (Epidalea calamita) \n \nLes mammif\u00e8res : \nLe campagnol amphibie (Arvicola sapidus),  \nle phoque veau-marin  (Phoca vitulina) et le \nputois d'Europe (Mustela putorius) \n \n  L'objectif \u00e0 long terme propos\u00e9 ici est l'addition d'une partie de OLTE et de la totalit\u00e9 OLTH du \npr\u00e9c\u00e9dent plan de gestion . \n \n \n \n \n \n \nPr\u00e9fecture de la Manche - 50-2025-09-26-00003 - ARR\u00caT\u00c9 n\u00b0 2025-182 Portant approbation du sixi\u00e8me plan de gestion de la r\u00e9serve\nnaturelle nationale du domaine de Beauguillot pour la p\u00e9riode 2025-2026 236\nwww.parc-cotentin-bessin.fr - 02 33 71 61 90\nMARAIS DU COTENTIN ET DU BESSIN  \nUN PARC NATUREL R\u00c9GIONAL EN TRANSITION          \n                        \n30 \n \n4.3. Les facteurs d'influence \na) La qualit\u00e9 d'eau   \n\u25ba La salinisation \nLe niveau d'eau de mer montant, il est attendu une progression du biseau sal\u00e9. Si la nappe d'eau \nest fragilis\u00e9e par des \u00e9tiages plus s\u00e9v\u00e8res, cela pourra entra\u00eener une salinisation de l'eau et des \nsols.   Les cons\u00e9quences pourraient \u00eatre n\u00e9gatives sur la biodiversit\u00e9 aquatique d\u00e8s 0,9g de sel par \nlitre d'eau (Piscart et al. 2011). La perte des prairies inondables de fauche ou les milieux para -\ntourbeux sensibles \u00e0 la qualit\u00e9 de l'eau douce sont \u00e9galement menac\u00e9es. Aujourd'hui la pr\u00e9sence \nde petites surfaces isol\u00e9es de prairies subhalophiles dans le syst\u00e8me dulcicole questionne sur la \npr\u00e9sence effective de sel. Ces surfaces sont -elles des traces de la pold\u00e9risation ou des signes du \nbiseau sal\u00e9?   \n \n\u25ba La pollution \nLa bonne qualit\u00e9 de l'eau est d \u00e9grad\u00e9e par des concentrations de phosphore (Haas, 2018). \nL'augmentation de la teneur en \u00e9l\u00e9ment chimique serait provoqu\u00e9e par des activit\u00e9s humaines \next\u00e9rieures \u00e0 la r\u00e9serve (Cf. figure 5). La pr\u00e9sence d'une concentration importante d'animaux en \nhivernage dans les parcelles situ\u00e9es \u00e0 l'ouest de la route de Beauguillot est suspect\u00e9e. La zone \nr\u00e9sidentielle constitu\u00e9e de plus 20 parcelles de loisirs, situ\u00e9e au nord de la r\u00e9serve, d\u00e9pourvue de \nPr\u00e9fecture de la Manche - 50-2025-09-26-00003 - ARR\u00caT\u00c9 n\u00b0 2025-182 Portant approbation du sixi\u00e8me plan de gestion de la r\u00e9serve\nnaturelle nationale du domaine de Beauguillot pour la p\u00e9riode 2025-2026 237\nActivit\u00e9s ext\u00e9rieures TP\u00e2turage intensif des niveaux d'eauhiveirial gradient salinit\u00e9Rejet eaux us\u00e9es en K- amont du r\u00e9seau . 2-3us 4-5Dynamique des TM 6-7Ss 8-91-\u2014> R\u00e9gulation ragondin _ uw 1112Contr\u00f4ledes ligneux | ME 13 - 15Impact2\\ Broyage de la \u2014 :\u00a9-\u00a9 v\u00e9g\u00e9tation _ e Pollutionherbac\u00e9e 'w Entr\u00e9es d'eau sal\u00e9e\nwww.parc-cotentin-bessin.fr - 02 33 71 61 90\nMARAIS DU COTENTIN ET DU BESSIN  \nUN PARC NATUREL R\u00c9GIONAL EN TRANSITION          \n                        \n31 \n \n \nFigure 4 : Localisation des pressions sur la mosa\u00efque d'habitats et les esp\u00e8ces associ\u00e9es, except\u00e9 l'avifaune \n \nPr\u00e9fecture de la Manche - 50-2025-09-26-00003 - ARR\u00caT\u00c9 n\u00b0 2025-182 Portant approbation du sixi\u00e8me plan de gestion de la r\u00e9serve\nnaturelle nationale du domaine de Beauguillot pour la p\u00e9riode 2025-2026 238\nwww.parc-cotentin-bessin.fr - 02 33 71 61 90\nMARAIS DU COTENTIN ET DU BESSIN  \nUN PARC NATUREL R\u00c9GIONAL EN TRANSITION          \n                        \n32 \n \n \nsyst\u00e8me d'assainissement serait \u00e9galement une source de rejet des effluents dans le foss\u00e9 qui \ntraverse la r\u00e9serve. \nLa mise en place d'un dispositif de suivi de la qualit\u00e9 des eaux de surface et des eaux de la  nappe \npermettrait de quantifier l'influence de la qualit\u00e9 sur l'enjeu. \nb) La dynamique des esp\u00e8ces \n\u25ba Les esp\u00e8ces autochtones \nLes esp\u00e8ces v\u00e9g\u00e9tales \u00e0 contr\u00f4ler sont des plantes nitrophiles comme la moutarde noire sur les \ndigues ou sol remani\u00e9, le saule roux -cendr\u00e9 (Salix atrocinerea) autour et dans les mares, l'Erable \nsycomore \n(Acer pseudoplatanus) dans les milieux bois\u00e9s, les esp\u00e8ces des refus de p\u00e2turage (les touffes de \njoncs par exemple) et la v\u00e9g\u00e9tation sous les cl\u00f4tures, au niveau des berges\u2026 Dans la gestion mise \nen place, ces esp\u00e8ces font l'objet d'une intervention r\u00e9guli\u00e8rement afin de maintenir les  milieux \nouverts et/ou la diversit\u00e9 sp\u00e9cifique. Les travaux seront \u00e0 maintenir.   \n \nL'Etourneau sansonnet ( Sturnus vulgaris ) peut avoir un caract\u00e8re envahissant. L'esp\u00e8ce est \ng\u00e9n\u00e9raliste, omnivore et sociable. Les individus vivent en hiver de fa\u00e7on group\u00e9e. Le rassemblement \npeut adopter la roseli\u00e8re ou les milieux bois\u00e9s comme dortoir. La pr\u00e9sence importante d'animaux \npeut provoquer un d\u00e9s\u00e9quilibre notamment l'eutrophisation des milieux ou une diminution de la \nbiodiversit\u00e9. Pour ce dernier, il convient de ma intenir une vigilance d\u00e8s l'observation des premiers \nregroupements post-reproduction. \n \nLe sanglier ( Sus scrofa ) impactant plus fortement l'avifaune et certains \u00e9l\u00e9ments de la flore \npatrimoniale, a \u00e9t\u00e9 trait\u00e9 dans l'enjeu 1. \n \n\u25ba Les esp\u00e8ces exotiques envahissantes \nLe diagnostic fait \u00e9tat d'une quinzaine d'esp\u00e8ces v\u00e9g\u00e9tales invasives av\u00e9r\u00e9es, potentielles ou \u00e0 \nsurveiller qui pourraient nuire \u00e0 l'int\u00e9grit\u00e9 des habitats et au paysage du site. Toutes les stations sont \nlocalis\u00e9es. Elles sont ponctuelles et une int ervention est d\u00e9clench\u00e9e lorsque l'esp\u00e8ce v\u00e9g\u00e9tale \npr\u00e9sente un caract\u00e8re envahissant localement. Seule la spartine anglaise (Spartina anglica) couvre \nune grande surface, constituant une partie du marais sal\u00e9 et assurant des fonctions \u00e9cologiques. \nAucune intervention n'est envisag\u00e9e pour cette esp\u00e8ce.   \nParmi les animaux, neuf esp\u00e8ces invasives av\u00e9r\u00e9es, potentielles, et \u00e0 surveiller ont \u00e9t\u00e9 d\u00e9tect\u00e9es. \nLeur pr\u00e9sence nuit \u00e0 la biodiversit\u00e9 du site et peut poser des probl\u00e8mes de sant\u00e9 humaine. Parmi \ntoutes les esp\u00e8ces, une pression par pi\u00e9geage ou tir \u00e0 feu est r\u00e9alis\u00e9 pour diminuer les populations \nde Rat musqu\u00e9 et de Ragondin. Si des oiseaux s'installaient tels que l'Ibis sacr\u00e9 ( Threskiornis \nPr\u00e9fecture de la Manche - 50-2025-09-26-00003 - ARR\u00caT\u00c9 n\u00b0 2025-182 Portant approbation du sixi\u00e8me plan de gestion de la r\u00e9serve\nnaturelle nationale du domaine de Beauguillot pour la p\u00e9riode 2025-2026 239\nwww.parc-cotentin-bessin.fr - 02 33 71 61 90\nMARAIS DU COTENTIN ET DU BESSIN  \nUN PARC NATUREL R\u00c9GIONAL EN TRANSITION          \n                        \n33 \n \naethiopicus), l'Erismature rousse (Oxyura jamaicensis) ou l'Ouette d'\u00e9gypte (Alopochen aegyptiaca), \nles interventions pourraient \u00eatre r\u00e9alis\u00e9es par tir avec l'obtention d'autorisations et de conditions \nfavorables et non perturbatrices. \n \n\u25ba Les esp\u00e8ces favoris\u00e9es par les pratiques agricoles \nAu regard des analyses des transects r\u00e9alis\u00e9s en 2016 et 2021, la fauche favorise l'expression des \nesp\u00e8ces v\u00e9g\u00e9tales patrimoniales et le p\u00e2turage favorise la diversit\u00e9 sp\u00e9cifique. \nSur les prairies m\u00e9so -hygrophiles, le p\u00e2turage associ\u00e9 \u00e0 une gestion adapt\u00e9e de l'eau permet de \nfavoriser des esp\u00e8ces hygrophiles n\u00e9cessaires \u00e0 l'alimentation des oiseaux herbivores. Cependant, \nla pratique peut d\u00e9grader les habitats par le pi\u00e9tinement, le surp\u00e2turage ou l'eutrophisation. Il \nmarque le paysage de lin\u00e9aires de cl\u00f4tures qu'il est n\u00e9cessaire d'e ntretenir pour la contention des \nanimaux ou la mise en exclos (mares, zones de nidification, berges par exemple).    \n \n4.4. La proposition de gestion de la mosa\u00efque d'habitats et des esp\u00e8ces associ\u00e9es except\u00e9e \nl'avifaune \nLa pr\u00e9sentation est sous forme d'arborescence conform\u00e9ment \u00e0 la m\u00e9thode du CT88 (Cf. tableaux \n9 \u00e0 11). \nPr\u00e9fecture de la Manche - 50-2025-09-26-00003 - ARR\u00caT\u00c9 n\u00b0 2025-182 Portant approbation du sixi\u00e8me plan de gestion de la r\u00e9serve\nnaturelle nationale du domaine de Beauguillot pour la p\u00e9riode 2025-2026 240\nwww.parc-cotentin-bessin.fr - 02 33 71 61 90\nMARAIS DU COTENTIN ET DU BESSIN  \nUN PARC NATUREL R\u00c9GIONAL EN TRANSITION          \n                        \n34 \n \nTableau 7 : Arborescence \u00e0 long terme de l'enjeu sur la mosa\u00efque d'habitats et les esp\u00e8ces associ\u00e9es, except\u00e9e l'avifaune \nENJEU ETAT DE \nL'ENJEU VISION A LONG TERME \nLa \nmosa\u00efque \nd'habitats \net les \nesp\u00e8ces \nassoci\u00e9es \n(except\u00e9e \nl'avifaune\n) \nEtat actuel de \nl'enjeu \nObjectifs \u00e0 \nlong terme \nNiveau \nd'exigence  \n(Etat vis\u00e9) \nIndicateurs \nd'\u00e9tat M\u00e9triques Codes Op\u00e9rations (suivis scientifiques) \nIndicateurs \nde r\u00e9ponse \n(r\u00e9alisation\n) \nSur la r\u00e9serve \nhistorique, la \nmosa\u00efque est \nconstitu\u00e9e \nd'habitats qui \n\u00e9voluent peu \ndans leur \ncomposition et \ndans leur \u00e9tat \nde \nconservation. \nAlors que sur le \npolder, les \nhabitats se \nsalinisent. Les \npopulations des \nesp\u00e8ces cibles \nsont bien \nconnues, \nexcept\u00e9 pour \nl'anguille.Le \nchangement \nclimatique reste \nla menace \u00e0 \nsurveiller \nnotamment sur \nles milieux \naquatiques \ndulcicoles. \nFavoriser \nune \nmosa\u00efque \nd'habitats \net les \nesp\u00e8ces \nassoci\u00e9es \nMaintien \nd'une \nmosa\u00efque \nd'habitats \nfonctionnelle \nLe bon \u00e9tat \nde \nconservation \ndes habitats \nSurface en  \nbon \u00e9tat de \nconservation /  \nmilieux \nCS08 Cartographier les habitats \u00e0 l'ann\u00e9e \nn-1 avant la fin du plan de gestion \nr\u00e9alis\u00e9 ou \nnon \nnombre et \nr\u00e9partition CS09 \nCartographier les habitats \nbenthiques de la r\u00e9serve \u00e0 l'ann\u00e9e n-\n1 avant la fin du plan de gestion \nr\u00e9alis\u00e9 ou \nnon \nEstimation \nde la \nrichesse \nsp\u00e9cifique \nValeur de \nl'indice \nCS10 Actualiser l'inventaire des invert\u00e9br\u00e9s \ndes prairies   \nr\u00e9alis\u00e9 ou \nnon \nCS11 Mettre en place le suivi poissons de \nl'OPNL dans les pr\u00e9s sal\u00e9s \nR\u00e9alis\u00e9 ou \nnon \nPr\u00e9servation \ndes esp\u00e8ces \n\u00e0 enjeu, \nassoci\u00e9es \u00e0 \nla mosa\u00efque \nd'habitats \n(plantes, \namphibiens, \npoissons, \nmammif\u00e8res, \ninvert\u00e9br\u00e9s) \nLes esp\u00e8ces \nv\u00e9g\u00e9tales \nnombres \nd'individus ou \nstations \nCS12 Suivre finement les esp\u00e8ces \nv\u00e9g\u00e9tales \u00e0 enjeu \nr\u00e9alis\u00e9 ou \nnon \nLes esp\u00e8ces \nde \nmammif\u00e8res \nmarins \neffectif/esp\u00e8ce CS13 \n\u00c9valuer l'occupation par les 2 \nesp\u00e8ces de phoques sur la r\u00e9serve, \n\u00e0 mar\u00e9e haute et \u00e0 mar\u00e9e basse, \ntout au long de l'ann\u00e9e \nr\u00e9alis\u00e9 ou \nnon \nLes esp\u00e8ces \nde \nmammif\u00e8res \nlin\u00e9aire de \nfoss\u00e9s \ncolonis\u00e9 par le \ncampagnol \nCS14 Suivre la pr\u00e9sence du Campagnol \namphibie tous les 3 ans \nr\u00e9alis\u00e9 ou \nnon \nLes esp\u00e8ces \nd'amphibiens effectif/esp\u00e8ce CS15 \nSuivre annuellement les populations \nde tritons par le d\u00e9ploiement du \nprotocole POP tritons \nR\u00e9alis\u00e9 ou \nnon \nL'Anguille \neurop\u00e9enne effectif CS16 Suivre la pr\u00e9sence de l'anguille \neurop\u00e9enne \nR\u00e9alis\u00e9 ou \nnon \nLes esp\u00e8ces \nbryo-\nlicheniques \nlocalisation de \nsa pr\u00e9sence CS17 Cartographier de la population de \nHennedellia heimii \nr\u00e9alis\u00e9 ou \nnon \nPr\u00e9fecture de la Manche - 50-2025-09-26-00003 - ARR\u00caT\u00c9 n\u00b0 2025-182 Portant approbation du sixi\u00e8me plan de gestion de la r\u00e9serve\nnaturelle nationale du domaine de Beauguillot pour la p\u00e9riode 2025-2026 241\nwww.parc-cotentin-bessin.fr - 02 33 71 61 90\nMARAIS DU COTENTIN ET DU BESSIN  \nUN PARC NATUREL R\u00c9GIONAL EN TRANSITION          \n                        \n35 \n \nTableau 8 : D\u00e9clinaison de l'objectif \u00e0 long terme visant \u00e0 favoriser une mosa\u00efque d'habitats et les esp\u00e8ces cibles en objectifs op\u00e9rationnels relatifs \u00e0 la situation hydrologique et \n\u00e0 l'\u00e9tat des infrastructures \nENJEU INFLUENCES SUR L'ENJEU STRATEGIE D'ACTION \nLa \nmosa\u00efqu\ne \nd'habitat\ns et les \nesp\u00e8ces \nautres \nque \nl'avifaune \nFacteurs \nd'influence \nPressions \u00e0 \ng\u00e9rer \nObjectifs \nop\u00e9rationnels \nR\u00e9sultats \nattendus \nIndicateurs de \npression M\u00e9triques Code\ns \nOp\u00e9rations (mise en \n\u0153uvre) \nIndicateurs \nde r\u00e9ponse \n(r\u00e9alisation) \nla situation \nhydrologique \nm\u00e9connaissan\nce de l'aquif\u00e8re \nMieux conna\u00eetre \nles interactions \neaux douces / \neaux sal\u00e9es \n \nDes relev\u00e9s \nfiables et une \ninterpr\u00e9tation \nfacile des \nniveaux d'eau \u00e0 \nl'\u00e9chelle du site \nDes relev\u00e9s \nfiables et une \ninterpr\u00e9tation \nfacile des \nniveaux d'eau \u00e0 \nl'\u00e9chelle du site \nLes suivis \npi\u00e9zom\u00e9triques \net \nlimnim\u00e9triques \nhauteurs \nd'eau CS18 Mettre en place un suivi en \ncontinu sur l'eau \nR\u00e9alis\u00e9 ou \nnon \nL'identification \nde l'origine des \npollutions et la \nrestauration de \nla qualit\u00e9 de \nl'eau \nLa bonne \nqualit\u00e9 d'eau \n\u00e9cart au \nbon \u00e9tat \npar \nrapport au \nr\u00e9f\u00e9rence \nCS19 \nSuivre la qualit\u00e9 physico-\nchimique, biologique, \nmicrobiologique et \ntrophique de l'eau \nr\u00e9alis\u00e9 ou \nnon \nIP13 Etudier la pollution de l'eau \net proposer des solutions \nr\u00e9alis\u00e9 ou \nnon \n\u00e9tat des \ninfrastructure\ns \nD\u00e9gradations \nli\u00e9es \u00e0 l'usure \net aux vagues \nAssurer un bon \nfonctionnement \ndes \ninfrastructures \nUne \ntransparence \nsaisonni\u00e8re de \nla vanne du \npolder \nLes civelles \nentrant dans le \nr\u00e9seau \nnombre de \ncivelles IP14 \n\u00c9tudier et r\u00e9aliser un \nam\u00e9nagement compatible \navec la migration des \nanguilles et la gestion \nqualitative de l'eau sur la \nvanne \nr\u00e9alis\u00e9 ou \nnon \nUne veille sur \nl'\u00e9tat de la digue \n\u00e9tat de la digue \nde mer \nnombre de \nprobl\u00e8mes CI01 \nSurveiller l'\u00e9tat de la digue \nde mer et entretenir la \nv\u00e9g\u00e9tation \nr\u00e9alis\u00e9 ou \nnon \nUn bon \nfonctionnement anomalies nombre CI02 \nEntretenir le mat\u00e9riel des \nsuivis :  bornes des \ntransects, appareils de \nmesures, nasse de \ncaptures, station m\u00e9t\u00e9o\u2026 \nr\u00e9alis\u00e9 ou \nnon \nTableau 9: D\u00e9clinaison de l'objectif \u00e0 long terme visant \u00e0 favoriser une mosa\u00efque d'habitats et les esp\u00e8ces cibles en objectifs op\u00e9rationnels relatifs \u00e0 l'entretien \u00e0 la dynamique \ndes esp\u00e8ces \nENJEU INFLUENCES SUR \nL'ENJEU STRATEGIE D'ACTION \nPr\u00e9fecture de la Manche - 50-2025-09-26-00003 - ARR\u00caT\u00c9 n\u00b0 2025-182 Portant approbation du sixi\u00e8me plan de gestion de la r\u00e9serve\nnaturelle nationale du domaine de Beauguillot pour la p\u00e9riode 2025-2026 242\nwww.parc-cotentin-bessin.fr - 02 33 71 61 90\nMARAIS DU COTENTIN ET DU BESSIN  \nUN PARC NATUREL R\u00c9GIONAL EN TRANSITION          \n                        \n36 \n \nLa \nmosa\u00efqu\ne \nd'habitat\ns et les \nesp\u00e8ces \nautres \nque \nl'avifaun\ne \nFacteurs \nd'influence \nPressions \u00e0 \ng\u00e9rer \nObjectifs \nop\u00e9rationnels \nR\u00e9sultats \nattendus \nIndicateurs de \npression M\u00e9triques Code\ns Op\u00e9rations (mise en \u0153uvre) \nIndicateurs \nde r\u00e9ponse \n(r\u00e9alisation) \ndynamique \ndes \nesp\u00e8ces et \ndes milieux \nEntretien \ndes mares \nfavoriser les \nhabitats \nremarquables \net les \nesp\u00e8ces \nd'int\u00e9r\u00eat \nUne diversit\u00e9 \nde profils des \nmares \nfavorables \u00e0 la \nreproduction \ndes tritons \nProportion des \ndiff\u00e9rents \nstades \nd'\u00e9volution \ndes mares par \nrapport \u00e0 une \ntypologie \nproportion des \ndiff\u00e9rents stades \nd'\u00e9volution des \nmares \nIP15 \nEntretenir les mares par \ncurage sur une rotation de 5 \nans selon la dynamique de \nv\u00e9g\u00e9tation et le degr\u00e9 de \ncolmatage \nr\u00e9alis\u00e9 ou \nnon \npratiques \nagricoles \nSupprimer les \npratiques \nimpactantes \nsurfaces \nd\u00e9grad\u00e9es \n% surfaces \nrestaur\u00e9es \nIP05 \nPr\u00e9coniser des cahiers des \ncharges des pratique \nagricoles adapt\u00e9s aux enjeux \n\u00e9cologiques \nR\u00e9alis\u00e9 ou \nnon \nIP06 Veiller au respect du contenu \nde la convention agricole \nr\u00e9alis\u00e9 ou \nnon \nIP16 Maintenir en \u00e9tat les \n\u00e9quipements agropastoraux \nr\u00e9alis\u00e9 ou \nnon \ngestion des \nesp\u00e8ces \nv\u00e9g\u00e9tales \nautochtones \nMaintenir \nl'ouverture des \nhabitats \nsurface trait\u00e9e \n% de surface \ntrait\u00e9e par \nrapport \u00e0 un \npr\u00e9visionnel \nannuel \nIP17 \nD\u00e9broussailler les milieux \nferm\u00e9s avec discernement et \nentretenir les parcelles non \nconventionn\u00e9es \nr\u00e9alis\u00e9 ou \nnon \nPr\u00e9sence \ndes esp\u00e8ces \nexotique \nenvahissante\ns \nR\u00e9duire \nl'impact des \nesp\u00e8ces \nexotiques \nesp\u00e8ces faune \n/flore \n% surface ou \nstations trait\u00e9es \npar rapport \u00e0 \nl'\u00e9tat dans le \ndiagnostic \nIP18 \nIntervenir sur les esp\u00e8ces \nexotiques envahissantes \n(faune/flore) \nr\u00e9alis\u00e9 ou \nnon \ns\u00e9nescence \ndes milieux \nbois\u00e9s \nla s\u00e9curit\u00e9 des \nzones \nfr\u00e9quent\u00e9es \nLin\u00e9aire de \nhaies \n% lin\u00e9aire trait\u00e9 \npar rapport au \nlin\u00e9aire vis\u00e9 sur \nles 5 ans \nIP19 \nPlanifier et mettre en \u0153uvre \nla gestion des arbres \ns\u00e9nescents et/ou dangereux \n% r\u00e9alis\u00e9 \nPr\u00e9fecture de la Manche - 50-2025-09-26-00003 - ARR\u00caT\u00c9 n\u00b0 2025-182 Portant approbation du sixi\u00e8me plan de gestion de la r\u00e9serve\nnaturelle nationale du domaine de Beauguillot pour la p\u00e9riode 2025-2026 243\nwww.parc-cotentin-bessin.fr - 02 33 71 61 90\nMARAIS DU COTENTIN ET DU BESSIN  \nUN PARC NATUREL R\u00c9GIONAL EN TRANSITION          \n                        \n37 \n \n5- Les facteurs cl\u00e9s de r\u00e9ussite \n5.1. L'acquisition de connaissances \nIl ressort que l'acquisition de connaissances est n\u00e9cessaire pour trois th\u00e9matiques \ntransversales (Cf. tableau 12 et 13).    \na)  Le changement climatique \nIl est indiscutable que les \u00e9cosyst\u00e8mes vont \u00e9voluer sous les effets du changement climatique. \nLes connaissances permettant d'appr\u00e9hender les effets sont \u00e0 acqu\u00e9rir sur la r\u00e9serve. Le \nchamp d'investigations est limit\u00e9 aux esp\u00e8ces et aux habitats  et s'appuie sur l'\u00e9volution des \npressions issues de la bibliographie.   \n\u25ba L'\u00e9l\u00e9vation de la temp\u00e9rature  \nElle s'est \u00e9lev\u00e9e de 0,6 \u00e0 0,9 degr\u00e9s sur les 60 derni\u00e8res ann\u00e9es en Normandie (Sindeu & \nBodilis, 2023). Les esp\u00e8ces doivent donc s'adapter pour continuer \u00e0 vivre dans les conditions \nthermiques compatibles avec leur m\u00e9tabolisme (Blondel, 2019). \n \n\u25ba L'\u00e9l\u00e9vation du niveau de la mer  \nLes scientifiques du Groupe d'experts Intergouvernemental sur l'\u00c9volution du Climat (GIEC) \nou Intergouvernemental Panel on Climate Change (IPCC) qui \u00e9valuent le changement clima-\ntique  s'accordent sur une \u00e9l\u00e9vation du niveau marin de 0,84 m\u00e8tre \u00e0 l'horizon 2100 (IPCC, \n2019). Pr\u00e8s de la moiti\u00e9 sud de la partie terrestre est situ\u00e9e \u00e0 des cotes altim\u00e9triques inf\u00e9-\nrieures de plus d'un m\u00e8tre \u00e0 celle du niveau marin de r\u00e9f\u00e9rence soit +4,15m NGF/IGN69. Les \nhabitats de vasi\u00e8res et de pr\u00e9s sal\u00e9s ainsi que la pr\u00e9sence d'invert\u00e9br\u00e9s halophiles en amont \ndes digues montrent qu'une continuit\u00e9 entre le polder et la partie maritime est en tra in de \ns'installer. Ce malgr\u00e9 la digue et une gestion hydraulique en faveur de l'eau douce. En cons\u00e9-\nquence des entr\u00e9es d'eau de mer plus importantes qu'aujourd'hui peuvent s'imaginer, soit par \ninfiltration \u00e0 travers la digue et soit par la vanne du polder si elle n'est pas remise en \u00e9tat pour \n\u00eatre \u00e9tanche. L'\u00e9l\u00e9vation du niveau marin pourrait donc conduire \u00e0 une salinisation des milieux \nterrestres qui influera davantage sur les habitats. Il est donc \u00e0 craindre le report ou la dispari-\ntion de certaines esp\u00e8ces de faible tol\u00e9rance au sel et le d\u00e9veloppement de milieux sal\u00e9s avec \nles bioc\u00e9noses associ\u00e9es. La gestion devra n\u00e9cessairement s'adapter. \nUne modification radicale de l'\u00e9cosyst\u00e8me est toujours envisageable m\u00eame si la pr\u00e9sence d'un \npr\u00e9s sal\u00e9 d\u00e9velopp\u00e9 et en progression devant les digues rend ce sc\u00e9nario peu vraisemblable \n\u00e0 court terme.     \n \n\u25ba La quantit\u00e9 d'eau  \nPr\u00e9fecture de la Manche - 50-2025-09-26-00003 - ARR\u00caT\u00c9 n\u00b0 2025-182 Portant approbation du sixi\u00e8me plan de gestion de la r\u00e9serve\nnaturelle nationale du domaine de Beauguillot pour la p\u00e9riode 2025-2026 244\nwww.parc-cotentin-bessin.fr - 02 33 71 61 90\nMARAIS DU COTENTIN ET DU BESSIN  \nUN PARC NATUREL R\u00c9GIONAL EN TRANSITION          \n                        \n38 \n \nLe diagnostic scientifique r\u00e9alis\u00e9 dans le cadre de la strat\u00e9gie d'adaptation au changement \nclimatique r\u00e9alis\u00e9e par l'Agence de l'eau Seine Normandi e, indique les donn\u00e9es suivantes \n(Sindeu & Bodilis, 2023) : \n- une baisse des pr\u00e9cipitations d'environ 12 % d'ici 2100 ; \n- une baisse des d\u00e9bits de 10 \u00e0 30 % d'ici 2100 ; \n- une baisse de la recharge des nappes souterraines d'environ 16 % en 2050 et 30 % d'i ci \n2100 ; \n- une augmentation d'environ 2\u00b0C de temp\u00e9rature des eaux de surface d'ici 2100 ; \n- une augmentation des s\u00e9cheresses exceptionnelles et des fortes pluies en intensit\u00e9 et en \nfr\u00e9quence. \n La gestion hydraulique devra \u00e9voluer vers une maitrise plus fine des niveaux. \n \n\u25ba La dynamique s\u00e9dimentaire   \nUne dynamique d'ensablement est d\u00e9j\u00e0 document\u00e9e en 1985 (Elder & Blond, 2012). La partie \nmaritime de la r\u00e9serve est soumise \u00e0 une accr\u00e9tion en lien avec l'\u00e9rosion des dunes au nord \nde la r\u00e9serve et la d\u00e9rive littorale. Elle induit une succession de barres de sables et de b\u00e2ches. \nCes zones procurent aux communaut\u00e9s de limicoles des reposoirs \u00e0 mar\u00e9e haute et des \nressources alimentaires probables dans les zones basses \u00e0 mar\u00e9e basse (Hacquebart, 2024).   \nUne progression du syst\u00e8me dunaire et des pr\u00e9s sal\u00e9s sur d'autres habitats est not\u00e9e \n\u00e9galement. Le maintien des fonctions d'accueil et d'alimentation est difficile \u00e0 pr\u00e9dire car la \nsituation d\u00e9pend de l'accr\u00e9tion (en lien avec l'\u00e9rosion) et de l'\u00e9l\u00e9vation du niveau marin. \nb)  Le fonctionnement du r\u00e9seau hydraulique \nLe fonctionnement du r\u00e9seau hydraulique influe dans les deux enjeux. L'avifaune est \nprincipalement concern\u00e9e par la quantit\u00e9 d'eau alors que les habitats et les esp\u00e8ces associ\u00e9es \nsont davantage tributaires par la qualit\u00e9 d'eau. Le diagnostic \u00e9tant sommaire, un bilan complet \nest incontournable sur les fonctions hydraulique, \u00e9cologique, \u00e9puratrice\u2026 pour mettre en place \nun dispositif de suivi fiable utile \u00e0 la gestion et \u00e0 la mesure des effets du ch angement \nclimatique. Le bilan permettra \u00e9galement d'\u00e9tablir une programmation de travaux d'entretien \nen lien avec la circulation de l'eau et la ma\u00eetrise des niveaux d'eau. \nc)  Le patrimoine naturel \nDes protocoles d'acquisition de donn\u00e9es restent \u00e0 mettre en p lace sur des esp\u00e8ces \u00e0 \nresponsabilit\u00e9s ou \u00e0 poursuivre dans le cadre de d'\u00e9tude ou de veille \u00e9cologique pour maintenir \nun niveau de connaissance sur l'ensemble du patrimoine naturel.\nPr\u00e9fecture de la Manche - 50-2025-09-26-00003 - ARR\u00caT\u00c9 n\u00b0 2025-182 Portant approbation du sixi\u00e8me plan de gestion de la r\u00e9serve\nnaturelle nationale du domaine de Beauguillot pour la p\u00e9riode 2025-2026 245\nwww.parc-cotentin-bessin.fr - 02 33 71 61 90\nMARAIS DU COTENTIN ET DU BESSIN  \nUN PARC NATUREL R\u00c9GIONAL EN TRANSITION          \n                        \n39 \n \nTableau 10 : Arborescence du facteur cl\u00e9 de r\u00e9ussite sur l'acquisition de connaissances relatives au changement climatique et sur les \u00e9l\u00e9ments utiles \u00e0 la gestion \nENJEU \u00c9tat du facteur cl\u00e9 de r\u00e9ussite Objectifs \u00e0 long \nterme \nObjectifs du plan des \ngestion Codes Op\u00e9rations \nIndicateurs \nde r\u00e9ponse \n(r\u00e9alisation) \nAcquisition de \nconnaissance\ns \nLes effets du changement \nclimatique sur les esp\u00e8ces et les \nmilieux de la r\u00e9serve sont peu \nrenseign\u00e9s. L'acquisition de \nconnaissances permettra de mieux \ncontextualiser la gestion en cours et \napportera des \u00e9l\u00e9ments de \ndiagnostic au plan de gestion 2025-\n2029. Par ailleurs, l'insuffisance de \ndonn\u00e9es sur l'hydrologie a \u00e9t\u00e9 \npoint\u00e9e dans le diagnostic. Des \ninvestigations sont n\u00e9cessaires pour \ndresser un \u00e9tat complet du r\u00e9seau \nhydraulique afin d'intervenir et mieux \nma\u00eetriser les niveaux d'eau \nfavorables aux habitats et aux \nesp\u00e8ces cibles. Les r\u00f4les \nfonctionnels des milieux, le statut \nd'esp\u00e8ces ou encore l'impact de la \ngestion sont issus de donn\u00e9es \ninsuffisantes ou de suivis mis en \nplace permettant, \u00e0 la r\u00e9serve ou \u00e0 \nune \u00e9chelle plus large, de constituer \nune base de donn\u00e9es utile \u00e0 la \npr\u00e9servation du patrimoine naturel \nAm\u00e9liorer les \nconnaissances \nsur les impacts \ndu changement \nclimatique \nDocumenter et mettre \nen place des \nprotocoles \nd'acquisitions de \nconnaissances sur les \nr\u00e9ponses des esp\u00e8ces \naux effets du \nchangement \nclimatique \nCS20 R\u00e9aliser un relev\u00e9 altim\u00e9trique fin de \nla partie maritime de la r\u00e9serve \nr\u00e9alis\u00e9 ou \nnon \nCS21 \nR\u00e9aliser une synth\u00e8se \nbibliographique des effets du \nchangement climatique sur les \npopulations d'oiseaux d'eau \nR\u00e9alis\u00e9 ou \nnon \nCS22 R\u00e9aliser un diagnostic de \nvuln\u00e9rabilit\u00e9 et un plan d'adaptation \nr\u00e9alis\u00e9 ou \nnon \nCS23 \nR\u00e9aliser des analyses multivari\u00e9es \nsur les donn\u00e9es (comptages, \nbaguage oiseaux, phoques veau-\nmarin, triton cr\u00eat\u00e9, coques, ) \nnotamment au regard des enjeux \nactuels et des effets du Changement \nclimatique \nr\u00e9alis\u00e9 ou \nnon \nL'acquisition de \ndonn\u00e9es ou de \nconnaissances \nutiles \u00e0 la \ngestion du site \nDiagnostic de l'\u00e9tat \nphysique, chimique, \nbiologique, \nmicrobiologique, \n\u00e9cologique et \ntrophique du r\u00e9seau \nhydraulique \nCS24 \nR\u00e9aliser une \u00e9tude compl\u00e8te du \nr\u00e9seau hydraulique avec \ncartographie \nr\u00e9alis\u00e9 ou \nnon \nPr\u00e9fecture de la Manche - 50-2025-09-26-00003 - ARR\u00caT\u00c9 n\u00b0 2025-182 Portant approbation du sixi\u00e8me plan de gestion de la r\u00e9serve\nnaturelle nationale du domaine de Beauguillot pour la p\u00e9riode 2025-2026 246\nwww.parc-cotentin-bessin.fr - 02 33 71 61 90\nMARAIS DU COTENTIN ET DU BESSIN  \nUN PARC NATUREL R\u00c9GIONAL EN TRANSITION          \n                        \n40 \n \nTableau 11 : Arborescence sur le facteur cl\u00e9 de r\u00e9ussite sur l'acquisition de connaissances \u00e0 propos du patrimoine naturel \nENJEU \u00c9tat du facteur cl\u00e9 de r\u00e9ussite Objectifs \u00e0 \nlong terme \nObjectifs du \nplan des \ngestion \nCodes Op\u00e9rations \nIndicateurs \nde r\u00e9ponse \n(r\u00e9alisation) \nAcquisition de \nconnaissances \nLes effets du changement \nclimatique sur les esp\u00e8ces et les \nmilieux de la r\u00e9serve sont peu \nrenseign\u00e9s. L'acquisition de \nconnaissances permettra de \nmieux contextualiser la gestion \nen cours et apportera des \n\u00e9l\u00e9ments de diagnostic au plan \nde gestion 2025-2029. Par \nailleurs, l'insuffisance de \ndonn\u00e9es sur l'hydrologie a \u00e9t\u00e9 \npoint\u00e9e dans le diagnostic. Des \ninvestigations sont n\u00e9cessaires \npour dresser un \u00e9tat complet du \nr\u00e9seau hydraulique afin \nd'intervenir et mieux ma\u00eetriser \nles niveaux d'eau favorables aux \nhabitats et aux esp\u00e8ces \ncibles.Les r\u00f4les fonctionnels des \nmilieux, le statut d'esp\u00e8ces ou \nencore l'impact de la gestion \nsont issus de donn\u00e9es \ninsuffisantes ou de suivis mis en \nplace permettant, \u00e0 la r\u00e9serve \nou \u00e0 une \u00e9chelle plus large, de \nconstituer une base de donn\u00e9es \nutile \u00e0 la pr\u00e9servation du \npatrimoine naturel \nActualiser \nou \nam\u00e9liorer \nles \nconnaissan\nces sur le \npatrimoine \nnaturel \n\u00c9valuer le \nstatut des \nesp\u00e8ces \ndans la \nr\u00e9serve et \nl'int\u00e9r\u00eat \nbiologique \ndes milieux \nCS25 \nFaire une veille \u00e9cologique des esp\u00e8ces en \nresponsabilit\u00e9 moins \u00e9lev\u00e9e (ard\u00e9id\u00e9s, \nmacreuses, paludicoles, rallid\u00e9s, passereaux \n\u2026) \nr\u00e9alis\u00e9 ou \nnon \nCS26 \nActualiser les inventaires (faune, flore, fonge, \nbryophytes et lichens) des bois, pr\u00e9s sal\u00e9s, \nmilieux aquatiques et dunes. \n% des \nmilieux \nprospect\u00e9s \nCS27 Mettre \u00e0 jour et hi\u00e9rarchiser l'inventaire \npermanent des invert\u00e9br\u00e9s \nr\u00e9alis\u00e9 ou \nnon \nCS28 \u00c9tudier le r\u00e9gime alimentaire des phoques \npar l'analyse des f\u00e8ces \nr\u00e9alis\u00e9 ou \nnon \nCS29 \nParticiper aux programmes collectifs \nd'acquisition de connaissance sur les \nesp\u00e8ces et les milieux (ex. POP grenouille et \nPOP reptile des sentinelles du climat, suivi \npar t\u00e9l\u00e9m\u00e9trie de l'activit\u00e9 des phoques\u2026) \nr\u00e9alis\u00e9 ou \nnon \nCS30 D\u00e9tecter et suivre la pr\u00e9sence du putois. r\u00e9alis\u00e9 ou \nnon \nCS31 Mettre en place un protocole de suivi du \ncrapaud calamite \nr\u00e9alis\u00e9 ou \nnon \nCS32 \nR\u00e9aliser une veille par occurrence sur la \nfaune et flore / milieu et renouveler les \ntransects par milieux prairiaux \nr\u00e9alis\u00e9 ou \nnon \nPr\u00e9fecture de la Manche - 50-2025-09-26-00003 - ARR\u00caT\u00c9 n\u00b0 2025-182 Portant approbation du sixi\u00e8me plan de gestion de la r\u00e9serve\nnaturelle nationale du domaine de Beauguillot pour la p\u00e9riode 2025-2026 247\nwww.parc-cotentin-bessin.fr - 02 33 71 61 90\nMARAIS DU COTENTIN ET DU BESSIN  \nUN PARC NATUREL R\u00c9GIONAL EN TRANSITION          \n                        \n41 \n \n5.2 Les liens entre la r\u00e9serve et son territoire \nLa r\u00e9serve naturelle nationale du domaine de Beauguillot travaille avec les acteurs du territoire \npour mener ses missions de protection du patrimoine naturel et de sensibilisation du public. \nL'enqu\u00eate publique men\u00e9e pour l'extension du p\u00e9rim\u00e8tre et le diagnostic ont r\u00e9v\u00e9l\u00e9 des points \n\u00e0 am\u00e9liorer : le r\u00f4le de la r\u00e9serve, la perception du site, son ouverture sur le territoire\u2026 \nLes nouveaux \u00e9quipements d'accueil du public et la pr\u00e9sence d'un animateur \u00e0 mi -temps \nouvrent de nouvelles perspectives de travail avec le territoire. Ce travail est incontournable \npour pouvoir progresser dans les missions de protection du patrimoine natur el du site en \nparticulier et plus globalement celui de la baie et des marais. Ce facteur cl\u00e9 de r\u00e9ussite peut \n\u00eatre abord\u00e9 en 2 volets (Cf. tableau 14): \n- une politique d'accueil du public qui traite tous les sujets en lien avec la pr\u00e9sence du public \nsur la r\u00e9serve \n- un ancrage territorial qui renforce l'int\u00e9gration de la r\u00e9serve dans son territoire \nPr\u00e9fecture de la Manche - 50-2025-09-26-00003 - ARR\u00caT\u00c9 n\u00b0 2025-182 Portant approbation du sixi\u00e8me plan de gestion de la r\u00e9serve\nnaturelle nationale du domaine de Beauguillot pour la p\u00e9riode 2025-2026 248\nwww.parc-cotentin-bessin.fr - 02 33 71 61 90\nMARAIS DU COTENTIN ET DU BESSIN  \nUN PARC NATUREL R\u00c9GIONAL EN TRANSITION          \n                        \n42 \n \nTableau 12 : Arborescence du facteur cl\u00e9 de r\u00e9ussite sur les liens entre la r\u00e9serve et son territoire \nENJEU \u00c9tat du facteur cl\u00e9 \nde r\u00e9ussite \nObjectifs \u00e0 \nlong terme \nObjectifs du \nplan des gestion Codes Op\u00e9rations \nIndicateurs de \nr\u00e9ponse \n(r\u00e9alisation) \nla place \nde la \nr\u00e9serve \ndans son \nterritoire \nLa r\u00e9serve est \naccept\u00e9e \ncependant elle est \nper\u00e7ue comme un \nsite ferm\u00e9 et mal \ncompris. Une \npersonne \u00e0 mi-\ntemps d\u00e9di\u00e9e \u00e0 \nl'animation \nd\u00e9veloppe, \ndepuis 2 ans, des \nactions de \nsensibilisation, \nd'\u00e9ducation, de \ncommunication... \nLes \nam\u00e9nagements \nsont bien per\u00e7us \npar le public et par \nles acteurs du \ntourisme qui y \nvoient \nl'opportunit\u00e9 \nd'agrandir leur \noffre touristique \nou activit\u00e9 \ncommerciale, non \npr\u00e9vue dans le \nd\u00e9cret. \nD\u00e9velopper \ndes liens \navec le \nterritoire \nD\u00e9velopper une \npolitique \nd'accueil du \npublic \nPA01 Proposer des projets p\u00e9dagogiques adapt\u00e9s au public en formation \n(scolaire, universitaire, professionnel) et au groupe \u00ab grand public \u00bb nombre de projets \nPA02 \nOffrir un confort de visite de bonne qualit\u00e9 pour le public en visite libre \n(renseignements pratiques, propret\u00e9 et s\u00e9curit\u00e9 des \u00e9quipements, \ninformation sur panneau et digitale, signalisation\u2026) \nenqu\u00eate de \nsatisfaction \nPA03 \n\u00c9tablir et d\u00e9cliner une strat\u00e9gie d'accueil du public en conformit\u00e9 avec le \nd\u00e9cret \n \nr\u00e9alis\u00e9 ou non \nPA04 Suivre la fr\u00e9quentation r\u00e9alis\u00e9 ou non \nCC01 Assurer une couverture m\u00e9diatique de la r\u00e9serve au sein de tous les \nm\u00e9dias r\u00e9alis\u00e9 ou non \nMS01 Accompagner le dossier d'acquisition et d'am\u00e9nagements d'un terrain \npour \u00e9viter le stationnement dangereux des visiteurs \n\u00e9tat \nd'avancement \ndes d\u00e9marches \nAm\u00e9liorer \nl'ancrage \nterritorial de la \nr\u00e9serve \nPA05 Int\u00e9grer la r\u00e9serve dans le territoire nombre de \nr\u00e9unions \nPA06 R\u00e9aliser un diagnostic d'ancrage territorial (2028) r\u00e9alis\u00e9 ou non \nFavoriser une \ndynamique de \nr\u00e9seau en \nfaveur de la \ngestion des \nzones humides \npour l'avifaune \nCS33 Animer le r\u00e9seau de comptages concert\u00e9s (remise diurne et limicoles \nc\u00f4tiers) \nnombre de \nstructures \nparticipantes \nCS34 \nNouer des partenariats pour acqu\u00e9rir des connaissances sur des \nth\u00e9matiques importantes pour la r\u00e9serve (eau, changement climatique, \nfonctionnement des \u00e9cosyst\u00e8mes terrestres et maritimes... ) \nnombre de \nth\u00e9matiques \ntrait\u00e9es \nPr\u00e9fecture de la Manche - 50-2025-09-26-00003 - ARR\u00caT\u00c9 n\u00b0 2025-182 Portant approbation du sixi\u00e8me plan de gestion de la r\u00e9serve\nnaturelle nationale du domaine de Beauguillot pour la p\u00e9riode 2025-2026 249\nwww.parc-cotentin-bessin.fr - 02 33 71 61 90\nMARAIS DU COTENTIN ET DU BESSIN  \nUN PARC NATUREL R\u00c9GIONAL EN TRANSITION          \n                        \n43 \n \n5.3 Le fonctionnement du gestionnaire \nIl concerne les moyens financiers, techniques, humains, mat\u00e9riels, administratifs\u2026 (Cf. \ntableau 15). La mobilisation de ces moyens permet une progression dans l'organisation du \ntravail et la r\u00e9alisation des missions.   \nLe b\u00e2ti sera trait\u00e9 dans cette partie (Cf. tableau 16). Il a \u00e9t\u00e9 peu abord\u00e9 dans les plans \npr\u00e9c\u00e9dents bien qu'il soit inclus dans le p\u00e9rim\u00e8tre de la r\u00e9serve et qu'il soit indispensable au \nfonctionnement. Au regard des difficult\u00e9s qui impactent le fonctionnement de l'\u00e9quipe, il \ndevient indispensable de travailler sur le sujet. \nLes b\u00e2timents et les espaces attenants sont compos\u00e9s d'un corps de ferme, une maison, une \ncour, des jardins, des terrains et  une all\u00e9e arbor\u00e9e d'acc\u00e8s. L'ensemble appartient au \nConservatoire du littoral. Il est inclus dans le p\u00e9rim\u00e8tre de la r\u00e9serve. Le PNRMCB, la structure \ngestionnaire a install\u00e9 le p\u00f4le \u00ab  r\u00e9serves naturelles \u00bb dans une partie des b\u00e2timents. L'autre \npartie est  occup\u00e9e par l'ancienne propri\u00e9taire des lieux par accords \u00e9crits dans l'acte de \ndonation.   \nUne convention de gestion entre le Conservatoire du littoral et le PNRMCB a \u00e9t\u00e9 sign\u00e9e en \nmai 2023. Elle pr\u00e9cise les modalit\u00e9s de gestion du patrimoine foncier de l'\u00e9tablissement public \nadministratif de l'\u00c9tat, dont l'ensemble de l'espace b\u00e2ti. \nLe p\u00f4le \u00ab  r\u00e9serves naturelles  \u00bb comprend l'\u00e9quipe en charge de la gestion du site de \nBeauguillot et de la r\u00e9serve de la Sangsuri\u00e8re et de l'Adriennerie. Il utilise plusieurs b\u00e2timents \nam\u00e9nag\u00e9s en bureaux, salle de r\u00e9union, ateliers techniques, vestiaires, remise de mat\u00e9riel \nagricole, zone de stockage de mat\u00e9riaux et mobilier, commodit\u00e9s et la cuisine du g\u00eete. Le g\u00eete \navec trois chambres est utilis\u00e9 pour accueillir les stagiair es et les intervenants ext\u00e9rieurs en \nmission pour le gestionnaire. Ces b\u00e2timents contribuent donc au fonctionnement de deux \nr\u00e9serves. Cependant, les utilisateurs rencontrent plusieurs difficult\u00e9s pour exercer \ncorrectement leurs missions. Des am\u00e9liorations des conditions de travail et de logement \nreposent sur les diff\u00e9rentes parties prenantes, leurs responsabilit\u00e9s et leurs engagements  : \nConservatoire du littoral en tant que propri\u00e9taire assurant les investissements, le Parc Naturel \nR\u00e9gional en qualit\u00e9 d'oc cupant avec la charge de l'entretien sur l'ensemble du b\u00e2ti, Marie -\nClaire Hettier de Boislambert, occupant de droit assurant les r\u00e9parations locatives de ses \nparties et la DREAL qui assure le soutien administratif et financier de la gestion des r\u00e9serves \nnaturelles.        \nLe b\u00e2ti est \u00e9galement le support d'une biodiversit\u00e9  : mammif\u00e8res, oiseaux, invert\u00e9br\u00e9s et \nflore\u2026 \n \nPlusieurs probl\u00e9matiques se posent : \nPr\u00e9fecture de la Manche - 50-2025-09-26-00003 - ARR\u00caT\u00c9 n\u00b0 2025-182 Portant approbation du sixi\u00e8me plan de gestion de la r\u00e9serve\nnaturelle nationale du domaine de Beauguillot pour la p\u00e9riode 2025-2026 250\nwww.parc-cotentin-bessin.fr - 02 33 71 61 90\nMARAIS DU COTENTIN ET DU BESSIN  \nUN PARC NATUREL R\u00c9GIONAL EN TRANSITION          \n                        \n44 \n \n- L'entretien de ce patrimoine est important. Il est technique, chronophage et co\u00fbteux. La fin \nde vie de certains mat\u00e9riaux amenant \u00e0 la v\u00e9tust\u00e9 du b\u00e2ti et des installations, rend la t\u00e2che \nplus compliqu\u00e9e. Il repose sur l'\u00e9quipe de la r\u00e9serve et son budget et ainsi que celui du \nPNRMCB. L'insuffisance d'entretien courant peut conduire \u00e0 des besoins de grosse s \nr\u00e9parations. \n- Les travaux d'investissement pour r\u00e9parer des d\u00e9gradations structurelles ou pallier \u00e0 l'usure \ndes b\u00e2timents ou encore aux modifications d'usage demandent des comp\u00e9tences techniques \net des fonds cons\u00e9quents. Cela n\u00e9cessite une coh\u00e9rence ent re les projets et des fonds \ndisponibles. En effet, le Conservatoire du littoral qui en a la charge a un budget limit\u00e9 et peut \nrencontrer des difficult\u00e9s budg\u00e9taires. Par ailleurs, il faut envisager un soutien technique pour \nassurer la r\u00e9novation de ces b\u00e2timents dans les r\u00e8gles de l'art, selon les normes actuelles et \nles besoins, tout en respectant l'esprit des lieux.   \n \nUne occupation en augmentation, concentr\u00e9e sur peu d'espace versus des b\u00e2timents \ninutilis\u00e9s. La situation est li\u00e9e aux besoins d'\u00e9quipements (\u00e9lectricit\u00e9, chauffage, internet...), \nde confort, d'\u00e9conomie, de coh\u00e9sion d'\u00e9quipe. \nLe bureau occup\u00e9 initialement par deux \u00e0 trois personnes et adapt\u00e9 pour cinq postes devient \nexigu lorsque les effectifs sont doubl\u00e9s. C'est la cons\u00e9quence d'un p\u00f4le \u00ab r\u00e9serves naturelles \u00bb \nqui conna\u00eet, ces derni\u00e8res ann\u00e9es, une augmentation des effectifs de permanents avec \nl'arriv\u00e9e d'un animateur depuis septembre 2022 et d'une personne en renfort de gestion sur \nune longue p\u00e9riode. De plus, des stagiaires gros sissent les effectifs temporairement chaque \nann\u00e9e. On passe donc de trois postes \u00e0 plus de 10 selon les p\u00e9riodes. \n- Parmi plus de 25 pi\u00e8ces du domaine mises \u00e0 disposition, plusieurs d'entre elles ne sont pas \nutilis\u00e9es : 2 grandes remises au rez-de-chauss\u00e9e, les greniers et les box. Ils se d\u00e9gradent par \nd\u00e9faut d'occupation. \nA contrario, la petite maison sert de laboratoire pour les r\u00e9serves naturelles depuis fin 2022 \nalors qu'elle fait partie des biens pour lesquels Madame de Boislambert a un droit d'usage et \nd'habitation selon l'acte de donation.    \nCe patrimoine ancien se d\u00e9grade et ne r\u00e9pond plus aux normes. Plusieurs diagnostics et \u00e9tats \ndes lieux ont \u00e9t\u00e9 r\u00e9alis\u00e9s. Sont relev\u00e9s notamment des probl\u00e8mes d'humidit\u00e9 des sols aux \nplafonds, de charpentes en mauvais \u00e9tat, probl\u00e8mes de toiture et autres probl\u00e8mes structurels. \nL'installation \u00e9lectrique n'est plus aux normes. Le manque d'isolation, notamment des bureaux, \ninduit des co\u00fbts de fonctionnement importants, qui exc\u00e8dent les moyens allou\u00e9s par l'\u00c9tat au \ntravers de la dotation annuelle.\nPr\u00e9fecture de la Manche - 50-2025-09-26-00003 - ARR\u00caT\u00c9 n\u00b0 2025-182 Portant approbation du sixi\u00e8me plan de gestion de la r\u00e9serve\nnaturelle nationale du domaine de Beauguillot pour la p\u00e9riode 2025-2026 251\nwww.parc-cotentin-bessin.fr - 02 33 71 61 90\nMARAIS DU COTENTIN ET DU BESSIN  \nUN PARC NATUREL R\u00c9GIONAL EN TRANSITION          \n                        \n45 \n \nTableau 13 : Arborescence du facteur cl\u00e9 de r\u00e9ussite sur le fonctionnement du gestionnaire, notamment le volet administratif et financier, la gouvernance, la mission de  police \net la valorisation de l'activit\u00e9 \nENJEU \u00c9tat du facteur cl\u00e9 de \nr\u00e9ussite \nObjectifs \u00e0 long \nterme \nObjectifs du plan des \ngestion Codes Op\u00e9rations \nIndicateurs de \nr\u00e9ponse \n(r\u00e9alisation) \nun \nfonctionnement \np\u00e9renne \nLes conventions \nd'usage, les \nmarch\u00e9s publics, \nles recherches de \nfinancement, la \nplanification de la \ngestion\u2026 \nmobilisent du \ntemps. L'\u00e9quipe de \nla r\u00e9serve est \nh\u00e9berg\u00e9e dans les \nlocaux in situ, \npropri\u00e9t\u00e9s du Cdl, \ng\u00e9r\u00e9s par le \nPNRMCB. Des \ntravaux de \nr\u00e9paration et \nd'am\u00e9lioration \ndeviennent \nn\u00e9cessaires pour \nparer aux \nd\u00e9gradations et aux \nbesoins de l'\u00e9quipe \ngestionnaire. \nOptimiser le \nfonctionnement de \nla r\u00e9serve \nAssurer la gestion \nadministrative et \nfinanci\u00e8re de la \nr\u00e9serve \nMS02 Assurer le fonctionnement courant  \n r\u00e9alis\u00e9 ou non \nAnimer les instances \nde gouvernance et \nassurer le rapportage \ndes actions \nMS03 \u00c9valuer le plan de gestion, r\u00e9diger le plan \nsuivant r\u00e9alis\u00e9 ou non \nAssurer les missions \nde police SP02 Organiser la mission de police r\u00e9alis\u00e9 ou non \nPartager et valoriser \nl'activit\u00e9 \nMS04 \nD\u00e9velopper la coop\u00e9ration entre structures et \nint\u00e9grer les r\u00e9seaux locaux, r\u00e9gionaux, \nnationaux en lien avec la gestion de la r\u00e9serve \nr\u00e9alis\u00e9 ou non \nMS05 Organiser un SIG propre \u00e0 la r\u00e9serve, \ncompatible avec la BDD et le SIG du PNR r\u00e9alis\u00e9 ou non \nMS06 R\u00e9aliser un bilan bas carbone de la r\u00e9serve r\u00e9alis\u00e9 ou non \nCS35 R\u00e9aliser un recueil des protocoles de suivis mis \nen place \nR\u00e9alis\u00e9 ou \nnon \nAm\u00e9liorer l'\u00e9tat de \nla ferme et son \nutilisation \nCI03 \nEffectuer des travaux sur le b\u00e2ti pour le \npr\u00e9server et garantir une utilisation \noptimale \n \nr\u00e9alis\u00e9 ou \nnon \nCI04 Assurer l'entretien courant des b\u00e2timents r\u00e9alis\u00e9 ou \nnon \nPr\u00e9fecture de la Manche - 50-2025-09-26-00003 - ARR\u00caT\u00c9 n\u00b0 2025-182 Portant approbation du sixi\u00e8me plan de gestion de la r\u00e9serve\nnaturelle nationale du domaine de Beauguillot pour la p\u00e9riode 2025-2026 252\nwww.parc-cotentin-bessin.fr - 02 33 71 61 90\nMARAIS DU COTENTIN ET DU BESSIN  \nUN PARC NATUREL R\u00c9GIONAL EN TRANSITION          \n                        \n46 \n \n \n6- Le bilan des op\u00e9rations \nAu total, 73 op\u00e9rations sont pr\u00e9vues sur les 5 prochaines ann\u00e9es de la r\u00e9serve. Elles sont \nr\u00e9parties en 7 cat\u00e9gories selon la r\u00e9partition propos\u00e9e par RNF (Cf. tableau 17). Elles \nreprennent 83 % des actions du plan de gestion pr\u00e9c\u00e9dent. Dans le document pr\u00e9sent, ces \nderni\u00e8res sont regroup\u00e9es, d\u00e9velopp\u00e9es ou int\u00e9gr\u00e9es \u00e0 l'identique. \n La mise en \u0153uvre sera assur\u00e9e par plusieurs acteurs : \n- l'\u00e9quipe gestionnaire attach\u00e9e \u00e0 la r\u00e9serve, soit un minimum de 4 ETP auxquels s'ajouteront \nles stagiaires, \n- les fonctions support et les techniciens du PNRMCB pour les appuis techniques et \nadministratifs, \n- le Conservatoire du littoral pour les investissements et travaux en qualit\u00e9 de propri\u00e9taire, \n- les services de l'\u00c9tat, partenaires techniques et financiers pour le soutien administratif et \nfinancier. \nL'ensemble des op\u00e9rations sont reprises dans des tableaux r\u00e9capitulatifs ci-apr\u00e8s. \nPr\u00e9fecture de la Manche - 50-2025-09-26-00003 - ARR\u00caT\u00c9 n\u00b0 2025-182 Portant approbation du sixi\u00e8me plan de gestion de la r\u00e9serve\nnaturelle nationale du domaine de Beauguillot pour la p\u00e9riode 2025-2026 253\nwww.parc-cotentin-bessin.fr - 02 33 71 61 90\nMARAIS DU COTENTIN ET DU BESSIN  \nUN PARC NATUREL R\u00c9GIONAL EN TRANSITION          \n                        \n47 \n \n \nTableau 14 : R\u00e9capitulatif du nombre d'op\u00e9rations par cat\u00e9gorie et par enjeu ou facteur cl\u00e9 de r\u00e9ussite \n \nEnjeu n\u00b01 \nsur \nl'avifaune \nhivernante, \nen halte \nmigratoire \net nicheuse \nEnjeu n\u00b02 \nsur la \nmosa\u00efque \nd'habitats \net esp\u00e8ces \nassoci\u00e9es \nexcept\u00e9 \nl'avifaune \nFacteur cl\u00e9 de \nr\u00e9ussite \nsur l'acquisition \nde \nconnaissances  \nFacteur \ncl\u00e9 de \nr\u00e9ussite \nsur les \nliens de la \nr\u00e9serve \nFacteur cl\u00e9 de \nr\u00e9ussite sur le \nfonctionnement \ndu gestionnaire \nSous-\ntotal \nConnaissance et \nsuivi du patrimoine \nnaturel \n7 12 13 2 1 35 \nIntervention sur le \npatrimoine naturel 12 \n7 \n(+2 \ncommunes \u00e0 \nenjeu n\u00b01) \n   19 \nSurveillance du \nterritoire et police de \nl'environnement \n1    1 2 \nCr\u00e9ation et entretien \ndes infrastructures  2   2 4 \nPrestation d'accueil \net d'animation    6  6 \nCr\u00e9ation de supports \nde communication et \nde p\u00e9dagogie \n   1  1 \nManagement et \nsoutien    1 5 6 \nSous-total 20 21(+2) 13 10 9 73 \n \nPr\u00e9fecture de la Manche - 50-2025-09-26-00003 - ARR\u00caT\u00c9 n\u00b0 2025-182 Portant approbation du sixi\u00e8me plan de gestion de la r\u00e9serve\nnaturelle nationale du domaine de Beauguillot pour la p\u00e9riode 2025-2026 254\nwww.parc-cotentin-bessin.fr - 02 33 71 61 90\nMARAIS DU COTENTIN ET DU BESSIN  \nUN PARC NATUREL R\u00c9GIONAL EN TRANSITION          \n                        \n48 \n \nTableau 15 : R\u00e9capitulatif des op\u00e9rations class\u00e9es par cat\u00e9gorie \nConnaissance et suivi du patrimoine naturel \nContinuit\u00e9 (C), \nNouveaut\u00e9 (N), \nAction r\u00e9vis\u00e9e \n(R) \nCS01 Suivre les esp\u00e8ces en p\u00e9riode inter-nuptiale C \nCS02 Suivre les esp\u00e8ces nicheuse C \nCS03 Suivre les esp\u00e8ces discr\u00e8tes ou des strat\u00e9gies chez les oiseaux par le baguage \n(phragmite aquatique, sarcelle d'hiver, esp\u00e8ces du programme Migratlane\u2026) \nC \nCS04 Suivre les limicoles en activit\u00e9 d'alimentation N \nCS05 Suivre et ma\u00eetriser les niveaux d'eau selon le calendrier C \nCS06 Suivre annuellement la biomasse de coques \u00e0 l'arriv\u00e9e des oiseaux C \nCS07 \u00c9tudier l'acquisition des nouveaux moyens de comptages (drones) N \nCS08 Cartographier les habitats \u00e0 l'ann\u00e9e n-1 avant la fin du plan de gestion C \nCS09 Cartographier les habitats benthiques de la r\u00e9serve \u00e0 l'ann\u00e9e n-1 avant la fin \ndu plan de gestion \nR \nCS10 Actualiser l'inventaire des invert\u00e9br\u00e9s des prairies   C \nCS11 Mettre en place le suivi poissons de l'OPNL dans les pr\u00e9s sal\u00e9s N \nCS12 Suivre finement les esp\u00e8ces v\u00e9g\u00e9tales \u00e0 enjeu C \nCS13 \u00c9valuer l'occupation par les 2 esp\u00e8ces de phoques sur la r\u00e9serve, \u00e0 mar\u00e9e \nhaute et \u00e0 mar\u00e9e basse, tout au long de l'ann\u00e9e \nR \nCS14 Suivre la pr\u00e9sence du Campagnol amphibie tous les 3 ans C \nCS15 Suivre annuellement les populations de tritons par le d\u00e9ploiement du \nprotocole POP tritons \nR \nCS16 Suivre la pr\u00e9sence de l'anguille europ\u00e9enne N \nCS17 Cartographier la population de Hennedellia heimii N \nCS18 Mettre en place un suivi continu sur l'eau N \nCS19 Suivre la qualit\u00e9 physico-chimique, biologique, microbiologique et trophique de l'eau R \nCS20 R\u00e9aliser un relev\u00e9 altim\u00e9trique fin de la partie maritime de la r\u00e9serve N \nCS21 R\u00e9aliser une synth\u00e8se bibliographique sur les effets du changement climatique sur \nles populations d'oiseaux d'eau \nN \nCS22 R\u00e9aliser un diagnostic de vuln\u00e9rabilit\u00e9 et un plan d'adaptation N \nCS23 R\u00e9aliser des analyses multivari\u00e9es sur les donn\u00e9es (comptages, baguage \noiseaux, phoques veau-marin, triton cr\u00eat\u00e9, coques, ) notamment au regard des \nenjeux actuels et des effets du Changement climatique \nN \nCS24 R\u00e9aliser une \u00e9tude compl\u00e8te du r\u00e9seau hydraulique avec cartographie N \nCS25 Faire une veille \u00e9cologique des esp\u00e8ces en responsabilit\u00e9 moins \u00e9lev\u00e9e \n(ard\u00e9id\u00e9s, macreuses, paludicoles, rallid\u00e9s, passereaux \u2026) \nC \nCS26 Actualiser les inventaires (faune, flore, fonge, bryophytes et lichens) des \nbois, pr\u00e9s sal\u00e9s, milieux aquatiques et dunes. \nR \nCS27 Mettre \u00e0 jour et hi\u00e9rarchiser l'inventaire permanent des invert\u00e9br\u00e9s N \nCS28 \u00c9tudier le r\u00e9gime alimentaire des phoques par l'analyse des f\u00e8ces C \nCS29 Participer aux programmes collectifs d'acquisition de connaissance sur les \nesp\u00e8ces et les milieux (ex. POP grenouille et POP reptile des sentinelles du \nclimat, t\u00e9l\u00e9m\u00e9trie de l'activit\u00e9 des phoques\u2026) \nC \nCS30 D\u00e9tecter et suivre la pr\u00e9sence du putois. N \nCS31 Mettre en place un protocole de suivi du crapaud calamite N \nCS32 R\u00e9aliser une veille par occurrence sur la faune et flore / milieu et renouveler \nles transects par milieux prairiaux \nC \nCS33 Animer le r\u00e9seau de comptages concert\u00e9s (remise diurne et limicoles c\u00f4tiers) C \nCS34 Nouer des partenariats pour acqu\u00e9rir des connaissances sur des th\u00e9matiques \nimportantes pour la r\u00e9serve (eau, changement climatique, fonctionnement des \n\u00e9cosyst\u00e8mes terrestres et maritimes... ) \nC \nCS35 R\u00e9aliser un recueil de protocoles de suivis mis en place N \n \n \nPr\u00e9fecture de la Manche - 50-2025-09-26-00003 - ARR\u00caT\u00c9 n\u00b0 2025-182 Portant approbation du sixi\u00e8me plan de gestion de la r\u00e9serve\nnaturelle nationale du domaine de Beauguillot pour la p\u00e9riode 2025-2026 255\nMARAIS DU COTENTIN ET DU BESSIN  \nUN PARC NATUREL R\u00c9GIONAL EN TRANSITION          \n                        \n49 \n \nIntervention sur le patrimoine naturel \nContinuit\u00e9 (C), \nNouveaut\u00e9 (N), \nAction r\u00e9vis\u00e9e \n(R) \nIP01 R\u00e9aliser l'entretien des foss\u00e9s et des ouvrages selon le diagnostic R \nIP02 Am\u00e9nager des \u00eelots et des exclos de p\u00e2turage pour la nidification N \nIP03 Araser la diguette entre la dune sud et les grandes \u00eeles N \nIP04 Pr\u00e9coniser des cahiers des charges des pratiques agricoles adapt\u00e9s aux enjeux \n\u00e9cologiques \nC \nIP05 Veiller au respect du contenu des conventions d'usage agricole C \nIP06 Collecter les donn\u00e9es de pr\u00e9l\u00e8vement de coques sur le terrain et/ou aupr\u00e8s de la \nDDTM \nN \nIP07 Am\u00e9liorer les conditions de r\u00e9alisation des suivis (d\u00e9placement, observatoire, champs \nd'observation) pour les comptages \nN \nIP08 Restaurer les haies, si n\u00e9cessaire N \nIP09 Entretenir la signal\u00e9tique r\u00e9glementaire et le balisage c\u00f4t\u00e9 maritime C \nIP10 Organiser le ramassage des d\u00e9chets C \nIP11 \nArracher ou faucher la v\u00e9g\u00e9tation envahissante (saules de la mare aux oies, \nmoutarde noire des digues, roseaux sur les bords, refus, v\u00e9g\u00e9tation sur \ndiguette\u2026) \nC \nIP12 Limiter la pr\u00e9sence du sanglier C \nIP13 Etudier la pollution de l'eau et proposer des solutions N \nIP14 \u00c9tudier et r\u00e9aliser un am\u00e9nagement compatible avec la migration des anguilles et la \ngestion qualitative de l'eau sur la vanne \nN \nIP15 Entretenir les mares par curage sur une rotation de 5 ans selon la dynamique de \nv\u00e9g\u00e9tation et le degr\u00e9 de colmatage \nC \nIP16 Maintenir en \u00e9tat les \u00e9quipements agropastoraux C \nIP17 D\u00e9broussailler les milieux ferm\u00e9s avec discernement et entretenir les parcelles non \nconventionn\u00e9es \nC \nIP18 Intervenir sur les esp\u00e8ces exotiques envahissantes (faune/flore) C \nIP19 Planifier et mettre en \u0153uvre la gestion des arbres s\u00e9nescents et/ou dangereux R \nSurveillance du territoire et police de l'environnement \nContinuit\u00e9 (C), \nNouveaut\u00e9 (N), \nAction r\u00e9vis\u00e9e \n(R) \nSP01 R\u00e9aliser des op\u00e9rations de surveillance C \nSP02 Organiser la mission de police C \nCr\u00e9ation de supports de communication et de p\u00e9dagogie \nContinuit\u00e9 (C), \nNouveaut\u00e9 (N), \nAction r\u00e9vis\u00e9e \n(R) \nCC01 Maintenir une couverture m\u00e9diatique de la r\u00e9serve au sein de la presse \n\u00e9crite, digitale et radio \nC \nCr\u00e9ation et entretien des infrastructures \nContinuit\u00e9 (C), \nNouveaut\u00e9 (N), \nAction r\u00e9vis\u00e9e \n(R) \nCI01 Surveiller l'\u00e9tat de la digue de mer et entretenir la v\u00e9g\u00e9tation C \nCI02 Entretenir le mat\u00e9riel des suivis :  bornes des transects, appareils de mesures, nasse \nde captures, station m\u00e9t\u00e9o\u2026 \nC \nCI03 Effectuer des travaux sur le b\u00e2ti pour le pr\u00e9server et garantir une utilisation optimale N \nCI04 Assurer l'entretien courant des b\u00e2timents N \n \nPr\u00e9fecture de la Manche - 50-2025-09-26-00003 - ARR\u00caT\u00c9 n\u00b0 2025-182 Portant approbation du sixi\u00e8me plan de gestion de la r\u00e9serve\nnaturelle nationale du domaine de Beauguillot pour la p\u00e9riode 2025-2026 256\nwww.parc-cotentin-bessin.fr - 02 33 71 61 90\nMARAIS DU COTENTIN ET DU BESSIN  \nUN PARC NATUREL R\u00c9GIONAL EN TRANSITION          \n                        \n50 \n \n \nPrestation d'accueil et d'animation \nContinuit\u00e9 (C), \nNouveaut\u00e9 (N), \nAction r\u00e9vis\u00e9e \n(R) \nPA01 Proposer des projets p\u00e9dagogiques adapt\u00e9s au public en formation (scolaire, \nuniversitaire, professionnel) et au groupe \u00ab grand public \u00bb \nC \nPA02 Offrir un confort de visite de bonne qualit\u00e9 pour le public en visite libre \n(renseignements pratiques, propret\u00e9 et s\u00e9curit\u00e9 des \u00e9quipements, information sur \npanneau et digitale, signalisation\u2026) \nC \nPA03 \u00c9tablir et d\u00e9cliner une strat\u00e9gie d'accueil du public en conformit\u00e9 avec le d\u00e9cret N \nPA04 Suivre la fr\u00e9quentation C \nPA05 Int\u00e9grer la r\u00e9serve dans le territoire C \nPA06 R\u00e9aliser un diagnostic d'ancrage territorial (2028) N \nManagement et soutien \nContinuit\u00e9 (C), \nNouveaut\u00e9 (N), \nAction r\u00e9vis\u00e9e \n(R) \nMS01 Accompagner le dossier d'acquisition et d'am\u00e9nagements d'un terrain pour \u00e9viter le \nstationnement dangereux des visiteurs \nN \nMS02 Assurer le fonctionnement courant  C \nMS03 \u00c9valuer le plan de gestion, r\u00e9diger le plan suivant C \nMS04 D\u00e9velopper la coop\u00e9ration entre structures et int\u00e9grer les r\u00e9seaux locaux, r\u00e9gionaux \net nationaux \nC \nMS05 Organiser un SIG propre \u00e0 la r\u00e9serve, compatible avec la BDD et le SIG du PNR N \nMS06 R\u00e9aliser un bilan bas carbone de la r\u00e9serve N \n \nPr\u00e9fecture de la Manche - 50-2025-09-26-00003 - ARR\u00caT\u00c9 n\u00b0 2025-182 Portant approbation du sixi\u00e8me plan de gestion de la r\u00e9serve\nnaturelle nationale du domaine de Beauguillot pour la p\u00e9riode 2025-2026 257\nwww.parc-cotentin-bessin.fr - 02 33 71 61 90\nMARAIS DU COTENTIN ET DU BESSIN  \nUN PARC NATUREL R\u00c9GIONAL EN TRANSITION          \n                        \n51 \n \nBibliographie \n- ADAMI D. (2019). Caract\u00e9risation des peuplements prairiaux de col\u00e9opt\u00e8res coprophages sur la \nR\u00e9serve Naturelle Nationale du Domaine de Beauguillot (Manche, Normandie), Rapport, 67p. \n- BARRIOZ M., COCHARD P. O., &  VOELTZEL V.  (2015). Amphibiens et reptiles de Normandie. \nURCPIE de Basse-Normandie. \n- CHARRIER F. & DUFOUIL A. (2019). Evaluation du potentiel de production d'Anguille \neurop\u00e9enne dans les marais de la c\u00f4te Est du Cotentin, FISH PASS. COPIL Evaluation potentiel \nanguilles. Pr\u00e9sentation du 23 janvier 2019, 53p. \n \n- CEMEN\u00a9 - Cercle d'Etude Mycologique En Normandie, (2011). Synth\u00e8se mycologique de la \nr\u00e9serve naturelle nationale du domaine de Beauguillot. Rapport, 32p. \n \n- BARRIOZ M. (2021). Le Crapaud calamite Epidalea calamita dans la vall\u00e9e de la Seine. \u00c9tat des \nconnaissances en mati\u00e8re de r\u00e9partition et de connectivit\u00e9 potentielle entre les diff\u00e9rentes \npopulations connues en Normandie. Mesures d'accompagnement pour le compte du Grand Port \nMaritime de Rouen. CPIE/OBHeN, 35 p. \n \n- BEEBEE T. J. C., BOLWELL S., BUCKLEY J., CORBETT K. F ., GRIFFIN J. R., PRESTON M. & \nWEBSTER J. (1982). Observation and conservation of a relict population of the natterj ack toad \nBufo calamita (LAURENTI) in southern England over the period 1 972- 1 98 1 . Amphibia-Reptilia \n3: 33 -52. \n \n- DARDILLAC A. & CATTEAU E. (2022). Quelques v\u00e9g\u00e9tations prairiales typiques de l'Estuaire de \nla Seine. Centre d'\u00e9tude et de conservation des ressources v\u00e9g\u00e9tales (8), 135-152. \n \n- DENTON J. S. & BEEBEE T. J. C. (1993). Reproductive strategies in a female-biased population \nof natterjack toads, Bufo calamita. Animal Behaviour 46 : 1169- 1175. \n \n- DOUARD A., FIERS V., BARNAY A.S., DALOZ A., GAYTE X., MOALIC H., TOISON V. (2021). \nGuide d'\u00e9laboration des plans de gestion des espaces naturels. Coll. Cahiers techniques n\u00b088, \nOFB. \n \n- DURIEZ O., ENS B. J., CHOQUET R., PRADEL R., KLASSEN M. (2012). Comparing the seasonal \nsurvival of resident and migratory oystercatchers : carry-over effects of habitat quality and weather \nconditions. Oikos, 121 (6), 826-873. \n \n- ELDER, J.F . (2014). Gestion agro -pastorale et hydraulique pour l'accueil des anatid\u00e9s et de la \nFoulque macroule en escale et en hivernage sur la r\u00e9serve naturelle nationale du domaine de \nBeauguillot (Manche). Rapport, Master II. Universit\u00e9 de Caen, 100p. \n \n- ELDER J.F. (2006). Le phoque veau -marin en Normandie, un \u00e9l\u00e9ment du patrimoine naturel \n\u00e0d\u00e9couvrir et \u00e0 prot\u00e9ger. Association Claude Hettier de Boislambert. \n \n- ELDER, J.F. & BLOND, M. (2012). Plan de gestion 2012-2021 de la R\u00e9serve naturelle nationale \ndu domaine de Beauguillot (Manche). Association Claude Hettier de Boislambert, 402p. \n \n- EDER J.F . & BLOND M. (2014).  Rapport d'activit\u00e9 de la r\u00e9serve naturelle nationale du Domaine \nde Beauguillot. Rapport interne. 81p. \n \n- ELDER J. F., GALLOO T. & LAURENT S. (2022).  Evaluation du plan de gestion 2012-2021 de la \nr\u00e9serve naturelle nationale du Domaine de Beauguillot. Rapport interne, Parc naturel r\u00e9gional des \nMarais du Cotentin et du Bessin, 223 p. \n \nPr\u00e9fecture de la Manche - 50-2025-09-26-00003 - ARR\u00caT\u00c9 n\u00b0 2025-182 Portant approbation du sixi\u00e8me plan de gestion de la r\u00e9serve\nnaturelle nationale du domaine de Beauguillot pour la p\u00e9riode 2025-2026 258\nwww.parc-cotentin-bessin.fr - 02 33 71 61 90\nMARAIS DU COTENTIN ET DU BESSIN  \nUN PARC NATUREL R\u00c9GIONAL EN TRANSITION          \n                        \n52 \n \n- FILLOL, N. (2021). Document d'objectifs des sites Natura 2000, directive oiseaux et habitats,  \nMarais du Cotentin et du Bessin \u2013 baie des Veys, Parc Naturel R\u00e9gional des marais du Cotentin et \ndu Bessin, 174P \n \n- HAAS G. (2018). Etude de la qualit\u00e9 des eaux continentales sur deux r\u00e9serves naturelles \nnationales. Rapport de stage de Licence professionnelle \u00ab Restauration \u00e9cologique et \nd\u00e9veloppement durable. Universit\u00e9 de Caen Normandie. Rapport, 64 p. \n \n- HACQUEBART P . (2024). Synth\u00e8se des donn\u00e9es issues du suivi des habitats \nbiomorphos\u00e9dimentaires de la baie des Veys, en vue de la r\u00e9daction du plan de gestion de la r\u00e9serve \nnaturelle nationale du domaine de Beauguillot. Rapport, 21p. \n \n- HUST\u00c9 A., CLOBERT J. & MIAUD C. (2006). The movements and breeding site fidelity of the \nnatterjack toad (Bufo calamita) in an urban park near Paris (France) with management \nrecommendations. Amphibia-Reptilia 27: 561-568 \n \n- LAURENT S. (2021). Pr\u00e9f\u00e9rences alimentaires du Phoques Veau -marin (Phoca vitulina) en baie \ndes Veys. Rapport, 16p. \n \n- LAUDELOUT A. & PAQUET J.-Y . (2014). Les changements climatiques et les oiseaux : synth\u00e8se \net impacts sur l'avifaune wallone. Revue Aves, 51 : 193-215. \n \n- LAVILLE L. & ZAMBETTAKIS C. (2018). Projet d'extension de la R\u00e9serve Naturelle Nationale du \nDomaine de Beauguillot : Expertise Flore et Habitats. Direction r\u00e9gionale de l'Environnement, de \nl'Am\u00e9nagement et du Logement Normandie. Villers-Bocage : Conservatoire botanique national de \nBrest. Rapport, 27 p. \n \n- LESKOVAR C. & SINSCH U. (2005). Harmonic direction finding: a novel tool to monitor the \ndispersal of small-sized anurans. Herpetological Journal, 15: 173-180. \n \n- MARQUIER B., PETIT M., STALLEGGER P ., ROETZINGER S., DURANT C., VEDIEU C., \nHACQUEBART P. (2024). R\u00e9serve naturelle nationale du domaine de Beauguillot, diagnostic. \nRapport, 255p.    \n \n- MINISTERE DE L'ENVIRONNEMENT ET DU CADRE DE VIE. D\u00e9cret n\u00b080-74 du 17 janvier 1980 \nportant cr\u00e9ation de la r\u00e9serve naturelle du domaine de Beauguillot (Manche). Journal officiel du 22 \njanvier 1980, 339-341. \n \n- MORIN J., RIOU P., BESSINETON C., VEDIEU C., LEMOINE M., SIMON S., LE PAPE O. \n(1999).  Etude des nourriceries de la baie de Seine orientale et de l'estuaire de la Seine. Rapport, \n86p. \n \n- PISCART, C., KEFFORD, B.J., BEISEL, J.N. (2011). Are salinity tolerances of non -native \nmacroinvertebrates in France an indicator of potential for their translocation in a new area?. \nLimnologica-Ecology and Management of Inland Waters, 41(2), pp. 107-112. \n \n- PONSERO A., STURBOIS A., JAMET C., BOILLOT A. (2019). Plan de gestion de la r\u00e9serve \nnaturelle nationale de la baie de Saint-Brieuc. Volume B : objectifs. 102p. \n- RONSIN C. & SIMON N. (2021). Suivis botanique 2021 de la r\u00e9serve naturelle nationale du \ndomaine de Beauguillot. Rapport d'\u00e9tude. CPIE du Cotentin. 64p. \n- SCHRICKE V., ELDER J.-F., CAILLOT E., GUERIN D. (2001). Approche de l'utilisation de la baie \ndes Veys et des marais de l'isthme du Cotentin par les anatid\u00e9s en p\u00e9riode de migration et \nd'hivernage. Rapport, 35p. \nPr\u00e9fecture de la Manche - 50-2025-09-26-00003 - ARR\u00caT\u00c9 n\u00b0 2025-182 Portant approbation du sixi\u00e8me plan de gestion de la r\u00e9serve\nnaturelle nationale du domaine de Beauguillot pour la p\u00e9riode 2025-2026 259\nwww.parc-cotentin-bessin.fr - 02 33 71 61 90\nMARAIS DU COTENTIN ET DU BESSIN  \nUN PARC NATUREL R\u00c9GIONAL EN TRANSITION          \n                        \n53 \n \n- VERNIEST F. (2018). Suivi des anatid\u00e9s et de la Foulque macroule sur l'unit\u00e9 fonctionnelle \u00ab baie \ndes Veys \u2013 marais de l'isthme du Cotentin  \u00bb \u2013 Analyse des donn\u00e9es 2001 \u00e0 2017. Parc Naturel \nr\u00e9gional des marais du Cotentin et du Bessin. Rapport d'\u00e9tude, 117p. \n- VERNIEST F. (2018). Suivi des limicoles sur les unit\u00e9s fonctionnelles \u00ab baie des Veys \u00bb et \u00ab littoral \nEst-Cotentin \u00bb \u2013 Analyse des donn\u00e9es 1999 \u00e0 2017. Parc Naturel r\u00e9gional des marais du Cotentin \net du Bessin. Rapport d'\u00e9tude. 149p. \n- ZAMBETTAKIS C.  (2012).  Identification, proposition de gestion et de suivi des prairies de fauche \nde la R\u00e9serve naturelle n ationale du domaine de Beauguillot \u2013 Manche. Conservatoire Botanique \nNational de Brest. Rapport, 22p. \n \n- ZAMBETTAKIS C. & GALLOO, T. (2016).  Appui scientifique et technique pour la mise en place \nde suivi de la flore. R\u00e9serve naturelle nationale du Domaine de Beauguillot. Rapport d'\u00e9tude, 11p. \n \n \n \nPr\u00e9fecture de la Manche - 50-2025-09-26-00003 - ARR\u00caT\u00c9 n\u00b0 2025-182 Portant approbation du sixi\u00e8me plan de gestion de la r\u00e9serve\nnaturelle nationale du domaine de Beauguillot pour la p\u00e9riode 2025-2026 260\nwww.parc-cotentin-bessin.fr - 02 33 71 61 90\nMARAIS DU COTENTIN ET DU BESSIN  \nUN PARC NATUREL R\u00c9GIONAL EN TRANSITION          \n                        \n54 \n \nWebographie \n- BENSETTITI F. & GAUDILLAT V. (coord.), (2002). \u00ab Cahiers d'habitats \u00bb Natura 2000. \nConnaissance et gestion des habitats et des esp\u00e8ces d'int\u00e9r\u00eat communautaire. Tome 7 - Esp\u00e8ces \nanimales. MEDD/MAAPAR/MNHN. \u00c9d. La Documentation fran\u00e7ai se, Paris, 353  p. + c\u00e9d\u00e9rom. \nDisponible sur https://inpn.mnhn.fr/telechargement/documentation/natura2000/cahiers-habitats \n(consult\u00e9 le 12.10.2024) \n- BLONDEL Jacques (25 ao\u00fbt 2019), Comment les oiseaux s'adaptent-ils \u00e0 un climat qui change ?, \nEncyclop\u00e9die de l'Environnement. [en ligne ISSN 2555 -0950] Disponible sur : : \nhttps://www.encyclopedie-environnement.org/vivant/comment-oiseaux-sadaptent-climat-qui-\nchange/. (consult\u00e9 le 12.10.2024) \n-GRAITSON E. & TAYMANS J. (2022). Impacts des l\u00e2chers massifs de faisans de Colchide \n(Phasianus colchicus L.) sur les sq uamates (Reptilia Squamata). Bulletin de la Soci\u00e9t\u00e9 \nHerp\u00e9tologique de France, 2022, 180, 10.48716/bullshf.180 -2. Disponible sur \nhttps://hal.science/hal-04048969 (consult\u00e9 le 12.10.2024) \n \n- GROUPE ORNITHOLOGIQUE NORMAND (GONm), (2012). Liste des oiseaux de Basse -\nNormandie comprenant la liste rouge des esp\u00e8ces menac\u00e9es (Valid\u00e9e par le CSRPN le 03 octobre \n2012). 20p. Disponible sur https://www.anbdd.fr/wp-\ncontent/uploads/2021/02/Liste_des_especes_d_oiseaux_de_Basse_Normandie-dont-LR.pdf, \n(consult\u00e9 le 12.12.2024) \n \n- Intergouvernemental Panel on Climate Change (IPCC), (2019). Special Report on the Ocean and \nCryosphere in a Changing Climate. Disponible sur : https://www.ipcc.ch/srocc/ (consult\u00e9 le 12. \n10.2024) \n \n- MINISTERE DE LA TRANSITION ECOLOGIQUE. D\u00e9cret n\u00b02021-1319 du 8 octobre 2021 portant \nextension du p\u00e9rim\u00e8tre et modification de la r\u00e9glementation de  la r\u00e9serve naturelle nationale du \ndomaine de Beauguillot (Manche). Journal officiel \u00e9lectronique authentifi\u00e9 n\u00b0 0238 du 12/10/2024. \nTexte 3/96.  Disponible sur : https://www.legifrance.gouv.fr/download/pdf. 5p, (consult\u00e9 le \n12.10.2024) \n \n- PEARCE-HIGGINS, J.W., YALDEN, D.W. & WHITTINGHAM, M.J. (2005). Warmer springs \nadvance the breeding phenology of golden plovers Pluvialis apricaria and their prey (Tipulidae). \nOecologia 143, 470-476. Disponible sur : \nhttps://www.researchgate.net/publication/8047813_Warmer_springs_advance_the_breeding_phen\nology_of_Golden_Plovers_Pluvialis_apricaria_and_their_prey_Tipulidae (consult\u00e9 le 12.10.2024) \n \n- SENNER N. R., VERHOEVEN M. A., ABAD-GOMEZ J.M., GUTIEREZ J. S., HOOIJMEIJER J. \nC., KENTIE R., PIERSMA T., (2015). When Siberia came to the Netherlands : the response of \ncontinental black-tailed godwits to a rare spring weather event. Journal of animal ecology, 84(5), \n1164-1176. Disponible sur : https://besjournals.onlinelibrary.wiley.com/doi/full/10.1111/1365-\n2656.12381, (consult\u00e9 le 12.10.2024) \n \n- OSPAR, (2008). Liste OSPAR des esp\u00e8ces et des habitats menac\u00e9s et/ou en d\u00e9clin. Commission \nOSPAR. Accord OSPAR 2008-06. Disponible sur : \nhttps://inpn.mnhn.fr/docs/ref_habitats/TYPO_OSPAR_ESP_HAB_PDF .pdf. 6P , (consult\u00e9 le \n12.10.2024) \n \n- MACLEAN, I.M.D., REHFISCH, M.M., DELANY , S. & ROBINSON, R.A., (2008). The Effects of \nClimate Change on Migratory Waterbirds within the African -Eurasian Flyways (Les Effets du \nChangement Climatique sur les Oiseaux d'Eau Migrateurs de la Voie de Migration d'Afrique -\nEurasie). AEWA T echnical Series No.21 (S\u00e9ries T echniques No 21). Bonn, Allemagne. 8p. \nPr\u00e9fecture de la Manche - 50-2025-09-26-00003 - ARR\u00caT\u00c9 n\u00b0 2025-182 Portant approbation du sixi\u00e8me plan de gestion de la r\u00e9serve\nnaturelle nationale du domaine de Beauguillot pour la p\u00e9riode 2025-2026 261\nwww.parc-cotentin-bessin.fr - 02 33 71 61 90\nMARAIS DU COTENTIN ET DU BESSIN  \nUN PARC NATUREL R\u00c9GIONAL EN TRANSITION          \n                        \n55 \n \nDisponible sur https://www.unep-aewa.org/en/publication/migratory-waterbirds-and-climate-\nchange-effects-within-african-eurasian-flyways (consult\u00e9 le 12.10.2024) \n \n- SINDEU S. & BODILIS G. , (2023). Strat\u00e9gie d'adaptation au changement climatique sur le Bassin \nSeine-Normandie, adopt\u00e9e \u00e0 l'unanimit\u00e9 par le comit\u00e9 de bassin le 05 octobre 2023.  Agence de \nl'Eau Seine -Normandie. Annexe 4, donn\u00e9es  scientifiques : 90 -100. Disponible sur \nhttps://www.calameo.com/agence-de-l-eau-seine-normandie/read/004001913d83a4950a1db \n(consult\u00e9 le 12.10.2024) \n \n \n \n \n \n \n \n \nPr\u00e9fecture de la Manche - 50-2025-09-26-00003 - ARR\u00caT\u00c9 n\u00b0 2025-182 Portant approbation du sixi\u00e8me plan de gestion de la r\u00e9serve\nnaturelle nationale du domaine de Beauguillot pour la p\u00e9riode 2025-2026 262\nPr\u00e9fecture de la Manche\n50-2025-09-01-00021\nArr\u00eat\u00e9 n\u00b0 2025-44 Approuvant le transfert de\ngestion de d\u00e9pendances du domaine public\nmaritime\nau b\u00e9n\u00e9fice de la communaut\u00e9 d'agglom\u00e9ration\ndu cotentin pour le chemin et les\nr\u00e9seaux de la station d'\u00e9puration de\nBarneville-Carteret\nPr\u00e9fecture de la Manche - 50-2025-09-01-00021 - Arr\u00eat\u00e9 n\u00b0 2025-44 Approuvant le transfert de gestion de d\u00e9pendances du domaine\npublic maritime\nau b\u00e9n\u00e9fice de la communaut\u00e9 d'agglom\u00e9ration du cotentin pour le chemin et les\nr\u00e9seaux de la station d'\u00e9puration de Barneville-Carteret\n263\nExPREFETDE LA MANCHEL'z'berte'Egalit\u00e9Fraternit\u00e9\nDirection\nd\u00e9partementale\ndes territoires et de la mer\nD\u00e9l\u00e9gation territoriale Nord\nADOC n\u00b0 50-50031-0087\nARR\u00caT\u00c9 N\u00b0 2025-44\nApprouvant le transfert de gestion de d\u00e9pendances du domaine public maritime\nau b\u00e9n\u00e9fice de la communaut\u00e9 d'agglom\u00e9ration du cotentin pour le chemin et les\nr\u00e9seaux de la station d'\u00e9puration de Barneville-Carteret\nLE PR\u00c9FET DE LA MANCHE\nChevalier de la L\u00e9gion d'honneur\nChevalier de l'ordre national du M\u00e9rite\nVu le code g\u00e9n\u00e9ral de la propri\u00e9t\u00e9 des personnes publiques, notamment ses articles\nL2123-3 \u00e0 L2123-6 et R2123-9 \u00e0 R2123-14 ;\nVu les avis recueillis lors de l'instruction administrative ;\nConsid\u00e9rant que le projet n'a fait l'objet d'aucune opposition ;\nSur proposition du directeur d\u00e9partemental des territoires et de la mer ;\nA R R \u00ca T E\nArticle 1\n: Est approuv\u00e9 le transfert de gestion, au b\u00e9n\u00e9fice de la communaut\u00e9\nd'agglom\u00e9ration du Cotentin, des d\u00e9pendances du domaine public maritime d'une\nsuperficie d'environ 9773 m\u00b2 comprenant les am\u00e9nagements d\u00e9crits \u00e0 la convention\nannex\u00e9e au pr\u00e9sent arr\u00eat\u00e9, dans les conditions d\u00e9finies dans cette m\u00eame convention.\nCes d\u00e9pendances sont situ\u00e9es sur le territoire de la commune de Barneville-Carteret.\nDirection d\u00e9partementale des territoires et de la mer \u2013 D\u00e9l\u00e9gation territoriale Nord\nPlace Bruat \u2013 B.P . 838 \u2013 50108 Cherbourg-en-Cotentin cedex \u2013 T\u00e9l : 02 50 79 15 00 \u2013 Fax : 02 50 79 15 01\nSite internet : www.manche.gouv.fr \u2013 Horaires d'ouverture au public : 09h00-12h00 / 13h30-16h30\nPr\u00e9fecture de la Manche - 50-2025-09-01-00021 - Arr\u00eat\u00e9 n\u00b0 2025-44 Approuvant le transfert de gestion de d\u00e9pendances du domaine\npublic maritime\nau b\u00e9n\u00e9fice de la communaut\u00e9 d'agglom\u00e9ration du cotentin pour le chemin et les\nr\u00e9seaux de la station d'\u00e9puration de Barneville-Carteret\n264\nArticle 2     : D\u00e9lais et voies de recours\nLe pr\u00e9sent arr\u00eat\u00e9 peut faire l'objet, dans un d\u00e9lai de deux mois\u00e0 compter de sa notification ou de\nsa publication, d'un recours gracieux aupr\u00e8s du pr\u00e9fet de la Manche ou d'un recours hi\u00e9rarchique\naupr\u00e8s du ministre comp\u00e9tent, ou d'un recours contentieux, devant le tribunal administratif de\nCaen, 3, rue Arthur Le Duc \u2013 BP 25086 \u2013 14050 CAEN cedex \u2013 juridiction territorialement\ncomp\u00e9tente, conform\u00e9ment aux dispositions de l'article R421-1 du Code de justice administrative.\nLe tribunal administratif peut \u00eatre saisi par l'applicationinformatique \"T\u00e9l\u00e9recours citoyens\"\naccessible par le site internet www.telerecours.fr\nArticle 3: La secr\u00e9taire g\u00e9n\u00e9rale de la pr\u00e9fecture, le directeur d\u00e9partemental des finances\npubliques de la Manche, le directeur d\u00e9partemental des territoires et de la mer et les\nagents habilit\u00e9s \u00e0 effectuer des contr\u00f4les sont charg\u00e9s, chacun en ce qui le concerne, de\nl'ex\u00e9cution du pr\u00e9sent arr\u00eat\u00e9 qui sera publi\u00e9 au recueil desactes administratifs de la\npr\u00e9fecture de la Manche.\n\u00c0 Saint-L\u00f4, le 01/09/2025\nLe pr\u00e9fet\nSign\u00e9\nXavier BRUNETIERE\nDestinataires :\n\u2013 Communaut\u00e9 d'agglom\u00e9ration du Cotentin \u2013 8, rue des Vindits\u2013 50130 Cherbourg-\nen-Cotentin\n\u2013\nDDTM/DTN\nCopies :\n\u2013 SML/GL\n\u2013 Commune de Barneville-Carteret\n\u2013 Direction d\u00e9partementale des finances publiques de la Manche \u2013 Missions\ndomaniales \u2013 Place de la Pr\u00e9fecture \u2013 B.P . 225 \u2013 50015 Saint-L\u00f4 cedex\nAnnexes : - convention de transfert de gestion\n- plan de situation et vue en plan des d\u00e9pendances transf\u00e9r\u00e9es\n2/2\nPr\u00e9fecture de la Manche - 50-2025-09-01-00021 - Arr\u00eat\u00e9 n\u00b0 2025-44 Approuvant le transfert de gestion de d\u00e9pendances du domaine\npublic maritime\nau b\u00e9n\u00e9fice de la communaut\u00e9 d'agglom\u00e9ration du cotentin pour le chemin et les\nr\u00e9seaux de la station d'\u00e9puration de Barneville-Carteret\n265\nPr\u00e9fecture de la Manche\n50-2025-05-22-00012\nArr\u00eat\u00e9 n\u00b02025-DDTM-SE-077 portant d\u00e9claration\nd'int\u00e9r\u00eat g\u00e9n\u00e9ral au titre de l'article L.211-7 du\ncode de l'environnement de travaux issus du\nprogramme de restauration des cours d'eau des\nbassins versants de la S\u00e8ves et de la Taute\nPr\u00e9fecture de la Manche - 50-2025-05-22-00012 - Arr\u00eat\u00e9 n\u00b02025-DDTM-SE-077 portant d\u00e9claration d'int\u00e9r\u00eat g\u00e9n\u00e9ral au titre de l'article\nL.211-7 du code de l'environnement de travaux issus du programme de restauration des cours d'eau des bassins versants de la S\u00e8ves et\nde la Taute\n266\nExPREFETDE LA MANCHELibert\u00e9Egalit\u00e9Fraternit\u00e9\nDirection\nd\u00e9partementale\ndes territoires et de la mer\nDDTM\nService Environnement\nARR\u00caT\u00c9 N\u00b02025-DDTM-SE-077 PORTANT D\u00c9CLARATION D'INT\u00c9R\u00caT G\u00c9N\u00c9RAL\nAU TITRE DE L'ARTICLE L.211-7 DU CODE DE L'ENVIRONNEMENT\nDE TRAVAUX ISSUS DU PROGRAMME DE RESTAURATION DES COURS D'EAU \nDES BASSINS VERSANTS DE LA SEVES ET DE LA TAUTE\nLE PR\u00c9FET DE LA MANCHE\nChevalier de la L\u00e9gion d'honneur\nChevalier de l'ordre national du M\u00e9rite\nVU le Code Rural et de la p\u00eache maritime, en particulier les articles L. 151-36 et L. 151-\n37\u00a0;\nVU le Code de l'Environnement, en particulier les articles L.110-1, L.120-1 et suivants,  \nL.211-1, L.211-7 , L.211-7-1, L.435-5\u00a0;\nVU la loi du 29 d\u00e9cembre 1892 sur les dommages caus\u00e9s \u00e0 la propri\u00e9t\u00e9 priv\u00e9e par  \nl'ex\u00e9cution des travaux publics, en particulier l'article 3\u00a0;\nVU l'article 35 de la loi n\u00b02015-991 du 7 ao\u00fbt 2015 portant nouvelle organisation  \nterritoriale de la R\u00e9publique, modifi\u00e9e\u00a0;\nVU l'arr\u00eat\u00e9  pr\u00e9fectoral  en  date  du  3  octobre  2016  cr\u00e9ant  la  communaut\u00e9  de \ncommunes C\u00f4te Ouest Centre Manche \u00e0 compter du 1er janvier 2017 , issue de la  \nfusion des communaut\u00e9s de communes de La Haye du Puits, de Lessay et de S\u00e8ves-\nTaute\u00a0;\nVU le d\u00e9cret n\u00b062-1448 du 24 novembre 1962 relatif \u00e0 l'exercice de la police des eaux\u00a0;\nVU les remarques apport\u00e9es par le Vice Pr\u00e9sident de la communaut\u00e9 de communes  \nC\u00f4te Ouest Centre Manche, par courrier en date du 26 mars 2025, lors de la phase  \ncontradictoire\u00a0;\nDirection d\u00e9partementale des territoires et de la mer\n477 Boulevard de la Doll\u00e9e \u2013 BP 60355 \u2013 50015 Saint-L\u00f4 Cedex \u2013 T\u00e9l : 02 33 06 39 00 \u2013 Fax\u00a0: 02 33 06 39 09\nSite internet\u00a0: www.manche.gouv.fr \u2013 Horaires d'ouverture au public : 09h00-12h00 / 13h30-16h30\nPr\u00e9fecture de la Manche - 50-2025-05-22-00012 - Arr\u00eat\u00e9 n\u00b02025-DDTM-SE-077 portant d\u00e9claration d'int\u00e9r\u00eat g\u00e9n\u00e9ral au titre de l'article\nL.211-7 du code de l'environnement de travaux issus du programme de restauration des cours d'eau des bassins versants de la S\u00e8ves et\nde la Taute\n267\nConsid\u00e9rant que  la  restauration  par  des  techniques  douces  permet  de  garantir \nl'\u00e9coulement naturel des eaux et de contribuer \u00e0 son bon \u00e9tat \u00e9cologique dans le  \nrespect de l'article L.211-1 du Code de l'Environnement\u00a0;\nConsid\u00e9rant\u00a0que  tout  travaux  sur  cours  d'eau  relevant  d'une  d\u00e9claration  d'int\u00e9r\u00eat \ng\u00e9n\u00e9ral doit se conformer aux articles L 110-1, L 120-1 et suivants, L 211-1, L 211-7 , L 211-7-\n1 et L 435-5\u00a0;\nSUR proposition de la secr\u00e9taire g\u00e9n\u00e9rale de la pr\u00e9fecture\u00a0;\nARR\u00caTE\nArticle 1 \u00a0: Sont d\u00e9clar\u00e9s d'int\u00e9r\u00eat g\u00e9n\u00e9ral, les travaux d'entretien des bassins versants  \nde la S\u00e8ves et de la Taute.\nArticle  2\u00a0: Ces  travaux  comprennent  la  gestion  de  la  v\u00e9g\u00e9tation  rivulaire  et  des \nencombres, la pose de cl\u00f4tures, de syst\u00e8mes d'abreuvement et de franchissement, la  \nsuppression,  le  remplacement  ou  l'am\u00e9nagement  d'ouvrages,  la  dynamisation  des \n\u00e9coulements, la diversification des habitats, la reconnexion d'annexes hydrauliques et \ndu lit majeur puis la mise en place d'indicateurs de suivi et la r\u00e9alisation d'\u00e9tudes  \ncompl\u00e9mentaires.\nArticle 3 \u00a0:  Les produits de coupe ne doivent en aucun cas \u00eatre abandonn\u00e9s dans le  \ncourant. Ils sont, dans l'attente de leur \u00e9vacuation ou de leur \u00e9limination, d\u00e9pos\u00e9s  \nobligatoirement hors du lit majeur pour ne pas \u00eatre repris par les crues.\nArticle 4\u00a0: Les acc\u00e8s au chantier sont localis\u00e9s \u00e0 proximit\u00e9 des routes d\u00e9partementales \net communales, de chemins carrossables communaux ou priv\u00e9s. Dans ce dernier cas,  \nils font l'objet d'un accord pr\u00e9alable du propri\u00e9taire.\nArticle  5\u00a0:  Aucune  contribution  financi\u00e8re  n'est  demand\u00e9e  aux  propri\u00e9taires \nconcern\u00e9s par les travaux.\nArticle 6\u00a0: Les droits des tiers sont et demeurent express\u00e9ment r\u00e9serv\u00e9s.\nArticle  7\u00a0: Le  permissionnaire  \u00e9tablit  annuellement  un  bilan  des  travaux  r\u00e9alis\u00e9s \n(lin\u00e9aire trait\u00e9, type de travaux r\u00e9alis\u00e9s, cours d'eau concern\u00e9s). Ce bilan est transmis  \nau service en charge de la police des eaux qui fait conna\u00eetre au permissionnaire la  \ndate  de  la  visite  de  contr\u00f4le  des  travaux  et  lui  indique  les  \u00e9ventuelles  mesures \ncompl\u00e9mentaires \u00e0 prendre.\nDirection d\u00e9partementale des territoires et de la mer\n477 Boulevard de la Doll\u00e9e \u2013 BP 60355 \u2013 50015 Saint-L\u00f4 Cedex \u2013 T\u00e9l : 02 33 06 39 00 \u2013 Fax\u00a0: 02 33 06 39 09\nSite internet\u00a0: www.manche.gouv.fr \u2013 Horaires d'ouverture au public : 09h00-12h00 / 13h30-16h30\nPr\u00e9fecture de la Manche - 50-2025-05-22-00012 - Arr\u00eat\u00e9 n\u00b02025-DDTM-SE-077 portant d\u00e9claration d'int\u00e9r\u00eat g\u00e9n\u00e9ral au titre de l'article\nL.211-7 du code de l'environnement de travaux issus du programme de restauration des cours d'eau des bassins versants de la S\u00e8ves et\nde la Taute\n268\nArticle 8\u00a0: \u00c0 toute \u00e9poque, le permissionnaire est tenu de donner aux agents charg\u00e9s  \nde la police des eaux et de la p\u00eache, acc\u00e8s aux ouvrages. Sur les r\u00e9quisitions des  \nfonctionnaires du service de contr\u00f4le, le permissionnaire doit les mettre \u00e0 m\u00eame de  \nproc\u00e9der  \u00e0  leurs  frais,  \u00e0  toutes  les  mesures  de  v\u00e9rifications  utiles  pour  constater \nl'ex\u00e9cution du pr\u00e9sent r\u00e8glement.\nArticle 9 \u00a0: La pr\u00e9sente d\u00e9claration d'int\u00e9r\u00eat g\u00e9n\u00e9ral est d\u00e9livr\u00e9e pour une dur\u00e9e de  \ncinq  ans  \u00e0  dater  de  la  notification  du  pr\u00e9sent  arr\u00eat\u00e9,  renouvelable  une  fois.  Elle \ndevient caduque si les travaux, actions, ouvrages ou installations n'ont pas fait l'objet  \nd'un commencement de r\u00e9alisation substantiel dans un d\u00e9lai de trois ans.\nArticle  10\u00a0:  Le pr\u00e9sent arr\u00eat\u00e9 est publi\u00e9 aux recueils des actes administratifs de la  \npr\u00e9fecture. Il est \u00e9galement consultable pendant une dur\u00e9e d'un an sur le portail  \nInternet des services de l'\u00c9tat dans la Manche.\nUne copie dudit arr\u00eat\u00e9 est d\u00e9pos\u00e9e en mairies de  Montcuit, Hauteville -laGuichard, \nMonthuchon, Cambernon, Camprond, Mesnilbus, Remillyles Marais, Marigny leLozon, \nCametours,  Savigny,  Feug\u00e8res,  Saint  Martin  D'Aubigny,  Marchesieux,  Saint  Sauveur \nVillages, Auxais, Raids, Saint Sebastien De Raids, Periers, Milli\u00e8res, Saint Germain Sur  \nS\u00e8ves, Nay, Gonfreville, Saint Patrice De Claids, Laulne, Gorges, Montsenelle, Le Plessis \nLastelle  et  Vesly pour  mise  \u00e0  disposition  de  toute  personne  int\u00e9ress\u00e9e\u00a0;  elle  est \naffich\u00e9e dans ces communes pendant une dur\u00e9e minimale d'un mois.\nUn avis est ins\u00e9r\u00e9 par les soins du pr\u00e9fet et aux frais des permissionnaires dans les  \njournaux Ouest-France et La Presse de la Manche. \nArticle  11\u00a0:  Le  pr\u00e9sent  arr\u00eat\u00e9  peut  faire  l'objet  d'un  recours  devant  le  tribunal \nadministratif de Caen \u00e0 compter de sa publication au recueil des actes administratifs  \nde la pr\u00e9fecture de la Manche, par les permissionnaires dans un d\u00e9lai de deux mois et  \npar  les  tiers,  personnes  physiques  ou  morales  dans  un  d\u00e9lai  d'un  an  devant  la \njuridiction administrative. \nLe  tribunal  administratif  peut  aussi  \u00eatre  saisi  par  l'application  informatique \n\u00ab\u00a0T\u00e9l\u00e9recours Citoyens\u00a0\u00bb accessible par le site internet www.telerecours.fr\nToutefois, si le d\u00e9but des travaux n'est pas intervenu six mois apr\u00e8s la publication ou  \nl'affichage de ces d\u00e9cisions, le d\u00e9lai de recours continue \u00e0 courir jusqu'\u00e0 l'expiration  \nd'une p\u00e9riode de six mois apr\u00e8s ce d\u00e9but des travaux.\nArticle 12 \u00a0:  La secr\u00e9taire g\u00e9n\u00e9rale de la pr\u00e9fecture de la Manche,  le sous-pr\u00e9fet de  \nCoutances, le directeur d\u00e9partemental des territoires et de la mer, le pr\u00e9sident de la  \ncommunaut\u00e9 de communes C\u00f4te Ouest Centre Manche, le d\u00e9l\u00e9gu\u00e9 d\u00e9partemental de \nl'office  fran\u00e7ais  de  la  biodiversit\u00e9  sont  charg\u00e9s  chacun  en  ce  qui  le  concerne  de \nl'ex\u00e9cution du pr\u00e9sent arr\u00eat\u00e9.\n                                                       \nDirection d\u00e9partementale des territoires et de la mer\n477 Boulevard de la Doll\u00e9e \u2013 BP 60355 \u2013 50015 Saint-L\u00f4 Cedex \u2013 T\u00e9l : 02 33 06 39 00 \u2013 Fax\u00a0: 02 33 06 39 09\nSite internet\u00a0: www.manche.gouv.fr \u2013 Horaires d'ouverture au public : 09h00-12h00 / 13h30-16h30\nPr\u00e9fecture de la Manche - 50-2025-05-22-00012 - Arr\u00eat\u00e9 n\u00b02025-DDTM-SE-077 portant d\u00e9claration d'int\u00e9r\u00eat g\u00e9n\u00e9ral au titre de l'article\nL.211-7 du code de l'environnement de travaux issus du programme de restauration des cours d'eau des bassins versants de la S\u00e8ves et\nde la Taute\n269\n Pour le Pr\u00e9fet et par d\u00e9l\u00e9gation,\n                                                              Pour le directeur d\u00e9partemental des territoires et \nde la mer de la Manche,\nLe chef du Service Environnement,\n                                                   sign\u00e9 le 22 mai 2025 \u00e0 Saint-L\u00f4\n                                                      OLIVIER CATTIAUX\nDirection d\u00e9partementale des territoires et de la mer\n477 Boulevard de la Doll\u00e9e \u2013 BP 60355 \u2013 50015 Saint-L\u00f4 Cedex \u2013 T\u00e9l : 02 33 06 39 00 \u2013 Fax\u00a0: 02 33 06 39 09\nSite internet\u00a0: www.manche.gouv.fr \u2013 Horaires d'ouverture au public : 09h00-12h00 / 13h30-16h30\nPr\u00e9fecture de la Manche - 50-2025-05-22-00012 - Arr\u00eat\u00e9 n\u00b02025-DDTM-SE-077 portant d\u00e9claration d'int\u00e9r\u00eat g\u00e9n\u00e9ral au titre de l'article\nL.211-7 du code de l'environnement de travaux issus du programme de restauration des cours d'eau des bassins versants de la S\u00e8ves et\nde la Taute\n270\nPr\u00e9fecture de la Manche\n50-2025-08-25-00004\nArr\u00eat\u00e9 n\u00b060 autorisant l'utilisation temporaire en\nstatut \u00ab cote ville \u00bb d'une partie \u00ab cote piste \u00bb de\nl'a\u00e9rodrome de Cherbourg-Maupertus\nPr\u00e9fecture de la Manche - 50-2025-08-25-00004 - Arr\u00eat\u00e9 n\u00b060 autorisant l'utilisation temporaire en statut \u00ab cote ville \u00bb d'une partie \u00ab\ncote piste \u00bb de l'a\u00e9rodrome de Cherbourg-Maupertus 271\nExPREFETDE LA MANCHELibert\u00e9Egalit\u00e9Fraternit\u00e9\nCABINET DU PREFET\nService Interminist\u00e9riel \nde D\u00e9fense et Protection Civiles \nARR\u00caT\u00c9 N\u00b060 AUTORISANT L'UTILISATION TEMPORAIRE \nEN STATUT  \u00ab\u00a0COTE VILLE\u00a0\u00bb D'UNE PARTIE \u00ab\u00a0COTE PISTE\u00a0\u00bb \nDE L'A\u00c9RODROME DE CHERBOURG MAUPERTUS\nLe pr\u00e9fet de la Manche\nChevalier de la L\u00e9gion d'Honneur\nChevalier de l'Ordre National du M\u00e9rite\nVU le code de l'aviation civile\u00a0; \nVU le code g\u00e9n\u00e9ral des collectivit\u00e9s territoriales\u00a0;\nVU  la  demande  de  l'exploitant  de  l'a\u00e9rodrome  EDEIS  A\u00e9roport  Cherbourg  sollicitant  le \nd\u00e9classement  temporaire  d'une  partie  du  c\u00f4t\u00e9  piste  de  l'a\u00e9rodrome  de  CHERBOURG \nMAUPERTUS pour l'organisation d'une porte ouverte\u00a0; \nVU l'avis du\u00a0directeur de la s\u00e9curit\u00e9 de l'Aviation civile Ouest\u00a0;\nCONSID\u00c9RANT que pour le d\u00e9roulement de la porte ouverte de l'a\u00e9rodrome, il y a lieu de  \nmodifier le p\u00e9rim\u00e8tre de la zone de s\u00fbret\u00e9 de l'a\u00e9rodrome de CHERBOURG MAUPERTUS\u00a0; \nARRETE\nARTICLE 1er\u00a0\n: L'utilisation temporaire en statut \u00ab \u00a0c\u00f4t\u00e9 ville\u00a0\u00bb d'une partie du \u00ab \u00a0c\u00f4t\u00e9 piste\u00a0\u00bb de \nl'a\u00e9rodrome de CHERBOURG MAUPERTUS est autoris\u00e9e afin de permettre l'organisation de la  \nmanifestation susvis\u00e9e\u00a0:\n- Portes ouvertes - le  dimanche 21 septembre 2025 de 09h00 \u00e0 18h00 en heure locale.\nCet \u00e9v\u00e9nement sera ouvert au public le 21 septembre 2025 de 10h00 \u00e0 17h30 en heure locale.\nL'exploitant  de  l'a\u00e9rodrome  EDEIS  A\u00e9roport  Cherbourg  CHERBOURG  MAUPERTUS  \npositionnera des barri\u00e8res m\u00e9talliques mobiles jointives d\u00e9limitant la zone \u00ab \u00a0c\u00f4t\u00e9 ville\u00a0\u00bb de la \nzone \u00ab\u00a0c\u00f4t\u00e9 piste\u00a0\u00bb et sera responsable du respect de l'\u00e9tanch\u00e9it\u00e9 de la zone.\nPr\u00e9fecture de la Manche \u2013 BP 70522 \u2013 50002 SAINT-L\u00d4 \u2013 T\u00e9l. : 02.33.75.49.50 \u2013 M\u00e9l. : prefecture@manche.gouv.fr\nAccueil du public les lundi, mardi, jeudi et vendredi : \n- Bureau des migrations et de l'int\u00e9gration : uniquement sur rendez-vous\n- point accueil num\u00e9rique de 8h30 \u00e0 12h30 : uniquement sur rendez-vous\nAccueil g\u00e9n\u00e9ral ouvert du lundi au vendredi de 8h30 \u00e0 12h30 et de 14h00 \u00e0 17h00\nPr\u00e9fecture de la Manche - 50-2025-08-25-00004 - Arr\u00eat\u00e9 n\u00b060 autorisant l'utilisation temporaire en statut \u00ab cote ville \u00bb d'une partie \u00ab\ncote piste \u00bb de l'a\u00e9rodrome de Cherbourg-Maupertus 272\nARTICLE 2 \u00a0:  Cette modification temporaire est r\u00e9alis\u00e9e conform\u00e9ment aux plans joints en  \nannexe 1 du pr\u00e9sent arr\u00eat\u00e9.\nARTICLE 3\u00a0: Les mesures de s\u00fbret\u00e9 expos\u00e9es en annexe 2 du pr\u00e9sent arr\u00eat\u00e9 seront mises en  \n\u0153uvre par l'exploitant de l'a\u00e9rodrome EDEIS A\u00e9roport Cherbourg CHERBOURG MAUPERTUS.\nARTICLE 4\u00a0: Le directeur de cabinet de la pr\u00e9fecture de la Manche, l'exploitant de l'a\u00e9rodrome \nEDEIS  A\u00e9roport  Cherbourg  CHERBOURG  MAUPERTUS  sont  charg\u00e9s,  chacun  en  ce  qui  le \nconcerne, de l'application du pr\u00e9sent arr\u00eat\u00e9 qui sera publi\u00e9 au recueil des actes administratifs \nde la pr\u00e9fecture de la Manche.\nFait \u00e0 Saint-L\u00f4, le\u00a025 ao\u00fbt 2025\nPour Le Pr\u00e9fet, \nLe Directeur de cabinet\nSign\u00e9\nFran\u00e7ois LE VERGER\nLe pr\u00e9sent arr\u00eat\u00e9 peut faire l'objet d'un recours contentieux devant le tribunal administratif de Caen dans un d\u00e9lai de deux mois \u00e0  \ncompter de sa publication.\nPr\u00e9fecture de la Manche - 50-2025-08-25-00004 - Arr\u00eat\u00e9 n\u00b060 autorisant l'utilisation temporaire en statut \u00ab cote ville \u00bb d'une partie \u00ab\ncote piste \u00bb de l'a\u00e9rodrome de Cherbourg-Maupertus 273\nZone MilitaireNord-Est\nLimite d'emprise de la zonc A\u00e9roport & '''''' => Commune de Carneville\nCommane de Maupertus\nAEROPORT DE CHERBOURG-MAUPERTUSPLAN D'ENSEMBLE\nANNEXE 1 \u2013  A L'ARR\u00caT\u00c9 N\u00b0 60 du 25 AO\u00dbT 2025\nAUTORISANT L'UTILISATION TEMPORAIRE EN STATUT \u00ab\u00a0C\u00d4T\u00c9 PISTE VILLE\u00a0\u00bb \nD'UNE PARTIE DU \u00ab\u00a0C\u00d4T\u00c9 PISTE\u00a0\u00bb DE L'A\u00c9RODROME DE CHERBOURG-MAUPERTUS\nCONFIGURATION STANDARD SUR L'A\u00c9RODROME DE CHERBOURG-MAUPERTUS\nPour le Pr\u00e9fet,\nLe Directeur de Cabinet\nFran\u00e7ois LE VERGER\nPr\u00e9fecture de la Manche - 50-2025-08-25-00004 - Arr\u00eat\u00e9 n\u00b060 autorisant l'utilisation temporaire en statut \u00ab cote ville \u00bb d'une partie \u00ab\ncote piste \u00bb de l'a\u00e9rodrome de Cherbourg-Maupertus 274\nPiste d'envol 2440m x 45mN  S4 f\n10\u00ab E\ne\nKemixe],\nZONE DECLASSEE\n<\nCOTE VILLE x>ACCES P IC '~\\VIA RESTAURANT'/\\/ACCES PUBLIC cVIA PORTAIL\nCONFIGURATION POUR L'ORGANISATION DE LA JOURN\u00c9E PORTE OUVERTE \nDE L'A\u00c9RODROME DE CHERBOURG-MAUPERTUS\nPour le Pr\u00e9fet,\nLe Directeur de Cabinet\nFran\u00e7ois LE VERGER\nPr\u00e9fecture de la Manche - 50-2025-08-25-00004 - Arr\u00eat\u00e9 n\u00b060 autorisant l'utilisation temporaire en statut \u00ab cote ville \u00bb d'une partie \u00ab\ncote piste \u00bb de l'a\u00e9rodrome de Cherbourg-Maupertus 275\nANNEXE 2 A L'ARR\u00caT\u00c9 N\u00b0\u00a060 DU 25 AOUT 2025\nAUTORISANT L'UTILISATION TEMPORAIRE EN STATUT \u00ab\u00a0C\u00d4T\u00c9 VILLE\u00a0\u00bb \nD'UNE PARTIE DU \u00ab\u00a0C\u00d4T\u00c9 PISTE\u00a0\u00bb DE L'A\u00c9RODROME DE CHERBOURG-MAUPERTUS\nPRESCRIPTIONS PARTICULI\u00c8RES\nL'organisateur des manifestations s'engage \u00e0 assurer une surveillance permanente de la nouvelle  \nlimite temporaire entre le \u00ab\u00a0c\u00f4t\u00e9 ville\u00a0\u00bb et le \u00ab\u00a0c\u00f4t\u00e9 piste\u00a0\u00bb pendant toute la dur\u00e9e de d\u00e9classement.\nMesures de s\u00e9curit\u00e9  \nL'exploitant d'a\u00e9rodrome met en \u0153uvre la proc\u00e9dure d'\u00e9valuation et d'att\u00e9nuation des risques d\u00e9crite \ndans son manuel de Syst\u00e8me de Gestion de la S\u00e9curit\u00e9 (SGS) et il s'assure que le positionnement de la \nlimite provisoire entre le \u00ab\u00a0c\u00f4t\u00e9 piste\u00a0\u00bb et le \u00ab\u00a0c\u00f4t\u00e9 ville\u00a0\u00bb permet de respecter :\n\uf0b7 les surfaces de d\u00e9gagement d'obstacles d\u00e9finies par la r\u00e9glementation,\n\uf0b7 les bandes de piste d\u00e9finies par la r\u00e9glementation,\n\uf0b7 les distances de s\u00e9paration avec les pistes et les voies de circulation pour les a\u00e9ronefs d\u00e9finies par la \nr\u00e9glementation,\n\uf0b7 les distances de s\u00e9curit\u00e9 avec les a\u00e9ronefs qui \u00e9voluent sur les aires de trafic.\nL'exploitant d'a\u00e9rodrome demande la  publication d'un Notam couvrant toute la dur\u00e9e de chaque  \n\u00e9v\u00e9nement pour l'information a\u00e9ronautique des usagers.\nA la fin de chaque p\u00e9riode temporaire et avant le retour \u00e0 la configuration initiale, l'exploitant  \nd'a\u00e9rodrome r\u00e9alise une inspection minutieuse de l'aire de mouvement pour v\u00e9rifier l'int\u00e9grit\u00e9 des  \ninfrastructures et des \u00e9quipements (absence de d\u00e9t\u00e9rioration des surfaces de la piste et des voies  \nde circulation, des bandes associ\u00e9es, de l'aire de trafic, absence de d\u00e9bris ou d'objets sur les aires  \nop\u00e9rationnelles, absence de d\u00e9gradations des aides visuelles,\u2026). \nMesures de s\u00fbret\u00e9  \nLes  mesures  suivantes  sont  mises  en  \u0153uvre  par  l'organisateur  sous  le  contr\u00f4le  de  l'exploitant \nd'a\u00e9rodrome\u00a0:\n- mise en place de barri\u00e8res m\u00e9talliques mobiles jointives (type police) conform\u00e9ment aux  \ndiff\u00e9rentes configurations des plans en annexe 1 ;\n- Les divers engins et v\u00e9hicules expos\u00e9s devront tous \u00eatre s\u00e9curis\u00e9s\u00a0;\n- des panneaux mentionnant le changement de statut de la zone (nouvelle limite \u00ab\u00a0c\u00f4t\u00e9 ville\u00a0\u00bb \net \u00ab\u00a0c\u00f4t\u00e9 piste\u00a0\u00bb) sont mis en place \u00e0 un intervalle r\u00e9gulier\u00a0;\n- les membres de l'organisation sont identifiables (port d'un v\u00eatement haute visibilit\u00e9, badge  \npersonnalis\u00e9)\u00a0;\n- mise en place d'un volume d'agents de s\u00e9curit\u00e9 de l'a\u00e9roport en vue de proc\u00e9der \u00e0 un  \ncontr\u00f4le de zone pour \u00e9viter toutes \u00e9ventuelles intrusions sur les zones non d\u00e9class\u00e9es pour  \nles visiteurs. Les agents seront munis de gilet jaune de s\u00e9curit\u00e9, de leurs titres de circulation  \na\u00e9roportuaire et carte professionnelle et de syst\u00e8me de communication portatif afin de  \nmaintenir  une  relation  avec  l'organisateur  et  l'exploitant  d'a\u00e9rodrome  pour  tout  besoin \npressenti, av\u00e9r\u00e9, observ\u00e9 ou port\u00e9 \u00e0 leur connaissance dont des incidents. \n- aucun public n'est autoris\u00e9 \u00e0 p\u00e9n\u00e9trer au c\u00f4t\u00e9 piste\u00a0;\n- les v\u00e9hicules des visiteurs devront \u00eatre stationn\u00e9s sur les parkings se trouvant en zone \u00ab\u00a0c\u00f4t\u00e9 \nville\u00a0\u00bb, habituellement r\u00e9serv\u00e9s aux personnes venant \u00e0 l'a\u00e9roport.\nTout  incident,  au  cours  de  la  p\u00e9riode  temporaire  pr\u00e9vue  est  imm\u00e9diatement  port\u00e9  \u00e0  la \nconnaissance de l'exploitant de l'a\u00e9rodrome, ou de son repr\u00e9sentant, et des services comp\u00e9tents  \nde l'Etat (pr\u00e9fecture, gendarmerie d\u00e9partementale, aviation civile).\nA la fin de la p\u00e9riode temporaire et lors du retour \u00e0 la configuration initiale, une v\u00e9rification de la zone \nconcern\u00e9e est r\u00e9alis\u00e9e par l'exploitant d'a\u00e9rodrome.  \nPour le Pr\u00e9fet,\nLe Directeur de Cabinet\nFran\u00e7ois LE VERGER\nPr\u00e9fecture de la Manche - 50-2025-08-25-00004 - Arr\u00eat\u00e9 n\u00b060 autorisant l'utilisation temporaire en statut \u00ab cote ville \u00bb d'une partie \u00ab\ncote piste \u00bb de l'a\u00e9rodrome de Cherbourg-Maupertus 276\nPr\u00e9fecture de la Manche\n50-2025-09-12-00001\nArr\u00eat\u00e9 portant autorisation de proc\u00e9der \u00e0 la\ncaptation, \u00e0 l'enregistrement et \u00e0 la transmission\nd'images au moyen de cam\u00e9ras install\u00e9es sur des\na\u00e9ronefs\nPr\u00e9fecture de la Manche - 50-2025-09-12-00001 - Arr\u00eat\u00e9 portant autorisation de proc\u00e9der \u00e0 la captation, \u00e0 l'enregistrement et \u00e0 la\ntransmission d'images au moyen de cam\u00e9ras install\u00e9es sur des a\u00e9ronefs 277\nExPREFETDE LA MANCHEijerte'Egalit\u00e9Fraternit\u00e9\nCabinet\nDirection des s\u00e9curit\u00e9s\nBureau de la s\u00e9curit\u00e9 et de la r\u00e9glementation\nA R R E T E     \nportant autorisation de proc\u00e9der \u00e0 la captation, \u00e0 l'enregistrement et \u00e0 la transmission\nd'images au moyen de cam\u00e9ras install\u00e9es sur des a\u00e9ronefs\nLE PR\u00c9FET DE LA MANCHE\nChevalier de la L\u00e9gion d'honneur\nChevalier de l'ordre national du M\u00e9rite\nVu le Code g\u00e9n\u00e9ral des collectivit\u00e9s territoriales, notamment l'article L. 2215-14 ;\nVu le Code de la s\u00e9curit\u00e9 int\u00e9rieure notamment ses articles L. 211-1 et suivants, L. 241 et suivants,  \nR.242-8 \u00e0 R.242-14 ;\nVu le Code p\u00e9nal ;\nVu la loi n\u00b02017-1510 du 30 octobre 2017 renfor\u00e7ant la s\u00e9curit\u00e9 int\u00e9rieure et la lutte contre le  \nterrorisme ;\nVu le d\u00e9cret n\u00b0 2004-374 du 29 avril 2004 modifi\u00e9 relatif aux pouvoirs des pr\u00e9fets, \u00e0 l'organisation et \n\u00e0 l'action des services de l'\u00c9tat dans les r\u00e9gions et d\u00e9partements ;\nVu le d\u00e9cret n\u00b0 2023-283 du 19 avril 2023 relatif \u00e0 la mise en \u0153uvre de traitements d'images au  \nmoyen  de  dispositifs  de  captation  install\u00e9s  sur  des  a\u00e9ronefs  pour  des  missions  de  police \nadministrative ;\nVu le d\u00e9cret du 13 juillet 2023 portant nomination de M. Xavier BRUNETI\u00c8RE, pr\u00e9fet de la Manche ;\nVu l'arr\u00eat\u00e9 du 19 avril 2023 relatif au nombre maximal de cam\u00e9ras install\u00e9es sur des a\u00e9ronefs  \npouvant \u00eatre simultan\u00e9ment utilis\u00e9es dans chaque d\u00e9partement et collectivit\u00e9 d'outre-mer ;\nVu le d\u00e9cret du 10 juillet 2025 portant nomination de M. Fran\u00e7ois LE VERGER, sous-pr\u00e9fet,  \ndirecteur de cabinet du pr\u00e9fet de la Manche ;\nVu l'arr\u00eat\u00e9 du 04 ao\u00fbt 2025 donnant d\u00e9l\u00e9gation de signature \u00e0 M. Fran\u00e7ois LE VERGER, sous-\npr\u00e9fet, directeur de cabinet ;\nVu la demande d'autorisation de proc\u00e9der \u00e0 la captation, \u00e0 l'enregistrement et \u00e0 la transmission  \nd'images au moyen de cam\u00e9ras install\u00e9es sur des a\u00e9ronefs formul\u00e9e le 12 septembre 2025 par le  \ncommandant du groupement de gendarmerie de la Manche afin d'assurer la recherche de personne \nvuln\u00e9rable (mineur, senior, handicap\u00e9, personne sous traitement m\u00e9dical\u2026) qui vient de dispara\u00eetre ;\nConsid\u00e9rant que la disparition d'une  personne vuln\u00e9rable n'est pas pr\u00e9visible et qu'elle n\u00e9cessite  \nl'engagement de tous les moyens op\u00e9rationnels disponibles (patrouilles au sol, \u00e9quipe cynophile,  \nh\u00e9licopt\u00e8res, drones, \u2026) d\u00e8s les premi\u00e8res heures de sa disparition ;\nConsid\u00e9rant que  pour  une  intervention  rapide  qui  s'av\u00e8re  primordiale  dans  le  cadre  d'une \nproc\u00e9dure  de  recherche  d'une  personne  vuln\u00e9rable  disparue,  il  est  n\u00e9cessaire  d'anticiper  la \nPr\u00e9fecture de la Manche \u2013 BP 70522 \u2013 50002 SAINT-L\u00d4 \u2013 T\u00e9l. : 02.33.75.49.50 \u2013 M\u00e9l. : prefecture@manche.gouv.fr\nAccueil du public les lundi, mardi, jeudi et vendredi : \n- Bureau des migrations et de l'int\u00e9gration : uniquement sur rendez-vous\n- point accueil num\u00e9rique de 8h30 \u00e0 12h30 uniquement sur rendez-vous\nAccueil g\u00e9n\u00e9ral ouvert du lundi au vendredi de 8h30 \u00e0 12h30 et de 14h00 \u00e0 17h00\nPr\u00e9fecture de la Manche - 50-2025-09-12-00001 - Arr\u00eat\u00e9 portant autorisation de proc\u00e9der \u00e0 la captation, \u00e0 l'enregistrement et \u00e0 la\ntransmission d'images au moyen de cam\u00e9ras install\u00e9es sur des a\u00e9ronefs 278\nproc\u00e9dure d'autorisation de proc\u00e9der \u00e0 la captation, \u00e0 l'enregistrement et \u00e0 la transmission d'images au \nmoyen de cam\u00e9ras install\u00e9es sur des a\u00e9ronefs ;\nSur proposition du directeur de cabinet ;\nARRETE\nArticle 1 : \nLe colonel, commandant le groupement de gendarmerie d\u00e9partementale de la Manche est autoris\u00e9 \u00e0  \nproc\u00e9der  \u00e0  la  captation,  \u00e0  l'enregistrement  et  \u00e0  la  transmission  d'images  au  moyen  de  cam\u00e9ras \ninstall\u00e9es sur des a\u00e9ronefs pour une p\u00e9riode de trois mois \u00e0 compter de la publication du pr\u00e9sent  \narr\u00eat\u00e9, \u00e0 l'occasion des op\u00e9rations de recherche de personnes vuln\u00e9rables disparues.\nArticle  2     :  Le  nombre  maximal  de  cam\u00e9ras  pouvant  proc\u00e9der  simultan\u00e9ment  aux  traitements \nmentionn\u00e9s \u00e0 l'article 1er est fix\u00e9 \u00e0 2 :\nH\u00e9licopt\u00e8res de type H135 :\n- Marque : L-3 WESCAM\n- Type : MX-15i\n- Nombre de capteurs : 3\n- Type de capteurs :\n* EOW (Electro-Optic Wide)\n* EON (Electro-Optic Narrow)\n* IR (Infrared)\nDrone:\n- Marque : DJI\n- Mod\u00e8le Mavic 2 zoom\n- Cam\u00e9ra de 48 Mpixels\nArticle 3 :\nLe directeur de cabinet, les sous-pr\u00e9fets d'arrondissements, le colonel commandant le groupement de  \ngendarmerie d\u00e9partementale de la Manche et le directeur interd\u00e9partemental de la police nationale  \nsont charg\u00e9s, chacun en ce qui le concerne, de l'ex\u00e9cution du pr\u00e9sent arr\u00eat\u00e9, qui sera publi\u00e9 au recueil  \ndes actes administratifs de la pr\u00e9fecture de la Manche et dont une copie sera transmise \u00e0 M. le  \nprocureur  de  la  R\u00e9publique  pr\u00e8s  le  tribunal  judiciaire  de  Coutances  et  \u00e0  M.  le  procureur  de  la \nR\u00e9publique pr\u00e8s le tribunal judiciaire de Cherbourg.\nSaint-L\u00f4, le 12 septembre 2025\nPour le pr\u00e9fet et par d\u00e9l\u00e9gation\nLe directeur de cabinet\nsign\u00e9\nFran\u00e7ois LE VERGER\nDans un d\u00e9lai de deux mois \u00e0 compter de la date de la notification ou de la publication du pr\u00e9sent arr\u00eat\u00e9 au recueil des actes  \nadministratifs de la pr\u00e9fecture, les recours suivants peuvent \u00eatre introduits conform\u00e9ment aux dispositions des articles R. 421-1  \net suivants du code de justice administrative :\n- un recours gracieux, adress\u00e9 \u00e0 M. le pr\u00e9fet de la Manche, place de la Pr\u00e9fecture, BP 70522, 50002 SAINT-L\u00d4 Cedex ;\n- un recours hi\u00e9rarchique, adress\u00e9 \u00e0 M. le ministre de l'Int\u00e9rieur, place Beauvau, 75008 PARIS.\nDans les deux cas, le silence de l'administration vaut rejet implicite au terme d'un d\u00e9lai de deux mois.\nApr\u00e8s un recours gracieux ou hi\u00e9rarchique, le d\u00e9lai du recours contentieux ne court qu'\u00e0 compter du rejet explicite ou implicite  \nde l'un de ces recours ;\n- un recours contentieux, en saisissant le tribunal administratif de Caen  : 3 rue Arthur Leduc, BP 25086, 14050 CAEN Cedex 4. Le  \ntribunal administratif peut \u00e9galement \u00eatre saisi par l'application informatique \u00ab  T\u00e9l\u00e9recours citoyen \u00bb, accessible par le site  \ninternet www.telerecours.fr.\n2\nPr\u00e9fecture de la Manche - 50-2025-09-12-00001 - Arr\u00eat\u00e9 portant autorisation de proc\u00e9der \u00e0 la captation, \u00e0 l'enregistrement et \u00e0 la\ntransmission d'images au moyen de cam\u00e9ras install\u00e9es sur des a\u00e9ronefs 279\nPr\u00e9fecture de la Manche\n50-2025-09-08-00001\nArr\u00eat\u00e9 portant composition de la commission\nd'organisation pour l'\u00e9lection 2025 du tribunal\nde commerce de Cherbourg\nPr\u00e9fecture de la Manche - 50-2025-09-08-00001 - Arr\u00eat\u00e9 portant composition de la commission d'organisation pour l'\u00e9lection 2025 du\ntribunal de commerce de Cherbourg 280\nExPREFETDE LA MANCHELibert\u00e9Egalit\u00e9Fraternit\u00e9\nSECR\u00c9TARIAT G\u00c9N\u00c9RAL\nDirection des collectivit\u00e9s,\nde la citoyennet\u00e9 et de la l\u00e9galit\u00e9\nBureau des \u00e9lections\nArr\u00eat\u00e9 portant composition\nde la commission d'organisation pour l'\u00e9lection 2025\ndu tribunal de commerce de Cherbourg\nLE PR\u00c9FET DE LA MANCHE\nChevalier de la L\u00e9gion d'honneur\nChevalier de l'Ordre National du M\u00e9rite\nVU le code du commerce,\nVU le code \u00e9lectoral,\nVU le d\u00e9cret n\u00b0 2008-563 du 16 juin 2008 fixant le nombre des juges et le nombre des \nchambres des tribunaux de commerce\u00a0;\nVU la circulaire NOR JUSB2514573C du 19 juin 2025 relative \u00e0 l'organisation de l'\u00e9lection \nannuelle des juges des tribunaux de commerce,\nVU l'arr\u00eat\u00e9 pr\u00e9fectoral du 11 ao\u00fbt 2025 fixant les date, heure et lieu des op\u00e9rations de  \nvote et de recensement des votes pour l'\u00e9lection en 2025 de 2 juges du tribunal de  \ncommerce de Cherbourg modifi\u00e9,\nVU l'ordonnance de la cour d'appel de Caen du 3 septembre 2025,\nA  R  R  E  T  E\nArticle 1  \u00a0  :   Une commission d'organisation des \u00e9lections, pr\u00e9vue aux articles L. 723-13 et  \nR.\u00a0723-8 du code de commerce, est institu\u00e9e dans le cadre du renouvellement des juges du \ntribunal de commerce de Cherbourg.\nArticle 2  \u00a0  :   Cette commission est compos\u00e9e comme suit\u00a0: \nPour le premier tour de scrutin, le mercredi 8 octobre 2025\n- Pr\u00e9sidente\u00a0:\nMadame  Laurence  MORIN,  vice-pr\u00e9sidente  du  tribunal  judiciaire  de  \nCherbourg en Cotentin.\n- Juge d\u00e9sign\u00e9 par le premier pr\u00e9sident de la Cour d'Appel de Caen :\nMonsieur  Marc  TERRONE,  juge  au  tribunal  judiciaire  de  Cherbourg  en \nCotentin.\nPr\u00e9fecture de la Manche \u2013 BP 70522 \u2013 50002 SAINT-L\u00d4 \u2013 T\u00e9l. : 02.33.75.49.50 \u2013 M\u00e9l. : prefecture@manche.gouv.fr\nAccueil du public les lundi, mardi, jeudi et vendredi : \nPoint accueil num\u00e9rique de 8h30 \u00e0 12h00 uniquement sur rendez-vous\nAccueil g\u00e9n\u00e9ral ouvert du lundi au vendredi de 8h30 \u00e0 12h00 et de 13h30 \u00e0 16h30\nPr\u00e9fecture de la Manche - 50-2025-09-08-00001 - Arr\u00eat\u00e9 portant composition de la commission d'organisation pour l'\u00e9lection 2025 du\ntribunal de commerce de Cherbourg 281\n- Fonctionnaires d\u00e9sign\u00e9s par le pr\u00e9fet\u00a0:\nMadame  Lucie  CAUVIN-SELVES,  attach\u00e9e  d'administration  de  la  sous-\npr\u00e9fecture de Cherbourg, titulaire. \nMadame  Sylvie  FORVEILLE-LEVESQUE,  secr\u00e9taire  administrative  de  la  sous-\npr\u00e9fecture de Cherbourg, suppl\u00e9ante.\nEn cas de second tour de scrutin, le mardi 21 octobre 2025\n- Pr\u00e9sident\u00a0:\nMonsieur David  ARTEIL,  pr\u00e9sident  du  tribunal  judiciaire  de  Cherbourg  en \nCotentin.\n- Juge d\u00e9sign\u00e9 par la premi\u00e8re pr\u00e9sidente de la Cour d'Appel de Caen :\nMonsieur Philippe NAUTRE, vice-pr\u00e9sident charg\u00e9 de l'application des peines  \nau tribunal judiciaire de Cherbourg.\n- Fonctionnaires d\u00e9sign\u00e9s par le pr\u00e9fet\u00a0:\nMadame  Lucie  CAUVIN-SELVES,  attach\u00e9e  d'administration  de  la  sous-\npr\u00e9fecture de Cherbourg, titulaire. \nMadame  Sylvie  FORVEILLE-LEVESQUE,  secr\u00e9taire  administrative  de  la  sous-\npr\u00e9fecture de Cherbourg, suppl\u00e9ante.\nLe  secr\u00e9tariat  de  la  commission  est  assur\u00e9  par  le  greffier  du  tribunal  de  commerce  de \nCherbourg.\nArticle 3  \u00a0  :   La commission d'organisation des \u00e9lections est charg\u00e9e de veiller \u00e0 la r\u00e9gularit\u00e9 du  \nscrutin, de recenser les votes et de proclamer les r\u00e9sultats. \nLa pr\u00e9sidente ou le pr\u00e9sident est charg\u00e9(e) de proclamer publiquement les r\u00e9sultats.\nLa  liste  des  candidats  \u00e9lus  est  \u00e9tablie,  dans  l'ordre  d\u00e9croissant  du  nombre  de  voix \nobtenues par chacun d'entre eux, et est imm\u00e9diatement affich\u00e9e au greffe du tribunal de  \ncommerce.\nLe proc\u00e8s-verbal des op\u00e9rations \u00e9lectorales est dress\u00e9 en trois exemplaires, rev\u00eatus de la \nsignature des membres de la commission. Le premier exemplaire est adress\u00e9 au procureur  \ng\u00e9n\u00e9ral,  le  deuxi\u00e8me  au  pr\u00e9fet  et  le  troisi\u00e8me  est  conserv\u00e9  au  greffe  du  tribunal  de \ncommerce. \nDans un d\u00e9lai de huit jours \u00e0 compter de la proclamation des r\u00e9sultats, tout \u00e9lecteur  \npeut contester la r\u00e9gularit\u00e9 des op\u00e9rations \u00e9lectorales devant le tribunal judiciaire.\nArticle 4  \u00a0  : La liste d'\u00e9margement, sign\u00e9e par la/le pr\u00e9sident(e) de la commission \u00e9lectorale,  \ndemeure  d\u00e9pos\u00e9e  pendant  huit  jours  au  greffe  du  tribunal  de  commerce  o\u00f9  elle  est \ncommuniqu\u00e9e \u00e0 tout \u00e9lecteur requ\u00e9rant.\nPr\u00e9fecture de la Manche - 50-2025-09-08-00001 - Arr\u00eat\u00e9 portant composition de la commission d'organisation pour l'\u00e9lection 2025 du\ntribunal de commerce de Cherbourg 282\nArticle 5  \u00a0  :   La commission d'organisation des \u00e9lections a son si\u00e8ge au tribunal de commerce de \nCherbourg. Elle se r\u00e9unira sur convocation de sa/son pr\u00e9sident(e).\nArticle 6  \u00a0  :   Madame la secr\u00e9taire g\u00e9n\u00e9rale de la pr\u00e9fecture, la/le pr\u00e9sident(e) de la commission \nd'organisation des \u00e9lections, le greffier en chef du tribunal de commerce de Cherbourg sont  \ncharg\u00e9s  de  l'ex\u00e9cution  du  pr\u00e9sent  arr\u00eat\u00e9  dont  une  copie  sera  adress\u00e9e  \u00e0  chacun  de  ses \nmembres.\nSaint-L\u00f4, le 08/09/2025\nPour le pr\u00e9fet,\nLa secr\u00e9taire g\u00e9n\u00e9rale,\nsign\u00e9\nPerrine SERRE\nPr\u00e9fecture de la Manche - 50-2025-09-08-00001 - Arr\u00eat\u00e9 portant composition de la commission d'organisation pour l'\u00e9lection 2025 du\ntribunal de commerce de Cherbourg 283\nPr\u00e9fecture de la Manche\n50-2025-09-08-00002\nArr\u00eat\u00e9 portant composition de la commission\nd'organisation pour l'\u00e9lection 2025 du tribunal\nde commerce de Coutances\nPr\u00e9fecture de la Manche - 50-2025-09-08-00002 - Arr\u00eat\u00e9 portant composition de la commission d'organisation pour l'\u00e9lection 2025 du\ntribunal de commerce de Coutances 284\nExPREFETDE LA MANCHELibert\u00e9Egalit\u00e9Fraternit\u00e9\nSECR\u00c9TARIAT G\u00c9N\u00c9RAL\nDirection des collectivit\u00e9s,\nde la citoyennet\u00e9 et de la l\u00e9galit\u00e9\nBureau des \u00e9lections\nArr\u00eat\u00e9 portant composition\nde la commission d'organisation pour l'\u00e9lection 2025\ndu tribunal de commerce de Coutances\nLE PR\u00c9FET DE LA MANCHE\nChevalier de la L\u00e9gion d'honneur\nChevalier de l'Ordre National du M\u00e9rite\nVU le code du commerce,\nVU le code \u00e9lectoral,\nVU le d\u00e9cret n\u00b0 2008-563 du 16 juin 2008 fixant le nombre des juges et le nombre des \nchambres des tribunaux de commerce\u00a0;\nVU la circulaire NOR JUSB2514573C du 19 juin 2025 relative \u00e0 l'organisation de l'\u00e9lection \nannuelle des juges des tribunaux de commerce,\nVU l'arr\u00eat\u00e9 pr\u00e9fectoral du 11 ao\u00fbt 2025 fixant les dates, heures et lieux des op\u00e9rations de \nvote et de recensement des votes pour l'\u00e9lection en 2025 de 3 juges du tribunal de  \ncommerce de Coutances,\nVU l'ordonnance de la cour d'appel de Caen du 3 septembre 2025,\nA  R  R  E  T  E\nArticle 1  \u00a0  :   Une commission d'organisation des \u00e9lections, pr\u00e9vue aux articles L. 723-13 et  \nR.\u00a0723-8 du code de commerce, est institu\u00e9e dans le cadre du renouvellement des juges du \ntribunal de commerce de Coutances.\nArticle 2  \u00a0  :   Cette commission est compos\u00e9e comme suit\u00a0: \n- Pr\u00e9sidente\u00a0:\nMadame Sophie FREMOND, vice-pr\u00e9sidente charg\u00e9e des contentieux de la \nprotection au tribunal de proximit\u00e9 d'Avranches.\n- Juge d\u00e9sign\u00e9e par le premier pr\u00e9sident de la Cour d'Appel de Caen :\nMadame Jennifer ZRIBI\u00a0, juge d'instruction au tribunal judiciaire de Coutances.\n- Fonctionnaires d\u00e9sign\u00e9s par le pr\u00e9fet :\nMadame  Clotilde GRANDIN, agent de la sous-pr\u00e9fecture de Coutances, \ntitulaire.\nMadame Lynda HELENE, agent de la sous-pr\u00e9fecture de Coutances, suppl\u00e9ante.\nPr\u00e9fecture de la Manche \u2013 BP 70522 \u2013 50002 SAINT-L\u00d4 \u2013 T\u00e9l. : 02.33.75.49.50 \u2013 M\u00e9l. : prefecture@manche.gouv.fr\nAccueil du public les lundi, mardi, jeudi et vendredi : \nPoint accueil num\u00e9rique de 8h30 \u00e0 12h00 uniquement sur rendez-vous\nAccueil g\u00e9n\u00e9ral ouvert du lundi au vendredi de 8h30 \u00e0 12h00 et de 13h30 \u00e0 16h30\nPr\u00e9fecture de la Manche - 50-2025-09-08-00002 - Arr\u00eat\u00e9 portant composition de la commission d'organisation pour l'\u00e9lection 2025 du\ntribunal de commerce de Coutances 285\nLe  secr\u00e9tariat  de  la  commission  est  assur\u00e9  par  le  greffier  du  tribunal  de  commerce  de \nCoutances.\nArticle 3  \u00a0  :   La commission d'organisation des \u00e9lections est charg\u00e9e de veiller \u00e0 la r\u00e9gularit\u00e9 du  \nscrutin, de recenser les votes et de proclamer les r\u00e9sultats. \nLa pr\u00e9sidente est charg\u00e9e de proclamer publiquement les r\u00e9sultats.\nLa  liste  des  candidats  \u00e9lus  est  \u00e9tablie,  dans  l'ordre  d\u00e9croissant  du  nombre  de  voix \nobtenues par chacun d'entre eux, et est imm\u00e9diatement affich\u00e9e au greffe du tribunal de  \ncommerce.\nLe proc\u00e8s-verbal des op\u00e9rations \u00e9lectorales est dress\u00e9 en trois exemplaires, rev\u00eatus de la \nsignature des membres de la commission. Le premier exemplaire est adress\u00e9 au procureur  \ng\u00e9n\u00e9ral,  le  deuxi\u00e8me  au  pr\u00e9fet  et  le  troisi\u00e8me  est  conserv\u00e9  au  greffe  du  tribunal  de \ncommerce. \nDans un d\u00e9lai de huit jours \u00e0 compter de la proclamation des r\u00e9sultats, tout \u00e9lecteur  \npeut contester la r\u00e9gularit\u00e9 des op\u00e9rations \u00e9lectorales devant le tribunal judiciaire.\nArticle  4  \u00a0  :  La  liste  d'\u00e9margement,  sign\u00e9e  par  la  pr\u00e9sidente  de  la  commission  \u00e9lectorale, \ndemeure  d\u00e9pos\u00e9e  pendant  huit  jours  au  greffe  du  tribunal  de  commerce  o\u00f9  elle  est \ncommuniqu\u00e9e \u00e0 tout \u00e9lecteur requ\u00e9rant.\nArticle 5  \u00a0  :   La commission d'organisation des \u00e9lections a son si\u00e8ge au tribunal de commerce de \nCoutances. Elle se r\u00e9unira sur convocation de sa pr\u00e9sidente.\nArticle 6  \u00a0  :   Madame la secr\u00e9taire g\u00e9n\u00e9rale de la pr\u00e9fecture, la pr\u00e9sidente de  la commission  \nd'organisation des \u00e9lections, le greffier en chef du tribunal de commerce de Coutances sont  \ncharg\u00e9s  de  l'ex\u00e9cution  du  pr\u00e9sent  arr\u00eat\u00e9  dont  une  copie  sera  adress\u00e9e  \u00e0  chacun  de  ses \nmembres.\nSaint-L\u00f4, le 08/09/2025\nPour le pr\u00e9fet,\nLa secr\u00e9taire g\u00e9n\u00e9rale,\nsign\u00e9\nPerrine SERRE\nPr\u00e9fecture de la Manche - 50-2025-09-08-00002 - Arr\u00eat\u00e9 portant composition de la commission d'organisation pour l'\u00e9lection 2025 du\ntribunal de commerce de Coutances 286\nPr\u00e9fecture de la Manche\n50-2025-09-05-00001\nArr\u00eat\u00e9 portant renouvellement de la commission\nlocale des transports publics particuliers de\npersonnes de la Manche\nPr\u00e9fecture de la Manche - 50-2025-09-05-00001 - Arr\u00eat\u00e9 portant renouvellement de la commission locale des transports publics\nparticuliers de personnes de la Manche 287\nExPREFETDE LA MANCHEL'z'berte'Egalit\u00e9Fraternit\u00e9\nARR\u00caTE n\u00b02025/227\nportant renouvellement de la commission locale des\ntransports publics particuliers de personnes de la Manche\nLE PR\u00c9FET DE LA MANCHE\nChevalier de la L\u00e9gion d'honneur\nChevalier de l'ordre national du M\u00e9rite\nVu le code des transports, notamment ses articles L.3121-11-1, L.3122-3, L.3124-11, R.3121-4, R.\n3121-5, D. 3120-21 \u00e0 3120-39 ;\nVu le code du Travail, notamment son article L.2121-1 ;\nVu le code de la consommation, notamment son article L811-1 ;\nVu le code des relations entre le public et l'administration, notamment ses articles R133-1 \u00e0\nR133-15 ;\nVu le code de la s\u00e9curit\u00e9 sociale ;\nVu le code g\u00e9n\u00e9ral des collectivit\u00e9s territoriales ;\nVu le  d\u00e9cret  2004-374  du  29  avril  2004  modifi\u00e9 relatif  aux  pouvoirs  des  pr\u00e9fets,  \u00e0\nl'organisation et \u00e0 l'action des services de l'\u00c9tat dans les r\u00e9gions et les d\u00e9partements ;\nVu le d\u00e9cret du 13 juillet 2023 portant nomination de Monsieur Xavier BRUNETIERE, aux\nfonctions de pr\u00e9fet de la Manche ;\nVu le d\u00e9cret du 10 juillet 2025 portant nomination de Monsieur Fran\u00e7ois LE VERGER, aux\nfonctions de sous-pr\u00e9fet, directeur de cabinet du pr\u00e9fet de la Manche ;\nVu l'arr\u00eat\u00e9 pr\u00e9fectoral n\u00b0 2025-28-VN du 4 ao\u00fbt 2025 donnant d\u00e9l\u00e9gation de signature \u00e0\nMonsieur  Fran\u00e7ois  LE  VERGER,  sous-pr\u00e9fet,  directeur  de  cabinet  de  la  pr\u00e9fecture  de  la\nManche ;\nSur proposition du directeur de cabinet de la pr\u00e9fecture de la Manche,\nA  R  R  \u00ca  T  E\nArticle 1er \u2013 La commission locale des transports publics particuliers de personnes (CLT3P) de\nla Manche est compos\u00e9e comme suit : \n1) Coll\u00e8ge des repr\u00e9sentants de l'\u00c9tat : \n- Monsieur le pr\u00e9fet ou son repr\u00e9sentant ;\n- Monsieur le directeur d\u00e9partemental de la concurrence et de la r\u00e9pression des fraudes ;\n2) Coll\u00e8ge des repr\u00e9sentants des professionnels     :\nPr\u00e9fecture de la Manche \u2013 BP 70522 \u2013 50002 SAINT-L\u00d4 \u2013 T\u00e9l. : 02.33.75.49.50 \u2013 M\u00e9l. : prefecture@manche.gouv.fr\nAccueil du public les lundi, mardi, jeudi et vendredi : \n- Bureau des migrations et de l'int\u00e9gration : uniquement sur rendez-vous\n- point accueil num\u00e9rique de 8h30 \u00e0 12h30 : uniquement sur rendez-vous\nAccueil g\u00e9n\u00e9ral ouvert du lundi au vendredi de 8h30 \u00e0 12h30 et de 14h00 \u00e0 17h00\nPr\u00e9fecture de la Manche - 50-2025-09-05-00001 - Arr\u00eat\u00e9 portant renouvellement de la commission locale des transports publics\nparticuliers de personnes de la Manche 288\n\u00a9\nef\u00ee\\-e*pf._\n- au titre des taxis : \n- le pr\u00e9sident du syndicat d\u00e9partemental des artisans taxis de la Manche (UNT) ou son\nrepr\u00e9sentant\n-  le  pr\u00e9sident  du  syndicat  des  taxis  ind\u00e9pendants  de  la  Manche  (FTI50)  ou  son\nrepr\u00e9sentant ;\n3) Coll\u00e8ge des repr\u00e9sentants des collectivit\u00e9s territoriales :\n- Monsieur Hubert LEFEVRE, maire de Rauville La Bigot, en qualit\u00e9 de titulaire ;\n- Madame Anne HEBERT, maire de March\u00e9sieux, en qualit\u00e9 de titulaire ;\n- Monsieur Olivier PJANIC, maire de Notre Dame de Livoye, en qualit\u00e9 de suppl\u00e9ant ;\n4) coll\u00e8ge des repr\u00e9sentants des usagers et associations de consommateurs :\n- Monsieur le pr\u00e9sident de l'association UFC Que Choisir  ou son repr\u00e9sentant ;\n- Monsieur le pr\u00e9sident de l'association Union D\u00e9partementale des Associations Familiales de\nla Manche ou son repr\u00e9sentant ; \nArticle 2 \u2013 La dur\u00e9e du mandat des membres de la commission locale des transports publics\nparticuliers de personnes est de trois ans.\nArticle 3 \u2013  La commission locale des transports publics particuliers de personnes \u00e9tablit\nchaque ann\u00e9e un rapport rendant compte de son activit\u00e9 et de l'\u00e9volution du secteur des\ntransports publics particuliers de personnes dans son p\u00e9rim\u00e8tre g\u00e9ographique.\nArticle 4 \u2013 La commission locale des transports publics particuliers de personnes peut sur\nd\u00e9cision de son Pr\u00e9sident, et quelle que soit sa formation entendre toute personne dont\nl'audition est de nature \u00e0 \u00e9clairer les d\u00e9lib\u00e9rations.\nArticle 5 \u2013 La commission locale des transports publics particuliers de personnes peut \u00eatre\nsaisie  pour  avis  par  une  autorit\u00e9  organisatrice  de  transport,  de  tout  document  de\nplanification  ayant  un  impact  sur  les  transports  dans  le  ressort  g\u00e9ographique  de  la\ncommission.\nArticle 6 \u2013 L'arr\u00eat\u00e9 du 8 juin 2018 portant cr\u00e9ation de la commission locale des transports\npublics particuliers de personnes de la Manche est abrog\u00e9. \nArticle 7 \u2013 Le directeur de cabinet de la pr\u00e9fecture de la Manche est charg\u00e9 de l'ex\u00e9cution du\npr\u00e9sent  arr\u00eat\u00e9 qui sera  publi\u00e9 au  recueil des  actes  administratifs  de la  pr\u00e9fecture de La\nManche.\nSaint l\u00f4, le 5 septembre 2025\nPour Le Pr\u00e9fet et par d\u00e9l\u00e9gation,\nLe directeur de cabinet,\nsign\u00e9\nFran\u00e7ois LE VERGER\nPr\u00e9fecture de la Manche \u2013 BP 70522 \u2013 50002 SAINT-L\u00d4 \u2013 T\u00e9l. : 02.33.75.49.50 \u2013 M\u00e9l. : prefecture@manche.gouv.fr\nAccueil du public les lundi, mardi, jeudi et vendredi : \n- Bureau des migrations et de l'int\u00e9gration : uniquement sur rendez-vous\n- point accueil num\u00e9rique de 8h30 \u00e0 12h30 : uniquement sur rendez-vous\nAccueil g\u00e9n\u00e9ral ouvert du lundi au vendredi de 8h30 \u00e0 12h30 et de 14h00 \u00e0 17h00\nPr\u00e9fecture de la Manche - 50-2025-09-05-00001 - Arr\u00eat\u00e9 portant renouvellement de la commission locale des transports publics\nparticuliers de personnes de la Manche 289\nPr\u00e9fecture de la Manche\n50-2025-09-04-00007\nArr\u00eat\u00e9 portant renouvellement de la liste des\nm\u00e9decins lib\u00e9raux agr\u00e9\u00e9s, \u00e0 l'effet de contr\u00f4ler, \u00e0\nleur cabinet, l'aptitude physique des candidats\nau permis de conduire et des conducteurs\nPr\u00e9fecture de la Manche - 50-2025-09-04-00007 - Arr\u00eat\u00e9 portant renouvellement de la liste des m\u00e9decins lib\u00e9raux agr\u00e9\u00e9s, \u00e0 l'effet de\ncontr\u00f4ler, \u00e0 leur cabinet, l'aptitude physique des candidats au permis de conduire et des conducteurs 290\nPREFETDE LA MANCHELibert\u00e9Egalit\u00e9Fraternit\u00e9\nA R R E T E\n___________\nportant renouvellement de la liste des m\u00e9decins lib\u00e9raux agr\u00e9\u00e9s,\n\u00e0 l'effet de contr\u00f4ler, \u00e0 leur cabinet,\nl'aptitude physique des candidats au permis de conduire et des conducteurs\nLE PR\u00c9FET DE LA MANCHE\nChevalier de la L\u00e9gion d'Honneur\nChevalier de l'ordre national du M\u00e9rite\nVu le Code de la Route ;\nVU le d\u00e9cret minist\u00e9riel du 17 juillet 2012 modifi\u00e9 relatif au contr\u00f4le m\u00e9dical de l'aptitude\n\u00e0 la conduite ;\nVU l'arr\u00eat\u00e9 minist\u00e9riel du 31 juillet 2012 relatif \u00e0 l'organisation du contr\u00f4le m\u00e9dical de\nl'aptitude \u00e0 la conduite ;\nVu le  d\u00e9cret  2004-374  du  29  avril  2004  modifi\u00e9  relatif  aux  pouvoirs  des  pr\u00e9fets,  \u00e0\nl'organisation et \u00e0 l'action des services de l'\u00c9tat dans les r\u00e9gions et les d\u00e9partements ;\nVu le d\u00e9cret du 13 juillet 2023 portant nomination de Monsieur Xavier BRUNETIERE, aux\nfonctions de pr\u00e9fet de la Manche ;\nVu le d\u00e9cret du 10 juillet 2025 portant nomination de Monsieur Fran\u00e7ois LE VERGER, aux\nfonctions de sous-pr\u00e9fet, directeur de cabinet du pr\u00e9fet de la Manche ;\nVu l'arr\u00eat\u00e9 pr\u00e9fectoral n\u00b0 2025-28-VN du 4 ao\u00fbt 2025 donnant d\u00e9l\u00e9gation de signature \u00e0\nMonsieur Fran\u00e7ois LE VERGER, sous-pr\u00e9fet, directeur de cabinet de la pr\u00e9fecture de la\nManche ;\nSur proposition du directeur de cabinet de la pr\u00e9fecture de la Manche ;\nA R R \u00ca T E\nArticle  1er     :   les  m\u00e9decins  lib\u00e9raux dont  les  noms  suivent,  sont  agr\u00e9\u00e9s  \u00e0  l'effet  de\ncontr\u00f4ler, \u00e0 leur cabinet, l'aptitude physique des candidats au permis de conduire et des\nconducteurs :\nDocteur DAVID Martine 4 Rue du Pont Corbet 50300 MARCEY LES GREVES\nDocteur FAVENNEC Marie 3 place Semard \u2013 50400 GRANVILLE\nDocteur SOLTY St\u00e9phane 4 Boulevard du Luxembourg 50300 AVRANCHES\nBP 70522 \u2013 50002 SAINT-L\u00d4 CEDEX \u2013T\u00e9l : 02.33.75.49.50- M\u00e9l  : prefecture@manche.gouv.fr\nHeures d'accueil du public les lundi, mardi, jeudi et vendredi (bureau des migrations et de l'int\u00e9gration) : de 8h30 \u00e0 12h00\nwww.manche.gouv.fr\nAccueil g\u00e9n\u00e9ral ouvert les lundi, mardi, mercredi, jeudi et vendredi de 8h30 \u00e0 17h00\nPr\u00e9fecture de la Manche - 50-2025-09-04-00007 - Arr\u00eat\u00e9 portant renouvellement de la liste des m\u00e9decins lib\u00e9raux agr\u00e9\u00e9s, \u00e0 l'effet de\ncontr\u00f4ler, \u00e0 leur cabinet, l'aptitude physique des candidats au permis de conduire et des conducteurs 291\nDocteur BEAUMIER Eric 3 rue d'Harcourt \u2013 50200 COUTANCES\nDocteur ENGUEHARD Pascale 5 rue Quesnel Morini\u00e8re \u2013 50200 COUTANCES\nDocteur CODREANU Odina 2A rue des Tanneries Prod'hommes \u2013 50200 \nCOUTANCES\nDocteur DES BOUILLONS \nJ\u00e9r\u00f4me\n97 rue des sycomores \u2013 50000 SAINT LO\nDocteur LEMOINE \u00c9tienne 18 rue St Pierre et Miquelon \u2013 50420 TESSY BOCAGE\nDocteur SCIRE Jean 5 rue de l'Oratoire \u2013 50180 AGNEAUX\nDocteur VIDON Emmanuel 5 rue de l'Oratoire \u2013 50180 AGNEAUX\nDocteur PICOT D\u00e9borah 5 rue de l'Oratoire \u2013 50180 AGNEAUX\nDocteur CHAMPAIN Fr\u00e9d\u00e9ric Maison m\u00e9dicale de Querqueville \u2013 1A rue des Claires \u2013 \n50460 CHERBOURG EN COTENTIN\nDocteur HARDOUIN Philippe Maison m\u00e9dicale \u2013 10 route des ch\u00eanes \u2013 50110 \nBRETTEVILLE EN SAIRE\nDocteur BIGNON Marie-\nEstelle\n13 Bis Route d'Antrain 50240 SAINT JAMES\nDocteur WALA De SAINT \nJORES Odile\n13 Rue Saint Pierre 50300 AVRANCHES\nDocteur LE DOZE Erwan 4 Boulevard du Luxembourg 50300 AVRANCHES\nDocteur MANCEL Fabrice 4 Boulevard du Luxembourg 50300 AVRANCHES\nDocteur CHALOCHE Jean-\nLouis\nLa Haute Maison 50500 SAINT C\u00d4ME DU MONT\nDocteur LECHEVALIER \nFran\u00e7ois\n18 Rue Saint Pierre et Miquelon 50420 TESSY BOCAGE\nDocteur BOUVIER Luc 15 rue de la ma\u00eetrise \u2013 14400 BAYEUX\nDocteur GOSSELIN Philippe 29 avenue du 6 juin \u2013 14000 CAEN\nDocteur JAN Luc 1 rue se le croix D\u00e9silles \u2013 35400 SAINT MALO\nDocteur LERIBAUX Philippe P\u00f4le sant\u00e9 du Collombier \u2013 23 rue Emile Chenel \u2013 14500 \nVIRE\nDocteur ONUFRYK Jean-Pierre Rue de l'\u00e9glise \u2013 14230 LA CAMBE\nArticle 2     : L'agr\u00e9ment est accord\u00e9 pour une dur\u00e9e de 5 ans sous condition de suivi d'une\nformation continue qui devra \u00eatre r\u00e9alis\u00e9e dans le d\u00e9lai d'un an \u00e0 compter de la date du\npr\u00e9sent arr\u00eat\u00e9.\nCet agr\u00e9ment pourra \u00eatre renouvel\u00e9 dans la mesure o\u00f9 les conditions qui ont permis sa\nd\u00e9livrance sont toujours respect\u00e9es. \nPr\u00e9fecture de la Manche - 50-2025-09-04-00007 - Arr\u00eat\u00e9 portant renouvellement de la liste des m\u00e9decins lib\u00e9raux agr\u00e9\u00e9s, \u00e0 l'effet de\ncontr\u00f4ler, \u00e0 leur cabinet, l'aptitude physique des candidats au permis de conduire et des conducteurs 292\nArticle 3     : L'agr\u00e9ment pourra \u00eatre abrog\u00e9 par d\u00e9cision du pr\u00e9fet : \n- en cas de sanctions ordinales sup\u00e9rieur \u00e0 un avertissement,\n- pour un manque de manifeste de comp\u00e9tences,\n- pour tout manquement \u00e0 l'obligation de probit\u00e9, d'honorabilit\u00e9 ou de neutralit\u00e9 dans \nson exercice professionnel,\n- en cas de non-respect de l'obligation de formation continue.\nArticle 4     : Le directeur de cabinet de la pr\u00e9fecture est charg\u00e9 de l'ex\u00e9cution du pr\u00e9sent \narr\u00eat\u00e9 qui sera publi\u00e9 au recueil des actes administratifs. \nA Saint L\u00f4, le 4 septembre 2025\nPour le pr\u00e9fet et par d\u00e9l\u00e9gation,\nLe directeur de cabinet,\n                                                                                sign\u00e9\nFran\u00e7ois LE VERGER\nDESTINATAIRES :\n\u2714 M. le sous-Pr\u00e9fet de Cherbourg\n\u2714 M. le sous-Pr\u00e9fet de Coutances\n\u2714 M. le sous-Pr\u00e9fet d'Avranches\n\u2714 M. le d\u00e9l\u00e9gu\u00e9 territorial d\u00e9partemental de la Manche de l'Agence R\u00e9gionale de Sant\u00e9\n\u2714 Mesdames et Messieurs les m\u00e9decins\nPr\u00e9fecture de la Manche - 50-2025-09-04-00007 - Arr\u00eat\u00e9 portant renouvellement de la liste des m\u00e9decins lib\u00e9raux agr\u00e9\u00e9s, \u00e0 l'effet de\ncontr\u00f4ler, \u00e0 leur cabinet, l'aptitude physique des candidats au permis de conduire et des conducteurs 293\nPr\u00e9fecture de la Manche\n50-2025-09-19-00006\nArr\u00eat\u00e9 portant tarification 2025 de la Mesure\nJudiciaire d'Investigation Educative du service\nd'investigation sp\u00e9cialis\u00e9 de Saint-L\u00f4 g\u00e9r\u00e9 par\nl'Association d\u00e9partementale pour la sauvegarde\ndes enfants \u00e0 l'adulte de la Manche (ADSEAM)\nPr\u00e9fecture de la Manche - 50-2025-09-19-00006 - Arr\u00eat\u00e9 portant tarification 2025 de la Mesure Judiciaire d'Investigation Educative du\nservice d'investigation sp\u00e9cialis\u00e9 de Saint-L\u00f4 g\u00e9r\u00e9 par l'Association d\u00e9partementale pour la sauvegarde des enfants \u00e0 l'adulte de la\nManche (ADSEAM)\n294\nExPR\u00c9FETDE LA MANCHELibert\u00e9Egalit\u00e9Fraternit\u00e9\nDIRECTION INTERREGIONALE\nDE LA PROTECTION JUDICIAIRE\nDE LA JEUNESSE GRAND OUEST\n  \nArr\u00eat\u00e9 portant tarification 2025 de la Mesure Judiciaire d'Investigation \nEducative du service d'investigation sp\u00e9cialis\u00e9 de Saint-L\u00f4 g\u00e9r\u00e9 par l'Association \nd\u00e9partementale pour la sauvegarde des enfants \u00e0 l'adulte de la Manche \n(ADSEAM)\nLe Pr\u00e9fet de la Manche\nChevalier de la L\u00e9gion d'Honneur\nChevalier de l'Ordre National du M\u00e9rite\nVU le code de l'action sociale et des familles, et notamment les articles L312-1, L314-1  \n\u00e0 L314-9 et R314-125 \u00e0 R314-127\u00a0;\nVU le code civil et notamment les articles 375 \u00e0 375-8 relatifs \u00e0 l'assistance \n\u00e9ducative\u00a0;\nVU le code de proc\u00e9dure civile notamment son article 1183\u00a0;\nVU le code de la justice p\u00e9nale des mineurs et notamment ses articles R.241-3 \u00e0 R.241-9\u00a0;\nVU le code des relations entre le public et d'administration, notamment son article  \nL.221-2\u00a0;\nVU le d\u00e9cret du 13 juillet 2023 portant nomination de M. Xavier BRUNETIERE, pr\u00e9fet  \nde la Manche\u00a0;\nVU l'arr\u00eat\u00e9 du Garde des Sceaux, ministre de la justice et des libert\u00e9s en date du 2  \nf\u00e9vrier 2011 portant cr\u00e9ation de la mesure judiciaire d'investigation \u00e9ducative ;\nVU l'arr\u00eat\u00e9  pr\u00e9fectoral  du  30  d\u00e9cembre  2011  autorisant  la  cr\u00e9ation  d'un  service \nd'investigation sp\u00e9cialis\u00e9, sis H\u00f4tel d'Entreprises au bord de L\u00f4 - 709 Promenade des  \nPorts  -  B\u00e2t.  B  -  50000  SAINT  L\u00d4,  g\u00e9r\u00e9  par  l'Association  D\u00e9partementale  pour  la \nSauvegarde de l'Enfant \u00e0 l'Adulte de la Manche\u00a0;\nVu l'arr\u00eat\u00e9 pr\u00e9fectoral du 08 novembre 2024 portant renouvellement d'habilitation  \ndu service de la Mesure Judiciaire d'Investigation Educative du service d'investigation  \nsp\u00e9cialis\u00e9 de Saint-L\u00f4 g\u00e9r\u00e9 par l'Association D\u00e9partementale pour la Sauvegarde de  \nl'Enfant \u00e0 l'Adulte de la Manche\u00a0;\n6, Place des Colombes\nCS 20804 35108 Rennes Cedex 3\nPr\u00e9fecture de la Manche - 50-2025-09-19-00006 - Arr\u00eat\u00e9 portant tarification 2025 de la Mesure Judiciaire d'Investigation Educative du\nservice d'investigation sp\u00e9cialis\u00e9 de Saint-L\u00f4 g\u00e9r\u00e9 par l'Association d\u00e9partementale pour la sauvegarde des enfants \u00e0 l'adulte de la\nManche (ADSEAM)\n295\n2\nVU le courriel re\u00e7u le 22 novembre 2024 par lequel la personne ayant qualit\u00e9 pour  \nrepr\u00e9senter  le  service  d'investigation  sp\u00e9cialis\u00e9  a  adress\u00e9  ses  propositions  \nbudg\u00e9taires et leurs annexes pour l'exercice 2025\u00a0;\nVU la  proposition  de  tarification  de  la  direction  interr\u00e9gionale  de  la  protection \njudiciaire de la jeunesse Grand Ouest en date du 01 ao\u00fbt 2025 ;\nVU  les autres pi\u00e8ces du dossier\u00a0;\nSUR PROPOSITION de  Madame  la  directrice  interr\u00e9gionale  par  int\u00e9rim  de  la \nprotection judiciaire de la jeunesse du Grand Ouest\u00a0;\nARRETE\nArticle 1er :\nPour  l'exercice  budg\u00e9taire  2025,  les  recettes  et  les  d\u00e9penses  pr\u00e9visionnelles  du \nservice d'investigation sp\u00e9cialis\u00e9, sis B\u00e2timent EQUINOX \u2013 586 rue de l'Exode - 50000  \nSAINT-L\u00d4 g\u00e9r\u00e9 par l'ADSEAM sont arr\u00eat\u00e9es comme suit\u00a0:\nGroupes fonctionnels Montants Total\nD\u00e9penses\nGroupe 1\u00a0:\nD\u00e9penses aff\u00e9rentes \u00e0 l'exploitation courante 18\u00a0890,00 \u20ac\n564 110,00 \u20acGroupe 2 :\nD\u00e9penses aff\u00e9rentes au personnel 438 702,00 \u20ac\nGroupe 3 :\nD\u00e9penses aff\u00e9rentes \u00e0 la structure   106 518,00 \u20ac\nRecettes\nGroupe 1 :\nProduits de la tarification 505 626,67 \u20ac\n564 110,00 \u20ac\nGroupe 2 :\nAutres produits relatifs \u00e0 l'exploitation 0,00 \u20ac\nGroupe 3 :\nProduits financiers et produits non encaissables   16 150,00 \u20ac\nAffectation du r\u00e9sultat exc\u00e9dentaire 2023   40 000,00 \u20ac\nReprise sur r\u00e9serve de compensation des charges \nd'amortissements 2\u00a0333,33 \u20ac\nArticle 2 :\nPour  l'exercice  budg\u00e9taire  2025  le  prix  par  jeune  de  la  mesure  judiciaire  \nd'investigation \u00e9ducative est fix\u00e9 \u00e0\u00a02\u00a0889,30 \u20ac pour une activit\u00e9 pr\u00e9visionnelle de 175  \njeunes pour l'ann\u00e9e (soit 505 626,67 \u20ac / 175 jeunes).\nLes paiements se feront de la mani\u00e8re suivante\u00a0:\n- 2\u00a0840,80 euros du 1er\n janvier au 30 ao\u00fbt 2025, pour 103 jeunes\u00a0;\n-\u00a02 958,67 euros du 1er\n septembre au 31 d\u00e9cembre 2025, pour 72 jeunes.\nPr\u00e9fecture de la Manche - 50-2025-09-19-00006 - Arr\u00eat\u00e9 portant tarification 2025 de la Mesure Judiciaire d'Investigation Educative du\nservice d'investigation sp\u00e9cialis\u00e9 de Saint-L\u00f4 g\u00e9r\u00e9 par l'Association d\u00e9partementale pour la sauvegarde des enfants \u00e0 l'adulte de la\nManche (ADSEAM)\n296\n3\nA compter du 1er\n janvier 2026 et jusqu'\u00e0 notification du nouvel arr\u00eat\u00e9 de tarification,  \nil sera appliqu\u00e9 le prix de l'acte 2025 de 2\u00a0889,30 \u20ac.\nArticle 3 :\nLe tarif mentionn\u00e9 \u00e0 l'article 2 est calcul\u00e9 en int\u00e9grant la reprise d'une partie du  \nr\u00e9sultat  exc\u00e9dentaire  2023  (40  000,00  \u20ac)  et  d'une  reprise  sur  la  r\u00e9serve  de \ncompensation des charges d'amortissement (2\u00a0333,33 \u20ac).\nArticle 4 :\nConform\u00e9ment \u00e0 l'article R314-36 du code de l'action sociale et des familles, le  \npr\u00e9sent  arr\u00eat\u00e9  est  publi\u00e9  au  recueil  des  actes  administratifs  de  la  pr\u00e9fecture  et \nnotifi\u00e9 au service concern\u00e9.\nArticle 5 :\nLes recours dirig\u00e9s contre le pr\u00e9sent arr\u00eat\u00e9 doivent \u00eatre port\u00e9s devant le tribunal  \ninterr\u00e9gional de la tarification sanitaire et sociale sis Cour administrative d'appel de  \nNantes 2 place de l'Edit de Nantes BP 18529 44 \u00a0185 Nantes Cedex 4, dans le d\u00e9lai  \nd'un mois \u00e0 compter de sa publication ou, pour les personnes auquel il sera notifi\u00e9, \u00e0  \ncompter de sa notification.\nArticle 6 :\nLa secr\u00e9taire g\u00e9n\u00e9ral de la pr\u00e9fecture et la directrice interr\u00e9gionale par int\u00e9rim de la  \nprotection judiciaire de la jeunesse du Grand Ouest sont charg\u00e9s, chacun en ce qui le \nconcerne, de l'ex\u00e9cution du pr\u00e9sent arr\u00eat\u00e9 qui entrera en vigueur \u00e0 compter de sa  \npublication au recueil des actes administratifs.\nSaint-L\u00f4, le 19 septembre 2025\nLe Pr\u00e9fet,\nSign\u00e9\nXavier BRUNETIERE\nDans un d\u00e9lai de deux mois \u00e0 compter de la date de la notification ou de la publication du pr\u00e9sent  \narr\u00eat\u00e9 au recueil des actes administratifs de la pr\u00e9fecture, les recours suivants peuvent \u00eatre introduits  \nconform\u00e9ment aux dispositions des articles R. 421-1 et suivants du code de justice administrative\u00a0:\n- un recours gracieux, adress\u00e9 \u00e0 M. le pr\u00e9fet de la Manche, place de la Pr\u00e9fecture, BP 70522, 50002  \nSAINT-LO Cedex\u00a0;\n- un recours hi\u00e9rarchique, adress\u00e9 \u00e0 M. le ministre de l'Int\u00e9rieur, place Beauveau, 75008 PARIS.\nDans les deux cas, le silence de l'administration vaut rejet implicite au terme d'un d\u00e9lai de deux mois.\nApr\u00e8s un recours gracieux ou hi\u00e9rarchique, le d\u00e9lai du recours contentieux ne court qu'\u00e0 compter du  \nrejet explicite ou implicite de l'un de ces recours\u00a0;\n- un recours contentieux, en saisissant le tribunal administratif de Caen, 3 rue Arthur Leduc, BP 25086,  \n14050 CAEN Cedex 4. Le tribunal administratif peut \u00e9galement \u00eatre saisi par l'application informatique  \n\u00ab\u00a0T\u00e9l\u00e9recours citoyen\u00a0\u00bb, accessible par le site internet www.telerecours.fr\nPr\u00e9fecture de la Manche - 50-2025-09-19-00006 - Arr\u00eat\u00e9 portant tarification 2025 de la Mesure Judiciaire d'Investigation Educative du\nservice d'investigation sp\u00e9cialis\u00e9 de Saint-L\u00f4 g\u00e9r\u00e9 par l'Association d\u00e9partementale pour la sauvegarde des enfants \u00e0 l'adulte de la\nManche (ADSEAM)\n297\nPr\u00e9fecture de la Manche\n50-2025-09-04-00006\nArr\u00eat\u00e9 pr\u00e9fectoral n\u00b02025-08 du 4 septembre\n2025 portant modification des statuts du\nsyndicat de la Vire\nPr\u00e9fecture de la Manche - 50-2025-09-04-00006 - Arr\u00eat\u00e9 pr\u00e9fectoral n\u00b02025-08 du 4 septembre 2025 portant modification des statuts\ndu syndicat de la Vire 298\nExPREFETDE LA MANCHELibert\u00e9Egalit\u00e9Fraternit\u00e9\nSECR\u00c9TARIAT G\u00c9N\u00c9RAL\nDirection des collectivit\u00e9s de la citoyennet\u00e9 et de la l\u00e9galit\u00e9\nBureau des collectivit\u00e9s locales \nAffaire suivie par\u00a0: \nMme Ludivine MAUGER\nl  udivine.mauger  @  manche.gouv.fr  \nR\u00e9f.\u00a0: 2025-08-LM\nArr\u00eat\u00e9 du 4 septembre 2025 portant modification des statuts \ndu syndicat de la Vire\nLE PR\u00c9FET DE LA MANCHE, \nChevalier de la L\u00e9gion d'Honneur,\nChevalier de l'Ordre National du M\u00e9rite, \nVU le code g\u00e9n\u00e9ral des collectivit\u00e9s territoriales et notamment les articles L. 5211-20\u00a0;\nVU l'arr\u00eat\u00e9 pr\u00e9fectoral modifi\u00e9 n\u00b003-852 du 3 juin 2003 autorisant la cr\u00e9ation du syndicat  \npour le d\u00e9veloppement du Saint-Lois ;\nVU l'arr\u00eat\u00e9  pr\u00e9fectoral  modifi\u00e9  n\u00b014-170-VL  du  14  novembre  2014  autorisant  la \nmodification des statuts du syndicat mixte pour le d\u00e9veloppement du Saint-Lois, qui  \nprend notamment la d\u00e9nomination de \u00ab\u00a0syndicat de la Vire et du Saint-Lois\u00a0\u00bb ;\nVU l'arr\u00eat\u00e9  pr\u00e9fectoral  n\u00b016-076-VL  du  22  juillet  2016  cr\u00e9ant  la  commune  nouvelle  de \nCarentan-les-Marais,  en  lieu  et  place  des  communes  historiques  de  Carentan-les-\nMarais, Br\u00e9vands, Saint-Pellerin et les Veys\u00a0; \nVU l'arr\u00eat\u00e9 pr\u00e9fectoral du 8 septembre 2016 cr\u00e9ant la commune nouvelle de Isigny-sur-\nMer, en lieu et place des communes historiques de Castilly, Isigny-sur-Mer, Neuilly-la-\nFor\u00eat, Oubeaux et Vouilly\u00a0; \nVU l'arr\u00eat\u00e9  pr\u00e9fectoral  n\u00b016-110-VL  du  3  octobre  2016  cr\u00e9ant  la  communaut\u00e9  \nd'agglom\u00e9ration Saint-L\u00f4 Agglo issue de la fusion de la communaut\u00e9 d'agglom\u00e9ration  \nSaint-L\u00f4 Agglo et de la communaut\u00e9 de communes de Canisy\u00a0; \nVU l'arr\u00eat\u00e9  pr\u00e9fectoral  modifi\u00e9  n\u00b016-136-VL  du  21  d\u00e9cembre  2016  autorisant  la \nmodification  des  statuts  du  \u00ab\u00a0syndicat  de  la  Vire  et  du  Saint-Lois\u00a0\u00bb  qui  prend \nnotamment la d\u00e9nomination du \u00ab\u00a0syndicat de la Vire\u00a0\u00bb\u00a0; \n.../...\nPr\u00e9fecture de la Manche \u2013 BP 70522 \u2013 50002 SAINT-L\u00d4 \u2013 T\u00e9l. : 02.33.75.49.50 \u2013 M\u00e9l. : prefecture@manche.gouv.fr\nAccueil du public les lundi, mardi, jeudi et vendredi : \n- point accueil num\u00e9rique de 8h30 \u00e0 12h30 uniquement sur rendez-vous\nAccueil g\u00e9n\u00e9ral ouvert du lundi au vendredi de 8h30 \u00e0 12h00 et de 13h30 \u00e0 16h30\nPr\u00e9fecture de la Manche - 50-2025-09-04-00006 - Arr\u00eat\u00e9 pr\u00e9fectoral n\u00b02025-08 du 4 septembre 2025 portant modification des statuts\ndu syndicat de la Vire 299\nVU l'arr\u00eat\u00e9  pr\u00e9fectoral  n\u00b02018-04-CM  du  6  d\u00e9cembre  2018  portant  cr\u00e9ation  de  la \ncommune nouvelle de Carentan-les-Marais, en lieu et place des communes historiques  \nde  Carentan-les-Marais,  Vierville,  Catz,  Saint-Hilaire-Petitville,  Brucheville,  et  \nMontmartin-en-Graignes\u00a0; \nVU l'arr\u00eat\u00e9 pr\u00e9fectoral du 15 mai 2023 portant modification des statuts du syndicat de la  \nVire, notamment son article 5\u00a0; \nVU la d\u00e9lib\u00e9ration n\u00b0 2025/01 du 22 janvier 2025 du comit\u00e9 syndical du 21 janvier 2025 du  \nsyndicat de la Vire acceptant \u00e0 l'unanimit\u00e9, le projet de modification des statuts du  \nsyndicat de la Vire\u00a0;\nVU les d\u00e9lib\u00e9rations concordantes des membres du syndicat de la Vire favorables \u00e0 la  \nmodification statutaire propos\u00e9e\u00a0;\nCONSID\u00c9RANT que les conditions de majorit\u00e9 requise sont remplies\u00a0; \n- A R R \u00ca T E -\nArticle  1er  \u2013  Est  autoris\u00e9e  la  modification  statutaire  de  l'article  5  portant  sur  le \nchangement d'adresse du si\u00e8ge social du syndicat de la Vire\u00a0: \n\u00ab\u00a0Le si\u00e8ge du syndicat est domicili\u00e9 au 70 rue du Neufbourg \u00e0 Saint-L\u00f4\u00a0\u00bb.\nArticle 2 \u2013 Les statuts modifi\u00e9s sont annex\u00e9s au pr\u00e9sent arr\u00eat\u00e9. \nArticle  3 \u2013  Le  pr\u00e9sent  arr\u00eat\u00e9  peut  \u00eatre  contest\u00e9  devant  la  juridiction  administrative \n(tribunal administratif de Caen) dans le d\u00e9lai de deux mois suivant sa publication.\nArticle 4  \u2013 La secr\u00e9taire g\u00e9n\u00e9rale de la pr\u00e9fecture, le pr\u00e9sident du Syndicat de la Vire, le  \npr\u00e9sident  de  la  communaut\u00e9  d'agglom\u00e9ration  \u00ab\u00a0Saint-L\u00f4  Agglo\u00a0\u00bb  et  les  maires  des \ncommunes concern\u00e9es sont charg\u00e9s, chacun en ce qui le concerne, de l'ex\u00e9cution du  \npr\u00e9sent arr\u00eat\u00e9 qui sera ins\u00e9r\u00e9 au recueil des actes administratifs de la pr\u00e9fecture et dont  \nune copie sera adress\u00e9e aux int\u00e9ress\u00e9s.\nSaint-L\u00f4, le 4 septembre 2025\nPour le pr\u00e9fet et par d\u00e9l\u00e9gation,\nLa secr\u00e9taire g\u00e9n\u00e9rale\nSIGNE\nPerrine SERRE\nPr\u00e9fecture de la Manche \u2013 BP 70522 \u2013 50002 SAINT-L\u00d4 \u2013 T\u00e9l. : 02.33.75.49.50 \u2013 M\u00e9l. : prefecture@manche.gouv.fr\nAccueil du public les lundi, mardi, jeudi et vendredi : \n- point accueil num\u00e9rique de 8h30 \u00e0 12h30 uniquement sur rendez-vous\nAccueil g\u00e9n\u00e9ral ouvert du lundi au vendredi de 8h30 \u00e0 12h00 et de 13h30 \u00e0 16h30\nPr\u00e9fecture de la Manche - 50-2025-09-04-00006 - Arr\u00eat\u00e9 pr\u00e9fectoral n\u00b02025-08 du 4 septembre 2025 portant modification des statuts\ndu syndicat de la Vire 300\nSTATUTS DU SYNDICAT MIXTE DE LA VIRE \nARTICLE 1     \u2013 D\u00c9NOMINATION DU SYNDICAT   \nLe Syndicat a pour d\u00e9nomination :\n\"SYNDICAT DE LA VIRE \u00bb\nARTICLE 2 - COMPOSITION DU SYNDICAT  \n- la Communaut\u00e9 d'agglom\u00e9ration Saint-L\u00f4 Agglo,\n- les communes de :\n- Carentan-les-Marais, pour les communes historiques de Les Veys et de Montmartin-en-Graignes,\n- Isigny-sur-Mer pour les communes historiques d'Isigny-sur-Mer et de Neuilly-la-For\u00eat.\nARTICLE 3     \u2013 P\u00c9RIM\u00c8TRE DU SYNDICAT  \nLe Syndicat intervient dans les limites du p\u00e9rim\u00e8tre des collectivit\u00e9s membres.\nARTICLE 4     \u2013 OBJET DU SYNDICAT  \nLe Syndicat a pour objet :\n1/ La gestion du domaine public fluvial de la Vire et du canal Vire-Taute\nPour cela il devra notamment :\n- Assurer le bon \u00e9coulement des eaux par des travaux d'entretien l\u00e9gers et r\u00e9guliers afin de ne \npas aggraver les inondations :\n- accompagner le fonctionnement naturel du cours d'eau et surveiller la formation d'emb\u00e2cles.\n- \u00e9liminer les emb\u00e2cles divers, \n- supprimer les atterrissements s'ils g\u00eanent l'\u00e9coulement des eaux, \n- entretenir la v\u00e9g\u00e9tation par rec\u00e9page r\u00e9gulier et enl\u00e8vement d'arbres et de souches g\u00eanant \nl'\u00e9coulement des eaux \u2013 un entretien raisonn\u00e9 est n\u00e9cessaire pour \u00e9viter la destruction des \nmilieux,\n- s'assurer que les ouvrages ne repr\u00e9sentent aucune entrave au bon \u00e9coulement\n- sur les d\u00e9pendances, assurer un entretien pr\u00e9venant les nuisances \u00e0 autrui (ex : fauchage \ndes chardons),\n-  lutter contre les plantes invasives.\nNota : un cours d'eau est susceptible de se d\u00e9placer naturellement, il n'y a pas lieu de veiller au \nmaintien des rives. En cas de risque pour l'int\u00e9grit\u00e9 des ouvrages situ\u00e9s sur les berges, il  \nappartient au propri\u00e9taire des ouvrages de prendre les dispositions qui s'imposent.\n- Assurer les \u00e9tudes et travaux d'am\u00e9nagement du domaine public fluvial, pour favoriser la  \ncontinuit\u00e9 \u00e9cologique et l'atteinte du bon \u00e9tat, en pr\u00e9servant la p\u00e9rennit\u00e9 des activit\u00e9s  \n\u00e9conomiques,\n- En r\u00e9alisant notamment les \u00e9tudes et travaux d'\u00e9quipement permettant de concilier les \nactivit\u00e9s d'\u00e9levage avec l'exp\u00e9rimentation d'ouverture des vantelles des portes \u00e0 flot,\n- Assurer les conditions de s\u00e9curit\u00e9 des usagers du domaine d\u00e8s lors qu'il est affect\u00e9 \u00e0 l'usage \npublic,\n1\nPr\u00e9fecture de la Manche - 50-2025-09-04-00006 - Arr\u00eat\u00e9 pr\u00e9fectoral n\u00b02025-08 du 4 septembre 2025 portant modification des statuts\ndu syndicat de la Vire 301\n- Assurer la police de conservation du domaine\n- Prise d'arr\u00eat\u00e9 pour pr\u00e9server l'int\u00e9grit\u00e9 du domaine,\n- D\u00e9livrance d'autorisation d'occupation du domaine,\n- Possibilit\u00e9 de constater les infractions et d'agir en justice.\nNota : l'Etat conserve la police de l'eau, la police relative \u00e0 l'utilisation de l'\u00e9nergie hydraulique, la \npolice de la navigation et la police de la p\u00eache ou de la chasse.\nLa police g\u00e9n\u00e9rale du maintien de l'ordre public reste exerc\u00e9e par les maires, notamment au  \nregard de la salubrit\u00e9, la s\u00e9curit\u00e9 des biens et des personnes.\n2/ L'animation et la concertation dans le domaine de la gestion et de la protection de la ressource en eau \net des milieux aquatiques sur le bassin de la Vire, \nEn assurant notamment le secr\u00e9tariat, l'animation et les \u00e9tudes et analyses n\u00e9cessaires \u00e0 la r\u00e9vision du \nSAGE de la Vire et au suivi de sa mise en \u0153uvre.\n3/ La participation aux financements des travaux d'entretien du chemin du Halage.\nARTICLE 5 : SI\u00c8GE  \nLe si\u00e8ge du syndicat est fix\u00e9 : 70 rue du Neufbourg \u00e0 SAINT-L\u00d4.\nARTICLE 6 : COMPTABILIT\u00c9  \nLe receveur du syndicat est le Tr\u00e9sorier Principal de SAINT-L\u00d4/CANISY.\nARTICLE 7 : COMIT\u00c9 SYNDICAL  \n7.1 Repr\u00e9sentation statutaire\nLa repr\u00e9sentation statutaire est fix\u00e9e comme suit :\n- EPCI > 60 000 habitants : 11 d\u00e9l\u00e9gu\u00e9s,\n- Commune de Carentan-les-Marais pour les communes historique de Les Veys et de Montmartin-en-\nGraignes : 2 d\u00e9l\u00e9gu\u00e9s,\n- Commune d'Isigny-sur-Mer pour les communes historiques d'Isigny-sur-Mer et de Neuilly-la-For\u00eat : 2 \nd\u00e9l\u00e9gu\u00e9s\n7.2 Quorum\nLe comit\u00e9 syndical n'est r\u00e9uni valablement pour prendre des d\u00e9cisions que si le quorum correspondant \u00e0 la \nmoiti\u00e9 simple des d\u00e9l\u00e9gu\u00e9s syndicaux est atteint. Les d\u00e9cisions sont adopt\u00e9es \u00e0 la majorit\u00e9 simple des voix \nexprim\u00e9es, sauf dispositions contraires pr\u00e9cis\u00e9es.\nLe quorum s'appr\u00e9cie au vu de la pr\u00e9sence physique des repr\u00e9sentants au comit\u00e9 syndical.\n7.3 Attributions du Comit\u00e9 syndical\nLe comit\u00e9 syndical se r\u00e9unit au moins une fois par trimestre, sur convocation de son Pr\u00e9sident.\nLe Comit\u00e9 Syndical peut d\u00e9l\u00e9guer au Bureau l'ensemble de ses attributions \u00e0 l'exception des comp\u00e9tences \nsuivantes :\n\uf077vote du budget et approbation des comptes administratifs et des comptes de gestion ;\n\uf077modification des conditions initiales de fonctionnement ou de dur\u00e9e du Syndicat, ainsi que l'extension de  \nses attributions, admissions ou retrait de commune ou de communaut\u00e9 de communes, et d'une fa\u00e7on  \ng\u00e9n\u00e9rale toute modification de statut, adh\u00e9sion du Syndicat \u00e0 un autre \u00e9tablissement public (Loi n\u00b0 99-586 \ndu 12 juillet 1999) ;\n\uf077approbation du r\u00e8glement int\u00e9rieur.\n2\nPr\u00e9fecture de la Manche - 50-2025-09-04-00006 - Arr\u00eat\u00e9 pr\u00e9fectoral n\u00b02025-08 du 4 septembre 2025 portant modification des statuts\ndu syndicat de la Vire 302\nA l'ouverture de chaque session ordinaire du Comit\u00e9 Syndical, le Pr\u00e9sident rend compte des travaux du Bureau.\nARTICLE 8 : BUREAU   \n8.1 Composition\nLe bureau est compos\u00e9 de 7 membres \u00e9lus par le comit\u00e9 syndical.\nLes membres du bureau \u00e9lisent \u00e0 leur tour :\n- 1 pr\u00e9sident\n- 2 vice-pr\u00e9sidents maximum \n8.2 Quorum\nChaque membre du Bureau est d\u00e9tenteur d'une seule voix.\nLes r\u00e8gles de quorum sont identiques \u00e0 celles du comit\u00e9 syndical.\n8.3 Attributions du Bureau\nLe Bureau assure la gestion et l'administration du Syndicat en fonction des d\u00e9l\u00e9gations qu'il a re\u00e7ues du comit\u00e9 \nsyndical. En dehors de ces d\u00e9l\u00e9gations, le Bureau est un lieu de pr\u00e9paration des d\u00e9cisions du comit\u00e9 syndical.\nARTICLE 9 : BUDGET DU SYNDICAT MIXTE  \nLe  Syndicat  de  la  Vire  pourvoit  sur  son  budget  aux  d\u00e9penses  de  fonctionnement  et  d'investissement \nn\u00e9cessaires \u00e0 l'exercice des comp\u00e9tences correspondant \u00e0 son objet.\nLes  ressources  non  affect\u00e9es  per\u00e7ues  par  le  Syndicat  de  la  Vire  permettent  \u00e0  celui-ci  de  pourvoir  au \nfinancement des charges des services fonctionnels du Syndicat.\nLes recettes du budget du Syndicat comprennent celles pr\u00e9vues \u00e0 l'article L. 5212-19 du CGCT, notamment :\n\uf077Les contributions des membres adh\u00e9rents au Syndicat mixte ;\n\uf077Les subventions obtenues ;\n\uf077Le produit des taxes, redevances et tarifs correspondant aux services assur\u00e9s par le Syndicat mixte ;\n\uf077La DGD li\u00e9e au transfert de la Vire ;\n\uf077Le produit des emprunts ;\n\uf077Le produit des dons et legs ;\n\uf077Le revenu des biens meubles ou immeubles du Syndicat ;\nEt d'une fa\u00e7on g\u00e9n\u00e9rale, de toutes ressources pr\u00e9vues par le code g\u00e9n\u00e9ral des collectivit\u00e9s.\nEn application de l'alin\u00e9a I de l'article L211-7 du code de l'environnement, le Syndicat peut d\u00e9cider d'utiliser les \narticles L. 151-36 \u00e0 L. 151-40 du code rural et de la p\u00eache maritime pour faire participer pour tout ou partie de  \nces d\u00e9penses les personnes physiques ou morales qui trouvent un int\u00e9r\u00eat aux travaux ou les ont rendus  \nn\u00e9cessaires.\nLes d\u00e9penses du syndicat relatives \u00e0 la gestion du domaine public fluvial et \u00e0 l'animation seront financ\u00e9es au \nprorata du nombre d'habitants  (populations totales INSEE la plus r\u00e9cente, actualis\u00e9es si besoin selon les  \nmodalit\u00e9s d\u00e9finies par d\u00e9lib\u00e9ration du comit\u00e9 syndical). \nLes projets sp\u00e9cifiques feront l'objet d'une contribution des membres d\u00e9finie, au cas par cas, par d\u00e9lib\u00e9ration du \ncomit\u00e9 syndical.\nARTICLE 10 : DUR\u00c9E  \nLe syndicat mixte est constitu\u00e9 pour une dur\u00e9e illimit\u00e9e.\n3\nPr\u00e9fecture de la Manche - 50-2025-09-04-00006 - Arr\u00eat\u00e9 pr\u00e9fectoral n\u00b02025-08 du 4 septembre 2025 portant modification des statuts\ndu syndicat de la Vire 303\nARTICLE 11 : DISSOLUTION  \nSeront applicables les dispositions l\u00e9gales pr\u00e9vues aux articles L 5212-33 et suivants du Code G\u00e9n\u00e9ral des  \nCollectivit\u00e9s Territoriales.\nARTICLE 12 : RETRAIT  \nSeront applicables les dispositions l\u00e9gales pr\u00e9vues aux articles L5211-25-1 et suivants du Code G\u00e9n\u00e9ral des  \nCollectivit\u00e9s Territoriales.\n4\nPr\u00e9fecture de la Manche - 50-2025-09-04-00006 - Arr\u00eat\u00e9 pr\u00e9fectoral n\u00b02025-08 du 4 septembre 2025 portant modification des statuts\ndu syndicat de la Vire 304\nPr\u00e9fecture de la Manche\n50-2025-09-15-00001\nArr\u00eat\u00e9 pr\u00e9fectoral portant d\u00e9claration d'utilit\u00e9\npublique le projet d'acquisition de la propri\u00e9t\u00e9\nsise 6 rue de l'\u00c9glise\nPr\u00e9fecture de la Manche - 50-2025-09-15-00001 - Arr\u00eat\u00e9 pr\u00e9fectoral portant d\u00e9claration d'utilit\u00e9 publique le projet d'acquisition de la\npropri\u00e9t\u00e9 sise 6 rue de l'\u00c9glise 305\nExPR\u00c9FETDE LA MANCHEL'z'bert\u00e9Egalit\u00e9Fraternit\u00e9\nSECR\u00c9TARIAT G\u00c9N\u00c9RAL\nService de la coordination des politiques publiques\net de l'appui territorial\nBureau de l'environnement et de la concertation publique\nArr\u00eat\u00e9 n\u00b025-176-VM\nARR\u00caTE PR\u00c9FECTORAL\nPortant d\u00e9claration d'utilit\u00e9 publique le projet d'acquisition de la propri\u00e9t\u00e9 sise 6 rue de l'\u00c9glise\nsur la commune de Brouains et d\u00e9clarant cessible la parcelle cadastr\u00e9e ZC n\u00b024\ncorrespondante\nLe Pr\u00e9fet de la Manche\nChevalier de la L\u00e9gion d'honneur\nChevalier de l'ordre national du M\u00e9rite\nVu le code g\u00e9n\u00e9ral des collectivit\u00e9s territoriales et notamment ses articles L. 2243-1 \u00e0 L. 2243-4 ;\nVu le code de l'expropriation pour cause d'utilit\u00e9 publique ;\nVu le proc\u00e8s-verbal provisoire du 3 octobre 2022 constatant l'abandon manifeste de la parcelle\nZC n\u00b024, sise 6 rue de l'\u00c9glise sur la commune de B rouains et pr\u00e9sentant les travaux\nn\u00e9cessaires pour rem\u00e9dier aux d\u00e9sordres ;\nVu la notification du proc\u00e8s-verbal provisoire en date du 10 octobre 2022 \u00e0 M. Charles \u00c9douard\nDE RAMAIX ;\nVu  la publication du proc\u00e8s-verbal provisoire sur le s ite internet de la commune de Brouains\ndepuis le 10 octobre 2022 ;\nVu  la publication du proc\u00e8s-verbal provisoire dans le journal \u00ab La Gazette de la Manche \u00bb en\ndate du 12 octobre 2022 ;\nVu la publication du proc\u00e8s-verbal provisoire dans le journal \u00ab La Manche Libre \u00bb en date du 22\noctobre 2022 ;\nVu le certificat du maire de Brouains attestant l'affi chage du proc\u00e8s-verbal provisoire pendant\nune dur\u00e9e de 3 mois \u00e0 compter du 10 octobre 2022 en mairie de Brouains et sur le terrain\nconcern\u00e9 ;\nVu  le proc\u00e8s-verbal d\u00e9finitif du 30 juin 2023 constata nt l'\u00e9tat d'abandon manifeste de la\nparcelle cadastr\u00e9e ZC n\u00b024 situ\u00e9e sur la commune de Brouains et tenu \u00e0 la disposition du\npublic ;\nVu l'avis du service des domaines du 11 mars 2024 d\u00e9te rminant la valeur v\u00e9nale de la parcelle\nconcern\u00e9e ;\n Vu la d\u00e9lib\u00e9ration du conseil municipal de Brouains en date du 2 septembre 2024 d\u00e9clarant la\nparcelle ZC n\u00b024 en \u00e9tat d'abandon manifeste et d\u00e9c idant la poursuite de la proc\u00e9dure\nd'expropriation au profit de la commune en vue de l a de la r\u00e9habilitation de l'immeuble\net de la cr\u00e9ation d'une aire de stationnement et d' un espace vert d'acc\u00e8s libre \u00e0 la\npopulation ;\nVu  le dossier pr\u00e9sentant le projet simplifi\u00e9 d'acquisi tion publique comprenant l'\u00e9valuation\nsommaire de son co\u00fbt, mis \u00e0 la disposition du publi c du 23 juin 2025 au 21 juillet 2025 en\nmairie de Brouains, qui n'a recueilli aucune observation ;\nPr\u00e9fecture de la Manche \u2013 BP 70522 \u2013 50002 SAINT-L\u00d4 \u2013 T\u00e9l. : 02.33.75.49.50 \u2013 M\u00e9l. : prefecture@manche.gouv.fr\nAccueil du public les lundi, mardi, jeudi et vendredi : \n- Bureau des migrations et de l'int\u00e9gration : uniquement sur rendez-vous\n- point accueil num\u00e9rique de 8h30 \u00e0 12h30 uniquement sur rendez-vous\n             Accueil g\u00e9n\u00e9ral ouvert du lundi au vendredi de 8h30 \u00e0 12h00 et de 13h30 \u00e0 16h30\nPr\u00e9fecture de la Manche - 50-2025-09-15-00001 - Arr\u00eat\u00e9 pr\u00e9fectoral portant d\u00e9claration d'utilit\u00e9 publique le projet d'acquisition de la\npropri\u00e9t\u00e9 sise 6 rue de l'\u00c9glise 306\nConsid\u00e9rant ce qui suit :\n\u2013 la parcelle ZC n\u00b024 situ\u00e9e 6 rue de l'\u00c9glise sur la commune de Brouains a fait l'objet d'une\nd\u00e9claration d'\u00e9tat d'abandon manifeste ;\n\u2013 les formalit\u00e9s prescrites par l'article L. 2243-4 du code g\u00e9n\u00e9ral des collectivit\u00e9s territoriales ont\n\u00e9t\u00e9 accomplies ;\nSur proposition de la Secr\u00e9taire g\u00e9n\u00e9rale de la pr\u00e9fecture ;\nA R R \u00ca T E\nArticle 1 : Est d\u00e9clar\u00e9 d'utilit\u00e9 publique le projet d'acquis ition de la parcelle cadastr\u00e9e ZC n\u00b024\nsitu\u00e9e 6 rue de l'\u00c9glise sur la commune de Brouains , appartenant \u00e0 M. Charles \u00c9douard DE\nRAMAIX, afin de rem\u00e9dier aux d\u00e9sordres constat\u00e9s et d'y construire un parking de deux places\net d'un espace de loisirs \u00e0 destinations des enfants et adultes.\nArticle 2 : Est d\u00e9clar\u00e9e cessible, conform\u00e9ment au plan et \u00e0 l'\u00e9tat parcellaire annex\u00e9 au pr\u00e9sent\narr\u00eat\u00e9, la parcelle cadastr\u00e9e ZC n\u00b024 sur la commun e de Brouains, appartenant \u00e0 M. Charles\n\u00c9douard DE RAMAIX.\nArticle 3\n : L'expropriation est poursuivie au profit de la commune de Brouains. \nArticle 4 : L'indemnit\u00e9 provisionnelle allou\u00e9e \u00e0 M. Charles \u00c9dou ard DE RAMAIX est fix\u00e9e \u00e0\n4 000 euros (valeur v\u00e9nale), avec une marge d'appr\u00e9ciation de 10 % portant la valeur maximale\nd'acquisition sans justification particuli\u00e8re \u00e0 4 400 euros. \nArticle 5 : La commune de Brouains pourra prendre possession  de la parcelle d\u00e9clar\u00e9e cessible\napr\u00e8s le paiement, ou en cas d'obstacle au paiement , apr\u00e8s consignation de l'indemnit\u00e9\nprovisionnelle. Cette date doit \u00eatre post\u00e9rieure d' au moins deux mois \u00e0 la date de publication\ndu pr\u00e9sent arr\u00eat\u00e9.\nArticle 6\n : Dans le mois qui suit la prise de possession, le  pr\u00e9fet est tenu de poursuivre la\nproc\u00e9dure d'expropriation dans les conditions pr\u00e9vu es par le code de l'expropriation pour\ncause d'utilit\u00e9 publique. \nArticle 7\n : La d\u00e9claration d'utilit\u00e9 publique sera consid\u00e9r\u00e9e c omme nulle et non avenue si les\nexpropriations  \u00e9ventuellement  n\u00e9cessaires  \u00e0  la  r\u00e9alisation  de  l'op\u00e9ration  ne  sont  pas\naccomplies dans un d\u00e9lai de cinq ans, \u00e0 compter de la publication du pr\u00e9sent arr\u00eat\u00e9. \nArticle 8 : La dur\u00e9e de validit\u00e9 de la d\u00e9claration de cessibi lit\u00e9 est de 6 mois \u00e0 compter de la\ndate \u00e0 laquelle il a \u00e9t\u00e9 pris, sous r\u00e9serve de la t ransmission au greffe du tribunal judiciaire de\nCoutances. \n2\nPr\u00e9fecture de la Manche - 50-2025-09-15-00001 - Arr\u00eat\u00e9 pr\u00e9fectoral portant d\u00e9claration d'utilit\u00e9 publique le projet d'acquisition de la\npropri\u00e9t\u00e9 sise 6 rue de l'\u00c9glise 307\nArticle 9 : Le pr\u00e9sent arr\u00eat\u00e9 sera affich\u00e9 \u00e0 la porte de la mair ie de Brouains et aux autres\nendroits habituels d'affichage pendant une dur\u00e9e mi nimale de deux mois, formalit\u00e9 qui sera\njustifi\u00e9e par un certificat d'affichage \u00e9tabli par le maire de la commune de Brouains. Il sera\n\u00e9galement notifi\u00e9 par le maire de Brouains au propr i\u00e9taire concern\u00e9, par lettre recommand\u00e9e\navec accus\u00e9 de r\u00e9ception.\nArticle 10\n : Conform\u00e9ment \u00e0 l'article R. 421-1 du code de jus tice administrative, le pr\u00e9sent\narr\u00eat\u00e9 pourra faire l'objet d'un recours contentieux devant le tribunal administratif de Caen - 3,\nrue Arthur Le Duc - 14 000 CAEN dans un d\u00e9lai de deu x mois \u00e0 compter de sa date de\nnotification ou de publication.\nLe  tribunal  administratif  peut  \u00eatre  saisi  via  l'appl ication  \u00ab T\u00e9l\u00e9recours  citoyen \u00bb :\nwww.telerecours.fr\nArticle 11\n : La secr\u00e9taire g\u00e9n\u00e9rale de la pr\u00e9fecture et le maire  de Brouains sont charg\u00e9s, chacun\nen ce qui le concerne, de l'ex\u00e9cution du pr\u00e9sent ar r\u00eat\u00e9, qui sera ins\u00e9r\u00e9 au recueil des actes\nadministratifs de la pr\u00e9fecture.\nSaint-L\u00f4, le 15 septembre 2025\nPour le Pr\u00e9fet,\nLa Secr\u00e9taire g\u00e9n\u00e9rale\nSIGN\u00c9\nPerrine SERRE\n3\nPr\u00e9fecture de la Manche - 50-2025-09-15-00001 - Arr\u00eat\u00e9 pr\u00e9fectoral portant d\u00e9claration d'utilit\u00e9 publique le projet d'acquisition de la\npropri\u00e9t\u00e9 sise 6 rue de l'\u00c9glise 308\nSous-pr\u00e9fecture de Coutances\n50-2025-08-07-00005\nArr\u00eat\u00e9 modificatif portant nomination des\nmembres de la commission de contr\u00f4le charg\u00e9e\nde la r\u00e9gularit\u00e9 des listes \u00e9lectorales dans la\ncommune de Regn\u00e9ville-sur-Mer\nSous-pr\u00e9fecture de Coutances - 50-2025-08-07-00005 - Arr\u00eat\u00e9 modificatif portant nomination des membres de la commission de\ncontr\u00f4le charg\u00e9e de la r\u00e9gularit\u00e9 des listes \u00e9lectorales dans la commune de Regn\u00e9ville-sur-Mer 309\n    \nSous-Pr\u00e9fecture de Coutances \nBP 729\u2013 50207 COUTANCES Cedex \u2013 T\u00e9l. : 02.33.75.49.50\nM\u00e9l. : sp-coutances@manche.gouv.fr\nSous-pr\u00e9fecture de Coutances - 50-2025-08-07-00005 - Arr\u00eat\u00e9 modificatif portant nomination des membres de la commission de\ncontr\u00f4le charg\u00e9e de la r\u00e9gularit\u00e9 des listes \u00e9lectorales dans la commune de Regn\u00e9ville-sur-Mer 310\nD\u00e9l\u00e9gu\u00e9(e) de l'administration :titulaire : BERGERET-CASSAGNE Jean-Claudesuppl\u00e9ant : BREGER AlainD\u00e9l\u00e9gu\u00e9(e) du tribunal :titualire : LE GARREC Anne-Mariesuppl\u00e9ant(e) : n\u00e9ant\nArticle 2 : La secr\u00e9taire g\u00e9n\u00e9rale de la pr\u00e9fecture de la Manche et le maire de la commune deREGN\u00c9VILLE-SUR-MER sont charg\u00e9s, chacun en ce qui le concerne, de I'ex\u00e9cution du pr\u00e9sent arr\u00e9t\u00e9qui sera publi\u00e9 au recueil des actes administratifs de la pr\u00e9fecture de la Manche.Coutances, le 28 ao\u00fbt 2025.\nLe Sous-Pr\u00e9fet de Coutances,Sign\u00e9Julien MINICONI\nSous-Pr\u00e9fecture de Coutances \nBP 729\u2013 50207 COUTANCES Cedex \u2013 T\u00e9l. : 02.33.75.49.50\nM\u00e9l. : sp-coutances@manche.gouv.fr\nSous-pr\u00e9fecture de Coutances - 50-2025-08-07-00005 - Arr\u00eat\u00e9 modificatif portant nomination des membres de la commission de\ncontr\u00f4le charg\u00e9e de la r\u00e9gularit\u00e9 des listes \u00e9lectorales dans la commune de Regn\u00e9ville-sur-Mer 311\nSous-pr\u00e9fecture d'Avranches\n50-2025-09-15-00002\nArr\u00eat\u00e9 n\u00b0 SPAVR-BDS-PA-2025-2025-180\nmodifiant l'autorisation d'exploiter un syst\u00e8me\nde vid\u00e9oprotection pour la Gendarmerie\nNationale situ\u00e9 \u00e0 Saint-L\u00f4\nSous-pr\u00e9fecture d'Avranches - 50-2025-09-15-00002 - Arr\u00eat\u00e9 n\u00b0 SPAVR-BDS-PA-2025-2025-180 modifiant l'autorisation d'exploiter un\nsyst\u00e8me de vid\u00e9oprotection pour la Gendarmerie Nationale situ\u00e9 \u00e0 Saint-L\u00f4 312\nExPREFETDE LA MANCHEL,z'berte'Egalit\u00e9Fraternit\u00e9\nSOUS-PREFECTURE D'AVRANCHES\nBureau des s\u00e9curit\u00e9s\nPolice administrative\nARR\u00caT\u00c9 n\u00b0 SPAVR-BDS-PA-2025-180 modifiant l'autorisation d'exploiter\nun syst\u00e8me de vid\u00e9oprotection pour la Gendarmerie Nationale\nsitu\u00e9 \u00e0 Saint-L\u00f4\nLe Pr\u00e9fet de la Manche,\nChevalier de la L\u00e9gion d'Honneur\nChevalier de l'Ordre National du M\u00e9rite\nVu le code de la s\u00e9curit\u00e9 int\u00e9rieure, partie l\u00e9gislative, notamment ses articles L.251-\n1 \u00e0 L.255-1 et partie r\u00e9glementaire, notamment ses articles R.251-1 \u00e0 R.253-4 ;\nVu  l'arr\u00eat\u00e9 minist\u00e9riel du 3 ao\u00fbt 2007 portant d\u00e9finition des normes techniques  \ndes syst\u00e8mes de vid\u00e9oprotection et ses annexes techniques ;\nVu l'arr\u00eat\u00e9 pr\u00e9fectoral n\u00b0 2023-23 VN du 21 ao\u00fbt 2023 donnant d\u00e9l\u00e9gation de  \nsignature \u00e0 Monsieur Pierre CHAULEUR sous-pr\u00e9fet d'Avranches ;\nVu  l'arr\u00eat\u00e9  pr\u00e9fectoral  n\u00b0  2024-129  du  11  juin  2024  portant  modification  et \nautorisation  d'un  syst\u00e8me  de  vid\u00e9oprotection  jusqu'au  11  juin  2029 pour  le \ngroupement d\u00e9partemental de gendarmerie de la Manche, Monsieur S\u00e9bastien  \nLESAGE, commandant le groupement situ\u00e9 367 rue de Tessy 50000 Saint-L\u00f4 \u2013  \nDossier num\u00e9ro 2019/0304 ;\nVu la  demande  de  modification  de  l'autorisation  d'exploiter  un  syst\u00e8me  de \nvid\u00e9oprotection pr\u00e9sent\u00e9e le 26 ao\u00fbt 2025 par le groupement d\u00e9partemental  \nde  gendarmerie  de  la  Manche,  Monsieur  Yannick  PRATI,  commandant  le \ngroupement d\u00e9partemental de la Manche situ\u00e9 367 rue de Tessy 50000 Saint-\nL\u00f4 ;\nARR\u00caTE\nArt. 1  : Monsieur Yannick PRATI, commandant  le groupement d\u00e9partement de la  \ngendarmerie de la Manche est autoris\u00e9 jusqu'au 11 juin 2029 \u00e0 exploiter un syst\u00e8me \nde vid\u00e9oprotection pour le groupement de gendarmerie de la Manche situ\u00e9  367 \nrue de Tessy  50000 SAINT-LO.\nArt. 2 :  la finalit\u00e9 du syst\u00e8me de vid\u00e9oprotection est : protection des b\u00e2timents et \ninstallations publics et de leurs abords, pr\u00e9vention d'actes de terrorisme.\nLe syst\u00e8me est constitu\u00e9 des \u00e9l\u00e9ments suivants :\n- 4 cam\u00e9ras ext\u00e9rieures\nSous-Pr\u00e9fecture Avranches - Place Daniel Huet - 50300 Avranches - T\u00e9l. : 02.14.14.32.40\nM\u00e9l. : sp-avranches@manche.gouv.fr\nHeures d'accueil du public : de 9 h 00 \u00e0 12 h 00 et de 13 h 00 \u00e0 16 h 00\nSous-pr\u00e9fecture d'Avranches - 50-2025-09-15-00002 - Arr\u00eat\u00e9 n\u00b0 SPAVR-BDS-PA-2025-2025-180 modifiant l'autorisation d'exploiter un\nsyst\u00e8me de vid\u00e9oprotection pour la Gendarmerie Nationale situ\u00e9 \u00e0 Saint-L\u00f4 313\nLa dur\u00e9e de conservation des images est fix\u00e9e \u00e0 15 jours.\nLe  droit  d'acc\u00e8s  aux  images  s'exercera  aupr\u00e8s  du  Centre  d'op\u00e9rations  et  de \nrenseignement de la gendarmerie (CORG).\nArt. 3: Monsieur le commandant du groupement d\u00e9partemental de la gendarmerie \nde la Manche , responsable de la mise en \u0153uvre du syst\u00e8me doit se porter garant  \ndes personnes susceptibles d'intervenir dans l'exploitation ou le visionnage des  \nimages, ainsi que dans la maintenance du syst\u00e8me mis en place. Des consignes tr\u00e8s \npr\u00e9cises  sur  la  confidentialit\u00e9  des  images  capt\u00e9es  ou/et  enregistr\u00e9es  et  des \natteintes \u00e0 la vie priv\u00e9e qu'elles peuvent \u00e9ventuellement impliquer sont donn\u00e9es \u00e0  \ntoutes les personnes concern\u00e9es.\nArt. 4  : Toute modification pr\u00e9sentant un caract\u00e8re substantiel devra faire l'objet  \nd'une  d\u00e9claration  aupr\u00e8s  des  services  pr\u00e9fectoraux,  notamment  changement \nd'activit\u00e9  dans  les  lieux  prot\u00e9g\u00e9s,  changement  dans  la  configuration  des  lieux, \nchangement affectant la protection des images.\nArt. 5 : Sans pr\u00e9judice des sanctions p\u00e9nales applicables, la pr\u00e9sente autorisation  \npeut, apr\u00e8s que l'int\u00e9ress\u00e9 ait \u00e9t\u00e9 mis \u00e0 m\u00eame de pr\u00e9senter ses observations, \u00eatre  \nretir\u00e9e en cas de manquement aux dispositions figurant aux articles L.251-2, L.251-\n3, L.252-1 \u00e0 L.252-6, L.253-1 \u00e0 L.253-5 et R.251-1 \u00e0 R.253-4 du code de la s\u00e9curit\u00e9  \nint\u00e9rieure  susvis\u00e9  ou  encore  en  cas  de  modification  des  conditions  au  vu \ndesquelles cette autorisation a \u00e9t\u00e9 d\u00e9livr\u00e9e.\nArt. 6  : La pr\u00e9sente autorisation peut faire l'objet d'un recours devant le Tribunal \nAdministratif de Caen  dans un d\u00e9lai  de deux  mois \u00e0 compter de la date de sa  \nnotification \u00e0 l'int\u00e9ress\u00e9.\nArt.  7:  Le  syst\u00e8me  concern\u00e9  devra  faire  l'objet  d'une  nouvelle  autorisation \nadministrative pr\u00e9alable au terme du d\u00e9lai des cinq ans : une nouvelle demande  \ndevra  \u00eatre  d\u00e9pos\u00e9e  \u00e0  la  pr\u00e9fecture  soit  par  courrier,  soit  par  t\u00e9l\u00e9proc\u00e9dure \ndisponible  sur  le  site  \u00abvideoprotection.interieur.gouv.fr\u00bb, quatre  mois  avant  \nl'\u00e9ch\u00e9ance de ce d\u00e9lai.\nArt.  8 :  La  sous-pr\u00e9f\u00e8te  de  Saint-L\u00f4,  Monsieur  le  commandant  du  groupement \nd\u00e9partemental de Gendarmerie de la Manche, le maire de SAINT-LO, le directeur \ninterd\u00e9partemental  de  la  police  nationale  sont  charg\u00e9s,  chacun  en  ce  qui  le \nconcerne, de l'ex\u00e9cution du pr\u00e9sent arr\u00eat\u00e9 qui sera publi\u00e9 au recueil des actes  \nadministratifs de la pr\u00e9fecture de la Manche.\nAvranches, le 15 septembre 2025\nPour le pr\u00e9fet et par d\u00e9l\u00e9gation,\nLe sous-pr\u00e9fet d'Avranches,\nsign\u00e9\nPierre CHAULEUR\nCopie pour information au sous-pr\u00e9fet d'arrondissement.\nSous-pr\u00e9fecture d'Avranches - 50-2025-09-15-00002 - Arr\u00eat\u00e9 n\u00b0 SPAVR-BDS-PA-2025-2025-180 modifiant l'autorisation d'exploiter un\nsyst\u00e8me de vid\u00e9oprotection pour la Gendarmerie Nationale situ\u00e9 \u00e0 Saint-L\u00f4 314\nSous-pr\u00e9fecture d'Avranches\n50-2025-09-19-00003\nArr\u00eat\u00e9 portant autorisation d'un syst\u00e8me de\nvid\u00e9oprotection  Mondial Relay consigne 028267\n- Le Teilleul\nSous-pr\u00e9fecture d'Avranches - 50-2025-09-19-00003 - Arr\u00eat\u00e9 portant autorisation d'un syst\u00e8me de vid\u00e9oprotection  Mondial Relay\nconsigne 028267 - Le Teilleul 315\nExPREFETDE LA MANCHEL,z'berte'Egalit\u00e9Fraternit\u00e9\nSOUS-PREFECTURE D'AVRANCHES\nBureau des s\u00e9curit\u00e9s\nPolice administrative\nArr\u00eat\u00e9 n\u00b0 2025-90\nARR\u00caT\u00c9\nportant autorisation d'un syst\u00e8me de vid\u00e9oprotection\nMondial Relay consigne 028267 \u2013 Le Teilleul\nLe Pr\u00e9fet de la Manche,\nChevalier de la L\u00e9gion d'Honneur\nChevalier de l'Ordre National du M\u00e9rite\nVu le code de la s\u00e9curit\u00e9 int\u00e9rieure, partie l\u00e9gislative, notamment ses articles L.251-\n1 \u00e0 L.255-1 et partie r\u00e9glementaire, notamment ses articles R.251-1 \u00e0 R.253-4 ;\nVu  l'arr\u00eat\u00e9 minist\u00e9riel du 3 ao\u00fbt 2007 portant d\u00e9finition des normes techniques  \ndes syst\u00e8mes de vid\u00e9oprotection et ses annexes techniques ;\nVu l'arr\u00eat\u00e9 pr\u00e9fectoral n\u00b0 2023-23 VN du 21 ao\u00fbt 2023 donnant d\u00e9l\u00e9gation de  \nsignature \u00e0 Monsieur Pierre CHAULEUR sous-pr\u00e9fet d'Avranches ;\nVu la demande d\u00e9pos\u00e9e le 16 d\u00e9cembre 2024 par Monsieur MICKAEL ROUSE , en \nvue d'obtenir l'autorisation d'installer un syst\u00e8me de vid\u00e9oprotection au sein de \nl'\u00e9tablissement  MONDIAL RELAY - FR028267 16 rue Guillaume Morel  50640 LE  \nTEILLEUL ;\nVu l'arr\u00eat\u00e9 pr\u00e9fectoral n\u00b0 2025-90  d'autorisation d'un syst\u00e8me de vid\u00e9oprotection \nen date du 2 juillet 2025 ;\nVu le r\u00e9c\u00e9piss\u00e9 de d\u00e9p\u00f4t de cette demande d\u00e9livr\u00e9 le 19 mai 2025 ;\nVu l'avis de la commission d\u00e9partementale de vid\u00e9oprotection du 03 juin 2025 ;\nConsid\u00e9rant  l'erreur  mat\u00e9rielle  sur  la  commune  d'implantation  du  syst\u00e8me  de \nvid\u00e9oprotection figurant dans la demande d'autorisation reprise dans l'arr\u00eat\u00e9  \npr\u00e9fectoral du 2 juillet 2025 ;\nConsid\u00e9rant que ce lieu est particuli\u00e8rement expos\u00e9 \u00e0 des risques d'agression ou  \nde vol ;\nSous-Pr\u00e9fecture Avranches - Place Daniel Huet - 50300 Avranches - T\u00e9l. : 02.14.14.32.40\nM\u00e9l. : sp-avranches@manche.gouv.fr\nHeures d'accueil du public : de 9 h 00 \u00e0 12 h 00 et de 13 h 00 \u00e0 16 h 00\nSous-pr\u00e9fecture d'Avranches - 50-2025-09-19-00003 - Arr\u00eat\u00e9 portant autorisation d'un syst\u00e8me de vid\u00e9oprotection  Mondial Relay\nconsigne 028267 - Le Teilleul 316\nConsid\u00e9rant  le  caract\u00e8re  proportionn\u00e9  du  nombre  de  cam\u00e9ras  envisag\u00e9es  au \nregard des risques susmentionn\u00e9s ;\nARR\u00caTE\nArt.  1 : Monsieur  MICKAEL  ROUSE est  autoris\u00e9,  dans  les  conditions  fix\u00e9es  au \npr\u00e9sent arr\u00eat\u00e9 et pour une dur\u00e9e de cinq ans renouvelable, \u00e0 installer  2  cam\u00e9ras \next\u00e9rieures de  vid\u00e9oprotection  au  sein  de  l'\u00e9tablissement MONDIAL  RELAY  - \nFR028267 16 rue Guillaume Morel  50640 LE TEILLEUL , conform\u00e9ment au dossier  \npr\u00e9sent\u00e9 et annex\u00e9 \u00e0 la demande enregistr\u00e9e sous le num\u00e9ro 2025/0049.\nLe  syst\u00e8me  consid\u00e9r\u00e9  r\u00e9pond  aux  finalit\u00e9s  pr\u00e9vues  par  le  code  de  la  s\u00e9curit\u00e9 \nint\u00e9rieure :\nAutres (Lutte contre la d\u00e9marque inconnue), Pr\u00e9vention des atteintes a la s\u00e9curit\u00e9  \ndes personnes et des biens dans des lieux particuli\u00e8rement expos\u00e9s a des risques  \nd'agression et de vol ou de trafic de stup\u00e9fiant.\nArt. 2 : Le public est inform\u00e9 de la pr\u00e9sence de ces cam\u00e9ras, dans l'\u00e9tablissement  \ncit\u00e9 \u00e0 l'article 1er, par une signal\u00e9tique appropri\u00e9e :\n- de  mani\u00e8re  claire,  permanente  et  significative,  \u00e0  chaque  point  d'acc\u00e8s  du \npublic, de l'existence du syst\u00e8me de vid\u00e9oprotection ;\n- \u00e0 chaque point d'acc\u00e8s du public, des affichettes mentionnent les r\u00e9f\u00e9rences  \ndu code de la s\u00e9curit\u00e9 int\u00e9rieure susvis\u00e9 et les coordonn\u00e9es du responsable de \nl'\u00e9tablissement aupr\u00e8s duquel s'exerce le droit d'acc\u00e8s aux images.\nLe droit d'acc\u00e8s aux images pourra s'exercer aupr\u00e8s du service client d\u00e9di\u00e9 DPO.\nArt. 3  : Hormis le cas d'une enqu\u00eate de flagrant d\u00e9lit, d'une enqu\u00eate pr\u00e9liminaire  \nou d'une information judiciaire,  les enregistrements sont d\u00e9truits dans un d\u00e9lai  \nmaximum de 30 jours.\nArt. 4  : Monsieur MICKAEL ROUSE , responsable de la mise en \u0153uvre du syst\u00e8me  \ndoit se porter garant des personnes susceptibles d'intervenir dans l'exploitation  \nou le visionnage des images, ainsi que dans la maintenance du syst\u00e8me mis en  \nplace. Des consignes tr\u00e8s pr\u00e9cises sur la confidentialit\u00e9 des images capt\u00e9es ou/et  \nenregistr\u00e9es  et  des  atteintes  \u00e0  la  vie  priv\u00e9e  qu'elles  peuvent  \u00e9ventuellement \nimpliquer sont donn\u00e9es \u00e0 toutes les personnes concern\u00e9es.\nArt. 5  : Toute modification pr\u00e9sentant un caract\u00e8re substantiel devra faire l'objet  \nd'une  d\u00e9claration  aupr\u00e8s  des  services  pr\u00e9fectoraux,  notamment  changement \nd'activit\u00e9  dans  les  lieux  prot\u00e9g\u00e9s,  changement  dans  la  configuration  des  lieux, \nchangement affectant la protection des images.\nArt. 6  : Sans pr\u00e9judice des sanctions p\u00e9nales applicables, la pr\u00e9sente autorisation  \npeut, apr\u00e8s que l'int\u00e9ress\u00e9 ait \u00e9t\u00e9 mis \u00e0 m\u00eame de pr\u00e9senter ses observations, \u00eatre  \nretir\u00e9e en cas de manquement aux dispositions figurant aux articles L.251-2, L.251-\n3, L.252-1 \u00e0 L.252-6, L.253-1 \u00e0 L.253-5 et R.251-1 \u00e0 R.253-4 du code de la s\u00e9curit\u00e9  \nint\u00e9rieure  susvis\u00e9  ou  encore  en  cas  de  modification  des  conditions  au  vu \ndesquelles cette autorisation a \u00e9t\u00e9 d\u00e9livr\u00e9e.\nSous-pr\u00e9fecture d'Avranches - 50-2025-09-19-00003 - Arr\u00eat\u00e9 portant autorisation d'un syst\u00e8me de vid\u00e9oprotection  Mondial Relay\nconsigne 028267 - Le Teilleul 317\nArt. 7  : La pr\u00e9sente autorisation peut faire l'objet d'un recours devant le Tribunal \nAdministratif de Caen  dans un d\u00e9lai  de deux  mois \u00e0 compter de la date de sa  \nnotification \u00e0 l'int\u00e9ress\u00e9.\nArt.  8 :  Le  syst\u00e8me  concern\u00e9  devra  faire  l'objet  d'une  nouvelle  autorisation \nadministrative pr\u00e9alable au terme du d\u00e9lai des cinq ans : une nouvelle demande  \ndevra  \u00eatre  d\u00e9pos\u00e9e  \u00e0  la  pr\u00e9fecture  soit  par  courrier,  soit  par  t\u00e9l\u00e9proc\u00e9dure \ndisponible  sur  le  site  \u00abvideoprotection.interieur.gouv.fr\u00bb, quatre  mois  avant  \nl'\u00e9ch\u00e9ance de ce d\u00e9lai.\nArt.  9 :  Le  sous-pr\u00e9fet  d'Avranches,  Monsieur  MICKAEL  ROUSE,  la  maire  de  LE \nTEILLEUL, le commandant du groupement de gendarmerie d\u00e9partementale sont  \ncharg\u00e9s, chacun en ce qui le concerne, de l'ex\u00e9cution du pr\u00e9sent arr\u00eat\u00e9 qui sera  \npubli\u00e9 au recueil des actes administratifs de la pr\u00e9fecture de la Manche.\nAvranches, le 19 septembre 2025\nPour le pr\u00e9fet et par d\u00e9l\u00e9gation,\nLe sous-pr\u00e9fet d'Avranches,\nsign\u00e9\nPierre CHAULEUR\nSous-pr\u00e9fecture d'Avranches - 50-2025-09-19-00003 - Arr\u00eat\u00e9 portant autorisation d'un syst\u00e8me de vid\u00e9oprotection  Mondial Relay\nconsigne 028267 - Le Teilleul 318\nSous-pr\u00e9fecture d'Avranches\n50-2025-09-02-00001\nArr\u00eat\u00e9 portant autorisation d'un syst\u00e8me de\nvid\u00e9oprotection - Commune de Port-Bail-sur-Mer\nSous-pr\u00e9fecture d'Avranches - 50-2025-09-02-00001 - Arr\u00eat\u00e9 portant autorisation d'un syst\u00e8me de vid\u00e9oprotection - Commune de\nPort-Bail-sur-Mer 319\nSOUS-PREFECTURE D'AVRANCHES\nBureau des s\u00e9curit\u00e9s\nPolice administrative\nArr\u00eat\u00e9 n\u00b0 2025-58\nARR\u00caT\u00c9\nportant autorisation d'un syst\u00e8me de vid\u00e9oprotection\nCommune de Port-Bail-sur-Mer\nLe Pr\u00e9fet de la Manche,\nChevalier de la L\u00e9gion d'Honneur\nChevalier de l'Ordre National du M\u00e9rite\nVu  le code de la s\u00e9curit\u00e9 int\u00e9rieure,  partie l\u00e9gislative,  notamment ses  articles\nL.251-1 \u00e0 L.255-1 et partie r\u00e9glementaire, notamment ses articles R.251-1 \u00e0 R.253-\n4 ;\nVu  l'arr\u00eat\u00e9 minist\u00e9riel du 3 ao\u00fbt 2007 portant d\u00e9finition des normes techniques\ndes syst\u00e8mes de vid\u00e9oprotection et ses annexes techniques ;\nVu l'arr\u00eat\u00e9 pr\u00e9fectoral n\u00b0 2023-23 VN du 21 ao\u00fbt 2023 donnant d\u00e9l\u00e9gation de\nsignature \u00e0 Monsieur Pierre CHAULEUR sous-pr\u00e9fet d'Avranches ;\nVu la demande d\u00e9pos\u00e9e le 22 f\u00e9vrier 2024 par Madame Fr\u00e9d\u00e9rique BOURY, maire\nde Port-Bail-sur-Mer en vue d'obtenir l'autorisation d'installer un syst\u00e8me de\nvid\u00e9oprotection au sein de l'\u00e9tablissement  Commune de PORT-BAIL-SUR-MER\n30 rue Lechevalier  50580 PORT-BAIL-SUR-MER ;\nVu le r\u00e9c\u00e9piss\u00e9 de d\u00e9p\u00f4t de cette demande d\u00e9livr\u00e9 le 14 mars 2025 ;\nVu l'avis de la commission d\u00e9partementale de vid\u00e9oprotection du 03 juin 2025 ;\nConsid\u00e9rant que ce lieu est particuli\u00e8rement expos\u00e9 \u00e0 des risques d'agression ou\nde vol ;\nConsid\u00e9rant  le  caract\u00e8re  proportionn\u00e9  du  nombre  de  cam\u00e9ras  envisag\u00e9es  au\nregard des risques susmentionn\u00e9s ;\nARR\u00caTE\nArt. 1  : Madame Fr\u00e9d\u00e9rique BOURY, maire de Port-Bail-sur-Mer est autoris\u00e9e , dans\nles  conditions  fix\u00e9es  au  pr\u00e9sent  arr\u00eat\u00e9  et  pour  une  dur\u00e9e  de  cinq  ans\nrenouvelable,  \u00e0  installer 6  cam\u00e9ras  ext\u00e9rieures de  vid\u00e9oprotection  au  sein  de\nl'\u00e9tablissement Commune de PORT-BAIL-SUR-MER 30 rue Lechevalier  50580 PORT-\nBAIL-SUR-MER, conform\u00e9ment  au  dossier  pr\u00e9sent\u00e9  et  annex\u00e9  \u00e0  la  demande\nenregistr\u00e9e sous le num\u00e9ro 2024/0060.\nSous-Pr\u00e9fecture Avranches - Place Daniel Huet - 50300 Avranches - T\u00e9l. : 02.14.14.32.40\nM\u00e9l. : sp-avranches@manche.gouv.fr\nHeures d'accueil du public : de 9 h 00 \u00e0 12 h 00 et de 13 h 00 \u00e0 16 h 00\nSous-pr\u00e9fecture d'Avranches - 50-2025-09-02-00001 - Arr\u00eat\u00e9 portant autorisation d'un syst\u00e8me de vid\u00e9oprotection - Commune de\nPort-Bail-sur-Mer 320\nLe syst\u00e8me  consid\u00e9r\u00e9  r\u00e9pond  aux  finalit\u00e9s  pr\u00e9vues  par  le code  de  la  s\u00e9curit\u00e9\nint\u00e9rieure :\nS\u00e9curit\u00e9 des personnes, Pr\u00e9vention des atteintes aux biens, Protection des b\u00e2timents\npublics.\nArt. 2 : Le public est inform\u00e9 de la pr\u00e9sence de ces cam\u00e9ras, dans l'\u00e9tablissement\ncit\u00e9 \u00e0 l'article 1er, par une signal\u00e9tique appropri\u00e9e :\n- de  mani\u00e8re  claire,  permanente  et  significative,  \u00e0  chaque  point  d'acc\u00e8s  du\npublic, de l'existence du syst\u00e8me de vid\u00e9oprotection ;\n- \u00e0 chaque point d'acc\u00e8s du public, des affichettes mentionnent les r\u00e9f\u00e9rences\ndu code de la s\u00e9curit\u00e9 int\u00e9rieure susvis\u00e9 et les coordonn\u00e9es du responsable de\nl'\u00e9tablissement aupr\u00e8s duquel s'exerce le droit d'acc\u00e8s aux images.\nLe droit d'acc\u00e8s aux images pourra s'exercer aupr\u00e8s du maire.\nArt. 3  : Hormis le cas d'une enqu\u00eate de flagrant d\u00e9lit, d'une enqu\u00eate pr\u00e9liminaire\nou d'une information judiciaire,  les enregistrements sont d\u00e9truits dans un d\u00e9lai\nmaximum de 30 jours.\nArt. 4  : Madame Fr\u00e9d\u00e9rique BOURY , maire de Port-Bail-sur-Mer responsable de la\nmise en \u0153uvre du  syst\u00e8me doit  se porter  garante des  personnes  susceptibles\nd'intervenir  dans  l'exploitation  ou  le  visionnage  des  images,  ainsi  que  dans  la\nmaintenance  du  syst\u00e8me  mis  en  place.  Des  consignes  tr\u00e8s  pr\u00e9cises  sur  la\nconfidentialit\u00e9  des  images  capt\u00e9es  ou/et  enregistr\u00e9es  et  des  atteintes  \u00e0  la  vie\npriv\u00e9e  qu'elles  peuvent  \u00e9ventuellement  impliquer  sont  donn\u00e9es  \u00e0  toutes  les\npersonnes concern\u00e9es.\nArt. 5  : Toute modification pr\u00e9sentant un caract\u00e8re substantiel devra faire l'objet\nd'une  d\u00e9claration  aupr\u00e8s  des  services  pr\u00e9fectoraux,  notamment  changement\nd'activit\u00e9 dans  les  lieux prot\u00e9g\u00e9s,  changement dans  la configuration des  lieux,\nchangement affectant la protection des images.\nArt. 6 : Sans pr\u00e9judice des sanctions p\u00e9nales applicables, la pr\u00e9sente autorisation\npeut, apr\u00e8s que l'int\u00e9ress\u00e9e ait \u00e9t\u00e9 mis \u00e0 m\u00eame de pr\u00e9senter ses observations, \u00eatre\nretir\u00e9e en cas de manquement aux dispositions figurant aux articles L.251-2, L.251-\n3, L.252-1 \u00e0 L.252-6, L.253-1 \u00e0 L.253-5 et R.251-1 \u00e0 R.253-4 du code de la s\u00e9curit\u00e9\nint\u00e9rieure  susvis\u00e9  ou  encore  en  cas  de  modification  des  conditions  au  vu\ndesquelles cette autorisation a \u00e9t\u00e9 d\u00e9livr\u00e9e.\nArt. 7  : La pr\u00e9sente autorisation peut faire l'objet d'un recours devant le Tribunal\nAdministratif de Caen  dans un d\u00e9lai  de deux  mois \u00e0 compter de la date de sa\nnotification \u00e0 l'int\u00e9ress\u00e9e.\nArt.  8 :  Le  syst\u00e8me  concern\u00e9  devra  faire  l'objet  d'une  nouvelle  autorisation\nadministrative pr\u00e9alable au terme du d\u00e9lai des cinq ans  : une nouvelle demande\ndevra  \u00eatre  d\u00e9pos\u00e9e  \u00e0  la  pr\u00e9fecture  soit  par  courrier,  soit  par  t\u00e9l\u00e9proc\u00e9dure\ndisponible  sur  le  site  \u00abvideoprotection.interieur.gouv.fr\u00bb, quatre  mois  avant\nl'\u00e9ch\u00e9ance de ce d\u00e9lai.\nSous-pr\u00e9fecture d'Avranches - 50-2025-09-02-00001 - Arr\u00eat\u00e9 portant autorisation d'un syst\u00e8me de vid\u00e9oprotection - Commune de\nPort-Bail-sur-Mer 321\nArt.  9 :  Le  sous-pr\u00e9fet  de  Cherbourg,  le  maire  de  PORT-BAIL-SUR-MER,  le\ncommandant  du  groupement  de  gendarmerie  d\u00e9partementale  sont  charg\u00e9s,\nchacun en ce qui le concerne, de l'ex\u00e9cution du pr\u00e9sent arr\u00eat\u00e9 qui sera publi\u00e9 au\nrecueil des actes administratifs de la pr\u00e9fecture de la Manche.\n                                                                              Avranches, le 2 septembre 2025\nPour le pr\u00e9fet et par d\u00e9l\u00e9gation,\nLe sous-pr\u00e9fet d'Avranches,\nsign\u00e9\nPierre CHAULEUR\nCopie pour information au sous-pr\u00e9fet d'arrondissement.\nSous-pr\u00e9fecture d'Avranches - 50-2025-09-02-00001 - Arr\u00eat\u00e9 portant autorisation d'un syst\u00e8me de vid\u00e9oprotection - Commune de\nPort-Bail-sur-Mer 322\nSous-pr\u00e9fecture d'Avranches\n50-2025-09-29-00003\nArr\u00eat\u00e9 portant autorisation d'un syst\u00e8me de\nvid\u00e9oprotection - H\u00f4tel Kyriad -\nCarentan-les-Marais\nSous-pr\u00e9fecture d'Avranches - 50-2025-09-29-00003 - Arr\u00eat\u00e9 portant autorisation d'un syst\u00e8me de vid\u00e9oprotection - H\u00f4tel Kyriad -\nCarentan-les-Marais 323\nExPREFETDE LA MANCHEL,z'berte'Egalit\u00e9Fraternit\u00e9\nSOUS-PREFECTURE D'AVRANCHES\nBureau des s\u00e9curit\u00e9s\nPolice administrative\nArr\u00eat\u00e9 n\u00b0 2025-137\nARR\u00caT\u00c9\nportant autorisation d'un syst\u00e8me de vid\u00e9oprotection\nH\u00f4tel Kyriad - Carentan-les-Marais\nLe Pr\u00e9fet de la Manche,\nChevalier de l'ordre national du M\u00e9rite\nVu le code de la s\u00e9curit\u00e9 int\u00e9rieure, partie l\u00e9gislative, notamment ses articles L.251-\n1 \u00e0 L.255-1 et partie r\u00e9glementaire, notamment ses articles R.251-1 \u00e0 R.253-4 ;\nVu  l'arr\u00eat\u00e9 minist\u00e9riel du 3 ao\u00fbt 2007 portant d\u00e9finition des normes techniques  \ndes syst\u00e8mes de vid\u00e9oprotection et ses annexes techniques ;\nVu l'arr\u00eat\u00e9 pr\u00e9fectoral n\u00b0 2025-32 VN du 22 septembre 2025 donnant d\u00e9l\u00e9gation  \nde signature \u00e0 Monsieur Pierre CHAULEUR sous-pr\u00e9fet d'Avranches ;\nVu la demande d\u00e9pos\u00e9e le 19 d\u00e9cembre 2024 par Monsieur Xavier DESSEAUX, en \nvue d'obtenir l'autorisation d'installer un syst\u00e8me de vid\u00e9oprotection au sein de \nl'\u00e9tablissement   Hotel  Kyriad  Carentan  rue  Mesnil   50500  CARENTAN-LES-\nMARAIS ;\nVu le r\u00e9c\u00e9piss\u00e9 de d\u00e9p\u00f4t de cette demande d\u00e9livr\u00e9 le 2 juin 2025 ;\nVu l'avis de la commission d\u00e9partementale de vid\u00e9oprotection du 23 juin 2025 ;\nConsid\u00e9rant que ce lieu est particuli\u00e8rement expos\u00e9 \u00e0 des risques d'agression ou  \nde vol ;\nConsid\u00e9rant  le  caract\u00e8re  proportionn\u00e9  du  nombre  de  cam\u00e9ras  envisag\u00e9es  au \nregard des risques susmentionn\u00e9s ;\nARR\u00caTE\nArt.  1 : Monsieur  Xavier  DESSEAUX est  autoris\u00e9,  dans  les  conditions  fix\u00e9es  au \npr\u00e9sent arr\u00eat\u00e9 et pour une dur\u00e9e de cinq ans renouvelable, \u00e0 installer  7 cam\u00e9ras \nint\u00e9rieures et 2 cam\u00e9ras ext\u00e9rieures de vid\u00e9oprotection au sein de l'\u00e9tablissement  \nHotel Kyriad Carentan rue Mesnil  50500 CARENTAN-LES-MARAIS , conform\u00e9ment \nau  dossier  pr\u00e9sent\u00e9  et  annex\u00e9  \u00e0  la  demande  enregistr\u00e9e  sous  le  num\u00e9ro \n2025/0065.\nSous-Pr\u00e9fecture Avranches - Place Daniel Huet - 50300 Avranches - T\u00e9l. : 02.14.14.32.40\nM\u00e9l. : sp-avranches@manche.gouv.fr\nHeures d'accueil du public : de 9 h 00 \u00e0 12 h 00 et de 13 h 00 \u00e0 16 h 00\nSous-pr\u00e9fecture d'Avranches - 50-2025-09-29-00003 - Arr\u00eat\u00e9 portant autorisation d'un syst\u00e8me de vid\u00e9oprotection - H\u00f4tel Kyriad -\nCarentan-les-Marais 324\nLe  syst\u00e8me  consid\u00e9r\u00e9  r\u00e9pond  aux  finalit\u00e9s  pr\u00e9vues  par  le  code  de  la  s\u00e9curit\u00e9 \nint\u00e9rieure :\nPr\u00e9vention des atteintes a la s\u00e9curit\u00e9 des personnes et des biens dans des lieux et  \n\u00e9tablissements ouverts au public particulierement expos\u00e9s a des risques d'agression  \nou de vol.\nArt. 2 : Le public est inform\u00e9 de la pr\u00e9sence de ces cam\u00e9ras, dans l'\u00e9tablissement  \ncit\u00e9 \u00e0 l'article 1er, par une signal\u00e9tique appropri\u00e9e :\n- de  mani\u00e8re  claire,  permanente  et  significative,  \u00e0  chaque  point  d'acc\u00e8s  du \npublic, de l'existence du syst\u00e8me de vid\u00e9oprotection ;\n- \u00e0 chaque point d'acc\u00e8s du public, des affichettes mentionnent les r\u00e9f\u00e9rences  \ndu code de la s\u00e9curit\u00e9 int\u00e9rieure susvis\u00e9 et les coordonn\u00e9es du responsable de \nl'\u00e9tablissement aupr\u00e8s duquel s'exerce le droit d'acc\u00e8s aux images.\nLe droit d'acc\u00e8s aux images pourra s'exercer aupr\u00e8s du g\u00e9rant.\nArt. 3  : Hormis le cas d'une enqu\u00eate de flagrant d\u00e9lit, d'une enqu\u00eate pr\u00e9liminaire  \nou d'une information judiciaire,  les enregistrements sont d\u00e9truits dans un d\u00e9lai  \nmaximum de 30 jours.\nArt. 4  : Monsieur Xavier DESSEAUX, responsable de la mise en \u0153uvre du syst\u00e8me  \ndoit se porter garant des personnes susceptibles d'intervenir dans l'exploitation  \nou le visionnage des images, ainsi que dans la maintenance du syst\u00e8me mis en  \nplace. Des consignes tr\u00e8s pr\u00e9cises sur la confidentialit\u00e9 des images capt\u00e9es ou/et  \nenregistr\u00e9es  et  des  atteintes  \u00e0  la  vie  priv\u00e9e  qu'elles  peuvent  \u00e9ventuellement \nimpliquer sont donn\u00e9es \u00e0 toutes les personnes concern\u00e9es.\nArt. 5  : Toute modification pr\u00e9sentant un caract\u00e8re substantiel devra faire l'objet  \nd'une  d\u00e9claration  aupr\u00e8s  des  services  pr\u00e9fectoraux,  notamment  changement \nd'activit\u00e9  dans  les  lieux  prot\u00e9g\u00e9s,  changement  dans  la  configuration  des  lieux, \nchangement affectant la protection des images.\nArt. 6  : Sans pr\u00e9judice des sanctions p\u00e9nales applicables, la pr\u00e9sente autorisation  \npeut, apr\u00e8s que l'int\u00e9ress\u00e9 ait \u00e9t\u00e9 mis \u00e0 m\u00eame de pr\u00e9senter ses observations, \u00eatre  \nretir\u00e9e en cas de manquement aux dispositions figurant aux articles L.251-2, L.251-\n3, L.252-1 \u00e0 L.252-6, L.253-1 \u00e0 L.253-5 et R.251-1 \u00e0 R.253-4 du code de la s\u00e9curit\u00e9  \nint\u00e9rieure  susvis\u00e9  ou  encore  en  cas  de  modification  des  conditions  au  vu \ndesquelles cette autorisation a \u00e9t\u00e9 d\u00e9livr\u00e9e.\nArt. 7  : La pr\u00e9sente autorisation peut faire l'objet d'un recours devant le Tribunal \nAdministratif de Caen  dans un d\u00e9lai  de deux  mois \u00e0 compter de la date de sa  \nnotification \u00e0 l'int\u00e9ress\u00e9.\nArt.  8 :  Le  syst\u00e8me  concern\u00e9  devra  faire  l'objet  d'une  nouvelle  autorisation \nadministrative pr\u00e9alable au terme du d\u00e9lai des cinq ans : une nouvelle demande  \ndevra  \u00eatre  d\u00e9pos\u00e9e  \u00e0  la  pr\u00e9fecture  soit  par  courrier,  soit  par  t\u00e9l\u00e9proc\u00e9dure \ndisponible  sur  le  site  \u00abvideoprotection.interieur.gouv.fr\u00bb, quatre  mois  avant  \nl'\u00e9ch\u00e9ance de ce d\u00e9lai.\nSous-pr\u00e9fecture d'Avranches - 50-2025-09-29-00003 - Arr\u00eat\u00e9 portant autorisation d'un syst\u00e8me de vid\u00e9oprotection - H\u00f4tel Kyriad -\nCarentan-les-Marais 325\nArt.  9 :  La  sous-pr\u00e9f\u00e8te  de  Saint-L\u00f4,  Monsieur  Xavier  DESSEAUX,  le  maire  de \nCARENTAN-LES-MARAIS,  le  commandant  du  groupement  de  gendarmerie  \nd\u00e9partementale sont charg\u00e9s, chacun en ce qui le concerne, de l'ex\u00e9cution du  \npr\u00e9sent arr\u00eat\u00e9 qui sera publi\u00e9 au recueil des actes administratifs de la pr\u00e9fecture  \nde la Manche.\nAvranches, le 29 septembre 2025\nPour le pr\u00e9fet et par d\u00e9l\u00e9gation,\nLe sous-pr\u00e9fet d'Avranches,\nsign\u00e9\nPierre CHAULEUR\nCopie pour information au sous-pr\u00e9fet d'arrondissement.\nSous-pr\u00e9fecture d'Avranches - 50-2025-09-29-00003 - Arr\u00eat\u00e9 portant autorisation d'un syst\u00e8me de vid\u00e9oprotection - H\u00f4tel Kyriad -\nCarentan-les-Marais 326\nSous-pr\u00e9fecture d'Avranches\n50-2025-09-29-00004\nArr\u00eat\u00e9 portant autorisation d'un syst\u00e8me de\nvid\u00e9oprotection - Revival - Br\u00e9hal\nSous-pr\u00e9fecture d'Avranches - 50-2025-09-29-00004 - Arr\u00eat\u00e9 portant autorisation d'un syst\u00e8me de vid\u00e9oprotection - Revival - Br\u00e9hal 327\nExPREFETDE LA MANCHEL,z'berte'Egalit\u00e9Fraternit\u00e9\nSOUS-PREFECTURE D'AVRANCHES\nBureau des s\u00e9curit\u00e9s\nPolice administrative\nArr\u00eat\u00e9 n\u00b0 2025-138\nARR\u00caT\u00c9\nportant autorisation d'un syst\u00e8me de vid\u00e9oprotection\nRevival - Br\u00e9hal\nLe Pr\u00e9fet de la Manche,\nChevalier de l'ordre national du M\u00e9rite\nVu le code de la s\u00e9curit\u00e9 int\u00e9rieure, partie l\u00e9gislative, notamment ses articles L.251-\n1 \u00e0 L.255-1 et partie r\u00e9glementaire, notamment ses articles R.251-1 \u00e0 R.253-4 ;\nVu  l'arr\u00eat\u00e9 minist\u00e9riel du 3 ao\u00fbt 2007 portant d\u00e9finition des normes techniques  \ndes syst\u00e8mes de vid\u00e9oprotection et ses annexes techniques ;\nVu l'arr\u00eat\u00e9 pr\u00e9fectoral n\u00b0 2025-32 VN du 22 septembre 2025 donnant d\u00e9l\u00e9gation  \nde signature \u00e0 Monsieur Pierre CHAULEUR sous-pr\u00e9fet d'Avranches ;\nVu la demande d\u00e9pos\u00e9e le 02 janvier 2025  par Monsieur Arnaud LEBRUN , en vue  \nd'obtenir l'autorisation d'installer un syst\u00e8me de vid\u00e9oprotection au sein de  \nl'\u00e9tablissement  REVIVAL 26 rue du Clos des Mares  50290 BREHAL ;\nVu le r\u00e9c\u00e9piss\u00e9 de d\u00e9p\u00f4t de cette demande d\u00e9livr\u00e9 le 2 juin 2025 ;\nVu l'avis de la commission d\u00e9partementale de vid\u00e9oprotection du 23 juin 2025 ;\nConsid\u00e9rant que ce lieu est particuli\u00e8rement expos\u00e9 \u00e0 des risques d'agression ou  \nde vol ;\nConsid\u00e9rant  le  caract\u00e8re  proportionn\u00e9  du  nombre  de  cam\u00e9ras  envisag\u00e9es  au \nregard des risques susmentionn\u00e9s ;\nARR\u00caTE\nArt.  1 : Monsieur  Arnaud  LEBRUN est  autoris\u00e9,  dans  les  conditions  fix\u00e9es  au \npr\u00e9sent arr\u00eat\u00e9 et pour une dur\u00e9e de cinq ans renouvelable, \u00e0 installer  2 cam\u00e9ras \nint\u00e9rieures et 2 cam\u00e9ras ext\u00e9rieures de vid\u00e9oprotection au sein de l'\u00e9tablissement  \nREVIVAL 26 rue du Clos des Mares  50290 BREHAL , conform\u00e9ment au dossier  \npr\u00e9sent\u00e9 et annex\u00e9 \u00e0 la demande enregistr\u00e9e sous le num\u00e9ro 2025/0088.\nLe  syst\u00e8me  consid\u00e9r\u00e9  r\u00e9pond  aux  finalit\u00e9s  pr\u00e9vues  par  le  code  de  la  s\u00e9curit\u00e9 \nint\u00e9rieure :\nSous-Pr\u00e9fecture Avranches - Place Daniel Huet - 50300 Avranches - T\u00e9l. : 02.14.14.32.40\nM\u00e9l. : sp-avranches@manche.gouv.fr\nHeures d'accueil du public : de 9 h 00 \u00e0 12 h 00 et de 13 h 00 \u00e0 16 h 00\nSous-pr\u00e9fecture d'Avranches - 50-2025-09-29-00004 - Arr\u00eat\u00e9 portant autorisation d'un syst\u00e8me de vid\u00e9oprotection - Revival - Br\u00e9hal 328\nPr\u00e9vention des atteintes a la s\u00e9curit\u00e9 des personnes et des biens dans des lieux et  \n\u00e9tablissements ouverts au public particuli\u00e8rement expos\u00e9s a des risques d'agression  \nou  de  vol,  Protection  des  b\u00e2timents  publics,  Autres  (Lutte  contre  la  d\u00e9marque \ninconnue), Pr\u00e9vention des atteintes a la s\u00e9curit\u00e9 des personnes et des biens dans des  \nlieux particuli\u00e8rement expos\u00e9s a des risques d'agression et de vol ou de trafic de  \nstup\u00e9fiant,  Obligation  d'\u00eatre  couvert  par  une  assurance  pour  faire  circuler  un \nv\u00e9hicule terrestre a moteur (responsabilit\u00e9 civile).\nArt. 2 : Le public est inform\u00e9 de la pr\u00e9sence de ces cam\u00e9ras, dans l'\u00e9tablissement  \ncit\u00e9 \u00e0 l'article 1er, par une signal\u00e9tique appropri\u00e9e :\n- de  mani\u00e8re  claire,  permanente  et  significative,  \u00e0  chaque  point  d'acc\u00e8s  du \npublic, de l'existence du syst\u00e8me de vid\u00e9oprotection ;\n- \u00e0 chaque point d'acc\u00e8s du public, des affichettes mentionnent les r\u00e9f\u00e9rences  \ndu code de la s\u00e9curit\u00e9 int\u00e9rieure susvis\u00e9 et les coordonn\u00e9es du responsable de \nl'\u00e9tablissement aupr\u00e8s duquel s'exerce le droit d'acc\u00e8s aux images.\nLe droit d'acc\u00e8s aux images pourra s'exercer aupr\u00e8s du responsable d'exploitation.\nArt. 3  : Hormis le cas d'une enqu\u00eate de flagrant d\u00e9lit, d'une enqu\u00eate pr\u00e9liminaire  \nou d'une information judiciaire,  les enregistrements sont d\u00e9truits dans un d\u00e9lai  \nmaximum de 30 jours.\nArt. 4  : Monsieur Arnaud LEBRUN , responsable de la mise en \u0153uvre du syst\u00e8me  \ndoit se porter garant des personnes susceptibles d'intervenir dans l'exploitation  \nou le visionnage des images, ainsi que dans la maintenance du syst\u00e8me mis en  \nplace. Des consignes tr\u00e8s pr\u00e9cises sur la confidentialit\u00e9 des images capt\u00e9es ou/et  \nenregistr\u00e9es  et  des  atteintes  \u00e0  la  vie  priv\u00e9e  qu'elles  peuvent  \u00e9ventuellement \nimpliquer sont donn\u00e9es \u00e0 toutes les personnes concern\u00e9es.\nArt. 5  : Toute modification pr\u00e9sentant un caract\u00e8re substantiel devra faire l'objet  \nd'une  d\u00e9claration  aupr\u00e8s  des  services  pr\u00e9fectoraux,  notamment  changement \nd'activit\u00e9  dans  les  lieux  prot\u00e9g\u00e9s,  changement  dans  la  configuration  des  lieux, \nchangement affectant la protection des images.\nArt. 6  : Sans pr\u00e9judice des sanctions p\u00e9nales applicables, la pr\u00e9sente autorisation  \npeut, apr\u00e8s que l'int\u00e9ress\u00e9 ait \u00e9t\u00e9 mis \u00e0 m\u00eame de pr\u00e9senter ses observations, \u00eatre  \nretir\u00e9e en cas de manquement aux dispositions figurant aux articles L.251-2, L.251-\n3, L.252-1 \u00e0 L.252-6, L.253-1 \u00e0 L.253-5 et R.251-1 \u00e0 R.253-4 du code de la s\u00e9curit\u00e9  \nint\u00e9rieure  susvis\u00e9  ou  encore  en  cas  de  modification  des  conditions  au  vu \ndesquelles cette autorisation a \u00e9t\u00e9 d\u00e9livr\u00e9e.\nArt. 7  : La pr\u00e9sente autorisation peut faire l'objet d'un recours devant le Tribunal \nAdministratif de Caen  dans un d\u00e9lai  de deux  mois \u00e0 compter de la date de sa  \nnotification \u00e0 l'int\u00e9ress\u00e9.\nArt.  8 :  Le  syst\u00e8me  concern\u00e9  devra  faire  l'objet  d'une  nouvelle  autorisation \nadministrative pr\u00e9alable au terme du d\u00e9lai des cinq ans : une nouvelle demande  \ndevra  \u00eatre  d\u00e9pos\u00e9e  \u00e0  la  pr\u00e9fecture  soit  par  courrier,  soit  par  t\u00e9l\u00e9proc\u00e9dure \ndisponible  sur  le  site  \u00abvideoprotection.interieur.gouv.fr\u00bb, quatre  mois  avant  \nl'\u00e9ch\u00e9ance de ce d\u00e9lai.\nSous-pr\u00e9fecture d'Avranches - 50-2025-09-29-00004 - Arr\u00eat\u00e9 portant autorisation d'un syst\u00e8me de vid\u00e9oprotection - Revival - Br\u00e9hal 329\nArt. 9 : Le sous-pr\u00e9fet d'Avranches, Monsieur Arnaud LEBRUN, le maire de BREHAL, \nle commandant du groupement de gendarmerie d\u00e9partementale sont charg\u00e9s,  \nchacun en ce qui le concerne, de l'ex\u00e9cution du pr\u00e9sent arr\u00eat\u00e9 qui sera publi\u00e9 au  \nrecueil des actes administratifs de la pr\u00e9fecture de la Manche.\nAvranches, le 29 septembre 2025\nPour le pr\u00e9fet et par d\u00e9l\u00e9gation,\nLe sous-pr\u00e9fet d'Avranches,\nsign\u00e9\nPierre CHAULEUR\nSous-pr\u00e9fecture d'Avranches - 50-2025-09-29-00004 - Arr\u00eat\u00e9 portant autorisation d'un syst\u00e8me de vid\u00e9oprotection - Revival - Br\u00e9hal 330\nSous-pr\u00e9fecture d'Avranches\n50-2025-09-29-00005\nArr\u00eat\u00e9 portant autorisation d'un syst\u00e8me de\nvid\u00e9oprotection - Sarl KDC La Colombe - La\nColombe\nSous-pr\u00e9fecture d'Avranches - 50-2025-09-29-00005 - Arr\u00eat\u00e9 portant autorisation d'un syst\u00e8me de vid\u00e9oprotection - Sarl KDC La\nColombe - La Colombe 331\nExPREFETDE LA MANCHEL,z'berte'Egalit\u00e9Fraternit\u00e9\nSOUS-PREFECTURE D'AVRANCHES\nBureau des s\u00e9curit\u00e9s\nPolice administrative\nArr\u00eat\u00e9 n\u00b0 2025-170\nARR\u00caT\u00c9\nportant autorisation d'un syst\u00e8me de vid\u00e9oprotection\nSarl KDC La Colombe \u2013 La Colombe\nLe Pr\u00e9fet de la Manche,\nChevalier de l'ordre national du M\u00e9rite\nVu le code de la s\u00e9curit\u00e9 int\u00e9rieure, partie l\u00e9gislative, notamment ses articles L.251-\n1 \u00e0 L.255-1 et partie r\u00e9glementaire, notamment ses articles R.251-1 \u00e0 R.253-4 ;\nVu  l'arr\u00eat\u00e9 minist\u00e9riel du 3 ao\u00fbt 2007 portant d\u00e9finition des normes techniques  \ndes syst\u00e8mes de vid\u00e9oprotection et ses annexes techniques ;\nVu l'arr\u00eat\u00e9 pr\u00e9fectoral n\u00b0 2025-32 VN du 22 septembre 2025 donnant d\u00e9l\u00e9gation  \nde signature \u00e0 Monsieur Pierre CHAULEUR sous-pr\u00e9fet d'Avranches ;\nVu la demande d\u00e9pos\u00e9e le 19 avril 2024  par Monsieur Davy COURTEILLE , en vue  \nd'obtenir l'autorisation d'installer un syst\u00e8me de vid\u00e9oprotection au sein de  \nl'\u00e9tablissement  SARL KDC La Colombe 13  la hervi\u00e8re  50800 LA COLOMBE ;\nVu le r\u00e9c\u00e9piss\u00e9 de d\u00e9p\u00f4t de cette demande d\u00e9livr\u00e9 le 13 mai 2025 ;\nVu l'avis de la commission d\u00e9partementale de vid\u00e9oprotection du 23 juin 2025 ;\nConsid\u00e9rant que ce lieu est particuli\u00e8rement expos\u00e9 \u00e0 des risques d'agression ou  \nde vol ;\nConsid\u00e9rant  le  caract\u00e8re  proportionn\u00e9  du  nombre  de  cam\u00e9ras  envisag\u00e9es  au \nregard des risques susmentionn\u00e9s ;\nARR\u00caTE\nArt.  1 : Monsieur  Davy  COURTEILLE est  autoris\u00e9,  dans  les  conditions  fix\u00e9es  au \npr\u00e9sent arr\u00eat\u00e9 et pour une dur\u00e9e de  cinq ans  renouvelable, \u00e0 installer  1 cam\u00e9ra  \nint\u00e9rieure et 3 cam\u00e9ras ext\u00e9rieures de vid\u00e9oprotection au sein de l'\u00e9tablissement  \nSARL KDC La Colombe 13  la hervi\u00e8re  50800 LA COLOMBE , conform\u00e9ment au  \ndossier pr\u00e9sent\u00e9 et annex\u00e9 \u00e0 la demande enregistr\u00e9e sous le num\u00e9ro 2025/0240.\nLe  syst\u00e8me  consid\u00e9r\u00e9  r\u00e9pond  aux  finalit\u00e9s  pr\u00e9vues  par  le  code  de  la  s\u00e9curit\u00e9 \nint\u00e9rieure :\nSous-Pr\u00e9fecture Avranches - Place Daniel Huet - 50300 Avranches - T\u00e9l. : 02.14.14.32.40\nM\u00e9l. : sp-avranches@manche.gouv.fr\nHeures d'accueil du public : de 9 h 00 \u00e0 12 h 00 et de 13 h 00 \u00e0 16 h 00\nSous-pr\u00e9fecture d'Avranches - 50-2025-09-29-00005 - Arr\u00eat\u00e9 portant autorisation d'un syst\u00e8me de vid\u00e9oprotection - Sarl KDC La\nColombe - La Colombe 332\nPr\u00e9vention des atteintes a la s\u00e9curit\u00e9 des personnes et des biens dans des lieux et  \n\u00e9tablissements ouverts au public particuli\u00e8rement expos\u00e9s a des risques d'agression  \nou de vol, Protection des b\u00e2timents publics, Pr\u00e9vention des atteintes a la s\u00e9curit\u00e9 des \npersonnes  et  des  biens  dans  des  lieux  particuli\u00e8rement  expos\u00e9s  a  des  risques \nd'agression et de vol ou de trafic de stup\u00e9fiant.\nArt. 2 : Le public est inform\u00e9 de la pr\u00e9sence de ces cam\u00e9ras, dans l'\u00e9tablissement  \ncit\u00e9 \u00e0 l'article 1er, par une signal\u00e9tique appropri\u00e9e :\n- de  mani\u00e8re  claire,  permanente  et  significative,  \u00e0  chaque  point  d'acc\u00e8s  du \npublic, de l'existence du syst\u00e8me de vid\u00e9oprotection ;\n- \u00e0 chaque point d'acc\u00e8s du public, des affichettes mentionnent les r\u00e9f\u00e9rences  \ndu code de la s\u00e9curit\u00e9 int\u00e9rieure susvis\u00e9 et les coordonn\u00e9es du responsable de \nl'\u00e9tablissement aupr\u00e8s duquel s'exerce le droit d'acc\u00e8s aux images.\nLe droit d'acc\u00e8s aux images pourra s'exercer aupr\u00e8s du g\u00e9rant.\nArt. 3  : Hormis le cas d'une enqu\u00eate de flagrant d\u00e9lit, d'une enqu\u00eate pr\u00e9liminaire  \nou d'une information judiciaire,  les enregistrements sont d\u00e9truits dans un d\u00e9lai  \nmaximum de 30 jours.\nArt. 4 : Monsieur Davy COURTEILLE, responsable de la mise en \u0153uvre du syst\u00e8me  \ndoit se porter garant des personnes susceptibles d'intervenir dans l'exploitation  \nou le visionnage des images, ainsi que dans la maintenance du syst\u00e8me mis en  \nplace. Des consignes tr\u00e8s pr\u00e9cises sur la confidentialit\u00e9 des images capt\u00e9es ou/et  \nenregistr\u00e9es  et  des  atteintes  \u00e0  la  vie  priv\u00e9e  qu'elles  peuvent  \u00e9ventuellement \nimpliquer sont donn\u00e9es \u00e0 toutes les personnes concern\u00e9es.\nArt. 5  : Toute modification pr\u00e9sentant un caract\u00e8re substantiel devra faire l'objet  \nd'une  d\u00e9claration  aupr\u00e8s  des  services  pr\u00e9fectoraux,  notamment  changement \nd'activit\u00e9  dans  les  lieux  prot\u00e9g\u00e9s,  changement  dans  la  configuration  des  lieux, \nchangement affectant la protection des images.\nArt. 6  : Sans pr\u00e9judice des sanctions p\u00e9nales applicables, la pr\u00e9sente autorisation  \npeut, apr\u00e8s que l'int\u00e9ress\u00e9 ait \u00e9t\u00e9 mis \u00e0 m\u00eame de pr\u00e9senter ses observations, \u00eatre  \nretir\u00e9e en cas de manquement aux dispositions figurant aux articles L.251-2, L.251-\n3, L.252-1 \u00e0 L.252-6, L.253-1 \u00e0 L.253-5 et R.251-1 \u00e0 R.253-4 du code de la s\u00e9curit\u00e9  \nint\u00e9rieure  susvis\u00e9  ou  encore  en  cas  de  modification  des  conditions  au  vu \ndesquelles cette autorisation a \u00e9t\u00e9 d\u00e9livr\u00e9e.\nArt. 7  : La pr\u00e9sente autorisation peut faire l'objet d'un recours devant le Tribunal \nAdministratif de Caen  dans un d\u00e9lai  de deux  mois \u00e0 compter de la date de sa  \nnotification \u00e0 l'int\u00e9ress\u00e9.\nArt.  8 :  Le  syst\u00e8me  concern\u00e9  devra  faire  l'objet  d'une  nouvelle  autorisation \nadministrative pr\u00e9alable au terme du d\u00e9lai des cinq ans : une nouvelle demande  \ndevra  \u00eatre  d\u00e9pos\u00e9e  \u00e0  la  pr\u00e9fecture  soit  par  courrier,  soit  par  t\u00e9l\u00e9proc\u00e9dure \ndisponible  sur  le  site  \u00abvideoprotection.interieur.gouv.fr\u00bb, quatre  mois  avant  \nl'\u00e9ch\u00e9ance de ce d\u00e9lai.\nSous-pr\u00e9fecture d'Avranches - 50-2025-09-29-00005 - Arr\u00eat\u00e9 portant autorisation d'un syst\u00e8me de vid\u00e9oprotection - Sarl KDC La\nColombe - La Colombe 333\nArt. 9  : La  sous-pr\u00e9f\u00e8te de Saint-L\u00f4,  Monsieur Davy COURTEILLE , le maire de  LA \nCOLOMBE, le commandant du groupement de gendarmerie d\u00e9partementale sont  \ncharg\u00e9s, chacun en ce qui le concerne, de l'ex\u00e9cution du pr\u00e9sent arr\u00eat\u00e9 qui sera  \npubli\u00e9 au recueil des actes administratifs de la pr\u00e9fecture de la Manche.\nAvranches, le 29 septembre 2025\nPour le pr\u00e9fet et par d\u00e9l\u00e9gation,\nLe sous-pr\u00e9fet d'Avranches,\nsign\u00e9\nPierre CHAULEUR\nCopie pour information au sous-pr\u00e9fet d'arrondissement.\nSous-pr\u00e9fecture d'Avranches - 50-2025-09-29-00005 - Arr\u00eat\u00e9 portant autorisation d'un syst\u00e8me de vid\u00e9oprotection - Sarl KDC La\nColombe - La Colombe 334\nSous-pr\u00e9fecture d'Avranches\n50-2025-09-29-00002\nArr\u00eat\u00e9 portant autorisation d'un syst\u00e8me de\nvid\u00e9oprotection - Sas Boulangerie BG -\nSaint-Hilaire-du-Harcou\u00ebt\nSous-pr\u00e9fecture d'Avranches - 50-2025-09-29-00002 - Arr\u00eat\u00e9 portant autorisation d'un syst\u00e8me de vid\u00e9oprotection - Sas Boulangerie\nBG - Saint-Hilaire-du-Harcou\u00ebt 335\nExPREFETDE LA MANCHEL,z'berte'Egalit\u00e9Fraternit\u00e9\nSOUS-PREFECTURE D'AVRANCHES\nBureau des s\u00e9curit\u00e9s\nPolice administrative\nArr\u00eat\u00e9 n\u00b0 2025-136\nARR\u00caT\u00c9\nportant autorisation d'un syst\u00e8me de vid\u00e9oprotection\nSas Boulangerie BG - Saint-Hilaire-du-Harcou\u00ebt\nLe Pr\u00e9fet de la Manche,\nChevalier de l'ordre national du M\u00e9rite\nVu le code de la s\u00e9curit\u00e9 int\u00e9rieure, partie l\u00e9gislative, notamment ses articles L.251-\n1 \u00e0 L.255-1 et partie r\u00e9glementaire, notamment ses articles R.251-1 \u00e0 R.253-4 ;\nVu  l'arr\u00eat\u00e9 minist\u00e9riel du 3 ao\u00fbt 2007 portant d\u00e9finition des normes techniques  \ndes syst\u00e8mes de vid\u00e9oprotection et ses annexes techniques ;\nVu l'arr\u00eat\u00e9 pr\u00e9fectoral n\u00b0 2025-32 VN du 22 septembre 2025 donnant d\u00e9l\u00e9gation  \nde signature \u00e0 Monsieur Pierre CHAULEUR sous-pr\u00e9fet d'Avranches ;\nVu la demande d\u00e9pos\u00e9e le 13 d\u00e9cembre 2024 par Madame MARIE BLACHERE , en \nvue d'obtenir l'autorisation d'installer un syst\u00e8me de vid\u00e9oprotection au sein de \nl'\u00e9tablissement  SAS BOULANGERIE BG 93 rue HILARIS  50600 SAINT-HILAIRE-\nDU-HARCOUET ;\nVu le r\u00e9c\u00e9piss\u00e9 de d\u00e9p\u00f4t de cette demande d\u00e9livr\u00e9 le 2 juin 2025 ;\nVu l'avis de la commission d\u00e9partementale de vid\u00e9oprotection du 23 juin 2025 ;\nConsid\u00e9rant que ce lieu est particuli\u00e8rement expos\u00e9 \u00e0 des risques d'agression ou  \nde vol ;\nConsid\u00e9rant  le  caract\u00e8re  proportionn\u00e9  du  nombre  de  cam\u00e9ras  envisag\u00e9es  au \nregard des risques susmentionn\u00e9s ;\nARR\u00caTE\nArt. 1  : Madame MARIE BLACHERE  est autoris\u00e9e , dans les conditions fix\u00e9es au  \npr\u00e9sent arr\u00eat\u00e9 et pour une dur\u00e9e de cinq ans renouvelable, \u00e0 installer  4 cam\u00e9ras \nint\u00e9rieures et  1 cam\u00e9ra ext\u00e9rieure  de vid\u00e9oprotection au sein de l'\u00e9tablissement  \nSAS  BOULANGERIE  BG  93  rue  HILARIS   50600  SAINT-HILAIRE-DU-HARCOUET, \nconform\u00e9ment au dossier pr\u00e9sent\u00e9 et annex\u00e9 \u00e0 la demande enregistr\u00e9e sous le  \nnum\u00e9ro 2025/0045.\nLe  syst\u00e8me  consid\u00e9r\u00e9  r\u00e9pond  aux  finalit\u00e9s  pr\u00e9vues  par  le  code  de  la  s\u00e9curit\u00e9 \nint\u00e9rieure :\nSous-Pr\u00e9fecture Avranches - Place Daniel Huet - 50300 Avranches - T\u00e9l. : 02.14.14.32.40\nM\u00e9l. : sp-avranches@manche.gouv.fr\nHeures d'accueil du public : de 9 h 00 \u00e0 12 h 00 et de 13 h 00 \u00e0 16 h 00\nSous-pr\u00e9fecture d'Avranches - 50-2025-09-29-00002 - Arr\u00eat\u00e9 portant autorisation d'un syst\u00e8me de vid\u00e9oprotection - Sas Boulangerie\nBG - Saint-Hilaire-du-Harcou\u00ebt 336\nPr\u00e9vention des atteintes a la s\u00e9curit\u00e9 des personnes et des biens dans des lieux et  \n\u00e9tablissements ouverts au public particuli\u00e8rement expos\u00e9s a des risques d'agression  \nou de vol, Protection des abords imm\u00e9diats des b\u00e2timents et des installations des  \ncommer\u00e7ants dans des lieux expos\u00e9s a des risques d'agression et de vol, Protection  \ndes abords imm\u00e9diats des b\u00e2timents et des installations de lieux et \u00e9tablissements  \nrelevant d'une personne morale de droit priv\u00e9 expos\u00e9s a des actes de terrorisme.\nArt. 2 : Le public est inform\u00e9 de la pr\u00e9sence de ces cam\u00e9ras, dans l'\u00e9tablissement  \ncit\u00e9 \u00e0 l'article 1er, par une signal\u00e9tique appropri\u00e9e :\n- de  mani\u00e8re  claire,  permanente  et  significative,  \u00e0  chaque  point  d'acc\u00e8s  du \npublic, de l'existence du syst\u00e8me de vid\u00e9oprotection ;\n- \u00e0 chaque point d'acc\u00e8s du public, des affichettes mentionnent les r\u00e9f\u00e9rences  \ndu code de la s\u00e9curit\u00e9 int\u00e9rieure susvis\u00e9 et les coordonn\u00e9es du responsable de \nl'\u00e9tablissement aupr\u00e8s duquel s'exerce le droit d'acc\u00e8s aux images.\nLe droit d'acc\u00e8s aux images pourra s'exercer aupr\u00e8s de la directrice.\nArt. 3  : Hormis le cas d'une enqu\u00eate de flagrant d\u00e9lit, d'une enqu\u00eate pr\u00e9liminaire  \nou d'une information judiciaire,  les enregistrements sont d\u00e9truits dans un d\u00e9lai  \nmaximum de 30 jours.\nArt. 4  : Madame MARIE BLACHERE , responsable de la mise en \u0153uvre du syst\u00e8me  \ndoit se porter garante des personnes susceptibles d'intervenir dans l'exploitation  \nou le visionnage des images, ainsi que dans la maintenance du syst\u00e8me mis en  \nplace. Des consignes tr\u00e8s pr\u00e9cises sur la confidentialit\u00e9 des images capt\u00e9es ou/et  \nenregistr\u00e9es  et  des  atteintes  \u00e0  la  vie  priv\u00e9e  qu'elles  peuvent  \u00e9ventuellement \nimpliquer sont donn\u00e9es \u00e0 toutes les personnes concern\u00e9es.\nArt. 5  : Toute modification pr\u00e9sentant un caract\u00e8re substantiel devra faire l'objet  \nd'une  d\u00e9claration  aupr\u00e8s  des  services  pr\u00e9fectoraux,  notamment  changement \nd'activit\u00e9  dans  les  lieux  prot\u00e9g\u00e9s,  changement  dans  la  configuration  des  lieux, \nchangement affectant la protection des images.\nArt. 6  : Sans pr\u00e9judice des sanctions p\u00e9nales applicables, la pr\u00e9sente autorisation  \npeut, apr\u00e8s que l'int\u00e9ress\u00e9e ait \u00e9t\u00e9 mis \u00e0 m\u00eame de pr\u00e9senter ses observations, \u00eatre \nretir\u00e9e en cas de manquement aux dispositions figurant aux articles L.251-2, L.251-\n3, L.252-1 \u00e0 L.252-6, L.253-1 \u00e0 L.253-5 et R.251-1 \u00e0 R.253-4 du code de la s\u00e9curit\u00e9  \nint\u00e9rieure  susvis\u00e9  ou  encore  en  cas  de  modification  des  conditions  au  vu \ndesquelles cette autorisation a \u00e9t\u00e9 d\u00e9livr\u00e9e.\nArt. 7  : La pr\u00e9sente autorisation peut faire l'objet d'un recours devant le Tribunal \nAdministratif de Caen  dans un d\u00e9lai  de deux  mois \u00e0 compter de la date de sa  \nnotification \u00e0 l'int\u00e9ress\u00e9e.\nArt.  8 :  Le  syst\u00e8me  concern\u00e9  devra  faire  l'objet  d'une  nouvelle  autorisation \nadministrative pr\u00e9alable au terme du d\u00e9lai des cinq ans : une nouvelle demande  \ndevra  \u00eatre  d\u00e9pos\u00e9e  \u00e0  la  pr\u00e9fecture  soit  par  courrier,  soit  par  t\u00e9l\u00e9proc\u00e9dure \ndisponible  sur  le  site  \u00abvideoprotection.interieur.gouv.fr\u00bb, quatre  mois  avant  \nl'\u00e9ch\u00e9ance de ce d\u00e9lai.\nSous-pr\u00e9fecture d'Avranches - 50-2025-09-29-00002 - Arr\u00eat\u00e9 portant autorisation d'un syst\u00e8me de vid\u00e9oprotection - Sas Boulangerie\nBG - Saint-Hilaire-du-Harcou\u00ebt 337\nArt. 9 : Le sous-pr\u00e9fet d'Avranches, Madame MARIE BLACHERE, le maire de SAINT-\nHILAIRE-DU-HARCOUET,  le  commandant  du  groupement  de  gendarmerie  \nd\u00e9partementale sont charg\u00e9s, chacun en ce qui le concerne, de l'ex\u00e9cution du  \npr\u00e9sent arr\u00eat\u00e9 qui sera publi\u00e9 au recueil des actes administratifs de la pr\u00e9fecture  \nde la Manche.\nAvranches, le 29 septembre 2025\nPour le pr\u00e9fet et par d\u00e9l\u00e9gation,\nLe sous-pr\u00e9fet d'Avranches,\nsign\u00e9\nPierre CHAULEUR\nCopie pour information au sous-pr\u00e9fet d'arrondissement.\nSous-pr\u00e9fecture d'Avranches - 50-2025-09-29-00002 - Arr\u00eat\u00e9 portant autorisation d'un syst\u00e8me de vid\u00e9oprotection - Sas Boulangerie\nBG - Saint-Hilaire-du-Harcou\u00ebt 338\nSous-pr\u00e9fecture d'Avranches\n50-2025-06-23-00012\nArr\u00eat\u00e9 portant modification d'un syst\u00e8me de\nvid\u00e9oprotection - Super U - Br\u00e9cey\nSous-pr\u00e9fecture d'Avranches - 50-2025-06-23-00012 - Arr\u00eat\u00e9 portant modification d'un syst\u00e8me de vid\u00e9oprotection - Super U - Br\u00e9cey 339\nSOUS-PREFECTURE D'AVRANCHES\nBureau des s\u00e9curit\u00e9s\nPolice administrative\nArr\u00eat\u00e9 n\u00b0 2025-43\nARR\u00caT\u00c9\nportant modification d'un syst\u00e8me de vid\u00e9oprotection\nSuper U - Br\u00e9cey\nLe Pr\u00e9fet de la Manche,\nChevalier de la L\u00e9gion d'Honneur\nChevalier de l'Ordre National du M\u00e9rite\nVu  le code de la s\u00e9curit\u00e9 int\u00e9rieure,  partie l\u00e9gislative,  notamment ses  articles\nL.251-1 \u00e0 L.255-1 et partie r\u00e9glementaire, notamment ses articles R.251-1 \u00e0 R.253-\n4 ;\nVu  l'arr\u00eat\u00e9 minist\u00e9riel du 3 ao\u00fbt 2007 portant d\u00e9finition des normes techniques\ndes syst\u00e8mes de vid\u00e9oprotection et ses annexes techniques ;\nVu l'arr\u00eat\u00e9 pr\u00e9fectoral n\u00b0 2023-23 VN du 21 ao\u00fbt 2023 donnant d\u00e9l\u00e9gation de\nsignature \u00e0 Monsieur Pierre CHAULEUR sous-pr\u00e9fet d'Avranches ;\nVu l'arr\u00eat\u00e9  pr\u00e9fectoral  du  26  juin  2013 portant  autorisation  d'un  syst\u00e8me  de\nvid\u00e9oprotection, modifi\u00e9 le 16 avril 2018 ;\nVu la demande d\u00e9pos\u00e9e le 21 octobre 2024 par Monsieur Olivier HAROU, en vue\nd'obtenir la modification d'un syst\u00e8me autoris\u00e9 de vid\u00e9oprotection au sein de\nl'\u00e9tablissement SAS BAISNEE HARIVEL - SUPER U 5 rue Jeanne d'Arc  50370\nBRECEY ;\nVu le r\u00e9c\u00e9piss\u00e9 de d\u00e9p\u00f4t de cette demande d\u00e9livr\u00e9 le 20 mai 2025 ;\nVu l'avis de la commission d\u00e9partementale de vid\u00e9oprotection du 03 juin 2025 ;\nARR\u00caTE\nArt. 1 : Monsieur Olivier HAROU est autoris\u00e9, dans les conditions fix\u00e9es au pr\u00e9sent\narr\u00eat\u00e9 et pour une dur\u00e9e de  cinq ans  renouvelable, \u00e0 modifier l'installation de\nvid\u00e9oprotection au sein de l'\u00e9tablissement SAS BAISNEE HARIVEL - SUPER U 5 rue\nJeanne d'Arc   50370 BRECEY , conform\u00e9ment au  dossier  annex\u00e9 \u00e0 la demande\nenregistr\u00e9e sous le num\u00e9ro 2013/0008.\nArt.  2 : Cette  modification  intervient  sur  l'installation  de  vid\u00e9oprotection\npr\u00e9c\u00e9demment autoris\u00e9e par arr\u00eat\u00e9 pr\u00e9fectoral susvis\u00e9.\nArt. 3  : La modification porte sur l'ajout de  22 cam\u00e9ras int\u00e9rieures et 4 cam\u00e9ras\next\u00e9rieures. Le syst\u00e8me comporte d\u00e9sormais 75 cam\u00e9ras int\u00e9rieures et 18 cam\u00e9ras\next\u00e9rieures.\nSous-Pr\u00e9fecture Avranches - Place Daniel Huet - 50300 Avranches - T\u00e9l. : 02.14.14.32.40\nM\u00e9l. : sp-avranches@manche.gouv.fr\nHeures d'accueil du public : de 9 h 00 \u00e0 12 h 00 et de 13 h 00 \u00e0 16 h 00\nSous-pr\u00e9fecture d'Avranches - 50-2025-06-23-00012 - Arr\u00eat\u00e9 portant modification d'un syst\u00e8me de vid\u00e9oprotection - Super U - Br\u00e9cey 340\nLa dur\u00e9e de conservation des images est fix\u00e9e \u00e0 30 jours au lieu de 22 .\nLe droit d'acc\u00e8s aux images s'exercera aupr\u00e8s du g\u00e9rant.\nArt. 4 : Monsieur Olivier HAROU, responsable de la mise en \u0153uvre du syst\u00e8me doit\nse porter garant des personnes susceptibles d'intervenir dans l'exploitation ou le\nvisionnage des images, ainsi que dans la maintenance du syst\u00e8me mis en place.\nDes  consignes  tr\u00e8s  pr\u00e9cises  sur  la  confidentialit\u00e9  des  images  capt\u00e9es  ou/et\nenregistr\u00e9es  et  des  atteintes  \u00e0  la  vie  priv\u00e9e  qu'elles  peuvent  \u00e9ventuellement\nimpliquer sont donn\u00e9es \u00e0 toutes les personnes concern\u00e9es.\nArt. 5  : Toute modification pr\u00e9sentant un caract\u00e8re substantiel devra faire l'objet\nd'une  d\u00e9claration  aupr\u00e8s  des  services  pr\u00e9fectoraux,  notamment  changement\nd'activit\u00e9 dans  les  lieux prot\u00e9g\u00e9s,  changement dans  la configuration des  lieux,\nchangement affectant la protection des images.\nArt. 6 : Sans pr\u00e9judice des sanctions p\u00e9nales applicables, la pr\u00e9sente autorisation\npeut, apr\u00e8s que l'int\u00e9ress\u00e9 ait \u00e9t\u00e9 mis \u00e0 m\u00eame de pr\u00e9senter ses observations, \u00eatre\nretir\u00e9e en cas de manquement aux dispositions figurant aux articles L.251-2, L.251-\n3, L.252-1 \u00e0 L.252-6, L.253-1 \u00e0 L.253-5 et R.251-1 \u00e0 R.253-4 du code de la s\u00e9curit\u00e9\nint\u00e9rieure  susvis\u00e9  ou  encore  en  cas  de  modification  des  conditions  au  vu\ndesquelles cette autorisation a \u00e9t\u00e9 d\u00e9livr\u00e9e.\nArt. 7  : La pr\u00e9sente autorisation peut faire l'objet d'un recours devant le Tribunal\nAdministratif de Caen  dans un d\u00e9lai  de deux  mois \u00e0 compter de la date de sa\nnotification \u00e0 l'int\u00e9ress\u00e9.\nArt.  8 :  Le  syst\u00e8me  concern\u00e9  devra  faire  l'objet  d'une  nouvelle  autorisation\nadministrative pr\u00e9alable au terme du d\u00e9lai des cinq ans  : une nouvelle demande\ndevra  \u00eatre  d\u00e9pos\u00e9e  \u00e0  la  pr\u00e9fecture  soit  par  courrier,  soit  par  t\u00e9l\u00e9proc\u00e9dure\ndisponible  sur  le  site  \u00abvideoprotection.interieur.gouv.fr\u00bb, quatre  mois  avant\nl'\u00e9ch\u00e9ance de ce d\u00e9lai.\nArt. 9  : Les autres dispositions pr\u00e9vues par l'arr\u00eat\u00e9 pr\u00e9fectoral susvis\u00e9 demeurent\napplicables.\nArt. 10 : Le sous-pr\u00e9fet d'Avranches, Monsieur Olivier HAROU, le maire de BRECEY,\nle commandant du groupement de gendarmerie d\u00e9partementale sont charg\u00e9s,\nchacun en ce qui le concerne, de l'ex\u00e9cution du pr\u00e9sent arr\u00eat\u00e9 qui sera publi\u00e9 au\nrecueil des actes administratifs de la pr\u00e9fecture de la Manche.\nAvranches, le 23 juin 2025\nPour le pr\u00e9fet et par d\u00e9l\u00e9gation,\nLe sous-pr\u00e9fet d'Avranches,\nsign\u00e9\nPierre CHAULEUR\nSous-pr\u00e9fecture d'Avranches - 50-2025-06-23-00012 - Arr\u00eat\u00e9 portant modification d'un syst\u00e8me de vid\u00e9oprotection - Super U - Br\u00e9cey 341\nSous-pr\u00e9fecture d'Avranches\n50-2025-09-19-00004\nArr\u00eat\u00e9 portant modification d'un syst\u00e8me de\nvid\u00e9oprotection - Super U Sas Cyrius -\nSainte-M\u00e8re-Eglise\nSous-pr\u00e9fecture d'Avranches - 50-2025-09-19-00004 - Arr\u00eat\u00e9 portant modification d'un syst\u00e8me de vid\u00e9oprotection - Super U Sas\nCyrius - Sainte-M\u00e8re-Eglise 342\nExPREFETDE LA MANCHEL,z'berte'Egalit\u00e9Fraternit\u00e9\nSOUS-PREFECTURE D'AVRANCHES\nBureau des s\u00e9curit\u00e9s\nPolice administrative\nArr\u00eat\u00e9 n\u00b0 2025-44\nARR\u00caT\u00c9\nportant modification d'un syst\u00e8me de vid\u00e9oprotection\nSuper U Sas Cyrius - Sainte-M\u00e8re-Eglise\nLe Pr\u00e9fet de la Manche,\nChevalier de la L\u00e9gion d'Honneur\nChevalier de l'Ordre National du M\u00e9rite\nVu le code de la s\u00e9curit\u00e9 int\u00e9rieure, partie l\u00e9gislative, notamment ses articles L.251-\n1 \u00e0 L.255-1 et partie r\u00e9glementaire, notamment ses articles R.251-1 \u00e0 R.253-4 ;\nVu  l'arr\u00eat\u00e9 minist\u00e9riel du 3 ao\u00fbt 2007 portant d\u00e9finition des normes techniques  \ndes syst\u00e8mes de vid\u00e9oprotection et ses annexes techniques ;\nVu l'arr\u00eat\u00e9 pr\u00e9fectoral n\u00b0 2023-23 VN du 21 ao\u00fbt 2023 donnant d\u00e9l\u00e9gation de  \nsignature \u00e0 Monsieur Pierre CHAULEUR sous-pr\u00e9fet d'Avranches ;\nVu l'arr\u00eat\u00e9  pr\u00e9fectoral  du  26  juin  2013 portant  autorisation  d'un  syst\u00e8me  de \nvid\u00e9oprotection modifi\u00e9 le 6 juillet 2018 ;\nVu  la demande d\u00e9pos\u00e9e le  13 mai 2024 par  Madame Virginie CREVEUIL, en vue  \nd'obtenir la modification d'un syst\u00e8me autoris\u00e9 de vid\u00e9oprotection au sein de  \nl'\u00e9tablissement SUPER U - SAS CYRIUS ZA Les Crutelles  50480 SAINTE-MERE-\nEGLISE ;\nVu le r\u00e9c\u00e9piss\u00e9 de d\u00e9p\u00f4t de cette demande d\u00e9livr\u00e9 le 20 mai 2025 ;\nVu l'avis de la commission d\u00e9partementale de vid\u00e9oprotection du 03 juin 2025 ;\nARR\u00caTE\nArt. 1  : Madame Virginie CREVEUIL  est autoris\u00e9e , dans les conditions fix\u00e9es au  \npr\u00e9sent arr\u00eat\u00e9 et pour une dur\u00e9e de cinq ans renouvelable, \u00e0 modifier l'installation \nde  vid\u00e9oprotection  au  sein  de  l'\u00e9tablissement SUPER  U  - SAS  CYRIUS  ZA  Les \nCrutelles   50480  SAINTE-MERE-EGLISE, conform\u00e9ment  au  dossier  annex\u00e9  \u00e0  la \ndemande enregistr\u00e9e sous le num\u00e9ro 2013/0012.\nArt.  2 : Cette  modification  intervient  sur  l'installation  de  vid\u00e9oprotection  \npr\u00e9c\u00e9demment autoris\u00e9e par arr\u00eat\u00e9 pr\u00e9fectoral susvis\u00e9.\nArt. 3  : La modification porte sur l'ajout de  21 cam\u00e9ras int\u00e9rieures et  3 cam\u00e9ras \next\u00e9rieures. Le syst\u00e8me comporte d\u00e9sormais 42 cam\u00e9ras int\u00e9rieures et 14 cam\u00e9ras \next\u00e9rieures.\nSous-Pr\u00e9fecture Avranches - Place Daniel Huet - 50300 Avranches - T\u00e9l. : 02.14.14.32.40\nM\u00e9l. : sp-avranches@manche.gouv.fr\nHeures d'accueil du public : de 9 h 00 \u00e0 12 h 00 et de 13 h 00 \u00e0 16 h 00\nSous-pr\u00e9fecture d'Avranches - 50-2025-09-19-00004 - Arr\u00eat\u00e9 portant modification d'un syst\u00e8me de vid\u00e9oprotection - Super U Sas\nCyrius - Sainte-M\u00e8re-Eglise 343\nLa dur\u00e9e de conservation des images est fix\u00e9e \u00e0 15 jours.\nLe droit d'acc\u00e8s aux images s'exercera aupr\u00e8s de Madame Virginie Creveuil.\nArt. 4  : Madame Virginie CREVEUIL , responsable de la mise en \u0153uvre du syst\u00e8me  \ndoit se porter garante des personnes susceptibles d'intervenir dans l'exploitation  \nou le visionnage des images, ainsi que dans la maintenance du syst\u00e8me mis en  \nplace. Des consignes tr\u00e8s pr\u00e9cises sur la confidentialit\u00e9 des images capt\u00e9es ou/et  \nenregistr\u00e9es  et  des  atteintes  \u00e0  la  vie  priv\u00e9e  qu'elles  peuvent  \u00e9ventuellement \nimpliquer sont donn\u00e9es \u00e0 toutes les personnes concern\u00e9es.\nArt. 5  : Toute modification pr\u00e9sentant un caract\u00e8re substantiel devra faire l'objet  \nd'une  d\u00e9claration  aupr\u00e8s  des  services  pr\u00e9fectoraux,  notamment  changement \nd'activit\u00e9  dans  les  lieux  prot\u00e9g\u00e9s,  changement  dans  la  configuration  des  lieux, \nchangement affectant la protection des images.\nArt. 6  : Sans pr\u00e9judice des sanctions p\u00e9nales applicables, la pr\u00e9sente autorisation  \npeut, apr\u00e8s que l'int\u00e9ress\u00e9e ait \u00e9t\u00e9 mis \u00e0 m\u00eame de pr\u00e9senter ses observations, \u00eatre \nretir\u00e9e en cas de manquement aux dispositions figurant aux articles L.251-2, L.251-\n3, L.252-1 \u00e0 L.252-6, L.253-1 \u00e0 L.253-5 et R.251-1 \u00e0 R.253-4 du code de la s\u00e9curit\u00e9  \nint\u00e9rieure  susvis\u00e9  ou  encore  en  cas  de  modification  des  conditions  au  vu \ndesquelles cette autorisation a \u00e9t\u00e9 d\u00e9livr\u00e9e.\nArt. 7  : La pr\u00e9sente autorisation peut faire l'objet d'un recours devant le Tribunal \nAdministratif de Caen  dans un d\u00e9lai  de deux  mois \u00e0 compter de la date de sa  \nnotification \u00e0 l'int\u00e9ress\u00e9e.\nArt.  8 :  Le  syst\u00e8me  concern\u00e9  devra  faire  l'objet  d'une  nouvelle  autorisation \nadministrative pr\u00e9alable au terme du d\u00e9lai des cinq ans : une nouvelle demande  \ndevra  \u00eatre  d\u00e9pos\u00e9e  \u00e0  la  pr\u00e9fecture  soit  par  courrier,  soit  par  t\u00e9l\u00e9proc\u00e9dure \ndisponible  sur  le  site  \u00abvideoprotection.interieur.gouv.fr\u00bb, quatre  mois  avant  \nl'\u00e9ch\u00e9ance de ce d\u00e9lai.\nArt. 9  : Les autres dispositions pr\u00e9vues par l'arr\u00eat\u00e9 pr\u00e9fectoral susvis\u00e9 demeurent  \napplicables.\nArt. 10  : Le  sous-pr\u00e9fet de Cherbourg,  Madame Virginie CREVEUIL, le maire de  \nSAINTE-MERE-EGLISE,  le  commandant  du  groupement  de  gendarmerie  \nd\u00e9partementale sont charg\u00e9s, chacun en ce qui le concerne, de l'ex\u00e9cution du  \npr\u00e9sent arr\u00eat\u00e9 qui sera publi\u00e9 au recueil des actes administratifs de la pr\u00e9fecture  \nde la Manche.\nAvranches, le 19 septembre 2025\nPour le pr\u00e9fet et par d\u00e9l\u00e9gation,\nLe sous-pr\u00e9fet d'Avranches,\nsign\u00e9\nPierre CHAULEUR\nCopie pour information au sous-pr\u00e9fet d'arrondissement.\nSous-pr\u00e9fecture d'Avranches - 50-2025-09-19-00004 - Arr\u00eat\u00e9 portant modification d'un syst\u00e8me de vid\u00e9oprotection - Super U Sas\nCyrius - Sainte-M\u00e8re-Eglise 344\nSous-pr\u00e9fecture d'Avranches\n50-2025-09-02-00003\nArr\u00eat\u00e9 portant modification d'un syst\u00e8me de\nvid\u00e9oprotection - Syndicat Mixte du point fort -\ncentre d'enfouissement - Cavigny\nSous-pr\u00e9fecture d'Avranches - 50-2025-09-02-00003 - Arr\u00eat\u00e9 portant modification d'un syst\u00e8me de vid\u00e9oprotection - Syndicat Mixte\ndu point fort - centre d'enfouissement - Cavigny 345\nSOUS-PREFECTURE D'AVRANCHES\nBureau des s\u00e9curit\u00e9s\nPolice administrative\nArr\u00eat\u00e9 n\u00b0 2025-130\nARR\u00caT\u00c9\nportant modification d'un syst\u00e8me de vid\u00e9oprotection\nSyndicat Mixte du point fort \u2013 centre d'enfouissement - Cavigny\nLe Pr\u00e9fet de la Manche,\nChevalier de la L\u00e9gion d'Honneur\nChevalier de l'Ordre National du M\u00e9rite\nVu  le code de la s\u00e9curit\u00e9 int\u00e9rieure,  partie l\u00e9gislative,  notamment ses  articles\nL.251-1 \u00e0 L.255-1 et partie r\u00e9glementaire, notamment ses articles R.251-1 \u00e0 R.253-\n4 ;\nVu  l'arr\u00eat\u00e9 minist\u00e9riel du 3 ao\u00fbt 2007 portant d\u00e9finition des normes techniques\ndes syst\u00e8mes de vid\u00e9oprotection et ses annexes techniques ;\nVu l'arr\u00eat\u00e9 pr\u00e9fectoral n\u00b0 2023-23 VN du 21 ao\u00fbt 2023 donnant d\u00e9l\u00e9gation de\nsignature \u00e0 Monsieur Pierre CHAULEUR sous-pr\u00e9fet d'Avranches ;\nVu l'arr\u00eat\u00e9  pr\u00e9fectoral  du  27  mai  2024 portant  autorisation  d'un  syst\u00e8me  de\nvid\u00e9oprotection,  ;\nVu la demande d\u00e9pos\u00e9e le 10 f\u00e9vrier 2025 par Monsieur Laurent Pien, pr\u00e9sident du\nsyndicat mixte du Point Fort, en vue d'obtenir la modification d'un syst\u00e8me\nautoris\u00e9 de vid\u00e9oprotection  au  sein du  si\u00e8ge social de  l'\u00e9tablissement  situ\u00e9\nH\u00f4tel Bled  50620 CAVIGNY ;\nVu le r\u00e9c\u00e9piss\u00e9 de d\u00e9p\u00f4t de cette demande d\u00e9livr\u00e9 le 2 juin 2025 ;\nVu l'avis de la commission d\u00e9partementale de vid\u00e9oprotection du 23 juin 2025 ;\nARR\u00caTE\nArt.  1 : Monsieur  Laurent  Pien,  pr\u00e9sident  du  syndicat  mixte  du  Point  Fort est\nautoris\u00e9, dans les conditions fix\u00e9es au pr\u00e9sent arr\u00eat\u00e9 et pour une dur\u00e9e de cinq\nans renouvelable,  \u00e0 modifier  l'installation  de  vid\u00e9oprotection  au  sein du  si\u00e8ge\nsocial de l'\u00e9tablissement situ\u00e9 H\u00f4tel Bled  50620 CAVIGNY , conform\u00e9ment au\ndossier annex\u00e9 \u00e0 la demande enregistr\u00e9e sous le num\u00e9ro 2023/0374.\nArt.  2 : Cette  modification  intervient  sur  l'installation  de  vid\u00e9oprotection\npr\u00e9c\u00e9demment autoris\u00e9e par arr\u00eat\u00e9 pr\u00e9fectoral susvis\u00e9.\nArt. 3 : La modification porte sur les personnes habilit\u00e9es\nSous-Pr\u00e9fecture Avranches - Place Daniel Huet - 50300 Avranches - T\u00e9l. : 02.14.14.32.40\nM\u00e9l. : sp-avranches@manche.gouv.fr\nHeures d'accueil du public : de 9 h 00 \u00e0 12 h 00 et de 13 h 00 \u00e0 16 h 00\nSous-pr\u00e9fecture d'Avranches - 50-2025-09-02-00003 - Arr\u00eat\u00e9 portant modification d'un syst\u00e8me de vid\u00e9oprotection - Syndicat Mixte\ndu point fort - centre d'enfouissement - Cavigny 346\nLa dur\u00e9e de conservation des images est fix\u00e9e \u00e0 30 jours.\nLe droit d'acc\u00e8s aux images s'exercera aupr\u00e8s du directeur g\u00e9n\u00e9ral des services.\nArt.  4 : Monsieur  Laurent  Pien, pr\u00e9sident  du  syndicat  mixte  du  Point  Fort\nresponsable de la mise en \u0153uvre du syst\u00e8me doit se porter garant des personnes\nsusceptibles d'intervenir dans l'exploitation ou le visionnage des images, ainsi que\ndans la maintenance du syst\u00e8me mis en place. Des consignes tr\u00e8s pr\u00e9cises sur la\nconfidentialit\u00e9  des  images  capt\u00e9es  ou/et  enregistr\u00e9es  et  des  atteintes  \u00e0  la  vie\npriv\u00e9e  qu'elles  peuvent  \u00e9ventuellement  impliquer  sont  donn\u00e9es  \u00e0  toutes  les\npersonnes concern\u00e9es.\nArt. 5  : Toute modification pr\u00e9sentant un caract\u00e8re substantiel devra faire l'objet\nd'une  d\u00e9claration  aupr\u00e8s  des  services  pr\u00e9fectoraux,  notamment  changement\nd'activit\u00e9 dans  les  lieux prot\u00e9g\u00e9s,  changement dans  la configuration des  lieux,\nchangement affectant la protection des images.\nArt. 6 : Sans pr\u00e9judice des sanctions p\u00e9nales applicables, la pr\u00e9sente autorisation\npeut, apr\u00e8s que l'int\u00e9ress\u00e9 ait \u00e9t\u00e9 mis \u00e0 m\u00eame de pr\u00e9senter ses observations, \u00eatre\nretir\u00e9e en cas de manquement aux dispositions figurant aux articles L.251-2, L.251-\n3, L.252-1 \u00e0 L.252-6, L.253-1 \u00e0 L.253-5 et R.251-1 \u00e0 R.253-4 du code de la s\u00e9curit\u00e9\nint\u00e9rieure  susvis\u00e9  ou  encore  en  cas  de  modification  des  conditions  au  vu\ndesquelles cette autorisation a \u00e9t\u00e9 d\u00e9livr\u00e9e.\nArt. 7  : La pr\u00e9sente autorisation peut faire l'objet d'un recours devant le Tribunal\nAdministratif de Caen  dans un d\u00e9lai  de deux  mois \u00e0 compter de la date de sa\nnotification \u00e0 l'int\u00e9ress\u00e9.\nArt.  8 :  Le  syst\u00e8me  concern\u00e9  devra  faire  l'objet  d'une  nouvelle  autorisation\nadministrative pr\u00e9alable au terme du d\u00e9lai des cinq ans  : une nouvelle demande\ndevra  \u00eatre  d\u00e9pos\u00e9e  \u00e0  la  pr\u00e9fecture  soit  par  courrier,  soit  par  t\u00e9l\u00e9proc\u00e9dure\ndisponible  sur  le  site  \u00abvideoprotection.interieur.gouv.fr\u00bb, quatre  mois  avant\nl'\u00e9ch\u00e9ance de ce d\u00e9lai.\nArt. 9  : Les autres dispositions pr\u00e9vues par l'arr\u00eat\u00e9 pr\u00e9fectoral susvis\u00e9 demeurent\napplicables.\nArt. 10 : La sous-pr\u00e9f\u00e8te de Saint-L\u00f4 , Monsieur Laurent Pien, pr\u00e9sident du syndicat\nmixte du Point Fort, le maire de CAVIGNY, le commandant du groupement de\ngendarmerie  d\u00e9partementale  sont  charg\u00e9s,  chacun  en  ce  qui  le  concerne,  de\nl'ex\u00e9cution du pr\u00e9sent arr\u00eat\u00e9 qui sera publi\u00e9 au recueil des actes administratifs de\nla pr\u00e9fecture de la Manche.\n                                                                               Avranches, le 2 septembre 2025\nPour le pr\u00e9fet et par d\u00e9l\u00e9gation,\nLe sous-pr\u00e9fet d'Avranches,\nsign\u00e9\nPierre CHAULEUR\nCopie pour information au sous-pr\u00e9fet d'arrondissement.\nSous-pr\u00e9fecture d'Avranches - 50-2025-09-02-00003 - Arr\u00eat\u00e9 portant modification d'un syst\u00e8me de vid\u00e9oprotection - Syndicat Mixte\ndu point fort - centre d'enfouissement - Cavigny 347\nSous-pr\u00e9fecture d'Avranches\n50-2025-09-02-00002\nArr\u00eat\u00e9 portant modification d'un syst\u00e8me de\nvid\u00e9oprotection - Syndicat Mixte du point fort -\ncentre d'enfouissement - Saint-Fromond\nSous-pr\u00e9fecture d'Avranches - 50-2025-09-02-00002 - Arr\u00eat\u00e9 portant modification d'un syst\u00e8me de vid\u00e9oprotection - Syndicat Mixte\ndu point fort - centre d'enfouissement - Saint-Fromond 348\nSOUS-PREFECTURE D'AVRANCHES\nBureau des s\u00e9curit\u00e9s\nPolice administrative\nArr\u00eat\u00e9 n\u00b0 2025-129\nARR\u00caT\u00c9\nportant modification d'un syst\u00e8me de vid\u00e9oprotection\nSyndicat Mixte du point fort \u2013 centre d'enfouissement - Saint-Fromond\nLe Pr\u00e9fet de la Manche,\nChevalier de la L\u00e9gion d'Honneur\nChevalier de l'Ordre National du M\u00e9rite\nVu  le code de la s\u00e9curit\u00e9 int\u00e9rieure,  partie l\u00e9gislative,  notamment ses  articles\nL.251-1 \u00e0 L.255-1 et partie r\u00e9glementaire, notamment ses articles R.251-1 \u00e0 R.253-\n4 ;\nVu  l'arr\u00eat\u00e9 minist\u00e9riel du 3 ao\u00fbt 2007 portant d\u00e9finition des normes techniques\ndes syst\u00e8mes de vid\u00e9oprotection et ses annexes techniques ;\nVu l'arr\u00eat\u00e9 pr\u00e9fectoral n\u00b0 2023-23 VN du 21 ao\u00fbt 2023 donnant d\u00e9l\u00e9gation de\nsignature \u00e0 Monsieur Pierre CHAULEUR sous-pr\u00e9fet d'Avranches ;\nVu l'arr\u00eat\u00e9 pr\u00e9fectoral du  02 janvier 2020  portant autorisation d'un syst\u00e8me de\nvid\u00e9oprotection, modifi\u00e9 le 12 juillet 2022 et modifi\u00e9 le 9 octobre 2023 ;\nVu la demande d\u00e9pos\u00e9e le 10 f\u00e9vrier 2025 par Monsieur Laurent PIEN, pr\u00e9sident\ndu syndicat mixte du Point Fort, en vue d'obtenir la modification d'un syst\u00e8me\nautoris\u00e9  de  vid\u00e9oprotection  au  sein  de  l'\u00e9tablissement  situ\u00e9  La  Butte\nBeauch\u00eane  50620 SAINT-FROMOND ;\nVu le r\u00e9c\u00e9piss\u00e9 de d\u00e9p\u00f4t de cette demande d\u00e9livr\u00e9 le 2 juin 2025 ;\nVu l'avis de la commission d\u00e9partementale de vid\u00e9oprotection du 23 juin 2025 ;\nARR\u00caTE\nArt. 1  : Monsieur Laurent PIEN, pr\u00e9sident du syndicat mixte du Point Fort,  est\nautoris\u00e9, dans les conditions fix\u00e9es au pr\u00e9sent arr\u00eat\u00e9 et pour une dur\u00e9e de cinq\nans renouvelable,  \u00e0  modifier  l'installation  de  vid\u00e9oprotection  au  sein  de\nl'\u00e9tablissement situ\u00e9  La  Butte  Beauch\u00eane   50620  SAINT-FROMOND ,\nconform\u00e9ment  au  dossier  annex\u00e9  \u00e0  la  demande  enregistr\u00e9e  sous  le  num\u00e9ro\n2019/0271.\nArt.  2 : Cette  modification  intervient  sur  l'installation  de  vid\u00e9oprotection\npr\u00e9c\u00e9demment autoris\u00e9e par arr\u00eat\u00e9 pr\u00e9fectoral susvis\u00e9.\nArt. 3 : La modification porte sur les personnes habilit\u00e9es.\nSous-Pr\u00e9fecture Avranches - Place Daniel Huet - 50300 Avranches - T\u00e9l. : 02.14.14.32.40\nM\u00e9l. : sp-avranches@manche.gouv.fr\nHeures d'accueil du public : de 9 h 00 \u00e0 12 h 00 et de 13 h 00 \u00e0 16 h 00\nSous-pr\u00e9fecture d'Avranches - 50-2025-09-02-00002 - Arr\u00eat\u00e9 portant modification d'un syst\u00e8me de vid\u00e9oprotection - Syndicat Mixte\ndu point fort - centre d'enfouissement - Saint-Fromond 349\nLa dur\u00e9e de conservation des images est fix\u00e9e \u00e0 30 jours.\nLe droit d'acc\u00e8s aux images s'exercera aupr\u00e8s du directeur g\u00e9n\u00e9ral des services.\nArt.  4 : Monsieur  Laurent  PIEN, pr\u00e9sident  du  syndicat  mixte  du  Point  Fort,\nresponsable de la mise en \u0153uvre du syst\u00e8me doit se porter garant des personnes\nsusceptibles d'intervenir dans l'exploitation ou le visionnage des images, ainsi que\ndans la maintenance du syst\u00e8me mis en place. Des consignes tr\u00e8s pr\u00e9cises sur la\nconfidentialit\u00e9  des  images  capt\u00e9es  ou/et  enregistr\u00e9es  et  des  atteintes  \u00e0  la  vie\npriv\u00e9e  qu'elles  peuvent  \u00e9ventuellement  impliquer  sont  donn\u00e9es  \u00e0  toutes  les\npersonnes concern\u00e9es.\nArt. 5  : Toute modification pr\u00e9sentant un caract\u00e8re substantiel devra faire l'objet\nd'une  d\u00e9claration  aupr\u00e8s  des  services  pr\u00e9fectoraux,  notamment  changement\nd'activit\u00e9 dans  les  lieux prot\u00e9g\u00e9s,  changement dans  la configuration des  lieux,\nchangement affectant la protection des images.\nArt. 6 : Sans pr\u00e9judice des sanctions p\u00e9nales applicables, la pr\u00e9sente autorisation\npeut, apr\u00e8s que l'int\u00e9ress\u00e9 ait \u00e9t\u00e9 mis \u00e0 m\u00eame de pr\u00e9senter ses observations, \u00eatre\nretir\u00e9e en cas de manquement aux dispositions figurant aux articles L.251-2, L.251-\n3, L.252-1 \u00e0 L.252-6, L.253-1 \u00e0 L.253-5 et R.251-1 \u00e0 R.253-4 du code de la s\u00e9curit\u00e9\nint\u00e9rieure  susvis\u00e9  ou  encore  en  cas  de  modification  des  conditions  au  vu\ndesquelles cette autorisation a \u00e9t\u00e9 d\u00e9livr\u00e9e.\nArt. 7  : La pr\u00e9sente autorisation peut faire l'objet d'un recours devant le Tribunal\nAdministratif de Caen  dans un d\u00e9lai  de deux  mois \u00e0 compter de la date de sa\nnotification \u00e0 l'int\u00e9ress\u00e9.\nArt.  8 :  Le  syst\u00e8me  concern\u00e9  devra  faire  l'objet  d'une  nouvelle  autorisation\nadministrative pr\u00e9alable au terme du d\u00e9lai des cinq ans  : une nouvelle demande\ndevra  \u00eatre  d\u00e9pos\u00e9e  \u00e0  la  pr\u00e9fecture  soit  par  courrier,  soit  par  t\u00e9l\u00e9proc\u00e9dure\ndisponible  sur  le  site  \u00abvideoprotection.interieur.gouv.fr\u00bb, quatre  mois  avant\nl'\u00e9ch\u00e9ance de ce d\u00e9lai.\nArt. 9  : Les autres dispositions pr\u00e9vues par l'arr\u00eat\u00e9 pr\u00e9fectoral susvis\u00e9 demeurent\napplicables.\nArt. 10 : La sous-pr\u00e9f\u00e8te de Saint-L\u00f4, Monsieur Laurent PIEN, pr\u00e9sident du syndicat\nmixte  du  Point  Fort,  le  maire  de  SAINT-FROMOND,  le  commandant  du\ngroupement de gendarmerie d\u00e9partementale sont charg\u00e9s, chacun en ce qui le\nconcerne, de l'ex\u00e9cution du pr\u00e9sent arr\u00eat\u00e9 qui sera publi\u00e9 au recueil des actes\nadministratifs de la pr\u00e9fecture de la Manche.\n                                                                               Avranches, le 2 septembre 2025\nPour le pr\u00e9fet et par d\u00e9l\u00e9gation,\nLe sous-pr\u00e9fet d'Avranches,\nsign\u00e9\nPierre CHAULEUR\nCopie pour information au sous-pr\u00e9fet d'arrondissement.\nSous-pr\u00e9fecture d'Avranches - 50-2025-09-02-00002 - Arr\u00eat\u00e9 portant modification d'un syst\u00e8me de vid\u00e9oprotection - Syndicat Mixte\ndu point fort - centre d'enfouissement - Saint-Fromond 350\nTribunal administratif de Caen\n50-2025-09-01-00025\nD\u00e9cision portant d\u00e9l\u00e9gation de signature \u00e0 M\nStephen PRINGAULT\nTribunal administratif de Caen - 50-2025-09-01-00025 - D\u00e9cision portant d\u00e9l\u00e9gation de signature \u00e0 M Stephen PRINGAULT 351\nn |\nW  \u00e4TRIBUNAL ADMINISTRATIFDE CAEN\nDECISION DU 1er SEPTEMBRE 2025\nPORTANT DELEGATION DE SIGNATURE A M. STEPHEN PRINGAULT\nLA VICE-PRESIDENTE DU TRIBUNAL ADMINISTRATIF DE CAEN\nPRESIDENTE DE LA 2\u00e8me CHAMBRE\nVU le code de justice administrative et notamment son article R. 611-10, alin\u00e9a 2.\nVU le d\u00e9cret du 8 juillet 2025 portant nomination de Mme Th\u00e9r\u00e8se RENAULT, pr\u00e9sidente du corps des\ntribunaux  administratifs  et  des  cours  administrativ es  d'appel,  en  qualit\u00e9  de  vice-pr\u00e9sidente  du  tribun al\nadministratif de Caen.\nD E C I D E :\nARTICLE 1  er   : D\u00e9l\u00e9gation de signature est donn\u00e9e \u00e0 M. Stephen P RINGAULT, conseiller, \u00e0 l'effet de signer\nles mesures d'instruction pr\u00e9vues aux articles R. 6 11-7, R. 611-7-1, R. 611-8-1, R. 611-8-7, R. 611-11 ,  \nR. 612-3, R. 613-1, R. 613-1-1 et R. 613-4 du code de justice administrative.\nARTICLE 2  : La pr\u00e9sente d\u00e9cision sera notifi\u00e9e \u00e0 M. Stephen PRINGAULT, affich\u00e9e dans les locaux du\ntribunal et transmise aux pr\u00e9fets du Calvados, de l a Manche et de l'Orne, pour publication au recueil des\nactes administratifs.\nFait \u00e0 Caen, le 1er septembre 2025.\nSIGN\u00c9\nLa Vice-Pr\u00e9sidente \ndu Tribunal Administratif de Caen,\nPr\u00e9sidente de la 2\u00e8me chambre\nT. RENAULT\nD\u00e9l\u00e9gation - signature mesures d'instruction\nTribunal administratif de Caen - 50-2025-09-01-00025 - D\u00e9cision portant d\u00e9l\u00e9gation de signature \u00e0 M Stephen PRINGAULT 352\nTribunal administratif de Caen\n50-2025-09-01-00024\nD\u00e9cision portant d\u00e9l\u00e9gation de signature \u00e0 Mme\nMireille PILLAIS TA CAEN\nTribunal administratif de Caen - 50-2025-09-01-00024 - D\u00e9cision portant d\u00e9l\u00e9gation de signature \u00e0 Mme Mireille PILLAIS TA CAEN 353\nn |\nW  \u00e4TRIBUNAL ADMINISTRATIFDE CAEN\nDECISION DU 1er SEPTEMBRE 2025\nPORTANT DELEGATION DE SIGNATURE A MME MIREILLE PILLAIS\nLA VICE-PRESIDENTE DU TRIBUNAL ADMINISTRATIF DE CAEN\nPRESIDENTE DE LA 2\u00e8me CHAMBRE\nVU le code de justice administrative et notamment son article R. 611-10, alin\u00e9a 2.\nVU le d\u00e9cret du 8 juillet 2025 portant nomination de Mme Th\u00e9r\u00e8se RENAULT, pr\u00e9sidente du corps des\ntribunaux  administratifs  et  des  cours  administrativ es  d'appel,  en  qualit\u00e9  de  vice-pr\u00e9sidente  du  tribun al\nadministratif de Caen.\nD E C I D E :\nARTICLE 1  er   : D\u00e9l\u00e9gation de signature est donn\u00e9e \u00e0 Mme Mireille  PILLAIS, premi\u00e8re conseill\u00e8re, \u00e0 l'effet de\nsigner  les  mesures  d'instruction  pr\u00e9vues  aux  articl es  R.  611-7,  R.  611-7-1,  R.  611-8-1,  R.  611-8-7,  \nR. 611-11, R. 612-3, R. 613-1, R. 613-1-1 et R. 613-4 du code de justice administrative.\nARTICLE 2 : La pr\u00e9sente d\u00e9cision sera notifi\u00e9e \u00e0 Mme Mireill e PILLAIS, affich\u00e9e dans les locaux du tribunal\net transmise aux pr\u00e9fets du Calvados, de la Manche et de l'Orne, pour publication au recueil des actes\nadministratifs.\nFait \u00e0 Caen, le 1er septembre 2025.\nSIGN\u00c9\nLa Vice-Pr\u00e9sidente \ndu Tribunal Administratif de Caen,\nPr\u00e9sidente de la 2\u00e8me chambre\nT. RENAULT\nD\u00e9l\u00e9gation - signature mesures d'instruction\nTribunal administratif de Caen - 50-2025-09-01-00024 - D\u00e9cision portant d\u00e9l\u00e9gation de signature \u00e0 Mme Mireille PILLAIS TA CAEN 354\nTribunal administratif de Caen\n50-2025-09-01-00022\nD\u00e9cision portant d\u00e9l\u00e9gation de signature \u00e0 Mme\nSandra MARLIER TA CAEN\nTribunal administratif de Caen - 50-2025-09-01-00022 - D\u00e9cision portant d\u00e9l\u00e9gation de signature \u00e0 Mme Sandra MARLIER TA CAEN 355\nn |\nW  \u00e4TRIBUNAL ADMINISTRATIFDE CAEN\nDECISION DU 1er SEPTEMBRE 2025 \nPORTANT DELEGATION DE SIGNATURE A MME SANDRA MARLIER\nLE VICE-PRESIDENT DU TRIBUNAL ADMINISTRATIF DE CAEN\nPRESIDENT DE LA 1\u00e8re CHAMBRE\nVU le code de justice administrative et notamment son article R. 611-10, alin\u00e9a 2. \nVU l'arr\u00eat\u00e9  du  23  mars  2021  portant  mutation  de  M.  Fr \u00e9d\u00e9ric  CHEYLAN,  pr\u00e9sident  du  corps  des\ntribunaux administratifs et des cours administrativ es d'appel, en qualit\u00e9 de vice-pr\u00e9sident du tribuna l\nadministratif de Caen.\nD E C I D E :\nARTICLE 1  er  : D\u00e9l\u00e9gation de signature est donn\u00e9e \u00e0 Mme Sandra M ARLIER, premi\u00e8re conseill\u00e8re, \u00e0\nl'effet  de  signer  les  mesures  d'instruction  pr\u00e9vues  aux  articles  R.  611-7-1,  R.  611-8-1,  \nR. 611-8-7, R. 611-11, R. 612-3, R. 613-1, R. 613-1-1 et R. 613-4 du code de justice administrative.\nARTICLE 2 : La pr\u00e9sente d\u00e9cision sera notifi\u00e9e \u00e0 Mme Sandra MARLIER, affich\u00e9e dans les locaux du\ntribunal et transmise aux pr\u00e9fets du Calvados, de l a Manche et de l'Orne, pour publication au recueil des\nactes administratifs.\n Fait \u00e0 Caen, le 1er septembre 2025.\nLe vice-pr\u00e9sident \ndu tribunal Administratif de Caen,\npr\u00e9sident de la 1\u00e8re chambre\nSIGN\u00c9\n F. CHEYLAN\nD\u00e9l\u00e9gation - signature mesures d'instruction\nTribunal administratif de Caen - 50-2025-09-01-00022 - D\u00e9cision portant d\u00e9l\u00e9gation de signature \u00e0 Mme Sandra MARLIER TA CAEN 356\nTribunal administratif de Caen\n50-2025-09-08-00004\nD\u00e9cision portant d\u00e9l\u00e9gation de signature \u00e0 Mmes\nLaurence Fanget et Marianne KREMP-SANCHEZ\nTribunal administratif de Caen - 50-2025-09-08-00004 - D\u00e9cision portant d\u00e9l\u00e9gation de signature \u00e0 Mmes Laurence Fanget et Marianne\nKREMP-SANCHEZ 357\nn |\nW  \u00e4TRIBUNAL ADMINISTRATIFDE CAEN\nDECISION DU 8 SEPTEMBRE 2025\nPORTANT DELEGATION DE SIGNATURE\nLA VICE-PRESIDENTE DU TRIBUNAL ADMINISTRATIF DE CAEN\nPRESIDENTE DE LA 3\u00e8me CHAMBRE\nVU le code de justice administrative, notamment son article R. 611-10, alin\u00e9a 2. \nVU l'arr\u00eat\u00e9 du 4 avril 2022 portant mutation de Mme A udrey MACAUD, pr\u00e9sidente du corps des tribunaux\nadministratifs et des cours administratives d'appel , en qualit\u00e9 de vice-pr\u00e9sidente du tribunal adminis tratif\nde Caen.\nD E C I D E :\nARTICLE  1  er  :  D\u00e9l\u00e9gation  de  signature  est  donn\u00e9e  \u00e0  Mme  Laurence  Fanget  et  \u00e0  Mme  Marianne  \nKremp-Sanchez, conseill\u00e8res, \u00e0 l'effet de signer les mesures d'instruction pr\u00e9vues aux articles R. 611-7-1,\nR. 611-8-1, R. 611-8-7, R. 612-3, R. 613-1, R. 613-1-1 et R. 613-4 du code de justice administrative.\nARTICLE  2 :  La  pr\u00e9sente  d\u00e9cision  sera  notifi\u00e9e  \u00e0  Mme  Laurenc e  Fanget  et  \u00e0  Mme  Marianne  \nKremp-Sanchez, affich\u00e9e dans les locaux du tribunal et transmise aux pr\u00e9fets du Calvados, de la Manche\net de l'Orne pour publication au recueil des actes administratifs.\n Fait \u00e0 Caen, le 8 septembre 2025.\nSIGN\u00c9\nLa Pr\u00e9sidente de la 3\u00e8me chambre\nAudrey MACAUD\nD\u00e9l\u00e9gation - signature mesures d'instruction\nTribunal administratif de Caen - 50-2025-09-08-00004 - D\u00e9cision portant d\u00e9l\u00e9gation de signature \u00e0 Mmes Laurence Fanget et Marianne\nKREMP-SANCHEZ 358\nTribunal administratif de Caen\n50-2025-09-01-00023\nD\u00e9cision portant d\u00e9l\u00e9gation de signature Mme\nC\u00e9line Absolon TA CAEN\nTribunal administratif de Caen - 50-2025-09-01-00023 - D\u00e9cision portant d\u00e9l\u00e9gation de signature Mme C\u00e9line Absolon TA CAEN 359\nn |\nW  \u00e4TRIBUNAL ADMINISTRATIFDE CAEN\nDECISION DU 1er SEPTEMBRE 2025\nPORTANT DELEGATION DE SIGNATURE A MME C\u00c9LINE ABSOLON\nLA VICE-PRESIDENTE DU TRIBUNAL ADMINISTRATIF DE CAEN\nPRESIDENTE DE LA 2\u00e8me CHAMBRE\nVU le code de justice administrative et notamment son article R. 611-10, alin\u00e9a 2.\nVU le d\u00e9cret du 8 juillet 2025 portant nomination de Mme Th\u00e9r\u00e8se RENAULT, pr\u00e9sidente du corps des\ntribunaux  administratifs  et  des  cours  administrativ es  d'appel,  en  qualit\u00e9  de  vice-pr\u00e9sidente  du  tribun al\nadministratif de Caen.\nD E C I D E :\nARTICLE 1  er   : D\u00e9l\u00e9gation de signature est donn\u00e9e \u00e0 Mme C\u00e9line A BSOLON, premi\u00e8re conseill\u00e8re, \u00e0 l'effet\nde signer les mesures d'instruction pr\u00e9vues aux art icles R. 611-7, R. 611-7-1, R. 611-8-1, R. 611-8-7,  \nR. 611-11, R. 612-3, R. 613-1, R. 613-1-1 et R. 613-4 du code de justice administrative.\nARTICLE 2  : La pr\u00e9sente d\u00e9cision sera notifi\u00e9e \u00e0 Mme C\u00e9line ABSOLON, affich\u00e9e dans les locaux du\ntribunal et transmise aux pr\u00e9fets du Calvados, de l a Manche et de l'Orne, pour publication au recueil des\nactes administratifs.\nFait \u00e0 Caen, le 1er septembre 2025.\nSIGN\u00c9\nLa Vice-Pr\u00e9sidente \ndu Tribunal Administratif de Caen,\nPr\u00e9sidente de la 2\u00e8me chambre\nT. RENAULT\nD\u00e9l\u00e9gation - signature mesures d'instruction\nTribunal administratif de Caen - 50-2025-09-01-00023 - D\u00e9cision portant d\u00e9l\u00e9gation de signature Mme C\u00e9line Absolon TA CAEN 360\nUnit\u00e9 d\u00e9partementale de l'architecture et du\npatrimoine\n50-2025-09-04-00013\nD\u00e9cision du 4 septembre 2025 portant\nmodification de l'autorisation du service\nd'\u00e9ducation sp\u00e9ciale et de soins \u00e0 domicile\n(SESSAD) g\u00e9r\u00e9 par l'Association en Cotentin\nd'accompagnement inclusif et solidaire (ACAIS).\nUnit\u00e9 d\u00e9partementale de l'architecture et du patrimoine - 50-2025-09-04-00013 - D\u00e9cision du 4 septembre 2025 portant modification\nde l'autorisation du service d'\u00e9ducation sp\u00e9ciale et de soins \u00e0 domicile (SESSAD) g\u00e9r\u00e9 par l'Association en Cotentin\nd'accompagnement inclusif et solidaire (ACAIS).\n361\nREPUBLIQUEFRANCAISELibert\u00e9Egalit\u00e9Fraternit\u00e9\nAl@ D Agence R\u00e9gionale de Sant\u00e9Normandie\n \n  1/3  \n \n \n \n \n \n \nDECISION PORTANT MODIFICATION DE L'AUTORISATION DU SERVICE D'EDUCATION \nSPECIALE ET DE SOINS A DOMICILE (SESSAD) GERE PAR L'ASSOCIATION EN COTENTIN \nD'ACCOMPAGNEMENT INCLUSIF ET SOLIDAIRE (ACAIS) \n \nLe Directeur g\u00e9n\u00e9ral de l'Agence r\u00e9gionale de sant\u00e9 de Normandie, \n \n \nVU : \n \n- Le code de l'action sociale et des familles, notamment les articles L.312-1, L.313-1 et suivants ; \n \n- Le d\u00e9cret du 26 juin 2024 portant nomination de Monsieur Fran\u00e7ois MENGIN LECREULX en \nqualit\u00e9 de Directeur g\u00e9n\u00e9ral de l'Agence R\u00e9gionale de Sant\u00e9 de Normandie ;  \n \n- La d\u00e9cision du 31 janvier 2017  portant renouvellement d'autorisation du service d'\u00e9ducation \nsp\u00e9ciale et de soins \u00e0 domicile (SESSAD) de la Glacerie de Cherbourg -en-Cotentin g\u00e9r\u00e9 par \nl'ACAIS ; \n \n- L'arr\u00eat\u00e9 du 31 octobre 2023 portant approbation du projet r\u00e9gional de sant\u00e9 2023 -2028 ; \n \n- La d\u00e9cision du 20 janvier 2025 relative \u00e0 l'actualisation du PRogramme Interd\u00e9partemental \nd'ACcompagnement (PRIAC) des handicaps et de la perte d'autonomie de Normandie 2024 -\n2028 ; \n \n- La d\u00e9cision du 28 juillet 2025 portant d\u00e9l\u00e9gation de signature du Directeur g\u00e9n\u00e9ral de l'Agence \nr\u00e9gionale de sant\u00e9 de Normandie ; \n \n- L'instruction interminist\u00e9rielle n\u00b0 DGCS/SD3B/DGESCO/DI -TND/2024/113 du 5 septembre 2024 \nrelative \u00e0 l'autor\u00e9gulation en milieu scolaire ; \n \n- L'appel \u00e0 manifestation d'int\u00e9r\u00eat lanc\u00e9 le 9 janvier 2025 par l'Agence R\u00e9gionale de Sant\u00e9 de \nNormandie visant \u00e0 renforcer et \u00e0 adapter l'offre m\u00e9dico -sociale d'accompagnement des \npersonnes en situation de handicap ; \n \n- Le projet d\u00e9pos\u00e9 le 3 avril 2025 par l'ACAIS ; \n \n- L'avis du CODEX restreint de la Manche lors de sa s\u00e9ance du 20 mai 2025. \n \n \nSUR PROPOSITION de la Directrice de l'autonomie de l'Agence R\u00e9gionale de Sant\u00e9 de Normandie ;  \n \n \nDECIDE \n \nArticle 1  : L'extension de capacit\u00e9 du SESSAD, \u00e0 hauteur d'1 place pour la prise en charge d'enfants , \nadolescents et jeunes adultes pr\u00e9sentant des troubles de l'autisme , est autoris\u00e9e \u00e0 compter du 1er \nseptembre 2025. \nUnit\u00e9 d\u00e9partementale de l'architecture et du patrimoine - 50-2025-09-04-00013 - D\u00e9cision du 4 septembre 2025 portant modification\nde l'autorisation du service d'\u00e9ducation sp\u00e9ciale et de soins \u00e0 domicile (SESSAD) g\u00e9r\u00e9 par l'Association en Cotentin\nd'accompagnement inclusif et solidaire (ACAIS).\n362\n \n  2/3  \nArticle 2 :  Le SESSAD est d\u00e9sormais autoris\u00e9 pour un fonctionnement \u00e0 hauteur globale de 119 places. \n \nArticle 3 : L'activit\u00e9 du SESSAD se tient sur les sites g\u00e9ographiques suivants : \n \n\u2022 Site principal : 15 rue du Maupas 50100 Cherbourg-en-Cotentin (N\u00b0 FINESS : 50 002 006 0) \n\u2022 Site secondaire : Rue du Binguet 50700 Valognes (N\u00b0 FINESS : 50 002 649 7) \n \nArticle 4 : Cette autorisation sera enregistr\u00e9e au fichier national des \u00e9tablissements sanitaires et sociaux \nFINESS selon les caract\u00e9ristiques suivantes : \n \nEntit\u00e9 juridique : ACAIS \nN\u00b0FINESS : 50 001 678 7 \nStatut juridique : 60 \u2013 Association Loi \n1901 Non Reconnue d'Utilit\u00e9 Publique \nEntit\u00e9 Etablissement : SESSAD ACAIS \nAdresse : 15 rue du Maupas 50100 Cherbourg-en-\nCotentin \nN\u00b0FINESS : 50 002 006 0 (site principal) \nCat\u00e9gorie d'\u00e9tablissement : 182 - SESSAD \nMode de financement : 57 \u2013 ARS Dot. Glob. \nCode discipline d'\u00e9quipement : 844 \u2013 tous projets \u00e9ducatifs, p\u00e9dagogiques et th\u00e9rapeutiques \nCode client\u00e8le : 010 \u2013 tous types de d\u00e9ficiences personnes handicap\u00e9es \nCode mode fonctionnement : 16 \u2013 prestation en milieu ordinaire \nCapacit\u00e9 pr\u00e9c\u00e9dente : 99 places \nCapacit\u00e9 totale autoris\u00e9e : 99 places \nCode discipline d'\u00e9quipement : 844 \u2013 tous projets \u00e9ducatifs, p\u00e9dagogiques et th\u00e9rapeutiques \nCode client\u00e8le : 437 \u2013 troubles du spectre de l'autisme \nCode mode fonctionnement : 16 \u2013 prestation en milieu ordinaire \nCapacit\u00e9 pr\u00e9c\u00e9dente : 19 places \nCapacit\u00e9 totale autoris\u00e9e : 20 places \n \nArticle 5 : Cette autorisation reste accord\u00e9e pour 15 ans \u00e0 compter du 4 janvier 2017  soit jusqu'au 3 \njanvier 2032. Son renouvellement total ou partiel sera notamment subordonn\u00e9 aux r\u00e9sultats de \nl'\u00e9valuation de la qualit\u00e9 des prestations d\u00e9livr\u00e9es mentionn\u00e9e \u00e0 l'article L .312-8 dans les conditions \npr\u00e9vues \u00e0 l'article D.312-204 du code de l'action sociale et des familles. \n \nArticle 6 : La pr\u00e9sente autorisation ne peut \u00eatre c\u00e9d\u00e9e qu'avec l'accord de l'autorit\u00e9 comp\u00e9tente pour \nla d\u00e9livrer. \n \nArticle 7 : Au moins deux mois avant sa mise en \u0153uvre, tout changement important dans l'activit\u00e9, \nl'installation, l'organisation, la direction ou le fonctionnement d'un \u00e9tablissement, d'un service ou d'un \nlieu de vie et d'accueil soumis \u00e0 autorisation est d\u00e9clar\u00e9 \u00e0 l' autorit\u00e9 comp\u00e9tente ayant d\u00e9livr\u00e9 \nl'autorisation.  \n \nArticle 8 : Au moins deux mois avant sa mise en \u0153uvre, tout changement dans les modalit\u00e9s de contr\u00f4le \ndirect ou indirect de la personne morale gestionnaire de l'\u00e9tablissement, du service ou du lieu de vie et \nd'accueil se traduisant par l'exercice direct ou indirect d'un pouvoir pr\u00e9pond\u00e9rant de d\u00e9cision ou de \ngestion par une nouvelle personne morale est d\u00e9clar\u00e9 par cette derni\u00e8re \u00e0 l'autorit\u00e9 comp\u00e9tente ayant \nd\u00e9livr\u00e9 l'autorisation. \n \nArticle 9 : Cette d\u00e9cision peut faire l'objet, dans le d\u00e9lai de deux mois francs \u00e0 compter de la date de \nnotification au p\u00e9titionnaire ou de sa publication aux recueils des actes administratifs de la pr\u00e9fecture \nde la r\u00e9gion Normandie et de la pr\u00e9fecture de la Manche, d'un recours contentieux devant le Tribunal \nAdministratif de Caen sis 3 Rue Arthur le Duc, 14000 Caen . Cette saisine peut se faire via l'application  \n\u00ab T\u00e9l\u00e9recours citoyen \u00bb : www.telerecours.fr \n \nUnit\u00e9 d\u00e9partementale de l'architecture et du patrimoine - 50-2025-09-04-00013 - D\u00e9cision du 4 septembre 2025 portant modification\nde l'autorisation du service d'\u00e9ducation sp\u00e9ciale et de soins \u00e0 domicile (SESSAD) g\u00e9r\u00e9 par l'Association en Cotentin\nd'accompagnement inclusif et solidaire (ACAIS).\n363\n \n  3/3  \n \n \nArticle 10 : La Directrice de l'autonomie de l'Agence r\u00e9gionale de sant\u00e9 de Normandie est charg\u00e9e de \nl'ex\u00e9cution de la pr\u00e9sente d\u00e9cision qui sera notifi\u00e9e au repr\u00e9sentant l\u00e9gal de l'\u00e9tablissement susvis\u00e9 et \npubli\u00e9e aux recueils des actes administratifs de la pr\u00e9fecture de la r\u00e9gion Normandie et de la pr\u00e9fecture \nde la Manche. \n \n \nFait \u00e0 Caen, le 4 septembre 2025 \n \n \nP/Le Directeur g\u00e9n\u00e9ral, \nSign\u00e9  \nRonan ROUQUET \nUnit\u00e9 d\u00e9partementale de l'architecture et du patrimoine - 50-2025-09-04-00013 - D\u00e9cision du 4 septembre 2025 portant modification\nde l'autorisation du service d'\u00e9ducation sp\u00e9ciale et de soins \u00e0 domicile (SESSAD) g\u00e9r\u00e9 par l'Association en Cotentin\nd'accompagnement inclusif et solidaire (ACAIS).\n364","date":"2025-10-01","first_seen_on":"2025-10-06T20:54:16+00:00","id":"afdb46101b16a67c20192803bb2f008d2bbf3fcebb7fd2c8d0b10b3072e9ab77","name":"RAA mensuel septembre n\u00b050-2025-090 PDF - 13,86 Mb - 01/10/2025","pdf_creation_date":"2025-10-01T13:27:39+00:00","pdf_modification_date":null,"timezone":"Europe/Paris","url":"https://www.manche.gouv.fr/contenu/telechargement/66596/509653/file/RAA%20mensuel%20septembre%20n%C2%B050-2025-090.pdf"}
