{"administration":"prefidf","administration_name":"Pr\u00e9fecture de la r\u00e9gion \u00cele-de-France","content":"PREFECTURE\nREGION ILE DE\nFRANCE\nRECUEIL DES ACTES\nADMINISTRATIFS SP\u00c9CIAL\n(NOMINATIFS)\nN\u00b0IDF-027-2025-04\nPUBLI\u00c9 LE 10 AVRIL 2025\nSommaire\nAgence R\u00e9gionale de Sant\u00e9 / Direction de la D\u00e9mocratie en Sant\u00e9 et\nde la Communication-D\u00e9mocratie Sanitaire\nIDF-2025-04-07-00014 - Arr\u00eat\u00e9 n\u00b02025/14 modifiant l'arr\u00eat\u00e9\nn\u00b041/2024 relatif \u00e0 la composition du Comit\u00e9 de Protection des\nPersonnes \u00ab \u00cele-de-France V \u00bb (3 pages) Page 3\nIDF-2025-04-07-00015 - Arr\u00eat\u00e9 n\u00b02025/15 modifiant l'arr\u00eat\u00e9\nn\u00b027/2024 du 13 juin 2024 relatif \u00e0 la composition du \nComit\u00e9 de\nProtection des Personnes \u00ab \u00cele-de-France VIII \u00bb (3 pages) Page 7\nDirection r\u00e9gionale et interd\u00e9partementale de l'\u00e9conomie, de l'emploi,\ndu travail et des solidarit\u00e9s d'\u00cele-de-France / P\u00f4le Politiques du\nTravail\nIDF-2025-03-25-00005 - D\u00e9cision n\u00b0 045 du 25 mars 2025\nportant\naffectation des agents de contr\u00f4le dans les unit\u00e9s de contr\u00f4le et\ngestion des int\u00e9rims de l'Unit\u00e9 d\u00e9partementale des\nHauts-de-Seine de la DRIEETS d'Ile-de-France (6 pages) Page 11\nPr\u00e9fecture de la R\u00e9gion d'Ile de France, Pr\u00e9fecture de Paris  / Service de\nla coordination et des affaires parisiennes\nIDF-2025-04-10-00001 - Arr\u00eat\u00e9 pr\u00e9fectoral n\u00b0 portant renouvellement\nde la composition de la commission de concertation charg\u00e9e de donner\nun\navis sur les questions relatives aux contrats pass\u00e9s avec les\n\u00e9tablissements d'enseignement priv\u00e9s de l'acad\u00e9mie de\nVersailles (4 pages) Page 18\n2\nAgence R\u00e9gionale de Sant\u00e9\nIDF-2025-04-07-00014\nArr\u00eat\u00e9 n\u00b02025/14 modifiant l'arr\u00eat\u00e9 n\u00b041/2024\nrelatif \u00e0 la composition du Comit\u00e9 de Protection\ndes Personnes \u00ab \u00cele-de-France V \u00bb\nAgence R\u00e9gionale de Sant\u00e9 - IDF-2025-04-07-00014 - Arr\u00eat\u00e9 n\u00b02025/14 modifiant l'arr\u00eat\u00e9 n\u00b041/2024 relatif \u00e0 la composition du Comit\u00e9\nde Protection des Personnes \u00ab \u00cele-de-France V \u00bb 3\nREPUBLIQUEFRANCAISELibert\u00e9Egalit\u00e9Fraternit\u00e9\nAr\u00a9 D Agence R\u00e9gionale de Sant\u00e9Ile-de-France\n  \n \n \nAGENCE R\u00c9GIONALE DE SANT\u00c9 \u00ceLE-DE-FRANCE \nARR\u00caT\u00c9 N\u00b02025/14 \nArr\u00eat\u00e9 modifiant l'arr\u00eat\u00e9 n\u00b041/2024 du 25 octobre 2024 relatif \u00e0 la composition du  \nComit\u00e9 de Protection des Personnes \u00ab \u00cele-de-France V \u00bb \n \n \nLE DIRECTEUR GENERAL DE L'AGENCE R\u00c9GIONALE DE SANT\u00c9 \u00ceLE-DE-FRANCE \n \n \nVu le code de la sant\u00e9 publique et notamment les articles L. 1123-1 et suivants ainsi que les \narticles R. 1123-1 et suivants; \nVu le d\u00e9cret du 10 avril 2024 portant nomination de Monsieur Denis ROBIN, Directeur g\u00e9n\u00e9ral \nde l'Agence r\u00e9gionale de sant\u00e9 d'\u00cele-de-France, \u00e0 compter du 29 avril 2024 ; \nVu l'arr\u00eat\u00e9 du 25 octobre 2021 fixant le r\u00e8glement int\u00e9rieur type des comit\u00e9s de protection des \npersonnes ; \nVu l'arr\u00eat\u00e9 minist\u00e9riel du 22 avril 2024 portant renouvellement de l'agr\u00e9ment des comit\u00e9s de \nprotection des personnes; \nVu l'arr\u00eat\u00e9 DS n\u00b0104/2024 du 18 juin 2024 portant d\u00e9l\u00e9gation \u00e0 Madame Marion BOUGEARD, \nDirectrice de la d\u00e9mocratie en sant\u00e9 et de la communication de l'Agence R\u00e9gionale de Sant\u00e9 \n\u00cele-de-France ; \nVu Le dossier de candidature de Madame Camille GUYOMARD en qualit\u00e9 de psychologue \npour le second coll\u00e8ge. \n \nARR\u00caT\u00c9 \nARTICLE 1 : \nSont nomm\u00e9s en tant que membre du comit\u00e9 de protection des personnes \u00ab \u00cele-de-France V \u00bb \u00e0 \ncompter de la date de publication du pr\u00e9sent arr\u00eat\u00e9 : \nAu titre des 18 membres du premier coll\u00e8ge : \n\uf0b7 En qualit\u00e9 de personnes ayant une qualification et une exp\u00e9rience approfondie en mati\u00e8re de \nrecherche impliquant la personne humaine : \nMme Delphine FELDMANN A d\u00e9signer \no dont au moins quatre m\u00e9decins :  \nPr Jean-Jacques BOFFA  \nDr Jacques BOUILLIE  \nDr Bruno DONADILLE  \nPr Victor-Georges LEVY \nAgence R\u00e9gionale de Sant\u00e9 - IDF-2025-04-07-00014 - Arr\u00eat\u00e9 n\u00b02025/14 modifiant l'arr\u00eat\u00e9 n\u00b041/2024 relatif \u00e0 la composition du Comit\u00e9\nde Protection des Personnes \u00ab \u00cele-de-France V \u00bb 4\nREPUBLIQUEFRANCAISELibert\u00e9Egalit\u00e9Fraternit\u00e9\nAr\u00a9 D Agence R\u00e9gionale de Sant\u00e9Ile-de-France\n  \n \no et dont au moins deux personnes qualifi\u00e9es en raison de leur comp\u00e9tence en mati\u00e8re de \nbiostatistique ou d'\u00e9pid\u00e9miologie : \nMme B\u00e9reng\u00e8re COUTURIER \n \nA d\u00e9signer \n\uf0b7 En qualit\u00e9 de m\u00e9decins sp\u00e9cialistes de m\u00e9decine g\u00e9n\u00e9rale : \nDr Simone RADENNE  Dr Olivier TAULERA \n\uf0b7 En qualit\u00e9 de pharmaciens hospitaliers : \nDr Anne DAGUENEL-NGUYEN  Dr Fran\u00e7oise BERGIER DESCOMBES \n\uf0b7 En qualit\u00e9 d'auxiliaires m\u00e9dicaux : \nMme Elisabeth LAMBERT-GENESTE  A d\u00e9signer \n \nAu titre des 18 membres du deuxi\u00e8me coll\u00e8ge : \n\uf0b7 En qualit\u00e9 de personnes qualifi\u00e9es en raison de leur comp\u00e9tence \u00e0 l'\u00e9gard des questions \nd'\u00e9thique : \nA d\u00e9signer A d\u00e9signer \n \n\uf0b7 En qualit\u00e9 de personnes qualifi\u00e9es en raison de leur comp\u00e9tence en sciences humaines ou \nsociales ou de leur exp\u00e9rience dans le domaine de l'action sociale : \nMme Annie KURTZ  \nMme Camille GUYOMARD \n \nA d\u00e9signer  \nA d\u00e9signer \n \n \n \n\uf0b7 En qualit\u00e9 de personnes qualifi\u00e9es en raison de leur comp\u00e9tence en mati\u00e8re juridique  \nM Ma\u00ebl BERTHO  \nMme Emma POIROT  \nMme Marine TABARY  \nM Hamid MASSOUM \n  \nAgence R\u00e9gionale de Sant\u00e9 - IDF-2025-04-07-00014 - Arr\u00eat\u00e9 n\u00b02025/14 modifiant l'arr\u00eat\u00e9 n\u00b041/2024 relatif \u00e0 la composition du Comit\u00e9\nde Protection des Personnes \u00ab \u00cele-de-France V \u00bb 5\nREPUBLIQUEFRANCAISELibert\u00e9Egalit\u00e9Fraternit\u00e9\nAr\u00a9 D Agence R\u00e9gionale de Sant\u00e9Ile-de-France\n  \n \n\uf0b7 En qualit\u00e9 de repr\u00e9sentants des associations agr\u00e9\u00e9es conform\u00e9ment aux dispositions de \nl'article L 1114-1 du code de la sant\u00e9 publique : \n \nM Lo\u00efc COUDRAY  \nM Patrice CHAUVEL  \nMme Christine GAURON  \n \nMme Elisabeth HERAIL  \nMme Fran\u00e7ois WELLHOF  \nA d\u00e9signer \n \n \nARTICLE 2 : Mme Marine TABARY est d\u00e9sign\u00e9e parmi ces 36 membres comme personne qualifi\u00e9e \nen mati\u00e8re de protection des donn\u00e9es conform\u00e9ment \u00e0 l'article L.1123-7. \n \n \nARTICLE 3 : Le mandat des membres est de trois ans renouvelable et prend fin au terme de l'agr\u00e9ment \ndu comit\u00e9. Conform\u00e9ment aux prescriptions de l'article R. 1123-8 du code de la sant\u00e9 publique, en cas \nde vacance d'un si\u00e8ge survenant en cours de mandat, le remplacement intervient dans les m\u00eames \nconditions que la nomination pour la dur\u00e9e du mandat restant \u00e0 courir. \nARTICLE 4 : Le pr\u00e9sent arr\u00eat\u00e9 peut faire l'objet d'un recours contentieux devant le tribunal administratif \ncomp\u00e9tent dans un d\u00e9lai de deux mois \u00e0 compter de sa notification aux personnes concern\u00e9es ou de \nsa publication au recueil des actes administratifs pour les tiers. Cette juridiction peut notamment \u00eatre \nsaisie via une requ\u00eate remise ou envoy\u00e9e au greffe du tribunal administratif ou aussi par l'application \nT\u00e9l\u00e9recours citoyens accessible \u00e0 partir du site www.telerecours.fr. \nARTICLE 5 : l'arr\u00eat\u00e9 de nomination n\u00b041/2024 du 25 octobre 2024 est abrog\u00e9. \nARTICLE 6 : Le directeur g\u00e9n\u00e9ral de l'Agence r\u00e9gionale de sant\u00e9 est charg\u00e9 de l'ex\u00e9cution du pr\u00e9sent \narr\u00eat\u00e9 qui sera publi\u00e9 au recueil des actes administratifs de la pr\u00e9fecture de r\u00e9gion Ile-de-France. \n \n \n Fait \u00e0 Saint-Denis, le 07 avril 2025 \n \n Le Directeur G\u00e9n\u00e9ral  \n de l'Agence r\u00e9gionale de sant\u00e9  \n \u00cele-de-France \n \n Denis ROBIN \n \n Et par d\u00e9l\u00e9gation \n Corentine NEPPEL \n \nAgence R\u00e9gionale de Sant\u00e9 - IDF-2025-04-07-00014 - Arr\u00eat\u00e9 n\u00b02025/14 modifiant l'arr\u00eat\u00e9 n\u00b041/2024 relatif \u00e0 la composition du Comit\u00e9\nde Protection des Personnes \u00ab \u00cele-de-France V \u00bb 6\nAgence R\u00e9gionale de Sant\u00e9\nIDF-2025-04-07-00015\nArr\u00eat\u00e9 n\u00b02025/15 modifiant l'arr\u00eat\u00e9 n\u00b027/2024 du\n13 juin 2024 relatif \u00e0 la composition du \nComit\u00e9 de Protection des Personnes \u00ab\n\u00cele-de-France VIII \u00bb\nAgence R\u00e9gionale de Sant\u00e9 - IDF-2025-04-07-00015 - Arr\u00eat\u00e9 n\u00b02025/15 modifiant l'arr\u00eat\u00e9 n\u00b027/2024 du 13 juin 2024 relatif \u00e0 la\ncomposition du \nComit\u00e9 de Protection des Personnes \u00ab \u00cele-de-France VIII \u00bb\n7\nREPUBLIQUEFRANCAISELibert\u00e9Egalit\u00e9Fraternit\u00e9\nAr\u00a9 D Agence R\u00e9gionale de Sant\u00e9Ile-de-France\n  \n \n \nAGENCE R\u00c9GIONALE DE SANT\u00c9 \u00ceLE-DE-FRANCE \nARR\u00caT\u00c9 N\u00b02025/15 \nArr\u00eat\u00e9 modifiant l'arr\u00eat\u00e9 n\u00b027/2024 du 13 juin 2024 relatif \u00e0 la composition du  \nComit\u00e9 de Protection des Personnes \u00ab \u00cele-de-France VIII \u00bb \n \n \nLE DIRECTEUR GENERAL DE L'AGENCE R\u00c9GIONALE DE SANT\u00c9 \u00ceLE-DE-FRANCE \n \n \nVu le code de la sant\u00e9 publique et notamment les articles L. 1123-1 et suivants ainsi que les \narticles R. 1123-1 et suivants; \nVu le d\u00e9cret du 10 avril 2024 portant nomination de Monsieur Denis ROBIN, Directeur g\u00e9n\u00e9ral \nde l'Agence r\u00e9gionale de sant\u00e9 d'\u00cele-de-France, \u00e0 compter du 29 avril 2024 ; \nVu l'arr\u00eat\u00e9 du 25 octobre 2021 fixant le r\u00e8glement int\u00e9rieur type des comit\u00e9s de protection des \npersonnes ; \nVu l'arr\u00eat\u00e9 minist\u00e9riel du 22 avril 2024 portant renouvellement de l'agr\u00e9ment des comit\u00e9s de \nprotection des personnes; \nVu l'arr\u00eat\u00e9 DS n\u00b0104/2024 du 18 juin 2024 portant d\u00e9l\u00e9gation \u00e0 Madame Marion BOUGEARD, \nDirectrice de la d\u00e9mocratie en sant\u00e9 et de la communication de l'Agence R\u00e9gionale de Sant\u00e9 \n\u00cele-de-France ; \nVu Le dossier de candidature de Madame Aurore BOUSQUET en qualit\u00e9 de juriste pour le \nsecond coll\u00e8ge. \n \nARR\u00caT\u00c9 \nARTICLE 1 : \nSont nomm\u00e9s en tant que membre du comit\u00e9 de protection des personnes \u00ab \u00cele-de-France VIII \u00bb \u00e0 \ncompter de la date de publication du pr\u00e9sent arr\u00eat\u00e9 : \nAu titre des 18 membres du premier coll\u00e8ge : \n\uf0b7 En qualit\u00e9 de personnes ayant une qualification et une exp\u00e9rience approfondie en mati\u00e8re de \nrecherche impliquant la personne humaine : \nMme Delphine REBRIOUX  Mme Marguerite BERLINE \no dont au moins quatre m\u00e9decins :  \nDr Catherine CHIRON  \nA d\u00e9signer \n \nA d\u00e9signer \nA d\u00e9signer \nAgence R\u00e9gionale de Sant\u00e9 - IDF-2025-04-07-00015 - Arr\u00eat\u00e9 n\u00b02025/15 modifiant l'arr\u00eat\u00e9 n\u00b027/2024 du 13 juin 2024 relatif \u00e0 la\ncomposition du \nComit\u00e9 de Protection des Personnes \u00ab \u00cele-de-France VIII \u00bb\n8\nREPUBLIQUEFRANCAISELibert\u00e9Egalit\u00e9Fraternit\u00e9\nAr\u00a9 D Agence R\u00e9gionale de Sant\u00e9Ile-de-France\n  \n \no et dont au moins deux personnes qualifi\u00e9es en raison de leur comp\u00e9tence en mati\u00e8re de \nbiostatistique ou d'\u00e9pid\u00e9miologie : \n \nMme Jennifer BOISGONTIER  \n \nM Bertrand MUSSETTA \n\uf0b7 En qualit\u00e9 de m\u00e9decins sp\u00e9cialistes de m\u00e9decine g\u00e9n\u00e9rale : \nDr Chantal AUBERT-FOURMY A d\u00e9signer \n\uf0b7 En qualit\u00e9 de pharmaciens hospitaliers : \nMme Anne LECOEUR M Franck LE MERCIER \n\uf0b7 En qualit\u00e9 d'auxiliaires m\u00e9dicaux : \nA d\u00e9signer A d\u00e9signer \n \nAu titre des 18 membres du deuxi\u00e8me coll\u00e8ge : \n\uf0b7 En qualit\u00e9 de personnes qualifi\u00e9es en raison de leur comp\u00e9tence \u00e0 l'\u00e9gard des questions \nd'\u00e9thique : \nMme Bernadette MARTINS Mme Magali REGNIER \n\uf0b7 En qualit\u00e9 de personnes qualifi\u00e9es en raison de leur comp\u00e9tence en sciences humaines ou \nsociales ou de leur exp\u00e9rience dans le domaine de l'action sociale : \nMme Nathalie AGAR-HUG \nA d\u00e9signer \n \nA d\u00e9signer  \nA d\u00e9signer \n\uf0b7 En qualit\u00e9 de personnes qualifi\u00e9es en raison de leur comp\u00e9tence en mati\u00e8re juridique  \nM Alain BOULANGER \nMme Aurore BOUSQUET \nA d\u00e9signer  \nA d\u00e9signer \n  \nAgence R\u00e9gionale de Sant\u00e9 - IDF-2025-04-07-00015 - Arr\u00eat\u00e9 n\u00b02025/15 modifiant l'arr\u00eat\u00e9 n\u00b027/2024 du 13 juin 2024 relatif \u00e0 la\ncomposition du \nComit\u00e9 de Protection des Personnes \u00ab \u00cele-de-France VIII \u00bb\n9\nREPUBLIQUEFRANCAISELibert\u00e9Egalit\u00e9Fraternit\u00e9\nAr\u00a9 D Agence R\u00e9gionale de Sant\u00e9Ile-de-France\n  \n \n\uf0b7 En qualit\u00e9 de repr\u00e9sentants des associations agr\u00e9\u00e9es conform\u00e9ment aux dispositions de \nl'article L 1114-1 du code de la sant\u00e9 publique : \n \nM Jean-Louis RADET \nMme Aurore LEVY  \nA d\u00e9signer \n \nA d\u00e9signer  \nA d\u00e9signer  \nA d\u00e9signer \n \n \nARTICLE 2 : Mme Magali REGNIER est d\u00e9sign\u00e9e parmi ces 36 membres comme personne qualifi\u00e9e \nen mati\u00e8re de protection des donn\u00e9es conform\u00e9ment \u00e0 l'article L.1123-7. \n \n \nARTICLE 3 : Le mandat des membres est de trois ans renouvelable et prend fin au terme de l'agr\u00e9ment \ndu comit\u00e9. Conform\u00e9ment aux prescriptions de l'article R. 1123-8 du code de la sant\u00e9 publique, en cas \nde vacance d'un si\u00e8ge survenant en cours de mandat, le remplacement intervient dans les m\u00eames \nconditions que la nomination pour la dur\u00e9e du mandat restant \u00e0 courir. \nARTICLE 4 : Le pr\u00e9sent arr\u00eat\u00e9 peut faire l'objet d'un recours contentieux devant le tribunal administratif \ncomp\u00e9tent dans un d\u00e9lai de deux mois \u00e0 compter de sa notification aux personnes concern\u00e9es ou de \nsa publication au recueil des actes administratifs pour les tiers. Cette juridiction peut notamment \u00eatre \nsaisie via une requ\u00eate remise ou envoy\u00e9e au greffe du tribunal administratif ou aussi par l'application \nT\u00e9l\u00e9recours citoyens accessible \u00e0 partir du site www.telerecours.fr. \nARTICLE 5 : l'arr\u00eat\u00e9 de nomination n\u00b0 n\u00b027/2024 du 13 juin 2024 est abrog\u00e9. \nARTICLE 6 : Le directeur g\u00e9n\u00e9ral de l'Agence r\u00e9gionale de sant\u00e9 est charg\u00e9 de l'ex\u00e9cution du pr\u00e9sent \narr\u00eat\u00e9 qui sera publi\u00e9 au recueil des actes administratifs de la pr\u00e9fecture de r\u00e9gion Ile-de-France. \n \n \n Fait \u00e0 Saint-Denis, le 07 avril 2025 \n \n Le Directeur G\u00e9n\u00e9ral  \n de l'Agence r\u00e9gionale de sant\u00e9  \n \u00cele-de-France \n \n Denis ROBIN \n \n Et par d\u00e9l\u00e9gation \n \n \n \n \n  \n  \n Corentine NEPPEL \n \nAgence R\u00e9gionale de Sant\u00e9 - IDF-2025-04-07-00015 - Arr\u00eat\u00e9 n\u00b02025/15 modifiant l'arr\u00eat\u00e9 n\u00b027/2024 du 13 juin 2024 relatif \u00e0 la\ncomposition du \nComit\u00e9 de Protection des Personnes \u00ab \u00cele-de-France VIII \u00bb\n10\nDirection r\u00e9gionale et interd\u00e9partementale de\nl'\u00e9conomie, de l'emploi, du travail et des\nsolidarit\u00e9s d'\u00cele-de-France\nIDF-2025-03-25-00005\nD\u00e9cision n\u00b0 045 du 25 mars 2025\nportant affectation des agents de contr\u00f4le dans\nles unit\u00e9s de contr\u00f4le et gestion des int\u00e9rims de\nl'Unit\u00e9 d\u00e9partementale des Hauts-de-Seine de la\nDRIEETS d'Ile-de-France\nDirection r\u00e9gionale et interd\u00e9partementale de l'\u00e9conomie, de l'emploi, du travail et des solidarit\u00e9s d'\u00cele-de-France -\nIDF-2025-03-25-00005 - D\u00e9cision n\u00b0 045 du 25 mars 2025\nportant affectation des agents de contr\u00f4le dans les unit\u00e9s de contr\u00f4le et gestion des int\u00e9rims de l'Unit\u00e9 d\u00e9partementale des\nHauts-de-Seine de la DRIEETS d'Ile-de-France\n11\nMINISTEREDU TRAVAIL, DE LA SANTE,DES SOLIDARITESET DES FAMILLESLibert\u00e9\u00c9galit\u00e9Fraternit\u00e9\n \nDRIEETS Ile-de-France  \n19/21 rue Madeleine Vionnet  \n93300 AUBERVILLIERS                                                                                                                                                                                                                    \n \nDirection r\u00e9gionale et interd\u00e9partementale \nde l'\u00e9conomie, de l'emploi, \ndu travail et des solidarit\u00e9s  \n \n \n \n \n \n \nD\u00e9cision n\u00b0 045 du 25 mars 2025 \nportant affectation des agents de contr\u00f4le dans les unit\u00e9s de contr\u00f4le et gestion des int\u00e9rims \nde l'Unit\u00e9 d\u00e9partementale des Hauts-de-Seine de la DRIEETS d'Ile-de-France \n \n \n \nLe Directeur r\u00e9gional et interd\u00e9partemental de l'\u00e9conomie, de l'emploi, du travail et des solidarit\u00e9s d'Ile-\nde-France, \n \nVu le code du travail, notamment ses articles R 8122-1 et suivants.  \n \nVu le d\u00e9cret n\u00b0 2020 -1545 du 9 d\u00e9cembre 2020 relatif \u00e0 l'organisation et aux missions des directions \nr\u00e9gionales de l'\u00e9conomie, de l'emploi, du travail et des solidarit\u00e9s, des directions d\u00e9partementales de \nl'emploi, du travail et des solidarit\u00e9s et des directi ons d\u00e9partementales de l'emploi, du travail, des \nsolidarit\u00e9s et de la protection des populations, \n \nVu l'arr\u00eat\u00e9 interminist\u00e9riel du 25 mars 2021 nommant Monsieur Ga\u00ebtan RUDANT directeur r\u00e9gional et \ninterd\u00e9partemental de l'\u00e9conomie, de l'emploi, du travail et des solidarit\u00e9s d'Ile -de-France \u00e0 compter du \n1er avril 2021, \n \nVu l'arr\u00eat\u00e9 minist\u00e9riel du 25 mars 2024 portant cr\u00e9ation et r\u00e9partition des unit\u00e9s de contr\u00f4le de \nl'inspection du travail,  \n \nVu la d\u00e9cision n\u00b0 2021 -25 du 1er avril 2021 du directeur r\u00e9gional et interd\u00e9partemental de l'\u00e9conomie, de \nl'emploi, du travail et des solidarit\u00e9s d'Ile de France relative \u00e0 la localisation et \u00e0 la d\u00e9limitation des unit\u00e9s \nde contr\u00f4le et des sections d'inspection du travail de l'unit\u00e9 d\u00e9partementale des Hauts-de-Seine. \n \nD\u00c9CIDE : \n \nARTICLE 1er  \n \nSont nomm\u00e9s comme responsables des unit\u00e9s de contr\u00f4le de l' unit\u00e9 d\u00e9partementale des Hauts-de-Seine \nles agents suivants : \n \n- Unit\u00e9 de contr\u00f4le n\u00b0 1 : Madame Adeline GAZZOLA, directrice adjointe du travail. \n \n- Unit\u00e9 de contr\u00f4le n\u00b0 2 : Monsieur William WYTS, directeur adjoint du travail. \n \n- Unit\u00e9 de contr\u00f4le n\u00b0 3 : Madame Sylvie GUINOT, directrice adjointe du travail.  \n \n- Unit\u00e9 de contr\u00f4le n\u00b0 4 : Monsieur William WYTS, directeur adjoint du travail par int\u00e9rim. \n \n- Unit\u00e9 de contr\u00f4le n\u00b0 5 : Madame Nathalie NAMPON, directrice adjointe du travail. \n \nDirection r\u00e9gionale et interd\u00e9partementale de l'\u00e9conomie, de l'emploi, du travail et des solidarit\u00e9s d'\u00cele-de-France -\nIDF-2025-03-25-00005 - D\u00e9cision n\u00b0 045 du 25 mars 2025\nportant affectation des agents de contr\u00f4le dans les unit\u00e9s de contr\u00f4le et gestion des int\u00e9rims de l'Unit\u00e9 d\u00e9partementale des\nHauts-de-Seine de la DRIEETS d'Ile-de-France\n12\n \n2 / 6 \n- Unit\u00e9 de contr\u00f4le n\u00b0 6 : Madame Lydia SAOULI, directrice adjointe du travail. \n \n- Unit\u00e9 de contr\u00f4le n\u00b0 7 : Madame Sylvie GUINOT, directrice adjointe du travail par int\u00e9rim.  \n \n \nARTICLE 2  \n \nSans pr\u00e9judice des dispositions de l'article R.8122-10-I du code du travail et conform\u00e9ment aux dispositions \nde l'article R.8122-11 du code du travail encadrant la r\u00e9partition organisationnelle des contr\u00f4les et juridique \nrelative aux d\u00e9cisions administratives et pouvoirs relevant de la comp\u00e9tence exclusive des inspecteurs du \ntravail dans les sections confi\u00e9es \u00e0 un contr\u00f4leur du travail, sont affect\u00e9s dans les sections d'inspection de \nl'unit\u00e9 d\u00e9partementale des Hauts-de-Seine les agents suivants : \n \n \nUnit\u00e9 de contr\u00f4le n\u00b0 1 \n \nSection 1-1 : Madame Delphine SARRASIN, inspectrice du travail.  \n \nSection 1-2 : Monsieur Virgile GARSMEUR, inspecteur du travail. \n \nSection 1-3 : Madame Leslie SALATA, inspectrice du travail. \n \nSection 1- 4 : Madame Val\u00e9rie LABATUT, inspectrice du travail.   \n \nSection 1-5 : Madame Christine ONNEE, inspectrice du travail. \n \nSection 1-6 : Madame Lisa ROUZIER, inspectrice du travail. \n \nSection 1-7 : Madame Samya KAMALI, inspectrice du travail.  \n \nSection 1-8 : Madame Suzanne BRUNELLI, inspectrice du travail. \n \n \nUnit\u00e9 de contr\u00f4le n\u00b0 2 \n \nSection 2-1 : Madame Caroline COLIN, inspectrice du travail. \n \nMadame Caroline COLIN  est \u00e9galement comp\u00e9tente pour le contr\u00f4le des \u00e9tablissements de transports \nroutiers situ\u00e9s 26, quai Charles Pasqua \u00e0 Levallois-Perret. \n \nSection 2-2 : Monsieur Timoth\u00e9e MASSON, inspecteur du travail. \n \nSection 2-3 : Monsieur Th\u00e9o NUGUES-SCHONFELD, inspecteur du travail. \n \nSection 2-4 : Monsieur Farouk DJEBARA, inspecteur du travail. \n \nSection 2-5 : Madame Manon DEMIGNE, inspectrice du travail. \n \nSection 2-6 : Monsieur Nolit DASYLVA, inspecteur du travail.  \n \nSection 2-7 : Monsieur Farouk DJEBARA, inspecteur du travail, par int\u00e9rim. \n \nSection 2-8 : Madame Marie-Agn\u00e8s YAPO, inspectrice du travail. \nDirection r\u00e9gionale et interd\u00e9partementale de l'\u00e9conomie, de l'emploi, du travail et des solidarit\u00e9s d'\u00cele-de-France -\nIDF-2025-03-25-00005 - D\u00e9cision n\u00b0 045 du 25 mars 2025\nportant affectation des agents de contr\u00f4le dans les unit\u00e9s de contr\u00f4le et gestion des int\u00e9rims de l'Unit\u00e9 d\u00e9partementale des\nHauts-de-Seine de la DRIEETS d'Ile-de-France\n13\n \n3 / 6 \n \nSection 2 -9 : Madame Marjorie CARO , inspectr ice du travail.  En cas d'emp\u00eachement, Mme Manon \nDEMIGNE. \n \nSection 2-10 : Monsieur Nolit DASYLVA, inspecteur du travail, par int\u00e9rim. \n \nSection 2-11 : Monsieur Nosr-Eddine SEGHILI, inspecteur du travail. \n \nSection 2-12 : Monsieur Youssef CHEHADY, inspecteur du travail. \n \n \nUnit\u00e9 de contr\u00f4le n\u00b0 3 \n \nSection 3-1 : Madame St\u00e9phanie QUECHON, inspectrice du travail. \n \nSection 3-2 : Monsieur Guillaume THENOZ, inspecteur du travail, par int\u00e9rim. \n \nSection 3-3 : Monsieur Ronan LE VERGE, inspecteur du travail. \n \nSection 3-4 : Monsieur Guillaume THENOZ, inspecteur du travail. \n \nSection 3-5 : Monsieur Simon MAES, inspecteur du travail. \n \nSection 3-6 : Madame Sylvie BOBIN, inspectrice du travail.  \n \nSection 3-7 : Madame St\u00e9phanie HUDE, inspectrice du travail.  \n \nSection 3-8 : Monsieur Fr\u00e9d\u00e9ric PICARD, inspecteur du travail. \n \nSection 3-9 : Monsieur Philippe GARNEAU, contr\u00f4leur du travail. \n \nMadame Sylvie BOBIN , inspectrice du travail, est charg\u00e9 e du contr\u00f4le des \u00e9tablissements d'au moins 50 \nsalari\u00e9s. \nElle est en outre comp\u00e9tent e sur cette section pour prendre les d\u00e9cisions relevant de la comp\u00e9tence \nexclusive de l'inspecteur du travail en vertu de dispositions l\u00e9gislatives ou r\u00e9glementaires.  \n \nSection 3-10 : Monsieur Gaspard CHEVRIER, inspecteur du travail. \n \nSection 3-11 : Madame St\u00e9phanie QUECHON, inspectrice du travail, par int\u00e9rim. \n \nSection 3-12 : Madame Jeanne GRAFFION, inspectrice du travail. \n \n \nUnit\u00e9 de contr\u00f4le n\u00b0 4 \n \nSection 4-1 : Monsieur S\u00e9bastien DECROIX, inspecteur du travail. \n \nSection 4-2 : Madame B\u00e9n\u00e9dicte MALAVASI, inspectrice du travail. \n \nSection 4-3 : Monsieur Mathieu DUCELIER, inspecteur du travail. \n \nSection 4-4 : Madame B\u00e9n\u00e9dicte MALAVASI, inspectrice du travail, par int\u00e9rim. \n \nDirection r\u00e9gionale et interd\u00e9partementale de l'\u00e9conomie, de l'emploi, du travail et des solidarit\u00e9s d'\u00cele-de-France -\nIDF-2025-03-25-00005 - D\u00e9cision n\u00b0 045 du 25 mars 2025\nportant affectation des agents de contr\u00f4le dans les unit\u00e9s de contr\u00f4le et gestion des int\u00e9rims de l'Unit\u00e9 d\u00e9partementale des\nHauts-de-Seine de la DRIEETS d'Ile-de-France\n14\n \n4 / 6 \nSection 4-5 : Madame Martine JULAUD, inspectrice du travail.  \n \nSection 4-6 : Monsieur Camille ROCHEDREUX, inspecteur du travail.  \n \nSection 4-7 : Madame Anna TCHADJA-ADJE, inspectrice du travail. \n \nSection 4-8 : Monsieur Simon MAUGER, inspecteur du travail. \n \nSection 4-9 : Madame In\u00e8s WERTHEIMER, inspectrice du travail. \n \nSection 4-10 : Monsieur Beno\u00eet GOUEL, inspecteur du travail.  \n \nSection 4-11 : Madame Aur\u00e9lie LEHOUX, inspectrice du travail. \n \nSection 4-12 : Monsieur Richard BOUDET, inspecteur du travail. \n \nSection 4-13 : Monsieur Richard BOUDET, inspecteur du travail, par int\u00e9rim. \n \n \nUnit\u00e9 de contr\u00f4le n\u00b0 5 \n \nSection 5-1 : Monsieur St\u00e9phane GRIMALDI, inspecteur du travail. \n \nSection 5-2 : Monsieur Benoit CHOPPIN, inspecteur du travail.  \n \nSection 5-3 : Monsieur Gwendal HELARY, inspecteur du travail, par int\u00e9rim.  \n \nSection 5-4 : Madame Alexia JOUZEL, inspectrice du travail. \n \nSection 5-5 : Monsieur David BLOYS, contr\u00f4leur du travail. \n \nMadame Alexia JOUZEL, inspectrice du travail, est charg\u00e9 e du contr\u00f4le des \u00e9tablissements d'au moins 50 \nsalari\u00e9s. \nElle est en outre comp\u00e9tent e sur cette section pour prendre les d\u00e9cisions relevant de la comp\u00e9tence \nexclusive de l'inspecteur du travail en vertu de dispositions l\u00e9gislatives ou r\u00e9glementaires, par int\u00e9rim.  \n \nSection 5-6 : Monsieur Lazare TSALA, inspecteur du travail. \n \nSection 5-7 : Madame Audrey RAMASAWMY, contr\u00f4leur du travail.  Madame Audrey RAMASAWMY est en \noutre comp\u00e9tente pour les chantiers de la section 5-1. \n \nMadame Anne-V\u00e9ronique PENSEREAU, inspectrice du travail, est charg\u00e9e du contr\u00f4le des \u00e9tablissements \nd'au moins 50 salari\u00e9s. \nElle est en outre comp\u00e9tente sur cette section pour prendre, les d\u00e9cisions relevant de la comp\u00e9tence \nexclusive de l'inspecteur du travail en vertu de dispositions l\u00e9gislatives ou r\u00e9glementaires.  \n \nSection 5-8 : Madame Anne-V\u00e9ronique PENSEREAU, inspectrice du travail. \n \nSection 5-9 : Madame Francine LAURENT, inspectrice du travail. \n \nSection 5-10 : Madame Camille LARBANET-MONTUSCLAT, inspectrice du travail. \n \nSection 5-11 : Monsieur Gwendal HELARY, inspecteur du travail. \nDirection r\u00e9gionale et interd\u00e9partementale de l'\u00e9conomie, de l'emploi, du travail et des solidarit\u00e9s d'\u00cele-de-France -\nIDF-2025-03-25-00005 - D\u00e9cision n\u00b0 045 du 25 mars 2025\nportant affectation des agents de contr\u00f4le dans les unit\u00e9s de contr\u00f4le et gestion des int\u00e9rims de l'Unit\u00e9 d\u00e9partementale des\nHauts-de-Seine de la DRIEETS d'Ile-de-France\n15\n \n5 / 6 \nUnit\u00e9 de contr\u00f4le n\u00b0 6 \n \nSection 6-1 : Monsieur Joris MONIER, inspecteur du travail. \n \nSection 6-2 : Madame Audrey COLLOBERT-MASSA, inspectrice du travail. \n \nSection 6-3 : Madame Laure BONDUELLE, inspectrice du travail. \n \nSection 6-4 : Madame Audrey COLLOBERT-MASSA, inspectrice du travail, par int\u00e9rim.  \n \nSection 6-5 : Madame Laurence LEPROVOST, inspectrice du travail. \n \nSection 6-6 : Monsieur William RICHETON, inspecteur du travail. \n \nSection 6-7 : Monsieur Farid OUNISSI, inspecteur du travail. \n \nSection 6-8 : Monsieur Gilles FERNANDES, inspecteur du travail. \n \nSection 6-9 : Monsieur Hubert GOURDET, inspecteur du travail. En cas d'emp\u00eachement, Madame Laurence \nLEPROVOST, inspectrice du travail. \n \n \nUnit\u00e9 de contr\u00f4le n\u00b0 7 \n \nSection 7-1 : Madame Soizic DUPIRE, inspectrice du travail.  \n \nSection 7-2 : Madame Lise FRIQUET, inspectrice du travail. \n \nSection 7-3 : Madame Anne Charlotte BONNEFONT, inspectrice du travail.  \n \nSection 7-4 : Madame Oc\u00e9ane DELATTRE, inspectrice du travail. \n \nSection 7-5 : Monsieur Jean-Fran\u00e7ois GOS, inspecteur du travail. \n \nSection 7-6 : Madame Sophie ALGALARRONDO, inspectrice du travail. \n \nSection 7-7 : Monsieur Ludovic FOLY, inspecteur du travail. \n \nSection 7-8 : Monsieur Norbert MAHON, inspecteur du travail.  \n \nSection 7-9 : Madame M\u00e9lina SIERRA, inspectrice du travail.  \n \n \nARTICLE 3 \n \nEn cas d'absence ou d'emp\u00eachement d'un directeur adjoint du travail, d'un inspecteur ou contr\u00f4leur du \ntravail charg\u00e9 des actions d'inspection de la l\u00e9gislation du travail dans les sections d'inspection du travail \nen application de l'article 2, l'int\u00e9rim est organis\u00e9 selon les modalit\u00e9s ci-apr\u00e8s : \n \n- Int\u00e9rim des directeurs-adjoints du travail et des inspecteurs du travail : \n \nL'int\u00e9rim d'un directeur -adjoint du travail ou d'un inspecteur du travail absent ou emp\u00each\u00e9 sera \nprioritairement assur\u00e9 par un inspecteur du travail charg\u00e9 des actions d'inspection de la l\u00e9gislation du \nDirection r\u00e9gionale et interd\u00e9partementale de l'\u00e9conomie, de l'emploi, du travail et des solidarit\u00e9s d'\u00cele-de-France -\nIDF-2025-03-25-00005 - D\u00e9cision n\u00b0 045 du 25 mars 2025\nportant affectation des agents de contr\u00f4le dans les unit\u00e9s de contr\u00f4le et gestion des int\u00e9rims de l'Unit\u00e9 d\u00e9partementale des\nHauts-de-Seine de la DRIEETS d'Ile-de-France\n16\n \n6 / 6 \ntravail dans les sections d'inspection du travail, en application de l'article 2, \u00e0 d\u00e9faut par un responsable \nd'unit\u00e9 de contr\u00f4le d\u00e9sign\u00e9 \u00e0 l'article 1 et le cas \u00e9ch\u00e9ant par un contr\u00f4leur du travail, tous deux charg\u00e9s \ndes actions d'inspection de la l\u00e9gislation du travail dans les sections d'inspection du travail, en application \nde l'article 2 pour les \u00e9tablissements de moins de 50 salari\u00e9s. \n \n- Int\u00e9rim des contr\u00f4leurs du travail : \n \nL'int\u00e9rim d'un contr\u00f4leur du travail absent ou emp\u00each\u00e9 sera assur\u00e9 par un inspecteur du travail ou un \ncontr\u00f4leur du travail charg\u00e9 des actions d'inspection de la l\u00e9gislation du travail dans les sections \nd'inspection du travail, en application de l'article 2. Lorsque l'int\u00e9rim est assur\u00e9 par un contr\u00f4leur du travail, \nles pouvoirs de d\u00e9cision administrative relevant de la comp\u00e9tence exclusive d'un inspecteur du travail sont \nconfi\u00e9s \u00e0 un inspecteur du travail charg\u00e9 des actions d'inspection de la l\u00e9gislation d u travail dans les \nsections d'inspection du travail en application de l'article 2 ou \u00e0 un responsable d'unit\u00e9 de contr\u00f4le d\u00e9sign\u00e9 \n\u00e0 l'article 1, auxquels le contr\u00f4le des \u00e9tablissements de plus de 50 salari\u00e9s peut \u00eatre confi\u00e9.  \n \n \nARTICLE 4  \n \nEn cas d'absence ou d'emp\u00eachement d'un des responsables d'unit\u00e9 de contr\u00f4le d\u00e9sign\u00e9s \u00e0 l'article 1, \nl'int\u00e9rim est confi\u00e9 prioritairement \u00e0 un autre responsable d'unit\u00e9 de contr\u00f4le d\u00e9sign\u00e9s \u00e0 l'article 1, \u00e0 d\u00e9faut \n\u00e0 Monsieur J\u00e9r\u00f4me SAJOT, directeur du travail. \n \n \nARTICLE 5  \n \nConform\u00e9ment aux dispositions de l'article R.8122-10 du code du travail, les agents mentionn\u00e9s aux articles \n1 et 2 participent, lorsque l'action le rend n\u00e9cessaire, aux actions d'inspection de la l\u00e9gislation du travail \nsur le territoire de l'Unit\u00e9 d\u00e9partem entale de la DRIEETS \u00e0 laquelle est rattach\u00e9e l'unit\u00e9 de contr\u00f4le o\u00f9 ils \nsont affect\u00e9s. \n \n \nARTICLE 6 \n \nLa pr\u00e9sente d\u00e9cision prend effet \u00e0 la date de sa publication  et abroge la d\u00e9cision n\u00b0 2025-031 du 04 mars \n2025 portant affectation des agents de contr\u00f4le dans les unit\u00e9s de contr\u00f4le et gestion des int\u00e9rims de \nl'unit\u00e9 d\u00e9partementale des Hauts-de-Seine de la DRIEETS d'Ile-de-France. \n \n \nARTICLE 7 \n \nLe Directeur r\u00e9gional et interd\u00e9partemental de l'\u00e9conomie, de l'emploi, du travail et des solidarit\u00e9s d'Ile -\nde-France est charg\u00e9 de l'application de la pr\u00e9sente d\u00e9cision, qui sera publi\u00e9e au recueil des actes \nadministratifs de la r\u00e9gion Ile-de-France.  \n \nFait \u00e0 Aubervilliers, le 25 mars 2025 \n \nLe Directeur r\u00e9gional et interd\u00e9partemental de \nl'\u00e9conomie, de l'emploi, du travail et des solidarit\u00e9s,  \n \n SIGNE \n \nGa\u00ebtan Rudant \nDirection r\u00e9gionale et interd\u00e9partementale de l'\u00e9conomie, de l'emploi, du travail et des solidarit\u00e9s d'\u00cele-de-France -\nIDF-2025-03-25-00005 - D\u00e9cision n\u00b0 045 du 25 mars 2025\nportant affectation des agents de contr\u00f4le dans les unit\u00e9s de contr\u00f4le et gestion des int\u00e9rims de l'Unit\u00e9 d\u00e9partementale des\nHauts-de-Seine de la DRIEETS d'Ile-de-France\n17\nPr\u00e9fecture de la R\u00e9gion d'Ile de France,\nPr\u00e9fecture de Paris \nIDF-2025-04-10-00001\nArr\u00eat\u00e9 pr\u00e9fectoral n\u00b0 portant renouvellement de\nla composition de la commission de\nconcertation charg\u00e9e de donner un\navis sur les questions relatives aux contrats\npass\u00e9s avec les \u00e9tablissements d'enseignement\npriv\u00e9s de l'acad\u00e9mie de Versailles\nPr\u00e9fecture de la R\u00e9gion d'Ile de France, Pr\u00e9fecture de Paris  - IDF-2025-04-10-00001 - Arr\u00eat\u00e9 pr\u00e9fectoral n\u00b0 portant renouvellement de\nla composition de la commission de concertation charg\u00e9e de donner un\navis sur les questions relatives aux contrats pass\u00e9s avec les \u00e9tablissements d'enseignement priv\u00e9s de l'acad\u00e9mie de Versailles\n18\nPREFETDE PARISLibert\u00e9Egalit\u00e9Fraternit\u00e9\n  \nCabinet \nService de la coordination des affaires parisiennes \nBureau des \u00e9lections, du m\u00e9c\u00e9nat et de la r\u00e9glementation \u00e9conomique  \n \nPr\u00e9fecture de Paris \n5 rue Leblanc \u2013 75911 PARIS cedex 15  \nT\u00e9l : 01 82 52 44 35 \n \n \nArr\u00eat\u00e9 pr\u00e9fectoral n\u00b0  \nportant renouvellement de la composition de la commission de concertation charg\u00e9e de donner un \navis sur les questions relatives aux contrats pass\u00e9s avec les \u00e9tablissements d'enseignement priv\u00e9s de \nl'acad\u00e9mie de Versailles  \n \n \nLe pr\u00e9fet de la r\u00e9gion d'Ile-de-France, \nPr\u00e9fet de Paris, \nCommandeur de la L\u00e9gion d'honneur, \nOfficier de l'ordre national du M\u00e9rite \n \nVu le code de l'\u00e9ducation et notamment les articles L.442-10 et L.442-11 et R.442-63 et suivants, \nVu la circulaire du ministre de l'\u00e9ducation nationa le et du ministre de l'int\u00e9rieur et de la \nd\u00e9centralisation du 9 d\u00e9cembre 1985 relative \u00e0 la mise en place des commissions de concertation, \nVu la circulaire interminist\u00e9rielle du 13 juillet 1 990 relative au renouvellement des commissions de \nconcertation, \nVu l'arr\u00eat\u00e9 n\u00b0 IDF-2020-07-06-002 du 6 juillet 2020 portant renouvellement de la composition de la \ncommission de concertation charg\u00e9e de donner un avi s sur les questions relatives aux contrats pass\u00e9s \navec les \u00e9tablissements d'enseignement priv\u00e9s de l'acad\u00e9mie de Versailles, \nVu l'arr\u00eat\u00e9 n\u00b0 IDF-2020-07-08-001 du 8 juillet 2020  modifi\u00e9 portant renouvellement de la composition \nde la commission de concertation charg\u00e9e de donner un avis sur les questions relatives aux contrats \npass\u00e9s avec les \u00e9tablissements d'enseignement priv\u00e9s de l'acad\u00e9mie de Versailles, \nVu l'arr\u00eat\u00e9 n\u00b0 IDF-2022-04-12-00002 du 12 avril 202 2 modifi\u00e9 portant renouvellement de la \ncomposition de la commission de concertation charg\u00e9 e de donner un avis sur les questions relatives \naux contrats pass\u00e9s avec les \u00e9tablissements d'enseignement priv\u00e9s de l'acad\u00e9mie de Versailles, \nVu l'arr\u00eat\u00e9 n\u00b0 IDF-2023-02-10-00001 du 10 f\u00e9vrier 2 023 modifi\u00e9 portant renouvellement de la \ncomposition de la commission de concertation charg\u00e9 e de donner un avis sur les questions relatives \naux contrats pass\u00e9s avec les \u00e9tablissements d'enseignement priv\u00e9s de l'acad\u00e9mie de Versailles, \nVu les propositions des collectivit\u00e9s et organismes concern\u00e9s, \nVu les propositions du recteur de l'acad\u00e9mie de Versailles, \nSur proposition du pr\u00e9fet, directeur de cabinet du pr\u00e9fet de la r\u00e9gion d'\u00cele-de-France, pr\u00e9fet de Paris  ; \n \nARR\u00caTE : \n \nArticle 1er \n \nI - AU TITRE DES PERSONNES DESIGN\u00c9ES PAR L'\u00c9TAT , la commission est compos\u00e9e comme suit   \n \n \n1) Le Pr\u00e9fet de la r\u00e9gion d'\u00cele-de-France , Pr\u00e9fet de Paris , pr\u00e9sident, \n \nPr\u00e9fecture de la R\u00e9gion d'Ile de France, Pr\u00e9fecture de Paris  - IDF-2025-04-10-00001 - Arr\u00eat\u00e9 pr\u00e9fectoral n\u00b0 portant renouvellement de\nla composition de la commission de concertation charg\u00e9e de donner un\navis sur les questions relatives aux contrats pass\u00e9s avec les \u00e9tablissements d'enseignement priv\u00e9s de l'acad\u00e9mie de Versailles\n19\n \nPr\u00e9fecture de Paris \n5 rue Leblanc \u2013 75911 PARIS cedex 15  \nT\u00e9l : 01 82 52 44 35 \n \n2 \n2) Le Recteur de l'acad\u00e9mie de Versailles , pr\u00e9sident en cas d'emp\u00eachement du pr\u00e9fet, conform \u00e9ment \n\u00e0 l'article R.442-68 du code de l'\u00e9ducation. Si le recteur est lui-m\u00eame emp\u00each\u00e9, la pr\u00e9sidence de la \ncommission est assur\u00e9e par le pr\u00e9fet, secr\u00e9taire g\u00e9n\u00e9ral aux politiques publiques de la pr\u00e9fecture de la \nr\u00e9gion d'\u00cele-de-France, pr\u00e9fecture de Paris. \n \n \n3) Quatre repr\u00e9sentants des services acad\u00e9miques  \n \na)  Titulaires \n \n- Monsieur Jean-Pierre GENEVI\u00c8VE, Inspecteur d'acad\u00e9m ie, Directeur acad\u00e9mique des services \nde l'\u00c9ducation nationale des Yvelines  ; \n- Madame Pascale COQ, Inspectrice d'acad\u00e9mie, Directr ice acad\u00e9mique des services de \nl'\u00c9ducation nationale de l'Essonne  ; \n- Monsieur Fr\u00e9d\u00e9ric FULGENCE, Inspecteur d'acad\u00e9mie, Directeur acad\u00e9mique des services de \nl'\u00c9ducation nationale des Hauts-de-Seine  ; \n- Monsieur Olivier WAMBECKE, Inspecteur d'acad\u00e9mie, D irecteur acad\u00e9mique des services de \nl'\u00c9ducation nationale du Val-d'Oise  ; \n \nb)  Suppl\u00e9ants \n \n- Monsieur Louis ALBERICI, Inspecteur d'acad\u00e9mie, Directeur acad\u00e9mique adjoint des services de \nl'\u00c9ducation Nationale des Yvelines  ; \n- Monsieur Olivier DELMAS, Inspecteur d'acad\u00e9mie, Dir ecteur acad\u00e9mique adjoint des services \nde l'\u00c9ducation nationale de l'Essonne  ; \n- Madame V\u00e9ronique PAROUTY, Inspectrice, Directrice a cad\u00e9mique adjointe des services de \nl'\u00c9ducation nationale des Hauts-de-Seine  ; \n- Madame Isabel ALBAR, Inspectrice d'acad\u00e9mie, Directrice acad\u00e9mique adjointe des services de \nl'\u00c9ducation nationale du Val-d'Oise. \n \n \n4) Trois personnalit\u00e9s qualifi\u00e9es dans les domaines \u00e9conomique, social, \u00e9ducatif ou culturel \n \n-  Monsieur Corad LEMAIRE, Repr\u00e9sentant du MEDEF de  Versailles  ; \n-  Monsieur Nicolas EL HAKIM, Vice-pr\u00e9sident restau ration Paris Ile de France \u2013 UMIH Ile de \nFrance  ; \n- Monsieur \u00c9ric BRIAT, Directeur de la coordination  des programmes de la politique de la Ville \u2013 \nANCT . \n \nARTICLE 2 \n \n \nAU TITRE DES REPR\u00c9SENTANTS DES COLLECTIVITES TERRIT ORIALES, la commission est compos\u00e9e \ncomme suit  : \n \n1)  Conseillers r\u00e9gionaux d'\u00cele-de-France \na)  Titulaires \n \n- Madame Sylvie PIGANEAU  ; \n- Madame France-Lise VALIER  ; \n- Monsieur Hadrien LAURENT  ; \n \nb)  Suppl\u00e9ants  : \n \n- Madame Sylvie HABERT-DUPUIS  ; \n- Madame Elodie DUCROHET  ; \n- Monsieur Paul VANNIER.  \n \nPr\u00e9fecture de la R\u00e9gion d'Ile de France, Pr\u00e9fecture de Paris  - IDF-2025-04-10-00001 - Arr\u00eat\u00e9 pr\u00e9fectoral n\u00b0 portant renouvellement de\nla composition de la commission de concertation charg\u00e9e de donner un\navis sur les questions relatives aux contrats pass\u00e9s avec les \u00e9tablissements d'enseignement priv\u00e9s de l'acad\u00e9mie de Versailles\n20\n \nPr\u00e9fecture de Paris \n5 rue Leblanc \u2013 75911 PARIS cedex 15  \nT\u00e9l : 01 82 52 44 35 \n \n3 \n \n2)  Conseillers d\u00e9partementaux \n \na)  Titulaires \n \n- Madame Virginie TINLAND (Conseil d\u00e9partemental du Val d'Oise) ; \n- Madame Nathalie L\u00c9ANDRI (Conseil d\u00e9partemental des Hauts-de-Seine)  ; \n- Madame Claire CHAGNAUD-FORAIN (Conseil d\u00e9partemental des Yvelines)  ; \n \n \nb)  Suppl\u00e9ants  : \n \n- Madame Edwina ETORE-MANIKA (Conseil d\u00e9partemental du Val d'Oise)  ; \n- Monsieur J\u00e9r\u00f4me BERENDER (Conseil d\u00e9partemental de l'Essonne)  ; \n- Madame C\u00e9cile DUMOULIN (Conseil d\u00e9partemental des Yvelines)  ; \n \n3) Maires \n \na)  Titulaires \n \n- Madame Aur\u00e9lie GROS, Maire de Le Coudray-Montceaux (91)  ; \n- Madame Sylvie HABERT-DUPUIS, Adjointe au maire de Saint-Germain-en-Laye (78)  ; \n- Monsieur Patrice GEBAUER, Maire du Thillay (95)  ; \n \nb)  Suppl\u00e9ants  : \n \n- Monsieur Richard MEZIERES, Adjoint au maire de Guyancourt (78)  ; \n- Madame La\u00ebtitia HAMON, Adjointe au maire d'Igny  (91) ; \n- Madame Sophie MERCHART, Adjointe au maire d'Enghien-les-Bains (95). \n \n \nArticle 3 \n \n \n \nIII - AU TITRE DES REPR\u00c9SENTANTS DES \u00c9TABLISSEMENTS D'ENSEIGNEMENT PRIV\u00c9S, la commission \nest compos\u00e9e comme suit  : \n \n1)  Chefs d'\u00e9tablissements d'enseignement priv\u00e9s \n \na)  Titulaires \n \n- Madame Virginie BECOURT, Directrice de l'\u00e9cole Saint-Joseph \u00e0 Asni\u00e8res-sur-Seine  ; \n- Monsieur Guillaume BERNARD, Directeur du coll\u00e8ge-lyc\u00e9e Vauban \u00e0 Pontoise  ; \n- Monsieur Laurent DUMAINE, Directeur du coll\u00e8ge-lyc\u00e9e Saint-Martin-de-France \u00e0 Pontoise  ; \n \nb)  Suppl\u00e9ants \n \n- Madame Fran\u00e7oise LACAMBRA, Directrice de l'\u00e9cole Sainte-Genevi\u00e8ve \u00e0 Nanterre  ; \n- Monsieur Laurent ROUX, Directeur du lyc\u00e9e Garac \u00e0 Argenteuil ; \n- Madame Marie-Laure CARTIER, Directrice du coll\u00e8ge-l yc\u00e9e Saint-Exup\u00e9ry \u00e0 Montigny-le-\nBretonneux. \n \n \n \n \n \n \nPr\u00e9fecture de la R\u00e9gion d'Ile de France, Pr\u00e9fecture de Paris  - IDF-2025-04-10-00001 - Arr\u00eat\u00e9 pr\u00e9fectoral n\u00b0 portant renouvellement de\nla composition de la commission de concertation charg\u00e9e de donner un\navis sur les questions relatives aux contrats pass\u00e9s avec les \u00e9tablissements d'enseignement priv\u00e9s de l'acad\u00e9mie de Versailles\n21\n \nPr\u00e9fecture de Paris \n5 rue Leblanc \u2013 75911 PARIS cedex 15  \nT\u00e9l : 01 82 52 44 35 \n \n4 \n \n2)  Ma\u00eetres des \u00e9tablissements d'enseignement priv\u00e9s \na)  Titulaires \n \n- Madame Muriel LEPORE, Ma\u00eetre contractuel \u00e0 l'\u00e9cole Saint-Jean-Hulst \u00e0 Versailles  ; \n- Madame Claire LAVIRON, Ma\u00eetre contractuel au coll\u00e8ge Saint-Jean-Hulst \u00e0 Versailles  ; \n- Madame Dominique MERCIER, Ma\u00eetre contractuel au lyc \u00e9e La Salle \u2013 Saint-Nicolas \u00e0 Issy-les-\nMoulineaux  ; \n \nb)  Suppl\u00e9antes \n \n- Madame Marie-Antoinette DE SEZE, Ma\u00eetre contractuel  \u00e0 l'\u00e9cole Sainte-Marie \u00e0 Neuilly-sur-\nSeine  ; \n- Madame Carine RONDU-BINISTI, Ma\u00eetre contractuel au coll\u00e8ge-lyc\u00e9e Notre-Dame-les Oiseaux \u00e0 \nVerneuil-sur-Seine  ; \n- Madame Marie GODLEWSKI, Ma\u00eetre contractuel au lyc\u00e9e  Saint-Exup\u00e9ry \u00e0 Montigny-le-\nBretonneux. \n \n3)  Parents d'\u00e9l\u00e8ves \na)  Titulaires \n \n- Madame Isabelle POITRIMOL, Pr\u00e9sidente APEL 78  ; \n- Madame Sarah HOORPAH, Pr\u00e9sidente APEL 78  ; \n- Madame Catherine JOHNSON, Repr\u00e9sentante APEL 78  ; \n \nb)  Suppl\u00e9antes \n \n- Madame La\u00ebtitia GURHEM, Repr\u00e9sentante APEL 95  ; \n- Madame Cathy OUVRARD, Repr\u00e9sentante APEL 91  ; \n- Madame Ks\u00e9nia RABIER, Repr\u00e9sentante APEL 78. \n \nArticle 4 \n \nLe secr\u00e9tariat de la commission est confi\u00e9 aux services du rectorat de Versailles. \n \n \nArticle 5 \n \nLa composition de la commission de concertation ins titu\u00e9e au si\u00e8ge de l'acad\u00e9mie de Versailles est \nrenouvel\u00e9e pour trois ans \u00e0 compter de la publication du pr\u00e9sent arr\u00eat\u00e9. \n \n \nArticle 6 \n \nLe pr\u00e9fet, directeur de cabinet du pr\u00e9fet de la r\u00e9g ion d'\u00cele-de-France, pr\u00e9fet de Paris et le recteur de \nl'acad\u00e9mie de Paris, chancelier des universit\u00e9s, so nt charg\u00e9s, chacun en ce qui le concerne, de \nl'ex\u00e9cution du pr\u00e9sent arr\u00eat\u00e9 qui sera publi\u00e9 au re cueil des actes administratifs de la pr\u00e9fecture de la \nr\u00e9gion d'\u00cele-de-France, pr\u00e9fecture de Paris. \n \n          Fait \u00e0 Paris, le 10 avril 2025 \n \n Le pr\u00e9fet, \nDirecteur du Cabinet \n \n \nSign\u00e9 \n \nBaptiste ROLLAND \nPr\u00e9fecture de la R\u00e9gion d'Ile de France, Pr\u00e9fecture de Paris  - IDF-2025-04-10-00001 - Arr\u00eat\u00e9 pr\u00e9fectoral n\u00b0 portant renouvellement de\nla composition de la commission de concertation charg\u00e9e de donner un\navis sur les questions relatives aux contrats pass\u00e9s avec les \u00e9tablissements d'enseignement priv\u00e9s de l'acad\u00e9mie de Versailles\n22","date":"2025-04-10","first_seen_on":"2025-04-10T16:41:44+00:00","id":"afdd2469ef3d090f90643fb4ddb2868224433ebfa571538087239f497ca6e0a4","name":"recueil-idf-027-2025-04-RAA-nominatifs du 10.04.2025","pdf_creation_date":"2025-04-10T14:58:14+00:00","pdf_modification_date":null,"timezone":"Europe/Paris","url":"https://www.prefectures-regions.gouv.fr/ile-de-france/irecontenu/telechargement/126958/937301/file/recueil-idf-027-2025-04-RAA-nominatifs%20du%2010.04.2025.pdf"}
