{"administration":"pref83","administration_name":"Pr\u00e9fecture du Var","content":"VAR\nRECUEIL DES ACTES\nADMINISTRATIFS\nN\u00b083-2025-348\nPUBLI\u00c9 LE 15 OCTOBRE 2025\nSommaire\nAgence r\u00e9gionale de sant\u00e9 PACA /\n83-2025-10-13-00009 - agr\u00e9ments tacites Medical et dentaire Fr\u00e9jus (2\npages) Page 3\nDirection d\u00e9partementale de l'emploi, du travail et des solidarit\u00e9s du Var\n/ Direction de la DDETS\n83-2025-10-14-00004 - 825-2025-recepisse declaration QUAIN NADINE du\n141025 (2 pages) Page 6\n83-2025-10-14-00005 - 826-2025-recepisse declaration YVAN KELLAL du\n141025 (1 page) Page 9\nDirection d\u00e9partementale des territoires et de la mer du Var / Service\nagriculture et for\u00eat de la DDTM\n83-2025-10-14-00006 - arr\u00eat\u00e9 pr\u00e9fectoral autorisant des battues\nadministratives aux sangliers (1 page) Page 11\n83-2025-09-25-00015 - ARR\u00caT\u00c9 PR\u00c9FECTORAL n\u00b0\nDDTM/SAF/BFDFCI/2025-43 du 25 septembre 2025\nportant\n\u00e9tablissement d'une servitude de passage et d'am\u00e9nagement sur\nles pistes B352 \u00ab\u00a0Valletane\u00a0\u00bb et B353 \u00ab\u00a0Vallon de Tamary\u00a0\u00bb\ncommune de La-Londe-les-Maures  (4 pages) Page 13\nDirection d\u00e9partementale des territoires et de la mer du Var / Service\nplanifications et prospective de la DDTM\n83-2025-10-14-00003 - Ordre du jour-25-009 RAA (1 page) Page 18\n2\nAgence r\u00e9gionale de sant\u00e9 PACA\n83-2025-10-13-00009\nagr\u00e9ments tacites Medical et dentaire Fr\u00e9jus\nAgence r\u00e9gionale de sant\u00e9 PACA - 83-2025-10-13-00009 - agr\u00e9ments tacites Medical et dentaire Fr\u00e9jus 3\nEREPUBLIQUEFRAN\u00c7AISELibert\u00e9Egalit\u00e9Fraternit\u00e9\nAr@ DAgence R\u00e9gionale de Sant\u00e9Provence-AlpesC\u00f4te d'Azur\nAgence r\u00e9gionale de sant\u00e9 Provence -Alpes-C\u00f4te d'Azur - Direction d\u00e9partementale du Var - immeuble TOVA 2 - 177, boulevard du Docteur Charles Barnier  - \nCS 31302 - 83076 Toulon cedex \nT\u00e9l.: 04.13.55.80.10 / Fax: 04.13.55.80.40 \nhttps://www.paca.ars.sante.fr/  \n  \n \n \n \n \n \n \n \n \n \n \nLe Directeur G\u00e9n\u00e9ral  Toulon, le 13/10/2025 \nD\u00e9l\u00e9gation d\u00e9partementale du Var \nService soins de proximit\u00e9 \nAffaire suivie par : Marie-Laure Verdalle \nT\u00e9l : 04.13.55.89.52 \nars-paca-dd83-soins-proximite@ars.sante.fr \nR\u00e9f : DD83-1025-10283-D \nOctroi d'un agr\u00e9ment d\u00e9finitif tacite \n \n \n \nMonsieur, \n \nEn application de l'article L.6323-1-11 du code de la sant\u00e9 publique, un agr\u00e9ment provisoire pour exercer une \nactivit\u00e9 dentaire a \u00e9t\u00e9 accord\u00e9 le 10/09/2024 pour le centre de sant\u00e9 suivant : \n \n- Centre de sant\u00e9 m\u00e9dical et dentaire Fr\u00e9jus \n298 avenue Lou Gabian 83600 Fr\u00e9jus \nNum\u00e9ro Finess : 83 002 635 7 \n \nConform\u00e9ment aux dispositions du m\u00eame article L.6323-1-11, en son paragraphe III, l'agr\u00e9ment provisoire ne \ndevient d\u00e9finitif qu'\u00e0 l'expiration d'une dur\u00e9e d'un an.  \nJe vous informe que sous le silence gard\u00e9  de l'agence r\u00e9gionale de sant\u00e9 Provence-Alpes-C\u00f4te d'Azur un \nagr\u00e9ment d\u00e9finitif tacite vous est accord\u00e9 le 10/09/2025 pour exercer les activit\u00e9s dentaires au sein du centre \nde sant\u00e9 susmentionn\u00e9. \n \nL'agr\u00e9ment vaut autorisation de dispenser des soins aux assur\u00e9s sociaux dans le centre de sant\u00e9 et sera \nnotifi\u00e9 aupr\u00e8s de la Caisse Primaire d'Assurance Maladie du d\u00e9partement concern\u00e9.  \n \nToute modification substantielle du projet de sant\u00e9, notamment du r\u00e8glement de fonctionnement, ou des autres \n\u00e9l\u00e9ments mentionn\u00e9s \u00e0 l'article D.6323 -9-1 du code de la sant\u00e9 publique, le changement de l'organisme \ngestionnaire ou de son repr\u00e9sentant l\u00e9gal, la modification d'implantation g\u00e9ographique du centre ou de son ou \nses antennes lorsqu'elles existent, la fermeture d'une antenne, la modification qualitative ou quantitative du \nplateau technique, notamment l'installation d'un ou de plusieurs fauteuils dentaires suppl\u00e9mentaires, ainsi que \ntoute modification susceptible d'avoir une incidence sur la politique men\u00e9e par le centre de sant\u00e9 en mati\u00e8re \nde qualit\u00e9 et de s\u00e9curit\u00e9 des soins, est port\u00e9e \u00e0 la connaissance du directeur g\u00e9n\u00e9ral de l'agence r\u00e9gionale \nde sant\u00e9 au plus tard dans les quinze jours par tout moyen conf\u00e9rant date certaine \u00e0 sa r\u00e9ception. \n \nA d\u00e9faut, le centre de sant\u00e9 peut  s'exposer au prononc\u00e9 d'une amende administrative, en application des \narticles L.6323-1-12 (I) et D.6323-14 du code de la sant\u00e9 publique. \n \nL'ensemble des pi\u00e8ces mentionn\u00e9es aux articles L. 6323 -1-4, L. 6323 -1-11 et aux  articles D. 6323 -8 \u00e0 D. \n6323-9-1 ainsi que leur mise \u00e0 jour sont transmises sous format d\u00e9mat\u00e9rialis\u00e9 sur la \nplateforme \u00ab DEMARCHES SIMPLIFIEES \u00bb. \n \n \n \n \nAgence r\u00e9gionale de sant\u00e9 PACA - 83-2025-10-13-00009 - agr\u00e9ments tacites Medical et dentaire Fr\u00e9jus 4\nAgence r\u00e9gionale de sant\u00e9 Provence -Alpes-C\u00f4te d'Azur - Direction d\u00e9partementale du Var - immeuble TOVA 2 - 177, boulevard du Docteur Charles Barnier  - \nCS 31302 - 83076 Toulon cedex \nT\u00e9l.: 04.13.55.80.10 / Fax: 04.13.55.80.40 \nhttps://www.paca.ars.sante.fr/  \n  \n \n \nL'agr\u00e9ment d\u00e9finitif peut \u00eatre retir\u00e9 lorsqu'il est constat\u00e9 un non-respect des r\u00e8gles applicables aux centres de \nsant\u00e9 dans le champ des activit\u00e9s concern\u00e9es ou des manquements compromettant la qualit\u00e9 ou la s\u00e9curit\u00e9 \ndes soins, apr\u00e8s notification \u00e0 l'organisme gestionnaire par le directeur g\u00e9n\u00e9ral de l'agence r\u00e9gionale de sant\u00e9 \net observations de l'organisme gestionnaire dans les conditions pr\u00e9vues au I de l'article L.6323 -1-12 du code \nde la sant\u00e9 publique.  \n \n \nJe vous prie de croire, Monsieur, en l'assurance de mes salutations les meilleures. \n \n \n \n \nToulon, le 13/10/2025 \n \nPour le Directeur g\u00e9n\u00e9ral de l'ARS PACA \nLe Directeur d\u00e9partemental du Var \n \n \n \n \n \n \n \nS\u00e9bastien Moni\u00e9 \n \n \n \n \n \n \n \n \n \n \n \n \n \n \nSign\u00e9\n \n \nAgence r\u00e9gionale de sant\u00e9 PACA - 83-2025-10-13-00009 - agr\u00e9ments tacites Medical et dentaire Fr\u00e9jus 5\nDirection d\u00e9partementale de l'emploi, du travail\net des solidarit\u00e9s du Var\n83-2025-10-14-00004\n825-2025-recepisse declaration QUAIN NADINE\ndu 141025\nDirection d\u00e9partementale de l'emploi, du travail et des solidarit\u00e9s du Var - 83-2025-10-14-00004 - 825-2025-recepisse declaration\nQUAIN NADINE du 141025 6\nPF4Libert\u00e9 + \u00c9galit\u00e9 + Fraternit\u00e9R\u00c9PUBLIQUE FRAN\u00c7AISE\nR\u00e9c\u00e9piss\u00e9 de d\u00e9claration\nd'un organisme de services \u00e0 la personne\nenregistr\u00e9 sous le N\u00b0 SAP992152827\nVu le code du travail et notamment les articles L.7231-1 \u00e0 L.7233-2, R.7232-16 \u00e0 R.7232-22, D.7231-1 et \nD.7233-1 \u00e0 D.7233-5 ; \nVu la demande de d\u00e9claration d\u00e9pos\u00e9e par l'organisme Main'tenant, 858 RUE DE LA VERNEDE 83600 \nFREJUS, le 14/10/25 ;\nLe pr\u00e9fet du Var\nConstate : \nQu'une d\u00e9claration d'activit\u00e9s de services \u00e0 la personne a \u00e9t\u00e9 d\u00e9pos\u00e9e aupr\u00e8s du service instructeur  \ndu Var , le 14/10/25 par Mme. QUAIN Nadine en qualit\u00e9 de dirigeant(e), pour l'organisme Main'tenant  \ndont l'\u00e9tablissement principal est situ\u00e9 858 RUE DE LA VERNEDE 83600 FREJUS et enregistr\u00e9 sous le  \nN\u00b0 SAP992152827 pour les activit\u00e9s suivantes :\n  \u2022   Entretien de la maison et travaux m\u00e9nagers (mode d'intervention Prestataire)\n  \u2022   Petits travaux de jardinage (mode d'intervention Prestataire)\n  \u2022   Travaux de petit bricolage (mode d'intervention Prestataire)\n  \u2022   Pr\u00e9paration de repas \u00e0 domicile (mode d'intervention Prestataire)\n  \u2022   Livraison de repas \u00e0 domicile (mode d'intervention Prestataire)\n  \u2022   Livraison de courses \u00e0 domicile (mode d'intervention Prestataire)\n  \u2022   Assistance informatique \u00e0 domicile (mode d'intervention Prestataire)\n  \u2022   Assistance administrative \u00e0 domicile (mode d'intervention Prestataire)\n  \u2022   Soins et promenade(s) d'animaux pour personnes d\u00e9pendantes (mode d'intervention Prestataire)\nToute  modification  concernant  les  activit\u00e9s  exerc\u00e9es  devra  faire  l'objet  d'une  d\u00e9claration \nmodificative pr\u00e9alable.\nSous r\u00e9serve d'\u00eatre exerc\u00e9es \u00e0 titre exclusif (ou sous r\u00e9serve d'une comptabilit\u00e9 s\u00e9par\u00e9e pour les  \npersonnes  morales  dispens\u00e9es  de  cette  condition),  ces  activit\u00e9s  ouvrent  droit  au  b\u00e9n\u00e9fice  des \ndispositions des articles L. 7233-2 du code du travail et L.241-10 du code de la s\u00e9curit\u00e9 sociale dans  \nles conditions pr\u00e9vues par ces articles.\nLes effets de la d\u00e9claration courent \u00e0 compter du jour du d\u00e9p\u00f4t de la d\u00e9claration sous r\u00e9serve des  \ndispositions de l'article R.7232-18 du code du travail. Le pr\u00e9sent r\u00e9c\u00e9piss\u00e9 n'est pas limit\u00e9 dans le  \ntemps. La d\u00e9claration a une port\u00e9e nationale.\nL'enregistrement de la d\u00e9claration peut \u00eatre retir\u00e9 dans les conditions fix\u00e9es aux articles R.7232-\n20 \u00e0 R.7232-22 du code du travail.\nLe pr\u00e9sent r\u00e9c\u00e9piss\u00e9 sera publi\u00e9 au recueil des actes administratifs de la pr\u00e9fecture.\nLe pr\u00e9sent r\u00e9c\u00e9piss\u00e9 peut, \u00e0 compter de sa notification, faire l'objet d'un recours gracieux aupr\u00e8s  \nservice instructeur du Var ou d'un recours hi\u00e9rarchique adress\u00e9 au ministre charg\u00e9 de l'\u00e9conomie -  \nDirection g\u00e9n\u00e9rale des entreprises \u2013 sous-direction des services marchands, 61 Boulevard Vincent  \nAuriol, 75703 PARIS CEDEX 13.\nIl peut \u00e9galement faire l'objet d'un recours contentieux dans un d\u00e9lai de deux mois \u00e0 compter de sa  \nnotification aupr\u00e8s du tribunal administratif de Toulon.\nLe tribunal administratif peut aussi \u00eatre saisi par l'application informatique \u00ab T\u00e9l\u00e9recours citoyen \u00bb  \naccessible sur le site internet  http://www.telerecours.fr/\nDirection d\u00e9partementale de l'emploi, du travail et des solidarit\u00e9s du Var - 83-2025-10-14-00004 - 825-2025-recepisse declaration\nQUAIN NADINE du 141025 7\nEn cas de rejet du recours gracieux ou hi\u00e9rarchique ou en l'absence de r\u00e9ponse \u00e0 ce recours (rejet  \nimplicite), un recours contentieux devant le tribunal administratif de Toulon peut \u00e9galement \u00eatre  \nform\u00e9 contre la d\u00e9cision initiale dans un d\u00e9lai de deux mois \u00e0 compter de ce rejet. \nPour le Pr\u00e9fet et par d\u00e9l\u00e9gation\nPour le Directeur d\u00e9partemental \nde l'emploi, du travail et des solidarit\u00e9s du Var \nLa cheffe du service accompagnement \ndes entreprises et d\u00e9veloppement des territoires\nSign\u00e9 : S\u00e9verine LARDERET\nFait \u00e0 CS 31209 - 83070 TOULON Cedex, le 14/10/25\nDDETS du Var\n \nDirection d\u00e9partementale de l'emploi, du travail et des solidarit\u00e9s du Var - 83-2025-10-14-00004 - 825-2025-recepisse declaration\nQUAIN NADINE du 141025 8\nDirection d\u00e9partementale de l'emploi, du travail\net des solidarit\u00e9s du Var\n83-2025-10-14-00005\n826-2025-recepisse declaration YVAN KELLAL du\n141025\nDirection d\u00e9partementale de l'emploi, du travail et des solidarit\u00e9s du Var - 83-2025-10-14-00005 - 826-2025-recepisse declaration\nYVAN KELLAL du 141025 9\nPF4Libert\u00e9 + \u00c9galit\u00e9 + Fraternit\u00e9R\u00c9PUBLIQUE FRAN\u00c7AISE\nR\u00e9c\u00e9piss\u00e9 de d\u00e9claration\nd'un organisme de services \u00e0 la personne\nenregistr\u00e9 sous le N\u00b0 SAP991544065\nVu le code du travail et notamment les articles L.7231-1 \u00e0 L.7233-2, R.7232-16 \u00e0 R.7232-22, D.7231-1 et \nD.7233-1 \u00e0 D.7233-5 ; \nVu la demande de d\u00e9claration d\u00e9pos\u00e9e par l'organisme , 51 RUE PICOT 83000 TOULON, le 14/10/25 ;\nLe pr\u00e9fet du Var\nConstate : \nQu'une d\u00e9claration d'activit\u00e9s de services \u00e0 la personne a \u00e9t\u00e9 d\u00e9pos\u00e9e aupr\u00e8s du service instructeur  \ndu  Var  ,  le  14/10/25  par  M.  KELLAL  YVAN  en  qualit\u00e9  de  dirigeant(e),  pour  l'organisme   dont \nl'\u00e9tablissement  principal  est  situ\u00e9  51  RUE  PICOT  83000  TOULON  et  enregistr\u00e9  sous  le  N\u00b0 \nSAP991544065 pour les activit\u00e9s suivantes :\n  \u2022   Petits travaux de jardinage (mode d'intervention Prestataire)\nToute  modification  concernant  les  activit\u00e9s  exerc\u00e9es  devra  faire  l'objet  d'une  d\u00e9claration \nmodificative pr\u00e9alable.\nSous r\u00e9serve d'\u00eatre exerc\u00e9es \u00e0 titre exclusif (ou sous r\u00e9serve d'une comptabilit\u00e9 s\u00e9par\u00e9e pour les  \npersonnes  morales  dispens\u00e9es  de  cette  condition),  ces  activit\u00e9s  ouvrent  droit  au  b\u00e9n\u00e9fice  des \ndispositions des articles L. 7233-2 du code du travail et L.241-10 du code de la s\u00e9curit\u00e9 sociale dans  \nles conditions pr\u00e9vues par ces articles.\nLes effets de la d\u00e9claration courent \u00e0 compter du jour du d\u00e9p\u00f4t de la d\u00e9claration sous r\u00e9serve des  \ndispositions de l'article R.7232-18 du code du travail. Le pr\u00e9sent r\u00e9c\u00e9piss\u00e9 n'est pas limit\u00e9 dans le  \ntemps. La d\u00e9claration a une port\u00e9e nationale.\nL'enregistrement de la d\u00e9claration peut \u00eatre retir\u00e9 dans les conditions fix\u00e9es aux articles R.7232-\n20 \u00e0 R.7232-22 du code du travail.\nLe pr\u00e9sent r\u00e9c\u00e9piss\u00e9 sera publi\u00e9 au recueil des actes administratifs de la pr\u00e9fecture.\nLe pr\u00e9sent r\u00e9c\u00e9piss\u00e9 peut, \u00e0 compter de sa notification, faire l'objet d'un recours gracieux aupr\u00e8s  \nservice instructeur du Var ou d'un recours hi\u00e9rarchique adress\u00e9 au ministre charg\u00e9 de l'\u00e9conomie -  \nDirection g\u00e9n\u00e9rale des entreprises \u2013 sous-direction des services marchands, 61 Boulevard Vincent  \nAuriol, 75703 PARIS CEDEX 13.\nIl peut \u00e9galement faire l'objet d'un recours contentieux dans un d\u00e9lai de deux mois \u00e0 compter de sa  \nnotification aupr\u00e8s du tribunal administratif de Toulon.\nLe tribunal administratif peut aussi \u00eatre saisi par l'application informatique \u00ab T\u00e9l\u00e9recours citoyen \u00bb  \naccessible sur le site internet  http://www.telerecours.fr/\nEn cas de rejet du recours gracieux ou hi\u00e9rarchique ou en l'absence de r\u00e9ponse \u00e0 ce recours (rejet  \nimplicite), un recours contentieux devant le tribunal administratif de Toulon peut \u00e9galement \u00eatre  \nform\u00e9 contre la d\u00e9cision initiale dans un d\u00e9lai de deux mois \u00e0 compter de ce rejet. \nPour le Pr\u00e9fet et par d\u00e9l\u00e9gation\nPour le Directeur d\u00e9partemental \nde l'emploi, du travail et des solidarit\u00e9s du Var \nLa cheffe du service accompagnement \ndes entreprises et d\u00e9veloppement des territoires\nSign\u00e9 : S\u00e9verine LARDERET\nFait \u00e0 CS 31209 - 83070 TOULON Cedex, le 14/10/25\nDDETS du Var\nDirection d\u00e9partementale de l'emploi, du travail et des solidarit\u00e9s du Var - 83-2025-10-14-00005 - 826-2025-recepisse declaration\nYVAN KELLAL du 141025 10\nDirection d\u00e9partementale des territoires et de la\nmer du Var\n83-2025-10-14-00006\narr\u00eat\u00e9 pr\u00e9fectoral autorisant des battues\nadministratives aux sangliers\nDirection d\u00e9partementale des territoires et de la mer du Var - 83-2025-10-14-00006 - arr\u00eat\u00e9 pr\u00e9fectoral autorisant des battues\nadministratives aux sangliers 11\nDirection d\u00e9partementale\ndes territoires et de la mer du Var\nARRETE PR\u00c9FECTORAL DDTM/SAF/BCFSP/N\u00b0 2025 \u2013 100 DU 14/10/2025\nAUTORISANT DES BATTUES ADMINISTRATIVES AUX SANGLIERS\nLe pr\u00e9fet du Var,\nVU le Code de l'Environnement, et notamment ses articles L. 427-1 \u00e0-7 , R. 427-1 \u00e0-3 ;\nVU l'arr\u00eat\u00e9 minist\u00e9riel du 27 mars 1973, fixant les modalit\u00e9s d'application de la loi du 9\njuillet 1971 ;\nVU l'arr\u00eat\u00e9 pr\u00e9fectoral du 22 novembre 2024 relatif \u00e0 la nomination des Lieutenants de\nLouveterie pour la p\u00e9riode 2025-2029 ;\nVU l'arr\u00eat\u00e9 pr\u00e9fectoral n\u00b02025/25/MCI du 2 juin 2025 portant d\u00e9l\u00e9gation de signature \u00e0 M.\nLaurent Boulet, directeur d\u00e9partemental des territoires et de la mer ;\nVU l'arr\u00eat\u00e9 pr\u00e9fectoral n\u00b0DDTM/MPCA/ 2025-04 du 5 juin 2025 donnant subd\u00e9l\u00e9gation de\nsignature \u00e0 des agents de la direction d\u00e9partementale des territoires et de la mer du Var ;\nCONSID\u00c9RANT l'importance des d\u00e9g\u00e2ts de gibiers commis sur les communes de Hy\u00e8res,\nLa Londe et La Crau ;\nSUR proposition du directeur d\u00e9partemental des territoires et de la mer ;\nARRETE\nARTICLE  1er\n :  des  battues  administratives  aux  sangliers  seront effectu\u00e9es  sur  les\ncommunes de Hy\u00e8res, La Londe et La Crau, dans la limite de deux par semaine. Cette\nmission est valable pour une dur\u00e9e de deux mois \u00e0 compter de la signature du pr\u00e9sent\narr\u00eat\u00e9.\nARTICLE 2\n : M. Osvaldo Goletto, lieutenant de louveterie, est charg\u00e9 d'organiser et de\ndiriger les battues. Cependant, pour l'exercice de celles-ci, il pourra s'adjoindre ou se faire\nremplacer par tout autre lieutenant de louveterie d\u00e9sign\u00e9 par l'arr\u00eat\u00e9 pr\u00e9fectoral du 22\nnovembre 2024 susvis\u00e9.\nARTICLE 3\n : les battues pourront \u00eatre effectu\u00e9es avec traqueurs ou \u00e0 l'aide des chiens ou\nles deux simultan\u00e9ment et s'exerceront en tous lieux \u00e0 l'exception des terrains clos et\nattenants \u00e0 une habitation.\nDans  le  cadre  de  ses  missions,  M.  Osvaldo  Goletto pourra  \u00e9quiper  son  v\u00e9hicule\nd'intervention d'un gyrophare.\nARTICLE 4\n : les sangliers abattus seront partag\u00e9s entre tous les participants \u00e0 la battue.\nARTICLE 5     :    le lieutenant de louveterie pr\u00e9viendra au moins 24 heures \u00e0 l'avance de la date,\nde  l'heure  et  du  lieu  du  rendez-vous  de  la  battue,  le  directeur  d\u00e9partemental  des\nterritoires et de la mer, le pr\u00e9sident de la f\u00e9d\u00e9ration d\u00e9partementale des chasseurs, le chef\ndu service d\u00e9partemental de l'office fran\u00e7ais de la biodiversit\u00e9, le chef de la brigade de\ngendarmerie et lorsque la battue int\u00e9resse une for\u00eat soumise au r\u00e9gime forestier, le chef\ndu service d\u00e9partemental de l'office national des for\u00eats.\nARTICLE 6 : Le pr\u00e9sent arr\u00eat\u00e9 peut faire l'objet d'un recours gracieux aupr\u00e8s de son auteur\nou d'un recours contentieux devant le tribunal administratif de Toulon dans un d\u00e9lai de\ndeux mois suivant sa publication. L'absence de r\u00e9ponse au recours gracieux dans un d\u00e9lai\nde  deux  mois  vaut  rejet  implicite.  Le  rejet  du  recours  gracieux  peut  \u00e9galement  \u00eatre\ncontest\u00e9 devant le tribunal administratif de Toulon dans un d\u00e9lai de deux mois.\nARTICLE 7     :    le secr\u00e9taire g\u00e9n\u00e9ral de la pr\u00e9fecture du Var, le directeur d\u00e9partemental des\nterritoires et de la mer, Osvaldo Goletto sont charg\u00e9s, chacun en ce qui les concerne, de\nl'ex\u00e9cution  du  pr\u00e9sent  arr\u00eat\u00e9  dont  une  ampliation  sera  transmise  au  pr\u00e9sident  de  la\nf\u00e9d\u00e9ration  d\u00e9partementale des  chasseurs  du Var,  au  commandant  du  groupement  de\ngendarmerie  du  Var,  au  commandant  de  la  brigade  de  gendarmerie  territorialement\ncomp\u00e9tente, au chef du service d\u00e9partemental de l'office fran\u00e7ais de la biodiversit\u00e9, au\npr\u00e9sident de l'association d\u00e9partementale des lieutenants de louveterie et aux maires des\ncommunes de Hy\u00e8res, La Londe et La Crau, pour affichage, et tous les agents ayant des\nfonctions de police judiciaire sont charg\u00e9s, chacun en ce qui le concerne, de l'ex\u00e9cution du\npr\u00e9sent arr\u00eat\u00e9, qui sera publi\u00e9 au recueil des actes administratifs de la pr\u00e9fecture.\nFait \u00e0 Toulon, le 14/10/2025\nPour le Pr\u00e9fet et par d\u00e9l\u00e9gation,\nLa cheffe du service agriculture et for\u00eat\nSign\u00e9\nAnne Rabault\nDestinataires :\n- le Lieutenant de Louveterie \n- le Pr\u00e9sident de l'Association D\u00e9partementale des\nLieutenants de Louveterie du Var ,\n- le Commandant du Groupement de \nGendarmerie,\n- le Commandant de la Brigade de Gendarmerie\n- l'O.F.B.\n- le pr\u00e9sident de la F.D.C.V.\n- le maire des communes de Hy\u00e8res, La Londe \net La Crau\nDirection d\u00e9partementale des territoires et de la mer du Var - 83-2025-10-14-00006 - arr\u00eat\u00e9 pr\u00e9fectoral autorisant des battues\nadministratives aux sangliers 12\nDirection d\u00e9partementale des territoires et de la\nmer du Var\n83-2025-09-25-00015\nARR\u00caT\u00c9 PR\u00c9FECTORAL n\u00b0\nDDTM/SAF/BFDFCI/2025-43 du 25 septembre\n2025\nportant \u00e9tablissement d'une servitude de\npassage et d'am\u00e9nagement sur les pistes B352\n\u00ab\u00a0Valletane\u00a0\u00bb et B353 \u00ab\u00a0Vallon de Tamary\u00a0\u00bb\ncommune de La-Londe-les-Maures \nDirection d\u00e9partementale des territoires et de la mer du Var - 83-2025-09-25-00015 - ARR\u00caT\u00c9 PR\u00c9FECTORAL n\u00b0\nDDTM/SAF/BFDFCI/2025-43 du 25 septembre 2025\nportant \u00e9tablissement d'une servitude de passage et d'am\u00e9nagement sur les pistes B352 \u00ab\u00a0Valletane\u00a0\u00bb et B353 \u00ab\u00a0Vallon de Tamary\u00a0\u00bb\ncommune de La-Londe-les-Maures \n13\nExPREFETDU VARLibert\u00e9Egalit\u00e9Fraternit\u00e9\nP\nARR\u00caT\u00c9 PR\u00c9FECTORAL n\u00b0 DDTM/SAF/BFDFCI/2025-43 du 25 septembre 2025\nportant \u00e9tablissement d'une servitude de passage et d'am\u00e9nagement\nsur les pistes B352 \u00ab Valletane \u00bb et B353 \u00ab Vallon de Tamary \u00bb\ncommune de La-Londe-les-Maures \nLe pr\u00e9fet du Var,\nVu le code forestier notamment les articles L.  134-1, L. 134-2, L. 134-3 et l'ordonnance n\u00b02012-\n92 du 26 janvier 2012 ;\nVu le  d\u00e9cret  n\u00b02004-374  du  29  avril  2004  modifi\u00e9  relatif  aux  pouvoirs  des  pr\u00e9fets,  \u00e0 \nl'organisation et \u00e0 l'action des services de l'\u00c9tat dans les r\u00e9gions et les d\u00e9partements ; \nVu  le d\u00e9cret n\u00b0 2012-836 du 29 juin 2012 relatif \u00e0 la partie r\u00e9glementaire du code forestier,  \nnotamment les articles R. 134-1, R. 134-2, R. 134-3 ;\nVu le d\u00e9cret du Pr\u00e9sident de la R\u00e9publique du 15 avril 2022 portant nomination de Monsieur  \nLucien GIUDICELLI, secr\u00e9taire g\u00e9n\u00e9ral de la pr\u00e9fecture du Var ;\nVu le d\u00e9cret du Pr\u00e9sident de la R\u00e9publique du 15 mai 2025 portant nomination de Monsieur  \nSimon BABRE, pr\u00e9fet du Var ; \nVu l'arr\u00eat\u00e9 pr\u00e9fectoral du 29 d\u00e9cembre 2008 approuvant le plan d\u00e9partemental de protection \ndes for\u00eats contre l'incendie (PDPFCI) ; \nVu  l'arr\u00eat\u00e9  pr\u00e9fectoral  du  19  juin  2018  r\u00e9glementant  dans  le  d\u00e9partement  du  Var  la \np\u00e9n\u00e9tration dans les massifs forestiers, la circulation et le stationnement sur certaines voies  \nles desservant et l'usage de certains appareils et mat\u00e9riels \u00e0 l'int\u00e9rieur de ces massifs ;\nVu  l'arr\u00eat\u00e9 pr\u00e9fectoral N\u00b02025/12/MCI du 02 juin 2025 portant d\u00e9l\u00e9gation de signature \u00e0  \nMonsieur  Lucien  GIUDICELLI,  secr\u00e9taire  g\u00e9n\u00e9ral  de  la  pr\u00e9fecture  du  Var,  sous-pr\u00e9fet  de \nl'arrondissement de Toulon ;\nVu le  plan  intercommunal  de  d\u00e9broussaillement  et  am\u00e9nagement  forestier  (PIDAF)  de  la \ncommunaut\u00e9 de communes M\u00e9diterran\u00e9e Porte des Maures approuv\u00e9 par arr\u00eat\u00e9 pr\u00e9fectoral  \nen date du 05 f\u00e9vrier 2020 ;\nVu la d\u00e9lib\u00e9ration n\u00b044/2023 de la communaut\u00e9 de communes M\u00e9diterran\u00e9e Porte des Maures \nen date du 15 f\u00e9vrier 2023 ;\nVu la  d\u00e9lib\u00e9ration  n\u00b0148/2023  de  la  commune  de  La-Londe-les-Maures  en  date  du  20 \nseptembre 2023 ; \nVu le certificat d'affichage de la commune de La-Londe-les-Maures en date du 09 septembre  \n2025 ;\nVu l'avis favorable \u00e9mis par la sous-commission d\u00e9partementale pour la s\u00e9curit\u00e9 contre les  \nrisques d'incendies de for\u00eat, lande, maquis et garrigue en date du 20 d\u00e9cembre 2024 ;\nVu les pi\u00e8ces du dossier port\u00e9es \u00e0 la connaissance des propri\u00e9taires notamment le rapport de  \npr\u00e9sentation et le plan parcellaire ;\n1/4\nDirection d\u00e9partementale\ndes territoires et de la mer du Var\nDirection d\u00e9partementale des territoires et de la mer du Var - 83-2025-09-25-00015 - ARR\u00caT\u00c9 PR\u00c9FECTORAL n\u00b0\nDDTM/SAF/BFDFCI/2025-43 du 25 septembre 2025\nportant \u00e9tablissement d'une servitude de passage et d'am\u00e9nagement sur les pistes B352 \u00ab\u00a0Valletane\u00a0\u00bb et B353 \u00ab\u00a0Vallon de Tamary\u00a0\u00bb\ncommune de La-Londe-les-Maures \n14\nP\nConsid\u00e9rant que cette voie, par sa localisation et sa situation topographique, constitue un  \nouvrage tr\u00e8s favorable pour l'appui \u00e0 la lutte contre les incendies de for\u00eats ;\nConsid\u00e9rant la n\u00e9cessit\u00e9 d'assurer la p\u00e9rennit\u00e9 de ces voies et leur mise aux normes par des  \ntravaux adapt\u00e9s (largeur de la bande de roulement, aires de croisement et de retournement) ;\nConsid\u00e9rant que cet ouvrage de d\u00e9fense des for\u00eats contre l'incendie (DFCI), par sa situation  \ntopographique,  est  destin\u00e9  \u00e0  prot\u00e9ger  le  territoire  de  la  communaut\u00e9  de  communes \nM\u00e9diterran\u00e9e Porte des Maures et qu'il est donc r\u00e9alis\u00e9 \u00e0 son profit exclusif ;\nSur proposition du directeur d\u00e9partemental des territoires et de la mer du Var,\nARR\u00caTE :\nArticle 1  er     :  Une servitude de passage et d'am\u00e9nagement est cr\u00e9\u00e9e pour assurer la mise aux  \nnormes et la p\u00e9rennit\u00e9 des pistes B352 \u00ab  Valletane \u00bb et B353 \u00ab  Vallon de Tamary  \u00bb, sur le  \nterritoire de la commune de La-Londe-les-Maures. \nLa piste B352, d'une longueur de 1 670 ml, poss\u00e8de une vocation de liaison. \nElle d\u00e9bute au sud \u00e0 l'intersection avec la piste B353 et se poursuit au nord-ouest jusqu'\u00e0  \nl'intersection avec la piste B251.\nLa piste B353 poss\u00e8de une vocation de liaison. D'une longueur de 2 840 ml, d\u00e9bute au sud \u00e0 la \nroute de Valcros et se poursuit au nord jusqu'\u00e0 l'intersection avec la piste B35. \nLa partie concern\u00e9e par la servitude, d'une longueur de 1  540 ml, correspond au segment  \napr\u00e8s le franchissement du vallon de Tamary jusqu'\u00e0 l'intersection avec la piste B35.\nLe lin\u00e9aire total concern\u00e9 par la servitude repr\u00e9sente 3 210 ml.\nCette servitude est \u00e9tablie au profit de la communaut\u00e9 de communes M\u00e9diterran\u00e9e Porte des \nMaures, d\u00e9sign\u00e9e ensuite sous le terme de \u00ab b\u00e9n\u00e9ficiaire \u00bb.\nArticle 2     :   L'emprise de la servitude porte sur une largeur de bande de roulement minimale de \n4 m et n'exc\u00e9dant pas 6  m. Cette emprise de la servitude porte \u00e9galement sur les aires de  \ncroisement et de retournement connexes (\u00e9quipements ayant une surface au sol inf\u00e9rieure \u00e0  \n500 m\u00b2).\nL'\u00e9tablissement de la servitude n'est pas soumis \u00e0 enqu\u00eate publique.\nArticle 3 : Les parcelles concern\u00e9es par cette servitude sont les suivantes : \nParcelles piste B352 :\nCommunes Section Parcelle Contenance (are) Surface emprise \nservitude (m\u00b2)\nLa-Londe-les-Maures AD 0028 1ha05a70ca 541\nLa-Londe-les-Maures AD 0053 14ha99a02ca 1601\n2/4\nDirection d\u00e9partementale des territoires et de la mer du Var - 83-2025-09-25-00015 - ARR\u00caT\u00c9 PR\u00c9FECTORAL n\u00b0\nDDTM/SAF/BFDFCI/2025-43 du 25 septembre 2025\nportant \u00e9tablissement d'une servitude de passage et d'am\u00e9nagement sur les pistes B352 \u00ab\u00a0Valletane\u00a0\u00bb et B353 \u00ab\u00a0Vallon de Tamary\u00a0\u00bb\ncommune de La-Londe-les-Maures \n15\nP\nLa-Londe-les-Maures B 0136 62ha42a27ca 4830\nLa-Londe-les-Maures B 3041 47ha60a25ca 816\nParcelles piste B353     :  \nCommunes Section Parcelle Contenance (are) Surface emprise \nservitude (m\u00b2)\nLa-Londe-les-Maures B 0112 0ha45a00ca 412\nLa-Londe-les-Maures B 0113 2ha74a90ca 314\nLa-Londe-les-Maures B 0115 0ha08a25ca 358\nLa-Londe-les-Maures B 0134 0ha64a90ca 52\nLa-Londe-les-Maures C 0152 1ha12a90ca 215\nLa-Londe-les-Maures C 0173 0ha40a00ca 233\nLa-Londe-les-Maures C 0174 2ha21a70ca 442\nLa-Londe-les-Maures C 0177 130ha60a10ca 107\nLa-Londe-les-Maures C 0292 4ha26a25ca 15\nLa-Londe-les-Maures C 0297 0ha32a40ca 56\nArticle  4     :   Conform\u00e9ment  \u00e0  l'article  L. 134-2  du  code  forestier,  le  b\u00e9n\u00e9ficiaire  de  cette \nservitude peut proc\u00e9der, \u00e0 ses frais, \u00e0 un d\u00e9broussaillement des abords de la voie sur deux  \nbandes lat\u00e9rales, sans que le total des largeurs de ces bandes n'exc\u00e8de 100 m\u00e8tres. \nL'entretien de la voie, ainsi que le maintien en \u00e9tat d\u00e9broussaill\u00e9 des abords de la voie, est \u00e0 la \ncharge du b\u00e9n\u00e9ficiaire de la servitude. \nArticle 5     :   La servitude comporte un droit d'am\u00e9nagement afin d'assurer la continuit\u00e9 des  \nvoies de d\u00e9fense des for\u00eats contre l'incendie. Elle comporte aussi un droit de passage \u00e0 usage  \nDFCI, sur la piste qui sera am\u00e9nag\u00e9e \u00e0 cet effet.\nL'acc\u00e8s \u00e0 la piste pour en assurer son entretien et son maintien en condition op\u00e9rationnelle,  \nn'est autoris\u00e9 que pour les services de l'\u00c9tat ou l'entreprise mandat\u00e9e par le b\u00e9n\u00e9ficiaire de la  \nservitude.\nLes propri\u00e9taires de terrains touch\u00e9s par cette servitude et leurs ayants droit pourront utiliser  \nla piste pour l'exploitation des fonds asservis.\n3/4\nDirection d\u00e9partementale des territoires et de la mer du Var - 83-2025-09-25-00015 - ARR\u00caT\u00c9 PR\u00c9FECTORAL n\u00b0\nDDTM/SAF/BFDFCI/2025-43 du 25 septembre 2025\nportant \u00e9tablissement d'une servitude de passage et d'am\u00e9nagement sur les pistes B352 \u00ab\u00a0Valletane\u00a0\u00bb et B353 \u00ab\u00a0Vallon de Tamary\u00a0\u00bb\ncommune de La-Londe-les-Maures \n16\nP\nArticle 6     :   La pose de la signalisation aux deux extr\u00e9mit\u00e9s des pistes sera \u00e0 la charge du  \nb\u00e9n\u00e9ficiaire. Cette signalisation comportera des panneaux indiquant le num\u00e9ro de la piste , \nson nom et un panneau d'interdiction de circuler cod\u00e9 B0. Elle sera plac\u00e9e \u00e0 chaque entr\u00e9e de \nla piste, c\u00f4t\u00e9 droit, et quelques m\u00e8tres en retrait.\nArticle 7     :   Le plan de situation des pistes et les plans cadastraux sont joints au pr\u00e9sent arr\u00eat\u00e9.\nArticle 8     :   Le pr\u00e9sent arr\u00eat\u00e9 est  affich\u00e9 en mairie d e la commune  de La-Londe-les-Maures \npendant 2 mois et publi\u00e9 au recueil des actes administratifs.\nDe plus, il sera, par les soins du b\u00e9n\u00e9ficiaire, notifi\u00e9 \u00e0 chacun des propri\u00e9taires concern\u00e9s par  \ncourrier recommand\u00e9 avec accus\u00e9 de r\u00e9ception.\nArticle 9     :   L'existence de cette servitude est ajout\u00e9e \u00e0 la liste  des servitudes d'utilit\u00e9 publique  \nqui figure en annexe du document d'urbanisme en vigueur de  la commune de La-Londe-les-\nMaures. \nArticle 10     :   Les propri\u00e9taires de chacun des fonds concern\u00e9s seront avis\u00e9s par la communaut\u00e9 \nde communes M\u00e9diterran\u00e9e Porte des Maures , dix jours au moins avant le commencement  \ndes travaux d'am\u00e9nagement, par courrier recommand\u00e9 avec accus\u00e9 de r\u00e9ception. Ce courrier \nindiquera la date du d\u00e9but des travaux ainsi que leur dur\u00e9e pr\u00e9visionnelle.\nArticle 11     :   Si la comp\u00e9tence DFCI n'est plus assur\u00e9e par le b\u00e9n\u00e9ficiaire de la servitude, la  \nstructure territoriale qui sera charg\u00e9e de la mise en \u0153uvre de la comp\u00e9tence DFCI, deviendra  \nalors le nouveau b\u00e9n\u00e9ficiaire. \u00c0 d\u00e9faut, la servitude reviendra \u00e0  la commune de La-Londe-les-\nMaures.\nArticle 12     :   Le secr\u00e9taire g\u00e9n\u00e9ral de la pr\u00e9fecture du Var, le directeur d\u00e9partemental des  \nterritoires et de la mer du Var, le pr\u00e9sident de la communaut\u00e9 de communes M\u00e9diterran\u00e9e  \nPorte des Maures, le maire de la commune de La-Londe-les-Maures sont charg\u00e9s, chacun en ce \nqui le concerne, de l'application du pr\u00e9sent arr\u00eat\u00e9.\nFait \u00e0 Toulon, le 25 septembre 2025\nPour le pr\u00e9fet et par d\u00e9l\u00e9gation\nle secr\u00e9taire g\u00e9n\u00e9ral\nSign\u00e9\nLucien GIUDICELLI\n4/4\nDirection d\u00e9partementale des territoires et de la mer du Var - 83-2025-09-25-00015 - ARR\u00caT\u00c9 PR\u00c9FECTORAL n\u00b0\nDDTM/SAF/BFDFCI/2025-43 du 25 septembre 2025\nportant \u00e9tablissement d'une servitude de passage et d'am\u00e9nagement sur les pistes B352 \u00ab\u00a0Valletane\u00a0\u00bb et B353 \u00ab\u00a0Vallon de Tamary\u00a0\u00bb\ncommune de La-Londe-les-Maures \n17\nDirection d\u00e9partementale des territoires et de la\nmer du Var\n83-2025-10-14-00003\nOrdre du jour-25-009 RAA\nDirection d\u00e9partementale des territoires et de la mer du Var - 83-2025-10-14-00003 - Ordre du jour-25-009 RAA 18\nDDTM du Var\nSecr\u00e9tariat de la CDAC\nCommission du lundi 17 novembre 2025 \nPr\u00e9fecture du Var \nsalle Jean Moulin, 5  niveau, aile B\u1d49\nquartier des Lices \u2013 Toulon\n\u00e0\n14h30\nORDRE DU JOUR\nDossier n\u00b0 25-009\nExtension du magasin Carrefour-Market\nCommune\u00a0: Six-Fours-les-Plages\nDemandeur\u00a0: SAS SIFO\nToulon, le 14 octobre 2025\nLe Directeur D\u00e9partemental\ndes Territoires et de la Mer\nSign\u00e9\nLaurent Boulet\nDirection d\u00e9partementale des territoires et de la mer du Var - 83-2025-10-14-00003 - Ordre du jour-25-009 RAA 19","date":"2025-10-15","first_seen_on":"2025-10-15T15:09:50+00:00","id":"afe2c23f63b8a966fc5609580f51cb0a8c49b18e4b6e183c1df467f4859eb806","name":"RAA N\u00b0348 du 15 octobre 2025","pdf_creation_date":"2025-10-15T14:24:22+00:00","pdf_modification_date":null,"timezone":"Europe/Paris","url":"https://www.var.gouv.fr/contenu/telechargement/43141/282278/file/RAA%20N%C2%B0348%20du%2015%20octobre%202025%20Non%20nominatifs.pdf"}
