{"administration":"pref21","administration_name":"Pr\u00e9fecture de C\u00f4te-d\u2019Or","content":"PR\u00c9FET\nDE LA C\u00d4TE-D'OR\nRECUEIL DES ACTES\nADMINISTRATIFS SP\u00c9CIAL\nN\u00b021-2024-129\nPUBLI\u00c9 LE 19 SEPTEMBRE 2024\nSommaire\nDirection d\u00e9partementale de l'emploi, du travail et des solidarit\u00e9s de\nC\u00f4te-d'Or /\n21-2024-09-16-00004 - Agr\u00e9ment ESUS France Alzheimer C\u00f4te d'Or / 394\n135 370 00036 (2 pages) Page 4\nDirection d\u00e9partementale des territoires de la C\u00f4te-d'Or / Service de l'eau\net des risques\n21-2024-09-10-00004 - Arr\u00eat\u00e9 pr\u00e9fectoral n\u00b0 1473 du 10 septembre\n2024 portant d\u00e9claration d'int\u00e9r\u00eat g\u00e9n\u00e9ral pour la restauration de\n6 mares et la cr\u00e9ation d'une mare sur les communes d'Epoisses, de\nForl\u00e9ans, de La-Motte-Ternant et de Mont-Saint-Jean. (17 pages) Page 7\nDirection d\u00e9partementale des territoires de la C\u00f4te-d'Or / Service\nPr\u00e9servation et Am\u00e9nagement de l'Espace (SPAE)\n21-2024-09-16-00006 - Arr\u00eat\u00e9 pr\u00e9fectoral n\u00b020-2024 du 16 septembre\n2024 portant application du r\u00e9gime forestier - commune de Bussi\u00e8res (2\npages) Page 25\nDirection d\u00e9partementale des territoires de la C\u00f4te-d'Or / Service\nS\u00e9curit\u00e9 et Education Routi\u00e8re\n21-2024-09-16-00003 - Arr\u00eat\u00e9 N\u00b0 1474 autorisant une manifestation\nnautique d\u00e9nomm\u00e9e \u00ab\u00a0Initiation au Triathlon\u00a0\u00bb organis\u00e9e par\nl'association COPS 21 (C\u00f4te-d'Or police sportive) le jeudi 19\nseptembre 2024 de 07h00 \u00e0 14h00 et fixant des mesures temporaires de\npolice de la navigation sur la base de loisirs d'Arc- sur -Tille (21) (6 pages) Page 28\nDRFiP Bourgogne Franche-Comt\u00e9 /\n21-2024-09-16-00008 - D\u00e9l\u00e9gation de signature au conciliateur fiscal\nDRFIP 21  16-09-2024 (2 pages) Page 35\n21-2024-09-01-00003 - DELEGATION DE SIGNATURE EN MATIERE DE\nCONTENTIEUX SIE DIJON DRFIP 21    01/09/2024 (3 pages) Page 38\n21-2024-09-16-00002 - D\u00e9l\u00e9gation de signature en mati\u00e8re de vente de\nbiens meubles saisis DRFIP 21  16.09.2024 (1 page) Page 42\n21-2024-09-16-00005 - D\u00e9l\u00e9gation de signature SGC DIJON METROPOLE\n24-09-16 (2 pages) Page 44\n21-2024-09-16-00001 - D\u00e9l\u00e9gation sp\u00e9ciale de signature pour le p\u00f4le\ngestion fiscale DRFIP 21   16.09.2024 (2 pages) Page 47\n21-2024-09-16-00007 - D\u00e9signation conciliateur fiscal DRFIP 21 16-09-2024\n(1 page) Page 50\nPr\u00e9fecture de la C\u00f4te-d'Or /\n21-2024-09-10-00003 - Arr\u00eat\u00e9 pr\u00e9fectoral n\u00b01435 du 10 septembre\n2024 portant composition de la commission d'organisation des \u00e9lections\nau tribunal de commerce de DIJON (2 pages) Page 52\n2\nPr\u00e9fecture de la C\u00f4te-d'Or / Direction de la coordination, des politiques\npubliques et de l'appui territorial\n21-2024-09-18-00001 - Arr\u00eat\u00e9 pr\u00e9fectoral n\u00b0 1484 du 18 septembre\n2024 instituant la commission d\u00e9partementale d'am\u00e9nagement\ncommercial (CDAC) de la C\u00f4te-d'Or (6 pages) Page 55\n21-2024-09-13-00003 - Arr\u00eat\u00e9 pr\u00e9fectoral n\u00b01475 du 13 septembre\n2024 portant habilitation de la SAS SAD MARKETING en application de\nl'article R752-6-3 du code du commerce pour la r\u00e9alisation de l'analyse\nd'impact des projets d'am\u00e9nagement commercial (2 pages) Page 62\n21-2024-09-13-00002 - Arr\u00eat\u00e9 pr\u00e9fectoral n\u00b01476 du 13 septembre\n2024 modifiant l'arr\u00eat\u00e9 pr\u00e9fectoral n\u00b085 du 20 janvier 2020 portant\nhabilitation de la SAS SAD MARKETING en application des articles\nR752-44-2 et R752-44-3 du code du commerce pour l'\u00e9tablissement des\ncertificats de conformit\u00e9 des projets d'am\u00e9nagement commerciaux (2\npages) Page 65\n21-2024-09-18-00002 - Arr\u00eat\u00e9 pr\u00e9fectoral n\u00b0\u00a01485 du 18 septembre\n2024 instituant la commission d\u00e9partementale d'am\u00e9nagement\ncin\u00e9matographique (CDACi) de la C\u00f4te-d'Or (5 pages) Page 68\nPr\u00e9fecture de la C\u00f4te-d'Or / Direction des s\u00e9curit\u00e9s\n21-2024-09-18-00003 - Arr\u00eat\u00e9 pr\u00e9fectoral N\u00b01486\nportant\ninterdiction de rassemblements festifs \u00e0 caract\u00e8re musical et\ninterdiction de circulation\nde tout v\u00e9hicule transportant du mat\u00e9riel\nde son \u00e0 destination d'un rassemblement festif\n\u00e0 caract\u00e8re\nmusical non autoris\u00e9 (2 pages) Page 74\n21-2024-09-18-00004 - Arr\u00eat\u00e9 pr\u00e9fectoral N\u00b01488\nautorisant la\ncaptation, l'enregistrement et la transmission d'images\nau moyen\nde cam\u00e9ras install\u00e9es sur des a\u00e9ronefs (2 pages) Page 77\n21-2024-09-18-00005 - Arr\u00eat\u00e9 pr\u00e9fectoral N\u00b01488\nautorisant la\ncaptation, l'enregistrement et la transmission d'images\nau moyen\nde cam\u00e9ras install\u00e9es sur des a\u00e9ronefs (2 pages) Page 80\n3\nDirection d\u00e9partementale de l'emploi, du travail\net des solidarit\u00e9s de C\u00f4te-d'Or\n21-2024-09-16-00004\nAgr\u00e9ment ESUS France Alzheimer C\u00f4te d'Or /\n394 135 370 00036\nDirection d\u00e9partementale de l'emploi, du travail et des solidarit\u00e9s de C\u00f4te-d'Or - 21-2024-09-16-00004 - Agr\u00e9ment ESUS France\nAlzheimer C\u00f4te d'Or / 394 135 370 00036 4\nPREFETDE LACOTE-D'ORLibert\u00e9Egalit\u00e9Fraternit\u00e9\nDirection D\u00e9partementale \nde l'Emploi, du Travail et des Solidarit\u00e9s \nDDETS  \n \nDDETS 21, 21 Bd Voltaire, BP 81110 -  21011 DIJON Cedex \nT\u00e9l. : 03 80 45 75 02 (Accueil) \nwww.cote-dor.gouv.fr \n \nAffaire suivie par Ma\u00eblle THIEBAUT \nCharg\u00e9e de mission \u2013 P\u00f4le Emploi Coh\u00e9sion Territoriale \nT\u00e9l : 03 80 45 75 07 // 06 75 40 79 13 \nCourriel : maelle.thiebaut@cote-dor.gouv.fr \nDijon, le 16 septembre 2024 \n \n \nAssociation France Alzheimer C\u00f4te d'Or \nMadame la Pr\u00e9sidente \nMaison des associations \n2 rue des corroyeurs \n21000 DIJON \n \nDDETS de la C\u00f4te d'Or  \nARR\u00caT\u00c9 PORTANT AGR\u00c9MENT  \nd'Entreprise Solidaire d'Utilit\u00e9 Sociale (ESUS)  \n  \nVu - La loi n\u00b02014-856 du 31 juillet 2014 relative \u00e0 l'Economie Sociale et Solidaire (ESS) ; \n \nVu - La loi n\u00b02019-486 du 22 mai 2019 relative \u00e0 la croissance et la transformation des entreprises \nmodifiant la loi ci-dessus du 31 juillet 2014 ;  \n  \nVu - Le d\u00e9cret n\u00b02015-719 du 23 juin 2015 relatif \u00e0 l'agr\u00e9ment \u00ab  Entreprise Solidaire d'Utilit\u00e9 Sociale \n(ESUS) \u00bb ; \n  \nVu - Le d\u00e9cret n\u00b02015-760 du 24 juin 2015 relatif \u00e0 l'agr\u00e9ment \u00ab  Entreprise Solidaire d'Utilit\u00e9 Sociale \n(ESUS) \u00bb ; \n  \nVu - L'arr\u00eat\u00e9 du 3 ao\u00fbt 2015 fixant la fraction des b\u00e9n\u00e9fices affect\u00e9e au report b\u00e9n\u00e9ficiaire et aux \nr\u00e9serves obligatoires, art 1 loi n\u00b0 2014-856 du 31 juillet 2014 relative \u00e0 l'Economie Sociale et Solidaire \n(ESS) ;  \n  \nVu - L'arr\u00eat\u00e9 du 5 ao\u00fbt 2015 fixant la composition du dossier de demande d'agr\u00e9ment \u00ab  Entreprise \nSolidaire d'Utilit\u00e9 Sociale (ESUS) \u00bb ; \n \nVu - L'arr\u00eat\u00e9 pr\u00e9fectoral n\u00b0 1204 du 17 octobre 2022 portant d\u00e9l\u00e9gation de signature \u00e0  Mr Nicolas \nNIBOUREL, Directeur D\u00e9partemental de la DDETS de C\u00f4te d'Or ; \n \nVu - L'arr\u00eat\u00e9 n\u00b0736/DDETS du 29 avril 2024 \u2013 Pr\u00e9fecture de la C\u00f4te d 'Or, portant subd\u00e9l\u00e9gation de \nsignature ; \n \nVu - Le code du travail, notamment ses articles L 3332-17-1 et R 3332-21-1 \u00e0 R 3332-21-5 ; \n  \nVu - La demande d'agr\u00e9ment Entreprise Solidaire d'Utilit\u00e9 Sociale (ESUS) pr\u00e9sent\u00e9e par courriel du 2 \nseptembre 2024 par l'association France Alzheimer C\u00f4te d'Or; \nVu - La date de cr\u00e9ation de l'association France Alzheimer C\u00f4te d'Or, le 17 janvier 1994; \nVu - Les d\u00e9clarations de la demande d'agr\u00e9ment du dossier B1; \nVu - La situation au r\u00e9pertoire SIRENE de l'INSEE; \nDirection d\u00e9partementale de l'emploi, du travail et des solidarit\u00e9s de C\u00f4te-d'Or - 21-2024-09-16-00004 - Agr\u00e9ment ESUS France\nAlzheimer C\u00f4te d'Or / 394 135 370 00036 5\n  \n \nDDETS 21, 21 Bd Voltaire, BP 81110 -  21011 DIJON Cedex \nT\u00e9l. : 03 80 45 75 02 (Accueil) \n www.cote-dor.gouv.fr \nVu - La compl\u00e9tude du dossier le 2 septembre 2024. \n\u2026\u2026\u2026\u2026. \n \nConsid\u00e9rant, que l'Economie Sociale et Solidaire (ESS) est \u00ab  un mode d'entreprendre et de \nd\u00e9veloppement \u00e9conomique, adapt\u00e9 \u00e0 tous les domaines de l'activit\u00e9 humaine remplissant les \nconditions cumulatives, de recherche d'une utilit\u00e9 sociale et non du seul profit, d'une gouvernance \nd\u00e9mocratique, d'une affectation des b\u00e9n\u00e9fices majoritairement con sacr\u00e9s au maintien ou au \nd\u00e9veloppement de l'entreprise ainsi qu'\u00e0 des r\u00e9serves impartageables et non distribuables (principes \nde bonne gestion) \u00bb ; \n \nConsid\u00e9rant, la situation au r\u00e9pertoire SIRENE de l'INSEE de France Alzheimer C\u00f4te d'Or indiquant \nl'appartenance \u00e0 l'Economie Sociale et Solidaire (ESS); \n \nConsid\u00e9rant, que le statut d'association vaut pr\u00e9somption des principes de bonne gestion (affectation \ndes b\u00e9n\u00e9fices au maintien de l 'emploi ou de l 'activit\u00e9, r\u00e9serves obligatoires impartage ables et non \ndistribuables) ainsi que d'une gouvernance d\u00e9mocratique;  \n \nConsid\u00e9rant, que l'objet de l'association France Alzheimer C\u00f4te d'Or r\u00e9pond aux crit\u00e8res de l 'utilit\u00e9 \nsociale notamment \u00e0 celui de soutien \u00e0 des personnes en situation de fragilit\u00e9; \n \nConsid\u00e9rant, l'attestation sur l'honneur d'absence de titres en capital sur les march\u00e9s financiers; \n \nConsid\u00e9rant, les statuts de l'association France Alzheimer C\u00f4te d 'Or ainsi que les d\u00e9clarations \nsign\u00e9es du dossier B1 de demande d'agr\u00e9ment ESUS; \n \nConsid\u00e9rant, notamment le respect des principes de la politique de r\u00e9mun\u00e9ration; \n \nConsid\u00e9rant, l'affectation des charges d 'exploitation participant \u00e0 la recherche d 'une utilit\u00e9 sociale, \nrepr\u00e9sentant au moins 66 % des charges d'exploitation totales; \n \nConsid\u00e9rant, qu'au vu des \u00e9l\u00e9ments pr\u00e9sent\u00e9s ci-dessus, l'association France Alzheimer C\u00f4te d'Or, \nremplit les conditions requises pour b\u00e9n\u00e9ficier de l 'agr\u00e9ment d'Entreprise Solidaire d'Utilit\u00e9 Sociale \n(ESUS); \n \nARR\u00caTE \n  \nArticle 1 : L'association France Alzheimer C\u00f4te d'Or dont le si\u00e8ge social se situe 2 rue des corroyeurs \n21000 Dijon , r\u00e9f\u00e9renc\u00e9e par le num\u00e9ro  SIRET 394 135 370 00036 se voit accorder l'agr\u00e9ment \nd'Entreprise Solidaire d'Utilit\u00e9 Sociale (ESUS) pour 5 ans, \u00e0 compter du 16 septembre 2024 et jusqu'au \n15 septembre 2029 selon les crit\u00e8res issus de l'article L3332 -17-1 du code du travail en vigueur \u00e0 la \ndate de la pr\u00e9sente d\u00e9cision. \n  \nArticle 2 : Le pr\u00e9sent arr\u00eat\u00e9 sera publi\u00e9 au recueil des actes administratifs de la Pr\u00e9fecture de la C\u00f4te \nd'Or.  \n \n \nPour le Pr\u00e9fet de D\u00e9partement, \nEt par d\u00e9l\u00e9gation du Directeur D\u00e9partemental emp\u00each\u00e9, \nLa Responsable de l'Unit\u00e9 Formation, Emploi et Insertion \nMarie BEGRAND \nSIGNE \nDirection d\u00e9partementale de l'emploi, du travail et des solidarit\u00e9s de C\u00f4te-d'Or - 21-2024-09-16-00004 - Agr\u00e9ment ESUS France\nAlzheimer C\u00f4te d'Or / 394 135 370 00036 6\nDirection d\u00e9partementale des territoires de la\nC\u00f4te-d'Or\nService de l'eau et des risques\n21-2024-09-10-00004\nArr\u00eat\u00e9 pr\u00e9fectoral n\u00b0 1473 du 10 septembre 2024\nportant d\u00e9claration d'int\u00e9r\u00eat g\u00e9n\u00e9ral pour la\nrestauration de 6 mares et la cr\u00e9ation d'une\nmare sur les communes d'Epoisses, de Forl\u00e9ans,\nde La-Motte-Ternant et de Mont-Saint-Jean.\nDirection d\u00e9partementale des territoires de la C\u00f4te-d'Or - 21-2024-09-10-00004 - Arr\u00eat\u00e9 pr\u00e9fectoral n\u00b0 1473 du 10 septembre 2024\nportant d\u00e9claration d'int\u00e9r\u00eat g\u00e9n\u00e9ral pour la restauration de 6 mares et la cr\u00e9ation d'une mare sur les communes d'Epoisses, de\nForl\u00e9ans, de La-Motte-Ternant et de Mont-Saint-Jean.\n7\nExPREFETDE LACOTE-D'ORL,z'bert\u00e9Egalit\u00e9Fraternit\u00e9\nDirection d\u00e9partementale des territoires \nde la C\u00f4te-d'Or\nService de l'eau et des risques\nBureau police de l'eau\nAffaire suivie par : Vincent BOUGET\nT\u00e9l :03 80 29 42 51\nm\u00e9l : ddt-ser-pe@cote-dor.gouv.fr\nArr\u00eat\u00e9 pr\u00e9fectoral n\u00b0  1473 du 10 septembre 2024 portant d\u00e9claration d'int\u00e9r\u00eat g\u00e9n\u00e9ral pour\nla  restauration  de  6  mares  et  la  cr\u00e9ation  d'une  mare  sur  les  communes  d'Epoisses,  de\nForl\u00e9ans, de La-Motte-Ternant et de Mont-Saint-Jean.\nLe pr\u00e9fet de la C\u00f4te-d'Or\nVU le code de l'environnement et notamment les articles L211-7 , L.214-1 \u00e0 L.214-6, L.432-3 ainsi\nque les articles R.214-88 \u00e0 R.214-103;\nVU le code rural et de la p\u00eache maritime et notamment les articles L.151-36 \u00e0 L.151-40 ;\nVU la loi du  29 d\u00e9cembre 1892 relative aux dommages  caus\u00e9s  \u00e0 la propri\u00e9t\u00e9 priv\u00e9e par\nl'ex\u00e9cution des travaux publics ;\nVU le sch\u00e9ma directeur d'am\u00e9nagement et de gestion des eaux (SDAGE) Seine Normandie en\nvigueur ;\nVU l'arr\u00eat\u00e9 pr\u00e9fectoral n\u00b0 1435/SG du 29 septembre 2023  donnant d\u00e9l\u00e9gation de signature \u00e0\nMme Florence LAUBIER, directrice d\u00e9partementale des territoires de la C\u00f4te-d'Or ;\nVU l'arr\u00eat\u00e9 pr\u00e9fectoral n\u00b0 76 du 6 mai 2024 portant subd\u00e9l\u00e9gation de signature aux agents de\nla direction d\u00e9partementale de la C\u00f4te-d'Or ;\nVU la d\u00e9claration d'int\u00e9r\u00eat g\u00e9n\u00e9ral re\u00e7ue le 29 juillet 2024 pr\u00e9sent\u00e9e par le Syndicat du Bassin\ndu  Serein  (SBS)  relative  \u00e0  la  restauration  et  cr\u00e9ation  de  7  mares  sur  les  communes  d'\nd'Epoisses, de Forl\u00e9ans, de La-Motte-Ternant et de Mont-Saint-Jean ;\n \nDirection d\u00e9partementale des territoires de la C\u00f4te-d'Or\n57 , rue de Mulhouse - BP 53317 - 21033 Dijon CEDEX\nT\u00e9l. : 03 80 29 44 44\nCourriel : ddt@cote-dor.gouv.fr - Site internet : http://www.cote-dor.gouv.fr\nDirection d\u00e9partementale des territoires de la C\u00f4te-d'Or - 21-2024-09-10-00004 - Arr\u00eat\u00e9 pr\u00e9fectoral n\u00b0 1473 du 10 septembre 2024\nportant d\u00e9claration d'int\u00e9r\u00eat g\u00e9n\u00e9ral pour la restauration de 6 mares et la cr\u00e9ation d'une mare sur les communes d'Epoisses, de\nForl\u00e9ans, de La-Motte-Ternant et de Mont-Saint-Jean.\n8\n2\nVU l'avis du service d\u00e9partemental de la C\u00f4te d'Or de l'Office Fran\u00e7ais de la Biodiversit\u00e9\n(OFB) en date du  29 ao\u00fbt 2024 ;\nVU l'absence d'observation du Syndicat du Bassin du Serein  sur le projet d'arr\u00eat\u00e9 pr\u00e9fectoral\nqui lui a \u00e9t\u00e9 soumis le  6 septembre 2024 au titre de la phase contradictoire ;\nCONSID\u00c9RANT la possibilit\u00e9, en application de l'article L.211-7 du code de l'environnement,\npour les collectivit\u00e9s territoriales et leurs groupements de mettre en \u0153uvre l'ex\u00e9cution de\ntous travaux pr\u00e9sentant un caract\u00e8re d'int\u00e9r\u00eat g\u00e9n\u00e9ral ou d'urgence  et visant notamment\nl'entretien  et  l'am\u00e9nagement  d'un  cours  d'eau  y  compris  les  acc\u00e8s  \u00e0  ce  cours  d'eau,  la\nprotection et la restauration des sites, des \u00e9cosyst\u00e8mes aquatiques et des zones humides\nainsi que des formations bois\u00e9es riveraines  ;\nCONSID\u00c9RANT la n\u00e9cessit\u00e9 de pr\u00e9server les mares qui sont des habitats sensibles d'esp\u00e8ces\n\u00e0 enjeux de patrimonialit\u00e9, permettent la pr\u00e9servation de la qualit\u00e9 de l'eau et le maintien\ndes usages (abreuvement du b\u00e9tail ou r\u00e9serve \u00e0 incendie) ;\nCONSID\u00c9RANT que les travaux projet\u00e9s permettent  d'assurer l'entretien, la restauration des\n\u00e9cosyst\u00e8mes aquatiques et le maintien des usages communs li\u00e9s \u00e0 l'eau ;\nCONSID\u00c9RANT que les interventions ainsi envisag\u00e9es pr\u00e9sentent bien un caract\u00e8re d'int\u00e9r\u00eat\ng\u00e9n\u00e9ral tant du point de vue de l'environnement que du point de vue de la protection des\nbiens et des personnes ;\nCONSID\u00c9RANT  que les travaux sont compatibles avec les orientations et les objectifs du\nsch\u00e9ma  directeur  d'am\u00e9nagement  et  de  gestion  des  eaux  (SDAGE)  Seine-Normandie  en\nvigueur ;\nCONSID\u00c9RANT  qu'aux termes des dispositions de l'article L.151-37 du code rural et de la\np\u00eache  maritime,  les  travaux  d'entretien  et  de  restauration  des  milieux  aquatiques  sont\ndispens\u00e9s d'enqu\u00eate publique sous r\u00e9serve qu'ils n'entra\u00eenent aucune expropriation et que le\nma\u00eetre d'ouvrage ne pr\u00e9voie pas de demander une participation financi\u00e8re aux personnes\nint\u00e9ress\u00e9es ;\nCONSID\u00c9RANT  que les  travaux  projet\u00e9s par le SBS remplissent ces conditions et  peuvent\n\u00eatre dispens\u00e9s d'enqu\u00eate publique ;\nSUR proposition de Madame la directrice d\u00e9partementale des territoires de la C\u00f4te-d'Or ;\nA R R E T E\nDirection d\u00e9partementale des territoires de la C\u00f4te-d'Or\n57 , rue de Mulhouse - BP 53317 - 21033 Dijon CEDEX\nT\u00e9l. : 03 80 29 44 44\nCourriel : ddt@cote-dor.gouv.fr - Site internet : http://www.cote-dor.gouv.fr\nDirection d\u00e9partementale des territoires de la C\u00f4te-d'Or - 21-2024-09-10-00004 - Arr\u00eat\u00e9 pr\u00e9fectoral n\u00b0 1473 du 10 septembre 2024\nportant d\u00e9claration d'int\u00e9r\u00eat g\u00e9n\u00e9ral pour la restauration de 6 mares et la cr\u00e9ation d'une mare sur les communes d'Epoisses, de\nForl\u00e9ans, de La-Motte-Ternant et de Mont-Saint-Jean.\n9\n3\nChapitre I : G\u00c9N\u00c9RALIT\u00c9S\nArticle 1  er   : habilitation d  u Syndicat du Bassin du Serein (SBS)  \nLe Syndicat du Bassin du Serein (SBS) sis Mairie, 9 Grande Rue 21  320 Mont-Saint-Jean est\nma\u00eetre d'ouvrage des travaux de restauration de 6  mares et la cr\u00e9ation d'une mare sur les\ncommunes d'Epoisses, Forl\u00e9ans, La-Motte-Ternant et Mont-Saint-Jean.\nLes travaux seront ex\u00e9cut\u00e9s conform\u00e9ment au dossier dont il est pris acte et sont d\u00e9clar\u00e9s\nd'int\u00e9r\u00eat g\u00e9n\u00e9ral en application de l'article L211-7 du code de l'environnement.\nArticle 2 : dur\u00e9e de validit\u00e9 de l'op\u00e9ration\nLes travaux devront \u00eatre achev\u00e9s dans un d\u00e9lai d e 3  ans \u00e0  compter de la notification du\npr\u00e9sent arr\u00eat\u00e9. \nPass\u00e9 ces d\u00e9lais, la pr\u00e9sente d\u00e9claration d'int\u00e9r\u00eat g\u00e9n\u00e9ral deviendra caduque.\nArticle 3 : prescriptions compl\u00e9mentaires\nEn application de l'article R214-40 du code de l'environnement, toute modification apport\u00e9e\naux  ouvrages,  installations,  \u00e0  leur  mode  d'utilisation,  \u00e0  la  r\u00e9alisation  des  travaux  ou  \u00e0\nl'am\u00e9nagement en r\u00e9sultant, \u00e0 l'exercice des activit\u00e9s ou \u00e0 leur voisinage et entra\u00eenant un\nchangement  notable  des  \u00e9l\u00e9ments  du  dossier  doit  \u00eatre  port\u00e9e,  avant  r\u00e9alisation,  \u00e0  la\nconnaissance du pr\u00e9fet qui peut exiger une nouvelle proc\u00e9dure.\nEn  application  de  l'article  R214-45  du  code  de  l'environnement,  le  changement  de\nb\u00e9n\u00e9ficiaire doit \u00eatre d\u00e9clar\u00e9 au pr\u00e9fet par le nouveau b\u00e9n\u00e9ficiaire dans un d\u00e9lai de trois\nmois, de m\u00eame, en cas de cessation d'activit\u00e9 d\u00e9finitive ou pour une p\u00e9riode sup\u00e9rieure \u00e0\ndeux ans, l'exploitant est tenu d'en faire la d\u00e9claration au pr\u00e9fet dans un d\u00e9lai de trente jours.\nLe service de police de l'eau devra \u00eatre averti de la date de d\u00e9but des travaux ainsi que de la\ndate d'ach\u00e8vement des travaux. Les ouvrages, les travaux et les conditions de r\u00e9alisation et\nd'exploitation doivent \u00eatre conformes au dossier d\u00e9pos\u00e9.\nL'inobservation des dispositions figurant dans le dossier d\u00e9pos\u00e9 ainsi que celles contenues\ndans les prescriptions g\u00e9n\u00e9rales annex\u00e9es au pr\u00e9sent arr\u00eat\u00e9 pourra entra\u00eener l'application des\nsanctions pr\u00e9vues \u00e0 l'article R216-12 du code de l'environnement.\nLes agents mentionn\u00e9s \u00e0 l'article L216-3 du code de l'environnement et notamment ceux\ncharg\u00e9s de la police de l'eau et des milieux aquatiques auront libre acc\u00e8s aux installations \u00e0\ntout moment, dans le cadre d'une recherche d'infraction.\nLe pr\u00e9sent  arr\u00eat\u00e9 ne dispense en aucun  cas  le p\u00e9titionnaire de  faire les  d\u00e9clarations  ou\nd'obtenir les autorisations requises par d'autres r\u00e9glementations.\nLe b\u00e9n\u00e9ficiaire est tenu de contacter les propri\u00e9taires concern\u00e9s avant toute intervention sur\nleur terrain.\nDirection d\u00e9partementale des territoires de la C\u00f4te-d'Or\n57 , rue de Mulhouse - BP 53317 - 21033 Dijon CEDEX\nT\u00e9l. : 03 80 29 44 44\nCourriel : ddt@cote-dor.gouv.fr - Site internet : http://www.cote-dor.gouv.fr\nDirection d\u00e9partementale des territoires de la C\u00f4te-d'Or - 21-2024-09-10-00004 - Arr\u00eat\u00e9 pr\u00e9fectoral n\u00b0 1473 du 10 septembre 2024\nportant d\u00e9claration d'int\u00e9r\u00eat g\u00e9n\u00e9ral pour la restauration de 6 mares et la cr\u00e9ation d'une mare sur les communes d'Epoisses, de\nForl\u00e9ans, de La-Motte-Ternant et de Mont-Saint-Jean.\n10\n\u00aeOHLYO-08-NII'\u00ae0dOLA8-NOI'NOIUeld-NOI:$32.n0SPZOZ-UIS12SNPuissegNPJEIIPUAS:VONESIIERYL\u00e9gende:- Mare_Mont-Saint-Jean\n4\nArticle 4 : droit des tiers\nLes droits des tiers sont et demeurent express\u00e9ment r\u00e9serv\u00e9s.\nArticle 5 : financement des travaux\nLe co\u00fbt total des travaux est estim\u00e9 \u00e0 70 500 \u20ac TTC ;\nLe projet est financ\u00e9 par l'Agence de l'eau Seine Normandie \u00e0 80 %;\nLe reste \u00e0 charge revient au Syndicat du Bassin du Serein (SBS).\nChapitre II : DESCRIPTION DES TRAVAUX FAISANT L'OBJET DE LA PR\u00c9SENTE\nD\u00c9CLARATION D'INT\u00c9R\u00caT G\u00c9N\u00c9RAL\nArticle 6 : emplacement des travaux\nLes travaux se situent sur les communes de :\n1 \u2013 Mont-Saint-Jean et se situent sur le domaine public communal non cadastr\u00e9 : \nR\u00e9f\u00e9rence cadastrale Nom du propri\u00e9taire Type d'op\u00e9ration\nDomaine public\ncommunal (Rue Rose)\nCommune de Mont-Saint-\nJean\nCr\u00e9ation d'une mare de 220 m\u00b2\nL'op\u00e9ration consiste \u00e0 cr\u00e9er une mare aliment\u00e9e par une source et des eaux de ruissellement.\nPlan de situation     :  \nDirection d\u00e9partementale des territoires de la C\u00f4te-d'Or\n57 , rue de Mulhouse - BP 53317 - 21033 Dijon CEDEX\nT\u00e9l. : 03 80 29 44 44\nCourriel : ddt@cote-dor.gouv.fr - Site internet : http://www.cote-dor.gouv.fr\nDirection d\u00e9partementale des territoires de la C\u00f4te-d'Or - 21-2024-09-10-00004 - Arr\u00eat\u00e9 pr\u00e9fectoral n\u00b0 1473 du 10 septembre 2024\nportant d\u00e9claration d'int\u00e9r\u00eat g\u00e9n\u00e9ral pour la restauration de 6 mares et la cr\u00e9ation d'une mare sur les communes d'Epoisses, de\nForl\u00e9ans, de La-Motte-Ternant et de Mont-Saint-Jean.\n11\n\u2014 EcoulementB Mare[ ] Parcelle \u00aeOHLYO-CE-NII\"DOdOLQg-NOI'NOIUEId-NOI:S921N0S0.1\n5\nPhoto avant travaux     :  \n2 \u2013 Mont-Saint-Jean et int\u00e9ressent la parcelle priv\u00e9e A 282\nR\u00e9f\u00e9rence cadastrale Nom du propri\u00e9taire Type d'op\u00e9ration\nA 282 Robert BOUSQUET Restauration d'une mare de 400 m\u00b2\nL'op\u00e9ration consiste \u00e0 restaurer par curage une mare aliment\u00e9e par un foss\u00e9 (non cours d'eau)\nen travers de celui-ci. Un filtre \u00e0 mati\u00e8res en suspension sera mis en \u0153uvre pendant les \ntravaux.\nPlan de situation     :  \nDirection d\u00e9partementale des territoires de la C\u00f4te-d'Or\n57 , rue de Mulhouse - BP 53317 - 21033 Dijon CEDEX\nT\u00e9l. : 03 80 29 44 44\nCourriel : ddt@cote-dor.gouv.fr - Site internet : http://www.cote-dor.gouv.fr\nDirection d\u00e9partementale des territoires de la C\u00f4te-d'Or - 21-2024-09-10-00004 - Arr\u00eat\u00e9 pr\u00e9fectoral n\u00b0 1473 du 10 septembre 2024\nportant d\u00e9claration d'int\u00e9r\u00eat g\u00e9n\u00e9ral pour la restauration de 6 mares et la cr\u00e9ation d'une mare sur les communes d'Epoisses, de\nForl\u00e9ans, de La-Motte-Ternant et de Mont-Saint-Jean.\n12\n6\nPhoto avant travaux     :  \n3 \u2013 La Motte-Ternant et int\u00e9ressent la parcelle priv\u00e9e ZA 16\nR\u00e9f\u00e9rence cadastrale Nom du propri\u00e9taire Type d'op\u00e9ration\nZA 16 Bruno PARISOT Restauration d'une mare de 370 m\u00b2\nL'op\u00e9ration consiste \u00e0 restaurer par curage une mare de 370 m\u00b2. Elle sera mise en d\u00e9fens.\nUn puits sera r\u00e9alis\u00e9 d'un diam\u00e8tre de 1 m et de moins de 10 m\u00e8tres de profondeur afin \nd'alimenter une auge pour l'abreuvement du b\u00e9tail.\nLe volume pr\u00e9lev\u00e9 via le puits est estim\u00e9 \u00e0 400 m\u00b3 annuel et ne d\u00e9passera pas les 1000m3 \nannuel.\nrepr\u00e9sentation sch\u00e9matique\nDirection d\u00e9partementale des territoires de la C\u00f4te-d'Or\n57 , rue de Mulhouse - BP 53317 - 21033 Dijon CEDEX\nT\u00e9l. : 03 80 29 44 44\nCourriel : ddt@cote-dor.gouv.fr - Site internet : http://www.cote-dor.gouv.fr\nDirection d\u00e9partementale des territoires de la C\u00f4te-d'Or - 21-2024-09-10-00004 - Arr\u00eat\u00e9 pr\u00e9fectoral n\u00b0 1473 du 10 septembre 2024\nportant d\u00e9claration d'int\u00e9r\u00eat g\u00e9n\u00e9ral pour la restauration de 6 mares et la cr\u00e9ation d'une mare sur les communes d'Epoisses, de\nForl\u00e9ans, de La-Motte-Ternant et de Mont-Saint-Jean.\n13\nOOHLO-08-N9I'DOdOLag-NSI'\"NOIVEId-NOI:S324n0S\n7\nPlan de situation     :  \nPhoto avant travaux     :  \n4 \u2013 Forl\u00e9ans et int\u00e9ressent les parcelles ZE52* et ZE 29\nR\u00e9f\u00e9rences cadastrales Nom du propri\u00e9taire Type d'op\u00e9ration\nZE 52 \u2013 ZE 29 Linda SUREAU Restauration d'une mare de 310 m\u00b2\nDirection d\u00e9partementale des territoires de la C\u00f4te-d'Or\n57 , rue de Mulhouse - BP 53317 - 21033 Dijon CEDEX\nT\u00e9l. : 03 80 29 44 44\nCourriel : ddt@cote-dor.gouv.fr - Site internet : http://www.cote-dor.gouv.fr\nDirection d\u00e9partementale des territoires de la C\u00f4te-d'Or - 21-2024-09-10-00004 - Arr\u00eat\u00e9 pr\u00e9fectoral n\u00b0 1473 du 10 septembre 2024\nportant d\u00e9claration d'int\u00e9r\u00eat g\u00e9n\u00e9ral pour la restauration de 6 mares et la cr\u00e9ation d'une mare sur les communes d'Epoisses, de\nForl\u00e9ans, de La-Motte-Ternant et de Mont-Saint-Jean.\n14\nL\u00e9gende:I:I Parcelle[[] Parcelle_AFR_ForleansB MareRE3 Surverse\u2014\u2014 Ecoulement\u00a9 Puits= = = Tuyau_PEHD\nSources : IGN-Plan IGN, IGN-BD TOPO\u00ae, IGN-BD-ORTHO\u00aeR\u00e9alisation : Syndicat du Bassin du Serein-2024\nL\u00e9gende:\u2014 Ecoulement\nParcelle\nSources : IGN-Plan IGN, IGN-BD TOPO\u00ae, IGN-BD-ORTHO\u00aeR\u00e9alisation : Syndicat du Bassin du Serein-2024\n8\nL'op\u00e9ration consiste \u00e0 restaurer par curage une mare de 370  m\u00b2 au droit d'une source. Un\npuits sera r\u00e9alis\u00e9 d'un diam\u00e8tre 1m avec une profondeur n'exc\u00e9dant pas 10 m afin d'alimenter\nune auge pour l'abreuvement du b\u00e9tail.\nLe volume pr\u00e9lev\u00e9 via le puits est estim\u00e9 \u00e0 200  m\u00b3 annuel et ne d\u00e9passera pas les 1000m 3\nannuel. \nLe foss\u00e9 sera mis en d\u00e9fense via une cl\u00f4ture d'environ 600 mL, type barbel\u00e9s avec des piquets\nd'acacia. Ce foss\u00e9 est aliment\u00e9 par les eaux de la source ( passant en surverse depuis la mare).\nUn passage bus\u00e9 ou ponceaux sera \u00e9galement cr\u00e9e sur le foss\u00e9 pour l'accessibilit\u00e9 aux terres\nagricoles.\nR  epr\u00e9sentation sch\u00e9matique   \nPlan de situation      :  \nDirection d\u00e9partementale des territoires de la C\u00f4te-d'Or\n57 , rue de Mulhouse - BP 53317 - 21033 Dijon CEDEX\nT\u00e9l. : 03 80 29 44 44\nCourriel : ddt@cote-dor.gouv.fr - Site internet : http://www.cote-dor.gouv.fr\nDirection d\u00e9partementale des territoires de la C\u00f4te-d'Or - 21-2024-09-10-00004 - Arr\u00eat\u00e9 pr\u00e9fectoral n\u00b0 1473 du 10 septembre 2024\nportant d\u00e9claration d'int\u00e9r\u00eat g\u00e9n\u00e9ral pour la restauration de 6 mares et la cr\u00e9ation d'une mare sur les communes d'Epoisses, de\nForl\u00e9ans, de La-Motte-Ternant et de Mont-Saint-Jean.\n15\n9\nPhoto avant travaux     :  \n5 \u2013 La Motte-Ternant et int\u00e9ressent les parcelles L76 et L77\nR\u00e9f\u00e9rences cadastrales Nom du propri\u00e9taire Type d'op\u00e9ration\nL76 et L77 Commune de La Motte-\nTernant\nRestauration d'une mare de\n1 600 m\u00b2\nPlan de situation     :  \nL'op\u00e9ration consiste \u00e0 restaurer par curage une mare de 1  600 m\u00b2. Une p\u00eache \u00e9ventuelle de\nsauvegarde sera effectu\u00e9e avant vidange dans un foss\u00e9. Un filtre \u00e0 mati\u00e8res en suspension\npeut \u00eatre d\u00e9ploy\u00e9 si la turbidit\u00e9 est trop importante. Un panneau de communication est\npr\u00e9vu.\nDirection d\u00e9partementale des territoires de la C\u00f4te-d'Or\n57 , rue de Mulhouse - BP 53317 - 21033 Dijon CEDEX\nT\u00e9l. : 03 80 29 44 44\nCourriel : ddt@cote-dor.gouv.fr - Site internet : http://www.cote-dor.gouv.fr\nDirection d\u00e9partementale des territoires de la C\u00f4te-d'Or - 21-2024-09-10-00004 - Arr\u00eat\u00e9 pr\u00e9fectoral n\u00b0 1473 du 10 septembre 2024\nportant d\u00e9claration d'int\u00e9r\u00eat g\u00e9n\u00e9ral pour la restauration de 6 mares et la cr\u00e9ation d'une mare sur les communes d'Epoisses, de\nForl\u00e9ans, de La-Motte-Ternant et de Mont-Saint-Jean.\n16\n\u00ae\u00a9OHLAO-08-NII'\u00ae0dOLA8-NOI\"NOIUEId-NOI:S934N0StZ0Z-UIS18SNPUISSEgNPJEIIPUAS:UONESIESY\n\u2014\u2014 Ecoulement4[=\n10\nPlan de situation:\nPhoto avant travaux     :  \n6 \u2013 Epoisses et int\u00e9ressent les parcelles AW 19 et AW 20\nR\u00e9f\u00e9rences cadastrales Nom du propri\u00e9taire Type d'op\u00e9ration\nAW 19 et AW 20 Linda SUREAU Restauration d'une mare de 230 m\u00b2\nL'op\u00e9ration consiste \u00e0 restaurer par curage une mare de 230 m\u00b2aliment\u00e9e par une source. Un\npuits  sera  r\u00e9alis\u00e9  d'un  diam\u00e8tre  1 m  avec  une  profondeur  n'exc\u00e9dant  pas  10 m  afin\nd'alimenter une auge pour l'abreuvement du b\u00e9tail. \nDirection d\u00e9partementale des territoires de la C\u00f4te-d'Or\n57 , rue de Mulhouse - BP 53317 - 21033 Dijon CEDEX\nT\u00e9l. : 03 80 29 44 44\nCourriel : ddt@cote-dor.gouv.fr - Site internet : http://www.cote-dor.gouv.fr\nDirection d\u00e9partementale des territoires de la C\u00f4te-d'Or - 21-2024-09-10-00004 - Arr\u00eat\u00e9 pr\u00e9fectoral n\u00b0 1473 du 10 septembre 2024\nportant d\u00e9claration d'int\u00e9r\u00eat g\u00e9n\u00e9ral pour la restauration de 6 mares et la cr\u00e9ation d'une mare sur les communes d'Epoisses, de\nForl\u00e9ans, de La-Motte-Ternant et de Mont-Saint-Jean.\n17\nR\u00e9partition du monticule de terre et rechargegranulom\u00e9trique sous forme de banquettes dans le litdu cours d'eau anciennement rectifi\u00e9 et recalibr\u00e9.\n\u00ea\u00eb_;:;\n\u00e4\u00cb\u00eb&-cE-\u00a3F\u00eb[ ] Parcelles DEN surverse = == Tuyau PEHD -\\'\u2014 o [[] Banquettes\u0152...\u00abm\u00ab\u2014smm' s \u2014\u2014 Foss\u00e9BG Mare \u00a9 Puits H\u2014 RR\nL\u00e9gende:ParcellesE Mare\u2014\u2014 Ecoulement\nSources : IGN-Plan IGN, IGN-BD TOPO\u00ae, IGN-BD-ORTHO\u00aeR\u00e9alisation : Syndicat du Bassin du Serein-2024\n11\nLe volume pr\u00e9lev\u00e9 via le puits est estim\u00e9 \u00e0 200  m\u00b3 annuels et ne d\u00e9passera pas les 1000m 3\nannuel. \nPour que l'alimentation de l'auge s'op\u00e8re en gravitaire et dans l'int\u00e9r\u00eat \u00e9cologique du foss\u00e9 en\naval,  un  monticule  de  terre  et  recharge  granulom\u00e9trique  sera  utilis\u00e9  pour  r\u00e9aliser  des\nbanquettes dans le lit du foss\u00e9 anciennement rectifi\u00e9 et recalibr\u00e9.\nR  epr\u00e9sentation sch\u00e9matique   \nPlan de situation     :  \nDirection d\u00e9partementale des territoires de la C\u00f4te-d'Or\n57 , rue de Mulhouse - BP 53317 - 21033 Dijon CEDEX\nT\u00e9l. : 03 80 29 44 44\nCourriel : ddt@cote-dor.gouv.fr - Site internet : http://www.cote-dor.gouv.fr\nDirection d\u00e9partementale des territoires de la C\u00f4te-d'Or - 21-2024-09-10-00004 - Arr\u00eat\u00e9 pr\u00e9fectoral n\u00b0 1473 du 10 septembre 2024\nportant d\u00e9claration d'int\u00e9r\u00eat g\u00e9n\u00e9ral pour la restauration de 6 mares et la cr\u00e9ation d'une mare sur les communes d'Epoisses, de\nForl\u00e9ans, de La-Motte-Ternant et de Mont-Saint-Jean.\n18\n12\nPhoto avant travaux de la mare     :  \nPhoto avant travaux du cours d'eau en aval     :  \n7 \u2013 Epoisses et int\u00e9ressent les parcelles AS 90\nR\u00e9f\u00e9rence cadastrale Nom du propri\u00e9taire Type d'op\u00e9ration\nAS 90 Commune d'Epoisses Restauration d'une mare de 1200 m\u00b2\nDirection d\u00e9partementale des territoires de la C\u00f4te-d'Or\n57 , rue de Mulhouse - BP 53317 - 21033 Dijon CEDEX\nT\u00e9l. : 03 80 29 44 44\nCourriel : ddt@cote-dor.gouv.fr - Site internet : http://www.cote-dor.gouv.fr\nDirection d\u00e9partementale des territoires de la C\u00f4te-d'Or - 21-2024-09-10-00004 - Arr\u00eat\u00e9 pr\u00e9fectoral n\u00b0 1473 du 10 septembre 2024\nportant d\u00e9claration d'int\u00e9r\u00eat g\u00e9n\u00e9ral pour la restauration de 6 mares et la cr\u00e9ation d'une mare sur les communes d'Epoisses, de\nForl\u00e9ans, de La-Motte-Ternant et de Mont-Saint-Jean.\n19\n\u00aeOHLAO-08-NII'DOdOLag-NSI'NOIVEId-NII:S9)INOSZOZ-UI@JSNpUISSEgNPJEIIPUAS:UONESI/ESY\n\u2014\u2014 Ecoulement- Mare_Epoisses- Parcelle Epoisses\n13\nL'op\u00e9ration consiste \u00e0 restaurer par curage une mare de 1 200 m\u00b2 aliment\u00e9e par une source et\ndes eaux de ruissellement . Cette mare a fait l'objet d'une analyse de s\u00e9diments en 2019. Les\nr\u00e9sultats  de cette analyse indiquent  que  l'arsenic  d\u00e9passe le seuil de  niveau  S1.  Dans  la\nmesure  o\u00f9  la  mare  ne  se  trouve  pas  en  travers  d'un  cours  d'eau  est  que  l'arsenic  est\nnaturellement pr\u00e9sent sur le secteur du fait de la nature g\u00e9ologique, les boues et mati\u00e8res de\ncurages pourront \u00eatre \u00e9pandues sur les parcelles agricoles situ\u00e9es sur la commune d'Epoisses\nen section ZK,ZC et BC\nPlan de situation\nPhoto avant travaux     :  \nDirection d\u00e9partementale des territoires de la C\u00f4te-d'Or\n57 , rue de Mulhouse - BP 53317 - 21033 Dijon CEDEX\nT\u00e9l. : 03 80 29 44 44\nCourriel : ddt@cote-dor.gouv.fr - Site internet : http://www.cote-dor.gouv.fr\nDirection d\u00e9partementale des territoires de la C\u00f4te-d'Or - 21-2024-09-10-00004 - Arr\u00eat\u00e9 pr\u00e9fectoral n\u00b0 1473 du 10 septembre 2024\nportant d\u00e9claration d'int\u00e9r\u00eat g\u00e9n\u00e9ral pour la restauration de 6 mares et la cr\u00e9ation d'une mare sur les communes d'Epoisses, de\nForl\u00e9ans, de La-Motte-Ternant et de Mont-Saint-Jean.\n20\n14\nArticle   7   : nature des travaux  \nLes travaux sont r\u00e9alis\u00e9s majoritairement \u00e0 l'aide d'une pelleteuse et consisteront \u00e0 restaurer,\ncurer et terrasser les berges de 6 mares de 230 \u00e0 1 600 m\u00b2 au maximum.\nUne mare de 220 m\u00b2 sera \u00e9galement cr\u00e9ee.\nPour certaines mares, des op\u00e9rations de d\u00e9broussaillage, d'abatage, dessouchage d'arbres et\ndes  travaux  de  ma\u00e7onnerie,  retalutage,  nivellement  pose  de  blocs  sont  pr\u00e9vues.  Des\npanneaux de communications sont install\u00e9s pour certaines mares pour sensibiliser le public\nsur l'int\u00e9r\u00eat \u00e9cologique des mares.\nLes mares constituent des plans d'eau de type eau close sans connexion avec un cours d'eau.\nDes  travaux  annexes  de  mise  en  d\u00e9fens  des  mares  avec  mise  en  \u0153uvre  de  mesures\nd'abreuvement  du  b\u00e9tail  sont  pr\u00e9vues  (pose  d'auge  aliment\u00e9es  par  une  source  ou  par\npompage avec cr\u00e9ation de puits).\nDes pr\u00e9cisions sur les travaux annexes sont apport\u00e9es pour chaque projet \u00e0 l'article 6.\nLa dur\u00e9e cumul\u00e9e des travaux est estim\u00e9e \u00e0 3  semaines pour la totalit\u00e9 du projet. La p\u00e9riode\nde travaux sera comprise, dans l'id\u00e9al entre le 15 septembre et le 30 novembre 2024.\nArticle   8     : acc\u00e8s aux parcelles \u2013 servitude de libre passage \u2013 occupation temporaire de terrain  \nConform\u00e9ment \u00e0 la loi du 29 d\u00e9cembre 1892 relative aux dommages caus\u00e9s \u00e0 la propri\u00e9t\u00e9\npriv\u00e9e par l'ex\u00e9cution des travaux publics, l'occupation temporaire des terrains concern\u00e9s\npar le pr\u00e9sent projet est autoris\u00e9e.\nLes parcelles et les propri\u00e9taires riverains concern\u00e9s par ces travaux sont rappel\u00e9s \u00e0 l'article 6\ndu pr\u00e9sent arr\u00eat\u00e9.\nSeuls les agents en charge de la r\u00e9alisation et de la surveillance des travaux, ainsi que, le cas\n\u00e9ch\u00e9ant, les engins m\u00e9caniques n\u00e9cessaires \u00e0 leur r\u00e9alisation seront autoris\u00e9s \u00e0 p\u00e9n\u00e9trer les\nparcelles priv\u00e9es, closes ou non closes \u00e0 l'exception des locaux d'habitation et des propri\u00e9t\u00e9s\nattenantes aux habitations et closes par des murs ou par des cl\u00f4tures \u00e9quivalentes, suivant\nles usages du pays.\nChacun des agents concern\u00e9s sera en possession d'une copie certifi\u00e9e conforme du dit arr\u00eat\u00e9\nqu'il devra pr\u00e9senter \u00e0 toute r\u00e9quisition.\nLes  interventions  pr\u00e9vues  ne  pourront  avoir  lieu  que  cinq  jours  apr\u00e8s  notification  au\npropri\u00e9taire de la parcelle concern\u00e9e par les travaux, sauf accord express du propri\u00e9taire.\nArticle 9      : d\u00e9roulement du chantier  \nLes communes d'Epoisses, de Forl\u00e9ans, de La-Motte-Ternant et de Mont-Saint-Jean , auront la\nfacult\u00e9 d'organiser toute r\u00e9union pr\u00e9paratoire aux travaux qu'elles jugent opportune.\nAu d\u00e9marrage des travaux, la direction d\u00e9partementale des territoires de la C\u00f4te d'Or et\nl'office fran\u00e7ais de la biodiversit\u00e9 (OFB) seront inform\u00e9s au moins 15 jours \u00e0 l'avance.\n\u00c0 la fin des travaux, ces m\u00eames acteurs seront inform\u00e9s dans un d\u00e9lai de 2 mois.\nL'OFB et la DDT seront \u00e9galement inform\u00e9s de tout incident qui pourrait intervenir pendant\nla phase des travaux.\nDirection d\u00e9partementale des territoires de la C\u00f4te-d'Or\n57 , rue de Mulhouse - BP 53317 - 21033 Dijon CEDEX\nT\u00e9l. : 03 80 29 44 44\nCourriel : ddt@cote-dor.gouv.fr - Site internet : http://www.cote-dor.gouv.fr\nDirection d\u00e9partementale des territoires de la C\u00f4te-d'Or - 21-2024-09-10-00004 - Arr\u00eat\u00e9 pr\u00e9fectoral n\u00b0 1473 du 10 septembre 2024\nportant d\u00e9claration d'int\u00e9r\u00eat g\u00e9n\u00e9ral pour la restauration de 6 mares et la cr\u00e9ation d'une mare sur les communes d'Epoisses, de\nForl\u00e9ans, de La-Motte-Ternant et de Mont-Saint-Jean.\n21\n15\nChapitre III : CONDITIONS DE R\u00c9ALISATION DES TRAVAUX\nArticle 10     : reconnaissance des lieux avant travaux \u2013 d\u00e9roulement des chantiers  \nUne reconnaissance des sites pourra avoir lieu en pr\u00e9sence des propri\u00e9taires. \nUn protocole fixant les mesures pratiques ainsi que le phasage des travaux en vue de la\nprotection des milieux aquatiques sera \u00e9tabli.\nArticle 11     : Pr\u00e9servation des milieux aquatiques, de la faune et de la flore  \nLe  stockage  des  hydrocarbures  n\u00e9cessaires  aux  chantiers  sera  effectu\u00e9  en  dehors  du  lit\nmajeur des cours d'eau et les risques de pollution des eaux seront pr\u00e9venus.\nLes mati\u00e8res de curage ne doivent pas \u00eatres stock\u00e9es en zones inondables, humides ou en\nfortes  pentes  \u00e0  proximit\u00e9  du  r\u00e9seau  hydrographique  superficiel.  En  outre,  ces  mati\u00e8res\npeuvent \u00eatre \u00e9pandues sur des parcelles agricoles ou r\u00e9utilis\u00e9es pour consolider les berges\ndes mares \u00e0 condition que les  produits de curage ne soient pas toxiques  pour  le milieu\nnaturel. \nAucun  am\u00e9nagement  ne  peut  \u00eatre  effectu\u00e9  pour  modifier  substantiellement  les\ncaract\u00e9ristiques des mares comme augmenter la surface ou la profondeur en consid\u00e9rant\nleur \u00e9tat d'origine. Toutefois, un certain degr\u00e9 d'incertitude sera tol\u00e9r\u00e9 notamment pour les\nmares avec un fort taux d'envasement rendant difficile l'appr\u00e9ciation de la surface et de la\nprofondeur initiale.\nLes travaux auront lieu aux moments les moins pr\u00e9judiciables dans les cycles biologiques des\nesp\u00e8ces. Ainsi, les assecs seront privil\u00e9gi\u00e9s et les interventions ne pourront pas avoir lieu en\npr\u00e9sence  d'esp\u00e8ces  \u00e0  enjeux  sur  site.  Le  SBS  travaillera  en  concertation  avec  la  soci\u00e9t\u00e9\nhistoire naturelle d'Autun pour d\u00e9finir pr\u00e9cis\u00e9ment la p\u00e9riode de travaux.\nDu  15 mars  au  15  ao\u00fbt,  pendant  la p\u00e9riode  de  nidification  des  oiseaux,  les  haies  et  les\nbosquets,  notamment  aux  abords  des  mares,  ne  doivent  pas  \u00eatres  arrach\u00e9s  ou  taill\u00e9s.\nToutefois, le d\u00e9broussaillage de la v\u00e9g\u00e9tation herbac\u00e9e et l'arrachage des plantes aquatiques\nsont autoris\u00e9s durant cette p\u00e9riode en veillant, le cas \u00e9ch\u00e9ant, \u00e0 limiter les perturbations sur\nles oiseaux et les milieux aquatiques.\nPar cons\u00e9quent, la taille et l'arrachage des ligneux pourront \u00eatre r\u00e9alis\u00e9s en dehors du 15 mars\nau 15 ao\u00fbt.\nArticle 12 : remise en \u00e9tat des lieux et suivi apr\u00e8s travaux\n\u00c0 l'ach\u00e8vement des travaux, le site sera d\u00e9blay\u00e9 de tous mat\u00e9riels, mat\u00e9riaux et gravats.\n\u00c0 la fin des travaux, une visite des lieux sera organis\u00e9e sur l'initiative du b\u00e9n\u00e9ficiaire, pour\nv\u00e9rifier la conformit\u00e9 des travaux avec les pr\u00e9sentes prescriptions.\nDirection d\u00e9partementale des territoires de la C\u00f4te-d'Or\n57 , rue de Mulhouse - BP 53317 - 21033 Dijon CEDEX\nT\u00e9l. : 03 80 29 44 44\nCourriel : ddt@cote-dor.gouv.fr - Site internet : http://www.cote-dor.gouv.fr\nDirection d\u00e9partementale des territoires de la C\u00f4te-d'Or - 21-2024-09-10-00004 - Arr\u00eat\u00e9 pr\u00e9fectoral n\u00b0 1473 du 10 septembre 2024\nportant d\u00e9claration d'int\u00e9r\u00eat g\u00e9n\u00e9ral pour la restauration de 6 mares et la cr\u00e9ation d'une mare sur les communes d'Epoisses, de\nForl\u00e9ans, de La-Motte-Ternant et de Mont-Saint-Jean.\n22\n16\nLe SBS ou une entreprise (y compris bureau d'\u00e9tude) mandat\u00e9e par le SBS sont autoris\u00e9s \u00e0\nacc\u00e9der aux sites, apr\u00e8s la r\u00e9alisation des travaux pendant une dur\u00e9e de 3  ans \u00e0 compter de\nla notification du pr\u00e9sent arr\u00eat\u00e9 sous r\u00e9serve d'informer les propri\u00e9taires concern\u00e9s au moins\n5 (cinq) jours \u00e0 l'avance. Ceci afin d'effectuer des op\u00e9rations ou inventaires faune-flore de\nsuivi, notamment \u00e9cologique relatifs \u00e0 la fonctionnalit\u00e9 des 7 mares.\nChapitre IV : PUBLICATION, D\u00c9LAIS DE RECOURS ET MESURES EX\u00c9CUTOIRES\nArticle   13     : Publication et information des tiers  \nLe pr\u00e9sent arr\u00eat\u00e9 \u00e9num\u00e9rant notamment les motifs qui ont fond\u00e9 la d\u00e9cision ainsi que les\nprincipales prescriptions auxquelles cette op\u00e9ration est soumise, sera affich\u00e9 pendant une\ndur\u00e9e minimale d'un mois dans les mairies d'\u00c9poisses , de Forl\u00e9ans, de La-Motte-Ternant et de\nMont-Saint-Jean.\nLe pr\u00e9sent arr\u00eat\u00e9 sera notifi\u00e9 par le demandeur \u00e0 chacun des propri\u00e9taires concern\u00e9s.\nLe pr\u00e9sent arr\u00eat\u00e9 sera mis \u00e0 disposition du public sur le site internet des services de l'\u00c9tat en\nC\u00f4te-d'Or http://www.cote-dor.gouv.fr pendant une dur\u00e9e d'au moins 6 mois.\nArticle 1  4   : ex\u00e9cution et publication  \nLa directrice d\u00e9partementale des territoires de la C\u00f4te-d'Or et les maires des communes de\nd'\u00c9poisses, de Forl\u00e9ans, de La-Motte-Ternant et de Mont-Saint-Jean  sont charg\u00e9s, chacun en\nce qui le concerne, de l'ex\u00e9cution du pr\u00e9sent arr\u00eat\u00e9  qui sera publi\u00e9 au recueil des actes\nadministratifs de la pr\u00e9fecture de la C\u00f4te-d'Or.\nUne copie du  pr\u00e9sent  arr\u00eat\u00e9 sera adress\u00e9e au  chef  du  service d\u00e9partemental  de  l'office\nfran\u00e7ais pour la biodiversit\u00e9.\nFait \u00e0 Dijon, le 10 septembre 2024\nLa responsable du bureau Police de l'Eau, par\nint\u00e9rim\nsign\u00e9\nH\u00e9l\u00e8ne MOUCADEAU\nDirection d\u00e9partementale des territoires de la C\u00f4te-d'Or\n57 , rue de Mulhouse - BP 53317 - 21033 Dijon CEDEX\nT\u00e9l. : 03 80 29 44 44\nCourriel : ddt@cote-dor.gouv.fr - Site internet : http://www.cote-dor.gouv.fr\nDirection d\u00e9partementale des territoires de la C\u00f4te-d'Or - 21-2024-09-10-00004 - Arr\u00eat\u00e9 pr\u00e9fectoral n\u00b0 1473 du 10 septembre 2024\nportant d\u00e9claration d'int\u00e9r\u00eat g\u00e9n\u00e9ral pour la restauration de 6 mares et la cr\u00e9ation d'une mare sur les communes d'Epoisses, de\nForl\u00e9ans, de La-Motte-Ternant et de Mont-Saint-Jean.\n23\n17\nVoies et d\u00e9lais de recours\nLa pr\u00e9sente d\u00e9cision est susceptible de recours contentieux devant le tribunal administratif\nde Dijon \u2013 22, rue d'Assas -BP 61616 - 21016 DIJON Cedex, par le p\u00e9titionnaire dans un d\u00e9lai\nde deux mois \u00e0 compter du jour o\u00f9 la pr\u00e9sente d\u00e9cision lui a \u00e9t\u00e9 notifi\u00e9e et par les tiers dans\nun d\u00e9lai de deux mois \u00e0 compter de la publication ou de l'affichage de cette d\u00e9cision.\nLe tribunal administratif peut-\u00eatre saisi par un recours d\u00e9pos\u00e9 via l'application t\u00e9l\u00e9recours\ncitoyens accessible par le site internet www.t\u00e9l\u00e9recours.fr .\nDans le m\u00eame d\u00e9lai de deux mois, le p\u00e9titionnaire peut pr\u00e9senter un recours gracieux. Le\nsilence gard\u00e9 par l'administration pendant plus de deux mois sur la demande de recours\ngracieux emporte d\u00e9cision implicite de rejet de cette demande conform\u00e9ment \u00e0 l'article\nR421-2 du code de justice administrative. Celui-ci prolonge le d\u00e9lai de recours contentieux qui\ndoit \u00eatre introduit dans les deux mois suivant la r\u00e9ponse.\nDirection d\u00e9partementale des territoires de la C\u00f4te-d'Or\n57 , rue de Mulhouse - BP 53317 - 21033 Dijon CEDEX\nT\u00e9l. : 03 80 29 44 44\nCourriel : ddt@cote-dor.gouv.fr - Site internet : http://www.cote-dor.gouv.fr\nDirection d\u00e9partementale des territoires de la C\u00f4te-d'Or - 21-2024-09-10-00004 - Arr\u00eat\u00e9 pr\u00e9fectoral n\u00b0 1473 du 10 septembre 2024\nportant d\u00e9claration d'int\u00e9r\u00eat g\u00e9n\u00e9ral pour la restauration de 6 mares et la cr\u00e9ation d'une mare sur les communes d'Epoisses, de\nForl\u00e9ans, de La-Motte-Ternant et de Mont-Saint-Jean.\n24\nDirection d\u00e9partementale des territoires de la\nC\u00f4te-d'Or\nService Pr\u00e9servation et Am\u00e9nagement de\nl'Espace (SPAE)\n21-2024-09-16-00006\nArr\u00eat\u00e9 pr\u00e9fectoral n\u00b020-2024 du 16 septembre\n2024 portant application du r\u00e9gime forestier -\ncommune de Bussi\u00e8res\nDirection d\u00e9partementale des territoires de la C\u00f4te-d'Or - 21-2024-09-16-00006 - Arr\u00eat\u00e9 pr\u00e9fectoral n\u00b020-2024 du 16 septembre 2024\nportant application du r\u00e9gime forestier - commune de Bussi\u00e8res 25\nEzPREFETDE LACOTE-D'ORLibert\u00e9Egalit\u00e9Fraternit\u00e9\nDirection d\u00e9partementale des territoires de la\nC\u00f4te-d'Or\nService pr\u00e9servation et am\u00e9nagement de l'espace\nBureau chasse for\u00eat\nArr\u00eat\u00e9 pr\u00e9fectoral n\u00b020-2024 du 16 septembre 2024\nportant application du r\u00e9gime forestier\nLe pr\u00e9fet de la r\u00e9gion Bourgogne-Franche-Comt\u00e9\nPr\u00e9fet de la C\u00f4te-d'Or\nVU les articles L.214-3, R.214-2 et R.214-8 du Code forestier ;\nVU l'arr\u00eat\u00e9 pr\u00e9fectoral n\u00b0 1438/SG du 29 septembre 2023 donnant d\u00e9l\u00e9gation de signature \u00e0 Madame\nFlorence LAUBIER, directrice d\u00e9partementale des territoires de la C\u00f4te-d'Or ;\nVU l'arr\u00eat\u00e9  n\u00b076  du  6  mai  2024  portant  d\u00e9l\u00e9gation  de  signature  aux  agents  de  la  Direction\nd\u00e9partementale des territoires de la C\u00f4te-d'Or ;\nVU la d\u00e9lib\u00e9ration en date du 17 avril 2024, rendue ex\u00e9cutoire par d\u00e9p\u00f4t en pr\u00e9fecture du\n6 mai  2024,  par  laquelle  le  Conseil  municipal  de  la  commune  de  Bussi\u00e8res  sollicite\nl'application du r\u00e9gime forestier pour des parcelles en nature de bois et for\u00eats situ\u00e9es sur son\nterritoire communal et dont la commune est propri\u00e9taire ;\nVU l'avis favorable de l'Office national des for\u00eats en date du 26 ao\u00fbt 2024 ;\nSUR proposition de Madame la Directrice d\u00e9partementale des territoires de la C\u00f4te-d'Or ;\nARR\u00caTE\nARTICLE 1  er     :   D\u00c9SIGNATION   DES TERRAINS  \nL'application du r\u00e9gime forestier est prononc\u00e9e pour des terrains d'une surface totale de\n4,2975 hectares appartenant \u00e0 la commune de Bussi\u00e8res et ainsi cadastr\u00e9s :\nDirection d\u00e9partementale des territoires de la C\u00f4te-d'Or\n57 , rue de Mulhouse - BP 53317 - 21033 Dijon CEDEX\nT\u00e9l. : 03 80 29 44 44\nCourriel : ddt@cote-dor.gouv.fr\n1\nDirection d\u00e9partementale des territoires de la C\u00f4te-d'Or - 21-2024-09-16-00006 - Arr\u00eat\u00e9 pr\u00e9fectoral n\u00b020-2024 du 16 septembre 2024\nportant application du r\u00e9gime forestier - commune de Bussi\u00e8res 26\nCommune de situation R\u00e9f\u00e9rence\ncadastrale\nSurface cadastrale\ntotale (ha)\nSurface concern\u00e9e\nr\u00e9gime forestier (ha)\nBussi\u00e8res\nC 115 0,3500 0,3500\nC 238 1,4490 1,4490\nZE 23 2,4985 2,4985\nTotal 4,2975\nARTICLE 2     : DATE D'EFFET ET PUBLICATION  \nLa pr\u00e9sente d\u00e9cision sera affich\u00e9e en mairie et l'accomplissement de cette formalit\u00e9 sera\ncertifi\u00e9e aupr\u00e8s de la Direction d\u00e9partementale des territoires par le maire.\nLe  pr\u00e9sent  arr\u00eat\u00e9  sera  par  ailleurs  ins\u00e9r\u00e9  dans  le  recueil  des  actes  administratifs  du\nd\u00e9partement.\nARTICLE 3     : NOTIFICATION DE L'ARR\u00caTE PR\u00c9FECTORAL  \nLa pr\u00e9sente d\u00e9cision sera notifi\u00e9e \u00e0 :\n\u2022 Monsieur le Maire de la commune de Bussi\u00e8res ;\n\u2022 Monsieur le Directeur de l'agence Bourgogne-est de l'Office national des for\u00eats.\nARTICLE 4     : EX\u00c9CUTION DE L'ARR\u00caTE PR\u00c9FECTORAL  \nLe maire de Bussi\u00e8res, le directeur de l'agence Bourgogne-est de l'Office national des for\u00eats et\nla directrice d\u00e9partementale des territoires sont charg\u00e9s de l'ex\u00e9cution du pr\u00e9sent arr\u00eat\u00e9.\nPour la directrice d\u00e9partementale des territoires,\nLe responsable du bureau chasse-for\u00eat,\nSIGN\u00c9\nEmeric BUSSY\nDirection d\u00e9partementale des territoires de la C\u00f4te-d'Or\n57 , rue de Mulhouse - BP 53317 - 21033 Dijon CEDEX\nT\u00e9l. : 03 80 29 44 44\nCourriel : ddt@cote-dor.gouv.fr\n2\nDirection d\u00e9partementale des territoires de la C\u00f4te-d'Or - 21-2024-09-16-00006 - Arr\u00eat\u00e9 pr\u00e9fectoral n\u00b020-2024 du 16 septembre 2024\nportant application du r\u00e9gime forestier - commune de Bussi\u00e8res 27\nDirection d\u00e9partementale des territoires de la\nC\u00f4te-d'Or\nService S\u00e9curit\u00e9 et Education Routi\u00e8re\n21-2024-09-16-00003\nArr\u00eat\u00e9 N\u00b0 1474 autorisant une manifestation\nnautique d\u00e9nomm\u00e9e \u00ab\u00a0Initiation au Triathlon\u00a0\u00bb\norganis\u00e9e par l'association COPS 21 (C\u00f4te-d'Or\npolice sportive) le jeudi 19 septembre 2024 de\n07h00 \u00e0 14h00 et fixant des mesures temporaires\nde police de la navigation sur la base de loisirs\nd'Arc- sur -Tille (21)\nDirection d\u00e9partementale des territoires de la C\u00f4te-d'Or - 21-2024-09-16-00003 - Arr\u00eat\u00e9 N\u00b0 1474 autorisant une manifestation\nnautique d\u00e9nomm\u00e9e \u00ab\u00a0Initiation au Triathlon\u00a0\u00bb organis\u00e9e par l'association COPS 21 (C\u00f4te-d'Or police sportive) le jeudi 19 septembre\n2024 de 07h00 \u00e0 14h00 et fixant des mesures temporaires de police de la navigation sur la base de loisirs d'Arc- sur -Tille (21)\n28\n\u00cbZPR\u00c9FET Direction d\u00e9partementale des territoiresDE LA | de la C\u00f4te-d'OrCOTE-D'ORLibert\u00e9\u00c9galit\u00e9Fraternit\u00e9\nAffaire suivie par Manon BEAULIEUService de la s\u00e9curit\u00e9 et de I'\u00e9ducation routi\u00e8reBureau de la s\u00e9curit\u00e9 routi\u00e8reT\u00e9l : 03 80 29 44 23m\u00e9l : ddt-manifestations-sportives@cote-dor.gouv.fr\n| Arr\u00eat\u00e9 N\u00b0 1474autorisant une manifestation nautique d\u00e9nomm\u00e9e \u00ab Initiation au Triathlon \u00bb organis\u00e9e parl'association COPS 21 (C\u00f4te-d'Or police sportive) le jeudi 19 septembre 2024 de 07h00 \u00e014h00 et fixant des mesures temporaires de police de la navigation sur la base de loisirsd'Arc- sur -Tille (21)Le pr\u00e9fet de la C\u00f4te-d'Or\nVU le Code des Transports;VU le Code du Sport ;VU le d\u00e9cret n\u00b0 2012-1556 du 28 d\u00e9cembre 2012 d\u00e9terminant la liste des mesurestemporaires d'interruption ou de modification des conditions de navigation pouvant \u00eatreprises par le gestionnaire de la voie d'eau ;VU l'arr\u00eat\u00e9 du 28 juin 2013 portant r\u00e8glement g\u00e9n\u00e9ral de police de la navigation int\u00e9rieure;VU l'arr\u00e9t\u00e9 Pr\u00e9fectoral n\u00b0564 du 9 mai 2022 portant r\u00e8glement particulier de police pourl'exercice de la navigation de plaisance et des activit\u00e9s sportives et touristiques diverses surle plan d'eau de la base nautique d'ARC-SUR-TILLE dans le d\u00e9partement de la C\u00f4te-d'Or;VU l'arr\u00eat\u00e9 pr\u00e9fectoral n\u00b0 1438 / SG du 29 septembre 2023 donnant d\u00e9l\u00e9gation de signature\u00e0 Madame Florence LAUBIER, directrice d\u00e9partementale des territoires de la C\u00f4te-d'Or ;VU l'arr\u00eat\u00e9 n\u00b0 76 du 6 mai 2024 portant d\u00e9l\u00e9gation de signature aux agentsde la directiond\u00e9partementale des territoires de la C\u00f4te-d'Or ;\nDirection d\u00e9partementale des territoires de la C\u00f4te-d'Or57, rue de Mulhouse - BP 53317 - 21033 Dijon CEDEXT\u00e9i. : 03 80 29 44 44Courriel : ddt@cote-dor.gouv.fr\nDirection d\u00e9partementale des territoires de la C\u00f4te-d'Or - 21-2024-09-16-00003 - Arr\u00eat\u00e9 N\u00b0 1474 autorisant une manifestation\nnautique d\u00e9nomm\u00e9e \u00ab\u00a0Initiation au Triathlon\u00a0\u00bb organis\u00e9e par l'association COPS 21 (C\u00f4te-d'Or police sportive) le jeudi 19 septembre\n2024 de 07h00 \u00e0 14h00 et fixant des mesures temporaires de police de la navigation sur la base de loisirs d'Arc- sur -Tille (21)\n29\nVU la circulaire du 24 janvier 2013 relative aux actes et mesures de police de la navigationint\u00e9rieur;VU |a demande en date du 27 mai 2024 de l'association COPS 21 (C\u00f4te-d'Or police sportive) -2 place Suquet \u2014 21000 Dijon;VU l'attestation sur l'honneur du pr\u00e9sident de l'association COPS 21 en date du 27 mai 2024qu'aucun engin flottant sera utilis\u00e9 lors de la manifestation;VU l'attestation dassurance d\u00e9livr\u00e9e le 19 janvier 2024 par la GMF, garantissant laresponsabilit\u00e9 civile du titulaire du contrat;VU l'avis du pr\u00e9sident de la communaut\u00e9 de communes Norge et Tllle en date du 26 ao\u00fbt2024;VU l'avis du maire d'Arc-sur-Tille en date du 4 septembre 2024 ;CONSID\u00c9RANT que le pr\u00e9fet de d\u00e9partement exerce les comp\u00e9tences qui lui sont d\u00e9voluesen mati\u00e8re de police de la navigation int\u00e9rieure;SUR proposition de la directrice d\u00e9partementale des territoires dela C\u00f4te-d'Or ;\nARRETE\nArticle1 :L'association COPS 21 (C\u00f4te-d'Or police sportive) est autoris\u00e9e \u00e0 organiser une initiation auTriathlon sur la base nautique d'Arc-sur-Tille (21) le jeudi 19 septembre 2024 de 7h00 \u00e0 14h00conform\u00e9ment aux prescriptions ci-dessous et au plan annex\u00e9.Article 2 :L'\u00e9preuve de natation s'effectuera exclusivement dans la zone d'entra\u00eenement natationsportive comme indiqu\u00e9 sur le plan annex\u00e9 \u00e0 l'arr\u00eat\u00e9 pr\u00e9fectoral n\u00b0 564 du 9 mai 2022portant r\u00e8glement particulier de police pour l'exercice de la navigation de plaisance et desactivit\u00e9s sportives et touristiques diverses sur le plan d'eau de la base nautique d'Arc-sur-Tilledans le d\u00e9partement de la C\u00f4te-d'Or.Article 3 :L'organisateur doit disposer, soit par lui-m\u00eame ou par sa f\u00e9d\u00e9ration d'affiliation, soit par voiede convention avec les organismes comp\u00e9tents, de tous les moyens permettant de faire face\u00e0 un accident ou incident sur l'eau, tant en ce qui concerne les dommages aux personnesque les risques d'incendie et de pollution des eaux.Direction d\u00e9partementale des territoires de la C\u00f4te-d'Or57, rue de Mulhouse- BP 53317 - 21033 Dijon CEDEXT\u00e9l.: 03 80 29 44 44Courriel: ddt@cote-dor.gouv.fr\nDirection d\u00e9partementale des territoires de la C\u00f4te-d'Or - 21-2024-09-16-00003 - Arr\u00eat\u00e9 N\u00b0 1474 autorisant une manifestation\nnautique d\u00e9nomm\u00e9e \u00ab\u00a0Initiation au Triathlon\u00a0\u00bb organis\u00e9e par l'association COPS 21 (C\u00f4te-d'Or police sportive) le jeudi 19 septembre\n2024 de 07h00 \u00e0 14h00 et fixant des mesures temporaires de police de la navigation sur la base de loisirs d'Arc- sur -Tille (21)\n30\nArticle 4 :Avant la manifestation, l'organisateur doit interroger M\u00e9t\u00e9o France (soit par le r\u00e9pondeurt\u00e9l\u00e9phonique au 08.99.71.02.21, soit par internet: http://france.meteofrance.com/) afin deconna\u00eetre la couleur de la carte de vigilance m\u00e9t\u00e9o et prendre toute mesure adapt\u00e9e. Dansl'hypoth\u00e8se d'une carte orange ou rouge, il lui appartient de prendre les dispositions quis'imposent, voire d'annuler la manifestation.Article 5 :Le pr\u00e9sent arr\u00eat\u00e9 peut faire l'objet d'un recours contentieux devant le tribunal administratifde Dijon dans un d\u00e9lai de deux mois \u00e0 compter de sa publication. Un recours peut \u00eatred\u00e9pos\u00e9 via 'l'application T\u00e9l\u00e9recours citoyens accessible par le site internetwww.telerecours.fr. |Article 6 :Le directeur de cabinet, la directrice d\u00e9partementale des territoires de la C\u00f4te-d'Or, lecommandant de la r\u00e9gion de gendarmerie de Bourgogne-Franche-Comt\u00e9 et du groupementde gendarmerie de la C\u00f4te-d'Or, le pr\u00e9sident dela communaut\u00e9 de communes Norge et Tille,le maire de la commune d'Arc-sur-Tille et l'organisateur sont charg\u00e9s, chacun en ce qui leconcerne, de l'ex\u00e9cution du pr\u00e9sent arr\u00eat\u00e9 qui sera publi\u00e9 au Recueil des Actes Administratifsde la Pr\u00e9fecture de la C\u00f4te-d'Or et dont copie sera adress\u00e9e au p\u00e9titionnaire.\nFait \u00e0 Dijon, le 16 septembre 2024Pour le Pr\u00e9fet et par d\u00e9l\u00e9gation,Le responsable du service de la s\u00e9curit\u00e9et de l'\u00e9ducation routi\u00e8re,SIGNEChristian DELANGLE\nDirection d\u00e9partementale des territoires de la C\u00f4te-d'Or57, ruede Mulhouse - BP 53317 - 21033 Dijon CEDEXT\u00e9l. : 03 80 29 44 44Courriel : ddt@cote-dor.gouv.fr\nDirection d\u00e9partementale des territoires de la C\u00f4te-d'Or - 21-2024-09-16-00003 - Arr\u00eat\u00e9 N\u00b0 1474 autorisant une manifestation\nnautique d\u00e9nomm\u00e9e \u00ab\u00a0Initiation au Triathlon\u00a0\u00bb organis\u00e9e par l'association COPS 21 (C\u00f4te-d'Or police sportive) le jeudi 19 septembre\n2024 de 07h00 \u00e0 14h00 et fixant des mesures temporaires de police de la navigation sur la base de loisirs d'Arc- sur -Tille (21)\n31\nAnnexe 1/3\n\u00c9preuve de natation :\nMesurer une distance\n\"Distance totale : 200,19 m (656,80 fi)\n- Pour le pr\u00e9fet et par d\u00e9l\u00e9gation,Le responsable du service de las\u00e9curit\u00e9 et de l'\u00e9ducation routi\u00e8re,SIGNEChristian DELANGLEDirection d\u00e9p\u00e4rtementale des territoires de la C\u00f4te-d'Or57, rue de Mulhouse - BP 53317 - 21033 Dijon CEDEXTel.: 03 80 29 44 44Courriel : ddt@cote-dor.gouv.fr\nDirection d\u00e9partementale des territoires de la C\u00f4te-d'Or - 21-2024-09-16-00003 - Arr\u00eat\u00e9 N\u00b0 1474 autorisant une manifestation\nnautique d\u00e9nomm\u00e9e \u00ab\u00a0Initiation au Triathlon\u00a0\u00bb organis\u00e9e par l'association COPS 21 (C\u00f4te-d'Or police sportive) le jeudi 19 septembre\n2024 de 07h00 \u00e0 14h00 et fixant des mesures temporaires de police de la navigation sur la base de loisirs d'Arc- sur -Tille (21)\n32\n\u00c9preuve de VTT : Annexe 2/3Tar uuul uw FUIGE (Rrr):fl'flw ! _ de la navigation int\u00e9rieure de la base de loisirs d'ARC-SUR-TILLE\u00bb R\u00e9a\u00efs\u00e9 par Joseph Gabri\u00e8le : DOT21/SSER/ERGCle 15/04/2018 - Sources : DDT21 , DIGN - 8D CARTO\u00ae 3.1 2015 - Fichier :RFP_Arc Sur-T@e.qgs - Reproduction interditeN e S  e  =\n\" a,'\u00fc\"}l\u00ee\".-.',\u2014:- S,Gw  gv \". \u2014 dB .m. S\n50\n\"ne Naturelle (interdite \u00e0 toute activit\u00e9 sauf zones d'arr\u00ebl) ? \u00cbne d'entrainementsportif de natatioM'VV'. I.'j 1ALy Q \u00b0\nF :?&&':'-.-.*_ \\\nNautique\n~\nPour le pr\u00e9fet et par d\u00e9l\u00e9gation,Le responsable du service de las\u00e9curit\u00e9 et de l'\u00e9ducation routi\u00e8re,Mesurer une distance SIGNESurface totale : 403 057,03 m\" (4 338 469,74 pi\u00a5)Distance totale : 3,73 km (2,32 mi) Ch_ristian DELANGLEDirection d\u00e9partementale des territoires de |a C\u00f4te-d'Or57, rue de Mulhouse - BP 53317 - 21033 Dijon CEDEXT\u00e9l. : 03 80 29 44 44Courriel : ddt@cote-dor.gouv.fr\nDirection d\u00e9partementale des territoires de la C\u00f4te-d'Or - 21-2024-09-16-00003 - Arr\u00eat\u00e9 N\u00b0 1474 autorisant une manifestation\nnautique d\u00e9nomm\u00e9e \u00ab\u00a0Initiation au Triathlon\u00a0\u00bb organis\u00e9e par l'association COPS 21 (C\u00f4te-d'Or police sportive) le jeudi 19 septembre\n2024 de 07h00 \u00e0 14h00 et fixant des mesures temporaires de police de la navigation sur la base de loisirs d'Arc- sur -Tille (21)\n33\nEpreuve de course \u00e0 pied : Annexe 3/3\n= snaus vn uw vs  ranuLunel ue roince (nsrr)\nde la navigation lnt\u00e9rieure de la base de loisirs d'ARC-SUR-TILLER\u00e9a\u00efs\u00e9 par Joseph Gabri\u00e8le : DDT21/SSER/BRGCle 19/04/2018 - Sources: DDT21, BIGN- aowms:.xzms- Fichier :RPP_Arc Siur-Tile.qgs- ...mm\nAN \u2014  1 0 - - \u00a9 ? Pour le pr\u00e9fet et par d\u00e9l\u00e9gation,rrr  Le responsable du service de las\u00e9curit\u00e9 et de l'\u00e9ducation routi\u00e8re,Surface totaie : 305 535,61 m\" (3 288 757,91 pi\u00ae)Distance tot\u00e4le : 2,33 km (1,45 mi)\nSIGNE| Christian DELANGLEDirection d\u00e9partementale des tei'l'\u00cf\"Oii\"\u00ca'S de |a C\u00f4te-d'O57, rue de Mulhouse- BP 53317 - 21033 Dijon CEDEXT\u00e9l. : 03 80 29 44 44Courriel : ddt@cote-dor.gouv.fr\nDirection d\u00e9partementale des territoires de la C\u00f4te-d'Or - 21-2024-09-16-00003 - Arr\u00eat\u00e9 N\u00b0 1474 autorisant une manifestation\nnautique d\u00e9nomm\u00e9e \u00ab\u00a0Initiation au Triathlon\u00a0\u00bb organis\u00e9e par l'association COPS 21 (C\u00f4te-d'Or police sportive) le jeudi 19 septembre\n2024 de 07h00 \u00e0 14h00 et fixant des mesures temporaires de police de la navigation sur la base de loisirs d'Arc- sur -Tille (21)\n34\nDRFiP Bourgogne Franche-Comt\u00e9\n21-2024-09-16-00008\nD\u00e9l\u00e9gation de signature au conciliateur fiscal\nDRFIP 21  16-09-2024\nDRFiP Bourgogne Franche-Comt\u00e9 - 21-2024-09-16-00008 - D\u00e9l\u00e9gation de signature au conciliateur fiscal DRFIP 21  16-09-2024 35\nREPUBLIQUEFRANCAISELibert\u00e9Egalit\u00e9Fraternit\u00e9\nTFINANCES PUBLIQUES\nDIRECTION G\u00c9N\u00c9RALE DES FINANCES PUBLIQUES \nDIRECTION R\u00c9GIONALE DES FINANCES PUBLIQUES DE BOURGOGNE- FRANCHE-\nCOMT\u00c9 ET DU D\u00c9PARTEMENT DE LA C\u00d4TE-D'OR\nD\u00e9cision de d\u00e9l\u00e9gation de signature au conciliateur fiscal\nL'administratrice g\u00e9n\u00e9rale de l'Etat, directrice r\u00e9gionale des finances publiques de Bourgogne-\nFranche-Comt\u00e9 et du d\u00e9partement de la C\u00f4te-d'Or\nVU le code g\u00e9n\u00e9ral des imp\u00f4ts, et notamment l'article 408 de son annexe II et les\narticles 212 \u00e0 217 de son annexe IV ; \nVU  le livre des proc\u00e9dures fiscales, et notamment les articles L. 247 et R* 247-4 et\nsuivants ;\nVU le d\u00e9cret n\u00b0 2008-309 du 3 avril 2008 portant diverses dispositions relatives \u00e0 la\ndirection g\u00e9n\u00e9rale des finances publiques ; \nVU le d\u00e9cret n\u00b0 2009-707 du 16 juin 2009 relatif aux services d\u00e9concentr\u00e9s de la\ndirection g\u00e9n\u00e9rale des finances publiques ; \nVU la d\u00e9cision du  16 septembre 2024   d\u00e9signant M. \u00c9tienne LEPAGE conciliateur\nfiscal  d\u00e9partemental  et  MM  Eric  BOURSON et  Alain  BOULEY,  conciliateurs  fiscaux\nd\u00e9partementaux adjoints.\nD\u00c9CIDE :\nArticle  1 :  D\u00e9l\u00e9gation  de  signature  est  donn\u00e9e  \u00e0  M.  \u00c9tienne  LEPAGE,  conciliateur  fiscal\nd\u00e9partemental, \u00e0 l'effet  de se prononcer sur les demandes des usagers tendant \u00e0 la r\u00e9vision d'une\nd\u00e9cision prise par un service du d\u00e9partement, dans les limites et conditions suivantes :\n1\u00b0 sans limitation de montant, sur les demandes contentieuses portant sur l'assiette des imp\u00f4ts,\nsur l'int\u00e9r\u00eat de retard pr\u00e9vu \u00e0 l'article 1727 du CGI ou sur les p\u00e9nalit\u00e9s ;\n2\u00b0 dans la limite de 76  000 euros, sur les demandes gracieuses portant sur la majoration de\nrecouvrement de 10 % pr\u00e9vue par l'article  1730 du code g\u00e9n\u00e9ral des imp\u00f4ts et les int\u00e9r\u00eats\nmoratoires pr\u00e9vus \u00e0 l'article L. 209 du livre des proc\u00e9dures fiscales ; \n3\u00b0 dans la limite de 150 000 euros, sur les demandes gracieuses portant sur les impositions et\ntaxes autres que celles vis\u00e9es au quatri\u00e8me alin\u00e9a du 3\u00b0 de l'article L. 247 du LPF, les frais de\npoursuite mentionn\u00e9s \u00e0 l'article 1912 du CGI, les amendes et majorations autres que celle pr\u00e9vue\n\u00e0 l'article 1730 du code g\u00e9n\u00e9ral des imp\u00f4ts, l'int\u00e9r\u00eat de retard pr\u00e9vu \u00e0 l'article 1727 du CGI ainsi\nque sur les demandes de d\u00e9lais de paiement ;\nDRFiP Bourgogne Franche-Comt\u00e9 - 21-2024-09-16-00008 - D\u00e9l\u00e9gation de signature au conciliateur fiscal DRFIP 21  16-09-2024 36\n5ign\u20ac\n4\u00b0 sans limitation de montant, sur les demandes de d\u00e9charge de responsabilit\u00e9 solidaire pr\u00e9vue \u00e0\nl'article  1691 bis du code g\u00e9n\u00e9ral des imp\u00f4ts ;\n5\u00b0 dans les limites pr\u00e9vues aux articles R 247-10 et R 247-11 du livre des proc\u00e9dures fiscale, sur\nles demandes  de d\u00e9charge  de responsabilit\u00e9  solidaire  pr\u00e9vue \u00e0  l'article  L.  247 du livre  des\nproc\u00e9dures fiscales  ;\n6\u00b0  sur  les  contestations  relatives  aux  proc\u00e9dures  de  poursuite  diligent\u00e9es  \u00e0  l'encontre  du\ncontribuable dans le respect des dispositions des articles R*281-1 et suivants du LPF.\nArticle  2  \u2013  La  m\u00eame  d\u00e9l\u00e9gation  est  donn\u00e9e  \u00e0  MM  Eric  BOURSON   et  Alain  BOULEY,\nconciliateurs fiscaux adjoints, avec facult\u00e9 pour chacun d'eux d'agir s\u00e9par\u00e9ment et sur leur seule\nsignature en cas d'emp\u00eachement ou d'absence de M. \u00c9tienne LEPAGE.\nArticle 3 \u2013 Le pr\u00e9sent arr\u00eat\u00e9 sera publi\u00e9 au recueil des actes administratifs du d\u00e9partement de la\nC\u00f4te-d'Or. \nFait \u00e0 Dijon, le 16 septembre 2024\n H\u00e9l\u00e8ne CROCQUEVIEILLE\nDRFiP Bourgogne Franche-Comt\u00e9 - 21-2024-09-16-00008 - D\u00e9l\u00e9gation de signature au conciliateur fiscal DRFIP 21  16-09-2024 37\nDRFiP Bourgogne Franche-Comt\u00e9\n21-2024-09-01-00003\nDELEGATION DE SIGNATURE EN MATIERE DE\nCONTENTIEUX SIE DIJON DRFIP 21    01/09/2024\nDRFiP Bourgogne Franche-Comt\u00e9 - 21-2024-09-01-00003 - DELEGATION DE SIGNATURE EN MATIERE DE CONTENTIEUX SIE DIJON\nDRFIP 21    01/09/2024 38\nArr\u00eat\u00e9 portant d\u00e9l\u00e9gation de signature\nLe comptable, responsable du service des imp\u00f4ts des entreprises de Dijon,\nVu le code g\u00e9n\u00e9ral des imp\u00f4ts, et notamment l'article 408 de son annexe II et les articles 212 \u00e0 217 de son\nannexe IV, \nVu le livre des proc\u00e9dures fiscales, et notamment les articles L. 247 et R* 247-4 et suivants,\nVu le d\u00e9cret n\u00b0 2008-309 du 3 avril 2008 portant diverses dispositions relatives \u00e0 la direction g\u00e9n\u00e9rale des\nfinances publiques, \nVu le d\u00e9cret n\u00b0 2009-707 du 16 juin 2009 relatif aux services d\u00e9concentr\u00e9s de la direction g\u00e9n\u00e9rale des\nfinances publiques, \nVu le d\u00e9cret n\u00b0 2012-1246 du 7 novembre 2012 relatif \u00e0 la gestion budg\u00e9taire et comptable publique, et\nnotamment son article 16,\nArr\u00eate :\nArticle 1er\nD\u00e9l\u00e9gation de signature est donn\u00e9e \u00e0 M JOBARD Pascal, Inspecteur divisionnaire hors classe, adjoint au\nresponsable du service des imp\u00f4ts des entreprises de Dijon, \u00e0 l'effet de signer :\n1\u00b0) en mati\u00e8re de contentieux fiscal d'assiette, les d\u00e9cisions d'admission totale, d'admission partielle ou de\nrejet, de d\u00e9gr\u00e8vement ou restitution d'office, dans la limite de 50 000 \u20ac,\n2\u00b0) en mati\u00e8re de gracieux fiscal, les d\u00e9cisions portant remise, mod\u00e9ration, transaction ou rejet, dans la\nlimite de 50 000 \u20ac,\n3\u00b0) en mati\u00e8re de remboursement de cr\u00e9dit d'imp\u00f4t, hors remboursement de cr\u00e9dit de TVA, dans la limite de\n100 000 \u20ac\n3\u00b0)  les d\u00e9cisions sur les demandes de  plafonnement  en  fonction  de  la  valeur ajout\u00e9e  de  contribution\n\u00e9conomique territoriale, sans limite de montant pour les entreprises dont tous les \u00e9tablissements sont situ\u00e9s\ndans le ressort du service,\n4\u00b0) les d\u00e9cisions sur les demandes de remboursement de cr\u00e9dit de TVA, dans la limite de 100 000 \u20ac par\ndemande, \n5\u00b0) les documents n\u00e9cessaires \u00e0 l'ex\u00e9cution comptable des d\u00e9cisions contentieuses et gracieuses sans\nlimitation de montant, \n6\u00b0) les avis de mise en recouvrement et les mises en demeure de payer,\n7\u00b0) au nom et sous la responsabilit\u00e9 du comptable soussign\u00e9,\n- les d\u00e9cisions relatives aux demandes de d\u00e9lai de paiement,\n- l'ensemble  des actes relatifs au  recouvrement,  et  notamment  les actes de  poursuites et  les\nd\u00e9clarations de cr\u00e9ances ainsi que pour ester en justice,\n- tous actes d'administration et de gestion du service.\nDRFiP Bourgogne Franche-Comt\u00e9 - 21-2024-09-01-00003 - DELEGATION DE SIGNATURE EN MATIERE DE CONTENTIEUX SIE DIJON\nDRFIP 21    01/09/2024 39\nArticle 2\nD\u00e9l\u00e9gation de signature est donn\u00e9e \u00e0 l'effet de signer :\n1\u00b0) en mati\u00e8re de contentieux fiscal d'assiette, les d\u00e9cisions d'admission totale, d'admission partielle ou de\nrejet, de d\u00e9gr\u00e8vement ou restitution d'office, dans la limite pr\u00e9cis\u00e9e dans le tableau ci-dessous,\n2\u00b0) en mati\u00e8re de gracieux fiscal, les d\u00e9cisions portant remise, mod\u00e9ration ou rejet, dans la limite pr\u00e9cis\u00e9e\ndans le tableau ci-dessous,\n3\u00b0) les d\u00e9cisions relatives aux demandes de d\u00e9lai de paiement, dans les limites de dur\u00e9e et de montant\nindiqu\u00e9es dans le tableau ci-apr\u00e8s,\naux agents d\u00e9sign\u00e9s ci-apr\u00e8s :\nNom et pr\u00e9nom grade Limite\nd\u00e9cisions\ncontentieu\nses\nLimite d\u00e9cisions\ngracieuses\nSomme maxi\npour laquelle un\nd\u00e9lai de\npaiement peut\n\u00eatre accord\u00e9\nDur\u00e9e\nmaximale\ndes d\u00e9lais\nde paiement\nCARON Aur\u00e9lien Inspecteur 15 000 \u20ac 15 000 \u20ac 10 000 \u20ac 6 mois\nMICHEL Isabelle Inspectrice 15 000 \u20ac 15 000 \u20ac 10 000 \u20ac 6 mois\nZANI Laurence Inspectrice 15 000 \u20ac 15 000 \u20ac 10 000 \u20ac 6 mois\nAMIOT Anne-Marie Contr\u00f4leuse Principale 10 000\u20ac 10 000\u20ac - -\nATHONADY Tatiana Contr\u00f4leuse principale 10 000\u20ac 10 000\u20ac - -\nBADI ATTARI Farida Contr\u00f4leuse 10 000 \u20ac 10 000 \u20ac 10 000 \u20ac 6 mois\nCASALE Laurence Contr\u00f4leuse 10 000 \u20ac 10 000 \u20ac - -\nCLEMENT Isabelle Contr\u00f4leuse principale 10 000 \u20ac 10 000 \u20ac - -\nCOMMARET Nelly Contr\u00f4leuse Principale 10 000 \u20ac 10 000 \u20ac - -\nDAUBARD S\u00e9bastien Contr\u00f4leur principal 10 000\u20ac 10 000\u20ac - -\nFONTAINE Jo\u00eblle Contr\u00f4leuse Principale 10 000\u20ac 10 000\u20ac - -\nGUENARD Florence  (1) Contr\u00f4leuse principale 10 000 \u20ac 10 000 \u20ac - -\nLENTSCHAT Fran\u00e7ois Contr\u00f4leur 10 000\u20ac 10 000\u20ac\nMONNOT Maria Contr\u00f4leuse 10 000\u20ac 10 000\u20ac - -\nMARTINOTTI Catherine Contr\u00f4leuse principale 10 000\u20ac 10 000\u20ac - -\nPETITJEAN Geoffray Contr\u00f4leur stagiaire 10 000 \u20ac 10 000 \u20ac - -\nREYNAUD Laure Contr\u00f4leuse principale 10 000\u20ac 10 000\u20ac - -\nROLLAND-PIEGUE Thomas Contr\u00f4leur 10 000\u20ac 10 000\u20ac 10 000 \u20ac 6 mois\nSAHLI Rachida  (2) Contr\u00f4leur 10 000 \u20ac 10 000 \u20ac - -\nSIMON Thierry Contr\u00f4leur principal 10 000\u20ac 10 000\u20ac - -\nVALESSA Martine Contr\u00f4leuse principale 10 000\u20ac 10 000\u20ac 10 000 \u20ac 6 mois\nVINCENOT Bruno Contr\u00f4leur principal 10 000\u20ac 10 000\u20ac - -\nFOYATIER Quentin Agent Adm. Princ 2 000 \u20ac 2 000 \u20ac - -\nINTHAVONG William Agent Adm. Princ 2 000 \u20ac 2 000 \u20ac 6 000\u20ac 6 mois\nPUYMERAS Lionnel Agt Admin. Princ 2 000 \u20ac 2 000 \u20ac 6 000\u20ac 6 mois\nLEBRERE Flora Contractuelle C 2 000 \u20ac 2 000 \u20ac 6 000 \u20ac 6 mois\n(1) jusqu'au 1/11/2024.\n (2) \u00e0 compter du 15/10/2024\nDRFiP Bourgogne Franche-Comt\u00e9 - 21-2024-09-01-00003 - DELEGATION DE SIGNATURE EN MATIERE DE CONTENTIEUX SIE DIJON\nDRFIP 21    01/09/2024 40\nArticle 3\nD\u00e9l\u00e9gation de signature est donn\u00e9e \u00e0 l'effet de signer :\n\u2013 les avis de mise en recouvrement et les mises en demeure de payer,\n\u2013 les avis \u00e0 tiers d\u00e9tenteurs et les d\u00e9clarations de cr\u00e9ances,\naux agents d\u00e9sign\u00e9s ci-apr\u00e8s :\nNom et pr\u00e9nom grade Avis de mise en\nrecouvrement et\nmises en\ndemeure de payer\nAvis \u00e0 tiers\nd\u00e9tenteurs\nBordereaux de\nd\u00e9clarations de\ncr\u00e9ances en mati\u00e8re\nde proc\u00e9dure\ncollective\nCARON Aur\u00e9lien Inspecteur OUI OUI OUI\nMICHEL Isabelle inspectrice OUI OUI OUI\nZANI Laurence inspectrice OUI OUI OUI\nBADI ATTARI Farida Contr\u00f4leuse OUI OUI OUI\nROLLAND-PIEGUE Thomas contr\u00f4leur OUI OUI OUI\nVALESSA Martine Contr\u00f4leuse principale OUI OUI OUI\nINTHAVONG William Agent Adm. Princ OUI OUI OUI\nPUYMERAS Lionnel Agt Admin. Princ OUI OUI OUI\nLEBRERE Flora Contractuelle C OUI OUI OUI\nArticle 4\nLe pr\u00e9sent arr\u00eat\u00e9 sera publi\u00e9 au recueil des actes administratif du d\u00e9partement de C\u00f4te-d'Or.\nA Dijon, le 1er septembre 2024\nLe comptable, responsable de Service des Imp\u00f4ts des\nEntreprises de Dijon,\nSIGN\u00c9\nJean-Christophe ROYER\nDRFiP Bourgogne Franche-Comt\u00e9 - 21-2024-09-01-00003 - DELEGATION DE SIGNATURE EN MATIERE DE CONTENTIEUX SIE DIJON\nDRFIP 21    01/09/2024 41\nDRFiP Bourgogne Franche-Comt\u00e9\n21-2024-09-16-00002\nD\u00e9l\u00e9gation de signature en mati\u00e8re de vente de\nbiens meubles saisis DRFIP 21  16.09.2024\nDRFiP Bourgogne Franche-Comt\u00e9 - 21-2024-09-16-00002 - D\u00e9l\u00e9gation de signature en mati\u00e8re de vente de biens meubles saisis DRFIP\n21  16.09.2024 42\nREPUBLIQUEFRANCAISELibert\u00e9\u00c9galit\u00e9Fraternit\u00e9\n5igh\u00ae\u20ac\n4FINANCES PUBLIQUES\nArr\u00eat\u00e9 portant d\u00e9l\u00e9gation de signature en mati\u00e8re de vente des biens meubles saisis.\nL'administratrice g\u00e9n\u00e9rale des finances publiques, directrice r\u00e9gionale des finances\npubliques de Bourgogne-Franche-Comt\u00e9 et du d\u00e9partement de la C\u00f4te-d'Or\nVU le livre des proc\u00e9dures fiscales, et notamment son article R* 260 A-1 .\nARR\u00caTE\nArt. 1er . \u2013 D\u00e9l\u00e9gation de signature est accord\u00e9e \u00e0 :\n- M. Etienne LEPAGE, administrateur de l'Etat, directeur du P\u00f4le Gestion fiscale ; \n- M.  Eric  BOURSON,  administrateur  des  finances  publiques  adjoint,  responsable  de  la\ndivision des professionnels et du contr\u00f4le fiscal, ;\nen vue d'autoriser la vente des biens meubles saisis.\nArt. 2 . \u2013 Le pr\u00e9sent arr\u00eat\u00e9 sera publi\u00e9 au recueil des actes administratifs du d\u00e9partement de la\nC\u00f4te-d'Or. \nFait \u00e0 Dijon, le 16 septembre 2024\nH\u00e9l\u00e8ne CROCQUEVIEILLE\nDRFiP Bourgogne Franche-Comt\u00e9 - 21-2024-09-16-00002 - D\u00e9l\u00e9gation de signature en mati\u00e8re de vente de biens meubles saisis DRFIP\n21  16.09.2024 43\nDRFiP Bourgogne Franche-Comt\u00e9\n21-2024-09-16-00005\nD\u00e9l\u00e9gation de signature SGC DIJON METROPOLE\n24-09-16\nDRFiP Bourgogne Franche-Comt\u00e9 - 21-2024-09-16-00005 - D\u00e9l\u00e9gation de signature SGC DIJON METROPOLE 24-09-16 44\nE'\u2014Libert\u00e9 < \u00c9galit\u00e9 < Fraternit\u00e9R\u00c9PUBLIQUE FRAN\u00c7AISE\n- A \u2014MINIST\u00c8RE DE L'ACTIONET DES COMPTES PUBLICS\nDELEGATION DE SIGNATURE \nDU RESPONSABLE DU SERVICE DE GESTION COMPTABLE DIJON METROPOLE\nLe comptable, responsable du Service de Gestion Comptable de DIJON METROPOLE \nVu le d\u00e9cret n\u00b0 2009-707 du 16 juin 2009 relatif aux services d\u00e9concentr\u00e9s de la direction g\u00e9n\u00e9rale des\nfinances publiques ;\nVu le d\u00e9cret n\u00b0 2012-1246 du 7 novembre 2012 relatif \u00e0 la gestion budg\u00e9taire et comptable publique, et\nnotamment son article 16 ;\nVu le code g\u00e9n\u00e9ral des collectivit\u00e9s territoriales et notamment son article L1617-5 ;\nArr\u00eate     :\nArticle 1  er     \nD\u00e9l\u00e9gation g\u00e9n\u00e9rale  de signature  est donn\u00e9e \u00e0 Madame Ouafaa KAOUSSAH et \u00e0 Madame Sylvie MEREAU,\ninspectrices des finances publiques, adjointes, \u00e0 l'effet de signer  et effectuer en mon nom, et uniquement en mon\nabsence, tous les actes relatifs \u00e0 ma gestion et aux affaires qui s'y rattachent.\nArticle 2 \nD\u00e9l\u00e9gation sp\u00e9ciale de signature est donn\u00e9e \u00e0 l'effet de signer  et effectuer en mon nom, aux agents d\u00e9sign\u00e9s ci-\napr\u00e8s :\nDomaine Pr\u00e9nom et Nom\nGrade\nLimite des\nd\u00e9cisions\ngracieuses\nDur\u00e9e\nmaximale\ndes d\u00e9lais\nde paiement\nSomme\nmaximale \nL'ensemble des actes relatifs au\nrecouvrement,  et  notamment\nl'exercice de toutes poursuites et\nactions  en  justice  et  les\nd\u00e9clarations de cr\u00e9ances en cas\nde  proc\u00e9dures  collectives  et\nautres  actes  n\u00e9cessaires  au  bon\nd\u00e9roulement desdites proc\u00e9dures\nOuafaa KAOUSSAH\ninspectrice des finances publiques\nSylvie MEREAU\ninspectrice des finances publiques\nD\u00e9cisions  gracieuses  :  les\nd\u00e9cisions  relatives  aux\ndemandes de d\u00e9lai de paiement,\ndans les limites de dur\u00e9e et de\nmontant indiqu\u00e9es \nEmmanuel HEBERT\ncontr\u00f4leur des finances publiques\nS\u00e9verine Jacquesson,\ncontr\u00f4leuse des finances publiques\nSans objet 6 mois\npour laquelle un\nd\u00e9lai de paiement\npeut \u00eatre accord\u00e9\n1000 \u20ac\nDRFiP Bourgogne Franche-Comt\u00e9 - 21-2024-09-16-00005 - D\u00e9l\u00e9gation de signature SGC DIJON METROPOLE 24-09-16 45\nArticle 3 \nLe pr\u00e9sent arr\u00eat\u00e9 sera publi\u00e9 au recueil des actes administratifs du d\u00e9partement de C\u00f4te d'Or.\nA  DIJON, le 16 septembre 2024\nLe comptable, \nS\u00e9bastien PERRIN\nDRFiP Bourgogne Franche-Comt\u00e9 - 21-2024-09-16-00005 - D\u00e9l\u00e9gation de signature SGC DIJON METROPOLE 24-09-16 46\nDRFiP Bourgogne Franche-Comt\u00e9\n21-2024-09-16-00001\nD\u00e9l\u00e9gation sp\u00e9ciale de signature pour le p\u00f4le\ngestion fiscale DRFIP 21   16.09.2024\nDRFiP Bourgogne Franche-Comt\u00e9 - 21-2024-09-16-00001 - D\u00e9l\u00e9gation sp\u00e9ciale de signature pour le p\u00f4le gestion fiscale DRFIP 21  \n16.09.2024 47\nREPUBLIQUEFRANCAISELibert\u00e9Egalit\u00e9Fraternit\u00e9\nTFINANCES PUBLIQUES\nDIRECTION GENERALE DES FINANCES PUBLIQUES \nDIRECTION REGIONALE DES FINANCES PUBLIQUES DE BOURGOGNE-\nFRANCHE-COMT\u00c9 ET DU DEPARTEMENT DE LA COTE D'OR\nD\u00e9cision de d\u00e9l\u00e9gations sp\u00e9ciales de signature pour le p\u00f4le gestion fiscale\nL'administratrice g\u00e9n\u00e9rale des finances publiques, directrice r\u00e9gionale des finances publiques de\nBourgogne-Franche-Comt\u00e9 et du d\u00e9partement de la C\u00f4te-d'Or\nVU le d\u00e9cret n\u00b0 2008-309 du 3 avril 2008 portant dispositions transitoires relatives\n\u00e0 la direction g\u00e9n\u00e9rale des finances publiques ;\nVU le d\u00e9cret n\u00b02008-310 du 3 avril 2008 relatif \u00e0 la direction g\u00e9n\u00e9rale des finances\npubliques ;\nVU le  d\u00e9cret  n\u00b02009-208  du  20  f\u00e9vrier  2009  relatif  au  statut  particulier  des\nadministrateurs des finances publiques ;\nVU le d\u00e9cret n\u00b02009-707 du 16 juin 2009 relatif aux services d\u00e9concentr\u00e9s de la\nDirection g\u00e9n\u00e9rale des finances publiques ;\nVU le d\u00e9cret n\u00b0 2012-1246 du 7 novembre 2012 relatif \u00e0 la gestion budg\u00e9taire et\ncomptable publique ;\nVU l'arr\u00eat\u00e9 du 18 juin 2009, portant cr\u00e9ation de la direction r\u00e9gionale des finances\npubliques de la r\u00e9gion Bourgogne et du d\u00e9partement de la C\u00f4te-d'Or ;\nVU le  d\u00e9cret  du  5  d\u00e9cembre  2022  portant  nomination  de  Mme  H\u00e9l\u00e8ne\nCROCQUEVIEILLE, administratrice g\u00e9n\u00e9rale des finances publiques, en qualit\u00e9 de directrice\nr\u00e9gionale des finances publiques de Bourgogne-Franche-Comt\u00e9 et du d\u00e9partement de la C\u00f4te-\nd'Or ;\nVU la d\u00e9cision du directeur g\u00e9n\u00e9ral des finances publiques en date du 5 d\u00e9cembre\n2022 fixant au 20 d\u00e9cembre 2022 la date d'installation de Mme H\u00e9l\u00e8ne CROCQUEVIEILLE\ndans les  fonctions  de  directrice  r\u00e9gionale  des  finances publiques  de  Bourgogne-Franche-\nComt\u00e9 et du d\u00e9partement de la C\u00f4te-d'Or ;\nDECIDE \nArticle 1 :  D\u00e9l\u00e9gation sp\u00e9ciale de signature pour signer les pi\u00e8ces ou documents\nrelatifs  aux  attributions  du  p\u00f4le  gestion  fiscale  avec  facult\u00e9  pour  chacun  d'eux  d'agir\ns\u00e9par\u00e9ment et sur sa seule signature en cas d'emp\u00eachement ou d'absence de  M. \u00c9tienne\nDRFiP Bourgogne Franche-Comt\u00e9 - 21-2024-09-16-00001 - D\u00e9l\u00e9gation sp\u00e9ciale de signature pour le p\u00f4le gestion fiscale DRFIP 21  \n16.09.2024 48\nLEPAGE, sans que le non-emp\u00eachement soit opposable aux tiers ou puisse \u00eatre revendiqu\u00e9\npar eux, est donn\u00e9e \u00e0 : \nM.  Eric  BOURSON , administrateur  des  finances  publiques  adjoint,  responsable  de  la\ndivision animation du r\u00e9seau fiscal, recouvrement et contr\u00f4le , \nM. Alain BOULEY, administrateur des finances publiques adjoint, responsable de la division\ndes affaires juridiques et contentieux d'assiette.\nArticle 2     : D\u00e9l\u00e9gation sp\u00e9ciale de signature pour signer les pi\u00e8ces ou documents\nrelatifs aux attributions de leur division ou de leur service, avec facult\u00e9 pour chacun d'eux\nd'agir s\u00e9par\u00e9ment et sur sa seule signature, l'\u00e9nonciation des pouvoirs ainsi conf\u00e9r\u00e9s \u00e9tant\nlimitative, est donn\u00e9e comme indiqu\u00e9 ci-dessous : \nPour la division animation du r\u00e9seau fiscal, recouvrement et contr\u00f4le :\nM Emmanuel JONDEAU, inspecteur divisionnaire, adjoint au responsable de la division\nanimation du r\u00e9seau fiscal, recouvrement et contr\u00f4le, re\u00e7oit d\u00e9l\u00e9gation sp\u00e9ciale de signature\npour  signer  les  pi\u00e8ces  ou  documents  relatifs  aux  attributions  de  sa  division  en  cas\nd'emp\u00eachement ou d'absence de M. Eric BOURSON.\nMission fonci\u00e8re et patrimoniale et assiette de l'imp\u00f4t  \nM St\u00e9phane MOLLARD, inspecteur des finances publiques re\u00e7oit d\u00e9l\u00e9gation pour signer\ntous accus\u00e9s de r\u00e9ception, transmissions de documents, attestations et d\u00e9clarations relatives\nau service de la mission fonci\u00e8re et patrimoniale et \u00e0 l'assiette de l'imp\u00f4t.\nFiscalit\u00e9 des particuliers     ( recouvrement amiable) et service liaison recouvrement  \nM St\u00e9phane CUSEY, inspecteur des finances publiques, re\u00e7oit d\u00e9l\u00e9gation pour signer les\naccus\u00e9s de r\u00e9ception, transmissions de documents, attestations et d\u00e9clarations relatives au\nservice.\nContentieux du recouvrement et recouvrement forc\u00e9\nMme  Maud  POURCELOT et  Mme  Carine  AUBERTIN  inspectrices  des  finances\npubliques, re\u00e7oivent d\u00e9l\u00e9gation pour signer tous accus\u00e9s de r\u00e9ception, transmissions de\ndocuments,  attestations  et  d\u00e9clarations  relatives  au  recouvrement  fiscal  et  \u00e0  son\ncontentieux.\nArticle 3 :  La pr\u00e9sente d\u00e9cision sera publi\u00e9e au recueil des actes administratifs du\nd\u00e9partement de la C\u00f4te-d'Or.\nFait \u00e0 Dijon, le 16 septembre 2024\n H\u00e9l\u00e8ne CROCQUEVIEILLE\nDRFiP Bourgogne Franche-Comt\u00e9 - 21-2024-09-16-00001 - D\u00e9l\u00e9gation sp\u00e9ciale de signature pour le p\u00f4le gestion fiscale DRFIP 21  \n16.09.2024 49\nDRFiP Bourgogne Franche-Comt\u00e9\n21-2024-09-16-00007\nD\u00e9signation conciliateur fiscal DRFIP 21\n16-09-2024\nDRFiP Bourgogne Franche-Comt\u00e9 - 21-2024-09-16-00007 - D\u00e9signation conciliateur fiscal DRFIP 21 16-09-2024 50\nREPUBLIQUEFRANCAISELibert\u00e9Egalit\u00e9Fraternit\u00e9\nTFINANCES PUBLIQUES\nDIRECTION G\u00c9N\u00c9RALE DES FINANCES PUBLIQUES \nDIRECTION R\u00c9GIONALE DES FINANCES PUBLIQUES DE BOURGOGNE- FRANCHE-\nCOMT\u00c9 ET DU D\u00c9PARTEMENT DE LA C\u00d4TE-D'OR\nD\u00e9signation du conciliateur fiscal\nL'administratrice g\u00e9n\u00e9rale de l'Etat, directrice r\u00e9gionale des finances publiques de Bourgogne-\nFranche-Comt\u00e9 et du d\u00e9partement de la C\u00f4te-d'Or\nD\u00c9CIDE :\nArticle 1 : M. \u00c9tienne LEPAGE, administrateur de l'Etat, directeur du p\u00f4le gestion fiscale, est d\u00e9sign\u00e9\nconciliateur fiscal du d\u00e9partement de la C\u00f4te-d'Or.\nArticle 2 : Sont d\u00e9sign\u00e9s conciliateurs fiscaux adjoints : \n- M. Alain BOULEY, administrateur des finances publiques adjoint, responsable de la division des\naffaires juridiques et du contentieux.\n- M. Eric BOURSON, administrateur des finances publiques adjoint, responsable de la division des\nde l'animation du r\u00e9seau fiscal, du recouvrement et du contr\u00f4le\nArticle 3 : Le pr\u00e9sent arr\u00eat\u00e9 sera publi\u00e9 au recueil des actes administratifs du d\u00e9partement de la C\u00f4te-\nd'Or. \nFait \u00e0 Dijon, le 16 septembre 2024\nH\u00e9l\u00e8ne CROCQUEVIEILLE\nDRFiP Bourgogne Franche-Comt\u00e9 - 21-2024-09-16-00007 - D\u00e9signation conciliateur fiscal DRFIP 21 16-09-2024 51\nPr\u00e9fecture de la C\u00f4te-d'Or\n21-2024-09-10-00003\nArr\u00eat\u00e9 pr\u00e9fectoral n\u00b01435 du 10 septembre 2024\nportant composition de la commission\nd'organisation des \u00e9lections au tribunal de\ncommerce de DIJON\nPr\u00e9fecture de la C\u00f4te-d'Or - 21-2024-09-10-00003 - Arr\u00eat\u00e9 pr\u00e9fectoral n\u00b01435 du 10 septembre 2024 portant composition de la\ncommission d'organisation des \u00e9lections au tribunal de commerce de DIJON 52\nExPREFETDE LACOTE-D'ORLibert\u00e9Egalit\u00e9Fraternit\u00e9\nDirection des collectivit\u00e9s locales et des \u00e9lections\nAffaire suivie par Eric FINOT                                            Dijon, le 10 septembre 2024                        \nBureau des \u00e9lections et de la r\u00e9glementation\nT\u00e9l : 03 80 44 65 43\nm\u00e9l : e  ric.finot  @cote-dor.gouv.fr  \nArr\u00eat\u00e9 N\u00b0 1435\nportant composition de la commission d'organisation de l'\u00e9lection des juges au tribunal de commerce de Dijon\nLe pr\u00e9fet de la r\u00e9gion Bourgogne-Franche-Comt\u00e9\nPr\u00e9fet de la C\u00f4te-d'Or\nVU les articles L.723-13 et R.723-8 du Code de Commerce ;\nVU l'arr\u00eat\u00e9 pr\u00e9fectoral n\u00b0 1342 du 26 ao\u00fbt 2024 relatif \u00e0 l'\u00e9lection des juges au tribunal de commerce de Dijon et\nportant convocation des \u00e9lecteurs;\nVU l'ordonnance de la premi\u00e8re pr\u00e9sidente de la Cour d'appel de Dijon du 5 septembre 2024 ;\nSUR proposition de M. le Secr\u00e9taire G\u00e9n\u00e9ral de la Pr\u00e9fecture de la C\u00f4te-d'Or ;\nA R R E T E\nArticle 1er : La composition de la commission d'organisation de l'\u00e9lection des juges au tribunal de commerce de\nDijon pour le premier tour de scrutin est compos\u00e9e de :\nPr\u00e9sident : Madame Nathalie POUX, pr\u00e9sidente du tribunal judiciaire de Dijon.\nS  uppl\u00e9ante   : Madame Catherine PERTUISOT, premi\u00e8re vice-pr\u00e9sidente du tribunal judiciaire\nde Dijon.\nMembres : \nMadame  Aude RICHARD,  vice-pr\u00e9sidente  du tribunal judiciaire  de Dijon  qui pourra  \u00eatre\nsuppl\u00e9\u00e9e par Madame Laetitia TOSELLI, vice-pr\u00e9sidente du tribunal judiciaire de Dijon.\nMadame Claire BROUSSE chef du bureau des \u00e9lections et de la r\u00e9glementation qui pourra\n\u00eatre suppl\u00e9\u00e9e par Madame Delphine HORNY adjointe au chef du bureau des \u00e9lections et de\nla r\u00e9glementation.\nSecr\u00e9taire: Ma\u00eetre Emmanuelle PAILL\u00c9, greffi\u00e8re associ\u00e9e du tribunal de commerce de Dijon.\nLa commission proc\u00e9dera au d\u00e9pouillement des votes au tribunal de commerce de Dijon - salle de r\u00e9union au\n2\u00e9me \u00e9tage - le vendredi 11 octobre 2024 \u00e0 14 h 30.\nPr\u00e9fecture de la C\u00f4te-d'Or - 21041 DIJON Cedex\nT\u00e9l\u00e9phone : 03.80.44.65.43 \npref-elections@cote-dor.gouv.fr\nPr\u00e9fecture de la C\u00f4te-d'Or - 21-2024-09-10-00003 - Arr\u00eat\u00e9 pr\u00e9fectoral n\u00b01435 du 10 septembre 2024 portant composition de la\ncommission d'organisation des \u00e9lections au tribunal de commerce de DIJON 53\nArticle 2 : Dans l'\u00e9ventualit\u00e9 d'un second tour, la commission d'organisation de l'\u00e9lection des juges au tribunal de\ncommerce de Dijon, proc\u00e9dera au d\u00e9pouillement des votes au tribunal de commerce de Dijon - salle de r\u00e9union\nau 2\u00e9me \u00e9tage - le jeudi 24 octobre 2024 \u00e0 14 h 30 dans la formation suivante:\nPr\u00e9sident : Madame Nathalie POUX, pr\u00e9sidente du tribunal judiciaire de Dijon.\nSuppl\u00e9ante : Madame Chlo\u00e9 GARNIER, vice-pr\u00e9sidente du tribunal judiciaire de Dijon.\nMembres : \nMadame  Aude RICHARD,  vice-pr\u00e9sidente  du tribunal judiciaire  de Dijon  qui pourra  \u00eatre\nsuppl\u00e9\u00e9e par Monsieur Nicolas BOLLON, vice-pr\u00e9sident du tribunal judiciaire de Dijon.\nMadame Claire BROUSSE chef du bureau des \u00e9lections et de la r\u00e9glementation qui pourra\n\u00eatre suppl\u00e9\u00e9e par Madame Delphine HORNY adjointe au chef du bureau des \u00e9lections et de\nla r\u00e9glementation.\nSecr\u00e9taire: Ma\u00eetre Emmanuelle PAILL\u00c9, greffi\u00e8re associ\u00e9e du tribunal de commerce de Dijon.\nArticle 3 : Le Secr\u00e9taire G\u00e9n\u00e9ral de la Pr\u00e9fecture de la C\u00f4te d'Or est charg\u00e9 de l'ex\u00e9cution du pr\u00e9sent arr\u00eat\u00e9 qui\nsera publi\u00e9 au Recueil des Actes Administratifs de la Pr\u00e9fecture de la C\u00f4te d'Or.\nLe pr\u00e9fet,\nPour le pr\u00e9fet et par d\u00e9l\u00e9gation\nLe secr\u00e9taire g\u00e9n\u00e9ral,\nSign\u00e9 : Johann MOUGENOT\nPr\u00e9fecture de la C\u00f4te-d'Or - 21041 DIJON Cedex\nT\u00e9l\u00e9phone : 03.80.44.65.43 \npref-elections@cote-dor.gouv.fr\nPr\u00e9fecture de la C\u00f4te-d'Or - 21-2024-09-10-00003 - Arr\u00eat\u00e9 pr\u00e9fectoral n\u00b01435 du 10 septembre 2024 portant composition de la\ncommission d'organisation des \u00e9lections au tribunal de commerce de DIJON 54\nPr\u00e9fecture de la C\u00f4te-d'Or\nDirection de la coordination, des politiques\npubliques et de l'appui territorial\n21-2024-09-18-00001\nArr\u00eat\u00e9 pr\u00e9fectoral n\u00b0 1484 du 18 septembre 2024\ninstituant la commission d\u00e9partementale\nd'am\u00e9nagement commercial (CDAC) de la\nC\u00f4te-d'Or\nPr\u00e9fecture de la C\u00f4te-d'Or - 21-2024-09-18-00001 - Arr\u00eat\u00e9 pr\u00e9fectoral n\u00b0 1484 du 18 septembre 2024 instituant la commission\nd\u00e9partementale d'am\u00e9nagement commercial (CDAC) de la C\u00f4te-d'Or 55\nPREFETDE LACOTE-D'ORLibert\u00e9\u00c9galit\u00e9Fraternit\u00e9\nSECR\u00c9TARIAT G\u00c9N\u00c9RAL\nDirection de la coordination des politiques publiques\net de l'appui territorial\nP\u00f4le environnement et urbanisme\nArr\u00eat\u00e9 pr\u00e9fectoral n\u00b0 1484 du 18 septembre 2024\ninstituant la commission d\u00e9partementale d'am\u00e9nagement commercial (CDAC) de la C\u00f4te-\nd'Or\nLe pr\u00e9fet de la C\u00f4te-d'Or,\nVu le code du commerce, notamment ses articles L.751-1 et suivants, ainsi que R.751-1 et\nsuivants ;\nVu le code g\u00e9n\u00e9ral des collectivit\u00e9s territoriales, notamment ses articles L.  2122-17 , L. 2122-\n18, L. 3221-3, L. 3221-7 , L.4231-3, L.4231-5, L.5211-2, L.5211-9 et L.5711-1 ;\nVu le code des relations entre le public et l'administration, notamment son article R.133-4 ;\nVu l'arr\u00eat\u00e9 pr\u00e9fectoral n\u00b0 501 du 24 avril 2021 portant renouvellement de la composition\nde la commission d\u00e9partementale d'am\u00e9nagement commercial de la C\u00f4te-d'Or ;\nVu l'arr\u00eat de la Cour de Justice de l'Union Europ\u00e9enne du 15 juillet 2021 (C-325/20) ;\nVu la d\u00e9cision du Conseil d'\u00c9tat n\u00b0 431724 du 22 novembre 2021 ;\nVu  l'instruction  du  Gouvernement  du  28  janvier  2022  sur  le  recours  \u00e0  l'expertise  des\nrepr\u00e9sentants des chambres consulaires en mati\u00e8re d'am\u00e9nagement commercial ;\nVu la proposition de repr\u00e9sentants des maires et de repr\u00e9sentants des intercommunalit\u00e9s\nenvoy\u00e9e conjointement par les associations \u00ab  Association des maires de la C\u00f4te-d'Or  \u00bb\n(AMF 21) et \u00ab Association des maires ruraux de France de la C\u00f4te-d'Or \u00bb (AMRF 21), re\u00e7ue le\n10 juillet 2024 et compl\u00e9t\u00e9e le 06 septembre 2024 ;\nVu les acceptations de Mme Catherine BAUMONT, re\u00e7ue le 16 f\u00e9vrier 2024, de M.  Philippe\nJUEN, re\u00e7ue le 18 f\u00e9vrier 2024, de Mme Katharina SCHONE, re\u00e7ue le 20 f\u00e9vrier 2024, de\nMme  Val\u00e9rie  FACCHINETTI-MANNONE,  re\u00e7ue  le  05  mars  2024,  de  M.  Jean-Fran\u00e7ois\nNOTEBAERT, re\u00e7ue le 14 mars 2024, de M. Francis AUBERT, re\u00e7ue le 15 mars 2024, de Mme\nAline  MONTAGNAC,  re\u00e7ue  le  15  mars  2024,  contact\u00e9s  pour  si\u00e9ger  en  tant  que\npersonnalit\u00e9s  qualifi\u00e9es  au  sein  de  la  commission  d\u00e9partementale  d'am\u00e9nagement\ncommercial de la C\u00f4te-d'Or ;\nVu  la  proposition  d'une  personnalit\u00e9  qualifi\u00e9e  envoy\u00e9e  par  l'association  \u00ab Conseil\nd'Architecture d'Urbanisme et de l'Environnement de la C\u00f4te-d'Or  \u00bb (CAUE 21), re\u00e7ue le\n21  f\u00e9vrier 2024 ;\nVu  la proposition d'une personnalit\u00e9 qualifi\u00e9e envoy\u00e9e par l'association \u00ab  Force Ouvri\u00e8re\nConsommateurs de la C\u00f4te-d'Or \u00bb (AFOC 21), re\u00e7ue le du 26 f\u00e9vrier 2024 ;\nVu  la proposition de personnalit\u00e9s qualifi\u00e9es envoy\u00e9e par l'association \u00ab  Conf\u00e9d\u00e9ration\nNationale du Logement de la C\u00f4te-d'Or \u00bb (CNL 21), re\u00e7ue le 1er  mars 2024 ;\nVu la proposition d'une personnalit\u00e9 qualifi\u00e9e envoy\u00e9e par l'association \u00ab  Consommation\nLogement Cadre de Vie de la C\u00f4te-d'Or \u00bb (CLCV 21), re\u00e7ue le 19 mars 2024 ;\n1/6\nPr\u00e9fecture de la C\u00f4te-d'Or - 21-2024-09-18-00001 - Arr\u00eat\u00e9 pr\u00e9fectoral n\u00b0 1484 du 18 septembre 2024 instituant la commission\nd\u00e9partementale d'am\u00e9nagement commercial (CDAC) de la C\u00f4te-d'Or 56\nVu  la  proposition  de  personnalit\u00e9s  qualifi\u00e9es  envoy\u00e9e  par  l'association  \u00ab  Union\nd\u00e9partementale de la Conf\u00e9d\u00e9ration Syndicale des Familles de C\u00f4te-d'Or  \u00bb (UD CSF 21),\nre\u00e7ue le 16 avril 2024 ;\nVu  la  proposition  d'une  personnalit\u00e9  qualifi\u00e9e  envoy\u00e9e  par  la  soci\u00e9t\u00e9  publique  locale\n\u00ab Agence  \u00e9conomique  r\u00e9gionale  de  Bourgogne-Franche-Comt\u00e9 \u00bb  (AER  BFC),  re\u00e7ue  le\n16 avril 2024 ;\nVu  la  proposition  d'une  personnalit\u00e9  qualifi\u00e9e  envoy\u00e9e  par  l'association  \u00ab F\u00e9d\u00e9ration\nFran\u00e7aise du Paysage Auvergne Rh\u00f4ne-Alpes Bourgogne Franche-Comt\u00e9  \u00bb (FFP AURA-BFC),\nre\u00e7ue le 29 mai 2024 ;\nVu la proposition d'une personnalit\u00e9 qualifi\u00e9e envoy\u00e9e par la chambre d'agriculture de la\nC\u00f4te-d'Or, re\u00e7ue le 30 mai 2024 ;\nVu  la proposition de personnalit\u00e9s qualifi\u00e9es envoy\u00e9e par l'association \u00ab  Union F\u00e9d\u00e9rale\ndes  Consommateurs-Que  Choisir  de  la  C\u00f4te-d'Or \u00bb  (UFC-Que  Choisir  21),  re\u00e7ue  le\n1er juin 2024 ;\nVu  la proposition d'une personnalit\u00e9 qualifi\u00e9e envoy\u00e9e par l'association \u00ab  France Nature\nEnvironnement de la C\u00f4te-d'Or \u00bb (FNE 21), re\u00e7ue le 17 juin 2024 ;\nConsid\u00e9rant que  les  mandats  des  repr\u00e9sentants  des  maires,  des  repr\u00e9sentants  des\nintercommunalit\u00e9s et des personnalit\u00e9s qualifi\u00e9es d\u00e9sign\u00e9s dans l'arr\u00eat\u00e9 pr\u00e9fectoral susvis\u00e9\ndu  24  avril  2021  sont  arriv\u00e9s  \u00e0  expiration  et  qu'il  convient  par  cons\u00e9quent  de  les\nrenouveler ;\nConsid\u00e9rant que l'arr\u00eat de la Cour de Justice de l'Union Europ\u00e9enne du 15 juillet 2021\nsusvis\u00e9 et la d\u00e9cision du Conseil d'\u00c9tat du 22 novembre 2021 susvis\u00e9e ont respectivement\njug\u00e9 les dispositions de l'article L. 751-2 du code du commerce et de l'article R. 751-1 du\nm\u00eame  code  qui  instituent  au  sein  des  commissions  d\u00e9partementales  d'am\u00e9nagement\ncommercial  des  personnalit\u00e9s  qualifi\u00e9es  d\u00e9sign\u00e9es  par  la  chambre  de  commerce  et\nd'industrie et par la chambre des m\u00e9tiers  et de l'artisanat,  comme \u00e9tant contraires \u00e0\nl'article 14, point 6, de la directive 2006/123/CE du Parlement europ\u00e9en et du  Conseil\neurop\u00e9en du 12 d\u00e9cembre 2006 relative aux services dans le march\u00e9 int\u00e9rieur ;\nConsid\u00e9rant par  cons\u00e9quent qu'en vertu du  principe de primaut\u00e9 du  droit  de l'Union\neurop\u00e9enne et conform\u00e9ment \u00e0 l'instruction gouvernementale du 28 janvier 2022 susvis\u00e9e,\nil convient de retirer de la composition de la commission d\u00e9partementale d'am\u00e9nagement\ncommercial la personnalit\u00e9 qualifi\u00e9e d\u00e9sign\u00e9e par la chambre de commerce et d'industrie,\nainsi que la personnalit\u00e9 qualifi\u00e9e d\u00e9sign\u00e9e par la chambre des m\u00e9tiers et de l'artisanat ;\nSur proposition du secr\u00e9taire g\u00e9n\u00e9ral de la pr\u00e9fecture de la C\u00f4te-d'Or,\nARRETE\nArticle 1er : La commission d\u00e9partementale d'am\u00e9nagement commercial (CDAC) de la C\u00f4te-\nd'Or, pr\u00e9sid\u00e9e par le pr\u00e9fet ou son repr\u00e9sentant, est compos\u00e9e comme suit :\n1\u00b0 Des sept \u00e9lus suivants :\na) Le maire de la commune d'implantation ou son repr\u00e9sentant ;\nb) Le pr\u00e9sident de l'\u00e9tablissement public de coop\u00e9ration intercommunale \u00e0 fiscalit\u00e9 propre\ndont est membre la commune d'implantation ou son repr\u00e9sentant ;\n2/6\nPr\u00e9fecture de la C\u00f4te-d'Or - 21-2024-09-18-00001 - Arr\u00eat\u00e9 pr\u00e9fectoral n\u00b0 1484 du 18 septembre 2024 instituant la commission\nd\u00e9partementale d'am\u00e9nagement commercial (CDAC) de la C\u00f4te-d'Or 57\nc) Le  pr\u00e9sident  du  syndicat  mixte  ou  de  l'\u00e9tablissement  public  de  coop\u00e9ration\nintercommunale mentionn\u00e9 \u00e0 l'article L. 143-16 du code de l'urbanisme charg\u00e9 du sch\u00e9ma de\ncoh\u00e9rence territoriale dans le p\u00e9rim\u00e8tre duquel est situ\u00e9e la commune d'implantation ou son\nrepr\u00e9sentant ou, \u00e0 d\u00e9faut, le maire de la commune la plus peupl\u00e9e de l'arrondissement ou\nson repr\u00e9sentant ou, \u00e0 d\u00e9faut, un membre du conseil d\u00e9partemental ;\nd) Le pr\u00e9sident du conseil d\u00e9partemental ou son repr\u00e9sentant ;\ne) La pr\u00e9sidente du conseil r\u00e9gional ou son repr\u00e9sentant ;\nf) Un membre repr\u00e9sentant  les  maires  au niveau d\u00e9partemental,  parmi les  repr\u00e9sentants\nsuivants :\n- Mme Nadjoua BELHADEF, treizi\u00e8me adjointe au maire de Dijon ;\n- M. Nicolas BOURNY, maire de Magny-sur-Tille ;\n- M. Pierre JOBARD, maire de Varois-et-Chaignot ;\ng) Un  membre  repr\u00e9sentant  les  intercommunalit\u00e9s  au  niveau  d\u00e9partemental,  parmi  les\nrepr\u00e9sentants suivants :\n- Mme  Marie-Claire  BONNET-VALLET,  pr\u00e9sidente  de  la  communaut\u00e9  de  communes\nAuxonne Pontailler Val de Sa\u00f4ne ;\n- M. Pascal GRAPPIN, pr\u00e9sident de la communaut\u00e9 de communes  Gevrey-Chambertin\net Nuits-Saint-George ;\n- Mme Danielle JUBAN, douzi\u00e8me vice-pr\u00e9sidente de Dijon M\u00e9tropole.\nLorsque l'un des \u00e9lus d\u00e9tient plusieurs mandats mentionn\u00e9s aux a \u00e0 g du pr\u00e9sent 1\u00b0, il ne si\u00e8ge\nqu'au titre de l'un de ses mandats. Le cas \u00e9ch\u00e9ant, le ou les organes d\u00e9lib\u00e9rants dont il est\nissu d\u00e9signent son rempla\u00e7ant pour chacun des mandats au titre desquels il ne peut si\u00e9ger.\nLes \u00e9lus mentionn\u00e9s aux a \u00e0 e du pr\u00e9sent 1\u00b0 ne peuvent \u00eatre repr\u00e9sent\u00e9s que par un membre\nde l'organe d\u00e9lib\u00e9rant qu'ils pr\u00e9sident.\nLes repr\u00e9sentants mentionn\u00e9s aux f et g du pr\u00e9sent 1\u00b0 exercent un mandat de trois ans,\nrenouvelable une fois. Leur mandat prend fin d\u00e8s que cesse leur mandat d'\u00e9lu ou en cas de\nd\u00e9c\u00e8s ou de d\u00e9mission. Leur rempla\u00e7ant est d\u00e9sign\u00e9 dans les m\u00eames conditions, pour la\ndur\u00e9e du mandat restant \u00e0 courir.\n2\u00b0 Des quatre personnalit\u00e9s qualifi\u00e9es suivantes :\na) Deux  en  mati\u00e8re  de  consommation  et  de  protection  des  consommateurs,  parmi  les\nmembres suivants :\n- M. David DEMEY (CLCV 21) ;\n- M. Yves GROSPRETRE (CNL 21) ;\n- M. Emmanuel JASPART (UD CSF 21) ;\n- M. Pierre MAILLARD (CNL 21) ;\n- Mme Odette MAIREY (UFC-Que Choisir 21) ;\n- Mme Pascale MASSON (CNL 21) ;\n- M. Aymerit MAYELLA MOHAMED LAMINE (UD CSF 21) ;\n3/6\nPr\u00e9fecture de la C\u00f4te-d'Or - 21-2024-09-18-00001 - Arr\u00eat\u00e9 pr\u00e9fectoral n\u00b0 1484 du 18 septembre 2024 instituant la commission\nd\u00e9partementale d'am\u00e9nagement commercial (CDAC) de la C\u00f4te-d'Or 58\n- M. Robert MONNERET (CNL 21) ;\n- M. Christian MULLER (AFOC 21) ;\n- M. Jean-Fran\u00e7ois NOTEBAERT (professeur des universit\u00e9s en science de gestion) ;\n- M. Hugo THUILLIER (AER BFC).\nb) Deux en mati\u00e8re de d\u00e9veloppement durable et d'am\u00e9nagement du territoire, parmi les\nmembres suivants :\n- d\u00e9veloppement durable :\n- Mme Catherine BAUMONT (professeur des universit\u00e9s en sciences \u00e9conomiques) ;\n- M. Hassan DJAMA IDLEH (UD CSF 21) ;\n- Mme Val\u00e9rie FACCHINETTI-MANNONE (ma\u00eetre de conf\u00e9rences en g\u00e9ographie) ;\n- M. Pierre GUILLE (UFC-Que Choisir 21) ;\n- Mme Loubna HAEY (UD CSF 21) ;\n- M. Xavier HOCHART (CAUE 21) ;\n- M. Philippe JUEN (ma\u00eetre de conf\u00e9rences en droit public) ;\n- Mme Odile LOURS (UD CSF 21) ;\n- M. Beno\u00eet MARTINEAU (FFP AURA-BFC) ;\n- M. Jean-Fran\u00e7ois NOTEBAERT (professeur des universit\u00e9s en science de gestion) ;\n- M. Bernard PERETTE (FNE 21) ;\n- Mme Katharine SCHONE (ma\u00eetre de conf\u00e9rences en sciences \u00e9conomiques) ;\n- am\u00e9nagement du territoire :\n- Mme Ang\u00e8le APPEDO (UD CSF 21) ;\n- M. Francis AUBERT (professeur d'\u00e9conomie \u00e9m\u00e9rite) ;\n- Mme Catherine BAUMONT (professeur des universit\u00e9s en sciences \u00e9conomiques) ;\n- M. Hassan DJAMA IDLEH (UD CSF 21) ;\n- Mme Val\u00e9rie FACCHINETTI-MANNONE (ma\u00eetre de conf\u00e9rences en g\u00e9ographie) ;\n- M. Xavier HOCHART (CAUE 21) ;\n- M. Philippe JUEN (ma\u00eetre de conf\u00e9rence en droit public) ;\n- Mme Odette MAIREY (UFC-Que Choisir 21) ;\n- M. Beno\u00eet MARTINEAU (FFP AURA-BFC) ;\n- Mme Aline MONTAGNAC (ma\u00eetre de conf\u00e9rences en sciences de gestion) ;\n- Mme Amal NAZHARI (UD CSF 21) ;\n- M. Jean-Fran\u00e7ois NOTEBAERT (professeur des universit\u00e9s en sciences de gestion) ;\n- Mme Katharine SCHONE (ma\u00eetre de conf\u00e9rences en sciences \u00e9conomiques) ;\n4/6\nPr\u00e9fecture de la C\u00f4te-d'Or - 21-2024-09-18-00001 - Arr\u00eat\u00e9 pr\u00e9fectoral n\u00b0 1484 du 18 septembre 2024 instituant la commission\nd\u00e9partementale d'am\u00e9nagement commercial (CDAC) de la C\u00f4te-d'Or 59\n- M. Hugo THUILLIER (AER BFC).\nLes personnalit\u00e9s qualifi\u00e9es mentionn\u00e9es au pr\u00e9sent 2\u00b0 exercent un mandat de trois ans,\nrenouvelable. Si ces personnalit\u00e9s qualifi\u00e9es perdent la qualit\u00e9 en vertu de laquelle elles ont\n\u00e9t\u00e9 d\u00e9sign\u00e9es, ou en cas de d\u00e9mission, de d\u00e9c\u00e8s ou de d\u00e9m\u00e9nagement hors des fronti\u00e8res du\nd\u00e9partement, leur rempla\u00e7ant est d\u00e9sign\u00e9, sans d\u00e9lai, pour la dur\u00e9e du mandat restant \u00e0\ncourir.\n3\u00b0 De la personnalit\u00e9 qualifi\u00e9e suivante, d\u00e9sign\u00e9e par la chambre d'agriculture :\n- M. Simon GEVREY.\nLa  personnalit\u00e9  qualifi\u00e9e  mentionn\u00e9e  au  pr\u00e9sent  3\u00b0  pr\u00e9sente  l'avis  de  la  chambre\nd'agriculture lorsque le projet d'implantation commerciale consomme des terres agricoles.\nElle ne prend pas part au vote et n'est pas prise en compte dans le calcul du quorum fix\u00e9 \u00e0\nl'article 3 du pr\u00e9sent arr\u00eat\u00e9. Elle exerce un mandat de trois ans, renouvelable. Si elle perd la\nqualit\u00e9 en vertu de laquelle elle a \u00e9t\u00e9 d\u00e9sign\u00e9e, ou en cas de d\u00e9mission, de d\u00e9c\u00e8s ou de\nd\u00e9m\u00e9nagement hors des fronti\u00e8res du d\u00e9partement, son rempla\u00e7ant est d\u00e9sign\u00e9 sans d\u00e9lai,\npour la dur\u00e9e du mandat restant \u00e0 courir.\nArticle  2 : Lorsqu'un  projet  est  envisag\u00e9  sur  le  territoire  de  plusieurs  communes,  est\nconsid\u00e9r\u00e9e comme la commune d'implantation la commune sur le territoire de laquelle est\npr\u00e9vue la construction ou la modification des surfaces de vente les plus importantes.\nArticle 3  : Pour chaque demande d'autorisation d'exploitation commerciale, la commission\nd\u00e9partementale d'am\u00e9nagement commercial est constitu\u00e9e et d\u00e9lib\u00e8re dans les conditions\nsuivantes :\n1\u00b0 Un arr\u00eat\u00e9 pr\u00e9fectoral fixe la composition de la commission en application du pr\u00e9sent\narr\u00eat\u00e9.\n2\u00b0 Tout  membre  de  la  commission  informe  le  pr\u00e9fet  des  int\u00e9r\u00eats  qu'il  d\u00e9tient  et  de  la\nfonction qu'il exerce dans une activit\u00e9 \u00e9conomique, aucun membre ne pouvant d\u00e9lib\u00e9rer\ndans une affaire o\u00f9 il a un int\u00e9r\u00eat personnel ou s'il repr\u00e9sente ou a repr\u00e9sent\u00e9 une ou des\nparties.\nPour ce faire, tout membre de la commission, m\u00eame sans droit de vote, remplit un formulaire\nrelatif aux fonctions et mandats qu'il exerce, \u00e0 ceux qu'il a exerc\u00e9s dans les trois ann\u00e9es\npr\u00e9c\u00e9dant sa d\u00e9signation, ainsi qu'\u00e0 ses int\u00e9r\u00eats au cours de cette m\u00eame p\u00e9riode.\nAucun membre, m\u00eame sans droit de vote, ne peut si\u00e9ger s'il n'a remis au pr\u00e9sident de la\ncommission ce formulaire d\u00fbment rempli ou s'il a omis de mentionner des int\u00e9r\u00eats, fonctions\nou mandats.\n3\u00b0  La  commission  ne  peut  d\u00e9lib\u00e9rer  que  si  au  moins  la  majorit\u00e9  de  ses  membres  sont\npr\u00e9sents. Si ce quorum n'est pas atteint, une seconde r\u00e9union est convoqu\u00e9e. La commission\nse  r\u00e9unit  au  minimum  trois  jours  apr\u00e8s  la  date  d'envoi  de  la  seconde  convocation.  La\ncommission ne peut d\u00e9lib\u00e9rer qu'en pr\u00e9sence d'au moins un tiers de ses membres.\nArticle 4  : Lorsque la zone de chalandise du projet d\u00e9passe les limites du d\u00e9partement de la\nC\u00f4te-d'Or, la commission comprend \u00e9galement au moins un \u00e9lu et une personnalit\u00e9 qualifi\u00e9e\n5/6\nPr\u00e9fecture de la C\u00f4te-d'Or - 21-2024-09-18-00001 - Arr\u00eat\u00e9 pr\u00e9fectoral n\u00b0 1484 du 18 septembre 2024 instituant la commission\nd\u00e9partementale d'am\u00e9nagement commercial (CDAC) de la C\u00f4te-d'Or 60\nde  chaque  autre  d\u00e9partement  concern\u00e9,  d\u00e9sign\u00e9s  par  le  pr\u00e9fet  de  la  C\u00f4te-d'Or  sur\nproposition du pr\u00e9fet de chacun des autres d\u00e9partements concern\u00e9s.\nLe pr\u00e9fet de la C\u00f4te-d'Or indique pr\u00e9alablement \u00e0 chacun de ces pr\u00e9fets le nombre d'\u00e9lus et\nde personnalit\u00e9s qualifi\u00e9es qu'il a d\u00e9termin\u00e9 pour leur d\u00e9partement respectif. Pour chacun\nde ces autres d\u00e9partements concern\u00e9s :\n- le nombre d'\u00e9lus, qui doivent \u00eatre des \u00e9lus de communes situ\u00e9es dans la zone de chalandise\ndu projet, ne peut exc\u00e9der cinq ;\n- le nombre de personnalit\u00e9s qualifi\u00e9es en mati\u00e8re de consommation et de protection des\nconsommateurs et en mati\u00e8re de d\u00e9veloppement durable et d'am\u00e9nagement du territoire,\nmentionn\u00e9es au 2\u00b0 du II de l'article L. 751-2 du code du commerce, ne peut exc\u00e9der deux ;\n- le nombre de personnalit\u00e9s qualifi\u00e9es repr\u00e9sentant le tissu \u00e9conomique, mentionn\u00e9es au 3\u00b0\ndu II de l'article L. 751-2 du m\u00eame code, ne peut exc\u00e9der deux.\nArticle 5 : Aucune personne ne peut si\u00e9ger au sein de la commission \u00e0 deux titres diff\u00e9rents.\nAucun \u00e9lu de la commune d'implantation ne peut si\u00e9ger en une autre qualit\u00e9 que celle de\nrepr\u00e9sentant de sa commune.\nAucun \u00e9lu d'une commune situ\u00e9e dans la zone de chalandise du projet ne peut si\u00e9ger en\nqualit\u00e9 de personnalit\u00e9 qualifi\u00e9e.\nArticle 6 : La commission entend le demandeur. Elle peut \u00e9galement entendre, \u00e0 son initiative\nou sur demande \u00e9crite au secr\u00e9tariat de la commission, toute personne dont l'avis pr\u00e9sente\nun int\u00e9r\u00eat pour l'examen de la demande dont elle est saisie.\nLorsqu'elle  examine  la  premi\u00e8re  demande  d'autorisation  d'exploitation  commerciale\nsollicit\u00e9e pour un projet, sauf proc\u00e9dure fix\u00e9e \u00e0 l'article L. 752-4 du code du commerce, la\ncommission entend \u00e9galement, le cas \u00e9ch\u00e9ant :\n-  la  personne  charg\u00e9e  d'animer  le  commerce  de  centre-ville  au  nom  de  la  commune\nd'implantation  ou  de  l'\u00e9tablissement  public  de  coop\u00e9ration  intercommunale  \u00e0  fiscalit\u00e9\npropre ;\n- ainsi que l'agence du commerce de la commune d'implantation ;\n- ainsi que les associations de commer\u00e7ants de la commune d'implantation et des communes\nlimitrophes  incluses  dans  la  zone  de  chalandise,  dans  la limite de  deux  associations  par\ncommune.\nArticle 7 : Les membres de la commission gardent le secret tant sur les d\u00e9lib\u00e9rations que sur\nles documents dont ils ont eu connaissance \u00e0 l'occasion de leurs fonctions. \nArticle 8 : L'arr\u00eat\u00e9 pr\u00e9fectoral du 24 avril 2021 susvis\u00e9 est abrog\u00e9.\nArticle 9  :  M. le secr\u00e9taire g\u00e9n\u00e9ral de la Pr\u00e9fecture de la C\u00f4te-d'Or est charg\u00e9 de l'ex\u00e9cution\ndu pr\u00e9sent arr\u00eat\u00e9, qui sera publi\u00e9 au recueil des actes administratifs de C\u00f4te-d'Or.\n \nFait \u00e0 Dijon, le                     \nLE PREFET,\n6/6\nPr\u00e9fecture de la C\u00f4te-d'Or - 21-2024-09-18-00001 - Arr\u00eat\u00e9 pr\u00e9fectoral n\u00b0 1484 du 18 septembre 2024 instituant la commission\nd\u00e9partementale d'am\u00e9nagement commercial (CDAC) de la C\u00f4te-d'Or 61\nPr\u00e9fecture de la C\u00f4te-d'Or\nDirection de la coordination, des politiques\npubliques et de l'appui territorial\n21-2024-09-13-00003\nArr\u00eat\u00e9 pr\u00e9fectoral n\u00b01475 du 13 septembre 2024\nportant habilitation de la SAS SAD MARKETING\nen application de l'article R752-6-3 du code du\ncommerce pour la r\u00e9alisation de l'analyse\nd'impact des projets d'am\u00e9nagement\ncommercial\nPr\u00e9fecture de la C\u00f4te-d'Or - 21-2024-09-13-00003 - Arr\u00eat\u00e9 pr\u00e9fectoral n\u00b01475 du 13 septembre 2024 portant habilitation de la SAS\nSAD MARKETING en application de l'article R752-6-3 du code du commerce pour la r\u00e9alisation de l'analyse d'impact des projets\nd'am\u00e9nagement commercial\n62\nExPREFETDE LACOTE-D'ORLibert\u00e9Egalit\u00e9Fraternit\u00e9\nDIRECTION DE LA COORDINATION DES POLITIQUES\nPUBLIQUES ET DE L'APPUI TERRITORIAL\nP\u00f4le Environnement et Urbanisme\nArr\u00eat\u00e9 pr\u00e9fectoral n\u00b0 1475 du 13 septembre 2024\nportant habilitation de la SAS SAD MARKETING en application de l'article R.752-6-3 du code\ndu commerce pour la r\u00e9alisation de l'analyse d'impact des projets d'am\u00e9nagement\ncommercial\nHabilitation n\u00b0 HAI-21-44-2024-09-13\nPr\u00e9fet de la C\u00f4te-d'Or\nVU le Code du Commerce, notamment les articles L752-6-III et R752-6-1 \u00e0 R752-6-3 ; \nVU la  loi  n\u00b0  2018-1021  du  23  novembre  2018  portant  \u00e9volution  du  logement,  de\nl'am\u00e9nagement et du num\u00e9rique, notamment son titre IV - article 163 ;\nVU le d\u00e9cret n\u00b0 2019-331 du 17 avril 2019 relatif \u00e0 la composition et au fonctionnement\ndes  commissions  d\u00e9partementales  d'am\u00e9nagement  commercial  et  aux  demandes\nd'autorisation d'exploitation commerciale ;\nVU l'arr\u00eat\u00e9  minist\u00e9riel  du  19  juin  2019  modifi\u00e9  fixant  le  contenu  du  formulaire  de\ndemande d'habilitation pour r\u00e9aliser l'analyse d'impact mentionn\u00e9e au III de l'article\nL.752-6 du code du commerce ;\nVU l'arr\u00eat\u00e9 pr\u00e9fectoral du 18 octobre 2019 habilitant la SAS SAD MARKETING pour la\nr\u00e9alisation  de  l'analyse  d'impact  des  projets  d'am\u00e9nagement  commercial  pour  une\ndur\u00e9e de 5 ans ;\nVU  la demande d'habilitation formul\u00e9e par la SAS SAD MARKETING, 26 rue Jacques\nPr\u00e9vert \u2013 59650 VILLENEUVE D'ASCQ, repr\u00e9sent\u00e9e par M. Benjamin AYNES, directeur\nassoci\u00e9, re\u00e7ue le 2 ao\u00fbt 2024, pour r\u00e9aliser l'analyse d'impact des dossiers de demande\nd'autorisation d'exploitation commerciale du d\u00e9partement de la C\u00f4te-d'Or ;\nVU le dossier produit \u00e0 l'appui de la demande susvis\u00e9e et les justificatifs joints ;\nCONSIDERANT que les extraits de casier judiciaire (bulletin n\u00b0 3) des repr\u00e9sentants\nl\u00e9gaux et des salari\u00e9s de la soci\u00e9t\u00e9 susvis\u00e9e charg\u00e9s de r\u00e9aliser les analyses d'impact sont\nvierges ;\nCONSIDERANT  que les personnes mentionn\u00e9es dans la demande d'habilitation, par\nlaquelle ou sous la responsabilit\u00e9 de laquelle seront r\u00e9alis\u00e9es les analyses d'impact sont\ntitulaires des dipl\u00f4mes requis ;\n1/2\nPr\u00e9fecture de la C\u00f4te-d'Or - 21-2024-09-13-00003 - Arr\u00eat\u00e9 pr\u00e9fectoral n\u00b01475 du 13 septembre 2024 portant habilitation de la SAS\nSAD MARKETING en application de l'article R752-6-3 du code du commerce pour la r\u00e9alisation de l'analyse d'impact des projets\nd'am\u00e9nagement commercial\n63\nCONSIDERANT que  la  soci\u00e9t\u00e9  SAD  MARKETING  dispose  des  moyens  et  outils  de\ncollecte et d'analyse des informations relatives aux effets d'un projet commercial sur\nl'animation et le d\u00e9veloppement \u00e9conomique des centres-villes des communes de la\nzone de chalandise et sur l'emploi \u00e0 l'\u00e9chelle de cette m\u00eame zone ;\nCONSIDERANT  que le pr\u00e9c\u00e9dent arr\u00eat\u00e9 pr\u00e9fectoral d'habilitation du 18 octobre 2019\nsus-vis\u00e9 est valable jusqu'au 18 octobre 2024 ;\nSUR proposition de Monsieur le secr\u00e9taire g\u00e9n\u00e9ral de la Pr\u00e9fecture de la C\u00f4te-d'Or ;\nA R R E T E\nArticle  1er :  La  soci\u00e9t\u00e9  SAD  MARKETING  sise  26  rue  Jacques  Pr\u00e9vert  \u2013  59650\nVILLENEUVE D'ASCQ, est habilit\u00e9e \u00e0 r\u00e9aliser les analyses d'impact pr\u00e9vues au III de\nl'article L.752-6 du code du commerce, pour les projets d'am\u00e9nagement commerciaux\nsitu\u00e9s dans le d\u00e9partement de la C\u00f4te-d'Or.\nArticle 2 : La pr\u00e9sente habilitation est accord\u00e9e pour une dur\u00e9e de cinq ans, \u00e0 compter\ndu 18 octobre 2024, sans renouvellement tacite. \nArticle 3 : En application du code de justice administrative et notamment des articles R.\n421-1 et R. 421-5, le pr\u00e9sent arr\u00eat\u00e9 peut, dans un d\u00e9lai de deux mois \u00e0 compter de sa\npublication, faire l'objet :\n- soit d'un recours gracieux, adress\u00e9e \u00e0 Monsieur le Pr\u00e9fet de C\u00f4te-d'Or, 53, rue de la\nPr\u00e9fecture \u2013 21041 Dijon Cedex ;\n- soit  d'un  recours  hi\u00e9rarchique,  adress\u00e9  \u00e0  Monsieur  le  Ministre  de  l'Int\u00e9rieur,  Place\nBeauvau \u2013 75008 Paris Cedex 08 ;\n- soit d'un recours contentieux, en saisissant le Tribunal administratif de Dijon, 22, rue\nd'Assas \u2013 21000 Dijon ou t\u00e9l\u00e9recours citoyen.\nLes recours doivent \u00eatre adress\u00e9s par lettre recommand\u00e9e avec accus\u00e9 de r\u00e9ception.\nArticle  4  :  M.  le  secr\u00e9taire  g\u00e9n\u00e9ral  de  la  pr\u00e9fecture  de  la  C\u00f4te-d'Or  est  charg\u00e9  de\nl'ex\u00e9cution du pr\u00e9sent arr\u00eat\u00e9, qui sera publi\u00e9 au recueil des actes administratifs de la\npr\u00e9fecture de la C\u00f4te-d'Or et notifi\u00e9 \u00e0 M. Benjamin AYNES, directeur associ\u00e9, et dont\ncopie sera adress\u00e9e \u00e0 Mme la directrice d\u00e9partementale des territoires.\nFait \u00e0 Dijon,\nLE PREFET,\nPour le pr\u00e9fet et par d\u00e9l\u00e9gation\nLe secr\u00e9taire g\u00e9n\u00e9ral\nSign\u00e9\nJohann MOUGENOT\n2/2\nPr\u00e9fecture de la C\u00f4te-d'Or - 21-2024-09-13-00003 - Arr\u00eat\u00e9 pr\u00e9fectoral n\u00b01475 du 13 septembre 2024 portant habilitation de la SAS\nSAD MARKETING en application de l'article R752-6-3 du code du commerce pour la r\u00e9alisation de l'analyse d'impact des projets\nd'am\u00e9nagement commercial\n64\nPr\u00e9fecture de la C\u00f4te-d'Or\nDirection de la coordination, des politiques\npubliques et de l'appui territorial\n21-2024-09-13-00002\nArr\u00eat\u00e9 pr\u00e9fectoral n\u00b01476 du 13 septembre 2024\nmodifiant l'arr\u00eat\u00e9 pr\u00e9fectoral n\u00b085 du 20 janvier\n2020 portant habilitation de la SAS SAD\nMARKETING en application des articles\nR752-44-2 et R752-44-3 du code du commerce\npour l'\u00e9tablissement des certificats de\nconformit\u00e9 des projets d'am\u00e9nagement\ncommerciaux\nPr\u00e9fecture de la C\u00f4te-d'Or - 21-2024-09-13-00002 - Arr\u00eat\u00e9 pr\u00e9fectoral n\u00b01476 du 13 septembre 2024 modifiant l'arr\u00eat\u00e9 pr\u00e9fectoral\nn\u00b085 du 20 janvier 2020 portant habilitation de la SAS SAD MARKETING en application des articles R752-44-2 et R752-44-3 du code\ndu commerce pour l'\u00e9tablissement des certificats de conformit\u00e9 des projets d'am\u00e9nagement commerciaux\n65\nExPREFETDE LACOTE-D'ORLibert\u00e9Egalit\u00e9Fraternit\u00e9\nDirection de la coordination des politiques publiques\net de l'appui territorial\nP\u00f4le Environnement et Urbanisme\nArr\u00eat\u00e9 pr\u00e9fectoral n\u00b0 1476 du 13 septembre 2024\nmodifiant l'arr\u00eat\u00e9 pr\u00e9fectoral n\u00b0 85 du 20 janvier 2020 portant habilitation de la SAS SAD\nMARKETING en application des articles R.752-44-2 et R752-44-3 du code du commerce pour\nl'\u00e9tablissement des certificats de conformit\u00e9 des projets d'am\u00e9nagement commerciaux\nHabilitation n\u00b0 HCC-21-03-2020-01-17\nPr\u00e9fet de la C\u00f4te-d'Or\nVu le code du commerce, notamment ses articles L.752-6 et L.752-23, R.752-6-1 \u00e0 R.752-6-3,\nR.752-44 \u00e0 R.752-44-13, A.752-1 et A.752-2 ;\nVu l'arr\u00eat\u00e9  pr\u00e9fectoral  n\u00b0  85  du  20  janvier  2020  portant  habilitation  de  la  SAS  SAD\nMARKETING en application des articles R.752-44-2 et R752-44-3 du code du commerce\npour  l'\u00e9tablissement  des  certificats  de  conformit\u00e9  des  projets  d'am\u00e9nagement\ncommerciaux ;\nVu la demande de mise \u00e0 jour de son habilitation dans le d\u00e9partement de la C\u00f4te-d'Or en\nmati\u00e8re de r\u00e9alisation de certificats de conformit\u00e9 formul\u00e9e par la SAS SAD MARKETING,\nrepr\u00e9sent\u00e9e par M. Benjamin AYNES, directeur associ\u00e9, re\u00e7ue le 2 ao\u00fbt 2024, au titre du\nchangement  d'adresse  du  si\u00e8ge  social  de  ladite  soci\u00e9t\u00e9,  de  repr\u00e9sentant  l\u00e9gal  et  des\npersonnes affect\u00e9es \u00e0 l'activit\u00e9 faisant l'objet de la demande d'habilitation ;\nVu les  pi\u00e8ces  justificatives  re\u00e7ues  le  2  ao\u00fbt  2024,  produites  \u00e0  l'appui  de  la  demande\nsusvis\u00e9e ;\nConsid\u00e9rant que le si\u00e8ge social de la SAS SAD MARKETING, auparavant sis au 23 rue de la\nPerformance  59650  VILLENEUVE-D'ASCQ,  est  d\u00e9sormais  sis  au  26  rue  Jacques  Pr\u00e9vert\n59650 VILLENEUVE-D'ASCQ et que le repr\u00e9sentant l\u00e9gal est d\u00e9sormais M. Benjamin AYNES\nen remplacement de M. Gonzague HANNEBICQUE ;\nConsid\u00e9rant la n\u00e9cessit\u00e9 de mettre \u00e0 jour le nom du repr\u00e9sentant l\u00e9gal ainsi que l'adresse\ndu si\u00e8ge social de la SAS SAD MARKETING mentionn\u00e9s dans l'arr\u00eat\u00e9 du 20 janvier 2020\nsusvis\u00e9  par  lequel  ladite  soci\u00e9t\u00e9  est  habilit\u00e9e  jusqu'au  20  janvier  2025  \u00e0  r\u00e9aliser  des\ncertificats de conformit\u00e9 ;\nSur proposition du secr\u00e9taire g\u00e9n\u00e9ral de la pr\u00e9fecture de la C\u00f4te-d'Or,\nARR\u00caTE\n1/2\nPr\u00e9fecture de la C\u00f4te-d'Or - 21-2024-09-13-00002 - Arr\u00eat\u00e9 pr\u00e9fectoral n\u00b01476 du 13 septembre 2024 modifiant l'arr\u00eat\u00e9 pr\u00e9fectoral\nn\u00b085 du 20 janvier 2020 portant habilitation de la SAS SAD MARKETING en application des articles R752-44-2 et R752-44-3 du code\ndu commerce pour l'\u00e9tablissement des certificats de conformit\u00e9 des projets d'am\u00e9nagement commerciaux\n66\nArticle 1er  : A l'article 1 er de l'arr\u00eat\u00e9 du 20 janvier 2020 susvis\u00e9, les mots  : \u00ab  23 rue de la\nPerformance Bat BV 4 \u00bb, sont remplac\u00e9s par les mots : \u00ab 26 rue Jacques Pr\u00e9vert\u00bb.\nArticle  2 :  A  l'article  3  de  l'arr\u00eat\u00e9  du  20  janvier  2020  susvis\u00e9,  les  mots : \u00ab M.  Gonzague\nHANNEBICQUE,  directeur \u00bb  sont  remplac\u00e9s  par  les  mots :  M.  Benjamin  AYNES,  directeur\nassoci\u00e9 \u00bb.\nArticle 3 :  M. le secr\u00e9taire g\u00e9n\u00e9ral de la pr\u00e9fecture de la C\u00f4te-d'Or est charg\u00e9 de l'ex\u00e9cution\ndu pr\u00e9sent arr\u00eat\u00e9, qui sera publi\u00e9 au recueil des actes administratifs de la pr\u00e9fecture de la\nC\u00f4te-d'Or.\nFait \u00e0 Dijon, le                 \n  \nLE PREFET,\nPour le pr\u00e9fet et par d\u00e9l\u00e9gation\nLe secr\u00e9taire g\u00e9n\u00e9ral\nSign\u00e9\nJohann MOUGENOT\n2/2\nPr\u00e9fecture de la C\u00f4te-d'Or - 21-2024-09-13-00002 - Arr\u00eat\u00e9 pr\u00e9fectoral n\u00b01476 du 13 septembre 2024 modifiant l'arr\u00eat\u00e9 pr\u00e9fectoral\nn\u00b085 du 20 janvier 2020 portant habilitation de la SAS SAD MARKETING en application des articles R752-44-2 et R752-44-3 du code\ndu commerce pour l'\u00e9tablissement des certificats de conformit\u00e9 des projets d'am\u00e9nagement commerciaux\n67\nPr\u00e9fecture de la C\u00f4te-d'Or\nDirection de la coordination, des politiques\npubliques et de l'appui territorial\n21-2024-09-18-00002\nArr\u00eat\u00e9 pr\u00e9fectoral n\u00b0\u00a01485 du 18 septembre\n2024 instituant la commission d\u00e9partementale\nd'am\u00e9nagement cin\u00e9matographique (CDACi) de\nla C\u00f4te-d'Or\nPr\u00e9fecture de la C\u00f4te-d'Or - 21-2024-09-18-00002 - Arr\u00eat\u00e9 pr\u00e9fectoral n\u00b0\u00a01485 du 18 septembre 2024 instituant la commission\nd\u00e9partementale d'am\u00e9nagement cin\u00e9matographique (CDACi) de la C\u00f4te-d'Or 68\nPREFETDE LACOTE-D'ORLibert\u00e9\u00c9galit\u00e9Fraternit\u00e9\nSECR\u00c9TARIAT G\u00c9N\u00c9RAL\nDirection de la coordination des politiques publiques\net de l'appui territorial\nP\u00f4le environnement et urbanisme\nArr\u00eat\u00e9 pr\u00e9fectoral n\u00b0 1485 du 18 septembre 2024\ninstituant la commission d\u00e9partementale d'am\u00e9nagement cin\u00e9matographique (CDACi) de la\nC\u00f4te-d'Or\nLe pr\u00e9fet de la C\u00f4te-d'Or,\nVu le code du cin\u00e9ma et de l'image anim\u00e9e, notamment ses articles L.212-6-1 et suivants,\nainsi que R.212-6 et suivants ;\nVu le code g\u00e9n\u00e9ral des collectivit\u00e9s territoriales, notamment ses articles L.  2122-17 , L. 2122-\n18, L. 3221-3, L. 3221-7 , L.5211-2, L.5211-9 et L.5711-1 ;\nVu  l'arr\u00eat\u00e9  pr\u00e9fectoral  modifi\u00e9  n\u00b0 502  du  24  avril  2021  portant  renouvellement  de  la\ncomposition commission d\u00e9partementale d'am\u00e9nagement cin\u00e9matographique de la C\u00f4te-\nd'Or ;\nVu les acceptations de Mme Catherine BAUMONT, re\u00e7ue le 16 f\u00e9vrier 2024, de M. Philippe\nJUEN, re\u00e7ue le 18 f\u00e9vrier 2024, de Mme Katharina SCHONE, re\u00e7ue le 20 f\u00e9vrier 2024, de\nMme Val\u00e9rie FACCHINETTI-MANNONE,  re\u00e7ue  le 05  mars  2024,  de  M.  Francis  AUBERT,\nre\u00e7ue le 15 mars 2024, contact\u00e9s pour si\u00e9ger en tant que personnalit\u00e9s qualifi\u00e9es au sein\nde la commission d\u00e9partementale d'am\u00e9nagement cin\u00e9matographique de la C\u00f4te-d'Or ;\nVu  la  proposition  d'une  personnalit\u00e9  qualifi\u00e9e  envoy\u00e9e  par  l'association  \u00ab  Conseil\nd'Architecture d'Urbanisme et de l'Environnement de la C\u00f4te-d'Or  \u00bb (CAUE 21), re\u00e7ue le\n21  f\u00e9vrier 2024 ;\nVu  la  proposition  de  personnalit\u00e9s  qualifi\u00e9es  envoy\u00e9e  par  l'association  \u00ab  Union\nd\u00e9partementale de la Conf\u00e9d\u00e9ration Syndicale des Familles de C\u00f4te-d'Or  \u00bb (UD CSF 21),\nre\u00e7ue le 16 avril 2024 ;\nVu  la  proposition  d'une  personnalit\u00e9  qualifi\u00e9e  envoy\u00e9e  par  l'association  \u00ab  F\u00e9d\u00e9ration\nFran\u00e7aise du Paysage Auvergne Rh\u00f4ne-Alpes Bourgogne Franche-Comt\u00e9  \u00bb (FFP AURA-BFC),\nre\u00e7ue le 29 mai 2024 ;\nVu  la proposition d'une personnalit\u00e9 qualifi\u00e9e envoy\u00e9e par l'association \u00ab  France Nature\nEnvironnement de la C\u00f4te-d'Or \u00bb (FNE 21), re\u00e7ue le 17 juin 2024 ;\nConsid\u00e9rant que  les  mandats  des  personnalit\u00e9s  qualifi\u00e9es  d\u00e9sign\u00e9es  dans  l'arr\u00eat\u00e9\npr\u00e9fectoral  susvis\u00e9  du  24  avril  2021  sont  arriv\u00e9s  \u00e0  expiration  et  qu'il  convient  par\ncons\u00e9quent de les renouveler ;\nSur proposition du secr\u00e9taire g\u00e9n\u00e9ral de la pr\u00e9fecture de la C\u00f4te-d'Or,\nARRETE\nArticle 1er  : La commission d\u00e9partementale d'am\u00e9nagement cin\u00e9matographique (CDACi) de\nla C\u00f4te-d'Or, pr\u00e9sid\u00e9e par le pr\u00e9fet de la C\u00f4te-d'Or ou son repr\u00e9sentant, qui doit \u00eatre un\nfonctionnaire du corps pr\u00e9fectoral affect\u00e9 dans le d\u00e9partement, est compos\u00e9e comme suit :\n1/5\nPr\u00e9fecture de la C\u00f4te-d'Or - 21-2024-09-18-00002 - Arr\u00eat\u00e9 pr\u00e9fectoral n\u00b0\u00a01485 du 18 septembre 2024 instituant la commission\nd\u00e9partementale d'am\u00e9nagement cin\u00e9matographique (CDACi) de la C\u00f4te-d'Or 69\n1\u00b0 Des cinq \u00e9lus suivants :\na) Le maire de la commune d'implantation du projet d'am\u00e9nagement cin\u00e9matographique ;\nb) Le pr\u00e9sident de l'\u00e9tablissement  public  de coop\u00e9ration  intercommunale comp\u00e9tent  en\nmati\u00e8re d'am\u00e9nagement de l'espace et de d\u00e9veloppement dont est membre la commune\nd'implantation, ou son repr\u00e9sentant qui est d\u00e9sign\u00e9 par ce pr\u00e9sident parmi les membres du\nconseil communautaire et qui ne peut pas \u00eatre un \u00e9lu de la commune d'implantation ni un\n\u00e9lu  de  la  commune  la  plus  peupl\u00e9e  de  l'arrondissement  ou  de  l'agglom\u00e9ration\nmulticommunale  lorsque  celle-ci  n'est  pas  la  commune  d'implantation  ;  ou,  \u00e0  d\u00e9faut  de\nl'appartenance  de  la  commune  d'implantation  \u00e0  un  tel  \u00e9tablissement,  le  conseiller\nd\u00e9partemental du canton d'implantation, dans les conditions fix\u00e9es au dernier alin\u00e9a du\npr\u00e9sent 1\u00b0 ;\nc) Le maire de la commune la plus peupl\u00e9e de l'arrondissement,  autre que la commune\nd'implantation ; dans le cas o\u00f9 la commune d'implantation appartient \u00e0 une agglom\u00e9ration\ncomportant au moins cinq communes, le maire de la commune la plus peupl\u00e9e est choisi\nparmi les maires des communes de ladite agglom\u00e9ration ;\nd) Le pr\u00e9sident du conseil d\u00e9partemental, ou son repr\u00e9sentant qui ne peut pas \u00eatre un \u00e9lu de\nla commune d'implantation ni un \u00e9lu de la commune la plus peupl\u00e9e de l'arrondissement ou\nde l'agglom\u00e9ration multicommunale lorsque celle-ci n'est pas la commune d'implantation ;\ne) Le  pr\u00e9sident  du  syndicat  mixte  ou  de  l'\u00e9tablissement  public  de  coop\u00e9ration\nintercommunale charg\u00e9 du  sch\u00e9ma de coh\u00e9rence territoriale auquel adh\u00e8re la commune\nd'implantation, ou son repr\u00e9sentant qui est d\u00e9sign\u00e9 par ce pr\u00e9sident parmi les membres du\nconseil communautaire et qui ne peut pas \u00eatre un \u00e9lu de la commune d'implantation ni un\n\u00e9lu  de  la  commune  la  plus  peupl\u00e9e  de  l'arrondissement  ou  de  l'agglom\u00e9ration\nmulticommunale  lorsque  celle-ci  n'est  pas  la  commune  d'implantation  ;  ou,  \u00e0  d\u00e9faut  de\nl'appartenance de la commune d'implantation \u00e0 un tel syndicat ou \u00e0 un tel \u00e9tablissement, un\nadjoint au maire de la commune d'implantation.\nLorsque l'un des \u00e9lus d\u00e9tient plusieurs des mandats mentionn\u00e9s au pr\u00e9sent 1\u00b0, le pr\u00e9fet de la\nC\u00f4te-d'Or d\u00e9signe pour le remplacer un ou plusieurs maires de communes situ\u00e9es dans la\nzone d'influence cin\u00e9matographique concern\u00e9e, au sens de l'article R.  212-7-1 du code du\ncin\u00e9ma et de l'image anim\u00e9e et telle que cette zone figure au dossier du demandeur.\nLe maire de la commune d'implantation ne peut pas si\u00e9ger \u00e0 la commission en une autre\nqualit\u00e9  que  celle  de  repr\u00e9sentant  de  sa  commune.  Il  en  est  de  m\u00eame  du  maire  de  la\ncommune  la  plus  peupl\u00e9e  de  l'arrondissement  ou  de  l'agglom\u00e9ration  multicommunale\nlorsque celle-ci n'est pas la commune d'implantation.\nLorsque le conseiller d\u00e9partemental du canton d'implantation mentionn\u00e9 au b du pr\u00e9sent 1\u00b0\nest en m\u00eame temps le maire de la commune d'implantation, ou le maire de la commune la\nplus  peupl\u00e9e de  l'arrondissement  ou  de  l'agglom\u00e9ration  multicommunale lorsque  celle-ci\nn'est pas la commune d'implantation, ou le pr\u00e9sident du conseil d\u00e9partemental ou enfin le\npr\u00e9sident  de  l'\u00e9tablissement  public  comp\u00e9tent  en  mati\u00e8re  de  sch\u00e9ma  de  coh\u00e9rence\nterritoriale, le pr\u00e9fet d\u00e9signe pour le remplacer le maire d'une commune situ\u00e9e dans la zone\nd'influence cin\u00e9matographique du projet, au sens de l'article R.  212-7-1 du code du cin\u00e9ma et\nde l'image anim\u00e9e et telle que cette zone figure au dossier du demandeur.\n2\u00b0  De  trois  personnalit\u00e9s  qualifi\u00e9es,  respectivement,  en  mati\u00e8re  de  distribution  et\nd'exploitation  cin\u00e9matographiques,  de  d\u00e9veloppement  durable  et  d'am\u00e9nagement  du\nterritoire, parmi les membres de chacun des coll\u00e8ges suivants :\n2/5\nPr\u00e9fecture de la C\u00f4te-d'Or - 21-2024-09-18-00002 - Arr\u00eat\u00e9 pr\u00e9fectoral n\u00b0\u00a01485 du 18 septembre 2024 instituant la commission\nd\u00e9partementale d'am\u00e9nagement cin\u00e9matographique (CDACi) de la C\u00f4te-d'Or 70\na) Coll\u00e8ge  des  personnalit\u00e9s  qualifi\u00e9es  en  mati\u00e8re  de  distribution  et  d'exploitation\ncin\u00e9matographiques :\nCette  personnalit\u00e9  qualifi\u00e9e  est  propos\u00e9e  par  le  pr\u00e9sident  du  Centre  national  du\ncin\u00e9ma et de l'image anim\u00e9e sur une liste \u00e9tablie par lui.\nb) Coll\u00e8ge des personnalit\u00e9s qualifi\u00e9es en mati\u00e8re de d\u00e9veloppement durable :\n- Mme Catherine BAUMONT (professeur des universit\u00e9s en sciences \u00e9conomiques) ;\n- M. Hassan DJAMA IDLEH (UD CSF 21) ;\n- Mme Val\u00e9rie FACCHINETTI-MANNONE (ma\u00eetre de conf\u00e9rences en g\u00e9ographie) ;\n- M. Xavier HOCHART (CAUE 21) ;\n- M. Philippe JUEN (ma\u00eetre de conf\u00e9rences en droit public) ;\n- Mme Odile LOURS (UD CSF 21) ;\n- M. Beno\u00eet MARTINEAU (FFP AURA-BFC) ;\n- M. Bernard PERETTE (FNE 21) ;\n- Mme Katharine SCHONE (ma\u00eetre de conf\u00e9rences en sciences \u00e9conomiques) ;\nc) Coll\u00e8ge des personnalit\u00e9s qualifi\u00e9es en mati\u00e8re d'am\u00e9nagement du territoire :\n- Mme Ang\u00e8le APPEDO (UD CSF 21) ;\n- M. Francis AUBERT (professeur d'\u00e9conomie \u00e9m\u00e9rite) ;\n- M. Hassan DJAMA IDLEH (UD CSF 21) ;\n- Mme Val\u00e9rie FACCHINETTI-MANNONE (ma\u00eetre de conf\u00e9rences en g\u00e9ographie) ;\n- M. Xavier HOCHART (CAUE 21) ;\n- M. Philippe JUEN (ma\u00eetre de conf\u00e9rence en droit public) ;\n- M. Beno\u00eet MARTINEAU (FFP AURA-BFC) ;\n- Mme Amal NAZHARI (UD CSF 21) ;\n- Mme Katharine SCHONE (ma\u00eetre de conf\u00e9rences en sciences \u00e9conomiques).\nLes personnalit\u00e9s qualifi\u00e9es mentionn\u00e9es aux b et c du pr\u00e9sent 2\u00b0 exercent un mandat de\ntrois ans et ne peuvent effectuer plus de deux mandats cons\u00e9cutifs.\nSi elles perdent la qualit\u00e9 en vertu de laquelle elles ont \u00e9t\u00e9 d\u00e9sign\u00e9es ou en cas de d\u00e9mission,\nde  d\u00e9c\u00e8s  ou  de  d\u00e9m\u00e9nagement  hors  des  fronti\u00e8res  du  d\u00e9partement,  les  personnalit\u00e9s\nqualifi\u00e9es mentionn\u00e9es aux b et c du pr\u00e9sent 2\u00b0 sont imm\u00e9diatement remplac\u00e9es pour la\ndur\u00e9e du mandat restant \u00e0 courir.\nArticle 2  : Lorsqu'un projet d'am\u00e9nagement cin\u00e9matographique est envisag\u00e9 sur le territoire\nde plusieurs communes ou de plusieurs cantons, est consid\u00e9r\u00e9 comme la commune ou le\ncanton d'implantation celle ou celui dont le territoire accueille la plus grande partie des\nsurfaces  de  l'ensemble  de  salles  de  spectacles  cin\u00e9matographiques  faisant  l'objet  de  la\ndemande d'autorisation.\n3/5\nPr\u00e9fecture de la C\u00f4te-d'Or - 21-2024-09-18-00002 - Arr\u00eat\u00e9 pr\u00e9fectoral n\u00b0\u00a01485 du 18 septembre 2024 instituant la commission\nd\u00e9partementale d'am\u00e9nagement cin\u00e9matographique (CDACi) de la C\u00f4te-d'Or 71\nArticle  3 : Pour  chaque  demande  d'autorisation  d'am\u00e9nagement  cin\u00e9matographique,  la\ncommission d\u00e9partementale d'am\u00e9nagement cin\u00e9matographique est constitu\u00e9e et d\u00e9lib\u00e8re\ndans les conditions suivantes :\n1\u00b0 Un arr\u00eat\u00e9 pr\u00e9fectoral fixe la composition de la commission en application du pr\u00e9sent\narr\u00eat\u00e9.\nLes \u00e9lus locaux sont d\u00e9sign\u00e9s en la qualit\u00e9 en vertu de laquelle ils sont appel\u00e9s \u00e0 si\u00e9ger.\nLa personnalit\u00e9 qualifi\u00e9e en mati\u00e8re de distribution et d'exploitation cin\u00e9matographiques est\ncelle  propos\u00e9e  par  le  pr\u00e9sident  du  Centre  national  du  cin\u00e9ma  et  de  l'image  anim\u00e9e\nconform\u00e9ment au a du 2\u00b0 de l'article 1er du pr\u00e9sent arr\u00eat\u00e9.\nLa personnalit\u00e9 qualifi\u00e9e en mati\u00e8re de d\u00e9veloppement durable et la personnalit\u00e9 qualifi\u00e9e\nen mati\u00e8re d'am\u00e9nagement du territoire sont respectivement choisies au sein des coll\u00e8ges\npr\u00e9vus aux b et c du 2\u00b0 de l'article 1er du pr\u00e9sent arr\u00eat\u00e9 \n2\u00b0 Tout membre de la commission informe le pr\u00e9fet des int\u00e9r\u00eats qu'il d\u00e9tient et de l'activit\u00e9\n\u00e9conomique qu'il exerce, aucun membre ne pouvant d\u00e9lib\u00e9rer dans une affaire o\u00f9 il a un\nint\u00e9r\u00eat personnel ou s'il repr\u00e9sente ou a repr\u00e9sent\u00e9 une ou plusieurs parties.\nPour  ce  faire,  les  membres  de  la  commission  remplissent  un  formulaire  destin\u00e9  \u00e0  la\nd\u00e9claration des int\u00e9r\u00eats qu'ils d\u00e9tiennent et des fonctions qu'ils exercent dans une activit\u00e9\n\u00e9conomique, aucun membre ne pouvant si\u00e9ger s'il n'a remis au pr\u00e9sident de la commission ce\nformulaire d\u00fbment rempli.\nEst d\u00e9clar\u00e9 d\u00e9missionnaire d'office par le pr\u00e9sident de la commission tout membre qui ne\nremplit pas les obligations pr\u00e9vues au pr\u00e9sent 2\u00b0.\n3\u00b0 La commission ne peut d\u00e9lib\u00e9rer que si au moins cinq de ses membres sont pr\u00e9sents. Si ce\nquorum  n'est  pas  atteint,  il  est  proc\u00e9d\u00e9,  sur  le  m\u00eame  ordre  du  jour,  \u00e0  une  nouvelle\nconvocation de la commission. Celle-ci ne peut valablement d\u00e9lib\u00e9rer, \u00e0 l'expiration d'un\nd\u00e9lai de trois jours apr\u00e8s cette convocation, que si au moins quatre de ses membres sont\npr\u00e9sents.\nLorsqu'elle statue sur  un  projet dont  la zone d'influence cin\u00e9matographique , au sens  de\nl'article R.  212-7-1 du code du cin\u00e9ma et de l'image anim\u00e9e et telle que cette zone figure au\ndossier du demandeur, d\u00e9passe les limites du d\u00e9partement, la commission ne peut d\u00e9lib\u00e9rer\nque si au moins la majorit\u00e9 de ses membres sont pr\u00e9sents, dans le cadre de la composition\ncompl\u00e9t\u00e9e fix\u00e9e \u00e0 l'article 4 du pr\u00e9sent arr\u00eat\u00e9.\nSi ce quorum n'est pas atteint, il est proc\u00e9d\u00e9, sur le m\u00eame ordre du jour, \u00e0 une nouvelle\nconvocation de la commission. Celle-ci ne peut valablement d\u00e9lib\u00e9rer, \u00e0 l'expiration d'un\nd\u00e9lai de cinq jours apr\u00e8s cette convocation, qu'en pr\u00e9sence, au moins, de quatre membres\ndu d\u00e9partement d'implantation et d'un tiers des membres de la commission.\nArticle  4 : Lorsque  la zone d'influence cin\u00e9matographique du  projet,  au  sens  de l'article\nR. 212-7-1  du  code  du  cin\u00e9ma  et  de  l'image  anim\u00e9e  et  telle  qu'elle  figure  au  dossier  du\ndemandeur, d\u00e9passe les limites du d\u00e9partement de la C\u00f4te-d'Or, le pr\u00e9fet de la C\u00f4te-d'Or\ncompl\u00e8te la composition de la commission en d\u00e9sig nant au moins un \u00e9lu et une personnalit\u00e9\nqualifi\u00e9e de chaque autre d\u00e9partement concern\u00e9, sur proposition du pr\u00e9fet de chacun des\nautres d\u00e9partements concern\u00e9s.\n4/5\nPr\u00e9fecture de la C\u00f4te-d'Or - 21-2024-09-18-00002 - Arr\u00eat\u00e9 pr\u00e9fectoral n\u00b0\u00a01485 du 18 septembre 2024 instituant la commission\nd\u00e9partementale d'am\u00e9nagement cin\u00e9matographique (CDACi) de la C\u00f4te-d'Or 72\nLe pr\u00e9fet de la C\u00f4te-d'Or indique pr\u00e9alablement \u00e0 chacun de ces pr\u00e9fets le nombre d'\u00e9lus et\nde personnalit\u00e9s  qualifi\u00e9es  en mati\u00e8re de d\u00e9veloppement durable et d'am\u00e9nagement du\nterritoire  qu'il  a  d\u00e9termin\u00e9  pour  leur  d\u00e9partement  respectif.  Pour  chacun  de  ces  autres\nd\u00e9partements concern\u00e9s :\n- le nombre d'\u00e9lus, qui doivent \u00eatre des \u00e9lus de communes appartenant \u00e0 la zone d'influence\ncin\u00e9matographique du projet, ne peut \u00eatre sup\u00e9rieur \u00e0 cinq ;\n-  le  nombre  de  personnalit\u00e9s  qualifi\u00e9es  en  mati\u00e8re  de  d\u00e9veloppement  durable  et\nd'am\u00e9nagement du territoire, mentionn\u00e9es au 2\u00b0 du II de l'article L. 212-6-2 du code du\ncin\u00e9ma et de l'image anim\u00e9e, ne peut exc\u00e9der deux.\nArticle 5 : La commission entend le demandeur \u00e0 sa requ\u00eate.\nElle peut entendre toute personne dont l'avis pr\u00e9sente un int\u00e9r\u00eat pour la commission.\nToute autre personne souhaitant \u00eatre entendue par la commission peut en faire la demande.\nCette demande, formul\u00e9e par \u00e9crit et notifi\u00e9e au secr\u00e9tariat de la commission au moins cinq\njours  avant  la r\u00e9union  de celle-ci,  doit  comporter  les  \u00e9l\u00e9ments  justifiant,  d'une part,  de\nl'int\u00e9r\u00eat de la personne concern\u00e9e \u00e0 \u00eatre entendue et, d'autre part, des motifs qui justifient\nson audition.\nLa  directrice  r\u00e9gionale  des  affaires  culturelles,  qui  peut  se  faire  repr\u00e9senter,  assiste  aux\nr\u00e9unions de la commission afin de rapporter les dossiers qui lui sont soumis.\nArticle 6 : Les membres de la commission gardent le secret tant sur les d\u00e9lib\u00e9rations que sur\nles documents dont ils ont eu connaissance \u00e0 l'occasion de leurs fonctions.\nArticle 7 : L'arr\u00eat\u00e9 pr\u00e9fectoral du 24 avril 2021 susvis\u00e9 est abrog\u00e9.\nArticle 8  :  M. le secr\u00e9taire g\u00e9n\u00e9ral de la Pr\u00e9fecture de la C\u00f4te-d'Or est charg\u00e9 de l'ex\u00e9cution\ndu pr\u00e9sent arr\u00eat\u00e9, qui sera publi\u00e9 au recueil des actes administratifs de la pr\u00e9fecture de la\nC\u00f4te-d'Or.\nFait \u00e0 Dijon, le                      \n  \nLE PREFET,\n5/5\nPr\u00e9fecture de la C\u00f4te-d'Or - 21-2024-09-18-00002 - Arr\u00eat\u00e9 pr\u00e9fectoral n\u00b0\u00a01485 du 18 septembre 2024 instituant la commission\nd\u00e9partementale d'am\u00e9nagement cin\u00e9matographique (CDACi) de la C\u00f4te-d'Or 73\nPr\u00e9fecture de la C\u00f4te-d'Or\nDirection des s\u00e9curit\u00e9s\n21-2024-09-18-00003\nArr\u00eat\u00e9 pr\u00e9fectoral N\u00b01486\nportant interdiction de rassemblements festifs \u00e0\ncaract\u00e8re musical et interdiction de circulation\nde tout v\u00e9hicule transportant du mat\u00e9riel de son\n\u00e0 destination d'un rassemblement festif\n\u00e0 caract\u00e8re musical non autoris\u00e9\nPr\u00e9fecture de la C\u00f4te-d'Or - 21-2024-09-18-00003 - Arr\u00eat\u00e9 pr\u00e9fectoral N\u00b01486\nportant interdiction de rassemblements festifs \u00e0 caract\u00e8re musical et interdiction de circulation\nde tout v\u00e9hicule transportant du mat\u00e9riel de son \u00e0 destination d'un rassemblement festif\n\u00e0 caract\u00e8re musical non autoris\u00e9\n74\nPr\u00e9fecture de la C\u00f4te-d'Or - 21-2024-09-18-00003 - Arr\u00eat\u00e9 pr\u00e9fectoral N\u00b01486\nportant interdiction de rassemblements festifs \u00e0 caract\u00e8re musical et interdiction de circulation\nde tout v\u00e9hicule transportant du mat\u00e9riel de son \u00e0 destination d'un rassemblement festif\n\u00e0 caract\u00e8re musical non autoris\u00e9\n75\nCONSIDERANT que ce type de rassemblement regroupant un grand nombre de participants peutprovoquer des troubles \u00e0 l'ordre public qu'ils soient li\u00e9s \u00e0 l'augmentation du risque de conduitesous l'emprise d'alcool ou de stup\u00e9fiants ou encore \u00e0 la g\u00eane occasionn\u00e9e par le niveau sonoreextr\u00e9mement \u00e9lev\u00e9 de la musique diffus\u00e9e ; que les moyens appropri\u00e9s en mati\u00e8re de lutte contreI'incendie et de secours aux personnes, ainsi qu'en mati\u00e9re de s\u00e9curit\u00e9 sanitaire et routi\u00e8re nepeuvent \u00eatre r\u00e9unis ;CONSID\u00c9RANT que dans ces circonstances, ces rassemblements sont de nature \u00e0 provoquer destroubles graves \u00e0 l'ordre public; que leur interdiction, qui est strictement n\u00e9cessaire etproportionn\u00e9e aux objectifs poursuivis, est seule de nature \u00e0 pr\u00e9venir efficacement ces troubles;CONSID\u00c9RANT qu'en l'absence d'identification du lieu g\u00e9ographique susceptible d'accueillir lesrassemblements festifs \u00e0 caract\u00e8re musical envisag\u00e9s, et afin de donner un effet utile \u00e0I'interdiction, il y a lieu d'interdire, sauf motif l\u00e9gitime, la circulation des v\u00e9hicules transportant dumat\u00e9riel de sonorisation sur l'ensemble des r\u00e9seaux routiers du d\u00e9partement de la C\u00f4te-d'Or;SUR proposition de monsieur le directeur de cabinet du pr\u00e9fet de la r\u00e9gion Bourgogne-Franche-Comt\u00e9, pr\u00e9fet de la C\u00f4te-d'Or,ARR\u00caTEArticle 1er: Les rassemblements festifs \u00e0 caract\u00e8re musical r\u00e9pondant \u00e0 l'ensemble descaract\u00e9ristiques \u00e9nonc\u00e9es \u00e0 l'article R. 211-2 du code de la s\u00e9curit\u00e9 int\u00e9rieure, autres que ceuxl\u00e9galement d\u00e9clar\u00e9s ou autoris\u00e9s, sont interdits sur l'ensemble du d\u00e9partement de la C\u00f4te-d'Or duvendredi 20 septembre 2024 \u00e0 18h00 au lundi 23 septembre 2024 \u00e0 08h00.Article 2 : La circulation de tout v\u00e9hicule transportant du mat\u00e9riel de sonorisation (notamment\u00ab sound system \u00bb et amplificateurs) \u00e0 destination d'un rassemblement festif \u00e0 caract\u00e8re musicalnon autoris\u00e9 est interdite sur l'ensemble des r\u00e9seaux routiers du d\u00e9partement de la C\u00f4te-d'Orvendredi 20 septembre 2024 \u00e0 18h00 au lundi 23 septembre 2024 \u00e0 08h00.Article 3 : Toute infraction au pr\u00e9sent arr\u00eat\u00e9 est passible des sanctions pr\u00e9vues par l'article R. 211-27du code de la s\u00e9curit\u00e9 int\u00e9rieure et peut donner lieu \u00e0 la saisie du mat\u00e9riel en vue de sa confiscationpar le tribunal.Article 4 : Le secr\u00e9taire g\u00e9n\u00e9ral de la pr\u00e9fecture de la C\u00f4te-d'Or, le directeur de cabinet du pr\u00e9fetde la r\u00e9gion Bourgogne-Franche-Comt\u00e9, pr\u00e9fet de la C\u00f4te-d'Or, le G\u00e9n\u00e9ral, commandant la r\u00e9gionde gendarmerie de Bourgogne-Franche-Comt\u00e9, commandant le groupement de gendarmeried\u00e9partementale de la C\u00f4te-d'Or et le directeur interd\u00e9partemental de la police nationale de laC\u00f4te-d'Or sont charg\u00e9s, chacun en ce qui le concerne, de l'ex\u00e9cution du pr\u00e9sent arr\u00e9t\u00e9 qui serapubli\u00e9 au recueil des actes administratifs de la pr\u00e9fecture, et adress\u00e9 pour copie \u00e0 monsieur leprocureur de la R\u00e9publique pr\u00e8s le tribunal judiciaire de Dijon.\nFait \u00e0 Dijon, le 18 septembre 2024Le pr\u00e9fet,Pour le pr\u00e9fet et par d\u00e9l\u00e9gation,Le sous-pr\u00e9fet, directeur de cabinet,original sign\u00e9Olivier GERSTL\u00c9D\u00e9lais et voies de recours :Le pr\u00e9sent arr\u00eat\u00e9 peut faire l'objet, dans un d\u00e9lai de deux mois \u00e0 compter de sa publication :Soit d'un recours gracieux devant le pr\u00e9fet de la C\u00f4te-d'Or ou d'un recours hi\u00e9rarchique aupr\u00e8s du Ministre de l'int\u00e9rieur.Soit d'un recours contentieux devant le tribunal administratif de Dijon (22 Rue d'Assas, 21000 Dijon). La juridictionadministrative comp\u00e9tente peut \u00eatre saisie par l'application T\u00e9l\u00e9recours citoyens, accessible \u00e0 partir du sitewww.telerecours.fr.Dans le cas du rejet d'un recours gracieux ou hi\u00e9rarchique, le tribunal administratif peut \u00eatre saisi dans un d\u00e9lai de deux mois \u00e0compter de la date de la d\u00e9cision de rejet.\n-\n-\nPr\u00e9fecture de la C\u00f4te-d'Or - 21-2024-09-18-00003 - Arr\u00eat\u00e9 pr\u00e9fectoral N\u00b01486\nportant interdiction de rassemblements festifs \u00e0 caract\u00e8re musical et interdiction de circulation\nde tout v\u00e9hicule transportant du mat\u00e9riel de son \u00e0 destination d'un rassemblement festif\n\u00e0 caract\u00e8re musical non autoris\u00e9\n76\nPr\u00e9fecture de la C\u00f4te-d'Or\nDirection des s\u00e9curit\u00e9s\n21-2024-09-18-00004\nArr\u00eat\u00e9 pr\u00e9fectoral N\u00b01488\nautorisant la captation, l'enregistrement et la\ntransmission d'images\nau moyen de cam\u00e9ras install\u00e9es sur des a\u00e9ronefs\nPr\u00e9fecture de la C\u00f4te-d'Or - 21-2024-09-18-00004 - Arr\u00eat\u00e9 pr\u00e9fectoral N\u00b01488\nautorisant la captation, l'enregistrement et la transmission d'images\nau moyen de cam\u00e9ras install\u00e9es sur des a\u00e9ronefs\n77\nPr\u00e9fecture de la C\u00f4te-d'Or - 21-2024-09-18-00004 - Arr\u00eat\u00e9 pr\u00e9fectoral N\u00b01488\nautorisant la captation, l'enregistrement et la transmission d'images\nau moyen de cam\u00e9ras install\u00e9es sur des a\u00e9ronefs\n78\nCONSID\u00c9RANT que la demande porte sur I'engagement d'une cam\u00e9ra a\u00e9roport\u00e9e ; que les lieux surveill\u00e9ssont strictement limit\u00e9s aux zones \u00e0 l'int\u00e9rieur desquelles sont susceptibles de se commettre les atteintesque l'usage des cam\u00e9ras a\u00e9roport\u00e9es vise \u00e0 pr\u00e9venir ; que la dur\u00e9e de l'autorisation est \u00e9galement limit\u00e9e \u00e0la dur\u00e9e de la p\u00e9riode des vendanges ; qu'au regard des circonstances sus-mentionn\u00e9es, la demanden'appara\u00eet pas disproportionn\u00e9e ;SUR proposition de monsieur le directeur de cabinet du pr\u00e9fet de la r\u00e9gion Bourgogne-Franche-Comt\u00e9,pr\u00e9fet de la C\u00f4te-d'Or,ARR\u00caTEArticle 1er: La captation, l'enregistrement et la transmission d'images par le groupement de gendarmeried\u00e9partementale de la C\u00f4te-d''Or, est autoris\u00e9e au titre de la pr\u00e9vention des atteintes \u00e0 la s\u00e9curit\u00e9 despersonnes et des biens et \u00e0 la r\u00e9gulation des flux de transport dans le cadre de la s\u00e9curisation desvendanges.Article 2 : Le nombre maximal de cam\u00e9ras pouvant proc\u00e9der simultan\u00e9ment aux traitements mentionn\u00e9s\u00e0 l'article 1\u00b0\" est fix\u00e9 \u00e0 1, install\u00e9e sur un a\u00e9ronef dont les r\u00e9f\u00e9rences et immatriculations sont list\u00e9es ci-dessous :- drone Mavic 3T S/N n\u00b01581F5F]723CDO0AZOKGArticle 3 : La pr\u00e9sente autorisation est limit\u00e9e au territoire des communes suivantes :- Pommard- Meursault- Volnay- Month\u00e9lie- Savigny-les-Beaune- Pernand-Vergelesses- Aloxe-Corton- Vosne-Roman\u00e9e- Vougeot- Chorey-les-Beaune- ChauxArticle 4 : La pr\u00e9sente autorisation est d\u00e9livr\u00e9e pour la p\u00e9riode des vendanges du jeudi 19 septembre 2024au vendredi 04 octobre 2024 inclus, entre 08h00 et 18h00.Article 5 : Le registre mentionn\u00e9 \u00e0 l'article L. 242-4 du code de la s\u00e9curit\u00e9 int\u00e9rieure est transmis aurepr\u00e9sentant de l'\u00c9tat dans le d\u00e9partement \u00e0 l'issue de la p\u00e9riode d'utilisation.Article 6: Le pr\u00e9sent arr\u00eat\u00e9 est publi\u00e9 au recueil des actes administratifs de la pr\u00e9fecture et peut fairel'objet d'un recours contentieux devant le tribunal administratif de Dijon dans un d\u00e9lai de deux mois \u00e0compter de sa publication.Article 7 : Le directeur de cabinet du pr\u00e9fet de la r\u00e9gion Bourgogne-Franche-Comt\u00e9, pr\u00e9fet de la C\u00f4te-d'Or, le secr\u00e9taire g\u00e9n\u00e9ral de la pr\u00e9fecture de la C\u00f4te-d'Or et le g\u00e9n\u00e9ral commandant la r\u00e9gion degendarmerie de Bourgogne-Franche-Comt\u00e9, commandant le groupement de gendarmeried\u00e9partementale de la C\u00f4te-d'Or sont charg\u00e9s, chacun en ce qui le concerne, de l'ex\u00e9cution du pr\u00e9sentarr\u00eat\u00e9 qui sera adress\u00e9 pour copie \u00e0 monsieur le procureur de la R\u00e9publique pr\u00e8s le tribunal judiciaire deDijon. Fait \u00e0 Dijon, le 18 septembre 2024Le pr\u00e9fet,Pour le pr\u00e9fet et par d\u00e9l\u00e9gation,Le sous-pr\u00e9fet, directeur de cabinet,original sign\u00e9Olivier GERSTL\u00c9\nPr\u00e9fecture de la C\u00f4te-d'Or - 21-2024-09-18-00004 - Arr\u00eat\u00e9 pr\u00e9fectoral N\u00b01488\nautorisant la captation, l'enregistrement et la transmission d'images\nau moyen de cam\u00e9ras install\u00e9es sur des a\u00e9ronefs\n79\nPr\u00e9fecture de la C\u00f4te-d'Or\nDirection des s\u00e9curit\u00e9s\n21-2024-09-18-00005\nArr\u00eat\u00e9 pr\u00e9fectoral N\u00b01488\nautorisant la captation, l'enregistrement et la\ntransmission d'images\nau moyen de cam\u00e9ras install\u00e9es sur des a\u00e9ronefs\nPr\u00e9fecture de la C\u00f4te-d'Or - 21-2024-09-18-00005 - Arr\u00eat\u00e9 pr\u00e9fectoral N\u00b01488\nautorisant la captation, l'enregistrement et la transmission d'images\nau moyen de cam\u00e9ras install\u00e9es sur des a\u00e9ronefs\n80\nPr\u00e9fecture de la C\u00f4te-d'Or - 21-2024-09-18-00005 - Arr\u00eat\u00e9 pr\u00e9fectoral N\u00b01488\nautorisant la captation, l'enregistrement et la transmission d'images\nau moyen de cam\u00e9ras install\u00e9es sur des a\u00e9ronefs\n81\nCONSID\u00c9RANT que la demande porte sur I'engagement d'une cam\u00e9ra a\u00e9roport\u00e9e ; que les lieux surveill\u00e9ssont strictement limit\u00e9s aux zones \u00e0 l'int\u00e9rieur desquelles sont susceptibles de se commettre les atteintesque l'usage des cam\u00e9ras a\u00e9roport\u00e9es vise \u00e0 pr\u00e9venir ; que la dur\u00e9e de l'autorisation est \u00e9galement limit\u00e9e \u00e0la dur\u00e9e de la p\u00e9riode des vendanges ; qu'au regard des circonstances sus-mentionn\u00e9es, la demanden'appara\u00eet pas disproportionn\u00e9e ;SUR proposition de monsieur le directeur de cabinet du pr\u00e9fet de la r\u00e9gion Bourgogne-Franche-Comt\u00e9,pr\u00e9fet de la C\u00f4te-d'Or,ARR\u00caTEArticle 1er: La captation, l'enregistrement et la transmission d'images par le groupement de gendarmeried\u00e9partementale de la C\u00f4te-d''Or, est autoris\u00e9e au titre de la pr\u00e9vention des atteintes \u00e0 la s\u00e9curit\u00e9 despersonnes et des biens et \u00e0 la r\u00e9gulation des flux de transport dans le cadre de la s\u00e9curisation desvendanges.Article 2 : Le nombre maximal de cam\u00e9ras pouvant proc\u00e9der simultan\u00e9ment aux traitements mentionn\u00e9s\u00e0 l'article 1\u00b0\" est fix\u00e9 \u00e0 1, install\u00e9e sur un a\u00e9ronef dont les r\u00e9f\u00e9rences et immatriculations sont list\u00e9es ci-dessous :- drone Mavic 3T S/N n\u00b01581F5F]723CDO0AZOKGArticle 3 : La pr\u00e9sente autorisation est limit\u00e9e au territoire des communes suivantes :- Pommard- Meursault- Volnay- Month\u00e9lie- Savigny-les-Beaune- Pernand-Vergelesses- Aloxe-Corton- Vosne-Roman\u00e9e- Vougeot- Chorey-les-Beaune- ChauxArticle 4 : La pr\u00e9sente autorisation est d\u00e9livr\u00e9e pour la p\u00e9riode des vendanges du jeudi 19 septembre 2024au vendredi 04 octobre 2024 inclus, entre 08h00 et 18h00.Article 5 : Le registre mentionn\u00e9 \u00e0 l'article L. 242-4 du code de la s\u00e9curit\u00e9 int\u00e9rieure est transmis aurepr\u00e9sentant de l'\u00c9tat dans le d\u00e9partement \u00e0 l'issue de la p\u00e9riode d'utilisation.Article 6: Le pr\u00e9sent arr\u00eat\u00e9 est publi\u00e9 au recueil des actes administratifs de la pr\u00e9fecture et peut fairel'objet d'un recours contentieux devant le tribunal administratif de Dijon dans un d\u00e9lai de deux mois \u00e0compter de sa publication.Article 7 : Le directeur de cabinet du pr\u00e9fet de la r\u00e9gion Bourgogne-Franche-Comt\u00e9, pr\u00e9fet de la C\u00f4te-d'Or, le secr\u00e9taire g\u00e9n\u00e9ral de la pr\u00e9fecture de la C\u00f4te-d'Or et le g\u00e9n\u00e9ral commandant la r\u00e9gion degendarmerie de Bourgogne-Franche-Comt\u00e9, commandant le groupement de gendarmeried\u00e9partementale de la C\u00f4te-d'Or sont charg\u00e9s, chacun en ce qui le concerne, de l'ex\u00e9cution du pr\u00e9sentarr\u00eat\u00e9 qui sera adress\u00e9 pour copie \u00e0 monsieur le procureur de la R\u00e9publique pr\u00e8s le tribunal judiciaire deDijon. Fait \u00e0 Dijon, le 18 septembre 2024Le pr\u00e9fet,Pour le pr\u00e9fet et par d\u00e9l\u00e9gation,Le sous-pr\u00e9fet, directeur de cabinet,original sign\u00e9Olivier GERSTL\u00c9\nPr\u00e9fecture de la C\u00f4te-d'Or - 21-2024-09-18-00005 - Arr\u00eat\u00e9 pr\u00e9fectoral N\u00b01488\nautorisant la captation, l'enregistrement et la transmission d'images\nau moyen de cam\u00e9ras install\u00e9es sur des a\u00e9ronefs\n82","date":"2024-09-19","first_seen_on":"2025-09-14T16:21:07+00:00","id":"b005c1e4e886c1f80ce0a1b542c121716121fea7c268294d6a4dc208bfdc179d","name":"RAA n\u00b0 129 du 19 septembre 2024","pdf_creation_date":"2024-09-19T14:04:50+00:00","pdf_modification_date":null,"timezone":"Europe/Paris","url":"https://www.cote-dor.gouv.fr/contenu/telechargement/22126/169225/file/recueil-21-2024-129-recueil-des-actes-administratifs-special.pdf"}
