{"administration":"pref30","administration_name":"Pr\u00e9fecture du Gard","content":"PR\u00c9FET\nDU GARD\nRECUEIL DES ACTES\nADMINISTRATIFS SP\u00c9CIAL\nN\u00b030-2026-021\nPUBLI\u00c9 LE  2 F\u00c9VRIER 2026\nSommaire\nDirection Intrerd\u00e9partementale de la police nationale du Gard /\n30-2026-01-05-00016 - Arr\u00eat\u00e9 subd\u00e9l\u00e9gation de signature aux Chefs\nde services et officiers de la DIPN30 en mati\u00e8re d'immobilisations et mise\nen fourri\u00e8re (6 pages) Page 3\nPrefecture du Gard /\n30-2026-02-02-00001 - AP 2026 02 0008 portant mise \u00e0 jour de la liste\nannuelle d\u00e9partementale d'aptitude de la sp\u00e9cialit\u00e9 des personnels\naptes \u00e0 exercer dans le domaine de la pr\u00e9vention (2 pages) Page 10\n30-2026-02-02-00005 - ARRETE PREFECTORAL PORTANT INTERRUPTION EN\nURGENCE D'UN ACCUEIL COLLECTIF A CARACTERE EDUCATIF DE\nMINEURS (4 pages) Page 13\nPrefecture du Gard / CABINET\n30-2026-02-02-00003 - arr\u00eat\u00e9 autorisant la captation, l'enregistrement et\nla transmission d'images au moyen de cam\u00e9ras install\u00e9es sur des\na\u00e9ronefs (12 pages) Page 18\n30-2026-02-02-00004 - arr\u00eat\u00e9 autorisant la captation, l'enregistrement et\nla transmission d'images au moyen de cam\u00e9ras install\u00e9es sur des\na\u00e9ronefs (10 pages) Page 31\nSous Pr\u00e9fecture d'Al\u00e8s /\n30-2026-02-02-00002 - AP N\u00b026-02-03 portant d\u00e9rogation hauteurs de\nsurvol agglo au profit  de la st\u00e9 HELITEC SAS (CAS1) (6 pages) Page 42\n2\nDirection Intrerd\u00e9partementale de la police\nnationale du Gard\n30-2026-01-05-00016\nArr\u00eat\u00e9 subd\u00e9l\u00e9gation de signature aux Chefs de\nservices et officiers de la DIPN30 en mati\u00e8re\nd'immobilisations et mise en fourri\u00e8re\nDirection Intrerd\u00e9partementale de la police nationale du Gard - 30-2026-01-05-00016 - Arr\u00eat\u00e9 subd\u00e9l\u00e9gation de signature aux Chefs de\nservices et officiers de la DIPN30 en mati\u00e8re d'immobilisations et mise en fourri\u00e8re 3\nE POLICEalu NATIONALE{| IEUR y :\nFraternit\u00e9\nDIRECTION INTERDEPARTEMENTALEDE LA POLICE NATIONALE A NIMES (30)Service d\u00e9partemental du soutien op\u00e9rationnel\nAffaire suivie par : Sylvie GAUVIN ARRETE n\u00b0\ndonnant subd\u00e9l\u00e9gation de signatureaux Chefs de Service et aux Officiersde la DIPN \u00e0 N\u00eemes (30) en mati\u00e8re d'immobilisations et de mise en fourri\u00e8re\nLe directeur interd\u00e9partemental de la police nationale \u00e0 N\u00eemes (30),\nVu le Code de la Route et notamment son article L.325-1-2 ;\nVu le Code de la S\u00e9curit\u00e9 Int\u00e9rieure '\nVu la loi N\u00b0 82-213 du 2 mars 1982 relative aux droits et libert\u00e9s des communes, des d\u00e9partements et desr\u00e9gions, notamment son article 34 ;\nVu la loi du 9 juillet 1966 portant organisation de la Police Nationale ;\nVu la loi N\u00b0 2011-267 du 14 mars 2011 d'orientation et de programmation pour la performance de la s\u00e9curit\u00e9int\u00e9rieure et notamment son article 84,\nVu la loi n\u00b02016-1547 du 18 novembre 2016 de modernisation de la justice du XXI\u00e8 si\u00e8cle ;\nVu le d\u00e9cret N\u00b0 92.604 du 1\u00b0 juillet 1992 modifi\u00e9 portant charte de d\u00e9concentration ;Adresse postale: 245, avenue Pierre Gamel B.P. 70161 \u2014 30023 Nimes Cedex - @-: 04,.66.27,30.001/5\nDirection Intrerd\u00e9partementale de la police nationale du Gard - 30-2026-01-05-00016 - Arr\u00eat\u00e9 subd\u00e9l\u00e9gation de signature aux Chefs de\nservices et officiers de la DIPN30 en mati\u00e8re d'immobilisations et mise en fourri\u00e8re 4\nVu le d\u00e9cret N\u00b0 97.34 du 15 janvier 1997 modifi\u00e9 relatif \u00e0 la d\u00e9concentration des d\u00e9cisions administrativesindividuelles ;Vu le d\u00e9cret N\u00b0 2004-374 du 29 avril 2004 relatif aux pouvoirs des Pr\u00e9fets, \u00e0 l'organisation et \u00e0 l'action desservices de l'Etat dans les r\u00e9gions et d\u00e9partements ;\nVu le d\u00e9cret N\u00b0 2008-158 du 22 f\u00e9vrier 2008 relatif \u00e0 la suppl\u00e9ance des Pr\u00e9fets de R\u00e9gion et \u00e0 la d\u00e9l\u00e9gation designature des Pr\u00e9fets et des Hauts Commissaires de la R\u00e9publique en Polyn\u00e9sie Fran\u00e7aise et en NouvelleCal\u00e9donie ;\nVu le d\u00e9cret N\u00b0 2008-633 du 27 juin 2008 relatif \u00e0 l'organisation d\u00e9concentr\u00e9e de la Direction Centrale de laS\u00e9curit\u00e9 Publique ;\nVu le d\u00e9cret N\u00b0 2009-176 du 16 f\u00e9vrier 2009 modifiant le d\u00e9cret N\u00b0 64-805 du 29 juillet 1964 fixant lesdispositions r\u00e9glementaires applicables aux Pr\u00e9fets et le d\u00e9cret N\u00b0 2004-374 du 29 avril 2004 relatif auxpouvoirs des Pr\u00e9fets, \u00e0 l'organisation et \u00e0 l'action des services de l'Etat dans les R\u00e9gions et D\u00e9partements;\nVu le d\u00e9cret N\u00b0 2010-146 du 16 f\u00e9vrier 2010 modifiant le d\u00e9cret N\u00b0 2004-374 du 29 avril 2004 relatif auxpouvoirs des Pr\u00e9fets, \u00e0 l'organisation et \u00e0 l'action des services de l'Etat dans les R\u00e9gions et D\u00e9partements;\nVu le d\u00e9cret N\u00b0 2012-732 du 9 mai 2012 portant diverses dispositions relatives \u00e0 la s\u00e9curit\u00e9 publique ;\nVu le d\u00e9cret du 13 juillet 2023 nommant M. J\u00e9r\u00f4me BONET, Pr\u00e9fet du Gard ;\nVu le d\u00e9cret du 09 octobre 2024 nommant Mme Marie-Charlotte EUVRARD, administratrice de l'\u00c9tat dupremier degr\u00e9 en qualit\u00e9 de Sous-Pr\u00e9f\u00e8te, Directrice de Cabinet du Pr\u00e9fet du Gard ;\nVu l'arr\u00eat\u00e9 du Ministre de l'Int\u00e9rieur et des Outre-mer du 21 d\u00e9cembre 2023 nommant M. Jean-PhilippeNAHON, contr\u00f4leur g\u00e9n\u00e9ral des services actifs de la police nationale, directeur interd\u00e9partemental de la policenationale \u00e0 Nimes (30), \u00e0 compter du 1\" janvier 2024 ;\nVu l'arr\u00eat\u00e9 pr\u00e9fectoral N\u00b0 30-2024-10-18-00010 du 18 octobre 2024, donnant d\u00e9l\u00e9gation de signature \u00e0 MmeMarie-Charlotte EUVRARD, administratrice de l'\u00c9tat du premier degr\u00e9 en qualit\u00e9 de Sous-Pr\u00e9f\u00e8te, Directrice deCabinet du Pr\u00e9fet du Gard relative aux dispositions de l'article L.325-1-2 du Code de la Route et de l'article 34de la loi n\u00b0 2016-1547 du 18 novembre 2016 de modernisation de la justice du XXI\u00e8me si\u00e8cle et plusparticuli\u00e8rement son article 2 qui conf\u00e8re cette d\u00e9l\u00e9gation de signature \u00e0 M. Jean-Philippe NAHON, directeur\nAdresse postale : 245, avenue Pierre Gamel B.P, 70161 \u2014 30023 Nimes Cedex - @:: 04,.66.27.30.002/5\nDirection Intrerd\u00e9partementale de la police nationale du Gard - 30-2026-01-05-00016 - Arr\u00eat\u00e9 subd\u00e9l\u00e9gation de signature aux Chefs de\nservices et officiers de la DIPN30 en mati\u00e8re d'immobilisations et mise en fourri\u00e8re 5\ninterd\u00e9partemental de la police nationale \u00e0 Nimes, sur sa zone territoriale de comp\u00e9tence, en cas d'absenceou d'emp\u00e9chement de Mme Marie-Charlotte EUVRARD ;Vu l'article 3 de ce m\u00eame arr\u00eat\u00e9 pr\u00e9fectoral N\u00b0 30-2024-10-18-00010 du 18 octobre 2024 qui pr\u00e9voit que M.Jean-Philippe NAHON, en cas d'absence ou d'emp\u00eachement de sa part, pourra subd\u00e9l\u00e9guer sa signature pararr\u00eat\u00e9 ;\nArr\u00eate :\nArticle 1 : En cas d'absence ou d'emp\u00e9chement de M, Jean-Philippe NAHON, contr\u00f4leur g\u00e9n\u00e9ral des servicesactifs de la police nationale, directeur interd\u00e9partemental de la police nationale \u00e0 Nimes (30), subd\u00e9l\u00e9gation designature est donn\u00e9e, \u00e0 Mr Fabien INES, Commissaire Divisionnaire de Police, directeur interd\u00e9partementaladjoint de la police nationale du Gard et chef de la circonscription de la police nationale de Nimes a Nimes(030)-DZPN SUD, \u00e0 l'effet de signer :- les arr\u00eat\u00e9s d'immobilisation et/ou de mise en fourri\u00e9re \u00e0 titre provisoire des v\u00e9hicules en application desdispositions de l'article L.325-1-2 du Code de la Route et de l'article 34 de la loi n\u00b0 2016-1547 du 18 novembre2016 de modernisation de la justice du XXI\u00e8me si\u00e8cle.- Les autorisations d\u00e9finitives de sortie d'un v\u00e9hicule mis en fourri\u00e8re sur d\u00e9cision du Pr\u00e9fet. |\nArticle 2: En cas d'absence ou d'emp\u00e9chement de Mr Fabien INES, Commissaire Divisionnaire de Police,directeur interd\u00e9partemental adjoint de la police nationale du Gard et chef de la circonscription de la policenationale de N\u00eemes \u00e0 N\u00eemes (030)-DZPN SUD, la d\u00e9l\u00e9gation de signature qui lui est conf\u00e9r\u00e9e par l'article 1 estdonn\u00e9e \u00e0 Mme C\u00e9line CANCE, Commissaire Divisionnaire de Police du ressort de la directioninterd\u00e9partementale de la police nationale \u00e0 N\u00eemes (30),\nArticle 3 : En cas d'absence ou d'emp\u00e9chement de Mme C\u00e9line CANCE, la d\u00e9l\u00e9gation de signature qui lui estconf\u00e9r\u00e9e par l'article 2 est donn\u00e9e \u00e0 M. Matthieu FLAIRE, Commissaire de Police du ressort de la directionInterd\u00e9partementale de la police nationale \u00e0 Nimes (30).\nArticle 4 : En cas d'absence ou d'emp\u00e9chement de M. Matthieu FLAIRE, la d\u00e9l\u00e9gation de signature qui lui estconf\u00e9r\u00e9e par l'article 3 est donn\u00e9e \u00e0 M. Emmanuel DUMAS, Commissaire Divisionnaire de Police, du ressortde la direction interd\u00e9partementale de la police nationale \u00e0 N\u00eemes (30).\nArticle 5 : En cas d'absence ou d'emp\u00e9chement de M. Emmanuel DUMAS, la d\u00e9l\u00e9gation de signature qui lui estconf\u00e9r\u00e9e par l'article 4 est donn\u00e9e \u00e0 Mme Isabelle PASCAL, Commandant \u00e0 l'Echelon Fonctionnel, du ressortde la direction interd\u00e9partementale de la police nationale \u00e0 N\u00eemes (30).\nArticle 6 : En cas d'absence ou d'emp\u00e9chement de Mme Isabelle PASCAL, la d\u00e9l\u00e9gation de signature qui lui estconf\u00e9r\u00e9e par l'article 5 est donn\u00e9e \u00e0 M, Pierre LE FOLL, Commandant Divisionnaire Fonctionnel, du ressort dela direction interd\u00e9partementale de la police nationale \u00e0 N\u00eemes (30).\nAdresse postale : 245, avenue Pierre Gamel B.P. 70161 \u2014 30023 Nimes Cedex - @\u00e6:: 04,.66.27.30.003/5\nDirection Intrerd\u00e9partementale de la police nationale du Gard - 30-2026-01-05-00016 - Arr\u00eat\u00e9 subd\u00e9l\u00e9gation de signature aux Chefs de\nservices et officiers de la DIPN30 en mati\u00e8re d'immobilisations et mise en fourri\u00e8re 6\nArticle 7: En cas d'absence ou d'emp\u00e9chement de M. Pierre LE FOLL, la d\u00e9l\u00e9gation de signature qui lui estconf\u00e9r\u00e9e par l'article 6 est donn\u00e9e \u00e0 M. Nicolas CLUZEAU, Commandant Divisionnaire Fonctionnel du ressortde la direction interd\u00e9partementale de la police nationale \u00e0 Nimes (30).\nArticle 8 : En cas d'absence ou d'emp\u00e9chement de M, Nicolas CLUZEAU, la d\u00e9l\u00e9gation de signature qui lui estconf\u00e9r\u00e9e par l'article 7 est donn\u00e9e \u00e0 M. Olivier GRANARA, Capitaine du ressort de la directioninterd\u00e9partementale de la police nationale \u00e0 N\u00eemes (30).\nArticle 9 : En cas d'absence ou d'emp\u00e9chement de M. Olivier GRANARA, la d\u00e9l\u00e9gation de signature qui lui estconf\u00e9r\u00e9e par l'article 8 est donn\u00e9e \u00e0 M. Pascal TROUSY, Commandant du ressort de la directioninterd\u00e9partementale de la police nationale \u00e0 N\u00eemes (30).\nArticle 10: En cas d'absence ou d'emp\u00eachement de M. Pascal TROUSY, la d\u00e9l\u00e9gation de signature qui lui estconf\u00e9r\u00e9e par l'article 9 est donn\u00e9e \u00e0 Mme G\u00e9raldine BOUOUDEN, Commandant du ressort de la directioninterd\u00e9partementale de la police nationale \u00e0 N\u00eemes (30).\nArticle 11 : En cas d'absence ou d'emp\u00e9chement de Mme G\u00e9raldine BOUOUDEN, la d\u00e9l\u00e9gation de signaturequi lui est conf\u00e9r\u00e9e par l'article 10 est donn\u00e9e \u00e0 M. Thierry JODAR, Commandant du ressort de la directioninterd\u00e9partementale de la police nationale \u00e0 N\u00eemes (30)\nArticle 12 : En cas d'absence o\u00f9 d'emp\u00e9chement de M. Thierry JODAR, la d\u00e9l\u00e9gation de signature qui lui estconf\u00e9r\u00e9e par l'article 11 est donn\u00e9e \u00e0 M. Samuel GATOUILLAT, Commandant du ressort de la directioninterd\u00e9partementale de la police nationale \u00e0 N\u00eemes (30).\nArticle 13 : En cas d'absence ou d'emp\u00e9chement de M. Samuel GATOUILLAT, la d\u00e9l\u00e9gation de signature qui luiest conf\u00e9r\u00e9e par l'article 12 est donn\u00e9e \u00e0 M, Ludovic GNANOU, Capitaine du ressort de la directioninterd\u00e9partementale de la police nationale \u00e0 N\u00eemes (30).\nArticle 14 : En cas d'absence ou d'emp\u00e9chement de M. Ludovic GNANOU, la d\u00e9l\u00e9gation de signature qui lui estconf\u00e9r\u00e9e par l'article 13 est donn\u00e9e \u00e0 M. Franck VAN HOUTTE, Commandant du ressort de la directioninterd\u00e9partementale de la police nationale \u00e0 N\u00eemes (30).\nArticle 15 : En cas d'absence ou d'emp\u00e9chement de M. Franck VAN HOUTTE, la d\u00e9l\u00e9gation de signature qui luiest conf\u00e9r\u00e9e par l'article 14 est donn\u00e9e \u00e0 M. Philippe GADAIS, Commandant Divisionnaire du ressort de ladirection interd\u00e9partementale de la police nationale \u00e0 N\u00eemes (30).Article 16 : En cas d'absence ou d'emp\u00e9chement de M. Philippe GADAIS, la d\u00e9l\u00e9gation de signature qui lui estconf\u00e9r\u00e9e par l'article 15 est donn\u00e9e \u00e0 M, S\u00e9bastien VERMARE, Commandant du ressort de la directioninterd\u00e9partementale de la police nationale \u00e0 Nimes (30),\nAdresse postale : 245, avenue Pierre Gamel B.P. 70161 \u2014 30023 Nimes Cedex - @:: 04,.66.27.30.004/5\nDirection Intrerd\u00e9partementale de la police nationale du Gard - 30-2026-01-05-00016 - Arr\u00eat\u00e9 subd\u00e9l\u00e9gation de signature aux Chefs de\nservices et officiers de la DIPN30 en mati\u00e8re d'immobilisations et mise en fourri\u00e8re 7\nArticle 17 : En cas d'absence ou d'emp\u00e9chement de M, S\u00e9bastien VERMARE, la d\u00e9l\u00e9gation de signature qui luiest conf\u00e9r\u00e9e par l'article 16 est donn\u00e9e \u00e0 M, Nicolas BON, Commandant du ressort de la directioninterd\u00e9partementale de la police nationale \u00e0 Nimes (30).\nArticle 18: En cas d'absence ou d'emp\u00e9chement de M. Nicolas BON, la d\u00e9l\u00e9gation de signature qui lui estconf\u00e9r\u00e9e par l'article 17 est donn\u00e9e \u00e0 M. Daniel MISCORIA, Commandant du ressort de la directioninterd\u00e9partementale de la police nationale \u00e0 N\u00eemes (30).\nArticle 19 : En cas d'absence ou d'emp\u00e9chement de M. Daniel MISCORIA, la d\u00e9l\u00e9gation de signature qui lui estconf\u00e9r\u00e9e par l'article 18 est donn\u00e9e \u00e0 M. Fabien ROGGERO, Capitaine du ressort de la directioninterd\u00e9partementale de la police nationale \u00e0 N\u00eemes (30).\nArticle 20 : En cas d'absence ou d'emp\u00e9chement de M. Fabien ROGGERO, la d\u00e9l\u00e9gation de signature qui lui estconf\u00e9r\u00e9e par l'article 19 est donn\u00e9e \u00e0 Mme Sabine LAPORTE, Capitaine du ressort de la directioninterd\u00e9partementale de la police nationale \u00e0 N\u00eemes (30).\nArticle 21 : En cas d'absence ou d'emp\u00e9chement de Mme Sabine LAPORTE, la d\u00e9l\u00e9gation de signature qui luiest conf\u00e9r\u00e9e par l'article 20 est donn\u00e9e \u00e0 M. Yohann RENARD, Capitaine du ressort de la directioninterd\u00e9partementale de la police nationale \u00e0 N\u00eemes (30),\nArticle 22 : En cas d'absence ou d'emp\u00e9chement de, la d\u00e9l\u00e9gation de signature qui lui est conf\u00e9r\u00e9e par l'article22 est donn\u00e9e \u00e0, Capitaine du ressort de la direction interd\u00e9partementale de la police nationale \u00e0 Nimes (30).\nArticle 23 : La signature des subd\u00e9l\u00e9gataires et leur qualit\u00e9 devront \u00eatre pr\u00e9c\u00e9d\u00e9es de la mention suivante :\u00abPour le Pr\u00e9fet et par d\u00e9l\u00e9gation\u00bb.\nArticle 24 : L'arr\u00eat\u00e9 n\u00b0 30-2025-09-01-00017 du ler septembre 2025 est abrog\u00e9.\nArticle 25 : Le Directeur Interd\u00e9partemental de la Police Nationale est charg\u00e9 de l'ex\u00e9cution du pr\u00e9sent arr\u00eat\u00e9qui sera publi\u00e9 au recueil des actes administratifs de la Pr\u00e9fecture.Nimes , le 05 janvier 2026Pour le pr\u00e9fet et par d\u00e9l\u00e9gation\nAdresse postale : 245, avenue Pierre Gamel B.P, 70161 \u2014 30023 Nimes Cedex - &:: 04,.66.27.30.005/5\nDirection Intrerd\u00e9partementale de la police nationale du Gard - 30-2026-01-05-00016 - Arr\u00eat\u00e9 subd\u00e9l\u00e9gation de signature aux Chefs de\nservices et officiers de la DIPN30 en mati\u00e8re d'immobilisations et mise en fourri\u00e8re 8\nDirection Intrerd\u00e9partementale de la police nationale du Gard - 30-2026-01-05-00016 - Arr\u00eat\u00e9 subd\u00e9l\u00e9gation de signature aux Chefs de\nservices et officiers de la DIPN30 en mati\u00e8re d'immobilisations et mise en fourri\u00e8re 9\nPrefecture du Gard\n30-2026-02-02-00001\nAP 2026 02 0008 portant mise \u00e0 jour de la liste\nannuelle d\u00e9partementale d'aptitude de la\nsp\u00e9cialit\u00e9 des personnels aptes \u00e0 exercer dans le\ndomaine de la pr\u00e9vention\nPrefecture du Gard - 30-2026-02-02-00001 - AP 2026 02 0008 portant mise \u00e0 jour de la liste annuelle d\u00e9partementale d'aptitude de la\nsp\u00e9cialit\u00e9 des personnels aptes \u00e0 exercer dans le domaine de la pr\u00e9vention 10\nE 5 Cabinet du pr\u00e9fetPR\u00c9FET . . . 2DU GARD Direction des s\u00e9curit\u00e9sFeat SIDPCFraternit\u00e9\nVu\nVu\nVu\nVuVu\nVu\nVu\nVu\nArr\u00eat\u00e9 n\u00b0 2026-02-0008 du T\" f\u00e9vrier 2026portant mise \u00e0 jour de la liste annuelle d\u00e9partementale d'aptitude de la sp\u00e9cialit\u00e9 despersonnels aptes \u00e0 exercer dans le domaine de la pr\u00e9ventionLe Pr\u00e9fet du Gard,Chevalier de la L\u00e9gion d'HonneurOfficier de l'Ordre National du M\u00e9rite 2 =< FEU 7026le Code G\u00e9n\u00e9ral des Collectivit\u00e9s Territoriales, partie l\u00e9gislative, et notamment lesarticles L 1424-2, L1424-3, L 1424-4, et L 1424-7;le Code G\u00e9n\u00e9ral des Collectivit\u00e9s Territoriales, partie r\u00e9glementaire et notamment lesarticles R 1424-38, R 1424-42 et R 1424-52 ;l'arr\u00eat\u00e9 minist\u00e9riel du 25 janvier 2006, modifi\u00e9, fixant le guide national de r\u00e9f\u00e9rencerelatif \u00e0 la pr\u00e9vention ;le d\u00e9cret du 13 juillet 2023 nommant M. J\u00e9r\u00f4me BONET, pr\u00e9fet du Gard;le d\u00e9cret du 9 octobre 2024 nommant Mme Marie-Charlotte EUVRARD, sous-pr\u00e9f\u00e8te,directrice de cabinet du pr\u00e9fet du Gard;l'arr\u00eat\u00e9 30-2024-10-18-00009 du 18 octobre 2024 donnant d\u00e9l\u00e9gation de signature \u00e0Mme Marie-Charlotte EUVRARD, sous-pr\u00e9f\u00e8te, directrice de cabinet du pr\u00e9fet du Gard ;l'arr\u00eat\u00e9 pr\u00e9fectoral n\u00b02025-07-18-0001 du 18 juillet 2025 portant mise \u00e0 jour de la listeannuelle d\u00e9partementale d'aptitude de la sp\u00e9cialit\u00e9 des personnels aptes a exercerdans le domaine de la pr\u00e9vention ;le courrier du service d\u00e9partemental d'incendie et de secours en date du 15 janvier2026, recu le 22 janvier 2026, transmettant la liste des pr\u00e9ventionnistes concern\u00e9s ;SUR proposition de M. le directeur d\u00e9partemental du Service d'Incendie et de Secours duGard; ARRETEARTICLE: La liste d\u00e9partementale des personnels sapeurs pompiers du serviced\u00e9partemental d'incendie et de secours du Gard aptes \u00e0 exercer dans ledomaine de la pr\u00e9vention est modifi\u00e9e comme suit :\nGrade NOM Pr\u00e9nom NiveauGroupement Fonctionnel Pr\u00e9ventionLieutenant Colonel | PASSUTI | Jean Pierre PRV3Secteur C\u00e9vennes AigoualLieutenant MARTIN Olivier PRV2Lieutenant ROGER Micka\u00ebl PRV2Lieutenant VENTRE Olivier PRV2\nPrefecture du Gard - 30-2026-02-02-00001 - AP 2026 02 0008 portant mise \u00e0 jour de la liste annuelle d\u00e9partementale d'aptitude de la\nsp\u00e9cialit\u00e9 des personnels aptes \u00e0 exercer dans le domaine de la pr\u00e9vention 11\nSecteur Arrondissement de NimesCommandant SAMYN David PRV3Lieutenant BAISSAC Nicolas PRV2Lieutenant DIVOL Bruno PRV2Lieutenant GIOLBAS Fabien PRV2A/Chef DAUNAY Guillaume PRV2A/Chef MOULIN Jean-Philippe PRV2Groupement Fonctionnel Risques Industriels et Am\u00e9nagement du TerritoireCommandant DUPUIS Pascal PRV2\nLieutenant-Colonel SECQUEVILLE Laurent PRV2\nARTICLE 2: Le pr\u00e9sent arr\u00eat\u00e9 pr\u00e9fectoral prend effet au 2 f\u00e9vrier 2026, date \u00e0 laquelle sera\nARTICLE 3:\nARTICLE 4:\nARTICLE 5:\nabrog\u00e9 l'arr\u00eat\u00e9 pr\u00e9fectoral n\u00b0 2025-07-18-0001 du 18juillet 2025 portant mise \u00e0jour de la liste annuelle d\u00e9partementale d'aptitude de la sp\u00e9cialit\u00e9 despersonnels aptes a exercer dans le domaine de la pr\u00e9vention.Le pr\u00e9sent arr\u00e9t\u00e9 est applicable jusqu'a la proposition d'une nouvelle liste parle directeur d\u00e9partemental du service d'incendie et de secours du Gard.Le pr\u00e9sent arr\u00eat\u00e9 peut faire l'objet d'un recours administratif aupr\u00e8s du pr\u00e9fetdu Gard (pr\u00e9fecture du Gard 30045 N\u00eemes Cedex 9), d'un recours hi\u00e9rarchiqueadress\u00e9 \u00e0 Monsieur le ministre de l'Int\u00e9rieur - place Beauvau 75 800 Paris oud'un recours contentieux devant le tribunal administratif de Nimes, dans und\u00e9lai de deux mois suivant la publication du pr\u00e9sent arr\u00eat\u00e9. Le tribunaladministratif peut aussi \u00eatre saisi par l'application informatique \"TelerecoursCitoyens\" accessible par le site internet www.telerecours.fr.La sous-pr\u00e9f\u00e8te, directrice de cabinet du pr\u00e9fet, le directeur d\u00e9partementaldu Service d'incendie et de Secours du Gard, sont charg\u00e9s de l'application dupr\u00e9sent arr\u00eat\u00e9 qui sera publi\u00e9 au recueil des actes administratifs des servicesde l'\u00c9tat dans le d\u00e9partement du Gard, et notifi\u00e9 individuellement \u00e0 chacundes agents concern\u00e9s.\nLe pr\u00e9fet,Los etelaso r\u00e9f\u00e8\nMarie-Charlotte EUVRARD\n2/2\nPrefecture du Gard - 30-2026-02-02-00001 - AP 2026 02 0008 portant mise \u00e0 jour de la liste annuelle d\u00e9partementale d'aptitude de la\nsp\u00e9cialit\u00e9 des personnels aptes \u00e0 exercer dans le domaine de la pr\u00e9vention 12\nPrefecture du Gard\n30-2026-02-02-00005\nARRETE PREFECTORAL PORTANT INTERRUPTION\nEN URGENCE D'UN ACCUEIL COLLECTIF A\nCARACTERE EDUCATIF DE MINEURS\nPrefecture du Gard - 30-2026-02-02-00005 - ARRETE PREFECTORAL PORTANT INTERRUPTION EN URGENCE D'UN ACCUEIL COLLECTIF\nA CARACTERE EDUCATIF DE MINEURS 13\n| = Service d\u00e9partemental a la jeunesse,\u00a3 \u00e0 l'engagement et aux sports (SDJESPREFET gag ports (SDJES)DU GARDLibert\u00e9Egalit\u00e9Fraternit\u00e9\nARR\u00caT\u00c9 PR\u00c9FECTORAL n\u00b0du 02 FEV. 2026portant interruption en urgence d'un accueil collectif 4 caract\u00e9re \u00e9ducatif de mineursmentionn\u00e9 \u00e0 l'article L.227-4 du Code de l'action sociale et des familles\nLe pr\u00e9fet du GardChevalier de l'ordre de la L\u00e9gion d'honneurOfficier de l'ordre national du M\u00e9rite\nVu le Code de l'action sociale et des familles, notamment ses articles L.227-4 et suivants et R.227-1et suivants ;Vu le Code des relations entre le public et les administrations ;Vu le Code de la construction et de l'habitation, notamment ses articles R143-1 \u00e0 R143-47 et R184-4\u00e0 R184-5 relatifs \u00e0 la protection contre les risques d'incendie et de panique dans les \u00e9tablissementsrecevant du public ;Vu le Code g\u00e9n\u00e9ral des collectivit\u00e9s territoriales, notamment ses articles L.2223-1 et suivants ;Vu la loi n\u00b0 2021-1109 du 24 ao\u00fbt 2021 confortant le respect des principes de la R\u00e9publique ;Vu les termes du | de l'article L.227-11 du Code de l'action sociale et des familles :\u00ab Le repr\u00e9sentant de l'\u00c9tat dans le d\u00e9partement peut adresser, \u00e0 toute personne qui exerce uneresponsabilit\u00e9 dans l'accueil collectif \u00e0 caract\u00e8re \u00e9ducatif de mineurs mentionn\u00e9 \u00e0 l'article L. 227-4ou aux exploitants des locaux les accueillant, une injonction pour mettre fin :e Aux manquements aux dispositions pr\u00e9vues \u00e0 l'article L.227-5 ;e Aux risques pour la sant\u00e9 et la s\u00e9curit\u00e9 physique ou morale des mineurs que pr\u00e9sentent lesconditions de leur accueil ;e Aux manquements aux dispositions relatives au projet \u00e9ducatif pr\u00e9vues \u00e0 l'article L.227-4;e Aux manquements aux dispositions pr\u00e9vues \u00e0 l'article L.133-6 et \u00e0 l'article L. 227-10.A l'expiration du d\u00e9lai fix\u00e9 dans l'injonction, le repr\u00e9sentant de l'\u00c9tat dans le d\u00e9partement peut, demani\u00e8re totale ou partielle, interdire ou interrompre l'accueil de mineurs mentionn\u00e9 \u00e0 l'articleL.227-4, ainsi que prononcer la fermeture temporaire ou d\u00e9finitive des locaux dans lesquels il sed\u00e9roule, si la ou les personnes qui exercent une responsabilit\u00e9 dans l'accueil des mineurs mentionn\u00e9\u00e0 l'article L.227-4 ou les exploitants des locaux les accueillant n'ont pas rem\u00e9di\u00e9 aux situations quiont justifi\u00e9 l'injonction.En cas d'urgence ou lorsque l'une des personnes mentionn\u00e9es \u00e0 l'alin\u00e9a pr\u00e9c\u00e9dent refuse de sesoumettre \u00e0 la visite pr\u00e9vue \u00e0 l'article L.227-9, le repr\u00e9sentant de l'\u00c9tat dans le d\u00e9partement peutd\u00e9cider, sans injonction pr\u00e9alable, d'interdire ou d'interrompre l'accueil ou de fermer les locauxdans lesquels il se d\u00e9roule.\nPrefecture du Gard - 30-2026-02-02-00005 - ARRETE PREFECTORAL PORTANT INTERRUPTION EN URGENCE D'UN ACCUEIL COLLECTIF\nA CARACTERE EDUCATIF DE MINEURS 14\nLe cas \u00e9ch\u00e9ant, il prend, avec la personne responsable de l'accueil, les mesures n\u00e9cessaires en vuede pourvoir au retour des mineurs dans leurs familles ;Vu le d\u00e9cret n\u00b02004-374 du 29 avril 2004 relatif aux pouvoirs des pr\u00e9fets, \u00e0 l'organisation et \u00e0l'action des services de l'\u00c9tat dans les r\u00e9gions et les d\u00e9partements ;Vu le d\u00e9cret du 13 juillet 2023 portant nomination de M. J\u00e9r\u00f4me BONET, pr\u00e9fet du Gard ;Vu le d\u00e9cret n\u00b0 2020-1542 du 9 d\u00e9cembre 2020 relatif aux comp\u00e9tences des autorit\u00e9s acad\u00e9miquesdans le domaine des politiques de la jeunesse, de l'\u00e9ducation populaire, de la vie associative, del'engagement civique et des sports et \u00e0 l'organisation des services charg\u00e9s de leur mise en \u0153uvre ;Vu l'arr\u00eat\u00e9 du 18 d\u00e9cembre 2020 portant organisation de la direction de r\u00e9gion acad\u00e9mique \u00e0 lajeunesse, \u00e0 l'engagement et aux sports Occitanie et des services d\u00e9partementaux de la jeunesse, del'engagement et des sports de la r\u00e9gion acad\u00e9mique Occitanie ;Vu l'arr\u00eat\u00e9 du 3 novembre 2014 relatif \u00e0 la d\u00e9claration pr\u00e9alable aux accueils de mineurs pr\u00e9vue parl'article R. 227-2 du Code de l'action sociale et des familles;Vu le rapport de visite technique du service d\u00e9partemental d'incendie et de secours du Gard du 24janvier 2026 concernant l'\u00e9tablissement \u00ablieu de culte Kacimia \u00bb - 150 route de Bouillargues\u00e0 Garons (30);Vu le rapport de la visite de contr\u00f4le et d'\u00e9valuation r\u00e9alis\u00e9e le 24 janvier 2026 par le serviced\u00e9partemental \u00e0 la jeunesse, \u00e0 l'engagement et aux sports du Gard dans les locaux utilis\u00e9s parl'association dont la raison sociale est \u00ab association kacimia des fran\u00e7ais musulmans et de leurs amisdu Languedoc-Roussillon \u00bb et dont le si\u00e8ge se situe 7 rue des flotilles \u00e0 Garons (30) ;Vu la nature et la diversit\u00e9 des activit\u00e9s \u00e9ducatives propos\u00e9es aux mineurs scolaris\u00e9s parl'association dont la raison sociale est \u00ab association kacimia des fran\u00e7ais musulmans et de leurs amisdu Languedoc-Roussillon \u00bb et dont le si\u00e8ge se situe 7 rue des flotilles \u00e0 Garons (30);Vu l'urgence ;Consid\u00e9rant qu'\u00e0 l'occasion de la visite de contr\u00f4le et d'\u00e9valuation r\u00e9alis\u00e9e le 24 janvier 2026 par leservice d\u00e9partemental \u00e0 la jeunesse, \u00e0 l'engagement et aux sports du Gard dans les locaux utilis\u00e9spar l'association dont la raison sociale est \u00ab association kacimia des fran\u00e7ais musulmans et de leursamis du Languedoc-Roussillon \u00bb et dont le si\u00e8ge se situe 7 rue des flotilles \u00e0 Garons (30), locauxsitu\u00e9s au sein de l'\u00e9tablissement recevant du public sis 150 route de Bouillargues \u00e0 Garons (30), il a\u00e9t\u00e9 constat\u00e9 l'organisation d'un accueil collectif \u00e0 caract\u00e8re \u00e9ducatif de mineurs tel que mentionn\u00e9\u00e0 l'article L.227-4 du Code de l'action sociale et des familles accueillant 15 mineurs (\u00e2g\u00e9s de 5 \u00e0 14ans), en pr\u00e9sence de Madame Arbia AMARA, qui encadrait les mineurs pr\u00e9sents ;Consid\u00e9rant que l'analyse de risques du rapport de la visite technique effectu\u00e9e le 24 janvier 2026par le service d\u00e9partemental d'incendie et de secours du Gard, relative \u00e0 l'\u00e9tablissement \u00ab lieu deculte Kacimia \u2014 150 route de Bouillargues a Garons (30) indique que:e La non pr\u00e9sentation de v\u00e9rification r\u00e9glementaire de l'installation \u00e9lectrique des locaux,ainsi que les fils apparents, montrent une absence de ma\u00eetrise du risque \u00e9lectrique ;e L'absence de consignes et de formations \u00e0 l'utilisation des moyens de secours (extincteurs)par le personnel d'encadrement ne permet pas de ma\u00eetriser un d\u00e9part d'incendie;e La n\u00e9cessit\u00e9 de proc\u00e9der \u00e0 une \u00e9vacuation de mani\u00e8re rapide et en bon ordre de la totalit\u00e9des occupants est fortement compromise par le non-respect des largeurs r\u00e9glementaires,\nPrefecture du Gard - 30-2026-02-02-00005 - ARRETE PREFECTORAL PORTANT INTERRUPTION EN URGENCE D'UN ACCUEIL COLLECTIF\nA CARACTERE EDUCATIF DE MINEURS 15\ndes sorties de secours et du syst\u00e8me d'ouverture totale de ces portes ; ces \u00e9l\u00e9mentsconjugu\u00e9s favorisent un risque av\u00e9r\u00e9 de panique ;e En conclusion, le principe g\u00e9n\u00e9ral d'une \u00e9vacuation rapide et en bon ordre selon lesdispositions de l'article R.143-4 du Code de la construction et de l'habitation n'est pasgaranti ;Consid\u00e9rant qu'une table de lavage mortuaire est entrepos\u00e9e dans un local attenant a la salle declasse o\u00f9 sont accueillis les mineurs et que la gestion et l'utilisation d'une chambre fun\u00e9raireconstituent une mission de service public et que cette activit\u00e9 au sein d'un lieu de culte estcontraire au principe de la\u00efcit\u00e9 ;Consid\u00e9rant qu'\u00e0 l'occasion de la visite de contr\u00f4le et d'\u00e9valuation r\u00e9alis\u00e9e le 24 janvier 2026 par leservice d\u00e9partemental \u00e0 la jeunesse, \u00e0 l'engagement et aux sports du Gard dans les locaux utilis\u00e9spar l'association dont la raison sociale est \u00ab association kacimia des fran\u00e7ais musulmans et deleurs amis du Languedoc-Roussillon \u00bb et dont le si\u00e8ge se situe 7 rue des flotilles \u00e0 Garons (30),locaux situ\u00e9s au sein de l'\u00e9tablissement recevant du public sis 150 route de Bouillargues \u00e0 Garons(30) les faits suivants ont \u00e9t\u00e9 constat\u00e9s en pr\u00e9sence de Madame Arbia AMARA.e Organisation d'un accueil collectif \u00e0 caract\u00e8re \u00e9ducatif de mineurs tel que mentionn\u00e9 dansl'article L.227-4 du Code de l'action sociale et des familles avec la pr\u00e9sence de 15 mineursscolaris\u00e9s, accueillis en dehors de leur famille, pendant quatorze jours et plus, cons\u00e9cutifs ounon, sur le temps extrascolaire pour une dur\u00e9e minimale de deux heures par journ\u00e9e defonctionnement ;e Mise en \u0153uvre d'activit\u00e9s \u00e9ducatives aupr\u00e8s de mineurs, organis\u00e9es autour d'activit\u00e9s ded'apprentissage de la langue arabe (alphabet, vocabulaire, \u00e9criture et lecture), activit\u00e9smanuelles (p\u00e2te \u00e0 modeler, d\u00e9corations murales), projection de vid\u00e9os sous l'autorit\u00e9 d'unadulte et dans une classe;e Ouverture, fonctionnement et installation de cet accueil collectif de mineurs sans en avoirfait la d\u00e9claration pr\u00e9alable aupr\u00e8s de l'autorit\u00e9 administrative en violation de l'article L.227-5 du Code de l'action sociale et des familles ;\nConsid\u00e9rant les d\u00e9clarations de Madame Arbia AMARA qui a indiqu\u00e9 que 30 mineurs sont inscrits \u00e0cet accueil collectif \u00e0 caract\u00e8re \u00e9ducatif de mineurs et que dernier fonctionne depuis l'ann\u00e9e 2011 ;Consid\u00e9rant que cet accueil collectif \u00e0 caract\u00e8re \u00e9ducatif de mineurs qui se d\u00e9roule les samedis de10h00 \u00e0 12h00 et les dimanches de 10h00 \u00e0 12h00, pour une p\u00e9riode courant du 11 octobre au 20juin d'une m\u00eame ann\u00e9e scolaire n'a pas fait l'objet d'une d\u00e9claration pr\u00e9alable aupr\u00e8s de l'autorit\u00e9administrative tel que l'exige l'article L.227-5 du Code de l'action sociale et des familles ;Consid\u00e9rant que l'accueil collectif \u00e0 caract\u00e8re \u00e9ducatif de mineurs organis\u00e9 dans des locaux situ\u00e9sau sein de l'\u00e9tablissement recevant du public situ\u00e9 au 150 route de Bouillargues \u00e0 Garons (30) secaract\u00e9rise par une fr\u00e9quentation r\u00e9guli\u00e8re des mineurs inscrits auxquels il offre une diversit\u00e9d'activit\u00e9s organis\u00e9es ;Consid\u00e9rant que du fait de l'absence de d\u00e9claration de la part de l'organisateur de cet accueilcollectif \u00e0 caract\u00e8re \u00e9ducatif de mineurs le repr\u00e9sentant de l'\u00c9tat dans le d\u00e9partement n'a pas pufaire proc\u00e9der au contr\u00f4le de l'honorabilit\u00e9 des intervenants en contact avec les mineurs accueillisni v\u00e9rifier leurs qualifications et plus largement s'assurer que les conditions dans lesquelles estorganis\u00e9 cet accueil sont conformes aux exigences r\u00e9glementaires visant \u00e0 assurer la sant\u00e9 et las\u00e9curit\u00e9 physique ou morale des mineurs accueillis ;Consid\u00e9rant qu'il r\u00e9sulte de ce qui pr\u00e9c\u00e8de que le maintien de l'activit\u00e9 de l'accueil collectif \u00e0caract\u00e8re \u00e9ducatif de mineurs organis\u00e9 dans des locaux situ\u00e9s au sein de l'\u00e9tablissement recevant\nPrefecture du Gard - 30-2026-02-02-00005 - ARRETE PREFECTORAL PORTANT INTERRUPTION EN URGENCE D'UN ACCUEIL COLLECTIF\nA CARACTERE EDUCATIF DE MINEURS 16\ndu public situ\u00e9 au 150 route de Bouillargues \u00e0 Garons (30) par l'association dont la raison sociale est\u00ab association kacimia des fran\u00e7ais musulmans et de leurs amis du Languedoc-Roussillon \u00bb et dont lesi\u00e8ge se situe 7 rue des flotilles \u00e0 Garons (30) pr\u00e9sente des risques pour la sant\u00e9 et la s\u00e9curit\u00e9physique ou morale des mineurs et qu'il y a, de ce fait, urgence \u00e0 interrompre cet accueil collectif \u00e0caract\u00e8re \u00e9ducatif de mineurs \u00e0 titre conservatoire ;Sur la proposition de Madame la directrice de cabinet du pr\u00e9fet du Gard;\nARRETEArticle 1 : l'accueil collectif \u00e0 caract\u00e8re \u00e9ducatif de mineurs organis\u00e9 dans des locaux situ\u00e9s au seinde l'\u00e9tablissement recevant du public situ\u00e9 au 150 route de Bouillargues \u00e0 Garons (30) parl'association dont la raison sociale est \u00ab association kacimia des fran\u00e7ais musulmans et de leurs amisdu Languedoc-Roussillon \u00bb et dont le si\u00e8ge se situe 7 rue des flotilles \u00e0 Garons (30) est interrompuimm\u00e9diatement \u00e0 compter de la notification du pr\u00e9sent arr\u00eat\u00e9, et ce, jusqu'\u00e0 sa mise enconformit\u00e9.Article 2 : le non-respect des dispositions du pr\u00e9sent arr\u00eat\u00e9 est passible des sanctionsp\u00e9nales pr\u00e9vues \u00e0 l'article L.227-8 du Code de l'action sociale et des familles.Article 3 : le pr\u00e9sent arr\u00eat\u00e9 est susceptible, dans un d\u00e9lai de deux mois \u00e0 compter de sanotification, de faire l'objet :- d'un recours gracieux devant l'auteur de la d\u00e9cision,- d'un recours hi\u00e9rarchique aupr\u00e8s du ministre des sports, de la jeunesse et de la vie associative\u2014 95, avenue de France - 75650 Paris cedex 13- d'un recours contentieux devant le tribunal administratif de N\u00eemes - 16, avenue Feuch\u00e8res,30000 N\u00eemes. Le tribunal administratif peut aussi \u00eatre saisi par l'application informatique\u00ab T\u00e9l\u00e9recours Citoyens \u00bb accessible sur le site www.telerecours.fr.En cas de rejet implicite ou explicite du recours gracieux ou hi\u00e9rarchique, selon les dispositions del'article R.421-1 du Code dejustice administrative, un recours contentieux peut \u00eatre exerc\u00e9 dans und\u00e9lai de deux mois \u00e0 compter de ce rejet.Article 4: le pr\u00e9sent arr\u00eat\u00e9 sera publi\u00e9 au recueil des actes administratifs de la pr\u00e9fecture estcommuniqu\u00e9 pour information et aux fins utiles \u00e0 Madame la Procureure de la R\u00e9publique pr\u00e8s letribunal judiciaire de N\u00eemes.Article 5: le secr\u00e9taire g\u00e9n\u00e9ral de la pr\u00e9fecture du Gard, le commandant du groupement degendarmerie du Gard sont charg\u00e9s, chacun en ce qui le concerne, de l'ex\u00e9cution du pr\u00e9sent arr\u00eat\u00e9qui sera notifi\u00e9 au pr\u00e9sident de l'association \u00ab association kacimia des fran\u00e7ais musulmans et deleurs amis du Languedoc-Roussillon \u00bb ou \u00e0 tout autre membre du bureau de l'association\u00ab association kacimia des fran\u00e7ais musulmans et de leurs amis du Languedoc-Roussillon \u00bb.\nLepr\u00e9fet et\nPrefecture du Gard - 30-2026-02-02-00005 - ARRETE PREFECTORAL PORTANT INTERRUPTION EN URGENCE D'UN ACCUEIL COLLECTIF\nA CARACTERE EDUCATIF DE MINEURS 17\nPrefecture du Gard\n30-2026-02-02-00003\narr\u00eat\u00e9 autorisant la captation, l'enregistrement\net la transmission d'images au moyen de\ncam\u00e9ras install\u00e9es sur des a\u00e9ronefs\nPrefecture du Gard - 30-2026-02-02-00003 - arr\u00eat\u00e9 autorisant la captation, l'enregistrement et la transmission d'images au moyen de\ncam\u00e9ras install\u00e9es sur des a\u00e9ronefs 18\n| CABINETPREFET | DIRECTION DES S\u00c9CURIT\u00c9SDU GARD Service d'animation des politiquesLibert\u00e9 de s\u00e9curit\u00e9 int\u00e9rieure\u00c9galit\u00e9 Bureau des polices administrativesFraternit\u00e9\nARR\u00caT\u00c9 N\u00b030-2026-02-02-0001autorisant la captation, l'enregistrement et la transmission d'imagesau moyen de cam\u00e9ras install\u00e9es sur des a\u00e9ronefsLe Pr\u00e9fet du GardChevalier de la L\u00e9gion d'HonneurOfficier de l'Ordre National du M\u00e9riteVu le code de la s\u00e9curit\u00e9 int\u00e9rieure et notamment ses articles L. 242-1 \u00e0 L. 242-8 et R. 242-8 \u00e0R. 242-14;Vu le d\u00e9cret n\u00b0 2004-374 du 29 avril 2004 relatif aux pouvoirs des pr\u00e9fets, \u00e0 l'organisation et \u00e0l'action des services de l'\u00c9tat dans les r\u00e9gions et d\u00e9partements ;Vu le d\u00e9cret du 13 juillet 2023 nommant M. J\u00e9r\u00f4me BONET, pr\u00e9fet du Gard,Vu l'arr\u00eat\u00e9 pr\u00e9fectoral du 18 octobre 2024 n\u00b030-2024-10-18-00005 donnant d\u00e9l\u00e9gation designature \u00e0 M. Yann GERARD, secr\u00e9taire g\u00e9n\u00e9ral de la pr\u00e9fecture du Gard, sous-pr\u00e9fet de N\u00eemes ;Vu l'arr\u00eat\u00e9 pr\u00e9fectoral du 18 octobre 2024 n\u00b030-2024-10-18-00006 donnant d\u00e9l\u00e9gation designature \u00e0 M. Mathias NIEPS, sous-pr\u00e9fet, charg\u00e9 de mission aupr\u00e8s du pr\u00e9fet du Gard,secr\u00e9taire g\u00e9n\u00e9ral adjoint de la pr\u00e9fecture du Gard;Vu l'arr\u00eat\u00e9 pr\u00e9fectoral n\u00b030-2024-10-18-00009 du 18 octobre 2024 donnant d\u00e9l\u00e9gation designature \u00e0 Madame Marie-Charlotte EUVRARD, sous-pr\u00e9f\u00e8te, directrice de cabinet du pr\u00e9fet duGard;Vu l'arr\u00eat\u00e9 pr\u00e9fectoral n\u00b0 30-2024-11-28-00004 du 28 novembre 2024 donnant d\u00e9l\u00e9gation designature \u00e0 M. Franck LACOSTE, directeur des s\u00e9curit\u00e9s, directeur de cabinet adjoint du pr\u00e9fet duGard;Vu l'activation du plan Vigipirate au niveau urgence attentat;Vu l'arr\u00eat\u00e9 du ministre de l'Int\u00e9rieur et des outre-mer, en date du 19 avril 2023 relatif au nombremaximal de cam\u00e9ras install\u00e9es sur des a\u00e9ronefs pouvant \u00eatre simultan\u00e9ment utilis\u00e9es danschaque d\u00e9partement et collectivit\u00e9 d'outre-mer ; .Vu l'arr\u00eat\u00e9 n\u00b030-2024-07-05 du 7 mai 2024 autorisant la captation, l'enregistrement et latransmission d'images au moyen de cam\u00e9ras install\u00e9es sur des a\u00e9ronefs ;Vu la demande en date du 20 janvier 2026, form\u00e9e par la direction interd\u00e9partementale de lapolice nationale, visant \u00e0 obtenir l'autorisation de capter, d'enregistrer et de transmettre desimages au moyen de drone, afin de pr\u00e9venir les atteintes \u00e0 la s\u00e9curit\u00e9 des personnes et des biensau sein des p\u00e9rim\u00e8tres pr\u00e9cis\u00e9s en annexe du pr\u00e9sent arr\u00eat\u00e9, \u00e0 Al\u00e8s dans le cadre d'op\u00e9rationscoordonn\u00e9es cibl\u00e9es du mercredi 4 f\u00e9vrier 2026 \u00e0 6h00 aujeudi 19 f\u00e9vrier 2026 \u00e0 21h00 ;Consid\u00e9rant que les dispositions susvis\u00e9es permettent aux forces de s\u00e9curit\u00e9 int\u00e9rieure, dansl'exercice de leurs missions de protection de la s\u00e9curit\u00e9 des personnes et des biens, de proc\u00e9der\u00e0 la captation, \u00e0 l'enregistrement et \u00e0 la transmission d'images au moyen de cam\u00e9ras install\u00e9essur des a\u00e9ronefs aux fins d'assurer la s\u00e9curit\u00e9 des personnes et des biens; que notamment, le1\u00b0 de l'article L. 242-5 susvis\u00e9 pr\u00e9voit que ces dispositifs peuvent \u00eatre mis en \u0153uvre au titre de lapr\u00e9vention des atteintes \u00e0 la s\u00e9curit\u00e9 des personnes et des biens dans des lieux particuli\u00e8rementH\u00f4tel de la Pr\u00e9fecture 10 avenue Feuch\u00e8res \u2014 30045 NIMES CEDEX 9T\u00e9l : 04.66.36.43.90- Fax : 04.66.36.00.87 \u2014 www.gard.gouv.fr\nPrefecture du Gard - 30-2026-02-02-00003 - arr\u00eat\u00e9 autorisant la captation, l'enregistrement et la transmission d'images au moyen de\ncam\u00e9ras install\u00e9es sur des a\u00e9ronefs 19\nexpos\u00e9s, en raison de leurs caract\u00e9ristiques ou des faits qui s'y sont d\u00e9j\u00e0 d\u00e9roul\u00e9s, \u00e0 des risquesd'agression, de vol ou de trafics d'armes, d'\u00eatres humains ou de stup\u00e9fiants, ainsi que laprotection des batiments et installations publics et de leurs abords imm\u00e9diats, lorsqu'ils sontparticuli\u00e8rement expos\u00e9s \u00e0 des risques d'intrusion ou de d\u00e9gradations ;Consid\u00e9rant que le trafic de stup\u00e9fiants sur la commune d'Al\u00e9s se concentre sur 4 quartiersstructurellement compliqu\u00e9s marqu\u00e9s par un trafic de drogue omnipr\u00e9sent avec une forteorganisation criminelle de dissimulation (visages dissimul\u00e9s, pr\u00e9sence de caches dans les \u00e9gouts,les voitures, les appartements nourrices, les caves, pr\u00e9sence de guetteurs, segmentation dest\u00e2ches...) et des approvisionnements qui se font \u00e0 toute heure ;Consid\u00e9rant que les partenaires institutionnels ou associatifs se plaignent de cetteomnipr\u00e9sence de la drogue comme la CAF aux Promelles ou France Travail au Pr\u00e9 Saint-Jean ;Consid\u00e9rant la pr\u00e9sence d'\u00e9tablissements scolaires dans les quartiers des C\u00e9vennes et desPromelles;Consid\u00e9rant le souhait d'une pr\u00e9sence polici\u00e8re plus forte de la part de la population et de lamairie d'Al\u00e8s ;Consid\u00e9rant que 6 \u00e9pisodes de tirs ont \u00e9t\u00e9 r\u00e9pertori\u00e9s depuis le second semestre 2025, dont 2homicides et 2 tentatives d'homicide ;Consid\u00e9rant qu'au sein des quartiers des C\u00e9vennes, des Pr\u00e9s Saint-Jean, des Promelles et deRochebelle \u00e0 Al\u00e8s des trafics de stup\u00e9fiants sont r\u00e9guli\u00e8rement observ\u00e9s entra\u00eenant despressions et des menaces sur les habitants et les employ\u00e9s des services publics ;Consid\u00e9rant la pr\u00e9sence de 4 points de deal sur la commune d'Al\u00e8s ;Consid\u00e9rant que les op\u00e9rations men\u00e9es r\u00e9guli\u00e8rement dans ces quartiers ont permis deconfirmer que les points de deal sont actifs, non sans violence ;Consid\u00e9rant les nombreuses saisies de produits stup\u00e9fiants et de sommes d'argent qui ontpermis de d\u00e9stabiliser les acteurs de ces trafics ;Consid\u00e9rant que ces faits mobilisent de fa\u00e7on significative des forces de l'ordre ainsi que desmoyens de secours ;Consid\u00e9rant que les forces de l'ordre subissent de nombreux jets de projectiles lors de leursinterventions ;Consid\u00e9rant que le point de deal des C\u00e9vennes est le mieux implant\u00e9 et le plus lucratif dans unquartier qui malgr\u00e9 les r\u00e9novations urbaines offre des points de replis aux dealers avec unensemble d'immeubles de grande hauteur disposant de halls d'entr\u00e9e menant aux caves, aux\u00e9tages et aux toits;Consid\u00e9rant que le quartier des C\u00e9vennes est desservi par un grand r\u00e9seau de voies publiquesfacilitant la fuite des acheteurs et des dealers ;Consid\u00e9rant que ce point de deal g\u00e9n\u00e8re des difficult\u00e9s aux bailleurs et impacte la vie des \u00e9l\u00e8veset des enseignants de l'\u00e9cole primaire situ\u00e9e \u00e0 proximit\u00e9 ;Consid\u00e9rant que le point de deal du Pr\u00e9 Saint-Jean,bien que de moindre envergure,reste sensiblede part son implantation \u00e0 proximit\u00e9 de coll\u00e8ges; que d\u00e9mantel\u00e9 \u00e0 plusieurs reprises il est denouveau actif;Consid\u00e9rant que les interventions de la police y sont compliqu\u00e9es par l'agencement desimmeubles et des voies d'acc\u00e8s, que les possibilit\u00e9s de dissimulation et de fuites sontnombreuses pour les acteurs du trafic ;Consid\u00e9rant que le point de deal de Rochebelle implant\u00e9 dans un ancien faubourg ouvrier enp\u00e9riph\u00e9rie \u00e0 l'Est du centre ville comprend une architecture urbaine peu favorable auxinterventions de la police avec un logement locatif tr\u00e8s d\u00e9grad\u00e9 et de nombreuses voies decirculation ;\nPrefecture du Gard - 30-2026-02-02-00003 - arr\u00eat\u00e9 autorisant la captation, l'enregistrement et la transmission d'images au moyen de\ncam\u00e9ras install\u00e9es sur des a\u00e9ronefs 20\n\\\nConsid\u00e9rant que le point de deal de Rochebelle est singulier dans le paysage du narcotrafical\u00e9sien avec un fonctionnement \u00e0 plusieurs acteurs sans v\u00e9ritable organisation pyramidale, qued\u00e9mantel\u00e9 en mai 2023 par une action judiciaire et r\u00e9activ\u00e9 depuis l'\u00e9t\u00e9 2024,il est un des rarespoint de deal d'h\u00e9roine du d\u00e9partement attirant une client\u00e8le de marginaux source dedifficult\u00e9s en mati\u00e8re de tranquillit\u00e9 publique dans le centre ville d'Al\u00e8s ;Consid\u00e9rant que le point de deal des Promelles est situ\u00e9 en p\u00e9riph\u00e9rie de circonscription au sudde la ville dans un quartier o\u00f9 r\u00e9side une forte communaut\u00e9 gitane s\u00e9dentaris\u00e9e avec dessolidarit\u00e9s familiales et une configuration des lieux pr\u00e9sentant un seul axe de circulation ce quicomplique le travail de harc\u00e8lement de la police ;Consid\u00e9rant que la configuration des lieux entraine la d\u00e9tection imm\u00e9diate des effectifs depolice que les guetteurs post\u00e9s sur le toit de l'\u00e9cole voisine \u00e9chappent aux contr\u00f4les des forcesde l'ordre que la forme du b\u00e2timent principal de ce quartier emp\u00eache une surveillanced''ensemble ;Consid\u00e9rant que sur chacun de ces secteurs, l'appui a\u00e9rien par drone a confirm\u00e9 l'existence detrafics de stup\u00e9fiants et r\u00e9v\u00e9l\u00e9 la commission d'infractions connexes; que ces surveillances,coordonn\u00e9es avec d'autres effectifs au sol, ont permis l'interpellation des acteurs des trafics(acheteurs, guetteurs, vendeurs et tr\u00e9soriers); que des quantit\u00e9s de stup\u00e9fiants, de l'argent etdes armes ont \u00e9galement \u00e9t\u00e9 saisis ;Consid\u00e9rant que du 1\u00b0 au 15 janvier 2026 63 personnes ont \u00e9t\u00e9 mises en cause; 0,525 kilo decocaine, 0,075 kilo d'herbe de cannabis et 1,265 kilos de r\u00e9sine de cannabis ont \u00e9t\u00e9 saisis ;Consid\u00e9rant que ces quartiers ne sont pas totalement couverts par les cam\u00e9ras de vid\u00e9o-surveillance de la ville d'Al\u00e9s: les cam\u00e9ras sont, soit ext\u00e9rieures au quartier, soit volontairementd\u00e9truites par les d\u00e9linquants;Consid\u00e9rant que, compte tenu du risque d'atteintes \u00e0 la s\u00e9curit\u00e9 des personnes et des biens, durisque de troubles \u00e0 l'ordre public et \u00e0 la s\u00e9curit\u00e9 publique, de la sensibilit\u00e9 des quartiers, del'ampleur de la zone \u00e0 s\u00e9curiser et de la topographie urbaine des lieux concern\u00e9s, de l'int\u00e9r\u00eat dedisposer d'une vision en grand angle pour permettre le maintien et le r\u00e9tablissement de l'ordrepublic et le suivi de la concentration des flux et des mouvements de personnes tout en limitantl'engagement des forces au sol, le recours au dispositif de captation install\u00e9 sur un drone estn\u00e9cessaire et adapt\u00e9 ;Consid\u00e9rant que la demande porte sur l'engagement de deux drones muni d'une cam\u00e9raa\u00e9roport\u00e9e pour une dur\u00e9e de 16 jours dans les secteurs d\u00e9limit\u00e9s par le plan joint au pr\u00e9sentarr\u00eat\u00e9; que les lieux surveill\u00e9s sont strictement limit\u00e9s au p\u00e9rim\u00e8tre sur lequel les risques pour las\u00e9curit\u00e9 des personnes sont susceptibles de survenir; qu'au regard des circonstancessusmentionn\u00e9es, la demande n'appara\u00eet pas disproportionn\u00e9e ;Consid\u00e9rant que le recours \u00e0 la captation, l'enregistrement et la transmission d'images feral'objet d'une publication au recueil des actes administratifs de la pr\u00e9fecture du Gard; quetoutefois, en vertu de l'article R. 242-13 du code de la s\u00e9curit\u00e9 int\u00e9rieure, il y a lieu de d\u00e9roger auprincipe d'information du public d\u00e8s lors que cette information est en contradiction avec lafinalit\u00e9 pour laquelle le dispositif est autoris\u00e9 ; qu'en l'esp\u00e8ce, eu \u00e9gard au climatparticuli\u00e8rement sensible r\u00e9gnant dans les quartiers concern\u00e9s et aux tensions qui y sontr\u00e9guli\u00e8rement constat\u00e9es, une telle information serait de nature \u00e0 accro\u00eetre ce climat et cestensions;Sur proposition de la directrice de cabinet du pr\u00e9fet du Gard;Arr\u00eateArticle 1: La captation, l'enregistrement et la transmission d'images par la directioninterd\u00e9partementale de la police nationale, est autoris\u00e9e au titre de la pr\u00e9vention des atteintes \u00e0la s\u00e9curit\u00e9 des personnes et des biens et de l'appui des personnes au sol en vue de leurpermettre de maintenir ou de r\u00e9tablir l'ordre public.\nPrefecture du Gard - 30-2026-02-02-00003 - arr\u00eat\u00e9 autorisant la captation, l'enregistrement et la transmission d'images au moyen de\ncam\u00e9ras install\u00e9es sur des a\u00e9ronefs 21\nArticle 2: Le nombre maximal de cam\u00e9ras pouvant proc\u00e9der simultan\u00e9ment aux traitementsmentionn\u00e9s \u00e0 l'article 1\u00b0 est fix\u00e9 \u00e0 2 (mod\u00e8le DJI Matrice 4T).Article 3 : La pr\u00e9sente autorisation est limit\u00e9e au p\u00e9rim\u00e8tre g\u00e9ographique figurant sur le planjoint en annexe.Article 4: La pr\u00e9sente autorisation est d\u00e9livr\u00e9e du mercredi 4 f\u00e9vrier 2026 \u00e0 06h00 au jeudi 19f\u00e9vrier 2026 \u00e0 21h00, pour proc\u00e9der aux traitements mentionn\u00e9s \u00e0 l'article 1\u00b0 \u00e0 tout moment dela journ\u00e9e entre 06h00 et 21h00, sur une dur\u00e9e qui ne peut pas exc\u00e9der quatre heurescons\u00e9cutives.Article 5 : Le registre mentionn\u00e9 \u00e0 l'article L. 242-4 du code de la s\u00e9curit\u00e9 int\u00e9rieure est transmisau repr\u00e9sentant de l'\u00c9tat dans le d\u00e9partement \u00e0 l'issue de l'\u00e9v\u00e8nement.Article 6 : Le pr\u00e9sent arr\u00eat\u00e9 est publi\u00e9 au recueil des actes administratifs de la pr\u00e9fecture et peut\u00eatre contest\u00e9 dans les deux mois suivant sa notification :- soit par voie de recours gracieux form\u00e9 aupr\u00e8s de M. le Pr\u00e9fet du Gard;- soit par voie de recours hi\u00e9rarchique form\u00e9 aupr\u00e8s de M. le Ministre de l'Int\u00e9rieur;- soit par voie de recours contentieux d\u00e9pos\u00e9 devant le tribunal administratif deN\u00eemes.Le tribunal administratif peut aussi \u00eatre saisi par l'application informatique 'TelerecoursCitoyens', accessible par le site internet www.telerecours.fr.Article 7 : la directrice de cabinet du pr\u00e9fet du Gard et le directeur interd\u00e9partemental de lapolice nationale sont charg\u00e9s, chacun en ce qui le concerne, de l'ex\u00e9cution du pr\u00e9sent arr\u00eat\u00e9.Nimes, le 02 f\u00e9vrier 2026\nLe pr\u00e9fet,Marie-Charlotte EUVRARD\nPrefecture du Gard - 30-2026-02-02-00003 - arr\u00eat\u00e9 autorisant la captation, l'enregistrement et la transmission d'images au moyen de\ncam\u00e9ras install\u00e9es sur des a\u00e9ronefs 22\nQUARTIER DES PROMELLES\nZone d\u00e9limit\u00e9e par les axes suivants :- Chemin de la Luquette- Veille route d'Anduze- Chemin des Tabans- Chemin des Dupines- Avenue Olivier des Serres\nPrefecture du Gard - 30-2026-02-02-00003 - arr\u00eat\u00e9 autorisant la captation, l'enregistrement et la transmission d'images au moyen de\ncam\u00e9ras install\u00e9es sur des a\u00e9ronefs 23\na hae\"2Dr\nVA+\nFeep PEhia) Fe\nweBat .1 2foEN DirSd\n:\n1. 1- CI7 :\nm= 4,\n: LR eoANNEE D=e\no\nA.\n1\na 1ea \u00a9 = =SN, En LE\nPrefecture du Gard - 30-2026-02-02-00003 - arr\u00eat\u00e9 autorisant la captation, l'enregistrement et la transmission d'images au moyen de\ncam\u00e9ras install\u00e9es sur des a\u00e9ronefs 24\nQuartier PRES SAINT JEANZone d\u00e9limit\u00e9e par les axes suivants :- Quai du 11 novembre 1918- Quai du 8 mai 1945- Avenue Maurice Thorez- Quai de Grabieux- Avenued' Alsace- Rue du faubourg d'Auvergne- Quai Boissier de Sauvages .\nPrefecture du Gard - 30-2026-02-02-00003 - arr\u00eat\u00e9 autorisant la captation, l'enregistrement et la transmission d'images au moyen de\ncam\u00e9ras install\u00e9es sur des a\u00e9ronefs 25\nPrefecture du Gard - 30-2026-02-02-00003 - arr\u00eat\u00e9 autorisant la captation, l'enregistrement et la transmission d'images au moyen de\ncam\u00e9ras install\u00e9es sur des a\u00e9ronefs 26\nC\u00e9vennesZone d\u00e9limit\u00e9e par les axes suivants :- quai de Grabieux- rue Auguste Delaune- rue de Lajudie\nPrefecture du Gard - 30-2026-02-02-00003 - arr\u00eat\u00e9 autorisant la captation, l'enregistrement et la transmission d'images au moyen de\ncam\u00e9ras install\u00e9es sur des a\u00e9ronefs 27\n\u00f9 \u00a9 HE: LE 7\nt\n: : 7 : = - h =7 r 1 * 7 - L L = =. a  -.\n- a n 7- - 7 >\nUn L 7 1 |\n+.  \n$\n==a - L+:> By see\nL '\n.\n+\na%\na\nLA \n|\n.\nE\na\nPrefecture du Gard - 30-2026-02-02-00003 - arr\u00eat\u00e9 autorisant la captation, l'enregistrement et la transmission d'images au moyen de\ncam\u00e9ras install\u00e9es sur des a\u00e9ronefs 28\nQUARTIER DE ROCHEBELLEZone d\u00e9limit\u00e9e par les axes suivants :- Quai du 11 Novembre- Quai de Kilmarnoch- pont de Rochebelle- rue du Faubourg Rochebelle- chemin de tireloup- chemin de St Raby- rue Jean Giono\n&iles to\nPrefecture du Gard - 30-2026-02-02-00003 - arr\u00eat\u00e9 autorisant la captation, l'enregistrement et la transmission d'images au moyen de\ncam\u00e9ras install\u00e9es sur des a\u00e9ronefs 29\ntihenon|\n-ae\n0\n1\nrec\n15 \u00e0 77 ot, 7iierik=\nPrefecture du Gard - 30-2026-02-02-00003 - arr\u00eat\u00e9 autorisant la captation, l'enregistrement et la transmission d'images au moyen de\ncam\u00e9ras install\u00e9es sur des a\u00e9ronefs 30\nPrefecture du Gard\n30-2026-02-02-00004\narr\u00eat\u00e9 autorisant la captation, l'enregistrement\net la transmission d'images au moyen de\ncam\u00e9ras install\u00e9es sur des a\u00e9ronefs\nPrefecture du Gard - 30-2026-02-02-00004 - arr\u00eat\u00e9 autorisant la captation, l'enregistrement et la transmission d'images au moyen de\ncam\u00e9ras install\u00e9es sur des a\u00e9ronefs 31\n| 3H CABINETPREFET DIRECTION DES SECURITESDU GARD Service d'animation des politiquesLibert\u00e9 de s\u00e9curit\u00e9 int\u00e9rieureEgalit\u00e9 Bureau des polices administrativesFraternit\u00e9\nARR\u00caT\u00c9 N\u00b030-2026-02-02-0001autorisant la captation, l'enregistrement et la transmission d'imagesau moyen de cam\u00e9ras install\u00e9es sur des a\u00e9ronefs\nLe Pr\u00e9fet du GardChevalier de la L\u00e9gion d'HonneurOfficier de l'Ordre National du M\u00e9riteVu le code de la s\u00e9curit\u00e9 int\u00e9rieure et notamment ses articles L. 242-1 \u00e0 L. 242-8 et R. 242-8 \u00e0R. 242-14 ;Vu le d\u00e9cret n\u00b0 2004-374 du 29 avril 2004 relatif aux pouvoirs des pr\u00e9fets, \u00e0 l'organisation et \u00e0l'action des services de l'\u00c9tat dans les r\u00e9gions et d\u00e9partements ;Vu le d\u00e9cret du 13juillet 2023 nommant M. J\u00e9r\u00f4me BONET, pr\u00e9fet du Gard,Vu l'arr\u00eat\u00e9 pr\u00e9fectoral du 18 octobre 2024 n\u00b030-2024-10-18-00005 donnant d\u00e9l\u00e9gation designature \u00e0 M. Yann GERARD, secr\u00e9taire g\u00e9n\u00e9ral de la pr\u00e9fecture du Gard, sous-pr\u00e9fet de N\u00eemes ;Vu l'arr\u00eat\u00e9 pr\u00e9fectoral du 18 octobre 2024 n\u00b030-2024-10-18-00006 donnant d\u00e9l\u00e9gation designature \u00e0 M. Mathias NIEPS, sous-pr\u00e9fet, charg\u00e9 de mission aupr\u00e8s du pr\u00e9fet du Gard,secr\u00e9taire g\u00e9n\u00e9ral adjoint de la pr\u00e9fecture du Gard;Vu l'arr\u00eat\u00e9 pr\u00e9fectoral n\u00b030-2024-10-18-00009 du 18 octobre 2024 donnant d\u00e9l\u00e9gation designature \u00e0 Madame Charlotte EUVRARD, sous-pr\u00e9f\u00e8te, directrice de cabinet du pr\u00e9fet du Gard;Vu l'arr\u00eat\u00e9 pr\u00e9fectoral n\u00b0 30-2024-11-28-00004 du 28 novembre 2024 donnant d\u00e9l\u00e9gation designature \u00e0 M. Franck LACOSTE, directeur des s\u00e9curit\u00e9s, directeur de cabinet adjoint du pr\u00e9fet duGard ;Vu l'activation du plan Vigipirate au niveau urgence attentat;Vu l'arr\u00eat\u00e9 du ministre de l'Int\u00e9rieur et des outre-mer, en date du 19 avril 2023 relatif au nombremaximal de cam\u00e9ras install\u00e9es sur des a\u00e9ronefs pouvant \u00eatre simultan\u00e9ment utilis\u00e9es danschaque d\u00e9partement et collectivit\u00e9 d'outre-mer ;Vu l'arr\u00eat\u00e9 n\u00b030-2024-07-05 du 7 mai 2024 autorisant la captation, l'enregistrement et latransmission d'images au moyen de cam\u00e9ras install\u00e9es sur des a\u00e9ronefs ;Vu la demande en date du 20 janvier 2026, form\u00e9e par la direction interd\u00e9partementale de lapolice nationale, visant \u00e0 obtenir l'autorisation de capter, d'enregistrer et de transmettre desimages au moyen de deux drones portant chacun une cam\u00e9ra, afin de pr\u00e9venir les atteintes \u00e0 las\u00e9curit\u00e9 des personnes et des biens au sein des p\u00e9rim\u00e8tres pr\u00e9cis\u00e9s en annexe du pr\u00e9sent arr\u00eat\u00e9,\u00e0 N\u00eemes du mercredi 4 f\u00e9vrier \u00e0 6h00 au jeudi 19 f\u00e9vrier 2026 \u00e0 21h00;Consid\u00e9rant que les dispositions susvis\u00e9es permettent aux forces de s\u00e9curit\u00e9 int\u00e9rieure, dansl'exercice de leurs missions de protection de la s\u00e9curit\u00e9 des personnes et des biens, de proc\u00e9der\u00e0 la captation, \u00e0 l'enregistrement et \u00e0 la transmission d'images au moyen de cam\u00e9ras install\u00e9essur des a\u00e9ronefs; que notamment, le 1\u00b0 de l'article L. 242-5 susvis\u00e9 pr\u00e9voit que ces dispositifsH\u00f4tel de la Pr\u00e9fecture 10 avenue Feuch\u00e8res \u2014 30045 NIMES CEDEX 9T\u00e9l : 04.66.36.43.90- Fax : 04.66.36.00.87 \u2014 www.gard.gouv.fr\nPrefecture du Gard - 30-2026-02-02-00004 - arr\u00eat\u00e9 autorisant la captation, l'enregistrement et la transmission d'images au moyen de\ncam\u00e9ras install\u00e9es sur des a\u00e9ronefs 32\npeuvent \u00eatre mis en \u0153uvre au titre de la pr\u00e9vention des atteintes \u00e0 la s\u00e9curit\u00e9 des personnes etdes biens dans des lieux particuli\u00e8rement expos\u00e9s, en raison de leurs caract\u00e9ristiques ou des faitsqui s'y sont d\u00e9j\u00e0 d\u00e9roul\u00e9s, \u00e0 des risques d'agression, de vol ou de trafics d'armes, d'\u00eatres humainsou de stup\u00e9fiants, ainsi que la protection des b\u00e2timents et installations publics et de leursabords imm\u00e9diats, lorsqu'ils sont particuli\u00e8rement expos\u00e9s a des risques d'intrusion ou ded\u00e9gradations ;Consid\u00e9rant que depuis plusieurs mois, la ville de N\u00eemes conna\u00eet un important trafic destup\u00e9fiants ; que ces derni\u00e8res semaines la r\u00e9currence et la gravit\u00e9 des faits de d\u00e9linquance devoie publique li\u00e9s \u00e0 ce trafic mobilisent de fa\u00e7on significative les forces de l'ordre et les moyensde secours ; |Consid\u00e9rant que l'actualit\u00e9 reste soutenue par de nombreux faits de violence avec arme, tird'intimidation, homicide et tentative d'homicide; derni\u00e8rement, entre le 27 juin et le 26juillet,11 fusillades ont eu lieu dans les diff\u00e9rents quartiers sensibles de N\u00eemes faisant 10 bless\u00e9s et 3tu\u00e9s, la derni\u00e8re fusillade a eu lieu le samedi 26juillet, son auteur a \u00e9t\u00e9 interpell\u00e9;Consid\u00e9rant que la DIPN b\u00e9n\u00e9ficie de renforts zonaux et mobiles ;Consid\u00e9rant que dans le cadre du PADRSQ/OVSR \u00e0 N\u00eemes, des op\u00e9rations de contr\u00f4le etd'occupation de la voie publique sont en cours pour lutter contre le narcotrafic et les fusillades;Consid\u00e9rant que lors de leurs interventions les forces de l'ordre subissent de nombreux jets deprojectiles ;Consid\u00e9rant que les quartiers ouest de la ville de N\u00eemes (Pissevin Valdegour) class\u00e9s quartier dereconqu\u00eate r\u00e9publicaine (QRR) connaissent en 2025 des faits de r\u00e8glements de comptesignificatifs sans pr\u00e9c\u00e9dent avec trois points de deal r\u00e9pertori\u00e9s dont celui de la galerie Wagnerreste sans conteste le point le plus disput\u00e9 de la ville de N\u00eemes pour ses revenus attractifs ;Consid\u00e9rant l'intensification des pressions, menaces et contr\u00f4les exerc\u00e9s sur les habitants et lesservices publics par les membres du trafic de stup\u00e9fiants ;Consid\u00e9rant que des op\u00e9rations de contr\u00f4le sont organis\u00e9es toutes les semaines permettant lad\u00e9couverte et la saisie de quantit\u00e9s importantes de produits stup\u00e9fiants, d'armes etl'interpellation des acteurs de ces trafics ;Consid\u00e9rant que les quartiers de Pissevin et Valdegour (QRR) b\u00e9n\u00e9ficient du programme derenouvellement urbain (ANRU) et d'un engagement de nombreuses soci\u00e9t\u00e9s sur diff\u00e9rentschantiers dont les employ\u00e9s ont fait valoir leur droit de retrait apr\u00e8s avoir \u00e9t\u00e9 menac\u00e9s et dontles zones de travaux ont subi des d\u00e9gradations ;Consid\u00e9rant que l'architecture du quartier n'est pas favorable aux interventions de la policeavec un ensemble urbain compos\u00e9 de tours de grande hauteur disposant d'acc\u00e8s de part etd'autre et d'esplanades desservant des halls d'entr\u00e9e, des parkings et des terrasses quimultiplient les possibilit\u00e9s de fuite ;Consid\u00e9rant que les auteurs des trafics ont l'opportunit\u00e9 d'acc\u00e9der aux toits des b\u00e2timents quirestent un lieu privil\u00e9gi\u00e9 pour les guetteurs;Consid\u00e9rant que du 1\u00b0 au 15 janvier 2026 17 personnes mises en cause ont \u00e9t\u00e9 interpell\u00e9es ;Consid\u00e9rant que les quartiers Est du Chemin Bas d'Avignon, Clos d'Orville et du Mas de Minguesont particuli\u00e8rement touch\u00e9s par le trafic de stup\u00e9fiants avec trois points de deal situ\u00e9s pourdeux d'entre eux en face d'\u00e9tablissements scolaires ;Consid\u00e9rant les pressions et menaces sur les habitants et les employ\u00e9s des services publics (Laposte, transports en commun...) ;Consid\u00e9rant que dans ce quartier ouvert qui comprend de nombreuses voies d'acc\u00e8s et unhabitat compos\u00e9 d'immeubles de taille moyenne et de zones v\u00e9g\u00e9talis\u00e9es la fuite desprotagonistes du trafic est particuli\u00e8rement ais\u00e9e rendant les interventions des forces de l'ordreplus compliqu\u00e9es ;\nPrefecture du Gard - 30-2026-02-02-00004 - arr\u00eat\u00e9 autorisant la captation, l'enregistrement et la transmission d'images au moyen de\ncam\u00e9ras install\u00e9es sur des a\u00e9ronefs 33\nConsid\u00e9rant que depuis plusieurs semaines, il a \u00e9t\u00e9 constat\u00e9 une reprise d'activit\u00e9 intense sur lepoint de deal du Chemin Bas d'Avignon, avec de nombreuses interpellations r\u00e9alis\u00e9es grace ades renforts et des effectifs locaux ;Consid\u00e9rant que du 1\" au 15 janvier 2026 20 personnes mises en causes ont \u00e9t\u00e9 interpell\u00e9es ;Consid\u00e9rant que le secteur du centre-ville de Nimes est marqu\u00e9 par une tendance a lamultiplication de plusieurs points de deal (de petite envergure) en centre-ville (Placette, NordGambetta, rue Nationale) ainsi que le secteur Vistre ;Consid\u00e9rant que pr\u00e9s de 30 % des faits constat\u00e9s sur Nimes concernent le centre ville, 42 % desatteintes concernent les biens (cambriolages, vols de voiture, d\u00e9gradations de biens publics oupriv\u00e9s);Consid\u00e9rant que le secteur du Vistre pr\u00e9sente une architecture atypique soulign\u00e9e par une seulevoie d'acc\u00e9s (rue du Vistre), une entr\u00e9e marqu\u00e9e par deux grands batiments surmontant desparkings, deux blocs de logements et de commerces \u00e0 l'arri\u00e8re le tout compl\u00e9t\u00e9 par des jardinset des parcs publics;Consid\u00e9rant que les op\u00e9rations men\u00e9es sur cette zone ont d\u00e9montr\u00e9 la naissance d'une forteactivit\u00e9 li\u00e9e au trafic de stup\u00e9fiants et que les acteurs du trafic profitent de la dispositiong\u00e9ographique du secteur du Vistre pour se dissimuler ou prendre la fuite ;Consid\u00e9rant que trois points de deal sont r\u00e9pertori\u00e9s sur l'ensemble de cette zone ;Consid\u00e9rant que du 1\u00b0 au 15 janvier 2026 20 personnes mises en cause ont \u00e9t\u00e9 interpell\u00e9es ;Consid\u00e9rant que les contr\u00f4les r\u00e9guliers men\u00e9s pour d'endiguer le ph\u00e9nom\u00e8ne ont permis lad\u00e9couverte derni\u00e8rement de plusieurs kilos de stup\u00e9fiants ;Consid\u00e9rant qu'au cours du mois de d\u00e9cembre 2025 0,696 kilo de r\u00e9sine de cannabis, 0,084 kilod'herbe de cannabis et 0,0855 kilo de cocaine ont \u00e9t\u00e9 saisis ;Consid\u00e9rant que ces quartiers ne sont pas couverts par les cam\u00e9ras de vid\u00e9o surveillance, que lescam\u00e9ras sont soient ext\u00e9rieures aux quartiers soit volontairement d\u00e9truites par les d\u00e9linquants ;Consid\u00e9rant que sur chacun de ces secteurs, l'appui a\u00e9rien par drone a confirm\u00e9 l'existence detrafics de stup\u00e9fiants et r\u00e9v\u00e9l\u00e9 la commission d'infractions connexes; que ces surveillances,coordonn\u00e9es avec d'autres effectifs au sol, ont permis l'interpellation des acteurs du trafic(acheteurs, guetteurs, vendeurs et tr\u00e9sorier) et la saisie de stup\u00e9fiants, d'argent et d'armes;Consid\u00e9rant que les op\u00e9rations de trafic peuvent d\u00e9buter \u00e0 tout moment de la journ\u00e9e entre6h00 et 21h00 mais pour une dur\u00e9e de temps tr\u00e8s limit\u00e9e ;Consid\u00e9rant que, compte tenu du risque d'atteintes \u00e0 la s\u00e9curit\u00e9 des personnes et des biens, durisque de troubles \u00e0 l'ordre public et \u00e0 la s\u00e9curit\u00e9 publique, de la sensibilit\u00e9 des quartiers, del'ampleur de la zone \u00e0 s\u00e9curiser et de la topographie urbaine des lieux concern\u00e9s, de l'int\u00e9r\u00eat dedisposer d'une vision en grand angle pour permettre le maintien et le r\u00e9tablissement de l'ordrepublic et le suivi de la concentration des flux et des mouvements de personnes tout en limitantl'engagement des forces au sol, le recours au dispositif de captation install\u00e9 sur un drone estn\u00e9cessaire et adapt\u00e9; .Consid\u00e9rant que la demande porte sur l'engagement de deux drones munis d'une cam\u00e9raa\u00e9roport\u00e9e pour une dur\u00e9e de 16 jours dans les secteurs d\u00e9limit\u00e9s par le plan joint au pr\u00e9sentarr\u00eat\u00e9; que les lieux surveill\u00e9s sont strictement limit\u00e9s au p\u00e9rim\u00e8tre sur lequel les risques pour las\u00e9curit\u00e9 des personnes sont susceptibles de survenir; qu'au regard des circonstancessusmentionn\u00e9es, la demande n'appara\u00eet pas disproportionn\u00e9e;Consid\u00e9rant que le recours \u00e0 la captation, l'enregistrement et la transmission d'images feral'objet d'une publication au recueil des actes administratifs de la pr\u00e9fecture du Gard; quetoutefois, en vertu de l'article R. 242-13 du code de la s\u00e9curit\u00e9 int\u00e9rieure, il y a lieu de d\u00e9roger auprincipe d'information du public d\u00e8s lors que cette information est en contradiction avec lafinalit\u00e9 pour laquelle le dispositif est autoris\u00e9; qu'en l'esp\u00e8ce, eu \u00e9gard au climat\nPrefecture du Gard - 30-2026-02-02-00004 - arr\u00eat\u00e9 autorisant la captation, l'enregistrement et la transmission d'images au moyen de\ncam\u00e9ras install\u00e9es sur des a\u00e9ronefs 34\nparticuli\u00e8rement sensible r\u00e9gnant dans les quartiers concern\u00e9s et aux tensions qui y sontr\u00e9guli\u00e8rement constat\u00e9es, une telle information serait de nature \u00e0 accro\u00eetre ce climat et cestensions;Sur proposition de la directrice de cabinet du pr\u00e9fet du Gard ;\nArr\u00eate\nArticle 1: La captation, l'enregistrement et la transmission d'images par la directioninterd\u00e9partementale de la police nationale, est autoris\u00e9e au titre de la pr\u00e9vention des atteintes \u00e0la s\u00e9curit\u00e9 des personnes et des biens et de l'appui des forces au sol en vue de leur permettre demaintenir ou de r\u00e9tablir l'ordre public.Article 2 : Le nombre maximal de cam\u00e9ras pouvant proc\u00e9der simultan\u00e9ment aux traitementsmentionn\u00e9s \u00e0 l'article 1\u00b0' est fix\u00e9 \u00e0 2 (mod\u00e8le DJI Matrice 4T).Article 3 : La pr\u00e9sente autorisation est limit\u00e9e au p\u00e9rim\u00e8tre g\u00e9ographique figurant sur le planjoint en annexe.Article 4: La pr\u00e9sente autorisation est d\u00e9livr\u00e9e du mercredi 4 f\u00e9vrier \u00e0 6h00 au jeudi 19 f\u00e9vrier2026 \u00e0 21h00, pour proc\u00e9der aux traitements mentionn\u00e9s \u00e0 l'article 1* \u00e0 tout moment de lajourn\u00e9e entre 06h00 et 21h00, sur une dur\u00e9e qui ne peut exc\u00e9der quatre heures cons\u00e9cutives.Article 5 : Le registre mentionn\u00e9 \u00e0 l'article L. 242-4 du code de la s\u00e9curit\u00e9 int\u00e9rieure est transmisau repr\u00e9sentant de l'\u00c9tat dans le d\u00e9partement \u00e0 l'issue de l'\u00e9v\u00e8nement.Article 6 : Le pr\u00e9sent arr\u00eat\u00e9 est publi\u00e9 au recueil des actes administratifs de la pr\u00e9fecture et peut\u00eatre contest\u00e9 dans les deux mois suivant sa notification :- soit par voie de recours gracieux form\u00e9 aupr\u00e8s de M. le Pr\u00e9fet du Gard;- soit par voie de recours hi\u00e9rarchique form\u00e9 aupr\u00e8s de M. le Ministre de l'Int\u00e9rieur;- soit par voie de recours contentieux d\u00e9pos\u00e9 devant le tribunal Administratif deN\u00eemes.Le tribunal administratif peut aussi \u00eatre saisi par l'application informatique 'TelerecoursCitoyens', accessible par le site internet www.telerecours.fr.Article 7 : la directrice de cabinet du pr\u00e9fet du Gard et le directeur interd\u00e9partemental de lapolice nationale sont charg\u00e9s, chacun en ce qui le concerne, de l'ex\u00e9cution du pr\u00e9sent arr\u00eat\u00e9.N\u00eemes, le 02 f\u00e9vrier 2026\nPour le pr\u00e2fef,Leu RteDiractric\u00e9 d\u00e9 cabinets\nPrefecture du Gard - 30-2026-02-02-00004 - arr\u00eat\u00e9 autorisant la captation, l'enregistrement et la transmission d'images au moyen de\ncam\u00e9ras install\u00e9es sur des a\u00e9ronefs 35\nPissevin / Valdegour\nvw\u00bb=3&a8@p4DaoRue de VerdunAvenue G. PompideuRoute de SauveChemin de ValdegourBd des Fran\u00e7ais Libres (N106}Bd Pasteur Marc BOEGNER (N106)Avenue G, DayanRue Arnavielle\nPrefecture du Gard - 30-2026-02-02-00004 - arr\u00eat\u00e9 autorisant la captation, l'enregistrement et la transmission d'images au moyen de\ncam\u00e9ras install\u00e9es sur des a\u00e9ronefs 36\n44\ni\ni=\nPrefecture du Gard - 30-2026-02-02-00004 - arr\u00eat\u00e9 autorisant la captation, l'enregistrement et la transmission d'images au moyen de\ncam\u00e9ras install\u00e9es sur des a\u00e9ronefs 37\nCENTRE VILLE / VISTRE\n- Jardin de la fontaine-- AVENUE Jean Jaur\u00e8s-- rue du cirque romain- rue de la R\u00e9publique- place des ar\u00e8nes-- boulevard de Bruxelles-- avenueae-- boulevar <q Triaire\n;- boulevard ani urbet- place GabrielPPeri- Tue vont S\u00e9mard- rue- rue Vincent Faita\n- rue d'Aquitaine- rue de l'enclos Rey- rue de la fa\u00efence- rue Vincent- rue de la lamp\u00e8ze- Rue Auguste- quai de la fontaine\nSecteur Vistre- Boulevard Allende- avenue G\u00e9n\u00e9ral Leclerc- rue d'Oslo- Chemin de la micocoulerie\nPrefecture du Gard - 30-2026-02-02-00004 - arr\u00eat\u00e9 autorisant la captation, l'enregistrement et la transmission d'images au moyen de\ncam\u00e9ras install\u00e9es sur des a\u00e9ronefs 38\nen\na\n=.\nLa\ni\n> .\na\n1\n4'un =1\na\nsn  =\n-7 a\n7 bo 7\nL\nwoe al\noT Ek\nPrefecture du Gard - 30-2026-02-02-00004 - arr\u00eat\u00e9 autorisant la captation, l'enregistrement et la transmission d'images au moyen de\ncam\u00e9ras install\u00e9es sur des a\u00e9ronefs 39\nCHEMIN BAS D' AVIGNON / MAS DE MINGUE \u2014 CLOS D'ORVILLE\nLimites du secteur : Mas de Mingue, Chemin bas d'Avignon, clos d'orville\n- route de Beaucaire- rue Charles Liotard- rue Cabanes- rue Andr\u00e9 Siegfrid- avenue Bir Hakeim- route d'Avignon- impasse Fran\u00e7ois Granier- chemin du mas d' Alesti- stade Henri No\u00ebl- avenue Notre Dame de Santa Cruz- avenue Monseigneur Robert Dalverny- avenue Cl\u00e9ment Ader- route d'Avignon- chemin de la serre- Chemin bas de gr\u00e9zan- route de Beaucaire\nPrefecture du Gard - 30-2026-02-02-00004 - arr\u00eat\u00e9 autorisant la captation, l'enregistrement et la transmission d'images au moyen de\ncam\u00e9ras install\u00e9es sur des a\u00e9ronefs 40\nh  0\n- : n 1 = :\" : Co Je 7 - \u00a5 7\n+ 7 a =n a \u00ab gum oe = \u00a9 \u0153 : 1: a . tis\" sw 4 att 7 UR. a ky s . hae = Pee 4\nEL\n.\na\n#\n> 1=\nD *1 r rt nu tl7 = uae \u00e0L L s a ase: SF7 = o1 =- Tee 77 =os . os al= Ler - 7A oy. 7ed : a= ea * =be = :DEEE : mn\n=LC De ts 1 \u00ae moo -Te Er \", =\" F ha ot= ! i =F, u= i co 4h i = =}4 = + = sal 7.\nget al ... 21.* 1\" La De Les PR7 : 1m, =. D x ety oa\" ae : 75 7 = \u00a9 =: ic. ere \u00e87 V1 27\u00ab i= WY \u00ab|hs Wad nnL a =! _ Le re7 iM \"ae= =t 27 nl = = phemy ni=, 7 i\"\n*\n: +\u00a9\na\"\nPrefecture du Gard - 30-2026-02-02-00004 - arr\u00eat\u00e9 autorisant la captation, l'enregistrement et la transmission d'images au moyen de\ncam\u00e9ras install\u00e9es sur des a\u00e9ronefs 41\nSous Pr\u00e9fecture d'Al\u00e8s\n30-2026-02-02-00002\nAP N\u00b026-02-03 portant d\u00e9rogation hauteurs de\nsurvol agglo au profit  de la st\u00e9 HELITEC SAS\n(CAS1)\nSous Pr\u00e9fecture d'Al\u00e8s - 30-2026-02-02-00002 - AP N\u00b026-02-03 portant d\u00e9rogation hauteurs de survol agglo au profit  de la st\u00e9 HELITEC\nSAS (CAS1) 42\n| Sous-pr\u00e9fecture d'Al\u00e8sPREFET Bureau de l'environnementDU GARD et des polices administrativesLibert\u00e9\u00c9galit\u00e9Fraternit\u00e9 #79 x \u00c0loc - VDArr\u00eat\u00e9 N\u00b0 ZG oportant d\u00e9rogation aux hauteurs de survol des agglom\u00e9rationset rassemblements de personnes au profit de la soci\u00e9t\u00e9 HELITEC SAS (CAS 1)Le pr\u00e9fet du Gardchevalier de la L\u00e9gion d'honneur,officier de l'ordre national du M\u00e9rite,\nVu le r\u00e8glement d'ex\u00e9cution (UE) n\u00b0 923/2012 du 26 septembre 2012 modifi\u00e9, dit \u00ab SERA \u00bb\u00e9tablissant les r\u00e8gles de l'air communes et des dispositions op\u00e9rationnelles relatives auxservices et proc\u00e9dures de navigation a\u00e9rienne et le paragraphe 5005 f) 1) de son annexe ;Vu le r\u00e8glement (UE) n\u00b0 965/2012 modifi\u00e9, dit \"AIROPS\" d\u00e9terminant les exigences techniqueset les proc\u00e9dures administratives applicables aux op\u00e9rations a\u00e9riennes ;Vu le code de l'aviation civile ;Vu le code des transports notamment son article L 6224-1;Vu le d\u00e9cret n\u00b0 2022-1397 du 2 novembre 2022 portant application de l'article L 6224-1 ducode des transports relatif au r\u00e9gime encadrant la captation et le traitement des donn\u00e9esrecueillies depuis un a\u00e9ronef dans certaines zones ;Vu l'arr\u00eat\u00e9 interminist\u00e9riel du 10 octobre 1957 relatif au survol des agglom\u00e9rations et desrassemblements de personnes ou d'animaux;Vu l'arr\u00eat\u00e9 du 17 novembre 1958 r\u00e9glementant la circulation a\u00e9rienne des h\u00e9licopt\u00e8resVu l'arr\u00eat\u00e9 minist\u00e9riel du 24 juillet 1991 et son annexe - JO du 30/08/1991 relatif auxconditions d'utilisation des a\u00e9ronefs civils en aviation g\u00e9n\u00e9rale ;Vu l'arr\u00eat\u00e9 du 11 d\u00e9cembre 2014 modifi\u00e9 relatif \u00e0 la mise en \u0153uvre du r\u00e8glement d'ex\u00e9cution(UE) n\u00b0 923-2012 modifi\u00e9 et notamment son paragraphe SERA.3105 ;Vu l'arr\u00eat\u00e9 du 2 janvier 2023 fixant la liste des zones interdites \u00e0 la captation et au traitementdes donn\u00e9es recueillies depuis un a\u00e9ronef;Vu l'arr\u00eat\u00e9 pr\u00e9fectoral n\u00b030-2024-10-18-00007 du 18 octobre 2024 donnant d\u00e9l\u00e9gation designature \u00e0 M. Emile SOUMBO, sous-pr\u00e9fet de l'arrondissement d'Al\u00e8s ;Vu la demande de d\u00e9rogation aux hauteurs minimales de vol pr\u00e9sent\u00e9e le 20 janvier 2026 parla soci\u00e9t\u00e9 Helitec SAS dont le si\u00e8ge social est 47 avenue Geoffroy Saint Hilaire \u00e0 Hy\u00e8res(83400), et le dossier annex\u00e9 :\nVu l'avis favorable du directeur g\u00e9n\u00e9ral de la s\u00e9curit\u00e9 de l'aviation civile Sud, en date du 26janvier 2026 ;Vu l'avis favorable de la directrice zonale de la police aux fronti\u00e8res Sud, en date du 02f\u00e9vrier 2026 ;\nSous-pr\u00e9fecture d'Al\u00e9s - 3 boulevard Louis Blanc - CS 20905 - 30107 Al\u00e9s cedexT\u00e9l : 04 66 56 39 39 - www.gard.gouv.fr\nSous Pr\u00e9fecture d'Al\u00e8s - 30-2026-02-02-00002 - AP N\u00b026-02-03 portant d\u00e9rogation hauteurs de survol agglo au profit  de la st\u00e9 HELITEC\nSAS (CAS1) 43\nSur proposition du sous-pr\u00e9fet d'Al\u00e9s ;Arr\u00eate :Article 1: la soci\u00e9t\u00e9 Helitec SAS dont le si\u00e8ge social est 47 avenue Geoffroy Saint Hilaire aHy\u00e8res (83400), est autoris\u00e9e a effectuer des vols en d\u00e9rogation aux hauteurs minimales devol fix\u00e9es par les arr\u00e9t\u00e9s minist\u00e9riel du 10 octobre 1957 et du 17 novembre 1958 susvis\u00e9s, sousr\u00e9serve du respect, par le demandeur, des d\u00e9clarations port\u00e9es au dossier de demande, de lar\u00e9glementation fix\u00e9e par les d\u00e9crets et arr\u00eat\u00e9s susvis\u00e9s et sous les conditions \u00e9nonc\u00e9es auxarticles suivants :\u00a2 L'objet de ces vols : prises de vues a\u00e9riennese Secteur autoris\u00e9 : d\u00e9partement du Gard.\u00a2 p\u00e9riode autoris\u00e9e : 2 ans \u00e0 compter de la date du pr\u00e9sent arr\u00eat\u00e9.Les prises de vue a\u00e9rienne devront satisfaire \u00e0 la r\u00e9glementation en vigueur, notamment \u00e0l'article R 133-6 et suivants du code de l'aviation civile.Article 2: L'autorisation est soumise aux conditions techniques et op\u00e9rationnelles de ladirection de la s\u00e9curit\u00e9 de l'aviation civile Sud list\u00e9e en annexe du pr\u00e9sent arr\u00eat\u00e9.Article 3 : Les a\u00e9ronefs utilis\u00e9s pour la mission pr\u00e9-cit\u00e9e devront toujours \u00e9voluer de fa\u00e7on \u00e0pouvoir \u00eatre en mesure d'effectuer, \u00e0 tout instant du vol, un atterrissage en dehors del'agglom\u00e9ration ou sur un a\u00e9rodrome public, sans dommage pour les personnes et les biens \u00e0la surface (article R 131-1 du code de l'aviation civile).Article 4: Afin de pr\u00e9server la tranquillit\u00e9 publique, les vols seront entrepris en dehors desdimanches et jours f\u00e9ri\u00e9s ;Article 5 : Les op\u00e9rateurs de photographies a\u00e9riennes ne pourront effectuer de prises de vuedans les zones interdites \u00e0 la captation a\u00e9rienne de donn\u00e9es (ZICAD). A cet effet, ils devrontsoumettre au besoin une demande aux autorit\u00e9s pr\u00e9fectorales comp\u00e9tentes du lieu decaptation conform\u00e9ment aux articles R133-6 a R133-6-5 du code de l'aviation civile.Article 6: Une attention particuli\u00e8re sera apport\u00e9e aux ones r\u00e9glement\u00e9e: R8/R/190 A /R190B/R190C/R217/4Article 7: L'entreprise sera tenue d'aviser pr\u00e9alablement le service a\u00e9ronautique de ladirection zonale de la police aux fronti\u00e8res zone Sud avant le vol projet\u00e9 (m\u00e9l : dcpaf-bpa-marseille@interieur.gouv.fr) en indiquant, le cas \u00e9ch\u00e9ant, tout passage a proximit\u00e9 d'un sitesensible (usine SEVESO, \u00e9tablissement p\u00e9nitentiaire, etc...)Article 8 : Tout accident ou incident devra \u00eatre imm\u00e9diatement signal\u00e9 \u00e0 la brigade de policea\u00e9ronautique de Marseille au 04.84.52.03.65/66/67/68 et 69 ou en cas d'impossibilit\u00e9 dejoindre ce service, au centre d'information et de commandement de la direction zonale de lapolice aux fronti\u00e8res \u00e0 Marseille, T\u00e9l. 04.91.53.60.90/91.\nSous Pr\u00e9fecture d'Al\u00e8s - 30-2026-02-02-00002 - AP N\u00b026-02-03 portant d\u00e9rogation hauteurs de survol agglo au profit  de la st\u00e9 HELITEC\nSAS (CAS1) 44\nArticle 9 : La soci\u00e9t\u00e9 devra \u00eatre en possession d'une attestation d'assurance la couvrant desrisques li\u00e9s \u00e0 ses activit\u00e9s a\u00e9riennes. Le contrat d'assurance de chaque appareil devra \u00eatre en\u00e9tat de validit\u00e9 sur la dur\u00e9e des op\u00e9rations.Article 10 : Cette autorisation est r\u00e9vocable \u00e0 tout moment, en cas de n\u00e9cessit\u00e9 ou de risquesimpr\u00e9vus pour la s\u00e9curit\u00e9 des personnes ou d'inobservation des r\u00e8gles de s\u00e9curit\u00e9 \u00e9num\u00e9r\u00e9esci-dessus.Article 11: Le sous-pr\u00e9fet d'Al\u00e8s, la directrice zonale de la police aux fronti\u00e8res Sud \u00e0Marseille, le directeur g\u00e9n\u00e9ral de la s\u00e9curit\u00e9 de l'aviation civile Sud, le commandant dugroupement de gendarmerie du Gard, le directeur d\u00e9partemental de la s\u00e9curit\u00e9 publique duGard, sont charg\u00e9s, chacun en ce qui le concerne de l'ex\u00e9cution du pr\u00e9sent arr\u00eat\u00e9 qui serapubli\u00e9 au recueil des actes administratifs de la pr\u00e9fecture du Gard et dont copie seraadress\u00e9e au demandeur.\nLe pr\u00e9fet,Pour le pr\u00e9fet etipar d\u00e9l\u00e9gation,le sous-pr\u00e9fet de l'arnondissement d'Al\u00e8s,\nEmile SOUMBOPi\u00e8ces jointes :Annexe 1- Conditions techniques et op\u00e9rationnelles de la DSAC SudAnnexe 2: Liste des communes survol\u00e9es\nVoie et d\u00e9lais de recours : Le pr\u00e9sent arr\u00eat\u00e9 peut faire l'objet, dans un d\u00e9lai de deux mois \u00e0 compter sanotification ou publication, d'un recours gracieux adress\u00e9 \u00e0 M. le sous-pr\u00e9fet d'Al\u00e8s, d'un recours contentieuxdevant le tribunal administratif de N\u00eemes par courrier : 16 avenue Feuch\u00e8res - 30000 N\u00eemes, ou par l'applicationinformatique \"T\u00e9l\u00e9recours Citoyens\" accessible par le site internet www.telerecours.fr.\nSous Pr\u00e9fecture d'Al\u00e8s - 30-2026-02-02-00002 - AP N\u00b026-02-03 portant d\u00e9rogation hauteurs de survol agglo au profit  de la st\u00e9 HELITEC\nSAS (CAS1) 45\nAnnexe \u2014 Conditions techniques et op\u00e9rationnelles\n1. Op\u00e9rationsL'exploitant doit proc\u00e9der aux op\u00e9rations pr\u00e9cit\u00e9es conform\u00e9ment \u00e0 l'ensemble des exigencestechniques et op\u00e9rationnelles applicables du r\u00e8glement (UE) n\u00b0965/2012 modifi\u00e9 d\u00e9terminant lesexigences techniques et les proc\u00e9dures administratives applicables aux op\u00e9rations a\u00e9riennes.\n2. R\u00e9gime de vol et conditions m\u00e9t\u00e9orologiquesLes op\u00e9rations seront conduites selon les r\u00e8gles de mise en \u0153uvre du point FRA.5001 de l'arr\u00eat\u00e9 du 11d\u00e9cembre 2014 modifi\u00e9 relatif \u00e0 la mise en \u0153uvre du r\u00e8glement (UE) n\u00b0 923/2012.\n3. Hauteurs de volEn VFR de jour, la hauteur minimale de vol au-dessus du sol est fix\u00e9e \u00e0 :Pour les a\u00e9ronefs monomoteurs :o 300m' au-dessus des agglom\u00e9rations de largeur moyenne inf\u00e9rieure \u00e0 1 200 m ourassemblement de moins de 10000 personnes ou \u00e9tablissement \u00ab seuil haut \u00bbo 400m' au-dessus des agglom\u00e9rations de largeur moyenne comprise entre 1200 m et3600 m ou rassemblement de 10000 \u00e0 100000 personneso 500m' au-dessus des agglom\u00e9rations de largeur moyenne sup\u00e9rieure \u00e0 3600 m ourassemblement de plus de 100000 personnesPour les a\u00e9ronefs multimoteurs : 150 m'.Conform\u00e9ment au point SERA.3105 du r\u00e8glement (UE) n\u00b0 923/2012 modifi\u00e9 pr\u00e9cit\u00e9, la hauteur de voldevra \u00eatre suffisante pour permettre, en cas d'urgence, d'atterrir sans mettre indGment en danger lespersonnes ou les biens \u00e0 la surface.La hauteur de vol sera telle que l'atterrissage soit toujours possible, m\u00eame en cas de panne moteur, endehors des agglom\u00e9rations ou sur un a\u00e9rodrome public.\n4. Pilotese Les pilotes doivent disposer de licences professionnelles conformes au r\u00e8glement AIRCREWavec un certificat m\u00e9dical de classe 1.e lls doivent \u00eatre form\u00e9s aux proc\u00e9dures de l'exploitant.\n5. Navigabilit\u00e9e Les a\u00e9ronefs utilis\u00e9s sont titulaires d'un Certificat de Navigabilit\u00e9 valide ;1 Ces r\u00e9ductions de hauteur ne sont pas valables pour :e le survol d'h\u00e9pitaux, de centres de repos ou de tout autre \u00e9tablissement ou exploitation portant une marquedistinctive d'interdiction de survol \u00e0 basse altitude ;e le survol d'\u00e9tablissements p\u00e9nitentiaires.\n50 rue Henry Farman, 75720 Paris CEDEX 15 \u2014 T\u00e9l. : +33 (0)1 58 09 43 21\nSous Pr\u00e9fecture d'Al\u00e8s - 30-2026-02-02-00002 - AP N\u00b026-02-03 portant d\u00e9rogation hauteurs de survol agglo au profit  de la st\u00e9 HELITEC\nSAS (CAS1) 46\ne Les modifications \u00e9ventuelles de l'appareil dues au type de l'op\u00e9ration sp\u00e9cialis\u00e9e devront avoir\u00e9t\u00e9 approuv\u00e9es par l'Agence Europ\u00e9enne pour la S\u00e9curit\u00e9 A\u00e9rienne (AESA) ou par l'Etatd'immatriculation de l'appareil ;\nConditions op\u00e9rationnellese Les conditions d'exploitation dans la configuration sp\u00e9ciale dues \u00e0 l'op\u00e9ration sp\u00e9cialis\u00e9edoivent \u00eatre inscrites dans le manuel de vol.e Pour des op\u00e9rations de Publicit\u00e9, Prises de vues a\u00e9riennes ou Observation/Surveillanceau moyen d'avions, la vitesse permettant des man\u0153uvres doit avoir une marge suffisante parrapport \u00e0 la vitesse de d\u00e9crochage et les vitesses minimales de contr\u00f4le. Pour des op\u00e9rations aumoyen d'h\u00e9licopt\u00e9res multimoteur, la vitesse minimale doit \u00eatre sup\u00e9rieure ou \u00e9gale \u00e0 la vitesse des\u00e9curit\u00e9 au d\u00e9collage (VSD) sauf si les performances de l'h\u00e9licopt\u00e8re lui permettent d'acqu\u00e9rir,dans les conditions du vol, cette vitesse de s\u00e9curit\u00e9 et de maintenir ses performancesascensionnelles apr\u00e8s avoir \u00e9vit\u00e9 tous les obstacles, malgr\u00e9 la panne du groupe motopropulseur leplus d\u00e9favorable.\nDiverse Le pilote devra respecter le statut et les conditionsde p\u00e9n\u00e9tration des diff\u00e9rentes classesd'espaces a\u00e9riens et zones r\u00e9glement\u00e9es, dangereuses et interdites.e L'exploitant devra s'assurer que les trajectoires choisies ne mettent pas en cause la tranquillit\u00e9et la s\u00e9curit\u00e9 publique, en l'occurrence, une pr\u00e9caution particuli\u00e8re sera apport\u00e9e afin que soit \u00e9vit\u00e9le survol des \u00e9tablissements sensibles tel qu'h\u00f4pitaux, \u00e9tablissements p\u00e9nitentiaires, etc.e La pr\u00e9sence \u00e0 bord de toute personne n'ayant pas une fonction en relation avec le but du vol estnotamment interdite lors des vols effectu\u00e9s dans le cadre d'une op\u00e9ration sp\u00e9cialis\u00e9e ou activit\u00e9particuli\u00e8re. Les personnes qui sont admises \u00e0 bord des appareils doivent avoir des fonctions enrelation avec les op\u00e9rations effectu\u00e9es et ceci doit \u00eatre clairement d\u00e9fini dans le manuel d'activit\u00e9particuli\u00e8re ou le manuel d'exploitation (Task Specialist).e L'information des riverains ainsi que l'\u00e9vacuation de tout ou partie de la zone concern\u00e9epourront, dans certains cas exceptionnels de tr\u00e8s basse altitude, \u00eatre d\u00e9cid\u00e9es par le pr\u00e9fet dud\u00e9partement.e Les personnes d\u00e9sirant faire un usage a\u00e9rien des appareils photographiques,cin\u00e9matographiques, de d\u00e9tection et d'enregistrement des donn\u00e9es de toute nature sont tenus dese conformer aux articles L. 6224-1 R. 6224-1 et suivants du code des transports. L'exploitants'assure pr\u00e9alablement de la compatibilit\u00e9 de sa mission avec les dispositions de l'arr\u00eat\u00e9 fixant laliste des zones interdites \u00e0 la captation et au traitement des donn\u00e9es recueillies depuis un a\u00e9ronefarr\u00eat\u00e9 qui est consultable en ligne. Dans le cadre d'une op\u00e9ration au-dessus d'une zone interdite \u00e0la captation et au traitement des donn\u00e9es recueillies depuis un a\u00e9ronef, l'exploitant doit seconformer aux prescriptions de l'arr\u00eat\u00e9 du 29 d\u00e9cembre 2022 portant application des articles R.133-6 et suivants du code de l'aviation civile et relatif au r\u00e9gime encadrant la captation et letraitement des donn\u00e9es recueillies depuis un a\u00e9ronef dans certaines zones, arr\u00eat\u00e9 qui estconsultable en ligne.e Conform\u00e9ment au r\u00e8glement europ\u00e9en n\u00b0 376/2014 concernant les comptes rendus, l'analyseet le suivi d'\u00e9v\u00e9nements dans l'aviation civile, l'op\u00e9rateur devra notifier aupr\u00e8s de la DSACterritorialement comp\u00e9tente tout incident/accident survenu au cours de l'exploitation. Pour ce faire ilconvient d'utiliser le document disponible sur le site du minist\u00e8re \u00e0 l'adresse suivantehttps:/1www.ecologie.gouv.fr/notifier-incident.\nPage 2 sur 2\nSous Pr\u00e9fecture d'Al\u00e8s - 30-2026-02-02-00002 - AP N\u00b026-02-03 portant d\u00e9rogation hauteurs de survol agglo au profit  de la st\u00e9 HELITEC\nSAS (CAS1) 47\nListe des communes concern\u00e9es\nAl\u00e8sBellegardeBess\u00e8gesBourdicDommessarguesFonsFourquesGarrigues-Sainte-EulalieLe MartinetLes MagesMoussacQuissacSaint-Florent-sur-AuzonnetSaint-Julien-de-CassagnasSauzetSommi\u00e8resVauvertVerg\u00e8zeVillevieille\nSous Pr\u00e9fecture d'Al\u00e8s - 30-2026-02-02-00002 - AP N\u00b026-02-03 portant d\u00e9rogation hauteurs de survol agglo au profit  de la st\u00e9 HELITEC\nSAS (CAS1) 48","date":"2026-02-02","first_seen_on":"2026-02-02T17:22:41+00:00","id":"b030a1a5f54d4d1564d91a08cab0e28412e5d1839ecfb109863e5542dc519b0f","name":"recueil-30-2026-021-special du 02 02 2026","pdf_creation_date":"2026-02-02T15:52:51+00:00","pdf_modification_date":null,"timezone":"Europe/Paris","url":"https://www.gard.gouv.fr/contenu/telechargement/66758/490819/file/recueil-30-2026-021-special%20du%2002%2002%202026.pdf"}
