{"administration":"pref83","administration_name":"Pr\u00e9fecture du Var","content":"VAR\nRECUEIL DES ACTES\nADMINISTRATIFS SP\u00c9CIAL\n(NOMINATIFS)\nN\u00b083-2026-040\nPUBLI\u00c9 LE 30 JANVIER 2026\nSommaire\nPr\u00e9fecture du VAR / Direction de la citoyennet\u00e9 et de la l\u00e9galit\u00e9\n83-2026-01-29-00001 - ARR\u00caT\u00c9 n\u00b0 DCL/BERG/2026/20 du 29 janvier\n2026 portant modification de l'arr\u00eat\u00e9 n\u00b0 DCL/BERG/2024/39 du 23\nf\u00e9vrier 2024 portant agr\u00e9ment de la SAS \u00ab\u00a0AUDIT SYNTHESE\nCOMPTABILITE\u00a0\u00bb exploit\u00e9e sous le nom commercial\n\u00ab\u00a0NOVANTYS\u00a0\u00bb, sise \u00e0 Fr\u00e9jus (83600), pour exercer l'activit\u00e9\nde domiciliation d'entreprises. (2 pages) Page 3\n83-2026-01-30-00008 - ARRETE n\u00b0 DCL/BERG/2026/35 du 30 janvier 2026\nportant autorisation d'appel \u00e0 la g\u00e9n\u00e9rosit\u00e9 du public pour le\nfonds de dotation \u00ab\u00a0OEUVRE L\u00c9ON B\u00c9RARD\u00a0\u00bb, dont le si\u00e8ge\nsocial est situ\u00e9 avenue du Docteur Marcel Armanet \u00e0 Hy\u00e8res (83400),\nau titre de l'ann\u00e9e 2026. (2 pages) Page 6\n83-2026-01-30-00009 - ARRETE n\u00b0 DCL/BERG/2026/36 du 30 janvier 2026\nportant autorisation d'appel \u00e0 la g\u00e9n\u00e9rosit\u00e9 du public pour le\nfonds de dotation \u00ab\u00a0HUGUES DE CHAUNAC - ORECA\u00a0\u00bb, dont le\nsi\u00e8ge social est situ\u00e9 \u00e0 Signes (83870), au titre de l'ann\u00e9e 2026. (2\npages) Page 9\n83-2026-01-29-00002 - ARR\u00caT\u00c9 n\u00b0 DCL/BERG/2026/37 du 29 janvier\n2026 portant renouvellement d'agr\u00e9ment de la SARL\n\u00ab\u00a0CCAFE\u00a0\u00bb, sise \u00e0 Fr\u00e9jus (83600), pour exercer l'activit\u00e9 de\ndomiciliation d'entreprises. (2 pages) Page 12\n83-2026-01-29-00003 - ARR\u00caT\u00c9 n\u00b0 DCL/BERG/2026/38 du 29 janvier\n2026 portant agr\u00e9ment de la SARL \u00ab\u00a0ACC SERVICES\u00a0\u00bb, sise \u00e0\nSaint-Rapha\u00ebl (83700), pour exercer l'activit\u00e9 de domiciliation\nd'entreprises. (2 pages) Page 15\n83-2026-01-30-00010 - ARR\u00caT\u00c9 PR\u00c9FECTORAL n\u00b0\nDCL/BERG/2026/0010 du 30 janvier 2026 portant habilitation de\nl'\u00e9tablissement \u00ab\u00a0ROC'ECLERC\u00a0\u00bb\nsitu\u00e9 Le Grand C\u00e8dre\n- Route de Nice - 83470\nSAINT-MAXIMIN-LA-SAINTE-BAUME\ng\u00e9r\u00e9 par la SAS \u00ab\u00a0FUNECAP\nSUD EST\u00a0\u00bb\n\nHabilitation N\u00b0 26-83-0317 (3 pages) Page 18\n83-2026-01-30-00011 - ARR\u00caT\u00c9 PR\u00c9FECTORAL n\u00b0\nDCL/BERG/2026/0023 du 30 janvier 2026 modifiant l'arr\u00eat\u00e9 n\u00b0\nDCL/BERG/2025/0233 du 31 d\u00e9cembre 2025\nportant renouvellement\nde l'habilitation de l'\u00e9tablissement\n\u00ab\u00a0POMPES FUN\u00c8BRES\nLEVEQUE\u00a0\u00bb\n11 Avenue du Docteur Mazen - Rue Ernest Reyer -\n83500 LA SEYNE-SUR-MER\ng\u00e9r\u00e9 par la SAS \u00ab\u00a0POMPES FUN\u00c8BRES\nLEVEQUE\u00a0\u00bb\nHabilitation N\u00b0 25-83-0136 (2 pages) Page 22\n2\nPr\u00e9fecture du VAR\n83-2026-01-29-00001\nARR\u00caT\u00c9 n\u00b0 DCL/BERG/2026/20 du 29 janvier 2026\nportant modification de l'arr\u00eat\u00e9 n\u00b0\nDCL/BERG/2024/39 du 23 f\u00e9vrier 2024 portant\nagr\u00e9ment de la SAS \u00ab\u00a0AUDIT SYNTHESE\nCOMPTABILITE\u00a0\u00bb exploit\u00e9e sous le nom\ncommercial \u00ab\u00a0NOVANTYS\u00a0\u00bb, sise \u00e0 Fr\u00e9jus\n(83600), pour exercer l'activit\u00e9 de domiciliation\nd'entreprises.\nPr\u00e9fecture du VAR - 83-2026-01-29-00001 - ARR\u00caT\u00c9 n\u00b0 DCL/BERG/2026/20 du 29 janvier 2026 portant modification de l'arr\u00eat\u00e9 n\u00b0\nDCL/BERG/2024/39 du 23 f\u00e9vrier 2024 portant agr\u00e9ment de la SAS \u00ab\u00a0AUDIT SYNTHESE COMPTABILITE\u00a0\u00bb exploit\u00e9e sous le nom\ncommercial \u00ab\u00a0NOVANTYS\u00a0\u00bb, sise \u00e0 Fr\u00e9jus (83600), pour exercer l'activit\u00e9 de domiciliation d'entreprises.\n3\n=mPREFETDU VARLibert\u00e9Egalit\u00e9Fraternit\u00e9\nDirection de la citoyennet\u00e9 et de la l\u00e9galit\u00e9\nBureau des \u00e9lections et de la r\u00e9glementation g\u00e9n\u00e9rale\nARR\u00caT\u00c9 n\u00b0 DCL/BERG/2026/20 du 29 janvier 2026\nportant modification de l'arr\u00eat\u00e9 n\u00b0 DCL/BERG/2024/39 du 23 f\u00e9vrier 2024 portant agr\u00e9ment \nde la SAS \u00ab AUDIT SYNTHESE COMPTABILITE \u00bb exploit\u00e9e sous le nom commercial \n\u00ab NOVANTYS \u00bb, sise \u00e0 Fr\u00e9jus (83600), \npour exercer l'activit\u00e9 de domiciliation d'entreprises.\nLe Pr\u00e9fet du Var,\nVu le code de commerce, notamment ses articles L. 123-11-2 et suivants, et R. 123-166-1 et  \nsuivants ;\nVu le code mon\u00e9taire et financier, notamment ses articles L. 561-37 et suivants, et R. 561-39 et \nsuivants ;\nVu  le d\u00e9cret n\u00b0 2009-1535 du 10 d\u00e9cembre 2009 d\u00e9finissant les modalit\u00e9s de contr\u00f4le du  \nrespect  des  obligations  relatives  \u00e0  la  lutte  contre  le  blanchiment  de  capitaux  et  le \nfinancement  du  terrorisme  par  les  personnes  mentionn\u00e9es  aux  8\u00b0,  9\u00b0  et  15\u00b0  de  l'article \nL. 561-2 du code mon\u00e9taire et financier et relatif \u00e0 la commission nationale des sanctions ;\nVu le d\u00e9cret du Pr\u00e9sident de la R\u00e9publique du 15 mai 2025 portant nomination de Monsieur  \nSimon BABRE, pr\u00e9fet du Var ;\nVu l'arr\u00eat\u00e9 pr\u00e9fectoral n\u00b0 DCL/BERG/2024/39 du 23 f\u00e9vrier 2024 portant agr\u00e9ment de la SAS  \n\u00ab AUDIT SYNTHESE COMPTABILITE \u00bb, exploit\u00e9e sous le nom commercial \u00ab  NOVANTYS \u00bb, sise \n\u00e0 Fr\u00e9jus (83600), pour exercer l'activit\u00e9 de domiciliation d'entreprises ;\nVu l'arr\u00eat\u00e9 pr\u00e9fectoral n\u00b0 2025/12/MCI du 02 juin 2025 portant d\u00e9l\u00e9gation de signature \u00e0  \nMonsieur  Lucien  GIUDICELLI,  secr\u00e9taire  g\u00e9n\u00e9ral  de  la  pr\u00e9fecture  du  Var,  sous-pr\u00e9fet  de \nl'arrondissement de Toulon ;\nVu l'arr\u00eat\u00e9 pr\u00e9fectoral n\u00b0 2026/02/MCI du 19 janvier 2026 portant d\u00e9l\u00e9gation de signature \u00e0  \nMonsieur Lionel GARENTE, directeur de la citoyennet\u00e9 et de la l\u00e9galit\u00e9 de la pr\u00e9fecture du Var \npar int\u00e9rim ;\nVu  la  demande  re\u00e7ue  \u00e0  la  pr\u00e9fecture  du  Var  le  12  janvier  2026,  par  laquelle  la  SAS \n\u00ab NOVANTYS  VAR \u00bb,  repr\u00e9sent\u00e9e  par  son  pr\u00e9sident  Monsieur  Yoan  COURBON  sollicite  la \nmodification de son agr\u00e9ment suite au transfert du si\u00e8ge social et au changement de raison  \nsociale ;\nConsid\u00e9rant que  la  demande  d'agr\u00e9ment  en  vue  d'exercer  l'activit\u00e9  de  domiciliation \nd'entreprises susvis\u00e9e est conforme \u00e0 la r\u00e9glementation ;\nSur proposition du secr\u00e9taire g\u00e9n\u00e9ral de la pr\u00e9fecture du Var,\n1/2\nPr\u00e9fecture du VAR - 83-2026-01-29-00001 - ARR\u00caT\u00c9 n\u00b0 DCL/BERG/2026/20 du 29 janvier 2026 portant modification de l'arr\u00eat\u00e9 n\u00b0\nDCL/BERG/2024/39 du 23 f\u00e9vrier 2024 portant agr\u00e9ment de la SAS \u00ab\u00a0AUDIT SYNTHESE COMPTABILITE\u00a0\u00bb exploit\u00e9e sous le nom\ncommercial \u00ab\u00a0NOVANTYS\u00a0\u00bb, sise \u00e0 Fr\u00e9jus (83600), pour exercer l'activit\u00e9 de domiciliation d'entreprises.\n4\nARR\u00caTE\nArticle 1 : L'article 1 de l'arr\u00eat\u00e9 du 23 f\u00e9vrier 2024 susvis\u00e9 est modifi\u00e9 comme suit :\nLa SAS \u00ab  NOVANTYS VAR \u00bb,  exploit\u00e9e sous le nom commercial \u00ab  NOVANTYS \u00bb repr\u00e9sent\u00e9e \npar son pr\u00e9sident Monsieur Yoan COURBON, et dont le si\u00e8ge social est situ\u00e9 450 avenue  \nAristide Briand \u2013 R\u00e9sidence Le Forum \u00e0 Fr\u00e9jus (83600) , est agr\u00e9\u00e9e pour exercer l'activit\u00e9 de  \ndomiciliation d'entreprises.\nArticle 2 : Le reste est sans changement.\nArticle 3  : Le secr\u00e9taire g\u00e9n\u00e9ral de la pr\u00e9fecture est charg\u00e9 de l'ex\u00e9cution du pr\u00e9sent arr\u00eat\u00e9  \nqui sera publi\u00e9 au recueil des actes administratifs de la pr\u00e9fecture du Var.\nFait \u00e0 Toulon, le 29 janvier 2026\nPour le Pr\u00e9fet et par d\u00e9l\u00e9gation,\nle directeur par int\u00e9rim,\nSign\u00e9 : Lionel GARENTE\nDans un d\u00e9lai de deux mois \u00e0 compter de la date de notification du pr\u00e9sent arr\u00eat\u00e9, les recours suivants peuvent \u00eatre introduits \nconform\u00e9ment aux dispositions des articles R. 421-1 et suivants du code de justice administrative :\n- un recours gracieux, adress\u00e9 \u00e0 : M. le pr\u00e9fet du Var \u2013 Bd du 112\u00e8me r\u00e9giment d'infanterie- CS 31209 - 83070 TOULON CEDEX\nDans ce cas, le silence de l'administration vaut rejet implicite au terme d'un d\u00e9lai de deux mois.\nApr\u00e8s un recours gracieux ou hi\u00e9rarchique, le d\u00e9lai du recours contentieux ne court qu'\u00e0 compter du rejet explicite ou implicite \nde l'un des recours.\n- un recours contentieux, en saisissant le Tribunal Administratif de Toulon : 5 rue Racine -BP 40510 - 83 041 TOULON CEDEX 9\nLe tribunal administratif peut \u00eatre saisi par l'application informatique \u00ab  T\u00e9l\u00e9recours citoyens \u00bb accessible par le site internet  \n\u00ab www.telerecours.fr \u00bb.\n2/2\nPr\u00e9fecture du VAR - 83-2026-01-29-00001 - ARR\u00caT\u00c9 n\u00b0 DCL/BERG/2026/20 du 29 janvier 2026 portant modification de l'arr\u00eat\u00e9 n\u00b0\nDCL/BERG/2024/39 du 23 f\u00e9vrier 2024 portant agr\u00e9ment de la SAS \u00ab\u00a0AUDIT SYNTHESE COMPTABILITE\u00a0\u00bb exploit\u00e9e sous le nom\ncommercial \u00ab\u00a0NOVANTYS\u00a0\u00bb, sise \u00e0 Fr\u00e9jus (83600), pour exercer l'activit\u00e9 de domiciliation d'entreprises.\n5\nPr\u00e9fecture du VAR\n83-2026-01-30-00008\nARRETE n\u00b0 DCL/BERG/2026/35 du 30 janvier 2026\nportant autorisation d'appel \u00e0 la g\u00e9n\u00e9rosit\u00e9 du\npublic pour le fonds de dotation \u00ab\u00a0OEUVRE\nL\u00c9ON B\u00c9RARD\u00a0\u00bb, dont le si\u00e8ge social est situ\u00e9\navenue du Docteur Marcel Armanet \u00e0 Hy\u00e8res\n(83400), au titre de l'ann\u00e9e 2026.\nPr\u00e9fecture du VAR - 83-2026-01-30-00008 - ARRETE n\u00b0 DCL/BERG/2026/35 du 30 janvier 2026 portant autorisation d'appel \u00e0 la\ng\u00e9n\u00e9rosit\u00e9 du public pour le fonds de dotation \u00ab\u00a0OEUVRE L\u00c9ON B\u00c9RARD\u00a0\u00bb, dont le si\u00e8ge social est situ\u00e9 avenue du Docteur Marcel\nArmanet \u00e0 Hy\u00e8res (83400), au titre de l'ann\u00e9e 2026.\n6\n=mPREFETDU VARLibert\u00e9Egalit\u00e9Fraternit\u00e9\nDirection de la citoyennet\u00e9 et de la l\u00e9galit\u00e9\nBureau des \u00e9lections et de la r\u00e9glementation g\u00e9n\u00e9rale\nARRETE n\u00b0 DCL/BERG/2026/35 du 30 janvier 2026\nportant autorisation d'appel \u00e0 la g\u00e9n\u00e9rosit\u00e9 du public\npour le fonds de dotation \u00ab \u0152UVRE L\u00c9ON B\u00c9RARD \u00bb,\n dont le si\u00e8ge social est situ\u00e9 avenue du Docteur Marcel Armanet \u00e0 Hy\u00e8res (83400), \nau titre de l'ann\u00e9e 2026.\nLe Pr\u00e9fet du Var,\nVu  la  loi  n\u00b0  91-772  du  7  ao\u00fbt  1991  relative  au  cong\u00e9  de  repr\u00e9sentation  en  faveur  des \nassociations et des mutuelles et au contr\u00f4le des comptes des organismes faisant appel \u00e0 la  \ng\u00e9n\u00e9rosit\u00e9 publique ;\nVu la loi n\u00b0 2008-776 du 4 ao\u00fbt 2008 de modernisation de l'\u00e9conomie, notamment son article  \n140 ;\nVu le d\u00e9cret n\u00b0 92-1011 du 17 septembre 1992 relatif au contr\u00f4le des comptes des organismes  \nfaisant appel \u00e0 la g\u00e9n\u00e9rosit\u00e9 publique ;\nVu le d\u00e9cret n\u00b02009-158 du 11 f\u00e9vrier 2009 relatif aux fonds de dotation ;\nVu le d\u00e9cret du Pr\u00e9sident de la R\u00e9publique du 15 mai 2025 portant nomination de M. Simon  \nBABRE, pr\u00e9fet du Var ;\nVu  l'arr\u00eat\u00e9  minist\u00e9riel  du  22  mai  2019  fixant  les  modalit\u00e9s  de  pr\u00e9sentation  du  compte \nd'emploi annuel des ressources collect\u00e9es aupr\u00e8s du public par des organismes faisant appel \u00e0 \nla g\u00e9n\u00e9rosit\u00e9 ;\nVu  l'arr\u00eat\u00e9  n\u00b0  2025/12/MCI  du  02  juin  2025  portant  d\u00e9l\u00e9gation  de  signature  \u00e0  M.  Lucien \nGIUDICELLI, secr\u00e9taire g\u00e9n\u00e9ral de la pr\u00e9fecture du Var, sous-pr\u00e9fet de l'arrondissement de  \nToulon ;\nVu la demande re\u00e7ue le 24 d\u00e9cembre 2025 \u00e0 la pr\u00e9fecture, par laquelle le fonds de dotation  \n\u00ab OEUVRE L\u00c9ON B\u00c9RARD  \u00bb, pr\u00e9sid\u00e9 par Monsieur Pierre JEANTET et d ont le si\u00e8ge social est  \nsitu\u00e9 \u00e0 l'h\u00f4pital L\u00e9on B\u00e9rard - avenue du Docteur Marcel Armanet \u00e0 Hy\u00e8res (83400), demande \nl'autorisation d'appel \u00e0 la g\u00e9n\u00e9rosit\u00e9 du public, pour l'ann\u00e9e 2026 ;\nConsid\u00e9rant que la demande pr\u00e9sent\u00e9e est conforme aux textes en vigueur ;\nSur proposition du secr\u00e9taire g\u00e9n\u00e9ral de la pr\u00e9fecture ;\n1/2\nPr\u00e9fecture du VAR - 83-2026-01-30-00008 - ARRETE n\u00b0 DCL/BERG/2026/35 du 30 janvier 2026 portant autorisation d'appel \u00e0 la\ng\u00e9n\u00e9rosit\u00e9 du public pour le fonds de dotation \u00ab\u00a0OEUVRE L\u00c9ON B\u00c9RARD\u00a0\u00bb, dont le si\u00e8ge social est situ\u00e9 avenue du Docteur Marcel\nArmanet \u00e0 Hy\u00e8res (83400), au titre de l'ann\u00e9e 2026.\n7\nA R R E T E\nARTICLE 1  : Le fonds de dotation \u00ab OEUVRE L \u00c9ON B \u00c9RARD \u00bb, pr\u00e9sid\u00e9 par Monsieur Pierre  \nJEANTET et dont le si\u00e8ge social est situ\u00e9 \u00e0 l'h\u00f4pital L\u00e9on B\u00e9rard - avenue du Docteur Marcel  \nArmanet \u00e0 Hy\u00e8res (83400),  est autoris\u00e9 \u00e0 faire appel \u00e0 la g\u00e9n\u00e9rosit\u00e9 du public \u2013 campagne  \n2026,  men\u00e9e  \u00e0  l'\u00e9chelon  national  \u2013  \u00e0  compter  de  la  date  de  notification  et  jusqu'au  31 \nd\u00e9cembre 2026.\nARTICLE 2 : L'objectif du pr\u00e9sent appel \u00e0 la g\u00e9n\u00e9rosit\u00e9 du public est de soutenir tout projet ou \naction d'int\u00e9r\u00eat g\u00e9n\u00e9ral \u00e0 caract\u00e8re sanitaire et social ou \u00e0 caract\u00e8re scientifique incluant des  \nactivit\u00e9s de recherches et des activit\u00e9s connexes port\u00e9es par l'association \u0152uvre Lyonnaise  \ndes  H\u00f4pitaux  Climatiques  et  l'Association  Varoise  H\u00f4pital  L\u00e9on  B\u00e9rard  ou  toute  autre \nstructure d'int\u00e9r\u00eat g\u00e9n\u00e9ral poursuivant une activit\u00e9 similaire ou compl\u00e9mentaire.\nARTICLE 3 : Les modalit\u00e9s d'appel \u00e0 la g\u00e9n\u00e9rosit\u00e9 du public sont les suivantes : site Internet, et \naffichage \u00e0 l'h\u00f4pital L\u00e9on B\u00e9rard.\nARTICLE 4 : Conform\u00e9ment \u00e0 la r\u00e9glementation en vigueur, le fonds de dotation a l'obligation \nd'int\u00e9grer dans ses comptes annuels, un compte d'emploi annuel des ressources collect\u00e9es  \naupr\u00e8s du public qui pr\u00e9cise notamment l'affectation des dons par type de d\u00e9penses et qui  \nmentionne les informations relatives \u00e0 son \u00e9laboration.\nLe compte d'emploi des ressources doit \u00eatre pr\u00e9sent\u00e9 suivant les modalit\u00e9s fix\u00e9es par l'arr\u00eat\u00e9  \nminist\u00e9riel du 22 mai 2019 susvis\u00e9.\nARTICLE 5 : La pr\u00e9sente autorisation pourra \u00eatre retir\u00e9e ou abrog\u00e9e en cas de manquement  \naux r\u00e8gles r\u00e9gissant les fonds de dotation et/ou \u00e0 la r\u00e9glementation relative aux appels \u00e0 la  \ng\u00e9n\u00e9rosit\u00e9 du public.\nARTICLE 6 : Le secr\u00e9taire g\u00e9n\u00e9ral de la pr\u00e9fecture du Var est charg\u00e9 de l'ex\u00e9cution du pr\u00e9sent \narr\u00eat\u00e9 qui sera publi\u00e9 au recueil des actes administratifs de la pr\u00e9fecture du Var et notifi\u00e9 au  \npr\u00e9sident du fonds de dotation \u00abOEUVRE L\u00c9ON B\u00c9RARD \u00bb.\nToulon, le 30 janvier 2026\nPour le Pr\u00e9fet et par d\u00e9l\u00e9gation,\nle secr\u00e9taire g\u00e9n\u00e9ral,\nSign\u00e9 : Lucien GIUDICELLI\nDans un d\u00e9lai de deux mois \u00e0 compter de la date de notification du pr\u00e9sent arr\u00eat\u00e9, les recours suivants peuvent \u00eatre introduits \nconform\u00e9ment aux dispositions des articles R. 421-1 et suivants du code de justice administrative :\n- un recours gracieux, adress\u00e9 \u00e0 : M. le pr\u00e9fet du Var \u2013 Bd du 112\u00e8me r\u00e9giment d'infanterie- CS 31209 - 83070 TOULON CEDEX\nDans ce cas, le silence de l'administration vaut rejet implicite au terme d'un d\u00e9lai de deux mois.\nApr\u00e8s un recours gracieux ou hi\u00e9rarchique, le d\u00e9lai du recours contentieux ne court qu'\u00e0 compter du rejet explicite ou implicite \nde l'un des recours.\n- un recours contentieux, en saisissant le Tribunal Administratif de Toulon : 5 rue Racine -BP 40510 - 83 041 TOULON CEDEX 9\nLe tribunal administratif peut \u00eatre saisi par l'application informatique \u00ab  T\u00e9l\u00e9recours citoyens \u00bb accessible par le site internet  \n\u00ab www.telerecours.fr \u00bb.\n2/2\nPr\u00e9fecture du VAR - 83-2026-01-30-00008 - ARRETE n\u00b0 DCL/BERG/2026/35 du 30 janvier 2026 portant autorisation d'appel \u00e0 la\ng\u00e9n\u00e9rosit\u00e9 du public pour le fonds de dotation \u00ab\u00a0OEUVRE L\u00c9ON B\u00c9RARD\u00a0\u00bb, dont le si\u00e8ge social est situ\u00e9 avenue du Docteur Marcel\nArmanet \u00e0 Hy\u00e8res (83400), au titre de l'ann\u00e9e 2026.\n8\nPr\u00e9fecture du VAR\n83-2026-01-30-00009\nARRETE n\u00b0 DCL/BERG/2026/36 du 30 janvier 2026\nportant autorisation d'appel \u00e0 la g\u00e9n\u00e9rosit\u00e9 du\npublic pour le fonds de dotation \u00ab\u00a0HUGUES DE\nCHAUNAC - ORECA\u00a0\u00bb, dont le si\u00e8ge social est\nsitu\u00e9 \u00e0 Signes (83870), au titre de l'ann\u00e9e 2026.\nPr\u00e9fecture du VAR - 83-2026-01-30-00009 - ARRETE n\u00b0 DCL/BERG/2026/36 du 30 janvier 2026 portant autorisation d'appel \u00e0 la\ng\u00e9n\u00e9rosit\u00e9 du public pour le fonds de dotation \u00ab\u00a0HUGUES DE CHAUNAC - ORECA\u00a0\u00bb, dont le si\u00e8ge social est situ\u00e9 \u00e0 Signes (83870), au\ntitre de l'ann\u00e9e 2026.\n9\n=mPREFETDU VARLibert\u00e9Egalit\u00e9Fraternit\u00e9\nDirection de la citoyennet\u00e9 et de la l\u00e9galit\u00e9\nBureau des \u00e9lections et de la r\u00e9glementation g\u00e9n\u00e9rale\nARRETE n\u00b0 DCL/BERG/2026/36 du 30 janvier 2026\nportant autorisation d'appel \u00e0 la g\u00e9n\u00e9rosit\u00e9 du public\npour le fonds de dotation \u00ab HUGUES DE CHAUNAC - ORECA \u00bb,\n dont le si\u00e8ge social est situ\u00e9 \u00e0 Signes (83870), au titre de l'ann\u00e9e 2026.\nLe Pr\u00e9fet du Var,\nVu  la  loi  n\u00b0  91-772  du  7  ao\u00fbt  1991  relative  au  cong\u00e9  de  repr\u00e9sentation  en  faveur  des \nassociations et des mutuelles et au contr\u00f4le des comptes des organismes faisant appel \u00e0 la  \ng\u00e9n\u00e9rosit\u00e9 publique ;\nVu la loi n\u00b0 2008-776 du 4 ao\u00fbt 2008 de modernisation de l'\u00e9conomie, notamment son article  \n140 ;\nVu le d\u00e9cret n\u00b0 92-1011 du 17 septembre 1992 relatif au contr\u00f4le des comptes des organismes  \nfaisant appel \u00e0 la g\u00e9n\u00e9rosit\u00e9 publique ;\nVu le d\u00e9cret n\u00b02009-158 du 11 f\u00e9vrier 2009 relatif aux fonds de dotation ;\nVu le d\u00e9cret du Pr\u00e9sident de la R\u00e9publique du 15 mai 2025 portant nomination de M. Simon  \nBABRE, pr\u00e9fet du Var ;\nVu  l'arr\u00eat\u00e9  minist\u00e9riel  du  22  mai  2019  fixant  les  modalit\u00e9s  de  pr\u00e9sentation  du  compte \nd'emploi annuel des ressources collect\u00e9es aupr\u00e8s du public par des organismes faisant appel \u00e0 \nla g\u00e9n\u00e9rosit\u00e9 ;\nVu  l'arr\u00eat\u00e9  n\u00b0  2025/12/MCI  du  02  juin  2025  portant  d\u00e9l\u00e9gation  de  signature  \u00e0  M.  Lucien \nGIUDICELLI, secr\u00e9taire g\u00e9n\u00e9ral de la pr\u00e9fecture du Var, sous-pr\u00e9fet de l'arrondissement de  \nToulon ;\nVu la demande re\u00e7ue le 03 d\u00e9cembre 2025 \u00e0 la pr\u00e9fecture, par laquelle le fonds de dotation  \n\u00ab HUGUES DE CHAUNAC - ORECA \u00bb, pr\u00e9sid\u00e9 par Monsieur Hugues de CHAUNAC-LANZAC et  \ndont le si\u00e8ge social est situ\u00e9 Parc d'activit\u00e9 \u2013 Plateau de Signes \u00e0 Signes (83870), demande  \nl'autorisation d'appel \u00e0 la g\u00e9n\u00e9rosit\u00e9 du public, pour l'ann\u00e9e 2026 ;\nConsid\u00e9rant que la demande pr\u00e9sent\u00e9e est conforme aux textes en vigueur ;\nSur proposition du secr\u00e9taire g\u00e9n\u00e9ral de la pr\u00e9fecture ;\n1/2\nPr\u00e9fecture du VAR - 83-2026-01-30-00009 - ARRETE n\u00b0 DCL/BERG/2026/36 du 30 janvier 2026 portant autorisation d'appel \u00e0 la\ng\u00e9n\u00e9rosit\u00e9 du public pour le fonds de dotation \u00ab\u00a0HUGUES DE CHAUNAC - ORECA\u00a0\u00bb, dont le si\u00e8ge social est situ\u00e9 \u00e0 Signes (83870), au\ntitre de l'ann\u00e9e 2026.\n10\nA R R E T E\nARTICLE 1 : Le fonds de dotation \u00ab HUGUES DE CHAUNAC - ORECA  \u00bb, pr\u00e9sid\u00e9 par Monsieur  \nHugues de CHAUNAC-LANZAC et d ont le si\u00e8ge social est situ\u00e9 Parc d'activit\u00e9 \u2013 Plateau de  \nSignes \u00e0 Signes (83870), est autoris\u00e9 \u00e0 faire appel \u00e0 la g\u00e9n\u00e9rosit\u00e9 du public \u2013 campagne 2026,  \nmen\u00e9e \u00e0 l'\u00e9chelon national \u2013 \u00e0 compter de la date de notification et jusqu'au 31 d\u00e9cembre  \n2026.\nARTICLE 2 : L'objectif du pr\u00e9sent appel \u00e0 la g\u00e9n\u00e9rosit\u00e9 du public est de soutenir et financer  \ntoutes initiatives d'int\u00e9r\u00eat g\u00e9n\u00e9ral au b\u00e9n\u00e9fice des enfants malades, abandonn\u00e9s, maltrait\u00e9s,  \nautistes  ou  en  situation  de  handicap,  ayant  vocation  notamment  \u00e0  les  assister  par  tous \nmoyens, dans les domaines relatifs \u00e0 la sant\u00e9, l'\u00e9ducation, les loisirs, la culture et le sport.\nARTICLE 3 : Les modalit\u00e9s d'appel \u00e0 la g\u00e9n\u00e9rosit\u00e9 du public sont les suivantes  : site Internet,  \ncampagne  publicitaire  \u00e0  la  t\u00e9l\u00e9vision,  affichage  (m\u00e9tro,  bus),  mailing,  d\u00eener  de  charit\u00e9  et \ncommunication lors d'\u00e9v\u00e9nements sportifs.\nARTICLE 4 : Conform\u00e9ment \u00e0 la r\u00e9glementation en vigueur, le fonds de dotation a l'obligation \nd'int\u00e9grer dans ses comptes annuels, un compte d'emploi annuel des ressources collect\u00e9es  \naupr\u00e8s du public qui pr\u00e9cise notamment l'affectation des dons par type de d\u00e9penses et qui  \nmentionne les informations relatives \u00e0 son \u00e9laboration.\nLe compte d'emploi des ressources doit \u00eatre pr\u00e9sent\u00e9 suivant les modalit\u00e9s fix\u00e9es par l'arr\u00eat\u00e9  \nminist\u00e9riel du 22 mai 2019 susvis\u00e9.\nARTICLE 5 : La pr\u00e9sente autorisation pourra \u00eatre retir\u00e9e ou abrog\u00e9e en cas de manquement  \naux r\u00e8gles r\u00e9gissant les fonds de dotation et/ou \u00e0 la r\u00e9glementation relative aux appels \u00e0 la  \ng\u00e9n\u00e9rosit\u00e9 du public.\nARTICLE 6 : Le secr\u00e9taire g\u00e9n\u00e9ral de la pr\u00e9fecture du Var est charg\u00e9 de l'ex\u00e9cution du pr\u00e9sent \narr\u00eat\u00e9 qui sera publi\u00e9 au recueil des actes administratifs de la pr\u00e9fecture du Var et notifi\u00e9 au  \npr\u00e9sident du fonds de dotation \u00ab HUGUES DE CHAUNAC - ORECA \u00bb.\nToulon, le 30 janvier 2026\nPour le Pr\u00e9fet et par d\u00e9l\u00e9gation,\nle secr\u00e9taire g\u00e9n\u00e9ral\nSign\u00e9 : Lucien GIUDICELLI\nDans un d\u00e9lai de deux mois \u00e0 compter de la date de notification du pr\u00e9sent arr\u00eat\u00e9, les recours suivants peuvent \u00eatre introduits \nconform\u00e9ment aux dispositions des articles R. 421-1 et suivants du code de justice administrative :\n- un recours gracieux, adress\u00e9 \u00e0 : M. le pr\u00e9fet du Var \u2013 Bd du 112\u00e8me r\u00e9giment d'infanterie- CS 31209 - 83070 TOULON CEDEX\nDans ce cas, le silence de l'administration vaut rejet implicite au terme d'un d\u00e9lai de deux mois.\nApr\u00e8s un recours gracieux ou hi\u00e9rarchique, le d\u00e9lai du recours contentieux ne court qu'\u00e0 compter du rejet explicite ou implicite \nde l'un des recours.\n- un recours contentieux, en saisissant le Tribunal Administratif de Toulon : 5 rue Racine -BP 40510 - 83 041 TOULON CEDEX 9\nLe tribunal administratif peut \u00eatre saisi par l'application informatique \u00ab  T\u00e9l\u00e9recours citoyens \u00bb accessible par le site internet  \n\u00ab www.telerecours.fr \u00bb.\n2/2\nPr\u00e9fecture du VAR - 83-2026-01-30-00009 - ARRETE n\u00b0 DCL/BERG/2026/36 du 30 janvier 2026 portant autorisation d'appel \u00e0 la\ng\u00e9n\u00e9rosit\u00e9 du public pour le fonds de dotation \u00ab\u00a0HUGUES DE CHAUNAC - ORECA\u00a0\u00bb, dont le si\u00e8ge social est situ\u00e9 \u00e0 Signes (83870), au\ntitre de l'ann\u00e9e 2026.\n11\nPr\u00e9fecture du VAR\n83-2026-01-29-00002\nARR\u00caT\u00c9 n\u00b0 DCL/BERG/2026/37 du 29 janvier 2026\nportant renouvellement d'agr\u00e9ment de la SARL\n\u00ab\u00a0CCAFE\u00a0\u00bb, sise \u00e0 Fr\u00e9jus (83600), pour exercer\nl'activit\u00e9 de domiciliation d'entreprises.\nPr\u00e9fecture du VAR - 83-2026-01-29-00002 - ARR\u00caT\u00c9 n\u00b0 DCL/BERG/2026/37 du 29 janvier 2026 portant renouvellement d'agr\u00e9ment de la\nSARL \u00ab\u00a0CCAFE\u00a0\u00bb, sise \u00e0 Fr\u00e9jus (83600), pour exercer l'activit\u00e9 de domiciliation d'entreprises. 12\n=mPREFETDU VARLibert\u00e9Egalit\u00e9Fraternit\u00e9\nDirection de la citoyennet\u00e9 et de la l\u00e9galit\u00e9\nBureau des \u00e9lections et de la r\u00e9glementation g\u00e9n\u00e9rale\nARR\u00caT\u00c9 n\u00b0 DCL/BERG/2026/37 du 29 janvier 2026\nportant renouvellement d'agr\u00e9ment de la SARL \u00ab CCAFE \u00bb,\nsise \u00e0 Fr\u00e9jus (83600), pour exercer l'activit\u00e9 de domiciliation d'entreprises.\nLe Pr\u00e9fet du Var,\nVu le code de commerce, notamment ses articles L. 123-11-2 et suivants, et R. 123-166-1 et  \nsuivants ;\nVu le code mon\u00e9taire et financier, notamment ses articles L. 561-37 et suivants, et R. 561-39 et \nsuivants ;\nVu  le d\u00e9cret n\u00b0 2009-1535 du 10 d\u00e9cembre 2009 d\u00e9finissant les modalit\u00e9s de contr\u00f4le du  \nrespect  des  obligations  relatives  \u00e0  la  lutte  contre  le  blanchiment  de  capitaux  et  le  \nfinancement  du  terrorisme  par  les  personnes  mentionn\u00e9es  aux  8\u00b0,  9\u00b0  et  15\u00b0  de  l'article  \nL. 561-2 du code mon\u00e9taire et financier et relatif \u00e0 la commission nationale des sanctions ;\nVu le d\u00e9cret du Pr\u00e9sident de la R\u00e9publique du 15 mai 2025 portant nomination de Monsieur  \nSimon BABRE, pr\u00e9fet du Var ;\nVu  l'arr\u00eat\u00e9  pr\u00e9fectoral  n\u00b0  DCL/BERG/2020/77  du  25  f\u00e9vrier  2020  portant  renouvellement \nd'agr\u00e9ment de la SARL \u00ab CCAFE \u00bb, sise \u00e0 Fr\u00e9jus (83600), pour exercer l'activit\u00e9 de domiciliation \nd'entreprises ;\nVu l'arr\u00eat\u00e9 pr\u00e9fectoral n\u00b0 2025/12/MCI du 02 juin 2025 portant d\u00e9l\u00e9gation de signature \u00e0  \nMonsieur  Lucien  GIUDICELLI,  secr\u00e9taire  g\u00e9n\u00e9ral  de  la  pr\u00e9fecture  du  Var,  sous-pr\u00e9fet  de  \nl'arrondissement de Toulon ;\nVu l'arr\u00eat\u00e9 pr\u00e9fectoral n\u00b0 2026/02/MCI du 19 janvier 2026 portant d\u00e9l\u00e9gation de signature \u00e0  \nMonsieur Lionel GARENTE, directeur de la citoyennet\u00e9 et de la l\u00e9galit\u00e9 de la pr\u00e9fecture du Var \npar int\u00e9rim ;\nVu la demande re\u00e7ue \u00e0 la pr\u00e9fecture du Var le 06 octobre 2025, et compl\u00e9t\u00e9e le 06 janvier  \n2026  par  laquelle  la  SARL  \u00ab  CCAFE \u00bb,  repr\u00e9sent\u00e9  par  son  g\u00e9rant  Monsieur  Christophe  \nBECKRICH, et dont le si\u00e8ge social est situ\u00e9  131 avenue de Verdun \u00e0 Fr\u00e9jus  (83600), sollicite \nl'agr\u00e9ment afin d'exercer l'activit\u00e9 de domiciliation d'entreprises ;\nConsid\u00e9rant que  la  demande  d'agr\u00e9ment  en  vue  d'exercer  l'activit\u00e9  de  domiciliation  \nd'entreprises susvis\u00e9e est conforme \u00e0 la r\u00e9glementation ;\nSur proposition du secr\u00e9taire g\u00e9n\u00e9ral de la pr\u00e9fecture du Var,\n1/2\nPr\u00e9fecture du VAR - 83-2026-01-29-00002 - ARR\u00caT\u00c9 n\u00b0 DCL/BERG/2026/37 du 29 janvier 2026 portant renouvellement d'agr\u00e9ment de la\nSARL \u00ab\u00a0CCAFE\u00a0\u00bb, sise \u00e0 Fr\u00e9jus (83600), pour exercer l'activit\u00e9 de domiciliation d'entreprises. 13\nARR\u00caTE\nArticle 1  : L'\u00e9tablissement \u00ab MAIL BOXES ETC  \u00bb situ\u00e9 131 avenue de Verdun \u00e0 Fr\u00e9jus (83600),  \ng\u00e9r\u00e9 par la SARL \u00ab CCAFE \u00bb, repr\u00e9sent\u00e9e g\u00e9rant Monsieur Christophe BECKRICH, dont le si\u00e8ge \nsocial est \u00e0 la m\u00eame adresse, est agr\u00e9\u00e9e pour exercer l'activit\u00e9 de domiciliation d'entreprises.\nArticle 2  : Cet agr\u00e9ment est accord\u00e9, pour une dur\u00e9e de six ans , soit \u00e0 compter du 26 mars  \n2026 et jusqu'au 25 mars 2032.\nArticle 3 :  Cet agr\u00e9ment porte le num\u00e9ro DE-83-2026-02.\nArticle 4  : Le titulaire de cet agr\u00e9ment devra respecter les obligations relatives \u00e0 la lutte  \ncontre le blanchiment des capitaux et le financement du terrorisme pr\u00e9vues aux parties  \nl\u00e9gislatives et r\u00e9glementaires du code mon\u00e9taire et financier.\nArticle 5  : Tout changement substantiel concernant les donn\u00e9es principales de la soci\u00e9t\u00e9  \nindiqu\u00e9es dans le dossier de demande d'agr\u00e9ment initial devra \u00eatre d\u00e9clar\u00e9, dans un d\u00e9lai de  \ndeux mois, par ladite soci\u00e9t\u00e9 \u00e0 la pr\u00e9fecture du Var.\nArticle 6  : Le secr\u00e9taire g\u00e9n\u00e9ral de la pr\u00e9fecture est charg\u00e9 de l'ex\u00e9cution du pr\u00e9sent arr\u00eat\u00e9  \nqui sera publi\u00e9 au recueil des actes administratifs de la pr\u00e9fecture du Var.\n     Fait \u00e0 Toulon, le 29 janvier 2026\nDans un d\u00e9lai de deux mois \u00e0 compter de la date de notification du pr\u00e9sent arr\u00eat\u00e9, les recours suivants peuvent \u00eatre introduits \nconform\u00e9ment aux dispositions des articles R. 421-1 et suivants du code de justice administrative :\n- un recours gracieux, adress\u00e9 \u00e0 : M. le pr\u00e9fet du Var \u2013 Bd du 112\u00e8me r\u00e9giment d'infanterie- CS 31209 - 83070 TOULON CEDEX\nDans ce cas, le silence de l'administration vaut rejet implicite au terme d'un d\u00e9lai de deux mois.\nApr\u00e8s un recours gracieux ou hi\u00e9rarchique, le d\u00e9lai du recours contentieux ne court qu'\u00e0 compter du rejet explicite ou implicite \nde l'un des recours.\n- un recours contentieux, en saisissant le Tribunal Administratif de Toulon : 5 rue Racine -BP 40510 - 83 041 TOULON CEDEX 9\nLe tribunal administratif peut \u00eatre saisi par l'application informatique \u00ab  T\u00e9l\u00e9recours citoyens \u00bb accessible par le site internet  \n\u00ab www.telerecours.fr \u00bb.\n2/2\nPour le Pr\u00e9fet et par d\u00e9l\u00e9gation,\nLe directeur par int\u00e9rim\nSign\u00e9 : Lionel GARENTE\nPr\u00e9fecture du VAR - 83-2026-01-29-00002 - ARR\u00caT\u00c9 n\u00b0 DCL/BERG/2026/37 du 29 janvier 2026 portant renouvellement d'agr\u00e9ment de la\nSARL \u00ab\u00a0CCAFE\u00a0\u00bb, sise \u00e0 Fr\u00e9jus (83600), pour exercer l'activit\u00e9 de domiciliation d'entreprises. 14\nPr\u00e9fecture du VAR\n83-2026-01-29-00003\nARR\u00caT\u00c9 n\u00b0 DCL/BERG/2026/38 du 29 janvier 2026\nportant agr\u00e9ment de la SARL \u00ab\u00a0ACC\nSERVICES\u00a0\u00bb, sise \u00e0 Saint-Rapha\u00ebl (83700), pour\nexercer l'activit\u00e9 de domiciliation d'entreprises.\nPr\u00e9fecture du VAR - 83-2026-01-29-00003 - ARR\u00caT\u00c9 n\u00b0 DCL/BERG/2026/38 du 29 janvier 2026 portant agr\u00e9ment de la SARL \u00ab\u00a0ACC\nSERVICES\u00a0\u00bb, sise \u00e0 Saint-Rapha\u00ebl (83700), pour exercer l'activit\u00e9 de domiciliation d'entreprises. 15\n=mPREFETDU VARLibert\u00e9Egalit\u00e9Fraternit\u00e9\nDirection de la citoyennet\u00e9 et de la l\u00e9galit\u00e9\nBureau des \u00e9lections et de la r\u00e9glementation g\u00e9n\u00e9rale\nARR\u00caT\u00c9 n\u00b0 DCL/BERG/2026/38 du 29 janvier 2026\nportant agr\u00e9ment de la SARL \u00ab ACC SERVICES \u00bb,\nsise \u00e0 Saint-Rapha\u00ebl (83700), pour exercer l'activit\u00e9 de domiciliation d'entreprises.\nLe Pr\u00e9fet du Var,\nVu le code de commerce, notamment ses articles L. 123-11-2 et suivants, et R. 123-166-1 et  \nsuivants ;\nVu le code mon\u00e9taire et financier, notamment ses articles L. 561-37 et suivants, et R. 561-39 et \nsuivants ;\nVu  le d\u00e9cret n\u00b0 2009-1535 du 10 d\u00e9cembre 2009 d\u00e9finissant les modalit\u00e9s de contr\u00f4le du  \nrespect  des  obligations  relatives  \u00e0  la  lutte  contre  le  blanchiment  de  capitaux  et  le  \nfinancement  du  terrorisme  par  les  personnes  mentionn\u00e9es  aux  8\u00b0,  9\u00b0  et  15\u00b0  de  l'article  \nL. 561-2 du code mon\u00e9taire et financier et relatif \u00e0 la commission nationale des sanctions ;\nVu le d\u00e9cret du Pr\u00e9sident de la R\u00e9publique du 15 mai 2025 portant nomination de Monsieur  \nSimon BABRE, pr\u00e9fet du Var ;\nVu l'arr\u00eat\u00e9 pr\u00e9fectoral n\u00b0 2025/12/MCI du 02 juin 2025 portant d\u00e9l\u00e9gation de signature \u00e0  \nMonsieur  Lucien  GIUDICELLI,  secr\u00e9taire  g\u00e9n\u00e9ral  de  la  pr\u00e9fecture  du  Var,  sous-pr\u00e9fet  de  \nl'arrondissement de Toulon ;\nVu l'arr\u00eat\u00e9 pr\u00e9fectoral n\u00b0 2026/02/MCI du 19 janvier 2026 portant d\u00e9l\u00e9gation de signature \u00e0  \nMonsieur Lionel GARENTE, directeur de la citoyennet\u00e9 et de la l\u00e9galit\u00e9 de la pr\u00e9fecture du Var \npar int\u00e9rim ;\nVu la demande re\u00e7ue \u00e0 la pr\u00e9fecture du Var le 22 d\u00e9cembre 2025, et compl\u00e9t\u00e9e le 22 janvier  \n2026 par laquelle la  SARL \u00ab  ACC SERVICES  \u00bb, repr\u00e9sent\u00e9 par son  g\u00e9rant Monsieur Laurent  \nGIRARD, et dont le si\u00e8ge social est situ\u00e9 610 voie Denis Papin \u2013 Zac du Cerceron  \u00e0 Saint-\nRapha\u00ebl (83700), sollicite l'agr\u00e9ment afin d'exercer l'activit\u00e9 de domiciliation d'entreprises ;\nConsid\u00e9rant que  la  demande  d'agr\u00e9ment  en  vue  d'exercer  l'activit\u00e9  de  domiciliation  \nd'entreprises susvis\u00e9e est conforme \u00e0 la r\u00e9glementation ;\nSur proposition du secr\u00e9taire g\u00e9n\u00e9ral de la pr\u00e9fecture du Var,\n1/2\nPr\u00e9fecture du VAR - 83-2026-01-29-00003 - ARR\u00caT\u00c9 n\u00b0 DCL/BERG/2026/38 du 29 janvier 2026 portant agr\u00e9ment de la SARL \u00ab\u00a0ACC\nSERVICES\u00a0\u00bb, sise \u00e0 Saint-Rapha\u00ebl (83700), pour exercer l'activit\u00e9 de domiciliation d'entreprises. 16\nARR\u00caTE\nArticle 1 : La SARL \u00ab ACC SERVICES \u00bb, dont le si\u00e8ge social est situ\u00e9 610 voie Denis Papin \u2013 Zac  \ndu Cerceron \u00e0 Saint-Rapha\u00ebl (83700), repr\u00e9sent\u00e9 par son g\u00e9rant Monsieur Laurent GIRARD, est \nagr\u00e9\u00e9e pour exercer l'activit\u00e9 de domiciliation d'entreprises.\nArticle 2  : Cet agr\u00e9ment est accord\u00e9,  pour une dur\u00e9e de six ans , \u00e0 compter de la  date de  \nnotification du pr\u00e9sent arr\u00eat\u00e9.\nArticle 3 : L'agr\u00e9ment porte le num\u00e9ro DE-83-2026-03.\nArticle 4  : Le titulaire de cet agr\u00e9ment devra respecter les obligations relatives \u00e0 la lutte  \ncontre le blanchiment des capitaux et le financement du terrorisme pr\u00e9vues aux parties  \nl\u00e9gislatives et r\u00e9glementaires du code mon\u00e9taire et financier.\nArticle 5  : Tout changement substantiel concernant les donn\u00e9es principales de la soci\u00e9t\u00e9  \nindiqu\u00e9es dans le dossier de demande d'agr\u00e9ment initial devra \u00eatre d\u00e9clar\u00e9, dans un d\u00e9lai de  \ndeux mois, par ladite soci\u00e9t\u00e9 \u00e0 la pr\u00e9fecture du Var.\nArticle 6  : Le secr\u00e9taire g\u00e9n\u00e9ral de la pr\u00e9fecture est charg\u00e9 de l'ex\u00e9cution du pr\u00e9sent arr\u00eat\u00e9  \nqui sera publi\u00e9 au recueil des actes administratifs de la pr\u00e9fecture du Var.\n     Fait \u00e0 Toulon, le 29 janvier 2026\nDans un d\u00e9lai de deux mois \u00e0 compter de la date de notification du pr\u00e9sent arr\u00eat\u00e9, les recours suivants peuvent \u00eatre introduits \nconform\u00e9ment aux dispositions des articles R. 421-1 et suivants du code de justice administrative :\n- un recours gracieux, adress\u00e9 \u00e0 : M. le pr\u00e9fet du Var \u2013 Bd du 112\u00e8me r\u00e9giment d'infanterie- CS 31209 - 83070 TOULON CEDEX\nDans ce cas, le silence de l'administration vaut rejet implicite au terme d'un d\u00e9lai de deux mois.\nApr\u00e8s un recours gracieux ou hi\u00e9rarchique, le d\u00e9lai du recours contentieux ne court qu'\u00e0 compter du rejet explicite ou implicite \nde l'un des recours.\n- un recours contentieux, en saisissant le Tribunal Administratif de Toulon : 5 rue Racine -BP 40510 - 83 041 TOULON CEDEX 9\nLe tribunal administratif peut \u00eatre saisi par l'application informatique \u00ab  T\u00e9l\u00e9recours citoyens \u00bb accessible par le site internet  \n\u00ab www.telerecours.fr \u00bb.\n2/2\nPour le Pr\u00e9fet et par d\u00e9l\u00e9gation,\nLe directeur par int\u00e9rim\nSign\u00e9 : Lionel GARENTE\nPr\u00e9fecture du VAR - 83-2026-01-29-00003 - ARR\u00caT\u00c9 n\u00b0 DCL/BERG/2026/38 du 29 janvier 2026 portant agr\u00e9ment de la SARL \u00ab\u00a0ACC\nSERVICES\u00a0\u00bb, sise \u00e0 Saint-Rapha\u00ebl (83700), pour exercer l'activit\u00e9 de domiciliation d'entreprises. 17\nPr\u00e9fecture du VAR\n83-2026-01-30-00010\nARR\u00caT\u00c9 PR\u00c9FECTORAL n\u00b0 DCL/BERG/2026/0010\ndu 30 janvier 2026 portant habilitation de\nl'\u00e9tablissement \u00ab\u00a0ROC'ECLERC\u00a0\u00bb\nsitu\u00e9 Le Grand C\u00e8dre - Route de Nice - 83470\nSAINT-MAXIMIN-LA-SAINTE-BAUME\ng\u00e9r\u00e9 par la SAS \u00ab\u00a0FUNECAP SUD EST\u00a0\u00bb\nHabilitation N\u00b0 26-83-0317\nPr\u00e9fecture du VAR - 83-2026-01-30-00010 - ARR\u00caT\u00c9 PR\u00c9FECTORAL n\u00b0 DCL/BERG/2026/0010 du 30 janvier 2026 portant habilitation de\nl'\u00e9tablissement \u00ab\u00a0ROC'ECLERC\u00a0\u00bb\nsitu\u00e9 Le Grand C\u00e8dre - Route de Nice - 83470 SAINT-MAXIMIN-LA-SAINTE-BAUME\ng\u00e9r\u00e9 par la SAS \u00ab\u00a0FUNECAP SUD EST\u00a0\u00bb\nHabilitation N\u00b0 26-83-0317\n18\n=mPREFETDU VARLibert\u00e9Egalit\u00e9Fraternit\u00e9\nDirection de la citoyennet\u00e9 et de la l\u00e9galit\u00e9\nBureau des \u00e9lections et de la r\u00e9glementation g\u00e9n\u00e9rale\nARR\u00caT\u00c9 PR\u00c9FECTORAL n\u00b0 DCL/BERG/2026/0010 du 30 janvier 2026\nportant habilitation de l'\u00e9tablissement \u00ab ROC'ECLERC \u00bb\nsitu\u00e9 Le Grand C\u00e8dre \u2013 Route de Nice \u2013 83470 SAINT-MAXIMIN-LA-SAINTE-BAUME\ng\u00e9r\u00e9 par la SAS \u00ab FUNECAP SUD EST \u00bb\nHabilitation N\u00b0 26-83-0317\nLe Pr\u00e9fet du Var,\nVu le code g\u00e9n\u00e9ral des collectivit\u00e9s territoriales  et notamment ses articles L2223-19, L2223-23 \net suivants ;\nVu la loi n\u00b0 2008-1350 du 19 d\u00e9cembre 2008 relative \u00e0 la l\u00e9gislation fun\u00e9raire ;\nVu le d\u00e9cret du Pr\u00e9sident de la R\u00e9publique du 15 mai 2025, portant nomination de Monsieur  \nSimon BABRE, pr\u00e9fet du Var ;\nVu  l'arr\u00eat\u00e9  pr\u00e9fectoral  n\u00b0  2025/12/MCI  du  2  juin  2025  portant  d\u00e9l\u00e9gation  de  signature  \u00e0 \nMonsieur  Lucien  GIUDICELLI,  secr\u00e9taire  g\u00e9n\u00e9ral  de  la  pr\u00e9fecture  du  Var,  sous-pr\u00e9fet  de \nl'arrondissement de Toulon ;\nVu l'arr\u00eat\u00e9 pr\u00e9fectoral n\u00b0 2026/02/MCI du 19 janvier 2026 portant d\u00e9l\u00e9gation de signature \u00e0  \nMonsieur Lionel GARENTE, directeur de la citoyennet\u00e9 et de la l\u00e9galit\u00e9 de la pr\u00e9fecture du Var \npar int\u00e9rim ;\nVu la demande du 03 d\u00e9cembre 2025 d'habilitation de l'\u00e9tablissement \u00ab ROC'ECLERC \u00bb situ\u00e9 \nLe  Grand  C\u00e8dre,  Route  de  Nice  \u00e0  Saint-Maximin-la-Sainte-Baume  (83470), formul\u00e9e  par \nMonsieur Pascal FERRERO, directeur ex\u00e9cutif adjoint \u2013 p\u00f4le PACA EST de la SAS \u00ab FUNECAP \nSUD  EST \u00bb dont  le  si\u00e8ge  est  situ\u00e9  rue  du  souvenir  fran\u00e7ais,  quartier  Saint-Roch  \u00e0  Cuers \n(83390);\nConsid\u00e9rant la compl\u00e9tude du dossier ;\nSur proposition du secr\u00e9taire g\u00e9n\u00e9ral de la pr\u00e9fecture ;\nARR\u00caTE\nArticle 1  : L '\u00e9tablissement  \u00ab ROC'ECLERC \u00bb situ\u00e9 Le Grand C\u00e8dre, Route de Nice \u00e0 Saint-\nMaximin-la-Sainte-Baume (83470), g\u00e9r\u00e9 par la SAS  \u00ab FUNECAP SUD-EST  \u00bb dont le si\u00e8ge est  \nsitu\u00e9  rue  du  souvenir  fran\u00e7ais,  quartier  Saint-Roch  \u00e0  Cuers  (83390),  repr\u00e9sent\u00e9  par  son \ndirecteur  ex\u00e9cutif  adjoint  \u2013  p\u00f4le  PACA-EST,  Monsieur  Pascal  FERRERO, est  habilit\u00e9  pour \nexercer les activit\u00e9s suivantes :\n1 - Transport de corps avant et apr\u00e8s mise en bi\u00e8re,\n2 - Organisation des obs\u00e8ques,\n3 - Soins  de  conservation, en  sous-traitance  avec  la  soci\u00e9t\u00e9  \u00ab HYGECO  POST  MORTEM \nASSISTANCE (PMA) \u00bb sise 12-16 rue Sarah Bernhardt \u00e0 Asni\u00e8res-sur-Seine (92600),\n1/2\nPr\u00e9fecture du VAR - 83-2026-01-30-00010 - ARR\u00caT\u00c9 PR\u00c9FECTORAL n\u00b0 DCL/BERG/2026/0010 du 30 janvier 2026 portant habilitation de\nl'\u00e9tablissement \u00ab\u00a0ROC'ECLERC\u00a0\u00bb\nsitu\u00e9 Le Grand C\u00e8dre - Route de Nice - 83470 SAINT-MAXIMIN-LA-SAINTE-BAUME\ng\u00e9r\u00e9 par la SAS \u00ab\u00a0FUNECAP SUD EST\u00a0\u00bb\nHabilitation N\u00b0 26-83-0317\n19\n4 - Fourniture des housses, cercueils et accessoires int\u00e9rieur et ext\u00e9rieur ainsi que des urnes\ncin\u00e9raires,\n7 - Fourniture des corbillards et voitures de deuil, list\u00e9s en annexe du pr\u00e9sent arr\u00eat\u00e9,\n8 - Fourniture  de  personnel  et  des  objets  et  prestations  n\u00e9cessaires  aux  obs\u00e8ques, \ninhumations, exhumations et cr\u00e9mations.\nArticle 2     : L'habilitation porte le num\u00e9ro 26-83-0317 .\nArticle 3     : La pr\u00e9sente habilitation est accord\u00e9e  pour une dur\u00e9e de cinq ans \u00e0 compter de la  \ndate de notification du pr\u00e9sent arr\u00eat\u00e9, pour une dur\u00e9e de 5 cinq.\nPour  solliciter  le  renouvellement  de  la  pr\u00e9sente  habilitation,  le  b\u00e9n\u00e9ficiaire  devra  faire \nparvenir sa demande en pr\u00e9fecture au plus tard deux mois avant sa date de fin de validit\u00e9.\nArticle  4     :  Conform\u00e9ment  aux  articles  L.2223-25  et  R.2223-64  du  code  g\u00e9n\u00e9ral  des \ncollectivit\u00e9s  territoriales,  et  \u00e0  d\u00e9faut  de  la  production,  dans  les  meilleurs  d\u00e9lais,  des \njustificatifs de conformit\u00e9 des \u00e9quipements, la pr\u00e9sente habilitation pourra \u00eatre suspendue  \npour une dur\u00e9e maximale d'un an ou retir\u00e9e, apr\u00e8s mise en demeure, pour les motifs suivants :\n- non-respect des conditions de sa d\u00e9livrance telles qu'elles sont d\u00e9finies par les dispositions  \ndu code g\u00e9n\u00e9ral des collectivit\u00e9s territoriales ;\n- non exercice ou cessation d'exercice des activit\u00e9s au titre desquelles elle a \u00e9t\u00e9 d\u00e9livr\u00e9e ;\n- atteinte \u00e0 l'ordre public ou danger pour la salubrit\u00e9 publique.\nDans  les  cas  o\u00f9  le  b\u00e9n\u00e9ficiaire  est  un  d\u00e9l\u00e9gataire,  le  retrait  d'habilitation  entra\u00eene  la \nd\u00e9ch\u00e9ance des d\u00e9l\u00e9gations.\nArticle 5     : Le secr\u00e9taire g\u00e9n\u00e9ral de la pr\u00e9fecture du Var est charg\u00e9 de l'ex\u00e9cution du pr\u00e9sent  \narr\u00eat\u00e9 qui sera publi\u00e9 au recueil des actes administratifs de la pr\u00e9fecture du Var et dont une  \ncopie  sera  adress\u00e9e  au  maire  de  la  commune  de  Saint-Maximin-la-Sainte-Baume pour  \ninformation.\nFait \u00e0 Toulon, le 30 janvier 2026\nPour le pr\u00e9fet et par d\u00e9l\u00e9gation\nLe directeur de la citoyennet\u00e9 et de la l\u00e9galit\u00e9 \npar int\u00e9rim\nSign\u00e9\nLionel GARENTE\nDans un d\u00e9lai de deux mois \u00e0 compter de la date de la notification ou de la publication du pr\u00e9sent arr\u00eat\u00e9 au recueil des actes administratifs de la \npr\u00e9fecture, les recours suivants peuvent \u00eatre introduits conform\u00e9ment aux dispositions des articles R. 421-1 et suivants du code de justice \nadministrative :\n- un recours gracieux, adress\u00e9 \u00e0 :\nM. le Pr\u00e9fet du Var - Boulevard du 112\u00e8me r\u00e9giment d'infanterie - CS 31209 - 83070 TOULON CEDEX\n- un recours hi\u00e9rarchique, adress\u00e9 au(x) ministre(s) concern\u00e9(s) ;\nDans ces deux cas, le silence de l'Administration vaut rejet implicite au terme d'un d\u00e9lai de deux mois.\nApr\u00e8s un recours gracieux ou hi\u00e9rarchique, le d\u00e9lai du recours contentieux ne court qu'\u00e0 compter du rejet explicite ou implicite de l'un de ces \nrecours.\n- un recours contentieux, en saisissant le Tribunal Administratif de Toulon : 5 rue Racine -BP 40510 - 83 041 TOULON CEDEX 9\nLe tribunal administratif peut \u00eatre saisi par l'application informatique \u00ab T\u00e9l\u00e9cours \u00bb accessible par le site internet www.telecours.fr.\n2/2\nPr\u00e9fecture du VAR - 83-2026-01-30-00010 - ARR\u00caT\u00c9 PR\u00c9FECTORAL n\u00b0 DCL/BERG/2026/0010 du 30 janvier 2026 portant habilitation de\nl'\u00e9tablissement \u00ab\u00a0ROC'ECLERC\u00a0\u00bb\nsitu\u00e9 Le Grand C\u00e8dre - Route de Nice - 83470 SAINT-MAXIMIN-LA-SAINTE-BAUME\ng\u00e9r\u00e9 par la SAS \u00ab\u00a0FUNECAP SUD EST\u00a0\u00bb\nHabilitation N\u00b0 26-83-0317\n20\n| =PREFETDU VARLibert\u00e9Egalit\u00e9Fraternit\u00e9\nDirection de la citoyennet\u00e9 et de la l\u00e9galit\u00e9\nBureau des \u00e9lections et de la r\u00e9glementation g\u00e9n\u00e9rale\nAnnexe \u00e0 l'arr\u00eat\u00e9 n\u00b0DCL/BERG/2026/0010 du 30 janvier 2026\nHabilitation n\u00b026-83-0317\nIdentification des v\u00e9hicules intervenant pour l'\u00e9tablissement :\nROC-ECLERC\ng\u00e9r\u00e9 par la SAS FUNECAP SUD-EST\nSis Route de Nice \u2013 Le Grand C\u00e8dre \u2013 83470 SAINT-MAXIMIN-LA-SAINTE-BAUME\nTransport de corps avant et apr\u00e8s mise en bi\u00e8re\nDY-032-DR\nDY-048-DQ\nDY-894-DQ\nT\u00e9l : 04 94 18 83 83\nM\u00e9l : pref-funeraires@var.gouv.fr\nBd du 112\u00e8me R\u00e9giment d'Infanterie\nCS 31 209 - 83070 TOULON CEDEX\nPr\u00e9fecture du VAR - 83-2026-01-30-00010 - ARR\u00caT\u00c9 PR\u00c9FECTORAL n\u00b0 DCL/BERG/2026/0010 du 30 janvier 2026 portant habilitation de\nl'\u00e9tablissement \u00ab\u00a0ROC'ECLERC\u00a0\u00bb\nsitu\u00e9 Le Grand C\u00e8dre - Route de Nice - 83470 SAINT-MAXIMIN-LA-SAINTE-BAUME\ng\u00e9r\u00e9 par la SAS \u00ab\u00a0FUNECAP SUD EST\u00a0\u00bb\nHabilitation N\u00b0 26-83-0317\n21\nPr\u00e9fecture du VAR\n83-2026-01-30-00011\nARR\u00caT\u00c9 PR\u00c9FECTORAL n\u00b0 DCL/BERG/2026/0023\ndu 30 janvier 2026 modifiant l'arr\u00eat\u00e9 n\u00b0\nDCL/BERG/2025/0233 du 31 d\u00e9cembre 2025\nportant renouvellement de l'habilitation de\nl'\u00e9tablissement\n\u00ab\u00a0POMPES FUN\u00c8BRES LEVEQUE\u00a0\u00bb\n11 Avenue du Docteur Mazen - Rue Ernest Reyer -\n83500 LA SEYNE-SUR-MER\ng\u00e9r\u00e9 par la SAS \u00ab\u00a0POMPES FUN\u00c8BRES LEVEQUE\u00a0\u00bb\nHabilitation N\u00b0 25-83-0136\nPr\u00e9fecture du VAR - 83-2026-01-30-00011 - ARR\u00caT\u00c9 PR\u00c9FECTORAL n\u00b0 DCL/BERG/2026/0023 du 30 janvier 2026 modifiant l'arr\u00eat\u00e9 n\u00b0\nDCL/BERG/2025/0233 du 31 d\u00e9cembre 2025\nportant renouvellement de l'habilitation de l'\u00e9tablissement\n\u00ab\u00a0POMPES FUN\u00c8BRES LEVEQUE\u00a0\u00bb\n11 Avenue du Docteur Mazen - Rue Ernest Reyer - 83500 LA SEYNE-SUR-MER\ng\u00e9r\u00e9 par la SAS \u00ab\u00a0POMPES FUN\u00c8BRES LEVEQUE\u00a0\u00bb\nHabilitation N\u00b0 25-83-0136\n22\n=mPREFETDU VARLibert\u00e9Egalit\u00e9Fraternit\u00e9\nDirection de la citoyennet\u00e9 et de la l\u00e9galit\u00e9\nBureau des \u00e9lections et de la r\u00e9glementation g\u00e9n\u00e9rale\nARR\u00caT\u00c9 PR\u00c9FECTORAL n\u00b0 DCL/BERG/2026/0023 du 30 janvier 2026\nmodifiant l'arr\u00eat\u00e9 n\u00b0 DCL/BERG/2025/0233 du 31 d\u00e9cembre 2025\nportant renouvellement de l'habilitation de l'\u00e9tablissement\n\u00ab POMPES FUN\u00c8BRES LEVEQUE \u00bb\n11 Avenue du Docteur Mazen \u2013 Rue Ernest Reyer \u2013 83500 LA SEYNE-SUR-MER\ng\u00e9r\u00e9 par la SAS \u00ab POMPES FUN\u00c8BRES LEVEQUE \u00bb\nHabilitation N\u00b0 25-83-0136\nLe Pr\u00e9fet du Var,\nVu le code g\u00e9n\u00e9ral des collectivit\u00e9s territoriales  et notamment ses articles L2223-19, L2223-23 et  \nsuivants ;\nVu la loi n\u00b0 2008-1350 du 19 d\u00e9cembre 2008 relative \u00e0 la l\u00e9gislation fun\u00e9raire ;\nVu le d\u00e9cret du Pr\u00e9sident de la R\u00e9publique du 15 mai 2025, portant nomination de Monsieur  \nSimon BABRE, pr\u00e9fet du Var ;\nVu l'arr\u00eat\u00e9 pr\u00e9fectoral n\u00b0 2025/12/MCI du 2 juin 2025 portant d\u00e9l\u00e9gation de signature \u00e0 Monsieur  \nLucien GIUDICELLI, secr\u00e9taire g\u00e9n\u00e9ral de la pr\u00e9fecture du Var, sous-pr\u00e9fet de l'arrondissement de  \nToulon ;\nVu l'arr\u00eat\u00e9 pr\u00e9fectoral n\u00b0 DCL/BERG/2025/0233 du 31 d\u00e9cembre 2025, portant renouvellement de \nl'habilitation de l'\u00e9tablissement \u00ab POMPES FUN\u00c8BRES LEVEQUE \u00bb sis 11, avenue du docteur Mazen, \nRue Ernest Reyer \u00e0 La Seyne-sur-Mer (83500) ;\nVu l'arr\u00eat\u00e9 pr\u00e9fectoral n\u00b0 DCL/BERG/2026/0001 du 05 janvier 2026, modifiant l'habilitation de  \nl'\u00e9tablissement  \u00ab POMPES FUN\u00c8BRES LEVEQUE  \u00bb sis  11, avenue du docteur Mazen, Rue Ernest  \nReyer \u00e0 La Seyne-sur-Mer (83500) ;\nConsid\u00e9rant qu'une erreur mat\u00e9rielle est intervenue sur le num\u00e9ro d'habilitation, il convient de lire \n25-83-0136 et non 26-83-0136 ;\nSur proposition du secr\u00e9taire g\u00e9n\u00e9ral de la pr\u00e9fecture ;\nARR\u00caTE\nArticle 1  : L'\u00e9tablissement  \u00ab POMPES FUN\u00c8BRES LEVEQUE  \u00bb, situ\u00e9 11, avenue du docteur Mazen,  \nRue Ernest Reyer \u00e0 La Seyne-sur-Mer (83500), g\u00e9r\u00e9 par la SAS  \u00ab POMPES FUN\u00c8BRES LEVEQUE  \u00bb \ndont le si\u00e8ge est situ\u00e9 \u00e0 la m\u00eame adresse, repr\u00e9sent\u00e9 par son pr\u00e9sident, Monsieur Alexandre  \nDE CARLO, est habilit\u00e9e pour exercer les activit\u00e9s suivantes :\n1 - Transport de corps avant et apr\u00e8s mise en bi\u00e8re ,  en sous-traitance avec la soci\u00e9t\u00e9 \u00ab  POMPES \nFUN\u00c8BRES DELESSE \u00bb, sise 139 boulevard Saint-Anne \u00e0 Toulon (83000), habilit\u00e9e sous le num\u00e9ro  \n25-83-0213,\n2 - Organisation des obs\u00e8ques,\n1/2\nPr\u00e9fecture du VAR - 83-2026-01-30-00011 - ARR\u00caT\u00c9 PR\u00c9FECTORAL n\u00b0 DCL/BERG/2026/0023 du 30 janvier 2026 modifiant l'arr\u00eat\u00e9 n\u00b0\nDCL/BERG/2025/0233 du 31 d\u00e9cembre 2025\nportant renouvellement de l'habilitation de l'\u00e9tablissement\n\u00ab\u00a0POMPES FUN\u00c8BRES LEVEQUE\u00a0\u00bb\n11 Avenue du Docteur Mazen - Rue Ernest Reyer - 83500 LA SEYNE-SUR-MER\ng\u00e9r\u00e9 par la SAS \u00ab\u00a0POMPES FUN\u00c8BRES LEVEQUE\u00a0\u00bb\nHabilitation N\u00b0 25-83-0136\n23\n3 - Soins de con servation, en sous-traitance avec la soci\u00e9t\u00e9 \u00ab  OL\u00c9A SERVICES FUN\u00c9RAIRES  \u00bb, sise \n51 Avenue des Anciens Combattants d'Indochine \u00e0 La Seyne-sur-Mer (83500), habilit\u00e9e sous le  \nnum\u00e9ro 22-83-0097 ,\n4 - Fourniture  des  housses,  cercueils  et  accessoires  int\u00e9rieur  et  ext\u00e9rieur  ainsi  que  des  urnes\ncin\u00e9raires,\n6 - Gestion et utilisation d'une chambre fun\u00e9raire,\n7 - Fourniture des corbillards et voitures de deuil ,  en sous-traitance avec la soci\u00e9t\u00e9 \u00ab  POMPES \nFUN\u00c8BRES DELESSE \u00bb, sise 139 boulevard Saint-Anne \u00e0 Toulon (83000), habilit\u00e9e sous le num\u00e9ro  \n25-83-0213,\n8 - Fourniture de personnel et des objets et prestations n\u00e9cessaires aux obs\u00e8ques, inhumations,  \nexhumations et cr\u00e9mations, en sous-traitance avec la soci\u00e9t\u00e9 \u00ab POMPES FUN\u00c8BRES DELESSE \u00bb, sise \n139 boulevard Saint-Anne \u00e0 Toulon (83000), habilit\u00e9e sous le num\u00e9ro 25-83-0213.\nArticle 2     : L'habilitation porte le num\u00e9ro 25-83-0136.\nArticle 3     : La pr\u00e9sente habilitation est accord\u00e9e  pour une dur\u00e9e de cinq ans \u00e0 compter du 1 er \njanvier 2026, soit jusqu'au 31 d\u00e9cembre 2030 inclus.\nPour solliciter le renouvellement de la pr\u00e9sente habilitation, le b\u00e9n\u00e9ficiaire devra faire parvenir sa  \ndemande en pr\u00e9fecture au plus tard deux mois avant sa date de fin de validit\u00e9.\nArticle 4     : Conform\u00e9ment aux articles L.2223-25, R.2223-64 et  D.2223-87 du code g\u00e9n\u00e9ral des  \ncollectivit\u00e9s territoriales, et \u00e0 d\u00e9faut de la production, dans les meilleurs d\u00e9lais, des justificatifs de  \nconformit\u00e9 des \u00e9quipements, la pr\u00e9sente habilitation pourra \u00eatre suspendue pour une dur\u00e9e  \nmaximale d'un an ou retir\u00e9e, apr\u00e8s mise en demeure, pour les motifs suivants :\n- non-respect des conditions de sa d\u00e9livrance telles qu'elles sont d\u00e9finies par les dispositions du  \ncode g\u00e9n\u00e9ral des collectivit\u00e9s territoriales ;\n- non exercice ou cessation d'exercice des activit\u00e9s au titre desquelles elle a \u00e9t\u00e9 d\u00e9livr\u00e9e ;\n- atteinte \u00e0 l'ordre public ou danger pour la salubrit\u00e9 publique.\nDans les cas o\u00f9 le b\u00e9n\u00e9ficiaire est un d\u00e9l\u00e9gataire, le retrait d'habilitation entra\u00eene la d\u00e9ch\u00e9ance  \ndes d\u00e9l\u00e9gations.\nArticle   5  : L'arr\u00eat\u00e9 pr\u00e9fectoral n\u00b0 DCL/BERG/2026/0001 du 5 janvier 2026 est abrog\u00e9, \u00e0 compter  \nde la date de notification de pr\u00e9sent arr\u00eat\u00e9.\nArticle   6     : Le secr\u00e9taire g\u00e9n\u00e9ral de la pr\u00e9fecture du Var est charg\u00e9 de l'ex\u00e9cution du pr\u00e9sent arr\u00eat\u00e9 \nqui sera publi\u00e9 au recueil des actes administratifs de la pr\u00e9fecture du Var et dont une copie sera  \nadress\u00e9e au maire de la commune de La Seyne-sur-Mer pour information.\nFait \u00e0 Toulon, le 30 janvier 2026\nPour le pr\u00e9fet et par d\u00e9l\u00e9gation,\nle secr\u00e9taire g\u00e9n\u00e9ral,\nSign\u00e9\nLucien GIUDICELLI\nDans un d\u00e9lai de deux mois \u00e0 compter de la date de la notification ou de la publication du pr\u00e9sent arr\u00eat\u00e9 au recueil des actes administratifs de la \npr\u00e9fecture, les recours suivants peuvent \u00eatre introduits conform\u00e9ment aux dispositions des articles R. 421-1 et suivants du code de justice \nadministrative :\n- un recours gracieux, adress\u00e9 \u00e0 :\nM. le Pr\u00e9fet du Var - Boulevard du 112\u00e8me r\u00e9giment d'infanterie - CS 31209 - 83070 TOULON CEDEX\n- un recours hi\u00e9rarchique, adress\u00e9 au(x) ministre(s) concern\u00e9(s) ;\nDans ces deux cas, le silence de l'Administration vaut rejet implicite au terme d'un d\u00e9lai de deux mois.\nApr\u00e8s un recours gracieux ou hi\u00e9rarchique, le d\u00e9lai du recours contentieux ne court qu'\u00e0 compter du rejet explicite ou implicite de l'un de ces \nrecours.\n- un recours contentieux, en saisissant le Tribunal Administratif de Toulon : 5 rue Racine -BP 40510 - 83 041 TOULON CEDEX 9\nLe tribunal administratif peut \u00eatre saisi par l'application informatique \u00ab T\u00e9l\u00e9cours \u00bb accessible par le site internet www.telecours.fr.\n2/2\nPr\u00e9fecture du VAR - 83-2026-01-30-00011 - ARR\u00caT\u00c9 PR\u00c9FECTORAL n\u00b0 DCL/BERG/2026/0023 du 30 janvier 2026 modifiant l'arr\u00eat\u00e9 n\u00b0\nDCL/BERG/2025/0233 du 31 d\u00e9cembre 2025\nportant renouvellement de l'habilitation de l'\u00e9tablissement\n\u00ab\u00a0POMPES FUN\u00c8BRES LEVEQUE\u00a0\u00bb\n11 Avenue du Docteur Mazen - Rue Ernest Reyer - 83500 LA SEYNE-SUR-MER\ng\u00e9r\u00e9 par la SAS \u00ab\u00a0POMPES FUN\u00c8BRES LEVEQUE\u00a0\u00bb\nHabilitation N\u00b0 25-83-0136\n24","date":"2026-01-30","first_seen_on":"2026-01-30T16:26:52+00:00","id":"b03fc7c10ffffdcdd2b73cc072edcf479a059584e77da39843c5068767759b7d","name":"RAA N\u00b040 du 30 janvier 2026","pdf_creation_date":"2026-01-30T15:26:16+00:00","pdf_modification_date":null,"timezone":"Europe/Paris","url":"https://www.var.gouv.fr/contenu/telechargement/44730/292001/file/RAA%20N%C2%B040%20du%2030%20janvier%202026%20(Actes%20nominatifs).pdf"}
